{"course_choice": [], "epoch_created": 1623858214.201183, "package_choice": [], "date_ministry_approval": 1633515597.108086, "competency": {"equality": [], "educational_competence": [], "creative_thinking": [], "sustainability": [], "foreign_societies": [], "health": [], "icelandic_society_norms": [], "democracy_and_human_rights": [], "numbers_and_information": []}, "user_id": "060559bb-2dc0-4d56-be60-2cd7a0abe119", "is_ministry_rejected": false, "title": "F\u00e9lagsli\u00f0ag\u00e1tt (Sta\u00f0festingarn\u00famer 511)", "ministry_serial": "21-511-2-1720", "version": "None-118", "status_trans": "Votta\u00f0 af MMS", "date_last_sent_to_ministry": 1633510924.626503, "evaluation": "N\u00e1ms\u00e1rangur er metinn \u00fat fr\u00e1 h\u00e6fnivi\u00f0mi\u00f0um (l\u00e6rd\u00f3msvi\u00f0mi\u00f0um) n\u00e1msins og er l\u00fdst \u00ed kennslu\u00e1\u00e6tlun me\u00f0 \u00e1herslu \u00e1 lei\u00f0sagnamat og endurgj\u00f6f. Vi\u00f0 mat \u00e1 h\u00e6fni sko\u00f0ast \u00fe\u00e1tttaka nema auk m\u00e6likvar\u00f0a \u00e1 hva\u00f0a \u00feekkingu og leikni nemi \u00feurfi a\u00f0 b\u00faa yfir til a\u00f0 vera f\u00e6r um a\u00f0 gera \u00fea\u00f0 sem l\u00fdst er \u00ed h\u00e6fnivi\u00f0mi\u00f0um.\n<br>\u00c1hersla er l\u00f6g\u00f0 \u00e1 a\u00f0 lei\u00f0beinandi og nemar fari sem oftast yfir \u00fea\u00f0 sem hefur \u00e1unnist og hvernig nemum gangi a\u00f0 n\u00e1 h\u00e6fnivi\u00f0mi\u00f0um n\u00e1msins. N\u00e1msmat n\u00fdtist sem sta\u00f0festing \u00e1 n\u00e1ms\u00e1rangri og sem l\u00e6rd\u00f3mur, hvatning og endurgj\u00f6f \u00e1 n\u00e1mst\u00edmanum. \n<br> N\u00e1mi\u00f0 er a\u00f0 fullu meti\u00f0 til n\u00e1msloka f\u00e9lagsli\u00f0a \u00e1 \u00feri\u00f0ja h\u00e6fni\u00ferepi. V\u00edsast \u00ed \u00fev\u00ed samhengi til greinar af vef stj\u00f3rnarr\u00e1\u00f0sins fr\u00e1 28. apr\u00edl 2020 (sj\u00e1 pdf skjal \u00e1 vef FA). \n\n<br>Til a\u00f0 lj\u00faka n\u00e1ms\u00fe\u00e1ttum \u00feessarar n\u00e1mskr\u00e1r og f\u00e1 \u00fe\u00e1 metna inn \u00ed \u00e1framhaldandi n\u00e1m til n\u00e1msloka fyrir f\u00e9lagsli\u00f0a, \u00e1 \u00feri\u00f0ja h\u00e6fni\u00ferepi, \u00feurfa nemar a\u00f0 uppfylla 50% h\u00e6fnivi\u00f0mi\u00f0a hvers n\u00e1ms\u00fe\u00e1ttar hi\u00f0 minnsta.", "status": "approved by ministry", "core": [{"courses": [{"exemplary": null, "topics": "Um\u00f6nnun, a\u00f0hlynning", "abbreviation": "F-ASUM2UA", "former_schools": null, "subject": "A\u00f0sto\u00f0 og um\u00f6nnun", "title": "A\u00f0sto\u00f0 og um\u00f6nnun", "version": 5, "status_trans": "Sam\u00feykkt af sk\u00f3la", "embedded_subject": {"abbreviation": "ASUM", "topics": [{"abbreviation": "UH", "topics": ["Hj\u00e1lpart\u00e6ki", "Um\u00f6nnun"]}, {"abbreviation": "UA", "topics": ["Um\u00f6nnun", "a\u00f0hlynning"]}], "_id": "588883e662933a4e9200d14d", "subjects": ["A\u00f0sto\u00f0 og um\u00f6nnun"], "counter": {"1": 0, "3": 0, "2": 4, "4": 0}}, "evaluation": "S\u00edmat me\u00f0 fj\u00f6lbreyttum matsa\u00f0fer\u00f0um, munnlegum og skriflegum, me\u00f0 \u00e1herslu \u00e1 lei\u00f0sagnarmat sem byggir \u00e1 vinnu og virkni nema. Verkefni \u00ed formi einstaklings-, h\u00f3pa-, umr\u00e6\u00f0u- og netverkefna, auk verklegra \u00e6finga. ", "categorization_suggestion": null, "embedded_topics": {"abbreviation": "UA", "topics": ["Um\u00f6nnun", "a\u00f0hlynning"]}, "status": "approved by school", "description": "N\u00e1ms\u00fe\u00e1tturinn fjallar um helstu atri\u00f0i var\u00f0andi l\u00edkamlega um\u00f6nnun og a\u00f0hlynningu einstaklinga me\u00f0 skerta sj\u00e1lfsbjargargetu. Fr\u00e6\u00f0sla og \u00fej\u00e1lfun \u00ed a\u00f0 nota einf\u00f6ld hj\u00fakrunart\u00e6ki auk hj\u00e1lpar- og sto\u00f0t\u00e6kja. Fjalla\u00f0 er um mikilv\u00e6gi s\u00fdkingavarna vi\u00f0 um\u00f6nnunarst\u00f6rf. Kynntir eru algengir sj\u00fakd\u00f3mar \u00e1 bor\u00f0 vi\u00f0 smitsj\u00fakd\u00f3ma, hjarta- og \u00e6\u00f0asj\u00fakd\u00f3ma, sykurs\u00fdki og krabbamein. Nemar f\u00e1 g\u00f3\u00f0a inns\u00fdn \u00ed kerfi almannatrygginga og helstu reglur er var\u00f0a a\u00f0gengi a\u00f0 almannatryggingum. Gefin er greinarg\u00f3\u00f0 inns\u00fdn \u00ed skipulag heima\u00fej\u00f3nustu.", "knowledge_goals": ["hvernig sj\u00e1lfsbjargargeta f\u00f3lks er metin", "lei\u00f0um til a\u00f0 a\u00f0sto\u00f0a og t\u00falka \u00f3skir einstaklinga vi\u00f0 grundvallarathafnir daglegs l\u00edfs", "notkun algengra hj\u00fakrunar-, hj\u00e1lpar- og sto\u00f0t\u00e6kja", "umhir\u00f0u h\u00fa\u00f0ar og v\u00f6rnum gegn myndun s\u00fdkinga og legus\u00e1ra", "tannburstun og m\u00f6tun", "a\u00f0sto\u00f0 vi\u00f0 heyrnarskerta, sj\u00f3nskerta, blinda og daufblinda", "almannatryggingum", "a\u00f0gengi og ferlim\u00e1lum."], "skills_goals": ["styrkja og hverja einstaklinga til f\u00e9lagslegrar virkni og \u00fe\u00e1ttt\u00f6ku \u00ed samf\u00e9laginu", "a\u00f0sto\u00f0a einstaklinga vi\u00f0 grundvallarathafnir daglegs l\u00edfs og sty\u00f0ja til sj\u00e1lfshj\u00e1lpar", "nota algeng hj\u00e1lpar- og sto\u00f0t\u00e6ki", "a\u00f0sto\u00f0a einstaklinga vi\u00f0 munnumhir\u00f0u og a\u00f0 matast", "a\u00f0sto\u00f0a f\u00f3lk me\u00f0 heyrnar- og sj\u00f3nsker\u00f0ingar", "sko\u00f0a a\u00f0gengi a\u00f0 byggingum."], "credits": 100, "last_modified": 1624370367.299081, "schools": ["524aa78b62933a493f000366"], "coauthors": null, "instructions": "", "continued_education": true, "level": 2, "prerequisites": "A\u00f0gangur a\u00f0 n\u00e1mslei\u00f0inni - mat fr\u00e6\u00f0slua\u00f0ila", "author": "060559bb-2dc0-4d56-be60-2cd7a0abe119", "abbreviation_version": null, "competence_goals": [["lesa \u00ed \u00fearfir og meta sj\u00e1lfsbjargargetu f\u00f3lks", ""], ["framkv\u00e6ma a\u00f0ger\u00f0ir eins og a\u00f0 m\u00e6la hita og t\u00e6ma \u00fevagpoka", ""], ["a\u00f0sto\u00f0a einstaklinga vi\u00f0 almenna umhir\u00f0u og notkun sto\u00f0t\u00e6kja", ""], ["annast einstaklinga me\u00f0 sj\u00fakd\u00f3ma og breg\u00f0ast vi\u00f0 a\u00f0st\u00e6\u00f0um sem geta komi\u00f0 upp", ""], ["a\u00f0sto\u00f0a f\u00f3lk vi\u00f0 a\u00f0 leita uppl\u00fdsinga um r\u00e9ttindi s\u00edn", ""], ["sko\u00f0a og bera saman a\u00f0gengi fatla\u00f0s f\u00f3lks.", ""]], "_id": "60d1ecbfe3d27f91c8000a0d"}, {"exemplary": null, "topics": "fagenska", "abbreviation": "F-ENSK2FK", "former_schools": null, "subject": "enska", "title": "Enska fyrir f\u00e9lagsli\u00f0a", "version": 79, "status_trans": "Sam\u00feykkt af sk\u00f3la", "embedded_subject": {"abbreviation": "ENSK", "topics": [{"abbreviation": "GS", "topics": ["grunnatri\u00f0i", "samt\u00f6l"]}, {"abbreviation": "OO", "topics": ["or\u00f0ab\u00f3k", "or\u00f0afor\u00f0i"]}, {"abbreviation": "MM", "topics": ["myndas\u00f6gur", "myndb\u00f6nd"]}, {"abbreviation": "TL", "topics": ["lagatextar", "t\u00f3nlist"]}, {"abbreviation": "FR", "topics": ["ferilsverkefni", "ritunarverkefni"]}, {"abbreviation": "TS", "topics": ["myndm\u00e1l", "ritger\u00f0", "st\u00edlar", "textar"]}, {"abbreviation": "RH", "topics": ["hlustun", "m\u00e1lnotkun", "undirst\u00f6\u00f0uatri\u00f0i \u00ed ritun"]}, {"abbreviation": "SM", "topics": ["m\u00fas\u00edk og myndir 1950-70", "s\u00f6gur"]}, {"abbreviation": "BR", "topics": ["bretland"]}, {"abbreviation": "K\u00c1", "topics": ["kanada", "\u00e1stral\u00eda og n\u00fdja sj\u00e1land"]}, {"abbreviation": "SB", "topics": ["shakespeare og 19. \u00f6ldin \u00ed b\u00f3kmenntum"]}, {"abbreviation": "B\u00d3", "topics": ["b\u00f3kmenntir 20. aldar"]}, {"abbreviation": "KV", "topics": ["kvikmynda\u00e1fangi"]}, {"abbreviation": "AB", "topics": ["afr\u00edsk-amer\u00edskar b\u00f3kmenntir"]}, {"abbreviation": "U\u00c1", "topics": ["undirb\u00faningur", "\u00e1fangi"]}, {"abbreviation": "MT", "topics": ["m\u00e1lfr\u00e6\u00f0i", "tj\u00e1ning"]}, {"abbreviation": "MS", "topics": ["menning", "skapandi skrif"]}, {"abbreviation": "KR", "topics": ["kvikmyndir", "ritun"]}, {"abbreviation": "HR", "topics": ["heimildavinna", "ritger\u00f0ir"]}, {"abbreviation": "FF", "topics": ["fagm\u00e1l", "f\u00e9lagsv\u00edsinda"]}, {"abbreviation": "VE", "topics": ["enska", "vi\u00f0skipta"]}, {"abbreviation": "RE", "topics": ["enska", "raungreinar"]}, {"abbreviation": "BM", "topics": ["b\u00f3kmenntir", "m\u00e1lsaga"]}, {"abbreviation": "LB", "topics": ["b\u00f3kmenntir", "leik"]}, {"abbreviation": "UP", "topics": ["pr\u00f3f", "undirb\u00faningur"]}, {"abbreviation": "EN", "topics": ["enska fyrir fer\u00f0agreinar"]}, {"abbreviation": "FE", "topics": ["enska fyrir fer\u00f0a\u00fej\u00f3nustu"]}, {"abbreviation": "ST", "topics": ["evr\u00f3pski tungum\u00e1laramminn", "stig b1-b2"]}, {"abbreviation": "SE", "topics": ["evr\u00f3pski tungum\u00e1laramminn", "stig b2"]}, {"abbreviation": "ES", "topics": ["evr\u00f3pski tungum\u00e1laramminn", "stig b2-c1"]}, {"abbreviation": "EV", "topics": ["evr\u00f3pski tungum\u00e1laramminn", "stig c1"]}, {"abbreviation": "BF", "topics": ["b2", "evr\u00f3pski tungum\u00e1laramminn", "fer\u00f0a\u00fej\u00f3nuta"]}, {"abbreviation": "FH", "topics": ["evr\u00f3pski tungum\u00e1laramminn", "framhald", "stig c1"]}, {"abbreviation": "GR", "topics": ["grunn\u00e1fangi"]}, {"abbreviation": "FG", "topics": ["enska fyrir matv\u00e6lagreinar"]}, {"abbreviation": "LS", "topics": ["lestur", "m\u00e1lfr\u00e6\u00f0i", "or\u00f0afor\u00f0i", "skilningur"]}, {"abbreviation": "LT", "topics": ["lestur", "or\u00f0afor\u00f0i", "talm\u00e1l"]}, {"abbreviation": "BL", "topics": ["b\u00f3kmenntir", "lesskilningur", "ritun"]}, {"abbreviation": "BS", "topics": ["b\u00f3kmenntir", "menning", "saga"]}, {"abbreviation": "HA", "topics": ["hagn\u00fdtur or\u00f0afor\u00f0i. l\u00e6si \u00e1 fl\u00f3knari texta."]}, {"abbreviation": "OF", "topics": ["grunnor\u00f0afor\u00f0i fr\u00e6\u00f0a og v\u00edsinda.. menningarheimur nor\u00f0ur amer\u00edku"]}, {"abbreviation": "UN", "topics": ["undirb\u00fanings\u00e1fangi \u00ed ensku"]}, {"abbreviation": "LM", "topics": ["lestur og menning", "tj\u00e1ning"]}, {"abbreviation": "TM", "topics": ["menning", "tj\u00e1ning og skapandi skrif"]}, {"abbreviation": "MB", "topics": ["b\u00f3kmenntir", "menning og ritun"]}, {"abbreviation": "EX", "topics": ["extensive vocabulary and expression"]}, {"abbreviation": "ML", "topics": ["m\u00e1lnotkun og l\u00e6si"]}, {"abbreviation": "AA", "topics": ["akadem\u00edskur or\u00f0afor\u00f0i", "fj\u00f6lbreyttir textar", "fyrsti \u00e1fangi \u00ed ensku."]}, {"abbreviation": "YN", "topics": ["yndislestur"]}, {"abbreviation": "BB", "topics": ["akadem\u00edskur or\u00f0afor\u00f0i", "annar \u00e1fangi \u00ed ensku.", "fj\u00f6lbreyttir textar"]}, {"abbreviation": "FA", "topics": ["fagor\u00f0afor\u00f0i"]}, {"abbreviation": "AH", "topics": ["akadem\u00edskur or\u00f0afor\u00f0i", "fj\u00f6lbreyttir textar. hra\u00f0fer\u00f0 \u00ed ensku."]}, {"abbreviation": "BH", "topics": ["akadem\u00edskur or\u00f0afor\u00f0i", "fj\u00f6lbreyttir textar. \u00f6nnur hra\u00f0fer\u00f0 \u00ed ensku."]}, {"abbreviation": "EE", "topics": ["b\u00f3kmenntir", "fj\u00f6lmi\u00f0latextar."]}, {"abbreviation": "LR", "topics": ["lestur", "ritun", "tj\u00e1ning og hlustun"]}, {"abbreviation": "DD", "topics": ["b\u00f3kmenntir"]}, {"abbreviation": "M\u00c1", "topics": ["m\u00e1lfr\u00e6\u00f0i a"]}, {"abbreviation": "CC", "topics": ["b\u00f3kmenntir", "krefjandi or\u00f0afor\u00f0i", "ritun"]}, {"abbreviation": "CH", "topics": ["krefjandi or\u00f0afor\u00f0i"]}, {"abbreviation": "L\u00c9", "topics": ["l\u00e9ttlestur"]}, {"abbreviation": "OH", "topics": ["hlustun", "or\u00f0afor\u00f0i", "talm\u00e1l og ritun"]}, {"abbreviation": "LO", "topics": ["lesskilningur", "m\u00e1lfr\u00e6\u00f0i", "or\u00f0afor\u00f0i"]}, {"abbreviation": "MO", "topics": ["m\u00e1lfr\u00e6\u00f0i", "or\u00f0afor\u00f0i", "stig b1 \u00ed evr\u00f3pska tungum\u00e1larammanum"]}, {"abbreviation": "OB", "topics": ["b\u00f3kmenntir", "or\u00f0afor\u00f0i", "stig b2 \u00ed evr\u00f3pska tungum\u00e1larammanum"]}, {"abbreviation": "RB", "topics": ["b\u00f3kmenntir", "ritun"]}, {"abbreviation": "RL", "topics": ["lestur", "m\u00e1lfr\u00e6\u00f0i", "ritun og or\u00f0afor\u00f0i"]}, {"abbreviation": "SG", "topics": ["Lestur", "m\u00e1lfr\u00e6\u00f0i", "or\u00f0afor\u00f0i", "ritun", "tal"]}, {"abbreviation": "RM", "topics": ["Ritun", "b\u00f3kmenntir", "m\u00e1lnotkun"]}, {"abbreviation": "RO", "topics": ["Ritun", "b\u00f3kmenntir", "menning", "or\u00f0afor\u00f0i"]}, {"abbreviation": "SR", "topics": ["Menning", "akadem\u00edskur or\u00f0afor\u00f0i", "ritun", "saga"]}, {"abbreviation": "AE", "topics": ["Almenn akadem\u00edsk enska", "b\u00f3kmenntir", "ritun"]}, {"abbreviation": "SA", "topics": ["S\u00e9rh\u00e6f\u00f0 akadem\u00edsk enska", "b\u00f3kmenntir", "ritun"]}, {"abbreviation": "VR", "topics": ["V\u00edsindaor\u00f0afor\u00f0i", "raungreinar"]}, {"abbreviation": "VH", "topics": ["Vi\u00f0skipti", "erlend samskipti og vi\u00f0skiptah\u00e6ttir"]}, {"abbreviation": "AK", "topics": ["Kennsla", "a\u00f0sto\u00f0 vi\u00f0 nemendur", "ger\u00f0 kennsluefnis"]}, {"abbreviation": "DF", "topics": ["Kvikmyndir. Film Course."]}, {"abbreviation": "SK", "topics": ["enska fyrir fer\u00f0a\u00fej\u00f3nustu", "skapandi skrif"]}, {"abbreviation": "FT", "topics": ["lestur fr\u00e6\u00f0ilegra texta"]}, {"abbreviation": "VT", "topics": ["Lestur enskra vi\u00f0skiptatexta"]}, {"abbreviation": "RT", "topics": ["Lestur enskra raunv\u00edsindatexta"]}, {"abbreviation": "\u00cdT", "topics": ["Lestur \u00ed\u00fer\u00f3ttafr\u00e6\u00f0ilegra texta"]}, {"abbreviation": "TO", "topics": ["Tolkien"]}, {"abbreviation": "RI", "topics": ["Ritun"]}, {"abbreviation": "HL", "topics": ["Hlustun"]}, {"abbreviation": "UE", "topics": ["Undirb\u00fanings\u00e1fangi \u00ed ensku"]}, {"abbreviation": "UH", "topics": ["Undirb\u00faningur fyrir h\u00e1sk\u00f3lan\u00e1m"]}, {"abbreviation": "TJ", "topics": ["Tj\u00e1ning"]}, {"abbreviation": "OM", "topics": ["Or\u00f0afor\u00f0i", "m\u00e1lfr\u00e6\u00f0i", "m\u00e1lnotkun"]}, {"abbreviation": "TF", "topics": ["tj\u00e1ning og m\u00e1lnotkun"]}, {"abbreviation": "AM", "topics": ["Fr\u00e6\u00f0ilegur or\u00f0afor\u00f0i og Bandar\u00edkin"]}, {"abbreviation": "UK", "topics": ["Fr\u00e6\u00f0ilegur or\u00f0afor\u00f0i og Bretland"]}, {"abbreviation": "AC", "topics": ["Akadem\u00edskur or\u00f0afor\u00f0i og rauntextar"]}, {"abbreviation": "SL", "topics": ["Lestur", "menning og skrif"]}, {"abbreviation": "KK", "topics": ["Kvikmyndir og kynning"]}, {"abbreviation": "BA", "topics": ["L\u00fdsing: B\u00f3kmenntir 19. og 20.", "skrif og r\u00e6\u00f0uger\u00f0"]}, {"abbreviation": "OT", "topics": ["Or\u00f0afor\u00f0i", "ritun", "tj\u00e1ning"]}, {"abbreviation": "VM", "topics": ["V\u00edsindi og menning"]}, {"abbreviation": "BT", "topics": ["Bandar\u00edskt \u00fej\u00f3\u00f0f\u00e9lag og menning"]}, {"abbreviation": "MR", "topics": ["M\u00e1lfr\u00e6\u00f0i og ritun"]}, {"abbreviation": "LH", "topics": ["L\u00e6si \u00e1 fl\u00f3knari texta", "hagn\u00fdtur fj\u00f6lbreyttur or\u00f0afor\u00f0i"]}, {"abbreviation": "KB", "topics": ["Kvikmyndir", "b\u00f3kmenntir"]}, {"abbreviation": "OL", "topics": ["Lestur", "Menning", "M\u00e1lfr\u00e6\u00f0i", "Or\u00f0afor\u00f0i", "Ritun", "Tal"]}, {"abbreviation": "CL", "topics": ["Chic Literature and Women in Today\u2018s Society"]}, {"abbreviation": "CW", "topics": ["Creative Writing"]}, {"abbreviation": "OR", "topics": ["B\u00f3kmenntir (fj\u00f6lbreyttir textar)", "menning", "or\u00f0afor\u00f0i", "ranns\u00f3knir og ritun"]}, {"abbreviation": "OG", "topics": ["B\u00f3kmenntir", "lj\u00f3\u00f0agreining", "or\u00f0afor\u00f0i", "ritger\u00f0asm\u00ed\u00f0i og heimildavinna"]}, {"abbreviation": "BY", "topics": ["Lestur", "m\u00e1lfr\u00e6\u00f0i og m\u00e1lnotkun (byrjunar\u00e1fangi \u00ed ensku)", "ritun"]}, {"abbreviation": "DM", "topics": ["Enska Daglegt m\u00e1l"]}, {"abbreviation": "B\u00c1", "topics": ["b\u00f3kmenntir", "ritun", "tj\u00e1ning"]}, {"abbreviation": "HE", "topics": ["Hagn\u00fdt enska", "starfsbraut"]}, {"abbreviation": "RR", "topics": ["Enska \u00ed r\u00e6\u00f0u og riti"]}, {"abbreviation": "HO", "topics": ["Hagn\u00fdtur or\u00f0afor\u00f0i", "c1"]}, {"abbreviation": "FO", "topics": ["Fagor\u00f0afor\u00f0i og fer\u00f0am\u00e1l"]}, {"abbreviation": "EG", "topics": ["Enska 2 \u00e1 starfsbraut"]}, {"abbreviation": "SO", "topics": ["s\u00e9rh\u00e6f\u00f0ur or\u00f0afor\u00f0i"]}, {"abbreviation": "TR", "topics": ["Tj\u00e1ning", "or\u00f0afor\u00f0i", "ritun"]}, {"abbreviation": "\u00deS", "topics": ["\u00dej\u00f3nustust\u00f6rf"]}, {"abbreviation": "SF", "topics": ["Sagnfr\u00e6\u00f0i"]}, {"abbreviation": "T\u00d6", "topics": ["T\u00f6lvuleikir"]}, {"abbreviation": "JM", "topics": ["Fr\u00e1 hugmynd til \u00fatg\u00e1fu"]}, {"abbreviation": "MH", "topics": ["S\u00e9rh\u00e6f\u00f0 enska \u00ed myndlist og h\u00f6nnun"]}, {"abbreviation": "BO", "topics": ["B\u00f3kmenntir", "m\u00e1lfr\u00e6\u00f0i", "or\u00f0afor\u00f0i"]}, {"abbreviation": "VO", "topics": ["V\u00edsindatengdur or\u00f0afor\u00f0i"]}, {"abbreviation": "MV", "topics": ["M\u00e1lnotkun", "b\u00f3kmenntir", "vi\u00f0skipti"]}, {"abbreviation": "SV", "topics": ["m\u00e1lnotkun", "samf\u00e9lag", "vi\u00f0skipti"]}, {"abbreviation": "VI", "topics": ["m\u00e1lskilningur", "ritun", "vi\u00f0skiptaenska"]}, {"abbreviation": "EM", "topics": ["bresk menning", "b\u00f3kmenntir", "m\u00e1l"]}, {"abbreviation": "NV", "topics": ["v\u00edsindaenska"]}, {"abbreviation": "YL", "topics": ["Yndislestur"]}, {"abbreviation": "EH", "topics": ["Enska fyrir heilbrig\u00f0isgreinar"]}, {"abbreviation": "FV", "topics": ["F\u00e9lagsv\u00edsindi", "b\u00f3kmenntir"]}, {"abbreviation": "HK", "topics": ["Handrit", "kvikmyndager\u00f0"]}, {"abbreviation": "AO", "topics": ["Akadem\u00edskur or\u00f0afor\u00f0i"]}, {"abbreviation": "KS", "topics": ["Kvikmyndir og samf\u00e9lag"]}, {"abbreviation": "FB", "topics": ["Fantas\u00edub\u00f3kmenntir"]}, {"abbreviation": "MF", "topics": ["Menning og m\u00e1lfar"]}, {"abbreviation": "AF", "topics": ["Fantasy & Adventure"]}, {"abbreviation": "O\u00c1", "topics": ["Or\u00f0afor\u00f0i og \u00e1hugam\u00e1l"]}, {"abbreviation": "WP", "topics": ["Women of Centuries Past"]}, {"abbreviation": "GP", "topics": ["Girl Power"]}, {"abbreviation": "ME", "topics": ["Menning enskum\u00e6landi landa"]}, {"abbreviation": "GM", "topics": ["Dagleg m\u00e1lnotkun"]}, {"abbreviation": "H\u00c6", "topics": ["H\u00e6gfer\u00f0 I"]}, {"abbreviation": "HB", "topics": ["H\u00e6gfer\u00f0 II"]}, {"abbreviation": "ET", "topics": ["N\u00e1m og dv\u00f6l \u00ed \u00fatl\u00f6ndum. TOEFEL og SAT."]}, {"abbreviation": "MD", "topics": ["Undirb\u00fanings\u00e1fangi \u00ed ensku", "daglegt m\u00e1l", "m\u00e1lfr\u00e6\u00f0i", "starf \u00ed st\u00f3ri\u00f0ju."]}, {"abbreviation": "OD", "topics": ["Daglegt m\u00e1l", "m\u00e1lfr\u00e6\u00f0i", "or\u00f0afor\u00f0i"]}, {"abbreviation": "UF", "topics": ["Undirb\u00fainingur", "framhald"]}, {"abbreviation": "NL", "topics": ["N\u00fdsk\u00f6pun", "b\u00f3kmenntir", "listir"]}, {"abbreviation": "HT", "topics": ["Hlustun og tj\u00e1ning"]}, {"abbreviation": "LL", "topics": ["Lestur og lesskilningur"]}, {"abbreviation": "GO", "topics": ["Grunnor\u00f0afor\u00f0i"]}, {"abbreviation": "RS", "topics": ["Ritun og stafsetning"]}, {"abbreviation": "BC", "topics": ["Beonc\u00e9", "black history"]}, {"abbreviation": "VG", "topics": ["V\u00edsinda- og fagenska"]}, {"abbreviation": "BK", "topics": ["B\u00e6kur og kvikmyndir"]}, {"abbreviation": "FL", "topics": ["Fer\u00f0al\u00f6g og vi\u00f0fangsefni l\u00ed\u00f0andi stundar"]}, {"abbreviation": "XA", "topics": ["M\u00e1lskilningur", "lestur", "ritun og tj\u00e1ning"]}, {"abbreviation": "XB", "topics": ["M\u00e1lskilningur", "lestur", "ritun"]}, {"abbreviation": "XC", "topics": ["M\u00e1lskilningur", "lestur", "ritun og tal"]}, {"abbreviation": "HF", "topics": ["hagn\u00fdt enska (forn\u00e1m)"]}, {"abbreviation": "ER", "topics": ["enska \u00ed raunveruleikanum"]}, {"abbreviation": "FS", "topics": ["Fagenska \u00ed f\u00e9lagsv\u00edsindum"]}, {"abbreviation": "HS", "topics": ["Fagenska \u00ed vi\u00f0skiptum og hagfr\u00e6\u00f0i"]}, {"abbreviation": "N\u00c1", "topics": ["Fagenska \u00ed raunv\u00edsindum og t\u00e6kni"]}, {"abbreviation": "FM", "topics": ["Fagenska \u00ed fj\u00f6lmi\u00f0lum og marka\u00f0sfr\u00e6\u00f0i"]}, {"abbreviation": "TV", "topics": ["Fagenska \u00ed t\u00e6kni og v\u00edsindum"]}, {"abbreviation": "YE", "topics": ["Yndislestur \u00e1 ensku"]}, {"abbreviation": "GF", "topics": ["hlustun og tj\u00e1ning", "l\u00e6si", "ritun"]}, {"abbreviation": "UB", "topics": ["l\u00e6si", "ritun og hlustun", "tj\u00e1ning"]}, {"abbreviation": "\u00c1\u00c1", "topics": ["b\u00f3kmenntir", "f\u00e6rni", "lestur", "ritun"]}, {"abbreviation": "TT", "topics": ["Tungum\u00e1l", "T\u00f3mstundir"]}, {"abbreviation": "KT", "topics": ["Enska"]}, {"abbreviation": "WW", "topics": ["Enska 8 \u00e1 starfsbraut"]}, {"abbreviation": "AL", "topics": ["enska sem alheims m\u00e1l"]}, {"abbreviation": "AU", "topics": ["M\u00e1lfr\u00e6\u00f0i", "hlustun og tal"]}, {"abbreviation": "SZ", "topics": ["Enska \u00e1 starfsbraut"]}, {"abbreviation": "EO", "topics": ["Enska 2 - forn\u00e1m"]}, {"abbreviation": "CR", "topics": ["Art of Crime"]}, {"abbreviation": "PL", "topics": ["Pleasure reading"]}, {"abbreviation": "TN", "topics": ["T\u00f6lvunotkun og forritun"]}, {"abbreviation": "FN", "topics": ["Forritun og t\u00f6lvunotkun"]}, {"abbreviation": "CF", "topics": ["Crime Fiction"]}, {"abbreviation": "GA", "topics": ["Menning og mannl\u00edf"]}, {"abbreviation": "TG", "topics": ["enska M\u00c1"]}, {"abbreviation": "LA", "topics": ["Language and literature"]}, {"abbreviation": "DR", "topics": ["drama"]}, {"abbreviation": "NF", "topics": ["novel and film"]}, {"abbreviation": "HI", "topics": ["History and literature"]}, {"abbreviation": "MY", "topics": ["M\u00e1lnotkun og yndislestur"]}, {"abbreviation": "MK", "topics": ["m\u00e1lsv\u00e6\u00f0i og k\u00falt\u00far"]}, {"abbreviation": "FX", "topics": ["fagtextar"]}, {"abbreviation": "CU", "topics": ["Bresk menning"]}, {"abbreviation": "\u00cdA", "topics": ["Grunn\u00e1fangi"]}, {"abbreviation": "SC", "topics": ["Grunn\u00fe\u00e6ttir rita\u00f0s og tala\u00f0s m\u00e1ls"]}, {"abbreviation": "SD", "topics": ["Grunn\u00fe\u00e6ttir enskunnar", "lesskilningsverkefni", "menning og saga enskum\u00e6landi landa"]}, {"abbreviation": "SH", "topics": ["Grunn\u00fe\u00e6ttir enskunnar", "b\u00f3kmenntir", "menning og saga enskum\u00e6landi landa"]}, {"abbreviation": "SI", "topics": ["Grunn\u00fe\u00e6ttir enskunnar", "b\u00f3kmenntir", "lesskilningsverkefni", "menning og saga enskum\u00e6landi landa"]}, {"abbreviation": "SJ", "topics": ["Grunn\u00fe\u00e6ttir enskunnar", "b\u00f3kmenntir", "lesskilningsverkefni", "menning og saga enskum\u00e6landi landa", "m\u00e1lfr\u00e6\u00f0i\u00e6fingar"]}, {"abbreviation": "SN", "topics": ["Grunn\u00fe\u00e6ttir enskunnar", "b\u00f3kmenntir", "lesskilningsverkefni", "menning og saga enskum\u00e6landi landa", "m\u00e1lfr\u00e6\u00f0i- og or\u00f0afor\u00f0averkefni"]}, {"abbreviation": "SP", "topics": ["Grunn\u00fe\u00e6ttir enskunnar", "b\u00f3kmenntir", "menning og saga enskum\u00e6landi landa", "\u00fej\u00f3\u00f0f\u00e9lagsm\u00e1l"]}, {"abbreviation": "SS", "topics": ["Grunn\u00fe\u00e6ttir enskunnar", "b\u00f3kmenntir", "lesskilningsverkefni", "menning og saga enskum\u00e6landi landa", "\u00fej\u00f3\u00f0f\u00e9lagsm\u00e1l"]}, {"abbreviation": "EB", "topics": ["Enski boltinn"]}, {"abbreviation": "H\u00c1", "topics": ["H\u00e1sk\u00f3laenska"]}, {"abbreviation": "FK", "topics": ["fagenska"]}, {"abbreviation": "TK", "topics": ["T\u00f3nlist og kvikmyndir"]}, {"abbreviation": "F\u00d6", "topics": ["or\u00f0afor\u00f0i tengdur fer\u00f0al\u00f6gum"]}, {"abbreviation": "MG", "topics": ["M\u00e1lnotkun og grunnur"]}, {"abbreviation": "DO", "topics": ["daglegt l\u00edf", "or\u00f0afor\u00f0i"]}, {"abbreviation": "HH", "topics": ["H\u00famor og hamingja"]}, {"abbreviation": "NE", "topics": ["Enska fyrir n\u00e1tt\u00farufr\u00e6\u00f0i-", "raungreina- og heilbrig\u00f0isbrautir"]}], "_id": "50c0a02dd8e40575f7f6f488", "subjects": ["enska"], "counter": {"1": 108, "3": 87, "2": 78, "4": 1}}, "evaluation": "S\u00edmat me\u00f0 fj\u00f6lbreyttu lei\u00f0sagnarmati sem byggir \u00e1 vinnu og virkni nema og er samofi\u00f0 kennslu. Verkefni \u00ed formi einstaklings-, h\u00f3pa-, umr\u00e6\u00f0u- og netverkefna. ", "categorization_suggestion": null, "embedded_topics": {"abbreviation": "FK", "topics": ["fagenska"]}, "status": "approved by school", "description": "Tilgangur n\u00e1ms\u00fe\u00e1ttarins er \u00fej\u00e1lfun \u00ed tengslum vi\u00f0 fagensku fyrir f\u00e9lagsli\u00f0a. \n\nLestur og hlustun: Lesnar eru fagb\u00e6kur, t\u00edmarit og hlusta\u00f0 \u00e1 texta me\u00f0 \u00e1herslu \u00e1 einfaldara m\u00e1l og or\u00f0afor\u00f0a daglegs l\u00edfs. Einnig eru lesnar greinar \u00e1 fagsvi\u00f0i og hlusta\u00f0 \u00e1 tengt efni, t.d. fyrirlestra af netinu og fleira. \n\nRitun: Ritunarverkefni eru tengd reynslu \u00far daglegu l\u00edfi og er notast vi\u00f0 \u00f3hef\u00f0bundnar kennslua\u00f0fer\u00f0ir sem mi\u00f0a a\u00f0 \u00fev\u00ed a\u00f0 horfa \u00fat fyrir \u201ekennslustofuna\u201c. Nemar \u00fej\u00e1lfast \u00ed ritun dagb\u00f3ka og \u00fej\u00e1lfast \u00ed or\u00f0afor\u00f0a og ritun or\u00f0a.\n\nTj\u00e1ning: Nemar gera verkefni sem byggja \u00e1 \u00feeirra eigin reynsluheimi og taka munnleg pr\u00f3f \u00far innihaldi hagn\u00fdtra texta. \u00dej\u00e1lfun \u00ed a\u00f0 halda stutta fyrirlestra og gera tal\u00e6fingar \u00ed t\u00edmum.\n\nM\u00e1lfr\u00e6\u00f0i og stafsetning: Upprifjun \u00e1 grunnatri\u00f0um m\u00e1lfr\u00e6\u00f0i \u00ed tengslum vi\u00f0 hagn\u00fdta \u00fe\u00e6tti og unni\u00f0 me\u00f0 hana \u00ed tengslum vi\u00f0 lestur, ritun og tj\u00e1ningu.\n\nOr\u00f0afor\u00f0i:. Unni\u00f0 me\u00f0 s\u00e9rt\u00e6kan fagor\u00f0afor\u00f0a sem \u00fej\u00e1lfar og au\u00f0veldar nemum a\u00f0 b\u00e6ta vi\u00f0 sig menntun a\u00f0 loknu \u00feessu n\u00e1mi. Auk \u00feess er fari\u00f0 \u00ed fr\u00e6\u00f0ilegan (akadem\u00edskan) or\u00f0afor\u00f0a. \n", "knowledge_goals": ["n\u00fdjum or\u00f0afor\u00f0a", "geta nota\u00f0 helstu m\u00e1lfr\u00e6\u00f0iatri\u00f0i \u00e1 r\u00e9ttan h\u00e1tt \u00ed m\u00e6ltu og ritu\u00f0u m\u00e1li", "ritun texta \u00e1 ensku", "tj\u00e1ningu \u00e1 ensku", "hlustun \u00e1 ensku.", "segja fr\u00e1 innihaldi almenns texta \u00ed a\u00f0alatri\u00f0um"], "skills_goals": ["lesa og skilja texta \u00e1 einfaldara m\u00e1li svo sem bla\u00f0agreinar, b\u00e6klinga og sk\u00e1lds\u00f6gur til a\u00f0 auka \u00e1 or\u00f0afor\u00f0a og afla uppl\u00fdsinga", "undirb\u00faa og flytja stuttar kynningar (fr\u00e1sagnir) um vali\u00f0 efni", "skrifa texta um kunnugleg m\u00e1lefni", "hlusta \u00e1 enska tungu og skilja inntak efnisins."], "credits": 100, "last_modified": 1624371639.453201, "schools": ["524aa78b62933a493f000366"], "coauthors": null, "instructions": "", "continued_education": true, "level": 2, "prerequisites": "Enska \u00e1 fyrsta \u00ferepi e\u00f0a grunnsk\u00f3lapr\u00f3f me\u00f0 B (7 e\u00f0a h\u00e6rra)", "author": "060559bb-2dc0-4d56-be60-2cd7a0abe119", "abbreviation_version": null, "competence_goals": [["tala og skrifa \u00e1 vi\u00f0eigandi h\u00e1tt um kunnuglegt efni \u00fat fr\u00e1 mismunandi a\u00f0st\u00e6\u00f0um", ""], ["beita m\u00e1linu eftir a\u00f0st\u00e6\u00f0um me\u00f0 \u00fev\u00ed a\u00f0 segja fr\u00e1 eigin reynslu", ""], ["hlusta eftir uppl\u00fdsingum og nota \u00ed umr\u00e6\u00f0um um fagtengd m\u00e1lefni", ""], ["nota hj\u00e1lparg\u00f6gn vi\u00f0 skrif \u00e1 samfelldum texta, svo sem or\u00f0ab\u00e6kur og lei\u00f0r\u00e9ttingarforrit", ""], ["geta skili\u00f0 samr\u00e6\u00f0ur \u00ed mismunandi a\u00f0st\u00e6\u00f0um", ""], ["greina fr\u00e1 a\u00f0alatri\u00f0um \u00fdmis konar texta og finna uppl\u00fdsingar \u00ed texta til a\u00f0 svara einf\u00f6ldum spurningum.", ""]], "_id": "60d1f1b7e3d27f91c8000a8c"}, {"exemplary": null, "topics": "M\u00e1lefni fatla\u00f0ra \u00ed s\u00f6gulegu lj\u00f3si", "abbreviation": "F-F\u00d6FR2MF", "former_schools": null, "subject": "F\u00f6tlunarfr\u00e6\u00f0i", "title": "Fatlanir og samf\u00e9lagi\u00f0", "version": 3, "status_trans": "Sam\u00feykkt af sk\u00f3la", "embedded_subject": {"abbreviation": "F\u00d6FR", "topics": [{"abbreviation": "MF", "topics": ["M\u00e1lefni fatla\u00f0ra \u00ed s\u00f6gulegu lj\u00f3si"]}], "_id": "5eeb62e9e3d27f7bd00005df", "subjects": ["F\u00f6tlunarfr\u00e6\u00f0i"], "counter": {"1": 2, "3": 0, "2": 2, "4": 0}}, "evaluation": "Fj\u00f6lbreytt lei\u00f0sagnarmat samofi\u00f0 kennslu, byggir \u00e1 vinnu og virkni nema. Verkefni \u00ed formi einstaklings-, h\u00f3pa-, umr\u00e6\u00f0u- og netverkefni.", "categorization_suggestion": null, "embedded_topics": {"abbreviation": "MF", "topics": ["M\u00e1lefni fatla\u00f0ra \u00ed s\u00f6gulegu lj\u00f3si"]}, "status": "approved by school", "description": "Fjalla\u00f0 er um \u00fer\u00f3un \u00ed m\u00e1lefnum fatla\u00f0ra \u00ed s\u00f6gulegu lj\u00f3si og \u00f3l\u00edka hugmyndafr\u00e6\u00f0i a\u00f0 baki \u00fej\u00f3nustu sem f\u00f6tlu\u00f0um er veitt. Einnig er fjalla\u00f0 um lagalegan- og si\u00f0fer\u00f0ilegan r\u00e9tt f\u00f3lks me\u00f0 f\u00f6tlun til \u00fej\u00f3nustu, m.a. til menntunar, b\u00fasetu og atvinnu\u00fe\u00e1ttt\u00f6ku. Sko\u00f0u\u00f0 er \u00fdmis \u00fej\u00f3nusta fyrir f\u00f3lk me\u00f0 s\u00e9r\u00fearfir og sj\u00f3num beint a\u00f0 mannr\u00e9ttindum, jafnr\u00e9tti og l\u00edfsg\u00e6\u00f0um sem endurspeglast \u00ed g\u00f3\u00f0ri \u00fej\u00f3nustu. R\u00e6tt er hlutverk samf\u00e9lagsins til m\u00f3tunar vi\u00f0horfa almennt vegna f\u00f6tlunar f\u00f3lks.", "knowledge_goals": ["r\u00edkjandi hugmyndafr\u00e6\u00f0i um st\u00f6\u00f0u og r\u00e9ttindi f\u00f3lks me\u00f0 f\u00f6tlun", "gildandi l\u00f6gum um \u00fej\u00f3nustu vi\u00f0 f\u00f3lk me\u00f0 f\u00f6tlun var\u00f0andi menntun, atvinnu og b\u00fasetu", "\u00fer\u00f3un laga og hugmyndafr\u00e6\u00f0i \u00ed s\u00f6gulegu lj\u00f3si", "umr\u00e6\u00f0u fr\u00e6\u00f0af\u00f3lks um samf\u00e9lag \u00e1n a\u00f0greiningar og um bl\u00f6ndun", "helstu hugt\u00f6kum \u00e1 st\u00f6\u00f0u f\u00f3lks me\u00f0 f\u00f6tlun, s.s. r\u00e9ttindi, skyldur, jafnr\u00e9tti og mannvir\u00f0ing", "mismunandi lei\u00f0um \u00ed n\u00e1lgun t\u00f3mstunda fyrir alla", "almennri \u00fej\u00f3nustu sem veitt er af r\u00edki, sveitarf\u00e9l\u00f6gum og hagsmunasamt\u00f6kum."], "skills_goals": ["lesa gildandi l\u00f6g um \u00fej\u00f3nustu vi\u00f0 f\u00f3lk me\u00f0 f\u00f6tlun", "greina \u00fer\u00f3un laga og hugmyndafr\u00e6\u00f0i \u00ed s\u00f6gulegu lj\u00f3si", "r\u00e6\u00f0a \u00f3l\u00edka s\u00fdn fr\u00e6\u00f0imanna \u00e1 samf\u00e9lag \u00e1n a\u00f0greiningar og um bl\u00f6ndun", "nota og skilgreina hugt\u00f6k er var\u00f0a st\u00f6\u00f0u f\u00f3lks me\u00f0 f\u00f6tlun, s.s. r\u00e9ttindi, skyldur, jafnr\u00e9tti og mannvir\u00f0ingu", "afla og mi\u00f0la uppl\u00fdsingum til \u00fej\u00f3nustu\u00feega um almenna \u00fej\u00f3nustu veitta af r\u00edki, sveitarf\u00e9l\u00f6gum og hagsmunasamt\u00f6kum", "a\u00f0sto\u00f0a einstaklinga vi\u00f0 a\u00f0 leita r\u00e9ttar s\u00edns og n\u00fdta \u00fej\u00f3nustu sem \u00feeir eiga r\u00e9tt \u00e1", "afla uppl\u00fdsinga um mismunandi lei\u00f0ir \u00ed n\u00e1lgun t\u00f3mstunda fyrir alla."], "credits": 100, "last_modified": 1624447512.969443, "schools": ["524aa78b62933a493f000366"], "coauthors": null, "instructions": "", "continued_education": true, "level": 2, "prerequisites": "F-F\u00d6TL1F\u00de(3) ", "author": "060559bb-2dc0-4d56-be60-2cd7a0abe119", "abbreviation_version": null, "competence_goals": [["r\u00e6\u00f0a st\u00f6\u00f0u og r\u00e9ttindi fatla\u00f0s f\u00f3lks, sko\u00f0a \u00f3l\u00edk sj\u00f3narmi\u00f0, vega og meta \u00e1kj\u00f3sanlegustu lei\u00f0ir \u00ed \u00fej\u00f3nustu", ""], ["setja m\u00f6gulegar lausnir \u00e1 almennri og s\u00e9rt\u00e6kri \u00fej\u00f3nustu \u00ed samhengi \u00fat fr\u00e1 gildandi l\u00f6gum", ""], ["varpa lj\u00f3si \u00e1 tengsl \u00ed \u00fer\u00f3un hugmyndafr\u00e6\u00f0i, vi\u00f0horfa og laga \u00e1 r\u00e9ttindi og \u00fej\u00f3nustu \u00ed dag", ""], ["uppl\u00fdsa \u00fej\u00f3nustunotendur \u00e1 hlutlausan h\u00e1tt um opinbera og einkarekna \u00fej\u00f3nustu sem er \u00ed bo\u00f0i", ""], ["vinna sj\u00e1lfst\u00e6tt, koma til m\u00f3ts vi\u00f0 og \u00fej\u00f3nusta f\u00f3lk \u00ed \u00f3l\u00edkum a\u00f0st\u00e6\u00f0um, deila \u00feekkingu og ford\u00f3maleysi", ""], ["yfirf\u00e6ra fyrri reynslu og \u00feekkingu \u00ed tengslum vi\u00f0 \u00farlausnir n\u00fdrra vi\u00f0fangsefna.", ""]], "_id": "60d31a18e3d27f062700057d"}, {"exemplary": null, "topics": "fj\u00f6lskyldan og f\u00e9lagsleg \u00fej\u00f3nsusta", "abbreviation": "F-FSF\u00de2FJ", "former_schools": null, "subject": "fj\u00f6lskyldan og f\u00e9lagsleg \u00fej\u00f3nusta", "title": "Fj\u00f6lskyldan og f\u00e9lagsleg \u00fej\u00f3nusta", "version": 5, "status_trans": "Sam\u00feykkt af sk\u00f3la", "embedded_subject": {"abbreviation": "FSF\u00de", "topics": [{"abbreviation": "FJ", "topics": ["fj\u00f6lskyldan og f\u00e9lagsleg \u00fej\u00f3nsusta"]}, {"abbreviation": "FF", "topics": ["fes"]}, {"abbreviation": "FS", "topics": ["FSF\u00de"]}], "_id": "50c0a02dd8e40575f7f6f4a0", "subjects": ["fj\u00f6lskyldan og f\u00e9lagsleg \u00fej\u00f3nusta"], "counter": {"1": 0, "3": 1, "2": 4, "4": 0}}, "evaluation": "S\u00edmat me\u00f0 fj\u00f6lbreyttum matsa\u00f0fer\u00f0um og \u00e1herslu \u00e1 lei\u00f0sagnarmat, munnlegt og skriflegt, samofi\u00f0 kennslu. Verkefni \u00fdmist \u00ed formi einstaklings-, h\u00f3pa-, umr\u00e6\u00f0u- og netverkefni.", "categorization_suggestion": null, "embedded_topics": {"abbreviation": "FJ", "topics": ["fj\u00f6lskyldan og f\u00e9lagsleg \u00fej\u00f3nsusta"]}, "status": "approved by school", "description": "\u00cd s\u00f6gulegu samhengi er fjalla\u00f0 er um fj\u00f6lbreytileika helstu fj\u00f6lskylduger\u00f0a \u00ed n\u00fat\u00edmasamf\u00e9lagi og breytingar sem hafa or\u00f0i\u00f0 \u00e1 hlutverki fj\u00f6lskyldunnar og breytt fj\u00f6lskyldumynstur samt\u00edmans. R\u00e6tt er um \u00f3l\u00edkar f\u00e9lagslegar \u00fearfir innan fj\u00f6lskyldna og f\u00e9lagslega erfi\u00f0leika sem geta komi\u00f0 fram innan fj\u00f6lskyldna. Megin \u00fe\u00e6ttir f\u00e9lagslegrar \u00fej\u00f3nustu og hverjar eru forsendur r\u00e9ttinda til \u00fej\u00f3nustu. Auk \u00feess er lagalegur r\u00e9ttur f\u00f3lks til f\u00e9lagslegrar \u00fej\u00f3nustu sko\u00f0a\u00f0ur \u00edtarlega. ", "knowledge_goals": ["fj\u00f6lbreytileika fj\u00f6lskyldna \u00ed \u00edslensku samf\u00e9lagi og breyttu hlutverki fj\u00f6lskyldunnar \u00ed n\u00fat\u00edmasamf\u00e9lagi", "helstu \u00fe\u00e1ttum f\u00e9lagslegrar \u00fej\u00f3nustu og forsendum r\u00e9ttinda", "barnaverndarl\u00f6gum", "\u00fe\u00f6rfum fj\u00f6lskyldna vegna f\u00e9lagslegra a\u00f0st\u00e6\u00f0na, s.s. v\u00edmuefna, ofbeldis, fj\u00e1rhags e\u00f0a samskipta", "fj\u00f6lskyldum seinf\u00e6rra foreldra", "mikilv\u00e6gi \u00feess a\u00f0 afla uppl\u00fdsinga og v\u00edsa f\u00f3lki \u00e1fram til a\u00f0 leita lausna \u00ed erfi\u00f0ri st\u00f6\u00f0u", "mikilv\u00e6gi v\u00ed\u00f0s\u00fdni og umbur\u00f0arlyndis \u00ed \u00fej\u00f3nustu vi\u00f0 f\u00f3lk \u00ed fj\u00f6lbreyttum erfi\u00f0um a\u00f0st\u00e6\u00f0um."], "skills_goals": ["greina \u00fearfir \u00f3l\u00edkra fj\u00f6lskylduger\u00f0a", "r\u00fdna l\u00f6g og regluger\u00f0ir til a\u00f0 gera s\u00e9r grein fyrir forsendum r\u00e9ttinda til f\u00e9lagslegrar \u00fej\u00f3nustu", "greina \u00f3l\u00edkar a\u00f0st\u00e6\u00f0ur barna \u00fat fr\u00e1 r\u00e9ttindum \u00feeirra og velfer\u00f0", "greina fl\u00f3knar a\u00f0st\u00e6\u00f0ur fj\u00f6lskyldna sem gl\u00edma vi\u00f0 f\u00e9lagslega og/e\u00f0a pers\u00f3nuleg m\u00e1l", "afla og mi\u00f0la uppl\u00fdsingum um \u00fej\u00f3nustu fyrir fj\u00f6lskyldur."], "credits": 100, "last_modified": 1623428180.22136, "schools": ["524aa78b62933a493f000366"], "coauthors": null, "instructions": "", "continued_education": true, "level": 2, "prerequisites": "", "author": "060559bb-2dc0-4d56-be60-2cd7a0abe119", "abbreviation_version": null, "competence_goals": [["lei\u00f0beina einstaklingum og fj\u00f6lskyldum me\u00f0 r\u00f6kstuddu vali \u00farr\u00e6\u00f0a", ""], ["vinna a\u00f0 velfer\u00f0 barna \u00ed erfi\u00f0um a\u00f0st\u00e6\u00f0um", ""], ["mi\u00f0la \u00feekkingu og ford\u00f3maleysi til a\u00f0 koma til m\u00f3ts vi\u00f0 og \u00fej\u00f3nusta f\u00f3lk \u00ed \u00f3l\u00edkum a\u00f0st\u00e6\u00f0um", ""], ["\u00e1stunda sj\u00e1lfst\u00e6\u00f0 vinnubr\u00f6g\u00f0 og yfirf\u00e6ra reynslu \u00feegar tekist er \u00e1 vi\u00f0 n\u00fd verkefni.", ""]], "_id": "60c38c54e3d27f625c000f5e"}, {"exemplary": null, "topics": "Fr\u00edstund, Virkni", "abbreviation": "F-F\u00c9VI2FV", "former_schools": null, "subject": "F\u00e9lagsleg virkni", "title": "F\u00e9lagsleg virkni", "version": 3, "status_trans": "Sam\u00feykkt af sk\u00f3la", "embedded_subject": {"abbreviation": "F\u00c9VI", "topics": [{"abbreviation": "FV", "topics": ["Fr\u00edstund", "Virkni"]}, {"abbreviation": "SE", "topics": ["Starfsendurh\u00e6fing"]}], "_id": "58873ff562933a4e9200cbd6", "subjects": ["F\u00e9lagsleg virkni"], "counter": {"1": 1, "3": 2, "2": 2, "4": 0}}, "evaluation": "Fj\u00f6lbreytt lei\u00f0sagnarmat samofi\u00f0 kennslu, byggir \u00e1 vinnu og virkni nema. Verkefni \u00ed formi einstaklings-, h\u00f3pa-, umr\u00e6\u00f0u- og netverkefni.", "categorization_suggestion": null, "embedded_topics": {"abbreviation": "FV", "topics": ["Fr\u00edstund", "Virkni"]}, "status": "approved by school", "description": "Fjalla\u00f0 er um \u00fer\u00f3un fr\u00edstundastarfs og hugmyndafr\u00e6\u00f0i, m.t.t. f\u00e9lagss\u00e1lfr\u00e6\u00f0i og hugmynda um v\u00f6xt og \u00fer\u00f3un einstaklings. R\u00e6dd helstu hugt\u00f6k og \u00fej\u00f3nustulei\u00f0ir \u00e1 svi\u00f0i fr\u00edstunda, m.a. hj\u00e1 sveitarf\u00e9l\u00f6gum, heilbrig\u00f0is- og sk\u00f3lakerfis og nemar hvattir til skapandi hugsunar \u00e1 m\u00f6guleikum \u00ed fr\u00edstundastarfi. Fjalla\u00f0 er um notendur f\u00e9lags- og heilbrig\u00f0is\u00fej\u00f3nustu og helstu a\u00f0fer\u00f0ir til a\u00f0 meta \u00fearfir og lei\u00f0ir \u00ed fr\u00edstundastarfi. \u00c1hersla er \u00e1 a\u00f0 n\u00e1msf\u00f3lk l\u00e6ri a\u00f0 standa fyrir og skipuleggja fr\u00edstundastarf \u00e1 fj\u00f6lbreyttan h\u00e1tt \u00ed tengslum vi\u00f0 \u00fearfir \u00f3l\u00edkra einstaklinga. R\u00e6tt er mikilv\u00e6gi \u00feess a\u00f0 skynja og vir\u00f0a \u00fearfir \u00f3l\u00edkra einstaklinga \u00ed fr\u00edstundastarfi \u00f3h\u00e1\u00f0 heilsufari, h\u00f6mlun, f\u00f6tlun e\u00f0a f\u00e9lagslegri st\u00f6\u00f0u. Fjalla\u00f0 er um tengsl fr\u00edt\u00edmafr\u00e6\u00f0a vi\u00f0 al\u00fej\u00f3\u00f0legt umhverfi og samstarf vi\u00f0 a\u00f0rar \u00fej\u00f3\u00f0ir. Helstu hugt\u00f6k og hugmyndafr\u00e6\u00f0i fr\u00edt\u00edmafr\u00e6\u00f0a eru kynnt. Hugt\u00f6kin l\u00fd\u00f0heilsa og i\u00f0ja r\u00e6dd og komi\u00f0 inn \u00e1 \u00fej\u00f3nustulei\u00f0ir \u00ed opinberum og \u00ed einkarekstri. Kynntar eru ni\u00f0urst\u00f6\u00f0ur n\u00fdlegra \u00e6skul\u00fd\u00f0sranns\u00f3kna og fjalla\u00f0 um hagn\u00fdtingu \u00feeirra vi\u00f0 m\u00f3tun \u00e1 stefnu og starfi \u00e1 vettvangi fr\u00edt\u00edma. \u00c1hersla er \u00e1 a\u00f0 nemar l\u00e6ri a\u00f0 skipuleggja og standa fyrir fj\u00f6lbreyttu fr\u00edstundastarfi.", "knowledge_goals": ["mikilv\u00e6gi og umfangi fr\u00edstunda \u00e1 mismunandi \u00e6viskei\u00f0um og hvernig \u00fe\u00e6r tengjast l\u00edfst\u00edl einstakling", "hvar fr\u00edstundastarf fer a\u00f0allega fram \u00ed samf\u00e9laginu og \u00e1 hverra vegum", "\u00e1hrifum sem heilsubrestur, f\u00f6tlun, h\u00f6mlun og f\u00e9lagsleg sta\u00f0a getur haft \u00e1 m\u00f6guleika til fr\u00edstundastarfs", "forvarnastarfi og hlutverki \u00feess", "tengslum fr\u00edt\u00edmafr\u00e6\u00f0a vi\u00f0 al\u00fej\u00f3\u00f0legt umhverfi og samstarf vi\u00f0 a\u00f0rar \u00fej\u00f3\u00f0ir", "skipulagningu \u00e1 fj\u00f6lbreyttu fr\u00edstundastarfi", "opinberum og einkareknum \u00fej\u00f3nustulei\u00f0um."], "skills_goals": ["skr\u00e1 og afla uppl\u00fdsinga hj\u00e1 notendum og samstarfsf\u00f3lki um fr\u00edstundavirkni einstaklinga", "r\u00e6\u00f0a og mi\u00f0la vitneskju um mismunandi hlutverk i\u00f0ju \u00ed v\u00ed\u00f0u samhengi", "segja fr\u00e1 forvarnastarfi og hva\u00f0a hlutverki \u00fea\u00f0 gegnir", "skr\u00e1 ni\u00f0urst\u00f6\u00f0ur \u00e6skul\u00fd\u00f0sranns\u00f3kna, fjalla um hagn\u00fdtingu \u00feeirra vi\u00f0 m\u00f3tun starfs og stefnu fr\u00edt\u00edmans", "skipuleggja og standa fyrir fj\u00f6lbreyttu fr\u00edstundastarfi."], "credits": 100, "last_modified": 1629735498.445882, "schools": ["524aa78b62933a493f000366"], "coauthors": null, "instructions": "", "continued_education": true, "level": 2, "prerequisites": "A\u00f0gangur a\u00f0 n\u00e1mslei\u00f0inni \u2013 mat fr\u00e6\u00f0slua\u00f0ila", "author": "060559bb-2dc0-4d56-be60-2cd7a0abe119", "abbreviation_version": null, "competence_goals": [["fjalla um markmi\u00f0, eftirfylgni og helstu a\u00f0fer\u00f0ir til a\u00f0 meta fr\u00edstundastarf", ""], ["r\u00e6\u00f0a mikilv\u00e6gi fj\u00f6lskyldu, vina og annarra a\u00f0ila \u00ed n\u00e1nasta umhverfi notenda \u00e1 virkni \u00ed fr\u00edstundastarfi", ""], ["l\u00fdsa \u00e1hrifum h\u00f6mlunar og f\u00e9lagslegrar st\u00f6\u00f0u vi\u00f0 notendur og m\u00f6guleika \u00feeirra til fr\u00edstundastarfs", ""], ["r\u00e6\u00f0a helstu hugt\u00f6k fr\u00edt\u00edmafr\u00e6\u00f0innar og hugmyndafr\u00e6\u00f0i fagsins", ""], ["r\u00e6\u00f0a \u00fej\u00f3nustu r\u00edkis, sveitarf\u00e9laga og annarra hagsmunaa\u00f0ila \u00e1 vettvangi fr\u00edt\u00edma", ""], ["fjalla um hugtaki\u00f0 l\u00fd\u00f0heilsa.", ""]], "_id": "6123ca4ae3d27f1765000b25"}, {"exemplary": null, "topics": "F\u00f6tlun og samf\u00e9lag", "abbreviation": "F-F\u00d6FR1F\u00de", "former_schools": null, "subject": "F\u00f6tlunarfr\u00e6\u00f0i", "title": "F\u00f6tlun", "version": 3, "status_trans": "Sam\u00feykkt af sk\u00f3la", "embedded_subject": {"abbreviation": "F\u00d6FR", "topics": [{"abbreviation": "MF", "topics": ["M\u00e1lefni fatla\u00f0ra \u00ed s\u00f6gulegu lj\u00f3si"]}, {"abbreviation": "F\u00de", "topics": ["F\u00f6tlun og samf\u00e9lag"]}], "_id": "5eeb62e9e3d27f7bd00005df", "subjects": ["F\u00f6tlunarfr\u00e6\u00f0i"], "counter": {"1": 2, "3": 0, "2": 3, "4": 0}}, "evaluation": "Fj\u00f6lbreytt lei\u00f0sagnarmat samofi\u00f0 kennslu, byggir \u00e1 vinnu og virkni nema. Verkefni \u00ed formi einstaklings-, h\u00f3pa-, umr\u00e6\u00f0u- og netverkefni.", "categorization_suggestion": null, "embedded_topics": {"abbreviation": "F\u00de", "topics": ["F\u00f6tlun og samf\u00e9lag"]}, "status": "approved by school", "description": "Kynnt eru \u00fdmis fr\u00e1vik \u00e1 andlegum og l\u00edkamlegum sker\u00f0ingum sem lei\u00f0a til f\u00f6tlunar. Fjalla\u00f0 um skilgreiningar \u00e1 \u00f3l\u00edkum tegundum sker\u00f0inga, einkennum og ors\u00f6kum. Leitast er vi\u00f0 a\u00f0 sko\u00f0a hva\u00f0a \u00e1hrif mismunandi f\u00f6tlun hefur m\u00f6gulega \u00e1 f\u00e9lagslega st\u00f6\u00f0u og sk\u00f3lag\u00f6ngu fatla\u00f0s f\u00f3lks. R\u00e6tt um mikilv\u00e6gi frumgreiningar og snemmt\u00e6krar \u00edhlutunar auk \u00fej\u00e1lfunar- og me\u00f0fer\u00f0ar\u00fearfa f\u00f3lks sem b\u00fdr vi\u00f0 f\u00f6tlun. Fjalla\u00f0 er um \u00e1hrif f\u00f6tlunar \u00e1 einstaklinginn og fj\u00f6lskylduna, mikilv\u00e6gi vi\u00f0eigandi a\u00f0sto\u00f0ar, stu\u00f0nings og hva\u00f0 lei\u00f0ir eru f\u00e6rar til a\u00f0 leita r\u00e9ttar sem f\u00f3lki ber. \u00c1hersla er \u00e1 a\u00f0 efla skilning n\u00e1msf\u00f3lks \u00e1 margbreytileika mannlegra a\u00f0st\u00e6\u00f0na og mikilv\u00e6gi \u00feess a\u00f0 bera vir\u00f0ingu fyrir f\u00f3lki.", "knowledge_goals": ["helstu tegundum og einkennum sker\u00f0inga", "helstu skilgreiningum \u00e1 hugtakinu \u00feroskah\u00f6mlun og \u00fe\u00e1ttum sem vekja grun um \u00feroskar\u00f6skun", "hvert skuli leita ef grunur vaknar um \u00feroskafr\u00e1vik hj\u00e1 barni", "mikilv\u00e6gi \u00feess a\u00f0 n\u00e1lgast stu\u00f0ning e\u00f0a s\u00e9r\u00feekkingu vegna fr\u00e1vika", "helstu \u00fej\u00e1lfunar- og me\u00f0fer\u00f0ar\u00fe\u00f6rfum fatla\u00f0ra", "\u00e1hrifum sem f\u00f6tlun getur haft \u00e1 einstakling og fj\u00f6lskylduna."], "skills_goals": ["\u00feekkja sker\u00f0ingar, helstu orsakir og einkenni", "r\u00e6\u00f0a skilgreiningar \u00e1 f\u00f6tlun og \u00feroskah\u00f6mlun", "taka \u00fe\u00e1tt \u00ed \u00fej\u00e1lfunar- og me\u00f0fer\u00f0ar\u00farr\u00e6\u00f0um sem beitt er", "leita uppl\u00fdsinga um fatlanir og hagsmunaf\u00e9l\u00f6g \u00feeim tengdum", "mi\u00f0la uppl\u00fdsingum um s\u00e9r\u00farr\u00e6\u00f0i fyrir b\u00f6rn me\u00f0 n\u00e1mserfi\u00f0leika."], "credits": 100, "last_modified": 1629902114.888827, "schools": ["524aa78b62933a493f000366"], "coauthors": null, "instructions": "", "continued_education": true, "level": 1, "prerequisites": "A\u00f0gangur a\u00f0 n\u00e1mslei\u00f0inni \u2013 mat fr\u00e6\u00f0slua\u00f0ila", "author": "060559bb-2dc0-4d56-be60-2cd7a0abe119", "abbreviation_version": null, "competence_goals": [["styrkja h\u00e6fni s\u00edna vi\u00f0 a\u00f0 bera kennsl \u00e1 mismunandi f\u00f6tlun, helstu orsakir og einkenni f\u00f6tlunar", ""], ["mi\u00f0la uppl\u00fdsingum um helstu einkenni f\u00f6tlunar", ""], ["vinna \u00ed teymi r\u00f6kstudda einstaklingsmi\u00f0a\u00f0a \u00fej\u00e1lfunar\u00e1\u00e6tlun vegna fr\u00e1vika", ""], ["n\u00fdta uppl\u00fdsingat\u00e6kni til a\u00f0 auka eigin skilning \u00e1 \u00e1hrifum f\u00f6tlunar \u00e1 einstakling og fj\u00f6lskylduna.", ""]], "_id": "61265522e3d27f1330000ab3"}, {"exemplary": null, "topics": "gagnr\u00fdnin hugsun og si\u00f0fr\u00e6\u00f0i", "abbreviation": "F-SI\u00d0F2GH", "former_schools": null, "subject": "si\u00f0fr\u00e6\u00f0i", "title": "Gagnr\u00fdnin hugsun og si\u00f0fr\u00e6\u00f0i", "version": 9, "status_trans": "Sam\u00feykkt af sk\u00f3la", "embedded_subject": {"abbreviation": "SI\u00d0F", "topics": [{"abbreviation": "IN", "topics": ["inngangur a\u00f0 si\u00f0fr\u00e6\u00f0i"]}, {"abbreviation": "GH", "topics": ["gagnr\u00fdnin hugsun og si\u00f0fr\u00e6\u00f0i"]}, {"abbreviation": "SS", "topics": ["si\u00f0fer\u00f0ileg ver\u00f0m\u00e6ti", "si\u00f0fer\u00f0ileg \u00e1litam\u00e1l"]}, {"abbreviation": "SF", "topics": ["fr\u00e6\u00f0ihugmyndir", "heilbrig\u00f0is\u00fej\u00f3nusta", "samskipti"]}, {"abbreviation": "HS", "topics": ["Hagn\u00fdt si\u00f0fr\u00e6\u00f0i"]}], "_id": "50c0a02dd8e40575f7f6f4e1", "subjects": ["si\u00f0fr\u00e6\u00f0i"], "counter": {"1": 2, "3": 1, "2": 8, "4": 0}}, "evaluation": "S\u00edmat me\u00f0 fj\u00f6lbreyttum matsa\u00f0fer\u00f0um og \u00e1herslu \u00e1 lei\u00f0sagnarmat, munnlegt og skriflegt, samofi\u00f0 kennslu. Verkefni \u00fdmist \u00ed formi einstaklings-, h\u00f3pa-, umr\u00e6\u00f0u- og netverkefni.", "categorization_suggestion": null, "embedded_topics": {"abbreviation": "GH", "topics": ["gagnr\u00fdnin hugsun og si\u00f0fr\u00e6\u00f0i"]}, "status": "approved by school", "description": "N\u00e1ms\u00fe\u00e1tturinn undirb\u00fdr nema fyrir \u00fdmis st\u00f6rf \u00ed samf\u00e9laginu sem krefjast mikilla mannlegra samskipta. Fjalla\u00f0 er um helstu vi\u00f0fangsefni si\u00f0fr\u00e6\u00f0innar s.s. si\u00f0areglur, gildi og vi\u00f0mi\u00f0, me\u00f0 \u00e1herslu \u00e1 si\u00f0fer\u00f0ileg atri\u00f0i og \u00e1litaefni sem eiga s\u00e9rstaklega vi\u00f0 starfsf\u00f3lk \u00ed um\u00f6nnun. N\u00e1msf\u00f3lk f\u00e6r \u00fej\u00e1lfun \u00ed a\u00f0 beita helstu kenningum si\u00f0fr\u00e6\u00f0i \u00e1 klass\u00edsk vandam\u00e1l, m\u00e1l sem efst eru\u00e1 baugi \u00ed samf\u00e9lginu \u00e1 hverjum t\u00edma auk \u00feess a\u00f0 f\u00e1 inns\u00fdn \u00ed si\u00f0areglur nokkurra starfsst\u00e9tta \u00ed \u00fej\u00f3nustugreinum. \u00de\u00e1 er munnleg og skrifleg \u00fej\u00e1lfun \u00ed a\u00f0 f\u00e6ra r\u00f6kf\u00e6rslu og \u00fej\u00e1lfun beitingu gagnr\u00fdninnar hugsunar almennt og a\u00f0 leggja mat \u00e1 m\u00e1lefni af \u00fdmsum toga. ", "knowledge_goals": ["helstu vi\u00f0fangsefnum si\u00f0fr\u00e6\u00f0i", "reglusi\u00f0fr\u00e6\u00f0i og manngildi", "lei\u00f0um og a\u00f0fer\u00f0um til a\u00f0 takast \u00e1 vi\u00f0 \u00e1litam\u00e1l sem upp kunna a\u00f0 koma \u00ed starfi", "menningarlegri afst\u00e6\u00f0ishyggju", "samf\u00e9lagss\u00e1ttm\u00e1la", "l\u00e1gmarkssi\u00f0fer\u00f0i", "borgaralegri \u00f3hl\u00fd\u00f0ni", "si\u00f0fer\u00f0ilegum skyldum manna vi\u00f0 d\u00fdr og n\u00e1tt\u00faru", "r\u00f6ksemdaf\u00e6rslu vi\u00f0 mat \u00e1 si\u00f0fer\u00f0ilegum efnum."], "skills_goals": ["nota \u00feau hugt\u00f6k sem til umr\u00e6\u00f0u eru til a\u00f0 sko\u00f0a umhverfi sitt \u00e1 gagnr\u00fdninn h\u00e1tt.", "lesa fj\u00f6lmi\u00f0la \u00e1 gagnr\u00fdninn h\u00e1tt, m.a. me\u00f0 hli\u00f0sj\u00f3n af si\u00f0fer\u00f0ilegum \u00fe\u00e1ttum", "tj\u00e1 sig me\u00f0 r\u00f6kum hvort sem er \u00ed r\u00e6\u00f0u e\u00f0a riti", "beita kenningum \u00ed umr\u00e6\u00f0u", "hlusta \u00e1 vi\u00f0m\u00e6lendur s\u00edna og breg\u00f0ast vi\u00f0 or\u00f0um \u00feeirra."], "credits": 100, "last_modified": 1622734153.222041, "schools": ["524aa78b62933a493f000366"], "coauthors": null, "instructions": "", "continued_education": true, "level": 2, "prerequisites": "", "author": "060559bb-2dc0-4d56-be60-2cd7a0abe119", "abbreviation_version": null, "competence_goals": [["stu\u00f0la a\u00f0 uppbyggilegum samskiptum vi\u00f0 samstarfsf\u00f3lk, \u00fej\u00f3nustunotendur og anna\u00f0 f\u00f3lk", ""], ["beita hugmyndum og kenningum heimspekilegrar si\u00f0fr\u00e6\u00f0i \u00e1 m\u00f6guleg m\u00e1l vi\u00f0 dagleg st\u00f6rf", ""], ["taka \u00fe\u00e1tt \u00ed m\u00f3tun si\u00f0areglna fyrir vinnusta\u00f0", ""], ["setja s\u00e9r si\u00f0fer\u00f0ileg markmi\u00f0 \u00ed einst\u00f6kum \u00fe\u00e1ttum v\u00e6ntanlegs starfs", ""], ["koma auga \u00e1 og r\u00e6\u00f0a \u00f3l\u00edk sj\u00f3narhorn \u00ed samskiptum vi\u00f0 \u00fej\u00f3nustunotendur, t.d. notendur f\u00e9lags- og heilbrig\u00f0is\u00fej\u00f3nustu.", ""]], "_id": "60b8f549e3d27f610600123c"}, {"exemplary": null, "topics": "Hugr\u00e6n atferlisme\u00f0fer\u00f0", "abbreviation": "F-S\u00c1LF2HM", "former_schools": null, "subject": "s\u00e1lfr\u00e6\u00f0i", "title": "Heg\u00f0un og atferlism\u00f3tun ", "version": 36, "status_trans": "Sam\u00feykkt af sk\u00f3la", "embedded_subject": {"abbreviation": "S\u00c1LF", "topics": [{"abbreviation": "AK", "topics": ["almenn kynning"]}, {"abbreviation": "\u00deS", "topics": ["\u00feroskas\u00e1lfr\u00e6\u00f0i"]}, {"abbreviation": "AB", "topics": ["afbrig\u00f0as\u00e1lfr\u00e6\u00f0i"]}, {"abbreviation": "KV", "topics": ["kvikmyndas\u00e1lfr\u00e6\u00f0i"]}, {"abbreviation": "SD", "topics": ["s\u00e1lfr\u00e6\u00f0i daglegs l\u00edfs"]}, {"abbreviation": "IS", "topics": ["inngangur a\u00f0 s\u00e1lfr\u00e6\u00f0i"]}, {"abbreviation": "DS", "topics": ["duls\u00e1larfr\u00e6\u00f0i"]}, {"abbreviation": "RS", "topics": ["r\u00e9ttars\u00e1lfr\u00e6\u00f0i"]}, {"abbreviation": "GE", "topics": ["ge\u00f0heilsa"]}, {"abbreviation": "FP", "topics": ["f\u00e9lags- og per\u00f3nuleikas\u00e1lfr\u00e6\u00f0i"]}, {"abbreviation": "BK", "topics": ["inngangur a\u00f0 s\u00e1lfr\u00e6\u00f0i", "j\u00e1kv\u00e6\u00f0 s\u00e1lfr\u00e6\u00f0i", "minni", "n\u00e1m", "ranns\u00f3knir"]}, {"abbreviation": "KF", "topics": ["framhald", "kvikmyndas\u00e1lfr\u00e6\u00f0i"]}, {"abbreviation": "FS", "topics": ["f\u00e9lagss\u00e1lfr\u00e6\u00f0i"]}, {"abbreviation": "GS", "topics": ["ge\u00f0s\u00e1lfr\u00e6\u00f0i"]}, {"abbreviation": "\u00deU", "topics": ["\u00feroska- og uppeldisfr\u00e6\u00f0i"]}, {"abbreviation": "AA", "topics": ["almenn s\u00e1lfr\u00e6\u00f0i"]}, {"abbreviation": "CA", "topics": ["afbrigas\u00e1lfr\u00e6\u00f0i"]}, {"abbreviation": "L\u00cd", "topics": ["l\u00edfe\u00f0lisleg s\u00e1lfr\u00e6\u00f0i"]}, {"abbreviation": "F\u00c9", "topics": ["f\u00e9lagsleg s\u00e1lfr\u00e6\u00f0i"]}, {"abbreviation": "SS", "topics": ["inngangur a\u00f0 s\u00e1lfr\u00e6\u00f0i", "sj\u00f3narmi\u00f0 og saga"]}, {"abbreviation": "FG", "topics": ["f\u00e9lagss\u00e1lfr\u00e6\u00f0i", "greind", "pers\u00f3nuleikinn"]}, {"abbreviation": "LS", "topics": ["draumar", "l\u00edfe\u00f0lisleg s\u00e1lfr\u00e6\u00f0i", "skynjunars\u00e1lfr\u00e6\u00f0i", "svefn"]}, {"abbreviation": "\u00deR", "topics": ["l\u00edfst\u00ed\u00f0ar\u00fer\u00f3un", "\u00feroski"]}, {"abbreviation": "AF", "topics": ["ge\u00f0heilsa", "ge\u00f0raskanir", "streita", "tilfinningar"]}, {"abbreviation": "\u00cd\u00de", "topics": ["f\u00e9lagsst\u00f6rf", "f\u00e9l\u00f6g", "\u00ed\u00fer\u00f3ttas\u00e1lfr\u00e6\u00f0i"]}, {"abbreviation": "SG", "topics": ["framkoma", "gagnr\u00fdni", "hlustun", "samskipti", "sj\u00e1lfstraust"]}, {"abbreviation": "\u00cd\u00c6", "topics": ["\u00ed\u00fer\u00f3ttas\u00e1lfr\u00e6\u00f0i"]}, {"abbreviation": "IN", "topics": ["S\u00e1lfr\u00e6\u00f0i", "inngangur", "kenningar", "saga"]}, {"abbreviation": "\u00de\u00de", "topics": ["n\u00e1m", "\u00deroskas\u00e1lfr\u00e6\u00f0i", "\u00feroski", "\u00fer\u00f3un"]}, {"abbreviation": "AS", "topics": ["afbrig\u00f0as\u00e1lfr\u00e6\u00f0i", "streita"]}, {"abbreviation": "H\u00de", "topics": ["Hugar\u00fej\u00e1lfun", "\u00cd\u00fer\u00f3ttir"]}, {"abbreviation": "JS", "topics": ["J\u00e1kv\u00e6\u00f0 s\u00e1lfr\u00e6\u00f0i"]}, {"abbreviation": "HA", "topics": ["Hugr\u00e6n", "atferlisme\u00f0fer\u00f0"]}, {"abbreviation": "BS", "topics": ["Breytingar", "samskipti"]}, {"abbreviation": "GH", "topics": ["Ge\u00f0s\u00e1larfr\u00e6\u00f0i og ge\u00f0heilbrig\u00f0i"]}, {"abbreviation": "PF", "topics": ["f\u00e9lagss\u00e1lfr\u00e6\u00f0i", "pers\u00f3nuleikas\u00e1lfr\u00e6\u00f0i"]}, {"abbreviation": "VS", "topics": ["Vitund og si\u00f0blinda"]}, {"abbreviation": "BG", "topics": ["S\u00c1LF"]}, {"abbreviation": "F\u00d6", "topics": ["F\u00d6TLUN", "\u00d6LDRUN"]}, {"abbreviation": "CF", "topics": ["F\u00e9lags- og pers\u00f3nuleikas\u00e1lfr\u00e6\u00f0i"]}, {"abbreviation": "BT", "topics": ["Kortlagning hugans/heilans"]}, {"abbreviation": "CJ", "topics": ["j\u00e1kv\u00e6\u00f0 s\u00e1lfr\u00e6\u00f0i"]}, {"abbreviation": "AM", "topics": ["Atferlism\u00f3tun"]}, {"abbreviation": "KD", "topics": ["S\u00e1lfr\u00e6\u00f0i fyrir kennaranema"]}, {"abbreviation": "UP", "topics": ["Uppeldisfr\u00e6\u00f0i"]}, {"abbreviation": "AU", "topics": ["Augl\u00fdsingas\u00e1lfr\u00e6\u00f0i"]}, {"abbreviation": "FF", "topics": ["F\u00edkniefni og forvarnir"]}, {"abbreviation": "A\u00de", "topics": ["Af\u00fereyingars\u00e1lfr\u00e6\u00f0i"]}, {"abbreviation": "HS", "topics": ["Heilsus\u00e1lfr\u00e6\u00f0i"]}, {"abbreviation": "H\u00cd", "topics": ["Hagn\u00fdt \u00ed\u00fer\u00f3ttas\u00e1lfr\u00e6\u00f0i"]}, {"abbreviation": "NS", "topics": ["Neytenda s\u00e1lfr\u00e6\u00f0i"]}, {"abbreviation": "HM", "topics": ["Hugr\u00e6n atferlisme\u00f0fer\u00f0"]}, {"abbreviation": "KH", "topics": ["Kynheilbrig\u00f0i"]}, {"abbreviation": "MS", "topics": ["Marka\u00f0ss\u00e1lfr\u00e6\u00f0i"]}], "_id": "50c0a02dd8e40575f7f6f4db", "subjects": ["s\u00e1lfr\u00e6\u00f0i"], "counter": {"1": 13, "3": 36, "2": 35, "4": 2}}, "evaluation": "S\u00edmat me\u00f0 fj\u00f6lbreyttum matsa\u00f0fer\u00f0um og \u00e1herslu \u00e1 lei\u00f0sagnarmat, munnlegt og skriflegt, samofi\u00f0 kennslu. Verkefni \u00fdmist \u00ed formi einstaklings-, h\u00f3pa-, umr\u00e6\u00f0u- og netverkefni. ", "categorization_suggestion": null, "embedded_topics": {"abbreviation": "HM", "topics": ["Hugr\u00e6n atferlisme\u00f0fer\u00f0"]}, "status": "approved by school", "description": "Fjalla\u00f0 er um grunn\u00fe\u00e6tti atferlism\u00f3tunar, grunnhugt\u00f6k virkrar skilyr\u00f0ingar og hagn\u00fdtingu hennar \u00ed uppeldis-og me\u00f0fer\u00f0arstarfi auk vi\u00f0brag\u00f0sskilyr\u00f0ingar. Einnig er r\u00e6tt um j\u00e1kv\u00e6\u00f0a og neikv\u00e6\u00f0a styrkingu, refsingu og slokknun. Kynning \u00e1 og \u00fej\u00e1lfun \u00ed a\u00f0 greina \u00fe\u00e6tti sem stj\u00f3rna og vi\u00f0halda heg\u00f0un auk lei\u00f0a sem \u00fearf a\u00f0 hafa \u00ed huga \u00feegar heg\u00f0un er skilgreind og m\u00e6ld fyrir og eftir \u00edhlutun. \u00dej\u00e1lfun \u00ed beitingu a\u00f0fer\u00f0a til a\u00f0 n\u00e1 fram eftirs\u00f3knarver\u00f0ri heg\u00f0un og draga \u00far \u00f3\u00e6skilegri heg\u00f0un. Fjalla\u00f0 er um AHA l\u00edkani\u00f0 (a\u00f0dragandi-heg\u00f0un-aflei\u00f0ing) og fyrirbyggjandi a\u00f0fer\u00f0ir og \u00farr\u00e6\u00f0i \u00ed sk\u00f3lum. Loks eru r\u00e6ddar \u00e1rangursr\u00edkar lei\u00f0ir til a\u00f0 gera samninga um heg\u00f0un vi\u00f0 b\u00f6rn og unglinga og lei\u00f0ir til a\u00f0 setja m\u00f6rk. Nemar pr\u00f3fa a\u00f0 beita a\u00f0fer\u00f0um atferlism\u00f3tunar \u00e1 vettvangi. Lagt upp \u00far \u00fev\u00ed a\u00f0 nemar tengi fr\u00e6\u00f0in vi\u00f0 vinnu og starf \u00e1 vettvangi. ", "knowledge_goals": ["grunnhugt\u00f6kum atferlism\u00f3tunar og -greiningar", "tegundum umbunarkerfa", "gildi og beitingu j\u00e1kv\u00e6\u00f0rar styrkingar - hva\u00f0 ber a\u00f0 hafa \u00ed huga vi\u00f0 val \u00e1 styrkingu og beitingu sl\u00edkrar", "lei\u00f0um til a\u00f0 gera samninga um heg\u00f0un vi\u00f0 b\u00f6rn og unglinga", "si\u00f0fer\u00f0ilegum \u00e1litam\u00e1lum sem koma upp vi\u00f0 beitingu atferlism\u00f3tunar", "\u00f3l\u00edkum tegundum atferlism\u00f3tandi kerfa", "gildi j\u00e1kv\u00e6\u00f0ra vi\u00f0horfa og vir\u00f0ingar gagnvart einstaklingum sem unni\u00f0 er me\u00f0."], "skills_goals": ["beita a\u00f0fer\u00f0um til a\u00f0 auka eftirs\u00f3knarver\u00f0a heg\u00f0un hj\u00e1 b\u00f6rnum og unglingum", "beita a\u00f0fer\u00f0um til a\u00f0 draga \u00far \u00f3\u00e6skilegri heg\u00f0un", "skr\u00e1, m\u00e6la og skilgreina heg\u00f0un fyrir og eftir \u00edhlutun", "greina \u00fe\u00e6tti sem vi\u00f0halda \u00f3\u00e6skilegri heg\u00f0un", "fjalla um hugt\u00f6k, gildi og hagn\u00fdtingu atferlism\u00f3tunar \u00ed daglegu l\u00edfi", "r\u00e6\u00f0a \u00e1litam\u00e1l \u00ed tengslum vi\u00f0 refsingar \u00ed atferlism\u00f3tun", "sm\u00ed\u00f0a og beita umbunarkerfi."], "credits": 100, "last_modified": 1622736234.584632, "schools": ["524aa78b62933a493f000366"], "coauthors": null, "instructions": "", "continued_education": true, "level": 2, "prerequisites": "", "author": "060559bb-2dc0-4d56-be60-2cd7a0abe119", "abbreviation_version": null, "competence_goals": [["draga \u00far \u00f3\u00e6skilegri heg\u00f0un og auka eftirs\u00f3knarver\u00f0a heg\u00f0un", ""], ["l\u00fdsa gildi j\u00e1kv\u00e6\u00f0ra vi\u00f0horfa og vir\u00f0ingar gagnvart einstaklingum", ""], ["setja sk\u00fdr m\u00f6rk og fylgja \u00feeim eftir", ""], ["sj\u00e1 kosti og \u00f3kosti \u00f3l\u00edkra a\u00f0fer\u00f0a \u00ed atferlism\u00f3tun og velja vi\u00f0eigandi a\u00f0fer\u00f0ir", ""], ["n\u00fdta atferlism\u00f3tandi a\u00f0fer\u00f0ir \u00e1 starfsvettvangi og heima.", ""]], "_id": "60b8fd6ae3d27f6106001601"}, {"exemplary": null, "topics": "Kyn, jafnr\u00e9tti, kyngervi", "abbreviation": "F-KYNJ2KG", "former_schools": null, "subject": "kynjafr\u00e6\u00f0i", "title": "Kynja- og jafnr\u00e9ttisfr\u00e6\u00f0sla ", "version": 8, "status_trans": "Sam\u00feykkt af sk\u00f3la", "embedded_subject": {"abbreviation": "KYNJ", "topics": [{"abbreviation": "KK", "topics": ["kyn", "kyngervi"]}, {"abbreviation": "KY", "topics": ["Kynjafr\u00e6\u00f0i"]}, {"abbreviation": "AA", "topics": ["jafnr\u00e9tti", "kyn", "kyngefri", "sta\u00f0almyndir"]}, {"abbreviation": "KJ", "topics": ["Kyngervi", "jafnr\u00e9tti", "kl\u00e1mv\u00e6\u00f0ing"]}, {"abbreviation": "IN", "topics": ["inngangur"]}, {"abbreviation": "KG", "topics": ["Kyn", "jafnr\u00e9tti", "kyngervi"]}], "_id": "512fa2f762933a1e6c0001aa", "subjects": ["kynjafr\u00e6\u00f0i"], "counter": {"1": 4, "3": 2, "2": 7, "4": 0}}, "evaluation": "S\u00edmat me\u00f0 fj\u00f6lbreyttum matsa\u00f0fer\u00f0um og \u00e1herslu \u00e1 lei\u00f0sagnarmat, munnlegt og skriflegt, samofi\u00f0 kennslu. Verkefni \u00fdmist \u00ed formi einstaklings-, h\u00f3pa-, umr\u00e6\u00f0u- og netverkefni.", "categorization_suggestion": null, "embedded_topics": {"abbreviation": "KG", "topics": ["Kyn", "jafnr\u00e9tti", "kyngervi"]}, "status": "approved by school", "description": "Fjalla\u00f0 er um st\u00f6\u00f0u kynjanna \u00ed samf\u00e9laginu, sta\u00f0an r\u00e6dd og greind. Hugt\u00f6k kynja- og hinseginfr\u00e6\u00f0a sko\u00f0u\u00f0 og \u00edgrundu\u00f0. N\u00e1msf\u00f3lk r\u00fdnir eigi\u00f0 umhverfi og menningu me\u00f0 kynjagleraugum, orsakir og aflei\u00f0ingar kynjakerfis. Birtingarmyndir kynjamisr\u00e9ttis og annars f\u00e9lagslegs misr\u00e9ttis eru r\u00e6ddar \u00ed samhengi vi\u00f0 \u00e1hrif misr\u00e9ttis \u00e1 pers\u00f3nulega hamingju og samf\u00e9lagslega vels\u00e6ld. Me\u00f0al umfj\u00f6llunarefna eru v\u00e6ndi, kynhlutverk, kl\u00e1m, ofbeldi, mansal, sta\u00f0almyndir og fj\u00f6lmi\u00f0lar. Nemar skrifa lei\u00f0ab\u00f3k um alla efnis\u00fe\u00e6tti n\u00e1ms\u00fe\u00e1ttarins og vi\u00f0ra sko\u00f0anir s\u00ednar og upplifanir.", "knowledge_goals": ["st\u00f6\u00f0u kynja \u00ed samf\u00e9l\u00f6gum n\u00e6r og fj\u00e6r", "birtingarmyndum misr\u00e9ttis", "\u00e1hrifum fj\u00f6lmi\u00f0la og sta\u00f0almynda \u00e1 sj\u00e1lfsmynd", "tengslum kynhlutverka og vinnumarka\u00f0ar", "samhengi f\u00e9lagsm\u00f3tunar, vi\u00f0horfa og v\u00e6ntinga", "mikilv\u00e6gi vitundarvakningar \u00e1 f\u00e9lagslegum vandam\u00e1lum", "hugt\u00f6kum kynjafr\u00e6\u00f0innar."], "skills_goals": ["beita kynjagleraugum \u00e1 f\u00e9lagslegan veruleika samf\u00e9lagsins", "taka \u00fe\u00e1tt \u00ed r\u00f6kr\u00e6\u00f0u um st\u00f6\u00f0u kynja og orsakir misr\u00e9ttis", "r\u00fdna \u00ed \u00fdmis svi\u00f0 samf\u00e9lagsins og leggja mat \u00e1 st\u00f6\u00f0u kynjanna eins og h\u00fan birtist \u00fear", "setja sig \u00ed spor annarra", "r\u00fdna eigin vi\u00f0horf og v\u00e6ntingar."], "credits": 100, "last_modified": 1622814679.613706, "schools": ["524aa78b62933a493f000366"], "coauthors": null, "instructions": "", "continued_education": true, "level": 2, "prerequisites": "", "author": "060559bb-2dc0-4d56-be60-2cd7a0abe119", "abbreviation_version": null, "competence_goals": [["gl\u00f6ggva sig \u00e1 eigin st\u00f6\u00f0u m.t.t. kyns", ""], ["setja eigin pers\u00f3nu \u00ed samhengi f\u00e9lagsm\u00f3tunar og kynhlutverka", ""], ["meta og taka afst\u00f6\u00f0u til \u00f3l\u00edkra jafnr\u00e9ttism\u00e1la", ""], ["fjalla um helstu orsakir mismununar kynja \u00fat fr\u00e1 hugmyndum kynjafr\u00e6\u00f0i", ""], ["r\u00fdna og r\u00e6\u00f0a valdatengsl \u00ed samf\u00e9laginu", ""], ["yfirf\u00e6ra \u00f3jafnr\u00e9tti eins h\u00f3ps \u00e1 annan.", ""]], "_id": "60ba2fd7e3d27f19d50009a0"}, {"exemplary": null, "topics": "lyfjafr\u00e6\u00f0i fyrir f\u00e9lagsli\u00f0a", "abbreviation": "F-LYFJ2LF", "former_schools": null, "subject": "Lyfjafr\u00e6\u00f0i", "title": "Lyfjafr\u00e6\u00f0i", "version": 8, "status_trans": "Sam\u00feykkt af sk\u00f3la", "embedded_subject": {"abbreviation": "LYFJ", "topics": [{"abbreviation": "TT", "topics": ["Tannt\u00e6kni"]}, {"abbreviation": "TL", "topics": ["lyf", "tannl\u00e6knastofur"]}, {"abbreviation": "LY", "topics": ["LYFJ"]}, {"abbreviation": "LS", "topics": ["lyf", "sj\u00fakrastofnanir"]}, {"abbreviation": "GA", "topics": ["Grunnur A"]}, {"abbreviation": "GB", "topics": ["Grunnur B"]}, {"abbreviation": "LF", "topics": ["lyfjafr\u00e6\u00f0i fyrir f\u00e9lagsli\u00f0a"]}], "_id": "51649b8c62933a5f9b001b01", "subjects": ["Lyfjafr\u00e6\u00f0i"], "counter": {"1": 1, "3": 0, "2": 7, "4": 0}}, "evaluation": "S\u00edmat me\u00f0 fj\u00f6lbreyttum matsa\u00f0fer\u00f0um og \u00e1herslu \u00e1 lei\u00f0sagnarmat, munnlegt og skriflegt, samofi\u00f0 kennslu. Verkefni \u00fdmist \u00ed formi einstaklings-, h\u00f3pa-, umr\u00e6\u00f0u- og netverkefni.", "categorization_suggestion": null, "embedded_topics": {"abbreviation": "LF", "topics": ["lyfjafr\u00e6\u00f0i fyrir f\u00e9lagsli\u00f0a"]}, "status": "approved by school", "description": "Fjalla\u00f0 er almennt um lyf og hugt\u00f6k sem notu\u00f0 eru \u00ed lyfjafr\u00e6\u00f0i s.s. lyfjaform, \u00e1bendingar, fr\u00e1bendingar, aukaverkanir, fr\u00e1sog, skammtast\u00e6r\u00f0ir, flokkun lyfja, helmingunart\u00edma, l\u00e6knisfr\u00e6\u00f0ilegan stu\u00f0ul, a\u00f0gengi og me\u00f0h\u00f6ndlun lyfja. Fari\u00f0 yfir flokkunarkerfi lyfja og teknir fyrir helstu flokkar sem tengjast algengum sj\u00fakd\u00f3mum og kvillum. \u00cd \u00fev\u00ed samhengi er m.a. fjalla\u00f0 um ge\u00f0lyf, lyf vi\u00f0 hjarta-, \u00e6\u00f0a- og meltingarsj\u00fakd\u00f3mum, sykurs\u00fdki, sto\u00f0kerfisvanda og -verkjum, h\u00fa\u00f0- og \u00f6ndunarf\u00e6rasj\u00fakd\u00f3mum. \u00c1hersla \u00e1 a\u00f0 nemar \u00f6\u00f0list leikni \u00ed a\u00f0 afla s\u00e9r hagn\u00fdtra uppl\u00fdsinga um lyf, fjalla\u00f0 er um mikilv\u00e6g atri\u00f0i tengd lyfjaformi og lyfjagj\u00f6f og a\u00f0 auki r\u00e6dd \u00fdmis \u00e1litam\u00e1l \u00ed tengslum vi\u00f0 misnotkun lyfja. ", "knowledge_goals": ["helstu lyfjaflokkum vi\u00f0 algengum sj\u00fakd\u00f3mum og kvillum", "ATC -flokkunarkerfi lyfja", "hugt\u00f6kum um virkni lyfja, fr\u00e1sog, umbrot og \u00fatskilna\u00f0 \u00far l\u00edkamanum", "mikilv\u00e6gi \u00f6flunar \u00e1rei\u00f0anlegra uppl\u00fdsinga um lyf", "helstu atri\u00f0um var\u00f0andi lyfjaform og lyfjagj\u00f6f", "lyfjamisnotkun og \u00e1vanah\u00e6ttu \u00e1kve\u00f0inna lyfja"], "skills_goals": ["lesa og greina uppl\u00fdsingar \u00ed fylgise\u00f0lum lyfja", "afla mikilv\u00e6gra uppl\u00fdsinga um lyf og a\u00f0 leita uppl\u00fdsinga me\u00f0 mismunandi h\u00e6tti \u00ed s\u00e9rlyfjaskr\u00e1", "a\u00f0sto\u00f0a \u00fej\u00f3nustunotendur vi\u00f0 notkun \u00fdmissa lyfjaforma", "afla uppl\u00fdsinga um algeng lyf sem tengjast lyfjamisnotkun."], "credits": 100, "last_modified": 1623059350.938995, "schools": ["524aa78b62933a493f000366"], "coauthors": null, "instructions": "", "continued_education": true, "level": 2, "prerequisites": "A\u00f0gangur a\u00f0 n\u00e1mslei\u00f0inni \u2013 mat fr\u00e6\u00f0slua\u00f0ila", "author": "060559bb-2dc0-4d56-be60-2cd7a0abe119", "abbreviation_version": null, "competence_goals": [["mi\u00f0la uppl\u00fdsingum um lyf til \u00fej\u00f3nustunotenda", ""], ["bera saman tengsl aukaverkana lyfja vi\u00f0 verkun \u00feeirra", ""], ["r\u00e6\u00f0a \u00fdmis \u00e1litam\u00e1l tengd misnotkun \u00e1 lyfjum", ""], ["lei\u00f0beina og a\u00f0sto\u00f0a \u00fej\u00f3nustunotendur vi\u00f0 t\u00f6ku tiltekinna lyfjaskammta.", ""]], "_id": "60bdeb96e3d27f7cca000360"}, {"exemplary": null, "topics": "n\u00e6ringarfr\u00e6\u00f0i", "abbreviation": "F-N\u00c6RG2NF", "former_schools": null, "subject": "N\u00e6ringarfr\u00e6\u00f0i", "title": "N\u00e6ringarfr\u00e6\u00f0i", "version": 4, "status_trans": "Sam\u00feykkt af sk\u00f3la", "embedded_subject": {"abbreviation": "N\u00c6RG", "topics": [{"abbreviation": "FV", "topics": ["N\u00e6ringarfr\u00e6\u00f0i grunnur"]}, {"abbreviation": "MK", "topics": ["S\u00e9rh\u00e6f\u00f0 n\u00e6ringarfr\u00e6\u00f0i"]}, {"abbreviation": "SN", "topics": ["S\u00e9rt\u00e6k n\u00e6ringarfr\u00e6\u00f0i"]}, {"abbreviation": "NF", "topics": ["n\u00e6ringarfr\u00e6\u00f0i"]}], "_id": "592232da62933a4e92058432", "subjects": ["N\u00e6ringarfr\u00e6\u00f0i"], "counter": {"1": 0, "3": 0, "2": 3, "4": 0}}, "evaluation": "S\u00edmat me\u00f0 fj\u00f6lbreyttum matsa\u00f0fer\u00f0um og \u00e1herslu \u00e1 lei\u00f0sagnarmat, munnlegt og skriflegt, samofi\u00f0 kennslu. Verkefni \u00fdmist \u00ed formi einstaklings-, h\u00f3pa-, umr\u00e6\u00f0u- og netverkefni.", "categorization_suggestion": null, "embedded_topics": {"abbreviation": "NF", "topics": ["n\u00e6ringarfr\u00e6\u00f0i"]}, "status": "approved by school", "description": "Kynntir eru grunn\u00fe\u00e6ttir n\u00e6ringarfr\u00e6\u00f0i, hva\u00f0 er hollt e\u00f0a \u00f3hollt, mikilv\u00e6gi me\u00f0vitundar um eigin \u00e1byrg\u00f0 \u00e1 g\u00f3\u00f0ri n\u00e6ringu og vir\u00f0i g\u00f3\u00f0ra neysluvenja fyrir heilbrig\u00f0a \u00fej\u00f3\u00f0. Fjalla\u00f0 er um \u00f6ll helstu n\u00e6ringarefni, hlutverk, dags\u00fe\u00f6rf og skortseinkenni. Fari\u00f0 yfir r\u00e1\u00f0leggingar um matar\u00e6\u00f0i og n\u00e6ringu, f\u00e6\u00f0uhringinn og sko\u00f0a\u00f0ar kannanir \u00e1 matar\u00e6\u00f0i \u00cdslendinga. Kynntar eru merkingar matv\u00e6la, aukaefni \u00ed matv\u00e6lum auk matars\u00fdkinga og matareitrana. Fari\u00f0 er \u00ed n\u00e6ringu \u00f3l\u00edkra h\u00f3pa s.s. n\u00e6ringu \u00e1 me\u00f0g\u00f6ngu, n\u00e6ringu barna, n\u00e6ringu \u00ed\u00fer\u00f3ttaf\u00f3lks og n\u00e6ringu aldra\u00f0ra. Nemar reikna \u00fat orkuinnihald og n\u00e6ringargildi, t\u00falka r\u00e1\u00f0leggingar um matar\u00e6\u00f0i og merkingar matv\u00e6la, gera matse\u00f0la og r\u00e1\u00f0leggja \u00f3l\u00edkum h\u00f3pum um matar\u00e6\u00f0i. ", "knowledge_goals": ["hlutverki n\u00e6ringarefna, dags\u00fe\u00f6rf einstaklings og skortseinkennum", "r\u00e1\u00f0leggingum um matar\u00e6\u00f0i og n\u00e6ringu fyrir almenning", "ranns\u00f3knum \u00e1 matar\u00e6\u00f0i \u00ed \u00edslensku samf\u00e9lagi", "tengslum n\u00e6ringar vi\u00f0 sj\u00fakd\u00f3ma og heilsu f\u00f3lks", "n\u00e6ringu fyrir \u00f3l\u00edka h\u00f3pa f\u00f3lks, svo sem ungb\u00f6rn, \u00feunga\u00f0ar konur, aldra\u00f0a og \u00ed\u00fer\u00f3ttaf\u00f3lk", "s\u00e9rf\u00e6\u00f0i fyrir sj\u00faklinga", "innihaldsl\u00fdsingum matv\u00e6la og merkingum um n\u00e6ringargildi", "samsetningu matse\u00f0la og hvernig h\u00e6gt er a\u00f0 reikna \u00fat orku og innihald n\u00e6ringarefna."], "skills_goals": ["skipuleggja eigi\u00f0 matar\u00e6\u00f0i me\u00f0 ger\u00f0 matse\u00f0la", "afla s\u00e9r \u00e1rei\u00f0anlegra uppl\u00fdsinga um heilsusamlegt matar\u00e6\u00f0i", "n\u00fdta l\u00fdsingar \u00e1 innihaldi og n\u00e6ringargildi matv\u00e6la vi\u00f0 ger\u00f0 matse\u00f0la", "reikna \u00fat orku og innihald n\u00e6ringar matv\u00e6la", "setja saman matse\u00f0la fyrir \u00f3l\u00edka h\u00f3pa f\u00f3lks."], "credits": 100, "last_modified": 1623071762.263166, "schools": ["524aa78b62933a493f000366"], "coauthors": null, "instructions": "", "continued_education": true, "level": 2, "prerequisites": "", "author": "060559bb-2dc0-4d56-be60-2cd7a0abe119", "abbreviation_version": null, "competence_goals": [["velja heilsusamlegt matar\u00e6\u00f0i", ""], ["\u00fatsk\u00fdra munnlegar og myndr\u00e6nar r\u00e1\u00f0leggingar um matar\u00e6\u00f0i og n\u00e6ringarefni", ""], ["meta \u00e1rei\u00f0anleika uppl\u00fdsinga um heilsusamlegt matar\u00e6\u00f0i", ""], ["meta hollustugildi matv\u00e6la \u00fat fr\u00e1 innihaldsl\u00fdsingum og l\u00fdsingu \u00e1 n\u00e6ringargildi", ""], ["skipuleggja heilsusamlegt matar\u00e6\u00f0i fyrir mismunandi h\u00f3pa f\u00f3lks.", ""]], "_id": "60be1c12e3d27f7cca000909"}, {"exemplary": null, "topics": "Samskipti, \u00fej\u00f3nusta", "abbreviation": "F-SAMS1SS", "former_schools": null, "subject": "Samskipti og \u00fej\u00f3nusta", "title": "Samvinna og samskipti", "version": 9, "status_trans": "Sam\u00feykkt af sk\u00f3la", "embedded_subject": {"abbreviation": "SAMS", "topics": [{"abbreviation": "SS", "topics": ["Samskipti", "\u00fej\u00f3nusta"]}, {"abbreviation": "SV", "topics": ["Samskipti", "verkstj\u00f3n"]}, {"abbreviation": "\u00deF", "topics": ["\u00dej\u00f3nustuf\u00e6rni"]}, {"abbreviation": "SF", "topics": ["S\u00f6luf\u00e6rni"]}], "_id": "5151bb7762933a5f9b0009e4", "subjects": ["Samskipti og \u00fej\u00f3nusta"], "counter": {"1": 8, "3": 0, "2": 1, "4": 0}}, "evaluation": "S\u00edmat me\u00f0 fj\u00f6lbreyttum matsa\u00f0fer\u00f0um og \u00e1herslu \u00e1 lei\u00f0sagnarmat sem byggir \u00e1 vinnu og virkni nema. Nemar kynna eigin verkefni og ni\u00f0urst\u00f6\u00f0ur. ", "categorization_suggestion": null, "embedded_topics": {"abbreviation": "SS", "topics": ["Samskipti", "\u00fej\u00f3nusta"]}, "status": "approved by school", "description": "Fjalla\u00f0 er um mikilv\u00e6gi g\u00f3\u00f0rar samskiptaf\u00e6rni og hvernig \u00f3l\u00edk framkoma getur tengst l\u00ed\u00f0an og \u00e1rangri \u00ed l\u00edfi og starfi. \u00c1hersla \u00e1 a\u00f0 n\u00e1msf\u00f3lk ver\u00f0i me\u00f0vita\u00f0 um eigin \u00e1byrg\u00f0 og um \u00e1hrif framkomu \u00feeirra / annarra \u00e1 umhverfi og f\u00f3lk. Samskiptaf\u00e6rni nema er styrkt og efld markvisst me\u00f0al annars me\u00f0 umfj\u00f6llun um eigin hugsanir, formleg og \u00f3formleg samskipti, ger\u00f0ir hlustunar, hr\u00f3s, gagnr\u00fdni og \u00farlausn \u00e1greinings. Nemar f\u00e1 \u00fej\u00e1lfun \u00ed a\u00f0 efla me\u00f0 s\u00e9r \u00fe\u00e6tti sem stu\u00f0la a\u00f0 uppbyggilegum pers\u00f3nulegum og faglegum samskiptum. Fjalla\u00f0 er um gildi og e\u00f0li samskipta og tekin fyrir grunnatri\u00f0i \u00ed samtalst\u00e6kni.", "knowledge_goals": ["\u00f3l\u00edkum samskiptaformum og \u00e1hrifum \u00feeirra \u00e1 f\u00f3lk", "mikilv\u00e6gi ford\u00f3maleysis og sk\u00fdrra samskipta", "lausnarmi\u00f0u\u00f0um samskiptum vi\u00f0 \u00fej\u00f3nustunotendur og samstarfsa\u00f0ila", "hvatningu og fj\u00f6lbreyttum lei\u00f0um til a\u00f0 hr\u00f3sa", "gildi uppbyggilegrar gagnr\u00fdni sem vi\u00f0takandi og veitandi", "\u00f3l\u00edkri n\u00e1lgun \u00ed samskiptum vi\u00f0 \u00fej\u00f3nustunotendur svo sem eftir aldri og s\u00e9r\u00fe\u00f6rfum \u00feeirra."], "skills_goals": ["greina helstu \u00e1hrifa\u00fe\u00e6tti \u00ed framkomu f\u00f3lks ", "beita ford\u00f3malausum og sk\u00fdrum samskiptum", "takast \u00e1 vi\u00f0 \u00e1byrg\u00f0arhlutverk og verkefnastj\u00f3rn", "nota fj\u00f6lbreyttar lei\u00f0ir til a\u00f0 hr\u00f3sa og hvetja, markvisst og uppbyggilega", "beita uppbyggilegri gagnr\u00fdni \u00e1 vettvangi vinnunnar."], "credits": 100, "last_modified": 1623073081.722676, "schools": ["524aa78b62933a493f000366"], "coauthors": null, "instructions": "", "continued_education": true, "level": 1, "prerequisites": "", "author": "060559bb-2dc0-4d56-be60-2cd7a0abe119", "abbreviation_version": null, "competence_goals": [["beita lausnarmi\u00f0u\u00f0um samskiptum", ""], ["nota fj\u00f6lbreyttar lei\u00f0ir til a\u00f0 hr\u00f3sa og hvetja, markvisst og uppbyggilega", ""], ["beita uppbyggilegri gagnr\u00fdni \u00e1 vettvangi vinnunnar.", ""]], "_id": "60be2139e3d27f7cca0009c7"}, {"exemplary": null, "topics": "Skyndihj\u00e1lp", "abbreviation": "F-SKYN2SP", "former_schools": null, "subject": "skyndihj\u00e1lp", "title": "Skyndihj\u00e1lp", "version": 11, "status_trans": "Sam\u00feykkt af sk\u00f3la", "embedded_subject": {"abbreviation": "SKYN", "topics": [{"abbreviation": "SE", "topics": ["endurl\u00edfgun", "skyndihj\u00e1lp"]}, {"abbreviation": "E\u00c1", "topics": ["Endurl\u00edfgun", "me\u00f0fer\u00f0", "\u00e1verkar"]}, {"abbreviation": "GR", "topics": ["Grunnn\u00e1mskei\u00f0"]}, {"abbreviation": "SH", "topics": ["1. hj\u00e1lp og s\u00e1lr\u00e6nn stu\u00f0ningur", "Almenn skyndihj\u00e1lp"]}, {"abbreviation": "SK", "topics": ["Skyndihj\u00e1lp \u00e1 starfsbraut"]}, {"abbreviation": "S\u00de", "topics": ["Skyndihj\u00e1lp", "heilsur\u00e6kt"]}, {"abbreviation": "HJ", "topics": ["almenn skyndihj\u00e1lp"]}, {"abbreviation": "SP", "topics": ["Skyndihj\u00e1lp"]}, {"abbreviation": "HS", "topics": ["h\u00e6ttur", "minnih\u00e1ttar \u00e1verkar", "ska\u00f0i", "slys"]}], "_id": "51275b4062933a682f000162", "subjects": ["skyndihj\u00e1lp"], "counter": {"1": 8, "3": 1, "2": 10, "4": 0}}, "evaluation": "S\u00edmat me\u00f0 fj\u00f6lbreyttum matsa\u00f0fer\u00f0um og \u00e1herslu \u00e1 lei\u00f0sagnarmat, munnlegt og skriflegt, samofi\u00f0 kennslu. Verklegar \u00e6fingar og virkni nema \u00ed t\u00edmum auk munnlegra og skriflegra verkefna.", "categorization_suggestion": null, "embedded_topics": {"abbreviation": "SP", "topics": ["Skyndihj\u00e1lp"]}, "status": "approved by school", "description": "Fjalla\u00f0 er um r\u00e9tt vi\u00f0br\u00f6g\u00f0 \u00e1 slyssta\u00f0, sko\u00f0un og mat. N\u00e1msf\u00f3lk f\u00e6r \u00fej\u00e1lfun \u00ed endurl\u00edfgun og me\u00f0fer\u00f0 vi\u00f0 helstu tegundum bl\u00e6\u00f0inga, lost og vi\u00f0br\u00f6g\u00f0 vi\u00f0 lost\u00e1standi. Helstu tegundir s\u00e1ra, umb\u00fa\u00f0a og s\u00e1rabinda. R\u00e6tt um bruna, helstu orsakir og flokkun brunas\u00e1ra, r\u00e9tt vi\u00f0br\u00f6g\u00f0 og skyndihj\u00e1lp vegna brunas\u00e1ra. Helstu h\u00f6fu\u00f0-, h\u00e1ls- og hrygg\u00e1verkum eru ger\u00f0 skil \u00e1samt brj\u00f3st-, kvi\u00f0- og mja\u00f0ma\u00e1verkum og fjalla\u00f0 um bestu vi\u00f0br\u00f6g\u00f0. Einnig er fari\u00f0 \u00ed beina-, li\u00f0am\u00f3ta- og v\u00f6\u00f0va\u00e1verka. \u00c6f\u00f0 er spelkun vegna \u00fatlima\u00e1verka. Fjalla\u00f0 er um br\u00e1\u00f0asj\u00fakd\u00f3ma, eitranir, bit og stungur. Sko\u00f0u\u00f0 eru mikilv\u00e6g vi\u00f0br\u00f6g\u00f0 vi\u00f0 kali og ofk\u00e6lingu og h\u00e1ska af v\u00f6ldum hita. Ger\u00f0 er grein fyrir bj\u00f6rgun og flutningi einstaklinga af slyssta\u00f0. ", "knowledge_goals": ["hugmyndafr\u00e6\u00f0i skyndihj\u00e1lpar", "dau\u00f0ad\u00e1i og endurl\u00edfgun", "losti og vi\u00f0br\u00f6g\u00f0um vi\u00f0 \u00fev\u00ed", "helstu tegundum s\u00e1ra og vi\u00f0br\u00f6g\u00f0um vi\u00f0 \u00feeim", "mati \u00e1 brunas\u00e1rum", "helstu h\u00f6fu\u00f0-, h\u00e1ls-, hryggjar-, brj\u00f3st-, kvi\u00f0-, mja\u00f0ma-, beina-, li\u00f0am\u00f3ta- og v\u00f6\u00f0va\u00e1verkum", "skyndihj\u00e1lp vi\u00f0 br\u00e1\u00f0um sj\u00fakd\u00f3mum", "helstu forv\u00f6rnum gegn kali, ofk\u00e6lingu og ofhitnun."], "skills_goals": ["framkv\u00e6ma sko\u00f0un og mat \u00e1 sl\u00f6su\u00f0um einstaklingum", "breg\u00f0ast vi\u00f0 yfirvofandi lost\u00e1standi", "vi\u00f0br\u00f6g\u00f0um vi\u00f0 bruna", "breg\u00f0ast vi\u00f0 helstu h\u00f6fu\u00f0-, h\u00e1ls-, hryggjar-, brj\u00f3st-, kvi\u00f0-, mja\u00f0ma-, beina-, li\u00f0am\u00f3ta- og v\u00f6\u00f0va\u00e1verkum", "spelka brot/tognun", "breg\u00f0ast r\u00e9tt vi\u00f0 dau\u00f0ad\u00e1i."], "credits": 20, "last_modified": 1623076997.158481, "schools": ["524aa78b62933a493f000366"], "coauthors": null, "instructions": "", "continued_education": true, "level": 2, "prerequisites": "", "author": "060559bb-2dc0-4d56-be60-2cd7a0abe119", "abbreviation_version": null, "competence_goals": [["beita fyrstu hj\u00e1lp vi\u00f0 slasa\u00f0a og/e\u00f0a br\u00e1\u00f0veika einstaklinga \u00fear til hj\u00e1lp fagf\u00f3lks tekur vi\u00f0", ""], ["b\u00faa um helstu tegundir bl\u00e6\u00f0inga og s\u00e1ra", ""], ["meta og veita fyrstu hj\u00e1lp var\u00f0andi brunas\u00e1r", ""], ["meta og veita fyrstu hj\u00e1lp vi\u00f0 helstu h\u00f6fu\u00f0-, h\u00e1ls-, hryggjar-, brj\u00f3st-, kvi\u00f0-, mja\u00f0ma-, beina-, li\u00f0am\u00f3ta- og v\u00f6\u00f0va\u00e1verkum", ""], ["meta og veita fyrstu hj\u00e1lp vi\u00f0 kali, ofk\u00e6lingu og ofhitnun.", ""]], "_id": "60be3085e3d27f7cca000b84"}, {"exemplary": null, "topics": "T\u00f6flureiknir, t\u00f6lfr\u00e6\u00f0i", "abbreviation": "F-ST\u00c6R2E\u00c6", "former_schools": null, "subject": "st\u00e6r\u00f0fr\u00e6\u00f0i", "title": "St\u00e6r\u00f0fr\u00e6\u00f0i fyrir f\u00e9lagsli\u00f0a", "version": 123, "status_trans": "Sam\u00feykkt af sk\u00f3la", "embedded_subject": {"abbreviation": "ST\u00c6R", "topics": [{"abbreviation": "FN", "topics": ["fylkjareikningur", "l\u00ednuleg bestun", "netafr\u00e6\u00f0i"]}, {"abbreviation": "HR", "topics": ["heildun", "ra\u00f0ir", "runur", "r\u00famm\u00e1l sn\u00fa\u00f0s"]}, {"abbreviation": "DF", "topics": ["deildun", "f\u00f6ll", "markgildi"]}, {"abbreviation": "TD", "topics": ["deildaj\u00f6fnur", "tvinnt\u00f6lur"]}, {"abbreviation": "HV", "topics": ["hornaf\u00f6ll", "vigrar"]}, {"abbreviation": "T\u00c1", "topics": ["t\u00f6lfr\u00e6\u00f0i", "\u00e1lyktunart\u00f6lfr\u00e6\u00f0i"]}, {"abbreviation": "LT", "topics": ["l\u00edkindareikningur", "talningafr\u00e6\u00f0i", "t\u00f6lfr\u00e6\u00f0i"]}, {"abbreviation": "AT", "topics": ["algebra", "j\u00f6fnur", "talnafr\u00e6\u00f0i"]}, {"abbreviation": "AF", "topics": ["algebra", "f\u00f6ll", "gr\u00f6f"]}, {"abbreviation": "HM", "topics": ["h\u00e1t\u00ed\u00f0isdagar", "merkisdagar"]}, {"abbreviation": "GS", "topics": ["grunna\u00f0ger\u00f0ir"]}, {"abbreviation": "VG", "topics": ["grunna\u00f0ger\u00f0ir", "ver\u00f0\u00fatreikningar"]}, {"abbreviation": "MU", "topics": ["m\u00e6lieiningar", "uppskriftir"]}, {"abbreviation": "HP", "topics": ["heimilisinnkaup"]}, {"abbreviation": "RD", "topics": ["d\u00e6mareikningur", "r\u00f6khugsun"]}, {"abbreviation": "VK", "topics": ["keilusni\u00f0", "vigrar"]}, {"abbreviation": "AL", "topics": ["algebra"]}, {"abbreviation": "HA", "topics": ["hagn\u00fdt st\u00e6r\u00f0fr\u00e6\u00f0i daglegs l\u00edfs"]}, {"abbreviation": "AX", "topics": ["f\u00f6ll og deildun"]}, {"abbreviation": "AN", "topics": ["hornafr\u00e6\u00f0i", "keilusni\u00f0", "vigrar"]}, {"abbreviation": "CT", "topics": ["t\u00f6lfr\u00e6\u00f0i og l\u00edkindafr\u00e6\u00f0i"]}, {"abbreviation": "BR", "topics": ["klass\u00edsk r\u00famfr\u00e6\u00f0i"]}, {"abbreviation": "BH", "topics": ["algebra", "b", "h", "margli\u00f0ur og fleygbogar"]}, {"abbreviation": "GN", "topics": ["grunn\u00e1fangi \u00e1 n\u00e1tt\u00faruv\u00edsindabraut"]}, {"abbreviation": "LH", "topics": ["hornaf\u00f6ll og vigrar o.fl.", "lotubundin f\u00f6ll"]}, {"abbreviation": "FH", "topics": ["grunn\u00e1fangi \u00e1 f\u00e9lags- og hugv\u00edsindabraut"]}, {"abbreviation": "T\u00d6", "topics": ["undirst\u00f6\u00f0uatri\u00f0i t\u00f6lfr\u00e6\u00f0i"]}, {"abbreviation": "VH", "topics": ["hornf\u00f6ll", "vigrar o.fl."]}, {"abbreviation": "FD", "topics": ["algengustu f\u00f6ll", "deildun \u00feeirra og helstu eiginleikar"]}, {"abbreviation": "\u00deR", "topics": ["\u00fer\u00edv\u00ed\u00f0 r\u00famfr\u00e6\u00f0i"]}, {"abbreviation": "SS", "topics": ["strj\u00e1l st\u00e6r\u00f0fr\u00e6\u00f0i"]}, {"abbreviation": "TF", "topics": ["\u00e1lyktunart\u00f6lfr\u00e6\u00f0i"]}, {"abbreviation": "UA", "topics": ["a", "upprifjun"]}, {"abbreviation": "UB", "topics": ["b", "undirb\u00faningur"]}, {"abbreviation": "HS", "topics": ["hagn\u00fdt", "st\u00e6r\u00f0fr\u00e6\u00f0i"]}, {"abbreviation": "TS", "topics": ["st\u00e6r\u00f0fr\u00e6\u00f0i", "t\u00f6luleg"]}, {"abbreviation": "AJ", "topics": ["algebra", "j\u00f6fnur"]}, {"abbreviation": "FJ", "topics": ["f\u00f6ll", "j\u00f6fnur"]}, {"abbreviation": "TL", "topics": ["l\u00edkindareikningur", "t\u00f6lfr\u00e6\u00f0i"]}, {"abbreviation": "DH", "topics": ["deildarj\u00f6fnur", "heildi"]}, {"abbreviation": "FA", "topics": ["aflei\u00f0ur", "ferlaranns\u00f3knir"]}, {"abbreviation": "RT", "topics": ["ranns\u00f3knir", "t\u00f6lfr\u00e6\u00f0i"]}, {"abbreviation": "Y\u00c1", "topics": ["yfirlit", "\u00e1fangi"]}, {"abbreviation": "SG", "topics": ["greining", "st\u00e6r\u00f0fr\u00e6\u00f0i"]}, {"abbreviation": "GR", "topics": ["grunn\u00e1fangi \u00ed st\u00e6r\u00f0fr\u00e6\u00f0i"]}, {"abbreviation": "MF", "topics": ["f\u00f6ll", "margli\u00f0ur"]}, {"abbreviation": "HO", "topics": ["hornafr\u00e6\u00f0i", "vigrar"]}, {"abbreviation": "DM", "topics": ["deildun", "markgildi"]}, {"abbreviation": "RH", "topics": ["heildun", "ra\u00f0ir", "runur"]}, {"abbreviation": "FT", "topics": ["brei\u00f0bogaf\u00f6ll", "fylkjareikningur", "tvinnt\u00f6lur"]}, {"abbreviation": "D\u00c6", "topics": ["d\u00e6gurd\u00e6mi"]}, {"abbreviation": "R\u00da", "topics": ["r\u00famfr\u00e6\u00f0i", "\u00fer\u00edv\u00eddd"]}, {"abbreviation": "D\u00d3", "topics": ["deildi", "\u00f3bein deildun. heildi og heildunara\u00f0fer\u00f0ir. fyrsta stigs deildaj\u00f6fnur."]}, {"abbreviation": "HT", "topics": ["2. stigs diffurj\u00f6fnur . runur og ra\u00f0ir", "hagn\u00fdting heildareiknings", "samleitnipr\u00f3f.", "tvinnt\u00f6lur"]}, {"abbreviation": "AG", "topics": ["r\u00famfr\u00e6\u00f0i", "t\u00f6lur og algebra"]}, {"abbreviation": "UN", "topics": ["undirb\u00fanings\u00e1fangi \u00ed st\u00e6r\u00f0fr\u00e6\u00f0i"]}, {"abbreviation": "FS", "topics": ["f\u00f6ll og r\u00f6kfr\u00e6\u00f0i", "st\u00e6r\u00f0fr\u00e6\u00f0i \u2013 talnafr\u00e6\u00f0i"]}, {"abbreviation": "L\u00c6", "topics": ["l\u00edkindafr\u00e6\u00f0i og fj\u00e1rm\u00e1lal\u00e6si", "t\u00f6lfr\u00e6\u00f0i"]}, {"abbreviation": "LE", "topics": ["t\u00f6lvugraf\u00edk og t\u00f6lvuleikir"]}, {"abbreviation": "BN", "topics": ["algebra", "b", "margli\u00f0ur og fleygbogar", "n"]}, {"abbreviation": "BX", "topics": ["algebra", "b", "fleygbogar", "lograr", "x"]}, {"abbreviation": "AH", "topics": ["algebra", "f\u00f6ll", "hornafr\u00e6\u00f0i", "margli\u00f0ur", "mengi"]}, {"abbreviation": "AR", "topics": ["algebra", "r\u00famfr\u00e6\u00f0i"]}, {"abbreviation": "JM", "topics": ["t\u00f6lur mengi  j\u00f6fnur r\u00f6kfr\u00e6\u00f0i talningarfr\u00e6\u00f0i"]}, {"abbreviation": "VI", "topics": ["vigrar hornaf\u00f6ll f\u00f6ll"]}, {"abbreviation": "DR", "topics": ["deildarj\u00f6fnu", "heildun", "runur og ra\u00f0ir"]}, {"abbreviation": "DE", "topics": ["deildun"]}, {"abbreviation": "HD", "topics": ["deildaj\u00f6fnun", "heildun", "ra\u00f0ir", "runur"]}, {"abbreviation": "HE", "topics": ["1.stigs deildarj\u00f6fnur.", "heildun", "runur og ra\u00f0ir"]}, {"abbreviation": "RF", "topics": ["r\u00famfr\u00e6\u00f0i"]}, {"abbreviation": "FO", "topics": ["forn\u00e1ms\u00e1fangi"]}, {"abbreviation": "AP", "topics": ["algengar reiknia\u00f0ger\u00f0ir", "peningar og m\u00e6lieiningar", "t\u00edmat\u00e1kn"]}, {"abbreviation": "SF", "topics": ["Forn\u00e1m \u00ed st\u00e6r\u00f0fr\u00e6\u00f0i"]}, {"abbreviation": "BB", "topics": ["Forn\u00e1m 2"]}, {"abbreviation": "RA", "topics": ["Algebra", "f\u00f6ll", "r\u00famfr\u00e6\u00f0i", "t\u00f6lfr\u00e6\u00f0i"]}, {"abbreviation": "L\u00c1", "topics": ["l\u00fdsandi t\u00f6lfr\u00e6\u00f0i", "t\u00f6flureiknir", "\u00e1lyktunart\u00f6lfr\u00e6\u00f0i"]}, {"abbreviation": "TJ", "topics": ["Almennur talnareikningur", "form\u00falur", "j\u00f6fnur", "pr\u00f3sentur"]}, {"abbreviation": "JH", "topics": ["J\u00f6fnur", "hlutf\u00f6ll", "hnitakerfi\u00f0", "talname\u00f0fer\u00f0"]}, {"abbreviation": "RV", "topics": ["hornafr\u00e6\u00f0i \u00fer\u00edhyrnings", "hornaf\u00f6ll", "vigrar"]}, {"abbreviation": "DT", "topics": ["deildaj\u00f6fnur", "heildi", "samleitni", "tvinnt\u00f6lur"]}, {"abbreviation": "DS", "topics": ["deildaj\u00f6fnur", "samleitni", "tvinnt\u00f6lur"]}, {"abbreviation": "\u00deV", "topics": ["keilusni\u00f0", "vigrar", "\u00fer\u00edv\u00ed\u00f0 r\u00famfr\u00e6\u00f0i"]}, {"abbreviation": "FG", "topics": ["algebra", "f\u00f6ll", "gr\u00f6f", "veldi og r\u00e6tur"]}, {"abbreviation": "CX", "topics": ["f\u00f6ll og deildun fyri M\u00c1L og F\u00c9L"]}, {"abbreviation": "A\u00de", "topics": ["a", "\u00ferautalausnir"]}, {"abbreviation": "C\u00de", "topics": ["\u00derautalausnir"]}, {"abbreviation": "DN", "topics": ["algebra", "margli\u00f0ur og fleygbogar"]}, {"abbreviation": "UT", "topics": ["t\u00f6lfr\u00e6\u00f0i"]}, {"abbreviation": "OJ", "topics": ["t\u00f6lugildi og j\u00f6fnuhneppi", "\u00f3j\u00f6fnur"]}, {"abbreviation": "RG", "topics": ["R\u00famfr\u00e6\u00f0i me\u00f0 GeoGebru"]}, {"abbreviation": "HG", "topics": ["hagn\u00fdt st\u00e6r\u00f0fr\u00e6\u00f0i"]}, {"abbreviation": "AA", "topics": ["algengar reiknia\u00f0ger\u00f0ir"]}, {"abbreviation": "HL", "topics": ["Heildun"]}, {"abbreviation": "FM", "topics": ["F\u00f6ll", "markgildi og deildun algengustu falla"]}, {"abbreviation": "SH", "topics": ["St\u00e6r\u00f0fr\u00e6\u00f0igreining", "deildaj\u00f6fnur", "heildun", "runur og ra\u00f0ir"]}, {"abbreviation": "MA", "topics": ["Mengi", "algebra"]}, {"abbreviation": "HK", "topics": ["Hornaf\u00f6ll", "keilusni\u00f0", "vigrar"]}, {"abbreviation": "RM", "topics": ["R\u00famfr\u00e6\u00f0i"]}, {"abbreviation": "AB", "topics": ["almenn brot"]}, {"abbreviation": "RR", "topics": ["Hagn\u00fdting heildareiknings", "runur og ra\u00f0ir"]}, {"abbreviation": "HB", "topics": ["Hnit og b\u00f3kstafareikningur"]}, {"abbreviation": "RU", "topics": ["R\u00famfr\u00e6\u00f0i og hornaf\u00f6ll"]}, {"abbreviation": "VJ", "topics": ["Veldi og j\u00f6fnur"]}, {"abbreviation": "GA", "topics": ["Grunna\u00f0ger\u00f0ir algebru"]}, {"abbreviation": "AD", "topics": ["algebra", "brot", "hlutfallareikningur"]}, {"abbreviation": "B\u00c1", "topics": ["Br\u00faar\u00e1fangi"]}, {"abbreviation": "SB", "topics": ["St\u00e6r\u00f0fr\u00e6\u00f0ibr\u00fa"]}, {"abbreviation": "SL", "topics": ["St\u00e6r\u00f0fr\u00e6\u00f0il\u00edk\u00f6n"]}, {"abbreviation": "ST", "topics": ["St\u00e6r\u00f0fr\u00e6\u00f0igrunnur", "f\u00f6ll og  hnitakerfi", "j\u00f6fnur", "r\u00famfr\u00e6\u00f0i"]}, {"abbreviation": "MV", "topics": ["Mengi", "hornaf\u00f6ll", "talningarfr\u00e6\u00f0i", "vigrar og keilusni\u00f0"]}, {"abbreviation": "FF", "topics": ["F\u00f6ll og ferlar"]}, {"abbreviation": "MD", "topics": ["F\u00f6ll", "margli\u00f0udeiling", "markgildi og deildun algengustu falla"]}, {"abbreviation": "SR", "topics": ["St\u00e6r\u00f0fr\u00e6\u00f0igreining", "fylkjareikningur", "heildun", "l\u00ednuleg bestun", "runur og ra\u00f0ir", "\u00ferepasannanir og margv\u00ed\u00f0 f\u00f6ll"]}, {"abbreviation": "HN", "topics": ["hnitakerfi"]}, {"abbreviation": "JF", "topics": ["f\u00f6ll", "j\u00f6fnur og \u00f3j\u00f6fnur", "l\u00edkindareikningur og t\u00f6lfr\u00e6\u00f0i", "rauntalnakerfi"]}, {"abbreviation": "LF", "topics": ["F\u00f6ll og ferlar - l\u00ednur og fleygbogar"]}, {"abbreviation": "R\u00d6", "topics": ["R\u00f6k og mengi"]}, {"abbreviation": "F\u00d6", "topics": ["F\u00f6ll", "ferlar", "fleygbogar", "keilusni\u00f0 og hornaf\u00f6ll", "l\u00ednur"]}, {"abbreviation": "MG", "topics": ["Markgildi og aflei\u00f0ur"]}, {"abbreviation": "JR", "topics": ["AJ", "BR"]}, {"abbreviation": "PV", "topics": ["aflei\u00f0ur", "lograr", "pr\u00f3sentur", "vaxtareikningur"]}, {"abbreviation": "FV", "topics": ["Heildun falla", "flatarm\u00e1l og r\u00famm\u00e1l"]}, {"abbreviation": "VS", "topics": ["Vi\u00f0skipta st\u00e6r\u00f0fr\u00e6\u00f0i"]}, {"abbreviation": "BT", "topics": ["B\u00f3kstafareikningur og talnal\u00e6si"]}, {"abbreviation": "XY", "topics": ["Algebra", "hnitakerfi\u00f0", "hornaf\u00f6ll.", "r\u00famfr\u00e6\u00f0i"]}, {"abbreviation": "XZ", "topics": ["Algebra", "hnitakerfi\u00f0", "hornaf\u00f6ll.", "j\u00f6fnur", "r\u00famfr\u00e6\u00f0i"]}, {"abbreviation": "TV", "topics": ["T\u00f6lfr\u00e6\u00f0i", "talningar", "vi\u00f0skipti."]}, {"abbreviation": "\u00c1T", "topics": ["T\u00f6lfr\u00e6\u00f0i", "\u00e1lyktunart\u00f6lfr\u00e6\u00f0i"]}, {"abbreviation": "TT", "topics": ["Algebra", "talningafr\u00e6\u00f0i", "t\u00f6lfr\u00e6\u00f0i og l\u00edkindareikningur"]}, {"abbreviation": "GH", "topics": ["algebra", "forgangsr\u00f6\u00f0 a\u00f0ger\u00f0a", "hnitakerfi"]}, {"abbreviation": "SI", "topics": ["St\u00e6r\u00f0fr\u00e6\u00f0i 1 \u00e1 starfsbraut"]}, {"abbreviation": "SJ", "topics": ["St\u00e6r\u00f0fr\u00e6\u00f0i 2 \u00e1 starfsbraut"]}, {"abbreviation": "SK", "topics": ["St\u00e6r\u00f0fr\u00e6\u00f0i 3 \u00e1 starfsbraut"]}, {"abbreviation": "GF", "topics": ["Grunn\u00e1fangi \u00ed st\u00e6r\u00f0fr\u00e6\u00f0i \u00e1 f\u00e9lagsv\u00edsindabraut"]}, {"abbreviation": "G\u00c1", "topics": ["Grunn\u00e1fangi \u00ed st\u00e6r\u00f0fr\u00e6\u00f0i \u00e1 n\u00e1tt\u00faruv\u00edsindabraut"]}, {"abbreviation": "DD", "topics": ["D\u00e6gurd\u00e6mi"]}, {"abbreviation": "FL", "topics": ["ST\u00c6R"]}, {"abbreviation": "HH", "topics": ["Hlutf\u00f6ll", "hornaf\u00f6ll"]}, {"abbreviation": "DL", "topics": ["Peningar", "t\u00edmahugt\u00f6k", "ver\u00f0gildi"]}, {"abbreviation": "PI", "topics": ["Peningar", "innkaup", "ver\u00f0mi\u00f0ar"]}, {"abbreviation": "PH", "topics": ["Peningar", "heimilisb\u00f3khald", "tekjur og \u00fatgj\u00f6ld"]}, {"abbreviation": "PR", "topics": ["Pr\u00f3sentureikningur"]}, {"abbreviation": "TG", "topics": ["Talnagildi"]}, {"abbreviation": "MH", "topics": ["F\u00f6ll", "fleygbogar", "hornaf\u00f6ll", "margli\u00f0ur"]}, {"abbreviation": "VR", "topics": ["Vigrar", "r\u00famfr\u00e6\u00f0i"]}, {"abbreviation": "CQ", "topics": ["f\u00f6ll og deildun. Annar \u00e1fangi"]}, {"abbreviation": "JV", "topics": ["2. stigs j\u00f6fnur", "hnitakerfi\u00f0 og algebrubrot", "v\u00edsif\u00f6ll"]}, {"abbreviation": "HI", "topics": ["Heildun og deildarj\u00f6fnur"]}, {"abbreviation": "BQ", "topics": ["Algebra", "brot", "fleygbogar og lograr"]}, {"abbreviation": "CC", "topics": ["Vigrar og hornaf\u00f6ll"]}, {"abbreviation": "EE", "topics": ["Heildun", "diffurj\u00f6fnur", "runur og ra\u00f0ir"]}, {"abbreviation": "FU", "topics": ["Heildun", "tvinnt\u00f6lur og diffurj\u00f6fnur"]}, {"abbreviation": "ES", "topics": ["Strj\u00e1l st\u00e6r\u00f0fr\u00e6\u00f0i"]}, {"abbreviation": "EL", "topics": ["L\u00ednuleg algebra"]}, {"abbreviation": "AM", "topics": ["Algebra", "f\u00f6ll og mengi"]}, {"abbreviation": "P\u00de", "topics": ["lausn jafna", "pr\u00f3sentureikningur", "r\u00famfr\u00e6\u00f0i", "talnareikningur"]}, {"abbreviation": "MM", "topics": ["fleygbogar", "hnitakerfi\u00f0", "margli\u00f0ur", "mengi"]}, {"abbreviation": "\u00deA", "topics": ["algebra", "hlutf\u00f6ll", "veldi", "\u00fer\u00edhyrningar"]}, {"abbreviation": "VA", "topics": ["Vi\u00f0skiptareikningur"]}, {"abbreviation": "HJ", "topics": ["hnitakerfi", "j\u00f6fnur", "margli\u00f0ur"]}, {"abbreviation": "YM", "topics": ["fylkjareikningur", "hagn\u00fdting \u00e1 diffurreikningi", "tvinnt\u00f6lureikningar"]}, {"abbreviation": "BD", "topics": ["brei\u00f0bogaf\u00f6ll", "diffurj\u00f6fnur", "fylki"]}, {"abbreviation": "DV", "topics": ["Diffrun", "f\u00f6ll", "v\u00edsis- og lograf\u00f6ll"]}, {"abbreviation": "VD", "topics": ["diffrun", "vigrar"]}, {"abbreviation": "HF", "topics": ["diffurj\u00f6fnur", "fylgi", "heildun", "r\u00famfr\u00e6\u00f0i"]}, {"abbreviation": "MJ", "topics": ["2. stigs j\u00f6fnur og \u00f3j\u00f6fnur", "Mengjareikningur", "gr\u00f6f", "margli\u00f0ur og l\u00f3garitma.", "veldi og r\u00e6tur"]}, {"abbreviation": "ML", "topics": ["Mengi", "j\u00f6fnur", "l\u00f3garitmar.", "margli\u00f0ur"]}, {"abbreviation": "KV", "topics": ["Vigrar", "hnitar\u00famfr\u00e6\u00f0i og r\u00f6kfr\u00e6\u00f0i.", "hornaf\u00f6ll", "keilusni\u00f0"]}, {"abbreviation": "DI", "topics": ["Heildun", "diffurj\u00f6fnur."]}, {"abbreviation": "TM", "topics": ["T\u00edmahugt\u00f6k"]}, {"abbreviation": "FX", "topics": ["Fallafr\u00e6\u00f0i"]}, {"abbreviation": "HX", "topics": ["Heildun fyrir raungreinabraut"]}, {"abbreviation": "LP", "topics": ["L\u00edkinda- og t\u00f6lfr\u00e6\u00f0i fyrir n\u00e1tt\u00farufr\u00e6\u00f0ibraut"]}, {"abbreviation": "LX", "topics": ["L\u00edkinda- og t\u00f6lfr\u00e6\u00f0i fyrir raungreinabraut"]}, {"abbreviation": "TX", "topics": ["Tvinnt\u00f6lur og diffurj\u00f6fnur"]}, {"abbreviation": "IB", "topics": ["Algebra", "flatarm\u00e1l og r\u00famm\u00e1l", "j\u00f6fnur"]}, {"abbreviation": "IA", "topics": ["Talnareikningur", "algebrugrunnur og hnitakerfi\u00f0"]}, {"abbreviation": "TA", "topics": ["T\u00f6lur", "algebra", "hj\u00e1lpart\u00e6ki"]}, {"abbreviation": "RB", "topics": ["Reiknia\u00f0ger\u00f0ir", "algebra", "brot og pr\u00f3sentur"]}, {"abbreviation": "TR", "topics": ["T\u00f6lur", "algebra", "j\u00f6fnur", "r\u00famfr\u00e6\u00f0i", "talningarfr\u00e6\u00f0i", "veldi"]}, {"abbreviation": "GB", "topics": ["Grunna\u00f0ger\u00f0ir", "brot", "peninga\u00fej\u00e1lfun", "pr\u00f3sentur"]}, {"abbreviation": "EF", "topics": ["Eigin fj\u00e1rm\u00e1l", "fj\u00e1rm\u00e1lal\u00e6si"]}, {"abbreviation": "BM", "topics": ["Brot og m\u00e6lingar"]}, {"abbreviation": "CA", "topics": ["St\u00e6r\u00f0fr\u00e6\u00f0igreining"]}, {"abbreviation": "VV", "topics": ["Pr\u00f3sentureikningur", "veltuhra\u00f0i", "v\u00edsitala", "v\u00f6rureikningur"]}, {"abbreviation": "AU", "topics": ["Talnareikningur", "algebra", "j\u00f6fnur og pr\u00f3sentur", "r\u00e6tur", "veldi"]}, {"abbreviation": "SD", "topics": ["Excel", "Peningar", "flatarm\u00e1l og r\u00famm\u00e1l", "hlutf\u00f6ll", "m\u00e6likvar\u00f0ar", "pr\u00f3sentur", "rekstur heimilis", "talnafr\u00e6\u00f0i", "t\u00f6lfr\u00e6\u00f0i"]}, {"abbreviation": "TP", "topics": ["T\u00f6lfr\u00e6\u00f0i", "a\u00f0hvarfsdreifing", "l\u00edkindadreifingar", "markt\u00e6knipr\u00f3f og fylgni"]}, {"abbreviation": "SN", "topics": ["Strj\u00e1l st\u00e6r\u00f0fr\u00e6\u00f0i", "r\u00f6kfr\u00e6\u00f0i og netafr\u00e6\u00f0i"]}, {"abbreviation": "AV", "topics": ["gr\u00fapur og baugar.", "heilt\u00f6lureikningur", "leifareikningur", "varpanir", "\u00ferepun"]}, {"abbreviation": "BG", "topics": ["Gr\u00fapur", "baugar", "fl\u00e9ttufr\u00e6\u00f0i", "net", "umr\u00f6\u00f0un"]}, {"abbreviation": "UR", "topics": ["almenn brot", "b\u00f3kstafareikningur", "j\u00f6fnur", "undirsta\u00f0a reiknia\u00f0ger\u00f0a", "veldi"]}, {"abbreviation": "MS", "topics": ["I\u00f0nreikningur"]}, {"abbreviation": "F\u00c1", "topics": ["Fj\u00e1rm\u00e1l"]}, {"abbreviation": "TU", "topics": ["Tugabrot"]}, {"abbreviation": "GT", "topics": ["Grunnst\u00e6r\u00f0fr\u00e6\u00f0it\u00e1kn"]}, {"abbreviation": "AS", "topics": ["Almenn st\u00e6r\u00f0fr\u00e6\u00f0i"]}, {"abbreviation": "FR", "topics": ["Flatarm\u00e1ls- og r\u00famm\u00e1lsfr\u00e6\u00f0i"]}, {"abbreviation": "XA", "topics": ["st\u00e6r\u00f0fr\u00e6\u00f0i daglegs l\u00edfs"]}, {"abbreviation": "XC", "topics": ["st\u00e6r\u00f0fr\u00e6\u00f0i me\u00f0 \u00e1herslu \u00e1 fj\u00e1rm\u00e1l"]}, {"abbreviation": "XD", "topics": ["fj\u00e1rm\u00e1lal\u00e6si", "st\u00e6r\u00f0fr\u00e6\u00f0i"]}, {"abbreviation": "XB", "topics": ["St\u00e6r\u00f0fr\u00e6\u00f0i daglegs l\u00edfs"]}, {"abbreviation": "SM", "topics": ["Hagn\u00fdt st\u00e6r\u00f0fr\u00e6\u00f0i fyrir nemendur \u00ed matv\u00e6la- og veitingagreina"]}, {"abbreviation": "FB", "topics": ["B hluti", "forn\u00e1m"]}, {"abbreviation": "KT", "topics": ["St\u00e6r\u00f0fr\u00e6\u00f0i"]}, {"abbreviation": "NB", "topics": ["Fleygbogar", "margli\u00f0ur"]}, {"abbreviation": "VE", "topics": ["Verslunarreikningur"]}, {"abbreviation": "EN", "topics": ["Endurlit og lei\u00f0beining"]}, {"abbreviation": "SZ", "topics": ["St\u00e6r\u00f0fr\u00e6\u00f0i \u00e1 starfsbraut"]}, {"abbreviation": "VF", "topics": ["Fj\u00e1rm\u00e1last\u00e6r\u00f0fr\u00e6\u00f0i"]}, {"abbreviation": "M\u00c1", "topics": ["St\u00e6r\u00f0fr\u00e6\u00f0i M\u00c1"]}, {"abbreviation": "PA", "topics": ["Algebra", "Pr\u00f3sentur"]}, {"abbreviation": "SA", "topics": ["Grunn\u00fe\u00e6ttir st\u00e6r\u00f0fr\u00e6\u00f0innar."]}, {"abbreviation": "SC", "topics": ["r\u00famm\u00e1l", "\u00datreikningar og st\u00e6r\u00f0fr\u00e6\u00f0ileg hugt\u00f6k"]}, {"abbreviation": "SE", "topics": ["metrakerfi\u00f0", "r\u00famm\u00e1l", "st\u00e6r\u00f0fr\u00e6\u00f0ileg hugt\u00f6k", "\u00fatreikningar"]}, {"abbreviation": "SO", "topics": ["almenn brot og tugakerfi", "metrakerfi\u00f0", "st\u00e6r\u00f0fr\u00e6\u00f0ileg hugt\u00f6k", "\u00datreikningar"]}, {"abbreviation": "SP", "topics": ["pr\u00f3sentureikningur", "r\u00famfr\u00e6\u00f0i", "st\u00e6r\u00f0fr\u00e6\u00f0ileg hugt\u00f6k", "\u00datreikningar"]}, {"abbreviation": "SU", "topics": ["\u00c1framhaldandi vinna me\u00f0 \u00fe\u00e6r reiknia\u00f0fer\u00f0ir sem b\u00fai\u00f0 er a\u00f0 leggja inn \u00ed fyrri \u00e1f\u00f6ngum. L\u00f6g\u00f0 \u00e1hersla \u00e1 markvissa \u00fej\u00e1lfun \u00ed \u00feessum a\u00f0fer\u00f0um."]}, {"abbreviation": "SV", "topics": ["Fari\u00f0 d\u00fdpra \u00ed reiknia\u00f0ger\u00f0ir. T\u00f6lfr\u00e6\u00f0i", "hnitakerfi", "me\u00f0altal"]}, {"abbreviation": "SX", "topics": ["\u00c1framhaldandi vinna me\u00f0 \u00fe\u00e6r reiknia\u00f0fer\u00f0ir sem lag\u00f0ar voru inn \u00ed SV. L\u00f6g\u00f0 \u00e1hersla \u00e1 a\u00f0 markvissa \u00fej\u00e1lfun \u00ed \u00feessum a\u00f0fer\u00f0um."]}, {"abbreviation": "LA", "topics": ["L\u00ednuleg algebra", "val"]}, {"abbreviation": "\u00cdA", "topics": ["Grunn\u00e1fangi"]}, {"abbreviation": "FY", "topics": ["Fylki og l\u00ednuleg bestun"]}, {"abbreviation": "H\u00d6", "topics": ["St\u00e6r\u00f0fr\u00e6\u00f0i \u00ed h\u00f6nnun og listum"]}, {"abbreviation": "DU", "topics": ["dulritun og talnafr\u00e6\u00f0i"]}, {"abbreviation": "VN", "topics": ["Fj\u00e1rm\u00e1last\u00e6r\u00f0fr\u00e6\u00f0i fyrir nemendur \u00e1 n\u00e1tt\u00faruv\u00edsindabraut"]}, {"abbreviation": "E\u00c6", "topics": ["T\u00f6flureiknir", "t\u00f6lfr\u00e6\u00f0i"]}, {"abbreviation": "GL", "topics": ["Forgagnsr\u00f6\u00f0 a\u00f0ger\u00f0a", "b\u00f3kstafareikningur", "grunn\u00fe\u00e6ttir SI-einingakerfis", "hlutf\u00f6ll", "sam\u00fe\u00e6tting vi\u00f0 t\u00f6flureikni \u00ed \u00farlausnum verkefna", "veldi og r\u00e6tur"]}, {"abbreviation": "ER", "topics": ["Evkl\u00ed\u00f0sk r\u00famfr\u00e6\u00f0i", "flatarm\u00e1lsfr\u00e6\u00f0i me\u00f0 \u00e1herslu \u00e1 hornafr\u00e6\u00f0i", "l\u00ednur og horn"]}, {"abbreviation": "UV", "topics": ["Hagn\u00fdt st\u00e6r\u00f0fr\u00e6\u00f0i \u00ed daglegu l\u00edfi", "grunn\u00fe\u00e6ttir t\u00f6lfr\u00e6\u00f0i", "t\u00f6flureiknir nota\u00f0ur vi\u00f0 \u00farlausnir verkefna", "verslunarreikningur"]}, {"abbreviation": "ME", "topics": ["Algebra", "annars stigs j\u00f6fnur", "fallhugtak", "f\u00f6ll og mengi", "margli\u00f0udeiling", "margli\u00f0ur"]}, {"abbreviation": "TN", "topics": ["T\u00f6lfr\u00e6\u00f0i fyrir nemendur \u00e1 n\u00e1tt\u00faruv\u00edsindabraut"]}, {"abbreviation": "GX", "topics": ["Diffrun og heildun"]}], "_id": "50c0a02dd8e40575f7f6f490", "subjects": ["st\u00e6r\u00f0fr\u00e6\u00f0i"], "counter": {"1": 128, "3": 118, "2": 122, "4": 8}}, "evaluation": "S\u00edmat me\u00f0 fj\u00f6lbreyttum matsa\u00f0fer\u00f0um og \u00e1herslu \u00e1 lei\u00f0sagnarmat sem byggir \u00e1 vinnu og virkni nema. Leitast er vi\u00f0 a\u00f0 nemar komi a\u00f0 matinu s.s. me\u00f0 jafningja- og sj\u00e1lfsmati. Verkefni \u00fdmist \u00ed formi einstaklings-, h\u00f3pa-, umr\u00e6\u00f0u- og netverkefni.", "categorization_suggestion": null, "embedded_topics": {"abbreviation": "E\u00c6", "topics": ["T\u00f6flureiknir", "t\u00f6lfr\u00e6\u00f0i"]}, "status": "approved by school", "description": "Fyrri hlutinn sn\u00fdst um kynningu og \u00fej\u00e1lfun \u00ed undirst\u00f6\u00f0uatri\u00f0um \u00ed notkun t\u00f6flureiknis. Seinni hlutinn sn\u00fdst um helstu verkefni t\u00f6lfr\u00e6\u00f0i og komi\u00f0 er inn \u00e1 grunn\u00fe\u00e6tti l\u00edkinda. Nemar \u00fej\u00e1lfast \u00ed a\u00f0 lesa \u00far t\u00f6lulegum g\u00f6gnum og tengja vi\u00f0 myndr\u00e6na framsetningu. Lesa uppl\u00fdsingar \u00far t\u00f6flum, l\u00ednu-, st\u00f6pla- og sk\u00edfuritum \u00e1samt \u00fev\u00ed a\u00f0 teikna sl\u00edk rit (myndir), einkum me\u00f0 a\u00f0sto\u00f0 t\u00f6flureiknis. Unni\u00f0 me\u00f0 me\u00f0altal, mi\u00f0gildi, t\u00ed\u00f0asta gildi og t\u00ed\u00f0ni \u00e1samt gagnas\u00f6fnun. Fari\u00f0 yfir einfalda framsetningu t\u00f6lulegra gagna, m.a. me\u00f0 myndritum og helstu form\u00falur \u00ed t\u00f6flureikni nota\u00f0ar. Notu\u00f0 og kynnt hugt\u00f6k t\u00f6lfr\u00e6\u00f0iranns\u00f3kna, s.s. \u00fe\u00fd\u00f0i, \u00fartak, \u00f3vissuvaldar \u00ed ranns\u00f3knum og misnotkun \u00e1 t\u00f6lfr\u00e6\u00f0i.", "knowledge_goals": ["grunnatri\u00f0um \u00ed notkun t\u00f6flureikna", "undirst\u00f6\u00f0u fyrir l\u00fdsandi t\u00f6lfr\u00e6\u00f0i", "helstu hugt\u00f6kum fyrir gagnas\u00f6fn og t\u00f6lfr\u00e6\u00f0i", "hugt\u00f6kum s.s. me\u00f0altal, vegi\u00f0 me\u00f0altal, mi\u00f0gildi, t\u00ed\u00f0asta gildi og t\u00ed\u00f0ni \u00e1samt fr\u00e1vikum", "einfaldri framsetningu og form\u00falum \u00ed t\u00f6flureikni", "t\u00f6lfr\u00e6\u00f0iranns\u00f3knum, \u00fe\u00fd\u00f0i, \u00fartaki, \u00f3vissuv\u00f6ldum", "l\u00edkindahugtakinu \u00e1samt \u00fatkomu, atbur\u00f0i og \u00fatkomur\u00fam."], "skills_goals": ["nota t\u00f6flureikni til a\u00f0 beita vi\u00f0eigandi a\u00f0fer\u00f0um vi\u00f0 \u00farlausnir t\u00f6lfr\u00e6\u00f0iverkefna", "reikna helstu  gildi sem l\u00fdsa gagnas\u00f6fnum, s.s. t\u00ed\u00f0asta gildi, me\u00f0altal, vegi\u00f0 me\u00f0atal og mi\u00f0gildi", "nota t\u00f6flureikna til a\u00f0 vinna \u00far t\u00f6lfr\u00e6\u00f0ilegum g\u00f6gnum", "lesa \u00far t\u00f6flum, l\u00ednu-, st\u00f6pla- og sk\u00edfuritum og teikna sl\u00edk rit me\u00f0 a\u00f0sto\u00f0 t\u00f6flureiknis", "vinna t\u00ed\u00f0nit\u00f6flu \u00far gagnasafni."], "credits": 100, "last_modified": 1624528845.550034, "schools": ["524aa78b62933a493f000366"], "coauthors": null, "instructions": "", "continued_education": true, "level": 2, "prerequisites": "St\u00e6r\u00f0fr\u00e6\u00f0i \u00e1 1. \u00ferepi, grunnsk\u00f3lapr\u00f3f me\u00f0 B (7 e\u00f0a h\u00e6rra) ", "author": "060559bb-2dc0-4d56-be60-2cd7a0abe119", "abbreviation_version": null, "competence_goals": [["beita vi\u00f0eigandi a\u00f0fer\u00f0um vi\u00f0 lausnir verkefna me\u00f0 t\u00f6flureikni", ""], ["tengja saman almenn t\u00f6lfr\u00e6\u00f0ileg hugt\u00f6k og myndr\u00e6nt efni", ""], ["greina og n\u00fdta uppl\u00fdsingar \u00far daglegu l\u00edfi me\u00f0 \u00fev\u00ed a\u00f0 nota t\u00f6flureikni", ""], ["i\u00f0ka gagnr\u00fdni \u00e1 t\u00f6lfr\u00e6\u00f0iuppl\u00fdsingar og r\u00e6\u00f0a um misbeitngu t\u00f6lfr\u00e6\u00f0i s.s. hlutf\u00f6ll og myndr\u00e6na framsetningu.", ""]], "_id": "60d457cde3d27f7c7a00030e"}, {"exemplary": null, "topics": "t\u00f6lvunotkun, uppl\u00fdsingamennt", "abbreviation": "F-UPPT2UT", "former_schools": null, "subject": "uppl\u00fdsingat\u00e6kni", "title": "Uppl\u00fdsingat\u00e6kni", "version": 8, "status_trans": "Sam\u00feykkt af sk\u00f3la", "embedded_subject": {"abbreviation": "UPPT", "topics": [{"abbreviation": "UT", "topics": ["t\u00f6lvunotkun", "uppl\u00fdsingamennt"]}, {"abbreviation": "US", "topics": ["pers\u00f3nuuppl\u00fdsingar", "sj\u00fakraskr\u00e1ning", "uppl\u00fdsingat\u00e6kni"]}, {"abbreviation": "TT", "topics": ["einf\u00f6ld forritun", "gagnasafnsfr\u00e6\u00f0i", "notkun t\u00f6flureikna", "vefs\u00ed\u00f0uger\u00f0"]}, {"abbreviation": "T\u00d6", "topics": ["Uppl\u00fdsingat\u00e6kni og t\u00f6lfr\u00e6\u00f0i"]}, {"abbreviation": "N\u00d6", "topics": ["Net\u00f6ryggi"]}, {"abbreviation": "SK", "topics": ["Sk\u00f6pun"]}, {"abbreviation": "TS", "topics": ["T\u00f6lvup\u00f3stsamskipti"]}, {"abbreviation": "RI", "topics": ["Ritun"]}, {"abbreviation": "RV", "topics": ["Ritvinnsla"]}, {"abbreviation": "MA", "topics": ["UPPT"]}, {"abbreviation": "SB", "topics": ["Uppl\u00fdsingat\u00e6kni \u00e1 starfsbraut"]}, {"abbreviation": "TF", "topics": ["T\u00f6lvuleikjaforritun"]}, {"abbreviation": "AF", "topics": ["Algeng forrit", "hj\u00e1lpart\u00e6ki", "samf\u00e9lagsmi\u00f0lar", "vefs\u00ed\u00f0ur"]}, {"abbreviation": "MM", "topics": ["Margmi\u00f0lun"]}, {"abbreviation": "UF", "topics": ["Uppl\u00fdsingat\u00e6kni \u00ed fer\u00f0a\u00fej\u00f3nustu"]}, {"abbreviation": "VA", "topics": ["Uppl\u00fdsinga og t\u00f6lvut\u00e6kni- val"]}, {"abbreviation": "UU", "topics": ["Forrit", "samf\u00e9lagsmi\u00f0lar", "uppl\u00fdsinganotkun.", "uppl\u00fdsinga\u00f6flun"]}, {"abbreviation": "LJ", "topics": ["Uppl\u00fdsingat\u00e6kni"]}, {"abbreviation": "ST", "topics": ["Spjaldt\u00f6lvur"]}, {"abbreviation": "OH", "topics": ["Opinn hugb\u00fana\u00f0ur"]}, {"abbreviation": "GR", "topics": ["Grunnur"]}, {"abbreviation": "SA", "topics": ["af\u00fereying og t\u00f3nlist", "samskipti"]}, {"abbreviation": "TU", "topics": ["t\u00f3mstundir og uppl\u00fdsingat\u00e6ni"]}, {"abbreviation": "KT", "topics": ["Uppl\u00fdsingat\u00e6kni og stafr\u00e6n mi\u00f0lun"]}, {"abbreviation": "SZ", "topics": ["Starfsbraut"]}, {"abbreviation": "\u00cdA", "topics": ["Grunn\u00e1fangi"]}, {"abbreviation": "EF", "topics": ["einf\u00f6ld forrit"]}, {"abbreviation": "G\u00c1", "topics": ["\u00e1hersla \u00e1 gagnsemi og \u00e1n\u00e6gju"]}, {"abbreviation": "LM", "topics": ["form", "litir", "lj\u00f3smyndir", "myndbandager\u00f0"]}, {"abbreviation": "FO", "topics": ["forritun"]}], "_id": "50c0a02dd8e40575f7f6f4d0", "subjects": ["uppl\u00fdsingat\u00e6kni"], "counter": {"1": 31, "3": 2, "2": 7, "4": 1}}, "evaluation": "Fj\u00f6lbreytt lei\u00f0sagnarmat sem byggir \u00e1 vinnu og virkni nema. Verkefni \u00fdmist sem einstaklings-, h\u00f3pa-, umr\u00e6\u00f0u- og netverkefni.", "categorization_suggestion": null, "embedded_topics": {"abbreviation": "UT", "topics": ["t\u00f6lvunotkun", "uppl\u00fdsingamennt"]}, "status": "approved by school", "description": "H\u00e6fni nema \u00ed t\u00f6lvu- og uppl\u00fdsingat\u00e6kni er efld me\u00f0 \u00fej\u00e1lfun sem byggir \u00e1 skilningi vi\u00f0 almenna t\u00f6lvuvinnslu. Fjalla\u00f0 um notkun t\u00f6lvup\u00f3sts og tengdra forrita til samn\u00fdtingar og sam\u00fe\u00e6ttingar annarra forrita auk almennra samskipta \u00e1 Netinu (bo\u00f0or\u00f0in 10). \u00de\u00e1 er fjalla\u00f0 um og \u00fej\u00e1lfu\u00f0 f\u00e6rni \u00ed notkun algengasta hugb\u00fana\u00f0ar fyrir ritvinnslu, t\u00f6flureikni og kynningar (gl\u00e6ruger\u00f0). N\u00e1msf\u00f3lk f\u00e6r \u00fej\u00e1lfun \u00ed framsetningu uppl\u00fdsinga \u00e1 margv\u00edslegu formi vi\u00f0 vinnslu verkefna. Fjalla\u00f0 um t\u00f6lvub\u00fana\u00f0 og hvernig best m\u00e1 hagn\u00fdta hann \u00ed n\u00e1mi og starfi. Fjalla\u00f0 er um almenn atri\u00f0i uppl\u00fdsingal\u00e6sis, m.a. er fari\u00f0 yfir uppl\u00fdsinga\u00f6flun, \u00fatg\u00e1fuform uppl\u00fdsinga, b\u00f3kas\u00f6fn, handb\u00e6kur og t\u00f6lvusamskipti.", "knowledge_goals": ["hugb\u00fana\u00f0i fyrir ritvinnslu, t\u00f6flureikni, kynningum og t\u00f6lvup\u00f3sti", "uppsetningu efnis \u00ed hugb\u00fana\u00f0i sem nota\u00f0ur er", "t\u00f6lvukerfi fr\u00e6\u00f0slua\u00f0ila", "mikilv\u00e6gi \u00feess a\u00f0 vanda sig \u00ed samskiptum \u00ed t\u00f6lvup\u00f3sti og \u00e1 neti", "skr\u00e1ningu og notkun heimilda."], "skills_goals": ["r\u00e6\u00f0a uppl\u00fdsingas\u00f6fnum og tengd m\u00e1lefni", "vinna skipulega \u00ed verkefnum \u00ed t\u00f6lvuhugb\u00fana\u00f0i", "afla og flokka g\u00f6gn", "setja upp efni \u00ed ritvinnslu og gl\u00e6ruger\u00f0", "nota v\u00f6ndu\u00f0 samskipti \u00ed t\u00f6lvup\u00f3sti og \u00e1 samf\u00e9lagsmi\u00f0lum."], "credits": 100, "last_modified": 1624533916.647682, "schools": ["524aa78b62933a493f000366"], "coauthors": null, "instructions": "", "continued_education": true, "level": 2, "prerequisites": "A\u00f0gangur a\u00f0 n\u00e1mslei\u00f0inni \u2013 mat fr\u00e6\u00f0slua\u00f0ila", "author": "060559bb-2dc0-4d56-be60-2cd7a0abe119", "abbreviation_version": null, "competence_goals": [["beita gagnr\u00fdni vi\u00f0 heimildaleit og -notkun af netinu", ""], ["hagn\u00fdta hugb\u00fana\u00f0inn til a\u00f0 n\u00fdta hann sem best.", ""]], "_id": "60d46b9ce3d27f7c7a000474"}, {"exemplary": null, "topics": "lestur, textavinna og tj\u00e1ning", "abbreviation": "F-\u00cdSLE2TT", "former_schools": null, "subject": "\u00edslenska", "title": "\u00cdslenska fyrir f\u00e9lagsli\u00f0a", "version": 67, "status_trans": "Sam\u00feykkt af sk\u00f3la", "embedded_subject": {"abbreviation": "\u00cdSLE", "topics": [{"abbreviation": "VR", "topics": ["ritun", "vi\u00f0skiptaskj\u00f6l"]}, {"abbreviation": "TM", "topics": ["m\u00e1lskilningur", "tj\u00e1ning"]}, {"abbreviation": "MS", "topics": ["m\u00e1lskilningur", "s\u00e9rdeild"]}, {"abbreviation": "RT", "topics": ["ritun og tj\u00e1ning"]}, {"abbreviation": "LL", "topics": ["leshra\u00f0i", "lesskilningur"]}, {"abbreviation": "MM", "topics": ["m\u00e1lfr\u00e6\u00f0i", "m\u00e1ltilfinning"]}, {"abbreviation": "RG", "topics": ["greinamerkjasetning", "r\u00e9ttritun"]}, {"abbreviation": "SF", "topics": ["fr\u00f3\u00f0leiks\u00f6flun", "samskipti"]}, {"abbreviation": "BK", "topics": ["b\u00f3kmenntir", "kj\u00f6rb\u00f3k"]}, {"abbreviation": "RB", "topics": ["b\u00f3kmenntir", "ritun"]}, {"abbreviation": "BM", "topics": ["b\u00f3kmenntir", "m\u00e1lsaga", "ritun", "tj\u00e1ning"]}, {"abbreviation": "NB", "topics": ["n\u00fat\u00edmab\u00f3kmenntir"]}, {"abbreviation": "BF", "topics": ["b\u00f3kmenntir fyrri alda"]}, {"abbreviation": "SB", "topics": ["menning", "samt\u00edmab\u00f3kmenntir"]}, {"abbreviation": "BB", "topics": ["barnab\u00f3kmenntir"]}, {"abbreviation": "HR", "topics": ["hra\u00f0lestur"]}, {"abbreviation": "YN", "topics": ["yndislestur"]}, {"abbreviation": "ML", "topics": ["leskilningur", "m\u00e1lnotkun", "m\u00e1ltaka", "ritun og tj\u00e1ning"]}, {"abbreviation": "MB", "topics": ["b\u00f3kmenntir og ritun", "m\u00e1lnotkun"]}, {"abbreviation": "MN", "topics": ["b\u00f3kmenntir", "m\u00e1lsaga og nafnasi\u00f0ir"]}, {"abbreviation": "YH", "topics": ["hra\u00f0lestur", "yndislestur"]}, {"abbreviation": "BS", "topics": ["b\u00f3kmenntir s\u00ed\u00f0ari alda"]}, {"abbreviation": "FH", "topics": ["f\u00e9lagsleg m\u00e1lv\u00edsindi", "hlj\u00f3\u00f0fr\u00e6\u00f0i og hlj\u00f3\u00f0kerfisfr\u00e6\u00f0i", "\u00fe\u00fd\u00f0ingar"]}, {"abbreviation": "TB", "topics": ["tj\u00e1skipti barna og fullor\u00f0inna"]}, {"abbreviation": "GL", "topics": ["gl\u00e6pas\u00f6gur"]}, {"abbreviation": "RM", "topics": ["m\u00e1lfr\u00e6\u00f0i", "ritun", "stafsetning"]}, {"abbreviation": "BT", "topics": ["bragfr\u00e6\u00f0i", "setningafr\u00e6\u00f0i", "textar fr\u00e1 \u00fdmsum l\u00f6ndum"]}, {"abbreviation": "MT", "topics": ["m\u00e1lfr\u00e6\u00f0i", "ritun og tj\u00e1ning"]}, {"abbreviation": "BR", "topics": ["b\u00f3kmenntir", "m\u00e1lnotkun", "ritun"]}, {"abbreviation": "MG", "topics": ["b\u00f3kmenntir og ritun", "go\u00f0afr\u00e6\u00f0i", "m\u00e1lsaga"]}, {"abbreviation": "EU", "topics": ["eddukv\u00e6\u00f0i", "uppl\u00fdsing"]}, {"abbreviation": "UK", "topics": ["kreppa", "uppl\u00fdsing"]}, {"abbreviation": "KA", "topics": ["aldam\u00f3t", "kreppa"]}, {"abbreviation": "RN", "topics": ["n\u00fat\u00edmab\u00f3kmenntir", "ritger\u00f0arsm\u00ed\u00f0"]}, {"abbreviation": "KU", "topics": ["kynningarefni", "ums\u00f3knir"]}, {"abbreviation": "RI", "topics": ["ritger\u00f0arsm\u00ed\u00f0", "textar fr\u00e1 \u00fdmsum l\u00f6ndum"]}, {"abbreviation": "BG", "topics": ["b\u00f3kmenntir", "go\u00f0afr\u00e6\u00f0i", "m\u00e1lsaga"]}, {"abbreviation": "FM", "topics": ["fornb\u00f3kmenntir", "m\u00e1lfr\u00e6\u00f0i"]}, {"abbreviation": "BN", "topics": ["b\u00f3kmenntir", "n\u00fat\u00edmi"]}, {"abbreviation": "FO", "topics": ["fornb\u00f3kmenntir"]}, {"abbreviation": "UN", "topics": ["undirb\u00fanings\u00e1fangi \u00ed \u00edslensku"]}, {"abbreviation": "MR", "topics": ["b\u00f3kmenntir", "m\u00e1lnotkun og ritun"]}, {"abbreviation": "ED", "topics": ["eddukv\u00e6\u00f0i og \u00edslendingas\u00f6gur"]}, {"abbreviation": "NJ", "topics": ["fr\u00e1 nj\u00e1lu til n\u00fdr\u00f3mant\u00edkur"]}, {"abbreviation": "\u00d6L", "topics": ["b\u00f3kmenntir \u00e1 20. \u00f6ld"]}, {"abbreviation": "ME", "topics": ["b\u00f3kmenntir"]}, {"abbreviation": "RL", "topics": ["lestur", "ritun og tj\u00e1ning"]}, {"abbreviation": "MI", "topics": ["m\u00e1l og b\u00f3kmenntir fr\u00e1 si\u00f0askiptum til aldam\u00f3tanna 1900"]}, {"abbreviation": "GM", "topics": ["go\u00f0afr\u00e6\u00f0i", "m\u00e1lsaga"]}, {"abbreviation": "GR", "topics": ["grunnur"]}, {"abbreviation": "LR", "topics": ["lestur og ritun"]}, {"abbreviation": "ST", "topics": ["stafsetning"]}, {"abbreviation": "\u00cdS", "topics": ["\u00edslenska"]}, {"abbreviation": "LT", "topics": ["lestur", "m\u00e1lfr\u00e6\u00f0i", "ritun", "stafsetning", "tj\u00e1ning"]}, {"abbreviation": "SR", "topics": ["lestur og tj\u00e1ning", "m\u00e1lfr\u00e6\u00f0i", "ritun", "stafsetning"]}, {"abbreviation": "GO", "topics": ["go\u00f0afr\u00e6\u00f0i", "m\u00e1lnotkun og ritun", "m\u00e1lsaga"]}, {"abbreviation": "NH", "topics": ["b\u00f3kmenntasaga 1900 til samt\u00edmans", "hugtakabeiting", "n\u00fat\u00edmab\u00f3kmenntir"]}, {"abbreviation": "RR", "topics": ["ritger\u00f0asm\u00ed\u00f0", "ritun"]}, {"abbreviation": "LF", "topics": ["b\u00f3kmenntasaga 1550-1900", "l\u00e6rd\u00f3ms\u00f6ld", "rauns\u00e6i"]}, {"abbreviation": "VE", "topics": ["verkefni vali\u00f0 og almenn b\u00f3kmenntafr\u00e6\u00f0i kynnt"]}, {"abbreviation": "MV", "topics": ["m\u00e1lv\u00edsindi"]}, {"abbreviation": "YF", "topics": ["Yndislestur framhald"]}, {"abbreviation": "MH", "topics": ["M\u00e1lsaga og go\u00f0afr\u00e6\u00f0i hra\u00f0fer\u00f0"]}, {"abbreviation": "FF", "topics": ["Fornb\u00f3kmenntir hra\u00f0fer\u00f0"]}, {"abbreviation": "YM", "topics": ["Yndislestur 2"]}, {"abbreviation": "FJ", "topics": ["fj\u00f6lmi\u00f0lal\u00e6si"]}, {"abbreviation": "RV", "topics": ["ritger\u00f0arvinna"]}, {"abbreviation": "LS", "topics": ["- sk\u00e1ldsaga \u00far n\u00fat\u00edma", "lestur og lesskilningur"]}, {"abbreviation": "L\u00cd", "topics": ["lestur og lesskilningur - \u00edslendingas\u00f6gur"]}, {"abbreviation": "LE", "topics": ["lestur og lesskilningur - sk\u00e1lds\u00f6gur 20. aldar"]}, {"abbreviation": "H\u00cd", "topics": ["Hagn\u00fdt \u00edslenska"]}, {"abbreviation": "\u00cdM", "topics": ["\u00edslensk m\u00e1lsaga"]}, {"abbreviation": "KV", "topics": ["b\u00f3kmenntir og kvikmyndir"]}, {"abbreviation": "NG", "topics": ["Norr\u00e6n go\u00f0afr\u00e6\u00f0i"]}, {"abbreviation": "LJ", "topics": ["Lj\u00f3\u00f0"]}, {"abbreviation": "AA", "topics": ["Lestur og ritun"]}, {"abbreviation": "\u00cdC", "topics": ["\u00cdslenska \u00e1 starfsbraut"]}, {"abbreviation": "\u00cdA", "topics": ["\u00cdslenska 1 \u00e1 starfsbraut"]}, {"abbreviation": "\u00cdB", "topics": ["\u00cdslenska 2 \u00e1 starfsbraut"]}, {"abbreviation": "N\u00dd", "topics": ["N\u00fdsk\u00f6pun"]}, {"abbreviation": "AB", "topics": ["B\u00f3kmenntir", "m\u00e1lfr\u00e6\u00f0i og ritun"]}, {"abbreviation": "HI", "topics": ["M\u00e1lnotkun og ritun"]}, {"abbreviation": "TR", "topics": ["M\u00e1lnotun og ritun"]}, {"abbreviation": "TL", "topics": ["L\u00e6si", "ritun", "tj\u00e1ning"]}, {"abbreviation": "OH", "topics": ["hlustun", "or\u00f0afor\u00f0i", "talm\u00e1l og ritun"]}, {"abbreviation": "ES", "topics": ["Eddukv\u00e6\u00f0i til si\u00f0askipta"]}, {"abbreviation": "NA", "topics": ["N\u00fdr\u00f3mant\u00edk til aldam\u00f3ta"]}, {"abbreviation": "SN", "topics": ["Si\u00f0askipti til n\u00fdr\u00f3mant\u00edkur"]}, {"abbreviation": "YL", "topics": ["Yndislestur"]}, {"abbreviation": "SS", "topics": ["Stafsetning"]}, {"abbreviation": "BU", "topics": ["Barna- og unglingab\u00f3kmenntir"]}, {"abbreviation": "SK", "topics": ["sk\u00e1lds\u00f6gur"]}, {"abbreviation": "B\u00d3", "topics": ["B\u00f3kmenntir og tungum\u00e1l fr\u00e1 landn\u00e1mi til si\u00f0askipta"]}, {"abbreviation": "M\u00c1", "topics": ["M\u00e1l- og menningarsaga"]}, {"abbreviation": "NF", "topics": ["N\u00fdsk\u00f6punarferli\u00f0: \u00fe\u00f6rf", "afur\u00f0", "lausn"]}, {"abbreviation": "A\u00cd", "topics": ["Almenn \u00edslenska \u00e1 1 \u00ferepi"]}, {"abbreviation": "AM", "topics": ["almenn m\u00e1lnotkun", "b\u00f3kmenntir", "ritun"]}, {"abbreviation": "RS", "topics": ["Skapandi skrif"]}, {"abbreviation": "SP", "topics": ["Spennus\u00f6gur"]}, {"abbreviation": "\u00cdD", "topics": ["\u00cdslenska \u00e1 starfsbraut 4"]}, {"abbreviation": "\u00cdE", "topics": ["\u00cdslenska 5 \u00e1 starfsbraut"]}, {"abbreviation": "SM", "topics": ["Sk\u00e1lds\u00f6gur"]}, {"abbreviation": "M\u00de", "topics": ["\u00cdSLE"]}, {"abbreviation": "SA", "topics": ["Sk\u00f6pun \u00ed v\u00ed\u00f0u samhengi"]}, {"abbreviation": "SJ", "topics": ["L\u00e6si", "b\u00f3kmenntir", "hugtakaskilningur", "m\u00e1lfr\u00e6\u00f0i", "sj\u00e1lfb\u00e6rni og ritun"]}, {"abbreviation": "LM", "topics": ["L\u00e6si", "l\u00fd\u00f0r\u00e6\u00f0i", "mannr\u00e9ttindi og b\u00f3kmenntir"]}, {"abbreviation": "JR", "topics": ["L\u00e6si", "b\u00f3kmenntir og ritun", "jafnr\u00e9tti"]}, {"abbreviation": "HV", "topics": ["L\u00e6si", "heilbrig\u00f0i", "velfer\u00f0 og b\u00f3kmenntir"]}, {"abbreviation": "DB", "topics": ["Sk\u00f3labla\u00f0"]}, {"abbreviation": "\u00c6F", "topics": ["Go\u00f0s\u00f6gur", "fantas\u00edur", "\u00e6vint\u00fdri"]}, {"abbreviation": "VM", "topics": ["Verkefna\u00e1fangi \u00ed m\u00e1lv\u00edsindum"]}, {"abbreviation": "VB", "topics": ["Verkefna\u00e1fangi \u00ed b\u00f3kmenntum"]}, {"abbreviation": "SW", "topics": ["Stafsetning og ritun"]}, {"abbreviation": "MF", "topics": ["M\u00e1lfr\u00e6\u00f0i"]}, {"abbreviation": "SG", "topics": ["B\u00f3kmenntir", "setningafr\u00e6\u00f0i og go\u00f0afr\u00e6\u00f0i"]}, {"abbreviation": "OF", "topics": ["frambur\u00f0ur", "lestrarf\u00e6rni", "or\u00f0afor\u00f0i"]}, {"abbreviation": "CA", "topics": ["B\u00f3kmenntir fram til 1550"]}, {"abbreviation": "BH", "topics": ["Go\u00f0afr\u00e6\u00f0i", "m\u00e1lsaga og ritger\u00f0asm\u00ed\u00f0"]}, {"abbreviation": "DD", "topics": ["B\u00f3kmenntir og b\u00f3kmenntasaga", "einkum 1550-1900."]}, {"abbreviation": "CH", "topics": ["\u00cdslenska 3. Hra\u00f0fer\u00f0"]}, {"abbreviation": "EE", "topics": ["B\u00f3kmenntir og b\u00f3kmenntasaga eftir 1900."]}, {"abbreviation": "HL", "topics": ["M\u00e1lsaga og hlj\u00f3\u00f0fr\u00e6\u00f0i"]}, {"abbreviation": "CB", "topics": ["heimsb\u00f3kmenntir"]}, {"abbreviation": "AL", "topics": ["Almenn m\u00e1lnotkun og l\u00e6si"]}, {"abbreviation": "GF", "topics": ["Go\u00f0afr\u00e6\u00f0i og fornb\u00f3kmenntir"]}, {"abbreviation": "TE", "topics": ["Ritun og textagreining"]}, {"abbreviation": "MA", "topics": ["Menningararfur \u00ed n\u00fat\u00edmanum"]}, {"abbreviation": "S\u00c1", "topics": ["Skrefa\u00f0", "skrifa\u00f0 og skrafa\u00f0 um n\u00e6rsamf\u00e9lagi\u00f0/\u00e1tthagana."]}, {"abbreviation": "NM", "topics": ["fr\u00e1 n\u00fdr\u00f3mant\u00edk til m\u00f3dernisma"]}, {"abbreviation": "HM", "topics": ["Heimildir og m\u00e1lnotkun"]}, {"abbreviation": "M\u00c6", "topics": ["Menningarl\u00e6si"]}, {"abbreviation": "FR", "topics": ["fornb\u00f3kmenntir", "ritun og m\u00e1lnotkun"]}, {"abbreviation": "NR", "topics": ["N\u00fat\u00edmab\u00f3kmenntir", "ritun og \u00fe\u00fd\u00f0ingar"]}, {"abbreviation": "LB", "topics": ["Lj\u00f3\u00f0list og b\u00f3kmenntasaga"]}, {"abbreviation": "II", "topics": ["lestur", "ritun", "r\u00f6kf\u00e6rsla"]}, {"abbreviation": "AT", "topics": ["\u00cdslenska atvinnul\u00edfs"]}, {"abbreviation": "UL", "topics": ["Uppl\u00fdsingal\u00e6si"]}, {"abbreviation": "NS", "topics": ["Brennu - Nj\u00e1ls saga"]}, {"abbreviation": "A\u00de", "topics": ["Af\u00fereygingarb\u00f3kmenntir"]}, {"abbreviation": "G\u00de", "topics": ["GO\u00d0AFR\u00c6\u00d0I", "\u00deJ\u00d3\u00d0S\u00d6GUR OG \u00cdSLENDINGAS\u00d6GUR"]}, {"abbreviation": "H\u00c1", "topics": ["Heimildavinna \u00fat fr\u00e1 \u00e1hugasvi\u00f0i"]}, {"abbreviation": "LK", "topics": ["Leikh\u00fasmenning", "leiks\u00fdningar og \u00edslenskar kvikmyndir"]}, {"abbreviation": "LD", "topics": ["Einkenni og bo\u00f0skapur lj\u00f3\u00f0a", "s\u00f6ng- og d\u00e6gurlagatexta og lj\u00f3\u00f0ager\u00f0."]}, {"abbreviation": "LA", "topics": ["Textavinna", "kynning \u00e1 mismunandi lestarlei\u00f0um og hj\u00e1lparg\u00f6gnum", "m\u00e1lr\u00e6kt"]}, {"abbreviation": "TF", "topics": ["framkomu og raddbeitingu", "\u00dej\u00e1lfun \u00ed tj\u00e1ningu"]}, {"abbreviation": "UP", "topics": ["Setningafr\u00e6\u00f0i", "l\u00e6si og tj\u00e1ning"]}, {"abbreviation": "RF", "topics": ["Ritun", "b\u00f3kmenntir", "frams\u00f6gn", "lestrara\u00f0fer\u00f0ir", "m\u00e1lfr\u00e6\u00f0i"]}, {"abbreviation": "L\u00da", "topics": ["Lestur", "hlustun", "ritun", "\u00farvinnsla texta"]}, {"abbreviation": "LU", "topics": ["Lestur", "m\u00e1lfr\u00e6\u00f0i", "ritun"]}, {"abbreviation": "S\u00cd", "topics": ["b\u00f3kmenntasaga", "b\u00f3kmenntastefnur", "\u00edslenskar sm\u00e1s\u00f6gur"]}, {"abbreviation": "BL", "topics": ["b\u00f3kmenntasaga", "b\u00f3kmenntastefnur", "lestur b\u00f3kmennta"]}, {"abbreviation": "NN", "topics": ["mi\u00f0aldir", "norr\u00e6n go\u00f0afr\u00e6\u00f0i", "n\u00fat\u00edminn"]}, {"abbreviation": "\u00cdG", "topics": ["uppruni \u00feeirra og ferill", "\u00edslenskar og erlendar gl\u00e6pas\u00f6gur"]}, {"abbreviation": "BX", "topics": ["B\u00f3kmenntir 20. aldar og Halld\u00f3r Laxness"]}, {"abbreviation": "G\u00cd", "topics": ["Go\u00f0afr\u00e6\u00f0i", "\u00fej\u00f3\u00f0s\u00f6gur og \u00cdslendingas\u00f6gur"]}, {"abbreviation": "AF", "topics": ["Af\u00fereyingab\u00f3kmenntir"]}, {"abbreviation": "TJ", "topics": ["Tj\u00e1ning og framkoma"]}, {"abbreviation": "AN", "topics": ["Almenn n\u00e1msbraut"]}, {"abbreviation": "AS", "topics": ["Almenn n\u00e1msbraut framhald"]}, {"abbreviation": "EG", "topics": ["Egilssaga"]}, {"abbreviation": "LX", "topics": ["Laxd\u00e6la"]}, {"abbreviation": "NL", "topics": ["Nj\u00e1la"]}, {"abbreviation": "KR", "topics": ["Krafla"]}, {"abbreviation": "HF", "topics": ["Hlustun og frams\u00f6gn"]}, {"abbreviation": "\u00cdK", "topics": ["\u00cdslenskar kvikmyndir"]}, {"abbreviation": "LO", "topics": ["Lestur og or\u00f0afor\u00f0i"]}, {"abbreviation": "M\u00d6", "topics": ["M\u00e1l\u00f6rvun"]}, {"abbreviation": "OM", "topics": ["Or\u00f0myndir"]}, {"abbreviation": "FA", "topics": ["Forn\u00e1m A-hluti"]}, {"abbreviation": "FB", "topics": ["Forn\u00e1m B-hluti"]}, {"abbreviation": "FS", "topics": ["Fj\u00f6lmi\u00f0lar og skapandi skrif"]}, {"abbreviation": "KJ", "topics": ["\u00cdslendingas\u00f6gur og kj\u00f6rb\u00f3k"]}, {"abbreviation": "UB", "topics": ["unglingab\u00f3kmenntir"]}, {"abbreviation": "\u00deS", "topics": ["\u00e6vint\u00fdri og lj\u00f3\u00f0", "\u00fej\u00f3\u00f0s\u00f6gur"]}, {"abbreviation": "XA", "topics": ["Lestur", "m\u00e1lskilningur og tj\u00e1ning", "or\u00f0afor\u00f0i", "ritun"]}, {"abbreviation": "XB", "topics": ["Lestur", "m\u00e1lskilningur", "or\u00f0afor\u00f0i", "ritun", "tj\u00e1ning"]}, {"abbreviation": "XC", "topics": ["M\u00e1lskilningur", "lestur", "or\u00f0afor\u00f0i og tj\u00e1ning", "ritun"]}, {"abbreviation": "XD", "topics": ["M\u00e1lskilningur", "lestur", "or\u00f0afor\u00f0i", "ritun og tj\u00e1ning"]}, {"abbreviation": "RO", "topics": ["lestur", "m\u00e1lnotkun", "or\u00f0afor\u00f0i", "ritun"]}, {"abbreviation": "YR", "topics": ["Yndislestur og ritun"]}, {"abbreviation": "DE", "topics": ["Lestur og ritun II"]}, {"abbreviation": "HB", "topics": ["H\u00f6fu\u00f0verk \u00edslenskra b\u00f3kmennta"]}, {"abbreviation": "VF", "topics": ["L\u00e6si", "velfer\u00f0 og b\u00f3kmenntir."]}, {"abbreviation": "RJ", "topics": ["b\u00f3kmenntir", "l\u00e6si", "ritun og jafnr\u00e9tti"]}, {"abbreviation": "\u00c1L", "topics": ["l\u00e6si", "l\u00fd\u00f0r\u00e6\u00f0i", "mannr\u00e9ttindi og b\u00f3kmenntir"]}, {"abbreviation": "\u00c1B", "topics": ["L\u00e6si", "b\u00f3kmenntir", "ritun og m\u00e1lnotkun"]}, {"abbreviation": "\u00c1S", "topics": ["L\u00e6si og sk\u00f6pun \u00ed v\u00ed\u00f0u samhengi"]}, {"abbreviation": "\u00c1T", "topics": ["tj\u00e1ning og m\u00e1lskilningur"]}, {"abbreviation": "FT", "topics": ["Lestur og tj\u00e1ning"]}, {"abbreviation": "\u00c1G", "topics": ["\u00c1st og gl\u00e6pir"]}, {"abbreviation": "KT", "topics": ["\u00cdslenska"]}, {"abbreviation": "AR", "topics": ["A\u00f0sto\u00f0 vi\u00f0 ritunarkennslu"]}, {"abbreviation": "SE", "topics": ["A\u00f0sto\u00f0 vi\u00f0 setningafr\u00e6\u00f0ikennslu"]}, {"abbreviation": "CC", "topics": ["Barnab\u00f3kmenntir"]}, {"abbreviation": "CD", "topics": ["Skapandi greinar og \u00edslensk menning"]}, {"abbreviation": "VS", "topics": ["Ritun vi\u00f0skiptaskjala og r\u00e9ttritun"]}, {"abbreviation": "DT", "topics": ["D\u00e6gurlagatextar"]}, {"abbreviation": "\u00c1E", "topics": ["\u00cdslenska 8 \u00e1 starfsbraut"]}, {"abbreviation": "SZ", "topics": ["\u00edslenska \u00e1 starfsbraut"]}, {"abbreviation": "HE", "topics": ["Heimildaritun", "a\u00f0fer\u00f0afr\u00e6\u00f0i"]}, {"abbreviation": "\u00deJ", "topics": ["\u00dej\u00f3\u00f0sk\u00e1ld og verk \u00feeirra"]}, {"abbreviation": "KB", "topics": ["Kvennab\u00f3kmenntir"]}, {"abbreviation": "OS", "topics": ["Or\u00f0spor"]}, {"abbreviation": "BV", "topics": ["B\u00f3kmenntir \u00e1 fyrri og seinni t\u00edmum"]}, {"abbreviation": "FN", "topics": ["Hryllingss\u00f6gur", "b\u00f3kmenntategundir", "fr\u00e1sagnarhef\u00f0 og einkenni"]}, {"abbreviation": "GA", "topics": ["\u00cdslenska M\u00c1"]}, {"abbreviation": "SL", "topics": ["Grunn\u00fe\u00e6ttir \u00edslenskunnar", "einstaklingsmi\u00f0a\u00f0 n\u00e1m", "sta\u00f0a nemenda athugu\u00f0", "\u00e1hersla \u00e1 grunn\u00fe\u00e1ttinn l\u00e6si \u00ed v\u00ed\u00f0um skilningi."]}, {"abbreviation": "SC", "topics": ["Grunn\u00fe\u00e6ttir \u00edslenskunnar", "einstaklingsmi\u00f0a\u00f0 n\u00e1m", "l\u00e6si", "sta\u00f0a nemenda athugu\u00f0"]}, {"abbreviation": "SD", "topics": ["Grunn\u00fe\u00e6ttir \u00edslenskunnar me\u00f0 \u00e1herslu \u00e1 sk\u00f6pun", "umr\u00e6\u00f0ur", "\u00edgrundun"]}, {"abbreviation": "SH", "topics": ["Grunn\u00fe\u00e6ttir \u00edslenskunnar me\u00f0 \u00e1herslu \u00e1 heilbrig\u00f0i"]}, {"abbreviation": "SI", "topics": ["Grunn\u00fe\u00e6ttir \u00edslenskunnar me\u00f0 \u00e1herslu \u00e1 velfer\u00f0", "andlegt og l\u00edkamlegt heilbrig\u00f0i", "samband umhverfis og a\u00f0st\u00e6\u00f0na"]}, {"abbreviation": "SO", "topics": ["Grunn\u00fe\u00e6ttir \u00edslenskunnar me\u00f0 \u00e1herslu \u00e1 jafnr\u00e9tti"]}, {"abbreviation": "SU", "topics": ["Grunn\u00fe\u00e6ttir \u00edslenskunnar me\u00f0 \u00e1herslu \u00e1 l\u00fd\u00f0r\u00e6\u00f0i og mannr\u00e9ttindi"]}, {"abbreviation": "SV", "topics": ["Grunn\u00fe\u00e6ttir og sj\u00e1lfb\u00e6rni"]}, {"abbreviation": "SX", "topics": ["Haldi\u00f0 \u00e1fram a\u00f0 vinna me\u00f0 sj\u00e1lfb\u00e6rni og tj\u00e1ning b\u00e6tist vi\u00f0"]}, {"abbreviation": "AK", "topics": ["Af\u00fereyingarb\u00f3kmenntir og kvikmyndir"]}, {"abbreviation": "\u00cdR", "topics": ["\u00cdslenska \u00ed rafr\u00e6nu samf\u00e9lagi"]}, {"abbreviation": "LI", "topics": ["Leiklist og leikb\u00f3kmenntir"]}, {"abbreviation": "LV", "topics": ["Lokaverkefni og ritger\u00f0asm\u00ed\u00f0"]}, {"abbreviation": "V\u00cd", "topics": ["Vesturfer\u00f0ir og vestur\u00edslenska"]}, {"abbreviation": "\u00deB", "topics": ["Lestur og \u00fe\u00fdddar b\u00f3kmenntir"]}, {"abbreviation": "\u00c1\u00de", "topics": ["\u00c1stars\u00f6gur", "\u00edslenskar og \u00fe\u00fdddar fr\u00e1 \u00fdmsum t\u00edmum. Yndislestur."]}, {"abbreviation": "KD", "topics": ["\u00cdslenskar kvennab\u00f3kmenntir"]}, {"abbreviation": "TT", "topics": ["lestur", "textavinna og tj\u00e1ning"]}, {"abbreviation": "RU", "topics": ["Ritun", "b\u00f3kmenntir", "lestur", "m\u00e1lfr\u00e6\u00f0i", "m\u00e1lsaga"]}, {"abbreviation": "RE", "topics": ["Ritun", "fr\u00e1gangur", "me\u00f0fer\u00f0 heimilda", "netmi\u00f0lar", "ritvinnsla"]}, {"abbreviation": "FL", "topics": ["Frams\u00f6gn", "aukinn or\u00f0afor\u00f0i og tj\u00e1ning.", "lestur", "ritun"]}, {"abbreviation": "KS", "topics": ["kvikmyndir", "sj\u00f3nvarps\u00fe\u00e6ttir"]}, {"abbreviation": "LH", "topics": ["hlustun", "l\u00e6si", "ritun", "tj\u00e1ning"]}, {"abbreviation": "TD", "topics": ["d\u00e6gurt\u00f3nlist", "textar"]}, {"abbreviation": "\u00cdL", "topics": ["leikrit", "\u00edslensk lj\u00f3\u00f0"]}, {"abbreviation": "\u00de\u00c6", "topics": ["\u00e6vint\u00fdri", "\u00fej\u00f3\u00f0s\u00f6gur"]}, {"abbreviation": "L\u00c6", "topics": ["l\u00e6si \u00ed v\u00ed\u00f0um skilningi"]}, {"abbreviation": "GG", "topics": ["go\u00f0afr\u00e6\u00f0i", "gr\u00edsk", "norr\u00e6n", "r\u00f3mversk"]}], "_id": "50c0a02dd8e40575f7f6f4a2", "subjects": ["\u00edslenska"], "counter": {"1": 153, "3": 102, "2": 66, "4": 2}}, "evaluation": "Fj\u00f6lbreytt lei\u00f0sagnarmat samofi\u00f0 kennslu byggir \u00e1 vinnu og virkni nema. Verkefni \u00fdmist \u00ed formi einstaklings-, h\u00f3pa-, umr\u00e6\u00f0u- og netverkefni. ", "categorization_suggestion": null, "embedded_topics": {"abbreviation": "TT", "topics": ["lestur", "textavinna og tj\u00e1ning"]}, "status": "approved by school", "description": "Megin vi\u00f0fangsefni er lestur, ritun, heimildavinna og tj\u00e1ning. Lesin er ein \u00edslensk n\u00fat\u00edmask\u00e1ldsaga e\u00f0a \u00e6visaga, auk sm\u00e1sagna og greina \u00ed fj\u00f6lmi\u00f0lum. Ritun er \u00ed beinum tengslum vi\u00f0 n\u00e1msefni. \u00dej\u00e1lfu\u00f0 er myndun setninga, bygging efnisgreina, greinamerkjasetning, stafsetning, uppbygging lengri texta og m\u00e1lnotkun \u00e1samt uppsetningu verkefna. \u00c1hersla er \u00e1 a\u00f0 n\u00fdta hj\u00e1lparg\u00f6gn sem mest svo sem or\u00f0ab\u00e6kur og stafsetningarforrit svo nemar ver\u00f0i me\u00f0vitu\u00f0 um annmarka sem felast \u00ed lei\u00f0r\u00e9ttingarforritum. Skrifu\u00f0 eru stutt verkefni b\u00e6\u00f0i starfslega hagn\u00fdt og tengd lestri b\u00f3kmennta. Sem d\u00e6mi um hagn\u00fdt verkefni eru sk\u00fdrslur og athuganir. \u00de\u00e1 eru reglur um me\u00f0fer\u00f0 heimilda r\u00e6ddar og skrifu\u00f0 stutt heimildaritger\u00f0 \u00ed skrefum, me\u00f0 endurgj\u00f6f milli skrefa, \u00ed tengslum vi\u00f0 f\u00e9lagsleg m\u00e1lv\u00edsindi. \u00cd tj\u00e1ningu er fari\u00f0 \u00ed flutning verkefna og a\u00f0fer\u00f0ir vi\u00f0 fundarstj\u00f3rn og h\u00f3pvinnu. ", "knowledge_goals": ["megin\u00fe\u00e1ttum b\u00f3kmennta samt\u00edmans og lestri greina \u00fdmissa mi\u00f0la", "uppbyggingu skriflegra verkefna, \u00fe.m.t. reglur um me\u00f0fer\u00f0 og skr\u00e1ningu heimilda", "helstu \u00fe\u00e1ttum \u00ed m\u00e1lnotkun, or\u00f0t\u00f6k, m\u00e1lsh\u00e6ttir, ritm\u00e1l o.fl.", "f\u00e9lagslegum m\u00e1lv\u00edsindum svo sem m\u00e1ll\u00fdskur, m\u00e1ltaka barna, m\u00e1lan\u00e1m og talgallar", "fundarstj\u00f3rn og h\u00f3pvinnu."], "skills_goals": ["t\u00falka og fjalla um lesi\u00f0 b\u00f3kmenntaverk", "velja og n\u00fdta s\u00e9r m\u00f6guleg hj\u00e1lpart\u00e6ki vi\u00f0 n\u00e1mi\u00f0", "rita verkefni, \u00fe.m.t. ger\u00f0 heimildaritger\u00f0ar \u00ed skrefum", "r\u00e6\u00f0a um efni f\u00e9lagslegra m\u00e1lv\u00edsinda sem fari\u00f0 hefur veri\u00f0 yfir."], "credits": 100, "last_modified": 1624453202.932778, "schools": ["524aa78b62933a493f000366"], "coauthors": null, "instructions": "", "continued_education": true, "level": 2, "prerequisites": "\u00cdslenska \u00e1 fyrsta \u00ferepi, grunnsk\u00f3lapr\u00f3f me\u00f0 B (7 e\u00f0a h\u00e6rra) ", "author": "060559bb-2dc0-4d56-be60-2cd7a0abe119", "abbreviation_version": null, "competence_goals": [["kynna verkefni s\u00edn \u00e1 sk\u00fdran og greinarg\u00f3\u00f0an h\u00e1tt fyrir \u00f6\u00f0rum", ""], ["n\u00fdta fr\u00f3\u00f0leiks og yndislestur til a\u00f0 styrkja pers\u00f3nulegan og faglegan \u00feroska", ""], ["beita vi\u00f0urkenndum a\u00f0fer\u00f0um vi\u00f0 notkun heimilda og fagleg textaskrif", ""], ["skipuleggja og taka \u00fe\u00e1tt \u00ed fundum og h\u00f3pavinnu.", ""]], "_id": "60d33052e3d27f0627000783"}, {"exemplary": null, "topics": "\u00d3hef\u00f0bundin samskipti", "abbreviation": "F-\u00d3HSA2\u00d3S", "former_schools": null, "subject": "\u00d3hef\u00f0bundin samskipti", "title": "\u00d3hef\u00f0bundin samskipti", "version": 3, "status_trans": "Sam\u00feykkt af sk\u00f3la", "embedded_subject": {"abbreviation": "\u00d3HSA", "topics": [{"abbreviation": "\u00d3S", "topics": ["\u00d3hef\u00f0bundin samskipti"]}], "_id": "5ef36db3e3d27fe1ce000997", "subjects": ["\u00d3hef\u00f0bundin samskipti"], "counter": {"1": 0, "3": 1, "2": 2, "4": 0}}, "evaluation": "S\u00edmat me\u00f0 fj\u00f6lbreyttum matsa\u00f0fer\u00f0um og \u00e1herslu \u00e1 lei\u00f0sagnarmat samofi\u00f0 kennslu, byggir \u00e1 vinnu og virkni nema. Verkefni \u00fdmist \u00ed formi einstaklings-, h\u00f3pa-, umr\u00e6\u00f0u- og netverkefni.", "categorization_suggestion": null, "embedded_topics": {"abbreviation": "\u00d3S", "topics": ["\u00d3hef\u00f0bundin samskipti"]}, "status": "approved by school", "description": "Tilgangur n\u00e1ms\u00fe\u00e1ttarins er a\u00f0 undirb\u00faa n\u00e1msf\u00f3lk me\u00f0 umfj\u00f6llun og umr\u00e6\u00f0um undir margs konar \u00f3l\u00edk samskipti vi\u00f0 einstaklinga \u00ed \u00fdmsum a\u00f0st\u00e6\u00f0um. Fjalla\u00f0 er um \u00fer\u00f3un \u00ed \u00f3hef\u00f0bundnum samskiptum og n\u00fdjustu stefnur kynntar og r\u00e6ddar. Nemar f\u00e1 \u00e6fingu og \u00fej\u00e1lfast \u00ed a\u00f0fer\u00f0um til a\u00f0 breg\u00f0ast vi\u00f0 og takast \u00e1 vi\u00f0 streituvaldandi a\u00f0st\u00e6\u00f0ur, me\u00f0virkni og kv\u00ed\u00f0a. Fjalla\u00f0 er um mikilv\u00e6gar lei\u00f0ir til a\u00f0 setja m\u00f6rk \u00ed samskiptum og verjast \u00e1gengni. \u00de\u00e1 er \u00e1hersla \u00e1 gildi vir\u00f0ingar og ford\u00f3maleysis gagnvart skj\u00f3lst\u00e6\u00f0ingum, a\u00f0standendum og f\u00f3lki almennt. \u00ddmis verkefni og umr\u00e6\u00f0ur \u00ed beinum tengslum vi\u00f0 efnist\u00f6k. ", "knowledge_goals": ["\u00f3hef\u00f0bundnum samskiptalei\u00f0um", "mikilv\u00e6gi markvissrar spurningat\u00e6kni og m\u00e1lami\u00f0lun (pictogram (sk\u00fdringamynd), teacch, bliss ofl.)", "gildi uppbyggilegra og j\u00e1kv\u00e6\u00f0ra samskipta", "\u00e1hrifum og t\u00falkun \u00e1 l\u00edkamstj\u00e1ningu", "streituvi\u00f0br\u00f6g\u00f0um vi\u00f0 \u00e1f\u00f6llum", "a\u00f0 setja (e\u00f0lileg) m\u00f6rk", "eigin styrkleikum og veikleikum \u00ed starfi."], "skills_goals": ["lesa \u00ed l\u00edkamstj\u00e1ningu og \u00f3hef\u00f0bundin samskipti f\u00f3lks", "beita uppbyggilegum samskiptalei\u00f0um, m.a. hvatningu og j\u00e1kv\u00e6\u00f0ni", "lesa \u00ed (erfi\u00f0) samskipti og setja \u00e1gengu f\u00f3lki m\u00f6rk", "nota mismunandi samskiptalei\u00f0ir vi\u00f0 f\u00f3lk sem notar \u00f3hef\u00f0bundin samskipti", "takast \u00e1 vi\u00f0 streituvi\u00f0br\u00f6g\u00f0 skj\u00f3lst\u00e6\u00f0inga."], "credits": 100, "last_modified": 1624967245.634125, "schools": ["524aa78b62933a493f000366"], "coauthors": null, "instructions": "", "continued_education": true, "level": 2, "prerequisites": "Samskipti \u00e1 \u00ferepi 1 ", "author": "060559bb-2dc0-4d56-be60-2cd7a0abe119", "abbreviation_version": null, "competence_goals": [["geta beitt \u00f3hef\u00f0bundnum og lausnami\u00f0u\u00f0um samskiptaa\u00f0fer\u00f0um \u00e1 markvissan h\u00e1tt", ""], ["setja s\u00e9r og \u00f6\u00f0rum (e\u00f0lileg) m\u00f6rk \u00ed erfi\u00f0um og \u00e1gengum a\u00f0st\u00e6\u00f0um", ""], ["r\u00e6\u00f0a og \u00fatsk\u00fdra gildi sk\u00fdrra og ford\u00f3malausra samskipta.", ""]], "_id": "60db084de3d27fee43000421"}, {"exemplary": null, "topics": "\u00d6ldrun", "abbreviation": "F-\u00d6LFR1\u00d6L", "former_schools": null, "subject": "\u00d6ldrunarfr\u00e6\u00f0i", "title": "\u00d6ldrun", "version": 3, "status_trans": "Sam\u00feykkt af sk\u00f3la", "embedded_subject": {"abbreviation": "\u00d6LFR", "topics": [{"abbreviation": "\u00d6S", "topics": ["\u00d6ldrun og samf\u00e9lag"]}, {"abbreviation": "\u00d6L", "topics": ["\u00d6ldrun"]}], "_id": "5eeb6195e3d27f7bd00005bb", "subjects": ["\u00d6ldrunarfr\u00e6\u00f0i"], "counter": {"1": 2, "3": 2, "2": 3, "4": 0}}, "evaluation": "S\u00edmat me\u00f0 fj\u00f6lbreyttum matsa\u00f0fer\u00f0um og \u00e1herslu \u00e1 lei\u00f0sagnarmat, munnlegt og skriflegt, samofi\u00f0 kennslu og byggir \u00e1 vinnu og virkni nema. Verkefni \u00fdmist sem einstaklings-, h\u00f3pa-, umr\u00e6\u00f0u- og netverkefni.", "categorization_suggestion": null, "embedded_topics": {"abbreviation": "\u00d6L", "topics": ["\u00d6ldrun"]}, "status": "approved by school", "description": "Fjalla\u00f0 um \u00f6ldrun og \u00f6ldrunarferli \u00fat fr\u00e1 kenningum og hugmyndum s\u00e1l- og f\u00e9lagsfr\u00e6\u00f0i um \u00f6ldrunarferli\u00f0, \u00fe.e. helstu l\u00edkamlegar, s\u00e1lr\u00e6nar og f\u00e9lagslegar breytingar sem fylgja \u00fev\u00ed a\u00f0 eldast. R\u00e6ddar helstu l\u00edkamlegu breytingar \u00fat fr\u00e1 l\u00edff\u00e6rakerfum og fjalla\u00f0 um f\u00e9lagslegar og s\u00e1lr\u00e6nar breytingar sem fylgt geta \u00f6ldrun, starfslokum, breytingum \u00e1 fj\u00f6lskylduformi og hagsmunam\u00e1l aldra\u00f0ra. Viki\u00f0 er a\u00f0 m\u00f6gulegum pers\u00f3nulegum, f\u00e9lagslegum og umhverfislegum breytingum. R\u00e6tt um vanr\u00e6kslu og ofbeldi gagnvart \u00f6ldru\u00f0um. ", "knowledge_goals": ["aldurshugtakinu og afst\u00e6\u00f0i aldurs", "helstu l\u00edkamlegu, f\u00e9lagslegu og andlegu breytingum sem geta fylgt \u00fev\u00ed a\u00f0 eldast", "\u00e1hrifum sem helstu l\u00edkamlegar breytingar/sj\u00fakd\u00f3mar geta orsaka\u00f0", "\u00e1litam\u00e1lum sem tengjast me\u00f0fer\u00f0 vi\u00f0 l\u00edfslok (l\u00edfslokame\u00f0fer\u00f0)", "vanr\u00e6kslu og ofbeldi gagnvart \u00f6ldru\u00f0um innan fj\u00f6lskyldna og v\u00ed\u00f0ar", "breyttu hlutverki og samskiptum", "mikilv\u00e6gi fars\u00e6ldar \u00e1 efri \u00e1rum."], "skills_goals": ["r\u00e6\u00f0a kenningar um \u00f6ldrun, aldurshugtaki\u00f0 og afst\u00e6\u00f0i aldurs", "r\u00e6\u00f0a fr\u00e1vik fr\u00e1 e\u00f0lilegu \u00f6ldrunarferli", "\u00fatsk\u00fdra \u00e1hrif \u00fdmissa l\u00edkamlegra breytinga \u00e1 lif aldra\u00f0ra", "t\u00falka \u00e1litam\u00e1l sem tengjast me\u00f0fer\u00f0 vi\u00f0 l\u00edfslok og faglegri \u00fej\u00f3nustu til a\u00f0 b\u00e6ta l\u00ed\u00f0an", "l\u00fdsa \u00e1hrifum sem starfslok geta haft \u00e1 l\u00edf einstaklinga", "setja breytt hlutverk og samskipti \u00ed samhengi vi\u00f0 fars\u00e6ld og hamingju \u00e1 efri \u00e1rum"], "credits": 100, "last_modified": 1623166656.263563, "schools": ["524aa78b62933a493f000366"], "coauthors": null, "instructions": "", "continued_education": true, "level": 1, "prerequisites": "", "author": "060559bb-2dc0-4d56-be60-2cd7a0abe119", "abbreviation_version": null, "competence_goals": [["gera grein fyrir helstu l\u00edkamlegu og f\u00e9lagslegu breytingum sem fylgja \u00fev\u00ed a\u00f0 eldast", ""], ["fjalla um e\u00f0lilegt \u00f6ldrunarferli og kenningar um \u00f6ldrun", ""], ["\u00fatsk\u00fdra hvernig aldur getur haft \u00e1hrif \u00e1 skapger\u00f0, heilsu, svefn\u00fe\u00f6rf, heyrn, sj\u00f3n, heilastarfsemi og f\u00e9lagslegt hlutverk", ""], ["draga fram \u00ed meginatri\u00f0um pers\u00f3nuleikas\u00e1lfr\u00e6\u00f0i \u00f6ldrunar", ""], ["\u00fatsk\u00fdra m\u00f6guleg \u00e1hrif starfsloka", ""], ["r\u00e6\u00f0a vanr\u00e6kslu og ofbeldi gagnvart \u00f6ldru\u00f0um", ""], ["fjalla um fars\u00e6ld og hamingju \u00e1 efri \u00e1rum.", ""]], "_id": "60bf8ec0e3d27ff138000a36"}, {"exemplary": null, "topics": "\u00d6ldrun og samf\u00e9lag", "abbreviation": "F-\u00d6LFR2\u00d6S", "former_schools": null, "subject": "\u00d6ldrunarfr\u00e6\u00f0i", "title": "\u00d6ldrun og samf\u00e9lag", "version": 4, "status_trans": "Sam\u00feykkt af sk\u00f3la", "embedded_subject": {"abbreviation": "\u00d6LFR", "topics": [{"abbreviation": "\u00d6S", "topics": ["\u00d6ldrun og samf\u00e9lag"]}, {"abbreviation": "\u00d6L", "topics": ["\u00d6ldrun"]}], "_id": "5eeb6195e3d27f7bd00005bb", "subjects": ["\u00d6ldrunarfr\u00e6\u00f0i"], "counter": {"1": 3, "3": 2, "2": 3, "4": 0}}, "evaluation": "S\u00edmat me\u00f0 fj\u00f6lbreyttum matsa\u00f0fer\u00f0um og \u00e1herslu \u00e1 lei\u00f0sagnarmat, munnlegt og skriflegt, sem byggir \u00e1 vinnu og virkni nema. Verkefni \u00fdmist sem einstaklings-, h\u00f3pa-, umr\u00e6\u00f0u- og netverkefni. ", "categorization_suggestion": null, "embedded_topics": {"abbreviation": "\u00d6S", "topics": ["\u00d6ldrun og samf\u00e9lag"]}, "status": "approved by school", "description": "Fjalla\u00f0 er um r\u00edkjandi hugmyndafr\u00e6\u00f0i h\u00e9rlendis \u00ed \u00f6ldrunarm\u00e1lum og helstu stefnur fyrir \u00fej\u00f3nustu vi\u00f0 aldra\u00f0a. Unni\u00f0 me\u00f0 og \u00ed tengslum vi\u00f0 l\u00f6g, regluger\u00f0ir og r\u00e9ttindi aldra\u00f0ra til \u00fej\u00f3nustu. \u00dej\u00f3nusta vi\u00f0 aldra\u00f0a er sko\u00f0u\u00f0 \u00ed s\u00f6gulegu lj\u00f3si, hvernig \u00fearfir og \u00fej\u00f3nusta hafa breyst \u00ed takt vi\u00f0 breytingar \u00ed samf\u00e9laginu. Umfj\u00f6llun og umr\u00e6\u00f0a um st\u00f6\u00f0u og almenna \u00fe\u00e1ttt\u00f6ku aldra\u00f0ra \u00ed samf\u00e9laginu, um sj\u00e1lfr\u00e6\u00f0i og si\u00f0fer\u00f0ileg \u00e1litam\u00e1l \u00ed \u00fej\u00f3nustu vi\u00f0 eldri borgara, s.s. \u00fej\u00f3nustu \u00e1 heimili, \u00fej\u00f3nustu vi\u00f0 val \u00e1 b\u00fasetu, f\u00e9lagsstarf og fleira. R\u00e6tt um breytta s\u00fdn eldri borgara \u00e1 eigi\u00f0 l\u00edf, v\u00e6ntingar, \u00fearfir og \u00fer\u00f3un fj\u00f6lskyldutengsla.", "knowledge_goals": ["\u00fer\u00f3un stefnu \u00ed \u00f6ldrunar\u00fej\u00f3nustu \u00e1 \u00cdslandi", "l\u00f6gum um m\u00e1lefni aldra\u00f0ra", "helstu \u00fe\u00e1ttum f\u00e9lagslegrar \u00fej\u00f3nustu", "hugmyndafr\u00e6\u00f0i og stefnu um sj\u00e1lfr\u00e6\u00f0i aldra\u00f0ra", "\u00f3l\u00edkum a\u00f0st\u00e6\u00f0um eldri borgara \u00ed s\u00edbreytilegu samf\u00e9lagi", "fj\u00f6lbreyttu f\u00e9lagsstarfi aldra\u00f0ra v\u00ed\u00f0a um land", "st\u00f6\u00f0u aldra\u00f0ra \u00ed samf\u00e9lagi samt\u00edmans."], "skills_goals": ["afla uppl\u00fdsinga um opinbera og \u00f3opinbera (einkarekna) \u00fej\u00f3nustu \u00e6tla\u00f0a eldri borgurum", "sko\u00f0a og r\u00e6\u00f0a hugmyndafr\u00e6\u00f0i um sj\u00e1lfr\u00e6\u00f0i aldra\u00f0ra", "bera saman og vinna me\u00f0 fj\u00f6lbreyttar a\u00f0st\u00e6\u00f0ur eldri borgara \u00ed s\u00edbreytilegu samf\u00e9lagi", "veita \u00f6ldru\u00f0um uppl\u00fdsingar um r\u00e9ttindi \u00feeirra og m\u00f6gulega \u00fej\u00f3nustu", "gera grein fyrir fj\u00f6lbreyttu f\u00e9lagsstarfi aldra\u00f0ra v\u00ed\u00f0a um land", "r\u00e6\u00f0a eigi\u00f0 mat \u00e1 st\u00f6\u00f0u aldra\u00f0ra \u00ed n\u00fat\u00edmasamf\u00e9lagi."], "credits": 100, "last_modified": 1623421673.886235, "schools": ["524aa78b62933a493f000366"], "coauthors": null, "instructions": "", "continued_education": true, "level": 2, "prerequisites": "F-\u00d6LFR1\u00d6L (3) ", "author": "060559bb-2dc0-4d56-be60-2cd7a0abe119", "abbreviation_version": null, "competence_goals": [["r\u00e6\u00f0a \u00fer\u00f3un og stefnu \u00ed \u00f6ldrunar\u00fej\u00f3nustu og aflei\u00f0ingar sem breytingar \u00e1 hugmyndafr\u00e6\u00f0i geta haft", ""], ["lei\u00f0beina \u00fej\u00f3nustunotendum um gildi f\u00e9lagslegrar \u00fej\u00f3nustu", ""], ["mi\u00f0la hugmyndafr\u00e6\u00f0i um sj\u00e1lfr\u00e6\u00f0i aldra\u00f0ra, greina og r\u00f6ksty\u00f0ja \u00e1litam\u00e1l", ""], ["segja fr\u00e1 fj\u00f6lbreyttu f\u00e9lagsstarfi aldra\u00f0ra v\u00ed\u00f0a um land", ""], ["t\u00falka / l\u00fdsa st\u00f6\u00f0u aldra\u00f0ra \u00ed n\u00fat\u00edmasamf\u00e9lagi.", ""]], "_id": "60c372e9e3d27f625c000daa"}]}], "description": "F\u00e9lagsli\u00f0ag\u00e1tt er sett fram me\u00f0 \u00fea\u00f0 a\u00f0 markmi\u00f0i a\u00f0 auka \u00feekkingu, fagkunn\u00e1ttu og f\u00e6rni \u00feeirra sem sinna einstaklingum sem \u00feurfa a\u00f0sto\u00f0 e\u00f0a s\u00e9rh\u00e6f\u00f0a \u00fej\u00f3nustu vi\u00f0 athafnir daglegs l\u00edfs. Nemar takast \u00e1 vi\u00f0 verkefni samkv\u00e6mt verkl\u00fdsingu og fyrirm\u00e6lum, efla eigi\u00f0 l\u00e6si \u00e1 a\u00f0st\u00e6\u00f0ur og verkefni \u00fear sem lausnir eru ekki sj\u00e1lfgefnar en krefjast \u00feekkingar, hugkv\u00e6mni og h\u00e6fni \u00ed samskiptum, r\u00f6kv\u00edsi og leikni \u00ed l\u00fd\u00f0r\u00e6\u00f0islegum vinnubr\u00f6g\u00f0um. N\u00e1mi\u00f0 felur \u00ed s\u00e9r \u00fej\u00e1lfun til a\u00f0 sty\u00f0ja vi\u00f0 og efla f\u00e6rni \u00fej\u00f3nustunotenda vi\u00f0 athafnir daglegs l\u00edfs, stu\u00f0la a\u00f0 auknu sj\u00e1lfst\u00e6\u00f0i \u00feeirra og j\u00e1kv\u00e6\u00f0ri sj\u00e1lfsmynd. \u00dej\u00e1lfa\u00f0ar eru a\u00f0fer\u00f0ir til a\u00f0 greina, skilja og vir\u00f0a \u00fearfir f\u00f3lks til a\u00f0 auka l\u00edkamleg, f\u00e9lagsleg, tilfinningaleg og efnisleg l\u00edfsg\u00e6\u00f0i \u00fej\u00f3nustunotenda. \n<br>F\u00e9lagsli\u00f0ag\u00e1tt felur einnig \u00ed s\u00e9r undirb\u00faning fyrir n\u00e1m f\u00e9lagsli\u00f0a \u00e1 \u00feri\u00f0ja \u00ferepi \u00ed framhaldssk\u00f3la. Nemar sem lj\u00faka n\u00e1mi samkv\u00e6mt n\u00e1mskr\u00e1nni starfa \u00e1 svi\u00f0i f\u00e9lagslegrar endurh\u00e6fingar og virkni\u00farr\u00e6\u00f0a me\u00f0 f\u00f3lki sem \u00fearf s\u00e9rstakan stu\u00f0ning vegna f\u00e9lagslegra a\u00f0st\u00e6\u00f0na, veikinda, \u00f6ldrunar, \u00feorskaraskana e\u00f0a hvers konar \u00e1falla. <br> N\u00e1mskr\u00e1in er unnin af Fr\u00e6\u00f0slumi\u00f0st\u00f6\u00f0 atvinnul\u00edfsins (FA).\n<br><br>H\u00e6fni\u00ferep <br>\nN\u00e1mskr\u00e1in F\u00e9lagsli\u00f0ag\u00e1tt er skilgreind \u00e1 \u00f6\u00f0ru \u00ferepi h\u00e6fniramma um \u00edslenska menntun. Til n\u00e1msloka sem f\u00e9lagsli\u00f0i \u00fearf a\u00f0 taka \u00fe\u00e1 \u00e1fanga n\u00e1msins sem eru \u00e1 \u00feri\u00f0ja h\u00e6fni\u00ferepi hj\u00e1 framhaldssk\u00f3la.<br> \nN\u00e1mskr\u00e1in er 1720 klukkustundir og samsvarar 86 framhaldssk\u00f3laeiningum. Fyrir liggur samkomulag milli FA og Borgarholtssk\u00f3la um a\u00f0 n\u00e1mseiningar \u00feessarar n\u00e1mskr\u00e1r eru a\u00f0 fullu metnar inn \u00ed sk\u00f3lann til n\u00e1msloka f\u00e9lagsli\u00f0a \u00e1 \u00feri\u00f0ja h\u00e6fni\u00ferepi. N\u00e1mskr\u00e1nni fylgir vi\u00f0auki sem birtur er \u00ed pdf skjali n\u00e1mskr\u00e1rinnar \u00e1 vef FA (frae.is). Vi\u00f0aukinn inniheldur m.a. \u00ferj\u00e1r yfirlitst\u00f6flur um n\u00e1mi\u00f0 \u00ed heild til a\u00f0 au\u00f0velda yfirs\u00fdn yfir m\u00f6guleika \u00ed tengslum vi\u00f0 n\u00e1mi\u00f0. Nemar me\u00f0 mikla starfsreynslu eiga m\u00f6guleika \u00e1 mati \u00e1kve\u00f0inna n\u00e1ms\u00fe\u00e1tta F\u00e9lagsli\u00f0abrautar BHS eins og sj\u00e1 m\u00e1 \u00ed t\u00f6flu tv\u00f6 \u00ed vi\u00f0auka. Alls getur sl\u00edkt mat n\u00e1\u00f0 35 einingum e\u00f0a fleiri og heildarfj\u00f6ldi sta\u00f0inna eininga getur \u00fev\u00ed or\u00f0i\u00f0 um 116 einingar. ", "tags": "\u00de\u00de", "rules": null, "onsite_training": "B\u00e6\u00f0i vinnusta\u00f0a- og starfsn\u00e1m er hluti af n\u00e1mi til f\u00e9lagsli\u00f0a. Hvorugt er beinn hluti af \u00feessari n\u00e1mskr\u00e1 en gert er r\u00e1\u00f0 fyrir (raunf\u00e6rni)mati \u00e1 starfsreynslu \u00e1 m\u00f3ti vinnusta\u00f0an\u00e1mi. V\u00edsa\u00f0 er til innt\u00f6kuskilyr\u00f0a og til vi\u00f0auka \u00ed pdf \u00fatg\u00e1fu n\u00e1mskr\u00e1rinnar \u00e1 vef FA til n\u00e1nari sk\u00fdringa. \n\n<br><br>Mat \u00e1 starfsreynslu <br>\nF\u00f3lk me\u00f0 umtalsver\u00f0a reynslu af st\u00f6rfum sem tengjast beint \u00feeim sem n\u00e1m fyrir f\u00e9lagsli\u00f0a veitir undirb\u00faning fyrir eiga kost \u00e1 a\u00f0 f\u00e1 reynsluna metna til n\u00e1mseininga \u00e1 framhaldssk\u00f3lastigi. Mi\u00f0a\u00f0 er vi\u00f0 a.m.k. \u00feriggja \u00e1ra starfsreynslu og a\u00f0 hafa n\u00e1\u00f0 23ja \u00e1ra aldri til a\u00f0 eiga kost \u00e1 a\u00f0 komast \u00ed sl\u00edkt mat.", "programme_type": {}, "free_choice_description": "Heildarn\u00e1mst\u00edmi nema er 1720 klukkustundir. Heildarn\u00e1mst\u00edmi n\u00e1mskr\u00e1rinnar h\u00e9r er 1820 klukkustundir. Af \u00feeim t\u00edma er 100 klukkustunda bundi\u00f0 val milli tveggja n\u00e1ms\u00fe\u00e1tta \u00e1 \u00f6\u00f0ru \u00ferepi sem er s\u00e9rh\u00e6fing \u00ed starfi \u00e1 f\u00f6tlurnarl\u00ednu e\u00f0a \u00e1 \u00f6ldrunarl\u00ednu og \u00fatsk\u00fdrir \u00feennan mun \u00e1 vinnut\u00edma nema og heildart\u00edma n\u00e1mskr\u00e1r. Nemar velja anna\u00f0hvort Fatlanir og samf\u00e9lag (F-F\u00d6FR2MF_3) e\u00f0a \u00d6ldrun og samf\u00e9lag (F-\u00d6LFR2\u00d6S_4). \n", "credits": 1720, "last_modified": 1633515597.09588, "exam_id": null, "title_of_core": null, "schools": ["524aa78b62933a493f000366"], "free_choice_flag": true, "continued_education": true, "prerequisites": "Fullor\u00f0i\u00f0 f\u00f3lk \u00e1 vinnumarka\u00f0i me\u00f0 starfsreynslu sem jafngildir a\u00f0 l\u00e1gmarki fullu starfi \u00ed eitt \u00e1r, um 200 \u2013 240 klukkustunda fagtengd n\u00e1mskei\u00f0 og \u00fe\u00e1 h\u00e6fni sem \u00fearf til a\u00f0 takast \u00e1 vi\u00f0 alla hluta n\u00e1msins. A\u00f0 standast a.m.k. fyrri n\u00e1ms\u00fe\u00e1tt vinnusta\u00f0an\u00e1ms (sbr. tafla 2 \u00ed vi\u00f0auka pdf \u00fatg\u00e1fu \u00e1 vef FA). \u00dear sem vi\u00f0 \u00e1 getur \u00feurft a\u00f0 taka fyrsta \u00fereps n\u00e1ms\u00fe\u00e1tt \u00ed \u00edslensku, ensku e\u00f0a st\u00e6r\u00f0fr\u00e6\u00f0i \u00ed upphafi n\u00e1ms. Sl\u00edkt er \u00ed samr\u00e6mi vi\u00f0 almenn innt\u00f6kuskilyr\u00f0i \u00ed n\u00e1mi\u00f0. \n<br>Gert er r\u00e1\u00f0 fyrir a\u00f0 ums\u00e6kjendur standist mat \u00ed \u00feeim 8 n\u00e1ms\u00fe\u00e1ttum samkv\u00e6mt t\u00f6flu 2 \u00ed vi\u00f0auka (6*5 og 15+5, alls 50 einingar) sem ekki eru \u00ed hluti af n\u00e1mskr\u00e1 FA. ", "target_groups": [{"name_trans": "einstaklingar me\u00f0 stutta sk\u00f3lag\u00f6ngu a\u00f0 baki", "_id": "5122ea81c8b511063e000000", "name": "Individuals with little formal education"}, {"name_trans": "einstaklingar \u00e1 vinnumarka\u00f0i me\u00f0 stutta formlega sk\u00f3lag\u00f6ngu a\u00f0 baki", "_id": "5122ea81c8b511063e000002", "name": "Employed individuals with little formal eduation"}, {"name_trans": "einstaklingar sem vilja efla starfsh\u00e6fni s\u00edna", "_id": "5122ea81c8b511063e000004", "name": "Individuals who want to strengthen their competence"}, {"name_trans": "starfsmenn \u00ed atvinnul\u00edfi me\u00f0 \u00fe\u00f6rf fyrir aukna \u00feekkingu og h\u00e6fni,", "_id": "5122ea81c8b511063e000006", "name": "Employed individuals with a need to increase their knowledge and competence"}, {"name_trans": "einstaklingar sem b\u00faa vi\u00f0 skerta m\u00f6guleika til n\u00e1ms e\u00f0a atvinnu\u00fe\u00e1ttt\u00f6ku", "_id": "5122ea81c8b511063e000008", "name": "Individuals with restricted education or employment opportunities"}, {"name_trans": "einstaklingar me\u00f0 \u00fe\u00f6rf fyrir a\u00f0 afla vi\u00f0urkenningar \u00e1 gildi n\u00e1ms sem fellur utan hins formlega framhaldssk\u00f3la- og h\u00e1sk\u00f3lakerfis", "_id": "5122ea81c8b511063e00000a", "name": "Individuals with a need to certify the value of education outside formal education"}, {"name_trans": "einstaklingar me\u00f0 n\u00e1m og reynslu sem afla\u00f0 hefur veri\u00f0 utan hins formlega sk\u00f3lakerfis", "_id": "5122ea81c8b511063e00000c", "name": "Individuals with education and experience obtained outside the formal education system"}], "competence_goals": ["Nemi skal hafa \u00f6\u00f0last \u00feekkingu og skilning \u00e1 <br>- mikilv\u00e6gi faglegra samskipta", "-\teign \u00e1byrg\u00f0 \u00ed samskiptum", "-\ttegundum sker\u00f0inga sem lei\u00f0a til f\u00f6tlunar", "-\t\u00f6ldrunarferlinu og breytingum sem fylgja \u00fev\u00ed a\u00f0 eldast", "-\tmargbreytileika mannlegra a\u00f0st\u00e6\u00f0na og mikilv\u00e6gi \u00feess a\u00f0 s\u00fdna f\u00f3lki vir\u00f0ingu", "-\talmennri \u00fej\u00f3nustu sem veitt er af r\u00edki, sveitarf\u00e9l\u00f6gum og hagsmunasamt\u00f6kum", "-\thelstu \u00fe\u00e1ttum f\u00e9lagslegrar \u00fej\u00f3nustu og forsendum r\u00e9ttinda", "-\thelstu stefnum \u00ed \u00f6ldrunarm\u00e1lum h\u00e9r \u00e1 landi.", "Nemi skal hafa \u00f6\u00f0last leikni \u00ed a\u00f0    <br>-\ta\u00f0sto\u00f0a einstaklinga vi\u00f0 athafnir daglegs l\u00edfs og sty\u00f0ja \u00fe\u00e1 til sj\u00e1lfshj\u00e1lpar", "-\tuppl\u00fdsa \u00fej\u00f3nustunotendur um almenna \u00fej\u00f3nustu sem r\u00edki, sveitarf\u00e9l\u00f6g og hagsmunasamt\u00f6k veita", "-\tr\u00fdna l\u00f6g og regluger\u00f0ir \u00ed tengslum vi\u00f0 r\u00e9ttindi til f\u00e9lagslegrar \u00fej\u00f3nustu", "-\tvinna samkv\u00e6mt l\u00f6gum og regluger\u00f0um sem starfi\u00f0 byggir \u00e1", "-\tsetja sig \u00ed spor annarra", "-\thuga a\u00f0 vinnuvernd, \u00f6ryggi \u00e1 vinnusta\u00f0 og veita skyndihj\u00e1lp ef svo ber vi\u00f0.", "Nemi skal geta hagn\u00fdtt \u00fe\u00e1 almennu \u00feekkingu sem afla\u00f0 hefur veri\u00f0 til a\u00f0  <br>-\tn\u00fdta lausnarmi\u00f0u\u00f0 samskipti vi\u00f0 \u00fej\u00f3nustunotendur, a\u00f0standendur og samstarfsa\u00f0ila", "-\tlesa \u00ed \u00fearfir og meta sj\u00e1lfsbjargargetu einstaklinga", "-\tskipuleggja fr\u00edstundastarf \u00e1 fj\u00f6lbreyttan h\u00e1tt me\u00f0 \u00fearfir \u00f3l\u00edkra einstaklinga \u00ed huga", "-\tlei\u00f0beina einstaklingum og fj\u00f6lskyldum um val \u00e1 \u00farr\u00e6\u00f0um", "-\t\u00e1stunda sj\u00e1lfst\u00e6\u00f0 vinnubr\u00f6g\u00f0 og yfirf\u00e6ra reynslu \u00feegar tekist er \u00e1 vi\u00f0 n\u00fd verkefni", "-\ttakast \u00e1 vi\u00f0 \u00e1framhaldandi n\u00e1m til n\u00e1msloka f\u00e9lagsli\u00f0a \u00e1 3. \u00ferepi."], "log": [], "organization": "N\u00e1mi\u00f0 er starfstengt, mest b\u00f3klegt en einnig a\u00f0 hluta verklegt. Verklegir \u00fe\u00e6ttir sn\u00faa b\u00e6\u00f0i a\u00f0 vinnusta\u00f0a- og starfsn\u00e1mi. N\u00e1mskr\u00e1in byggir n\u00e1nast alfari\u00f0 \u00e1 skylduf\u00f6gum en \u00fe\u00f3 er bundi\u00f0 val milli tveggja n\u00e1ms\u00fe\u00e1tta eins og s\u00e9st \u00ed yfirlitst\u00f6flu n\u00e1mskr\u00e1rinnar (\u00e1\u00f0urnefnt pdf skjal \u00e1 vef FA).<br>\nGera \u00fearf r\u00e1\u00f0 fyrir \u00f3l\u00edkum \u00fe\u00f6rfum n\u00e1msf\u00f3lks vi\u00f0 upphaf n\u00e1ms me\u00f0 tilliti til\u202fvi\u00f0fangsefna\u202fog stu\u00f0nings\u202fvi\u00f0 h\u00e6fi til a\u00f0 styrkja og a\u00f0sto\u00f0a nema vi\u00f0 a\u00f0 n\u00e1 h\u00e6fnivi\u00f0mi\u00f0um n\u00e1msins. N\u00e1ms\u00fe\u00e6ttir eru flestir \u00e1 \u00f6\u00f0ru h\u00e6fni\u00ferepi. Verkefnastj\u00f3ri n\u00e1ms hj\u00e1 fr\u00e6\u00f0slua\u00f0ila metur ums\u00e6kjendur inn \u00ed n\u00e1mi\u00f0 og jafnframt hvort \u00fe\u00f6rf er fyrir undirb\u00faningsn\u00e1m \u00ed tengslum vi\u00f0 innt\u00f6kuskilyr\u00f0i. Auk \u00feess meta lei\u00f0beinendur for\u00feekkingu vi\u00f0 upphaf hvers n\u00e1ms\u00fe\u00e1ttar. \u00deessi n\u00e1mskr\u00e1 er hluti af n\u00e1mi til f\u00e9lagsli\u00f0a a\u00f0 \u00feri\u00f0ja h\u00e6fni\u00ferepi. N\u00e1mi\u00f0 er \u00f6llu j\u00f6fnu skipulagt sem fj\u00f6gurra anna n\u00e1m en fr\u00e6\u00f0slua\u00f0ili getur \u00fe\u00f3 \u00fatf\u00e6rt \u00fea\u00f0 \u00ed samr\u00e6mi vi\u00f0 \u00fearfir markh\u00f3ps hverju sinni.\n<br>Vi\u00f0urkenndur fr\u00e6\u00f0slua\u00f0ili ber \u00e1byrg\u00f0 \u00e1 framkv\u00e6md n\u00e1msins og skipar verkefnastj\u00f3ra sem hefur umsj\u00f3n me\u00f0 n\u00e1mslei\u00f0inni, nemendah\u00f3pnum, lei\u00f0beinendum og allri framkv\u00e6md. Einnig a\u00f0 lei\u00f0beinendur skili og kynni nemendum kennslu\u00e1\u00e6tlun hvers n\u00e1ms\u00fe\u00e1ttar. Til a\u00f0 f\u00e1 n\u00e1mi\u00f0 meti\u00f0 a\u00f0 fullu \u00ed framhaldssk\u00f3la ver\u00f0a lei\u00f0beinendur \u00ed n\u00e1ms\u00fe\u00e1ttunum Heg\u00f0un og atferlism\u00f3tun og Kynjafr\u00e6\u00f0i a\u00f0 hafa s\u00e9r\u00feekkingu \u00e1 vi\u00f0fangsefninu. \n<br>\u00cd kennslu\u00e1\u00e6tlun koma fram uppl\u00fdsingar um kennslua\u00f0fer\u00f0ir, n\u00e1msefni, h\u00e6fnivi\u00f0mi\u00f0 og n\u00e1msmat auk t\u00edmasetninga \u00e1 yfirfer\u00f0 efnis\u00fe\u00e1tta og verkefnaskila \u00fear sem vi\u00f0 \u00e1. Verkefnastj\u00f3ri s\u00e9r til \u00feess a\u00f0 n\u00e1ms\u00fe\u00e6ttir s\u00e9u sam\u00fe\u00e6ttir eins og kostur er og \u00ed r\u00f6kr\u00e9ttu samhengi auk \u00feess a\u00f0 skipuleggja hvernig t\u00edma hvers n\u00e1ms\u00fe\u00e1ttar er vari\u00f0, undir lei\u00f0s\u00f6gn lei\u00f0beinanda annars vegar og \u00ed sj\u00e1lfst\u00e6tt n\u00e1m hins vegar. \u00c1hersla er \u00e1 a\u00f0 lei\u00f0beinendur noti fj\u00f6lbreyttar kennslua\u00f0fer\u00f0ir sem henta fullor\u00f0num, beiti sam\u00fe\u00e6ttingu og leitist vi\u00f0 a\u00f0 nota hversdagsleg vi\u00f0fangsefni \u00ed innl\u00f6gn og verkefni. Heimavinna er mismikil eftir n\u00e1ms\u00fe\u00e1ttum og einstaklingum. \n<br>Verkefnastj\u00f3ri n\u00e1ms og/e\u00f0a yfirma\u00f0ur \u00fej\u00e1lfunar \u00e1 vinnusta\u00f0 fylgist me\u00f0 framvindu, tryggir a\u00f0 \u00fej\u00e1lfun n\u00e1i til allra \u00fe\u00e1tta n\u00e1ms og sty\u00f0ji nema \u00ed \u00fev\u00ed sem sn\u00fdr a\u00f0 starfs\u00fej\u00e1lfun. Sl\u00edkt m\u00e1 til d\u00e6mis a\u00f0 hluta gera me\u00f0 lokaverkefni \u00fear sem unni\u00f0 er me\u00f0 alla \u00fe\u00e6tti n\u00e1msins. ", "_id": "026d9c3c-49b2-40ab-bcbc-ff78c0055df6", "programme_type_id": null}