{"course_choice": [], "epoch_created": 1520000957.144518, "package_choice": [], "date_ministry_approval": 1525344740.352749, "competency": {"numbers_and_information": [], "educational_competence": [], "creative_thinking": [], "equality": [], "sustainability": [], "foreign_societies": [], "health": [], "icelandic_society_norms": [], "democracy_and_human_rights": []}, "user_id": "edaffe7f-dbfc-44e3-a1d9-42da5013ace8", "is_ministry_rejected": false, "title": "Fagn\u00e1m fyrir starfs\u00fej\u00e1lfa (Sta\u00f0festingarn\u00famer 401)", "ministry_serial": "18-401-3-170", "version": "None-60", "status_trans": "Votta\u00f0 af MMS", "date_last_sent_to_ministry": 1520458256.112038, "evaluation": "N\u00e1ms\u00e1rangur er metinn \u00fat fr\u00e1 \u00feekkingar-, leikni- og h\u00e6fnivi\u00f0mi\u00f0um n\u00e1msins me\u00f0 fj\u00f6lbreyttum matsa\u00f0fer\u00f0um sem fr\u00e6\u00f0slua\u00f0ili sam\u00feykkir og l\u00fdst er \u00ed kennslu\u00e1\u00e6tlun. \u00c1hersla er l\u00f6g\u00f0 \u00e1 a\u00f0 lei\u00f0beinandi og n\u00e1msmenn fari sem oftast yfir \u00fea\u00f0 sem hefur \u00e1unnist og hvernig n\u00e1msm\u00f6nnum gangi a\u00f0 n\u00e1 h\u00e6fnivi\u00f0mi\u00f0um n\u00e1msins. N\u00e1msmati er \u00e6tla\u00f0 a\u00f0 n\u00fdtast sem sta\u00f0festing \u00e1 n\u00e1ms\u00e1rangri og jafnframt sem l\u00e6rd\u00f3mur, hvatning og endurgj\u00f6f \u00e1 n\u00e1mst\u00edmanum. ", "status": "approved by ministry", "core": [{"courses": [{"exemplary": null, "topics": "A\u00f0 vinna a\u00f0 lausnum", "abbreviation": "F-STSH2VL", "former_schools": null, "subject": "S\u00e9rt\u00e6k starfsh\u00e6fni", "title": "A\u00f0 vinna a\u00f0 lausnum", "version": 1, "status_trans": "Sam\u00feykkt af sk\u00f3la", "embedded_subject": {"abbreviation": "STSH", "topics": [{"abbreviation": "UT", "topics": ["Uppl\u00fdsingat\u00e6kni"]}, {"abbreviation": "RI", "topics": ["Ritun"]}, {"abbreviation": "VL", "topics": ["A\u00f0 vinna a\u00f0 lausnum"]}, {"abbreviation": "V\u00c1", "topics": ["A\u00f0 vinna undir \u00e1lagi"]}, {"abbreviation": "S\u00de", "topics": ["Starfs\u00fer\u00f3un"]}, {"abbreviation": "\u00c1S", "topics": ["\u00c1rangurss\u00e6kni"]}, {"abbreviation": "FK", "topics": ["Frumkv\u00e6\u00f0i"]}, {"abbreviation": "NN", "topics": ["Natni og n\u00e1kv\u00e6mni"]}, {"abbreviation": "ST", "topics": ["Sj\u00e1lfstraust"]}, {"abbreviation": "SS", "topics": ["Skilningur \u00e1 starfseminni"]}, {"abbreviation": "SV", "topics": ["S\u00f6luvarningur og sm\u00e1sala"]}, {"abbreviation": "VS", "topics": ["Verslunarstarfsemi"]}, {"abbreviation": "V\u00de", "topics": ["V\u00f6ru\u00feekking"]}, {"abbreviation": "VV", "topics": ["Vi\u00f0skiptavinurinn"]}, {"abbreviation": "SF", "topics": ["S\u00f6luferli"]}, {"abbreviation": "LV", "topics": ["Lokaverkefni"]}, {"abbreviation": "\u00deJ", "topics": ["Starfs\u00fej\u00e1lfun"]}], "_id": "5458b6dd62933a61b20023f3", "subjects": ["S\u00e9rt\u00e6k starfsh\u00e6fni"], "counter": {"1": 0, "3": 0, "2": 0, "4": 0}}, "evaluation": "Vi\u00f0 mat \u00e1 h\u00e6fni m\u00e1 notast vi\u00f0 spurningar eins og:\n- Hefur n\u00e1msma\u00f0ur veri\u00f0 \u00ed a\u00f0st\u00e6\u00f0um \u00fear sem reyndi \u00e1 \u00feessa h\u00e6fni?\n- Hvert var framlag n\u00e1msmannsins vi\u00f0 sl\u00edkar a\u00f0st\u00e6\u00f0ur?\n- Hva\u00f0a \u00feekkingu og leikni \u00fearf n\u00e1msma\u00f0ur a\u00f0 b\u00faa yfir til a\u00f0 vera f\u00e6r um a\u00f0 gera \u00fea\u00f0 sem l\u00fdst er \u00ed h\u00e6fnivi\u00f0mi\u00f0um?\n", "categorization_suggestion": null, "embedded_topics": {"abbreviation": "VL", "topics": ["A\u00f0 vinna a\u00f0 lausnum"]}, "status": "approved by school", "description": "N\u00e1ms\u00fe\u00e6ttinum er \u00e6tla\u00f0 a\u00f0 efla n\u00e1msmann \u00ed a\u00f0 greina og leysa vandam\u00e1l/vi\u00f0fangsefni. N\u00e1ms\u00fe\u00e6ttinum er einnig \u00e6tla\u00f0 a\u00f0 gera n\u00e1msmanni kleift a\u00f0 \u00f6\u00f0last h\u00e6fni til a\u00f0 leysa algeng vandam\u00e1l.", "knowledge_goals": [""], "skills_goals": [""], "credits": 10, "last_modified": 1416927123.649346, "schools": ["524aa78b62933a493f000366"], "coauthors": null, "instructions": "L\u00f6g\u00f0 er \u00e1hersla \u00e1 sam\u00fe\u00e6ttingu n\u00e1ms\u00fe\u00e1tta og tengingu vi\u00f0 verkefni starfsins.\n", "continued_education": true, "level": 2, "prerequisites": "", "author": "5c075de9-ce2f-485f-ab46-5e15f7648678", "abbreviation_version": null, "competence_goals": [["Greina vandam\u00e1l/fr\u00e1vik sem orsakast af nokkrum atri\u00f0um, flestum auglj\u00f3sum.", ""], ["Vita hvernig a\u00f0rir hafa leyst verkefni af \u00feessu tagi.", ""], ["Velja \u00e1kj\u00f3sanlega lausn eftir a\u00f0 hafa vegi\u00f0 og meti\u00f0 kosti og galla \u00fdmissa a\u00f0fer\u00f0a.", ""], ["Meta \u00e1rangur og skilvirkni \u00farlausna eftir framkv\u00e6md verkefnis.", ""]], "_id": "5474979362933a4d76002311"}, {"exemplary": null, "topics": "A\u00f0 vinna undir \u00e1lagi", "abbreviation": "F-STSH2V\u00c1", "former_schools": null, "subject": "S\u00e9rt\u00e6k starfsh\u00e6fni", "title": "A\u00f0 vinna undir \u00e1lagi", "version": 11, "status_trans": "Sam\u00feykkt af sk\u00f3la", "embedded_subject": {"abbreviation": "STSH", "topics": [{"abbreviation": "UT", "topics": ["Uppl\u00fdsingat\u00e6kni"]}, {"abbreviation": "RI", "topics": ["Ritun"]}, {"abbreviation": "VL", "topics": ["A\u00f0 vinna a\u00f0 lausnum"]}, {"abbreviation": "V\u00c1", "topics": ["A\u00f0 vinna undir \u00e1lagi"]}, {"abbreviation": "S\u00de", "topics": ["Starfs\u00fer\u00f3un"]}, {"abbreviation": "\u00c1S", "topics": ["\u00c1rangurss\u00e6kni"]}, {"abbreviation": "FK", "topics": ["Frumkv\u00e6\u00f0i"]}, {"abbreviation": "NN", "topics": ["Natni og n\u00e1kv\u00e6mni"]}, {"abbreviation": "ST", "topics": ["Sj\u00e1lfstraust"]}, {"abbreviation": "SS", "topics": ["Skilningur \u00e1 starfseminni"]}, {"abbreviation": "SV", "topics": ["S\u00f6luvarningur og sm\u00e1sala"]}, {"abbreviation": "VS", "topics": ["Verslunarstarfsemi"]}, {"abbreviation": "V\u00de", "topics": ["V\u00f6ru\u00feekking"]}, {"abbreviation": "VV", "topics": ["Vi\u00f0skiptavinurinn"]}, {"abbreviation": "SF", "topics": ["S\u00f6luferli"]}, {"abbreviation": "LV", "topics": ["Lokaverkefni"]}, {"abbreviation": "\u00deJ", "topics": ["Starfs\u00fej\u00e1lfun"]}], "_id": "5458b6dd62933a61b20023f3", "subjects": ["S\u00e9rt\u00e6k starfsh\u00e6fni"], "counter": {"1": 1, "3": 6, "2": 10, "4": 0}}, "evaluation": "Vi\u00f0 mat \u00e1 h\u00e6fni m\u00e1 notast vi\u00f0 spurningar eins og:\n- Hefur n\u00e1msma\u00f0ur veri\u00f0 \u00ed a\u00f0st\u00e6\u00f0um \u00fear sem reyndi \u00e1 \u00feessa h\u00e6fni?\n- Hvert var framlag n\u00e1msmannsins vi\u00f0 sl\u00edkar a\u00f0st\u00e6\u00f0ur?\n- Hva\u00f0a \u00feekkingu og leikni \u00fearf n\u00e1msma\u00f0ur a\u00f0 b\u00faa yfir til a\u00f0 vera f\u00e6r um a\u00f0 gera \u00fea\u00f0 sem l\u00fdst er \u00ed h\u00e6fnivi\u00f0mi\u00f0um?\n", "categorization_suggestion": null, "embedded_topics": {"abbreviation": "V\u00c1", "topics": ["A\u00f0 vinna undir \u00e1lagi"]}, "status": "approved by school", "description": "N\u00e1ms\u00fe\u00e6ttinum er \u00e6tla\u00f0 a\u00f0 efla n\u00e1msmann \u00ed a\u00f0 vinna \u00e1 skilvirkan h\u00e1tt undir \u00e1lagi \u00fer\u00e1tt fyrir streitua\u00f0st\u00e6\u00f0ur. N\u00e1ms\u00fe\u00e6ttinum er einnig \u00e6tla\u00f0 a\u00f0 gera n\u00e1msmanni kleift a\u00f0 \u00f6\u00f0last h\u00e6fni \u00ed a\u00f0 r\u00e1\u00f0a vi\u00f0 h\u00f3flega streitu/\u00e1lag.", "knowledge_goals": [""], "skills_goals": [""], "credits": 10, "last_modified": 1433168172.242943, "schools": ["524aa78b62933a493f000366"], "coauthors": null, "instructions": "L\u00f6g\u00f0 er \u00e1hersla \u00e1 sam\u00fe\u00e6ttingu n\u00e1ms\u00fe\u00e1tta og tengingu vi\u00f0 verkefni starfsins.", "continued_education": true, "level": 2, "prerequisites": "", "author": "5c075de9-ce2f-485f-ab46-5e15f7648678", "abbreviation_version": null, "competence_goals": [["Halda r\u00f3 sinni og skilvirkni \u00fer\u00e1tt fyrir streituvaldandi a\u00f0st\u00e6\u00f0ur.", ""], ["Gera s\u00e9r grein fyrir pers\u00f3nulegum streituv\u00f6ldum og taka skref til a\u00f0 takmarka \u00e1hrif \u00feeirra.", ""], ["Setja m\u00e1lefni og a\u00f0st\u00e6\u00f0ur \u00ed samhengi og breg\u00f0ast vi\u00f0 \u00e1 vi\u00f0eigandi h\u00e1tt (t.d. gera ekki of miki\u00f0 \u00far a\u00f0st\u00e6\u00f0um e\u00f0a \u00fev\u00ed sem a\u00f0rir segja).", ""]], "_id": "556c692c62933a5b2000269c"}, {"exemplary": null, "topics": "A\u00f0l\u00f6gunarh\u00e6fni", "abbreviation": "F-ALSH3AH", "former_schools": null, "subject": "Almenn starfsh\u00e6fni", "title": "A\u00f0l\u00f6gunarh\u00e6fni", "version": 2, "status_trans": "Sam\u00feykkt af sk\u00f3la", "embedded_subject": {"abbreviation": "ALSH", "topics": [{"abbreviation": "AH", "topics": ["A\u00f0l\u00f6gunarh\u00e6fni"]}, {"abbreviation": "A\u00de", "topics": ["A\u00f0lagast mj\u00f6g fj\u00f6lbreyttum \u00fe\u00f6rfum"]}, {"abbreviation": "NV", "topics": ["Notar ver\u00f0m\u00e6ti \u00e1 hagkv\u00e6man h\u00e1tt"]}, {"abbreviation": "ST", "topics": ["Stu\u00f0lar a\u00f0 tj\u00e1skiptum vi\u00f0 a\u00f0ra"]}, {"abbreviation": "FF", "topics": ["Fj\u00f6lbreytni mannl\u00edfs og eigin ford\u00f3mar"]}, {"abbreviation": "VM", "topics": ["Vegur og metur hugmyndir og uppl\u00fdsingar \u00e1 hlutl\u00e6gan h\u00e1tt vi\u00f0 \u00e1kvar\u00f0anat\u00f6ku"]}, {"abbreviation": "S\u00de", "topics": ["Sam\u00fe\u00e6ttir og t\u00falkar vi\u00f0t\u00e6kar og fl\u00f3knar uppl\u00fdsingar"]}, {"abbreviation": "\u00c1N", "topics": ["\u00c1byrg n\u00fdting"]}, {"abbreviation": "SS", "topics": ["Samskipti"]}, {"abbreviation": "JV", "topics": ["Jafnr\u00e9ttisvitund"]}, {"abbreviation": "ML", "topics": ["Mat og lausnir"]}, {"abbreviation": "SV", "topics": ["Samvinna"]}, {"abbreviation": "S\u00c1", "topics": ["Skipulag og \u00e1\u00e6tlanir"]}, {"abbreviation": "SF", "topics": ["Starfs\u00fer\u00f3un og f\u00e6rniefling"]}, {"abbreviation": "S\u00da", "topics": ["S\u00f6fnun og \u00farvinnsla uppl\u00fdsinga"]}, {"abbreviation": "VG", "topics": ["Vinnusi\u00f0fer\u00f0i og gildi"]}, {"abbreviation": "\u00d6V", "topics": ["\u00d6ryggisvitund"]}, {"abbreviation": "UT", "topics": ["Uppl\u00fdsingat\u00e6kni"]}, {"abbreviation": "RI", "topics": ["Ritun"]}, {"abbreviation": "SA", "topics": ["Samskipti \u00e1 vinnusta\u00f0"]}], "_id": "5460c52e62933a4d76000b73", "subjects": ["Almenn starfsh\u00e6fni"], "counter": {"1": 2, "3": 1, "2": 10, "4": 0}}, "evaluation": "Vi\u00f0 mat \u00e1 h\u00e6fni m\u00e1 notast vi\u00f0 spurningar eins og:\n- Hefur n\u00e1msma\u00f0ur veri\u00f0 \u00ed a\u00f0st\u00e6\u00f0um \u00fear sem reyndi \u00e1 \u00feessa h\u00e6fni?\n- Hvert var framlag n\u00e1msmannsins vi\u00f0 sl\u00edkar a\u00f0st\u00e6\u00f0ur?\n- Hva\u00f0a \u00feekkingu og leikni \u00fearf n\u00e1msma\u00f0ur a\u00f0 b\u00faa yfir til a\u00f0 vera f\u00e6r um a\u00f0 gera \u00fea\u00f0 sem l\u00fdst er \u00ed h\u00e6fnivi\u00f0mi\u00f0um?\n", "categorization_suggestion": null, "embedded_topics": {"abbreviation": "AH", "topics": ["A\u00f0l\u00f6gunarh\u00e6fni"]}, "status": "approved by school", "description": "N\u00e1ms\u00fe\u00e6ttinum er \u00e6tla\u00f0 a\u00f0 efla n\u00e1msmann \u00ed a\u00f0 laga sig a\u00f0 a\u00f0st\u00e6\u00f0um eftir \u00fe\u00f6rfum til a\u00f0 n\u00e1 \u00e1rangri \u00ed s\u00edbreytilegum a\u00f0st\u00e6\u00f0um og \u00ed vinnu me\u00f0 mismunandi einstaklingum og h\u00f3pum. N\u00e1ms\u00fe\u00e6ttinum er einnig \u00e6tla\u00f0 a\u00f0 gera n\u00e1msmanni kleift a\u00f0 \u00f6\u00f0last h\u00e6fni til a\u00f0 a\u00f0lagast mj\u00f6g fj\u00f6lbreyttum \u00fe\u00f6rfum.", "knowledge_goals": ["x"], "skills_goals": ["x"], "credits": 10, "last_modified": 1433163313.156701, "schools": ["524aa78b62933a493f000366"], "coauthors": null, "instructions": "L\u00f6g\u00f0 er \u00e1hersla \u00e1 sam\u00fe\u00e6ttingu n\u00e1ms\u00fe\u00e1tta og tengingu vi\u00f0 verkefni starfsins.", "continued_education": true, "level": 3, "prerequisites": "", "author": "5c075de9-ce2f-485f-ab46-5e15f7648678", "abbreviation_version": null, "competence_goals": [["Laga sig a\u00f0 n\u00fdjum hugmyndum og s\u00fdna frumkv\u00e6\u00f0i vi\u00f0 breytilegar a\u00f0st\u00e6\u00f0ur.", ""], ["Sty\u00f0ja og laga sig a\u00f0 \u00e1skorunum/breytingum sem \u00f6gra hef\u00f0bundnu verklagi.", ""], ["Laga sig a\u00f0 \u00f3l\u00edkum einstaklingum og h\u00f3pum \u00ed margs konar a\u00f0st\u00e6\u00f0um.", ""], ["Gera r\u00e1\u00f0 fyrir breytingum og endursko\u00f0a eigin \u00e1\u00e6tlanir og forgangsr\u00f6\u00f0un \u00ed samr\u00e6mi vi\u00f0 \u00fea\u00f0.", ""]], "_id": "556c563162933a5b2000264f"}, {"exemplary": null, "topics": "Starfs\u00fer\u00f3un", "abbreviation": "F-STSH2S\u00de", "former_schools": null, "subject": "S\u00e9rt\u00e6k starfsh\u00e6fni", "title": "A\u00f0sto\u00f0 vi\u00f0 starfs\u00fer\u00f3un annarra", "version": 3, "status_trans": "Sam\u00feykkt af sk\u00f3la", "embedded_subject": {"abbreviation": "STSH", "topics": [{"abbreviation": "UT", "topics": ["Uppl\u00fdsingat\u00e6kni"]}, {"abbreviation": "RI", "topics": ["Ritun"]}, {"abbreviation": "VL", "topics": ["A\u00f0 vinna a\u00f0 lausnum"]}, {"abbreviation": "V\u00c1", "topics": ["A\u00f0 vinna undir \u00e1lagi"]}, {"abbreviation": "S\u00de", "topics": ["Starfs\u00fer\u00f3un"]}, {"abbreviation": "\u00c1S", "topics": ["\u00c1rangurss\u00e6kni"]}, {"abbreviation": "FK", "topics": ["Frumkv\u00e6\u00f0i"]}, {"abbreviation": "NN", "topics": ["Natni og n\u00e1kv\u00e6mni"]}, {"abbreviation": "ST", "topics": ["Sj\u00e1lfstraust"]}, {"abbreviation": "SS", "topics": ["Skilningur \u00e1 starfseminni"]}, {"abbreviation": "SV", "topics": ["S\u00f6luvarningur og sm\u00e1sala"]}, {"abbreviation": "VS", "topics": ["Verslunarstarfsemi"]}, {"abbreviation": "V\u00de", "topics": ["V\u00f6ru\u00feekking"]}, {"abbreviation": "VV", "topics": ["Vi\u00f0skiptavinurinn"]}, {"abbreviation": "SF", "topics": ["S\u00f6luferli"]}, {"abbreviation": "LV", "topics": ["Lokaverkefni"]}, {"abbreviation": "\u00deJ", "topics": ["Starfs\u00fej\u00e1lfun"]}], "_id": "5458b6dd62933a61b20023f3", "subjects": ["S\u00e9rt\u00e6k starfsh\u00e6fni"], "counter": {"1": 0, "3": 0, "2": 2, "4": 0}}, "evaluation": "Vi\u00f0 mat \u00e1 h\u00e6fni m\u00e1 notast vi\u00f0 spurningar eins og:\n- Hefur n\u00e1msma\u00f0ur veri\u00f0 \u00ed a\u00f0st\u00e6\u00f0um \u00fear sem reyndi \u00e1 \u00feessa h\u00e6fni?\n- Hvert var framlag n\u00e1msmannsins vi\u00f0 sl\u00edkar a\u00f0st\u00e6\u00f0ur?\n- Hva\u00f0a \u00feekkingu og leikni \u00fearf n\u00e1msma\u00f0ur a\u00f0 b\u00faa yfir til a\u00f0 vera f\u00e6r um a\u00f0 gera \u00fea\u00f0 sem l\u00fdst er \u00ed h\u00e6fnivi\u00f0mi\u00f0um?\n", "categorization_suggestion": null, "embedded_topics": {"abbreviation": "S\u00de", "topics": ["Starfs\u00fer\u00f3un"]}, "status": "approved by school", "description": "N\u00e1ms\u00fe\u00e6ttinum er \u00e6tla\u00f0 a\u00f0 efla n\u00e1msmann \u00ed a\u00f0 hl\u00faa a\u00f0 starfs\u00fer\u00f3un samstarfsmanna me\u00f0 \u00fev\u00ed a\u00f0 skapa uppbyggilegar a\u00f0st\u00e6\u00f0ur/andr\u00famsloft til n\u00e1ms. N\u00e1ms\u00fe\u00e6ttinu er einnig \u00e6tla\u00f0 a\u00f0 gera n\u00e1msmanni kleift a\u00f0 \u00f6\u00f0last h\u00e6fni til a\u00f0 lei\u00f0beina \u00f6\u00f0rum.", "knowledge_goals": [""], "skills_goals": [""], "credits": 10, "last_modified": 1416928329.343689, "schools": ["524aa78b62933a493f000366"], "coauthors": null, "instructions": "L\u00f6g\u00f0 er \u00e1hersla \u00e1 sam\u00fe\u00e6ttingu n\u00e1ms\u00fe\u00e1tta og tengingu vi\u00f0 verkefni starfsins.", "continued_education": true, "level": 2, "prerequisites": "", "author": "5c075de9-ce2f-485f-ab46-5e15f7648678", "abbreviation_version": null, "competence_goals": [["Vinna me\u00f0 samstarfsf\u00f3lki vi\u00f0 a\u00f0 setja fram \u00e1rangursmarkmi\u00f0 og v\u00e6ntingar.", ""], ["Gefa uppbyggilega, hei\u00f0arlega, sk\u00fdra og n\u00e1kv\u00e6ma endurgj\u00f6f um frammist\u00f6\u00f0u, \u00feegar t\u00e6kif\u00e6ri gefst, \u00e1 \u00feann h\u00e1tt a\u00f0 h\u00fan stu\u00f0li a\u00f0 sj\u00e1lfstrausti.", ""], ["A\u00f0sto\u00f0a og lei\u00f0beina samstarfsf\u00f3lki og yfirf\u00e6ra \u00feannig uppsafna\u00f0a \u00feekkingu og reynslu.", ""], ["Fara yfir m\u00e1l me\u00f0 samstarfsf\u00f3lki til a\u00f0 au\u00f0velda \u00feeim a\u00f0 l\u00e6ra af reynslunni.", ""]], "_id": "54749c4962933a4d76002321"}, {"exemplary": null, "topics": "Sk\u00f6pun, frumkv\u00e6\u00f0i, lausnir", "abbreviation": "F-STAI2SL", "former_schools": null, "subject": "Starfs\u00fej\u00e1lfi", "title": "Frumkv\u00e6\u00f0i", "version": 2, "status_trans": "Sam\u00feykkt af sk\u00f3la", "embedded_subject": {"abbreviation": "STAI", "topics": [{"abbreviation": "SL", "topics": ["Sk\u00f6pun", "frumkv\u00e6\u00f0i", "lausnir"]}, {"abbreviation": "SK", "topics": ["Skilningur \u00e1 starfseminni"]}, {"abbreviation": "SH", "topics": ["Sk\u00f6rp hugsun", "r\u00fdni"]}, {"abbreviation": "SN", "topics": ["Stu\u00f0ningur vi\u00f0 n\u00e1m"]}], "_id": "5a9978a6110a18047400422e", "subjects": ["Starfs\u00fej\u00e1lfi"], "counter": {"1": 0, "3": 0, "2": 1, "4": 0}}, "evaluation": "Vi\u00f0 mat \u00e1 h\u00e6fni m\u00e1 notast vi\u00f0 spurningar eins og: - Hefur n\u00e1msma\u00f0ur veri\u00f0 \u00ed a\u00f0st\u00e6\u00f0um \u00fear sem reyndi \u00e1 \u00feessa h\u00e6fni? - Hvert var framlag n\u00e1msmannsins vi\u00f0 sl\u00edkar a\u00f0st\u00e6\u00f0ur? - Hva\u00f0a \u00feekkingu og leikni \u00fearf n\u00e1msma\u00f0ur a\u00f0 b\u00faa yfir til a\u00f0 vera f\u00e6r um a\u00f0 gera \u00fea\u00f0 sem l\u00fdst er \u00ed h\u00e6fnivi\u00f0mi\u00f0um?", "categorization_suggestion": null, "embedded_topics": {"abbreviation": "SL", "topics": ["Sk\u00f6pun", "frumkv\u00e6\u00f0i", "lausnir"]}, "status": "approved by school", "description": "N\u00e1ms\u00fe\u00e6ttinum er \u00e6tla\u00f0 a\u00f0 efla n\u00e1msmanninn \u00ed a\u00f0 s\u00fdna frumkv\u00e6\u00f0i og \u00feolg\u00e6\u00f0i vi\u00f0 a\u00f0 takast \u00e1 vi\u00f0 a\u00f0st\u00e6\u00f0ur og m\u00e1lefni og gr\u00edpa \u00feau t\u00e6kif\u00e6ri sem gefast. N\u00e1ms\u00fe\u00e6ttinum er einnig \u00e6tla\u00f0 a\u00f0 gera n\u00e1msmanni kleift a\u00f0 auka h\u00e6fni s\u00edna \u00ed a\u00f0 takast \u00e1 vi\u00f0 \u00farlausnarefni sem liggja fyrir.", "knowledge_goals": ["\u00c1 ekki vi\u00f0."], "skills_goals": ["\u00c1 ekki vi\u00f0."], "credits": 10, "last_modified": 1520007459.710814, "schools": ["524aa78b62933a493f000366"], "coauthors": null, "instructions": "", "continued_education": true, "level": 2, "prerequisites": "", "author": "edaffe7f-dbfc-44e3-a1d9-42da5013ace8", "abbreviation_version": null, "competence_goals": [["Koma auga \u00e1 og breg\u00f0ast vi\u00f0 a\u00f0st\u00e6\u00f0um og vandam\u00e1lum \u00e1 eigin verksvi\u00f0i \u00ed sta\u00f0 \u00feess a\u00f0 b\u00ed\u00f0a e\u00f0a vona a\u00f0 vandam\u00e1li\u00f0 leysist af sj\u00e1lfu s\u00e9r.", ""], ["Reyna mismunandi n\u00e1lganir og lei\u00f0ir til a\u00f0 leysa vandam\u00e1l.", ""], ["S\u00fdna seiglu og \u00ferautseigju \u00feegar alvarleg vandam\u00e1l koma upp.", ""]], "_id": "5a997923110a180474004232"}, {"exemplary": null, "topics": "G\u00e6\u00f0avitund", "abbreviation": "F-PERH3G\u00c6", "former_schools": null, "subject": "Pers\u00f3nuleg h\u00e6fni", "title": "G\u00e6\u00f0avitund", "version": 1, "status_trans": "Sam\u00feykkt af sk\u00f3la", "embedded_subject": {"abbreviation": "PERH", "topics": [{"abbreviation": "SV", "topics": ["Starfs\u00fer\u00f3un og f\u00e6rniefling", "Vinnusi\u00f0fer\u00f0i og gildi"]}, {"abbreviation": "SS", "topics": ["Samskipti"]}, {"abbreviation": "FF", "topics": ["Frams\u00f6gn", "framkoma"]}, {"abbreviation": "SJ", "topics": ["Starfs\u00fer\u00f3un og f\u00e6rniefling", "jafnr\u00e9ttisvitund", "\u00e1byrg n\u00fdting", "\u00f6ryggisvitund"]}, {"abbreviation": "G\u00c6", "topics": ["G\u00e6\u00f0avitund"]}, {"abbreviation": "ST", "topics": ["Sj\u00e1lfstraust"]}], "_id": "588770f562933a4e9200cd1c", "subjects": ["Pers\u00f3nuleg h\u00e6fni"], "counter": {"1": 0, "3": 0, "2": 3, "4": 0}}, "evaluation": "Vi\u00f0 mat \u00e1 h\u00e6fni m\u00e1 notast vi\u00f0 spurningar eins og: - Hefur n\u00e1msma\u00f0ur veri\u00f0 \u00ed a\u00f0st\u00e6\u00f0um \u00fear sem reyndi \u00e1 \u00feessa h\u00e6fni? - Hvert var framlag n\u00e1msmannsins vi\u00f0 sl\u00edkar a\u00f0st\u00e6\u00f0ur? - Hva\u00f0a \u00feekkingu og leikni \u00fearf n\u00e1msma\u00f0ur a\u00f0 b\u00faa yfir til a\u00f0 vera f\u00e6r um a\u00f0 gera \u00fea\u00f0 sem l\u00fdst er \u00ed h\u00e6fnivi\u00f0mi\u00f0um?", "categorization_suggestion": null, "embedded_topics": {"abbreviation": "G\u00c6", "topics": ["G\u00e6\u00f0avitund"]}, "status": "approved by school", "description": "N\u00e1ms\u00fe\u00e6ttinum er \u00e6tla\u00f0 a\u00f0 efla n\u00e1msmanninn \u00ed a\u00f0 fylgja ferlum, tryggja g\u00e6\u00f0ani\u00f0urst\u00f6\u00f0u og taka frumkv\u00e6\u00f0i til \u00farlausna \u00e1 g\u00e6\u00f0am\u00e1lum e\u00f0a vekja e\u00f0lilega athygli \u00e1 \u00feeim. N\u00e1ms\u00fe\u00e6ttinum er einnig \u00e6tla\u00f0a a\u00f0 gera n\u00e1msmanni kleift a\u00f0 auka h\u00e6fni s\u00edna til a\u00f0 fylgjast me\u00f0 og \u00fej\u00e1lfa a\u00f0ra til \u00feess a\u00f0 fara eftir g\u00e6\u00f0avi\u00f0mi\u00f0um.", "knowledge_goals": ["\u00c1 ekki vi\u00f0."], "skills_goals": ["\u00c1 ekki vi\u00f0."], "credits": 10, "last_modified": 1520329054.220448, "schools": ["524aa78b62933a493f000366"], "coauthors": null, "instructions": "", "continued_education": true, "level": 3, "prerequisites": "", "author": "edaffe7f-dbfc-44e3-a1d9-42da5013ace8", "abbreviation_version": null, "competence_goals": [["Fara yfir vinnu annarra til \u00feess a\u00f0 fullvissa sig um a\u00f0 \u00feeir fari eftir g\u00e6\u00f0avi\u00f0mi\u00f0um fyrirt\u00e6kisins.", ""], ["R\u00e1\u00f0leggja stj\u00f3rnendum um g\u00e6\u00f0am\u00e1lefni og \u00e1skoranir sem koma upp.", ""]], "_id": "5a9e615e110a1804740067ee"}, {"exemplary": null, "topics": "Jafnr\u00e9ttisvitund", "abbreviation": "F-ALSH3JV", "former_schools": null, "subject": "Almenn starfsh\u00e6fni", "title": "Jafnr\u00e9ttisvitund", "version": 3, "status_trans": "Sam\u00feykkt af sk\u00f3la", "embedded_subject": {"abbreviation": "ALSH", "topics": [{"abbreviation": "AH", "topics": ["A\u00f0l\u00f6gunarh\u00e6fni"]}, {"abbreviation": "A\u00de", "topics": ["A\u00f0lagast mj\u00f6g fj\u00f6lbreyttum \u00fe\u00f6rfum"]}, {"abbreviation": "NV", "topics": ["Notar ver\u00f0m\u00e6ti \u00e1 hagkv\u00e6man h\u00e1tt"]}, {"abbreviation": "ST", "topics": ["Stu\u00f0lar a\u00f0 tj\u00e1skiptum vi\u00f0 a\u00f0ra"]}, {"abbreviation": "FF", "topics": ["Fj\u00f6lbreytni mannl\u00edfs og eigin ford\u00f3mar"]}, {"abbreviation": "VM", "topics": ["Vegur og metur hugmyndir og uppl\u00fdsingar \u00e1 hlutl\u00e6gan h\u00e1tt vi\u00f0 \u00e1kvar\u00f0anat\u00f6ku"]}, {"abbreviation": "S\u00de", "topics": ["Sam\u00fe\u00e6ttir og t\u00falkar vi\u00f0t\u00e6kar og fl\u00f3knar uppl\u00fdsingar"]}, {"abbreviation": "\u00c1N", "topics": ["\u00c1byrg n\u00fdting"]}, {"abbreviation": "SS", "topics": ["Samskipti"]}, {"abbreviation": "JV", "topics": ["Jafnr\u00e9ttisvitund"]}, {"abbreviation": "ML", "topics": ["Mat og lausnir"]}, {"abbreviation": "SV", "topics": ["Samvinna"]}, {"abbreviation": "S\u00c1", "topics": ["Skipulag og \u00e1\u00e6tlanir"]}, {"abbreviation": "SF", "topics": ["Starfs\u00fer\u00f3un og f\u00e6rniefling"]}, {"abbreviation": "S\u00da", "topics": ["S\u00f6fnun og \u00farvinnsla uppl\u00fdsinga"]}, {"abbreviation": "VG", "topics": ["Vinnusi\u00f0fer\u00f0i og gildi"]}, {"abbreviation": "\u00d6V", "topics": ["\u00d6ryggisvitund"]}, {"abbreviation": "UT", "topics": ["Uppl\u00fdsingat\u00e6kni"]}, {"abbreviation": "RI", "topics": ["Ritun"]}, {"abbreviation": "\u00c1S", "topics": ["samskipti", "sj\u00e1lfstraust", "\u00e1skoranir"]}, {"abbreviation": "SH", "topics": ["Starfsh\u00e6fni \u00e1 vinnumarka\u00f0i"]}], "_id": "5460c52e62933a4d76000b73", "subjects": ["Almenn starfsh\u00e6fni"], "counter": {"1": 2, "3": 1, "2": 12, "4": 0}}, "evaluation": "Vi\u00f0 mat \u00e1 h\u00e6fni m\u00e1 notast vi\u00f0 spurningar eins og: - Hefur n\u00e1msma\u00f0ur veri\u00f0 \u00ed a\u00f0st\u00e6\u00f0um \u00fear sem reyndi \u00e1 \u00feessa h\u00e6fni? - Hvert var framlag n\u00e1msmannsins vi\u00f0 sl\u00edkar a\u00f0st\u00e6\u00f0ur? - Hva\u00f0a \u00feekkingu og leikni \u00fearf n\u00e1msma\u00f0ur a\u00f0 b\u00faa yfir til a\u00f0 vera f\u00e6r um a\u00f0 gera \u00fea\u00f0 sem l\u00fdst er \u00ed h\u00e6fnivi\u00f0mi\u00f0um?", "categorization_suggestion": null, "embedded_topics": {"abbreviation": "JV", "topics": ["Jafnr\u00e9ttisvitund"]}, "status": "approved by school", "description": "N\u00e1ms\u00fe\u00e6ttinum er \u00e6tla\u00f0 a\u00f0 efla n\u00e1msmanninn \u00ed a\u00f0 n\u00fdta eigin gildi og \u00feekkingu til a\u00f0 vinna \u00e1 \u00e1rangursr\u00edkan h\u00e1tt me\u00f0 \u00f3l\u00edkum einstaklingum me\u00f0 fj\u00f6lbreyttan bakgrunn* vi\u00f0 margskonar a\u00f0st\u00e6\u00f0ur. N\u00e1ms\u00fe\u00e6ttinum er einnig \u00e6tla\u00f0 a\u00f0 gera n\u00e1msmanni kleift a\u00f0 \u00f6\u00f0last h\u00e6fni \u00ed a\u00f0 skapa vinnuumhverfi sem sty\u00f0ur vi\u00f0 fj\u00f6lbreytni og jafnr\u00e9tti.\n\n*T.d. aldur, b\u00faseta, f\u00f6tlun, kyn, kynhneig\u00f0, litarh\u00e1ttur, l\u00edfssko\u00f0anir, menning, st\u00e9tt, tr\u00faarbr\u00f6g\u00f0, tungum\u00e1l, \u00e6tterni e\u00f0a \u00fej\u00f3\u00f0erni.\n", "knowledge_goals": ["\u00c1 ekki vi\u00f0."], "skills_goals": ["\u00c1 ekki vi\u00f0."], "credits": 10, "last_modified": 1520005013.535897, "schools": ["524aa78b62933a493f000366"], "coauthors": null, "instructions": "", "continued_education": true, "level": 3, "prerequisites": "", "author": "edaffe7f-dbfc-44e3-a1d9-42da5013ace8", "abbreviation_version": null, "competence_goals": [["Tala fyrir a\u00f0st\u00e6\u00f0um sem gera r\u00e1\u00f0 fyrir fj\u00f6lbreytileika starfsf\u00f3lks.", ""], ["\u00ddta undir opin og gagns\u00e6 samskipti um jafnr\u00e9tti og fj\u00f6lbreytni.", ""], ["Hvetja til uppbyggilegra umr\u00e6\u00f0na um \u00e1vinning af fj\u00f6lbreytni \u00e1 vinnusta\u00f0.", ""], ["Stu\u00f0la a\u00f0 \u00fev\u00ed a\u00f0 \u00ed \u00f6llum starfsh\u00e1ttum s\u00e9 borin vir\u00f0ing fyrir manngildi hvers og eins.", ""], ["Taka gagnr\u00fdna r\u00f6kstudda afst\u00f6\u00f0u til \u00e1litam\u00e1la.", ""], ["Koma \u00e1 fj\u00f6lbreyttum vinnuh\u00f3pum.", ""], ["Koma a\u00f0 \u00fej\u00e1lfun sem mi\u00f0ar a\u00f0 \u00fev\u00ed a\u00f0 efla menningar- og jafnr\u00e9ttisvitund starfsmanna.", ""], ["Vir\u00f0a og s\u00fdna stu\u00f0ning vi\u00f0 vi\u00f0horf og framlag annarra \u00ed h\u00f3pnum.", ""]], "_id": "5a996f95110a1804740041f4"}, {"exemplary": null, "topics": "Samvinna", "abbreviation": "F-ALSH3SV", "former_schools": null, "subject": "Almenn starfsh\u00e6fni", "title": "Samvinna", "version": 2, "status_trans": "Sam\u00feykkt af sk\u00f3la", "embedded_subject": {"abbreviation": "ALSH", "topics": [{"abbreviation": "AH", "topics": ["A\u00f0l\u00f6gunarh\u00e6fni"]}, {"abbreviation": "A\u00de", "topics": ["A\u00f0lagast mj\u00f6g fj\u00f6lbreyttum \u00fe\u00f6rfum"]}, {"abbreviation": "NV", "topics": ["Notar ver\u00f0m\u00e6ti \u00e1 hagkv\u00e6man h\u00e1tt"]}, {"abbreviation": "ST", "topics": ["Stu\u00f0lar a\u00f0 tj\u00e1skiptum vi\u00f0 a\u00f0ra"]}, {"abbreviation": "FF", "topics": ["Fj\u00f6lbreytni mannl\u00edfs og eigin ford\u00f3mar"]}, {"abbreviation": "VM", "topics": ["Vegur og metur hugmyndir og uppl\u00fdsingar \u00e1 hlutl\u00e6gan h\u00e1tt vi\u00f0 \u00e1kvar\u00f0anat\u00f6ku"]}, {"abbreviation": "S\u00de", "topics": ["Sam\u00fe\u00e6ttir og t\u00falkar vi\u00f0t\u00e6kar og fl\u00f3knar uppl\u00fdsingar"]}, {"abbreviation": "\u00c1N", "topics": ["\u00c1byrg n\u00fdting"]}, {"abbreviation": "SS", "topics": ["Samskipti"]}, {"abbreviation": "JV", "topics": ["Jafnr\u00e9ttisvitund"]}, {"abbreviation": "ML", "topics": ["Mat og lausnir"]}, {"abbreviation": "SV", "topics": ["Samvinna"]}, {"abbreviation": "S\u00c1", "topics": ["Skipulag og \u00e1\u00e6tlanir"]}, {"abbreviation": "SF", "topics": ["Starfs\u00fer\u00f3un og f\u00e6rniefling"]}, {"abbreviation": "S\u00da", "topics": ["S\u00f6fnun og \u00farvinnsla uppl\u00fdsinga"]}, {"abbreviation": "VG", "topics": ["Vinnusi\u00f0fer\u00f0i og gildi"]}, {"abbreviation": "\u00d6V", "topics": ["\u00d6ryggisvitund"]}, {"abbreviation": "UT", "topics": ["Uppl\u00fdsingat\u00e6kni"]}, {"abbreviation": "RI", "topics": ["Ritun"]}, {"abbreviation": "\u00c1S", "topics": ["samskipti", "sj\u00e1lfstraust", "\u00e1skoranir"]}, {"abbreviation": "SH", "topics": ["Starfsh\u00e6fni \u00e1 vinnumarka\u00f0i"]}], "_id": "5460c52e62933a4d76000b73", "subjects": ["Almenn starfsh\u00e6fni"], "counter": {"1": 2, "3": 1, "2": 12, "4": 0}}, "evaluation": "Vi\u00f0 mat \u00e1 h\u00e6fni m\u00e1 notast vi\u00f0 spurningar eins og: - Hefur n\u00e1msma\u00f0ur veri\u00f0 \u00ed a\u00f0st\u00e6\u00f0um \u00fear sem reyndi \u00e1 \u00feessa h\u00e6fni? - Hvert var framlag n\u00e1msmannsins vi\u00f0 sl\u00edkar a\u00f0st\u00e6\u00f0ur? - Hva\u00f0a \u00feekkingu og leikni \u00fearf n\u00e1msma\u00f0ur a\u00f0 b\u00faa yfir til a\u00f0 vera f\u00e6r um a\u00f0 gera \u00fea\u00f0 sem l\u00fdst er \u00ed h\u00e6fnivi\u00f0mi\u00f0um?", "categorization_suggestion": null, "embedded_topics": {"abbreviation": "SV", "topics": ["Samvinna"]}, "status": "approved by school", "description": "N\u00e1ms\u00fe\u00e6ttinum er \u00e6tla\u00f0 a\u00f0 efla n\u00e1msmanninn \u00ed a\u00f0 vinna me\u00f0 \u00f6\u00f0rum til a\u00f0 n\u00e1 markmi\u00f0um fyrirt\u00e6kisins. N\u00e1ms\u00fe\u00e6ttinum er einnig \u00e6tla\u00f0 a\u00f0 gera n\u00e1msmanni kleift a\u00f0 \u00f6\u00f0last h\u00e6fni \u00ed a\u00f0 efla samvinnu me\u00f0al starfsf\u00f3lks \u00e1 vinnusta\u00f0.", "knowledge_goals": ["\u00c1 ekki vi\u00f0."], "skills_goals": ["\u00c1 ekki vi\u00f0."], "credits": 10, "last_modified": 1520005207.605948, "schools": ["524aa78b62933a493f000366"], "coauthors": null, "instructions": "", "continued_education": true, "level": 3, "prerequisites": "", "author": "edaffe7f-dbfc-44e3-a1d9-42da5013ace8", "abbreviation_version": null, "competence_goals": [["Tryggja a\u00f0 allir \u00ed samstarfsh\u00f3pnum f\u00e1i t\u00e6kif\u00e6ri til a\u00f0 tj\u00e1 sig og nj\u00f3ta s\u00edn.", ""], ["Leggja sig fram vi\u00f0 a\u00f0 samsta\u00f0a n\u00e1ist.", ""], ["Hr\u00f3sa og vi\u00f0urkenna framlag samstarfsmanna.", ""], ["Gagnr\u00fdna \u00e1 uppbyggilegan h\u00e1tt.", ""], ["A\u00f0sto\u00f0a samstarfsmenn eftir bestu getu.", ""], ["Stu\u00f0la a\u00f0 r\u00e9ttl\u00e1tri verkaskiptingu.", ""], ["Greina styrkleika samstarfsmanna.", ""], ["Tryggja a\u00f0 tilgangur og markmi\u00f0 h\u00f3ps s\u00e9u sk\u00fdr.", ""]], "_id": "5a997057110a1804740041f8"}, {"exemplary": null, "topics": "Sj\u00e1lfstraust", "abbreviation": "F-PERH2ST", "former_schools": null, "subject": "Pers\u00f3nuleg h\u00e6fni", "title": "Sj\u00e1lfstraust", "version": 4, "status_trans": "Sam\u00feykkt af sk\u00f3la", "embedded_subject": {"abbreviation": "PERH", "topics": [{"abbreviation": "SV", "topics": ["Starfs\u00fer\u00f3un og f\u00e6rniefling", "Vinnusi\u00f0fer\u00f0i og gildi"]}, {"abbreviation": "SS", "topics": ["Samskipti"]}, {"abbreviation": "FF", "topics": ["Frams\u00f6gn", "framkoma"]}, {"abbreviation": "SJ", "topics": ["Starfs\u00fer\u00f3un og f\u00e6rniefling", "jafnr\u00e9ttisvitund", "\u00e1byrg n\u00fdting", "\u00f6ryggisvitund"]}, {"abbreviation": "G\u00c6", "topics": ["G\u00e6\u00f0avitund"]}, {"abbreviation": "ST", "topics": ["Sj\u00e1lfstraust"]}], "_id": "588770f562933a4e9200cd1c", "subjects": ["Pers\u00f3nuleg h\u00e6fni"], "counter": {"1": 0, "3": 0, "2": 3, "4": 0}}, "evaluation": "Vi\u00f0 mat \u00e1 h\u00e6fni m\u00e1 notast vi\u00f0 spurningar eins og: - Hefur n\u00e1msma\u00f0ur veri\u00f0 \u00ed a\u00f0st\u00e6\u00f0um \u00fear sem reyndi \u00e1 \u00feessa h\u00e6fni? - Hvert var framlag n\u00e1msmannsins vi\u00f0 sl\u00edkar a\u00f0st\u00e6\u00f0ur? - Hva\u00f0a \u00feekkingu og leikni \u00fearf n\u00e1msma\u00f0ur a\u00f0 b\u00faa yfir til a\u00f0 vera f\u00e6r um a\u00f0 gera \u00fea\u00f0 sem l\u00fdst er \u00ed h\u00e6fnivi\u00f0mi\u00f0um?", "categorization_suggestion": null, "embedded_topics": {"abbreviation": "ST", "topics": ["Sj\u00e1lfstraust"]}, "status": "approved by school", "description": "N\u00e1ms\u00fe\u00e6ttinum er \u00e6tla\u00f0 a\u00f0 efla n\u00e1msmanninn \u00ed a\u00f0 s\u00fdna rauns\u00e6ja tr\u00fa \u00e1 eigin getu. N\u00e1ms\u00fe\u00e6ttinum er einnig \u00e6tla\u00f0 a\u00f0 gera n\u00e1msmanni kleift a\u00f0 \u00f6\u00f0last h\u00e6fni \u00ed a\u00f0 s\u00fdna sj\u00e1lfstraust \u00feegar \u00e1 reynir.", "knowledge_goals": ["\u00c1 ekki vi\u00f0."], "skills_goals": ["\u00c1 ekki vi\u00f0."], "credits": 10, "last_modified": 1520329860.707375, "schools": ["524aa78b62933a493f000366"], "coauthors": null, "instructions": "", "continued_education": true, "level": 2, "prerequisites": "", "author": "edaffe7f-dbfc-44e3-a1d9-42da5013ace8", "abbreviation_version": null, "competence_goals": [["S\u00fdna tr\u00fa \u00e1 eigin getu, sko\u00f0unum og \u00e1kv\u00f6r\u00f0unum \u00feegar \u00fe\u00e6r eru dregnar \u00ed efa.", ""], ["Setja fram gagnr\u00f6k af sj\u00e1lfs\u00f6ryggi.", ""], ["\u00d3ska eftir andst\u00e6\u00f0um sko\u00f0unum og sj\u00f3narmi\u00f0um annarra og r\u00e6\u00f0a \u00feau.", ""]], "_id": "5a9e6484110a180474006800"}, {"exemplary": null, "topics": "Skilningur \u00e1 starfseminni", "abbreviation": "F-STAI3SK", "former_schools": null, "subject": "Starfs\u00fej\u00e1lfi", "title": "Skilningur \u00e1 starfseminni", "version": 1, "status_trans": "Sam\u00feykkt af sk\u00f3la", "embedded_subject": {"abbreviation": "STAI", "topics": [{"abbreviation": "SL", "topics": ["Sk\u00f6pun", "frumkv\u00e6\u00f0i", "lausnir"]}, {"abbreviation": "SK", "topics": ["Skilningur \u00e1 starfseminni"]}, {"abbreviation": "SH", "topics": ["Sk\u00f6rp hugsun", "r\u00fdni"]}, {"abbreviation": "SN", "topics": ["Stu\u00f0ningur vi\u00f0 n\u00e1m"]}], "_id": "5a9978a6110a18047400422e", "subjects": ["Starfs\u00fej\u00e1lfi"], "counter": {"1": 0, "3": 0, "2": 1, "4": 0}}, "evaluation": "Vi\u00f0 mat \u00e1 h\u00e6fni m\u00e1 notast vi\u00f0 spurningar eins og: - Hefur n\u00e1msma\u00f0ur veri\u00f0 \u00ed a\u00f0st\u00e6\u00f0um \u00fear sem reyndi \u00e1 \u00feessa h\u00e6fni? - Hvert var framlag n\u00e1msmannsins vi\u00f0 sl\u00edkar a\u00f0st\u00e6\u00f0ur? - Hva\u00f0a \u00feekkingu og leikni \u00fearf n\u00e1msma\u00f0ur a\u00f0 b\u00faa yfir til a\u00f0 vera f\u00e6r um a\u00f0 gera \u00fea\u00f0 sem l\u00fdst er \u00ed h\u00e6fnivi\u00f0mi\u00f0um?", "categorization_suggestion": null, "embedded_topics": {"abbreviation": "SK", "topics": ["Skilningur \u00e1 starfseminni"]}, "status": "approved by school", "description": "N\u00e1ms\u00fe\u00e6ttinum er \u00e6tla\u00f0 a\u00f0 efla n\u00e1msmanninn \u00ed a\u00f0 skilja og nota verkferla, starfsumhverfi og menningu fyrirt\u00e6kisins til a\u00f0 n\u00e1 \u00e1rangri. N\u00e1ms\u00fe\u00e6ttinum er einnig \u00e6tla\u00f0 a\u00f0 gera n\u00e1msmanni kleift a\u00f0 \u00f6\u00f0last h\u00e6fni \u00ed a\u00f0 skilja og nota menningu og starfsumhverfi fyrirt\u00e6kisins.", "knowledge_goals": ["\u00c1 ekki vi\u00f0."], "skills_goals": ["\u00c1 ekki vi\u00f0."], "credits": 10, "last_modified": 1520330203.309209, "schools": ["524aa78b62933a493f000366"], "coauthors": null, "instructions": "", "continued_education": true, "level": 3, "prerequisites": "", "author": "edaffe7f-dbfc-44e3-a1d9-42da5013ace8", "abbreviation_version": null, "competence_goals": [["Leysa vi\u00f0fangsefni \u00feannig a\u00f0 lausnin feli \u00ed s\u00e9r sameiginlegan \u00e1vinning og byggi \u00e1 skilningi \u00e1 m\u00e1lefnum, starfsumhverfi og menningu fyrirt\u00e6kisins og annarra fyrirt\u00e6kja/stofnana.", ""], ["\u00c1tta sig \u00e1 \u00fev\u00ed hva\u00f0 er og hva\u00f0 er ekki \u00e1s\u00e6ttanlegt e\u00f0a m\u00f6gulegt mi\u00f0a\u00f0 vi\u00f0 a\u00f0st\u00e6\u00f0ur me\u00f0 hli\u00f0sj\u00f3n af menningu og starfsumhverfi sem r\u00edkir \u00ed fyrirt\u00e6kinu.", ""], ["Sj\u00e1 fyrir ni\u00f0urst\u00f6\u00f0u sem er grundv\u00f6llu\u00f0 \u00e1 skilningi \u00e1 menningu fyrirt\u00e6kisins.", ""]], "_id": "5a9e65db110a180474006807"}, {"exemplary": null, "topics": "Sk\u00f6rp hugsun, r\u00fdni", "abbreviation": "F-STAI2SH", "former_schools": null, "subject": "Starfs\u00fej\u00e1lfi", "title": "Sk\u00f6rp hugsun / R\u00fdni", "version": 1, "status_trans": "Sam\u00feykkt af sk\u00f3la", "embedded_subject": {"abbreviation": "STAI", "topics": [{"abbreviation": "SL", "topics": ["Sk\u00f6pun", "frumkv\u00e6\u00f0i", "lausnir"]}, {"abbreviation": "SK", "topics": ["Skilningur \u00e1 starfseminni"]}, {"abbreviation": "SH", "topics": ["Sk\u00f6rp hugsun", "r\u00fdni"]}, {"abbreviation": "SN", "topics": ["Stu\u00f0ningur vi\u00f0 n\u00e1m"]}], "_id": "5a9978a6110a18047400422e", "subjects": ["Starfs\u00fej\u00e1lfi"], "counter": {"1": 0, "3": 0, "2": 0, "4": 0}}, "evaluation": "Vi\u00f0 mat \u00e1 h\u00e6fni m\u00e1 notast vi\u00f0 spurningar eins og: - Hefur n\u00e1msma\u00f0ur veri\u00f0 \u00ed a\u00f0st\u00e6\u00f0um \u00fear sem reyndi \u00e1 \u00feessa h\u00e6fni? - Hvert var framlag n\u00e1msmannsins vi\u00f0 sl\u00edkar a\u00f0st\u00e6\u00f0ur? - Hva\u00f0a \u00feekkingu og leikni \u00fearf n\u00e1msma\u00f0ur a\u00f0 b\u00faa yfir til a\u00f0 vera f\u00e6r um a\u00f0 gera \u00fea\u00f0 sem l\u00fdst er \u00ed h\u00e6fnivi\u00f0mi\u00f0um?", "categorization_suggestion": null, "embedded_topics": {"abbreviation": "SH", "topics": ["Sk\u00f6rp hugsun", "r\u00fdni"]}, "status": "approved by school", "description": "N\u00e1ms\u00fe\u00e6ttinum er \u00e6tla\u00f0 a\u00f0 efla n\u00e1msmanninn \u00ed a\u00f0 r\u00fdna og sam\u00fe\u00e6tta uppl\u00fdsingar til \u00feess a\u00f0 au\u00f0velda skilning \u00e1 m\u00e1lefnum, greina valkosti og sty\u00f0ja vel \u00edgrunda\u00f0a \u00e1kvar\u00f0anat\u00f6ku. N\u00e1ms\u00fe\u00e6ttinum er einnig \u00e6tla\u00f0 a\u00f0 gera n\u00e1msmanni kleift a\u00f0 \u00f6\u00f0last h\u00e6fni \u00ed a\u00f0 greina mikilv\u00e6gt samhengi uppl\u00fdsinga.", "knowledge_goals": ["\u00c1 ekki vi\u00f0."], "skills_goals": ["\u00c1 ekki vi\u00f0."], "credits": 10, "last_modified": 1520330492.669783, "schools": ["524aa78b62933a493f000366"], "coauthors": null, "instructions": "", "continued_education": true, "level": 2, "prerequisites": "", "author": "edaffe7f-dbfc-44e3-a1d9-42da5013ace8", "abbreviation_version": null, "competence_goals": [["Greina mikilv\u00e6g tengsl og munstur \u00ed uppl\u00fdsingum/sta\u00f0reyndum.", ""], ["Komast a\u00f0 r\u00f6kr\u00e6nni ni\u00f0urst\u00f6\u00f0u a\u00f0 lokinni \u00edtarlegri greiningu uppl\u00fdsinga.", ""], ["Greina orsakir og aflei\u00f0ingar a\u00f0ger\u00f0a og atbur\u00f0a sem ekki eru auglj\u00f3s.", ""], ["Sj\u00e1 hindranir fyrir og hugsa n\u00e6stu skref fyrirfram.", ""]], "_id": "5a9e66fc110a18047400680b"}, {"exemplary": null, "topics": "Stu\u00f0ningur vi\u00f0 n\u00e1m", "abbreviation": "F-STAI2SN", "former_schools": null, "subject": "Starfs\u00fej\u00e1lfi", "title": "Stu\u00f0ningsma\u00f0ur n\u00e1ms", "version": 3, "status_trans": "Sam\u00feykkt af sk\u00f3la", "embedded_subject": {"abbreviation": "STAI", "topics": [{"abbreviation": "SL", "topics": ["Sk\u00f6pun", "frumkv\u00e6\u00f0i", "lausnir"]}, {"abbreviation": "SK", "topics": ["Skilningur \u00e1 starfseminni"]}, {"abbreviation": "SH", "topics": ["Sk\u00f6rp hugsun", "r\u00fdni"]}, {"abbreviation": "SN", "topics": ["Stu\u00f0ningur vi\u00f0 n\u00e1m"]}], "_id": "5a9978a6110a18047400422e", "subjects": ["Starfs\u00fej\u00e1lfi"], "counter": {"1": 0, "3": 0, "2": 1, "4": 0}}, "evaluation": "Vi\u00f0 mat \u00e1 h\u00e6fni m\u00e1 notast vi\u00f0 spurningar eins og: - Hefur n\u00e1msma\u00f0ur veri\u00f0 \u00ed a\u00f0st\u00e6\u00f0um \u00fear sem reyndi \u00e1 \u00feessa h\u00e6fni? - Hvert var framlag n\u00e1msmannsins vi\u00f0 sl\u00edkar a\u00f0st\u00e6\u00f0ur? - Hva\u00f0a \u00feekkingu og leikni \u00fearf n\u00e1msma\u00f0ur a\u00f0 b\u00faa yfir til a\u00f0 vera f\u00e6r um a\u00f0 gera \u00fea\u00f0 sem l\u00fdst er \u00ed h\u00e6fnivi\u00f0mi\u00f0um?", "categorization_suggestion": null, "embedded_topics": {"abbreviation": "SN", "topics": ["Stu\u00f0ningur vi\u00f0 n\u00e1m"]}, "status": "approved by school", "description": "N\u00e1ms\u00fe\u00e6ttinum er \u00e6tla\u00f0 a\u00f0 efla n\u00e1msmanninn \u00ed a\u00f0 sty\u00f0ja vi\u00f0 n\u00e1m og n\u00e1msferli me\u00f0 \u00fev\u00ed a\u00f0 bj\u00f3\u00f0a upp \u00e1 umhverfi og a\u00f0st\u00e6\u00f0ur vi\u00f0 h\u00e6fi. N\u00e1ms\u00fe\u00e6ttinum er einnig \u00e6tla\u00f0 a\u00f0 gera n\u00e1msmanni kleift a\u00f0 \u00f6\u00f0last h\u00e6fni \u00ed a\u00f0 halda utan um n\u00e1msg\u00f6gn.", "knowledge_goals": ["\u00c1 ekki vi\u00f0."], "skills_goals": ["\u00c1 ekki vi\u00f0."], "credits": 10, "last_modified": 1520330888.650254, "schools": ["524aa78b62933a493f000366"], "coauthors": null, "instructions": "", "continued_education": true, "level": 2, "prerequisites": "", "author": "edaffe7f-dbfc-44e3-a1d9-42da5013ace8", "abbreviation_version": null, "competence_goals": [["Halda utan um g\u00f6gn, svo sem kennslulei\u00f0beiningar, kennsluefni, n\u00e1msefni og kennslut\u00e6ki svo \u00feau s\u00e9u a\u00f0gengileg til notkunar.", ""], ["R\u00e6\u00f0a um og endursko\u00f0a kennsluefni, a\u00f0fer\u00f0ir, hlutverk og \u00e1byrg\u00f0 til a\u00f0 koma auga \u00e1 atri\u00f0i sem \u00fearf a\u00f0 laga.", ""]], "_id": "5a9e6888110a180474006818"}, {"exemplary": null, "topics": "T\u00edmastj\u00f3rnun, forgangsr\u00f6\u00f0un", "abbreviation": "F-STH\u00c63TF", "former_schools": null, "subject": "Starfstengd h\u00e6fni", "title": "T\u00edmastj\u00f3rnun og forgangsr\u00f6\u00f0un ", "version": 1, "status_trans": "Sam\u00feykkt af sk\u00f3la", "embedded_subject": {"abbreviation": "STH\u00c6", "topics": [{"abbreviation": "TF", "topics": ["T\u00edmastj\u00f3rnun", "forgangsr\u00f6\u00f0un"]}], "_id": "5a9e6991110a180474006822", "subjects": ["Starfstengd h\u00e6fni"], "counter": {"1": 0, "3": 0, "2": 0, "4": 0}}, "evaluation": "Vi\u00f0 mat \u00e1 h\u00e6fni m\u00e1 notast vi\u00f0 spurningar eins og: - Hefur n\u00e1msma\u00f0ur veri\u00f0 \u00ed a\u00f0st\u00e6\u00f0um \u00fear sem reyndi \u00e1 \u00feessa h\u00e6fni? - Hvert var framlag n\u00e1msmannsins vi\u00f0 sl\u00edkar a\u00f0st\u00e6\u00f0ur? - Hva\u00f0a \u00feekkingu og leikni \u00fearf n\u00e1msma\u00f0ur a\u00f0 b\u00faa yfir til a\u00f0 vera f\u00e6r um a\u00f0 gera \u00fea\u00f0 sem l\u00fdst er \u00ed h\u00e6fnivi\u00f0mi\u00f0um?", "categorization_suggestion": null, "embedded_topics": {"abbreviation": "TF", "topics": ["T\u00edmastj\u00f3rnun", "forgangsr\u00f6\u00f0un"]}, "status": "approved by school", "description": "N\u00e1ms\u00fe\u00e6ttinum er \u00e6tla\u00f0 a\u00f0 efla n\u00e1msmanninn \u00ed a\u00f0 stj\u00f3rna \u00e1 me\u00f0vita\u00f0an h\u00e1tt, t\u00edma sem vari\u00f0 er til \u00e1kve\u00f0inna verkefna sem eru s\u00e9rstaklega \u00e6tlu\u00f0 til a\u00f0 auka afk\u00f6st og framlei\u00f0ni. N\u00e1ms\u00fe\u00e6ttinum er einnig \u00e6tla\u00f0 a\u00f0 gera n\u00e1msmanninum kleift a\u00f0 \u00f6\u00f0last h\u00e6fni \u00ed a\u00f0 greina \u00e1 milli mikilv\u00e6gra og a\u00f0kallandi a\u00f0ger\u00f0a. ", "knowledge_goals": ["\u00c1 ekki vi\u00f0."], "skills_goals": ["\u00c1 ekki vi\u00f0."], "credits": 10, "last_modified": 1520331374.608884, "schools": ["524aa78b62933a493f000366"], "coauthors": null, "instructions": "", "continued_education": true, "level": 3, "prerequisites": "", "author": "edaffe7f-dbfc-44e3-a1d9-42da5013ace8", "abbreviation_version": null, "competence_goals": [["Horfa fram \u00e1 vi\u00f0 og l\u00e1ta eril dagsins ekki hefta sig vi\u00f0 a\u00f0 takast \u00e1 vi\u00f0 alls kyns verkefni.", ""], ["Taka r\u00edflegan t\u00edma fr\u00e1 fyrir mikilv\u00e6g vi\u00f0fangsefni og halda jafnv\u00e6gi \u00e1 milli \u00feeirra og a\u00f0kallandi verkefna.", ""], ["Koma auga \u00e1 hindranir og skynja hva\u00f0 gagnast e\u00f0a kemur \u00ed veg fyrir a\u00f0 markmi\u00f0i s\u00e9 n\u00e1\u00f0.", ""], ["Setja fram valkosti \u00e1 verkefnisstj\u00f3rnunarstigi sem grundvallast \u00e1 skilningi \u00e1 mikilv\u00e6gi og nau\u00f0syn \u00f3l\u00edkra verkefna og a\u00f0ger\u00f0a.", ""]], "_id": "5a9e6a6e110a18047400682d"}, {"exemplary": null, "topics": "Vinnusi\u00f0fer\u00f0i og gildi", "abbreviation": "F-ALSH3VG", "former_schools": null, "subject": "Almenn starfsh\u00e6fni", "title": "Vinnusi\u00f0fer\u00f0i og gildi", "version": 4, "status_trans": "Sam\u00feykkt af sk\u00f3la", "embedded_subject": {"abbreviation": "ALSH", "topics": [{"abbreviation": "AH", "topics": ["A\u00f0l\u00f6gunarh\u00e6fni"]}, {"abbreviation": "A\u00de", "topics": ["A\u00f0lagast mj\u00f6g fj\u00f6lbreyttum \u00fe\u00f6rfum"]}, {"abbreviation": "NV", "topics": ["Notar ver\u00f0m\u00e6ti \u00e1 hagkv\u00e6man h\u00e1tt"]}, {"abbreviation": "ST", "topics": ["Stu\u00f0lar a\u00f0 tj\u00e1skiptum vi\u00f0 a\u00f0ra"]}, {"abbreviation": "FF", "topics": ["Fj\u00f6lbreytni mannl\u00edfs og eigin ford\u00f3mar"]}, {"abbreviation": "VM", "topics": ["Vegur og metur hugmyndir og uppl\u00fdsingar \u00e1 hlutl\u00e6gan h\u00e1tt vi\u00f0 \u00e1kvar\u00f0anat\u00f6ku"]}, {"abbreviation": "S\u00de", "topics": ["Sam\u00fe\u00e6ttir og t\u00falkar vi\u00f0t\u00e6kar og fl\u00f3knar uppl\u00fdsingar"]}, {"abbreviation": "\u00c1N", "topics": ["\u00c1byrg n\u00fdting"]}, {"abbreviation": "SS", "topics": ["Samskipti"]}, {"abbreviation": "JV", "topics": ["Jafnr\u00e9ttisvitund"]}, {"abbreviation": "ML", "topics": ["Mat og lausnir"]}, {"abbreviation": "SV", "topics": ["Samvinna"]}, {"abbreviation": "S\u00c1", "topics": ["Skipulag og \u00e1\u00e6tlanir"]}, {"abbreviation": "SF", "topics": ["Starfs\u00fer\u00f3un og f\u00e6rniefling"]}, {"abbreviation": "S\u00da", "topics": ["S\u00f6fnun og \u00farvinnsla uppl\u00fdsinga"]}, {"abbreviation": "VG", "topics": ["Vinnusi\u00f0fer\u00f0i og gildi"]}, {"abbreviation": "\u00d6V", "topics": ["\u00d6ryggisvitund"]}, {"abbreviation": "UT", "topics": ["Uppl\u00fdsingat\u00e6kni"]}, {"abbreviation": "RI", "topics": ["Ritun"]}, {"abbreviation": "\u00c1S", "topics": ["samskipti", "sj\u00e1lfstraust", "\u00e1skoranir"]}, {"abbreviation": "SH", "topics": ["Starfsh\u00e6fni \u00e1 vinnumarka\u00f0i"]}], "_id": "5460c52e62933a4d76000b73", "subjects": ["Almenn starfsh\u00e6fni"], "counter": {"1": 2, "3": 1, "2": 12, "4": 0}}, "evaluation": "Vi\u00f0 mat \u00e1 h\u00e6fni m\u00e1 notast vi\u00f0 spurningar eins og: - Hefur n\u00e1msma\u00f0ur veri\u00f0 \u00ed a\u00f0st\u00e6\u00f0um \u00fear sem reyndi \u00e1 \u00feessa h\u00e6fni? - Hvert var framlag n\u00e1msmannsins vi\u00f0 sl\u00edkar a\u00f0st\u00e6\u00f0ur? - Hva\u00f0a \u00feekkingu og leikni \u00fearf n\u00e1msma\u00f0ur a\u00f0 b\u00faa yfir til a\u00f0 vera f\u00e6r um a\u00f0 gera \u00fea\u00f0 sem l\u00fdst er \u00ed h\u00e6fnivi\u00f0mi\u00f0um?", "categorization_suggestion": null, "embedded_topics": {"abbreviation": "VG", "topics": ["Vinnusi\u00f0fer\u00f0i og gildi"]}, "status": "approved by school", "description": "N\u00e1ms\u00fe\u00e6ttinum er \u00e6tla\u00f0 a\u00f0 efla n\u00e1msmanninn \u00ed a\u00f0 fara eftir og sty\u00f0ja starfa- og si\u00f0areglur vinnusta\u00f0arins. N\u00e1ms\u00fe\u00e6ttinum er einnig \u00e6tla\u00f0 a\u00f0 gera n\u00e1msmanni kleift a\u00f0 \u00f6\u00f0last h\u00e6fni \u00ed a\u00f0 halda \u00e1 lofti si\u00f0areglum og gildum vinnusta\u00f0arins me\u00f0al starfsf\u00f3lks.", "knowledge_goals": ["\u00c1 ekki vi\u00f0."], "skills_goals": ["\u00c1 ekki vi\u00f0."], "credits": 10, "last_modified": 1520005680.526323, "schools": ["524aa78b62933a493f000366"], "coauthors": null, "instructions": "", "continued_education": true, "level": 3, "prerequisites": "", "author": "edaffe7f-dbfc-44e3-a1d9-42da5013ace8", "abbreviation_version": null, "competence_goals": [["Ganga \u00far skugga um a\u00f0 a\u00f0rir skilji si\u00f0areglur, gildi og starfsreglur vinnusta\u00f0arins.", ""], ["Fylgjast me\u00f0 vinnuumhverfinu, greina og taka \u00e1 si\u00f0fer\u00f0ilegum \u00e1litaefnum sem geta haft neikv\u00e6\u00f0 \u00e1hrif \u00e1 starfsmenn e\u00f0a hagsmunaa\u00f0ila.", ""], ["Taka strax og \u00e1 uppbyggilegan h\u00e1tt \u00e1 si\u00f0fer\u00f0ilegum yfirsj\u00f3num, \u00ed sta\u00f0 \u00feess a\u00f0 l\u00edta fram hj\u00e1 \u00feeim (t.d., gr\u00edpur \u00ed taumana og minnir a\u00f0ra \u00e1 nau\u00f0syn \u00feess a\u00f0 bera vir\u00f0ingu fyrir s\u00e6md annarra).", ""]], "_id": "5a997230110a180474004207"}, {"exemplary": null, "topics": "\u00c1byrg n\u00fdting", "abbreviation": "F-ALSH3\u00c1N", "former_schools": null, "subject": "Almenn starfsh\u00e6fni", "title": "\u00c1byrg n\u00fdting", "version": 5, "status_trans": "Sam\u00feykkt af sk\u00f3la", "embedded_subject": {"abbreviation": "ALSH", "topics": [{"abbreviation": "AH", "topics": ["A\u00f0l\u00f6gunarh\u00e6fni"]}, {"abbreviation": "A\u00de", "topics": ["A\u00f0lagast mj\u00f6g fj\u00f6lbreyttum \u00fe\u00f6rfum"]}, {"abbreviation": "NV", "topics": ["Notar ver\u00f0m\u00e6ti \u00e1 hagkv\u00e6man h\u00e1tt"]}, {"abbreviation": "ST", "topics": ["Stu\u00f0lar a\u00f0 tj\u00e1skiptum vi\u00f0 a\u00f0ra"]}, {"abbreviation": "FF", "topics": ["Fj\u00f6lbreytni mannl\u00edfs og eigin ford\u00f3mar"]}, {"abbreviation": "VM", "topics": ["Vegur og metur hugmyndir og uppl\u00fdsingar \u00e1 hlutl\u00e6gan h\u00e1tt vi\u00f0 \u00e1kvar\u00f0anat\u00f6ku"]}, {"abbreviation": "S\u00de", "topics": ["Sam\u00fe\u00e6ttir og t\u00falkar vi\u00f0t\u00e6kar og fl\u00f3knar uppl\u00fdsingar"]}, {"abbreviation": "\u00c1N", "topics": ["\u00c1byrg n\u00fdting"]}, {"abbreviation": "SS", "topics": ["Samskipti"]}, {"abbreviation": "JV", "topics": ["Jafnr\u00e9ttisvitund"]}, {"abbreviation": "ML", "topics": ["Mat og lausnir"]}, {"abbreviation": "SV", "topics": ["Samvinna"]}, {"abbreviation": "S\u00c1", "topics": ["Skipulag og \u00e1\u00e6tlanir"]}, {"abbreviation": "SF", "topics": ["Starfs\u00fer\u00f3un og f\u00e6rniefling"]}, {"abbreviation": "S\u00da", "topics": ["S\u00f6fnun og \u00farvinnsla uppl\u00fdsinga"]}, {"abbreviation": "VG", "topics": ["Vinnusi\u00f0fer\u00f0i og gildi"]}, {"abbreviation": "\u00d6V", "topics": ["\u00d6ryggisvitund"]}, {"abbreviation": "UT", "topics": ["Uppl\u00fdsingat\u00e6kni"]}, {"abbreviation": "RI", "topics": ["Ritun"]}, {"abbreviation": "\u00c1S", "topics": ["samskipti", "sj\u00e1lfstraust", "\u00e1skoranir"]}, {"abbreviation": "SH", "topics": ["Starfsh\u00e6fni \u00e1 vinnumarka\u00f0i"]}], "_id": "5460c52e62933a4d76000b73", "subjects": ["Almenn starfsh\u00e6fni"], "counter": {"1": 2, "3": 1, "2": 12, "4": 0}}, "evaluation": "Vi\u00f0 mat \u00e1 h\u00e6fni m\u00e1 notast vi\u00f0 spurningar eins og: - Hefur n\u00e1msma\u00f0ur veri\u00f0 \u00ed a\u00f0st\u00e6\u00f0um \u00fear sem reyndi \u00e1 \u00feessa h\u00e6fni? - Hvert var framlag n\u00e1msmannsins vi\u00f0 sl\u00edkar a\u00f0st\u00e6\u00f0ur? - Hva\u00f0a \u00feekkingu og leikni \u00fearf n\u00e1msma\u00f0ur a\u00f0 b\u00faa yfir til a\u00f0 vera f\u00e6r um a\u00f0 gera \u00fea\u00f0 sem l\u00fdst er \u00ed h\u00e6fnivi\u00f0mi\u00f0um?\n", "categorization_suggestion": null, "embedded_topics": {"abbreviation": "\u00c1N", "topics": ["\u00c1byrg n\u00fdting"]}, "status": "approved by school", "description": "N\u00e1ms\u00fe\u00e6ttinum er \u00e6tla\u00f0 a\u00f0 efla n\u00e1msmanninn \u00ed a\u00f0 n\u00fdta ver\u00f0m\u00e6ti \u00e1 hagkv\u00e6man og skynsamlegan h\u00e1tt til a\u00f0 n\u00e1 markmi\u00f0um. N\u00e1ms\u00fe\u00e6ttinum er einnig \u00e6tla\u00f0 a\u00f0 gera n\u00e1msmanni kleift a\u00f0 \u00f6\u00f0last h\u00e6fni \u00ed a\u00f0 st\u00fdra notkun ver\u00f0m\u00e6ta.\n\nMe\u00f0 ver\u00f0m\u00e6tum er b\u00e6\u00f0i \u00e1tt vi\u00f0 \u00e1\u00fereifanleg og hugl\u00e6g ver\u00f0m\u00e6ti, t.d. f\u00f3lk, v\u00f6rur, birg\u00f0ir, peninga, \u00feekkingu o.s.frv.\n", "knowledge_goals": ["\u00c1 ekki vi\u00f0."], "skills_goals": ["\u00c1 ekki vi\u00f0."], "credits": 10, "last_modified": 1520001350.969331, "schools": ["524aa78b62933a493f000366"], "coauthors": null, "instructions": "", "continued_education": true, "level": 3, "prerequisites": "", "author": "edaffe7f-dbfc-44e3-a1d9-42da5013ace8", "abbreviation_version": null, "competence_goals": [["R\u00e1\u00f0stafa og st\u00fdra ver\u00f0m\u00e6tum \u00e1 eigin sv\u00e6\u00f0i.", ""], ["Innlei\u00f0a a\u00f0fer\u00f0ir til \u00e1rangursr\u00edkrar ver\u00f0m\u00e6tanotkunar.", ""], ["R\u00e1\u00f0stafa og st\u00fdra fj\u00e1rmunum \u00ed eigin deild \u00ed samr\u00e6mi vi\u00f0 markmi\u00f0, forgangsr\u00f6\u00f0un og fj\u00e1rhags\u00e1\u00e6tlun.", ""], ["Innlei\u00f0a verkferla sem auka g\u00e6\u00f0i vi\u00f0 \u00e1\u00e6tlanager\u00f0, eftirlit og \u00e1kvar\u00f0anat\u00f6ku.", ""], ["Leggja fram hugmynd, hvatningu og/e\u00f0a hafa frumkv\u00e6\u00f0i til tekjuaukningar og h\u00e1marksn\u00fdtingar ver\u00f0m\u00e6ta.", ""], ["Meta forgang, skuldbindingar og vinnu\u00e1lag einstaklinga vi\u00f0 \u00fatdeilingu verkefna og \u00fe\u00e6r v\u00e6ntingar sem ger\u00f0ar eru til \u00feeirra.", ""]], "_id": "5a996146110a1804740041ae"}, {"exemplary": null, "topics": "Samskipti", "abbreviation": "F-ALSH3SS", "former_schools": null, "subject": "Almenn starfsh\u00e6fni", "title": "\u00c1rangursr\u00edk samskipti", "version": 3, "status_trans": "Sam\u00feykkt af sk\u00f3la", "embedded_subject": {"abbreviation": "ALSH", "topics": [{"abbreviation": "AH", "topics": ["A\u00f0l\u00f6gunarh\u00e6fni"]}, {"abbreviation": "A\u00de", "topics": ["A\u00f0lagast mj\u00f6g fj\u00f6lbreyttum \u00fe\u00f6rfum"]}, {"abbreviation": "NV", "topics": ["Notar ver\u00f0m\u00e6ti \u00e1 hagkv\u00e6man h\u00e1tt"]}, {"abbreviation": "ST", "topics": ["Stu\u00f0lar a\u00f0 tj\u00e1skiptum vi\u00f0 a\u00f0ra"]}, {"abbreviation": "FF", "topics": ["Fj\u00f6lbreytni mannl\u00edfs og eigin ford\u00f3mar"]}, {"abbreviation": "VM", "topics": ["Vegur og metur hugmyndir og uppl\u00fdsingar \u00e1 hlutl\u00e6gan h\u00e1tt vi\u00f0 \u00e1kvar\u00f0anat\u00f6ku"]}, {"abbreviation": "S\u00de", "topics": ["Sam\u00fe\u00e6ttir og t\u00falkar vi\u00f0t\u00e6kar og fl\u00f3knar uppl\u00fdsingar"]}, {"abbreviation": "\u00c1N", "topics": ["\u00c1byrg n\u00fdting"]}, {"abbreviation": "SS", "topics": ["Samskipti"]}, {"abbreviation": "JV", "topics": ["Jafnr\u00e9ttisvitund"]}, {"abbreviation": "ML", "topics": ["Mat og lausnir"]}, {"abbreviation": "SV", "topics": ["Samvinna"]}, {"abbreviation": "S\u00c1", "topics": ["Skipulag og \u00e1\u00e6tlanir"]}, {"abbreviation": "SF", "topics": ["Starfs\u00fer\u00f3un og f\u00e6rniefling"]}, {"abbreviation": "S\u00da", "topics": ["S\u00f6fnun og \u00farvinnsla uppl\u00fdsinga"]}, {"abbreviation": "VG", "topics": ["Vinnusi\u00f0fer\u00f0i og gildi"]}, {"abbreviation": "\u00d6V", "topics": ["\u00d6ryggisvitund"]}, {"abbreviation": "UT", "topics": ["Uppl\u00fdsingat\u00e6kni"]}, {"abbreviation": "RI", "topics": ["Ritun"]}, {"abbreviation": "SA", "topics": ["Samskipti \u00e1 vinnusta\u00f0"]}], "_id": "5460c52e62933a4d76000b73", "subjects": ["Almenn starfsh\u00e6fni"], "counter": {"1": 4, "3": 2, "2": 15, "4": 0}}, "evaluation": "Vi\u00f0 mat \u00e1 h\u00e6fni m\u00e1 notast vi\u00f0 spurningar eins og:\n- Hefur n\u00e1msma\u00f0ur veri\u00f0 \u00ed a\u00f0st\u00e6\u00f0um \u00fear sem reyndi \u00e1 \u00feessa h\u00e6fni?\n- Hvert var framlag n\u00e1msmannsins vi\u00f0 sl\u00edkar a\u00f0st\u00e6\u00f0ur?\n- Hva\u00f0a \u00feekkingu og leikni \u00fearf n\u00e1msma\u00f0ur a\u00f0 b\u00faa yfir til a\u00f0 vera f\u00e6r um a\u00f0 gera \u00fea\u00f0 sem l\u00fdst er \u00ed h\u00e6fnivi\u00f0mi\u00f0um?\n", "categorization_suggestion": null, "embedded_topics": {"abbreviation": "SS", "topics": ["Samskipti"]}, "status": "approved by school", "description": "N\u00e1ms\u00fe\u00e6ttinum er \u00e6tla\u00f0 a\u00f0 efla n\u00e1msmann \u00ed a\u00f0 hlusta \u00e1 a\u00f0ra, tj\u00e1 sig sk\u00fdrt og stu\u00f0la a\u00f0 opnum samskiptum. N\u00e1ms\u00fe\u00e6ttinum er einnig \u00e6tla\u00f0 a\u00f0 gera n\u00e1msmanni kleift a\u00f0 \u00f6\u00f0last h\u00e6fni til a\u00f0 a\u00f0laga tj\u00e1skipti eftir a\u00f0st\u00e6\u00f0um hverju sinni.", "knowledge_goals": [""], "skills_goals": [""], "credits": 10, "last_modified": 1440082997.569968, "schools": ["524aa78b62933a493f000366"], "coauthors": null, "instructions": "L\u00f6g\u00f0 er \u00e1hersla \u00e1 sam\u00fe\u00e6ttingu n\u00e1ms\u00fe\u00e1tta og tengingu vi\u00f0 verkefni starfsins.", "continued_education": true, "level": 3, "prerequisites": "", "author": "5c075de9-ce2f-485f-ab46-5e15f7648678", "abbreviation_version": null, "competence_goals": [["A\u00f0laga tj\u00e1skipti s\u00edn a\u00f0 \u00f3l\u00edkum vi\u00f0m\u00e6lendum (t.d. var\u00f0andi innihald og m\u00e1lfar).", ""], ["Fylgjast me\u00f0 merkjum (t.d. l\u00edkamstj\u00e1ningu, svipbrig\u00f0um og raddbl\u00e6) fr\u00e1 \u00f3l\u00edkum vi\u00f0m\u00e6lendum til a\u00f0 meta hven\u00e6r og hvernig megi breyta tj\u00e1skiptum svo a\u00f0 skilabo\u00f0in skiljist.", ""], ["Tj\u00e1 sig \u00e1 jafn \u00e1hrifar\u00edkan h\u00e1tt vi\u00f0 \u00f3l\u00edka vi\u00f0m\u00e6lendur og vi\u00f0 \u00f3l\u00edkar a\u00f0st\u00e6\u00f0ur (t.d. vi\u00f0 yfirmenn, samstafsmenn e\u00f0a vi\u00f0skiptavini).", ""], ["Setja sig \u00ed spor annarra og leggja sig fram vi\u00f0 a\u00f0 skilja st\u00f6\u00f0u \u00feeirra; \u00e1st\u00e6\u00f0ur, tilfinningar og \u00e1hyggjuefni.", ""], ["Tj\u00e1 sig \u00e1 \u00e1rangursr\u00edkan h\u00e1tt vi\u00f0 erfi\u00f0ar a\u00f0st\u00e6\u00f0ur.", ""], ["Halda r\u00f3 sinni \u00ed erfi\u00f0um samskiptum t.d. vi\u00f0 kr\u00f6fuhar\u00f0a einstaklinga.", ""]], "_id": "55d5ec3562933a24fe00f5cb"}, {"exemplary": null, "topics": "\u00d6ryggisvitund", "abbreviation": "F-ALSH3\u00d6V", "former_schools": null, "subject": "Almenn starfsh\u00e6fni", "title": "\u00d6ryggisvitund", "version": 6, "status_trans": "Sam\u00feykkt af sk\u00f3la", "embedded_subject": {"abbreviation": "ALSH", "topics": [{"abbreviation": "AH", "topics": ["A\u00f0l\u00f6gunarh\u00e6fni"]}, {"abbreviation": "A\u00de", "topics": ["A\u00f0lagast mj\u00f6g fj\u00f6lbreyttum \u00fe\u00f6rfum"]}, {"abbreviation": "NV", "topics": ["Notar ver\u00f0m\u00e6ti \u00e1 hagkv\u00e6man h\u00e1tt"]}, {"abbreviation": "ST", "topics": ["Stu\u00f0lar a\u00f0 tj\u00e1skiptum vi\u00f0 a\u00f0ra"]}, {"abbreviation": "FF", "topics": ["Fj\u00f6lbreytni mannl\u00edfs og eigin ford\u00f3mar"]}, {"abbreviation": "VM", "topics": ["Vegur og metur hugmyndir og uppl\u00fdsingar \u00e1 hlutl\u00e6gan h\u00e1tt vi\u00f0 \u00e1kvar\u00f0anat\u00f6ku"]}, {"abbreviation": "S\u00de", "topics": ["Sam\u00fe\u00e6ttir og t\u00falkar vi\u00f0t\u00e6kar og fl\u00f3knar uppl\u00fdsingar"]}, {"abbreviation": "\u00c1N", "topics": ["\u00c1byrg n\u00fdting"]}, {"abbreviation": "SS", "topics": ["Samskipti"]}, {"abbreviation": "JV", "topics": ["Jafnr\u00e9ttisvitund"]}, {"abbreviation": "ML", "topics": ["Mat og lausnir"]}, {"abbreviation": "SV", "topics": ["Samvinna"]}, {"abbreviation": "S\u00c1", "topics": ["Skipulag og \u00e1\u00e6tlanir"]}, {"abbreviation": "SF", "topics": ["Starfs\u00fer\u00f3un og f\u00e6rniefling"]}, {"abbreviation": "S\u00da", "topics": ["S\u00f6fnun og \u00farvinnsla uppl\u00fdsinga"]}, {"abbreviation": "VG", "topics": ["Vinnusi\u00f0fer\u00f0i og gildi"]}, {"abbreviation": "\u00d6V", "topics": ["\u00d6ryggisvitund"]}, {"abbreviation": "UT", "topics": ["Uppl\u00fdsingat\u00e6kni"]}, {"abbreviation": "RI", "topics": ["Ritun"]}, {"abbreviation": "\u00c1S", "topics": ["samskipti", "sj\u00e1lfstraust", "\u00e1skoranir"]}, {"abbreviation": "SH", "topics": ["Starfsh\u00e6fni \u00e1 vinnumarka\u00f0i"]}], "_id": "5460c52e62933a4d76000b73", "subjects": ["Almenn starfsh\u00e6fni"], "counter": {"1": 2, "3": 1, "2": 12, "4": 0}}, "evaluation": "Vi\u00f0 mat \u00e1 h\u00e6fni m\u00e1 notast vi\u00f0 spurningar eins og: - Hefur n\u00e1msma\u00f0ur veri\u00f0 \u00ed a\u00f0st\u00e6\u00f0um \u00fear sem reyndi \u00e1 \u00feessa h\u00e6fni? - Hvert var framlag n\u00e1msmannsins vi\u00f0 sl\u00edkar a\u00f0st\u00e6\u00f0ur? - Hva\u00f0a \u00feekkingu og leikni \u00fearf n\u00e1msma\u00f0ur a\u00f0 b\u00faa yfir til a\u00f0 vera f\u00e6r um a\u00f0 gera \u00fea\u00f0 sem l\u00fdst er \u00ed h\u00e6fnivi\u00f0mi\u00f0um?\n", "categorization_suggestion": null, "embedded_topics": {"abbreviation": "\u00d6V", "topics": ["\u00d6ryggisvitund"]}, "status": "approved by school", "description": "N\u00e1ms\u00fe\u00e6ttinum er \u00e6tla\u00f0 a\u00f0 efla n\u00e1msmanninn \u00ed a\u00f0 koma auga \u00e1 a\u00f0st\u00e6\u00f0ur sem geta skapa\u00f0 h\u00e6ttu \u00e1 vinnusta\u00f0 og gr\u00edpa til vi\u00f0eigandi r\u00e1\u00f0a til a\u00f0 halda vinnuumhverfinu \u00f6ruggu (fyrir sig og a\u00f0ra). N\u00e1ms\u00fe\u00e6ttinum er einnig \u00e6tla\u00f0 a\u00f0 gera n\u00e1msmanni kleift a\u00f0 \u00f6\u00f0last h\u00e6fni \u00ed a\u00f0 stu\u00f0la a\u00f0 aukinni \u00f6ryggisvitund \u00e1 s\u00ednum vinnusta\u00f0.", "knowledge_goals": ["\u00c1 ekki vi\u00f0."], "skills_goals": ["\u00c1 ekki vi\u00f0."], "credits": 10, "last_modified": 1520007076.986086, "schools": ["524aa78b62933a493f000366"], "coauthors": null, "instructions": "", "continued_education": true, "level": 3, "prerequisites": "", "author": "edaffe7f-dbfc-44e3-a1d9-42da5013ace8", "abbreviation_version": null, "competence_goals": [["Efla \u00f6ryggisvitund \u00ed vinnuumhverfi s\u00ednu.", ""], ["Benda \u00e1 m\u00f6gulega h\u00e6ttulegar a\u00f0st\u00e6\u00f0ur sem eru \u00f6\u00f0rum ekki auglj\u00f3sar.", ""], ["Framfylgja \u00e1vallt \u00f6ruggum starfsh\u00e1ttum og gera kr\u00f6fu um a\u00f0 fari\u00f0 s\u00e9 eftir hollustu- og \u00f6ryggisreglum.", ""]], "_id": "5a9977a4110a180474004228"}]}], "description": "N\u00e1mskr\u00e1in \u201eFagn\u00e1m fyrir starfs\u00fej\u00e1lfa\u201c byggir \u00e1 starfapr\u00f3f\u00edlnum \u201eStarfs\u00fej\u00e1lfi\u201c. N\u00e1mskr\u00e1in l\u00fdsir n\u00e1mi \u00e1 2. og 3. \u00ferepi h\u00e6fniramma um \u00edslenska menntun, skipt \u00ed 17 n\u00e1ms\u00fe\u00e6tti. N\u00e1mi\u00f0 er \u00e6tla\u00f0 \u00feeim sem sinna e\u00f0a hafa hug \u00e1 a\u00f0 sinna starfs\u00fej\u00e1lfun \u00e1 s\u00ednum vinnusta\u00f0. Markmi\u00f0 n\u00e1msins er a\u00f0 starfs\u00fej\u00e1lfar hafi \u00fe\u00e1 h\u00e6fni sem \u00fearf til a\u00f0 sinna skilgreindum vi\u00f0fangsefnum starfs\u00fej\u00e1lfa samkv\u00e6mt h\u00e6fnigreiningu starfsins. \nStarf starfs\u00fej\u00e1lfa er skilgreint \u00feannig: Starfs\u00fej\u00e1lfun fer fram \u00e1 vinnusta\u00f0 og er hluti af skipul\u00f6g\u00f0u n\u00e1mi og/e\u00f0a \u00fej\u00e1lfun. Tilgangurinn er a\u00f0 fl\u00fdta fyrir yfirf\u00e6rslu n\u00e1ms \u00e1 starf og f\u00e9lagslegri a\u00f0l\u00f6gun starfsmanns a\u00f0 starfi/starfsgrein. Starfs\u00fej\u00e1lfi er s\u00e1 sem heldur utan um n\u00e1mi\u00f0/\u00fej\u00e1lfunina \u00ed samr\u00e1\u00f0i vi\u00f0 skipuleggjanda (fr\u00e6\u00f0slua\u00f0ila, sk\u00f3la, vinnuveitanda) og er skipa\u00f0ur til verksins af vinnuveitanda /yfirmanni s\u00ednum. Starfs\u00fej\u00e1lfun fer fram eftir fyrirfram skipul\u00f6g\u00f0u ferli og hefur tiltekin markmi\u00f0 og er hvoru tveggja l\u00fdst \u00ed n\u00e1mskr\u00e1, n\u00e1msl\u00fdsingu e\u00f0a \u00fej\u00e1lfunar\u00e1\u00e6tlun sem skipuleggjandi l\u00e6tur starfs\u00fej\u00e1lfa \u00ed t\u00e9. Mat \u00e1 \u00e1rangri starfs\u00fej\u00e1lfunar byggist \u00e1 h\u00e6fnivi\u00f0mi\u00f0um sem sett eru fram \u00ed n\u00e1mskr\u00e1, n\u00e1msl\u00fdsingu e\u00f0a \u00fej\u00e1lfunar\u00e1\u00e6tlun. Starfs\u00fej\u00e1lfi \u00feekkir vel til verka \u00e1 s\u00ednu starfssvi\u00f0i og mi\u00f0lar af reynslu sinni og s\u00e9r\u00feekkingu. Starfs\u00fej\u00e1lfi hefur g\u00f3\u00f0a yfirs\u00fdn yfir starfsemi fyrirt\u00e6kisins og leitar eftir a\u00f0sto\u00f0 annarra starfsmanna fyrirt\u00e6kisins ef \u00feekkingu hans \u00fer\u00fdtur. A\u00f0fer\u00f0ir starfs\u00fej\u00e1lfa og vi\u00f0horf vi\u00f0 starfs\u00fej\u00e1lfun einkennast af v\u00ed\u00f0s\u00fdni og fj\u00f6lbreytni \u00ed lei\u00f0um til a\u00f0 efla n\u00e1msmanninn og meta \u00e1rangur n\u00e1msins.\nHelstu verkefni starfs\u00fej\u00e1lfa eru; kynning \u00e1 starfsemi og skipulagi fyrirt\u00e6kis, skipulagning \u00e1 framkv\u00e6md n\u00e1ms \u00e1 vinnusta\u00f0, mat \u00e1 \u00e1rangri n\u00e1msmanna, stu\u00f0ningur vi\u00f0 n\u00e1msmanninn og stu\u00f0la \u00feannig a\u00f0 frekara n\u00e1mi hans.\n\u00d6nnur atri\u00f0i sem l\u00fdsa starfi starfs\u00fej\u00e1lfa: Starfs\u00fej\u00e1lfi \u00feekkir verksvi\u00f0 sitt sem starfs\u00fej\u00e1lfi og tekur ekki a\u00f0 s\u00e9r verkefni sem eiga heima hj\u00e1 \u00f6\u00f0rum svo sem kennara, yfirmanni og/e\u00f0a me\u00f0fer\u00f0ara\u00f0ila. Starfs\u00fej\u00e1lfa er ekki \u00e6tla\u00f0 a\u00f0 sinna kennslu sem samkv\u00e6mt skipulagi n\u00e1msins/n\u00e1msl\u00fdsingu \u00e1 a\u00f0 fara fram hj\u00e1 fr\u00e6\u00f0slua\u00f0ila e\u00f0a \u00ed sk\u00f3la, ef um sl\u00edkt skipulag er a\u00f0 r\u00e6\u00f0a. Starfs\u00fej\u00e1lfa er heldur ekki \u00e6tla\u00f0 a\u00f0 skilgreina og vinna \u00far pers\u00f3nulegum vandam\u00e1lum n\u00e1msmannsins. \nN\u00e1mi\u00f0 er 170 klukkustundir a\u00f0 lengd, sem m\u00f6gulegt er a\u00f0 meta til 8 eininga \u00e1 framhaldssk\u00f3lastigi. \n", "tags": "Vottu\u00f0 af MMS 03.05.2018. Tilkynning send Fr\u00e6 og tilkynning birt \u00e1 mms.is. ", "rules": null, "onsite_training": "Gert er r\u00e1\u00f0 fyrir a\u00f0 hluti n\u00e1msins fari fram \u00e1 vinnusta\u00f0 \u00ed formi starfs\u00fej\u00e1lfunar. \u00deann hluta \u00fatf\u00e6rir fr\u00e6\u00f0slua\u00f0ili \u00ed takt vi\u00f0 \u00fearfir samstarfsa\u00f0ila og n\u00e1msmanna hverju sinni.", "programme_type": {}, "free_choice_description": "Heimilt er, me\u00f0 skriflegu sam\u00feykki FA, a\u00f0 fella ni\u00f0ur n\u00e1ms\u00fe\u00e6tti og b\u00e6ta skyldum n\u00e1ms\u00fe\u00e1ttum vi\u00f0, \u00e1n \u00feess \u00fe\u00f3 a\u00f0 draga \u00far heildarfj\u00f6lda n\u00e1msstunda enda fari breytingin ekki \u00ed b\u00e1ga vi\u00f0 markmi\u00f0 e\u00f0a tilgang n\u00e1mskr\u00e1rinnar.", "credits": 170, "last_modified": 1525344740.307695, "exam_id": null, "title_of_core": null, "schools": ["524aa78b62933a493f000366"], "free_choice_flag": true, "continued_education": true, "prerequisites": "N\u00e1mi\u00f0 er \u00e6tla\u00f0 fullor\u00f0nu f\u00f3lki \u00e1 vinnumarka\u00f0i sem hefur stutta formlega menntun en umtalsver\u00f0a reynslu og h\u00e6fni \u00e1 s\u00ednu starfssvi\u00f0i. N\u00e1msmenn \u00feurfa a\u00f0 hafa h\u00e6fni \u00ed almennri starfsh\u00e6fni \u00e1 \u00ferepi 2 og ritunarf\u00e6rni og h\u00e6fni \u00ed notkun uppl\u00fdsingat\u00e6kni \u00e1 \u00ferepi 2 samkv\u00e6mt starfapr\u00f3f\u00edl. Jafnframt \u00feurfa n\u00e1msmenn a\u00f0 hafa h\u00e6fni \u00ed v\u00f6ru\u00feekkingu \u00e1 \u00ferepi 3 og hafa \u00feekkingu \u00e1 starfsumhverfinu \u00e1 \u00ferepi 2 samkv\u00e6mt starfapr\u00f3f\u00edl. ", "target_groups": [{"name_trans": "einstaklingar me\u00f0 stutta sk\u00f3lag\u00f6ngu a\u00f0 baki", "_id": "5122ea81c8b511063e000000", "name": "Individuals with little formal education"}, {"name_trans": "einstaklingar \u00e1 vinnumarka\u00f0i me\u00f0 stutta formlega sk\u00f3lag\u00f6ngu a\u00f0 baki", "_id": "5122ea81c8b511063e000002", "name": "Employed individuals with little formal eduation"}, {"name_trans": "einstaklingar sem vilja efla starfsh\u00e6fni s\u00edna", "_id": "5122ea81c8b511063e000004", "name": "Individuals who want to strengthen their competence"}, {"name_trans": "starfsmenn \u00ed atvinnul\u00edfi me\u00f0 \u00fe\u00f6rf fyrir aukna \u00feekkingu og h\u00e6fni,", "_id": "5122ea81c8b511063e000006", "name": "Employed individuals with a need to increase their knowledge and competence"}, {"name_trans": "einstaklingar me\u00f0 \u00fe\u00f6rf fyrir a\u00f0 afla vi\u00f0urkenningar \u00e1 gildi n\u00e1ms sem fellur utan hins formlega framhaldssk\u00f3la- og h\u00e1sk\u00f3lakerfis", "_id": "5122ea81c8b511063e00000a", "name": "Individuals with a need to certify the value of education outside formal education"}, {"name_trans": "einstaklingar me\u00f0 n\u00e1m og reynslu sem afla\u00f0 hefur veri\u00f0 utan hins formlega sk\u00f3lakerfis", "_id": "5122ea81c8b511063e00000c", "name": "Individuals with education and experience obtained outside the formal education system"}], "competence_goals": ["N\u00e1msma\u00f0ur skal hafa \u00f6\u00f0last \u00feekkingu og skilning \u00e1 gagnlegum a\u00f0fer\u00f0um \u00ed samskiptum og samstarfi.", "N\u00e1msma\u00f0ur skal hafa \u00f6\u00f0last \u00feekkingu og skilning \u00e1 mismunandi n\u00e1msn\u00e1lgun einstaklinga.", "N\u00e1msma\u00f0ur skal hafa \u00f6\u00f0last \u00feekkingu og skilning \u00e1 hlutverki s\u00ednu sem starfs\u00fej\u00e1lfa.", "N\u00e1msma\u00f0ur skal hafa \u00f6\u00f0last \u00feekkingu og skilning \u00e1 skipulagi kennslu og \u00fej\u00e1lfunar.", "N\u00e1msma\u00f0ur skal hafa \u00f6\u00f0last leikni \u00ed a\u00f0 eiga \u00e1rangursr\u00edk samskipti.", "N\u00e1msma\u00f0ur skal hafa \u00f6\u00f0last leikni \u00ed a\u00f0 greina fr\u00e6\u00f0slu\u00fearfir og n\u00e1mst\u00e6kif\u00e6ri \u00e1 vinnusta\u00f0.", "N\u00e1msma\u00f0ur skal hafa \u00f6\u00f0last leikni \u00ed a\u00f0 skipuleggja \u00fej\u00e1lfun n\u00fdli\u00f0a.", "N\u00e1msma\u00f0ur skal hafa \u00f6\u00f0last leikni \u00ed a\u00f0 veita endurgj\u00f6f og meta \u00e1rangur.", "N\u00e1msma\u00f0ur skal geta hagn\u00fdtt \u00fe\u00e1 almennu \u00feekkingu og leikni sem hann hefur afla\u00f0 s\u00e9r til a\u00f0 vinna sj\u00e1lfst\u00e6tt vi\u00f0 skipulag og framkv\u00e6md n\u00fdli\u00f0a\u00fej\u00e1lfunar.", "N\u00e1msma\u00f0ur skal geta hagn\u00fdtt \u00fe\u00e1 almennu \u00feekkingu og leikni sem hann hefur afla\u00f0 s\u00e9r til a\u00f0 sty\u00f0ja vi\u00f0 starfs\u00fer\u00f3un annarra."], "log": [], "organization": "Vi\u00f0urkenndur fr\u00e6\u00f0slua\u00f0ili ber \u00e1byrg\u00f0 \u00e1 framkv\u00e6md n\u00e1msins og skipar verkefnastj\u00f3ra n\u00e1ms. Hlutverk hans er a\u00f0 hafa umsj\u00f3n me\u00f0 n\u00e1minu og framkv\u00e6md \u00feess, sj\u00e1 til \u00feess a\u00f0 n\u00e1ms\u00fe\u00e6ttir s\u00e9u sam\u00fe\u00e6ttir og tryggja r\u00f6kr\u00e9tta samfellu \u00feeirra. Hann skipuleggur hvernig t\u00edma hvers n\u00e1ms\u00fe\u00e1ttar er vari\u00f0, undir lei\u00f0s\u00f6gn lei\u00f0beinanda annars vegar og \u00ed sj\u00e1lfst\u00e6tt n\u00e1m hins vegar. L\u00f6g\u00f0 er \u00e1hersla \u00e1 a\u00f0 lei\u00f0beinendur noti fj\u00f6lbreyttar kennslua\u00f0fer\u00f0ir sem henta fullor\u00f0num n\u00e1msm\u00f6nnum. \u00c6skilegt er a\u00f0 lei\u00f0beinendur hafi \u00ed huga alla n\u00e1ms\u00fe\u00e6tti n\u00e1mskr\u00e1rinnar til a\u00f0 tryggja sam\u00fe\u00e6ttingu n\u00e1ms\u00fe\u00e1tta og leitist vi\u00f0 a\u00f0 nota raunveruleg vi\u00f0fangsefni. Mi\u00f0a\u00f0 er vi\u00f0 a\u00f0 vinnusta\u00f0a\u00fej\u00e1lfun fari fram samhli\u00f0a n\u00e1minu til a\u00f0 sty\u00f0ja vi\u00f0 yfirf\u00e6rslu n\u00e1ms. Heimavinna fylgir n\u00e1minu en getur veri\u00f0 mismikil eftir n\u00e1ms\u00fe\u00e1ttum og einstaklingum.", "_id": "1bf9c77f-6722-43f2-8019-1944854fd2a6", "programme_type_id": null}