{"course_choice": [], "epoch_created": 1608214738.282178, "package_choice": [], "date_ministry_approval": 1610637781.47755, "competency": {"numbers_and_information": [], "educational_competence": [], "creative_thinking": [], "equality": [], "sustainability": [], "foreign_societies": [], "health": [], "icelandic_society_norms": [], "democracy_and_human_rights": []}, "user_id": "e13ba395-4824-480a-a14e-0f4072c41b79", "is_ministry_rejected": false, "title": "Fer\u00f0a\u00fej\u00f3nusta I (Sta\u00f0festingarn\u00famer 490)", "ministry_serial": "21-490-1-100", "version": "None-92", "status_trans": "Votta\u00f0 af MMS", "date_last_sent_to_ministry": 1610622843.990701, "evaluation": "N\u00e1ms\u00e1rangur er metinn \u00fat fr\u00e1 h\u00e6fnivi\u00f0mi\u00f0um n\u00e1msins me\u00f0 fj\u00f6lbreyttum matsa\u00f0fer\u00f0um sem fr\u00e6\u00f0slua\u00f0ili sam\u00feykkir og l\u00fdst er \u00ed kennslu\u00e1\u00e6tlun. Vi\u00f0 mat \u00e1 h\u00e6fni sko\u00f0ast \u00fe\u00e1tttaka nema auk: - m\u00e6likvar\u00f0a \u00e1 hva\u00f0a \u00feekkingu og leikni nemi \u00feurfi a\u00f0 b\u00faa yfir til a\u00f0 vera f\u00e6r um a\u00f0 gera \u00fea\u00f0 sem l\u00fdst er \u00ed h\u00e6fnivi\u00f0mi\u00f0um; - spurningar um hvort nemi hafi veri\u00f0 \u00ed a\u00f0st\u00e6\u00f0um \u00fear sem reyndi \u00e1 vi\u00f0komandi h\u00e6fni; - sko\u00f0unar \u00e1 hvert framlag nema hafi veri\u00f0 vi\u00f0 vi\u00f0komandi a\u00f0st\u00e6\u00f0ur; mats \u00e1 hvort framlagi\u00f0 megi teljast fulln\u00e6gjandi.\n\u00c1hersla er l\u00f6g\u00f0 \u00e1 a\u00f0 hver lei\u00f0beinandi og n\u00e1msf\u00f3lk fari sem oftast yfir \u00fea\u00f0 sem hefur \u00e1unnist og hvernig n\u00e1msf\u00f3lki gangi a\u00f0 n\u00e1 h\u00e6fnivi\u00f0mi\u00f0um n\u00e1msins. N\u00e1msmat n\u00fdtist sem sta\u00f0festing \u00e1 n\u00e1ms\u00e1rangri og jafnframt sem l\u00e6rd\u00f3mur, hvatning og endurgj\u00f6f \u00e1 n\u00e1mst\u00edmanum.", "status": "approved by ministry", "core": [{"courses": [{"exemplary": null, "topics": "Fj\u00f6lmenning", "abbreviation": "F-STSH1FM", "former_schools": null, "subject": "S\u00e9rt\u00e6k starfsh\u00e6fni", "title": "Fj\u00f6lmenningarf\u00e6rni \u2013 \u00fej\u00f3nusta", "version": 19, "status_trans": "Sam\u00feykkt af sk\u00f3la", "embedded_subject": {"abbreviation": "STSH", "topics": [{"abbreviation": "UT", "topics": ["Uppl\u00fdsingat\u00e6kni"]}, {"abbreviation": "RI", "topics": ["Ritun"]}, {"abbreviation": "VL", "topics": ["A\u00f0 vinna a\u00f0 lausnum"]}, {"abbreviation": "V\u00c1", "topics": ["A\u00f0 vinna undir \u00e1lagi"]}, {"abbreviation": "S\u00de", "topics": ["Starfs\u00fer\u00f3un"]}, {"abbreviation": "\u00c1S", "topics": ["\u00c1rangurss\u00e6kni"]}, {"abbreviation": "FK", "topics": ["Frumkv\u00e6\u00f0i"]}, {"abbreviation": "NN", "topics": ["Natni og n\u00e1kv\u00e6mni"]}, {"abbreviation": "ST", "topics": ["Sj\u00e1lfstraust"]}, {"abbreviation": "SS", "topics": ["Skilningur \u00e1 starfseminni"]}, {"abbreviation": "SV", "topics": ["S\u00f6luvarningur og sm\u00e1sala"]}, {"abbreviation": "VS", "topics": ["Verslunarstarfsemi"]}, {"abbreviation": "V\u00de", "topics": ["V\u00f6ru\u00feekking"]}, {"abbreviation": "VV", "topics": ["Vi\u00f0skiptavinurinn"]}, {"abbreviation": "SF", "topics": ["S\u00f6luferli"]}, {"abbreviation": "LV", "topics": ["Lokaverkefni"]}, {"abbreviation": "\u00deJ", "topics": ["Starfs\u00fej\u00e1lfun"]}, {"abbreviation": "GV", "topics": ["G\u00e6\u00f0avitund"]}, {"abbreviation": "LS", "topics": ["L\u00f6ggj\u00f6f", "ferlar og sta\u00f0lar", "stefna"]}, {"abbreviation": "SU", "topics": ["Stj\u00f3rnun uppl\u00fdsinga"]}, {"abbreviation": "TF", "topics": ["T\u00edmastj\u00f3rnun og forgangsr\u00f6\u00f0un"]}, {"abbreviation": "FM", "topics": ["Fj\u00f6lmenning"]}, {"abbreviation": "S\u00c1", "topics": ["Sj\u00e1lfstj\u00f3rn"]}, {"abbreviation": "VE", "topics": ["Vell\u00ed\u00f0an"]}, {"abbreviation": "\u00deS", "topics": ["seigla", "\u00derautseigja"]}, {"abbreviation": "\u00c1R", "topics": ["\u00c1rangursr\u00edk samskipti"]}, {"abbreviation": "\u00deU", "topics": ["\u00deekking \u00e1 starfsumhverfi"]}, {"abbreviation": "SJ", "topics": ["Skilningur \u00e1 starfseminni - fer\u00f0a\u00fej\u00f3nusta"]}], "_id": "5458b6dd62933a61b20023f3", "subjects": ["S\u00e9rt\u00e6k starfsh\u00e6fni"], "counter": {"1": 18, "3": 18, "2": 33, "4": 0}}, "evaluation": "S\u00edmat me\u00f0 fj\u00f6lbreyttum matsa\u00f0fer\u00f0um og \u00e1herslu \u00e1 lei\u00f0sagnarmat sem byggir \u00e1 virkni nema.", "categorization_suggestion": null, "embedded_topics": {"abbreviation": "FM", "topics": ["Fj\u00f6lmenning"]}, "status": "approved by school", "description": "N\u00e1ms\u00fe\u00e6ttinum er \u00e6tla\u00f0 a\u00f0 efla n\u00e1msf\u00f3lk \u00ed a\u00f0 n\u00fdta eigin menningargildi og \u00feekkingu til a\u00f0 vinna \u00e1 \u00e1rangursr\u00edkan h\u00e1tt me\u00f0 einstaklingum af mismunandi uppruna og vi\u00f0 \u00f3l\u00edkar a\u00f0st\u00e6\u00f0ur. \u00c1hersla er \u00e1 h\u00e6fni nema \u00ed a\u00f0 vir\u00f0a \u00f3l\u00edka menningu og gera s\u00e9r grein fyrir eigin ford\u00f3mum. Fjalla\u00f0 er um \u00f3l\u00edka menningarheima, mikilv\u00e6gi fj\u00f6lmenningar \u00ed l\u00fd\u00f0r\u00e6\u00f0islegu samhengi samf\u00e9lagsins og vir\u00f0ingu fyrir f\u00f3lki. ", "knowledge_goals": ["gildi menningar fyrir f\u00f3lk af \u00f3l\u00edkum uppruna", "lei\u00f0um til samskipta vi\u00f0 f\u00f3lk af \u00f3l\u00edkum uppruna"], "skills_goals": ["vinna \u00f3h\u00e1\u00f0 a\u00f0st\u00e6\u00f0um me\u00f0 f\u00f3lki af \u00f3l\u00edkum uppruna", "gera s\u00e9r grein fyrir eigin ford\u00f3mum"], "credits": 10, "last_modified": 1608199773.233412, "schools": ["524aa78b62933a493f000366"], "coauthors": null, "instructions": "", "continued_education": true, "level": 1, "prerequisites": "A\u00f0gangur a\u00f0 n\u00e1mslei\u00f0inni \u2013 mat fr\u00e6\u00f0slua\u00f0ila", "author": "e13ba395-4824-480a-a14e-0f4072c41b79", "abbreviation_version": null, "competence_goals": [["\u00fatsk\u00fdra eigin vi\u00f0horf, sko\u00f0anir og gildi gagnvart f\u00f3lki fr\u00e1 \u00f6\u00f0rum menningarsv\u00e6\u00f0um", ""], ["s\u00fdna frumkv\u00e6\u00f0i og n\u00fdta t\u00e6kif\u00e6ri til a\u00f0 kynnast \u00f3l\u00edkum menningarheimum", ""]], "_id": "5fdb2e5de3d27fffd100046b"}, {"exemplary": null, "topics": "Uppl\u00fdsingat\u00e6kni", "abbreviation": "F-STSH1UT", "former_schools": null, "subject": "S\u00e9rt\u00e6k starfsh\u00e6fni", "title": "Notkun uppl\u00fdsingat\u00e6kni \u2013 \u00fej\u00f3nusta", "version": 20, "status_trans": "Sam\u00feykkt af sk\u00f3la", "embedded_subject": {"abbreviation": "STSH", "topics": [{"abbreviation": "UT", "topics": ["Uppl\u00fdsingat\u00e6kni"]}, {"abbreviation": "RI", "topics": ["Ritun"]}, {"abbreviation": "VL", "topics": ["A\u00f0 vinna a\u00f0 lausnum"]}, {"abbreviation": "V\u00c1", "topics": ["A\u00f0 vinna undir \u00e1lagi"]}, {"abbreviation": "S\u00de", "topics": ["Starfs\u00fer\u00f3un"]}, {"abbreviation": "\u00c1S", "topics": ["\u00c1rangurss\u00e6kni"]}, {"abbreviation": "FK", "topics": ["Frumkv\u00e6\u00f0i"]}, {"abbreviation": "NN", "topics": ["Natni og n\u00e1kv\u00e6mni"]}, {"abbreviation": "ST", "topics": ["Sj\u00e1lfstraust"]}, {"abbreviation": "SS", "topics": ["Skilningur \u00e1 starfseminni"]}, {"abbreviation": "SV", "topics": ["S\u00f6luvarningur og sm\u00e1sala"]}, {"abbreviation": "VS", "topics": ["Verslunarstarfsemi"]}, {"abbreviation": "V\u00de", "topics": ["V\u00f6ru\u00feekking"]}, {"abbreviation": "VV", "topics": ["Vi\u00f0skiptavinurinn"]}, {"abbreviation": "SF", "topics": ["S\u00f6luferli"]}, {"abbreviation": "LV", "topics": ["Lokaverkefni"]}, {"abbreviation": "\u00deJ", "topics": ["Starfs\u00fej\u00e1lfun"]}, {"abbreviation": "GV", "topics": ["G\u00e6\u00f0avitund"]}, {"abbreviation": "LS", "topics": ["L\u00f6ggj\u00f6f", "ferlar og sta\u00f0lar", "stefna"]}, {"abbreviation": "SU", "topics": ["Stj\u00f3rnun uppl\u00fdsinga"]}, {"abbreviation": "TF", "topics": ["T\u00edmastj\u00f3rnun og forgangsr\u00f6\u00f0un"]}, {"abbreviation": "FM", "topics": ["Fj\u00f6lmenning"]}, {"abbreviation": "S\u00c1", "topics": ["Sj\u00e1lfstj\u00f3rn"]}, {"abbreviation": "VE", "topics": ["Vell\u00ed\u00f0an"]}, {"abbreviation": "\u00deS", "topics": ["seigla", "\u00derautseigja"]}, {"abbreviation": "\u00c1R", "topics": ["\u00c1rangursr\u00edk samskipti"]}, {"abbreviation": "\u00deU", "topics": ["\u00deekking \u00e1 starfsumhverfi"]}, {"abbreviation": "SJ", "topics": ["Skilningur \u00e1 starfseminni - fer\u00f0a\u00fej\u00f3nusta"]}], "_id": "5458b6dd62933a61b20023f3", "subjects": ["S\u00e9rt\u00e6k starfsh\u00e6fni"], "counter": {"1": 19, "3": 18, "2": 33, "4": 0}}, "evaluation": "S\u00edmat me\u00f0 fj\u00f6lbreyttum matsa\u00f0fer\u00f0um og \u00e1herslu \u00e1 lei\u00f0sagnarmat sem byggir \u00e1 virkni nema.", "categorization_suggestion": null, "embedded_topics": {"abbreviation": "UT", "topics": ["Uppl\u00fdsingat\u00e6kni"]}, "status": "approved by school", "description": "N\u00e1ms\u00fe\u00e6ttinum er \u00e6tla\u00f0 a\u00f0 efla n\u00e1msf\u00f3lk \u00ed a\u00f0 nota uppl\u00fdsingat\u00e6kni/t\u00f6lvut\u00e6kni til a\u00f0 vinna verk s\u00edn me\u00f0 \u00e1herslu \u00e1 h\u00e6fni nema \u00ed a\u00f0 leysa afm\u00f6rku\u00f0 verkefni me\u00f0 \u00fev\u00ed a\u00f0 nota\u00f0 uppl\u00fdsingat\u00e6kni. Fjalla\u00f0 er um virkni t\u00f6lva og snjallt\u00e6kja til a\u00f0 auka skilning \u00e1 virkni t\u00e6kja og \u00f6ryggisvitund vegna v\u00e9l- og hugb\u00fana\u00f0ar. Teki\u00f0 er fyrir mikilv\u00e6gi si\u00f0legra samskipta \u00e1 netinu. Fingrasetning kynnt og \u00fej\u00e1lfu\u00f0 hagn\u00fdt notkun t\u00f6lvup\u00f3sts og dagb\u00f3kar, ritvinnslu og helstu mi\u00f0la.", "knowledge_goals": ["mikilv\u00e6gi si\u00f0legra samskipta \u00e1 netinu (almennar umgengnisreglur)", "mikilv\u00e6gum a\u00f0ger\u00f0um vi\u00f0 hugb\u00fana\u00f0inn, t.d. a\u00f0 finna og r\u00e6sa, keyra e\u00f0a vista forrit", "helstu a\u00f0ger\u00f0um vi\u00f0 notkun t\u00f6lvup\u00f3sts, dagb\u00f3kar og ritvinnslu."], "skills_goals": ["r\u00e6sa/opna t\u00f6lvu/snjallt\u00e6ki me\u00f0 notandanafni og lykilor\u00f0i auk \u00feess a\u00f0 ganga fr\u00e1 t\u00e6kinu", "r\u00e6sa forrit, nota algengar skipanir og ganga skipulega fr\u00e1 skj\u00f6lum", "nota nokkra fl\u00f3knari m\u00f6guleika rafr\u00e6nna verkf\u00e6ra (lj\u00f3sritun, sk\u00f6nnun, s\u00edmt\u00e6ki)."], "credits": 10, "last_modified": 1608130010.872861, "schools": ["524aa78b62933a493f000366"], "coauthors": null, "instructions": "", "continued_education": true, "level": 1, "prerequisites": "A\u00f0gangur a\u00f0 n\u00e1mslei\u00f0inni \u2013 mat fr\u00e6\u00f0slua\u00f0ila", "author": "e13ba395-4824-480a-a14e-0f4072c41b79", "abbreviation_version": null, "competence_goals": [["nota nokkrar einfaldar, sta\u00f0la\u00f0ar a\u00f0ger\u00f0ir sem \u00fearfnast ekki s\u00e9r\u00feekkingar.", ""]], "_id": "5fda1ddae3d27f39030008aa"}, {"exemplary": null, "topics": "Skilningur \u00e1 starfseminni - fer\u00f0a\u00fej\u00f3nusta", "abbreviation": "F-STSH1SJ", "former_schools": null, "subject": "S\u00e9rt\u00e6k starfsh\u00e6fni", "title": "Skilningur \u00e1 starfseminni - \u00fej\u00f3nusta", "version": 21, "status_trans": "Sam\u00feykkt af sk\u00f3la", "embedded_subject": {"abbreviation": "STSH", "topics": [{"abbreviation": "UT", "topics": ["Uppl\u00fdsingat\u00e6kni"]}, {"abbreviation": "RI", "topics": ["Ritun"]}, {"abbreviation": "VL", "topics": ["A\u00f0 vinna a\u00f0 lausnum"]}, {"abbreviation": "V\u00c1", "topics": ["A\u00f0 vinna undir \u00e1lagi"]}, {"abbreviation": "S\u00de", "topics": ["Starfs\u00fer\u00f3un"]}, {"abbreviation": "\u00c1S", "topics": ["\u00c1rangurss\u00e6kni"]}, {"abbreviation": "FK", "topics": ["Frumkv\u00e6\u00f0i"]}, {"abbreviation": "NN", "topics": ["Natni og n\u00e1kv\u00e6mni"]}, {"abbreviation": "ST", "topics": ["Sj\u00e1lfstraust"]}, {"abbreviation": "SS", "topics": ["Skilningur \u00e1 starfseminni"]}, {"abbreviation": "SV", "topics": ["S\u00f6luvarningur og sm\u00e1sala"]}, {"abbreviation": "VS", "topics": ["Verslunarstarfsemi"]}, {"abbreviation": "V\u00de", "topics": ["V\u00f6ru\u00feekking"]}, {"abbreviation": "VV", "topics": ["Vi\u00f0skiptavinurinn"]}, {"abbreviation": "SF", "topics": ["S\u00f6luferli"]}, {"abbreviation": "LV", "topics": ["Lokaverkefni"]}, {"abbreviation": "\u00deJ", "topics": ["Starfs\u00fej\u00e1lfun"]}, {"abbreviation": "GV", "topics": ["G\u00e6\u00f0avitund"]}, {"abbreviation": "LS", "topics": ["L\u00f6ggj\u00f6f", "ferlar og sta\u00f0lar", "stefna"]}, {"abbreviation": "SU", "topics": ["Stj\u00f3rnun uppl\u00fdsinga"]}, {"abbreviation": "TF", "topics": ["T\u00edmastj\u00f3rnun og forgangsr\u00f6\u00f0un"]}, {"abbreviation": "FM", "topics": ["Fj\u00f6lmenning"]}, {"abbreviation": "S\u00c1", "topics": ["Sj\u00e1lfstj\u00f3rn"]}, {"abbreviation": "VE", "topics": ["Vell\u00ed\u00f0an"]}, {"abbreviation": "\u00deS", "topics": ["seigla", "\u00derautseigja"]}, {"abbreviation": "\u00c1R", "topics": ["\u00c1rangursr\u00edk samskipti"]}, {"abbreviation": "\u00deU", "topics": ["\u00deekking \u00e1 starfsumhverfi"]}, {"abbreviation": "SJ", "topics": ["Skilningur \u00e1 starfseminni - fer\u00f0a\u00fej\u00f3nusta"]}], "_id": "5458b6dd62933a61b20023f3", "subjects": ["S\u00e9rt\u00e6k starfsh\u00e6fni"], "counter": {"1": 20, "3": 18, "2": 34, "4": 0}}, "evaluation": "S\u00edmat me\u00f0 fj\u00f6lbreyttum matsa\u00f0fer\u00f0um og \u00e1herslu \u00e1 lei\u00f0sagnarmat sem byggir \u00e1 virkni nema.", "categorization_suggestion": null, "embedded_topics": {"abbreviation": "SJ", "topics": ["Skilningur \u00e1 starfseminni - fer\u00f0a\u00fej\u00f3nusta"]}, "status": "approved by school", "description": "N\u00e1ms\u00fe\u00e6ttinum er \u00e6tla\u00f0 a\u00f0 efla n\u00e1msf\u00f3lk \u00ed a\u00f0 skilja og nota verkferla formlega/skr\u00e1\u00f0a \u00fear sem sl\u00edkt er fyrir hendi. Fjalla\u00f0 er almennt um starfsumhverfi og menningu fyrirt\u00e6kja \u00ed fer\u00f0a\u00fej\u00f3nustu og hva\u00f0 \u00fearf til a\u00f0 n\u00e1 \u00e1rangri \u00ed rekstri minni og me\u00f0alst\u00f3rra fyrirt\u00e6kja. \u00c1hersla \u00e1 a\u00f0 efla skilning og h\u00e6fni nema til a\u00f0 n\u00fdta verkferla, skr\u00e1\u00f0a og \u00f3skr\u00e1\u00f0a. ", "knowledge_goals": ["starfsumhverfi fyrirt\u00e6kis \u00ed fer\u00f0a\u00fej\u00f3nustu", "mikilv\u00e6gi \u00feess a\u00f0 vinna eftir verkferlum", "menningu fyrirt\u00e6kja \u00ed fer\u00f0a\u00fej\u00f3nustu."], "skills_goals": ["vinna eftir skipulegum verkferlum", "mi\u00f0la menningu fyrirt\u00e6kisins."], "credits": 10, "last_modified": 1608127720.91319, "schools": ["524aa78b62933a493f000366"], "coauthors": null, "instructions": "", "continued_education": true, "level": 1, "prerequisites": "A\u00f0gangur a\u00f0 n\u00e1mslei\u00f0inni \u2013 mat fr\u00e6\u00f0slua\u00f0ila", "author": "e13ba395-4824-480a-a14e-0f4072c41b79", "abbreviation_version": null, "competence_goals": [["taka \u00fe\u00e1tt \u00ed formlegu skipulagi vinnusta\u00f0arins til a\u00f0 n\u00e1 \u00e1rangri", ""], ["s\u00fdna skilning \u00e1 innra og ytra starfsumhverfi fyrirt\u00e6kisins.", ""]], "_id": "5fda14e8e3d27f390300080c"}, {"exemplary": null, "topics": "Starfsh\u00e6fni \u00e1 vinnumarka\u00f0i", "abbreviation": "F-ALSH1SH", "former_schools": null, "subject": "Almenn starfsh\u00e6fni", "title": "Starfsh\u00e6fni \u2013 \u00fej\u00f3nusta", "version": 5, "status_trans": "Sam\u00feykkt af sk\u00f3la", "embedded_subject": {"abbreviation": "ALSH", "topics": [{"abbreviation": "AH", "topics": ["A\u00f0l\u00f6gunarh\u00e6fni"]}, {"abbreviation": "A\u00de", "topics": ["A\u00f0lagast mj\u00f6g fj\u00f6lbreyttum \u00fe\u00f6rfum"]}, {"abbreviation": "NV", "topics": ["Notar ver\u00f0m\u00e6ti \u00e1 hagkv\u00e6man h\u00e1tt"]}, {"abbreviation": "ST", "topics": ["Stu\u00f0lar a\u00f0 tj\u00e1skiptum vi\u00f0 a\u00f0ra"]}, {"abbreviation": "FF", "topics": ["Fj\u00f6lbreytni mannl\u00edfs og eigin ford\u00f3mar"]}, {"abbreviation": "VM", "topics": ["Vegur og metur hugmyndir og uppl\u00fdsingar \u00e1 hlutl\u00e6gan h\u00e1tt vi\u00f0 \u00e1kvar\u00f0anat\u00f6ku"]}, {"abbreviation": "S\u00de", "topics": ["Sam\u00fe\u00e6ttir og t\u00falkar vi\u00f0t\u00e6kar og fl\u00f3knar uppl\u00fdsingar"]}, {"abbreviation": "\u00c1N", "topics": ["\u00c1byrg n\u00fdting"]}, {"abbreviation": "SS", "topics": ["Samskipti"]}, {"abbreviation": "JV", "topics": ["Jafnr\u00e9ttisvitund"]}, {"abbreviation": "ML", "topics": ["Mat og lausnir"]}, {"abbreviation": "SV", "topics": ["Samvinna"]}, {"abbreviation": "S\u00c1", "topics": ["Skipulag og \u00e1\u00e6tlanir"]}, {"abbreviation": "SF", "topics": ["Starfs\u00fer\u00f3un og f\u00e6rniefling"]}, {"abbreviation": "S\u00da", "topics": ["S\u00f6fnun og \u00farvinnsla uppl\u00fdsinga"]}, {"abbreviation": "VG", "topics": ["Vinnusi\u00f0fer\u00f0i og gildi"]}, {"abbreviation": "\u00d6V", "topics": ["\u00d6ryggisvitund"]}, {"abbreviation": "UT", "topics": ["Uppl\u00fdsingat\u00e6kni"]}, {"abbreviation": "RI", "topics": ["Ritun"]}, {"abbreviation": "\u00c1S", "topics": ["samskipti", "sj\u00e1lfstraust", "\u00e1skoranir"]}, {"abbreviation": "SH", "topics": ["Starfsh\u00e6fni \u00e1 vinnumarka\u00f0i"]}, {"abbreviation": "AS", "topics": ["\u00c1rangursr\u00edk samskipti."]}, {"abbreviation": "S\u00cd", "topics": ["S\u00edmenntun", "frammista\u00f0a", "starfs\u00fer\u00f3un"]}, {"abbreviation": "JF", "topics": ["Jafnr\u00e9tti"]}, {"abbreviation": "SJ", "topics": ["Sj\u00e1lfstraust"]}, {"abbreviation": "\u00c1R", "topics": ["\u00c1rangursr\u00edk samskipti"]}], "_id": "5460c52e62933a4d76000b73", "subjects": ["Almenn starfsh\u00e6fni"], "counter": {"1": 4, "3": 36, "2": 18, "4": 0}}, "evaluation": "S\u00edmat me\u00f0 fj\u00f6lbreyttum matsa\u00f0fer\u00f0um og \u00e1herslu \u00e1 lei\u00f0sagnarmat sem byggir \u00e1 virkni nema. \u00cdtarleg matsvi\u00f0mi\u00f0 fyrir almenna starfsh\u00e6fni m\u00e1 finna \u00e1 heimas\u00ed\u00f0u Fr\u00e6\u00f0slumi\u00f0st\u00f6\u00f0var atvinnul\u00edfsins. ", "categorization_suggestion": null, "embedded_topics": {"abbreviation": "SH", "topics": ["Starfsh\u00e6fni \u00e1 vinnumarka\u00f0i"]}, "status": "approved by school", "description": "Tilgangur n\u00e1ms\u00fe\u00e1ttarins er a\u00f0 efla almenna starfsh\u00e6fni sem nau\u00f0synleg er \u00e1 vinnumarka\u00f0i. \u00c1tt er vi\u00f0 pers\u00f3nulega h\u00e6fni sem einstaklingur \u00fearf a\u00f0 b\u00faa yfir til a\u00f0 taka \u00fe\u00e1tt \u00ed samf\u00e9laginu, sinna starfi \u00e1 \u00e1rangursr\u00edkan h\u00e1tt undir lei\u00f0s\u00f6gn og \u00fer\u00f3ast \u00ed starfi. Almenna starfsh\u00e6fnin er mikilv\u00e6g b\u00e6\u00f0i \u00e1 vinnusta\u00f0 og \u00ed samf\u00e9laginu en \u00e1 hana reynir \u00e1 mismunandi h\u00e1tt eftir a\u00f0st\u00e6\u00f0um og st\u00f6rfum. Almenn starfsh\u00e6fni felur annars vegar \u00ed s\u00e9r h\u00e6fni til samstarfs (samskipti, samvinna, og jafnr\u00e9ttisvitund/umbur\u00f0arlyndi) og hins vegar h\u00e6fni til a\u00f0 s\u00fdna v\u00f6ndu\u00f0 vinnubr\u00f6g\u00f0 (a\u00f0l\u00f6gun, n\u00fdtni, skipulagning, d\u00f3mgreind, vinnusi\u00f0fer\u00f0i, \u00f6ryggisvitund, uppl\u00fdsinga\u00farvinnsla og \u00e1byrg\u00f0 \u00e1 eigin f\u00e6rnieflingu). \u00cd n\u00e1minu er starfsh\u00e6fnin \u00fej\u00e1lfu\u00f0 me\u00f0 fj\u00f6lbreyttum a\u00f0fer\u00f0um \u00ed tengslum vi\u00f0 vi\u00f0fangsefni og \u00farlausnarefni sem sta\u00f0i\u00f0 er frammi fyrir \u00ed starfi, einkal\u00edfi e\u00f0a \u00ed samf\u00e9laginu. ", "knowledge_goals": ["vi\u00f0urkenndum og \u00e1rangursr\u00edkum samskiptalei\u00f0um", "mikilv\u00e6gi li\u00f0sheildar \u00ed samvinnu til \u00e1rangurs", "ska\u00f0semi ford\u00f3ma fyrir f\u00f3lk og rekstur fyrirt\u00e6kja", "hvar leita m\u00e1 a\u00f0 vi\u00f0eigandi og traustum uppl\u00fdsingum", "starfsreglum vinnusta\u00f0ar", "mikilv\u00e6gi hagkv\u00e6mni og n\u00fdtni \u00ed rekstri", "\u00f6ryggisreglum vinnusta\u00f0ar."], "skills_goals": ["vinna me\u00f0 \u00f6\u00f0rum til a\u00f0 n\u00e1 markmi\u00f0um h\u00f3psins", "leita a\u00f0 uppl\u00fdsingum fr\u00e1 vi\u00f0eigandi a\u00f0ilum/heimildum", "\u00feekkja og sty\u00f0ja starfa- og si\u00f0areglur vinnusta\u00f0arins", "n\u00fdta ver\u00f0m\u00e6ti \u00e1 hagkv\u00e6man og skynsamlegan h\u00e1tt", "laga sig a\u00f0 a\u00f0st\u00e6\u00f0um til a\u00f0 n\u00e1 \u00e1rangri", "koma auga \u00e1 a\u00f0st\u00e6\u00f0ur sem geta valdi\u00f0 h\u00e6ttu."], "credits": 40, "last_modified": 1608199437.191453, "schools": ["524aa78b62933a493f000366"], "coauthors": null, "instructions": "", "continued_education": true, "level": 1, "prerequisites": "A\u00f0gangur a\u00f0 n\u00e1mslei\u00f0inni \u2013 mat fr\u00e6\u00f0slua\u00f0ila", "author": "e13ba395-4824-480a-a14e-0f4072c41b79", "abbreviation_version": null, "competence_goals": [["setja fram uppl\u00fdsingar \u00e1 sk\u00fdran h\u00e1tt", ""], ["gera s\u00e9r grein fyrir fj\u00f6lbreytni mannl\u00edfs og eigin ford\u00f3mum", ""], ["vinna \u00far fj\u00f6lbreyttum uppl\u00fdsingum", ""], ["s\u00fdna \u00ed verki skilning \u00e1 si\u00f0areglum og gildum vinnusta\u00f0arins", ""], ["nota ver\u00f0m\u00e6ti \u00e1 hagkv\u00e6man h\u00e1tt", ""], ["n\u00fdta n\u00e1mst\u00e6kif\u00e6ri \u00ed umhverfinu", ""], ["fara eftir reglum um \u00f6ryggi og hollustu.", ""]], "_id": "5fdb2d0de3d27fffd1000410"}, {"exemplary": null, "topics": "Vi\u00f0skiptavinurinn", "abbreviation": "F-STSH2VV", "former_schools": null, "subject": "S\u00e9rt\u00e6k starfsh\u00e6fni", "title": "Vi\u00f0skiptavinurinn \u00ed brennidepli - \u00fej\u00f3nusta", "version": 34, "status_trans": "Sam\u00feykkt af sk\u00f3la", "embedded_subject": {"abbreviation": "STSH", "topics": [{"abbreviation": "UT", "topics": ["Uppl\u00fdsingat\u00e6kni"]}, {"abbreviation": "RI", "topics": ["Ritun"]}, {"abbreviation": "VL", "topics": ["A\u00f0 vinna a\u00f0 lausnum"]}, {"abbreviation": "V\u00c1", "topics": ["A\u00f0 vinna undir \u00e1lagi"]}, {"abbreviation": "S\u00de", "topics": ["Starfs\u00fer\u00f3un"]}, {"abbreviation": "\u00c1S", "topics": ["\u00c1rangurss\u00e6kni"]}, {"abbreviation": "FK", "topics": ["Frumkv\u00e6\u00f0i"]}, {"abbreviation": "NN", "topics": ["Natni og n\u00e1kv\u00e6mni"]}, {"abbreviation": "ST", "topics": ["Sj\u00e1lfstraust"]}, {"abbreviation": "SS", "topics": ["Skilningur \u00e1 starfseminni"]}, {"abbreviation": "SV", "topics": ["S\u00f6luvarningur og sm\u00e1sala"]}, {"abbreviation": "VS", "topics": ["Verslunarstarfsemi"]}, {"abbreviation": "V\u00de", "topics": ["V\u00f6ru\u00feekking"]}, {"abbreviation": "VV", "topics": ["Vi\u00f0skiptavinurinn"]}, {"abbreviation": "SF", "topics": ["S\u00f6luferli"]}, {"abbreviation": "LV", "topics": ["Lokaverkefni"]}, {"abbreviation": "\u00deJ", "topics": ["Starfs\u00fej\u00e1lfun"]}, {"abbreviation": "GV", "topics": ["G\u00e6\u00f0avitund"]}, {"abbreviation": "LS", "topics": ["L\u00f6ggj\u00f6f", "ferlar og sta\u00f0lar", "stefna"]}, {"abbreviation": "SU", "topics": ["Stj\u00f3rnun uppl\u00fdsinga"]}, {"abbreviation": "TF", "topics": ["T\u00edmastj\u00f3rnun og forgangsr\u00f6\u00f0un"]}, {"abbreviation": "FM", "topics": ["Fj\u00f6lmenning"]}, {"abbreviation": "S\u00c1", "topics": ["Sj\u00e1lfstj\u00f3rn"]}, {"abbreviation": "VE", "topics": ["Vell\u00ed\u00f0an"]}, {"abbreviation": "\u00deS", "topics": ["seigla", "\u00derautseigja"]}, {"abbreviation": "\u00c1R", "topics": ["\u00c1rangursr\u00edk samskipti"]}, {"abbreviation": "\u00deU", "topics": ["\u00deekking \u00e1 starfsumhverfi"]}, {"abbreviation": "SJ", "topics": ["Skilningur \u00e1 starfseminni - fer\u00f0a\u00fej\u00f3nusta"]}], "_id": "5458b6dd62933a61b20023f3", "subjects": ["S\u00e9rt\u00e6k starfsh\u00e6fni"], "counter": {"1": 19, "3": 18, "2": 33, "4": 0}}, "evaluation": "S\u00edmat me\u00f0 fj\u00f6lbreyttum matsa\u00f0fer\u00f0um og \u00e1herslu \u00e1 lei\u00f0sagnarmat sem byggir \u00e1 virkni nema.", "categorization_suggestion": null, "embedded_topics": {"abbreviation": "VV", "topics": ["Vi\u00f0skiptavinurinn"]}, "status": "approved by school", "description": "N\u00e1ms\u00fe\u00e6ttinum er \u00e6tla\u00f0 a\u00f0 efla n\u00e1msf\u00f3lk \u00ed a\u00f0 veita vi\u00f0skiptavinum fram\u00farskarandi \u00fej\u00f3nustu. S\u00e9rst\u00f6k \u00e1hersla er \u00e1 h\u00e6fni nema \u00ed a\u00f0 stofna til og vi\u00f0halda tengslum vi\u00f0 vi\u00f0skiptavini. Fjalla\u00f0 er um mikilv\u00e6gi \u00feess a\u00f0 breg\u00f0ast vi\u00f0 helstu \u00f3skum og \u00fe\u00f6rfum vi\u00f0skiptavina \u00e1 hra\u00f0an og \u00f6ruggan h\u00e1tt. \u00dej\u00e1lfa\u00f0 hvernig m\u00f6gulegt er a\u00f0 lesa \u00ed vi\u00f0skiptavininn um hvort og hvernig \u00f3skir/\u00fearfir hafi veri\u00f0 uppfylltar; hvernig heppilegt geti veri\u00f0 a\u00f0 tilkynna um breytingar \u00e1 \u00fej\u00f3nustu/v\u00f6ru; \u00fej\u00e1lfun \u00ed forgangsr\u00f6\u00f0un verkefna/m\u00e1la \u00ed tengslum vi\u00f0 vi\u00f0skiptavini.", "knowledge_goals": ["mikilv\u00e6gi fyrirmyndar \u00fej\u00f3nustu", "kurteisi \u00ed framkomu", "forgangsr\u00f6\u00f0un \u00e1 verkefnum starfs."], "skills_goals": ["veita fyrirmyndar \u00fej\u00f3nustu", "stofna til og vi\u00f0halda tengslum vi\u00f0 vi\u00f0skiptavini (\u2013 me\u00f0an dv\u00f6l varir)", "\u00f6ruggri og kurteislegri framkomu \u00ed hv\u00edvetna", "forgangsra\u00f0a \u00fej\u00f3nustum\u00e1lum eftir mikilv\u00e6gi."], "credits": 10, "last_modified": 1608129431.993791, "schools": ["524aa78b62933a493f000366"], "coauthors": null, "instructions": "", "continued_education": true, "level": 2, "prerequisites": "A\u00f0gangur a\u00f0 n\u00e1mslei\u00f0inni \u2013 mat fr\u00e6\u00f0slua\u00f0ila", "author": "e13ba395-4824-480a-a14e-0f4072c41b79", "abbreviation_version": null, "competence_goals": [["gera s\u00e9r grein fyrir hvort a\u00f0 \u00fe\u00f6rf vi\u00f0skiptavinarins hafi veri\u00f0 m\u00e6tt", ""], ["mi\u00f0la til vi\u00f0skiptavina/birgja \u00feegar breytingar \u00e1 starfsemi/\u00fej\u00f3nustu ver\u00f0a og \u00e1hrif breytingar kunna a\u00f0 valda", ""], ["leysa m\u00e1l vi\u00f0skiptavina af hendi eftir mikilv\u00e6gisr\u00f6\u00f0 (\u201elj\u00faka verki sem sinnt er hverju sinni\u201c).", ""]], "_id": "5fda1b97e3d27f3903000879"}, {"exemplary": null, "topics": "\u00c1rangursr\u00edk samskipti", "abbreviation": "F-ALSH2\u00c1R", "former_schools": null, "subject": "Almenn starfsh\u00e6fni", "title": "\u00c1rangursr\u00edk samskipti \u2013 \u00fej\u00f3nusta", "version": 19, "status_trans": "Sam\u00feykkt af sk\u00f3la", "embedded_subject": {"abbreviation": "ALSH", "topics": [{"abbreviation": "AH", "topics": ["A\u00f0l\u00f6gunarh\u00e6fni"]}, {"abbreviation": "A\u00de", "topics": ["A\u00f0lagast mj\u00f6g fj\u00f6lbreyttum \u00fe\u00f6rfum"]}, {"abbreviation": "NV", "topics": ["Notar ver\u00f0m\u00e6ti \u00e1 hagkv\u00e6man h\u00e1tt"]}, {"abbreviation": "ST", "topics": ["Stu\u00f0lar a\u00f0 tj\u00e1skiptum vi\u00f0 a\u00f0ra"]}, {"abbreviation": "FF", "topics": ["Fj\u00f6lbreytni mannl\u00edfs og eigin ford\u00f3mar"]}, {"abbreviation": "VM", "topics": ["Vegur og metur hugmyndir og uppl\u00fdsingar \u00e1 hlutl\u00e6gan h\u00e1tt vi\u00f0 \u00e1kvar\u00f0anat\u00f6ku"]}, {"abbreviation": "S\u00de", "topics": ["Sam\u00fe\u00e6ttir og t\u00falkar vi\u00f0t\u00e6kar og fl\u00f3knar uppl\u00fdsingar"]}, {"abbreviation": "\u00c1N", "topics": ["\u00c1byrg n\u00fdting"]}, {"abbreviation": "SS", "topics": ["Samskipti"]}, {"abbreviation": "JV", "topics": ["Jafnr\u00e9ttisvitund"]}, {"abbreviation": "ML", "topics": ["Mat og lausnir"]}, {"abbreviation": "SV", "topics": ["Samvinna"]}, {"abbreviation": "S\u00c1", "topics": ["Skipulag og \u00e1\u00e6tlanir"]}, {"abbreviation": "SF", "topics": ["Starfs\u00fer\u00f3un og f\u00e6rniefling"]}, {"abbreviation": "S\u00da", "topics": ["S\u00f6fnun og \u00farvinnsla uppl\u00fdsinga"]}, {"abbreviation": "VG", "topics": ["Vinnusi\u00f0fer\u00f0i og gildi"]}, {"abbreviation": "\u00d6V", "topics": ["\u00d6ryggisvitund"]}, {"abbreviation": "UT", "topics": ["Uppl\u00fdsingat\u00e6kni"]}, {"abbreviation": "RI", "topics": ["Ritun"]}, {"abbreviation": "\u00c1S", "topics": ["samskipti", "sj\u00e1lfstraust", "\u00e1skoranir"]}, {"abbreviation": "SH", "topics": ["Starfsh\u00e6fni \u00e1 vinnumarka\u00f0i"]}, {"abbreviation": "AS", "topics": ["\u00c1rangursr\u00edk samskipti."]}, {"abbreviation": "S\u00cd", "topics": ["S\u00edmenntun", "frammista\u00f0a", "starfs\u00fer\u00f3un"]}, {"abbreviation": "JF", "topics": ["Jafnr\u00e9tti"]}, {"abbreviation": "SJ", "topics": ["Sj\u00e1lfstraust"]}, {"abbreviation": "\u00c1R", "topics": ["\u00c1rangursr\u00edk samskipti"]}], "_id": "5460c52e62933a4d76000b73", "subjects": ["Almenn starfsh\u00e6fni"], "counter": {"1": 4, "3": 36, "2": 18, "4": 0}}, "evaluation": "S\u00edmat me\u00f0 fj\u00f6lbreyttum matsa\u00f0fer\u00f0um og \u00e1herslu \u00e1 lei\u00f0sagnarmat sem byggir \u00e1 virkni nema.", "categorization_suggestion": null, "embedded_topics": {"abbreviation": "\u00c1R", "topics": ["\u00c1rangursr\u00edk samskipti"]}, "status": "approved by school", "description": "N\u00e1ms\u00fe\u00e6ttinum er \u00e6tla\u00f0 a\u00f0 efla n\u00e1msf\u00f3lk \u00ed a\u00f0 hlusta \u00e1 a\u00f0ra, tj\u00e1 sig sk\u00fdrt og stu\u00f0la a\u00f0 opnum samskiptum me\u00f0 \u00e1herslu \u00e1 h\u00e6fni \u00ed a\u00f0 stu\u00f0la a\u00f0 tj\u00e1skiptum vi\u00f0 a\u00f0ra. Auka \u00f6ryggi \u00ed framkomu me\u00f0 \u00e1herslu \u00e1 \u00fej\u00e1lfun \u00ed mannlegum samskiptum. \u00dej\u00e1lfu\u00f0 er leikni vi\u00f0 a\u00f0 hlusta, r\u00e6\u00f0a m\u00e1lin og leysa \u00e1greining. Fjalla\u00f0 er um l\u00edkamstj\u00e1ningu, a\u00f0 setja f\u00f3lki m\u00f6rk og \u00e1kj\u00f3sanleg vi\u00f0br\u00f6g\u00f0 vi\u00f0 j\u00e1kv\u00e6\u00f0ri og neikv\u00e6\u00f0ri gagnr\u00fdni.", "knowledge_goals": ["\u00e1hrifa\u00fe\u00e1ttum gagnvart sj\u00e1lfstrausti og vell\u00ed\u00f0an", "gildi g\u00f3\u00f0ra samskipta", "mikilv\u00e6gi virkrar hlustunar."], "skills_goals": ["s\u00fdna j\u00e1kv\u00e6\u00f0 vi\u00f0br\u00f6g\u00f0 vi\u00f0 \u00f3l\u00edkar a\u00f0st\u00e6\u00f0ur", "hlusta \u00e1 virkan h\u00e1tt", "tj\u00e1 eigin sko\u00f0anir \u00ed h\u00f3pi."], "credits": 10, "last_modified": 1608198583.464886, "schools": ["524aa78b62933a493f000366"], "coauthors": null, "instructions": "", "continued_education": true, "level": 2, "prerequisites": "A\u00f0gangur a\u00f0 n\u00e1mslei\u00f0inni \u2013 mat fr\u00e6\u00f0slua\u00f0ila", "author": "e13ba395-4824-480a-a14e-0f4072c41b79", "abbreviation_version": null, "competence_goals": [["bera vir\u00f0ingu fyrir sko\u00f0unum annarra \u00ed eigin tj\u00e1skiptum", ""], ["eiga opin og hei\u00f0arleg tj\u00e1skipti vi\u00f0 a\u00f0ra", ""], ["vera sj\u00e1lfum s\u00e9r samkv\u00e6m/-ur \u00ed tj\u00e1skiptum vi\u00f0 a\u00f0ra", ""], ["s\u00fdna frumkv\u00e6\u00f0i \u00ed samskiptum.", ""]], "_id": "5fdb29b7e3d27fffd100035d"}, {"exemplary": null, "topics": "\u00deekking \u00e1 starfsumhverfi", "abbreviation": "F-STSH1\u00deU", "former_schools": null, "subject": "S\u00e9rt\u00e6k starfsh\u00e6fni", "title": "\u00deekking \u00e1 starfsumhverfi - \u00fej\u00f3nusta", "version": 22, "status_trans": "Sam\u00feykkt af sk\u00f3la", "embedded_subject": {"abbreviation": "STSH", "topics": [{"abbreviation": "UT", "topics": ["Uppl\u00fdsingat\u00e6kni"]}, {"abbreviation": "RI", "topics": ["Ritun"]}, {"abbreviation": "VL", "topics": ["A\u00f0 vinna a\u00f0 lausnum"]}, {"abbreviation": "V\u00c1", "topics": ["A\u00f0 vinna undir \u00e1lagi"]}, {"abbreviation": "S\u00de", "topics": ["Starfs\u00fer\u00f3un"]}, {"abbreviation": "\u00c1S", "topics": ["\u00c1rangurss\u00e6kni"]}, {"abbreviation": "FK", "topics": ["Frumkv\u00e6\u00f0i"]}, {"abbreviation": "NN", "topics": ["Natni og n\u00e1kv\u00e6mni"]}, {"abbreviation": "ST", "topics": ["Sj\u00e1lfstraust"]}, {"abbreviation": "SS", "topics": ["Skilningur \u00e1 starfseminni"]}, {"abbreviation": "SV", "topics": ["S\u00f6luvarningur og sm\u00e1sala"]}, {"abbreviation": "VS", "topics": ["Verslunarstarfsemi"]}, {"abbreviation": "V\u00de", "topics": ["V\u00f6ru\u00feekking"]}, {"abbreviation": "VV", "topics": ["Vi\u00f0skiptavinurinn"]}, {"abbreviation": "SF", "topics": ["S\u00f6luferli"]}, {"abbreviation": "LV", "topics": ["Lokaverkefni"]}, {"abbreviation": "\u00deJ", "topics": ["Starfs\u00fej\u00e1lfun"]}, {"abbreviation": "GV", "topics": ["G\u00e6\u00f0avitund"]}, {"abbreviation": "LS", "topics": ["L\u00f6ggj\u00f6f", "ferlar og sta\u00f0lar", "stefna"]}, {"abbreviation": "SU", "topics": ["Stj\u00f3rnun uppl\u00fdsinga"]}, {"abbreviation": "TF", "topics": ["T\u00edmastj\u00f3rnun og forgangsr\u00f6\u00f0un"]}, {"abbreviation": "FM", "topics": ["Fj\u00f6lmenning"]}, {"abbreviation": "S\u00c1", "topics": ["Sj\u00e1lfstj\u00f3rn"]}, {"abbreviation": "VE", "topics": ["Vell\u00ed\u00f0an"]}, {"abbreviation": "\u00deS", "topics": ["seigla", "\u00derautseigja"]}, {"abbreviation": "\u00c1R", "topics": ["\u00c1rangursr\u00edk samskipti"]}, {"abbreviation": "\u00deU", "topics": ["\u00deekking \u00e1 starfsumhverfi"]}, {"abbreviation": "SJ", "topics": ["Skilningur \u00e1 starfseminni - fer\u00f0a\u00fej\u00f3nusta"]}], "_id": "5458b6dd62933a61b20023f3", "subjects": ["S\u00e9rt\u00e6k starfsh\u00e6fni"], "counter": {"1": 19, "3": 18, "2": 33, "4": 0}}, "evaluation": "S\u00edmat me\u00f0 fj\u00f6lbreyttum matsa\u00f0fer\u00f0um og \u00e1herslu \u00e1 lei\u00f0sagnarmat sem byggir \u00e1 virkni nema.", "categorization_suggestion": null, "embedded_topics": {"abbreviation": "\u00deU", "topics": ["\u00deekking \u00e1 starfsumhverfi"]}, "status": "approved by school", "description": "N\u00e1ms\u00fe\u00e6ttinum er \u00e6tla\u00f0 a\u00f0 efla n\u00e1msf\u00f3lk \u00ed a\u00f0 skilja hvernig eigin vinnusta\u00f0ur tengist starfsgreininni og starfsumhverfinu sem heild. Einnig hvernig skyldar starfsgreinar tengjast starfsumhverfinu me\u00f0 \u00e1herslu \u00e1 almenna \u00feekkingu nema \u00e1 starfsumhverfi og h\u00e6fni til a\u00f0 n\u00fdta s\u00e9r \u00feekkingu vi\u00f0 afmarka\u00f0ar og einfaldar a\u00f0st\u00e6\u00f0ur. Fjalla\u00f0 er um fj\u00f6lbreytt starfsumhverfi \u00ed v\u00ed\u00f0um skilningi og mikilv\u00e6gi \u00feekkingar \u00e1 starfsumhverfi til a\u00f0 auka \u00e1 \u00f6ryggi og vell\u00ed\u00f0an. R\u00e6ddar hugmyndir og sta\u00f0reyndir \u00ed tengslum vi\u00f0 forsendur vi\u00f0skiptavina og \u00fej\u00f3nustu fyrirt\u00e6kisins.  ", "knowledge_goals": ["starfsumhverfi starfsgreinarinnar", "tengslum skyldra starfsgreina vi\u00f0 starfsumhverfi\u00f0."], "skills_goals": ["n\u00fdta \u00feekkingu \u00e1 starfsumhverfi af \u00f6ryggi", "mi\u00f0la \u00feekkingu \u00e1 starfsumhverfi."], "credits": 10, "last_modified": 1608128293.387031, "schools": ["524aa78b62933a493f000366"], "coauthors": null, "instructions": "", "continued_education": true, "level": 1, "prerequisites": "A\u00f0gangur a\u00f0 n\u00e1mslei\u00f0inni \u2013 mat fr\u00e6\u00f0slua\u00f0ila", "author": "e13ba395-4824-480a-a14e-0f4072c41b79", "abbreviation_version": null, "competence_goals": [["tengja vi\u00f0 hverjum fyrirt\u00e6ki\u00f0 \u00fej\u00f3nar", ""], ["s\u00fdna skilning \u00e1 forsendum vi\u00f0skiptavina.", ""]], "_id": "5fda1725e3d27f3903000839"}]}], "description": "N\u00e1mskr\u00e1in Fer\u00f0a\u00fej\u00f3nusta I l\u00fdsir n\u00e1mi \u00e1 fyrsta \u00ferepi h\u00e6fniramma um \u00edslenska menntun. N\u00e1mskr\u00e1in tengist starfapr\u00f3f\u00edlum \u00ed fer\u00f0a\u00fej\u00f3nustu, fj\u00f6lbreyttum st\u00f6rfum \u00e1 vettvangi fer\u00f0a\u00fej\u00f3nustu og eldri n\u00e1mskr\u00e1m \u00ed fer\u00f0a\u00fej\u00f3nustu. N\u00e1mi\u00f0 er \u00e6tla\u00f0 \u00feeim sem eru a\u00f0 st\u00edga fyrstu skrefin \u00ed starfi vi\u00f0 fer\u00f0a\u00fej\u00f3nustu e\u00f0a hafa hug \u00e1 a\u00f0 sinna sl\u00edkum st\u00f6rfum. Markmi\u00f0 n\u00e1msins er a\u00f0 f\u00f3lk sem l\u00fdkur n\u00e1minu ver\u00f0i f\u00e6rt um a\u00f0 starfa undir umsj\u00f3n reyndari starfsmanna en me\u00f0 nokkru sj\u00e1lfst\u00e6\u00f0i \u00ed afm\u00f6rku\u00f0um vi\u00f0fangsefnum vi\u00f0 algeng st\u00f6rf sem tengjast m\u00f3tt\u00f6ku og \u00fej\u00f3nustu vi\u00f0 fj\u00f6lbreyttan h\u00f3p fer\u00f0amanna og jafnframt a\u00f0 vera g\u00f3\u00f0ur undirb\u00faningur fyrir frekara n\u00e1m \u00e1 svi\u00f0i fer\u00f0a\u00fej\u00f3nustu eins og til d\u00e6mis fyrir n\u00e1m samkv\u00e6mt n\u00e1msk\u00e1nni Fer\u00f0a\u00fej\u00f3nusta II. Tilgangur n\u00e1msins er a\u00f0 styrkja j\u00e1kv\u00e6\u00f0 vi\u00f0horf nemanna til starfsgreinarinnar sem og til eigin f\u00e6rni; a\u00f0 undirb\u00faa n\u00e1msf\u00f3lk undir a\u00f0 takast \u00e1 vi\u00f0 helstu vi\u00f0fangsefni algengra starfa \u00ed \u00edslenskri fer\u00f0a\u00fej\u00f3nustu, s\u00e9rstaklega \u00e1 svi\u00f0i m\u00f3tt\u00f6ku og \u00fej\u00f3nustu vi\u00f0 fer\u00f0af\u00f3lk og a\u00f0 efla almenna starfsh\u00e6fni n\u00e1msf\u00f3lks. N\u00e1mi\u00f0 er 100 klukkustundir a\u00f0 lengd, sj\u00f6 n\u00e1ms\u00fe\u00e6ttir og 5 einingar \u00e1 framhaldssk\u00f3lastigi. Vi\u00f0 n\u00e1mslok er m\u00f6guleiki \u00e1 a\u00f0 \u00f3ska eftir mati \u00e1 n\u00e1minu \u00ed framhaldssk\u00f3la. Sl\u00edkt mat getur veri\u00f0 breytilegt eftir n\u00e1msbrautum og sk\u00f3lum en sk\u00f3lastj\u00f3rnendur hvers sk\u00f3la eru \u00e1byrgir fyrir mati sk\u00f3lans \u00e1 n\u00e1mi fr\u00e1 \u00f6\u00f0rum fr\u00e6\u00f0slustofnunum.", "tags": "\u00de\u00de", "rules": null, "onsite_training": "Verk\u00fej\u00e1lfun skal fara fram samhli\u00f0a n\u00e1minu til a\u00f0 sty\u00f0ja vi\u00f0 yfirf\u00e6rslu n\u00e1ms og vera vi\u00f0 eins raunverulegar a\u00f0st\u00e6\u00f0ur og nokkur kostur er.", "programme_type": {}, "free_choice_description": "V\u00edsa\u00f0 er til n\u00e1mskr\u00e1rinnar \u00e1 vef FA um till\u00f6gu a\u00f0 \u00fatf\u00e6rslu \u00e1 r\u00f6\u00f0un n\u00e1ms\u00fe\u00e1tta \u00ed \u00ferj\u00fa heildst\u00e6\u00f0 n\u00e1mskei\u00f0 til a\u00f0 lj\u00faka n\u00e1mskr\u00e1nni.", "credits": 100, "last_modified": 1610637781.47195, "exam_id": null, "title_of_core": null, "schools": ["524aa78b62933a493f000366"], "free_choice_flag": true, "continued_education": true, "prerequisites": "N\u00e1mi\u00f0 er \u00e6tla\u00f0 fullor\u00f0nu f\u00f3lki \u00e1 vinnumarka\u00f0i me\u00f0 \u00fe\u00e1 h\u00e6fni sem \u00fearf til a\u00f0 takast \u00e1 vi\u00f0 alla hluta n\u00e1msins.", "target_groups": [{"name_trans": "einstaklingar me\u00f0 stutta sk\u00f3lag\u00f6ngu a\u00f0 baki", "_id": "5122ea81c8b511063e000000", "name": "Individuals with little formal education"}, {"name_trans": "einstaklingar \u00e1 vinnumarka\u00f0i me\u00f0 stutta formlega sk\u00f3lag\u00f6ngu a\u00f0 baki", "_id": "5122ea81c8b511063e000002", "name": "Employed individuals with little formal eduation"}, {"name_trans": "einstaklingar sem vilja efla starfsh\u00e6fni s\u00edna", "_id": "5122ea81c8b511063e000004", "name": "Individuals who want to strengthen their competence"}, {"name_trans": "starfsmenn \u00ed atvinnul\u00edfi me\u00f0 \u00fe\u00f6rf fyrir aukna \u00feekkingu og h\u00e6fni,", "_id": "5122ea81c8b511063e000006", "name": "Employed individuals with a need to increase their knowledge and competence"}, {"name_trans": "einstaklingar sem b\u00faa vi\u00f0 skerta m\u00f6guleika til n\u00e1ms e\u00f0a atvinnu\u00fe\u00e1ttt\u00f6ku", "_id": "5122ea81c8b511063e000008", "name": "Individuals with restricted education or employment opportunities"}, {"name_trans": "einstaklingar me\u00f0 \u00fe\u00f6rf fyrir a\u00f0 afla vi\u00f0urkenningar \u00e1 gildi n\u00e1ms sem fellur utan hins formlega framhaldssk\u00f3la- og h\u00e1sk\u00f3lakerfis", "_id": "5122ea81c8b511063e00000a", "name": "Individuals with a need to certify the value of education outside formal education"}, {"name_trans": "einstaklingar me\u00f0 n\u00e1m og reynslu sem afla\u00f0 hefur veri\u00f0 utan hins formlega sk\u00f3lakerfis", "_id": "5122ea81c8b511063e00000c", "name": "Individuals with education and experience obtained outside the formal education system"}], "competence_goals": ["N\u00e1msma\u00f0ur skal hafa \u00f6\u00f0last \u00feekkingu og skilning \u00e1 helstu uppl\u00fdsingaveitum um fer\u00f0a\u00fej\u00f3nustu \u00e1 \u00cdslandi", "N\u00e1msma\u00f0ur skal hafa \u00f6\u00f0last \u00feekkingu og skilning \u00e1 helstu notendum og hagsmunaa\u00f0ilum fer\u00f0a\u00fej\u00f3nustu \u00e1 \u00cdslandi", "N\u00e1msma\u00f0ur skal hafa \u00f6\u00f0last \u00feekkingu og skilning \u00e1 helstu \u00e1fangast\u00f6\u00f0um \u00ed n\u00e6rumhverfi s\u00ednu", "N\u00e1msma\u00f0ur skal hafa \u00f6\u00f0last \u00feekkingu og skilning \u00e1 \u00e1hrifum eigin frammist\u00f6\u00f0u \u00e1 \u00e1rangur vinnusta\u00f0arins.", "N\u00e1msma\u00f0ur skal hafa \u00f6\u00f0last leikni \u00ed a\u00f0 veita g\u00e6\u00f0a\u00fej\u00f3nustu \u00ed samr\u00e6mi vi\u00f0 verkferla vinnusta\u00f0arins", "N\u00e1msma\u00f0ur skal hafa \u00f6\u00f0last leikni \u00ed a\u00f0 leysa \u00fdmis \u00farlausnarefni sem upp koma undir handlei\u00f0slu reyndari starfsmanns.", "N\u00e1msma\u00f0ur skal geta hagn\u00fdtt \u00fe\u00e1 almennu \u00feekkingu og leikni sem hann hefur afla\u00f0 s\u00e9r til a\u00f0 fylgja verkferlum vinnusta\u00f0arins vi\u00f0 m\u00f3tt\u00f6ku og \u00fej\u00f3nustu fer\u00f0amanna", "N\u00e1msma\u00f0ur skal geta hagn\u00fdtt \u00fe\u00e1 almennu \u00feekkingu og leikni sem hann hefur afla\u00f0 s\u00e9r til a\u00f0 auka \u00feekkingu s\u00edna \u00e1 n\u00e6rumhverfinu sem fer\u00f0amannasta\u00f0ar", "N\u00e1msma\u00f0ur skal geta hagn\u00fdtt \u00fe\u00e1 almennu \u00feekkingu og leikni sem hann hefur afla\u00f0 s\u00e9r til a\u00f0 vinna samkv\u00e6mt gildandi \u00f6ryggisreglum \u00e1 vinnusta\u00f0."], "log": [], "organization": "Vi\u00f0urkenndur fr\u00e6\u00f0slua\u00f0ili ber \u00e1byrg\u00f0 \u00e1 framkv\u00e6md n\u00e1msins og skipar verkefnastj\u00f3ra n\u00e1ms. Hlutverk hans er a\u00f0 skipuleggja alla dagskr\u00e1, hafa umsj\u00f3n me\u00f0 n\u00e1mslei\u00f0, nemendah\u00f3pi, lei\u00f0beinendum og allri framkv\u00e6md. Verkefnastj\u00f3ri s\u00e9r til \u00feess a\u00f0 lei\u00f0beinendur skili og kynni fyrir n\u00e1msf\u00f3lki kennslu\u00e1\u00e6tlun fyrir hvern n\u00e1ms\u00fe\u00e1tt. \u00dear skulu koma fram uppl\u00fdsingar um kennslua\u00f0fer\u00f0ir, n\u00e1msefni, h\u00e6fnivi\u00f0mi\u00f0, n\u00e1msmat, \u00edtarefni og t\u00edmasetningar \u00e1 yfirfer\u00f0 efnis\u00fe\u00e1tta og verkefnaskila \u00fear sem \u00fea\u00f0 \u00e1 vi\u00f0. Verkefnastj\u00f3ri skal sj\u00e1 til \u00feess a\u00f0 n\u00e1ms\u00fe\u00e6ttir s\u00e9u sam\u00fe\u00e6ttir eins og kostur er og \u00ed r\u00f6kr\u00e9ttu samhengi. Auk \u00feess a\u00f0 skipuleggja hvernig t\u00edma hvers n\u00e1ms\u00fe\u00e1ttar er vari\u00f0, undir lei\u00f0s\u00f6gn lei\u00f0beinanda annars vegar og \u00ed sj\u00e1lfst\u00e6tt n\u00e1m hins vegar, \u00e1samt \u00fev\u00ed a\u00f0 bera \u00e1byrg\u00f0 \u00e1 \u00fej\u00f3nustu vi\u00f0 n\u00e1msf\u00f3lk. \u00c1hersla er \u00e1 a\u00f0 lei\u00f0beinendur noti fj\u00f6lbreyttar kennslua\u00f0fer\u00f0ir sem henta fullor\u00f0nu n\u00e1msf\u00f3lki, beiti sam\u00fe\u00e6ttingu n\u00e1ms\u00fe\u00e1tta og n\u00fdti vi\u00f0fangsefni \u00far daglegu l\u00edfi \u00ed innl\u00f6gn og verkefni. Mi\u00f0a\u00f0 er vi\u00f0 a\u00f0 verk\u00fej\u00e1lfun fari fram samhli\u00f0a n\u00e1minu til a\u00f0 sty\u00f0ja vi\u00f0 yfirf\u00e6rslu n\u00e1ms. \u00c1hersla er \u00e1 a\u00f0 verkefnastj\u00f3ri n\u00e1ms og/e\u00f0a yfirma\u00f0ur \u00fej\u00e1lfunar \u00e1 vinnusta\u00f0 fylgist me\u00f0 framvindu, tryggi a\u00f0 \u00fej\u00e1lfun n\u00e1i til allra \u00fe\u00e1tta \u00ed n\u00e1minu og sty\u00f0ji n\u00e1msf\u00f3lk \u00ed \u00fev\u00ed sem sn\u00fdr a\u00f0 \u00fej\u00e1lfun \u00e1 vinnusta\u00f0. \u00dea\u00f0 m\u00e1 til d\u00e6mis gera me\u00f0 lokaverkefni \u00fear sem unni\u00f0 er me\u00f0 alla \u00fe\u00e6tti n\u00e1msins. Heimavinna fylgir n\u00e1minu en getur veri\u00f0 mismikil eftir n\u00e1ms\u00fe\u00e1ttum og einstaklingum.\n\nGera \u00fearf r\u00e1\u00f0 fyrir \u00f3l\u00edkum \u00fe\u00f6rfum n\u00e1msf\u00f3lks vi\u00f0 upphaf n\u00e1ms svo a\u00f0 n\u00e1msf\u00f3lk f\u00e1i vi\u00f0fangsefni og stu\u00f0ning vi\u00f0 h\u00e6fi til a\u00f0 styrkja og a\u00f0sto\u00f0a n\u00e1msf\u00f3lk vi\u00f0 a\u00f0 n\u00e1 h\u00e6fnivi\u00f0mi\u00f0um n\u00e1msins. N\u00e1ms\u00fe\u00e6ttir eru \u00e1 fyrsta \u00ferepi h\u00e6fniramma um \u00edslenska menntun, auk tveggja \u00e1 \u00f6\u00f0ru \u00ferepi. Verkefnastj\u00f3ri n\u00e1ms hj\u00e1 fr\u00e6\u00f0slua\u00f0ila metur h\u00e6fi ums\u00e6kjenda inn \u00ed n\u00e1mi\u00f0. Auk \u00feess meta lei\u00f0beinendur for\u00feekkingu vi\u00f0 upphaf hvers n\u00e1ms\u00fe\u00e1ttar. ", "_id": "954984ce-998c-4faa-9a86-39960cdda9da", "programme_type_id": null}