{"course_choice": [{"total_credits": 10, "courses": [{"exemplary": null, "topics": "Almenn akadem\u00edsk enska, b\u00f3kmenntir, ritun", "abbreviation": "ENSK2AE05(AT)", "former_schools": null, "subject": "enska", "title": "B\u00f3kmenntir og ritun", "version": 39, "status_trans": "Sam\u00feykkt af sk\u00f3la", "embedded_subject": {"abbreviation": "ENSK", "topics": [{"abbreviation": "GS", "topics": ["grunnatri\u00f0i", "samt\u00f6l"]}, {"abbreviation": "OO", "topics": ["or\u00f0ab\u00f3k", "or\u00f0afor\u00f0i"]}, {"abbreviation": "MM", "topics": ["myndas\u00f6gur", "myndb\u00f6nd"]}, {"abbreviation": "TL", "topics": ["lagatextar", "t\u00f3nlist"]}, {"abbreviation": "FR", "topics": ["ferilsverkefni", "ritunarverkefni"]}, {"abbreviation": "TS", "topics": ["myndm\u00e1l", "ritger\u00f0", "st\u00edlar", "textar"]}, {"abbreviation": "RH", "topics": ["hlustun", "m\u00e1lnotkun", "undirst\u00f6\u00f0uatri\u00f0i \u00ed ritun"]}, {"abbreviation": "SM", "topics": ["m\u00fas\u00edk og myndir 1950-70", "s\u00f6gur"]}, {"abbreviation": "BR", "topics": ["bretland"]}, {"abbreviation": "K\u00c1", "topics": ["kanada", "\u00e1stral\u00eda og n\u00fdja sj\u00e1land"]}, {"abbreviation": "SB", "topics": ["shakespeare og 19. \u00f6ldin \u00ed b\u00f3kmenntum"]}, {"abbreviation": "B\u00d3", "topics": ["b\u00f3kmenntir 20. aldar"]}, {"abbreviation": "KV", "topics": ["kvikmynda\u00e1fangi"]}, {"abbreviation": "AB", "topics": ["afr\u00edsk-amer\u00edskar b\u00f3kmenntir"]}, {"abbreviation": "U\u00c1", "topics": ["undirb\u00faningur", "\u00e1fangi"]}, {"abbreviation": "MT", "topics": ["m\u00e1lfr\u00e6\u00f0i", "tj\u00e1ning"]}, {"abbreviation": "MS", "topics": ["menning", "skapandi skrif"]}, {"abbreviation": "KR", "topics": ["kvikmyndir", "ritun"]}, {"abbreviation": "HR", "topics": ["heimildavinna", "ritger\u00f0ir"]}, {"abbreviation": "FF", "topics": ["fagm\u00e1l", "f\u00e9lagsv\u00edsinda"]}, {"abbreviation": "VE", "topics": ["enska", "vi\u00f0skipta"]}, {"abbreviation": "RE", "topics": ["enska", "raungreinar"]}, {"abbreviation": "BM", "topics": ["b\u00f3kmenntir", "m\u00e1lsaga"]}, {"abbreviation": "LB", "topics": ["b\u00f3kmenntir", "leik"]}, {"abbreviation": "UP", "topics": ["pr\u00f3f", "undirb\u00faningur"]}, {"abbreviation": "EN", "topics": ["enska fyrir fer\u00f0agreinar"]}, {"abbreviation": "FE", "topics": ["enska fyrir fer\u00f0a\u00fej\u00f3nustu"]}, {"abbreviation": "ST", "topics": ["evr\u00f3pski tungum\u00e1laramminn", "stig b1-b2"]}, {"abbreviation": "SE", "topics": ["evr\u00f3pski tungum\u00e1laramminn", "stig b2"]}, {"abbreviation": "ES", "topics": ["evr\u00f3pski tungum\u00e1laramminn", "stig b2-c1"]}, {"abbreviation": "EV", "topics": ["evr\u00f3pski tungum\u00e1laramminn", "stig c1"]}, {"abbreviation": "BF", "topics": ["b2", "evr\u00f3pski tungum\u00e1laramminn", "fer\u00f0a\u00fej\u00f3nuta"]}, {"abbreviation": "FH", "topics": ["evr\u00f3pski tungum\u00e1laramminn", "framhald", "stig c1"]}, {"abbreviation": "GR", "topics": ["grunn\u00e1fangi"]}, {"abbreviation": "FG", "topics": ["enska fyrir matv\u00e6lagreinar"]}, {"abbreviation": "LS", "topics": ["lestur", "m\u00e1lfr\u00e6\u00f0i", "or\u00f0afor\u00f0i", "skilningur"]}, {"abbreviation": "LT", "topics": ["lestur", "or\u00f0afor\u00f0i", "talm\u00e1l"]}, {"abbreviation": "BL", "topics": ["b\u00f3kmenntir", "lesskilningur", "ritun"]}, {"abbreviation": "BS", "topics": ["b\u00f3kmenntir", "menning", "saga"]}, {"abbreviation": "HA", "topics": ["hagn\u00fdtur or\u00f0afor\u00f0i. l\u00e6si \u00e1 fl\u00f3knari texta."]}, {"abbreviation": "OF", "topics": ["grunnor\u00f0afor\u00f0i fr\u00e6\u00f0a og v\u00edsinda.. menningarheimur nor\u00f0ur amer\u00edku"]}, {"abbreviation": "UN", "topics": ["undirb\u00fanings\u00e1fangi \u00ed ensku"]}, {"abbreviation": "LM", "topics": ["lestur og menning", "tj\u00e1ning"]}, {"abbreviation": "TM", "topics": ["menning", "tj\u00e1ning og skapandi skrif"]}, {"abbreviation": "MB", "topics": ["b\u00f3kmenntir", "menning og ritun"]}, {"abbreviation": "EX", "topics": ["extensive vocabulary and expression"]}, {"abbreviation": "ML", "topics": ["m\u00e1lnotkun og l\u00e6si"]}, {"abbreviation": "AA", "topics": ["akadem\u00edskur or\u00f0afor\u00f0i", "fj\u00f6lbreyttir textar", "fyrsti \u00e1fangi \u00ed ensku."]}, {"abbreviation": "YN", "topics": ["yndislestur"]}, {"abbreviation": "BB", "topics": ["akadem\u00edskur or\u00f0afor\u00f0i", "annar \u00e1fangi \u00ed ensku.", "fj\u00f6lbreyttir textar"]}, {"abbreviation": "FA", "topics": ["fagor\u00f0afor\u00f0i"]}, {"abbreviation": "AH", "topics": ["akadem\u00edskur or\u00f0afor\u00f0i", "fj\u00f6lbreyttir textar. hra\u00f0fer\u00f0 \u00ed ensku."]}, {"abbreviation": "BH", "topics": ["akadem\u00edskur or\u00f0afor\u00f0i", "fj\u00f6lbreyttir textar. \u00f6nnur hra\u00f0fer\u00f0 \u00ed ensku."]}, {"abbreviation": "EE", "topics": ["b\u00f3kmenntir", "fj\u00f6lmi\u00f0latextar."]}, {"abbreviation": "LR", "topics": ["lestur", "ritun", "tj\u00e1ning og hlustun"]}, {"abbreviation": "DD", "topics": ["b\u00f3kmenntir"]}, {"abbreviation": "M\u00c1", "topics": ["m\u00e1lfr\u00e6\u00f0i a"]}, {"abbreviation": "CC", "topics": ["b\u00f3kmenntir", "krefjandi or\u00f0afor\u00f0i", "ritun"]}, {"abbreviation": "CH", "topics": ["krefjandi or\u00f0afor\u00f0i"]}, {"abbreviation": "L\u00c9", "topics": ["l\u00e9ttlestur"]}, {"abbreviation": "OH", "topics": ["hlustun", "or\u00f0afor\u00f0i", "talm\u00e1l og ritun"]}, {"abbreviation": "LO", "topics": ["lesskilningur", "m\u00e1lfr\u00e6\u00f0i", "or\u00f0afor\u00f0i"]}, {"abbreviation": "MO", "topics": ["m\u00e1lfr\u00e6\u00f0i", "or\u00f0afor\u00f0i", "stig b1 \u00ed evr\u00f3pska tungum\u00e1larammanum"]}, {"abbreviation": "OB", "topics": ["b\u00f3kmenntir", "or\u00f0afor\u00f0i", "stig b2 \u00ed evr\u00f3pska tungum\u00e1larammanum"]}, {"abbreviation": "RB", "topics": ["b\u00f3kmenntir", "ritun"]}, {"abbreviation": "RL", "topics": ["lestur", "m\u00e1lfr\u00e6\u00f0i", "ritun og or\u00f0afor\u00f0i"]}, {"abbreviation": "SG", "topics": ["Lestur", "m\u00e1lfr\u00e6\u00f0i", "or\u00f0afor\u00f0i", "ritun", "tal"]}, {"abbreviation": "RM", "topics": ["Ritun", "b\u00f3kmenntir", "m\u00e1lnotkun"]}, {"abbreviation": "RO", "topics": ["Ritun", "b\u00f3kmenntir", "menning", "or\u00f0afor\u00f0i"]}, {"abbreviation": "SR", "topics": ["Menning", "akadem\u00edskur or\u00f0afor\u00f0i", "ritun", "saga"]}, {"abbreviation": "AE", "topics": ["Almenn akadem\u00edsk enska", "b\u00f3kmenntir", "ritun"]}, {"abbreviation": "SA", "topics": ["S\u00e9rh\u00e6f\u00f0 akadem\u00edsk enska", "b\u00f3kmenntir", "ritun"]}, {"abbreviation": "VR", "topics": ["V\u00edsindaor\u00f0afor\u00f0i", "raungreinar"]}, {"abbreviation": "VH", "topics": ["Vi\u00f0skipti", "erlend samskipti og vi\u00f0skiptah\u00e6ttir"]}, {"abbreviation": "AK", "topics": ["Kennsla", "a\u00f0sto\u00f0 vi\u00f0 nemendur", "ger\u00f0 kennsluefnis"]}, {"abbreviation": "DF", "topics": ["Kvikmyndir. Film Course."]}, {"abbreviation": "SK", "topics": ["enska fyrir fer\u00f0a\u00fej\u00f3nustu", "skapandi skrif"]}, {"abbreviation": "FT", "topics": ["lestur fr\u00e6\u00f0ilegra texta"]}, {"abbreviation": "VT", "topics": ["Lestur enskra vi\u00f0skiptatexta"]}, {"abbreviation": "RT", "topics": ["Lestur enskra raunv\u00edsindatexta"]}, {"abbreviation": "\u00cdT", "topics": ["Lestur \u00ed\u00fer\u00f3ttafr\u00e6\u00f0ilegra texta"]}, {"abbreviation": "TO", "topics": ["Tolkien"]}, {"abbreviation": "RI", "topics": ["Ritun"]}, {"abbreviation": "HL", "topics": ["Hlustun"]}, {"abbreviation": "UE", "topics": ["Undirb\u00fanings\u00e1fangi \u00ed ensku"]}, {"abbreviation": "UH", "topics": ["Undirb\u00faningur fyrir h\u00e1sk\u00f3lan\u00e1m"]}, {"abbreviation": "TJ", "topics": ["Tj\u00e1ning"]}, {"abbreviation": "OM", "topics": ["Or\u00f0afor\u00f0i", "m\u00e1lfr\u00e6\u00f0i", "m\u00e1lnotkun"]}, {"abbreviation": "TF", "topics": ["tj\u00e1ning og m\u00e1lnotkun"]}, {"abbreviation": "AM", "topics": ["Fr\u00e6\u00f0ilegur or\u00f0afor\u00f0i og Bandar\u00edkin"]}, {"abbreviation": "UK", "topics": ["Fr\u00e6\u00f0ilegur or\u00f0afor\u00f0i og Bretland"]}, {"abbreviation": "AC", "topics": ["Akadem\u00edskur or\u00f0afor\u00f0i og rauntextar"]}, {"abbreviation": "SL", "topics": ["Lestur", "menning og skrif"]}, {"abbreviation": "KK", "topics": ["Kvikmyndir og kynning"]}, {"abbreviation": "BA", "topics": ["L\u00fdsing: B\u00f3kmenntir 19. og 20.", "skrif og r\u00e6\u00f0uger\u00f0"]}, {"abbreviation": "OT", "topics": ["Or\u00f0afor\u00f0i", "ritun", "tj\u00e1ning"]}, {"abbreviation": "VM", "topics": ["V\u00edsindi og menning"]}, {"abbreviation": "BT", "topics": ["Bandar\u00edskt \u00fej\u00f3\u00f0f\u00e9lag og menning"]}, {"abbreviation": "MR", "topics": ["M\u00e1lfr\u00e6\u00f0i og ritun"]}, {"abbreviation": "LH", "topics": ["L\u00e6si \u00e1 fl\u00f3knari texta", "hagn\u00fdtur fj\u00f6lbreyttur or\u00f0afor\u00f0i"]}, {"abbreviation": "KB", "topics": ["Kvikmyndir", "b\u00f3kmenntir"]}, {"abbreviation": "OL", "topics": ["Lestur", "Menning", "M\u00e1lfr\u00e6\u00f0i", "Or\u00f0afor\u00f0i", "Ritun", "Tal"]}, {"abbreviation": "CL", "topics": ["Chic Literature and Women in Today\u2018s Society"]}, {"abbreviation": "CW", "topics": ["Creative Writing"]}, {"abbreviation": "OR", "topics": ["B\u00f3kmenntir (fj\u00f6lbreyttir textar)", "menning", "or\u00f0afor\u00f0i", "ranns\u00f3knir og ritun"]}, {"abbreviation": "OG", "topics": ["B\u00f3kmenntir", "lj\u00f3\u00f0agreining", "or\u00f0afor\u00f0i", "ritger\u00f0asm\u00ed\u00f0i og heimildavinna"]}, {"abbreviation": "BY", "topics": ["Lestur", "m\u00e1lfr\u00e6\u00f0i og m\u00e1lnotkun (byrjunar\u00e1fangi \u00ed ensku)", "ritun"]}, {"abbreviation": "DM", "topics": ["Enska Daglegt m\u00e1l"]}, {"abbreviation": "B\u00c1", "topics": ["b\u00f3kmenntir", "ritun", "tj\u00e1ning"]}, {"abbreviation": "HE", "topics": ["Hagn\u00fdt enska", "starfsbraut"]}, {"abbreviation": "RR", "topics": ["Enska \u00ed r\u00e6\u00f0u og riti"]}, {"abbreviation": "HO", "topics": ["Hagn\u00fdtur or\u00f0afor\u00f0i", "c1"]}, {"abbreviation": "FO", "topics": ["Fagor\u00f0afor\u00f0i og fer\u00f0am\u00e1l"]}, {"abbreviation": "EG", "topics": ["Enska 2 \u00e1 starfsbraut"]}, {"abbreviation": "SO", "topics": ["s\u00e9rh\u00e6f\u00f0ur or\u00f0afor\u00f0i"]}, {"abbreviation": "TR", "topics": ["Tj\u00e1ning", "or\u00f0afor\u00f0i", "ritun"]}, {"abbreviation": "\u00deS", "topics": ["\u00dej\u00f3nustust\u00f6rf"]}, {"abbreviation": "SF", "topics": ["Sagnfr\u00e6\u00f0i"]}, {"abbreviation": "T\u00d6", "topics": ["T\u00f6lvuleikir"]}, {"abbreviation": "JM", "topics": ["Fr\u00e1 hugmynd til \u00fatg\u00e1fu"]}, {"abbreviation": "MH", "topics": ["S\u00e9rh\u00e6f\u00f0 enska \u00ed myndlist og h\u00f6nnun"]}, {"abbreviation": "BO", "topics": ["B\u00f3kmenntir", "m\u00e1lfr\u00e6\u00f0i", "or\u00f0afor\u00f0i"]}, {"abbreviation": "VO", "topics": ["V\u00edsindatengdur or\u00f0afor\u00f0i"]}, {"abbreviation": "MV", "topics": ["M\u00e1lnotkun", "b\u00f3kmenntir", "vi\u00f0skipti"]}, {"abbreviation": "SV", "topics": ["m\u00e1lnotkun", "samf\u00e9lag", "vi\u00f0skipti"]}, {"abbreviation": "VI", "topics": ["m\u00e1lskilningur", "ritun", "vi\u00f0skiptaenska"]}, {"abbreviation": "EM", "topics": ["bresk menning", "b\u00f3kmenntir", "m\u00e1l"]}, {"abbreviation": "NV", "topics": ["v\u00edsindaenska"]}, {"abbreviation": "YL", "topics": ["Yndislestur"]}, {"abbreviation": "EH", "topics": ["Enska fyrir heilbrig\u00f0isgreinar"]}, {"abbreviation": "FV", "topics": ["F\u00e9lagsv\u00edsindi", "b\u00f3kmenntir"]}, {"abbreviation": "HK", "topics": ["Handrit", "kvikmyndager\u00f0"]}, {"abbreviation": "AO", "topics": ["Akadem\u00edskur or\u00f0afor\u00f0i"]}, {"abbreviation": "KS", "topics": ["Kvikmyndir og samf\u00e9lag"]}, {"abbreviation": "FB", "topics": ["Fantas\u00edub\u00f3kmenntir"]}], "_id": "50c0a02dd8e40575f7f6f488", "subjects": ["enska"], "counter": {"1": 24, "3": 29, "2": 38, "4": 1}}, "evaluation": "", "categorization_suggestion": "AT", "embedded_topics": {"abbreviation": "AE", "topics": ["Almenn akadem\u00edsk enska", "b\u00f3kmenntir", "ritun"]}, "status": "approved by school", "description": "Markmi\u00f0 \u00e1fangans er a\u00f0 efla menningarl\u00e6si nemenda me\u00f0 \u00fev\u00ed a\u00f0 \u00fej\u00e1lfa \u00fe\u00e1 \u00ed a\u00f0 fr\u00e6\u00f0ast og tj\u00e1 sig um \u00f3l\u00edk vi\u00f0fangsefni \u00e1 ensku. Nemendur b\u00e6ta markvisst vi\u00f0 or\u00f0afor\u00f0a sinn, me\u00f0 \u00e1herslu \u00e1 akadem\u00edskan or\u00f0afor\u00f0a, og \u00f6\u00f0list d\u00fdpri skilning \u00e1 fl\u00f3knari m\u00e1lfr\u00e6\u00f0i enskrar tungu. Fari\u00f0 er yfir grundvallaratri\u00f0i \u00ed ritun texta af \u00fdmsum toga og nemendur \u00e6fa sig \u00ed n\u00fdtingu \u00feeirra me\u00f0 hli\u00f0sj\u00f3n af or\u00f0afor\u00f0anum sem fari\u00f0 er yfir \u00ed \u00e1fanganum. Lesin eru klass\u00edsk b\u00f3kmenntaverk \u00e1 enskri tungu og nemendur \u00fej\u00e1lfa\u00f0ir \u00ed a\u00f0 r\u00fdna \u00ed b\u00f3kmenntatexta og r\u00e6\u00f0a umfj\u00f6llunarefni verkanna \u00fat fr\u00e1 eigin reynslu og skilningi.", "knowledge_goals": ["or\u00f0afor\u00f0a sem tengist menningu og \u00feeim menningarheimum \u00fear sem enska er t\u00f6lu\u00f0", "fl\u00f3knari m\u00e1lfr\u00e6\u00f0i enskrar tungu", "uppbyggingu mismunandi texta, s.s. bla\u00f0agreina, fr\u00e6\u00f0igreina, b\u00f3kmenntatexta, o.fl."], "skills_goals": ["tj\u00e1 sig um sitt eigi\u00f0 umhverfi og menningu \u00e1 ensku", "beita fl\u00f3knari m\u00e1lfr\u00e6\u00f0ireglum \u00ed r\u00e6\u00f0u og riti", "t\u00falka me\u00f0 eigin or\u00f0um \u00e1 ensku efni fr\u00e1 mismunandi mi\u00f0lum", "tj\u00e1 sig \u00ed r\u00e6\u00f0u og riti um margv\u00edsleg m\u00e1l fr\u00e1 eigin brj\u00f3sti", "skrifa margskonar texta", "tj\u00e1 sig \u00e1 sk\u00fdran, \u00e1byrgan og skapandi h\u00e1tt um \u00feekkingu s\u00edna", "s\u00fdna frumkv\u00e6\u00f0i og sj\u00e1lfst\u00e6\u00f0i \u00ed vinnubr\u00f6g\u00f0um", "taka \u00fe\u00e1tt \u00ed samr\u00e6\u00f0um um vi\u00f0fangsefni \u00e1fangans og hugarefni s\u00edn"], "credits": 5, "last_modified": 1481722147.94734, "schools": ["512352c28caa45ed97015b48"], "coauthors": null, "instructions": "B1, samkv\u00e6mt evr\u00f3pska tungum\u00e1lasta\u00f0linum.", "continued_education": false, "level": 2, "prerequisites": "", "author": "4e1c738a-850b-4101-a7ac-a03c7fa18d0b", "abbreviation_version": null, "competence_goals": [["gera s\u00e9r grein fyrir sko\u00f0un og afst\u00f6\u00f0u h\u00f6funda margv\u00edslegra texta og geta tj\u00e1\u00f0 sig um hana b\u00e6\u00f0i munnlega og skriflega", ""], ["lesa milli l\u00ednanna og \u00e1tta sig \u00e1 d\u00fdpri merkingu \u00ed texta", ""], ["taka \u00fe\u00e1tt \u00ed sko\u00f0anaskiptum \u00e1 ensku og geta \u00fatsk\u00fdrt sj\u00f3narmi\u00f0 var\u00f0andi efni sem er ofarlega \u00e1 baugi", ""], ["f\u00e6ra r\u00f6k fyrir m\u00e1li s\u00ednu og svara gagnr\u00f6kum, b\u00e6\u00f0i \u00ed r\u00e6\u00f0u og riti", ""], ["tengja \u00feekkingu s\u00edna og leikni vi\u00f0 \u00fea\u00f0 umhverfi og menningarheim sem hann b\u00fdr vi\u00f0", ""]], "_id": "5851492362933a33a6021989"}, {"exemplary": null, "topics": "Grunn\u00e1fangi", "abbreviation": "ENSK1\u00cdA05(AT)", "former_schools": null, "subject": "enska", "title": "Grunn\u00e1fangi \u00ed ensku", "version": 89, "status_trans": "Sam\u00feykkt af sk\u00f3la", "embedded_subject": {"abbreviation": "ENSK", "topics": [{"abbreviation": "GS", "topics": ["grunnatri\u00f0i", "samt\u00f6l"]}, {"abbreviation": "OO", "topics": ["or\u00f0ab\u00f3k", "or\u00f0afor\u00f0i"]}, {"abbreviation": "MM", "topics": ["myndas\u00f6gur", "myndb\u00f6nd"]}, {"abbreviation": "TL", "topics": ["lagatextar", "t\u00f3nlist"]}, {"abbreviation": "FR", "topics": ["ferilsverkefni", "ritunarverkefni"]}, {"abbreviation": "TS", "topics": ["myndm\u00e1l", "ritger\u00f0", "st\u00edlar", "textar"]}, {"abbreviation": "RH", "topics": ["hlustun", "m\u00e1lnotkun", "undirst\u00f6\u00f0uatri\u00f0i \u00ed ritun"]}, {"abbreviation": "SM", "topics": ["m\u00fas\u00edk og myndir 1950-70", "s\u00f6gur"]}, {"abbreviation": "BR", "topics": ["bretland"]}, {"abbreviation": "K\u00c1", "topics": ["kanada", "\u00e1stral\u00eda og n\u00fdja sj\u00e1land"]}, {"abbreviation": "SB", "topics": ["shakespeare og 19. \u00f6ldin \u00ed b\u00f3kmenntum"]}, {"abbreviation": "B\u00d3", "topics": ["b\u00f3kmenntir 20. aldar"]}, {"abbreviation": "KV", "topics": ["kvikmynda\u00e1fangi"]}, {"abbreviation": "AB", "topics": ["afr\u00edsk-amer\u00edskar b\u00f3kmenntir"]}, {"abbreviation": "U\u00c1", "topics": ["undirb\u00faningur", "\u00e1fangi"]}, {"abbreviation": "MT", "topics": ["m\u00e1lfr\u00e6\u00f0i", "tj\u00e1ning"]}, {"abbreviation": "MS", "topics": ["menning", "skapandi skrif"]}, {"abbreviation": "KR", "topics": ["kvikmyndir", "ritun"]}, {"abbreviation": "HR", "topics": ["heimildavinna", "ritger\u00f0ir"]}, {"abbreviation": "FF", "topics": ["fagm\u00e1l", "f\u00e9lagsv\u00edsinda"]}, {"abbreviation": "VE", "topics": ["enska", "vi\u00f0skipta"]}, {"abbreviation": "RE", "topics": ["enska", "raungreinar"]}, {"abbreviation": "BM", "topics": ["b\u00f3kmenntir", "m\u00e1lsaga"]}, {"abbreviation": "LB", "topics": ["b\u00f3kmenntir", "leik"]}, {"abbreviation": "UP", "topics": ["pr\u00f3f", "undirb\u00faningur"]}, {"abbreviation": "EN", "topics": ["enska fyrir fer\u00f0agreinar"]}, {"abbreviation": "FE", "topics": ["enska fyrir fer\u00f0a\u00fej\u00f3nustu"]}, {"abbreviation": "ST", "topics": ["evr\u00f3pski tungum\u00e1laramminn", "stig b1-b2"]}, {"abbreviation": "SE", "topics": ["evr\u00f3pski tungum\u00e1laramminn", "stig b2"]}, {"abbreviation": "ES", "topics": ["evr\u00f3pski tungum\u00e1laramminn", "stig b2-c1"]}, {"abbreviation": "EV", "topics": ["evr\u00f3pski tungum\u00e1laramminn", "stig c1"]}, {"abbreviation": "BF", "topics": ["b2", "evr\u00f3pski tungum\u00e1laramminn", "fer\u00f0a\u00fej\u00f3nuta"]}, {"abbreviation": "FH", "topics": ["evr\u00f3pski tungum\u00e1laramminn", "framhald", "stig c1"]}, {"abbreviation": "GR", "topics": ["grunn\u00e1fangi"]}, {"abbreviation": "FG", "topics": ["enska fyrir matv\u00e6lagreinar"]}, {"abbreviation": "LS", "topics": ["lestur", "m\u00e1lfr\u00e6\u00f0i", "or\u00f0afor\u00f0i", "skilningur"]}, {"abbreviation": "LT", "topics": ["lestur", "or\u00f0afor\u00f0i", "talm\u00e1l"]}, {"abbreviation": "BL", "topics": ["b\u00f3kmenntir", "lesskilningur", "ritun"]}, {"abbreviation": "BS", "topics": ["b\u00f3kmenntir", "menning", "saga"]}, {"abbreviation": "HA", "topics": ["hagn\u00fdtur or\u00f0afor\u00f0i. l\u00e6si \u00e1 fl\u00f3knari texta."]}, {"abbreviation": "OF", "topics": ["grunnor\u00f0afor\u00f0i fr\u00e6\u00f0a og v\u00edsinda.. menningarheimur nor\u00f0ur amer\u00edku"]}, {"abbreviation": "UN", "topics": ["undirb\u00fanings\u00e1fangi \u00ed ensku"]}, {"abbreviation": "LM", "topics": ["lestur og menning", "tj\u00e1ning"]}, {"abbreviation": "TM", "topics": ["menning", "tj\u00e1ning og skapandi skrif"]}, {"abbreviation": "MB", "topics": ["b\u00f3kmenntir", "menning og ritun"]}, {"abbreviation": "EX", "topics": ["extensive vocabulary and expression"]}, {"abbreviation": "ML", "topics": ["m\u00e1lnotkun og l\u00e6si"]}, {"abbreviation": "AA", "topics": ["akadem\u00edskur or\u00f0afor\u00f0i", "fj\u00f6lbreyttir textar", "fyrsti \u00e1fangi \u00ed ensku."]}, {"abbreviation": "YN", "topics": ["yndislestur"]}, {"abbreviation": "BB", "topics": ["akadem\u00edskur or\u00f0afor\u00f0i", "annar \u00e1fangi \u00ed ensku.", "fj\u00f6lbreyttir textar"]}, {"abbreviation": "FA", "topics": ["fagor\u00f0afor\u00f0i"]}, {"abbreviation": "AH", "topics": ["akadem\u00edskur or\u00f0afor\u00f0i", "fj\u00f6lbreyttir textar. hra\u00f0fer\u00f0 \u00ed ensku."]}, {"abbreviation": "BH", "topics": ["akadem\u00edskur or\u00f0afor\u00f0i", "fj\u00f6lbreyttir textar. \u00f6nnur hra\u00f0fer\u00f0 \u00ed ensku."]}, {"abbreviation": "EE", "topics": ["b\u00f3kmenntir", "fj\u00f6lmi\u00f0latextar."]}, {"abbreviation": "LR", "topics": ["lestur", "ritun", "tj\u00e1ning og hlustun"]}, {"abbreviation": "DD", "topics": ["b\u00f3kmenntir"]}, {"abbreviation": "M\u00c1", "topics": ["m\u00e1lfr\u00e6\u00f0i a"]}, {"abbreviation": "CC", "topics": ["b\u00f3kmenntir", "krefjandi or\u00f0afor\u00f0i", "ritun"]}, {"abbreviation": "CH", "topics": ["krefjandi or\u00f0afor\u00f0i"]}, {"abbreviation": "L\u00c9", "topics": ["l\u00e9ttlestur"]}, {"abbreviation": "OH", "topics": ["hlustun", "or\u00f0afor\u00f0i", "talm\u00e1l og ritun"]}, {"abbreviation": "LO", "topics": ["lesskilningur", "m\u00e1lfr\u00e6\u00f0i", "or\u00f0afor\u00f0i"]}, {"abbreviation": "MO", "topics": ["m\u00e1lfr\u00e6\u00f0i", "or\u00f0afor\u00f0i", "stig b1 \u00ed evr\u00f3pska tungum\u00e1larammanum"]}, {"abbreviation": "OB", "topics": ["b\u00f3kmenntir", "or\u00f0afor\u00f0i", "stig b2 \u00ed evr\u00f3pska tungum\u00e1larammanum"]}, {"abbreviation": "RB", "topics": ["b\u00f3kmenntir", "ritun"]}, {"abbreviation": "RL", "topics": ["lestur", "m\u00e1lfr\u00e6\u00f0i", "ritun og or\u00f0afor\u00f0i"]}, {"abbreviation": "SG", "topics": ["Lestur", "m\u00e1lfr\u00e6\u00f0i", "or\u00f0afor\u00f0i", "ritun", "tal"]}, {"abbreviation": "RM", "topics": ["Ritun", "b\u00f3kmenntir", "m\u00e1lnotkun"]}, {"abbreviation": "RO", "topics": ["Ritun", "b\u00f3kmenntir", "menning", "or\u00f0afor\u00f0i"]}, {"abbreviation": "SR", "topics": ["Menning", "akadem\u00edskur or\u00f0afor\u00f0i", "ritun", "saga"]}, {"abbreviation": "AE", "topics": ["Almenn akadem\u00edsk enska", "b\u00f3kmenntir", "ritun"]}, {"abbreviation": "SA", "topics": ["S\u00e9rh\u00e6f\u00f0 akadem\u00edsk enska", "b\u00f3kmenntir", "ritun"]}, {"abbreviation": "VR", "topics": ["V\u00edsindaor\u00f0afor\u00f0i", "raungreinar"]}, {"abbreviation": "VH", "topics": ["Vi\u00f0skipti", "erlend samskipti og vi\u00f0skiptah\u00e6ttir"]}, {"abbreviation": "AK", "topics": ["Kennsla", "a\u00f0sto\u00f0 vi\u00f0 nemendur", "ger\u00f0 kennsluefnis"]}, {"abbreviation": "DF", "topics": ["Kvikmyndir. Film Course."]}, {"abbreviation": "SK", "topics": ["enska fyrir fer\u00f0a\u00fej\u00f3nustu", "skapandi skrif"]}, {"abbreviation": "FT", "topics": ["lestur fr\u00e6\u00f0ilegra texta"]}, {"abbreviation": "VT", "topics": ["Lestur enskra vi\u00f0skiptatexta"]}, {"abbreviation": "RT", "topics": ["Lestur enskra raunv\u00edsindatexta"]}, {"abbreviation": "\u00cdT", "topics": ["Lestur \u00ed\u00fer\u00f3ttafr\u00e6\u00f0ilegra texta"]}, {"abbreviation": "TO", "topics": ["Tolkien"]}, {"abbreviation": "RI", "topics": ["Ritun"]}, {"abbreviation": "HL", "topics": ["Hlustun"]}, {"abbreviation": "UE", "topics": ["Undirb\u00fanings\u00e1fangi \u00ed ensku"]}, {"abbreviation": "UH", "topics": ["Undirb\u00faningur fyrir h\u00e1sk\u00f3lan\u00e1m"]}, {"abbreviation": "TJ", "topics": ["Tj\u00e1ning"]}, {"abbreviation": "OM", "topics": ["Or\u00f0afor\u00f0i", "m\u00e1lfr\u00e6\u00f0i", "m\u00e1lnotkun"]}, {"abbreviation": "TF", "topics": ["tj\u00e1ning og m\u00e1lnotkun"]}, {"abbreviation": "AM", "topics": ["Fr\u00e6\u00f0ilegur or\u00f0afor\u00f0i og Bandar\u00edkin"]}, {"abbreviation": "UK", "topics": ["Fr\u00e6\u00f0ilegur or\u00f0afor\u00f0i og Bretland"]}, {"abbreviation": "AC", "topics": ["Akadem\u00edskur or\u00f0afor\u00f0i og rauntextar"]}, {"abbreviation": "SL", "topics": ["Lestur", "menning og skrif"]}, {"abbreviation": "KK", "topics": ["Kvikmyndir og kynning"]}, {"abbreviation": "BA", "topics": ["L\u00fdsing: B\u00f3kmenntir 19. og 20.", "skrif og r\u00e6\u00f0uger\u00f0"]}, {"abbreviation": "OT", "topics": ["Or\u00f0afor\u00f0i", "ritun", "tj\u00e1ning"]}, {"abbreviation": "VM", "topics": ["V\u00edsindi og menning"]}, {"abbreviation": "BT", "topics": ["Bandar\u00edskt \u00fej\u00f3\u00f0f\u00e9lag og menning"]}, {"abbreviation": "MR", "topics": ["M\u00e1lfr\u00e6\u00f0i og ritun"]}, {"abbreviation": "LH", "topics": ["L\u00e6si \u00e1 fl\u00f3knari texta", "hagn\u00fdtur fj\u00f6lbreyttur or\u00f0afor\u00f0i"]}, {"abbreviation": "KB", "topics": ["Kvikmyndir", "b\u00f3kmenntir"]}, {"abbreviation": "OL", "topics": ["Lestur", "Menning", "M\u00e1lfr\u00e6\u00f0i", "Or\u00f0afor\u00f0i", "Ritun", "Tal"]}, {"abbreviation": "CL", "topics": ["Chic Literature and Women in Today\u2018s Society"]}, {"abbreviation": "CW", "topics": ["Creative Writing"]}, {"abbreviation": "OR", "topics": ["B\u00f3kmenntir (fj\u00f6lbreyttir textar)", "menning", "or\u00f0afor\u00f0i", "ranns\u00f3knir og ritun"]}, {"abbreviation": "OG", "topics": ["B\u00f3kmenntir", "lj\u00f3\u00f0agreining", "or\u00f0afor\u00f0i", "ritger\u00f0asm\u00ed\u00f0i og heimildavinna"]}, {"abbreviation": "BY", "topics": ["Lestur", "m\u00e1lfr\u00e6\u00f0i og m\u00e1lnotkun (byrjunar\u00e1fangi \u00ed ensku)", "ritun"]}, {"abbreviation": "DM", "topics": ["Enska Daglegt m\u00e1l"]}, {"abbreviation": "B\u00c1", "topics": ["b\u00f3kmenntir", "ritun", "tj\u00e1ning"]}, {"abbreviation": "HE", "topics": ["Hagn\u00fdt enska", "starfsbraut"]}, {"abbreviation": "RR", "topics": ["Enska \u00ed r\u00e6\u00f0u og riti"]}, {"abbreviation": "HO", "topics": ["Hagn\u00fdtur or\u00f0afor\u00f0i", "c1"]}, {"abbreviation": "FO", "topics": ["Fagor\u00f0afor\u00f0i og fer\u00f0am\u00e1l"]}, {"abbreviation": "EG", "topics": ["Enska 2 \u00e1 starfsbraut"]}, {"abbreviation": "SO", "topics": ["s\u00e9rh\u00e6f\u00f0ur or\u00f0afor\u00f0i"]}, {"abbreviation": "TR", "topics": ["Tj\u00e1ning", "or\u00f0afor\u00f0i", "ritun"]}, {"abbreviation": "\u00deS", "topics": ["\u00dej\u00f3nustust\u00f6rf"]}, {"abbreviation": "SF", "topics": ["Sagnfr\u00e6\u00f0i"]}, {"abbreviation": "T\u00d6", "topics": ["T\u00f6lvuleikir"]}, {"abbreviation": "JM", "topics": ["Fr\u00e1 hugmynd til \u00fatg\u00e1fu"]}, {"abbreviation": "MH", "topics": ["S\u00e9rh\u00e6f\u00f0 enska \u00ed myndlist og h\u00f6nnun"]}, {"abbreviation": "BO", "topics": ["B\u00f3kmenntir", "m\u00e1lfr\u00e6\u00f0i", "or\u00f0afor\u00f0i"]}, {"abbreviation": "VO", "topics": ["V\u00edsindatengdur or\u00f0afor\u00f0i"]}, {"abbreviation": "MV", "topics": ["M\u00e1lnotkun", "b\u00f3kmenntir", "vi\u00f0skipti"]}, {"abbreviation": "SV", "topics": ["m\u00e1lnotkun", "samf\u00e9lag", "vi\u00f0skipti"]}, {"abbreviation": "VI", "topics": ["m\u00e1lskilningur", "ritun", "vi\u00f0skiptaenska"]}, {"abbreviation": "EM", "topics": ["bresk menning", "b\u00f3kmenntir", "m\u00e1l"]}, {"abbreviation": "NV", "topics": ["v\u00edsindaenska"]}, {"abbreviation": "YL", "topics": ["Yndislestur"]}, {"abbreviation": "EH", "topics": ["Enska fyrir heilbrig\u00f0isgreinar"]}, {"abbreviation": "FV", "topics": ["F\u00e9lagsv\u00edsindi", "b\u00f3kmenntir"]}, {"abbreviation": "HK", "topics": ["Handrit", "kvikmyndager\u00f0"]}, {"abbreviation": "AO", "topics": ["Akadem\u00edskur or\u00f0afor\u00f0i"]}, {"abbreviation": "KS", "topics": ["Kvikmyndir og samf\u00e9lag"]}, {"abbreviation": "FB", "topics": ["Fantas\u00edub\u00f3kmenntir"]}, {"abbreviation": "MF", "topics": ["Menning og m\u00e1lfar"]}, {"abbreviation": "AF", "topics": ["Fantasy & Adventure"]}, {"abbreviation": "O\u00c1", "topics": ["Or\u00f0afor\u00f0i og \u00e1hugam\u00e1l"]}, {"abbreviation": "WP", "topics": ["Women of Centuries Past"]}, {"abbreviation": "GP", "topics": ["Girl Power"]}, {"abbreviation": "ME", "topics": ["Menning enskum\u00e6landi landa"]}, {"abbreviation": "GM", "topics": ["Dagleg m\u00e1lnotkun"]}, {"abbreviation": "H\u00c6", "topics": ["H\u00e6gfer\u00f0 I"]}, {"abbreviation": "HB", "topics": ["H\u00e6gfer\u00f0 II"]}, {"abbreviation": "ET", "topics": ["N\u00e1m og dv\u00f6l \u00ed \u00fatl\u00f6ndum. TOEFEL og SAT."]}, {"abbreviation": "MD", "topics": ["Undirb\u00fanings\u00e1fangi \u00ed ensku", "daglegt m\u00e1l", "m\u00e1lfr\u00e6\u00f0i", "starf \u00ed st\u00f3ri\u00f0ju."]}, {"abbreviation": "OD", "topics": ["Daglegt m\u00e1l", "m\u00e1lfr\u00e6\u00f0i", "or\u00f0afor\u00f0i"]}, {"abbreviation": "UF", "topics": ["Undirb\u00fainingur", "framhald"]}, {"abbreviation": "NL", "topics": ["N\u00fdsk\u00f6pun", "b\u00f3kmenntir", "listir"]}, {"abbreviation": "HT", "topics": ["Hlustun og tj\u00e1ning"]}, {"abbreviation": "LL", "topics": ["Lestur og lesskilningur"]}, {"abbreviation": "GO", "topics": ["Grunnor\u00f0afor\u00f0i"]}, {"abbreviation": "RS", "topics": ["Ritun og stafsetning"]}, {"abbreviation": "BC", "topics": ["Beonc\u00e9", "black history"]}, {"abbreviation": "VG", "topics": ["V\u00edsinda- og fagenska"]}, {"abbreviation": "BK", "topics": ["B\u00e6kur og kvikmyndir"]}, {"abbreviation": "FL", "topics": ["Fer\u00f0al\u00f6g og vi\u00f0fangsefni l\u00ed\u00f0andi stundar"]}, {"abbreviation": "XA", "topics": ["M\u00e1lskilningur", "lestur", "ritun og tj\u00e1ning"]}, {"abbreviation": "XB", "topics": ["M\u00e1lskilningur", "lestur", "ritun"]}, {"abbreviation": "XC", "topics": ["M\u00e1lskilningur", "lestur", "ritun og tal"]}, {"abbreviation": "HF", "topics": ["hagn\u00fdt enska (forn\u00e1m)"]}, {"abbreviation": "ER", "topics": ["enska \u00ed raunveruleikanum"]}, {"abbreviation": "FS", "topics": ["Fagenska \u00ed f\u00e9lagsv\u00edsindum"]}, {"abbreviation": "HS", "topics": ["Fagenska \u00ed vi\u00f0skiptum og hagfr\u00e6\u00f0i"]}, {"abbreviation": "N\u00c1", "topics": ["Fagenska \u00ed raunv\u00edsindum og t\u00e6kni"]}, {"abbreviation": "FM", "topics": ["Fagenska \u00ed fj\u00f6lmi\u00f0lum og marka\u00f0sfr\u00e6\u00f0i"]}, {"abbreviation": "TV", "topics": ["Fagenska \u00ed t\u00e6kni og v\u00edsindum"]}, {"abbreviation": "YE", "topics": ["Yndislestur \u00e1 ensku"]}, {"abbreviation": "GF", "topics": ["hlustun og tj\u00e1ning", "l\u00e6si", "ritun"]}, {"abbreviation": "UB", "topics": ["l\u00e6si", "ritun og hlustun", "tj\u00e1ning"]}, {"abbreviation": "\u00c1\u00c1", "topics": ["b\u00f3kmenntir", "f\u00e6rni", "lestur", "ritun"]}, {"abbreviation": "TT", "topics": ["Tungum\u00e1l", "T\u00f3mstundir"]}, {"abbreviation": "KT", "topics": ["Enska"]}, {"abbreviation": "WW", "topics": ["Enska 8 \u00e1 starfsbraut"]}, {"abbreviation": "AL", "topics": ["enska sem alheims m\u00e1l"]}, {"abbreviation": "AU", "topics": ["M\u00e1lfr\u00e6\u00f0i", "hlustun og tal"]}, {"abbreviation": "SZ", "topics": ["Enska \u00e1 starfsbraut"]}, {"abbreviation": "EO", "topics": ["Enska 2 - forn\u00e1m"]}, {"abbreviation": "CR", "topics": ["Art of Crime"]}, {"abbreviation": "PL", "topics": ["Pleasure reading"]}, {"abbreviation": "TN", "topics": ["T\u00f6lvunotkun og forritun"]}, {"abbreviation": "FN", "topics": ["Forritun og t\u00f6lvunotkun"]}, {"abbreviation": "CF", "topics": ["Crime Fiction"]}, {"abbreviation": "GA", "topics": ["Menning og mannl\u00edf"]}, {"abbreviation": "TG", "topics": ["enska M\u00c1"]}, {"abbreviation": "LA", "topics": ["Language and literature"]}, {"abbreviation": "DR", "topics": ["drama"]}, {"abbreviation": "NF", "topics": ["novel and film"]}, {"abbreviation": "HI", "topics": ["History and literature"]}, {"abbreviation": "MY", "topics": ["M\u00e1lnotkun og yndislestur"]}, {"abbreviation": "MK", "topics": ["m\u00e1lsv\u00e6\u00f0i og k\u00falt\u00far"]}, {"abbreviation": "FX", "topics": ["fagtextar"]}, {"abbreviation": "CU", "topics": ["Bresk menning"]}, {"abbreviation": "\u00cdA", "topics": ["Grunn\u00e1fangi"]}, {"abbreviation": "SC", "topics": ["Grunn\u00fe\u00e6ttir rita\u00f0s og tala\u00f0s m\u00e1ls"]}, {"abbreviation": "SD", "topics": ["Grunn\u00fe\u00e6ttir enskunnar", "lesskilningsverkefni", "menning og saga enskum\u00e6landi landa"]}, {"abbreviation": "SH", "topics": ["Grunn\u00fe\u00e6ttir enskunnar", "b\u00f3kmenntir", "menning og saga enskum\u00e6landi landa"]}, {"abbreviation": "SI", "topics": ["Grunn\u00fe\u00e6ttir enskunnar", "b\u00f3kmenntir", "lesskilningsverkefni", "menning og saga enskum\u00e6landi landa"]}, {"abbreviation": "SJ", "topics": ["Grunn\u00fe\u00e6ttir enskunnar", "b\u00f3kmenntir", "lesskilningsverkefni", "menning og saga enskum\u00e6landi landa", "m\u00e1lfr\u00e6\u00f0i\u00e6fingar"]}, {"abbreviation": "SN", "topics": ["Grunn\u00fe\u00e6ttir enskunnar", "b\u00f3kmenntir", "lesskilningsverkefni", "menning og saga enskum\u00e6landi landa", "m\u00e1lfr\u00e6\u00f0i- og or\u00f0afor\u00f0averkefni"]}, {"abbreviation": "SP", "topics": ["Grunn\u00fe\u00e6ttir enskunnar", "b\u00f3kmenntir", "menning og saga enskum\u00e6landi landa", "\u00fej\u00f3\u00f0f\u00e9lagsm\u00e1l"]}, {"abbreviation": "SS", "topics": ["Grunn\u00fe\u00e6ttir enskunnar", "b\u00f3kmenntir", "lesskilningsverkefni", "menning og saga enskum\u00e6landi landa", "\u00fej\u00f3\u00f0f\u00e9lagsm\u00e1l"]}], "_id": "50c0a02dd8e40575f7f6f488", "subjects": ["enska"], "counter": {"1": 88, "3": 68, "2": 64, "4": 1}}, "evaluation": "\u00c1fanginn er s\u00edmats\u00e1fangi. Mats\u00fe\u00e6ttir eru lag\u00f0ir fyrir yfir \u00f6nnina samkv\u00e6mt kennslu\u00e1\u00e6tlun. ", "categorization_suggestion": "AT", "embedded_topics": {"abbreviation": "\u00cdA", "topics": ["Grunn\u00e1fangi"]}, "status": "approved by school", "description": "Enska fyrir erlenda nemendur sem l\u00e6rt hafa litla sem enga ensku. \u00c1hersla er l\u00f6g\u00f0 \u00e1 lestur fj\u00f6lbreyttra texta til a\u00f0 byggja upp or\u00f0afor\u00f0a. Or\u00f0afor\u00f0i er jafnframt bygg\u00f0ur upp me\u00f0 lestri \u00feriggja sm\u00e1sagna \u00e1 \u00f6nninni. Skriflegar \u00e6fingar ger\u00f0ar til a\u00f0 \u00fej\u00e1lfa virkan or\u00f0afor\u00f0a. Talm\u00e1l \u00e6ft \u00ed tengslum vi\u00f0 lesefni e\u00f0a anna\u00f0 efni sem kennari l\u00e6tur nemendum \u00ed t\u00e9. M\u00e1lfr\u00e6\u00f0i er \u00e6f\u00f0 me\u00f0 skriflegum \u00e6fingum. A\u00f0eins er t\u00f6lu\u00f0 enska \u00ed kennslustundum.", "knowledge_goals": ["or\u00f0afor\u00f0a tengdum ath\u00f6fnum daglegs l\u00edfs.", "undirst\u00f6\u00f0uatri\u00f0um enskrar m\u00e1lfr\u00e6\u00f0i.", "undirst\u00f6\u00f0uatri\u00f0um enskrar r\u00e9ttritunar.", "helstu frambur\u00f0arreglum."], "skills_goals": ["lesa texta um daglegt l\u00edf f\u00f3lks.", "lesa einfalda\u00f0a b\u00f3kmenntatexta.", "leysa verkefni \u00ed undirst\u00f6\u00f0uatri\u00f0um enskrar m\u00e1lfr\u00e6\u00f0i.", "geta rita\u00f0 einfalda texta og beitt \u00fear r\u00e9ttritunarreglum.", "tala ensku um einf\u00f6ld m\u00e1lefni."], "credits": 5, "last_modified": 1558362433.031335, "schools": ["512352c28caa45ed97015b48"], "coauthors": null, "instructions": "", "continued_education": false, "level": 1, "prerequisites": "", "author": "5ab4bf42-9e24-478d-8959-babc271df6b5", "abbreviation_version": null, "competence_goals": [["geta lesi\u00f0 einfalda enska texta s\u00e9r til gagns og gamans.", ""], ["geta lesi\u00f0 b\u00f3kmenntir \u00e1 fremur einf\u00f6ldu m\u00e1li.", ""], ["geta rita\u00f0 enska texta s\u00e9r til gagns og gamans, t.d. sendibr\u00e9f og t\u00f6lvup\u00f3st.", ""], ["geta tala\u00f0 vi\u00f0 enskum\u00e6landi f\u00f3lk um athafnir daglegs l\u00edfs.", ""]], "_id": "5ce2b941e3d27fd17a0005d8"}], "required_credits": 5}, {"total_credits": 10, "courses": [{"exemplary": null, "topics": "Grunn\u00e1fangi", "abbreviation": "ST\u00c6R1\u00cdA05(AT)", "former_schools": null, "subject": "st\u00e6r\u00f0fr\u00e6\u00f0i", "title": "Grunn\u00e1fangi \u00ed st\u00e6r\u00f0fr\u00e6\u00f0i", "version": 111, "status_trans": "Sam\u00feykkt af sk\u00f3la", "embedded_subject": {"abbreviation": "ST\u00c6R", "topics": [{"abbreviation": "FN", "topics": ["fylkjareikningur", "l\u00ednuleg bestun", "netafr\u00e6\u00f0i"]}, {"abbreviation": "HR", "topics": ["heildun", "ra\u00f0ir", "runur", "r\u00famm\u00e1l sn\u00fa\u00f0s"]}, {"abbreviation": "DF", "topics": ["deildun", "f\u00f6ll", "markgildi"]}, {"abbreviation": "TD", "topics": ["deildaj\u00f6fnur", "tvinnt\u00f6lur"]}, {"abbreviation": "HV", "topics": ["hornaf\u00f6ll", "vigrar"]}, {"abbreviation": "T\u00c1", "topics": ["t\u00f6lfr\u00e6\u00f0i", "\u00e1lyktunart\u00f6lfr\u00e6\u00f0i"]}, {"abbreviation": "LT", "topics": ["l\u00edkindareikningur", "talningafr\u00e6\u00f0i", "t\u00f6lfr\u00e6\u00f0i"]}, {"abbreviation": "AT", "topics": ["algebra", "j\u00f6fnur", "talnafr\u00e6\u00f0i"]}, {"abbreviation": "AF", "topics": ["algebra", "f\u00f6ll", "gr\u00f6f"]}, {"abbreviation": "HM", "topics": ["h\u00e1t\u00ed\u00f0isdagar", "merkisdagar"]}, {"abbreviation": "GS", "topics": ["grunna\u00f0ger\u00f0ir"]}, {"abbreviation": "VG", "topics": ["grunna\u00f0ger\u00f0ir", "ver\u00f0\u00fatreikningar"]}, {"abbreviation": "MU", "topics": ["m\u00e6lieiningar", "uppskriftir"]}, {"abbreviation": "HP", "topics": ["heimilisinnkaup"]}, {"abbreviation": "RD", "topics": ["d\u00e6mareikningur", "r\u00f6khugsun"]}, {"abbreviation": "VK", "topics": ["keilusni\u00f0", "vigrar"]}, {"abbreviation": "AL", "topics": ["algebra"]}, {"abbreviation": "HA", "topics": ["hagn\u00fdt st\u00e6r\u00f0fr\u00e6\u00f0i daglegs l\u00edfs"]}, {"abbreviation": "AX", "topics": ["f\u00f6ll og deildun"]}, {"abbreviation": "AN", "topics": ["hornafr\u00e6\u00f0i", "keilusni\u00f0", "vigrar"]}, {"abbreviation": "CT", "topics": ["t\u00f6lfr\u00e6\u00f0i og l\u00edkindafr\u00e6\u00f0i"]}, {"abbreviation": "BR", "topics": ["klass\u00edsk r\u00famfr\u00e6\u00f0i"]}, {"abbreviation": "BH", "topics": ["algebra", "b", "h", "margli\u00f0ur og fleygbogar"]}, {"abbreviation": "GN", "topics": ["grunn\u00e1fangi \u00e1 n\u00e1tt\u00faruv\u00edsindabraut"]}, {"abbreviation": "LH", "topics": ["hornaf\u00f6ll og vigrar o.fl.", "lotubundin f\u00f6ll"]}, {"abbreviation": "FH", "topics": ["grunn\u00e1fangi \u00e1 f\u00e9lags- og hugv\u00edsindabraut"]}, {"abbreviation": "T\u00d6", "topics": ["undirst\u00f6\u00f0uatri\u00f0i t\u00f6lfr\u00e6\u00f0i"]}, {"abbreviation": "VH", "topics": ["hornf\u00f6ll", "vigrar o.fl."]}, {"abbreviation": "FD", "topics": ["algengustu f\u00f6ll", "deildun \u00feeirra og helstu eiginleikar"]}, {"abbreviation": "\u00deR", "topics": ["\u00fer\u00edv\u00ed\u00f0 r\u00famfr\u00e6\u00f0i"]}, {"abbreviation": "SS", "topics": ["strj\u00e1l st\u00e6r\u00f0fr\u00e6\u00f0i"]}, {"abbreviation": "TF", "topics": ["\u00e1lyktunart\u00f6lfr\u00e6\u00f0i"]}, {"abbreviation": "UA", "topics": ["a", "upprifjun"]}, {"abbreviation": "UB", "topics": ["b", "undirb\u00faningur"]}, {"abbreviation": "HS", "topics": ["hagn\u00fdt", "st\u00e6r\u00f0fr\u00e6\u00f0i"]}, {"abbreviation": "TS", "topics": ["st\u00e6r\u00f0fr\u00e6\u00f0i", "t\u00f6luleg"]}, {"abbreviation": "AJ", "topics": ["algebra", "j\u00f6fnur"]}, {"abbreviation": "FJ", "topics": ["f\u00f6ll", "j\u00f6fnur"]}, {"abbreviation": "TL", "topics": ["l\u00edkindareikningur", "t\u00f6lfr\u00e6\u00f0i"]}, {"abbreviation": "DH", "topics": ["deildarj\u00f6fnur", "heildi"]}, {"abbreviation": "FA", "topics": ["aflei\u00f0ur", "ferlaranns\u00f3knir"]}, {"abbreviation": "RT", "topics": ["ranns\u00f3knir", "t\u00f6lfr\u00e6\u00f0i"]}, {"abbreviation": "Y\u00c1", "topics": ["yfirlit", "\u00e1fangi"]}, {"abbreviation": "SG", "topics": ["greining", "st\u00e6r\u00f0fr\u00e6\u00f0i"]}, {"abbreviation": "GR", "topics": ["grunn\u00e1fangi \u00ed st\u00e6r\u00f0fr\u00e6\u00f0i"]}, {"abbreviation": "MF", "topics": ["f\u00f6ll", "margli\u00f0ur"]}, {"abbreviation": "HO", "topics": ["hornafr\u00e6\u00f0i", "vigrar"]}, {"abbreviation": "DM", "topics": ["deildun", "markgildi"]}, {"abbreviation": "RH", "topics": ["heildun", "ra\u00f0ir", "runur"]}, {"abbreviation": "FT", "topics": ["brei\u00f0bogaf\u00f6ll", "fylkjareikningur", "tvinnt\u00f6lur"]}, {"abbreviation": "D\u00c6", "topics": ["d\u00e6gurd\u00e6mi"]}, {"abbreviation": "R\u00da", "topics": ["r\u00famfr\u00e6\u00f0i", "\u00fer\u00edv\u00eddd"]}, {"abbreviation": "D\u00d3", "topics": ["deildi", "\u00f3bein deildun. heildi og heildunara\u00f0fer\u00f0ir. fyrsta stigs deildaj\u00f6fnur."]}, {"abbreviation": "HT", "topics": ["2. stigs diffurj\u00f6fnur . runur og ra\u00f0ir", "hagn\u00fdting heildareiknings", "samleitnipr\u00f3f.", "tvinnt\u00f6lur"]}, {"abbreviation": "AG", "topics": ["r\u00famfr\u00e6\u00f0i", "t\u00f6lur og algebra"]}, {"abbreviation": "UN", "topics": ["undirb\u00fanings\u00e1fangi \u00ed st\u00e6r\u00f0fr\u00e6\u00f0i"]}, {"abbreviation": "FS", "topics": ["f\u00f6ll og r\u00f6kfr\u00e6\u00f0i", "st\u00e6r\u00f0fr\u00e6\u00f0i \u2013 talnafr\u00e6\u00f0i"]}, {"abbreviation": "L\u00c6", "topics": ["l\u00edkindafr\u00e6\u00f0i og fj\u00e1rm\u00e1lal\u00e6si", "t\u00f6lfr\u00e6\u00f0i"]}, {"abbreviation": "LE", "topics": ["t\u00f6lvugraf\u00edk og t\u00f6lvuleikir"]}, {"abbreviation": "BN", "topics": ["algebra", "b", "margli\u00f0ur og fleygbogar", "n"]}, {"abbreviation": "BX", "topics": ["algebra", "b", "fleygbogar", "lograr", "x"]}, {"abbreviation": "AH", "topics": ["algebra", "f\u00f6ll", "hornafr\u00e6\u00f0i", "margli\u00f0ur", "mengi"]}, {"abbreviation": "AR", "topics": ["algebra", "r\u00famfr\u00e6\u00f0i"]}, {"abbreviation": "JM", "topics": ["t\u00f6lur mengi  j\u00f6fnur r\u00f6kfr\u00e6\u00f0i talningarfr\u00e6\u00f0i"]}, {"abbreviation": "VI", "topics": ["vigrar hornaf\u00f6ll f\u00f6ll"]}, {"abbreviation": "DR", "topics": ["deildarj\u00f6fnu", "heildun", "runur og ra\u00f0ir"]}, {"abbreviation": "DE", "topics": ["deildun"]}, {"abbreviation": "HD", "topics": ["deildaj\u00f6fnun", "heildun", "ra\u00f0ir", "runur"]}, {"abbreviation": "HE", "topics": ["1.stigs deildarj\u00f6fnur.", "heildun", "runur og ra\u00f0ir"]}, {"abbreviation": "RF", "topics": ["r\u00famfr\u00e6\u00f0i"]}, {"abbreviation": "FO", "topics": ["forn\u00e1ms\u00e1fangi"]}, {"abbreviation": "AP", "topics": ["algengar reiknia\u00f0ger\u00f0ir", "peningar og m\u00e6lieiningar", "t\u00edmat\u00e1kn"]}, {"abbreviation": "SF", "topics": ["Forn\u00e1m \u00ed st\u00e6r\u00f0fr\u00e6\u00f0i"]}, {"abbreviation": "BB", "topics": ["Forn\u00e1m 2"]}, {"abbreviation": "RA", "topics": ["Algebra", "f\u00f6ll", "r\u00famfr\u00e6\u00f0i", "t\u00f6lfr\u00e6\u00f0i"]}, {"abbreviation": "L\u00c1", "topics": ["l\u00fdsandi t\u00f6lfr\u00e6\u00f0i", "t\u00f6flureiknir", "\u00e1lyktunart\u00f6lfr\u00e6\u00f0i"]}, {"abbreviation": "TJ", "topics": ["Almennur talnareikningur", "form\u00falur", "j\u00f6fnur", "pr\u00f3sentur"]}, {"abbreviation": "JH", "topics": ["J\u00f6fnur", "hlutf\u00f6ll", "hnitakerfi\u00f0", "talname\u00f0fer\u00f0"]}, {"abbreviation": "RV", "topics": ["hornafr\u00e6\u00f0i \u00fer\u00edhyrnings", "hornaf\u00f6ll", "vigrar"]}, {"abbreviation": "DT", "topics": ["deildaj\u00f6fnur", "heildi", "samleitni", "tvinnt\u00f6lur"]}, {"abbreviation": "DS", "topics": ["deildaj\u00f6fnur", "samleitni", "tvinnt\u00f6lur"]}, {"abbreviation": "\u00deV", "topics": ["keilusni\u00f0", "vigrar", "\u00fer\u00edv\u00ed\u00f0 r\u00famfr\u00e6\u00f0i"]}, {"abbreviation": "FG", "topics": ["algebra", "f\u00f6ll", "gr\u00f6f", "veldi og r\u00e6tur"]}, {"abbreviation": "CX", "topics": ["f\u00f6ll og deildun fyri M\u00c1L og F\u00c9L"]}, {"abbreviation": "A\u00de", "topics": ["a", "\u00ferautalausnir"]}, {"abbreviation": "C\u00de", "topics": ["\u00derautalausnir"]}, {"abbreviation": "DN", "topics": ["algebra", "margli\u00f0ur og fleygbogar"]}, {"abbreviation": "UT", "topics": ["t\u00f6lfr\u00e6\u00f0i"]}, {"abbreviation": "OJ", "topics": ["t\u00f6lugildi og j\u00f6fnuhneppi", "\u00f3j\u00f6fnur"]}, {"abbreviation": "RG", "topics": ["R\u00famfr\u00e6\u00f0i me\u00f0 GeoGebru"]}, {"abbreviation": "HG", "topics": ["hagn\u00fdt st\u00e6r\u00f0fr\u00e6\u00f0i"]}, {"abbreviation": "AA", "topics": ["algengar reiknia\u00f0ger\u00f0ir"]}, {"abbreviation": "HL", "topics": ["Heildun"]}, {"abbreviation": "FM", "topics": ["F\u00f6ll", "markgildi og deildun algengustu falla"]}, {"abbreviation": "SH", "topics": ["St\u00e6r\u00f0fr\u00e6\u00f0igreining", "deildaj\u00f6fnur", "heildun", "runur og ra\u00f0ir"]}, {"abbreviation": "MA", "topics": ["Mengi", "algebra"]}, {"abbreviation": "HK", "topics": ["Hornaf\u00f6ll", "keilusni\u00f0", "vigrar"]}, {"abbreviation": "RM", "topics": ["R\u00famfr\u00e6\u00f0i"]}, {"abbreviation": "AB", "topics": ["almenn brot"]}, {"abbreviation": "RR", "topics": ["Hagn\u00fdting heildareiknings", "runur og ra\u00f0ir"]}, {"abbreviation": "HB", "topics": ["Hnit og b\u00f3kstafareikningur"]}, {"abbreviation": "RU", "topics": ["R\u00famfr\u00e6\u00f0i og hornaf\u00f6ll"]}, {"abbreviation": "VJ", "topics": ["Veldi og j\u00f6fnur"]}, {"abbreviation": "GA", "topics": ["Grunna\u00f0ger\u00f0ir algebru"]}, {"abbreviation": "AD", "topics": ["algebra", "brot", "hlutfallareikningur"]}, {"abbreviation": "B\u00c1", "topics": ["Br\u00faar\u00e1fangi"]}, {"abbreviation": "SB", "topics": ["St\u00e6r\u00f0fr\u00e6\u00f0ibr\u00fa"]}, {"abbreviation": "SL", "topics": ["St\u00e6r\u00f0fr\u00e6\u00f0il\u00edk\u00f6n"]}, {"abbreviation": "ST", "topics": ["St\u00e6r\u00f0fr\u00e6\u00f0igrunnur", "f\u00f6ll og  hnitakerfi", "j\u00f6fnur", "r\u00famfr\u00e6\u00f0i"]}, {"abbreviation": "MV", "topics": ["Mengi", "hornaf\u00f6ll", "talningarfr\u00e6\u00f0i", "vigrar og keilusni\u00f0"]}, {"abbreviation": "FF", "topics": ["F\u00f6ll og ferlar"]}, {"abbreviation": "MD", "topics": ["F\u00f6ll", "margli\u00f0udeiling", "markgildi og deildun algengustu falla"]}, {"abbreviation": "SR", "topics": ["St\u00e6r\u00f0fr\u00e6\u00f0igreining", "fylkjareikningur", "heildun", "l\u00ednuleg bestun", "runur og ra\u00f0ir", "\u00ferepasannanir og margv\u00ed\u00f0 f\u00f6ll"]}, {"abbreviation": "HN", "topics": ["hnitakerfi"]}, {"abbreviation": "JF", "topics": ["f\u00f6ll", "j\u00f6fnur og \u00f3j\u00f6fnur", "l\u00edkindareikningur og t\u00f6lfr\u00e6\u00f0i", "rauntalnakerfi"]}, {"abbreviation": "LF", "topics": ["F\u00f6ll og ferlar - l\u00ednur og fleygbogar"]}, {"abbreviation": "R\u00d6", "topics": ["R\u00f6k og mengi"]}, {"abbreviation": "F\u00d6", "topics": ["F\u00f6ll", "ferlar", "fleygbogar", "keilusni\u00f0 og hornaf\u00f6ll", "l\u00ednur"]}, {"abbreviation": "MG", "topics": ["Markgildi og aflei\u00f0ur"]}, {"abbreviation": "JR", "topics": ["AJ", "BR"]}, {"abbreviation": "PV", "topics": ["aflei\u00f0ur", "lograr", "pr\u00f3sentur", "vaxtareikningur"]}, {"abbreviation": "FV", "topics": ["Heildun falla", "flatarm\u00e1l og r\u00famm\u00e1l"]}, {"abbreviation": "VS", "topics": ["Vi\u00f0skipta st\u00e6r\u00f0fr\u00e6\u00f0i"]}, {"abbreviation": "BT", "topics": ["B\u00f3kstafareikningur og talnal\u00e6si"]}, {"abbreviation": "XY", "topics": ["Algebra", "hnitakerfi\u00f0", "hornaf\u00f6ll.", "r\u00famfr\u00e6\u00f0i"]}, {"abbreviation": "XZ", "topics": ["Algebra", "hnitakerfi\u00f0", "hornaf\u00f6ll.", "j\u00f6fnur", "r\u00famfr\u00e6\u00f0i"]}, {"abbreviation": "TV", "topics": ["T\u00f6lfr\u00e6\u00f0i", "talningar", "vi\u00f0skipti."]}, {"abbreviation": "\u00c1T", "topics": ["T\u00f6lfr\u00e6\u00f0i", "\u00e1lyktunart\u00f6lfr\u00e6\u00f0i"]}, {"abbreviation": "TT", "topics": ["Algebra", "talningafr\u00e6\u00f0i", "t\u00f6lfr\u00e6\u00f0i og l\u00edkindareikningur"]}, {"abbreviation": "GH", "topics": ["algebra", "forgangsr\u00f6\u00f0 a\u00f0ger\u00f0a", "hnitakerfi"]}, {"abbreviation": "SI", "topics": ["St\u00e6r\u00f0fr\u00e6\u00f0i 1 \u00e1 starfsbraut"]}, {"abbreviation": "SJ", "topics": ["St\u00e6r\u00f0fr\u00e6\u00f0i 2 \u00e1 starfsbraut"]}, {"abbreviation": "SK", "topics": ["St\u00e6r\u00f0fr\u00e6\u00f0i 3 \u00e1 starfsbraut"]}, {"abbreviation": "GF", "topics": ["Grunn\u00e1fangi \u00ed st\u00e6r\u00f0fr\u00e6\u00f0i \u00e1 f\u00e9lagsv\u00edsindabraut"]}, {"abbreviation": "G\u00c1", "topics": ["Grunn\u00e1fangi \u00ed st\u00e6r\u00f0fr\u00e6\u00f0i \u00e1 n\u00e1tt\u00faruv\u00edsindabraut"]}, {"abbreviation": "DD", "topics": ["D\u00e6gurd\u00e6mi"]}, {"abbreviation": "FL", "topics": ["ST\u00c6R"]}, {"abbreviation": "HH", "topics": ["Hlutf\u00f6ll", "hornaf\u00f6ll"]}, {"abbreviation": "DL", "topics": ["Peningar", "t\u00edmahugt\u00f6k", "ver\u00f0gildi"]}, {"abbreviation": "PI", "topics": ["Peningar", "innkaup", "ver\u00f0mi\u00f0ar"]}, {"abbreviation": "PH", "topics": ["Peningar", "heimilisb\u00f3khald", "tekjur og \u00fatgj\u00f6ld"]}, {"abbreviation": "PR", "topics": ["Pr\u00f3sentureikningur"]}, {"abbreviation": "TG", "topics": ["Talnagildi"]}, {"abbreviation": "MH", "topics": ["F\u00f6ll", "fleygbogar", "hornaf\u00f6ll", "margli\u00f0ur"]}, {"abbreviation": "VR", "topics": ["Vigrar", "r\u00famfr\u00e6\u00f0i"]}, {"abbreviation": "CQ", "topics": ["f\u00f6ll og deildun. Annar \u00e1fangi"]}, {"abbreviation": "JV", "topics": ["2. stigs j\u00f6fnur", "hnitakerfi\u00f0 og algebrubrot", "v\u00edsif\u00f6ll"]}, {"abbreviation": "HI", "topics": ["Heildun og deildarj\u00f6fnur"]}, {"abbreviation": "BQ", "topics": ["Algebra", "brot", "fleygbogar og lograr"]}, {"abbreviation": "CC", "topics": ["Vigrar og hornaf\u00f6ll"]}, {"abbreviation": "EE", "topics": ["Heildun", "diffurj\u00f6fnur", "runur og ra\u00f0ir"]}, {"abbreviation": "FU", "topics": ["Heildun", "tvinnt\u00f6lur og diffurj\u00f6fnur"]}, {"abbreviation": "ES", "topics": ["Strj\u00e1l st\u00e6r\u00f0fr\u00e6\u00f0i"]}, {"abbreviation": "EL", "topics": ["L\u00ednuleg algebra"]}, {"abbreviation": "AM", "topics": ["Algebra", "f\u00f6ll og mengi"]}, {"abbreviation": "P\u00de", "topics": ["lausn jafna", "pr\u00f3sentureikningur", "r\u00famfr\u00e6\u00f0i", "talnareikningur"]}, {"abbreviation": "MM", "topics": ["fleygbogar", "hnitakerfi\u00f0", "margli\u00f0ur", "mengi"]}, {"abbreviation": "\u00deA", "topics": ["algebra", "hlutf\u00f6ll", "veldi", "\u00fer\u00edhyrningar"]}, {"abbreviation": "VA", "topics": ["Vi\u00f0skiptareikningur"]}, {"abbreviation": "HJ", "topics": ["hnitakerfi", "j\u00f6fnur", "margli\u00f0ur"]}, {"abbreviation": "YM", "topics": ["fylkjareikningur", "hagn\u00fdting \u00e1 diffurreikningi", "tvinnt\u00f6lureikningar"]}, {"abbreviation": "BD", "topics": ["brei\u00f0bogaf\u00f6ll", "diffurj\u00f6fnur", "fylki"]}, {"abbreviation": "DV", "topics": ["Diffrun", "f\u00f6ll", "v\u00edsis- og lograf\u00f6ll"]}, {"abbreviation": "VD", "topics": ["diffrun", "vigrar"]}, {"abbreviation": "HF", "topics": ["diffurj\u00f6fnur", "fylgi", "heildun", "r\u00famfr\u00e6\u00f0i"]}, {"abbreviation": "MJ", "topics": ["2. stigs j\u00f6fnur og \u00f3j\u00f6fnur", "Mengjareikningur", "gr\u00f6f", "margli\u00f0ur og l\u00f3garitma.", "veldi og r\u00e6tur"]}, {"abbreviation": "ML", "topics": ["Mengi", "j\u00f6fnur", "l\u00f3garitmar.", "margli\u00f0ur"]}, {"abbreviation": "KV", "topics": ["Vigrar", "hnitar\u00famfr\u00e6\u00f0i og r\u00f6kfr\u00e6\u00f0i.", "hornaf\u00f6ll", "keilusni\u00f0"]}, {"abbreviation": "DI", "topics": ["Heildun", "diffurj\u00f6fnur."]}, {"abbreviation": "TM", "topics": ["T\u00edmahugt\u00f6k"]}, {"abbreviation": "FX", "topics": ["Fallafr\u00e6\u00f0i"]}, {"abbreviation": "HX", "topics": ["Heildun fyrir raungreinabraut"]}, {"abbreviation": "LP", "topics": ["L\u00edkinda- og t\u00f6lfr\u00e6\u00f0i fyrir n\u00e1tt\u00farufr\u00e6\u00f0ibraut"]}, {"abbreviation": "LX", "topics": ["L\u00edkinda- og t\u00f6lfr\u00e6\u00f0i fyrir raungreinabraut"]}, {"abbreviation": "TX", "topics": ["Tvinnt\u00f6lur og diffurj\u00f6fnur"]}, {"abbreviation": "IB", "topics": ["Algebra", "flatarm\u00e1l og r\u00famm\u00e1l", "j\u00f6fnur"]}, {"abbreviation": "IA", "topics": ["Talnareikningur", "algebrugrunnur og hnitakerfi\u00f0"]}, {"abbreviation": "TA", "topics": ["T\u00f6lur", "algebra", "hj\u00e1lpart\u00e6ki"]}, {"abbreviation": "RB", "topics": ["Reiknia\u00f0ger\u00f0ir", "algebra", "brot og pr\u00f3sentur"]}, {"abbreviation": "TR", "topics": ["T\u00f6lur", "algebra", "j\u00f6fnur", "r\u00famfr\u00e6\u00f0i", "talningarfr\u00e6\u00f0i", "veldi"]}, {"abbreviation": "GB", "topics": ["Grunna\u00f0ger\u00f0ir", "brot", "peninga\u00fej\u00e1lfun", "pr\u00f3sentur"]}, {"abbreviation": "EF", "topics": ["Eigin fj\u00e1rm\u00e1l", "fj\u00e1rm\u00e1lal\u00e6si"]}, {"abbreviation": "BM", "topics": ["Brot og m\u00e6lingar"]}, {"abbreviation": "CA", "topics": ["St\u00e6r\u00f0fr\u00e6\u00f0igreining"]}, {"abbreviation": "VV", "topics": ["Pr\u00f3sentureikningur", "veltuhra\u00f0i", "v\u00edsitala", "v\u00f6rureikningur"]}, {"abbreviation": "AU", "topics": ["Talnareikningur", "algebra", "j\u00f6fnur og pr\u00f3sentur", "r\u00e6tur", "veldi"]}, {"abbreviation": "SD", "topics": ["Excel", "Peningar", "flatarm\u00e1l og r\u00famm\u00e1l", "hlutf\u00f6ll", "m\u00e6likvar\u00f0ar", "pr\u00f3sentur", "rekstur heimilis", "talnafr\u00e6\u00f0i", "t\u00f6lfr\u00e6\u00f0i"]}, {"abbreviation": "TP", "topics": ["T\u00f6lfr\u00e6\u00f0i", "a\u00f0hvarfsdreifing", "l\u00edkindadreifingar", "markt\u00e6knipr\u00f3f og fylgni"]}, {"abbreviation": "SN", "topics": ["Strj\u00e1l st\u00e6r\u00f0fr\u00e6\u00f0i", "r\u00f6kfr\u00e6\u00f0i og netafr\u00e6\u00f0i"]}, {"abbreviation": "AV", "topics": ["gr\u00fapur og baugar.", "heilt\u00f6lureikningur", "leifareikningur", "varpanir", "\u00ferepun"]}, {"abbreviation": "BG", "topics": ["Gr\u00fapur", "baugar", "fl\u00e9ttufr\u00e6\u00f0i", "net", "umr\u00f6\u00f0un"]}, {"abbreviation": "UR", "topics": ["almenn brot", "b\u00f3kstafareikningur", "j\u00f6fnur", "undirsta\u00f0a reiknia\u00f0ger\u00f0a", "veldi"]}, {"abbreviation": "MS", "topics": ["I\u00f0nreikningur"]}, {"abbreviation": "F\u00c1", "topics": ["Fj\u00e1rm\u00e1l"]}, {"abbreviation": "TU", "topics": ["Tugabrot"]}, {"abbreviation": "GT", "topics": ["Grunnst\u00e6r\u00f0fr\u00e6\u00f0it\u00e1kn"]}, {"abbreviation": "AS", "topics": ["Almenn st\u00e6r\u00f0fr\u00e6\u00f0i"]}, {"abbreviation": "FR", "topics": ["Flatarm\u00e1ls- og r\u00famm\u00e1lsfr\u00e6\u00f0i"]}, {"abbreviation": "XA", "topics": ["st\u00e6r\u00f0fr\u00e6\u00f0i daglegs l\u00edfs"]}, {"abbreviation": "XC", "topics": ["st\u00e6r\u00f0fr\u00e6\u00f0i me\u00f0 \u00e1herslu \u00e1 fj\u00e1rm\u00e1l"]}, {"abbreviation": "XD", "topics": ["fj\u00e1rm\u00e1lal\u00e6si", "st\u00e6r\u00f0fr\u00e6\u00f0i"]}, {"abbreviation": "XB", "topics": ["St\u00e6r\u00f0fr\u00e6\u00f0i daglegs l\u00edfs"]}, {"abbreviation": "SM", "topics": ["Hagn\u00fdt st\u00e6r\u00f0fr\u00e6\u00f0i fyrir nemendur \u00ed matv\u00e6la- og veitingagreina"]}, {"abbreviation": "FB", "topics": ["B hluti", "forn\u00e1m"]}, {"abbreviation": "KT", "topics": ["St\u00e6r\u00f0fr\u00e6\u00f0i"]}, {"abbreviation": "NB", "topics": ["Fleygbogar", "margli\u00f0ur"]}, {"abbreviation": "VE", "topics": ["Verslunarreikningur"]}, {"abbreviation": "EN", "topics": ["Endurlit og lei\u00f0beining"]}, {"abbreviation": "SZ", "topics": ["St\u00e6r\u00f0fr\u00e6\u00f0i \u00e1 starfsbraut"]}, {"abbreviation": "VF", "topics": ["Fj\u00e1rm\u00e1last\u00e6r\u00f0fr\u00e6\u00f0i"]}, {"abbreviation": "M\u00c1", "topics": ["St\u00e6r\u00f0fr\u00e6\u00f0i M\u00c1"]}, {"abbreviation": "PA", "topics": ["Algebra", "Pr\u00f3sentur"]}, {"abbreviation": "SA", "topics": ["Grunn\u00fe\u00e6ttir st\u00e6r\u00f0fr\u00e6\u00f0innar."]}, {"abbreviation": "SC", "topics": ["r\u00famm\u00e1l", "\u00datreikningar og st\u00e6r\u00f0fr\u00e6\u00f0ileg hugt\u00f6k"]}, {"abbreviation": "SE", "topics": ["metrakerfi\u00f0", "r\u00famm\u00e1l", "st\u00e6r\u00f0fr\u00e6\u00f0ileg hugt\u00f6k", "\u00fatreikningar"]}, {"abbreviation": "SO", "topics": ["almenn brot og tugakerfi", "metrakerfi\u00f0", "st\u00e6r\u00f0fr\u00e6\u00f0ileg hugt\u00f6k", "\u00datreikningar"]}, {"abbreviation": "SP", "topics": ["pr\u00f3sentureikningur", "r\u00famfr\u00e6\u00f0i", "st\u00e6r\u00f0fr\u00e6\u00f0ileg hugt\u00f6k", "\u00datreikningar"]}, {"abbreviation": "SU", "topics": ["\u00c1framhaldandi vinna me\u00f0 \u00fe\u00e6r reiknia\u00f0fer\u00f0ir sem b\u00fai\u00f0 er a\u00f0 leggja inn \u00ed fyrri \u00e1f\u00f6ngum. L\u00f6g\u00f0 \u00e1hersla \u00e1 markvissa \u00fej\u00e1lfun \u00ed \u00feessum a\u00f0fer\u00f0um."]}, {"abbreviation": "SV", "topics": ["Fari\u00f0 d\u00fdpra \u00ed reiknia\u00f0ger\u00f0ir. T\u00f6lfr\u00e6\u00f0i", "hnitakerfi", "me\u00f0altal"]}, {"abbreviation": "SX", "topics": ["\u00c1framhaldandi vinna me\u00f0 \u00fe\u00e6r reiknia\u00f0fer\u00f0ir sem lag\u00f0ar voru inn \u00ed SV. L\u00f6g\u00f0 \u00e1hersla \u00e1 a\u00f0 markvissa \u00fej\u00e1lfun \u00ed \u00feessum a\u00f0fer\u00f0um."]}, {"abbreviation": "LA", "topics": ["L\u00ednuleg algebra", "val"]}, {"abbreviation": "\u00cdA", "topics": ["Grunn\u00e1fangi"]}], "_id": "50c0a02dd8e40575f7f6f490", "subjects": ["st\u00e6r\u00f0fr\u00e6\u00f0i"], "counter": {"1": 109, "3": 88, "2": 103, "4": 7}}, "evaluation": "\u00c1fanginn er s\u00edmats\u00e1fangi. Mats\u00fe\u00e6ttir eru lag\u00f0ir fyrir yfir \u00f6nnina samkv\u00e6mt kennslu\u00e1\u00e6tlun. ", "categorization_suggestion": "AT", "embedded_topics": {"abbreviation": "\u00cdA", "topics": ["Grunn\u00e1fangi"]}, "status": "approved by school", "description": "Meginvi\u00f0fangsefnin eru upprifjun \u00e1 talnareikningi og lag\u00f0ur er grunnur a\u00f0 g\u00f3\u00f0um og skipul\u00f6g\u00f0um vinnubr\u00f6g\u00f0um \u00ed st\u00e6r\u00f0fr\u00e6\u00f0i og n\u00e1kv\u00e6mni \u00ed framsetningu. Tv\u00f6 meginmarkmi\u00f0 \u00e1fangans eru annars vegar a\u00f0 l\u00e1ta nemendur kynnast og skilja \u00edslenskt or\u00f0f\u00e6ri greinarinnar og hins vegar a\u00f0 byggja upp \u00feekkingu og vinnulag og v\u00edkka sj\u00f3ndeildarhring \u00feeirra. Nemendur \u00feurfa a\u00f0 \u00f6\u00f0last sj\u00e1lfstraust til a\u00f0 beita st\u00e6r\u00f0fr\u00e6\u00f0i af \u00f6ryggi \u00ed daglegu l\u00edfi \u00fev\u00ed a\u00f0 g\u00f3\u00f0 st\u00e6r\u00f0fr\u00e6\u00f0ikunn\u00e1tta er mikilv\u00e6gur \u00fe\u00e1ttur \u00ed almennri l\u00edfsleikni.", "knowledge_goals": ["talnamengjum, talname\u00f0fer\u00f0, almennum brotum og tugabrotum, frumt\u00f6lum og deilanleika.", "pr\u00f3sentu-, hlutfalla- og vaxtareikningi.", "undirst\u00f6\u00f0ureglum talna- og b\u00f3kstafareiknings og  1. stigs j\u00f6fnum me\u00f0 einni \u00f3\u00feekktri st\u00e6r\u00f0, forgangsr\u00f6\u00f0 a\u00f0ger\u00f0a og heilt\u00f6luveldi.", "flatarm\u00e1li og r\u00famm\u00e1li algengra forma.", "j\u00f6fnu beinnar l\u00ednu og hnitar\u00famfr\u00e6\u00f0i \u00ed tv\u00edv\u00ed\u00f0um fleti.", "framsetningu gagna \u00e1 myndr\u00e6nu formi."], "skills_goals": ["beita helstu a\u00f0ger\u00f0um \u00e1 heilar t\u00f6lur og nota v\u00edxlreglu, tengireglu og dreifireglu \u00ed talnareikningi.", "breyta milli tugabrota og almennra brot og \u00feekkja deilanleika me\u00f0 l\u00e1gum t\u00f6lum.", "beita veldareglum.", "setja fram sv\u00f6r me\u00f0 vi\u00f0eigandi n\u00e1kv\u00e6mni.", "reikna pr\u00f3sentur, finna hlutf\u00f6ll milli st\u00e6r\u00f0a og reikna vexti.", "forgangsra\u00f0a a\u00f0ger\u00f0um, nota sviga og heilt\u00f6luveldi \u00ed algebru og leysa j\u00f6fnur me\u00f0 einni \u00f3\u00feekktri st\u00e6r\u00f0.", "beita form\u00falum og j\u00f6fnum vi\u00f0 a\u00f0 reikna r\u00famm\u00e1l.", "vinna me\u00f0 j\u00f6fnu beinnar l\u00ednu, finna hallat\u00f6lu og skur\u00f0punkta vi\u00f0 \u00e1sa hnitakerfis.", "setja fram t\u00f6lfr\u00e6\u00f0ileg g\u00f6gn me\u00f0 myndr\u00e6num h\u00e6tti og t\u00falka myndr\u00e6na framsetningu gagna \u00e1 myndr\u00e6nan h\u00e1tt.", "tj\u00e1 sig munnlega og skriflega \u00e1 st\u00e6r\u00f0fr\u00e6\u00f0ilegan h\u00e1tt."], "credits": 5, "last_modified": 1558362488.80379, "schools": ["512352c28caa45ed97015b48"], "coauthors": null, "instructions": "", "continued_education": false, "level": 1, "prerequisites": "", "author": "5ab4bf42-9e24-478d-8959-babc271df6b5", "abbreviation_version": null, "competence_goals": [["skr\u00e1 lausnir s\u00ednar skipulega, skiptast \u00e1 sko\u00f0unum vi\u00f0 a\u00f0ra um \u00fe\u00e6r og \u00fatsk\u00fdra hugmyndir s\u00ednar og verk skilmerkilega \u00e1 vi\u00f0eigandi h\u00e1tt.", ""], ["\u00e1tta sig \u00e1 tengslum \u00f3l\u00edkra a\u00f0fer\u00f0a vi\u00f0 framsetningu st\u00e6r\u00f0fr\u00e6\u00f0ilegra hugmynda og vi\u00f0fangsefna.", ""], ["skilja merkingu og tengsl hugtaka \u00ed n\u00e1msefninu og vinna me\u00f0 \u00feau.", ""], ["geta fylgt og skili\u00f0 r\u00f6ksemdir og r\u00f6ksamhengi \u00ed m\u00e6ltu m\u00e1li og texta.", ""], ["beita skipulegum a\u00f0fer\u00f0um vi\u00f0 a\u00f0 leysa \u00far vi\u00f0fangsefnum og \u00ferautum, s. s. \u00fat fr\u00e1 \u00feekkingu \u00e1 lausnum svipa\u00f0ra \u00ferauta, unni\u00f0 til baka fr\u00e1 \u00feekktum st\u00e6r\u00f0um e\u00f0a me\u00f0 \u00fev\u00ed a\u00f0 setja upp j\u00f6fnur.", ""], ["takast \u00e1 vi\u00f0 st\u00e6r\u00f0fr\u00e6\u00f0ileg verkefni me\u00f0 opnum og j\u00e1kv\u00e6\u00f0um huga.", ""]], "_id": "5ce2b978e3d27fd17a0005df"}, {"exemplary": null, "topics": "klass\u00edsk r\u00famfr\u00e6\u00f0i", "abbreviation": "ST\u00c6R2BR05(AT)", "former_schools": null, "subject": "st\u00e6r\u00f0fr\u00e6\u00f0i", "title": "R\u00fam- og t\u00f6lfr\u00e6\u00f0i, l\u00edkinda- og vi\u00f0skiptareikningur", "version": 52, "status_trans": "Sam\u00feykkt af sk\u00f3la", "embedded_subject": {"abbreviation": "ST\u00c6R", "topics": [{"abbreviation": "FN", "topics": ["fylkjareikningur", "l\u00ednuleg bestun", "netafr\u00e6\u00f0i"]}, {"abbreviation": "HR", "topics": ["heildun", "ra\u00f0ir", "runur", "r\u00famm\u00e1l sn\u00fa\u00f0s"]}, {"abbreviation": "DF", "topics": ["deildun", "f\u00f6ll", "markgildi"]}, {"abbreviation": "TD", "topics": ["deildaj\u00f6fnur", "tvinnt\u00f6lur"]}, {"abbreviation": "HV", "topics": ["hornaf\u00f6ll", "vigrar"]}, {"abbreviation": "T\u00c1", "topics": ["t\u00f6lfr\u00e6\u00f0i", "\u00e1lyktunart\u00f6lfr\u00e6\u00f0i"]}, {"abbreviation": "LT", "topics": ["l\u00edkindareikningur", "talningafr\u00e6\u00f0i", "t\u00f6lfr\u00e6\u00f0i"]}, {"abbreviation": "AT", "topics": ["algebra", "j\u00f6fnur", "talnafr\u00e6\u00f0i"]}, {"abbreviation": "AF", "topics": ["algebra", "f\u00f6ll", "gr\u00f6f"]}, {"abbreviation": "HM", "topics": ["h\u00e1t\u00ed\u00f0isdagar", "merkisdagar"]}, {"abbreviation": "GS", "topics": ["grunna\u00f0ger\u00f0ir"]}, {"abbreviation": "VG", "topics": ["grunna\u00f0ger\u00f0ir", "ver\u00f0\u00fatreikningar"]}, {"abbreviation": "MU", "topics": ["m\u00e6lieiningar", "uppskriftir"]}, {"abbreviation": "HP", "topics": ["heimilisinnkaup"]}, {"abbreviation": "RD", "topics": ["d\u00e6mareikningur", "r\u00f6khugsun"]}, {"abbreviation": "VK", "topics": ["keilusni\u00f0", "vigrar"]}, {"abbreviation": "AL", "topics": ["algebra"]}, {"abbreviation": "HA", "topics": ["hagn\u00fdt st\u00e6r\u00f0fr\u00e6\u00f0i daglegs l\u00edfs"]}, {"abbreviation": "AX", "topics": ["f\u00f6ll og deildun"]}, {"abbreviation": "AN", "topics": ["hornafr\u00e6\u00f0i", "keilusni\u00f0", "vigrar"]}, {"abbreviation": "CT", "topics": ["t\u00f6lfr\u00e6\u00f0i og l\u00edkindafr\u00e6\u00f0i"]}, {"abbreviation": "BR", "topics": ["klass\u00edsk r\u00famfr\u00e6\u00f0i"]}, {"abbreviation": "BH", "topics": ["algebra", "b", "h", "margli\u00f0ur og fleygbogar"]}, {"abbreviation": "GN", "topics": ["grunn\u00e1fangi \u00e1 n\u00e1tt\u00faruv\u00edsindabraut"]}, {"abbreviation": "LH", "topics": ["hornaf\u00f6ll og vigrar o.fl.", "lotubundin f\u00f6ll"]}, {"abbreviation": "FH", "topics": ["grunn\u00e1fangi \u00e1 f\u00e9lags- og hugv\u00edsindabraut"]}, {"abbreviation": "T\u00d6", "topics": ["undirst\u00f6\u00f0uatri\u00f0i t\u00f6lfr\u00e6\u00f0i"]}, {"abbreviation": "VH", "topics": ["hornf\u00f6ll", "vigrar o.fl."]}, {"abbreviation": "FD", "topics": ["algengustu f\u00f6ll", "deildun \u00feeirra og helstu eiginleikar"]}, {"abbreviation": "\u00deR", "topics": ["\u00fer\u00edv\u00ed\u00f0 r\u00famfr\u00e6\u00f0i"]}, {"abbreviation": "SS", "topics": ["strj\u00e1l st\u00e6r\u00f0fr\u00e6\u00f0i"]}, {"abbreviation": "TF", "topics": ["\u00e1lyktunart\u00f6lfr\u00e6\u00f0i"]}, {"abbreviation": "UA", "topics": ["a", "upprifjun"]}, {"abbreviation": "UB", "topics": ["b", "undirb\u00faningur"]}, {"abbreviation": "HS", "topics": ["hagn\u00fdt", "st\u00e6r\u00f0fr\u00e6\u00f0i"]}, {"abbreviation": "TS", "topics": ["st\u00e6r\u00f0fr\u00e6\u00f0i", "t\u00f6luleg"]}, {"abbreviation": "AJ", "topics": ["algebra", "j\u00f6fnur"]}, {"abbreviation": "FJ", "topics": ["f\u00f6ll", "j\u00f6fnur"]}, {"abbreviation": "TL", "topics": ["l\u00edkindareikningur", "t\u00f6lfr\u00e6\u00f0i"]}, {"abbreviation": "DH", "topics": ["deildarj\u00f6fnur", "heildi"]}, {"abbreviation": "FA", "topics": ["aflei\u00f0ur", "ferlaranns\u00f3knir"]}, {"abbreviation": "RT", "topics": ["ranns\u00f3knir", "t\u00f6lfr\u00e6\u00f0i"]}, {"abbreviation": "Y\u00c1", "topics": ["yfirlit", "\u00e1fangi"]}, {"abbreviation": "SG", "topics": ["greining", "st\u00e6r\u00f0fr\u00e6\u00f0i"]}, {"abbreviation": "GR", "topics": ["grunn\u00e1fangi \u00ed st\u00e6r\u00f0fr\u00e6\u00f0i"]}, {"abbreviation": "MF", "topics": ["f\u00f6ll", "margli\u00f0ur"]}, {"abbreviation": "HO", "topics": ["hornafr\u00e6\u00f0i", "vigrar"]}, {"abbreviation": "DM", "topics": ["deildun", "markgildi"]}, {"abbreviation": "RH", "topics": ["heildun", "ra\u00f0ir", "runur"]}, {"abbreviation": "FT", "topics": ["brei\u00f0bogaf\u00f6ll", "fylkjareikningur", "tvinnt\u00f6lur"]}, {"abbreviation": "D\u00c6", "topics": ["d\u00e6gurd\u00e6mi"]}, {"abbreviation": "R\u00da", "topics": ["r\u00famfr\u00e6\u00f0i", "\u00fer\u00edv\u00eddd"]}, {"abbreviation": "D\u00d3", "topics": ["deildi", "\u00f3bein deildun. heildi og heildunara\u00f0fer\u00f0ir. fyrsta stigs deildaj\u00f6fnur."]}, {"abbreviation": "HT", "topics": ["2. stigs diffurj\u00f6fnur . runur og ra\u00f0ir", "hagn\u00fdting heildareiknings", "samleitnipr\u00f3f.", "tvinnt\u00f6lur"]}, {"abbreviation": "AG", "topics": ["r\u00famfr\u00e6\u00f0i", "t\u00f6lur og algebra"]}, {"abbreviation": "UN", "topics": ["undirb\u00fanings\u00e1fangi \u00ed st\u00e6r\u00f0fr\u00e6\u00f0i"]}, {"abbreviation": "FS", "topics": ["f\u00f6ll og r\u00f6kfr\u00e6\u00f0i", "st\u00e6r\u00f0fr\u00e6\u00f0i \u2013 talnafr\u00e6\u00f0i"]}, {"abbreviation": "L\u00c6", "topics": ["l\u00edkindafr\u00e6\u00f0i og fj\u00e1rm\u00e1lal\u00e6si", "t\u00f6lfr\u00e6\u00f0i"]}, {"abbreviation": "LE", "topics": ["t\u00f6lvugraf\u00edk og t\u00f6lvuleikir"]}, {"abbreviation": "BN", "topics": ["algebra", "b", "margli\u00f0ur og fleygbogar", "n"]}, {"abbreviation": "BX", "topics": ["algebra", "b", "fleygbogar", "lograr", "x"]}, {"abbreviation": "AH", "topics": ["algebra", "f\u00f6ll", "hornafr\u00e6\u00f0i", "margli\u00f0ur", "mengi"]}, {"abbreviation": "AR", "topics": ["algebra", "r\u00famfr\u00e6\u00f0i"]}, {"abbreviation": "JM", "topics": ["t\u00f6lur mengi  j\u00f6fnur r\u00f6kfr\u00e6\u00f0i talningarfr\u00e6\u00f0i"]}, {"abbreviation": "VI", "topics": ["vigrar hornaf\u00f6ll f\u00f6ll"]}, {"abbreviation": "DR", "topics": ["deildarj\u00f6fnu", "heildun", "runur og ra\u00f0ir"]}, {"abbreviation": "DE", "topics": ["deildun"]}, {"abbreviation": "HD", "topics": ["deildaj\u00f6fnun", "heildun", "ra\u00f0ir", "runur"]}, {"abbreviation": "HE", "topics": ["1.stigs deildarj\u00f6fnur.", "heildun", "runur og ra\u00f0ir"]}, {"abbreviation": "RF", "topics": ["r\u00famfr\u00e6\u00f0i"]}, {"abbreviation": "FO", "topics": ["forn\u00e1ms\u00e1fangi"]}, {"abbreviation": "AP", "topics": ["algengar reiknia\u00f0ger\u00f0ir", "peningar og m\u00e6lieiningar", "t\u00edmat\u00e1kn"]}, {"abbreviation": "SF", "topics": ["Forn\u00e1m \u00ed st\u00e6r\u00f0fr\u00e6\u00f0i"]}, {"abbreviation": "BB", "topics": ["Forn\u00e1m 2"]}, {"abbreviation": "RA", "topics": ["Algebra", "f\u00f6ll", "r\u00famfr\u00e6\u00f0i", "t\u00f6lfr\u00e6\u00f0i"]}, {"abbreviation": "L\u00c1", "topics": ["l\u00fdsandi t\u00f6lfr\u00e6\u00f0i", "t\u00f6flureiknir", "\u00e1lyktunart\u00f6lfr\u00e6\u00f0i"]}, {"abbreviation": "TJ", "topics": ["Almennur talnareikningur", "form\u00falur", "j\u00f6fnur", "pr\u00f3sentur"]}, {"abbreviation": "JH", "topics": ["J\u00f6fnur", "hlutf\u00f6ll", "hnitakerfi\u00f0", "talname\u00f0fer\u00f0"]}, {"abbreviation": "RV", "topics": ["hornafr\u00e6\u00f0i \u00fer\u00edhyrnings", "hornaf\u00f6ll", "vigrar"]}, {"abbreviation": "DT", "topics": ["deildaj\u00f6fnur", "heildi", "samleitni", "tvinnt\u00f6lur"]}, {"abbreviation": "DS", "topics": ["deildaj\u00f6fnur", "samleitni", "tvinnt\u00f6lur"]}, {"abbreviation": "\u00deV", "topics": ["keilusni\u00f0", "vigrar", "\u00fer\u00edv\u00ed\u00f0 r\u00famfr\u00e6\u00f0i"]}, {"abbreviation": "FG", "topics": ["algebra", "f\u00f6ll", "gr\u00f6f", "veldi og r\u00e6tur"]}, {"abbreviation": "CX", "topics": ["f\u00f6ll og deildun fyri M\u00c1L og F\u00c9L"]}, {"abbreviation": "A\u00de", "topics": ["a", "\u00ferautalausnir"]}, {"abbreviation": "C\u00de", "topics": ["\u00derautalausnir"]}, {"abbreviation": "DN", "topics": ["algebra", "margli\u00f0ur og fleygbogar"]}, {"abbreviation": "UT", "topics": ["t\u00f6lfr\u00e6\u00f0i"]}, {"abbreviation": "OJ", "topics": ["t\u00f6lugildi og j\u00f6fnuhneppi", "\u00f3j\u00f6fnur"]}, {"abbreviation": "RG", "topics": ["R\u00famfr\u00e6\u00f0i me\u00f0 GeoGebru"]}, {"abbreviation": "HG", "topics": ["hagn\u00fdt st\u00e6r\u00f0fr\u00e6\u00f0i"]}, {"abbreviation": "AA", "topics": ["algengar reiknia\u00f0ger\u00f0ir"]}, {"abbreviation": "HL", "topics": ["Heildun"]}, {"abbreviation": "FM", "topics": ["F\u00f6ll", "markgildi og deildun algengustu falla"]}, {"abbreviation": "SH", "topics": ["St\u00e6r\u00f0fr\u00e6\u00f0igreining", "deildaj\u00f6fnur", "heildun", "runur og ra\u00f0ir"]}, {"abbreviation": "MA", "topics": ["Mengi", "algebra"]}, {"abbreviation": "HK", "topics": ["Hornaf\u00f6ll", "keilusni\u00f0", "vigrar"]}, {"abbreviation": "RM", "topics": ["R\u00famfr\u00e6\u00f0i"]}, {"abbreviation": "AB", "topics": ["almenn brot"]}, {"abbreviation": "RR", "topics": ["Hagn\u00fdting heildareiknings", "runur og ra\u00f0ir"]}, {"abbreviation": "HB", "topics": ["Hnit og b\u00f3kstafareikningur"]}, {"abbreviation": "RU", "topics": ["R\u00famfr\u00e6\u00f0i og hornaf\u00f6ll"]}, {"abbreviation": "VJ", "topics": ["Veldi og j\u00f6fnur"]}, {"abbreviation": "GA", "topics": ["Grunna\u00f0ger\u00f0ir algebru"]}, {"abbreviation": "AD", "topics": ["algebra", "brot", "hlutfallareikningur"]}, {"abbreviation": "B\u00c1", "topics": ["Br\u00faar\u00e1fangi"]}, {"abbreviation": "SB", "topics": ["St\u00e6r\u00f0fr\u00e6\u00f0ibr\u00fa"]}, {"abbreviation": "SL", "topics": ["St\u00e6r\u00f0fr\u00e6\u00f0il\u00edk\u00f6n"]}, {"abbreviation": "ST", "topics": ["St\u00e6r\u00f0fr\u00e6\u00f0igrunnur", "f\u00f6ll og  hnitakerfi", "j\u00f6fnur", "r\u00famfr\u00e6\u00f0i"]}, {"abbreviation": "MV", "topics": ["Mengi", "hornaf\u00f6ll", "talningarfr\u00e6\u00f0i", "vigrar og keilusni\u00f0"]}, {"abbreviation": "FF", "topics": ["F\u00f6ll og ferlar"]}, {"abbreviation": "MD", "topics": ["F\u00f6ll", "margli\u00f0udeiling", "markgildi og deildun algengustu falla"]}, {"abbreviation": "SR", "topics": ["St\u00e6r\u00f0fr\u00e6\u00f0igreining", "fylkjareikningur", "heildun", "l\u00ednuleg bestun", "runur og ra\u00f0ir", "\u00ferepasannanir og margv\u00ed\u00f0 f\u00f6ll"]}, {"abbreviation": "HN", "topics": ["hnitakerfi"]}, {"abbreviation": "JF", "topics": ["f\u00f6ll", "j\u00f6fnur og \u00f3j\u00f6fnur", "l\u00edkindareikningur og t\u00f6lfr\u00e6\u00f0i", "rauntalnakerfi"]}, {"abbreviation": "LF", "topics": ["F\u00f6ll og ferlar - l\u00ednur og fleygbogar"]}, {"abbreviation": "R\u00d6", "topics": ["R\u00f6k og mengi"]}, {"abbreviation": "F\u00d6", "topics": ["F\u00f6ll", "ferlar", "fleygbogar", "keilusni\u00f0 og hornaf\u00f6ll", "l\u00ednur"]}, {"abbreviation": "MG", "topics": ["Markgildi og aflei\u00f0ur"]}, {"abbreviation": "JR", "topics": ["AJ", "BR"]}, {"abbreviation": "PV", "topics": ["aflei\u00f0ur", "lograr", "pr\u00f3sentur", "vaxtareikningur"]}, {"abbreviation": "FV", "topics": ["Heildun falla", "flatarm\u00e1l og r\u00famm\u00e1l"]}, {"abbreviation": "VS", "topics": ["Vi\u00f0skipta st\u00e6r\u00f0fr\u00e6\u00f0i"]}, {"abbreviation": "BT", "topics": ["B\u00f3kstafareikningur og talnal\u00e6si"]}, {"abbreviation": "XY", "topics": ["Algebra", "hnitakerfi\u00f0", "hornaf\u00f6ll.", "r\u00famfr\u00e6\u00f0i"]}, {"abbreviation": "XZ", "topics": ["Algebra", "hnitakerfi\u00f0", "hornaf\u00f6ll.", "j\u00f6fnur", "r\u00famfr\u00e6\u00f0i"]}, {"abbreviation": "TV", "topics": ["T\u00f6lfr\u00e6\u00f0i", "talningar", "vi\u00f0skipti."]}, {"abbreviation": "\u00c1T", "topics": ["T\u00f6lfr\u00e6\u00f0i", "\u00e1lyktunart\u00f6lfr\u00e6\u00f0i"]}, {"abbreviation": "TT", "topics": ["Algebra", "talningafr\u00e6\u00f0i", "t\u00f6lfr\u00e6\u00f0i og l\u00edkindareikningur"]}, {"abbreviation": "GH", "topics": ["algebra", "forgangsr\u00f6\u00f0 a\u00f0ger\u00f0a", "hnitakerfi"]}, {"abbreviation": "SI", "topics": ["St\u00e6r\u00f0fr\u00e6\u00f0i 1 \u00e1 starfsbraut"]}, {"abbreviation": "SJ", "topics": ["St\u00e6r\u00f0fr\u00e6\u00f0i 2 \u00e1 starfsbraut"]}, {"abbreviation": "SK", "topics": ["St\u00e6r\u00f0fr\u00e6\u00f0i 3 \u00e1 starfsbraut"]}, {"abbreviation": "GF", "topics": ["Grunn\u00e1fangi \u00ed st\u00e6r\u00f0fr\u00e6\u00f0i \u00e1 f\u00e9lagsv\u00edsindabraut"]}, {"abbreviation": "G\u00c1", "topics": ["Grunn\u00e1fangi \u00ed st\u00e6r\u00f0fr\u00e6\u00f0i \u00e1 n\u00e1tt\u00faruv\u00edsindabraut"]}, {"abbreviation": "DD", "topics": ["D\u00e6gurd\u00e6mi"]}, {"abbreviation": "FL", "topics": ["ST\u00c6R"]}, {"abbreviation": "HH", "topics": ["Hlutf\u00f6ll", "hornaf\u00f6ll"]}, {"abbreviation": "DL", "topics": ["Peningar", "t\u00edmahugt\u00f6k", "ver\u00f0gildi"]}, {"abbreviation": "PI", "topics": ["Peningar", "innkaup", "ver\u00f0mi\u00f0ar"]}, {"abbreviation": "PH", "topics": ["Peningar", "heimilisb\u00f3khald", "tekjur og \u00fatgj\u00f6ld"]}, {"abbreviation": "PR", "topics": ["Pr\u00f3sentureikningur"]}, {"abbreviation": "TG", "topics": ["Talnagildi"]}, {"abbreviation": "MH", "topics": ["F\u00f6ll", "fleygbogar", "hornaf\u00f6ll", "margli\u00f0ur"]}, {"abbreviation": "VR", "topics": ["Vigrar", "r\u00famfr\u00e6\u00f0i"]}, {"abbreviation": "CQ", "topics": ["f\u00f6ll og deildun. Annar \u00e1fangi"]}, {"abbreviation": "JV", "topics": ["2. stigs j\u00f6fnur", "hnitakerfi\u00f0 og algebrubrot", "v\u00edsif\u00f6ll"]}, {"abbreviation": "HI", "topics": ["Heildun og deildarj\u00f6fnur"]}, {"abbreviation": "BQ", "topics": ["Algebra", "brot", "fleygbogar og lograr"]}, {"abbreviation": "CC", "topics": ["Vigrar og hornaf\u00f6ll"]}, {"abbreviation": "EE", "topics": ["Heildun", "diffurj\u00f6fnur", "runur og ra\u00f0ir"]}, {"abbreviation": "FU", "topics": ["Heildun", "tvinnt\u00f6lur og diffurj\u00f6fnur"]}, {"abbreviation": "ES", "topics": ["Strj\u00e1l st\u00e6r\u00f0fr\u00e6\u00f0i"]}, {"abbreviation": "EL", "topics": ["L\u00ednuleg algebra"]}, {"abbreviation": "AM", "topics": ["Algebra", "f\u00f6ll og mengi"]}, {"abbreviation": "P\u00de", "topics": ["lausn jafna", "pr\u00f3sentureikningur", "r\u00famfr\u00e6\u00f0i", "talnareikningur"]}, {"abbreviation": "MM", "topics": ["fleygbogar", "hnitakerfi\u00f0", "margli\u00f0ur", "mengi"]}, {"abbreviation": "\u00deA", "topics": ["algebra", "hlutf\u00f6ll", "veldi", "\u00fer\u00edhyrningar"]}, {"abbreviation": "VA", "topics": ["Vi\u00f0skiptareikningur"]}, {"abbreviation": "HJ", "topics": ["hnitakerfi", "j\u00f6fnur", "margli\u00f0ur"]}, {"abbreviation": "YM", "topics": ["fylkjareikningur", "hagn\u00fdting \u00e1 diffurreikningi", "tvinnt\u00f6lureikningar"]}, {"abbreviation": "BD", "topics": ["brei\u00f0bogaf\u00f6ll", "diffurj\u00f6fnur", "fylki"]}, {"abbreviation": "DV", "topics": ["Diffrun", "f\u00f6ll", "v\u00edsis- og lograf\u00f6ll"]}, {"abbreviation": "VD", "topics": ["diffrun", "vigrar"]}, {"abbreviation": "HF", "topics": ["diffurj\u00f6fnur", "fylgi", "heildun", "r\u00famfr\u00e6\u00f0i"]}, {"abbreviation": "MJ", "topics": ["2. stigs j\u00f6fnur og \u00f3j\u00f6fnur", "Mengjareikningur", "gr\u00f6f", "margli\u00f0ur og l\u00f3garitma.", "veldi og r\u00e6tur"]}, {"abbreviation": "ML", "topics": ["Mengi", "j\u00f6fnur", "l\u00f3garitmar.", "margli\u00f0ur"]}, {"abbreviation": "KV", "topics": ["Vigrar", "hnitar\u00famfr\u00e6\u00f0i og r\u00f6kfr\u00e6\u00f0i.", "hornaf\u00f6ll", "keilusni\u00f0"]}, {"abbreviation": "DI", "topics": ["Heildun", "diffurj\u00f6fnur."]}, {"abbreviation": "TM", "topics": ["T\u00edmahugt\u00f6k"]}, {"abbreviation": "FX", "topics": ["Fallafr\u00e6\u00f0i"]}, {"abbreviation": "HX", "topics": ["Heildun fyrir raungreinabraut"]}, {"abbreviation": "LP", "topics": ["L\u00edkinda- og t\u00f6lfr\u00e6\u00f0i fyrir n\u00e1tt\u00farufr\u00e6\u00f0ibraut"]}, {"abbreviation": "LX", "topics": ["L\u00edkinda- og t\u00f6lfr\u00e6\u00f0i fyrir raungreinabraut"]}, {"abbreviation": "TX", "topics": ["Tvinnt\u00f6lur og diffurj\u00f6fnur"]}, {"abbreviation": "IB", "topics": ["Algebra", "flatarm\u00e1l og r\u00famm\u00e1l", "j\u00f6fnur"]}, {"abbreviation": "IA", "topics": ["Talnareikningur", "algebrugrunnur og hnitakerfi\u00f0"]}, {"abbreviation": "TA", "topics": ["T\u00f6lur", "algebra", "hj\u00e1lpart\u00e6ki"]}], "_id": "50c0a02dd8e40575f7f6f490", "subjects": ["st\u00e6r\u00f0fr\u00e6\u00f0i"], "counter": {"1": 43, "3": 39, "2": 51, "4": 0}}, "evaluation": "", "categorization_suggestion": "AT", "embedded_topics": {"abbreviation": "BR", "topics": ["klass\u00edsk r\u00famfr\u00e6\u00f0i"]}, "status": "approved by school", "description": "\u00cd \u00e1fanganum er fjalla\u00f0 um r\u00famfr\u00e6\u00f0i me\u00f0 teikningum, t\u00f6lfr\u00e6\u00f0i, l\u00edkindareikning og vi\u00f0skiptareikning.\nHelstu efnisatri\u00f0i:\n\u2022\tGrundvallarhugt\u00f6k og reglur \u00ed evkl\u00ed\u00f0skri r\u00famfr\u00e6\u00f0i.\n\u2022\tM\u00e6lingar \u00ed r\u00famfr\u00e6\u00f0i og mikilv\u00e6gi n\u00e1kv\u00e6mi\n\u2022\tGrunnatri\u00f0i t\u00f6lfr\u00e6\u00f0i og l\u00edkindareiknings: Myndrit, me\u00f0altal, mi\u00f0gildi, t\u00ed\u00f0asta gildi, sta\u00f0alfr\u00e1vik, sp\u00f6nnun, einf\u00f6ld l\u00edkindi og fleira\n\u2022\tTalningara\u00f0fer\u00f0ir, flokkun gagnasafna og framsetning ni\u00f0ursta\u00f0na\n\u2022\tVi\u00f0skiptareikningur: Pr\u00f3sentur, \u00e1lagning, afsl\u00e1ttur, vir\u00f0isaukaskattur, vextir,  v\u00edsit\u00f6lur og fleira\n\u2022\tHagn\u00fdt verkefni um notkun vi\u00f0skiptareiknings\n", "knowledge_goals": ["grundvallarhugt\u00f6kum og reglum \u00ed evkl\u00ed\u00f0skri r\u00famfr\u00e6\u00f0i, t\u00f6lfr\u00e6\u00f0i, l\u00edkindareikningi og vi\u00f0skiptareikningi"], "skills_goals": ["setja fram lausnir \u00e1 t\u00e1knm\u00e1li st\u00e6r\u00f0fr\u00e6\u00f0innar", "leysa r\u00famfr\u00e6\u00f0ileg verkefni og beita teikni\u00e1h\u00f6ldum", "flokka talnas\u00f6fn, lesa \u00far myndritum og sk\u00fdra einkennisst\u00e6r\u00f0ir talnasafna", "setja upp og t\u00falka g\u00f6gn \u00e1 myndr\u00e6nu formi", "reikna einf\u00f6ld l\u00edkindi atbur\u00f0a og meta \u00e1h\u00e6ttu vi\u00f0 \u00e1kvar\u00f0anat\u00f6ku", "reikna pr\u00f3sentur, vexti og v\u00edsit\u00f6lu", "nota v\u00edsindalegar reikniv\u00e9lar og st\u00e6r\u00f0fr\u00e6\u00f0iforrit \u00e1 netinu."], "credits": 5, "last_modified": 1481710894.100037, "schools": ["512352c28caa45ed97015b48"], "coauthors": null, "instructions": "", "continued_education": false, "level": 2, "prerequisites": "", "author": "4e1c738a-850b-4101-a7ac-a03c7fa18d0b", "abbreviation_version": null, "competence_goals": [["skr\u00e1 lausnir s\u00ednar skipulega, r\u00e6\u00f0a \u00fe\u00e6r vi\u00f0 a\u00f0ra og \u00fatsk\u00fdra hugmyndir s\u00ednar og verk", ""], ["\u00e1tta sig \u00e1 tengslum \u00f3l\u00edkra a\u00f0fer\u00f0a vi\u00f0 framsetningu \u00e1 t\u00f6lulegum vi\u00f0fangsefnum", ""], ["vega og meta t\u00f6lulegar uppl\u00fdsingar \u00e1 gagnr\u00fdninn h\u00e1tt", ""], ["skilja merkingu og tengsl hugtaka \u00ed n\u00e1msefninu og vinna me\u00f0 \u00feau", ""], ["taka \u00e1kvar\u00f0anir \u00ed s\u00e9rt\u00e6kum verkefnum er l\u00fata a\u00f0 efni \u00e1fangans", ""], ["kl\u00e6\u00f0a verkefni \u00ed st\u00e6r\u00f0fr\u00e6\u00f0ilegan b\u00faning, leyst \u00feau og t\u00falka\u00f0 lausnirnar", ""]], "_id": "58511d2e62933a33a602187f"}], "required_credits": 5}], "epoch_created": 1572960122.265125, "package_choice": [], "date_ministry_approval": 1597069381.941031, "competency": {"numbers_and_information": ["\u00cd \u00edslensku og erlendum tungum\u00e1lum nota nemendur uppl\u00fdsingat\u00e6kni \u00ed \u00feekkingarleit og mi\u00f0la \u00feekkingu \u00e1 gagnr\u00fdninn og skapandi h\u00e1tt. Nemendur leita a\u00f0 uppl\u00fdsingum \u00e1 veraldarvefnum og v\u00ed\u00f0ar og vinna me\u00f0 \u00fe\u00e6r \u00e1 fj\u00f6lbreyttan h\u00e1tt. \u00deeir nota rafr\u00e6nar or\u00f0ab\u00e6kur og \u00fdmis forrit vi\u00f0 \u00farvinnslu uppl\u00fdsinga og framsetningu \u00feeirra.", "\u00cd st\u00e6r\u00f0fr\u00e6\u00f0i\u00e1f\u00f6ngum er l\u00f6g\u00f0 \u00e1hersla \u00e1 a\u00f0 nemendur l\u00e6ri me\u00f0fer\u00f0 talna \u00e1 vi\u00f0eigandi h\u00e1tt eftir e\u00f0li vi\u00f0fangsefnisins. Til d\u00e6mis er nemendum gert a\u00f0 n\u00fdta s\u00e9r efni sem sett er fram \u00ed t\u00f6lvut\u00e6ku formi.", "\u00cd fyrstu \u00e1f\u00f6ngum st\u00e6r\u00f0fr\u00e6\u00f0innar er s\u00e9rstaklega unni\u00f0 a\u00f0 \u00fev\u00ed, a\u00f0 nemendur ver\u00f0i l\u00e6sir \u00e1 st\u00e6r\u00f0fr\u00e6\u00f0itexta og form\u00falur og geti fylgt r\u00f6kf\u00e6rslu sem sett er \u00e1 bla\u00f0."], "educational_competence": ["Nemendur f\u00e1 s\u00e9rstaka fr\u00e6\u00f0slu um n\u00e1mst\u00e6kni og mismunandi n\u00e1msa\u00f0fer\u00f0ir \u00ed l\u00edfsleikni, n\u00e1tt\u00farul\u00e6si og menningarl\u00e6si. \u00dear l\u00e6ra \u00feeir a\u00f0 skipuleggja t\u00edma sinn, meta eigin styrkleika og veikleika og l\u00e6ra a\u00f0fer\u00f0ir til a\u00f0 efla n\u00e1msh\u00e6fni s\u00edna.", "Sk\u00f3linn leggur \u00e1herslu \u00e1 fj\u00f6lbreyttar n\u00e1ms- og kennslua\u00f0fer\u00f0ir sem reyna \u00e1 mismunandi h\u00e6fni nemenda. Stefna sk\u00f3lans er a\u00f0 auka v\u00e6gi s\u00edmats og lei\u00f0sagnarn\u00e1ms \u00fear sem \u00fev\u00ed ver\u00f0ur vi\u00f0 komi\u00f0. Miki\u00f0 er um fj\u00f6lbreytta verkefnavinnu \u00ed formi samvinnun\u00e1ms \u00fear sem nemendur meta eigin vinnu og annarra \u00ed formi jafningjamats og sj\u00e1lfsmats.", "\u00cd greinum eins og l\u00edfsleikni, menningarl\u00e6si og n\u00e1tt\u00farul\u00e6si meta nemendur n\u00e1mslega st\u00f6\u00f0u s\u00edna og gera grein fyrir henni. \u00deetta gera nemendur einnig \u00ed tungum\u00e1lan\u00e1mi, hvort sem um m\u00f3\u00f0urm\u00e1l e\u00f0a erlend tungum\u00e1l er a\u00f0 r\u00e6\u00f0a.", "\u00cd \u00ed\u00fer\u00f3ttum og l\u00edfsleikni l\u00e6ra nemendur um gildi reglulegrar hreyfingar og fj\u00f6lbreytts f\u00e6\u00f0uvals me\u00f0 or\u00f0atilt\u00e6ki\u00f0 \u201eheilbrig\u00f0 s\u00e1l \u00ed hraustum l\u00edkama\u201c \u00ed huga. Nemendum er s\u00fdnt fram \u00e1, a\u00f0 ef f\u00f3lk temur s\u00e9r heilbrig\u00f0a l\u00edfsh\u00e6tti var\u00f0andi hreyfingu og matar\u00e6\u00f0i, l\u00ed\u00f0ur \u00fev\u00ed almennt betur og \u00fear me\u00f0 styrkir \u00fea\u00f0 h\u00e6fni s\u00edna og getu til n\u00e1ms.", "\u00cd st\u00e6r\u00f0fr\u00e6\u00f0i\u00e1f\u00f6ngum eru nota\u00f0ar fj\u00f6lbreyttar n\u00e1msa\u00f0fer\u00f0ir, svo sem h\u00f3pvinna, einstaklingsvinna og jafningjakennsla, t\u00f6flukennsla, speglu\u00f0 kennsla, uppg\u00f6tvunarn\u00e1m og svo framvegis. Me\u00f0 fj\u00f6lbreyttum kennslua\u00f0fer\u00f0um er reynt a\u00f0 koma til m\u00f3ts vi\u00f0 nemendur \u00e1 \u00feeirra eigin forsendum me\u00f0 \u00fea\u00f0 a\u00f0 markmi\u00f0i a\u00f0 auka sj\u00e1lfstraust \u00feeirra og a\u00f0 allir f\u00e1i n\u00e1m vi\u00f0 h\u00e6fi.", "\u00cd vinnustofum, n\u00e1msveri og me\u00f0 jafningjakennslu er leitast vi\u00f0 a\u00f0 koma til m\u00f3ts vi\u00f0 \u00fe\u00e1 nemendur sem \u00feurfa \u00e1 s\u00e9rst\u00f6kum stu\u00f0ningi a\u00f0 halda \u00ed n\u00e1mi.", "Tengsl sk\u00f3lans vi\u00f0 n\u00e6rumhverfi eru mikil og einnig vi\u00f0 atvinnul\u00edfi\u00f0. N\u00e1mi\u00f0 er \u00fev\u00ed n\u00e1tengt raunverulegum vi\u00f0fangsefnum sem b\u00ed\u00f0a nemenda eftir a\u00f0 n\u00e1mi l\u00fdkur. \u00dea\u00f0 eykur \u00e1huga og gefur n\u00e1minu gildi."], "creative_thinking": ["\u00cd \u00f6llum \u00e1f\u00f6ngum \u00ed erlendum m\u00e1lum er l\u00f6g\u00f0 \u00e1hersla \u00e1 skapandi verkefni sem reyna \u00e1 \u00edmyndunarafl nemenda. Sem d\u00e6mi m\u00e1 nefna a\u00f0 nemendur vinna augl\u00fdsingar, bla\u00f0agreinar, veggspj\u00f6ld, semja lj\u00f3\u00f0 og sm\u00e1s\u00f6gur og tj\u00e1 sig um \u00fdmis m\u00e1lefni l\u00ed\u00f0andi stundar. Nemendur lesa b\u00e6\u00f0i sm\u00e1s\u00f6gur og sk\u00e1lds\u00f6gur og vinna margv\u00edsleg skapandi verkefni \u00ed tengslum vi\u00f0 efni\u00f0, \u00fear sem \u00feeir velja sj\u00e1lfir vi\u00f0fangsefni og a\u00f0fer\u00f0ir. M\u00e1 \u00fear nefna skapandi textaskrif.", "Skapandi vinna er mikilv\u00e6gur \u00fe\u00e1ttur \u00ed \u00f6llum \u00edslensku\u00e1f\u00f6ngum. Nemendur eiga kost \u00e1 a\u00f0 skila verkefnum \u00e1 mismunandi formi, t.d. a\u00f0 flytja verkefni munnlega, setja upp leik\u00fe\u00e6tti, \u00fatb\u00faa gl\u00e6rukynningar, gera stuttmyndir, rita texta, sk\u00e1ldverk, lj\u00f3\u00f0 og fleira. \u00de\u00e1 eru nemendur hvattir til leikh\u00fasfer\u00f0a \u00ed efri \u00e1f\u00f6ngum. Reynt er eftir f\u00f6ngum a\u00f0 fara  \u00ed vettvangsfer\u00f0ir \u00ed tengslum vi\u00f0 n\u00e1mi\u00f0, s.s. fer\u00f0 \u00e1 Nj\u00e1lusl\u00f3\u00f0ir.", "\u00cd \u00f6llum \u00e1f\u00f6ngum \u00ed\u00fer\u00f3tta hagn\u00fdta nemendur s\u00e9r \u00feekkingu sem \u00feeir afla s\u00e9r var\u00f0andi hreyfingu. Nemendur gera eigin \u00e6finga\u00e1\u00e6tlanir og l\u00e6ra a\u00f0 fylgja \u00feeim eftir me\u00f0 markvissum h\u00e6tti.", "\u00cd st\u00e6r\u00f0fr\u00e6\u00f0i er \u00f3l\u00edkum lausnaa\u00f0fer\u00f0um beitt og nemendur eru \u00fej\u00e1lfa\u00f0ir \u00ed a\u00f0 leysa verkefni \u00e1 fj\u00f6lbreytilegan h\u00e1tt.", "\u00cd l\u00edfsleikni vinna nemendur me\u00f0 fj\u00f6lbreytt verkefni sem reyna \u00e1 sk\u00f6punarh\u00e6fni \u00feeirra og \u00edmyndunarafl. Nemendur semja gl\u00e6rukynningu um sig sj\u00e1lfa og kynna fyrir h\u00f3pnum.", "Innan sk\u00f3lans hafa nemendur val um fj\u00f6lmarga \u00e1fanga \u00ed skapandi greinum."], "equality": ["Samkv\u00e6mt jafnr\u00e9ttisstefnu sk\u00f3lans, er markmi\u00f0i\u00f0 a\u00f0 tryggja a\u00f0 nemendur og starfsf\u00f3lk s\u00e9 meti\u00f0 a\u00f0 ver\u00f0leikum og nj\u00f3ti jafnr\u00e9ttis \u00f3h\u00e1\u00f0 kynfer\u00f0i, aldri, uppruna, kynhneig\u00f0, f\u00f6tlun og \u00f6\u00f0rum f\u00e9lags- og pers\u00f3nubundnum \u00fe\u00e1ttum. Jafnr\u00e9ttis\u00e1\u00e6tlun sk\u00f3lans er verkf\u00e6ri sem hrindir stefnunni \u00ed framkv\u00e6md me\u00f0 skipul\u00f6g\u00f0um h\u00e6tti. Samkv\u00e6mt henni skulu nemendur sk\u00f3lans me\u00f0al annars nj\u00f3ta fr\u00e6\u00f0slu um jafnr\u00e9ttism\u00e1l og f\u00e1 kynningu \u00e1 jafnr\u00e9ttisstefnu sk\u00f3lans, sem og vi\u00f0brag\u00f0s\u00e1\u00e6tlun, ef kv\u00f6rtun berst.", "\u00cd sk\u00f3lanum er stu\u00f0la\u00f0 a\u00f0 jafnr\u00e9tti, l\u00fd\u00f0r\u00e6\u00f0i og mannr\u00e9ttindum. Me\u00f0al gilda sk\u00f3lans er vir\u00f0ing. \u00cd sk\u00f3lanum er hverjum nemanda m\u00e6tt \u00fear sem hann er staddur og vir\u00f0ing er borin fyrir starfsf\u00f3lki og nemendum.", "Sk\u00f3linn b\u00fd\u00f0ur upp \u00e1 dreifn\u00e1m sem gefur nemendum kost \u00e1 a\u00f0 stunda n\u00e1m \u00f3h\u00e1\u00f0 b\u00fasetu, vinnut\u00edma e\u00f0a \u00f6\u00f0ru \u00fev\u00ed sem getur hindra\u00f0 \u00fe\u00e1 \u00ed a\u00f0 stunda n\u00e1m \u00ed dagsk\u00f3la.", "Sk\u00f3linn b\u00fd\u00f0ur upp \u00e1 raunf\u00e6rnimat til \u00feess a\u00f0 m\u00e6ta nemendum \u00fear sem \u00feeir eru staddir og almennt n\u00e1m fyrir raunf\u00e6rninemendur til a\u00f0 grei\u00f0a lei\u00f0 \u00feeirra inn \u00e1 n\u00e1msbrautir sk\u00f3lans.", "\u00cd m\u00f6rgum n\u00e1msgreinum sk\u00f3lans, svo sem tungum\u00e1lum og \u00edslensku eiga nemendur m\u00f6guleika \u00e1 a\u00f0 velja s\u00e9r verkefni og st\u00fdra framsetningu \u00feeirra. Einnig er miki\u00f0 unni\u00f0 \u00ed h\u00f3pum \u00fear sem allir eiga jafnan r\u00e9tt \u00e1 a\u00f0 tj\u00e1 sko\u00f0anir s\u00ednar, meta vinnuframlag samnemenda sinna og hafa \u00feannig \u00e1hrif \u00e1 vinnu og endurgj\u00f6f innan h\u00f3psins. \u00de\u00e1 skipa \u00feeir hver annan \u00ed hlutverk innan h\u00f3psins.", "\u00cd \u00edslensku og erlendum tungum\u00e1lum kynnast nemendur st\u00f6\u00f0u og r\u00e9ttindum \u00fdmissa \u00fej\u00f3\u00f0f\u00e9lagsh\u00f3pa \u00ed \u00f3l\u00edkum menningarheimum \u00ed gegnum \u00fdmsa mi\u00f0la (kvikmyndir, bla\u00f0agreinar, t\u00f3nlist, texta).", "\u00cd \u00ed\u00fer\u00f3ttum er nemendum gert a\u00f0 \u00feekkja st\u00f6\u00f0u s\u00edna gagnvart samnemendum \u00feannig a\u00f0 hver og einn leitist vi\u00f0 a\u00f0 taka mi\u00f0 af eigin hreyfif\u00e6rni, \u00f3h\u00e1\u00f0 kyni, l\u00edkams\u00feyngd og getu.", "\u00cd l\u00edfsleikni, n\u00e1tt\u00farul\u00e6si og menningarl\u00e6si er teki\u00f0 s\u00e9rstaklega \u00e1 jafnr\u00e9ttism\u00e1lum. \u00dear er m.a. \u00e1hersla l\u00f6g\u00f0 \u00e1 a\u00f0 allir einstaklingar eigi jafna m\u00f6guleika til a\u00f0 \u00feroska h\u00e6fileika s\u00edna \u00f3h\u00e1\u00f0 kynfer\u00f0i, kyn\u00fe\u00e6tti, tr\u00faarbr\u00f6g\u00f0um, kynhneig\u00f0 e\u00f0a f\u00f6tlun.", "Sk\u00f3linn b\u00fd\u00f0ur upp \u00e1 vinnustofur, til d\u00e6mis \u00ed st\u00e6r\u00f0fr\u00e6\u00f0i. \u00cd sk\u00f3lanum er jafningjakennsla   og n\u00e1msver, \u00f6llum opi\u00f0, \u00e6tla\u00f0 til a\u00f0 jafna a\u00f0st\u00f6\u00f0umun nemenda vi\u00f0 heiman\u00e1m og n\u00e1m almennt."], "sustainability": ["Sk\u00f3linn hefur \u00fe\u00e1 stefnu a\u00f0 n\u00e1lgast forvarnir \u00fat fr\u00e1 v\u00ed\u00f0t\u00e6ku og j\u00e1kv\u00e6\u00f0u sj\u00f3narhorni me\u00f0 \u00fea\u00f0 a\u00f0 markmi\u00f0i a\u00f0 stu\u00f0la a\u00f0 vell\u00ed\u00f0an og auknum \u00e1rangri allra \u00ed sk\u00f3lasamf\u00e9laginu. L\u00f6g\u00f0 er \u00e1hersla \u00e1 fj\u00f3ra \u00fe\u00e6tti: n\u00e6ringu, hreyfingu, ge\u00f0r\u00e6kt og l\u00edfsst\u00edl. Me\u00f0 \u00feessari stefnu er nemendum ger\u00f0 grein fyrir mikilv\u00e6gi \u00feessara \u00fe\u00e1tta til sj\u00e1lfb\u00e6rni.", "\u00cd erlendum m\u00e1lum er vali\u00f0 n\u00e1msefni sem virkar hvetjandi \u00e1 nemendur og vekur \u00e1huga \u00feeirra og forvitni um \u00f3l\u00edk samf\u00e9l\u00f6g, menningu og umhverfi. Lestextar eru s\u00e9rstaklega valdir me\u00f0 \u00fea\u00f0 a\u00f0 markmi\u00f0i a\u00f0 veita inns\u00fdn \u00ed a\u00f0ra menningarheima og efla al\u00fej\u00f3\u00f0avitund og samf\u00e9lagslega \u00e1byrg\u00f0 nemenda.", "\u00cd \u00e1f\u00f6ngum sk\u00f3lans er kennsluefni oft \u00e1 t\u00f6lvut\u00e6ku formi og rafr\u00e6n skil eru \u00e1 \u00fdmsum verkefnum.", "\u00cd \u00ed\u00fer\u00f3ttum f\u00e1 nemendur reglulega hreyfingu og \u00fear me\u00f0 eflist vitund \u00feeirra um n\u00e6rumhverfi og heilsu. \u00deeir \u00f6\u00f0last reynslu \u00ed l\u00e6si \u00e1 eigin heilsu me\u00f0 tilliti til gildis hreyfingar og heiln\u00e6ms matar\u00e6\u00f0is en \u00feetta tvennt stu\u00f0lar a\u00f0 g\u00f3\u00f0ri heilsu og l\u00ed\u00f0an alla \u00e6vi.", "\u00cd l\u00edfsleikni er fari\u00f0 \u00ed neytendam\u00e1l og fj\u00e1rm\u00e1lal\u00e6si sem mi\u00f0ar a\u00f0 betri vitund um sj\u00e1lfb\u00e6rni.", "\u00cd menningarl\u00e6si l\u00e6ra nemendur um hvernig listir og h\u00f6nnun geta tengst or\u00f0r\u00e6\u00f0unni um sj\u00e1lfb\u00e6rni, \u00feegar liti\u00f0 er til mi\u00f0lunar \u00feekkingar, n\u00e1tt\u00faruau\u00f0linda, umhverfis og f\u00e9lagslegra \u00fe\u00e1tta. Fjalla\u00f0 er um hvernig menning getur haft r\u00edk \u00e1hrif \u00e1 heg\u00f0un, neyslumynstur og framlei\u00f0sluh\u00e6tti samf\u00e9lags."], "foreign_societies": ["\u00cd \u00f6llum \u00e1f\u00f6ngum erlendra tungum\u00e1la er unni\u00f0 markvisst me\u00f0 texta \u00e1 markm\u00e1linu og f\u00e1 nemendur fj\u00f6lbreytt t\u00e6kif\u00e6ri til a\u00f0 tj\u00e1 sig \u00ed r\u00e6\u00f0u og riti. \u00deeir eiga \u00ed samskiptum s\u00edn \u00e1 milli \u00e1 markm\u00e1linu (samt\u00f6l, hlustun, kynningar og fleira). Nemendur eru hvattir til a\u00f0 tj\u00e1 sig \u00e1 erlenda m\u00e1linu um lei\u00f0 og \u00feeir geta og vi\u00f0 hvert t\u00e6kif\u00e6ri sem gefst, b\u00e6\u00f0i innan kennslustofunnar og utan.", "\u00cd \u00e1f\u00f6ngum erlendra tungum\u00e1la kynnast nemendur vel menningu vi\u00f0komandi m\u00e1lsv\u00e6\u00f0a og \u00feess lands e\u00f0a \u00feeirra landa \u00fear sem tungum\u00e1li\u00f0 er tala\u00f0 sem m\u00f3\u00f0urm\u00e1l. \u00deeir l\u00e6ra einnig a\u00f0 s\u00e6kja um sk\u00f3la og vinnu \u00ed vi\u00f0komandi landi.", "Nemendur leita a\u00f0 uppl\u00fdsingum \u00e1 erlendum heimas\u00ed\u00f0um \u00e1 mismunandi tungum\u00e1lum, vinna \u00far \u00feeim og tj\u00e1 sig um innihaldi\u00f0 \u00ed r\u00e6\u00f0u og riti.", "Nemendur f\u00e1 t\u00e6kif\u00e6ri til a\u00f0 taka \u00fe\u00e1tt \u00ed margv\u00edslegum erlendum samskiptum \u00fear sem \u00feeir kynnast menningu, venjum og si\u00f0um annarra \u00fej\u00f3\u00f0a. \u00deessum samskiptum er \u00e6tla\u00f0 a\u00f0 auka v\u00ed\u00f0s\u00fdni og umbur\u00f0arlyndi nemenda og \u00fej\u00e1lfa \u00fe\u00e1 \u00ed menningarl\u00e6si.", "\u00cd kennslu erlendra tungum\u00e1la er unni\u00f0 a\u00f0 \u00fev\u00ed jafnt og \u00fe\u00e9tt a\u00f0 efla or\u00f0afor\u00f0a, lesskilning og m\u00e1ltilfinningu nemenda."], "health": ["\u00cd sk\u00f3lastarfinu er l\u00f6g\u00f0 \u00e1hersla \u00e1 heilbrig\u00f0an l\u00edfsst\u00edl og \u00fea\u00f0 vi\u00f0horf almennt lagt til grundvallar a\u00f0 nemendur beri \u00e1byrg\u00f0 \u00e1 sj\u00e1lfum s\u00e9r og eigin gj\u00f6r\u00f0um.", "\u00cd allri kennslu og samskiptum vi\u00f0 nemendur er \u00e1hersla l\u00f6g\u00f0 \u00e1 j\u00e1kv\u00e6\u00f0 samskipti milli nemenda innbyr\u00f0is, sem og milli nemenda og kennara. Sl\u00edk samskipti stu\u00f0la a\u00f0 f\u00e9lagslegu heilbrig\u00f0i.", "\u00cd flestum \u00e1f\u00f6ngum \u00ed sk\u00f3lanum er sj\u00e1lfs\u00f6ryggi nemenda styrkt, til d\u00e6mis me\u00f0 \u00fev\u00ed a\u00f0 \u00e6fa tj\u00e1ningu og flutning fyrirlestra og \u00fdmiss konar verkefna.", "\u00cd \u00edslensku eru lesnar b\u00f3kmenntir og nytjatextar fr\u00e1 \u00f3l\u00edkum t\u00edmabilum. \u00cd \u00feeim er t.d. teki\u00f0 \u00e1 mismunun, ofbeldi, einelti, kyngervi og kynheg\u00f0un. Nemendur \u00feurfa a\u00f0 kryfja og r\u00e6\u00f0a textana, taka afst\u00f6\u00f0u og f\u00e6ra r\u00f6k fyrir m\u00e1li s\u00ednu.", "\u00cd \u00ed\u00fer\u00f3ttum og l\u00edfsleikni er \u00ed forvarnarskyni fjalla\u00f0 s\u00e9rstaklega um andlega, f\u00e9lags- og l\u00edkamlega f\u00e6rni og vell\u00ed\u00f0an.", "\u00cd \u00f6llum \u00e1f\u00f6ngum \u00ed\u00fer\u00f3tta er stu\u00f0la\u00f0 a\u00f0 g\u00f3\u00f0u heilsufari me\u00f0 fj\u00f6lbreyttum \u00e6fingum. Nemendur eru hvattir til a\u00f0 n\u00fdta \u00feekkingu og reynslu s\u00edna til a\u00f0 tileinka s\u00e9r heilbrigt l\u00edferni og f\u00e6rni \u00ed a\u00f0 efla heilsu s\u00edna \u00e1 eigin sp\u00fdtur \u2013 alla \u00e6vi.", "\u00cd \u00ed\u00fer\u00f3ttum eru nemendur hvattir til a\u00f0 ala me\u00f0 s\u00e9r j\u00e1kv\u00e6tt vi\u00f0horf til heilsur\u00e6ktar me\u00f0 \u00fev\u00ed a\u00f0 gera \u00feeim lj\u00f3st a\u00f0 hver og einn getur stunda\u00f0 \u00fej\u00e1lfun eftir eigin getu. \u00deeir eru jafnframt hvattir til a\u00f0 treysta getu s\u00edna me\u00f0 endurteknum \u00e6fingum.", "\u00cd l\u00edfsleikni og b\u00f3klegum t\u00edmum \u00ed \u00ed\u00fer\u00f3ttum er m.a. fjalla\u00f0 um ska\u00f0semi reykinga, \u00e1fengis- og v\u00edmuefnaneyslu og ska\u00f0semi steranotkunar s\u00e9rstaklega \u00ed sambandi vi\u00f0 l\u00edkamsr\u00e6kt.", "\u00cd \u00ed\u00fer\u00f3ttum og l\u00edfsleikni er fjalla\u00f0 um matar\u00e6\u00f0i. \u00dear eru r\u00e6ddir kostir fj\u00f6lbreytts matar\u00e6\u00f0is og hvernig \u00fea\u00f0 getur stu\u00f0la\u00f0 a\u00f0 heilbrig\u00f0u l\u00edferni. Nemendur eru hvattir til a\u00f0 sko\u00f0a vel hvort ranns\u00f3knir liggi a\u00f0 baki \u00fev\u00ed sem m\u00e6lt er me\u00f0 hverju sinni og meta me\u00f0 gagnr\u00fdnum huga \u00fea\u00f0 sem \u00feeir lesa e\u00f0a heyra um matar\u00e6\u00f0i.", "\u00cd \u00ed\u00fer\u00f3ttum er leitast vi\u00f0 a\u00f0 draga \u00far einelti e\u00f0a \u00fatilokun me\u00f0 \u00fev\u00ed a\u00f0 allir taki \u00fe\u00e1tt \u00ed leikjum e\u00f0a keppni. Kennsluform \u00ed \u00ed\u00fer\u00f3ttum er mismunandi en oft er unni\u00f0 \u00ed h\u00f3pum e\u00f0a li\u00f0um sem stu\u00f0lar a\u00f0 samkennd nemenda.", "\u00cd l\u00edfsleikni f\u00e1 nemendur kynfr\u00e6\u00f0slu sem eflir vitund \u00feeirra um kynheilbrig\u00f0i, mikilv\u00e6gi heilbrig\u00f0s kynl\u00edfs, getna\u00f0arvarnir og fleira."], "icelandic_society_norms": ["Sk\u00f3linn leggur mikla \u00e1herslu \u00e1 vinnu nemenda \u00fear sem reynir \u00e1 l\u00e6si, tj\u00e1ningu og samskipti. \u00dea\u00f0 reynir \u00e1 samskiptah\u00e6fni nemenda \u00ed verkefnavinnu og tj\u00e1ningu \u00ed ritu\u00f0u m\u00e1li og t\u00f6lu\u00f0u vi\u00f0 \u00fdmiss konar kynningar.", "\u00cd \u00f6llum \u00e1f\u00f6ngum \u00edslensku er l\u00f6g\u00f0 \u00e1hersla \u00e1 tj\u00e1ningu af \u00fdmsu tagi. D\u00e6mi um vi\u00f0fangsefni eru kynningar \u00e1 b\u00f3kmenntum og v\u00f6ldum \u00fe\u00e1ttum \u00ed m\u00e1ls\u00f6gu. Nemendur taka einnig munnleg pr\u00f3f \u00fear sem \u00feeir tj\u00e1 sig um b\u00f3kmenntir. Me\u00f0 lestri og textagreiningu er unni\u00f0 a\u00f0 \u00fev\u00ed a\u00f0 efla lesskilning nemenda \u00ed \u00f6llum \u00e1f\u00f6ngum \u00edslensku."], "democracy_and_human_rights": ["\u00cd \u00f6llu sk\u00f3lastarfinu er leitast vi\u00f0 a\u00f0 gera nemendur a\u00f0 virkum og \u00e1byrgum \u00fe\u00e1tttakendum \u00ed l\u00fd\u00f0r\u00e6\u00f0issamf\u00e9lagi, t.d. me\u00f0 \u00fev\u00ed a\u00f0 kanna vi\u00f0horf \u00feeirra til \u00e1kve\u00f0inna \u00fe\u00e1tta. \u00c1 hverri \u00f6nn er l\u00f6g\u00f0 fyrir nemendur kennsluk\u00f6nnun \u00fear sem \u00feeir segja \u00e1lit sitt \u00e1 \u00e1f\u00f6ngum sem \u00feeir hafa seti\u00f0.", "\u00cd erlendum tungum\u00e1lum, l\u00edfsleikni, \u00edslensku, menningarl\u00e6si og n\u00e1tt\u00farul\u00e6si er n\u00e1msmati a\u00f0 hluta til h\u00e1tta\u00f0 \u00feannig a\u00f0 nemendur hafa sj\u00e1lfir \u00e1hrif \u00e1 n\u00e1msmat sitt og f\u00e9laga sinna \u00ed h\u00f3pastarfi me\u00f0 sj\u00e1lfsmati og jafningjamati. Nemendur venjast \u00fev\u00ed a\u00f0 bera vir\u00f0ingu fyrir manngildi hvers og eins \u00ed h\u00f3pnum eins og \u00ed st\u00e6rri l\u00fd\u00f0r\u00e6\u00f0issamf\u00e9l\u00f6gum, \u00fe\u00e1 \u00feurfa \u00feeir a\u00f0 vir\u00f0a sko\u00f0anir annarra. \u00cd sk\u00f3lanum er l\u00f6g\u00f0 \u00e1hersla \u00e1 sj\u00e1lfst\u00e6\u00f0i nemenda \u00fear sem hver og einn er \u00e1byrgur fyrir eigin n\u00e1mi og hefur a\u00f0 einhverju leyti val um verkefni \u00ed \u00e1f\u00f6ngum.", "\u00cd ensku\u00e1f\u00f6ngum eru nemendur \u00fej\u00e1lfa\u00f0ir \u00ed a\u00f0 taka afst\u00f6\u00f0u til si\u00f0fer\u00f0ilegra \u00e1litam\u00e1la \u00ed tengslum vi\u00f0 b\u00f3kmenntir og taka \u00fe\u00e1tt \u00ed r\u00f6kr\u00e6\u00f0um um \u00fdmis m\u00e1l me\u00f0 \u00fev\u00ed til d\u00e6mis a\u00f0 halda r\u00e6\u00f0u um \u00e1kve\u00f0in m\u00e1lefni. \u00deeir lesa einnig texta sem fjalla um mannr\u00e9ttindam\u00e1l.", "\u00cd \u00f6llum \u00e1f\u00f6ngum \u00edslensku eru lesin b\u00f3kmenntaverk \u00fear sem l\u00fd\u00f0r\u00e6\u00f0i og mannr\u00e9ttindi eru \u00ed brennidepli. Nemendur \u00feurfa a\u00f0 f\u00e6ra r\u00f6k fyrir m\u00e1li s\u00ednu og \u00e1tta sig \u00e1 si\u00f0fer\u00f0ilegum gildum.", "\u00cd sk\u00f3lanum er uppl\u00fdsingat\u00e6kni miki\u00f0 notu\u00f0, b\u00e6\u00f0i \u00ed dagsk\u00f3la og \u00ed dreifn\u00e1mi. Til \u00feess a\u00f0 vera virkur \u00ed l\u00fd\u00f0r\u00e6\u00f0issamf\u00e9lagi \u00fearf einstaklingurinn a\u00f0 vera uppl\u00fdsingal\u00e6s \u00fear sem t\u00f6lvur og \u00f6nnur t\u00e6kni ver\u00f0ur s\u00edfellt fyrirfer\u00f0armeiri \u00fe\u00e1ttur \u00ed n\u00fat\u00edmasamf\u00e9lagi. Nemendur eru \u00fej\u00e1lfa\u00f0ir \u00ed uppl\u00fdsingal\u00e6si en \u00ed dag telst sl\u00edkt l\u00e6si til \u00e1kve\u00f0inna mannr\u00e9ttinda.", "Sk\u00f3linn leitast vi\u00f0 a\u00f0 taka \u00e1 m\u00f3ti fj\u00f6lbreyttum h\u00f3pi nemenda, b\u00e6\u00f0i er var\u00f0ar bakgrunn og fyrri n\u00e1ms\u00e1rangur. Sk\u00f3linn hefur \u00fea\u00f0 a\u00f0 markmi\u00f0i a\u00f0 m\u00e6ta hverjum nemanda \u00fear sem hann er staddur og hj\u00e1lpa honum a\u00f0 r\u00e6kta h\u00e6fileika s\u00edna."]}, "user_id": "5ab4bf42-9e24-478d-8959-babc271df6b5", "is_ministry_rejected": false, "title": "\u00cdslenskubraut fyrir \u00fatlendinga (Sta\u00f0festingarn\u00famer 464)", "ministry_serial": "20-464-2-5", "version": "framhaldssk\u00f3lapr\u00f3f-80", "status_trans": "Sam\u00feykkt af r\u00e1\u00f0uneyti", "date_last_sent_to_ministry": 1581094409.906184, "evaluation": "L\u00f6g\u00f0 er \u00e1hersla \u00e1 fj\u00f6lbreyttar a\u00f0fer\u00f0ir vi\u00f0 n\u00e1msmat me\u00f0 lei\u00f0sagnarmati og s\u00edmati. N\u00e1nar er kve\u00f0i\u00f0 \u00e1 um n\u00e1msmat einstaka \u00e1fanga \u00ed kennslu\u00e1\u00e6tlun hverju sinni og \u00ed g\u00e6\u00f0ahandb\u00f3k sk\u00f3lans.", "status": "approved by ministry", "core": [{"courses": [{"exemplary": null, "topics": "Grunn\u00e1fangi", "abbreviation": "UPPT1\u00cdA03(AT)", "former_schools": null, "subject": "uppl\u00fdsingat\u00e6kni", "title": "Grunn\u00e1fangi \u00ed uppl\u00fdsingat\u00e6kni", "version": 26, "status_trans": "Sam\u00feykkt af sk\u00f3la", "embedded_subject": {"abbreviation": "UPPT", "topics": [{"abbreviation": "UT", "topics": ["t\u00f6lvunotkun", "uppl\u00fdsingamennt"]}, {"abbreviation": "US", "topics": ["pers\u00f3nuuppl\u00fdsingar", "sj\u00fakraskr\u00e1ning", "uppl\u00fdsingat\u00e6kni"]}, {"abbreviation": "TT", "topics": ["einf\u00f6ld forritun", "gagnasafnsfr\u00e6\u00f0i", "notkun t\u00f6flureikna", "vefs\u00ed\u00f0uger\u00f0"]}, {"abbreviation": "T\u00d6", "topics": ["Uppl\u00fdsingat\u00e6kni og t\u00f6lfr\u00e6\u00f0i"]}, {"abbreviation": "N\u00d6", "topics": ["Net\u00f6ryggi"]}, {"abbreviation": "SK", "topics": ["Sk\u00f6pun"]}, {"abbreviation": "TS", "topics": ["T\u00f6lvup\u00f3stsamskipti"]}, {"abbreviation": "RI", "topics": ["Ritun"]}, {"abbreviation": "RV", "topics": ["Ritvinnsla"]}, {"abbreviation": "MA", "topics": ["UPPT"]}, {"abbreviation": "SB", "topics": ["Uppl\u00fdsingat\u00e6kni \u00e1 starfsbraut"]}, {"abbreviation": "TF", "topics": ["T\u00f6lvuleikjaforritun"]}, {"abbreviation": "AF", "topics": ["Algeng forrit", "hj\u00e1lpart\u00e6ki", "samf\u00e9lagsmi\u00f0lar", "vefs\u00ed\u00f0ur"]}, {"abbreviation": "MM", "topics": ["Margmi\u00f0lun"]}, {"abbreviation": "UF", "topics": ["Uppl\u00fdsingat\u00e6kni \u00ed fer\u00f0a\u00fej\u00f3nustu"]}, {"abbreviation": "VA", "topics": ["Uppl\u00fdsinga og t\u00f6lvut\u00e6kni- val"]}, {"abbreviation": "UU", "topics": ["Forrit", "samf\u00e9lagsmi\u00f0lar", "uppl\u00fdsinganotkun.", "uppl\u00fdsinga\u00f6flun"]}, {"abbreviation": "LJ", "topics": ["Uppl\u00fdsingat\u00e6kni"]}, {"abbreviation": "ST", "topics": ["Spjaldt\u00f6lvur"]}, {"abbreviation": "OH", "topics": ["Opinn hugb\u00fana\u00f0ur"]}, {"abbreviation": "GR", "topics": ["Grunnur"]}, {"abbreviation": "SA", "topics": ["af\u00fereying og t\u00f3nlist", "samskipti"]}, {"abbreviation": "TU", "topics": ["t\u00f3mstundir og uppl\u00fdsingat\u00e6ni"]}, {"abbreviation": "KT", "topics": ["Uppl\u00fdsingat\u00e6kni og stafr\u00e6n mi\u00f0lun"]}, {"abbreviation": "SZ", "topics": ["Starfsbraut"]}, {"abbreviation": "\u00cdA", "topics": ["Grunn\u00e1fangi"]}], "_id": "50c0a02dd8e40575f7f6f4d0", "subjects": ["uppl\u00fdsingat\u00e6kni"], "counter": {"1": 25, "3": 2, "2": 6, "4": 1}}, "evaluation": "\u00c1fanginn er s\u00edmats\u00e1fangi. Mats\u00fe\u00e6ttir eru lag\u00f0ir fyrir yfir \u00f6nnina samkv\u00e6mt kennslu\u00e1\u00e6tlun. ", "categorization_suggestion": "AT", "embedded_topics": {"abbreviation": "\u00cdA", "topics": ["Grunn\u00e1fangi"]}, "status": "approved by school", "description": "\u00c1fanginn er \u00e6tla\u00f0ur nemendum me\u00f0 \u00edslensku sem anna\u00f0 m\u00e1l. Nemendur kynnast notkun \u00e1 Innu, skjalavistun og t\u00f6lvup\u00f3sti. Auk \u00feess gera \u00feeir verkefni \u00ed ritvinnslu-, t\u00f6flureikni- og gl\u00e6ruger\u00f0arforritum \u00ed Office.", "knowledge_goals": ["\u00feeim t\u00f6lvukerfum sem sk\u00f3linn notar \u00ed samskiptum vi\u00f0 nemendur.", "\u00f6\u00f0rum hugb\u00fana\u00f0i sem n\u00fdtist \u00ed n\u00e1mi.", "vistun gagna sem hann vinnur me\u00f0 \u00ed tengslum vi\u00f0 n\u00e1mi\u00f0.", "notkun t\u00f6lvup\u00f3sts.", "almennri notkun einkat\u00f6lva."], "skills_goals": ["vinna \u00ed \u00feeim kerfum og hugb\u00fana\u00f0i sem kennt er \u00e1 \u00ed \u00e1fanganum.", "fylgja fyrirm\u00e6lum vi\u00f0 vinnslu verkefna \u00ed vi\u00f0komandi hugb\u00fana\u00f0i.", "setja upp og lj\u00faka verkefnum samkv\u00e6mt fyrirm\u00e6lum.", "rita \u00e1 \u00edslensku.", "vista skj\u00f6l sem hann vinnur me\u00f0 \u00e1 vi\u00f0eigandi sta\u00f0."], "credits": 3, "last_modified": 1558361395.486036, "schools": ["512352c28caa45ed97015b48"], "coauthors": null, "instructions": "", "continued_education": false, "level": 1, "prerequisites": "", "author": "5ab4bf42-9e24-478d-8959-babc271df6b5", "abbreviation_version": null, "competence_goals": [["fylgjast me\u00f0 eigin n\u00e1mi og eiga \u00ed samskiptum vi\u00f0 vi\u00f0eigandi a\u00f0ila innan sk\u00f3lans.", ""], ["au\u00f0velda s\u00e9r uppl\u00fdsinga\u00f6flun \u00ed n\u00e1mi.", ""], ["n\u00fdta s\u00e9r vi\u00f0eigandi hugb\u00fana\u00f0 \u00ed n\u00e1mi.", ""], ["vista og var\u00f0veita eigin g\u00f6gn.", ""]], "_id": "5ce2b533e3d27fd17a000582"}, {"exemplary": null, "topics": "Grunn\u00e1fangi", "abbreviation": "L\u00cdFS1\u00cdA05(AT)", "former_schools": null, "subject": "l\u00edfsleikni", "title": "L\u00edfsleikni", "version": 93, "status_trans": "Sam\u00feykkt af sk\u00f3la", "embedded_subject": {"abbreviation": "L\u00cdFS", "topics": [{"abbreviation": "SS", "topics": ["sj\u00e1lfst\u00e6tt l\u00edf", "sk\u00f3laumhverfi"]}, {"abbreviation": "TM", "topics": ["mannleg samskipti", "tilfinningar"]}, {"abbreviation": "TU", "topics": ["tj\u00e1ning", "uppl\u00fdsingat\u00e6kni"]}, {"abbreviation": "MT", "topics": ["me\u00f0vitund", "tj\u00e1ning"]}, {"abbreviation": "SM", "topics": ["markmi\u00f0asetning", "sj\u00e1lfstraust"]}, {"abbreviation": "HP", "topics": ["gildi peninga", "heimilisb\u00f3khald"]}, {"abbreviation": "ES", "topics": ["einstaklingur", "framt\u00ed\u00f0", "f\u00e9lags\u00feroski", "samf\u00e9lag", "samskipti", "sj\u00e1lfstraust", "vir\u00f0ing", "\u00e1byrg\u00f0"]}, {"abbreviation": "N\u00dd", "topics": ["n\u00fdnemafr\u00e6\u00f0sla"]}, {"abbreviation": "GR", "topics": ["grunn\u00fe\u00e6ttir"]}, {"abbreviation": "SL", "topics": ["sk\u00f3laleikni"]}, {"abbreviation": "NS", "topics": ["n\u00e1ms-og starfsfr\u00e6\u00f0sla"]}, {"abbreviation": "\u00c1S", "topics": ["n\u00e1mst\u00e6kni", "samskipti", "sj\u00e1fsmynd", "\u00e1byrg\u00f0"]}, {"abbreviation": "BE", "topics": ["borgaravitund", "l\u00edfsst\u00edll", "n\u00e1ms- og starfsfr\u00e6\u00f0sla", "sj\u00e1lfsmynd", "tj\u00e1ning"]}, {"abbreviation": "BS", "topics": ["borgaravitund", "samf\u00e9lag", "samskipti", "umhverfism\u00e1l", "vinnumarka\u00f0ur"]}, {"abbreviation": "HE", "topics": ["heimilishald"]}, {"abbreviation": "N\u00c1", "topics": ["n\u00e1mst\u00e6kni"]}, {"abbreviation": "HN", "topics": ["Heilbrig\u00f0i", "forvarnir", "n\u00e1m", "sk\u00f3li"]}, {"abbreviation": "\u00c9S", "topics": ["samf\u00e9lagi\u00f0", "sk\u00f3linn", "\u00e9g"]}, {"abbreviation": "\u00c9G", "topics": ["samf\u00e9lagi\u00f0", "sk\u00f3linn", "\u00c9g"]}, {"abbreviation": "DL", "topics": ["daglegt l\u00edf einstaklingsins"]}, {"abbreviation": "SK", "topics": ["Sk\u00f6pun"]}, {"abbreviation": "L\u00c6", "topics": ["L\u00e6si \u00ed v\u00ed\u00f0u samhengi"]}, {"abbreviation": "SB", "topics": ["Sj\u00e1lfb\u00e6rni \u00ed v\u00ed\u00f0u samhengi"]}, {"abbreviation": "LM", "topics": ["L\u00fd\u00f0r\u00e6\u00f0i og mannr\u00e9ttindi"]}, {"abbreviation": "JR", "topics": ["Jafnr\u00e9tti"]}, {"abbreviation": "KF", "topics": ["Kynfr\u00e6\u00f0sla"]}, {"abbreviation": "TS", "topics": ["Tj\u00e1ning og samskipti"]}, {"abbreviation": "FJ", "topics": ["Fj\u00f6lmi\u00f0lar"]}, {"abbreviation": "FH", "topics": ["Framkoma og hreinl\u00e6ti"]}, {"abbreviation": "LK", "topics": ["L\u00edkaminn og tilfinningar"]}, {"abbreviation": "T\u00d3", "topics": ["T\u00f3mstundir"]}, {"abbreviation": "UM", "topics": ["Umferli"]}, {"abbreviation": "ST", "topics": ["Taktu stj\u00f3rnina"]}, {"abbreviation": "\u00da\u00da", "topics": ["\u00datskrift", "\u00fatskriftarfer\u00f0 og fj\u00e1r\u00f6flun"]}, {"abbreviation": "LL", "topics": ["forvarnir", "heilbrig\u00f0i", "l\u00edfsleikni", "n\u00e1mst\u00e6kni"]}, {"abbreviation": "NF", "topics": ["N\u00fdnemafr\u00e6\u00f0sla", "forvarnir", "l\u00edfsleikni", "n\u00e1mst\u00e6kni"]}, {"abbreviation": "NV", "topics": ["l\u00fd\u00f0r\u00e6\u00f0i", "mannr\u00e9ttindi", "n\u00e1msval", "sam\u00e9lag"]}, {"abbreviation": "SU", "topics": ["Sj\u00e1lfsmynd"]}, {"abbreviation": "HS", "topics": ["Heilbrig\u00f0ur l\u00edfsst\u00edll", "heilsul\u00e6si me\u00f0 s\u00e9rtaka \u00e1herslu \u00e1 n\u00e6ringu"]}, {"abbreviation": "KY", "topics": ["Kynjafr\u00e6\u00f0i"]}, {"abbreviation": "VE", "topics": ["Valdefling"]}, {"abbreviation": "FA", "topics": ["Forn\u00e1m"]}, {"abbreviation": "JS", "topics": ["J\u00e1kv\u00e6\u00f0 sj\u00e1lfsmynd", "samvinna og samskipti"]}, {"abbreviation": "LS", "topics": ["L\u00edfsst\u00edll", "heilbrig\u00f0i og sj\u00e1lfsmynd"]}, {"abbreviation": "AN", "topics": ["Almenn n\u00e1msbraut"]}, {"abbreviation": "AB", "topics": ["Almenn braut framhald"]}, {"abbreviation": "FF", "topics": ["F\u00e9lagsf\u00e6rni"]}, {"abbreviation": "FU", "topics": ["Fundarsk\u00f6p"]}, {"abbreviation": "SF", "topics": ["Sk\u00f3laf\u00e6rni"]}, {"abbreviation": "XA", "topics": ["fj\u00f6lskylda", "f\u00e9lagsl\u00edf", "gildismat og l\u00edfsst\u00edll", "\u00e9g"]}, {"abbreviation": "XB", "topics": ["Heilbrig\u00f0i", "samskipti", "si\u00f0fer\u00f0i og framkoma"]}, {"abbreviation": "\u00daS", "topics": ["\u00datskrift og samf\u00e9lagsleg \u00e1byrg\u00f0"]}, {"abbreviation": "US", "topics": ["samf\u00e9lag", "samskipti", "sk\u00f3labragur", "umgengni"]}, {"abbreviation": "UF", "topics": ["samf\u00e9lag", "sk\u00f3labragur", "umgengni og samskipti"]}, {"abbreviation": "FL", "topics": ["fj\u00f6lmi\u00f0lar og l\u00ed\u00f0andi stund"]}, {"abbreviation": "SV", "topics": ["sj\u00e1lfr\u00e6\u00f0i og virkni \u00ed samf\u00e9laginu"]}, {"abbreviation": "VI", "topics": ["Samskipti og vin\u00e1tta"]}, {"abbreviation": "SH", "topics": ["Skyndihj\u00e1lp"]}, {"abbreviation": "VU", "topics": ["Vettvangsfer\u00f0ir og umferli"]}, {"abbreviation": "HG", "topics": ["H\u00e1degishl\u00e9"]}, {"abbreviation": "H\u00c1", "topics": ["H\u00e1degishl\u00e9", "sj\u00e1lfst\u00e6\u00f0i"]}, {"abbreviation": "HF", "topics": ["H\u00e1degishl\u00e9 framhald"]}, {"abbreviation": "S\u00de", "topics": ["Str\u00e6t\u00f3\u00fej\u00e1lfun"]}, {"abbreviation": "SZ", "topics": ["L\u00edfsleikni \u00e1 starfsbraut"]}, {"abbreviation": "GA", "topics": ["L\u00edfsleikni"]}, {"abbreviation": "AA", "topics": ["L\u00edfsleikni fyrir t\u00f3nlistarnema"]}, {"abbreviation": "NB", "topics": ["N\u00e1mst\u00e6kni og borgaravitund"]}, {"abbreviation": "SA", "topics": ["Sj\u00e1lfs\u00feekking", "minn veruleiki", "m\u00f3tunar\u00e1hrif"]}, {"abbreviation": "SC", "topics": ["Sj\u00e1lfb\u00e6rni", "fj\u00f6lmi\u00f0lar", "fr\u00e9ttami\u00f0lar \u00e1 netinu", "sj\u00e1lfstyrking"]}, {"abbreviation": "SD", "topics": ["\u00cdslenskt samf\u00e9lag og l\u00fd\u00f0r\u00e6\u00f0i"]}, {"abbreviation": "SE", "topics": ["L\u00edfsleikni me\u00f0 \u00e1herslu \u00e1 menningarl\u00e6si"]}, {"abbreviation": "SG", "topics": ["L\u00edfsleikni me\u00f0 \u00e1herslu \u00e1 almennt heilbrig\u00f0i"]}, {"abbreviation": "SI", "topics": ["L\u00edfsleikni me\u00f0 \u00e1herslu \u00e1 sj\u00e1lfsmynd", "si\u00f0fer\u00f0i og netsamskipti"]}, {"abbreviation": "SJ", "topics": ["L\u00edfsleikni \u00fear sem unni\u00f0 er me\u00f0 l\u00edfi\u00f0 eftir framhaldssk\u00f3la"]}, {"abbreviation": "SN", "topics": ["L\u00edfsleikni \u00fear sem unni\u00f0 er me\u00f0 fj\u00e1rm\u00e1l", "fj\u00f6lbreytileika samf\u00e9laga og \u00e1byrg\u00f0"]}, {"abbreviation": "\u00cdA", "topics": ["Grunn\u00e1fangi"]}], "_id": "50c0a02dd8e40575f7f6f4c6", "subjects": ["l\u00edfsleikni"], "counter": {"1": 92, "3": 1, "2": 1, "4": 0}}, "evaluation": "\u00c1fanginn er s\u00edmats\u00e1fangi. Mats\u00fe\u00e6ttir eru lag\u00f0ir fyrir yfir \u00f6nnina samkv\u00e6mt kennslu\u00e1\u00e6tlun. ", "categorization_suggestion": "AT", "embedded_topics": {"abbreviation": "\u00cdA", "topics": ["Grunn\u00e1fangi"]}, "status": "approved by school", "description": "\u00c1hersla er l\u00f6g\u00f0 \u00e1 \u00feekkingu nemenda \u00e1 sk\u00f3la\u2010 og n\u00e6rumhverfi s\u00ednu. Nemendur f\u00e1 kynningu \u00e1 s\u00f6gu \u00cdslands, fr\u00e1 upphafi bygg\u00f0ar \u00ed landinu. Fengist er vi\u00f0 legu landsins, d\u00fdral\u00edf og gr\u00f3\u00f0urfar h\u00e9r, umgengni vi\u00f0 landi\u00f0 og atvinnuh\u00e6tti fyrr og n\u00fa.  \u00de\u00e1 er stj\u00f3rnarfar landsins \u00fatsk\u00fdrt og stj\u00f3rnm\u00e1laflokkar sko\u00f0a\u00f0ir. Nemendur b\u00faa til kynningu \u00e1 s\u00ednu landi og flytja hana. Nemendur b\u00faa til ferilskr\u00e1 og f\u00e1 kynningu \u00e1 r\u00e9ttindum s\u00ednum og skyldum. Fari\u00f0 er \u00ed heims\u00f3knir \u00e1 stofnanir og s\u00f6fn.", "knowledge_goals": ["s\u00f6gu \u00cdslands fyrr og n\u00fa.", "atvinnul\u00edfi og framt\u00ed\u00f0ars\u00fdn.", "l\u00fd\u00f0r\u00e6\u00f0i, Al\u00feingi og stj\u00f3rnm\u00e1laflokkum.", "jafnr\u00e9tti.", "r\u00e9ttindum og \u00e1byrg\u00f0 \u00feegna samf\u00e9lagsins.", "helstu fj\u00e1rm\u00e1lahugt\u00f6kum."], "skills_goals": ["afla s\u00e9r uppl\u00fdsinga um atvinnul\u00edfi\u00f0 og starfsm\u00f6guleika \u00ed framt\u00ed\u00f0inni.", "leita uppl\u00fdsinga um st\u00f6rf Al\u00feingis, stj\u00f3rnm\u00e1laflokka og l\u00fd\u00f0r\u00e6\u00f0i.", "fjalla um jafnr\u00e9ttism\u00e1l.", "leita uppl\u00fdsinga um r\u00e9tt sinn og skyldur \u00fat fr\u00e1 l\u00f6gum, si\u00f0fer\u00f0i, fr\u00e9ttum og augl\u00fdsingum.", "leita lei\u00f0a til a\u00f0 gera \u00e1\u00e6tlun um fj\u00e1rm\u00e1l og meta uppl\u00fdsingar um \u00feau."], "credits": 5, "last_modified": 1558363289.820861, "schools": ["512352c28caa45ed97015b48"], "coauthors": null, "instructions": "", "continued_education": false, "level": 1, "prerequisites": "\u00derj\u00e1r annir \u00ed \u00edslensku sem anna\u00f0 m\u00e1l vi\u00f0 T\u00e6knisk\u00f3lann e\u00f0a anna\u00f0 samb\u00e6rilegt n\u00e1m.", "author": "5ab4bf42-9e24-478d-8959-babc271df6b5", "abbreviation_version": null, "competence_goals": [["a\u00f0 taka \u00fe\u00e1tt \u00ed sko\u00f0anaskiptum og f\u00e6ra r\u00f6k fyrir m\u00e1li s\u00ednu.", ""], ["\u00fatb\u00faa starfsferilskr\u00e1 og gera grein fyrir eigin m\u00f6guleikum \u00e1 atvinnu og frekara n\u00e1mi.", ""], ["vera fj\u00e1rm\u00e1lal\u00e6s, b\u00faa til \u00e1\u00e6tlun um fj\u00e1rm\u00e1l og reikna \u00fat helstu kostna\u00f0arli\u00f0i einstaklinga og fj\u00f6lskyldu og hva\u00f0 felst \u00ed a\u00f0 vera fj\u00e1rr\u00e1\u00f0a.", ""], ["\u00fatsk\u00fdra l\u00fd\u00f0r\u00e6\u00f0ishugtaki\u00f0 og hvernig Al\u00feingi og stj\u00f3rnm\u00e1laflokkar starfa.", ""], ["kynnast atvinnuvegum og n\u00e1tt\u00faru n\u00fds lands.", ""], ["\u00feroska me\u00f0 s\u00e9r vitund um st\u00f6\u00f0u og \u00e1byrg\u00f0 s\u00edna gagnvart vistkerfi jar\u00f0ar.", ""], ["\u00feroska me\u00f0 s\u00e9r borgarvitund og \u00f6\u00f0list \u00feekkingu \u00e1 samf\u00e9laginu.", ""]], "_id": "5ce2bc99e3d27fd17a000638"}, {"exemplary": null, "topics": "almenn heilsu- og l\u00edkamsr\u00e6kt me\u00f0 \u00e1herslu \u00e1 styrk, l\u00edkamsbeitingu og snerpu", "abbreviation": "\u00cd\u00deR\u00d31LA01(AT)", "former_schools": null, "subject": "\u00ed\u00fer\u00f3ttir", "title": "Styrkur, l\u00edkamsbeyting, snerpa", "version": 45, "status_trans": "Sam\u00feykkt af sk\u00f3la", "embedded_subject": {"abbreviation": "\u00cd\u00deR\u00d3", "topics": [{"abbreviation": "\u00deK", "topics": ["kraftur", "styrkur", "\u00feol"]}, {"abbreviation": "GL", "topics": ["grunn\u00fe\u00e6ttir \u00ed almennri l\u00edkams- og heilsur\u00e6kt"]}, {"abbreviation": "GH", "topics": ["grunn\u00fe\u00e6ttir \u00ed almennri heilsu- og l\u00edkamsr\u00e6kt"]}, {"abbreviation": "LC", "topics": ["l\u00edkams- og heilsur\u00e6kt"]}, {"abbreviation": "LD", "topics": ["framhald", "l\u00edkams- og heilsur\u00e6kt"]}, {"abbreviation": "AL", "topics": ["almenn l\u00edkams- og heilsur\u00e6kt e\u00f0a \u00fativist"]}, {"abbreviation": "AH", "topics": ["almenn heilsu- og l\u00edkamsr\u00e6kt e\u00f0a \u00fativist"]}, {"abbreviation": "HR", "topics": ["heilsur\u00e6kt"]}, {"abbreviation": "HH", "topics": ["hreyfing og heilsur\u00e6kt"]}, {"abbreviation": "L\u00cd", "topics": ["l\u00edkamsr\u00e6kt"]}, {"abbreviation": "KN", "topics": ["knattspyrna"]}, {"abbreviation": "KK", "topics": ["k\u00f6rfuknattleikur"]}, {"abbreviation": "BA", "topics": ["badminton"]}, {"abbreviation": "BL", "topics": ["blak"]}, {"abbreviation": "HL", "topics": ["almenn heilsu- og l\u00edkamsr\u00e6kt"]}, {"abbreviation": "LA", "topics": ["almenn heilsu- og l\u00edkamsr\u00e6kt me\u00f0 \u00e1herslu \u00e1 styrk", "l\u00edkamsbeitingu og snerpu"]}, {"abbreviation": "LN", "topics": ["l\u00edfst\u00edll", "n\u00e6ring"]}, {"abbreviation": "M\u00de", "topics": ["markmi\u00f0asetning", "\u00fej\u00e1lfunar\u00e1\u00e6tlanir"]}, {"abbreviation": "SK", "topics": ["skipul\u00f6g\u00f0 hreyfing"]}, {"abbreviation": "S\u00cd", "topics": ["skipul\u00f6g\u00f0 hreyfing framhald", "\u00ed\u00fer\u00f3ttir"]}, {"abbreviation": "LS", "topics": ["l\u00edkamsbeiting og snerpa", "styrkur"]}, {"abbreviation": "U\u00de", "topics": ["upphitun", "\u00feol\u00fej\u00e1lfun"]}, {"abbreviation": "SL", "topics": ["li\u00f0leiki", "l\u00edkamsbeiting", "styrkur", "\u00ed\u00fer\u00f3ttamei\u00f0sli"]}, {"abbreviation": "SS", "topics": ["samh\u00e6fing", "snerpa"]}, {"abbreviation": "LH", "topics": ["heilsa", "l\u00edfsst\u00edll"]}, {"abbreviation": "HA", "topics": ["almenn l\u00edkams og heilsur\u00e6kt", "hreyfing", "likamsr\u00e6ktarsalur"]}, {"abbreviation": "B\u00cd", "topics": ["bolta\u00ed\u00fer\u00f3ttir", "l\u00edffr\u00e6\u00f0i hreyfingar"]}, {"abbreviation": "\u00daH", "topics": ["hreyfing", "j\u00e1kv\u00e6\u00f0 upplifun", "sj\u00e1lfstyrking", "\u00dativist"]}, {"abbreviation": "\u00daF", "topics": ["g\u00f6ngufer\u00f0ir \u00e1 fj\u00f6ll", "hreyfing", "\u00fativist"]}, {"abbreviation": "B\u00dd", "topics": ["Band\u00fd"]}, {"abbreviation": "GA", "topics": ["Ganga"]}, {"abbreviation": "SU", "topics": ["Sund"]}, {"abbreviation": "\u00cdS", "topics": ["starfsbraut", "\u00ed\u00fer\u00f3ttir"]}, {"abbreviation": "LB", "topics": ["L\u00edkamsr\u00e6kt", "hreyfing", "li\u00f0leiki", "styrking"]}, {"abbreviation": "A\u00cd", "topics": ["Almennar \u00ed\u00fer\u00f3ttir"]}, {"abbreviation": "BG", "topics": ["Grunnur a\u00f0 l\u00edkamsr\u00e6kt 2"]}, {"abbreviation": "AG", "topics": ["Grunnur a\u00f0 l\u00edkamsr\u00e6kt A"]}, {"abbreviation": "\u00cdC", "topics": ["L\u00edkamsr\u00e6kt og heilsa A"]}, {"abbreviation": "\u00cdD", "topics": ["L\u00edkamsr\u00e6kt og heilsa B"]}, {"abbreviation": "\u00cdF", "topics": ["Almenn heilsur\u00e6kt B"]}, {"abbreviation": "AA", "topics": ["almennar \u00ed\u00fer\u00f3ttir A"]}, {"abbreviation": "AB", "topics": ["Almennar \u00ed\u00fer\u00f3ttir B"]}, {"abbreviation": "AC", "topics": ["Almennar \u00ed\u00fer\u00f3ttir C"]}, {"abbreviation": "AD", "topics": ["Almennar \u00ed\u00fer\u00f3ttir D"]}, {"abbreviation": "AE", "topics": ["Almennar \u00ed\u00fer\u00f3ttir E"]}, {"abbreviation": "AF", "topics": ["Almennar \u00ed\u00fer\u00f3ttir F"]}, {"abbreviation": "HU", "topics": ["Hugur og heilsa"]}, {"abbreviation": "\u00deB", "topics": ["knattspyrna", "k\u00f6rfubolti og a\u00f0rir boltaleikir", "\u00derek"]}, {"abbreviation": "\u00cdG", "topics": ["\u00cd\u00fer\u00f3ttagreinar og \u00fativist"]}, {"abbreviation": "HJ", "topics": ["Hj\u00f3la\u00f0 \u00ed sk\u00f3lann"]}, {"abbreviation": "DL", "topics": ["Dansleikh\u00fas"]}], "_id": "50c0a02dd8e40575f7f6f4cc", "subjects": ["\u00ed\u00fer\u00f3ttir"], "counter": {"1": 43, "3": 0, "2": 10, "4": 0}}, "evaluation": "", "categorization_suggestion": "AT", "embedded_topics": {"abbreviation": "LA", "topics": ["almenn heilsu- og l\u00edkamsr\u00e6kt me\u00f0 \u00e1herslu \u00e1 styrk", "l\u00edkamsbeitingu og snerpu"]}, "status": "approved by school", "description": "\u00cd \u00feessum \u00e1fanga stunda nemendur markvissa hreyfingu og \u00f6\u00f0last \u00feekkingu til \u00feess a\u00f0 setja s\u00e9r raunh\u00e6f markmi\u00f0 \u00ed heilsur\u00e6kt.", "knowledge_goals": ["\u00feol\u00fej\u00e1lfun", "upphitun", "li\u00f0leika", "styrk"], "skills_goals": ["vinna me\u00f0 grunn\u00fe\u00e6tti l\u00edkams\u00fej\u00e1lfunar", "vinna sj\u00e1lfst\u00e6tt", "setja upp \u00e6finga\u00e1\u00e6tlun"], "credits": 1, "last_modified": 1424556357.497939, "schools": ["512352c28caa45ed97015b48"], "coauthors": null, "instructions": "", "continued_education": false, "level": 1, "prerequisites": "", "author": "4e1c738a-850b-4101-a7ac-a03c7fa18d0b", "abbreviation_version": null, "competence_goals": [["vi\u00f0halda l\u00edkams\u00fereki s\u00ednu", ""], ["gera m\u00e6lingar \u00e1 l\u00edkams\u00e1standi s\u00ednu og breg\u00f0ast r\u00e9tt vi\u00f0 ni\u00f0urst\u00f6\u00f0um m\u00e6linga", ""], ["vera me\u00f0vita\u00f0ur um l\u00edkams\u00e1stand sitt", ""]], "_id": "54e9014562933a1936000b82"}, {"exemplary": null, "topics": "L\u00edkamsr\u00e6kt, hreyfing, li\u00f0leiki, styrking", "abbreviation": "\u00cd\u00deR\u00d31LB01(BT)", "former_schools": null, "subject": "\u00ed\u00fer\u00f3ttir", "title": "Styrkur, l\u00edkamsbeyting, snerpa", "version": 46, "status_trans": "Sam\u00feykkt af sk\u00f3la", "embedded_subject": {"abbreviation": "\u00cd\u00deR\u00d3", "topics": [{"abbreviation": "\u00deK", "topics": ["kraftur", "styrkur", "\u00feol"]}, {"abbreviation": "GL", "topics": ["grunn\u00fe\u00e6ttir \u00ed almennri l\u00edkams- og heilsur\u00e6kt"]}, {"abbreviation": "GH", "topics": ["grunn\u00fe\u00e6ttir \u00ed almennri heilsu- og l\u00edkamsr\u00e6kt"]}, {"abbreviation": "LC", "topics": ["l\u00edkams- og heilsur\u00e6kt"]}, {"abbreviation": "LD", "topics": ["framhald", "l\u00edkams- og heilsur\u00e6kt"]}, {"abbreviation": "AL", "topics": ["almenn l\u00edkams- og heilsur\u00e6kt e\u00f0a \u00fativist"]}, {"abbreviation": "AH", "topics": ["almenn heilsu- og l\u00edkamsr\u00e6kt e\u00f0a \u00fativist"]}, {"abbreviation": "HR", "topics": ["heilsur\u00e6kt"]}, {"abbreviation": "HH", "topics": ["hreyfing og heilsur\u00e6kt"]}, {"abbreviation": "L\u00cd", "topics": ["l\u00edkamsr\u00e6kt"]}, {"abbreviation": "KN", "topics": ["knattspyrna"]}, {"abbreviation": "KK", "topics": ["k\u00f6rfuknattleikur"]}, {"abbreviation": "BA", "topics": ["badminton"]}, {"abbreviation": "BL", "topics": ["blak"]}, {"abbreviation": "HL", "topics": ["almenn heilsu- og l\u00edkamsr\u00e6kt"]}, {"abbreviation": "LA", "topics": ["almenn heilsu- og l\u00edkamsr\u00e6kt me\u00f0 \u00e1herslu \u00e1 styrk", "l\u00edkamsbeitingu og snerpu"]}, {"abbreviation": "LN", "topics": ["l\u00edfst\u00edll", "n\u00e6ring"]}, {"abbreviation": "M\u00de", "topics": ["markmi\u00f0asetning", "\u00fej\u00e1lfunar\u00e1\u00e6tlanir"]}, {"abbreviation": "SK", "topics": ["skipul\u00f6g\u00f0 hreyfing"]}, {"abbreviation": "S\u00cd", "topics": ["skipul\u00f6g\u00f0 hreyfing framhald", "\u00ed\u00fer\u00f3ttir"]}, {"abbreviation": "LS", "topics": ["l\u00edkamsbeiting og snerpa", "styrkur"]}, {"abbreviation": "U\u00de", "topics": ["upphitun", "\u00feol\u00fej\u00e1lfun"]}, {"abbreviation": "SL", "topics": ["li\u00f0leiki", "l\u00edkamsbeiting", "styrkur", "\u00ed\u00fer\u00f3ttamei\u00f0sli"]}, {"abbreviation": "SS", "topics": ["samh\u00e6fing", "snerpa"]}, {"abbreviation": "LH", "topics": ["heilsa", "l\u00edfsst\u00edll"]}, {"abbreviation": "HA", "topics": ["almenn l\u00edkams og heilsur\u00e6kt", "hreyfing", "likamsr\u00e6ktarsalur"]}, {"abbreviation": "B\u00cd", "topics": ["bolta\u00ed\u00fer\u00f3ttir", "l\u00edffr\u00e6\u00f0i hreyfingar"]}, {"abbreviation": "\u00daH", "topics": ["hreyfing", "j\u00e1kv\u00e6\u00f0 upplifun", "sj\u00e1lfstyrking", "\u00dativist"]}, {"abbreviation": "\u00daF", "topics": ["g\u00f6ngufer\u00f0ir \u00e1 fj\u00f6ll", "hreyfing", "\u00fativist"]}, {"abbreviation": "B\u00dd", "topics": ["Band\u00fd"]}, {"abbreviation": "GA", "topics": ["Ganga"]}, {"abbreviation": "SU", "topics": ["Sund"]}, {"abbreviation": "\u00cdS", "topics": ["starfsbraut", "\u00ed\u00fer\u00f3ttir"]}, {"abbreviation": "LB", "topics": ["L\u00edkamsr\u00e6kt", "hreyfing", "li\u00f0leiki", "styrking"]}, {"abbreviation": "A\u00cd", "topics": ["Almennar \u00ed\u00fer\u00f3ttir"]}, {"abbreviation": "BG", "topics": ["Grunnur a\u00f0 l\u00edkamsr\u00e6kt 2"]}, {"abbreviation": "AG", "topics": ["Grunnur a\u00f0 l\u00edkamsr\u00e6kt A"]}, {"abbreviation": "\u00cdC", "topics": ["L\u00edkamsr\u00e6kt og heilsa A"]}, {"abbreviation": "\u00cdD", "topics": ["L\u00edkamsr\u00e6kt og heilsa B"]}, {"abbreviation": "\u00cdF", "topics": ["Almenn heilsur\u00e6kt B"]}, {"abbreviation": "AA", "topics": ["almennar \u00ed\u00fer\u00f3ttir A"]}, {"abbreviation": "AB", "topics": ["Almennar \u00ed\u00fer\u00f3ttir B"]}, {"abbreviation": "AC", "topics": ["Almennar \u00ed\u00fer\u00f3ttir C"]}, {"abbreviation": "AD", "topics": ["Almennar \u00ed\u00fer\u00f3ttir D"]}, {"abbreviation": "AE", "topics": ["Almennar \u00ed\u00fer\u00f3ttir E"]}, {"abbreviation": "AF", "topics": ["Almennar \u00ed\u00fer\u00f3ttir F"]}, {"abbreviation": "HU", "topics": ["Hugur og heilsa"]}, {"abbreviation": "\u00deB", "topics": ["knattspyrna", "k\u00f6rfubolti og a\u00f0rir boltaleikir", "\u00derek"]}, {"abbreviation": "\u00cdG", "topics": ["\u00cd\u00fer\u00f3ttagreinar og \u00fativist"]}, {"abbreviation": "HJ", "topics": ["Hj\u00f3la\u00f0 \u00ed sk\u00f3lann"]}, {"abbreviation": "DL", "topics": ["Dansleikh\u00fas"]}], "_id": "50c0a02dd8e40575f7f6f4cc", "subjects": ["\u00ed\u00fer\u00f3ttir"], "counter": {"1": 43, "3": 0, "2": 10, "4": 0}}, "evaluation": "", "categorization_suggestion": "BT", "embedded_topics": {"abbreviation": "LB", "topics": ["L\u00edkamsr\u00e6kt", "hreyfing", "li\u00f0leiki", "styrking"]}, "status": "approved by school", "description": "\u00cd \u00feessum \u00e1fanga stunda nemendur markvissa hreyfingu og \u00f6\u00f0last \u00feekkingu til \u00feess a\u00f0 setja s\u00e9r raunh\u00e6f markmi\u00f0 \u00ed heilsur\u00e6kt.", "knowledge_goals": ["\u00feol\u00fej\u00e1lfun", "upphitun", "li\u00f0leika", "styrk"], "skills_goals": ["vinna me\u00f0 grunn\u00fe\u00e6tti l\u00edkams\u00fej\u00e1lfunar", "vinna sj\u00e1lfst\u00e6tt", "setja upp \u00e6finga\u00e1\u00e6tlun"], "credits": 1, "last_modified": 1424556410.33516, "schools": ["512352c28caa45ed97015b48"], "coauthors": null, "instructions": "", "continued_education": false, "level": 1, "prerequisites": "", "author": "4e1c738a-850b-4101-a7ac-a03c7fa18d0b", "abbreviation_version": null, "competence_goals": [["vi\u00f0halda l\u00edkams\u00fereki s\u00ednu", ""], ["gera m\u00e6lingar \u00e1 l\u00edkams\u00e1standi s\u00ednu og breg\u00f0ast r\u00e9tt vi\u00f0 ni\u00f0urst\u00f6\u00f0um m\u00e6linga", ""], ["vera me\u00f0vita\u00f0ur um l\u00edkams\u00e1stand sitt", ""]], "_id": "54e9017a62933a1936000b86"}, {"exemplary": null, "topics": "l\u00edkams- og heilsur\u00e6kt", "abbreviation": "\u00cd\u00deR\u00d31LC01(CT)", "former_schools": null, "subject": "\u00ed\u00fer\u00f3ttir", "title": "Styrkur, l\u00edkamsbeyting, snerpa", "version": 47, "status_trans": "Sam\u00feykkt af sk\u00f3la", "embedded_subject": {"abbreviation": "\u00cd\u00deR\u00d3", "topics": [{"abbreviation": "\u00deK", "topics": ["kraftur", "styrkur", "\u00feol"]}, {"abbreviation": "GL", "topics": ["grunn\u00fe\u00e6ttir \u00ed almennri l\u00edkams- og heilsur\u00e6kt"]}, {"abbreviation": "GH", "topics": ["grunn\u00fe\u00e6ttir \u00ed almennri heilsu- og l\u00edkamsr\u00e6kt"]}, {"abbreviation": "LC", "topics": ["l\u00edkams- og heilsur\u00e6kt"]}, {"abbreviation": "LD", "topics": ["framhald", "l\u00edkams- og heilsur\u00e6kt"]}, {"abbreviation": "AL", "topics": ["almenn l\u00edkams- og heilsur\u00e6kt e\u00f0a \u00fativist"]}, {"abbreviation": "AH", "topics": ["almenn heilsu- og l\u00edkamsr\u00e6kt e\u00f0a \u00fativist"]}, {"abbreviation": "HR", "topics": ["heilsur\u00e6kt"]}, {"abbreviation": "HH", "topics": ["hreyfing og heilsur\u00e6kt"]}, {"abbreviation": "L\u00cd", "topics": ["l\u00edkamsr\u00e6kt"]}, {"abbreviation": "KN", "topics": ["knattspyrna"]}, {"abbreviation": "KK", "topics": ["k\u00f6rfuknattleikur"]}, {"abbreviation": "BA", "topics": ["badminton"]}, {"abbreviation": "BL", "topics": ["blak"]}, {"abbreviation": "HL", "topics": ["almenn heilsu- og l\u00edkamsr\u00e6kt"]}, {"abbreviation": "LA", "topics": ["almenn heilsu- og l\u00edkamsr\u00e6kt me\u00f0 \u00e1herslu \u00e1 styrk", "l\u00edkamsbeitingu og snerpu"]}, {"abbreviation": "LN", "topics": ["l\u00edfst\u00edll", "n\u00e6ring"]}, {"abbreviation": "M\u00de", "topics": ["markmi\u00f0asetning", "\u00fej\u00e1lfunar\u00e1\u00e6tlanir"]}, {"abbreviation": "SK", "topics": ["skipul\u00f6g\u00f0 hreyfing"]}, {"abbreviation": "S\u00cd", "topics": ["skipul\u00f6g\u00f0 hreyfing framhald", "\u00ed\u00fer\u00f3ttir"]}, {"abbreviation": "LS", "topics": ["l\u00edkamsbeiting og snerpa", "styrkur"]}, {"abbreviation": "U\u00de", "topics": ["upphitun", "\u00feol\u00fej\u00e1lfun"]}, {"abbreviation": "SL", "topics": ["li\u00f0leiki", "l\u00edkamsbeiting", "styrkur", "\u00ed\u00fer\u00f3ttamei\u00f0sli"]}, {"abbreviation": "SS", "topics": ["samh\u00e6fing", "snerpa"]}, {"abbreviation": "LH", "topics": ["heilsa", "l\u00edfsst\u00edll"]}, {"abbreviation": "HA", "topics": ["almenn l\u00edkams og heilsur\u00e6kt", "hreyfing", "likamsr\u00e6ktarsalur"]}, {"abbreviation": "B\u00cd", "topics": ["bolta\u00ed\u00fer\u00f3ttir", "l\u00edffr\u00e6\u00f0i hreyfingar"]}, {"abbreviation": "\u00daH", "topics": ["hreyfing", "j\u00e1kv\u00e6\u00f0 upplifun", "sj\u00e1lfstyrking", "\u00dativist"]}, {"abbreviation": "\u00daF", "topics": ["g\u00f6ngufer\u00f0ir \u00e1 fj\u00f6ll", "hreyfing", "\u00fativist"]}, {"abbreviation": "B\u00dd", "topics": ["Band\u00fd"]}, {"abbreviation": "GA", "topics": ["Ganga"]}, {"abbreviation": "SU", "topics": ["Sund"]}, {"abbreviation": "\u00cdS", "topics": ["starfsbraut", "\u00ed\u00fer\u00f3ttir"]}, {"abbreviation": "LB", "topics": ["L\u00edkamsr\u00e6kt", "hreyfing", "li\u00f0leiki", "styrking"]}, {"abbreviation": "A\u00cd", "topics": ["Almennar \u00ed\u00fer\u00f3ttir"]}, {"abbreviation": "BG", "topics": ["Grunnur a\u00f0 l\u00edkamsr\u00e6kt 2"]}, {"abbreviation": "AG", "topics": ["Grunnur a\u00f0 l\u00edkamsr\u00e6kt A"]}, {"abbreviation": "\u00cdC", "topics": ["L\u00edkamsr\u00e6kt og heilsa A"]}, {"abbreviation": "\u00cdD", "topics": ["L\u00edkamsr\u00e6kt og heilsa B"]}, {"abbreviation": "\u00cdF", "topics": ["Almenn heilsur\u00e6kt B"]}, {"abbreviation": "AA", "topics": ["almennar \u00ed\u00fer\u00f3ttir A"]}, {"abbreviation": "AB", "topics": ["Almennar \u00ed\u00fer\u00f3ttir B"]}, {"abbreviation": "AC", "topics": ["Almennar \u00ed\u00fer\u00f3ttir C"]}, {"abbreviation": "AD", "topics": ["Almennar \u00ed\u00fer\u00f3ttir D"]}, {"abbreviation": "AE", "topics": ["Almennar \u00ed\u00fer\u00f3ttir E"]}, {"abbreviation": "AF", "topics": ["Almennar \u00ed\u00fer\u00f3ttir F"]}, {"abbreviation": "HU", "topics": ["Hugur og heilsa"]}, {"abbreviation": "\u00deB", "topics": ["knattspyrna", "k\u00f6rfubolti og a\u00f0rir boltaleikir", "\u00derek"]}, {"abbreviation": "\u00cdG", "topics": ["\u00cd\u00fer\u00f3ttagreinar og \u00fativist"]}, {"abbreviation": "HJ", "topics": ["Hj\u00f3la\u00f0 \u00ed sk\u00f3lann"]}, {"abbreviation": "DL", "topics": ["Dansleikh\u00fas"]}], "_id": "50c0a02dd8e40575f7f6f4cc", "subjects": ["\u00ed\u00fer\u00f3ttir"], "counter": {"1": 43, "3": 0, "2": 10, "4": 0}}, "evaluation": "", "categorization_suggestion": "CT", "embedded_topics": {"abbreviation": "LC", "topics": ["l\u00edkams- og heilsur\u00e6kt"]}, "status": "approved by school", "description": "\u00cd \u00feessum \u00e1fanga stunda nemendur markvissa hreyfingu og \u00f6\u00f0last \u00feekkingu til \u00feess a\u00f0 setja s\u00e9r raunh\u00e6f markmi\u00f0 \u00ed heilsur\u00e6kt.", "knowledge_goals": ["\u00feol\u00fej\u00e1lfun", "upphitun", "li\u00f0leika", "styrk"], "skills_goals": ["vinna me\u00f0 grunn\u00fe\u00e6tti l\u00edkams\u00fej\u00e1lfunar", "vinna sj\u00e1lfst\u00e6tt", "setja upp \u00e6finga\u00e1\u00e6tlun"], "credits": 1, "last_modified": 1424556612.49765, "schools": ["512352c28caa45ed97015b48"], "coauthors": null, "instructions": "", "continued_education": false, "level": 1, "prerequisites": "", "author": "4e1c738a-850b-4101-a7ac-a03c7fa18d0b", "abbreviation_version": null, "competence_goals": [["vi\u00f0halda l\u00edkams\u00fereki s\u00ednu", ""], ["gera m\u00e6lingar \u00e1 l\u00edkams\u00e1standi s\u00ednu og breg\u00f0ast r\u00e9tt vi\u00f0 ni\u00f0urst\u00f6\u00f0um m\u00e6linga", ""], ["vera me\u00f0vita\u00f0ur um l\u00edkams\u00e1stand sitt", ""]], "_id": "54e9024462933a1936000b8f"}, {"exemplary": null, "topics": "framhald, l\u00edkams- og heilsur\u00e6kt", "abbreviation": "\u00cd\u00deR\u00d31LD01(DT)", "former_schools": null, "subject": "\u00ed\u00fer\u00f3ttir", "title": "Styrkur, l\u00edkamsbeyting, snerpa", "version": 48, "status_trans": "Sam\u00feykkt af sk\u00f3la", "embedded_subject": {"abbreviation": "\u00cd\u00deR\u00d3", "topics": [{"abbreviation": "\u00deK", "topics": ["kraftur", "styrkur", "\u00feol"]}, {"abbreviation": "GL", "topics": ["grunn\u00fe\u00e6ttir \u00ed almennri l\u00edkams- og heilsur\u00e6kt"]}, {"abbreviation": "GH", "topics": ["grunn\u00fe\u00e6ttir \u00ed almennri heilsu- og l\u00edkamsr\u00e6kt"]}, {"abbreviation": "LC", "topics": ["l\u00edkams- og heilsur\u00e6kt"]}, {"abbreviation": "LD", "topics": ["framhald", "l\u00edkams- og heilsur\u00e6kt"]}, {"abbreviation": "AL", "topics": ["almenn l\u00edkams- og heilsur\u00e6kt e\u00f0a \u00fativist"]}, {"abbreviation": "AH", "topics": ["almenn heilsu- og l\u00edkamsr\u00e6kt e\u00f0a \u00fativist"]}, {"abbreviation": "HR", "topics": ["heilsur\u00e6kt"]}, {"abbreviation": "HH", "topics": ["hreyfing og heilsur\u00e6kt"]}, {"abbreviation": "L\u00cd", "topics": ["l\u00edkamsr\u00e6kt"]}, {"abbreviation": "KN", "topics": ["knattspyrna"]}, {"abbreviation": "KK", "topics": ["k\u00f6rfuknattleikur"]}, {"abbreviation": "BA", "topics": ["badminton"]}, {"abbreviation": "BL", "topics": ["blak"]}, {"abbreviation": "HL", "topics": ["almenn heilsu- og l\u00edkamsr\u00e6kt"]}, {"abbreviation": "LA", "topics": ["almenn heilsu- og l\u00edkamsr\u00e6kt me\u00f0 \u00e1herslu \u00e1 styrk", "l\u00edkamsbeitingu og snerpu"]}, {"abbreviation": "LN", "topics": ["l\u00edfst\u00edll", "n\u00e6ring"]}, {"abbreviation": "M\u00de", "topics": ["markmi\u00f0asetning", "\u00fej\u00e1lfunar\u00e1\u00e6tlanir"]}, {"abbreviation": "SK", "topics": ["skipul\u00f6g\u00f0 hreyfing"]}, {"abbreviation": "S\u00cd", "topics": ["skipul\u00f6g\u00f0 hreyfing framhald", "\u00ed\u00fer\u00f3ttir"]}, {"abbreviation": "LS", "topics": ["l\u00edkamsbeiting og snerpa", "styrkur"]}, {"abbreviation": "U\u00de", "topics": ["upphitun", "\u00feol\u00fej\u00e1lfun"]}, {"abbreviation": "SL", "topics": ["li\u00f0leiki", "l\u00edkamsbeiting", "styrkur", "\u00ed\u00fer\u00f3ttamei\u00f0sli"]}, {"abbreviation": "SS", "topics": ["samh\u00e6fing", "snerpa"]}, {"abbreviation": "LH", "topics": ["heilsa", "l\u00edfsst\u00edll"]}, {"abbreviation": "HA", "topics": ["almenn l\u00edkams og heilsur\u00e6kt", "hreyfing", "likamsr\u00e6ktarsalur"]}, {"abbreviation": "B\u00cd", "topics": ["bolta\u00ed\u00fer\u00f3ttir", "l\u00edffr\u00e6\u00f0i hreyfingar"]}, {"abbreviation": "\u00daH", "topics": ["hreyfing", "j\u00e1kv\u00e6\u00f0 upplifun", "sj\u00e1lfstyrking", "\u00dativist"]}, {"abbreviation": "\u00daF", "topics": ["g\u00f6ngufer\u00f0ir \u00e1 fj\u00f6ll", "hreyfing", "\u00fativist"]}, {"abbreviation": "B\u00dd", "topics": ["Band\u00fd"]}, {"abbreviation": "GA", "topics": ["Ganga"]}, {"abbreviation": "SU", "topics": ["Sund"]}, {"abbreviation": "\u00cdS", "topics": ["starfsbraut", "\u00ed\u00fer\u00f3ttir"]}, {"abbreviation": "LB", "topics": ["L\u00edkamsr\u00e6kt", "hreyfing", "li\u00f0leiki", "styrking"]}, {"abbreviation": "A\u00cd", "topics": ["Almennar \u00ed\u00fer\u00f3ttir"]}, {"abbreviation": "BG", "topics": ["Grunnur a\u00f0 l\u00edkamsr\u00e6kt 2"]}, {"abbreviation": "AG", "topics": ["Grunnur a\u00f0 l\u00edkamsr\u00e6kt A"]}, {"abbreviation": "\u00cdC", "topics": ["L\u00edkamsr\u00e6kt og heilsa A"]}, {"abbreviation": "\u00cdD", "topics": ["L\u00edkamsr\u00e6kt og heilsa B"]}, {"abbreviation": "\u00cdF", "topics": ["Almenn heilsur\u00e6kt B"]}, {"abbreviation": "AA", "topics": ["almennar \u00ed\u00fer\u00f3ttir A"]}, {"abbreviation": "AB", "topics": ["Almennar \u00ed\u00fer\u00f3ttir B"]}, {"abbreviation": "AC", "topics": ["Almennar \u00ed\u00fer\u00f3ttir C"]}, {"abbreviation": "AD", "topics": ["Almennar \u00ed\u00fer\u00f3ttir D"]}, {"abbreviation": "AE", "topics": ["Almennar \u00ed\u00fer\u00f3ttir E"]}, {"abbreviation": "AF", "topics": ["Almennar \u00ed\u00fer\u00f3ttir F"]}, {"abbreviation": "HU", "topics": ["Hugur og heilsa"]}, {"abbreviation": "\u00deB", "topics": ["knattspyrna", "k\u00f6rfubolti og a\u00f0rir boltaleikir", "\u00derek"]}, {"abbreviation": "\u00cdG", "topics": ["\u00cd\u00fer\u00f3ttagreinar og \u00fativist"]}, {"abbreviation": "HJ", "topics": ["Hj\u00f3la\u00f0 \u00ed sk\u00f3lann"]}, {"abbreviation": "DL", "topics": ["Dansleikh\u00fas"]}], "_id": "50c0a02dd8e40575f7f6f4cc", "subjects": ["\u00ed\u00fer\u00f3ttir"], "counter": {"1": 43, "3": 0, "2": 10, "4": 0}}, "evaluation": "", "categorization_suggestion": "DT", "embedded_topics": {"abbreviation": "LD", "topics": ["framhald", "l\u00edkams- og heilsur\u00e6kt"]}, "status": "approved by school", "description": "\u00cd \u00feessum \u00e1fanga stunda nemendur markvissa hreyfingu og \u00f6\u00f0last \u00feekkingu til \u00feess a\u00f0 setja s\u00e9r raunh\u00e6f markmi\u00f0 \u00ed heilsur\u00e6kt.", "knowledge_goals": ["\u00feol\u00fej\u00e1lfun", "upphitun", "li\u00f0leika", "styrk"], "skills_goals": ["vinna me\u00f0 grunn\u00fe\u00e6tti l\u00edkams\u00fej\u00e1lfunar", "vinna sj\u00e1lfst\u00e6tt", "setja upp \u00e6finga\u00e1\u00e6tlun"], "credits": 1, "last_modified": 1425933603.422213, "schools": ["512352c28caa45ed97015b48"], "coauthors": null, "instructions": "", "continued_education": false, "level": 1, "prerequisites": "", "author": "4e1c738a-850b-4101-a7ac-a03c7fa18d0b", "abbreviation_version": null, "competence_goals": [["vi\u00f0halda l\u00edkams\u00fereki s\u00ednu", ""], ["gera m\u00e6lingar \u00e1 l\u00edkams\u00e1standi s\u00ednu og breg\u00f0ast r\u00e9tt vi\u00f0 ni\u00f0urst\u00f6\u00f0um m\u00e6linga", ""], ["vera me\u00f0vita\u00f0ur um l\u00edkams\u00e1stand sitt", ""]], "_id": "54fe052362933a4692000ab4"}, {"exemplary": null, "topics": "\u00cdslenska sem anna\u00f0 m\u00e1l - A", "abbreviation": "\u00cdSAN1\u00cdA05(AT)", "former_schools": null, "subject": "\u00edslenska sem anna\u00f0 m\u00e1l", "title": "\u00cdslenska sem anna\u00f0 m\u00e1l - 1A", "version": 11, "status_trans": "Sam\u00feykkt af sk\u00f3la", "embedded_subject": {"abbreviation": "\u00cdSAN", "topics": [{"abbreviation": "BF", "topics": ["\u00edslenska sem anna\u00f0 m\u00e1l"]}, {"abbreviation": "LM", "topics": ["lestur og m\u00e1lnotkun"]}, {"abbreviation": "BG", "topics": ["grunnur", "\u00edslenska sem anna\u00f0 m\u00e1l"]}, {"abbreviation": "LR", "topics": ["lestur og ritun"]}, {"abbreviation": "DD", "topics": ["\u00cdslenska sem anna\u00f0 m\u00e1l 2"]}, {"abbreviation": "AG", "topics": ["\u00cdslenska sem anna\u00f0 m\u00e1l alger grunnur 1"]}, {"abbreviation": "LE", "topics": ["Lestur"]}, {"abbreviation": "RI", "topics": ["Ritun"]}, {"abbreviation": "VM", "topics": ["Verkefna\u00e1fangi \u00ed m\u00e1lv\u00edsindum"]}, {"abbreviation": "BR", "topics": ["beygingarfr\u00e6\u00f0i", "ritun", "setningafr\u00e6\u00f0i"]}, {"abbreviation": "FB", "topics": ["b\u00f3kmenntir", "frams\u00f6gn", "ritun"]}, {"abbreviation": "MR", "topics": ["framsaga", "lestur", "m\u00e1lnotkun", "ritun"]}, {"abbreviation": "AB", "topics": ["atvinnul\u00edf", "b\u00f3kmenntir", "frams\u00f6gn", "ritun"]}, {"abbreviation": "OF", "topics": ["frambur\u00f0ur", "lestrarf\u00e6rni", "or\u00f0afor\u00f0i", "tj\u00e1ning"]}, {"abbreviation": "GR", "topics": ["Grunn\u00e1fangi"]}, {"abbreviation": "FR", "topics": ["Framhalds\u00e1fangi 2"]}, {"abbreviation": "GA", "topics": ["frambur\u00f0ur", "hlustun", "or\u00f0afor\u00f0i", "tal og lestrarf\u00e6rni"]}, {"abbreviation": "GB", "topics": ["frambur\u00f0ur", "hlustun", "lestrarf\u00e6rni", "or\u00f0afor\u00f0i", "tal"]}, {"abbreviation": "KV", "topics": ["Kvikmyndir"]}, {"abbreviation": "BY", "topics": ["Byrjenda\u00e1fangi"]}, {"abbreviation": "FA", "topics": ["Framhalds\u00e1fangi A"]}, {"abbreviation": "FF", "topics": ["frams\u00f6gn", "hlustun", "ritun", "\u00edslenskt samf\u00e9lag"]}, {"abbreviation": "SF", "topics": ["frams\u00f6gn", "hlustun", "\u00edslenskt samf\u00e9lag"]}, {"abbreviation": "\u00cdA", "topics": ["\u00cdslenska sem anna\u00f0 m\u00e1l - A"]}, {"abbreviation": "\u00cdB", "topics": ["\u00cdslenska sem anna\u00f0 m\u00e1l - B"]}, {"abbreviation": "\u00cdC", "topics": ["\u00cdslenska sem anna\u00f0 m\u00e1l - C"]}, {"abbreviation": "\u00cdD", "topics": ["\u00cdslenska sem anna\u00f0 m\u00e1l - D"]}, {"abbreviation": "\u00cdE", "topics": ["\u00cdslenska sem anna\u00f0 m\u00e1l - E"]}, {"abbreviation": "\u00cdF", "topics": ["\u00cdslenska sem anna\u00f0 m\u00e1l - F"]}, {"abbreviation": "\u00cdG", "topics": ["\u00cdslenska sem anna\u00f0 m\u00e1l - G"]}, {"abbreviation": "N\u00c6", "topics": ["N\u00e6rumhverfi", "menning og tj\u00e1ning"]}, {"abbreviation": "KK", "topics": ["Samf\u00e9lag", "kvikmyndir"]}, {"abbreviation": "DL", "topics": ["Daglegt l\u00edf"]}], "_id": "50c0a02dd8e40575f7f6f4ac", "subjects": ["\u00edslenska sem anna\u00f0 m\u00e1l"], "counter": {"1": 10, "3": 0, "2": 2, "4": 0}}, "evaluation": "\u00c1fanginn er s\u00edmats\u00e1fangi. Mats\u00fe\u00e6ttir eru lag\u00f0ir fyrir yfir \u00f6nnina samkv\u00e6mt kennslu\u00e1\u00e6tlun.   ", "categorization_suggestion": "AT", "embedded_topics": {"abbreviation": "\u00cdA", "topics": ["\u00cdslenska sem anna\u00f0 m\u00e1l - A"]}, "status": "approved by school", "description": "\u00c1fanginn er \u00e6tla\u00f0ur byrjendum \u00ed \u00edslensku og engrar kunn\u00e1ttu er krafist. L\u00f6g\u00f0 er \u00e1hersla \u00e1 menningartengt efni og daglegt umhverfi, unni\u00f0 me\u00f0 samt\u00f6l, kurteisisvenjur, hef\u00f0ir og matarvenjur, auk almennrar m\u00e1lfr\u00e6\u00f0i og or\u00f0afor\u00f0a, svo nemendur geti tileinka\u00f0 s\u00e9r undirst\u00f6\u00f0uatri\u00f0i tungum\u00e1lsins. Nemendur eru \u00fej\u00e1lfa\u00f0ir \u00ed lesskilningi \u00e1samt samskipta\u00fe\u00e1ttunum tali, hlustun og ritun.  ", "knowledge_goals": ["\u00feeim or\u00f0afor\u00f0a sem nau\u00f0synlegur er til a\u00f0 n\u00e1 markmi\u00f0um \u00e1fangans.", "grundvallar\u00fe\u00e1ttum \u00edslenska m\u00e1lkerfisins."], "skills_goals": ["skilja tala\u00f0 m\u00e1l um kunnugleg efni \u00feegar tala\u00f0 er h\u00e6gt og sk\u00fdrt.", "fylgja einf\u00f6ldum fyrirm\u00e6lum og nota helstu kve\u00f0jur og kurteisis\u00e1v\u00f6rp.", "lesa einfalda texta sem innihalda algengan or\u00f0afor\u00f0a sem tengist nemandanum, umhverfi hans, daglegu l\u00edfi og \u00e1hugam\u00e1lum og vinna \u00far \u00feeim \u00e1 mismunandi h\u00e1tt eftir \u00fev\u00ed hver tilgangur me\u00f0 lestrinum er hverju sinni.", "taka \u00fe\u00e1tt \u00ed einf\u00f6ldum samr\u00e6\u00f0um um efni sem tengist innihaldi \u00e1fangans.", "segja \u00e1 einfaldan h\u00e1tt fr\u00e1 sj\u00e1lfum s\u00e9r og \u00fev\u00ed sem tengist daglegum venjum og umhverfi nemandans.", "skrifa stuttan, einfaldan texta um sj\u00e1lfan sig og sitt n\u00e1nasta umhverfi.", "beita or\u00f0afor\u00f0a, m\u00e1lnotkun og frambur\u00f0i \u00e1 sem r\u00e9ttastan h\u00e1tt."], "credits": 5, "last_modified": 1558360740.738417, "schools": ["512352c28caa45ed97015b48"], "coauthors": null, "instructions": "", "continued_education": false, "level": 1, "prerequisites": "", "author": "5ab4bf42-9e24-478d-8959-babc271df6b5", "abbreviation_version": null, "competence_goals": [["greina einfaldar uppl\u00fdsingar \u00ed m\u00e6ltu m\u00e1li.", ""], ["skilja einfalda texta.", ""], ["taka \u00fe\u00e1tt \u00ed einf\u00f6ldum samr\u00e6\u00f0um.", ""], ["segja fr\u00e1 pers\u00f3nulegum h\u00f6gum sem og einf\u00f6ldum sta\u00f0reyndum um kunnugleg efni.", ""], ["rita \u00edslensku \u00e1 mj\u00f6g einf\u00f6ldu formi.", ""]], "_id": "5ce2b2a4e3d27fd17a00054c"}, {"exemplary": null, "topics": "\u00cdslenska sem anna\u00f0 m\u00e1l - B", "abbreviation": "\u00cdSAN1\u00cdB05(AT)", "former_schools": null, "subject": "\u00edslenska sem anna\u00f0 m\u00e1l", "title": "\u00cdslenska sem anna\u00f0 m\u00e1l - 1B", "version": 12, "status_trans": "Sam\u00feykkt af sk\u00f3la", "embedded_subject": {"abbreviation": "\u00cdSAN", "topics": [{"abbreviation": "BF", "topics": ["\u00edslenska sem anna\u00f0 m\u00e1l"]}, {"abbreviation": "LM", "topics": ["lestur og m\u00e1lnotkun"]}, {"abbreviation": "BG", "topics": ["grunnur", "\u00edslenska sem anna\u00f0 m\u00e1l"]}, {"abbreviation": "LR", "topics": ["lestur og ritun"]}, {"abbreviation": "DD", "topics": ["\u00cdslenska sem anna\u00f0 m\u00e1l 2"]}, {"abbreviation": "AG", "topics": ["\u00cdslenska sem anna\u00f0 m\u00e1l alger grunnur 1"]}, {"abbreviation": "LE", "topics": ["Lestur"]}, {"abbreviation": "RI", "topics": ["Ritun"]}, {"abbreviation": "VM", "topics": ["Verkefna\u00e1fangi \u00ed m\u00e1lv\u00edsindum"]}, {"abbreviation": "BR", "topics": ["beygingarfr\u00e6\u00f0i", "ritun", "setningafr\u00e6\u00f0i"]}, {"abbreviation": "FB", "topics": ["b\u00f3kmenntir", "frams\u00f6gn", "ritun"]}, {"abbreviation": "MR", "topics": ["framsaga", "lestur", "m\u00e1lnotkun", "ritun"]}, {"abbreviation": "AB", "topics": ["atvinnul\u00edf", "b\u00f3kmenntir", "frams\u00f6gn", "ritun"]}, {"abbreviation": "OF", "topics": ["frambur\u00f0ur", "lestrarf\u00e6rni", "or\u00f0afor\u00f0i", "tj\u00e1ning"]}, {"abbreviation": "GR", "topics": ["Grunn\u00e1fangi"]}, {"abbreviation": "FR", "topics": ["Framhalds\u00e1fangi 2"]}, {"abbreviation": "GA", "topics": ["frambur\u00f0ur", "hlustun", "or\u00f0afor\u00f0i", "tal og lestrarf\u00e6rni"]}, {"abbreviation": "GB", "topics": ["frambur\u00f0ur", "hlustun", "lestrarf\u00e6rni", "or\u00f0afor\u00f0i", "tal"]}, {"abbreviation": "KV", "topics": ["Kvikmyndir"]}, {"abbreviation": "BY", "topics": ["Byrjenda\u00e1fangi"]}, {"abbreviation": "FA", "topics": ["Framhalds\u00e1fangi A"]}, {"abbreviation": "FF", "topics": ["frams\u00f6gn", "hlustun", "ritun", "\u00edslenskt samf\u00e9lag"]}, {"abbreviation": "SF", "topics": ["frams\u00f6gn", "hlustun", "\u00edslenskt samf\u00e9lag"]}, {"abbreviation": "\u00cdA", "topics": ["\u00cdslenska sem anna\u00f0 m\u00e1l - A"]}, {"abbreviation": "\u00cdB", "topics": ["\u00cdslenska sem anna\u00f0 m\u00e1l - B"]}, {"abbreviation": "\u00cdC", "topics": ["\u00cdslenska sem anna\u00f0 m\u00e1l - C"]}, {"abbreviation": "\u00cdD", "topics": ["\u00cdslenska sem anna\u00f0 m\u00e1l - D"]}, {"abbreviation": "\u00cdE", "topics": ["\u00cdslenska sem anna\u00f0 m\u00e1l - E"]}, {"abbreviation": "\u00cdF", "topics": ["\u00cdslenska sem anna\u00f0 m\u00e1l - F"]}, {"abbreviation": "\u00cdG", "topics": ["\u00cdslenska sem anna\u00f0 m\u00e1l - G"]}, {"abbreviation": "N\u00c6", "topics": ["N\u00e6rumhverfi", "menning og tj\u00e1ning"]}, {"abbreviation": "KK", "topics": ["Samf\u00e9lag", "kvikmyndir"]}, {"abbreviation": "DL", "topics": ["Daglegt l\u00edf"]}], "_id": "50c0a02dd8e40575f7f6f4ac", "subjects": ["\u00edslenska sem anna\u00f0 m\u00e1l"], "counter": {"1": 10, "3": 0, "2": 2, "4": 0}}, "evaluation": "\u00c1fanginn er s\u00edmats\u00e1fangi. Mats\u00fe\u00e6ttir eru lag\u00f0ir fyrir yfir \u00f6nnina samkv\u00e6mt kennslu\u00e1\u00e6tlun. ", "categorization_suggestion": "AT", "embedded_topics": {"abbreviation": "\u00cdB", "topics": ["\u00cdslenska sem anna\u00f0 m\u00e1l - B"]}, "status": "approved by school", "description": "\u00c1fanginn er \u00e6tla\u00f0ur byrjendum \u00ed \u00edslensku og er engrar kunn\u00e1ttu krafist. Megin\u00e1hersla er l\u00f6g\u00f0 \u00e1 a\u00f0 nemendur tileinki s\u00e9r undirst\u00f6\u00f0uatri\u00f0i tungum\u00e1lsins. \u00c1hersla er l\u00f6g\u00f0 \u00e1 r\u00e9ttan frambur\u00f0, tal og uppbyggingu or\u00f0afor\u00f0a sem tengist daglegu l\u00edfi og n\u00e1nasta umhverfi nemandans.", "knowledge_goals": ["\u00feeim or\u00f0afor\u00f0a sem nau\u00f0synlegur er til a\u00f0 n\u00e1 markmi\u00f0um \u00e1fangans.", "fyrstu \u00ferepum \u00ed grunn\u00fe\u00e1ttum \u00edslenska m\u00e1lkerfisins, svo sem hlj\u00f3\u00f0kerfi, m\u00e1lfr\u00e6\u00f0i og uppbyggingu setninga.", "samskiptavenjum \u00e1 \u00cdslandi, si\u00f0um og menningu \u00fej\u00f3\u00f0arinnar sem l\u00fata a\u00f0 daglegu l\u00edfi og n\u00e1nasta umhverfi nemandans."], "skills_goals": ["skilja tala\u00f0 m\u00e1l um kunnugleg efni \u00feegar tala\u00f0 er h\u00e6gt og sk\u00fdrt.", "fylgja einf\u00f6ldum fyrirm\u00e6lum, reka einf\u00f6ld erindi og geta skili\u00f0 helstu kve\u00f0jur og kurteisis\u00e1v\u00f6rp.", "lesa einfalda texta sem innihalda algengan or\u00f0afor\u00f0a sem tengist honum sj\u00e1lfum og daglegu l\u00edfi \u00ed \u00edslensku \u00fej\u00f3\u00f0f\u00e9lagi og vinna \u00far \u00feeim \u00e1 mismunandi h\u00e1tt eftir \u00fev\u00ed hver tilgangur me\u00f0 lestrinum er hverju sinni.", "taka \u00fe\u00e1tt \u00ed einf\u00f6ldum samr\u00e6\u00f0um um efni sem hann \u00feekkir og beita kurteisis- og m\u00e1lvenjum vi\u00f0 h\u00e6fi.", "segja \u00e1 einfaldan h\u00e1tt fr\u00e1 sj\u00e1lfum s\u00e9r, fj\u00f6lskyldu sinni og atbur\u00f0um daglegs l\u00edfs me\u00f0 \u00fev\u00ed a\u00f0 beita or\u00f0afor\u00f0a og frambur\u00f0i \u00e1 sem r\u00e9ttastan h\u00e1tt.", "skrifa stuttan einfaldan texta um sj\u00e1lfan sig og sitt n\u00e1nasta umhverfi, fylla \u00fat einf\u00f6ld ey\u00f0ubl\u00f6\u00f0, senda t\u00f6lvup\u00f3st, skrifa br\u00e9f o.fl.."], "credits": 5, "last_modified": 1558360995.979698, "schools": ["512352c28caa45ed97015b48"], "coauthors": null, "instructions": "", "continued_education": false, "level": 1, "prerequisites": "", "author": "5ab4bf42-9e24-478d-8959-babc271df6b5", "abbreviation_version": null, "competence_goals": [["eiga \u00ed einfaldum tj\u00e1skiptum \u00e1 \u00edslensku.", ""], ["greina einfaldar uppl\u00fdsingar \u00ed m\u00e6ltu m\u00e1li.", ""], ["beita mismunandi a\u00f0fer\u00f0um til a\u00f0 skilja einfalda texta.", ""], ["taka \u00fe\u00e1tt \u00ed einf\u00f6ldum samr\u00e6\u00f0um og nota mismunandi or\u00f0afor\u00f0a, kve\u00f0jur og samskiptaform eftir a\u00f0st\u00e6\u00f0um.", ""], ["segja fr\u00e1 pers\u00f3nulegum h\u00f6gum sem og einf\u00f6ldum sta\u00f0reyndum um kunnugleg efni.", ""], ["gera grein fyrir einf\u00f6ldum atbur\u00f0um \u00ed ritu\u00f0u m\u00e1li.", ""]], "_id": "5ce2b3a3e3d27fd17a000561"}, {"exemplary": null, "topics": "\u00cdslenska sem anna\u00f0 m\u00e1l - C", "abbreviation": "\u00cdSAN1\u00cdC05(AT)", "former_schools": null, "subject": "\u00edslenska sem anna\u00f0 m\u00e1l", "title": "\u00cdslenska sem anna\u00f0 m\u00e1l - 1C", "version": 13, "status_trans": "Sam\u00feykkt af sk\u00f3la", "embedded_subject": {"abbreviation": "\u00cdSAN", "topics": [{"abbreviation": "BF", "topics": ["\u00edslenska sem anna\u00f0 m\u00e1l"]}, {"abbreviation": "LM", "topics": ["lestur og m\u00e1lnotkun"]}, {"abbreviation": "BG", "topics": ["grunnur", "\u00edslenska sem anna\u00f0 m\u00e1l"]}, {"abbreviation": "LR", "topics": ["lestur og ritun"]}, {"abbreviation": "DD", "topics": ["\u00cdslenska sem anna\u00f0 m\u00e1l 2"]}, {"abbreviation": "AG", "topics": ["\u00cdslenska sem anna\u00f0 m\u00e1l alger grunnur 1"]}, {"abbreviation": "LE", "topics": ["Lestur"]}, {"abbreviation": "RI", "topics": ["Ritun"]}, {"abbreviation": "VM", "topics": ["Verkefna\u00e1fangi \u00ed m\u00e1lv\u00edsindum"]}, {"abbreviation": "BR", "topics": ["beygingarfr\u00e6\u00f0i", "ritun", "setningafr\u00e6\u00f0i"]}, {"abbreviation": "FB", "topics": ["b\u00f3kmenntir", "frams\u00f6gn", "ritun"]}, {"abbreviation": "MR", "topics": ["framsaga", "lestur", "m\u00e1lnotkun", "ritun"]}, {"abbreviation": "AB", "topics": ["atvinnul\u00edf", "b\u00f3kmenntir", "frams\u00f6gn", "ritun"]}, {"abbreviation": "OF", "topics": ["frambur\u00f0ur", "lestrarf\u00e6rni", "or\u00f0afor\u00f0i", "tj\u00e1ning"]}, {"abbreviation": "GR", "topics": ["Grunn\u00e1fangi"]}, {"abbreviation": "FR", "topics": ["Framhalds\u00e1fangi 2"]}, {"abbreviation": "GA", "topics": ["frambur\u00f0ur", "hlustun", "or\u00f0afor\u00f0i", "tal og lestrarf\u00e6rni"]}, {"abbreviation": "GB", "topics": ["frambur\u00f0ur", "hlustun", "lestrarf\u00e6rni", "or\u00f0afor\u00f0i", "tal"]}, {"abbreviation": "KV", "topics": ["Kvikmyndir"]}, {"abbreviation": "BY", "topics": ["Byrjenda\u00e1fangi"]}, {"abbreviation": "FA", "topics": ["Framhalds\u00e1fangi A"]}, {"abbreviation": "FF", "topics": ["frams\u00f6gn", "hlustun", "ritun", "\u00edslenskt samf\u00e9lag"]}, {"abbreviation": "SF", "topics": ["frams\u00f6gn", "hlustun", "\u00edslenskt samf\u00e9lag"]}, {"abbreviation": "\u00cdA", "topics": ["\u00cdslenska sem anna\u00f0 m\u00e1l - A"]}, {"abbreviation": "\u00cdB", "topics": ["\u00cdslenska sem anna\u00f0 m\u00e1l - B"]}, {"abbreviation": "\u00cdC", "topics": ["\u00cdslenska sem anna\u00f0 m\u00e1l - C"]}, {"abbreviation": "\u00cdD", "topics": ["\u00cdslenska sem anna\u00f0 m\u00e1l - D"]}, {"abbreviation": "\u00cdE", "topics": ["\u00cdslenska sem anna\u00f0 m\u00e1l - E"]}, {"abbreviation": "\u00cdF", "topics": ["\u00cdslenska sem anna\u00f0 m\u00e1l - F"]}, {"abbreviation": "\u00cdG", "topics": ["\u00cdslenska sem anna\u00f0 m\u00e1l - G"]}, {"abbreviation": "N\u00c6", "topics": ["N\u00e6rumhverfi", "menning og tj\u00e1ning"]}, {"abbreviation": "KK", "topics": ["Samf\u00e9lag", "kvikmyndir"]}, {"abbreviation": "DL", "topics": ["Daglegt l\u00edf"]}], "_id": "50c0a02dd8e40575f7f6f4ac", "subjects": ["\u00edslenska sem anna\u00f0 m\u00e1l"], "counter": {"1": 10, "3": 0, "2": 2, "4": 0}}, "evaluation": "\u00c1fanginn er s\u00edmats\u00e1fangi. Mats\u00fe\u00e6ttir eru lag\u00f0ir fyrir yfir \u00f6nnina samkv\u00e6mt kennslu\u00e1\u00e6tlun. ", "categorization_suggestion": "AT", "embedded_topics": {"abbreviation": "\u00cdC", "topics": ["\u00cdslenska sem anna\u00f0 m\u00e1l - C"]}, "status": "approved by school", "description": "\u00c1fanginn er \u00e6tla\u00f0ur byrjendum \u00ed \u00edslensku og er engrar kunn\u00e1ttu krafist. Megin\u00e1hersla er l\u00f6g\u00f0 \u00e1 a\u00f0 nemendur tileinki s\u00e9r undirst\u00f6\u00f0uatri\u00f0i tungum\u00e1lsins. Nemendur eru \u00fej\u00e1lfa\u00f0ir \u00ed lesskilningi me\u00f0 fj\u00f6lbreyttum textum sem tengjast daglegu l\u00edfi \u00e1 \u00cdslandi, sem \u00feeir vinna verkefni \u00far.", "knowledge_goals": ["\u00feeim or\u00f0afor\u00f0a sem nau\u00f0synlegur er til a\u00f0 n\u00e1 markmi\u00f0um \u00e1fangans.", "grundvallar\u00fe\u00e1ttum \u00edslenska m\u00e1lkerfisins.", "frambur\u00f0i \u00edslenskra m\u00e1lhlj\u00f3\u00f0a."], "skills_goals": ["skilja tala\u00f0 m\u00e1l um kunnugleg efni \u00feegar tala\u00f0 er h\u00e6gt og sk\u00fdrt.", "fylgja einf\u00f6ldum fyrirm\u00e6lum.", "lesa einfalda texta sem innihalda algengan or\u00f0afor\u00f0a sem tengist nemandanum, umhverfi hans og \u00e1hugam\u00e1lum og vinna \u00far \u00feeim \u00e1 mismunandi h\u00e1tt eftir \u00fev\u00ed hver tilgangur me\u00f0 lestrinum er hverju sinni.", "taka \u00fe\u00e1tt \u00ed einf\u00f6ldum samr\u00e6\u00f0um um efni sem hann \u00feekkir e\u00f0a hefur \u00e1huga \u00e1.", "skrifa stuttan, einfaldan texta um sj\u00e1lfan sig og sitt n\u00e1nasta umhverfi."], "credits": 5, "last_modified": 1558360888.257211, "schools": ["512352c28caa45ed97015b48"], "coauthors": null, "instructions": "", "continued_education": false, "level": 1, "prerequisites": "", "author": "5ab4bf42-9e24-478d-8959-babc271df6b5", "abbreviation_version": null, "competence_goals": [["greina einfaldar uppl\u00fdsingar \u00ed m\u00e6ltu m\u00e1li.", ""], ["skilja einfalda texta.", ""], ["taka \u00fe\u00e1tt \u00ed einf\u00f6ldum samr\u00e6\u00f0um.", ""], ["segja fr\u00e1 pers\u00f3nulegum h\u00f6gum sem og einf\u00f6ldum sta\u00f0reyndum um kunnugleg efni.", ""], ["rita \u00edslensku \u00e1 mj\u00f6g einf\u00f6ldu formi.", ""]], "_id": "5ce2b338e3d27fd17a000559"}, {"exemplary": null, "topics": "\u00cdslenska sem anna\u00f0 m\u00e1l - D", "abbreviation": "\u00cdSAN1\u00cdD05(AT)", "former_schools": null, "subject": "\u00edslenska sem anna\u00f0 m\u00e1l", "title": "\u00cdslenska sem anna\u00f0 m\u00e1l - 1D", "version": 14, "status_trans": "Sam\u00feykkt af sk\u00f3la", "embedded_subject": {"abbreviation": "\u00cdSAN", "topics": [{"abbreviation": "BF", "topics": ["\u00edslenska sem anna\u00f0 m\u00e1l"]}, {"abbreviation": "LM", "topics": ["lestur og m\u00e1lnotkun"]}, {"abbreviation": "BG", "topics": ["grunnur", "\u00edslenska sem anna\u00f0 m\u00e1l"]}, {"abbreviation": "LR", "topics": ["lestur og ritun"]}, {"abbreviation": "DD", "topics": ["\u00cdslenska sem anna\u00f0 m\u00e1l 2"]}, {"abbreviation": "AG", "topics": ["\u00cdslenska sem anna\u00f0 m\u00e1l alger grunnur 1"]}, {"abbreviation": "LE", "topics": ["Lestur"]}, {"abbreviation": "RI", "topics": ["Ritun"]}, {"abbreviation": "VM", "topics": ["Verkefna\u00e1fangi \u00ed m\u00e1lv\u00edsindum"]}, {"abbreviation": "BR", "topics": ["beygingarfr\u00e6\u00f0i", "ritun", "setningafr\u00e6\u00f0i"]}, {"abbreviation": "FB", "topics": ["b\u00f3kmenntir", "frams\u00f6gn", "ritun"]}, {"abbreviation": "MR", "topics": ["framsaga", "lestur", "m\u00e1lnotkun", "ritun"]}, {"abbreviation": "AB", "topics": ["atvinnul\u00edf", "b\u00f3kmenntir", "frams\u00f6gn", "ritun"]}, {"abbreviation": "OF", "topics": ["frambur\u00f0ur", "lestrarf\u00e6rni", "or\u00f0afor\u00f0i", "tj\u00e1ning"]}, {"abbreviation": "GR", "topics": ["Grunn\u00e1fangi"]}, {"abbreviation": "FR", "topics": ["Framhalds\u00e1fangi 2"]}, {"abbreviation": "GA", "topics": ["frambur\u00f0ur", "hlustun", "or\u00f0afor\u00f0i", "tal og lestrarf\u00e6rni"]}, {"abbreviation": "GB", "topics": ["frambur\u00f0ur", "hlustun", "lestrarf\u00e6rni", "or\u00f0afor\u00f0i", "tal"]}, {"abbreviation": "KV", "topics": ["Kvikmyndir"]}, {"abbreviation": "BY", "topics": ["Byrjenda\u00e1fangi"]}, {"abbreviation": "FA", "topics": ["Framhalds\u00e1fangi A"]}, {"abbreviation": "FF", "topics": ["frams\u00f6gn", "hlustun", "ritun", "\u00edslenskt samf\u00e9lag"]}, {"abbreviation": "SF", "topics": ["frams\u00f6gn", "hlustun", "\u00edslenskt samf\u00e9lag"]}, {"abbreviation": "\u00cdA", "topics": ["\u00cdslenska sem anna\u00f0 m\u00e1l - A"]}, {"abbreviation": "\u00cdB", "topics": ["\u00cdslenska sem anna\u00f0 m\u00e1l - B"]}, {"abbreviation": "\u00cdC", "topics": ["\u00cdslenska sem anna\u00f0 m\u00e1l - C"]}, {"abbreviation": "\u00cdD", "topics": ["\u00cdslenska sem anna\u00f0 m\u00e1l - D"]}, {"abbreviation": "\u00cdE", "topics": ["\u00cdslenska sem anna\u00f0 m\u00e1l - E"]}, {"abbreviation": "\u00cdF", "topics": ["\u00cdslenska sem anna\u00f0 m\u00e1l - F"]}, {"abbreviation": "\u00cdG", "topics": ["\u00cdslenska sem anna\u00f0 m\u00e1l - G"]}, {"abbreviation": "N\u00c6", "topics": ["N\u00e6rumhverfi", "menning og tj\u00e1ning"]}, {"abbreviation": "KK", "topics": ["Samf\u00e9lag", "kvikmyndir"]}, {"abbreviation": "DL", "topics": ["Daglegt l\u00edf"]}], "_id": "50c0a02dd8e40575f7f6f4ac", "subjects": ["\u00edslenska sem anna\u00f0 m\u00e1l"], "counter": {"1": 10, "3": 0, "2": 2, "4": 0}}, "evaluation": "\u00c1fanginn er s\u00edmats\u00e1fangi. Mats\u00fe\u00e6ttir eru lag\u00f0ir fyrir yfir \u00f6nnina samkv\u00e6mt kennslu\u00e1\u00e6tlun. ", "categorization_suggestion": "AT", "embedded_topics": {"abbreviation": "\u00cdD", "topics": ["\u00cdslenska sem anna\u00f0 m\u00e1l - D"]}, "status": "approved by school", "description": "\u00c1fanginn er \u00e6tla\u00f0ur byrjendum \u00ed \u00edslensku og engrar kunn\u00e1ttu er krafist. Nemendur kynnast uppbyggingu tungum\u00e1lsins me\u00f0 hlustun og samr\u00e6\u00f0um eftir \u00fev\u00ed sem or\u00f0afor\u00f0inn leyfir. L\u00f6g\u00f0 er s\u00e9rst\u00f6k \u00e1hersla \u00e1 frambur\u00f0, \u00edslenska m\u00e1lhlj\u00f3\u00f0a, hlustun, skrift og lestur.", "knowledge_goals": ["grundvallar\u00fe\u00e1ttum \u00ed frambur\u00f0i (\u00e1herslum og hrynjanda) \u00edslenska m\u00e1lkerfisins.", "einf\u00f6ldum uppl\u00fdsingum \u00ed m\u00e6ltu m\u00e1li.", "einf\u00f6ldum uppl\u00fdsingum \u00ed ritu\u00f0u m\u00e1li."], "skills_goals": ["skrifa eftir upplestri.", "flokka or\u00f0 \u00e1 r\u00e9tta sta\u00f0i.", "vinna me\u00f0 einfalda texta.", "beita hlustun til a\u00f0 vinna \u00far uppl\u00fdsingum \u00ed m\u00e6ltu m\u00e1li."], "credits": 5, "last_modified": 1558361091.187745, "schools": ["512352c28caa45ed97015b48"], "coauthors": null, "instructions": "", "continued_education": false, "level": 1, "prerequisites": "", "author": "5ab4bf42-9e24-478d-8959-babc271df6b5", "abbreviation_version": null, "competence_goals": [["rita \u00edslensku \u00e1 einf\u00f6ldu formi.", ""], ["tileinka s\u00e9r lykilatri\u00f0i \u00ed stuttum rauntextum.", ""], ["fara eftir einf\u00f6ldum lei\u00f0beiningum, skilabo\u00f0um og tilkynningum \u00ed m\u00e6ltu og ritu\u00f0u m\u00e1li.", ""]], "_id": "5ce2b403e3d27fd17a00056e"}, {"exemplary": null, "topics": "\u00cdslenska sem anna\u00f0 m\u00e1l - E", "abbreviation": "\u00cdSAN1\u00cdE05(BT)", "former_schools": null, "subject": "\u00edslenska sem anna\u00f0 m\u00e1l", "title": "\u00cdslenska sem anna\u00f0 m\u00e1l - 1E", "version": 15, "status_trans": "Sam\u00feykkt af sk\u00f3la", "embedded_subject": {"abbreviation": "\u00cdSAN", "topics": [{"abbreviation": "BF", "topics": ["\u00edslenska sem anna\u00f0 m\u00e1l"]}, {"abbreviation": "LM", "topics": ["lestur og m\u00e1lnotkun"]}, {"abbreviation": "BG", "topics": ["grunnur", "\u00edslenska sem anna\u00f0 m\u00e1l"]}, {"abbreviation": "LR", "topics": ["lestur og ritun"]}, {"abbreviation": "DD", "topics": ["\u00cdslenska sem anna\u00f0 m\u00e1l 2"]}, {"abbreviation": "AG", "topics": ["\u00cdslenska sem anna\u00f0 m\u00e1l alger grunnur 1"]}, {"abbreviation": "LE", "topics": ["Lestur"]}, {"abbreviation": "RI", "topics": ["Ritun"]}, {"abbreviation": "VM", "topics": ["Verkefna\u00e1fangi \u00ed m\u00e1lv\u00edsindum"]}, {"abbreviation": "BR", "topics": ["beygingarfr\u00e6\u00f0i", "ritun", "setningafr\u00e6\u00f0i"]}, {"abbreviation": "FB", "topics": ["b\u00f3kmenntir", "frams\u00f6gn", "ritun"]}, {"abbreviation": "MR", "topics": ["framsaga", "lestur", "m\u00e1lnotkun", "ritun"]}, {"abbreviation": "AB", "topics": ["atvinnul\u00edf", "b\u00f3kmenntir", "frams\u00f6gn", "ritun"]}, {"abbreviation": "OF", "topics": ["frambur\u00f0ur", "lestrarf\u00e6rni", "or\u00f0afor\u00f0i", "tj\u00e1ning"]}, {"abbreviation": "GR", "topics": ["Grunn\u00e1fangi"]}, {"abbreviation": "FR", "topics": ["Framhalds\u00e1fangi 2"]}, {"abbreviation": "GA", "topics": ["frambur\u00f0ur", "hlustun", "or\u00f0afor\u00f0i", "tal og lestrarf\u00e6rni"]}, {"abbreviation": "GB", "topics": ["frambur\u00f0ur", "hlustun", "lestrarf\u00e6rni", "or\u00f0afor\u00f0i", "tal"]}, {"abbreviation": "KV", "topics": ["Kvikmyndir"]}, {"abbreviation": "BY", "topics": ["Byrjenda\u00e1fangi"]}, {"abbreviation": "FA", "topics": ["Framhalds\u00e1fangi A"]}, {"abbreviation": "FF", "topics": ["frams\u00f6gn", "hlustun", "ritun", "\u00edslenskt samf\u00e9lag"]}, {"abbreviation": "SF", "topics": ["frams\u00f6gn", "hlustun", "\u00edslenskt samf\u00e9lag"]}, {"abbreviation": "\u00cdA", "topics": ["\u00cdslenska sem anna\u00f0 m\u00e1l - A"]}, {"abbreviation": "\u00cdB", "topics": ["\u00cdslenska sem anna\u00f0 m\u00e1l - B"]}, {"abbreviation": "\u00cdC", "topics": ["\u00cdslenska sem anna\u00f0 m\u00e1l - C"]}, {"abbreviation": "\u00cdD", "topics": ["\u00cdslenska sem anna\u00f0 m\u00e1l - D"]}, {"abbreviation": "\u00cdE", "topics": ["\u00cdslenska sem anna\u00f0 m\u00e1l - E"]}, {"abbreviation": "\u00cdF", "topics": ["\u00cdslenska sem anna\u00f0 m\u00e1l - F"]}, {"abbreviation": "\u00cdG", "topics": ["\u00cdslenska sem anna\u00f0 m\u00e1l - G"]}, {"abbreviation": "N\u00c6", "topics": ["N\u00e6rumhverfi", "menning og tj\u00e1ning"]}, {"abbreviation": "KK", "topics": ["Samf\u00e9lag", "kvikmyndir"]}, {"abbreviation": "DL", "topics": ["Daglegt l\u00edf"]}], "_id": "50c0a02dd8e40575f7f6f4ac", "subjects": ["\u00edslenska sem anna\u00f0 m\u00e1l"], "counter": {"1": 10, "3": 0, "2": 2, "4": 0}}, "evaluation": "\u00c1fanginn er s\u00edmats\u00e1fangi. Mats\u00fe\u00e6ttir eru lag\u00f0ir fyrir yfir \u00f6nnina samkv\u00e6mt kennslu\u00e1\u00e6tlun. ", "categorization_suggestion": "BT", "embedded_topics": {"abbreviation": "\u00cdE", "topics": ["\u00cdslenska sem anna\u00f0 m\u00e1l - E"]}, "status": "approved by school", "description": "\u00c1fanginn er \u00e6tla\u00f0ur nemendum sem hafa loki\u00f0 einni \u00f6nn \u00ed \u00edslensku. \u00cd \u00e1fanganum er l\u00f6g\u00f0 \u00e1hersla \u00e1 a\u00f0 nemendur auki vi\u00f0 or\u00f0afor\u00f0a og \u00fej\u00e1lfi frj\u00e1ls skrif. L\u00f6g\u00f0 er \u00e1hersla \u00e1 a\u00f0 nemendur kynnist m\u00e1lfr\u00e6\u00f0ihugt\u00f6kum og auki vi\u00f0 \u00feekkingu \u00ed m\u00e1lfr\u00e6\u00f0i. Auk \u00feess eru lesnir textar um \u00edslenskt samf\u00e9lag.", "knowledge_goals": ["nau\u00f0synlegum or\u00f0afor\u00f0a til a\u00f0 m\u00e6ta h\u00e6fnivi\u00f0mi\u00f0um \u00ferepsins.", "grundvallar\u00fe\u00e1ttum \u00ed frambur\u00f0i (\u00e1herslum og hrynjanda) \u00edslenska m\u00e1lkerfisins.", "algengum m\u00e1lfr\u00e6\u00f0ihugt\u00f6kum.", "\u00e1 setningafr\u00e6\u00f0ilegri uppbyggingu \u00edslenskunnar.", "einf\u00f6ldum samskiptum \u00ed m\u00e6ltu og ritu\u00f0u m\u00e1li."], "skills_goals": ["flokka or\u00f0 \u00e1 r\u00e9tta sta\u00f0i eftir r\u00f6khyggju.", "skilja einfaldar lei\u00f0beiningar og fyrirm\u00e6li.", "skrifa samfelldan texta um efni sem hann \u00feekkir e\u00f0a hefur \u00e1huga \u00e1.", "nota vi\u00f0eigandi m\u00e1lfar."], "credits": 5, "last_modified": 1558361747.502919, "schools": ["512352c28caa45ed97015b48"], "coauthors": null, "instructions": "", "continued_education": false, "level": 1, "prerequisites": "Ein \u00f6nn \u00ed \u00edslensku sem anna\u00f0 m\u00e1l vi\u00f0 T\u00e6knisk\u00f3lann e\u00f0a anna\u00f0 samb\u00e6rilegt n\u00e1m. ", "author": "5ab4bf42-9e24-478d-8959-babc271df6b5", "abbreviation_version": null, "competence_goals": [["tileinka s\u00e9r lykilatri\u00f0i \u00ed stuttum rauntextum.", ""], ["fara eftir einf\u00f6ldum lei\u00f0beiningum, skilabo\u00f0um og tilkynningum sem tengjast daglegum ath\u00f6fnum.", ""]], "_id": "5ce2b693e3d27fd17a00059e"}, {"exemplary": null, "topics": "\u00cdslenska sem anna\u00f0 m\u00e1l - F", "abbreviation": "\u00cdSAN1\u00cdF05(BT)", "former_schools": null, "subject": "\u00edslenska sem anna\u00f0 m\u00e1l", "title": "\u00cdslenska sem anna\u00f0 m\u00e1l - 1F", "version": 16, "status_trans": "Sam\u00feykkt af sk\u00f3la", "embedded_subject": {"abbreviation": "\u00cdSAN", "topics": [{"abbreviation": "BF", "topics": ["\u00edslenska sem anna\u00f0 m\u00e1l"]}, {"abbreviation": "LM", "topics": ["lestur og m\u00e1lnotkun"]}, {"abbreviation": "BG", "topics": ["grunnur", "\u00edslenska sem anna\u00f0 m\u00e1l"]}, {"abbreviation": "LR", "topics": ["lestur og ritun"]}, {"abbreviation": "DD", "topics": ["\u00cdslenska sem anna\u00f0 m\u00e1l 2"]}, {"abbreviation": "AG", "topics": ["\u00cdslenska sem anna\u00f0 m\u00e1l alger grunnur 1"]}, {"abbreviation": "LE", "topics": ["Lestur"]}, {"abbreviation": "RI", "topics": ["Ritun"]}, {"abbreviation": "VM", "topics": ["Verkefna\u00e1fangi \u00ed m\u00e1lv\u00edsindum"]}, {"abbreviation": "BR", "topics": ["beygingarfr\u00e6\u00f0i", "ritun", "setningafr\u00e6\u00f0i"]}, {"abbreviation": "FB", "topics": ["b\u00f3kmenntir", "frams\u00f6gn", "ritun"]}, {"abbreviation": "MR", "topics": ["framsaga", "lestur", "m\u00e1lnotkun", "ritun"]}, {"abbreviation": "AB", "topics": ["atvinnul\u00edf", "b\u00f3kmenntir", "frams\u00f6gn", "ritun"]}, {"abbreviation": "OF", "topics": ["frambur\u00f0ur", "lestrarf\u00e6rni", "or\u00f0afor\u00f0i", "tj\u00e1ning"]}, {"abbreviation": "GR", "topics": ["Grunn\u00e1fangi"]}, {"abbreviation": "FR", "topics": ["Framhalds\u00e1fangi 2"]}, {"abbreviation": "GA", "topics": ["frambur\u00f0ur", "hlustun", "or\u00f0afor\u00f0i", "tal og lestrarf\u00e6rni"]}, {"abbreviation": "GB", "topics": ["frambur\u00f0ur", "hlustun", "lestrarf\u00e6rni", "or\u00f0afor\u00f0i", "tal"]}, {"abbreviation": "KV", "topics": ["Kvikmyndir"]}, {"abbreviation": "BY", "topics": ["Byrjenda\u00e1fangi"]}, {"abbreviation": "FA", "topics": ["Framhalds\u00e1fangi A"]}, {"abbreviation": "FF", "topics": ["frams\u00f6gn", "hlustun", "ritun", "\u00edslenskt samf\u00e9lag"]}, {"abbreviation": "SF", "topics": ["frams\u00f6gn", "hlustun", "\u00edslenskt samf\u00e9lag"]}, {"abbreviation": "\u00cdA", "topics": ["\u00cdslenska sem anna\u00f0 m\u00e1l - A"]}, {"abbreviation": "\u00cdB", "topics": ["\u00cdslenska sem anna\u00f0 m\u00e1l - B"]}, {"abbreviation": "\u00cdC", "topics": ["\u00cdslenska sem anna\u00f0 m\u00e1l - C"]}, {"abbreviation": "\u00cdD", "topics": ["\u00cdslenska sem anna\u00f0 m\u00e1l - D"]}, {"abbreviation": "\u00cdE", "topics": ["\u00cdslenska sem anna\u00f0 m\u00e1l - E"]}, {"abbreviation": "\u00cdF", "topics": ["\u00cdslenska sem anna\u00f0 m\u00e1l - F"]}, {"abbreviation": "\u00cdG", "topics": ["\u00cdslenska sem anna\u00f0 m\u00e1l - G"]}, {"abbreviation": "N\u00c6", "topics": ["N\u00e6rumhverfi", "menning og tj\u00e1ning"]}, {"abbreviation": "KK", "topics": ["Samf\u00e9lag", "kvikmyndir"]}, {"abbreviation": "DL", "topics": ["Daglegt l\u00edf"]}], "_id": "50c0a02dd8e40575f7f6f4ac", "subjects": ["\u00edslenska sem anna\u00f0 m\u00e1l"], "counter": {"1": 10, "3": 0, "2": 2, "4": 0}}, "evaluation": "\u00c1fanginn er s\u00edmats\u00e1fangi. Mats\u00fe\u00e6ttir eru lag\u00f0ir fyrir yfir \u00f6nnina samkv\u00e6mt kennslu\u00e1\u00e6tlun.  ", "categorization_suggestion": "BT", "embedded_topics": {"abbreviation": "\u00cdF", "topics": ["\u00cdslenska sem anna\u00f0 m\u00e1l - F"]}, "status": "approved by school", "description": "\u00c1fanginn er \u00e6tla\u00f0ur nemendum sem hafa loki\u00f0 einni \u00f6nn \u00ed \u00edslensku. Nemendur eru \u00fej\u00e1lfa\u00f0ir \u00ed lesskilningi og ritun auk \u00feeirrar m\u00e1lfr\u00e6\u00f0i sem tengist efninu. \u00c1hersla er l\u00f6g\u00f0 \u00e1 r\u00e9ttan frambur\u00f0, \u00fej\u00e1lfun grunnatri\u00f0a m\u00e1lfr\u00e6\u00f0innar og uppbyggingu or\u00f0afor\u00f0a sem tengist daglegu l\u00edfi og n\u00e1nasta umhverfi nemandans.", "knowledge_goals": ["uppbyggingu tungum\u00e1lsins.", "samskiptavenjum \u00edslensks \u00fej\u00f3\u00f0f\u00e9lags.", "\u00f3l\u00edkum vi\u00f0horfum og gildum og hvernig \u00feau m\u00f3ta menninguna \u00fear sem                     tungum\u00e1li\u00f0 er nota\u00f0 og geti tengt \u00feau eigin samf\u00e9lagi og menningu."], "skills_goals": ["nota tungum\u00e1li\u00f0 \u00ed daglegum verkefnum s\u00ednum.", "greina or\u00f0 \u00ed or\u00f0flokka.", "hagn\u00fdta s\u00e9r \u00fdmsar beygingarreglur m\u00e1lfr\u00e6\u00f0innar.", "geta l\u00fdst f\u00f3lki og hlutum \u00ed stuttu m\u00e1li.", "skilja samskiptavenjur \u00edslensks \u00fej\u00f3\u00f0f\u00e9lags."], "credits": 5, "last_modified": 1558361858.756046, "schools": ["512352c28caa45ed97015b48"], "coauthors": null, "instructions": "", "continued_education": false, "level": 1, "prerequisites": "Ein \u00f6nn \u00ed \u00edslensku sem anna\u00f0 m\u00e1l vi\u00f0 T\u00e6knisk\u00f3lann e\u00f0a anna\u00f0 samb\u00e6rilegt n\u00e1m. ", "author": "5ab4bf42-9e24-478d-8959-babc271df6b5", "abbreviation_version": null, "competence_goals": [["geta l\u00fdst hlutum og f\u00f3lki.", ""], ["nota tungum\u00e1li\u00f0 til a\u00f0 gera sig skiljanlegan t.d. hj\u00e1 l\u00e6kni, \u00ed verslun, \u00ed banka.", ""], ["bi\u00f0ja um og gefa almennar uppl\u00fdsingar.", ""], ["geta skili\u00f0 og beitt almennum or\u00f0afor\u00f0a var\u00f0andi venjur og si\u00f0i.", ""], ["geta tj\u00e1\u00f0 eigin hugmyndir og sko\u00f0anir \u00e1 skiljanlegu m\u00e1li.", ""], ["\u00e1tta sig \u00e1 helstu si\u00f0um og venjum \u00ed \u00edslensku samf\u00e9lagi.", ""]], "_id": "5ce2b702e3d27fd17a0005aa"}, {"exemplary": null, "topics": "\u00cdslenska sem anna\u00f0 m\u00e1l - G", "abbreviation": "\u00cdSAN1\u00cdG05(BT)", "former_schools": null, "subject": "\u00edslenska sem anna\u00f0 m\u00e1l", "title": "\u00cdslenska sem anna\u00f0 m\u00e1l - 1G", "version": 17, "status_trans": "Sam\u00feykkt af sk\u00f3la", "embedded_subject": {"abbreviation": "\u00cdSAN", "topics": [{"abbreviation": "BF", "topics": ["\u00edslenska sem anna\u00f0 m\u00e1l"]}, {"abbreviation": "LM", "topics": ["lestur og m\u00e1lnotkun"]}, {"abbreviation": "BG", "topics": ["grunnur", "\u00edslenska sem anna\u00f0 m\u00e1l"]}, {"abbreviation": "LR", "topics": ["lestur og ritun"]}, {"abbreviation": "DD", "topics": ["\u00cdslenska sem anna\u00f0 m\u00e1l 2"]}, {"abbreviation": "AG", "topics": ["\u00cdslenska sem anna\u00f0 m\u00e1l alger grunnur 1"]}, {"abbreviation": "LE", "topics": ["Lestur"]}, {"abbreviation": "RI", "topics": ["Ritun"]}, {"abbreviation": "VM", "topics": ["Verkefna\u00e1fangi \u00ed m\u00e1lv\u00edsindum"]}, {"abbreviation": "BR", "topics": ["beygingarfr\u00e6\u00f0i", "ritun", "setningafr\u00e6\u00f0i"]}, {"abbreviation": "FB", "topics": ["b\u00f3kmenntir", "frams\u00f6gn", "ritun"]}, {"abbreviation": "MR", "topics": ["framsaga", "lestur", "m\u00e1lnotkun", "ritun"]}, {"abbreviation": "AB", "topics": ["atvinnul\u00edf", "b\u00f3kmenntir", "frams\u00f6gn", "ritun"]}, {"abbreviation": "OF", "topics": ["frambur\u00f0ur", "lestrarf\u00e6rni", "or\u00f0afor\u00f0i", "tj\u00e1ning"]}, {"abbreviation": "GR", "topics": ["Grunn\u00e1fangi"]}, {"abbreviation": "FR", "topics": ["Framhalds\u00e1fangi 2"]}, {"abbreviation": "GA", "topics": ["frambur\u00f0ur", "hlustun", "or\u00f0afor\u00f0i", "tal og lestrarf\u00e6rni"]}, {"abbreviation": "GB", "topics": ["frambur\u00f0ur", "hlustun", "lestrarf\u00e6rni", "or\u00f0afor\u00f0i", "tal"]}, {"abbreviation": "KV", "topics": ["Kvikmyndir"]}, {"abbreviation": "BY", "topics": ["Byrjenda\u00e1fangi"]}, {"abbreviation": "FA", "topics": ["Framhalds\u00e1fangi A"]}, {"abbreviation": "FF", "topics": ["frams\u00f6gn", "hlustun", "ritun", "\u00edslenskt samf\u00e9lag"]}, {"abbreviation": "SF", "topics": ["frams\u00f6gn", "hlustun", "\u00edslenskt samf\u00e9lag"]}, {"abbreviation": "\u00cdA", "topics": ["\u00cdslenska sem anna\u00f0 m\u00e1l - A"]}, {"abbreviation": "\u00cdB", "topics": ["\u00cdslenska sem anna\u00f0 m\u00e1l - B"]}, {"abbreviation": "\u00cdC", "topics": ["\u00cdslenska sem anna\u00f0 m\u00e1l - C"]}, {"abbreviation": "\u00cdD", "topics": ["\u00cdslenska sem anna\u00f0 m\u00e1l - D"]}, {"abbreviation": "\u00cdE", "topics": ["\u00cdslenska sem anna\u00f0 m\u00e1l - E"]}, {"abbreviation": "\u00cdF", "topics": ["\u00cdslenska sem anna\u00f0 m\u00e1l - F"]}, {"abbreviation": "\u00cdG", "topics": ["\u00cdslenska sem anna\u00f0 m\u00e1l - G"]}, {"abbreviation": "N\u00c6", "topics": ["N\u00e6rumhverfi", "menning og tj\u00e1ning"]}, {"abbreviation": "KK", "topics": ["Samf\u00e9lag", "kvikmyndir"]}, {"abbreviation": "DL", "topics": ["Daglegt l\u00edf"]}], "_id": "50c0a02dd8e40575f7f6f4ac", "subjects": ["\u00edslenska sem anna\u00f0 m\u00e1l"], "counter": {"1": 10, "3": 0, "2": 2, "4": 0}}, "evaluation": "\u00c1fanginn er s\u00edmats\u00e1fangi. Mats\u00fe\u00e6ttir eru lag\u00f0ir fyrir yfir \u00f6nnina samkv\u00e6mt kennslu\u00e1\u00e6tlun. ", "categorization_suggestion": "BT", "embedded_topics": {"abbreviation": "\u00cdG", "topics": ["\u00cdslenska sem anna\u00f0 m\u00e1l - G"]}, "status": "approved by school", "description": "\u00c1fanginn er \u00e6tla\u00f0ur nemendum sem hafa loki\u00f0 einni \u00f6nn \u00ed \u00edslensku. \u00cd \u00e1fanganum er l\u00f6g\u00f0 \u00e1hersla \u00e1 a\u00f0 nemendur auki vi\u00f0 or\u00f0afor\u00f0a um daglegt l\u00edf \u00e1 \u00cdslandi. Mi\u00f0a\u00f0 er a\u00f0 \u00fev\u00ed a\u00f0 nemendur geti tileinka\u00f0 s\u00e9r daglegt m\u00e1l me\u00f0 \u00fej\u00e1lfun \u00ed tali, hlustun og ritun.", "knowledge_goals": ["\u00feeim or\u00f0afor\u00f0a sem nau\u00f0synlegur er til a\u00f0 n\u00e1 markmi\u00f0um \u00e1fangans.", "grundvallar\u00fe\u00e1ttum \u00edslenska m\u00e1lkerfisins.", "s\u00ednu n\u00e1nasta umhverfi og samf\u00e9lagi."], "skills_goals": ["skilja tala\u00f0 m\u00e1l um kunnugleg efni.", "lesa texta sem innihalda algengan or\u00f0afor\u00f0a sem tengist nemandanum, umhverfi hans, daglegu l\u00edfi og \u00e1hugam\u00e1lum og vinna \u00far \u00feeim \u00e1 mismunandi h\u00e1tt eftir \u00fev\u00ed hver tilgangur me\u00f0 lestrinum er hverju sinni.", "taka \u00fe\u00e1tt \u00ed samr\u00e6\u00f0um um efni sem tengist innihaldi \u00e1fangans.", "nota aukinn or\u00f0afor\u00f0a til a\u00f0 segja fr\u00e1 sj\u00e1lfum s\u00e9r og ath\u00f6fnum og atbur\u00f0um daglegs l\u00edfs.", "geta skrifa\u00f0 texta um sj\u00e1lfan sig, daglegt l\u00edf og sitt n\u00e1nasta umhverfi.", "beita or\u00f0afor\u00f0a, m\u00e1lnotkun og frambur\u00f0i \u00e1 sem r\u00e9ttastan h\u00e1tt."], "credits": 5, "last_modified": 1558361913.395943, "schools": ["512352c28caa45ed97015b48"], "coauthors": null, "instructions": "", "continued_education": false, "level": 1, "prerequisites": "Ein \u00f6nn \u00ed \u00edslensku sem anna\u00f0 m\u00e1l vi\u00f0 T\u00e6knisk\u00f3lann e\u00f0a anna\u00f0 samb\u00e6rilegt n\u00e1m. ", "author": "5ab4bf42-9e24-478d-8959-babc271df6b5", "abbreviation_version": null, "competence_goals": [["greina einfaldar uppl\u00fdsingar \u00ed m\u00e6ltu m\u00e1li.", ""], ["skilja einfalda texta.", ""], ["taka \u00fe\u00e1tt \u00ed einf\u00f6ldum samr\u00e6\u00f0um.", ""], ["segja fr\u00e1 pers\u00f3nulegum h\u00f6gum sem og einf\u00f6ldum sta\u00f0reyndum um kunnugleg efni.", ""], ["rita \u00edslensku \u00e1 einf\u00f6ldu formi.", ""]], "_id": "5ce2b739e3d27fd17a0005ad"}, {"exemplary": null, "topics": "\u00cdslenska sem anna\u00f0 m\u00e1l - A", "abbreviation": "\u00cdSAN2\u00cdA05(CT)", "former_schools": null, "subject": "\u00edslenska sem anna\u00f0 m\u00e1l", "title": "\u00cdslenska sem anna\u00f0 m\u00e1l - 2A", "version": 3, "status_trans": "Sam\u00feykkt af sk\u00f3la", "embedded_subject": {"abbreviation": "\u00cdSAN", "topics": [{"abbreviation": "BF", "topics": ["\u00edslenska sem anna\u00f0 m\u00e1l"]}, {"abbreviation": "LM", "topics": ["lestur og m\u00e1lnotkun"]}, {"abbreviation": "BG", "topics": ["grunnur", "\u00edslenska sem anna\u00f0 m\u00e1l"]}, {"abbreviation": "LR", "topics": ["lestur og ritun"]}, {"abbreviation": "DD", "topics": ["\u00cdslenska sem anna\u00f0 m\u00e1l 2"]}, {"abbreviation": "AG", "topics": ["\u00cdslenska sem anna\u00f0 m\u00e1l alger grunnur 1"]}, {"abbreviation": "LE", "topics": ["Lestur"]}, {"abbreviation": "RI", "topics": ["Ritun"]}, {"abbreviation": "VM", "topics": ["Verkefna\u00e1fangi \u00ed m\u00e1lv\u00edsindum"]}, {"abbreviation": "BR", "topics": ["beygingarfr\u00e6\u00f0i", "ritun", "setningafr\u00e6\u00f0i"]}, {"abbreviation": "FB", "topics": ["b\u00f3kmenntir", "frams\u00f6gn", "ritun"]}, {"abbreviation": "MR", "topics": ["framsaga", "lestur", "m\u00e1lnotkun", "ritun"]}, {"abbreviation": "AB", "topics": ["atvinnul\u00edf", "b\u00f3kmenntir", "frams\u00f6gn", "ritun"]}, {"abbreviation": "OF", "topics": ["frambur\u00f0ur", "lestrarf\u00e6rni", "or\u00f0afor\u00f0i", "tj\u00e1ning"]}, {"abbreviation": "GR", "topics": ["Grunn\u00e1fangi"]}, {"abbreviation": "FR", "topics": ["Framhalds\u00e1fangi 2"]}, {"abbreviation": "GA", "topics": ["frambur\u00f0ur", "hlustun", "or\u00f0afor\u00f0i", "tal og lestrarf\u00e6rni"]}, {"abbreviation": "GB", "topics": ["frambur\u00f0ur", "hlustun", "lestrarf\u00e6rni", "or\u00f0afor\u00f0i", "tal"]}, {"abbreviation": "KV", "topics": ["Kvikmyndir"]}, {"abbreviation": "BY", "topics": ["Byrjenda\u00e1fangi"]}, {"abbreviation": "FA", "topics": ["Framhalds\u00e1fangi A"]}, {"abbreviation": "FF", "topics": ["frams\u00f6gn", "hlustun", "ritun", "\u00edslenskt samf\u00e9lag"]}, {"abbreviation": "SF", "topics": ["frams\u00f6gn", "hlustun", "\u00edslenskt samf\u00e9lag"]}, {"abbreviation": "\u00cdA", "topics": ["\u00cdslenska sem anna\u00f0 m\u00e1l - A"]}, {"abbreviation": "\u00cdB", "topics": ["\u00cdslenska sem anna\u00f0 m\u00e1l - B"]}, {"abbreviation": "\u00cdC", "topics": ["\u00cdslenska sem anna\u00f0 m\u00e1l - C"]}, {"abbreviation": "\u00cdD", "topics": ["\u00cdslenska sem anna\u00f0 m\u00e1l - D"]}, {"abbreviation": "\u00cdE", "topics": ["\u00cdslenska sem anna\u00f0 m\u00e1l - E"]}, {"abbreviation": "\u00cdF", "topics": ["\u00cdslenska sem anna\u00f0 m\u00e1l - F"]}, {"abbreviation": "\u00cdG", "topics": ["\u00cdslenska sem anna\u00f0 m\u00e1l - G"]}, {"abbreviation": "N\u00c6", "topics": ["N\u00e6rumhverfi", "menning og tj\u00e1ning"]}, {"abbreviation": "KK", "topics": ["Samf\u00e9lag", "kvikmyndir"]}, {"abbreviation": "DL", "topics": ["Daglegt l\u00edf"]}], "_id": "50c0a02dd8e40575f7f6f4ac", "subjects": ["\u00edslenska sem anna\u00f0 m\u00e1l"], "counter": {"1": 10, "3": 0, "2": 2, "4": 0}}, "evaluation": "\u00c1fanginn er s\u00edmats\u00e1fangi. Mats\u00fe\u00e6ttir eru lag\u00f0ir fyrir yfir \u00f6nnina samkv\u00e6mt kennslu\u00e1\u00e6tlun. ", "categorization_suggestion": "CT", "embedded_topics": {"abbreviation": "\u00cdA", "topics": ["\u00cdslenska sem anna\u00f0 m\u00e1l - A"]}, "status": "approved by school", "description": "\u00c1fanginn er \u00e6tla\u00f0ur nemendum sem hafa loki\u00f0 tveimur \u00f6nnum \u00ed \u00edslensku. Unni\u00f0 er me\u00f0 fj\u00f6lbreytta texta sem tengjast l\u00edfi \u00ed \u00edslensku \u00fej\u00f3\u00f0f\u00e9lagi, s\u00f6gu \u00feess, menningu o.fl. Aukin \u00e1hersla er l\u00f6g\u00f0 \u00e1 kennslu \u00ed m\u00e1lfr\u00e6\u00f0i sem m.a. kemur fyrir \u00ed textum sem unni\u00f0 er me\u00f0. Nemendur f\u00e1 \u00fej\u00e1lfun \u00ed a\u00f0 tj\u00e1 sig \u00ed s\u00edfellt vaxandi m\u00e1li \u00ed m\u00e6ltu og ritu\u00f0u m\u00e1li, \u00fe.e. munnlega og skriflega.", "knowledge_goals": ["\u00feeim or\u00f0afor\u00f0a sem nau\u00f0synlegur er til a\u00f0 n\u00e1 markmi\u00f0um \u00e1fangans.", "\u00f3l\u00edkum vi\u00f0horfum, reglum og venjum \u00e1 \u00cdslandi n\u00fa til dags og tengslum \u00feeirra vi\u00f0 menningu \u00fej\u00f3\u00f0arinnar.", "merkilegum atbur\u00f0um \u00ed s\u00f6gu \u00fej\u00f3\u00f0arinnar og menningarver\u00f0m\u00e6tum hennar.", "\u00feverfaglegum or\u00f0afor\u00f0a til markvissrar notkunar \u00ed n\u00e1mi \u00e1 framhaldssk\u00f3lastigi.", "a\u00f0 leita uppl\u00fdsinga \u00e1 netinu og v\u00ed\u00f0ar.", "\u00fdmsum m\u00e1lfr\u00e6\u00f0ihugt\u00f6kum og reglum."], "skills_goals": ["lesa fj\u00f6lbreyttar ger\u00f0ir texta, hagn\u00fdta, menningarlega og s\u00f6gulega.", "beita n\u00e1msa\u00f0fer\u00f0um sem vi\u00f0 eiga eftir ger\u00f0 texta e\u00f0a vi\u00f0fangsefni t.d. lesa \u00far hvernig m\u00e1lfr\u00e6\u00f0i birtist \u00ed texta.", "greina og skilja m\u00e1lfarsmun \u00e1 mismunandi landsv\u00e6\u00f0um.", "tj\u00e1 sig munnlega sk\u00fdrt og skiljanlega um undirb\u00fai\u00f0 m\u00e1lefni.", "tj\u00e1 sig skriflega \u00fear sem hann virkjar setningager\u00f0, or\u00f0afor\u00f0a og m\u00e1lfr\u00e6\u00f0ikunn\u00e1ttu s\u00edna kunn\u00e1ttusamlega."], "credits": 5, "last_modified": 1558362558.636969, "schools": ["512352c28caa45ed97015b48"], "coauthors": null, "instructions": "", "continued_education": false, "level": 2, "prerequisites": "Tv\u00e6r annir \u00ed \u00edslensku sem anna\u00f0 m\u00e1l vi\u00f0 T\u00e6knisk\u00f3lann e\u00f0a anna\u00f0 samb\u00e6rilegt n\u00e1m.", "author": "5ab4bf42-9e24-478d-8959-babc271df6b5", "abbreviation_version": null, "competence_goals": [["skilja daglegt m\u00e1l, fj\u00f6lmi\u00f0laefni, inntak fr\u00e1sagna, s\u00f6gu\u00fer\u00e1\u00f0 og samhengi \u00ed margs konar texta.", ""], ["taka \u00fe\u00e1tt \u00ed sko\u00f0anaskiptum, f\u00e6ra r\u00f6k fyrir m\u00e1li s\u00ednu, sk\u00fdra erindi s\u00edn og afla s\u00e9r uppl\u00fdsinga eftir a\u00f0st\u00e6\u00f0um.", ""], ["tj\u00e1 sig r\u00e9tt og skilmerkilega um efni sem hann hefur kynnt s\u00e9r.", ""], ["geta endursagt \u00ed eigin or\u00f0um fr\u00e1s\u00f6gn e\u00f0a inntak greinar sem hann hefur heyrt e\u00f0a lesi\u00f0.", ""]], "_id": "5ce2b9bee3d27fd17a0005e7"}, {"exemplary": null, "topics": "\u00cdslenska sem anna\u00f0 m\u00e1l - B", "abbreviation": "\u00cdSAN2\u00cdB05(CT)", "former_schools": null, "subject": "\u00edslenska sem anna\u00f0 m\u00e1l", "title": "\u00cdslenska sem anna\u00f0 m\u00e1l - 2B", "version": 4, "status_trans": "Sam\u00feykkt af sk\u00f3la", "embedded_subject": {"abbreviation": "\u00cdSAN", "topics": [{"abbreviation": "BF", "topics": ["\u00edslenska sem anna\u00f0 m\u00e1l"]}, {"abbreviation": "LM", "topics": ["lestur og m\u00e1lnotkun"]}, {"abbreviation": "BG", "topics": ["grunnur", "\u00edslenska sem anna\u00f0 m\u00e1l"]}, {"abbreviation": "LR", "topics": ["lestur og ritun"]}, {"abbreviation": "DD", "topics": ["\u00cdslenska sem anna\u00f0 m\u00e1l 2"]}, {"abbreviation": "AG", "topics": ["\u00cdslenska sem anna\u00f0 m\u00e1l alger grunnur 1"]}, {"abbreviation": "LE", "topics": ["Lestur"]}, {"abbreviation": "RI", "topics": ["Ritun"]}, {"abbreviation": "VM", "topics": ["Verkefna\u00e1fangi \u00ed m\u00e1lv\u00edsindum"]}, {"abbreviation": "BR", "topics": ["beygingarfr\u00e6\u00f0i", "ritun", "setningafr\u00e6\u00f0i"]}, {"abbreviation": "FB", "topics": ["b\u00f3kmenntir", "frams\u00f6gn", "ritun"]}, {"abbreviation": "MR", "topics": ["framsaga", "lestur", "m\u00e1lnotkun", "ritun"]}, {"abbreviation": "AB", "topics": ["atvinnul\u00edf", "b\u00f3kmenntir", "frams\u00f6gn", "ritun"]}, {"abbreviation": "OF", "topics": ["frambur\u00f0ur", "lestrarf\u00e6rni", "or\u00f0afor\u00f0i", "tj\u00e1ning"]}, {"abbreviation": "GR", "topics": ["Grunn\u00e1fangi"]}, {"abbreviation": "FR", "topics": ["Framhalds\u00e1fangi 2"]}, {"abbreviation": "GA", "topics": ["frambur\u00f0ur", "hlustun", "or\u00f0afor\u00f0i", "tal og lestrarf\u00e6rni"]}, {"abbreviation": "GB", "topics": ["frambur\u00f0ur", "hlustun", "lestrarf\u00e6rni", "or\u00f0afor\u00f0i", "tal"]}, {"abbreviation": "KV", "topics": ["Kvikmyndir"]}, {"abbreviation": "BY", "topics": ["Byrjenda\u00e1fangi"]}, {"abbreviation": "FA", "topics": ["Framhalds\u00e1fangi A"]}, {"abbreviation": "FF", "topics": ["frams\u00f6gn", "hlustun", "ritun", "\u00edslenskt samf\u00e9lag"]}, {"abbreviation": "SF", "topics": ["frams\u00f6gn", "hlustun", "\u00edslenskt samf\u00e9lag"]}, {"abbreviation": "\u00cdA", "topics": ["\u00cdslenska sem anna\u00f0 m\u00e1l - A"]}, {"abbreviation": "\u00cdB", "topics": ["\u00cdslenska sem anna\u00f0 m\u00e1l - B"]}, {"abbreviation": "\u00cdC", "topics": ["\u00cdslenska sem anna\u00f0 m\u00e1l - C"]}, {"abbreviation": "\u00cdD", "topics": ["\u00cdslenska sem anna\u00f0 m\u00e1l - D"]}, {"abbreviation": "\u00cdE", "topics": ["\u00cdslenska sem anna\u00f0 m\u00e1l - E"]}, {"abbreviation": "\u00cdF", "topics": ["\u00cdslenska sem anna\u00f0 m\u00e1l - F"]}, {"abbreviation": "\u00cdG", "topics": ["\u00cdslenska sem anna\u00f0 m\u00e1l - G"]}, {"abbreviation": "N\u00c6", "topics": ["N\u00e6rumhverfi", "menning og tj\u00e1ning"]}, {"abbreviation": "KK", "topics": ["Samf\u00e9lag", "kvikmyndir"]}, {"abbreviation": "DL", "topics": ["Daglegt l\u00edf"]}], "_id": "50c0a02dd8e40575f7f6f4ac", "subjects": ["\u00edslenska sem anna\u00f0 m\u00e1l"], "counter": {"1": 10, "3": 0, "2": 2, "4": 0}}, "evaluation": "\u00c1fanginn er s\u00edmats\u00e1fangi. Mats\u00fe\u00e6ttir eru lag\u00f0ir fyrir yfir \u00f6nnina samkv\u00e6mt kennslu\u00e1\u00e6tlun. ", "categorization_suggestion": "CT", "embedded_topics": {"abbreviation": "\u00cdB", "topics": ["\u00cdslenska sem anna\u00f0 m\u00e1l - B"]}, "status": "approved by school", "description": "\u00c1fanginn er \u00e6tla\u00f0ur nemendum sem hafa loki\u00f0 tveimur \u00f6nnum \u00ed \u00edslensku. L\u00f6g\u00f0 er \u00e1hersla \u00e1 daglegt l\u00edf, s.s. umhverfi, fj\u00f6lskyldu, menningu, atvinnu og fer\u00f0al\u00f6g. Samhli\u00f0a er m\u00e1lfr\u00e6\u00f0i sko\u00f0u\u00f0 og uppbygging tungum\u00e1lsins.  ", "knowledge_goals": ["\u00feeim or\u00f0afor\u00f0a sem nau\u00f0synlegur er til a\u00f0 n\u00e1 markmi\u00f0um \u00e1fangans.", "s\u00ednu n\u00e1nasta umhverfi og samf\u00e9lagi.", "samskiptavenjum \u00ed \u00edslensku \u00fej\u00f3\u00f0f\u00e9lagi."], "skills_goals": ["skilja tala\u00f0 m\u00e1l um efni sem tengist \u00e1fanganum.", "lesa texta sem sem tengist n\u00e6rumhverfi nemandans og \u00fe\u00e1ttt\u00f6ku \u00ed samf\u00e9laginu.", "taka \u00fe\u00e1tt \u00ed samr\u00e6\u00f0um um efni sem tengist innihaldi \u00e1fangans.", "segja fr\u00e1 sj\u00e1lfum s\u00e9r, n\u00e1nasta umhverfi s\u00ednu, v\u00e6ntingum, \u00fe\u00f6rfum, ath\u00f6fnum og atbur\u00f0um daglegs l\u00edfs \u00ed \u00edslensku samf\u00e9lagi.", "geta skrifa\u00f0 texta um sj\u00e1lfan sig, daglegt l\u00edf og sitt n\u00e1nasta umhverfi.", "beita or\u00f0afor\u00f0a, m\u00e1lnotkun og frambur\u00f0i \u00e1 sem r\u00e9ttastan h\u00e1tt."], "credits": 5, "last_modified": 1558362599.120279, "schools": ["512352c28caa45ed97015b48"], "coauthors": null, "instructions": "", "continued_education": false, "level": 2, "prerequisites": "Tv\u00e6r annir \u00ed \u00edslensku sem anna\u00f0 m\u00e1l vi\u00f0 T\u00e6knisk\u00f3lann e\u00f0a anna\u00f0 samb\u00e6rilegt n\u00e1m.", "author": "5ab4bf42-9e24-478d-8959-babc271df6b5", "abbreviation_version": null, "competence_goals": [["greina uppl\u00fdsingar \u00ed m\u00e6ltu m\u00e1li.", ""], ["skilja texta sem tengist vi\u00f0fangsefninu.", ""], ["taka \u00fe\u00e1tt \u00ed samr\u00e6\u00f0um um umhverfi sitt og \u00fe\u00e1ttt\u00f6ku \u00ed samf\u00e9laginu.", ""], ["segja fr\u00e1 pers\u00f3nulegum h\u00f6gum og v\u00e6ntingum.", ""], ["rita \u00edslensku \u00e1 sem vanda\u00f0astan h\u00e1tt.", ""]], "_id": "5ce2b9e7e3d27fd17a0005ee"}, {"exemplary": null, "topics": "\u00cdslenska sem anna\u00f0 m\u00e1l - C", "abbreviation": "\u00cdSAN2\u00cdC05(CT)", "former_schools": null, "subject": "\u00edslenska sem anna\u00f0 m\u00e1l", "title": "\u00cdslenska sem anna\u00f0 m\u00e1l - 2C", "version": 5, "status_trans": "Sam\u00feykkt af sk\u00f3la", "embedded_subject": {"abbreviation": "\u00cdSAN", "topics": [{"abbreviation": "BF", "topics": ["\u00edslenska sem anna\u00f0 m\u00e1l"]}, {"abbreviation": "LM", "topics": ["lestur og m\u00e1lnotkun"]}, {"abbreviation": "BG", "topics": ["grunnur", "\u00edslenska sem anna\u00f0 m\u00e1l"]}, {"abbreviation": "LR", "topics": ["lestur og ritun"]}, {"abbreviation": "DD", "topics": ["\u00cdslenska sem anna\u00f0 m\u00e1l 2"]}, {"abbreviation": "AG", "topics": ["\u00cdslenska sem anna\u00f0 m\u00e1l alger grunnur 1"]}, {"abbreviation": "LE", "topics": ["Lestur"]}, {"abbreviation": "RI", "topics": ["Ritun"]}, {"abbreviation": "VM", "topics": ["Verkefna\u00e1fangi \u00ed m\u00e1lv\u00edsindum"]}, {"abbreviation": "BR", "topics": ["beygingarfr\u00e6\u00f0i", "ritun", "setningafr\u00e6\u00f0i"]}, {"abbreviation": "FB", "topics": ["b\u00f3kmenntir", "frams\u00f6gn", "ritun"]}, {"abbreviation": "MR", "topics": ["framsaga", "lestur", "m\u00e1lnotkun", "ritun"]}, {"abbreviation": "AB", "topics": ["atvinnul\u00edf", "b\u00f3kmenntir", "frams\u00f6gn", "ritun"]}, {"abbreviation": "OF", "topics": ["frambur\u00f0ur", "lestrarf\u00e6rni", "or\u00f0afor\u00f0i", "tj\u00e1ning"]}, {"abbreviation": "GR", "topics": ["Grunn\u00e1fangi"]}, {"abbreviation": "FR", "topics": ["Framhalds\u00e1fangi 2"]}, {"abbreviation": "GA", "topics": ["frambur\u00f0ur", "hlustun", "or\u00f0afor\u00f0i", "tal og lestrarf\u00e6rni"]}, {"abbreviation": "GB", "topics": ["frambur\u00f0ur", "hlustun", "lestrarf\u00e6rni", "or\u00f0afor\u00f0i", "tal"]}, {"abbreviation": "KV", "topics": ["Kvikmyndir"]}, {"abbreviation": "BY", "topics": ["Byrjenda\u00e1fangi"]}, {"abbreviation": "FA", "topics": ["Framhalds\u00e1fangi A"]}, {"abbreviation": "FF", "topics": ["frams\u00f6gn", "hlustun", "ritun", "\u00edslenskt samf\u00e9lag"]}, {"abbreviation": "SF", "topics": ["frams\u00f6gn", "hlustun", "\u00edslenskt samf\u00e9lag"]}, {"abbreviation": "\u00cdA", "topics": ["\u00cdslenska sem anna\u00f0 m\u00e1l - A"]}, {"abbreviation": "\u00cdB", "topics": ["\u00cdslenska sem anna\u00f0 m\u00e1l - B"]}, {"abbreviation": "\u00cdC", "topics": ["\u00cdslenska sem anna\u00f0 m\u00e1l - C"]}, {"abbreviation": "\u00cdD", "topics": ["\u00cdslenska sem anna\u00f0 m\u00e1l - D"]}, {"abbreviation": "\u00cdE", "topics": ["\u00cdslenska sem anna\u00f0 m\u00e1l - E"]}, {"abbreviation": "\u00cdF", "topics": ["\u00cdslenska sem anna\u00f0 m\u00e1l - F"]}, {"abbreviation": "\u00cdG", "topics": ["\u00cdslenska sem anna\u00f0 m\u00e1l - G"]}, {"abbreviation": "N\u00c6", "topics": ["N\u00e6rumhverfi", "menning og tj\u00e1ning"]}, {"abbreviation": "KK", "topics": ["Samf\u00e9lag", "kvikmyndir"]}, {"abbreviation": "DL", "topics": ["Daglegt l\u00edf"]}], "_id": "50c0a02dd8e40575f7f6f4ac", "subjects": ["\u00edslenska sem anna\u00f0 m\u00e1l"], "counter": {"1": 10, "3": 0, "2": 2, "4": 0}}, "evaluation": "\u00c1fanginn er s\u00edmats\u00e1fangi. Mats\u00fe\u00e6ttir eru lag\u00f0ir fyrir yfir \u00f6nnina samkv\u00e6mt kennslu\u00e1\u00e6tlun. ", "categorization_suggestion": "CT", "embedded_topics": {"abbreviation": "\u00cdC", "topics": ["\u00cdslenska sem anna\u00f0 m\u00e1l - C"]}, "status": "approved by school", "description": "\u00c1fanginn er \u00e6tla\u00f0ur nemendum sem hafa loki\u00f0 tveimur \u00f6nnum \u00ed \u00edslensku. \u00cd \u00e1fanganum kynnast nemendur \u00edslensku samf\u00e9lagi \u00ed gegnum b\u00ed\u00f3myndir, \u00fe\u00e6tti, t\u00f3nlist, o.fl. Unnin eru fj\u00f6lbreytt verkefni sem reyna \u00e1 ritun, tal og hlustun.", "knowledge_goals": ["\u00feeim or\u00f0afor\u00f0a sem nau\u00f0synlegur er til a\u00f0 n\u00e1 markmi\u00f0um \u00e1fangans.", "s\u00ednu n\u00e1nasta umhverfi og samf\u00e9lagi.", "\u00edslenskri menningu og \u00fev\u00ed sem er efst \u00e1 baugi \u00ed \u00edslenskum samt\u00edma."], "skills_goals": ["sko\u00f0a og skilgreina \u00edslenskt samf\u00e9lag fyrr og n\u00fa.", "taka \u00fe\u00e1tt \u00ed samr\u00e6\u00f0um um efni sem tengist innihaldi \u00e1fangans.", "tj\u00e1 sig \u00e1 \u00edslensku um efni \u00e1fangans, b\u00e6\u00f0i \u00ed ritu\u00f0u og m\u00e6ltu m\u00e1li."], "credits": 5, "last_modified": 1558362795.072965, "schools": ["512352c28caa45ed97015b48"], "coauthors": null, "instructions": "", "continued_education": false, "level": 2, "prerequisites": "Tv\u00e6r annir \u00ed \u00edslensku sem anna\u00f0 m\u00e1l vi\u00f0 T\u00e6knisk\u00f3lann e\u00f0a anna\u00f0 samb\u00e6rilegt n\u00e1m.", "author": "5ab4bf42-9e24-478d-8959-babc271df6b5", "abbreviation_version": null, "competence_goals": [["skilja \u00edslenskt samf\u00e9lag.", ""], ["fylgjast me\u00f0 \u00fev\u00ed sem er a\u00f0 gerast \u00e1 \u00cdslandi.", ""], ["taka \u00fe\u00e1tt \u00ed umr\u00e6\u00f0u um \u00edslenskt samf\u00e9lag.", ""], ["ver\u00f0a me\u00f0vita\u00f0ri um samf\u00e9lagi\u00f0 sem hann b\u00fdr \u00ed.", ""]], "_id": "5ce2baabe3d27fd17a0005fa"}, {"exemplary": null, "topics": "\u00cdslenska sem anna\u00f0 m\u00e1l - D", "abbreviation": "\u00cdSAN2\u00cdD05(DT)", "former_schools": null, "subject": "\u00edslenska sem anna\u00f0 m\u00e1l", "title": "\u00cdslenska sem anna\u00f0 m\u00e1l - 2D", "version": 6, "status_trans": "Sam\u00feykkt af sk\u00f3la", "embedded_subject": {"abbreviation": "\u00cdSAN", "topics": [{"abbreviation": "BF", "topics": ["\u00edslenska sem anna\u00f0 m\u00e1l"]}, {"abbreviation": "LM", "topics": ["lestur og m\u00e1lnotkun"]}, {"abbreviation": "BG", "topics": ["grunnur", "\u00edslenska sem anna\u00f0 m\u00e1l"]}, {"abbreviation": "LR", "topics": ["lestur og ritun"]}, {"abbreviation": "DD", "topics": ["\u00cdslenska sem anna\u00f0 m\u00e1l 2"]}, {"abbreviation": "AG", "topics": ["\u00cdslenska sem anna\u00f0 m\u00e1l alger grunnur 1"]}, {"abbreviation": "LE", "topics": ["Lestur"]}, {"abbreviation": "RI", "topics": ["Ritun"]}, {"abbreviation": "VM", "topics": ["Verkefna\u00e1fangi \u00ed m\u00e1lv\u00edsindum"]}, {"abbreviation": "BR", "topics": ["beygingarfr\u00e6\u00f0i", "ritun", "setningafr\u00e6\u00f0i"]}, {"abbreviation": "FB", "topics": ["b\u00f3kmenntir", "frams\u00f6gn", "ritun"]}, {"abbreviation": "MR", "topics": ["framsaga", "lestur", "m\u00e1lnotkun", "ritun"]}, {"abbreviation": "AB", "topics": ["atvinnul\u00edf", "b\u00f3kmenntir", "frams\u00f6gn", "ritun"]}, {"abbreviation": "OF", "topics": ["frambur\u00f0ur", "lestrarf\u00e6rni", "or\u00f0afor\u00f0i", "tj\u00e1ning"]}, {"abbreviation": "GR", "topics": ["Grunn\u00e1fangi"]}, {"abbreviation": "FR", "topics": ["Framhalds\u00e1fangi 2"]}, {"abbreviation": "GA", "topics": ["frambur\u00f0ur", "hlustun", "or\u00f0afor\u00f0i", "tal og lestrarf\u00e6rni"]}, {"abbreviation": "GB", "topics": ["frambur\u00f0ur", "hlustun", "lestrarf\u00e6rni", "or\u00f0afor\u00f0i", "tal"]}, {"abbreviation": "KV", "topics": ["Kvikmyndir"]}, {"abbreviation": "BY", "topics": ["Byrjenda\u00e1fangi"]}, {"abbreviation": "FA", "topics": ["Framhalds\u00e1fangi A"]}, {"abbreviation": "FF", "topics": ["frams\u00f6gn", "hlustun", "ritun", "\u00edslenskt samf\u00e9lag"]}, {"abbreviation": "SF", "topics": ["frams\u00f6gn", "hlustun", "\u00edslenskt samf\u00e9lag"]}, {"abbreviation": "\u00cdA", "topics": ["\u00cdslenska sem anna\u00f0 m\u00e1l - A"]}, {"abbreviation": "\u00cdB", "topics": ["\u00cdslenska sem anna\u00f0 m\u00e1l - B"]}, {"abbreviation": "\u00cdC", "topics": ["\u00cdslenska sem anna\u00f0 m\u00e1l - C"]}, {"abbreviation": "\u00cdD", "topics": ["\u00cdslenska sem anna\u00f0 m\u00e1l - D"]}, {"abbreviation": "\u00cdE", "topics": ["\u00cdslenska sem anna\u00f0 m\u00e1l - E"]}, {"abbreviation": "\u00cdF", "topics": ["\u00cdslenska sem anna\u00f0 m\u00e1l - F"]}, {"abbreviation": "\u00cdG", "topics": ["\u00cdslenska sem anna\u00f0 m\u00e1l - G"]}, {"abbreviation": "N\u00c6", "topics": ["N\u00e6rumhverfi", "menning og tj\u00e1ning"]}, {"abbreviation": "KK", "topics": ["Samf\u00e9lag", "kvikmyndir"]}, {"abbreviation": "DL", "topics": ["Daglegt l\u00edf"]}], "_id": "50c0a02dd8e40575f7f6f4ac", "subjects": ["\u00edslenska sem anna\u00f0 m\u00e1l"], "counter": {"1": 10, "3": 0, "2": 2, "4": 0}}, "evaluation": "\u00c1fanginn er s\u00edmats\u00e1fangi. Mats\u00fe\u00e6ttir eru lag\u00f0ir fyrir yfir \u00f6nnina samkv\u00e6mt kennslu\u00e1\u00e6tlun. ", "categorization_suggestion": "DT", "embedded_topics": {"abbreviation": "\u00cdD", "topics": ["\u00cdslenska sem anna\u00f0 m\u00e1l - D"]}, "status": "approved by school", "description": "\u00c1fanginn er \u00e6tla\u00f0ur nemendum sem hafa loki\u00f0 \u00feremur \u00f6nnum \u00ed \u00edslensku. \u00cd \u00e1fanganum kynnast nemendur \u00edslenskri fj\u00f6lskyldu og l\u00e6ra or\u00f0afor\u00f0a tengdan daglegu l\u00edfi f\u00f3lks \u00e1 \u00cdslandi. \u00de\u00e1 \u00f6\u00f0last \u00feeir jafnframt inns\u00fdn \u00ed l\u00edf hef\u00f0bundinnar \u00edslenskrar fj\u00f6lskyldu. Textarnir eru um fj\u00f6lbreytt efni, \u00fe.e. hva\u00f0eina sem \u00edslensk fj\u00f6lskylda tekur s\u00e9r fyrir hendur, og leyst eru verkefni \u00ed tengslum vi\u00f0 hvern texta, b\u00e6\u00f0i hva\u00f0 or\u00f0afor\u00f0a var\u00f0ar svo og innihald textanna. \u00de\u00e1 leysa nemendur jafnframt verkefni sem reyna \u00e1 m\u00e1lfr\u00e6\u00f0ikunn\u00e1ttu \u00feeirra.", "knowledge_goals": ["or\u00f0afor\u00f0a tengdum daglegu l\u00edfi hef\u00f0bundinnar \u00edslenskrar fj\u00f6lskyldu.", "s\u00e9rkennum \u00edslenskrar fj\u00f6lskyldu.", "daglegu l\u00edfi hef\u00f0bundinnar \u00edslenskrar fj\u00f6lskyldu.", "undirst\u00f6\u00f0uatri\u00f0um \u00edslenskrar m\u00e1lfr\u00e6\u00f0i."], "skills_goals": ["lesa texta \u00e1 hef\u00f0bundnu daglegu m\u00e1li.", "leysa nokku\u00f0 \u00feung verkefni \u00ed tengslum vi\u00f0 textana, t.d. a\u00f0 semja spurningar upp \u00far \u00feeim.", "lesa um daglegt l\u00edf \u00cdslendinga.", "leysa m\u00e1lfr\u00e6\u00f0iverkefni sem henta \u00feeirra stigi."], "credits": 5, "last_modified": 1558362970.386134, "schools": ["512352c28caa45ed97015b48"], "coauthors": null, "instructions": "", "continued_education": false, "level": 2, "prerequisites": "\u00derj\u00e1r annir \u00ed \u00edslensku sem anna\u00f0 m\u00e1l vi\u00f0 T\u00e6knisk\u00f3lann e\u00f0a anna\u00f0 samb\u00e6rilegt n\u00e1m.", "author": "5ab4bf42-9e24-478d-8959-babc271df6b5", "abbreviation_version": null, "competence_goals": [["lesa \u00fdmsa texta \u00e1 daglegu m\u00e1li s\u00e9r til gagns og gamans.", ""], ["tileinka s\u00e9r almennan or\u00f0afor\u00f0a um daglegt l\u00edf \u00e1 \u00cdslandi.", ""], ["\u00f6\u00f0last inns\u00fdn \u00ed daglegt l\u00edf hef\u00f0bundinna \u00cdslendinga, \u00e1hugam\u00e1l \u00feeirra, st\u00f6rf, fer\u00f0al\u00f6g o.\u00fe.h.", ""], ["gera grein fyrir \u00fdmsum \u00fe\u00e1ttum \u00edslensks fj\u00f6lskyldul\u00edfs sem kynntir eru \u00ed textunum.", ""], ["taka \u00fe\u00e1tt \u00ed samt\u00f6lum vi\u00f0 innf\u00e6dda m\u00e1lnotendur um daglegt l\u00edf \u00e1 \u00cdslandi.", ""], ["beita m\u00e1lfr\u00e6\u00f0ireglum sem hann hefur l\u00e6rt og \u00e6ft \u00ed virkri m\u00e1lnotkun, b\u00e6\u00f0i rita\u00f0ri og m\u00e6ltri.", ""], ["leggja stund \u00e1 n\u00e1m \u00e6tla\u00f0 \u00edslenskum nemendum \u00e1 framhaldssk\u00f3lastigi.", ""]], "_id": "5ce2bb5ae3d27fd17a00060f"}, {"exemplary": null, "topics": "\u00cdslenska sem anna\u00f0 m\u00e1l - E", "abbreviation": "\u00cdSAN2\u00cdE05(DT)", "former_schools": null, "subject": "\u00edslenska sem anna\u00f0 m\u00e1l", "title": "\u00cdslenska sem anna\u00f0 m\u00e1l - 2E", "version": 7, "status_trans": "Sam\u00feykkt af sk\u00f3la", "embedded_subject": {"abbreviation": "\u00cdSAN", "topics": [{"abbreviation": "BF", "topics": ["\u00edslenska sem anna\u00f0 m\u00e1l"]}, {"abbreviation": "LM", "topics": ["lestur og m\u00e1lnotkun"]}, {"abbreviation": "BG", "topics": ["grunnur", "\u00edslenska sem anna\u00f0 m\u00e1l"]}, {"abbreviation": "LR", "topics": ["lestur og ritun"]}, {"abbreviation": "DD", "topics": ["\u00cdslenska sem anna\u00f0 m\u00e1l 2"]}, {"abbreviation": "AG", "topics": ["\u00cdslenska sem anna\u00f0 m\u00e1l alger grunnur 1"]}, {"abbreviation": "LE", "topics": ["Lestur"]}, {"abbreviation": "RI", "topics": ["Ritun"]}, {"abbreviation": "VM", "topics": ["Verkefna\u00e1fangi \u00ed m\u00e1lv\u00edsindum"]}, {"abbreviation": "BR", "topics": ["beygingarfr\u00e6\u00f0i", "ritun", "setningafr\u00e6\u00f0i"]}, {"abbreviation": "FB", "topics": ["b\u00f3kmenntir", "frams\u00f6gn", "ritun"]}, {"abbreviation": "MR", "topics": ["framsaga", "lestur", "m\u00e1lnotkun", "ritun"]}, {"abbreviation": "AB", "topics": ["atvinnul\u00edf", "b\u00f3kmenntir", "frams\u00f6gn", "ritun"]}, {"abbreviation": "OF", "topics": ["frambur\u00f0ur", "lestrarf\u00e6rni", "or\u00f0afor\u00f0i", "tj\u00e1ning"]}, {"abbreviation": "GR", "topics": ["Grunn\u00e1fangi"]}, {"abbreviation": "FR", "topics": ["Framhalds\u00e1fangi 2"]}, {"abbreviation": "GA", "topics": ["frambur\u00f0ur", "hlustun", "or\u00f0afor\u00f0i", "tal og lestrarf\u00e6rni"]}, {"abbreviation": "GB", "topics": ["frambur\u00f0ur", "hlustun", "lestrarf\u00e6rni", "or\u00f0afor\u00f0i", "tal"]}, {"abbreviation": "KV", "topics": ["Kvikmyndir"]}, {"abbreviation": "BY", "topics": ["Byrjenda\u00e1fangi"]}, {"abbreviation": "FA", "topics": ["Framhalds\u00e1fangi A"]}, {"abbreviation": "FF", "topics": ["frams\u00f6gn", "hlustun", "ritun", "\u00edslenskt samf\u00e9lag"]}, {"abbreviation": "SF", "topics": ["frams\u00f6gn", "hlustun", "\u00edslenskt samf\u00e9lag"]}, {"abbreviation": "\u00cdA", "topics": ["\u00cdslenska sem anna\u00f0 m\u00e1l - A"]}, {"abbreviation": "\u00cdB", "topics": ["\u00cdslenska sem anna\u00f0 m\u00e1l - B"]}, {"abbreviation": "\u00cdC", "topics": ["\u00cdslenska sem anna\u00f0 m\u00e1l - C"]}, {"abbreviation": "\u00cdD", "topics": ["\u00cdslenska sem anna\u00f0 m\u00e1l - D"]}, {"abbreviation": "\u00cdE", "topics": ["\u00cdslenska sem anna\u00f0 m\u00e1l - E"]}, {"abbreviation": "\u00cdF", "topics": ["\u00cdslenska sem anna\u00f0 m\u00e1l - F"]}, {"abbreviation": "\u00cdG", "topics": ["\u00cdslenska sem anna\u00f0 m\u00e1l - G"]}, {"abbreviation": "N\u00c6", "topics": ["N\u00e6rumhverfi", "menning og tj\u00e1ning"]}, {"abbreviation": "KK", "topics": ["Samf\u00e9lag", "kvikmyndir"]}, {"abbreviation": "DL", "topics": ["Daglegt l\u00edf"]}], "_id": "50c0a02dd8e40575f7f6f4ac", "subjects": ["\u00edslenska sem anna\u00f0 m\u00e1l"], "counter": {"1": 10, "3": 0, "2": 2, "4": 0}}, "evaluation": "\u00c1fanginn er s\u00edmats\u00e1fangi. Mats\u00fe\u00e6ttir eru lag\u00f0ir fyrir yfir \u00f6nnina samkv\u00e6mt kennslu\u00e1\u00e6tlun. ", "categorization_suggestion": "DT", "embedded_topics": {"abbreviation": "\u00cdE", "topics": ["\u00cdslenska sem anna\u00f0 m\u00e1l - E"]}, "status": "approved by school", "description": "\u00cd \u00e1fanganum lesa nemendur og hlusta \u00e1 margv\u00edslega texta, auk \u00feess a\u00f0 horfa \u00e1 myndb\u00f6nd og leysa verkefni tengd \u00feeim. \u00deeir hlusta m.a. \u00e1 og lesa texta um ungt f\u00f3lk sem er a\u00f0 st\u00edga s\u00edn fyrstu skref \u00ed heimi hinna fullor\u00f0nu og daglegar athafnir \u00feess, texta um \u00edslenskt samf\u00e9lag, svo og texta um almenningsv\u00edsindi. \u00deeir taka \u00fe\u00e1tt \u00ed samt\u00f6lum sem reyna \u00e1 getu \u00feeirra til a\u00f0 f\u00e6ra r\u00f6k fyrir m\u00e1li s\u00ednu. L\u00f6g\u00f0 er \u00e1hersla \u00e1 a\u00f0 nemendur s\u00e9u virkir \u00ed a\u00f0 spyrja um merkingu texta og or\u00f0a, og beri \u00feannig aukna \u00e1byrg\u00f0 \u00e1 tileinkun tungum\u00e1lsins. Tilteknir textar eru lesnir \u00edtarlega og a\u00f0rir yfirbor\u00f0slega, \u00fev\u00ed hvort tveggja er nau\u00f0synlegt a\u00f0 kunna \u00feegar n\u00fdtt tungum\u00e1l er l\u00e6rt.", "knowledge_goals": ["or\u00f0afor\u00f0a sem tengist daglegu l\u00edfi \u00e1 \u00cdslandi.", "or\u00f0afor\u00f0a sem tengist \u00f3l\u00edkum \u00fe\u00e1ttum \u00edslensks samf\u00e9lags.", "m\u00e6ltu m\u00e1li \u00e1 \u00edslensku \u00e1 \u00feeim hra\u00f0a sem t\u00ed\u00f0kast me\u00f0al \u00cdslendinga.", "yfirbor\u00f0slestri almannav\u00edsindatexta.", "\u00e1horfi og hlustun \u00e1 efni um \u00edslenskt samf\u00e9lag."], "skills_goals": ["lesa og hlusta \u00e1 \u00edslenska texta um daglegt l\u00edf \u00e1 \u00cdslandi.", "lesa og hlusta \u00e1 texta um \u00edslenskt samf\u00e9lag.", "f\u00e6ra r\u00f6k fyrir m\u00e1li s\u00ednu.", "lesa og hlusta \u00e1 almannav\u00edsindatexta.", "hlusta og/e\u00f0a horfa \u00e1 \u00fatvarps- og/e\u00f0a sj\u00f3nvarpsefni."], "credits": 5, "last_modified": 1558363010.608389, "schools": ["512352c28caa45ed97015b48"], "coauthors": null, "instructions": "", "continued_education": false, "level": 2, "prerequisites": "\u00derj\u00e1r annir \u00ed \u00edslensku sem anna\u00f0 m\u00e1l vi\u00f0 T\u00e6knisk\u00f3lann e\u00f0a anna\u00f0 samb\u00e6rilegt n\u00e1m.", "author": "5ab4bf42-9e24-478d-8959-babc271df6b5", "abbreviation_version": null, "competence_goals": [["svara spurningum, munnlega og skriflega, \u00far \u00fdtarlega lesnum textum.", ""], ["greina fr\u00e1 meginefni allfl\u00f3kinna texta (yfirbor\u00f0slestur).", ""], ["skrifa stuttar ritger\u00f0ir um innihald \u00edslenskra sj\u00f3nvarps\u00fe\u00e1tta.", ""], ["taka \u00fe\u00e1tt \u00ed r\u00f6kr\u00e6\u00f0um um sn\u00fain vi\u00f0fangsefni.", ""], ["gera grein fyrir \u00fdmsum \u00fe\u00e1ttum \u00edslensks samf\u00e9lags sem kynntir eru \u00ed textanum.", ""], ["taka \u00fe\u00e1tt \u00ed samt\u00f6lum vi\u00f0 innf\u00e6dda m\u00e1lnotendur um hin \u00fdmsu m\u00e1lefni.", ""], ["leggja stund \u00e1 n\u00e1m \u00e6tla\u00f0 \u00edslenskum nemendum \u00e1 framhaldssk\u00f3lastigi.", ""]], "_id": "5ce2bb82e3d27fd17a000615"}, {"exemplary": null, "topics": "\u00cdslenska sem anna\u00f0 m\u00e1l - F", "abbreviation": "\u00cdSAN2\u00cdF05(DT)", "former_schools": null, "subject": "\u00edslenska sem anna\u00f0 m\u00e1l", "title": "\u00cdslenska sem anna\u00f0 m\u00e1l - 2F", "version": 10, "status_trans": "Sam\u00feykkt af sk\u00f3la", "embedded_subject": {"abbreviation": "\u00cdSAN", "topics": [{"abbreviation": "BF", "topics": ["\u00edslenska sem anna\u00f0 m\u00e1l"]}, {"abbreviation": "LM", "topics": ["lestur og m\u00e1lnotkun"]}, {"abbreviation": "BG", "topics": ["grunnur", "\u00edslenska sem anna\u00f0 m\u00e1l"]}, {"abbreviation": "LR", "topics": ["lestur og ritun"]}, {"abbreviation": "DD", "topics": ["\u00cdslenska sem anna\u00f0 m\u00e1l 2"]}, {"abbreviation": "AG", "topics": ["\u00cdslenska sem anna\u00f0 m\u00e1l alger grunnur 1"]}, {"abbreviation": "LE", "topics": ["Lestur"]}, {"abbreviation": "RI", "topics": ["Ritun"]}, {"abbreviation": "VM", "topics": ["Verkefna\u00e1fangi \u00ed m\u00e1lv\u00edsindum"]}, {"abbreviation": "BR", "topics": ["beygingarfr\u00e6\u00f0i", "ritun", "setningafr\u00e6\u00f0i"]}, {"abbreviation": "FB", "topics": ["b\u00f3kmenntir", "frams\u00f6gn", "ritun"]}, {"abbreviation": "MR", "topics": ["framsaga", "lestur", "m\u00e1lnotkun", "ritun"]}, {"abbreviation": "AB", "topics": ["atvinnul\u00edf", "b\u00f3kmenntir", "frams\u00f6gn", "ritun"]}, {"abbreviation": "OF", "topics": ["frambur\u00f0ur", "lestrarf\u00e6rni", "or\u00f0afor\u00f0i", "tj\u00e1ning"]}, {"abbreviation": "GR", "topics": ["Grunn\u00e1fangi"]}, {"abbreviation": "FR", "topics": ["Framhalds\u00e1fangi 2"]}, {"abbreviation": "GA", "topics": ["frambur\u00f0ur", "hlustun", "or\u00f0afor\u00f0i", "tal og lestrarf\u00e6rni"]}, {"abbreviation": "GB", "topics": ["frambur\u00f0ur", "hlustun", "lestrarf\u00e6rni", "or\u00f0afor\u00f0i", "tal"]}, {"abbreviation": "KV", "topics": ["Kvikmyndir"]}, {"abbreviation": "BY", "topics": ["Byrjenda\u00e1fangi"]}, {"abbreviation": "FA", "topics": ["Framhalds\u00e1fangi A"]}, {"abbreviation": "FF", "topics": ["frams\u00f6gn", "hlustun", "ritun", "\u00edslenskt samf\u00e9lag"]}, {"abbreviation": "SF", "topics": ["frams\u00f6gn", "hlustun", "\u00edslenskt samf\u00e9lag"]}, {"abbreviation": "\u00cdA", "topics": ["\u00cdslenska sem anna\u00f0 m\u00e1l - A"]}, {"abbreviation": "\u00cdB", "topics": ["\u00cdslenska sem anna\u00f0 m\u00e1l - B"]}, {"abbreviation": "\u00cdC", "topics": ["\u00cdslenska sem anna\u00f0 m\u00e1l - C"]}, {"abbreviation": "\u00cdD", "topics": ["\u00cdslenska sem anna\u00f0 m\u00e1l - D"]}, {"abbreviation": "\u00cdE", "topics": ["\u00cdslenska sem anna\u00f0 m\u00e1l - E"]}, {"abbreviation": "\u00cdF", "topics": ["\u00cdslenska sem anna\u00f0 m\u00e1l - F"]}, {"abbreviation": "\u00cdG", "topics": ["\u00cdslenska sem anna\u00f0 m\u00e1l - G"]}, {"abbreviation": "N\u00c6", "topics": ["N\u00e6rumhverfi", "menning og tj\u00e1ning"]}, {"abbreviation": "KK", "topics": ["Samf\u00e9lag", "kvikmyndir"]}, {"abbreviation": "DL", "topics": ["Daglegt l\u00edf"]}, {"abbreviation": "LG", "topics": ["Lestur g\u00f3\u00f0ra b\u00f3ka"]}], "_id": "50c0a02dd8e40575f7f6f4ac", "subjects": ["\u00edslenska sem anna\u00f0 m\u00e1l"], "counter": {"1": 18, "3": 3, "2": 9, "4": 0}}, "evaluation": "\u00c1fanginn er s\u00edmats\u00e1fangi. Mats\u00fe\u00e6ttir eru lag\u00f0ir fyrir yfir \u00f6nnina samkv\u00e6mt kennslu\u00e1\u00e6tlun. ", "categorization_suggestion": "DT", "embedded_topics": {"abbreviation": "\u00cdF", "topics": ["\u00cdslenska sem anna\u00f0 m\u00e1l - F"]}, "status": "approved by school", "description": "\u00c1fanginn er \u00e6tla\u00f0ur nemendum sem hafa loki\u00f0 \u00feremur \u00f6nnum \u00ed \u00edslensku. \u00c1fanginn felur \u00ed s\u00e9r kynningu \u00e1 n\u00e1mi \u00e1 framhaldssk\u00f3lastigi \u00ed \u00edslenskum framhaldssk\u00f3lum. A\u00f0allega er um a\u00f0 r\u00e6\u00f0a i\u00f0nn\u00e1m og anna\u00f0 verkn\u00e1m \u00e1 framhaldssk\u00f3lastigi. Nemendur hlusta \u00e1 og lesa texta \u00ed hverjum t\u00edma og leysa verkefni tengd textanum. Hver texti er jafnframt nota\u00f0ur til a\u00f0 \u00e6fa tiltekin m\u00e1lfr\u00e6\u00f0iatri\u00f0i me\u00f0 m\u00e1lfr\u00e6\u00f0i\u00e6fingum. Tilgangurinn er a\u00f0 b\u00e6ta or\u00f0afor\u00f0a og \u00edslenskukunn\u00e1ttu nemendanna en jafnframt a\u00f0 veita erlendum nemendum inns\u00fdn \u00ed n\u00e1msm\u00f6guleika \u00e1 framhaldssk\u00f3lastigi \u00e1 \u00cdslandi, b\u00e6\u00f0i til a\u00f0 uppl\u00fdsa \u00fe\u00e1 um t\u00e6kif\u00e6rin en ekki hva\u00f0 s\u00edst til a\u00f0 hvetja \u00fe\u00e1 til frekara n\u00e1ms.", "knowledge_goals": ["or\u00f0afor\u00f0a sem tengist n\u00e1mi og starfi \u00e1 \u00cdslandi.", "hinum \u00fdmsu n\u00e1msbrautum sem \u00ed bo\u00f0i eru \u00e1 framhaldssk\u00f3lastigi.", "m\u00e1lfr\u00e6\u00f0iatri\u00f0um sem rifju\u00f0 eru upp til a\u00f0 vi\u00f0halda fyrri m\u00e1lfr\u00e6\u00f0i\u00feekkingu.", "helstu s\u00e9rkennum m\u00e6lts m\u00e1ls \u00ed hlustunarverkefnum."], "skills_goals": ["lesa texta um n\u00e1m og st\u00f6rf ungmenna \u00e1 \u00cdslandi.", "leysa hin \u00fdmsu verkefni, \u00e6fa or\u00f0afor\u00f0a.", "svara spurningum \u00ed tengslum vi\u00f0 texta um s\u00e9rh\u00e6f\u00f0 vi\u00f0fangsefni \u00e1 bor\u00f0 vi\u00f0 framhaldssk\u00f3lan\u00e1m.", "skilja m\u00e6lt m\u00e1l um n\u00e1m og st\u00f6rf ungs f\u00f3lks.", "tileinka s\u00e9r m\u00e1lfr\u00e6\u00f0ina sem \u00e6f\u00f0 er \u00ed tengslum vi\u00f0 textana.", "kynna s\u00e9r \u00fdmislegt til vi\u00f0b\u00f3tar um n\u00e1m \u00e1 framhaldssk\u00f3lastigi."], "credits": 5, "last_modified": 1579783309.242583, "schools": ["512352c28caa45ed97015b48"], "coauthors": null, "instructions": "", "continued_education": false, "level": 2, "prerequisites": "\u00derj\u00e1r annir \u00ed \u00edslensku sem anna\u00f0 m\u00e1l vi\u00f0 T\u00e6knisk\u00f3lann e\u00f0a anna\u00f0 samb\u00e6rilegt n\u00e1m.", "author": "5ab4bf42-9e24-478d-8959-babc271df6b5", "abbreviation_version": null, "competence_goals": [["geta lesi\u00f0, rita\u00f0 og r\u00e6tt um n\u00e1msframbo\u00f0 fyrir ungt f\u00f3lk \u00e1 \u00cdslandi.", ""], ["geta kynnt s\u00e9r \u00e1 \u00fdtarlegri h\u00e1tt hva\u00f0 hinar \u00fdmsu n\u00e1msbrautir fela \u00ed s\u00e9r.", ""], ["skilja \u00feegar tala\u00f0 er um n\u00e1m og st\u00f6rf og geta teki\u00f0 \u00fe\u00e1tt \u00ed samr\u00e6\u00f0um um vi\u00f0fangsefnin.", ""], ["geta n\u00fdtt s\u00e9r \u00e1 hagn\u00fdtan h\u00e1tt m\u00e1lfr\u00e6\u00f0ina sem kennd er \u00ed tengslum vi\u00f0 textana.", ""], ["leggja stund \u00e1 n\u00e1m \u00e6tla\u00f0 \u00edslenskum nemendum \u00e1 framhaldssk\u00f3lastigi.", ""]], "_id": "5e29948de3d27fd39b00041a"}, {"exemplary": null, "topics": "Tal\u00e1fangi - A", "abbreviation": "\u00cdSAT1\u00cdA03(AT)", "former_schools": null, "subject": "\u00cdslenska sem anna\u00f0 m\u00e1l - tal\u00e1fangi", "title": "\u00cdslenska sem anna\u00f0 m\u00e1l - tal\u00e1fangi 1A", "version": 1, "status_trans": "Sam\u00feykkt af sk\u00f3la", "embedded_subject": {"abbreviation": "\u00cdSAT", "topics": [{"abbreviation": "\u00cdA", "topics": ["Tal\u00e1fangi - A"]}, {"abbreviation": "\u00cdB", "topics": ["Tal\u00e1fangi - B"]}, {"abbreviation": "\u00cdC", "topics": ["Tal\u00e1fangi - C"]}], "_id": "5ce2b435e3d27fd17a000571", "subjects": ["\u00cdslenska sem anna\u00f0 m\u00e1l - tal\u00e1fangi"], "counter": {"1": 0, "3": 0, "2": 0, "4": 0}}, "evaluation": "\u00c1fanginn er s\u00edmats\u00e1fangi. Mats\u00fe\u00e6ttir eru lag\u00f0ir fyrir yfir \u00f6nnina samkv\u00e6mt kennslu\u00e1\u00e6tlun. ", "categorization_suggestion": "AT", "embedded_topics": {"abbreviation": "\u00cdA", "topics": ["Tal\u00e1fangi - A"]}, "status": "approved by school", "description": "\u00c1fanginn er \u00e6tla\u00f0ur byrjendum \u00ed \u00edslensku og engrar kunn\u00e1ttu er krafist. \u00c1hersla er l\u00f6g\u00f0 \u00e1 a\u00f0 byggja upp or\u00f0afor\u00f0a sem var\u00f0ar daglegt l\u00edf \u00ed \u00edslensku samf\u00e9lagi, mynda einfaldar setningar og taka \u00fe\u00e1tt \u00ed einf\u00f6ldum samr\u00e6\u00f0um, sem gerir \u00feeim kleift a\u00f0 bjarga s\u00e9r af eigin rammleik vi\u00f0 algengar a\u00f0st\u00e6\u00f0ur.", "knowledge_goals": ["\u00feeim or\u00f0afor\u00f0a sem nau\u00f0synlegur er til a\u00f0 n\u00e1 markmi\u00f0um \u00e1fangans.", "grundvallar\u00fe\u00e1ttum \u00edslenska m\u00e1lkerfisins.", "frambur\u00f0i \u00edslenskra m\u00e1lhlj\u00f3\u00f0a."], "skills_goals": ["skilja tala\u00f0 m\u00e1l um kunnugleg efni \u00feegar tala\u00f0 er h\u00e6gt og sk\u00fdrt.", "fylgja einf\u00f6ldum fyrirm\u00e6lum.", "lesa einfalda texta sem innihalda algengan or\u00f0afor\u00f0a sem tengist nemandanum, umhverfi hans og \u00e1hugam\u00e1lum og vinna \u00far \u00feeim \u00e1 mismunandi h\u00e1tt eftir \u00fev\u00ed hver tilgangur me\u00f0 lestrinum er hverju sinni.", "taka \u00fe\u00e1tt \u00ed einf\u00f6ldum samr\u00e6\u00f0um um efni sem hann \u00feekkir e\u00f0a hefur \u00e1huga \u00e1.", "segja \u00e1 einfaldan h\u00e1tt fr\u00e1 sj\u00e1lfum s\u00e9r, fj\u00f6lskyldu sinni og ath\u00f6fnum og atbur\u00f0um daglegs l\u00edfs me\u00f0 \u00fev\u00ed a\u00f0 beita or\u00f0afor\u00f0a og frambur\u00f0i \u00e1 sem r\u00e9ttastan h\u00e1tt."], "credits": 3, "last_modified": 1558361214.889049, "schools": ["512352c28caa45ed97015b48"], "coauthors": null, "instructions": "", "continued_education": false, "level": 1, "prerequisites": "", "author": "5ab4bf42-9e24-478d-8959-babc271df6b5", "abbreviation_version": null, "competence_goals": [["greina einfaldar uppl\u00fdsingar \u00ed m\u00e6ltu m\u00e1li.", ""], ["skilja einfalda texta.", ""], ["taka \u00fe\u00e1tt \u00ed einf\u00f6ldum samr\u00e6\u00f0um.", ""], ["segja fr\u00e1 pers\u00f3nulegum h\u00f6gum sem og einf\u00f6ldum sta\u00f0reyndum um kunnugleg efni.", ""]], "_id": "5ce2b47ee3d27fd17a000575"}, {"exemplary": null, "topics": "Tal\u00e1fangi - B", "abbreviation": "\u00cdSAT1\u00cdB03(BT)", "former_schools": null, "subject": "\u00cdslenska sem anna\u00f0 m\u00e1l - tal\u00e1fangi", "title": "\u00cdslenska sem anna\u00f0 m\u00e1l - tal\u00e1fangi 1B", "version": 2, "status_trans": "Sam\u00feykkt af sk\u00f3la", "embedded_subject": {"abbreviation": "\u00cdSAT", "topics": [{"abbreviation": "\u00cdA", "topics": ["Tal\u00e1fangi - A"]}, {"abbreviation": "\u00cdB", "topics": ["Tal\u00e1fangi - B"]}, {"abbreviation": "\u00cdC", "topics": ["Tal\u00e1fangi - C"]}], "_id": "5ce2b435e3d27fd17a000571", "subjects": ["\u00cdslenska sem anna\u00f0 m\u00e1l - tal\u00e1fangi"], "counter": {"1": 0, "3": 0, "2": 0, "4": 0}}, "evaluation": "\u00c1fanginn er s\u00edmats\u00e1fangi. Mats\u00fe\u00e6ttir eru lag\u00f0ir fyrir yfir \u00f6nnina samkv\u00e6mt kennslu\u00e1\u00e6tlun. ", "categorization_suggestion": "BT", "embedded_topics": {"abbreviation": "\u00cdB", "topics": ["Tal\u00e1fangi - B"]}, "status": "approved by school", "description": "\u00c1fanginn er \u00e6tla\u00f0ur nemendum sem hafa loki\u00f0 einni \u00f6nn \u00ed \u00edslensku. Markmi\u00f0 \u00e1fangans er a\u00f0 n\u00fdta \u00fe\u00e1 \u00feekkingu sem nemendur hafa \u00ed \u00edslensku til \u00feess a\u00f0 \u00f6rva skilning, hlustun, skrif, r\u00f6khugsun og tal. Til \u00feess a\u00f0 n\u00e1 fram \u00feessum markmi\u00f0um er or\u00f0afor\u00f0i \u00fej\u00e1lfa\u00f0ur me\u00f0 krossg\u00e1tum, umr\u00e6\u00f0um, hlustun, samt\u00f6lum og skrifum.", "knowledge_goals": ["\u00feeim or\u00f0afor\u00f0a sem er nota\u00f0ur til a\u00f0 m\u00e6ta h\u00e6fnivi\u00f0mi\u00f0um \u00ferepsins.", "r\u00e9ttum frambur\u00f0i, \u00e1herslum og hrynjandi tungum\u00e1lsins.", "mismunandi tj\u00e1ningarm\u00e1ta."], "skills_goals": ["beita or\u00f0afor\u00f0a sem hann r\u00e6\u00f0ur yfir.", "lesa mismunandi texta.", "taka \u00fe\u00e1tt \u00ed almennum umr\u00e6\u00f0um um efni \u00e1fangans."], "credits": 3, "last_modified": 1558362072.469982, "schools": ["512352c28caa45ed97015b48"], "coauthors": null, "instructions": "", "continued_education": false, "level": 1, "prerequisites": "Ein \u00f6nn \u00ed \u00edslensku sem anna\u00f0 m\u00e1l vi\u00f0 T\u00e6knisk\u00f3lann e\u00f0a anna\u00f0 samb\u00e6rilegt n\u00e1m. ", "author": "5ab4bf42-9e24-478d-8959-babc271df6b5", "abbreviation_version": null, "competence_goals": [["beita vi\u00f0eigandi m\u00e1l- og samskiptavenjum.", ""], ["tj\u00e1 sko\u00f0un s\u00edna.", ""], ["mi\u00f0la eigin \u00feekkingu, sko\u00f0unum og tilfinningum.", ""]], "_id": "5ce2b7d8e3d27fd17a0005bd"}, {"exemplary": null, "topics": "Tal\u00e1fangi - C", "abbreviation": "\u00cdSAT1\u00cdC03(BT)", "former_schools": null, "subject": "\u00cdslenska sem anna\u00f0 m\u00e1l - tal\u00e1fangi", "title": "\u00cdslenska sem anna\u00f0 m\u00e1l - tal\u00e1fangi 1C", "version": 3, "status_trans": "Sam\u00feykkt af sk\u00f3la", "embedded_subject": {"abbreviation": "\u00cdSAT", "topics": [{"abbreviation": "\u00cdA", "topics": ["Tal\u00e1fangi - A"]}, {"abbreviation": "\u00cdB", "topics": ["Tal\u00e1fangi - B"]}, {"abbreviation": "\u00cdC", "topics": ["Tal\u00e1fangi - C"]}], "_id": "5ce2b435e3d27fd17a000571", "subjects": ["\u00cdslenska sem anna\u00f0 m\u00e1l - tal\u00e1fangi"], "counter": {"1": 0, "3": 0, "2": 0, "4": 0}}, "evaluation": "\u00c1fanginn er s\u00edmats\u00e1fangi. Mats\u00fe\u00e6ttir eru lag\u00f0ir fyrir yfir \u00f6nnina samkv\u00e6mt kennslu\u00e1\u00e6tlun. ", "categorization_suggestion": "BT", "embedded_topics": {"abbreviation": "\u00cdC", "topics": ["Tal\u00e1fangi - C"]}, "status": "approved by school", "description": "\u00c1fanginn er \u00e6tla\u00f0ur nemendum sem hafa loki\u00f0 einni \u00f6nn \u00ed \u00edslensku. Markmi\u00f0 \u00e1fangans er a\u00f0 n\u00e1 g\u00f3\u00f0u valdi \u00e1 frambur\u00f0i og hrynjandi \u00ed \u00edslensku m\u00e1li, a\u00f0 skilja stutta einfalda texta, a\u00f0 l\u00e6ra a\u00f0 beygja algeng sagnor\u00f0 og loks a\u00f0 auka or\u00f0afor\u00f0a. Til \u00feess er lesin einf\u00f6ld saga og unnin m\u00e1lfr\u00e6\u00f0iverkefni \u00far texta s\u00f6gunnar.", "knowledge_goals": ["\u00feeim or\u00f0afor\u00f0a sem er nota\u00f0ur til a\u00f0 m\u00e6ta h\u00e6fnivi\u00f0mi\u00f0um \u00ferepsins.", "r\u00e9ttum frambur\u00f0i, \u00e1herslum og hrynjandi tungum\u00e1lsins.", "mismunandi tj\u00e1ningarm\u00e1ta."], "skills_goals": ["beita or\u00f0afor\u00f0a sem hann r\u00e6\u00f0ur yfir.", "lesa einfaldan texta og greina a\u00f0alatri\u00f0i hans.", "taka \u00fe\u00e1tt \u00ed almennum umr\u00e6\u00f0um um efni \u00e1fangans.", "beygja algengar sagnir."], "credits": 3, "last_modified": 1558362363.760391, "schools": ["512352c28caa45ed97015b48"], "coauthors": null, "instructions": "", "continued_education": false, "level": 1, "prerequisites": "Ein \u00f6nn \u00ed \u00edslensku sem anna\u00f0 m\u00e1l vi\u00f0 T\u00e6knisk\u00f3lann e\u00f0a anna\u00f0 samb\u00e6rilegt n\u00e1m. ", "author": "5ab4bf42-9e24-478d-8959-babc271df6b5", "abbreviation_version": null, "competence_goals": [["beita vi\u00f0eigandi m\u00e1l- og samskiptavenjum.", ""], ["tj\u00e1 sko\u00f0un s\u00edna.", ""], ["mi\u00f0la eigin \u00feekkingu, sko\u00f0unum og tilfinningum.", ""]], "_id": "5ce2b8fbe3d27fd17a0005d2"}, {"exemplary": null, "topics": "Tal\u00e1fangi - A", "abbreviation": "\u00cdSAT2\u00cdA03(CT)", "former_schools": null, "subject": "\u00cdslenska sem anna\u00f0 m\u00e1l - tal\u00e1fangi", "title": "\u00cdslenska sem anna\u00f0 m\u00e1l - tal\u00e1fangi 2A", "version": 1, "status_trans": "Sam\u00feykkt af sk\u00f3la", "embedded_subject": {"abbreviation": "\u00cdSAT", "topics": [{"abbreviation": "\u00cdA", "topics": ["Tal\u00e1fangi - A"]}, {"abbreviation": "\u00cdB", "topics": ["Tal\u00e1fangi - B"]}, {"abbreviation": "\u00cdC", "topics": ["Tal\u00e1fangi - C"]}], "_id": "5ce2b435e3d27fd17a000571", "subjects": ["\u00cdslenska sem anna\u00f0 m\u00e1l - tal\u00e1fangi"], "counter": {"1": 0, "3": 0, "2": 0, "4": 0}}, "evaluation": "\u00c1fanginn er s\u00edmats\u00e1fangi. Mats\u00fe\u00e6ttir eru lag\u00f0ir fyrir yfir \u00f6nnina samkv\u00e6mt kennslu\u00e1\u00e6tlun. ", "categorization_suggestion": "CT", "embedded_topics": {"abbreviation": "\u00cdA", "topics": ["Tal\u00e1fangi - A"]}, "status": "approved by school", "description": "\u00c1fanginn er \u00e6tla\u00f0ur nemendum sem hafa loki\u00f0 tveimur \u00f6nnum \u00ed \u00edslensku. Markmi\u00f0i\u00f0 er a\u00f0 n\u00fdta \u00fe\u00e1 \u00feekkingu sem nemendur hafa \u00ed \u00edslensku til \u00feess a\u00f0 \u00f6rva skilning, hlustun, skrif, r\u00f6khugsun og tal. Til a\u00f0 n\u00e1 fram \u00feessum markmi\u00f0um er l\u00f6g\u00f0 \u00e1hersla \u00e1 umr\u00e6\u00f0ur um samf\u00e9lagi\u00f0 sem tungum\u00e1li\u00f0 er sprotti\u00f0 \u00far, hlustun, lestur og kynningar nemenda. Jafnframt er tj\u00e1ning og skilningur \u00e1 \u00edslensku \u00e6f\u00f0ur me\u00f0 spunaleikjum og dagb\u00f3karskrifum. ", "knowledge_goals": ["notkun tungum\u00e1lsins (munnlega og skriflega) til a\u00f0 m\u00e6ta h\u00e6fnivi\u00f0mi\u00f0um \u00ferepsins.", "mikilv\u00e6gi hlustunar.", "grundvallaruppbyggingu \u00fej\u00f3\u00f0f\u00e9lagsins og mismunandi vi\u00f0horfum og hef\u00f0um.", "or\u00f0afor\u00f0a og or\u00f0asamb\u00f6ndum til a\u00f0 m\u00e6ta h\u00e6fnivi\u00f0mi\u00f0um \u00ferepsins."], "skills_goals": ["mi\u00f0la efni sem hann hefur afla\u00f0 s\u00e9r \u00feekkingar \u00e1, \u00ed r\u00e6\u00f0u jafnt sem riti.", "greina \u00e1 milli einfalds talm\u00e1ls og ritm\u00e1ls.", "nota or\u00f0afor\u00f0a sinn til \u00feess a\u00f0 tala \u00edslensku og tj\u00e1 sig.", "leysa verkefni \u00ed tengslum vi\u00f0 hlustun.", "skrifa dagb\u00f3k og a\u00f0 kynna efni \u00ed tengslum vi\u00f0 eigi\u00f0 land og \u00fej\u00f3\u00f0.", "mi\u00f0la eigin \u00feekkingu, sko\u00f0unum og tilfinningum sem og pers\u00f3nulegri reynslu, vonum og v\u00e6ntingum.", "r\u00f6ksty\u00f0ja m\u00e1l sitt \u00ed stuttum fyrirlestrum \u00ed tengslum vi\u00f0 lesefni \u00e1fangans.", "skilja innihald \u00edslenskrar kvikmyndar og geta endursagt \u00fea\u00f0 \u00ed stuttu m\u00e1li.", "skrifa stutta samantekt sem byggir \u00e1 tilteknu \u00feema, til d\u00e6mis kvikmynd e\u00f0a bla\u00f0agrein."], "credits": 3, "last_modified": 1558362850.755479, "schools": ["512352c28caa45ed97015b48"], "coauthors": null, "instructions": "", "continued_education": false, "level": 2, "prerequisites": "Tv\u00e6r annir \u00ed \u00edslensku sem anna\u00f0 m\u00e1l vi\u00f0 T\u00e6knisk\u00f3lann e\u00f0a anna\u00f0 samb\u00e6rilegt n\u00e1m.", "author": "5ab4bf42-9e24-478d-8959-babc271df6b5", "abbreviation_version": null, "competence_goals": [["mi\u00f0la \u00e1 einfaldan h\u00e1tt eigin \u00feekkingu, sko\u00f0unum og tilfinningum sem og pers\u00f3nulegri reynslu.", ""], ["skrifa stuttan texta bygg\u00f0an t.d. \u00e1 kvikmynd e\u00f0a bla\u00f0agrein.", ""], ["\u00fatsk\u00fdra og r\u00f6ksty\u00f0ja m\u00e1l sitt \u00ed skrifu\u00f0u og t\u00f6lu\u00f0u m\u00e1li.", ""], ["taka \u00fe\u00e1tt \u00ed sko\u00f0anaskiptum og f\u00e6ra r\u00f6k fyrir m\u00e1li s\u00ednu.", ""], ["tj\u00e1 sig \u00e1 sk\u00fdran og \u00e1heyrilegan h\u00e1tt.", ""], ["skilja daglegt m\u00e1l hvort sem hann \u00feekkir umr\u00e6\u00f0uefni\u00f0 e\u00f0a ekki.", ""], ["geta \u00fatsk\u00fdrt sj\u00f3narmi\u00f0 sitt var\u00f0andi efni sem er ofarlega \u00e1 baugi \u00ed samf\u00e9laginu.", ""], ["skilja einfaldar samr\u00e6\u00f0ur milli manna.", ""]], "_id": "5ce2bae2e3d27fd17a000603"}, {"exemplary": null, "topics": "Tal\u00e1fangi - B", "abbreviation": "\u00cdSAT2\u00cdB03(DT)", "former_schools": null, "subject": "\u00cdslenska sem anna\u00f0 m\u00e1l - tal\u00e1fangi", "title": "\u00cdslenska sem anna\u00f0 m\u00e1l - tal\u00e1fangi 2B", "version": 4, "status_trans": "Sam\u00feykkt af sk\u00f3la", "embedded_subject": {"abbreviation": "\u00cdSAT", "topics": [{"abbreviation": "\u00cdA", "topics": ["Tal\u00e1fangi - A"]}, {"abbreviation": "\u00cdB", "topics": ["Tal\u00e1fangi - B"]}, {"abbreviation": "\u00cdC", "topics": ["Tal\u00e1fangi - C"]}], "_id": "5ce2b435e3d27fd17a000571", "subjects": ["\u00cdslenska sem anna\u00f0 m\u00e1l - tal\u00e1fangi"], "counter": {"1": 3, "3": 0, "2": 3, "4": 0}}, "evaluation": "\u00c1fanginn er s\u00edmats\u00e1fangi. Mats\u00fe\u00e6ttir eru lag\u00f0ir fyrir yfir \u00f6nnina samkv\u00e6mt kennslu\u00e1\u00e6tlun. ", "categorization_suggestion": "DT", "embedded_topics": {"abbreviation": "\u00cdB", "topics": ["Tal\u00e1fangi - B"]}, "status": "approved by school", "description": "\u00c1fanginn er \u00e6tla\u00f0ur nemendum sem hafa loki\u00f0 \u00feremur \u00f6nnum \u00ed \u00edslensku. Nemendur leysa \u00fdmis munnleg verkefni \u00ed kennslustundum. Sem d\u00e6mi m\u00e1 nefna hlutverkaleiki, h\u00f3psamt\u00f6l, hlustunar\u00e6fingar, stutta leik\u00fe\u00e6tti og spjall um myndas\u00f6gur. Einnig er miki\u00f0 unni\u00f0 me\u00f0 fr\u00e9ttir, b\u00e6\u00f0i hlustun og lestur \u00feeirrar. Myndas\u00f6gur og dagbla\u00f0agreinar eru jafnframt n\u00fdttar \u00feannig a\u00f0 nemendur l\u00fdsa myndunum og endursegja innihald greinanna. \u00de\u00e1 horfa nemendur einnig \u00e1 \u00edslenskar kvikmyndir og spila\u00f0ar eru hlustunar\u00e6fingar og s\u00f6ngl\u00f6g. A\u00f0al\u00e1hersla er l\u00f6g\u00f0 \u00e1 a\u00f0 auka virkan or\u00f0afor\u00f0a.", "knowledge_goals": ["s\u00e9rkennum m\u00e6ltrar \u00edslensku, b\u00e6\u00f0i me\u00f0 hlustun og tali.", "helstu einkennum dagslegs m\u00e6lts m\u00e1ls og hva\u00f0 a\u00f0greinir \u00fea\u00f0 fr\u00e1 ritm\u00e1li.", "fj\u00f6lbreytilegu talm\u00e1li og or\u00f0um sem tengjast \u00fev\u00ed fremur en ritm\u00e1li.", "hlustun \u00e1 m\u00e6lt m\u00e1l \u00ed fj\u00f6lmi\u00f0lum, til a\u00f0 mynda fr\u00e9ttaflutningi."], "skills_goals": ["tala saman tveir og tveir um vi\u00f0fangsefni sem \u00feeim eru \u00fathlutu\u00f0.", "taka \u00fe\u00e1tt \u00ed h\u00f3psamt\u00f6lum um \u201ekl\u00edpus\u00f6gur\u201c og f\u00e6ra r\u00f6k fyrir m\u00e1li s\u00ednu.", "hlusta \u00e1 upplesinn texta og samt\u00f6l tveggja e\u00f0a fleiri.", "horfa \u00e1 myndefni me\u00f0 tali og geta greint fr\u00e1 \u00fev\u00ed sem fram f\u00f3r.", "segja fr\u00e1 myndas\u00f6gu me\u00f0 eigin or\u00f0um.", "lesa stuttar fr\u00e9ttir og spyrja \u00fat \u00ed efni \u00feeirra og svara spurningum um hi\u00f0 sama."], "credits": 3, "last_modified": 1579783474.634753, "schools": ["512352c28caa45ed97015b48"], "coauthors": null, "instructions": "", "continued_education": false, "level": 2, "prerequisites": "\u00derj\u00e1r annir \u00ed \u00edslensku sem anna\u00f0 m\u00e1l vi\u00f0 T\u00e6knisk\u00f3lann e\u00f0a anna\u00f0 samb\u00e6rilegt n\u00e1m.", "author": "5ab4bf42-9e24-478d-8959-babc271df6b5", "abbreviation_version": null, "competence_goals": [["hlusta \u00e1 t.d. fr\u00e9ttir \u00ed \u00fatvarpi og sj\u00f3nvarpi s\u00e9r til gagns og \u00e1n\u00e6gju.", ""], ["skilja kvikmyndir og anna\u00f0 leiki\u00f0 efni \u00e1 \u00edslensku.", ""], ["skilja \u00feegar einn talar vi\u00f0 hann um \u00feekkt vi\u00f0fangsefni.", ""], ["skilja \u00feegar tveir e\u00f0a fleiri tala saman og nemandinn er \u00e1heyrandi fremur en \u00fe\u00e1tttakandi.", ""], ["tj\u00e1 sko\u00f0anir s\u00ednar \u00e1 \u00edslensku og f\u00e6rt r\u00f6k fyrir m\u00e1li s\u00ednu \u00ed tali vi\u00f0 a\u00f0ra.", ""], ["bera upp flest\u00f6ll erindi og spurningar \u00ed s\u00edma og skili\u00f0 \u00feegar a\u00f0rir gera sl\u00edkt hi\u00f0 sama.", ""]], "_id": "5e299532e3d27fd39b00042b"}]}], "description": "N\u00e1msbrautin er \u00e6tlu\u00f0 nemendum af erlendum uppruna. Nemendur me\u00f0 anna\u00f0 m\u00f3\u00f0urm\u00e1l en \u00edslensku hafa \u00f3l\u00edkan bakgrunn hva\u00f0 var\u00f0ar n\u00e1m, menningu og tungum\u00e1l. \u00deeir hafa mismikla undirst\u00f6\u00f0u \u00ed eigin tungum\u00e1li, l\u00e6si og n\u00e1mi og eru \u00fev\u00ed misjafnlega undirb\u00fanir a\u00f0 takast \u00e1 vi\u00f0 n\u00fdtt tungum\u00e1l \u00ed n\u00fdju umhverfi. \u00deeir hafa einnig veri\u00f0 mislengi \u00e1 \u00cdslandi og fengi\u00f0 \u00f3l\u00edk t\u00e6kif\u00e6ri til a\u00f0 kynnast \u00edslenskri tungu. N\u00e1msgreinin \u00edslenska sem anna\u00f0 m\u00e1l er \u00fev\u00ed ekki einungis tungum\u00e1lakennsla. Saman fara markmi\u00f0 \u00fear sem leitast er vi\u00f0 a\u00f0 \u00fej\u00e1lfa nemendur \u00ed \u00edslensku m\u00e1li, sem og menningarf\u00e6rni, og me\u00f0 \u00fev\u00ed stu\u00f0la a\u00f0 f\u00e9lagslegri vell\u00ed\u00f0an nemandans. \u00deau fela \u00ed s\u00e9r a\u00f0 n\u00fdja tungum\u00e1li\u00f0 s\u00e9 lykill a\u00f0 \u00edslensku samf\u00e9lagi, \u00edslensku sk\u00f3lastarfi, \u00edslensku atvinnuumhverfi og br\u00fai \u00f3l\u00edka menningarheima. Me\u00f0 n\u00e1mi \u00e1 brautinni er stefnt a\u00f0 \u00fev\u00ed a\u00f0 nemendur ver\u00f0i sem best \u00ed stakk b\u00fanir til a\u00f0 taka virkan \u00fe\u00e1tt \u00ed \u00edslensku, l\u00fd\u00f0r\u00e6\u00f0islegu \u00fej\u00f3\u00f0f\u00e9lagi. \u00dev\u00ed er l\u00f6g\u00f0 \u00e1hersla \u00e1 a\u00f0 n\u00e1ms\u00fe\u00e6ttirnir snerti pers\u00f3nulega f\u00e6rni, f\u00e9lagslega f\u00e6rni og a\u00f0 lokum starfsf\u00e6rni eftir \u00fev\u00ed sem framast er unnt. Brautin veitir ekki eiginleg r\u00e9ttindi, en me\u00f0 n\u00e1mi \u00e1 brautinni er nemendum gert kleift a\u00f0 auka m\u00f6guleika s\u00edna til n\u00e1ms og starfa \u00ed \u00edslensku samf\u00e9lagi. Eitt af lokamarkmi\u00f0um n\u00e1msins er a\u00f0 opna m\u00f6guleika nemenda \u00e1 frekara n\u00e1mi vi\u00f0 \u00edslenska framhaldssk\u00f3la.", "tags": "Augl\u00fdst \u00ed Stj\u00f3rnart\u00ed\u00f0indum 29.07.2020", "rules": "Sj\u00e1 sk\u00f3lareglur \u00ed g\u00e6\u00f0ahandb\u00f3k sk\u00f3lans.", "onsite_training": "", "programme_type": {"status": "Sam\u00feykkt", "exam": {"_types": ["Exam"], "_id": "4fb2704e874d802e5451c0b7", "description": "Nemandi me\u00f0 framhaldssk\u00f3lapr\u00f3f \u00e1 2. h\u00e6fni\u00ferepi hefur \u00f6\u00f0last h\u00e6fni til a\u00f0 tj\u00e1 sko\u00f0anir s\u00ednar og sk\u00fdra verklag tengt skilgreindu s\u00e9rsvi\u00f0i e\u00f0a starfsumhverfi \u00e1 \u00e1byrgan, sj\u00e1lfst\u00e6\u00f0an og sk\u00fdran h\u00e1tt.  Hann getur unni\u00f0 sj\u00e1lfst\u00e6tt  undir stj\u00f3rn yfirmanns. Hann byr yfir grundvallar\u00feekkingu, leikni og h\u00e6fni innan s\u00e9r\u00feekkingar e\u00f0a starfsvettvangs, getur skipulagt og forgangsra\u00f0a\u00f0 st\u00f6rfum s\u00ednum, veitt r\u00e1\u00f0gj\u00f6f og lei\u00f0beiningar \u00ed samr\u00e1\u00f0i vi\u00f0 yfirmann. Hann b\u00fdr yfir \u00e1byrg\u00f0 gagnvart starfi og starfsumhverfi og getur tengt \u00feekkingu s\u00edna og leikni vi\u00f0 starfsumhverfi og daglegt l\u00edf. ", "title": "Framhaldssk\u00f3lapr\u00f3f \u00e1 \u00f6\u00f0ru \u00ferepi", "level": 2, "number": "3", "subject_choice_programme_flag": null, "_cls": "Exam", "maximum_credits": 120.0, "all_onsite": null, "credits_ratio": {"1": {"max": 50.0, "min": 25.0}, "3": {"max": 10.0, "min": 0.0}, "2": {"max": 75.0, "min": 50.0}, "4": {"max": 0.0, "min": 0.0}}, "minimum_credits": 90.0}, "tags": ["verklag", "grundvallar\u00feekking", "\u00e1byrg\u00f0", "daglegt l\u00edf"], "title": "framhaldssk\u00f3lapr\u00f3f", "field_id": "4fb272c4874d802e5451c0bf", "field": {"field": "Almennt n\u00e1m", "subfield": "Almennt n\u00e1m, grunnn\u00e1m og st\u00fadentspr\u00f3f", "_id": "4fb272c4874d802e5451c0bf", "description": "Basic general programmes pre-primary, elementary, primary, secondary, etc.", "isced": "01"}, "exam_id": "4fb2704e874d802e5451c0b7", "_cls": null, "subject_choice_programme_description": null, "hidden": null, "description": "Nemandi me\u00f0 framhaldssk\u00f3lapr\u00f3f \u00e1 2. h\u00e6fni\u00ferepi hefur \u00f6\u00f0last h\u00e6fni til a\u00f0 tj\u00e1 sko\u00f0anir s\u00ednar og sk\u00fdra verklag tengt skilgreindu s\u00e9rsvi\u00f0i e\u00f0a starfsumhverfi \u00e1 \u00e1byrgan, sj\u00e1lfst\u00e6\u00f0an og sk\u00fdran h\u00e1tt.  Hann getur unni\u00f0 sj\u00e1lfst\u00e6tt  undir stj\u00f3rn yfirmanns. Hann byr yfir grundvallar\u00feekkingu, leikni og h\u00e6fni innan s\u00e9r\u00feekkingar e\u00f0a starfsvettvangs, getur skipulagt og forgangsra\u00f0a\u00f0 st\u00f6rfum s\u00ednum, veitt r\u00e1\u00f0gj\u00f6f og lei\u00f0beiningar \u00ed samr\u00e1\u00f0i vi\u00f0 yfirmann. Hann b\u00fdr yfir \u00e1byrg\u00f0 gagnvart starfi og starfsumhverfi og getur tengt \u00feekkingu s\u00edna og leikni vi\u00f0 starfsumhverfi og daglegt l\u00edf. "}, "free_choice_description": "Skylduf\u00f6g grunnn\u00e1msins eru 102 einingar, \u00fear af 5 einingar \u00ed ensku og 5 einingar \u00ed st\u00e6r\u00f0fr\u00e6\u00f0i. Einnig \u00feurfa nemendur a\u00f0 velja 13 einingar a\u00f0 auki \u00ed frj\u00e1lsu vali.", "credits": 115, "last_modified": 1597069381.936499, "exam_id": "4fb2704e874d802e5451c0b7", "title_of_core": null, "schools": ["512352c28caa45ed97015b48"], "free_choice_flag": true, "continued_education": false, "prerequisites": "N\u00e1msbrautin er opin \u00f6llum nemendum af erlendum uppruna sem n\u00e1\u00f0 hafa framhaldssk\u00f3laaldri, hver\nsvo sem n\u00e1mslegur bakgrunnur \u00feeirra er.\n", "target_groups": [], "competence_goals": ["geta hlusta\u00f0 \u00e1 tala\u00f0 m\u00e1l og skili\u00f0 merkingu \u00feess.", "geta tj\u00e1\u00f0 sig \u00e1 vi\u00f0eigandi h\u00e1tt um \u00f3l\u00edk efni b\u00e6\u00f0i munnlega og skriflega.", "hafa tr\u00fa \u00e1 eigin m\u00e1lakunn\u00e1ttu.", "geta teki\u00f0 \u00fe\u00e1tt \u00ed samr\u00e6\u00f0um um almenn m\u00e1lefni og nota\u00f0 vi\u00f0eigandi m\u00e1lfar og hlj\u00f3\u00f0fall.", "b\u00faa yfir fj\u00f6lbreyttum or\u00f0afor\u00f0a daglegs l\u00edfs.", "geta lesi\u00f0 texta \u00e1 \u00edslensku, s\u00e9r til fr\u00f3\u00f0leiks og \u00e1n\u00e6gju.", "hafa skilning \u00e1 m\u00e1lkerfi og eiginleikum \u00edslensku.", "gera s\u00e9r grein fyrir hvernig kunn\u00e1tta \u00ed \u00edslensku er lykill a\u00f0 margv\u00edslegum samskiptum."], "log": [], "organization": "N\u00e1mi\u00f0 \u00e1 brautinni skiptist \u00ed fj\u00f3rar annir og er megin\u00e1herslan \u00e1 \u00edslenskukennslu \u00e1 1. og 2. \u00ferepi (A1 \u2013 B2 skv. evr\u00f3pska tungum\u00e1larammanum). Mi\u00f0a\u00f0 er vi\u00f0 a\u00f0 taka nemendur inn \u00ed samr\u00e6mi vi\u00f0 getu \u00feeirra \u00ed \u00edslensku. \u00deannig geta sumir nemendur sleppt n\u00e1mi \u00ed 1. \u00fereps \u00e1f\u00f6ngum og sest beint \u00ed 2. \u00fereps \u00e1fanga. Einnig er bo\u00f0i\u00f0 upp \u00e1 3. \u00fereps \u00e1fanga (C1) \u00ed vali fyrir nemendur af erlendum uppruna sem stunda anna\u00f0 n\u00e1m innan sk\u00f3lans. A\u00f0 n\u00e1mi loknu geta nemendur \u00fatskrifast me\u00f0 115 ein. e\u00f0a innritast \u00ed anna\u00f0 skilgreint n\u00e1m \u00e1 framhaldssk\u00f3lastigi. Auk \u00edslensku\u00e1fanga eru \u00e1fangar \u00ed ensku, l\u00edfsleikni, st\u00e6r\u00f0fr\u00e6\u00f0i og uppl\u00fdsingat\u00e6kni, sem og \u00e1fangar \u00ed verkgreinum me\u00f0 \u00fea\u00f0 a\u00f0 markmi\u00f0i a\u00f0 nemendur kynnist \u00f6\u00f0rum greinum sem kenndar eru \u00ed sk\u00f3lanum. \u00deeir nemendur sem hafa g\u00f3\u00f0an grunn \u00ed ensku og st\u00e6r\u00f0fr\u00e6\u00f0i s\u00e6kja \u00e1fanga me\u00f0 \u00edslenskum nemendum. Allt n\u00e1m \u00e1 \u00cdslenskubraut er hugsa\u00f0 til undirb\u00fanings fyrir frekara n\u00e1m \u00e1 framhaldssk\u00f3lastigi.", "_id": "014c0d3b-feb1-4d5f-9a28-5573fc2f6b53", "programme_type_id": "5108f0eb62933a02ff0009a7"}