{"course_choice": [], "epoch_created": 1454582366.1395, "package_choice": [], "date_ministry_approval": 1534159142.353961, "competency": {"numbers_and_information": ["me\u00f0 \u00fev\u00ed a\u00f0 \u00fej\u00e1lfa markvisst talnalestur og t\u00falkun \u00e1 t\u00f6lulegum uppl\u00fdsingum", "\u00ed s\u00e9r\u00e1f\u00f6ngum brautar er miki\u00f0 unni\u00f0 me\u00f0 t\u00f6lur, t\u00f6lul\u00e6si og t\u00e6knil\u00e6si, gjarnan \u00ed gegnum t\u00f6lvuforrit"], "educational_competence": ["me\u00f0 \u00fev\u00ed a\u00f0 \u00fej\u00e1lfa nemendur \u00ed n\u00e1mst\u00e6kni \u00f3l\u00edkra n\u00e1msgreina", "\u00ed s\u00e9r\u00e1f\u00f6ngum n\u00fdsk\u00f6punar- og t\u00e6knibrautar eru nemendur hvattir til a\u00f0 flytja \u00feekkingu og f\u00e6rni milli \u00e1fanga og \u00ed loka\u00e1f\u00f6ngum \u00feurfa nemendur a\u00f0 n\u00fdta allt \u00fea\u00f0 sem \u00feeir hafa l\u00e6rt \u00ed fyrri \u00e1f\u00f6ngum og s\u00fdna fram \u00e1 h\u00e6fni s\u00edna \u00ed heild", "me\u00f0 \u00fev\u00ed a\u00f0 \u00fej\u00e1lfa nemendur s\u00e9rstaklega \u00ed h\u00e6fni\u00fe\u00e1ttum sem tengjast frumkv\u00f6\u00f0lafr\u00e6\u00f0i og uppl\u00fdsingat\u00e6kni"], "creative_thinking": ["me\u00f0 \u00fev\u00ed a\u00f0 vi\u00f0hafa fj\u00f6lbreytt n\u00e1msmat og beita fj\u00f6lbreyttum kennslua\u00f0fer\u00f0um \u00fear sem hvatt er til sk\u00f6punar og frumlegrar hugsunar", "me\u00f0 \u00fev\u00ed a\u00f0 vi\u00f0hafa verkefnami\u00f0a\u00f0 n\u00e1m \u00fear sem nemendur eru hvattir til a\u00f0 \u00fer\u00f3a s\u00ednar eigin lei\u00f0ir til a\u00f0 leysa margv\u00edsleg verkefni", "\u00ed lokaverkefni velur nemandi sitt s\u00e9rsvi\u00f0 og \u00fear reynir m.a \u00e1 hagn\u00fdtingu \u00feekkingar, r\u00f6kstu\u00f0ning, skapandi hugsun og verkvit", "me\u00f0 \u00fev\u00ed a\u00f0 v\u00edkka sj\u00f3ndeildarhring nemenda me\u00f0 fj\u00f6lbreyttum \u00e1f\u00f6ngum sem \u00fdta \u00e1 \u00fe\u00e1 a\u00f0 hugsa utan hins hef\u00f0bunda ramma menntunar"], "equality": ["me\u00f0 \u00fev\u00ed a\u00f0 jafnr\u00e9tti s\u00e9 hluti af \u00f6llu \u00fev\u00ed starfi sem fer fram \u00ed sk\u00f3lanum, jafnt \u00ed kennslu sem \u00f6\u00f0ru starfi hvort sem um er a\u00f0 r\u00e6\u00f0a \u00f3l\u00edk verkefni e\u00f0a samskipti milli einstaklinga og h\u00f3pa innan sk\u00f3lans", "me\u00f0 \u00fev\u00ed a\u00f0 vi\u00f0hafa fj\u00f6lbreyttar kennslua\u00f0fer\u00f0ir og fj\u00f6lbreytt n\u00e1msmat \u00fear sem einstaklingurinn f\u00e6r t\u00e6kif\u00e6ri til a\u00f0 n\u00fdta styrkleika s\u00edna", "me\u00f0 \u00fev\u00ed a\u00f0 fjalla s\u00e9rstaklega um jafnr\u00e9tti \u00ed inngangs\u00e1fanga \u00ed f\u00e9lagsv\u00edsindum"], "sustainability": ["me\u00f0 \u00fev\u00ed a\u00f0 fjalla s\u00e9rstaklega um m\u00e1lefni\u00f0 \u00ed inngangs\u00e1fanga \u00ed f\u00e9lagsv\u00edsinum og n\u00e1tt\u00faruv\u00edsindum", "me\u00f0 \u00fev\u00ed a\u00f0 taka \u00fe\u00e1tt \u00ed sj\u00e1lfb\u00e6rniverkefnum sem fyrirt\u00e6ki og stofnanir standa fyrir s\u00e9rstaklega \u00ed n\u00e6rsamf\u00e9laginu", "me\u00f0 \u00fev\u00ed a\u00f0 f\u00e1st vi\u00f0 sj\u00e1lfb\u00e6rni tengda efnahag og umhverfi \u00ed \u00e1f\u00f6ngum brautarinnar"], "foreign_societies": ["me\u00f0 \u00fev\u00ed a\u00f0 kenna ensku og d\u00f6nsku \u00e1samt \u00feri\u00f0ja tungum\u00e1li og fr\u00e6\u00f0ast \u00ed lei\u00f0inni um \u00feau m\u00e1lsv\u00e6\u00f0i sem \u00feessi tungum\u00e1l tilheyra", "me\u00f0 \u00fev\u00ed a\u00f0 lesa s\u00e9rh\u00e6f\u00f0a fr\u00e6\u00f0itexta \u00e1 ensku", "me\u00f0 \u00fev\u00ed a\u00f0 nemendur afla s\u00e9r uppl\u00fdsinga \u00e1 tungum\u00e1lunum og t\u00falka \u00fe\u00e6r", "me\u00f0 \u00fev\u00ed a\u00f0 afla s\u00e9r uppl\u00fdsinga \u00e1 erlendum tungum\u00e1lum sem sn\u00faa a\u00f0 t\u00e6kni og frumkv\u00f6\u00f0lah\u00e6tti"], "health": ["me\u00f0 \u00fev\u00ed a\u00f0 nemendur lj\u00faki 10 einingum \u00ed l\u00edfst\u00edls\u00e1f\u00f6ngum", "me\u00f0 \u00fev\u00ed beita samvinnun\u00e1mi \u00fear sem nemendur f\u00e1 t\u00e6kif\u00e6ri til a\u00f0 \u00feroska f\u00e9lagslega f\u00e6rni s\u00edna og auka f\u00e9lagslega virkni", "me\u00f0 \u00fev\u00ed a\u00f0 nemendur s\u00e9u virkir \u00fe\u00e1tttakendur \u00ed verkefninu heilsueflandi framhaldssk\u00f3li t.d. me\u00f0 \u00fe\u00e1ttt\u00f6ku sinni \u00ed f\u00e9lagsl\u00edfi sk\u00f3lans og einstaka \u00e1f\u00f6gum sem tengjast \u00fev\u00ed"], "icelandic_society_norms": ["me\u00f0 \u00fev\u00ed a\u00f0 fjalla um s\u00f6gu \u00cdslands \u00ed \u00edslensku\u00e1f\u00f6ngum brautarinnar", "me\u00f0 \u00fev\u00ed a\u00f0 r\u00f6kr\u00e6\u00f0a si\u00f0fer\u00f0ileg \u00e1litam\u00e1l, \u00e1tta sig \u00e1 annm\u00f6rkum eigin r\u00f6ksemdarf\u00e6rslu og finna skynsamlegar lausnir \u00e1 si\u00f0fer\u00f0ilegum \u00e1litam\u00e1lum. Einnig m\u00f3ta \u00feeir eigin sko\u00f0anir um si\u00f0fer\u00f0ileg vi\u00f0fangsefni og setja \u00fe\u00e6r fram \u00e1 skipulag\u00f0an og \u00e1 gagnr\u00fdninn h\u00e1tt", "me\u00f0 \u00fev\u00ed a\u00f0 a\u00f0 leggja \u00e1herslu \u00e1 \u00edslenskt samf\u00e9lag \u00ed \u00edslensku\u00e1f\u00f6ngum \u00fear sem \u00edslenskar b\u00f3kmenntir eru lesnar", "me\u00f0 \u00fev\u00ed a\u00f0 leggja \u00e1herslu \u00e1 eflingu or\u00f0afor\u00f0a og \u00edslenska hugtakanotkun \u00ed n\u00fdsk\u00f6punar- og t\u00e6knigreinum"], "democracy_and_human_rights": ["me\u00f0 \u00fev\u00ed a\u00f0 hvetja nemendur til gagnr\u00fdnnar hugsunar", "me\u00f0 \u00fev\u00ed a\u00f0 \u00ed sk\u00f3lanum er stu\u00f0la\u00f0 a\u00f0 \u00fev\u00ed a\u00f0 gera nemendur a\u00f0 virkum og \u00e1byrgum \u00fe\u00e1tttakendum \u00ed l\u00fd\u00f0r\u00e6\u00f0issamf\u00e9lagi t.d. me\u00f0 \u00fev\u00ed a\u00f0 leita eftir vi\u00f0horfum \u00feeirra til \u00e1kve\u00f0inna \u00fe\u00e1tta \u00ed \u00feeim tilgangi a\u00f0 b\u00e6ta sk\u00f3lastarfi\u00f0. Til a\u00f0 tryggja \u00feetta \u00fe\u00e1 eiga nemendur fulltr\u00faa \u00ed sk\u00f3lar\u00e1\u00f0i, \u00e1heyrnarfulltr\u00faa \u00ed sk\u00f3lanefnd og allir nemendur eiga a\u00f0 jafna\u00f0i r\u00e9tt til \u00feess a\u00f0 sitja sk\u00f3lafundi a.m.k einu sinni \u00e1 \u00f6nn", "me\u00f0 \u00fev\u00ed a\u00f0 \u00fej\u00e1lfa nemendur \u00ed l\u00fd\u00f0r\u00e6\u00f0islegum vinnubr\u00f6g\u00f0um og gefa \u00feeim t\u00e6kif\u00e6ri til a\u00f0 hafa \u00e1hrif \u00e1 vinnubr\u00f6g\u00f0 \u00ed \u00e1f\u00f6ngum brautarinnar t.d. me\u00f0 \u00fev\u00ed a\u00f0 leggja mat \u00e1 \u00e1fanga vi\u00f0 lok annar", "me\u00f0 \u00fev\u00ed a\u00f0 bj\u00f3\u00f0a upp \u00e1 n\u00e1msmat sem eykur virkni nemandans"]}, "user_id": "6c2fcef4-a2a5-4b10-88f3-ca62dba9fffd", "is_ministry_rejected": false, "title": "N\u00fdsk\u00f6punar- og t\u00e6knibraut (Sta\u00f0festingarn\u00famer 392)", "ministry_serial": "18-392-3-6", "version": "st\u00fadent-481", "status_trans": "Sam\u00feykkt af r\u00e1\u00f0uneyti", "date_last_sent_to_ministry": 1519662231.519645, "evaluation": "L\u00f6g\u00f0 er \u00e1hersla \u00e1 fj\u00f6lbreytt n\u00e1msmat. Lokan\u00e1msmat \u00e1fanga byggir m.a. \u00e1 lokapr\u00f3fi, m\u00e6tingu, \u00e1stundun, verkefnaskilum, skyndipr\u00f3fum, ritger\u00f0um og sj\u00e1lfs- og jafningjamati.", "status": "approved by ministry", "core": [{"courses": [{"exemplary": null, "topics": "menning, tj\u00e1ning og skapandi skrif", "abbreviation": "ENSK2TM05", "former_schools": null, "subject": "enska", "title": " enska: menning, tj\u00e1ning og skapandi skrif", "version": 55, "status_trans": "Sam\u00feykkt af sk\u00f3la", "embedded_subject": {"abbreviation": "ENSK", "topics": [{"abbreviation": "GS", "topics": ["grunnatri\u00f0i", "samt\u00f6l"]}, {"abbreviation": "OO", "topics": ["or\u00f0ab\u00f3k", "or\u00f0afor\u00f0i"]}, {"abbreviation": "MM", "topics": ["myndas\u00f6gur", "myndb\u00f6nd"]}, {"abbreviation": "TL", "topics": ["lagatextar", "t\u00f3nlist"]}, {"abbreviation": "FR", "topics": ["ferilsverkefni", "ritunarverkefni"]}, {"abbreviation": "TS", "topics": ["myndm\u00e1l", "ritger\u00f0", "st\u00edlar", "textar"]}, {"abbreviation": "RH", "topics": ["hlustun", "m\u00e1lnotkun", "undirst\u00f6\u00f0uatri\u00f0i \u00ed ritun"]}, {"abbreviation": "SM", "topics": ["m\u00fas\u00edk og myndir 1950-70", "s\u00f6gur"]}, {"abbreviation": "BR", "topics": ["bretland"]}, {"abbreviation": "K\u00c1", "topics": ["kanada", "\u00e1stral\u00eda og n\u00fdja sj\u00e1land"]}, {"abbreviation": "SB", "topics": ["shakespeare og 19. \u00f6ldin \u00ed b\u00f3kmenntum"]}, {"abbreviation": "B\u00d3", "topics": ["b\u00f3kmenntir 20. aldar"]}, {"abbreviation": "KV", "topics": ["kvikmynda\u00e1fangi"]}, {"abbreviation": "AB", "topics": ["afr\u00edsk-amer\u00edskar b\u00f3kmenntir"]}, {"abbreviation": "U\u00c1", "topics": ["undirb\u00faningur", "\u00e1fangi"]}, {"abbreviation": "MT", "topics": ["m\u00e1lfr\u00e6\u00f0i", "tj\u00e1ning"]}, {"abbreviation": "MS", "topics": ["menning", "skapandi skrif"]}, {"abbreviation": "KR", "topics": ["kvikmyndir", "ritun"]}, {"abbreviation": "HR", "topics": ["heimildavinna", "ritger\u00f0ir"]}, {"abbreviation": "FF", "topics": ["fagm\u00e1l", "f\u00e9lagsv\u00edsinda"]}, {"abbreviation": "VE", "topics": ["enska", "vi\u00f0skipta"]}, {"abbreviation": "RE", "topics": ["enska", "raungreinar"]}, {"abbreviation": "BM", "topics": ["b\u00f3kmenntir", "m\u00e1lsaga"]}, {"abbreviation": "LB", "topics": ["b\u00f3kmenntir", "leik"]}, {"abbreviation": "UP", "topics": ["pr\u00f3f", "undirb\u00faningur"]}, {"abbreviation": "EN", "topics": ["enska fyrir fer\u00f0agreinar"]}, {"abbreviation": "FE", "topics": ["enska fyrir fer\u00f0a\u00fej\u00f3nustu"]}, {"abbreviation": "ST", "topics": ["evr\u00f3pski tungum\u00e1laramminn", "stig b1-b2"]}, {"abbreviation": "SE", "topics": ["evr\u00f3pski tungum\u00e1laramminn", "stig b2"]}, {"abbreviation": "ES", "topics": ["evr\u00f3pski tungum\u00e1laramminn", "stig b2-c1"]}, {"abbreviation": "EV", "topics": ["evr\u00f3pski tungum\u00e1laramminn", "stig c1"]}, {"abbreviation": "BF", "topics": ["b2", "evr\u00f3pski tungum\u00e1laramminn", "fer\u00f0a\u00fej\u00f3nuta"]}, {"abbreviation": "FH", "topics": ["evr\u00f3pski tungum\u00e1laramminn", "framhald", "stig c1"]}, {"abbreviation": "GR", "topics": ["grunn\u00e1fangi"]}, {"abbreviation": "FG", "topics": ["enska fyrir matv\u00e6lagreinar"]}, {"abbreviation": "LS", "topics": ["lestur", "m\u00e1lfr\u00e6\u00f0i", "or\u00f0afor\u00f0i", "skilningur"]}, {"abbreviation": "LT", "topics": ["lestur", "or\u00f0afor\u00f0i", "talm\u00e1l"]}, {"abbreviation": "BL", "topics": ["b\u00f3kmenntir", "lesskilningur", "ritun"]}, {"abbreviation": "BS", "topics": ["b\u00f3kmenntir", "menning", "saga"]}, {"abbreviation": "HA", "topics": ["hagn\u00fdtur or\u00f0afor\u00f0i. l\u00e6si \u00e1 fl\u00f3knari texta."]}, {"abbreviation": "OF", "topics": ["grunnor\u00f0afor\u00f0i fr\u00e6\u00f0a og v\u00edsinda.. menningarheimur nor\u00f0ur amer\u00edku"]}, {"abbreviation": "UN", "topics": ["undirb\u00fanings\u00e1fangi \u00ed ensku"]}, {"abbreviation": "LM", "topics": ["lestur og menning", "tj\u00e1ning"]}, {"abbreviation": "TM", "topics": ["menning", "tj\u00e1ning og skapandi skrif"]}, {"abbreviation": "MB", "topics": ["b\u00f3kmenntir", "menning og ritun"]}, {"abbreviation": "EX", "topics": ["extensive vocabulary and expression"]}, {"abbreviation": "ML", "topics": ["m\u00e1lnotkun og l\u00e6si"]}, {"abbreviation": "AA", "topics": ["akadem\u00edskur or\u00f0afor\u00f0i", "fj\u00f6lbreyttir textar", "fyrsti \u00e1fangi \u00ed ensku."]}, {"abbreviation": "YN", "topics": ["yndislestur"]}, {"abbreviation": "BB", "topics": ["akadem\u00edskur or\u00f0afor\u00f0i", "annar \u00e1fangi \u00ed ensku.", "fj\u00f6lbreyttir textar"]}, {"abbreviation": "FA", "topics": ["fagor\u00f0afor\u00f0i"]}, {"abbreviation": "AH", "topics": ["akadem\u00edskur or\u00f0afor\u00f0i", "fj\u00f6lbreyttir textar. hra\u00f0fer\u00f0 \u00ed ensku."]}, {"abbreviation": "BH", "topics": ["akadem\u00edskur or\u00f0afor\u00f0i", "fj\u00f6lbreyttir textar. \u00f6nnur hra\u00f0fer\u00f0 \u00ed ensku."]}, {"abbreviation": "EE", "topics": ["b\u00f3kmenntir", "fj\u00f6lmi\u00f0latextar."]}, {"abbreviation": "LR", "topics": ["lestur", "ritun", "tj\u00e1ning og hlustun"]}, {"abbreviation": "DD", "topics": ["b\u00f3kmenntir"]}, {"abbreviation": "M\u00c1", "topics": ["m\u00e1lfr\u00e6\u00f0i a"]}, {"abbreviation": "CC", "topics": ["b\u00f3kmenntir", "krefjandi or\u00f0afor\u00f0i", "ritun"]}, {"abbreviation": "CH", "topics": ["krefjandi or\u00f0afor\u00f0i"]}, {"abbreviation": "L\u00c9", "topics": ["l\u00e9ttlestur"]}, {"abbreviation": "OH", "topics": ["hlustun", "or\u00f0afor\u00f0i", "talm\u00e1l og ritun"]}, {"abbreviation": "LO", "topics": ["lesskilningur", "m\u00e1lfr\u00e6\u00f0i", "or\u00f0afor\u00f0i"]}, {"abbreviation": "MO", "topics": ["m\u00e1lfr\u00e6\u00f0i", "or\u00f0afor\u00f0i", "stig b1 \u00ed evr\u00f3pska tungum\u00e1larammanum"]}, {"abbreviation": "OB", "topics": ["b\u00f3kmenntir", "or\u00f0afor\u00f0i", "stig b2 \u00ed evr\u00f3pska tungum\u00e1larammanum"]}, {"abbreviation": "RB", "topics": ["b\u00f3kmenntir", "ritun"]}, {"abbreviation": "RL", "topics": ["lestur", "m\u00e1lfr\u00e6\u00f0i", "ritun og or\u00f0afor\u00f0i"]}, {"abbreviation": "SG", "topics": ["Lestur", "m\u00e1lfr\u00e6\u00f0i", "or\u00f0afor\u00f0i", "ritun", "tal"]}, {"abbreviation": "RM", "topics": ["Ritun", "b\u00f3kmenntir", "m\u00e1lnotkun"]}, {"abbreviation": "RO", "topics": ["Ritun", "b\u00f3kmenntir", "menning", "or\u00f0afor\u00f0i"]}, {"abbreviation": "SR", "topics": ["Menning", "akadem\u00edskur or\u00f0afor\u00f0i", "ritun", "saga"]}, {"abbreviation": "AE", "topics": ["Almenn akadem\u00edsk enska", "b\u00f3kmenntir", "ritun"]}, {"abbreviation": "SA", "topics": ["S\u00e9rh\u00e6f\u00f0 akadem\u00edsk enska", "b\u00f3kmenntir", "ritun"]}, {"abbreviation": "VR", "topics": ["V\u00edsindaor\u00f0afor\u00f0i", "raungreinar"]}, {"abbreviation": "VH", "topics": ["Vi\u00f0skipti", "erlend samskipti og vi\u00f0skiptah\u00e6ttir"]}, {"abbreviation": "AK", "topics": ["Kennsla", "a\u00f0sto\u00f0 vi\u00f0 nemendur", "ger\u00f0 kennsluefnis"]}, {"abbreviation": "DF", "topics": ["Kvikmyndir. Film Course."]}, {"abbreviation": "SK", "topics": ["enska fyrir fer\u00f0a\u00fej\u00f3nustu", "skapandi skrif"]}, {"abbreviation": "FT", "topics": ["lestur fr\u00e6\u00f0ilegra texta"]}, {"abbreviation": "VT", "topics": ["Lestur enskra vi\u00f0skiptatexta"]}, {"abbreviation": "RT", "topics": ["Lestur enskra raunv\u00edsindatexta"]}, {"abbreviation": "\u00cdT", "topics": ["Lestur \u00ed\u00fer\u00f3ttafr\u00e6\u00f0ilegra texta"]}, {"abbreviation": "TO", "topics": ["Tolkien"]}, {"abbreviation": "RI", "topics": ["Ritun"]}, {"abbreviation": "HL", "topics": ["Hlustun"]}, {"abbreviation": "UE", "topics": ["Undirb\u00fanings\u00e1fangi \u00ed ensku"]}, {"abbreviation": "UH", "topics": ["Undirb\u00faningur fyrir h\u00e1sk\u00f3lan\u00e1m"]}, {"abbreviation": "TJ", "topics": ["Tj\u00e1ning"]}, {"abbreviation": "OM", "topics": ["Or\u00f0afor\u00f0i", "m\u00e1lfr\u00e6\u00f0i", "m\u00e1lnotkun"]}, {"abbreviation": "TF", "topics": ["tj\u00e1ning og m\u00e1lnotkun"]}, {"abbreviation": "AM", "topics": ["Fr\u00e6\u00f0ilegur or\u00f0afor\u00f0i og Bandar\u00edkin"]}, {"abbreviation": "UK", "topics": ["Fr\u00e6\u00f0ilegur or\u00f0afor\u00f0i og Bretland"]}, {"abbreviation": "AC", "topics": ["Akadem\u00edskur or\u00f0afor\u00f0i og rauntextar"]}, {"abbreviation": "SL", "topics": ["Lestur", "menning og skrif"]}, {"abbreviation": "KK", "topics": ["Kvikmyndir og kynning"]}, {"abbreviation": "BA", "topics": ["L\u00fdsing: B\u00f3kmenntir 19. og 20.", "skrif og r\u00e6\u00f0uger\u00f0"]}, {"abbreviation": "OT", "topics": ["Or\u00f0afor\u00f0i", "ritun", "tj\u00e1ning"]}, {"abbreviation": "VM", "topics": ["V\u00edsindi og menning"]}, {"abbreviation": "BT", "topics": ["Bandar\u00edskt \u00fej\u00f3\u00f0f\u00e9lag og menning"]}, {"abbreviation": "MR", "topics": ["M\u00e1lfr\u00e6\u00f0i og ritun"]}, {"abbreviation": "LH", "topics": ["L\u00e6si \u00e1 fl\u00f3knari texta", "hagn\u00fdtur fj\u00f6lbreyttur or\u00f0afor\u00f0i"]}, {"abbreviation": "KB", "topics": ["Kvikmyndir", "b\u00f3kmenntir"]}, {"abbreviation": "OL", "topics": ["Lestur", "Menning", "M\u00e1lfr\u00e6\u00f0i", "Or\u00f0afor\u00f0i", "Ritun", "Tal"]}, {"abbreviation": "CL", "topics": ["Chic Literature and Women in Today\u2018s Society"]}, {"abbreviation": "CW", "topics": ["Creative Writing"]}, {"abbreviation": "OR", "topics": ["B\u00f3kmenntir (fj\u00f6lbreyttir textar)", "menning", "or\u00f0afor\u00f0i", "ranns\u00f3knir og ritun"]}, {"abbreviation": "OG", "topics": ["B\u00f3kmenntir", "lj\u00f3\u00f0agreining", "or\u00f0afor\u00f0i", "ritger\u00f0asm\u00ed\u00f0i og heimildavinna"]}, {"abbreviation": "BY", "topics": ["Lestur", "m\u00e1lfr\u00e6\u00f0i og m\u00e1lnotkun (byrjunar\u00e1fangi \u00ed ensku)", "ritun"]}, {"abbreviation": "DM", "topics": ["Enska Daglegt m\u00e1l"]}, {"abbreviation": "B\u00c1", "topics": ["b\u00f3kmenntir", "ritun", "tj\u00e1ning"]}, {"abbreviation": "HE", "topics": ["Hagn\u00fdt enska", "starfsbraut"]}, {"abbreviation": "RR", "topics": ["Enska \u00ed r\u00e6\u00f0u og riti"]}, {"abbreviation": "HO", "topics": ["Hagn\u00fdtur or\u00f0afor\u00f0i", "c1"]}, {"abbreviation": "FO", "topics": ["Fagor\u00f0afor\u00f0i og fer\u00f0am\u00e1l"]}, {"abbreviation": "EG", "topics": ["Enska 2 \u00e1 starfsbraut"]}, {"abbreviation": "SO", "topics": ["s\u00e9rh\u00e6f\u00f0ur or\u00f0afor\u00f0i"]}, {"abbreviation": "TR", "topics": ["Tj\u00e1ning", "or\u00f0afor\u00f0i", "ritun"]}, {"abbreviation": "\u00deS", "topics": ["\u00dej\u00f3nustust\u00f6rf"]}, {"abbreviation": "SF", "topics": ["Sagnfr\u00e6\u00f0i"]}, {"abbreviation": "T\u00d6", "topics": ["T\u00f6lvuleikir"]}, {"abbreviation": "JM", "topics": ["Fr\u00e1 hugmynd til \u00fatg\u00e1fu"]}, {"abbreviation": "MH", "topics": ["S\u00e9rh\u00e6f\u00f0 enska \u00ed myndlist og h\u00f6nnun"]}, {"abbreviation": "BO", "topics": ["B\u00f3kmenntir", "m\u00e1lfr\u00e6\u00f0i", "or\u00f0afor\u00f0i"]}, {"abbreviation": "VO", "topics": ["V\u00edsindatengdur or\u00f0afor\u00f0i"]}, {"abbreviation": "MV", "topics": ["M\u00e1lnotkun", "b\u00f3kmenntir", "vi\u00f0skipti"]}, {"abbreviation": "SV", "topics": ["m\u00e1lnotkun", "samf\u00e9lag", "vi\u00f0skipti"]}, {"abbreviation": "VI", "topics": ["m\u00e1lskilningur", "ritun", "vi\u00f0skiptaenska"]}, {"abbreviation": "EM", "topics": ["bresk menning", "b\u00f3kmenntir", "m\u00e1l"]}, {"abbreviation": "NV", "topics": ["v\u00edsindaenska"]}, {"abbreviation": "YL", "topics": ["Yndislestur"]}, {"abbreviation": "EH", "topics": ["Enska fyrir heilbrig\u00f0isgreinar"]}, {"abbreviation": "DK", "topics": ["ENSKA"]}, {"abbreviation": "DG", "topics": ["Enskar myndas\u00f6gur"]}, {"abbreviation": "DV", "topics": ["or\u00f0afor\u00f0i"]}, {"abbreviation": "DY", "topics": ["Yndislestur \u00ed ensku"]}, {"abbreviation": "EY", "topics": ["Yndislestur 2 \u00e1 ensku"]}, {"abbreviation": "HB", "topics": ["B\u00f3kmenntir og fr\u00e6\u00f0ilegir textar \u00ed hugv\u00edsindum"]}, {"abbreviation": "MK", "topics": ["b\u00f3kmenntir", "kvikmyndir", "menning", "m\u00e1lnotkun"]}, {"abbreviation": "VG", "topics": ["gagnr\u00fdnin hugsun", "or\u00f0afor\u00f0i v\u00edsinda", "ritun", "tj\u00e1ning"]}, {"abbreviation": "TT", "topics": ["m\u00e1lnotkun \u00ed t\u00e6knigreinum", "or\u00f0afor\u00f0i", "tala\u00f0 m\u00e1l"]}, {"abbreviation": "SS", "topics": ["Shakespeare", "kvikmyndir", "ritun", "sk\u00e1lds\u00f6gur"]}, {"abbreviation": "FV", "topics": ["Fagm\u00e1l", "b\u00f3kmenntir", "f\u00e9lagsv\u00edsindi", "ritun"]}, {"abbreviation": "VV", "topics": ["fagm\u00e1l", "hagfr\u00e6\u00f0i", "verslun", "vi\u00f0skipti"]}, {"abbreviation": "TB", "topics": ["Tolkien", "b\u00f3kmenntir", "fantas\u00eda"]}, {"abbreviation": "LG", "topics": ["Lestur", "ritun og tj\u00e1ning"]}, {"abbreviation": "SH", "topics": ["Shakespeare"]}, {"abbreviation": "BK", "topics": ["b\u00f3kmenntir og menning"]}, {"abbreviation": "VF", "topics": ["fr\u00e6\u00f0i og fagm\u00e1l", "v\u00edsindi"]}, {"abbreviation": "AO", "topics": ["Akadem\u00edskur or\u00f0afor\u00f0i \u00e1 ensku og klass\u00edskar b\u00f3kmenntir"]}, {"abbreviation": "SD", "topics": ["S\u00e9rh\u00e6f\u00f0ur or\u00f0afor\u00f0i og breskar b\u00f3kmenntir"]}, {"abbreviation": "TE", "topics": ["\u00deemaverkefni \u00ed tengslum vi\u00f0 frekara n\u00e1m \u00e1 h\u00e1sk\u00f3lastigi", "\u00fej\u00e1lfun \u00ed ritun og tj\u00e1ningu \u00e1 ensku"]}, {"abbreviation": "LL", "topics": ["B\u00f3kmenntir", "leikrit", "lj\u00f3\u00f0 og kvikmyndir \u00e1 ensku annars vegar og hins vegar sam\u00fe\u00e6tting vi\u00f0 a\u00f0ra \u00e1fanga"]}, {"abbreviation": "US", "topics": ["Undirb\u00faningur fyrir st\u00f6\u00f0lu\u00f0 pr\u00f3f"]}, {"abbreviation": "GA", "topics": ["Grunnor\u00f0afor\u00f0i akadem\u00edskra texta"]}, {"abbreviation": "KO", "topics": ["Krefjandi or\u00f0afor\u00f0i"]}, {"abbreviation": "FS", "topics": ["Fj\u00f6lbreyttur skilningur"]}, {"abbreviation": "EA", "topics": ["Akadem\u00edskur or\u00f0afor\u00f0i"]}, {"abbreviation": "ME", "topics": ["Meteorology", "ve\u00f0urfr\u00e6\u00f0i"]}, {"abbreviation": "EK", "topics": ["Enska 1"]}, {"abbreviation": "LE", "topics": ["Lestur", "b\u00e6\u00f0i rauntexta og sk\u00e1lda\u00f0a"]}, {"abbreviation": "S\u00d6", "topics": ["Sm\u00e1s\u00f6gur og sk\u00e1lds\u00f6gur"]}], "_id": "50c0a02dd8e40575f7f6f488", "subjects": ["enska"], "counter": {"1": 30, "3": 56, "2": 54, "4": 1}}, "evaluation": "N\u00e1msmat er \u00fatf\u00e6rt \u00ed kennslu\u00e1\u00e6tlun \u00ed samr\u00e6mi vi\u00f0 sk\u00f3lan\u00e1mskr\u00e1", "categorization_suggestion": "", "embedded_topics": {"abbreviation": "TM", "topics": ["menning", "tj\u00e1ning og skapandi skrif"]}, "status": "approved by school", "description": "\u00c1hersla er l\u00f6g\u00f0 \u00e1 a\u00f0 nemendur ver\u00f0i vel l\u00e6sir \u00e1 fl\u00f3knari texta en \u00e1\u00f0ur. \u00deeir ver\u00f0a \u00fej\u00e1lfa\u00f0ir \u00ed a\u00f0 tileinka s\u00e9r grunnor\u00f0afor\u00f0a v\u00edsinda og fr\u00e6\u00f0a, tj\u00e1 hugsun s\u00edna sk\u00fdrt \u00ed r\u00e6\u00f0u og riti og r\u00f6ksty\u00f0ja sko\u00f0anir s\u00ednar. \u00c1hersla er l\u00f6g\u00f0 \u00e1 vandlegan lestur texta me\u00f0 \u00fea\u00f0 fyrir augum a\u00f0 byggja upp virkan og hagn\u00fdtan or\u00f0afor\u00f0a. Nemendur vinna \u00e1fram a\u00f0 \u00fev\u00ed a\u00f0 kynnast hinum margbreytilegu menningarheimum landa \u00fear sem enska er m\u00f3\u00f0urm\u00e1l me\u00f0 \u00fev\u00ed a\u00f0 nemendur afli s\u00e9r \u00feekkingar um venjur og si\u00f0i \u00feessara landa. \u00cd tengslum vi\u00f0 \u00fea\u00f0 ver\u00f0ur unni\u00f0 me\u00f0 hin \u00fdmsu b\u00f3kmenntaverk, kvikmyndir, heimildamyndir o.fl. sem t\u00falka\u00f0 ver\u00f0ur \u00fat fr\u00e1 menningarlegu samhengi.  Nemendur vinna \u00ed auknum m\u00e6li sj\u00e1lfst\u00e6tt a\u00f0 st\u00e6rri ritunarverkefnum og vi\u00f0ameiri verkefnum svo sem kynningum \u00e1 \u00feematengdu efni sem fela \u00ed s\u00e9r \u00f6flun uppl\u00fdsinga \u00e1 b\u00f3kasafni og af neti. Unni\u00f0 er markvisst a\u00f0 \u00fev\u00ed a\u00f0 efla sj\u00e1lfst\u00e6\u00f0i nemenda \u00ed n\u00e1mi. A\u00f0 hver nemandi finni eigin lei\u00f0ir til a\u00f0 n\u00e1 \u00e1rangri \u00ed n\u00e1minu og setji s\u00e9r markmi\u00f0.\n ", "knowledge_goals": ["helstu menningarsv\u00e6\u00f0um \u00fear sem tungum\u00e1li\u00f0 er nota\u00f0 sem m\u00f3\u00f0urm\u00e1l e\u00f0a fyrsta m\u00e1l", "\u00f3l\u00edkum vi\u00f0horfum og gildum og hvernig \u00feau m\u00f3ta menninguna \u00ed \u00feeim l\u00f6ndum \u00fear sem tungum\u00e1li\u00f0 er nota\u00f0", "\u00feverfaglegum or\u00f0afor\u00f0a til markvissrar notkunar \u00ed n\u00e1mi \u00e1 h\u00e1sk\u00f3lastigi", "rithef\u00f0um sem vi\u00f0 eiga \u00ed textasm\u00ed\u00f0, m.a. um inngang me\u00f0 efnisyr\u00f0ingu, meginm\u00e1l me\u00f0 vel afm\u00f6rku\u00f0um efnisgreinum og ni\u00f0urlag", "mismunandi afst\u00f6\u00f0u og t\u00falkun b\u00f3kmenntah\u00f6funda og d\u00fdpri merkingu texta"], "skills_goals": ["lesa fj\u00f6lbreyttar ger\u00f0ir texta, b\u00e6\u00f0i fr\u00e6\u00f0ilega og b\u00f3kmenntalega", "beita \u00feeim lestrara\u00f0fer\u00f0um sem vi\u00f0 eiga eftir ger\u00f0 texta e\u00f0a vi\u00f0fangsefnis", "greina og skilja m\u00e1lfarsmun \u00e1 mismunandi m\u00e1lsv\u00e6\u00f0um", "tj\u00e1 sig munnlega sk\u00fdrt og hn\u00f6kralaust um m\u00e1lefni sem hann hefur kynnt s\u00e9r", "tj\u00e1 sig skriflega b\u00e6\u00f0i \u00e1 formlegan og \u00f3formlegan h\u00e1tt"], "credits": 5, "last_modified": 1421837494.435936, "schools": ["512353008caa45ed97015b49"], "coauthors": [], "instructions": "H\u00e9t \u00e1\u00f0ur ENS2B05 Menning, tj\u00e1ning og skapandi skrif", "continued_education": false, "level": 2, "prerequisites": "ENSK2LM05 e\u00f0a samb\u00e6rilegur \u00e1fangi ", "author": "ea048ca4-de95-4840-ab18-d0bdf27b09d4", "abbreviation_version": null, "competence_goals": [["skilja daglegt m\u00e1l, fj\u00f6lmi\u00f0laefni, inntak erinda, fr\u00e6\u00f0igreinar og anna\u00f0 fl\u00f3knara efni", ""], ["taka \u00fe\u00e1tt \u00ed sko\u00f0anaskiptum, f\u00e6ra r\u00f6k fyrir m\u00e1li s\u00ednu og svara m\u00f3tb\u00e1rum og gagnr\u00f6kum \u00e1 vi\u00f0eigandi h\u00e1tt", ""], ["tj\u00e1 sig sk\u00fdrt, lipurlega og bla\u00f0alaust fyrir \u00e1heyrendum um s\u00e9rvali\u00f0 efni sem hann hefur kynnt s\u00e9r", ""], ["skrifa formlegan og \u00f3formlegan texta og beita rithef\u00f0um sem vi\u00f0 eiga \u00ed textasm\u00ed\u00f0", ""], ["n\u00fdta n\u00fdjan or\u00f0afor\u00f0a \u00ed r\u00e6\u00f0u og riti", ""]], "_id": "54bf84b662933a7ff500034d"}, {"exemplary": null, "topics": "algebra, f\u00f6ll, gr\u00f6f", "abbreviation": "ST\u00c6R2AF05", "former_schools": null, "subject": "st\u00e6r\u00f0fr\u00e6\u00f0i", "title": "Algebra, f\u00f6ll og mengi", "version": 47, "status_trans": "Sam\u00feykkt af sk\u00f3la", "embedded_subject": {"abbreviation": "ST\u00c6R", "topics": [{"abbreviation": "FN", "topics": ["fylkjareikningur", "l\u00ednuleg bestun", "netafr\u00e6\u00f0i"]}, {"abbreviation": "HR", "topics": ["heildun", "ra\u00f0ir", "runur", "r\u00famm\u00e1l sn\u00fa\u00f0s"]}, {"abbreviation": "DF", "topics": ["deildun", "f\u00f6ll", "markgildi"]}, {"abbreviation": "TD", "topics": ["deildaj\u00f6fnur", "tvinnt\u00f6lur"]}, {"abbreviation": "HV", "topics": ["hornaf\u00f6ll", "vigrar"]}, {"abbreviation": "T\u00c1", "topics": ["t\u00f6lfr\u00e6\u00f0i", "\u00e1lyktunart\u00f6lfr\u00e6\u00f0i"]}, {"abbreviation": "LT", "topics": ["l\u00edkindareikningur", "talningafr\u00e6\u00f0i", "t\u00f6lfr\u00e6\u00f0i"]}, {"abbreviation": "AT", "topics": ["algebra", "j\u00f6fnur", "talnafr\u00e6\u00f0i"]}, {"abbreviation": "AF", "topics": ["algebra", "f\u00f6ll", "gr\u00f6f"]}, {"abbreviation": "HM", "topics": ["h\u00e1t\u00ed\u00f0isdagar", "merkisdagar"]}, {"abbreviation": "GS", "topics": ["grunna\u00f0ger\u00f0ir"]}, {"abbreviation": "VG", "topics": ["grunna\u00f0ger\u00f0ir", "ver\u00f0\u00fatreikningar"]}, {"abbreviation": "MU", "topics": ["m\u00e6lieiningar", "uppskriftir"]}, {"abbreviation": "HP", "topics": ["heimilisinnkaup"]}, {"abbreviation": "RD", "topics": ["d\u00e6mareikningur", "r\u00f6khugsun"]}, {"abbreviation": "VK", "topics": ["keilusni\u00f0", "vigrar"]}, {"abbreviation": "AL", "topics": ["algebra"]}, {"abbreviation": "HA", "topics": ["hagn\u00fdt st\u00e6r\u00f0fr\u00e6\u00f0i daglegs l\u00edfs"]}, {"abbreviation": "AX", "topics": ["f\u00f6ll og deildun"]}, {"abbreviation": "AN", "topics": ["hornafr\u00e6\u00f0i", "keilusni\u00f0", "vigrar"]}, {"abbreviation": "CT", "topics": ["t\u00f6lfr\u00e6\u00f0i og l\u00edkindafr\u00e6\u00f0i"]}, {"abbreviation": "BR", "topics": ["klass\u00edsk r\u00famfr\u00e6\u00f0i"]}, {"abbreviation": "BH", "topics": ["algebra", "b", "h", "margli\u00f0ur og fleygbogar"]}, {"abbreviation": "GN", "topics": ["grunn\u00e1fangi \u00e1 n\u00e1tt\u00faruv\u00edsindabraut"]}, {"abbreviation": "LH", "topics": ["hornaf\u00f6ll og vigrar o.fl.", "lotubundin f\u00f6ll"]}, {"abbreviation": "FH", "topics": ["grunn\u00e1fangi \u00e1 f\u00e9lags- og hugv\u00edsindabraut"]}, {"abbreviation": "T\u00d6", "topics": ["undirst\u00f6\u00f0uatri\u00f0i t\u00f6lfr\u00e6\u00f0i"]}, {"abbreviation": "VH", "topics": ["hornf\u00f6ll", "vigrar o.fl."]}, {"abbreviation": "FD", "topics": ["algengustu f\u00f6ll", "deildun \u00feeirra og helstu eiginleikar"]}, {"abbreviation": "\u00deR", "topics": ["\u00fer\u00edv\u00ed\u00f0 r\u00famfr\u00e6\u00f0i"]}, {"abbreviation": "SS", "topics": ["strj\u00e1l st\u00e6r\u00f0fr\u00e6\u00f0i"]}, {"abbreviation": "TF", "topics": ["\u00e1lyktunart\u00f6lfr\u00e6\u00f0i"]}, {"abbreviation": "UA", "topics": ["a", "upprifjun"]}, {"abbreviation": "UB", "topics": ["b", "undirb\u00faningur"]}, {"abbreviation": "HS", "topics": ["hagn\u00fdt", "st\u00e6r\u00f0fr\u00e6\u00f0i"]}, {"abbreviation": "TS", "topics": ["st\u00e6r\u00f0fr\u00e6\u00f0i", "t\u00f6luleg"]}, {"abbreviation": "AJ", "topics": ["algebra", "j\u00f6fnur"]}, {"abbreviation": "FJ", "topics": ["f\u00f6ll", "j\u00f6fnur"]}, {"abbreviation": "TL", "topics": ["l\u00edkindareikningur", "t\u00f6lfr\u00e6\u00f0i"]}, {"abbreviation": "DH", "topics": ["deildarj\u00f6fnur", "heildi"]}, {"abbreviation": "FA", "topics": ["aflei\u00f0ur", "ferlaranns\u00f3knir"]}, {"abbreviation": "RT", "topics": ["ranns\u00f3knir", "t\u00f6lfr\u00e6\u00f0i"]}, {"abbreviation": "Y\u00c1", "topics": ["yfirlit", "\u00e1fangi"]}, {"abbreviation": "SG", "topics": ["greining", "st\u00e6r\u00f0fr\u00e6\u00f0i"]}, {"abbreviation": "GR", "topics": ["grunn\u00e1fangi \u00ed st\u00e6r\u00f0fr\u00e6\u00f0i"]}, {"abbreviation": "MF", "topics": ["f\u00f6ll", "margli\u00f0ur"]}, {"abbreviation": "HO", "topics": ["hornafr\u00e6\u00f0i", "vigrar"]}, {"abbreviation": "DM", "topics": ["deildun", "markgildi"]}, {"abbreviation": "RH", "topics": ["heildun", "ra\u00f0ir", "runur"]}, {"abbreviation": "FT", "topics": ["brei\u00f0bogaf\u00f6ll", "fylkjareikningur", "tvinnt\u00f6lur"]}, {"abbreviation": "D\u00c6", "topics": ["d\u00e6gurd\u00e6mi"]}, {"abbreviation": "R\u00da", "topics": ["r\u00famfr\u00e6\u00f0i", "\u00fer\u00edv\u00eddd"]}, {"abbreviation": "D\u00d3", "topics": ["deildi", "\u00f3bein deildun. heildi og heildunara\u00f0fer\u00f0ir. fyrsta stigs deildaj\u00f6fnur."]}, {"abbreviation": "HT", "topics": ["2. stigs diffurj\u00f6fnur . runur og ra\u00f0ir", "hagn\u00fdting heildareiknings", "samleitnipr\u00f3f.", "tvinnt\u00f6lur"]}, {"abbreviation": "AG", "topics": ["r\u00famfr\u00e6\u00f0i", "t\u00f6lur og algebra"]}, {"abbreviation": "UN", "topics": ["undirb\u00fanings\u00e1fangi \u00ed st\u00e6r\u00f0fr\u00e6\u00f0i"]}, {"abbreviation": "FS", "topics": ["f\u00f6ll og r\u00f6kfr\u00e6\u00f0i", "st\u00e6r\u00f0fr\u00e6\u00f0i \u2013 talnafr\u00e6\u00f0i"]}, {"abbreviation": "L\u00c6", "topics": ["l\u00edkindafr\u00e6\u00f0i og fj\u00e1rm\u00e1lal\u00e6si", "t\u00f6lfr\u00e6\u00f0i"]}, {"abbreviation": "LE", "topics": ["t\u00f6lvugraf\u00edk og t\u00f6lvuleikir"]}, {"abbreviation": "BN", "topics": ["algebra", "b", "margli\u00f0ur og fleygbogar", "n"]}, {"abbreviation": "BX", "topics": ["algebra", "b", "fleygbogar", "lograr", "x"]}, {"abbreviation": "AH", "topics": ["algebra", "f\u00f6ll", "hornafr\u00e6\u00f0i", "margli\u00f0ur", "mengi"]}, {"abbreviation": "AR", "topics": ["algebra", "r\u00famfr\u00e6\u00f0i"]}, {"abbreviation": "JM", "topics": ["t\u00f6lur mengi  j\u00f6fnur r\u00f6kfr\u00e6\u00f0i talningarfr\u00e6\u00f0i"]}, {"abbreviation": "VI", "topics": ["vigrar hornaf\u00f6ll f\u00f6ll"]}, {"abbreviation": "DR", "topics": ["deildarj\u00f6fnu", "heildun", "runur og ra\u00f0ir"]}, {"abbreviation": "DE", "topics": ["deildun"]}, {"abbreviation": "HD", "topics": ["deildaj\u00f6fnun", "heildun", "ra\u00f0ir", "runur"]}, {"abbreviation": "HE", "topics": ["1.stigs deildarj\u00f6fnur.", "heildun", "runur og ra\u00f0ir"]}, {"abbreviation": "RF", "topics": ["r\u00famfr\u00e6\u00f0i"]}, {"abbreviation": "FO", "topics": ["forn\u00e1ms\u00e1fangi"]}, {"abbreviation": "AP", "topics": ["algengar reiknia\u00f0ger\u00f0ir", "peningar og m\u00e6lieiningar", "t\u00edmat\u00e1kn"]}, {"abbreviation": "SF", "topics": ["Forn\u00e1m \u00ed st\u00e6r\u00f0fr\u00e6\u00f0i"]}, {"abbreviation": "BB", "topics": ["Forn\u00e1m 2"]}, {"abbreviation": "RA", "topics": ["Algebra", "f\u00f6ll", "r\u00famfr\u00e6\u00f0i", "t\u00f6lfr\u00e6\u00f0i"]}, {"abbreviation": "L\u00c1", "topics": ["l\u00fdsandi t\u00f6lfr\u00e6\u00f0i", "t\u00f6flureiknir", "\u00e1lyktunart\u00f6lfr\u00e6\u00f0i"]}, {"abbreviation": "TJ", "topics": ["Almennur talnareikningur", "form\u00falur", "j\u00f6fnur", "pr\u00f3sentur"]}, {"abbreviation": "JH", "topics": ["J\u00f6fnur", "hlutf\u00f6ll", "hnitakerfi\u00f0", "talname\u00f0fer\u00f0"]}, {"abbreviation": "RV", "topics": ["hornafr\u00e6\u00f0i \u00fer\u00edhyrnings", "hornaf\u00f6ll", "vigrar"]}, {"abbreviation": "DT", "topics": ["deildaj\u00f6fnur", "heildi", "samleitni", "tvinnt\u00f6lur"]}, {"abbreviation": "DS", "topics": ["deildaj\u00f6fnur", "samleitni", "tvinnt\u00f6lur"]}, {"abbreviation": "\u00deV", "topics": ["keilusni\u00f0", "vigrar", "\u00fer\u00edv\u00ed\u00f0 r\u00famfr\u00e6\u00f0i"]}, {"abbreviation": "FG", "topics": ["algebra", "f\u00f6ll", "gr\u00f6f", "veldi og r\u00e6tur"]}, {"abbreviation": "CX", "topics": ["f\u00f6ll og deildun fyri M\u00c1L og F\u00c9L"]}, {"abbreviation": "A\u00de", "topics": ["a", "\u00ferautalausnir"]}, {"abbreviation": "C\u00de", "topics": ["\u00derautalausnir"]}, {"abbreviation": "DN", "topics": ["algebra", "margli\u00f0ur og fleygbogar"]}, {"abbreviation": "UT", "topics": ["t\u00f6lfr\u00e6\u00f0i"]}, {"abbreviation": "OJ", "topics": ["t\u00f6lugildi og j\u00f6fnuhneppi", "\u00f3j\u00f6fnur"]}, {"abbreviation": "RG", "topics": ["R\u00famfr\u00e6\u00f0i me\u00f0 GeoGebru"]}, {"abbreviation": "HG", "topics": ["hagn\u00fdt st\u00e6r\u00f0fr\u00e6\u00f0i"]}, {"abbreviation": "AA", "topics": ["algengar reiknia\u00f0ger\u00f0ir"]}, {"abbreviation": "HL", "topics": ["Heildun"]}, {"abbreviation": "FM", "topics": ["F\u00f6ll", "markgildi og deildun algengustu falla"]}, {"abbreviation": "SH", "topics": ["St\u00e6r\u00f0fr\u00e6\u00f0igreining", "deildaj\u00f6fnur", "heildun", "runur og ra\u00f0ir"]}, {"abbreviation": "MA", "topics": ["Mengi", "algebra"]}, {"abbreviation": "HK", "topics": ["Hornaf\u00f6ll", "keilusni\u00f0", "vigrar"]}, {"abbreviation": "RM", "topics": ["R\u00famfr\u00e6\u00f0i"]}, {"abbreviation": "AB", "topics": ["almenn brot"]}, {"abbreviation": "RR", "topics": ["Hagn\u00fdting heildareiknings", "runur og ra\u00f0ir"]}, {"abbreviation": "HB", "topics": ["Hnit og b\u00f3kstafareikningur"]}, {"abbreviation": "RU", "topics": ["R\u00famfr\u00e6\u00f0i og hornaf\u00f6ll"]}, {"abbreviation": "VJ", "topics": ["Veldi og j\u00f6fnur"]}, {"abbreviation": "GA", "topics": ["Grunna\u00f0ger\u00f0ir algebru"]}, {"abbreviation": "AD", "topics": ["algebra", "brot", "hlutfallareikningur"]}, {"abbreviation": "B\u00c1", "topics": ["Br\u00faar\u00e1fangi"]}, {"abbreviation": "SB", "topics": ["St\u00e6r\u00f0fr\u00e6\u00f0ibr\u00fa"]}, {"abbreviation": "SL", "topics": ["St\u00e6r\u00f0fr\u00e6\u00f0il\u00edk\u00f6n"]}, {"abbreviation": "ST", "topics": ["St\u00e6r\u00f0fr\u00e6\u00f0igrunnur", "f\u00f6ll og  hnitakerfi", "j\u00f6fnur", "r\u00famfr\u00e6\u00f0i"]}, {"abbreviation": "MV", "topics": ["Mengi", "hornaf\u00f6ll", "talningarfr\u00e6\u00f0i", "vigrar og keilusni\u00f0"]}, {"abbreviation": "FF", "topics": ["F\u00f6ll og ferlar"]}, {"abbreviation": "MD", "topics": ["F\u00f6ll", "margli\u00f0udeiling", "markgildi og deildun algengustu falla"]}, {"abbreviation": "SR", "topics": ["St\u00e6r\u00f0fr\u00e6\u00f0igreining", "fylkjareikningur", "heildun", "l\u00ednuleg bestun", "runur og ra\u00f0ir", "\u00ferepasannanir og margv\u00ed\u00f0 f\u00f6ll"]}, {"abbreviation": "HN", "topics": ["hnitakerfi"]}, {"abbreviation": "JF", "topics": ["f\u00f6ll", "j\u00f6fnur og \u00f3j\u00f6fnur", "l\u00edkindareikningur og t\u00f6lfr\u00e6\u00f0i", "rauntalnakerfi"]}, {"abbreviation": "LF", "topics": ["F\u00f6ll og ferlar - l\u00ednur og fleygbogar"]}, {"abbreviation": "R\u00d6", "topics": ["R\u00f6k og mengi"]}, {"abbreviation": "F\u00d6", "topics": ["F\u00f6ll", "ferlar", "fleygbogar", "keilusni\u00f0 og hornaf\u00f6ll", "l\u00ednur"]}, {"abbreviation": "MG", "topics": ["Markgildi og aflei\u00f0ur"]}, {"abbreviation": "JR", "topics": ["AJ", "BR"]}, {"abbreviation": "PV", "topics": ["aflei\u00f0ur", "lograr", "pr\u00f3sentur", "vaxtareikningur"]}, {"abbreviation": "FV", "topics": ["Heildun falla", "flatarm\u00e1l og r\u00famm\u00e1l"]}, {"abbreviation": "VS", "topics": ["Vi\u00f0skipta st\u00e6r\u00f0fr\u00e6\u00f0i"]}, {"abbreviation": "BT", "topics": ["B\u00f3kstafareikningur og talnal\u00e6si"]}, {"abbreviation": "XY", "topics": ["Algebra", "hnitakerfi\u00f0", "hornaf\u00f6ll.", "r\u00famfr\u00e6\u00f0i"]}, {"abbreviation": "XZ", "topics": ["Algebra", "hnitakerfi\u00f0", "hornaf\u00f6ll.", "j\u00f6fnur", "r\u00famfr\u00e6\u00f0i"]}, {"abbreviation": "TV", "topics": ["T\u00f6lfr\u00e6\u00f0i", "talningar", "vi\u00f0skipti."]}, {"abbreviation": "\u00c1T", "topics": ["T\u00f6lfr\u00e6\u00f0i", "\u00e1lyktunart\u00f6lfr\u00e6\u00f0i"]}, {"abbreviation": "TT", "topics": ["Algebra", "talningafr\u00e6\u00f0i", "t\u00f6lfr\u00e6\u00f0i og l\u00edkindareikningur"]}, {"abbreviation": "GH", "topics": ["algebra", "forgangsr\u00f6\u00f0 a\u00f0ger\u00f0a", "hnitakerfi"]}, {"abbreviation": "SI", "topics": ["St\u00e6r\u00f0fr\u00e6\u00f0i 1 \u00e1 starfsbraut"]}, {"abbreviation": "SJ", "topics": ["St\u00e6r\u00f0fr\u00e6\u00f0i 2 \u00e1 starfsbraut"]}, {"abbreviation": "SK", "topics": ["St\u00e6r\u00f0fr\u00e6\u00f0i 3 \u00e1 starfsbraut"]}, {"abbreviation": "GF", "topics": ["Grunn\u00e1fangi \u00ed st\u00e6r\u00f0fr\u00e6\u00f0i \u00e1 f\u00e9lagsv\u00edsindabraut"]}, {"abbreviation": "G\u00c1", "topics": ["Grunn\u00e1fangi \u00ed st\u00e6r\u00f0fr\u00e6\u00f0i \u00e1 n\u00e1tt\u00faruv\u00edsindabraut"]}, {"abbreviation": "DD", "topics": ["D\u00e6gurd\u00e6mi"]}, {"abbreviation": "FL", "topics": ["ST\u00c6R"]}, {"abbreviation": "HH", "topics": ["Hlutf\u00f6ll", "hornaf\u00f6ll"]}, {"abbreviation": "DL", "topics": ["Peningar", "t\u00edmahugt\u00f6k", "ver\u00f0gildi"]}, {"abbreviation": "PI", "topics": ["Peningar", "innkaup", "ver\u00f0mi\u00f0ar"]}, {"abbreviation": "PH", "topics": ["Peningar", "heimilisb\u00f3khald", "tekjur og \u00fatgj\u00f6ld"]}, {"abbreviation": "PR", "topics": ["Pr\u00f3sentureikningur"]}, {"abbreviation": "TG", "topics": ["Talnagildi"]}, {"abbreviation": "MH", "topics": ["F\u00f6ll", "fleygbogar", "hornaf\u00f6ll", "margli\u00f0ur"]}, {"abbreviation": "VR", "topics": ["Vigrar", "r\u00famfr\u00e6\u00f0i"]}, {"abbreviation": "CQ", "topics": ["f\u00f6ll og deildun. Annar \u00e1fangi"]}, {"abbreviation": "JV", "topics": ["2. stigs j\u00f6fnur", "hnitakerfi\u00f0 og algebrubrot", "v\u00edsif\u00f6ll"]}, {"abbreviation": "HI", "topics": ["Heildun og deildarj\u00f6fnur"]}, {"abbreviation": "BQ", "topics": ["Algebra", "brot", "fleygbogar og lograr"]}, {"abbreviation": "CC", "topics": ["Vigrar og hornaf\u00f6ll"]}, {"abbreviation": "EE", "topics": ["Heildun", "diffurj\u00f6fnur", "runur og ra\u00f0ir"]}, {"abbreviation": "FU", "topics": ["Heildun", "tvinnt\u00f6lur og diffurj\u00f6fnur"]}, {"abbreviation": "ES", "topics": ["Strj\u00e1l st\u00e6r\u00f0fr\u00e6\u00f0i"]}, {"abbreviation": "EL", "topics": ["L\u00ednuleg algebra"]}, {"abbreviation": "AM", "topics": ["Algebra", "f\u00f6ll og mengi"]}, {"abbreviation": "P\u00de", "topics": ["lausn jafna", "pr\u00f3sentureikningur", "r\u00famfr\u00e6\u00f0i", "talnareikningur"]}, {"abbreviation": "MM", "topics": ["fleygbogar", "hnitakerfi\u00f0", "margli\u00f0ur", "mengi"]}, {"abbreviation": "\u00deA", "topics": ["algebra", "hlutf\u00f6ll", "veldi", "\u00fer\u00edhyrningar"]}, {"abbreviation": "VA", "topics": ["Vi\u00f0skiptareikningur"]}, {"abbreviation": "HJ", "topics": ["hnitakerfi", "j\u00f6fnur", "margli\u00f0ur"]}, {"abbreviation": "YM", "topics": ["fylkjareikningur", "hagn\u00fdting \u00e1 diffurreikningi", "tvinnt\u00f6lureikningar"]}, {"abbreviation": "BD", "topics": ["brei\u00f0bogaf\u00f6ll", "diffurj\u00f6fnur", "fylki"]}, {"abbreviation": "DV", "topics": ["Diffrun", "f\u00f6ll", "v\u00edsis- og lograf\u00f6ll"]}, {"abbreviation": "VD", "topics": ["diffrun", "vigrar"]}, {"abbreviation": "HF", "topics": ["diffurj\u00f6fnur", "fylgi", "heildun", "r\u00famfr\u00e6\u00f0i"]}, {"abbreviation": "MJ", "topics": ["2. stigs j\u00f6fnur og \u00f3j\u00f6fnur", "Mengjareikningur", "gr\u00f6f", "margli\u00f0ur og l\u00f3garitma.", "veldi og r\u00e6tur"]}, {"abbreviation": "ML", "topics": ["Mengi", "j\u00f6fnur", "l\u00f3garitmar.", "margli\u00f0ur"]}, {"abbreviation": "KV", "topics": ["Vigrar", "hnitar\u00famfr\u00e6\u00f0i og r\u00f6kfr\u00e6\u00f0i.", "hornaf\u00f6ll", "keilusni\u00f0"]}, {"abbreviation": "DI", "topics": ["Heildun", "diffurj\u00f6fnur."]}, {"abbreviation": "TM", "topics": ["T\u00edmahugt\u00f6k"]}], "_id": "50c0a02dd8e40575f7f6f490", "subjects": ["st\u00e6r\u00f0fr\u00e6\u00f0i"], "counter": {"1": 33, "3": 32, "2": 46, "4": 0}}, "evaluation": "N\u00e1msmat er \u00fatf\u00e6rt \u00ed kennslu\u00e1\u00e6tlun \u00ed samr\u00e6mi vi\u00f0 sk\u00f3lan\u00e1mskr\u00e1.", "categorization_suggestion": "", "embedded_topics": {"abbreviation": "AF", "topics": ["algebra", "f\u00f6ll", "gr\u00f6f"]}, "status": "approved by school", "description": "Meginefni \u00e1fangans er algebra, f\u00f6ll og mengi.\n\nEfnis\u00fe\u00e6ttir sem teknir ver\u00f0a fyrir \u00ed \u00e1fanganum eru:\n\nB\u00f3kstafareikningur:  Veldi og r\u00e6tur. J\u00f6fnur af \u00f6\u00f0ru stigi. K\u00f6nnun annars stigs ferla (fleygboga) \u00ed hnitakerfi. Me\u00f0fer\u00f0 algebrubrota.  Margli\u00f0udeiling. \u00d3j\u00f6fnur af fyrsta og \u00f6\u00f0ru stigi. Kynning \u00e1 v\u00edsisf\u00f6llum og logrum.\n\nF\u00f6ll: Fallhugtaki\u00f0 innleitt og nokkur algeng f\u00f6ll kynnt, t.d. t\u00f6lugildisfalli\u00f0.\n\nMengi:  Grunnhugt\u00f6k mengjafr\u00e6\u00f0i, s.s. st\u00f6k, hlutmengi, sammengi og Vennmyndir.\n", "knowledge_goals": ["algebru, f\u00f6llum og mengjum, s.s. a\u00f0 framan greinir"], "skills_goals": ["nota veldi og r\u00e6tur, helstu veldareglur og vinna me\u00f0 brotna veldisv\u00edsa", "finna n\u00fallst\u00f6\u00f0var, samhverfu\u00e1s og \u00fatgildi fleygboga, teikna \u00fe\u00e1 \u00ed hnitakefi og finna skur\u00f0punkta \u00feeirra vi\u00f0 beinar l\u00ednur", "leysa annars stigs j\u00f6fnur me\u00f0 ferningsr\u00f3tara\u00f0fer\u00f0, \u00fe\u00e1ttun og me\u00f0 lausnarform\u00falu, leysa r\u00f3tarj\u00f6fnur og a\u00f0 nota breytuskipti til a\u00f0 leysa dulb\u00fanar annars stigsj\u00f6fnur", "leysa \u00f3j\u00f6fnur af fyrsta og \u00f6\u00f0ru stigi, m.a. me\u00f0 hj\u00e1lp formerkjat\u00f6flu", "nota logra til a\u00f0 leysa einfaldar v\u00edsisj\u00f6fnur", "deila me\u00f0 margli\u00f0udeilingu og a\u00f0 nota hana til a\u00f0 \u00fe\u00e1tta fl\u00f3knar margli\u00f0ur", "lengja, stytta, deila, margfalda og leggja saman algebrubrot", "vinna me\u00f0 fallhugtaki\u00f0, s.s. a\u00f0 \u00e1kvar\u00f0a hvort v\u00f6rpun er fall, finna formengi og varpmengi og teikna gr\u00f6f falla", "nota einfaldan mengjareikning og Vennmyndir"], "credits": 5, "last_modified": 1474985578.210541, "schools": ["512353008caa45ed97015b49"], "coauthors": [], "instructions": "", "continued_education": false, "level": 2, "prerequisites": "Nemendur hafa loki\u00f0 grunnsk\u00f3la me\u00f0 einkunnina B e\u00f0a h\u00e6rri", "author": "6c2fcef4-a2a5-4b10-88f3-ca62dba9fffd", "abbreviation_version": null, "competence_goals": [["skr\u00e1 lausnir s\u00ednar skipulega og geta r\u00e6tt \u00fe\u00e6r og \u00fatsk\u00fdrt fyrir \u00f6\u00f0rum", ""], ["skilja merkingu og tengsl hugtaka \u00ed n\u00e1msefninu og vinna me\u00f0 \u00feau", ""], ["beita gagnr\u00fdninni hugsun og skipul\u00f6g\u00f0um a\u00f0fer\u00f0um vi\u00f0 a\u00f0 leysa verkefni \u00fat fr\u00e1 \u00feekkingu \u00e1 lausnum svipa\u00f0ra verkefna", ""]], "_id": "57ea7e6a62933a0306014117"}, {"exemplary": null, "topics": "fr\u00e1 n\u00fdr\u00f3mant\u00edk til m\u00f3dernisma", "abbreviation": "\u00cdSLE3NM05", "former_schools": null, "subject": "\u00edslenska", "title": "B\u00f3kmenntir \u00e1 20. \u00f6ld, fr\u00e1 n\u00fdr\u00f3mant\u00edk til m\u00f3dernisma", "version": 64, "status_trans": "Sam\u00feykkt af sk\u00f3la", "embedded_subject": {"abbreviation": "\u00cdSLE", "topics": [{"abbreviation": "VR", "topics": ["ritun", "vi\u00f0skiptaskj\u00f6l"]}, {"abbreviation": "TM", "topics": ["m\u00e1lskilningur", "tj\u00e1ning"]}, {"abbreviation": "MS", "topics": ["m\u00e1lskilningur", "s\u00e9rdeild"]}, {"abbreviation": "RT", "topics": ["ritun og tj\u00e1ning"]}, {"abbreviation": "LL", "topics": ["leshra\u00f0i", "lesskilningur"]}, {"abbreviation": "MM", "topics": ["m\u00e1lfr\u00e6\u00f0i", "m\u00e1ltilfinning"]}, {"abbreviation": "RG", "topics": ["greinamerkjasetning", "r\u00e9ttritun"]}, {"abbreviation": "SF", "topics": ["fr\u00f3\u00f0leiks\u00f6flun", "samskipti"]}, {"abbreviation": "BK", "topics": ["b\u00f3kmenntir", "kj\u00f6rb\u00f3k"]}, {"abbreviation": "RB", "topics": ["b\u00f3kmenntir", "ritun"]}, {"abbreviation": "BM", "topics": ["b\u00f3kmenntir", "m\u00e1lsaga", "ritun", "tj\u00e1ning"]}, {"abbreviation": "NB", "topics": ["n\u00fat\u00edmab\u00f3kmenntir"]}, {"abbreviation": "BF", "topics": ["b\u00f3kmenntir fyrri alda"]}, {"abbreviation": "SB", "topics": ["menning", "samt\u00edmab\u00f3kmenntir"]}, {"abbreviation": "BB", "topics": ["barnab\u00f3kmenntir"]}, {"abbreviation": "HR", "topics": ["hra\u00f0lestur"]}, {"abbreviation": "YN", "topics": ["yndislestur"]}, {"abbreviation": "ML", "topics": ["leskilningur", "m\u00e1lnotkun", "m\u00e1ltaka", "ritun og tj\u00e1ning"]}, {"abbreviation": "MB", "topics": ["b\u00f3kmenntir og ritun", "m\u00e1lnotkun"]}, {"abbreviation": "MN", "topics": ["b\u00f3kmenntir", "m\u00e1lsaga og nafnasi\u00f0ir"]}, {"abbreviation": "YH", "topics": ["hra\u00f0lestur", "yndislestur"]}, {"abbreviation": "BS", "topics": ["b\u00f3kmenntir s\u00ed\u00f0ari alda"]}, {"abbreviation": "FH", "topics": ["f\u00e9lagsleg m\u00e1lv\u00edsindi", "hlj\u00f3\u00f0fr\u00e6\u00f0i og hlj\u00f3\u00f0kerfisfr\u00e6\u00f0i", "\u00fe\u00fd\u00f0ingar"]}, {"abbreviation": "TB", "topics": ["tj\u00e1skipti barna og fullor\u00f0inna"]}, {"abbreviation": "GL", "topics": ["gl\u00e6pas\u00f6gur"]}, {"abbreviation": "RM", "topics": ["m\u00e1lfr\u00e6\u00f0i", "ritun", "stafsetning"]}, {"abbreviation": "BT", "topics": ["bragfr\u00e6\u00f0i", "setningafr\u00e6\u00f0i", "textar fr\u00e1 \u00fdmsum l\u00f6ndum"]}, {"abbreviation": "MT", "topics": ["m\u00e1lfr\u00e6\u00f0i", "ritun og tj\u00e1ning"]}, {"abbreviation": "BR", "topics": ["b\u00f3kmenntir", "m\u00e1lnotkun", "ritun"]}, {"abbreviation": "MG", "topics": ["b\u00f3kmenntir og ritun", "go\u00f0afr\u00e6\u00f0i", "m\u00e1lsaga"]}, {"abbreviation": "EU", "topics": ["eddukv\u00e6\u00f0i", "uppl\u00fdsing"]}, {"abbreviation": "UK", "topics": ["kreppa", "uppl\u00fdsing"]}, {"abbreviation": "KA", "topics": ["aldam\u00f3t", "kreppa"]}, {"abbreviation": "RN", "topics": ["n\u00fat\u00edmab\u00f3kmenntir", "ritger\u00f0arsm\u00ed\u00f0"]}, {"abbreviation": "KU", "topics": ["kynningarefni", "ums\u00f3knir"]}, {"abbreviation": "RI", "topics": ["ritger\u00f0arsm\u00ed\u00f0", "textar fr\u00e1 \u00fdmsum l\u00f6ndum"]}, {"abbreviation": "BG", "topics": ["b\u00f3kmenntir", "go\u00f0afr\u00e6\u00f0i", "m\u00e1lsaga"]}, {"abbreviation": "FM", "topics": ["fornb\u00f3kmenntir", "m\u00e1lfr\u00e6\u00f0i"]}, {"abbreviation": "BN", "topics": ["b\u00f3kmenntir", "n\u00fat\u00edmi"]}, {"abbreviation": "FO", "topics": ["fornb\u00f3kmenntir"]}, {"abbreviation": "UN", "topics": ["undirb\u00fanings\u00e1fangi \u00ed \u00edslensku"]}, {"abbreviation": "MR", "topics": ["b\u00f3kmenntir", "m\u00e1lnotkun og ritun"]}, {"abbreviation": "ED", "topics": ["eddukv\u00e6\u00f0i og \u00edslendingas\u00f6gur"]}, {"abbreviation": "NJ", "topics": ["fr\u00e1 nj\u00e1lu til n\u00fdr\u00f3mant\u00edkur"]}, {"abbreviation": "\u00d6L", "topics": ["b\u00f3kmenntir \u00e1 20. \u00f6ld"]}, {"abbreviation": "ME", "topics": ["b\u00f3kmenntir"]}, {"abbreviation": "RL", "topics": ["lestur", "ritun og tj\u00e1ning"]}, {"abbreviation": "MI", "topics": ["m\u00e1l og b\u00f3kmenntir fr\u00e1 si\u00f0askiptum til aldam\u00f3tanna 1900"]}, {"abbreviation": "GM", "topics": ["go\u00f0afr\u00e6\u00f0i", "m\u00e1lsaga"]}, {"abbreviation": "GR", "topics": ["grunnur"]}, {"abbreviation": "LR", "topics": ["lestur og ritun"]}, {"abbreviation": "ST", "topics": ["stafsetning"]}, {"abbreviation": "\u00cdS", "topics": ["\u00edslenska"]}, {"abbreviation": "LT", "topics": ["lestur", "m\u00e1lfr\u00e6\u00f0i", "ritun", "stafsetning", "tj\u00e1ning"]}, {"abbreviation": "SR", "topics": ["lestur og tj\u00e1ning", "m\u00e1lfr\u00e6\u00f0i", "ritun", "stafsetning"]}, {"abbreviation": "GO", "topics": ["go\u00f0afr\u00e6\u00f0i", "m\u00e1lnotkun og ritun", "m\u00e1lsaga"]}, {"abbreviation": "NH", "topics": ["b\u00f3kmenntasaga 1900 til samt\u00edmans", "hugtakabeiting", "n\u00fat\u00edmab\u00f3kmenntir"]}, {"abbreviation": "RR", "topics": ["ritger\u00f0asm\u00ed\u00f0", "ritun"]}, {"abbreviation": "LF", "topics": ["b\u00f3kmenntasaga 1550-1900", "l\u00e6rd\u00f3ms\u00f6ld", "rauns\u00e6i"]}, {"abbreviation": "VE", "topics": ["verkefni vali\u00f0 og almenn b\u00f3kmenntafr\u00e6\u00f0i kynnt"]}, {"abbreviation": "MV", "topics": ["m\u00e1lv\u00edsindi"]}, {"abbreviation": "YF", "topics": ["Yndislestur framhald"]}, {"abbreviation": "MH", "topics": ["M\u00e1lsaga og go\u00f0afr\u00e6\u00f0i hra\u00f0fer\u00f0"]}, {"abbreviation": "FF", "topics": ["Fornb\u00f3kmenntir hra\u00f0fer\u00f0"]}, {"abbreviation": "YM", "topics": ["Yndislestur 2"]}, {"abbreviation": "FJ", "topics": ["fj\u00f6lmi\u00f0lal\u00e6si"]}, {"abbreviation": "RV", "topics": ["ritger\u00f0arvinna"]}, {"abbreviation": "LS", "topics": ["- sk\u00e1ldsaga \u00far n\u00fat\u00edma", "lestur og lesskilningur"]}, {"abbreviation": "L\u00cd", "topics": ["lestur og lesskilningur - \u00edslendingas\u00f6gur"]}, {"abbreviation": "LE", "topics": ["lestur og lesskilningur - sk\u00e1lds\u00f6gur 20. aldar"]}, {"abbreviation": "H\u00cd", "topics": ["Hagn\u00fdt \u00edslenska"]}, {"abbreviation": "\u00cdM", "topics": ["\u00edslensk m\u00e1lsaga"]}, {"abbreviation": "KV", "topics": ["b\u00f3kmenntir og kvikmyndir"]}, {"abbreviation": "NG", "topics": ["Norr\u00e6n go\u00f0afr\u00e6\u00f0i"]}, {"abbreviation": "LJ", "topics": ["Lj\u00f3\u00f0"]}, {"abbreviation": "AA", "topics": ["Lestur og ritun"]}, {"abbreviation": "\u00cdC", "topics": ["\u00cdslenska \u00e1 starfsbraut"]}, {"abbreviation": "\u00cdA", "topics": ["\u00cdslenska 1 \u00e1 starfsbraut"]}, {"abbreviation": "\u00cdB", "topics": ["\u00cdslenska 2 \u00e1 starfsbraut"]}, {"abbreviation": "N\u00dd", "topics": ["N\u00fdsk\u00f6pun"]}, {"abbreviation": "AB", "topics": ["B\u00f3kmenntir", "m\u00e1lfr\u00e6\u00f0i og ritun"]}, {"abbreviation": "HI", "topics": ["M\u00e1lnotkun og ritun"]}, {"abbreviation": "TR", "topics": ["M\u00e1lnotun og ritun"]}, {"abbreviation": "TL", "topics": ["L\u00e6si", "ritun", "tj\u00e1ning"]}, {"abbreviation": "OH", "topics": ["hlustun", "or\u00f0afor\u00f0i", "talm\u00e1l og ritun"]}, {"abbreviation": "ES", "topics": ["Eddukv\u00e6\u00f0i til si\u00f0askipta"]}, {"abbreviation": "NA", "topics": ["N\u00fdr\u00f3mant\u00edk til aldam\u00f3ta"]}, {"abbreviation": "SN", "topics": ["Si\u00f0askipti til n\u00fdr\u00f3mant\u00edkur"]}, {"abbreviation": "YL", "topics": ["Yndislestur"]}, {"abbreviation": "SS", "topics": ["Stafsetning"]}, {"abbreviation": "BU", "topics": ["Barna- og unglingab\u00f3kmenntir"]}, {"abbreviation": "SK", "topics": ["sk\u00e1lds\u00f6gur"]}, {"abbreviation": "B\u00d3", "topics": ["B\u00f3kmenntir og tungum\u00e1l fr\u00e1 landn\u00e1mi til si\u00f0askipta"]}, {"abbreviation": "M\u00c1", "topics": ["M\u00e1l- og menningarsaga"]}, {"abbreviation": "NF", "topics": ["N\u00fdsk\u00f6punarferli\u00f0: \u00fe\u00f6rf", "afur\u00f0", "lausn"]}, {"abbreviation": "A\u00cd", "topics": ["Almenn \u00edslenska \u00e1 1 \u00ferepi"]}, {"abbreviation": "AM", "topics": ["almenn m\u00e1lnotkun", "b\u00f3kmenntir", "ritun"]}, {"abbreviation": "RS", "topics": ["Skapandi skrif"]}, {"abbreviation": "SP", "topics": ["Spennus\u00f6gur"]}, {"abbreviation": "\u00cdD", "topics": ["\u00cdslenska \u00e1 starfsbraut 4"]}, {"abbreviation": "\u00cdE", "topics": ["\u00cdslenska 5 \u00e1 starfsbraut"]}, {"abbreviation": "SM", "topics": ["Sk\u00e1lds\u00f6gur"]}, {"abbreviation": "M\u00de", "topics": ["\u00cdSLE"]}, {"abbreviation": "SA", "topics": ["Sk\u00f6pun \u00ed v\u00ed\u00f0u samhengi"]}, {"abbreviation": "SJ", "topics": ["L\u00e6si", "b\u00f3kmenntir", "hugtakaskilningur", "m\u00e1lfr\u00e6\u00f0i", "sj\u00e1lfb\u00e6rni og ritun"]}, {"abbreviation": "LM", "topics": ["L\u00e6si", "l\u00fd\u00f0r\u00e6\u00f0i", "mannr\u00e9ttindi og b\u00f3kmenntir"]}, {"abbreviation": "JR", "topics": ["L\u00e6si", "b\u00f3kmenntir og ritun", "jafnr\u00e9tti"]}, {"abbreviation": "HV", "topics": ["L\u00e6si", "heilbrig\u00f0i", "velfer\u00f0 og b\u00f3kmenntir"]}, {"abbreviation": "DB", "topics": ["Sk\u00f3labla\u00f0"]}, {"abbreviation": "\u00c6F", "topics": ["Go\u00f0s\u00f6gur", "fantas\u00edur", "\u00e6vint\u00fdri"]}, {"abbreviation": "VM", "topics": ["Verkefna\u00e1fangi \u00ed m\u00e1lv\u00edsindum"]}, {"abbreviation": "VB", "topics": ["Verkefna\u00e1fangi \u00ed b\u00f3kmenntum"]}, {"abbreviation": "SW", "topics": ["Stafsetning og ritun"]}, {"abbreviation": "MF", "topics": ["M\u00e1lfr\u00e6\u00f0i"]}, {"abbreviation": "SG", "topics": ["B\u00f3kmenntir", "setningafr\u00e6\u00f0i og go\u00f0afr\u00e6\u00f0i"]}, {"abbreviation": "OF", "topics": ["frambur\u00f0ur", "lestrarf\u00e6rni", "or\u00f0afor\u00f0i"]}, {"abbreviation": "CA", "topics": ["B\u00f3kmenntir fram til 1550"]}, {"abbreviation": "BH", "topics": ["Go\u00f0afr\u00e6\u00f0i", "m\u00e1lsaga og ritger\u00f0asm\u00ed\u00f0"]}, {"abbreviation": "DD", "topics": ["B\u00f3kmenntir og b\u00f3kmenntasaga", "einkum 1550-1900."]}, {"abbreviation": "CH", "topics": ["\u00cdslenska 3. Hra\u00f0fer\u00f0"]}, {"abbreviation": "EE", "topics": ["B\u00f3kmenntir og b\u00f3kmenntasaga eftir 1900."]}, {"abbreviation": "HL", "topics": ["M\u00e1lsaga og hlj\u00f3\u00f0fr\u00e6\u00f0i"]}, {"abbreviation": "CB", "topics": ["heimsb\u00f3kmenntir"]}, {"abbreviation": "AL", "topics": ["Almenn m\u00e1lnotkun og l\u00e6si"]}, {"abbreviation": "GF", "topics": ["Go\u00f0afr\u00e6\u00f0i og fornb\u00f3kmenntir"]}, {"abbreviation": "TE", "topics": ["Ritun og textagreining"]}, {"abbreviation": "MA", "topics": ["Menningararfur \u00ed n\u00fat\u00edmanum"]}, {"abbreviation": "S\u00c1", "topics": ["Skrefa\u00f0", "skrifa\u00f0 og skrafa\u00f0 um n\u00e6rsamf\u00e9lagi\u00f0/\u00e1tthagana."]}, {"abbreviation": "NM", "topics": ["fr\u00e1 n\u00fdr\u00f3mant\u00edk til m\u00f3dernisma"]}, {"abbreviation": "HM", "topics": ["Heimildir og m\u00e1lnotkun"]}, {"abbreviation": "M\u00c6", "topics": ["Menningarl\u00e6si"]}, {"abbreviation": "CK", "topics": ["\u00edslenskar kvikmyndir"]}, {"abbreviation": "CL", "topics": ["Leikh\u00fas og leikb\u00f3kmenntir"]}, {"abbreviation": "DL", "topics": ["Leikh\u00fas og leikb\u00f3kmenntir."]}, {"abbreviation": "CN", "topics": ["\u00derj\u00fa verk Halld\u00f3rs Laxness."]}, {"abbreviation": "HB", "topics": ["B\u00f3kmenntir", "heimildaritger\u00f0", "m\u00e1lsaga"]}, {"abbreviation": "CU", "topics": ["Barnab\u00f3kmenntir."]}, {"abbreviation": "CP", "topics": ["Textager\u00f0 og ritstj\u00f3rn"]}, {"abbreviation": "CY", "topics": ["Yndislestur I"]}, {"abbreviation": "DY", "topics": ["Yndislestur II"]}, {"abbreviation": "RH", "topics": ["\u00darvinnsla heimilda og ritun"]}, {"abbreviation": "B\u00cd", "topics": ["B\u00f3kmenntasaga", "\u00cdslendingasaga og forn kve\u00f0skapur"]}, {"abbreviation": "BL", "topics": ["B\u00f3kmenntasaga", "leikritalestur", "lj\u00f3\u00f0alestur", "n\u00fat\u00edmab\u00f3kmenntir"]}, {"abbreviation": "RF", "topics": ["Ritger\u00f0arskrif", "go\u00f0afr\u00e6\u00f0i og m\u00e1lsaga"]}, {"abbreviation": "KM", "topics": ["b\u00f3kmenntir", "kv\u00e6\u00f0i", "lj\u00f3\u00f0", "m\u00e1lnotkun", "ritun"]}, {"abbreviation": "SL", "topics": ["Ritlist"]}, {"abbreviation": "RO", "topics": ["lestur", "m\u00e1lnotkun", "or\u00f0afor\u00f0i", "ritun"]}, {"abbreviation": "LB", "topics": ["b\u00f3kmenntir", "l\u00e6si", "ritun", "stafsetning"]}, {"abbreviation": "FL", "topics": ["frams\u00f6gn", "lestur", "margv\u00edsleg ritun", "or\u00f0afor\u00f0i"]}, {"abbreviation": "HS", "topics": ["heimildavinna", "m\u00e1lnotkun", "ritun", "setningafr\u00e6\u00f0i"]}, {"abbreviation": "KB", "topics": ["b\u00f3kmenntasaga", "heimildavinna", "kynningar", "valdir b\u00f3kmenntatextar"]}, {"abbreviation": "VT", "topics": ["b\u00f3kmenntasaga", "stefnur \u00ed listum og menningu", "valdir b\u00f3kmenntatextar"]}, {"abbreviation": "KF", "topics": ["fr\u00e6\u00f0ileg umfj\u00f6llun", "kvikmyndafr\u00e6\u00f0i", "kvikmyndal\u00e6si", "samf\u00e9lagsr\u00fdni"]}, {"abbreviation": "UM", "topics": ["m\u00e1lfr\u00e6\u00f0i", "or\u00f0afor\u00f0i", "uppruni m\u00e1la", "\u00edslensk m\u00e1lsaga"]}, {"abbreviation": "\u00deH", "topics": ["\u00fej\u00f3\u00f0h\u00e1ttafr\u00e6\u00f0i", "\u00fej\u00f3\u00f0l\u00edfsfr\u00e6\u00f0i", "\u00fej\u00f3\u00f0sagnafr\u00e6\u00f0i og hversdagsmenning"]}, {"abbreviation": "FS", "topics": ["lestur fagurb\u00f3kmennta", "skapandi skrif", "t\u00falkunarm\u00f6guleikar"]}, {"abbreviation": "KS", "topics": ["mi\u00f0aldab\u00f3kmenntir (kv\u00e6\u00f0i og s\u00f6gur)", "\u00e1hrif \u00feeirra \u00e1 n\u00fat\u00edmaverk"]}, {"abbreviation": "TS", "topics": ["m\u00e1lfar", "samf\u00e9lag", "tj\u00e1skipti", "tungum\u00e1l"]}, {"abbreviation": "\u00c1\u00d6", "topics": ["\u00c1stir og \u00f6rl\u00f6g \u00ed b\u00f3kmenntum fyrri alda"]}, {"abbreviation": "LH", "topics": ["Leikh\u00fas", "leiklist og leikb\u00f3kmenntir"]}, {"abbreviation": "DE", "topics": ["Delludagar", "Lestur og ritun"]}, {"abbreviation": "FV", "topics": ["Frumverk", "Lestur og ritun"]}, {"abbreviation": "A\u00de", "topics": ["Af\u00fereyingarb\u00f3kmenntir"]}, {"abbreviation": "B\u00de", "topics": ["\u00dej\u00f3\u00f0ararfurinn og tenging hans vi\u00f0 n\u00fat\u00edmann"]}, {"abbreviation": "OS", "topics": ["Or\u00f0spor"]}, {"abbreviation": "UT", "topics": ["Munnleg tj\u00e1ning"]}, {"abbreviation": "V\u00cd", "topics": ["V\u00edkingar og menning \u00feeirra"]}, {"abbreviation": "LX", "topics": ["Halld\u00f3r Laxness"]}, {"abbreviation": "ON", "topics": ["Beyginar", "frambur\u00f0ur", "setningaskipan og or\u00f0afor\u00f0i n\u00fat\u00edmam\u00e1ls"]}, {"abbreviation": "GE", "topics": ["B\u00f3kmenntagreining", "eddukv\u00e6\u00f0i og ritun.", "go\u00f0afr\u00e6\u00f0i"]}, {"abbreviation": "BA", "topics": ["B\u00f3kmenntir s\u00ed\u00f0ari alda"]}, {"abbreviation": "F\u00c9", "topics": ["F\u00e9lagsleg m\u00e1lv\u00edsindi"]}, {"abbreviation": "\u00cdR", "topics": ["mi\u00f0aldab\u00f3kmenntir", "r\u00f3mant\u00edk og ritun", "\u00cdslendingasaga"]}, {"abbreviation": "RD", "topics": ["Rauns\u00e6i", "b\u00f3kmenntasaga 20. aldar og 21. aldar."]}, {"abbreviation": "LG", "topics": ["Lestur g\u00f3\u00f0ra b\u00f3ka"]}, {"abbreviation": "NS", "topics": ["N\u00fat\u00edmab\u00f3kmenntir", "lestur og skapandi skrif"]}, {"abbreviation": "VH", "topics": ["b\u00f3kmenntir", "l\u00e6si", "velfer\u00f0"]}, {"abbreviation": "VF", "topics": ["l\u00e6si", "velfer\u00f0 og b\u00f3kmenntir"]}, {"abbreviation": "UL", "topics": ["l\u00e6si", "sk\u00f6pun", "uppg\u00f6tvun"]}], "_id": "50c0a02dd8e40575f7f6f4a2", "subjects": ["\u00edslenska"], "counter": {"1": 54, "3": 63, "2": 47, "4": 2}}, "evaluation": "N\u00e1msmat er \u00fatf\u00e6rt \u00ed kennslu\u00e1\u00e6tlun \u00ed samr\u00e6mi vi\u00f0 sk\u00f3lan\u00e1mskr\u00e1", "categorization_suggestion": "", "embedded_topics": {"abbreviation": "NM", "topics": ["fr\u00e1 n\u00fdr\u00f3mant\u00edk til m\u00f3dernisma"]}, "status": "approved by school", "description": "Fjalla\u00f0 er um \u00edslenskar b\u00f3kmenntir fr\u00e1 1900 til 1970 \u00fat fr\u00e1 b\u00f3kmenntastefnum, \u00fe.e. r\u00f3mant\u00edk, f\u00e9lagslegu rauns\u00e6i og m\u00f3dernisma. L\u00f6g\u00f0 er \u00e1hersla \u00e1 hvernig b\u00f3kmenntirnar endurspegla \u00fej\u00f3\u00f0f\u00e9lagi\u00f0.", "knowledge_goals": ["\u00f6llum helstu b\u00f3kmenntahugt\u00f6kum", "mismunandi tegundum b\u00f3kmennta", "b\u00f3kmenntastefnum \u00e1 \u00cdslandi fr\u00e1 1900-1970"], "skills_goals": ["lesa s\u00e9r til gagns og gamans og r\u00fdna \u00ed b\u00f3kmenntatexta fr\u00e1 1900-1970", "n\u00fdta sk\u00f6punarg\u00e1fu og s\u00fdna sj\u00e1lfst\u00e6\u00f0i vi\u00f0 \u00farvinnslu verkefna", "flytja af \u00f6ryggi vel uppbygg\u00f0a kynningu \u00e1 krefjandi efni", "skrifa ritger\u00f0ir \u00fear sem hann beitir gagnr\u00fdnni hugsun vi\u00f0 \u00farvinnslu og kemur efninu \u00e1 framf\u00e6ri \u00e1 sk\u00fdran og greinarg\u00f3\u00f0an h\u00e1tt \u00e1 bl\u00e6brig\u00f0ar\u00edku m\u00e1li"], "credits": 5, "last_modified": 1421141030.329975, "schools": ["512353008caa45ed97015b49"], "coauthors": null, "instructions": "", "continued_education": false, "level": 3, "prerequisites": "ISLE3LF05 e\u00f0a samb\u00e6rilegur \u00e1fangi.", "author": "d97bdbe1-9740-4273-ac35-b0175df53eee", "abbreviation_version": null, "competence_goals": [["draga saman a\u00f0alatri\u00f0i, beita gagnr\u00fdnni hugsun vi\u00f0 lestur, t\u00falkun og \u00farvinnslu krefjandi texta og geta mi\u00f0la\u00f0 \u00fev\u00ed \u00e1 sk\u00fdran h\u00e1tt til samnemenda sinna", ""], ["\u00e1tta sig \u00e1 samf\u00e9lagslegri sk\u00edrskotun og n\u00e1 duldum bo\u00f0skap og hugmyndum", ""], ["s\u00fdna frumkv\u00e6\u00f0i og sj\u00e1lfst\u00e6\u00f0i \u00ed vinnubr\u00f6g\u00f0um", ""], ["s\u00fdna \u00feroska\u00f0a si\u00f0fer\u00f0isvitund, v\u00ed\u00f0s\u00fdni, sk\u00f6punarh\u00e6fni og saml\u00ed\u00f0an \u00ed m\u00e1lflutningi s\u00ednum, umfj\u00f6llun og verkum", ""]], "_id": "54b4e42662933a47e1000a20"}, {"exemplary": null, "topics": "B\u00f3kmenntir, setningafr\u00e6\u00f0i og go\u00f0afr\u00e6\u00f0i", "abbreviation": "\u00cdSLE2SG05", "former_schools": null, "subject": "\u00edslenska", "title": "B\u00f3kmenntir,setningafr\u00e6\u00f0i og go\u00f0afr\u00e6\u00f0i", "version": 25, "status_trans": "Sam\u00feykkt af sk\u00f3la", "embedded_subject": {"abbreviation": "\u00cdSLE", "topics": [{"abbreviation": "VR", "topics": ["ritun", "vi\u00f0skiptaskj\u00f6l"]}, {"abbreviation": "TM", "topics": ["m\u00e1lskilningur", "tj\u00e1ning"]}, {"abbreviation": "MS", "topics": ["m\u00e1lskilningur", "s\u00e9rdeild"]}, {"abbreviation": "RT", "topics": ["ritun og tj\u00e1ning"]}, {"abbreviation": "LL", "topics": ["leshra\u00f0i", "lesskilningur"]}, {"abbreviation": "MM", "topics": ["m\u00e1lfr\u00e6\u00f0i", "m\u00e1ltilfinning"]}, {"abbreviation": "RG", "topics": ["greinamerkjasetning", "r\u00e9ttritun"]}, {"abbreviation": "SF", "topics": ["fr\u00f3\u00f0leiks\u00f6flun", "samskipti"]}, {"abbreviation": "BK", "topics": ["b\u00f3kmenntir", "kj\u00f6rb\u00f3k"]}, {"abbreviation": "RB", "topics": ["b\u00f3kmenntir", "ritun"]}, {"abbreviation": "BM", "topics": ["b\u00f3kmenntir", "m\u00e1lsaga", "ritun", "tj\u00e1ning"]}, {"abbreviation": "NB", "topics": ["n\u00fat\u00edmab\u00f3kmenntir"]}, {"abbreviation": "BF", "topics": ["b\u00f3kmenntir fyrri alda"]}, {"abbreviation": "SB", "topics": ["menning", "samt\u00edmab\u00f3kmenntir"]}, {"abbreviation": "BB", "topics": ["barnab\u00f3kmenntir"]}, {"abbreviation": "HR", "topics": ["hra\u00f0lestur"]}, {"abbreviation": "YN", "topics": ["yndislestur"]}, {"abbreviation": "ML", "topics": ["leskilningur", "m\u00e1lnotkun", "m\u00e1ltaka", "ritun og tj\u00e1ning"]}, {"abbreviation": "MB", "topics": ["b\u00f3kmenntir og ritun", "m\u00e1lnotkun"]}, {"abbreviation": "MN", "topics": ["b\u00f3kmenntir", "m\u00e1lsaga og nafnasi\u00f0ir"]}, {"abbreviation": "YH", "topics": ["hra\u00f0lestur", "yndislestur"]}, {"abbreviation": "BS", "topics": ["b\u00f3kmenntir s\u00ed\u00f0ari alda"]}, {"abbreviation": "FH", "topics": ["f\u00e9lagsleg m\u00e1lv\u00edsindi", "hlj\u00f3\u00f0fr\u00e6\u00f0i og hlj\u00f3\u00f0kerfisfr\u00e6\u00f0i", "\u00fe\u00fd\u00f0ingar"]}, {"abbreviation": "TB", "topics": ["tj\u00e1skipti barna og fullor\u00f0inna"]}, {"abbreviation": "GL", "topics": ["gl\u00e6pas\u00f6gur"]}, {"abbreviation": "RM", "topics": ["m\u00e1lfr\u00e6\u00f0i", "ritun", "stafsetning"]}, {"abbreviation": "BT", "topics": ["bragfr\u00e6\u00f0i", "setningafr\u00e6\u00f0i", "textar fr\u00e1 \u00fdmsum l\u00f6ndum"]}, {"abbreviation": "MT", "topics": ["m\u00e1lfr\u00e6\u00f0i", "ritun og tj\u00e1ning"]}, {"abbreviation": "BR", "topics": ["b\u00f3kmenntir", "m\u00e1lnotkun", "ritun"]}, {"abbreviation": "MG", "topics": ["b\u00f3kmenntir og ritun", "go\u00f0afr\u00e6\u00f0i", "m\u00e1lsaga"]}, {"abbreviation": "EU", "topics": ["eddukv\u00e6\u00f0i", "uppl\u00fdsing"]}, {"abbreviation": "UK", "topics": ["kreppa", "uppl\u00fdsing"]}, {"abbreviation": "KA", "topics": ["aldam\u00f3t", "kreppa"]}, {"abbreviation": "RN", "topics": ["n\u00fat\u00edmab\u00f3kmenntir", "ritger\u00f0arsm\u00ed\u00f0"]}, {"abbreviation": "KU", "topics": ["kynningarefni", "ums\u00f3knir"]}, {"abbreviation": "RI", "topics": ["ritger\u00f0arsm\u00ed\u00f0", "textar fr\u00e1 \u00fdmsum l\u00f6ndum"]}, {"abbreviation": "BG", "topics": ["b\u00f3kmenntir", "go\u00f0afr\u00e6\u00f0i", "m\u00e1lsaga"]}, {"abbreviation": "FM", "topics": ["fornb\u00f3kmenntir", "m\u00e1lfr\u00e6\u00f0i"]}, {"abbreviation": "BN", "topics": ["b\u00f3kmenntir", "n\u00fat\u00edmi"]}, {"abbreviation": "FO", "topics": ["fornb\u00f3kmenntir"]}, {"abbreviation": "UN", "topics": ["undirb\u00fanings\u00e1fangi \u00ed \u00edslensku"]}, {"abbreviation": "MR", "topics": ["b\u00f3kmenntir", "m\u00e1lnotkun og ritun"]}, {"abbreviation": "ED", "topics": ["eddukv\u00e6\u00f0i og \u00edslendingas\u00f6gur"]}, {"abbreviation": "NJ", "topics": ["fr\u00e1 nj\u00e1lu til n\u00fdr\u00f3mant\u00edkur"]}, {"abbreviation": "\u00d6L", "topics": ["b\u00f3kmenntir \u00e1 20. \u00f6ld"]}, {"abbreviation": "ME", "topics": ["b\u00f3kmenntir"]}, {"abbreviation": "RL", "topics": ["lestur", "ritun og tj\u00e1ning"]}, {"abbreviation": "MI", "topics": ["m\u00e1l og b\u00f3kmenntir fr\u00e1 si\u00f0askiptum til aldam\u00f3tanna 1900"]}, {"abbreviation": "GM", "topics": ["go\u00f0afr\u00e6\u00f0i", "m\u00e1lsaga"]}, {"abbreviation": "GR", "topics": ["grunnur"]}, {"abbreviation": "LR", "topics": ["lestur og ritun"]}, {"abbreviation": "ST", "topics": ["stafsetning"]}, {"abbreviation": "\u00cdS", "topics": ["\u00edslenska"]}, {"abbreviation": "LT", "topics": ["lestur", "m\u00e1lfr\u00e6\u00f0i", "ritun", "stafsetning", "tj\u00e1ning"]}, {"abbreviation": "SR", "topics": ["lestur og tj\u00e1ning", "m\u00e1lfr\u00e6\u00f0i", "ritun", "stafsetning"]}, {"abbreviation": "GO", "topics": ["go\u00f0afr\u00e6\u00f0i", "m\u00e1lnotkun og ritun", "m\u00e1lsaga"]}, {"abbreviation": "NH", "topics": ["b\u00f3kmenntasaga 1900 til samt\u00edmans", "hugtakabeiting", "n\u00fat\u00edmab\u00f3kmenntir"]}, {"abbreviation": "RR", "topics": ["ritger\u00f0asm\u00ed\u00f0", "ritun"]}, {"abbreviation": "LF", "topics": ["b\u00f3kmenntasaga 1550-1900", "l\u00e6rd\u00f3ms\u00f6ld", "rauns\u00e6i"]}, {"abbreviation": "VE", "topics": ["verkefni vali\u00f0 og almenn b\u00f3kmenntafr\u00e6\u00f0i kynnt"]}, {"abbreviation": "MV", "topics": ["m\u00e1lv\u00edsindi"]}, {"abbreviation": "YF", "topics": ["Yndislestur framhald"]}, {"abbreviation": "MH", "topics": ["M\u00e1lsaga og go\u00f0afr\u00e6\u00f0i hra\u00f0fer\u00f0"]}, {"abbreviation": "FF", "topics": ["Fornb\u00f3kmenntir hra\u00f0fer\u00f0"]}, {"abbreviation": "YM", "topics": ["Yndislestur 2"]}, {"abbreviation": "FJ", "topics": ["fj\u00f6lmi\u00f0lal\u00e6si"]}, {"abbreviation": "RV", "topics": ["ritger\u00f0arvinna"]}, {"abbreviation": "LS", "topics": ["- sk\u00e1ldsaga \u00far n\u00fat\u00edma", "lestur og lesskilningur"]}, {"abbreviation": "L\u00cd", "topics": ["lestur og lesskilningur - \u00edslendingas\u00f6gur"]}, {"abbreviation": "LE", "topics": ["lestur og lesskilningur - sk\u00e1lds\u00f6gur 20. aldar"]}, {"abbreviation": "H\u00cd", "topics": ["Hagn\u00fdt \u00edslenska"]}, {"abbreviation": "\u00cdM", "topics": ["\u00edslensk m\u00e1lsaga"]}, {"abbreviation": "KV", "topics": ["b\u00f3kmenntir og kvikmyndir"]}, {"abbreviation": "NG", "topics": ["Norr\u00e6n go\u00f0afr\u00e6\u00f0i"]}, {"abbreviation": "LJ", "topics": ["Lj\u00f3\u00f0"]}, {"abbreviation": "AA", "topics": ["Lestur og ritun"]}, {"abbreviation": "\u00cdC", "topics": ["\u00cdslenska \u00e1 starfsbraut"]}, {"abbreviation": "\u00cdA", "topics": ["\u00cdslenska 1 \u00e1 starfsbraut"]}, {"abbreviation": "\u00cdB", "topics": ["\u00cdslenska 2 \u00e1 starfsbraut"]}, {"abbreviation": "N\u00dd", "topics": ["N\u00fdsk\u00f6pun"]}, {"abbreviation": "AB", "topics": ["B\u00f3kmenntir", "m\u00e1lfr\u00e6\u00f0i og ritun"]}, {"abbreviation": "HI", "topics": ["M\u00e1lnotkun og ritun"]}, {"abbreviation": "TR", "topics": ["M\u00e1lnotun og ritun"]}, {"abbreviation": "TL", "topics": ["L\u00e6si", "ritun", "tj\u00e1ning"]}, {"abbreviation": "OH", "topics": ["hlustun", "or\u00f0afor\u00f0i", "talm\u00e1l og ritun"]}, {"abbreviation": "ES", "topics": ["Eddukv\u00e6\u00f0i til si\u00f0askipta"]}, {"abbreviation": "NA", "topics": ["N\u00fdr\u00f3mant\u00edk til aldam\u00f3ta"]}, {"abbreviation": "SN", "topics": ["Si\u00f0askipti til n\u00fdr\u00f3mant\u00edkur"]}, {"abbreviation": "YL", "topics": ["Yndislestur"]}, {"abbreviation": "SS", "topics": ["Stafsetning"]}, {"abbreviation": "BU", "topics": ["Barna- og unglingab\u00f3kmenntir"]}, {"abbreviation": "SK", "topics": ["sk\u00e1lds\u00f6gur"]}, {"abbreviation": "B\u00d3", "topics": ["B\u00f3kmenntir og tungum\u00e1l fr\u00e1 landn\u00e1mi til si\u00f0askipta"]}, {"abbreviation": "M\u00c1", "topics": ["M\u00e1l- og menningarsaga"]}, {"abbreviation": "NF", "topics": ["N\u00fdsk\u00f6punarferli\u00f0: \u00fe\u00f6rf", "afur\u00f0", "lausn"]}, {"abbreviation": "A\u00cd", "topics": ["Almenn \u00edslenska \u00e1 1 \u00ferepi"]}, {"abbreviation": "AM", "topics": ["almenn m\u00e1lnotkun", "b\u00f3kmenntir", "ritun"]}, {"abbreviation": "RS", "topics": ["Skapandi skrif"]}, {"abbreviation": "SP", "topics": ["Spennus\u00f6gur"]}, {"abbreviation": "\u00cdD", "topics": ["\u00cdslenska \u00e1 starfsbraut 4"]}, {"abbreviation": "\u00cdE", "topics": ["\u00cdslenska 5 \u00e1 starfsbraut"]}, {"abbreviation": "SM", "topics": ["Sk\u00e1lds\u00f6gur"]}, {"abbreviation": "M\u00de", "topics": ["\u00cdSLE"]}, {"abbreviation": "SA", "topics": ["Sk\u00f6pun \u00ed v\u00ed\u00f0u samhengi"]}, {"abbreviation": "SJ", "topics": ["L\u00e6si", "b\u00f3kmenntir", "hugtakaskilningur", "m\u00e1lfr\u00e6\u00f0i", "sj\u00e1lfb\u00e6rni og ritun"]}, {"abbreviation": "LM", "topics": ["L\u00e6si", "l\u00fd\u00f0r\u00e6\u00f0i", "mannr\u00e9ttindi og b\u00f3kmenntir"]}, {"abbreviation": "JR", "topics": ["L\u00e6si", "b\u00f3kmenntir og ritun", "jafnr\u00e9tti"]}, {"abbreviation": "HV", "topics": ["L\u00e6si", "heilbrig\u00f0i", "velfer\u00f0 og b\u00f3kmenntir"]}, {"abbreviation": "DB", "topics": ["Sk\u00f3labla\u00f0"]}, {"abbreviation": "\u00c6F", "topics": ["Go\u00f0s\u00f6gur", "fantas\u00edur", "\u00e6vint\u00fdri"]}, {"abbreviation": "VM", "topics": ["Verkefna\u00e1fangi \u00ed m\u00e1lv\u00edsindum"]}, {"abbreviation": "VB", "topics": ["Verkefna\u00e1fangi \u00ed b\u00f3kmenntum"]}, {"abbreviation": "SW", "topics": ["Stafsetning og ritun"]}, {"abbreviation": "MF", "topics": ["M\u00e1lfr\u00e6\u00f0i"]}, {"abbreviation": "SG", "topics": ["B\u00f3kmenntir", "setningafr\u00e6\u00f0i og go\u00f0afr\u00e6\u00f0i"]}, {"abbreviation": "OF", "topics": ["frambur\u00f0ur", "lestrarf\u00e6rni", "or\u00f0afor\u00f0i"]}, {"abbreviation": "CA", "topics": ["B\u00f3kmenntir fram til 1550"]}, {"abbreviation": "BH", "topics": ["Go\u00f0afr\u00e6\u00f0i", "m\u00e1lsaga og ritger\u00f0asm\u00ed\u00f0"]}, {"abbreviation": "DD", "topics": ["B\u00f3kmenntir og b\u00f3kmenntasaga", "einkum 1550-1900."]}, {"abbreviation": "CH", "topics": ["\u00cdslenska 3. Hra\u00f0fer\u00f0"]}, {"abbreviation": "EE", "topics": ["B\u00f3kmenntir og b\u00f3kmenntasaga eftir 1900."]}, {"abbreviation": "HL", "topics": ["M\u00e1lsaga og hlj\u00f3\u00f0fr\u00e6\u00f0i"]}, {"abbreviation": "CB", "topics": ["heimsb\u00f3kmenntir"]}, {"abbreviation": "AL", "topics": ["Almenn m\u00e1lnotkun og l\u00e6si"]}, {"abbreviation": "GF", "topics": ["Go\u00f0afr\u00e6\u00f0i og fornb\u00f3kmenntir"]}, {"abbreviation": "TE", "topics": ["Ritun og textagreining"]}, {"abbreviation": "MA", "topics": ["Menningararfur \u00ed n\u00fat\u00edmanum"]}, {"abbreviation": "S\u00c1", "topics": ["Skrefa\u00f0", "skrifa\u00f0 og skrafa\u00f0 um n\u00e6rsamf\u00e9lagi\u00f0/\u00e1tthagana."]}, {"abbreviation": "NM", "topics": ["fr\u00e1 n\u00fdr\u00f3mant\u00edk til m\u00f3dernisma"]}, {"abbreviation": "HM", "topics": ["Heimildir og m\u00e1lnotkun"]}, {"abbreviation": "M\u00c6", "topics": ["Menningarl\u00e6si"]}, {"abbreviation": "CK", "topics": ["\u00edslenskar kvikmyndir"]}, {"abbreviation": "CL", "topics": ["Leikh\u00fas og leikb\u00f3kmenntir"]}, {"abbreviation": "DL", "topics": ["Leikh\u00fas og leikb\u00f3kmenntir."]}, {"abbreviation": "CN", "topics": ["\u00derj\u00fa verk Halld\u00f3rs Laxness."]}, {"abbreviation": "HB", "topics": ["B\u00f3kmenntir", "heimildaritger\u00f0", "m\u00e1lsaga"]}, {"abbreviation": "CU", "topics": ["Barnab\u00f3kmenntir."]}, {"abbreviation": "CP", "topics": ["Textager\u00f0 og ritstj\u00f3rn"]}, {"abbreviation": "CY", "topics": ["Yndislestur I"]}, {"abbreviation": "DY", "topics": ["Yndislestur II"]}, {"abbreviation": "RH", "topics": ["\u00darvinnsla heimilda og ritun"]}, {"abbreviation": "B\u00cd", "topics": ["B\u00f3kmenntasaga", "\u00cdslendingasaga og forn kve\u00f0skapur"]}, {"abbreviation": "BL", "topics": ["B\u00f3kmenntasaga", "leikritalestur", "lj\u00f3\u00f0alestur", "n\u00fat\u00edmab\u00f3kmenntir"]}, {"abbreviation": "RF", "topics": ["Ritger\u00f0arskrif", "go\u00f0afr\u00e6\u00f0i og m\u00e1lsaga"]}, {"abbreviation": "KM", "topics": ["b\u00f3kmenntir", "kv\u00e6\u00f0i", "lj\u00f3\u00f0", "m\u00e1lnotkun", "ritun"]}, {"abbreviation": "SL", "topics": ["Ritlist"]}, {"abbreviation": "RO", "topics": ["lestur", "m\u00e1lnotkun", "or\u00f0afor\u00f0i", "ritun"]}, {"abbreviation": "LB", "topics": ["b\u00f3kmenntir", "l\u00e6si", "ritun", "stafsetning"]}, {"abbreviation": "FL", "topics": ["frams\u00f6gn", "lestur", "margv\u00edsleg ritun", "or\u00f0afor\u00f0i"]}, {"abbreviation": "HS", "topics": ["heimildavinna", "m\u00e1lnotkun", "ritun", "setningafr\u00e6\u00f0i"]}, {"abbreviation": "KB", "topics": ["b\u00f3kmenntasaga", "heimildavinna", "kynningar", "valdir b\u00f3kmenntatextar"]}, {"abbreviation": "VT", "topics": ["b\u00f3kmenntasaga", "stefnur \u00ed listum og menningu", "valdir b\u00f3kmenntatextar"]}, {"abbreviation": "KF", "topics": ["fr\u00e6\u00f0ileg umfj\u00f6llun", "kvikmyndafr\u00e6\u00f0i", "kvikmyndal\u00e6si", "samf\u00e9lagsr\u00fdni"]}, {"abbreviation": "UM", "topics": ["m\u00e1lfr\u00e6\u00f0i", "or\u00f0afor\u00f0i", "uppruni m\u00e1la", "\u00edslensk m\u00e1lsaga"]}, {"abbreviation": "\u00deH", "topics": ["\u00fej\u00f3\u00f0h\u00e1ttafr\u00e6\u00f0i", "\u00fej\u00f3\u00f0l\u00edfsfr\u00e6\u00f0i", "\u00fej\u00f3\u00f0sagnafr\u00e6\u00f0i og hversdagsmenning"]}, {"abbreviation": "FS", "topics": ["lestur fagurb\u00f3kmennta", "skapandi skrif", "t\u00falkunarm\u00f6guleikar"]}, {"abbreviation": "KS", "topics": ["mi\u00f0aldab\u00f3kmenntir (kv\u00e6\u00f0i og s\u00f6gur)", "\u00e1hrif \u00feeirra \u00e1 n\u00fat\u00edmaverk"]}, {"abbreviation": "TS", "topics": ["m\u00e1lfar", "samf\u00e9lag", "tj\u00e1skipti", "tungum\u00e1l"]}, {"abbreviation": "\u00c1\u00d6", "topics": ["\u00c1stir og \u00f6rl\u00f6g \u00ed b\u00f3kmenntum fyrri alda"]}, {"abbreviation": "LH", "topics": ["Leikh\u00fas", "leiklist og leikb\u00f3kmenntir"]}, {"abbreviation": "DE", "topics": ["Delludagar", "Lestur og ritun"]}, {"abbreviation": "FV", "topics": ["Frumverk", "Lestur og ritun"]}, {"abbreviation": "A\u00de", "topics": ["Af\u00fereyingarb\u00f3kmenntir"]}, {"abbreviation": "B\u00de", "topics": ["\u00dej\u00f3\u00f0ararfurinn og tenging hans vi\u00f0 n\u00fat\u00edmann"]}, {"abbreviation": "OS", "topics": ["Or\u00f0spor"]}, {"abbreviation": "UT", "topics": ["Munnleg tj\u00e1ning"]}, {"abbreviation": "V\u00cd", "topics": ["V\u00edkingar og menning \u00feeirra"]}, {"abbreviation": "LX", "topics": ["Halld\u00f3r Laxness"]}, {"abbreviation": "ON", "topics": ["Beyginar", "frambur\u00f0ur", "setningaskipan og or\u00f0afor\u00f0i n\u00fat\u00edmam\u00e1ls"]}, {"abbreviation": "GE", "topics": ["B\u00f3kmenntagreining", "eddukv\u00e6\u00f0i og ritun.", "go\u00f0afr\u00e6\u00f0i"]}, {"abbreviation": "BA", "topics": ["B\u00f3kmenntir s\u00ed\u00f0ari alda"]}, {"abbreviation": "F\u00c9", "topics": ["F\u00e9lagsleg m\u00e1lv\u00edsindi"]}, {"abbreviation": "\u00cdR", "topics": ["mi\u00f0aldab\u00f3kmenntir", "r\u00f3mant\u00edk og ritun", "\u00cdslendingasaga"]}, {"abbreviation": "RD", "topics": ["Rauns\u00e6i", "b\u00f3kmenntasaga 20. aldar og 21. aldar."]}, {"abbreviation": "LG", "topics": ["Lestur g\u00f3\u00f0ra b\u00f3ka"]}, {"abbreviation": "NS", "topics": ["N\u00fat\u00edmab\u00f3kmenntir", "lestur og skapandi skrif"]}, {"abbreviation": "VH", "topics": ["b\u00f3kmenntir", "l\u00e6si", "velfer\u00f0"]}, {"abbreviation": "VF", "topics": ["l\u00e6si", "velfer\u00f0 og b\u00f3kmenntir"]}, {"abbreviation": "UL", "topics": ["l\u00e6si", "sk\u00f6pun", "uppg\u00f6tvun"]}, {"abbreviation": "MO", "topics": ["Mi\u00f0aldab\u00f3kmenntir"]}, {"abbreviation": "CC", "topics": ["Fornb\u00f3kmenntir."]}, {"abbreviation": "\u00deS", "topics": ["\u00dej\u00f3\u00f0sk\u00e1ld"]}, {"abbreviation": "HE", "topics": ["Heimildaritun"]}, {"abbreviation": "KO", "topics": ["Kvennab\u00f3kmenntir"]}, {"abbreviation": "MU", "topics": ["Munnm\u00e6lasagnir"]}, {"abbreviation": "TJ", "topics": ["Menningartj\u00fatt"]}, {"abbreviation": "U\u00c1", "topics": ["Undirb\u00fanings\u00e1fangi"]}, {"abbreviation": "R\u00d6", "topics": ["Ritun og r\u00f6kf\u00e6rsla"]}, {"abbreviation": "HH", "topics": ["heimildavinna", "m\u00e1lsaga", "m\u00e1lstefna", "ritun"]}, {"abbreviation": "UA", "topics": ["einf\u00f6ld m\u00e1lfr\u00e6\u00f0i", "lestur", "ritun", "stafsetning"]}, {"abbreviation": "UB", "topics": ["lestur", "m\u00e1lfr\u00e6\u00f0i", "ritun", "stafsetning"]}, {"abbreviation": "FN", "topics": ["b\u00f3kmenntir", "forn\u00e1m-l\u00e6si", "ritun"]}, {"abbreviation": "GG", "topics": ["Garpar og go\u00f0sagnir"]}, {"abbreviation": "BP", "topics": ["B\u00f3kmenntaumr\u00e6\u00f0a"]}, {"abbreviation": "UU", "topics": ["", "l\u00e6si b\u00f3kmenntir", "ritun"]}, {"abbreviation": "TT", "topics": ["b\u00f3kmenntir", "l\u00e6si", "ritun"]}, {"abbreviation": "II", "topics": ["lestur", "ritun", "r\u00f6kf\u00e6rsla"]}, {"abbreviation": "KK", "topics": ["eddukv\u00e6\u00f0i", "heimildavinna", "m\u00e1lsaga", "stafsetning og b\u00f3kmenntir"]}, {"abbreviation": "NN", "topics": ["\u00cdslenskar b\u00f3kmenntir og b\u00f3kmenntasaga til 19. aldar og ritun"]}, {"abbreviation": "VV", "topics": ["b\u00f3kmenntir og b\u00f3kmenntasaga 19. -21. aldar", "ritun"]}, {"abbreviation": "PL", "topics": ["Leikh\u00fas og leikh\u00fasb\u00f3kmenntir"]}, {"abbreviation": "GV", "topics": ["Greinarger\u00f0 um lokaverk"]}, {"abbreviation": "LV", "topics": ["Lestur og mi\u00f0lun"]}, {"abbreviation": "HF", "topics": ["Hugt\u00f6k og m\u00e1lf\u00e6rni"]}, {"abbreviation": "AN", "topics": ["Grunn\u00e1fangi \u00ed \u00edslensku \u00e1 almennri braut"]}, {"abbreviation": "L\u00c6", "topics": ["L\u00e6si og b\u00f3kmenntir"]}, {"abbreviation": "BX", "topics": ["B\u00f3kmenntir og Halld\u00f3r Laxness"]}, {"abbreviation": "VS", "topics": ["Ritun vi\u00f0skiptaskjala og r\u00e9ttritun"]}, {"abbreviation": "\u00cdL", "topics": ["\u00cdslenska \u00ed lokaverkefni"]}, {"abbreviation": "HU", "topics": ["Hugt\u00f6k og ritun"]}, {"abbreviation": "\u00deF", "topics": ["\u00dej\u00f3\u00f0fr\u00e6\u00f0i"]}, {"abbreviation": "\u00cdK", "topics": ["\u00cdslenskar kvikmyndir"]}, {"abbreviation": "\u00d6B", "topics": ["M\u00e1lfr\u00e6\u00f0igrunnur", "lestur og lesskilningur"]}, {"abbreviation": "\u00c6B", "topics": ["Lestur", "lesskilningur og ritun"]}, {"abbreviation": "\u00deB", "topics": ["Samskiptalei\u00f0ir", "or\u00f0afor\u00f0i"]}, {"abbreviation": "YB", "topics": ["Skapandi skrif", "b\u00f3kmenntir"]}, {"abbreviation": "XB", "topics": ["Or\u00f0afor\u00f0i", "lestrarf\u00e6rni"]}, {"abbreviation": "\u00cdN", "topics": ["\u00cdslenska og n\u00e1mst\u00e6kni"]}, {"abbreviation": "PB", "topics": ["Fj\u00f6lbreyttar b\u00f3kmenntir"]}, {"abbreviation": "\u00d3B", "topics": ["Tj\u00e1ning"]}, {"abbreviation": "G\u00de", "topics": ["Go\u00f0afr\u00e6\u00f0i", "\u00fej\u00f3\u00f0s\u00f6gur og \u00cdslendingas\u00f6gur"]}, {"abbreviation": "H\u00c1", "topics": ["Heimildavinna \u00fat fr\u00e1 \u00e1hugasvi\u00f0i"]}, {"abbreviation": "LK", "topics": ["Leikh\u00fas og \u00edslenskar kvikmyndir"]}, {"abbreviation": "LD", "topics": ["Lj\u00f3\u00f0", "d\u00e6gurlagatextar og lj\u00f3\u00f0ager\u00f0"]}, {"abbreviation": "TF", "topics": ["Tj\u00e1ning og framkoma"]}, {"abbreviation": "NR", "topics": ["N\u00fat\u00edmab\u00f3kmenntir", "ritun og \u00fe\u00fd\u00f0ingar"]}, {"abbreviation": "FR", "topics": ["fornb\u00f3kmenntir", "ritun og m\u00e1lnotkun"]}, {"abbreviation": "\u00deT", "topics": ["Fornb\u00f3kmenntir og \u00edslenskt m\u00e1l"]}], "_id": "50c0a02dd8e40575f7f6f4a2", "subjects": ["\u00edslenska"], "counter": {"1": 92, "3": 171, "2": 112, "4": 2}}, "evaluation": "N\u00e1msmat er \u00fatf\u00e6rt \u00ed kennslu\u00e1\u00e6tlun \u00ed samr\u00e6mi vi\u00f0 sk\u00f3lan\u00e1mskr\u00e1.", "categorization_suggestion": "", "embedded_topics": {"abbreviation": "SG", "topics": ["B\u00f3kmenntir", "setningafr\u00e6\u00f0i og go\u00f0afr\u00e6\u00f0i"]}, "status": "approved by school", "description": "\u00cd \u00e1fanganum eru grundvallaratri\u00f0i setningafr\u00e6\u00f0i kennd og fjalla\u00f0 um \u00fdmislegt sem tengist m\u00e1lnotkun.Unni\u00f0 me\u00f0 hugt\u00f6k b\u00f3kmenntafr\u00e6\u00f0innar, hugt\u00f6k \u00ed bragfr\u00e6\u00f0i eru kynnt og nemendur l\u00e6ra a\u00f0 beita \u00feeim. Nemendur lesa n\u00fat\u00edmab\u00f3kmenntir, \u00cdslendingas\u00f6gu og anna\u00f0 \u00fea\u00f0 sem stu\u00f0lar a\u00f0 aukinni lestrarf\u00e6rni og t\u00falkun. \u00de\u00e1 ver\u00f0ur unni\u00f0 me\u00f0 norr\u00e6na go\u00f0afr\u00e6\u00f0i.  Nemendur styrkja eigin m\u00e1lf\u00e6rni me\u00f0 \u00fev\u00ed a\u00f0 flytja r\u00e6\u00f0ur, endursagnir og kynningar \u00fdmsar.\n", "knowledge_goals": ["hugt\u00f6kum setningarfr\u00e6\u00f0innar", "mismunandi tegundum b\u00f3kmennta og grunnhugt\u00f6kum \u00ed b\u00f3kmenntafr\u00e6\u00f0i.", "helstu go\u00f0um \u00ed norr\u00e6nni go\u00f0afr\u00e6\u00f0i og hlutverki \u00feeirra, v\u00e6ttum og \u00f6\u00f0rum \u00e1tr\u00fana\u00f0i", ""], "skills_goals": ["ritun \u00fear sem gagnr\u00fdninni hugsun er beitt og sko\u00f0unum komi\u00f0 \u00e1 framf\u00e6ri \u00e1 sk\u00fdran og greinarg\u00f3\u00f0an h\u00e1tt", "nota vi\u00f0eigandi hj\u00e1lparg\u00f6gn vi\u00f0 fr\u00e1gang ritsm\u00ed\u00f0a", "draga saman og n\u00fdta uppl\u00fdsingar \u00far \u00fdmiss konar heimildum og fl\u00e9tta saman vi\u00f0 eigin vi\u00f0horf og \u00e1lyktanir \u00e1 faglegan og hei\u00f0arlegan h\u00e1tt", "n\u00fdta m\u00e1lfr\u00e6\u00f0ihugt\u00f6k og m\u00e1lfr\u00e6\u00f0ilegar uppl\u00fdsingar til a\u00f0 efla eigin m\u00e1lf\u00e6rni", "lesa s\u00e9r til gagns og gamans nytjatexta og b\u00f3kmenntaverk fr\u00e1 \u00fdmsum t\u00edmum og fjalla um inntak \u00feeirra", "flytja af nokkru \u00f6ryggi r\u00e6\u00f0ur, endursagnir, l\u00fdsingar og kynningar \u00e1 tilteknum m\u00e1lefnum"], "credits": 5, "last_modified": 1471358177.597483, "schools": ["512353008caa45ed97015b49"], "coauthors": [], "instructions": "", "continued_education": false, "level": 2, "prerequisites": "Nemendur hafa loki\u00f0 grunnsk\u00f3la me\u00f0 einkunnina B e\u00f0a h\u00e6rri. ", "author": "b54e014d-b2d4-4b38-90d0-db54f004eb04", "abbreviation_version": null, "competence_goals": [["vinna  \u00ed tengslum vi\u00f0 n\u00e1msefni\u00f0 og s\u00fdna t\u00f6luver\u00f0 tilbrig\u00f0i \u00ed m\u00e1lnotkun", ""], ["styrkja eigin m\u00e1lf\u00e6rni me\u00f0 \u00fev\u00ed a\u00f0 n\u00fdta s\u00e9r m\u00e1lfr\u00e6\u00f0iuppl\u00fdsingar \u00ed handb\u00f3kum", ""], ["beita sk\u00fdru og bl\u00e6brig\u00f0ar\u00edku m\u00e1li \u00ed r\u00e6\u00f0u og riti", ""], ["taka \u00fe\u00e1tt \u00ed m\u00e1lefnalegum umr\u00e6\u00f0um, byggja upp sk\u00fdra r\u00f6ksemdaf\u00e6rslu, tj\u00e1 afst\u00f6\u00f0u og efasemdir um efni\u00f0 og komast a\u00f0 ni\u00f0urst\u00f6\u00f0u", ""]], "_id": "57b324e162933a0746003ee2"}, {"exemplary": null, "topics": "B\u00f3kmenntir, lj\u00f3\u00f0agreining, or\u00f0afor\u00f0i, ritger\u00f0asm\u00ed\u00f0i og heimildavinna", "abbreviation": "ENSK3OG05(E4)", "former_schools": null, "subject": "enska", "title": "Enska", "version": 56, "status_trans": "Sam\u00feykkt af sk\u00f3la", "embedded_subject": {"abbreviation": "ENSK", "topics": [{"abbreviation": "GS", "topics": ["grunnatri\u00f0i", "samt\u00f6l"]}, {"abbreviation": "OO", "topics": ["or\u00f0ab\u00f3k", "or\u00f0afor\u00f0i"]}, {"abbreviation": "MM", "topics": ["myndas\u00f6gur", "myndb\u00f6nd"]}, {"abbreviation": "TL", "topics": ["lagatextar", "t\u00f3nlist"]}, {"abbreviation": "FR", "topics": ["ferilsverkefni", "ritunarverkefni"]}, {"abbreviation": "TS", "topics": ["myndm\u00e1l", "ritger\u00f0", "st\u00edlar", "textar"]}, {"abbreviation": "RH", "topics": ["hlustun", "m\u00e1lnotkun", "undirst\u00f6\u00f0uatri\u00f0i \u00ed ritun"]}, {"abbreviation": "SM", "topics": ["m\u00fas\u00edk og myndir 1950-70", "s\u00f6gur"]}, {"abbreviation": "BR", "topics": ["bretland"]}, {"abbreviation": "K\u00c1", "topics": ["kanada", "\u00e1stral\u00eda og n\u00fdja sj\u00e1land"]}, {"abbreviation": "SB", "topics": ["shakespeare og 19. \u00f6ldin \u00ed b\u00f3kmenntum"]}, {"abbreviation": "B\u00d3", "topics": ["b\u00f3kmenntir 20. aldar"]}, {"abbreviation": "KV", "topics": ["kvikmynda\u00e1fangi"]}, {"abbreviation": "AB", "topics": ["afr\u00edsk-amer\u00edskar b\u00f3kmenntir"]}, {"abbreviation": "U\u00c1", "topics": ["undirb\u00faningur", "\u00e1fangi"]}, {"abbreviation": "MT", "topics": ["m\u00e1lfr\u00e6\u00f0i", "tj\u00e1ning"]}, {"abbreviation": "MS", "topics": ["menning", "skapandi skrif"]}, {"abbreviation": "KR", "topics": ["kvikmyndir", "ritun"]}, {"abbreviation": "HR", "topics": ["heimildavinna", "ritger\u00f0ir"]}, {"abbreviation": "FF", "topics": ["fagm\u00e1l", "f\u00e9lagsv\u00edsinda"]}, {"abbreviation": "VE", "topics": ["enska", "vi\u00f0skipta"]}, {"abbreviation": "RE", "topics": ["enska", "raungreinar"]}, {"abbreviation": "BM", "topics": ["b\u00f3kmenntir", "m\u00e1lsaga"]}, {"abbreviation": "LB", "topics": ["b\u00f3kmenntir", "leik"]}, {"abbreviation": "UP", "topics": ["pr\u00f3f", "undirb\u00faningur"]}, {"abbreviation": "EN", "topics": ["enska fyrir fer\u00f0agreinar"]}, {"abbreviation": "FE", "topics": ["enska fyrir fer\u00f0a\u00fej\u00f3nustu"]}, {"abbreviation": "ST", "topics": ["evr\u00f3pski tungum\u00e1laramminn", "stig b1-b2"]}, {"abbreviation": "SE", "topics": ["evr\u00f3pski tungum\u00e1laramminn", "stig b2"]}, {"abbreviation": "ES", "topics": ["evr\u00f3pski tungum\u00e1laramminn", "stig b2-c1"]}, {"abbreviation": "EV", "topics": ["evr\u00f3pski tungum\u00e1laramminn", "stig c1"]}, {"abbreviation": "BF", "topics": ["b2", "evr\u00f3pski tungum\u00e1laramminn", "fer\u00f0a\u00fej\u00f3nuta"]}, {"abbreviation": "FH", "topics": ["evr\u00f3pski tungum\u00e1laramminn", "framhald", "stig c1"]}, {"abbreviation": "GR", "topics": ["grunn\u00e1fangi"]}, {"abbreviation": "FG", "topics": ["enska fyrir matv\u00e6lagreinar"]}, {"abbreviation": "LS", "topics": ["lestur", "m\u00e1lfr\u00e6\u00f0i", "or\u00f0afor\u00f0i", "skilningur"]}, {"abbreviation": "LT", "topics": ["lestur", "or\u00f0afor\u00f0i", "talm\u00e1l"]}, {"abbreviation": "BL", "topics": ["b\u00f3kmenntir", "lesskilningur", "ritun"]}, {"abbreviation": "BS", "topics": ["b\u00f3kmenntir", "menning", "saga"]}, {"abbreviation": "HA", "topics": ["hagn\u00fdtur or\u00f0afor\u00f0i. l\u00e6si \u00e1 fl\u00f3knari texta."]}, {"abbreviation": "OF", "topics": ["grunnor\u00f0afor\u00f0i fr\u00e6\u00f0a og v\u00edsinda.. menningarheimur nor\u00f0ur amer\u00edku"]}, {"abbreviation": "UN", "topics": ["undirb\u00fanings\u00e1fangi \u00ed ensku"]}, {"abbreviation": "LM", "topics": ["lestur og menning", "tj\u00e1ning"]}, {"abbreviation": "TM", "topics": ["menning", "tj\u00e1ning og skapandi skrif"]}, {"abbreviation": "MB", "topics": ["b\u00f3kmenntir", "menning og ritun"]}, {"abbreviation": "EX", "topics": ["extensive vocabulary and expression"]}, {"abbreviation": "ML", "topics": ["m\u00e1lnotkun og l\u00e6si"]}, {"abbreviation": "AA", "topics": ["akadem\u00edskur or\u00f0afor\u00f0i", "fj\u00f6lbreyttir textar", "fyrsti \u00e1fangi \u00ed ensku."]}, {"abbreviation": "YN", "topics": ["yndislestur"]}, {"abbreviation": "BB", "topics": ["akadem\u00edskur or\u00f0afor\u00f0i", "annar \u00e1fangi \u00ed ensku.", "fj\u00f6lbreyttir textar"]}, {"abbreviation": "FA", "topics": ["fagor\u00f0afor\u00f0i"]}, {"abbreviation": "AH", "topics": ["akadem\u00edskur or\u00f0afor\u00f0i", "fj\u00f6lbreyttir textar. hra\u00f0fer\u00f0 \u00ed ensku."]}, {"abbreviation": "BH", "topics": ["akadem\u00edskur or\u00f0afor\u00f0i", "fj\u00f6lbreyttir textar. \u00f6nnur hra\u00f0fer\u00f0 \u00ed ensku."]}, {"abbreviation": "EE", "topics": ["b\u00f3kmenntir", "fj\u00f6lmi\u00f0latextar."]}, {"abbreviation": "LR", "topics": ["lestur", "ritun", "tj\u00e1ning og hlustun"]}, {"abbreviation": "DD", "topics": ["b\u00f3kmenntir"]}, {"abbreviation": "M\u00c1", "topics": ["m\u00e1lfr\u00e6\u00f0i a"]}, {"abbreviation": "CC", "topics": ["b\u00f3kmenntir", "krefjandi or\u00f0afor\u00f0i", "ritun"]}, {"abbreviation": "CH", "topics": ["krefjandi or\u00f0afor\u00f0i"]}, {"abbreviation": "L\u00c9", "topics": ["l\u00e9ttlestur"]}, {"abbreviation": "OH", "topics": ["hlustun", "or\u00f0afor\u00f0i", "talm\u00e1l og ritun"]}, {"abbreviation": "LO", "topics": ["lesskilningur", "m\u00e1lfr\u00e6\u00f0i", "or\u00f0afor\u00f0i"]}, {"abbreviation": "MO", "topics": ["m\u00e1lfr\u00e6\u00f0i", "or\u00f0afor\u00f0i", "stig b1 \u00ed evr\u00f3pska tungum\u00e1larammanum"]}, {"abbreviation": "OB", "topics": ["b\u00f3kmenntir", "or\u00f0afor\u00f0i", "stig b2 \u00ed evr\u00f3pska tungum\u00e1larammanum"]}, {"abbreviation": "RB", "topics": ["b\u00f3kmenntir", "ritun"]}, {"abbreviation": "RL", "topics": ["lestur", "m\u00e1lfr\u00e6\u00f0i", "ritun og or\u00f0afor\u00f0i"]}, {"abbreviation": "SG", "topics": ["Lestur", "m\u00e1lfr\u00e6\u00f0i", "or\u00f0afor\u00f0i", "ritun", "tal"]}, {"abbreviation": "RM", "topics": ["Ritun", "b\u00f3kmenntir", "m\u00e1lnotkun"]}, {"abbreviation": "RO", "topics": ["Ritun", "b\u00f3kmenntir", "menning", "or\u00f0afor\u00f0i"]}, {"abbreviation": "SR", "topics": ["Menning", "akadem\u00edskur or\u00f0afor\u00f0i", "ritun", "saga"]}, {"abbreviation": "AE", "topics": ["Almenn akadem\u00edsk enska", "b\u00f3kmenntir", "ritun"]}, {"abbreviation": "SA", "topics": ["S\u00e9rh\u00e6f\u00f0 akadem\u00edsk enska", "b\u00f3kmenntir", "ritun"]}, {"abbreviation": "VR", "topics": ["V\u00edsindaor\u00f0afor\u00f0i", "raungreinar"]}, {"abbreviation": "VH", "topics": ["Vi\u00f0skipti", "erlend samskipti og vi\u00f0skiptah\u00e6ttir"]}, {"abbreviation": "AK", "topics": ["Kennsla", "a\u00f0sto\u00f0 vi\u00f0 nemendur", "ger\u00f0 kennsluefnis"]}, {"abbreviation": "DF", "topics": ["Kvikmyndir. Film Course."]}, {"abbreviation": "SK", "topics": ["enska fyrir fer\u00f0a\u00fej\u00f3nustu", "skapandi skrif"]}, {"abbreviation": "FT", "topics": ["lestur fr\u00e6\u00f0ilegra texta"]}, {"abbreviation": "VT", "topics": ["Lestur enskra vi\u00f0skiptatexta"]}, {"abbreviation": "RT", "topics": ["Lestur enskra raunv\u00edsindatexta"]}, {"abbreviation": "\u00cdT", "topics": ["Lestur \u00ed\u00fer\u00f3ttafr\u00e6\u00f0ilegra texta"]}, {"abbreviation": "TO", "topics": ["Tolkien"]}, {"abbreviation": "RI", "topics": ["Ritun"]}, {"abbreviation": "HL", "topics": ["Hlustun"]}, {"abbreviation": "UE", "topics": ["Undirb\u00fanings\u00e1fangi \u00ed ensku"]}, {"abbreviation": "UH", "topics": ["Undirb\u00faningur fyrir h\u00e1sk\u00f3lan\u00e1m"]}, {"abbreviation": "TJ", "topics": ["Tj\u00e1ning"]}, {"abbreviation": "OM", "topics": ["Or\u00f0afor\u00f0i", "m\u00e1lfr\u00e6\u00f0i", "m\u00e1lnotkun"]}, {"abbreviation": "TF", "topics": ["tj\u00e1ning og m\u00e1lnotkun"]}, {"abbreviation": "AM", "topics": ["Fr\u00e6\u00f0ilegur or\u00f0afor\u00f0i og Bandar\u00edkin"]}, {"abbreviation": "UK", "topics": ["Fr\u00e6\u00f0ilegur or\u00f0afor\u00f0i og Bretland"]}, {"abbreviation": "AC", "topics": ["Akadem\u00edskur or\u00f0afor\u00f0i og rauntextar"]}, {"abbreviation": "SL", "topics": ["Lestur", "menning og skrif"]}, {"abbreviation": "KK", "topics": ["Kvikmyndir og kynning"]}, {"abbreviation": "BA", "topics": ["L\u00fdsing: B\u00f3kmenntir 19. og 20.", "skrif og r\u00e6\u00f0uger\u00f0"]}, {"abbreviation": "OT", "topics": ["Or\u00f0afor\u00f0i", "ritun", "tj\u00e1ning"]}, {"abbreviation": "VM", "topics": ["V\u00edsindi og menning"]}, {"abbreviation": "BT", "topics": ["Bandar\u00edskt \u00fej\u00f3\u00f0f\u00e9lag og menning"]}, {"abbreviation": "MR", "topics": ["M\u00e1lfr\u00e6\u00f0i og ritun"]}, {"abbreviation": "LH", "topics": ["L\u00e6si \u00e1 fl\u00f3knari texta", "hagn\u00fdtur fj\u00f6lbreyttur or\u00f0afor\u00f0i"]}, {"abbreviation": "KB", "topics": ["Kvikmyndir", "b\u00f3kmenntir"]}, {"abbreviation": "OL", "topics": ["Lestur", "Menning", "M\u00e1lfr\u00e6\u00f0i", "Or\u00f0afor\u00f0i", "Ritun", "Tal"]}, {"abbreviation": "CL", "topics": ["Chic Literature and Women in Today\u2018s Society"]}, {"abbreviation": "CW", "topics": ["Creative Writing"]}, {"abbreviation": "OR", "topics": ["B\u00f3kmenntir (fj\u00f6lbreyttir textar)", "menning", "or\u00f0afor\u00f0i", "ranns\u00f3knir og ritun"]}, {"abbreviation": "OG", "topics": ["B\u00f3kmenntir", "lj\u00f3\u00f0agreining", "or\u00f0afor\u00f0i", "ritger\u00f0asm\u00ed\u00f0i og heimildavinna"]}, {"abbreviation": "BY", "topics": ["Lestur", "m\u00e1lfr\u00e6\u00f0i og m\u00e1lnotkun (byrjunar\u00e1fangi \u00ed ensku)", "ritun"]}, {"abbreviation": "DM", "topics": ["Enska Daglegt m\u00e1l"]}, {"abbreviation": "B\u00c1", "topics": ["b\u00f3kmenntir", "ritun", "tj\u00e1ning"]}, {"abbreviation": "HE", "topics": ["Hagn\u00fdt enska", "starfsbraut"]}, {"abbreviation": "RR", "topics": ["Enska \u00ed r\u00e6\u00f0u og riti"]}, {"abbreviation": "HO", "topics": ["Hagn\u00fdtur or\u00f0afor\u00f0i", "c1"]}, {"abbreviation": "FO", "topics": ["Fagor\u00f0afor\u00f0i og fer\u00f0am\u00e1l"]}, {"abbreviation": "EG", "topics": ["Enska 2 \u00e1 starfsbraut"]}, {"abbreviation": "SO", "topics": ["s\u00e9rh\u00e6f\u00f0ur or\u00f0afor\u00f0i"]}, {"abbreviation": "TR", "topics": ["Tj\u00e1ning", "or\u00f0afor\u00f0i", "ritun"]}, {"abbreviation": "\u00deS", "topics": ["\u00dej\u00f3nustust\u00f6rf"]}, {"abbreviation": "SF", "topics": ["Sagnfr\u00e6\u00f0i"]}, {"abbreviation": "T\u00d6", "topics": ["T\u00f6lvuleikir"]}, {"abbreviation": "JM", "topics": ["Fr\u00e1 hugmynd til \u00fatg\u00e1fu"]}, {"abbreviation": "MH", "topics": ["S\u00e9rh\u00e6f\u00f0 enska \u00ed myndlist og h\u00f6nnun"]}, {"abbreviation": "BO", "topics": ["B\u00f3kmenntir", "m\u00e1lfr\u00e6\u00f0i", "or\u00f0afor\u00f0i"]}, {"abbreviation": "VO", "topics": ["V\u00edsindatengdur or\u00f0afor\u00f0i"]}, {"abbreviation": "MV", "topics": ["M\u00e1lnotkun", "b\u00f3kmenntir", "vi\u00f0skipti"]}, {"abbreviation": "SV", "topics": ["m\u00e1lnotkun", "samf\u00e9lag", "vi\u00f0skipti"]}, {"abbreviation": "VI", "topics": ["m\u00e1lskilningur", "ritun", "vi\u00f0skiptaenska"]}, {"abbreviation": "EM", "topics": ["bresk menning", "b\u00f3kmenntir", "m\u00e1l"]}, {"abbreviation": "NV", "topics": ["v\u00edsindaenska"]}, {"abbreviation": "YL", "topics": ["Yndislestur"]}, {"abbreviation": "EH", "topics": ["Enska fyrir heilbrig\u00f0isgreinar"]}, {"abbreviation": "DK", "topics": ["ENSKA"]}, {"abbreviation": "DG", "topics": ["Enskar myndas\u00f6gur"]}, {"abbreviation": "DV", "topics": ["or\u00f0afor\u00f0i"]}, {"abbreviation": "DY", "topics": ["Yndislestur \u00ed ensku"]}, {"abbreviation": "EY", "topics": ["Yndislestur 2 \u00e1 ensku"]}, {"abbreviation": "HB", "topics": ["B\u00f3kmenntir og fr\u00e6\u00f0ilegir textar \u00ed hugv\u00edsindum"]}, {"abbreviation": "MK", "topics": ["b\u00f3kmenntir", "kvikmyndir", "menning", "m\u00e1lnotkun"]}, {"abbreviation": "VG", "topics": ["gagnr\u00fdnin hugsun", "or\u00f0afor\u00f0i v\u00edsinda", "ritun", "tj\u00e1ning"]}, {"abbreviation": "TT", "topics": ["m\u00e1lnotkun \u00ed t\u00e6knigreinum", "or\u00f0afor\u00f0i", "tala\u00f0 m\u00e1l"]}, {"abbreviation": "SS", "topics": ["Shakespeare", "kvikmyndir", "ritun", "sk\u00e1lds\u00f6gur"]}, {"abbreviation": "FV", "topics": ["Fagm\u00e1l", "b\u00f3kmenntir", "f\u00e9lagsv\u00edsindi", "ritun"]}, {"abbreviation": "VV", "topics": ["fagm\u00e1l", "hagfr\u00e6\u00f0i", "verslun", "vi\u00f0skipti"]}, {"abbreviation": "TB", "topics": ["Tolkien", "b\u00f3kmenntir", "fantas\u00eda"]}, {"abbreviation": "LG", "topics": ["Lestur", "ritun og tj\u00e1ning"]}, {"abbreviation": "SH", "topics": ["Shakespeare"]}, {"abbreviation": "BK", "topics": ["b\u00f3kmenntir og menning"]}, {"abbreviation": "VF", "topics": ["fr\u00e6\u00f0i og fagm\u00e1l", "v\u00edsindi"]}, {"abbreviation": "AO", "topics": ["Akadem\u00edskur or\u00f0afor\u00f0i \u00e1 ensku og klass\u00edskar b\u00f3kmenntir"]}, {"abbreviation": "SD", "topics": ["S\u00e9rh\u00e6f\u00f0ur or\u00f0afor\u00f0i og breskar b\u00f3kmenntir"]}, {"abbreviation": "TE", "topics": ["\u00deemaverkefni \u00ed tengslum vi\u00f0 frekara n\u00e1m \u00e1 h\u00e1sk\u00f3lastigi", "\u00fej\u00e1lfun \u00ed ritun og tj\u00e1ningu \u00e1 ensku"]}, {"abbreviation": "LL", "topics": ["B\u00f3kmenntir", "leikrit", "lj\u00f3\u00f0 og kvikmyndir \u00e1 ensku annars vegar og hins vegar sam\u00fe\u00e6tting vi\u00f0 a\u00f0ra \u00e1fanga"]}, {"abbreviation": "US", "topics": ["Undirb\u00faningur fyrir st\u00f6\u00f0lu\u00f0 pr\u00f3f"]}, {"abbreviation": "GA", "topics": ["Grunnor\u00f0afor\u00f0i akadem\u00edskra texta"]}, {"abbreviation": "KO", "topics": ["Krefjandi or\u00f0afor\u00f0i"]}, {"abbreviation": "FS", "topics": ["Fj\u00f6lbreyttur skilningur"]}, {"abbreviation": "EA", "topics": ["Akadem\u00edskur or\u00f0afor\u00f0i"]}], "_id": "50c0a02dd8e40575f7f6f488", "subjects": ["enska"], "counter": {"1": 28, "3": 50, "2": 47, "4": 1}}, "evaluation": "N\u00e1msmat er \u00fatf\u00e6rt \u00ed kennslu\u00e1\u00e6tlun \u00ed samr\u00e6mi vi\u00f0 sk\u00f3lan\u00e1mskr\u00e1", "categorization_suggestion": "E4", "embedded_topics": {"abbreviation": "OG", "topics": ["B\u00f3kmenntir", "lj\u00f3\u00f0agreining", "or\u00f0afor\u00f0i", "ritger\u00f0asm\u00ed\u00f0i og heimildavinna"]}, "status": "approved by school", "description": "B\u00f3kmenntir - Lj\u00f3\u00f0agreining - Ritger\u00f0asm\u00ed\u00f0i - vinna me\u00f0 heimildir", "knowledge_goals": ["Stj\u00f3rnm\u00e1lum, fj\u00f6lmi\u00f0lum og s\u00f6gu og \u00e1hrifum \u00feeirra \u00e1 \u00fej\u00f3\u00f0f\u00e9lagsm\u00f3tun \u00ed \u00feeim l\u00f6ndum \u00fear sem tungum\u00e1li\u00f0 er tala\u00f0", "Menningu \u00feeirra \u00fej\u00f3\u00f0a \u00fear sem tungum\u00e1li\u00f0 er tala\u00f0", "Or\u00f0afor\u00f0a sem gerir nemenda kleift a\u00f0 tileina s\u00e9r me\u00f0 g\u00f3\u00f0u m\u00f3ti lesefni \u00ed \u00e1framhaldandi n\u00e1mi og/e\u00f0a starfi", "Mismunandi m\u00e1lsni\u00f0 hva\u00f0 var\u00f0ar tala\u00f0 og rita\u00f0 m\u00e1l, til a\u00f0 mynda uppbyggingu lj\u00f3\u00f0r\u00e6ns m\u00e1ls sem og lj\u00f3\u00f0a-/sagnahef\u00f0", "\u00deverfaglegum or\u00f0afor\u00f0a til markvissrar notkunar \u00ed n\u00e1mi \u00e1 h\u00e1sk\u00f3lastigi"], "skills_goals": ["A\u00f0 \u00feekkja og skilja vel s\u00e9rh\u00e6f\u00f0a texta \u00e1 svi\u00f0i sem nemandi \u00feekkir", "A\u00f0 skilja almennt tala\u00f0 m\u00e1l, jafnvel \u00fear sem fr\u00e1s\u00f6gn er ekki endilega skipul\u00f6g\u00f0 e\u00f0a fullm\u00f3tu\u00f0", "Lesa fl\u00f3kna texta sem gera miklar kr\u00f6fur til lesenda; hvort sem s\u00e1 lestur er til yndiauka e\u00f0a uppl\u00fdsingas\u00f6fnunar", "Notkun tungum\u00e1lsins \u00e1 sveigjanlegan og \u00e1rangursr\u00edkann m\u00e1ta", "geta tj\u00e1\u00f0 sig af \u00f6ryggi um margv\u00edsleg m\u00e1lefni hvort sem \u00feau eru almenn e\u00f0a pers\u00f3nulegs e\u00f0lis", "beita ritm\u00e1linu \u00e1 fj\u00f6lbreyttan og marg\u00fe\u00e6ttan m\u00e1ta, hvort sem um r\u00e6\u00f0ir fr\u00e6\u00f0ileg, almenn e\u00f0a pers\u00f3nuleg umfj\u00f6llunarefni"], "credits": 5, "last_modified": 1421837594.01257, "schools": ["512353008caa45ed97015b49"], "coauthors": null, "instructions": "", "continued_education": false, "level": 3, "prerequisites": "ENSK2TM05, e\u00f0a samb\u00e6rilegur \u00e1fangi", "author": "ea048ca4-de95-4840-ab18-d0bdf27b09d4", "abbreviation_version": null, "competence_goals": [["n\u00fdta s\u00e9r fyrirlestra, umr\u00e6\u00f0ur og r\u00f6kr\u00e6\u00f0ur um efni sem nemandi \u00feekkir e\u00f0a getur afla\u00f0 s\u00e9r \u00feekkingar \u00e1", ""], ["greina s\u00f6gulegt, f\u00e9lagslegt, menningarlegt og/e\u00f0a p\u00f3lit\u00edskt samhengi \u00ed textum.", ""], ["geta lagt gagnr\u00fdni\u00f0 mat \u00e1 fr\u00e6\u00f0ilega sem og almenna texta", ""], ["hagn\u00fdta s\u00e9r fr\u00e6\u00f0itexta og hagn\u00fdta s\u00e9r heimildir \u00e1 faglegan og ganlegan h\u00e1tt", ""], ["beita m\u00e1linu \u00e1n meirih\u00e1ttar vandkv\u00e6\u00f0a til a\u00f0 geta teki\u00f0 fullan \u00fe\u00e1tt \u00ed umr\u00e6\u00f0um og r\u00f6kr\u00e6\u00f0um", ""], ["geta flutt vel uppbygg\u00f0a fr\u00e1s\u00f6gn, kynningu e\u00f0a greinarger\u00f0 og dregi\u00f0 fram a\u00f0alatri\u00f0i og r\u00f6kstutt m\u00e1l sitt", ""], ["beita rithef\u00f0um sem vi\u00f0 eiga \u00ed textasm\u00ed\u00f0 m.a. um inngang me\u00f0 efnisyr\u00f0ingu, meginm\u00e1l me\u00f0 vel afm\u00f6rku\u00f0um efnisgreinum og ni\u00f0urlag", ""], ["vinna \u00far \u00fdmsum uppl\u00fdsingaveitum og fella saman \u00ed eina heild skv. \u00feeim hef\u00f0um sem gilda um heimildarvinnu", ""], ["skrifa texta me\u00f0 r\u00f6ksemdarf\u00e6rslu \u00fear sem fram koma r\u00f6k me\u00f0 og \u00e1 m\u00f3ti, og \u00feau r\u00f6k vegin og metin", ""]], "_id": "54bf851a62933a7ff5000353"}, {"exemplary": null, "topics": "B\u00f3kmenntir (fj\u00f6lbreyttir textar), menning, or\u00f0afor\u00f0i, ranns\u00f3knir og ritun", "abbreviation": "ENSK3OR05(E5)", "former_schools": null, "subject": "enska", "title": "Enska", "version": 57, "status_trans": "Sam\u00feykkt af sk\u00f3la", "embedded_subject": {"abbreviation": "ENSK", "topics": [{"abbreviation": "GS", "topics": ["grunnatri\u00f0i", "samt\u00f6l"]}, {"abbreviation": "OO", "topics": ["or\u00f0ab\u00f3k", "or\u00f0afor\u00f0i"]}, {"abbreviation": "MM", "topics": ["myndas\u00f6gur", "myndb\u00f6nd"]}, {"abbreviation": "TL", "topics": ["lagatextar", "t\u00f3nlist"]}, {"abbreviation": "FR", "topics": ["ferilsverkefni", "ritunarverkefni"]}, {"abbreviation": "TS", "topics": ["myndm\u00e1l", "ritger\u00f0", "st\u00edlar", "textar"]}, {"abbreviation": "RH", "topics": ["hlustun", "m\u00e1lnotkun", "undirst\u00f6\u00f0uatri\u00f0i \u00ed ritun"]}, {"abbreviation": "SM", "topics": ["m\u00fas\u00edk og myndir 1950-70", "s\u00f6gur"]}, {"abbreviation": "BR", "topics": ["bretland"]}, {"abbreviation": "K\u00c1", "topics": ["kanada", "\u00e1stral\u00eda og n\u00fdja sj\u00e1land"]}, {"abbreviation": "SB", "topics": ["shakespeare og 19. \u00f6ldin \u00ed b\u00f3kmenntum"]}, {"abbreviation": "B\u00d3", "topics": ["b\u00f3kmenntir 20. aldar"]}, {"abbreviation": "KV", "topics": ["kvikmynda\u00e1fangi"]}, {"abbreviation": "AB", "topics": ["afr\u00edsk-amer\u00edskar b\u00f3kmenntir"]}, {"abbreviation": "U\u00c1", "topics": ["undirb\u00faningur", "\u00e1fangi"]}, {"abbreviation": "MT", "topics": ["m\u00e1lfr\u00e6\u00f0i", "tj\u00e1ning"]}, {"abbreviation": "MS", "topics": ["menning", "skapandi skrif"]}, {"abbreviation": "KR", "topics": ["kvikmyndir", "ritun"]}, {"abbreviation": "HR", "topics": ["heimildavinna", "ritger\u00f0ir"]}, {"abbreviation": "FF", "topics": ["fagm\u00e1l", "f\u00e9lagsv\u00edsinda"]}, {"abbreviation": "VE", "topics": ["enska", "vi\u00f0skipta"]}, {"abbreviation": "RE", "topics": ["enska", "raungreinar"]}, {"abbreviation": "BM", "topics": ["b\u00f3kmenntir", "m\u00e1lsaga"]}, {"abbreviation": "LB", "topics": ["b\u00f3kmenntir", "leik"]}, {"abbreviation": "UP", "topics": ["pr\u00f3f", "undirb\u00faningur"]}, {"abbreviation": "EN", "topics": ["enska fyrir fer\u00f0agreinar"]}, {"abbreviation": "FE", "topics": ["enska fyrir fer\u00f0a\u00fej\u00f3nustu"]}, {"abbreviation": "ST", "topics": ["evr\u00f3pski tungum\u00e1laramminn", "stig b1-b2"]}, {"abbreviation": "SE", "topics": ["evr\u00f3pski tungum\u00e1laramminn", "stig b2"]}, {"abbreviation": "ES", "topics": ["evr\u00f3pski tungum\u00e1laramminn", "stig b2-c1"]}, {"abbreviation": "EV", "topics": ["evr\u00f3pski tungum\u00e1laramminn", "stig c1"]}, {"abbreviation": "BF", "topics": ["b2", "evr\u00f3pski tungum\u00e1laramminn", "fer\u00f0a\u00fej\u00f3nuta"]}, {"abbreviation": "FH", "topics": ["evr\u00f3pski tungum\u00e1laramminn", "framhald", "stig c1"]}, {"abbreviation": "GR", "topics": ["grunn\u00e1fangi"]}, {"abbreviation": "FG", "topics": ["enska fyrir matv\u00e6lagreinar"]}, {"abbreviation": "LS", "topics": ["lestur", "m\u00e1lfr\u00e6\u00f0i", "or\u00f0afor\u00f0i", "skilningur"]}, {"abbreviation": "LT", "topics": ["lestur", "or\u00f0afor\u00f0i", "talm\u00e1l"]}, {"abbreviation": "BL", "topics": ["b\u00f3kmenntir", "lesskilningur", "ritun"]}, {"abbreviation": "BS", "topics": ["b\u00f3kmenntir", "menning", "saga"]}, {"abbreviation": "HA", "topics": ["hagn\u00fdtur or\u00f0afor\u00f0i. l\u00e6si \u00e1 fl\u00f3knari texta."]}, {"abbreviation": "OF", "topics": ["grunnor\u00f0afor\u00f0i fr\u00e6\u00f0a og v\u00edsinda.. menningarheimur nor\u00f0ur amer\u00edku"]}, {"abbreviation": "UN", "topics": ["undirb\u00fanings\u00e1fangi \u00ed ensku"]}, {"abbreviation": "LM", "topics": ["lestur og menning", "tj\u00e1ning"]}, {"abbreviation": "TM", "topics": ["menning", "tj\u00e1ning og skapandi skrif"]}, {"abbreviation": "MB", "topics": ["b\u00f3kmenntir", "menning og ritun"]}, {"abbreviation": "EX", "topics": ["extensive vocabulary and expression"]}, {"abbreviation": "ML", "topics": ["m\u00e1lnotkun og l\u00e6si"]}, {"abbreviation": "AA", "topics": ["akadem\u00edskur or\u00f0afor\u00f0i", "fj\u00f6lbreyttir textar", "fyrsti \u00e1fangi \u00ed ensku."]}, {"abbreviation": "YN", "topics": ["yndislestur"]}, {"abbreviation": "BB", "topics": ["akadem\u00edskur or\u00f0afor\u00f0i", "annar \u00e1fangi \u00ed ensku.", "fj\u00f6lbreyttir textar"]}, {"abbreviation": "FA", "topics": ["fagor\u00f0afor\u00f0i"]}, {"abbreviation": "AH", "topics": ["akadem\u00edskur or\u00f0afor\u00f0i", "fj\u00f6lbreyttir textar. hra\u00f0fer\u00f0 \u00ed ensku."]}, {"abbreviation": "BH", "topics": ["akadem\u00edskur or\u00f0afor\u00f0i", "fj\u00f6lbreyttir textar. \u00f6nnur hra\u00f0fer\u00f0 \u00ed ensku."]}, {"abbreviation": "EE", "topics": ["b\u00f3kmenntir", "fj\u00f6lmi\u00f0latextar."]}, {"abbreviation": "LR", "topics": ["lestur", "ritun", "tj\u00e1ning og hlustun"]}, {"abbreviation": "DD", "topics": ["b\u00f3kmenntir"]}, {"abbreviation": "M\u00c1", "topics": ["m\u00e1lfr\u00e6\u00f0i a"]}, {"abbreviation": "CC", "topics": ["b\u00f3kmenntir", "krefjandi or\u00f0afor\u00f0i", "ritun"]}, {"abbreviation": "CH", "topics": ["krefjandi or\u00f0afor\u00f0i"]}, {"abbreviation": "L\u00c9", "topics": ["l\u00e9ttlestur"]}, {"abbreviation": "OH", "topics": ["hlustun", "or\u00f0afor\u00f0i", "talm\u00e1l og ritun"]}, {"abbreviation": "LO", "topics": ["lesskilningur", "m\u00e1lfr\u00e6\u00f0i", "or\u00f0afor\u00f0i"]}, {"abbreviation": "MO", "topics": ["m\u00e1lfr\u00e6\u00f0i", "or\u00f0afor\u00f0i", "stig b1 \u00ed evr\u00f3pska tungum\u00e1larammanum"]}, {"abbreviation": "OB", "topics": ["b\u00f3kmenntir", "or\u00f0afor\u00f0i", "stig b2 \u00ed evr\u00f3pska tungum\u00e1larammanum"]}, {"abbreviation": "RB", "topics": ["b\u00f3kmenntir", "ritun"]}, {"abbreviation": "RL", "topics": ["lestur", "m\u00e1lfr\u00e6\u00f0i", "ritun og or\u00f0afor\u00f0i"]}, {"abbreviation": "SG", "topics": ["Lestur", "m\u00e1lfr\u00e6\u00f0i", "or\u00f0afor\u00f0i", "ritun", "tal"]}, {"abbreviation": "RM", "topics": ["Ritun", "b\u00f3kmenntir", "m\u00e1lnotkun"]}, {"abbreviation": "RO", "topics": ["Ritun", "b\u00f3kmenntir", "menning", "or\u00f0afor\u00f0i"]}, {"abbreviation": "SR", "topics": ["Menning", "akadem\u00edskur or\u00f0afor\u00f0i", "ritun", "saga"]}, {"abbreviation": "AE", "topics": ["Almenn akadem\u00edsk enska", "b\u00f3kmenntir", "ritun"]}, {"abbreviation": "SA", "topics": ["S\u00e9rh\u00e6f\u00f0 akadem\u00edsk enska", "b\u00f3kmenntir", "ritun"]}, {"abbreviation": "VR", "topics": ["V\u00edsindaor\u00f0afor\u00f0i", "raungreinar"]}, {"abbreviation": "VH", "topics": ["Vi\u00f0skipti", "erlend samskipti og vi\u00f0skiptah\u00e6ttir"]}, {"abbreviation": "AK", "topics": ["Kennsla", "a\u00f0sto\u00f0 vi\u00f0 nemendur", "ger\u00f0 kennsluefnis"]}, {"abbreviation": "DF", "topics": ["Kvikmyndir. Film Course."]}, {"abbreviation": "SK", "topics": ["enska fyrir fer\u00f0a\u00fej\u00f3nustu", "skapandi skrif"]}, {"abbreviation": "FT", "topics": ["lestur fr\u00e6\u00f0ilegra texta"]}, {"abbreviation": "VT", "topics": ["Lestur enskra vi\u00f0skiptatexta"]}, {"abbreviation": "RT", "topics": ["Lestur enskra raunv\u00edsindatexta"]}, {"abbreviation": "\u00cdT", "topics": ["Lestur \u00ed\u00fer\u00f3ttafr\u00e6\u00f0ilegra texta"]}, {"abbreviation": "TO", "topics": ["Tolkien"]}, {"abbreviation": "RI", "topics": ["Ritun"]}, {"abbreviation": "HL", "topics": ["Hlustun"]}, {"abbreviation": "UE", "topics": ["Undirb\u00fanings\u00e1fangi \u00ed ensku"]}, {"abbreviation": "UH", "topics": ["Undirb\u00faningur fyrir h\u00e1sk\u00f3lan\u00e1m"]}, {"abbreviation": "TJ", "topics": ["Tj\u00e1ning"]}, {"abbreviation": "OM", "topics": ["Or\u00f0afor\u00f0i", "m\u00e1lfr\u00e6\u00f0i", "m\u00e1lnotkun"]}, {"abbreviation": "TF", "topics": ["tj\u00e1ning og m\u00e1lnotkun"]}, {"abbreviation": "AM", "topics": ["Fr\u00e6\u00f0ilegur or\u00f0afor\u00f0i og Bandar\u00edkin"]}, {"abbreviation": "UK", "topics": ["Fr\u00e6\u00f0ilegur or\u00f0afor\u00f0i og Bretland"]}, {"abbreviation": "AC", "topics": ["Akadem\u00edskur or\u00f0afor\u00f0i og rauntextar"]}, {"abbreviation": "SL", "topics": ["Lestur", "menning og skrif"]}, {"abbreviation": "KK", "topics": ["Kvikmyndir og kynning"]}, {"abbreviation": "BA", "topics": ["L\u00fdsing: B\u00f3kmenntir 19. og 20.", "skrif og r\u00e6\u00f0uger\u00f0"]}, {"abbreviation": "OT", "topics": ["Or\u00f0afor\u00f0i", "ritun", "tj\u00e1ning"]}, {"abbreviation": "VM", "topics": ["V\u00edsindi og menning"]}, {"abbreviation": "BT", "topics": ["Bandar\u00edskt \u00fej\u00f3\u00f0f\u00e9lag og menning"]}, {"abbreviation": "MR", "topics": ["M\u00e1lfr\u00e6\u00f0i og ritun"]}, {"abbreviation": "LH", "topics": ["L\u00e6si \u00e1 fl\u00f3knari texta", "hagn\u00fdtur fj\u00f6lbreyttur or\u00f0afor\u00f0i"]}, {"abbreviation": "KB", "topics": ["Kvikmyndir", "b\u00f3kmenntir"]}, {"abbreviation": "OL", "topics": ["Lestur", "Menning", "M\u00e1lfr\u00e6\u00f0i", "Or\u00f0afor\u00f0i", "Ritun", "Tal"]}, {"abbreviation": "CL", "topics": ["Chic Literature and Women in Today\u2018s Society"]}, {"abbreviation": "CW", "topics": ["Creative Writing"]}, {"abbreviation": "OR", "topics": ["B\u00f3kmenntir (fj\u00f6lbreyttir textar)", "menning", "or\u00f0afor\u00f0i", "ranns\u00f3knir og ritun"]}, {"abbreviation": "OG", "topics": ["B\u00f3kmenntir", "lj\u00f3\u00f0agreining", "or\u00f0afor\u00f0i", "ritger\u00f0asm\u00ed\u00f0i og heimildavinna"]}, {"abbreviation": "BY", "topics": ["Lestur", "m\u00e1lfr\u00e6\u00f0i og m\u00e1lnotkun (byrjunar\u00e1fangi \u00ed ensku)", "ritun"]}, {"abbreviation": "DM", "topics": ["Enska Daglegt m\u00e1l"]}, {"abbreviation": "B\u00c1", "topics": ["b\u00f3kmenntir", "ritun", "tj\u00e1ning"]}, {"abbreviation": "HE", "topics": ["Hagn\u00fdt enska", "starfsbraut"]}, {"abbreviation": "RR", "topics": ["Enska \u00ed r\u00e6\u00f0u og riti"]}, {"abbreviation": "HO", "topics": ["Hagn\u00fdtur or\u00f0afor\u00f0i", "c1"]}, {"abbreviation": "FO", "topics": ["Fagor\u00f0afor\u00f0i og fer\u00f0am\u00e1l"]}, {"abbreviation": "EG", "topics": ["Enska 2 \u00e1 starfsbraut"]}, {"abbreviation": "SO", "topics": ["s\u00e9rh\u00e6f\u00f0ur or\u00f0afor\u00f0i"]}, {"abbreviation": "TR", "topics": ["Tj\u00e1ning", "or\u00f0afor\u00f0i", "ritun"]}, {"abbreviation": "\u00deS", "topics": ["\u00dej\u00f3nustust\u00f6rf"]}, {"abbreviation": "SF", "topics": ["Sagnfr\u00e6\u00f0i"]}, {"abbreviation": "T\u00d6", "topics": ["T\u00f6lvuleikir"]}, {"abbreviation": "JM", "topics": ["Fr\u00e1 hugmynd til \u00fatg\u00e1fu"]}, {"abbreviation": "MH", "topics": ["S\u00e9rh\u00e6f\u00f0 enska \u00ed myndlist og h\u00f6nnun"]}, {"abbreviation": "BO", "topics": ["B\u00f3kmenntir", "m\u00e1lfr\u00e6\u00f0i", "or\u00f0afor\u00f0i"]}, {"abbreviation": "VO", "topics": ["V\u00edsindatengdur or\u00f0afor\u00f0i"]}, {"abbreviation": "MV", "topics": ["M\u00e1lnotkun", "b\u00f3kmenntir", "vi\u00f0skipti"]}, {"abbreviation": "SV", "topics": ["m\u00e1lnotkun", "samf\u00e9lag", "vi\u00f0skipti"]}, {"abbreviation": "VI", "topics": ["m\u00e1lskilningur", "ritun", "vi\u00f0skiptaenska"]}, {"abbreviation": "EM", "topics": ["bresk menning", "b\u00f3kmenntir", "m\u00e1l"]}, {"abbreviation": "NV", "topics": ["v\u00edsindaenska"]}, {"abbreviation": "YL", "topics": ["Yndislestur"]}, {"abbreviation": "EH", "topics": ["Enska fyrir heilbrig\u00f0isgreinar"]}, {"abbreviation": "DK", "topics": ["ENSKA"]}, {"abbreviation": "DG", "topics": ["Enskar myndas\u00f6gur"]}, {"abbreviation": "DV", "topics": ["or\u00f0afor\u00f0i"]}, {"abbreviation": "DY", "topics": ["Yndislestur \u00ed ensku"]}, {"abbreviation": "EY", "topics": ["Yndislestur 2 \u00e1 ensku"]}, {"abbreviation": "HB", "topics": ["B\u00f3kmenntir og fr\u00e6\u00f0ilegir textar \u00ed hugv\u00edsindum"]}, {"abbreviation": "MK", "topics": ["b\u00f3kmenntir", "kvikmyndir", "menning", "m\u00e1lnotkun"]}, {"abbreviation": "VG", "topics": ["gagnr\u00fdnin hugsun", "or\u00f0afor\u00f0i v\u00edsinda", "ritun", "tj\u00e1ning"]}, {"abbreviation": "TT", "topics": ["m\u00e1lnotkun \u00ed t\u00e6knigreinum", "or\u00f0afor\u00f0i", "tala\u00f0 m\u00e1l"]}, {"abbreviation": "SS", "topics": ["Shakespeare", "kvikmyndir", "ritun", "sk\u00e1lds\u00f6gur"]}, {"abbreviation": "FV", "topics": ["Fagm\u00e1l", "b\u00f3kmenntir", "f\u00e9lagsv\u00edsindi", "ritun"]}, {"abbreviation": "VV", "topics": ["fagm\u00e1l", "hagfr\u00e6\u00f0i", "verslun", "vi\u00f0skipti"]}, {"abbreviation": "TB", "topics": ["Tolkien", "b\u00f3kmenntir", "fantas\u00eda"]}, {"abbreviation": "LG", "topics": ["Lestur", "ritun og tj\u00e1ning"]}, {"abbreviation": "SH", "topics": ["Shakespeare"]}, {"abbreviation": "BK", "topics": ["b\u00f3kmenntir og menning"]}, {"abbreviation": "VF", "topics": ["fr\u00e6\u00f0i og fagm\u00e1l", "v\u00edsindi"]}, {"abbreviation": "AO", "topics": ["Akadem\u00edskur or\u00f0afor\u00f0i \u00e1 ensku og klass\u00edskar b\u00f3kmenntir"]}, {"abbreviation": "SD", "topics": ["S\u00e9rh\u00e6f\u00f0ur or\u00f0afor\u00f0i og breskar b\u00f3kmenntir"]}, {"abbreviation": "TE", "topics": ["\u00deemaverkefni \u00ed tengslum vi\u00f0 frekara n\u00e1m \u00e1 h\u00e1sk\u00f3lastigi", "\u00fej\u00e1lfun \u00ed ritun og tj\u00e1ningu \u00e1 ensku"]}, {"abbreviation": "LL", "topics": ["B\u00f3kmenntir", "leikrit", "lj\u00f3\u00f0 og kvikmyndir \u00e1 ensku annars vegar og hins vegar sam\u00fe\u00e6tting vi\u00f0 a\u00f0ra \u00e1fanga"]}, {"abbreviation": "US", "topics": ["Undirb\u00faningur fyrir st\u00f6\u00f0lu\u00f0 pr\u00f3f"]}, {"abbreviation": "GA", "topics": ["Grunnor\u00f0afor\u00f0i akadem\u00edskra texta"]}, {"abbreviation": "KO", "topics": ["Krefjandi or\u00f0afor\u00f0i"]}, {"abbreviation": "FS", "topics": ["Fj\u00f6lbreyttur skilningur"]}, {"abbreviation": "EA", "topics": ["Akadem\u00edskur or\u00f0afor\u00f0i"]}, {"abbreviation": "ME", "topics": ["Meteorology", "ve\u00f0urfr\u00e6\u00f0i"]}, {"abbreviation": "EK", "topics": ["Enska 1"]}, {"abbreviation": "LE", "topics": ["Lestur", "b\u00e6\u00f0i rauntexta og sk\u00e1lda\u00f0a"]}, {"abbreviation": "S\u00d6", "topics": ["Sm\u00e1s\u00f6gur og sk\u00e1lds\u00f6gur"]}], "_id": "50c0a02dd8e40575f7f6f488", "subjects": ["enska"], "counter": {"1": 30, "3": 56, "2": 54, "4": 1}}, "evaluation": "N\u00e1msmat er \u00fatf\u00e6rt \u00ed kennslu\u00e1\u00e6tlun \u00ed samr\u00e6mi vi\u00f0 sk\u00f3lan\u00e1mskr\u00e1", "categorization_suggestion": "E5", "embedded_topics": {"abbreviation": "OR", "topics": ["B\u00f3kmenntir (fj\u00f6lbreyttir textar)", "menning", "or\u00f0afor\u00f0i", "ranns\u00f3knir og ritun"]}, "status": "approved by school", "description": "B\u00f3kmenntir (Shakespeare & n\u00fat\u00edmab\u00f3kmenntir), menning, or\u00f0afor\u00f0i, ranns\u00f3knir og ritun.\n", "knowledge_goals": ["stj\u00f3rnm\u00e1lum, fj\u00f6lmi\u00f0lum og s\u00f6gu og \u00e1hrifum \u00feeirra \u00e1 \u00fej\u00f3\u00f0f\u00e9lagsm\u00f3tun \u00ed \u00feeim l\u00f6ndum \u00fear sem tungum\u00e1li\u00f0 er tala\u00f0", "menningu \u00feeirra \u00fej\u00f3\u00f0a \u00fear sem tungum\u00e1li\u00f0 er tala\u00f0 sem og eigin menningu \u00ed al\u00fej\u00f3\u00f0legu samhengi", "or\u00f0afor\u00f0a sem gerir nemenda kleift a\u00f0 tileina s\u00e9r me\u00f0 g\u00f3\u00f0u m\u00f3ti lesefni \u00ed \u00e1framhaldandi n\u00e1mi og/e\u00f0a starfi", "hef\u00f0um sem eiga vi\u00f0 um tala\u00f0 og rita\u00f0 m\u00e1l t.d. mismunandi m\u00e1lsni\u00f0", "uppruna tungum\u00e1lsins og \u00fatbrei\u00f0slu, og skildleika \u00feess vi\u00f0 \u00edslenskt m\u00e1l", "\u00feverfaglegum or\u00f0afor\u00f0a til markvissrar notkunar \u00ed n\u00e1mi \u00e1 h\u00e1sk\u00f3lastigi"], "skills_goals": ["\u00feekkja og skilja vel s\u00e9rh\u00e6f\u00f0a texta \u00e1 svi\u00f0i sem nemandi \u00feekkir", "skilja almennt tala\u00f0 m\u00e1l, jafnvel \u00fear sem fr\u00e1s\u00f6gn er ekki endilega skipul\u00f6g\u00f0 e\u00f0a fullm\u00f3tu\u00f0", "lesa, s\u00e9r til \u00e1n\u00e6gju e\u00f0a uppl\u00fdsinga\u00f6flunnar, texta sem gera miklar kr\u00f6fur til lesenda, \u00fdmist hva\u00f0 var\u00f0ar or\u00f0afor\u00f0a og uppbyggingu e\u00f0a myndm\u00e1l og st\u00edlbr\u00f6g\u00f0", "geta tj\u00e1\u00f0 sig af \u00f6ryggi um margv\u00edsleg m\u00e1lefni hvort sem \u00feau eru almenn e\u00f0a pers\u00f3nulegs e\u00f0lis", "notkun tungum\u00e1lsins \u00e1 sveigjanlegan og \u00e1rangursr\u00edkann m\u00e1ta \u00ed samr\u00e6\u00f0um", "beita ritm\u00e1linu \u00ed mismunandi tilgangi, fr\u00e6\u00f0ilegum e\u00f0a pers\u00f3nulegum, me\u00f0 st\u00edlbrig\u00f0um og m\u00e1lsni\u00f0i sem vi\u00f0 \u00e1 og m\u00e6tir h\u00e6fnivi\u00f0mi\u00f0um \u00ferepsins"], "credits": 5, "last_modified": 1421836850.058314, "schools": ["512353008caa45ed97015b49"], "coauthors": null, "instructions": "", "continued_education": false, "level": 3, "prerequisites": "ENSK3OG05 e\u00f0a samb\u00e6rilegur \u00e1fangi", "author": "ea048ca4-de95-4840-ab18-d0bdf27b09d4", "abbreviation_version": null, "competence_goals": [["n\u00fdta s\u00e9r fyrirlestra, umr\u00e6\u00f0ur og r\u00f6kr\u00e6\u00f0ur um efni sem nemandi \u00feekkir e\u00f0a getur afla\u00f0 s\u00e9r \u00feekkingar \u00e1", ""], ["skilja s\u00e9r til gagns \u00feegar fjalla\u00f0 er um fl\u00f3ki\u00f0 efni t\u00e6knilegs e\u00f0a fr\u00e6\u00f0ilegs e\u00f0lis", ""], ["\u00e1tta sig \u00e1 mismunandi m\u00e1lsni\u00f0i og st\u00edl \u00ed t\u00f6lu\u00f0u, sem og ritu\u00f0u, m\u00e1li og undirliggjandi tilgangi og vi\u00f0horfum \u00feess sem talar/ritar", ""], ["geta lagt gagnr\u00fdni\u00f0 mat \u00e1 texta sem og hagn\u00fdtt s\u00e9r fr\u00e6\u00f0itexta og meti\u00f0 heimildir \u00e1 gagnr\u00fdninn h\u00e1tt", ""], ["beita m\u00e1linu \u00e1n meirih\u00e1ttar vandkv\u00e6\u00f0a til a\u00f0 geta teki\u00f0 fullan \u00fe\u00e1tt \u00ed umr\u00e6\u00f0um og r\u00f6kr\u00e6\u00f0um \u00fear sem fjalla\u00f0 er um pers\u00f3nuleg, menningarleg, f\u00e9lagsleg og fj\u00f6lmenningarleg efni", ""], ["geta flutt vel uppbygg\u00f0a fr\u00e1s\u00f6gn, kynningu e\u00f0a greinarger\u00f0 og dregi\u00f0 fram a\u00f0alatri\u00f0i og r\u00f6kstutt m\u00e1l sitt me\u00f0 d\u00e6mum og geta brug\u00f0ist vi\u00f0 fyrirspurnum", ""], ["beita rithef\u00f0um sem vi\u00f0 eiga \u00ed textasm\u00ed\u00f0 m.a. um inngang me\u00f0 efnisyr\u00f0ingu, meginm\u00e1l me\u00f0 vel afm\u00f6rku\u00f0um efnisgreinum og ni\u00f0urlag", ""], ["vinna \u00far \u00fdmsum uppl\u00fdsingaveitum og fella saman \u00ed eina heild skv. \u00feeim hef\u00f0um sem gilda um heimildarvinnu", ""], ["skrifa gagnor\u00f0an, skilmerkilegan og vel uppbygg\u00f0an texta sem tekur mi\u00f0 af \u00fev\u00ed hver lesandi er", ""], ["skrifa texta me\u00f0 r\u00f6ksemdarf\u00e6rslu \u00fear sem fram koma r\u00f6k me\u00f0 og \u00e1 m\u00f3ti, og \u00feau r\u00f6k vegin og metin", ""]], "_id": "54bf823262933a7ff5000340"}, {"exemplary": null, "topics": "lestur og menning, tj\u00e1ning", "abbreviation": "ENSK2LM05", "former_schools": null, "subject": "enska", "title": "Enska, Menning, tj\u00e1ning, lestur", "version": 32, "status_trans": "Sam\u00feykkt af sk\u00f3la", "embedded_subject": {"abbreviation": "ENSK", "topics": [{"abbreviation": "GS", "topics": ["grunnatri\u00f0i", "samt\u00f6l"]}, {"abbreviation": "OO", "topics": ["or\u00f0ab\u00f3k", "or\u00f0afor\u00f0i"]}, {"abbreviation": "MM", "topics": ["myndas\u00f6gur", "myndb\u00f6nd"]}, {"abbreviation": "TL", "topics": ["lagatextar", "t\u00f3nlist"]}, {"abbreviation": "FR", "topics": ["ferilsverkefni", "ritunarverkefni"]}, {"abbreviation": "TS", "topics": ["myndm\u00e1l", "ritger\u00f0", "st\u00edlar", "textar"]}, {"abbreviation": "RH", "topics": ["hlustun", "m\u00e1lnotkun", "undirst\u00f6\u00f0uatri\u00f0i \u00ed ritun"]}, {"abbreviation": "SM", "topics": ["m\u00fas\u00edk og myndir 1950-70", "s\u00f6gur"]}, {"abbreviation": "BR", "topics": ["bretland"]}, {"abbreviation": "K\u00c1", "topics": ["kanada", "\u00e1stral\u00eda og n\u00fdja sj\u00e1land"]}, {"abbreviation": "SB", "topics": ["shakespeare og 19. \u00f6ldin \u00ed b\u00f3kmenntum"]}, {"abbreviation": "B\u00d3", "topics": ["b\u00f3kmenntir 20. aldar"]}, {"abbreviation": "KV", "topics": ["kvikmynda\u00e1fangi"]}, {"abbreviation": "AB", "topics": ["afr\u00edsk-amer\u00edskar b\u00f3kmenntir"]}, {"abbreviation": "U\u00c1", "topics": ["undirb\u00faningur", "\u00e1fangi"]}, {"abbreviation": "MT", "topics": ["m\u00e1lfr\u00e6\u00f0i", "tj\u00e1ning"]}, {"abbreviation": "MS", "topics": ["menning", "skapandi skrif"]}, {"abbreviation": "KR", "topics": ["kvikmyndir", "ritun"]}, {"abbreviation": "HR", "topics": ["heimildavinna", "ritger\u00f0ir"]}, {"abbreviation": "FF", "topics": ["fagm\u00e1l", "f\u00e9lagsv\u00edsinda"]}, {"abbreviation": "VE", "topics": ["enska", "vi\u00f0skipta"]}, {"abbreviation": "RE", "topics": ["enska", "raungreinar"]}, {"abbreviation": "BM", "topics": ["b\u00f3kmenntir", "m\u00e1lsaga"]}, {"abbreviation": "LB", "topics": ["b\u00f3kmenntir", "leik"]}, {"abbreviation": "UP", "topics": ["pr\u00f3f", "undirb\u00faningur"]}, {"abbreviation": "EN", "topics": ["enska fyrir fer\u00f0agreinar"]}, {"abbreviation": "FE", "topics": ["enska fyrir fer\u00f0a\u00fej\u00f3nustu"]}, {"abbreviation": "ST", "topics": ["evr\u00f3pski tungum\u00e1laramminn", "stig b1-b2"]}, {"abbreviation": "SE", "topics": ["evr\u00f3pski tungum\u00e1laramminn", "stig b2"]}, {"abbreviation": "ES", "topics": ["evr\u00f3pski tungum\u00e1laramminn", "stig b2-c1"]}, {"abbreviation": "EV", "topics": ["evr\u00f3pski tungum\u00e1laramminn", "stig c1"]}, {"abbreviation": "BF", "topics": ["b2", "evr\u00f3pski tungum\u00e1laramminn", "fer\u00f0a\u00fej\u00f3nuta"]}, {"abbreviation": "FH", "topics": ["evr\u00f3pski tungum\u00e1laramminn", "framhald", "stig c1"]}, {"abbreviation": "GR", "topics": ["grunn\u00e1fangi"]}, {"abbreviation": "FG", "topics": ["enska fyrir matv\u00e6lagreinar"]}, {"abbreviation": "LS", "topics": ["lestur", "m\u00e1lfr\u00e6\u00f0i", "or\u00f0afor\u00f0i", "skilningur"]}, {"abbreviation": "LT", "topics": ["lestur", "or\u00f0afor\u00f0i", "talm\u00e1l"]}, {"abbreviation": "BL", "topics": ["b\u00f3kmenntir", "lesskilningur", "ritun"]}, {"abbreviation": "BS", "topics": ["b\u00f3kmenntir", "menning", "saga"]}, {"abbreviation": "HA", "topics": ["hagn\u00fdtur or\u00f0afor\u00f0i. l\u00e6si \u00e1 fl\u00f3knari texta."]}, {"abbreviation": "OF", "topics": ["grunnor\u00f0afor\u00f0i fr\u00e6\u00f0a og v\u00edsinda.. menningarheimur nor\u00f0ur amer\u00edku"]}, {"abbreviation": "UN", "topics": ["undirb\u00fanings\u00e1fangi \u00ed ensku"]}, {"abbreviation": "LM", "topics": ["lestur og menning", "tj\u00e1ning"]}, {"abbreviation": "TM", "topics": ["menning", "tj\u00e1ning og skapandi skrif"]}, {"abbreviation": "MB", "topics": ["b\u00f3kmenntir", "menning og ritun"]}, {"abbreviation": "EX", "topics": ["extensive vocabulary and expression"]}, {"abbreviation": "ML", "topics": ["m\u00e1lnotkun og l\u00e6si"]}, {"abbreviation": "AA", "topics": ["akadem\u00edskur or\u00f0afor\u00f0i", "fj\u00f6lbreyttir textar", "fyrsti \u00e1fangi \u00ed ensku."]}, {"abbreviation": "YN", "topics": ["yndislestur"]}, {"abbreviation": "BB", "topics": ["akadem\u00edskur or\u00f0afor\u00f0i", "annar \u00e1fangi \u00ed ensku.", "fj\u00f6lbreyttir textar"]}, {"abbreviation": "FA", "topics": ["fagor\u00f0afor\u00f0i"]}, {"abbreviation": "AH", "topics": ["akadem\u00edskur or\u00f0afor\u00f0i", "fj\u00f6lbreyttir textar. hra\u00f0fer\u00f0 \u00ed ensku."]}, {"abbreviation": "BH", "topics": ["akadem\u00edskur or\u00f0afor\u00f0i", "fj\u00f6lbreyttir textar. \u00f6nnur hra\u00f0fer\u00f0 \u00ed ensku."]}, {"abbreviation": "EE", "topics": ["b\u00f3kmenntir", "fj\u00f6lmi\u00f0latextar."]}, {"abbreviation": "LR", "topics": ["lestur", "ritun", "tj\u00e1ning og hlustun"]}, {"abbreviation": "DD", "topics": ["b\u00f3kmenntir"]}, {"abbreviation": "M\u00c1", "topics": ["m\u00e1lfr\u00e6\u00f0i a"]}, {"abbreviation": "CC", "topics": ["b\u00f3kmenntir", "krefjandi or\u00f0afor\u00f0i", "ritun"]}, {"abbreviation": "CH", "topics": ["krefjandi or\u00f0afor\u00f0i"]}, {"abbreviation": "L\u00c9", "topics": ["l\u00e9ttlestur"]}, {"abbreviation": "OH", "topics": ["hlustun", "or\u00f0afor\u00f0i", "talm\u00e1l og ritun"]}, {"abbreviation": "LO", "topics": ["lesskilningur", "m\u00e1lfr\u00e6\u00f0i", "or\u00f0afor\u00f0i"]}, {"abbreviation": "MO", "topics": ["m\u00e1lfr\u00e6\u00f0i", "or\u00f0afor\u00f0i", "stig b1 \u00ed evr\u00f3pska tungum\u00e1larammanum"]}, {"abbreviation": "OB", "topics": ["b\u00f3kmenntir", "or\u00f0afor\u00f0i", "stig b2 \u00ed evr\u00f3pska tungum\u00e1larammanum"]}, {"abbreviation": "RB", "topics": ["b\u00f3kmenntir", "ritun"]}, {"abbreviation": "RL", "topics": ["lestur", "m\u00e1lfr\u00e6\u00f0i", "ritun og or\u00f0afor\u00f0i"]}, {"abbreviation": "SG", "topics": ["Lestur", "m\u00e1lfr\u00e6\u00f0i", "or\u00f0afor\u00f0i", "ritun", "tal"]}, {"abbreviation": "RM", "topics": ["Ritun", "b\u00f3kmenntir", "m\u00e1lnotkun"]}, {"abbreviation": "RO", "topics": ["Ritun", "b\u00f3kmenntir", "menning", "or\u00f0afor\u00f0i"]}, {"abbreviation": "SR", "topics": ["Menning", "akadem\u00edskur or\u00f0afor\u00f0i", "ritun", "saga"]}, {"abbreviation": "AE", "topics": ["Almenn akadem\u00edsk enska", "b\u00f3kmenntir", "ritun"]}, {"abbreviation": "SA", "topics": ["S\u00e9rh\u00e6f\u00f0 akadem\u00edsk enska", "b\u00f3kmenntir", "ritun"]}, {"abbreviation": "VR", "topics": ["V\u00edsindaor\u00f0afor\u00f0i", "raungreinar"]}, {"abbreviation": "VH", "topics": ["Vi\u00f0skipti", "erlend samskipti og vi\u00f0skiptah\u00e6ttir"]}, {"abbreviation": "AK", "topics": ["Kennsla", "a\u00f0sto\u00f0 vi\u00f0 nemendur", "ger\u00f0 kennsluefnis"]}, {"abbreviation": "DF", "topics": ["Kvikmyndir. Film Course."]}, {"abbreviation": "SK", "topics": ["enska fyrir fer\u00f0a\u00fej\u00f3nustu", "skapandi skrif"]}, {"abbreviation": "FT", "topics": ["lestur fr\u00e6\u00f0ilegra texta"]}, {"abbreviation": "VT", "topics": ["Lestur enskra vi\u00f0skiptatexta"]}, {"abbreviation": "RT", "topics": ["Lestur enskra raunv\u00edsindatexta"]}, {"abbreviation": "\u00cdT", "topics": ["Lestur \u00ed\u00fer\u00f3ttafr\u00e6\u00f0ilegra texta"]}, {"abbreviation": "TO", "topics": ["Tolkien"]}, {"abbreviation": "RI", "topics": ["Ritun"]}, {"abbreviation": "HL", "topics": ["Hlustun"]}, {"abbreviation": "UE", "topics": ["Undirb\u00fanings\u00e1fangi \u00ed ensku"]}, {"abbreviation": "UH", "topics": ["Undirb\u00faningur fyrir h\u00e1sk\u00f3lan\u00e1m"]}, {"abbreviation": "TJ", "topics": ["Tj\u00e1ning"]}, {"abbreviation": "OM", "topics": ["Or\u00f0afor\u00f0i", "m\u00e1lfr\u00e6\u00f0i", "m\u00e1lnotkun"]}, {"abbreviation": "TF", "topics": ["tj\u00e1ning og m\u00e1lnotkun"]}, {"abbreviation": "AM", "topics": ["Fr\u00e6\u00f0ilegur or\u00f0afor\u00f0i og Bandar\u00edkin"]}, {"abbreviation": "UK", "topics": ["Fr\u00e6\u00f0ilegur or\u00f0afor\u00f0i og Bretland"]}, {"abbreviation": "AC", "topics": ["Akadem\u00edskur or\u00f0afor\u00f0i og rauntextar"]}, {"abbreviation": "SL", "topics": ["Lestur", "menning og skrif"]}, {"abbreviation": "KK", "topics": ["Kvikmyndir og kynning"]}, {"abbreviation": "BA", "topics": ["L\u00fdsing: B\u00f3kmenntir 19. og 20.", "skrif og r\u00e6\u00f0uger\u00f0"]}, {"abbreviation": "OT", "topics": ["Or\u00f0afor\u00f0i", "ritun", "tj\u00e1ning"]}, {"abbreviation": "VM", "topics": ["V\u00edsindi og menning"]}, {"abbreviation": "BT", "topics": ["Bandar\u00edskt \u00fej\u00f3\u00f0f\u00e9lag og menning"]}, {"abbreviation": "MR", "topics": ["M\u00e1lfr\u00e6\u00f0i og ritun"]}, {"abbreviation": "LH", "topics": ["L\u00e6si \u00e1 fl\u00f3knari texta", "hagn\u00fdtur fj\u00f6lbreyttur or\u00f0afor\u00f0i"]}, {"abbreviation": "KB", "topics": ["Kvikmyndir", "b\u00f3kmenntir"]}, {"abbreviation": "OL", "topics": ["Lestur", "Menning", "M\u00e1lfr\u00e6\u00f0i", "Or\u00f0afor\u00f0i", "Ritun", "Tal"]}, {"abbreviation": "CL", "topics": ["Chic Literature and Women in Today\u2018s Society"]}, {"abbreviation": "CW", "topics": ["Creative Writing"]}, {"abbreviation": "OR", "topics": ["B\u00f3kmenntir (fj\u00f6lbreyttir textar)", "menning", "or\u00f0afor\u00f0i", "ranns\u00f3knir og ritun"]}, {"abbreviation": "OG", "topics": ["B\u00f3kmenntir", "lj\u00f3\u00f0agreining", "or\u00f0afor\u00f0i", "ritger\u00f0asm\u00ed\u00f0i og heimildavinna"]}, {"abbreviation": "BY", "topics": ["Lestur", "m\u00e1lfr\u00e6\u00f0i og m\u00e1lnotkun (byrjunar\u00e1fangi \u00ed ensku)", "ritun"]}, {"abbreviation": "DM", "topics": ["Enska Daglegt m\u00e1l"]}, {"abbreviation": "B\u00c1", "topics": ["b\u00f3kmenntir", "ritun", "tj\u00e1ning"]}, {"abbreviation": "HE", "topics": ["Hagn\u00fdt enska", "starfsbraut"]}, {"abbreviation": "RR", "topics": ["Enska \u00ed r\u00e6\u00f0u og riti"]}, {"abbreviation": "HO", "topics": ["Hagn\u00fdtur or\u00f0afor\u00f0i", "c1"]}, {"abbreviation": "FO", "topics": ["Fagor\u00f0afor\u00f0i og fer\u00f0am\u00e1l"]}, {"abbreviation": "EG", "topics": ["Enska 2 \u00e1 starfsbraut"]}, {"abbreviation": "SO", "topics": ["s\u00e9rh\u00e6f\u00f0ur or\u00f0afor\u00f0i"]}, {"abbreviation": "TR", "topics": ["Tj\u00e1ning", "or\u00f0afor\u00f0i", "ritun"]}, {"abbreviation": "\u00deS", "topics": ["\u00dej\u00f3nustust\u00f6rf"]}, {"abbreviation": "SF", "topics": ["Sagnfr\u00e6\u00f0i"]}, {"abbreviation": "T\u00d6", "topics": ["T\u00f6lvuleikir"]}, {"abbreviation": "JM", "topics": ["Fr\u00e1 hugmynd til \u00fatg\u00e1fu"]}, {"abbreviation": "MH", "topics": ["S\u00e9rh\u00e6f\u00f0 enska \u00ed myndlist og h\u00f6nnun"]}, {"abbreviation": "BO", "topics": ["B\u00f3kmenntir", "m\u00e1lfr\u00e6\u00f0i", "or\u00f0afor\u00f0i"]}, {"abbreviation": "VO", "topics": ["V\u00edsindatengdur or\u00f0afor\u00f0i"]}, {"abbreviation": "MV", "topics": ["M\u00e1lnotkun", "b\u00f3kmenntir", "vi\u00f0skipti"]}, {"abbreviation": "SV", "topics": ["m\u00e1lnotkun", "samf\u00e9lag", "vi\u00f0skipti"]}, {"abbreviation": "VI", "topics": ["m\u00e1lskilningur", "ritun", "vi\u00f0skiptaenska"]}, {"abbreviation": "EM", "topics": ["bresk menning", "b\u00f3kmenntir", "m\u00e1l"]}, {"abbreviation": "NV", "topics": ["v\u00edsindaenska"]}, {"abbreviation": "YL", "topics": ["Yndislestur"]}, {"abbreviation": "EH", "topics": ["Enska fyrir heilbrig\u00f0isgreinar"]}, {"abbreviation": "FV", "topics": ["F\u00e9lagsv\u00edsindi", "b\u00f3kmenntir"]}, {"abbreviation": "HK", "topics": ["Handrit", "kvikmyndager\u00f0"]}], "_id": "50c0a02dd8e40575f7f6f488", "subjects": ["enska"], "counter": {"1": 21, "3": 22, "2": 31, "4": 1}}, "evaluation": "N\u00e1msmat er \u00fatf\u00e6rt \u00ed kennslu\u00e1\u00e6tlun \u00ed samr\u00e6mi vi\u00f0 sk\u00f3lan\u00e1mskr\u00e1", "categorization_suggestion": "", "embedded_topics": {"abbreviation": "LM", "topics": ["lestur og menning", "tj\u00e1ning"]}, "status": "approved by school", "description": "\u00c1fanginn mi\u00f0ar a\u00f0 \u00fev\u00ed a\u00f0 nemendur ver\u00f0i l\u00e6sir \u00e1 fl\u00f3knari texta en \u00e1\u00f0ur og a\u00f0 \u00feeir \u00fej\u00e1lfist \u00ed a\u00f0 tileinka s\u00e9r aukinn or\u00f0afor\u00f0a. Nemendur skulu geta tj\u00e1\u00f0 hugsun s\u00edna var\u00f0andi \u00f3l\u00edk efni \u00ed r\u00e6\u00f0u og riti og beitt r\u00f6kum. \u00c1hersla er l\u00f6g\u00f0 \u00e1 a\u00f0 nemendur \u00fej\u00e1lfi sj\u00e1lfst\u00e6\u00f0 vinnubr\u00f6g\u00f0 og tileinki s\u00e9r \u00e1rangursr\u00edka n\u00e1mst\u00e6kni \u00fear sem \u00feeir n\u00fdta \u00feau hj\u00e1lparg\u00f6gn sem a\u00f0gengileg eru me\u00f0 forritum, \u00e1 vef e\u00f0a \u00ed b\u00f3kum.\nNemendur vinna vi\u00f0ameiri verkefni sem l\u00fata a\u00f0 mismunandi menningu og si\u00f0um \u00ed l\u00f6ndum \u00fear sem enska er t\u00f6lu\u00f0 sem m\u00f3\u00f0urm\u00e1l e\u00f0a r\u00edkism\u00e1l og bera saman vi\u00f0 \u00cdsland og \u00edslenska menningu.\n\u00c1fram ver\u00f0ur unni\u00f0 me\u00f0 undirst\u00f6\u00f0uatri\u00f0i enskrar m\u00e1lfr\u00e6\u00f0i og m\u00e1lnotkunar, unni\u00f0 ver\u00f0ur me\u00f0 \u00fdmiskonar efni fr\u00e1 mismunandi menningarheimum og me\u00f0 fr\u00e9ttatengt efni sem snertir m\u00e1lefni l\u00ed\u00f0andi stundar.", "knowledge_goals": ["helstu menningarsv\u00e6\u00f0um \u00fear sem tungum\u00e1li\u00f0 er nota\u00f0 sem m\u00f3\u00f0urm\u00e1l e\u00f0a fyrsta m\u00e1l \u00ed samanbur\u00f0i vi\u00f0 \u00cdsland og \u00edslenska menningu", "or\u00f0afor\u00f0a \u00ed tengslum vi\u00f0 efni \u00e1fangans", "helstu m\u00e1lfr\u00e6\u00f0iatri\u00f0um \u00ed enskri tungu", "mismunandi afst\u00f6\u00f0u og t\u00falkun b\u00f3kmenntah\u00f6funda og d\u00fdpri merkingu texta"], "skills_goals": ["lesa fj\u00f6lbreyttar ger\u00f0ir texta \u00ed formi b\u00f3kmennta, texta almenns e\u00f0lis og a\u00f0ra texta sem tengjast efni \u00e1fangans", "tj\u00e1 sig me\u00f0 sk\u00fdrum h\u00e6tti \u00ed r\u00e6\u00f0u e\u00f0a riti um m\u00e1lefni sem hann hefur kynnt s\u00e9r", "beita vi\u00f0eigandi hj\u00e1lparg\u00f6gnum vi\u00f0 lestur og ritun \u00fdmissa texta"], "credits": 5, "last_modified": 1474985439.928861, "schools": ["512353008caa45ed97015b49"], "coauthors": null, "instructions": "", "continued_education": false, "level": 2, "prerequisites": "Nemendur hafa loki\u00f0 grunnsk\u00f3la me\u00f0 einkunnina B e\u00f0a h\u00e6rri", "author": "6c2fcef4-a2a5-4b10-88f3-ca62dba9fffd", "abbreviation_version": null, "competence_goals": [["skilja daglegt m\u00e1l, svo sem samr\u00e6\u00f0ur og fj\u00f6lmi\u00f0laefni, hvort sem hann \u00feekkir umr\u00e6\u00f0uefni\u00f0 e\u00f0a ekki", ""], ["tileinka s\u00e9r efni/inntak margv\u00edslegra texta og geta hagn\u00fdtt s\u00e9r \u00fe\u00e1 \u00e1 mismunandi h\u00e1tt", ""], ["tj\u00e1 sig sk\u00fdrt og lipurlega fyrir \u00e1heyrendum um s\u00e9rvali\u00f0 efni sem hann hefur kynnt s\u00e9r", ""], ["skrifa l\u00e6silegan texta um s\u00e9rvali\u00f0 efni fr\u00e1 eigin brj\u00f3sti \u00fear sem hugmyndaflug getur fengi\u00f0 a\u00f0 nj\u00f3ta s\u00edn", ""], ["hagn\u00fdta \u00feann or\u00f0afor\u00f0a sem \u00e1fanginn byggir \u00e1 \u00ed r\u00e6\u00f0u og riti", ""]], "_id": "57ea7ddf62933a030601410e"}, {"exemplary": null, "topics": "b\u00f3kmenntir fyrri alda", "abbreviation": "\u00cdSLE2BF05", "former_schools": null, "subject": "\u00edslenska", "title": "Fornb\u00f3kmenntir og m\u00e1lssaga", "version": 49, "status_trans": "Sam\u00feykkt af sk\u00f3la", "embedded_subject": {"abbreviation": "\u00cdSLE", "topics": [{"abbreviation": "VR", "topics": ["ritun", "vi\u00f0skiptaskj\u00f6l"]}, {"abbreviation": "TM", "topics": ["m\u00e1lskilningur", "tj\u00e1ning"]}, {"abbreviation": "MS", "topics": ["m\u00e1lskilningur", "s\u00e9rdeild"]}, {"abbreviation": "RT", "topics": ["ritun og tj\u00e1ning"]}, {"abbreviation": "LL", "topics": ["leshra\u00f0i", "lesskilningur"]}, {"abbreviation": "MM", "topics": ["m\u00e1lfr\u00e6\u00f0i", "m\u00e1ltilfinning"]}, {"abbreviation": "RG", "topics": ["greinamerkjasetning", "r\u00e9ttritun"]}, {"abbreviation": "SF", "topics": ["fr\u00f3\u00f0leiks\u00f6flun", "samskipti"]}, {"abbreviation": "BK", "topics": ["b\u00f3kmenntir", "kj\u00f6rb\u00f3k"]}, {"abbreviation": "RB", "topics": ["b\u00f3kmenntir", "ritun"]}, {"abbreviation": "BM", "topics": ["b\u00f3kmenntir", "m\u00e1lsaga", "ritun", "tj\u00e1ning"]}, {"abbreviation": "NB", "topics": ["n\u00fat\u00edmab\u00f3kmenntir"]}, {"abbreviation": "BF", "topics": ["b\u00f3kmenntir fyrri alda"]}, {"abbreviation": "SB", "topics": ["menning", "samt\u00edmab\u00f3kmenntir"]}, {"abbreviation": "BB", "topics": ["barnab\u00f3kmenntir"]}, {"abbreviation": "HR", "topics": ["hra\u00f0lestur"]}, {"abbreviation": "YN", "topics": ["yndislestur"]}, {"abbreviation": "ML", "topics": ["leskilningur", "m\u00e1lnotkun", "m\u00e1ltaka", "ritun og tj\u00e1ning"]}, {"abbreviation": "MB", "topics": ["b\u00f3kmenntir og ritun", "m\u00e1lnotkun"]}, {"abbreviation": "MN", "topics": ["b\u00f3kmenntir", "m\u00e1lsaga og nafnasi\u00f0ir"]}, {"abbreviation": "YH", "topics": ["hra\u00f0lestur", "yndislestur"]}, {"abbreviation": "BS", "topics": ["b\u00f3kmenntir s\u00ed\u00f0ari alda"]}, {"abbreviation": "FH", "topics": ["f\u00e9lagsleg m\u00e1lv\u00edsindi", "hlj\u00f3\u00f0fr\u00e6\u00f0i og hlj\u00f3\u00f0kerfisfr\u00e6\u00f0i", "\u00fe\u00fd\u00f0ingar"]}, {"abbreviation": "TB", "topics": ["tj\u00e1skipti barna og fullor\u00f0inna"]}, {"abbreviation": "GL", "topics": ["gl\u00e6pas\u00f6gur"]}, {"abbreviation": "RM", "topics": ["m\u00e1lfr\u00e6\u00f0i", "ritun", "stafsetning"]}, {"abbreviation": "BT", "topics": ["bragfr\u00e6\u00f0i", "setningafr\u00e6\u00f0i", "textar fr\u00e1 \u00fdmsum l\u00f6ndum"]}, {"abbreviation": "MT", "topics": ["m\u00e1lfr\u00e6\u00f0i", "ritun og tj\u00e1ning"]}, {"abbreviation": "BR", "topics": ["b\u00f3kmenntir", "m\u00e1lnotkun", "ritun"]}, {"abbreviation": "MG", "topics": ["b\u00f3kmenntir og ritun", "go\u00f0afr\u00e6\u00f0i", "m\u00e1lsaga"]}, {"abbreviation": "EU", "topics": ["eddukv\u00e6\u00f0i", "uppl\u00fdsing"]}, {"abbreviation": "UK", "topics": ["kreppa", "uppl\u00fdsing"]}, {"abbreviation": "KA", "topics": ["aldam\u00f3t", "kreppa"]}, {"abbreviation": "RN", "topics": ["n\u00fat\u00edmab\u00f3kmenntir", "ritger\u00f0arsm\u00ed\u00f0"]}, {"abbreviation": "KU", "topics": ["kynningarefni", "ums\u00f3knir"]}, {"abbreviation": "RI", "topics": ["ritger\u00f0arsm\u00ed\u00f0", "textar fr\u00e1 \u00fdmsum l\u00f6ndum"]}, {"abbreviation": "BG", "topics": ["b\u00f3kmenntir", "go\u00f0afr\u00e6\u00f0i", "m\u00e1lsaga"]}, {"abbreviation": "FM", "topics": ["fornb\u00f3kmenntir", "m\u00e1lfr\u00e6\u00f0i"]}, {"abbreviation": "BN", "topics": ["b\u00f3kmenntir", "n\u00fat\u00edmi"]}, {"abbreviation": "FO", "topics": ["fornb\u00f3kmenntir"]}, {"abbreviation": "UN", "topics": ["undirb\u00fanings\u00e1fangi \u00ed \u00edslensku"]}, {"abbreviation": "MR", "topics": ["b\u00f3kmenntir", "m\u00e1lnotkun og ritun"]}, {"abbreviation": "ED", "topics": ["eddukv\u00e6\u00f0i og \u00edslendingas\u00f6gur"]}, {"abbreviation": "NJ", "topics": ["fr\u00e1 nj\u00e1lu til n\u00fdr\u00f3mant\u00edkur"]}, {"abbreviation": "\u00d6L", "topics": ["b\u00f3kmenntir \u00e1 20. \u00f6ld"]}, {"abbreviation": "ME", "topics": ["b\u00f3kmenntir"]}, {"abbreviation": "RL", "topics": ["lestur", "ritun og tj\u00e1ning"]}, {"abbreviation": "MI", "topics": ["m\u00e1l og b\u00f3kmenntir fr\u00e1 si\u00f0askiptum til aldam\u00f3tanna 1900"]}, {"abbreviation": "GM", "topics": ["go\u00f0afr\u00e6\u00f0i", "m\u00e1lsaga"]}, {"abbreviation": "GR", "topics": ["grunnur"]}, {"abbreviation": "LR", "topics": ["lestur og ritun"]}, {"abbreviation": "ST", "topics": ["stafsetning"]}, {"abbreviation": "\u00cdS", "topics": ["\u00edslenska"]}, {"abbreviation": "LT", "topics": ["lestur", "m\u00e1lfr\u00e6\u00f0i", "ritun", "stafsetning", "tj\u00e1ning"]}, {"abbreviation": "SR", "topics": ["lestur og tj\u00e1ning", "m\u00e1lfr\u00e6\u00f0i", "ritun", "stafsetning"]}, {"abbreviation": "GO", "topics": ["go\u00f0afr\u00e6\u00f0i", "m\u00e1lnotkun og ritun", "m\u00e1lsaga"]}, {"abbreviation": "NH", "topics": ["b\u00f3kmenntasaga 1900 til samt\u00edmans", "hugtakabeiting", "n\u00fat\u00edmab\u00f3kmenntir"]}, {"abbreviation": "RR", "topics": ["ritger\u00f0asm\u00ed\u00f0", "ritun"]}, {"abbreviation": "LF", "topics": ["b\u00f3kmenntasaga 1550-1900", "l\u00e6rd\u00f3ms\u00f6ld", "rauns\u00e6i"]}, {"abbreviation": "VE", "topics": ["verkefni vali\u00f0 og almenn b\u00f3kmenntafr\u00e6\u00f0i kynnt"]}, {"abbreviation": "MV", "topics": ["m\u00e1lv\u00edsindi"]}, {"abbreviation": "YF", "topics": ["Yndislestur framhald"]}, {"abbreviation": "MH", "topics": ["M\u00e1lsaga og go\u00f0afr\u00e6\u00f0i hra\u00f0fer\u00f0"]}, {"abbreviation": "FF", "topics": ["Fornb\u00f3kmenntir hra\u00f0fer\u00f0"]}, {"abbreviation": "YM", "topics": ["Yndislestur 2"]}, {"abbreviation": "FJ", "topics": ["fj\u00f6lmi\u00f0lal\u00e6si"]}, {"abbreviation": "RV", "topics": ["ritger\u00f0arvinna"]}, {"abbreviation": "LS", "topics": ["- sk\u00e1ldsaga \u00far n\u00fat\u00edma", "lestur og lesskilningur"]}, {"abbreviation": "L\u00cd", "topics": ["lestur og lesskilningur - \u00edslendingas\u00f6gur"]}, {"abbreviation": "LE", "topics": ["lestur og lesskilningur - sk\u00e1lds\u00f6gur 20. aldar"]}, {"abbreviation": "H\u00cd", "topics": ["Hagn\u00fdt \u00edslenska"]}, {"abbreviation": "\u00cdM", "topics": ["\u00edslensk m\u00e1lsaga"]}, {"abbreviation": "KV", "topics": ["b\u00f3kmenntir og kvikmyndir"]}, {"abbreviation": "NG", "topics": ["Norr\u00e6n go\u00f0afr\u00e6\u00f0i"]}, {"abbreviation": "LJ", "topics": ["Lj\u00f3\u00f0"]}, {"abbreviation": "AA", "topics": ["Lestur og ritun"]}, {"abbreviation": "\u00cdC", "topics": ["\u00cdslenska \u00e1 starfsbraut"]}, {"abbreviation": "\u00cdA", "topics": ["\u00cdslenska 1 \u00e1 starfsbraut"]}, {"abbreviation": "\u00cdB", "topics": ["\u00cdslenska 2 \u00e1 starfsbraut"]}, {"abbreviation": "N\u00dd", "topics": ["N\u00fdsk\u00f6pun"]}, {"abbreviation": "AB", "topics": ["B\u00f3kmenntir", "m\u00e1lfr\u00e6\u00f0i og ritun"]}, {"abbreviation": "HI", "topics": ["M\u00e1lnotkun og ritun"]}, {"abbreviation": "TR", "topics": ["M\u00e1lnotun og ritun"]}, {"abbreviation": "TL", "topics": ["L\u00e6si", "ritun", "tj\u00e1ning"]}, {"abbreviation": "OH", "topics": ["hlustun", "or\u00f0afor\u00f0i", "talm\u00e1l og ritun"]}, {"abbreviation": "ES", "topics": ["Eddukv\u00e6\u00f0i til si\u00f0askipta"]}, {"abbreviation": "NA", "topics": ["N\u00fdr\u00f3mant\u00edk til aldam\u00f3ta"]}, {"abbreviation": "SN", "topics": ["Si\u00f0askipti til n\u00fdr\u00f3mant\u00edkur"]}, {"abbreviation": "YL", "topics": ["Yndislestur"]}, {"abbreviation": "SS", "topics": ["Stafsetning"]}, {"abbreviation": "BU", "topics": ["Barna- og unglingab\u00f3kmenntir"]}, {"abbreviation": "SK", "topics": ["sk\u00e1lds\u00f6gur"]}, {"abbreviation": "B\u00d3", "topics": ["B\u00f3kmenntir og tungum\u00e1l fr\u00e1 landn\u00e1mi til si\u00f0askipta"]}, {"abbreviation": "M\u00c1", "topics": ["M\u00e1l- og menningarsaga"]}, {"abbreviation": "NF", "topics": ["N\u00fdsk\u00f6punarferli\u00f0: \u00fe\u00f6rf", "afur\u00f0", "lausn"]}, {"abbreviation": "A\u00cd", "topics": ["Almenn \u00edslenska \u00e1 1 \u00ferepi"]}, {"abbreviation": "AM", "topics": ["almenn m\u00e1lnotkun", "b\u00f3kmenntir", "ritun"]}, {"abbreviation": "RS", "topics": ["Skapandi skrif"]}, {"abbreviation": "SP", "topics": ["Spennus\u00f6gur"]}, {"abbreviation": "\u00cdD", "topics": ["\u00cdslenska \u00e1 starfsbraut 4"]}, {"abbreviation": "\u00cdE", "topics": ["\u00cdslenska 5 \u00e1 starfsbraut"]}, {"abbreviation": "SM", "topics": ["Sk\u00e1lds\u00f6gur"]}, {"abbreviation": "M\u00de", "topics": ["\u00cdSLE"]}, {"abbreviation": "SA", "topics": ["Sk\u00f6pun \u00ed v\u00ed\u00f0u samhengi"]}, {"abbreviation": "SJ", "topics": ["L\u00e6si", "b\u00f3kmenntir", "hugtakaskilningur", "m\u00e1lfr\u00e6\u00f0i", "sj\u00e1lfb\u00e6rni og ritun"]}, {"abbreviation": "LM", "topics": ["L\u00e6si", "l\u00fd\u00f0r\u00e6\u00f0i", "mannr\u00e9ttindi og b\u00f3kmenntir"]}, {"abbreviation": "JR", "topics": ["L\u00e6si", "b\u00f3kmenntir og ritun", "jafnr\u00e9tti"]}, {"abbreviation": "HV", "topics": ["L\u00e6si", "heilbrig\u00f0i", "velfer\u00f0 og b\u00f3kmenntir"]}, {"abbreviation": "DB", "topics": ["Sk\u00f3labla\u00f0"]}, {"abbreviation": "\u00c6F", "topics": ["Go\u00f0s\u00f6gur", "fantas\u00edur", "\u00e6vint\u00fdri"]}, {"abbreviation": "VM", "topics": ["Verkefna\u00e1fangi \u00ed m\u00e1lv\u00edsindum"]}, {"abbreviation": "VB", "topics": ["Verkefna\u00e1fangi \u00ed b\u00f3kmenntum"]}, {"abbreviation": "SW", "topics": ["Stafsetning og ritun"]}, {"abbreviation": "MF", "topics": ["M\u00e1lfr\u00e6\u00f0i"]}, {"abbreviation": "SG", "topics": ["B\u00f3kmenntir", "setningafr\u00e6\u00f0i og go\u00f0afr\u00e6\u00f0i"]}, {"abbreviation": "OF", "topics": ["frambur\u00f0ur", "lestrarf\u00e6rni", "or\u00f0afor\u00f0i"]}, {"abbreviation": "CA", "topics": ["B\u00f3kmenntir fram til 1550"]}, {"abbreviation": "BH", "topics": ["Go\u00f0afr\u00e6\u00f0i", "m\u00e1lsaga og ritger\u00f0asm\u00ed\u00f0"]}, {"abbreviation": "DD", "topics": ["B\u00f3kmenntir og b\u00f3kmenntasaga", "einkum 1550-1900."]}, {"abbreviation": "CH", "topics": ["\u00cdslenska 3. Hra\u00f0fer\u00f0"]}, {"abbreviation": "EE", "topics": ["B\u00f3kmenntir og b\u00f3kmenntasaga eftir 1900."]}, {"abbreviation": "HL", "topics": ["M\u00e1lsaga og hlj\u00f3\u00f0fr\u00e6\u00f0i"]}, {"abbreviation": "CB", "topics": ["heimsb\u00f3kmenntir"]}, {"abbreviation": "AL", "topics": ["Almenn m\u00e1lnotkun og l\u00e6si"]}, {"abbreviation": "GF", "topics": ["Go\u00f0afr\u00e6\u00f0i og fornb\u00f3kmenntir"]}, {"abbreviation": "TE", "topics": ["Ritun og textagreining"]}, {"abbreviation": "MA", "topics": ["Menningararfur \u00ed n\u00fat\u00edmanum"]}, {"abbreviation": "S\u00c1", "topics": ["Skrefa\u00f0", "skrifa\u00f0 og skrafa\u00f0 um n\u00e6rsamf\u00e9lagi\u00f0/\u00e1tthagana."]}, {"abbreviation": "NM", "topics": ["fr\u00e1 n\u00fdr\u00f3mant\u00edk til m\u00f3dernisma"]}, {"abbreviation": "HM", "topics": ["Heimildir og m\u00e1lnotkun"]}, {"abbreviation": "M\u00c6", "topics": ["Menningarl\u00e6si"]}, {"abbreviation": "CK", "topics": ["\u00edslenskar kvikmyndir"]}, {"abbreviation": "CL", "topics": ["Leikh\u00fas og leikb\u00f3kmenntir"]}, {"abbreviation": "DL", "topics": ["Leikh\u00fas og leikb\u00f3kmenntir."]}, {"abbreviation": "CN", "topics": ["\u00derj\u00fa verk Halld\u00f3rs Laxness."]}, {"abbreviation": "HB", "topics": ["B\u00f3kmenntir", "heimildaritger\u00f0", "m\u00e1lsaga"]}, {"abbreviation": "CU", "topics": ["Barnab\u00f3kmenntir."]}, {"abbreviation": "CP", "topics": ["Textager\u00f0 og ritstj\u00f3rn"]}, {"abbreviation": "CY", "topics": ["Yndislestur I"]}, {"abbreviation": "DY", "topics": ["Yndislestur II"]}, {"abbreviation": "RH", "topics": ["\u00darvinnsla heimilda og ritun"]}, {"abbreviation": "B\u00cd", "topics": ["B\u00f3kmenntasaga", "\u00cdslendingasaga og forn kve\u00f0skapur"]}, {"abbreviation": "BL", "topics": ["B\u00f3kmenntasaga", "leikritalestur", "lj\u00f3\u00f0alestur", "n\u00fat\u00edmab\u00f3kmenntir"]}, {"abbreviation": "RF", "topics": ["Ritger\u00f0arskrif", "go\u00f0afr\u00e6\u00f0i og m\u00e1lsaga"]}, {"abbreviation": "KM", "topics": ["b\u00f3kmenntir", "kv\u00e6\u00f0i", "lj\u00f3\u00f0", "m\u00e1lnotkun", "ritun"]}, {"abbreviation": "SL", "topics": ["Ritlist"]}, {"abbreviation": "RO", "topics": ["lestur", "m\u00e1lnotkun", "or\u00f0afor\u00f0i", "ritun"]}, {"abbreviation": "LB", "topics": ["b\u00f3kmenntir", "l\u00e6si", "ritun", "stafsetning"]}, {"abbreviation": "FL", "topics": ["frams\u00f6gn", "lestur", "margv\u00edsleg ritun", "or\u00f0afor\u00f0i"]}, {"abbreviation": "HS", "topics": ["heimildavinna", "m\u00e1lnotkun", "ritun", "setningafr\u00e6\u00f0i"]}, {"abbreviation": "KB", "topics": ["b\u00f3kmenntasaga", "heimildavinna", "kynningar", "valdir b\u00f3kmenntatextar"]}, {"abbreviation": "VT", "topics": ["b\u00f3kmenntasaga", "stefnur \u00ed listum og menningu", "valdir b\u00f3kmenntatextar"]}, {"abbreviation": "KF", "topics": ["fr\u00e6\u00f0ileg umfj\u00f6llun", "kvikmyndafr\u00e6\u00f0i", "kvikmyndal\u00e6si", "samf\u00e9lagsr\u00fdni"]}, {"abbreviation": "UM", "topics": ["m\u00e1lfr\u00e6\u00f0i", "or\u00f0afor\u00f0i", "uppruni m\u00e1la", "\u00edslensk m\u00e1lsaga"]}, {"abbreviation": "\u00deH", "topics": ["\u00fej\u00f3\u00f0h\u00e1ttafr\u00e6\u00f0i", "\u00fej\u00f3\u00f0l\u00edfsfr\u00e6\u00f0i", "\u00fej\u00f3\u00f0sagnafr\u00e6\u00f0i og hversdagsmenning"]}, {"abbreviation": "FS", "topics": ["lestur fagurb\u00f3kmennta", "skapandi skrif", "t\u00falkunarm\u00f6guleikar"]}, {"abbreviation": "KS", "topics": ["mi\u00f0aldab\u00f3kmenntir (kv\u00e6\u00f0i og s\u00f6gur)", "\u00e1hrif \u00feeirra \u00e1 n\u00fat\u00edmaverk"]}, {"abbreviation": "TS", "topics": ["m\u00e1lfar", "samf\u00e9lag", "tj\u00e1skipti", "tungum\u00e1l"]}, {"abbreviation": "\u00c1\u00d6", "topics": ["\u00c1stir og \u00f6rl\u00f6g \u00ed b\u00f3kmenntum fyrri alda"]}, {"abbreviation": "LH", "topics": ["Leikh\u00fas", "leiklist og leikb\u00f3kmenntir"]}, {"abbreviation": "DE", "topics": ["Delludagar", "Lestur og ritun"]}, {"abbreviation": "FV", "topics": ["Frumverk", "Lestur og ritun"]}, {"abbreviation": "A\u00de", "topics": ["Af\u00fereyingarb\u00f3kmenntir"]}, {"abbreviation": "B\u00de", "topics": ["\u00dej\u00f3\u00f0ararfurinn og tenging hans vi\u00f0 n\u00fat\u00edmann"]}, {"abbreviation": "OS", "topics": ["Or\u00f0spor"]}, {"abbreviation": "UT", "topics": ["Munnleg tj\u00e1ning"]}, {"abbreviation": "V\u00cd", "topics": ["V\u00edkingar og menning \u00feeirra"]}, {"abbreviation": "LX", "topics": ["Halld\u00f3r Laxness"]}, {"abbreviation": "ON", "topics": ["Beyginar", "frambur\u00f0ur", "setningaskipan og or\u00f0afor\u00f0i n\u00fat\u00edmam\u00e1ls"]}, {"abbreviation": "GE", "topics": ["B\u00f3kmenntagreining", "eddukv\u00e6\u00f0i og ritun.", "go\u00f0afr\u00e6\u00f0i"]}, {"abbreviation": "BA", "topics": ["B\u00f3kmenntir s\u00ed\u00f0ari alda"]}, {"abbreviation": "F\u00c9", "topics": ["F\u00e9lagsleg m\u00e1lv\u00edsindi"]}, {"abbreviation": "\u00cdR", "topics": ["mi\u00f0aldab\u00f3kmenntir", "r\u00f3mant\u00edk og ritun", "\u00cdslendingasaga"]}, {"abbreviation": "RD", "topics": ["Rauns\u00e6i", "b\u00f3kmenntasaga 20. aldar og 21. aldar."]}, {"abbreviation": "LG", "topics": ["Lestur g\u00f3\u00f0ra b\u00f3ka"]}, {"abbreviation": "NS", "topics": ["N\u00fat\u00edmab\u00f3kmenntir", "lestur og skapandi skrif"]}], "_id": "50c0a02dd8e40575f7f6f4a2", "subjects": ["\u00edslenska"], "counter": {"1": 47, "3": 63, "2": 47, "4": 2}}, "evaluation": "N\u00e1msmat er \u00fatf\u00e6rt \u00ed kennslu\u00e1\u00e6tlun \u00ed samr\u00e6mi vi\u00f0 sk\u00f3lan\u00e1mskr\u00e1.", "categorization_suggestion": "", "embedded_topics": {"abbreviation": "BF", "topics": ["b\u00f3kmenntir fyrri alda"]}, "status": "approved by school", "description": "\u00cd \u00e1fanganum er l\u00f6g\u00f0 \u00e1hersla \u00e1 \u00edslenskar b\u00f3kmenntir og s\u00f6gu \u00feeirra fr\u00e1 landn\u00e1ms\u00f6ld til si\u00f0askipta. Nemendur fr\u00e6\u00f0ast einnig um or\u00f0afor\u00f0a og beygingakerfi fornm\u00e1ls og \u00f6\u00f0last \u00feannig betri skilning \u00e1 textunum og m\u00e1lfari \u00feeirra. Fjalla\u00f0 ver\u00f0ur um helstu \u00fe\u00e6tti \u00ed \u00fer\u00f3un \u00edslenskunnar fr\u00e1 fornu til okkar daga.", "knowledge_goals": ["\u00edslenskum fornb\u00f3kmenntum", "lausam\u00e1lstextum", "\u00fej\u00f3\u00f0f\u00e9lagsger\u00f0 t\u00edmabilsins", "or\u00f0afor\u00f0a t\u00edmabilsins", "\u00fdmsum beygingarmyndum fornm\u00e1ls", "merkustu kv\u00e6\u00f0um t\u00edmabilsins", "helstu reglum sem gilda um heimildaritger\u00f0ir", "helstu b\u00f3kmenntagreinum t\u00edmabilsins", "helstu \u00fe\u00e1ttum \u00edslenskrar m\u00e1ls\u00f6gu"], "skills_goals": ["greina og sk\u00fdra \u00fdmsa b\u00f3kmenntatexta \u00ed lausu m\u00e1li", "r\u00fdna og greina vandlega eina \u00cdslendingas\u00f6gu me\u00f0 tilliti til atbur\u00f0ar\u00e1sar og pers\u00f3na", "skrifa heimildaritger\u00f0 sem stenst r\u00fdni um vinnubr\u00f6g\u00f0 og me\u00f0fer\u00f0 heimilda", "lesa b\u00f3kmenntir t\u00edmabilsins", "skilja or\u00f0f\u00e6ri og or\u00f0afor\u00f0a t\u00edmabilsins"], "credits": 5, "last_modified": 1412165121.938662, "schools": ["512353008caa45ed97015b49"], "coauthors": null, "instructions": "", "continued_education": false, "level": 2, "prerequisites": "Nemendur hafi loki\u00f0 grunn\u00e1fanga \u00ed \u00edslensku \u00ed go\u00f0afr\u00e6\u00f0i, m\u00e1lfr\u00e6\u00f0i og/e\u00f0a setningarfr\u00e6\u00f0i. ISLE2SG05 e\u00f0a samb\u00e6rilegum \u00e1fanga.", "author": "8fba9bb2-546d-41af-8d33-117c059cca12", "abbreviation_version": null, "competence_goals": [["vinna a\u00f0 skapandi verkefnum \u00ed tengslum vi\u00f0 n\u00e1msefni\u00f0 og s\u00fdna t\u00f6luver\u00f0 tilbrig\u00f0i \u00ed m\u00e1lnotkun", ""], ["t\u00falka texta \u00fe\u00f3 merkingin liggi ekki \u00e1 yfirbor\u00f0inu", ""], ["leggja mat \u00e1 gildi heimilda og vinna \u00far \u00feeim me\u00f0 skipul\u00f6g\u00f0um h\u00e6tti", ""], ["greina og t\u00falka b\u00f3kmenntatexta og f\u00e6ra r\u00f6k fyrir sko\u00f0unum s\u00ednum jafnt munnlega sem skriflega", ""], ["vinna sj\u00e1lfst\u00e6tt og \u00ed samvinnu vi\u00f0 a\u00f0ra", ""], ["t\u00falka b\u00f3kmenntatexta fr\u00e1 \u00fdmsum t\u00edmum", ""]], "_id": "542bee0162933a1d69000887"}, {"exemplary": null, "topics": "Almenn l\u00edkams og heilsur\u00e6kt, \u00ed\u00fer\u00f3ttir", "abbreviation": "HREY1AI01", "former_schools": null, "subject": "Hreyfing", "title": "Hreyfing A", "version": 7, "status_trans": "Sam\u00feykkt af sk\u00f3la", "embedded_subject": {"abbreviation": "HREY", "topics": [{"abbreviation": "J\u00d3", "topics": ["j\u00f3ga", "li\u00f0leiki", "sl\u00f6kun", "\u00f6ndun"]}, {"abbreviation": "BO", "topics": ["bolti", "hreyfing"]}, {"abbreviation": "\u00daT", "topics": ["hreyfing", "\u00fativist"]}, {"abbreviation": "AH", "topics": ["almenn l\u00edkams og heilsur\u00e6kt", "hreyfing \u00ed l\u00edkamsr\u00e6ktarsal"]}, {"abbreviation": "AI", "topics": ["Almenn l\u00edkams og heilsur\u00e6kt", "\u00ed\u00fer\u00f3ttir"]}, {"abbreviation": "LM", "topics": ["Almenn l\u00edkamsr\u00e6kt", "l\u00edfsst\u00edlsfr\u00e6\u00f0sla", "markmi\u00f0ssetning"]}], "_id": "54f1f7a162933a1936001cf0", "subjects": ["Hreyfing"], "counter": {"1": 6, "3": 0, "2": 2, "4": 0}}, "evaluation": "N\u00e1msmat er \u00fatf\u00e6rt \u00ed kennslu\u00e1\u00e6tlun \u00ed samr\u00e6mi vi\u00f0 sk\u00f3lan\u00e1mskr\u00e1. ", "categorization_suggestion": "A", "embedded_topics": {"abbreviation": "AI", "topics": ["Almenn l\u00edkams og heilsur\u00e6kt", "\u00ed\u00fer\u00f3ttir"]}, "status": "approved by school", "description": "\u00c1fanginn er verklegur og nemendur taka hann samhli\u00f0a L\u00edfsst\u00edl A. L\u00f6g\u00f0 er \u00e1hersla \u00e1 a\u00f0 nemendur f\u00e1i fj\u00f6lbreytta hreyfingu sem styrkir hjarta- og \u00e6\u00f0akerfi\u00f0, byggir upp v\u00f6\u00f0va og eykur li\u00f0leika. Leitast er vi\u00f0 a\u00f0 hver og einn geti teki\u00f0 \u00fe\u00e1tt \u00e1 s\u00ednum forsendum en a\u00f0 allir s\u00e9u virkir. ", "knowledge_goals": ["forsendum og \u00e1hrifum \u00fej\u00e1lfunar \u00e1 l\u00edkama, heilsu og l\u00ed\u00f0an", "mismunandi a\u00f0fer\u00f0um til heilsur\u00e6ktar", "mikilv\u00e6gi upphitunar, li\u00f0leika- og styrktar\u00fej\u00e1lfunar", "\u00feoli, uppbyggingu \u00feess og mismunandi \u00feol\u00fej\u00e1lfun", "sl\u00f6kun", "fj\u00f6lbreyttum m\u00f6guleikum til hreyfingar", "grunnreglum \u00fdmissa \u00ed\u00fer\u00f3ttagreina"], "skills_goals": ["stunda l\u00edkams- og heilsur\u00e6kt", "stunda almenna og s\u00e9rh\u00e6f\u00f0a upphitun", "stunda markvissa og fj\u00f6lbreytta styrktar-, li\u00f0leika- og \u00feol\u00fej\u00e1lfun", "tileinka s\u00e9r sl\u00f6kun", "i\u00f0ka \u00e6fingar og hreyfingu sem stu\u00f0la a\u00f0 b\u00e6ttri l\u00edkamsbeitingu", "beita samvinnu sem stu\u00f0lar a\u00f0 tillitsemi og hvatningu", "kl\u00e6\u00f0a sig til \u00ed\u00fer\u00f3ttai\u00f0kunar eftir a\u00f0st\u00e6\u00f0um, \u00fati sem inni"], "credits": 1, "last_modified": 1431946119.081685, "schools": ["512353008caa45ed97015b49"], "coauthors": null, "instructions": "", "continued_education": false, "level": 1, "prerequisites": "", "author": "9d7dde8a-696b-428d-9cdf-fc9a134ec9f5", "abbreviation_version": null, "competence_goals": [["meta eigi\u00f0 \u00feol, styrk og li\u00f0leika", ""], ["skipuleggja eigin \u00fej\u00e1lfun", ""], ["leysa af hendi \u00e6fingar og leiki sem vi\u00f0halda og b\u00e6ta samskipti, l\u00edkamshreysti og heilbrig\u00f0um l\u00edfsst\u00edl", ""], ["gl\u00edma vi\u00f0 fj\u00f6lbreytt verkefni sem sn\u00faa a\u00f0 alhli\u00f0a hreyfingu, l\u00edkams- og heilsur\u00e6kt", ""]], "_id": "5559c38762933a0313000b7d"}, {"exemplary": null, "topics": "Almenn l\u00edkams og heilsur\u00e6kt, \u00ed\u00fer\u00f3ttir", "abbreviation": "HREY1AI01", "former_schools": null, "subject": "Hreyfing", "title": "Hreyfing B", "version": 8, "status_trans": "Sam\u00feykkt af sk\u00f3la", "embedded_subject": {"abbreviation": "HREY", "topics": [{"abbreviation": "J\u00d3", "topics": ["j\u00f3ga", "li\u00f0leiki", "sl\u00f6kun", "\u00f6ndun"]}, {"abbreviation": "BO", "topics": ["bolti", "hreyfing"]}, {"abbreviation": "\u00daT", "topics": ["hreyfing", "\u00fativist"]}, {"abbreviation": "AH", "topics": ["almenn l\u00edkams og heilsur\u00e6kt", "hreyfing \u00ed l\u00edkamsr\u00e6ktarsal"]}, {"abbreviation": "AI", "topics": ["Almenn l\u00edkams og heilsur\u00e6kt", "\u00ed\u00fer\u00f3ttir"]}, {"abbreviation": "LM", "topics": ["Almenn l\u00edkamsr\u00e6kt", "l\u00edfsst\u00edlsfr\u00e6\u00f0sla", "markmi\u00f0ssetning"]}], "_id": "54f1f7a162933a1936001cf0", "subjects": ["Hreyfing"], "counter": {"1": 6, "3": 0, "2": 2, "4": 0}}, "evaluation": "N\u00e1msmat er \u00fatf\u00e6rt \u00ed kennslu\u00e1\u00e6tlun \u00ed samr\u00e6mi vi\u00f0 sk\u00f3lan\u00e1mskr\u00e1. ", "categorization_suggestion": "B", "embedded_topics": {"abbreviation": "AI", "topics": ["Almenn l\u00edkams og heilsur\u00e6kt", "\u00ed\u00fer\u00f3ttir"]}, "status": "approved by school", "description": "\u00c1fanginn er verklegur og nemendur taka hann samhli\u00f0a L\u00edfsst\u00edl B. L\u00f6g\u00f0 er \u00e1hersla \u00e1 a\u00f0 nemendur f\u00e1i fj\u00f6lbreytta hreyfingu sem styrkir hjarta- og \u00e6\u00f0akerfi\u00f0, byggir upp v\u00f6\u00f0va og eykur li\u00f0leika. Leitast er vi\u00f0 a\u00f0 hver og einn geti teki\u00f0 \u00fe\u00e1tt \u00e1 s\u00ednum forsendum en a\u00f0 allir s\u00e9u virkir.", "knowledge_goals": ["forsendum og \u00e1hrifum \u00fej\u00e1lfunar \u00e1 l\u00edkama, heilsu og l\u00ed\u00f0an", "mismunandi a\u00f0fer\u00f0um til heilsur\u00e6ktar", "mikilv\u00e6gi upphitunar, li\u00f0leika- og styrktar\u00fej\u00e1lfunar", "\u00feoli, uppbyggingu \u00feess og mismunandi \u00feol\u00fej\u00e1lfun", "sl\u00f6kun", "fj\u00f6lbreyttum m\u00f6guleikum til hreyfingar"], "skills_goals": ["stunda l\u00edkams- og heilsur\u00e6kt", "stunda almenna og s\u00e9rh\u00e6f\u00f0a upphitun", "stunda markvissa og fj\u00f6lbreytta styrktar-, li\u00f0leika- og \u00feol\u00fej\u00e1lfun", "tileinka s\u00e9r sl\u00f6kun", "i\u00f0ka \u00e6fingar og hreyfingu sem stu\u00f0la a\u00f0 b\u00e6ttri l\u00edkamsbeitingu", "beita samvinnu sem stu\u00f0lar a\u00f0 tillitsemi og hvatningu", "kl\u00e6\u00f0a sig til \u00ed\u00fer\u00f3ttai\u00f0kunar eftir a\u00f0st\u00e6\u00f0um, \u00fati sem inni"], "credits": 1, "last_modified": 1431946142.597836, "schools": ["512353008caa45ed97015b49"], "coauthors": null, "instructions": "", "continued_education": false, "level": 1, "prerequisites": "", "author": "9d7dde8a-696b-428d-9cdf-fc9a134ec9f5", "abbreviation_version": null, "competence_goals": [["meta eigi\u00f0 \u00feol, styrk og li\u00f0leika", ""], ["skipuleggja eigin \u00fej\u00e1lfun", ""], ["leysa af hendi \u00e6fingar og leiki sem vi\u00f0halda og b\u00e6ta samskipti, l\u00edkamshreysti og heilbrig\u00f0um l\u00edfsst\u00edl", ""], ["gl\u00edma vi\u00f0 fj\u00f6lbreytt verkefni sem sn\u00faa a\u00f0 alhli\u00f0a hreyfingu, l\u00edkams- og heilsur\u00e6kt", ""]], "_id": "5559c39e62933a0313000b80"}, {"exemplary": null, "topics": "Almenn l\u00edkamsr\u00e6kt, l\u00edfsst\u00edlsfr\u00e6\u00f0sla, markmi\u00f0ssetning", "abbreviation": "HREY1LM01", "former_schools": null, "subject": "Hreyfing", "title": "Hreyfing C", "version": 9, "status_trans": "Sam\u00feykkt af sk\u00f3la", "embedded_subject": {"abbreviation": "HREY", "topics": [{"abbreviation": "J\u00d3", "topics": ["j\u00f3ga", "li\u00f0leiki", "sl\u00f6kun", "\u00f6ndun"]}, {"abbreviation": "BO", "topics": ["bolti", "hreyfing"]}, {"abbreviation": "\u00daT", "topics": ["hreyfing", "\u00fativist"]}, {"abbreviation": "AH", "topics": ["almenn l\u00edkams og heilsur\u00e6kt", "hreyfing \u00ed l\u00edkamsr\u00e6ktarsal"]}, {"abbreviation": "AI", "topics": ["Almenn l\u00edkams og heilsur\u00e6kt", "\u00ed\u00fer\u00f3ttir"]}, {"abbreviation": "LM", "topics": ["Almenn l\u00edkamsr\u00e6kt", "l\u00edfsst\u00edlsfr\u00e6\u00f0sla", "markmi\u00f0ssetning"]}], "_id": "54f1f7a162933a1936001cf0", "subjects": ["Hreyfing"], "counter": {"1": 6, "3": 0, "2": 2, "4": 0}}, "evaluation": "N\u00e1msmat er \u00fatf\u00e6rt \u00ed kennslu\u00e1\u00e6tlun \u00ed samr\u00e6mi vi\u00f0 sk\u00f3lan\u00e1mskr\u00e1. ", "categorization_suggestion": "C", "embedded_topics": {"abbreviation": "LM", "topics": ["Almenn l\u00edkamsr\u00e6kt", "l\u00edfsst\u00edlsfr\u00e6\u00f0sla", "markmi\u00f0ssetning"]}, "status": "approved by school", "description": "\u00c1fanginn er a\u00f0 mestu verklegur auk \u00feess sem nemendur f\u00e1 fr\u00e6\u00f0slu um mikilv\u00e6gi heilbrig\u00f0s l\u00edfsst\u00edls og \u00fej\u00e1lfun \u00ed a\u00f0 setja s\u00e9r l\u00edfsst\u00edlsmarkmi\u00f0. L\u00f6g\u00f0 er \u00e1hersla \u00e1 a\u00f0 nemendur f\u00e1i fj\u00f6lbreytta hreyfingu sem styrkir hjarta- og \u00e6\u00f0akerfi\u00f0, byggir upp v\u00f6\u00f0va og eykur li\u00f0leika. Leitast er vi\u00f0 a\u00f0 hver og einn geti teki\u00f0 \u00fe\u00e1tt \u00e1 s\u00ednum forsendum en a\u00f0 allir s\u00e9u virkir.", "knowledge_goals": ["forsendum og \u00e1hrifum \u00fej\u00e1lfunar \u00e1 l\u00edkama, heilsu og l\u00ed\u00f0an", "mismunandi a\u00f0fer\u00f0um til heilsur\u00e6ktar", "mikilv\u00e6gi upphitunar, li\u00f0leika- og styrktar\u00fej\u00e1lfunar", "\u00feoli, uppbyggingu \u00feess og mismunandi \u00feol\u00fej\u00e1lfun", "sl\u00f6kun", "fj\u00f6lbreyttum m\u00f6guleikum til hreyfingar", "mikilv\u00e6gi \u00feess a\u00f0 setja s\u00e9r raunh\u00e6f markmi\u00f0"], "skills_goals": ["stunda l\u00edkams- og heilsur\u00e6kt", "stunda almenna og s\u00e9rh\u00e6f\u00f0a upphitun", "stunda markvissa og fj\u00f6lbreytta styrktar-, li\u00f0leika- og \u00feol\u00fej\u00e1lfun", "tileinka s\u00e9r sl\u00f6kun", "i\u00f0ka \u00e6fingar og hreyfingu sem stu\u00f0la a\u00f0 b\u00e6ttri l\u00edkamsbeitingu", "beita samvinnu sem stu\u00f0lar a\u00f0 tillitsemi og hvatningu", "kl\u00e6\u00f0a sig til \u00ed\u00fer\u00f3ttai\u00f0kunar eftir a\u00f0st\u00e6\u00f0um, \u00fati sem inni", "setja s\u00e9r raunh\u00e6f markmi\u00f0"], "credits": 1, "last_modified": 1431946183.999006, "schools": ["512353008caa45ed97015b49"], "coauthors": null, "instructions": "", "continued_education": false, "level": 1, "prerequisites": "L\u00edfsst\u00edll A og B, Hreyfing A og B", "author": "9d7dde8a-696b-428d-9cdf-fc9a134ec9f5", "abbreviation_version": null, "competence_goals": [["meta eigi\u00f0 \u00feol, styrk og li\u00f0leika", ""], ["skipuleggja eigin \u00fej\u00e1lfun og n\u00e1 settum markmi\u00f0um", ""], ["leysa af hendi \u00e6fingar og leiki sem vi\u00f0halda og b\u00e6ta samskipti, l\u00edkamshreysti og heilbrig\u00f0um l\u00edfsst\u00edl", ""], ["gl\u00edma vi\u00f0 fj\u00f6lbreytt verkefni sem sn\u00faa a\u00f0 alhli\u00f0a hreyfingu, l\u00edkams- og heilsur\u00e6kt", ""]], "_id": "5559c3c762933a0313000b83"}, {"exemplary": null, "topics": "Almenn l\u00edkamsr\u00e6kt, l\u00edfsst\u00edlsfr\u00e6\u00f0sla, markmi\u00f0ssetning", "abbreviation": "HREY1LM01", "former_schools": null, "subject": "Hreyfing", "title": "Hreyfing D", "version": 10, "status_trans": "Sam\u00feykkt af sk\u00f3la", "embedded_subject": {"abbreviation": "HREY", "topics": [{"abbreviation": "J\u00d3", "topics": ["j\u00f3ga", "li\u00f0leiki", "sl\u00f6kun", "\u00f6ndun"]}, {"abbreviation": "BO", "topics": ["bolti", "hreyfing"]}, {"abbreviation": "\u00daT", "topics": ["hreyfing", "\u00fativist"]}, {"abbreviation": "AH", "topics": ["almenn l\u00edkams og heilsur\u00e6kt", "hreyfing \u00ed l\u00edkamsr\u00e6ktarsal"]}, {"abbreviation": "AI", "topics": ["Almenn l\u00edkams og heilsur\u00e6kt", "\u00ed\u00fer\u00f3ttir"]}, {"abbreviation": "LM", "topics": ["Almenn l\u00edkamsr\u00e6kt", "l\u00edfsst\u00edlsfr\u00e6\u00f0sla", "markmi\u00f0ssetning"]}], "_id": "54f1f7a162933a1936001cf0", "subjects": ["Hreyfing"], "counter": {"1": 6, "3": 0, "2": 2, "4": 0}}, "evaluation": "", "categorization_suggestion": "D", "embedded_topics": {"abbreviation": "LM", "topics": ["Almenn l\u00edkamsr\u00e6kt", "l\u00edfsst\u00edlsfr\u00e6\u00f0sla", "markmi\u00f0ssetning"]}, "status": "approved by school", "description": "\u00c1fanginn er a\u00f0 mestu verklegur auk \u00feess sem nemendur f\u00e1 fr\u00e6\u00f0slu um mikilv\u00e6gi heilbrig\u00f0s l\u00edfsst\u00edls og \u00fej\u00e1lfun \u00ed a\u00f0 setja s\u00e9r l\u00edfsst\u00edlsmarkmi\u00f0. L\u00f6g\u00f0 er \u00e1hersla \u00e1 a\u00f0 nemendur f\u00e1i fj\u00f6lbreytta hreyfingu sem styrkir hjarta- og \u00e6\u00f0akerfi\u00f0, byggir upp v\u00f6\u00f0va og eykur li\u00f0leika. Leitast er vi\u00f0 a\u00f0 hver og einn geti teki\u00f0 \u00fe\u00e1tt \u00e1 s\u00ednum forsendum en a\u00f0 allir s\u00e9u virkir.", "knowledge_goals": ["forsendum og \u00e1hrifum \u00fej\u00e1lfunar \u00e1 l\u00edkama, heilsu og l\u00ed\u00f0an", "mismunandi a\u00f0fer\u00f0um til heilsur\u00e6ktar", "mikilv\u00e6gi upphitunar, li\u00f0leika- og styrktar\u00fej\u00e1lfunar", "\u00feoli, uppbyggingu \u00feess og mismunandi \u00feol\u00fej\u00e1lfun", "sl\u00f6kun", "fj\u00f6lbreyttum m\u00f6guleikum til hreyfingar", "mikilv\u00e6gi \u00feess a\u00f0 setja s\u00e9r raunh\u00e6f markmi\u00f0"], "skills_goals": ["stunda l\u00edkams- og heilsur\u00e6kt", "stunda almenna og s\u00e9rh\u00e6f\u00f0a upphitun", "stunda markvissa og fj\u00f6lbreytta styrktar-, li\u00f0leika- og \u00feol\u00fej\u00e1lfun", "tileinka s\u00e9r sl\u00f6kun", "i\u00f0ka \u00e6fingar og hreyfingu sem stu\u00f0la a\u00f0 b\u00e6ttri l\u00edkamsbeitingu", "beita samvinnu sem stu\u00f0lar a\u00f0 tillitsemi og hvatningu", "kl\u00e6\u00f0a sig til \u00ed\u00fer\u00f3ttai\u00f0kunar eftir a\u00f0st\u00e6\u00f0um, \u00fati sem inni", "setja s\u00e9r raunh\u00e6f markmi\u00f0"], "credits": 1, "last_modified": 1431946207.163534, "schools": ["512353008caa45ed97015b49"], "coauthors": null, "instructions": "", "continued_education": false, "level": 1, "prerequisites": "L\u00edfsst\u00edll A og B, Hreyfing A, B, C", "author": "9d7dde8a-696b-428d-9cdf-fc9a134ec9f5", "abbreviation_version": null, "competence_goals": [["meta eigi\u00f0 \u00feol, styrk og li\u00f0leika", ""], ["skipuleggja eigin \u00fej\u00e1lfun og n\u00e1 settum markmi\u00f0um", ""], ["leysa af hendi \u00e6fingar og leiki sem vi\u00f0halda og b\u00e6ta samskipti, l\u00edkamshreysti og heilbrig\u00f0um l\u00edfsst\u00edl", ""], ["gl\u00edma vi\u00f0 fj\u00f6lbreytt verkefni sem sn\u00faa a\u00f0 alhli\u00f0a hreyfingu, l\u00edkams- og heilsur\u00e6kt", ""]], "_id": "5559c3df62933a0313000b86"}, {"exemplary": null, "topics": "Heilbrig\u00f0i, forvarnir, n\u00e1m, sk\u00f3li", "abbreviation": "L\u00cdFS1HN02", "former_schools": null, "subject": "l\u00edfsleikni", "title": "L\u00edfsst\u00edll A", "version": 51, "status_trans": "Sam\u00feykkt af sk\u00f3la", "embedded_subject": {"abbreviation": "L\u00cdFS", "topics": [{"abbreviation": "SS", "topics": ["sj\u00e1lfst\u00e6tt l\u00edf", "sk\u00f3laumhverfi"]}, {"abbreviation": "TM", "topics": ["mannleg samskipti", "tilfinningar"]}, {"abbreviation": "TU", "topics": ["tj\u00e1ning", "uppl\u00fdsingat\u00e6kni"]}, {"abbreviation": "MT", "topics": ["me\u00f0vitund", "tj\u00e1ning"]}, {"abbreviation": "SM", "topics": ["markmi\u00f0asetning", "sj\u00e1lfstraust"]}, {"abbreviation": "HP", "topics": ["gildi peninga", "heimilisb\u00f3khald"]}, {"abbreviation": "ES", "topics": ["einstaklingur", "framt\u00ed\u00f0", "f\u00e9lags\u00feroski", "samf\u00e9lag", "samskipti", "sj\u00e1lfstraust", "vir\u00f0ing", "\u00e1byrg\u00f0"]}, {"abbreviation": "N\u00dd", "topics": ["n\u00fdnemafr\u00e6\u00f0sla"]}, {"abbreviation": "GR", "topics": ["grunn\u00fe\u00e6ttir"]}, {"abbreviation": "SL", "topics": ["sk\u00f3laleikni"]}, {"abbreviation": "NS", "topics": ["n\u00e1ms-og starfsfr\u00e6\u00f0sla"]}, {"abbreviation": "\u00c1S", "topics": ["n\u00e1mst\u00e6kni", "samskipti", "sj\u00e1fsmynd", "\u00e1byrg\u00f0"]}, {"abbreviation": "BE", "topics": ["borgaravitund", "l\u00edfsst\u00edll", "n\u00e1ms- og starfsfr\u00e6\u00f0sla", "sj\u00e1lfsmynd", "tj\u00e1ning"]}, {"abbreviation": "BS", "topics": ["borgaravitund", "samf\u00e9lag", "samskipti", "umhverfism\u00e1l", "vinnumarka\u00f0ur"]}, {"abbreviation": "HE", "topics": ["heimilishald"]}, {"abbreviation": "N\u00c1", "topics": ["n\u00e1mst\u00e6kni"]}, {"abbreviation": "HN", "topics": ["Heilbrig\u00f0i", "forvarnir", "n\u00e1m", "sk\u00f3li"]}, {"abbreviation": "\u00c9S", "topics": ["samf\u00e9lagi\u00f0", "sk\u00f3linn", "\u00e9g"]}, {"abbreviation": "\u00c9G", "topics": ["samf\u00e9lagi\u00f0", "sk\u00f3linn", "\u00c9g"]}, {"abbreviation": "DL", "topics": ["daglegt l\u00edf einstaklingsins"]}, {"abbreviation": "SK", "topics": ["Sk\u00f6pun"]}, {"abbreviation": "L\u00c6", "topics": ["L\u00e6si \u00ed v\u00ed\u00f0u samhengi"]}, {"abbreviation": "SB", "topics": ["Sj\u00e1lfb\u00e6rni \u00ed v\u00ed\u00f0u samhengi"]}, {"abbreviation": "LM", "topics": ["L\u00fd\u00f0r\u00e6\u00f0i og mannr\u00e9ttindi"]}, {"abbreviation": "JR", "topics": ["Jafnr\u00e9tti"]}, {"abbreviation": "KF", "topics": ["Kynfr\u00e6\u00f0sla"]}, {"abbreviation": "TS", "topics": ["Tj\u00e1ning og samskipti"]}, {"abbreviation": "FJ", "topics": ["Fj\u00f6lmi\u00f0lar"]}, {"abbreviation": "FH", "topics": ["Framkoma og hreinl\u00e6ti"]}, {"abbreviation": "LK", "topics": ["L\u00edkaminn og tilfinningar"]}, {"abbreviation": "T\u00d3", "topics": ["T\u00f3mstundir"]}, {"abbreviation": "UM", "topics": ["Umferli"]}, {"abbreviation": "ST", "topics": ["Taktu stj\u00f3rnina"]}, {"abbreviation": "\u00da\u00da", "topics": ["\u00datskrift", "\u00fatskriftarfer\u00f0 og fj\u00e1r\u00f6flun"]}, {"abbreviation": "LL", "topics": ["forvarnir", "heilbrig\u00f0i", "l\u00edfsleikni", "n\u00e1mst\u00e6kni"]}, {"abbreviation": "NF", "topics": ["N\u00fdnemafr\u00e6\u00f0sla", "forvarnir", "l\u00edfsleikni", "n\u00e1mst\u00e6kni"]}, {"abbreviation": "NV", "topics": ["l\u00fd\u00f0r\u00e6\u00f0i", "mannr\u00e9ttindi", "n\u00e1msval", "sam\u00e9lag"]}, {"abbreviation": "SV", "topics": ["Si\u00f0fer\u00f0isvitund og mannr\u00e9ttindi"]}, {"abbreviation": "AN", "topics": ["Almenn l\u00edfsleikni og n\u00fdnemafr\u00e6\u00f0sla"]}, {"abbreviation": "FL", "topics": ["Fj\u00e1rm\u00e1lal\u00e6si"]}, {"abbreviation": "SN", "topics": ["f\u00e9lagstengsl", "n\u00e1msh\u00e6ttir", "sk\u00f3lasamf\u00e9lag"]}, {"abbreviation": "FN", "topics": ["fj\u00e1rm\u00e1lal\u00e6si", "jafnr\u00e9tti", "neytendafr\u00e6\u00f0sla", "\u00e1byrg hugsun og heg\u00f0un \u00ed samskiptum"]}, {"abbreviation": "H\u00d6", "topics": ["haust\u00f6nn"]}, {"abbreviation": "SU", "topics": ["samf\u00e9lag", "samskipti", "sk\u00f3labragur", "umgengni"]}, {"abbreviation": "SJ", "topics": ["Jafnr\u00e9tti", "fj\u00e1rm\u00e1lal\u00e6si", "forvarnir", "heilbrig\u00f0i", "samf\u00e9lag og vinnumarka\u00f0ur"]}, {"abbreviation": "VS", "topics": ["Samvinna", "tj\u00e1ning", "vinnubr\u00f6g\u00f0"]}], "_id": "50c0a02dd8e40575f7f6f4c6", "subjects": ["l\u00edfsleikni"], "counter": {"1": 50, "3": 0, "2": 3, "4": 0}}, "evaluation": "N\u00e1msmat er \u00fatf\u00e6rt \u00ed kennslu\u00e1\u00e6tlun \u00ed samr\u00e6mi vi\u00f0 sk\u00f3lan\u00e1mskr\u00e1. ", "categorization_suggestion": "", "embedded_topics": {"abbreviation": "HN", "topics": ["Heilbrig\u00f0i", "forvarnir", "n\u00e1m", "sk\u00f3li"]}, "status": "approved by school", "description": "\u00c1fanginn er b\u00f3klegur og er kenndur samhli\u00f0a verklega \u00e1fanganum Hreyfing A. \u00cd \u00e1fanganum ver\u00f0ur fjalla\u00f0 um andlegt, l\u00edkamlegt og f\u00e9lagslegt heilbrig\u00f0i. L\u00f6g\u00f0 ver\u00f0ur \u00e1hersla \u00e1 forvarnir \u00ed v\u00ed\u00f0u samhengi og nemendur f\u00e1 t\u00e6kif\u00e6ri til a\u00f0 gl\u00f6ggva sig \u00e1 gildismati s\u00ednu, heg\u00f0un, f\u00e9lagslegu umhverfi og framt\u00ed\u00f0ars\u00fdn. Einnig ver\u00f0ur fjalla\u00f0 um n\u00e1msst\u00edla og vinnubr\u00f6g\u00f0 \u00ed n\u00e1mi.", "knowledge_goals": ["forsendum og \u00e1hrifum \u00fej\u00e1lfunar \u00e1 l\u00edkama og heilsu", "mismunandi a\u00f0fer\u00f0um til heilsur\u00e6ktar", "mikilv\u00e6gi upphitunar og li\u00f0leika- og styrktar\u00fej\u00e1lfunar", "helstu reglum og \u00f6ryggisatri\u00f0um var\u00f0andi l\u00edkamlegt \u00e1lag", "mikilv\u00e6gi svefns, hv\u00edldar og sl\u00f6kunar", "helstu flokkum n\u00e6ringarefna", "mikilv\u00e6gi \u00feess a\u00f0 bor\u00f0a hollan og fj\u00f6lbreyttan mat", "verkefninu Heilsueflandi framhaldssk\u00f3li", "mikilv\u00e6gi kynheilbrig\u00f0is", "algengum kynsj\u00fakd\u00f3mum og getna\u00f0arv\u00f6rnum", "\u00e1rangursr\u00edkum n\u00e1msa\u00f0fer\u00f0um og mikilv\u00e6gi \u00feess a\u00f0 setja s\u00e9r markmi\u00f0", "g\u00f3\u00f0um pr\u00f3faundirb\u00faningi og lei\u00f0um til a\u00f0 draga \u00far pr\u00f3fkv\u00ed\u00f0a", "streitu, streitustj\u00f3rnun og ge\u00f0heilbrig\u00f0i", "\u00fdmsa \u00e1h\u00e6ttu\u00fe\u00e6tti \u00ed l\u00edfi ungmenna s.s. t\u00f3bak og v\u00edmuefni, t\u00f6lvu og netnotkun og heg\u00f0un \u00ed umfer\u00f0inni"], "skills_goals": ["beita mismunandi sl\u00f6kunara\u00f0fer\u00f0um og streitustj\u00f3rnun", "sko\u00f0a sitt eigi\u00f0 matar\u00e6\u00f0i og velja sem oftast holla n\u00e6ringu", "greina m\u00fdtur, ford\u00f3ma og ranghugmyndir \u00ed tengslum vi\u00f0 kynheg\u00f0un", "setja s\u00e9r raunh\u00e6f markmi\u00f0 og skipuleggja hvernig \u00feeim skuli n\u00e1\u00f0", "beita \u00e1rangursr\u00edkri n\u00e1mst\u00e6kni", "sko\u00f0a og meta eigi\u00f0 heilbrig\u00f0i og velfer\u00f0 og taka \u00e1byrg\u00f0 \u00e1 eigin heg\u00f0un", "taka \u00fe\u00e1tt \u00ed umr\u00e6\u00f0um og r\u00f6ksty\u00f0ja eigin sko\u00f0anir", "s\u00fdna tillitssemi og samkennd \u00ed samvinnu me\u00f0 \u00f6\u00f0rum"], "credits": 2, "last_modified": 1430847170.364086, "schools": ["512353008caa45ed97015b49"], "coauthors": null, "instructions": "", "continued_education": false, "level": 1, "prerequisites": "", "author": "9d7dde8a-696b-428d-9cdf-fc9a134ec9f5", "abbreviation_version": null, "competence_goals": [["efla styrkleika s\u00edna og vinna a\u00f0 \u00fev\u00ed a\u00f0 \u00feeir n\u00fdtist sem best", ""], ["nota \u00e1rangursr\u00edk vinnubr\u00f6g\u00f0 \u00ed n\u00e1mi", ""], ["takast \u00e1 vi\u00f0 \u00e1lag \u00ed daglegu l\u00edfi", ""], ["fylgja eftir markmi\u00f0um s\u00ednum", ""], ["taka \u00e1byrg\u00f0 \u00e1 eigin l\u00edfi og gj\u00f6r\u00f0um m.a. \u00e1byrgrar afst\u00f6\u00f0u til \u00e1h\u00e6ttuheg\u00f0unar", ""]], "_id": "5548fec262933a2b9f000f1e"}, {"exemplary": null, "topics": "Jafnr\u00e9tti, fj\u00e1rm\u00e1lal\u00e6si, forvarnir, heilbrig\u00f0i, samf\u00e9lag og vinnumarka\u00f0ur", "abbreviation": "L\u00cdFS1SJ02", "former_schools": null, "subject": "l\u00edfsleikni", "title": "L\u00edfsst\u00edll B", "version": 52, "status_trans": "Sam\u00feykkt af sk\u00f3la", "embedded_subject": {"abbreviation": "L\u00cdFS", "topics": [{"abbreviation": "SS", "topics": ["sj\u00e1lfst\u00e6tt l\u00edf", "sk\u00f3laumhverfi"]}, {"abbreviation": "TM", "topics": ["mannleg samskipti", "tilfinningar"]}, {"abbreviation": "TU", "topics": ["tj\u00e1ning", "uppl\u00fdsingat\u00e6kni"]}, {"abbreviation": "MT", "topics": ["me\u00f0vitund", "tj\u00e1ning"]}, {"abbreviation": "SM", "topics": ["markmi\u00f0asetning", "sj\u00e1lfstraust"]}, {"abbreviation": "HP", "topics": ["gildi peninga", "heimilisb\u00f3khald"]}, {"abbreviation": "ES", "topics": ["einstaklingur", "framt\u00ed\u00f0", "f\u00e9lags\u00feroski", "samf\u00e9lag", "samskipti", "sj\u00e1lfstraust", "vir\u00f0ing", "\u00e1byrg\u00f0"]}, {"abbreviation": "N\u00dd", "topics": ["n\u00fdnemafr\u00e6\u00f0sla"]}, {"abbreviation": "GR", "topics": ["grunn\u00fe\u00e6ttir"]}, {"abbreviation": "SL", "topics": ["sk\u00f3laleikni"]}, {"abbreviation": "NS", "topics": ["n\u00e1ms-og starfsfr\u00e6\u00f0sla"]}, {"abbreviation": "\u00c1S", "topics": ["n\u00e1mst\u00e6kni", "samskipti", "sj\u00e1fsmynd", "\u00e1byrg\u00f0"]}, {"abbreviation": "BE", "topics": ["borgaravitund", "l\u00edfsst\u00edll", "n\u00e1ms- og starfsfr\u00e6\u00f0sla", "sj\u00e1lfsmynd", "tj\u00e1ning"]}, {"abbreviation": "BS", "topics": ["borgaravitund", "samf\u00e9lag", "samskipti", "umhverfism\u00e1l", "vinnumarka\u00f0ur"]}, {"abbreviation": "HE", "topics": ["heimilishald"]}, {"abbreviation": "N\u00c1", "topics": ["n\u00e1mst\u00e6kni"]}, {"abbreviation": "HN", "topics": ["Heilbrig\u00f0i", "forvarnir", "n\u00e1m", "sk\u00f3li"]}, {"abbreviation": "\u00c9S", "topics": ["samf\u00e9lagi\u00f0", "sk\u00f3linn", "\u00e9g"]}, {"abbreviation": "\u00c9G", "topics": ["samf\u00e9lagi\u00f0", "sk\u00f3linn", "\u00c9g"]}, {"abbreviation": "DL", "topics": ["daglegt l\u00edf einstaklingsins"]}, {"abbreviation": "SK", "topics": ["Sk\u00f6pun"]}, {"abbreviation": "L\u00c6", "topics": ["L\u00e6si \u00ed v\u00ed\u00f0u samhengi"]}, {"abbreviation": "SB", "topics": ["Sj\u00e1lfb\u00e6rni \u00ed v\u00ed\u00f0u samhengi"]}, {"abbreviation": "LM", "topics": ["L\u00fd\u00f0r\u00e6\u00f0i og mannr\u00e9ttindi"]}, {"abbreviation": "JR", "topics": ["Jafnr\u00e9tti"]}, {"abbreviation": "KF", "topics": ["Kynfr\u00e6\u00f0sla"]}, {"abbreviation": "TS", "topics": ["Tj\u00e1ning og samskipti"]}, {"abbreviation": "FJ", "topics": ["Fj\u00f6lmi\u00f0lar"]}, {"abbreviation": "FH", "topics": ["Framkoma og hreinl\u00e6ti"]}, {"abbreviation": "LK", "topics": ["L\u00edkaminn og tilfinningar"]}, {"abbreviation": "T\u00d3", "topics": ["T\u00f3mstundir"]}, {"abbreviation": "UM", "topics": ["Umferli"]}, {"abbreviation": "ST", "topics": ["Taktu stj\u00f3rnina"]}, {"abbreviation": "\u00da\u00da", "topics": ["\u00datskrift", "\u00fatskriftarfer\u00f0 og fj\u00e1r\u00f6flun"]}, {"abbreviation": "LL", "topics": ["forvarnir", "heilbrig\u00f0i", "l\u00edfsleikni", "n\u00e1mst\u00e6kni"]}, {"abbreviation": "NF", "topics": ["N\u00fdnemafr\u00e6\u00f0sla", "forvarnir", "l\u00edfsleikni", "n\u00e1mst\u00e6kni"]}, {"abbreviation": "NV", "topics": ["l\u00fd\u00f0r\u00e6\u00f0i", "mannr\u00e9ttindi", "n\u00e1msval", "sam\u00e9lag"]}, {"abbreviation": "SV", "topics": ["Si\u00f0fer\u00f0isvitund og mannr\u00e9ttindi"]}, {"abbreviation": "AN", "topics": ["Almenn l\u00edfsleikni og n\u00fdnemafr\u00e6\u00f0sla"]}, {"abbreviation": "FL", "topics": ["Fj\u00e1rm\u00e1lal\u00e6si"]}, {"abbreviation": "SN", "topics": ["f\u00e9lagstengsl", "n\u00e1msh\u00e6ttir", "sk\u00f3lasamf\u00e9lag"]}, {"abbreviation": "FN", "topics": ["fj\u00e1rm\u00e1lal\u00e6si", "jafnr\u00e9tti", "neytendafr\u00e6\u00f0sla", "\u00e1byrg hugsun og heg\u00f0un \u00ed samskiptum"]}, {"abbreviation": "H\u00d6", "topics": ["haust\u00f6nn"]}, {"abbreviation": "SU", "topics": ["samf\u00e9lag", "samskipti", "sk\u00f3labragur", "umgengni"]}, {"abbreviation": "SJ", "topics": ["Jafnr\u00e9tti", "fj\u00e1rm\u00e1lal\u00e6si", "forvarnir", "heilbrig\u00f0i", "samf\u00e9lag og vinnumarka\u00f0ur"]}, {"abbreviation": "VS", "topics": ["Samvinna", "tj\u00e1ning", "vinnubr\u00f6g\u00f0"]}], "_id": "50c0a02dd8e40575f7f6f4c6", "subjects": ["l\u00edfsleikni"], "counter": {"1": 50, "3": 0, "2": 3, "4": 0}}, "evaluation": "N\u00e1msmat er \u00fatf\u00e6rt \u00ed kennslu\u00e1\u00e6tlun \u00ed samr\u00e6mi vi\u00f0 sk\u00f3lan\u00e1mskr\u00e1. ", "categorization_suggestion": "", "embedded_topics": {"abbreviation": "SJ", "topics": ["Jafnr\u00e9tti", "fj\u00e1rm\u00e1lal\u00e6si", "forvarnir", "heilbrig\u00f0i", "samf\u00e9lag og vinnumarka\u00f0ur"]}, "status": "approved by school", "description": "\u00c1fanginn er b\u00f3klegur og er kenndur samhli\u00f0a verklega \u00e1fanganum Hreyfing B. \u00cd \u00e1fanganum ver\u00f0ur fjalla\u00f0 um andlegt, l\u00edkamlegt og f\u00e9lagslegt heilbrig\u00f0i. L\u00f6g\u00f0 ver\u00f0ur \u00e1hersla \u00e1 forvarnir \u00ed v\u00ed\u00f0u samhengi og nemendur f\u00e1 t\u00e6kif\u00e6ri til a\u00f0 gl\u00f6ggva sig \u00e1 gildismati s\u00ednu, heg\u00f0un, f\u00e9lagslegu umhverfi og framt\u00ed\u00f0ars\u00fdn. L\u00f6g\u00f0 ver\u00f0ur \u00e1hersla \u00e1 jafnr\u00e9ttism\u00e1l og sta\u00f0an \u00ed samf\u00e9laginu sko\u00f0u\u00f0 me\u00f0 tilliti til \u00feess. Einnig ver\u00f0ur fjalla\u00f0 um ungt f\u00f3lk \u00ed tengslum vi\u00f0 samf\u00e9lagi\u00f0, vinnumarka\u00f0inn og fj\u00e1rm\u00e1lal\u00e6si.", "knowledge_goals": ["grunn\u00fej\u00e1lfun \u00ed\u00fer\u00f3tta", "skipulagi \u00fej\u00e1lfunar", "\u00e6fingum sem b\u00e6ta l\u00edkamsst\u00f6\u00f0u og vinnut\u00e6kni", "lei\u00f0um til a\u00f0 n\u00fdta heilsur\u00e6kt \u00ed daglegum ath\u00f6fnum", "mikilv\u00e6gi svefns, hv\u00edldar og sl\u00f6kunar", "f\u00e6\u00f0ub\u00f3tarefnum og lyfjamisnotkun \u00ed l\u00edkamsr\u00e6kt", "verkefninu Heilsueflandi framhaldssk\u00f3li", "einf\u00f6ldum fj\u00e1rm\u00e1lum daglegs l\u00edfs", "helstu \u00fe\u00e1ttum sem snerta gildi, kr\u00f6fur, r\u00e9ttindi og skyldur \u00e1 vinnumarka\u00f0i", "a\u00f0 jafnr\u00e9ttism\u00e1l var\u00f0a allt samf\u00e9lagi\u00f0", "sta\u00f0almyndum um kvenleika og karlmennsku", "kl\u00e1mi og \u00e1hrifum \u00feess \u00e1 kynheilbrig\u00f0i", "kynbundnu ofbeldi svo sem kynfer\u00f0islegu ofbeldi", "g\u00f3\u00f0um pr\u00f3faundirb\u00faningi og lei\u00f0um til a\u00f0 draga \u00far pr\u00f3fkv\u00ed\u00f0a", "streitu, streitustj\u00f3rnun og ge\u00f0heilbrig\u00f0i", "\u00fdmsa \u00e1h\u00e6ttu\u00fe\u00e6tti \u00ed l\u00edfi ungmenna s.s. t\u00f3bak og v\u00edmuefni, t\u00f6lvu og netnotkun og heg\u00f0un \u00ed umfer\u00f0inni"], "skills_goals": ["beita mismunandi sl\u00f6kunara\u00f0fer\u00f0um og streitustj\u00f3rnun", "sko\u00f0a uppl\u00fdsingar um matar\u00e6\u00f0i, lyf og f\u00e6\u00f0ub\u00f3tarefni \u00e1 gagnr\u00fdninn h\u00e1tt", "l\u00edta \u00e1 samf\u00e9lagi\u00f0 \u00fat fr\u00e1 sj\u00f3narhorni kyns og kynfer\u00f0is me\u00f0 gagnr\u00fdnum augum", "greina st\u00f6\u00f0u og sta\u00f0almyndir kynjanna \u00ed fj\u00f6lmi\u00f0laefni, n\u00e1msefni og almennri umr\u00e6\u00f0u", "greina \u00e1hrif kynjakerfisins \u00e1 fj\u00f6lskylduna og heimili\u00f0, sk\u00f3lag\u00f6ngu og vinnumarka\u00f0inn", "greina go\u00f0sagnir var\u00f0andi kynjamun og kyn\u00edmyndir \u00ed samf\u00e9laginu", "skipuleggja, taka uppl\u00fdstar \u00e1kvar\u00f0anir og bera \u00e1byrg\u00f0 \u00e1 eigin fj\u00e1rm\u00e1lum og neyslumynstri", "afla s\u00e9r vi\u00f0eigandi uppl\u00fdsinga um skyldur og r\u00e9ttindi \u00e1 vinnumarka\u00f0i", "sko\u00f0a og meta eigi\u00f0 heilbrig\u00f0i og velfer\u00f0 og taka \u00e1byrg\u00f0 \u00e1 eigin heg\u00f0un", "taka \u00fe\u00e1tt \u00ed umr\u00e6\u00f0um og r\u00f6ksty\u00f0ja eigin sko\u00f0anir", "s\u00fdna tillitssemi og samkennd \u00ed samvinnu me\u00f0 \u00f6\u00f0rum"], "credits": 2, "last_modified": 1429292507.280284, "schools": ["512353008caa45ed97015b49"], "coauthors": null, "instructions": "", "continued_education": false, "level": 1, "prerequisites": "", "author": "9d7dde8a-696b-428d-9cdf-fc9a134ec9f5", "abbreviation_version": null, "competence_goals": [["efla styrkleika s\u00edna og vinna a\u00f0 \u00fev\u00ed a\u00f0 \u00feeir n\u00fdtist sem best", ""], ["nota \u00e1rangursr\u00edk vinnubr\u00f6g\u00f0 \u00ed n\u00e1mi", ""], ["takast \u00e1 vi\u00f0 \u00e1lag \u00ed daglegu l\u00edfi", ""], ["s\u00fdna \u00e1byrg\u00f0 \u00ed fj\u00e1rm\u00e1lum", ""], ["taka \u00e1byrg\u00f0 \u00e1 eigin l\u00edfi og gj\u00f6r\u00f0um m.a. \u00e1byrgrar afst\u00f6\u00f0u til \u00e1h\u00e6ttuheg\u00f0unar", ""], ["l\u00edta \u00e1 ver\u00f6ldina \u00fat fr\u00e1 sj\u00f3narhorni \u00f3l\u00edkra h\u00f3pa \u00ed samf\u00e9laginu", ""], ["setja sig \u00ed spor annarra og \u00edgrunda vi\u00f0horf s\u00edn", ""], ["geta tengt menningu samf\u00e9lagsins, gildi og ver\u00f0m\u00e6ti vi\u00f0 eigi\u00f0 l\u00edf", ""], ["geta teki\u00f0 \u00fe\u00e1tt \u00ed r\u00f6kr\u00e6\u00f0um um st\u00f6\u00f0u kynjanna", ""]], "_id": "553145db62933a4692007aa9"}, {"exemplary": null, "topics": "Sj\u00e1lfst\u00e6tt verkefni", "abbreviation": "L\u00cdFS2LC01", "former_schools": null, "subject": "l\u00edfsleikni", "title": "L\u00edfsst\u00edll C", "version": 4, "status_trans": "Sam\u00feykkt af sk\u00f3la", "embedded_subject": {"abbreviation": "L\u00cdFS", "topics": [{"abbreviation": "SS", "topics": ["sj\u00e1lfst\u00e6tt l\u00edf", "sk\u00f3laumhverfi"]}, {"abbreviation": "TM", "topics": ["mannleg samskipti", "tilfinningar"]}, {"abbreviation": "TU", "topics": ["tj\u00e1ning", "uppl\u00fdsingat\u00e6kni"]}, {"abbreviation": "MT", "topics": ["me\u00f0vitund", "tj\u00e1ning"]}, {"abbreviation": "SM", "topics": ["markmi\u00f0asetning", "sj\u00e1lfstraust"]}, {"abbreviation": "HP", "topics": ["gildi peninga", "heimilisb\u00f3khald"]}, {"abbreviation": "ES", "topics": ["einstaklingur", "framt\u00ed\u00f0", "f\u00e9lags\u00feroski", "samf\u00e9lag", "samskipti", "sj\u00e1lfstraust", "vir\u00f0ing", "\u00e1byrg\u00f0"]}, {"abbreviation": "N\u00dd", "topics": ["n\u00fdnemafr\u00e6\u00f0sla"]}, {"abbreviation": "GR", "topics": ["grunn\u00fe\u00e6ttir"]}, {"abbreviation": "SL", "topics": ["sk\u00f3laleikni"]}, {"abbreviation": "NS", "topics": ["n\u00e1ms-og starfsfr\u00e6\u00f0sla"]}, {"abbreviation": "\u00c1S", "topics": ["n\u00e1mst\u00e6kni", "samskipti", "sj\u00e1fsmynd", "\u00e1byrg\u00f0"]}, {"abbreviation": "BE", "topics": ["borgaravitund", "l\u00edfsst\u00edll", "n\u00e1ms- og starfsfr\u00e6\u00f0sla", "sj\u00e1lfsmynd", "tj\u00e1ning"]}, {"abbreviation": "BS", "topics": ["borgaravitund", "samf\u00e9lag", "samskipti", "umhverfism\u00e1l", "vinnumarka\u00f0ur"]}, {"abbreviation": "HE", "topics": ["heimilishald"]}, {"abbreviation": "N\u00c1", "topics": ["n\u00e1mst\u00e6kni"]}, {"abbreviation": "HN", "topics": ["Heilbrig\u00f0i", "forvarnir", "n\u00e1m", "sk\u00f3li"]}, {"abbreviation": "\u00c9S", "topics": ["samf\u00e9lagi\u00f0", "sk\u00f3linn", "\u00e9g"]}, {"abbreviation": "\u00c9G", "topics": ["samf\u00e9lagi\u00f0", "sk\u00f3linn", "\u00c9g"]}, {"abbreviation": "DL", "topics": ["daglegt l\u00edf einstaklingsins"]}, {"abbreviation": "SK", "topics": ["Sk\u00f6pun"]}, {"abbreviation": "L\u00c6", "topics": ["L\u00e6si \u00ed v\u00ed\u00f0u samhengi"]}, {"abbreviation": "SB", "topics": ["Sj\u00e1lfb\u00e6rni \u00ed v\u00ed\u00f0u samhengi"]}, {"abbreviation": "LM", "topics": ["L\u00fd\u00f0r\u00e6\u00f0i og mannr\u00e9ttindi"]}, {"abbreviation": "JR", "topics": ["Jafnr\u00e9tti"]}, {"abbreviation": "KF", "topics": ["Kynfr\u00e6\u00f0sla"]}, {"abbreviation": "TS", "topics": ["Tj\u00e1ning og samskipti"]}, {"abbreviation": "FJ", "topics": ["Fj\u00f6lmi\u00f0lar"]}, {"abbreviation": "FH", "topics": ["Framkoma og hreinl\u00e6ti"]}, {"abbreviation": "LK", "topics": ["L\u00edkaminn og tilfinningar"]}, {"abbreviation": "T\u00d3", "topics": ["T\u00f3mstundir"]}, {"abbreviation": "UM", "topics": ["Umferli"]}, {"abbreviation": "ST", "topics": ["Taktu stj\u00f3rnina"]}, {"abbreviation": "\u00da\u00da", "topics": ["\u00datskrift", "\u00fatskriftarfer\u00f0 og fj\u00e1r\u00f6flun"]}, {"abbreviation": "LL", "topics": ["forvarnir", "heilbrig\u00f0i", "l\u00edfsleikni", "n\u00e1mst\u00e6kni"]}, {"abbreviation": "NF", "topics": ["N\u00fdnemafr\u00e6\u00f0sla", "forvarnir", "l\u00edfsleikni", "n\u00e1mst\u00e6kni"]}, {"abbreviation": "NV", "topics": ["l\u00fd\u00f0r\u00e6\u00f0i", "mannr\u00e9ttindi", "n\u00e1msval", "sam\u00e9lag"]}, {"abbreviation": "SV", "topics": ["Si\u00f0fer\u00f0isvitund og mannr\u00e9ttindi"]}, {"abbreviation": "AN", "topics": ["Almenn l\u00edfsleikni og n\u00fdnemafr\u00e6\u00f0sla"]}, {"abbreviation": "FL", "topics": ["Fj\u00e1rm\u00e1lal\u00e6si"]}, {"abbreviation": "SN", "topics": ["f\u00e9lagstengsl", "n\u00e1msh\u00e6ttir", "sk\u00f3lasamf\u00e9lag"]}, {"abbreviation": "FN", "topics": ["fj\u00e1rm\u00e1lal\u00e6si", "jafnr\u00e9tti", "neytendafr\u00e6\u00f0sla", "\u00e1byrg hugsun og heg\u00f0un \u00ed samskiptum"]}, {"abbreviation": "H\u00d6", "topics": ["haust\u00f6nn"]}, {"abbreviation": "SU", "topics": ["samf\u00e9lag", "samskipti", "sk\u00f3labragur", "umgengni"]}, {"abbreviation": "SJ", "topics": ["Jafnr\u00e9tti", "fj\u00e1rm\u00e1lal\u00e6si", "forvarnir", "heilbrig\u00f0i", "samf\u00e9lag og vinnumarka\u00f0ur"]}, {"abbreviation": "VS", "topics": ["Samvinna", "tj\u00e1ning", "vinnubr\u00f6g\u00f0"]}, {"abbreviation": "AA", "topics": ["L\u00edfsleikni", "samf\u00e9lagi\u00f0", "sk\u00f3linn", "\u00e9g"]}, {"abbreviation": "V\u00d6", "topics": ["Vor\u00f6nn"]}, {"abbreviation": "LC", "topics": ["Sj\u00e1lfst\u00e6tt verkefni"]}], "_id": "50c0a02dd8e40575f7f6f4c6", "subjects": ["l\u00edfsleikni"], "counter": {"1": 54, "3": 0, "2": 3, "4": 0}}, "evaluation": "N\u00e1msmat er \u00fatf\u00e6rt \u00ed kennslu\u00e1\u00e6tlun \u00ed samr\u00e6mi vi\u00f0 sk\u00f3lan\u00e1mskr\u00e1. ", "categorization_suggestion": "", "embedded_topics": {"abbreviation": "LC", "topics": ["Sj\u00e1lfst\u00e6tt verkefni"]}, "status": "approved by school", "description": "\u00cd \u00e1fanganum vinnur nemandinn sj\u00e1lfst\u00e6tt verkefni sem hann velur sj\u00e1lfur \u00ed samr\u00e1\u00f0i vi\u00f0 kennara. Verkefni\u00f0 fjallar um \u00ed\u00fer\u00f3ttir og heilsur\u00e6kt \u00ed v\u00ed\u00f0um skilningi. Nemandi aflar heimilda og uppl\u00fdsinga e\u00f0a gerir k\u00f6nnun sem tengist vi\u00f0fangsefninu og skilar lokask\u00fdrslu. Nemandinn skal einnig halda fyrirlestur upp \u00far efni s\u00ednu \u00e1 \u00e1kve\u00f0num t\u00edmapunkti \u00ed samr\u00e1\u00f0i vi\u00f0 kennara. ", "knowledge_goals": ["\u00fev\u00ed efni sem hann fjallar um \u00ed sj\u00e1lfst\u00e6\u00f0u verkefni s\u00ednu", "uppbyggingu og a\u00f0fer\u00f0um vi\u00f0 sk\u00fdrsluger\u00f0", "hvernig best er a\u00f0 koma fr\u00e1 s\u00e9r efni \u00e1 \u00e1hugaver\u00f0an og skipulag\u00f0an h\u00e1tt", "v\u00edsan \u00ed heimildir og fr\u00e1gang heimilda"], "skills_goals": ["a\u00f0 vinna vi\u00f0 \u00f6flun og \u00farvinnslu uppl\u00fdsinga er tengjast hreyfingu og heilsur\u00e6kt", "greina heimildir og vinna me\u00f0 mismunandi tegundir heimilda", "tengja saman \u00fdmisskonar efni sem tengist hreyfingu og heilsur\u00e6kt", "skrifa skiljanlegan og lipran texta \u00fear sem faglegum meginatri\u00f0um eru ger\u00f0 g\u00f3\u00f0 skil", "gera heimildaskr\u00e1 og v\u00edsa \u00ed texta", "kynna ni\u00f0urst\u00f6\u00f0ur \u00e1 sk\u00fdran og \u00e1hugaver\u00f0an h\u00e1tt"], "credits": 1, "last_modified": 1433429147.020567, "schools": ["512353008caa45ed97015b49"], "coauthors": null, "instructions": "", "continued_education": false, "level": 2, "prerequisites": "L\u00edfsst\u00edll A og B, Hreyfing A, B, C, D", "author": "9d7dde8a-696b-428d-9cdf-fc9a134ec9f5", "abbreviation_version": null, "competence_goals": [["s\u00fdna frumkv\u00e6\u00f0i vi\u00f0 ger\u00f0 verkefnis tengdu hreyfingu og heilsur\u00e6kt", ""], ["greina a\u00f0alatri\u00f0i \u00far heimildum og skrifa um \u00feau", ""], ["beita gagnr\u00fdnni hugsun vi\u00f0 uppl\u00fdsinga\u00f6flun", ""], ["kveikja \u00e1huga me\u00f0al hlustenda og \u00fatsk\u00fdra umfj\u00f6llunarefni \u00e1 skiljanlegan og skipulegan h\u00e1tt", ""]], "_id": "5570649b62933a5b20002d80"}, {"exemplary": null, "topics": "Markmi\u00f0asetning, heilsa, l\u00edfsst\u00edll", "abbreviation": "L\u00cdFS2LD01", "former_schools": null, "subject": "l\u00edfsleikni", "title": "L\u00edfsst\u00edll D", "version": 5, "status_trans": "Sam\u00feykkt af sk\u00f3la", "embedded_subject": {"abbreviation": "L\u00cdFS", "topics": [{"abbreviation": "SS", "topics": ["sj\u00e1lfst\u00e6tt l\u00edf", "sk\u00f3laumhverfi"]}, {"abbreviation": "TM", "topics": ["mannleg samskipti", "tilfinningar"]}, {"abbreviation": "TU", "topics": ["tj\u00e1ning", "uppl\u00fdsingat\u00e6kni"]}, {"abbreviation": "MT", "topics": ["me\u00f0vitund", "tj\u00e1ning"]}, {"abbreviation": "SM", "topics": ["markmi\u00f0asetning", "sj\u00e1lfstraust"]}, {"abbreviation": "HP", "topics": ["gildi peninga", "heimilisb\u00f3khald"]}, {"abbreviation": "ES", "topics": ["einstaklingur", "framt\u00ed\u00f0", "f\u00e9lags\u00feroski", "samf\u00e9lag", "samskipti", "sj\u00e1lfstraust", "vir\u00f0ing", "\u00e1byrg\u00f0"]}, {"abbreviation": "N\u00dd", "topics": ["n\u00fdnemafr\u00e6\u00f0sla"]}, {"abbreviation": "GR", "topics": ["grunn\u00fe\u00e6ttir"]}, {"abbreviation": "SL", "topics": ["sk\u00f3laleikni"]}, {"abbreviation": "NS", "topics": ["n\u00e1ms-og starfsfr\u00e6\u00f0sla"]}, {"abbreviation": "\u00c1S", "topics": ["n\u00e1mst\u00e6kni", "samskipti", "sj\u00e1fsmynd", "\u00e1byrg\u00f0"]}, {"abbreviation": "BE", "topics": ["borgaravitund", "l\u00edfsst\u00edll", "n\u00e1ms- og starfsfr\u00e6\u00f0sla", "sj\u00e1lfsmynd", "tj\u00e1ning"]}, {"abbreviation": "BS", "topics": ["borgaravitund", "samf\u00e9lag", "samskipti", "umhverfism\u00e1l", "vinnumarka\u00f0ur"]}, {"abbreviation": "HE", "topics": ["heimilishald"]}, {"abbreviation": "N\u00c1", "topics": ["n\u00e1mst\u00e6kni"]}, {"abbreviation": "HN", "topics": ["Heilbrig\u00f0i", "forvarnir", "n\u00e1m", "sk\u00f3li"]}, {"abbreviation": "\u00c9S", "topics": ["samf\u00e9lagi\u00f0", "sk\u00f3linn", "\u00e9g"]}, {"abbreviation": "\u00c9G", "topics": ["samf\u00e9lagi\u00f0", "sk\u00f3linn", "\u00c9g"]}, {"abbreviation": "DL", "topics": ["daglegt l\u00edf einstaklingsins"]}, {"abbreviation": "SK", "topics": ["Sk\u00f6pun"]}, {"abbreviation": "L\u00c6", "topics": ["L\u00e6si \u00ed v\u00ed\u00f0u samhengi"]}, {"abbreviation": "SB", "topics": ["Sj\u00e1lfb\u00e6rni \u00ed v\u00ed\u00f0u samhengi"]}, {"abbreviation": "LM", "topics": ["L\u00fd\u00f0r\u00e6\u00f0i og mannr\u00e9ttindi"]}, {"abbreviation": "JR", "topics": ["Jafnr\u00e9tti"]}, {"abbreviation": "KF", "topics": ["Kynfr\u00e6\u00f0sla"]}, {"abbreviation": "TS", "topics": ["Tj\u00e1ning og samskipti"]}, {"abbreviation": "FJ", "topics": ["Fj\u00f6lmi\u00f0lar"]}, {"abbreviation": "FH", "topics": ["Framkoma og hreinl\u00e6ti"]}, {"abbreviation": "LK", "topics": ["L\u00edkaminn og tilfinningar"]}, {"abbreviation": "T\u00d3", "topics": ["T\u00f3mstundir"]}, {"abbreviation": "UM", "topics": ["Umferli"]}, {"abbreviation": "ST", "topics": ["Taktu stj\u00f3rnina"]}, {"abbreviation": "\u00da\u00da", "topics": ["\u00datskrift", "\u00fatskriftarfer\u00f0 og fj\u00e1r\u00f6flun"]}, {"abbreviation": "LL", "topics": ["forvarnir", "heilbrig\u00f0i", "l\u00edfsleikni", "n\u00e1mst\u00e6kni"]}, {"abbreviation": "NF", "topics": ["N\u00fdnemafr\u00e6\u00f0sla", "forvarnir", "l\u00edfsleikni", "n\u00e1mst\u00e6kni"]}, {"abbreviation": "NV", "topics": ["l\u00fd\u00f0r\u00e6\u00f0i", "mannr\u00e9ttindi", "n\u00e1msval", "sam\u00e9lag"]}, {"abbreviation": "SV", "topics": ["Si\u00f0fer\u00f0isvitund og mannr\u00e9ttindi"]}, {"abbreviation": "AN", "topics": ["Almenn l\u00edfsleikni og n\u00fdnemafr\u00e6\u00f0sla"]}, {"abbreviation": "FL", "topics": ["Fj\u00e1rm\u00e1lal\u00e6si"]}, {"abbreviation": "SN", "topics": ["f\u00e9lagstengsl", "n\u00e1msh\u00e6ttir", "sk\u00f3lasamf\u00e9lag"]}, {"abbreviation": "FN", "topics": ["fj\u00e1rm\u00e1lal\u00e6si", "jafnr\u00e9tti", "neytendafr\u00e6\u00f0sla", "\u00e1byrg hugsun og heg\u00f0un \u00ed samskiptum"]}, {"abbreviation": "H\u00d6", "topics": ["haust\u00f6nn"]}, {"abbreviation": "SU", "topics": ["samf\u00e9lag", "samskipti", "sk\u00f3labragur", "umgengni"]}, {"abbreviation": "SJ", "topics": ["Jafnr\u00e9tti", "fj\u00e1rm\u00e1lal\u00e6si", "forvarnir", "heilbrig\u00f0i", "samf\u00e9lag og vinnumarka\u00f0ur"]}, {"abbreviation": "VS", "topics": ["Samvinna", "tj\u00e1ning", "vinnubr\u00f6g\u00f0"]}, {"abbreviation": "AA", "topics": ["L\u00edfsleikni", "samf\u00e9lagi\u00f0", "sk\u00f3linn", "\u00e9g"]}, {"abbreviation": "V\u00d6", "topics": ["Vor\u00f6nn"]}, {"abbreviation": "LD", "topics": ["Markmi\u00f0asetning", "heilsa", "l\u00edfsst\u00edll"]}, {"abbreviation": "LN", "topics": ["L\u00edfsleikni og n\u00e1mst\u00e6kni"]}, {"abbreviation": "LS", "topics": ["L\u00edfsst\u00edll"]}, {"abbreviation": "BB", "topics": ["Lifsleikni \u00fatskriftarefna"]}, {"abbreviation": "HS", "topics": ["heilsa", "l\u00edfst\u00edll", "sj\u00e1lfsmynd"]}], "_id": "50c0a02dd8e40575f7f6f4c6", "subjects": ["l\u00edfsleikni"], "counter": {"1": 58, "3": 1, "2": 4, "4": 0}}, "evaluation": "N\u00e1msmat er \u00fatf\u00e6rt \u00ed kennslu\u00e1\u00e6tlun \u00ed samr\u00e6mi vi\u00f0 sk\u00f3lan\u00e1mskr\u00e1. ", "categorization_suggestion": "", "embedded_topics": {"abbreviation": "LD", "topics": ["Markmi\u00f0asetning", "heilsa", "l\u00edfsst\u00edll"]}, "status": "approved by school", "description": "\u00cd \u00e1fanganum er l\u00f6g\u00f0 \u00e1hersla \u00e1 markmi\u00f0asetningu og l\u00edfsst\u00edl. B\u00e6\u00f0i ver\u00f0ur unni\u00f0 me\u00f0 skammt\u00edma- og langt\u00edmamarkmi\u00f0. Nemendur vinna sj\u00e1lfst\u00e6tt verkefni, eigin l\u00edfsst\u00edls- og \u00fej\u00e1lfunar\u00e1\u00e6tlun, sem byggir \u00e1 \u00feekkingu \u00far fyrri l\u00edfsst\u00edls og hreyfingar\u00e1f\u00f6ngum. Nemendur f\u00e1 fr\u00e6\u00f0slu um gildi \u00feess a\u00f0 lifa heilbrig\u00f0u l\u00edfi og kynnast fj\u00f6lbreyttum m\u00f6guleikum umhverfisins til l\u00edkams- og heilsur\u00e6ktar.", "knowledge_goals": ["mismunandi a\u00f0fer\u00f0um til heilsur\u00e6ktar", "lei\u00f0um til a\u00f0 n\u00fdta l\u00edkams- og heilsur\u00e6kt \u00ed daglegum ath\u00f6fnum", "forsendum og \u00e1hrifum \u00fej\u00e1lfunar \u00e1 eigin l\u00edkama, heilsu og l\u00ed\u00f0an", "mikilv\u00e6gi skipulags fyrir heilbrig\u00f0an l\u00edfsst\u00edl"], "skills_goals": ["a\u00f0 setja s\u00e9r markmi\u00f0 og skipuleggja eigin l\u00edfsst\u00edl til lengri og skemmri t\u00edma", "n\u00fdta s\u00e9r \u00fdmsar lei\u00f0ir til a\u00f0 stunda styrktar-, \u00feol\u00fej\u00e1lfun, sl\u00f6kun og vi\u00f0halda li\u00f0leika", "n\u00fdta s\u00e9r m\u00f6guleika til heilsur\u00e6ktar \u00ed n\u00e1nasta umhverfi sem og fl\u00e9tta hreyfingu inn \u00ed daglegt l\u00edf og starf", "s\u00fdna frumkv\u00e6\u00f0i, sj\u00e1lfst\u00e6\u00f0i og seiglu vi\u00f0 framkv\u00e6md markmi\u00f0a"], "credits": 1, "last_modified": 1434382639.806727, "schools": ["512353008caa45ed97015b49"], "coauthors": null, "instructions": "", "continued_education": false, "level": 2, "prerequisites": "L\u00edfsst\u00edll A, B, C Hreyfing A, B, C, D", "author": "9d7dde8a-696b-428d-9cdf-fc9a134ec9f5", "abbreviation_version": null, "competence_goals": [["skilja hva\u00f0a \u00fe\u00e6ttir \u00ed eigin l\u00edfsst\u00edl hafa \u00e1hrif \u00e1 heilsu og l\u00ed\u00f0an", ""], ["greina fr\u00e1 afst\u00f6\u00f0u sinni til heilbrig\u00f0s l\u00edfsst\u00edls", ""], ["\u00fatb\u00faa s\u00e9rsni\u00f0na \u00e1\u00e6tlun sem hentar honum sj\u00e1lfum til lengri t\u00edma", ""], ["setja s\u00e9r raunh\u00e6f markmi\u00f0 og geta breytt eigin l\u00edfsst\u00edl ef \u00fe\u00f6rf er \u00e1", ""]], "_id": "557ef12f62933a24fe0009cf"}, {"exemplary": null, "topics": "lesskilningur, m\u00e1lfr\u00e6\u00f0i, stig b1 \u00ed evr\u00f3pska tungum\u00e1larammanum", "abbreviation": "DANS2MO05", "former_schools": null, "subject": "danska", "title": "M\u00e1lfr\u00e6\u00f0i og or\u00f0afor\u00f0i", "version": 17, "status_trans": "Sam\u00feykkt af sk\u00f3la", "embedded_subject": {"abbreviation": "DANS", "topics": [{"abbreviation": "BG", "topics": ["evr\u00f3pski tungum\u00e1laramminn", "grunnur", "stig b1"]}, {"abbreviation": "BF", "topics": ["evr\u00f3pski tungum\u00e1laramminn", "framhald", "stig b1"]}, {"abbreviation": "UB", "topics": ["evr\u00f3pski tungum\u00e1laramminn", "stig b2", "undirsta\u00f0a"]}, {"abbreviation": "VB", "topics": ["evr\u00f3pski tungum\u00e1laramminn", "stig b2", "vi\u00f0b\u00f3t"]}, {"abbreviation": "CG", "topics": ["evr\u00f3pski tungum\u00e1laramminn", "grunnur", "stig c1"]}, {"abbreviation": "CF", "topics": ["evr\u00f3pski tungum\u00e1laramminn", "framhald", "stig c1"]}, {"abbreviation": "RM", "topics": ["m\u00e1lnotkun og b\u00f3kmenntir", "ritun"]}, {"abbreviation": "MR", "topics": ["menning", "ritun og b\u00f3kmenntir"]}, {"abbreviation": "BM", "topics": ["b\u00f3kmenntir og or\u00f0afor\u00f0i", "menning"]}, {"abbreviation": "KV", "topics": ["kvikmynda\u00e1fangi"]}, {"abbreviation": "EV", "topics": ["evr\u00f3pski tungum\u00e1laramminn"]}, {"abbreviation": "MV", "topics": ["menning", "venjur"]}, {"abbreviation": "MS", "topics": ["menning", "samf\u00e9lag"]}, {"abbreviation": "LO", "topics": ["lesskilningur", "or\u00f0afor\u00f0i"]}, {"abbreviation": "SO", "topics": ["s\u00e9rh\u00e6f\u00f0ur or\u00f0afor\u00f0i"]}, {"abbreviation": "TL", "topics": ["lestur og menning", "tj\u00e1ning"]}, {"abbreviation": "UN", "topics": ["undirb\u00fanings\u00e1fangi \u00ed d\u00f6nsku"]}, {"abbreviation": "LT", "topics": ["lestur og menning ii", "tj\u00e1ning"]}, {"abbreviation": "M\u00c1", "topics": ["m\u00e1lfr\u00e6\u00f0i"]}, {"abbreviation": "GR", "topics": ["grunn\u00e1fangi"]}, {"abbreviation": "AL", "topics": ["almennur \u00e1fangi"]}, {"abbreviation": "FI", "topics": ["film og filmhistorie"]}, {"abbreviation": "LI", "topics": ["litter\u00e6r analyse"]}, {"abbreviation": "TT", "topics": ["tal;  t\u00e6nke - tale"]}, {"abbreviation": "L\u00c9", "topics": ["l\u00e9ttlestur"]}, {"abbreviation": "OR", "topics": ["or\u00f0afor\u00f0i"]}, {"abbreviation": "ML", "topics": ["lesskilningur", "m\u00e1lfr\u00e6\u00f0i"]}, {"abbreviation": "LM", "topics": ["lesskilningur", "m\u00e1lfr\u00e6\u00f0i", "stig a2 \u00ed evr\u00f3pska tungum\u00e1larammanum"]}, {"abbreviation": "MO", "topics": ["lesskilningur", "m\u00e1lfr\u00e6\u00f0i", "stig b1 \u00ed evr\u00f3pska tungum\u00e1larammanum"]}, {"abbreviation": "MB", "topics": ["b\u00f3kmenntir", "menning", "stig b2 \u00ed evr\u00f3pska tungum\u00e1larammanum"]}, {"abbreviation": "FH", "topics": ["Framhalds\u00e1fangi danska hra\u00f0fer\u00f0"]}, {"abbreviation": "TM", "topics": ["lestur", "m\u00e1lfr\u00e6\u00f0i", "tal"]}, {"abbreviation": "FS", "topics": ["0 \u00e1 grunnsk\u00f3lapr\u00f3fi", "fyrir nemendur", "sem f\u00e1 undir 5"]}, {"abbreviation": "HY", "topics": ["Hyggelesning", "yndislestur framhald"]}, {"abbreviation": "ST", "topics": ["menning", "skilningur", "tj\u00e1ning"]}, {"abbreviation": "SS", "topics": ["skilningur", "s\u00e9rh\u00e6fing", "tj\u00e1ning"]}, {"abbreviation": "FB", "topics": ["b\u00f3kmenntir", "fj\u00f6lmi\u00f0lar", "\u00feemavinna"]}, {"abbreviation": "VV", "topics": ["Verkefni a\u00f0 eigin vali"]}, {"abbreviation": "DA", "topics": ["dabla"]}, {"abbreviation": "DT", "topics": ["Danskt m\u00e1l og samf\u00e9lag 2"]}, {"abbreviation": "DM", "topics": ["D\u00f6nsk menning og samf\u00e9lag"]}, {"abbreviation": "NS", "topics": ["DANS2NS05"]}, {"abbreviation": "SV", "topics": ["menning og venjur", "samf\u00e9lag"]}, {"abbreviation": "DS", "topics": ["Samf\u00e9lag", "skilningur og skrif"]}, {"abbreviation": "FL", "topics": ["Danska: A\u00f0 flytja til Danmerkur"]}, {"abbreviation": "SN", "topics": ["Samskipti og n\u00fdsk\u00f6pun"]}, {"abbreviation": "LH", "topics": ["hlustun", "lestur", "ritun", "tala\u00f0 m\u00e1l"]}, {"abbreviation": "TR", "topics": ["hlustun", "lestur", "tala\u00f0 m\u00e1l"]}, {"abbreviation": "KF", "topics": ["Kristj\u00e1n 9. og arfleif\u00f0 hans"]}, {"abbreviation": "F\u00de", "topics": ["Fer\u00f0a\u00fej\u00f3nustu danska"]}, {"abbreviation": "LL", "topics": ["DANS"]}, {"abbreviation": "L\u00c6", "topics": ["L\u00e6si"]}, {"abbreviation": "SK", "topics": ["Sk\u00f6pun \u00ed v\u00ed\u00f0u samhengi"]}, {"abbreviation": "TF", "topics": ["Tj\u00e1ning og frambur\u00f0ur"]}, {"abbreviation": "AA", "topics": ["Almennur byrjunar \u00e1fangi"]}, {"abbreviation": "MM", "topics": ["M\u00e1l", "menning", "m\u00e1lfr\u00e6\u00f0i"]}, {"abbreviation": "SM", "topics": ["menning", "saga", "samf\u00e9lag"]}, {"abbreviation": "BK", "topics": ["Danske film og filmhistorie"]}, {"abbreviation": "AH", "topics": ["Davska 1. Hra\u00f0fer\u00f0"]}, {"abbreviation": "CC", "topics": ["Danska 3"]}, {"abbreviation": "CY", "topics": ["Danska. Yndislestur 1."]}, {"abbreviation": "DF", "topics": ["Danska Fer\u00f0a\u00e1fangi"]}, {"abbreviation": "DY", "topics": ["Danska yndislestur"]}, {"abbreviation": "OM", "topics": ["menning", "m\u00e1lfr\u00e6\u00f0i", "or\u00f0afor\u00f0i"]}, {"abbreviation": "GD", "topics": ["Grunn\u00e1fangi \u00ed d\u00f6nsku"]}], "_id": "50c0a02dd8e40575f7f6f4d1", "subjects": ["danska"], "counter": {"1": 9, "3": 2, "2": 16, "4": 0}}, "evaluation": "N\u00e1msmat er \u00fatf\u00e6rt \u00ed kennslu\u00e1\u00e6tlun \u00ed samr\u00e6mi vi\u00f0 sk\u00f3lan\u00e1mskr\u00e1.", "categorization_suggestion": "", "embedded_topics": {"abbreviation": "MO", "topics": ["lesskilningur", "m\u00e1lfr\u00e6\u00f0i", "stig b1 \u00ed evr\u00f3pska tungum\u00e1larammanum"]}, "status": "approved by school", "description": "Nemendur lesa fj\u00f6lbreytta texta. \u00c1hersla l\u00f6g\u00f0 \u00e1 virkan og hagn\u00fdtan or\u00f0afor\u00f0a. Fari\u00f0 ver\u00f0ur \u00ed fl\u00f3knari atri\u00f0i m\u00e1lfr\u00e6\u00f0i og m\u00e1lnotkunar. Nemendur vinna fj\u00f6lbreytt verkefni \u00ed \u00f6llum \u00fe\u00e1ttum tungum\u00e1lakennslu. Nemendur \u00fej\u00e1lfast \u00ed samr\u00e6\u00f0ut\u00e6kni og a\u00f0 tj\u00e1 afst\u00f6\u00f0u s\u00edna og sko\u00f0anir.", "knowledge_goals": ["\td\u00f6nsku \u00fej\u00f3\u00f0l\u00edfi og menningu og hvernig danskan opnar a\u00f0gang a\u00f0 norr\u00e6na menningarsv\u00e6\u00f0inu (menntun og atvinnul\u00edfi)", "or\u00f0afor\u00f0a til undirb\u00fanings \u00e1framhaldandi n\u00e1ms og starfa \u00e1 Nor\u00f0url\u00f6ndum", "\tuppsetningu og skipulagi rita\u00f0s m\u00e1ls", "skilning \u00e1 d\u00f6nsku lesm\u00e1li", "undirst\u00f6\u00f0ur danskrar m\u00e1lfr\u00e6\u00f0i"], "skills_goals": ["skilja e\u00f0lilegt tala\u00f0 m\u00e1l vi\u00f0 mismunandi a\u00f0st\u00e6\u00f0ur og algengustu or\u00f0asamb\u00f6nd", "lesa fj\u00f6lbreytta texta um \u00f3l\u00edk efni og beita \u00feeim lestrara\u00f0fer\u00f0um sem henta hverju sinni", "tj\u00e1 sig munnlega sk\u00fdrt og me\u00f0 nokkru \u00f6ryggi um m\u00e1lefni sem hann hefur kynnt s\u00e9r", "rita texta af \u00f3l\u00edkum ger\u00f0um og fylgja helstu m\u00e1lnotkunarreglum", "beita meginreglum danskrar m\u00e1lfr\u00e6\u00f0i og setningafr\u00e6\u00f0i", "t\u00falka mismunandi b\u00f3kmenntatexta"], "credits": 5, "last_modified": 1477480292.533937, "schools": ["512353008caa45ed97015b49"], "coauthors": [], "instructions": "", "continued_education": false, "level": 2, "prerequisites": "Nemendur hafa loki\u00f0 grunnsk\u00f3la me\u00f0 einkunnina B e\u00f0a h\u00e6rri einkunn.", "author": "25b4b07d-34b0-4430-b202-09a07f04bf2c", "abbreviation_version": null, "competence_goals": [["skilja daglegt m\u00e1l svo sem samr\u00e6\u00f0ur og fj\u00f6lmi\u00f0laefni", ""], ["skilja inntak erinda og annars fl\u00f3knara efnis sem hann hefur kynnt s\u00e9r", ""], ["afla s\u00e9r uppl\u00fdsinga \u00far margv\u00edslegum ritu\u00f0um textum svo sem bla\u00f0agreinum, b\u00f3kmennta- e\u00f0a fr\u00e6\u00f0itextum", ""], ["draga eigin \u00e1lyktanir af textum og setja \u00fe\u00e6r fram b\u00e6\u00f0i munnlega og skriflega", ""], ["taka \u00fe\u00e1tt \u00ed daglegum samr\u00e6\u00f0um vi\u00f0 f\u00f3lk \u00e1 d\u00f6nsku", ""], ["skiptast \u00e1 sko\u00f0unum og tj\u00e1 hugmyndir s\u00ednar \u00e1 \u00e1heyrilegan h\u00e1tt", ""], ["skrifa l\u00e6silega og m\u00e1lfr\u00e6\u00f0ilega r\u00e9tta texta um vali\u00f0 efni \u00e1 pers\u00f3nulegan og skapandi h\u00e1tt", ""]], "_id": "58108f6462933a33a600a578"}, {"exemplary": null, "topics": "Ritger\u00f0arsm\u00ed\u00f0i og heimildavinna", "abbreviation": "RIHE1RH02(HV)", "former_schools": null, "subject": "Ritger\u00f0arsm\u00ed\u00f0 og heimildavinna", "title": "Ritger\u00f0asm\u00ed\u00f0 og heimildavinna", "version": 1, "status_trans": "Sam\u00feykkt af sk\u00f3la", "embedded_subject": {"abbreviation": "RIHE", "topics": [{"abbreviation": "RH", "topics": ["Ritger\u00f0arsm\u00ed\u00f0i og heimildavinna"]}], "_id": "5515584f62933a4692003f76", "subjects": ["Ritger\u00f0arsm\u00ed\u00f0 og heimildavinna"], "counter": {"1": 0, "3": 0, "2": 0, "4": 0}}, "evaluation": "N\u00e1msmat er \u00fatf\u00e6rt \u00ed kennslu\u00e1\u00e6tlun samkv\u00e6mt sk\u00f3lan\u00e1mskr\u00e1.", "categorization_suggestion": "HV", "embedded_topics": {"abbreviation": "RH", "topics": ["Ritger\u00f0arsm\u00ed\u00f0i og heimildavinna"]}, "status": "approved by school", "description": " Fari\u00f0 skref fyrir skref \u00ed hvernig vinna skal  greinar, sk\u00fdrslur, fyrirlestra og  ranns\u00f3knarritger\u00f0ir. Hvernig setja skal fram ranns\u00f3knarspurningu og svara henni, skrifa g\u00f3\u00f0ar efnisgreinar, meta heimildir, skr\u00e1 tilv\u00edsanir og tilvitnanir og setja fram heimildaskr\u00e1, Nemendur l\u00e6ra a\u00f0 nota leitarkerfi \u00e1 b\u00f3karsafni og gagnageymslur \u00e1 neti, t.d. dropbox. Nemendur vinna a.m.k. eitt einstaklingsverkefni og eitt h\u00f3pverkefni \u00ed \u00e1fanganum. ", "knowledge_goals": ["byggingu m\u00e1lsgreina og efnisgreina", "uppsetningu, or\u00f0alagi, byggingu og framsetningu ritger\u00f0a, sk\u00fdrslna og fyrirlestra", "\u00fev\u00ed a\u00f0 skrifa \u00ed skrefum", "gildi \u00feess a\u00f0 tj\u00e1 hugsanir s\u00ednar og vi\u00f0horf \u00ed ritu\u00f0u m\u00e1li", "hvernig f\u00e6ra \u00e1 skipulega r\u00f6k fyrir sko\u00f0un sinni", "\u00fev\u00ed ferli sem nau\u00f0synlegt er til a\u00f0 koma hugmynd \u00ed form", "heimildavinnu", "greinarmuninum \u00e1 talm\u00e1li og ritm\u00e1li"], "skills_goals": ["skrifa og byggja upp l\u00e6silegan texta \u00e1 bl\u00e6brig\u00f0ar\u00edku m\u00e1li og vi\u00f0eigandi m\u00e1lsni\u00f0i", "n\u00fdta s\u00e9r \u00e1bendingar var\u00f0andi eigin texta", "mynda s\u00e9r sko\u00f0un og tj\u00e1 hana \u00e1 gagnr\u00fdninn h\u00e1tt me\u00f0 r\u00f6kum", "afmarka vi\u00f0fangsefni", "setja fram ranns\u00f3knarspurningu", "meta gildi og \u00e1rei\u00f0anleika heimilda og skr\u00e1 \u00fe\u00e6r", "tengja tilvitnanir eigin umfj\u00f6llun og leggja \u00fat af \u00feeim", "nota gagnageymslur \u00e1 interneti", "gera grein fyrir ni\u00f0urst\u00f6\u00f0um ranns\u00f3knar"], "credits": 2, "last_modified": 1427196156.46699, "schools": ["512353008caa45ed97015b49"], "coauthors": null, "instructions": "", "continued_education": false, "level": 1, "prerequisites": "", "author": "25b4b07d-34b0-4430-b202-09a07f04bf2c", "abbreviation_version": null, "competence_goals": [["n\u00fdta sk\u00f6punarkraft sinn", ""], ["skrifa af hugmyndaau\u00f0gi", ""], ["m\u00f3ta s\u00e9r vanda\u00f0an pers\u00f3nulegan st\u00edl", ""], ["n\u00fdta s\u00e9r uppbyggilega endurgj\u00f6f", ""], ["taka gagnr\u00fdna afst\u00f6\u00f0u til samf\u00e9lagslegra og si\u00f0fer\u00f0ilegra \u00e1litam\u00e1la af umbur\u00f0arlyndi og \u00e1 jafnr\u00e9ttisgrundvelli", ""], ["skrifa fullunna ranns\u00f3kn \u00fear sem hann setur fram kenningu, dregur \u00e1lyktun \u00fat fr\u00e1 heimildum og setur fram ni\u00f0urst\u00f6\u00f0ur s\u00ednar", ""], ["temja s\u00e9r n\u00e1kv\u00e6m og v\u00f6ndu\u00f0 vinnubr\u00f6g\u00f0 vi\u00f0 heimildavinnu", ""], ["takast \u00e1 vi\u00f0 ritun hvers kyns texta", ""]], "_id": "551148fc62933a4692003642"}, {"exemplary": null, "topics": "evr\u00f3pski tungum\u00e1laramminn, framhald, stig a1", "abbreviation": "SP\u00c6N1AF05", "former_schools": null, "subject": "sp\u00e6nska", "title": "Sp\u00e6nska fyrir grunn notanda - a1 ii", "version": 39, "status_trans": "Sam\u00feykkt af sk\u00f3la", "embedded_subject": {"abbreviation": "SP\u00c6N", "topics": [{"abbreviation": "AG", "topics": ["evr\u00f3pski tungum\u00e1laramminn", "grunnur", "stig a1"]}, {"abbreviation": "AF", "topics": ["evr\u00f3pski tungum\u00e1laramminn", "framhald", "stig a1"]}, {"abbreviation": "AU", "topics": ["evr\u00f3pski tungum\u00e1laramminn", "grunnur", "stig a2"]}, {"abbreviation": "AV", "topics": ["evr\u00f3pski tungum\u00e1laramminn", "stig a2", "vi\u00f0b\u00f3t"]}, {"abbreviation": "BG", "topics": ["evr\u00f3pski tungum\u00e1laramminn", "grunnur", "stig b1"]}, {"abbreviation": "TH", "topics": ["hlustun", "lesskilningur og ritun", "tal"]}, {"abbreviation": "OM", "topics": ["hlustun og ritun", "lesskilningur", "menning og saga sp\u00e6nskum\u00e6landi landa", "or\u00f0afor\u00f0i", "tal"]}, {"abbreviation": "GR", "topics": ["grunn\u00e1fangi"]}, {"abbreviation": "ME", "topics": ["menning sp\u00e6nskum\u00e6landi \u00fej\u00f3\u00f0a"]}, {"abbreviation": "FF", "topics": ["fort\u00ed\u00f0", "framt\u00ed\u00f0 og fer\u00f0al\u00f6g"]}, {"abbreviation": "RT", "topics": ["ritun og tal\u00e6fingar"]}, {"abbreviation": "LE", "topics": ["lestur og hlustun"]}, {"abbreviation": "B\u00d3", "topics": ["b\u00f3kmenntir og kvikmyndir"]}, {"abbreviation": "BY", "topics": ["byrjunar\u00e1fangi \u00ed sp\u00e6nsku"]}, {"abbreviation": "SP", "topics": ["sp\u00e6nska tv\u00f6"]}, {"abbreviation": "\u00deR", "topics": ["sp\u00e6nska \u00ferj\u00fa"]}, {"abbreviation": "BF", "topics": ["annar \u00e1fangi \u00ed sp\u00e6nsku", "stig a1"]}, {"abbreviation": "SA", "topics": ["stig a1"]}, {"abbreviation": "CF", "topics": ["f\u00e9l og opb", "loka\u00e1fangi \u00ed sp\u00e6nsku \u00e1 n\u00e1t"]}, {"abbreviation": "ST", "topics": ["stig a2"]}, {"abbreviation": "EF", "topics": ["stig b1"]}, {"abbreviation": "DF", "topics": ["evr\u00f3pski tungum\u00e1laramminn", "stig a2"]}, {"abbreviation": "PL", "topics": ["l\u00edfi\u00f0", "pers\u00f3nan", "stig a1 \u00ed evr\u00f3pska tungum\u00e1larammanum"]}, {"abbreviation": "DA", "topics": ["daglegar athafnir"]}, {"abbreviation": "FS", "topics": ["fer\u00f0al\u00f6g", "saga", "stig a2 - b1 \u00ed evr\u00f3pska tungum\u00e1larammanum"]}, {"abbreviation": "MM", "topics": ["mannl\u00edf", "menning", "n\u00e6r hugsanlega \u00e1 stig b2", "stig b1 \u00ed evr\u00f3pska tungum\u00e1larammanum"]}, {"abbreviation": "HR", "topics": ["hlustun og tal\u00e6fingar", "lestur", "ritun"]}, {"abbreviation": "KV", "topics": ["kvikmyndir"]}, {"abbreviation": "SK", "topics": ["sk\u00e1lds\u00f6gur og tj\u00e1ning"]}, {"abbreviation": "TS", "topics": ["sm\u00e1s\u00f6gur", "tal og ritun"]}, {"abbreviation": "RL", "topics": ["lestur", "ritun", "tal og hlustun"]}, {"abbreviation": "TM", "topics": ["a2", "tungum\u00e1l og menning"]}, {"abbreviation": "MT", "topics": ["menning og tungum\u00e1l"]}, {"abbreviation": "MS", "topics": ["menning og tungum\u00e1l", "stig a2 - b1 \u00ed evr\u00f3pska tungum\u00e1larammanum"]}, {"abbreviation": "BK", "topics": ["B\u00f3kmenntir og kvikmyndir"]}, {"abbreviation": "AA", "topics": ["Byrjunar\u00e1fangi"]}, {"abbreviation": "BB", "topics": ["Framhalds\u00e1fangi"]}, {"abbreviation": "DD", "topics": ["Sp\u00e6nska 4"]}, {"abbreviation": "EE", "topics": ["Sp\u00e6nska 5"]}, {"abbreviation": "ET", "topics": ["Sp\u00e6nska.T\u00f3nlist og dans \u00ed RA."]}, {"abbreviation": "FY", "topics": ["Sp\u00e6nska. Yndislestur"]}, {"abbreviation": "SB", "topics": ["Sp\u00e6nska framhalds\u00e1fangi"]}, {"abbreviation": "SC", "topics": ["Sp\u00e6nska framhald"]}, {"abbreviation": "CC", "topics": ["Sp\u00e6nska 3"]}, {"abbreviation": "SD", "topics": ["fj\u00f3r\u00f0i \u00e1fangi", "hlustun", "lesskilningur", "tal"]}, {"abbreviation": "BU", "topics": ["evr\u00f3pski tungum\u00e1laramminn", "grunnur", "stig b2"]}, {"abbreviation": "SR", "topics": ["Kvikmyndir Sp\u00e1nar og R\u00f3m\u00f6nsku Amer\u00edku"]}, {"abbreviation": "DK", "topics": ["Sp\u00e6nskar og su\u00f0ur-amer\u00edskar kvikmyndir"]}, {"abbreviation": "BL", "topics": ["B\u00f3kmenntir og listir"]}, {"abbreviation": "HT", "topics": ["hlustun", "lestur", "ritun (A1)", "tal"]}, {"abbreviation": "RS", "topics": ["hlustun", "lestur", "ritun", "tal (A1)"]}, {"abbreviation": "SF", "topics": ["Sp\u00e1narfer\u00f0"]}, {"abbreviation": "SO", "topics": ["Sp\u00e6nska", "or\u00f0afor\u00f0", "ritun", "tal"]}, {"abbreviation": "SS", "topics": ["Sp\u00e6nska", "m\u00e1lfr\u00e6\u00f0i", "m\u00e1lnotkun", "skilningur"]}, {"abbreviation": "TJ", "topics": ["Sp\u00e6nska", "m\u00e1lfr\u00e6\u00f0i", "m\u00e1lnotkun", "tj\u00e1ning"]}], "_id": "50c0a02dd8e40575f7f6f4c1", "subjects": ["sp\u00e6nska"], "counter": {"1": 36, "3": 0, "2": 10, "4": 0}}, "evaluation": "N\u00e1msmat er \u00fatf\u00e6rt \u00ed kennslu\u00e1\u00e6tlun \u00ed samr\u00e6mi vi\u00f0 sk\u00f3lan\u00e1mskr\u00e1.", "categorization_suggestion": "", "embedded_topics": {"abbreviation": "AF", "topics": ["evr\u00f3pski tungum\u00e1laramminn", "framhald", "stig a1"]}, "status": "approved by school", "description": "Byggt er markvisst \u00e1 \u00feeirri kunn\u00e1ttu sem nemendur hafa n\u00fa \u00feegar tileinka\u00f0 s\u00e9r. \nUnni\u00f0 er a\u00f0 f\u00e6rni nemenda \u00ed lesskilningi, tali, hlustun og ritun. Or\u00f0afor\u00f0i eykst og n\u00fd m\u00e1lfr\u00e6\u00f0iatri\u00f0i eru \u00e6f\u00f0. Nemendur \u00feurfa \u00ed auknum m\u00e6li a\u00f0 tj\u00e1 sig munnlega og textar ver\u00f0a sm\u00e1m saman lengri og \u00feyngri.  Fl\u00e9tt er inn \u00ed kennsluna uppl\u00fdsingum um menningu og sta\u00f0h\u00e6tti sp\u00e6nskum\u00e6landi landa.  \n\n\u00c1hersla er l\u00f6g\u00f0 \u00e1 frumkv\u00e6\u00f0i nemenda og a\u00f0 \u00feeir fylgist me\u00f0 framvindu n\u00e1ms s\u00edns og framf\u00f6rum \u00ed samr\u00e6mi vi\u00f0 evr\u00f3pska tungum\u00e1lam\u00f6ppu. \nNemendur eru \u00fej\u00e1lfa\u00f0ir \u00ed notkun sp\u00e6nskrar or\u00f0ab\u00f3kar.\n", "knowledge_goals": ["greina og setja fram \u00feann or\u00f0afor\u00f0a sem nau\u00f0synlegur er til a\u00f0 m\u00e6ta markmi\u00f0um \u00e1fangans ", "flokka og greina helstu grundvallar\u00fe\u00e6tti sp\u00e6nska m\u00e1lkerfisins ", "setja fram og f\u00e1 skilning \u00e1 sta\u00f0h\u00e1ttum, samskiptavenjum og menningu sp\u00e6nskum\u00e6landi landa og \u00fej\u00f3\u00f0a"], "skills_goals": ["greina tala\u00f0 m\u00e1l um kunnugleg efni \u00feegar tala\u00f0 er fremur h\u00e6gt og sk\u00fdrt og geta fylgt einf\u00f6ldum fyrirm\u00e6lum", "lesa og greina \u00feyngri og lengri texta sem innihalda algengan or\u00f0afor\u00f0a", "taka \u00fe\u00e1tt \u00ed einf\u00f6ldum samr\u00e6\u00f0um og tj\u00e1 sig um efni sem hann \u00feekkir", "tj\u00e1 sig um li\u00f0na atbur\u00f0i, n\u00e1nasta umhverfi,  eigin tilfinningar  og reynslu  auk \u00feess a\u00f0  afla s\u00e9r einfaldra uppl\u00fdsinga me\u00f0 \u00fev\u00ed a\u00f0 beita grunnor\u00f0afor\u00f0a tungum\u00e1lsins og nota til \u00feess m.a. sp\u00e6nska or\u00f0ab\u00f3k", "skrifa stuttan, einfaldan texta \u00ed n\u00fat\u00ed\u00f0 og li\u00f0nni t\u00ed\u00f0 svo sem br\u00e9f, skilabo\u00f0, bo\u00f0skort og lei\u00f0arl\u00fdsingar ofl."], "credits": 5, "last_modified": 1424179051.56457, "schools": ["512353008caa45ed97015b49"], "coauthors": [], "instructions": "", "continued_education": false, "level": 1, "prerequisites": "SP\u00c6N1AG05 e\u00f0a samb\u00e6rilegur \u00e1fangi.", "author": "6c2fcef4-a2a5-4b10-88f3-ca62dba9fffd", "abbreviation_version": null, "competence_goals": [["hlusta \u00e1 og greina tala\u00f0 m\u00e1l um kunnugleg efni og draga vi\u00f0eigandi \u00e1lyktanir", ""], ["r\u00f6ksty\u00f0ja og bera saman notkun \u00e1 einf\u00f6ldum textum yfir athafnir daglegs l\u00edfs", ""], ["leggja grunn a\u00f0 einf\u00f6ldum samr\u00e6\u00f0um \u00feannig a\u00f0 hann r\u00f6ksty\u00f0ji, spyrji og svari einf\u00f6ldum, algengum spurningum.", ""], ["draga \u00e1lyktanir og nota einf\u00f6ld or\u00f0asamb\u00f6nd og setningar til \u00feess a\u00f0 v\u00edsa veginn,  gefa uppl\u00fdsingar um b\u00fasetu ofl.", ""], ["skipuleggja fr\u00e1s\u00f6gn og r\u00f6ksty\u00f0ja or\u00f0aval sitt \u00ed skapandi skrifum.", ""]], "_id": "54e33f6b62933a7a34000b29"}, {"exemplary": null, "topics": "evr\u00f3pski tungum\u00e1laramminn, grunnur, stig a2", "abbreviation": "SP\u00c6N1AU05", "former_schools": null, "subject": "sp\u00e6nska", "title": "Sp\u00e6nska fyrir grunn notanda - a2 i", "version": 38, "status_trans": "Sam\u00feykkt af sk\u00f3la", "embedded_subject": {"abbreviation": "SP\u00c6N", "topics": [{"abbreviation": "AG", "topics": ["evr\u00f3pski tungum\u00e1laramminn", "grunnur", "stig a1"]}, {"abbreviation": "AF", "topics": ["evr\u00f3pski tungum\u00e1laramminn", "framhald", "stig a1"]}, {"abbreviation": "AU", "topics": ["evr\u00f3pski tungum\u00e1laramminn", "grunnur", "stig a2"]}, {"abbreviation": "AV", "topics": ["evr\u00f3pski tungum\u00e1laramminn", "stig a2", "vi\u00f0b\u00f3t"]}, {"abbreviation": "BG", "topics": ["evr\u00f3pski tungum\u00e1laramminn", "grunnur", "stig b1"]}, {"abbreviation": "TH", "topics": ["hlustun", "lesskilningur og ritun", "tal"]}, {"abbreviation": "OM", "topics": ["hlustun og ritun", "lesskilningur", "menning og saga sp\u00e6nskum\u00e6landi landa", "or\u00f0afor\u00f0i", "tal"]}, {"abbreviation": "GR", "topics": ["grunn\u00e1fangi"]}, {"abbreviation": "ME", "topics": ["menning sp\u00e6nskum\u00e6landi \u00fej\u00f3\u00f0a"]}, {"abbreviation": "FF", "topics": ["fort\u00ed\u00f0", "framt\u00ed\u00f0 og fer\u00f0al\u00f6g"]}, {"abbreviation": "RT", "topics": ["ritun og tal\u00e6fingar"]}, {"abbreviation": "LE", "topics": ["lestur og hlustun"]}, {"abbreviation": "B\u00d3", "topics": ["b\u00f3kmenntir og kvikmyndir"]}, {"abbreviation": "BY", "topics": ["byrjunar\u00e1fangi \u00ed sp\u00e6nsku"]}, {"abbreviation": "SP", "topics": ["sp\u00e6nska tv\u00f6"]}, {"abbreviation": "\u00deR", "topics": ["sp\u00e6nska \u00ferj\u00fa"]}, {"abbreviation": "BF", "topics": ["annar \u00e1fangi \u00ed sp\u00e6nsku", "stig a1"]}, {"abbreviation": "SA", "topics": ["stig a1"]}, {"abbreviation": "CF", "topics": ["f\u00e9l og opb", "loka\u00e1fangi \u00ed sp\u00e6nsku \u00e1 n\u00e1t"]}, {"abbreviation": "ST", "topics": ["stig a2"]}, {"abbreviation": "EF", "topics": ["stig b1"]}, {"abbreviation": "DF", "topics": ["evr\u00f3pski tungum\u00e1laramminn", "stig a2"]}, {"abbreviation": "PL", "topics": ["l\u00edfi\u00f0", "pers\u00f3nan", "stig a1 \u00ed evr\u00f3pska tungum\u00e1larammanum"]}, {"abbreviation": "DA", "topics": ["daglegar athafnir"]}, {"abbreviation": "FS", "topics": ["fer\u00f0al\u00f6g", "saga", "stig a2 - b1 \u00ed evr\u00f3pska tungum\u00e1larammanum"]}, {"abbreviation": "MM", "topics": ["mannl\u00edf", "menning", "n\u00e6r hugsanlega \u00e1 stig b2", "stig b1 \u00ed evr\u00f3pska tungum\u00e1larammanum"]}, {"abbreviation": "HR", "topics": ["hlustun og tal\u00e6fingar", "lestur", "ritun"]}, {"abbreviation": "KV", "topics": ["kvikmyndir"]}, {"abbreviation": "SK", "topics": ["sk\u00e1lds\u00f6gur og tj\u00e1ning"]}, {"abbreviation": "TS", "topics": ["sm\u00e1s\u00f6gur", "tal og ritun"]}, {"abbreviation": "RL", "topics": ["lestur", "ritun", "tal og hlustun"]}, {"abbreviation": "TM", "topics": ["a2", "tungum\u00e1l og menning"]}, {"abbreviation": "MT", "topics": ["menning og tungum\u00e1l"]}, {"abbreviation": "MS", "topics": ["menning og tungum\u00e1l", "stig a2 - b1 \u00ed evr\u00f3pska tungum\u00e1larammanum"]}, {"abbreviation": "BK", "topics": ["B\u00f3kmenntir og kvikmyndir"]}, {"abbreviation": "AA", "topics": ["Byrjunar\u00e1fangi"]}, {"abbreviation": "BB", "topics": ["Framhalds\u00e1fangi"]}, {"abbreviation": "DD", "topics": ["Sp\u00e6nska 4"]}, {"abbreviation": "EE", "topics": ["Sp\u00e6nska 5"]}, {"abbreviation": "ET", "topics": ["Sp\u00e6nska.T\u00f3nlist og dans \u00ed RA."]}, {"abbreviation": "FY", "topics": ["Sp\u00e6nska. Yndislestur"]}, {"abbreviation": "SB", "topics": ["Sp\u00e6nska framhalds\u00e1fangi"]}, {"abbreviation": "SC", "topics": ["Sp\u00e6nska framhald"]}, {"abbreviation": "CC", "topics": ["Sp\u00e6nska 3"]}, {"abbreviation": "SD", "topics": ["fj\u00f3r\u00f0i \u00e1fangi", "hlustun", "lesskilningur", "tal"]}, {"abbreviation": "BU", "topics": ["evr\u00f3pski tungum\u00e1laramminn", "grunnur", "stig b2"]}, {"abbreviation": "SR", "topics": ["Kvikmyndir Sp\u00e1nar og R\u00f3m\u00f6nsku Amer\u00edku"]}, {"abbreviation": "DK", "topics": ["Sp\u00e6nskar og su\u00f0ur-amer\u00edskar kvikmyndir"]}, {"abbreviation": "BL", "topics": ["B\u00f3kmenntir og listir"]}, {"abbreviation": "HT", "topics": ["hlustun", "lestur", "ritun (A1)", "tal"]}, {"abbreviation": "RS", "topics": ["hlustun", "lestur", "ritun", "tal (A1)"]}, {"abbreviation": "SF", "topics": ["Sp\u00e1narfer\u00f0"]}, {"abbreviation": "SO", "topics": ["Sp\u00e6nska", "or\u00f0afor\u00f0", "ritun", "tal"]}, {"abbreviation": "SS", "topics": ["Sp\u00e6nska", "m\u00e1lfr\u00e6\u00f0i", "m\u00e1lnotkun", "skilningur"]}, {"abbreviation": "TJ", "topics": ["Sp\u00e6nska", "m\u00e1lfr\u00e6\u00f0i", "m\u00e1lnotkun", "tj\u00e1ning"]}], "_id": "50c0a02dd8e40575f7f6f4c1", "subjects": ["sp\u00e6nska"], "counter": {"1": 36, "3": 0, "2": 10, "4": 0}}, "evaluation": "N\u00e1msmat er \u00fatf\u00e6rt \u00ed kennslu\u00e1\u00e6tlun \u00ed samr\u00e6mi vi\u00f0 sk\u00f3lan\u00e1mskr\u00e1.", "categorization_suggestion": "", "embedded_topics": {"abbreviation": "AU", "topics": ["evr\u00f3pski tungum\u00e1laramminn", "grunnur", "stig a2"]}, "status": "approved by school", "description": "Byggt er markvisst \u00e1 \u00feeirri kunn\u00e1ttu sem nemendur hafa n\u00fa \u00feegar tileinka\u00f0 s\u00e9r \u00ed ritun \u00ed samr\u00e6mi vi\u00f0 \u00ferep A2 \u00ed Evr\u00f3pska tungum\u00e1larammanum.\nUnni\u00f0 er a\u00f0 f\u00e6rni \u00ed lesskilningi, tali, hlustun og ritun. Or\u00f0afor\u00f0i eykst og n\u00fd m\u00e1lfr\u00e6\u00f0iatri\u00f0i eru \u00e6f\u00f0. \u00cd \u00e1fanganum er l\u00f6g\u00f0 \u00e1hersla \u00e1 f\u00e6rni um a\u00f0 skilja allt tala\u00f0 og rita\u00f0 m\u00e1l almenns e\u00f0lis og kynnast sp\u00e6nskri menningu. \n\u00c1hersla er l\u00f6g\u00f0 \u00e1 aukinn or\u00f0afor\u00f0a og lesskilning og ver\u00f0a textar sm\u00e1m saman lengri og \u00feyngri. Or\u00f0afor\u00f0i eykst og loki\u00f0 ver\u00f0ur vi\u00f0 umfj\u00f6llun um \u00f6ll helstu grundvallaratri\u00f0i m\u00e1lfr\u00e6\u00f0innar svo a\u00f0 nemendur geti tj\u00e1\u00f0 sig af lipur\u00f0 b\u00e6\u00f0i munnlega og skriflega. \nL\u00f6g\u00f0 er \u00e1hersla \u00e1 a\u00f0 nemendur geri s\u00e9r lj\u00f3sa eigin \u00e1byrg\u00f0 \u00ed m\u00e1lan\u00e1mi og \u00e1tti sig \u00e1 mikilv\u00e6gi eigin frumkv\u00e6\u00f0is og vinnu.\n", "knowledge_goals": ["greina og setja fram \u00feann or\u00f0afor\u00f0a sem nau\u00f0synlegur er til a\u00f0 m\u00e6ta markmi\u00f0um \u00e1fangans", "flokka og greina \u00f3l\u00edka textager\u00f0 og mismunandi tala\u00f0 og rita\u00f0 m\u00e1l", "setja fram og f\u00e1 skilning \u00e1 samskiptavenjur og menningu sp\u00e6nskum\u00e6landi landa og \u00fej\u00f3\u00f0a"], "skills_goals": ["greina tala\u00f0 m\u00e1l um kunnugleg efni og geta fylgt almennum fyrirm\u00e6lum og greint a\u00f0alatri\u00f0i  fr\u00e1 aukaatri\u00f0um", "lesa og greina margs konar ger\u00f0ir texta og vinna \u00far \u00feeim \u00e1 mismunandi h\u00e1tt eftir \u00fev\u00ed hver tilgangur me\u00f0 lestrinum er hverju sinni", "afla s\u00e9r hagn\u00fdtra uppl\u00fdsinga og taka \u00fe\u00e1tt \u00ed samr\u00e6\u00f0um og tj\u00e1 sig um efni sem hann \u00feekkir", "tj\u00e1 sig um atbur\u00f0i daglegs l\u00edfs me\u00f0 \u00fev\u00ed a\u00f0 beita n\u00fat\u00ed\u00f0 og li\u00f0inni t\u00ed\u00f0 og halda stutta kynningu \u00e1 undirb\u00fanu efni me\u00f0 \u00fev\u00ed a\u00f0 beita or\u00f0afor\u00f0a, setningager\u00f0 og frambur\u00f0i \u00e1 sem r\u00e9ttastan h\u00e1tt", "skrifa samfelldan texta um efni sem hann \u00feekkir, draga \u00e1lyktanir og tj\u00e1 eigin sko\u00f0anir"], "credits": 5, "last_modified": 1424179193.91927, "schools": ["512353008caa45ed97015b49"], "coauthors": [], "instructions": "", "continued_education": false, "level": 1, "prerequisites": "SP\u00c6N1AF05 e\u00f0a samb\u00e6rilegur \u00e1fangi.", "author": "6c2fcef4-a2a5-4b10-88f3-ca62dba9fffd", "abbreviation_version": null, "competence_goals": [["hlusta \u00e1 og greina tala\u00f0 m\u00e1l um efni sem hann hefur afla\u00f0 s\u00e9r \u00feekkingar \u00e1 sem og eigin sko\u00f0anir og pers\u00f3nulega reynslu", ""], ["r\u00f6ksty\u00f0ja og bera saman notkun \u00e1 einf\u00f6ldum setningum yfir athafnir daglegs l\u00edfs.", ""], ["leggja grunn a\u00f0 samr\u00e6\u00f0um \u00feannig a\u00f0 hann r\u00f6ksty\u00f0ji, spyrji og svari algengum spurningum og spurningum um kunnug m\u00e1lefni.", ""], ["draga \u00e1lyktanir og nota or\u00f0asamb\u00f6nd og setningar til \u00feess a\u00f0 segja fr\u00e1.", ""], ["skipuleggja fr\u00e1s\u00f6gn og r\u00f6ksty\u00f0ja or\u00f0aval \u00ed mismunandi tegundum texta og geta dregi\u00f0 \u00e1lyktanir ef efni\u00f0 er kunnuglegt.", ""]], "_id": "54e33ff962933a7a34000b2e"}, {"exemplary": null, "topics": "evr\u00f3pski tungum\u00e1laramminn, grunnur, stig a1", "abbreviation": "SP\u00c6N1AG05", "former_schools": null, "subject": "sp\u00e6nska", "title": "Sp\u00e6nska fyrir grunnnotanda - a1 i", "version": 37, "status_trans": "Sam\u00feykkt af sk\u00f3la", "embedded_subject": {"abbreviation": "SP\u00c6N", "topics": [{"abbreviation": "AG", "topics": ["evr\u00f3pski tungum\u00e1laramminn", "grunnur", "stig a1"]}, {"abbreviation": "AF", "topics": ["evr\u00f3pski tungum\u00e1laramminn", "framhald", "stig a1"]}, {"abbreviation": "AU", "topics": ["evr\u00f3pski tungum\u00e1laramminn", "grunnur", "stig a2"]}, {"abbreviation": "AV", "topics": ["evr\u00f3pski tungum\u00e1laramminn", "stig a2", "vi\u00f0b\u00f3t"]}, {"abbreviation": "BG", "topics": ["evr\u00f3pski tungum\u00e1laramminn", "grunnur", "stig b1"]}, {"abbreviation": "TH", "topics": ["hlustun", "lesskilningur og ritun", "tal"]}, {"abbreviation": "OM", "topics": ["hlustun og ritun", "lesskilningur", "menning og saga sp\u00e6nskum\u00e6landi landa", "or\u00f0afor\u00f0i", "tal"]}, {"abbreviation": "GR", "topics": ["grunn\u00e1fangi"]}, {"abbreviation": "ME", "topics": ["menning sp\u00e6nskum\u00e6landi \u00fej\u00f3\u00f0a"]}, {"abbreviation": "FF", "topics": ["fort\u00ed\u00f0", "framt\u00ed\u00f0 og fer\u00f0al\u00f6g"]}, {"abbreviation": "RT", "topics": ["ritun og tal\u00e6fingar"]}, {"abbreviation": "LE", "topics": ["lestur og hlustun"]}, {"abbreviation": "B\u00d3", "topics": ["b\u00f3kmenntir og kvikmyndir"]}, {"abbreviation": "BY", "topics": ["byrjunar\u00e1fangi \u00ed sp\u00e6nsku"]}, {"abbreviation": "SP", "topics": ["sp\u00e6nska tv\u00f6"]}, {"abbreviation": "\u00deR", "topics": ["sp\u00e6nska \u00ferj\u00fa"]}, {"abbreviation": "BF", "topics": ["annar \u00e1fangi \u00ed sp\u00e6nsku", "stig a1"]}, {"abbreviation": "SA", "topics": ["stig a1"]}, {"abbreviation": "CF", "topics": ["f\u00e9l og opb", "loka\u00e1fangi \u00ed sp\u00e6nsku \u00e1 n\u00e1t"]}, {"abbreviation": "ST", "topics": ["stig a2"]}, {"abbreviation": "EF", "topics": ["stig b1"]}, {"abbreviation": "DF", "topics": ["evr\u00f3pski tungum\u00e1laramminn", "stig a2"]}, {"abbreviation": "PL", "topics": ["l\u00edfi\u00f0", "pers\u00f3nan", "stig a1 \u00ed evr\u00f3pska tungum\u00e1larammanum"]}, {"abbreviation": "DA", "topics": ["daglegar athafnir"]}, {"abbreviation": "FS", "topics": ["fer\u00f0al\u00f6g", "saga", "stig a2 - b1 \u00ed evr\u00f3pska tungum\u00e1larammanum"]}, {"abbreviation": "MM", "topics": ["mannl\u00edf", "menning", "n\u00e6r hugsanlega \u00e1 stig b2", "stig b1 \u00ed evr\u00f3pska tungum\u00e1larammanum"]}, {"abbreviation": "HR", "topics": ["hlustun og tal\u00e6fingar", "lestur", "ritun"]}, {"abbreviation": "KV", "topics": ["kvikmyndir"]}, {"abbreviation": "SK", "topics": ["sk\u00e1lds\u00f6gur og tj\u00e1ning"]}, {"abbreviation": "TS", "topics": ["sm\u00e1s\u00f6gur", "tal og ritun"]}, {"abbreviation": "RL", "topics": ["lestur", "ritun", "tal og hlustun"]}, {"abbreviation": "TM", "topics": ["a2", "tungum\u00e1l og menning"]}, {"abbreviation": "MT", "topics": ["menning og tungum\u00e1l"]}, {"abbreviation": "MS", "topics": ["menning og tungum\u00e1l", "stig a2 - b1 \u00ed evr\u00f3pska tungum\u00e1larammanum"]}, {"abbreviation": "BK", "topics": ["B\u00f3kmenntir og kvikmyndir"]}, {"abbreviation": "AA", "topics": ["Byrjunar\u00e1fangi"]}, {"abbreviation": "BB", "topics": ["Framhalds\u00e1fangi"]}, {"abbreviation": "DD", "topics": ["Sp\u00e6nska 4"]}, {"abbreviation": "EE", "topics": ["Sp\u00e6nska 5"]}, {"abbreviation": "ET", "topics": ["Sp\u00e6nska.T\u00f3nlist og dans \u00ed RA."]}, {"abbreviation": "FY", "topics": ["Sp\u00e6nska. Yndislestur"]}, {"abbreviation": "SB", "topics": ["Sp\u00e6nska framhalds\u00e1fangi"]}, {"abbreviation": "SC", "topics": ["Sp\u00e6nska framhald"]}, {"abbreviation": "CC", "topics": ["Sp\u00e6nska 3"]}, {"abbreviation": "SD", "topics": ["fj\u00f3r\u00f0i \u00e1fangi", "hlustun", "lesskilningur", "tal"]}, {"abbreviation": "BU", "topics": ["evr\u00f3pski tungum\u00e1laramminn", "grunnur", "stig b2"]}, {"abbreviation": "SR", "topics": ["Kvikmyndir Sp\u00e1nar og R\u00f3m\u00f6nsku Amer\u00edku"]}, {"abbreviation": "DK", "topics": ["Sp\u00e6nskar og su\u00f0ur-amer\u00edskar kvikmyndir"]}, {"abbreviation": "BL", "topics": ["B\u00f3kmenntir og listir"]}, {"abbreviation": "HT", "topics": ["hlustun", "lestur", "ritun (A1)", "tal"]}, {"abbreviation": "RS", "topics": ["hlustun", "lestur", "ritun", "tal (A1)"]}, {"abbreviation": "SF", "topics": ["Sp\u00e1narfer\u00f0"]}, {"abbreviation": "SO", "topics": ["Sp\u00e6nska", "or\u00f0afor\u00f0", "ritun", "tal"]}, {"abbreviation": "SS", "topics": ["Sp\u00e6nska", "m\u00e1lfr\u00e6\u00f0i", "m\u00e1lnotkun", "skilningur"]}, {"abbreviation": "TJ", "topics": ["Sp\u00e6nska", "m\u00e1lfr\u00e6\u00f0i", "m\u00e1lnotkun", "tj\u00e1ning"]}], "_id": "50c0a02dd8e40575f7f6f4c1", "subjects": ["sp\u00e6nska"], "counter": {"1": 36, "3": 0, "2": 10, "4": 0}}, "evaluation": "N\u00e1msmat er \u00fatf\u00e6rt \u00ed kennslu\u00e1\u00e6tlun \u00ed samr\u00e6mi vi\u00f0 sk\u00f3lan\u00e1mskr\u00e1.", "categorization_suggestion": "", "embedded_topics": {"abbreviation": "AG", "topics": ["evr\u00f3pski tungum\u00e1laramminn", "grunnur", "stig a1"]}, "status": "approved by school", "description": "\u00dear sem \u00feetta er byrjunar\u00e1fangi, er megin\u00e1hersla l\u00f6g\u00f0 \u00e1 a\u00f0 nemendur tileinki s\u00e9r undirst\u00f6\u00f0uatri\u00f0i tungum\u00e1lsins.\n\nStrax fr\u00e1 upphafi eru nemendur \u00fej\u00e1lfa\u00f0ir \u00ed lesskilningi \u00e1samt samskipta\u00fe\u00e1ttunum tali, frams\u00f6gn, hlustun og ritun \u00ed samr\u00e6mi vi\u00f0 Evr\u00f3pska tungum\u00e1larammann. \u00c1hersla er l\u00f6g\u00f0 \u00e1 r\u00e9ttan frambur\u00f0, uppbyggingu or\u00f0afor\u00f0a og a\u00f0 \u00fej\u00e1lfa grunnatri\u00f0i m\u00e1lfr\u00e6\u00f0innar. Fl\u00e9tta\u00f0 er inn \u00ed kennsluna menningu sp\u00e6nskum\u00e6landi landa.\n \nL\u00f6g\u00f0 er \u00e1hersla \u00e1 a\u00f0 nemendur geri s\u00e9r lj\u00f3sa eigin \u00e1byrg\u00f0 \u00ed m\u00e1lan\u00e1mi og \u00e1tti sig \u00e1 mikilv\u00e6gi eigin frumkv\u00e6\u00f0is og vinnu.\n", "knowledge_goals": ["greina og setja fram \u00feann or\u00f0afor\u00f0a sem nau\u00f0synlegur er til a\u00f0 m\u00e6ta markmi\u00f0um \u00e1fangans ", "flokka og greina grundvallar\u00fe\u00e6tti \u00fe\u00fdska m\u00e1lkerfisins ", "setja fram og f\u00e1 skilning \u00e1 menningu, samskiptavenjum og si\u00f0um sp\u00e6nskum\u00e6landi landa og \u00fej\u00f3\u00f0anna \u00fear sem tungum\u00e1li\u00f0 er tala\u00f0 sem m\u00f3\u00f0urm\u00e1l/fyrsta m\u00e1l"], "skills_goals": ["greina tala\u00f0 m\u00e1l um kunnugleg efni \u00feegar tala\u00f0 er h\u00e6gt og sk\u00fdrt og geta fylgt einf\u00f6ldum fyrirm\u00e6lum og skili\u00f0 helstu kve\u00f0jur og kurteisis\u00e1v\u00f6rp ", "lesa og greina or\u00f0 og mj\u00f6g einfaldar setningar  \u00far daglegu l\u00edfi", "taka \u00fe\u00e1tt \u00ed einf\u00f6ldum samr\u00e6\u00f0um og tj\u00e1 sig um efni sem hann \u00feekkir", "tj\u00e1 sig um sj\u00e1lfan sig, fj\u00f6lskyldu s\u00edna og atbur\u00f0i daglegs l\u00edfs me\u00f0 \u00fev\u00ed a\u00f0 beita grunnor\u00f0afor\u00f0a tungum\u00e1lsins", "skrifa stuttan, einfaldan texta um sj\u00e1lfan sig og sitt n\u00e1nasta umhverfi"], "credits": 5, "last_modified": 1424178895.391852, "schools": ["512353008caa45ed97015b49"], "coauthors": [], "instructions": "", "continued_education": false, "level": 1, "prerequisites": "engar", "author": "6c2fcef4-a2a5-4b10-88f3-ca62dba9fffd", "abbreviation_version": null, "competence_goals": [["hlusta \u00e1 og greina einfalt tala\u00f0 m\u00e1l um sj\u00e1lfa/n sig og n\u00e1nasta umhverfi og draga vi\u00f0eigandi \u00e1lyktanir", ""], ["r\u00f6ksty\u00f0ja og bera saman notkun \u00e1 einf\u00f6ldum setningum yfir athafnir daglegs l\u00edfs", ""], ["leggja grunn a\u00f0 einf\u00f6ldum samr\u00e6\u00f0um \u00feannig a\u00f0 hann r\u00f6ksty\u00f0ji, spyrji og svari einf\u00f6ldum, algengum spurningum og spurningum um kunnug m\u00e1lefni", ""], ["draga \u00e1lyktanir og nota einf\u00f6ld or\u00f0asamb\u00f6nd og setningar til \u00feess a\u00f0 segja fr\u00e1 b\u00fasetu sinni og f\u00f3lki sem hann \u00feekkir", ""], ["skipuleggja fr\u00e1s\u00f6gn og r\u00f6ksty\u00f0ja or\u00f0aval \u00ed skapandi skrifum", ""]], "_id": "54e33ecf62933a7a34000b23"}, {"exemplary": null, "topics": "\u00datskrift og samf\u00e9lagsleg \u00e1byrg\u00f0", "abbreviation": "L\u00cdFS3\u00daS01", "former_schools": null, "subject": "l\u00edfsleikni", "title": "St\u00fadentspr\u00f3f \u2013 og hva\u00f0 svo?", "version": 1, "status_trans": "Sam\u00feykkt af sk\u00f3la", "embedded_subject": {"abbreviation": "L\u00cdFS", "topics": [{"abbreviation": "SS", "topics": ["sj\u00e1lfst\u00e6tt l\u00edf", "sk\u00f3laumhverfi"]}, {"abbreviation": "TM", "topics": ["mannleg samskipti", "tilfinningar"]}, {"abbreviation": "TU", "topics": ["tj\u00e1ning", "uppl\u00fdsingat\u00e6kni"]}, {"abbreviation": "MT", "topics": ["me\u00f0vitund", "tj\u00e1ning"]}, {"abbreviation": "SM", "topics": ["markmi\u00f0asetning", "sj\u00e1lfstraust"]}, {"abbreviation": "HP", "topics": ["gildi peninga", "heimilisb\u00f3khald"]}, {"abbreviation": "ES", "topics": ["einstaklingur", "framt\u00ed\u00f0", "f\u00e9lags\u00feroski", "samf\u00e9lag", "samskipti", "sj\u00e1lfstraust", "vir\u00f0ing", "\u00e1byrg\u00f0"]}, {"abbreviation": "N\u00dd", "topics": ["n\u00fdnemafr\u00e6\u00f0sla"]}, {"abbreviation": "GR", "topics": ["grunn\u00fe\u00e6ttir"]}, {"abbreviation": "SL", "topics": ["sk\u00f3laleikni"]}, {"abbreviation": "NS", "topics": ["n\u00e1ms-og starfsfr\u00e6\u00f0sla"]}, {"abbreviation": "\u00c1S", "topics": ["n\u00e1mst\u00e6kni", "samskipti", "sj\u00e1fsmynd", "\u00e1byrg\u00f0"]}, {"abbreviation": "BE", "topics": ["borgaravitund", "l\u00edfsst\u00edll", "n\u00e1ms- og starfsfr\u00e6\u00f0sla", "sj\u00e1lfsmynd", "tj\u00e1ning"]}, {"abbreviation": "BS", "topics": ["borgaravitund", "samf\u00e9lag", "samskipti", "umhverfism\u00e1l", "vinnumarka\u00f0ur"]}, {"abbreviation": "HE", "topics": ["heimilishald"]}, {"abbreviation": "N\u00c1", "topics": ["n\u00e1mst\u00e6kni"]}, {"abbreviation": "HN", "topics": ["Heilbrig\u00f0i", "forvarnir", "n\u00e1m", "sk\u00f3li"]}, {"abbreviation": "\u00c9S", "topics": ["samf\u00e9lagi\u00f0", "sk\u00f3linn", "\u00e9g"]}, {"abbreviation": "\u00c9G", "topics": ["samf\u00e9lagi\u00f0", "sk\u00f3linn", "\u00c9g"]}, {"abbreviation": "DL", "topics": ["daglegt l\u00edf einstaklingsins"]}, {"abbreviation": "SK", "topics": ["Sk\u00f6pun"]}, {"abbreviation": "L\u00c6", "topics": ["L\u00e6si \u00ed v\u00ed\u00f0u samhengi"]}, {"abbreviation": "SB", "topics": ["Sj\u00e1lfb\u00e6rni \u00ed v\u00ed\u00f0u samhengi"]}, {"abbreviation": "LM", "topics": ["L\u00fd\u00f0r\u00e6\u00f0i og mannr\u00e9ttindi"]}, {"abbreviation": "JR", "topics": ["Jafnr\u00e9tti"]}, {"abbreviation": "KF", "topics": ["Kynfr\u00e6\u00f0sla"]}, {"abbreviation": "TS", "topics": ["Tj\u00e1ning og samskipti"]}, {"abbreviation": "FJ", "topics": ["Fj\u00f6lmi\u00f0lar"]}, {"abbreviation": "FH", "topics": ["Framkoma og hreinl\u00e6ti"]}, {"abbreviation": "LK", "topics": ["L\u00edkaminn og tilfinningar"]}, {"abbreviation": "T\u00d3", "topics": ["T\u00f3mstundir"]}, {"abbreviation": "UM", "topics": ["Umferli"]}, {"abbreviation": "ST", "topics": ["Taktu stj\u00f3rnina"]}, {"abbreviation": "\u00da\u00da", "topics": ["\u00datskrift", "\u00fatskriftarfer\u00f0 og fj\u00e1r\u00f6flun"]}, {"abbreviation": "LL", "topics": ["forvarnir", "heilbrig\u00f0i", "l\u00edfsleikni", "n\u00e1mst\u00e6kni"]}, {"abbreviation": "NF", "topics": ["N\u00fdnemafr\u00e6\u00f0sla", "forvarnir", "l\u00edfsleikni", "n\u00e1mst\u00e6kni"]}, {"abbreviation": "NV", "topics": ["l\u00fd\u00f0r\u00e6\u00f0i", "mannr\u00e9ttindi", "n\u00e1msval", "sam\u00e9lag"]}, {"abbreviation": "SU", "topics": ["Sj\u00e1lfsmynd"]}, {"abbreviation": "HS", "topics": ["Heilbrig\u00f0ur l\u00edfsst\u00edll", "heilsul\u00e6si me\u00f0 s\u00e9rtaka \u00e1herslu \u00e1 n\u00e6ringu"]}, {"abbreviation": "KY", "topics": ["Kynjafr\u00e6\u00f0i"]}, {"abbreviation": "VE", "topics": ["Valdefling"]}, {"abbreviation": "FA", "topics": ["Forn\u00e1m"]}, {"abbreviation": "JS", "topics": ["J\u00e1kv\u00e6\u00f0 sj\u00e1lfsmynd", "samvinna og samskipti"]}, {"abbreviation": "LS", "topics": ["L\u00edfsst\u00edll", "heilbrig\u00f0i og sj\u00e1lfsmynd"]}, {"abbreviation": "AN", "topics": ["Almenn n\u00e1msbraut"]}, {"abbreviation": "AB", "topics": ["Almenn braut framhald"]}, {"abbreviation": "FF", "topics": ["F\u00e9lagsf\u00e6rni"]}, {"abbreviation": "FU", "topics": ["Fundarsk\u00f6p"]}, {"abbreviation": "SF", "topics": ["Sk\u00f3laf\u00e6rni"]}, {"abbreviation": "XA", "topics": ["fj\u00f6lskylda", "f\u00e9lagsl\u00edf", "gildismat og l\u00edfsst\u00edll", "\u00e9g"]}, {"abbreviation": "XB", "topics": ["Heilbrig\u00f0i", "samskipti", "si\u00f0fer\u00f0i og framkoma"]}, {"abbreviation": "\u00daS", "topics": ["\u00datskrift og samf\u00e9lagsleg \u00e1byrg\u00f0"]}, {"abbreviation": "US", "topics": ["samf\u00e9lag", "samskipti", "sk\u00f3labragur", "umgengni"]}, {"abbreviation": "UF", "topics": ["samf\u00e9lag", "sk\u00f3labragur", "umgengni og samskipti"]}, {"abbreviation": "FL", "topics": ["fj\u00f6lmi\u00f0lar og l\u00ed\u00f0andi stund"]}, {"abbreviation": "SV", "topics": ["sj\u00e1lfr\u00e6\u00f0i og virkni \u00ed samf\u00e9laginu"]}], "_id": "50c0a02dd8e40575f7f6f4c6", "subjects": ["l\u00edfsleikni"], "counter": {"1": 60, "3": 0, "2": 1, "4": 0}}, "evaluation": "N\u00e1msmat er \u00fatf\u00e6rt \u00ed kennslu\u00e1\u00e6tlun \u00ed samr\u00e6mi vi\u00f0 sk\u00f3lan\u00e1mskr\u00e1.", "categorization_suggestion": "", "embedded_topics": {"abbreviation": "\u00daS", "topics": ["\u00datskrift og samf\u00e9lagsleg \u00e1byrg\u00f0"]}, "status": "approved by school", "description": "\u00cd \u00e1fanganum er unni\u00f0 a\u00f0 \u00fev\u00ed a\u00f0 nemendur s\u00e9u vel \u00ed stakk b\u00fanir til a\u00f0 marka s\u00e9r framt\u00ed\u00f0 og bera \u00e1byrg\u00f0 \u00e1 \u00feeirri lei\u00f0 sem \u00feeir kj\u00f3sa eftir a\u00f0 st\u00fadentspr\u00f3fi l\u00fdkur. Kenndar eru lei\u00f0ir til a\u00f0 efla sj\u00e1lfs\u00feekkingu og a\u00f0 taka \u00e1kvar\u00f0anir \u00e1 yfirvega\u00f0an h\u00e1tt. \u00c1hersla er l\u00f6g\u00f0 \u00e1 a\u00f0 nemendur s\u00e9u me\u00f0vita\u00f0ir um \u00fe\u00e1 \u00f3\u00ferj\u00f3tandi m\u00f6guleika sem \u00ed bo\u00f0i eru \u00ed framhaldsn\u00e1mi h\u00e9rlendis og erlendis og \u00feekki lei\u00f0ir til a\u00f0 afla uppl\u00fdsinga \u00e1 \u00feessu svi\u00f0i.  \nEinnig ver\u00f0ur fjalla\u00f0 um samf\u00e9lagslega \u00e1byrg\u00f0 og hva\u00f0 felst \u00ed \u00fev\u00ed. Nemendur kynna s\u00e9r sj\u00e1lfbo\u00f0ali\u00f0ast\u00f6rf sem unnin eru \u00e1 \u00cdslandi og erlendis og f\u00e1 t\u00e6kif\u00e6ri til a\u00f0 vinna \u00ed \u00fe\u00e1gu g\u00f3\u00f0ger\u00f0astarfs og l\u00e1ta gott af s\u00e9r lei\u00f0a.", "knowledge_goals": ["kenningu John Hollands um \u00e1hugasvi\u00f0", "lei\u00f0um til a\u00f0 efla styrkleika og vinna me\u00f0 veikar hli\u00f0ar", "ger\u00f0 n\u00e1ms- og starfsferilsskr\u00e1a", "frambo\u00f0i \u00e1 framhaldsn\u00e1mi h\u00e9rlendis og erlendis og lei\u00f0um til a\u00f0 afla uppl\u00fdsinga um n\u00e1m og st\u00f6rf", "\u00fev\u00ed hva\u00f0 felst \u00ed sj\u00e1lfbo\u00f0ast\u00f6rfum og mikilv\u00e6gi \u00feeirra fyrir samf\u00e9lagi\u00f0", "mikilv\u00e6gi \u00feess a\u00f0 vera virkur og taka aftst\u00f6\u00f0u", "mikilv\u00e6gi \u00feess a\u00f0 hafa \u00e1hrif og geta beitt s\u00e9r \u00ed samf\u00e9laginu"], "skills_goals": ["finna uppl\u00fdsingar um n\u00e1m og st\u00f6rf og \u00e1tta sig \u00e1 kr\u00f6fum sem ger\u00f0ar eru til einstaklinga \u00ed mismunandi n\u00e1mi og st\u00f6rfum", "sko\u00f0a \u00f3l\u00edk st\u00f6rf og starfsumhverfi\u00f0 sem \u00feeim tengist", "starfa me\u00f0 a\u00f0ilum utan sk\u00f3lans a\u00f0 g\u00f3\u00f0ger\u00f0arm\u00e1lum", "koma sko\u00f0unum s\u00ednum \u00e1 framf\u00e6ri, taka afst\u00f6\u00f0u og beita s\u00e9r fyrir \u00e1kve\u00f0i\u00f0 m\u00e1lefni"], "credits": 1, "last_modified": 1486137201.786091, "schools": ["512353008caa45ed97015b49"], "coauthors": [], "instructions": "", "continued_education": false, "level": 3, "prerequisites": "L\u00cdFS3LD01", "author": "6c2fcef4-a2a5-4b10-88f3-ca62dba9fffd", "abbreviation_version": null, "competence_goals": [["til a\u00f0 \u00fer\u00f3a n\u00e1ms- og starfsferil sinn \u00e1 uppbyggilegan h\u00e1tt", ""], ["st\u00fdra fj\u00e1rm\u00e1lum s\u00ednum me\u00f0 \u00e1byrgum h\u00e6tti", ""], ["n\u00fdta styrkleika s\u00edna sem best", ""], ["greina m\u00e1lefni sem b\u00e6ta \u00fearf \u00ed samf\u00e9laginu", ""], ["vera \u00e1byrgur \u00ed afst\u00f6\u00f0u sinni til samf\u00e9lagslegra m\u00e1lefna", ""], ["taka afst\u00f6\u00f0u og beita s\u00e9r \u00ed \u00fe\u00e1gu g\u00f3\u00f0ger\u00f0arm\u00e1la \u00e1 uppbyggjandi h\u00e1tt", ""]], "_id": "5894a77162933a4e92010eee"}, {"exemplary": null, "topics": "l\u00edkindareikningur, t\u00f6lfr\u00e6\u00f0i", "abbreviation": "ST\u00c6R2TL05", "former_schools": null, "subject": "st\u00e6r\u00f0fr\u00e6\u00f0i", "title": "T\u00f6lfr\u00e6\u00f0i og l\u00edkindareikningur I", "version": 73, "status_trans": "Sam\u00feykkt af sk\u00f3la", "embedded_subject": {"abbreviation": "ST\u00c6R", "topics": [{"abbreviation": "FN", "topics": ["fylkjareikningur", "l\u00ednuleg bestun", "netafr\u00e6\u00f0i"]}, {"abbreviation": "HR", "topics": ["heildun", "ra\u00f0ir", "runur", "r\u00famm\u00e1l sn\u00fa\u00f0s"]}, {"abbreviation": "DF", "topics": ["deildun", "f\u00f6ll", "markgildi"]}, {"abbreviation": "TD", "topics": ["deildaj\u00f6fnur", "tvinnt\u00f6lur"]}, {"abbreviation": "HV", "topics": ["hornaf\u00f6ll", "vigrar"]}, {"abbreviation": "T\u00c1", "topics": ["t\u00f6lfr\u00e6\u00f0i", "\u00e1lyktunart\u00f6lfr\u00e6\u00f0i"]}, {"abbreviation": "LT", "topics": ["l\u00edkindareikningur", "talningafr\u00e6\u00f0i", "t\u00f6lfr\u00e6\u00f0i"]}, {"abbreviation": "AT", "topics": ["algebra", "j\u00f6fnur", "talnafr\u00e6\u00f0i"]}, {"abbreviation": "AF", "topics": ["algebra", "f\u00f6ll", "gr\u00f6f"]}, {"abbreviation": "HM", "topics": ["h\u00e1t\u00ed\u00f0isdagar", "merkisdagar"]}, {"abbreviation": "GS", "topics": ["grunna\u00f0ger\u00f0ir"]}, {"abbreviation": "VG", "topics": ["grunna\u00f0ger\u00f0ir", "ver\u00f0\u00fatreikningar"]}, {"abbreviation": "MU", "topics": ["m\u00e6lieiningar", "uppskriftir"]}, {"abbreviation": "HP", "topics": ["heimilisinnkaup"]}, {"abbreviation": "RD", "topics": ["d\u00e6mareikningur", "r\u00f6khugsun"]}, {"abbreviation": "VK", "topics": ["keilusni\u00f0", "vigrar"]}, {"abbreviation": "AL", "topics": ["algebra"]}, {"abbreviation": "HA", "topics": ["hagn\u00fdt st\u00e6r\u00f0fr\u00e6\u00f0i daglegs l\u00edfs"]}, {"abbreviation": "AX", "topics": ["f\u00f6ll og deildun"]}, {"abbreviation": "AN", "topics": ["hornafr\u00e6\u00f0i", "keilusni\u00f0", "vigrar"]}, {"abbreviation": "CT", "topics": ["t\u00f6lfr\u00e6\u00f0i og l\u00edkindafr\u00e6\u00f0i"]}, {"abbreviation": "BR", "topics": ["klass\u00edsk r\u00famfr\u00e6\u00f0i"]}, {"abbreviation": "BH", "topics": ["algebra", "b", "h", "margli\u00f0ur og fleygbogar"]}, {"abbreviation": "GN", "topics": ["grunn\u00e1fangi \u00e1 n\u00e1tt\u00faruv\u00edsindabraut"]}, {"abbreviation": "LH", "topics": ["hornaf\u00f6ll og vigrar o.fl.", "lotubundin f\u00f6ll"]}, {"abbreviation": "FH", "topics": ["grunn\u00e1fangi \u00e1 f\u00e9lags- og hugv\u00edsindabraut"]}, {"abbreviation": "T\u00d6", "topics": ["undirst\u00f6\u00f0uatri\u00f0i t\u00f6lfr\u00e6\u00f0i"]}, {"abbreviation": "VH", "topics": ["hornf\u00f6ll", "vigrar o.fl."]}, {"abbreviation": "FD", "topics": ["algengustu f\u00f6ll", "deildun \u00feeirra og helstu eiginleikar"]}, {"abbreviation": "\u00deR", "topics": ["\u00fer\u00edv\u00ed\u00f0 r\u00famfr\u00e6\u00f0i"]}, {"abbreviation": "SS", "topics": ["strj\u00e1l st\u00e6r\u00f0fr\u00e6\u00f0i"]}, {"abbreviation": "TF", "topics": ["\u00e1lyktunart\u00f6lfr\u00e6\u00f0i"]}, {"abbreviation": "UA", "topics": ["a", "upprifjun"]}, {"abbreviation": "UB", "topics": ["b", "undirb\u00faningur"]}, {"abbreviation": "HS", "topics": ["hagn\u00fdt", "st\u00e6r\u00f0fr\u00e6\u00f0i"]}, {"abbreviation": "TS", "topics": ["st\u00e6r\u00f0fr\u00e6\u00f0i", "t\u00f6luleg"]}, {"abbreviation": "AJ", "topics": ["algebra", "j\u00f6fnur"]}, {"abbreviation": "FJ", "topics": ["f\u00f6ll", "j\u00f6fnur"]}, {"abbreviation": "TL", "topics": ["l\u00edkindareikningur", "t\u00f6lfr\u00e6\u00f0i"]}, {"abbreviation": "DH", "topics": ["deildarj\u00f6fnur", "heildi"]}, {"abbreviation": "FA", "topics": ["aflei\u00f0ur", "ferlaranns\u00f3knir"]}, {"abbreviation": "RT", "topics": ["ranns\u00f3knir", "t\u00f6lfr\u00e6\u00f0i"]}, {"abbreviation": "Y\u00c1", "topics": ["yfirlit", "\u00e1fangi"]}, {"abbreviation": "SG", "topics": ["greining", "st\u00e6r\u00f0fr\u00e6\u00f0i"]}, {"abbreviation": "GR", "topics": ["grunn\u00e1fangi \u00ed st\u00e6r\u00f0fr\u00e6\u00f0i"]}, {"abbreviation": "MF", "topics": ["f\u00f6ll", "margli\u00f0ur"]}, {"abbreviation": "HO", "topics": ["hornafr\u00e6\u00f0i", "vigrar"]}, {"abbreviation": "DM", "topics": ["deildun", "markgildi"]}, {"abbreviation": "RH", "topics": ["heildun", "ra\u00f0ir", "runur"]}, {"abbreviation": "FT", "topics": ["brei\u00f0bogaf\u00f6ll", "fylkjareikningur", "tvinnt\u00f6lur"]}, {"abbreviation": "D\u00c6", "topics": ["d\u00e6gurd\u00e6mi"]}, {"abbreviation": "R\u00da", "topics": ["r\u00famfr\u00e6\u00f0i", "\u00fer\u00edv\u00eddd"]}, {"abbreviation": "D\u00d3", "topics": ["deildi", "\u00f3bein deildun. heildi og heildunara\u00f0fer\u00f0ir. fyrsta stigs deildaj\u00f6fnur."]}, {"abbreviation": "HT", "topics": ["2. stigs diffurj\u00f6fnur . runur og ra\u00f0ir", "hagn\u00fdting heildareiknings", "samleitnipr\u00f3f.", "tvinnt\u00f6lur"]}, {"abbreviation": "AG", "topics": ["r\u00famfr\u00e6\u00f0i", "t\u00f6lur og algebra"]}, {"abbreviation": "UN", "topics": ["undirb\u00fanings\u00e1fangi \u00ed st\u00e6r\u00f0fr\u00e6\u00f0i"]}, {"abbreviation": "FS", "topics": ["f\u00f6ll og r\u00f6kfr\u00e6\u00f0i", "st\u00e6r\u00f0fr\u00e6\u00f0i \u2013 talnafr\u00e6\u00f0i"]}, {"abbreviation": "L\u00c6", "topics": ["l\u00edkindafr\u00e6\u00f0i og fj\u00e1rm\u00e1lal\u00e6si", "t\u00f6lfr\u00e6\u00f0i"]}, {"abbreviation": "LE", "topics": ["t\u00f6lvugraf\u00edk og t\u00f6lvuleikir"]}, {"abbreviation": "BN", "topics": ["algebra", "b", "margli\u00f0ur og fleygbogar", "n"]}, {"abbreviation": "BX", "topics": ["algebra", "b", "fleygbogar", "lograr", "x"]}, {"abbreviation": "AH", "topics": ["algebra", "f\u00f6ll", "hornafr\u00e6\u00f0i", "margli\u00f0ur", "mengi"]}, {"abbreviation": "AR", "topics": ["algebra", "r\u00famfr\u00e6\u00f0i"]}, {"abbreviation": "JM", "topics": ["t\u00f6lur mengi  j\u00f6fnur r\u00f6kfr\u00e6\u00f0i talningarfr\u00e6\u00f0i"]}, {"abbreviation": "VI", "topics": ["vigrar hornaf\u00f6ll f\u00f6ll"]}, {"abbreviation": "DR", "topics": ["deildarj\u00f6fnu", "heildun", "runur og ra\u00f0ir"]}, {"abbreviation": "DE", "topics": ["deildun"]}, {"abbreviation": "HD", "topics": ["deildaj\u00f6fnun", "heildun", "ra\u00f0ir", "runur"]}, {"abbreviation": "HE", "topics": ["1.stigs deildarj\u00f6fnur.", "heildun", "runur og ra\u00f0ir"]}, {"abbreviation": "RF", "topics": ["r\u00famfr\u00e6\u00f0i"]}, {"abbreviation": "FO", "topics": ["forn\u00e1ms\u00e1fangi"]}, {"abbreviation": "AP", "topics": ["algengar reiknia\u00f0ger\u00f0ir", "peningar og m\u00e6lieiningar", "t\u00edmat\u00e1kn"]}, {"abbreviation": "SF", "topics": ["Forn\u00e1m \u00ed st\u00e6r\u00f0fr\u00e6\u00f0i"]}, {"abbreviation": "BB", "topics": ["Forn\u00e1m 2"]}, {"abbreviation": "RA", "topics": ["Algebra", "f\u00f6ll", "r\u00famfr\u00e6\u00f0i", "t\u00f6lfr\u00e6\u00f0i"]}, {"abbreviation": "L\u00c1", "topics": ["l\u00fdsandi t\u00f6lfr\u00e6\u00f0i", "t\u00f6flureiknir", "\u00e1lyktunart\u00f6lfr\u00e6\u00f0i"]}, {"abbreviation": "TJ", "topics": ["Almennur talnareikningur", "form\u00falur", "j\u00f6fnur", "pr\u00f3sentur"]}, {"abbreviation": "JH", "topics": ["J\u00f6fnur", "hlutf\u00f6ll", "hnitakerfi\u00f0", "talname\u00f0fer\u00f0"]}, {"abbreviation": "RV", "topics": ["hornafr\u00e6\u00f0i \u00fer\u00edhyrnings", "hornaf\u00f6ll", "vigrar"]}, {"abbreviation": "DT", "topics": ["deildaj\u00f6fnur", "heildi", "samleitni", "tvinnt\u00f6lur"]}, {"abbreviation": "DS", "topics": ["deildaj\u00f6fnur", "samleitni", "tvinnt\u00f6lur"]}, {"abbreviation": "\u00deV", "topics": ["keilusni\u00f0", "vigrar", "\u00fer\u00edv\u00ed\u00f0 r\u00famfr\u00e6\u00f0i"]}, {"abbreviation": "FG", "topics": ["algebra", "f\u00f6ll", "gr\u00f6f", "veldi og r\u00e6tur"]}, {"abbreviation": "CX", "topics": ["f\u00f6ll og deildun fyri M\u00c1L og F\u00c9L"]}, {"abbreviation": "A\u00de", "topics": ["a", "\u00ferautalausnir"]}, {"abbreviation": "C\u00de", "topics": ["\u00derautalausnir"]}, {"abbreviation": "DN", "topics": ["algebra", "margli\u00f0ur og fleygbogar"]}, {"abbreviation": "UT", "topics": ["t\u00f6lfr\u00e6\u00f0i"]}, {"abbreviation": "OJ", "topics": ["t\u00f6lugildi og j\u00f6fnuhneppi", "\u00f3j\u00f6fnur"]}, {"abbreviation": "RG", "topics": ["R\u00famfr\u00e6\u00f0i me\u00f0 GeoGebru"]}, {"abbreviation": "HG", "topics": ["hagn\u00fdt st\u00e6r\u00f0fr\u00e6\u00f0i"]}, {"abbreviation": "AA", "topics": ["algengar reiknia\u00f0ger\u00f0ir"]}, {"abbreviation": "HL", "topics": ["Heildun"]}, {"abbreviation": "FM", "topics": ["F\u00f6ll", "markgildi og deildun algengustu falla"]}, {"abbreviation": "SH", "topics": ["St\u00e6r\u00f0fr\u00e6\u00f0igreining", "deildaj\u00f6fnur", "heildun", "runur og ra\u00f0ir"]}, {"abbreviation": "MA", "topics": ["Mengi", "algebra"]}, {"abbreviation": "HK", "topics": ["Hornaf\u00f6ll", "keilusni\u00f0", "vigrar"]}, {"abbreviation": "RM", "topics": ["R\u00famfr\u00e6\u00f0i"]}, {"abbreviation": "AB", "topics": ["almenn brot"]}, {"abbreviation": "RR", "topics": ["Hagn\u00fdting heildareiknings", "runur og ra\u00f0ir"]}, {"abbreviation": "HB", "topics": ["Hnit og b\u00f3kstafareikningur"]}, {"abbreviation": "RU", "topics": ["R\u00famfr\u00e6\u00f0i og hornaf\u00f6ll"]}, {"abbreviation": "VJ", "topics": ["Veldi og j\u00f6fnur"]}, {"abbreviation": "GA", "topics": ["Grunna\u00f0ger\u00f0ir algebru"]}, {"abbreviation": "AD", "topics": ["algebra", "brot", "hlutfallareikningur"]}, {"abbreviation": "B\u00c1", "topics": ["Br\u00faar\u00e1fangi"]}, {"abbreviation": "SB", "topics": ["St\u00e6r\u00f0fr\u00e6\u00f0ibr\u00fa"]}, {"abbreviation": "SL", "topics": ["St\u00e6r\u00f0fr\u00e6\u00f0il\u00edk\u00f6n"]}, {"abbreviation": "ST", "topics": ["St\u00e6r\u00f0fr\u00e6\u00f0igrunnur", "f\u00f6ll og  hnitakerfi", "j\u00f6fnur", "r\u00famfr\u00e6\u00f0i"]}, {"abbreviation": "MV", "topics": ["Mengi", "hornaf\u00f6ll", "talningarfr\u00e6\u00f0i", "vigrar og keilusni\u00f0"]}, {"abbreviation": "FF", "topics": ["F\u00f6ll og ferlar"]}, {"abbreviation": "MD", "topics": ["F\u00f6ll", "margli\u00f0udeiling", "markgildi og deildun algengustu falla"]}, {"abbreviation": "SR", "topics": ["St\u00e6r\u00f0fr\u00e6\u00f0igreining", "fylkjareikningur", "heildun", "l\u00ednuleg bestun", "runur og ra\u00f0ir", "\u00ferepasannanir og margv\u00ed\u00f0 f\u00f6ll"]}, {"abbreviation": "HN", "topics": ["hnitakerfi"]}, {"abbreviation": "JF", "topics": ["f\u00f6ll", "j\u00f6fnur og \u00f3j\u00f6fnur", "l\u00edkindareikningur og t\u00f6lfr\u00e6\u00f0i", "rauntalnakerfi"]}, {"abbreviation": "LF", "topics": ["F\u00f6ll og ferlar - l\u00ednur og fleygbogar"]}, {"abbreviation": "R\u00d6", "topics": ["R\u00f6k og mengi"]}, {"abbreviation": "F\u00d6", "topics": ["F\u00f6ll", "ferlar", "fleygbogar", "keilusni\u00f0 og hornaf\u00f6ll", "l\u00ednur"]}, {"abbreviation": "MG", "topics": ["Markgildi og aflei\u00f0ur"]}, {"abbreviation": "JR", "topics": ["AJ", "BR"]}, {"abbreviation": "PV", "topics": ["aflei\u00f0ur", "lograr", "pr\u00f3sentur", "vaxtareikningur"]}, {"abbreviation": "FV", "topics": ["Heildun falla", "flatarm\u00e1l og r\u00famm\u00e1l"]}, {"abbreviation": "VS", "topics": ["Vi\u00f0skipta st\u00e6r\u00f0fr\u00e6\u00f0i"]}, {"abbreviation": "BT", "topics": ["B\u00f3kstafareikningur og talnal\u00e6si"]}, {"abbreviation": "XY", "topics": ["Algebra", "hnitakerfi\u00f0", "hornaf\u00f6ll.", "r\u00famfr\u00e6\u00f0i"]}, {"abbreviation": "XZ", "topics": ["Algebra", "hnitakerfi\u00f0", "hornaf\u00f6ll.", "j\u00f6fnur", "r\u00famfr\u00e6\u00f0i"]}, {"abbreviation": "TV", "topics": ["T\u00f6lfr\u00e6\u00f0i", "talningar", "vi\u00f0skipti."]}, {"abbreviation": "\u00c1T", "topics": ["T\u00f6lfr\u00e6\u00f0i", "\u00e1lyktunart\u00f6lfr\u00e6\u00f0i"]}, {"abbreviation": "TT", "topics": ["Algebra", "talningafr\u00e6\u00f0i", "t\u00f6lfr\u00e6\u00f0i og l\u00edkindareikningur"]}, {"abbreviation": "GH", "topics": ["algebra", "forgangsr\u00f6\u00f0 a\u00f0ger\u00f0a", "hnitakerfi"]}, {"abbreviation": "SI", "topics": ["St\u00e6r\u00f0fr\u00e6\u00f0i 1 \u00e1 starfsbraut"]}, {"abbreviation": "SJ", "topics": ["St\u00e6r\u00f0fr\u00e6\u00f0i 2 \u00e1 starfsbraut"]}, {"abbreviation": "SK", "topics": ["St\u00e6r\u00f0fr\u00e6\u00f0i 3 \u00e1 starfsbraut"]}, {"abbreviation": "GF", "topics": ["Grunn\u00e1fangi \u00ed st\u00e6r\u00f0fr\u00e6\u00f0i \u00e1 f\u00e9lagsv\u00edsindabraut"]}, {"abbreviation": "G\u00c1", "topics": ["Grunn\u00e1fangi \u00ed st\u00e6r\u00f0fr\u00e6\u00f0i \u00e1 n\u00e1tt\u00faruv\u00edsindabraut"]}, {"abbreviation": "DD", "topics": ["D\u00e6gurd\u00e6mi"]}, {"abbreviation": "FL", "topics": ["ST\u00c6R"]}, {"abbreviation": "HH", "topics": ["Hlutf\u00f6ll", "hornaf\u00f6ll"]}, {"abbreviation": "DL", "topics": ["Peningar", "t\u00edmahugt\u00f6k", "ver\u00f0gildi"]}, {"abbreviation": "PI", "topics": ["Peningar", "innkaup", "ver\u00f0mi\u00f0ar"]}, {"abbreviation": "PH", "topics": ["Peningar", "heimilisb\u00f3khald", "tekjur og \u00fatgj\u00f6ld"]}, {"abbreviation": "PR", "topics": ["Pr\u00f3sentureikningur"]}, {"abbreviation": "TG", "topics": ["Talnagildi"]}, {"abbreviation": "MH", "topics": ["F\u00f6ll", "fleygbogar", "hornaf\u00f6ll", "margli\u00f0ur"]}, {"abbreviation": "VR", "topics": ["Vigrar", "r\u00famfr\u00e6\u00f0i"]}, {"abbreviation": "CQ", "topics": ["f\u00f6ll og deildun. Annar \u00e1fangi"]}, {"abbreviation": "JV", "topics": ["2. stigs j\u00f6fnur", "hnitakerfi\u00f0 og algebrubrot", "v\u00edsif\u00f6ll"]}, {"abbreviation": "HI", "topics": ["Heildun og deildarj\u00f6fnur"]}, {"abbreviation": "BQ", "topics": ["Algebra", "brot", "fleygbogar og lograr"]}, {"abbreviation": "CC", "topics": ["Vigrar og hornaf\u00f6ll"]}, {"abbreviation": "EE", "topics": ["Heildun", "diffurj\u00f6fnur", "runur og ra\u00f0ir"]}, {"abbreviation": "FU", "topics": ["Heildun", "tvinnt\u00f6lur og diffurj\u00f6fnur"]}, {"abbreviation": "ES", "topics": ["Strj\u00e1l st\u00e6r\u00f0fr\u00e6\u00f0i"]}, {"abbreviation": "EL", "topics": ["L\u00ednuleg algebra"]}, {"abbreviation": "AM", "topics": ["Algebra", "f\u00f6ll og mengi"]}, {"abbreviation": "P\u00de", "topics": ["lausn jafna", "pr\u00f3sentureikningur", "r\u00famfr\u00e6\u00f0i", "talnareikningur"]}, {"abbreviation": "MM", "topics": ["fleygbogar", "hnitakerfi\u00f0", "margli\u00f0ur", "mengi"]}, {"abbreviation": "\u00deA", "topics": ["algebra", "hlutf\u00f6ll", "veldi", "\u00fer\u00edhyrningar"]}, {"abbreviation": "VA", "topics": ["Vi\u00f0skiptareikningur"]}, {"abbreviation": "HJ", "topics": ["hnitakerfi", "j\u00f6fnur", "margli\u00f0ur"]}, {"abbreviation": "YM", "topics": ["fylkjareikningur", "hagn\u00fdting \u00e1 diffurreikningi", "tvinnt\u00f6lureikningar"]}, {"abbreviation": "BD", "topics": ["brei\u00f0bogaf\u00f6ll", "diffurj\u00f6fnur", "fylki"]}, {"abbreviation": "DV", "topics": ["Diffrun", "f\u00f6ll", "v\u00edsis- og lograf\u00f6ll"]}, {"abbreviation": "VD", "topics": ["diffrun", "vigrar"]}, {"abbreviation": "HF", "topics": ["diffurj\u00f6fnur", "fylgi", "heildun", "r\u00famfr\u00e6\u00f0i"]}, {"abbreviation": "MJ", "topics": ["2. stigs j\u00f6fnur og \u00f3j\u00f6fnur", "Mengjareikningur", "gr\u00f6f", "margli\u00f0ur og l\u00f3garitma.", "veldi og r\u00e6tur"]}, {"abbreviation": "ML", "topics": ["Mengi", "j\u00f6fnur", "l\u00f3garitmar.", "margli\u00f0ur"]}, {"abbreviation": "KV", "topics": ["Vigrar", "hnitar\u00famfr\u00e6\u00f0i og r\u00f6kfr\u00e6\u00f0i.", "hornaf\u00f6ll", "keilusni\u00f0"]}, {"abbreviation": "DI", "topics": ["Heildun", "diffurj\u00f6fnur."]}, {"abbreviation": "HU", "topics": ["Heildun", "ra\u00f0ir og diffurj\u00f6fnur", "runur"]}, {"abbreviation": "F\u00c9", "topics": ["grunn\u00e1fangi \u00e1 f\u00e9lagsv\u00edsindabraut"]}, {"abbreviation": "TR", "topics": ["diffurj\u00f6fnur", "fylki", "r\u00famfr\u00e6\u00f0i", "tegurreikningur", "tvinnt\u00f6lur"]}, {"abbreviation": "MS", "topics": ["Maclaurin-li\u00f0un og samleitni"]}, {"abbreviation": "TH", "topics": ["T\u00f6lfr\u00e6\u00f0i", "l\u00edkindi og tilg\u00e1tupr\u00f3fun"]}, {"abbreviation": "JG", "topics": ["ar\u00f0semi", "gengi", "jafngrei\u00f0slura\u00f0ir", "vaxtareikningur"]}, {"abbreviation": "IR", "topics": ["I\u00f0nreikningur"]}, {"abbreviation": "DA", "topics": ["F\u00f6ll", "deildun og v\u00edsis- og lograf\u00f6ll", "markgildi"]}, {"abbreviation": "DB", "topics": ["F\u00f6ll", "deildun", "markgildi", "v\u00edsis- og lograf\u00f6ll"]}, {"abbreviation": "L\u00cd", "topics": ["St\u00e6r\u00f0fr\u00e6\u00f0ileg l\u00edk\u00f6n fyrir hug- og f\u00e9lagsv\u00edsindagreinar"]}, {"abbreviation": "GT", "topics": ["T\u00f6lvuleikjast\u00e6r\u00f0fr\u00e6\u00f0i", "forritun og t\u00f6lvugraf\u00edk"]}, {"abbreviation": "MB", "topics": ["Mengi", "annars stigs j\u00f6fnur", "brot", "margli\u00f0ur og hnitar\u00famfr\u00e6\u00f0i"]}, {"abbreviation": "YS", "topics": ["Yfirlits\u00e1fangi \u00ed st\u00e6r\u00f0fr\u00e6\u00f0i"]}, {"abbreviation": "VF", "topics": ["Vi\u00f0skipti og f\u00f6ll"]}, {"abbreviation": "TP", "topics": ["T\u00f6lfr\u00e6\u00f0ipr\u00f3f"]}, {"abbreviation": "SD", "topics": ["St\u00e6r\u00f0fr\u00e6\u00f0i \u00ed daglega l\u00edfinu"]}], "_id": "50c0a02dd8e40575f7f6f490", "subjects": ["st\u00e6r\u00f0fr\u00e6\u00f0i"], "counter": {"1": 45, "3": 48, "2": 65, "4": 4}}, "evaluation": "N\u00e1msmat er \u00fatf\u00e6rt \u00ed kennslu\u00e1\u00e6tlun \u00ed samr\u00e6mi vi\u00f0 sk\u00f3lan\u00e1mskr\u00e1.", "categorization_suggestion": "", "embedded_topics": {"abbreviation": "TL", "topics": ["l\u00edkindareikningur", "t\u00f6lfr\u00e6\u00f0i"]}, "status": "approved by school", "description": "Fjalla\u00f0 er um t\u00f6luleg g\u00f6gn og myndr\u00e6na framsetningu \u00e1 \u00feeim me\u00f0 myndritum, einkennist\u00f6lur fyrir gagnas\u00f6fn og dreifingu og undirst\u00f6\u00f0uatri\u00f0i l\u00edkindareiknings \u00e1 endanlegu \u00fatkomur\u00fami, \u00fear \u00e1 me\u00f0al frumatri\u00f0i talningar- og fl\u00e9ttufr\u00e6\u00f0i.", "knowledge_goals": ["undirst\u00f6\u00f0uhugt\u00f6kum \u00far l\u00fdsandi t\u00f6lfr\u00e6\u00f0i", "helstu hugt\u00f6kum um gagnas\u00f6fn, s.s. t\u00ed\u00f0asta gildi, venjulegt me\u00f0altal, vegi\u00f0 me\u00f0altal og mi\u00f0gildi", "helstu hugt\u00f6kum um dreifingu gagnasafns, s.s. seilingu, me\u00f0alfr\u00e1vik, sta\u00f0alfr\u00e1vik og hlutfallslegt fr\u00e1vik", "l\u00edkindahugtakinu og hugt\u00f6kunum \u00fatkoma, atbur\u00f0ur og \u00fatkomur\u00fam", "hugt\u00f6kunum samantekt og umr\u00f6\u00f0un", "fylgnihugtakinu"], "skills_goals": ["vinna t\u00ed\u00f0nit\u00f6flur \u00far gefnu gagnasafni", "a\u00f0 setja t\u00ed\u00f0nidreifingu fram \u00e1 myndr\u00e6nan h\u00e1tt", "reikna helstu gildi sem l\u00fdsa gagnas\u00f6fnum, s.s. t\u00ed\u00f0asta gildi, venjulegt me\u00f0altal, vegi\u00f0 me\u00f0altal og mi\u00f0gildi", "reikna helstu gildi um dreifingu gagnasafns, s.s. seilingu, me\u00f0alfr\u00e1vik, sta\u00f0alfr\u00e1vik og hlutfallslegt fr\u00e1vik", "nota t\u00f6flureikna til a\u00f0 vinna \u00far t\u00f6lfr\u00e6\u00f0ilegum g\u00f6gnum", "vinna me\u00f0 samantektir og umra\u00f0anir", "reikna fylgni", "reikna \u00fat l\u00edkindi \u00e1 gefnum atbur\u00f0i \u00ed einf\u00f6ldu l\u00edkindar\u00fami"], "credits": 5, "last_modified": 1417003886.387725, "schools": ["512353008caa45ed97015b49"], "coauthors": null, "instructions": "", "continued_education": false, "level": 2, "prerequisites": "ST\u00c6R2AF05 e\u00f0a samb\u00e6rilegur \u00e1fangi", "author": "c91ecfad-1db4-40a7-b877-2d3b987a923d", "abbreviation_version": null, "competence_goals": [["beita fj\u00f6lbreyttum vinnubr\u00f6g\u00f0um og gagnr\u00fdnum vi\u00f0horfum vi\u00f0 vinnslu t\u00f6lfr\u00e6\u00f0ilegra gagna", ""], ["taka t\u00f6lfr\u00e6\u00f0iuppl\u00fdsingum me\u00f0 gagnr\u00fdnu hugarfari og vera me\u00f0vita\u00f0ur um misbeitingu t\u00f6lfr\u00e6\u00f0innar, s.s. var\u00f0andi pr\u00f3sentureikning og myndr\u00e6na framsetningu", ""]], "_id": "5475c36e62933a4d760024ee"}, {"exemplary": null, "topics": "Verkvit", "abbreviation": "VEVI1VV02", "former_schools": null, "subject": "Verkleg vinnubr\u00f6g\u00f0", "title": "Verkvit", "version": 2, "status_trans": "Sam\u00feykkt af sk\u00f3la", "embedded_subject": {"abbreviation": "VEVI", "topics": [{"abbreviation": "VV", "topics": ["Verkvit"]}], "_id": "5894690962933a4e92010d41", "subjects": ["Verkleg vinnubr\u00f6g\u00f0"], "counter": {"1": 1, "3": 0, "2": 0, "4": 0}}, "evaluation": "N\u00e1msmat er \u00fatf\u00e6rt \u00ed kennslu\u00e1\u00e6tlun \u00ed samr\u00e6mi vi\u00f0 sk\u00f3lan\u00e1mskr\u00e1.", "categorization_suggestion": "", "embedded_topics": {"abbreviation": "VV", "topics": ["Verkvit"]}, "status": "approved by school", "description": "L\u00fdsing \u2013 \u00e1fanganum er skipt \u00ed fj\u00f3ra \u00f3l\u00edka \u00fe\u00e6tti sem sn\u00faa a\u00f0 rafmagni, timbri, m\u00e1lmi og h\u00e1rsnyrtifr\u00e6\u00f0um. \n\u00cd rafmagnshlutanum ver\u00f0a grunnatri\u00f0i \u00ed rafmagnsfr\u00e6\u00f0um og \u00fatreikningum kennd. Fari\u00f0 ver\u00f0ur yfir \u00f6ryggism\u00e1l og h\u00e6ttur/slys af v\u00f6ldum rafmagns sem og notkun rafmagns \u00ed daglegu l\u00edfi. Nemandi l\u00e6rir um rafkerfi \u00edb\u00fa\u00f0arh\u00fasn\u00e6\u00f0is og orku\u00fe\u00f6rf/orkukostna\u00f0. Nemandi kynnist jafnstraumr\u00e1s \u00ed bifrei\u00f0um og me\u00f0fer\u00f0 rafgeyma. Nemandi f\u00e6r a\u00f0 tengja kl\u00e6r og setja saman fj\u00f6ltengi.\n\u2022\t\u00cd timburhlutanum ver\u00f0a grunnatri\u00f0i tr\u00e9sm\u00ed\u00f0a kennd, fari\u00f0 ver\u00f0ur yfir helstu vi\u00f0artegundir, eiginleika \u00feeirra, notkunargildi og nemendum kynntir m\u00f6guleikar \u00e1 vinnslu \u00far tr\u00e9. L\u00f6g\u00f0 ver\u00f0ur \u00e1hersla \u00e1 notkun hand- og rafmagnshandverkf\u00e6ra, s.s. vi\u00f0 val og umhir\u00f0u, stillingar og br\u00fdnnslu og \u00f6ryggis\u00fe\u00e6tti er snerta \u00feessi verkf\u00e6ri. Nemendur kynnast notkun algengra tegunda vi\u00f0arl\u00edms, tr\u00e9samsetninga, p\u00fassningar og yfirbor\u00f0sme\u00f0fer\u00f0 vi\u00f0ar.\n\u2022\t\u00cd m\u00e1lmhlutanum er fari\u00f0 \u00ed \u00f6ryggism\u00e1l, pers\u00f3nuhl\u00edfar, me\u00f0h\u00f6ndlun verkf\u00e6ra , verkf\u00e6ranotkun me\u00f0 tilliti til eldvarna, eldvarnarb\u00fana\u00f0ur, mottur, t\u00e6ki og efnisinnihald. Nemendur f\u00e1 kynningu \u00e1 \u00fdmsum verkf\u00e6rum s.s handverkf\u00e6ri til heimabr\u00faks, l\u00e6ra a\u00f0 \u00feekkja verkf\u00e6riheiti, tilgang \u00feeirra og notkun. \u00de\u00e1 f\u00e1 nemendur einnig a\u00f0 kynnast m\u00e1lmsu\u00f0u. Fari\u00f0 ver\u00f0ur \u00ed m\u00e6lingar, notkun tommustokka, m\u00e1lbands og sk\u00edfum\u00e1l og fari\u00f0 ver\u00f0ur yfir algengustu bolta og gengjur. \u00de\u00f3nokku\u00f0 ver\u00f0ur um verklegar \u00e6fingar s.s. mig/mag su\u00f0a. \u00de\u00e1 ver\u00f0ur teki\u00f0 \u00fdmislegt sem sn\u00fdr a\u00f0 bi\u00f0rei\u00f0um s.s. lyfta b\u00edl og skipta um hj\u00f3lbar\u00f0a, pumpa\u00f0 \u00ed hj\u00f3lbar\u00f0a, minnih\u00e1ttar vi\u00f0ger\u00f0 \u00e1 v\u00e9lb\u00fana\u00f0i me\u00f0 a\u00f0sto\u00f0 handb\u00f3ka, sp\u00f3ntaka/borun, v\u00e9lb\u00fana\u00f0arefirlit/ol\u00eduh\u00e6\u00f0/k\u00e6livatn. \n\u2022\t\u00cd h\u00e1rsnyrtihlutanum f\u00e1 nemendur kennslu \u00ed umhir\u00f0u h\u00e1rs og h\u00fa\u00f0ar, grunn \u00ed r\u00fallu\u00edsetningu og permanenti. Fari\u00f0 ver\u00f0ur \u00ed grunn \u00ed uppsetningu \u00e1 s\u00ed\u00f0u h\u00e1ri, s.s fl\u00e9ttur og hn\u00fatar. Me\u00f0h\u00f6ndlun \u00e1 hitaj\u00e1rnum eins og sl\u00e9ttun og krullun \u00e1 s\u00ed\u00f0u h\u00e1ri. Einnig ver\u00f0ur kynnt fyrir nemendum hugmyndafr\u00e6\u00f0ina \u00e1 bakvi\u00f0 klippingar og h\u00e1rlitun og \u00feeim s\u00fdnd kennslumyndb\u00f6nd \u00ed tenglsum vi\u00f0 \u00fea\u00f0. \n", "knowledge_goals": ["almennum varnarr\u00e1\u00f0st\u00f6funum \u00ed umgengni vi\u00f0 rafmagn, timbur og m\u00e1lm", "helstu vi\u00f0ar- og m\u00e1lmtegundum sem nota\u00f0ar eru vi\u00f0 hin \u00fdmsu verkefni", "kostum og g\u00f6llum hinna \u00fdmsu vi\u00f0ar- og m\u00e1lmtegunda", "umhir\u00f0u h\u00e1rs og h\u00fa\u00f0ar", "takm\u00f6rkun mismunandi t\u00e6kjab\u00fana\u00f0ar m.t.t efnisvals"], "skills_goals": ["tengja saman kl\u00e6r og setja saman fj\u00f6ltengi", "velja vi\u00f0eigandi verkf\u00e6ri og t\u00e6kjab\u00fana\u00f0 m.t.t framkv\u00e6mdarinnar", "geta skipulagt og framkv\u00e6mt eigin hugmyndir", "vera verklega sj\u00e1lfbjarga \u00ed daglegu l\u00edfi", "vinna me\u00f0 mismunandi h\u00e1rgrei\u00f0slur"], "credits": 2, "last_modified": 1486121291.147571, "schools": ["512353008caa45ed97015b49"], "coauthors": null, "instructions": "", "continued_education": false, "level": 1, "prerequisites": "", "author": "6c2fcef4-a2a5-4b10-88f3-ca62dba9fffd", "abbreviation_version": null, "competence_goals": [["geta greint hvort tilskyldum reglum s\u00e9 fylgt eftir var\u00f0andi \u00f6ryggism\u00e1l", ""], ["geta tengt \u00feekkingu s\u00edna og leikni vi\u00f0 daglegt l\u00edf", ""]], "_id": "5894694b62933a4e92010d48"}, {"exemplary": null, "topics": "grunn\u00e1fangi \u00ed n\u00e1tt\u00farufr\u00e6\u00f0i", "abbreviation": "N\u00c1TT1GR05", "former_schools": null, "subject": "n\u00e1tt\u00farufr\u00e6\u00f0i", "title": "V\u00edsindaleg vinnubr\u00f6g\u00f0 og n\u00e1tt\u00farufr\u00e6\u00f0igreinar", "version": 13, "status_trans": "Sam\u00feykkt af sk\u00f3la", "embedded_subject": {"abbreviation": "N\u00c1TT", "topics": [{"abbreviation": "GR", "topics": ["grunn\u00e1fangi \u00ed n\u00e1tt\u00farufr\u00e6\u00f0i"]}, {"abbreviation": "AJ", "topics": ["grunn\u00e1fangi \u00ed n\u00e1tt\u00faruv\u00edsindum me\u00f0 \u00e1herslu \u00e1 jar\u00f0fr\u00e6\u00f0i", "umhverfisfr\u00e6\u00f0i og e\u00f0lisfr\u00e6\u00f0i fyrir a\u00f0rar brautir en n\u00e1tt\u00farufr\u00e6\u00f0ibraut"]}, {"abbreviation": "L\u00cd", "topics": ["l\u00edffr\u00e6\u00f0i"]}, {"abbreviation": "EF", "topics": ["efnafr\u00e6\u00f0i"]}, {"abbreviation": "JA", "topics": ["jar\u00f0fr\u00e6\u00f0i"]}, {"abbreviation": "\u00cd\u00de", "topics": ["\u00ed\u00fer\u00f3ttafr\u00e6\u00f0i"]}, {"abbreviation": "JU", "topics": ["e\u00f0lisfr\u00e6\u00f0i", "jar\u00f0fr\u00e6\u00f0i", "umhverfisfr\u00e6\u00f0i"]}, {"abbreviation": "LE", "topics": ["efnafr\u00e6\u00f0i", "l\u00edffr\u00e6\u00f0i"]}, {"abbreviation": "EE", "topics": ["efnafr\u00e6\u00f0i", "e\u00f0lisfr\u00e6\u00f0i"]}, {"abbreviation": "UN", "topics": ["Undirb\u00faningur a\u00f0 n\u00e1tt\u00faruv\u00edsindum"]}, {"abbreviation": "VV", "topics": ["N\u00e1tt\u00farufr\u00e6\u00f0i - vinna v\u00edsindamannsins"]}, {"abbreviation": "ST", "topics": ["Stj\u00f6rnufr\u00e6\u00f0i"]}, {"abbreviation": "EN", "topics": ["E\u00f0lis- og efnafr\u00e6\u00f0i", "n\u00fdsk\u00f6pun"]}, {"abbreviation": "NA", "topics": ["N\u00e1tt\u00faruau\u00f0lindir \u00cdslands"]}, {"abbreviation": "NH", "topics": ["N\u00e1tt\u00faruhamfarir"]}, {"abbreviation": "\u00cdN", "topics": ["\u00cdslensk n\u00e1tt\u00fara"]}, {"abbreviation": "N\u00c1", "topics": ["N\u00e1tt\u00farufr\u00e6\u00f0i", "grunn\u00e1fangi \u00e1 f\u00e9lagsfr\u00e6\u00f0a og m\u00e1labraut"]}, {"abbreviation": "EL", "topics": ["Grunn\u00e1fangi \u00ed efna- og l\u00edffr\u00e6\u00f0i"]}, {"abbreviation": "JE", "topics": ["Jar\u00f0fr\u00e6\u00f0i og e\u00f0lisfr\u00e6\u00f0i"]}, {"abbreviation": "IF", "topics": ["Inngangur a\u00f0 n\u00e1tt\u00faruv\u00edsindum fyrir f\u00e9lagsv\u00edsindabraut"]}], "_id": "50c0a02dd8e40575f7f6f481", "subjects": ["n\u00e1tt\u00farufr\u00e6\u00f0i"], "counter": {"1": 10, "3": 2, "2": 8, "4": 0}}, "evaluation": "N\u00e1msmat er \u00fatf\u00e6rt \u00ed kennslu\u00e1\u00e6tlun \u00ed samr\u00e6mi vi\u00f0 sk\u00f3lan\u00e1mskr\u00e1.", "categorization_suggestion": "", "embedded_topics": {"abbreviation": "GR", "topics": ["grunn\u00e1fangi \u00ed n\u00e1tt\u00farufr\u00e6\u00f0i"]}, "status": "approved by school", "description": "\u00cd \u00feessum byrjunar\u00e1fanga er l\u00f6g\u00f0 \u00e1hersla \u00e1 a\u00f0 nemendur kynnist n\u00e1tt\u00faruv\u00edsindum \u00e1 fj\u00f6lbreyttan h\u00e1tt. \u00cd \u00e1fanganum er l\u00f6g\u00f0 \u00e1hersla \u00e1 l\u00edffr\u00e6\u00f0i (vistfr\u00e6\u00f0i), efnafr\u00e6\u00f0i, umhverfisv\u00edsindi og jar\u00f0fr\u00e6\u00f0i. \u00cd \u00e1fanganum er kynnt s\u00fa a\u00f0fer\u00f0arfr\u00e6\u00f0i sem er sameiginleg n\u00e1tt\u00faru- og raunv\u00edsindum. Eftirfarandi efnis\u00fe\u00e6ttir ver\u00f0a kynntir:\n\nE\u00f0li v\u00edsinda: \nhelstu skref v\u00edsindalegra a\u00f0fer\u00f0a, SI-einingakerfi\u00f0, m\u00e6lin\u00e1kv\u00e6mni og markver\u00f0ir stafir.\nVistfr\u00e6\u00f0i:\nflokkun l\u00edfvera, l\u00edfverur \u00ed vistkerfi, hringr\u00e1s kolefnis, framvinda vistkerfa og l\u00edfverur \u00e1 \u00cdslandi.\nEfnafr\u00e6\u00f0i:\nat\u00f3mi\u00f0 og frumefni, lotukerfi\u00f0, efnatengi og efnahv\u00f6rf. \nJar\u00f0fr\u00e6\u00f0i:\nnotkun jar\u00f0fr\u00e6\u00f0ikorta og jar\u00f0fr\u00e6\u00f0i \u00cdslands.\nUmhverfisv\u00edsindi:\norsakir loftslagsbreytinga og aflei\u00f0ingar \u00feeirra \u00e1 \u00cdslandi.\nL\u00f6g\u00f0 er \u00e1hersla \u00e1 a\u00f0 nemendur tengi \u00fe\u00e1 \u00feekkingu sem \u00feeir \u00f6\u00f0last \u00ed efnafr\u00e6\u00f0i, l\u00edffr\u00e6\u00f0i og jar\u00f0fr\u00e6\u00f0i vi\u00f0 n\u00e1tt\u00faru \u00cdslands, umhverfi sitt og daglegt l\u00edf.", "knowledge_goals": ["ranns\u00f3knara\u00f0fer\u00f0um \u00ed n\u00e1tt\u00faru- og raunv\u00edsindum", "helstu ferlum vistkerfa", "uppbyggingu at\u00f3ms", "uppbyggingu lotukerfisins", "muninum \u00e1 sta\u00f0fr\u00e6\u00f0ikortum og \u00feemakortum", "grundvallaratri\u00f0um \u00ed jar\u00f0fr\u00e6\u00f0i \u00cdslands"], "skills_goals": ["framkv\u00e6ma verklegar \u00e6fingar og vinna \u00far \u00feeim", "skrifa sk\u00fdrslur \u00ed tengslum vi\u00f0 verklegar \u00e6fingar", "b\u00faa til myndrit, m.a. l\u00ednurit, og nota myndritin til a\u00f0 draga \u00e1lyktanir", "teikna upp f\u00e6\u00f0uvef og skilgreina flutning orku og efnis innan f\u00e6\u00f0uvefsins", "lesa  efnaj\u00f6fnur og stilla \u00fe\u00e6r", "a\u00f0greina efni \u00ed frumefni, efnasamb\u00f6nd og efnabl\u00f6ndur", "nota lotukerfi", "n\u00fdta s\u00e9r h\u00e6\u00f0arl\u00ednur landakorta til a\u00f0 \u00e1tta sig \u00e1 h\u00e6\u00f0armun einstakra sta\u00f0a \u00e1 landakorti.", "n\u00fdta s\u00e9r jar\u00f0fr\u00e6\u00f0ikort til a\u00f0 \u00e1tta sig \u00e1 jar\u00f0fr\u00e6\u00f0i einstakra landshluta"], "credits": 5, "last_modified": 1417006825.380667, "schools": ["512353008caa45ed97015b49"], "coauthors": [], "instructions": "", "continued_education": false, "level": 1, "prerequisites": "", "author": "c91ecfad-1db4-40a7-b877-2d3b987a923d", "abbreviation_version": null, "competence_goals": [["s\u00fdna sj\u00e1lfst\u00e6\u00f0i \u00ed vinnubr\u00f6g\u00f0um og bera \u00e1byrg\u00f0 \u00e1 eigin n\u00e1msframvindu", ""], ["vinna \u00ed h\u00f3p til \u00feess a\u00f0 auka skilning \u00e1 fyrirb\u00e6rum n\u00e1tt\u00faru- og raunv\u00edsinda", ""], ["tengja \u00feekkingu s\u00edna \u00e1 kolefnishringr\u00e1s vi\u00f0 gr\u00f3\u00f0urh\u00fasa\u00e1hrif og loftslagsbreytingar", ""], ["tengja \u00feekkingu s\u00edna \u00ed efnafr\u00e6\u00f0i, l\u00edffr\u00e6\u00f0i og jar\u00f0v\u00edsindum vi\u00f0 umhverfi sitt og n\u00e1tt\u00faru \u00cdslands", ""]], "_id": "5475cee962933a4d7600251e"}, {"exemplary": null, "topics": "n\u00fat\u00edmab\u00f3kmenntir", "abbreviation": "\u00cdSLE3NB05", "former_schools": null, "subject": "\u00edslenska", "title": "\u00cdslenskar b\u00f3kmenntir fr\u00e1 1970 til dagsins \u00ed dag", "version": 66, "status_trans": "Sam\u00feykkt af sk\u00f3la", "embedded_subject": {"abbreviation": "\u00cdSLE", "topics": [{"abbreviation": "VR", "topics": ["ritun", "vi\u00f0skiptaskj\u00f6l"]}, {"abbreviation": "TM", "topics": ["m\u00e1lskilningur", "tj\u00e1ning"]}, {"abbreviation": "MS", "topics": ["m\u00e1lskilningur", "s\u00e9rdeild"]}, {"abbreviation": "RT", "topics": ["ritun og tj\u00e1ning"]}, {"abbreviation": "LL", "topics": ["leshra\u00f0i", "lesskilningur"]}, {"abbreviation": "MM", "topics": ["m\u00e1lfr\u00e6\u00f0i", "m\u00e1ltilfinning"]}, {"abbreviation": "RG", "topics": ["greinamerkjasetning", "r\u00e9ttritun"]}, {"abbreviation": "SF", "topics": ["fr\u00f3\u00f0leiks\u00f6flun", "samskipti"]}, {"abbreviation": "BK", "topics": ["b\u00f3kmenntir", "kj\u00f6rb\u00f3k"]}, {"abbreviation": "RB", "topics": ["b\u00f3kmenntir", "ritun"]}, {"abbreviation": "BM", "topics": ["b\u00f3kmenntir", "m\u00e1lsaga", "ritun", "tj\u00e1ning"]}, {"abbreviation": "NB", "topics": ["n\u00fat\u00edmab\u00f3kmenntir"]}, {"abbreviation": "BF", "topics": ["b\u00f3kmenntir fyrri alda"]}, {"abbreviation": "SB", "topics": ["menning", "samt\u00edmab\u00f3kmenntir"]}, {"abbreviation": "BB", "topics": ["barnab\u00f3kmenntir"]}, {"abbreviation": "HR", "topics": ["hra\u00f0lestur"]}, {"abbreviation": "YN", "topics": ["yndislestur"]}, {"abbreviation": "ML", "topics": ["leskilningur", "m\u00e1lnotkun", "m\u00e1ltaka", "ritun og tj\u00e1ning"]}, {"abbreviation": "MB", "topics": ["b\u00f3kmenntir og ritun", "m\u00e1lnotkun"]}, {"abbreviation": "MN", "topics": ["b\u00f3kmenntir", "m\u00e1lsaga og nafnasi\u00f0ir"]}, {"abbreviation": "YH", "topics": ["hra\u00f0lestur", "yndislestur"]}, {"abbreviation": "BS", "topics": ["b\u00f3kmenntir s\u00ed\u00f0ari alda"]}, {"abbreviation": "FH", "topics": ["f\u00e9lagsleg m\u00e1lv\u00edsindi", "hlj\u00f3\u00f0fr\u00e6\u00f0i og hlj\u00f3\u00f0kerfisfr\u00e6\u00f0i", "\u00fe\u00fd\u00f0ingar"]}, {"abbreviation": "TB", "topics": ["tj\u00e1skipti barna og fullor\u00f0inna"]}, {"abbreviation": "GL", "topics": ["gl\u00e6pas\u00f6gur"]}, {"abbreviation": "RM", "topics": ["m\u00e1lfr\u00e6\u00f0i", "ritun", "stafsetning"]}, {"abbreviation": "BT", "topics": ["bragfr\u00e6\u00f0i", "setningafr\u00e6\u00f0i", "textar fr\u00e1 \u00fdmsum l\u00f6ndum"]}, {"abbreviation": "MT", "topics": ["m\u00e1lfr\u00e6\u00f0i", "ritun og tj\u00e1ning"]}, {"abbreviation": "BR", "topics": ["b\u00f3kmenntir", "m\u00e1lnotkun", "ritun"]}, {"abbreviation": "MG", "topics": ["b\u00f3kmenntir og ritun", "go\u00f0afr\u00e6\u00f0i", "m\u00e1lsaga"]}, {"abbreviation": "EU", "topics": ["eddukv\u00e6\u00f0i", "uppl\u00fdsing"]}, {"abbreviation": "UK", "topics": ["kreppa", "uppl\u00fdsing"]}, {"abbreviation": "KA", "topics": ["aldam\u00f3t", "kreppa"]}, {"abbreviation": "RN", "topics": ["n\u00fat\u00edmab\u00f3kmenntir", "ritger\u00f0arsm\u00ed\u00f0"]}, {"abbreviation": "KU", "topics": ["kynningarefni", "ums\u00f3knir"]}, {"abbreviation": "RI", "topics": ["ritger\u00f0arsm\u00ed\u00f0", "textar fr\u00e1 \u00fdmsum l\u00f6ndum"]}, {"abbreviation": "BG", "topics": ["b\u00f3kmenntir", "go\u00f0afr\u00e6\u00f0i", "m\u00e1lsaga"]}, {"abbreviation": "FM", "topics": ["fornb\u00f3kmenntir", "m\u00e1lfr\u00e6\u00f0i"]}, {"abbreviation": "BN", "topics": ["b\u00f3kmenntir", "n\u00fat\u00edmi"]}, {"abbreviation": "FO", "topics": ["fornb\u00f3kmenntir"]}, {"abbreviation": "UN", "topics": ["undirb\u00fanings\u00e1fangi \u00ed \u00edslensku"]}, {"abbreviation": "MR", "topics": ["b\u00f3kmenntir", "m\u00e1lnotkun og ritun"]}, {"abbreviation": "ED", "topics": ["eddukv\u00e6\u00f0i og \u00edslendingas\u00f6gur"]}, {"abbreviation": "NJ", "topics": ["fr\u00e1 nj\u00e1lu til n\u00fdr\u00f3mant\u00edkur"]}, {"abbreviation": "\u00d6L", "topics": ["b\u00f3kmenntir \u00e1 20. \u00f6ld"]}, {"abbreviation": "ME", "topics": ["b\u00f3kmenntir"]}, {"abbreviation": "RL", "topics": ["lestur", "ritun og tj\u00e1ning"]}, {"abbreviation": "MI", "topics": ["m\u00e1l og b\u00f3kmenntir fr\u00e1 si\u00f0askiptum til aldam\u00f3tanna 1900"]}, {"abbreviation": "GM", "topics": ["go\u00f0afr\u00e6\u00f0i", "m\u00e1lsaga"]}, {"abbreviation": "GR", "topics": ["grunnur"]}, {"abbreviation": "LR", "topics": ["lestur og ritun"]}, {"abbreviation": "ST", "topics": ["stafsetning"]}, {"abbreviation": "\u00cdS", "topics": ["\u00edslenska"]}, {"abbreviation": "LT", "topics": ["lestur", "m\u00e1lfr\u00e6\u00f0i", "ritun", "stafsetning", "tj\u00e1ning"]}, {"abbreviation": "SR", "topics": ["lestur og tj\u00e1ning", "m\u00e1lfr\u00e6\u00f0i", "ritun", "stafsetning"]}, {"abbreviation": "GO", "topics": ["go\u00f0afr\u00e6\u00f0i", "m\u00e1lnotkun og ritun", "m\u00e1lsaga"]}, {"abbreviation": "NH", "topics": ["b\u00f3kmenntasaga 1900 til samt\u00edmans", "hugtakabeiting", "n\u00fat\u00edmab\u00f3kmenntir"]}, {"abbreviation": "RR", "topics": ["ritger\u00f0asm\u00ed\u00f0", "ritun"]}, {"abbreviation": "LF", "topics": ["b\u00f3kmenntasaga 1550-1900", "l\u00e6rd\u00f3ms\u00f6ld", "rauns\u00e6i"]}, {"abbreviation": "VE", "topics": ["verkefni vali\u00f0 og almenn b\u00f3kmenntafr\u00e6\u00f0i kynnt"]}, {"abbreviation": "MV", "topics": ["m\u00e1lv\u00edsindi"]}, {"abbreviation": "YF", "topics": ["Yndislestur framhald"]}, {"abbreviation": "MH", "topics": ["M\u00e1lsaga og go\u00f0afr\u00e6\u00f0i hra\u00f0fer\u00f0"]}, {"abbreviation": "FF", "topics": ["Fornb\u00f3kmenntir hra\u00f0fer\u00f0"]}, {"abbreviation": "YM", "topics": ["Yndislestur 2"]}, {"abbreviation": "FJ", "topics": ["fj\u00f6lmi\u00f0lal\u00e6si"]}, {"abbreviation": "RV", "topics": ["ritger\u00f0arvinna"]}, {"abbreviation": "LS", "topics": ["- sk\u00e1ldsaga \u00far n\u00fat\u00edma", "lestur og lesskilningur"]}, {"abbreviation": "L\u00cd", "topics": ["lestur og lesskilningur - \u00edslendingas\u00f6gur"]}, {"abbreviation": "LE", "topics": ["lestur og lesskilningur - sk\u00e1lds\u00f6gur 20. aldar"]}, {"abbreviation": "H\u00cd", "topics": ["Hagn\u00fdt \u00edslenska"]}, {"abbreviation": "\u00cdM", "topics": ["\u00edslensk m\u00e1lsaga"]}, {"abbreviation": "KV", "topics": ["b\u00f3kmenntir og kvikmyndir"]}, {"abbreviation": "NG", "topics": ["Norr\u00e6n go\u00f0afr\u00e6\u00f0i"]}, {"abbreviation": "LJ", "topics": ["Lj\u00f3\u00f0"]}, {"abbreviation": "AA", "topics": ["Lestur og ritun"]}, {"abbreviation": "\u00cdC", "topics": ["\u00cdslenska \u00e1 starfsbraut"]}, {"abbreviation": "\u00cdA", "topics": ["\u00cdslenska 1 \u00e1 starfsbraut"]}, {"abbreviation": "\u00cdB", "topics": ["\u00cdslenska 2 \u00e1 starfsbraut"]}, {"abbreviation": "N\u00dd", "topics": ["N\u00fdsk\u00f6pun"]}, {"abbreviation": "AB", "topics": ["B\u00f3kmenntir", "m\u00e1lfr\u00e6\u00f0i og ritun"]}, {"abbreviation": "HI", "topics": ["M\u00e1lnotkun og ritun"]}, {"abbreviation": "TR", "topics": ["M\u00e1lnotun og ritun"]}, {"abbreviation": "TL", "topics": ["L\u00e6si", "ritun", "tj\u00e1ning"]}, {"abbreviation": "OH", "topics": ["hlustun", "or\u00f0afor\u00f0i", "talm\u00e1l og ritun"]}, {"abbreviation": "ES", "topics": ["Eddukv\u00e6\u00f0i til si\u00f0askipta"]}, {"abbreviation": "NA", "topics": ["N\u00fdr\u00f3mant\u00edk til aldam\u00f3ta"]}, {"abbreviation": "SN", "topics": ["Si\u00f0askipti til n\u00fdr\u00f3mant\u00edkur"]}, {"abbreviation": "YL", "topics": ["Yndislestur"]}, {"abbreviation": "SS", "topics": ["Stafsetning"]}, {"abbreviation": "BU", "topics": ["Barna- og unglingab\u00f3kmenntir"]}, {"abbreviation": "SK", "topics": ["sk\u00e1lds\u00f6gur"]}, {"abbreviation": "B\u00d3", "topics": ["B\u00f3kmenntir og tungum\u00e1l fr\u00e1 landn\u00e1mi til si\u00f0askipta"]}, {"abbreviation": "M\u00c1", "topics": ["M\u00e1l- og menningarsaga"]}, {"abbreviation": "NF", "topics": ["N\u00fdsk\u00f6punarferli\u00f0: \u00fe\u00f6rf", "afur\u00f0", "lausn"]}, {"abbreviation": "A\u00cd", "topics": ["Almenn \u00edslenska \u00e1 1 \u00ferepi"]}, {"abbreviation": "AM", "topics": ["almenn m\u00e1lnotkun", "b\u00f3kmenntir", "ritun"]}, {"abbreviation": "RS", "topics": ["Skapandi skrif"]}, {"abbreviation": "SP", "topics": ["Spennus\u00f6gur"]}, {"abbreviation": "\u00cdD", "topics": ["\u00cdslenska \u00e1 starfsbraut 4"]}, {"abbreviation": "\u00cdE", "topics": ["\u00cdslenska 5 \u00e1 starfsbraut"]}, {"abbreviation": "SM", "topics": ["Sk\u00e1lds\u00f6gur"]}, {"abbreviation": "M\u00de", "topics": ["\u00cdSLE"]}, {"abbreviation": "SA", "topics": ["Sk\u00f6pun \u00ed v\u00ed\u00f0u samhengi"]}, {"abbreviation": "SJ", "topics": ["L\u00e6si", "b\u00f3kmenntir", "hugtakaskilningur", "m\u00e1lfr\u00e6\u00f0i", "sj\u00e1lfb\u00e6rni og ritun"]}, {"abbreviation": "LM", "topics": ["L\u00e6si", "l\u00fd\u00f0r\u00e6\u00f0i", "mannr\u00e9ttindi og b\u00f3kmenntir"]}, {"abbreviation": "JR", "topics": ["L\u00e6si", "b\u00f3kmenntir og ritun", "jafnr\u00e9tti"]}, {"abbreviation": "HV", "topics": ["L\u00e6si", "heilbrig\u00f0i", "velfer\u00f0 og b\u00f3kmenntir"]}, {"abbreviation": "DB", "topics": ["Sk\u00f3labla\u00f0"]}, {"abbreviation": "\u00c6F", "topics": ["Go\u00f0s\u00f6gur", "fantas\u00edur", "\u00e6vint\u00fdri"]}, {"abbreviation": "VM", "topics": ["Verkefna\u00e1fangi \u00ed m\u00e1lv\u00edsindum"]}, {"abbreviation": "VB", "topics": ["Verkefna\u00e1fangi \u00ed b\u00f3kmenntum"]}, {"abbreviation": "SW", "topics": ["Stafsetning og ritun"]}, {"abbreviation": "MF", "topics": ["M\u00e1lfr\u00e6\u00f0i"]}, {"abbreviation": "SG", "topics": ["B\u00f3kmenntir", "setningafr\u00e6\u00f0i og go\u00f0afr\u00e6\u00f0i"]}, {"abbreviation": "OF", "topics": ["frambur\u00f0ur", "lestrarf\u00e6rni", "or\u00f0afor\u00f0i"]}, {"abbreviation": "CA", "topics": ["B\u00f3kmenntir fram til 1550"]}, {"abbreviation": "BH", "topics": ["Go\u00f0afr\u00e6\u00f0i", "m\u00e1lsaga og ritger\u00f0asm\u00ed\u00f0"]}, {"abbreviation": "DD", "topics": ["B\u00f3kmenntir og b\u00f3kmenntasaga", "einkum 1550-1900."]}, {"abbreviation": "CH", "topics": ["\u00cdslenska 3. Hra\u00f0fer\u00f0"]}, {"abbreviation": "EE", "topics": ["B\u00f3kmenntir og b\u00f3kmenntasaga eftir 1900."]}, {"abbreviation": "HL", "topics": ["M\u00e1lsaga og hlj\u00f3\u00f0fr\u00e6\u00f0i"]}, {"abbreviation": "CB", "topics": ["heimsb\u00f3kmenntir"]}, {"abbreviation": "AL", "topics": ["Almenn m\u00e1lnotkun og l\u00e6si"]}, {"abbreviation": "GF", "topics": ["Go\u00f0afr\u00e6\u00f0i og fornb\u00f3kmenntir"]}, {"abbreviation": "TE", "topics": ["Ritun og textagreining"]}, {"abbreviation": "MA", "topics": ["Menningararfur \u00ed n\u00fat\u00edmanum"]}, {"abbreviation": "S\u00c1", "topics": ["Skrefa\u00f0", "skrifa\u00f0 og skrafa\u00f0 um n\u00e6rsamf\u00e9lagi\u00f0/\u00e1tthagana."]}, {"abbreviation": "NM", "topics": ["fr\u00e1 n\u00fdr\u00f3mant\u00edk til m\u00f3dernisma"]}, {"abbreviation": "HM", "topics": ["Heimildir og m\u00e1lnotkun"]}, {"abbreviation": "M\u00c6", "topics": ["Menningarl\u00e6si"]}, {"abbreviation": "CK", "topics": ["\u00edslenskar kvikmyndir"]}, {"abbreviation": "CL", "topics": ["Leikh\u00fas og leikb\u00f3kmenntir"]}, {"abbreviation": "DL", "topics": ["Leikh\u00fas og leikb\u00f3kmenntir."]}, {"abbreviation": "CN", "topics": ["\u00derj\u00fa verk Halld\u00f3rs Laxness."]}, {"abbreviation": "HB", "topics": ["B\u00f3kmenntir", "heimildaritger\u00f0", "m\u00e1lsaga"]}, {"abbreviation": "CU", "topics": ["Barnab\u00f3kmenntir."]}, {"abbreviation": "CP", "topics": ["Textager\u00f0 og ritstj\u00f3rn"]}, {"abbreviation": "CY", "topics": ["Yndislestur I"]}, {"abbreviation": "DY", "topics": ["Yndislestur II"]}, {"abbreviation": "RH", "topics": ["\u00darvinnsla heimilda og ritun"]}, {"abbreviation": "B\u00cd", "topics": ["B\u00f3kmenntasaga", "\u00cdslendingasaga og forn kve\u00f0skapur"]}, {"abbreviation": "BL", "topics": ["B\u00f3kmenntasaga", "leikritalestur", "lj\u00f3\u00f0alestur", "n\u00fat\u00edmab\u00f3kmenntir"]}, {"abbreviation": "RF", "topics": ["Ritger\u00f0arskrif", "go\u00f0afr\u00e6\u00f0i og m\u00e1lsaga"]}, {"abbreviation": "KM", "topics": ["b\u00f3kmenntir", "kv\u00e6\u00f0i", "lj\u00f3\u00f0", "m\u00e1lnotkun", "ritun"]}, {"abbreviation": "SL", "topics": ["Ritlist"]}, {"abbreviation": "RO", "topics": ["lestur", "m\u00e1lnotkun", "or\u00f0afor\u00f0i", "ritun"]}, {"abbreviation": "LB", "topics": ["b\u00f3kmenntir", "l\u00e6si", "ritun", "stafsetning"]}, {"abbreviation": "FL", "topics": ["frams\u00f6gn", "lestur", "margv\u00edsleg ritun", "or\u00f0afor\u00f0i"]}, {"abbreviation": "HS", "topics": ["heimildavinna", "m\u00e1lnotkun", "ritun", "setningafr\u00e6\u00f0i"]}, {"abbreviation": "KB", "topics": ["b\u00f3kmenntasaga", "heimildavinna", "kynningar", "valdir b\u00f3kmenntatextar"]}, {"abbreviation": "VT", "topics": ["b\u00f3kmenntasaga", "stefnur \u00ed listum og menningu", "valdir b\u00f3kmenntatextar"]}, {"abbreviation": "KF", "topics": ["fr\u00e6\u00f0ileg umfj\u00f6llun", "kvikmyndafr\u00e6\u00f0i", "kvikmyndal\u00e6si", "samf\u00e9lagsr\u00fdni"]}, {"abbreviation": "UM", "topics": ["m\u00e1lfr\u00e6\u00f0i", "or\u00f0afor\u00f0i", "uppruni m\u00e1la", "\u00edslensk m\u00e1lsaga"]}, {"abbreviation": "\u00deH", "topics": ["\u00fej\u00f3\u00f0h\u00e1ttafr\u00e6\u00f0i", "\u00fej\u00f3\u00f0l\u00edfsfr\u00e6\u00f0i", "\u00fej\u00f3\u00f0sagnafr\u00e6\u00f0i og hversdagsmenning"]}, {"abbreviation": "FS", "topics": ["lestur fagurb\u00f3kmennta", "skapandi skrif", "t\u00falkunarm\u00f6guleikar"]}, {"abbreviation": "KS", "topics": ["mi\u00f0aldab\u00f3kmenntir (kv\u00e6\u00f0i og s\u00f6gur)", "\u00e1hrif \u00feeirra \u00e1 n\u00fat\u00edmaverk"]}, {"abbreviation": "TS", "topics": ["m\u00e1lfar", "samf\u00e9lag", "tj\u00e1skipti", "tungum\u00e1l"]}, {"abbreviation": "\u00c1\u00d6", "topics": ["\u00c1stir og \u00f6rl\u00f6g \u00ed b\u00f3kmenntum fyrri alda"]}, {"abbreviation": "LH", "topics": ["Leikh\u00fas", "leiklist og leikb\u00f3kmenntir"]}, {"abbreviation": "DE", "topics": ["Delludagar", "Lestur og ritun"]}, {"abbreviation": "FV", "topics": ["Frumverk", "Lestur og ritun"]}, {"abbreviation": "A\u00de", "topics": ["Af\u00fereyingarb\u00f3kmenntir"]}, {"abbreviation": "B\u00de", "topics": ["\u00dej\u00f3\u00f0ararfurinn og tenging hans vi\u00f0 n\u00fat\u00edmann"]}, {"abbreviation": "OS", "topics": ["Or\u00f0spor"]}, {"abbreviation": "UT", "topics": ["Munnleg tj\u00e1ning"]}, {"abbreviation": "V\u00cd", "topics": ["V\u00edkingar og menning \u00feeirra"]}, {"abbreviation": "LX", "topics": ["Halld\u00f3r Laxness"]}, {"abbreviation": "ON", "topics": ["Beyginar", "frambur\u00f0ur", "setningaskipan og or\u00f0afor\u00f0i n\u00fat\u00edmam\u00e1ls"]}, {"abbreviation": "GE", "topics": ["B\u00f3kmenntagreining", "eddukv\u00e6\u00f0i og ritun.", "go\u00f0afr\u00e6\u00f0i"]}, {"abbreviation": "BA", "topics": ["B\u00f3kmenntir s\u00ed\u00f0ari alda"]}, {"abbreviation": "F\u00c9", "topics": ["F\u00e9lagsleg m\u00e1lv\u00edsindi"]}, {"abbreviation": "\u00cdR", "topics": ["mi\u00f0aldab\u00f3kmenntir", "r\u00f3mant\u00edk og ritun", "\u00cdslendingasaga"]}, {"abbreviation": "RD", "topics": ["Rauns\u00e6i", "b\u00f3kmenntasaga 20. aldar og 21. aldar."]}, {"abbreviation": "LG", "topics": ["Lestur g\u00f3\u00f0ra b\u00f3ka"]}, {"abbreviation": "NS", "topics": ["N\u00fat\u00edmab\u00f3kmenntir", "lestur og skapandi skrif"]}, {"abbreviation": "VH", "topics": ["b\u00f3kmenntir", "l\u00e6si", "velfer\u00f0"]}, {"abbreviation": "VF", "topics": ["l\u00e6si", "velfer\u00f0 og b\u00f3kmenntir"]}, {"abbreviation": "UL", "topics": ["l\u00e6si", "sk\u00f6pun", "uppg\u00f6tvun"]}], "_id": "50c0a02dd8e40575f7f6f4a2", "subjects": ["\u00edslenska"], "counter": {"1": 54, "3": 63, "2": 47, "4": 2}}, "evaluation": "N\u00e1msmat er \u00fatf\u00e6rt \u00ed kennslu\u00e1\u00e6tlun \u00ed samr\u00e6mi vi\u00f0 sk\u00f3lan\u00e1mskr\u00e1", "categorization_suggestion": "", "embedded_topics": {"abbreviation": "NB", "topics": ["n\u00fat\u00edmab\u00f3kmenntir"]}, "status": "approved by school", "description": "Fjalla\u00f0 er um \u00edslenskar b\u00f3kmenntir fr\u00e1 1970 til dagsins \u00ed dag. L\u00f6g\u00f0 er \u00e1hersla \u00e1 hvernig  b\u00f3kmenntirnar endurspegla \u00fej\u00f3\u00f0f\u00e9lagi\u00f0.", "knowledge_goals": ["\u00f6llum helstu b\u00f3kmenntahugt\u00f6kum", "mismunandi tegundum b\u00f3kmennta", "b\u00f3kmenntastefnum \u00ed \u00edslenskum b\u00f3kmenntum fr\u00e1 1970"], "skills_goals": ["lesa s\u00e9r til gagns og gamans og r\u00fdna \u00ed b\u00f3kmenntatexta", "n\u00fdta sk\u00f6punarg\u00e1fu og s\u00fdna sj\u00e1lfst\u00e6\u00f0i vi\u00f0 \u00farvinnslu verkefna", "flytja af \u00f6ryggi vel uppbygg\u00f0a kynningu \u00e1 krefjandi efni", "skrifa ritger\u00f0ir \u00fear sem hann beitir gagnr\u00fdnni hugsun vi\u00f0 \u00farvinnslu og kemur efninu \u00e1 framf\u00e6ri \u00e1 sk\u00fdran og greinarg\u00f3\u00f0an h\u00e1tt \u00e1 bl\u00e6brig\u00f0ar\u00edku m\u00e1li"], "credits": 5, "last_modified": 1421141789.536782, "schools": ["512353008caa45ed97015b49"], "coauthors": null, "instructions": "", "continued_education": false, "level": 3, "prerequisites": "\u00cdSLE3NM05 e\u00f0a samb\u00e6rilegur \u00e1fangi", "author": "d97bdbe1-9740-4273-ac35-b0175df53eee", "abbreviation_version": null, "competence_goals": [["draga saman a\u00f0alatri\u00f0i og beita gagnr\u00fdnni hugsun vi\u00f0 lestur, t\u00falkun og \u00farvinnslu krefjandi texta og geta mi\u00f0la\u00f0 \u00fev\u00ed \u00e1 sk\u00fdran h\u00e1tt til samnemenda sinna", ""], ["\u00e1tta sig \u00e1 samf\u00e9lagslegri sk\u00edrskotun og n\u00e1 duldum bo\u00f0skap og hugmyndum \u00ed texta", ""], ["s\u00fdna frumkv\u00e6\u00f0i og sj\u00e1lfst\u00e6\u00f0i \u00ed vinnubr\u00f6g\u00f0um", ""], ["s\u00fdna \u00feroska\u00f0a si\u00f0fer\u00f0isvitund, v\u00ed\u00f0s\u00fdni, sk\u00f6punarh\u00e6fni og saml\u00ed\u00f0an \u00ed m\u00e1lflutningi s\u00ednum, umfj\u00f6llun og verkum", ""]], "_id": "54b4e71d62933a47e1000a2b"}, {"exemplary": null, "topics": "b\u00f3kmenntasaga 1550-1900, l\u00e6rd\u00f3ms\u00f6ld, rauns\u00e6i", "abbreviation": "\u00cdSLE3LF05", "former_schools": null, "subject": "\u00edslenska", "title": "\u00cdslenskar b\u00f3kmenntir fr\u00e1 l\u00e6rd\u00f3ms\u00f6ld til rauns\u00e6is", "version": 65, "status_trans": "Sam\u00feykkt af sk\u00f3la", "embedded_subject": {"abbreviation": "\u00cdSLE", "topics": [{"abbreviation": "VR", "topics": ["ritun", "vi\u00f0skiptaskj\u00f6l"]}, {"abbreviation": "TM", "topics": ["m\u00e1lskilningur", "tj\u00e1ning"]}, {"abbreviation": "MS", "topics": ["m\u00e1lskilningur", "s\u00e9rdeild"]}, {"abbreviation": "RT", "topics": ["ritun og tj\u00e1ning"]}, {"abbreviation": "LL", "topics": ["leshra\u00f0i", "lesskilningur"]}, {"abbreviation": "MM", "topics": ["m\u00e1lfr\u00e6\u00f0i", "m\u00e1ltilfinning"]}, {"abbreviation": "RG", "topics": ["greinamerkjasetning", "r\u00e9ttritun"]}, {"abbreviation": "SF", "topics": ["fr\u00f3\u00f0leiks\u00f6flun", "samskipti"]}, {"abbreviation": "BK", "topics": ["b\u00f3kmenntir", "kj\u00f6rb\u00f3k"]}, {"abbreviation": "RB", "topics": ["b\u00f3kmenntir", "ritun"]}, {"abbreviation": "BM", "topics": ["b\u00f3kmenntir", "m\u00e1lsaga", "ritun", "tj\u00e1ning"]}, {"abbreviation": "NB", "topics": ["n\u00fat\u00edmab\u00f3kmenntir"]}, {"abbreviation": "BF", "topics": ["b\u00f3kmenntir fyrri alda"]}, {"abbreviation": "SB", "topics": ["menning", "samt\u00edmab\u00f3kmenntir"]}, {"abbreviation": "BB", "topics": ["barnab\u00f3kmenntir"]}, {"abbreviation": "HR", "topics": ["hra\u00f0lestur"]}, {"abbreviation": "YN", "topics": ["yndislestur"]}, {"abbreviation": "ML", "topics": ["leskilningur", "m\u00e1lnotkun", "m\u00e1ltaka", "ritun og tj\u00e1ning"]}, {"abbreviation": "MB", "topics": ["b\u00f3kmenntir og ritun", "m\u00e1lnotkun"]}, {"abbreviation": "MN", "topics": ["b\u00f3kmenntir", "m\u00e1lsaga og nafnasi\u00f0ir"]}, {"abbreviation": "YH", "topics": ["hra\u00f0lestur", "yndislestur"]}, {"abbreviation": "BS", "topics": ["b\u00f3kmenntir s\u00ed\u00f0ari alda"]}, {"abbreviation": "FH", "topics": ["f\u00e9lagsleg m\u00e1lv\u00edsindi", "hlj\u00f3\u00f0fr\u00e6\u00f0i og hlj\u00f3\u00f0kerfisfr\u00e6\u00f0i", "\u00fe\u00fd\u00f0ingar"]}, {"abbreviation": "TB", "topics": ["tj\u00e1skipti barna og fullor\u00f0inna"]}, {"abbreviation": "GL", "topics": ["gl\u00e6pas\u00f6gur"]}, {"abbreviation": "RM", "topics": ["m\u00e1lfr\u00e6\u00f0i", "ritun", "stafsetning"]}, {"abbreviation": "BT", "topics": ["bragfr\u00e6\u00f0i", "setningafr\u00e6\u00f0i", "textar fr\u00e1 \u00fdmsum l\u00f6ndum"]}, {"abbreviation": "MT", "topics": ["m\u00e1lfr\u00e6\u00f0i", "ritun og tj\u00e1ning"]}, {"abbreviation": "BR", "topics": ["b\u00f3kmenntir", "m\u00e1lnotkun", "ritun"]}, {"abbreviation": "MG", "topics": ["b\u00f3kmenntir og ritun", "go\u00f0afr\u00e6\u00f0i", "m\u00e1lsaga"]}, {"abbreviation": "EU", "topics": ["eddukv\u00e6\u00f0i", "uppl\u00fdsing"]}, {"abbreviation": "UK", "topics": ["kreppa", "uppl\u00fdsing"]}, {"abbreviation": "KA", "topics": ["aldam\u00f3t", "kreppa"]}, {"abbreviation": "RN", "topics": ["n\u00fat\u00edmab\u00f3kmenntir", "ritger\u00f0arsm\u00ed\u00f0"]}, {"abbreviation": "KU", "topics": ["kynningarefni", "ums\u00f3knir"]}, {"abbreviation": "RI", "topics": ["ritger\u00f0arsm\u00ed\u00f0", "textar fr\u00e1 \u00fdmsum l\u00f6ndum"]}, {"abbreviation": "BG", "topics": ["b\u00f3kmenntir", "go\u00f0afr\u00e6\u00f0i", "m\u00e1lsaga"]}, {"abbreviation": "FM", "topics": ["fornb\u00f3kmenntir", "m\u00e1lfr\u00e6\u00f0i"]}, {"abbreviation": "BN", "topics": ["b\u00f3kmenntir", "n\u00fat\u00edmi"]}, {"abbreviation": "FO", "topics": ["fornb\u00f3kmenntir"]}, {"abbreviation": "UN", "topics": ["undirb\u00fanings\u00e1fangi \u00ed \u00edslensku"]}, {"abbreviation": "MR", "topics": ["b\u00f3kmenntir", "m\u00e1lnotkun og ritun"]}, {"abbreviation": "ED", "topics": ["eddukv\u00e6\u00f0i og \u00edslendingas\u00f6gur"]}, {"abbreviation": "NJ", "topics": ["fr\u00e1 nj\u00e1lu til n\u00fdr\u00f3mant\u00edkur"]}, {"abbreviation": "\u00d6L", "topics": ["b\u00f3kmenntir \u00e1 20. \u00f6ld"]}, {"abbreviation": "ME", "topics": ["b\u00f3kmenntir"]}, {"abbreviation": "RL", "topics": ["lestur", "ritun og tj\u00e1ning"]}, {"abbreviation": "MI", "topics": ["m\u00e1l og b\u00f3kmenntir fr\u00e1 si\u00f0askiptum til aldam\u00f3tanna 1900"]}, {"abbreviation": "GM", "topics": ["go\u00f0afr\u00e6\u00f0i", "m\u00e1lsaga"]}, {"abbreviation": "GR", "topics": ["grunnur"]}, {"abbreviation": "LR", "topics": ["lestur og ritun"]}, {"abbreviation": "ST", "topics": ["stafsetning"]}, {"abbreviation": "\u00cdS", "topics": ["\u00edslenska"]}, {"abbreviation": "LT", "topics": ["lestur", "m\u00e1lfr\u00e6\u00f0i", "ritun", "stafsetning", "tj\u00e1ning"]}, {"abbreviation": "SR", "topics": ["lestur og tj\u00e1ning", "m\u00e1lfr\u00e6\u00f0i", "ritun", "stafsetning"]}, {"abbreviation": "GO", "topics": ["go\u00f0afr\u00e6\u00f0i", "m\u00e1lnotkun og ritun", "m\u00e1lsaga"]}, {"abbreviation": "NH", "topics": ["b\u00f3kmenntasaga 1900 til samt\u00edmans", "hugtakabeiting", "n\u00fat\u00edmab\u00f3kmenntir"]}, {"abbreviation": "RR", "topics": ["ritger\u00f0asm\u00ed\u00f0", "ritun"]}, {"abbreviation": "LF", "topics": ["b\u00f3kmenntasaga 1550-1900", "l\u00e6rd\u00f3ms\u00f6ld", "rauns\u00e6i"]}, {"abbreviation": "VE", "topics": ["verkefni vali\u00f0 og almenn b\u00f3kmenntafr\u00e6\u00f0i kynnt"]}, {"abbreviation": "MV", "topics": ["m\u00e1lv\u00edsindi"]}, {"abbreviation": "YF", "topics": ["Yndislestur framhald"]}, {"abbreviation": "MH", "topics": ["M\u00e1lsaga og go\u00f0afr\u00e6\u00f0i hra\u00f0fer\u00f0"]}, {"abbreviation": "FF", "topics": ["Fornb\u00f3kmenntir hra\u00f0fer\u00f0"]}, {"abbreviation": "YM", "topics": ["Yndislestur 2"]}, {"abbreviation": "FJ", "topics": ["fj\u00f6lmi\u00f0lal\u00e6si"]}, {"abbreviation": "RV", "topics": ["ritger\u00f0arvinna"]}, {"abbreviation": "LS", "topics": ["- sk\u00e1ldsaga \u00far n\u00fat\u00edma", "lestur og lesskilningur"]}, {"abbreviation": "L\u00cd", "topics": ["lestur og lesskilningur - \u00edslendingas\u00f6gur"]}, {"abbreviation": "LE", "topics": ["lestur og lesskilningur - sk\u00e1lds\u00f6gur 20. aldar"]}, {"abbreviation": "H\u00cd", "topics": ["Hagn\u00fdt \u00edslenska"]}, {"abbreviation": "\u00cdM", "topics": ["\u00edslensk m\u00e1lsaga"]}, {"abbreviation": "KV", "topics": ["b\u00f3kmenntir og kvikmyndir"]}, {"abbreviation": "NG", "topics": ["Norr\u00e6n go\u00f0afr\u00e6\u00f0i"]}, {"abbreviation": "LJ", "topics": ["Lj\u00f3\u00f0"]}, {"abbreviation": "AA", "topics": ["Lestur og ritun"]}, {"abbreviation": "\u00cdC", "topics": ["\u00cdslenska \u00e1 starfsbraut"]}, {"abbreviation": "\u00cdA", "topics": ["\u00cdslenska 1 \u00e1 starfsbraut"]}, {"abbreviation": "\u00cdB", "topics": ["\u00cdslenska 2 \u00e1 starfsbraut"]}, {"abbreviation": "N\u00dd", "topics": ["N\u00fdsk\u00f6pun"]}, {"abbreviation": "AB", "topics": ["B\u00f3kmenntir", "m\u00e1lfr\u00e6\u00f0i og ritun"]}, {"abbreviation": "HI", "topics": ["M\u00e1lnotkun og ritun"]}, {"abbreviation": "TR", "topics": ["M\u00e1lnotun og ritun"]}, {"abbreviation": "TL", "topics": ["L\u00e6si", "ritun", "tj\u00e1ning"]}, {"abbreviation": "OH", "topics": ["hlustun", "or\u00f0afor\u00f0i", "talm\u00e1l og ritun"]}, {"abbreviation": "ES", "topics": ["Eddukv\u00e6\u00f0i til si\u00f0askipta"]}, {"abbreviation": "NA", "topics": ["N\u00fdr\u00f3mant\u00edk til aldam\u00f3ta"]}, {"abbreviation": "SN", "topics": ["Si\u00f0askipti til n\u00fdr\u00f3mant\u00edkur"]}, {"abbreviation": "YL", "topics": ["Yndislestur"]}, {"abbreviation": "SS", "topics": ["Stafsetning"]}, {"abbreviation": "BU", "topics": ["Barna- og unglingab\u00f3kmenntir"]}, {"abbreviation": "SK", "topics": ["sk\u00e1lds\u00f6gur"]}, {"abbreviation": "B\u00d3", "topics": ["B\u00f3kmenntir og tungum\u00e1l fr\u00e1 landn\u00e1mi til si\u00f0askipta"]}, {"abbreviation": "M\u00c1", "topics": ["M\u00e1l- og menningarsaga"]}, {"abbreviation": "NF", "topics": ["N\u00fdsk\u00f6punarferli\u00f0: \u00fe\u00f6rf", "afur\u00f0", "lausn"]}, {"abbreviation": "A\u00cd", "topics": ["Almenn \u00edslenska \u00e1 1 \u00ferepi"]}, {"abbreviation": "AM", "topics": ["almenn m\u00e1lnotkun", "b\u00f3kmenntir", "ritun"]}, {"abbreviation": "RS", "topics": ["Skapandi skrif"]}, {"abbreviation": "SP", "topics": ["Spennus\u00f6gur"]}, {"abbreviation": "\u00cdD", "topics": ["\u00cdslenska \u00e1 starfsbraut 4"]}, {"abbreviation": "\u00cdE", "topics": ["\u00cdslenska 5 \u00e1 starfsbraut"]}, {"abbreviation": "SM", "topics": ["Sk\u00e1lds\u00f6gur"]}, {"abbreviation": "M\u00de", "topics": ["\u00cdSLE"]}, {"abbreviation": "SA", "topics": ["Sk\u00f6pun \u00ed v\u00ed\u00f0u samhengi"]}, {"abbreviation": "SJ", "topics": ["L\u00e6si", "b\u00f3kmenntir", "hugtakaskilningur", "m\u00e1lfr\u00e6\u00f0i", "sj\u00e1lfb\u00e6rni og ritun"]}, {"abbreviation": "LM", "topics": ["L\u00e6si", "l\u00fd\u00f0r\u00e6\u00f0i", "mannr\u00e9ttindi og b\u00f3kmenntir"]}, {"abbreviation": "JR", "topics": ["L\u00e6si", "b\u00f3kmenntir og ritun", "jafnr\u00e9tti"]}, {"abbreviation": "HV", "topics": ["L\u00e6si", "heilbrig\u00f0i", "velfer\u00f0 og b\u00f3kmenntir"]}, {"abbreviation": "DB", "topics": ["Sk\u00f3labla\u00f0"]}, {"abbreviation": "\u00c6F", "topics": ["Go\u00f0s\u00f6gur", "fantas\u00edur", "\u00e6vint\u00fdri"]}, {"abbreviation": "VM", "topics": ["Verkefna\u00e1fangi \u00ed m\u00e1lv\u00edsindum"]}, {"abbreviation": "VB", "topics": ["Verkefna\u00e1fangi \u00ed b\u00f3kmenntum"]}, {"abbreviation": "SW", "topics": ["Stafsetning og ritun"]}, {"abbreviation": "MF", "topics": ["M\u00e1lfr\u00e6\u00f0i"]}, {"abbreviation": "SG", "topics": ["B\u00f3kmenntir", "setningafr\u00e6\u00f0i og go\u00f0afr\u00e6\u00f0i"]}, {"abbreviation": "OF", "topics": ["frambur\u00f0ur", "lestrarf\u00e6rni", "or\u00f0afor\u00f0i"]}, {"abbreviation": "CA", "topics": ["B\u00f3kmenntir fram til 1550"]}, {"abbreviation": "BH", "topics": ["Go\u00f0afr\u00e6\u00f0i", "m\u00e1lsaga og ritger\u00f0asm\u00ed\u00f0"]}, {"abbreviation": "DD", "topics": ["B\u00f3kmenntir og b\u00f3kmenntasaga", "einkum 1550-1900."]}, {"abbreviation": "CH", "topics": ["\u00cdslenska 3. Hra\u00f0fer\u00f0"]}, {"abbreviation": "EE", "topics": ["B\u00f3kmenntir og b\u00f3kmenntasaga eftir 1900."]}, {"abbreviation": "HL", "topics": ["M\u00e1lsaga og hlj\u00f3\u00f0fr\u00e6\u00f0i"]}, {"abbreviation": "CB", "topics": ["heimsb\u00f3kmenntir"]}, {"abbreviation": "AL", "topics": ["Almenn m\u00e1lnotkun og l\u00e6si"]}, {"abbreviation": "GF", "topics": ["Go\u00f0afr\u00e6\u00f0i og fornb\u00f3kmenntir"]}, {"abbreviation": "TE", "topics": ["Ritun og textagreining"]}, {"abbreviation": "MA", "topics": ["Menningararfur \u00ed n\u00fat\u00edmanum"]}, {"abbreviation": "S\u00c1", "topics": ["Skrefa\u00f0", "skrifa\u00f0 og skrafa\u00f0 um n\u00e6rsamf\u00e9lagi\u00f0/\u00e1tthagana."]}, {"abbreviation": "NM", "topics": ["fr\u00e1 n\u00fdr\u00f3mant\u00edk til m\u00f3dernisma"]}, {"abbreviation": "HM", "topics": ["Heimildir og m\u00e1lnotkun"]}, {"abbreviation": "M\u00c6", "topics": ["Menningarl\u00e6si"]}, {"abbreviation": "CK", "topics": ["\u00edslenskar kvikmyndir"]}, {"abbreviation": "CL", "topics": ["Leikh\u00fas og leikb\u00f3kmenntir"]}, {"abbreviation": "DL", "topics": ["Leikh\u00fas og leikb\u00f3kmenntir."]}, {"abbreviation": "CN", "topics": ["\u00derj\u00fa verk Halld\u00f3rs Laxness."]}, {"abbreviation": "HB", "topics": ["B\u00f3kmenntir", "heimildaritger\u00f0", "m\u00e1lsaga"]}, {"abbreviation": "CU", "topics": ["Barnab\u00f3kmenntir."]}, {"abbreviation": "CP", "topics": ["Textager\u00f0 og ritstj\u00f3rn"]}, {"abbreviation": "CY", "topics": ["Yndislestur I"]}, {"abbreviation": "DY", "topics": ["Yndislestur II"]}, {"abbreviation": "RH", "topics": ["\u00darvinnsla heimilda og ritun"]}, {"abbreviation": "B\u00cd", "topics": ["B\u00f3kmenntasaga", "\u00cdslendingasaga og forn kve\u00f0skapur"]}, {"abbreviation": "BL", "topics": ["B\u00f3kmenntasaga", "leikritalestur", "lj\u00f3\u00f0alestur", "n\u00fat\u00edmab\u00f3kmenntir"]}, {"abbreviation": "RF", "topics": ["Ritger\u00f0arskrif", "go\u00f0afr\u00e6\u00f0i og m\u00e1lsaga"]}, {"abbreviation": "KM", "topics": ["b\u00f3kmenntir", "kv\u00e6\u00f0i", "lj\u00f3\u00f0", "m\u00e1lnotkun", "ritun"]}, {"abbreviation": "SL", "topics": ["Ritlist"]}, {"abbreviation": "RO", "topics": ["lestur", "m\u00e1lnotkun", "or\u00f0afor\u00f0i", "ritun"]}, {"abbreviation": "LB", "topics": ["b\u00f3kmenntir", "l\u00e6si", "ritun", "stafsetning"]}, {"abbreviation": "FL", "topics": ["frams\u00f6gn", "lestur", "margv\u00edsleg ritun", "or\u00f0afor\u00f0i"]}, {"abbreviation": "HS", "topics": ["heimildavinna", "m\u00e1lnotkun", "ritun", "setningafr\u00e6\u00f0i"]}, {"abbreviation": "KB", "topics": ["b\u00f3kmenntasaga", "heimildavinna", "kynningar", "valdir b\u00f3kmenntatextar"]}, {"abbreviation": "VT", "topics": ["b\u00f3kmenntasaga", "stefnur \u00ed listum og menningu", "valdir b\u00f3kmenntatextar"]}, {"abbreviation": "KF", "topics": ["fr\u00e6\u00f0ileg umfj\u00f6llun", "kvikmyndafr\u00e6\u00f0i", "kvikmyndal\u00e6si", "samf\u00e9lagsr\u00fdni"]}, {"abbreviation": "UM", "topics": ["m\u00e1lfr\u00e6\u00f0i", "or\u00f0afor\u00f0i", "uppruni m\u00e1la", "\u00edslensk m\u00e1lsaga"]}, {"abbreviation": "\u00deH", "topics": ["\u00fej\u00f3\u00f0h\u00e1ttafr\u00e6\u00f0i", "\u00fej\u00f3\u00f0l\u00edfsfr\u00e6\u00f0i", "\u00fej\u00f3\u00f0sagnafr\u00e6\u00f0i og hversdagsmenning"]}, {"abbreviation": "FS", "topics": ["lestur fagurb\u00f3kmennta", "skapandi skrif", "t\u00falkunarm\u00f6guleikar"]}, {"abbreviation": "KS", "topics": ["mi\u00f0aldab\u00f3kmenntir (kv\u00e6\u00f0i og s\u00f6gur)", "\u00e1hrif \u00feeirra \u00e1 n\u00fat\u00edmaverk"]}, {"abbreviation": "TS", "topics": ["m\u00e1lfar", "samf\u00e9lag", "tj\u00e1skipti", "tungum\u00e1l"]}, {"abbreviation": "\u00c1\u00d6", "topics": ["\u00c1stir og \u00f6rl\u00f6g \u00ed b\u00f3kmenntum fyrri alda"]}, {"abbreviation": "LH", "topics": ["Leikh\u00fas", "leiklist og leikb\u00f3kmenntir"]}, {"abbreviation": "DE", "topics": ["Delludagar", "Lestur og ritun"]}, {"abbreviation": "FV", "topics": ["Frumverk", "Lestur og ritun"]}, {"abbreviation": "A\u00de", "topics": ["Af\u00fereyingarb\u00f3kmenntir"]}, {"abbreviation": "B\u00de", "topics": ["\u00dej\u00f3\u00f0ararfurinn og tenging hans vi\u00f0 n\u00fat\u00edmann"]}, {"abbreviation": "OS", "topics": ["Or\u00f0spor"]}, {"abbreviation": "UT", "topics": ["Munnleg tj\u00e1ning"]}, {"abbreviation": "V\u00cd", "topics": ["V\u00edkingar og menning \u00feeirra"]}, {"abbreviation": "LX", "topics": ["Halld\u00f3r Laxness"]}, {"abbreviation": "ON", "topics": ["Beyginar", "frambur\u00f0ur", "setningaskipan og or\u00f0afor\u00f0i n\u00fat\u00edmam\u00e1ls"]}, {"abbreviation": "GE", "topics": ["B\u00f3kmenntagreining", "eddukv\u00e6\u00f0i og ritun.", "go\u00f0afr\u00e6\u00f0i"]}, {"abbreviation": "BA", "topics": ["B\u00f3kmenntir s\u00ed\u00f0ari alda"]}, {"abbreviation": "F\u00c9", "topics": ["F\u00e9lagsleg m\u00e1lv\u00edsindi"]}, {"abbreviation": "\u00cdR", "topics": ["mi\u00f0aldab\u00f3kmenntir", "r\u00f3mant\u00edk og ritun", "\u00cdslendingasaga"]}, {"abbreviation": "RD", "topics": ["Rauns\u00e6i", "b\u00f3kmenntasaga 20. aldar og 21. aldar."]}, {"abbreviation": "LG", "topics": ["Lestur g\u00f3\u00f0ra b\u00f3ka"]}, {"abbreviation": "NS", "topics": ["N\u00fat\u00edmab\u00f3kmenntir", "lestur og skapandi skrif"]}, {"abbreviation": "VH", "topics": ["b\u00f3kmenntir", "l\u00e6si", "velfer\u00f0"]}, {"abbreviation": "VF", "topics": ["l\u00e6si", "velfer\u00f0 og b\u00f3kmenntir"]}, {"abbreviation": "UL", "topics": ["l\u00e6si", "sk\u00f6pun", "uppg\u00f6tvun"]}], "_id": "50c0a02dd8e40575f7f6f4a2", "subjects": ["\u00edslenska"], "counter": {"1": 54, "3": 63, "2": 47, "4": 2}}, "evaluation": "N\u00e1msmat er \u00fatf\u00e6rt \u00ed kennslu\u00e1\u00e6tlun \u00ed samr\u00e6mi vi\u00f0 sk\u00f3lan\u00e1mskr\u00e1", "categorization_suggestion": "", "embedded_topics": {"abbreviation": "LF", "topics": ["b\u00f3kmenntasaga 1550-1900", "l\u00e6rd\u00f3ms\u00f6ld", "rauns\u00e6i"]}, "status": "approved by school", "description": "\u00cdslenskar b\u00f3kmenntir fr\u00e1 1550-1900. Fjalla\u00f0 ver\u00f0um um efni\u00f0 \u00fat fr\u00e1 b\u00f3kmenntastefnum \u00fe.e. l\u00e6rd\u00f3ms\u00f6ld, uppl\u00fdsinga\u00f6ld, r\u00f3mant\u00edk og rauns\u00e6i. L\u00f6g\u00f0 ver\u00f0ur \u00e1hersla \u00e1 hvernig b\u00f3kmenntirnar endurspegla \u00fe\u00e6r a\u00f0st\u00e6\u00f0ur sem \u00cdslendingar bjuggu vi\u00f0. ", "knowledge_goals": ["b\u00f3kmenntum og b\u00f3kmenntas\u00f6gu t\u00edmabilsins fr\u00e1 1550-1900", "or\u00f0afor\u00f0a sem n\u00e6gir til a\u00f0 lesa helstu verk \u00edslenskrar b\u00f3kmenntas\u00f6gu", "\u00f6llum helstu b\u00f3kmenntahugt\u00f6kum og mismunandi tegundum b\u00f3kmennta", "t\u00edmabilum \u00ed \u00edslenskum b\u00f3kmentum; l\u00e6rd\u00f3ms\u00f6ld, uppl\u00fdsing, r\u00f3mant\u00edk og rauns\u00e6i", "samspili b\u00f3kmennta og \u00fej\u00f3\u00f0f\u00e9lagsbreytinga", "algengum bragreglum og helstu bragarh\u00e1ttum"], "skills_goals": ["vinna me\u00f0 texta \u00fear sem hann beitir gagnr\u00fdnni hugsun vi\u00f0 \u00farvinnslu og kemur efninu \u00e1 framf\u00e6ri \u00e1 sk\u00fdran og greinarg\u00f3\u00f0an h\u00e1tt \u00e1 bl\u00e6brig\u00f0ar\u00edku m\u00e1li", "ganga fr\u00e1 texta og n\u00fdta s\u00e9r uppbyggilega gagnr\u00fdni", "skilja og nota vi\u00f0eigandi st\u00edlbr\u00f6g\u00f0, or\u00f0atilt\u00e6ki og menningarlegar v\u00edsanir \u00ed tal- og ritm\u00e1li", "n\u00fdta sk\u00f6punarg\u00e1fu og s\u00fdna sj\u00e1lfst\u00e6\u00f0i vi\u00f0 \u00farvinnslu verkefna", "flytja af \u00f6ryggi vel uppbygg\u00f0a kynningu \u00e1 krefjandi efni"], "credits": 5, "last_modified": 1421140024.10303, "schools": ["512353008caa45ed97015b49"], "coauthors": null, "instructions": "", "continued_education": false, "level": 3, "prerequisites": "10 einingar \u00ed \u00edslensku \u00e1 \u00f6\u00f0ru \u00ferepi", "author": "d97bdbe1-9740-4273-ac35-b0175df53eee", "abbreviation_version": null, "competence_goals": [["skrifa sk\u00fdran og vel uppbygg\u00f0an texta og geta vali\u00f0 ritst\u00edl eftir a\u00f0st\u00e6\u00f0um og vi\u00f0takendum", ""], ["beita m\u00e1linu \u00e1 vi\u00f0eigandi og \u00e1rangursr\u00edkan h\u00e1tt vi\u00f0 mismunandi a\u00f0st\u00e6\u00f0ur", ""], ["tj\u00e1 r\u00f6kstudda afst\u00f6\u00f0u og taka virkan \u00fe\u00e1tt \u00ed m\u00e1lefnalegri umr\u00e6\u00f0u", ""], ["draga saman a\u00f0alatri\u00f0i, beita gagnr\u00fdnni hugsun vi\u00f0 lestur, t\u00falkun og \u00farvinnslu krefjandi texta og geta mi\u00f0la\u00f0 \u00fev\u00ed \u00e1 sk\u00fdran h\u00e1tt til samnemenda sinna", ""], ["\u00e1tta sig \u00e1 samf\u00e9lagslegri sk\u00edrskotun og n\u00e1 duldum bo\u00f0skap og hugmyndum", ""], ["s\u00fdna frumkv\u00e6\u00f0i og sj\u00e1lfst\u00e6\u00f0i \u00ed vinnubr\u00f6g\u00f0um", ""]], "_id": "54b4e03862933a47e1000a16"}, {"exemplary": null, "topics": "\u00fer\u00f3un f\u00e9lagsv\u00edsinda", "abbreviation": "F\u00c9LV1\u00deF05", "former_schools": null, "subject": "f\u00e9lagsv\u00edsindi", "title": "\u00der\u00f3un f\u00e9lagsv\u00edsinda", "version": 7, "status_trans": "Sam\u00feykkt af sk\u00f3la", "embedded_subject": {"abbreviation": "F\u00c9LV", "topics": [{"abbreviation": "IF", "topics": ["inngangur a\u00f0 f\u00e9lagsv\u00edsindum"]}, {"abbreviation": "AF", "topics": ["a\u00f0fer\u00f0ir f\u00e9lagsv\u00edsinda"]}, {"abbreviation": "LV", "topics": ["lokaverkefni"]}, {"abbreviation": "SJ", "topics": ["sj\u00f3narhorn f\u00e9lagsv\u00edsinda"]}, {"abbreviation": "\u00deF", "topics": ["\u00fer\u00f3un f\u00e9lagsv\u00edsinda"]}, {"abbreviation": "US", "topics": ["f\u00e9lagsfr\u00e6\u00f0i", "s\u00e1lfr\u00e6\u00f0i", "uppeldisfr\u00e6\u00f0i", "\u00fer\u00f3un f\u00e9lagsv\u00edsinda"]}, {"abbreviation": "KF", "topics": ["f\u00e9lagsv\u00edsindagreinar", "v\u00edsindaleg vinnubr\u00f6g\u00f0", "yfirlit"]}, {"abbreviation": "UF", "topics": ["Undirb\u00faningur a\u00f0 f\u00e9lagsv\u00edsindum"]}, {"abbreviation": "ST", "topics": ["Stj\u00f3rnm\u00e1lafr\u00e6\u00f0i"]}, {"abbreviation": "FF", "topics": ["F\u00e9lags- og fj\u00f6lmi\u00f0lafr\u00e6\u00f0i"]}, {"abbreviation": "FF", "topics": ["F\u00e9lags- og fj\u00f6lmi\u00f0lafr\u00e6\u00f0i"]}, {"abbreviation": "FF", "topics": ["F\u00e9lags- og fj\u00f6lmi\u00f0lafr\u00e6\u00f0i"]}, {"abbreviation": "KA", "topics": ["Kenningar og a\u00f0fer\u00f0ir \u00ed f\u00e9lagsv\u00edsindum"]}, {"abbreviation": "JK", "topics": ["Jafnr\u00e9tti", "kynjafr\u00e6\u00f0i"]}], "_id": "50c0a02dd8e40575f7f6f49a", "subjects": ["f\u00e9lagsv\u00edsindi"], "counter": {"1": 6, "3": 0, "2": 1, "4": 0}}, "evaluation": "N\u00e1msmat er \u00fatf\u00e6rt \u00ed kennslu\u00e1\u00e6tlun \u00ed samr\u00e6mi vi\u00f0 sk\u00f3lan\u00e1mskr\u00e1.", "categorization_suggestion": "", "embedded_topics": {"abbreviation": "\u00deF", "topics": ["\u00fer\u00f3un f\u00e9lagsv\u00edsinda"]}, "status": "approved by school", "description": "\u00cd \u00feessum byrjunar\u00e1fanga f\u00e1 nemendur inns\u00fdn \u00ed mismunandi greinar f\u00e9lagsv\u00edsindanna me\u00f0 s\u00e9rstaka \u00e1herslu \u00e1 f\u00e9lagsfr\u00e6\u00f0i, s\u00e1lfr\u00e6\u00f0i og uppeldisfr\u00e6\u00f0i. Fari\u00f0 er \u00ed upphaf og s\u00f6gu f\u00e9lagsv\u00edsinda, mismunandi stefnur og sj\u00f3narmi\u00f0 og nokkra helstu frumkv\u00f6\u00f0la innan f\u00e9lagsv\u00edsindanna. Fjalla\u00f0 er um grunneiningar samf\u00e9lagsins og \u00e1hrif \u00feess \u00e1 einstaklinginn og l\u00edf hans. L\u00f6g\u00f0 er \u00e1hersla \u00e1 a\u00f0 nemendur \u00f6\u00f0list \u00feekkingu \u00e1 umhverfi s\u00ednu og geti mynda\u00f0 s\u00e9r sko\u00f0anir \u00e1 m\u00e1lefnum sem efst \u00e1 baugi eru hverju sinni. Nemendur fr\u00e6\u00f0ast um \u00fe\u00e1 \u00fe\u00e6tti sem hafa \u00e1hrif \u00e1 l\u00edf barna og fullor\u00f0inna \u00ed n\u00fat\u00edma\u00fej\u00f3\u00f0f\u00e9lagi. Einnig er \u00feeim gefin inns\u00fdn \u00ed \u00fe\u00e1 hugmyndafr\u00e6\u00f0i sem n\u00fat\u00edma f\u00e9lagsv\u00edsindi byggja \u00e1, mismunandi vi\u00f0fangsefni \u00feeirra og mikilv\u00e6gi \u00ed daglegu l\u00edfi. Sem d\u00e6mi um einstaka efnis\u00fe\u00e6tti m\u00e1 nefna: f\u00e9lagskerfi\u00f0, hagkerfi\u00f0 og stj\u00f3rnkerfi\u00f0, erf\u00f0ir og umhverfi, frj\u00e1ls vilji, l\u00f6ghyggja, f\u00e9lagsm\u00f3tun, \u00fer\u00f3un menntunar, kynhlutverk og jafnfr\u00e9tti, menning og tr\u00faarbr\u00f6g\u00f0, fj\u00f6lskyldan, vinna og atvinnul\u00edf.", "knowledge_goals": ["algengustu grunnhugt\u00f6kum, vi\u00f0fangsefnum og sj\u00f3narmi\u00f0um f\u00e9lagsv\u00edsinda", "s\u00f6gulegum uppruna og \u00fer\u00f3un f\u00e9lagsv\u00edsinda", "\u00f3l\u00edkum \u00f6flum sem hafa \u00e1hrif \u00e1 m\u00f3tun einstaklingsins", "\u00feeim f\u00e9lagslegu stofnunum sem hafa \u00e1hrif \u00e1 l\u00edf hans", "m\u00f6guleikum til a\u00f0 hafa \u00e1hrif \u00e1 l\u00edf sitt og umhverfi", "r\u00e9ttindum og skyldum gagnvart samf\u00e9laginu"], "skills_goals": ["beita algengustu hugt\u00f6kum f\u00e9lagsv\u00edsinda", "skilja st\u00f6\u00f0u s\u00edna innan samf\u00e9lagsins", "greina einkenni og \u00fer\u00f3un samf\u00e9laga", "greina ors\u00f6k og aflei\u00f0ingu", "a\u00f0 sko\u00f0a s\u00edna eigin heg\u00f0un og annarra \u00fat fr\u00e1 grundavallarhugmyndum f\u00e9lagsv\u00edsinda", "tj\u00e1 sig \u00ed r\u00e6\u00f0u og riti"], "credits": 5, "last_modified": 1426067566.027809, "schools": ["512353008caa45ed97015b49"], "coauthors": null, "instructions": "", "continued_education": false, "level": 1, "prerequisites": "", "author": "25b4b07d-34b0-4430-b202-09a07f04bf2c", "abbreviation_version": null, "competence_goals": [["afla uppl\u00fdsinga og vinna me\u00f0 \u00fe\u00e6r \u00e1 hagn\u00fdtan og fj\u00f6lbreyttan h\u00e1tt", ""], ["tj\u00e1 sig um og taka r\u00f6kstudda afst\u00f6\u00f0u til \u00e1litam\u00e1la", ""], ["bera vir\u00f0ingu fyrir mismunandi l\u00edfsgildum, mannr\u00e9ttindum og jafnr\u00e9tti", ""], ["setja sig \u00ed spor annarra", ""], ["skilja st\u00f6\u00f0u s\u00edna \u00ed samf\u00e9laginu og eiga fars\u00e6l samskipti vi\u00f0 umhverfi sitt", ""]], "_id": "5500106e62933a4692000f99"}], "title": "Kjarni"}, {"courses": [{"exemplary": null, "topics": "Grunnur a\u00f0 forritun", "abbreviation": "FORR1GR05", "former_schools": null, "subject": "forritun", "title": "Forritun I", "version": 5, "status_trans": "Sam\u00feykkt af sk\u00f3la", "embedded_subject": {"abbreviation": "FORR", "topics": [{"abbreviation": "GF", "topics": ["breytur", "fl\u00e6\u00f0ist\u00fdring", "gagnaskipan", "virkjar"]}, {"abbreviation": "HL", "topics": ["a\u00f0fer\u00f0ir", "erf\u00f0ir", "hlutir", "klasar", "notendavi\u00f0m\u00f3t"]}, {"abbreviation": "VE", "topics": ["Vefforritun"]}, {"abbreviation": "LE", "topics": ["Leikjaforritun 1"]}, {"abbreviation": "LF", "topics": ["Leikjaforritun 2"]}, {"abbreviation": "MC", "topics": ["Minecraft"]}, {"abbreviation": "SF", "topics": ["Skapandi forritun"]}, {"abbreviation": "RR", "topics": ["Reiknirit"]}, {"abbreviation": "GR", "topics": ["Grunnur a\u00f0 forritun"]}, {"abbreviation": "IC", "topics": ["C++", "Inngangur"]}, {"abbreviation": "H\u00c1", "topics": ["Forritun \u00ed h\u00e1sk\u00f3la"]}, {"abbreviation": "GS", "topics": ["Gagnas\u00f6fn"]}, {"abbreviation": "FF", "topics": ["Framework forritun"]}, {"abbreviation": "HF", "topics": ["Hlutbundin forritun"]}, {"abbreviation": "HC", "topics": ["C++", "Hlutbundin forritun"]}, {"abbreviation": "FM", "topics": ["Forritunarm\u00e1l"]}, {"abbreviation": "FG", "topics": ["Forritun"]}, {"abbreviation": "FA", "topics": ["forritun"]}, {"abbreviation": "N\u00de", "topics": ["Netforritun og \u00fer\u00e1\u00f0avinnsla"]}, {"abbreviation": "JS", "topics": ["JavaScript"]}, {"abbreviation": "FV", "topics": ["Vi\u00f0m\u00f3tsforritun"]}, {"abbreviation": "GL", "topics": ["Leikjaforritun I"]}, {"abbreviation": "FL", "topics": ["Leikjaforritun II"]}, {"abbreviation": "CG", "topics": ["Hlutbundi\u00f0 forritunarm\u00e1l"]}, {"abbreviation": "CF", "topics": ["Gagnaskipan"]}], "_id": "512a8b2762933a682f000343", "subjects": ["forritun"], "counter": {"1": 4, "3": 15, "2": 12, "4": 4}}, "evaluation": "N\u00e1msmat er \u00fatf\u00e6rt \u00ed kennslu\u00e1\u00e6tlun \u00ed samr\u00e6mi vi\u00f0 sk\u00f3lan\u00e1mskr\u00e1.", "categorization_suggestion": "", "embedded_topics": {"abbreviation": "GR", "topics": ["Grunnur a\u00f0 forritun"]}, "status": "approved by school", "description": "Fari\u00f0 er \u00ed undirst\u00f6\u00f0uatri\u00f0i forritunar. \u00cd \u00e1fanganum f\u00e1 nemendur undirst\u00f6\u00f0u\u00fej\u00e1lfun \u00ed forritun \u00ed hlutbundnu forritunarm\u00e1li. N\u00e1mi\u00f0 stu\u00f0lar a\u00f0 f\u00e6rni \u00fe\u00e1tttakenda \u00ed undirst\u00f6\u00f0uatri\u00f0um forritunar s.s. skilyr\u00f0issetningum, slaufum, a\u00f0fer\u00f0um og strengjavinnslu. L\u00f6g\u00f0 er \u00e1hersla \u00e1 a\u00f0 \u00fe\u00e1tttakendur s\u00fdni frumkv\u00e6\u00f0i og sj\u00e1lfst\u00e6\u00f0i \u00ed vinnubr\u00f6g\u00f0um. Nemendur temja s\u00e9r \u00f6gu\u00f0 og vi\u00f0urkennd vinnubr\u00f6g\u00f0 vi\u00f0 greiningu, h\u00f6nnun og pr\u00f3fun t\u00f6lvuforrita.\nN\u00e1mi\u00f0 n\u00fdtist sem g\u00f3\u00f0ur undirb\u00faningur fyrir frekara n\u00e1m \u00ed forritun. Kennslan byggist einkum \u00e1 verkefnavinnu nemanda og skilum \u00e1 verkefnum.\n", "knowledge_goals": ["uppbyggingu forrita", "skilyr\u00f0issetningum", "slaufum", "texta- og strengjavinnslu", "greiningu forrita", "h\u00f6nnun forrita", "pr\u00f3fun forrita"], "skills_goals": ["a\u00f0 vinna me\u00f0 grunnskipanir \u00ed forritun", "vinna me\u00f0 inntak og \u00fattak \u00ed forritun", "a\u00f0 hanna og forrita \u00e1 l\u00e6silegan h\u00e1tt", "a\u00f0 finna villur \u00ed forritum og laga \u00fe\u00e6r", "a\u00f0 nota Neti\u00f0 sem hj\u00e1lpart\u00e6ki", "a\u00f0 setja sk\u00fdringartexta inn \u00ed forrit til a\u00f0 gera \u00fea\u00f0 l\u00e6silegra", "sj\u00e1lfst\u00e6\u00f0um vinnubr\u00f6g\u00f0um"], "credits": 5, "last_modified": 1508234798.391294, "schools": ["512353008caa45ed97015b49"], "coauthors": null, "instructions": "", "continued_education": false, "level": 1, "prerequisites": "", "author": "6c2fcef4-a2a5-4b10-88f3-ca62dba9fffd", "abbreviation_version": null, "competence_goals": [["geta unni\u00f0 me\u00f0 grunnskipanir \u00ed forritun", ""], ["a\u00f0 geta lesi\u00f0 inn texta e\u00f0a t\u00f6lur \u00ed forrit og unni\u00f0 me\u00f0 \u00fe\u00e6r og skila\u00f0 \u00fev\u00ed aftur \u00fat \u00e1 skj\u00e1inn \u00feegar \u00farvinnslu er loki\u00f0", ""], ["nota slaufur og skilyr\u00f0issetningar \u00ed forritun", ""]], "_id": "59e5d62e62933a33e9007861"}, {"exemplary": null, "topics": "Forritunarm\u00e1l", "abbreviation": "FORR2FM05", "former_schools": null, "subject": "forritun", "title": "Forritun II", "version": 13, "status_trans": "Sam\u00feykkt af sk\u00f3la", "embedded_subject": {"abbreviation": "FORR", "topics": [{"abbreviation": "GF", "topics": ["breytur", "fl\u00e6\u00f0ist\u00fdring", "gagnaskipan", "virkjar"]}, {"abbreviation": "HL", "topics": ["a\u00f0fer\u00f0ir", "erf\u00f0ir", "hlutir", "klasar", "notendavi\u00f0m\u00f3t"]}, {"abbreviation": "VE", "topics": ["Vefforritun"]}, {"abbreviation": "LE", "topics": ["Leikjaforritun 1"]}, {"abbreviation": "LF", "topics": ["Leikjaforritun 2"]}, {"abbreviation": "MC", "topics": ["Minecraft"]}, {"abbreviation": "SF", "topics": ["Skapandi forritun"]}, {"abbreviation": "RR", "topics": ["Reiknirit"]}, {"abbreviation": "GR", "topics": ["Grunnur a\u00f0 forritun"]}, {"abbreviation": "IC", "topics": ["C++", "Inngangur"]}, {"abbreviation": "H\u00c1", "topics": ["Forritun \u00ed h\u00e1sk\u00f3la"]}, {"abbreviation": "GS", "topics": ["Gagnas\u00f6fn"]}, {"abbreviation": "FF", "topics": ["Framework forritun"]}, {"abbreviation": "HF", "topics": ["Hlutbundin forritun"]}, {"abbreviation": "HC", "topics": ["C++", "Hlutbundin forritun"]}, {"abbreviation": "FM", "topics": ["Forritunarm\u00e1l"]}, {"abbreviation": "FG", "topics": ["Forritun"]}, {"abbreviation": "FA", "topics": ["forritun"]}, {"abbreviation": "N\u00de", "topics": ["Netforritun og \u00fer\u00e1\u00f0avinnsla"]}, {"abbreviation": "JS", "topics": ["JavaScript"]}, {"abbreviation": "FV", "topics": ["Vi\u00f0m\u00f3tsforritun"]}, {"abbreviation": "GL", "topics": ["Leikjaforritun I"]}, {"abbreviation": "FL", "topics": ["Leikjaforritun II"]}, {"abbreviation": "CG", "topics": ["Hlutbundi\u00f0 forritunarm\u00e1l"]}, {"abbreviation": "CF", "topics": ["Gagnaskipan"]}], "_id": "512a8b2762933a682f000343", "subjects": ["forritun"], "counter": {"1": 4, "3": 15, "2": 12, "4": 4}}, "evaluation": "N\u00e1msmat er \u00fatf\u00e6rt \u00ed kennslu\u00e1\u00e6tlun \u00ed samr\u00e6mi vi\u00f0 sk\u00f3lan\u00e1mskr\u00e1.", "categorization_suggestion": "", "embedded_topics": {"abbreviation": "FM", "topics": ["Forritunarm\u00e1l"]}, "status": "approved by school", "description": "Fari\u00f0 er \u00ed undirst\u00f6\u00f0uatri\u00f0i forritunar me\u00f0 myndr\u00e6num notendaskilum. Nemendur f\u00e1 a\u00f0 kynnast mismunandi a\u00f0fer\u00f0um vi\u00f0 myndr\u00e6na framsetningu \u00e1 forritum. Haldi\u00f0 ver\u00f0ur \u00e1fram a\u00f0 kenna grunnatri\u00f0i forritunar, s.s. strengjavinnslu, slaufur, skilyr\u00f0issetningar og skr\u00e1arvinnslu. Nemendur vinna verkefni \u00fear sem \u00feeir hanna og b\u00faa til skj\u00e1myndir og forrita virkni \u00feeirra. Kennd eru \u00f6gu\u00f0 og vi\u00f0urkennd vinnubr\u00f6g\u00f0 vi\u00f0 greiningu og h\u00f6nnun t\u00f6lvuforrita. \nN\u00e1mi\u00f0 n\u00fdtist sem g\u00f3\u00f0ur undirb\u00faningur fyrir frekara n\u00e1m \u00ed forritun. Kennslan byggist einkum \u00e1 verkefnavinnu nemanda og skilum \u00e1 verkefnum.\n", "knowledge_goals": ["uppbyggingu forrita me\u00f0 myndr\u00e6num notendaskilum", "texta- og strengjavinnslu", "skr\u00e1arvinnslu", "greiningu forrita me\u00f0 myndr\u00e6num notendaskilum", "h\u00f6nnun forrita me\u00f0 myndr\u00e6num notendaskilum", "skilyr\u00f0issetningum", "slaufum", "villugreiningu forrita"], "skills_goals": ["hanna myndr\u00e6n notendaskil", "forrita myndr\u00e6n notendaskil", "a\u00f0 vinna me\u00f0 fl\u00f3knari skipanir \u00ed forritun", "vinna me\u00f0 inntak og \u00fattak \u00ed forritum me\u00f0 myndr\u00e6num notendaskilum", "a\u00f0 finna villur \u00ed forritum og laga \u00fe\u00e6r", "a\u00f0 setja upp forrit \u00e1 l\u00e6silegan h\u00e1tt me\u00f0 g\u00f3\u00f0um sk\u00fdringartexta", "nota \u00f6gu\u00f0 og v\u00f6ndu\u00f0 vinnubr\u00f6g\u00f0"], "credits": 5, "last_modified": 1508234912.226839, "schools": ["512353008caa45ed97015b49"], "coauthors": null, "instructions": "", "continued_education": false, "level": 2, "prerequisites": "FORR1GR05 e\u00f0a samb\u00e6rilegur \u00e1fangi", "author": "6c2fcef4-a2a5-4b10-88f3-ca62dba9fffd", "abbreviation_version": null, "competence_goals": [["hanna og skrifa forrit sem er me\u00f0 myndr\u00e6nt notendavi\u00f0m\u00f3t", ""], ["lesa g\u00f6gn \u00far skr\u00e1m og nota \u00ed forriti", ""], ["nota slaufur og skilyr\u00f0issetningar", ""], ["vinna me\u00f0 texta og textastrengi", ""], ["taka tilb\u00fai\u00f0 forrit og sk\u00fdra \u00fat virkni \u00feess l\u00ednu fyrir l\u00ednu", ""], ["villugreina og laga forrit", ""]], "_id": "59e5d6a062933a33e900786c"}, {"exemplary": null, "topics": "N\u00fdsk\u00f6pun, stofnun og rekstur fyrirt\u00e6kja", "abbreviation": "N\u00ddFR3SF05", "former_schools": null, "subject": "N\u00fdsk\u00f6pun og frumkv\u00f6\u00f0lafr\u00e6\u00f0i", "title": "Fr\u00e1 hugmynd til marka\u00f0ssetningar", "version": 1, "status_trans": "Sam\u00feykkt af sk\u00f3la", "embedded_subject": {"abbreviation": "N\u00ddFR", "topics": [{"abbreviation": "HM", "topics": ["Fr\u00e1 hugmynd til marka\u00f0ssetningar"]}, {"abbreviation": "SF", "topics": ["N\u00fdsk\u00f6pun", "stofnun og rekstur fyrirt\u00e6kja"]}, {"abbreviation": "HH", "topics": ["Hugmynd - h\u00f6nnun"]}, {"abbreviation": "SL", "topics": ["Frumkv\u00f6\u00f0lamennt", "Lausnaleit", "Sk\u00f6pun", "\u00dearfagreining"]}, {"abbreviation": "SH", "topics": ["Hugmyndavinna", "Lausnaleit", "Sk\u00f6pun", "\u00dearfagreining"]}, {"abbreviation": "SN", "topics": ["Hugmyndavinna", "Lausnarmi\u00f0u\u00f0 \u00fearfagreining", "Sk\u00f6pun"]}], "_id": "581262dd62933a33a600b3d9", "subjects": ["N\u00fdsk\u00f6pun og frumkv\u00f6\u00f0lafr\u00e6\u00f0i"], "counter": {"1": 0, "3": 0, "2": 1, "4": 0}}, "evaluation": "N\u00e1msmat er \u00fatf\u00e6rt \u00ed kennslu\u00e1\u00e6tlun \u00ed samr\u00e6mi vi\u00f0 sk\u00f3lan\u00e1mskr\u00e1.", "categorization_suggestion": "", "embedded_topics": {"abbreviation": "SF", "topics": ["N\u00fdsk\u00f6pun", "stofnun og rekstur fyrirt\u00e6kja"]}, "status": "approved by school", "description": "\u00c1hersla er l\u00f6g\u00f0 \u00e1 virka \u00fe\u00e1ttt\u00f6ku nemenda sem me\u00f0al annars felst \u00ed \u00fev\u00ed a\u00f0 stofna, reka og loka fyrirt\u00e6ki sem byggir \u00e1 eigin n\u00fdsk\u00f6punarhugmynd/vi\u00f0skiptahugmynd. Fari\u00f0 er \u00ed grunnatri\u00f0i sem hafa ver\u00f0ur \u00ed huga \u00feegar vi\u00f0skiptahugmynd er komi\u00f0 \u00e1 framf\u00e6ri. L\u00f6g\u00f0 er \u00e1hersla \u00e1 h\u00f3pavinnu og a\u00f0 vi\u00f0skiptahugmynd h\u00f3psins s\u00e9 raunh\u00e6f. Nemendur koma s\u00e9r saman um eina hugmynd (v\u00f6ru e\u00f0a \u00fej\u00f3nustu) og \u00feurfa a\u00f0 fj\u00e1rmagna hana, framlei\u00f0a, marka\u00f0ssetja og selja. \u00c1hersla er l\u00f6g\u00f0 \u00e1 samvinnu atvinnul\u00edfs og sk\u00f3la.", "knowledge_goals": ["ferli fr\u00e1 hugmynd til marka\u00f0ssetningar", "ferli vi\u00f0 a\u00f0 stofna og reka l\u00edti\u00f0 fyrirt\u00e6ki", "mikilv\u00e6gi g\u00f3\u00f0rar stj\u00f3rnunar og markmi\u00f0asetningar", "mikilv\u00e6gi g\u00f3\u00f0rar vi\u00f0skipta\u00e1\u00e6tlunar", "fj\u00e1rm\u00f6gnun fyrirt\u00e6kja"], "skills_goals": ["setja s\u00e9r raunh\u00e6f markmi\u00f0", "gera vi\u00f0skipta\u00e1\u00e6tlun", "vinna sj\u00e1lfst\u00e6tt", "marka\u00f0ssetja hugmynd"], "credits": 5, "last_modified": 1460562628.460008, "schools": ["512353008caa45ed97015b49"], "coauthors": null, "instructions": "", "continued_education": false, "level": 3, "prerequisites": "N\u00ddFR2HH05 e\u00f0a samb\u00e6rilegur \u00e1fangi", "author": "6c2fcef4-a2a5-4b10-88f3-ca62dba9fffd", "abbreviation_version": null, "competence_goals": [["geta skilgreint \u00fe\u00f6rf og unni\u00f0 a\u00f0 lausn fr\u00e1 hugmynd til afur\u00f0ar", ""], ["koma auga \u00e1 t\u00e6kif\u00e6ri til n\u00fdsk\u00f6punar", ""], ["\u00fer\u00f3a n\u00fdsk\u00f6punarhugmynd \u00ed samvinnu vi\u00f0 a\u00f0ra", ""], ["s\u00fdna frumkv\u00f6\u00f0lah\u00e1tt", ""]], "_id": "570e6ac462933a7c7000c19d"}, {"exemplary": null, "topics": "Grunn\u00e1fangi", "abbreviation": "FABL2GR05", "former_schools": null, "subject": "Starfr\u00e6n h\u00f6nnun", "title": "Grunn\u00e1fangi \u00ed Fab Lab", "version": 2, "status_trans": "Sam\u00feykkt af sk\u00f3la", "embedded_subject": {"abbreviation": "FABL", "topics": [{"abbreviation": "\u00deF", "topics": ["\u00der\u00edv\u00edddarh\u00f6nnun og fr\u00e6sing"]}, {"abbreviation": "GR", "topics": ["Grunn\u00e1fangi"]}], "_id": "5806244f62933a33a600668f", "subjects": ["Starfr\u00e6n h\u00f6nnun"], "counter": {"1": 0, "3": 0, "2": 1, "4": 0}}, "evaluation": "N\u00e1msmat er \u00fatf\u00e6rt \u00ed kennslu\u00e1\u00e6tlun \u00ed samr\u00e6mi vi\u00f0 sk\u00f3lan\u00e1mskr\u00e1. ", "categorization_suggestion": "", "embedded_topics": {"abbreviation": "GR", "topics": ["Grunn\u00e1fangi"]}, "status": "approved by school", "description": "Fari\u00f0 er almennt yfir b\u00fana\u00f0 \u00ed Fab Lab smi\u00f0ju og \u00fe\u00e1 m\u00f6guleika sem felast \u00ed notkun hans. \u00c1hersla er l\u00f6g\u00f0 \u00e1 a\u00f0 nemendur \u00e1tti sig \u00e1 hugmyndafr\u00e6\u00f0i Fab Lab og tileinki s\u00e9r hana \u00ed vinnu \u00ed smi\u00f0junni. Nemendur kynnast \u00fdmsu forritum, sem henta til stafr\u00e6nnar framlei\u00f0slu. Samhli\u00f0a \u00fev\u00ed a\u00f0 l\u00e6ra \u00e1 tv\u00edv\u00ed\u00f0 og \u00fer\u00edv\u00ed\u00f0 teikniforrit l\u00e6ra nemendur grunnatri\u00f0i \u00ed notkun leiserskera, v\u00ednilskera og \u00fer\u00edv\u00edddarprentara. \nNemendur gera s\u00edna eigin frumger\u00f0 a\u00f0 v\u00f6ru til framlei\u00f0slu og er mikil \u00e1hersla er \u00e1 n\u00fdsk\u00f6pun auk \u00feess sem \u00e1hersla er l\u00f6g\u00f0 \u00e1 vir\u00f0ingu fyrir h\u00f6nnun annarra. \u00c1hersla er l\u00f6g\u00f0 \u00e1 vinnuferli\u00f0 \u00ed verkefnum og ger\u00f0 verkl\u00fdsinga.", "knowledge_goals": ["hugmyndafr\u00e6\u00f0i Fab Lab", "hugmyndavinnu og skissuteikningu", "n\u00fdsk\u00f6pun, hugverkar\u00e9tti og h\u00f6fundar\u00e9tti", "tv\u00edv\u00edddar- og \u00fer\u00edv\u00edddarh\u00f6nnun", "stafr\u00e6nni framlei\u00f0slut\u00e6kni og myndvinnslu", "raster og vektor myndum", "notkun \u00fer\u00edv\u00edddarprentara, v\u00ednylskera og hitapressu", "\u00fer\u00edv\u00edddarsk\u00f6nnun", "skr\u00e1setningu \u00e1 vinnuferli"], "skills_goals": ["nota stafr\u00e6nan t\u00e6kjab\u00fana\u00f0 vi\u00f0 h\u00f6nnun", "setja upp frj\u00e1lsan hugb\u00fana\u00f0", "hanna \u00ed tv\u00edv\u00edddar- og \u00fer\u00edv\u00edddarforritum", "\u00fatb\u00faa rafr\u00e6n skj\u00f6l fyrir t\u00e6ki \u00ed Fab Lab", "nota leiserskera", "nota v\u00ednilskera og hitapressu", "skanna \u00ed \u00fer\u00edv\u00eddd og prenta \u00ed \u00fer\u00edv\u00edddarprentara", "greina \u00e1 milli vektor og raster mynda", "skr\u00e1setja vinnuferli", "framkv\u00e6ma verkefni fr\u00e1 hugmynd til frumger\u00f0ar", "vinna skissu a\u00f0 frumger\u00f0 og kynna hana fyrir \u00f6\u00f0rum"], "credits": 5, "last_modified": 1508235486.99114, "schools": ["512353008caa45ed97015b49"], "coauthors": null, "instructions": "", "continued_education": false, "level": 2, "prerequisites": "", "author": "6c2fcef4-a2a5-4b10-88f3-ca62dba9fffd", "abbreviation_version": null, "competence_goals": [["\u00fatf\u00e6ra hugmyndir s\u00ednar \u00ed teikniforritum; tv\u00edv\u00edddar- e\u00f0a \u00fer\u00edv\u00edddar eftir \u00fev\u00ed sem vi\u00f0 \u00e1", ""], ["nota \u00fer\u00edv\u00edddarskanna, v\u00ednilskera, leiserskera og \u00fer\u00edv\u00edddarprentara \u00ed h\u00f6nnun", ""], ["lesa og vinna eftir lei\u00f0beiningum", ""], ["\u00fer\u00f3a hugmyndir sj\u00e1lfst\u00e6tt og undir lei\u00f0s\u00f6gn", ""], ["skr\u00e1 ferli, meta og r\u00f6ksty\u00f0ja vinnu s\u00edna", ""], ["hanna, teikna og framlei\u00f0a eigin afur\u00f0", ""]], "_id": "59e5d8de62933a33e900788a"}, {"exemplary": null, "topics": "Hlj\u00f3\u00f0 og myndb\u00f6nd", "abbreviation": "MARG3HM05", "former_schools": null, "subject": "margmi\u00f0lun", "title": "Hlj\u00f3\u00f0- og myndb\u00f6nd", "version": 1, "status_trans": "Sam\u00feykkt af sk\u00f3la", "embedded_subject": {"abbreviation": "MARG", "topics": [{"abbreviation": "MI", "topics": ["graf\u00edsk h\u00f6nnun", "myndmi\u00f0lun"]}, {"abbreviation": "MA", "topics": ["Margmi\u00f0lun"]}, {"abbreviation": "FM", "topics": ["Ferilmappa"]}, {"abbreviation": "SM", "topics": ["Stafr\u00e6n myndvinnsla"]}, {"abbreviation": "HM", "topics": ["Hlj\u00f3\u00f0 og myndb\u00f6nd"]}, {"abbreviation": "HT", "topics": ["Hreyfimyndir", "t\u00f6lvuleikir"]}, {"abbreviation": "TH", "topics": ["T\u00f6lvustudd h\u00f6nnun"]}, {"abbreviation": "TT", "topics": ["T\u00f6lvustudd text\u00edlh\u00f6nnun"]}], "_id": "51b098c062933a1deb001e08", "subjects": ["margmi\u00f0lun"], "counter": {"1": 0, "3": 0, "2": 2, "4": 3}}, "evaluation": "N\u00e1msmat er \u00fatf\u00e6rt \u00ed kennslu\u00e1\u00e6tlun \u00ed samr\u00e6mi vi\u00f0 sk\u00f3lan\u00e1mskr\u00e1", "categorization_suggestion": "", "embedded_topics": {"abbreviation": "HM", "topics": ["Hlj\u00f3\u00f0 og myndb\u00f6nd"]}, "status": "approved by school", "description": "Nemendur l\u00e6ra a\u00f0 klippa og hlj\u00f3\u00f0setja myndb\u00f6nd og nota til \u00feess \u00fdmis t\u00f6lvuforrit sem tengjast myndbandager\u00f0 og hlj\u00f3\u00f0vinnslu.\n\u00c1hersla er l\u00f6g\u00f0 \u00e1 samvinnu, vinnuferli og gagnr\u00fdna hugsun.\n", "knowledge_goals": ["\u00fev\u00ed hvernig tv\u00ed- og \u00fer\u00edv\u00ed\u00f0ar hreyfimyndir og myndb\u00f6nd eru unnin", "\u00fev\u00ed hvernig vinna m\u00e1 me\u00f0 fj\u00f6lbreyttum a\u00f0fer\u00f0um \u00ed klippiforriti, myndvinnsluforriti og forriti til hreyfimyndager\u00f0ar", "vinnu fagf\u00f3lks vi\u00f0 ger\u00f0 hreyfimynda og myndbanda", "\u00fev\u00ed hvernig vinna m\u00e1 fj\u00f6lbreyttar uppt\u00f6kur me\u00f0 uppt\u00f6kuv\u00e9l"], "skills_goals": ["b\u00faa til hreyfimyndir og myndb\u00f6nd", "nota klippiforrit og skal geta n\u00fdtt s\u00e9r \u00feau \u00ed \u00e1framhaldandi n\u00e1mi", "taka \u00fe\u00e1tt \u00ed skipulag\u00f0ri h\u00f3pvinnu \u00fear sem nemendur skipta me\u00f0 s\u00e9r verkum vi\u00f0 ger\u00f0 myndbanda og hreyfimynda", "r\u00e6\u00f0a opinsk\u00e1tt um \u00fe\u00e6r hugmyndir sem hann t\u00falkar \u00ed myndb\u00f6ndum s\u00ednum", "taka \u00fe\u00e1tt \u00ed uppbyggilegum umr\u00e6\u00f0um um hugmyndir samnemenda"], "credits": 5, "last_modified": 1487080646.436779, "schools": ["512353008caa45ed97015b49"], "coauthors": null, "instructions": "", "continued_education": false, "level": 3, "prerequisites": "", "author": "6c2fcef4-a2a5-4b10-88f3-ca62dba9fffd", "abbreviation_version": null, "competence_goals": [["b\u00faa til myndb\u00f6nd sem eru \u00e1hugaver\u00f0 og pers\u00f3nuleg", ""], ["fjalla um hugmyndalegan og verklegan bakgrunn verka sinna", ""], ["taka \u00fe\u00e1tt \u00ed uppbyggilegri og frj\u00f3rri samr\u00e6\u00f0u um verk s\u00edn og annarra", ""]], "_id": "58a30cc662933a4e920167b3"}, {"exemplary": null, "topics": "Hugmynd - h\u00f6nnun", "abbreviation": "N\u00ddFR2HH05", "former_schools": null, "subject": "N\u00fdsk\u00f6pun og frumkv\u00f6\u00f0lafr\u00e6\u00f0i", "title": "Hugmynd og h\u00f6nnun", "version": 2, "status_trans": "Sam\u00feykkt af sk\u00f3la", "embedded_subject": {"abbreviation": "N\u00ddFR", "topics": [{"abbreviation": "HM", "topics": ["Fr\u00e1 hugmynd til marka\u00f0ssetningar"]}, {"abbreviation": "SF", "topics": ["N\u00fdsk\u00f6pun", "stofnun og rekstur fyrirt\u00e6kja"]}, {"abbreviation": "HH", "topics": ["Hugmynd - h\u00f6nnun"]}, {"abbreviation": "SL", "topics": ["Frumkv\u00f6\u00f0lamennt", "Lausnaleit", "Sk\u00f6pun", "\u00dearfagreining"]}, {"abbreviation": "SH", "topics": ["Hugmyndavinna", "Lausnaleit", "Sk\u00f6pun", "\u00dearfagreining"]}, {"abbreviation": "SN", "topics": ["Hugmyndavinna", "Lausnarmi\u00f0u\u00f0 \u00fearfagreining", "Sk\u00f6pun"]}], "_id": "581262dd62933a33a600b3d9", "subjects": ["N\u00fdsk\u00f6pun og frumkv\u00f6\u00f0lafr\u00e6\u00f0i"], "counter": {"1": 0, "3": 0, "2": 1, "4": 0}}, "evaluation": "N\u00e1msmat er \u00fatf\u00e6rt \u00ed kennslu\u00e1\u00e6tlun \u00ed samr\u00e6mi vi\u00f0 sk\u00f3lan\u00e1mskr\u00e1.", "categorization_suggestion": "", "embedded_topics": {"abbreviation": "HH", "topics": ["Hugmynd - h\u00f6nnun"]}, "status": "approved by school", "description": "Markmi\u00f0 \u00e1fangans er a\u00f0 nemandinn kynnist  a\u00f0fer\u00f0afr\u00e6\u00f0i og hugmyndafr\u00e6\u00f0i n\u00fdsk\u00f6punar og f\u00e1i t\u00e6kif\u00e6ri til vinna me\u00f0 eigin hugarsm\u00ed\u00f0. Fari\u00f0 er \u00ed gegnum ferli sem byggir \u00e1 a\u00f0 vinna \u00e1 skapandi h\u00e1tt hugmyndavinnu \u00fear sem skilgreind er \u00fe\u00f6rf, unni\u00f0 a\u00f0 lausnum og stefnt a\u00f0 afur\u00f0. Markmi\u00f0i\u00f0 er a\u00f0 nemendur \u00fej\u00e1lfist \u00ed a\u00f0 hugsa um marga \u00fe\u00e6tti samt\u00edmis og a\u00f0 vinna a\u00f0 einni heild.  Vinnuferli\u00f0 fr\u00e1 hugmynd til verks ver\u00f0ur \u00fej\u00e1lfa\u00f0 me\u00f0 \u00e1herslu \u00e1 skapandi vinnubr\u00f6g\u00f0 \u00ed skissum og margs konar h\u00f6nnun og l\u00edkanager\u00f0 me\u00f0 \u00fdmsum efnum. Nemandinn kynnir verkefni s\u00edn og r\u00f6ksty\u00f0ur lausnirnar.", "knowledge_goals": ["hugtakinu n\u00fdsk\u00f6pun", "mikilv\u00e6gi hugmyndafr\u00e6\u00f0i og hugsunarh\u00e1ttar frumkv\u00f6\u00f0ulsins", "a\u00f0fer\u00f0afr\u00e6\u00f0i og vinnua\u00f0fer\u00f0um n\u00fdsk\u00f6punar", "ferli \u00fear sem skilgreind er \u00fe\u00f6rf, unni\u00f0 a\u00f0 lausnum og stefnt a\u00f0 afur\u00f0", "gildi hugmyndavinnu"], "skills_goals": ["greina hugmyndir sem falla undir n\u00fdsk\u00f6pun ", "vinna me\u00f0 s\u00ednar eigin hugmyndir og hrinda \u00feeim \u00ed framkv\u00e6md", "hugsa um marga \u00fe\u00e6tti samt\u00edmis og a\u00f0 vinna a\u00f0 einni heild", "vinna \u00ed h\u00f3p a\u00f0 sameiginlegu markmi\u00f0i", "velja vi\u00f0eigandi verkf\u00e6ri og t\u00e6kjab\u00fana\u00f0 me\u00f0 tilliti til vi\u00f0fangsefnis", "kynna hugmynd s\u00edna og r\u00f6ksty\u00f0ja gildi hennar"], "credits": 5, "last_modified": 1486974969.59313, "schools": ["512353008caa45ed97015b49"], "coauthors": null, "instructions": "", "continued_education": false, "level": 2, "prerequisites": "", "author": "6c2fcef4-a2a5-4b10-88f3-ca62dba9fffd", "abbreviation_version": null, "competence_goals": [["\u00fer\u00f3a eigin hugarsm\u00ed\u00f0 me\u00f0 \u00fdmsum a\u00f0fer\u00f0um og leysa \u00feau vandam\u00e1l sem koma upp \u00ed ferlinu", ""], ["skilgreina \u00fe\u00f6rf og vinna a\u00f0 lausn fr\u00e1 hugmynd til afur\u00f0ar", ""], ["koma hugmynd sinni \u00e1 framf\u00e6ri me\u00f0 skissum og l\u00edk\u00f6num \u00far mismunandi efnum", ""]], "_id": "58a16ff962933a4e92015bdb"}, {"exemplary": null, "topics": "h\u00f6nnun, \u00ed atvinnul\u00edfinu", "abbreviation": "H\u00d6NN2HA05", "former_schools": null, "subject": "h\u00f6nnun", "title": "H\u00f6nnun \u00ed atvinnul\u00edfinu", "version": 13, "status_trans": "Sam\u00feykkt af sk\u00f3la", "embedded_subject": {"abbreviation": "H\u00d6NN", "topics": [{"abbreviation": "HA", "topics": ["h\u00f6nnun", "\u00ed atvinnul\u00edfinu"]}, {"abbreviation": "NS", "topics": ["n\u00fdsk\u00f6pun"]}, {"abbreviation": "LV", "topics": ["lokaverkefni"]}, {"abbreviation": "N\u00c1", "topics": ["h\u00f6nnun og n\u00e1tt\u00fara"]}, {"abbreviation": "BL", "topics": ["h\u00f6nnun og bl\u00f6ndu\u00f0 t\u00e6kni"]}, {"abbreviation": "H\u00d6", "topics": ["fr\u00e1 hugmynd a\u00f0 h\u00f6nnun"]}, {"abbreviation": "HU", "topics": ["hugmyndir"]}, {"abbreviation": "HH", "topics": ["Hugmyndir og h\u00f6nnun \u00ed n\u00e6rsamf\u00e9lagi"]}, {"abbreviation": "IN", "topics": ["Innanh\u00fassh\u00f6nnun"]}, {"abbreviation": "V\u00d6", "topics": ["v\u00f6ruh\u00f6nnun"]}, {"abbreviation": "T\u00d6", "topics": ["t\u00f6lvustudd h\u00f6nnun"]}, {"abbreviation": "F\u00d6", "topics": ["Forritun og \u00f6rt\u00f6lvur"]}, {"abbreviation": "HS", "topics": ["H\u00f6nnun skartgripa og nytjahluta"]}, {"abbreviation": "EN", "topics": ["H\u00f6nnun", "endurn\u00fdting"]}, {"abbreviation": "HN", "topics": ["H\u00f6nnun"]}, {"abbreviation": "KM", "topics": [": Kynningar", "augl\u00fdsingar.", "mi\u00f0lar"]}, {"abbreviation": "UF", "topics": ["H\u00f6nnun - Graf\u00edsk mi\u00f0lun"]}, {"abbreviation": "UX", "topics": ["H\u00f6nnun - Graf\u00edsk mi\u00f0l."]}, {"abbreviation": "GM", "topics": ["H\u00f6nnun og hugmyndavinna"]}, {"abbreviation": "VH", "topics": ["Vinnubr\u00f6g\u00f0 handverks"]}, {"abbreviation": "SH", "topics": ["Skapandi h\u00f6nnun"]}, {"abbreviation": "FH", "topics": ["fatah\u00f6nnun fyrir byrjendur"]}], "_id": "50c0a02dd8e40575f7f6f4af", "subjects": ["h\u00f6nnun"], "counter": {"1": 15, "3": 5, "2": 12, "4": 0}}, "evaluation": "N\u00e1msmat er \u00fatf\u00e6rt \u00ed kennslu\u00e1\u00e6tlun \u00ed samr\u00e6mi vi\u00f0 sk\u00f3lan\u00e1mskr\u00e1.", "categorization_suggestion": "", "embedded_topics": {"abbreviation": "HA", "topics": ["h\u00f6nnun", "\u00ed atvinnul\u00edfinu"]}, "status": "approved by school", "description": "\u00cd \u00e1fanganum er l\u00f6g\u00f0 \u00e1hersla \u00e1 a\u00f0 nemendur kynnist fj\u00f6lbreytileika h\u00f6nnunar og marka\u00f0sl\u00f6gm\u00e1lum greinarinnar \u00ed atvinnul\u00edfinu. Nemendur kynnist einnig tengslum greinarinnar vi\u00f0 atvinnul\u00edfi\u00f0 \u00ed formi n\u00fdsk\u00f6punar, v\u00f6ru\u00fer\u00f3unar, menningar, lista og st\u00edls\u00f6gu. Fjalla\u00f0 ver\u00f0ur um \u00fdmsa grunn\u00fe\u00e6tti var\u00f0andi hr\u00e1efnis- og v\u00f6ru\u00feekkingu og l\u00f6g og regluger\u00f0ir. Mikilv\u00e6gt er a\u00f0 nemendur \u00e1tti sig \u00e1 hlutverki \u00feekkingar \u00ed h\u00f6nnun og n\u00fdsk\u00f6pun.  Nemendur ver\u00f0i lj\u00f3s gagnsemi h\u00f6nnunar \u00e1samt fj\u00f6lbreyttum starfsvettvangi \u00ed samf\u00e9laginu.", "knowledge_goals": ["hlutverki h\u00f6nnunar- og marka\u00f0sgreina \u00ed tengslum vi\u00f0 atvinnul\u00edf, \u00fer\u00f3un og n\u00fdsk\u00f6pun", "fyrirt\u00e6kjum, menntunarm\u00f6guleikum, stofnunum, l\u00f6gum og regluger\u00f0um, r\u00e9ttindum og skyldum sem heyra undir h\u00f6nnunar- og marka\u00f0sgreinar", "framlei\u00f0slu- og marka\u00f0sferli \u00e1 v\u00f6ru e\u00f0a \u00fej\u00f3nustu", "hvernig hugmynd er breytt \u00ed s\u00f6luv\u00f6ru og hvernig framlei\u00f0sla og sala tengist kr\u00f6fum og r\u00e9ttindum neytenda", "h\u00f6nnunarl\u00f6gum, h\u00f6nnunarvernd og einkaleyfum", "tengslum greinarinnar vi\u00f0 menningu og listir", "starfs- og marka\u00f0sf\u00e6rni greinarinnar \u00ed formi n\u00fdsk\u00f6punar, v\u00f6ru\u00fer\u00f3unar og marka\u00f0ssetningar", "gagnsemi h\u00f6nnunar \u00ed umhverfi okkar og samt\u00edmanum"], "skills_goals": ["greina \u00fearfir, t\u00e6kif\u00e6ri og m\u00f6guleika vi\u00f0 h\u00f6nnun og framlei\u00f0slu \u00e1 hlut", "tengja n\u00e1mi\u00f0 vi\u00f0 framhaldsn\u00e1m e\u00f0a \u00fe\u00e1ttt\u00f6ku \u00ed atvinnul\u00edfi", "n\u00fdta \u00feekkingu og reynslu \u00far atvinnul\u00edfinu og bera saman vi\u00f0 eigin reynsluheim", "greina hva\u00f0 hefur \u00e1hrif \u00e1 neysluvenjur, breyttar \u00fearfir, t\u00e6kniframfarir og n\u00fdjungar", "greina sambandi\u00f0 milli hugmyndar, hr\u00e1efnis, t\u00e6kni, a\u00f0fer\u00f0a og ni\u00f0ursta\u00f0na", "skynja hvernig h\u00f6nnun, framlei\u00f0sla og marka\u00f0ssetning helst \u00ed hendur", "greina \u00fea\u00f0 ferli sem fyrirt\u00e6ki \u00feurfa a\u00f0 fara \u00ed gegn um til \u00feess a\u00f0 koma v\u00f6ru/\u00fej\u00f3nustu \u00ed s\u00f6lu", "greina hvernig verki er skipt upp \u00ed verk\u00fe\u00e6tti, verkaskiptingu, framlei\u00f0sluferli og ger\u00f0 \u00e1\u00e6tlana"], "credits": 5, "last_modified": 1488186460.366865, "schools": ["512353008caa45ed97015b49"], "coauthors": [], "instructions": "", "continued_education": false, "level": 2, "prerequisites": "\n\n", "author": "6c2fcef4-a2a5-4b10-88f3-ca62dba9fffd", "abbreviation_version": null, "competence_goals": [["hafa inns\u00fdn \u00ed skipulagningu og vi\u00f0bur\u00f0i \u00e1 svi\u00f0i h\u00f6nnunar", ""], ["geta bori\u00f0 saman og gagnr\u00fdnt h\u00f6nnun \u00ed samt\u00edmanum", ""], ["skr\u00e1 ferli, meta og r\u00f6ksty\u00f0ja vinnu s\u00edna", ""]], "_id": "58b3ec5c62933a4e9201f3f0"}, {"exemplary": null, "topics": "formfr\u00e6\u00f0i, litafr\u00e6\u00f0i, myndbygging", "abbreviation": "SJ\u00d3N2LF05", "former_schools": null, "subject": "sj\u00f3nlistir", "title": "Litafr\u00e6\u00f0i-formfr\u00e6\u00f0i-myndbygging", "version": 1, "status_trans": "Sam\u00feykkt af sk\u00f3la", "embedded_subject": {"abbreviation": "SJ\u00d3N", "topics": [{"abbreviation": "TE", "topics": ["merking", "teikning"]}, {"abbreviation": "LF", "topics": ["formfr\u00e6\u00f0i", "litafr\u00e6\u00f0i", "myndbygging"]}, {"abbreviation": "AM", "topics": ["almennur myndlistagrunnur"]}, {"abbreviation": "TF", "topics": ["a\u00f0fer\u00f0ir", "form", "teikning", "\u00e1h\u00f6ld"]}], "_id": "51275afc62933a682f000160", "subjects": ["sj\u00f3nlistir"], "counter": {"1": 4, "3": 0, "2": 0, "4": 0}}, "evaluation": "N\u00e1msmat er \u00fatf\u00e6rt \u00ed kennslu\u00e1\u00e6tlun \u00ed samr\u00e6mi vi\u00f0 sk\u00f3lan\u00e1mskr\u00e1.", "categorization_suggestion": "", "embedded_topics": {"abbreviation": "LF", "topics": ["formfr\u00e6\u00f0i", "litafr\u00e6\u00f0i", "myndbygging"]}, "status": "approved by school", "description": "Nemendur l\u00e6ra um v\u00e6gi forma og hlutfalla \u00ed mynd \u00e1 fleti og \u00ed r\u00fdmi. \u00deeir kynnast sj\u00f3nr\u00e6num \u00e1hrifum \u00feessara \u00fe\u00e1tta og a\u00f0fer\u00f0um vi\u00f0 a\u00f0 nota \u00feau \u00e1hrif me\u00f0vita\u00f0 \u00ed myndbyggingu. Unni\u00f0 er a\u00f0 \u00e6fingum \u00ed myndbyggingu me\u00f0 mismunandi \u00fatf\u00e6rslum. Kanna\u00f0ar eru mismunandi a\u00f0fer\u00f0ir, \u00fear sem fjalla\u00f0 er um jafnv\u00e6gi, \u00f3jafnv\u00e6gi, l\u00e9ttleika og \u00feunga, samst\u00e6\u00f0ur og andst\u00e6\u00f0ur lita og forma. Kanna\u00f0ar eru st\u00e6r\u00f0ir og hlutf\u00f6ll forma \u00ed r\u00fdmi  og \u00ed lok \u00e1fangans er unni\u00f0 fr\u00e1 tv\u00edv\u00ed\u00f0ri formfr\u00e6\u00f0i yfir \u00ed \u00fer\u00edv\u00eddd. Verkefni  \u00ed  myndbyggingu eru einnig tengd d\u00e6mum \u00far listas\u00f6gu og umhverfi samt\u00edmans.\n\nNemendur vinna \u00ed skissub\u00f3k, skr\u00e1 framvindu verkefna og hugmyndir s\u00ednar sem tengjast n\u00e1msefni skriflega,  me\u00f0 skissum og lj\u00f3smyndum. Einnig vinna nemendur me\u00f0 litabl\u00f6ndun, mynstur og form. Nemendur blanda liti me\u00f0 tilliti til litat\u00f3na, lj\u00f3ss og dimmu. Kanna\u00f0ir eru eiginleikar litanna \u00ed notkun \u00feeirra, v\u00e6gi og \u00e1hrif \u00feeirra innbyr\u00f0is sem \u00fat \u00e1 vi\u00f0 og fr\u00e1 sem flestum sj\u00f3narhornum. Kanna\u00f0ar eru andst\u00e6\u00f0ur og samst\u00e6\u00f0ur \u00ed litum. Samt\u00edmis  litabl\u00f6ndun og tilraunum eru tekin d\u00e6mi um notkun lita og myndbyggingar me\u00f0 d\u00e6mum \u00far lista- og h\u00f6nnunars\u00f6gu fr\u00e1 \u00fdmsum t\u00edmum. ", "knowledge_goals": ["forsendum \u00f3hlutbundinnar myndbyggingar", "afst\u00f6\u00f0u hluta og st\u00e6r\u00f0arhlutf\u00f6llum \u00e1 bla\u00f0i", "\u00fe\u00e1ttum eins og jafnv\u00e6gi og \u00feunga forma og lita", "t\u00falkun hugmynda me\u00f0 einf\u00f6ldum l\u00ednum og formum \u00ed mynd", "klass\u00edskum fegur\u00f0arl\u00f6gm\u00e1lum og notkun \u00feeirra \u00ed myndlist, h\u00f6nnun og byggingarlist"], "skills_goals": ["beita litum til a\u00f0 n\u00e1 fram mismunandi \u00e1hrifum", "n\u00fdta s\u00e9r andst\u00e6\u00f0uliti til a\u00f0 n\u00e1 fram \u00e1hrifum", "beita litum \u00e1 einf\u00f6ld form til a\u00f0 n\u00e1 fram mismunandi \u00e1hrifum", "beita andst\u00e6\u00f0um sk\u00e6rra og dempa\u00f0ra lita", "nota mismunandi efni til a\u00f0 n\u00e1 fram \u00f3l\u00edkum \u00e1hrifum og \u00e1fer\u00f0um"], "credits": 5, "last_modified": 1508238098.192276, "schools": ["512353008caa45ed97015b49"], "coauthors": [], "instructions": "", "continued_education": false, "level": 2, "prerequisites": "engar", "author": "6c2fcef4-a2a5-4b10-88f3-ca62dba9fffd", "abbreviation_version": null, "competence_goals": [["nota og me\u00f0h\u00f6ndla mismunandi efnistegundir b\u00e6\u00f0i \u00ed tv\u00edv\u00ed\u00f0um og \u00fer\u00edv\u00ed\u00f0um verkum", ""], ["greina \u00fat fr\u00e1 t\u00e1knfr\u00e6\u00f0ilegum forsendum hva\u00f0a \u00e1hrif mismunandi litir og mismunandi efni hafa", ""], ["r\u00f6ksty\u00f0ja sko\u00f0un s\u00edna um m\u00e1lefni sem tengjast mismunandi merkingu lita, forma og efnis", ""], ["s\u00fdna fram \u00e1 forsendur j\u00e1kv\u00e6\u00f0rar litabl\u00f6ndunar lj\u00f3ss", ""], ["s\u00fdna fram \u00e1 forsendur neikv\u00e6\u00f0rar litabl\u00f6ndunar m\u00e1lningar", ""]], "_id": "59e5e31262933a33e90078f8"}, {"exemplary": null, "topics": "sj\u00e1lfst\u00e6tt verkefni", "abbreviation": "LOKA3VE05", "former_schools": null, "subject": "lokaverkefni", "title": "Lokaverkefni", "version": 11, "status_trans": "Sam\u00feykkt af sk\u00f3la", "embedded_subject": {"abbreviation": "LOKA", "topics": [{"abbreviation": "LH", "topics": ["lokaverkefni: heimildaritger\u00f0"]}, {"abbreviation": "LR", "topics": ["lokaverkefni: ranns\u00f3kn"]}, {"abbreviation": "VE", "topics": ["sj\u00e1lfst\u00e6tt verkefni"]}, {"abbreviation": "LO", "topics": ["lokaverkefni og t\u00edskus\u00fdning"]}, {"abbreviation": "RV", "topics": ["ranns\u00f3knarvinna", "verkefnakynning", "vi\u00f0fangsefni"]}, {"abbreviation": "MB", "topics": ["b\u00edlt\u00e6knibraut", "meistaran\u00e1m"]}, {"abbreviation": "BS", "topics": ["Bl\u00f3maskreytingar"]}, {"abbreviation": "GS", "topics": ["Gar\u00f0- og sk\u00f3garpl\u00f6ntuframlei\u00f0sla"]}, {"abbreviation": "L\u00cd", "topics": ["L\u00edfr\u00e6n r\u00e6ktun"]}, {"abbreviation": "YL", "topics": ["Ylr\u00e6ktun og \u00fatir\u00e6ktun matjurta"]}, {"abbreviation": "SK", "topics": ["Skr\u00fa\u00f0gar\u00f0yrkjuverkefni"]}, {"abbreviation": "SN", "topics": ["Sk\u00f3gr\u00e6kt og n\u00e1tt\u00farutengd verkefni"]}, {"abbreviation": "ES", "topics": ["al\u00fej\u00f3\u00f0afr\u00e6\u00f0i", "erlend samskipti", "erlend tungum\u00e1l", "menningal\u00e6si", "ranns\u00f3knarverkefni"]}, {"abbreviation": "LS", "topics": ["Listasmi\u00f0ja", "lokaverkefni", "sk\u00f6punarkraftur", "virkni"]}, {"abbreviation": "LV", "topics": ["Lokaverkefni"]}], "_id": "50c0a02dd8e40575f7f6f4c4", "subjects": ["lokaverkefni"], "counter": {"1": 0, "3": 10, "2": 0, "4": 8}}, "evaluation": "N\u00e1msmat er \u00fatf\u00e6rt \u00ed kennslu\u00e1\u00e6tlun \u00ed samr\u00e6mi vi\u00f0 sk\u00f3lan\u00e1mskr\u00e1.", "categorization_suggestion": "", "embedded_topics": {"abbreviation": "VE", "topics": ["sj\u00e1lfst\u00e6tt verkefni"]}, "status": "approved by school", "description": "\u00c1fanginn er unninn \u00e1 s\u00ed\u00f0asta n\u00e1ms\u00e1ri. Nemandi velur s\u00e9r vi\u00f0fangsefni og skipuleggur \u00ed samr\u00e1\u00f0i vi\u00f0 lei\u00f0beinanda. H\u00e6gt er a\u00f0 \u00fatf\u00e6ra verkefnin \u00e1 \u00fdmsan h\u00e1tt, s.s. \u00ed formi ritger\u00f0ar, vefs\u00ed\u00f0u, heimildamyndar, s\u00fdningar, t\u00edmaritsgreinar, b\u00f3kager\u00f0ar, portfolio, \u00fatvarps\u00fe\u00e1ttar e\u00f0a ranns\u00f3knarsk\u00fdrslu. Mikil \u00e1hersla er l\u00f6g\u00f0 \u00e1 sj\u00e1lfst\u00e6\u00f0 og skapandi vinnubr\u00f6g\u00f0. Gert er r\u00e1\u00f0 fyrir a\u00f0 nemandi velji efni tengt sinni braut \u00fe\u00f3tt m\u00f6gulegt s\u00e9 a\u00f0 v\u00edkja fr\u00e1 \u00feeirri reglu. Afrakstur allra lokaverkefna er kynntur innan VA \u00ed annarlok og birtur \u00e1 heimas\u00ed\u00f0u sk\u00f3lans. Einnig er \u00e6skilegt a\u00f0 verkefnin s\u00e9u ger\u00f0 s\u00fdnileg \u00ed n\u00e6rsamf\u00e9laginu. \u00c1fanginn gefur m\u00f6guleika \u00e1 \u00feverfaglegu samstarfi. \n\nMi\u00f0a\u00f0 er vi\u00f0 a\u00f0 nemendur vinni loka\u00e1fangann sem einstaklingsverkefni \u00fe\u00f3tt \u00feeir geti \u00f3ska\u00f0 eftir a\u00f0 gera \u00fea\u00f0 tveir og tveir saman. Hafi nemendur hug \u00e1 a\u00f0 vinna \u00ed fj\u00f6lmennari h\u00f3pum \u00fearf a\u00f0 r\u00f6ksty\u00f0ja \u00fea\u00f0 s\u00e9rstaklega og l\u00fdsa fyrirfram hlutverki og vinnuframlagi hvers og eins.", "knowledge_goals": ["\u00e1kve\u00f0nu svi\u00f0i faggreinar sinnar; uppbyggingu, a\u00f0fer\u00f0um, hugt\u00f6kum, s\u00e9rkennum og s\u00f6gu"], "skills_goals": ["skipuleggja verkefni me\u00f0 \u00e1byrgum og sj\u00e1lfst\u00e6\u00f0um h\u00e6tti", "s\u00fdna frumkv\u00e6\u00f0i og skapandi n\u00e1lgun", "lesa fr\u00e6\u00f0ilegan texta og vinna \u00far honum samkv\u00e6mt vi\u00f0urkenndum reglum um me\u00f0fer\u00f0 heimilda", "beita vi\u00f0eigandi a\u00f0fer\u00f0um vi\u00f0 \u00fatf\u00e6rslu verkefnis", "tj\u00e1 sig \u00e1 sk\u00fdran, \u00e1byrgan, gagnr\u00fdninn og skapandi h\u00e1tt um eigi\u00f0 verkefni", "velja vi\u00f0eigandi mi\u00f0lunara\u00f0fer\u00f0 og beita henni af \u00f6ryggi", "taka \u00fe\u00e1tt \u00ed samvinnu \u00feegar vi\u00f0 \u00e1"], "credits": 5, "last_modified": 1427122010.464708, "schools": ["512353008caa45ed97015b49"], "coauthors": [], "instructions": "Umfangsmiki\u00f0 verkefni m\u00e1 meta til fleiri eininga.", "continued_education": false, "level": 3, "prerequisites": "Nemandi skal hafa loki\u00f0 a.m.k.130 einingum.", "author": "c91ecfad-1db4-40a7-b877-2d3b987a923d", "abbreviation_version": null, "competence_goals": [["\u00fer\u00f3a hugmyndir og s\u00fdna sj\u00e1lfst\u00e6\u00f0i, \u00e1r\u00e6\u00f0ni og inns\u00e6i vi\u00f0 \u00fatf\u00e6rslu \u00feeirra og t\u00falkun", ""], ["greina, tj\u00e1 sig um og meta eigin verkefni og annara af \u00feekkingu, v\u00ed\u00f0s\u00fdni og vir\u00f0ingu", ""], ["takast \u00e1 vi\u00f0 n\u00fd verkefni og breyta hugmynd \u00ed afur\u00f0", ""], ["vera me\u00f0vita\u00f0ur um styrkleika s\u00edna", ""], ["\u00e1tta sig \u00e1 vir\u00f0i verkefnisins og menntunar sinnar fyrir samf\u00e9lag og atvinnul\u00edf", ""], ["standa a\u00f0 s\u00fdningu/vi\u00f0bur\u00f0i og mi\u00f0la \u00fear verkefnum s\u00ednum", ""]], "_id": "5510275a62933a4692003377"}, {"exemplary": null, "topics": "M\u00e1lmsmi\u00f0ja", "abbreviation": "N\u00ddFR1M\u00c105", "former_schools": null, "subject": "N\u00fdsk\u00f6pun og frumkv\u00f6\u00f0lafr\u00e6\u00f0i", "title": "M\u00e1lmsmi\u00f0ja", "version": 2, "status_trans": "Sam\u00feykkt af sk\u00f3la", "embedded_subject": {"abbreviation": "N\u00ddFR", "topics": [{"abbreviation": "HM", "topics": ["Fr\u00e1 hugmynd til marka\u00f0ssetningar"]}, {"abbreviation": "SF", "topics": ["N\u00fdsk\u00f6pun", "stofnun og rekstur fyrirt\u00e6kja"]}, {"abbreviation": "HH", "topics": ["Hugmynd - h\u00f6nnun"]}, {"abbreviation": "SL", "topics": ["Frumkv\u00f6\u00f0lamennt", "Lausnaleit", "Sk\u00f6pun", "\u00dearfagreining"]}, {"abbreviation": "SH", "topics": ["Hugmyndavinna", "Lausnaleit", "Sk\u00f6pun", "\u00dearfagreining"]}, {"abbreviation": "SN", "topics": ["Hugmyndavinna", "Lausnarmi\u00f0u\u00f0 \u00fearfagreining", "Sk\u00f6pun"]}], "_id": "581262dd62933a33a600b3d9", "subjects": ["N\u00fdsk\u00f6pun og frumkv\u00f6\u00f0lafr\u00e6\u00f0i"], "counter": {"1": 0, "3": 0, "2": 1, "4": 0}}, "evaluation": "N\u00e1msmat er \u00fatf\u00e6rt \u00ed kennslu\u00e1\u00e6tlun \u00ed samr\u00e6mi vi\u00f0 sk\u00f3lan\u00e1mskr\u00e1.", "categorization_suggestion": "", "embedded_topics": {"abbreviation": "M\u00c1", "topics": ["M\u00e1lmsmi\u00f0ja"]}, "status": "approved by school", "description": "\u00cd \u00e1fanganum er l\u00f6g\u00f0 \u00e1hersla \u00e1 a\u00f0 tvinna \u00f6fluga hugmynda og n\u00fdsk\u00f6punarvinnu saman vi\u00f0 verklega \u00fatf\u00e6rslu \u00e1 eigin verkefnum. Nemendum er kynnt almennt m\u00e1lmsm\u00ed\u00f0averkst\u00e6\u00f0i, hva\u00f0 \u00fea\u00f0 inniheldur sem og helstu umgengis og \u00f6ryggisreglur. \u00de\u00e1 er fari\u00f0 yfir og kennd me\u00f0fer\u00f0 og notkun helstu handverkf\u00e6ra og einf\u00f6ldustu t\u00e6kja til sm\u00ed\u00f0a, svo og algeng m\u00e6lit\u00e6ki sem notu\u00f0 eru \u00ed m\u00e1lmi\u00f0na\u00f0i. Kennd eru undirst\u00f6\u00f0uatri\u00f0i \u00ed lestri vinnuteikninga. Unni\u00f0 a\u00f0 verkefnum \u00fear sem fyrir kemur a\u00f0 lesa teikningar, m\u00e6la, merkja, saga, sverfa, bora, snitta, sl\u00edpa, o.s.frv. sem og notkun handb\u00f3ka og tafla. Nemendur \u00f6\u00f0last \u00feekkingu \u00e1 vinnsluh\u00e6tti rennibekkja, borv\u00e9la og fr\u00e6siv\u00e9la og hafi fullkomi\u00f0 vald \u00e1 \u00f6ryggism\u00e1lum og umhir\u00f0u \u00feessara sp\u00f3nt\u00f6kuv\u00e9la sem og annarra t\u00e6kja, v\u00e9la og verkf\u00e6ra sem unni\u00f0 er me\u00f0. Nemendur \u00f6\u00f0list n\u00e6gilega f\u00e6rni til a\u00f0 leysa einf\u00f6ld verkefni \u00ed rennibekk innan 0,1 mm m\u00e1lvika. Fari\u00f0 er yfir grunn\u00fe\u00e6tti \u00ed \u00feunnpl\u00f6tusm\u00ed\u00f0i, helstu verkf\u00e6ri og v\u00e9lar \u00feannig a\u00f0 nemandinn geti sm\u00ed\u00f0a\u00f0 einfalda hluti. Samhli\u00f0a kennslunni fer fram fr\u00e6\u00f0sla um slysah\u00e6ttu og \u00f6ryggis\u00fe\u00e6tti \u00e1 vinnusta\u00f0.", "knowledge_goals": ["Helstu m\u00e1lmtegundum sem nota\u00f0ar eru vi\u00f0 hin \u00fdmsu verkefni", "Kostum og g\u00f6llum hinna \u00fdmsu m\u00e1lmtegunda", "Algengum samsetningum", "Undirst\u00f6\u00f0uatri\u00f0um \u00ed teikningalestri", "Getu og takm\u00f6rkum mismunandi t\u00e6kjab\u00fana\u00f0ar me\u00f0 tilliti til efnisvals", "\u00deeirri slysah\u00e6ttu og \u00f6ryggism\u00e1lum sem \u00fearf a\u00f0 hafa \u00ed huga", "A\u00f0fer\u00f0um sem hafa a\u00f0 markmi\u00f0i a\u00f0 b\u00e6ta n\u00fdtingu hr\u00e1efna, sem og f\u00f6rgun \u00fargangs", "Helstu m\u00f6guleikum m\u00e1lmsm\u00ed\u00f0i til n\u00fdsk\u00f6punar"], "skills_goals": ["Greina kosti og galla mismunandi samsetningara\u00f0fer\u00f0a", "Skipuleggja og framkv\u00e6ma eigin hugmyndir", "Lesa einfaldar teikningar", "Bera \u00e1byrg\u00f0 \u00e1 efnisvali", "Velja vi\u00f0eigandi verkf\u00e6ri og t\u00e6kjab\u00fana\u00f0 me\u00f0 tilliti til framkv\u00e6mdarinnar", "S\u00fdna frumkv\u00e6\u00f0i og n\u00fdta skapandi n\u00e1lgun \u00ed m\u00f3tun hugmynda sinna"], "credits": 5, "last_modified": 1460555304.148406, "schools": ["512353008caa45ed97015b49"], "coauthors": [], "instructions": "", "continued_education": false, "level": 1, "prerequisites": "", "author": "6c2fcef4-a2a5-4b10-88f3-ca62dba9fffd", "abbreviation_version": null, "competence_goals": [["Geta komi\u00f0 hugmynd sinni \u00e1 \u00fea\u00f0 form a\u00f0 m\u00f6gulegt s\u00e9 a\u00f0 framlei\u00f0a hana, teikningar, efnisval og anna\u00f0 sem hefur \u00e1hrif s\u00e9 sett upp \u00e1 skipulegan og a\u00f0gengilegan m\u00e1ta", ""], ["Greina orsakir galla sem fram koma \u00ed framkv\u00e6md og m\u00e6la fyrir um a\u00f0ger\u00f0ir til ", ""], ["Geta greint hvort tilskyldum reglum s\u00e9 fylgt eftir var\u00f0andi \u00f6ryggism\u00e1l", ""], ["Geta \u00fer\u00f3a\u00f0 vi\u00f0skiptahugmyndir \u00ed tengslum vi\u00f0 afur\u00f0 s\u00edna", ""]], "_id": "570e4e2862933a7c7000c0c7"}, {"exemplary": null, "topics": "Verkt\u00e6kni grunnn\u00e1ms", "abbreviation": "VTGR1GA05", "former_schools": null, "subject": "Verkt\u00e6kni grunnn\u00e1ms rafi\u00f0na", "title": "Rafsmi\u00f0ja", "version": 1, "status_trans": "Sam\u00feykkt af sk\u00f3la", "embedded_subject": {"abbreviation": "VTGR", "topics": [{"abbreviation": "GA", "topics": ["Verkt\u00e6kni grunnn\u00e1ms"]}], "_id": "58a1765c62933a4e92015d8c", "subjects": ["Verkt\u00e6kni grunnn\u00e1ms rafi\u00f0na"], "counter": {"1": 0, "3": 0, "2": 0, "4": 0}}, "evaluation": "N\u00e1msmat er \u00fatf\u00e6rt \u00ed kennslu\u00e1\u00e6tlun \u00ed samr\u00e6mi vi\u00f0 sk\u00f3lan\u00e1mskr\u00e1.", "categorization_suggestion": "", "embedded_topics": {"abbreviation": "GA", "topics": ["Verkt\u00e6kni grunnn\u00e1ms"]}, "status": "approved by school", "description": "Nemendur l\u00e6ri grunnatri\u00f0i vi\u00f0 sm\u00ed\u00f0i rafeindar\u00e1sa. F\u00e1 uppl\u00fdsingar um efnisfr\u00e6\u00f0i \u00edhluta rafeindat\u00e6kninnar og virkni \u00feeirra. Nemendur l\u00e6ra a\u00f0 beita helstu verkf\u00e6rum eins og l\u00f3\u00f0bolta, tinsugu, b\u00edtara, j\u00e1rns\u00f6g, klippum, skr\u00fafj\u00e1rni og skiptilykli. Nemendur sm\u00ed\u00f0i einfaldar rafeindar\u00e1sir og f\u00e1i \u00fej\u00e1lfun \u00ed beitingu verkf\u00e6ra. Nemendur geri m\u00e6lingar \u00e1 r\u00e1sinni til a\u00f0 styrkja h\u00e6fni til m\u00e6linga \u00e1 spennu, vi\u00f0n\u00e1mi og straumi \u00ed tengslum vi\u00f0 rafmagnsfr\u00e6\u00f0i.", "knowledge_goals": ["virkni l\u00f3\u00f0bolta og mikilv\u00e6gi hitastigs", "efnisfr\u00e6\u00f0i \u00edhluta", "Lei\u00f0ni mismunandi efna.", "myndun t\u00e6ringar og spennu milli efna", "hvernig me\u00f0h\u00f6ndla skal verkf\u00e6ri", "hvernig me\u00f0h\u00f6ndla skal AVO m\u00e6la", "helstu ger\u00f0um prentplatna", "helstu atri\u00f0um var\u00f0andi \u00f6ryggi"], "skills_goals": ["stilla og hreinsa l\u00f3\u00f0bolta", "l\u00f3\u00f0a rafeindar\u00e1s \u00e1n kaldra l\u00f3\u00f0ninga", "nota tinsugu e\u00f0a tinhreinsiv\u00edr", "bora me\u00f0 fj\u00f6lhra\u00f0a borv\u00e9l", "beygja og fella \u00edhluti \u00ed prent svo vel fari"], "credits": 5, "last_modified": 1486975874.881633, "schools": ["512353008caa45ed97015b49"], "coauthors": null, "instructions": "", "continued_education": false, "level": 1, "prerequisites": "", "author": "6c2fcef4-a2a5-4b10-88f3-ca62dba9fffd", "abbreviation_version": null, "competence_goals": [["setja upp einfalda rafeindar\u00e1s \u00e1 bla\u00f0i", ""], ["sn\u00faa r\u00e1sinni yfir \u00e1 ver\u00f3 bor\u00f0", ""], ["rj\u00fafa og tengja \u00fear sem vi\u00f0 \u00e1", ""], ["l\u00f3\u00f0a \u00edhluti \u00e1n kaldra l\u00f3\u00f0ninga", ""], ["l\u00f3\u00f0a \u00edhluti me\u00f0 h\u00e1marks lei\u00f0ni", ""], ["losa \u00edhluti upp \u00e1n \u00feess a\u00f0 skemma \u00fe\u00e1", ""], ["pr\u00f3fa r\u00e1sina me\u00f0 AVO m\u00e6li", ""], ["bilanagreina ef r\u00e1sin virkar ekki", ""]], "_id": "58a1738262933a4e92015bf2"}, {"exemplary": null, "topics": "Ferilmappa", "abbreviation": "MARG2FM05", "former_schools": null, "subject": "margmi\u00f0lun", "title": "Stafr\u00e6n ferilmappa", "version": 2, "status_trans": "Sam\u00feykkt af sk\u00f3la", "embedded_subject": {"abbreviation": "MARG", "topics": [{"abbreviation": "MI", "topics": ["graf\u00edsk h\u00f6nnun", "myndmi\u00f0lun"]}, {"abbreviation": "MA", "topics": ["Margmi\u00f0lun"]}, {"abbreviation": "FM", "topics": ["Ferilmappa"]}], "_id": "51b098c062933a1deb001e08", "subjects": ["margmi\u00f0lun"], "counter": {"1": 0, "3": 0, "2": 1, "4": 0}}, "evaluation": "N\u00e1msmat er \u00fatf\u00e6rt \u00ed kennslu\u00e1\u00e6tlun \u00ed samr\u00e6mi vi\u00f0 sk\u00f3lan\u00e1mskr\u00e1.", "categorization_suggestion": "", "embedded_topics": {"abbreviation": "FM", "topics": ["Ferilmappa"]}, "status": "approved by school", "description": "Markmi\u00f0 \u00e1fangans er a\u00f0 nemendur n\u00e1i valdi \u00e1 skapandi lei\u00f0um til a\u00f0 vinna me\u00f0 hugmyndir s\u00ednar \u00e1 sj\u00e1lfst\u00e6\u00f0an h\u00e1tt \u00ed rafr\u00e6na ferilb\u00f3k. \nFari\u00f0 er yfir h\u00f6nnun, innihald og mismunandi form rafr\u00e6nna ferilmappa sem ger\u00f0ar eru s\u00e9rstaklega fyrir Neti\u00f0. Nemendur gera eigin m\u00f6ppu og koma fyrir \u00e1 Netinu. \n\u00c1hersla er l\u00f6g\u00f0 \u00e1 sj\u00e1lfst\u00e6\u00f0i \u00ed vinnubr\u00f6g\u00f0um og eru nemendum falin verkefni til \u00farlausna og \u00ed framhaldi af \u00fev\u00ed sko\u00f0a\u00f0ir mismunandi m\u00f6guleikar \u00ed \u00farvinnslu og framsetningu. \u00cd tengslum vi\u00f0 \u00feessa vinnu \u00edgrunda nemendur hugmyndir s\u00ednar, skr\u00e1setja verkefni s\u00edn og koma \u00feeim \u00e1 framf\u00e6ri \u00ed rafr\u00e6nu ferilm\u00f6ppunum.  \n", "knowledge_goals": ["Algengustu a\u00f0fer\u00f0um og formum til \u00feess a\u00f0 mi\u00f0la verkum s\u00ednum \u00e1 rafr\u00e6nu formi \u00e1 Netinu", "Kostum og g\u00f6llum mismunandi a\u00f0fer\u00f0a vi\u00f0 a\u00f0 setja saman efni \u00e1 rafr\u00e6nu formi", "Hvernig skilvirkast er a\u00f0 koma efni fr\u00e1 s\u00e9r \u00ed rafr\u00e6nu formi, me\u00f0al annars me\u00f0 tilliti til \u00fatbrei\u00f0slu og \u00e1horfs \u00e1 Netinu", "Hvernig \u00fatlit og framlei\u00f0sla \u00e1 verkum getur haft \u00e1hrif \u00e1 marka\u00f0setningu", "Hvernig h\u00e6gt er a\u00f0 n\u00fdta \u00fdmis fr\u00ed kerfi \u00e1 vefnum \u00ed samhengi vi\u00f0 n\u00e1m sitt, sk\u00f6pun og framsetningu \u00e1 eigin verkum", "Hvernig fari\u00f0 er a\u00f0 \u00fev\u00ed a\u00f0 setja sama stafr\u00e6na ferilm\u00f6ppu til a\u00f0 kynna sj\u00e1lfan sig og verk s\u00edn"], "skills_goals": ["Skipuleggja og framkv\u00e6ma eigin hugmynd", "Gera einfalt skapal\u00f3n a\u00f0 rafr\u00e6nni ferilm\u00f6ppu \u00e1 textaskjali", "Taka upp rafr\u00e6nar myndskr\u00e1r \u00e1 einf\u00f6ldu formi", "Sm\u00ed\u00f0a rafr\u00e6na ferilm\u00f6ppu me\u00f0 mynd og hlj\u00f3\u00f0skr\u00e1m, klippa myndskr\u00e1r, b\u00e6ta inn texta og hlj\u00f3\u00f0setja einfaldar myndskr\u00e1r fyrir Neti\u00f0", "Mi\u00f0la eigin hugmyndum og sk\u00f6pun \u00e1 skipulag\u00f0an h\u00e1tt", "Tileinka s\u00e9r fj\u00f6lbreyttar vinnua\u00f0fer\u00f0ir vi\u00f0 hugmyndavinnu, s.s. hugmyndas\u00f6fnun, skissuvinnu \u00e1 bla\u00f0 og \u00ed t\u00f6lvu"], "credits": 5, "last_modified": 1476794942.588451, "schools": ["512353008caa45ed97015b49"], "coauthors": [], "instructions": "", "continued_education": false, "level": 2, "prerequisites": "", "author": "b54e014d-b2d4-4b38-90d0-db54f004eb04", "abbreviation_version": null, "competence_goals": [["Geta komi\u00f0 hugmynd sinni \u00e1 \u00fea\u00f0 form a\u00f0 m\u00f6gulegt er a\u00f0 mi\u00f0la henni rafr\u00e6nt \u00e1 a\u00f0gengilegan m\u00e1ta", ""], ["Setja saman \u00ed myndvinnsluforriti teikningar, myndir af verkum, verkefnal\u00fdsingar, efnisval og anna\u00f0 sem hefur \u00e1hrif \u00e1 vinnuferli og loka\u00fatkomu verks \u00e1 skipulegan og a\u00f0gengilegan m\u00e1ta", ""], ["Geta greint hvort tilskyldum reglum s\u00e9 fylgt eftir var\u00f0andi h\u00f6fundar\u00e9tt", ""], ["\u00der\u00f3a hugmyndavinnu s\u00edna sj\u00e1lfst\u00e6tt og setja fram \u00e1 eigin forsendum", ""], ["Tj\u00e1 sig \u00e1 sk\u00fdran, \u00e1byrgan og gagnr\u00fdnan h\u00e1tt um eigin verk og annarra af \u00feekkingu, v\u00ed\u00f0s\u00fdni og umbur\u00f0arlyndi", ""], ["Fjalla um hugmyndalegan og verklegan bakgrunn verka sinna", ""]], "_id": "58061a3e62933a33a60065c1"}, {"exemplary": null, "topics": "Stafr\u00e6n myndvinnsla", "abbreviation": "MARG2SM05", "former_schools": null, "subject": "margmi\u00f0lun", "title": "Stafr\u00e6n myndvinnsla", "version": 3, "status_trans": "Sam\u00feykkt af sk\u00f3la", "embedded_subject": {"abbreviation": "MARG", "topics": [{"abbreviation": "MI", "topics": ["graf\u00edsk h\u00f6nnun", "myndmi\u00f0lun"]}, {"abbreviation": "MA", "topics": ["Margmi\u00f0lun"]}, {"abbreviation": "FM", "topics": ["Ferilmappa"]}, {"abbreviation": "SM", "topics": ["Stafr\u00e6n myndvinnsla"]}, {"abbreviation": "HM", "topics": ["Hlj\u00f3\u00f0 og myndb\u00f6nd"]}, {"abbreviation": "HT", "topics": ["Hreyfimyndir", "t\u00f6lvuleikir"]}, {"abbreviation": "TH", "topics": ["T\u00f6lvustudd h\u00f6nnun"]}, {"abbreviation": "TT", "topics": ["T\u00f6lvustudd text\u00edlh\u00f6nnun"]}], "_id": "51b098c062933a1deb001e08", "subjects": ["margmi\u00f0lun"], "counter": {"1": 0, "3": 0, "2": 2, "4": 3}}, "evaluation": "N\u00e1msmat er \u00fatf\u00e6rt \u00ed kennslu\u00e1\u00e6tlun \u00ed samr\u00e6mi vi\u00f0 sk\u00f3lan\u00e1mskr\u00e1", "categorization_suggestion": "", "embedded_topics": {"abbreviation": "SM", "topics": ["Stafr\u00e6n myndvinnsla"]}, "status": "approved by school", "description": "Nemendur l\u00e6ra \u00e1 lj\u00f3smyndaforrit, teikniforrit og uppsetningarforrit \u00e1samt \u00f6\u00f0rum forritum sem n\u00fdtast \u00ed framsetningu mynda.", "knowledge_goals": ["vi\u00f0eigandi forritum og hvernig m\u00f6gulegt er a\u00f0 n\u00fdta forritin \u00ed myndr\u00e6nni framsetningu", "hugt\u00f6kum tengdum myndvinnslu, uppsetningu og h\u00f6nnun", "grunnatri\u00f0um leturfr\u00e6\u00f0i"], "skills_goals": ["vinna me\u00f0 myndvinnsluforrit", "hanna veggspj\u00f6ld og b\u00e6klinga \u00ed t\u00f6lvu", "teikna og m\u00e1la \u00ed t\u00f6lvu", "lagf\u00e6ra lj\u00f3smyndir \u00ed t\u00f6lvu", "setja fram hugmyndir s\u00ednar me\u00f0 hj\u00e1lp skj\u00e1varpa og tj\u00e1 sig \u00e1 sk\u00fdran, \u00e1byrgan og gagnr\u00fdninn h\u00e1tt um eigin verkefni, ferli og listr\u00e6nar ni\u00f0urst\u00f6\u00f0ur"], "credits": 5, "last_modified": 1486978245.11831, "schools": ["512353008caa45ed97015b49"], "coauthors": null, "instructions": "", "continued_education": false, "level": 2, "prerequisites": "", "author": "6c2fcef4-a2a5-4b10-88f3-ca62dba9fffd", "abbreviation_version": null, "competence_goals": [["n\u00fdta s\u00e9r myndvinnsluforritin \u00e1 sj\u00e1lfst\u00e6\u00f0an og skapandi h\u00e1tt", ""], ["finna lausnir \u00e1 vandam\u00e1lum og vi\u00f0fangsefnum sem tengjast myndr\u00e6nni framsetningu \u00ed t\u00f6lvum", ""], ["skipuleggja verkferla vi\u00f0 \u00farlausn h\u00f6nnunarverkefna", ""], ["vinna me\u00f0 \u00f6\u00f0rum nemendum til a\u00f0 deila uppl\u00fdsingum og \u00feekkingu", ""]], "_id": "58a17cc562933a4e92015db2"}, {"exemplary": null, "topics": "Tr\u00e9smi\u00f0ja", "abbreviation": "N\u00ddFR1TR05", "former_schools": null, "subject": "N\u00fdsk\u00f6pun og frumkv\u00f6\u00f0lafr\u00e6\u00f0i", "title": "Tr\u00e9smi\u00f0ja", "version": 1, "status_trans": "Sam\u00feykkt af sk\u00f3la", "embedded_subject": {"abbreviation": "N\u00ddFR", "topics": [{"abbreviation": "HM", "topics": ["Fr\u00e1 hugmynd til marka\u00f0ssetningar"]}, {"abbreviation": "SF", "topics": ["N\u00fdsk\u00f6pun", "stofnun og rekstur fyrirt\u00e6kja"]}, {"abbreviation": "HH", "topics": ["Hugmynd - h\u00f6nnun"]}, {"abbreviation": "SL", "topics": ["Frumkv\u00f6\u00f0lamennt", "Lausnaleit", "Sk\u00f6pun", "\u00dearfagreining"]}, {"abbreviation": "SH", "topics": ["Hugmyndavinna", "Lausnaleit", "Sk\u00f6pun", "\u00dearfagreining"]}, {"abbreviation": "SN", "topics": ["Hugmyndavinna", "Lausnarmi\u00f0u\u00f0 \u00fearfagreining", "Sk\u00f6pun"]}], "_id": "581262dd62933a33a600b3d9", "subjects": ["N\u00fdsk\u00f6pun og frumkv\u00f6\u00f0lafr\u00e6\u00f0i"], "counter": {"1": 0, "3": 0, "2": 1, "4": 0}}, "evaluation": "N\u00e1msmat er \u00fatf\u00e6rt \u00ed kennslu\u00e1\u00e6tlun \u00ed samr\u00e6mi vi\u00f0 sk\u00f3lan\u00e1mskr\u00e1.", "categorization_suggestion": "", "embedded_topics": {"abbreviation": "TR", "topics": ["Tr\u00e9smi\u00f0ja"]}, "status": "approved by school", "description": "\u00cd \u00e1fanganum er l\u00f6g\u00f0 \u00e1hersla \u00e1 a\u00f0 tvinna \u00f6fluga hugmynda og n\u00fdsk\u00f6punarvinnu saman vi\u00f0 verklega \u00fatf\u00e6rslu \u00e1 eigin verkefnum. Nemendur vinna \u00e1 tr\u00e9sm\u00ed\u00f0averkst\u00e6\u00f0i sk\u00f3lans og \u00f6\u00f0last f\u00e6rni og \u00feekkingu til \u00feess a\u00f0 geta unni\u00f0 me\u00f0 timbur. \u00deeir kynnast helstu g\u00f6llum og kostum \u00feess vi\u00f0 h\u00f6nnun \u00e1 hinum \u00fdmsu vi\u00f0fangsefnum. Geta notf\u00e6rt s\u00e9r timbur vi\u00f0 \u00fatf\u00e6rslu \u00e1 vinnu \u00ed \u00e1fanganum sem og \u00ed framt\u00ed\u00f0inni, \u00fear \u00e1 me\u00f0al tengingu vi\u00f0 \u00f6nnur efni. Kynntir eru \u00feeir \u00f6ryggis\u00fe\u00e6tti sem vi\u00f0 koma vinnu me\u00f0 timbur og \u00feeim v\u00e9lum og verkf\u00e6rum sem til \u00feess \u00fearf.", "knowledge_goals": ["Helstu vi\u00f0artegundum sem nota\u00f0ar eru vi\u00f0 hin \u00fdmsu verkefni", "Kostum og g\u00f6llum hinna \u00fdmsu vi\u00f0artegunda", "Kostum og g\u00f6llum \u00e1 algengum samsetningum \u00e1 timbri", "Undirst\u00f6\u00f0uatri\u00f0um \u00ed teikningalestri", "Takm\u00f6rkun mismunandi t\u00e6kjab\u00fana\u00f0ar me\u00f0 tilliti til efnisvals", "A\u00f0fer\u00f0um sem hafa a\u00f0 markmi\u00f0i a\u00f0 b\u00e6ta n\u00fdtingu hr\u00e1efna, sem og f\u00f6rgun \u00fargangs", "Helstu m\u00f6guleikum tr\u00e9sm\u00ed\u00f0i til n\u00fdsk\u00f6punar"], "skills_goals": ["Geta skipulagt og framkv\u00e6mt eigin hugmyndir", "Lesa einfaldar teikningar", "Bera \u00e1byrg\u00f0 \u00e1 efnisvali og annast birg\u00f0ahald \u00feeirra efna sem nota skal vi\u00f0 framkv\u00e6mdina", "Velja vi\u00f0eigandi verkf\u00e6ri og t\u00e6kjab\u00fana\u00f0 me\u00f0 tilliti til framkv\u00e6mdarinnar", "S\u00fdna frumkv\u00e6\u00f0i og n\u00fdta skapandi n\u00e1lgun \u00ed m\u00f3tun hugmynda sinna"], "credits": 5, "last_modified": 1460555161.244553, "schools": ["512353008caa45ed97015b49"], "coauthors": [], "instructions": "", "continued_education": false, "level": 1, "prerequisites": "", "author": "6c2fcef4-a2a5-4b10-88f3-ca62dba9fffd", "abbreviation_version": null, "competence_goals": [["Geta komi\u00f0 hugmynd sinni \u00e1 \u00fea\u00f0 form a\u00f0 m\u00f6gulegt s\u00e9 a\u00f0 framlei\u00f0a hana, teikningar, efnisval og anna\u00f0 sem hefur \u00e1hrif s\u00e9 sett upp \u00e1 skipulegan og a\u00f0gengilegan m\u00e1ta", ""], ["Greina orsakir galla sem fram koma \u00ed framkv\u00e6md og m\u00e6la fyrir um a\u00f0ger\u00f0ir til \u00farb\u00f3ta", ""], ["Geta greint hvort tilskyldum reglum s\u00e9 fylgt eftir var\u00f0andi \u00f6ryggism\u00e1l", ""], ["Geta \u00fer\u00f3a\u00f0 vi\u00f0skiptahugmyndir \u00ed tengslum vi\u00f0 afur\u00f0 s\u00edna", ""]], "_id": "570e4d9962933a7c7000c0c2"}, {"exemplary": null, "topics": "\u00der\u00edv\u00edddarh\u00f6nnun og fr\u00e6sing", "abbreviation": "FABL3\u00deF05", "former_schools": null, "subject": "Starfr\u00e6n h\u00f6nnun", "title": "\u00der\u00edv\u00edddarh\u00f6nnun og stafr\u00e6n framlei\u00f0slut\u00e6kni", "version": 1, "status_trans": "Sam\u00feykkt af sk\u00f3la", "embedded_subject": {"abbreviation": "FABL", "topics": [{"abbreviation": "\u00deF", "topics": ["\u00der\u00edv\u00edddarh\u00f6nnun og fr\u00e6sing"]}, {"abbreviation": "GR", "topics": ["Grunn\u00e1fangi"]}], "_id": "5806244f62933a33a600668f", "subjects": ["Starfr\u00e6n h\u00f6nnun"], "counter": {"1": 0, "3": 0, "2": 2, "4": 0}}, "evaluation": "N\u00e1msmat er \u00fatf\u00e6rt \u00ed kennslu\u00e1\u00e6tlun \u00ed samr\u00e6mi vi\u00f0 sk\u00f3lan\u00e1mskr\u00e1. ", "categorization_suggestion": "", "embedded_topics": {"abbreviation": "\u00deF", "topics": ["\u00der\u00edv\u00edddarh\u00f6nnun og fr\u00e6sing"]}, "status": "approved by school", "description": "Byggt er ofan \u00e1 fyrri \u00feekkingu nemenda \u00e1 hinum \u00fdmsu teikniforritum auk \u00feess sem notkun laserskera er \u00fej\u00e1lfu\u00f0 frekar. Nemendur l\u00e6ra \u00fer\u00edv\u00edddarh\u00f6nnun auk \u00feess sem \u00feeir l\u00e6ra a\u00f0 f\u00e6ra h\u00f6nnunina \u00far \u00fer\u00edv\u00ed\u00f0u formi yfir \u00ed tv\u00edv\u00edtt til a\u00f0 vinna verki\u00f0 \u00ed stafr\u00e6num fr\u00e6sara e\u00f0a leiserskera. \n\u00c1hersla er l\u00f6g\u00f0 \u00e1 a\u00f0 vinna me\u00f0 sk\u00f6punarkraft nemenda og hafa \u00feeir miki\u00f0 a\u00f0 segja um val verkefna. Mikil \u00e1hersla er l\u00f6g\u00f0 \u00e1 vinnuferli \u00ed verkefnum og ger\u00f0 verkl\u00fdsinga. ", "knowledge_goals": ["notkun leiserskera", "stafr\u00e6num fr\u00e6siv\u00e9lum", "yfirf\u00e6rslu \u00far \u00fer\u00edv\u00eddd \u00ed tv\u00edv\u00eddd fyrir fr\u00e6singu / skur\u00f0", "\u00feekkingu \u00e1 algengum samsetningum \u00ed stafr\u00e6nni framlei\u00f0slu", "getu og takm\u00f6rkun mismunandi t\u00e6kjab\u00fana\u00f0ar me\u00f0 tilliti til efnisvals", "skr\u00e1setningu og mi\u00f0lun vinnuferlis"], "skills_goals": ["nota stafr\u00e6nan t\u00e6kjab\u00fana\u00f0 vi\u00f0 h\u00f6nnun og framlei\u00f0slu", "hanna \u00ed \u00fer\u00edv\u00eddd og flytja \u00ed tv\u00edv\u00eddd fyrir skur\u00f0 / fr\u00e6singu", "vinna skissu a\u00f0 frumger\u00f0 og kynna fyrir \u00f6\u00f0rum", "framkv\u00e6ma verkefni fr\u00e1 hugmynd til frumger\u00f0ar", "velja efni vi\u00f0 h\u00e6fi h\u00f6nnunar og t\u00e6kjab\u00fana\u00f0ar", "mi\u00f0la rafr\u00e6nt skr\u00e1setningu vinnuferlis"], "credits": 5, "last_modified": 1476797851.689293, "schools": ["512353008caa45ed97015b49"], "coauthors": null, "instructions": "", "continued_education": false, "level": 3, "prerequisites": "FABL2GR05", "author": "b54e014d-b2d4-4b38-90d0-db54f004eb04", "abbreviation_version": null, "competence_goals": [["lesa og vinna eftir lei\u00f0beiningum", ""], ["vinna sj\u00e1lfst\u00e6tt eftir verk\u00e1\u00e6tlun sem hann gerir sj\u00e1lfur", ""], ["\u00fatf\u00e6ra hugmyndir s\u00ednar \u00ed teikniforritum; tv\u00edv\u00edddar e\u00f0a \u00fer\u00edv\u00edddar eftir \u00fev\u00ed sem vi\u00f0 \u00e1", ""], ["framlei\u00f0a frumger\u00f0 hugmynda sinna \u00far efnivi\u00f0 og me\u00f0 stafr\u00e6num framlei\u00f0slut\u00e6kjum sem henta vi\u00f0fangsefninu", ""]], "_id": "5806259b62933a33a60066ac"}], "title": "Brautarkjarni n\u00fdsk\u00f6punar- og t\u00e6knibrautar"}], "description": "N\u00e1mi \u00e1 n\u00fdsk\u00f6punarbraut er \u00e6tla\u00f0 a\u00f0 veita nemendum g\u00f3\u00f0a, almenna undirst\u00f6\u00f0u\u00feekkingu \u00ed b\u00f3klegum og verklegum greinum  me\u00f0 \u00e1herslu \u00e1 n\u00fdsk\u00f6pun og t\u00e6kni.  \u00cd n\u00e1mi s\u00ednu tileinka nemendur s\u00e9r mismunandi n\u00e1lgun vi\u00f0 lausn \u00fdmissa verkefna og temja s\u00e9r verkleg, skapandi og listr\u00e6n vinnubr\u00f6g\u00f0.\n\nMe\u00f0al kennslugreina \u00e1 brautinni eru auk b\u00f3klegra greina frumkv\u00f6\u00f0lafr\u00e6\u00f0i, stafr\u00e6n smi\u00f0ja (fab lab), n\u00fdsk\u00f6pun, forritun, vefmi\u00f0lun, rafmagns-, m\u00e1lm- og tr\u00e9sm\u00ed\u00f0a\u00e1fangar. \n\nN\u00e1mi\u00f0 veitir g\u00f3\u00f0an undirb\u00faning fyrir n\u00e1m \u00ed h\u00e1sk\u00f3lum e\u00f0a s\u00e9rsk\u00f3lum einkum \u00e1 svi\u00f0i skapandi greina.  N\u00e1mi\u00f0 er 200 framhaldssk\u00f3laeiningar og \u00fev\u00ed l\u00fdkur me\u00f0 st\u00fadentspr\u00f3fi. Frj\u00e1lst val \u00e1 brautinni er 25 einingar og er nemendum bent \u00e1 a\u00f0 nota \u00fea\u00f0 til a\u00f0 styrkja undirb\u00faning sinn fyrir \u00fea\u00f0 n\u00e1m sem stefnt er a\u00f0 \u00ed h\u00e1sk\u00f3la.", "tags": "B deild - \u00datg\u00e1fud.: 7. \u00e1g\u00fast 2018", "rules": "L\u00e1gmarkseinkunn er 5 \u00ed \u00f6llum \u00e1f\u00f6ngum. Me\u00f0aln\u00e1mst\u00edmi er 6 annir og \u00fearf nemandi a\u00f0 lj\u00faka a\u00f0 me\u00f0altali 33-37 f-einingum \u00e1 \u00f6nn. L\u00e1gmarkseiningafj\u00f6ldi \u00e1 brautinni er 200 einingar.", "onsite_training": "", "programme_type": {"status": "Sam\u00feykkt", "exam": {"_types": ["Exam"], "_id": "4fe3212d045c2618e32ae413", "description": "Nemandi me\u00f0 st\u00fadentspr\u00f3f af \u00f6\u00f0rum brautum en b\u00f3kn\u00e1msbrautum b\u00fdr yfir almennri og s\u00e9rh\u00e6f\u00f0ri \u00feekkingu, leikni og h\u00e6fni til a\u00f0 takast \u00e1 vi\u00f0 n\u00e1m \u00e1 h\u00e1sk\u00f3lastigi. S\u00e9rh\u00e6fingin tengist fr\u00e6\u00f0asvi\u00f0i \u00e1 h\u00e1sk\u00f3lastigi sem er grundvalla\u00f0 \u00e1 starfsn\u00e1mi e\u00f0a listn\u00e1mi. Vi\u00f0 s\u00e9rh\u00e6finguna hefur nemandi \u00f6\u00f0last inns\u00fdn \u00ed starfsa\u00f0fer\u00f0ir vi\u00f0komandi fr\u00e6\u00f0asamf\u00e9lags og b\u00fdr yfir h\u00e6fni til a\u00f0 ver\u00f0a \u00e1byrgur og virkur einstaklingur \u00ed \u00fev\u00ed l\u00fd\u00f0r\u00e6\u00f0islega samf\u00e9lagi. Hann getur n\u00fdtt s\u00e9r norr\u00e6nt tungum\u00e1l og eftir atvikum grunn\u00feekkingu \u00ed \u00feri\u00f0ja tungum\u00e1li, samf\u00e9lagsgreinum e\u00f0a raungreinum vi\u00f0 frekara n\u00e1m og s\u00e9r menntun s\u00edna \u00ed al\u00fej\u00f3\u00f0legu samhengi. Hann b\u00fdr yfir h\u00e6fni til a\u00f0 geta tj\u00e1\u00f0 sig um s\u00e9rh\u00e6f\u00f0a \u00feekkingu s\u00edna, getur sk\u00fdrt og r\u00f6kstutt verklag \u00e1 \u00e1byrgan, gagnr\u00fdninn og sk\u00fdran h\u00e1tt. Hann b\u00fdr yfir h\u00e6fni til a\u00f0 tengja \u00feekkingu s\u00edna og leikni vi\u00f0 t\u00e6kni og v\u00edsindi, getur n\u00fdtt \u00feekkingu s\u00edna, leikni og h\u00e6fni til a\u00f0 greina n\u00fd t\u00e6kif\u00e6ri og getur tekist \u00e1 vi\u00f0 frekara n\u00e1m \u00e1 h\u00e1sk\u00f3lastigi.", "title": "A\u00f0rar brautir til st\u00fadentspr\u00f3fs (\u00feri\u00f0ja \u00ferep)", "level": 3, "number": "7", "subject_choice_programme_flag": null, "_cls": "Exam", "maximum_credits": 240.0, "all_onsite": true, "credits_ratio": {"1": {"max": 33.0, "min": 17.0}, "3": {"max": 33.0, "min": 17.0}, "2": {"max": 50.0, "min": 33.0}, "4": {"max": 10.0, "min": 0.0}}, "minimum_credits": 180.0}, "tags": ["st\u00fadent", "b\u00f3kn\u00e1m", "h\u00e1sk\u00f3lan\u00e1m"], "title": "st\u00fadent", "field_id": "4fb272c4874d802e5451c0bf", "field": {"field": "Almennt n\u00e1m", "subfield": "Almennt n\u00e1m, grunnn\u00e1m og st\u00fadentspr\u00f3f", "_id": "4fb272c4874d802e5451c0bf", "description": "Basic general programmes pre-primary, elementary, primary, secondary, etc.", "isced": "01"}, "exam_id": "4fe3212d045c2618e32ae413", "_cls": null, "subject_choice_programme_description": null, "hidden": null, "description": "Nemandi me\u00f0 st\u00fadentspr\u00f3f b\u00fdr yfir almennri og s\u00e9rh\u00e6f\u00f0ri \u00feekkingu, leikni og h\u00e6fni til a\u00f0 takast \u00e1 vi\u00f0 n\u00e1m \u00e1 h\u00e1sk\u00f3lastigi. S\u00e9rh\u00e6fingin tengist \u00fev\u00ed fr\u00e6\u00f0isvi\u00f0i \u00e1 h\u00e1sk\u00f3lastigi sem stefnt er \u00e1. Vi\u00f0 s\u00e9rh\u00e6finguna f\u00e6r nemandinn inns\u00fdn inn \u00ed starfsa\u00f0fer\u00f0ir vi\u00f0komandi fr\u00e6\u00f0asamf\u00e9lags auk t\u00f6luver\u00f0ar verk\u00feekkingar \u00e1 s\u00ednu valsvi\u00f0i sem getur veri\u00f0 verklegt e\u00f0a listn\u00e1m/h\u00f6nnun. Hann hefur \u00f6\u00f0last h\u00e6fni til a\u00f0 geta s\u00fdnt og tj\u00e1\u00f0 s\u00e9rh\u00e6f\u00f0a \u00feekkingu s\u00edna oggetur sk\u00fdrt og r\u00f6kstutt verklag \u00e1 \u00e1byrgan og sk\u00fdran h\u00e1tt. Hann b\u00fdr yfir h\u00e6fni til a\u00f0 tengja \u00feekkingu s\u00edna og leikni vi\u00f0 t\u00e6kni og v\u00edsindi og getur n\u00fdtt \u00feekkingu s\u00edna, leikni og h\u00e6fni til a\u00f0 greina n\u00fd t\u00e6kif\u00e6ri og n\u00fdta s\u00e9r \u00feau. Nemandinn b\u00fdr yfir h\u00e6fni til a\u00f0 vera \u00e1byrgur og virkur einstaklingur \u00ed l\u00fd\u00f0r\u00e6\u00f0issamf\u00e9lagi."}, "free_choice_description": "\u00cd frj\u00e1lsu vali eru 25 einingar. Vi\u00f0 val \u00e1 \u00e1f\u00f6ngum \u00fearf nemandi a\u00f0 hafa \u00ed huga samsetningu \u00e1fanga hva\u00f0 \u00ferepaskiptingu var\u00f0ar til a\u00f0 uppfylla skilyr\u00f0i a\u00f0aln\u00e1mskr\u00e1r.", "credits": 200, "last_modified": 1534159142.325114, "exam_id": "4fe3212d045c2618e32ae413", "title_of_core": null, "schools": ["512353008caa45ed97015b49"], "free_choice_flag": true, "continued_education": false, "prerequisites": "Innt\u00f6kuskilyr\u00f0i inn \u00e1 brautina er a\u00f0 nemandi hafi einkunnina B \u00ed ensku, st\u00e6r\u00f0fr\u00e6\u00f0i og \u00edslensku \u00far grunnsk\u00f3la e\u00f0a a\u00f0 hafa loki\u00f0 fyrsta \u00fereps \u00e1fanga \u00ed \u00feessum greinum.", "target_groups": [], "competence_goals": ["gera s\u00e9r grein fyrir samf\u00e9lagslegri \u00e1byrg\u00f0 sinni og bera \u00e1byrg\u00f0 \u00e1 sj\u00e1lfum s\u00e9r og eigin n\u00e1mi", "taka \u00fe\u00e1tt \u00ed l\u00fd\u00f0r\u00e6\u00f0islegri samr\u00e6\u00f0u og samstarfi \u00fear sem hann getur tj\u00e1\u00f0 sko\u00f0anir s\u00ednar, r\u00f6kstutt \u00fe\u00e6r og hlusta\u00f0 \u00e1 sko\u00f0anir annarra", "beita skapandi, verklegri og listr\u00e6nni hugsun vi\u00f0 lausnami\u00f0a\u00f0 n\u00e1m og n\u00fdta styrkleika s\u00edna", "skilja a\u00f0st\u00e6\u00f0ur f\u00f3lks og geta sett sig \u00ed spor \u00feeirra sem b\u00faa vi\u00f0 \u00f6nnur skilyr\u00f0i en \u00feeir sj\u00e1lfir", "meta eigin styrkleika og veikleika ekki s\u00edst \u00ed \u00feeirri vi\u00f0leitni a\u00f0 efla eigin sj\u00e1lfsmynd og n\u00fdta styrkleika s\u00edna", "vinna markvisst \u00ed h\u00f3pi, b\u00e6\u00f0i \u00ed n\u00e1mi og starfi", "takast \u00e1 vi\u00f0 frekara n\u00e1m og st\u00f6rf  \u00ed skapandi greinum h\u00e9rlendis og erlendis", "afla s\u00e9r uppl\u00fdsinga og \u00feekkingar \u00e1 skipulag\u00f0an og gagnr\u00fdninn h\u00e1tt jafnt einir sem og \u00ed samvinnu vi\u00f0 a\u00f0ra og velja vi\u00f0eigandi ranns\u00f3knara\u00f0fer\u00f0 hverju sinni", "skilja og geta tj\u00e1\u00f0 sig \u00e1 \u00edslensku jafnt sem erlendum tungum\u00e1lum", "n\u00fdta s\u00e9r g\u00f3\u00f0a almenna \u00feekkingu \u00e1 svi\u00f0i frumkv\u00f6\u00f0lafr\u00e6\u00f0i og uppl\u00fdsingat\u00e6kni", "mi\u00f0la uppl\u00fdsingum b\u00e6\u00f0i skriflega og munnlega \u00e1 sk\u00fdran og skilmerkilegan h\u00e1tt", "vitna \u00ed uppl\u00fdsingar \u00ed samr\u00e6mi vi\u00f0 reglur um me\u00f0 fer\u00f0 heimilda", "me\u00f0h\u00f6ndla og t\u00falka t\u00f6lulegar uppl\u00fdsingar"], "log": [], "organization": "N\u00e1m \u00e1 n\u00fdsk\u00f6punarbraut er hvort tveggja b\u00f3klegt og verklegt og fer fyrst og fremst fram \u00ed sk\u00f3lanum. N\u00e1msbrautin skiptist \u00ed kjarna, brautarkjarna og frj\u00e1lst val. Kjarninn samanstendur af \u00e1f\u00f6ngum sem nemendur \u00e1 \u00f6llum st\u00fadentsbrautum taka en brautarkjarninn er einkennandi fyrir n\u00fdsk\u00f6punar- og t\u00e6knibraut. G\u00e6ta \u00fearf a\u00f0 \u00fev\u00ed a\u00f0 kr\u00f6fum um fj\u00f6lda eininga \u00e1 h\u00e6fni\u00ferepi s\u00e9 fulln\u00e6gt: \u2022\tEiningar \u00e1 fyrsta h\u00e6fni\u00ferepi mega a\u00f0 vera a\u00f0 h\u00e1marki 33% \u2022\tEiningar \u00e1 \u00f6\u00f0ru h\u00e6fni\u00ferepi mega a\u00f0 vera a\u00f0 h\u00e1marki 50% \u2022\tEiningar \u00e1 \u00feri\u00f0ja h\u00e6fni\u00ferepi \u00feurfa a\u00f0 vera a\u00f0 l\u00e1gmarki 17%.", "_id": "1a5a20e0-326a-43ae-aa38-9e184b4c4865", "programme_type_id": "52cac99d71fe19116a528247"}