{"course_choice": [{"total_credits": 11, "courses": [{"exemplary": null, "topics": "almenn heilsu- og l\u00edkamsr\u00e6kt", "abbreviation": "\u00cd\u00deR\u00d31HL02(FB)", "former_schools": null, "subject": "\u00ed\u00fer\u00f3ttir", "title": "\u00cd\u00fer\u00f3ttir", "version": 118, "status_trans": "Sam\u00feykkt af sk\u00f3la", "embedded_subject": {"abbreviation": "\u00cd\u00deR\u00d3", "topics": [{"abbreviation": "\u00deK", "topics": ["kraftur", "styrkur", "\u00feol"]}, {"abbreviation": "GL", "topics": ["grunn\u00fe\u00e6ttir \u00ed almennri l\u00edkams- og heilsur\u00e6kt"]}, {"abbreviation": "GH", "topics": ["grunn\u00fe\u00e6ttir \u00ed almennri heilsu- og l\u00edkamsr\u00e6kt"]}, {"abbreviation": "LC", "topics": ["l\u00edkams- og heilsur\u00e6kt"]}, {"abbreviation": "LD", "topics": ["framhald", "l\u00edkams- og heilsur\u00e6kt"]}, {"abbreviation": "AL", "topics": ["almenn l\u00edkams- og heilsur\u00e6kt e\u00f0a \u00fativist"]}, {"abbreviation": "AH", "topics": ["almenn heilsu- og l\u00edkamsr\u00e6kt e\u00f0a \u00fativist"]}, {"abbreviation": "HR", "topics": ["heilsur\u00e6kt"]}, {"abbreviation": "HH", "topics": ["hreyfing og heilsur\u00e6kt"]}, {"abbreviation": "L\u00cd", "topics": ["l\u00edkamsr\u00e6kt"]}, {"abbreviation": "KN", "topics": ["knattspyrna"]}, {"abbreviation": "KK", "topics": ["k\u00f6rfuknattleikur"]}, {"abbreviation": "BA", "topics": ["badminton"]}, {"abbreviation": "BL", "topics": ["blak"]}, {"abbreviation": "HL", "topics": ["almenn heilsu- og l\u00edkamsr\u00e6kt"]}, {"abbreviation": "LA", "topics": ["almenn heilsu- og l\u00edkamsr\u00e6kt me\u00f0 \u00e1herslu \u00e1 styrk", "l\u00edkamsbeitingu og snerpu"]}, {"abbreviation": "LN", "topics": ["l\u00edfst\u00edll", "n\u00e6ring"]}, {"abbreviation": "M\u00de", "topics": ["markmi\u00f0asetning", "\u00fej\u00e1lfunar\u00e1\u00e6tlanir"]}, {"abbreviation": "SK", "topics": ["skipul\u00f6g\u00f0 hreyfing"]}, {"abbreviation": "S\u00cd", "topics": ["skipul\u00f6g\u00f0 hreyfing framhald", "\u00ed\u00fer\u00f3ttir"]}, {"abbreviation": "LS", "topics": ["l\u00edkamsbeiting og snerpa", "styrkur"]}, {"abbreviation": "U\u00de", "topics": ["upphitun", "\u00feol\u00fej\u00e1lfun"]}, {"abbreviation": "SL", "topics": ["li\u00f0leiki", "l\u00edkamsbeiting", "styrkur", "\u00ed\u00fer\u00f3ttamei\u00f0sli"]}, {"abbreviation": "SS", "topics": ["samh\u00e6fing", "snerpa"]}, {"abbreviation": "LH", "topics": ["heilsa", "l\u00edfsst\u00edll"]}, {"abbreviation": "HA", "topics": ["almenn l\u00edkams og heilsur\u00e6kt", "hreyfing", "likamsr\u00e6ktarsalur"]}, {"abbreviation": "B\u00cd", "topics": ["bolta\u00ed\u00fer\u00f3ttir", "l\u00edffr\u00e6\u00f0i hreyfingar"]}, {"abbreviation": "\u00daH", "topics": ["hreyfing", "j\u00e1kv\u00e6\u00f0 upplifun", "sj\u00e1lfstyrking", "\u00dativist"]}, {"abbreviation": "\u00daF", "topics": ["g\u00f6ngufer\u00f0ir \u00e1 fj\u00f6ll", "hreyfing", "\u00fativist"]}, {"abbreviation": "B\u00dd", "topics": ["Band\u00fd"]}, {"abbreviation": "GA", "topics": ["Ganga"]}, {"abbreviation": "SU", "topics": ["Sund"]}, {"abbreviation": "\u00cdS", "topics": ["starfsbraut", "\u00ed\u00fer\u00f3ttir"]}, {"abbreviation": "LB", "topics": ["L\u00edkamsr\u00e6kt", "hreyfing", "li\u00f0leiki", "styrking"]}, {"abbreviation": "A\u00cd", "topics": ["Almennar \u00ed\u00fer\u00f3ttir"]}, {"abbreviation": "BG", "topics": ["Grunnur a\u00f0 l\u00edkamsr\u00e6kt 2"]}, {"abbreviation": "AG", "topics": ["Grunnur a\u00f0 l\u00edkamsr\u00e6kt A"]}, {"abbreviation": "\u00cdC", "topics": ["L\u00edkamsr\u00e6kt og heilsa A"]}, {"abbreviation": "\u00cdD", "topics": ["L\u00edkamsr\u00e6kt og heilsa B"]}, {"abbreviation": "\u00cdF", "topics": ["Almenn heilsur\u00e6kt B"]}, {"abbreviation": "AA", "topics": ["almennar \u00ed\u00fer\u00f3ttir A"]}, {"abbreviation": "AB", "topics": ["Almennar \u00ed\u00fer\u00f3ttir B"]}, {"abbreviation": "AC", "topics": ["Almennar \u00ed\u00fer\u00f3ttir C"]}, {"abbreviation": "AD", "topics": ["Almennar \u00ed\u00fer\u00f3ttir D"]}, {"abbreviation": "AE", "topics": ["Almennar \u00ed\u00fer\u00f3ttir E"]}, {"abbreviation": "AF", "topics": ["Almennar \u00ed\u00fer\u00f3ttir F"]}, {"abbreviation": "HU", "topics": ["Hugur og heilsa"]}, {"abbreviation": "\u00deB", "topics": ["knattspyrna", "k\u00f6rfubolti og a\u00f0rir boltaleikir", "\u00derek"]}, {"abbreviation": "\u00cdG", "topics": ["\u00cd\u00fer\u00f3ttagreinar og \u00fativist"]}, {"abbreviation": "HJ", "topics": ["Hj\u00f3la\u00f0 \u00ed sk\u00f3lann"]}, {"abbreviation": "DL", "topics": ["Dansleikh\u00fas"]}, {"abbreviation": "LE", "topics": ["l\u00edkamsbeyting", "snerpa"]}, {"abbreviation": "LF", "topics": ["l\u00edkamsbeyting", "snerpa", "styrkur"]}, {"abbreviation": "LG", "topics": ["l\u00edkamsbeyting", "styrkur"]}, {"abbreviation": "NA", "topics": ["Hreyfing og heilsur\u00e6kt"]}, {"abbreviation": "NB", "topics": ["Almenn hreyfing og heilsur\u00e6kt"]}, {"abbreviation": "NC", "topics": ["Almenn heilsur\u00e6kt og hreyfing"]}, {"abbreviation": "ND", "topics": ["Fj\u00f6lbreytt hreyfing og heilsur\u00e6kt"]}, {"abbreviation": "NE", "topics": ["Hreyfing", "heilsu- og l\u00edkamsr\u00e6kt"]}, {"abbreviation": "NF", "topics": ["L\u00edkams- og heilsur\u00e6kt"]}, {"abbreviation": "\u00deR", "topics": ["\u00c6fingar \u00ed \u00fereksal"]}, {"abbreviation": "DA", "topics": ["dans", "leikir og samvinna", "\u00cd\u00fer\u00f3ttir"]}, {"abbreviation": "BO", "topics": ["Boltaleikir"]}, {"abbreviation": "HB", "topics": ["Handbolti"]}, {"abbreviation": "HP", "topics": ["Hlaup"]}, {"abbreviation": "K\u00d6", "topics": ["K\u00f6rfubolti"]}, {"abbreviation": "L\u00de", "topics": ["Leikir og \u00ferek"]}, {"abbreviation": "VE", "topics": ["Vetrar\u00ed\u00fer\u00f3ttir", "bretti", "skautar", "sk\u00ed\u00f0i"]}, {"abbreviation": "\u00deL", "topics": ["hlaup", "li\u00f0leiki", "lyftingar", "\u00derek"]}, {"abbreviation": "\u00cdA", "topics": ["Almenn heilsur\u00e6kt"]}, {"abbreviation": "S\u00c9", "topics": ["s\u00e9rh\u00e6fing \u00ed \u00ed\u00fer\u00f3ttagrein"]}, {"abbreviation": "ST", "topics": ["Styrktar\u00fej\u00e1lfun"]}, {"abbreviation": "SV", "topics": ["Skvass"]}, {"abbreviation": "\u00daT", "topics": ["\u00dativist og fjallamennska"]}, {"abbreviation": "JF", "topics": ["J\u00f6kla-og fjallg\u00f6ngur"]}, {"abbreviation": "J\u00d3", "topics": ["J\u00f3ga"]}, {"abbreviation": "GR", "topics": ["grunn\u00fej\u00e1lfun", "l\u00edkams\u00fej\u00e1lfun"]}, {"abbreviation": "LM", "topics": ["L\u00edkams\u00fej\u00e1lfun", "grunn\u00fej\u00e1lfun"]}, {"abbreviation": "LV", "topics": ["L\u00edkams\u00fej\u00e1lfun", "s\u00e9rt\u00e6k"]}, {"abbreviation": "N\u00c6", "topics": ["L\u00edkams\u00fej\u00e1lfun og n\u00e6ring"]}], "_id": "50c0a02dd8e40575f7f6f4cc", "subjects": ["\u00ed\u00fer\u00f3ttir"], "counter": {"1": 115, "3": 2, "2": 42, "4": 0}}, "evaluation": "Byggist \u00e1 virkni og m\u00e6tingu nemandans.  Einnig frammist\u00f6\u00f0u \u00ed t\u00edmum og sj\u00e1lfst\u00e6\u00f0i \u00ed vinnubr\u00f6g\u00f0um.", "categorization_suggestion": "FB", "embedded_topics": {"abbreviation": "HL", "topics": ["almenn heilsu- og l\u00edkamsr\u00e6kt"]}, "status": "approved by school", "description": "\u00c1fanginn er verklegur me\u00f0 markvissri fr\u00e6\u00f0slu um l\u00edkams- og heilsur\u00e6kt. Nemandinn spreytir sig \u00e1 fj\u00f6lbreyttum a\u00f0fer\u00f0um \u00feol-, styrktar- og li\u00f0leika\u00fej\u00e1lfunar. L\u00f6g\u00f0 er \u00e1hersla \u00e1 a\u00f0 hann finni hreyfingu vi\u00f0 sitt h\u00e6fi \u00fat fr\u00e1 getu og \u00e1huga. Markviss fr\u00e6\u00f0sla um forvarnagildi l\u00edkams- og heilsur\u00e6ktar og hvatning til heilbrig\u00f0ari l\u00edfsh\u00e1tta. Nemandi l\u00e6rir a\u00f0 beita s\u00e9r r\u00e9tt vi\u00f0 \u00e6fingar.", "knowledge_goals": ["forsendum og \u00e1hrifum \u00fej\u00e1lfunar \u00e1 l\u00edkama og heilsu", "a\u00f0 reglubundin l\u00edkamsr\u00e6kt er grunnur a\u00f0 g\u00f3\u00f0ri l\u00edkamshreysti", "mikilv\u00e6gi upphitunar, \u00fathalds-, styrktar- og li\u00f0leika\u00fej\u00e1lfunar", "lei\u00f0um til a\u00f0 n\u00fdta l\u00edkams- og heilsur\u00e6kt \u00ed daglegum ath\u00f6fnum", "\u00e6fingum sem b\u00e6ta l\u00edkamsst\u00f6\u00f0u og hvernig beita \u00e1 l\u00edkamanum r\u00e9tt", "fj\u00f6lbreytilegum a\u00f0fer\u00f0um til heilsur\u00e6ktar", "mikilv\u00e6gi andlegrar, f\u00e9lagslegrar og l\u00edkamlegrar vell\u00ed\u00f0unar"], "skills_goals": ["auka \u00fathald sitt, styrk og li\u00f0leika me\u00f0 fj\u00f6lbreyttum a\u00f0fer\u00f0um sem henta", "stunda \u00e6fingar og hreyfingu sem stu\u00f0la a\u00f0 b\u00e6ttri l\u00edkamsbeitingu", "stunda \u00fej\u00e1lfun og hreyfingu sem hefur \u00e1hrif \u00e1 j\u00e1kv\u00e6\u00f0a upplifun og vi\u00f0horf til l\u00edkams- og heilsur\u00e6ktar", "beita samvinnu sem stu\u00f0lar a\u00f0 tillitssemi og hvatningu", "n\u00fdta s\u00e9r undirst\u00f6\u00f0uatri\u00f0i l\u00edkamsbeitingar"], "credits": 2, "last_modified": 1435928006.943623, "schools": ["51234a818caa45ed97015b35"], "coauthors": null, "instructions": "", "continued_education": false, "level": 1, "prerequisites": "Engar", "author": "41be24d4-5ecf-4d99-9661-f49f574e3dcc", "abbreviation_version": null, "competence_goals": [["styrkja j\u00e1kv\u00e6\u00f0a sj\u00e1lfsmynd me\u00f0 \u00fe\u00e1ttt\u00f6ku \u00ed almennri heilsur\u00e6kt, leikjum og \u00fativeru sem meti\u00f0 er me\u00f0 virkni, hugarfari og m\u00e6tingu nemandans", ""], ["gera s\u00e9r grein fyrir gildi samvinnu \u00ed leik og keppni sem meti\u00f0 er me\u00f0 samskiptah\u00e6fni nemanda", ""], ["s\u00fdna \u00f6\u00f0rum vir\u00f0ingu vi\u00f0 leik, n\u00e1m og st\u00f6rf sem meti\u00f0 er me\u00f0 heg\u00f0un og framkomu nemanda", ""], ["gl\u00edma vi\u00f0 fj\u00f6lbreytt verkefni sem sn\u00faa a\u00f0 alhli\u00f0a hreyfingu, l\u00edkams- og heilsur\u00e6kt", ""], ["leysa af hendi verkefni, \u00e6fingar og leiki sem vi\u00f0halda l\u00edkamshreysti sem meti\u00f0 er me\u00f0 \u00feol- og styrktarpr\u00f3fi", ""], ["n\u00fdta s\u00e9r m\u00f6guleika \u00ed a\u00f0 fl\u00e9tta reglubundna hreyfingu \u00ed daglegt l\u00edf og starf sem meti\u00f0 er me\u00f0 spurningalistum", ""], ["n\u00fdta s\u00e9r m\u00f6guleika til heilsur\u00e6ktar \u00ed n\u00e1nasta umhverfi og \u00fati \u00ed n\u00e1tt\u00farunni sem meti\u00f0 er me\u00f0 markmi\u00f0ssetningu, dagb\u00f3karskrifum og sj\u00e1lfspr\u00f3fi", ""]], "_id": "559685c662933a24fe003e6a"}, {"exemplary": null, "topics": "almenn l\u00edkams og heilsur\u00e6kt, hreyfing, likamsr\u00e6ktarsalur", "abbreviation": "\u00cd\u00deR\u00d31HA01(FB)", "former_schools": null, "subject": "\u00ed\u00fer\u00f3ttir", "title": "\u00cd\u00fer\u00f3ttir", "version": 119, "status_trans": "Sam\u00feykkt af sk\u00f3la", "embedded_subject": {"abbreviation": "\u00cd\u00deR\u00d3", "topics": [{"abbreviation": "\u00deK", "topics": ["kraftur", "styrkur", "\u00feol"]}, {"abbreviation": "GL", "topics": ["grunn\u00fe\u00e6ttir \u00ed almennri l\u00edkams- og heilsur\u00e6kt"]}, {"abbreviation": "GH", "topics": ["grunn\u00fe\u00e6ttir \u00ed almennri heilsu- og l\u00edkamsr\u00e6kt"]}, {"abbreviation": "LC", "topics": ["l\u00edkams- og heilsur\u00e6kt"]}, {"abbreviation": "LD", "topics": ["framhald", "l\u00edkams- og heilsur\u00e6kt"]}, {"abbreviation": "AL", "topics": ["almenn l\u00edkams- og heilsur\u00e6kt e\u00f0a \u00fativist"]}, {"abbreviation": "AH", "topics": ["almenn heilsu- og l\u00edkamsr\u00e6kt e\u00f0a \u00fativist"]}, {"abbreviation": "HR", "topics": ["heilsur\u00e6kt"]}, {"abbreviation": "HH", "topics": ["hreyfing og heilsur\u00e6kt"]}, {"abbreviation": "L\u00cd", "topics": ["l\u00edkamsr\u00e6kt"]}, {"abbreviation": "KN", "topics": ["knattspyrna"]}, {"abbreviation": "KK", "topics": ["k\u00f6rfuknattleikur"]}, {"abbreviation": "BA", "topics": ["badminton"]}, {"abbreviation": "BL", "topics": ["blak"]}, {"abbreviation": "HL", "topics": ["almenn heilsu- og l\u00edkamsr\u00e6kt"]}, {"abbreviation": "LA", "topics": ["almenn heilsu- og l\u00edkamsr\u00e6kt me\u00f0 \u00e1herslu \u00e1 styrk", "l\u00edkamsbeitingu og snerpu"]}, {"abbreviation": "LN", "topics": ["l\u00edfst\u00edll", "n\u00e6ring"]}, {"abbreviation": "M\u00de", "topics": ["markmi\u00f0asetning", "\u00fej\u00e1lfunar\u00e1\u00e6tlanir"]}, {"abbreviation": "SK", "topics": ["skipul\u00f6g\u00f0 hreyfing"]}, {"abbreviation": "S\u00cd", "topics": ["skipul\u00f6g\u00f0 hreyfing framhald", "\u00ed\u00fer\u00f3ttir"]}, {"abbreviation": "LS", "topics": ["l\u00edkamsbeiting og snerpa", "styrkur"]}, {"abbreviation": "U\u00de", "topics": ["upphitun", "\u00feol\u00fej\u00e1lfun"]}, {"abbreviation": "SL", "topics": ["li\u00f0leiki", "l\u00edkamsbeiting", "styrkur", "\u00ed\u00fer\u00f3ttamei\u00f0sli"]}, {"abbreviation": "SS", "topics": ["samh\u00e6fing", "snerpa"]}, {"abbreviation": "LH", "topics": ["heilsa", "l\u00edfsst\u00edll"]}, {"abbreviation": "HA", "topics": ["almenn l\u00edkams og heilsur\u00e6kt", "hreyfing", "likamsr\u00e6ktarsalur"]}, {"abbreviation": "B\u00cd", "topics": ["bolta\u00ed\u00fer\u00f3ttir", "l\u00edffr\u00e6\u00f0i hreyfingar"]}, {"abbreviation": "\u00daH", "topics": ["hreyfing", "j\u00e1kv\u00e6\u00f0 upplifun", "sj\u00e1lfstyrking", "\u00dativist"]}, {"abbreviation": "\u00daF", "topics": ["g\u00f6ngufer\u00f0ir \u00e1 fj\u00f6ll", "hreyfing", "\u00fativist"]}, {"abbreviation": "B\u00dd", "topics": ["Band\u00fd"]}, {"abbreviation": "GA", "topics": ["Ganga"]}, {"abbreviation": "SU", "topics": ["Sund"]}, {"abbreviation": "\u00cdS", "topics": ["starfsbraut", "\u00ed\u00fer\u00f3ttir"]}, {"abbreviation": "LB", "topics": ["L\u00edkamsr\u00e6kt", "hreyfing", "li\u00f0leiki", "styrking"]}, {"abbreviation": "A\u00cd", "topics": ["Almennar \u00ed\u00fer\u00f3ttir"]}, {"abbreviation": "BG", "topics": ["Grunnur a\u00f0 l\u00edkamsr\u00e6kt 2"]}, {"abbreviation": "AG", "topics": ["Grunnur a\u00f0 l\u00edkamsr\u00e6kt A"]}, {"abbreviation": "\u00cdC", "topics": ["L\u00edkamsr\u00e6kt og heilsa A"]}, {"abbreviation": "\u00cdD", "topics": ["L\u00edkamsr\u00e6kt og heilsa B"]}, {"abbreviation": "\u00cdF", "topics": ["Almenn heilsur\u00e6kt B"]}, {"abbreviation": "AA", "topics": ["almennar \u00ed\u00fer\u00f3ttir A"]}, {"abbreviation": "AB", "topics": ["Almennar \u00ed\u00fer\u00f3ttir B"]}, {"abbreviation": "AC", "topics": ["Almennar \u00ed\u00fer\u00f3ttir C"]}, {"abbreviation": "AD", "topics": ["Almennar \u00ed\u00fer\u00f3ttir D"]}, {"abbreviation": "AE", "topics": ["Almennar \u00ed\u00fer\u00f3ttir E"]}, {"abbreviation": "AF", "topics": ["Almennar \u00ed\u00fer\u00f3ttir F"]}, {"abbreviation": "HU", "topics": ["Hugur og heilsa"]}, {"abbreviation": "\u00deB", "topics": ["knattspyrna", "k\u00f6rfubolti og a\u00f0rir boltaleikir", "\u00derek"]}, {"abbreviation": "\u00cdG", "topics": ["\u00cd\u00fer\u00f3ttagreinar og \u00fativist"]}, {"abbreviation": "HJ", "topics": ["Hj\u00f3la\u00f0 \u00ed sk\u00f3lann"]}, {"abbreviation": "DL", "topics": ["Dansleikh\u00fas"]}, {"abbreviation": "LE", "topics": ["l\u00edkamsbeyting", "snerpa"]}, {"abbreviation": "LF", "topics": ["l\u00edkamsbeyting", "snerpa", "styrkur"]}, {"abbreviation": "LG", "topics": ["l\u00edkamsbeyting", "styrkur"]}, {"abbreviation": "NA", "topics": ["Hreyfing og heilsur\u00e6kt"]}, {"abbreviation": "NB", "topics": ["Almenn hreyfing og heilsur\u00e6kt"]}, {"abbreviation": "NC", "topics": ["Almenn heilsur\u00e6kt og hreyfing"]}, {"abbreviation": "ND", "topics": ["Fj\u00f6lbreytt hreyfing og heilsur\u00e6kt"]}, {"abbreviation": "NE", "topics": ["Hreyfing", "heilsu- og l\u00edkamsr\u00e6kt"]}, {"abbreviation": "NF", "topics": ["L\u00edkams- og heilsur\u00e6kt"]}, {"abbreviation": "\u00deR", "topics": ["\u00c6fingar \u00ed \u00fereksal"]}, {"abbreviation": "DA", "topics": ["dans", "leikir og samvinna", "\u00cd\u00fer\u00f3ttir"]}, {"abbreviation": "BO", "topics": ["Boltaleikir"]}, {"abbreviation": "HB", "topics": ["Handbolti"]}, {"abbreviation": "HP", "topics": ["Hlaup"]}, {"abbreviation": "K\u00d6", "topics": ["K\u00f6rfubolti"]}, {"abbreviation": "L\u00de", "topics": ["Leikir og \u00ferek"]}, {"abbreviation": "VE", "topics": ["Vetrar\u00ed\u00fer\u00f3ttir", "bretti", "skautar", "sk\u00ed\u00f0i"]}, {"abbreviation": "\u00deL", "topics": ["hlaup", "li\u00f0leiki", "lyftingar", "\u00derek"]}, {"abbreviation": "\u00cdA", "topics": ["Almenn heilsur\u00e6kt"]}, {"abbreviation": "S\u00c9", "topics": ["s\u00e9rh\u00e6fing \u00ed \u00ed\u00fer\u00f3ttagrein"]}, {"abbreviation": "ST", "topics": ["Styrktar\u00fej\u00e1lfun"]}, {"abbreviation": "SV", "topics": ["Skvass"]}, {"abbreviation": "\u00daT", "topics": ["\u00dativist og fjallamennska"]}, {"abbreviation": "JF", "topics": ["J\u00f6kla-og fjallg\u00f6ngur"]}, {"abbreviation": "J\u00d3", "topics": ["J\u00f3ga"]}, {"abbreviation": "GR", "topics": ["grunn\u00fej\u00e1lfun", "l\u00edkams\u00fej\u00e1lfun"]}, {"abbreviation": "LM", "topics": ["L\u00edkams\u00fej\u00e1lfun", "grunn\u00fej\u00e1lfun"]}, {"abbreviation": "LV", "topics": ["L\u00edkams\u00fej\u00e1lfun", "s\u00e9rt\u00e6k"]}, {"abbreviation": "N\u00c6", "topics": ["L\u00edkams\u00fej\u00e1lfun og n\u00e6ring"]}], "_id": "50c0a02dd8e40575f7f6f4cc", "subjects": ["\u00ed\u00fer\u00f3ttir"], "counter": {"1": 115, "3": 2, "2": 42, "4": 0}}, "evaluation": "Byggist \u00e1 virkni og m\u00e6tingu nemandans.  Einnig frammist\u00f6\u00f0u \u00ed t\u00edmum og sj\u00e1lfst\u00e6\u00f0i \u00ed vinnubr\u00f6g\u00f0um.", "categorization_suggestion": "FB", "embedded_topics": {"abbreviation": "HA", "topics": ["almenn l\u00edkams og heilsur\u00e6kt", "hreyfing", "likamsr\u00e6ktarsalur"]}, "status": "approved by school", "description": "\u00c1fanginn er verklegur me\u00f0 markvissri fr\u00e6\u00f0slu um l\u00edkams- og heilsur\u00e6kt. Nemandinn spreytir sig \u00e1 fj\u00f6lbreyttum a\u00f0fer\u00f0um \u00feol-, styrktar- og li\u00f0leika\u00fej\u00e1lfunar. L\u00f6g\u00f0 er \u00e1hersla \u00e1 a\u00f0 hann finni hreyfingu vi\u00f0 sitt h\u00e6fi \u00fat fr\u00e1 getu og \u00e1huga. Markviss fr\u00e6\u00f0sla um forvarnagildi l\u00edkams- og heilsur\u00e6ktar og hvatning til heilbrig\u00f0ari l\u00edfsh\u00e1tta. Nemandi l\u00e6rir a\u00f0 beita s\u00e9r r\u00e9tt vi\u00f0 \u00e6fingar.", "knowledge_goals": ["forsendum og \u00e1hrifum \u00fej\u00e1lfunar \u00e1 l\u00edkama og heilsu", "a\u00f0 reglubundin l\u00edkamsr\u00e6kt er grunnur a\u00f0 g\u00f3\u00f0ri l\u00edkamshreyst.", "mikilv\u00e6gi upphitunar, \u00fathalds-, styrktar- og li\u00f0leika\u00fej\u00e1lfunar", "lei\u00f0um til a\u00f0 n\u00fdta l\u00edkams- og heilsur\u00e6kt \u00ed daglegum ath\u00f6fnum", "\u00e6fingum sem b\u00e6ta l\u00edkamsst\u00f6\u00f0u og hvernig beita \u00e1 l\u00edkamanum r\u00e9tt", "fj\u00f6lbreytilegum a\u00f0fer\u00f0um til heilsur\u00e6ktar", "mikilv\u00e6gi andlegrar, f\u00e9lagslegrar og l\u00edkamlegrar vell\u00ed\u00f0unar"], "skills_goals": ["auka \u00fathald sitt, styrk og li\u00f0leika me\u00f0 fj\u00f6lbreyttum a\u00f0fer\u00f0um sem henta", "stunda \u00e6fingar og hreyfingu sem stu\u00f0la a\u00f0 b\u00e6ttri l\u00edkamsbeitingu", "stunda \u00fej\u00e1lfun og hreyfingu sem hefur \u00e1hrif \u00e1 j\u00e1kv\u00e6\u00f0a upplifun og vi\u00f0horf til l\u00edkams- og heilsur\u00e6ktar", "beita samvinnu sem stu\u00f0lar a\u00f0 tillitssemi og hvatningu", "n\u00fdta s\u00e9r undirst\u00f6\u00f0uatri\u00f0i l\u00edkamsbeitingar"], "credits": 1, "last_modified": 1435928180.989386, "schools": ["51234a818caa45ed97015b35"], "coauthors": null, "instructions": "", "continued_education": false, "level": 1, "prerequisites": "Engar", "author": "41be24d4-5ecf-4d99-9661-f49f574e3dcc", "abbreviation_version": null, "competence_goals": [["styrkja j\u00e1kv\u00e6\u00f0a sj\u00e1lfsmynd me\u00f0 \u00fe\u00e1ttt\u00f6ku \u00ed almennri heilsur\u00e6kt, leikjum og \u00fativeru sem meti\u00f0 er me\u00f0 virkni, hugarfari og m\u00e6tingu nemandans", ""], ["gera s\u00e9r grein fyrir gildi samvinnu \u00ed leik og keppni sem meti\u00f0 er me\u00f0 samskiptah\u00e6fni nemanda", ""], ["s\u00fdna \u00f6\u00f0rum vir\u00f0ingu vi\u00f0 leik, n\u00e1m og st\u00f6rf sem meti\u00f0 er me\u00f0 heg\u00f0un og framkomu nemanda", ""], ["gl\u00edma vi\u00f0 fj\u00f6lbreytt verkefni sem sn\u00faa a\u00f0 alhli\u00f0a hreyfingu, l\u00edkams- og heilsur\u00e6kt", ""], ["leysa af hendi verkefni, \u00e6fingar og leiki sem vi\u00f0halda l\u00edkamshreysti sem meti\u00f0 er me\u00f0 \u00feol- og styrktarpr\u00f3fi", ""], ["n\u00fdta s\u00e9r m\u00f6guleika \u00ed a\u00f0 fl\u00e9tta reglubundna hreyfingu \u00ed daglegt l\u00edf og starf sem meti\u00f0 er me\u00f0 spurningalistum", ""], ["n\u00fdta s\u00e9r m\u00f6guleika til heilsur\u00e6ktar \u00ed n\u00e1nasta umhverfi og \u00fati \u00ed n\u00e1tt\u00farunni sem meti\u00f0 er me\u00f0 markmi\u00f0ssetningu, dagb\u00f3karskrifum og sj\u00e1lfspr\u00f3fi", ""]], "_id": "5596867462933a24fe003e6f"}, {"exemplary": null, "topics": "badminton", "abbreviation": "\u00cd\u00deR\u00d31BA01(FB)", "former_schools": null, "subject": "\u00ed\u00fer\u00f3ttir", "title": "\u00cd\u00fer\u00f3ttir: Badminton", "version": 125, "status_trans": "Sam\u00feykkt af sk\u00f3la", "embedded_subject": {"abbreviation": "\u00cd\u00deR\u00d3", "topics": [{"abbreviation": "\u00deK", "topics": ["kraftur", "styrkur", "\u00feol"]}, {"abbreviation": "GL", "topics": ["grunn\u00fe\u00e6ttir \u00ed almennri l\u00edkams- og heilsur\u00e6kt"]}, {"abbreviation": "GH", "topics": ["grunn\u00fe\u00e6ttir \u00ed almennri heilsu- og l\u00edkamsr\u00e6kt"]}, {"abbreviation": "LC", "topics": ["l\u00edkams- og heilsur\u00e6kt"]}, {"abbreviation": "LD", "topics": ["framhald", "l\u00edkams- og heilsur\u00e6kt"]}, {"abbreviation": "AL", "topics": ["almenn l\u00edkams- og heilsur\u00e6kt e\u00f0a \u00fativist"]}, {"abbreviation": "AH", "topics": ["almenn heilsu- og l\u00edkamsr\u00e6kt e\u00f0a \u00fativist"]}, {"abbreviation": "HR", "topics": ["heilsur\u00e6kt"]}, {"abbreviation": "HH", "topics": ["hreyfing og heilsur\u00e6kt"]}, {"abbreviation": "L\u00cd", "topics": ["l\u00edkamsr\u00e6kt"]}, {"abbreviation": "KN", "topics": ["knattspyrna"]}, {"abbreviation": "KK", "topics": ["k\u00f6rfuknattleikur"]}, {"abbreviation": "BA", "topics": ["badminton"]}, {"abbreviation": "BL", "topics": ["blak"]}, {"abbreviation": "HL", "topics": ["almenn heilsu- og l\u00edkamsr\u00e6kt"]}, {"abbreviation": "LA", "topics": ["almenn heilsu- og l\u00edkamsr\u00e6kt me\u00f0 \u00e1herslu \u00e1 styrk", "l\u00edkamsbeitingu og snerpu"]}, {"abbreviation": "LN", "topics": ["l\u00edfst\u00edll", "n\u00e6ring"]}, {"abbreviation": "M\u00de", "topics": ["markmi\u00f0asetning", "\u00fej\u00e1lfunar\u00e1\u00e6tlanir"]}, {"abbreviation": "SK", "topics": ["skipul\u00f6g\u00f0 hreyfing"]}, {"abbreviation": "S\u00cd", "topics": ["skipul\u00f6g\u00f0 hreyfing framhald", "\u00ed\u00fer\u00f3ttir"]}, {"abbreviation": "LS", "topics": ["l\u00edkamsbeiting og snerpa", "styrkur"]}, {"abbreviation": "U\u00de", "topics": ["upphitun", "\u00feol\u00fej\u00e1lfun"]}, {"abbreviation": "SL", "topics": ["li\u00f0leiki", "l\u00edkamsbeiting", "styrkur", "\u00ed\u00fer\u00f3ttamei\u00f0sli"]}, {"abbreviation": "SS", "topics": ["samh\u00e6fing", "snerpa"]}, {"abbreviation": "LH", "topics": ["heilsa", "l\u00edfsst\u00edll"]}, {"abbreviation": "HA", "topics": ["almenn l\u00edkams og heilsur\u00e6kt", "hreyfing", "likamsr\u00e6ktarsalur"]}, {"abbreviation": "B\u00cd", "topics": ["bolta\u00ed\u00fer\u00f3ttir", "l\u00edffr\u00e6\u00f0i hreyfingar"]}, {"abbreviation": "\u00daH", "topics": ["hreyfing", "j\u00e1kv\u00e6\u00f0 upplifun", "sj\u00e1lfstyrking", "\u00dativist"]}, {"abbreviation": "\u00daF", "topics": ["g\u00f6ngufer\u00f0ir \u00e1 fj\u00f6ll", "hreyfing", "\u00fativist"]}, {"abbreviation": "B\u00dd", "topics": ["Band\u00fd"]}, {"abbreviation": "GA", "topics": ["Ganga"]}, {"abbreviation": "SU", "topics": ["Sund"]}, {"abbreviation": "\u00cdS", "topics": ["starfsbraut", "\u00ed\u00fer\u00f3ttir"]}, {"abbreviation": "LB", "topics": ["L\u00edkamsr\u00e6kt", "hreyfing", "li\u00f0leiki", "styrking"]}, {"abbreviation": "A\u00cd", "topics": ["Almennar \u00ed\u00fer\u00f3ttir"]}, {"abbreviation": "BG", "topics": ["Grunnur a\u00f0 l\u00edkamsr\u00e6kt 2"]}, {"abbreviation": "AG", "topics": ["Grunnur a\u00f0 l\u00edkamsr\u00e6kt A"]}, {"abbreviation": "\u00cdC", "topics": ["L\u00edkamsr\u00e6kt og heilsa A"]}, {"abbreviation": "\u00cdD", "topics": ["L\u00edkamsr\u00e6kt og heilsa B"]}, {"abbreviation": "\u00cdF", "topics": ["Almenn heilsur\u00e6kt B"]}, {"abbreviation": "AA", "topics": ["almennar \u00ed\u00fer\u00f3ttir A"]}, {"abbreviation": "AB", "topics": ["Almennar \u00ed\u00fer\u00f3ttir B"]}, {"abbreviation": "AC", "topics": ["Almennar \u00ed\u00fer\u00f3ttir C"]}, {"abbreviation": "AD", "topics": ["Almennar \u00ed\u00fer\u00f3ttir D"]}, {"abbreviation": "AE", "topics": ["Almennar \u00ed\u00fer\u00f3ttir E"]}, {"abbreviation": "AF", "topics": ["Almennar \u00ed\u00fer\u00f3ttir F"]}, {"abbreviation": "HU", "topics": ["Hugur og heilsa"]}, {"abbreviation": "\u00deB", "topics": ["knattspyrna", "k\u00f6rfubolti og a\u00f0rir boltaleikir", "\u00derek"]}, {"abbreviation": "\u00cdG", "topics": ["\u00cd\u00fer\u00f3ttagreinar og \u00fativist"]}, {"abbreviation": "HJ", "topics": ["Hj\u00f3la\u00f0 \u00ed sk\u00f3lann"]}, {"abbreviation": "DL", "topics": ["Dansleikh\u00fas"]}, {"abbreviation": "LE", "topics": ["l\u00edkamsbeyting", "snerpa"]}, {"abbreviation": "LF", "topics": ["l\u00edkamsbeyting", "snerpa", "styrkur"]}, {"abbreviation": "LG", "topics": ["l\u00edkamsbeyting", "styrkur"]}, {"abbreviation": "NA", "topics": ["Hreyfing og heilsur\u00e6kt"]}, {"abbreviation": "NB", "topics": ["Almenn hreyfing og heilsur\u00e6kt"]}, {"abbreviation": "NC", "topics": ["Almenn heilsur\u00e6kt og hreyfing"]}, {"abbreviation": "ND", "topics": ["Fj\u00f6lbreytt hreyfing og heilsur\u00e6kt"]}, {"abbreviation": "NE", "topics": ["Hreyfing", "heilsu- og l\u00edkamsr\u00e6kt"]}, {"abbreviation": "NF", "topics": ["L\u00edkams- og heilsur\u00e6kt"]}, {"abbreviation": "\u00deR", "topics": ["\u00c6fingar \u00ed \u00fereksal"]}, {"abbreviation": "DA", "topics": ["dans", "leikir og samvinna", "\u00cd\u00fer\u00f3ttir"]}, {"abbreviation": "BO", "topics": ["Boltaleikir"]}, {"abbreviation": "HB", "topics": ["Handbolti"]}, {"abbreviation": "HP", "topics": ["Hlaup"]}, {"abbreviation": "K\u00d6", "topics": ["K\u00f6rfubolti"]}, {"abbreviation": "L\u00de", "topics": ["Leikir og \u00ferek"]}, {"abbreviation": "VE", "topics": ["Vetrar\u00ed\u00fer\u00f3ttir", "bretti", "skautar", "sk\u00ed\u00f0i"]}, {"abbreviation": "\u00deL", "topics": ["hlaup", "li\u00f0leiki", "lyftingar", "\u00derek"]}, {"abbreviation": "\u00cdA", "topics": ["Almenn heilsur\u00e6kt"]}, {"abbreviation": "S\u00c9", "topics": ["s\u00e9rh\u00e6fing \u00ed \u00ed\u00fer\u00f3ttagrein"]}, {"abbreviation": "ST", "topics": ["Styrktar\u00fej\u00e1lfun"]}, {"abbreviation": "SV", "topics": ["Skvass"]}, {"abbreviation": "\u00daT", "topics": ["\u00dativist og fjallamennska"]}, {"abbreviation": "JF", "topics": ["J\u00f6kla-og fjallg\u00f6ngur"]}, {"abbreviation": "J\u00d3", "topics": ["J\u00f3ga"]}, {"abbreviation": "GR", "topics": ["grunn\u00fej\u00e1lfun", "l\u00edkams\u00fej\u00e1lfun"]}, {"abbreviation": "LM", "topics": ["L\u00edkams\u00fej\u00e1lfun", "grunn\u00fej\u00e1lfun"]}, {"abbreviation": "LV", "topics": ["L\u00edkams\u00fej\u00e1lfun", "s\u00e9rt\u00e6k"]}, {"abbreviation": "N\u00c6", "topics": ["L\u00edkams\u00fej\u00e1lfun og n\u00e6ring"]}], "_id": "50c0a02dd8e40575f7f6f4cc", "subjects": ["\u00ed\u00fer\u00f3ttir"], "counter": {"1": 124, "3": 2, "2": 42, "4": 0}}, "evaluation": "Byggist \u00e1 virkni og m\u00e6tingu nemandans.  Einnig frammist\u00f6\u00f0u \u00ed t\u00edmum og sj\u00e1lfst\u00e6\u00f0i \u00ed vinnubr\u00f6g\u00f0um.", "categorization_suggestion": "FB", "embedded_topics": {"abbreviation": "BA", "topics": ["badminton"]}, "status": "approved by school", "description": "\u00c1fanginn er verklegur me\u00f0 markvissri fr\u00e6\u00f0slu um badminton. Nemandinn spreytir sig \u00e1 fj\u00f6lbreyttum a\u00f0fer\u00f0um \u00feol-, styrktar- og li\u00f0leika.  L\u00f6g\u00f0 er \u00e1hersla \u00e1 a\u00f0 nemandi auki f\u00e6rni s\u00edna \u00ed greininni. Markviss fr\u00e6\u00f0sla um forvarnagildi l\u00edkams- og heilsur\u00e6ktar og hvatning til heilbrig\u00f0ari l\u00edfsh\u00e1tta. Nemandi l\u00e6rir a\u00f0 beita s\u00e9r r\u00e9tt vi\u00f0 \u00e6fingar.", "knowledge_goals": ["reglum \u00ed\u00fer\u00f3ttagreinarinnar.", "undirst\u00f6\u00f0ut\u00e6kni \u00ed\u00fer\u00f3ttagreinarinnar"], "skills_goals": ["geta leiki\u00f0 \u00ed\u00fer\u00f3ttina s\u00e9r til \u00e1n\u00e6gju og heilsub\u00f3tar"], "credits": 1, "last_modified": 1435928462.648471, "schools": ["51234a818caa45ed97015b35"], "coauthors": null, "instructions": "", "continued_education": false, "level": 1, "prerequisites": "\u00cd\u00deR\u00d31A\u00cd02", "author": "41be24d4-5ecf-4d99-9661-f49f574e3dcc", "abbreviation_version": null, "competence_goals": [["styrkja j\u00e1kv\u00e6\u00f0a sj\u00e1lfsmynd me\u00f0 \u00fe\u00e1ttt\u00f6ku \u00ed almennri heilsur\u00e6kt og leikjum  sem meti\u00f0 er me\u00f0 virkni, hugarfari og m\u00e6tingu nemandans", ""], ["gera s\u00e9r grein fyrir gildi samvinnu \u00ed leik og keppni sem meti\u00f0 er me\u00f0 samskiptah\u00e6fni nemanda", ""], ["s\u00fdna \u00f6\u00f0rum vir\u00f0ingu vi\u00f0 leik, n\u00e1m og st\u00f6rf sem meti\u00f0 er me\u00f0 heg\u00f0un og framkomu nemanda", ""], ["gl\u00edma vi\u00f0 fj\u00f6lbreytt verkefni sem sn\u00faa a\u00f0 alhli\u00f0a hreyfingu, l\u00edkams- og heilsur\u00e6kt", ""]], "_id": "5596878e62933a24fe003e8a"}, {"exemplary": null, "topics": "blak", "abbreviation": "\u00cd\u00deR\u00d31BL01(FB)", "former_schools": null, "subject": "\u00ed\u00fer\u00f3ttir", "title": "\u00cd\u00fer\u00f3ttir: Blak", "version": 116, "status_trans": "Sam\u00feykkt af sk\u00f3la", "embedded_subject": {"abbreviation": "\u00cd\u00deR\u00d3", "topics": [{"abbreviation": "\u00deK", "topics": ["kraftur", "styrkur", "\u00feol"]}, {"abbreviation": "GL", "topics": ["grunn\u00fe\u00e6ttir \u00ed almennri l\u00edkams- og heilsur\u00e6kt"]}, {"abbreviation": "GH", "topics": ["grunn\u00fe\u00e6ttir \u00ed almennri heilsu- og l\u00edkamsr\u00e6kt"]}, {"abbreviation": "LC", "topics": ["l\u00edkams- og heilsur\u00e6kt"]}, {"abbreviation": "LD", "topics": ["framhald", "l\u00edkams- og heilsur\u00e6kt"]}, {"abbreviation": "AL", "topics": ["almenn l\u00edkams- og heilsur\u00e6kt e\u00f0a \u00fativist"]}, {"abbreviation": "AH", "topics": ["almenn heilsu- og l\u00edkamsr\u00e6kt e\u00f0a \u00fativist"]}, {"abbreviation": "HR", "topics": ["heilsur\u00e6kt"]}, {"abbreviation": "HH", "topics": ["hreyfing og heilsur\u00e6kt"]}, {"abbreviation": "L\u00cd", "topics": ["l\u00edkamsr\u00e6kt"]}, {"abbreviation": "KN", "topics": ["knattspyrna"]}, {"abbreviation": "KK", "topics": ["k\u00f6rfuknattleikur"]}, {"abbreviation": "BA", "topics": ["badminton"]}, {"abbreviation": "BL", "topics": ["blak"]}, {"abbreviation": "HL", "topics": ["almenn heilsu- og l\u00edkamsr\u00e6kt"]}, {"abbreviation": "LA", "topics": ["almenn heilsu- og l\u00edkamsr\u00e6kt me\u00f0 \u00e1herslu \u00e1 styrk", "l\u00edkamsbeitingu og snerpu"]}, {"abbreviation": "LN", "topics": ["l\u00edfst\u00edll", "n\u00e6ring"]}, {"abbreviation": "M\u00de", "topics": ["markmi\u00f0asetning", "\u00fej\u00e1lfunar\u00e1\u00e6tlanir"]}, {"abbreviation": "SK", "topics": ["skipul\u00f6g\u00f0 hreyfing"]}, {"abbreviation": "S\u00cd", "topics": ["skipul\u00f6g\u00f0 hreyfing framhald", "\u00ed\u00fer\u00f3ttir"]}, {"abbreviation": "LS", "topics": ["l\u00edkamsbeiting og snerpa", "styrkur"]}, {"abbreviation": "U\u00de", "topics": ["upphitun", "\u00feol\u00fej\u00e1lfun"]}, {"abbreviation": "SL", "topics": ["li\u00f0leiki", "l\u00edkamsbeiting", "styrkur", "\u00ed\u00fer\u00f3ttamei\u00f0sli"]}, {"abbreviation": "SS", "topics": ["samh\u00e6fing", "snerpa"]}, {"abbreviation": "LH", "topics": ["heilsa", "l\u00edfsst\u00edll"]}, {"abbreviation": "HA", "topics": ["almenn l\u00edkams og heilsur\u00e6kt", "hreyfing", "likamsr\u00e6ktarsalur"]}, {"abbreviation": "B\u00cd", "topics": ["bolta\u00ed\u00fer\u00f3ttir", "l\u00edffr\u00e6\u00f0i hreyfingar"]}, {"abbreviation": "\u00daH", "topics": ["hreyfing", "j\u00e1kv\u00e6\u00f0 upplifun", "sj\u00e1lfstyrking", "\u00dativist"]}, {"abbreviation": "\u00daF", "topics": ["g\u00f6ngufer\u00f0ir \u00e1 fj\u00f6ll", "hreyfing", "\u00fativist"]}, {"abbreviation": "B\u00dd", "topics": ["Band\u00fd"]}, {"abbreviation": "GA", "topics": ["Ganga"]}, {"abbreviation": "SU", "topics": ["Sund"]}, {"abbreviation": "\u00cdS", "topics": ["starfsbraut", "\u00ed\u00fer\u00f3ttir"]}, {"abbreviation": "LB", "topics": ["L\u00edkamsr\u00e6kt", "hreyfing", "li\u00f0leiki", "styrking"]}, {"abbreviation": "A\u00cd", "topics": ["Almennar \u00ed\u00fer\u00f3ttir"]}, {"abbreviation": "BG", "topics": ["Grunnur a\u00f0 l\u00edkamsr\u00e6kt 2"]}, {"abbreviation": "AG", "topics": ["Grunnur a\u00f0 l\u00edkamsr\u00e6kt A"]}, {"abbreviation": "\u00cdC", "topics": ["L\u00edkamsr\u00e6kt og heilsa A"]}, {"abbreviation": "\u00cdD", "topics": ["L\u00edkamsr\u00e6kt og heilsa B"]}, {"abbreviation": "\u00cdF", "topics": ["Almenn heilsur\u00e6kt B"]}, {"abbreviation": "AA", "topics": ["almennar \u00ed\u00fer\u00f3ttir A"]}, {"abbreviation": "AB", "topics": ["Almennar \u00ed\u00fer\u00f3ttir B"]}, {"abbreviation": "AC", "topics": ["Almennar \u00ed\u00fer\u00f3ttir C"]}, {"abbreviation": "AD", "topics": ["Almennar \u00ed\u00fer\u00f3ttir D"]}, {"abbreviation": "AE", "topics": ["Almennar \u00ed\u00fer\u00f3ttir E"]}, {"abbreviation": "AF", "topics": ["Almennar \u00ed\u00fer\u00f3ttir F"]}, {"abbreviation": "HU", "topics": ["Hugur og heilsa"]}, {"abbreviation": "\u00deB", "topics": ["knattspyrna", "k\u00f6rfubolti og a\u00f0rir boltaleikir", "\u00derek"]}, {"abbreviation": "\u00cdG", "topics": ["\u00cd\u00fer\u00f3ttagreinar og \u00fativist"]}, {"abbreviation": "HJ", "topics": ["Hj\u00f3la\u00f0 \u00ed sk\u00f3lann"]}, {"abbreviation": "DL", "topics": ["Dansleikh\u00fas"]}, {"abbreviation": "LE", "topics": ["l\u00edkamsbeyting", "snerpa"]}, {"abbreviation": "LF", "topics": ["l\u00edkamsbeyting", "snerpa", "styrkur"]}, {"abbreviation": "LG", "topics": ["l\u00edkamsbeyting", "styrkur"]}, {"abbreviation": "NA", "topics": ["Hreyfing og heilsur\u00e6kt"]}, {"abbreviation": "NB", "topics": ["Almenn hreyfing og heilsur\u00e6kt"]}, {"abbreviation": "NC", "topics": ["Almenn heilsur\u00e6kt og hreyfing"]}, {"abbreviation": "ND", "topics": ["Fj\u00f6lbreytt hreyfing og heilsur\u00e6kt"]}, {"abbreviation": "NE", "topics": ["Hreyfing", "heilsu- og l\u00edkamsr\u00e6kt"]}, {"abbreviation": "NF", "topics": ["L\u00edkams- og heilsur\u00e6kt"]}, {"abbreviation": "\u00deR", "topics": ["\u00c6fingar \u00ed \u00fereksal"]}, {"abbreviation": "DA", "topics": ["dans", "leikir og samvinna", "\u00cd\u00fer\u00f3ttir"]}, {"abbreviation": "BO", "topics": ["Boltaleikir"]}, {"abbreviation": "HB", "topics": ["Handbolti"]}, {"abbreviation": "HP", "topics": ["Hlaup"]}, {"abbreviation": "K\u00d6", "topics": ["K\u00f6rfubolti"]}, {"abbreviation": "L\u00de", "topics": ["Leikir og \u00ferek"]}, {"abbreviation": "VE", "topics": ["Vetrar\u00ed\u00fer\u00f3ttir", "bretti", "skautar", "sk\u00ed\u00f0i"]}, {"abbreviation": "\u00deL", "topics": ["hlaup", "li\u00f0leiki", "lyftingar", "\u00derek"]}, {"abbreviation": "\u00cdA", "topics": ["Almenn heilsur\u00e6kt"]}, {"abbreviation": "S\u00c9", "topics": ["s\u00e9rh\u00e6fing \u00ed \u00ed\u00fer\u00f3ttagrein"]}, {"abbreviation": "ST", "topics": ["Styrktar\u00fej\u00e1lfun"]}, {"abbreviation": "SV", "topics": ["Skvass"]}, {"abbreviation": "\u00daT", "topics": ["\u00dativist og fjallamennska"]}, {"abbreviation": "JF", "topics": ["J\u00f6kla-og fjallg\u00f6ngur"]}, {"abbreviation": "J\u00d3", "topics": ["J\u00f3ga"]}, {"abbreviation": "GR", "topics": ["grunn\u00fej\u00e1lfun", "l\u00edkams\u00fej\u00e1lfun"]}, {"abbreviation": "LM", "topics": ["L\u00edkams\u00fej\u00e1lfun", "grunn\u00fej\u00e1lfun"]}, {"abbreviation": "LV", "topics": ["L\u00edkams\u00fej\u00e1lfun", "s\u00e9rt\u00e6k"]}, {"abbreviation": "N\u00c6", "topics": ["L\u00edkams\u00fej\u00e1lfun og n\u00e6ring"]}], "_id": "50c0a02dd8e40575f7f6f4cc", "subjects": ["\u00ed\u00fer\u00f3ttir"], "counter": {"1": 115, "3": 2, "2": 42, "4": 0}}, "evaluation": "Byggist \u00e1 virkni og m\u00e6tingu nemandans.  Einnig frammist\u00f6\u00f0u \u00ed t\u00edmum og sj\u00e1lfst\u00e6\u00f0i \u00ed vinnubr\u00f6g\u00f0um.", "categorization_suggestion": "FB", "embedded_topics": {"abbreviation": "BL", "topics": ["blak"]}, "status": "approved by school", "description": "\u00c1fanginn er verklegur me\u00f0 markvissri fr\u00e6\u00f0slu um blak. Nemandinn spreytir sig \u00e1 fj\u00f6lbreyttum a\u00f0fer\u00f0um \u00feol-, styrktar- og li\u00f0leika.  L\u00f6g\u00f0 er \u00e1hersla \u00e1 a\u00f0 nemandi auki f\u00e6rni s\u00edna \u00ed greininni. Markviss fr\u00e6\u00f0sla um forvarnagildi l\u00edkams- og heilsur\u00e6ktar og hvatning til heilbrig\u00f0ari l\u00edfsh\u00e1tta. Nemandi l\u00e6rir a\u00f0 beita s\u00e9r r\u00e9tt vi\u00f0 \u00e6fingar.", "knowledge_goals": ["reglum \u00ed\u00fer\u00f3ttagreinarinnar.", "undirst\u00f6\u00f0ut\u00e6kni \u00ed\u00fer\u00f3ttagreinarinnar"], "skills_goals": ["geta leiki\u00f0 \u00ed\u00fer\u00f3ttina s\u00e9r til \u00e1n\u00e6gju og heilsub\u00f3tar"], "credits": 1, "last_modified": 1435928866.499851, "schools": ["51234a818caa45ed97015b35"], "coauthors": null, "instructions": "", "continued_education": false, "level": 1, "prerequisites": " \u00cd\u00deR\u00d31A\u00cd02", "author": "41be24d4-5ecf-4d99-9661-f49f574e3dcc", "abbreviation_version": null, "competence_goals": [["styrkja j\u00e1kv\u00e6\u00f0a sj\u00e1lfsmynd me\u00f0 \u00fe\u00e1ttt\u00f6ku \u00ed almennri heilsur\u00e6kt og leikjum  sem meti\u00f0 er me\u00f0 virkni, hugarfari og m\u00e6tingu nemandans", ""], ["gera s\u00e9r grein fyrir gildi samvinnu \u00ed leik og keppni sem meti\u00f0 er me\u00f0 samskiptah\u00e6fni nemanda", ""], ["s\u00fdna \u00f6\u00f0rum vir\u00f0ingu vi\u00f0 leik, n\u00e1m og st\u00f6rf sem meti\u00f0 er me\u00f0 heg\u00f0un og framkomu nemanda", ""], ["gl\u00edma vi\u00f0 fj\u00f6lbreytt verkefni sem sn\u00faa a\u00f0 alhli\u00f0a hreyfingu, l\u00edkams- og heilsur\u00e6kt.", ""]], "_id": "5596892262933a24fe003e8f"}, {"exemplary": null, "topics": "knattspyrna", "abbreviation": "\u00cd\u00deR\u00d31KN01(FB)", "former_schools": null, "subject": "\u00ed\u00fer\u00f3ttir", "title": "\u00cd\u00fer\u00f3ttir: Knattspyrna", "version": 124, "status_trans": "Sam\u00feykkt af sk\u00f3la", "embedded_subject": {"abbreviation": "\u00cd\u00deR\u00d3", "topics": [{"abbreviation": "\u00deK", "topics": ["kraftur", "styrkur", "\u00feol"]}, {"abbreviation": "GL", "topics": ["grunn\u00fe\u00e6ttir \u00ed almennri l\u00edkams- og heilsur\u00e6kt"]}, {"abbreviation": "GH", "topics": ["grunn\u00fe\u00e6ttir \u00ed almennri heilsu- og l\u00edkamsr\u00e6kt"]}, {"abbreviation": "LC", "topics": ["l\u00edkams- og heilsur\u00e6kt"]}, {"abbreviation": "LD", "topics": ["framhald", "l\u00edkams- og heilsur\u00e6kt"]}, {"abbreviation": "AL", "topics": ["almenn l\u00edkams- og heilsur\u00e6kt e\u00f0a \u00fativist"]}, {"abbreviation": "AH", "topics": ["almenn heilsu- og l\u00edkamsr\u00e6kt e\u00f0a \u00fativist"]}, {"abbreviation": "HR", "topics": ["heilsur\u00e6kt"]}, {"abbreviation": "HH", "topics": ["hreyfing og heilsur\u00e6kt"]}, {"abbreviation": "L\u00cd", "topics": ["l\u00edkamsr\u00e6kt"]}, {"abbreviation": "KN", "topics": ["knattspyrna"]}, {"abbreviation": "KK", "topics": ["k\u00f6rfuknattleikur"]}, {"abbreviation": "BA", "topics": ["badminton"]}, {"abbreviation": "BL", "topics": ["blak"]}, {"abbreviation": "HL", "topics": ["almenn heilsu- og l\u00edkamsr\u00e6kt"]}, {"abbreviation": "LA", "topics": ["almenn heilsu- og l\u00edkamsr\u00e6kt me\u00f0 \u00e1herslu \u00e1 styrk", "l\u00edkamsbeitingu og snerpu"]}, {"abbreviation": "LN", "topics": ["l\u00edfst\u00edll", "n\u00e6ring"]}, {"abbreviation": "M\u00de", "topics": ["markmi\u00f0asetning", "\u00fej\u00e1lfunar\u00e1\u00e6tlanir"]}, {"abbreviation": "SK", "topics": ["skipul\u00f6g\u00f0 hreyfing"]}, {"abbreviation": "S\u00cd", "topics": ["skipul\u00f6g\u00f0 hreyfing framhald", "\u00ed\u00fer\u00f3ttir"]}, {"abbreviation": "LS", "topics": ["l\u00edkamsbeiting og snerpa", "styrkur"]}, {"abbreviation": "U\u00de", "topics": ["upphitun", "\u00feol\u00fej\u00e1lfun"]}, {"abbreviation": "SL", "topics": ["li\u00f0leiki", "l\u00edkamsbeiting", "styrkur", "\u00ed\u00fer\u00f3ttamei\u00f0sli"]}, {"abbreviation": "SS", "topics": ["samh\u00e6fing", "snerpa"]}, {"abbreviation": "LH", "topics": ["heilsa", "l\u00edfsst\u00edll"]}, {"abbreviation": "HA", "topics": ["almenn l\u00edkams og heilsur\u00e6kt", "hreyfing", "likamsr\u00e6ktarsalur"]}, {"abbreviation": "B\u00cd", "topics": ["bolta\u00ed\u00fer\u00f3ttir", "l\u00edffr\u00e6\u00f0i hreyfingar"]}, {"abbreviation": "\u00daH", "topics": ["hreyfing", "j\u00e1kv\u00e6\u00f0 upplifun", "sj\u00e1lfstyrking", "\u00dativist"]}, {"abbreviation": "\u00daF", "topics": ["g\u00f6ngufer\u00f0ir \u00e1 fj\u00f6ll", "hreyfing", "\u00fativist"]}, {"abbreviation": "B\u00dd", "topics": ["Band\u00fd"]}, {"abbreviation": "GA", "topics": ["Ganga"]}, {"abbreviation": "SU", "topics": ["Sund"]}, {"abbreviation": "\u00cdS", "topics": ["starfsbraut", "\u00ed\u00fer\u00f3ttir"]}, {"abbreviation": "LB", "topics": ["L\u00edkamsr\u00e6kt", "hreyfing", "li\u00f0leiki", "styrking"]}, {"abbreviation": "A\u00cd", "topics": ["Almennar \u00ed\u00fer\u00f3ttir"]}, {"abbreviation": "BG", "topics": ["Grunnur a\u00f0 l\u00edkamsr\u00e6kt 2"]}, {"abbreviation": "AG", "topics": ["Grunnur a\u00f0 l\u00edkamsr\u00e6kt A"]}, {"abbreviation": "\u00cdC", "topics": ["L\u00edkamsr\u00e6kt og heilsa A"]}, {"abbreviation": "\u00cdD", "topics": ["L\u00edkamsr\u00e6kt og heilsa B"]}, {"abbreviation": "\u00cdF", "topics": ["Almenn heilsur\u00e6kt B"]}, {"abbreviation": "AA", "topics": ["almennar \u00ed\u00fer\u00f3ttir A"]}, {"abbreviation": "AB", "topics": ["Almennar \u00ed\u00fer\u00f3ttir B"]}, {"abbreviation": "AC", "topics": ["Almennar \u00ed\u00fer\u00f3ttir C"]}, {"abbreviation": "AD", "topics": ["Almennar \u00ed\u00fer\u00f3ttir D"]}, {"abbreviation": "AE", "topics": ["Almennar \u00ed\u00fer\u00f3ttir E"]}, {"abbreviation": "AF", "topics": ["Almennar \u00ed\u00fer\u00f3ttir F"]}, {"abbreviation": "HU", "topics": ["Hugur og heilsa"]}, {"abbreviation": "\u00deB", "topics": ["knattspyrna", "k\u00f6rfubolti og a\u00f0rir boltaleikir", "\u00derek"]}, {"abbreviation": "\u00cdG", "topics": ["\u00cd\u00fer\u00f3ttagreinar og \u00fativist"]}, {"abbreviation": "HJ", "topics": ["Hj\u00f3la\u00f0 \u00ed sk\u00f3lann"]}, {"abbreviation": "DL", "topics": ["Dansleikh\u00fas"]}, {"abbreviation": "LE", "topics": ["l\u00edkamsbeyting", "snerpa"]}, {"abbreviation": "LF", "topics": ["l\u00edkamsbeyting", "snerpa", "styrkur"]}, {"abbreviation": "LG", "topics": ["l\u00edkamsbeyting", "styrkur"]}, {"abbreviation": "NA", "topics": ["Hreyfing og heilsur\u00e6kt"]}, {"abbreviation": "NB", "topics": ["Almenn hreyfing og heilsur\u00e6kt"]}, {"abbreviation": "NC", "topics": ["Almenn heilsur\u00e6kt og hreyfing"]}, {"abbreviation": "ND", "topics": ["Fj\u00f6lbreytt hreyfing og heilsur\u00e6kt"]}, {"abbreviation": "NE", "topics": ["Hreyfing", "heilsu- og l\u00edkamsr\u00e6kt"]}, {"abbreviation": "NF", "topics": ["L\u00edkams- og heilsur\u00e6kt"]}, {"abbreviation": "\u00deR", "topics": ["\u00c6fingar \u00ed \u00fereksal"]}, {"abbreviation": "DA", "topics": ["dans", "leikir og samvinna", "\u00cd\u00fer\u00f3ttir"]}, {"abbreviation": "BO", "topics": ["Boltaleikir"]}, {"abbreviation": "HB", "topics": ["Handbolti"]}, {"abbreviation": "HP", "topics": ["Hlaup"]}, {"abbreviation": "K\u00d6", "topics": ["K\u00f6rfubolti"]}, {"abbreviation": "L\u00de", "topics": ["Leikir og \u00ferek"]}, {"abbreviation": "VE", "topics": ["Vetrar\u00ed\u00fer\u00f3ttir", "bretti", "skautar", "sk\u00ed\u00f0i"]}, {"abbreviation": "\u00deL", "topics": ["hlaup", "li\u00f0leiki", "lyftingar", "\u00derek"]}, {"abbreviation": "\u00cdA", "topics": ["Almenn heilsur\u00e6kt"]}, {"abbreviation": "S\u00c9", "topics": ["s\u00e9rh\u00e6fing \u00ed \u00ed\u00fer\u00f3ttagrein"]}, {"abbreviation": "ST", "topics": ["Styrktar\u00fej\u00e1lfun"]}, {"abbreviation": "SV", "topics": ["Skvass"]}, {"abbreviation": "\u00daT", "topics": ["\u00dativist og fjallamennska"]}, {"abbreviation": "JF", "topics": ["J\u00f6kla-og fjallg\u00f6ngur"]}, {"abbreviation": "J\u00d3", "topics": ["J\u00f3ga"]}, {"abbreviation": "GR", "topics": ["grunn\u00fej\u00e1lfun", "l\u00edkams\u00fej\u00e1lfun"]}, {"abbreviation": "LM", "topics": ["L\u00edkams\u00fej\u00e1lfun", "grunn\u00fej\u00e1lfun"]}, {"abbreviation": "LV", "topics": ["L\u00edkams\u00fej\u00e1lfun", "s\u00e9rt\u00e6k"]}, {"abbreviation": "N\u00c6", "topics": ["L\u00edkams\u00fej\u00e1lfun og n\u00e6ring"]}], "_id": "50c0a02dd8e40575f7f6f4cc", "subjects": ["\u00ed\u00fer\u00f3ttir"], "counter": {"1": 115, "3": 2, "2": 42, "4": 0}}, "evaluation": "Byggist \u00e1 virkni og m\u00e6tingu nemandans.  Einnig frammist\u00f6\u00f0u \u00ed t\u00edmum og sj\u00e1lfst\u00e6\u00f0i \u00ed vinnubr\u00f6g\u00f0um.", "categorization_suggestion": "FB", "embedded_topics": {"abbreviation": "KN", "topics": ["knattspyrna"]}, "status": "approved by school", "description": "\u00c1fanginn er verklegur me\u00f0 markvissri fr\u00e6\u00f0slu um knattspyrnu. Nemandinn spreytir sig \u00e1 fj\u00f6lbreyttum a\u00f0fer\u00f0um \u00feol-, styrktar- og li\u00f0leika.  L\u00f6g\u00f0 er \u00e1hersla \u00e1 a\u00f0 nemandi auki f\u00e6rni s\u00edna \u00ed greininni. Markviss fr\u00e6\u00f0sla um forvarnagildi l\u00edkams- og heilsur\u00e6ktar og hvatning til heilbrig\u00f0ari l\u00edfsh\u00e1tta. Nemandi l\u00e6rir a\u00f0 beita s\u00e9r r\u00e9tt vi\u00f0 \u00e6fingar.", "knowledge_goals": ["reglum \u00ed\u00fer\u00f3ttagreinarinnar", "undirst\u00f6\u00f0ut\u00e6kni \u00ed\u00fer\u00f3ttagreinarinnar"], "skills_goals": ["geta leiki\u00f0 \u00ed\u00fer\u00f3ttina s\u00e9r til \u00e1n\u00e6gju og heilsub\u00f3tar"], "credits": 1, "last_modified": 1435928383.144495, "schools": ["51234a818caa45ed97015b35"], "coauthors": null, "instructions": "", "continued_education": false, "level": 1, "prerequisites": "\u00cd\u00deR\u00d31A\u00cd02", "author": "41be24d4-5ecf-4d99-9661-f49f574e3dcc", "abbreviation_version": null, "competence_goals": [["styrkja j\u00e1kv\u00e6\u00f0a sj\u00e1lfsmynd me\u00f0 \u00fe\u00e1ttt\u00f6ku \u00ed almennri heilsur\u00e6kt og leikjum  sem meti\u00f0 er me\u00f0 virkni, hugarfari og m\u00e6tingu nemandans", ""], ["gera s\u00e9r grein fyrir gildi samvinnu \u00ed leik og keppni sem meti\u00f0 er me\u00f0 samskiptah\u00e6fni nemanda", ""], ["s\u00fdna \u00f6\u00f0rum vir\u00f0ingu vi\u00f0 leik, n\u00e1m og st\u00f6rf sem meti\u00f0 er me\u00f0 heg\u00f0un og framkomu nemanda", ""], ["gl\u00edma vi\u00f0 fj\u00f6lbreytt verkefni sem sn\u00faa a\u00f0 alhli\u00f0a hreyfingu, l\u00edkams- og heilsur\u00e6kt", ""]], "_id": "5596873f62933a24fe003e82"}, {"exemplary": null, "topics": "K\u00f6rfubolti", "abbreviation": "\u00cd\u00deR\u00d31K\u00d601(FB)", "former_schools": null, "subject": "\u00ed\u00fer\u00f3ttir", "title": "\u00cd\u00fer\u00f3ttir: K\u00f6rfuknattleikur", "version": 123, "status_trans": "Sam\u00feykkt af sk\u00f3la", "embedded_subject": {"abbreviation": "\u00cd\u00deR\u00d3", "topics": [{"abbreviation": "\u00deK", "topics": ["kraftur", "styrkur", "\u00feol"]}, {"abbreviation": "GL", "topics": ["grunn\u00fe\u00e6ttir \u00ed almennri l\u00edkams- og heilsur\u00e6kt"]}, {"abbreviation": "GH", "topics": ["grunn\u00fe\u00e6ttir \u00ed almennri heilsu- og l\u00edkamsr\u00e6kt"]}, {"abbreviation": "LC", "topics": ["l\u00edkams- og heilsur\u00e6kt"]}, {"abbreviation": "LD", "topics": ["framhald", "l\u00edkams- og heilsur\u00e6kt"]}, {"abbreviation": "AL", "topics": ["almenn l\u00edkams- og heilsur\u00e6kt e\u00f0a \u00fativist"]}, {"abbreviation": "AH", "topics": ["almenn heilsu- og l\u00edkamsr\u00e6kt e\u00f0a \u00fativist"]}, {"abbreviation": "HR", "topics": ["heilsur\u00e6kt"]}, {"abbreviation": "HH", "topics": ["hreyfing og heilsur\u00e6kt"]}, {"abbreviation": "L\u00cd", "topics": ["l\u00edkamsr\u00e6kt"]}, {"abbreviation": "KN", "topics": ["knattspyrna"]}, {"abbreviation": "KK", "topics": ["k\u00f6rfuknattleikur"]}, {"abbreviation": "BA", "topics": ["badminton"]}, {"abbreviation": "BL", "topics": ["blak"]}, {"abbreviation": "HL", "topics": ["almenn heilsu- og l\u00edkamsr\u00e6kt"]}, {"abbreviation": "LA", "topics": ["almenn heilsu- og l\u00edkamsr\u00e6kt me\u00f0 \u00e1herslu \u00e1 styrk", "l\u00edkamsbeitingu og snerpu"]}, {"abbreviation": "LN", "topics": ["l\u00edfst\u00edll", "n\u00e6ring"]}, {"abbreviation": "M\u00de", "topics": ["markmi\u00f0asetning", "\u00fej\u00e1lfunar\u00e1\u00e6tlanir"]}, {"abbreviation": "SK", "topics": ["skipul\u00f6g\u00f0 hreyfing"]}, {"abbreviation": "S\u00cd", "topics": ["skipul\u00f6g\u00f0 hreyfing framhald", "\u00ed\u00fer\u00f3ttir"]}, {"abbreviation": "LS", "topics": ["l\u00edkamsbeiting og snerpa", "styrkur"]}, {"abbreviation": "U\u00de", "topics": ["upphitun", "\u00feol\u00fej\u00e1lfun"]}, {"abbreviation": "SL", "topics": ["li\u00f0leiki", "l\u00edkamsbeiting", "styrkur", "\u00ed\u00fer\u00f3ttamei\u00f0sli"]}, {"abbreviation": "SS", "topics": ["samh\u00e6fing", "snerpa"]}, {"abbreviation": "LH", "topics": ["heilsa", "l\u00edfsst\u00edll"]}, {"abbreviation": "HA", "topics": ["almenn l\u00edkams og heilsur\u00e6kt", "hreyfing", "likamsr\u00e6ktarsalur"]}, {"abbreviation": "B\u00cd", "topics": ["bolta\u00ed\u00fer\u00f3ttir", "l\u00edffr\u00e6\u00f0i hreyfingar"]}, {"abbreviation": "\u00daH", "topics": ["hreyfing", "j\u00e1kv\u00e6\u00f0 upplifun", "sj\u00e1lfstyrking", "\u00dativist"]}, {"abbreviation": "\u00daF", "topics": ["g\u00f6ngufer\u00f0ir \u00e1 fj\u00f6ll", "hreyfing", "\u00fativist"]}, {"abbreviation": "B\u00dd", "topics": ["Band\u00fd"]}, {"abbreviation": "GA", "topics": ["Ganga"]}, {"abbreviation": "SU", "topics": ["Sund"]}, {"abbreviation": "\u00cdS", "topics": ["starfsbraut", "\u00ed\u00fer\u00f3ttir"]}, {"abbreviation": "LB", "topics": ["L\u00edkamsr\u00e6kt", "hreyfing", "li\u00f0leiki", "styrking"]}, {"abbreviation": "A\u00cd", "topics": ["Almennar \u00ed\u00fer\u00f3ttir"]}, {"abbreviation": "BG", "topics": ["Grunnur a\u00f0 l\u00edkamsr\u00e6kt 2"]}, {"abbreviation": "AG", "topics": ["Grunnur a\u00f0 l\u00edkamsr\u00e6kt A"]}, {"abbreviation": "\u00cdC", "topics": ["L\u00edkamsr\u00e6kt og heilsa A"]}, {"abbreviation": "\u00cdD", "topics": ["L\u00edkamsr\u00e6kt og heilsa B"]}, {"abbreviation": "\u00cdF", "topics": ["Almenn heilsur\u00e6kt B"]}, {"abbreviation": "AA", "topics": ["almennar \u00ed\u00fer\u00f3ttir A"]}, {"abbreviation": "AB", "topics": ["Almennar \u00ed\u00fer\u00f3ttir B"]}, {"abbreviation": "AC", "topics": ["Almennar \u00ed\u00fer\u00f3ttir C"]}, {"abbreviation": "AD", "topics": ["Almennar \u00ed\u00fer\u00f3ttir D"]}, {"abbreviation": "AE", "topics": ["Almennar \u00ed\u00fer\u00f3ttir E"]}, {"abbreviation": "AF", "topics": ["Almennar \u00ed\u00fer\u00f3ttir F"]}, {"abbreviation": "HU", "topics": ["Hugur og heilsa"]}, {"abbreviation": "\u00deB", "topics": ["knattspyrna", "k\u00f6rfubolti og a\u00f0rir boltaleikir", "\u00derek"]}, {"abbreviation": "\u00cdG", "topics": ["\u00cd\u00fer\u00f3ttagreinar og \u00fativist"]}, {"abbreviation": "HJ", "topics": ["Hj\u00f3la\u00f0 \u00ed sk\u00f3lann"]}, {"abbreviation": "DL", "topics": ["Dansleikh\u00fas"]}, {"abbreviation": "LE", "topics": ["l\u00edkamsbeyting", "snerpa"]}, {"abbreviation": "LF", "topics": ["l\u00edkamsbeyting", "snerpa", "styrkur"]}, {"abbreviation": "LG", "topics": ["l\u00edkamsbeyting", "styrkur"]}, {"abbreviation": "NA", "topics": ["Hreyfing og heilsur\u00e6kt"]}, {"abbreviation": "NB", "topics": ["Almenn hreyfing og heilsur\u00e6kt"]}, {"abbreviation": "NC", "topics": ["Almenn heilsur\u00e6kt og hreyfing"]}, {"abbreviation": "ND", "topics": ["Fj\u00f6lbreytt hreyfing og heilsur\u00e6kt"]}, {"abbreviation": "NE", "topics": ["Hreyfing", "heilsu- og l\u00edkamsr\u00e6kt"]}, {"abbreviation": "NF", "topics": ["L\u00edkams- og heilsur\u00e6kt"]}, {"abbreviation": "\u00deR", "topics": ["\u00c6fingar \u00ed \u00fereksal"]}, {"abbreviation": "DA", "topics": ["dans", "leikir og samvinna", "\u00cd\u00fer\u00f3ttir"]}, {"abbreviation": "BO", "topics": ["Boltaleikir"]}, {"abbreviation": "HB", "topics": ["Handbolti"]}, {"abbreviation": "HP", "topics": ["Hlaup"]}, {"abbreviation": "K\u00d6", "topics": ["K\u00f6rfubolti"]}, {"abbreviation": "L\u00de", "topics": ["Leikir og \u00ferek"]}, {"abbreviation": "VE", "topics": ["Vetrar\u00ed\u00fer\u00f3ttir", "bretti", "skautar", "sk\u00ed\u00f0i"]}, {"abbreviation": "\u00deL", "topics": ["hlaup", "li\u00f0leiki", "lyftingar", "\u00derek"]}, {"abbreviation": "\u00cdA", "topics": ["Almenn heilsur\u00e6kt"]}, {"abbreviation": "S\u00c9", "topics": ["s\u00e9rh\u00e6fing \u00ed \u00ed\u00fer\u00f3ttagrein"]}, {"abbreviation": "ST", "topics": ["Styrktar\u00fej\u00e1lfun"]}, {"abbreviation": "SV", "topics": ["Skvass"]}, {"abbreviation": "\u00daT", "topics": ["\u00dativist og fjallamennska"]}, {"abbreviation": "JF", "topics": ["J\u00f6kla-og fjallg\u00f6ngur"]}, {"abbreviation": "J\u00d3", "topics": ["J\u00f3ga"]}, {"abbreviation": "GR", "topics": ["grunn\u00fej\u00e1lfun", "l\u00edkams\u00fej\u00e1lfun"]}, {"abbreviation": "LM", "topics": ["L\u00edkams\u00fej\u00e1lfun", "grunn\u00fej\u00e1lfun"]}, {"abbreviation": "LV", "topics": ["L\u00edkams\u00fej\u00e1lfun", "s\u00e9rt\u00e6k"]}, {"abbreviation": "N\u00c6", "topics": ["L\u00edkams\u00fej\u00e1lfun og n\u00e6ring"]}], "_id": "50c0a02dd8e40575f7f6f4cc", "subjects": ["\u00ed\u00fer\u00f3ttir"], "counter": {"1": 115, "3": 2, "2": 42, "4": 0}}, "evaluation": "Byggist \u00e1 virkni og m\u00e6tingu nemandans.  Einnig frammist\u00f6\u00f0u \u00ed t\u00edmum og sj\u00e1lfst\u00e6\u00f0i \u00ed vinnubr\u00f6g\u00f0um.", "categorization_suggestion": "FB", "embedded_topics": {"abbreviation": "K\u00d6", "topics": ["K\u00f6rfubolti"]}, "status": "approved by school", "description": "\u00c1fanginn er verklegur me\u00f0 markvissri fr\u00e6\u00f0slu um k\u00f6rfuknattleik. Nemandinn spreytir sig \u00e1 fj\u00f6lbreyttum a\u00f0fer\u00f0um \u00feol-, styrktar- og li\u00f0leika.  L\u00f6g\u00f0 er \u00e1hersla \u00e1 a\u00f0 nemandi auki f\u00e6rni s\u00edna \u00ed greininni. Markviss fr\u00e6\u00f0sla um forvarnagildi l\u00edkams- og heilsur\u00e6ktar og hvatning til heilbrig\u00f0ari l\u00edfsh\u00e1tta. Nemandi l\u00e6rir a\u00f0 beita s\u00e9r r\u00e9tt vi\u00f0 \u00e6fingar.", "knowledge_goals": ["reglum \u00ed\u00fer\u00f3ttagreinarinnar.", "undirst\u00f6\u00f0ut\u00e6kni \u00ed\u00fer\u00f3ttagreinarinnar"], "skills_goals": ["geta leiki\u00f0 \u00ed\u00fer\u00f3ttina s\u00e9r til \u00e1n\u00e6gju og heilsub\u00f3tar"], "credits": 1, "last_modified": 1435928420.862126, "schools": ["51234a818caa45ed97015b35"], "coauthors": null, "instructions": "", "continued_education": false, "level": 1, "prerequisites": " \u00cd\u00deR\u00d31A\u00cd02", "author": "41be24d4-5ecf-4d99-9661-f49f574e3dcc", "abbreviation_version": null, "competence_goals": [["styrkja j\u00e1kv\u00e6\u00f0a sj\u00e1lfsmynd me\u00f0 \u00fe\u00e1ttt\u00f6ku \u00ed almennri heilsur\u00e6kt og leikjum  sem meti\u00f0 er me\u00f0 virkni, hugarfari og m\u00e6tingu nemandans", ""], ["gera s\u00e9r grein fyrir gildi samvinnu \u00ed leik og keppni sem meti\u00f0 er me\u00f0 samskiptah\u00e6fni nemanda", ""], ["s\u00fdna \u00f6\u00f0rum vir\u00f0ingu vi\u00f0 leik, n\u00e1m og st\u00f6rf sem meti\u00f0 er me\u00f0 heg\u00f0un og framkomu nemanda gl\u00edma vi\u00f0 fj\u00f6lbreytt verkefni sem sn\u00faa a\u00f0 alhli\u00f0a hreyfingu, l\u00edkams- og heilsur\u00e6kt", ""]], "_id": "5596876462933a24fe003e86"}, {"exemplary": null, "topics": "Skvass", "abbreviation": "\u00cd\u00deR\u00d31SV01(FB)", "former_schools": null, "subject": "\u00ed\u00fer\u00f3ttir", "title": "\u00cd\u00fer\u00f3ttir: Skvass", "version": 121, "status_trans": "Sam\u00feykkt af sk\u00f3la", "embedded_subject": {"abbreviation": "\u00cd\u00deR\u00d3", "topics": [{"abbreviation": "\u00deK", "topics": ["kraftur", "styrkur", "\u00feol"]}, {"abbreviation": "GL", "topics": ["grunn\u00fe\u00e6ttir \u00ed almennri l\u00edkams- og heilsur\u00e6kt"]}, {"abbreviation": "GH", "topics": ["grunn\u00fe\u00e6ttir \u00ed almennri heilsu- og l\u00edkamsr\u00e6kt"]}, {"abbreviation": "LC", "topics": ["l\u00edkams- og heilsur\u00e6kt"]}, {"abbreviation": "LD", "topics": ["framhald", "l\u00edkams- og heilsur\u00e6kt"]}, {"abbreviation": "AL", "topics": ["almenn l\u00edkams- og heilsur\u00e6kt e\u00f0a \u00fativist"]}, {"abbreviation": "AH", "topics": ["almenn heilsu- og l\u00edkamsr\u00e6kt e\u00f0a \u00fativist"]}, {"abbreviation": "HR", "topics": ["heilsur\u00e6kt"]}, {"abbreviation": "HH", "topics": ["hreyfing og heilsur\u00e6kt"]}, {"abbreviation": "L\u00cd", "topics": ["l\u00edkamsr\u00e6kt"]}, {"abbreviation": "KN", "topics": ["knattspyrna"]}, {"abbreviation": "KK", "topics": ["k\u00f6rfuknattleikur"]}, {"abbreviation": "BA", "topics": ["badminton"]}, {"abbreviation": "BL", "topics": ["blak"]}, {"abbreviation": "HL", "topics": ["almenn heilsu- og l\u00edkamsr\u00e6kt"]}, {"abbreviation": "LA", "topics": ["almenn heilsu- og l\u00edkamsr\u00e6kt me\u00f0 \u00e1herslu \u00e1 styrk", "l\u00edkamsbeitingu og snerpu"]}, {"abbreviation": "LN", "topics": ["l\u00edfst\u00edll", "n\u00e6ring"]}, {"abbreviation": "M\u00de", "topics": ["markmi\u00f0asetning", "\u00fej\u00e1lfunar\u00e1\u00e6tlanir"]}, {"abbreviation": "SK", "topics": ["skipul\u00f6g\u00f0 hreyfing"]}, {"abbreviation": "S\u00cd", "topics": ["skipul\u00f6g\u00f0 hreyfing framhald", "\u00ed\u00fer\u00f3ttir"]}, {"abbreviation": "LS", "topics": ["l\u00edkamsbeiting og snerpa", "styrkur"]}, {"abbreviation": "U\u00de", "topics": ["upphitun", "\u00feol\u00fej\u00e1lfun"]}, {"abbreviation": "SL", "topics": ["li\u00f0leiki", "l\u00edkamsbeiting", "styrkur", "\u00ed\u00fer\u00f3ttamei\u00f0sli"]}, {"abbreviation": "SS", "topics": ["samh\u00e6fing", "snerpa"]}, {"abbreviation": "LH", "topics": ["heilsa", "l\u00edfsst\u00edll"]}, {"abbreviation": "HA", "topics": ["almenn l\u00edkams og heilsur\u00e6kt", "hreyfing", "likamsr\u00e6ktarsalur"]}, {"abbreviation": "B\u00cd", "topics": ["bolta\u00ed\u00fer\u00f3ttir", "l\u00edffr\u00e6\u00f0i hreyfingar"]}, {"abbreviation": "\u00daH", "topics": ["hreyfing", "j\u00e1kv\u00e6\u00f0 upplifun", "sj\u00e1lfstyrking", "\u00dativist"]}, {"abbreviation": "\u00daF", "topics": ["g\u00f6ngufer\u00f0ir \u00e1 fj\u00f6ll", "hreyfing", "\u00fativist"]}, {"abbreviation": "B\u00dd", "topics": ["Band\u00fd"]}, {"abbreviation": "GA", "topics": ["Ganga"]}, {"abbreviation": "SU", "topics": ["Sund"]}, {"abbreviation": "\u00cdS", "topics": ["starfsbraut", "\u00ed\u00fer\u00f3ttir"]}, {"abbreviation": "LB", "topics": ["L\u00edkamsr\u00e6kt", "hreyfing", "li\u00f0leiki", "styrking"]}, {"abbreviation": "A\u00cd", "topics": ["Almennar \u00ed\u00fer\u00f3ttir"]}, {"abbreviation": "BG", "topics": ["Grunnur a\u00f0 l\u00edkamsr\u00e6kt 2"]}, {"abbreviation": "AG", "topics": ["Grunnur a\u00f0 l\u00edkamsr\u00e6kt A"]}, {"abbreviation": "\u00cdC", "topics": ["L\u00edkamsr\u00e6kt og heilsa A"]}, {"abbreviation": "\u00cdD", "topics": ["L\u00edkamsr\u00e6kt og heilsa B"]}, {"abbreviation": "\u00cdF", "topics": ["Almenn heilsur\u00e6kt B"]}, {"abbreviation": "AA", "topics": ["almennar \u00ed\u00fer\u00f3ttir A"]}, {"abbreviation": "AB", "topics": ["Almennar \u00ed\u00fer\u00f3ttir B"]}, {"abbreviation": "AC", "topics": ["Almennar \u00ed\u00fer\u00f3ttir C"]}, {"abbreviation": "AD", "topics": ["Almennar \u00ed\u00fer\u00f3ttir D"]}, {"abbreviation": "AE", "topics": ["Almennar \u00ed\u00fer\u00f3ttir E"]}, {"abbreviation": "AF", "topics": ["Almennar \u00ed\u00fer\u00f3ttir F"]}, {"abbreviation": "HU", "topics": ["Hugur og heilsa"]}, {"abbreviation": "\u00deB", "topics": ["knattspyrna", "k\u00f6rfubolti og a\u00f0rir boltaleikir", "\u00derek"]}, {"abbreviation": "\u00cdG", "topics": ["\u00cd\u00fer\u00f3ttagreinar og \u00fativist"]}, {"abbreviation": "HJ", "topics": ["Hj\u00f3la\u00f0 \u00ed sk\u00f3lann"]}, {"abbreviation": "DL", "topics": ["Dansleikh\u00fas"]}, {"abbreviation": "LE", "topics": ["l\u00edkamsbeyting", "snerpa"]}, {"abbreviation": "LF", "topics": ["l\u00edkamsbeyting", "snerpa", "styrkur"]}, {"abbreviation": "LG", "topics": ["l\u00edkamsbeyting", "styrkur"]}, {"abbreviation": "NA", "topics": ["Hreyfing og heilsur\u00e6kt"]}, {"abbreviation": "NB", "topics": ["Almenn hreyfing og heilsur\u00e6kt"]}, {"abbreviation": "NC", "topics": ["Almenn heilsur\u00e6kt og hreyfing"]}, {"abbreviation": "ND", "topics": ["Fj\u00f6lbreytt hreyfing og heilsur\u00e6kt"]}, {"abbreviation": "NE", "topics": ["Hreyfing", "heilsu- og l\u00edkamsr\u00e6kt"]}, {"abbreviation": "NF", "topics": ["L\u00edkams- og heilsur\u00e6kt"]}, {"abbreviation": "\u00deR", "topics": ["\u00c6fingar \u00ed \u00fereksal"]}, {"abbreviation": "DA", "topics": ["dans", "leikir og samvinna", "\u00cd\u00fer\u00f3ttir"]}, {"abbreviation": "BO", "topics": ["Boltaleikir"]}, {"abbreviation": "HB", "topics": ["Handbolti"]}, {"abbreviation": "HP", "topics": ["Hlaup"]}, {"abbreviation": "K\u00d6", "topics": ["K\u00f6rfubolti"]}, {"abbreviation": "L\u00de", "topics": ["Leikir og \u00ferek"]}, {"abbreviation": "VE", "topics": ["Vetrar\u00ed\u00fer\u00f3ttir", "bretti", "skautar", "sk\u00ed\u00f0i"]}, {"abbreviation": "\u00deL", "topics": ["hlaup", "li\u00f0leiki", "lyftingar", "\u00derek"]}, {"abbreviation": "\u00cdA", "topics": ["Almenn heilsur\u00e6kt"]}, {"abbreviation": "S\u00c9", "topics": ["s\u00e9rh\u00e6fing \u00ed \u00ed\u00fer\u00f3ttagrein"]}, {"abbreviation": "ST", "topics": ["Styrktar\u00fej\u00e1lfun"]}, {"abbreviation": "SV", "topics": ["Skvass"]}, {"abbreviation": "\u00daT", "topics": ["\u00dativist og fjallamennska"]}, {"abbreviation": "JF", "topics": ["J\u00f6kla-og fjallg\u00f6ngur"]}, {"abbreviation": "J\u00d3", "topics": ["J\u00f3ga"]}, {"abbreviation": "GR", "topics": ["grunn\u00fej\u00e1lfun", "l\u00edkams\u00fej\u00e1lfun"]}, {"abbreviation": "LM", "topics": ["L\u00edkams\u00fej\u00e1lfun", "grunn\u00fej\u00e1lfun"]}, {"abbreviation": "LV", "topics": ["L\u00edkams\u00fej\u00e1lfun", "s\u00e9rt\u00e6k"]}, {"abbreviation": "N\u00c6", "topics": ["L\u00edkams\u00fej\u00e1lfun og n\u00e6ring"]}], "_id": "50c0a02dd8e40575f7f6f4cc", "subjects": ["\u00ed\u00fer\u00f3ttir"], "counter": {"1": 115, "3": 2, "2": 42, "4": 0}}, "evaluation": "Byggist \u00e1 virkni og m\u00e6tingu nemandans.  Einnig frammist\u00f6\u00f0u \u00ed t\u00edmum og sj\u00e1lfst\u00e6\u00f0i \u00ed vinnubr\u00f6g\u00f0um.", "categorization_suggestion": "FB", "embedded_topics": {"abbreviation": "SV", "topics": ["Skvass"]}, "status": "approved by school", "description": "\u00c1fanginn er verklegur me\u00f0 markvissri fr\u00e6\u00f0slu um skvass/veggtennis. Nemandinn spreytir sig \u00e1 fj\u00f6lbreyttum a\u00f0fer\u00f0um \u00feol-, styrktar- og li\u00f0leika.  L\u00f6g\u00f0 er \u00e1hersla \u00e1 a\u00f0 nemandi auki f\u00e6rni s\u00edna \u00ed greininni. Markviss fr\u00e6\u00f0sla um forvarnagildi l\u00edkams- og heilsur\u00e6ktar og hvatning til heilbrig\u00f0ari l\u00edfsh\u00e1tta. Nemandi l\u00e6rir a\u00f0 beita s\u00e9r r\u00e9tt vi\u00f0 \u00e6fingar.", "knowledge_goals": ["reglum \u00ed\u00fer\u00f3ttagreinarinnar.", "undirst\u00f6\u00f0ut\u00e6kni \u00ed\u00fer\u00f3ttagreinarinnar"], "skills_goals": ["geta leiki\u00f0 \u00ed\u00fer\u00f3ttina s\u00e9r til \u00e1n\u00e6gju og heilsub\u00f3tar"], "credits": 1, "last_modified": 1435928275.884919, "schools": ["51234a818caa45ed97015b35"], "coauthors": null, "instructions": "", "continued_education": false, "level": 1, "prerequisites": "\u00cd\u00deR\u00d31A\u00cd02", "author": "41be24d4-5ecf-4d99-9661-f49f574e3dcc", "abbreviation_version": null, "competence_goals": [["styrkja j\u00e1kv\u00e6\u00f0a sj\u00e1lfsmynd me\u00f0 \u00fe\u00e1ttt\u00f6ku \u00ed almennri heilsur\u00e6kt,  leikjum og keppni  sem meti\u00f0 er me\u00f0 virkni, hugarfari og m\u00e6tingu nemandans", ""], ["gera s\u00e9r grein fyrir gildi samvinnu sem meti\u00f0 er me\u00f0 samskiptah\u00e6fni nemanda", ""], ["s\u00fdna \u00f6\u00f0rum vir\u00f0ingu vi\u00f0 leik, n\u00e1m og st\u00f6rf sem meti\u00f0 er me\u00f0 heg\u00f0un og framkomu nemanda.", ""], ["gl\u00edma vi\u00f0 fj\u00f6lbreytt verkefni sem sn\u00faa a\u00f0 alhli\u00f0a hreyfingu, l\u00edkams- og heilsur\u00e6kt", ""]], "_id": "559686d362933a24fe003e78"}, {"exemplary": null, "topics": "Styrktar\u00fej\u00e1lfun", "abbreviation": "\u00cd\u00deR\u00d31ST02(FB)", "former_schools": null, "subject": "\u00ed\u00fer\u00f3ttir", "title": "\u00cd\u00fer\u00f3ttir: Styrktar\u00fej\u00e1lfun", "version": 122, "status_trans": "Sam\u00feykkt af sk\u00f3la", "embedded_subject": {"abbreviation": "\u00cd\u00deR\u00d3", "topics": [{"abbreviation": "\u00deK", "topics": ["kraftur", "styrkur", "\u00feol"]}, {"abbreviation": "GL", "topics": ["grunn\u00fe\u00e6ttir \u00ed almennri l\u00edkams- og heilsur\u00e6kt"]}, {"abbreviation": "GH", "topics": ["grunn\u00fe\u00e6ttir \u00ed almennri heilsu- og l\u00edkamsr\u00e6kt"]}, {"abbreviation": "LC", "topics": ["l\u00edkams- og heilsur\u00e6kt"]}, {"abbreviation": "LD", "topics": ["framhald", "l\u00edkams- og heilsur\u00e6kt"]}, {"abbreviation": "AL", "topics": ["almenn l\u00edkams- og heilsur\u00e6kt e\u00f0a \u00fativist"]}, {"abbreviation": "AH", "topics": ["almenn heilsu- og l\u00edkamsr\u00e6kt e\u00f0a \u00fativist"]}, {"abbreviation": "HR", "topics": ["heilsur\u00e6kt"]}, {"abbreviation": "HH", "topics": ["hreyfing og heilsur\u00e6kt"]}, {"abbreviation": "L\u00cd", "topics": ["l\u00edkamsr\u00e6kt"]}, {"abbreviation": "KN", "topics": ["knattspyrna"]}, {"abbreviation": "KK", "topics": ["k\u00f6rfuknattleikur"]}, {"abbreviation": "BA", "topics": ["badminton"]}, {"abbreviation": "BL", "topics": ["blak"]}, {"abbreviation": "HL", "topics": ["almenn heilsu- og l\u00edkamsr\u00e6kt"]}, {"abbreviation": "LA", "topics": ["almenn heilsu- og l\u00edkamsr\u00e6kt me\u00f0 \u00e1herslu \u00e1 styrk", "l\u00edkamsbeitingu og snerpu"]}, {"abbreviation": "LN", "topics": ["l\u00edfst\u00edll", "n\u00e6ring"]}, {"abbreviation": "M\u00de", "topics": ["markmi\u00f0asetning", "\u00fej\u00e1lfunar\u00e1\u00e6tlanir"]}, {"abbreviation": "SK", "topics": ["skipul\u00f6g\u00f0 hreyfing"]}, {"abbreviation": "S\u00cd", "topics": ["skipul\u00f6g\u00f0 hreyfing framhald", "\u00ed\u00fer\u00f3ttir"]}, {"abbreviation": "LS", "topics": ["l\u00edkamsbeiting og snerpa", "styrkur"]}, {"abbreviation": "U\u00de", "topics": ["upphitun", "\u00feol\u00fej\u00e1lfun"]}, {"abbreviation": "SL", "topics": ["li\u00f0leiki", "l\u00edkamsbeiting", "styrkur", "\u00ed\u00fer\u00f3ttamei\u00f0sli"]}, {"abbreviation": "SS", "topics": ["samh\u00e6fing", "snerpa"]}, {"abbreviation": "LH", "topics": ["heilsa", "l\u00edfsst\u00edll"]}, {"abbreviation": "HA", "topics": ["almenn l\u00edkams og heilsur\u00e6kt", "hreyfing", "likamsr\u00e6ktarsalur"]}, {"abbreviation": "B\u00cd", "topics": ["bolta\u00ed\u00fer\u00f3ttir", "l\u00edffr\u00e6\u00f0i hreyfingar"]}, {"abbreviation": "\u00daH", "topics": ["hreyfing", "j\u00e1kv\u00e6\u00f0 upplifun", "sj\u00e1lfstyrking", "\u00dativist"]}, {"abbreviation": "\u00daF", "topics": ["g\u00f6ngufer\u00f0ir \u00e1 fj\u00f6ll", "hreyfing", "\u00fativist"]}, {"abbreviation": "B\u00dd", "topics": ["Band\u00fd"]}, {"abbreviation": "GA", "topics": ["Ganga"]}, {"abbreviation": "SU", "topics": ["Sund"]}, {"abbreviation": "\u00cdS", "topics": ["starfsbraut", "\u00ed\u00fer\u00f3ttir"]}, {"abbreviation": "LB", "topics": ["L\u00edkamsr\u00e6kt", "hreyfing", "li\u00f0leiki", "styrking"]}, {"abbreviation": "A\u00cd", "topics": ["Almennar \u00ed\u00fer\u00f3ttir"]}, {"abbreviation": "BG", "topics": ["Grunnur a\u00f0 l\u00edkamsr\u00e6kt 2"]}, {"abbreviation": "AG", "topics": ["Grunnur a\u00f0 l\u00edkamsr\u00e6kt A"]}, {"abbreviation": "\u00cdC", "topics": ["L\u00edkamsr\u00e6kt og heilsa A"]}, {"abbreviation": "\u00cdD", "topics": ["L\u00edkamsr\u00e6kt og heilsa B"]}, {"abbreviation": "\u00cdF", "topics": ["Almenn heilsur\u00e6kt B"]}, {"abbreviation": "AA", "topics": ["almennar \u00ed\u00fer\u00f3ttir A"]}, {"abbreviation": "AB", "topics": ["Almennar \u00ed\u00fer\u00f3ttir B"]}, {"abbreviation": "AC", "topics": ["Almennar \u00ed\u00fer\u00f3ttir C"]}, {"abbreviation": "AD", "topics": ["Almennar \u00ed\u00fer\u00f3ttir D"]}, {"abbreviation": "AE", "topics": ["Almennar \u00ed\u00fer\u00f3ttir E"]}, {"abbreviation": "AF", "topics": ["Almennar \u00ed\u00fer\u00f3ttir F"]}, {"abbreviation": "HU", "topics": ["Hugur og heilsa"]}, {"abbreviation": "\u00deB", "topics": ["knattspyrna", "k\u00f6rfubolti og a\u00f0rir boltaleikir", "\u00derek"]}, {"abbreviation": "\u00cdG", "topics": ["\u00cd\u00fer\u00f3ttagreinar og \u00fativist"]}, {"abbreviation": "HJ", "topics": ["Hj\u00f3la\u00f0 \u00ed sk\u00f3lann"]}, {"abbreviation": "DL", "topics": ["Dansleikh\u00fas"]}, {"abbreviation": "LE", "topics": ["l\u00edkamsbeyting", "snerpa"]}, {"abbreviation": "LF", "topics": ["l\u00edkamsbeyting", "snerpa", "styrkur"]}, {"abbreviation": "LG", "topics": ["l\u00edkamsbeyting", "styrkur"]}, {"abbreviation": "NA", "topics": ["Hreyfing og heilsur\u00e6kt"]}, {"abbreviation": "NB", "topics": ["Almenn hreyfing og heilsur\u00e6kt"]}, {"abbreviation": "NC", "topics": ["Almenn heilsur\u00e6kt og hreyfing"]}, {"abbreviation": "ND", "topics": ["Fj\u00f6lbreytt hreyfing og heilsur\u00e6kt"]}, {"abbreviation": "NE", "topics": ["Hreyfing", "heilsu- og l\u00edkamsr\u00e6kt"]}, {"abbreviation": "NF", "topics": ["L\u00edkams- og heilsur\u00e6kt"]}, {"abbreviation": "\u00deR", "topics": ["\u00c6fingar \u00ed \u00fereksal"]}, {"abbreviation": "DA", "topics": ["dans", "leikir og samvinna", "\u00cd\u00fer\u00f3ttir"]}, {"abbreviation": "BO", "topics": ["Boltaleikir"]}, {"abbreviation": "HB", "topics": ["Handbolti"]}, {"abbreviation": "HP", "topics": ["Hlaup"]}, {"abbreviation": "K\u00d6", "topics": ["K\u00f6rfubolti"]}, {"abbreviation": "L\u00de", "topics": ["Leikir og \u00ferek"]}, {"abbreviation": "VE", "topics": ["Vetrar\u00ed\u00fer\u00f3ttir", "bretti", "skautar", "sk\u00ed\u00f0i"]}, {"abbreviation": "\u00deL", "topics": ["hlaup", "li\u00f0leiki", "lyftingar", "\u00derek"]}, {"abbreviation": "\u00cdA", "topics": ["Almenn heilsur\u00e6kt"]}, {"abbreviation": "S\u00c9", "topics": ["s\u00e9rh\u00e6fing \u00ed \u00ed\u00fer\u00f3ttagrein"]}, {"abbreviation": "ST", "topics": ["Styrktar\u00fej\u00e1lfun"]}, {"abbreviation": "SV", "topics": ["Skvass"]}, {"abbreviation": "\u00daT", "topics": ["\u00dativist og fjallamennska"]}, {"abbreviation": "JF", "topics": ["J\u00f6kla-og fjallg\u00f6ngur"]}, {"abbreviation": "J\u00d3", "topics": ["J\u00f3ga"]}, {"abbreviation": "GR", "topics": ["grunn\u00fej\u00e1lfun", "l\u00edkams\u00fej\u00e1lfun"]}, {"abbreviation": "LM", "topics": ["L\u00edkams\u00fej\u00e1lfun", "grunn\u00fej\u00e1lfun"]}, {"abbreviation": "LV", "topics": ["L\u00edkams\u00fej\u00e1lfun", "s\u00e9rt\u00e6k"]}, {"abbreviation": "N\u00c6", "topics": ["L\u00edkams\u00fej\u00e1lfun og n\u00e6ring"]}], "_id": "50c0a02dd8e40575f7f6f4cc", "subjects": ["\u00ed\u00fer\u00f3ttir"], "counter": {"1": 115, "3": 2, "2": 42, "4": 0}}, "evaluation": "Byggist \u00e1 virkni og m\u00e6tingu nemandans,  einnig frammist\u00f6\u00f0u \u00ed t\u00edmum og sj\u00e1lfst\u00e6\u00f0i \u00ed vinnubr\u00f6g\u00f0um.", "categorization_suggestion": "FB", "embedded_topics": {"abbreviation": "ST", "topics": ["Styrktar\u00fej\u00e1lfun"]}, "status": "approved by school", "description": "\u00c1fanginn er verklegur me\u00f0 markvissri fr\u00e6\u00f0slu um styrktar\u00fej\u00e1lfun. Nemandinn spreytir sig \u00e1 fj\u00f6lbreyttum a\u00f0fer\u00f0um \u00feol-, styrktar- og li\u00f0leika.  L\u00f6g\u00f0 er \u00e1hersla \u00e1 a\u00f0 nemandi auki f\u00e6rni s\u00edna \u00ed greininni. Markviss fr\u00e6\u00f0sla um forvarnagildi l\u00edkams- og heilsur\u00e6ktar og hvatning til heilbrig\u00f0ari l\u00edfsh\u00e1tta. Nemandi l\u00e6rir a\u00f0 beita s\u00e9r r\u00e9tt vi\u00f0 \u00e6fingar.", "knowledge_goals": ["eglum \u00ed\u00fer\u00f3ttagreinarinnar", "undirst\u00f6\u00f0ut\u00e6kni \u00ed\u00fer\u00f3ttagreinarinnar"], "skills_goals": ["Geta leiki\u00f0 \u00ed\u00fer\u00f3ttina s\u00e9r til \u00e1n\u00e6gju og heilsub\u00f3tar"], "credits": 2, "last_modified": 1435928222.444918, "schools": ["51234a818caa45ed97015b35"], "coauthors": null, "instructions": "", "continued_education": false, "level": 1, "prerequisites": "\u00cd\u00deR\u00d31A\u00cd02", "author": "41be24d4-5ecf-4d99-9661-f49f574e3dcc", "abbreviation_version": null, "competence_goals": [["styrkja j\u00e1kv\u00e6\u00f0a sj\u00e1lfsmynd me\u00f0 \u00fe\u00e1ttt\u00f6ku \u00ed almennri heilsur\u00e6kt og leikjum  sem meti\u00f0 er me\u00f0 virkni, hugarfari og m\u00e6tingu nemandans.", ""], ["gera s\u00e9r grein fyrir gildi samvinnu \u00ed leik og keppni sem meti\u00f0 er me\u00f0 samskiptah\u00e6fni nemanda", ""], ["gera s\u00e9r grein fyrir gildi samvinnu \u00ed leik og keppni sem meti\u00f0 er me\u00f0 samskiptah\u00e6fni nemanda", ""], ["gl\u00edma vi\u00f0 fj\u00f6lbreytt verkefni sem sn\u00faa a\u00f0 alhli\u00f0a hreyfingu, l\u00edkams- og heilsur\u00e6kt", ""]], "_id": "5596869e62933a24fe003e74"}, {"exemplary": null, "topics": "\u00dativist og fjallamennska", "abbreviation": "\u00cd\u00deR\u00d31\u00daT01(FB)", "former_schools": null, "subject": "\u00ed\u00fer\u00f3ttir", "title": "\u00cd\u00fer\u00f3ttir: \u00dativist og fjallamennskka", "version": 120, "status_trans": "Sam\u00feykkt af sk\u00f3la", "embedded_subject": {"abbreviation": "\u00cd\u00deR\u00d3", "topics": [{"abbreviation": "\u00deK", "topics": ["kraftur", "styrkur", "\u00feol"]}, {"abbreviation": "GL", "topics": ["grunn\u00fe\u00e6ttir \u00ed almennri l\u00edkams- og heilsur\u00e6kt"]}, {"abbreviation": "GH", "topics": ["grunn\u00fe\u00e6ttir \u00ed almennri heilsu- og l\u00edkamsr\u00e6kt"]}, {"abbreviation": "LC", "topics": ["l\u00edkams- og heilsur\u00e6kt"]}, {"abbreviation": "LD", "topics": ["framhald", "l\u00edkams- og heilsur\u00e6kt"]}, {"abbreviation": "AL", "topics": ["almenn l\u00edkams- og heilsur\u00e6kt e\u00f0a \u00fativist"]}, {"abbreviation": "AH", "topics": ["almenn heilsu- og l\u00edkamsr\u00e6kt e\u00f0a \u00fativist"]}, {"abbreviation": "HR", "topics": ["heilsur\u00e6kt"]}, {"abbreviation": "HH", "topics": ["hreyfing og heilsur\u00e6kt"]}, {"abbreviation": "L\u00cd", "topics": ["l\u00edkamsr\u00e6kt"]}, {"abbreviation": "KN", "topics": ["knattspyrna"]}, {"abbreviation": "KK", "topics": ["k\u00f6rfuknattleikur"]}, {"abbreviation": "BA", "topics": ["badminton"]}, {"abbreviation": "BL", "topics": ["blak"]}, {"abbreviation": "HL", "topics": ["almenn heilsu- og l\u00edkamsr\u00e6kt"]}, {"abbreviation": "LA", "topics": ["almenn heilsu- og l\u00edkamsr\u00e6kt me\u00f0 \u00e1herslu \u00e1 styrk", "l\u00edkamsbeitingu og snerpu"]}, {"abbreviation": "LN", "topics": ["l\u00edfst\u00edll", "n\u00e6ring"]}, {"abbreviation": "M\u00de", "topics": ["markmi\u00f0asetning", "\u00fej\u00e1lfunar\u00e1\u00e6tlanir"]}, {"abbreviation": "SK", "topics": ["skipul\u00f6g\u00f0 hreyfing"]}, {"abbreviation": "S\u00cd", "topics": ["skipul\u00f6g\u00f0 hreyfing framhald", "\u00ed\u00fer\u00f3ttir"]}, {"abbreviation": "LS", "topics": ["l\u00edkamsbeiting og snerpa", "styrkur"]}, {"abbreviation": "U\u00de", "topics": ["upphitun", "\u00feol\u00fej\u00e1lfun"]}, {"abbreviation": "SL", "topics": ["li\u00f0leiki", "l\u00edkamsbeiting", "styrkur", "\u00ed\u00fer\u00f3ttamei\u00f0sli"]}, {"abbreviation": "SS", "topics": ["samh\u00e6fing", "snerpa"]}, {"abbreviation": "LH", "topics": ["heilsa", "l\u00edfsst\u00edll"]}, {"abbreviation": "HA", "topics": ["almenn l\u00edkams og heilsur\u00e6kt", "hreyfing", "likamsr\u00e6ktarsalur"]}, {"abbreviation": "B\u00cd", "topics": ["bolta\u00ed\u00fer\u00f3ttir", "l\u00edffr\u00e6\u00f0i hreyfingar"]}, {"abbreviation": "\u00daH", "topics": ["hreyfing", "j\u00e1kv\u00e6\u00f0 upplifun", "sj\u00e1lfstyrking", "\u00dativist"]}, {"abbreviation": "\u00daF", "topics": ["g\u00f6ngufer\u00f0ir \u00e1 fj\u00f6ll", "hreyfing", "\u00fativist"]}, {"abbreviation": "B\u00dd", "topics": ["Band\u00fd"]}, {"abbreviation": "GA", "topics": ["Ganga"]}, {"abbreviation": "SU", "topics": ["Sund"]}, {"abbreviation": "\u00cdS", "topics": ["starfsbraut", "\u00ed\u00fer\u00f3ttir"]}, {"abbreviation": "LB", "topics": ["L\u00edkamsr\u00e6kt", "hreyfing", "li\u00f0leiki", "styrking"]}, {"abbreviation": "A\u00cd", "topics": ["Almennar \u00ed\u00fer\u00f3ttir"]}, {"abbreviation": "BG", "topics": ["Grunnur a\u00f0 l\u00edkamsr\u00e6kt 2"]}, {"abbreviation": "AG", "topics": ["Grunnur a\u00f0 l\u00edkamsr\u00e6kt A"]}, {"abbreviation": "\u00cdC", "topics": ["L\u00edkamsr\u00e6kt og heilsa A"]}, {"abbreviation": "\u00cdD", "topics": ["L\u00edkamsr\u00e6kt og heilsa B"]}, {"abbreviation": "\u00cdF", "topics": ["Almenn heilsur\u00e6kt B"]}, {"abbreviation": "AA", "topics": ["almennar \u00ed\u00fer\u00f3ttir A"]}, {"abbreviation": "AB", "topics": ["Almennar \u00ed\u00fer\u00f3ttir B"]}, {"abbreviation": "AC", "topics": ["Almennar \u00ed\u00fer\u00f3ttir C"]}, {"abbreviation": "AD", "topics": ["Almennar \u00ed\u00fer\u00f3ttir D"]}, {"abbreviation": "AE", "topics": ["Almennar \u00ed\u00fer\u00f3ttir E"]}, {"abbreviation": "AF", "topics": ["Almennar \u00ed\u00fer\u00f3ttir F"]}, {"abbreviation": "HU", "topics": ["Hugur og heilsa"]}, {"abbreviation": "\u00deB", "topics": ["knattspyrna", "k\u00f6rfubolti og a\u00f0rir boltaleikir", "\u00derek"]}, {"abbreviation": "\u00cdG", "topics": ["\u00cd\u00fer\u00f3ttagreinar og \u00fativist"]}, {"abbreviation": "HJ", "topics": ["Hj\u00f3la\u00f0 \u00ed sk\u00f3lann"]}, {"abbreviation": "DL", "topics": ["Dansleikh\u00fas"]}, {"abbreviation": "LE", "topics": ["l\u00edkamsbeyting", "snerpa"]}, {"abbreviation": "LF", "topics": ["l\u00edkamsbeyting", "snerpa", "styrkur"]}, {"abbreviation": "LG", "topics": ["l\u00edkamsbeyting", "styrkur"]}, {"abbreviation": "NA", "topics": ["Hreyfing og heilsur\u00e6kt"]}, {"abbreviation": "NB", "topics": ["Almenn hreyfing og heilsur\u00e6kt"]}, {"abbreviation": "NC", "topics": ["Almenn heilsur\u00e6kt og hreyfing"]}, {"abbreviation": "ND", "topics": ["Fj\u00f6lbreytt hreyfing og heilsur\u00e6kt"]}, {"abbreviation": "NE", "topics": ["Hreyfing", "heilsu- og l\u00edkamsr\u00e6kt"]}, {"abbreviation": "NF", "topics": ["L\u00edkams- og heilsur\u00e6kt"]}, {"abbreviation": "\u00deR", "topics": ["\u00c6fingar \u00ed \u00fereksal"]}, {"abbreviation": "DA", "topics": ["dans", "leikir og samvinna", "\u00cd\u00fer\u00f3ttir"]}, {"abbreviation": "BO", "topics": ["Boltaleikir"]}, {"abbreviation": "HB", "topics": ["Handbolti"]}, {"abbreviation": "HP", "topics": ["Hlaup"]}, {"abbreviation": "K\u00d6", "topics": ["K\u00f6rfubolti"]}, {"abbreviation": "L\u00de", "topics": ["Leikir og \u00ferek"]}, {"abbreviation": "VE", "topics": ["Vetrar\u00ed\u00fer\u00f3ttir", "bretti", "skautar", "sk\u00ed\u00f0i"]}, {"abbreviation": "\u00deL", "topics": ["hlaup", "li\u00f0leiki", "lyftingar", "\u00derek"]}, {"abbreviation": "\u00cdA", "topics": ["Almenn heilsur\u00e6kt"]}, {"abbreviation": "S\u00c9", "topics": ["s\u00e9rh\u00e6fing \u00ed \u00ed\u00fer\u00f3ttagrein"]}, {"abbreviation": "ST", "topics": ["Styrktar\u00fej\u00e1lfun"]}, {"abbreviation": "SV", "topics": ["Skvass"]}, {"abbreviation": "\u00daT", "topics": ["\u00dativist og fjallamennska"]}, {"abbreviation": "JF", "topics": ["J\u00f6kla-og fjallg\u00f6ngur"]}, {"abbreviation": "J\u00d3", "topics": ["J\u00f3ga"]}, {"abbreviation": "GR", "topics": ["grunn\u00fej\u00e1lfun", "l\u00edkams\u00fej\u00e1lfun"]}, {"abbreviation": "LM", "topics": ["L\u00edkams\u00fej\u00e1lfun", "grunn\u00fej\u00e1lfun"]}, {"abbreviation": "LV", "topics": ["L\u00edkams\u00fej\u00e1lfun", "s\u00e9rt\u00e6k"]}, {"abbreviation": "N\u00c6", "topics": ["L\u00edkams\u00fej\u00e1lfun og n\u00e6ring"]}], "_id": "50c0a02dd8e40575f7f6f4cc", "subjects": ["\u00ed\u00fer\u00f3ttir"], "counter": {"1": 115, "3": 2, "2": 42, "4": 0}}, "evaluation": "Byggist \u00e1 virkni og m\u00e6tingu nemandans.  Einnig frammist\u00f6\u00f0u \u00ed t\u00edmum og sj\u00e1lfst\u00e6\u00f0i \u00ed vinnubr\u00f6g\u00f0um.\n", "categorization_suggestion": "FB", "embedded_topics": {"abbreviation": "\u00daT", "topics": ["\u00dativist og fjallamennska"]}, "status": "approved by school", "description": "\u00c1fanginn er verklegur me\u00f0 markvissri fr\u00e6\u00f0slu um \u00fativist og fjallamennsku. Nemandinn spreytir sig \u00e1 fj\u00f6lbreyttum a\u00f0fer\u00f0um \u00feol-, styrktar- og li\u00f0leika.  L\u00f6g\u00f0 er \u00e1hersla \u00e1 a\u00f0 nemandi auki f\u00e6rni s\u00edna \u00ed greininni. Markviss fr\u00e6\u00f0sla um forvarnagildi l\u00edkams- og heilsur\u00e6ktar og hvatning til heilbrig\u00f0ari l\u00edfsh\u00e1tta. Nemandi l\u00e6rir a\u00f0 beita s\u00e9r r\u00e9tt vi\u00f0 \u00e6fingar.", "knowledge_goals": ["reglum \u00ed\u00fer\u00f3ttagreinarinnar", "undirst\u00f6\u00f0ut\u00e6kni \u00ed\u00fer\u00f3ttagreinarinnar"], "skills_goals": ["geta leiki\u00f0 \u00ed\u00fer\u00f3ttina s\u00e9r til \u00e1n\u00e6gju og heilsub\u00f3tar"], "credits": 1, "last_modified": 1435928328.997518, "schools": ["51234a818caa45ed97015b35"], "coauthors": null, "instructions": "", "continued_education": false, "level": 1, "prerequisites": "\u00cd\u00deR\u00d31A\u00cd02", "author": "41be24d4-5ecf-4d99-9661-f49f574e3dcc", "abbreviation_version": null, "competence_goals": [["styrkja j\u00e1kv\u00e6\u00f0a sj\u00e1lfsmynd me\u00f0 \u00fe\u00e1ttt\u00f6ku \u00ed almennri heilsur\u00e6kt og leikjum  sem meti\u00f0 er me\u00f0 virkni, hugarfari og m\u00e6tingu nemandans", ""], ["gera s\u00e9r grein fyrir gildi samvinnu sem meti\u00f0 er me\u00f0 samskiptah\u00e6fni nemanda", ""], ["s\u00fdna \u00f6\u00f0rum vir\u00f0ingu vi\u00f0 leik, n\u00e1m og st\u00f6rf sem meti\u00f0 er me\u00f0 heg\u00f0un og framkomu nemanda", ""], ["gl\u00edma vi\u00f0 fj\u00f6lbreytt verkefni sem sn\u00faa a\u00f0 alhli\u00f0a hreyfingu, l\u00edkams- og heilsur\u00e6kt", ""]], "_id": "5596870862933a24fe003e7d"}], "required_credits": 2}], "epoch_created": 1434714794.424146, "package_choice": [], "date_ministry_approval": 1534159480.948313, "competency": {"numbers_and_information": ["Miki\u00f0 reynir \u00e1 alla \u00feessa \u00fe\u00e6tti \u00ed \u00e1f\u00f6ngum brautarinnar. Eitt sk\u00fdrasta d\u00e6mi\u00f0 um \u00fea\u00f0 er lokaverkefni sem nemendur vinna \u00e1 lokastigi n\u00e1msins. \u00cd lokaverkefni eru ger\u00f0ar kr\u00f6fur um fagleg vinnubr\u00f6g\u00f0 og a\u00f0 nemendur s\u00e9u l\u00e6sir \u00e1 uppl\u00fdsingar \u00f3l\u00edkra mi\u00f0la, geti n\u00fdtt s\u00e9r fj\u00f6lbreytta mi\u00f0la \u00ed uppl\u00fdsingaleit, afla\u00f0 gagna, flokka\u00f0 og n\u00fdtt s\u00e9r \u00e1 gagnr\u00fdninn h\u00e1tt. t. D\u00e6mi um hagn\u00fdtingu \u00feessara atri\u00f0a m\u00e1 m.a. sj\u00e1 \u00ed eftirfarandi kjarnagreinum:", "\u00cd hj\u00fakrunar\u00e1f\u00f6ngum eru fagb\u00e6kur, fagt\u00edmarit og efni \u00e1 netinu hluti n\u00e1msefnis og verkefna.", "\u00cd heilbrig\u00f0isfr\u00e6\u00f0i og hj\u00fakrunar\u00e1f\u00f6ngum \u00feurfa nemendur a\u00f0 geta lesi\u00f0 \u00ed texta, t\u00f6lulegar og myndr\u00e6nar uppl\u00fdsingar.", "\u00cd st\u00e6r\u00f0fr\u00e6\u00f0i er l\u00f6g\u00f0 \u00e1hersla \u00e1 a\u00f0 nemendur l\u00e6ri talname\u00f0fer\u00f0 og st\u00e6r\u00f0fr\u00e6\u00f0i daglegs l\u00edfs.", "\u00cd n\u00e1minu er komi\u00f0 inn \u00e1 nau\u00f0syn gagnr\u00fdnnar hugsunar vi\u00f0 \u00farvinnslu uppl\u00fdsinga og \u00e1hersla l\u00f6g\u00f0 \u00e1 a\u00f0 nemendur geri s\u00e9r grein fyrir a\u00f0 uppl\u00fdsingar eru oft gildishla\u00f0nar."], "educational_competence": ["\u00cd sj\u00fakrali\u00f0an\u00e1mi er markvisst unni\u00f0 a\u00f0 \u00fev\u00ed a\u00f0 efla sj\u00e1lfst\u00e6\u00f0i nemenda \u00ed vinnubr\u00f6g\u00f0um. \u00deeir l\u00e6ra a\u00f0 meta eigin vinnubr\u00f6g\u00f0 og annarra t.d. me\u00f0 sj\u00e1lfsmati og jafningjamati. Nemendur eru \u00fej\u00e1lfa\u00f0ir \u00ed a\u00f0 setja s\u00e9r raunh\u00e6f markmi\u00f0 \u00ed n\u00e1mi og vinna a\u00f0 \u00feeim. Kennslu- og n\u00e1msa\u00f0fer\u00f0ir eru fj\u00f6lbreyttar me\u00f0 \u00e1herslu \u00e1 lei\u00f0sagnarmat \u00fear sem unni\u00f0 er s\u00e9rstaklega me\u00f0 styrkleika nemenda og hvernig megi efla \u00fe\u00e1. Eftir \u00fev\u00ed sem lengra l\u00ed\u00f0ur \u00e1 n\u00e1mi\u00f0 eru ger\u00f0ar meiri kr\u00f6fur um a\u00f0 \u00feekking og fyrri reynsla, b\u00e6\u00f0i \u00ed vi\u00f0komandi grein og \u00f6\u00f0rum, s\u00e9 n\u00fdtt vi\u00f0 lausn n\u00fdrra vi\u00f0fangsefna. \u00cd vinnusta\u00f0an\u00e1mi og starfs\u00fej\u00e1lfun f\u00e6ra nemendur ferilb\u00f3k \u00fear sem \u00feeir m.a. \u00edgrunda framfarir s\u00ednar \u00ed n\u00e1mi og starfi.", "\u00cd vinnusta\u00f0an\u00e1mi er \u00e1hersla l\u00f6g\u00f0 \u00e1 a\u00f0 nemendur yfirf\u00e6ri b\u00f3klega \u00feekkingu me\u00f0 \u00fev\u00ed a\u00f0 s\u00fdna h\u00e6fni \u00ed hj\u00fakrunarst\u00f6rfum.", "Sj\u00fakrali\u00f0an\u00e1mi\u00f0 krefst lesturs fr\u00e6\u00f0itexta og skilnings \u00e1 \u00feeim. Heiman\u00e1m og vinna krefst forgangsr\u00f6\u00f0unar og skipulags. Nemendur \u00feurfa st\u00f6\u00f0ugt a\u00f0 meta eigi\u00f0 vinnuframlag og l\u00e6ra \u00feannig a\u00f0 \u00feekkja styrkleika s\u00edna og veikleika og setja s\u00e9r raunh\u00e6f markmi\u00f0."], "creative_thinking": ["Margir \u00fe\u00e6ttir \u00ed sk\u00f3lastarfinu flokkast sem skapandi starf. \u00cd flestum n\u00e1msgreinum reynir \u00e1 frumkv\u00e6\u00f0i og skapandi hugsun og \u00feurfa nemendur a\u00f0 s\u00fdna h\u00e6fni \u00ed alls kyns verkefnum, kynningu \u00e1 \u00feeim og flutningi. D\u00e6mi um hagn\u00fdtingu \u00feessara atri\u00f0a m\u00e1 m.a. sj\u00e1 \u00ed eftirfarandi n\u00e1msgreinum:", "\u00ed \u00f6llum hj\u00fakrunar\u00e1f\u00f6ngum vinna nemendur skapandi verkefni \u00fear sem \u00feeir eru hvattir til frumleika og a\u00f0 hagn\u00fdta \u00feekkingu s\u00edna vi\u00f0 \u00farvinnslu \u00feeirra. L\u00f6g\u00f0 er \u00e1hersla \u00e1 tengingu fr\u00e6\u00f0ilegrar \u00feekkingar vi\u00f0 skipulagningu og framkv\u00e6md hj\u00fakrunar og mi\u00f0lunar til skj\u00f3lst\u00e6\u00f0inga.", "\u00ed si\u00f0fr\u00e6\u00f0i heilbrig\u00f0isst\u00e9tta og samskipta\u00e1fanga er fjalla\u00f0 s\u00e9rstaklega um skapandi hugsun og mi\u00f0lun \u00feekkingar.", "\u00cd lokaverkefni reynir verulega \u00e1 hagn\u00fdtingu og sam\u00fe\u00e6ttingu \u00feekkingar og skapandi hugsunar nemenda og einnig \u00e1 si\u00f0fer\u00f0ilega \u00e1byrg\u00f0 vi\u00f0 \u00farvinnslu verkefna. \u00cd \u00e1fanganum samh\u00e6fa nemendur \u00fe\u00e1 \u00feekkingu, leikni og h\u00e6fni sem \u00feeir hafa \u00f6\u00f0last \u00ed sj\u00fakrali\u00f0an\u00e1minu."], "sustainability": ["\u00cd sj\u00fakrali\u00f0an\u00e1mi er l\u00f6g\u00f0 \u00e1hersla \u00e1 sj\u00e1lfb\u00e6rni me\u00f0 \u00fev\u00ed a\u00f0 gera nemendur me\u00f0vita\u00f0a um \u00e1byrg\u00f0 \u00e1 eigin heilsu. Nemendur eru hvattir til \u00feess a\u00f0 temja s\u00e9r heilbrig\u00f0an l\u00edfsst\u00edl. \u00c1hersla er l\u00f6g\u00f0 \u00e1 a\u00f0 \u00feeir ver\u00f0i \u00f6\u00f0rum til fyrirmyndar \u00ed krafti \u00feekkingar sinnar. Unni\u00f0 er a\u00f0 \u00fev\u00ed a\u00f0 nemendur ver\u00f0i virkir og \u00e1byrgir borgarar b\u00e6\u00f0i gagnvart samf\u00e9laginu og umhverfi s\u00ednu. \u00deessum \u00fe\u00e6tti er einkum fylgt eftir \u00ed stefnu s\u00e9rhvers sk\u00f3la. D\u00e6mi um sj\u00e1lfb\u00e6rni m\u00e1 me\u00f0al annars finna \u00ed eftirt\u00f6ldum n\u00e1msgreinum:", "\u00cd heilbrig\u00f0isfr\u00e6\u00f0i er fjalla\u00f0 um tengsl mengunar og sj\u00fakd\u00f3ma. \u00dear er fjalla\u00f0 um \u00e1byrg\u00f0 hvers einstaklings \u00e1 mengunarv\u00f6rnum \u00ed n\u00e1nasta umhverfi s\u00ednu. Nemendur vinna verkefni \u00fear sem \u00feeir \u00feurfa a\u00f0 gera grein fyrir mengunar- og slysav\u00f6rnum \u00ed n\u00e1nasta umhverfi s\u00ednu.", "\u00cd heilbrig\u00f0isfr\u00e6\u00f0i er fjalla\u00f0 um uppg\u00f6tvanir \u00e1 svi\u00f0i heilbrig\u00f0ism\u00e1la sem draga m\u00e1 l\u00e6rd\u00f3m af. Nemendur l\u00e6ra a\u00f0 marga sigra \u00ed heilbrigism\u00e1lum er h\u00e6gt a\u00f0 rekja til \u00ferautseigju einstakra manna og a\u00f0 l\u00edti\u00f0 atvik e\u00f0a hugmynd hafi or\u00f0i\u00f0 kveikjan a\u00f0 miklum framf\u00f6rum.", "\u00cd b\u00f3klegum og verklegum hj\u00fakrunar\u00e1f\u00f6ngum s\u00fdna nemendur \u00e1byrg\u00f0 \u00ed samskiptum vi\u00f0 skj\u00f3lst\u00e6\u00f0inga og samstarfsf\u00f3lk. Nemendur gera s\u00e9r grein fyrir mikilv\u00e6gi g\u00f3\u00f0ra samskipta og umhyggju \u00ed vell\u00ed\u00f0an og bata skj\u00f3lst\u00e6\u00f0inga", "\u00cd vinnusta\u00f0an\u00e1mi l\u00e6ra nemendur a\u00f0 ganga af vir\u00f0ingu, \u00f6ryggi og \u00e1byrg\u00f0 um vinnuumhverfi sitt til \u00feess a\u00f0 koma \u00ed veg fyrir sj\u00fakd\u00f3ma og slys. Auk \u00feess l\u00e6ra nemendur a\u00f0 umgangast h\u00e6ttuleg efni og lyf \u00e1samt f\u00f6rgun \u00fargangs \u00e1 umhverfisv\u00e6nan og \u00f6ruggan h\u00e1tt."], "foreign_societies": ["D\u00f6nskun\u00e1m grundvallast \u00e1 \u00fev\u00ed a\u00f0 auka tal, les- og hlustunarskilning nemenda og a\u00f0 \u00feeir \u00f6\u00f0list f\u00e6rni \u00ed a\u00f0 tj\u00e1 sig \u00ed einf\u00f6ldum samt\u00f6lum \u00e1 d\u00f6nsku. \u00c1hersla er l\u00f6g\u00f0 \u00e1 a\u00f0 nemendur f\u00e1i inns\u00fdn \u00ed danska menningu.", "\u00cd enskun\u00e1mi eru nemendur \u00fej\u00e1lfa\u00f0ir \u00ed a\u00f0 koma m\u00e1li s\u00ednu \u00e1 framf\u00e6ri \u00e1 ensku \u00ed r\u00e6\u00f0u og riti. Fari\u00f0 er s\u00e9rstaklega \u00ed fagor\u00f0afor\u00f0a heilbrig\u00f0isgreina \u00ed s\u00ed\u00f0asta ensku\u00e1fanga n\u00e1msins \u00ed \u00feeim tilgangi a\u00f0 nemendur ver\u00f0i h\u00e6fir til a\u00f0 lesa fr\u00e6\u00f0igreinar \u00ed hj\u00fakrun og heilbrig\u00f0isgreinum. \u00cd \u00f6llum ensku\u00e1f\u00f6ngum er leitast vi\u00f0 a\u00f0 gera nemendur me\u00f0vita\u00f0a um menningu og si\u00f0i sem einkenna landsv\u00e6\u00f0i, \u00fear sem tungum\u00e1li\u00f0 er tala\u00f0.", "\u00cd lokaverkefni \u00feurfa nemendur a\u00f0 afla heimilda \u00e1 erlendu tungum\u00e1li, n\u00fdta s\u00e9r \u00fe\u00e6r og f\u00e1 \u00feannig nokkra \u00fej\u00e1lfun \u00ed a\u00f0 lesa vi\u00f0komandi fagm\u00e1l."], "health": ["\u00cd sj\u00fakrali\u00f0an\u00e1mi eru fagleg umhyggja og heilsueflandi samskipti megin\u00fer\u00e1\u00f0ur \u00ed \u00f6llum heilbrig\u00f0is- og hj\u00fakrunar\u00e1f\u00f6ngum. \u00cd heilbrig\u00f0isfr\u00e6\u00f0i er fjalla\u00f0 um heilbrig\u00f0an l\u00edfsst\u00edl, heilsueflingu, forvarnir og \u00e1byrg\u00f0 einstaklingsins \u00e1 eigin heilsu. Nemendur vinna verkefni \u00fear sem \u00feeir halda heilsufarsdagb\u00f3k \u00ed \u00e1kve\u00f0inn t\u00edma, greina l\u00edfsmynstur sitt me\u00f0 tilliti til hreyfingar, n\u00e6ringar, svefns og t\u00f3mstunda og koma me\u00f0 till\u00f6gur a\u00f0 breytingum", "hj\u00fakrunar\u00e1f\u00f6ngum er fjalla\u00f0 um heilbrig\u00f0i og vell\u00ed\u00f0an skj\u00f3lst\u00e6\u00f0inga, tengsl si\u00f0areglna vi\u00f0 starf sj\u00fakrali\u00f0a og fagleg samskipti vi\u00f0 skj\u00f3lst\u00e6\u00f0inga og samstarfsf\u00f3lk. Nemendur vinna m.a. samskiptaverkefni \u00fear sem \u00feeir eiga a\u00f0 greina heilsueflandi og fagleg samskipti. Auk \u00feess vinna \u00feeir verkefni \u00fear sem \u00feeir eiga a\u00f0 greina \u00f3l\u00edkar \u00fearfir skj\u00f3lst\u00e6\u00f0inga \u00fat fr\u00e1 gefnum d\u00e6mum.", "\u00cd hj\u00fakrunar\u00e1f\u00f6ngum er fjalla\u00f0 um umhverfi heilbrig\u00f0isstofnanna, sj\u00e1lfsum\u00f6nnun og getu einstaklingsins til \u00feess a\u00f0 n\u00e1 og vi\u00f0halda heilbrig\u00f0i eftir br\u00e1\u00f0 og langvinn veikindi. Nemendur l\u00e6ra a\u00f0 hj\u00fakra einstaklingum \u00ed veikindum og hvetja \u00fe\u00e1 markvisst til sj\u00e1lfbjargar", "\u00cd \u00f6ldrunarhj\u00fakrun er \u00e1hersla \u00e1 heilbrig\u00f0i og virkni aldra\u00f0ra \u00ed n\u00fat\u00edmasamf\u00e9lagi. Nemendur vinna m.a. verkefni \u00fear sem \u00feeir kanna me\u00f0 vi\u00f0t\u00f6lum og vettvangsfer\u00f0um hvernig \u00f6ldru\u00f0um tekst a\u00f0 vi\u00f0halda heilbrig\u00f0um l\u00edfsst\u00edl.", "\u00cd samf\u00e9lagshj\u00fakrun ver\u00f0a nemendur me\u00f0vita\u00f0ir um gildi heilbrig\u00f0is og \u00feroskaferil fj\u00f6lskyldunnar me\u00f0 s\u00e9rstaka \u00e1herslu \u00e1 ge\u00f0r\u00e6kt. \u00cd \u00e1fanganum vinna nemendur verkefni \u00fear sem \u00feeir gera grein fyrir heilbrig\u00f0i fj\u00f6lskyldunnar, greina vandam\u00e1l \u00ed fj\u00f6lskyldum og leggja fram \u00e1\u00e6tlun um \u00farr\u00e6\u00f0i.", "\u00cd vinnusta\u00f0an\u00e1mi og starfs\u00fej\u00e1lfun \u00fej\u00e1lfast nemendur \u00ed samskiptum og faglegum vinnubr\u00f6g\u00f0um \u00e1 heilbrig\u00f0isstofnunum me\u00f0 heilbrig\u00f0i a\u00f0 lei\u00f0arlj\u00f3si. Nemendur \u00f6\u00f0last skilning og f\u00e6rni \u00ed a\u00f0 efla b\u00e6\u00f0i eigi\u00f0 heilbrig\u00f0i og annarra."], "icelandic_society_norms": ["\u00cd n\u00e1minu er \u00e1hersla \u00e1 vinnu nemenda \u00fear sem reynir \u00e1 alla \u00fe\u00e6tti l\u00e6sis, tj\u00e1ningar og samskipta. \u00cd hvers kyns verkefnavinnu reynir \u00e1 tj\u00e1ningu \u00ed ritu\u00f0u og t\u00f6lu\u00f0u m\u00e1li vi\u00f0 kynningu ni\u00f0ursta\u00f0na. Nemendur \u00feurfa a\u00f0 svara spurningum \u00e1 m\u00e1lefnalegan h\u00e1tt og r\u00f6ksty\u00f0ja sko\u00f0anir s\u00ednar og ni\u00f0urst\u00f6\u00f0ur \u00ed verkefnaflutningi. D\u00e6mi um hagn\u00fdtingu \u00feessara atri\u00f0a m\u00e1 m.a. sj\u00e1 \u00ed eftirfarandi kjarnagreinum:", "\u00ed \u00edslensku\u00e1f\u00f6ngum \u00feurfa nemendur a\u00f0 gera grein fyrir sko\u00f0unum s\u00ednum og taka \u00fe\u00e1tt \u00ed samr\u00e6\u00f0um. \u00cdslenskun\u00e1m felur \u00fea\u00f0 \u00ed s\u00e9r a\u00f0 nemendur \u00feurfa a\u00f0 tj\u00e1 sig \u00ed r\u00e6\u00f0u og riti. Me\u00f0 aukinni \u00fej\u00e1lfun ver\u00f0ur m\u00e1l \u00feeirra bl\u00e6brig\u00f0ar\u00edkara og or\u00f0afor\u00f0i fj\u00f6lbreyttari. \u00cd \u00f6llum \u00e1f\u00f6ngum \u00feurfa nemendur a\u00f0 flytja m\u00e1l sitt og er \u00fea\u00f0 \u00fej\u00e1lfa\u00f0 markvisst \u00ed tj\u00e1ningu.", "\u00ed vinnusta\u00f0an\u00e1mi og starfs\u00fej\u00e1lfun \u00feurfa nemendur a\u00f0 tj\u00e1 sig munnlega og skriflega til a\u00f0 koma uppl\u00fdsingum um skj\u00f3lst\u00e6\u00f0inga \u00e1 framf\u00e6ri. \u00cd samskiptum vi\u00f0 sj\u00faklinga og samstarfsf\u00f3lk \u00feurfa nemendur a\u00f0 geta tj\u00e1\u00f0 sig \u00e1 sk\u00fdran og markvissan h\u00e1tt.", "\u00ed hj\u00fakrunar\u00e1f\u00f6ngum, samskiptum og si\u00f0fr\u00e6\u00f0i eru umr\u00e6\u00f0uverkefni notu\u00f0 \u00fear sem nemendur taka \u00fe\u00e1tt \u00ed samr\u00e6\u00f0um og \u00feurfa a\u00f0 n\u00fdta s\u00e9r r\u00f6kf\u00e6rslur \u00ed si\u00f0fr\u00e6\u00f0i er megin\u00e1hersla \u00e1 r\u00f6kstu\u00f0ning \u00ed r\u00e6\u00f0u og riti, sk\u00fdran m\u00e1lflutning og samr\u00e6\u00f0ur.", "N\u00e1minu l\u00fdkur me\u00f0 lokaverkefni \u00fear sem reynir \u00e1 tj\u00e1ningu, framsetningu og r\u00f6kstu\u00f0ning \u00e1 \u00edslensku."], "democracy_and_human_rights": ["Stu\u00f0la\u00f0 a\u00f0 \u00fev\u00ed a\u00f0 gera nemendur a\u00f0 virkum og \u00e1byrgum \u00fe\u00e1tttakendum \u00ed l\u00fd\u00f0r\u00e6\u00f0issamf\u00e9lagi me\u00f0 \u00fev\u00ed a\u00f0 leita eftir vi\u00f0horfum \u00feeirra til \u00e1kve\u00f0inna \u00fe\u00e1tta \u00ed \u00feeim tilgangi a\u00f0 b\u00e6ta sk\u00f3lastarfi\u00f0 s.s. me\u00f0 kennsluk\u00f6nnunum \u00fear sem nemendur l\u00e1ta \u00ed lj\u00f3s \u00e1lit sitt \u00e1 skipulagi og innihaldi \u00e1fanga, n\u00e1msefni og kennsluh\u00e1ttum. Nemendur eiga fulltr\u00faa b\u00e6\u00f0i \u00ed sk\u00f3lar\u00e1\u00f0i og sk\u00f3lanefnd og leggja \u00feannig sitt af m\u00f6rkum vi\u00f0 stj\u00f3rnun sk\u00f3la.", "Nemendur geta vali\u00f0 s\u00e9r vi\u00f0fangsefni \u00ed verkefnavinnu \u00ed hj\u00fakrunar\u00e1f\u00f6ngum s\u00e9rstaklega \u00feegar kemur a\u00f0 vali \u00e1 lokaverkefni.", "\u00cd si\u00f0fr\u00e6\u00f0i og samskipta\u00e1fanga er l\u00f6g\u00f0 \u00e1hersla \u00e1 mismunandi sko\u00f0anir f\u00f3lks og reynt a\u00f0 finna hva\u00f0a l\u00edfsgildi liggja a\u00f0 baki afst\u00f6\u00f0u f\u00f3lks til \u00e1litam\u00e1la, s\u00e9rstaklega \u00feeirra er l\u00fata a\u00f0 heilsu, heilbrig\u00f0i og heilbrig\u00f0is\u00fej\u00f3nustu. Nemendur taka \u00fe\u00e1tt \u00ed umr\u00e6\u00f0um og l\u00e6ra a\u00f0 beita r\u00f6kum \u00ed \u00e1litam\u00e1lum.", "Nemendur vinna lokaverkefni \u00fear sem \u00feeir eiga a\u00f0 taka r\u00f6kstudda afst\u00f6\u00f0u til \u00feess vi\u00f0fangsefnis sem \u00feeir velja a\u00f0 fjalla um.", "Nemendur \u00fej\u00e1lfast \u00ed a\u00f0 taka lei\u00f0s\u00f6gn \u00e1 uppbyggilegan h\u00e1tt \u00ed vinnusta\u00f0aog starfsn\u00e1mi \u00e1 heilbrig\u00f0isstofnunum.", "\u00cd hj\u00fakrunar\u00e1f\u00f6ngum, vinnusta\u00f0an\u00e1mi og starfs\u00fej\u00e1lfun reynir miki\u00f0 \u00e1 samvinnu, umhyggju og n\u00e1nd. Nemendur l\u00e6ra a\u00f0 bera vir\u00f0ingu fyrir mismunandi sko\u00f0unum, taka tillit til samnemenda, samstarfsf\u00f3lks og skj\u00f3lst\u00e6\u00f0inga og m\u00e6ta hver \u00f6\u00f0rum \u00e1 uppbyggilegan og j\u00e1kv\u00e6\u00f0an h\u00e1tt", "\u00cd vinnusta\u00f0an\u00e1mi og starfs\u00fej\u00e1lfun s\u00fdna nemendur eigin st\u00f6rfum og annarra vir\u00f0ingu og sinna \u00feeim af tr\u00famennsku og hei\u00f0arleika. \u00c1hersla er l\u00f6g\u00f0 \u00e1 a\u00f0 nemendur vir\u00f0i \u00feagnaskyldu vi\u00f0 skj\u00f3lst\u00e6\u00f0inga."], "equality": ["\u00cd sj\u00fakrali\u00f0an\u00e1mi er l\u00f6g\u00f0 \u00e1hersla \u00e1 jafnan r\u00e9tt og t\u00e6kif\u00e6ri allra a\u00f0 n\u00e1mi \u00f3h\u00e1\u00f0 b\u00fasetu, tr\u00faarbr\u00f6g\u00f0um, \u00fej\u00f3\u00f0erni, kyn\u00fe\u00e6tti, kynhneig\u00f0, aldri, litarh\u00e6tti e\u00f0a tungum\u00e1li.", "N\u00e1msmat og kennslua\u00f0fer\u00f0ir \u00ed \u00e1f\u00f6ngum er a\u00f0laga\u00f0 a\u00f0 mismunandi lei\u00f0um nemenda til a\u00f0 l\u00e6ra og er fj\u00f6lbreytt allan n\u00e1mst\u00edmann.", "\u00cd n\u00e1minu er fjalla\u00f0 um og sko\u00f0a\u00f0 hvernig aldur, b\u00faseta, kyn, heilsufar, sj\u00fakd\u00f3mar, f\u00f6tlun, mismunandi menningarheimar og st\u00e9tt getur endurspeglast \u00ed mismunandi \u00e1hrifum \u00e1 heilsufar. Nemendur vinna m.a. verkefni um tr\u00faarbr\u00f6g\u00f0 og mismunandi menningarheima \u00fear sem \u00feeir greina hvernig mismunandi menning og tr\u00faarbr\u00f6g\u00f0 hafa \u00e1hrif \u00e1 daglegt l\u00edf einstaklinga, heilsu \u00feeirra og vi\u00f0horf til heilbrig\u00f0is\u00fej\u00f3nustu.", "\u00cd samskipta\u00e1fanga, si\u00f0fr\u00e6\u00f0i og hj\u00fakrunar\u00e1f\u00f6ngum eru umr\u00e6\u00f0ur um jafnr\u00e9tti, kynjajafnr\u00e9tti, jafnr\u00e9tti minnihluta- og ja\u00f0arh\u00f3pa."]}, "user_id": "f8d44553-42df-4c20-a712-9f65b3261ea9", "is_ministry_rejected": false, "title": "Sj\u00fakrali\u00f0abraut (Sta\u00f0festingarn\u00famer 124)", "ministry_serial": "18-124-3-8", "version": "sj\u00fakrali\u00f0i-33", "status_trans": "Sam\u00feykkt af r\u00e1\u00f0uneyti", "date_last_sent_to_ministry": 1522248657.360359, "evaluation": "Me\u00f0 n\u00e1msmati er kanna\u00f0 a\u00f0 hve miklu leyti nemandi hefur tileinka\u00f0 s\u00e9r \u00feau markmi\u00f0 sem sett eru \u00ed vi\u00f0komandi \u00e1f\u00f6ngum. N\u00e1msmat skal vera fj\u00f6lbreytt.  \u00cd upphafi hvers sk\u00f3la\u00e1rs skal nemendum kynnt kennslu\u00e1\u00e6tlun og n\u00e1msmarkmi\u00f0 svo og tilh\u00f6gun n\u00e1msmats hvers \u00e1fanga. \u00c6skilegt er a\u00f0 \u00ed n\u00e1msmati felist lei\u00f0s\u00f6gn til nemenda um hvernig \u00feeir geti me\u00f0 \u00e1rangursr\u00edkum h\u00e6tti haga\u00f0 n\u00e1mi s\u00ednu. Hver sk\u00f3li setur s\u00e9r reglur um n\u00e1msmat og birtir \u00ed sk\u00f3lan\u00e1mskr\u00e1. ", "status": "approved by ministry", "core": [{"courses": [{"exemplary": null, "topics": "Almenn enska (ritun-tal-hlustun-lestur-samskipti)", "abbreviation": "ENSK2AF05", "former_schools": null, "subject": "enska", "title": "Almenn enska \u00e1 framhaldssk\u00f3lastigii", "version": 75, "status_trans": "Sam\u00feykkt af sk\u00f3la", "embedded_subject": {"abbreviation": "ENSK", "topics": [{"abbreviation": "GS", "topics": ["grunnatri\u00f0i", "samt\u00f6l"]}, {"abbreviation": "OO", "topics": ["or\u00f0ab\u00f3k", "or\u00f0afor\u00f0i"]}, {"abbreviation": "MM", "topics": ["myndas\u00f6gur", "myndb\u00f6nd"]}, {"abbreviation": "TL", "topics": ["lagatextar", "t\u00f3nlist"]}, {"abbreviation": "FR", "topics": ["ferilsverkefni", "ritunarverkefni"]}, {"abbreviation": "TS", "topics": ["myndm\u00e1l", "ritger\u00f0", "st\u00edlar", "textar"]}, {"abbreviation": "RH", "topics": ["hlustun", "m\u00e1lnotkun", "undirst\u00f6\u00f0uatri\u00f0i \u00ed ritun"]}, {"abbreviation": "SM", "topics": ["m\u00fas\u00edk og myndir 1950-70", "s\u00f6gur"]}, {"abbreviation": "BR", "topics": ["bretland"]}, {"abbreviation": "K\u00c1", "topics": ["kanada", "\u00e1stral\u00eda og n\u00fdja sj\u00e1land"]}, {"abbreviation": "SB", "topics": ["shakespeare og 19. \u00f6ldin \u00ed b\u00f3kmenntum"]}, {"abbreviation": "B\u00d3", "topics": ["b\u00f3kmenntir 20. aldar"]}, {"abbreviation": "KV", "topics": ["kvikmynda\u00e1fangi"]}, {"abbreviation": "AB", "topics": ["afr\u00edsk-amer\u00edskar b\u00f3kmenntir"]}, {"abbreviation": "U\u00c1", "topics": ["undirb\u00faningur", "\u00e1fangi"]}, {"abbreviation": "MT", "topics": ["m\u00e1lfr\u00e6\u00f0i", "tj\u00e1ning"]}, {"abbreviation": "MS", "topics": ["menning", "skapandi skrif"]}, {"abbreviation": "KR", "topics": ["kvikmyndir", "ritun"]}, {"abbreviation": "HR", "topics": ["heimildavinna", "ritger\u00f0ir"]}, {"abbreviation": "FF", "topics": ["fagm\u00e1l", "f\u00e9lagsv\u00edsinda"]}, {"abbreviation": "VE", "topics": ["enska", "vi\u00f0skipta"]}, {"abbreviation": "RE", "topics": ["enska", "raungreinar"]}, {"abbreviation": "BM", "topics": ["b\u00f3kmenntir", "m\u00e1lsaga"]}, {"abbreviation": "LB", "topics": ["b\u00f3kmenntir", "leik"]}, {"abbreviation": "UP", "topics": ["pr\u00f3f", "undirb\u00faningur"]}, {"abbreviation": "EN", "topics": ["enska fyrir fer\u00f0agreinar"]}, {"abbreviation": "FE", "topics": ["enska fyrir fer\u00f0a\u00fej\u00f3nustu"]}, {"abbreviation": "ST", "topics": ["evr\u00f3pski tungum\u00e1laramminn", "stig b1-b2"]}, {"abbreviation": "SE", "topics": ["evr\u00f3pski tungum\u00e1laramminn", "stig b2"]}, {"abbreviation": "ES", "topics": ["evr\u00f3pski tungum\u00e1laramminn", "stig b2-c1"]}, {"abbreviation": "EV", "topics": ["evr\u00f3pski tungum\u00e1laramminn", "stig c1"]}, {"abbreviation": "BF", "topics": ["b2", "evr\u00f3pski tungum\u00e1laramminn", "fer\u00f0a\u00fej\u00f3nuta"]}, {"abbreviation": "FH", "topics": ["evr\u00f3pski tungum\u00e1laramminn", "framhald", "stig c1"]}, {"abbreviation": "GR", "topics": ["grunn\u00e1fangi"]}, {"abbreviation": "FG", "topics": ["enska fyrir matv\u00e6lagreinar"]}, {"abbreviation": "LS", "topics": ["lestur", "m\u00e1lfr\u00e6\u00f0i", "or\u00f0afor\u00f0i", "skilningur"]}, {"abbreviation": "LT", "topics": ["lestur", "or\u00f0afor\u00f0i", "talm\u00e1l"]}, {"abbreviation": "BL", "topics": ["b\u00f3kmenntir", "lesskilningur", "ritun"]}, {"abbreviation": "BS", "topics": ["b\u00f3kmenntir", "menning", "saga"]}, {"abbreviation": "HA", "topics": ["hagn\u00fdtur or\u00f0afor\u00f0i. l\u00e6si \u00e1 fl\u00f3knari texta."]}, {"abbreviation": "OF", "topics": ["grunnor\u00f0afor\u00f0i fr\u00e6\u00f0a og v\u00edsinda.. menningarheimur nor\u00f0ur amer\u00edku"]}, {"abbreviation": "UN", "topics": ["undirb\u00fanings\u00e1fangi \u00ed ensku"]}, {"abbreviation": "LM", "topics": ["lestur og menning", "tj\u00e1ning"]}, {"abbreviation": "TM", "topics": ["menning", "tj\u00e1ning og skapandi skrif"]}, {"abbreviation": "MB", "topics": ["b\u00f3kmenntir", "menning og ritun"]}, {"abbreviation": "EX", "topics": ["extensive vocabulary and expression"]}, {"abbreviation": "ML", "topics": ["m\u00e1lnotkun og l\u00e6si"]}, {"abbreviation": "AA", "topics": ["akadem\u00edskur or\u00f0afor\u00f0i", "fj\u00f6lbreyttir textar", "fyrsti \u00e1fangi \u00ed ensku."]}, {"abbreviation": "YN", "topics": ["yndislestur"]}, {"abbreviation": "BB", "topics": ["akadem\u00edskur or\u00f0afor\u00f0i", "annar \u00e1fangi \u00ed ensku.", "fj\u00f6lbreyttir textar"]}, {"abbreviation": "FA", "topics": ["fagor\u00f0afor\u00f0i"]}, {"abbreviation": "AH", "topics": ["akadem\u00edskur or\u00f0afor\u00f0i", "fj\u00f6lbreyttir textar. hra\u00f0fer\u00f0 \u00ed ensku."]}, {"abbreviation": "BH", "topics": ["akadem\u00edskur or\u00f0afor\u00f0i", "fj\u00f6lbreyttir textar. \u00f6nnur hra\u00f0fer\u00f0 \u00ed ensku."]}, {"abbreviation": "EE", "topics": ["b\u00f3kmenntir", "fj\u00f6lmi\u00f0latextar."]}, {"abbreviation": "LR", "topics": ["lestur", "ritun", "tj\u00e1ning og hlustun"]}, {"abbreviation": "DD", "topics": ["b\u00f3kmenntir"]}, {"abbreviation": "M\u00c1", "topics": ["m\u00e1lfr\u00e6\u00f0i a"]}, {"abbreviation": "CC", "topics": ["b\u00f3kmenntir", "krefjandi or\u00f0afor\u00f0i", "ritun"]}, {"abbreviation": "CH", "topics": ["krefjandi or\u00f0afor\u00f0i"]}, {"abbreviation": "L\u00c9", "topics": ["l\u00e9ttlestur"]}, {"abbreviation": "OH", "topics": ["hlustun", "or\u00f0afor\u00f0i", "talm\u00e1l og ritun"]}, {"abbreviation": "LO", "topics": ["lesskilningur", "m\u00e1lfr\u00e6\u00f0i", "or\u00f0afor\u00f0i"]}, {"abbreviation": "MO", "topics": ["m\u00e1lfr\u00e6\u00f0i", "or\u00f0afor\u00f0i", "stig b1 \u00ed evr\u00f3pska tungum\u00e1larammanum"]}, {"abbreviation": "OB", "topics": ["b\u00f3kmenntir", "or\u00f0afor\u00f0i", "stig b2 \u00ed evr\u00f3pska tungum\u00e1larammanum"]}, {"abbreviation": "RB", "topics": ["b\u00f3kmenntir", "ritun"]}, {"abbreviation": "RL", "topics": ["lestur", "m\u00e1lfr\u00e6\u00f0i", "ritun og or\u00f0afor\u00f0i"]}, {"abbreviation": "SG", "topics": ["Lestur", "m\u00e1lfr\u00e6\u00f0i", "or\u00f0afor\u00f0i", "ritun", "tal"]}, {"abbreviation": "RM", "topics": ["Ritun", "b\u00f3kmenntir", "m\u00e1lnotkun"]}, {"abbreviation": "RO", "topics": ["Ritun", "b\u00f3kmenntir", "menning", "or\u00f0afor\u00f0i"]}, {"abbreviation": "SR", "topics": ["Menning", "akadem\u00edskur or\u00f0afor\u00f0i", "ritun", "saga"]}, {"abbreviation": "AE", "topics": ["Almenn akadem\u00edsk enska", "b\u00f3kmenntir", "ritun"]}, {"abbreviation": "SA", "topics": ["S\u00e9rh\u00e6f\u00f0 akadem\u00edsk enska", "b\u00f3kmenntir", "ritun"]}, {"abbreviation": "VR", "topics": ["V\u00edsindaor\u00f0afor\u00f0i", "raungreinar"]}, {"abbreviation": "VH", "topics": ["Vi\u00f0skipti", "erlend samskipti og vi\u00f0skiptah\u00e6ttir"]}, {"abbreviation": "AK", "topics": ["Kennsla", "a\u00f0sto\u00f0 vi\u00f0 nemendur", "ger\u00f0 kennsluefnis"]}, {"abbreviation": "DF", "topics": ["Kvikmyndir. Film Course."]}, {"abbreviation": "SK", "topics": ["enska fyrir fer\u00f0a\u00fej\u00f3nustu", "skapandi skrif"]}, {"abbreviation": "FT", "topics": ["lestur fr\u00e6\u00f0ilegra texta"]}, {"abbreviation": "VT", "topics": ["Lestur enskra vi\u00f0skiptatexta"]}, {"abbreviation": "RT", "topics": ["Lestur enskra raunv\u00edsindatexta"]}, {"abbreviation": "\u00cdT", "topics": ["Lestur \u00ed\u00fer\u00f3ttafr\u00e6\u00f0ilegra texta"]}, {"abbreviation": "TO", "topics": ["Tolkien"]}, {"abbreviation": "RI", "topics": ["Ritun"]}, {"abbreviation": "HL", "topics": ["Hlustun"]}, {"abbreviation": "UE", "topics": ["Undirb\u00fanings\u00e1fangi \u00ed ensku"]}, {"abbreviation": "UH", "topics": ["Undirb\u00faningur fyrir h\u00e1sk\u00f3lan\u00e1m"]}, {"abbreviation": "TJ", "topics": ["Tj\u00e1ning"]}, {"abbreviation": "OM", "topics": ["Or\u00f0afor\u00f0i", "m\u00e1lfr\u00e6\u00f0i", "m\u00e1lnotkun"]}, {"abbreviation": "TF", "topics": ["tj\u00e1ning og m\u00e1lnotkun"]}, {"abbreviation": "AM", "topics": ["Fr\u00e6\u00f0ilegur or\u00f0afor\u00f0i og Bandar\u00edkin"]}, {"abbreviation": "UK", "topics": ["Fr\u00e6\u00f0ilegur or\u00f0afor\u00f0i og Bretland"]}, {"abbreviation": "AC", "topics": ["Akadem\u00edskur or\u00f0afor\u00f0i og rauntextar"]}, {"abbreviation": "SL", "topics": ["Lestur", "menning og skrif"]}, {"abbreviation": "KK", "topics": ["Kvikmyndir og kynning"]}, {"abbreviation": "BA", "topics": ["L\u00fdsing: B\u00f3kmenntir 19. og 20.", "skrif og r\u00e6\u00f0uger\u00f0"]}, {"abbreviation": "OT", "topics": ["Or\u00f0afor\u00f0i", "ritun", "tj\u00e1ning"]}, {"abbreviation": "VM", "topics": ["V\u00edsindi og menning"]}, {"abbreviation": "BT", "topics": ["Bandar\u00edskt \u00fej\u00f3\u00f0f\u00e9lag og menning"]}, {"abbreviation": "MR", "topics": ["M\u00e1lfr\u00e6\u00f0i og ritun"]}, {"abbreviation": "LH", "topics": ["L\u00e6si \u00e1 fl\u00f3knari texta", "hagn\u00fdtur fj\u00f6lbreyttur or\u00f0afor\u00f0i"]}, {"abbreviation": "KB", "topics": ["Kvikmyndir", "b\u00f3kmenntir"]}, {"abbreviation": "OL", "topics": ["Lestur", "Menning", "M\u00e1lfr\u00e6\u00f0i", "Or\u00f0afor\u00f0i", "Ritun", "Tal"]}, {"abbreviation": "CL", "topics": ["Chic Literature and Women in Today\u2018s Society"]}, {"abbreviation": "CW", "topics": ["Creative Writing"]}, {"abbreviation": "OR", "topics": ["B\u00f3kmenntir (fj\u00f6lbreyttir textar)", "menning", "or\u00f0afor\u00f0i", "ranns\u00f3knir og ritun"]}, {"abbreviation": "OG", "topics": ["B\u00f3kmenntir", "lj\u00f3\u00f0agreining", "or\u00f0afor\u00f0i", "ritger\u00f0asm\u00ed\u00f0i og heimildavinna"]}, {"abbreviation": "BY", "topics": ["Lestur", "m\u00e1lfr\u00e6\u00f0i og m\u00e1lnotkun (byrjunar\u00e1fangi \u00ed ensku)", "ritun"]}, {"abbreviation": "DM", "topics": ["Enska Daglegt m\u00e1l"]}, {"abbreviation": "B\u00c1", "topics": ["b\u00f3kmenntir", "ritun", "tj\u00e1ning"]}, {"abbreviation": "HE", "topics": ["Hagn\u00fdt enska", "starfsbraut"]}, {"abbreviation": "RR", "topics": ["Enska \u00ed r\u00e6\u00f0u og riti"]}, {"abbreviation": "HO", "topics": ["Hagn\u00fdtur or\u00f0afor\u00f0i", "c1"]}, {"abbreviation": "FO", "topics": ["Fagor\u00f0afor\u00f0i og fer\u00f0am\u00e1l"]}, {"abbreviation": "EG", "topics": ["Enska 2 \u00e1 starfsbraut"]}, {"abbreviation": "SO", "topics": ["s\u00e9rh\u00e6f\u00f0ur or\u00f0afor\u00f0i"]}, {"abbreviation": "TR", "topics": ["Tj\u00e1ning", "or\u00f0afor\u00f0i", "ritun"]}, {"abbreviation": "\u00deS", "topics": ["\u00dej\u00f3nustust\u00f6rf"]}, {"abbreviation": "SF", "topics": ["Sagnfr\u00e6\u00f0i"]}, {"abbreviation": "T\u00d6", "topics": ["T\u00f6lvuleikir"]}, {"abbreviation": "JM", "topics": ["Fr\u00e1 hugmynd til \u00fatg\u00e1fu"]}, {"abbreviation": "MH", "topics": ["S\u00e9rh\u00e6f\u00f0 enska \u00ed myndlist og h\u00f6nnun"]}, {"abbreviation": "BO", "topics": ["B\u00f3kmenntir", "m\u00e1lfr\u00e6\u00f0i", "or\u00f0afor\u00f0i"]}, {"abbreviation": "VO", "topics": ["V\u00edsindatengdur or\u00f0afor\u00f0i"]}, {"abbreviation": "MV", "topics": ["M\u00e1lnotkun", "b\u00f3kmenntir", "vi\u00f0skipti"]}, {"abbreviation": "SV", "topics": ["m\u00e1lnotkun", "samf\u00e9lag", "vi\u00f0skipti"]}, {"abbreviation": "VI", "topics": ["m\u00e1lskilningur", "ritun", "vi\u00f0skiptaenska"]}, {"abbreviation": "EM", "topics": ["bresk menning", "b\u00f3kmenntir", "m\u00e1l"]}, {"abbreviation": "NV", "topics": ["v\u00edsindaenska"]}, {"abbreviation": "YL", "topics": ["Yndislestur"]}, {"abbreviation": "EH", "topics": ["Enska fyrir heilbrig\u00f0isgreinar"]}, {"abbreviation": "DK", "topics": ["ENSKA"]}, {"abbreviation": "DG", "topics": ["Enskar myndas\u00f6gur"]}, {"abbreviation": "DV", "topics": ["or\u00f0afor\u00f0i"]}, {"abbreviation": "DY", "topics": ["Yndislestur \u00ed ensku"]}, {"abbreviation": "EY", "topics": ["Yndislestur 2 \u00e1 ensku"]}, {"abbreviation": "HB", "topics": ["B\u00f3kmenntir og fr\u00e6\u00f0ilegir textar \u00ed hugv\u00edsindum"]}, {"abbreviation": "MK", "topics": ["b\u00f3kmenntir", "kvikmyndir", "menning", "m\u00e1lnotkun"]}, {"abbreviation": "VG", "topics": ["gagnr\u00fdnin hugsun", "or\u00f0afor\u00f0i v\u00edsinda", "ritun", "tj\u00e1ning"]}, {"abbreviation": "TT", "topics": ["m\u00e1lnotkun \u00ed t\u00e6knigreinum", "or\u00f0afor\u00f0i", "tala\u00f0 m\u00e1l"]}, {"abbreviation": "SS", "topics": ["Shakespeare", "kvikmyndir", "ritun", "sk\u00e1lds\u00f6gur"]}, {"abbreviation": "FV", "topics": ["Fagm\u00e1l", "b\u00f3kmenntir", "f\u00e9lagsv\u00edsindi", "ritun"]}, {"abbreviation": "VV", "topics": ["fagm\u00e1l", "hagfr\u00e6\u00f0i", "verslun", "vi\u00f0skipti"]}, {"abbreviation": "TB", "topics": ["Tolkien", "b\u00f3kmenntir", "fantas\u00eda"]}, {"abbreviation": "LG", "topics": ["Lestur", "ritun og tj\u00e1ning"]}, {"abbreviation": "SH", "topics": ["Shakespeare"]}, {"abbreviation": "BK", "topics": ["b\u00f3kmenntir og menning"]}, {"abbreviation": "VF", "topics": ["fr\u00e6\u00f0i og fagm\u00e1l", "v\u00edsindi"]}, {"abbreviation": "AO", "topics": ["Akadem\u00edskur or\u00f0afor\u00f0i \u00e1 ensku og klass\u00edskar b\u00f3kmenntir"]}, {"abbreviation": "SD", "topics": ["S\u00e9rh\u00e6f\u00f0ur or\u00f0afor\u00f0i og breskar b\u00f3kmenntir"]}, {"abbreviation": "TE", "topics": ["\u00deemaverkefni \u00ed tengslum vi\u00f0 frekara n\u00e1m \u00e1 h\u00e1sk\u00f3lastigi", "\u00fej\u00e1lfun \u00ed ritun og tj\u00e1ningu \u00e1 ensku"]}, {"abbreviation": "LL", "topics": ["B\u00f3kmenntir", "leikrit", "lj\u00f3\u00f0 og kvikmyndir \u00e1 ensku annars vegar og hins vegar sam\u00fe\u00e6tting vi\u00f0 a\u00f0ra \u00e1fanga"]}, {"abbreviation": "US", "topics": ["Undirb\u00faningur fyrir st\u00f6\u00f0lu\u00f0 pr\u00f3f"]}, {"abbreviation": "GA", "topics": ["Grunnor\u00f0afor\u00f0i akadem\u00edskra texta"]}, {"abbreviation": "KO", "topics": ["Krefjandi or\u00f0afor\u00f0i"]}, {"abbreviation": "FS", "topics": ["Fj\u00f6lbreyttur skilningur"]}, {"abbreviation": "EA", "topics": ["Akadem\u00edskur or\u00f0afor\u00f0i"]}, {"abbreviation": "ME", "topics": ["Meteorology", "ve\u00f0urfr\u00e6\u00f0i"]}, {"abbreviation": "EK", "topics": ["Enska 1"]}, {"abbreviation": "LE", "topics": ["Lestur", "b\u00e6\u00f0i rauntexta og sk\u00e1lda\u00f0a"]}, {"abbreviation": "S\u00d6", "topics": ["Sm\u00e1s\u00f6gur og sk\u00e1lds\u00f6gur"]}, {"abbreviation": "HC", "topics": ["Hagn\u00fdt enska"]}, {"abbreviation": "\u00deA", "topics": ["\u00deematengt vi\u00f0fangsefni"]}, {"abbreviation": "\u00deB", "topics": ["\u00deematengt vi\u00f0fangsefni II"]}, {"abbreviation": "\u00deC", "topics": ["\u00deematengt vi\u00f0fangsefni III"]}, {"abbreviation": "AR", "topics": ["Almenn enska \u2013 Ritun", "hlustun", "lestur", "samskipti", "tal"]}, {"abbreviation": "AU", "topics": ["Almenn enska \u2013 ritun", "hlustun", "lestur", "samskipti", "tal"]}, {"abbreviation": "AF", "topics": ["Almenn enska (ritun-tal-hlustun-lestur-samskipti)"]}], "_id": "50c0a02dd8e40575f7f6f488", "subjects": ["enska"], "counter": {"1": 34, "3": 79, "2": 72, "4": 1}}, "evaluation": "S\u00e9rstakt ritunarpr\u00f3f og munnlegt pr\u00f3f. Kennaraeinkunn sem byggir a\u00f0 mestu \u00e1 \u00e1stundun og heimavinnu nemenda \u00fe,m.t. m\u00e1 nefna or\u00f0afor\u00f0averkefni, stuttar ritger\u00f0ir og stuttar kannanir \u00far lesefni \u00e1fangans, \u00fear me\u00f0 sk\u00e1ld- og sm\u00e1s\u00f6gum. Skriflegt lokapr\u00f3f \u00ed lok annar.", "categorization_suggestion": "FB", "embedded_topics": {"abbreviation": "AF", "topics": ["Almenn enska (ritun-tal-hlustun-lestur-samskipti)"]}, "status": "approved by school", "description": "\u00deessi \u00e1fangi mi\u00f0ast vi\u00f0 B1 \u00ed sj\u00e1lfsmatsramma Evr\u00f3psku tungum\u00e1lam\u00f6ppunnar. Meginmarkmi\u00f0 \u00e1fangans er a\u00f0 halda \u00e1fram a\u00f0 byggja upp sj\u00e1lfstraust nemenda gagnvart \u00f6llum f\u00e6rni\u00fe\u00e1ttum, lestri, ritun, tali og hlustun. Grundvallarn\u00e1msefni \u00e1fangans er styttri textar af \u00f3l\u00edkum toga, a\u00f0allega greinar \u00far bl\u00f6\u00f0um, t\u00edmaritum og vefmi\u00f0lum. Nemendur beita \u00f3l\u00edkum lestrara\u00f0fer\u00f0um me\u00f0 \u00fea\u00f0 a\u00f0 markmi\u00f0i a\u00f0 auka lesskilning og st\u00e6kka virkan or\u00f0afor\u00f0a. Lesin eru tv\u00f6 \u00f3stytt b\u00f3kmenntaverk \u00e6tlu\u00f0 yngra f\u00f3lki. Nemendur skrifa stuttar samantektir og \u00fatdr\u00e6tti bygg\u00f0a \u00e1 lesefni \u00e1fangans, einnig stuttar ritger\u00f0ir \u00fear sem \u00feeir \u00fatsk\u00fdra eigin sko\u00f0anir og vi\u00f0br\u00f6g\u00f0 vi\u00f0 lestextum auk \u00feess a\u00f0 skrifa fr\u00e1 eigin brj\u00f3sti. Einnig er fjalla\u00f0 um grundvallar\u00fe\u00e6tti \u00ed uppbyggingu g\u00f3\u00f0rar ritsm\u00ed\u00f0ar, \u00fear me\u00f0 efnisgreinar. Talm\u00e1l er einkum \u00fej\u00e1lfa\u00f0 \u00ed para- og h\u00f3pvinnu auk \u00feess sem nemendur flytja stuttar kynningar \u00e1 \u00feemaverkefnum tengdum enskum\u00e6landi l\u00f6ndum. Hlustunarefni er byggt \u00e1 k\u00f6flum \u00far kvikmyndum og sj\u00f3nvarpsefni, \u00fear me\u00f0 fr\u00e9ttatengdu efni.  R\u00edk \u00e1hersla er l\u00f6g\u00f0 \u00e1 sj\u00e1lfst\u00e6\u00f0 vinnubr\u00f6g\u00f0 \u00ed heiman\u00e1mi og samvinnu nemenda \u00ed kennslustundum.", "knowledge_goals": ["\u00feeim or\u00f0afor\u00f0a sem nau\u00f0synlegur er til a\u00f0 m\u00e6ta h\u00e6fnivi\u00f0mi\u00f0um \u00ferepsins", "notkun tungum\u00e1lsins til a\u00f0 m\u00e6ta h\u00e6fnivi\u00f0mi\u00f0um \u00ferepsins b\u00e6\u00f0i b\u00e6\u00f0i munnlega og skriflega"], "skills_goals": ["skilja lengra tala\u00f0 m\u00e1l \u00e1 e\u00f0lilegum hra\u00f0a", "lesa almenna texta me\u00f0 \u00f3l\u00edkum lestrara\u00f0fer\u00f0um", "taka \u00fe\u00e1tt \u00ed almennum samr\u00e6\u00f0um, t.d. \u00e1 fer\u00f0al\u00f6gum erlendis, um kunnuglegt efni", "tj\u00e1 sig nokku\u00f0 sk\u00fdrt og skilmerkilega um kunnuglegt efni", "skrifa vel uppsettan lengri texta um kunnuglegt efni"], "credits": 5, "last_modified": 1430847540.548432, "schools": ["51234a818caa45ed97015b35"], "coauthors": null, "instructions": "", "continued_education": false, "level": 2, "prerequisites": "Lokaeinkunn \u00ed ensku \u00far grunnsk\u00f3la A e\u00f0a B+", "author": "41be24d4-5ecf-4d99-9661-f49f574e3dcc", "abbreviation_version": null, "competence_goals": [["skilja daglegt m\u00e1l, svo sem samr\u00e6\u00f0ur og fj\u00f6lmi\u00f0laefni, \u00fear sem umr\u00e6\u00f0uefni\u00f0 er kunnuglegt", ""], ["tileinka s\u00e9r efni stutts rita\u00f0s texta og hagn\u00fdta \u00e1 mismunandi h\u00e1tt", ""], ["lesa \u00f3stytta b\u00f3kmenntatexta sem \u00e6tla\u00f0ir eru ungu f\u00f3lki", ""], ["takast \u00e1 vi\u00f0 margv\u00edslegar a\u00f0st\u00e6\u00f0ur \u00ed almennum samskiptum, t.d. \u00e1 fer\u00f0al\u00f6gum, \u00ed almennum sko\u00f0anaskiptum, og umr\u00e6\u00f0um um m\u00e1lefni dagsins og beita e\u00f0lilegum kurteisisvenjum", ""], ["tj\u00e1 sig \u00e1 sk\u00fdran og \u00e1heyrilegan h\u00e1tt af talsver\u00f0u \u00f6ryggi", ""], ["skrifa heildst\u00e6\u00f0an, vel skipulag\u00f0an texta samkv\u00e6mt vi\u00f0urkenndum ritvenjum", ""], ["skrifa texta fr\u00e1 eigin brj\u00f3sti", ""], ["skrifa einfaldar samantektir sem tengjast n\u00e1msefni", ""]], "_id": "5549003462933a2b9f000f25"}, {"exemplary": null, "topics": "Almenn enska, ritun og lestur", "abbreviation": "ENSK2RF05", "former_schools": null, "subject": "enska", "title": "Almenn enska: ritun og lestur \u00ed forgrunni I", "version": 76, "status_trans": "Sam\u00feykkt af sk\u00f3la", "embedded_subject": {"abbreviation": "ENSK", "topics": [{"abbreviation": "GS", "topics": ["grunnatri\u00f0i", "samt\u00f6l"]}, {"abbreviation": "OO", "topics": ["or\u00f0ab\u00f3k", "or\u00f0afor\u00f0i"]}, {"abbreviation": "MM", "topics": ["myndas\u00f6gur", "myndb\u00f6nd"]}, {"abbreviation": "TL", "topics": ["lagatextar", "t\u00f3nlist"]}, {"abbreviation": "FR", "topics": ["ferilsverkefni", "ritunarverkefni"]}, {"abbreviation": "TS", "topics": ["myndm\u00e1l", "ritger\u00f0", "st\u00edlar", "textar"]}, {"abbreviation": "RH", "topics": ["hlustun", "m\u00e1lnotkun", "undirst\u00f6\u00f0uatri\u00f0i \u00ed ritun"]}, {"abbreviation": "SM", "topics": ["m\u00fas\u00edk og myndir 1950-70", "s\u00f6gur"]}, {"abbreviation": "BR", "topics": ["bretland"]}, {"abbreviation": "K\u00c1", "topics": ["kanada", "\u00e1stral\u00eda og n\u00fdja sj\u00e1land"]}, {"abbreviation": "SB", "topics": ["shakespeare og 19. \u00f6ldin \u00ed b\u00f3kmenntum"]}, {"abbreviation": "B\u00d3", "topics": ["b\u00f3kmenntir 20. aldar"]}, {"abbreviation": "KV", "topics": ["kvikmynda\u00e1fangi"]}, {"abbreviation": "AB", "topics": ["afr\u00edsk-amer\u00edskar b\u00f3kmenntir"]}, {"abbreviation": "U\u00c1", "topics": ["undirb\u00faningur", "\u00e1fangi"]}, {"abbreviation": "MT", "topics": ["m\u00e1lfr\u00e6\u00f0i", "tj\u00e1ning"]}, {"abbreviation": "MS", "topics": ["menning", "skapandi skrif"]}, {"abbreviation": "KR", "topics": ["kvikmyndir", "ritun"]}, {"abbreviation": "HR", "topics": ["heimildavinna", "ritger\u00f0ir"]}, {"abbreviation": "FF", "topics": ["fagm\u00e1l", "f\u00e9lagsv\u00edsinda"]}, {"abbreviation": "VE", "topics": ["enska", "vi\u00f0skipta"]}, {"abbreviation": "RE", "topics": ["enska", "raungreinar"]}, {"abbreviation": "BM", "topics": ["b\u00f3kmenntir", "m\u00e1lsaga"]}, {"abbreviation": "LB", "topics": ["b\u00f3kmenntir", "leik"]}, {"abbreviation": "UP", "topics": ["pr\u00f3f", "undirb\u00faningur"]}, {"abbreviation": "EN", "topics": ["enska fyrir fer\u00f0agreinar"]}, {"abbreviation": "FE", "topics": ["enska fyrir fer\u00f0a\u00fej\u00f3nustu"]}, {"abbreviation": "ST", "topics": ["evr\u00f3pski tungum\u00e1laramminn", "stig b1-b2"]}, {"abbreviation": "SE", "topics": ["evr\u00f3pski tungum\u00e1laramminn", "stig b2"]}, {"abbreviation": "ES", "topics": ["evr\u00f3pski tungum\u00e1laramminn", "stig b2-c1"]}, {"abbreviation": "EV", "topics": ["evr\u00f3pski tungum\u00e1laramminn", "stig c1"]}, {"abbreviation": "BF", "topics": ["b2", "evr\u00f3pski tungum\u00e1laramminn", "fer\u00f0a\u00fej\u00f3nuta"]}, {"abbreviation": "FH", "topics": ["evr\u00f3pski tungum\u00e1laramminn", "framhald", "stig c1"]}, {"abbreviation": "GR", "topics": ["grunn\u00e1fangi"]}, {"abbreviation": "FG", "topics": ["enska fyrir matv\u00e6lagreinar"]}, {"abbreviation": "LS", "topics": ["lestur", "m\u00e1lfr\u00e6\u00f0i", "or\u00f0afor\u00f0i", "skilningur"]}, {"abbreviation": "LT", "topics": ["lestur", "or\u00f0afor\u00f0i", "talm\u00e1l"]}, {"abbreviation": "BL", "topics": ["b\u00f3kmenntir", "lesskilningur", "ritun"]}, {"abbreviation": "BS", "topics": ["b\u00f3kmenntir", "menning", "saga"]}, {"abbreviation": "HA", "topics": ["hagn\u00fdtur or\u00f0afor\u00f0i. l\u00e6si \u00e1 fl\u00f3knari texta."]}, {"abbreviation": "OF", "topics": ["grunnor\u00f0afor\u00f0i fr\u00e6\u00f0a og v\u00edsinda.. menningarheimur nor\u00f0ur amer\u00edku"]}, {"abbreviation": "UN", "topics": ["undirb\u00fanings\u00e1fangi \u00ed ensku"]}, {"abbreviation": "LM", "topics": ["lestur og menning", "tj\u00e1ning"]}, {"abbreviation": "TM", "topics": ["menning", "tj\u00e1ning og skapandi skrif"]}, {"abbreviation": "MB", "topics": ["b\u00f3kmenntir", "menning og ritun"]}, {"abbreviation": "EX", "topics": ["extensive vocabulary and expression"]}, {"abbreviation": "ML", "topics": ["m\u00e1lnotkun og l\u00e6si"]}, {"abbreviation": "AA", "topics": ["akadem\u00edskur or\u00f0afor\u00f0i", "fj\u00f6lbreyttir textar", "fyrsti \u00e1fangi \u00ed ensku."]}, {"abbreviation": "YN", "topics": ["yndislestur"]}, {"abbreviation": "BB", "topics": ["akadem\u00edskur or\u00f0afor\u00f0i", "annar \u00e1fangi \u00ed ensku.", "fj\u00f6lbreyttir textar"]}, {"abbreviation": "FA", "topics": ["fagor\u00f0afor\u00f0i"]}, {"abbreviation": "AH", "topics": ["akadem\u00edskur or\u00f0afor\u00f0i", "fj\u00f6lbreyttir textar. hra\u00f0fer\u00f0 \u00ed ensku."]}, {"abbreviation": "BH", "topics": ["akadem\u00edskur or\u00f0afor\u00f0i", "fj\u00f6lbreyttir textar. \u00f6nnur hra\u00f0fer\u00f0 \u00ed ensku."]}, {"abbreviation": "EE", "topics": ["b\u00f3kmenntir", "fj\u00f6lmi\u00f0latextar."]}, {"abbreviation": "LR", "topics": ["lestur", "ritun", "tj\u00e1ning og hlustun"]}, {"abbreviation": "DD", "topics": ["b\u00f3kmenntir"]}, {"abbreviation": "M\u00c1", "topics": ["m\u00e1lfr\u00e6\u00f0i a"]}, {"abbreviation": "CC", "topics": ["b\u00f3kmenntir", "krefjandi or\u00f0afor\u00f0i", "ritun"]}, {"abbreviation": "CH", "topics": ["krefjandi or\u00f0afor\u00f0i"]}, {"abbreviation": "L\u00c9", "topics": ["l\u00e9ttlestur"]}, {"abbreviation": "OH", "topics": ["hlustun", "or\u00f0afor\u00f0i", "talm\u00e1l og ritun"]}, {"abbreviation": "LO", "topics": ["lesskilningur", "m\u00e1lfr\u00e6\u00f0i", "or\u00f0afor\u00f0i"]}, {"abbreviation": "MO", "topics": ["m\u00e1lfr\u00e6\u00f0i", "or\u00f0afor\u00f0i", "stig b1 \u00ed evr\u00f3pska tungum\u00e1larammanum"]}, {"abbreviation": "OB", "topics": ["b\u00f3kmenntir", "or\u00f0afor\u00f0i", "stig b2 \u00ed evr\u00f3pska tungum\u00e1larammanum"]}, {"abbreviation": "RB", "topics": ["b\u00f3kmenntir", "ritun"]}, {"abbreviation": "RL", "topics": ["lestur", "m\u00e1lfr\u00e6\u00f0i", "ritun og or\u00f0afor\u00f0i"]}, {"abbreviation": "SG", "topics": ["Lestur", "m\u00e1lfr\u00e6\u00f0i", "or\u00f0afor\u00f0i", "ritun", "tal"]}, {"abbreviation": "RM", "topics": ["Ritun", "b\u00f3kmenntir", "m\u00e1lnotkun"]}, {"abbreviation": "RO", "topics": ["Ritun", "b\u00f3kmenntir", "menning", "or\u00f0afor\u00f0i"]}, {"abbreviation": "SR", "topics": ["Menning", "akadem\u00edskur or\u00f0afor\u00f0i", "ritun", "saga"]}, {"abbreviation": "AE", "topics": ["Almenn akadem\u00edsk enska", "b\u00f3kmenntir", "ritun"]}, {"abbreviation": "SA", "topics": ["S\u00e9rh\u00e6f\u00f0 akadem\u00edsk enska", "b\u00f3kmenntir", "ritun"]}, {"abbreviation": "VR", "topics": ["V\u00edsindaor\u00f0afor\u00f0i", "raungreinar"]}, {"abbreviation": "VH", "topics": ["Vi\u00f0skipti", "erlend samskipti og vi\u00f0skiptah\u00e6ttir"]}, {"abbreviation": "AK", "topics": ["Kennsla", "a\u00f0sto\u00f0 vi\u00f0 nemendur", "ger\u00f0 kennsluefnis"]}, {"abbreviation": "DF", "topics": ["Kvikmyndir. Film Course."]}, {"abbreviation": "SK", "topics": ["enska fyrir fer\u00f0a\u00fej\u00f3nustu", "skapandi skrif"]}, {"abbreviation": "FT", "topics": ["lestur fr\u00e6\u00f0ilegra texta"]}, {"abbreviation": "VT", "topics": ["Lestur enskra vi\u00f0skiptatexta"]}, {"abbreviation": "RT", "topics": ["Lestur enskra raunv\u00edsindatexta"]}, {"abbreviation": "\u00cdT", "topics": ["Lestur \u00ed\u00fer\u00f3ttafr\u00e6\u00f0ilegra texta"]}, {"abbreviation": "TO", "topics": ["Tolkien"]}, {"abbreviation": "RI", "topics": ["Ritun"]}, {"abbreviation": "HL", "topics": ["Hlustun"]}, {"abbreviation": "UE", "topics": ["Undirb\u00fanings\u00e1fangi \u00ed ensku"]}, {"abbreviation": "UH", "topics": ["Undirb\u00faningur fyrir h\u00e1sk\u00f3lan\u00e1m"]}, {"abbreviation": "TJ", "topics": ["Tj\u00e1ning"]}, {"abbreviation": "OM", "topics": ["Or\u00f0afor\u00f0i", "m\u00e1lfr\u00e6\u00f0i", "m\u00e1lnotkun"]}, {"abbreviation": "TF", "topics": ["tj\u00e1ning og m\u00e1lnotkun"]}, {"abbreviation": "AM", "topics": ["Fr\u00e6\u00f0ilegur or\u00f0afor\u00f0i og Bandar\u00edkin"]}, {"abbreviation": "UK", "topics": ["Fr\u00e6\u00f0ilegur or\u00f0afor\u00f0i og Bretland"]}, {"abbreviation": "AC", "topics": ["Akadem\u00edskur or\u00f0afor\u00f0i og rauntextar"]}, {"abbreviation": "SL", "topics": ["Lestur", "menning og skrif"]}, {"abbreviation": "KK", "topics": ["Kvikmyndir og kynning"]}, {"abbreviation": "BA", "topics": ["L\u00fdsing: B\u00f3kmenntir 19. og 20.", "skrif og r\u00e6\u00f0uger\u00f0"]}, {"abbreviation": "OT", "topics": ["Or\u00f0afor\u00f0i", "ritun", "tj\u00e1ning"]}, {"abbreviation": "VM", "topics": ["V\u00edsindi og menning"]}, {"abbreviation": "BT", "topics": ["Bandar\u00edskt \u00fej\u00f3\u00f0f\u00e9lag og menning"]}, {"abbreviation": "MR", "topics": ["M\u00e1lfr\u00e6\u00f0i og ritun"]}, {"abbreviation": "LH", "topics": ["L\u00e6si \u00e1 fl\u00f3knari texta", "hagn\u00fdtur fj\u00f6lbreyttur or\u00f0afor\u00f0i"]}, {"abbreviation": "KB", "topics": ["Kvikmyndir", "b\u00f3kmenntir"]}, {"abbreviation": "OL", "topics": ["Lestur", "Menning", "M\u00e1lfr\u00e6\u00f0i", "Or\u00f0afor\u00f0i", "Ritun", "Tal"]}, {"abbreviation": "CL", "topics": ["Chic Literature and Women in Today\u2018s Society"]}, {"abbreviation": "CW", "topics": ["Creative Writing"]}, {"abbreviation": "OR", "topics": ["B\u00f3kmenntir (fj\u00f6lbreyttir textar)", "menning", "or\u00f0afor\u00f0i", "ranns\u00f3knir og ritun"]}, {"abbreviation": "OG", "topics": ["B\u00f3kmenntir", "lj\u00f3\u00f0agreining", "or\u00f0afor\u00f0i", "ritger\u00f0asm\u00ed\u00f0i og heimildavinna"]}, {"abbreviation": "BY", "topics": ["Lestur", "m\u00e1lfr\u00e6\u00f0i og m\u00e1lnotkun (byrjunar\u00e1fangi \u00ed ensku)", "ritun"]}, {"abbreviation": "DM", "topics": ["Enska Daglegt m\u00e1l"]}, {"abbreviation": "B\u00c1", "topics": ["b\u00f3kmenntir", "ritun", "tj\u00e1ning"]}, {"abbreviation": "HE", "topics": ["Hagn\u00fdt enska", "starfsbraut"]}, {"abbreviation": "RR", "topics": ["Enska \u00ed r\u00e6\u00f0u og riti"]}, {"abbreviation": "HO", "topics": ["Hagn\u00fdtur or\u00f0afor\u00f0i", "c1"]}, {"abbreviation": "FO", "topics": ["Fagor\u00f0afor\u00f0i og fer\u00f0am\u00e1l"]}, {"abbreviation": "EG", "topics": ["Enska 2 \u00e1 starfsbraut"]}, {"abbreviation": "SO", "topics": ["s\u00e9rh\u00e6f\u00f0ur or\u00f0afor\u00f0i"]}, {"abbreviation": "TR", "topics": ["Tj\u00e1ning", "or\u00f0afor\u00f0i", "ritun"]}, {"abbreviation": "\u00deS", "topics": ["\u00dej\u00f3nustust\u00f6rf"]}, {"abbreviation": "SF", "topics": ["Sagnfr\u00e6\u00f0i"]}, {"abbreviation": "T\u00d6", "topics": ["T\u00f6lvuleikir"]}, {"abbreviation": "JM", "topics": ["Fr\u00e1 hugmynd til \u00fatg\u00e1fu"]}, {"abbreviation": "MH", "topics": ["S\u00e9rh\u00e6f\u00f0 enska \u00ed myndlist og h\u00f6nnun"]}, {"abbreviation": "BO", "topics": ["B\u00f3kmenntir", "m\u00e1lfr\u00e6\u00f0i", "or\u00f0afor\u00f0i"]}, {"abbreviation": "VO", "topics": ["V\u00edsindatengdur or\u00f0afor\u00f0i"]}, {"abbreviation": "MV", "topics": ["M\u00e1lnotkun", "b\u00f3kmenntir", "vi\u00f0skipti"]}, {"abbreviation": "SV", "topics": ["m\u00e1lnotkun", "samf\u00e9lag", "vi\u00f0skipti"]}, {"abbreviation": "VI", "topics": ["m\u00e1lskilningur", "ritun", "vi\u00f0skiptaenska"]}, {"abbreviation": "EM", "topics": ["bresk menning", "b\u00f3kmenntir", "m\u00e1l"]}, {"abbreviation": "NV", "topics": ["v\u00edsindaenska"]}, {"abbreviation": "YL", "topics": ["Yndislestur"]}, {"abbreviation": "EH", "topics": ["Enska fyrir heilbrig\u00f0isgreinar"]}, {"abbreviation": "DK", "topics": ["ENSKA"]}, {"abbreviation": "DG", "topics": ["Enskar myndas\u00f6gur"]}, {"abbreviation": "DV", "topics": ["or\u00f0afor\u00f0i"]}, {"abbreviation": "DY", "topics": ["Yndislestur \u00ed ensku"]}, {"abbreviation": "EY", "topics": ["Yndislestur 2 \u00e1 ensku"]}, {"abbreviation": "HB", "topics": ["B\u00f3kmenntir og fr\u00e6\u00f0ilegir textar \u00ed hugv\u00edsindum"]}, {"abbreviation": "MK", "topics": ["b\u00f3kmenntir", "kvikmyndir", "menning", "m\u00e1lnotkun"]}, {"abbreviation": "VG", "topics": ["gagnr\u00fdnin hugsun", "or\u00f0afor\u00f0i v\u00edsinda", "ritun", "tj\u00e1ning"]}, {"abbreviation": "TT", "topics": ["m\u00e1lnotkun \u00ed t\u00e6knigreinum", "or\u00f0afor\u00f0i", "tala\u00f0 m\u00e1l"]}, {"abbreviation": "SS", "topics": ["Shakespeare", "kvikmyndir", "ritun", "sk\u00e1lds\u00f6gur"]}, {"abbreviation": "FV", "topics": ["Fagm\u00e1l", "b\u00f3kmenntir", "f\u00e9lagsv\u00edsindi", "ritun"]}, {"abbreviation": "VV", "topics": ["fagm\u00e1l", "hagfr\u00e6\u00f0i", "verslun", "vi\u00f0skipti"]}, {"abbreviation": "TB", "topics": ["Tolkien", "b\u00f3kmenntir", "fantas\u00eda"]}, {"abbreviation": "LG", "topics": ["Lestur", "ritun og tj\u00e1ning"]}, {"abbreviation": "SH", "topics": ["Shakespeare"]}, {"abbreviation": "BK", "topics": ["b\u00f3kmenntir og menning"]}, {"abbreviation": "VF", "topics": ["fr\u00e6\u00f0i og fagm\u00e1l", "v\u00edsindi"]}, {"abbreviation": "AO", "topics": ["Akadem\u00edskur or\u00f0afor\u00f0i \u00e1 ensku og klass\u00edskar b\u00f3kmenntir"]}, {"abbreviation": "SD", "topics": ["S\u00e9rh\u00e6f\u00f0ur or\u00f0afor\u00f0i og breskar b\u00f3kmenntir"]}, {"abbreviation": "TE", "topics": ["\u00deemaverkefni \u00ed tengslum vi\u00f0 frekara n\u00e1m \u00e1 h\u00e1sk\u00f3lastigi", "\u00fej\u00e1lfun \u00ed ritun og tj\u00e1ningu \u00e1 ensku"]}, {"abbreviation": "LL", "topics": ["B\u00f3kmenntir", "leikrit", "lj\u00f3\u00f0 og kvikmyndir \u00e1 ensku annars vegar og hins vegar sam\u00fe\u00e6tting vi\u00f0 a\u00f0ra \u00e1fanga"]}, {"abbreviation": "US", "topics": ["Undirb\u00faningur fyrir st\u00f6\u00f0lu\u00f0 pr\u00f3f"]}, {"abbreviation": "GA", "topics": ["Grunnor\u00f0afor\u00f0i akadem\u00edskra texta"]}, {"abbreviation": "KO", "topics": ["Krefjandi or\u00f0afor\u00f0i"]}, {"abbreviation": "FS", "topics": ["Fj\u00f6lbreyttur skilningur"]}, {"abbreviation": "EA", "topics": ["Akadem\u00edskur or\u00f0afor\u00f0i"]}, {"abbreviation": "ME", "topics": ["Meteorology", "ve\u00f0urfr\u00e6\u00f0i"]}, {"abbreviation": "EK", "topics": ["Enska 1"]}, {"abbreviation": "LE", "topics": ["Lestur", "b\u00e6\u00f0i rauntexta og sk\u00e1lda\u00f0a"]}, {"abbreviation": "S\u00d6", "topics": ["Sm\u00e1s\u00f6gur og sk\u00e1lds\u00f6gur"]}, {"abbreviation": "HC", "topics": ["Hagn\u00fdt enska"]}, {"abbreviation": "\u00deA", "topics": ["\u00deematengt vi\u00f0fangsefni"]}, {"abbreviation": "\u00deB", "topics": ["\u00deematengt vi\u00f0fangsefni II"]}, {"abbreviation": "\u00deC", "topics": ["\u00deematengt vi\u00f0fangsefni III"]}, {"abbreviation": "AR", "topics": ["Almenn enska \u2013 Ritun", "hlustun", "lestur", "samskipti", "tal"]}, {"abbreviation": "AU", "topics": ["Almenn enska \u2013 ritun", "hlustun", "lestur", "samskipti", "tal"]}, {"abbreviation": "AF", "topics": ["Almenn enska (ritun-tal-hlustun-lestur-samskipti)"]}, {"abbreviation": "RF", "topics": ["Almenn enska", "ritun og lestur"]}], "_id": "50c0a02dd8e40575f7f6f488", "subjects": ["enska"], "counter": {"1": 34, "3": 79, "2": 72, "4": 1}}, "evaluation": "S\u00e9rstakt ritunarpr\u00f3f og munnlegt pr\u00f3f. Kennaraeinkunn sem byggir a\u00f0 mestu \u00e1 \u00e1stundun og heimavinnu nemenda-\u00fear m\u00e1 nefna or\u00f0afor\u00f0averkefni, ritger\u00f0ir og kannanir \u00far lesefni \u00e1fangans, \u00fe.m.t. b\u00f3kmenntaverkum \u00e1fangans. Skriflegt lokapr\u00f3f \u00ed lok annar.", "categorization_suggestion": "FB", "embedded_topics": {"abbreviation": "RF", "topics": ["Almenn enska", "ritun og lestur"]}, "status": "approved by school", "description": "\u00deessi \u00e1fangi mi\u00f0ast vi\u00f0 B2 \u00ed sj\u00e1lfsmatsramma Evr\u00f3psku tungum\u00e1lam\u00f6ppunnar. Meginmarkmi\u00f0 \u00e1fangans er a\u00f0 halda \u00e1fram a\u00f0 byggja upp sj\u00e1lfstraust nemenda gagnvart \u00f6llum f\u00e6rni\u00fe\u00e1ttum, lestri, ritun, tali og hlustun. Grundvallarn\u00e1msefni \u00e1fangans er textar sem eru fl\u00f3knari, lengri og s\u00e9rh\u00e6f\u00f0ari en \u00ed fyrri \u00e1f\u00f6ngum. Unni\u00f0 er me\u00f0 n\u00fdjan or\u00f0afor\u00f0a, \u00fe.m.t.  fr\u00e6\u00f0ilegan or\u00f0afor\u00f0a. Eins og \u00ed fyrri \u00e1f\u00f6ngum eru nemendur \u00fej\u00e1lfa\u00f0ir \u00ed \u00f3l\u00edkum lestrara\u00f0fer\u00f0um. Lesin eru tv\u00f6 b\u00f3kmenntaverk. Nemendur skrifa stuttar ritger\u00f0ir og samantektir tengdar lesefni \u00e1fangans \u00fear sem ger\u00f0ar eru auknar kr\u00f6fur um uppbyggingu ritsm\u00ed\u00f0a. Einnig kynnast nemendur grunnatri\u00f0um \u00ed ritr\u00fdni um b\u00f3kmenntir. \u00dej\u00e1lfun \u00ed talm\u00e1li fer fram \u00ed para- og h\u00f3pvinnu \u00e1samt h\u00f3pumr\u00e6\u00f0um. Einnig vinna nemendur \u00feemaverkefni um menningu og landafr\u00e6\u00f0i enskum\u00e6landi landa sem \u00feeir s\u00ed\u00f0an kynna fyrir samnemendum s\u00ednum. S\u00e9rst\u00f6k \u00e1hersla er l\u00f6g\u00f0 \u00e1 frams\u00f6gn \u00ed \u00feessum \u00e1fanga. Hlustunarefni er byggt \u00e1 k\u00f6flum \u00far kvikmyndum og sj\u00f3nvarpsefni (t.d. fr\u00e9ttatengdu efni) fr\u00e1 \u00f3l\u00edkum enskum\u00e6landi l\u00f6ndum.  R\u00edk \u00e1hersla er l\u00f6g\u00f0 \u00e1 sj\u00e1lfst\u00e6\u00f0 vinnubr\u00f6g\u00f0 \u00ed heiman\u00e1mi og samvinnu nemenda \u00ed kennslustundum.", "knowledge_goals": ["or\u00f0afor\u00f0a og notkun tungum\u00e1lsins (munnlega og skriflega) til a\u00f0 m\u00e6ta h\u00e6fnivi\u00f0mi\u00f0um \u00ferepsins", "helstu hef\u00f0um um uppsetningu og skipulag rita\u00f0s m\u00e1ls, svo sem efnisgreinar og greinarmerkjasetningu"], "skills_goals": ["skilja tala\u00f0 m\u00e1l me\u00f0 \u00f3l\u00edkum sta\u00f0bundnum hreim", "lesa texta me\u00f0 s\u00e9rh\u00e6f\u00f0um or\u00f0afor\u00f0a", "lesa n\u00fat\u00edma b\u00f3kmenntatexta", "taka \u00fe\u00e1tt \u00ed almennum samr\u00e6\u00f0um vi\u00f0 \u00fe\u00e1 sem hafa ensku a\u00f0 m\u00f3\u00f0urm\u00e1li", "tj\u00e1 sig lipurlega um m\u00e1lefni sem hann hefur kynnt s\u00e9r og undirb\u00fai\u00f0", "skrifa vel skipulag\u00f0an texta um fl\u00f3knari hluti, t.d. b\u00f3kmenntir"], "credits": 5, "last_modified": 1430848372.647235, "schools": ["51234a818caa45ed97015b35"], "coauthors": null, "instructions": "", "continued_education": false, "level": 2, "prerequisites": "", "author": "41be24d4-5ecf-4d99-9661-f49f574e3dcc", "abbreviation_version": null, "competence_goals": [["skilja tala\u00f0 m\u00e1l um kunnugleg efni", ""], ["skilja fj\u00f6lmi\u00f0laefni um fr\u00e9ttatengda hluti", ""], ["tileinka s\u00e9r a\u00f0alatri\u00f0i \u00ed styttri bla\u00f0a- og t\u00edmaritsgreinum me\u00f0 fr\u00e6\u00f0ilegum or\u00f0afor\u00f0a", ""], ["lesa n\u00fat\u00edma b\u00f3kmenntatexta", ""], ["lesa \u201emilli l\u00edna\u201c og \u00e1tta sig \u00e1 d\u00fdpri merkingu texta", ""], ["takast \u00e1 vi\u00f0 margv\u00edslegar a\u00f0st\u00e6\u00f0ur af nokkru \u00f6ryggi \u00ed samskiptum vi\u00f0 \u00fe\u00e1 sem hafa ensku a\u00f0 m\u00f3\u00f0urm\u00e1li", ""], ["tj\u00e1 sig sk\u00fdrt og skilmerkilega um efni tengd n\u00e1msefni, t.d. b\u00f3kmenntatexta", ""], ["tj\u00e1 sig um eigin a\u00f0st\u00e6\u00f0ur, t.d. \u00e1hugasvi\u00f0 og pers\u00f3nulega reynslu", ""], ["mi\u00f0la efni sem hann hefur afla\u00f0 s\u00e9r \u00feekkingar \u00e1", ""], ["skrifa l\u00e6silegan og sk\u00fdran texta um s\u00e9rvali\u00f0 efni", ""], ["skrifa um b\u00f3kmenntir, b\u00e6\u00f0i samantektir og r\u00fdni", ""]], "_id": "5549037462933a2b9f000f28"}, {"exemplary": null, "topics": "Almennar \u00ed\u00fer\u00f3ttir", "abbreviation": "\u00cd\u00deR\u00d31A\u00cd02(FB)", "former_schools": null, "subject": "\u00ed\u00fer\u00f3ttir", "title": "Almenn l\u00edkams- og heilsur\u00e6kt", "version": 103, "status_trans": "Sam\u00feykkt af sk\u00f3la", "embedded_subject": {"abbreviation": "\u00cd\u00deR\u00d3", "topics": [{"abbreviation": "\u00deK", "topics": ["kraftur", "styrkur", "\u00feol"]}, {"abbreviation": "GL", "topics": ["grunn\u00fe\u00e6ttir \u00ed almennri l\u00edkams- og heilsur\u00e6kt"]}, {"abbreviation": "GH", "topics": ["grunn\u00fe\u00e6ttir \u00ed almennri heilsu- og l\u00edkamsr\u00e6kt"]}, {"abbreviation": "LC", "topics": ["l\u00edkams- og heilsur\u00e6kt"]}, {"abbreviation": "LD", "topics": ["framhald", "l\u00edkams- og heilsur\u00e6kt"]}, {"abbreviation": "AL", "topics": ["almenn l\u00edkams- og heilsur\u00e6kt e\u00f0a \u00fativist"]}, {"abbreviation": "AH", "topics": ["almenn heilsu- og l\u00edkamsr\u00e6kt e\u00f0a \u00fativist"]}, {"abbreviation": "HR", "topics": ["heilsur\u00e6kt"]}, {"abbreviation": "HH", "topics": ["hreyfing og heilsur\u00e6kt"]}, {"abbreviation": "L\u00cd", "topics": ["l\u00edkamsr\u00e6kt"]}, {"abbreviation": "KN", "topics": ["knattspyrna"]}, {"abbreviation": "KK", "topics": ["k\u00f6rfuknattleikur"]}, {"abbreviation": "BA", "topics": ["badminton"]}, {"abbreviation": "BL", "topics": ["blak"]}, {"abbreviation": "HL", "topics": ["almenn heilsu- og l\u00edkamsr\u00e6kt"]}, {"abbreviation": "LA", "topics": ["almenn heilsu- og l\u00edkamsr\u00e6kt me\u00f0 \u00e1herslu \u00e1 styrk", "l\u00edkamsbeitingu og snerpu"]}, {"abbreviation": "LN", "topics": ["l\u00edfst\u00edll", "n\u00e6ring"]}, {"abbreviation": "M\u00de", "topics": ["markmi\u00f0asetning", "\u00fej\u00e1lfunar\u00e1\u00e6tlanir"]}, {"abbreviation": "SK", "topics": ["skipul\u00f6g\u00f0 hreyfing"]}, {"abbreviation": "S\u00cd", "topics": ["skipul\u00f6g\u00f0 hreyfing framhald", "\u00ed\u00fer\u00f3ttir"]}, {"abbreviation": "LS", "topics": ["l\u00edkamsbeiting og snerpa", "styrkur"]}, {"abbreviation": "U\u00de", "topics": ["upphitun", "\u00feol\u00fej\u00e1lfun"]}, {"abbreviation": "SL", "topics": ["li\u00f0leiki", "l\u00edkamsbeiting", "styrkur", "\u00ed\u00fer\u00f3ttamei\u00f0sli"]}, {"abbreviation": "SS", "topics": ["samh\u00e6fing", "snerpa"]}, {"abbreviation": "LH", "topics": ["heilsa", "l\u00edfsst\u00edll"]}, {"abbreviation": "HA", "topics": ["almenn l\u00edkams og heilsur\u00e6kt", "hreyfing", "likamsr\u00e6ktarsalur"]}, {"abbreviation": "B\u00cd", "topics": ["bolta\u00ed\u00fer\u00f3ttir", "l\u00edffr\u00e6\u00f0i hreyfingar"]}, {"abbreviation": "\u00daH", "topics": ["hreyfing", "j\u00e1kv\u00e6\u00f0 upplifun", "sj\u00e1lfstyrking", "\u00dativist"]}, {"abbreviation": "\u00daF", "topics": ["g\u00f6ngufer\u00f0ir \u00e1 fj\u00f6ll", "hreyfing", "\u00fativist"]}, {"abbreviation": "B\u00dd", "topics": ["Band\u00fd"]}, {"abbreviation": "GA", "topics": ["Ganga"]}, {"abbreviation": "SU", "topics": ["Sund"]}, {"abbreviation": "\u00cdS", "topics": ["starfsbraut", "\u00ed\u00fer\u00f3ttir"]}, {"abbreviation": "LB", "topics": ["L\u00edkamsr\u00e6kt", "hreyfing", "li\u00f0leiki", "styrking"]}, {"abbreviation": "A\u00cd", "topics": ["Almennar \u00ed\u00fer\u00f3ttir"]}, {"abbreviation": "BG", "topics": ["Grunnur a\u00f0 l\u00edkamsr\u00e6kt 2"]}, {"abbreviation": "AG", "topics": ["Grunnur a\u00f0 l\u00edkamsr\u00e6kt A"]}, {"abbreviation": "\u00cdC", "topics": ["L\u00edkamsr\u00e6kt og heilsa A"]}, {"abbreviation": "\u00cdD", "topics": ["L\u00edkamsr\u00e6kt og heilsa B"]}, {"abbreviation": "\u00cdF", "topics": ["Almenn heilsur\u00e6kt B"]}, {"abbreviation": "AA", "topics": ["almennar \u00ed\u00fer\u00f3ttir A"]}, {"abbreviation": "AB", "topics": ["Almennar \u00ed\u00fer\u00f3ttir B"]}, {"abbreviation": "AC", "topics": ["Almennar \u00ed\u00fer\u00f3ttir C"]}, {"abbreviation": "AD", "topics": ["Almennar \u00ed\u00fer\u00f3ttir D"]}, {"abbreviation": "AE", "topics": ["Almennar \u00ed\u00fer\u00f3ttir E"]}, {"abbreviation": "AF", "topics": ["Almennar \u00ed\u00fer\u00f3ttir F"]}, {"abbreviation": "HU", "topics": ["Hugur og heilsa"]}, {"abbreviation": "\u00deB", "topics": ["knattspyrna", "k\u00f6rfubolti og a\u00f0rir boltaleikir", "\u00derek"]}, {"abbreviation": "\u00cdG", "topics": ["\u00cd\u00fer\u00f3ttagreinar og \u00fativist"]}, {"abbreviation": "HJ", "topics": ["Hj\u00f3la\u00f0 \u00ed sk\u00f3lann"]}, {"abbreviation": "DL", "topics": ["Dansleikh\u00fas"]}, {"abbreviation": "LE", "topics": ["l\u00edkamsbeyting", "snerpa"]}, {"abbreviation": "LF", "topics": ["l\u00edkamsbeyting", "snerpa", "styrkur"]}, {"abbreviation": "LG", "topics": ["l\u00edkamsbeyting", "styrkur"]}, {"abbreviation": "NA", "topics": ["Hreyfing og heilsur\u00e6kt"]}, {"abbreviation": "NB", "topics": ["Almenn hreyfing og heilsur\u00e6kt"]}, {"abbreviation": "NC", "topics": ["Almenn heilsur\u00e6kt og hreyfing"]}, {"abbreviation": "ND", "topics": ["Fj\u00f6lbreytt hreyfing og heilsur\u00e6kt"]}, {"abbreviation": "NE", "topics": ["Hreyfing", "heilsu- og l\u00edkamsr\u00e6kt"]}, {"abbreviation": "NF", "topics": ["L\u00edkams- og heilsur\u00e6kt"]}, {"abbreviation": "\u00deR", "topics": ["\u00c6fingar \u00ed \u00fereksal"]}, {"abbreviation": "DA", "topics": ["dans", "leikir og samvinna", "\u00cd\u00fer\u00f3ttir"]}, {"abbreviation": "BO", "topics": ["Boltaleikir"]}, {"abbreviation": "HB", "topics": ["Handbolti"]}, {"abbreviation": "HP", "topics": ["Hlaup"]}, {"abbreviation": "K\u00d6", "topics": ["K\u00f6rfubolti"]}, {"abbreviation": "L\u00de", "topics": ["Leikir og \u00ferek"]}, {"abbreviation": "VE", "topics": ["Vetrar\u00ed\u00fer\u00f3ttir", "bretti", "skautar", "sk\u00ed\u00f0i"]}, {"abbreviation": "\u00deL", "topics": ["hlaup", "li\u00f0leiki", "lyftingar", "\u00derek"]}, {"abbreviation": "\u00cdA", "topics": ["Almenn heilsur\u00e6kt"]}, {"abbreviation": "S\u00c9", "topics": ["s\u00e9rh\u00e6fing \u00ed \u00ed\u00fer\u00f3ttagrein"]}, {"abbreviation": "ST", "topics": ["Styrktar\u00fej\u00e1lfun"]}, {"abbreviation": "SV", "topics": ["Skvass"]}, {"abbreviation": "\u00daT", "topics": ["\u00dativist og fjallamennska"]}], "_id": "50c0a02dd8e40575f7f6f4cc", "subjects": ["\u00ed\u00fer\u00f3ttir"], "counter": {"1": 102, "3": 0, "2": 21, "4": 0}}, "evaluation": "Frammist\u00f6\u00f0umat nemandans fer eftir leikni hans \u00ed a\u00f0 vinna me\u00f0 \u00f6\u00f0rum og h\u00e6fni hans og leikni til a\u00f0 standast \u00feol- og styrktarpr\u00f3f \u00e1 metna\u00f0arfullan h\u00e1tt. Virkni og \u00e1hugahv\u00f6t nemandans endurspeglast \u00ed m\u00e6tingu og frammist\u00f6\u00f0u \u00ed t\u00edmum sem og sj\u00e1lfst\u00e6\u00f0i \u00ed vinnubr\u00f6g\u00f0um.\n", "categorization_suggestion": "FB", "embedded_topics": {"abbreviation": "A\u00cd", "topics": ["Almennar \u00ed\u00fer\u00f3ttir"]}, "status": "approved by school", "description": "\u00c1fanginn er verklegur me\u00f0 markvissri fr\u00e6\u00f0slu um l\u00edkams- og heilsur\u00e6kt. Nemandinn spreytir sig \u00e1 fj\u00f6lbreyttum a\u00f0fer\u00f0um \u00feol-, styrktar- og li\u00f0leika\u00fej\u00e1lfunar. L\u00f6g\u00f0 er \u00e1hersla \u00e1 a\u00f0 hann finni hreyfingu vi\u00f0 sitt h\u00e6fi \u00fat fr\u00e1 getu og \u00e1huga. Markviss fr\u00e6\u00f0sla um forvarnagildi l\u00edkams- og heilsur\u00e6ktar og hvatning til heilbrig\u00f0ari l\u00edfsh\u00e1tta. Nemandi l\u00e6rir a\u00f0 beita s\u00e9r r\u00e9tt vi\u00f0 \u00e6fingar.", "knowledge_goals": ["forsendum og \u00e1hrifum \u00fej\u00e1lfunar \u00e1 l\u00edkama og heilsu", "a\u00f0 reglubundin l\u00edkamsr\u00e6kt er grunnur a\u00f0 g\u00f3\u00f0ri l\u00edkamshreysti", "mikilv\u00e6gi upphitunar, \u00fathalds-, styrktar- og li\u00f0leika\u00fej\u00e1lfunar", "lei\u00f0um til a\u00f0 n\u00fdta l\u00edkams- og heilsur\u00e6kt \u00ed daglegum ath\u00f6fnum", "\u00e6fingum sem b\u00e6ta l\u00edkamsst\u00f6\u00f0u og hvernig beita \u00e1 l\u00edkamanum r\u00e9tt", "fj\u00f6lbreytilegum a\u00f0fer\u00f0um til heilsur\u00e6ktar", "mikilv\u00e6gi andlegrar, f\u00e9lagslegrar og l\u00edkamlegrar vell\u00ed\u00f0unar"], "skills_goals": ["auka \u00fathald sitt, styrk og li\u00f0leika me\u00f0 fj\u00f6lbreyttum a\u00f0fer\u00f0um sem henta", "stunda \u00e6fingar og hreyfingu sem stu\u00f0la a\u00f0 b\u00e6ttri l\u00edkamsbeitingu", "stunda \u00fej\u00e1lfun og hreyfingu sem hefur \u00e1hrif \u00e1 j\u00e1kv\u00e6\u00f0a upplifun og vi\u00f0horf til l\u00edkams- og heilsur\u00e6ktar", "beita samvinnu sem stu\u00f0lar a\u00f0 tillitssemi og hvatningu", "n\u00fdta s\u00e9r undirst\u00f6\u00f0uatri\u00f0i l\u00edkamsbeitingar"], "credits": 2, "last_modified": 1431090934.032835, "schools": ["51234a818caa45ed97015b35"], "coauthors": null, "instructions": "", "continued_education": false, "level": 1, "prerequisites": "Engar", "author": "c9d16cc0-1136-4f18-96dc-5200450e0694", "abbreviation_version": null, "competence_goals": [["styrkja j\u00e1kv\u00e6\u00f0a sj\u00e1lfsmynd me\u00f0 \u00fe\u00e1ttt\u00f6ku \u00ed almennri heilsur\u00e6kt, leikjum og \u00fativeru sem meti\u00f0 er me\u00f0 virkni, hugarfari og m\u00e6tingu nemandans", ""], ["gera s\u00e9r grein fyrir gildi samvinnu \u00ed leik og keppni sem meti\u00f0 er me\u00f0 samskiptah\u00e6fni nemanda", ""], ["s\u00fdna \u00f6\u00f0rum vir\u00f0ingu vi\u00f0 leik, n\u00e1m og st\u00f6rf sem meti\u00f0 er me\u00f0 heg\u00f0un og framkomu nemanda", ""], ["gl\u00edma vi\u00f0 fj\u00f6lbreytt verkefni sem sn\u00faa a\u00f0 alhli\u00f0a hreyfingu, l\u00edkams- og heilsur\u00e6kt", ""], ["leysa af hendi verkefni, \u00e6fingar og leiki sem vi\u00f0halda l\u00edkamshreysti sem meti\u00f0 er me\u00f0 \u00feol- og styrktarpr\u00f3fi", ""], ["n\u00fdta s\u00e9r m\u00f6guleika \u00ed a\u00f0 fl\u00e9tta reglubundna hreyfingu \u00ed daglegt l\u00edf og starf sem meti\u00f0 er me\u00f0 spurningalistum", ""], ["n\u00fdta s\u00e9r m\u00f6guleika til heilsur\u00e6ktar \u00ed n\u00e1nasta umhverfi og \u00fati \u00ed n\u00e1tt\u00farunni sem meti\u00f0 er me\u00f0 markmi\u00f0ssetningu, dagb\u00f3karskrifum og sj\u00e1lfspr\u00f3fi", ""]], "_id": "554cb6f662933a2b9f001a0c"}, {"exemplary": null, "topics": "Almennur byrjunar \u00e1fangi", "abbreviation": "DANS2AA05(FB)", "former_schools": null, "subject": "danska", "title": "Danska 1.\u00e1fangi 2. \u00ferep", "version": 51, "status_trans": "Sam\u00feykkt af sk\u00f3la", "embedded_subject": {"abbreviation": "DANS", "topics": [{"abbreviation": "BG", "topics": ["evr\u00f3pski tungum\u00e1laramminn", "grunnur", "stig b1"]}, {"abbreviation": "BF", "topics": ["evr\u00f3pski tungum\u00e1laramminn", "framhald", "stig b1"]}, {"abbreviation": "UB", "topics": ["evr\u00f3pski tungum\u00e1laramminn", "stig b2", "undirsta\u00f0a"]}, {"abbreviation": "VB", "topics": ["evr\u00f3pski tungum\u00e1laramminn", "stig b2", "vi\u00f0b\u00f3t"]}, {"abbreviation": "CG", "topics": ["evr\u00f3pski tungum\u00e1laramminn", "grunnur", "stig c1"]}, {"abbreviation": "CF", "topics": ["evr\u00f3pski tungum\u00e1laramminn", "framhald", "stig c1"]}, {"abbreviation": "RM", "topics": ["m\u00e1lnotkun og b\u00f3kmenntir", "ritun"]}, {"abbreviation": "MR", "topics": ["menning", "ritun og b\u00f3kmenntir"]}, {"abbreviation": "BM", "topics": ["b\u00f3kmenntir og or\u00f0afor\u00f0i", "menning"]}, {"abbreviation": "KV", "topics": ["kvikmynda\u00e1fangi"]}, {"abbreviation": "EV", "topics": ["evr\u00f3pski tungum\u00e1laramminn"]}, {"abbreviation": "MV", "topics": ["menning", "venjur"]}, {"abbreviation": "MS", "topics": ["menning", "samf\u00e9lag"]}, {"abbreviation": "LO", "topics": ["lesskilningur", "or\u00f0afor\u00f0i"]}, {"abbreviation": "SO", "topics": ["s\u00e9rh\u00e6f\u00f0ur or\u00f0afor\u00f0i"]}, {"abbreviation": "TL", "topics": ["lestur og menning", "tj\u00e1ning"]}, {"abbreviation": "UN", "topics": ["undirb\u00fanings\u00e1fangi \u00ed d\u00f6nsku"]}, {"abbreviation": "LT", "topics": ["lestur og menning ii", "tj\u00e1ning"]}, {"abbreviation": "M\u00c1", "topics": ["m\u00e1lfr\u00e6\u00f0i"]}, {"abbreviation": "GR", "topics": ["grunn\u00e1fangi"]}, {"abbreviation": "AL", "topics": ["almennur \u00e1fangi"]}, {"abbreviation": "FI", "topics": ["film og filmhistorie"]}, {"abbreviation": "LI", "topics": ["litter\u00e6r analyse"]}, {"abbreviation": "TT", "topics": ["tal;  t\u00e6nke - tale"]}, {"abbreviation": "L\u00c9", "topics": ["l\u00e9ttlestur"]}, {"abbreviation": "OR", "topics": ["or\u00f0afor\u00f0i"]}, {"abbreviation": "ML", "topics": ["lesskilningur", "m\u00e1lfr\u00e6\u00f0i"]}, {"abbreviation": "LM", "topics": ["lesskilningur", "m\u00e1lfr\u00e6\u00f0i", "stig a2 \u00ed evr\u00f3pska tungum\u00e1larammanum"]}, {"abbreviation": "MO", "topics": ["lesskilningur", "m\u00e1lfr\u00e6\u00f0i", "stig b1 \u00ed evr\u00f3pska tungum\u00e1larammanum"]}, {"abbreviation": "MB", "topics": ["b\u00f3kmenntir", "menning", "stig b2 \u00ed evr\u00f3pska tungum\u00e1larammanum"]}, {"abbreviation": "FH", "topics": ["Framhalds\u00e1fangi danska hra\u00f0fer\u00f0"]}, {"abbreviation": "TM", "topics": ["lestur", "m\u00e1lfr\u00e6\u00f0i", "tal"]}, {"abbreviation": "FS", "topics": ["0 \u00e1 grunnsk\u00f3lapr\u00f3fi", "fyrir nemendur", "sem f\u00e1 undir 5"]}, {"abbreviation": "HY", "topics": ["Hyggelesning", "yndislestur framhald"]}, {"abbreviation": "ST", "topics": ["menning", "skilningur", "tj\u00e1ning"]}, {"abbreviation": "SS", "topics": ["skilningur", "s\u00e9rh\u00e6fing", "tj\u00e1ning"]}, {"abbreviation": "FB", "topics": ["b\u00f3kmenntir", "fj\u00f6lmi\u00f0lar", "\u00feemavinna"]}, {"abbreviation": "VV", "topics": ["Verkefni a\u00f0 eigin vali"]}, {"abbreviation": "DA", "topics": ["dabla"]}, {"abbreviation": "DT", "topics": ["Danskt m\u00e1l og samf\u00e9lag 2"]}, {"abbreviation": "DM", "topics": ["D\u00f6nsk menning og samf\u00e9lag"]}, {"abbreviation": "NS", "topics": ["DANS2NS05"]}, {"abbreviation": "SV", "topics": ["menning og venjur", "samf\u00e9lag"]}, {"abbreviation": "DS", "topics": ["Samf\u00e9lag", "skilningur og skrif"]}, {"abbreviation": "FL", "topics": ["Danska: A\u00f0 flytja til Danmerkur"]}, {"abbreviation": "SN", "topics": ["Samskipti og n\u00fdsk\u00f6pun"]}, {"abbreviation": "LH", "topics": ["hlustun", "lestur", "ritun", "tala\u00f0 m\u00e1l"]}, {"abbreviation": "TR", "topics": ["hlustun", "lestur", "tala\u00f0 m\u00e1l"]}, {"abbreviation": "KF", "topics": ["Kristj\u00e1n 9. og arfleif\u00f0 hans"]}, {"abbreviation": "F\u00de", "topics": ["Fer\u00f0a\u00fej\u00f3nustu danska"]}, {"abbreviation": "LL", "topics": ["DANS"]}, {"abbreviation": "L\u00c6", "topics": ["L\u00e6si"]}, {"abbreviation": "SK", "topics": ["Sk\u00f6pun \u00ed v\u00ed\u00f0u samhengi"]}, {"abbreviation": "TF", "topics": ["Tj\u00e1ning og frambur\u00f0ur"]}, {"abbreviation": "AA", "topics": ["Almennur byrjunar \u00e1fangi"]}, {"abbreviation": "MM", "topics": ["M\u00e1l", "menning", "m\u00e1lfr\u00e6\u00f0i"]}, {"abbreviation": "SM", "topics": ["menning", "saga", "samf\u00e9lag"]}, {"abbreviation": "BK", "topics": ["Danske film og filmhistorie"]}, {"abbreviation": "AH", "topics": ["Davska 1. Hra\u00f0fer\u00f0"]}, {"abbreviation": "CC", "topics": ["Danska 3"]}, {"abbreviation": "CY", "topics": ["Danska. Yndislestur 1."]}, {"abbreviation": "DF", "topics": ["Danska Fer\u00f0a\u00e1fangi"]}, {"abbreviation": "DY", "topics": ["Danska yndislestur"]}, {"abbreviation": "OM", "topics": ["menning", "m\u00e1lfr\u00e6\u00f0i", "or\u00f0afor\u00f0i"]}, {"abbreviation": "GD", "topics": ["Grunn\u00e1fangi \u00ed d\u00f6nsku"]}, {"abbreviation": "BB", "topics": ["Danska \u00e1 fj\u00f6lbreyttan h\u00e1tt"]}, {"abbreviation": "BH", "topics": ["Danska \u00e1 fj\u00f6lbreyttan h\u00e1tt hra\u00f0fer\u00f0"]}, {"abbreviation": "BT", "topics": ["Tal\u00e1fangi", "t\u00e6nke - tale"]}, {"abbreviation": "CV", "topics": ["Danska \u00e1 annan veg"]}, {"abbreviation": "LS", "topics": ["Lestur", "Skrif og Skapandi Hugsun"]}, {"abbreviation": "KD", "topics": ["Kvikmyndir \u00ed Danm\u00f6rk"]}, {"abbreviation": "DK", "topics": ["Danm\u00f6rk og Kaupmannah\u00f6fn"]}, {"abbreviation": "DL", "topics": ["Daglegt l\u00edf. Tal", "hlustun", "or\u00f0afor\u00f0i og lestur", "ritun"]}, {"abbreviation": "OL", "topics": ["lestur", "m\u00e1lfr\u00e6\u00f0i", "m\u00e1lnotkun", "or\u00f0afor\u00f0i"]}, {"abbreviation": "TO", "topics": ["lestur", "m\u00e1lfr\u00e6\u00f0i", "or\u00f0afor\u00f0i", "tj\u00e1ning"]}, {"abbreviation": "LN", "topics": ["lestur", "m\u00e1lnotkun", "nor\u00f0urlandam\u00e1l", "or\u00f0afor\u00f0i"]}, {"abbreviation": "NL", "topics": ["lesskilningur", "m\u00e1lnotkun", "nor\u00f0urlandam\u00e1l", "or\u00f0afor\u00f0i"]}, {"abbreviation": "KH", "topics": ["Kaupmannah\u00f6fn"]}, {"abbreviation": "FR", "topics": ["Framhald"]}, {"abbreviation": "AU", "topics": ["Evr\u00f3pski tungum\u00e1laramminn danska B2 framhald"]}, {"abbreviation": "LB", "topics": ["Lesskilningur", "beiting m\u00e1lfr\u00e6\u00f0ireglna"]}, {"abbreviation": "MF", "topics": ["Menning", "fj\u00f6lmi\u00f0lal\u00e6si"]}, {"abbreviation": "SA", "topics": ["Skapandi samskipti"]}, {"abbreviation": "US", "topics": ["Or\u00f0afor\u00f0i", "hlustun og tala\u00f0 m\u00e1l (A1)", "lestur", "ritun", "undirst\u00f6\u00f0uatri\u00f0i \u00ed m\u00e1lfr\u00e6\u00f0i"]}], "_id": "50c0a02dd8e40575f7f6f4d1", "subjects": ["danska"], "counter": {"1": 25, "3": 11, "2": 46, "4": 0}}, "evaluation": "\u2022\t\u00deekking er metin me\u00f0 lokapr\u00f3fi, skriflegum k\u00f6nnunum og verkefnum sem b\u00e6\u00f0i eru unnin heima og \u00ed kennslustundum\n\u2022\tLeikni er metin me\u00f0 fj\u00f6lbreyttum verkefnum, munnlegum kynningum og k\u00f6nnunum sem taka mi\u00f0 af f\u00e6rni\u00fe\u00e1ttunum fj\u00f3rum samkv\u00e6mt Evr\u00f3psku tungum\u00e1lam\u00f6ppunni, tali, hlustun, lestri og ritun. \n\u2022\tLeikni og h\u00e6fni er metin me\u00f0 fj\u00f6lbreyttum verkefnum sem sett eru \u00ed Portfolio-m\u00f6ppu Lei\u00f0sagnarmat er gefi\u00f0 fyrir Portfolio og nemendur hvattir til a\u00f0 betrumb\u00e6ta vinnu s\u00edna. L\u00f6g\u00f0 er \u00e1hersla \u00e1 a\u00f0 nemendur s\u00fdni g\u00f3\u00f0 vinnubr\u00f6g\u00f0 og vanda\u00f0an fr\u00e1gang \n\u2022\tLokapr\u00f3f metur h\u00e6fni nemanda til a\u00f0 skilja \u00f3lesinn texta, ritunarf\u00e6rni og \u00feekkingu hans \u00e1 efni \u00e1fangans.\n", "categorization_suggestion": "FB", "embedded_topics": {"abbreviation": "AA", "topics": ["Almennur byrjunar \u00e1fangi"]}, "status": "approved by school", "description": "\u00deessi \u00e1fangi mi\u00f0ast vi\u00f0 B1 \u00ed sj\u00e1lfsmatsramma Evr\u00f3psku tungum\u00e1lam\u00f6ppunnar. \u00c1fanginn er \u00e1 \u00f6\u00f0ru \u00ferepi og unni\u00f0 ver\u00f0ur \u00ed a\u00f0 d\u00fdpka og byggja ofan \u00e1 \u00feekkingu, leikni og h\u00e6fni nemenda. Unni\u00f0 ver\u00f0ur me\u00f0 Portfolio m\u00f6ppuna, sj\u00f3nvarps- og myndefni, \u00feyngri texta, til d\u00e6mis bla\u00f0a- og t\u00edmaritsgreinar, \u00e1samt b\u00f3kmenntatextum. Fj\u00f6lbreyttar hlustunar\u00e6fingar svo sem vi\u00f0t\u00f6l, t\u00f3nlist, fr\u00e1sagnir og fleira. Notu\u00f0 ver\u00f0a b\u00e6\u00f0i einstaklingsverkefni og verkefni unnin \u00ed h\u00f3p, \u00e1samt leikjum til a\u00f0 d\u00fdpka n\u00e1msefni\u00f0 og auka fj\u00f6lbreytni. L\u00f6g\u00f0 er \u00e1hersla \u00e1 a\u00f0 textaval endurspegli kr\u00f6fur n\u00e1mskr\u00e1r um grunn\u00fe\u00e6tti menntunar. L\u00f6g\u00f0 er j\u00f6fn \u00e1hersla \u00e1 alla fj\u00f3ra f\u00e6rni\u00fe\u00e6ttina, tal, lestur, hlustun og ritun, b\u00e6\u00f0i \u00ed kennslu og n\u00e1msmati. ", "knowledge_goals": ["\u00feverfaglegum or\u00f0afor\u00f0a til markvissrar notkunar, b\u00e6\u00f0i munnlega og skriflega", "rithef\u00f0um \u00ed textasm\u00ed\u00f0i", "mismunandi afst\u00f6\u00f0u og t\u00falkun b\u00f3kmenntatexta og d\u00fdpri merkingu texta", "notkun hj\u00e1lpargagna, svo sem or\u00f0ab\u00f3ka, lei\u00f0r\u00e9ttingaforrita auk \u00fdmissa hj\u00e1lpargagna \u00e1 netinu", "m\u00e1lkerfinu til markvissrar notkunar, b\u00e6\u00f0i munnlega og skriflega"], "skills_goals": ["lesa mismunandi textager\u00f0ir; bla\u00f0agreinar, s\u00e9rh\u00e6f\u00f0a texta og b\u00f3kmenntatexta", "beita \u00feeim lestrara\u00f0fer\u00f0um sem vi\u00f0 eiga eftir ger\u00f0 texta og vi\u00f0fangsefnis", "lesa mismunandi textager\u00f0ir; bla\u00f0agreinar, s\u00e9rh\u00e6f\u00f0a texta og b\u00f3kmenntatexta", "tj\u00e1 sig munnlega \u00e1 m\u00e1li sem h\u00e6fir a\u00f0st\u00e6\u00f0um hverju sinni", "tj\u00e1 sig skriflega b\u00e6\u00f0i \u00e1 formlegan og \u00f3formlegan h\u00e1tt", "nota reglur m\u00e1lkerfisins tilt\u00f6lulega villulaust", "skilja a\u00f0alatri\u00f0i venjulegs talm\u00e1ls um kunnuglegt efni", "skilja \u00ed gr\u00f3fum dr\u00e1ttum a\u00f0alatri\u00f0i \u00ed \u00fatvarps- og sj\u00f3nvarps\u00fe\u00e1ttum", "skilja l\u00fdsingar \u00e1 atbur\u00f0um, tilfinningum og \u00f3skum annarra"], "credits": 5, "last_modified": 1430833974.836527, "schools": ["51234a818caa45ed97015b35"], "coauthors": null, "instructions": "", "continued_education": false, "level": 2, "prerequisites": "Nemandi hafi loki\u00f0 DANS 1CC05 e\u00f0a loki\u00f0 grunnsk\u00f3lapr\u00f3fi \u00ed d\u00f6nsku me\u00f0 einkunn A e\u00f0a B+.", "author": "41be24d4-5ecf-4d99-9661-f49f574e3dcc", "abbreviation_version": null, "competence_goals": [["tj\u00e1 sig munnlega um \u00fdmis vi\u00f0fangsefni og nota tilt\u00f6lulega fl\u00f3knar setningar og or\u00f0asamb\u00f6nd til a\u00f0 l\u00fdsa reynslu sinni, v\u00e6ntingum og framt\u00ed\u00f0ar\u00e1formum", ""], ["r\u00f6ksty\u00f0ja m\u00e1l sitt", ""], ["undirb\u00faa og segja \u00ed l\u00f6ngu m\u00e1li fr\u00e1 efni sem tengist n\u00e1msefninu, til d\u00e6mis s\u00f6gu sem hefur veri\u00f0 lesin, e\u00f0a kvikmynd", ""], ["taka \u00f3undirb\u00fainn \u00fe\u00e1tt \u00ed samr\u00e6\u00f0um um kunnugleg efni sem tengjast \u00e1hugam\u00e1lum, daglegu l\u00edfi og m\u00e1lefnum l\u00ed\u00f0andi stundar", ""], ["skrifa tilt\u00f6lulega fl\u00f3kinn og samfelldan texta um \u00fdmis m\u00e1lefni fr\u00e1  eigin brj\u00f3sti, til d\u00e6mis um m\u00e1lefni l\u00ed\u00f0andi stundar og li\u00f0na atbur\u00f0i, \u00e1hugam\u00e1l, \u00e1samt efni sem tengist vi\u00f0fangsefni kennslunnar", ""], ["lesa s\u00e9r til gagns tilt\u00f6lulega fl\u00f3kna texta, geta fundi\u00f0 uppl\u00fdsingar \u00ed hversdagslegu efni, bla\u00f0a- og t\u00edmaritsgreinum", ""], ["lesa og greina n\u00fat\u00edma b\u00f3kmenntatexta", ""], ["lesa texta sem innihalda a\u00f0allega algeng or\u00f0 \u00far daglegu l\u00edfi e\u00f0a or\u00f0afor\u00f0a sem tengist atvinnu", ""], ["leita s\u00e9r uppl\u00fdsinga me\u00f0 hj\u00e1lp uppl\u00fdsingat\u00e6kni og annarra hj\u00e1lpargagna \u00ed tungum\u00e1lan\u00e1mi", ""]], "_id": "5548cb3662933a2b9f000e11"}, {"exemplary": null, "topics": "Grunn\u00e1fangi \u00ed efnafr\u00e6\u00f0i", "abbreviation": "EFNA2GR03(FB)", "former_schools": null, "subject": "efnafr\u00e6\u00f0i", "title": "Efnafr\u00e6\u00f0i", "version": 38, "status_trans": "Sam\u00feykkt af sk\u00f3la", "embedded_subject": {"abbreviation": "EFNA", "topics": [{"abbreviation": "AE", "topics": ["almenn efnafr\u00e6\u00f0i"]}, {"abbreviation": "EF", "topics": ["efnafr\u00e6\u00f0i framhald"]}, {"abbreviation": "LR", "topics": ["l\u00edfr\u00e6n efnafr\u00e6\u00f0i"]}, {"abbreviation": "LE", "topics": ["l\u00edfefnafr\u00e6\u00f0i"]}, {"abbreviation": "DA", "topics": ["framhald", "\u00f3l\u00edfr\u00e6n efnafr\u00e6\u00f0i"]}, {"abbreviation": "DL", "topics": ["framhald \u00ed l\u00edfr\u00e6nni efnafr\u00e6\u00f0i og l\u00edfefnafr\u00e6\u00f0i"]}, {"abbreviation": "CL", "topics": ["l\u00edfr\u00e6n efnafr\u00e6\u00f0i og l\u00edfefnafr\u00e6\u00f0i"]}, {"abbreviation": "FH", "topics": ["almenn efnafr\u00e6\u00f0i", "grunn\u00e1fangi \u00ed efnafr\u00e6\u00f0i fyrir hug- og f\u00e9lagsv\u00edsindadeild"]}, {"abbreviation": "AM", "topics": ["at\u00f3m", "m\u00f3l og efnahv\u00f6rf. byrjunar\u00e1fangi \u00ed efnafr\u00e6\u00f0i \u00e1 n\u00e1tt\u00faruv\u00edsindabraut"]}, {"abbreviation": "EH", "topics": ["2. \u00e1fangi \u00ed efnafr\u00e6\u00f0i \u00e1 n\u00e1tt\u00faruv\u00edsindabraut", "efnatengi", "hra\u00f0i og orka"]}, {"abbreviation": "JL", "topics": ["3. \u00e1fangi \u00ed efnafr\u00e6\u00f0i \u00e1 n\u00e1tt\u00faruv\u00edsindabraut", "jafnv\u00e6gi", "lofttegundir", "oxun og afoxun"]}, {"abbreviation": "L\u00cd", "topics": ["l\u00edfr\u00e6n- og l\u00edfefnafr\u00e6\u00f0i"]}, {"abbreviation": "CA", "topics": ["almenn efnafr\u00e6\u00f0i", "\u00e1framhald"]}, {"abbreviation": "BA", "topics": ["almenn efnafr\u00e6\u00f0i", "framhald"]}, {"abbreviation": "AK", "topics": ["inngagnur a\u00f0 efnafr\u00e6\u00f0i"]}, {"abbreviation": "IE", "topics": ["inngangur a\u00f0 efnafr\u00e6\u00f0i"]}, {"abbreviation": "FE", "topics": ["framhalds\u00e1fangi \u00ed efnafr\u00e6\u00f0i"]}, {"abbreviation": "LV", "topics": ["lokaverkefni"]}, {"abbreviation": "RL", "topics": ["lotubundnir eiginleikar", "rafefnafr\u00e6\u00f0i og kjarnaefnafr\u00e6\u00f0i"]}, {"abbreviation": "KE", "topics": ["a\u00f0sto\u00f0 vi\u00f0 kennslu 1. bekkjar nema \u00e1 n\u00e1tt\u00faruv\u00edsindabraut. framhalds\u00e1fangi \u00ed efnafr\u00e6\u00f0i \u00e1 n\u00e1tt\u00faruv\u00edsindabraut"]}, {"abbreviation": "EA", "topics": ["byrjunar\u00e1fangi \u00ed efnafr\u00e6\u00f0i \u00e1 n\u00e1tt\u00faruv\u00edsindabraut", "efnasamb\u00f6nd og efnaj\u00f6fnur", "uppbygging at\u00f3ma"]}, {"abbreviation": "EM", "topics": ["efnahv\u00f6rf", "m\u00f3lstyrkur og orka"]}, {"abbreviation": "HE", "topics": ["efnaftengi", "hra\u00f0afr\u00e6\u00f0i og efnafr\u00e6\u00f0i lofttegunda"]}, {"abbreviation": "AA", "topics": ["byrjunar\u00e1fangi \u00ed efnafr\u00e6\u00f0i \u00e1 n\u00e1tt\u00farufr\u00e6\u00f0ibraut"]}, {"abbreviation": "XB", "topics": ["efnahv\u00f6rf", "framhalds\u00e1fangi \u00ed efnafr\u00e6\u00f0i"]}, {"abbreviation": "GE", "topics": ["gasl\u00f6gm\u00e1li\u00f0", "hra\u00f0i efnahvarfa", "orka \u00ed efnahv\u00f6rfum"]}, {"abbreviation": "LM", "topics": ["grunnhugt\u00f6k", "lotukerfi\u00f0", "m\u00f3lhugtaki\u00f0"]}, {"abbreviation": "JA", "topics": ["jafnv\u00e6gi", "\u00f3l\u00edfr\u00e6n efnafr\u00e6\u00f0i"]}, {"abbreviation": "EG", "topics": ["gasl\u00f6gm\u00e1li\u00f0", "hra\u00f0i og orka", "jafnv\u00e6gi", "orka \u00ed efnahv\u00f6rfum"]}, {"abbreviation": "LO", "topics": ["byrjunar\u00e1fangi \u00ed efnafr\u00e6\u00f0i \u00e1 n\u00e1tt\u00farufr\u00e6\u00f0ibraut", "efnasamb\u00f6nd og efnaj\u00f6fnur", "lotukerfi\u00f0", "m\u00f3lhugtaki\u00f0"]}, {"abbreviation": "RA", "topics": ["efnahv\u00f6rf", "rafefnafr\u00e6\u00f0i og kjarnaefnafr\u00e6\u00f0i"]}, {"abbreviation": "EE", "topics": ["at\u00f3m", "efnasamb\u00f6nd og efnahv\u00f6rf", "frumefni"]}, {"abbreviation": "FR", "topics": ["framhalds\u00e1fangi \u00ed almennri efnafr\u00e6\u00f0i"]}, {"abbreviation": "ZZ", "topics": ["Jafnv\u00e6gi", "lofttegundir", "oxun og afoxun"]}, {"abbreviation": "VG", "topics": ["efnatengi", "gastegundir", "lotubundnir eiginleikar frumefna", "l\u00f6gun sameinda", "millisameindakraftar", "rafeindaskipan", "varmaefnafr\u00e6\u00f0i"]}, {"abbreviation": "HJ", "topics": ["hra\u00f0afr\u00e6\u00f0i", "jafnv\u00e6gi", "rafnefnafr\u00e6\u00f0i", "varmaefnafr\u00e6\u00f0i"]}, {"abbreviation": "JR", "topics": ["hra\u00f0afr\u00e6\u00f0i", "jafnv\u00e6gi", "l\u00edfefnafr\u00e6\u00f0i", "l\u00edfr\u00e6n efnafr\u00e6\u00f0i", "millisameindakraftar", "rafefnafr\u00e6\u00f0i", "\u00f3rei\u00f0a og fr\u00edorka efnahvarfa"]}, {"abbreviation": "CB", "topics": ["L\u00edfr\u00e6n efnafr\u00e6\u00f0i"]}, {"abbreviation": "DB", "topics": ["L\u00edfefnafr\u00e6\u00f0i"]}, {"abbreviation": "RS", "topics": ["Rafefnafr\u00e6\u00f0i", "s\u00fdrur og basar"]}, {"abbreviation": "BB", "topics": ["Almenn efnafr\u00e6\u00f0i.  Framhald"]}, {"abbreviation": "AQ", "topics": ["Grunnatri\u00f0i efnafr\u00e6\u00f0innar"]}, {"abbreviation": "LT", "topics": ["L\u00f6gun sameinda og tengi"]}, {"abbreviation": "EJ", "topics": ["Efnajafnv\u00e6gi"]}, {"abbreviation": "RE", "topics": ["Almenn efnafr\u00e6\u00f0i", "l\u00edfefnafr\u00e6\u00f0i", "l\u00edfr\u00e6n efnafr\u00e6\u00f0i", "rafefnafr\u00e6\u00f0i"]}, {"abbreviation": "OL", "topics": ["\u00d3l\u00edfr\u00e6n efnafr\u00e6\u00f0i"]}, {"abbreviation": "ME", "topics": ["at\u00f3mi\u00f0", "efnaj\u00f6fnur", "efnatengi", "m\u00f3lreikningar"]}, {"abbreviation": "EL", "topics": ["efnahv\u00f6rf", "flokkun", "l\u00edfr\u00e6n efni", "nafnakerfi"]}, {"abbreviation": "OH", "topics": ["efnajafnv\u00e6gi", "hvarfhra\u00f0i", "orka", "oxun", "s\u00fdrur"]}, {"abbreviation": "VE", "topics": ["daufar s\u00fdrur", "leysnijafnv\u00e6gi", "oxun", "verklegar \u00e6fingar"]}, {"abbreviation": "ES", "topics": ["Efnaorka", "efnatengi", "lotukerfi", "l\u00f6gun sameinda"]}, {"abbreviation": "EO", "topics": ["efnaferli", "l\u00edfefni", "orkuvinnsluferli"]}, {"abbreviation": "LB", "topics": ["bygging", "efnaferli", "l\u00edfefni", "orkuvinnsluferli"]}, {"abbreviation": "OF", "topics": ["grunn\u00e1fangi \u00ed e\u00f0lis og efnafr\u00e6\u00f0i fyrir opna st\u00fadentsbraut og f\u00e9lagsfr\u00e6\u00f0abraut"]}, {"abbreviation": "GR", "topics": ["Grunn\u00e1fangi \u00ed efnafr\u00e6\u00f0i"]}, {"abbreviation": "AL", "topics": ["Uppbygging at\u00f3msins", "efnatengi", "lotukerfi\u00f0", "m\u00f3lhugtaki\u00f0"]}, {"abbreviation": "SN", "topics": ["efnafr\u00e6\u00f0i snyrtivara", "l\u00edfr\u00e6n efnafr\u00e6\u00f0i", "\u00d3l\u00edfr\u00e6n efnafr\u00e6\u00f0i"]}, {"abbreviation": "GA", "topics": ["Gasl\u00f6gm\u00e1l", "flokkar efnahvarfa", "hlutf\u00f6ll \u00ed efnahv\u00f6rfum", "hra\u00f0i efnahvarfa.", "hvarfavarmi"]}, {"abbreviation": "SB", "topics": ["Efnajafnv\u00e6gi", "fellingar", "rafefnafr\u00e6\u00f0i.", "s\u00fdrur og basar"]}], "_id": "50c0a02dd8e40575f7f6f4f3", "subjects": ["efnafr\u00e6\u00f0i"], "counter": {"1": 4, "3": 32, "2": 35, "4": 0}}, "evaluation": "Verkefni, tilraunask\u00fdrslur og pr\u00f3f sem taka mi\u00f0 af ofangreindum \u00feekkingar-, leikni- og h\u00e6fnivi\u00f0mi\u00f0um.", "categorization_suggestion": "FB", "embedded_topics": {"abbreviation": "GR", "topics": ["Grunn\u00e1fangi \u00ed efnafr\u00e6\u00f0i"]}, "status": "approved by school", "description": "Saga efnafr\u00e6\u00f0innar, \u00fer\u00f3un at\u00f3mkenningar, a\u00f0fer\u00f0afr\u00e6\u00f0i raunv\u00edsinda, at\u00f3m, sameindir, frumefni, efnasamb\u00f6nd, efnabl\u00f6ndur, efnahv\u00f6rf, bruni, rafgreining, \u00e1stand efna, \u00e1standsbreytingar, lausnir, lotukerfi\u00f0, s\u00e6tistala, r\u00f3teindir, rafeindir, at\u00f3mmassi, m\u00e1lmar og m\u00e1lmleysingjar, rafeindaskipan, \u00e1ttureglan, j\u00f3nir, form\u00falur efna, heiti efna, efnaj\u00f6fnur og stilling \u00feeirra, s\u00fdrustig, l\u00edfr\u00e6n efni, helstu flokkar l\u00edfr\u00e6nna efna, bruni l\u00edfr\u00e6nna efna, \u00fer\u00e1virk l\u00edfr\u00e6n efni, lofthj\u00fapur jar\u00f0ar, mengun, aukin gr\u00f3\u00f0urh\u00fasa\u00e1hrif, au\u00f0lindir jar\u00f0ar, ferskvatn, s\u00fart regn, s\u00fdrustig sj\u00e1var, m\u00e1lmar, neysla, hagv\u00f6xtur, vistspor, sj\u00e1lfb\u00e6rni. Leitast er vi\u00f0 a\u00f0 tengja sum vi\u00f0fangsefni \u00e1fangans vi\u00f0 sj\u00e1lfb\u00e6rni, heilbrig\u00f0i og velfer\u00f0.  ", "knowledge_goals": ["uppruna og s\u00f6gu efnafr\u00e6\u00f0innar", "a\u00f0fer\u00f0afr\u00e6\u00f0i raunv\u00edsinda", "uppbyggingu at\u00f3ma, sameinda og j\u00f3na", "flokkun efna \u00ed frumefni, efnasamb\u00f6nd og efnabl\u00f6ndur", "uppbyggingu lotukerfisins og hva\u00f0a uppl\u00fdsingar m\u00e1 lesa \u00far \u00fev\u00ed", "form\u00falum og heitum einfaldra efna", "efnahv\u00f6rfum og efnaj\u00f6fnum", "megineinkennum l\u00edfr\u00e6nna efna", "au\u00f0lindum jar\u00f0ar og n\u00fdtingu \u00feeirra", "helstu mengunarvandam\u00e1lum mannkyns og sj\u00e1lfb\u00e6rni"], "skills_goals": ["greina \u00e1 milli v\u00edsindalegra kenninga og \u00f3v\u00edsindalegra", "lesa uppl\u00fdsingar \u00fat \u00far lotukerfinu", "\u00fatsk\u00fdra uppbyggingu at\u00f3ma, sameinda og j\u00f3na", "flokka efni \u00ed frumefni, efnasamb\u00f6nd og efnabl\u00f6ndur", "t\u00falka efnaj\u00f6fnur, stilla \u00fe\u00e6r og setja \u00ed samhengi vi\u00f0 efnahv\u00f6rf", "\u00feekkja l\u00edfr\u00e6n efni og mikilv\u00e6gi \u00feeirra", "\u00fatsk\u00fdra mengunarvandam\u00e1l jar\u00f0arb\u00faa og hva\u00f0 er til r\u00e1\u00f0a", "gera einfaldar tilraunir og setja fram ni\u00f0urst\u00f6\u00f0ur og \u00e1lyktanir", "leita uppl\u00fdsinga \u00e1 netinu"], "credits": 3, "last_modified": 1430904811.333422, "schools": ["51234a818caa45ed97015b35"], "coauthors": null, "instructions": "", "continued_education": false, "level": 2, "prerequisites": "L\u00e6si, f\u00e6rni til a\u00f0 tj\u00e1 sig \u00ed ritu\u00f0u m\u00e1li, f\u00e6rni til a\u00f0 taka \u00e1byrg\u00f0 \u00e1 n\u00e1mi \u00ed framhaldssk\u00f3la.", "author": "eb770192-613d-4270-bca8-a912861651b0", "abbreviation_version": null, "competence_goals": [["\u00e1tta sig \u00e1 mikilv\u00e6gi efnafr\u00e6\u00f0i\u00feekkingar \u00ed n\u00fat\u00edmasamf\u00e9lagi", ""], ["r\u00f6kr\u00e6\u00f0a \u00e1litam\u00e1l er var\u00f0a mengun, loftslagsm\u00e1l og n\u00fdtingu n\u00e1tt\u00faruau\u00f0linda og setja \u00ed samhengi vi\u00f0 heilbrig\u00f0i og velfer\u00f0", ""], ["\u00e1tta sig \u00e1 mikilv\u00e6gi sj\u00e1lfb\u00e6rni", ""], ["\u00e1tta sig \u00e1 aflei\u00f0ingum endalauss hagvaxtar", ""]], "_id": "5549dfeb62933a2b9f001218"}, {"exemplary": null, "topics": "enska sem alheims m\u00e1l", "abbreviation": "ENSK3AL05(FB)", "former_schools": null, "subject": "enska", "title": "Enska sem alheims m\u00e1l", "version": 54, "status_trans": "Sam\u00feykkt af sk\u00f3la", "embedded_subject": {"abbreviation": "ENSK", "topics": [{"abbreviation": "GS", "topics": ["grunnatri\u00f0i", "samt\u00f6l"]}, {"abbreviation": "OO", "topics": ["or\u00f0ab\u00f3k", "or\u00f0afor\u00f0i"]}, {"abbreviation": "MM", "topics": ["myndas\u00f6gur", "myndb\u00f6nd"]}, {"abbreviation": "TL", "topics": ["lagatextar", "t\u00f3nlist"]}, {"abbreviation": "FR", "topics": ["ferilsverkefni", "ritunarverkefni"]}, {"abbreviation": "TS", "topics": ["myndm\u00e1l", "ritger\u00f0", "st\u00edlar", "textar"]}, {"abbreviation": "RH", "topics": ["hlustun", "m\u00e1lnotkun", "undirst\u00f6\u00f0uatri\u00f0i \u00ed ritun"]}, {"abbreviation": "SM", "topics": ["m\u00fas\u00edk og myndir 1950-70", "s\u00f6gur"]}, {"abbreviation": "BR", "topics": ["bretland"]}, {"abbreviation": "K\u00c1", "topics": ["kanada", "\u00e1stral\u00eda og n\u00fdja sj\u00e1land"]}, {"abbreviation": "SB", "topics": ["shakespeare og 19. \u00f6ldin \u00ed b\u00f3kmenntum"]}, {"abbreviation": "B\u00d3", "topics": ["b\u00f3kmenntir 20. aldar"]}, {"abbreviation": "KV", "topics": ["kvikmynda\u00e1fangi"]}, {"abbreviation": "AB", "topics": ["afr\u00edsk-amer\u00edskar b\u00f3kmenntir"]}, {"abbreviation": "U\u00c1", "topics": ["undirb\u00faningur", "\u00e1fangi"]}, {"abbreviation": "MT", "topics": ["m\u00e1lfr\u00e6\u00f0i", "tj\u00e1ning"]}, {"abbreviation": "MS", "topics": ["menning", "skapandi skrif"]}, {"abbreviation": "KR", "topics": ["kvikmyndir", "ritun"]}, {"abbreviation": "HR", "topics": ["heimildavinna", "ritger\u00f0ir"]}, {"abbreviation": "FF", "topics": ["fagm\u00e1l", "f\u00e9lagsv\u00edsinda"]}, {"abbreviation": "VE", "topics": ["enska", "vi\u00f0skipta"]}, {"abbreviation": "RE", "topics": ["enska", "raungreinar"]}, {"abbreviation": "BM", "topics": ["b\u00f3kmenntir", "m\u00e1lsaga"]}, {"abbreviation": "LB", "topics": ["b\u00f3kmenntir", "leik"]}, {"abbreviation": "UP", "topics": ["pr\u00f3f", "undirb\u00faningur"]}, {"abbreviation": "EN", "topics": ["enska fyrir fer\u00f0agreinar"]}, {"abbreviation": "FE", "topics": ["enska fyrir fer\u00f0a\u00fej\u00f3nustu"]}, {"abbreviation": "ST", "topics": ["evr\u00f3pski tungum\u00e1laramminn", "stig b1-b2"]}, {"abbreviation": "SE", "topics": ["evr\u00f3pski tungum\u00e1laramminn", "stig b2"]}, {"abbreviation": "ES", "topics": ["evr\u00f3pski tungum\u00e1laramminn", "stig b2-c1"]}, {"abbreviation": "EV", "topics": ["evr\u00f3pski tungum\u00e1laramminn", "stig c1"]}, {"abbreviation": "BF", "topics": ["b2", "evr\u00f3pski tungum\u00e1laramminn", "fer\u00f0a\u00fej\u00f3nuta"]}, {"abbreviation": "FH", "topics": ["evr\u00f3pski tungum\u00e1laramminn", "framhald", "stig c1"]}, {"abbreviation": "GR", "topics": ["grunn\u00e1fangi"]}, {"abbreviation": "FG", "topics": ["enska fyrir matv\u00e6lagreinar"]}, {"abbreviation": "LS", "topics": ["lestur", "m\u00e1lfr\u00e6\u00f0i", "or\u00f0afor\u00f0i", "skilningur"]}, {"abbreviation": "LT", "topics": ["lestur", "or\u00f0afor\u00f0i", "talm\u00e1l"]}, {"abbreviation": "BL", "topics": ["b\u00f3kmenntir", "lesskilningur", "ritun"]}, {"abbreviation": "BS", "topics": ["b\u00f3kmenntir", "menning", "saga"]}, {"abbreviation": "HA", "topics": ["hagn\u00fdtur or\u00f0afor\u00f0i. l\u00e6si \u00e1 fl\u00f3knari texta."]}, {"abbreviation": "OF", "topics": ["grunnor\u00f0afor\u00f0i fr\u00e6\u00f0a og v\u00edsinda.. menningarheimur nor\u00f0ur amer\u00edku"]}, {"abbreviation": "UN", "topics": ["undirb\u00fanings\u00e1fangi \u00ed ensku"]}, {"abbreviation": "LM", "topics": ["lestur og menning", "tj\u00e1ning"]}, {"abbreviation": "TM", "topics": ["menning", "tj\u00e1ning og skapandi skrif"]}, {"abbreviation": "MB", "topics": ["b\u00f3kmenntir", "menning og ritun"]}, {"abbreviation": "EX", "topics": ["extensive vocabulary and expression"]}, {"abbreviation": "ML", "topics": ["m\u00e1lnotkun og l\u00e6si"]}, {"abbreviation": "AA", "topics": ["akadem\u00edskur or\u00f0afor\u00f0i", "fj\u00f6lbreyttir textar", "fyrsti \u00e1fangi \u00ed ensku."]}, {"abbreviation": "YN", "topics": ["yndislestur"]}, {"abbreviation": "BB", "topics": ["akadem\u00edskur or\u00f0afor\u00f0i", "annar \u00e1fangi \u00ed ensku.", "fj\u00f6lbreyttir textar"]}, {"abbreviation": "FA", "topics": ["fagor\u00f0afor\u00f0i"]}, {"abbreviation": "AH", "topics": ["akadem\u00edskur or\u00f0afor\u00f0i", "fj\u00f6lbreyttir textar. hra\u00f0fer\u00f0 \u00ed ensku."]}, {"abbreviation": "BH", "topics": ["akadem\u00edskur or\u00f0afor\u00f0i", "fj\u00f6lbreyttir textar. \u00f6nnur hra\u00f0fer\u00f0 \u00ed ensku."]}, {"abbreviation": "EE", "topics": ["b\u00f3kmenntir", "fj\u00f6lmi\u00f0latextar."]}, {"abbreviation": "LR", "topics": ["lestur", "ritun", "tj\u00e1ning og hlustun"]}, {"abbreviation": "DD", "topics": ["b\u00f3kmenntir"]}, {"abbreviation": "M\u00c1", "topics": ["m\u00e1lfr\u00e6\u00f0i a"]}, {"abbreviation": "CC", "topics": ["b\u00f3kmenntir", "krefjandi or\u00f0afor\u00f0i", "ritun"]}, {"abbreviation": "CH", "topics": ["krefjandi or\u00f0afor\u00f0i"]}, {"abbreviation": "L\u00c9", "topics": ["l\u00e9ttlestur"]}, {"abbreviation": "OH", "topics": ["hlustun", "or\u00f0afor\u00f0i", "talm\u00e1l og ritun"]}, {"abbreviation": "LO", "topics": ["lesskilningur", "m\u00e1lfr\u00e6\u00f0i", "or\u00f0afor\u00f0i"]}, {"abbreviation": "MO", "topics": ["m\u00e1lfr\u00e6\u00f0i", "or\u00f0afor\u00f0i", "stig b1 \u00ed evr\u00f3pska tungum\u00e1larammanum"]}, {"abbreviation": "OB", "topics": ["b\u00f3kmenntir", "or\u00f0afor\u00f0i", "stig b2 \u00ed evr\u00f3pska tungum\u00e1larammanum"]}, {"abbreviation": "RB", "topics": ["b\u00f3kmenntir", "ritun"]}, {"abbreviation": "RL", "topics": ["lestur", "m\u00e1lfr\u00e6\u00f0i", "ritun og or\u00f0afor\u00f0i"]}, {"abbreviation": "SG", "topics": ["Lestur", "m\u00e1lfr\u00e6\u00f0i", "or\u00f0afor\u00f0i", "ritun", "tal"]}, {"abbreviation": "RM", "topics": ["Ritun", "b\u00f3kmenntir", "m\u00e1lnotkun"]}, {"abbreviation": "RO", "topics": ["Ritun", "b\u00f3kmenntir", "menning", "or\u00f0afor\u00f0i"]}, {"abbreviation": "SR", "topics": ["Menning", "akadem\u00edskur or\u00f0afor\u00f0i", "ritun", "saga"]}, {"abbreviation": "AE", "topics": ["Almenn akadem\u00edsk enska", "b\u00f3kmenntir", "ritun"]}, {"abbreviation": "SA", "topics": ["S\u00e9rh\u00e6f\u00f0 akadem\u00edsk enska", "b\u00f3kmenntir", "ritun"]}, {"abbreviation": "VR", "topics": ["V\u00edsindaor\u00f0afor\u00f0i", "raungreinar"]}, {"abbreviation": "VH", "topics": ["Vi\u00f0skipti", "erlend samskipti og vi\u00f0skiptah\u00e6ttir"]}, {"abbreviation": "AK", "topics": ["Kennsla", "a\u00f0sto\u00f0 vi\u00f0 nemendur", "ger\u00f0 kennsluefnis"]}, {"abbreviation": "DF", "topics": ["Kvikmyndir. Film Course."]}, {"abbreviation": "SK", "topics": ["enska fyrir fer\u00f0a\u00fej\u00f3nustu", "skapandi skrif"]}, {"abbreviation": "FT", "topics": ["lestur fr\u00e6\u00f0ilegra texta"]}, {"abbreviation": "VT", "topics": ["Lestur enskra vi\u00f0skiptatexta"]}, {"abbreviation": "RT", "topics": ["Lestur enskra raunv\u00edsindatexta"]}, {"abbreviation": "\u00cdT", "topics": ["Lestur \u00ed\u00fer\u00f3ttafr\u00e6\u00f0ilegra texta"]}, {"abbreviation": "TO", "topics": ["Tolkien"]}, {"abbreviation": "RI", "topics": ["Ritun"]}, {"abbreviation": "HL", "topics": ["Hlustun"]}, {"abbreviation": "UE", "topics": ["Undirb\u00fanings\u00e1fangi \u00ed ensku"]}, {"abbreviation": "UH", "topics": ["Undirb\u00faningur fyrir h\u00e1sk\u00f3lan\u00e1m"]}, {"abbreviation": "TJ", "topics": ["Tj\u00e1ning"]}, {"abbreviation": "OM", "topics": ["Or\u00f0afor\u00f0i", "m\u00e1lfr\u00e6\u00f0i", "m\u00e1lnotkun"]}, {"abbreviation": "TF", "topics": ["tj\u00e1ning og m\u00e1lnotkun"]}, {"abbreviation": "AM", "topics": ["Fr\u00e6\u00f0ilegur or\u00f0afor\u00f0i og Bandar\u00edkin"]}, {"abbreviation": "UK", "topics": ["Fr\u00e6\u00f0ilegur or\u00f0afor\u00f0i og Bretland"]}, {"abbreviation": "AC", "topics": ["Akadem\u00edskur or\u00f0afor\u00f0i og rauntextar"]}, {"abbreviation": "SL", "topics": ["Lestur", "menning og skrif"]}, {"abbreviation": "KK", "topics": ["Kvikmyndir og kynning"]}, {"abbreviation": "BA", "topics": ["L\u00fdsing: B\u00f3kmenntir 19. og 20.", "skrif og r\u00e6\u00f0uger\u00f0"]}, {"abbreviation": "OT", "topics": ["Or\u00f0afor\u00f0i", "ritun", "tj\u00e1ning"]}, {"abbreviation": "VM", "topics": ["V\u00edsindi og menning"]}, {"abbreviation": "BT", "topics": ["Bandar\u00edskt \u00fej\u00f3\u00f0f\u00e9lag og menning"]}, {"abbreviation": "MR", "topics": ["M\u00e1lfr\u00e6\u00f0i og ritun"]}, {"abbreviation": "LH", "topics": ["L\u00e6si \u00e1 fl\u00f3knari texta", "hagn\u00fdtur fj\u00f6lbreyttur or\u00f0afor\u00f0i"]}, {"abbreviation": "KB", "topics": ["Kvikmyndir", "b\u00f3kmenntir"]}, {"abbreviation": "OL", "topics": ["Lestur", "Menning", "M\u00e1lfr\u00e6\u00f0i", "Or\u00f0afor\u00f0i", "Ritun", "Tal"]}, {"abbreviation": "CL", "topics": ["Chic Literature and Women in Today\u2018s Society"]}, {"abbreviation": "CW", "topics": ["Creative Writing"]}, {"abbreviation": "OR", "topics": ["B\u00f3kmenntir (fj\u00f6lbreyttir textar)", "menning", "or\u00f0afor\u00f0i", "ranns\u00f3knir og ritun"]}, {"abbreviation": "OG", "topics": ["B\u00f3kmenntir", "lj\u00f3\u00f0agreining", "or\u00f0afor\u00f0i", "ritger\u00f0asm\u00ed\u00f0i og heimildavinna"]}, {"abbreviation": "BY", "topics": ["Lestur", "m\u00e1lfr\u00e6\u00f0i og m\u00e1lnotkun (byrjunar\u00e1fangi \u00ed ensku)", "ritun"]}, {"abbreviation": "DM", "topics": ["Enska Daglegt m\u00e1l"]}, {"abbreviation": "B\u00c1", "topics": ["b\u00f3kmenntir", "ritun", "tj\u00e1ning"]}, {"abbreviation": "HE", "topics": ["Hagn\u00fdt enska", "starfsbraut"]}, {"abbreviation": "RR", "topics": ["Enska \u00ed r\u00e6\u00f0u og riti"]}, {"abbreviation": "HO", "topics": ["Hagn\u00fdtur or\u00f0afor\u00f0i", "c1"]}, {"abbreviation": "FO", "topics": ["Fagor\u00f0afor\u00f0i og fer\u00f0am\u00e1l"]}, {"abbreviation": "EG", "topics": ["Enska 2 \u00e1 starfsbraut"]}, {"abbreviation": "SO", "topics": ["s\u00e9rh\u00e6f\u00f0ur or\u00f0afor\u00f0i"]}, {"abbreviation": "TR", "topics": ["Tj\u00e1ning", "or\u00f0afor\u00f0i", "ritun"]}, {"abbreviation": "\u00deS", "topics": ["\u00dej\u00f3nustust\u00f6rf"]}, {"abbreviation": "SF", "topics": ["Sagnfr\u00e6\u00f0i"]}, {"abbreviation": "T\u00d6", "topics": ["T\u00f6lvuleikir"]}, {"abbreviation": "JM", "topics": ["Fr\u00e1 hugmynd til \u00fatg\u00e1fu"]}, {"abbreviation": "MH", "topics": ["S\u00e9rh\u00e6f\u00f0 enska \u00ed myndlist og h\u00f6nnun"]}, {"abbreviation": "BO", "topics": ["B\u00f3kmenntir", "m\u00e1lfr\u00e6\u00f0i", "or\u00f0afor\u00f0i"]}, {"abbreviation": "VO", "topics": ["V\u00edsindatengdur or\u00f0afor\u00f0i"]}, {"abbreviation": "MV", "topics": ["M\u00e1lnotkun", "b\u00f3kmenntir", "vi\u00f0skipti"]}, {"abbreviation": "SV", "topics": ["m\u00e1lnotkun", "samf\u00e9lag", "vi\u00f0skipti"]}, {"abbreviation": "VI", "topics": ["m\u00e1lskilningur", "ritun", "vi\u00f0skiptaenska"]}, {"abbreviation": "EM", "topics": ["bresk menning", "b\u00f3kmenntir", "m\u00e1l"]}, {"abbreviation": "NV", "topics": ["v\u00edsindaenska"]}, {"abbreviation": "YL", "topics": ["Yndislestur"]}, {"abbreviation": "EH", "topics": ["Enska fyrir heilbrig\u00f0isgreinar"]}, {"abbreviation": "FV", "topics": ["F\u00e9lagsv\u00edsindi", "b\u00f3kmenntir"]}, {"abbreviation": "HK", "topics": ["Handrit", "kvikmyndager\u00f0"]}, {"abbreviation": "AO", "topics": ["Akadem\u00edskur or\u00f0afor\u00f0i"]}, {"abbreviation": "KS", "topics": ["Kvikmyndir og samf\u00e9lag"]}, {"abbreviation": "FB", "topics": ["Fantas\u00edub\u00f3kmenntir"]}, {"abbreviation": "MF", "topics": ["Menning og m\u00e1lfar"]}, {"abbreviation": "AF", "topics": ["Fantasy & Adventure"]}, {"abbreviation": "O\u00c1", "topics": ["Or\u00f0afor\u00f0i og \u00e1hugam\u00e1l"]}, {"abbreviation": "WP", "topics": ["Women of Centuries Past"]}, {"abbreviation": "GP", "topics": ["Girl Power"]}, {"abbreviation": "ME", "topics": ["Menning enskum\u00e6landi landa"]}, {"abbreviation": "GM", "topics": ["Dagleg m\u00e1lnotkun"]}, {"abbreviation": "H\u00c6", "topics": ["H\u00e6gfer\u00f0 I"]}, {"abbreviation": "HB", "topics": ["H\u00e6gfer\u00f0 II"]}, {"abbreviation": "ET", "topics": ["N\u00e1m og dv\u00f6l \u00ed \u00fatl\u00f6ndum. TOEFEL og SAT."]}, {"abbreviation": "MD", "topics": ["Undirb\u00fanings\u00e1fangi \u00ed ensku", "daglegt m\u00e1l", "m\u00e1lfr\u00e6\u00f0i", "starf \u00ed st\u00f3ri\u00f0ju."]}, {"abbreviation": "OD", "topics": ["Daglegt m\u00e1l", "m\u00e1lfr\u00e6\u00f0i", "or\u00f0afor\u00f0i"]}, {"abbreviation": "UF", "topics": ["Undirb\u00fainingur", "framhald"]}, {"abbreviation": "NL", "topics": ["N\u00fdsk\u00f6pun", "b\u00f3kmenntir", "listir"]}, {"abbreviation": "HT", "topics": ["Hlustun og tj\u00e1ning"]}, {"abbreviation": "LL", "topics": ["Lestur og lesskilningur"]}, {"abbreviation": "GO", "topics": ["Grunnor\u00f0afor\u00f0i"]}, {"abbreviation": "RS", "topics": ["Ritun og stafsetning"]}, {"abbreviation": "BC", "topics": ["Beonc\u00e9", "black history"]}, {"abbreviation": "VG", "topics": ["V\u00edsinda- og fagenska"]}, {"abbreviation": "BK", "topics": ["B\u00e6kur og kvikmyndir"]}, {"abbreviation": "FL", "topics": ["Fer\u00f0al\u00f6g og vi\u00f0fangsefni l\u00ed\u00f0andi stundar"]}, {"abbreviation": "XA", "topics": ["M\u00e1lskilningur", "lestur", "ritun og tj\u00e1ning"]}, {"abbreviation": "XB", "topics": ["M\u00e1lskilningur", "lestur", "ritun"]}, {"abbreviation": "XC", "topics": ["M\u00e1lskilningur", "lestur", "ritun og tal"]}, {"abbreviation": "HF", "topics": ["hagn\u00fdt enska (forn\u00e1m)"]}, {"abbreviation": "ER", "topics": ["enska \u00ed raunveruleikanum"]}, {"abbreviation": "FS", "topics": ["Fagenska \u00ed f\u00e9lagsv\u00edsindum"]}, {"abbreviation": "HS", "topics": ["Fagenska \u00ed vi\u00f0skiptum og hagfr\u00e6\u00f0i"]}, {"abbreviation": "N\u00c1", "topics": ["Fagenska \u00ed raunv\u00edsindum og t\u00e6kni"]}, {"abbreviation": "FM", "topics": ["Fagenska \u00ed fj\u00f6lmi\u00f0lum og marka\u00f0sfr\u00e6\u00f0i"]}, {"abbreviation": "TV", "topics": ["Fagenska \u00ed t\u00e6kni og v\u00edsindum"]}, {"abbreviation": "YE", "topics": ["Yndislestur \u00e1 ensku"]}, {"abbreviation": "GF", "topics": ["hlustun og tj\u00e1ning", "l\u00e6si", "ritun"]}, {"abbreviation": "UB", "topics": ["l\u00e6si", "ritun og hlustun", "tj\u00e1ning"]}, {"abbreviation": "\u00c1\u00c1", "topics": ["b\u00f3kmenntir", "f\u00e6rni", "lestur", "ritun"]}, {"abbreviation": "TT", "topics": ["Tungum\u00e1l", "T\u00f3mstundir"]}, {"abbreviation": "KT", "topics": ["Enska"]}, {"abbreviation": "WW", "topics": ["Enska 8 \u00e1 starfsbraut"]}, {"abbreviation": "AL", "topics": ["enska sem alheims m\u00e1l"]}], "_id": "50c0a02dd8e40575f7f6f488", "subjects": ["enska"], "counter": {"1": 71, "3": 53, "2": 55, "4": 1}}, "evaluation": "S\u00edmats\u00e1fangi. Pr\u00f3f (\u00fe.m.t. munnlegt pr\u00f3f og ritger\u00f0arpr\u00f3f) og verkefnum skv. kennslu\u00e1\u00e6tlun og taka virkan \u00fe\u00e1tt \u00ed \u00feemaverkefnum.", "categorization_suggestion": "FB", "embedded_topics": {"abbreviation": "AL", "topics": ["enska sem alheims m\u00e1l"]}, "status": "approved by school", "description": "\u00deessi \u00e1fangi mi\u00f0ast vi\u00f0 C1 \u00ed sj\u00e1lfsmatsramma Evr\u00f3psku tungum\u00e1lam\u00f6ppunnar. Meginmarkmi\u00f0 \u00e1fangans er a\u00f0 halda \u00e1fram a\u00f0 byggja upp sj\u00e1lfstraust nemenda gagnvart \u00f6llum f\u00e6rni\u00fe\u00e1ttum: lestri, ritun, tali og hlustun. Grundvallarn\u00e1msefni \u00e1fangans er fl\u00f3knari og s\u00e9rh\u00e6f\u00f0ari textar, einkum um enska tungu, \u00e1kve\u00f0in einkenni hennar, \u00fatbrei\u00f0slu og st\u00f6\u00f0u sem alheimsm\u00e1ls (global language). Fyrst og fremst  er n\u00fa beitt hra\u00f0lestri; einnig er unni\u00f0 me\u00f0 fr\u00e6\u00f0ilegan or\u00f0afor\u00f0a.  Tv\u00f6 b\u00f3kmenntaverk eru lesin \u00fear sem ger\u00f0ar eru kr\u00f6fur um enn d\u00fdpri umfj\u00f6llun, b\u00e6\u00f0i \u00ed r\u00e6\u00f0u og riti. \u00dej\u00e1lfun \u00ed talm\u00e1li fer fram \u00ed para- og h\u00f3pvinnu \u00e1samt h\u00f3pumr\u00e6\u00f0um. Nemendur vinna \u00feemaverkefni \u00ed h\u00f3pum sem tengjast menningu og s\u00f6gu enskum\u00e6landi \u00fej\u00f3\u00f0a og flytja einnig fyrirlestur um s\u00e9rvali\u00f0 efni innan \u00feess ramma. Hlustunarefni er byggt \u00e1 k\u00f6flum \u00far kvikmyndum og sj\u00f3nvarpsefni, b\u00e6\u00f0i fr\u00e9ttatengdu, fr\u00e6\u00f0ilegu og menningarlegu efni. \u00dear er reynt a\u00f0 kanna \u00f3l\u00edk afbrig\u00f0i m\u00e6lts m\u00e1ls eftir heimshlutum. R\u00edk \u00e1hersla er l\u00f6g\u00f0 \u00e1 sj\u00e1lfst\u00e6\u00f0 vinnubr\u00f6g\u00f0 nemenda \u00ed heiman\u00e1mi, \u00fear me\u00f0 skil \u00e1 ritger\u00f0um, og samvinnu nemenda \u00ed kennslustundum.", "knowledge_goals": ["almennum \u00fe\u00e1ttum \u00ed menningu \u00fej\u00f3\u00f0a \u00fear sem enska er t\u00f6lu\u00f0 sem fyrsta m\u00e1l", "\u00fatbrei\u00f0slu ensku \u00ed heiminum \u00ed dag og st\u00f6\u00f0u hennar sem alheims m\u00e1ls (global language)", "or\u00f0afor\u00f0a sem gerir honum kleift a\u00f0 tileinka s\u00e9r me\u00f0 g\u00f3\u00f0u m\u00f3ti lesefni \u00ed \u00e1framhaldandi n\u00e1mi e\u00f0a starfi", "hef\u00f0um sem eiga vi\u00f0 um tala\u00f0 m\u00e1l, t.d. mismunandi m\u00e1lsni\u00f0"], "skills_goals": ["skilja almennt tala\u00f0 m\u00e1l, b\u00e6\u00f0i skipulega og \u00f3skipulega framsett", "skilja vel s\u00e9rh\u00e6f\u00f0a texta \u00e1 svi\u00f0i sem hann \u00feekkir", "lesa s\u00e9r til \u00e1n\u00e6gju e\u00f0a uppl\u00fdsingar texta sem gera miklar kr\u00f6fur til lesandans hva\u00f0 var\u00f0ar or\u00f0afor\u00f0a, uppbyggingu, myndm\u00e1l og st\u00edlbr\u00f6g\u00f0", "nota ensku \u00e1 sveigjanlegan og \u00e1rangursr\u00edkan h\u00e1tt \u00ed samr\u00e6\u00f0um", "tj\u00e1 sig af \u00f6ryggi um margv\u00edsleg m\u00e1lefni, b\u00e6\u00f0i almenn og pers\u00f3nuleg", "beita ritm\u00e1li \u00ed mismunandi tilgangi, fr\u00e6\u00f0ilegum og pers\u00f3nulegum me\u00f0 st\u00edlbrig\u00f0um og m\u00e1lsni\u00f0i sem vi\u00f0 \u00e1 og m\u00e6tir h\u00e6fnivi\u00f0mi\u00f0um \u00ferepsins"], "credits": 5, "last_modified": 1520847086.914697, "schools": ["51234a818caa45ed97015b35"], "coauthors": null, "instructions": "", "continued_education": false, "level": 3, "prerequisites": "10 einingar \u00ed ensku \u00e1 2. \u00ferepi", "author": "41be24d4-5ecf-4d99-9661-f49f574e3dcc", "abbreviation_version": null, "competence_goals": [["n\u00fdta s\u00e9r fyrirlestra, umr\u00e6\u00f0ur og r\u00f6kr\u00e6\u00f0ur um efni sem hann hefur \u00feekkingu \u00e1", ""], ["skilja s\u00e9r til gagns \u00feegar fjalla\u00f0 er um fl\u00f3ki\u00f0 efni, fr\u00e6\u00f0ilegs og t\u00e6knilegs e\u00f0lis, b\u00e6\u00f0i \u00feegar tala\u00f0 er skipulega og \u00f3skipulega", ""], ["greina s\u00f6gulegt, f\u00e9lagslegt, menningarlegt e\u00f0a p\u00f3lit\u00edskt samhengi \u00ed texta, svo sem \u00ed b\u00f3kmenntaverkum og \u00f6\u00f0rum textum", ""], ["skilja almennt innihald \u00ed s\u00e9rfr\u00e6\u00f0itextum sem ekki tengjast endilega s\u00e9rsvi\u00f0i nemandans,  geta lagt gagnr\u00fdni\u00f0 mat \u00e1 texta", ""], ["beita ensku \u00e1n meirih\u00e1ttar vandkv\u00e6\u00f0a til a\u00f0 geta teki\u00f0 fullan \u00fe\u00e1tt \u00ed umr\u00e6\u00f0um og r\u00f6kr\u00e6\u00f0um \u00fear sem fjalla\u00f0 er um pers\u00f3nuleg, menningarleg, f\u00e9lagsleg og fj\u00f6lmenningarleg efni", ""], ["geta flutt vel uppbygg\u00f0a fr\u00e1s\u00f6gn, kynningu e\u00f0a greinarger\u00f0 og brug\u00f0ist vi\u00f0 fyrirspurnum", ""], ["geta l\u00fdst sk\u00fdrt og greinilega fl\u00f3knum hlutum og dregi\u00f0 saman \u00ed vi\u00f0eigandi ni\u00f0urst\u00f6\u00f0ur \u00e1 svi\u00f0i sem hann \u00feekkir vel", ""], ["beita rithef\u00f0um sem vi\u00f0 eiga \u00ed textager\u00f0, m.a. um inngang me\u00f0 efnisyr\u00f0ingu, meginm\u00e1l me\u00f0 vel afm\u00f6rku\u00f0um efnisgreinum og ni\u00f0urlag", ""], ["vinna \u00far \u00fdmsum uppl\u00fdsingaveitum og fella saman \u00ed eina heild samkv\u00e6mt \u00feeim hef\u00f0um sem gilda um heimildavinnu", ""], ["skrifa skilmerkilegan og vel uppbygg\u00f0an texta sem tekur mi\u00f0 af \u00fev\u00ed hver lesandinn er", ""], ["skrifa texta me\u00f0 r\u00f6ksemdaf\u00e6rslu \u00fear sem fram koma r\u00f6k me\u00f0 og \u00e1 m\u00f3ti og \u00feau vegin og metin", ""]], "_id": "5aa648ee110a18047400b8fd"}, {"exemplary": null, "topics": "Sj\u00f3narhorn f\u00e9lagsfr\u00e6\u00f0innar, einstaklingur og samf\u00e9lag", "abbreviation": "F\u00c9LV1SF06(FB)", "former_schools": null, "subject": "f\u00e9lagsv\u00edsindi", "title": "F\u00e9lagsv\u00edsindi", "version": 14, "status_trans": "Sam\u00feykkt af sk\u00f3la", "embedded_subject": {"abbreviation": "F\u00c9LV", "topics": [{"abbreviation": "IF", "topics": ["inngangur a\u00f0 f\u00e9lagsv\u00edsindum"]}, {"abbreviation": "AF", "topics": ["a\u00f0fer\u00f0ir f\u00e9lagsv\u00edsinda"]}, {"abbreviation": "LV", "topics": ["lokaverkefni"]}, {"abbreviation": "SJ", "topics": ["sj\u00f3narhorn f\u00e9lagsv\u00edsinda"]}, {"abbreviation": "\u00deF", "topics": ["\u00fer\u00f3un f\u00e9lagsv\u00edsinda"]}, {"abbreviation": "US", "topics": ["f\u00e9lagsfr\u00e6\u00f0i", "s\u00e1lfr\u00e6\u00f0i", "uppeldisfr\u00e6\u00f0i", "\u00fer\u00f3un f\u00e9lagsv\u00edsinda"]}, {"abbreviation": "KF", "topics": ["f\u00e9lagsv\u00edsindagreinar", "v\u00edsindaleg vinnubr\u00f6g\u00f0", "yfirlit"]}, {"abbreviation": "UF", "topics": ["Undirb\u00faningur a\u00f0 f\u00e9lagsv\u00edsindum"]}, {"abbreviation": "ST", "topics": ["Stj\u00f3rnm\u00e1lafr\u00e6\u00f0i"]}, {"abbreviation": "FF", "topics": ["F\u00e9lags- og fj\u00f6lmi\u00f0lafr\u00e6\u00f0i"]}, {"abbreviation": "FF", "topics": ["F\u00e9lags- og fj\u00f6lmi\u00f0lafr\u00e6\u00f0i"]}, {"abbreviation": "FF", "topics": ["F\u00e9lags- og fj\u00f6lmi\u00f0lafr\u00e6\u00f0i"]}, {"abbreviation": "KA", "topics": ["Kenningar og a\u00f0fer\u00f0ir \u00ed f\u00e9lagsv\u00edsindum"]}, {"abbreviation": "JK", "topics": ["Jafnr\u00e9tti", "kynjafr\u00e6\u00f0i"]}, {"abbreviation": "SF", "topics": ["Sj\u00f3narhorn f\u00e9lagsfr\u00e6\u00f0innar", "einstaklingur og samf\u00e9lag"]}], "_id": "50c0a02dd8e40575f7f6f49a", "subjects": ["f\u00e9lagsv\u00edsindi"], "counter": {"1": 13, "3": 4, "2": 5, "4": 0}}, "evaluation": "\u00deekking er metin me\u00f0 lokapr\u00f3fi, stuttum t\u00edmapr\u00f3fum og h\u00f3pa- og einstaklingsverkefnum sem b\u00e6\u00f0i eru unnin \u00ed t\u00edmum og heima.\n\nLeiknin er metin \u00fat fr\u00e1 skilningi \u00e1 lesnum texta, tengslum n\u00e1msefnis vi\u00f0 rita\u00f0a texta nemanda og almennum vinnubr\u00f6g\u00f0um \u00ed t\u00edmum og \u00ed heimaverkefnum.  \n\nH\u00e6fnin er metin \u00fat fr\u00e1 \u00fe\u00e1ttt\u00f6ku og \u00e1rangri \u00ed h\u00f3paverkefnum, samr\u00e6\u00f0um, r\u00f6kr\u00e6\u00f0um og sko\u00f0anaskiptum vi\u00f0 jafningja og kennara og hvernig nemendum gengur a\u00f0 mi\u00f0la efni  til jafningja sinna.\n", "categorization_suggestion": "FB", "embedded_topics": {"abbreviation": "SF", "topics": ["Sj\u00f3narhorn f\u00e9lagsfr\u00e6\u00f0innar", "einstaklingur og samf\u00e9lag"]}, "status": "approved by school", "description": "\u00cd \u00e1fanganum eru grunneiningar samf\u00e9lagsins sko\u00f0a\u00f0ar \u00fat fr\u00e1 sj\u00f3narhorni f\u00e9lagsv\u00edsinda. Nemendur kynna s\u00e9r f\u00e9lagslega \u00fe\u00e6tti sem hafa \u00e1hrif \u00e1 einstaklinginn, umhverfi hans og sko\u00f0a\u00f0 hvernig einstaklingurinn sj\u00e1lfur getur haft \u00e1hrif \u00e1 samf\u00e9lagi\u00f0. Einnig er l\u00f6g\u00f0 \u00e1hersla \u00e1 a\u00f0 nemendur d\u00fdpki skilning sinn \u00e1 skipulagi \u00ed eigin samf\u00e9lagi og annarra svo \u00feeir ver\u00f0i f\u00e6rir um a\u00f0 taka virkan \u00fe\u00e1tt \u00ed samf\u00e9lagslegum umr\u00e6\u00f0um og geti mynda\u00f0 s\u00e9r eigin sko\u00f0anir me\u00f0  gagnr\u00fdni\u00f0 vi\u00f0horf a\u00f0 lei\u00f0arlj\u00f3si.", "knowledge_goals": ["algengustu hugt\u00f6kum \u00ed f\u00e9lagsv\u00edsindum", "fj\u00f6lskyldunni og umhverfi hennar, tilgangi f\u00e9lagslegra festa og helstu \u00e1hrifavalda \u00ed f\u00e9lagsm\u00f3tun einstaklingsins", "mismunandi samf\u00e9lagsger\u00f0um, \u00f3l\u00edkum tr\u00faarbr\u00f6g\u00f0um og ford\u00f3mum", "grunnhugt\u00f6kum stj\u00f3rnm\u00e1lafr\u00e6\u00f0innar, s.s. l\u00fd\u00f0r\u00e6\u00f0i, valdi, \u00fer\u00edskiptingu r\u00edkisvaldsins og h\u00e6gri/vinstri kvar\u00f0anum", "\u00edslenskum vinnumarka\u00f0i og umhverfi hans", "mismunandi tegundum ofbeldis"], "skills_goals": ["beita algengustu hugt\u00f6kum f\u00e9lagsv\u00edsinda", "skilja tilgang f\u00e9lagslegra festa \u00ed samf\u00e9laginu, greina st\u00f6\u00f0u s\u00edna innan samf\u00e9lagsins og \u00feau \u00e1hrif sem einstaklingurinn hefur \u00e1 umhverfi sitt", "gera s\u00e9r grein fyrir einkennum og \u00fer\u00f3un \u00f3l\u00edkra samf\u00e9lagsger\u00f0a og tr\u00faarbrag\u00f0a auk \u00feess a\u00f0 vera me\u00f0vita\u00f0ur um birtingarmynd ford\u00f3ma", "geta sett fram ni\u00f0urst\u00f6\u00f0ur b\u00e6\u00f0i munnlega og skriflega \u00e1 skilmerkilegan h\u00e1tt"], "credits": 6, "last_modified": 1432070101.766726, "schools": ["51234a818caa45ed97015b35"], "coauthors": null, "instructions": "", "continued_education": false, "level": 1, "prerequisites": "", "author": "41be24d4-5ecf-4d99-9661-f49f574e3dcc", "abbreviation_version": null, "competence_goals": [["geta tj\u00e1\u00f0 sig um samf\u00e9lagsleg \u00e1litam\u00e1l \u00e1 skipulag\u00f0an og gagnr\u00fdnin h\u00e1tt", ""], ["gera s\u00e9r grein fyrir samspili \u00feekkingar, umbur\u00f0arlyndis og ford\u00f3ma", ""], ["geta a\u00f0 einhverju leyti sett sig \u00ed spor \u00feeirra sem b\u00faa vi\u00f0 annan veruleika en einstaklingurinn sj\u00e1lfur", ""], ["geta teki\u00f0 \u00e1byrg\u00f0 \u00e1 eigin n\u00e1mi, beitt \u00f6gu\u00f0um vinnubr\u00f6g\u00f0um, meti\u00f0 heimildir og uppl\u00fdsingar \u00ed f\u00e9lagsv\u00edsindum og unni\u00f0 \u00ed samstarfi me\u00f0 \u00f6\u00f0rum", ""]], "_id": "555ba7d562933a031300125e"}, {"exemplary": null, "topics": "Grunn\u00e1fangi \u00ed L\u00edffr\u00e6\u00f0i", "abbreviation": "L\u00cdFF1GL03(FB)", "former_schools": null, "subject": "l\u00edffr\u00e6\u00f0i", "title": "Grunn\u00e1fangi \u00ed l\u00edffr\u00e6\u00f0i", "version": 11, "status_trans": "Sam\u00feykkt af sk\u00f3la", "embedded_subject": {"abbreviation": "L\u00cdFF", "topics": [{"abbreviation": "MA", "topics": ["ma\u00f0urinn"]}, {"abbreviation": "LR", "topics": ["l\u00edfr\u00edki\u00f0"]}, {"abbreviation": "LE", "topics": ["l\u00edfe\u00f0lisfr\u00e6\u00f0i"]}, {"abbreviation": "LL", "topics": ["l\u00edfe\u00f0lisfr\u00e6\u00f0i", "l\u00edff\u00e6rafr\u00e6\u00f0i"]}, {"abbreviation": "EF", "topics": ["erf\u00f0afr\u00e6\u00f0i"]}, {"abbreviation": "VF", "topics": ["vistfr\u00e6\u00f0i"]}, {"abbreviation": "GR", "topics": ["grunn\u00e1fangi \u00ed l\u00edffr\u00e6\u00f0i fyrir n\u00e1tt\u00faruv\u00edsindabraut"]}, {"abbreviation": "GF", "topics": ["grunn\u00e1fangi \u00ed l\u00edffr\u00e6\u00f0i fyrir hug- og f\u00e9lagsv\u00edsindabraut"]}, {"abbreviation": "VE", "topics": ["verkefnal\u00edffr\u00e6\u00f0i"]}, {"abbreviation": "VI", "topics": ["vistfr\u00e6\u00f0in"]}, {"abbreviation": "L\u00cd", "topics": ["l\u00edfe\u00f0lisfr\u00e6\u00f0in"]}, {"abbreviation": "ER", "topics": ["erf\u00f0afr\u00e6\u00f0in"]}, {"abbreviation": "AT", "topics": ["atferlisfr\u00e6\u00f0i"]}, {"abbreviation": "\u00d6R", "topics": ["\u00f6rverufr\u00e6\u00f0i"]}, {"abbreviation": "AL", "topics": ["almenn l\u00edffr\u00e6\u00f0i"]}, {"abbreviation": "LV", "topics": ["lokaverkefni"]}, {"abbreviation": "HE", "topics": ["heilsa mannsins"]}, {"abbreviation": "FR", "topics": ["frumul\u00edffr\u00e6\u00f0i og erf\u00f0afr\u00e6\u00f0i"]}, {"abbreviation": "EL", "topics": ["almenn l\u00edffr\u00e6\u00f0i", "eiginleikar l\u00edfvera"]}, {"abbreviation": "\u00cdS", "topics": ["l\u00edfr\u00edki \u00edslands"]}, {"abbreviation": "VB", "topics": ["bein", "hreyfingarfr\u00e6\u00f0i", "l\u00edff\u00e6rafr\u00e6\u00f0i", "v\u00f6\u00f0var"]}, {"abbreviation": "L\u00de", "topics": ["l\u00edfe\u00f0lisfr\u00e6\u00f0i", "\u00fej\u00e1lffr\u00e6\u00f0i"]}, {"abbreviation": "FA", "topics": ["almenn l\u00edffr\u00e6\u00f0i", "flokkunarfr\u00e6\u00f0i", "frumul\u00edffr\u00e6\u00f0i"]}, {"abbreviation": "VV", "topics": ["Vistfr\u00e6\u00f0i", "vettvangsfer\u00f0ir"]}, {"abbreviation": "LF", "topics": ["L\u00edff\u00e6ri og l\u00edffe\u00f0lisfr\u00e6\u00f0i"]}, {"abbreviation": "UM", "topics": ["Umhverfisfr\u00e6\u00f0i"]}, {"abbreviation": "L\u00c6", "topics": ["l\u00edff\u00e6ra og l\u00edfe\u00f0lisfr\u00e6\u00f0i"]}, {"abbreviation": "GL", "topics": ["Grunn\u00e1fangi \u00ed L\u00edffr\u00e6\u00f0i"]}, {"abbreviation": "VU", "topics": ["vist- og umhverfisfr\u00e6\u00f0i"]}, {"abbreviation": "GD", "topics": ["Grunn\u00e1fangi \u00ed d\u00fdrafr\u00e6\u00f0i", "pl\u00f6ntufr\u00e6\u00f0i"]}, {"abbreviation": "FE", "topics": ["Frumur", "l\u00edkaminn og erf\u00f0ir"]}, {"abbreviation": "UV", "topics": ["Vist-og umhverfisfr\u00e6\u00f0i"]}, {"abbreviation": "LM", "topics": ["L\u00edffr\u00e6\u00f0i mannsins", "efnaskipti og l\u00edff\u00e6rakerfi", "frumur"]}, {"abbreviation": "E\u00de", "topics": ["Erf\u00f0afr\u00e6\u00f0i og \u00fer\u00f3unarfr\u00e6\u00f0i"]}, {"abbreviation": "FL", "topics": ["flokkunarfr\u00e6\u00f0i"]}, {"abbreviation": "ST", "topics": ["Stj\u00f6rnul\u00edfffr\u00e6\u00f0i"]}, {"abbreviation": "V\u00cd", "topics": ["V\u00edsindaleg a\u00f0fer\u00f0 - verkefnal\u00edffr\u00e6\u00f0i"]}, {"abbreviation": "PD", "topics": ["almenn l\u00edffr\u00e6\u00f0i", "d\u00fdr", "pl\u00f6ntur", "\u00f6rverur"]}, {"abbreviation": "AA", "topics": ["Almenn l\u00edffr\u00e6\u00f0i"]}, {"abbreviation": "BB", "topics": ["Almenn l\u00edfe\u00f0lisfr\u00e6\u00f0i"]}, {"abbreviation": "AH", "topics": ["Almenn l\u00edffr\u00e6\u00f0i - hra\u00f0fer\u00f0"]}, {"abbreviation": "BA", "topics": ["Atferlisfr\u00e6\u00f0i"]}, {"abbreviation": "BV", "topics": ["Vistfr\u00e6\u00f0i"]}, {"abbreviation": "CE", "topics": ["Erf\u00f0afr\u00e6\u00f0i"]}, {"abbreviation": "CL", "topics": ["L\u00edff\u00e6ra- og l\u00edfe\u00f0lisfr\u00e6\u00f0i"]}, {"abbreviation": "C\u00d6", "topics": ["\u00d6rverufr\u00e6\u00f0i"]}, {"abbreviation": "DL", "topics": ["L\u00edff\u00e6ra og l\u00edfe\u00f0lisfr\u00e6\u00f0i"]}, {"abbreviation": "DV", "topics": ["Verkefna\u00e1fangi"]}, {"abbreviation": "BU", "topics": ["Umhverfisfr\u00e6\u00f0i."]}, {"abbreviation": "AG", "topics": ["Almenn l\u00edffr\u00e6\u00f0i", "grunn\u00e1fangi \u00e1 n\u00e1tt\u00farufr\u00e6\u00f0ibraut"]}, {"abbreviation": "XY", "topics": ["L\u00edffr\u00e6\u00f0i"]}, {"abbreviation": "LA", "topics": ["Almenn", "l\u00edffr\u00e6\u00f0i"]}, {"abbreviation": "VL", "topics": ["Verkefnal\u00edffr\u00e6\u00f0i"]}, {"abbreviation": "RI", "topics": ["Sj\u00e1lfst\u00e6tt ranns\u00f3knaverkefni \u00ed l\u00edffr\u00e6\u00f0i", "val\u00e1fangi \u00e1 n\u00e1tt\u00farufr\u00e6\u00f0ibraut"]}, {"abbreviation": "D\u00dd", "topics": ["D\u00fdrafr\u00e6\u00f0i", "val\u00e1fangi \u00e1 n\u00e1tt\u00farufr\u00e6\u00f0ibraut"]}, {"abbreviation": "VS", "topics": ["V\u00edsindask\u00e1ldskapur"]}, {"abbreviation": "LK", "topics": ["l\u00edff\u00e6rakerfi mannsins", "l\u00edkamsstarfssemi"]}, {"abbreviation": "SE", "topics": ["breytingar \u00e1 erf\u00f0aefni", "pr\u00f3teinmyndun", "sameindaerf\u00f0afr\u00e6\u00f0i"]}, {"abbreviation": "N\u00c6", "topics": ["aukefni", "n\u00e6ringar\u00fearfir", "orku- og n\u00e6ringarefni"]}, {"abbreviation": "B\u00d6", "topics": ["bakter\u00edur", "helstu vinnubr\u00f6g\u00f0", "\u00f6rverur almennt"]}, {"abbreviation": "LO", "topics": ["Grunn\u00e1fangi \u00ed l\u00edffr\u00e6\u00f0i fyrir opna st\u00fadentsbraut og f\u00e9lagsfr\u00e6\u00f0abraut"]}, {"abbreviation": "UF", "topics": ["Vistfr\u00e6\u00f0i me\u00f0 \u00e1herslu \u00e1 umhverfi nemenda \u00ed v\u00ed\u00f0u samhengi"]}, {"abbreviation": "F\u00de", "topics": ["Frumul\u00edffr\u00e6\u00f0i", "kynfr\u00e6\u00f0sla", "\u00e6xlun og \u00feroskun"]}, {"abbreviation": "ML", "topics": ["", "Menn", "l\u00edfverur"]}, {"abbreviation": "G\u00c1", "topics": ["Grunn\u00e1fangi"]}, {"abbreviation": "E\u00d0", "topics": ["L\u00edfe\u00f0lisfr\u00e6\u00f0i", "frumul\u00edffr\u00e6\u00f0i"]}, {"abbreviation": "HV", "topics": ["Heilsa og vell\u00ed\u00f0an"]}], "_id": "50c0a02dd8e40575f7f6f4ca", "subjects": ["l\u00edffr\u00e6\u00f0i"], "counter": {"1": 10, "3": 32, "2": 50, "4": 2}}, "evaluation": "N\u00e1msmat tekur mi\u00f0 af \u00feekkingar-, leikni- og h\u00e6fnivi\u00f0mi\u00f0um \u00e1fangans og samanstendur af fj\u00f6lbreyttum verkefnum, sk\u00fdrslum, hlutapr\u00f3fum og lokapr\u00f3fi.", "categorization_suggestion": "FB", "embedded_topics": {"abbreviation": "GL", "topics": ["Grunn\u00e1fangi \u00ed L\u00edffr\u00e6\u00f0i"]}, "status": "approved by school", "description": "\u00cd \u00feessum grunn\u00e1fanga \u00ed l\u00edffr\u00e6\u00f0i er fjalla\u00f0 um manninn sem l\u00edfveru, samskipti hans vi\u00f0 a\u00f0rar l\u00edfverur, \u00e1hrif mannsins \u00e1 umhverfi\u00f0 og sj\u00e1lfb\u00e6rni. L\u00edffr\u00e6\u00f0i er tengd daglegu l\u00edfi og \u00e1hugasvi\u00f0i ungs f\u00f3lks. Efnisflokkar: L\u00edffr\u00e6\u00f0in sem fr\u00e6\u00f0igrein, v\u00edsindaleg a\u00f0fer\u00f0. Helstu sameiginleg einkenni l\u00edfvera. Ger\u00f0, bygging og starfsemi mannsl\u00edkamans (frumur, l\u00edff\u00e6ri, l\u00edff\u00e6rakerfi). Kynning \u00e1 erf\u00f0afr\u00e6\u00f0i og erf\u00f0at\u00e6kni. Yfirlit um l\u00edfveruh\u00f3pa me\u00f0 \u00e1herslu \u00e1 hvernig ma\u00f0urinn hefur gagn e\u00f0a ska\u00f0a af mismunandi h\u00f3pum. Vistkerfi, f\u00e6\u00f0uke\u00f0jur, stofnar, samf\u00e9l\u00f6g. \u00c1hrif mannsins \u00e1 umhverfi\u00f0 fyrr og n\u00fa, umhverfism\u00e1l og sj\u00e1lfb\u00e6r \u00fer\u00f3un. Verklegar \u00e6fingar og verkefni mi\u00f0a a\u00f0 \u00fev\u00ed a\u00f0 virkja nemendur, d\u00fdpka \u00feekkingu, auka reynslu og kveikja \u00e1huga \u00e1 vi\u00f0fangsefnum l\u00edffr\u00e6\u00f0innar.", "knowledge_goals": ["grundvallarhugt\u00f6kum l\u00edffr\u00e6\u00f0innar", "v\u00edsindalegri a\u00f0fer\u00f0", "starfsemi og heilbrig\u00f0i mannsl\u00edkamans, erf\u00f0um, samspili \u00ed vistkerfum, helstu einkennum l\u00edfvera og l\u00edfveruh\u00f3pa", "hva\u00f0a gagn og ska\u00f0a ma\u00f0urinn hefur af hinum \u00fdmsu l\u00edfverum", "\u00e1hrifum mannsins \u00e1 umhverfi\u00f0 og lei\u00f0um til sj\u00e1lfb\u00e6rni"], "skills_goals": ["undirb\u00faa sm\u00e1sj\u00e1rs\u00fdni og sko\u00f0a s\u00fdni \u00ed sm\u00e1sj\u00e1", "setja fram tilg\u00e1tur og pr\u00f3fa \u00fe\u00e6r me\u00f0 einf\u00f6ldum tilraunum", "lesa l\u00edffr\u00e6\u00f0ilegan texta, t\u00falka einfaldar myndir og leysa verkefni tengd n\u00e1msefninu", "setja manninn \u00ed samhengi vi\u00f0 n\u00e1tt\u00faru og umhverfi", "\u00fatsk\u00fdra tengsl n\u00e1msefnins vi\u00f0 heilbrigt l\u00edf og sj\u00e1lfb\u00e6ra \u00fer\u00f3un"], "credits": 3, "last_modified": 1430834601.732067, "schools": ["51234a818caa45ed97015b35"], "coauthors": null, "instructions": "", "continued_education": false, "level": 1, "prerequisites": "", "author": "eb770192-613d-4270-bca8-a912861651b0", "abbreviation_version": null, "competence_goals": [["beita skipulegum a\u00f0fer\u00f0um og skr\u00e1ningu vi\u00f0 \u00farlausnir verkefna", ""], ["leggja gr\u00f3ft mat \u00e1 uppl\u00fdsingar sem tengjast l\u00edffr\u00e6\u00f0ilegum vi\u00f0fangsefnum \u00ed samf\u00e9laginu \u00e1 gagnr\u00fdninn h\u00e1tt", ""], ["tengja \u00feekkingu \u00ed l\u00edffr\u00e6\u00f0i vi\u00f0 daglegt l\u00edf og afla s\u00e9r frekari \u00feekkingar \u00e1 l\u00edffr\u00e6\u00f0ilegum vi\u00f0fangsefnum", ""], ["taka uppl\u00fdstar \u00e1kvar\u00f0anir hva\u00f0 var\u00f0ar heilbrigt l\u00edf og umhverfis\u00e1hrif gj\u00f6r\u00f0a sinna", ""]], "_id": "5548cda962933a2b9f000e25"}, {"exemplary": null, "topics": "R\u00famfr\u00e6\u00f0i", "abbreviation": "ST\u00c6R2RM05(FB)", "former_schools": null, "subject": "st\u00e6r\u00f0fr\u00e6\u00f0i", "title": "St\u00e6r\u00f0fr\u00e6\u00f0i: R\u00famfr\u00e6\u00f0i, vigrar og hlutf\u00f6ll", "version": 112, "status_trans": "Sam\u00feykkt af sk\u00f3la", "embedded_subject": {"abbreviation": "ST\u00c6R", "topics": [{"abbreviation": "FN", "topics": ["fylkjareikningur", "l\u00ednuleg bestun", "netafr\u00e6\u00f0i"]}, {"abbreviation": "HR", "topics": ["heildun", "ra\u00f0ir", "runur", "r\u00famm\u00e1l sn\u00fa\u00f0s"]}, {"abbreviation": "DF", "topics": ["deildun", "f\u00f6ll", "markgildi"]}, {"abbreviation": "TD", "topics": ["deildaj\u00f6fnur", "tvinnt\u00f6lur"]}, {"abbreviation": "HV", "topics": ["hornaf\u00f6ll", "vigrar"]}, {"abbreviation": "T\u00c1", "topics": ["t\u00f6lfr\u00e6\u00f0i", "\u00e1lyktunart\u00f6lfr\u00e6\u00f0i"]}, {"abbreviation": "LT", "topics": ["l\u00edkindareikningur", "talningafr\u00e6\u00f0i", "t\u00f6lfr\u00e6\u00f0i"]}, {"abbreviation": "AT", "topics": ["algebra", "j\u00f6fnur", "talnafr\u00e6\u00f0i"]}, {"abbreviation": "AF", "topics": ["algebra", "f\u00f6ll", "gr\u00f6f"]}, {"abbreviation": "HM", "topics": ["h\u00e1t\u00ed\u00f0isdagar", "merkisdagar"]}, {"abbreviation": "GS", "topics": ["grunna\u00f0ger\u00f0ir"]}, {"abbreviation": "VG", "topics": ["grunna\u00f0ger\u00f0ir", "ver\u00f0\u00fatreikningar"]}, {"abbreviation": "MU", "topics": ["m\u00e6lieiningar", "uppskriftir"]}, {"abbreviation": "HP", "topics": ["heimilisinnkaup"]}, {"abbreviation": "RD", "topics": ["d\u00e6mareikningur", "r\u00f6khugsun"]}, {"abbreviation": "VK", "topics": ["keilusni\u00f0", "vigrar"]}, {"abbreviation": "AL", "topics": ["algebra"]}, {"abbreviation": "HA", "topics": ["hagn\u00fdt st\u00e6r\u00f0fr\u00e6\u00f0i daglegs l\u00edfs"]}, {"abbreviation": "AX", "topics": ["f\u00f6ll og deildun"]}, {"abbreviation": "AN", "topics": ["hornafr\u00e6\u00f0i", "keilusni\u00f0", "vigrar"]}, {"abbreviation": "CT", "topics": ["t\u00f6lfr\u00e6\u00f0i og l\u00edkindafr\u00e6\u00f0i"]}, {"abbreviation": "BR", "topics": ["klass\u00edsk r\u00famfr\u00e6\u00f0i"]}, {"abbreviation": "BH", "topics": ["algebra", "b", "h", "margli\u00f0ur og fleygbogar"]}, {"abbreviation": "GN", "topics": ["grunn\u00e1fangi \u00e1 n\u00e1tt\u00faruv\u00edsindabraut"]}, {"abbreviation": "LH", "topics": ["hornaf\u00f6ll og vigrar o.fl.", "lotubundin f\u00f6ll"]}, {"abbreviation": "FH", "topics": ["grunn\u00e1fangi \u00e1 f\u00e9lags- og hugv\u00edsindabraut"]}, {"abbreviation": "T\u00d6", "topics": ["undirst\u00f6\u00f0uatri\u00f0i t\u00f6lfr\u00e6\u00f0i"]}, {"abbreviation": "VH", "topics": ["hornf\u00f6ll", "vigrar o.fl."]}, {"abbreviation": "FD", "topics": ["algengustu f\u00f6ll", "deildun \u00feeirra og helstu eiginleikar"]}, {"abbreviation": "\u00deR", "topics": ["\u00fer\u00edv\u00ed\u00f0 r\u00famfr\u00e6\u00f0i"]}, {"abbreviation": "SS", "topics": ["strj\u00e1l st\u00e6r\u00f0fr\u00e6\u00f0i"]}, {"abbreviation": "TF", "topics": ["\u00e1lyktunart\u00f6lfr\u00e6\u00f0i"]}, {"abbreviation": "UA", "topics": ["a", "upprifjun"]}, {"abbreviation": "UB", "topics": ["b", "undirb\u00faningur"]}, {"abbreviation": "HS", "topics": ["hagn\u00fdt", "st\u00e6r\u00f0fr\u00e6\u00f0i"]}, {"abbreviation": "TS", "topics": ["st\u00e6r\u00f0fr\u00e6\u00f0i", "t\u00f6luleg"]}, {"abbreviation": "AJ", "topics": ["algebra", "j\u00f6fnur"]}, {"abbreviation": "FJ", "topics": ["f\u00f6ll", "j\u00f6fnur"]}, {"abbreviation": "TL", "topics": ["l\u00edkindareikningur", "t\u00f6lfr\u00e6\u00f0i"]}, {"abbreviation": "DH", "topics": ["deildarj\u00f6fnur", "heildi"]}, {"abbreviation": "FA", "topics": ["aflei\u00f0ur", "ferlaranns\u00f3knir"]}, {"abbreviation": "RT", "topics": ["ranns\u00f3knir", "t\u00f6lfr\u00e6\u00f0i"]}, {"abbreviation": "Y\u00c1", "topics": ["yfirlit", "\u00e1fangi"]}, {"abbreviation": "SG", "topics": ["greining", "st\u00e6r\u00f0fr\u00e6\u00f0i"]}, {"abbreviation": "GR", "topics": ["grunn\u00e1fangi \u00ed st\u00e6r\u00f0fr\u00e6\u00f0i"]}, {"abbreviation": "MF", "topics": ["f\u00f6ll", "margli\u00f0ur"]}, {"abbreviation": "HO", "topics": ["hornafr\u00e6\u00f0i", "vigrar"]}, {"abbreviation": "DM", "topics": ["deildun", "markgildi"]}, {"abbreviation": "RH", "topics": ["heildun", "ra\u00f0ir", "runur"]}, {"abbreviation": "FT", "topics": ["brei\u00f0bogaf\u00f6ll", "fylkjareikningur", "tvinnt\u00f6lur"]}, {"abbreviation": "D\u00c6", "topics": ["d\u00e6gurd\u00e6mi"]}, {"abbreviation": "R\u00da", "topics": ["r\u00famfr\u00e6\u00f0i", "\u00fer\u00edv\u00eddd"]}, {"abbreviation": "D\u00d3", "topics": ["deildi", "\u00f3bein deildun. heildi og heildunara\u00f0fer\u00f0ir. fyrsta stigs deildaj\u00f6fnur."]}, {"abbreviation": "HT", "topics": ["2. stigs diffurj\u00f6fnur . runur og ra\u00f0ir", "hagn\u00fdting heildareiknings", "samleitnipr\u00f3f.", "tvinnt\u00f6lur"]}, {"abbreviation": "AG", "topics": ["r\u00famfr\u00e6\u00f0i", "t\u00f6lur og algebra"]}, {"abbreviation": "UN", "topics": ["undirb\u00fanings\u00e1fangi \u00ed st\u00e6r\u00f0fr\u00e6\u00f0i"]}, {"abbreviation": "FS", "topics": ["f\u00f6ll og r\u00f6kfr\u00e6\u00f0i", "st\u00e6r\u00f0fr\u00e6\u00f0i \u2013 talnafr\u00e6\u00f0i"]}, {"abbreviation": "L\u00c6", "topics": ["l\u00edkindafr\u00e6\u00f0i og fj\u00e1rm\u00e1lal\u00e6si", "t\u00f6lfr\u00e6\u00f0i"]}, {"abbreviation": "LE", "topics": ["t\u00f6lvugraf\u00edk og t\u00f6lvuleikir"]}, {"abbreviation": "BN", "topics": ["algebra", "b", "margli\u00f0ur og fleygbogar", "n"]}, {"abbreviation": "BX", "topics": ["algebra", "b", "fleygbogar", "lograr", "x"]}, {"abbreviation": "AH", "topics": ["algebra", "f\u00f6ll", "hornafr\u00e6\u00f0i", "margli\u00f0ur", "mengi"]}, {"abbreviation": "AR", "topics": ["algebra", "r\u00famfr\u00e6\u00f0i"]}, {"abbreviation": "JM", "topics": ["t\u00f6lur mengi  j\u00f6fnur r\u00f6kfr\u00e6\u00f0i talningarfr\u00e6\u00f0i"]}, {"abbreviation": "VI", "topics": ["vigrar hornaf\u00f6ll f\u00f6ll"]}, {"abbreviation": "DR", "topics": ["deildarj\u00f6fnu", "heildun", "runur og ra\u00f0ir"]}, {"abbreviation": "DE", "topics": ["deildun"]}, {"abbreviation": "HD", "topics": ["deildaj\u00f6fnun", "heildun", "ra\u00f0ir", "runur"]}, {"abbreviation": "HE", "topics": ["1.stigs deildarj\u00f6fnur.", "heildun", "runur og ra\u00f0ir"]}, {"abbreviation": "RF", "topics": ["r\u00famfr\u00e6\u00f0i"]}, {"abbreviation": "FO", "topics": ["forn\u00e1ms\u00e1fangi"]}, {"abbreviation": "AP", "topics": ["algengar reiknia\u00f0ger\u00f0ir", "peningar og m\u00e6lieiningar", "t\u00edmat\u00e1kn"]}, {"abbreviation": "SF", "topics": ["Forn\u00e1m \u00ed st\u00e6r\u00f0fr\u00e6\u00f0i"]}, {"abbreviation": "BB", "topics": ["Forn\u00e1m 2"]}, {"abbreviation": "RA", "topics": ["Algebra", "f\u00f6ll", "r\u00famfr\u00e6\u00f0i", "t\u00f6lfr\u00e6\u00f0i"]}, {"abbreviation": "L\u00c1", "topics": ["l\u00fdsandi t\u00f6lfr\u00e6\u00f0i", "t\u00f6flureiknir", "\u00e1lyktunart\u00f6lfr\u00e6\u00f0i"]}, {"abbreviation": "TJ", "topics": ["Almennur talnareikningur", "form\u00falur", "j\u00f6fnur", "pr\u00f3sentur"]}, {"abbreviation": "JH", "topics": ["J\u00f6fnur", "hlutf\u00f6ll", "hnitakerfi\u00f0", "talname\u00f0fer\u00f0"]}, {"abbreviation": "RV", "topics": ["hornafr\u00e6\u00f0i \u00fer\u00edhyrnings", "hornaf\u00f6ll", "vigrar"]}, {"abbreviation": "DT", "topics": ["deildaj\u00f6fnur", "heildi", "samleitni", "tvinnt\u00f6lur"]}, {"abbreviation": "DS", "topics": ["deildaj\u00f6fnur", "samleitni", "tvinnt\u00f6lur"]}, {"abbreviation": "\u00deV", "topics": ["keilusni\u00f0", "vigrar", "\u00fer\u00edv\u00ed\u00f0 r\u00famfr\u00e6\u00f0i"]}, {"abbreviation": "FG", "topics": ["algebra", "f\u00f6ll", "gr\u00f6f", "veldi og r\u00e6tur"]}, {"abbreviation": "CX", "topics": ["f\u00f6ll og deildun fyri M\u00c1L og F\u00c9L"]}, {"abbreviation": "A\u00de", "topics": ["a", "\u00ferautalausnir"]}, {"abbreviation": "C\u00de", "topics": ["\u00derautalausnir"]}, {"abbreviation": "DN", "topics": ["algebra", "margli\u00f0ur og fleygbogar"]}, {"abbreviation": "UT", "topics": ["t\u00f6lfr\u00e6\u00f0i"]}, {"abbreviation": "OJ", "topics": ["t\u00f6lugildi og j\u00f6fnuhneppi", "\u00f3j\u00f6fnur"]}, {"abbreviation": "RG", "topics": ["R\u00famfr\u00e6\u00f0i me\u00f0 GeoGebru"]}, {"abbreviation": "HG", "topics": ["hagn\u00fdt st\u00e6r\u00f0fr\u00e6\u00f0i"]}, {"abbreviation": "AA", "topics": ["algengar reiknia\u00f0ger\u00f0ir"]}, {"abbreviation": "HL", "topics": ["Heildun"]}, {"abbreviation": "FM", "topics": ["F\u00f6ll", "markgildi og deildun algengustu falla"]}, {"abbreviation": "SH", "topics": ["St\u00e6r\u00f0fr\u00e6\u00f0igreining", "deildaj\u00f6fnur", "heildun", "runur og ra\u00f0ir"]}, {"abbreviation": "MA", "topics": ["Mengi", "algebra"]}, {"abbreviation": "HK", "topics": ["Hornaf\u00f6ll", "keilusni\u00f0", "vigrar"]}, {"abbreviation": "RM", "topics": ["R\u00famfr\u00e6\u00f0i"]}, {"abbreviation": "AB", "topics": ["almenn brot"]}, {"abbreviation": "RR", "topics": ["Hagn\u00fdting heildareiknings", "runur og ra\u00f0ir"]}, {"abbreviation": "HB", "topics": ["Hnit og b\u00f3kstafareikningur"]}, {"abbreviation": "RU", "topics": ["R\u00famfr\u00e6\u00f0i og hornaf\u00f6ll"]}, {"abbreviation": "VJ", "topics": ["Veldi og j\u00f6fnur"]}, {"abbreviation": "GA", "topics": ["Grunna\u00f0ger\u00f0ir algebru"]}, {"abbreviation": "AD", "topics": ["algebra", "brot", "hlutfallareikningur"]}, {"abbreviation": "B\u00c1", "topics": ["Br\u00faar\u00e1fangi"]}, {"abbreviation": "SB", "topics": ["St\u00e6r\u00f0fr\u00e6\u00f0ibr\u00fa"]}, {"abbreviation": "SL", "topics": ["St\u00e6r\u00f0fr\u00e6\u00f0il\u00edk\u00f6n"]}, {"abbreviation": "ST", "topics": ["St\u00e6r\u00f0fr\u00e6\u00f0igrunnur", "f\u00f6ll og  hnitakerfi", "j\u00f6fnur", "r\u00famfr\u00e6\u00f0i"]}, {"abbreviation": "MV", "topics": ["Mengi", "hornaf\u00f6ll", "talningarfr\u00e6\u00f0i", "vigrar og keilusni\u00f0"]}, {"abbreviation": "FF", "topics": ["F\u00f6ll og ferlar"]}, {"abbreviation": "MD", "topics": ["F\u00f6ll", "margli\u00f0udeiling", "markgildi og deildun algengustu falla"]}, {"abbreviation": "SR", "topics": ["St\u00e6r\u00f0fr\u00e6\u00f0igreining", "fylkjareikningur", "heildun", "l\u00ednuleg bestun", "runur og ra\u00f0ir", "\u00ferepasannanir og margv\u00ed\u00f0 f\u00f6ll"]}, {"abbreviation": "HN", "topics": ["hnitakerfi"]}, {"abbreviation": "JF", "topics": ["f\u00f6ll", "j\u00f6fnur og \u00f3j\u00f6fnur", "l\u00edkindareikningur og t\u00f6lfr\u00e6\u00f0i", "rauntalnakerfi"]}, {"abbreviation": "LF", "topics": ["F\u00f6ll og ferlar - l\u00ednur og fleygbogar"]}, {"abbreviation": "R\u00d6", "topics": ["R\u00f6k og mengi"]}, {"abbreviation": "F\u00d6", "topics": ["F\u00f6ll", "ferlar", "fleygbogar", "keilusni\u00f0 og hornaf\u00f6ll", "l\u00ednur"]}, {"abbreviation": "MG", "topics": ["Markgildi og aflei\u00f0ur"]}, {"abbreviation": "JR", "topics": ["AJ", "BR"]}, {"abbreviation": "PV", "topics": ["aflei\u00f0ur", "lograr", "pr\u00f3sentur", "vaxtareikningur"]}, {"abbreviation": "FV", "topics": ["Heildun falla", "flatarm\u00e1l og r\u00famm\u00e1l"]}, {"abbreviation": "VS", "topics": ["Vi\u00f0skipta st\u00e6r\u00f0fr\u00e6\u00f0i"]}, {"abbreviation": "BT", "topics": ["B\u00f3kstafareikningur og talnal\u00e6si"]}, {"abbreviation": "XY", "topics": ["Algebra", "hnitakerfi\u00f0", "hornaf\u00f6ll.", "r\u00famfr\u00e6\u00f0i"]}, {"abbreviation": "XZ", "topics": ["Algebra", "hnitakerfi\u00f0", "hornaf\u00f6ll.", "j\u00f6fnur", "r\u00famfr\u00e6\u00f0i"]}, {"abbreviation": "TV", "topics": ["T\u00f6lfr\u00e6\u00f0i", "talningar", "vi\u00f0skipti."]}, {"abbreviation": "\u00c1T", "topics": ["T\u00f6lfr\u00e6\u00f0i", "\u00e1lyktunart\u00f6lfr\u00e6\u00f0i"]}, {"abbreviation": "TT", "topics": ["Algebra", "talningafr\u00e6\u00f0i", "t\u00f6lfr\u00e6\u00f0i og l\u00edkindareikningur"]}, {"abbreviation": "GH", "topics": ["algebra", "forgangsr\u00f6\u00f0 a\u00f0ger\u00f0a", "hnitakerfi"]}, {"abbreviation": "SI", "topics": ["St\u00e6r\u00f0fr\u00e6\u00f0i 1 \u00e1 starfsbraut"]}, {"abbreviation": "SJ", "topics": ["St\u00e6r\u00f0fr\u00e6\u00f0i 2 \u00e1 starfsbraut"]}, {"abbreviation": "SK", "topics": ["St\u00e6r\u00f0fr\u00e6\u00f0i 3 \u00e1 starfsbraut"]}, {"abbreviation": "GF", "topics": ["Grunn\u00e1fangi \u00ed st\u00e6r\u00f0fr\u00e6\u00f0i \u00e1 f\u00e9lagsv\u00edsindabraut"]}, {"abbreviation": "G\u00c1", "topics": ["Grunn\u00e1fangi \u00ed st\u00e6r\u00f0fr\u00e6\u00f0i \u00e1 n\u00e1tt\u00faruv\u00edsindabraut"]}, {"abbreviation": "DD", "topics": ["D\u00e6gurd\u00e6mi"]}, {"abbreviation": "FL", "topics": ["ST\u00c6R"]}, {"abbreviation": "HH", "topics": ["Hlutf\u00f6ll", "hornaf\u00f6ll"]}, {"abbreviation": "DL", "topics": ["Peningar", "t\u00edmahugt\u00f6k", "ver\u00f0gildi"]}, {"abbreviation": "PI", "topics": ["Peningar", "innkaup", "ver\u00f0mi\u00f0ar"]}, {"abbreviation": "PH", "topics": ["Peningar", "heimilisb\u00f3khald", "tekjur og \u00fatgj\u00f6ld"]}, {"abbreviation": "PR", "topics": ["Pr\u00f3sentureikningur"]}, {"abbreviation": "TG", "topics": ["Talnagildi"]}, {"abbreviation": "MH", "topics": ["F\u00f6ll", "fleygbogar", "hornaf\u00f6ll", "margli\u00f0ur"]}, {"abbreviation": "VR", "topics": ["Vigrar", "r\u00famfr\u00e6\u00f0i"]}, {"abbreviation": "CQ", "topics": ["f\u00f6ll og deildun. Annar \u00e1fangi"]}, {"abbreviation": "JV", "topics": ["2. stigs j\u00f6fnur", "hnitakerfi\u00f0 og algebrubrot", "v\u00edsif\u00f6ll"]}, {"abbreviation": "HI", "topics": ["Heildun og deildarj\u00f6fnur"]}, {"abbreviation": "BQ", "topics": ["Algebra", "brot", "fleygbogar og lograr"]}, {"abbreviation": "CC", "topics": ["Vigrar og hornaf\u00f6ll"]}, {"abbreviation": "EE", "topics": ["Heildun", "diffurj\u00f6fnur", "runur og ra\u00f0ir"]}, {"abbreviation": "FU", "topics": ["Heildun", "tvinnt\u00f6lur og diffurj\u00f6fnur"]}, {"abbreviation": "ES", "topics": ["Strj\u00e1l st\u00e6r\u00f0fr\u00e6\u00f0i"]}, {"abbreviation": "EL", "topics": ["L\u00ednuleg algebra"]}, {"abbreviation": "AM", "topics": ["Algebra", "f\u00f6ll og mengi"]}, {"abbreviation": "P\u00de", "topics": ["lausn jafna", "pr\u00f3sentureikningur", "r\u00famfr\u00e6\u00f0i", "talnareikningur"]}, {"abbreviation": "MM", "topics": ["fleygbogar", "hnitakerfi\u00f0", "margli\u00f0ur", "mengi"]}, {"abbreviation": "\u00deA", "topics": ["algebra", "hlutf\u00f6ll", "veldi", "\u00fer\u00edhyrningar"]}, {"abbreviation": "VA", "topics": ["Vi\u00f0skiptareikningur"]}, {"abbreviation": "HJ", "topics": ["hnitakerfi", "j\u00f6fnur", "margli\u00f0ur"]}, {"abbreviation": "YM", "topics": ["fylkjareikningur", "hagn\u00fdting \u00e1 diffurreikningi", "tvinnt\u00f6lureikningar"]}, {"abbreviation": "BD", "topics": ["brei\u00f0bogaf\u00f6ll", "diffurj\u00f6fnur", "fylki"]}, {"abbreviation": "DV", "topics": ["Diffrun", "f\u00f6ll", "v\u00edsis- og lograf\u00f6ll"]}, {"abbreviation": "VD", "topics": ["diffrun", "vigrar"]}, {"abbreviation": "HF", "topics": ["diffurj\u00f6fnur", "fylgi", "heildun", "r\u00famfr\u00e6\u00f0i"]}, {"abbreviation": "MJ", "topics": ["2. stigs j\u00f6fnur og \u00f3j\u00f6fnur", "Mengjareikningur", "gr\u00f6f", "margli\u00f0ur og l\u00f3garitma.", "veldi og r\u00e6tur"]}, {"abbreviation": "ML", "topics": ["Mengi", "j\u00f6fnur", "l\u00f3garitmar.", "margli\u00f0ur"]}, {"abbreviation": "KV", "topics": ["Vigrar", "hnitar\u00famfr\u00e6\u00f0i og r\u00f6kfr\u00e6\u00f0i.", "hornaf\u00f6ll", "keilusni\u00f0"]}, {"abbreviation": "DI", "topics": ["Heildun", "diffurj\u00f6fnur."]}, {"abbreviation": "HU", "topics": ["Heildun", "ra\u00f0ir og diffurj\u00f6fnur", "runur"]}, {"abbreviation": "F\u00c9", "topics": ["grunn\u00e1fangi \u00e1 f\u00e9lagsv\u00edsindabraut"]}, {"abbreviation": "TR", "topics": ["diffurj\u00f6fnur", "fylki", "r\u00famfr\u00e6\u00f0i", "tegurreikningur", "tvinnt\u00f6lur"]}, {"abbreviation": "MS", "topics": ["Maclaurin-li\u00f0un og samleitni"]}, {"abbreviation": "TH", "topics": ["T\u00f6lfr\u00e6\u00f0i", "l\u00edkindi og tilg\u00e1tupr\u00f3fun"]}, {"abbreviation": "JG", "topics": ["ar\u00f0semi", "gengi", "jafngrei\u00f0slura\u00f0ir", "vaxtareikningur"]}, {"abbreviation": "IR", "topics": ["I\u00f0nreikningur"]}, {"abbreviation": "DA", "topics": ["F\u00f6ll", "deildun og v\u00edsis- og lograf\u00f6ll", "markgildi"]}, {"abbreviation": "DB", "topics": ["F\u00f6ll", "deildun", "markgildi", "v\u00edsis- og lograf\u00f6ll"]}, {"abbreviation": "L\u00cd", "topics": ["St\u00e6r\u00f0fr\u00e6\u00f0ileg l\u00edk\u00f6n fyrir hug- og f\u00e9lagsv\u00edsindagreinar"]}, {"abbreviation": "GT", "topics": ["T\u00f6lvuleikjast\u00e6r\u00f0fr\u00e6\u00f0i", "forritun og t\u00f6lvugraf\u00edk"]}, {"abbreviation": "MB", "topics": ["Mengi", "annars stigs j\u00f6fnur", "brot", "margli\u00f0ur og hnitar\u00famfr\u00e6\u00f0i"]}, {"abbreviation": "YS", "topics": ["Yfirlits\u00e1fangi \u00ed st\u00e6r\u00f0fr\u00e6\u00f0i"]}, {"abbreviation": "VF", "topics": ["Vi\u00f0skipti og f\u00f6ll"]}, {"abbreviation": "TP", "topics": ["T\u00f6lfr\u00e6\u00f0ipr\u00f3f"]}, {"abbreviation": "SD", "topics": ["St\u00e6r\u00f0fr\u00e6\u00f0i \u00ed daglega l\u00edfinu"]}, {"abbreviation": "BP", "topics": ["Brei\u00f0bogaf\u00f6ll", "p\u00f3lhnitakerfi og tvinnt\u00f6lur"]}, {"abbreviation": "XX", "topics": ["Algebra", "r\u00famfr\u00e6\u00f0i", "t\u00f6lfr\u00e6\u00f0i"]}, {"abbreviation": "FR", "topics": ["Fj\u00e1rm\u00e1lal\u00e6si", "gr\u00f6f og f\u00f6ll", "t\u00f6lfr\u00e6\u00f0i"]}, {"abbreviation": "BA", "topics": ["Talname\u00f0fer\u00f0", "fr\u00e1dr\u00e1ttur", "margfeldi og deiling talna. Brotareikningur.", "samlagning"]}, {"abbreviation": "AU", "topics": ["Undirb\u00fanings\u00e1fangi i st\u00e6r\u00f0fr\u00e6\u00f0i fyrir fyrsta \u00e1fanga \u00e1 \u00f6\u00f0ru \u00ferepi"]}, {"abbreviation": "LV", "topics": ["Lotubundin f\u00f6ll", "hornafallareglur", "hornaf\u00f6ll", "j\u00f6fnur l\u00edna og hringa", "vigrar"]}, {"abbreviation": "VV", "topics": ["F\u00f6ll", "markgildi og aflei\u00f0ur"]}, {"abbreviation": "YF", "topics": ["Brei\u00f0bogaf\u00f6ll", "heildun og fylki. Yfirlits\u00e1fangi.", "tvinnt\u00f6lur"]}], "_id": "50c0a02dd8e40575f7f6f490", "subjects": ["st\u00e6r\u00f0fr\u00e6\u00f0i"], "counter": {"1": 51, "3": 82, "2": 109, "4": 8}}, "evaluation": "L\u00f6g\u00f0 er \u00e1hersla \u00e1 a\u00f0 hafa n\u00e1msmat sem fj\u00f6lbreyttast og \u00fatf\u00e6rt \u00feannig a\u00f0 \u00fea\u00f0 n\u00e1i til sem flestra n\u00e1ms\u00fe\u00e1tta. \u00dea\u00f0 n\u00e6st me\u00f0 \u00fev\u00ed a\u00f0 leggja reglulega fyrir skriflegar \u00e6fingar \u00e1samt \u00fev\u00ed a\u00f0 nemendur skili verkefnum sem eru yfirfarin af kennara. Skriflegt pr\u00f3f \u00ed lok annar hefur \u00fe\u00f3 mest v\u00e6gi. Kennari getur viki\u00f0 fr\u00e1 \u00feessu uppleggi og haft s\u00edmat sem byggist a\u00f0 verulegu leyti \u00e1 hlutapr\u00f3fum og skilaverkefnum.  N\u00e1nari \u00fatlistun \u00e1 n\u00e1msmati kemur fram \u00ed kennslu\u00e1\u00e6tlun.", "categorization_suggestion": "FB", "embedded_topics": {"abbreviation": "RM", "topics": ["R\u00famfr\u00e6\u00f0i"]}, "status": "approved by school", "description": "Vi\u00f0fangsefni \u00e1fangans er evkl\u00ed\u00f0sk r\u00famfr\u00e6\u00f0i, vigrar og hlutf\u00f6ll. \u00deungami\u00f0ja \u00e1fangans birtist \u00ed hinni evkl\u00ed\u00f0sku r\u00famfr\u00e6\u00f0i enda hefur h\u00fan sett mark sitt \u00e1 st\u00e6r\u00f0fr\u00e6\u00f0ii\u00f0kun \u00ed meira en 2000 \u00e1r og hefur \u00e1tt \u00fe\u00e1tt \u00ed a\u00f0 m\u00f3ta r\u00f6khugsun hverrar kynsl\u00f3\u00f0ar \u00e1 f\u00e6tur annarri.", "knowledge_goals": ["uppleggi evkl\u00ed\u00f0skrar r\u00famfr\u00e6\u00f0i \u2013 fr\u00e6\u00f0igrein me\u00f0 frumreglum, skilgreiningum og st\u00e6r\u00f0fr\u00e6\u00f0isetningum sem sanna\u00f0ar eru me\u00f0 fullgildum h\u00e6tti", "m\u00f6rgum af helstu hugt\u00f6kum og setningum evkl\u00ed\u00f0skrar r\u00famfr\u00e6\u00f0i", "helstu eiginleikum vigra \u00ed hnitakerfi, t.d. lengd, samlagningu og margf\u00f6ldun vigurs me\u00f0 raunt\u00f6lu", "sams\u00ed\u00f0a og hornr\u00e9ttum vigrum", "hlutf\u00f6llum", "pr\u00f3sentum", "v\u00f6xtum og framt\u00ed\u00f0arvir\u00f0i"], "skills_goals": ["a\u00f0 takast \u00e1 vi\u00f0 margbreytileg vi\u00f0fangsefni st\u00e6r\u00f0fr\u00e6\u00f0innar", "horfa \u00e1 vi\u00f0fangsefni \u00fat fr\u00e1 \u00f3l\u00edkum sj\u00f3narhornum og tengja eldri \u00feekkingu vi\u00f0 n\u00fdja", "varpa lj\u00f3si \u00e1 verkefni me\u00f0 g\u00f3\u00f0um sk\u00fdringarmyndum \u00feegar \u00fea\u00f0 \u00e1 vi\u00f0 og \u00fatsk\u00fdra undirst\u00f6\u00f0uhugt\u00f6k me\u00f0 skiljanlegum h\u00e6tti", "segja \u201es\u00f6gu\u201c verkefnis fr\u00e1 upphafi til enda og geta tj\u00e1\u00f0 sig um ni\u00f0urst\u00f6\u00f0ur \u00e1 skilmerkilegu m\u00e1li", "sannreyna lausnir (t.d. me\u00f0 \u00fev\u00ed a\u00f0 reikna til baka)", "beita t\u00e1knm\u00e1li st\u00e6r\u00f0fr\u00e6\u00f0innar", "f\u00e6ra s\u00f6nnur \u00e1 valdar st\u00e6r\u00f0fr\u00e6\u00f0isetningar", "me\u00f0h\u00f6ndla hlutf\u00f6ll og pr\u00f3sentur", "f\u00e6ra s\u00e9r einfaldan \u00fer\u00edli\u00f0ureikning \u00ed nyt", "reikna vexti og framt\u00ed\u00f0arvir\u00f0i"], "credits": 5, "last_modified": 1430308570.274726, "schools": ["51234a818caa45ed97015b35"], "coauthors": null, "instructions": "Samb\u00e6rilegur vi\u00f0 ST\u00c6122, a\u00f0 auki vigrar og verslunarreikningur.", "continued_education": false, "level": 2, "prerequisites": "Nemendur sem f\u00e1 einkunnina 7,5 e\u00f0a h\u00e6rra \u00ed lokaeinkunn \u00ed grunnsk\u00f3la (B+), e\u00f0a ST\u00c6R1AH05.", "author": "c9d16cc0-1136-4f18-96dc-5200450e0694", "abbreviation_version": null, "competence_goals": [["r\u00f6ksty\u00f0ja a\u00f0fer\u00f0ir og hugsanaferli me\u00f0 sk\u00fdrum h\u00e6tti", ""], ["beita voldugu t\u00e1knm\u00e1li st\u00e6r\u00f0fr\u00e6\u00f0innar sem er mj\u00f6g mikilv\u00e6g vi\u00f0b\u00f3t vi\u00f0 hi\u00f0 venjulega tungum\u00e1l og gerir \u00fea\u00f0 a\u00f0 \u00f6flugu tj\u00e1ningart\u00e6ki", ""], ["lesa, skrifa og tj\u00e1 sig \u00ed t\u00f6lu\u00f0u m\u00e1li um efnisatri\u00f0i sem tengjast st\u00e6r\u00f0fr\u00e6\u00f0i me\u00f0 beinum e\u00f0a \u00f3beinum h\u00e6tti", ""], ["\u00e1tta sig \u00e1 vi\u00f0fangsefnum verkefna og \u00feeim skilyr\u00f0um sem sett eru fram", ""], ["\u00e1tta sig \u00e1 lykilatri\u00f0um og greina hismi\u00f0 fr\u00e1 kjarnanum", ""], ["\u00fe\u00fd\u00f0a verkefni yfir \u00e1 algebrum\u00e1l", ""], ["n\u00fdta s\u00e9r hli\u00f0st\u00e6\u00f0ur vi\u00f0 verkefna\u00farlausnir og beita samskonar lausnara\u00f0fer\u00f0um \u00feegar \u00fea\u00f0 \u00e1 vi\u00f0", ""], ["beita \u00e1giskun bygg\u00f0a \u00e1 inns\u00e6i \u00fev\u00ed h\u00fan getur opna\u00f0 dyr sem voru loka\u00f0ar og beint verkefni \u00ed r\u00e9ttan farveg", ""], ["einfalda verkefni sem vi\u00f0 fyrstu s\u00fdn vir\u00f0ast fl\u00f3kin og geta or\u00f0a\u00f0 hlutina me\u00f0 \u00f6\u00f0rum og e.t.v. skiljanlegri h\u00e6tti", ""]], "_id": "5540c6da62933a24b7000024"}, {"exemplary": null, "topics": "inngangur a\u00f0 s\u00e1lfr\u00e6\u00f0i", "abbreviation": "S\u00c1LF2IS05(FB)", "former_schools": null, "subject": "s\u00e1lfr\u00e6\u00f0i", "title": "S\u00e1lfr\u00e6\u00f0i", "version": 48, "status_trans": "Sam\u00feykkt af sk\u00f3la", "embedded_subject": {"abbreviation": "S\u00c1LF", "topics": [{"abbreviation": "AK", "topics": ["almenn kynning"]}, {"abbreviation": "\u00deS", "topics": ["\u00feroskas\u00e1lfr\u00e6\u00f0i"]}, {"abbreviation": "AB", "topics": ["afbrig\u00f0as\u00e1lfr\u00e6\u00f0i"]}, {"abbreviation": "KV", "topics": ["kvikmyndas\u00e1lfr\u00e6\u00f0i"]}, {"abbreviation": "SD", "topics": ["s\u00e1lfr\u00e6\u00f0i daglegs l\u00edfs"]}, {"abbreviation": "IS", "topics": ["inngangur a\u00f0 s\u00e1lfr\u00e6\u00f0i"]}, {"abbreviation": "DS", "topics": ["duls\u00e1larfr\u00e6\u00f0i"]}, {"abbreviation": "RS", "topics": ["r\u00e9ttars\u00e1lfr\u00e6\u00f0i"]}, {"abbreviation": "GE", "topics": ["ge\u00f0heilsa"]}, {"abbreviation": "FP", "topics": ["f\u00e9lags- og per\u00f3nuleikas\u00e1lfr\u00e6\u00f0i"]}, {"abbreviation": "BK", "topics": ["inngangur a\u00f0 s\u00e1lfr\u00e6\u00f0i", "j\u00e1kv\u00e6\u00f0 s\u00e1lfr\u00e6\u00f0i", "minni", "n\u00e1m", "ranns\u00f3knir"]}, {"abbreviation": "KF", "topics": ["framhald", "kvikmyndas\u00e1lfr\u00e6\u00f0i"]}, {"abbreviation": "FS", "topics": ["f\u00e9lagss\u00e1lfr\u00e6\u00f0i"]}, {"abbreviation": "GS", "topics": ["ge\u00f0s\u00e1lfr\u00e6\u00f0i"]}, {"abbreviation": "\u00deU", "topics": ["\u00feroska- og uppeldisfr\u00e6\u00f0i"]}, {"abbreviation": "AA", "topics": ["almenn s\u00e1lfr\u00e6\u00f0i"]}, {"abbreviation": "CA", "topics": ["afbrigas\u00e1lfr\u00e6\u00f0i"]}, {"abbreviation": "L\u00cd", "topics": ["l\u00edfe\u00f0lisleg s\u00e1lfr\u00e6\u00f0i"]}, {"abbreviation": "F\u00c9", "topics": ["f\u00e9lagsleg s\u00e1lfr\u00e6\u00f0i"]}, {"abbreviation": "SS", "topics": ["inngangur a\u00f0 s\u00e1lfr\u00e6\u00f0i", "sj\u00f3narmi\u00f0 og saga"]}, {"abbreviation": "FG", "topics": ["f\u00e9lagss\u00e1lfr\u00e6\u00f0i", "greind", "pers\u00f3nuleikinn"]}, {"abbreviation": "LS", "topics": ["draumar", "l\u00edfe\u00f0lisleg s\u00e1lfr\u00e6\u00f0i", "skynjunars\u00e1lfr\u00e6\u00f0i", "svefn"]}, {"abbreviation": "\u00deR", "topics": ["l\u00edfst\u00ed\u00f0ar\u00fer\u00f3un", "\u00feroski"]}, {"abbreviation": "AF", "topics": ["ge\u00f0heilsa", "ge\u00f0raskanir", "streita", "tilfinningar"]}, {"abbreviation": "\u00cd\u00de", "topics": ["f\u00e9lagsst\u00f6rf", "f\u00e9l\u00f6g", "\u00ed\u00fer\u00f3ttas\u00e1lfr\u00e6\u00f0i"]}, {"abbreviation": "SG", "topics": ["framkoma", "gagnr\u00fdni", "hlustun", "samskipti", "sj\u00e1lfstraust"]}, {"abbreviation": "\u00cd\u00c6", "topics": ["\u00ed\u00fer\u00f3ttas\u00e1lfr\u00e6\u00f0i"]}, {"abbreviation": "IN", "topics": ["S\u00e1lfr\u00e6\u00f0i", "inngangur", "kenningar", "saga"]}, {"abbreviation": "\u00de\u00de", "topics": ["n\u00e1m", "\u00deroskas\u00e1lfr\u00e6\u00f0i", "\u00feroski", "\u00fer\u00f3un"]}, {"abbreviation": "AS", "topics": ["afbrig\u00f0as\u00e1lfr\u00e6\u00f0i", "streita"]}, {"abbreviation": "H\u00de", "topics": ["Hugar\u00fej\u00e1lfun", "\u00cd\u00fer\u00f3ttir"]}, {"abbreviation": "JS", "topics": ["J\u00e1kv\u00e6\u00f0 s\u00e1lfr\u00e6\u00f0i"]}, {"abbreviation": "HA", "topics": ["Hugr\u00e6n", "atferlisme\u00f0fer\u00f0"]}, {"abbreviation": "BS", "topics": ["Breytingar", "samskipti"]}, {"abbreviation": "GH", "topics": ["Ge\u00f0s\u00e1larfr\u00e6\u00f0i og ge\u00f0heilbrig\u00f0i"]}, {"abbreviation": "PF", "topics": ["f\u00e9lagss\u00e1lfr\u00e6\u00f0i", "pers\u00f3nuleikas\u00e1lfr\u00e6\u00f0i"]}, {"abbreviation": "VS", "topics": ["Vitund og si\u00f0blinda"]}, {"abbreviation": "BG", "topics": ["S\u00c1LF"]}, {"abbreviation": "F\u00d6", "topics": ["F\u00d6TLUN", "\u00d6LDRUN"]}, {"abbreviation": "CF", "topics": ["F\u00e9lags- og pers\u00f3nuleikas\u00e1lfr\u00e6\u00f0i"]}, {"abbreviation": "BT", "topics": ["Kortlagning hugans/heilans"]}, {"abbreviation": "CJ", "topics": ["j\u00e1kv\u00e6\u00f0 s\u00e1lfr\u00e6\u00f0i"]}, {"abbreviation": "AM", "topics": ["Atferlism\u00f3tun"]}, {"abbreviation": "GR", "topics": ["Grunnur \u00ed s\u00e1lfr\u00e6\u00f0i"]}, {"abbreviation": "NS", "topics": ["N\u00e1mss\u00e1larfr\u00e6\u00f0i", "saga"]}, {"abbreviation": "LH", "topics": ["L\u00edfe\u00f0lisleg og hugr\u00e6n s\u00e1lfr\u00e6\u00f0i"]}, {"abbreviation": "SF", "topics": ["mannlegt e\u00f0li", "n\u00e1m og minni", "s\u00e1lfr\u00e6\u00f0ingar", "s\u00e1lfr\u00e6\u00f0istefnur"]}, {"abbreviation": "S\u00de", "topics": ["sj\u00e1lfsmynd", "\u00feroskah\u00f6mlun", "\u00feroskakenningar", "\u00feroskas\u00e1lfr\u00e6\u00f0i"]}, {"abbreviation": "GG", "topics": ["fr\u00e1viksheg\u00f0un", "ge\u00f0heilsa", "ge\u00f0r\u00e6nar raskanir", "s\u00e1lfr\u00e6\u00f0ileg me\u00f0fer\u00f0"]}, {"abbreviation": "FR", "topics": ["f\u00e9lagss\u00e1lfr\u00e6\u00f0i", "pers\u00f3nueinkenni", "ranns\u00f3knir"]}, {"abbreviation": "UM", "topics": ["Uppeldis- og menntunarfr\u00e6\u00f0i"]}, {"abbreviation": "\u00cdS", "topics": ["\u00cd\u00fer\u00f3ttas\u00e1lfr\u00e6\u00f0i"]}, {"abbreviation": "HS", "topics": ["Hugr\u00e6n s\u00e1lfr\u00e6\u00f0i", "atferlisfr\u00e6\u00f0i", "f\u00e9lagss\u00e1lfr\u00e6\u00f0i", "ranns\u00f3knara\u00f0fer\u00f0ir"]}, {"abbreviation": "SM", "topics": ["Afbrig\u00f0as\u00e1lfr\u00e6\u00f0i", "me\u00f0fer\u00f0", "streita"]}, {"abbreviation": "FH", "topics": ["F\u00e9lagsleg hef\u00f0un og samskipti f\u00f3lks"]}], "_id": "50c0a02dd8e40575f7f6f4db", "subjects": ["s\u00e1lfr\u00e6\u00f0i"], "counter": {"1": 10, "3": 35, "2": 47, "4": 2}}, "evaluation": "\u00deekking er metin me\u00f0 rafr\u00e6num heimapr\u00f3fum, t\u00edmapr\u00f3fum, skriflegum verkefnaheftum, einstaklings- og h\u00f3pverkefnum sem b\u00e6\u00f0i eru unnin \u00ed t\u00edmum og heima. \nLeiknin er metin \u00fat fr\u00e1 vinnubr\u00f6g\u00f0um vi\u00f0 notkun heimilda, samningi eigin texta og skilning \u00e1 lesnum texta.\nH\u00e6fnin er metin \u00fat fr\u00e1 \u00fe\u00e1ttt\u00f6ku og \u00e1rangri \u00ed samr\u00e6\u00f0um, r\u00f6kr\u00e6\u00f0um og sko\u00f0anaskiptum vi\u00f0 jafningja og kennara og hvernig nemendum gengur a\u00f0 mi\u00f0la efni  til jafningja sinna.", "categorization_suggestion": "FB", "embedded_topics": {"abbreviation": "IS", "topics": ["inngangur a\u00f0 s\u00e1lfr\u00e6\u00f0i"]}, "status": "approved by school", "description": "\u00c1fanginn er grunn\u00e1fangi \u00ed s\u00e1lfr\u00e6\u00f0i og er markmi\u00f0i\u00f0 a\u00f0 kynna nemendum fr\u00e6\u00f0igreinina, e\u00f0li hennar, s\u00f6gu og \u00fer\u00f3un. Markmi\u00f0i\u00f0 er a\u00f0 nemendur \u00feekki helstu stefnur, kenningar og frumkv\u00f6\u00f0la \u00ed s\u00e1lfr\u00e6\u00f0i, helstu undirgreinar og hagn\u00fdtingu greinarinnar. Sko\u00f0a\u00f0ar eru lei\u00f0ir s\u00e1lfr\u00e6\u00f0innar til a\u00f0 \u00fatsk\u00fdra hugsun, heg\u00f0un og tilfinningar manneskjunnar, sj\u00e1lfsmynd, mannleg samskipti og \u00fer\u00f3un n\u00e1inna sambanda. Minni\u00f0 er teki\u00f0 fyrir, \u00fer\u00edskipting \u00feess og mismunandi minnist\u00e6kni. Einnig er fjalla\u00f0 um  n\u00e1mss\u00e1lfr\u00e6\u00f0i og kynntar vi\u00f0brag\u00f0sskilyr\u00f0ingar, virkar skilyr\u00f0ingar og hugr\u00e6nt n\u00e1m. ", "knowledge_goals": ["\u00fer\u00f3un og s\u00f6gu s\u00e1lfr\u00e6\u00f0innar sem fr\u00e6\u00f0igreinar", "helstu frumkv\u00f6\u00f0lum og hugmyndum sem m\u00f3ta\u00f0 hafa kenningar \u00ed s\u00e1lfr\u00e6\u00f0i", "hagn\u00fdtu gildi og helstu undirgreinum s\u00e1lfr\u00e6\u00f0innar", "mannlegum samskiptum og m\u00f3tunar\u00f6flum einstaklinga og h\u00f3pa \u00fat fr\u00e1 kenningum \u00ed fr\u00e6\u00f0igreininni", "minninu og \u00fer\u00edskiptingu \u00feess", "n\u00e1mss\u00e1lfr\u00e6\u00f0i, skilyr\u00f0ingum og hugr\u00e6nu n\u00e1mi"], "skills_goals": ["sko\u00f0a eigin heg\u00f0un og annarra \u00fat fr\u00e1 grundvallarhugmyndum s\u00e1lfr\u00e6\u00f0innar", "sko\u00f0a eigin hugsun,  tilfinningar og vi\u00f0br\u00f6g\u00f0 \u00fat fr\u00e1 grundvallarhugmyndum s\u00e1lfr\u00e6\u00f0innar", "beita algengustu hugt\u00f6kum s\u00e1lfr\u00e6\u00f0innar sk\u00fdrt og skilmerkilega", "beita hugt\u00f6kum n\u00e1mss\u00e1lfr\u00e6\u00f0innar og greina mismunandi n\u00e1msa\u00f0fer\u00f0ir", "geta tj\u00e1\u00f0 kunn\u00e1ttu s\u00edna b\u00e6\u00f0i \u00e1 munnlegan og skriflegan h\u00e1tt"], "credits": 5, "last_modified": 1431004577.47631, "schools": ["51234a818caa45ed97015b35"], "coauthors": null, "instructions": "", "continued_education": false, "level": 2, "prerequisites": "FELV1SF06", "author": "eb770192-613d-4270-bca8-a912861651b0", "abbreviation_version": null, "competence_goals": [["vera me\u00f0vita\u00f0ur um m\u00f3tunar\u00e1hrif umhverfis \u00e1 sj\u00e1lfan sig og a\u00f0ra", ""], ["gera s\u00e9r grein fyrir samspili hugsunar, heg\u00f0unar og tilfinninga \u00e1 eigin sj\u00e1lfsmynd og annarra", ""], ["b\u00e6ta n\u00e1mst\u00e6kni og minnist\u00e6kni s\u00edna me\u00f0 a\u00f0sto\u00f0 \u00feeirra a\u00f0fer\u00f0a sem kynntar eru \u00ed \u00e1fanganum", ""], ["geta afla\u00f0 s\u00e9r uppl\u00fdsinga, greina helstu atri\u00f0i \u00feeirra og geta tj\u00e1\u00f0 sig \u00e1 gagnr\u00fdnan h\u00e1tt um einstaka efnis\u00fe\u00e6tti", ""]], "_id": "554b65a162933a2b9f001693"}, {"exemplary": null, "topics": "t\u00f6lvunotkun, uppl\u00fdsingamennt", "abbreviation": "UPPT2UT05", "former_schools": null, "subject": "uppl\u00fdsingat\u00e6kni", "title": "Uppl\u00fdsingat\u00e6kni I", "version": 6, "status_trans": "Sam\u00feykkt af sk\u00f3la", "embedded_subject": {"abbreviation": "UPPT", "topics": [{"abbreviation": "UT", "topics": ["t\u00f6lvunotkun", "uppl\u00fdsingamennt"]}, {"abbreviation": "US", "topics": ["pers\u00f3nuuppl\u00fdsingar", "sj\u00fakraskr\u00e1ning", "uppl\u00fdsingat\u00e6kni"]}, {"abbreviation": "TT", "topics": ["einf\u00f6ld forritun", "gagnasafnsfr\u00e6\u00f0i", "notkun t\u00f6flureikna", "vefs\u00ed\u00f0uger\u00f0"]}, {"abbreviation": "T\u00d6", "topics": ["Uppl\u00fdsingat\u00e6kni og t\u00f6lfr\u00e6\u00f0i"]}, {"abbreviation": "N\u00d6", "topics": ["Net\u00f6ryggi"]}, {"abbreviation": "SK", "topics": ["Sk\u00f6pun"]}, {"abbreviation": "TS", "topics": ["T\u00f6lvup\u00f3stsamskipti"]}, {"abbreviation": "RI", "topics": ["Ritun"]}, {"abbreviation": "RV", "topics": ["Ritvinnsla"]}, {"abbreviation": "MA", "topics": ["UPPT"]}, {"abbreviation": "UV", "topics": ["Uppl\u00fdsingat\u00e6kni og vefs\u00ed\u00f0uger\u00f0"]}, {"abbreviation": "OF", "topics": ["Uppl\u00fdsingat\u00e6kni"]}, {"abbreviation": "UA", "topics": ["Uppl\u00fdsingat\u00e6kni og t\u00f6lvunotkun"]}, {"abbreviation": "UB", "topics": ["Uppl\u00fdsingat\u00e6kni", "hugb\u00fana\u00f0ur", "t\u00f6luvnotkun"]}], "_id": "50c0a02dd8e40575f7f6f4d0", "subjects": ["uppl\u00fdsingat\u00e6kni"], "counter": {"1": 13, "3": 1, "2": 5, "4": 0}}, "evaluation": "\u00deekking:\tVerkefni sem unnin eru \u00ed kennslut\u00edmum og heima eru metin jafnt og \u00fe\u00e9tt yfir \u00f6nnina. \nLeikni:\t\u00c1fanginn er s\u00edmats\u00e1fangi. Nemendur taka fimm pr\u00f3f yfir \u00f6nnina. N\u00e1msmati\u00f0 tekur mi\u00f0 af \u00e1stundun nemenda, verkefnavinnu, rafr\u00e6num skilum \u00e1 verkefnum og vegnu me\u00f0altali einkunna \u00far pr\u00f3fum.\nH\u00e6fni:\tNemendur geti n\u00fdtt \u00fe\u00e1 \u00feekkingu og leikni sem \u00feeir hafa afla\u00f0 s\u00e9r og s\u00fdni sj\u00e1lfst\u00e6\u00f0i \u00ed vinnubr\u00f6g\u00f0um. \u00deeir lesi fyrirm\u00e6li og fylgi \u00feeim. \u00deeir skrifi og tj\u00e1i sig me\u00f0 eigin texta \u00ed ritvinnslu og framsetningarforritum. \u00deeir lesa t\u00f6lulegar uppl\u00fdsingar \u00far myndritum \u00ed t\u00f6flu\u00acreikni. L\u00f6g\u00f0 er r\u00edk \u00e1hersla \u00e1 a\u00f0 n\u00e1mi\u00f0 n\u00fdtist sem g\u00f3\u00f0ur undirb\u00faningur fyrir frekara n\u00e1m e\u00f0a st\u00f6rf. ", "categorization_suggestion": "FB", "embedded_topics": {"abbreviation": "UT", "topics": ["t\u00f6lvunotkun", "uppl\u00fdsingamennt"]}, "status": "approved by school", "description": "\u00cd \u00e1fanganum kynnast nemendur og l\u00e6ra a\u00f0 nota fj\u00f6lbreyttan hugb\u00fana\u00f0 og t\u00e6ki til samskipta og vinnu me\u00f0 uppl\u00fdsingar og g\u00f6gn \u00e1 margv\u00edslegu formi vi\u00f0 lausn og framsetningu vi\u00f0fangsefna \u00ed n\u00e1mi s\u00ednu. Nemendur s\u00fdni \u00e1byrg\u00f0 og f\u00e6rni \u00ed vinnu me\u00f0 g\u00f6gn af \u00fdmsum toga \u00e1samt f\u00e6rni \u00ed samskiptum, me\u00f0fer\u00f0 uppl\u00fdsinga, sk\u00f6pun og mi\u00f0lun n\u00fdrrar \u00feekkingar. \u00deeir \u00f6\u00f0list h\u00e6fni \u00ed me\u00f0fer\u00f0 heimilda og vir\u00f0i h\u00f6funda\u00acr\u00e9tt. \u00d6rugg netsamskipti og si\u00f0fer\u00f0i \u00e1 Netinu. L\u00f6g\u00f0 er r\u00edk \u00e1hersla \u00e1 sj\u00e1lfst\u00e6\u00f0 og v\u00f6ndu\u00f0 vinnubr\u00f6g\u00f0 og a\u00f0 n\u00e1mi\u00f0 n\u00fdtist sem g\u00f3\u00f0ur undirb\u00faningur fyrir frekara n\u00e1m e\u00f0a st\u00f6rf. Kennslan byggist einkum \u00e1 verkefnavinnu nemenda og rafr\u00e6num skilum \u00e1 verkefnum. \u00cd \u00e1fanganum vinna nemendur me\u00f0 fj\u00f6lbreytt verkefni sem reyna \u00e1 sk\u00f6pun og \u00edmyndunarafl. \u00deeir l\u00e6ra a\u00f0 setja fram texta \u00e1 sk\u00fdran og l\u00e6silegan h\u00e1tt. \u00cd framsetningarforritum b\u00faa \u00feeir til gl\u00e6ru\u00ackynningu um sig sj\u00e1lfa og kynna fyrir h\u00f3pnum. \u00cd ritvinnslu vinna \u00feeir me\u00f0 texta af \u00fdmsum toga og m\u00f3ta hann. \u00deeir setja upp ritger\u00f0ir me\u00f0 efnisyfirliti, t\u00f6flu- og myndayfirliti. \u00cd \u00e1fanganum l\u00e6ra nemendur a\u00f0 nota t\u00f6flureikni til samskipta og vinnu me\u00f0 uppl\u00fdsingar og g\u00f6gn \u00e1 margv\u00edslegu formi vi\u00f0 lausn og framsetningu vi\u00f0fangsefna \u00ed n\u00e1mi s\u00ednu til verkefnaskila. Fari\u00f0 er \u00ed fj\u00e1rm\u00e1lal\u00e6si og me\u00f0fer\u00f0 t\u00f6lulegra gagna. Einnig er fari\u00f0 \u00ed sam\u00fe\u00e6ttingu t\u00f6flu\u00acreiknis og ritvinnslu. \nMarkmi\u00f0 n\u00e1msins er a\u00f0 stu\u00f0la a\u00f0 f\u00e6rni nemenda \u00ed fj\u00f6lbreyttu n\u00e1ms- og starfsumhverfi me\u00f0 hj\u00e1lp uppl\u00fdsingat\u00e6kninnar. Kennslan byggist einkum \u00e1 verkefnavinnu nemenda og skilum \u00e1 verkefnum og l\u00f6g\u00f0 \u00e1hersla \u00e1 a\u00f0 nemendur ver\u00f0i f\u00e6rir \u00ed a\u00f0 nota t\u00f6lvuna sem t\u00e6ki \u00ed n\u00e1minu. L\u00f6g\u00f0 er r\u00edk \u00e1hersla \u00e1 sj\u00e1lfst\u00e6\u00f0 og v\u00f6ndu\u00f0 vinnubr\u00f6g\u00f0 og a\u00f0 \u00feeir ver\u00f0i f\u00e6rir \u00ed a\u00f0 nota t\u00f6lvuna sem t\u00e6ki \u00ed n\u00e1minu og sam\u00ac\u00fe\u00e6tti kunn\u00e1ttu \u00ed uppl\u00fdsingat\u00e6kni vi\u00f0 framsetningu efnis vi\u00f0 a\u00f0rar n\u00e1msgreinar.\n", "knowledge_goals": ["a\u00f0ger\u00f0um \u00ed helstu forritum til framsetningar og mi\u00f0lunar \u00e1 texta", "textavinnslu og framsetningu texta", "h\u00f6fundar\u00e9tti og notkun heimilda", "si\u00f0fr\u00e6\u00f0i og si\u00f0fer\u00f0i Netsins (uppl\u00fdsinga- og t\u00f6lvusi\u00f0fr\u00e6\u00f0i)", "umhverfi og m\u00f6guleikum t\u00f6flureiknis vi\u00f0 me\u00f0fer\u00f0 t\u00f6lulegra gagna", "valkostum \u00ed fj\u00e1rm\u00e1lum og vi\u00f0horfum til \u00feeirra"], "skills_goals": ["markvissri notkun p\u00f3st- og samskiptaneta", "m\u00f3tun og framsetningu \u00e1 texta \u00e1 \u00fdmsan h\u00e1tt og \u00e1tti sig \u00e1 l\u00e6sileika hans", "a\u00f0ger\u00f0um \u00ed helstu forritum hugb\u00fana\u00f0ar, svo sem framsetningu og ritvinnslu", "me\u00f0fer\u00f0 heimilda og framsetningu \u00e1 \u00feeim", "me\u00f0fer\u00f0 t\u00f6lulegra gagna og framsetningu \u00e1 \u00feeim", "a\u00f0 greina valkosti \u00ed fj\u00e1rm\u00e1lum, fjalla um peninga \u00e1n vandkv\u00e6\u00f0a og gera \u00e1\u00e6tlanir fram \u00ed t\u00edmann", "\u00f6ruggum netsamskiptum", "sj\u00e1lfst\u00e6\u00f0um vinnubr\u00f6g\u00f0um"], "credits": 5, "last_modified": 1431431702.946503, "schools": ["51234a818caa45ed97015b35"], "coauthors": null, "instructions": "", "continued_education": false, "level": 2, "prerequisites": "", "author": "41be24d4-5ecf-4d99-9661-f49f574e3dcc", "abbreviation_version": null, "competence_goals": [["meta, var\u00f0veita, skapa og mi\u00f0la uppl\u00fdsingum og \u00feekkingu \u00e1 skipulag\u00f0an og skilvirkan h\u00e1tt (uppl\u00fdsingal\u00e6si)", ""], ["vinna a\u00f0 m\u00f3tun texta \u00e1 \u00fdmsan m\u00e1ta og stu\u00f0la a\u00f0 l\u00e6sileika hans", ""], ["setja upp heimildaritger\u00f0 \u00e1samt yfirlitum af \u00fdmsu tagi, s.s. efnisyfirliti, mynda- og t\u00f6fluyfirliti", ""], ["stunda \u00f6rugg netsamskipti og s\u00fdni \u00fear gott si\u00f0fer\u00f0i", ""], ["vinna me\u00f0 t\u00f6luleg g\u00f6gn, m\u00f3ta \u00feau og setja fram \u00e1 myndr\u00e6nan h\u00e1tt", ""], ["n\u00fdta m\u00f6guleika t\u00f6flureiknis til \u00fatreikninga \u00e1 fl\u00f3kinn m\u00e1ta", ""], ["greina valkosti \u00ed fj\u00e1rm\u00e1lum og gera \u00e1\u00e6tlanir fram \u00ed t\u00edmann", ""], ["stunda \u00f6rugg netsamskipti og s\u00fdni \u00fear gott si\u00f0fer\u00f0i", ""], ["vinna sj\u00e1lfst\u00e6tt a\u00f0 verkefnum", ""]], "_id": "5551ea1662933a2f3d000471"}, {"exemplary": null, "topics": "lestur, ritun, r\u00f6kf\u00e6rsla", "abbreviation": "\u00cdSLE2II05", "former_schools": null, "subject": "\u00edslenska", "title": "\u00cdslenska II", "version": 71, "status_trans": "Sam\u00feykkt af sk\u00f3la", "embedded_subject": {"abbreviation": "\u00cdSLE", "topics": [{"abbreviation": "VR", "topics": ["ritun", "vi\u00f0skiptaskj\u00f6l"]}, {"abbreviation": "TM", "topics": ["m\u00e1lskilningur", "tj\u00e1ning"]}, {"abbreviation": "MS", "topics": ["m\u00e1lskilningur", "s\u00e9rdeild"]}, {"abbreviation": "RT", "topics": ["ritun og tj\u00e1ning"]}, {"abbreviation": "LL", "topics": ["leshra\u00f0i", "lesskilningur"]}, {"abbreviation": "MM", "topics": ["m\u00e1lfr\u00e6\u00f0i", "m\u00e1ltilfinning"]}, {"abbreviation": "RG", "topics": ["greinamerkjasetning", "r\u00e9ttritun"]}, {"abbreviation": "SF", "topics": ["fr\u00f3\u00f0leiks\u00f6flun", "samskipti"]}, {"abbreviation": "BK", "topics": ["b\u00f3kmenntir", "kj\u00f6rb\u00f3k"]}, {"abbreviation": "RB", "topics": ["b\u00f3kmenntir", "ritun"]}, {"abbreviation": "BM", "topics": ["b\u00f3kmenntir", "m\u00e1lsaga", "ritun", "tj\u00e1ning"]}, {"abbreviation": "NB", "topics": ["n\u00fat\u00edmab\u00f3kmenntir"]}, {"abbreviation": "BF", "topics": ["b\u00f3kmenntir fyrri alda"]}, {"abbreviation": "SB", "topics": ["menning", "samt\u00edmab\u00f3kmenntir"]}, {"abbreviation": "BB", "topics": ["barnab\u00f3kmenntir"]}, {"abbreviation": "HR", "topics": ["hra\u00f0lestur"]}, {"abbreviation": "YN", "topics": ["yndislestur"]}, {"abbreviation": "ML", "topics": ["leskilningur", "m\u00e1lnotkun", "m\u00e1ltaka", "ritun og tj\u00e1ning"]}, {"abbreviation": "MB", "topics": ["b\u00f3kmenntir og ritun", "m\u00e1lnotkun"]}, {"abbreviation": "MN", "topics": ["b\u00f3kmenntir", "m\u00e1lsaga og nafnasi\u00f0ir"]}, {"abbreviation": "YH", "topics": ["hra\u00f0lestur", "yndislestur"]}, {"abbreviation": "BS", "topics": ["b\u00f3kmenntir s\u00ed\u00f0ari alda"]}, {"abbreviation": "FH", "topics": ["f\u00e9lagsleg m\u00e1lv\u00edsindi", "hlj\u00f3\u00f0fr\u00e6\u00f0i og hlj\u00f3\u00f0kerfisfr\u00e6\u00f0i", "\u00fe\u00fd\u00f0ingar"]}, {"abbreviation": "TB", "topics": ["tj\u00e1skipti barna og fullor\u00f0inna"]}, {"abbreviation": "GL", "topics": ["gl\u00e6pas\u00f6gur"]}, {"abbreviation": "RM", "topics": ["m\u00e1lfr\u00e6\u00f0i", "ritun", "stafsetning"]}, {"abbreviation": "BT", "topics": ["bragfr\u00e6\u00f0i", "setningafr\u00e6\u00f0i", "textar fr\u00e1 \u00fdmsum l\u00f6ndum"]}, {"abbreviation": "MT", "topics": ["m\u00e1lfr\u00e6\u00f0i", "ritun og tj\u00e1ning"]}, {"abbreviation": "BR", "topics": ["b\u00f3kmenntir", "m\u00e1lnotkun", "ritun"]}, {"abbreviation": "MG", "topics": ["b\u00f3kmenntir og ritun", "go\u00f0afr\u00e6\u00f0i", "m\u00e1lsaga"]}, {"abbreviation": "EU", "topics": ["eddukv\u00e6\u00f0i", "uppl\u00fdsing"]}, {"abbreviation": "UK", "topics": ["kreppa", "uppl\u00fdsing"]}, {"abbreviation": "KA", "topics": ["aldam\u00f3t", "kreppa"]}, {"abbreviation": "RN", "topics": ["n\u00fat\u00edmab\u00f3kmenntir", "ritger\u00f0arsm\u00ed\u00f0"]}, {"abbreviation": "KU", "topics": ["kynningarefni", "ums\u00f3knir"]}, {"abbreviation": "RI", "topics": ["ritger\u00f0arsm\u00ed\u00f0", "textar fr\u00e1 \u00fdmsum l\u00f6ndum"]}, {"abbreviation": "BG", "topics": ["b\u00f3kmenntir", "go\u00f0afr\u00e6\u00f0i", "m\u00e1lsaga"]}, {"abbreviation": "FM", "topics": ["fornb\u00f3kmenntir", "m\u00e1lfr\u00e6\u00f0i"]}, {"abbreviation": "BN", "topics": ["b\u00f3kmenntir", "n\u00fat\u00edmi"]}, {"abbreviation": "FO", "topics": ["fornb\u00f3kmenntir"]}, {"abbreviation": "UN", "topics": ["undirb\u00fanings\u00e1fangi \u00ed \u00edslensku"]}, {"abbreviation": "MR", "topics": ["b\u00f3kmenntir", "m\u00e1lnotkun og ritun"]}, {"abbreviation": "ED", "topics": ["eddukv\u00e6\u00f0i og \u00edslendingas\u00f6gur"]}, {"abbreviation": "NJ", "topics": ["fr\u00e1 nj\u00e1lu til n\u00fdr\u00f3mant\u00edkur"]}, {"abbreviation": "\u00d6L", "topics": ["b\u00f3kmenntir \u00e1 20. \u00f6ld"]}, {"abbreviation": "ME", "topics": ["b\u00f3kmenntir"]}, {"abbreviation": "RL", "topics": ["lestur", "ritun og tj\u00e1ning"]}, {"abbreviation": "MI", "topics": ["m\u00e1l og b\u00f3kmenntir fr\u00e1 si\u00f0askiptum til aldam\u00f3tanna 1900"]}, {"abbreviation": "GM", "topics": ["go\u00f0afr\u00e6\u00f0i", "m\u00e1lsaga"]}, {"abbreviation": "GR", "topics": ["grunnur"]}, {"abbreviation": "LR", "topics": ["lestur og ritun"]}, {"abbreviation": "ST", "topics": ["stafsetning"]}, {"abbreviation": "\u00cdS", "topics": ["\u00edslenska"]}, {"abbreviation": "LT", "topics": ["lestur", "m\u00e1lfr\u00e6\u00f0i", "ritun", "stafsetning", "tj\u00e1ning"]}, {"abbreviation": "SR", "topics": ["lestur og tj\u00e1ning", "m\u00e1lfr\u00e6\u00f0i", "ritun", "stafsetning"]}, {"abbreviation": "GO", "topics": ["go\u00f0afr\u00e6\u00f0i", "m\u00e1lnotkun og ritun", "m\u00e1lsaga"]}, {"abbreviation": "NH", "topics": ["b\u00f3kmenntasaga 1900 til samt\u00edmans", "hugtakabeiting", "n\u00fat\u00edmab\u00f3kmenntir"]}, {"abbreviation": "RR", "topics": ["ritger\u00f0asm\u00ed\u00f0", "ritun"]}, {"abbreviation": "LF", "topics": ["b\u00f3kmenntasaga 1550-1900", "l\u00e6rd\u00f3ms\u00f6ld", "rauns\u00e6i"]}, {"abbreviation": "VE", "topics": ["verkefni vali\u00f0 og almenn b\u00f3kmenntafr\u00e6\u00f0i kynnt"]}, {"abbreviation": "MV", "topics": ["m\u00e1lv\u00edsindi"]}, {"abbreviation": "YF", "topics": ["Yndislestur framhald"]}, {"abbreviation": "MH", "topics": ["M\u00e1lsaga og go\u00f0afr\u00e6\u00f0i hra\u00f0fer\u00f0"]}, {"abbreviation": "FF", "topics": ["Fornb\u00f3kmenntir hra\u00f0fer\u00f0"]}, {"abbreviation": "YM", "topics": ["Yndislestur 2"]}, {"abbreviation": "FJ", "topics": ["fj\u00f6lmi\u00f0lal\u00e6si"]}, {"abbreviation": "RV", "topics": ["ritger\u00f0arvinna"]}, {"abbreviation": "LS", "topics": ["- sk\u00e1ldsaga \u00far n\u00fat\u00edma", "lestur og lesskilningur"]}, {"abbreviation": "L\u00cd", "topics": ["lestur og lesskilningur - \u00edslendingas\u00f6gur"]}, {"abbreviation": "LE", "topics": ["lestur og lesskilningur - sk\u00e1lds\u00f6gur 20. aldar"]}, {"abbreviation": "H\u00cd", "topics": ["Hagn\u00fdt \u00edslenska"]}, {"abbreviation": "\u00cdM", "topics": ["\u00edslensk m\u00e1lsaga"]}, {"abbreviation": "KV", "topics": ["b\u00f3kmenntir og kvikmyndir"]}, {"abbreviation": "NG", "topics": ["Norr\u00e6n go\u00f0afr\u00e6\u00f0i"]}, {"abbreviation": "LJ", "topics": ["Lj\u00f3\u00f0"]}, {"abbreviation": "AA", "topics": ["Lestur og ritun"]}, {"abbreviation": "\u00cdC", "topics": ["\u00cdslenska \u00e1 starfsbraut"]}, {"abbreviation": "\u00cdA", "topics": ["\u00cdslenska 1 \u00e1 starfsbraut"]}, {"abbreviation": "\u00cdB", "topics": ["\u00cdslenska 2 \u00e1 starfsbraut"]}, {"abbreviation": "N\u00dd", "topics": ["N\u00fdsk\u00f6pun"]}, {"abbreviation": "AB", "topics": ["B\u00f3kmenntir", "m\u00e1lfr\u00e6\u00f0i og ritun"]}, {"abbreviation": "HI", "topics": ["M\u00e1lnotkun og ritun"]}, {"abbreviation": "TR", "topics": ["M\u00e1lnotun og ritun"]}, {"abbreviation": "TL", "topics": ["L\u00e6si", "ritun", "tj\u00e1ning"]}, {"abbreviation": "OH", "topics": ["hlustun", "or\u00f0afor\u00f0i", "talm\u00e1l og ritun"]}, {"abbreviation": "ES", "topics": ["Eddukv\u00e6\u00f0i til si\u00f0askipta"]}, {"abbreviation": "NA", "topics": ["N\u00fdr\u00f3mant\u00edk til aldam\u00f3ta"]}, {"abbreviation": "SN", "topics": ["Si\u00f0askipti til n\u00fdr\u00f3mant\u00edkur"]}, {"abbreviation": "YL", "topics": ["Yndislestur"]}, {"abbreviation": "SS", "topics": ["Stafsetning"]}, {"abbreviation": "BU", "topics": ["Barna- og unglingab\u00f3kmenntir"]}, {"abbreviation": "SK", "topics": ["sk\u00e1lds\u00f6gur"]}, {"abbreviation": "B\u00d3", "topics": ["B\u00f3kmenntir og tungum\u00e1l fr\u00e1 landn\u00e1mi til si\u00f0askipta"]}, {"abbreviation": "M\u00c1", "topics": ["M\u00e1l- og menningarsaga"]}, {"abbreviation": "NF", "topics": ["N\u00fdsk\u00f6punarferli\u00f0: \u00fe\u00f6rf", "afur\u00f0", "lausn"]}, {"abbreviation": "A\u00cd", "topics": ["Almenn \u00edslenska \u00e1 1 \u00ferepi"]}, {"abbreviation": "AM", "topics": ["almenn m\u00e1lnotkun", "b\u00f3kmenntir", "ritun"]}, {"abbreviation": "RS", "topics": ["Skapandi skrif"]}, {"abbreviation": "SP", "topics": ["Spennus\u00f6gur"]}, {"abbreviation": "\u00cdD", "topics": ["\u00cdslenska \u00e1 starfsbraut 4"]}, {"abbreviation": "\u00cdE", "topics": ["\u00cdslenska 5 \u00e1 starfsbraut"]}, {"abbreviation": "SM", "topics": ["Sk\u00e1lds\u00f6gur"]}, {"abbreviation": "M\u00de", "topics": ["\u00cdSLE"]}, {"abbreviation": "SA", "topics": ["Sk\u00f6pun \u00ed v\u00ed\u00f0u samhengi"]}, {"abbreviation": "SJ", "topics": ["L\u00e6si", "b\u00f3kmenntir", "hugtakaskilningur", "m\u00e1lfr\u00e6\u00f0i", "sj\u00e1lfb\u00e6rni og ritun"]}, {"abbreviation": "LM", "topics": ["L\u00e6si", "l\u00fd\u00f0r\u00e6\u00f0i", "mannr\u00e9ttindi og b\u00f3kmenntir"]}, {"abbreviation": "JR", "topics": ["L\u00e6si", "b\u00f3kmenntir og ritun", "jafnr\u00e9tti"]}, {"abbreviation": "HV", "topics": ["L\u00e6si", "heilbrig\u00f0i", "velfer\u00f0 og b\u00f3kmenntir"]}, {"abbreviation": "DB", "topics": ["Sk\u00f3labla\u00f0"]}, {"abbreviation": "\u00c6F", "topics": ["Go\u00f0s\u00f6gur", "fantas\u00edur", "\u00e6vint\u00fdri"]}, {"abbreviation": "VM", "topics": ["Verkefna\u00e1fangi \u00ed m\u00e1lv\u00edsindum"]}, {"abbreviation": "VB", "topics": ["Verkefna\u00e1fangi \u00ed b\u00f3kmenntum"]}, {"abbreviation": "SW", "topics": ["Stafsetning og ritun"]}, {"abbreviation": "MF", "topics": ["M\u00e1lfr\u00e6\u00f0i"]}, {"abbreviation": "SG", "topics": ["B\u00f3kmenntir", "setningafr\u00e6\u00f0i og go\u00f0afr\u00e6\u00f0i"]}, {"abbreviation": "OF", "topics": ["frambur\u00f0ur", "lestrarf\u00e6rni", "or\u00f0afor\u00f0i"]}, {"abbreviation": "CA", "topics": ["B\u00f3kmenntir fram til 1550"]}, {"abbreviation": "BH", "topics": ["Go\u00f0afr\u00e6\u00f0i", "m\u00e1lsaga og ritger\u00f0asm\u00ed\u00f0"]}, {"abbreviation": "DD", "topics": ["B\u00f3kmenntir og b\u00f3kmenntasaga", "einkum 1550-1900."]}, {"abbreviation": "CH", "topics": ["\u00cdslenska 3. Hra\u00f0fer\u00f0"]}, {"abbreviation": "EE", "topics": ["B\u00f3kmenntir og b\u00f3kmenntasaga eftir 1900."]}, {"abbreviation": "HL", "topics": ["M\u00e1lsaga og hlj\u00f3\u00f0fr\u00e6\u00f0i"]}, {"abbreviation": "CB", "topics": ["heimsb\u00f3kmenntir"]}, {"abbreviation": "AL", "topics": ["Almenn m\u00e1lnotkun og l\u00e6si"]}, {"abbreviation": "GF", "topics": ["Go\u00f0afr\u00e6\u00f0i og fornb\u00f3kmenntir"]}, {"abbreviation": "TE", "topics": ["Ritun og textagreining"]}, {"abbreviation": "MA", "topics": ["Menningararfur \u00ed n\u00fat\u00edmanum"]}, {"abbreviation": "S\u00c1", "topics": ["Skrefa\u00f0", "skrifa\u00f0 og skrafa\u00f0 um n\u00e6rsamf\u00e9lagi\u00f0/\u00e1tthagana."]}, {"abbreviation": "NM", "topics": ["fr\u00e1 n\u00fdr\u00f3mant\u00edk til m\u00f3dernisma"]}, {"abbreviation": "HM", "topics": ["Heimildir og m\u00e1lnotkun"]}, {"abbreviation": "M\u00c6", "topics": ["Menningarl\u00e6si"]}, {"abbreviation": "CK", "topics": ["\u00edslenskar kvikmyndir"]}, {"abbreviation": "CL", "topics": ["Leikh\u00fas og leikb\u00f3kmenntir"]}, {"abbreviation": "DL", "topics": ["Leikh\u00fas og leikb\u00f3kmenntir."]}, {"abbreviation": "CN", "topics": ["\u00derj\u00fa verk Halld\u00f3rs Laxness."]}, {"abbreviation": "HB", "topics": ["B\u00f3kmenntir", "heimildaritger\u00f0", "m\u00e1lsaga"]}, {"abbreviation": "CU", "topics": ["Barnab\u00f3kmenntir."]}, {"abbreviation": "CP", "topics": ["Textager\u00f0 og ritstj\u00f3rn"]}, {"abbreviation": "CY", "topics": ["Yndislestur I"]}, {"abbreviation": "DY", "topics": ["Yndislestur II"]}, {"abbreviation": "RH", "topics": ["\u00darvinnsla heimilda og ritun"]}, {"abbreviation": "B\u00cd", "topics": ["B\u00f3kmenntasaga", "\u00cdslendingasaga og forn kve\u00f0skapur"]}, {"abbreviation": "BL", "topics": ["B\u00f3kmenntasaga", "leikritalestur", "lj\u00f3\u00f0alestur", "n\u00fat\u00edmab\u00f3kmenntir"]}, {"abbreviation": "RF", "topics": ["Ritger\u00f0arskrif", "go\u00f0afr\u00e6\u00f0i og m\u00e1lsaga"]}, {"abbreviation": "KM", "topics": ["b\u00f3kmenntir", "kv\u00e6\u00f0i", "lj\u00f3\u00f0", "m\u00e1lnotkun", "ritun"]}, {"abbreviation": "SL", "topics": ["Ritlist"]}, {"abbreviation": "RO", "topics": ["lestur", "m\u00e1lnotkun", "or\u00f0afor\u00f0i", "ritun"]}, {"abbreviation": "LB", "topics": ["b\u00f3kmenntir", "l\u00e6si", "ritun", "stafsetning"]}, {"abbreviation": "FL", "topics": ["frams\u00f6gn", "lestur", "margv\u00edsleg ritun", "or\u00f0afor\u00f0i"]}, {"abbreviation": "HS", "topics": ["heimildavinna", "m\u00e1lnotkun", "ritun", "setningafr\u00e6\u00f0i"]}, {"abbreviation": "KB", "topics": ["b\u00f3kmenntasaga", "heimildavinna", "kynningar", "valdir b\u00f3kmenntatextar"]}, {"abbreviation": "VT", "topics": ["b\u00f3kmenntasaga", "stefnur \u00ed listum og menningu", "valdir b\u00f3kmenntatextar"]}, {"abbreviation": "KF", "topics": ["fr\u00e6\u00f0ileg umfj\u00f6llun", "kvikmyndafr\u00e6\u00f0i", "kvikmyndal\u00e6si", "samf\u00e9lagsr\u00fdni"]}, {"abbreviation": "UM", "topics": ["m\u00e1lfr\u00e6\u00f0i", "or\u00f0afor\u00f0i", "uppruni m\u00e1la", "\u00edslensk m\u00e1lsaga"]}, {"abbreviation": "\u00deH", "topics": ["\u00fej\u00f3\u00f0h\u00e1ttafr\u00e6\u00f0i", "\u00fej\u00f3\u00f0l\u00edfsfr\u00e6\u00f0i", "\u00fej\u00f3\u00f0sagnafr\u00e6\u00f0i og hversdagsmenning"]}, {"abbreviation": "FS", "topics": ["lestur fagurb\u00f3kmennta", "skapandi skrif", "t\u00falkunarm\u00f6guleikar"]}, {"abbreviation": "KS", "topics": ["mi\u00f0aldab\u00f3kmenntir (kv\u00e6\u00f0i og s\u00f6gur)", "\u00e1hrif \u00feeirra \u00e1 n\u00fat\u00edmaverk"]}, {"abbreviation": "TS", "topics": ["m\u00e1lfar", "samf\u00e9lag", "tj\u00e1skipti", "tungum\u00e1l"]}, {"abbreviation": "\u00c1\u00d6", "topics": ["\u00c1stir og \u00f6rl\u00f6g \u00ed b\u00f3kmenntum fyrri alda"]}, {"abbreviation": "LH", "topics": ["Leikh\u00fas", "leiklist og leikb\u00f3kmenntir"]}, {"abbreviation": "DE", "topics": ["Delludagar", "Lestur og ritun"]}, {"abbreviation": "FV", "topics": ["Frumverk", "Lestur og ritun"]}, {"abbreviation": "A\u00de", "topics": ["Af\u00fereyingarb\u00f3kmenntir"]}, {"abbreviation": "B\u00de", "topics": ["\u00dej\u00f3\u00f0ararfurinn og tenging hans vi\u00f0 n\u00fat\u00edmann"]}, {"abbreviation": "OS", "topics": ["Or\u00f0spor"]}, {"abbreviation": "UT", "topics": ["Munnleg tj\u00e1ning"]}, {"abbreviation": "V\u00cd", "topics": ["V\u00edkingar og menning \u00feeirra"]}, {"abbreviation": "LX", "topics": ["Halld\u00f3r Laxness"]}, {"abbreviation": "ON", "topics": ["Beyginar", "frambur\u00f0ur", "setningaskipan og or\u00f0afor\u00f0i n\u00fat\u00edmam\u00e1ls"]}, {"abbreviation": "GE", "topics": ["B\u00f3kmenntagreining", "eddukv\u00e6\u00f0i og ritun.", "go\u00f0afr\u00e6\u00f0i"]}, {"abbreviation": "BA", "topics": ["B\u00f3kmenntir s\u00ed\u00f0ari alda"]}, {"abbreviation": "F\u00c9", "topics": ["F\u00e9lagsleg m\u00e1lv\u00edsindi"]}, {"abbreviation": "\u00cdR", "topics": ["mi\u00f0aldab\u00f3kmenntir", "r\u00f3mant\u00edk og ritun", "\u00cdslendingasaga"]}, {"abbreviation": "RD", "topics": ["Rauns\u00e6i", "b\u00f3kmenntasaga 20. aldar og 21. aldar."]}, {"abbreviation": "LG", "topics": ["Lestur g\u00f3\u00f0ra b\u00f3ka"]}, {"abbreviation": "NS", "topics": ["N\u00fat\u00edmab\u00f3kmenntir", "lestur og skapandi skrif"]}, {"abbreviation": "VH", "topics": ["b\u00f3kmenntir", "l\u00e6si", "velfer\u00f0"]}, {"abbreviation": "VF", "topics": ["l\u00e6si", "velfer\u00f0 og b\u00f3kmenntir"]}, {"abbreviation": "UL", "topics": ["l\u00e6si", "sk\u00f6pun", "uppg\u00f6tvun"]}, {"abbreviation": "MO", "topics": ["Mi\u00f0aldab\u00f3kmenntir"]}, {"abbreviation": "CC", "topics": ["Fornb\u00f3kmenntir."]}, {"abbreviation": "\u00deS", "topics": ["\u00dej\u00f3\u00f0sk\u00e1ld"]}, {"abbreviation": "HE", "topics": ["Heimildaritun"]}, {"abbreviation": "KO", "topics": ["Kvennab\u00f3kmenntir"]}, {"abbreviation": "MU", "topics": ["Munnm\u00e6lasagnir"]}, {"abbreviation": "TJ", "topics": ["Menningartj\u00fatt"]}, {"abbreviation": "U\u00c1", "topics": ["Undirb\u00fanings\u00e1fangi"]}, {"abbreviation": "R\u00d6", "topics": ["Ritun og r\u00f6kf\u00e6rsla"]}, {"abbreviation": "HH", "topics": ["heimildavinna", "m\u00e1lsaga", "m\u00e1lstefna", "ritun"]}, {"abbreviation": "UA", "topics": ["einf\u00f6ld m\u00e1lfr\u00e6\u00f0i", "lestur", "ritun", "stafsetning"]}, {"abbreviation": "UB", "topics": ["lestur", "m\u00e1lfr\u00e6\u00f0i", "ritun", "stafsetning"]}, {"abbreviation": "FN", "topics": ["b\u00f3kmenntir", "forn\u00e1m-l\u00e6si", "ritun"]}, {"abbreviation": "GG", "topics": ["Garpar og go\u00f0sagnir"]}, {"abbreviation": "BP", "topics": ["B\u00f3kmenntaumr\u00e6\u00f0a"]}, {"abbreviation": "UU", "topics": ["", "l\u00e6si b\u00f3kmenntir", "ritun"]}, {"abbreviation": "TT", "topics": ["b\u00f3kmenntir", "l\u00e6si", "ritun"]}, {"abbreviation": "II", "topics": ["lestur", "ritun", "r\u00f6kf\u00e6rsla"]}], "_id": "50c0a02dd8e40575f7f6f4a2", "subjects": ["\u00edslenska"], "counter": {"1": 62, "3": 107, "2": 70, "4": 2}}, "evaluation": "\u2022\t\u00deekking er metin me\u00f0 lokapr\u00f3fi, stuttum pr\u00f3fum og verkefnum sem b\u00e6\u00f0i eru unnin \u00ed kennslustundum og heima.\n\u2022\tLeikni er metin \u00fat fr\u00e1 ritun, fr\u00e1gangi, m\u00e1lfari og tj\u00e1ningu.\n\u2022\tH\u00e6fni er metin me\u00f0 verkefnavinnu, \u00fat fr\u00e1 samvinnu nemenda og sko\u00f0anaskiptum. \u00cd ritun er h\u00fan metin \u00fat fr\u00e1 r\u00f6kstu\u00f0ningi og fj\u00f6lbreyttu m\u00e1lfari.", "categorization_suggestion": "FB", "embedded_topics": {"abbreviation": "II", "topics": ["lestur", "ritun", "r\u00f6kf\u00e6rsla"]}, "status": "approved by school", "description": "Vi\u00f0fangsefni \u00e1fangans er ritun, m\u00e1lnotkun, setningafr\u00e6\u00f0i og b\u00f3kmenntir. Fjalla\u00f0 er um \u00f3l\u00edkar ger\u00f0ir ritsm\u00ed\u00f0a me\u00f0 \u00e1herslu \u00e1 r\u00f6kf\u00e6rslu. Nemendur eru \u00fej\u00e1lfa\u00f0ir \u00ed a\u00f0 byggja upp texta og ganga fr\u00e1 \u00feeim. Fari\u00f0 er \u00ed setningafr\u00e6\u00f0i og m\u00e1lfr\u00e6\u00f0ihugt\u00f6k rifju\u00f0 upp. Lesnar eru sk\u00e1lds\u00f6gur, sm\u00e1s\u00f6gur og go\u00f0afr\u00e6\u00f0i og fjalla\u00f0 um grunnhugt\u00f6k \u00ed b\u00f3kmenntafr\u00e6\u00f0i. Auk \u00feess eru lesnir \u00fdmsir textar, t.d. bla\u00f0agreinar, \u00fear sem nemendur f\u00e1 t\u00e6kif\u00e6ri til a\u00f0 taka afst\u00f6\u00f0u til \u00fdmissa m\u00e1lefna. R\u00e6tt er um grunn\u00fe\u00e6ttina eftir \u00fev\u00ed sem n\u00e1msefni gefur tilefni til.", "knowledge_goals": ["helstu hugt\u00f6kum \u00ed ritger\u00f0asm\u00ed\u00f0", "m\u00e1lfr\u00e6\u00f0i- og setningafr\u00e6\u00f0ihugt\u00f6kum og ritreglum sem auka m\u00e1lf\u00e6rni", "grunnhugt\u00f6kum \u00ed b\u00f3kmenntafr\u00e6\u00f0i", "or\u00f0afor\u00f0a til a\u00f0 skilja \u00f3l\u00edka texta", "helstu go\u00f0um og go\u00f0s\u00f6gum"], "skills_goals": ["koma sko\u00f0unum s\u00ednum \u00e1 framf\u00e6ri \u00e1 sk\u00fdran og greinarg\u00f3\u00f0an h\u00e1tt \u00ed ritu\u00f0u m\u00e1li", "ganga fr\u00e1 ritsm\u00ed\u00f0um \u00e1 vi\u00f0unandi h\u00e1tt", "taka \u00fe\u00e1tt \u00ed sko\u00f0anaskiptum og r\u00f6kr\u00e6\u00f0um me\u00f0 jafningjum", "n\u00fdta s\u00e9r m\u00e1lfr\u00e6\u00f0i- og setningafr\u00e6\u00f0ihugt\u00f6k til \u00feess a\u00f0 efla eigin m\u00e1lf\u00e6rni", "n\u00fdta s\u00e9r or\u00f0ab\u00e6kur og a\u00f0rar handb\u00e6kur um m\u00e1lnotkun vi\u00f0 textager\u00f0", "\u00feekkja og skilja go\u00f0s\u00f6gur"], "credits": 5, "last_modified": 1432249901.956272, "schools": ["51234a818caa45ed97015b35"], "coauthors": null, "instructions": "", "continued_education": false, "level": 2, "prerequisites": "Nemendur hafi loki\u00f0 1. \u00ferepi \u00ed \u00edslensku e\u00f0a hafi einkunnina B+ e\u00f0a A \u00far grunnsk\u00f3la", "author": "41be24d4-5ecf-4d99-9661-f49f574e3dcc", "abbreviation_version": null, "competence_goals": [["f\u00e6ra r\u00f6k fyrir m\u00e1li s\u00ednu \u00e1 sk\u00fdran og greinarg\u00f3\u00f0an h\u00e1tt", ""], ["styrkja eigin m\u00e1l- og ritf\u00e6rni", ""], ["beita sk\u00fdru og bl\u00e6brig\u00f0ar\u00edku m\u00e1li \u00ed r\u00e6\u00f0u og riti", ""], ["taka \u00fe\u00e1tt \u00ed umr\u00e6\u00f0um, f\u00e6ra r\u00f6k fyrir m\u00e1li s\u00ednu og komast a\u00f0 m\u00e1lefnalegri ni\u00f0urst\u00f6\u00f0u, munnlega og skriflega", ""], ["\u00feekkja go\u00f0s\u00f6gur og skilja menningarlegt gildi \u00feeirra", ""]], "_id": "555e662d62933a5b200001f9"}, {"exemplary": null, "topics": "eddukv\u00e6\u00f0i, heimildavinna, m\u00e1lsaga, stafsetning og b\u00f3kmenntir", "abbreviation": "\u00cdSLE2KK05", "former_schools": null, "subject": "\u00edslenska", "title": "\u00cdslenska III", "version": 72, "status_trans": "Sam\u00feykkt af sk\u00f3la", "embedded_subject": {"abbreviation": "\u00cdSLE", "topics": [{"abbreviation": "VR", "topics": ["ritun", "vi\u00f0skiptaskj\u00f6l"]}, {"abbreviation": "TM", "topics": ["m\u00e1lskilningur", "tj\u00e1ning"]}, {"abbreviation": "MS", "topics": ["m\u00e1lskilningur", "s\u00e9rdeild"]}, {"abbreviation": "RT", "topics": ["ritun og tj\u00e1ning"]}, {"abbreviation": "LL", "topics": ["leshra\u00f0i", "lesskilningur"]}, {"abbreviation": "MM", "topics": ["m\u00e1lfr\u00e6\u00f0i", "m\u00e1ltilfinning"]}, {"abbreviation": "RG", "topics": ["greinamerkjasetning", "r\u00e9ttritun"]}, {"abbreviation": "SF", "topics": ["fr\u00f3\u00f0leiks\u00f6flun", "samskipti"]}, {"abbreviation": "BK", "topics": ["b\u00f3kmenntir", "kj\u00f6rb\u00f3k"]}, {"abbreviation": "RB", "topics": ["b\u00f3kmenntir", "ritun"]}, {"abbreviation": "BM", "topics": ["b\u00f3kmenntir", "m\u00e1lsaga", "ritun", "tj\u00e1ning"]}, {"abbreviation": "NB", "topics": ["n\u00fat\u00edmab\u00f3kmenntir"]}, {"abbreviation": "BF", "topics": ["b\u00f3kmenntir fyrri alda"]}, {"abbreviation": "SB", "topics": ["menning", "samt\u00edmab\u00f3kmenntir"]}, {"abbreviation": "BB", "topics": ["barnab\u00f3kmenntir"]}, {"abbreviation": "HR", "topics": ["hra\u00f0lestur"]}, {"abbreviation": "YN", "topics": ["yndislestur"]}, {"abbreviation": "ML", "topics": ["leskilningur", "m\u00e1lnotkun", "m\u00e1ltaka", "ritun og tj\u00e1ning"]}, {"abbreviation": "MB", "topics": ["b\u00f3kmenntir og ritun", "m\u00e1lnotkun"]}, {"abbreviation": "MN", "topics": ["b\u00f3kmenntir", "m\u00e1lsaga og nafnasi\u00f0ir"]}, {"abbreviation": "YH", "topics": ["hra\u00f0lestur", "yndislestur"]}, {"abbreviation": "BS", "topics": ["b\u00f3kmenntir s\u00ed\u00f0ari alda"]}, {"abbreviation": "FH", "topics": ["f\u00e9lagsleg m\u00e1lv\u00edsindi", "hlj\u00f3\u00f0fr\u00e6\u00f0i og hlj\u00f3\u00f0kerfisfr\u00e6\u00f0i", "\u00fe\u00fd\u00f0ingar"]}, {"abbreviation": "TB", "topics": ["tj\u00e1skipti barna og fullor\u00f0inna"]}, {"abbreviation": "GL", "topics": ["gl\u00e6pas\u00f6gur"]}, {"abbreviation": "RM", "topics": ["m\u00e1lfr\u00e6\u00f0i", "ritun", "stafsetning"]}, {"abbreviation": "BT", "topics": ["bragfr\u00e6\u00f0i", "setningafr\u00e6\u00f0i", "textar fr\u00e1 \u00fdmsum l\u00f6ndum"]}, {"abbreviation": "MT", "topics": ["m\u00e1lfr\u00e6\u00f0i", "ritun og tj\u00e1ning"]}, {"abbreviation": "BR", "topics": ["b\u00f3kmenntir", "m\u00e1lnotkun", "ritun"]}, {"abbreviation": "MG", "topics": ["b\u00f3kmenntir og ritun", "go\u00f0afr\u00e6\u00f0i", "m\u00e1lsaga"]}, {"abbreviation": "EU", "topics": ["eddukv\u00e6\u00f0i", "uppl\u00fdsing"]}, {"abbreviation": "UK", "topics": ["kreppa", "uppl\u00fdsing"]}, {"abbreviation": "KA", "topics": ["aldam\u00f3t", "kreppa"]}, {"abbreviation": "RN", "topics": ["n\u00fat\u00edmab\u00f3kmenntir", "ritger\u00f0arsm\u00ed\u00f0"]}, {"abbreviation": "KU", "topics": ["kynningarefni", "ums\u00f3knir"]}, {"abbreviation": "RI", "topics": ["ritger\u00f0arsm\u00ed\u00f0", "textar fr\u00e1 \u00fdmsum l\u00f6ndum"]}, {"abbreviation": "BG", "topics": ["b\u00f3kmenntir", "go\u00f0afr\u00e6\u00f0i", "m\u00e1lsaga"]}, {"abbreviation": "FM", "topics": ["fornb\u00f3kmenntir", "m\u00e1lfr\u00e6\u00f0i"]}, {"abbreviation": "BN", "topics": ["b\u00f3kmenntir", "n\u00fat\u00edmi"]}, {"abbreviation": "FO", "topics": ["fornb\u00f3kmenntir"]}, {"abbreviation": "UN", "topics": ["undirb\u00fanings\u00e1fangi \u00ed \u00edslensku"]}, {"abbreviation": "MR", "topics": ["b\u00f3kmenntir", "m\u00e1lnotkun og ritun"]}, {"abbreviation": "ED", "topics": ["eddukv\u00e6\u00f0i og \u00edslendingas\u00f6gur"]}, {"abbreviation": "NJ", "topics": ["fr\u00e1 nj\u00e1lu til n\u00fdr\u00f3mant\u00edkur"]}, {"abbreviation": "\u00d6L", "topics": ["b\u00f3kmenntir \u00e1 20. \u00f6ld"]}, {"abbreviation": "ME", "topics": ["b\u00f3kmenntir"]}, {"abbreviation": "RL", "topics": ["lestur", "ritun og tj\u00e1ning"]}, {"abbreviation": "MI", "topics": ["m\u00e1l og b\u00f3kmenntir fr\u00e1 si\u00f0askiptum til aldam\u00f3tanna 1900"]}, {"abbreviation": "GM", "topics": ["go\u00f0afr\u00e6\u00f0i", "m\u00e1lsaga"]}, {"abbreviation": "GR", "topics": ["grunnur"]}, {"abbreviation": "LR", "topics": ["lestur og ritun"]}, {"abbreviation": "ST", "topics": ["stafsetning"]}, {"abbreviation": "\u00cdS", "topics": ["\u00edslenska"]}, {"abbreviation": "LT", "topics": ["lestur", "m\u00e1lfr\u00e6\u00f0i", "ritun", "stafsetning", "tj\u00e1ning"]}, {"abbreviation": "SR", "topics": ["lestur og tj\u00e1ning", "m\u00e1lfr\u00e6\u00f0i", "ritun", "stafsetning"]}, {"abbreviation": "GO", "topics": ["go\u00f0afr\u00e6\u00f0i", "m\u00e1lnotkun og ritun", "m\u00e1lsaga"]}, {"abbreviation": "NH", "topics": ["b\u00f3kmenntasaga 1900 til samt\u00edmans", "hugtakabeiting", "n\u00fat\u00edmab\u00f3kmenntir"]}, {"abbreviation": "RR", "topics": ["ritger\u00f0asm\u00ed\u00f0", "ritun"]}, {"abbreviation": "LF", "topics": ["b\u00f3kmenntasaga 1550-1900", "l\u00e6rd\u00f3ms\u00f6ld", "rauns\u00e6i"]}, {"abbreviation": "VE", "topics": ["verkefni vali\u00f0 og almenn b\u00f3kmenntafr\u00e6\u00f0i kynnt"]}, {"abbreviation": "MV", "topics": ["m\u00e1lv\u00edsindi"]}, {"abbreviation": "YF", "topics": ["Yndislestur framhald"]}, {"abbreviation": "MH", "topics": ["M\u00e1lsaga og go\u00f0afr\u00e6\u00f0i hra\u00f0fer\u00f0"]}, {"abbreviation": "FF", "topics": ["Fornb\u00f3kmenntir hra\u00f0fer\u00f0"]}, {"abbreviation": "YM", "topics": ["Yndislestur 2"]}, {"abbreviation": "FJ", "topics": ["fj\u00f6lmi\u00f0lal\u00e6si"]}, {"abbreviation": "RV", "topics": ["ritger\u00f0arvinna"]}, {"abbreviation": "LS", "topics": ["- sk\u00e1ldsaga \u00far n\u00fat\u00edma", "lestur og lesskilningur"]}, {"abbreviation": "L\u00cd", "topics": ["lestur og lesskilningur - \u00edslendingas\u00f6gur"]}, {"abbreviation": "LE", "topics": ["lestur og lesskilningur - sk\u00e1lds\u00f6gur 20. aldar"]}, {"abbreviation": "H\u00cd", "topics": ["Hagn\u00fdt \u00edslenska"]}, {"abbreviation": "\u00cdM", "topics": ["\u00edslensk m\u00e1lsaga"]}, {"abbreviation": "KV", "topics": ["b\u00f3kmenntir og kvikmyndir"]}, {"abbreviation": "NG", "topics": ["Norr\u00e6n go\u00f0afr\u00e6\u00f0i"]}, {"abbreviation": "LJ", "topics": ["Lj\u00f3\u00f0"]}, {"abbreviation": "AA", "topics": ["Lestur og ritun"]}, {"abbreviation": "\u00cdC", "topics": ["\u00cdslenska \u00e1 starfsbraut"]}, {"abbreviation": "\u00cdA", "topics": ["\u00cdslenska 1 \u00e1 starfsbraut"]}, {"abbreviation": "\u00cdB", "topics": ["\u00cdslenska 2 \u00e1 starfsbraut"]}, {"abbreviation": "N\u00dd", "topics": ["N\u00fdsk\u00f6pun"]}, {"abbreviation": "AB", "topics": ["B\u00f3kmenntir", "m\u00e1lfr\u00e6\u00f0i og ritun"]}, {"abbreviation": "HI", "topics": ["M\u00e1lnotkun og ritun"]}, {"abbreviation": "TR", "topics": ["M\u00e1lnotun og ritun"]}, {"abbreviation": "TL", "topics": ["L\u00e6si", "ritun", "tj\u00e1ning"]}, {"abbreviation": "OH", "topics": ["hlustun", "or\u00f0afor\u00f0i", "talm\u00e1l og ritun"]}, {"abbreviation": "ES", "topics": ["Eddukv\u00e6\u00f0i til si\u00f0askipta"]}, {"abbreviation": "NA", "topics": ["N\u00fdr\u00f3mant\u00edk til aldam\u00f3ta"]}, {"abbreviation": "SN", "topics": ["Si\u00f0askipti til n\u00fdr\u00f3mant\u00edkur"]}, {"abbreviation": "YL", "topics": ["Yndislestur"]}, {"abbreviation": "SS", "topics": ["Stafsetning"]}, {"abbreviation": "BU", "topics": ["Barna- og unglingab\u00f3kmenntir"]}, {"abbreviation": "SK", "topics": ["sk\u00e1lds\u00f6gur"]}, {"abbreviation": "B\u00d3", "topics": ["B\u00f3kmenntir og tungum\u00e1l fr\u00e1 landn\u00e1mi til si\u00f0askipta"]}, {"abbreviation": "M\u00c1", "topics": ["M\u00e1l- og menningarsaga"]}, {"abbreviation": "NF", "topics": ["N\u00fdsk\u00f6punarferli\u00f0: \u00fe\u00f6rf", "afur\u00f0", "lausn"]}, {"abbreviation": "A\u00cd", "topics": ["Almenn \u00edslenska \u00e1 1 \u00ferepi"]}, {"abbreviation": "AM", "topics": ["almenn m\u00e1lnotkun", "b\u00f3kmenntir", "ritun"]}, {"abbreviation": "RS", "topics": ["Skapandi skrif"]}, {"abbreviation": "SP", "topics": ["Spennus\u00f6gur"]}, {"abbreviation": "\u00cdD", "topics": ["\u00cdslenska \u00e1 starfsbraut 4"]}, {"abbreviation": "\u00cdE", "topics": ["\u00cdslenska 5 \u00e1 starfsbraut"]}, {"abbreviation": "SM", "topics": ["Sk\u00e1lds\u00f6gur"]}, {"abbreviation": "M\u00de", "topics": ["\u00cdSLE"]}, {"abbreviation": "SA", "topics": ["Sk\u00f6pun \u00ed v\u00ed\u00f0u samhengi"]}, {"abbreviation": "SJ", "topics": ["L\u00e6si", "b\u00f3kmenntir", "hugtakaskilningur", "m\u00e1lfr\u00e6\u00f0i", "sj\u00e1lfb\u00e6rni og ritun"]}, {"abbreviation": "LM", "topics": ["L\u00e6si", "l\u00fd\u00f0r\u00e6\u00f0i", "mannr\u00e9ttindi og b\u00f3kmenntir"]}, {"abbreviation": "JR", "topics": ["L\u00e6si", "b\u00f3kmenntir og ritun", "jafnr\u00e9tti"]}, {"abbreviation": "HV", "topics": ["L\u00e6si", "heilbrig\u00f0i", "velfer\u00f0 og b\u00f3kmenntir"]}, {"abbreviation": "DB", "topics": ["Sk\u00f3labla\u00f0"]}, {"abbreviation": "\u00c6F", "topics": ["Go\u00f0s\u00f6gur", "fantas\u00edur", "\u00e6vint\u00fdri"]}, {"abbreviation": "VM", "topics": ["Verkefna\u00e1fangi \u00ed m\u00e1lv\u00edsindum"]}, {"abbreviation": "VB", "topics": ["Verkefna\u00e1fangi \u00ed b\u00f3kmenntum"]}, {"abbreviation": "SW", "topics": ["Stafsetning og ritun"]}, {"abbreviation": "MF", "topics": ["M\u00e1lfr\u00e6\u00f0i"]}, {"abbreviation": "SG", "topics": ["B\u00f3kmenntir", "setningafr\u00e6\u00f0i og go\u00f0afr\u00e6\u00f0i"]}, {"abbreviation": "OF", "topics": ["frambur\u00f0ur", "lestrarf\u00e6rni", "or\u00f0afor\u00f0i"]}, {"abbreviation": "CA", "topics": ["B\u00f3kmenntir fram til 1550"]}, {"abbreviation": "BH", "topics": ["Go\u00f0afr\u00e6\u00f0i", "m\u00e1lsaga og ritger\u00f0asm\u00ed\u00f0"]}, {"abbreviation": "DD", "topics": ["B\u00f3kmenntir og b\u00f3kmenntasaga", "einkum 1550-1900."]}, {"abbreviation": "CH", "topics": ["\u00cdslenska 3. Hra\u00f0fer\u00f0"]}, {"abbreviation": "EE", "topics": ["B\u00f3kmenntir og b\u00f3kmenntasaga eftir 1900."]}, {"abbreviation": "HL", "topics": ["M\u00e1lsaga og hlj\u00f3\u00f0fr\u00e6\u00f0i"]}, {"abbreviation": "CB", "topics": ["heimsb\u00f3kmenntir"]}, {"abbreviation": "AL", "topics": ["Almenn m\u00e1lnotkun og l\u00e6si"]}, {"abbreviation": "GF", "topics": ["Go\u00f0afr\u00e6\u00f0i og fornb\u00f3kmenntir"]}, {"abbreviation": "TE", "topics": ["Ritun og textagreining"]}, {"abbreviation": "MA", "topics": ["Menningararfur \u00ed n\u00fat\u00edmanum"]}, {"abbreviation": "S\u00c1", "topics": ["Skrefa\u00f0", "skrifa\u00f0 og skrafa\u00f0 um n\u00e6rsamf\u00e9lagi\u00f0/\u00e1tthagana."]}, {"abbreviation": "NM", "topics": ["fr\u00e1 n\u00fdr\u00f3mant\u00edk til m\u00f3dernisma"]}, {"abbreviation": "HM", "topics": ["Heimildir og m\u00e1lnotkun"]}, {"abbreviation": "M\u00c6", "topics": ["Menningarl\u00e6si"]}, {"abbreviation": "CK", "topics": ["\u00edslenskar kvikmyndir"]}, {"abbreviation": "CL", "topics": ["Leikh\u00fas og leikb\u00f3kmenntir"]}, {"abbreviation": "DL", "topics": ["Leikh\u00fas og leikb\u00f3kmenntir."]}, {"abbreviation": "CN", "topics": ["\u00derj\u00fa verk Halld\u00f3rs Laxness."]}, {"abbreviation": "HB", "topics": ["B\u00f3kmenntir", "heimildaritger\u00f0", "m\u00e1lsaga"]}, {"abbreviation": "CU", "topics": ["Barnab\u00f3kmenntir."]}, {"abbreviation": "CP", "topics": ["Textager\u00f0 og ritstj\u00f3rn"]}, {"abbreviation": "CY", "topics": ["Yndislestur I"]}, {"abbreviation": "DY", "topics": ["Yndislestur II"]}, {"abbreviation": "RH", "topics": ["\u00darvinnsla heimilda og ritun"]}, {"abbreviation": "B\u00cd", "topics": ["B\u00f3kmenntasaga", "\u00cdslendingasaga og forn kve\u00f0skapur"]}, {"abbreviation": "BL", "topics": ["B\u00f3kmenntasaga", "leikritalestur", "lj\u00f3\u00f0alestur", "n\u00fat\u00edmab\u00f3kmenntir"]}, {"abbreviation": "RF", "topics": ["Ritger\u00f0arskrif", "go\u00f0afr\u00e6\u00f0i og m\u00e1lsaga"]}, {"abbreviation": "KM", "topics": ["b\u00f3kmenntir", "kv\u00e6\u00f0i", "lj\u00f3\u00f0", "m\u00e1lnotkun", "ritun"]}, {"abbreviation": "SL", "topics": ["Ritlist"]}, {"abbreviation": "RO", "topics": ["lestur", "m\u00e1lnotkun", "or\u00f0afor\u00f0i", "ritun"]}, {"abbreviation": "LB", "topics": ["b\u00f3kmenntir", "l\u00e6si", "ritun", "stafsetning"]}, {"abbreviation": "FL", "topics": ["frams\u00f6gn", "lestur", "margv\u00edsleg ritun", "or\u00f0afor\u00f0i"]}, {"abbreviation": "HS", "topics": ["heimildavinna", "m\u00e1lnotkun", "ritun", "setningafr\u00e6\u00f0i"]}, {"abbreviation": "KB", "topics": ["b\u00f3kmenntasaga", "heimildavinna", "kynningar", "valdir b\u00f3kmenntatextar"]}, {"abbreviation": "VT", "topics": ["b\u00f3kmenntasaga", "stefnur \u00ed listum og menningu", "valdir b\u00f3kmenntatextar"]}, {"abbreviation": "KF", "topics": ["fr\u00e6\u00f0ileg umfj\u00f6llun", "kvikmyndafr\u00e6\u00f0i", "kvikmyndal\u00e6si", "samf\u00e9lagsr\u00fdni"]}, {"abbreviation": "UM", "topics": ["m\u00e1lfr\u00e6\u00f0i", "or\u00f0afor\u00f0i", "uppruni m\u00e1la", "\u00edslensk m\u00e1lsaga"]}, {"abbreviation": "\u00deH", "topics": ["\u00fej\u00f3\u00f0h\u00e1ttafr\u00e6\u00f0i", "\u00fej\u00f3\u00f0l\u00edfsfr\u00e6\u00f0i", "\u00fej\u00f3\u00f0sagnafr\u00e6\u00f0i og hversdagsmenning"]}, {"abbreviation": "FS", "topics": ["lestur fagurb\u00f3kmennta", "skapandi skrif", "t\u00falkunarm\u00f6guleikar"]}, {"abbreviation": "KS", "topics": ["mi\u00f0aldab\u00f3kmenntir (kv\u00e6\u00f0i og s\u00f6gur)", "\u00e1hrif \u00feeirra \u00e1 n\u00fat\u00edmaverk"]}, {"abbreviation": "TS", "topics": ["m\u00e1lfar", "samf\u00e9lag", "tj\u00e1skipti", "tungum\u00e1l"]}, {"abbreviation": "\u00c1\u00d6", "topics": ["\u00c1stir og \u00f6rl\u00f6g \u00ed b\u00f3kmenntum fyrri alda"]}, {"abbreviation": "LH", "topics": ["Leikh\u00fas", "leiklist og leikb\u00f3kmenntir"]}, {"abbreviation": "DE", "topics": ["Delludagar", "Lestur og ritun"]}, {"abbreviation": "FV", "topics": ["Frumverk", "Lestur og ritun"]}, {"abbreviation": "A\u00de", "topics": ["Af\u00fereyingarb\u00f3kmenntir"]}, {"abbreviation": "B\u00de", "topics": ["\u00dej\u00f3\u00f0ararfurinn og tenging hans vi\u00f0 n\u00fat\u00edmann"]}, {"abbreviation": "OS", "topics": ["Or\u00f0spor"]}, {"abbreviation": "UT", "topics": ["Munnleg tj\u00e1ning"]}, {"abbreviation": "V\u00cd", "topics": ["V\u00edkingar og menning \u00feeirra"]}, {"abbreviation": "LX", "topics": ["Halld\u00f3r Laxness"]}, {"abbreviation": "ON", "topics": ["Beyginar", "frambur\u00f0ur", "setningaskipan og or\u00f0afor\u00f0i n\u00fat\u00edmam\u00e1ls"]}, {"abbreviation": "GE", "topics": ["B\u00f3kmenntagreining", "eddukv\u00e6\u00f0i og ritun.", "go\u00f0afr\u00e6\u00f0i"]}, {"abbreviation": "BA", "topics": ["B\u00f3kmenntir s\u00ed\u00f0ari alda"]}, {"abbreviation": "F\u00c9", "topics": ["F\u00e9lagsleg m\u00e1lv\u00edsindi"]}, {"abbreviation": "\u00cdR", "topics": ["mi\u00f0aldab\u00f3kmenntir", "r\u00f3mant\u00edk og ritun", "\u00cdslendingasaga"]}, {"abbreviation": "RD", "topics": ["Rauns\u00e6i", "b\u00f3kmenntasaga 20. aldar og 21. aldar."]}, {"abbreviation": "LG", "topics": ["Lestur g\u00f3\u00f0ra b\u00f3ka"]}, {"abbreviation": "NS", "topics": ["N\u00fat\u00edmab\u00f3kmenntir", "lestur og skapandi skrif"]}, {"abbreviation": "VH", "topics": ["b\u00f3kmenntir", "l\u00e6si", "velfer\u00f0"]}, {"abbreviation": "VF", "topics": ["l\u00e6si", "velfer\u00f0 og b\u00f3kmenntir"]}, {"abbreviation": "UL", "topics": ["l\u00e6si", "sk\u00f6pun", "uppg\u00f6tvun"]}, {"abbreviation": "MO", "topics": ["Mi\u00f0aldab\u00f3kmenntir"]}, {"abbreviation": "CC", "topics": ["Fornb\u00f3kmenntir."]}, {"abbreviation": "\u00deS", "topics": ["\u00dej\u00f3\u00f0sk\u00e1ld"]}, {"abbreviation": "HE", "topics": ["Heimildaritun"]}, {"abbreviation": "KO", "topics": ["Kvennab\u00f3kmenntir"]}, {"abbreviation": "MU", "topics": ["Munnm\u00e6lasagnir"]}, {"abbreviation": "TJ", "topics": ["Menningartj\u00fatt"]}, {"abbreviation": "U\u00c1", "topics": ["Undirb\u00fanings\u00e1fangi"]}, {"abbreviation": "R\u00d6", "topics": ["Ritun og r\u00f6kf\u00e6rsla"]}, {"abbreviation": "HH", "topics": ["heimildavinna", "m\u00e1lsaga", "m\u00e1lstefna", "ritun"]}, {"abbreviation": "UA", "topics": ["einf\u00f6ld m\u00e1lfr\u00e6\u00f0i", "lestur", "ritun", "stafsetning"]}, {"abbreviation": "UB", "topics": ["lestur", "m\u00e1lfr\u00e6\u00f0i", "ritun", "stafsetning"]}, {"abbreviation": "FN", "topics": ["b\u00f3kmenntir", "forn\u00e1m-l\u00e6si", "ritun"]}, {"abbreviation": "GG", "topics": ["Garpar og go\u00f0sagnir"]}, {"abbreviation": "BP", "topics": ["B\u00f3kmenntaumr\u00e6\u00f0a"]}, {"abbreviation": "UU", "topics": ["", "l\u00e6si b\u00f3kmenntir", "ritun"]}, {"abbreviation": "TT", "topics": ["b\u00f3kmenntir", "l\u00e6si", "ritun"]}, {"abbreviation": "II", "topics": ["lestur", "ritun", "r\u00f6kf\u00e6rsla"]}, {"abbreviation": "KK", "topics": ["eddukv\u00e6\u00f0i", "heimildavinna", "m\u00e1lsaga", "stafsetning og b\u00f3kmenntir"]}], "_id": "50c0a02dd8e40575f7f6f4a2", "subjects": ["\u00edslenska"], "counter": {"1": 62, "3": 107, "2": 70, "4": 2}}, "evaluation": "\u2022\t\u00deekking er metin me\u00f0 lokapr\u00f3fi, stuttum pr\u00f3fum og verkefnum sem eru unnin \u00ed kennslustundum og heima.\n\u2022\tLeikni er metin \u00fat fr\u00e1 notkun heimilda, ritger\u00f0um nemenda, m\u00e1lfari og fr\u00e1gangi.\n\u2022\tH\u00e6fni er metin me\u00f0 verkefnavinnu, \u00fat fr\u00e1 samvinnu nemenda. \u00cd ritun er h\u00fan metin \u00fat fr\u00e1 heimildavinnu og m\u00e1lfari sem for\u00f0ast einh\u00e6fni og endurtekningar. ", "categorization_suggestion": "", "embedded_topics": {"abbreviation": "KK", "topics": ["eddukv\u00e6\u00f0i", "heimildavinna", "m\u00e1lsaga", "stafsetning og b\u00f3kmenntir"]}, "status": "approved by school", "description": "\u00cd \u00e1fanganum er l\u00f6g\u00f0 \u00e1hersla \u00e1 ritun heimildaritger\u00f0a og \u00f6flun og me\u00f0fer\u00f0 heimilda. Nemendur f\u00e1 \u00fej\u00e1lfun \u00ed a\u00f0 vitna \u00ed heimildir og gera heimildaskr\u00e1. Eddukv\u00e6\u00f0i, sk\u00e1ldsaga og fleiri b\u00f3kmenntatextar eru lesnir og unni\u00f0 me\u00f0 \u00fe\u00e1. Auk \u00feess eru lesnir styttri textar \u00fear sem nemendur eiga a\u00f0 taka afst\u00f6\u00f0u til \u00fdmissa m\u00e1lefna. Fari\u00f0 er \u00ed mikilv\u00e6g atri\u00f0i \u00edslenskrar m\u00e1ls\u00f6gu og r\u00e6tt um m\u00e1lstefnu. Nemendur eru \u00fej\u00e1lfa\u00f0ir \u00ed stafsetningu og m\u00e1lnotkun. R\u00e6tt er um grunn\u00fe\u00e6ttina eftir \u00fev\u00ed sem n\u00e1msefni\u00f0 gefur tilefni til.", "knowledge_goals": ["a\u00f0 greina a\u00f0alatri\u00f0i texta", "hvernig nota \u00e1 heimildir \u00ed ritger\u00f0", "heimildaleit og gildi heimilda", "m\u00e1lnotkun og stafsetningu", "s\u00f6gu og st\u00f6\u00f0u \u00edslenskrar tungu", "v\u00f6ldum eddukv\u00e6\u00f0um", "mikilv\u00e6gi \u00feess a\u00f0 hafa fj\u00f6lbreyttan or\u00f0afor\u00f0a"], "skills_goals": ["vinna \u00far heimildum \u00e1 sk\u00fdran og gagnr\u00fdninn h\u00e1tt", "meta heimildir og \u00e1rei\u00f0anleika \u00feeirra", "ganga fr\u00e1 ritsm\u00ed\u00f0um", "n\u00fdta s\u00e9r or\u00f0ab\u00e6kur og a\u00f0rar handb\u00e6kur um m\u00e1lnotkun", "n\u00fdta s\u00e9r gagnas\u00f6fn", "skilja hugmyndaheim eddukv\u00e6\u00f0a", "nota stafsetningarreglur og \u00fdmis hj\u00e1lparg\u00f6gn"], "credits": 5, "last_modified": 1432250199.670682, "schools": ["51234a818caa45ed97015b35"], "coauthors": null, "instructions": "", "continued_education": false, "level": 2, "prerequisites": "5 einingar \u00e1 2. \u00ferepi", "author": "41be24d4-5ecf-4d99-9661-f49f574e3dcc", "abbreviation_version": null, "competence_goals": [["meta heimildir og vinna \u00far \u00feeim", ""], ["skrifa heimildaritger\u00f0 samkv\u00e6mt reglum", ""], ["n\u00fdta s\u00e9r uppl\u00fdsingar \u00ed handb\u00f3kum og gagnas\u00f6fnum", ""], ["t\u00falka og skilja \u00f3l\u00edka b\u00f3kmenntatexta", ""], ["styrkja eigin m\u00e1lf\u00e6rni", ""], ["fjalla um \u00fer\u00f3un og st\u00f6\u00f0u \u00edslenskrar tungu", ""]], "_id": "555e675762933a5b200001ff"}, {"exemplary": null, "topics": "grunn\u00fe\u00e6ttir \u00ed almennri heilsu- og l\u00edkamsr\u00e6kt", "abbreviation": "\u00cd\u00deR\u00d31GH02(FB)", "former_schools": null, "subject": "\u00ed\u00fer\u00f3ttir", "title": "\u00dej\u00e1lfun, heilsa og vell\u00ed\u00f0an", "version": 117, "status_trans": "Sam\u00feykkt af sk\u00f3la", "embedded_subject": {"abbreviation": "\u00cd\u00deR\u00d3", "topics": [{"abbreviation": "\u00deK", "topics": ["kraftur", "styrkur", "\u00feol"]}, {"abbreviation": "GL", "topics": ["grunn\u00fe\u00e6ttir \u00ed almennri l\u00edkams- og heilsur\u00e6kt"]}, {"abbreviation": "GH", "topics": ["grunn\u00fe\u00e6ttir \u00ed almennri heilsu- og l\u00edkamsr\u00e6kt"]}, {"abbreviation": "LC", "topics": ["l\u00edkams- og heilsur\u00e6kt"]}, {"abbreviation": "LD", "topics": ["framhald", "l\u00edkams- og heilsur\u00e6kt"]}, {"abbreviation": "AL", "topics": ["almenn l\u00edkams- og heilsur\u00e6kt e\u00f0a \u00fativist"]}, {"abbreviation": "AH", "topics": ["almenn heilsu- og l\u00edkamsr\u00e6kt e\u00f0a \u00fativist"]}, {"abbreviation": "HR", "topics": ["heilsur\u00e6kt"]}, {"abbreviation": "HH", "topics": ["hreyfing og heilsur\u00e6kt"]}, {"abbreviation": "L\u00cd", "topics": ["l\u00edkamsr\u00e6kt"]}, {"abbreviation": "KN", "topics": ["knattspyrna"]}, {"abbreviation": "KK", "topics": ["k\u00f6rfuknattleikur"]}, {"abbreviation": "BA", "topics": ["badminton"]}, {"abbreviation": "BL", "topics": ["blak"]}, {"abbreviation": "HL", "topics": ["almenn heilsu- og l\u00edkamsr\u00e6kt"]}, {"abbreviation": "LA", "topics": ["almenn heilsu- og l\u00edkamsr\u00e6kt me\u00f0 \u00e1herslu \u00e1 styrk", "l\u00edkamsbeitingu og snerpu"]}, {"abbreviation": "LN", "topics": ["l\u00edfst\u00edll", "n\u00e6ring"]}, {"abbreviation": "M\u00de", "topics": ["markmi\u00f0asetning", "\u00fej\u00e1lfunar\u00e1\u00e6tlanir"]}, {"abbreviation": "SK", "topics": ["skipul\u00f6g\u00f0 hreyfing"]}, {"abbreviation": "S\u00cd", "topics": ["skipul\u00f6g\u00f0 hreyfing framhald", "\u00ed\u00fer\u00f3ttir"]}, {"abbreviation": "LS", "topics": ["l\u00edkamsbeiting og snerpa", "styrkur"]}, {"abbreviation": "U\u00de", "topics": ["upphitun", "\u00feol\u00fej\u00e1lfun"]}, {"abbreviation": "SL", "topics": ["li\u00f0leiki", "l\u00edkamsbeiting", "styrkur", "\u00ed\u00fer\u00f3ttamei\u00f0sli"]}, {"abbreviation": "SS", "topics": ["samh\u00e6fing", "snerpa"]}, {"abbreviation": "LH", "topics": ["heilsa", "l\u00edfsst\u00edll"]}, {"abbreviation": "HA", "topics": ["almenn l\u00edkams og heilsur\u00e6kt", "hreyfing", "likamsr\u00e6ktarsalur"]}, {"abbreviation": "B\u00cd", "topics": ["bolta\u00ed\u00fer\u00f3ttir", "l\u00edffr\u00e6\u00f0i hreyfingar"]}, {"abbreviation": "\u00daH", "topics": ["hreyfing", "j\u00e1kv\u00e6\u00f0 upplifun", "sj\u00e1lfstyrking", "\u00dativist"]}, {"abbreviation": "\u00daF", "topics": ["g\u00f6ngufer\u00f0ir \u00e1 fj\u00f6ll", "hreyfing", "\u00fativist"]}, {"abbreviation": "B\u00dd", "topics": ["Band\u00fd"]}, {"abbreviation": "GA", "topics": ["Ganga"]}, {"abbreviation": "SU", "topics": ["Sund"]}, {"abbreviation": "\u00cdS", "topics": ["starfsbraut", "\u00ed\u00fer\u00f3ttir"]}, {"abbreviation": "LB", "topics": ["L\u00edkamsr\u00e6kt", "hreyfing", "li\u00f0leiki", "styrking"]}, {"abbreviation": "A\u00cd", "topics": ["Almennar \u00ed\u00fer\u00f3ttir"]}, {"abbreviation": "BG", "topics": ["Grunnur a\u00f0 l\u00edkamsr\u00e6kt 2"]}, {"abbreviation": "AG", "topics": ["Grunnur a\u00f0 l\u00edkamsr\u00e6kt A"]}, {"abbreviation": "\u00cdC", "topics": ["L\u00edkamsr\u00e6kt og heilsa A"]}, {"abbreviation": "\u00cdD", "topics": ["L\u00edkamsr\u00e6kt og heilsa B"]}, {"abbreviation": "\u00cdF", "topics": ["Almenn heilsur\u00e6kt B"]}, {"abbreviation": "AA", "topics": ["almennar \u00ed\u00fer\u00f3ttir A"]}, {"abbreviation": "AB", "topics": ["Almennar \u00ed\u00fer\u00f3ttir B"]}, {"abbreviation": "AC", "topics": ["Almennar \u00ed\u00fer\u00f3ttir C"]}, {"abbreviation": "AD", "topics": ["Almennar \u00ed\u00fer\u00f3ttir D"]}, {"abbreviation": "AE", "topics": ["Almennar \u00ed\u00fer\u00f3ttir E"]}, {"abbreviation": "AF", "topics": ["Almennar \u00ed\u00fer\u00f3ttir F"]}, {"abbreviation": "HU", "topics": ["Hugur og heilsa"]}, {"abbreviation": "\u00deB", "topics": ["knattspyrna", "k\u00f6rfubolti og a\u00f0rir boltaleikir", "\u00derek"]}, {"abbreviation": "\u00cdG", "topics": ["\u00cd\u00fer\u00f3ttagreinar og \u00fativist"]}, {"abbreviation": "HJ", "topics": ["Hj\u00f3la\u00f0 \u00ed sk\u00f3lann"]}, {"abbreviation": "DL", "topics": ["Dansleikh\u00fas"]}, {"abbreviation": "LE", "topics": ["l\u00edkamsbeyting", "snerpa"]}, {"abbreviation": "LF", "topics": ["l\u00edkamsbeyting", "snerpa", "styrkur"]}, {"abbreviation": "LG", "topics": ["l\u00edkamsbeyting", "styrkur"]}, {"abbreviation": "NA", "topics": ["Hreyfing og heilsur\u00e6kt"]}, {"abbreviation": "NB", "topics": ["Almenn hreyfing og heilsur\u00e6kt"]}, {"abbreviation": "NC", "topics": ["Almenn heilsur\u00e6kt og hreyfing"]}, {"abbreviation": "ND", "topics": ["Fj\u00f6lbreytt hreyfing og heilsur\u00e6kt"]}, {"abbreviation": "NE", "topics": ["Hreyfing", "heilsu- og l\u00edkamsr\u00e6kt"]}, {"abbreviation": "NF", "topics": ["L\u00edkams- og heilsur\u00e6kt"]}, {"abbreviation": "\u00deR", "topics": ["\u00c6fingar \u00ed \u00fereksal"]}, {"abbreviation": "DA", "topics": ["dans", "leikir og samvinna", "\u00cd\u00fer\u00f3ttir"]}, {"abbreviation": "BO", "topics": ["Boltaleikir"]}, {"abbreviation": "HB", "topics": ["Handbolti"]}, {"abbreviation": "HP", "topics": ["Hlaup"]}, {"abbreviation": "K\u00d6", "topics": ["K\u00f6rfubolti"]}, {"abbreviation": "L\u00de", "topics": ["Leikir og \u00ferek"]}, {"abbreviation": "VE", "topics": ["Vetrar\u00ed\u00fer\u00f3ttir", "bretti", "skautar", "sk\u00ed\u00f0i"]}, {"abbreviation": "\u00deL", "topics": ["hlaup", "li\u00f0leiki", "lyftingar", "\u00derek"]}, {"abbreviation": "\u00cdA", "topics": ["Almenn heilsur\u00e6kt"]}, {"abbreviation": "S\u00c9", "topics": ["s\u00e9rh\u00e6fing \u00ed \u00ed\u00fer\u00f3ttagrein"]}, {"abbreviation": "ST", "topics": ["Styrktar\u00fej\u00e1lfun"]}, {"abbreviation": "SV", "topics": ["Skvass"]}, {"abbreviation": "\u00daT", "topics": ["\u00dativist og fjallamennska"]}, {"abbreviation": "JF", "topics": ["J\u00f6kla-og fjallg\u00f6ngur"]}, {"abbreviation": "J\u00d3", "topics": ["J\u00f3ga"]}, {"abbreviation": "GR", "topics": ["grunn\u00fej\u00e1lfun", "l\u00edkams\u00fej\u00e1lfun"]}, {"abbreviation": "LM", "topics": ["L\u00edkams\u00fej\u00e1lfun", "grunn\u00fej\u00e1lfun"]}, {"abbreviation": "LV", "topics": ["L\u00edkams\u00fej\u00e1lfun", "s\u00e9rt\u00e6k"]}, {"abbreviation": "N\u00c6", "topics": ["L\u00edkams\u00fej\u00e1lfun og n\u00e6ring"]}], "_id": "50c0a02dd8e40575f7f6f4cc", "subjects": ["\u00ed\u00fer\u00f3ttir"], "counter": {"1": 115, "3": 2, "2": 42, "4": 0}}, "evaluation": "B\u00f3klegt pr\u00f3f, frammista\u00f0a og virkni \u00ed t\u00edmum.", "categorization_suggestion": "FB", "embedded_topics": {"abbreviation": "GH", "topics": ["grunn\u00fe\u00e6ttir \u00ed almennri heilsu- og l\u00edkamsr\u00e6kt"]}, "status": "approved by school", "description": "Fari\u00f0 er \u00ed grunn\u00fe\u00e6tti l\u00edkams- og heilsur\u00e6ktar. Nemendur f\u00e1 kennslu \u00ed a\u00f0 velja \u00e6fingar sem byggja upp \u00feol, styrk og li\u00f0leika. Einnig f\u00e1 nemendur fr\u00e6\u00f0slu um algengustu \u00ed\u00fer\u00f3ttamei\u00f0sl og heilsusamlegt l\u00edferni.  Einnig er fjalla\u00f0 um mikilv\u00e6gi g\u00f3\u00f0s matar\u00e6\u00f0is.", "knowledge_goals": ["undirst\u00f6\u00f0uatri\u00f0um var\u00f0andi \u00fej\u00e1lfun l\u00edkamans", "mikilv\u00e6gi hreyfingar fyrir l\u00edkamann og gildi hennar \u00ed daglegu l\u00edfi", "mikilv\u00e6gi hollrar f\u00e6\u00f0u, hv\u00edldar og svefns fyrir heilbrig\u00f0an l\u00edfsst\u00edl", "\u00e1hrifum hreyfingar \u00e1 l\u00edkamlega jafnt sem andlega vell\u00ed\u00f0an"], "skills_goals": ["skipuleggja l\u00edkams\u00fej\u00e1lfun", "velja matar\u00e6\u00f0i me\u00f0 tilliti til l\u00edkamlegrar hreyfingar og l\u00edfst\u00edls", "velja \u00e6fingar sem byggja upp \u00feol, styrk og li\u00f0leika"], "credits": 2, "last_modified": 1435927449.187656, "schools": ["51234a818caa45ed97015b35"], "coauthors": null, "instructions": "", "continued_education": false, "level": 1, "prerequisites": "Engar", "author": "41be24d4-5ecf-4d99-9661-f49f574e3dcc", "abbreviation_version": null, "competence_goals": [["skipuleggja s\u00edna eigin \u00fej\u00e1lfun me\u00f0 \u00fea\u00f0 a\u00f0 markmi\u00f0i a\u00f0 b\u00e6ta l\u00edkamlega og andlega heilsu", ""], ["stunda heilbrig\u00f0an l\u00edfsst\u00edl hva\u00f0 var\u00f0ar matar\u00e6\u00f0i, svefn og hv\u00edld", ""]], "_id": "5596839962933a24fe003e61"}], "title": "Almennar greinar"}, {"courses": [{"exemplary": null, "topics": "Endurl\u00edfgun, me\u00f0fer\u00f0, \u00e1verkar", "abbreviation": "SKYN2E\u00c101", "former_schools": null, "subject": "skyndihj\u00e1lp", "title": "Almenn skyndihj\u00e1lp", "version": 5, "status_trans": "Sam\u00feykkt af sk\u00f3la", "embedded_subject": {"abbreviation": "SKYN", "topics": [{"abbreviation": "SE", "topics": ["endurl\u00edfgun", "skyndihj\u00e1lp"]}, {"abbreviation": "E\u00c1", "topics": ["Endurl\u00edfgun", "me\u00f0fer\u00f0", "\u00e1verkar"]}, {"abbreviation": "GR", "topics": ["Grunnn\u00e1mskei\u00f0"]}, {"abbreviation": "SH", "topics": ["1. hj\u00e1lp og s\u00e1lr\u00e6nn stu\u00f0ningur", "Almenn skyndihj\u00e1lp"]}, {"abbreviation": "AS", "topics": ["Skyndihj\u00e1lp"]}], "_id": "51275b4062933a682f000162", "subjects": ["skyndihj\u00e1lp"], "counter": {"1": 4, "3": 1, "2": 4, "4": 0}}, "evaluation": "L\u00f6g\u00f0 er \u00e1hersla \u00e1 fj\u00f6lbreytt n\u00e1msmat me\u00f0 lei\u00f0s\u00f6gn. N\u00e1msmati\u00f0 er \u00ed h\u00f6ndum kennara vi\u00f0komandi \u00e1fanga en \u00fearf a\u00f0 fylgja \u00feeim reglum sem kve\u00f0i\u00f0 er \u00e1 um \u00ed sk\u00f3lan\u00e1mskr\u00e1 VMA.", "categorization_suggestion": "AV", "embedded_topics": {"abbreviation": "E\u00c1", "topics": ["Endurl\u00edfgun", "me\u00f0fer\u00f0", "\u00e1verkar"]}, "status": "approved by school", "description": "\u00cd \u00e1fanganum er fjalla\u00f0 um a\u00f0ger\u00f0ir \u00e1 vettvangi, sko\u00f0un og mat. Fari\u00f0 er yfir endurl\u00edfgun, helstu bl\u00e6\u00f0ingar, lost og vi\u00f0br\u00f6g\u00f0 vi\u00f0 lost\u00e1standi. Einnig eru teknar fyrir helstu tegundir s\u00e1ra, \numb\u00fa\u00f0ir og s\u00e1rabindi og fari\u00f0 \u00ed helstu orsakir bruna, flokkun brunas\u00e1ra og skyndihj\u00e1lp vi\u00f0 bruna. Helstu h\u00f6fu\u00f0, h\u00e1ls og hrygg\u00e1verkum eru ger\u00f0 skil \u00e1samt brj\u00f3st-, kvi\u00f0- og \nmja\u00f0ma\u00e1verkum. Einnig er fari\u00f0 \u00ed beina-, li\u00f0am\u00f3ta- og v\u00f6\u00f0va\u00e1verka. Nemandinn l\u00e6rir a\u00f0 spelka \u00fatlimi sem or\u00f0i\u00f0 hafa fyrir \u00e1verka. Fari\u00f0 er \u00ed br\u00e1\u00f0a sj\u00fakd\u00f3ma, eitranir, bit og stungur, \u00e1samt umfj\u00f6llun um vi\u00f0br\u00f6g\u00f0 vi\u00f0 kali, ofk\u00e6lingu og h\u00e1ska af v\u00f6ldum hita. Fari\u00f0 er \u00ed bj\u00f6rgun og flutning einstaklinga af slyssta\u00f0. ", "knowledge_goals": ["hugmyndafr\u00e6\u00f0i skyndihj\u00e1lpar", "hvernig mat \u00e1 sl\u00f6su\u00f0um einstaklingi \u00e1 slyssta\u00f0 er framkv\u00e6mt", "framkv\u00e6md endurl\u00edfgunar", "bl\u00e6\u00f0ingum og vi\u00f0br\u00f6g\u00f0um vi\u00f0 lost\u00e1standi", "helstu tegundum s\u00e1ra, umb\u00fa\u00f0a og s\u00e1rabinda", "helstu tegundum brunas\u00e1ra og skyndihj\u00e1lp vegna brunas\u00e1ra", "helstu \u00e1verkum \u00e1 l\u00edkama", "fyrstu vi\u00f0br\u00f6g\u00f0um vi\u00f0 kali, ofk\u00e6lingu og ofhitnun", "fyrstu vi\u00f0br\u00f6g\u00f0um vegna br\u00e1\u00f0ra sj\u00fakd\u00f3ma, eitrana, bits e\u00f0a stungna"], "skills_goals": ["breg\u00f0ast vi\u00f0 dau\u00f0ad\u00e1i", "framkv\u00e6ma mat og sko\u00f0un \u00e1 sl\u00f6su\u00f0um einstaklingum", "flytja slasa\u00f0an einstakling af slyssta\u00f0 \u00e1 \u00f6ruggan h\u00e1tt", "framkv\u00e6ma bl\u00e1stursme\u00f0fer\u00f0 og hjartahno\u00f0", "b\u00faa um s\u00e1r og velja umb\u00fa\u00f0ir vi\u00f0 h\u00e6fi", "st\u00f6\u00f0va bl\u00e6\u00f0ingu og b\u00faa um bl\u00e6\u00f0andi s\u00e1r", "beita vi\u00f0eigandi me\u00f0fer\u00f0 vi\u00f0 losti", "spelka \u00fatlimi eftir \u00e1verka/tognanir", "veita fyrstu hj\u00e1lp vegna brunas\u00e1ra", "veita fyrstu hj\u00e1lp vegna kals, ofk\u00e6lingar og ofhitnunar"], "credits": 1, "last_modified": 1431422187.736418, "schools": ["512b49bc62933a682f00048a"], "coauthors": null, "instructions": "", "continued_education": false, "level": 2, "prerequisites": "engar", "author": "0bc9b589-2a42-4690-ac7e-ec65f804a0e6", "abbreviation_version": null, "competence_goals": [["meta a\u00f0st\u00e6\u00f0ur \u00e1 slyssta\u00f0 og breg\u00f0ast vi\u00f0 \u00feeim \u00e1 vi\u00f0eigandi h\u00e1tt", ""], ["veita skyndihj\u00e1lp vegna br\u00e1\u00f0ra sj\u00fakd\u00f3ma, dau\u00f0ad\u00e1s, slysa og/e\u00f0a l\u00edkamlegra \u00e1verka", ""]], "_id": "5551c4eb62933a2f3d0002ef"}, {"exemplary": null, "topics": "forvarnir, heilbrig\u00f0isvandam\u00e1l, heilbrig\u00f0is\u00fej\u00f3nusta", "abbreviation": "HBFR1HH05(F\u00c1)", "former_schools": null, "subject": "heilbrig\u00f0isfr\u00e6\u00f0i", "title": "Heilbrig\u00f0isfr\u00e6\u00f0i", "version": 1, "status_trans": "Sam\u00feykkt af sk\u00f3la", "embedded_subject": {"abbreviation": "HBFR", "topics": [{"abbreviation": "HE", "topics": ["heilbrig\u00f0isfr\u00e6\u00f0i"]}, {"abbreviation": "HH", "topics": ["forvarnir", "heilbrig\u00f0isvandam\u00e1l", "heilbrig\u00f0is\u00fej\u00f3nusta"]}], "_id": "50c0a02dd8e40575f7f6f48d", "subjects": ["heilbrig\u00f0isfr\u00e6\u00f0i"], "counter": {"1": 0, "3": 0, "2": 0, "4": 0}}, "evaluation": "S\u00edmat, lei\u00f0sagnarmat, lokapr\u00f3f.", "categorization_suggestion": "F\u00c1", "embedded_topics": {"abbreviation": "HH", "topics": ["forvarnir", "heilbrig\u00f0isvandam\u00e1l", "heilbrig\u00f0is\u00fej\u00f3nusta"]}, "status": "approved by school", "description": "\u00cd \u00e1fanganum er heilbrig\u00f0ishugtaki\u00f0 skilgreint. L\u00f6g\u00f0 er \u00e1hersla \u00e1 hlutverk og s\u00f6gulega \u00fer\u00f3un heilbrig\u00f0isfr\u00e6\u00f0i og \u00e1hrif hennar \u00e1 n\u00fat\u00edma heilbrig\u00f0ism\u00e1l. Fjalla\u00f0 er um helstu heilbrig\u00f0isvandam\u00e1l \u00ed n\u00fat\u00edma samf\u00e9lagi og forvarnir gegn \u00feeim. \u00c1hersla er l\u00f6g\u00f0 \u00e1 forvarnarstarf gegn sj\u00fakd\u00f3mum og slysum, \u00e1h\u00e6ttu\u00fe\u00e6tti sem \u00feeim  tengjast og hvernig einstaklingar geta haft \u00e1hrif \u00e1 eigi\u00f0 heilbrig\u00f0i. Fjalla\u00f0 er um skipulag heilbrig\u00f0is\u00fej\u00f3nustunnar og helstu stofnanir, sem m\u00f3ta stefnu \u00ed forv\u00f6rnum, heilsueflingu og heilbrig\u00f0isfr\u00e6\u00f0slu. Einnig er fjalla\u00f0 um smitsj\u00fakd\u00f3mavarnir, kynsj\u00fakd\u00f3mavarnir, t\u00f3baksvarnir, \u00e1fengis- og v\u00edmuefnavarnir, ge\u00f0vernd, beinvernd og m\u00e6\u00f0ra- og ungbarnavernd. Fjalla\u00f0 er um umhverfisheilbrig\u00f0isfr\u00e6\u00f0i og tengsl mengunar og sj\u00fakd\u00f3ma sko\u00f0u\u00f0 \u00e1samt helstu mengunarv\u00f6rnum.", "knowledge_goals": ["heilbrig\u00f0ishugtakinu", "s\u00f6gulegri \u00fer\u00f3un heilbrig\u00f0isfr\u00e6\u00f0i og \u00e1hrifum \u00e1 heilbrig\u00f0ism\u00e1l", "helstu heilbrig\u00f0isvandam\u00e1lum \u00ed n\u00fat\u00edma samf\u00e9lagi og forv\u00f6rnum gegn \u00feeim", "uppbyggingu og skipulagi heilbrig\u00f0is\u00fej\u00f3nustunnar \u00e1 \u00cdslandi", "a\u00f0fer\u00f0um og a\u00f0ger\u00f0um sem stu\u00f0la a\u00f0 heilsueflingu og forv\u00f6rnum sj\u00fakd\u00f3ma", "\u00e1byrg\u00f0 einstaklingsins \u00e1 eigin heilsu", "helstu umhverfis\u00fe\u00e1ttum sem \u00f3gna\u00f0 geta heilbrig\u00f0i"], "skills_goals": ["l\u00fdsa uppbyggingu og skipulagi heilbrig\u00f0is\u00fej\u00f3nustunnar \u00e1 \u00cdslandi", "afla \u00e1 fj\u00f6lbreyttan h\u00e1tt \u00feekkingar um a\u00f0ger\u00f0ir og a\u00f0fer\u00f0ir sem stu\u00f0la a\u00f0 slysav\u00f6rnum, heilsueflingu og forv\u00f6rnum sj\u00fakd\u00f3ma", "s\u00fdna \u00ed verki a\u00f0 hann tekur \u00e1byrg\u00f0 \u00e1 eigin heilsu", "gera grein fyrir umhverfis\u00fe\u00e1ttum sem geta \u00f3gna\u00f0 heilbrig\u00f0i manna"], "credits": 5, "last_modified": 1367269540.861571, "schools": ["51234c058caa45ed97015b37"], "coauthors": null, "instructions": "Eldra heiti \u00e1fanga: HBF 103", "continued_education": false, "level": 1, "prerequisites": "", "author": "38ef061f-70ba-41ea-8f81-e77321620a4f", "abbreviation_version": null, "competence_goals": [["\u00fatsk\u00fdra heilbrig\u00f0ishugtaki\u00f0 \u00fat fr\u00e1 mismunandi menningarheimum", ""], ["greina samspil l\u00edfsst\u00edls og heilsu", ""], ["greina eigin l\u00edfsst\u00edl og \u00e1h\u00e6ttu\u00fe\u00e6tti tengda honum", ""], ["\u00e1lykta um \u00e1hrif heilbrig\u00f0isfr\u00e6\u00f0innar \u00e1 \u00fer\u00f3un heilbrig\u00f0ism\u00e1la \u00ed n\u00fat\u00edmanum", ""], ["mi\u00f0la \u00e1 skapandi h\u00e1tt uppl\u00fdsingum um helstu heilbrig\u00f0isvandam\u00e1l og forvarnir \u00feeirra", ""]], "_id": "517ee0a462933a5f9b003712"}, {"exemplary": null, "topics": "Sto\u00f0kerfi, stj\u00f3rnkerfi", "abbreviation": "L\u00cdOL2SS05", "former_schools": null, "subject": "l\u00edff\u00e6ra og l\u00edfe\u00f0lisfr\u00e6\u00f0i", "title": "L\u00edff\u00e6ra og l\u00edfe\u00f0lisfr\u00e6\u00f0i A", "version": 2, "status_trans": "Sam\u00feykkt af sk\u00f3la", "embedded_subject": {"abbreviation": "L\u00cdOL", "topics": [{"abbreviation": "BV", "topics": ["bein v\u00f6\u00f0var"]}, {"abbreviation": "L\u00cd", "topics": ["l\u00edff\u00e6ri"]}, {"abbreviation": "HS", "topics": ["Grundvallaratri\u00f0i \u00ed l\u00edff\u00e6ra- og l\u00edfe\u00f0lisfr\u00e6\u00f0i"]}, {"abbreviation": "FR", "topics": ["Framhalds\u00e1fangi \u00ed l\u00edff\u00e6ra- og l\u00edfe\u00f0lisfr\u00e6\u00f0i"]}, {"abbreviation": "TT", "topics": ["L\u00edff\u00e6ra- og l\u00edfe\u00f0lisfr\u00e6\u00f0i h\u00f6fu\u00f0s"]}, {"abbreviation": "GR", "topics": ["Grundvallaratri\u00f0i l\u00edff\u00e6ra- og l\u00edfe\u00f0lisfr\u00e6\u00f0i"]}, {"abbreviation": "SS", "topics": ["Sto\u00f0kerfi", "stj\u00f3rnkerfi"]}], "_id": "50c0a02dd8e40575f7f6f49f", "subjects": ["l\u00edff\u00e6ra og l\u00edfe\u00f0lisfr\u00e6\u00f0i"], "counter": {"1": 0, "3": 0, "2": 0, "4": 0}}, "evaluation": "Hlutapr\u00f3f, verkefni og lokapr\u00f3f", "categorization_suggestion": "", "embedded_topics": {"abbreviation": "SS", "topics": ["Sto\u00f0kerfi", "stj\u00f3rnkerfi"]}, "status": "approved by school", "description": "Fari\u00f0 er \u00ed grundvallarhugt\u00f6k l\u00edff\u00e6rafr\u00e6\u00f0innar \u00fat fr\u00e1 latneskri nafngiftafr\u00e6\u00f0i og l\u00edfe\u00f0lisfr\u00e6\u00f0ileg ferli \u00fatsk\u00fdr\u00f0. Fjalla\u00f0 er um sv\u00e6\u00f0askiptingu l\u00edkamans, \u00e1ttir, l\u00edkamshol, skipulagsstig, byggingu og starfsemi frumna og vefja, flutning efna yfir himnur, jafnv\u00e6gishneig\u00f0 og afturvirk kerfi. Fari\u00f0 er \u00ed byggingu og starfsemi \u00feekjukerfis: lagskipting h\u00fa\u00f0ar og l\u00edff\u00e6ri; beinakerfis: beinmyndun, flokkun beina, beinagrind, brj\u00f3sk, li\u00f0ir og hreyfingar; v\u00f6\u00f0vakerfis: innri og ytri ger\u00f0 v\u00f6\u00f0va, v\u00f6\u00f0vasamdr\u00e1ttur, helstu v\u00f6\u00f0var l\u00edkamans; taugakerfis: taugavefur, taugabo\u00f0, taugabo\u00f0efni, flokkun taugakerfis og starfsemi, skynf\u00e6ri og skynjun; innkirtlakerfis: innkirtlar og virkni horm\u00f3na.  ", "knowledge_goals": ["\u00feeirri frumustarfsemi sem liggur til grundvallar allri l\u00edkamsstarfsemi", "starfsemi afturvirkra kerfa og grundvallaratri\u00f0um \u00ed l\u00edfe\u00f0lisfr\u00e6\u00f0ilegum ferlum", "latneskum grundvallarhugt\u00f6kum l\u00edff\u00e6rafr\u00e6\u00f0innar", "ytri og innri ger\u00f0 l\u00edff\u00e6ra \u00feeirra l\u00edff\u00e6rakerfa sem fjalla\u00f0 er um og latnesk heiti \u00fear a\u00f0 l\u00fatandi", "starfsemi \u00feeirra l\u00edff\u00e6rakerfa sem fjalla\u00f0 er um"], "skills_goals": ["nota latnesk heiti vi\u00f0 a\u00f0 l\u00fdsa afst\u00f6\u00f0u l\u00edff\u00e6ra og l\u00edff\u00e6rahluta", "rekja og \u00fatsk\u00fdra megin\u00fe\u00e6tti l\u00edfe\u00f0lisfr\u00e6\u00f0ilegra ferla", "tengja byggingu l\u00edff\u00e6ra- og l\u00edff\u00e6rahluta vi\u00f0 starfsemi \u00feeirra", "vinna me\u00f0 heimildir sem tengjast l\u00edff\u00e6ra- og l\u00edfe\u00f0lisfr\u00e6\u00f0i"], "credits": 5, "last_modified": 1365690331.035219, "schools": ["51234c058caa45ed97015b37"], "coauthors": null, "instructions": "\u00c1fanginn samsvarar LOL103", "continued_education": false, "level": 2, "prerequisites": "Grunn\u00e1fangi \u00ed l\u00edffr\u00e6\u00f0i", "author": "f78300da-179a-4cb7-af53-8d1f4e4d06c4", "abbreviation_version": null, "competence_goals": [["n\u00fdta \u00feekkingu s\u00edna og leikni \u00ed l\u00edff\u00e6ra- og l\u00edfe\u00f0lisfr\u00e6\u00f0i \u00ed \u00f6\u00f0rum n\u00e1msgreinum", ""], ["geta s\u00fdnt fram \u00e1 hvernig l\u00edfsh\u00e6ttir geta haft \u00e1hrif \u00e1 heilbrig\u00f0i l\u00edkamans", ""]], "_id": "5166c7db62933a5f9b001d6a"}, {"exemplary": null, "topics": "innri l\u00edff\u00e6ri", "abbreviation": "L\u00cdOL2IL05", "former_schools": null, "subject": "l\u00edff\u00e6ra og l\u00edfe\u00f0lisfr\u00e6\u00f0i", "title": "L\u00edff\u00e6ra og l\u00edfe\u00f0lisfr\u00e6\u00f0i B", "version": 1, "status_trans": "Sam\u00feykkt af sk\u00f3la", "embedded_subject": {"abbreviation": "L\u00cdOL", "topics": [{"abbreviation": "BV", "topics": ["bein v\u00f6\u00f0var"]}, {"abbreviation": "L\u00cd", "topics": ["l\u00edff\u00e6ri"]}, {"abbreviation": "HS", "topics": ["Grundvallaratri\u00f0i \u00ed l\u00edff\u00e6ra- og l\u00edfe\u00f0lisfr\u00e6\u00f0i"]}, {"abbreviation": "FR", "topics": ["Framhalds\u00e1fangi \u00ed l\u00edff\u00e6ra- og l\u00edfe\u00f0lisfr\u00e6\u00f0i"]}, {"abbreviation": "TT", "topics": ["L\u00edff\u00e6ra- og l\u00edfe\u00f0lisfr\u00e6\u00f0i h\u00f6fu\u00f0s"]}, {"abbreviation": "GR", "topics": ["Grundvallaratri\u00f0i l\u00edff\u00e6ra- og l\u00edfe\u00f0lisfr\u00e6\u00f0i"]}, {"abbreviation": "IL", "topics": ["innri l\u00edff\u00e6ri"]}], "_id": "50c0a02dd8e40575f7f6f49f", "subjects": ["l\u00edff\u00e6ra og l\u00edfe\u00f0lisfr\u00e6\u00f0i"], "counter": {"1": 0, "3": 0, "2": 0, "4": 0}}, "evaluation": "Hlutapr\u00f3f, verkefni og lokapr\u00f3f", "categorization_suggestion": "", "embedded_topics": {"abbreviation": "IL", "topics": ["innri l\u00edff\u00e6ri"]}, "status": "approved by school", "description": "Markmi\u00f0 \u00e1fangans er a\u00f0 nemendur \u00f6\u00f0list \u00fe\u00e1 grundvallar\u00feekkingu og skilning \u00e1 byggingu og starfsemi mannsl\u00edkamans, sem er nau\u00f0synleg fyrir frekara n\u00e1m og st\u00f6rf \u00e1 heilbrig\u00f0issvi\u00f0i. Fari\u00f0 er \u00ed byggingu og starfsemi hringr\u00e1sarkerfis: bl\u00f3\u00f0, hjarta, bl\u00f3\u00f0\u00e6\u00f0ar, bl\u00f3\u00f0\u00fer\u00fdstingur og stj\u00f3rnun hans; vessakerfis: vessal\u00edff\u00e6ri, varnir, \u00f3n\u00e6mi; \u00f6ndunarkerfis: \u00f6ndunarvegur, lungu, \u00f6ndunarhreyfingar, loftskipti, stj\u00f3rnun \u00f6ndunar; meltingarkerfis: a\u00f0al- og aukal\u00edff\u00e6ri meltingar, melting og stj\u00f3rnun hennar;  \u00fevagkerfis: n\u00fdru, \u00fevagbla\u00f0ra, \u00fevagp\u00edpur, \u00fevagr\u00e1s, \u00fevagmyndun; \u00e6xlunarkerfis: innri og ytri kynf\u00e6ri, myndun kynfrumna, kynhorm\u00f3n, t\u00ed\u00f0ahringur. Auk \u00feess er fari\u00f0 \u00ed grundvallaratri\u00f0i f\u00f3stur\u00feroska. Fjalla\u00f0 er um hvernig starfsemi allra l\u00edff\u00e6rakerfanna tengist innbyr\u00f0is og hvernig h\u00fan vi\u00f0heldur innri st\u00f6\u00f0ugleika l\u00edkamans. \u00d6ll l\u00edff\u00e6rafr\u00e6\u00f0ileg umfj\u00f6llun gengur \u00fat fr\u00e1 latneskri nafngiftafr\u00e6\u00f0i.", "knowledge_goals": ["ytri og innri ger\u00f0 l\u00edff\u00e6ra \u00feeirra l\u00edff\u00e6rakerfa sem fjalla\u00f0 er um og latnesk heiti \u00fear a\u00f0 l\u00fatandi", "starfsemi \u00feeirra l\u00edff\u00e6rakerfa sem fari\u00f0 er yfir", "hvernig starfsemi l\u00edff\u00e6rakerfanna tengist innbyr\u00f0is og vi\u00f0heldur innri st\u00f6\u00f0ugleika l\u00edkamans"], "skills_goals": ["nota latnesk heiti vi\u00f0 a\u00f0 l\u00fdsa afst\u00f6\u00f0u l\u00edff\u00e6ra og l\u00edff\u00e6rahluta", "tengja byggingu l\u00edff\u00e6ra- og l\u00edff\u00e6rahluta vi\u00f0 starfsemi \u00feeirra", "tengja \u00ed heild starfsemi l\u00edff\u00e6rakerfanna", "rekja og \u00fatsk\u00fdra fl\u00f3kin l\u00edfe\u00f0lisfr\u00e6\u00f0ileg ferli", "d\u00fdpka \u00feekkingu s\u00edna \u00ed faginu me\u00f0 fj\u00f6lbreyttri heimildavinnu", "vinna sj\u00e1lfst\u00e6\u00f0 kynningarverkefni"], "credits": 5, "last_modified": 1365690846.926395, "schools": ["51234c058caa45ed97015b37"], "coauthors": null, "instructions": "\u00c1fanginn samsvarar LOL203 ", "continued_education": false, "level": 2, "prerequisites": "L\u00cdOL2SS05", "author": "f78300da-179a-4cb7-af53-8d1f4e4d06c4", "abbreviation_version": null, "competence_goals": [["n\u00fdta \u00feekkingu s\u00edna og leikni \u00ed l\u00edff\u00e6ra- og l\u00edfe\u00f0lisfr\u00e6\u00f0i \u00ed \u00f6\u00f0rum n\u00e1msgreinum og starfi", ""], ["greina \u00e1 milli heilbrig\u00f0rar l\u00edkamsstarfsemi og fr\u00e1vika fr\u00e1 henni", ""], ["taka \u00fe\u00e1tt \u00ed faglegri umr\u00e6\u00f0u er var\u00f0ar l\u00edff\u00e6ra- og l\u00edfe\u00f0lisfr\u00e6\u00f0i", ""], ["meta tr\u00faver\u00f0ugleika t\u00f6fralausna um b\u00e6tta heilsu", ""], ["bera \u00e1byrg\u00f0 \u00e1 eigin heilsu", ""]], "_id": "5166c9de62933a5f9b001d71"}, {"exemplary": null, "topics": "Heilbrig\u00f0 l\u00edkamsbeiting, l\u00e9ttit\u00e6ki, vinnut\u00e6kni, vinnuumhverfi", "abbreviation": "L\u00cdBE1HB01(F\u00c1)", "former_schools": null, "subject": "L\u00edkamsbeiting", "title": "L\u00edkamsbeiting", "version": 1, "status_trans": "Sam\u00feykkt af sk\u00f3la", "embedded_subject": {"abbreviation": "L\u00cdBE", "topics": [{"abbreviation": "HB", "topics": ["Heilbrig\u00f0 l\u00edkamsbeiting", "l\u00e9ttit\u00e6ki", "vinnut\u00e6kni", "vinnuumhverfi"]}], "_id": "518a667d62933a5f9b0042f6", "subjects": ["L\u00edkamsbeiting"], "counter": {"1": 0, "3": 0, "2": 0, "4": 0}}, "evaluation": "Verkefni, \u00fe\u00e1tttaka og s\u00edmat", "categorization_suggestion": "F\u00c1", "embedded_topics": {"abbreviation": "HB", "topics": ["Heilbrig\u00f0 l\u00edkamsbeiting", "l\u00e9ttit\u00e6ki", "vinnut\u00e6kni", "vinnuumhverfi"]}, "status": "approved by school", "description": "\u00cd \u00e1fanganum er fjalla\u00f0 um vinnuumhverfi og \u00e1hrif \u00feess \u00e1 l\u00edkamlega og andlega l\u00ed\u00f0an. Fari\u00f0 er \u00ed l\u00edkamsvitund og l\u00edkamsbeitingu, vinnut\u00e6kni vi\u00f0 \u00f3l\u00edkar a\u00f0st\u00e6\u00f0ur og mismunandi st\u00f6rf. Fjalla\u00f0 er um lei\u00f0ir til a\u00f0 draga \u00far l\u00edkamlegu og andlegu \u00e1lagi vi\u00f0 vinnu. Nemandi leysir \u00fdmis verkefni, me\u00f0 og \u00e1n l\u00e9ttit\u00e6kja.", "knowledge_goals": ["\u00e1hrifum vinnuumhverfis \u00e1 starfsf\u00f3lk", "l\u00edkamsvitund og hreyfingu", "mismunandi vinnua\u00f0st\u00f6\u00f0u", "mismunandi beitingu l\u00edkamans vi\u00f0 \u00f3l\u00edk st\u00f6rf", "\u00fdmsum l\u00e9ttit\u00e6kjum sem draga \u00far l\u00edkamlegu \u00e1lagi og h\u00e6ttu \u00e1 \u00e1lagsmeinum", "\u00e1hrifum \u00e1lags og hv\u00edldar \u00e1 l\u00edkamann"], "skills_goals": ["skipuleggja vinnur\u00fdmi sitt me\u00f0 tilliti til g\u00f3\u00f0rar l\u00edkamsbeitingar og annarra \u00e1hrifa\u00fe\u00e1tta \u00ed vinnuumhverfi", "nota heppilega vinnut\u00e6kni", "n\u00fdta s\u00e9r l\u00e9ttit\u00e6ki til forvarnar"], "credits": 1, "last_modified": 1368025613.409097, "schools": ["51234c058caa45ed97015b37"], "coauthors": null, "instructions": "Var \u00e1\u00f0ur L\u00cdB 101 ", "continued_education": false, "level": 1, "prerequisites": "Engar", "author": "f41bf6a2-4459-4d90-acef-bc25744fbc33", "abbreviation_version": null, "competence_goals": [["gera s\u00e9r grein fyrir \u00e1hrifum vinnunnar \u00e1 l\u00edkamann og mikilv\u00e6gi g\u00f3\u00f0rar l\u00edkamsbeitingar", ""], ["geta nota\u00f0 g\u00f3\u00f0a vinnut\u00e6kni og fundi\u00f0 lei\u00f0ir til a\u00f0 efla l\u00edkamsbeitingu og vinnut\u00e6kni", ""], ["geta greint aflei\u00f0ingar og einkenni rangrar l\u00edkamsbeitingar og vinnut\u00e6kni og fundi\u00f0 lei\u00f0ir til a\u00f0 verjast \u00feeim", ""], ["geta sj\u00e1lfur unni\u00f0 a\u00f0 eigin heilsueflingu og vell\u00ed\u00f0an me\u00f0 \u00fev\u00ed a\u00f0 nota r\u00e9tta l\u00edkamsbeitingu og vinnut\u00e6kni", ""], ["uppl\u00fdsa a\u00f0ra um kosti g\u00f3\u00f0rar l\u00edkamsbeitingar og vinnut\u00e6kni", ""]], "_id": "518a6a0d62933a5f9b004305"}, {"exemplary": null, "topics": "manneldismarkmi\u00f0, n\u00e6ringarefni, n\u00e6ringargildi", "abbreviation": "N\u00c6RI1NN05(F\u00c1)", "former_schools": null, "subject": "n\u00e6ringarfr\u00e6\u00f0i", "title": "N\u00e6ringarfr\u00e6\u00f0i - grunn\u00e1fangi", "version": 1, "status_trans": "Sam\u00feykkt af sk\u00f3la", "embedded_subject": {"abbreviation": "N\u00c6RI", "topics": [{"abbreviation": "N\u00c6", "topics": ["n\u00e6ringarfr\u00e6\u00f0i - grunn\u00e1fangi"]}, {"abbreviation": "NF", "topics": ["n\u00e6ringarfr\u00e6\u00f0i"]}, {"abbreviation": "GR", "topics": ["grunn\u00e1fangi \u00ed n\u00e6ringarfr\u00e6\u00f0i"]}, {"abbreviation": "ON", "topics": ["n\u00e6ringarefni", "orka"]}, {"abbreviation": "NH", "topics": ["matar\u00e6\u00f0i og heilsa", "n\u00e6ring"]}, {"abbreviation": "NA", "topics": ["N\u00e6ringarfr\u00e6\u00f0i s\u00e9rt\u00e6kra h\u00f3pa og vi\u00f0 s\u00e9rst\u00e6\u00f0ar a\u00f0st\u00e6\u00f0ur"]}, {"abbreviation": "\u00cd\u00de", "topics": ["\u00cd\u00fer\u00f3ttan\u00e6ringarfr\u00e6\u00f0i"]}, {"abbreviation": "\u00deS", "topics": ["N\u00e6ring vi\u00f0 \u00fej\u00e1lfun og n\u00e6ring s\u00e9rt\u00e6kra h\u00f3pa"]}, {"abbreviation": "NN", "topics": ["manneldismarkmi\u00f0", "n\u00e6ringarefni", "n\u00e6ringargildi"]}], "_id": "50c0a02dd8e40575f7f6f4aa", "subjects": ["n\u00e6ringarfr\u00e6\u00f0i"], "counter": {"1": 0, "3": 1, "2": 1, "4": 0}}, "evaluation": "Lokapr\u00f3f og/e\u00f0a hlutapr\u00f3f. Verkefnavinna.", "categorization_suggestion": "F\u00c1", "embedded_topics": {"abbreviation": "NN", "topics": ["manneldismarkmi\u00f0", "n\u00e6ringarefni", "n\u00e6ringargildi"]}, "status": "approved by school", "description": "\u00cd \u00e1fanganum er fjalla\u00f0 um r\u00e1\u00f0leggingar landl\u00e6knis um orku- og n\u00e6ringarefnin, hlutverk \u00feeirra, r\u00e1\u00f0lag\u00f0a dagskammta og skortseinkenni. Fari\u00f0 er \u00ed gildandi l\u00f6g og regluger\u00f0ir um aukefni \u00ed matv\u00e6lum og merkingar umb\u00fa\u00f0a. Fari\u00f0 er \u00ed n\u00e6reingarefnat\u00f6flur/-forrit til a\u00f0 reikna \u00fat n\u00e6ringargildi m\u00e1lt\u00ed\u00f0a. L\u00f6g\u00f0 er \u00e1hersla \u00e1 a\u00f0 nemendur geti me\u00f0 gagnr\u00fdnum h\u00e6tti meti\u00f0 gildi fullyr\u00f0inga um n\u00e6ringu \u00ed fj\u00f6lmi\u00f0lum og \u00e1 netinu. Fjalla\u00f0 er um n\u00e6ringar\u00fearfir mismunandi h\u00f3pa, s\u00e9rf\u00e6\u00f0i \u00e1 sj\u00fakrastofnunum og helstu ger\u00f0ir s\u00e9rf\u00e6\u00f0is sj\u00faklinga og forsendur fyrir \u00fev\u00ed.  ", "knowledge_goals": ["orku- og n\u00e6ringarefnum, hlutverkum \u00feeirra, skortseinkennum og \u00ed hva\u00f0a matv\u00e6lum \u00feau eru helst a\u00f0 finna", "r\u00e1\u00f0leggingum landl\u00e6knis um matar\u00e6\u00f0i og r\u00e1\u00f0l\u00f6g\u00f0um dagsk\u00f6mmtum um v\u00edtam\u00edn og steinefni", "l\u00f6gum og regluger\u00f0um um aukefni og v\u00f6rumerkingar matv\u00e6la", "a\u00f0fer\u00f0um til a\u00f0 meta l\u00edkams\u00e1stand og \u00e1hrifa megrunark\u00fara \u00e1 l\u00edkamann", "n\u00e6ringar\u00fe\u00f6rfum s\u00e9rstakra h\u00f3pa og sj\u00faklinga \u00e1samt s\u00e9rf\u00e6\u00f0i \u00e1 sj\u00fakrastofnunum", "n\u00e6ringart\u00f6flum og -forritum til a\u00f0 reikna \u00fat orku- og n\u00e6ringarinnihald \u00ed m\u00e1lt\u00ed\u00f0um"], "skills_goals": ["lesa \u00ed hollustu einstakra f\u00e6\u00f0utegunda m.t.t. orku- og n\u00e6ringarinnihalds", "reikna \u00fat n\u00e6ringargildi matse\u00f0ils me\u00f0 n\u00e6ringart\u00f6flum/-forritum", "lesa \u00far uppl\u00fdsingum \u00e1 umb\u00fa\u00f0um matv\u00e6la", "nota BMI stu\u00f0ulinn, kl\u00edpu- og lei\u00f0nim\u00e6la til a\u00f0 meta l\u00edkams\u00e1stand"], "credits": 5, "last_modified": 1366046593.7448, "schools": ["51234c058caa45ed97015b37"], "coauthors": [], "instructions": "Eldra heiti \u00e1fanga: N\u00c6R 103", "continued_education": false, "level": 1, "prerequisites": "", "author": "38ef061f-70ba-41ea-8f81-e77321620a4f", "abbreviation_version": null, "competence_goals": [["velja s\u00e9r og s\u00ednum f\u00e6\u00f0u samkv\u00e6mt r\u00e1\u00f0leggingum fr\u00e1 Emb\u00e6tti landl\u00e6knis", ""], ["t\u00falka ni\u00f0urst\u00f6\u00f0ur n\u00e6ringarforrita \u00e1 matar\u00e6\u00f0i einstaklings", ""], ["setja upp hollan dagsmatse\u00f0il", ""], ["meta me\u00f0 gagnr\u00fdnum h\u00e6tti uppl\u00fdsingar um n\u00e6ringu sem koma fr\u00e1 t.d. fj\u00f6lmi\u00f0lum e\u00f0a af netinu", ""]], "_id": "516c378162933a5f9b002303"}, {"exemplary": null, "topics": "samskipti, sj\u00e1lfsstyrking, tj\u00e1skiptareglur", "abbreviation": "SASK2SS05", "former_schools": null, "subject": "Samskipti", "title": "Samskipti", "version": 1, "status_trans": "Sam\u00feykkt af sk\u00f3la", "embedded_subject": {"abbreviation": "SASK", "topics": [{"abbreviation": "SS", "topics": ["samskipti", "sj\u00e1lfsstyrking", "tj\u00e1skiptareglur"]}], "_id": "51801bec62933a5f9b0038d8", "subjects": ["Samskipti"], "counter": {"1": 0, "3": 0, "2": 0, "4": 0}}, "evaluation": "Einstaklingsverkefni, h\u00f3pverkefni, vi\u00f0t\u00f6l, eigindlegar ranns\u00f3knir, pr\u00f3f", "categorization_suggestion": "F\u00c1", "embedded_topics": {"abbreviation": "SS", "topics": ["samskipti", "sj\u00e1lfsstyrking", "tj\u00e1skiptareglur"]}, "status": "approved by school", "description": "\u00cd \u00e1fanganum er fjalla\u00f0 um mikilv\u00e6gi  g\u00f3\u00f0ra samskipta milli  manna. Fjalla\u00f0 er um  mikilv\u00e6gi samkenndar, jafnr\u00e9ttis, mannvir\u00f0ingar og mannr\u00e9ttinda \u00ed samskiptum. Fari\u00f0 er \u00ed eflandi samskipti  sem byggja \u00e1 vir\u00f0ingu og ford\u00f3maleysi \u00e1 jafnr\u00e9ttisgrundvelli. Fjalla\u00f0 er um \u00e1hrif \u00f3l\u00edkra menningarheima og tj\u00e1skiptareglna \u00e1 m\u00f3tun samskipta einstaklinga, h\u00f3pa og \u00fej\u00f3\u00f0a. Fari\u00f0 er \u00ed \u00e1hrif sj\u00e1lfsmyndar og sj\u00e1lfstrausts \u00e1 samskipti og hva\u00f0 heilbrig\u00f0isstarfsmenn \u00feurfa a\u00f0 hafa \u00ed huga \u00ed  samskiptum vi\u00f0 skj\u00f3lst\u00e6\u00f0inga, samstarfsf\u00f3lk og a\u00f0standendur. ", "knowledge_goals": ["mikilv\u00e6gi g\u00f3\u00f0ra samskipta", "mikilv\u00e6gi eflandi samskipta,  sem byggja \u00e1 vir\u00f0ingu, samkennd, ford\u00f3maleysi og jafnr\u00e9tti", "\u00e1hrifum \u00f3l\u00edkra menningarheima \u00e1 samskipti", "\u00e1hrifum sj\u00e1lfsmyndar og sj\u00e1lfskilnings \u00e1 samskipti", "a\u00f0st\u00e6\u00f0um sem geta haft \u00e1hrif \u00e1 samskipti", "hvernig heilbrig\u00f0isstarfsmenn geta nota\u00f0 samskipti \u00e1 \u00e1rangursr\u00edkan h\u00e1tt"], "skills_goals": ["setja sig \u00ed spor annarra \u00ed samskiptum", "s\u00fdna samkennd, vir\u00f0ingu  og ford\u00f3maleysi \u00ed samskiptum", "nota samskiptareglur og vi\u00f0talst\u00e6kni \u00e1 \u00e1hrifar\u00edkan h\u00e1tt \u00ed samskiptum", "l\u00e6ra af eigin samskiptum og annarra"], "credits": 5, "last_modified": 1367351307.644948, "schools": ["51234c058caa45ed97015b37"], "coauthors": null, "instructions": "Eldra heiti \u00e1fanga: SAS 103", "continued_education": false, "level": 2, "prerequisites": "\u00c6skilegur undanfari: SI\u00d0F1SF05", "author": "38ef061f-70ba-41ea-8f81-e77321620a4f", "abbreviation_version": null, "competence_goals": [["eiga g\u00f3\u00f0 samskipti vi\u00f0 anna\u00f0 f\u00f3lk  \u00e1n tillits til st\u00f6\u00f0u, aldurs e\u00f0a \u00fej\u00f3\u00f0ernis", ""], ["eiga fars\u00e6l samskipti vi\u00f0 skj\u00f3lst\u00e6\u00f0inga og samstarfsf\u00f3lk \u00ed starfi", ""], ["leysa samskiptaerfi\u00f0leika af \u00feekkingu og vir\u00f0ingu fyrir sj\u00f3narmi\u00f0um allra hluta\u00f0eigandi", ""]], "_id": "5180200b62933a5f9b0038e0"}, {"exemplary": null, "topics": "Si\u00f0fr\u00e6\u00f0i, samskipti og sj\u00fakraskr\u00e1r", "abbreviation": "SI\u00d0F2SA05(FB)", "former_schools": null, "subject": "si\u00f0fr\u00e6\u00f0i", "title": "Si\u00f0fr\u00e6\u00f0i heilbrig\u00f0isst\u00e9tta og sj\u00fakraskr\u00e1r", "version": 4, "status_trans": "Sam\u00feykkt af sk\u00f3la", "embedded_subject": {"abbreviation": "SI\u00d0F", "topics": [{"abbreviation": "IN", "topics": ["inngangur a\u00f0 si\u00f0fr\u00e6\u00f0i"]}, {"abbreviation": "GH", "topics": ["gagnr\u00fdnin hugsun og si\u00f0fr\u00e6\u00f0i"]}, {"abbreviation": "SS", "topics": ["si\u00f0fer\u00f0ileg ver\u00f0m\u00e6ti", "si\u00f0fer\u00f0ileg \u00e1litam\u00e1l"]}, {"abbreviation": "SF", "topics": ["fr\u00e6\u00f0ihugmyndir", "heilbrig\u00f0is\u00fej\u00f3nusta", "samskipti"]}, {"abbreviation": "HS", "topics": ["Hagn\u00fdt si\u00f0fr\u00e6\u00f0i"]}, {"abbreviation": "S\u00c1", "topics": ["heilbrig\u00f0is\u00fej\u00f3nusta", "samskipti", "\u00e1litam\u00e1l"]}, {"abbreviation": "SI", "topics": ["Si\u00f0fr\u00e6i", "samskipti og sj\u00fakraskr\u00e1r", "\u00fej\u00f3nusta"]}, {"abbreviation": "SA", "topics": ["Si\u00f0fr\u00e6\u00f0i", "samskipti og sj\u00fakraskr\u00e1r"]}], "_id": "50c0a02dd8e40575f7f6f4e1", "subjects": ["si\u00f0fr\u00e6\u00f0i"], "counter": {"1": 4, "3": 0, "2": 3, "4": 0}}, "evaluation": "", "categorization_suggestion": "FB", "embedded_topics": {"abbreviation": "SA", "topics": ["Si\u00f0fr\u00e6\u00f0i", "samskipti og sj\u00fakraskr\u00e1r"]}, "status": "approved by school", "description": "\u00cd \u00e1fanganum er l\u00f6g\u00f0 \u00e1hersla \u00e1 \u00fe\u00e1 hugmyndafr\u00e6\u00f0i og gildi sem liggja samskiptum fagf\u00f3lks til grundvallar. Fari\u00f0 er \u00ed \u00fdmis hugt\u00f6k \u00far si\u00f0fr\u00e6\u00f0i heilbrig\u00f0is\u00fej\u00f3nustu eins og sj\u00e1lfr\u00e6\u00f0i, velfer\u00f0, faglegt forr\u00e6\u00f0i auk skyldna fagf\u00f3lks og r\u00e9ttinda skj\u00f3lst\u00e6\u00f0inga. \u00de\u00e1 er fjalla\u00f0 um skr\u00e1ningu og me\u00f0fer\u00f0 pers\u00f3nuuppl\u00fdsinga \u00ed sj\u00fakraskr\u00e1, var\u00f0veislu gagna, \u00feagnarskyldu um uppl\u00fdsingar \u00ed sj\u00fakraskr\u00e1m. Fari\u00f0 \u00ed l\u00f6g um sj\u00fakraskr\u00e1, r\u00e9ttindi sj\u00faklinga, hlutverk og skyldur heilbrig\u00f0isstarfsf\u00f3lks \u00ed tengslum vi\u00f0 sj\u00fakraskr\u00e1 og rafr\u00e6na sj\u00fakraskr\u00e1.\n\nNemendum eru kynntar a\u00f0fer\u00f0ir vi\u00f0 \u00farlausna si\u00f0fer\u00f0ilegra \u00e1litam\u00e1la. Fjalla\u00f0 er um si\u00f0fer\u00f0i ranns\u00f3kna \u00e1 f\u00f3lki og hugmyndir um r\u00e9ttl\u00e1ta heilbrig\u00f0is\u00fej\u00f3nustu.", "knowledge_goals": ["\u00feeim gildum sem liggja mannlegri breytni til grundvallar", "helstu hugt\u00f6kum, markmi\u00f0um og a\u00f0fer\u00f0um si\u00f0fr\u00e6\u00f0innar", "helstu skyldum fagf\u00f3lks og r\u00e9ttindum sj\u00faklinga", "skilyr\u00f0um si\u00f0fer\u00f0ilegs sj\u00e1lfr\u00e6\u00f0is og r\u00e9ttm\u00e6ti faglegs forr\u00e6\u00f0is", "forsendum r\u00e9ttl\u00e1trar heilbrig\u00f0is\u00fej\u00f3nustu", "sj\u00fakraskr\u00e1m, l\u00f6gum um \u00fe\u00e6r og var\u00f0veislu \u00feeirra. \u00feeirra"], "skills_goals": ["beita si\u00f0fer\u00f0ilegum hugt\u00f6kum \u00e1 markvissan h\u00e1tt \u00ed r\u00e6\u00f0u og riti", "sko\u00f0a si\u00f0fer\u00f0ileg \u00e1litam\u00e1l \u00fat fr\u00e1 fleiri en einu sj\u00f3narhorni b\u00e6\u00f0i \u00ed r\u00e6\u00f0u og riti", "greina og leysa \u00far si\u00f0fer\u00f0isvanda", "greina fr\u00e1 helstu fr\u00e6\u00f0ihugmyndum \u00ed si\u00f0fr\u00e6\u00f0i heilbrig\u00f0is\u00fej\u00f3nustu", "skr\u00e1 samkv\u00e6mt skr\u00e1ningarkerfum sem notu\u00f0 eru \u00ed heilbrig\u00f0iskerfinu og geta leita\u00f0 \u00ed rafr\u00e6nni sj\u00fakraskr\u00e1 a\u00f0 uppl\u00fdsingu"], "credits": 5, "last_modified": 1463569210.518578, "schools": ["51234a818caa45ed97015b35"], "coauthors": null, "instructions": "", "continued_education": false, "level": 2, "prerequisites": "", "author": "41be24d4-5ecf-4d99-9661-f49f574e3dcc", "abbreviation_version": null, "competence_goals": [["heimf\u00e6ra \u00fe\u00e6r fr\u00e6\u00f0ihugmyndir og hugt\u00f6k sem fjalla\u00f0 var um \u00ed \u00e1fanganum yfir \u00e1 einst\u00f6k d\u00e6mi \u00far raunveruleikanum", ""], ["geta r\u00f6kstutt hin \u00fdmsu sj\u00f3narhorn \u00e1 si\u00f0fer\u00f0ilegum \u00e1litam\u00e1lum", ""], ["geta tengt \u00fe\u00e6r fr\u00e6\u00f0ihugmyndir sem fjalla\u00f0 er um \u00ed \u00e1fanganum vi\u00f0 daglegt l\u00edf", ""], ["leita \u00ed sj\u00fakraskr\u00e1m og n\u00fdta uppl\u00fdsingar sem \u00fear eru", ""]], "_id": "573c4b3a62933a2a320020f4"}, {"exemplary": null, "topics": "Meinafr\u00e6\u00f0i, sj\u00fakd\u00f3mar", "abbreviation": "SJ\u00daK2MS05", "former_schools": null, "subject": "Sj\u00fakd\u00f3mafr\u00e6\u00f0i", "title": "Sj\u00fakd\u00f3mafr\u00e6\u00f0i 1", "version": 1, "status_trans": "Sam\u00feykkt af sk\u00f3la", "embedded_subject": {"abbreviation": "SJ\u00daK", "topics": [{"abbreviation": "AH", "topics": ["Sj\u00fakd\u00f3mafr\u00e6\u00f0i", "meinafr\u00e6\u00f0i", "sto\u00f0-og taugakerfi", "\u00feekjukerfi"]}, {"abbreviation": "HA", "topics": ["Sj\u00fakd\u00f3mafr\u00e6\u00f0i", "meinafr\u00e6\u00f0i", "sj\u00fakd\u00f3mar \u00ed \u00feekjukerfi", "sto\u00f0-og taugakerfi"]}, {"abbreviation": "HS", "topics": ["Inngangur a\u00f0 meinafr\u00e6\u00f0i1", "sj\u00fad\u00f3mafr\u00e6\u00f0i1"]}, {"abbreviation": "GR", "topics": ["Grunn\u00e1fangi \u00ed sj\u00fakd\u00f3mafr\u00e6\u00f0i"]}, {"abbreviation": "XS", "topics": ["Sj\u00fakd\u00f3mafr\u00e6\u00f0i (tilraun)"]}, {"abbreviation": "FR", "topics": ["Sj\u00fakd\u00f3mafr\u00e6\u00f0i", "framhalds\u00e1fangi"]}, {"abbreviation": "HG", "topics": ["ge\u00f0raskanir", "hjartasj\u00fakd\u00f3mar", "meltingarf\u00e6ra-og n\u00fdrnasj\u00fakd\u00f3mar", "\u00f6ndunarf\u00e6rasj\u00fakd\u00f3ma"]}, {"abbreviation": "GH", "topics": ["ge\u00f0raskanir", "hjartasj\u00fakd\u00f3mar"]}, {"abbreviation": "MS", "topics": ["Meinafr\u00e6\u00f0i", "sj\u00fakd\u00f3mar"]}], "_id": "5165369062933a5f9b001b82", "subjects": ["Sj\u00fakd\u00f3mafr\u00e6\u00f0i"], "counter": {"1": 0, "3": 0, "2": 0, "4": 0}}, "evaluation": "Lei\u00f0sagnar-og s\u00edmat, verkefni og lokapr\u00f3f", "categorization_suggestion": "F\u00c1", "embedded_topics": {"abbreviation": "MS", "topics": ["Meinafr\u00e6\u00f0i", "sj\u00fakd\u00f3mar"]}, "status": "approved by school", "description": "\u00cd \u00e1fanganum er fjalla\u00f0 um \u00fer\u00f3un sj\u00faklegra breytinga \u00ed mannsl\u00edkama fr\u00e1 frumul\u00f6skunum til sj\u00fakd\u00f3ma \u00ed  l\u00edff\u00e6rakerfum. Vi\u00f0br\u00f6g\u00f0um frumna og vefja vi\u00f0 \u00e1lagi er  l\u00fdst og hlutverki samv\u00e6gisferla \u00ed vi\u00f0haldi  heilbrig\u00f0is. Fjalla\u00f0 er um  grundvallarhugt\u00f6k  \u00ed meinafr\u00e6\u00f0i eins og  \u00f3n\u00e6misvi\u00f0br\u00f6g\u00f0, vi\u00f0ger\u00f0arferli og vefjadrep. Fjalla\u00f0 er um s\u00fdkingar, erf\u00f0ir og \u00e6xlisv\u00f6xt og tengsl  umhverfis\u00e1hrifa og sj\u00faklegra breytinga \u00ed l\u00edkama. \u00c1h\u00e6ttu\u00fe\u00e6ttir, einkenni, orsakir, aflei\u00f0ingar og  me\u00f0fer\u00f0am\u00f6guleikar algengra sj\u00fakd\u00f3ma \u00ed sto\u00f0kerfi, taugakerfi og \u00feekjukerfi eru teknir til umfj\u00f6llunar. Latneskt nafngiftakerfi \u00ed meinafr\u00e6\u00f0i og sj\u00fakd\u00f3mafr\u00e6\u00f0i er  \u00fatsk\u00fdrt. ", "knowledge_goals": ["algengum fr\u00e6\u00f0ilegum hugt\u00f6kum sem tengjast efni \u00e1fangans", "mikilv\u00e6gi samv\u00e6gis fyrir heilbrig\u00f0i l\u00edkamans", "\u00fer\u00f3un sj\u00faklegra breytinga \u00ed l\u00edkama", "vi\u00f0br\u00f6g\u00f0um frumna, vefja, l\u00edff\u00e6ra, l\u00edff\u00e6rakerfa  vi\u00f0 \u00e1lagi og samv\u00e6gistruflunum", "algengum s\u00fdkingum \u00ed mannsl\u00edkama og einkennum \u00feeirra", "samspili umhverfis-og erf\u00f0a\u00fe\u00e1tta \u00ed sj\u00fakd\u00f3ms\u00fer\u00f3un", "flokkun, heg\u00f0un og frumors\u00f6kum \u00e6xlisvaxtar", "\u00e1h\u00e6ttu\u00fe\u00e1ttum, einkennum, ors\u00f6kum, aflei\u00f0ingum og me\u00f0fer\u00f0arm\u00f6guleikum algengra  sj\u00fakd\u00f3ma \u00ed \u00feekjukerfi, sto\u00f0- og taugakerfi", "fj\u00f6lbreyttum mi\u00f0lum til \u00feess a\u00f0 vi\u00f0halda og \u00fer\u00f3a \u00feekkingu s\u00edna \u00ed sj\u00fakd\u00f3ma-og meinafr\u00e6\u00f0i", "latneskum nafngiftum \u00ed meinafr\u00e6\u00f0i og sj\u00fakd\u00f3mafr\u00e6\u00f0i"], "skills_goals": ["nota  algeng fr\u00e6\u00f0ileg hugt\u00f6k sem tengjast efni \u00e1fangans", "bera saman  \u00fer\u00f3un sj\u00faklegra breytinga \u00ed frumum, vefjum, l\u00edff\u00e6rum og l\u00edff\u00e6rakerfum", "bera saman l\u00f6skunar\u00e1hrif og smith\u00e6fni  algengra s\u00fdkinga \u00ed mannsl\u00edkama", "gera grein fyrir samspili umhverfis-og erf\u00f0a\u00fe\u00e1tta \u00ed sj\u00fakd\u00f3ms\u00fer\u00f3un", "\u00fatsk\u00fdra flokkun, heg\u00f0un og frumorsakir \u00e6xlisvaxtar", "gera grein fyrir \u00e1h\u00e6ttu\u00fe\u00e1ttum, einkennum, ors\u00f6kum, aflei\u00f0ingum og me\u00f0fer\u00f0arm\u00f6guleikum algengra sj\u00fakd\u00f3ma \u00ed \u00feekjukerfi, sto\u00f0- og taugakerfi", "nota fj\u00f6lbreytta mi\u00f0la til \u00feess a\u00f0 vi\u00f0halda og \u00fer\u00f3a \u00feekkingu s\u00edna \u00ed sj\u00fakd\u00f3ma-og meinafr\u00e6\u00f0i", "nota latneskar nafngiftir  yfir sj\u00fakd\u00f3ma og hugt\u00f6k \u00ed  meinafr\u00e6\u00f0i"], "credits": 5, "last_modified": 1365767351.404463, "schools": ["51234c058caa45ed97015b37"], "coauthors": null, "instructions": "Sj\u00fakd\u00f3mafr\u00e6\u00f0i 103 \u00ed n\u00faverandi n\u00e1mskr\u00e1 ", "continued_education": false, "level": 2, "prerequisites": "L\u00edff\u00e6ra-og l\u00edfe\u00f0lisfr\u00e6\u00f0i 103,203", "author": "f26fbd9c-a5b1-4175-8833-10ebd1d4acda", "abbreviation_version": null, "competence_goals": [["rekja \u00fer\u00f3un sj\u00faklegra breytinga \u00ed frumum, vefjum, l\u00edff\u00e6rum og  l\u00edff\u00e6rakerfum og \u00fatsk\u00fdra vi\u00f0br\u00f6g\u00f0 l\u00edkamans vi\u00f0 \u00feeim", ""], ["vi\u00f0hafa vi\u00f0eigandi smitg\u00e1t vegna smitandi sj\u00fakd\u00f3ma", ""], ["draga \u00e1lyktanir um m\u00f6guleg  \u00e1hrif  umhverfislaskana og erf\u00f0agalla \u00e1 sj\u00fakd\u00f3ms\u00fer\u00f3un", ""], ["mi\u00f0la \u00feekkingu um meinafr\u00e6\u00f0i og sj\u00fakd\u00f3ma \u00ed \u00feekjukerfi, sto\u00f0kerfi og taugakerfi  \u00e1 fj\u00f6lbreyttan og  skapandi h\u00e1tt", ""], ["n\u00fdta \u00feekkingu s\u00edna \u00ed sj\u00fakd\u00f3mafr\u00e6\u00f0i \u00ed starfi", ""]], "_id": "5167f4b762933a5f9b001e83"}, {"exemplary": null, "topics": "ge\u00f0raskanir, hjartasj\u00fakd\u00f3mar", "abbreviation": "SJ\u00daK2GH05(F\u00c1)", "former_schools": null, "subject": "Sj\u00fakd\u00f3mafr\u00e6\u00f0i", "title": "Sj\u00fakd\u00f3mafr\u00e6\u00f0i 2", "version": 2, "status_trans": "Sam\u00feykkt af sk\u00f3la", "embedded_subject": {"abbreviation": "SJ\u00daK", "topics": [{"abbreviation": "AH", "topics": ["Sj\u00fakd\u00f3mafr\u00e6\u00f0i", "meinafr\u00e6\u00f0i", "sto\u00f0-og taugakerfi", "\u00feekjukerfi"]}, {"abbreviation": "HA", "topics": ["Sj\u00fakd\u00f3mafr\u00e6\u00f0i", "meinafr\u00e6\u00f0i", "sj\u00fakd\u00f3mar \u00ed \u00feekjukerfi", "sto\u00f0-og taugakerfi"]}, {"abbreviation": "HS", "topics": ["Inngangur a\u00f0 meinafr\u00e6\u00f0i1", "sj\u00fad\u00f3mafr\u00e6\u00f0i1"]}, {"abbreviation": "GR", "topics": ["Grunn\u00e1fangi \u00ed sj\u00fakd\u00f3mafr\u00e6\u00f0i"]}, {"abbreviation": "XS", "topics": ["Sj\u00fakd\u00f3mafr\u00e6\u00f0i (tilraun)"]}, {"abbreviation": "FR", "topics": ["Sj\u00fakd\u00f3mafr\u00e6\u00f0i", "framhalds\u00e1fangi"]}, {"abbreviation": "HG", "topics": ["ge\u00f0raskanir", "hjartasj\u00fakd\u00f3mar", "meltingarf\u00e6ra-og n\u00fdrnasj\u00fakd\u00f3mar", "\u00f6ndunarf\u00e6rasj\u00fakd\u00f3ma"]}, {"abbreviation": "GH", "topics": ["ge\u00f0raskanir", "hjartasj\u00fakd\u00f3mar"]}, {"abbreviation": "MS", "topics": ["Meinafr\u00e6\u00f0i", "sj\u00fakd\u00f3mar"]}], "_id": "5165369062933a5f9b001b82", "subjects": ["Sj\u00fakd\u00f3mafr\u00e6\u00f0i"], "counter": {"1": 0, "3": 0, "2": 1, "4": 0}}, "evaluation": "Lei\u00f0sagnar-og s\u00edmat, verkefni og lokapr\u00f3f", "categorization_suggestion": "F\u00c1", "embedded_topics": {"abbreviation": "GH", "topics": ["ge\u00f0raskanir", "hjartasj\u00fakd\u00f3mar"]}, "status": "approved by school", "description": "\u00cd \u00e1fanganum er fjalla\u00f0 um l\u00edkamlega og ge\u00f0r\u00e6nna sj\u00fakd\u00f3ma og latneskt  nafngiftakerfi sj\u00fakd\u00f3ma.  Fjalla\u00f0 er um hugt\u00f6k og sj\u00fakd\u00f3ma sem tengjast  innkirtlakerfi, hjarta-og \u00e6\u00f0akerfi, \u00f6ndunarf\u00e6rum, meltingarf\u00e6rum,  \u00fevag- og \u00e6xlunarkerfi.  \u00c1h\u00e6ttu\u00fe\u00e6ttir, einkenni, orsakir, aflei\u00f0ingar og  me\u00f0fer\u00f0am\u00f6guleikar algengra sj\u00fakd\u00f3ma \u00ed fyrrnefndum l\u00edkamskerfum eru teknir  til umfj\u00f6llunar.  Algengum ge\u00f0r\u00f6skunum eru ger\u00f0 skil og fjalla\u00f0 um forvarnir, einkenni og me\u00f0fer\u00f0 ge\u00f0raskana.  Sko\u00f0u\u00f0 eru  tengsl umhverfis, erf\u00f0a og \u00e1h\u00e6ttu\u00fe\u00e1tta vi\u00f0 sj\u00fakd\u00f3ms\u00fer\u00f3un \u00fear sem vi\u00f0 \u00e1.  ", "knowledge_goals": ["algengum fr\u00e6\u00f0ilegum hugt\u00f6kum sem tengjast efni \u00e1fangans", "meinger\u00f0um,  einkennum,  ors\u00f6kum, aflei\u00f0ingum, forv\u00f6rnum og me\u00f0fer\u00f0arm\u00f6guleikum   algengra  sj\u00fakd\u00f3ma \u00ed innkirtlum, hjarta-og \u00e6\u00f0akerfi, \u00f6ndunarf\u00e6rum, meltingarf\u00e6rum, \u00fevag- og \u00e6xlunarkerfi", "einkennum, ors\u00f6kum, forv\u00f6rnum  og me\u00f0fer\u00f0arm\u00f6guleikum algengra ge\u00f0raskana", "tengslum sj\u00fakd\u00f3ms\u00fer\u00f3unar og truflana \u00e1  samv\u00e6gisferlum  \u00ed l\u00edkama", "tengslum sj\u00fakd\u00f3ms\u00fer\u00f3unar  vi\u00f0  umhverfis-og \u00e1h\u00e6ttu\u00fe\u00e6tti", "fj\u00f6lbreyttum mi\u00f0lum til \u00feess a\u00f0 vi\u00f0halda og \u00fer\u00f3a \u00feekkingu s\u00edna \u00ed sj\u00fakd\u00f3mafr\u00e6\u00f0i."], "skills_goals": ["nota  algeng fr\u00e6\u00f0ileg hugt\u00f6k sem tengjast efni \u00e1fangans", "gera grein fyrir  meinger\u00f0um,  einkennum,  ors\u00f6kum, aflei\u00f0ingum, forv\u00f6rnum og me\u00f0fer\u00f0arm\u00f6guleikum   algengra  sj\u00fakd\u00f3ma \u00ed innkirtlum, hjarta-og \u00e6\u00f0akerfi, \u00f6ndunarf\u00e6rum, meltingarf\u00e6rum, \u00fevag- og \u00e6xlunarkerfi", "bera saman einkenni, orsakir, forvarnir  og me\u00f0fer\u00f0arm\u00f6guleika  algengra ge\u00f0raskana", "benda \u00e1 tengsl sj\u00fakd\u00f3ms\u00fer\u00f3unar og truflana \u00e1 samv\u00e6gisferlum \u00ed l\u00edkama", "benda \u00e1  tengsl sj\u00fakd\u00f3ma vi\u00f0  umhverfis-og erf\u00f0a\u00fe\u00e6tti", "nota fj\u00f6lbreytta mi\u00f0la til \u00feess a\u00f0 vi\u00f0halda og \u00fer\u00f3a \u00feekkingu s\u00edna \u00ed sj\u00fakd\u00f3mafr\u00e6\u00f0i"], "credits": 5, "last_modified": 1366031840.284615, "schools": ["51234c058caa45ed97015b37"], "coauthors": null, "instructions": "Sj\u00fakd\u00f3mafr\u00e6\u00f0i203 \u00ed eldri n\u00e1mskr\u00e1 ", "continued_education": false, "level": 2, "prerequisites": "SJ\u00daK2MS05", "author": "f26fbd9c-a5b1-4175-8833-10ebd1d4acda", "abbreviation_version": null, "competence_goals": [["\u00fatsk\u00fdra  meinger\u00f0,  einkenni,  orsakir, aflei\u00f0ingar, forvarnir  og me\u00f0fer\u00f0arm\u00f6guleika algengra sj\u00fakd\u00f3ma \u00ed innkirtlum, hjarta-og \u00e6\u00f0akerfi, \u00f6ndunarf\u00e6rum, meltingarf\u00e6rum, \u00fevag- og \u00e6xlunarkerfi", ""], ["rekja tengsl sj\u00fakd\u00f3ma og  umhverfis-og erf\u00f0a\u00fe\u00e1tta, \u00fear sem vi\u00f0 \u00e1", ""], ["mi\u00f0la \u00feekkingu um sj\u00fakd\u00f3ma \u00ed innkirtlakerfi, hjarta-og \u00e6\u00f0akerfi, \u00f6ndunarf\u00e6rum, meltingarf\u00e6rum,  \u00fevag- og \u00e6xlunarkerfi auk ge\u00f0raskana  \u00e1 fj\u00f6lbreyttan og skapandi h\u00e1tt", ""], ["bera kennsl \u00e1 algeng einkenni sj\u00fakd\u00f3ma og/e\u00f0a  fr\u00e1vik fr\u00e1 e\u00f0lilegu \u00e1standi", ""], ["tengja sj\u00fakd\u00f3mseinkenni og sj\u00fakd\u00f3ms\u00e1stand", ""], ["yfirf\u00e6ra og n\u00fdta  \u00feekkingu \u00ed sj\u00fakd\u00f3mafr\u00e6\u00f0i \u00ed starfi.", ""]], "_id": "516bfde062933a5f9b0022a7"}, {"exemplary": null, "topics": "smitg\u00e1t, smitsj\u00fakd\u00f3mar, s\u00fdklar", "abbreviation": "S\u00ddKL2SS05(F\u00c1)", "former_schools": null, "subject": "S\u00fdklafr\u00e6\u00f0i", "title": "S\u00fdklafr\u00e6\u00f0i", "version": 1, "status_trans": "Sam\u00feykkt af sk\u00f3la", "embedded_subject": {"abbreviation": "S\u00ddKL", "topics": [{"abbreviation": "SS", "topics": ["smitg\u00e1t", "smitsj\u00fakd\u00f3mar", "s\u00fdklar"]}], "_id": "517e612a62933a5f9b003693", "subjects": ["S\u00fdklafr\u00e6\u00f0i"], "counter": {"1": 0, "3": 0, "2": 0, "4": 0}}, "evaluation": "Lei\u00f0s\u00f6gn og s\u00edmat. Kaflapr\u00f3f, verklegar \u00e6fingar, sk\u00fdrsluger\u00f0, lokapr\u00f3f.", "categorization_suggestion": "F\u00c1", "embedded_topics": {"abbreviation": "SS", "topics": ["smitg\u00e1t", "smitsj\u00fakd\u00f3mar", "s\u00fdklar"]}, "status": "approved by school", "description": "\u00cd \u00e1fanganum er fjalla\u00f0  um mismunandi tegundir og s\u00e9rkenni s\u00fdkla. Fjalla\u00f0 er um byggingu s\u00fdkla, umhverfis\u00fe\u00e6tti er m\u00f3ta \u00fatbrei\u00f0slu s\u00fdkla, smitlei\u00f0ir og helstu flokka smitsj\u00fakd\u00f3ma. Fari\u00f0 er \u00ed grundvallaratri\u00f0i \u00ed s\u00e9rt\u00e6kum og almennum v\u00f6rnum l\u00edkamans gegn s\u00fdklum og fjalla\u00f0 um hlutverk \u00f3n\u00e6miskerfisins. S\u00fdklalyf f\u00e1 nokkra umfj\u00f6llun. Fjalla\u00f0 er um smitg\u00e1t og regluger\u00f0ir um smitvarnir. Fari\u00f0 er \u00ed grunn\u00fej\u00e1lfun  vi\u00f0 me\u00f0fer\u00f0 og r\u00e6ktun s\u00fdkla \u00ed tilraunastofu og sk\u00fdrsluger\u00f0. ", "knowledge_goals": ["s\u00f6gu og \u00fer\u00f3un s\u00fdklafr\u00e6\u00f0innar", "mismunandi tegundum s\u00fdkla og s\u00e9rkennum \u00feeirra", "helstu flokkum smitsj\u00fakd\u00f3ma", "mismunandi a\u00f0fer\u00f0um vi\u00f0 r\u00e6ktun og greiningu s\u00fdkla", "helstu smitlei\u00f0um og e\u00f0li smitke\u00f0ju", "a\u00f0fer\u00f0um vi\u00f0 dau\u00f0- og s\u00f3tthreinsun og takm\u00f6rkunum \u00feeirra", "helstu flokkum s\u00fdklalyfja, s\u00e9rh\u00e6f\u00f0ra og \u00f3s\u00e9rh\u00e6f\u00f0ra og verkun \u00feeirra", "grundvallaratri\u00f0um \u00ed hlutverki \u00f3n\u00e6miskerfisins og helstu aflei\u00f0ingum \u00f3n\u00e6misr\u00f6skunar", "mismunandi tegundum b\u00f3luefna og verkun \u00feeirra", "almennum reglum og vinnubr\u00f6g\u00f0um um smitg\u00e1t, smitvarnir og mikilv\u00e6gi hand\u00fevottar"], "skills_goals": ["nota algeng fr\u00e6\u00f0ileg hugt\u00f6k sem tengjast efni \u00e1fangans", "tengja mismunandi umhverfisa\u00f0st\u00e6\u00f0ur sem vi\u00f0 \u00fatbrei\u00f0slu smitsj\u00fakd\u00f3ma", "\u00fevo s\u00e9r um hendur \u00e1 r\u00e9ttan h\u00e1tt", "gera sk\u00fdrslur"], "credits": 5, "last_modified": 1367237579.944774, "schools": ["51234c058caa45ed97015b37"], "coauthors": null, "instructions": "Eldra heiti \u00e1fanga: S\u00ddK 103", "continued_education": false, "level": 2, "prerequisites": "", "author": "38ef061f-70ba-41ea-8f81-e77321620a4f", "abbreviation_version": null, "competence_goals": [["\u00fatsk\u00fdra l\u00f6skunar\u00e1hrif s\u00fdkla \u00e1 mannsl\u00edkama", ""], ["\u00fatsk\u00fdra mismunandi smith\u00e6fni s\u00fdkla", ""], ["\u00fatsk\u00fdra smitg\u00e1t og varnir \u00ed tengslum vi\u00f0 smitsj\u00fakd\u00f3ma", ""], ["forgangsra\u00f0a og n\u00fdta \u00feekkingu s\u00edna \u00ed s\u00fdklafr\u00e6\u00f0i \u00ed s\u00e9rh\u00e6f\u00f0u starfi", ""], ["mi\u00f0la \u00feekkingu um s\u00fdkla \u00ed leik og starfi \u00e1 fj\u00f6lbreyttan og j\u00e1kv\u00e6\u00f0an h\u00e1tt", ""]], "_id": "517e63cb62933a5f9b00369b"}, {"exemplary": null, "topics": "\u00feroskas\u00e1lfr\u00e6\u00f0i", "abbreviation": "S\u00c1LF3\u00deS05(FB)", "former_schools": null, "subject": "s\u00e1lfr\u00e6\u00f0i", "title": "\u00deroskas\u00e1lfr\u00e6\u00f0i", "version": 21, "status_trans": "Sam\u00feykkt af sk\u00f3la", "embedded_subject": {"abbreviation": "S\u00c1LF", "topics": [{"abbreviation": "AK", "topics": ["almenn kynning"]}, {"abbreviation": "\u00deS", "topics": ["\u00feroskas\u00e1lfr\u00e6\u00f0i"]}, {"abbreviation": "AB", "topics": ["afbrig\u00f0as\u00e1lfr\u00e6\u00f0i"]}, {"abbreviation": "KV", "topics": ["kvikmyndas\u00e1lfr\u00e6\u00f0i"]}, {"abbreviation": "SD", "topics": ["s\u00e1lfr\u00e6\u00f0i daglegs l\u00edfs"]}, {"abbreviation": "IS", "topics": ["inngangur a\u00f0 s\u00e1lfr\u00e6\u00f0i"]}, {"abbreviation": "DS", "topics": ["duls\u00e1larfr\u00e6\u00f0i"]}, {"abbreviation": "RS", "topics": ["r\u00e9ttars\u00e1lfr\u00e6\u00f0i"]}, {"abbreviation": "GE", "topics": ["ge\u00f0heilsa"]}, {"abbreviation": "FP", "topics": ["f\u00e9lags- og per\u00f3nuleikas\u00e1lfr\u00e6\u00f0i"]}, {"abbreviation": "BK", "topics": ["inngangur a\u00f0 s\u00e1lfr\u00e6\u00f0i", "j\u00e1kv\u00e6\u00f0 s\u00e1lfr\u00e6\u00f0i", "minni", "n\u00e1m", "ranns\u00f3knir"]}, {"abbreviation": "KF", "topics": ["framhald", "kvikmyndas\u00e1lfr\u00e6\u00f0i"]}, {"abbreviation": "FS", "topics": ["f\u00e9lagss\u00e1lfr\u00e6\u00f0i"]}, {"abbreviation": "GS", "topics": ["ge\u00f0s\u00e1lfr\u00e6\u00f0i"]}, {"abbreviation": "\u00deU", "topics": ["\u00feroska- og uppeldisfr\u00e6\u00f0i"]}, {"abbreviation": "AA", "topics": ["almenn s\u00e1lfr\u00e6\u00f0i"]}, {"abbreviation": "CA", "topics": ["afbrigas\u00e1lfr\u00e6\u00f0i"]}, {"abbreviation": "L\u00cd", "topics": ["l\u00edfe\u00f0lisleg s\u00e1lfr\u00e6\u00f0i"]}, {"abbreviation": "F\u00c9", "topics": ["f\u00e9lagsleg s\u00e1lfr\u00e6\u00f0i"]}, {"abbreviation": "SS", "topics": ["inngangur a\u00f0 s\u00e1lfr\u00e6\u00f0i", "sj\u00f3narmi\u00f0 og saga"]}, {"abbreviation": "FG", "topics": ["f\u00e9lagss\u00e1lfr\u00e6\u00f0i", "greind", "pers\u00f3nuleikinn"]}, {"abbreviation": "LS", "topics": ["draumar", "l\u00edfe\u00f0lisleg s\u00e1lfr\u00e6\u00f0i", "skynjunars\u00e1lfr\u00e6\u00f0i", "svefn"]}, {"abbreviation": "\u00deR", "topics": ["l\u00edfst\u00ed\u00f0ar\u00fer\u00f3un", "\u00feroski"]}, {"abbreviation": "AF", "topics": ["ge\u00f0heilsa", "ge\u00f0raskanir", "streita", "tilfinningar"]}, {"abbreviation": "\u00cd\u00de", "topics": ["f\u00e9lagsst\u00f6rf", "f\u00e9l\u00f6g", "\u00ed\u00fer\u00f3ttas\u00e1lfr\u00e6\u00f0i"]}, {"abbreviation": "SG", "topics": ["framkoma", "gagnr\u00fdni", "hlustun", "samskipti", "sj\u00e1lfstraust"]}, {"abbreviation": "\u00cd\u00c6", "topics": ["\u00ed\u00fer\u00f3ttas\u00e1lfr\u00e6\u00f0i"]}, {"abbreviation": "IN", "topics": ["S\u00e1lfr\u00e6\u00f0i", "inngangur", "kenningar", "saga"]}, {"abbreviation": "\u00de\u00de", "topics": ["n\u00e1m", "\u00deroskas\u00e1lfr\u00e6\u00f0i", "\u00feroski", "\u00fer\u00f3un"]}, {"abbreviation": "AS", "topics": ["afbrig\u00f0as\u00e1lfr\u00e6\u00f0i", "streita"]}, {"abbreviation": "H\u00de", "topics": ["Hugar\u00fej\u00e1lfun", "\u00cd\u00fer\u00f3ttir"]}, {"abbreviation": "JS", "topics": ["J\u00e1kv\u00e6\u00f0 s\u00e1lfr\u00e6\u00f0i"]}, {"abbreviation": "HA", "topics": ["Hugr\u00e6n", "atferlisme\u00f0fer\u00f0"]}, {"abbreviation": "BS", "topics": ["Breytingar", "samskipti"]}, {"abbreviation": "GH", "topics": ["Ge\u00f0s\u00e1larfr\u00e6\u00f0i og ge\u00f0heilbrig\u00f0i"]}, {"abbreviation": "PF", "topics": ["f\u00e9lagss\u00e1lfr\u00e6\u00f0i", "pers\u00f3nuleikas\u00e1lfr\u00e6\u00f0i"]}, {"abbreviation": "VS", "topics": ["Vitund og si\u00f0blinda"]}, {"abbreviation": "BG", "topics": ["S\u00c1LF"]}, {"abbreviation": "F\u00d6", "topics": ["F\u00d6TLUN", "\u00d6LDRUN"]}, {"abbreviation": "CF", "topics": ["F\u00e9lags- og pers\u00f3nuleikas\u00e1lfr\u00e6\u00f0i"]}, {"abbreviation": "BT", "topics": ["Kortlagning hugans/heilans"]}, {"abbreviation": "CJ", "topics": ["j\u00e1kv\u00e6\u00f0 s\u00e1lfr\u00e6\u00f0i"]}, {"abbreviation": "AM", "topics": ["Atferlism\u00f3tun"]}, {"abbreviation": "KD", "topics": ["S\u00e1lfr\u00e6\u00f0i fyrir kennaranema"]}, {"abbreviation": "UP", "topics": ["Uppeldisfr\u00e6\u00f0i"]}, {"abbreviation": "AU", "topics": ["Augl\u00fdsingas\u00e1lfr\u00e6\u00f0i"]}, {"abbreviation": "FF", "topics": ["F\u00edkniefni og forvarnir"]}, {"abbreviation": "A\u00de", "topics": ["Af\u00fereyingars\u00e1lfr\u00e6\u00f0i"]}], "_id": "50c0a02dd8e40575f7f6f4db", "subjects": ["s\u00e1lfr\u00e6\u00f0i"], "counter": {"1": 9, "3": 20, "2": 23, "4": 2}}, "evaluation": "\u00deekking er metin me\u00f0 pr\u00f3fum,  einstaklings- og h\u00f3pverkefnum sem b\u00e6\u00f0i eru unnin \u00ed t\u00edmum og heima.\nLeikni er metin \u00fat fr\u00e1 vinnubr\u00f6g\u00f0um vi\u00f0 notkun heimilda, ritun eigin texta og skilningi \u00e1 lesnum texta.\nH\u00e6fnin er metin \u00fat fr\u00e1 \u00fe\u00e1ttt\u00f6ku og \u00e1rangri \u00ed samr\u00e6\u00f0um, r\u00f6kr\u00e6\u00f0um og sko\u00f0anaskiptum vi\u00f0 jafningja og kennara og h\u00e6fni til a\u00f0 gera ranns\u00f3kn og skrifa ranns\u00f3knarsk\u00fdslu.", "categorization_suggestion": "FB", "embedded_topics": {"abbreviation": "\u00deS", "topics": ["\u00feroskas\u00e1lfr\u00e6\u00f0i"]}, "status": "approved by school", "description": "Kynning \u00e1 helstu kenningum, kenningasmi\u00f0um, vi\u00f0fangsefnum og ranns\u00f3knara\u00f0fer\u00f0um \u00feroskas\u00e1lfr\u00e6\u00f0innar eins og hlut umhverfis, erf\u00f0a og alhli\u00f0a \u00feroska fr\u00e1 frj\u00f3vgun fram \u00e1 fullor\u00f0ins\u00e1r. Fari\u00f0 er \u00ed s\u00f6gulegan bakgrunn \u00feroskas\u00e1lfr\u00e6\u00f0innar og kafa\u00f0 ofan \u00ed mismunandi \u00fe\u00e6tti og \u00e1litam\u00e1l. Nemendur f\u00e1  inns\u00fdn \u00ed megineinkenni vitsmuna\u00feroska, f\u00e9lags\u00feroska, tilfinninga\u00feroska og l\u00edkams\u00feroska. ", "knowledge_goals": ["hugt\u00f6kum, kenningum, kenningasmi\u00f0um, vi\u00f0fangsefnum og ranns\u00f3knara\u00f0fer\u00f0um \u00feroskas\u00e1lfr\u00e6\u00f0innar", "\u00feroska manneskjunnar fr\u00e1 frj\u00f3vgun fram \u00e1 fullor\u00f0ins\u00e1r", "hugmyndum sem hafa haft mest \u00e1hrif \u00e1 framvindu \u00feroskas\u00e1lfr\u00e6\u00f0innar", "mikilv\u00e6gi fj\u00f6lskyldunnar sem m\u00f3tunara\u00f0ila einstaklingsins", "mikilv\u00e6gi l\u00edkamlegrar og andlegrar um\u00f6nnunar og \u00f6rvunar fyrir \u00feroska barna", "fr\u00e1vikum fr\u00e1 \u00feroska m.t.t. barnage\u00f0raskana og v\u00e6gari raskana barna og unglinga", "\u00feekkja s\u00f6gulegan bakgrunn \u00feroskas\u00e1lfr\u00e6\u00f0innar"], "skills_goals": ["beita algengustu hugt\u00f6kum \u00feroskas\u00e1lfr\u00e6\u00f0innar sk\u00fdrt og skilmerkilega", "geta tengt kenningar \u00ed \u00feroskas\u00e1lfr\u00e6\u00f0i vi\u00f0 eigin l\u00edf og umhverfi", "geta afla\u00f0 s\u00e9r vi\u00f0eigandi uppl\u00fdsinga um efni tengt \u00feroskas\u00e1lfr\u00e6\u00f0i \u00ed b\u00f3kum, t\u00edmaritum \u00e1 netinu og \u00ed ranns\u00f3knum og setja \u00ed fr\u00e6\u00f0ilegt samhengi", "mi\u00f0la fr\u00e6\u00f0ilegu efni sk\u00fdrt og skilmerkilega \u00ed r\u00e6\u00f0u og riti", "geta greint merki um andlega vanl\u00ed\u00f0an hj\u00e1 b\u00f6rnum og ungmennum"], "credits": 5, "last_modified": 1520846466.501894, "schools": ["51234a818caa45ed97015b35"], "coauthors": null, "instructions": "", "continued_education": false, "level": 3, "prerequisites": "S\u00c1LF2IS05", "author": "41be24d4-5ecf-4d99-9661-f49f574e3dcc", "abbreviation_version": null, "competence_goals": [["mi\u00f0la sko\u00f0unum s\u00ednum um m\u00f3tun mannsins og \u00feroska \u00ed samr\u00e6\u00f0u og r\u00f6kr\u00e6\u00f0um um m\u00e1lefni sem tengjast \u00feroskas\u00e1lfr\u00e6\u00f0inni", ""], ["kunna a\u00f0 breg\u00f0ast vi\u00f0 uppbyggilegri gagnr\u00fdni og meta eigin verkefni og annarra \u00e1 faglegan og gagnr\u00fdninn h\u00e1tt", ""], ["geta \u00e1tta\u00f0 sig \u00e1 \u00fev\u00ed a\u00f0 hva\u00f0a leyti hugsun og \u00feroski barna er fr\u00e1brug\u00f0inn hugsun og \u00feroska fullor\u00f0inna", ""], ["vera me\u00f0vita\u00f0ur um hva\u00f0 megi bj\u00f3\u00f0a b\u00f6rnum og hva\u00f0a kr\u00f6fur s\u00e9 h\u00e6gt a\u00f0 gera til \u00feeirra", ""]], "_id": "5aa64682110a18047400b8ed"}], "title": "Heilbrig\u00f0isgreinar"}, {"courses": [{"exemplary": null, "topics": "Almennur, grunnur", "abbreviation": "HJ\u00daK1AG05", "former_schools": null, "subject": "Hj\u00fakrun, grunnur", "title": "Hj\u00fakrun almenn", "version": 1, "status_trans": "Sam\u00feykkt af sk\u00f3la", "embedded_subject": {"abbreviation": "HJ\u00daK", "topics": [{"abbreviation": "AG", "topics": ["Almennur", "grunnur"]}, {"abbreviation": "HM", "topics": ["Hjarta", "melting"]}, {"abbreviation": "TV", "topics": ["taugakerfi", "verkir"]}, {"abbreviation": "\u00d6H", "topics": ["hugmyndafr\u00e6\u00f0i", "\u00f6ldrun"]}, {"abbreviation": "FG", "topics": ["fj\u00f6lskylduhj\u00fakrun", "ge\u00f0hj\u00fakrun"]}, {"abbreviation": "LO", "topics": ["lokaverkefni"]}], "_id": "5384f8a262933a13a1000b1e", "subjects": ["Hj\u00fakrun", "grunnur"], "counter": {"1": 0, "3": 0, "2": 0, "4": 0}}, "evaluation": "skv.sk\u00f3lan\u00e1mskr\u00e1 vi\u00f0komandi sk\u00f3la.", "categorization_suggestion": "", "embedded_topics": {"abbreviation": "AG", "topics": ["Almennur", "grunnur"]}, "status": "approved by school", "description": "\u00cd \u00e1fanganum er fjalla\u00f0 um s\u00f6gu og hugmyndafr\u00e6\u00f0i hj\u00fakrunar. Kynnt eru l\u00f6g og regluger\u00f0ir sem l\u00fata a\u00f0 heilbrig\u00f0is\u00fej\u00f3nustu \u00e1 \u00cdslandi, si\u00f0areglur sj\u00fakrali\u00f0a og hva\u00f0 felst \u00ed hugtakinu fagmennska. Fjalla\u00f0 er um umhyggjuhugtaki\u00f0, andlegar, l\u00edkamlegar og f\u00e9lagslegar \u00fearfir skj\u00f3lst\u00e6\u00f0inga. Fjalla\u00f0 er um \u00fe\u00e6tti sem hafa \u00e1hrif \u00e1 l\u00ed\u00f0an og breytingar \u00e1 l\u00edkamsstarfsemi. Auk \u00feess er fjalla\u00f0 um um\u00f6nnum sj\u00faklinga og \u00fe\u00e6tti sem hafa \u00e1hrif \u00e1 sj\u00e1lfsum\u00f6nnun. ", "knowledge_goals": ["s\u00f6gu og \u00fer\u00f3un hj\u00fakrunar og \u00feeirri hugmyndafr\u00e6\u00f0i sem hj\u00fakrunarst\u00f6rf byggjast \u00e1", "helstu skipulagsformum hj\u00fakrunar", "umhyggjuhugtakinu", "si\u00f0areglum sj\u00fakrali\u00f0a", "r\u00e9ttindum skj\u00f3lst\u00e6\u00f0inga skv. l\u00f6gum", "mikilv\u00e6gi skr\u00e1ninga og athugana \u00ed hj\u00fakrun", "grunn\u00fe\u00f6rfum mannsins og fr\u00e1vikum fr\u00e1 \u00feeim", "", "\u00e1hrifum verkja \u00e1 skj\u00f3lst\u00e6\u00f0ing", "fylgikvillum r\u00famlegu", "n\u00e1nasta umhverfi skj\u00f3lst\u00e6\u00f0ings."], "skills_goals": ["mi\u00f0la s\u00f6gu og hugmyndafr\u00e6\u00f0i hj\u00fakrunar", "r\u00f6ksty\u00f0ja mikilv\u00e6gi \u00feagnarskyldu og tr\u00fana\u00f0ar \u00ed samskiptum vi\u00f0 skj\u00f3lst\u00e6\u00f0ing", "geta tj\u00e1\u00f0 sig um andlegar, l\u00edkamlegar- og f\u00e9lagslegar \u00fearfir skj\u00f3lst\u00e6\u00f0inga", "skr\u00e1 ni\u00f0urst\u00f6\u00f0ur athugana og m\u00e6linga \u00e1 vi\u00f0urkenndan h\u00e1tt", "fylgja lei\u00f0beiningum \u00ed \u00feeim tilgangi a\u00f0 b\u00e6ta l\u00ed\u00f0an skj\u00f3lst\u00e6\u00f0ings", "\u00fatsk\u00fdra mikilv\u00e6gi \u00feess a\u00f0 umgangast n\u00e1nasta umhverfi skj\u00f3lst\u00e6\u00f0ings af vir\u00f0ingu", "", "taka \u00fe\u00e1tt \u00ed samr\u00e6\u00f0um um l\u00ed\u00f0an skj\u00f3lst\u00e6\u00f0ings", ""], "credits": 5, "last_modified": 1401224539.74215, "schools": ["51234c058caa45ed97015b37"], "coauthors": null, "instructions": "Samsvarandi HJ\u00da103 \u00ed eldri n\u00e1mskr\u00e1", "continued_education": false, "level": 1, "prerequisites": "", "author": "f26fbd9c-a5b1-4175-8833-10ebd1d4acda", "abbreviation_version": null, "competence_goals": [["tengja s\u00f6gu og hugmyndafr\u00e6\u00f0i hj\u00fakrunar vi\u00f0 hj\u00fakrunarst\u00f6rf", ""], ["geta \u00fatsk\u00fdrt tengsl andlegs, l\u00edkamlegs og f\u00e9lagslegs \u00e1stands skj\u00f3lst\u00e6\u00f0ings vi\u00f0 hj\u00fakrunar\u00fearfir hans", ""], ["geta teki\u00f0 \u00e1 m\u00f3ti skj\u00f3lst\u00e6\u00f0ingi \u00e1 faglegan h\u00e1tt", ""], ["gera grein fyrir \u00e1byrg\u00f0 sj\u00fakrali\u00f0a \u00ed hj\u00fakrun", ""], ["geta \u00e1tt j\u00e1kv\u00e6\u00f0 og uppbyggileg samskipti og samstarf vi\u00f0 skj\u00f3lst\u00e6\u00f0inga og samstarfsf\u00f3lk og s\u00fdnt fagmennsku \u00ed or\u00f0i og verki.", ""], ["a", ""]], "_id": "5384fd5b62933a13a1000b20"}, {"exemplary": null, "topics": "Hjarta, melting", "abbreviation": "HJ\u00daK2HM05", "former_schools": null, "subject": "Hj\u00fakrun, grunnur", "title": "Hj\u00fakrun fullor\u00f0inna 1", "version": 1, "status_trans": "Sam\u00feykkt af sk\u00f3la", "embedded_subject": {"abbreviation": "HJ\u00daK", "topics": [{"abbreviation": "AG", "topics": ["Almennur", "grunnur"]}, {"abbreviation": "HM", "topics": ["Hjarta", "melting"]}, {"abbreviation": "TV", "topics": ["taugakerfi", "verkir"]}, {"abbreviation": "\u00d6H", "topics": ["hugmyndafr\u00e6\u00f0i", "\u00f6ldrun"]}, {"abbreviation": "FG", "topics": ["fj\u00f6lskylduhj\u00fakrun", "ge\u00f0hj\u00fakrun"]}, {"abbreviation": "LO", "topics": ["lokaverkefni"]}], "_id": "5384f8a262933a13a1000b1e", "subjects": ["Hj\u00fakrun", "grunnur"], "counter": {"1": 0, "3": 0, "2": 0, "4": 0}}, "evaluation": "skv. sk\u00f3lan\u00e1mskr\u00e1 vi\u00f0komandi sk\u00f3la. ", "categorization_suggestion": "", "embedded_topics": {"abbreviation": "HM", "topics": ["Hjarta", "melting"]}, "status": "approved by school", "description": "Fjalla\u00f0 er um helstu hj\u00fakrunarkenningar og tengsl \u00feeirra vi\u00f0 starfsvettvang. Fjalla\u00f0 er um hj\u00fakrunarferli og faglega hj\u00fakrunarskr\u00e1ningu. Fjalla\u00f0 er um hj\u00fakrun sj\u00faklinga me\u00f0 br\u00e1\u00f0a- og langvinna sj\u00fakd\u00f3ma sem tengjast eftirt\u00f6ldum kerfum: hjarta- og \u00e6\u00f0akerfi, \u00f6ndunarkerfi, meltingarkerfi, \u00fevag- og kynkerfum. Fjalla\u00f0 er um hj\u00fakrun sj\u00faklinga me\u00f0 illkynja sj\u00fakd\u00f3ma. \u00cd \u00e1fanganum er l\u00f6g\u00f0 \u00e1hersla \u00e1 tengingu fr\u00e6\u00f0ilegrar \u00feekkingar vi\u00f0 skipulagningu og framkv\u00e6md hj\u00fakrunar.", "knowledge_goals": ["helstu hj\u00fakrunarkenningum og tengslum \u00feeirra vi\u00f0 starfsvettvang", "", "mikilv\u00e6gi hj\u00fakrunarskr\u00e1ningar", "\u00e1hrifum br\u00e1\u00f0s og langvinns heilsubrests \u00e1 sj\u00e1lfsmynd og l\u00ed\u00f0an skj\u00f3lst\u00e6\u00f0inga", "hj\u00fakrun sj\u00faklinga me\u00f0 sj\u00fakd\u00f3ma \u00ed hjarta- og \u00e6\u00f0akerfi, \u00f6ndunarkerfi, meltingarkerfi, \u00fevagkerfi og kynkerfi ", "helstu einkennum illkynja sj\u00fakd\u00f3ma \u00ed \u00feeim l\u00edff\u00e6rakerfum sem fjalla\u00f0 er um \u00ed l\u00fdsingu", "undirb\u00faningi og eftirme\u00f0fer\u00f0 vegna ranns\u00f3kna og skur\u00f0a\u00f0ger\u00f0a", "\u00feverfaglegri teymisvinnu \u00ed me\u00f0fer\u00f0 skj\u00f3lst\u00e6\u00f0inga"], "skills_goals": ["s\u00fdna skj\u00f3lst\u00e6\u00f0ingi og a\u00f0standendum stu\u00f0ning og umhyggju", "greina \u00e1 milli mismunandi hj\u00fakrunar\u00fearfa langveikra, br\u00e1\u00f0veikra og miki\u00f0 veikra", "\u00fatsk\u00fdra \u00e1hrif br\u00e1\u00f0s og langvinns heilsubrests \u00e1 sj\u00e1lfsmynd og l\u00ed\u00f0an skj\u00f3lst\u00e6\u00f0inga", "vinna eftir vi\u00f0urkenndri hj\u00fakrunarskr\u00e1ningu", "velja milli \u00f3l\u00edkra vinnubrag\u00f0a vi\u00f0 smitg\u00e1t eftir e\u00f0li sj\u00fakd\u00f3ms\u00e1stands", "lei\u00f0beina skj\u00f3lst\u00e6\u00f0ingum me\u00f0 athafnir daglegs l\u00edfs me\u00f0 tilliti til \u00e1hrifa sj\u00fakd\u00f3ms\u00e1stands \u00e1 sj\u00e1lfsum\u00f6nnun og heilsu", "undirb\u00faa og annast um skj\u00f3lst\u00e6\u00f0inga fyrir og eftir ranns\u00f3knir og a\u00f0ger\u00f0ir sem tengjast ofangreindum sj\u00fakd\u00f3mum", "\u00fatsk\u00fdra algengar aukaverkanir me\u00f0fer\u00f0ar vegna illkynja sj\u00fakd\u00f3ma  ", ""], "credits": 5, "last_modified": 1401979321.364944, "schools": ["51234c058caa45ed97015b37"], "coauthors": null, "instructions": "Samsvarandi a\u00f0 hluta til HJ\u00da303 og HJ\u00da403 \u00ed eldri n\u00e1mskr\u00e1", "continued_education": false, "level": 2, "prerequisites": "HJ\u00daK1AG05 og HJVG1VG05", "author": "f26fbd9c-a5b1-4175-8833-10ebd1d4acda", "abbreviation_version": null, "competence_goals": [["meta hj\u00fakrunar\u00fearfir langveikra, br\u00e1\u00f0veikra og miki\u00f0 veikra", ""], ["meta \u00e1hrif br\u00e1\u00f0s og langvinns heilsubrests \u00e1 sj\u00e1lfsmynd og l\u00ed\u00f0an skj\u00f3lst\u00e6\u00f0inga", ""], ["beita vi\u00f0eigandi hj\u00fakrunarme\u00f0fer\u00f0 fyrir og eftir a\u00f0ger\u00f0ir og ranns\u00f3knir sem tengjast ofangreindum sj\u00fakd\u00f3mum", ""], ["beita \u00f3l\u00edkum vinnubr\u00f6g\u00f0um vi\u00f0 smitg\u00e1t eftir e\u00f0li sj\u00fakd\u00f3ms\u00e1stands", ""], ["lei\u00f0beina skj\u00f3lst\u00e6\u00f0ingum me\u00f0 athafnir daglegs l\u00edfs me\u00f0 tilliti til \u00e1hrifa sj\u00fakd\u00f3ms\u00e1stands \u00e1 sj\u00e1lfsbjargargetu og heilsu", ""], ["veita sj\u00faklingum me\u00f0 alvarlega sj\u00fakd\u00f3ma og a\u00f0standendum faglega umhyggju og stu\u00f0ning", ""], ["breg\u00f0ast vi\u00f0 algengum aukaverkunum me\u00f0fer\u00f0ar vegna illkynja sj\u00fakd\u00f3ma", ""], ["a", ""]], "_id": "539081b962933a13a10013ef"}, {"exemplary": null, "topics": "taugakerfi, verkir", "abbreviation": "HJ\u00daK2TV05", "former_schools": null, "subject": "Hj\u00fakrun, grunnur", "title": "Hj\u00fakrun fullor\u00f0inna 2", "version": 2, "status_trans": "Sam\u00feykkt af sk\u00f3la", "embedded_subject": {"abbreviation": "HJ\u00daK", "topics": [{"abbreviation": "AG", "topics": ["Almennur", "grunnur"]}, {"abbreviation": "HM", "topics": ["Hjarta", "melting"]}, {"abbreviation": "TV", "topics": ["taugakerfi", "verkir"]}, {"abbreviation": "\u00d6H", "topics": ["hugmyndafr\u00e6\u00f0i", "\u00f6ldrun"]}, {"abbreviation": "FG", "topics": ["fj\u00f6lskylduhj\u00fakrun", "ge\u00f0hj\u00fakrun"]}, {"abbreviation": "LO", "topics": ["lokaverkefni"]}], "_id": "5384f8a262933a13a1000b1e", "subjects": ["Hj\u00fakrun", "grunnur"], "counter": {"1": 0, "3": 0, "2": 0, "4": 0}}, "evaluation": "Skv. sk\u00f3lan\u00e1mskr\u00e1 vi\u00f0komandi sk\u00f3la", "categorization_suggestion": "", "embedded_topics": {"abbreviation": "TV", "topics": ["taugakerfi", "verkir"]}, "status": "approved by school", "description": "Fjalla\u00f0 er um hj\u00fakrun sj\u00faklinga me\u00f0 br\u00e1\u00f0a- og langvinna sj\u00fakd\u00f3ma sem tengjast eftirt\u00f6ldum kerfum: taugakerfi, innkirtlakerfi, \u00f3n\u00e6miskerfi, sto\u00f0kerfi \u00e1samt umfj\u00f6llun um smitg\u00e1t, s\u00e1r og s\u00e1rame\u00f0fer\u00f0, verki og verkjame\u00f0fer\u00f0. \u00cd \u00e1fanganum er l\u00f6g\u00f0 \u00e1hersla \u00e1 tengingu fr\u00e6\u00f0ilegrar \u00feekkingar vi\u00f0 skipulagningu og framkv\u00e6md hj\u00fakrunar.", "knowledge_goals": ["\u00e1hrifum br\u00e1\u00f0s og langvinns heilsubrests \u00e1 sj\u00e1lfsmynd og l\u00ed\u00f0an skj\u00f3lst\u00e6\u00f0inga me\u00f0 sj\u00fakd\u00f3ma \u00ed ofangreindum l\u00edff\u00e6rakerfum", "\u00e1 mikilv\u00e6gi hj\u00fakrunarskr\u00e1ningar", "hj\u00fakrun sj\u00faklinga me\u00f0 sj\u00fakd\u00f3ma \u00ed taugakerfi, innkirtlakerfi, \u00f3n\u00e6miskerfi og sto\u00f0kerfi", "smitg\u00e1t, s\u00e1rum og s\u00e1rame\u00f0fer\u00f0, verkjum og verkjame\u00f0fer\u00f0", "algengum s\u00e1raumb\u00fa\u00f0um og mismunandi notagildi \u00feeirra", "undirb\u00faningi og eftirme\u00f0fer\u00f0 vegna ranns\u00f3kna og skur\u00f0a\u00f0ger\u00f0a sem tengjast ofangreindum sj\u00fakd\u00f3mum", "smitg\u00e1tarvinnubr\u00f6g\u00f0um", "verkjame\u00f0fer\u00f0 annarri en lyfjum", "helstu einkennum illkynja sj\u00fakd\u00f3ma \u00ed \u00feeim l\u00edff\u00e6rakerfum sem fjalla\u00f0 er um \u00ed l\u00fdsingu."], "skills_goals": ["s\u00fdna skj\u00f3lst\u00e6\u00f0ingi og a\u00f0standendum stu\u00f0ning og umhyggju", "greina \u00e1 milli mismunandi hj\u00fakrunar\u00fearfa langveikra, br\u00e1\u00f0veikra og miki\u00f0 veikra sj\u00faklinga me\u00f0 ofangreinda sj\u00fakd\u00f3ma", "", "lei\u00f0beina sj\u00faklingum me\u00f0 ofangreinda sj\u00fakd\u00f3ma um athafnir daglegs l\u00edfs me\u00f0 tilliti til \u00e1hrifa sj\u00fakd\u00f3ms\u00e1stands \u00e1 sj\u00e1lfsum\u00f6nnun og heilsu", "\u00fatsk\u00fdra almennan og s\u00e9rh\u00e6f\u00f0an undirb\u00faning og eftirlit sj\u00faklinga fyrir og eftir a\u00f0ger\u00f0ir og ranns\u00f3knir sem tengjast ofangreindum sj\u00fakd\u00f3mum", "", "nota mismunandi s\u00e1raumb\u00fa\u00f0ir", "\u00fatsk\u00fdra mismunandi verkjame\u00f0fer\u00f0ir", "\u00fatsk\u00fdra algengar aukaverkanir me\u00f0fer\u00f0ar vegna illkynja sj\u00fakd\u00f3ma \u00ed ofangreindum l\u00edff\u00e6rakerfum", ""], "credits": 5, "last_modified": 1403086861.19314, "schools": ["51234c058caa45ed97015b37"], "coauthors": null, "instructions": "Samsvarandi a\u00f0 miklu leyti Hj\u00fa403 ( skur\u00f0l\u00e6kningahj\u00fakrun) \u00ed eldri n\u00e1mskr\u00e1", "continued_education": false, "level": 2, "prerequisites": "HJ\u00daG1A5, HJVG1A5 ", "author": "f26fbd9c-a5b1-4175-8833-10ebd1d4acda", "abbreviation_version": null, "competence_goals": [["taka \u00fe\u00e1tt \u00ed a\u00f0 undirb\u00faa skj\u00f3lst\u00e6\u00f0inga fyrir ranns\u00f3knir og a\u00f0ger\u00f0ir sem tengjast ofangreindum sj\u00fakd\u00f3mum", ""], ["geta n\u00fdtt s\u00e9r hj\u00fakrunarskr\u00e1ningu \u00ed starfi", ""], ["breg\u00f0ast vi\u00f0 breytingum \u00e1 \u00e1standi sj\u00faklings \u00e1 faglegan h\u00e1tt", ""], ["s\u00fdna smitg\u00e1t \u00ed verki", ""], ["mi\u00f0la uppl\u00fdsingum um mismunandi verkjame\u00f0fer\u00f0ir", ""], ["a", ""]], "_id": "53a1680d62933a13a10020fe"}, {"exemplary": null, "topics": "hugmyndafr\u00e6\u00f0i, \u00f6ldrun", "abbreviation": "HJ\u00daK3\u00d6H05", "former_schools": null, "subject": "Hj\u00fakrun, grunnur", "title": "Hj\u00fakrun fullor\u00f0inna 3", "version": 1, "status_trans": "Sam\u00feykkt af sk\u00f3la", "embedded_subject": {"abbreviation": "HJ\u00daK", "topics": [{"abbreviation": "AG", "topics": ["Almennur", "grunnur"]}, {"abbreviation": "HM", "topics": ["Hjarta", "melting"]}, {"abbreviation": "TV", "topics": ["taugakerfi", "verkir"]}, {"abbreviation": "\u00d6H", "topics": ["hugmyndafr\u00e6\u00f0i", "\u00f6ldrun"]}, {"abbreviation": "FG", "topics": ["fj\u00f6lskylduhj\u00fakrun", "ge\u00f0hj\u00fakrun"]}, {"abbreviation": "LO", "topics": ["lokaverkefni"]}], "_id": "5384f8a262933a13a1000b1e", "subjects": ["Hj\u00fakrun", "grunnur"], "counter": {"1": 0, "3": 0, "2": 0, "4": 0}}, "evaluation": "samkv\u00e6mt sk\u00f3lan\u00e1msskr\u00e1 sk\u00f3la. ", "categorization_suggestion": "", "embedded_topics": {"abbreviation": "\u00d6H", "topics": ["hugmyndafr\u00e6\u00f0i", "\u00f6ldrun"]}, "status": "approved by school", "description": "\u00cd \u00e1fanganum er fjalla\u00f0 um st\u00f6\u00f0u aldra\u00f0ra \u00ed samf\u00e9laginu og \u00fe\u00e1 f\u00e9lags\u00fej\u00f3nustu sem \u00f6ldru\u00f0um stendur til bo\u00f0a. Jafnframt er l\u00f6g\u00f0 \u00e1rhersla \u00e1 sj\u00e1lfs\u00e1kv\u00f6r\u00f0unarr\u00e9tt aldra\u00f0ra og \u00feau r\u00e9ttindi sem \u00f6ldru\u00f0um eru trygg\u00f0 samkv\u00e6mt l\u00f6gum. Hugmyndafr\u00e6\u00f0i og helstu kenningar \u00ed \u00f6ldrunarhj\u00fakrun eru sko\u00f0a\u00f0ar. Fari\u00f0 er yfir helstu andlegar, f\u00e9lagslegar og l\u00edkamlegar breytingar sem fylgja h\u00e6kkandi aldri. Fjalla\u00f0 er um helstu sj\u00fakd\u00f3ma og heilsufarsvandam\u00e1l sem hrj\u00e1 aldra\u00f0a og vi\u00f0eigandi hj\u00fakrun. Kynntar eru a\u00f0fer\u00f0ir til \u00feess a\u00f0 meta \u00e1hrif sj\u00fakd\u00f3ma og heilsubrests \u00e1 virkni og vell\u00ed\u00f0an aldra\u00f0ra. Fjalla\u00f0 er um mikilv\u00e6gi heilbrig\u00f0s l\u00edfsst\u00edls \u00e1 efri \u00e1rum me\u00f0 \u00e1herslu \u00e1 forvarnir og heilsueflingu til auka l\u00edfsg\u00e6\u00f0i og vell\u00ed\u00f0an aldra\u00f0ra. Sorg og sorgarvi\u00f0br\u00f6g\u00f0 eru tekin til umfj\u00f6llunar. L\u00f6g\u00f0 er \u00e1hersla \u00e1 s\u00e9rstakar hj\u00fakrunar\u00fearfir einstaklinga vi\u00f0 l\u00edfslok og l\u00edknarme\u00f0fer\u00f0. Mikil \u00e1hersla er l\u00f6g\u00f0 \u00e1 \u00feverfaglega samvinnu, yfirs\u00fdn og heildr\u00e6na n\u00e1lgun vi\u00f0 hj\u00fakrun aldra\u00f0ra hvort sem er \u00e1 stofnunum e\u00f0a \u00e1 heimilum \u00e1samt faglegum vinnubr\u00f6g\u00f0um og vi\u00f0urkenndri skr\u00e1ningu hj\u00fakrunar. ", "knowledge_goals": ["\u00feeim l\u00edkamlegu, andlegu og f\u00e9lagslegu breytingum sem fylgja h\u00e6kkandi aldri", "\u00e1hrifum algengra \u00f6ldrunarsj\u00fakd\u00f3ma \u00e1 virkni og l\u00edfsg\u00e6\u00f0i aldra\u00f0ra", "a\u00f0fer\u00f0um og m\u00e6lit\u00e6kjum sem notu\u00f0 eru til a\u00f0 meta vitsmunalega f\u00e6rni, sj\u00e1lfsbjargargetu og a\u00f0st\u00e6\u00f0ur aldra\u00f0ra", "forvarnargildi og mikilv\u00e6gi heilbrig\u00f0is l\u00edfsst\u00edls \u00e1 efri \u00e1rum", "\u00feeirri \u00fej\u00f3nustu og stu\u00f0ningi sem \u00f6ldru\u00f0um stendur til bo\u00f0a \u00ed samf\u00e9lginu", "kenningum sem fjalla um a\u00f0l\u00f6gun a\u00f0 heilsubresti, sorg og missi", "l\u00edfsloka- og l\u00edknarme\u00f0fer\u00f0", "\u00feverfaglegri teymisvinnu \u00ed m\u00e1lefnum aldra\u00f0ra", "vi\u00f0urkenndri hj\u00fakrunarskr\u00e1ningu"], "skills_goals": ["gera greinarmun \u00e1 e\u00f0lilegum \u00f6ldrunarbreytingum og sj\u00fakd\u00f3ms\u00e1standi hj\u00e1 \u00f6ldru\u00f0um", "greina \u00e1hrif \u00f6ldrunarbreytinga \u00e1 virkni og l\u00edfsg\u00e6\u00f0i aldra\u00f0ra", "fr\u00e6\u00f0a aldra\u00f0a um heilbrig\u00f0an l\u00edfsst\u00edl og \u00fe\u00e1 \u00fej\u00f3nustu sem \u00feeim stendur til bo\u00f0a \u00ed samf\u00e9laginu", "hagn\u00fdta s\u00e9r kenningar um a\u00f0l\u00f6gun a\u00f0 sorg og missi \u00ed hj\u00fakrunarst\u00f6rfum", "nota vi\u00f0urkennda hj\u00fakrunarskr\u00e1ningu."], "credits": 5, "last_modified": 1403088597.062825, "schools": ["51234c058caa45ed97015b37"], "coauthors": null, "instructions": "", "continued_education": false, "level": 3, "prerequisites": "HJ\u00daK2HM05,HJ\u00daK2TV05", "author": "f26fbd9c-a5b1-4175-8833-10ebd1d4acda", "abbreviation_version": null, "competence_goals": [["taka \u00fe\u00e1tt \u00ed \u00feverfaglegri teymisvinnu um m\u00e1lefni aldra\u00f0ra", ""], ["nota vi\u00f0urkenndar a\u00f0fer\u00f0ir og kvar\u00f0a til \u00feess a\u00f0 meta sj\u00e1lfbjargargetu aldra\u00f0ra", ""], ["hj\u00fakra \u00f6ldru\u00f0um \u00e1 heildr\u00e6nan h\u00e1tt me\u00f0 tilliti til f\u00e9lagslegs, andlegs og l\u00edkamlegs \u00e1stands", ""], ["hj\u00fakra \u00f6ldru\u00f0um \u00e1 l\u00edknandi me\u00f0fer\u00f0 og vi\u00f0 l\u00edfslok", ""], ["mi\u00f0la \u00e1 faglegan h\u00e1tt uppl\u00fdsingum um hj\u00fakrun aldra\u00f0ra.", ""]], "_id": "53a16ed562933a13a100210d"}, {"exemplary": null, "topics": "Verkleg, hj\u00fakrun", "abbreviation": "HJVG1VG05", "former_schools": null, "subject": "Hj\u00fakrun, grunnur, verkleg", "title": "Hj\u00fakrun verkleg", "version": 1, "status_trans": "Sam\u00feykkt af sk\u00f3la", "embedded_subject": {"abbreviation": "HJVG", "topics": [{"abbreviation": "VG", "topics": ["Verkleg", "hj\u00fakrun"]}], "_id": "539070a062933a13a10013d1", "subjects": ["Hj\u00fakrun", "grunnur", "verkleg"], "counter": {"1": 0, "3": 0, "2": 0, "4": 0}}, "evaluation": "skv. sk\u00f3lan\u00e1mskr\u00e1 vi\u00f0komandi sk\u00f3la", "categorization_suggestion": "", "embedded_topics": {"abbreviation": "VG", "topics": ["Verkleg", "hj\u00fakrun"]}, "status": "approved by school", "description": "\u00cd \u00e1fanganum er fjalla\u00f0 um n\u00e1nasta umhverfi sj\u00faklinga \u00e1 heilbrig\u00f0isstofnunum og \u00e1 heimili hans svo sem sj\u00fakrar\u00fami\u00f0, sj\u00fakrastofuna og \u00fdmis hj\u00e1lpart\u00e6ki. Fjalla\u00f0 er um pers\u00f3nulegar \u00fearfir sj\u00faklinga og lei\u00f0ir til a\u00f0 m\u00e6ta \u00feeim. Fjalla\u00f0 er um fylgikvilla r\u00famlegu, m\u00e6lingar og mat \u00e1 l\u00edfsm\u00f6rkum og skr\u00e1ningu \u00feeirra, \u00fear me\u00f0 tali\u00f0 \u00f6ndunara\u00f0sto\u00f0 og s\u00farefnisgj\u00f6f. Fjalla\u00f0 er um hreinl\u00e6ti, smitg\u00e1t, s\u00fdnat\u00f6kur og fr\u00e1gang s\u00fdna. \u00c1fanginn er a\u00f0 mestu verklegur. ", "knowledge_goals": ["mikilv\u00e6gi \u00feess a\u00f0 vir\u00f0a pers\u00f3nuleg m\u00f6rk og pers\u00f3nulegt r\u00fdmi skj\u00f3lst\u00e6\u00f0ings", "n\u00e1nasta umhverfi skj\u00f3lst\u00e6\u00f0ings mi\u00f0a\u00f0 vi\u00f0 a\u00f0st\u00e6\u00f0ur hans hverju sinni", "mismunandi legu skj\u00f3lst\u00e6\u00f0ings \u00ed r\u00fami", "mikilv\u00e6gi l\u00edkamlegs hreinl\u00e6tis og tannhir\u00f0u", "mikilv\u00e6gi n\u00e6ringarinntektar og \u00fargangslosunar", "mikilv\u00e6gi hreinl\u00e6tis, smitg\u00e1tar og smitg\u00e1tarvinnubrag\u00f0a", "umgengni vi\u00f0 \u00e6\u00f0aleggi, s\u00farefnisleggi, \u00fevagleggi og \u00fevagpoka", "framkv\u00e6md s\u00fdnat\u00f6ku", "mikilv\u00e6gi l\u00edfsmarkam\u00e6linga", "pers\u00f3nulegum hj\u00e1lpart\u00e6kjum skj\u00f3lst\u00e6\u00f0inga og umhir\u00f0u \u00feeirra", "me\u00f0h\u00f6ndlun hj\u00fakrunargagna"], "skills_goals": ["beita mismunandi a\u00f0fer\u00f0um til \u00feess a\u00f0 hagr\u00e6\u00f0a skj\u00f3lst\u00e6\u00f0ingi", "umgangast n\u00e1nasta umhverfi skj\u00f3lst\u00e6\u00f0ings af vir\u00f0ingu", "undirb\u00faa n\u00e1nasta umhverfi skj\u00f3lst\u00e6\u00f0ings fyrir komu", "b\u00faa um skj\u00f3lst\u00e6\u00f0ing \u00ed mismunandi a\u00f0st\u00e6\u00f0um", "a\u00f0sto\u00f0a skj\u00f3lst\u00e6\u00f0ing vi\u00f0 a\u00f0 nota hj\u00e1lpart\u00e6ki", "nota vi\u00f0eigandi a\u00f0fer\u00f0ir vi\u00f0 s\u00fdnat\u00f6kur og fr\u00e1gang \u00feeirra", "undirb\u00faa, framkv\u00e6ma og skr\u00e1 l\u00edfsmarkam\u00e6lingar", "a\u00f0sto\u00f0a skj\u00f3lst\u00e6\u00f0ing vi\u00f0 tannhir\u00f0u og pers\u00f3nulegt hreinl\u00e6ti", "undirb\u00faa og a\u00f0sto\u00f0a skj\u00f3lst\u00e6\u00f0ing vi\u00f0 a\u00f0 matast og skr\u00e1 n\u00e6ringarinntekt", "skr\u00e1 \u00fatskilna\u00f0 \u00fargangsefna", "farga hj\u00fakrunarg\u00f6gnum \u00e1 vi\u00f0eigandi h\u00e1tt"], "credits": 5, "last_modified": 1401976777.72972, "schools": ["51234c058caa45ed97015b37"], "coauthors": null, "instructions": "", "continued_education": false, "level": 1, "prerequisites": "", "author": "f26fbd9c-a5b1-4175-8833-10ebd1d4acda", "abbreviation_version": null, "competence_goals": [["umgangast sj\u00fakrastofuna og umhverfi sj\u00faklings \u00e1 vi\u00f0eigandi h\u00e1tt", ""], ["annast daglegan umb\u00fana\u00f0 sj\u00fakrar\u00fams me\u00f0 og \u00e1n skj\u00f3lst\u00e6\u00f0ings vi\u00f0 mismunandi a\u00f0st\u00e6\u00f0ur", ""], ["undirb\u00faa og veita skj\u00f3lst\u00e6\u00f0ingi pers\u00f3nulega a\u00f0hlynningu", ""], ["fylgast me\u00f0, meta og skr\u00e1 n\u00e6ringarinntekt og \u00fatskilna\u00f0", ""], ["a", ""], ["fylgjast me\u00f0, meta og skr\u00e1 l\u00edfsm\u00f6rk", ""], ["s\u00fdna l\u00edfsgildum skj\u00f3lst\u00e6\u00f0ings vir\u00f0ingu", ""], ["s\u00fdna umhyggju \u00ed samskiptum skj\u00f3lst\u00e6\u00f0inga, a\u00f0standenda og samstarfsf\u00f3lks", ""], ["meta athafnir daglegs l\u00edfs og breg\u00f0ast vi\u00f0 \u00feeim", ""], ["a", ""]], "_id": "539077c962933a13a10013e0"}, {"exemplary": null, "topics": "lokaverkefni", "abbreviation": "HJ\u00daK3LO03", "former_schools": null, "subject": "Hj\u00fakrun, grunnur", "title": "Lokaverkefni \u00ed hj\u00fakrun", "version": 3, "status_trans": "Sam\u00feykkt af sk\u00f3la", "embedded_subject": {"abbreviation": "HJ\u00daK", "topics": [{"abbreviation": "AG", "topics": ["Almennur", "grunnur"]}, {"abbreviation": "HM", "topics": ["Hjarta", "melting"]}, {"abbreviation": "TV", "topics": ["taugakerfi", "verkir"]}, {"abbreviation": "\u00d6H", "topics": ["hugmyndafr\u00e6\u00f0i", "\u00f6ldrun"]}, {"abbreviation": "FG", "topics": ["fj\u00f6lskylduhj\u00fakrun", "ge\u00f0hj\u00fakrun"]}, {"abbreviation": "LO", "topics": ["lokaverkefni"]}], "_id": "5384f8a262933a13a1000b1e", "subjects": ["Hj\u00fakrun", "grunnur"], "counter": {"1": 0, "3": 0, "2": 0, "4": 0}}, "evaluation": "Lei\u00f0sagnarmat \u00fear sem vinna nemanda \u00ed \u00e1fanganum er metin me\u00f0 reglubundnum h\u00e6tti. Til grundvallar matinu eru einkum verk\u00e1\u00e6tlun nemanda, sj\u00e1lfst\u00e6\u00f0i \u00ed vinnubr\u00f6g\u00f0um, efnist\u00f6k, m\u00e1lfar og st\u00edll, me\u00f0fer\u00f0 og val \u00e1 heimildum og fr\u00e1gangur verkefnis. ", "categorization_suggestion": "", "embedded_topics": {"abbreviation": "LO", "topics": ["lokaverkefni"]}, "status": "approved by school", "description": "\u00cd \u00e1fanganum vinna nemendur lokaverkefni sem byggir \u00e1 fr\u00e6\u00f0ilegri \u00feekkingu \u00ed hj\u00fakrun. Nemendur d\u00fdpka og \u00fej\u00e1lfa f\u00e6rni s\u00edna \u00ed ritun heimildaritger\u00f0a og \u00feeim fr\u00e6\u00f0ilegu vinnubr\u00f6g\u00f0um sem krafist er vi\u00f0 vinnslu og fr\u00e1gang sl\u00edkra ritger\u00f0a. L\u00f6g\u00f0 er \u00e1hersla \u00e1 notkun vi\u00f0urkenndra heimilda innan heilbrig\u00f0isv\u00edsinda. Nemendur vinna undir verkstj\u00f3rn kennara \u00e1 sj\u00e1lfst\u00e6\u00f0an h\u00e1tt \u00fear sem krafist er frumkv\u00e6\u00f0is, vanda\u00f0ra vinnubrag\u00f0a, sk\u00f6punar og \u00e1byrg\u00f0ar \u00e1 eigin n\u00e1mi. Nemendur kynna vi\u00f0fangsefni s\u00edn me\u00f0 margv\u00edslegum h\u00e6tti \u00e1 m\u00e1lstofu. ", "knowledge_goals": ["tilteknu vi\u00f0fangsefni \u00ed hj\u00fakrunarfr\u00e6\u00f0i sem hann hefur vali\u00f0 s\u00e9r", "helstu hugt\u00f6kum sem tengjast ger\u00f0 heimildaritger\u00f0ar", "byggingu heimilda- og ranns\u00f3knarritger\u00f0a", "nau\u00f0syn \u00feess a\u00f0 vanda me\u00f0fer\u00f0 heimilda", "reglum um h\u00f6fundarr\u00e9tt og hugmyndum um ritstuld"], "skills_goals": ["fylgja vi\u00f0urkenndum reglum vi\u00f0 ger\u00f0 og fr\u00e1gang ritger\u00f0ar", "beita gagnr\u00fdninni hugsun vi\u00f0 \u00farvinnslu efnis \u00ed heilbrig\u00f0isv\u00edsindum", "afla fj\u00f6lbreyttra heimilda, t.d. skr\u00e1\u00f0ra heimilda \u00far b\u00f3kum, t\u00edmaritum og af netinu e\u00f0a frumheimilda, ef svo ber undir", "koma efni \u00e1 framf\u00e6ri \u00e1 vel uppbygg\u00f0an, sk\u00fdran og greinarg\u00f3\u00f0an h\u00e1tt", "lesa fr\u00e6\u00f0ilegan texta um heilbrig\u00f0ism\u00e1l \u00e1 \u00edslensku og erlendu tungum\u00e1li."], "credits": 3, "last_modified": 1403091919.685921, "schools": ["51234c058caa45ed97015b37"], "coauthors": null, "instructions": "", "continued_education": false, "level": 3, "prerequisites": "HJ\u00daK3FG05 Samf\u00e9lagshj\u00fakrun ", "author": "f26fbd9c-a5b1-4175-8833-10ebd1d4acda", "abbreviation_version": null, "competence_goals": [["gera raunh\u00e6fa verk\u00e1\u00e6tlun og framfylgja henni", ""], ["setja fram r\u00f6kstudda ranns\u00f3knarspurningu e\u00f0a efnisyfirl\u00fdsingu", ""], ["skrifa lokaritger\u00f0 \u00ed heilbrig\u00f0isv\u00edsindum um s\u00e9rh\u00e6ft efni \u00ed hj\u00fakrun samkv\u00e6mt vi\u00f0urkenndum a\u00f0fer\u00f0um", ""], ["tj\u00e1 sig \u00ed r\u00e6\u00f0u og riti \u00e1 gagnr\u00fdninn og skapandi h\u00e1tt um s\u00e9rh\u00e6ft efni", ""]], "_id": "53a17bcf62933a022f000006"}, {"exemplary": null, "topics": "lyf, sj\u00fakrastofnanir", "abbreviation": "LYFJ2LS05", "former_schools": null, "subject": "Lyfjafr\u00e6\u00f0i", "title": "Lyfjafr\u00e6\u00f0i \u00e1 sj\u00fakrali\u00f0abraut", "version": 4, "status_trans": "Sam\u00feykkt af sk\u00f3la", "embedded_subject": {"abbreviation": "LYFJ", "topics": [{"abbreviation": "TT", "topics": ["Tannt\u00e6kni"]}, {"abbreviation": "TL", "topics": ["lyf", "tannl\u00e6knastofur"]}, {"abbreviation": "LY", "topics": ["LYFJ"]}, {"abbreviation": "LS", "topics": ["lyf", "sj\u00fakrastofnanir"]}], "_id": "51649b8c62933a5f9b001b01", "subjects": ["Lyfjafr\u00e6\u00f0i"], "counter": {"1": 0, "3": 0, "2": 3, "4": 0}}, "evaluation": "Lokapr\u00f3f, hlutapr\u00f3f, verkefni", "categorization_suggestion": "", "embedded_topics": {"abbreviation": "LS", "topics": ["lyf", "sj\u00fakrastofnanir"]}, "status": "approved by school", "description": "\u00cd \u00e1fanganum er fari\u00f0 \u00ed lyfjaskr\u00e1r, ATC-flokkunarkerfi lyfja, geymslu og fyrningu lyfja, lyfjaform og \u00fdmsar skilgreiningar sem tengjast lyfjum. Fari\u00f0 er \u00ed helstu lyf sem notu\u00f0 eru vi\u00f0 hjarta- og \u00e6\u00f0sj\u00fakd\u00f3mum, ge\u00f0sj\u00fakd\u00f3mum, sto\u00f0kerfissj\u00fakd\u00f3mum, \u00f6ndunarf\u00e6rasj\u00fakd\u00f3mum, h\u00fa\u00f0sj\u00fakd\u00f3mum og sykurs\u00fdki. Auk \u00feess er fjalla\u00f0 um s\u00fdklalyf, meltingarf\u00e6ralyf og lyf vi\u00f0 Alzheimer sj\u00fakd\u00f3mi. Fjalla\u00f0 er um lyf og lyfjaflokka, verkun lyfjanna, aukaverkanir, milliverkanir o.fl.", "knowledge_goals": ["uppbyggingu s\u00e9rlyfjaskr\u00e1r", "ATC-flokkunarkerfi lyfja", "\u00fdmsum algengum skilgreiningum sem tengjast lyfjum", "hugt\u00f6kum sem notu\u00f0 eru var\u00f0andi fr\u00e1sog, dreifingu, umbrot og \u00fatskilna\u00f0 lyfja", "helstu lyfjaformum, kostum \u00feeirra og g\u00f6llum", "\u00e1hrifum hjarta- og \u00e6\u00f0asj\u00fakd\u00f3malyfja, ge\u00f0lyfja, verkjalyfja, \u00f6ndunarf\u00e6ralyfja, h\u00fa\u00f0lyfja og sykurs\u00fdkislyfja", "helstu flokkum og \u00e1hrifum s\u00fdklalyfja, meltingarf\u00e6ralyfja og lyfja vi\u00f0 Alzheimer sj\u00fakd\u00f3mi", "helstu auka- og milliverkunum ofangreindra lyfja", "bl\u00f3\u00f0\u00fe\u00e9ttnik\u00farfum."], "skills_goals": ["leita a\u00f0 uppl\u00fdsingum um lyf \u00e1 netinu", "flokka s\u00e9rlyf eftir ATC-flokkunarkerfinu", "reikna \u00fat helmingunart\u00edma lyfja", "a\u00f0sto\u00f0a skj\u00f3lst\u00e6\u00f0inga vi\u00f0 notkun \u00e1 \u00fdmsum lyfjaformum, \u00fear sem vi\u00f0 \u00e1."], "credits": 5, "last_modified": 1421410838.759914, "schools": ["51234c058caa45ed97015b37"], "coauthors": null, "instructions": "", "continued_education": false, "level": 2, "prerequisites": "L\u00cdOL2IL05 og SJ\u00daK2GH05 \u00e6skilegir undanfarar ", "author": "f26fbd9c-a5b1-4175-8833-10ebd1d4acda", "abbreviation_version": null, "competence_goals": [["mi\u00f0la algengum uppl\u00fdsingum um ofangreind lyf til skj\u00f3lst\u00e6\u00f0inga \u00fear sem vi\u00f0 \u00e1", ""], ["\u00e1tta sig \u00e1 tengslum aukaverkana lyfja vi\u00f0 verkun \u00feeirra", ""], ["s\u00fdna skilning \u00e1 verkun ofangreindra lyfja me\u00f0 tilliti til verkunarm\u00e1ta \u00feeirra.", ""]], "_id": "54b9021662933a031000029c"}, {"exemplary": null, "topics": "fj\u00f6lskylduhj\u00fakrun, ge\u00f0hj\u00fakrun", "abbreviation": "HJ\u00daK3FG05", "former_schools": null, "subject": "Hj\u00fakrun, grunnur", "title": "Samf\u00e9lagshj\u00fakrun", "version": 2, "status_trans": "Sam\u00feykkt af sk\u00f3la", "embedded_subject": {"abbreviation": "HJ\u00daK", "topics": [{"abbreviation": "AG", "topics": ["Almennur", "grunnur"]}, {"abbreviation": "HM", "topics": ["Hjarta", "melting"]}, {"abbreviation": "TV", "topics": ["taugakerfi", "verkir"]}, {"abbreviation": "\u00d6H", "topics": ["hugmyndafr\u00e6\u00f0i", "\u00f6ldrun"]}, {"abbreviation": "FG", "topics": ["fj\u00f6lskylduhj\u00fakrun", "ge\u00f0hj\u00fakrun"]}, {"abbreviation": "LO", "topics": ["lokaverkefni"]}], "_id": "5384f8a262933a13a1000b1e", "subjects": ["Hj\u00fakrun", "grunnur"], "counter": {"1": 0, "3": 0, "2": 0, "4": 0}}, "evaluation": "samkv\u00e6mt sk\u00f3lan\u00e1msskr\u00e1 sk\u00f3la. ", "categorization_suggestion": "", "embedded_topics": {"abbreviation": "FG", "topics": ["fj\u00f6lskylduhj\u00fakrun", "ge\u00f0hj\u00fakrun"]}, "status": "approved by school", "description": "\u00cd \u00e1fanganum er fjalla\u00f0 um hugt\u00f6k og kenningar \u00ed fj\u00f6lskyldu- og ge\u00f0hj\u00fakrun \u00e1samt heimahj\u00fakrun og heilsug\u00e6slu. Fari\u00f0 er \u00ed kenningar um \u00feroskaferil fj\u00f6lskyldunnar, \u00fearfir og verkefni fj\u00f6lskyldume\u00f0lima \u00e1 \u00fdmsum \u00feroskastigum. Fari\u00f0 er \u00ed hugmyndafr\u00e6\u00f0i heilsueflingar og hj\u00fakrunarvi\u00f0fangsefni \u00ed tengslum vi\u00f0 fj\u00f6lskyldu- og heimahj\u00fakrun. \nFjalla\u00f0 er um algengar ge\u00f0raskanir, hj\u00fakrun, forvarnir og endurh\u00e6fingu ge\u00f0sj\u00fakra me\u00f0 \u00e1herslu \u00e1 fj\u00f6lskyldumi\u00f0a\u00f0a n\u00e1lgun. \u00c1hersla er l\u00f6g\u00f0 \u00e1 a\u00f0 nemandinn kynnist mikilv\u00e6gi ge\u00f0hj\u00fakrunar \u00e1 hinum \u00fdmsu svi\u00f0um heilbrig\u00f0is\u00fej\u00f3nustunnar. \n\u00cd \u00e1fanganum er l\u00f6g\u00f0 \u00e1hersla \u00e1 tengingu fr\u00e6\u00f0ilegrar \u00feekkingar vi\u00f0 skipulagningu og framkv\u00e6md hj\u00fakrunar. \n", "knowledge_goals": ["hugt\u00f6kum og kenningum \u00ed fj\u00f6lskyldu- og ge\u00f0hj\u00fakrun", "", "hugmyndafr\u00e6\u00f0i \u00feroska- og fj\u00f6lskyldukenninga", "heilsueflingu og forv\u00f6rnum", "einkennum og hj\u00fakrunarme\u00f0fer\u00f0um algengra ge\u00f0raskanna og f\u00edknisj\u00fakd\u00f3ma."], "skills_goals": ["t\u00falka helstu kenningar og hugt\u00f6k innan fj\u00f6lskyldu- og ge\u00f0hj\u00fakrunar", "\u00fatsk\u00fdra hlutverk heima- og heilsug\u00e6sluhj\u00fakrunar", "bera saman hugmyndafr\u00e6\u00f0i mismunandi \u00feroska- og fj\u00f6lskyldukenninga", "vera \u00fe\u00e1tttakandi \u00ed heilsueflingu og forv\u00f6rnum \u00ed samf\u00e9laginu", "l\u00fdsa einkennum algengra ge\u00f0raskana og f\u00edknisj\u00fakd\u00f3ma", "nota vi\u00f0urkenndar hj\u00fakrunarme\u00f0fer\u00f0ir \u00ed fj\u00f6lskyldu- og ge\u00f0hj\u00fakrun"], "credits": 5, "last_modified": 1403090694.04238, "schools": ["51234c058caa45ed97015b37"], "coauthors": null, "instructions": "", "continued_education": false, "level": 3, "prerequisites": "HJ\u00daK3\u00d6H05", "author": "f26fbd9c-a5b1-4175-8833-10ebd1d4acda", "abbreviation_version": null, "competence_goals": [["nota kenningar og hugt\u00f6k innan fj\u00f6lskylduhj\u00fakrunar \u00ed raunverulegum verkefnum", ""], ["r\u00f6ksty\u00f0ja hj\u00fakrunarme\u00f0fer\u00f0ir \u00ed heima- og heilsug\u00e6sluhj\u00fakrun og yfirf\u00e6rt h\u00e6fni \u00far \u00f6\u00f0rum \u00ed hj\u00fakrunar\u00e1f\u00f6ngum \u00ed st\u00f6rfum s\u00ednum", ""], ["l\u00fdsa \u00e1hrifum veikinda einstaklings \u00e1 fj\u00f6lskylduna", ""], ["hj\u00fakra einstaklingum me\u00f0 ge\u00f0raskanir og f\u00edknisj\u00fakd\u00f3ma", ""], ["beita \u00feekkingu sinni \u00ed samvinnu vi\u00f0 a\u00f0rar fagst\u00e9ttir", ""], ["lei\u00f0beina og fr\u00e6\u00f0a um heilsueflingu og forvarnir.", ""]], "_id": "53a1770662933a13a100211b"}, {"exemplary": null, "topics": "\u00fej\u00e1lfun \u00e1 vinnsusta\u00f0", "abbreviation": "STAF3\u00deJ27", "former_schools": null, "subject": "Starfs\u00fej\u00e1lfun sj\u00fakrali\u00f0anema", "title": "Starfs\u00fej\u00e1lfun sj\u00fakrali\u00f0anema", "version": 2, "status_trans": "Sam\u00feykkt af sk\u00f3la", "embedded_subject": {"abbreviation": "STAF", "topics": [{"abbreviation": "\u00deJ", "topics": ["\u00fej\u00e1lfun \u00e1 vinnsusta\u00f0"]}], "_id": "53a1e25662933a04c80000a6", "subjects": ["Starfs\u00fej\u00e1lfun sj\u00fakrali\u00f0anema"], "counter": {"1": 0, "3": 1, "2": 0, "4": 0}}, "evaluation": "Lei\u00f0sagnarmat \u00fear sem vinna nemanda \u00ed \u00e1fanganum er metin me\u00f0 reglubundnum h\u00e6tti og hj\u00fakrunardeildarstj\u00f3ri vi\u00f0komandi deildar/heilbrig\u00f0isstofnunar gefur lokamat \u00ed lok starfs\u00fej\u00e1lfunart\u00edmabils. ", "categorization_suggestion": "", "embedded_topics": {"abbreviation": "\u00deJ", "topics": ["\u00fej\u00e1lfun \u00e1 vinnsusta\u00f0"]}, "status": "approved by school", "description": "Starfs\u00fej\u00e1lfun sj\u00fakrali\u00f0anema er \u00e1fangi me\u00f0 n\u00e1mslokum \u00e1 3. \u00ferepi og er 27 feiningar. \u00c1fanginn er reynslut\u00edmi fyrir sj\u00fakrali\u00f0anema \u00e1 heilbrig\u00f0isstofnun og stendur yfir \u00ed 16 vikur (80, 8 klst. vaktir). \u00c1 t\u00edmabilinu \u00f6\u00f0last nemandinn h\u00e6fni og sj\u00e1lfst\u00e6\u00f0i \u00ed st\u00f6rfum sj\u00fakrali\u00f0a undir handlei\u00f0slu reyndra sj\u00fakrali\u00f0a og hj\u00fakrunarfr\u00e6\u00f0inga. Vi\u00f0 lok n\u00e1msins \u00ed \u00e1fanganum skal nemandi b\u00faa yfir almennri og s\u00e9rh\u00e6f\u00f0ri \u00feekkingu, leikni og h\u00e6fni til \u00feess a\u00f0 vinna hj\u00fakrunar- og um\u00f6nnunarst\u00f6rf \u00e1 faglegan h\u00e1tt. Heimilt er a\u00f0 skipta starfs\u00fej\u00e1lfun ni\u00f0ur \u00ed tv\u00f6 til \u00ferj\u00fa t\u00edmabil, en \u00fej\u00e1lfunin skal \u00fe\u00f3 vera samfelld \u00e1 hverju t\u00edmabili og l\u00e1gmarksvinnuhlutfall ekki fara undir 60%. Nemandi \u00fearf sj\u00e1lfur a\u00f0 s\u00e6kja um pl\u00e1ss \u00ed starfs\u00fej\u00e1lfun \u00e1 heilbrig\u00f0isstofnun. Nemandi skal \u00e1\u00f0ur en hann fer \u00ed starfs\u00fej\u00e1lfun f\u00e1 sam\u00feykki sk\u00f3la fyrir n\u00e1mssta\u00f0num og skrifa undir n\u00e1mssamning \u00e1samt fulltr\u00faa sk\u00f3la og \u00e1byrg\u00f0ara\u00f0ila \u00e1 n\u00e1mssta\u00f0. A\u00f0 loknu n\u00e1mi \u00ed VINN2LS08 er nema heimilt a\u00f0 lj\u00faka fimm vikum af starfs\u00fej\u00e1lfuninni. Nemandi skal alfari\u00f0 fylgja \u00feeim reglum sem vi\u00f0komandi heilbrig\u00f0isstofnun setur s\u00ednu starfsf\u00f3lki.  ", "knowledge_goals": ["faglegum grunni hj\u00fakrunarstarfa", "mikilv\u00e6gi samskipta og samvinnu \u00ed st\u00f6rfum sj\u00fakrali\u00f0a", "vinnuumhverfi og starfssvi\u00f0i sj\u00fakrali\u00f0a", "si\u00f0areglum sj\u00fakrali\u00f0a", "l\u00f6gum og regluger\u00f0um sem tengjast st\u00f6rfum sj\u00fakrali\u00f0a."], "skills_goals": ["beita faglegum vinnubr\u00f6g\u00f0um \u00ed sj\u00fakrali\u00f0astarfinu", "n\u00fdta samskiptah\u00e6fni vi\u00f0 margv\u00edslegar a\u00f0st\u00e6\u00f0ur", "taka \u00fe\u00e1tt \u00ed \u00feverfaglegu samstarfi", "starfa eftir si\u00f0areglum, s\u00fdna si\u00f0fer\u00f0isvitund, ford\u00f3maleysi, umbur\u00f0arlyndi og v\u00ed\u00f0s\u00fdni \u00ed st\u00f6rfum s\u00ednum", "vinna eftir g\u00e6\u00f0avi\u00f0mi\u00f0um heilbrig\u00f0isstofnana."], "credits": 27, "last_modified": 1421243016.72649, "schools": ["51234c058caa45ed97015b37"], "coauthors": null, "instructions": "", "continued_education": false, "level": 3, "prerequisites": "VINN2LS08, VINN3\u00d6H08,VINN3GH08, sj\u00e1 ennfremur \u00ed  l\u00fdsingu. ", "author": "f26fbd9c-a5b1-4175-8833-10ebd1d4acda", "abbreviation_version": null, "competence_goals": [["yfirf\u00e6ra og sam\u00fe\u00e6tta fr\u00e6\u00f0ilega \u00feekkingu a\u00f0 sj\u00fakrali\u00f0astarfinu", ""], ["beita inns\u00e6i, gagnr\u00fdnni og skapandi hugsun vi\u00f0 lausn hj\u00fakrunarvi\u00f0fangsefna", ""], ["vera f\u00e6r um a\u00f0 vinna sj\u00e1lfst\u00e6tt og breg\u00f0ast vi\u00f0 margv\u00edslegum a\u00f0st\u00e6\u00f0um \u00ed sj\u00fakrali\u00f0astarfinu", ""], ["beita, r\u00f6ksty\u00f0ja og \u00edgrunda \u00fe\u00e6r hj\u00fakrunarme\u00f0fer\u00f0ir sem hann framkv\u00e6mir samkv\u00e6mt hj\u00fakrunar\u00e1\u00e6tlun hverju sinni", ""], ["s\u00fdna h\u00e6fni \u00ed samskiptum vi\u00f0 \u00f3l\u00edka einstaklinga me\u00f0 \u00f3l\u00edkar \u00fearfir", ""], ["tileinka s\u00e9r n\u00fdjungar og \u00fer\u00f3a sig \u00ed starfi.", ""]], "_id": "54b6728862933a47e1000dd7"}, {"exemplary": null, "topics": "\u00f6ldrunarhj\u00fakrun", "abbreviation": "VINN3\u00d6H08", "former_schools": null, "subject": "Verkn\u00e1m", "title": "Verkn\u00e1m \u00e1 hj\u00fakrunaheimili e\u00f0a \u00f6ldrunarl\u00e6kningadeild", "version": 1, "status_trans": "Sam\u00feykkt af sk\u00f3la", "embedded_subject": {"abbreviation": "VINN", "topics": [{"abbreviation": "LS", "topics": ["Lyfl\u00e6kningahj\u00fakrun", "skur\u00f0l\u00e6kningahj\u00fakrun"]}, {"abbreviation": "\u00d6H", "topics": ["\u00f6ldrunarhj\u00fakrun"]}, {"abbreviation": "FG", "topics": ["forvarnir", "gj\u00f6rg\u00e6sluhj\u00fakrun"]}, {"abbreviation": "GH", "topics": ["ge\u00f0hj\u00fakrun", "heilsug\u00e6sla"]}], "_id": "53a18d3a62933a022f000032", "subjects": ["Verkn\u00e1m"], "counter": {"1": 0, "3": 0, "2": 0, "4": 0}}, "evaluation": "Lei\u00f0sagnarmat \u00fear sem vinna nemanda \u00ed \u00e1fanganum er metin me\u00f0 reglubundnum h\u00e6tti \u00e1samt \u00fev\u00ed a\u00f0 skr\u00e1 \u00ed ferilb\u00f3k og g\u00e1tlista. Til grundvallar matinu er einkum horft til sj\u00e1lfst\u00e6\u00f0is \u00ed vinnubr\u00f6g\u00f0um, h\u00e6fni \u00ed hj\u00fakrunarst\u00f6rfum og samskiptum vi\u00f0 aldra\u00f0a, a\u00f0standendur og samstarfsf\u00f3lk. Nemendur gera verkefni sem kennari leggur fyrir og tengist vi\u00f0fangsefnum deildar og vinnusta\u00f0an\u00e1msins. A\u00f0 \u00f6\u00f0ru leyti er n\u00e1msmati\u00f0 samkv\u00e6mt sk\u00f3lan\u00e1mskr\u00e1 hvers sk\u00f3la. ", "categorization_suggestion": "", "embedded_topics": {"abbreviation": "\u00d6H", "topics": ["\u00f6ldrunarhj\u00fakrun"]}, "status": "approved by school", "description": "Vinnusta\u00f0an\u00e1mi\u00f0/verkn\u00e1mi\u00f0 fer fram \u00e1 \u00f6ldrunarl\u00e6kningadeildum e\u00f0a hj\u00fakrunarheimilum. Verklegur hluti \u00e1fangans er 15 \u00e1tta klukkustunda vaktir \u00e1 \u00f6nn. Nemendur vinna jafnframt verkefni tengt vi\u00f0fangsefnum vinnusta\u00f0an\u00e1msins. Kennari \u00e1fangans, sj\u00fakrali\u00f0i/lei\u00f0beinandi og deildarstj\u00f3ri bera sameiginlega \u00e1byrg\u00f0 \u00e1 verklegu n\u00e1mi sj\u00fakrali\u00f0anema. Nemandi fylgir lei\u00f0beinanda vi\u00f0 \u00f6ll almenn st\u00f6rf sj\u00fakrali\u00f0a. \u00cd vinnusta\u00f0an\u00e1minu f\u00e6r nemandi t\u00e6kif\u00e6ri til \u00feess a\u00f0 s\u00fdna auki\u00f0 sj\u00e1lfst\u00e6\u00f0i vi\u00f0 skipulagningu hj\u00fakrunarstarfa og vi\u00f0 mat \u00e1 hj\u00fakrunar\u00fe\u00f6rfum skj\u00f3lst\u00e6\u00f0inga, jafnframt a\u00f0 benda \u00e1 lausnir \u00e1 \u00feeim hj\u00fakrunarvi\u00f0fangsefnum sem vi\u00f0 eiga \u00e1 vinnusta\u00f0num. \u00cd upphafi t\u00edmabils setur nemandi s\u00e9r pers\u00f3nuleg og fagleg markmi\u00f0 um verkn\u00e1mi\u00f0. \u00c1 me\u00f0an \u00e1 verkn\u00e1mi stendur skal nemandi fylla \u00fat g\u00e1tlista og ferilb\u00f3k um unna verk\u00fe\u00e6tti. ", "knowledge_goals": ["ath\u00f6fnum daglegs l\u00edfs (ADL) vi\u00f0 um\u00f6nnun aldra\u00f0ra", "", "helstu \u00fe\u00e1ttum sem hafa \u00e1hrif \u00e1 heilsu og l\u00edfsg\u00e6\u00f0i aldra\u00f0ra", "forv\u00f6rnum og slysagildrum \u00ed umhverfi aldra\u00f0ra", "fylgikvillum r\u00famlegu og forv\u00f6rnum \u00feeirra", "helstu hj\u00e1lpart\u00e6kjum sem notu\u00f0 eru \u00ed hj\u00fakrun aldra\u00f0ra", "faglegri umhyggju og samskiptum ", "mikilv\u00e6gi eftirlits og mats \u00e1 l\u00edkamlegu og andlegu \u00e1standi skj\u00f3lst\u00e6\u00f0inga", "m\u00e6lit\u00e6kjum og \u00f6\u00f0rum hj\u00fakrunarg\u00f6gnum sem eru notu\u00f0 \u00ed hj\u00fakrun aldra\u00f0ra", "skr\u00e1ningu hj\u00fakrunar \u00e1 hj\u00fakrunarheimilum og \u00ed heimahj\u00fakrun", "", "sj\u00e1lfs\u00e1kv\u00f6r\u00f0unarr\u00e9tti og r\u00e9ttindum aldra\u00f0ra samkv\u00e6mt l\u00f6gum", ""], "skills_goals": ["meta sj\u00e1lfsbjargargetu og \u00fearfir aldra\u00f0ra \u00ed ath\u00f6fnum daglegs l\u00edfs", "s\u00fdna \u00f6ldru\u00f0um vir\u00f0ingu og faglega umhyggju", "m\u00e6la og skr\u00e1 algengar athuganir hj\u00e1 \u00f6ldru\u00f0um", "nota helstu hj\u00e1lpart\u00e6ki og hj\u00fakrunarg\u00f6gn \u00e1 vi\u00f0eigandi h\u00e1tt", "taka \u00fe\u00e1tt \u00ed \u00feverfaglegri samvinnu heilbrig\u00f0isst\u00e9tta", "", "", "\u00fatsk\u00fdra l\u00f6gverndu\u00f0 r\u00e9ttindi aldra\u00f0ra"], "credits": 8, "last_modified": 1403114839.617802, "schools": ["51234c058caa45ed97015b37"], "coauthors": null, "instructions": "", "continued_education": false, "level": 3, "prerequisites": "VINN2LS08", "author": "f26fbd9c-a5b1-4175-8833-10ebd1d4acda", "abbreviation_version": null, "competence_goals": [["velja vi\u00f0eigandi hj\u00fakrunarme\u00f0fer\u00f0 hverju sinni og geta r\u00f6kstutt hana", ""], ["a", ""], ["s\u00fdna h\u00e6fni \u00ed samskiptum vi\u00f0 aldra\u00f0a, a\u00f0standendur \u00feeirra og samstarfsf\u00f3lk", ""], ["a", ""], ["leggja sitt a\u00f0 m\u00f6rkum \u00ed \u00feverfaglegri samvinnu.", ""], ["hj\u00fakra \u00f6ldru\u00f0um \u00e1 heildr\u00e6nan og faglegan h\u00e1tt.", ""]], "_id": "53a1d55762933a04c8000087"}, {"exemplary": null, "topics": "Lyfl\u00e6kningahj\u00fakrun, skur\u00f0l\u00e6kningahj\u00fakrun", "abbreviation": "VINN2LS08", "former_schools": null, "subject": "Verkn\u00e1m", "title": "Verkn\u00e1m \u00e1 sj\u00fakrah\u00fasi ", "version": 1, "status_trans": "Sam\u00feykkt af sk\u00f3la", "embedded_subject": {"abbreviation": "VINN", "topics": [{"abbreviation": "LS", "topics": ["Lyfl\u00e6kningahj\u00fakrun", "skur\u00f0l\u00e6kningahj\u00fakrun"]}, {"abbreviation": "\u00d6H", "topics": ["\u00f6ldrunarhj\u00fakrun"]}, {"abbreviation": "FG", "topics": ["forvarnir", "gj\u00f6rg\u00e6sluhj\u00fakrun"]}, {"abbreviation": "GH", "topics": ["ge\u00f0hj\u00fakrun", "heilsug\u00e6sla"]}], "_id": "53a18d3a62933a022f000032", "subjects": ["Verkn\u00e1m"], "counter": {"1": 0, "3": 0, "2": 0, "4": 0}}, "evaluation": "Lei\u00f0sagnarmat \u00fear sem vinna nemanda \u00ed \u00e1fanganum er metin me\u00f0 reglubundnum h\u00e6tti \u00e1samt \u00fev\u00ed a\u00f0 skr\u00e1 \u00ed ferilb\u00f3k og g\u00e1tlista. Til grundvallar matinu er einkum horft til sj\u00e1lfst\u00e6\u00f0is \u00ed vinnubr\u00f6g\u00f0um, h\u00e6fni \u00ed hj\u00fakrunarst\u00f6rfum og samskipta vi\u00f0 sj\u00faklinga og samstarfsf\u00f3lk. Nemendur gera verkefni sem kennari leggur fyrir og tengist vi\u00f0fangsefnum deildar og vinnusta\u00f0an\u00e1msins/verkn\u00e1ms. A\u00f0 \u00f6\u00f0ru leyti er n\u00e1msmati\u00f0 samkv\u00e6mt sk\u00f3lan\u00e1mskr\u00e1 hvers sk\u00f3la. ", "categorization_suggestion": "", "embedded_topics": {"abbreviation": "LS", "topics": ["Lyfl\u00e6kningahj\u00fakrun", "skur\u00f0l\u00e6kningahj\u00fakrun"]}, "status": "approved by school", "description": "Vinnusta\u00f0an\u00e1mi\u00f0 fer fram \u00e1 almennri deild \u00e1 sj\u00fakrah\u00fasi s.s. skur\u00f0- og lyfl\u00e6kningadeildum. Verklegur hluti \u00e1fangans er 15 \u00e1tta klukkustunda vaktir \u00e1 \u00f6nn. Nemendur vinna jafnframt verkefni tengt vi\u00f0fangsefnum vinnusta\u00f0an\u00e1msins. Kennari \u00e1fangans, sj\u00fakrali\u00f0i/lei\u00f0beinandi og deildarstj\u00f3ri bera sameiginlega \u00e1byrg\u00f0 \u00e1 verklegu n\u00e1mi sj\u00fakrali\u00f0anema. Nemandi fylgir lei\u00f0beinanda vi\u00f0 \u00f6ll almenn st\u00f6rf sj\u00fakrali\u00f0a og \u00f6\u00f0last \u00fej\u00e1lfun \u00ed \u00feeim. \u00cd upphafi t\u00edmabils setur nemandi s\u00e9r pers\u00f3nuleg og fagleg markmi\u00f0 um vinnusta\u00f0an\u00e1mi\u00f0. \u00c1 me\u00f0an \u00e1 vinnusta\u00f0an\u00e1mi stendur skal nemandi fylla \u00fat g\u00e1tlista og ferilb\u00f3k um unna verk\u00fe\u00e6tti. ", "knowledge_goals": ["ath\u00f6fnum daglegs l\u00edfs (ADL) vi\u00f0 um\u00f6nnun sj\u00faklinga \u00e1 sj\u00fakrah\u00fasum", "vi\u00f0urkenndum reglum um smitg\u00e1t og s\u00fdkingavarnir", "fylgikvillum r\u00famlegu", "faglegri umhyggju og samskiptum \u00ed hj\u00fakrunarst\u00f6rfum", "mikilv\u00e6gi eftirlits og mats \u00e1 l\u00edkamlegu og andlegu \u00e1standi sj\u00faklings", "m\u00e6lit\u00e6kjum og \u00f6\u00f0rum hj\u00fakrunarg\u00f6gnum sem notu\u00f0 eru \u00ed hj\u00fakrunarst\u00f6rfum", "skr\u00e1ningu hj\u00fakrunar", "mikilv\u00e6gi \u00feagnarskyldu", "r\u00e9ttindum sj\u00faklinga samkv\u00e6mt l\u00f6gum", "undirb\u00faningi sj\u00faklings fyrir og eftir a\u00f0ger\u00f0ir og ranns\u00f3knir", "mikilv\u00e6gi forgangsr\u00f6\u00f0unar \u00ed hj\u00fakrunarst\u00f6rfum", "s\u00fdnat\u00f6kum og me\u00f0fer\u00f0 s\u00fdna"], "skills_goals": ["meta sj\u00e1lfsbjargargetu og \u00fearfir sj\u00faklingins \u00ed ath\u00f6fnum daglegs l\u00edfs", "vinna eftir reglum um smitg\u00e1t og s\u00fdnat\u00f6kur", "s\u00fdna sj\u00faklingi faglega umhyggju \u00ed hj\u00fakrun", "taka \u00fe\u00e1tt \u00ed a\u00f0 m\u00e6la og skr\u00e1 algengar athuganir hj\u00e1 sj\u00faklingum", "nota helstu hj\u00e1lpart\u00e6ki og hj\u00fakrunarg\u00f6gn \u00e1 vi\u00f0eigandi h\u00e1tt", "taka \u00fe\u00e1tt \u00ed \u00feverfaglegri samvinnu heilbrig\u00f0isst\u00e9tta", "forgangsra\u00f0a eigin st\u00f6rfum", "vinna samkv\u00e6mt hj\u00fakrunarferli", "\u00fatsk\u00fdra mikilv\u00e6gi \u00feagnarskyldu og r\u00e9ttindi sj\u00faklinga", "taka \u00fe\u00e1tt \u00ed hj\u00fakrun sj\u00faklinga fyrir og eftir a\u00f0ger\u00f0ir og ranns\u00f3knir"], "credits": 8, "last_modified": 1403097785.580317, "schools": ["51234c058caa45ed97015b37"], "coauthors": null, "instructions": "Samsvarani VIN205 \u00ed  eldri n\u00e1mskr\u00e1", "continued_education": false, "level": 2, "prerequisites": "HJ\u00daK2HM05,HJ\u00daK2TV05 e\u00f0a samhli\u00f0a n\u00e1mi \u00ed \u00feessum \u00e1f\u00f6ngum", "author": "f26fbd9c-a5b1-4175-8833-10ebd1d4acda", "abbreviation_version": null, "competence_goals": [["velja vi\u00f0eigandi hj\u00fakrunarme\u00f0fer\u00f0 hverju sinni og geta r\u00f6kstutt hana", ""], ["geta teki\u00f0 \u00fe\u00e1tt \u00ed hj\u00fakrun sj\u00faklingi fyrir og eftir a\u00f0ger\u00f0 og ranns\u00f3knir", ""], ["vir\u00f0a og r\u00f6ksty\u00f0ja mikilv\u00e6gi \u00feagnarskyldu og tr\u00fana\u00f0ar vi\u00f0 sj\u00fakling", ""], ["s\u00fdna h\u00e6fni \u00ed samskiptum vi\u00f0 sj\u00faklinga og samstarfsf\u00f3lk", ""], ["s\u00fdna faglega umhyggju \u00ed hj\u00fakrun", ""]], "_id": "53a192b962933a04c8000001"}, {"exemplary": null, "topics": "ge\u00f0hj\u00fakrun, heilsug\u00e6sla", "abbreviation": "VINN3GH08", "former_schools": null, "subject": "Verkn\u00e1m", "title": "Verkn\u00e1m \u00e1 s\u00e9rdeildum", "version": 2, "status_trans": "Sam\u00feykkt af sk\u00f3la", "embedded_subject": {"abbreviation": "VINN", "topics": [{"abbreviation": "LS", "topics": ["Lyfl\u00e6kningahj\u00fakrun", "skur\u00f0l\u00e6kningahj\u00fakrun"]}, {"abbreviation": "\u00d6H", "topics": ["\u00f6ldrunarhj\u00fakrun"]}, {"abbreviation": "FG", "topics": ["forvarnir", "gj\u00f6rg\u00e6sluhj\u00fakrun"]}, {"abbreviation": "GH", "topics": ["ge\u00f0hj\u00fakrun", "heilsug\u00e6sla"]}], "_id": "53a18d3a62933a022f000032", "subjects": ["Verkn\u00e1m"], "counter": {"1": 0, "3": 1, "2": 1, "4": 0}}, "evaluation": "Lei\u00f0sagnarmat \u00fear sem vinna nemanda \u00ed \u00e1fanganum er metin me\u00f0 reglubundnum h\u00e6tti \u00e1samt \u00fev\u00ed a\u00f0 skr\u00e1 \u00ed ferilb\u00f3k og g\u00e1tlista. Til grundvallar matinu er einkum horft til sj\u00e1lfst\u00e6\u00f0is \u00ed vinnubr\u00f6g\u00f0um, h\u00e6fni \u00ed hj\u00fakrunarst\u00f6rfum og samskiptum vi\u00f0 skj\u00f3lst\u00e6\u00f0inga/sj\u00fakdlinga, a\u00f0standendur og samstarfsf\u00f3lk. Nemendur gera verkefni sem kennari leggur fyrir og tengist vi\u00f0fangsefnum deildar og vinnusta\u00f0an\u00e1msins. A\u00f0 \u00f6\u00f0ru leyti er n\u00e1msmati\u00f0 samkv\u00e6mt sk\u00f3lan\u00e1mskr\u00e1 hvers sk\u00f3la. ", "categorization_suggestion": "", "embedded_topics": {"abbreviation": "GH", "topics": ["ge\u00f0hj\u00fakrun", "heilsug\u00e6sla"]}, "status": "approved by school", "description": "Vinnusta\u00f0an\u00e1mi\u00f0/verkn\u00e1mi\u00f0 fer fram \u00e1 s\u00e9rdeildum s.s. gj\u00f6rg\u00e6sludeildum, kvennadeild, endurh\u00e6fingardeildum, l\u00edknardeildum, ge\u00f0deildum e\u00f0a heilsug\u00e6lust\u00f6\u00f0vum og \u00ed heimahj\u00fakrun. Verklegur hluti \u00e1fangans er 15 \u00e1tta klukkustunda vaktir \u00e1 \u00f6nn. Nemendur vinna jafnframt verkefni tengt vi\u00f0fangsefnum vinnusta\u00f0an\u00e1msins. Kennari \u00e1fangans, sj\u00fakrali\u00f0i/lei\u00f0beinandi og deildarstj\u00f3ri bera sameiginlega \u00e1byrg\u00f0 \u00e1 verklegu n\u00e1mi sj\u00fakrali\u00f0anema. Nemandi skal skipuleggja hj\u00fakrunarst\u00f6rf s\u00edn \u00ed samvinnu vi\u00f0 lei\u00f0beinanda og geta yfirf\u00e6rt b\u00f3klega \u00feekkingu \u00e1 hj\u00fakrunarvi\u00f0fangsefni sem hann vinnur vi\u00f0 \u00e1 deildinni. Nemandinn skal f\u00e1 \u00fej\u00e1lfun \u00ed \u00fev\u00ed a\u00f0 vinna sj\u00e1lfst\u00e6tt, s\u00fdna frumkv\u00e6\u00f0i og geta forgangsra\u00f0a\u00f0 verkefnum s\u00ednum me\u00f0 \u00fearfir skj\u00f3lst\u00e6\u00f0inga a\u00f0 lei\u00f0arlj\u00f3si. Nemandi fylgir lei\u00f0beinanda vi\u00f0 \u00f6ll almenn st\u00f6rf sj\u00fakrali\u00f0a. \u00cd upphafi t\u00edmabils setur nemandi s\u00e9r pers\u00f3nuleg og fagleg markmi\u00f0 um verkn\u00e1mi\u00f0. \u00c1 me\u00f0an \u00e1 verkn\u00e1mi stendur skal nemandi fylla \u00fat g\u00e1tlista og ferilb\u00f3k um unna verk\u00fe\u00e6tti.", "knowledge_goals": ["mikilv\u00e6gi heildr\u00e6nnar hj\u00fakrunar", "helstu \u00fe\u00e1ttum sem hafa \u00e1hrif \u00e1 heilsu og l\u00edfsg\u00e6\u00f0i skj\u00f3lst\u00e6\u00f0inga", "helstu hj\u00e1lpart\u00e6kjum sem notu\u00f0 eru \u00ed hj\u00fakrunarst\u00f6rfum", "", "mikilv\u00e6gi eftirlits og mats \u00e1 l\u00edkamlegu og andlegu \u00e1standi skj\u00f3lst\u00e6\u00f0inga", "m\u00e6lit\u00e6kjum og \u00f6\u00f0rum hj\u00fakrunarg\u00f6gnum sem notu\u00f0 eru \u00e1 ofangreindum deildum", "", "", "sj\u00e1lfs\u00e1kv\u00f6r\u00f0unarr\u00e9tti og r\u00e9ttindum sj\u00faklinga samkv\u00e6mt l\u00f6gum vi\u00f0 \u00e1kve\u00f0nar a\u00f0st\u00e6\u00f0ur.", ""], "skills_goals": ["s\u00fdna skj\u00f3lst\u00e6\u00f0ingum og a\u00f0standendum vir\u00f0ingu og faglega umhyggju", "nota helstu hj\u00e1lpart\u00e6ki og hj\u00fakrunarg\u00f6gn \u00e1 ofangreindum deildum \u00e1 vi\u00f0eigandi h\u00e1tt", "taka \u00fe\u00e1tt \u00ed \u00feverfaglegri samvinnu heilbrig\u00f0isst\u00e9tta", "s\u00fdna frumkv\u00e6\u00f0i \u00ed verkn\u00e1mi \u00feegar \u00fea\u00f0 \u00e1 vi\u00f0 ", "skr\u00e1 og vinna samkv\u00e6mt hj\u00fakrunarferli", ""], "credits": 8, "last_modified": 1403117166.1114, "schools": ["51234c058caa45ed97015b37"], "coauthors": null, "instructions": "", "continued_education": false, "level": 3, "prerequisites": "VINN3\u00d6H08 verkn\u00e1m \u00ed \u00f6ldrunarhj\u00fakrun  e\u00f0a samhli\u00f0a \u00feeim \u00e1fanga. ", "author": "f26fbd9c-a5b1-4175-8833-10ebd1d4acda", "abbreviation_version": null, "competence_goals": [["velja vi\u00f0eigandi hj\u00fakrunarme\u00f0fer\u00f0 hverju sinni og geta r\u00f6kstutt hana", ""], ["vir\u00f0a tr\u00fana\u00f0 vi\u00f0 skj\u00f3lst\u00e6\u00f0inga og a\u00f0standendur", ""], ["s\u00fdna h\u00e6fni \u00ed samskiptum og samstarfi vi\u00f0 skj\u00f3lst\u00e6\u00f0inga, a\u00f0standendur \u00feeirra og samstarfsf\u00f3lk", ""], ["leggja sitt af m\u00f6rkum \u00ed \u00feverfaglegri samvinnu", ""], ["hj\u00fakra sj\u00faklingum vi\u00f0 margbreytilegar a\u00f0st\u00e6\u00f0ur", ""]], "_id": "53a1de6e62933a04c800009c"}], "title": "S\u00e9rgreinar brautar"}], "description": "Sj\u00fakrali\u00f0an\u00e1m er 204 eininga n\u00e1m me\u00f0 n\u00e1mslok \u00e1 3. h\u00e6fni\u00ferepi. N\u00e1mi\u00f0 skiptist \u00ed almennar greinar, heilbrig\u00f0isgreinar og n\u00e1m \u00ed s\u00e9rgreinum sj\u00fakrali\u00f0abrautar. N\u00e1m \u00ed s\u00e9rgreinum sj\u00fakrali\u00f0abrautar er b\u00e6\u00f0i b\u00f3klegt og verklegt n\u00e1m \u00ed sk\u00f3la og starfsn\u00e1m \u00e1 heilbrig\u00f0isstofnunum. Sj\u00fakrali\u00f0an\u00e1m tekur a\u00f0 jafna\u00f0i 3 \u00e1r e\u00f0a 6 annir. Tilgangur sj\u00fakrali\u00f0an\u00e1ms er a\u00f0 undirb\u00faa nemendur undir krefjandi st\u00f6rf vi\u00f0 hj\u00fakrun, endurh\u00e6fingu og forvarnir b\u00e6\u00f0i \u00e1 heilbrig\u00f0isstofnunum og \u00e1 heimilum f\u00f3lks \u00fear sem reynir miki\u00f0 \u00e1 samskiptaf\u00e6rni og si\u00f0fer\u00f0isvitund starfsmanna. \u00cd n\u00e1minu er r\u00edk \u00e1hersla l\u00f6g\u00f0 \u00e1 samvinnu vi\u00f0 starfsf\u00f3lk og stj\u00f3rnendur \u00ed heilbrig\u00f0is\u00fej\u00f3nustu. Sj\u00fakrali\u00f0an\u00e1m getur veri\u00f0 g\u00f3\u00f0ur grunnur fyrir frekara n\u00e1m \u00ed heilbrig\u00f0isv\u00edsindum. A\u00f0 lokinni brautskr\u00e1ningu fr\u00e1 sk\u00f3la getur nemandi s\u00f3tt um l\u00f6ggildingu starfsheitis til Emb\u00e6ttis landl\u00e6knis og \u00f6\u00f0last \u00fe\u00e1 r\u00e9ttindi til a\u00f0 starfa sem sj\u00fakrali\u00f0i \u00e1 \u00cdslandi. Starfsheiti\u00f0 sj\u00fakrali\u00f0i er l\u00f6gvernda\u00f0. ", "tags": "B deild - \u00datg\u00e1fud.: 7. \u00e1g\u00fast 2018", "rules": "Mi\u00f0a\u00f0 er vi\u00f0 a\u00f0 nemandi \u00ed fullu n\u00e1mi lj\u00faki 33-34 framhaldssk\u00f3laeiningum \u00e1 \u00f6nn. Lokavitnisbur\u00f0ur skal vera \u00ed heilum t\u00f6lum \u00e1 bilinu 1-10 og l\u00e1markseinkunn til a\u00f0 standast \u00e1fanga er 5. N\u00e1nari reglur um n\u00e1msframvindu, fr\u00e1vik fr\u00e1 henni og  sk\u00f3las\u00f3kn m\u00e1 finna \u00ed  sk\u00f3lan\u00e1mskr\u00e1 sk\u00f3lans.", "onsite_training": "Starfsn\u00e1m skiptist \u00ed vinnusta\u00f0an\u00e1m og starfs\u00fej\u00e1lfun, hvort tveggja \u00e1 heilbrig\u00f0isstofnun. Sk\u00f3lar gera samkomulag vi\u00f0 heilbrig\u00f0isstofnanir um vinnusta\u00f0an\u00e1m og starfs\u00fej\u00e1lfun me\u00f0 h\u00e6fnivi\u00f0mi\u00f0 brautar a\u00f0 lei\u00f0arlj\u00f3si. \u00c6skilegt er a\u00f0 vi\u00f0 hvern sk\u00f3la s\u00e9 stofna\u00f0 fagr\u00e1\u00f0 \u00ed samvinnu vi\u00f0 helstu samstarfsa\u00f0ila sk\u00f3lans \u00ed sj\u00fakrali\u00f0an\u00e1mi. Tilgangur fagr\u00e1\u00f0s er a\u00f0 vera samstarfsvettvangur sk\u00f3la og heilbrig\u00f0isstofnana um vinnusta\u00f0an\u00e1m. Vinnusta\u00f0an\u00e1m er skipulagt sem 24 eininga n\u00e1m \u00e1 heilbrig\u00f0isstofnunum undir lei\u00f0s\u00f6gn sj\u00fakrali\u00f0a og deildarstj\u00f3ra vi\u00f0komandi deildar e\u00f0a einingar. Tilgangur vinnusta\u00f0an\u00e1ms er a\u00f0 nemendur \u00f6\u00f0list h\u00e6fni til a\u00f0 takast \u00e1 vi\u00f0 margbreytilegar a\u00f0st\u00e6\u00f0ur \u00e1 heilbrig\u00f0isstofnunum, ver\u00f0i f\u00e6rir um a\u00f0 axla \u00e1byrg\u00f0 og s\u00fdna sj\u00e1lfst\u00e6\u00f0i \u00ed starfi. Hverjum nemanda skal fylgja ferilb\u00f3k \u00fear sem ger\u00f0 er grein fyrir \u00fej\u00e1lfun hans \u00ed vinnusta\u00f0an\u00e1mi, verkefnum er l\u00fdst og mat lagt \u00e1 h\u00e6fni og framvindu n\u00e1ms. Vi\u00f0 upphaf vinnusta\u00f0an\u00e1ms setur nemandi s\u00e9r fagleg og pers\u00f3nuleg markmi\u00f0 sem ver\u00f0a lei\u00f0arlj\u00f3s \u00ed n\u00e1minu og \u00ed samskiptum hans vi\u00f0 skj\u00f3lst\u00e6\u00f0inga, lei\u00f0beinanda og starfsf\u00f3lk. Nemandi og lei\u00f0beinandi \u00ed vinnusta\u00f0an\u00e1mi bera \u00e1byrg\u00f0 \u00e1 skr\u00e1ningu ferilb\u00f3kar sem er hluti af n\u00e1msmati. Vinnusta\u00f0an\u00e1m er skipulagt \u00fat fr\u00e1 h\u00e6fnivi\u00f0mi\u00f0um brautar og skilgreindum h\u00e6fnikr\u00f6fum sj\u00fakrali\u00f0astarfsins. Stofnun sem gerir samning um vinnusta\u00f0an\u00e1m nemenda skuldbindur sig til a\u00f0 fylgja \u00feeim markmi\u00f0um. Kennslustj\u00f3ri/fagstj\u00f3ri skipuleggur verkn\u00e1ms\u00e1fanga \u00ed samvinnu vi\u00f0 verkn\u00e1mskennara. Umsj\u00f3narkennarar verkn\u00e1ms\u00e1fanga fylgja nemendum eftir og meta, \u00ed samvinnu vi\u00f0 lei\u00f0beinendur \u00e1 heilbrig\u00f0isstofnunum, hvort \u00feeir hafi sta\u00f0ist verklegan \u00e1fanga. \n\nStarfs\u00fej\u00e1lfun fer fram \u00e1 heilbrig\u00f0isstofnunum og stendur yfir \u00ed sext\u00e1n vikur, sem samsvarar 27 einingum \u00ed n\u00e1mskr\u00e1. A\u00f0 loknum fyrsta \u00e1fanga vinnusta\u00f0an\u00e1ms er sk\u00f3lum frj\u00e1lst a\u00f0 skipuleggja hluta af starfs\u00fej\u00e1lfun samkv\u00e6mt sk\u00f3lan\u00e1mskr\u00e1. Markmi\u00f0 starfs\u00fej\u00e1lfunar er a\u00f0 nemandi \u00fej\u00e1lfist \u00ed st\u00f6rfum sj\u00fakrali\u00f0a, kynnist vaktaskipulagi deilda/stofnana og f\u00e1i t\u00e6kif\u00e6ri til a\u00f0 b\u00e6ta vi\u00f0 sig \u00feekkingu \u00ed \u00fdmsum \u00fe\u00e1ttum hj\u00fakrunar. Vi\u00f0 upphaf starfs\u00fej\u00e1lfunar setur nemandi s\u00e9r markmi\u00f0 \u00ed samvinnu vi\u00f0 deildarstj\u00f3ra/yfirmann \u00e1 vi\u00f0komandi deild. Starfs\u00fej\u00e1lfunin skal skipul\u00f6g\u00f0 \u00fat fr\u00e1 h\u00e6fnikr\u00f6fum sj\u00fakrali\u00f0astarfsins og \u00fat fr\u00e1 h\u00e6fnivi\u00f0mi\u00f0um sj\u00fakrali\u00f0abrautar. Hj\u00fakrunardeildarstj\u00f3ri e\u00f0a sta\u00f0gengill hans \u00e1samt sj\u00fakrali\u00f0anema fara yfir markmi\u00f0in a\u00f0 hverju starfs\u00fej\u00e1lfunart\u00edmabili loknu. Eftir hvert starfs\u00fej\u00e1lfunart\u00edmabil \u00fearf nemandi a\u00f0 skila mati og ums\u00f6gn fr\u00e1 hj\u00fakrunardeildarstj\u00f3ra e\u00f0a sta\u00f0gengli hans um \u00fea\u00f0 hvort hann hafi n\u00e1\u00f0 markmi\u00f0um starf\u00fej\u00e1lfunar og sta\u00f0ist \u00fe\u00e6r kr\u00f6fur sem ger\u00f0ar eru til nemenda \u00ed starfs\u00fej\u00e1lfun.", "programme_type": {"status": "Sam\u00feykkt", "exam": {"_types": ["Exam"], "_id": "4fb2704e874d802e5451c0ba", "description": "Nemandi me\u00f0 starfsr\u00e9ttindapr\u00f3f b\u00fdr yfir \u00feekkingu, leikni og h\u00e6fni til a\u00f0 skipuleggja, velja og beita vi\u00f0eigandi vinnua\u00f0fer\u00f0um \u00e1 sj\u00e1lfst\u00e6\u00f0an og \u00e1byrgan h\u00e1tt. Hann \u00feekkir si\u00f0fer\u00f0ilega st\u00f6\u00f0u s\u00edna, getur meti\u00f0 eigin st\u00f6rf. Hann getur lei\u00f0beint neytendum, vi\u00f0skipavinum og samstarfsm\u00f6nnum \u00e1 vinnusta\u00f0. Hann b\u00fdr yfir h\u00e6fni til a\u00f0 geta tj\u00e1\u00f0 sig um s\u00e9rh\u00e6f\u00f0a \u00feekkingu s\u00edna \u00e1 erlendu tungum\u00e1li s\u00e9 \u00feess krafist, getur sk\u00fdrt verklag tengt starfsumhverfi \u00e1 \u00e1byrgan, gangr\u00fdninn og sk\u00fdran h\u00e1tt, getur n\u00fdtt \u00feekkingu s\u00edna leikni og h\u00e6fni til a\u00f0 greina n\u00fd t\u00e6kif\u00e6ri  og veri\u00f0 virkur og \u00e1byrgur \u00ed l\u00fd\u00f0r\u00e6\u00f0islegu samf\u00e9lagi starfsgreinar sinnar.", "title": "Pr\u00f3f til starfsr\u00e9ttinda \u00e1 \u00feri\u00f0ja \u00ferepi", "level": 3, "number": "8", "subject_choice_programme_flag": null, "_cls": "Exam", "maximum_credits": 300.0, "all_onsite": null, "credits_ratio": {"1": {"max": 33.0, "min": 17.0}, "3": {"max": 33.0, "min": 17.0}, "2": {"max": 50.0, "min": 33.0}, "4": {"max": 10.0, "min": 0.0}}, "minimum_credits": 150.0}, "tags": ["velfer\u00f0", "um\u00f6nnun", "heilbrig\u00f0i", "sj\u00fakrali\u00f0i", "sj\u00fakrah\u00fas", "hj\u00fakrun", "endurh\u00e6fing sj\u00faklinga"], "title": "sj\u00fakrali\u00f0i", "field_id": null, "field": {"field": "Heilsa og velfer\u00f0", "subfield": "Heilbrig\u00f0i og velfer\u00f0", "_id": "4fb272c4874d802e5451c0ca", "description": "Medicine: anatomy, epidemiology, cytology, physiology, immunology and\r\nimmunohaematology, pathology, anaesthesiology, paediatrics, obstetrics and\r\ngynaecology, internal medicine, surgery, neurology, psychiatry, radiology,\r\nophthalmology;\r\nNursing: basic nursing, midwifery;\r\nMedical services: public health services, hygiene, pharmacy, pharmacology,\r\ntherapeutics, rehabilitation, prosthetics, optometry, nutrition;\r\nDental services: dental assisting, dental hygienist, dental laboratory technician,\r\nodontology.\r\n", "isced": "72"}, "exam_id": null, "_cls": "ProgrammeType", "subject_choice_programme_description": null, "hidden": null, "description": "Sj\u00fakrali\u00f0i starfar einkum vi\u00f0 almenna og s\u00e9rh\u00e6f\u00f0a um\u00f6nnun sj\u00fakra. Sj\u00fakrali\u00f0i metur l\u00ed\u00f0an og \u00e1rangur hj\u00fakrunar. Hann skipuleggur og forgagnsra\u00f0ar st\u00f6rfum s\u00ednum \u00ed samr\u00e6mi vi\u00f0 hj\u00fakrunar\u00e1\u00e6tlun. Hann a\u00f0sto\u00f0ar skj\u00f3lst\u00e6\u00f0inga s\u00edna vi\u00f0 athafnir daglegs l\u00edfs og tekur \u00fe\u00e1tt \u00ed a\u00f0 meta \u00e1stand \u00feeirra. Hann b\u00fdr yfir h\u00e6fni til a\u00f0 fyrirbyggja fylgikvilla r\u00famlegu og hreyfingarleysis og a\u00f0sto\u00f0ar vi\u00f0 h\u00e6fingu og endurh\u00e6fingu sj\u00faklinga. Hann lei\u00f0beinir skj\u00f3lst\u00e6\u00f0ingum og a\u00f0standendum \u00feeirra var\u00f0andi athafnir daglegs l\u00edfs. Hann s\u00fdnir faglegan metna\u00f0 og tileinkar s\u00e9r n\u00fdjungar \u00ed starfi. Sj\u00fakrali\u00f0i starfar \u00e1 hj\u00fakrunarsvi\u00f0i og vinnur undir stj\u00f3rn \u00feess hj\u00fakrunarfr\u00e6\u00f0ings sem fer me\u00f0 stj\u00f3rn vi\u00f0komandi stofnunar, deildar e\u00f0a hj\u00fakrunareiningar. Sj\u00fakrali\u00f0i er l\u00f6ggilt starfsheiti. "}, "free_choice_description": "Frj\u00e1lst val \u00e1 brautinni er 5 einingar. Nemendur g\u00e6ti a\u00f0 l\u00e1gmarki og h\u00e1marki eininga \u00e1 \u00ferep vi\u00f0 vali\u00f0 og taki \u00feessar fimm einingar anna\u00f0 hvort \u00e1 fyrsta e\u00f0a \u00feri\u00f0ja \u00ferepi.", "credits": 204, "last_modified": 1534159480.886992, "exam_id": "4fb2704e874d802e5451c0ba", "title_of_core": null, "schools": ["51234a818caa45ed97015b35"], "free_choice_flag": false, "continued_education": false, "prerequisites": "Nemendur skulu hafa loki\u00f0 grunnsk\u00f3lapr\u00f3fi e\u00f0a \u00edgildi \u00feess. Til a\u00f0 hefja n\u00e1m \u00e1 \u00f6\u00f0ru h\u00e6fni\u00ferepi \u00ed d\u00f6nsku, ensku, \u00edslensku e\u00f0a st\u00e6r\u00f0fr\u00e6\u00f0i \u00fearf nemandi a\u00f0 hafa n\u00e1\u00f0 h\u00e6fnieinkunn B vi\u00f0 lok grunnsk\u00f3la e\u00f0a a\u00f0 hafa loki\u00f0 fyrsta \u00fereps \u00e1fanga \u00ed \u00feessum greinum. N\u00e1nar er fjalla\u00f0 um innt\u00f6ku og innt\u00f6kuskilyr\u00f0i \u00ed sk\u00f3lan\u00e1mskr\u00e1 sk\u00f3lans.", "target_groups": [], "competence_goals": ["beita skapandi hugsun vi\u00f0 lausnarmi\u00f0a\u00f0 n\u00e1m", "n\u00e1lgast verkefni \u00e1 faglegan og sj\u00e1lfst\u00e6\u00f0an h\u00e1tt og s\u00fdna \u00feannig \u00e1byrg\u00f0 \u00e1 n\u00e1mi s\u00ednu", "gera s\u00e9r grein fyrir samf\u00e9lagslegri \u00e1byrg\u00f0 sinni", "n\u00fdta s\u00e9r \u00feekkingu s\u00edna \u00e1 samf\u00e9laginu og f\u00e9lagslegu umhverfi til a\u00f0 taka \u00fe\u00e1tt \u00ed uppl\u00fdstri umr\u00e6\u00f0u \u00ed l\u00fd\u00f0r\u00e6\u00f0islegu \u00fej\u00f3\u00f0f\u00e9lagi", "leita fulln\u00e6gjandi raka fyrir sko\u00f0unum s\u00ednum og annarra og efla \u00feannig v\u00ed\u00f0s\u00fdni s\u00edna og vir\u00f0ingu fyrir sko\u00f0unum annarra", "hagn\u00fdta s\u00e9rh\u00e6f\u00f0a \u00feekkingu og leikni \u00ed hj\u00fakrunarfr\u00e6\u00f0i og heilbrig\u00f0isgreinum til a\u00f0 takast \u00e1 vi\u00f0 vi\u00f0fangsefni sj\u00fakrali\u00f0astarfsins", "forgangsra\u00f0a vi\u00f0fangsefnum og greina hva\u00f0a hj\u00fakrunarme\u00f0fer\u00f0ir eiga vi\u00f0 hverju sinni samkv\u00e6mt vi\u00f0urkenndum flokkunarkerfum og skr\u00e1ningu \u00ed hj\u00fakrunarfr\u00e6\u00f0i", "beita, r\u00f6ksty\u00f0ja og \u00edgrunda \u00fe\u00e6r hj\u00fakrunarme\u00f0fer\u00f0ir sem hann framfylgir samkv\u00e6mt hj\u00fakrunar\u00e1\u00e6tlun hverju sinni", "beita inns\u00e6i, gagnr\u00fdnni og skapandi hugsun vi\u00f0 lausn hj\u00fakrunarvi\u00f0fangsefna", "s\u00fdna faglega umhyggju gagnvart skj\u00f3lst\u00e6\u00f0ingum", "mi\u00f0la \u00feekkingu og uppl\u00fdsingum til skj\u00f3lst\u00e6\u00f0inga, a\u00f0standenda og samstarfsf\u00f3lks", "n\u00fdta samskiptaf\u00e6rni vi\u00f0 margv\u00edslegar a\u00f0st\u00e6\u00f0ur og tj\u00e1 eigin hugmyndir og sko\u00f0anir", "n\u00fdta t\u00f6lvukunn\u00e1ttu vi\u00f0 uppl\u00fdsingaleit, var\u00f0veislu og skr\u00e1ningu uppl\u00fdsinga \u00e1samt mati \u00e1 faglegum uppl\u00fdsingum", "taka \u00fe\u00e1tt \u00ed \u00feverfaglegu samstarfi og koma \u00e1 framf\u00e6ri s\u00e9rh\u00e6f\u00f0ri \u00feekkingu sem vi\u00f0 \u00e1 hverju sinni", "vinna eftir g\u00e6\u00f0avi\u00f0mi\u00f0um og reglum um vinnuvernd", "starfa eftir si\u00f0areglum og s\u00fdna si\u00f0fer\u00f0isvitund, ford\u00f3maleysi, umbyr\u00f0arlyndi og v\u00ed\u00f0s\u00fdni \u00ed st\u00f6rfum s\u00ednum", "vinna a\u00f0 eigin starfs\u00fer\u00f3un og tileinka s\u00e9r n\u00fdjungar \u00ed starfi."], "log": [], "organization": "Skipulag n\u00e1msins tekur mi\u00f0 af h\u00e6fnikr\u00f6fum sj\u00fakrali\u00f0a og \u00feeim kr\u00f6fum sem mennta- og menningarm\u00e1lar\u00e1\u00f0uneyti\u00f0 (mrn) setur um h\u00e6fni\u00ferep \u00e1fanga og brauta. N\u00e1m \u00ed kjarnagreinum \u00edslensku, ensku og st\u00e6r\u00f0fr\u00e6\u00f0i \u00e1samt n\u00e1mi \u00ed \u00f6\u00f0rum almennum greinum hefst \u00e1 1. \u00f6nn. Gert er r\u00e1\u00f0 fyrir \u00ed n\u00e1mskr\u00e1nni a\u00f0 n\u00e1m \u00ed kjarnagreinum hefjist \u00e1 2. \u00ferepi. \u00c1 annarri og \u00feri\u00f0ju \u00f6nn b\u00e6tast vi\u00f0 framhalds\u00e1fangar kjarnagreina og n\u00e1m \u00ed heilbrig\u00f0isgreinum sem eru nau\u00f0synlegir undanfarar n\u00e1ms \u00ed s\u00e9rgreinum brautar og starfsn\u00e1ms. \u00c1 4.-6. \u00f6nn eykst s\u00e9rh\u00e6fing n\u00e1msins enn frekar me\u00f0 n\u00e1mi \u00ed s\u00e9rgreinum brautar og starfsn\u00e1mi.\nSk\u00f3lum er frj\u00e1lst a\u00f0 fl\u00e9tta saman b\u00f3kn\u00e1mi og vinnusta\u00f0an\u00e1mi a\u00f0 loknum fyrsta \u00e1fanga \u00ed b\u00f3klegri og verklegri hj\u00fakrun samkv\u00e6mt sk\u00f3lan\u00e1mskr\u00e1. \u00deannig getur vinnusta\u00f0an\u00e1m fari\u00f0 fram \u00e1 stofnunum samhli\u00f0a b\u00f3kn\u00e1mi e\u00f0a sem s\u00e9rst\u00f6k verkleg \u00f6nn \u00e1 n\u00e1mst\u00edma.\n", "_id": "35378b1c-b721-41c7-9c09-4d1ecd65fa9e", "programme_type_id": "4fb28e3baeefe9347d00000e"}