{"course_choice": [], "epoch_created": 1426081693.8958, "package_choice": [{"required_packages": "1", "packages": [{"courses": [{"exemplary": null, "topics": "undirsta\u00f0a tungum\u00e1lsins", "abbreviation": "\u00de\u00ddSK1\u00deA05", "former_schools": null, "subject": "\u00fe\u00fdska", "title": "\u00de\u00fdska A", "version": 27, "status_trans": "Sam\u00feykkt af sk\u00f3la", "embedded_subject": {"abbreviation": "\u00de\u00ddSK", "topics": [{"abbreviation": "AF", "topics": ["evr\u00f3pski tungum\u00e1laramminn", "framhald", "stig a1"]}, {"abbreviation": "AU", "topics": ["evr\u00f3pski tungum\u00e1laramminn", "grunnur", "stig a2"]}, {"abbreviation": "BG", "topics": ["evr\u00f3pski tungum\u00e1laramminn", "framhald", "stig a2"]}, {"abbreviation": "AG", "topics": ["evr\u00f3pski tungum\u00e1laramminn", "grunnur", "stig a1"]}, {"abbreviation": "BU", "topics": ["evr\u00f3pski tungum\u00e1laramminn", "grunnur", "stig b1"]}, {"abbreviation": "\u00deB", "topics": ["hlustun og ritun", "lesskilningur", "tal"]}, {"abbreviation": "\u00deA", "topics": ["undirsta\u00f0a tungum\u00e1lsins"]}, {"abbreviation": "BE", "topics": ["berl\u00ednar\u00e1fangi"]}, {"abbreviation": "YN", "topics": ["yndislestur og tala\u00f0 m\u00e1l"]}, {"abbreviation": "GR", "topics": ["grunn\u00e1fangi"]}, {"abbreviation": "FR", "topics": ["framhalds\u00e1fangi"]}, {"abbreviation": "BM", "topics": ["b\u00f3kmenntir og menning"]}, {"abbreviation": "LV", "topics": ["lestur og verkefnavinna"]}, {"abbreviation": "YL", "topics": ["yndislestur"]}, {"abbreviation": "\u00deC", "topics": ["hlustun og ritun. menning og sta\u00f0h\u00e6ttir \u00fe\u00fdskum\u00e6landi landa.", "lesskilningur", "tal"]}, {"abbreviation": "\u00deD", "topics": ["hlustun og ritun. skipting og sameining \u00fe\u00fdskalands", "lesskilningur", "munnleg tj\u00e1ning"]}, {"abbreviation": "\u00deE", "topics": ["\u00fej\u00e1lfun or\u00f0afor\u00f0a og tj\u00e1ningarh\u00e6fni"]}, {"abbreviation": "FF", "topics": ["fr\u00e1sagnir og fer\u00f0al\u00f6g"]}, {"abbreviation": "BF", "topics": ["stig a1"]}, {"abbreviation": "CF", "topics": ["stig a2"]}, {"abbreviation": "DF", "topics": ["evr\u00f3pski tungum\u00e1laramminn", "stig a2"]}, {"abbreviation": "EF", "topics": ["evr\u00f3pski tungum\u00e1laramminn", "stig b1"]}, {"abbreviation": "PL", "topics": ["l\u00edfi\u00f0", "pers\u00f3nan", "stig a1 \u00ed evr\u00f3pska tungum\u00e1larammanum"]}, {"abbreviation": "DA", "topics": ["daglegar athafnir", "stig a1 - a2 \u00ed evr\u00f3pska tungum\u00e1larammanum"]}, {"abbreviation": "VU", "topics": ["stig a2 \u00ed evr\u00f3pska tungum\u00e1larammanum", "umhverfi", "venjur"]}, {"abbreviation": "FM", "topics": ["fer\u00f0al\u00f6g", "menning", "stig a2 - b1 \u00ed evr\u00f3pska tungum\u00e1larammanum"]}, {"abbreviation": "SM", "topics": ["aukasetningar", "fallbeyging l\u00fdsingaror\u00f0a", "m\u00e1lnotkun \u00ed n\u00fat\u00ed\u00f0 og n\u00fali\u00f0inni t\u00ed\u00f0", "stigbreyting", "\u00feolmynd"]}, {"abbreviation": "F\u00de", "topics": ["fj\u00f6lbreyttari og au\u00f0ugari m\u00e1lnotkun", "fl\u00f3knari textar", "l\u00fdsingarh\u00e1ttur n\u00fat\u00ed\u00f0ar", "\u00feolmynd"]}, {"abbreviation": "FT", "topics": ["fj\u00f6lbreytt m\u00e1lnotkun og lestur", "framt\u00ed\u00f0", "vi\u00f0tengingarh\u00e1ttur", "\u00feolmynd"]}, {"abbreviation": "GF", "topics": ["algengur or\u00f0afor\u00f0i", "frambur\u00f0ur", "grunnatri\u00f0i \u00ed m\u00e1lfr\u00e6\u00f0i", "s.s. beyging sagna og greinis"]}, {"abbreviation": "\u00deL", "topics": ["fj\u00f6lbreytt m\u00e1lnotkun og lestur", "fr\u00e6\u00f0sla um \u00fe\u00fdska m\u00e1lsv\u00e6\u00f0i\u00f0", "sagnir me\u00f0 forsetningum", "tilv\u00edsunarsetningar", "\u00feolmynd", "\u00fe\u00e1t\u00ed\u00f0"]}, {"abbreviation": "M\u00c1", "topics": ["algengur almennur or\u00f0afor\u00f0i \u00ed n\u00fat\u00ed\u00f0 og n\u00fal\u00f0inni t\u00ed\u00f0", "eignarforn\u00f6fn", "forsetningar og fallstj\u00f3rn \u00feeirra"]}, {"abbreviation": "FL", "topics": ["t\u00f6lur 20-100", "\u00de\u00fdskum\u00e6landi l\u00f6nd Fj\u00f6lskylduhagir Matur og drykkur kaupa"]}, {"abbreviation": "AB", "topics": ["heimili\u00f0 - t\u00f6lur Sagnbeyging", "sagnir \u00ed \u00feolfalli", "\u00feolfall forsetningar me\u00f0 \u00feolfalli greinir \u00ed \u00feolfalli"]}, {"abbreviation": "BB", "topics": ["\u00de\u00fdska 2"]}, {"abbreviation": "MM", "topics": ["markviss m\u00e1lnotkun"]}, {"abbreviation": "AM", "topics": ["Au\u00f0ug m\u00e1lnotkun"]}, {"abbreviation": "LO", "topics": ["Loka\u00e1fangi"]}, {"abbreviation": "VV", "topics": ["verkefnavinna"]}, {"abbreviation": "VG", "topics": ["vefs\u00ed\u00f0uger\u00f0"]}, {"abbreviation": "BY", "topics": ["Byrjunar", "\u00e1fangi"]}, {"abbreviation": "AA", "topics": ["Byrjunar\u00e1fangi"]}, {"abbreviation": "CC", "topics": ["\u00de\u00fdska 3"]}, {"abbreviation": "DD", "topics": ["\u00de\u00fdska 4"]}, {"abbreviation": "EE", "topics": ["\u00de\u00fdska 5"]}, {"abbreviation": "\u00deO", "topics": ["or\u00f0afor\u00f0i", "ritun", "tal", "\u00de\u00fdska"]}, {"abbreviation": "B\u00de", "topics": ["Byrjenda\u00e1fangi"]}, {"abbreviation": "HS", "topics": ["Hlustun og ritun", "lestur og munnleg tj\u00e1ning", "saga og menning"]}, {"abbreviation": "DK", "topics": ["\u00de\u00fdskar kvikmyndir"]}, {"abbreviation": "BV", "topics": ["evr\u00f3pski tungum\u00e1laramminn", "grunnur", "stig b2"]}, {"abbreviation": "ME", "topics": ["Menning", "land og \u00fej\u00f3\u00f0"]}, {"abbreviation": "TM", "topics": ["Samskipti", "menning og fer\u00f0al\u00f6g"]}, {"abbreviation": "VL", "topics": ["Venjur", "l\u00edfsst\u00edll og umhverfi"]}, {"abbreviation": "RL", "topics": ["hlustun", "lestur", "ritun", "tal (A1)"]}, {"abbreviation": "HT", "topics": ["Hlustun", "lestur", "ritun", "tal (A1)"]}, {"abbreviation": "RS", "topics": ["hlustun", "lestur", "ritun", "tal(A1)"]}], "_id": "50c0a02dd8e40575f7f6f4be", "subjects": ["\u00fe\u00fdska"], "counter": {"1": 20, "3": 1, "2": 13, "4": 0}}, "evaluation": "N\u00e1msmat er \u00fatf\u00e6rt \u00ed kennslu\u00e1\u00e6tlun \u00ed samr\u00e6mi vi\u00f0 sk\u00f3lan\u00e1mskr\u00e1.", "categorization_suggestion": "", "embedded_topics": {"abbreviation": "\u00deA", "topics": ["undirsta\u00f0a tungum\u00e1lsins"]}, "status": "approved by school", "description": "\u00c1fanginn er byrjunar\u00e1fangi og \u00e1hersla er l\u00f6g\u00f0 \u00e1 a\u00f0 nemendur tileinki s\u00e9r undirst\u00f6\u00f0uatri\u00f0i tungum\u00e1lsins. Nemendur f\u00e1 inns\u00fdn \u00ed menningu og sta\u00f0h\u00e6tti \u00e1 \u00fe\u00fdska m\u00e1lsv\u00e6\u00f0inu og kynnast samskiptavenjum og si\u00f0um. Strax fr\u00e1 upphafi eru nemendur \u00fej\u00e1lfa\u00f0ir \u00ed \u00f6llum m\u00e1lf\u00e6rni\u00fe\u00e1ttum: tali, hlustun, ritun og lesskilningi. \u00c1hersla er l\u00f6g\u00f0 \u00e1 frambur\u00f0, grunnatri\u00f0i m\u00e1lnotkunar og uppbyggingu or\u00f0afor\u00f0a sem tengist nemandanum og hans n\u00e1nasta umhverfi. Nemendur \u00fej\u00e1lfist \u00ed sj\u00e1lfst\u00e6\u00f0um vinnubr\u00f6g\u00f0um og tileinki s\u00e9r \u00e1rangursr\u00edka n\u00e1mst\u00e6kni.", "knowledge_goals": ["\u00feeim or\u00f0afor\u00f0a sem nau\u00f0synlegur er til a\u00f0 n\u00e1 leikni- og h\u00e6fnimarkmi\u00f0um \u00e1fangans", "grundvallar\u00fe\u00e1ttum \u00fe\u00fdska m\u00e1lkerfisins", "frambur\u00f0arreglum og t\u00f3nfalli tungum\u00e1lsins", "\u00fe\u00fdskum\u00e6landi l\u00f6ndum og fengi\u00f0 inns\u00fdn \u00ed menningu, samskiptavenjur og si\u00f0i \u00feeirra"], "skills_goals": ["skilja tala\u00f0 m\u00e1l um kunnugleg efni", "fylgja einf\u00f6ldum fyrirm\u00e6lum og skilja helstu kve\u00f0jur og kurteisis\u00e1v\u00f6rp", "lesa einfalda texta sem innihalda algengan or\u00f0afor\u00f0a sem tengist honum, umhverfi hans og \u00e1hugam\u00e1lum", "taka \u00fe\u00e1tt \u00ed einf\u00f6ldum samr\u00e6\u00f0um um efni sem hann \u00feekkir e\u00f0a hefur \u00e1huga \u00e1 og beita kurteisis- og m\u00e1lvenjum vi\u00f0 h\u00e6fi", "segja \u00e1 einfaldan h\u00e1tt fr\u00e1 sj\u00e1lfum s\u00e9r, \u00e1hugam\u00e1lum og s\u00ednu n\u00e1nasta umhverfi me\u00f0 \u00fev\u00ed a\u00f0 beita or\u00f0afor\u00f0a og frambur\u00f0i \u00e1 sem r\u00e9ttastan h\u00e1tt", "skrifa stuttan, einfaldan texta um sj\u00e1lfan sig og sitt n\u00e1nasta umhverfi, fyllt \u00fat einf\u00f6ld ey\u00f0ubl\u00f6\u00f0, skrifa\u00f0 p\u00f3stkort og minnismi\u00f0a"], "credits": 5, "last_modified": 1425302692.25249, "schools": ["512351988caa45ed97015b44"], "coauthors": null, "instructions": "", "continued_education": false, "level": 1, "prerequisites": "Engin", "author": "6ea856f5-9f60-4d4f-a95e-aa9dbcc89d01", "abbreviation_version": null, "competence_goals": [["tj\u00e1 sig munnlega og skriflega \u00e1 einfaldan h\u00e1tt um pers\u00f3nulega hagi og efni sem hann \u00feekkir", ""], ["greina einfaldar uppl\u00fdsingar \u00ed m\u00e6ltu m\u00e1li", ""], ["skilja meginatri\u00f0i einfaldra texta og greina einfaldar uppl\u00fdsingar", ""], ["segja fr\u00e1 sj\u00e1lfum s\u00e9r og n\u00e1nasta umhverfi s\u00ednu", ""], ["n\u00fdta \u00feekkingu og leikni til a\u00f0 leysa \u00far vi\u00f0fangsefnum einn e\u00f0a \u00ed samstarfi vi\u00f0 a\u00f0ra", ""], ["meta eigi\u00f0 vinnuframlag og kunn\u00e1ttu", ""], ["tileinka s\u00e9r j\u00e1kv\u00e6tt vi\u00f0horf til \u00fe\u00fdskun\u00e1msins og \u00f6\u00f0last tr\u00fa \u00e1 eigin getu \u00ed faginu", ""]], "_id": "54f464a462933a3c22000021"}, {"exemplary": null, "topics": "hlustun og ritun, lesskilningur, tal", "abbreviation": "\u00de\u00ddSK1\u00deB05", "former_schools": null, "subject": "\u00fe\u00fdska", "title": "\u00de\u00fdska B", "version": 28, "status_trans": "Sam\u00feykkt af sk\u00f3la", "embedded_subject": {"abbreviation": "\u00de\u00ddSK", "topics": [{"abbreviation": "AF", "topics": ["evr\u00f3pski tungum\u00e1laramminn", "framhald", "stig a1"]}, {"abbreviation": "AU", "topics": ["evr\u00f3pski tungum\u00e1laramminn", "grunnur", "stig a2"]}, {"abbreviation": "BG", "topics": ["evr\u00f3pski tungum\u00e1laramminn", "framhald", "stig a2"]}, {"abbreviation": "AG", "topics": ["evr\u00f3pski tungum\u00e1laramminn", "grunnur", "stig a1"]}, {"abbreviation": "BU", "topics": ["evr\u00f3pski tungum\u00e1laramminn", "grunnur", "stig b1"]}, {"abbreviation": "\u00deB", "topics": ["hlustun og ritun", "lesskilningur", "tal"]}, {"abbreviation": "\u00deA", "topics": ["undirsta\u00f0a tungum\u00e1lsins"]}, {"abbreviation": "BE", "topics": ["berl\u00ednar\u00e1fangi"]}, {"abbreviation": "YN", "topics": ["yndislestur og tala\u00f0 m\u00e1l"]}, {"abbreviation": "GR", "topics": ["grunn\u00e1fangi"]}, {"abbreviation": "FR", "topics": ["framhalds\u00e1fangi"]}, {"abbreviation": "BM", "topics": ["b\u00f3kmenntir og menning"]}, {"abbreviation": "LV", "topics": ["lestur og verkefnavinna"]}, {"abbreviation": "YL", "topics": ["yndislestur"]}, {"abbreviation": "\u00deC", "topics": ["hlustun og ritun. menning og sta\u00f0h\u00e6ttir \u00fe\u00fdskum\u00e6landi landa.", "lesskilningur", "tal"]}, {"abbreviation": "\u00deD", "topics": ["hlustun og ritun. skipting og sameining \u00fe\u00fdskalands", "lesskilningur", "munnleg tj\u00e1ning"]}, {"abbreviation": "\u00deE", "topics": ["\u00fej\u00e1lfun or\u00f0afor\u00f0a og tj\u00e1ningarh\u00e6fni"]}, {"abbreviation": "FF", "topics": ["fr\u00e1sagnir og fer\u00f0al\u00f6g"]}, {"abbreviation": "BF", "topics": ["stig a1"]}, {"abbreviation": "CF", "topics": ["stig a2"]}, {"abbreviation": "DF", "topics": ["evr\u00f3pski tungum\u00e1laramminn", "stig a2"]}, {"abbreviation": "EF", "topics": ["evr\u00f3pski tungum\u00e1laramminn", "stig b1"]}, {"abbreviation": "PL", "topics": ["l\u00edfi\u00f0", "pers\u00f3nan", "stig a1 \u00ed evr\u00f3pska tungum\u00e1larammanum"]}, {"abbreviation": "DA", "topics": ["daglegar athafnir", "stig a1 - a2 \u00ed evr\u00f3pska tungum\u00e1larammanum"]}, {"abbreviation": "VU", "topics": ["stig a2 \u00ed evr\u00f3pska tungum\u00e1larammanum", "umhverfi", "venjur"]}, {"abbreviation": "FM", "topics": ["fer\u00f0al\u00f6g", "menning", "stig a2 - b1 \u00ed evr\u00f3pska tungum\u00e1larammanum"]}, {"abbreviation": "SM", "topics": ["aukasetningar", "fallbeyging l\u00fdsingaror\u00f0a", "m\u00e1lnotkun \u00ed n\u00fat\u00ed\u00f0 og n\u00fali\u00f0inni t\u00ed\u00f0", "stigbreyting", "\u00feolmynd"]}, {"abbreviation": "F\u00de", "topics": ["fj\u00f6lbreyttari og au\u00f0ugari m\u00e1lnotkun", "fl\u00f3knari textar", "l\u00fdsingarh\u00e1ttur n\u00fat\u00ed\u00f0ar", "\u00feolmynd"]}, {"abbreviation": "FT", "topics": ["fj\u00f6lbreytt m\u00e1lnotkun og lestur", "framt\u00ed\u00f0", "vi\u00f0tengingarh\u00e1ttur", "\u00feolmynd"]}, {"abbreviation": "GF", "topics": ["algengur or\u00f0afor\u00f0i", "frambur\u00f0ur", "grunnatri\u00f0i \u00ed m\u00e1lfr\u00e6\u00f0i", "s.s. beyging sagna og greinis"]}, {"abbreviation": "\u00deL", "topics": ["fj\u00f6lbreytt m\u00e1lnotkun og lestur", "fr\u00e6\u00f0sla um \u00fe\u00fdska m\u00e1lsv\u00e6\u00f0i\u00f0", "sagnir me\u00f0 forsetningum", "tilv\u00edsunarsetningar", "\u00feolmynd", "\u00fe\u00e1t\u00ed\u00f0"]}, {"abbreviation": "M\u00c1", "topics": ["algengur almennur or\u00f0afor\u00f0i \u00ed n\u00fat\u00ed\u00f0 og n\u00fal\u00f0inni t\u00ed\u00f0", "eignarforn\u00f6fn", "forsetningar og fallstj\u00f3rn \u00feeirra"]}, {"abbreviation": "FL", "topics": ["t\u00f6lur 20-100", "\u00de\u00fdskum\u00e6landi l\u00f6nd Fj\u00f6lskylduhagir Matur og drykkur kaupa"]}, {"abbreviation": "AB", "topics": ["heimili\u00f0 - t\u00f6lur Sagnbeyging", "sagnir \u00ed \u00feolfalli", "\u00feolfall forsetningar me\u00f0 \u00feolfalli greinir \u00ed \u00feolfalli"]}, {"abbreviation": "BB", "topics": ["\u00de\u00fdska 2"]}, {"abbreviation": "MM", "topics": ["markviss m\u00e1lnotkun"]}, {"abbreviation": "AM", "topics": ["Au\u00f0ug m\u00e1lnotkun"]}, {"abbreviation": "LO", "topics": ["Loka\u00e1fangi"]}, {"abbreviation": "VV", "topics": ["verkefnavinna"]}, {"abbreviation": "VG", "topics": ["vefs\u00ed\u00f0uger\u00f0"]}, {"abbreviation": "BY", "topics": ["Byrjunar", "\u00e1fangi"]}, {"abbreviation": "AA", "topics": ["Byrjunar\u00e1fangi"]}, {"abbreviation": "CC", "topics": ["\u00de\u00fdska 3"]}, {"abbreviation": "DD", "topics": ["\u00de\u00fdska 4"]}, {"abbreviation": "EE", "topics": ["\u00de\u00fdska 5"]}, {"abbreviation": "\u00deO", "topics": ["or\u00f0afor\u00f0i", "ritun", "tal", "\u00de\u00fdska"]}, {"abbreviation": "B\u00de", "topics": ["Byrjenda\u00e1fangi"]}, {"abbreviation": "HS", "topics": ["Hlustun og ritun", "lestur og munnleg tj\u00e1ning", "saga og menning"]}, {"abbreviation": "DK", "topics": ["\u00de\u00fdskar kvikmyndir"]}, {"abbreviation": "BV", "topics": ["evr\u00f3pski tungum\u00e1laramminn", "grunnur", "stig b2"]}, {"abbreviation": "ME", "topics": ["Menning", "land og \u00fej\u00f3\u00f0"]}, {"abbreviation": "TM", "topics": ["Samskipti", "menning og fer\u00f0al\u00f6g"]}, {"abbreviation": "VL", "topics": ["Venjur", "l\u00edfsst\u00edll og umhverfi"]}, {"abbreviation": "RL", "topics": ["hlustun", "lestur", "ritun", "tal (A1)"]}, {"abbreviation": "HT", "topics": ["Hlustun", "lestur", "ritun", "tal (A1)"]}, {"abbreviation": "RS", "topics": ["hlustun", "lestur", "ritun", "tal(A1)"]}], "_id": "50c0a02dd8e40575f7f6f4be", "subjects": ["\u00fe\u00fdska"], "counter": {"1": 20, "3": 1, "2": 13, "4": 0}}, "evaluation": "N\u00e1msmat er \u00fatf\u00e6rt \u00ed kennslu\u00e1\u00e6tlun \u00ed samr\u00e6mi vi\u00f0 sk\u00f3lan\u00e1mskr\u00e1.", "categorization_suggestion": "", "embedded_topics": {"abbreviation": "\u00deB", "topics": ["hlustun og ritun", "lesskilningur", "tal"]}, "status": "approved by school", "description": "Helstu atri\u00f0i \u00de\u00ddSK1\u00deA05 eru rifju\u00f0 upp um lei\u00f0 og b\u00e6tt er vi\u00f0 or\u00f0afor\u00f0a og m\u00e1lfr\u00e6\u00f0i. \u00c1hersla er l\u00f6g\u00f0 \u00e1 a\u00f0 \u00fej\u00e1lfa \u00e1fram alla m\u00e1lf\u00e6rni\u00fe\u00e6tti: munnlega og skiflega tj\u00e1ningu, hlustun og lesskilning. Unni\u00f0 er me\u00f0 or\u00f0afor\u00f0a sem tengist m.a. n\u00e1nasta umhverfi nemandans, daglegum ath\u00f6fnum og fer\u00f0al\u00f6gum. N\u00fd m\u00e1lfr\u00e6\u00f0atri\u00f0i eru \u00e6f\u00f0. Menningu og sta\u00f0h\u00e1ttum \u00fe\u00fdskum\u00e6landi landa er fl\u00e9tta\u00f0 inn \u00ed kennsluna m.a. \u00ed gegnum lestur vi\u00f0eigandi texta sem varpa lj\u00f3si \u00e1 daglegt l\u00edf.  Ger\u00f0ar eru kr\u00f6fur um sj\u00e1lfst\u00e6\u00f0 vinnubr\u00f6g\u00f0 og \u00e1rangursr\u00edka n\u00e1mst\u00e6kni.", "knowledge_goals": ["\u00feeim or\u00f0afor\u00f0a sem nau\u00f0synlegur er til a\u00f0 n\u00e1 markmi\u00f0um \u00e1fangans", "grundvallar\u00fe\u00e1ttum \u00fe\u00fdska m\u00e1lkerfisins", "frambur\u00f0arreglum og t\u00f3nfalli", "\u00fe\u00fdskum\u00e6landi l\u00f6ndum og fengi\u00f0 aukna inns\u00fdn \u00ed menningu og si\u00f0i \u00fej\u00f3\u00f0anna", "samskiptavenjum og mismunandi notkun m\u00e1lsins eftir a\u00f0st\u00e6\u00f0um"], "skills_goals": ["skilja einfaldar setningar, spurningar og uppl\u00fdsingar sem tengjast daglegum ath\u00f6fnum hans", "skilja einfaldar lei\u00f0beiningar og fyrirm\u00e6li", "skilja stutta texta \u00fear sem sagt er fr\u00e1 daglegu l\u00edfi, atbur\u00f0um og tilfinningum e\u00f0a \u00f3ska\u00f0 er eftir uppl\u00fdsingum", "greina lykilatri\u00f0i \u00ed stuttum textum, bla\u00f0a- og t\u00edmaritsgreinum", "afla s\u00e9r einfaldra, hagn\u00fdtra uppl\u00fdsinga", "geta greint fr\u00e1 eigin reynslu, sko\u00f0un og tilfinningum", "spyrja og svara einf\u00f6ldum spurningum um li\u00f0na atbur\u00f0i", "skrifa einfaldan texta um efni sem hann \u00feekkir, pers\u00f3nuleg br\u00e9f, stuttar fr\u00e1sagnir og greina fr\u00e1 li\u00f0num atbur\u00f0um"], "credits": 5, "last_modified": 1425303002.113907, "schools": ["512351988caa45ed97015b44"], "coauthors": null, "instructions": "", "continued_education": false, "level": 1, "prerequisites": "\u00de\u00ddSK1\u00deA05", "author": "6ea856f5-9f60-4d4f-a95e-aa9dbcc89d01", "abbreviation_version": null, "competence_goals": [["hlusta \u00e1 og fara eftir lei\u00f0beiningum, skilabo\u00f0um og tilkynningum sem tengjast daglegum ath\u00f6fnum og breg\u00f0ast r\u00e9tt vi\u00f0", ""], ["leysa \u00far vi\u00f0fangsefnum einn e\u00f0a \u00ed samstarfi vi\u00f0 a\u00f0ra", ""], ["tileinka s\u00e9r meginefni \u00ed textum um daglegt l\u00edf og atbur\u00f0i, \u00e1samt textum um menningarleg m\u00e1lefni", ""], ["takast \u00e1 vi\u00f0 tilteknar a\u00f0st\u00e6\u00f0ur \u00ed samskiptum og beita vi\u00f0eigandi m\u00e1l- og samskiptavenjum", ""], ["mi\u00f0la \u00e1 einfaldan h\u00e1tt eigin \u00feekkingu, sko\u00f0unum og tilfinningum sem og pers\u00f3nulegri reynslu", ""], ["mi\u00f0la \u00e1 einfaldan h\u00e1tt efni sem hann hefur tileinka\u00f0 s\u00e9r \u00ed \u00e1fanganum", ""], ["skrifa um m\u00e1lefni og atbur\u00f0i bygg\u00f0a \u00e1 pers\u00f3nulegri og \u00edmynda\u00f0ri reynslu", ""], ["skipuleggja n\u00e1m \u00ed \u00e1fanganum og n\u00e1msa\u00f0fer\u00f0ir vi\u00f0 h\u00e6fi", ""], ["meta eigi\u00f0 vinnuframlag og framfarir \u00ed m\u00e1linu", ""], ["s\u00fdna aga, metna\u00f0, sj\u00e1lfst\u00e6\u00f0 vinnubr\u00f6g\u00f0, j\u00e1kv\u00e6\u00f0ni og tr\u00fa \u00e1 eigin getu", ""]], "_id": "54f465da62933a3c22000027"}, {"exemplary": null, "topics": "hlustun og ritun. menning og sta\u00f0h\u00e6ttir \u00fe\u00fdskum\u00e6landi landa., lesskilningur, tal", "abbreviation": "\u00de\u00ddSK1\u00deC05", "former_schools": null, "subject": "\u00fe\u00fdska", "title": "\u00de\u00fdska C", "version": 29, "status_trans": "Sam\u00feykkt af sk\u00f3la", "embedded_subject": {"abbreviation": "\u00de\u00ddSK", "topics": [{"abbreviation": "AF", "topics": ["evr\u00f3pski tungum\u00e1laramminn", "framhald", "stig a1"]}, {"abbreviation": "AU", "topics": ["evr\u00f3pski tungum\u00e1laramminn", "grunnur", "stig a2"]}, {"abbreviation": "BG", "topics": ["evr\u00f3pski tungum\u00e1laramminn", "framhald", "stig a2"]}, {"abbreviation": "AG", "topics": ["evr\u00f3pski tungum\u00e1laramminn", "grunnur", "stig a1"]}, {"abbreviation": "BU", "topics": ["evr\u00f3pski tungum\u00e1laramminn", "grunnur", "stig b1"]}, {"abbreviation": "\u00deB", "topics": ["hlustun og ritun", "lesskilningur", "tal"]}, {"abbreviation": "\u00deA", "topics": ["undirsta\u00f0a tungum\u00e1lsins"]}, {"abbreviation": "BE", "topics": ["berl\u00ednar\u00e1fangi"]}, {"abbreviation": "YN", "topics": ["yndislestur og tala\u00f0 m\u00e1l"]}, {"abbreviation": "GR", "topics": ["grunn\u00e1fangi"]}, {"abbreviation": "FR", "topics": ["framhalds\u00e1fangi"]}, {"abbreviation": "BM", "topics": ["b\u00f3kmenntir og menning"]}, {"abbreviation": "LV", "topics": ["lestur og verkefnavinna"]}, {"abbreviation": "YL", "topics": ["yndislestur"]}, {"abbreviation": "\u00deC", "topics": ["hlustun og ritun. menning og sta\u00f0h\u00e6ttir \u00fe\u00fdskum\u00e6landi landa.", "lesskilningur", "tal"]}, {"abbreviation": "\u00deD", "topics": ["hlustun og ritun. skipting og sameining \u00fe\u00fdskalands", "lesskilningur", "munnleg tj\u00e1ning"]}, {"abbreviation": "\u00deE", "topics": ["\u00fej\u00e1lfun or\u00f0afor\u00f0a og tj\u00e1ningarh\u00e6fni"]}, {"abbreviation": "FF", "topics": ["fr\u00e1sagnir og fer\u00f0al\u00f6g"]}, {"abbreviation": "BF", "topics": ["stig a1"]}, {"abbreviation": "CF", "topics": ["stig a2"]}, {"abbreviation": "DF", "topics": ["evr\u00f3pski tungum\u00e1laramminn", "stig a2"]}, {"abbreviation": "EF", "topics": ["evr\u00f3pski tungum\u00e1laramminn", "stig b1"]}, {"abbreviation": "PL", "topics": ["l\u00edfi\u00f0", "pers\u00f3nan", "stig a1 \u00ed evr\u00f3pska tungum\u00e1larammanum"]}, {"abbreviation": "DA", "topics": ["daglegar athafnir", "stig a1 - a2 \u00ed evr\u00f3pska tungum\u00e1larammanum"]}, {"abbreviation": "VU", "topics": ["stig a2 \u00ed evr\u00f3pska tungum\u00e1larammanum", "umhverfi", "venjur"]}, {"abbreviation": "FM", "topics": ["fer\u00f0al\u00f6g", "menning", "stig a2 - b1 \u00ed evr\u00f3pska tungum\u00e1larammanum"]}, {"abbreviation": "SM", "topics": ["aukasetningar", "fallbeyging l\u00fdsingaror\u00f0a", "m\u00e1lnotkun \u00ed n\u00fat\u00ed\u00f0 og n\u00fali\u00f0inni t\u00ed\u00f0", "stigbreyting", "\u00feolmynd"]}, {"abbreviation": "F\u00de", "topics": ["fj\u00f6lbreyttari og au\u00f0ugari m\u00e1lnotkun", "fl\u00f3knari textar", "l\u00fdsingarh\u00e1ttur n\u00fat\u00ed\u00f0ar", "\u00feolmynd"]}, {"abbreviation": "FT", "topics": ["fj\u00f6lbreytt m\u00e1lnotkun og lestur", "framt\u00ed\u00f0", "vi\u00f0tengingarh\u00e1ttur", "\u00feolmynd"]}, {"abbreviation": "GF", "topics": ["algengur or\u00f0afor\u00f0i", "frambur\u00f0ur", "grunnatri\u00f0i \u00ed m\u00e1lfr\u00e6\u00f0i", "s.s. beyging sagna og greinis"]}, {"abbreviation": "\u00deL", "topics": ["fj\u00f6lbreytt m\u00e1lnotkun og lestur", "fr\u00e6\u00f0sla um \u00fe\u00fdska m\u00e1lsv\u00e6\u00f0i\u00f0", "sagnir me\u00f0 forsetningum", "tilv\u00edsunarsetningar", "\u00feolmynd", "\u00fe\u00e1t\u00ed\u00f0"]}, {"abbreviation": "M\u00c1", "topics": ["algengur almennur or\u00f0afor\u00f0i \u00ed n\u00fat\u00ed\u00f0 og n\u00fal\u00f0inni t\u00ed\u00f0", "eignarforn\u00f6fn", "forsetningar og fallstj\u00f3rn \u00feeirra"]}, {"abbreviation": "FL", "topics": ["t\u00f6lur 20-100", "\u00de\u00fdskum\u00e6landi l\u00f6nd Fj\u00f6lskylduhagir Matur og drykkur kaupa"]}, {"abbreviation": "AB", "topics": ["heimili\u00f0 - t\u00f6lur Sagnbeyging", "sagnir \u00ed \u00feolfalli", "\u00feolfall forsetningar me\u00f0 \u00feolfalli greinir \u00ed \u00feolfalli"]}, {"abbreviation": "BB", "topics": ["\u00de\u00fdska 2"]}, {"abbreviation": "MM", "topics": ["markviss m\u00e1lnotkun"]}, {"abbreviation": "AM", "topics": ["Au\u00f0ug m\u00e1lnotkun"]}, {"abbreviation": "LO", "topics": ["Loka\u00e1fangi"]}, {"abbreviation": "VV", "topics": ["verkefnavinna"]}, {"abbreviation": "VG", "topics": ["vefs\u00ed\u00f0uger\u00f0"]}, {"abbreviation": "BY", "topics": ["Byrjunar", "\u00e1fangi"]}, {"abbreviation": "AA", "topics": ["Byrjunar\u00e1fangi"]}, {"abbreviation": "CC", "topics": ["\u00de\u00fdska 3"]}, {"abbreviation": "DD", "topics": ["\u00de\u00fdska 4"]}, {"abbreviation": "EE", "topics": ["\u00de\u00fdska 5"]}, {"abbreviation": "\u00deO", "topics": ["or\u00f0afor\u00f0i", "ritun", "tal", "\u00de\u00fdska"]}, {"abbreviation": "B\u00de", "topics": ["Byrjenda\u00e1fangi"]}, {"abbreviation": "HS", "topics": ["Hlustun og ritun", "lestur og munnleg tj\u00e1ning", "saga og menning"]}, {"abbreviation": "DK", "topics": ["\u00de\u00fdskar kvikmyndir"]}, {"abbreviation": "BV", "topics": ["evr\u00f3pski tungum\u00e1laramminn", "grunnur", "stig b2"]}, {"abbreviation": "ME", "topics": ["Menning", "land og \u00fej\u00f3\u00f0"]}, {"abbreviation": "TM", "topics": ["Samskipti", "menning og fer\u00f0al\u00f6g"]}, {"abbreviation": "VL", "topics": ["Venjur", "l\u00edfsst\u00edll og umhverfi"]}, {"abbreviation": "RL", "topics": ["hlustun", "lestur", "ritun", "tal (A1)"]}, {"abbreviation": "HT", "topics": ["Hlustun", "lestur", "ritun", "tal (A1)"]}, {"abbreviation": "RS", "topics": ["hlustun", "lestur", "ritun", "tal(A1)"]}], "_id": "50c0a02dd8e40575f7f6f4be", "subjects": ["\u00fe\u00fdska"], "counter": {"1": 20, "3": 1, "2": 13, "4": 0}}, "evaluation": "N\u00e1msmat er \u00fatf\u00e6rt \u00ed kennslu\u00e1\u00e6tlun \u00ed samr\u00e6mi vi\u00f0 sk\u00f3lan\u00e1mskr\u00e1.", "categorization_suggestion": "", "embedded_topics": {"abbreviation": "\u00deC", "topics": ["hlustun og ritun. menning og sta\u00f0h\u00e6ttir \u00fe\u00fdskum\u00e6landi landa.", "lesskilningur", "tal"]}, "status": "approved by school", "description": "Byggt er markvisst \u00e1 \u00feeirri kunn\u00e1ttu sem nemendur hafa n\u00fa \u00feegar tileinka\u00f0 s\u00e9r. \u00c1fram er l\u00f6g\u00f0 \u00e1hersla \u00e1 a\u00f0 efla menningarvitund nemenda og sta\u00f0h\u00e1ttum og si\u00f0um \u00fe\u00fdskum\u00e6landi landa er fl\u00e9tta\u00f0 inn \u00ed kennsluna og \u00e1hersla l\u00f6g\u00f0 \u00e1 vi\u00f0eigandi samskiptavenjur. Nemendur eru \u00e1fram \u00fej\u00e1lfa\u00f0ir \u00ed f\u00e6rni\u00fe\u00e1ttunum tali, hlustun og ritun, jafnframt eru ger\u00f0ar meiri kr\u00f6fur um a\u00f0 \u00feeir tileinki s\u00e9r fj\u00f6lbreyttan or\u00f0afor\u00f0a me\u00f0 lestri lengri texta. N\u00fd  m\u00e1lfr\u00e6\u00f0iatri\u00f0i eru tekin fyrir.\nGer\u00f0ar eru meiri kr\u00f6fur um sj\u00e1lfst\u00e6\u00f0 vinnubr\u00f6g\u00f0 nemanda og \u00e1rangursr\u00edka n\u00e1mt\u00e6kni.", "knowledge_goals": ["mannl\u00edfi, menningu og si\u00f0um \u00ed \u00fe\u00fdskum\u00e6landi l\u00f6ndum", "samskiptavenjum og mismunandi notkun m\u00e1lsins eftir a\u00f0st\u00e6\u00f0um", "\u00feeim or\u00f0afor\u00f0a sem nau\u00f0synlegur er til a\u00f0 n\u00e1 h\u00e6fnimarkmi\u00f0um \u00e1fangans", "grundvallar\u00fe\u00e1ttum \u00fe\u00fdska m\u00e1lkerfisins", "formger\u00f0 og uppbyggingu texta og mismuninum \u00e1 t\u00f6lu\u00f0u og ritu\u00f0u m\u00e1li", "\u00feeim or\u00f0afor\u00f0a sem nau\u00f0synlegur er til a\u00f0 n\u00e1 h\u00e6fnimarkmi\u00f0um \u00e1fangans"], "skills_goals": ["fylgja a\u00f0alatri\u00f0um \u00ed samtali tveggja e\u00f0a fleiri \u00feegar r\u00e6tt er um almenn efni og tala\u00f0 er sk\u00fdrt og \u00e1heyrilega", "fylgjast me\u00f0 fr\u00e1s\u00f6gnum um kunnugleg efni \u00feegar tala\u00f0 er sk\u00fdrt og \u00e1heyrilega", "fylgja s\u00f6gu\u00fer\u00e6\u00f0i \u00ed einf\u00f6ldum/einf\u00f6ldu\u00f0um sk\u00e1lds\u00f6gum", "greina a\u00f0alatri\u00f0i \u00ed bla\u00f0agreinum og textum um almennt og s\u00e9rh\u00e6f\u00f0ara efni sem tengist \u00e1hugasvi\u00f0i hans", "afla s\u00e9r uppl\u00fdsinga, t.d. me\u00f0 skimun lengri texta og lestri b\u00e6klinga, br\u00e9fa, dagbla\u00f0a, uppl\u00fdsinga \u00e1 netinu o.fl.", "segja fr\u00e1 og r\u00e6\u00f0a vi\u00f0 a\u00f0ra \u00e1 sk\u00fdran h\u00e1tt um li\u00f0na atbur\u00f0i, reynslu og \u00e1form", "halda stutta kynningu \u00e1 fyrirfram undirb\u00fanu efni", "skrifa st\u00f6\u00f0lu\u00f0 br\u00e9f, samfelldan texta um \u00fdmis efni s.s. endurminningu e\u00f0a framt\u00ed\u00f0ar\u00e1form"], "credits": 5, "last_modified": 1425303296.529459, "schools": ["512351988caa45ed97015b44"], "coauthors": null, "instructions": "", "continued_education": false, "level": 1, "prerequisites": "\u00de\u00ddSK1\u00deB05", "author": "6ea856f5-9f60-4d4f-a95e-aa9dbcc89d01", "abbreviation_version": null, "competence_goals": [["hlusta \u00e1 og fara eftir lei\u00f0beiningum, skilabo\u00f0um og tilkynningum sem tengjast daglegum ath\u00f6fnum og breg\u00f0ast r\u00e9tt vi\u00f0", ""], ["leysa \u00far vi\u00f0fangsefnum einn e\u00f0a \u00ed samstarfi vi\u00f0 a\u00f0ra", ""], ["fylgjast me\u00f0 fr\u00e1s\u00f6gnum og erindum og n\u00e1 a\u00f0alatri\u00f0um um kunnuglegt efni \u00far fj\u00f6l- og myndmi\u00f0lum", ""], ["tileinka s\u00e9r a\u00f0alatri\u00f0in \u00ed fj\u00f6lbreyttum textum og geta dregi\u00f0 \u00e1lyktanir af \u00fev\u00ed sem hann les", ""], ["takast \u00e1 vi\u00f0 tilteknar a\u00f0st\u00e6\u00f0ur \u00ed samskiptum, beita vi\u00f0eigandi m\u00e1l- og samskiptavenjum og halda samtalinu gangandi", ""], ["mi\u00f0la \u00e1 einfaldan h\u00e1tt eigin \u00feekkingu, sko\u00f0unum og tilfinningum sem og pers\u00f3nulegri reynslu, vonum og v\u00e6ntingum", ""], ["\u00fatsk\u00fdra \u00e1kvar\u00f0anir og fyrir\u00e6tlanir og r\u00f6ksty\u00f0ja m\u00e1l sitt \u00e1 einfaldan h\u00e1tt", ""], ["skrifa samfelldan texta um tilteki\u00f0 efni og beita vi\u00f0eigandi m\u00e1lfari", ""], ["hagn\u00fdta \u00feann or\u00f0afor\u00f0a sem \u00e1fanginn byggir \u00e1 \u00ed r\u00e6\u00f0u og riti", ""], ["skipuleggja n\u00e1m \u00ed \u00e1fanganum og n\u00e1msa\u00f0fer\u00f0ir vi\u00f0 h\u00e6fi", ""], ["meta eigi\u00f0 vinnuframlag og framfarir \u00ed m\u00e1linu", ""], ["s\u00fdna aga, metna\u00f0, sj\u00e1lfst\u00e6\u00f0 vinnubr\u00f6g\u00f0, j\u00e1kv\u00e6\u00f0ni og tr\u00fa \u00e1 eigin getu", ""]], "_id": "54f4670062933a3c2200002d"}], "title": "\u00de\u00fdska"}, {"courses": [{"exemplary": null, "topics": "undirst\u00f6\u00f0uatri\u00f0i tungum\u00e1lsins", "abbreviation": "FRAN1FA05", "former_schools": null, "subject": "franska", "title": "Franska A", "version": 12, "status_trans": "Sam\u00feykkt af sk\u00f3la", "embedded_subject": {"abbreviation": "FRAN", "topics": [{"abbreviation": "AG", "topics": ["evr\u00f3pski tungum\u00e1laramminn", "grunnur", "stig a1"]}, {"abbreviation": "AF", "topics": ["evr\u00f3pski tungum\u00e1laramminn", "framhald", "stig a1"]}, {"abbreviation": "AU", "topics": ["evr\u00f3pski tungum\u00e1laramminn", "grunnur", "stig a2"]}, {"abbreviation": "AV", "topics": ["evr\u00f3pski tungum\u00e1laramminn", "framhald", "stig a2"]}, {"abbreviation": "BG", "topics": ["evr\u00f3pski tungum\u00e1laramminn", "grunnur", "stig b1"]}, {"abbreviation": "FE", "topics": ["hlustun og ritun. menning og listir", "lesskilningur", "tal"]}, {"abbreviation": "FD", "topics": ["hlustun og ritun. menning og \u00fej\u00f3\u00f0f\u00e9lagsm\u00e1l", "lesskilningur", "tal"]}, {"abbreviation": "PA", "topics": ["par\u00eds"]}, {"abbreviation": "NL", "topics": ["nikul\u00e1s litli", "tinni og f\u00e9lagar", "\u00e1str\u00edkur"]}, {"abbreviation": "FC", "topics": ["hlustun og ritun. menning og sta\u00f0h\u00e6ttir fr\u00f6nskum\u00e6landi landa", "lesskilningur", "tal"]}, {"abbreviation": "FB", "topics": ["hlustun og ritun", "lesskilningur", "tal"]}, {"abbreviation": "FA", "topics": ["undirst\u00f6\u00f0uatri\u00f0i tungum\u00e1lsins"]}, {"abbreviation": "GR", "topics": ["grunn\u00e1fangi"]}, {"abbreviation": "KV", "topics": ["kvikmyndir"]}, {"abbreviation": "FM", "topics": ["fr\u00f6nsk menning"]}, {"abbreviation": "FR", "topics": ["framhalds\u00e1fangi"]}, {"abbreviation": "FF", "topics": ["fr\u00e1sagnir og fer\u00f0al\u00f6g"]}, {"abbreviation": "RI", "topics": ["ritun og tal"]}, {"abbreviation": "BF", "topics": ["stig a1"]}, {"abbreviation": "CF", "topics": ["stig a1", "\u00feri\u00f0ji \u00e1fangi"]}, {"abbreviation": "DF", "topics": ["stig a2"]}, {"abbreviation": "EF", "topics": ["stig b1"]}, {"abbreviation": "TM", "topics": ["Fr\u00e1 texta til myndar"]}, {"abbreviation": "FL", "topics": ["Fr\u00f6nsk leiklist"]}, {"abbreviation": "AA", "topics": ["Franska"]}, {"abbreviation": "CC", "topics": ["Franska 3"]}, {"abbreviation": "BB", "topics": ["Framhalds\u00e1fangi"]}, {"abbreviation": "EE", "topics": ["Franska 5"]}, {"abbreviation": "DD", "topics": ["Franska 4"]}, {"abbreviation": "BU", "topics": ["evr\u00f3pski tungum\u00e1laramminn", "grunnur", "stig b2"]}, {"abbreviation": "YN", "topics": ["Yndislestur"]}, {"abbreviation": "BM", "topics": ["Franskar b\u00f3kmenntir og menning"]}, {"abbreviation": "ME", "topics": ["Menning", "land og \u00fej\u00f3\u00f0"]}], "_id": "50c0a02dd8e40575f7f6f48b", "subjects": ["franska"], "counter": {"1": 11, "3": 0, "2": 7, "4": 0}}, "evaluation": "N\u00e1msmat er \u00fatf\u00e6rt \u00ed kennslu\u00e1\u00e6tlun \u00ed samr\u00e6mi vi\u00f0 sk\u00f3lan\u00e1mskr\u00e1.", "categorization_suggestion": "", "embedded_topics": {"abbreviation": "FA", "topics": ["undirst\u00f6\u00f0uatri\u00f0i tungum\u00e1lsins"]}, "status": "approved by school", "description": "\u00c1fanginn er byrjunar\u00e1fangi og \u00e1hersla er l\u00f6g\u00f0 \u00e1 a\u00f0 nemendur tileinki s\u00e9r undirst\u00f6\u00f0uatri\u00f0i tungum\u00e1lsins. Nemendur f\u00e1 inns\u00fdn \u00ed menningu og sta\u00f0h\u00e6tti \u00e1 franska m\u00e1lsv\u00e6\u00f0inu og kynnast samskiptavenjum og si\u00f0um. Strax fr\u00e1 upphafi eru nemendur \u00fej\u00e1lfa\u00f0ir \u00ed \u00f6llum m\u00e1lf\u00e6rni\u00fe\u00e1ttum: tali, hlustun, ritun og lesskilningi. \u00c1hersla er l\u00f6g\u00f0 \u00e1 frambur\u00f0, grunnatri\u00f0i m\u00e1lnotkunar og uppbyggingu or\u00f0afor\u00f0a sem tengist nemandanum og hans n\u00e1nasta umhverfi. Nemendur \u00fej\u00e1lfist \u00ed sj\u00e1lfst\u00e6\u00f0um vinnubr\u00f6g\u00f0um og tileinki s\u00e9r \u00e1rangursr\u00edka n\u00e1mst\u00e6kni.", "knowledge_goals": ["\u00feeim or\u00f0afor\u00f0a sem nau\u00f0synlegur er til a\u00f0 n\u00e1 leikni- og h\u00e6fnimarkmi\u00f0um \u00e1fangans", "grundvallar\u00fe\u00e1ttum franska m\u00e1lkerfisins", "frambur\u00f0arreglum og t\u00f3nfalli tungum\u00e1lsins", "fr\u00f6nskum\u00e6landi l\u00f6ndum og fengi\u00f0 inns\u00fdn \u00ed menningu, samskiptavenjur og si\u00f0i \u00feeirra"], "skills_goals": ["skilja tala\u00f0 m\u00e1l um kunnugleg efni", "fylgja einf\u00f6ldum fyrirm\u00e6lum og skilja helstu kve\u00f0jur og kurteisis\u00e1v\u00f6rp", "lesa einfalda texta sem innihalda algengan or\u00f0afor\u00f0a sem tengist honum, umhverfi hans og \u00e1hugam\u00e1lum", "taka \u00fe\u00e1tt \u00ed einf\u00f6ldum samr\u00e6\u00f0um um efni sem hann \u00feekkir e\u00f0a hefur \u00e1huga \u00e1 og beita kurteisis- og m\u00e1lvenjum vi\u00f0 h\u00e6fi", "segja \u00e1 einfaldan h\u00e1tt fr\u00e1 sj\u00e1lfum s\u00e9r, \u00e1hugam\u00e1lum og s\u00ednu n\u00e1nasta umhverfi me\u00f0 \u00fev\u00ed a\u00f0 beita or\u00f0afor\u00f0a og frambur\u00f0i \u00e1 sem r\u00e9ttastan h\u00e1tt", "skrifa stuttan, einfaldan texta um sj\u00e1lfan sig og sitt n\u00e1nasta umhverfi, fylla \u00fat einf\u00f6ld ey\u00f0ubl\u00f6\u00f0, skrifa p\u00f3stkort og minnismi\u00f0a"], "credits": 5, "last_modified": 1425295789.356884, "schools": ["512351988caa45ed97015b44"], "coauthors": null, "instructions": "", "continued_education": false, "level": 1, "prerequisites": "Engin", "author": "6ea856f5-9f60-4d4f-a95e-aa9dbcc89d01", "abbreviation_version": null, "competence_goals": [["tj\u00e1 sig munnlega og skriflega \u00e1 einfaldan h\u00e1tt um pers\u00f3nulega hagi og efni sem hann \u00feekkir", ""], ["greina einfaldar uppl\u00fdsingar \u00ed m\u00e6ltu m\u00e1li", ""], ["skilja meginatri\u00f0i einfaldra texta og greina einfaldar uppl\u00fdsingar", ""], ["segja fr\u00e1 sj\u00e1lfum s\u00e9r og n\u00e1nasta umhverfi s\u00ednu", ""], ["n\u00fdta \u00feekkingu og leikni til a\u00f0 leysa \u00far vi\u00f0fangsefnum einn e\u00f0a \u00ed samstarfi vi\u00f0 a\u00f0ra", ""], ["meta eigi\u00f0 vinnuframlag og kunn\u00e1ttu", ""], ["tileinka s\u00e9r j\u00e1kv\u00e6tt vi\u00f0horf til fr\u00f6nskun\u00e1msins og \u00f6\u00f0last tr\u00fa \u00e1 eigin getu \u00ed faginu", ""]], "_id": "54f449ad62933a193600206c"}, {"exemplary": null, "topics": "hlustun og ritun, lesskilningur, tal", "abbreviation": "FRAN1FB05", "former_schools": null, "subject": "franska", "title": "Franska B", "version": 13, "status_trans": "Sam\u00feykkt af sk\u00f3la", "embedded_subject": {"abbreviation": "FRAN", "topics": [{"abbreviation": "AG", "topics": ["evr\u00f3pski tungum\u00e1laramminn", "grunnur", "stig a1"]}, {"abbreviation": "AF", "topics": ["evr\u00f3pski tungum\u00e1laramminn", "framhald", "stig a1"]}, {"abbreviation": "AU", "topics": ["evr\u00f3pski tungum\u00e1laramminn", "grunnur", "stig a2"]}, {"abbreviation": "AV", "topics": ["evr\u00f3pski tungum\u00e1laramminn", "framhald", "stig a2"]}, {"abbreviation": "BG", "topics": ["evr\u00f3pski tungum\u00e1laramminn", "grunnur", "stig b1"]}, {"abbreviation": "FE", "topics": ["hlustun og ritun. menning og listir", "lesskilningur", "tal"]}, {"abbreviation": "FD", "topics": ["hlustun og ritun. menning og \u00fej\u00f3\u00f0f\u00e9lagsm\u00e1l", "lesskilningur", "tal"]}, {"abbreviation": "PA", "topics": ["par\u00eds"]}, {"abbreviation": "NL", "topics": ["nikul\u00e1s litli", "tinni og f\u00e9lagar", "\u00e1str\u00edkur"]}, {"abbreviation": "FC", "topics": ["hlustun og ritun. menning og sta\u00f0h\u00e6ttir fr\u00f6nskum\u00e6landi landa", "lesskilningur", "tal"]}, {"abbreviation": "FB", "topics": ["hlustun og ritun", "lesskilningur", "tal"]}, {"abbreviation": "FA", "topics": ["undirst\u00f6\u00f0uatri\u00f0i tungum\u00e1lsins"]}, {"abbreviation": "GR", "topics": ["grunn\u00e1fangi"]}, {"abbreviation": "KV", "topics": ["kvikmyndir"]}, {"abbreviation": "FM", "topics": ["fr\u00f6nsk menning"]}, {"abbreviation": "FR", "topics": ["framhalds\u00e1fangi"]}, {"abbreviation": "FF", "topics": ["fr\u00e1sagnir og fer\u00f0al\u00f6g"]}, {"abbreviation": "RI", "topics": ["ritun og tal"]}, {"abbreviation": "BF", "topics": ["stig a1"]}, {"abbreviation": "CF", "topics": ["stig a1", "\u00feri\u00f0ji \u00e1fangi"]}, {"abbreviation": "DF", "topics": ["stig a2"]}, {"abbreviation": "EF", "topics": ["stig b1"]}, {"abbreviation": "TM", "topics": ["Fr\u00e1 texta til myndar"]}, {"abbreviation": "FL", "topics": ["Fr\u00f6nsk leiklist"]}, {"abbreviation": "AA", "topics": ["Franska"]}, {"abbreviation": "CC", "topics": ["Franska 3"]}, {"abbreviation": "BB", "topics": ["Framhalds\u00e1fangi"]}, {"abbreviation": "EE", "topics": ["Franska 5"]}, {"abbreviation": "DD", "topics": ["Franska 4"]}, {"abbreviation": "BU", "topics": ["evr\u00f3pski tungum\u00e1laramminn", "grunnur", "stig b2"]}, {"abbreviation": "YN", "topics": ["Yndislestur"]}, {"abbreviation": "BM", "topics": ["Franskar b\u00f3kmenntir og menning"]}, {"abbreviation": "ME", "topics": ["Menning", "land og \u00fej\u00f3\u00f0"]}], "_id": "50c0a02dd8e40575f7f6f48b", "subjects": ["franska"], "counter": {"1": 11, "3": 0, "2": 7, "4": 0}}, "evaluation": "N\u00e1msmat er \u00fatf\u00e6rt \u00ed kennslu\u00e1\u00e6tlun \u00ed samr\u00e6mi vi\u00f0 sk\u00f3lan\u00e1mskr\u00e1.", "categorization_suggestion": "", "embedded_topics": {"abbreviation": "FB", "topics": ["hlustun og ritun", "lesskilningur", "tal"]}, "status": "approved by school", "description": "Helstu atri\u00f0i FRAN1FA05 eru rifju\u00f0 upp um lei\u00f0 og b\u00e6tt er vi\u00f0 or\u00f0afor\u00f0a og m\u00e1lfr\u00e6\u00f0i. \u00c1hersla er l\u00f6g\u00f0 \u00e1 a\u00f0 \u00fej\u00e1lfa \u00e1fram alla m\u00e1lf\u00e6rni\u00fe\u00e6tti: munnlega og skriflega tj\u00e1ningu, hlustun og lesskilning. Unni\u00f0 er me\u00f0 or\u00f0afor\u00f0a sem tengist m.a. n\u00e1nasta umhverfi nemandans, daglegum ath\u00f6fnum og fer\u00f0al\u00f6gum. N\u00fd m\u00e1lfr\u00e6\u00f0atri\u00f0i eru \u00e6f\u00f0. Menningu og sta\u00f0h\u00e1ttum fr\u00f6nskum\u00e6landi landa er fl\u00e9tta\u00f0 inn \u00ed kennsluna m.a. \u00ed gegnum lestur vi\u00f0eigandi texta sem varpa lj\u00f3si \u00e1 daglegt l\u00edf.  Ger\u00f0ar eru kr\u00f6fur um sj\u00e1lfst\u00e6\u00f0 vinnubr\u00f6g\u00f0 og \u00e1rangursr\u00edka n\u00e1mst\u00e6kni.", "knowledge_goals": ["\u00feeim or\u00f0afor\u00f0a sem nau\u00f0synlegur er til a\u00f0 n\u00e1 markmi\u00f0um \u00e1fangans", "grundvallar\u00fe\u00e1ttum franska m\u00e1lkerfisins", "frambur\u00f0arreglum og t\u00f3nfalli", "fr\u00f6nskum\u00e6landi l\u00f6ndum og fengi\u00f0 aukna inns\u00fdn \u00ed menningu og si\u00f0i \u00fej\u00f3\u00f0anna", "samskiptavenjum og mismunandi notkun m\u00e1lsins eftir a\u00f0st\u00e6\u00f0um"], "skills_goals": ["skilja einfaldar setningar, spurningar og uppl\u00fdsingar sem tengjast daglegum ath\u00f6fnum hans", "skilja einfaldar lei\u00f0beiningar og fyrirm\u00e6li", "skilja stutta texta \u00fear sem sagt er fr\u00e1 daglegu l\u00edfi, atbur\u00f0um og tilfinningum e\u00f0a \u00f3ska\u00f0 er eftir uppl\u00fdsingum", "greina lykilatri\u00f0i \u00ed stuttum textum, bla\u00f0a- og t\u00edmaritsgreinum", "afla s\u00e9r einfaldra, hagn\u00fdtra uppl\u00fdsinga", "geta greint fr\u00e1 eigin reynslu, sko\u00f0un og tilfinningum", "spyrja og svara einf\u00f6ldum spurningum um li\u00f0na atbur\u00f0i", "skrifa einfaldan texta um efni sem hann \u00feekkir, pers\u00f3nuleg br\u00e9f, stuttar fr\u00e1sagnir og greina fr\u00e1 li\u00f0num atbur\u00f0um"], "credits": 5, "last_modified": 1425296257.035262, "schools": ["512351988caa45ed97015b44"], "coauthors": null, "instructions": "", "continued_education": false, "level": 1, "prerequisites": "FRAN1FA05", "author": "6ea856f5-9f60-4d4f-a95e-aa9dbcc89d01", "abbreviation_version": null, "competence_goals": [["hlusta \u00e1 og fara eftir lei\u00f0beiningum, skilabo\u00f0um og tilkynningum sem tengjast daglegum ath\u00f6fnum og breg\u00f0ast r\u00e9tt vi\u00f0", ""], ["leysa \u00far vi\u00f0fangsefnum einn e\u00f0a \u00ed samstarfi vi\u00f0 a\u00f0ra", ""], ["tileinka s\u00e9r meginefni \u00ed textum um daglegt l\u00edf og atbur\u00f0i, \u00e1samt textum um menningarleg m\u00e1lefni", ""], ["takast \u00e1 vi\u00f0 tilteknar a\u00f0st\u00e6\u00f0ur \u00ed samskiptum og beita vi\u00f0eigandi m\u00e1l- og samskiptavenjum", ""], ["mi\u00f0la \u00e1 einfaldan h\u00e1tt eigin \u00feekkingu, sko\u00f0unum og tilfinningum sem og pers\u00f3nulegri reynslu", ""], ["mi\u00f0la \u00e1 einfaldan h\u00e1tt efni sem hann hefur tileinka\u00f0 s\u00e9r \u00ed \u00e1fanganum", ""], ["skrifa um m\u00e1lefni og atbur\u00f0i sem byggjast \u00e1 pers\u00f3nulegri og \u00edmynda\u00f0ri reynslu", ""], ["skipuleggja n\u00e1m \u00ed \u00e1fanganum og n\u00e1msa\u00f0fer\u00f0ir vi\u00f0 h\u00e6fi", ""], ["meta eigi\u00f0 vinnuframlag og framfarir \u00ed m\u00e1linu", ""], ["s\u00fdna aga, metna\u00f0, sj\u00e1lfst\u00e6\u00f0 vinnubr\u00f6g\u00f0, j\u00e1kv\u00e6\u00f0ni og tr\u00fa \u00e1 eigin getu", ""]], "_id": "54f44b8162933a1936002072"}, {"exemplary": null, "topics": "hlustun og ritun. menning og sta\u00f0h\u00e6ttir fr\u00f6nskum\u00e6landi landa, lesskilningur, tal", "abbreviation": "FRAN1FC05", "former_schools": null, "subject": "franska", "title": "Franska C", "version": 14, "status_trans": "Sam\u00feykkt af sk\u00f3la", "embedded_subject": {"abbreviation": "FRAN", "topics": [{"abbreviation": "AG", "topics": ["evr\u00f3pski tungum\u00e1laramminn", "grunnur", "stig a1"]}, {"abbreviation": "AF", "topics": ["evr\u00f3pski tungum\u00e1laramminn", "framhald", "stig a1"]}, {"abbreviation": "AU", "topics": ["evr\u00f3pski tungum\u00e1laramminn", "grunnur", "stig a2"]}, {"abbreviation": "AV", "topics": ["evr\u00f3pski tungum\u00e1laramminn", "framhald", "stig a2"]}, {"abbreviation": "BG", "topics": ["evr\u00f3pski tungum\u00e1laramminn", "grunnur", "stig b1"]}, {"abbreviation": "FE", "topics": ["hlustun og ritun. menning og listir", "lesskilningur", "tal"]}, {"abbreviation": "FD", "topics": ["hlustun og ritun. menning og \u00fej\u00f3\u00f0f\u00e9lagsm\u00e1l", "lesskilningur", "tal"]}, {"abbreviation": "PA", "topics": ["par\u00eds"]}, {"abbreviation": "NL", "topics": ["nikul\u00e1s litli", "tinni og f\u00e9lagar", "\u00e1str\u00edkur"]}, {"abbreviation": "FC", "topics": ["hlustun og ritun. menning og sta\u00f0h\u00e6ttir fr\u00f6nskum\u00e6landi landa", "lesskilningur", "tal"]}, {"abbreviation": "FB", "topics": ["hlustun og ritun", "lesskilningur", "tal"]}, {"abbreviation": "FA", "topics": ["undirst\u00f6\u00f0uatri\u00f0i tungum\u00e1lsins"]}, {"abbreviation": "GR", "topics": ["grunn\u00e1fangi"]}, {"abbreviation": "KV", "topics": ["kvikmyndir"]}, {"abbreviation": "FM", "topics": ["fr\u00f6nsk menning"]}, {"abbreviation": "FR", "topics": ["framhalds\u00e1fangi"]}, {"abbreviation": "FF", "topics": ["fr\u00e1sagnir og fer\u00f0al\u00f6g"]}, {"abbreviation": "RI", "topics": ["ritun og tal"]}, {"abbreviation": "BF", "topics": ["stig a1"]}, {"abbreviation": "CF", "topics": ["stig a1", "\u00feri\u00f0ji \u00e1fangi"]}, {"abbreviation": "DF", "topics": ["stig a2"]}, {"abbreviation": "EF", "topics": ["stig b1"]}, {"abbreviation": "TM", "topics": ["Fr\u00e1 texta til myndar"]}, {"abbreviation": "FL", "topics": ["Fr\u00f6nsk leiklist"]}, {"abbreviation": "AA", "topics": ["Franska"]}, {"abbreviation": "CC", "topics": ["Franska 3"]}, {"abbreviation": "BB", "topics": ["Framhalds\u00e1fangi"]}, {"abbreviation": "EE", "topics": ["Franska 5"]}, {"abbreviation": "DD", "topics": ["Franska 4"]}, {"abbreviation": "BU", "topics": ["evr\u00f3pski tungum\u00e1laramminn", "grunnur", "stig b2"]}, {"abbreviation": "YN", "topics": ["Yndislestur"]}, {"abbreviation": "BM", "topics": ["Franskar b\u00f3kmenntir og menning"]}, {"abbreviation": "ME", "topics": ["Menning", "land og \u00fej\u00f3\u00f0"]}], "_id": "50c0a02dd8e40575f7f6f48b", "subjects": ["franska"], "counter": {"1": 11, "3": 0, "2": 7, "4": 0}}, "evaluation": "N\u00e1msmat er \u00fatf\u00e6rt \u00ed kennslu\u00e1\u00e6tlun \u00ed samr\u00e6mi vi\u00f0 sk\u00f3lan\u00e1mskr\u00e1.", "categorization_suggestion": "", "embedded_topics": {"abbreviation": "FC", "topics": ["hlustun og ritun. menning og sta\u00f0h\u00e6ttir fr\u00f6nskum\u00e6landi landa", "lesskilningur", "tal"]}, "status": "approved by school", "description": "Byggt er markvisst \u00e1 \u00feeirri kunn\u00e1ttu sem nemendur hafa n\u00fa \u00feegar tileinka\u00f0 s\u00e9r. \u00c1fram er l\u00f6g\u00f0 \u00e1hersla \u00e1 a\u00f0 efla menningarvitund nemenda og sta\u00f0h\u00e1ttum og si\u00f0um fr\u00f6nskum\u00e6landi landa er fl\u00e9tta\u00f0 inn \u00ed kennsluna og \u00e1hersla l\u00f6g\u00f0 \u00e1 vi\u00f0eigandi samskiptavenjur. Nemendur eru \u00e1fram \u00fej\u00e1lfa\u00f0ir \u00ed f\u00e6rni\u00fe\u00e1ttunum tali, hlustun og ritun og jafnframt eru ger\u00f0ar meiri kr\u00f6fur um a\u00f0 \u00feeir tileinki s\u00e9r fj\u00f6lbreyttan or\u00f0afor\u00f0a me\u00f0 lestri lengri texta. N\u00fd  m\u00e1lfr\u00e6\u00f0iatri\u00f0i eru tekin fyrir.\nGer\u00f0ar eru meiri kr\u00f6fur um sj\u00e1lfst\u00e6\u00f0 vinnubr\u00f6g\u00f0 nemanda og \u00e1rangursr\u00edka n\u00e1mst\u00e6kni.", "knowledge_goals": ["mannl\u00edfi, menningu og si\u00f0um \u00ed fr\u00f6nskum\u00e6landi l\u00f6ndum", "samskiptavenjum og mismunandi notkun m\u00e1lsins eftir a\u00f0st\u00e6\u00f0um", "\u00feeim or\u00f0afor\u00f0a sem nau\u00f0synlegur er til a\u00f0 n\u00e1 h\u00e6fnimarkmi\u00f0um \u00e1fangans", "grundvallar\u00fe\u00e1ttum franska m\u00e1lkerfisins", "formger\u00f0 og uppbyggingu texta og mismuninum \u00e1 t\u00f6lu\u00f0u og ritu\u00f0u m\u00e1li", "\u00feeim or\u00f0afor\u00f0a sem nau\u00f0synlegur er til a\u00f0 n\u00e1 h\u00e6fnimarkmi\u00f0um \u00e1fangans"], "skills_goals": ["fylgja a\u00f0alatri\u00f0um \u00ed samtali tveggja e\u00f0a fleiri \u00feegar r\u00e6tt er um almennt efni og tala\u00f0 er sk\u00fdrt og \u00e1heyrilega", "fylgjast me\u00f0 fr\u00e1s\u00f6gnum um kunnuglegt efni \u00feegar tala\u00f0 er sk\u00fdrt og \u00e1heyrilega", "fylgja s\u00f6gu\u00fer\u00e6\u00f0i \u00ed einf\u00f6ldum/einf\u00f6ldu\u00f0um sk\u00e1lds\u00f6gum", "greina a\u00f0alatri\u00f0i \u00ed bla\u00f0agreinum og textum um almennt og s\u00e9rh\u00e6f\u00f0ara efni sem tengist \u00e1hugasvi\u00f0i hans", "afla s\u00e9r uppl\u00fdsinga, t.d. me\u00f0 skimun lengri texta og lestri b\u00e6klinga, br\u00e9fa, dagbla\u00f0a, uppl\u00fdsinga \u00e1 netinu o.fl.", "segja fr\u00e1 og r\u00e6\u00f0a vi\u00f0 a\u00f0ra \u00e1 sk\u00fdran h\u00e1tt um li\u00f0na atbur\u00f0i, reynslu og \u00e1form", "halda stutta kynningu \u00e1 fyrirfram undirb\u00fanu efni", "skrifa st\u00f6\u00f0lu\u00f0 br\u00e9f, samfelldan texta um \u00fdmis efni s.s. endurminningar e\u00f0a framt\u00ed\u00f0ar\u00e1form"], "credits": 5, "last_modified": 1425296722.937577, "schools": ["512351988caa45ed97015b44"], "coauthors": null, "instructions": "", "continued_education": false, "level": 1, "prerequisites": "FRAN1FB05", "author": "6ea856f5-9f60-4d4f-a95e-aa9dbcc89d01", "abbreviation_version": null, "competence_goals": [["hlusta \u00e1 og fara eftir lei\u00f0beiningum, skilabo\u00f0um og tilkynningum sem tengjast daglegum ath\u00f6fnum og breg\u00f0ast r\u00e9tt vi\u00f0", ""], ["leysa \u00far vi\u00f0fangsefnum einn e\u00f0a \u00ed samstarfi vi\u00f0 a\u00f0ra", ""], ["fylgjast me\u00f0 fr\u00e1s\u00f6gnum og erindum og n\u00e1 a\u00f0alatri\u00f0um um kunnuglegt efni \u00far fj\u00f6l- og myndmi\u00f0lum", ""], ["tileinka s\u00e9r a\u00f0alatri\u00f0in \u00ed fj\u00f6lbreyttum textum og geta dregi\u00f0 \u00e1lyktanir af \u00fev\u00ed sem hann les", ""], ["takast \u00e1 vi\u00f0 tilteknar a\u00f0st\u00e6\u00f0ur \u00ed samskiptum, beita vi\u00f0eigandi m\u00e1l- og samskiptavenjum og halda samtalinu gangandi", ""], ["mi\u00f0la \u00e1 einfaldan h\u00e1tt eigin \u00feekkingu, sko\u00f0unum og tilfinningum sem og pers\u00f3nulegri reynslu, vonum og v\u00e6ntingum", ""], ["\u00fatsk\u00fdra \u00e1kvar\u00f0anir og fyrir\u00e6tlanir og r\u00f6ksty\u00f0ja m\u00e1l sitt \u00e1 einfaldan h\u00e1tt", ""], ["skrifa samfelldan texta um tilteki\u00f0 efni og beita vi\u00f0eigandi m\u00e1lfari", ""], ["hagn\u00fdta \u00feann or\u00f0afor\u00f0a sem \u00e1fanginn byggir \u00e1 \u00ed r\u00e6\u00f0u og riti", ""], ["skipuleggja n\u00e1m \u00ed \u00e1fanganum og n\u00e1msa\u00f0fer\u00f0ir vi\u00f0 h\u00e6fi", ""], ["meta eigi\u00f0 vinnuframlag og framfarir \u00ed m\u00e1linu", ""], ["s\u00fdna aga, metna\u00f0, sj\u00e1lfst\u00e6\u00f0 vinnubr\u00f6g\u00f0, j\u00e1kv\u00e6\u00f0ni og tr\u00fa \u00e1 eigin getu", ""]], "_id": "54f44d5262933a1936002082"}], "title": "Franska"}]}], "date_ministry_approval": null, "competency": {"numbers_and_information": ["nemendur l\u00e6ra a\u00f0 t\u00falka uppl\u00fdsingar og setja \u00fe\u00e6r fram", "nemendur eru \u00fej\u00e1lfa\u00f0ir \u00ed heimildaleit og a\u00f0 vera gagnr\u00fdnir \u00e1 heimildir", "nemendur l\u00e6ra a\u00f0 lesa \u00ed a\u00f0st\u00e6\u00f0ur, samskipti og l\u00ed\u00f0an annarra", "nemendur \u00f6\u00f0last h\u00e6fni \u00ed a\u00f0 tj\u00e1 sig b\u00e6\u00f0i \u00ed r\u00e6\u00f0u og riti", "nemendur l\u00e6ra a\u00f0 vera gagnr\u00fdnir \u00e1 t\u00f6lulegar uppl\u00fdsingar \u00ed fj\u00f6lmi\u00f0lum og fr\u00e6\u00f0igreinum", "nemendur geti sett fram og nota\u00f0 t\u00f6lulegar uppl\u00fdsingar \u00ed r\u00f6ksemdaf\u00e6rslur"], "educational_competence": ["nemendur vinna me\u00f0 styrkleika s\u00edna til \u00feess a\u00f0 byggja upp j\u00e1kv\u00e6\u00f0a sj\u00e1lfsmynd", "nemendur l\u00e6ra a\u00f0 setja s\u00e9r raunh\u00e6f markmi\u00f0 og meta hvort \u00feau hafi n\u00e1\u00f0st", "nemendur eru hvattir til \u00feess a\u00f0 vera gagnr\u00fdnir \u00e1 \u00fea\u00f0 sem \u00feeir eru a\u00f0 gera hverju sinni", "nemendur eru ger\u00f0ir me\u00f0vita\u00f0ir um n\u00e1m sitt \u00ed gegnum kennslua\u00f0fer\u00f0ir og n\u00e1msmat", "nemendur taka \u00e1byrg\u00f0 \u00e1 eigin n\u00e1mi", "nemendur \u00f6\u00f0last f\u00e6rni \u00ed a\u00f0 meta verk s\u00edn og annarra me\u00f0 sj\u00e1lfs- og jafningjamati", "nemendur l\u00e6ra a\u00f0 f\u00e6ra r\u00f6k fyrir m\u00e1li s\u00ednu \u00e1 gagnr\u00fdninn h\u00e1tt", "nemendur f\u00e1 umsagnir um verkefnin s\u00edn \u00fear sem l\u00f6g\u00f0 er \u00e1hersla \u00e1 a\u00f0 veita \u00fev\u00ed athygli sem vel er gert og lei\u00f0beina um hva\u00f0 betur megi fara", "nemendur n\u00fdta umsagnir kennara til \u00feess a\u00f0 betrumb\u00e6ta verkefnin s\u00edn"], "creative_thinking": ["nemendur eru hvattir til a\u00f0 taka frumkv\u00e6\u00f0i \u00ed eigin n\u00e1mi og s\u00fdna \u00edgrundun og gagnr\u00fdna hugsun", "nemendur virkja sk\u00f6punarkraftinn til a\u00f0 s\u00fdna fram \u00e1 n\u00e1ms\u00e1rangur sinn", "nemendur ver\u00f0i me\u00f0vita\u00f0ir um styrkleika s\u00edna og geti n\u00fdtt \u00fe\u00e1 \u00ed vinnu s\u00edna", "nemendum er \u00f6gra\u00f0 til a\u00f0 leita \u00f3l\u00edkra lei\u00f0a vi\u00f0 lausn verkefna"], "sustainability": ["nemendur f\u00e1i kynningu \u00e1 f\u00e9lagsau\u00f0i, mannau\u00f0i og n\u00e1tt\u00faru- og umhverfisau\u00f0i", "nemendur l\u00e6ri a\u00f0 taka gagnr\u00fdna afst\u00f6\u00f0u til \u00feessara \u00fe\u00e1tta og samspils \u00feeirra", "nemendur \u00fej\u00e1lfast \u00ed a\u00f0 taka tillit til annarra og sko\u00f0ana \u00feeirra", "nemendur sko\u00f0a hvernig m\u00e1 b\u00e6ta samf\u00e9lagi\u00f0 og l\u00e1ta gott af s\u00e9r lei\u00f0a"], "foreign_societies": ["nemendur kynnast hinum \u00fdmsu menningarheimum og ver\u00f0a l\u00e6sir \u00e1 \u00f3l\u00edk samf\u00e9l\u00f6g", "nemendur afla s\u00e9r uppl\u00fdsinga \u00e1 tungum\u00e1lunum og t\u00falka \u00fe\u00e6r", "lesa s\u00e9rh\u00e6f\u00f0a fr\u00e6\u00f0itexta \u00e1 ensku \u00ed f\u00e9lags- og hugv\u00edsindagreinum"], "health": ["nemendur geri s\u00e9r grein fyrir hvernig \u00feeir geti stunda\u00f0 heilbrigt l\u00edferni til a\u00f0 auka l\u00edfsg\u00e6\u00f0i s\u00edn", "koma til m\u00f3ts vi\u00f0 \u00fearfir, getu og \u00e1hugasvi\u00f0 nemenda", "nemendur kynnast sj\u00e1lfum s\u00e9r betur", "byggja upp og styrkja j\u00e1kv\u00e6\u00f0a sj\u00e1lfsmynd nemenda", "nemendur kynnast velfer\u00f0 \u00ed samf\u00e9laginu, t.d. hva\u00f0a mynd \u00cdslendingar gefa af s\u00e9r \u00fat \u00e1 vi\u00f0"], "icelandic_society_norms": ["l\u00f6g\u00f0 er \u00e1hersla \u00e1 mi\u00f0lun uppl\u00fdsinga og t\u00falkun", "leggja \u00e1herslu \u00e1 samskipti, g\u00f6gn, umhverfi og a\u00f0st\u00e6\u00f0ur", "nemendur vinna a\u00f0 fj\u00f6lbreyttum verkefnum \u00fear sem \u00feeir kynnast \u00fdmsum hli\u00f0um \u00e1 l\u00e6si", "leggja \u00e1herslu \u00e1 eflingu or\u00f0afor\u00f0a og \u00edslenska hugtakanotkun \u00ed f\u00e9lags- og hugv\u00edsindagreinum", "nemendur \u00fej\u00e1lfast \u00ed vanda\u00f0ri m\u00e1lnotkun \u00ed r\u00e6\u00f0u og riti", "nemendur kynnast b\u00f3kmenntum og menningu fr\u00e1 \u00fdmsum t\u00edmum"], "democracy_and_human_rights": ["mannr\u00e9ttindi eru sko\u00f0u\u00f0 \u00fat fr\u00e1 m\u00f6rgum sj\u00f3narhornum", "nemendur f\u00e1 val um verkefni", "nemendur f\u00e1 val um framsetningarform verkefna", "nemendur \u00f6\u00f0last h\u00e6fni \u00ed samskiptum vi\u00f0 a\u00f0ra \u00ed gegnum h\u00f3pvinnu", "nemendur taka \u00fe\u00e1tt \u00ed sj\u00e1lfs- og jafningjamati", "nemendur \u00fej\u00e1lfast \u00ed a\u00f0 vera virkir \u00fe\u00e1tttakendur \u00ed l\u00fd\u00f0r\u00e6\u00f0issamf\u00e9lagi", "hlusta\u00f0 er \u00e1 sko\u00f0anir nemenda var\u00f0andi \u00fer\u00f3un sk\u00f3lastarfsins"], "equality": ["sko\u00f0a hinar \u00fdmsu tegundir jafnr\u00e9ttis, s.s. kynjajafnr\u00e9tti, kyn\u00fe\u00e1ttajafnr\u00e9tti, jafnan r\u00e9tt fatla\u00f0ra og \u00f3fatla\u00f0ra og jafnan r\u00e9tt allra jar\u00f0arb\u00faa til au\u00f0linda jar\u00f0arinnar", "nemendur taka vi\u00f0horf s\u00edn og samnemenda til sko\u00f0unar me\u00f0 gagnr\u00fdnum h\u00e6tti", "nemendur taka \u00fe\u00e1tt \u00ed gagnr\u00fdnum umr\u00e6\u00f0um um samf\u00e9lag jafnr\u00e6\u00f0is, jafnr\u00e9ttis og r\u00e9ttl\u00e6tis"]}, "user_id": "6ea856f5-9f60-4d4f-a95e-aa9dbcc89d01", "is_ministry_rejected": false, "title": "F\u00e9lags- og hugv\u00edsindabraut (Sta\u00f0festingarn\u00famer 71)", "ministry_serial": "15-71-3-6", "version": "st\u00fadent-132", "status_trans": "Sam\u00feykkt af r\u00e1\u00f0uneyti", "date_last_sent_to_ministry": null, "evaluation": "N\u00e1msmat getur fari\u00f0 fram me\u00f0 mismunandi h\u00e6tti eftir \u00e1kv\u00f6r\u00f0un kennara. Mati\u00f0 er \u00fdmist samsett \u00far s\u00edmati og lokapr\u00f3fi e\u00f0a eing\u00f6ngu s\u00edmati. N\u00e1nari tilh\u00f6gun n\u00e1msmats er \u00ed h\u00f6ndum kennara hverrar faggreinar. \u00cd upphafi hvers sk\u00f3la\u00e1rs skal nemendum kynnt kennslu\u00e1\u00e6tlun og n\u00e1msmarkmi\u00f0 svo og tilh\u00f6gun n\u00e1msmats hvers \u00e1fanga. Nemendum er s\u00e9rstaklega bent \u00e1 a\u00f0 \u00ed sumum \u00e1f\u00f6ngum ver\u00f0a \u00feeir a\u00f0 standast lokapr\u00f3f \u00e1\u00f0ur en s\u00edmatseinkunn er reiknu\u00f0 inn. \u00deetta kemur \u00fe\u00e1 fram \u00e1 n\u00e1ms\u00e1\u00e6tlun.", "status": "approved by ministry", "core": [{"courses": [{"exemplary": null, "topics": "N\u00fat\u00edmab\u00f3kmenntir, lestur og skapandi skrif", "abbreviation": "\u00cdSLE3NS05", "former_schools": null, "subject": "\u00edslenska", "title": "Af\u00fereying, yndislestur og skapandi skrif", "version": 63, "status_trans": "Sam\u00feykkt af sk\u00f3la", "embedded_subject": {"abbreviation": "\u00cdSLE", "topics": [{"abbreviation": "VR", "topics": ["ritun", "vi\u00f0skiptaskj\u00f6l"]}, {"abbreviation": "TM", "topics": ["m\u00e1lskilningur", "tj\u00e1ning"]}, {"abbreviation": "MS", "topics": ["m\u00e1lskilningur", "s\u00e9rdeild"]}, {"abbreviation": "RT", "topics": ["ritun og tj\u00e1ning"]}, {"abbreviation": "LL", "topics": ["leshra\u00f0i", "lesskilningur"]}, {"abbreviation": "MM", "topics": ["m\u00e1lfr\u00e6\u00f0i", "m\u00e1ltilfinning"]}, {"abbreviation": "RG", "topics": ["greinamerkjasetning", "r\u00e9ttritun"]}, {"abbreviation": "SF", "topics": ["fr\u00f3\u00f0leiks\u00f6flun", "samskipti"]}, {"abbreviation": "BK", "topics": ["b\u00f3kmenntir", "kj\u00f6rb\u00f3k"]}, {"abbreviation": "RB", "topics": ["b\u00f3kmenntir", "ritun"]}, {"abbreviation": "BM", "topics": ["b\u00f3kmenntir", "m\u00e1lsaga", "ritun", "tj\u00e1ning"]}, {"abbreviation": "NB", "topics": ["n\u00fat\u00edmab\u00f3kmenntir"]}, {"abbreviation": "BF", "topics": ["b\u00f3kmenntir fyrri alda"]}, {"abbreviation": "SB", "topics": ["menning", "samt\u00edmab\u00f3kmenntir"]}, {"abbreviation": "BB", "topics": ["barnab\u00f3kmenntir"]}, {"abbreviation": "HR", "topics": ["hra\u00f0lestur"]}, {"abbreviation": "YN", "topics": ["yndislestur"]}, {"abbreviation": "ML", "topics": ["leskilningur", "m\u00e1lnotkun", "m\u00e1ltaka", "ritun og tj\u00e1ning"]}, {"abbreviation": "MB", "topics": ["b\u00f3kmenntir og ritun", "m\u00e1lnotkun"]}, {"abbreviation": "MN", "topics": ["b\u00f3kmenntir", "m\u00e1lsaga og nafnasi\u00f0ir"]}, {"abbreviation": "YH", "topics": ["hra\u00f0lestur", "yndislestur"]}, {"abbreviation": "BS", "topics": ["b\u00f3kmenntir s\u00ed\u00f0ari alda"]}, {"abbreviation": "FH", "topics": ["f\u00e9lagsleg m\u00e1lv\u00edsindi", "hlj\u00f3\u00f0fr\u00e6\u00f0i og hlj\u00f3\u00f0kerfisfr\u00e6\u00f0i", "\u00fe\u00fd\u00f0ingar"]}, {"abbreviation": "TB", "topics": ["tj\u00e1skipti barna og fullor\u00f0inna"]}, {"abbreviation": "GL", "topics": ["gl\u00e6pas\u00f6gur"]}, {"abbreviation": "RM", "topics": ["m\u00e1lfr\u00e6\u00f0i", "ritun", "stafsetning"]}, {"abbreviation": "BT", "topics": ["bragfr\u00e6\u00f0i", "setningafr\u00e6\u00f0i", "textar fr\u00e1 \u00fdmsum l\u00f6ndum"]}, {"abbreviation": "MT", "topics": ["m\u00e1lfr\u00e6\u00f0i", "ritun og tj\u00e1ning"]}, {"abbreviation": "BR", "topics": ["b\u00f3kmenntir", "m\u00e1lnotkun", "ritun"]}, {"abbreviation": "MG", "topics": ["b\u00f3kmenntir og ritun", "go\u00f0afr\u00e6\u00f0i", "m\u00e1lsaga"]}, {"abbreviation": "EU", "topics": ["eddukv\u00e6\u00f0i", "uppl\u00fdsing"]}, {"abbreviation": "UK", "topics": ["kreppa", "uppl\u00fdsing"]}, {"abbreviation": "KA", "topics": ["aldam\u00f3t", "kreppa"]}, {"abbreviation": "RN", "topics": ["n\u00fat\u00edmab\u00f3kmenntir", "ritger\u00f0arsm\u00ed\u00f0"]}, {"abbreviation": "KU", "topics": ["kynningarefni", "ums\u00f3knir"]}, {"abbreviation": "RI", "topics": ["ritger\u00f0arsm\u00ed\u00f0", "textar fr\u00e1 \u00fdmsum l\u00f6ndum"]}, {"abbreviation": "BG", "topics": ["b\u00f3kmenntir", "go\u00f0afr\u00e6\u00f0i", "m\u00e1lsaga"]}, {"abbreviation": "FM", "topics": ["fornb\u00f3kmenntir", "m\u00e1lfr\u00e6\u00f0i"]}, {"abbreviation": "BN", "topics": ["b\u00f3kmenntir", "n\u00fat\u00edmi"]}, {"abbreviation": "FO", "topics": ["fornb\u00f3kmenntir"]}, {"abbreviation": "UN", "topics": ["undirb\u00fanings\u00e1fangi \u00ed \u00edslensku"]}, {"abbreviation": "MR", "topics": ["b\u00f3kmenntir", "m\u00e1lnotkun og ritun"]}, {"abbreviation": "ED", "topics": ["eddukv\u00e6\u00f0i og \u00edslendingas\u00f6gur"]}, {"abbreviation": "NJ", "topics": ["fr\u00e1 nj\u00e1lu til n\u00fdr\u00f3mant\u00edkur"]}, {"abbreviation": "\u00d6L", "topics": ["b\u00f3kmenntir \u00e1 20. \u00f6ld"]}, {"abbreviation": "ME", "topics": ["b\u00f3kmenntir"]}, {"abbreviation": "RL", "topics": ["lestur", "ritun og tj\u00e1ning"]}, {"abbreviation": "MI", "topics": ["m\u00e1l og b\u00f3kmenntir fr\u00e1 si\u00f0askiptum til aldam\u00f3tanna 1900"]}, {"abbreviation": "GM", "topics": ["go\u00f0afr\u00e6\u00f0i", "m\u00e1lsaga"]}, {"abbreviation": "GR", "topics": ["grunnur"]}, {"abbreviation": "LR", "topics": ["lestur og ritun"]}, {"abbreviation": "ST", "topics": ["stafsetning"]}, {"abbreviation": "\u00cdS", "topics": ["\u00edslenska"]}, {"abbreviation": "LT", "topics": ["lestur", "m\u00e1lfr\u00e6\u00f0i", "ritun", "stafsetning", "tj\u00e1ning"]}, {"abbreviation": "SR", "topics": ["lestur og tj\u00e1ning", "m\u00e1lfr\u00e6\u00f0i", "ritun", "stafsetning"]}, {"abbreviation": "GO", "topics": ["go\u00f0afr\u00e6\u00f0i", "m\u00e1lnotkun og ritun", "m\u00e1lsaga"]}, {"abbreviation": "NH", "topics": ["b\u00f3kmenntasaga 1900 til samt\u00edmans", "hugtakabeiting", "n\u00fat\u00edmab\u00f3kmenntir"]}, {"abbreviation": "RR", "topics": ["ritger\u00f0asm\u00ed\u00f0", "ritun"]}, {"abbreviation": "LF", "topics": ["b\u00f3kmenntasaga 1550-1900", "l\u00e6rd\u00f3ms\u00f6ld", "rauns\u00e6i"]}, {"abbreviation": "VE", "topics": ["verkefni vali\u00f0 og almenn b\u00f3kmenntafr\u00e6\u00f0i kynnt"]}, {"abbreviation": "MV", "topics": ["m\u00e1lv\u00edsindi"]}, {"abbreviation": "YF", "topics": ["Yndislestur framhald"]}, {"abbreviation": "MH", "topics": ["M\u00e1lsaga og go\u00f0afr\u00e6\u00f0i hra\u00f0fer\u00f0"]}, {"abbreviation": "FF", "topics": ["Fornb\u00f3kmenntir hra\u00f0fer\u00f0"]}, {"abbreviation": "YM", "topics": ["Yndislestur 2"]}, {"abbreviation": "FJ", "topics": ["fj\u00f6lmi\u00f0lal\u00e6si"]}, {"abbreviation": "RV", "topics": ["ritger\u00f0arvinna"]}, {"abbreviation": "LS", "topics": ["- sk\u00e1ldsaga \u00far n\u00fat\u00edma", "lestur og lesskilningur"]}, {"abbreviation": "L\u00cd", "topics": ["lestur og lesskilningur - \u00edslendingas\u00f6gur"]}, {"abbreviation": "LE", "topics": ["lestur og lesskilningur - sk\u00e1lds\u00f6gur 20. aldar"]}, {"abbreviation": "H\u00cd", "topics": ["Hagn\u00fdt \u00edslenska"]}, {"abbreviation": "\u00cdM", "topics": ["\u00edslensk m\u00e1lsaga"]}, {"abbreviation": "KV", "topics": ["b\u00f3kmenntir og kvikmyndir"]}, {"abbreviation": "NG", "topics": ["Norr\u00e6n go\u00f0afr\u00e6\u00f0i"]}, {"abbreviation": "LJ", "topics": ["Lj\u00f3\u00f0"]}, {"abbreviation": "AA", "topics": ["Lestur og ritun"]}, {"abbreviation": "\u00cdC", "topics": ["\u00cdslenska \u00e1 starfsbraut"]}, {"abbreviation": "\u00cdA", "topics": ["\u00cdslenska 1 \u00e1 starfsbraut"]}, {"abbreviation": "\u00cdB", "topics": ["\u00cdslenska 2 \u00e1 starfsbraut"]}, {"abbreviation": "N\u00dd", "topics": ["N\u00fdsk\u00f6pun"]}, {"abbreviation": "AB", "topics": ["B\u00f3kmenntir", "m\u00e1lfr\u00e6\u00f0i og ritun"]}, {"abbreviation": "HI", "topics": ["M\u00e1lnotkun og ritun"]}, {"abbreviation": "TR", "topics": ["M\u00e1lnotun og ritun"]}, {"abbreviation": "TL", "topics": ["L\u00e6si", "ritun", "tj\u00e1ning"]}, {"abbreviation": "OH", "topics": ["hlustun", "or\u00f0afor\u00f0i", "talm\u00e1l og ritun"]}, {"abbreviation": "ES", "topics": ["Eddukv\u00e6\u00f0i til si\u00f0askipta"]}, {"abbreviation": "NA", "topics": ["N\u00fdr\u00f3mant\u00edk til aldam\u00f3ta"]}, {"abbreviation": "SN", "topics": ["Si\u00f0askipti til n\u00fdr\u00f3mant\u00edkur"]}, {"abbreviation": "YL", "topics": ["Yndislestur"]}, {"abbreviation": "SS", "topics": ["Stafsetning"]}, {"abbreviation": "BU", "topics": ["Barna- og unglingab\u00f3kmenntir"]}, {"abbreviation": "SK", "topics": ["sk\u00e1lds\u00f6gur"]}, {"abbreviation": "B\u00d3", "topics": ["B\u00f3kmenntir og tungum\u00e1l fr\u00e1 landn\u00e1mi til si\u00f0askipta"]}, {"abbreviation": "M\u00c1", "topics": ["M\u00e1l- og menningarsaga"]}, {"abbreviation": "NF", "topics": ["N\u00fdsk\u00f6punarferli\u00f0: \u00fe\u00f6rf", "afur\u00f0", "lausn"]}, {"abbreviation": "A\u00cd", "topics": ["Almenn \u00edslenska \u00e1 1 \u00ferepi"]}, {"abbreviation": "AM", "topics": ["almenn m\u00e1lnotkun", "b\u00f3kmenntir", "ritun"]}, {"abbreviation": "RS", "topics": ["Skapandi skrif"]}, {"abbreviation": "SP", "topics": ["Spennus\u00f6gur"]}, {"abbreviation": "\u00cdD", "topics": ["\u00cdslenska \u00e1 starfsbraut 4"]}, {"abbreviation": "\u00cdE", "topics": ["\u00cdslenska 5 \u00e1 starfsbraut"]}, {"abbreviation": "SM", "topics": ["Sk\u00e1lds\u00f6gur"]}, {"abbreviation": "M\u00de", "topics": ["\u00cdSLE"]}, {"abbreviation": "SA", "topics": ["Sk\u00f6pun \u00ed v\u00ed\u00f0u samhengi"]}, {"abbreviation": "SJ", "topics": ["L\u00e6si", "b\u00f3kmenntir", "hugtakaskilningur", "m\u00e1lfr\u00e6\u00f0i", "sj\u00e1lfb\u00e6rni og ritun"]}, {"abbreviation": "LM", "topics": ["L\u00e6si", "l\u00fd\u00f0r\u00e6\u00f0i", "mannr\u00e9ttindi og b\u00f3kmenntir"]}, {"abbreviation": "JR", "topics": ["L\u00e6si", "b\u00f3kmenntir og ritun", "jafnr\u00e9tti"]}, {"abbreviation": "HV", "topics": ["L\u00e6si", "heilbrig\u00f0i", "velfer\u00f0 og b\u00f3kmenntir"]}, {"abbreviation": "DB", "topics": ["Sk\u00f3labla\u00f0"]}, {"abbreviation": "\u00c6F", "topics": ["Go\u00f0s\u00f6gur", "fantas\u00edur", "\u00e6vint\u00fdri"]}, {"abbreviation": "VM", "topics": ["Verkefna\u00e1fangi \u00ed m\u00e1lv\u00edsindum"]}, {"abbreviation": "VB", "topics": ["Verkefna\u00e1fangi \u00ed b\u00f3kmenntum"]}, {"abbreviation": "SW", "topics": ["Stafsetning og ritun"]}, {"abbreviation": "MF", "topics": ["M\u00e1lfr\u00e6\u00f0i"]}, {"abbreviation": "SG", "topics": ["B\u00f3kmenntir", "setningafr\u00e6\u00f0i og go\u00f0afr\u00e6\u00f0i"]}, {"abbreviation": "OF", "topics": ["frambur\u00f0ur", "lestrarf\u00e6rni", "or\u00f0afor\u00f0i"]}, {"abbreviation": "CA", "topics": ["B\u00f3kmenntir fram til 1550"]}, {"abbreviation": "BH", "topics": ["Go\u00f0afr\u00e6\u00f0i", "m\u00e1lsaga og ritger\u00f0asm\u00ed\u00f0"]}, {"abbreviation": "DD", "topics": ["B\u00f3kmenntir og b\u00f3kmenntasaga", "einkum 1550-1900."]}, {"abbreviation": "CH", "topics": ["\u00cdslenska 3. Hra\u00f0fer\u00f0"]}, {"abbreviation": "EE", "topics": ["B\u00f3kmenntir og b\u00f3kmenntasaga eftir 1900."]}, {"abbreviation": "HL", "topics": ["M\u00e1lsaga og hlj\u00f3\u00f0fr\u00e6\u00f0i"]}, {"abbreviation": "CB", "topics": ["heimsb\u00f3kmenntir"]}, {"abbreviation": "AL", "topics": ["Almenn m\u00e1lnotkun og l\u00e6si"]}, {"abbreviation": "GF", "topics": ["Go\u00f0afr\u00e6\u00f0i og fornb\u00f3kmenntir"]}, {"abbreviation": "TE", "topics": ["Ritun og textagreining"]}, {"abbreviation": "MA", "topics": ["Menningararfur \u00ed n\u00fat\u00edmanum"]}, {"abbreviation": "S\u00c1", "topics": ["Skrefa\u00f0", "skrifa\u00f0 og skrafa\u00f0 um n\u00e6rsamf\u00e9lagi\u00f0/\u00e1tthagana."]}, {"abbreviation": "NM", "topics": ["fr\u00e1 n\u00fdr\u00f3mant\u00edk til m\u00f3dernisma"]}, {"abbreviation": "HM", "topics": ["Heimildir og m\u00e1lnotkun"]}, {"abbreviation": "M\u00c6", "topics": ["Menningarl\u00e6si"]}, {"abbreviation": "CK", "topics": ["\u00edslenskar kvikmyndir"]}, {"abbreviation": "CL", "topics": ["Leikh\u00fas og leikb\u00f3kmenntir"]}, {"abbreviation": "DL", "topics": ["Leikh\u00fas og leikb\u00f3kmenntir."]}, {"abbreviation": "CN", "topics": ["\u00derj\u00fa verk Halld\u00f3rs Laxness."]}, {"abbreviation": "HB", "topics": ["B\u00f3kmenntir", "heimildaritger\u00f0", "m\u00e1lsaga"]}, {"abbreviation": "CU", "topics": ["Barnab\u00f3kmenntir."]}, {"abbreviation": "CP", "topics": ["Textager\u00f0 og ritstj\u00f3rn"]}, {"abbreviation": "CY", "topics": ["Yndislestur I"]}, {"abbreviation": "DY", "topics": ["Yndislestur II"]}, {"abbreviation": "RH", "topics": ["\u00darvinnsla heimilda og ritun"]}, {"abbreviation": "B\u00cd", "topics": ["B\u00f3kmenntasaga", "\u00cdslendingasaga og forn kve\u00f0skapur"]}, {"abbreviation": "BL", "topics": ["B\u00f3kmenntasaga", "leikritalestur", "lj\u00f3\u00f0alestur", "n\u00fat\u00edmab\u00f3kmenntir"]}, {"abbreviation": "RF", "topics": ["Ritger\u00f0arskrif", "go\u00f0afr\u00e6\u00f0i og m\u00e1lsaga"]}, {"abbreviation": "KM", "topics": ["b\u00f3kmenntir", "kv\u00e6\u00f0i", "lj\u00f3\u00f0", "m\u00e1lnotkun", "ritun"]}, {"abbreviation": "SL", "topics": ["Ritlist"]}, {"abbreviation": "RO", "topics": ["lestur", "m\u00e1lnotkun", "or\u00f0afor\u00f0i", "ritun"]}, {"abbreviation": "LB", "topics": ["b\u00f3kmenntir", "l\u00e6si", "ritun", "stafsetning"]}, {"abbreviation": "FL", "topics": ["frams\u00f6gn", "lestur", "margv\u00edsleg ritun", "or\u00f0afor\u00f0i"]}, {"abbreviation": "HS", "topics": ["heimildavinna", "m\u00e1lnotkun", "ritun", "setningafr\u00e6\u00f0i"]}, {"abbreviation": "KB", "topics": ["b\u00f3kmenntasaga", "heimildavinna", "kynningar", "valdir b\u00f3kmenntatextar"]}, {"abbreviation": "VT", "topics": ["b\u00f3kmenntasaga", "stefnur \u00ed listum og menningu", "valdir b\u00f3kmenntatextar"]}, {"abbreviation": "KF", "topics": ["fr\u00e6\u00f0ileg umfj\u00f6llun", "kvikmyndafr\u00e6\u00f0i", "kvikmyndal\u00e6si", "samf\u00e9lagsr\u00fdni"]}, {"abbreviation": "UM", "topics": ["m\u00e1lfr\u00e6\u00f0i", "or\u00f0afor\u00f0i", "uppruni m\u00e1la", "\u00edslensk m\u00e1lsaga"]}, {"abbreviation": "\u00deH", "topics": ["\u00fej\u00f3\u00f0h\u00e1ttafr\u00e6\u00f0i", "\u00fej\u00f3\u00f0l\u00edfsfr\u00e6\u00f0i", "\u00fej\u00f3\u00f0sagnafr\u00e6\u00f0i og hversdagsmenning"]}, {"abbreviation": "FS", "topics": ["lestur fagurb\u00f3kmennta", "skapandi skrif", "t\u00falkunarm\u00f6guleikar"]}, {"abbreviation": "KS", "topics": ["mi\u00f0aldab\u00f3kmenntir (kv\u00e6\u00f0i og s\u00f6gur)", "\u00e1hrif \u00feeirra \u00e1 n\u00fat\u00edmaverk"]}, {"abbreviation": "TS", "topics": ["m\u00e1lfar", "samf\u00e9lag", "tj\u00e1skipti", "tungum\u00e1l"]}, {"abbreviation": "\u00c1\u00d6", "topics": ["\u00c1stir og \u00f6rl\u00f6g \u00ed b\u00f3kmenntum fyrri alda"]}, {"abbreviation": "LH", "topics": ["Leikh\u00fas", "leiklist og leikb\u00f3kmenntir"]}, {"abbreviation": "DE", "topics": ["Delludagar", "Lestur og ritun"]}, {"abbreviation": "FV", "topics": ["Frumverk", "Lestur og ritun"]}, {"abbreviation": "A\u00de", "topics": ["Af\u00fereyingarb\u00f3kmenntir"]}, {"abbreviation": "B\u00de", "topics": ["\u00dej\u00f3\u00f0ararfurinn og tenging hans vi\u00f0 n\u00fat\u00edmann"]}, {"abbreviation": "OS", "topics": ["Or\u00f0spor"]}, {"abbreviation": "UT", "topics": ["Munnleg tj\u00e1ning"]}, {"abbreviation": "V\u00cd", "topics": ["V\u00edkingar og menning \u00feeirra"]}, {"abbreviation": "LX", "topics": ["Halld\u00f3r Laxness"]}, {"abbreviation": "ON", "topics": ["Beyginar", "frambur\u00f0ur", "setningaskipan og or\u00f0afor\u00f0i n\u00fat\u00edmam\u00e1ls"]}, {"abbreviation": "GE", "topics": ["B\u00f3kmenntagreining", "eddukv\u00e6\u00f0i og ritun.", "go\u00f0afr\u00e6\u00f0i"]}, {"abbreviation": "BA", "topics": ["B\u00f3kmenntir s\u00ed\u00f0ari alda"]}, {"abbreviation": "F\u00c9", "topics": ["F\u00e9lagsleg m\u00e1lv\u00edsindi"]}, {"abbreviation": "\u00cdR", "topics": ["mi\u00f0aldab\u00f3kmenntir", "r\u00f3mant\u00edk og ritun", "\u00cdslendingasaga"]}, {"abbreviation": "RD", "topics": ["Rauns\u00e6i", "b\u00f3kmenntasaga 20. aldar og 21. aldar."]}, {"abbreviation": "LG", "topics": ["Lestur g\u00f3\u00f0ra b\u00f3ka"]}, {"abbreviation": "NS", "topics": ["N\u00fat\u00edmab\u00f3kmenntir", "lestur og skapandi skrif"]}], "_id": "50c0a02dd8e40575f7f6f4a2", "subjects": ["\u00edslenska"], "counter": {"1": 47, "3": 60, "2": 44, "4": 2}}, "evaluation": "N\u00e1msmat er \u00fatf\u00e6rt \u00ed kennslu\u00e1\u00e6tlun.", "categorization_suggestion": "", "embedded_topics": {"abbreviation": "NS", "topics": ["N\u00fat\u00edmab\u00f3kmenntir", "lestur og skapandi skrif"]}, "status": "approved by school", "description": "\u00cd \u00e1fanganum er l\u00f6g\u00f0 \u00e1hersla af\u00fereyingarb\u00f3kmenntir, barnab\u00e6kur og a\u00f0rar b\u00f3kmenntagreinar sem l\u00edti\u00f0 hefur veri\u00f0 fjalla\u00f0 um \u00ed \u00f6\u00f0rum \u00e1f\u00f6ngum. Nemendur lesa kj\u00f6rb\u00f3k og mismunandi textar eru rannsaka\u00f0ir. \u00c1fram eru nemendur \u00fej\u00e1lfa\u00f0ir \u00ed ritun og lestri og unni\u00f0 er me\u00f0 skapandi skrif.", "knowledge_goals": ["mismunandi b\u00f3kmenntategundum s\u00ed\u00f0ari alda", "helstu einkennum \u00edslensks m\u00e1ls sem n\u00fdtist \u00ed r\u00e6\u00f0u og riti", "or\u00f0afor\u00f0a sem n\u00e6gir til a\u00f0 lesa helstu verk \u00edslenskrar b\u00f3kmenntas\u00f6gu"], "skills_goals": ["beita b\u00f3kmenntahugt\u00f6kum", "lesa texta fr\u00e1 \u00fdmsum t\u00edmabilum", "skrifa sk\u00fdran, vel uppbygg\u00f0an texta \u00e1 v\u00f6ndu\u00f0u m\u00e1li me\u00f0 fj\u00f6lbreyttum or\u00f0afor\u00f0a", "beita inns\u00e6i og \u00edmyndunarafli \u00ed r\u00e6\u00f0u og riti", "skilja og nota vi\u00f0eigandi m\u00e1lsni\u00f0, st\u00edlbr\u00f6g\u00f0 og menningarlegar v\u00edsanir \u00ed tal- og ritm\u00e1li", "n\u00fdta sk\u00f6punarg\u00e1fu og s\u00fdna sj\u00e1lfst\u00e6\u00f0i vi\u00f0 \u00farvinnslu verkefna", "lesa s\u00e9r til gagns og gamans \u00fdmsar ger\u00f0ir rita\u00f0s m\u00e1ls"], "credits": 5, "last_modified": 1426066032.602269, "schools": ["512351988caa45ed97015b44"], "coauthors": null, "instructions": "", "continued_education": false, "level": 3, "prerequisites": "\u00cdSLE3RD05", "author": "6ea856f5-9f60-4d4f-a95e-aa9dbcc89d01", "abbreviation_version": null, "competence_goals": [["vera gagnr\u00fdninn \u00ed hugsun og hafa l\u00fd\u00f0r\u00e6\u00f0i, mannr\u00e9ttindi og jafnr\u00e9tti a\u00f0 lei\u00f0arlj\u00f3si", ""], ["\u00feroska b\u00f3kmenntasmekk sinn og lesa s\u00e9r til \u00e1n\u00e6gju", ""], ["\u00e1tta sig \u00e1 tilgangi og afst\u00f6\u00f0u textah\u00f6fundar og t\u00falka d\u00fdpri merkingu texta", ""], ["skilja menningu \u00f3l\u00edkra t\u00edma", ""], ["r\u00f6kr\u00e6\u00f0a b\u00f3kmenntaverk, t.d. si\u00f0fer\u00f0ileg \u00e1litam\u00e1l", ""], ["\u00e1tta sig \u00e1 samf\u00e9lagslegri sk\u00edrskotun og n\u00e1 duldum bo\u00f0skap og hugmyndum", ""], ["skrifa sk\u00fdran og vel uppbygg\u00f0an texta og geta vali\u00f0 ritst\u00edl eftir a\u00f0st\u00e6\u00f0um", ""]], "_id": "55000a7062933a4692000f7e"}, {"exemplary": null, "topics": "Akadem\u00edskur or\u00f0afor\u00f0i \u00e1 ensku og klass\u00edskar b\u00f3kmenntir", "abbreviation": "ENSK2AO05", "former_schools": null, "subject": "enska", "title": "Akadem\u00edskur or\u00f0afor\u00f0i og b\u00f3kmenntir", "version": 44, "status_trans": "Sam\u00feykkt af sk\u00f3la", "embedded_subject": {"abbreviation": "ENSK", "topics": [{"abbreviation": "GS", "topics": ["grunnatri\u00f0i", "samt\u00f6l"]}, {"abbreviation": "OO", "topics": ["or\u00f0ab\u00f3k", "or\u00f0afor\u00f0i"]}, {"abbreviation": "MM", "topics": ["myndas\u00f6gur", "myndb\u00f6nd"]}, {"abbreviation": "TL", "topics": ["lagatextar", "t\u00f3nlist"]}, {"abbreviation": "FR", "topics": ["ferilsverkefni", "ritunarverkefni"]}, {"abbreviation": "TS", "topics": ["myndm\u00e1l", "ritger\u00f0", "st\u00edlar", "textar"]}, {"abbreviation": "RH", "topics": ["hlustun", "m\u00e1lnotkun", "undirst\u00f6\u00f0uatri\u00f0i \u00ed ritun"]}, {"abbreviation": "SM", "topics": ["m\u00fas\u00edk og myndir 1950-70", "s\u00f6gur"]}, {"abbreviation": "BR", "topics": ["bretland"]}, {"abbreviation": "K\u00c1", "topics": ["kanada", "\u00e1stral\u00eda og n\u00fdja sj\u00e1land"]}, {"abbreviation": "SB", "topics": ["shakespeare og 19. \u00f6ldin \u00ed b\u00f3kmenntum"]}, {"abbreviation": "B\u00d3", "topics": ["b\u00f3kmenntir 20. aldar"]}, {"abbreviation": "KV", "topics": ["kvikmynda\u00e1fangi"]}, {"abbreviation": "AB", "topics": ["afr\u00edsk-amer\u00edskar b\u00f3kmenntir"]}, {"abbreviation": "U\u00c1", "topics": ["undirb\u00faningur", "\u00e1fangi"]}, {"abbreviation": "MT", "topics": ["m\u00e1lfr\u00e6\u00f0i", "tj\u00e1ning"]}, {"abbreviation": "MS", "topics": ["menning", "skapandi skrif"]}, {"abbreviation": "KR", "topics": ["kvikmyndir", "ritun"]}, {"abbreviation": "HR", "topics": ["heimildavinna", "ritger\u00f0ir"]}, {"abbreviation": "FF", "topics": ["fagm\u00e1l", "f\u00e9lagsv\u00edsinda"]}, {"abbreviation": "VE", "topics": ["enska", "vi\u00f0skipta"]}, {"abbreviation": "RE", "topics": ["enska", "raungreinar"]}, {"abbreviation": "BM", "topics": ["b\u00f3kmenntir", "m\u00e1lsaga"]}, {"abbreviation": "LB", "topics": ["b\u00f3kmenntir", "leik"]}, {"abbreviation": "UP", "topics": ["pr\u00f3f", "undirb\u00faningur"]}, {"abbreviation": "EN", "topics": ["enska fyrir fer\u00f0agreinar"]}, {"abbreviation": "FE", "topics": ["enska fyrir fer\u00f0a\u00fej\u00f3nustu"]}, {"abbreviation": "ST", "topics": ["evr\u00f3pski tungum\u00e1laramminn", "stig b1-b2"]}, {"abbreviation": "SE", "topics": ["evr\u00f3pski tungum\u00e1laramminn", "stig b2"]}, {"abbreviation": "ES", "topics": ["evr\u00f3pski tungum\u00e1laramminn", "stig b2-c1"]}, {"abbreviation": "EV", "topics": ["evr\u00f3pski tungum\u00e1laramminn", "stig c1"]}, {"abbreviation": "BF", "topics": ["b2", "evr\u00f3pski tungum\u00e1laramminn", "fer\u00f0a\u00fej\u00f3nuta"]}, {"abbreviation": "FH", "topics": ["evr\u00f3pski tungum\u00e1laramminn", "framhald", "stig c1"]}, {"abbreviation": "GR", "topics": ["grunn\u00e1fangi"]}, {"abbreviation": "FG", "topics": ["enska fyrir matv\u00e6lagreinar"]}, {"abbreviation": "LS", "topics": ["lestur", "m\u00e1lfr\u00e6\u00f0i", "or\u00f0afor\u00f0i", "skilningur"]}, {"abbreviation": "LT", "topics": ["lestur", "or\u00f0afor\u00f0i", "talm\u00e1l"]}, {"abbreviation": "BL", "topics": ["b\u00f3kmenntir", "lesskilningur", "ritun"]}, {"abbreviation": "BS", "topics": ["b\u00f3kmenntir", "menning", "saga"]}, {"abbreviation": "HA", "topics": ["hagn\u00fdtur or\u00f0afor\u00f0i. l\u00e6si \u00e1 fl\u00f3knari texta."]}, {"abbreviation": "OF", "topics": ["grunnor\u00f0afor\u00f0i fr\u00e6\u00f0a og v\u00edsinda.. menningarheimur nor\u00f0ur amer\u00edku"]}, {"abbreviation": "UN", "topics": ["undirb\u00fanings\u00e1fangi \u00ed ensku"]}, {"abbreviation": "LM", "topics": ["lestur og menning", "tj\u00e1ning"]}, {"abbreviation": "TM", "topics": ["menning", "tj\u00e1ning og skapandi skrif"]}, {"abbreviation": "MB", "topics": ["b\u00f3kmenntir", "menning og ritun"]}, {"abbreviation": "EX", "topics": ["extensive vocabulary and expression"]}, {"abbreviation": "ML", "topics": ["m\u00e1lnotkun og l\u00e6si"]}, {"abbreviation": "AA", "topics": ["akadem\u00edskur or\u00f0afor\u00f0i", "fj\u00f6lbreyttir textar", "fyrsti \u00e1fangi \u00ed ensku."]}, {"abbreviation": "YN", "topics": ["yndislestur"]}, {"abbreviation": "BB", "topics": ["akadem\u00edskur or\u00f0afor\u00f0i", "annar \u00e1fangi \u00ed ensku.", "fj\u00f6lbreyttir textar"]}, {"abbreviation": "FA", "topics": ["fagor\u00f0afor\u00f0i"]}, {"abbreviation": "AH", "topics": ["akadem\u00edskur or\u00f0afor\u00f0i", "fj\u00f6lbreyttir textar. hra\u00f0fer\u00f0 \u00ed ensku."]}, {"abbreviation": "BH", "topics": ["akadem\u00edskur or\u00f0afor\u00f0i", "fj\u00f6lbreyttir textar. \u00f6nnur hra\u00f0fer\u00f0 \u00ed ensku."]}, {"abbreviation": "EE", "topics": ["b\u00f3kmenntir", "fj\u00f6lmi\u00f0latextar."]}, {"abbreviation": "LR", "topics": ["lestur", "ritun", "tj\u00e1ning og hlustun"]}, {"abbreviation": "DD", "topics": ["b\u00f3kmenntir"]}, {"abbreviation": "M\u00c1", "topics": ["m\u00e1lfr\u00e6\u00f0i a"]}, {"abbreviation": "CC", "topics": ["b\u00f3kmenntir", "krefjandi or\u00f0afor\u00f0i", "ritun"]}, {"abbreviation": "CH", "topics": ["krefjandi or\u00f0afor\u00f0i"]}, {"abbreviation": "L\u00c9", "topics": ["l\u00e9ttlestur"]}, {"abbreviation": "OH", "topics": ["hlustun", "or\u00f0afor\u00f0i", "talm\u00e1l og ritun"]}, {"abbreviation": "LO", "topics": ["lesskilningur", "m\u00e1lfr\u00e6\u00f0i", "or\u00f0afor\u00f0i"]}, {"abbreviation": "MO", "topics": ["m\u00e1lfr\u00e6\u00f0i", "or\u00f0afor\u00f0i", "stig b1 \u00ed evr\u00f3pska tungum\u00e1larammanum"]}, {"abbreviation": "OB", "topics": ["b\u00f3kmenntir", "or\u00f0afor\u00f0i", "stig b2 \u00ed evr\u00f3pska tungum\u00e1larammanum"]}, {"abbreviation": "RB", "topics": ["b\u00f3kmenntir", "ritun"]}, {"abbreviation": "RL", "topics": ["lestur", "m\u00e1lfr\u00e6\u00f0i", "ritun og or\u00f0afor\u00f0i"]}, {"abbreviation": "SG", "topics": ["Lestur", "m\u00e1lfr\u00e6\u00f0i", "or\u00f0afor\u00f0i", "ritun", "tal"]}, {"abbreviation": "RM", "topics": ["Ritun", "b\u00f3kmenntir", "m\u00e1lnotkun"]}, {"abbreviation": "RO", "topics": ["Ritun", "b\u00f3kmenntir", "menning", "or\u00f0afor\u00f0i"]}, {"abbreviation": "SR", "topics": ["Menning", "akadem\u00edskur or\u00f0afor\u00f0i", "ritun", "saga"]}, {"abbreviation": "AE", "topics": ["Almenn akadem\u00edsk enska", "b\u00f3kmenntir", "ritun"]}, {"abbreviation": "SA", "topics": ["S\u00e9rh\u00e6f\u00f0 akadem\u00edsk enska", "b\u00f3kmenntir", "ritun"]}, {"abbreviation": "VR", "topics": ["V\u00edsindaor\u00f0afor\u00f0i", "raungreinar"]}, {"abbreviation": "VH", "topics": ["Vi\u00f0skipti", "erlend samskipti og vi\u00f0skiptah\u00e6ttir"]}, {"abbreviation": "AK", "topics": ["Kennsla", "a\u00f0sto\u00f0 vi\u00f0 nemendur", "ger\u00f0 kennsluefnis"]}, {"abbreviation": "DF", "topics": ["Kvikmyndir. Film Course."]}, {"abbreviation": "SK", "topics": ["enska fyrir fer\u00f0a\u00fej\u00f3nustu", "skapandi skrif"]}, {"abbreviation": "FT", "topics": ["lestur fr\u00e6\u00f0ilegra texta"]}, {"abbreviation": "VT", "topics": ["Lestur enskra vi\u00f0skiptatexta"]}, {"abbreviation": "RT", "topics": ["Lestur enskra raunv\u00edsindatexta"]}, {"abbreviation": "\u00cdT", "topics": ["Lestur \u00ed\u00fer\u00f3ttafr\u00e6\u00f0ilegra texta"]}, {"abbreviation": "TO", "topics": ["Tolkien"]}, {"abbreviation": "RI", "topics": ["Ritun"]}, {"abbreviation": "HL", "topics": ["Hlustun"]}, {"abbreviation": "UE", "topics": ["Undirb\u00fanings\u00e1fangi \u00ed ensku"]}, {"abbreviation": "UH", "topics": ["Undirb\u00faningur fyrir h\u00e1sk\u00f3lan\u00e1m"]}, {"abbreviation": "TJ", "topics": ["Tj\u00e1ning"]}, {"abbreviation": "OM", "topics": ["Or\u00f0afor\u00f0i", "m\u00e1lfr\u00e6\u00f0i", "m\u00e1lnotkun"]}, {"abbreviation": "TF", "topics": ["tj\u00e1ning og m\u00e1lnotkun"]}, {"abbreviation": "AM", "topics": ["Fr\u00e6\u00f0ilegur or\u00f0afor\u00f0i og Bandar\u00edkin"]}, {"abbreviation": "UK", "topics": ["Fr\u00e6\u00f0ilegur or\u00f0afor\u00f0i og Bretland"]}, {"abbreviation": "AC", "topics": ["Akadem\u00edskur or\u00f0afor\u00f0i og rauntextar"]}, {"abbreviation": "SL", "topics": ["Lestur", "menning og skrif"]}, {"abbreviation": "KK", "topics": ["Kvikmyndir og kynning"]}, {"abbreviation": "BA", "topics": ["L\u00fdsing: B\u00f3kmenntir 19. og 20.", "skrif og r\u00e6\u00f0uger\u00f0"]}, {"abbreviation": "OT", "topics": ["Or\u00f0afor\u00f0i", "ritun", "tj\u00e1ning"]}, {"abbreviation": "VM", "topics": ["V\u00edsindi og menning"]}, {"abbreviation": "BT", "topics": ["Bandar\u00edskt \u00fej\u00f3\u00f0f\u00e9lag og menning"]}, {"abbreviation": "MR", "topics": ["M\u00e1lfr\u00e6\u00f0i og ritun"]}, {"abbreviation": "LH", "topics": ["L\u00e6si \u00e1 fl\u00f3knari texta", "hagn\u00fdtur fj\u00f6lbreyttur or\u00f0afor\u00f0i"]}, {"abbreviation": "KB", "topics": ["Kvikmyndir", "b\u00f3kmenntir"]}, {"abbreviation": "OL", "topics": ["Lestur", "Menning", "M\u00e1lfr\u00e6\u00f0i", "Or\u00f0afor\u00f0i", "Ritun", "Tal"]}, {"abbreviation": "CL", "topics": ["Chic Literature and Women in Today\u2018s Society"]}, {"abbreviation": "CW", "topics": ["Creative Writing"]}, {"abbreviation": "OR", "topics": ["B\u00f3kmenntir (fj\u00f6lbreyttir textar)", "menning", "or\u00f0afor\u00f0i", "ranns\u00f3knir og ritun"]}, {"abbreviation": "OG", "topics": ["B\u00f3kmenntir", "lj\u00f3\u00f0agreining", "or\u00f0afor\u00f0i", "ritger\u00f0asm\u00ed\u00f0i og heimildavinna"]}, {"abbreviation": "BY", "topics": ["Lestur", "m\u00e1lfr\u00e6\u00f0i og m\u00e1lnotkun (byrjunar\u00e1fangi \u00ed ensku)", "ritun"]}, {"abbreviation": "DM", "topics": ["Enska Daglegt m\u00e1l"]}, {"abbreviation": "B\u00c1", "topics": ["b\u00f3kmenntir", "ritun", "tj\u00e1ning"]}, {"abbreviation": "HE", "topics": ["Hagn\u00fdt enska", "starfsbraut"]}, {"abbreviation": "RR", "topics": ["Enska \u00ed r\u00e6\u00f0u og riti"]}, {"abbreviation": "HO", "topics": ["Hagn\u00fdtur or\u00f0afor\u00f0i", "c1"]}, {"abbreviation": "FO", "topics": ["Fagor\u00f0afor\u00f0i og fer\u00f0am\u00e1l"]}, {"abbreviation": "EG", "topics": ["Enska 2 \u00e1 starfsbraut"]}, {"abbreviation": "SO", "topics": ["s\u00e9rh\u00e6f\u00f0ur or\u00f0afor\u00f0i"]}, {"abbreviation": "TR", "topics": ["Tj\u00e1ning", "or\u00f0afor\u00f0i", "ritun"]}, {"abbreviation": "\u00deS", "topics": ["\u00dej\u00f3nustust\u00f6rf"]}, {"abbreviation": "SF", "topics": ["Sagnfr\u00e6\u00f0i"]}, {"abbreviation": "T\u00d6", "topics": ["T\u00f6lvuleikir"]}, {"abbreviation": "JM", "topics": ["Fr\u00e1 hugmynd til \u00fatg\u00e1fu"]}, {"abbreviation": "MH", "topics": ["S\u00e9rh\u00e6f\u00f0 enska \u00ed myndlist og h\u00f6nnun"]}, {"abbreviation": "BO", "topics": ["B\u00f3kmenntir", "m\u00e1lfr\u00e6\u00f0i", "or\u00f0afor\u00f0i"]}, {"abbreviation": "VO", "topics": ["V\u00edsindatengdur or\u00f0afor\u00f0i"]}, {"abbreviation": "MV", "topics": ["M\u00e1lnotkun", "b\u00f3kmenntir", "vi\u00f0skipti"]}, {"abbreviation": "SV", "topics": ["m\u00e1lnotkun", "samf\u00e9lag", "vi\u00f0skipti"]}, {"abbreviation": "VI", "topics": ["m\u00e1lskilningur", "ritun", "vi\u00f0skiptaenska"]}, {"abbreviation": "EM", "topics": ["bresk menning", "b\u00f3kmenntir", "m\u00e1l"]}, {"abbreviation": "NV", "topics": ["v\u00edsindaenska"]}, {"abbreviation": "YL", "topics": ["Yndislestur"]}, {"abbreviation": "EH", "topics": ["Enska fyrir heilbrig\u00f0isgreinar"]}, {"abbreviation": "DK", "topics": ["ENSKA"]}, {"abbreviation": "DG", "topics": ["Enskar myndas\u00f6gur"]}, {"abbreviation": "DV", "topics": ["or\u00f0afor\u00f0i"]}, {"abbreviation": "DY", "topics": ["Yndislestur \u00ed ensku"]}, {"abbreviation": "EY", "topics": ["Yndislestur 2 \u00e1 ensku"]}, {"abbreviation": "HB", "topics": ["B\u00f3kmenntir og fr\u00e6\u00f0ilegir textar \u00ed hugv\u00edsindum"]}, {"abbreviation": "MK", "topics": ["b\u00f3kmenntir", "kvikmyndir", "menning", "m\u00e1lnotkun"]}, {"abbreviation": "VG", "topics": ["gagnr\u00fdnin hugsun", "or\u00f0afor\u00f0i v\u00edsinda", "ritun", "tj\u00e1ning"]}, {"abbreviation": "TT", "topics": ["m\u00e1lnotkun \u00ed t\u00e6knigreinum", "or\u00f0afor\u00f0i", "tala\u00f0 m\u00e1l"]}, {"abbreviation": "SS", "topics": ["Shakespeare", "kvikmyndir", "ritun", "sk\u00e1lds\u00f6gur"]}, {"abbreviation": "FV", "topics": ["Fagm\u00e1l", "b\u00f3kmenntir", "f\u00e9lagsv\u00edsindi", "ritun"]}, {"abbreviation": "VV", "topics": ["fagm\u00e1l", "hagfr\u00e6\u00f0i", "verslun", "vi\u00f0skipti"]}, {"abbreviation": "TB", "topics": ["Tolkien", "b\u00f3kmenntir", "fantas\u00eda"]}, {"abbreviation": "LG", "topics": ["Lestur", "ritun og tj\u00e1ning"]}, {"abbreviation": "SH", "topics": ["Shakespeare"]}, {"abbreviation": "BK", "topics": ["b\u00f3kmenntir og menning"]}, {"abbreviation": "VF", "topics": ["fr\u00e6\u00f0i og fagm\u00e1l", "v\u00edsindi"]}, {"abbreviation": "AO", "topics": ["Akadem\u00edskur or\u00f0afor\u00f0i \u00e1 ensku og klass\u00edskar b\u00f3kmenntir"]}], "_id": "50c0a02dd8e40575f7f6f488", "subjects": ["enska"], "counter": {"1": 25, "3": 36, "2": 38, "4": 1}}, "evaluation": "N\u00e1msmat er \u00fatf\u00e6rt \u00ed kennslu\u00e1\u00e6tlun \u00ed samr\u00e6mi vi\u00f0 sk\u00f3lan\u00e1mskr\u00e1", "categorization_suggestion": "", "embedded_topics": {"abbreviation": "AO", "topics": ["Akadem\u00edskur or\u00f0afor\u00f0i \u00e1 ensku og klass\u00edskar b\u00f3kmenntir"]}, "status": "approved by school", "description": "Markmi\u00f0 \u00e1fangans er a\u00f0 efla menningarvitund nemenda me\u00f0 \u00fev\u00ed a\u00f0 \u00fej\u00e1lfa \u00fe\u00e1 \u00ed a\u00f0 tj\u00e1 sig um eigin samf\u00e9lag og menningarheim \u00e1 ensku. Lesin eru klass\u00edsk b\u00f3kmenntaverk \u00e1 enskri tungu og nemendur \u00fej\u00e1lfa\u00f0ir \u00ed a\u00f0 r\u00fdna \u00ed b\u00f3kmenntatexta og r\u00e6\u00f0a umfj\u00f6llunarefni verkanna \u00fat fr\u00e1 eigin reynslu og skilningi.  Einnig er \u00fea\u00f0 markmi\u00f0 \u00e1fangans a\u00f0 nemendur b\u00e6ti markvisst vi\u00f0 or\u00f0afor\u00f0a sinn, me\u00f0 \u00e1herslu \u00e1 akadem\u00edskan or\u00f0afor\u00f0a og \u00f6\u00f0list \u00fear a\u00f0 auki d\u00fdpri skilning \u00e1 fl\u00f3knari m\u00e1lfr\u00e6\u00f0i enskrar tungu. Fari\u00f0 er yfir grundvallaratri\u00f0i \u00ed ritun texta af \u00fdmsum toga og nemendur \u00e6fa sig \u00ed n\u00fdtingu \u00feeirra me\u00f0 hli\u00f0sj\u00f3n af or\u00f0afor\u00f0anum sem fari\u00f0 er yfir \u00ed \u00e1fanganum.", "knowledge_goals": ["or\u00f0afor\u00f0a sem tengist eigin samf\u00e9lagi og menningu og \u00feeim menningarheimum \u00fear sem enska er t\u00f6lu\u00f0", "fl\u00f3knari m\u00e1lfr\u00e6\u00f0i enskrar tungu", "uppbyggingu mismunandi texta s.s. bla\u00f0agreina, fr\u00e6\u00f0igreina, b\u00f3kmenntatexta o.fl.", "\u00feekkingu sem n\u00fdtist til undirb\u00fanings fyrir frekara n\u00e1m", "or\u00f0afor\u00f0a til a\u00f0 geta tj\u00e1\u00f0 sig \u00e1 erlendum tungum\u00e1lum \u00ed tengslum vi\u00f0 s\u00e9r\u00feekkingu eftir \u00fev\u00ed sem h\u00fan krefst \u00feess"], "skills_goals": ["tj\u00e1 sig um sitt eigi\u00f0 umhverfi og menningu \u00e1 ensku", "beita fl\u00f3knari m\u00e1lfr\u00e6\u00f0ireglum \u00ed r\u00e6\u00f0u og riti", "t\u00falka me\u00f0 eigin or\u00f0um \u00e1 ensku efni fr\u00e1 mismunandi mi\u00f0lum", "tj\u00e1 sig \u00ed r\u00e6\u00f0u og riti um margv\u00edsleg m\u00e1l fr\u00e1 eigin brj\u00f3sti", "skrifa margskonar texta s.s. greinager\u00f0ir, ritger\u00f0ir, \u00fardr\u00e6tti, dagb\u00f3kaf\u00e6rslur, bloggf\u00e6rslur o.fl., \u00fear sem ritreglur eru virtar", "tj\u00e1 sig \u00e1 sk\u00fdran, \u00e1byrgan og skapandi h\u00e1tt um s\u00e9rh\u00e6f\u00f0a \u00feekkingu s\u00edna", "s\u00fdna frumkv\u00e6\u00f0i og sj\u00e1lfst\u00e6\u00f0i \u00ed grunnvinnubr\u00f6g\u00f0um", "taka \u00fe\u00e1tt \u00ed samr\u00e6\u00f0um um vi\u00f0fangsefni \u00e1fangans og hug\u00f0arefni s\u00edn"], "credits": 5, "last_modified": 1425289124.962352, "schools": ["512351988caa45ed97015b44"], "coauthors": null, "instructions": "", "continued_education": false, "level": 2, "prerequisites": "ENSK2OM05", "author": "6ea856f5-9f60-4d4f-a95e-aa9dbcc89d01", "abbreviation_version": null, "competence_goals": [["tj\u00e1 sig \u00ed r\u00e6\u00f0u og riti um vi\u00f0fangsefni sem tengjast eigin s\u00f6gu og menningu beita m\u00e1lfr\u00e6\u00f0i\u00feekkingu \u00e1fangans b\u00e6\u00f0i munnlega og skriflega", ""], ["gera s\u00e9r grein fyrir sko\u00f0un og afst\u00f6\u00f0u h\u00f6funda margv\u00edslegra texta og geta tj\u00e1\u00f0 sig um hana b\u00e6\u00f0i munnlega og skriflega", ""], ["lesa milli l\u00ednanna og \u00e1tta sig \u00e1 d\u00fdpri merkingu \u00ed texta", ""], ["taka \u00fe\u00e1tt \u00ed sko\u00f0anaskiptum \u00e1 ensku og geta \u00fatsk\u00fdrt sj\u00f3narmi\u00f0 var\u00f0andi efni sem er ofarlega \u00e1 baugi", ""], ["f\u00e6ra r\u00f6k fyrir m\u00e1li s\u00ednu og svara gagnr\u00f6kum, b\u00e6\u00f0i \u00ed r\u00e6\u00f0u og riti t\u00falka og endursegja fj\u00f6lbreytta \u00edslenska texta \u00e1 ensku", ""], ["tengja \u00feekkingu s\u00edna og leikni vi\u00f0 \u00fea\u00f0 umhverfi og menningarheim sem hann b\u00fdr vi\u00f0", ""]], "_id": "54f42fa462933a1936001fdc"}, {"exemplary": null, "topics": "B\u00f3kmenntagreining, eddukv\u00e6\u00f0i og ritun., go\u00f0afr\u00e6\u00f0i", "abbreviation": "\u00cdSLE2GE05", "former_schools": null, "subject": "\u00edslenska", "title": "B\u00f3kmenntir, go\u00f0afr\u00e6\u00f0i og eddukv\u00e6\u00f0i", "version": 46, "status_trans": "Sam\u00feykkt af sk\u00f3la", "embedded_subject": {"abbreviation": "\u00cdSLE", "topics": [{"abbreviation": "VR", "topics": ["ritun", "vi\u00f0skiptaskj\u00f6l"]}, {"abbreviation": "TM", "topics": ["m\u00e1lskilningur", "tj\u00e1ning"]}, {"abbreviation": "MS", "topics": ["m\u00e1lskilningur", "s\u00e9rdeild"]}, {"abbreviation": "RT", "topics": ["ritun og tj\u00e1ning"]}, {"abbreviation": "LL", "topics": ["leshra\u00f0i", "lesskilningur"]}, {"abbreviation": "MM", "topics": ["m\u00e1lfr\u00e6\u00f0i", "m\u00e1ltilfinning"]}, {"abbreviation": "RG", "topics": ["greinamerkjasetning", "r\u00e9ttritun"]}, {"abbreviation": "SF", "topics": ["fr\u00f3\u00f0leiks\u00f6flun", "samskipti"]}, {"abbreviation": "BK", "topics": ["b\u00f3kmenntir", "kj\u00f6rb\u00f3k"]}, {"abbreviation": "RB", "topics": ["b\u00f3kmenntir", "ritun"]}, {"abbreviation": "BM", "topics": ["b\u00f3kmenntir", "m\u00e1lsaga", "ritun", "tj\u00e1ning"]}, {"abbreviation": "NB", "topics": ["n\u00fat\u00edmab\u00f3kmenntir"]}, {"abbreviation": "BF", "topics": ["b\u00f3kmenntir fyrri alda"]}, {"abbreviation": "SB", "topics": ["menning", "samt\u00edmab\u00f3kmenntir"]}, {"abbreviation": "BB", "topics": ["barnab\u00f3kmenntir"]}, {"abbreviation": "HR", "topics": ["hra\u00f0lestur"]}, {"abbreviation": "YN", "topics": ["yndislestur"]}, {"abbreviation": "ML", "topics": ["leskilningur", "m\u00e1lnotkun", "m\u00e1ltaka", "ritun og tj\u00e1ning"]}, {"abbreviation": "MB", "topics": ["b\u00f3kmenntir og ritun", "m\u00e1lnotkun"]}, {"abbreviation": "MN", "topics": ["b\u00f3kmenntir", "m\u00e1lsaga og nafnasi\u00f0ir"]}, {"abbreviation": "YH", "topics": ["hra\u00f0lestur", "yndislestur"]}, {"abbreviation": "BS", "topics": ["b\u00f3kmenntir s\u00ed\u00f0ari alda"]}, {"abbreviation": "FH", "topics": ["f\u00e9lagsleg m\u00e1lv\u00edsindi", "hlj\u00f3\u00f0fr\u00e6\u00f0i og hlj\u00f3\u00f0kerfisfr\u00e6\u00f0i", "\u00fe\u00fd\u00f0ingar"]}, {"abbreviation": "TB", "topics": ["tj\u00e1skipti barna og fullor\u00f0inna"]}, {"abbreviation": "GL", "topics": ["gl\u00e6pas\u00f6gur"]}, {"abbreviation": "RM", "topics": ["m\u00e1lfr\u00e6\u00f0i", "ritun", "stafsetning"]}, {"abbreviation": "BT", "topics": ["bragfr\u00e6\u00f0i", "setningafr\u00e6\u00f0i", "textar fr\u00e1 \u00fdmsum l\u00f6ndum"]}, {"abbreviation": "MT", "topics": ["m\u00e1lfr\u00e6\u00f0i", "ritun og tj\u00e1ning"]}, {"abbreviation": "BR", "topics": ["b\u00f3kmenntir", "m\u00e1lnotkun", "ritun"]}, {"abbreviation": "MG", "topics": ["b\u00f3kmenntir og ritun", "go\u00f0afr\u00e6\u00f0i", "m\u00e1lsaga"]}, {"abbreviation": "EU", "topics": ["eddukv\u00e6\u00f0i", "uppl\u00fdsing"]}, {"abbreviation": "UK", "topics": ["kreppa", "uppl\u00fdsing"]}, {"abbreviation": "KA", "topics": ["aldam\u00f3t", "kreppa"]}, {"abbreviation": "RN", "topics": ["n\u00fat\u00edmab\u00f3kmenntir", "ritger\u00f0arsm\u00ed\u00f0"]}, {"abbreviation": "KU", "topics": ["kynningarefni", "ums\u00f3knir"]}, {"abbreviation": "RI", "topics": ["ritger\u00f0arsm\u00ed\u00f0", "textar fr\u00e1 \u00fdmsum l\u00f6ndum"]}, {"abbreviation": "BG", "topics": ["b\u00f3kmenntir", "go\u00f0afr\u00e6\u00f0i", "m\u00e1lsaga"]}, {"abbreviation": "FM", "topics": ["fornb\u00f3kmenntir", "m\u00e1lfr\u00e6\u00f0i"]}, {"abbreviation": "BN", "topics": ["b\u00f3kmenntir", "n\u00fat\u00edmi"]}, {"abbreviation": "FO", "topics": ["fornb\u00f3kmenntir"]}, {"abbreviation": "UN", "topics": ["undirb\u00fanings\u00e1fangi \u00ed \u00edslensku"]}, {"abbreviation": "MR", "topics": ["b\u00f3kmenntir", "m\u00e1lnotkun og ritun"]}, {"abbreviation": "ED", "topics": ["eddukv\u00e6\u00f0i og \u00edslendingas\u00f6gur"]}, {"abbreviation": "NJ", "topics": ["fr\u00e1 nj\u00e1lu til n\u00fdr\u00f3mant\u00edkur"]}, {"abbreviation": "\u00d6L", "topics": ["b\u00f3kmenntir \u00e1 20. \u00f6ld"]}, {"abbreviation": "ME", "topics": ["b\u00f3kmenntir"]}, {"abbreviation": "RL", "topics": ["lestur", "ritun og tj\u00e1ning"]}, {"abbreviation": "MI", "topics": ["m\u00e1l og b\u00f3kmenntir fr\u00e1 si\u00f0askiptum til aldam\u00f3tanna 1900"]}, {"abbreviation": "GM", "topics": ["go\u00f0afr\u00e6\u00f0i", "m\u00e1lsaga"]}, {"abbreviation": "GR", "topics": ["grunnur"]}, {"abbreviation": "LR", "topics": ["lestur og ritun"]}, {"abbreviation": "ST", "topics": ["stafsetning"]}, {"abbreviation": "\u00cdS", "topics": ["\u00edslenska"]}, {"abbreviation": "LT", "topics": ["lestur", "m\u00e1lfr\u00e6\u00f0i", "ritun", "stafsetning", "tj\u00e1ning"]}, {"abbreviation": "SR", "topics": ["lestur og tj\u00e1ning", "m\u00e1lfr\u00e6\u00f0i", "ritun", "stafsetning"]}, {"abbreviation": "GO", "topics": ["go\u00f0afr\u00e6\u00f0i", "m\u00e1lnotkun og ritun", "m\u00e1lsaga"]}, {"abbreviation": "NH", "topics": ["b\u00f3kmenntasaga 1900 til samt\u00edmans", "hugtakabeiting", "n\u00fat\u00edmab\u00f3kmenntir"]}, {"abbreviation": "RR", "topics": ["ritger\u00f0asm\u00ed\u00f0", "ritun"]}, {"abbreviation": "LF", "topics": ["b\u00f3kmenntasaga 1550-1900", "l\u00e6rd\u00f3ms\u00f6ld", "rauns\u00e6i"]}, {"abbreviation": "VE", "topics": ["verkefni vali\u00f0 og almenn b\u00f3kmenntafr\u00e6\u00f0i kynnt"]}, {"abbreviation": "MV", "topics": ["m\u00e1lv\u00edsindi"]}, {"abbreviation": "YF", "topics": ["Yndislestur framhald"]}, {"abbreviation": "MH", "topics": ["M\u00e1lsaga og go\u00f0afr\u00e6\u00f0i hra\u00f0fer\u00f0"]}, {"abbreviation": "FF", "topics": ["Fornb\u00f3kmenntir hra\u00f0fer\u00f0"]}, {"abbreviation": "YM", "topics": ["Yndislestur 2"]}, {"abbreviation": "FJ", "topics": ["fj\u00f6lmi\u00f0lal\u00e6si"]}, {"abbreviation": "RV", "topics": ["ritger\u00f0arvinna"]}, {"abbreviation": "LS", "topics": ["- sk\u00e1ldsaga \u00far n\u00fat\u00edma", "lestur og lesskilningur"]}, {"abbreviation": "L\u00cd", "topics": ["lestur og lesskilningur - \u00edslendingas\u00f6gur"]}, {"abbreviation": "LE", "topics": ["lestur og lesskilningur - sk\u00e1lds\u00f6gur 20. aldar"]}, {"abbreviation": "H\u00cd", "topics": ["Hagn\u00fdt \u00edslenska"]}, {"abbreviation": "\u00cdM", "topics": ["\u00edslensk m\u00e1lsaga"]}, {"abbreviation": "KV", "topics": ["b\u00f3kmenntir og kvikmyndir"]}, {"abbreviation": "NG", "topics": ["Norr\u00e6n go\u00f0afr\u00e6\u00f0i"]}, {"abbreviation": "LJ", "topics": ["Lj\u00f3\u00f0"]}, {"abbreviation": "AA", "topics": ["Lestur og ritun"]}, {"abbreviation": "\u00cdC", "topics": ["\u00cdslenska \u00e1 starfsbraut"]}, {"abbreviation": "\u00cdA", "topics": ["\u00cdslenska 1 \u00e1 starfsbraut"]}, {"abbreviation": "\u00cdB", "topics": ["\u00cdslenska 2 \u00e1 starfsbraut"]}, {"abbreviation": "N\u00dd", "topics": ["N\u00fdsk\u00f6pun"]}, {"abbreviation": "AB", "topics": ["B\u00f3kmenntir", "m\u00e1lfr\u00e6\u00f0i og ritun"]}, {"abbreviation": "HI", "topics": ["M\u00e1lnotkun og ritun"]}, {"abbreviation": "TR", "topics": ["M\u00e1lnotun og ritun"]}, {"abbreviation": "TL", "topics": ["L\u00e6si", "ritun", "tj\u00e1ning"]}, {"abbreviation": "OH", "topics": ["hlustun", "or\u00f0afor\u00f0i", "talm\u00e1l og ritun"]}, {"abbreviation": "ES", "topics": ["Eddukv\u00e6\u00f0i til si\u00f0askipta"]}, {"abbreviation": "NA", "topics": ["N\u00fdr\u00f3mant\u00edk til aldam\u00f3ta"]}, {"abbreviation": "SN", "topics": ["Si\u00f0askipti til n\u00fdr\u00f3mant\u00edkur"]}, {"abbreviation": "YL", "topics": ["Yndislestur"]}, {"abbreviation": "SS", "topics": ["Stafsetning"]}, {"abbreviation": "BU", "topics": ["Barna- og unglingab\u00f3kmenntir"]}, {"abbreviation": "SK", "topics": ["sk\u00e1lds\u00f6gur"]}, {"abbreviation": "B\u00d3", "topics": ["B\u00f3kmenntir og tungum\u00e1l fr\u00e1 landn\u00e1mi til si\u00f0askipta"]}, {"abbreviation": "M\u00c1", "topics": ["M\u00e1l- og menningarsaga"]}, {"abbreviation": "NF", "topics": ["N\u00fdsk\u00f6punarferli\u00f0: \u00fe\u00f6rf", "afur\u00f0", "lausn"]}, {"abbreviation": "A\u00cd", "topics": ["Almenn \u00edslenska \u00e1 1 \u00ferepi"]}, {"abbreviation": "AM", "topics": ["almenn m\u00e1lnotkun", "b\u00f3kmenntir", "ritun"]}, {"abbreviation": "RS", "topics": ["Skapandi skrif"]}, {"abbreviation": "SP", "topics": ["Spennus\u00f6gur"]}, {"abbreviation": "\u00cdD", "topics": ["\u00cdslenska \u00e1 starfsbraut 4"]}, {"abbreviation": "\u00cdE", "topics": ["\u00cdslenska 5 \u00e1 starfsbraut"]}, {"abbreviation": "SM", "topics": ["Sk\u00e1lds\u00f6gur"]}, {"abbreviation": "M\u00de", "topics": ["\u00cdSLE"]}, {"abbreviation": "SA", "topics": ["Sk\u00f6pun \u00ed v\u00ed\u00f0u samhengi"]}, {"abbreviation": "SJ", "topics": ["L\u00e6si", "b\u00f3kmenntir", "hugtakaskilningur", "m\u00e1lfr\u00e6\u00f0i", "sj\u00e1lfb\u00e6rni og ritun"]}, {"abbreviation": "LM", "topics": ["L\u00e6si", "l\u00fd\u00f0r\u00e6\u00f0i", "mannr\u00e9ttindi og b\u00f3kmenntir"]}, {"abbreviation": "JR", "topics": ["L\u00e6si", "b\u00f3kmenntir og ritun", "jafnr\u00e9tti"]}, {"abbreviation": "HV", "topics": ["L\u00e6si", "heilbrig\u00f0i", "velfer\u00f0 og b\u00f3kmenntir"]}, {"abbreviation": "DB", "topics": ["Sk\u00f3labla\u00f0"]}, {"abbreviation": "\u00c6F", "topics": ["Go\u00f0s\u00f6gur", "fantas\u00edur", "\u00e6vint\u00fdri"]}, {"abbreviation": "VM", "topics": ["Verkefna\u00e1fangi \u00ed m\u00e1lv\u00edsindum"]}, {"abbreviation": "VB", "topics": ["Verkefna\u00e1fangi \u00ed b\u00f3kmenntum"]}, {"abbreviation": "SW", "topics": ["Stafsetning og ritun"]}, {"abbreviation": "MF", "topics": ["M\u00e1lfr\u00e6\u00f0i"]}, {"abbreviation": "SG", "topics": ["B\u00f3kmenntir", "setningafr\u00e6\u00f0i og go\u00f0afr\u00e6\u00f0i"]}, {"abbreviation": "OF", "topics": ["frambur\u00f0ur", "lestrarf\u00e6rni", "or\u00f0afor\u00f0i"]}, {"abbreviation": "CA", "topics": ["B\u00f3kmenntir fram til 1550"]}, {"abbreviation": "BH", "topics": ["Go\u00f0afr\u00e6\u00f0i", "m\u00e1lsaga og ritger\u00f0asm\u00ed\u00f0"]}, {"abbreviation": "DD", "topics": ["B\u00f3kmenntir og b\u00f3kmenntasaga", "einkum 1550-1900."]}, {"abbreviation": "CH", "topics": ["\u00cdslenska 3. Hra\u00f0fer\u00f0"]}, {"abbreviation": "EE", "topics": ["B\u00f3kmenntir og b\u00f3kmenntasaga eftir 1900."]}, {"abbreviation": "HL", "topics": ["M\u00e1lsaga og hlj\u00f3\u00f0fr\u00e6\u00f0i"]}, {"abbreviation": "CB", "topics": ["heimsb\u00f3kmenntir"]}, {"abbreviation": "AL", "topics": ["Almenn m\u00e1lnotkun og l\u00e6si"]}, {"abbreviation": "GF", "topics": ["Go\u00f0afr\u00e6\u00f0i og fornb\u00f3kmenntir"]}, {"abbreviation": "TE", "topics": ["Ritun og textagreining"]}, {"abbreviation": "MA", "topics": ["Menningararfur \u00ed n\u00fat\u00edmanum"]}, {"abbreviation": "S\u00c1", "topics": ["Skrefa\u00f0", "skrifa\u00f0 og skrafa\u00f0 um n\u00e6rsamf\u00e9lagi\u00f0/\u00e1tthagana."]}, {"abbreviation": "NM", "topics": ["fr\u00e1 n\u00fdr\u00f3mant\u00edk til m\u00f3dernisma"]}, {"abbreviation": "HM", "topics": ["Heimildir og m\u00e1lnotkun"]}, {"abbreviation": "M\u00c6", "topics": ["Menningarl\u00e6si"]}, {"abbreviation": "CK", "topics": ["\u00edslenskar kvikmyndir"]}, {"abbreviation": "CL", "topics": ["Leikh\u00fas og leikb\u00f3kmenntir"]}, {"abbreviation": "DL", "topics": ["Leikh\u00fas og leikb\u00f3kmenntir."]}, {"abbreviation": "CN", "topics": ["\u00derj\u00fa verk Halld\u00f3rs Laxness."]}, {"abbreviation": "HB", "topics": ["B\u00f3kmenntir", "heimildaritger\u00f0", "m\u00e1lsaga"]}, {"abbreviation": "CU", "topics": ["Barnab\u00f3kmenntir."]}, {"abbreviation": "CP", "topics": ["Textager\u00f0 og ritstj\u00f3rn"]}, {"abbreviation": "CY", "topics": ["Yndislestur I"]}, {"abbreviation": "DY", "topics": ["Yndislestur II"]}, {"abbreviation": "RH", "topics": ["\u00darvinnsla heimilda og ritun"]}, {"abbreviation": "B\u00cd", "topics": ["B\u00f3kmenntasaga", "\u00cdslendingasaga og forn kve\u00f0skapur"]}, {"abbreviation": "BL", "topics": ["B\u00f3kmenntasaga", "leikritalestur", "lj\u00f3\u00f0alestur", "n\u00fat\u00edmab\u00f3kmenntir"]}, {"abbreviation": "RF", "topics": ["Ritger\u00f0arskrif", "go\u00f0afr\u00e6\u00f0i og m\u00e1lsaga"]}, {"abbreviation": "KM", "topics": ["b\u00f3kmenntir", "kv\u00e6\u00f0i", "lj\u00f3\u00f0", "m\u00e1lnotkun", "ritun"]}, {"abbreviation": "SL", "topics": ["Ritlist"]}, {"abbreviation": "RO", "topics": ["lestur", "m\u00e1lnotkun", "or\u00f0afor\u00f0i", "ritun"]}, {"abbreviation": "LB", "topics": ["b\u00f3kmenntir", "l\u00e6si", "ritun", "stafsetning"]}, {"abbreviation": "FL", "topics": ["frams\u00f6gn", "lestur", "margv\u00edsleg ritun", "or\u00f0afor\u00f0i"]}, {"abbreviation": "HS", "topics": ["heimildavinna", "m\u00e1lnotkun", "ritun", "setningafr\u00e6\u00f0i"]}, {"abbreviation": "KB", "topics": ["b\u00f3kmenntasaga", "heimildavinna", "kynningar", "valdir b\u00f3kmenntatextar"]}, {"abbreviation": "VT", "topics": ["b\u00f3kmenntasaga", "stefnur \u00ed listum og menningu", "valdir b\u00f3kmenntatextar"]}, {"abbreviation": "KF", "topics": ["fr\u00e6\u00f0ileg umfj\u00f6llun", "kvikmyndafr\u00e6\u00f0i", "kvikmyndal\u00e6si", "samf\u00e9lagsr\u00fdni"]}, {"abbreviation": "UM", "topics": ["m\u00e1lfr\u00e6\u00f0i", "or\u00f0afor\u00f0i", "uppruni m\u00e1la", "\u00edslensk m\u00e1lsaga"]}, {"abbreviation": "\u00deH", "topics": ["\u00fej\u00f3\u00f0h\u00e1ttafr\u00e6\u00f0i", "\u00fej\u00f3\u00f0l\u00edfsfr\u00e6\u00f0i", "\u00fej\u00f3\u00f0sagnafr\u00e6\u00f0i og hversdagsmenning"]}, {"abbreviation": "FS", "topics": ["lestur fagurb\u00f3kmennta", "skapandi skrif", "t\u00falkunarm\u00f6guleikar"]}, {"abbreviation": "KS", "topics": ["mi\u00f0aldab\u00f3kmenntir (kv\u00e6\u00f0i og s\u00f6gur)", "\u00e1hrif \u00feeirra \u00e1 n\u00fat\u00edmaverk"]}, {"abbreviation": "TS", "topics": ["m\u00e1lfar", "samf\u00e9lag", "tj\u00e1skipti", "tungum\u00e1l"]}, {"abbreviation": "\u00c1\u00d6", "topics": ["\u00c1stir og \u00f6rl\u00f6g \u00ed b\u00f3kmenntum fyrri alda"]}, {"abbreviation": "LH", "topics": ["Leikh\u00fas", "leiklist og leikb\u00f3kmenntir"]}, {"abbreviation": "DE", "topics": ["Delludagar", "Lestur og ritun"]}, {"abbreviation": "FV", "topics": ["Frumverk", "Lestur og ritun"]}, {"abbreviation": "A\u00de", "topics": ["Af\u00fereyingarb\u00f3kmenntir"]}, {"abbreviation": "B\u00de", "topics": ["\u00dej\u00f3\u00f0ararfurinn og tenging hans vi\u00f0 n\u00fat\u00edmann"]}, {"abbreviation": "OS", "topics": ["Or\u00f0spor"]}, {"abbreviation": "UT", "topics": ["Munnleg tj\u00e1ning"]}, {"abbreviation": "V\u00cd", "topics": ["V\u00edkingar og menning \u00feeirra"]}, {"abbreviation": "LX", "topics": ["Halld\u00f3r Laxness"]}, {"abbreviation": "ON", "topics": ["Beyginar", "frambur\u00f0ur", "setningaskipan og or\u00f0afor\u00f0i n\u00fat\u00edmam\u00e1ls"]}, {"abbreviation": "GE", "topics": ["B\u00f3kmenntagreining", "eddukv\u00e6\u00f0i og ritun.", "go\u00f0afr\u00e6\u00f0i"]}], "_id": "50c0a02dd8e40575f7f6f4a2", "subjects": ["\u00edslenska"], "counter": {"1": 42, "3": 54, "2": 32, "4": 2}}, "evaluation": "N\u00e1msmat er \u00fatf\u00e6rt \u00ed kennslu\u00e1\u00e6tlun.", "categorization_suggestion": "", "embedded_topics": {"abbreviation": "GE", "topics": ["B\u00f3kmenntagreining", "eddukv\u00e6\u00f0i og ritun.", "go\u00f0afr\u00e6\u00f0i"]}, "status": "approved by school", "description": "\u00cd \u00e1fanganum er unni\u00f0 me\u00f0 hugmyndafr\u00e6\u00f0i fornb\u00f3kmennta. Fjalla\u00f0 er um go\u00f0afr\u00e6\u00f0i og lesi\u00f0 \u00far Snorra-Eddu, nokkur eddukv\u00e6\u00f0i eru sko\u00f0u\u00f0 og unni\u00f0 er me\u00f0 ritun og b\u00f3kmenntahugt\u00f6k. Nemendur eru \u00fej\u00e1lfa\u00f0ir \u00ed ger\u00f0 heimildaritger\u00f0a og fr\u00e1gangi rita\u00f0s m\u00e1ls. ", "knowledge_goals": ["\u00edslenskum og norr\u00e6num fornb\u00f3kmenntum", "helstu hugt\u00f6kum \u00ed ritger\u00f0asm\u00ed\u00f0", "grundvallarvinnubr\u00f6g\u00f0um vi\u00f0 skrif heimildaritger\u00f0a", "mismunandi tegundum sk\u00f6punarsagna og norr\u00e6nni go\u00f0afr\u00e6\u00f0i"], "skills_goals": ["lesa b\u00f3kmenntaverk fr\u00e1 \u00fdmsum t\u00edmum og fjalla um inntak \u00feeirra", "vinna a\u00f0 skapandi verkefnum \u00ed tengslum vi\u00f0 n\u00e1msefni\u00f0", "rita r\u00f6kf\u00e6rsluritger\u00f0ir \u00fear sem beitt er gagnr\u00fdninni hugsun og sko\u00f0un komi\u00f0 \u00e1 framf\u00e6ri \u00e1 sk\u00fdran og greinarg\u00f3\u00f0an h\u00e1tt", "nota vi\u00f0eigandi hj\u00e1lparg\u00f6gn vi\u00f0 fr\u00e1gang ritsm\u00ed\u00f0a"], "credits": 5, "last_modified": 1425389427.839675, "schools": ["512351988caa45ed97015b44"], "coauthors": null, "instructions": "", "continued_education": false, "level": 2, "prerequisites": "\u00cdSLE2MR05", "author": "6ea856f5-9f60-4d4f-a95e-aa9dbcc89d01", "abbreviation_version": null, "competence_goals": [["styrkja eigin f\u00e6rni \u00ed a\u00f0 nota heimildir \u00e1 r\u00e9ttan h\u00e1tt", ""], ["t\u00falka b\u00f3kmenntatexta fr\u00e1 \u00fdmsum t\u00edmum", ""], ["taka \u00fe\u00e1tt \u00ed m\u00e1lefnalegum umr\u00e6\u00f0um, tj\u00e1 afst\u00f6\u00f0u og efasemdir um efni\u00f0 og komast a\u00f0 ni\u00f0urst\u00f6\u00f0u", ""], ["tengja \u00edslenskuna vi\u00f0 fort\u00ed\u00f0 og n\u00fat\u00ed\u00f0", ""]], "_id": "54f5b77362933a3c22000433"}, {"exemplary": null, "topics": "B\u00f3kmenntir, leikrit, lj\u00f3\u00f0 og kvikmyndir \u00e1 ensku annars vegar og hins vegar sam\u00fe\u00e6tting vi\u00f0 a\u00f0ra \u00e1fanga", "abbreviation": "ENSK3LL05", "former_schools": null, "subject": "enska", "title": "B\u00f3kmenntir, leikrit, lj\u00f3\u00f0, kvikmyndir/Sam\u00fe\u00e6ttingar\u00e1fangi", "version": 45, "status_trans": "Sam\u00feykkt af sk\u00f3la", "embedded_subject": {"abbreviation": "ENSK", "topics": [{"abbreviation": "GS", "topics": ["grunnatri\u00f0i", "samt\u00f6l"]}, {"abbreviation": "OO", "topics": ["or\u00f0ab\u00f3k", "or\u00f0afor\u00f0i"]}, {"abbreviation": "MM", "topics": ["myndas\u00f6gur", "myndb\u00f6nd"]}, {"abbreviation": "TL", "topics": ["lagatextar", "t\u00f3nlist"]}, {"abbreviation": "FR", "topics": ["ferilsverkefni", "ritunarverkefni"]}, {"abbreviation": "TS", "topics": ["myndm\u00e1l", "ritger\u00f0", "st\u00edlar", "textar"]}, {"abbreviation": "RH", "topics": ["hlustun", "m\u00e1lnotkun", "undirst\u00f6\u00f0uatri\u00f0i \u00ed ritun"]}, {"abbreviation": "SM", "topics": ["m\u00fas\u00edk og myndir 1950-70", "s\u00f6gur"]}, {"abbreviation": "BR", "topics": ["bretland"]}, {"abbreviation": "K\u00c1", "topics": ["kanada", "\u00e1stral\u00eda og n\u00fdja sj\u00e1land"]}, {"abbreviation": "SB", "topics": ["shakespeare og 19. \u00f6ldin \u00ed b\u00f3kmenntum"]}, {"abbreviation": "B\u00d3", "topics": ["b\u00f3kmenntir 20. aldar"]}, {"abbreviation": "KV", "topics": ["kvikmynda\u00e1fangi"]}, {"abbreviation": "AB", "topics": ["afr\u00edsk-amer\u00edskar b\u00f3kmenntir"]}, {"abbreviation": "U\u00c1", "topics": ["undirb\u00faningur", "\u00e1fangi"]}, {"abbreviation": "MT", "topics": ["m\u00e1lfr\u00e6\u00f0i", "tj\u00e1ning"]}, {"abbreviation": "MS", "topics": ["menning", "skapandi skrif"]}, {"abbreviation": "KR", "topics": ["kvikmyndir", "ritun"]}, {"abbreviation": "HR", "topics": ["heimildavinna", "ritger\u00f0ir"]}, {"abbreviation": "FF", "topics": ["fagm\u00e1l", "f\u00e9lagsv\u00edsinda"]}, {"abbreviation": "VE", "topics": ["enska", "vi\u00f0skipta"]}, {"abbreviation": "RE", "topics": ["enska", "raungreinar"]}, {"abbreviation": "BM", "topics": ["b\u00f3kmenntir", "m\u00e1lsaga"]}, {"abbreviation": "LB", "topics": ["b\u00f3kmenntir", "leik"]}, {"abbreviation": "UP", "topics": ["pr\u00f3f", "undirb\u00faningur"]}, {"abbreviation": "EN", "topics": ["enska fyrir fer\u00f0agreinar"]}, {"abbreviation": "FE", "topics": ["enska fyrir fer\u00f0a\u00fej\u00f3nustu"]}, {"abbreviation": "ST", "topics": ["evr\u00f3pski tungum\u00e1laramminn", "stig b1-b2"]}, {"abbreviation": "SE", "topics": ["evr\u00f3pski tungum\u00e1laramminn", "stig b2"]}, {"abbreviation": "ES", "topics": ["evr\u00f3pski tungum\u00e1laramminn", "stig b2-c1"]}, {"abbreviation": "EV", "topics": ["evr\u00f3pski tungum\u00e1laramminn", "stig c1"]}, {"abbreviation": "BF", "topics": ["b2", "evr\u00f3pski tungum\u00e1laramminn", "fer\u00f0a\u00fej\u00f3nuta"]}, {"abbreviation": "FH", "topics": ["evr\u00f3pski tungum\u00e1laramminn", "framhald", "stig c1"]}, {"abbreviation": "GR", "topics": ["grunn\u00e1fangi"]}, {"abbreviation": "FG", "topics": ["enska fyrir matv\u00e6lagreinar"]}, {"abbreviation": "LS", "topics": ["lestur", "m\u00e1lfr\u00e6\u00f0i", "or\u00f0afor\u00f0i", "skilningur"]}, {"abbreviation": "LT", "topics": ["lestur", "or\u00f0afor\u00f0i", "talm\u00e1l"]}, {"abbreviation": "BL", "topics": ["b\u00f3kmenntir", "lesskilningur", "ritun"]}, {"abbreviation": "BS", "topics": ["b\u00f3kmenntir", "menning", "saga"]}, {"abbreviation": "HA", "topics": ["hagn\u00fdtur or\u00f0afor\u00f0i. l\u00e6si \u00e1 fl\u00f3knari texta."]}, {"abbreviation": "OF", "topics": ["grunnor\u00f0afor\u00f0i fr\u00e6\u00f0a og v\u00edsinda.. menningarheimur nor\u00f0ur amer\u00edku"]}, {"abbreviation": "UN", "topics": ["undirb\u00fanings\u00e1fangi \u00ed ensku"]}, {"abbreviation": "LM", "topics": ["lestur og menning", "tj\u00e1ning"]}, {"abbreviation": "TM", "topics": ["menning", "tj\u00e1ning og skapandi skrif"]}, {"abbreviation": "MB", "topics": ["b\u00f3kmenntir", "menning og ritun"]}, {"abbreviation": "EX", "topics": ["extensive vocabulary and expression"]}, {"abbreviation": "ML", "topics": ["m\u00e1lnotkun og l\u00e6si"]}, {"abbreviation": "AA", "topics": ["akadem\u00edskur or\u00f0afor\u00f0i", "fj\u00f6lbreyttir textar", "fyrsti \u00e1fangi \u00ed ensku."]}, {"abbreviation": "YN", "topics": ["yndislestur"]}, {"abbreviation": "BB", "topics": ["akadem\u00edskur or\u00f0afor\u00f0i", "annar \u00e1fangi \u00ed ensku.", "fj\u00f6lbreyttir textar"]}, {"abbreviation": "FA", "topics": ["fagor\u00f0afor\u00f0i"]}, {"abbreviation": "AH", "topics": ["akadem\u00edskur or\u00f0afor\u00f0i", "fj\u00f6lbreyttir textar. hra\u00f0fer\u00f0 \u00ed ensku."]}, {"abbreviation": "BH", "topics": ["akadem\u00edskur or\u00f0afor\u00f0i", "fj\u00f6lbreyttir textar. \u00f6nnur hra\u00f0fer\u00f0 \u00ed ensku."]}, {"abbreviation": "EE", "topics": ["b\u00f3kmenntir", "fj\u00f6lmi\u00f0latextar."]}, {"abbreviation": "LR", "topics": ["lestur", "ritun", "tj\u00e1ning og hlustun"]}, {"abbreviation": "DD", "topics": ["b\u00f3kmenntir"]}, {"abbreviation": "M\u00c1", "topics": ["m\u00e1lfr\u00e6\u00f0i a"]}, {"abbreviation": "CC", "topics": ["b\u00f3kmenntir", "krefjandi or\u00f0afor\u00f0i", "ritun"]}, {"abbreviation": "CH", "topics": ["krefjandi or\u00f0afor\u00f0i"]}, {"abbreviation": "L\u00c9", "topics": ["l\u00e9ttlestur"]}, {"abbreviation": "OH", "topics": ["hlustun", "or\u00f0afor\u00f0i", "talm\u00e1l og ritun"]}, {"abbreviation": "LO", "topics": ["lesskilningur", "m\u00e1lfr\u00e6\u00f0i", "or\u00f0afor\u00f0i"]}, {"abbreviation": "MO", "topics": ["m\u00e1lfr\u00e6\u00f0i", "or\u00f0afor\u00f0i", "stig b1 \u00ed evr\u00f3pska tungum\u00e1larammanum"]}, {"abbreviation": "OB", "topics": ["b\u00f3kmenntir", "or\u00f0afor\u00f0i", "stig b2 \u00ed evr\u00f3pska tungum\u00e1larammanum"]}, {"abbreviation": "RB", "topics": ["b\u00f3kmenntir", "ritun"]}, {"abbreviation": "RL", "topics": ["lestur", "m\u00e1lfr\u00e6\u00f0i", "ritun og or\u00f0afor\u00f0i"]}, {"abbreviation": "SG", "topics": ["Lestur", "m\u00e1lfr\u00e6\u00f0i", "or\u00f0afor\u00f0i", "ritun", "tal"]}, {"abbreviation": "RM", "topics": ["Ritun", "b\u00f3kmenntir", "m\u00e1lnotkun"]}, {"abbreviation": "RO", "topics": ["Ritun", "b\u00f3kmenntir", "menning", "or\u00f0afor\u00f0i"]}, {"abbreviation": "SR", "topics": ["Menning", "akadem\u00edskur or\u00f0afor\u00f0i", "ritun", "saga"]}, {"abbreviation": "AE", "topics": ["Almenn akadem\u00edsk enska", "b\u00f3kmenntir", "ritun"]}, {"abbreviation": "SA", "topics": ["S\u00e9rh\u00e6f\u00f0 akadem\u00edsk enska", "b\u00f3kmenntir", "ritun"]}, {"abbreviation": "VR", "topics": ["V\u00edsindaor\u00f0afor\u00f0i", "raungreinar"]}, {"abbreviation": "VH", "topics": ["Vi\u00f0skipti", "erlend samskipti og vi\u00f0skiptah\u00e6ttir"]}, {"abbreviation": "AK", "topics": ["Kennsla", "a\u00f0sto\u00f0 vi\u00f0 nemendur", "ger\u00f0 kennsluefnis"]}, {"abbreviation": "DF", "topics": ["Kvikmyndir. Film Course."]}, {"abbreviation": "SK", "topics": ["enska fyrir fer\u00f0a\u00fej\u00f3nustu", "skapandi skrif"]}, {"abbreviation": "FT", "topics": ["lestur fr\u00e6\u00f0ilegra texta"]}, {"abbreviation": "VT", "topics": ["Lestur enskra vi\u00f0skiptatexta"]}, {"abbreviation": "RT", "topics": ["Lestur enskra raunv\u00edsindatexta"]}, {"abbreviation": "\u00cdT", "topics": ["Lestur \u00ed\u00fer\u00f3ttafr\u00e6\u00f0ilegra texta"]}, {"abbreviation": "TO", "topics": ["Tolkien"]}, {"abbreviation": "RI", "topics": ["Ritun"]}, {"abbreviation": "HL", "topics": ["Hlustun"]}, {"abbreviation": "UE", "topics": ["Undirb\u00fanings\u00e1fangi \u00ed ensku"]}, {"abbreviation": "UH", "topics": ["Undirb\u00faningur fyrir h\u00e1sk\u00f3lan\u00e1m"]}, {"abbreviation": "TJ", "topics": ["Tj\u00e1ning"]}, {"abbreviation": "OM", "topics": ["Or\u00f0afor\u00f0i", "m\u00e1lfr\u00e6\u00f0i", "m\u00e1lnotkun"]}, {"abbreviation": "TF", "topics": ["tj\u00e1ning og m\u00e1lnotkun"]}, {"abbreviation": "AM", "topics": ["Fr\u00e6\u00f0ilegur or\u00f0afor\u00f0i og Bandar\u00edkin"]}, {"abbreviation": "UK", "topics": ["Fr\u00e6\u00f0ilegur or\u00f0afor\u00f0i og Bretland"]}, {"abbreviation": "AC", "topics": ["Akadem\u00edskur or\u00f0afor\u00f0i og rauntextar"]}, {"abbreviation": "SL", "topics": ["Lestur", "menning og skrif"]}, {"abbreviation": "KK", "topics": ["Kvikmyndir og kynning"]}, {"abbreviation": "BA", "topics": ["L\u00fdsing: B\u00f3kmenntir 19. og 20.", "skrif og r\u00e6\u00f0uger\u00f0"]}, {"abbreviation": "OT", "topics": ["Or\u00f0afor\u00f0i", "ritun", "tj\u00e1ning"]}, {"abbreviation": "VM", "topics": ["V\u00edsindi og menning"]}, {"abbreviation": "BT", "topics": ["Bandar\u00edskt \u00fej\u00f3\u00f0f\u00e9lag og menning"]}, {"abbreviation": "MR", "topics": ["M\u00e1lfr\u00e6\u00f0i og ritun"]}, {"abbreviation": "LH", "topics": ["L\u00e6si \u00e1 fl\u00f3knari texta", "hagn\u00fdtur fj\u00f6lbreyttur or\u00f0afor\u00f0i"]}, {"abbreviation": "KB", "topics": ["Kvikmyndir", "b\u00f3kmenntir"]}, {"abbreviation": "OL", "topics": ["Lestur", "Menning", "M\u00e1lfr\u00e6\u00f0i", "Or\u00f0afor\u00f0i", "Ritun", "Tal"]}, {"abbreviation": "CL", "topics": ["Chic Literature and Women in Today\u2018s Society"]}, {"abbreviation": "CW", "topics": ["Creative Writing"]}, {"abbreviation": "OR", "topics": ["B\u00f3kmenntir (fj\u00f6lbreyttir textar)", "menning", "or\u00f0afor\u00f0i", "ranns\u00f3knir og ritun"]}, {"abbreviation": "OG", "topics": ["B\u00f3kmenntir", "lj\u00f3\u00f0agreining", "or\u00f0afor\u00f0i", "ritger\u00f0asm\u00ed\u00f0i og heimildavinna"]}, {"abbreviation": "BY", "topics": ["Lestur", "m\u00e1lfr\u00e6\u00f0i og m\u00e1lnotkun (byrjunar\u00e1fangi \u00ed ensku)", "ritun"]}, {"abbreviation": "DM", "topics": ["Enska Daglegt m\u00e1l"]}, {"abbreviation": "B\u00c1", "topics": ["b\u00f3kmenntir", "ritun", "tj\u00e1ning"]}, {"abbreviation": "HE", "topics": ["Hagn\u00fdt enska", "starfsbraut"]}, {"abbreviation": "RR", "topics": ["Enska \u00ed r\u00e6\u00f0u og riti"]}, {"abbreviation": "HO", "topics": ["Hagn\u00fdtur or\u00f0afor\u00f0i", "c1"]}, {"abbreviation": "FO", "topics": ["Fagor\u00f0afor\u00f0i og fer\u00f0am\u00e1l"]}, {"abbreviation": "EG", "topics": ["Enska 2 \u00e1 starfsbraut"]}, {"abbreviation": "SO", "topics": ["s\u00e9rh\u00e6f\u00f0ur or\u00f0afor\u00f0i"]}, {"abbreviation": "TR", "topics": ["Tj\u00e1ning", "or\u00f0afor\u00f0i", "ritun"]}, {"abbreviation": "\u00deS", "topics": ["\u00dej\u00f3nustust\u00f6rf"]}, {"abbreviation": "SF", "topics": ["Sagnfr\u00e6\u00f0i"]}, {"abbreviation": "T\u00d6", "topics": ["T\u00f6lvuleikir"]}, {"abbreviation": "JM", "topics": ["Fr\u00e1 hugmynd til \u00fatg\u00e1fu"]}, {"abbreviation": "MH", "topics": ["S\u00e9rh\u00e6f\u00f0 enska \u00ed myndlist og h\u00f6nnun"]}, {"abbreviation": "BO", "topics": ["B\u00f3kmenntir", "m\u00e1lfr\u00e6\u00f0i", "or\u00f0afor\u00f0i"]}, {"abbreviation": "VO", "topics": ["V\u00edsindatengdur or\u00f0afor\u00f0i"]}, {"abbreviation": "MV", "topics": ["M\u00e1lnotkun", "b\u00f3kmenntir", "vi\u00f0skipti"]}, {"abbreviation": "SV", "topics": ["m\u00e1lnotkun", "samf\u00e9lag", "vi\u00f0skipti"]}, {"abbreviation": "VI", "topics": ["m\u00e1lskilningur", "ritun", "vi\u00f0skiptaenska"]}, {"abbreviation": "EM", "topics": ["bresk menning", "b\u00f3kmenntir", "m\u00e1l"]}, {"abbreviation": "NV", "topics": ["v\u00edsindaenska"]}, {"abbreviation": "YL", "topics": ["Yndislestur"]}, {"abbreviation": "EH", "topics": ["Enska fyrir heilbrig\u00f0isgreinar"]}, {"abbreviation": "DK", "topics": ["ENSKA"]}, {"abbreviation": "DG", "topics": ["Enskar myndas\u00f6gur"]}, {"abbreviation": "DV", "topics": ["or\u00f0afor\u00f0i"]}, {"abbreviation": "DY", "topics": ["Yndislestur \u00ed ensku"]}, {"abbreviation": "EY", "topics": ["Yndislestur 2 \u00e1 ensku"]}, {"abbreviation": "HB", "topics": ["B\u00f3kmenntir og fr\u00e6\u00f0ilegir textar \u00ed hugv\u00edsindum"]}, {"abbreviation": "MK", "topics": ["b\u00f3kmenntir", "kvikmyndir", "menning", "m\u00e1lnotkun"]}, {"abbreviation": "VG", "topics": ["gagnr\u00fdnin hugsun", "or\u00f0afor\u00f0i v\u00edsinda", "ritun", "tj\u00e1ning"]}, {"abbreviation": "TT", "topics": ["m\u00e1lnotkun \u00ed t\u00e6knigreinum", "or\u00f0afor\u00f0i", "tala\u00f0 m\u00e1l"]}, {"abbreviation": "SS", "topics": ["Shakespeare", "kvikmyndir", "ritun", "sk\u00e1lds\u00f6gur"]}, {"abbreviation": "FV", "topics": ["Fagm\u00e1l", "b\u00f3kmenntir", "f\u00e9lagsv\u00edsindi", "ritun"]}, {"abbreviation": "VV", "topics": ["fagm\u00e1l", "hagfr\u00e6\u00f0i", "verslun", "vi\u00f0skipti"]}, {"abbreviation": "TB", "topics": ["Tolkien", "b\u00f3kmenntir", "fantas\u00eda"]}, {"abbreviation": "LG", "topics": ["Lestur", "ritun og tj\u00e1ning"]}, {"abbreviation": "SH", "topics": ["Shakespeare"]}, {"abbreviation": "BK", "topics": ["b\u00f3kmenntir og menning"]}, {"abbreviation": "VF", "topics": ["fr\u00e6\u00f0i og fagm\u00e1l", "v\u00edsindi"]}, {"abbreviation": "AO", "topics": ["Akadem\u00edskur or\u00f0afor\u00f0i \u00e1 ensku og klass\u00edskar b\u00f3kmenntir"]}, {"abbreviation": "SD", "topics": ["S\u00e9rh\u00e6f\u00f0ur or\u00f0afor\u00f0i og breskar b\u00f3kmenntir"]}, {"abbreviation": "TE", "topics": ["\u00deemaverkefni \u00ed tengslum vi\u00f0 frekara n\u00e1m \u00e1 h\u00e1sk\u00f3lastigi", "\u00fej\u00e1lfun \u00ed ritun og tj\u00e1ningu \u00e1 ensku"]}, {"abbreviation": "LL", "topics": ["B\u00f3kmenntir", "leikrit", "lj\u00f3\u00f0 og kvikmyndir \u00e1 ensku annars vegar og hins vegar sam\u00fe\u00e6tting vi\u00f0 a\u00f0ra \u00e1fanga"]}], "_id": "50c0a02dd8e40575f7f6f488", "subjects": ["enska"], "counter": {"1": 25, "3": 36, "2": 38, "4": 1}}, "evaluation": "N\u00e1msmat er \u00fatf\u00e6rt \u00ed kennslu\u00e1\u00e6tlum \u00ed samr\u00e6mi vi\u00f0 sk\u00f3lan\u00e1mskr\u00e1", "categorization_suggestion": "", "embedded_topics": {"abbreviation": "LL", "topics": ["B\u00f3kmenntir", "leikrit", "lj\u00f3\u00f0 og kvikmyndir \u00e1 ensku annars vegar og hins vegar sam\u00fe\u00e6tting vi\u00f0 a\u00f0ra \u00e1fanga"]}, "status": "approved by school", "description": "Markmi\u00f0 \u00e1fangans er tv\u00ed\u00fe\u00e6tt; annars vegar a\u00f0 fara yfir b\u00f3kmenntaverk, b\u00f3kmenntas\u00f6gu, leikrit, lj\u00f3\u00f0 og kvikmyndir \u00e1 enskri tungu og er umfj\u00f6llunarefni\u00f0 sni\u00f0i\u00f0 eftir \u00fe\u00f6rfum hverju sinni, og hins vegar er sam\u00fe\u00e6tting vi\u00f0 a\u00f0ra \u00e1fanga \u00fear sem nemendur vinna a\u00f0 verkefnum \u00ed \u00f6\u00f0rum \u00e1f\u00f6ngum, \u00e1 ensku.  Nemendur vinna \u00fe\u00e1 verkefni s\u00edn undir lei\u00f0s\u00f6gn b\u00e6\u00f0i kennara \u00feeirrar greinar sem um er a\u00f0 r\u00e6\u00f0a, og enskukennara.  Sam\u00fe\u00e6ttingarverkefnin eru krefjandi, fagleg verkefni sem hafa \u00fea\u00f0 a\u00f0 beinu markmi\u00f0i a\u00f0 undirb\u00faa nemendur undir n\u00e1m \u00e1 h\u00e1sk\u00f3lastigi.\n\u00deema \u00e1fangans er \u00e1kvar\u00f0a\u00f0 af kennara og eru tekin fyrir klass\u00edsk b\u00f3kmenntaverk \u00e1samt leikritum, lj\u00f3\u00f0um og kvikmyndafr\u00e6\u00f0ilegum \u00edgrundunum.  H\u00e9r gefst kostur \u00e1 a\u00f0 kynnast \u00fdmsu, allt fr\u00e1 klass\u00edskum rith\u00f6fundum eins og Shakespeare og Dickens, til lj\u00f3\u00f0r\u00e6nna st\u00f3rsk\u00e1lda og hornsteina kvikmyndas\u00f6gunnar.\n", "knowledge_goals": ["fj\u00f6lbreyttum or\u00f0afor\u00f0a til a\u00f0 geta tj\u00e1\u00f0 sko\u00f0anir s\u00ednar og r\u00f6kstutt \u00fe\u00e6r \u00ed daglegu l\u00edfi og \u00ed tengslum vi\u00f0 s\u00e9rh\u00e6fingu", "s\u00e9rh\u00e6f\u00f0ri \u00feekkingu sem n\u00fdtist \u00ed starfi og/e\u00f0a til undirb\u00fanings fyrir frekara n\u00e1m", "\u00feekkingu sem tengist \u00fev\u00ed a\u00f0 vera virkur og \u00e1byrgur borgari \u00ed samf\u00e9lagi s\u00e9rh\u00e6fingar", "or\u00f0afor\u00f0a og \u00feekkingu \u00e1 ensku, sem n\u00fdtist til frekara n\u00e1ms e\u00f0a \u00ed tengslum vi\u00f0 s\u00e9rh\u00e6fingu, krefjist h\u00fan \u00feess"], "skills_goals": ["bera kennsl \u00e1 og n\u00fdta s\u00e9r s\u00e9rh\u00e6fingu sem tengist \u00e1hugasvi\u00f0i og/e\u00f0a hverju \u00fev\u00ed vi\u00f0fangsefni sem hann k\u00fds a\u00f0 vinna me\u00f0", "tj\u00e1 sig \u00e1 sk\u00fdran, gagnr\u00fdninn og skapandi h\u00e1tt \u00e1 ensku um s\u00e9rh\u00e6f\u00f0a \u00feekkingu s\u00edna", "skipuleggja vinnuferli, beita vi\u00f0eigandi t\u00e6kni og a\u00f0fer\u00f0um s\u00e9rh\u00e6fingar \u00e1 \u00e1byrgan h\u00e1tt", "s\u00fdna frumkv\u00e6\u00f0i og sj\u00e1lfst\u00e6\u00f0i \u00ed vinnubr\u00f6g\u00f0um vi\u00f0 a\u00f0 leita lausna innan s\u00e9rh\u00e6fingar", "taka \u00e1byrgan \u00fe\u00e1tt \u00ed samr\u00e6\u00f0um um s\u00e9rh\u00e6f\u00f0a \u00feekkingu s\u00edna"], "credits": 5, "last_modified": 1425292054.226824, "schools": ["512351988caa45ed97015b44"], "coauthors": null, "instructions": "", "continued_education": false, "level": 3, "prerequisites": "ENSK3TE05", "author": "6ea856f5-9f60-4d4f-a95e-aa9dbcc89d01", "abbreviation_version": null, "competence_goals": [["tj\u00e1 sko\u00f0anir s\u00ednar og sk\u00fdra verklag tengt skilgreindu starfsumhverfi \u00e1 \u00e1byrgan, gagnr\u00fdninn og sk\u00fdran h\u00e1tt", ""], ["tj\u00e1 sig \u00e1 ensku, s\u00e9 \u00feess krafist \u00ed starfi e\u00f0a vegna frekara n\u00e1ms", ""], ["beita si\u00f0fer\u00f0ilegri \u00e1byrg\u00f0 \u00ed skapandi starfi", ""], ["n\u00fdta \u00feekkingu s\u00edna til a\u00f0 greina n\u00fd t\u00e6kif\u00e6ri \u00ed umhverfinu", ""], ["takast \u00e1 vi\u00f0 frekara n\u00e1m", ""]], "_id": "54f43b1662933a1936002022"}, {"exemplary": null, "topics": "b\u00f3kmenntir, m\u00e1lnotkun og ritun", "abbreviation": "\u00cdSLE2MR05", "former_schools": null, "subject": "\u00edslenska", "title": "B\u00f3kmenntir, m\u00e1lnotkun og ritun", "version": 45, "status_trans": "Sam\u00feykkt af sk\u00f3la", "embedded_subject": {"abbreviation": "\u00cdSLE", "topics": [{"abbreviation": "VR", "topics": ["ritun", "vi\u00f0skiptaskj\u00f6l"]}, {"abbreviation": "TM", "topics": ["m\u00e1lskilningur", "tj\u00e1ning"]}, {"abbreviation": "MS", "topics": ["m\u00e1lskilningur", "s\u00e9rdeild"]}, {"abbreviation": "RT", "topics": ["ritun og tj\u00e1ning"]}, {"abbreviation": "LL", "topics": ["leshra\u00f0i", "lesskilningur"]}, {"abbreviation": "MM", "topics": ["m\u00e1lfr\u00e6\u00f0i", "m\u00e1ltilfinning"]}, {"abbreviation": "RG", "topics": ["greinamerkjasetning", "r\u00e9ttritun"]}, {"abbreviation": "SF", "topics": ["fr\u00f3\u00f0leiks\u00f6flun", "samskipti"]}, {"abbreviation": "BK", "topics": ["b\u00f3kmenntir", "kj\u00f6rb\u00f3k"]}, {"abbreviation": "RB", "topics": ["b\u00f3kmenntir", "ritun"]}, {"abbreviation": "BM", "topics": ["b\u00f3kmenntir", "m\u00e1lsaga", "ritun", "tj\u00e1ning"]}, {"abbreviation": "NB", "topics": ["n\u00fat\u00edmab\u00f3kmenntir"]}, {"abbreviation": "BF", "topics": ["b\u00f3kmenntir fyrri alda"]}, {"abbreviation": "SB", "topics": ["menning", "samt\u00edmab\u00f3kmenntir"]}, {"abbreviation": "BB", "topics": ["barnab\u00f3kmenntir"]}, {"abbreviation": "HR", "topics": ["hra\u00f0lestur"]}, {"abbreviation": "YN", "topics": ["yndislestur"]}, {"abbreviation": "ML", "topics": ["leskilningur", "m\u00e1lnotkun", "m\u00e1ltaka", "ritun og tj\u00e1ning"]}, {"abbreviation": "MB", "topics": ["b\u00f3kmenntir og ritun", "m\u00e1lnotkun"]}, {"abbreviation": "MN", "topics": ["b\u00f3kmenntir", "m\u00e1lsaga og nafnasi\u00f0ir"]}, {"abbreviation": "YH", "topics": ["hra\u00f0lestur", "yndislestur"]}, {"abbreviation": "BS", "topics": ["b\u00f3kmenntir s\u00ed\u00f0ari alda"]}, {"abbreviation": "FH", "topics": ["f\u00e9lagsleg m\u00e1lv\u00edsindi", "hlj\u00f3\u00f0fr\u00e6\u00f0i og hlj\u00f3\u00f0kerfisfr\u00e6\u00f0i", "\u00fe\u00fd\u00f0ingar"]}, {"abbreviation": "TB", "topics": ["tj\u00e1skipti barna og fullor\u00f0inna"]}, {"abbreviation": "GL", "topics": ["gl\u00e6pas\u00f6gur"]}, {"abbreviation": "RM", "topics": ["m\u00e1lfr\u00e6\u00f0i", "ritun", "stafsetning"]}, {"abbreviation": "BT", "topics": ["bragfr\u00e6\u00f0i", "setningafr\u00e6\u00f0i", "textar fr\u00e1 \u00fdmsum l\u00f6ndum"]}, {"abbreviation": "MT", "topics": ["m\u00e1lfr\u00e6\u00f0i", "ritun og tj\u00e1ning"]}, {"abbreviation": "BR", "topics": ["b\u00f3kmenntir", "m\u00e1lnotkun", "ritun"]}, {"abbreviation": "MG", "topics": ["b\u00f3kmenntir og ritun", "go\u00f0afr\u00e6\u00f0i", "m\u00e1lsaga"]}, {"abbreviation": "EU", "topics": ["eddukv\u00e6\u00f0i", "uppl\u00fdsing"]}, {"abbreviation": "UK", "topics": ["kreppa", "uppl\u00fdsing"]}, {"abbreviation": "KA", "topics": ["aldam\u00f3t", "kreppa"]}, {"abbreviation": "RN", "topics": ["n\u00fat\u00edmab\u00f3kmenntir", "ritger\u00f0arsm\u00ed\u00f0"]}, {"abbreviation": "KU", "topics": ["kynningarefni", "ums\u00f3knir"]}, {"abbreviation": "RI", "topics": ["ritger\u00f0arsm\u00ed\u00f0", "textar fr\u00e1 \u00fdmsum l\u00f6ndum"]}, {"abbreviation": "BG", "topics": ["b\u00f3kmenntir", "go\u00f0afr\u00e6\u00f0i", "m\u00e1lsaga"]}, {"abbreviation": "FM", "topics": ["fornb\u00f3kmenntir", "m\u00e1lfr\u00e6\u00f0i"]}, {"abbreviation": "BN", "topics": ["b\u00f3kmenntir", "n\u00fat\u00edmi"]}, {"abbreviation": "FO", "topics": ["fornb\u00f3kmenntir"]}, {"abbreviation": "UN", "topics": ["undirb\u00fanings\u00e1fangi \u00ed \u00edslensku"]}, {"abbreviation": "MR", "topics": ["b\u00f3kmenntir", "m\u00e1lnotkun og ritun"]}, {"abbreviation": "ED", "topics": ["eddukv\u00e6\u00f0i og \u00edslendingas\u00f6gur"]}, {"abbreviation": "NJ", "topics": ["fr\u00e1 nj\u00e1lu til n\u00fdr\u00f3mant\u00edkur"]}, {"abbreviation": "\u00d6L", "topics": ["b\u00f3kmenntir \u00e1 20. \u00f6ld"]}, {"abbreviation": "ME", "topics": ["b\u00f3kmenntir"]}, {"abbreviation": "RL", "topics": ["lestur", "ritun og tj\u00e1ning"]}, {"abbreviation": "MI", "topics": ["m\u00e1l og b\u00f3kmenntir fr\u00e1 si\u00f0askiptum til aldam\u00f3tanna 1900"]}, {"abbreviation": "GM", "topics": ["go\u00f0afr\u00e6\u00f0i", "m\u00e1lsaga"]}, {"abbreviation": "GR", "topics": ["grunnur"]}, {"abbreviation": "LR", "topics": ["lestur og ritun"]}, {"abbreviation": "ST", "topics": ["stafsetning"]}, {"abbreviation": "\u00cdS", "topics": ["\u00edslenska"]}, {"abbreviation": "LT", "topics": ["lestur", "m\u00e1lfr\u00e6\u00f0i", "ritun", "stafsetning", "tj\u00e1ning"]}, {"abbreviation": "SR", "topics": ["lestur og tj\u00e1ning", "m\u00e1lfr\u00e6\u00f0i", "ritun", "stafsetning"]}, {"abbreviation": "GO", "topics": ["go\u00f0afr\u00e6\u00f0i", "m\u00e1lnotkun og ritun", "m\u00e1lsaga"]}, {"abbreviation": "NH", "topics": ["b\u00f3kmenntasaga 1900 til samt\u00edmans", "hugtakabeiting", "n\u00fat\u00edmab\u00f3kmenntir"]}, {"abbreviation": "RR", "topics": ["ritger\u00f0asm\u00ed\u00f0", "ritun"]}, {"abbreviation": "LF", "topics": ["b\u00f3kmenntasaga 1550-1900", "l\u00e6rd\u00f3ms\u00f6ld", "rauns\u00e6i"]}, {"abbreviation": "VE", "topics": ["verkefni vali\u00f0 og almenn b\u00f3kmenntafr\u00e6\u00f0i kynnt"]}, {"abbreviation": "MV", "topics": ["m\u00e1lv\u00edsindi"]}, {"abbreviation": "YF", "topics": ["Yndislestur framhald"]}, {"abbreviation": "MH", "topics": ["M\u00e1lsaga og go\u00f0afr\u00e6\u00f0i hra\u00f0fer\u00f0"]}, {"abbreviation": "FF", "topics": ["Fornb\u00f3kmenntir hra\u00f0fer\u00f0"]}, {"abbreviation": "YM", "topics": ["Yndislestur 2"]}, {"abbreviation": "FJ", "topics": ["fj\u00f6lmi\u00f0lal\u00e6si"]}, {"abbreviation": "RV", "topics": ["ritger\u00f0arvinna"]}, {"abbreviation": "LS", "topics": ["- sk\u00e1ldsaga \u00far n\u00fat\u00edma", "lestur og lesskilningur"]}, {"abbreviation": "L\u00cd", "topics": ["lestur og lesskilningur - \u00edslendingas\u00f6gur"]}, {"abbreviation": "LE", "topics": ["lestur og lesskilningur - sk\u00e1lds\u00f6gur 20. aldar"]}, {"abbreviation": "H\u00cd", "topics": ["Hagn\u00fdt \u00edslenska"]}, {"abbreviation": "\u00cdM", "topics": ["\u00edslensk m\u00e1lsaga"]}, {"abbreviation": "KV", "topics": ["b\u00f3kmenntir og kvikmyndir"]}, {"abbreviation": "NG", "topics": ["Norr\u00e6n go\u00f0afr\u00e6\u00f0i"]}, {"abbreviation": "LJ", "topics": ["Lj\u00f3\u00f0"]}, {"abbreviation": "AA", "topics": ["Lestur og ritun"]}, {"abbreviation": "\u00cdC", "topics": ["\u00cdslenska \u00e1 starfsbraut"]}, {"abbreviation": "\u00cdA", "topics": ["\u00cdslenska 1 \u00e1 starfsbraut"]}, {"abbreviation": "\u00cdB", "topics": ["\u00cdslenska 2 \u00e1 starfsbraut"]}, {"abbreviation": "N\u00dd", "topics": ["N\u00fdsk\u00f6pun"]}, {"abbreviation": "AB", "topics": ["B\u00f3kmenntir", "m\u00e1lfr\u00e6\u00f0i og ritun"]}, {"abbreviation": "HI", "topics": ["M\u00e1lnotkun og ritun"]}, {"abbreviation": "TR", "topics": ["M\u00e1lnotun og ritun"]}, {"abbreviation": "TL", "topics": ["L\u00e6si", "ritun", "tj\u00e1ning"]}, {"abbreviation": "OH", "topics": ["hlustun", "or\u00f0afor\u00f0i", "talm\u00e1l og ritun"]}, {"abbreviation": "ES", "topics": ["Eddukv\u00e6\u00f0i til si\u00f0askipta"]}, {"abbreviation": "NA", "topics": ["N\u00fdr\u00f3mant\u00edk til aldam\u00f3ta"]}, {"abbreviation": "SN", "topics": ["Si\u00f0askipti til n\u00fdr\u00f3mant\u00edkur"]}, {"abbreviation": "YL", "topics": ["Yndislestur"]}, {"abbreviation": "SS", "topics": ["Stafsetning"]}, {"abbreviation": "BU", "topics": ["Barna- og unglingab\u00f3kmenntir"]}, {"abbreviation": "SK", "topics": ["sk\u00e1lds\u00f6gur"]}, {"abbreviation": "B\u00d3", "topics": ["B\u00f3kmenntir og tungum\u00e1l fr\u00e1 landn\u00e1mi til si\u00f0askipta"]}, {"abbreviation": "M\u00c1", "topics": ["M\u00e1l- og menningarsaga"]}, {"abbreviation": "NF", "topics": ["N\u00fdsk\u00f6punarferli\u00f0: \u00fe\u00f6rf", "afur\u00f0", "lausn"]}, {"abbreviation": "A\u00cd", "topics": ["Almenn \u00edslenska \u00e1 1 \u00ferepi"]}, {"abbreviation": "AM", "topics": ["almenn m\u00e1lnotkun", "b\u00f3kmenntir", "ritun"]}, {"abbreviation": "RS", "topics": ["Skapandi skrif"]}, {"abbreviation": "SP", "topics": ["Spennus\u00f6gur"]}, {"abbreviation": "\u00cdD", "topics": ["\u00cdslenska \u00e1 starfsbraut 4"]}, {"abbreviation": "\u00cdE", "topics": ["\u00cdslenska 5 \u00e1 starfsbraut"]}, {"abbreviation": "SM", "topics": ["Sk\u00e1lds\u00f6gur"]}, {"abbreviation": "M\u00de", "topics": ["\u00cdSLE"]}, {"abbreviation": "SA", "topics": ["Sk\u00f6pun \u00ed v\u00ed\u00f0u samhengi"]}, {"abbreviation": "SJ", "topics": ["L\u00e6si", "b\u00f3kmenntir", "hugtakaskilningur", "m\u00e1lfr\u00e6\u00f0i", "sj\u00e1lfb\u00e6rni og ritun"]}, {"abbreviation": "LM", "topics": ["L\u00e6si", "l\u00fd\u00f0r\u00e6\u00f0i", "mannr\u00e9ttindi og b\u00f3kmenntir"]}, {"abbreviation": "JR", "topics": ["L\u00e6si", "b\u00f3kmenntir og ritun", "jafnr\u00e9tti"]}, {"abbreviation": "HV", "topics": ["L\u00e6si", "heilbrig\u00f0i", "velfer\u00f0 og b\u00f3kmenntir"]}, {"abbreviation": "DB", "topics": ["Sk\u00f3labla\u00f0"]}, {"abbreviation": "\u00c6F", "topics": ["Go\u00f0s\u00f6gur", "fantas\u00edur", "\u00e6vint\u00fdri"]}, {"abbreviation": "VM", "topics": ["Verkefna\u00e1fangi \u00ed m\u00e1lv\u00edsindum"]}, {"abbreviation": "VB", "topics": ["Verkefna\u00e1fangi \u00ed b\u00f3kmenntum"]}, {"abbreviation": "SW", "topics": ["Stafsetning og ritun"]}, {"abbreviation": "MF", "topics": ["M\u00e1lfr\u00e6\u00f0i"]}, {"abbreviation": "SG", "topics": ["B\u00f3kmenntir", "setningafr\u00e6\u00f0i og go\u00f0afr\u00e6\u00f0i"]}, {"abbreviation": "OF", "topics": ["frambur\u00f0ur", "lestrarf\u00e6rni", "or\u00f0afor\u00f0i"]}, {"abbreviation": "CA", "topics": ["B\u00f3kmenntir fram til 1550"]}, {"abbreviation": "BH", "topics": ["Go\u00f0afr\u00e6\u00f0i", "m\u00e1lsaga og ritger\u00f0asm\u00ed\u00f0"]}, {"abbreviation": "DD", "topics": ["B\u00f3kmenntir og b\u00f3kmenntasaga", "einkum 1550-1900."]}, {"abbreviation": "CH", "topics": ["\u00cdslenska 3. Hra\u00f0fer\u00f0"]}, {"abbreviation": "EE", "topics": ["B\u00f3kmenntir og b\u00f3kmenntasaga eftir 1900."]}, {"abbreviation": "HL", "topics": ["M\u00e1lsaga og hlj\u00f3\u00f0fr\u00e6\u00f0i"]}, {"abbreviation": "CB", "topics": ["heimsb\u00f3kmenntir"]}, {"abbreviation": "AL", "topics": ["Almenn m\u00e1lnotkun og l\u00e6si"]}, {"abbreviation": "GF", "topics": ["Go\u00f0afr\u00e6\u00f0i og fornb\u00f3kmenntir"]}, {"abbreviation": "TE", "topics": ["Ritun og textagreining"]}, {"abbreviation": "MA", "topics": ["Menningararfur \u00ed n\u00fat\u00edmanum"]}, {"abbreviation": "S\u00c1", "topics": ["Skrefa\u00f0", "skrifa\u00f0 og skrafa\u00f0 um n\u00e6rsamf\u00e9lagi\u00f0/\u00e1tthagana."]}, {"abbreviation": "NM", "topics": ["fr\u00e1 n\u00fdr\u00f3mant\u00edk til m\u00f3dernisma"]}, {"abbreviation": "HM", "topics": ["Heimildir og m\u00e1lnotkun"]}, {"abbreviation": "M\u00c6", "topics": ["Menningarl\u00e6si"]}, {"abbreviation": "CK", "topics": ["\u00edslenskar kvikmyndir"]}, {"abbreviation": "CL", "topics": ["Leikh\u00fas og leikb\u00f3kmenntir"]}, {"abbreviation": "DL", "topics": ["Leikh\u00fas og leikb\u00f3kmenntir."]}, {"abbreviation": "CN", "topics": ["\u00derj\u00fa verk Halld\u00f3rs Laxness."]}, {"abbreviation": "HB", "topics": ["B\u00f3kmenntir", "heimildaritger\u00f0", "m\u00e1lsaga"]}, {"abbreviation": "CU", "topics": ["Barnab\u00f3kmenntir."]}, {"abbreviation": "CP", "topics": ["Textager\u00f0 og ritstj\u00f3rn"]}, {"abbreviation": "CY", "topics": ["Yndislestur I"]}, {"abbreviation": "DY", "topics": ["Yndislestur II"]}, {"abbreviation": "RH", "topics": ["\u00darvinnsla heimilda og ritun"]}, {"abbreviation": "B\u00cd", "topics": ["B\u00f3kmenntasaga", "\u00cdslendingasaga og forn kve\u00f0skapur"]}, {"abbreviation": "BL", "topics": ["B\u00f3kmenntasaga", "leikritalestur", "lj\u00f3\u00f0alestur", "n\u00fat\u00edmab\u00f3kmenntir"]}, {"abbreviation": "RF", "topics": ["Ritger\u00f0arskrif", "go\u00f0afr\u00e6\u00f0i og m\u00e1lsaga"]}, {"abbreviation": "KM", "topics": ["b\u00f3kmenntir", "kv\u00e6\u00f0i", "lj\u00f3\u00f0", "m\u00e1lnotkun", "ritun"]}, {"abbreviation": "SL", "topics": ["Ritlist"]}, {"abbreviation": "RO", "topics": ["lestur", "m\u00e1lnotkun", "or\u00f0afor\u00f0i", "ritun"]}, {"abbreviation": "LB", "topics": ["b\u00f3kmenntir", "l\u00e6si", "ritun", "stafsetning"]}, {"abbreviation": "FL", "topics": ["frams\u00f6gn", "lestur", "margv\u00edsleg ritun", "or\u00f0afor\u00f0i"]}, {"abbreviation": "HS", "topics": ["heimildavinna", "m\u00e1lnotkun", "ritun", "setningafr\u00e6\u00f0i"]}, {"abbreviation": "KB", "topics": ["b\u00f3kmenntasaga", "heimildavinna", "kynningar", "valdir b\u00f3kmenntatextar"]}, {"abbreviation": "VT", "topics": ["b\u00f3kmenntasaga", "stefnur \u00ed listum og menningu", "valdir b\u00f3kmenntatextar"]}, {"abbreviation": "KF", "topics": ["fr\u00e6\u00f0ileg umfj\u00f6llun", "kvikmyndafr\u00e6\u00f0i", "kvikmyndal\u00e6si", "samf\u00e9lagsr\u00fdni"]}, {"abbreviation": "UM", "topics": ["m\u00e1lfr\u00e6\u00f0i", "or\u00f0afor\u00f0i", "uppruni m\u00e1la", "\u00edslensk m\u00e1lsaga"]}, {"abbreviation": "\u00deH", "topics": ["\u00fej\u00f3\u00f0h\u00e1ttafr\u00e6\u00f0i", "\u00fej\u00f3\u00f0l\u00edfsfr\u00e6\u00f0i", "\u00fej\u00f3\u00f0sagnafr\u00e6\u00f0i og hversdagsmenning"]}, {"abbreviation": "FS", "topics": ["lestur fagurb\u00f3kmennta", "skapandi skrif", "t\u00falkunarm\u00f6guleikar"]}, {"abbreviation": "KS", "topics": ["mi\u00f0aldab\u00f3kmenntir (kv\u00e6\u00f0i og s\u00f6gur)", "\u00e1hrif \u00feeirra \u00e1 n\u00fat\u00edmaverk"]}, {"abbreviation": "TS", "topics": ["m\u00e1lfar", "samf\u00e9lag", "tj\u00e1skipti", "tungum\u00e1l"]}, {"abbreviation": "\u00c1\u00d6", "topics": ["\u00c1stir og \u00f6rl\u00f6g \u00ed b\u00f3kmenntum fyrri alda"]}, {"abbreviation": "LH", "topics": ["Leikh\u00fas", "leiklist og leikb\u00f3kmenntir"]}, {"abbreviation": "DE", "topics": ["Delludagar", "Lestur og ritun"]}, {"abbreviation": "FV", "topics": ["Frumverk", "Lestur og ritun"]}, {"abbreviation": "A\u00de", "topics": ["Af\u00fereyingarb\u00f3kmenntir"]}, {"abbreviation": "B\u00de", "topics": ["\u00dej\u00f3\u00f0ararfurinn og tenging hans vi\u00f0 n\u00fat\u00edmann"]}, {"abbreviation": "OS", "topics": ["Or\u00f0spor"]}, {"abbreviation": "UT", "topics": ["Munnleg tj\u00e1ning"]}, {"abbreviation": "V\u00cd", "topics": ["V\u00edkingar og menning \u00feeirra"]}, {"abbreviation": "LX", "topics": ["Halld\u00f3r Laxness"]}, {"abbreviation": "ON", "topics": ["Beyginar", "frambur\u00f0ur", "setningaskipan og or\u00f0afor\u00f0i n\u00fat\u00edmam\u00e1ls"]}], "_id": "50c0a02dd8e40575f7f6f4a2", "subjects": ["\u00edslenska"], "counter": {"1": 42, "3": 54, "2": 32, "4": 2}}, "evaluation": "N\u00e1msmat er \u00fatf\u00e6rt \u00ed kennslu\u00e1\u00e6tlun.", "categorization_suggestion": "", "embedded_topics": {"abbreviation": "MR", "topics": ["b\u00f3kmenntir", "m\u00e1lnotkun og ritun"]}, "status": "approved by school", "description": "\u00cd \u00e1fanganum er unni\u00f0 me\u00f0 a\u00f0fer\u00f0arfr\u00e6\u00f0i. Helstu hugt\u00f6k b\u00f3kmennta, m\u00e1lnotkunar og ritunar eru tekin til athugunar. Nemendur eru m.a. \u00fej\u00e1lfa\u00f0ir \u00ed ger\u00f0 heimildaritger\u00f0a og fr\u00e1gangi rita\u00f0s m\u00e1ls. Fari\u00f0 er \u00ed helstu grundvallaratri\u00f0i setningafr\u00e6\u00f0i og fjalla\u00f0 er um \u00fdmislegt tengt m\u00e1lnotkun. Einnig vinna nemendur me\u00f0 helstu hugt\u00f6k b\u00f3kmenntafr\u00e6\u00f0i. Lesin er ein valb\u00f3k og unni\u00f0 me\u00f0 hana. Auk \u00feess f\u00e1 nemendur lestrar\u00fej\u00e1lfun vi\u00f0 lestur \u00fdmiskonar texta.", "knowledge_goals": ["grunnhugt\u00f6kum \u00ed b\u00f3kmenntafr\u00e6\u00f0i", "helstu m\u00e1lfr\u00e6\u00f0ihugt\u00f6kum og ritreglum", "byggingu ritsm\u00ed\u00f0a", "grundvallarvinnubr\u00f6g\u00f0um vi\u00f0 skrif heimildaritger\u00f0a"], "skills_goals": ["rita \u00f3l\u00edkar tegundir ritsm\u00ed\u00f0a \u00fear sem hann beitir gagnr\u00fdninni hugsun og kemur sko\u00f0unum s\u00ednum \u00e1 framf\u00e6ri \u00e1 greinarg\u00f3\u00f0an h\u00e1tt", "nota vi\u00f0eigandi hj\u00e1lparg\u00f6gn vi\u00f0 fr\u00e1gang ritsm\u00ed\u00f0a", "draga saman og n\u00fdta uppl\u00fdsingar \u00far \u00fdmiskonar heimildum og fl\u00e9tta saman vi\u00f0 eigin vi\u00f0horf og \u00e1lyktanir", "n\u00fdta m\u00e1lfr\u00e6\u00f0ihugt\u00f6k og m\u00e1lfr\u00e6\u00f0ilegar uppl\u00fdsingar til a\u00f0 efla eigin m\u00e1lf\u00e6rni", "lesa s\u00e9r til gagns og gamans", "fjalla um b\u00f3kmenntaverk og inntak \u00feeirra"], "credits": 5, "last_modified": 1425389093.236388, "schools": ["512351988caa45ed97015b44"], "coauthors": null, "instructions": "", "continued_education": false, "level": 2, "prerequisites": "Engar", "author": "6ea856f5-9f60-4d4f-a95e-aa9dbcc89d01", "abbreviation_version": null, "competence_goals": [["vinna \u00f3l\u00edk verkefni \u00ed tengslum vi\u00f0 n\u00e1msefni\u00f0 og s\u00fdna tilbrig\u00f0i \u00ed m\u00e1lnotkun", ""], ["styrkja eigin m\u00e1lf\u00e6rni, t.d. me\u00f0 \u00fev\u00ed a\u00f0 n\u00fdta m\u00e1lfr\u00e6\u00f0iuppl\u00fdsingar \u00ed handb\u00f3kum og \u00e1 veraldarvefnum", ""], ["beita sk\u00fdru og bl\u00e6brig\u00f0ar\u00edku m\u00e1li \u00ed r\u00e6\u00f0u og riti", ""], ["taka \u00fe\u00e1tt \u00ed m\u00e1lefnalegum umr\u00e6\u00f0um, byggja upp sk\u00fdra r\u00f6ksemdaf\u00e6rslu, tj\u00e1 afst\u00f6\u00f0u og efasemdir um efni\u00f0 og komast a\u00f0 ni\u00f0urst\u00f6\u00f0u", ""]], "_id": "54f5b62562933a3c2200042a"}, {"exemplary": null, "topics": "Fj\u00e1rm\u00e1lal\u00e6si, gr\u00f6f og f\u00f6ll, t\u00f6lfr\u00e6\u00f0i", "abbreviation": "FJ\u00c1R1FT05", "former_schools": null, "subject": "fj\u00e1rm\u00e1lal\u00e6si", "title": "Fj\u00e1rm\u00e1lal\u00e6si og t\u00f6lfr\u00e6\u00f0i ", "version": 8, "status_trans": "Sam\u00feykkt af sk\u00f3la", "embedded_subject": {"abbreviation": "FJ\u00c1R", "topics": [{"abbreviation": "HB", "topics": ["almennur fj\u00e1rm\u00e1la", "einfalt heimilisb\u00f3khald", "og vinnumarka\u00f0ur", "r\u00e9ttindi og skyldur neytenda", "yfirs\u00fdn yfir eigin \u00fatgj\u00f6ld og tekjur"]}, {"abbreviation": "FL", "topics": ["fj\u00e1rm\u00e1l", "l\u00e6si"]}, {"abbreviation": "FE", "topics": ["einstaklinga", "fj\u00e1rm\u00e1l"]}, {"abbreviation": "FS", "topics": ["fj\u00e1rm\u00e1la", "stj\u00f3rnun"]}, {"abbreviation": "FJ", "topics": ["fj\u00e1rm\u00e1l einstaklinga"]}, {"abbreviation": "HE", "topics": ["heimilisb\u00f3khald"]}, {"abbreviation": "VI", "topics": ["vinnumarka\u00f0ur"]}, {"abbreviation": "FD", "topics": ["Fj\u00e1rm\u00e1lal\u00e6si daglegs l\u00edfs"]}, {"abbreviation": "TG", "topics": ["fj\u00e1rfestingar", "hlutabr\u00e9f", "skuldabr\u00e9f", "ver\u00f0br\u00e9f"]}, {"abbreviation": "FF", "topics": ["Fj\u00e1rfestingavalkostir", "hlutabr\u00e9f", "skuldabr\u00e9f"]}, {"abbreviation": "FU", "topics": ["Fj\u00e1rm\u00e1l ungs f\u00f3lks"]}, {"abbreviation": "FT", "topics": ["Fj\u00e1rm\u00e1lal\u00e6si", "gr\u00f6f og f\u00f6ll", "t\u00f6lfr\u00e6\u00f0i"]}], "_id": "50c0a02dd8e40575f7f6f49d", "subjects": ["fj\u00e1rm\u00e1lal\u00e6si"], "counter": {"1": 7, "3": 0, "2": 0, "4": 0}}, "evaluation": "N\u00e1msmat er tilgreint \u00ed kennslu\u00e1\u00e6tlun.", "categorization_suggestion": "", "embedded_topics": {"abbreviation": "FT", "topics": ["Fj\u00e1rm\u00e1lal\u00e6si", "gr\u00f6f og f\u00f6ll", "t\u00f6lfr\u00e6\u00f0i"]}, "status": "approved by school", "description": "Meginefni \u00e1fangans eru fj\u00e1rm\u00e1l, t\u00f6lfr\u00e6\u00f0i, pr\u00f3sentur, gr\u00f6f og f\u00f6ll. \nEfnis\u00fe\u00e6ttir sem teknir eru fyrir \u00ed \u00e1fanganum eru:  \nFj\u00e1rm\u00e1l: Pr\u00f3sentureikningur tengdur fj\u00e1rm\u00e1lum, \u00e1lagning, afsl\u00e1ttur, vir\u00f0isaukaskattur, vextir, vaxtavextir, ver\u00f0b\u00f3lga, v\u00edsit\u00f6lur, ver\u00f0trygging, skattam\u00e1l, kjarasamningar, l\u00edfeyrir, s\u00e9reignarsparna\u00f0ur, hagn\u00fdt atri\u00f0i sem snerta fj\u00e1rm\u00e1l einstaklinga. \nT\u00f6lfr\u00e6\u00f0i: Lesi\u00f0 \u00far t\u00f6flum, l\u00ednu-, st\u00f6pla- og sk\u00edfuritum, sl\u00edk rit teiknu\u00f0 einkum me\u00f0 a\u00f0sto\u00f0 t\u00f6flureiknis. Me\u00f0altal, mi\u00f0gildi, t\u00ed\u00f0asta gildi og t\u00ed\u00f0ni, unni\u00f0 me\u00f0 gagnas\u00f6fn. Einf\u00f6ld framsetning og form\u00falur \u00ed t\u00f6flureikni.  Mikil \u00e1hersla er l\u00f6g\u00f0 \u00e1 \u00f3uppsett d\u00e6mi og a\u00f0 d\u00e6mi s\u00e9u sem hagn\u00fdtust og unnin \u00ed t\u00f6flureikni.\nJ\u00f6fnur: Lausn fyrsta stigs jafna. \nGr\u00f6f og f\u00f6ll: Lesi\u00f0 \u00far gr\u00f6fum, hlutf\u00f6ll, fallhugtaki\u00f0, bein l\u00edna, veldisv\u00edsisf\u00f6ll og st\u00e6r\u00f0fr\u00e6\u00f0il\u00edk\u00f6n. Nemendur vinna \u00ed lokin samvinnuverkefni \u00fear sem \u00feeir tengja saman sem flesta \u00fe\u00e6tti n\u00e1msefnisins og kynna ni\u00f0urst\u00f6\u00f0ur s\u00ednar fyrir samnemendum. ", "knowledge_goals": ["fj\u00e1rm\u00e1lum, t\u00f6lfr\u00e6\u00f0i, pr\u00f3sentum, gr\u00f6fum og f\u00f6llum eins og a\u00f0 framan greinir"], "skills_goals": ["leysa \u00f6ll algeng d\u00e6mi um pr\u00f3sentureikning, \u00fe.m.t. \u00fatreikninga \u00e1 vir\u00f0isaukaskatti, samsettar pr\u00f3sentur, reikning vaxta og vaxtavaxta og a\u00f0 skilja og vinna me\u00f0 fj\u00e1rm\u00e1lahugt\u00f6k, s.s. v\u00edsit\u00f6lu, ver\u00f0b\u00f3lgu og ver\u00f0tryggingu, eins og a\u00f0 framan greinir", "lesa \u00far t\u00f6lfr\u00e6\u00f0ilegum uppl\u00fdsingum og setja sj\u00e1lfur fram uppl\u00fdsingar skriflega e\u00f0a myndr\u00e6nt me\u00f0 a\u00f0sto\u00f0 t\u00f6flureiknis", "gera einfalda t\u00f6lfr\u00e6\u00f0iranns\u00f3kn og reikna me\u00f0altal, mi\u00f0gildi, t\u00ed\u00f0asta gildi og t\u00ed\u00f0ni", "leysa fyrsta stigs j\u00f6fnur", "lesa \u00far gr\u00f6fum, teikna graf beinnar l\u00ednu \u00ed hnitakerfi og vinna me\u00f0 hallat\u00f6lur og hlutf\u00f6ll"], "credits": 5, "last_modified": 1430729633.862044, "schools": ["512351988caa45ed97015b44"], "coauthors": null, "instructions": "", "continued_education": false, "level": 1, "prerequisites": "Engar", "author": "6ea856f5-9f60-4d4f-a95e-aa9dbcc89d01", "abbreviation_version": null, "competence_goals": [["skilja og meta \u00e1 gagnr\u00fdninn h\u00e1tt uppl\u00fdsingar \u00far fj\u00f6lmi\u00f0lum \u00fear sem st\u00e6r\u00f0fr\u00e6\u00f0i kemur vi\u00f0 s\u00f6gu, hvort sem \u00fe\u00e6r eru skriflegar, tala\u00f0ar e\u00f0a myndr\u00e6nar", ""], ["skilja betur \u00fe\u00e1 \u00fe\u00e6tti sem hafa \u00e1hrif \u00e1 fj\u00e1rm\u00e1l einstaklinga og taka skynsamlegar \u00e1kvar\u00f0anir um eigin fj\u00e1rhag", ""], ["\u00fe\u00fd\u00f0a margs konar verkefni \u00far daglegu l\u00edfi \u00e1 st\u00e6r\u00f0fr\u00e6\u00f0im\u00e1l, setja \u00feau upp sem st\u00e6r\u00f0fr\u00e6\u00f0ilegt vi\u00f0fangsefni, leysa \u00feau og meta hvort sv\u00f6r eru raunh\u00e6f", ""], ["r\u00e6\u00f0a um st\u00e6r\u00f0fr\u00e6\u00f0ileg vi\u00f0fangsefni vi\u00f0 a\u00f0ra og setja \u00farlausnir s\u00ednar fram skriflega e\u00f0a myndr\u00e6nt \u00e1 skiljanlegan og snyrtilegan h\u00e1tt, gjarnan me\u00f0 a\u00f0sto\u00f0 t\u00f6lvu", ""], ["takast \u00e1 vi\u00f0 st\u00e6r\u00f0fr\u00e6\u00f0ileg verkefni me\u00f0 opnum og j\u00e1kv\u00e6\u00f0um hug", ""]], "_id": "554733a162933a2b9f000967"}, {"exemplary": null, "topics": "Rauns\u00e6i, b\u00f3kmenntasaga 20. aldar og 21. aldar.", "abbreviation": "\u00cdSLE3RD05", "former_schools": null, "subject": "\u00edslenska", "title": "Fr\u00e1 rauns\u00e6i til dagsins \u00ed dag", "version": 62, "status_trans": "Sam\u00feykkt af sk\u00f3la", "embedded_subject": {"abbreviation": "\u00cdSLE", "topics": [{"abbreviation": "VR", "topics": ["ritun", "vi\u00f0skiptaskj\u00f6l"]}, {"abbreviation": "TM", "topics": ["m\u00e1lskilningur", "tj\u00e1ning"]}, {"abbreviation": "MS", "topics": ["m\u00e1lskilningur", "s\u00e9rdeild"]}, {"abbreviation": "RT", "topics": ["ritun og tj\u00e1ning"]}, {"abbreviation": "LL", "topics": ["leshra\u00f0i", "lesskilningur"]}, {"abbreviation": "MM", "topics": ["m\u00e1lfr\u00e6\u00f0i", "m\u00e1ltilfinning"]}, {"abbreviation": "RG", "topics": ["greinamerkjasetning", "r\u00e9ttritun"]}, {"abbreviation": "SF", "topics": ["fr\u00f3\u00f0leiks\u00f6flun", "samskipti"]}, {"abbreviation": "BK", "topics": ["b\u00f3kmenntir", "kj\u00f6rb\u00f3k"]}, {"abbreviation": "RB", "topics": ["b\u00f3kmenntir", "ritun"]}, {"abbreviation": "BM", "topics": ["b\u00f3kmenntir", "m\u00e1lsaga", "ritun", "tj\u00e1ning"]}, {"abbreviation": "NB", "topics": ["n\u00fat\u00edmab\u00f3kmenntir"]}, {"abbreviation": "BF", "topics": ["b\u00f3kmenntir fyrri alda"]}, {"abbreviation": "SB", "topics": ["menning", "samt\u00edmab\u00f3kmenntir"]}, {"abbreviation": "BB", "topics": ["barnab\u00f3kmenntir"]}, {"abbreviation": "HR", "topics": ["hra\u00f0lestur"]}, {"abbreviation": "YN", "topics": ["yndislestur"]}, {"abbreviation": "ML", "topics": ["leskilningur", "m\u00e1lnotkun", "m\u00e1ltaka", "ritun og tj\u00e1ning"]}, {"abbreviation": "MB", "topics": ["b\u00f3kmenntir og ritun", "m\u00e1lnotkun"]}, {"abbreviation": "MN", "topics": ["b\u00f3kmenntir", "m\u00e1lsaga og nafnasi\u00f0ir"]}, {"abbreviation": "YH", "topics": ["hra\u00f0lestur", "yndislestur"]}, {"abbreviation": "BS", "topics": ["b\u00f3kmenntir s\u00ed\u00f0ari alda"]}, {"abbreviation": "FH", "topics": ["f\u00e9lagsleg m\u00e1lv\u00edsindi", "hlj\u00f3\u00f0fr\u00e6\u00f0i og hlj\u00f3\u00f0kerfisfr\u00e6\u00f0i", "\u00fe\u00fd\u00f0ingar"]}, {"abbreviation": "TB", "topics": ["tj\u00e1skipti barna og fullor\u00f0inna"]}, {"abbreviation": "GL", "topics": ["gl\u00e6pas\u00f6gur"]}, {"abbreviation": "RM", "topics": ["m\u00e1lfr\u00e6\u00f0i", "ritun", "stafsetning"]}, {"abbreviation": "BT", "topics": ["bragfr\u00e6\u00f0i", "setningafr\u00e6\u00f0i", "textar fr\u00e1 \u00fdmsum l\u00f6ndum"]}, {"abbreviation": "MT", "topics": ["m\u00e1lfr\u00e6\u00f0i", "ritun og tj\u00e1ning"]}, {"abbreviation": "BR", "topics": ["b\u00f3kmenntir", "m\u00e1lnotkun", "ritun"]}, {"abbreviation": "MG", "topics": ["b\u00f3kmenntir og ritun", "go\u00f0afr\u00e6\u00f0i", "m\u00e1lsaga"]}, {"abbreviation": "EU", "topics": ["eddukv\u00e6\u00f0i", "uppl\u00fdsing"]}, {"abbreviation": "UK", "topics": ["kreppa", "uppl\u00fdsing"]}, {"abbreviation": "KA", "topics": ["aldam\u00f3t", "kreppa"]}, {"abbreviation": "RN", "topics": ["n\u00fat\u00edmab\u00f3kmenntir", "ritger\u00f0arsm\u00ed\u00f0"]}, {"abbreviation": "KU", "topics": ["kynningarefni", "ums\u00f3knir"]}, {"abbreviation": "RI", "topics": ["ritger\u00f0arsm\u00ed\u00f0", "textar fr\u00e1 \u00fdmsum l\u00f6ndum"]}, {"abbreviation": "BG", "topics": ["b\u00f3kmenntir", "go\u00f0afr\u00e6\u00f0i", "m\u00e1lsaga"]}, {"abbreviation": "FM", "topics": ["fornb\u00f3kmenntir", "m\u00e1lfr\u00e6\u00f0i"]}, {"abbreviation": "BN", "topics": ["b\u00f3kmenntir", "n\u00fat\u00edmi"]}, {"abbreviation": "FO", "topics": ["fornb\u00f3kmenntir"]}, {"abbreviation": "UN", "topics": ["undirb\u00fanings\u00e1fangi \u00ed \u00edslensku"]}, {"abbreviation": "MR", "topics": ["b\u00f3kmenntir", "m\u00e1lnotkun og ritun"]}, {"abbreviation": "ED", "topics": ["eddukv\u00e6\u00f0i og \u00edslendingas\u00f6gur"]}, {"abbreviation": "NJ", "topics": ["fr\u00e1 nj\u00e1lu til n\u00fdr\u00f3mant\u00edkur"]}, {"abbreviation": "\u00d6L", "topics": ["b\u00f3kmenntir \u00e1 20. \u00f6ld"]}, {"abbreviation": "ME", "topics": ["b\u00f3kmenntir"]}, {"abbreviation": "RL", "topics": ["lestur", "ritun og tj\u00e1ning"]}, {"abbreviation": "MI", "topics": ["m\u00e1l og b\u00f3kmenntir fr\u00e1 si\u00f0askiptum til aldam\u00f3tanna 1900"]}, {"abbreviation": "GM", "topics": ["go\u00f0afr\u00e6\u00f0i", "m\u00e1lsaga"]}, {"abbreviation": "GR", "topics": ["grunnur"]}, {"abbreviation": "LR", "topics": ["lestur og ritun"]}, {"abbreviation": "ST", "topics": ["stafsetning"]}, {"abbreviation": "\u00cdS", "topics": ["\u00edslenska"]}, {"abbreviation": "LT", "topics": ["lestur", "m\u00e1lfr\u00e6\u00f0i", "ritun", "stafsetning", "tj\u00e1ning"]}, {"abbreviation": "SR", "topics": ["lestur og tj\u00e1ning", "m\u00e1lfr\u00e6\u00f0i", "ritun", "stafsetning"]}, {"abbreviation": "GO", "topics": ["go\u00f0afr\u00e6\u00f0i", "m\u00e1lnotkun og ritun", "m\u00e1lsaga"]}, {"abbreviation": "NH", "topics": ["b\u00f3kmenntasaga 1900 til samt\u00edmans", "hugtakabeiting", "n\u00fat\u00edmab\u00f3kmenntir"]}, {"abbreviation": "RR", "topics": ["ritger\u00f0asm\u00ed\u00f0", "ritun"]}, {"abbreviation": "LF", "topics": ["b\u00f3kmenntasaga 1550-1900", "l\u00e6rd\u00f3ms\u00f6ld", "rauns\u00e6i"]}, {"abbreviation": "VE", "topics": ["verkefni vali\u00f0 og almenn b\u00f3kmenntafr\u00e6\u00f0i kynnt"]}, {"abbreviation": "MV", "topics": ["m\u00e1lv\u00edsindi"]}, {"abbreviation": "YF", "topics": ["Yndislestur framhald"]}, {"abbreviation": "MH", "topics": ["M\u00e1lsaga og go\u00f0afr\u00e6\u00f0i hra\u00f0fer\u00f0"]}, {"abbreviation": "FF", "topics": ["Fornb\u00f3kmenntir hra\u00f0fer\u00f0"]}, {"abbreviation": "YM", "topics": ["Yndislestur 2"]}, {"abbreviation": "FJ", "topics": ["fj\u00f6lmi\u00f0lal\u00e6si"]}, {"abbreviation": "RV", "topics": ["ritger\u00f0arvinna"]}, {"abbreviation": "LS", "topics": ["- sk\u00e1ldsaga \u00far n\u00fat\u00edma", "lestur og lesskilningur"]}, {"abbreviation": "L\u00cd", "topics": ["lestur og lesskilningur - \u00edslendingas\u00f6gur"]}, {"abbreviation": "LE", "topics": ["lestur og lesskilningur - sk\u00e1lds\u00f6gur 20. aldar"]}, {"abbreviation": "H\u00cd", "topics": ["Hagn\u00fdt \u00edslenska"]}, {"abbreviation": "\u00cdM", "topics": ["\u00edslensk m\u00e1lsaga"]}, {"abbreviation": "KV", "topics": ["b\u00f3kmenntir og kvikmyndir"]}, {"abbreviation": "NG", "topics": ["Norr\u00e6n go\u00f0afr\u00e6\u00f0i"]}, {"abbreviation": "LJ", "topics": ["Lj\u00f3\u00f0"]}, {"abbreviation": "AA", "topics": ["Lestur og ritun"]}, {"abbreviation": "\u00cdC", "topics": ["\u00cdslenska \u00e1 starfsbraut"]}, {"abbreviation": "\u00cdA", "topics": ["\u00cdslenska 1 \u00e1 starfsbraut"]}, {"abbreviation": "\u00cdB", "topics": ["\u00cdslenska 2 \u00e1 starfsbraut"]}, {"abbreviation": "N\u00dd", "topics": ["N\u00fdsk\u00f6pun"]}, {"abbreviation": "AB", "topics": ["B\u00f3kmenntir", "m\u00e1lfr\u00e6\u00f0i og ritun"]}, {"abbreviation": "HI", "topics": ["M\u00e1lnotkun og ritun"]}, {"abbreviation": "TR", "topics": ["M\u00e1lnotun og ritun"]}, {"abbreviation": "TL", "topics": ["L\u00e6si", "ritun", "tj\u00e1ning"]}, {"abbreviation": "OH", "topics": ["hlustun", "or\u00f0afor\u00f0i", "talm\u00e1l og ritun"]}, {"abbreviation": "ES", "topics": ["Eddukv\u00e6\u00f0i til si\u00f0askipta"]}, {"abbreviation": "NA", "topics": ["N\u00fdr\u00f3mant\u00edk til aldam\u00f3ta"]}, {"abbreviation": "SN", "topics": ["Si\u00f0askipti til n\u00fdr\u00f3mant\u00edkur"]}, {"abbreviation": "YL", "topics": ["Yndislestur"]}, {"abbreviation": "SS", "topics": ["Stafsetning"]}, {"abbreviation": "BU", "topics": ["Barna- og unglingab\u00f3kmenntir"]}, {"abbreviation": "SK", "topics": ["sk\u00e1lds\u00f6gur"]}, {"abbreviation": "B\u00d3", "topics": ["B\u00f3kmenntir og tungum\u00e1l fr\u00e1 landn\u00e1mi til si\u00f0askipta"]}, {"abbreviation": "M\u00c1", "topics": ["M\u00e1l- og menningarsaga"]}, {"abbreviation": "NF", "topics": ["N\u00fdsk\u00f6punarferli\u00f0: \u00fe\u00f6rf", "afur\u00f0", "lausn"]}, {"abbreviation": "A\u00cd", "topics": ["Almenn \u00edslenska \u00e1 1 \u00ferepi"]}, {"abbreviation": "AM", "topics": ["almenn m\u00e1lnotkun", "b\u00f3kmenntir", "ritun"]}, {"abbreviation": "RS", "topics": ["Skapandi skrif"]}, {"abbreviation": "SP", "topics": ["Spennus\u00f6gur"]}, {"abbreviation": "\u00cdD", "topics": ["\u00cdslenska \u00e1 starfsbraut 4"]}, {"abbreviation": "\u00cdE", "topics": ["\u00cdslenska 5 \u00e1 starfsbraut"]}, {"abbreviation": "SM", "topics": ["Sk\u00e1lds\u00f6gur"]}, {"abbreviation": "M\u00de", "topics": ["\u00cdSLE"]}, {"abbreviation": "SA", "topics": ["Sk\u00f6pun \u00ed v\u00ed\u00f0u samhengi"]}, {"abbreviation": "SJ", "topics": ["L\u00e6si", "b\u00f3kmenntir", "hugtakaskilningur", "m\u00e1lfr\u00e6\u00f0i", "sj\u00e1lfb\u00e6rni og ritun"]}, {"abbreviation": "LM", "topics": ["L\u00e6si", "l\u00fd\u00f0r\u00e6\u00f0i", "mannr\u00e9ttindi og b\u00f3kmenntir"]}, {"abbreviation": "JR", "topics": ["L\u00e6si", "b\u00f3kmenntir og ritun", "jafnr\u00e9tti"]}, {"abbreviation": "HV", "topics": ["L\u00e6si", "heilbrig\u00f0i", "velfer\u00f0 og b\u00f3kmenntir"]}, {"abbreviation": "DB", "topics": ["Sk\u00f3labla\u00f0"]}, {"abbreviation": "\u00c6F", "topics": ["Go\u00f0s\u00f6gur", "fantas\u00edur", "\u00e6vint\u00fdri"]}, {"abbreviation": "VM", "topics": ["Verkefna\u00e1fangi \u00ed m\u00e1lv\u00edsindum"]}, {"abbreviation": "VB", "topics": ["Verkefna\u00e1fangi \u00ed b\u00f3kmenntum"]}, {"abbreviation": "SW", "topics": ["Stafsetning og ritun"]}, {"abbreviation": "MF", "topics": ["M\u00e1lfr\u00e6\u00f0i"]}, {"abbreviation": "SG", "topics": ["B\u00f3kmenntir", "setningafr\u00e6\u00f0i og go\u00f0afr\u00e6\u00f0i"]}, {"abbreviation": "OF", "topics": ["frambur\u00f0ur", "lestrarf\u00e6rni", "or\u00f0afor\u00f0i"]}, {"abbreviation": "CA", "topics": ["B\u00f3kmenntir fram til 1550"]}, {"abbreviation": "BH", "topics": ["Go\u00f0afr\u00e6\u00f0i", "m\u00e1lsaga og ritger\u00f0asm\u00ed\u00f0"]}, {"abbreviation": "DD", "topics": ["B\u00f3kmenntir og b\u00f3kmenntasaga", "einkum 1550-1900."]}, {"abbreviation": "CH", "topics": ["\u00cdslenska 3. Hra\u00f0fer\u00f0"]}, {"abbreviation": "EE", "topics": ["B\u00f3kmenntir og b\u00f3kmenntasaga eftir 1900."]}, {"abbreviation": "HL", "topics": ["M\u00e1lsaga og hlj\u00f3\u00f0fr\u00e6\u00f0i"]}, {"abbreviation": "CB", "topics": ["heimsb\u00f3kmenntir"]}, {"abbreviation": "AL", "topics": ["Almenn m\u00e1lnotkun og l\u00e6si"]}, {"abbreviation": "GF", "topics": ["Go\u00f0afr\u00e6\u00f0i og fornb\u00f3kmenntir"]}, {"abbreviation": "TE", "topics": ["Ritun og textagreining"]}, {"abbreviation": "MA", "topics": ["Menningararfur \u00ed n\u00fat\u00edmanum"]}, {"abbreviation": "S\u00c1", "topics": ["Skrefa\u00f0", "skrifa\u00f0 og skrafa\u00f0 um n\u00e6rsamf\u00e9lagi\u00f0/\u00e1tthagana."]}, {"abbreviation": "NM", "topics": ["fr\u00e1 n\u00fdr\u00f3mant\u00edk til m\u00f3dernisma"]}, {"abbreviation": "HM", "topics": ["Heimildir og m\u00e1lnotkun"]}, {"abbreviation": "M\u00c6", "topics": ["Menningarl\u00e6si"]}, {"abbreviation": "CK", "topics": ["\u00edslenskar kvikmyndir"]}, {"abbreviation": "CL", "topics": ["Leikh\u00fas og leikb\u00f3kmenntir"]}, {"abbreviation": "DL", "topics": ["Leikh\u00fas og leikb\u00f3kmenntir."]}, {"abbreviation": "CN", "topics": ["\u00derj\u00fa verk Halld\u00f3rs Laxness."]}, {"abbreviation": "HB", "topics": ["B\u00f3kmenntir", "heimildaritger\u00f0", "m\u00e1lsaga"]}, {"abbreviation": "CU", "topics": ["Barnab\u00f3kmenntir."]}, {"abbreviation": "CP", "topics": ["Textager\u00f0 og ritstj\u00f3rn"]}, {"abbreviation": "CY", "topics": ["Yndislestur I"]}, {"abbreviation": "DY", "topics": ["Yndislestur II"]}, {"abbreviation": "RH", "topics": ["\u00darvinnsla heimilda og ritun"]}, {"abbreviation": "B\u00cd", "topics": ["B\u00f3kmenntasaga", "\u00cdslendingasaga og forn kve\u00f0skapur"]}, {"abbreviation": "BL", "topics": ["B\u00f3kmenntasaga", "leikritalestur", "lj\u00f3\u00f0alestur", "n\u00fat\u00edmab\u00f3kmenntir"]}, {"abbreviation": "RF", "topics": ["Ritger\u00f0arskrif", "go\u00f0afr\u00e6\u00f0i og m\u00e1lsaga"]}, {"abbreviation": "KM", "topics": ["b\u00f3kmenntir", "kv\u00e6\u00f0i", "lj\u00f3\u00f0", "m\u00e1lnotkun", "ritun"]}, {"abbreviation": "SL", "topics": ["Ritlist"]}, {"abbreviation": "RO", "topics": ["lestur", "m\u00e1lnotkun", "or\u00f0afor\u00f0i", "ritun"]}, {"abbreviation": "LB", "topics": ["b\u00f3kmenntir", "l\u00e6si", "ritun", "stafsetning"]}, {"abbreviation": "FL", "topics": ["frams\u00f6gn", "lestur", "margv\u00edsleg ritun", "or\u00f0afor\u00f0i"]}, {"abbreviation": "HS", "topics": ["heimildavinna", "m\u00e1lnotkun", "ritun", "setningafr\u00e6\u00f0i"]}, {"abbreviation": "KB", "topics": ["b\u00f3kmenntasaga", "heimildavinna", "kynningar", "valdir b\u00f3kmenntatextar"]}, {"abbreviation": "VT", "topics": ["b\u00f3kmenntasaga", "stefnur \u00ed listum og menningu", "valdir b\u00f3kmenntatextar"]}, {"abbreviation": "KF", "topics": ["fr\u00e6\u00f0ileg umfj\u00f6llun", "kvikmyndafr\u00e6\u00f0i", "kvikmyndal\u00e6si", "samf\u00e9lagsr\u00fdni"]}, {"abbreviation": "UM", "topics": ["m\u00e1lfr\u00e6\u00f0i", "or\u00f0afor\u00f0i", "uppruni m\u00e1la", "\u00edslensk m\u00e1lsaga"]}, {"abbreviation": "\u00deH", "topics": ["\u00fej\u00f3\u00f0h\u00e1ttafr\u00e6\u00f0i", "\u00fej\u00f3\u00f0l\u00edfsfr\u00e6\u00f0i", "\u00fej\u00f3\u00f0sagnafr\u00e6\u00f0i og hversdagsmenning"]}, {"abbreviation": "FS", "topics": ["lestur fagurb\u00f3kmennta", "skapandi skrif", "t\u00falkunarm\u00f6guleikar"]}, {"abbreviation": "KS", "topics": ["mi\u00f0aldab\u00f3kmenntir (kv\u00e6\u00f0i og s\u00f6gur)", "\u00e1hrif \u00feeirra \u00e1 n\u00fat\u00edmaverk"]}, {"abbreviation": "TS", "topics": ["m\u00e1lfar", "samf\u00e9lag", "tj\u00e1skipti", "tungum\u00e1l"]}, {"abbreviation": "\u00c1\u00d6", "topics": ["\u00c1stir og \u00f6rl\u00f6g \u00ed b\u00f3kmenntum fyrri alda"]}, {"abbreviation": "LH", "topics": ["Leikh\u00fas", "leiklist og leikb\u00f3kmenntir"]}, {"abbreviation": "DE", "topics": ["Delludagar", "Lestur og ritun"]}, {"abbreviation": "FV", "topics": ["Frumverk", "Lestur og ritun"]}, {"abbreviation": "A\u00de", "topics": ["Af\u00fereyingarb\u00f3kmenntir"]}, {"abbreviation": "B\u00de", "topics": ["\u00dej\u00f3\u00f0ararfurinn og tenging hans vi\u00f0 n\u00fat\u00edmann"]}, {"abbreviation": "OS", "topics": ["Or\u00f0spor"]}, {"abbreviation": "UT", "topics": ["Munnleg tj\u00e1ning"]}, {"abbreviation": "V\u00cd", "topics": ["V\u00edkingar og menning \u00feeirra"]}, {"abbreviation": "LX", "topics": ["Halld\u00f3r Laxness"]}, {"abbreviation": "ON", "topics": ["Beyginar", "frambur\u00f0ur", "setningaskipan og or\u00f0afor\u00f0i n\u00fat\u00edmam\u00e1ls"]}, {"abbreviation": "GE", "topics": ["B\u00f3kmenntagreining", "eddukv\u00e6\u00f0i og ritun.", "go\u00f0afr\u00e6\u00f0i"]}, {"abbreviation": "BA", "topics": ["B\u00f3kmenntir s\u00ed\u00f0ari alda"]}, {"abbreviation": "F\u00c9", "topics": ["F\u00e9lagsleg m\u00e1lv\u00edsindi"]}, {"abbreviation": "\u00cdR", "topics": ["mi\u00f0aldab\u00f3kmenntir", "r\u00f3mant\u00edk og ritun", "\u00cdslendingasaga"]}, {"abbreviation": "RD", "topics": ["Rauns\u00e6i", "b\u00f3kmenntasaga 20. aldar og 21. aldar."]}], "_id": "50c0a02dd8e40575f7f6f4a2", "subjects": ["\u00edslenska"], "counter": {"1": 46, "3": 56, "2": 42, "4": 2}}, "evaluation": "N\u00e1msmat er \u00fatf\u00e6rt \u00ed kennslu\u00e1\u00e6tlun.", "categorization_suggestion": "", "embedded_topics": {"abbreviation": "RD", "topics": ["Rauns\u00e6i", "b\u00f3kmenntasaga 20. aldar og 21. aldar."]}, "status": "approved by school", "description": "\u00cd \u00e1fanganum er vi\u00f0fangsefni\u00f0 b\u00f3kmenntasaga fr\u00e1 1880 til dagsins \u00ed dag. \u00d3l\u00edkar b\u00f3kmenntastefnur og mismunandi textar eru rannsaka\u00f0ir. \u00c1fram eru nemendur \u00fej\u00e1lfa\u00f0ir \u00ed ritun og lestri.", "knowledge_goals": ["mismunandi b\u00f3kmenntategundum og \u2013 hugt\u00f6kum s\u00ed\u00f0ari alda", "helstu einkennum \u00edslensks m\u00e1ls sem n\u00fdtist \u00ed r\u00e6\u00f0u og riti", "or\u00f0afor\u00f0a sem n\u00e6gir til a\u00f0 lesa helstu verk \u00edslenskrar b\u00f3kmenntas\u00f6gu"], "skills_goals": ["beita b\u00f3kmenntahugt\u00f6kum", "lesa texta fr\u00e1 \u00fdmsum t\u00edmabilum", "skrifa sk\u00fdran, vel uppbygg\u00f0an texta \u00e1 v\u00f6ndu\u00f0u m\u00e1li me\u00f0 fj\u00f6lbreyttum or\u00f0afor\u00f0a", "beita inns\u00e6i og \u00edmyndunarafli \u00ed r\u00e6\u00f0u og riti", "skilja og nota vi\u00f0eigandi m\u00e1lsni\u00f0, st\u00edlbr\u00f6g\u00f0 og menningarlegar v\u00edsanir \u00ed tal- og ritm\u00e1li"], "credits": 5, "last_modified": 1425898596.164113, "schools": ["512351988caa45ed97015b44"], "coauthors": null, "instructions": "", "continued_education": false, "level": 3, "prerequisites": "\u00cdSLE3\u00cdR05", "author": "6ea856f5-9f60-4d4f-a95e-aa9dbcc89d01", "abbreviation_version": null, "competence_goals": [["vera gagnr\u00fdninn \u00ed hugsun og hafa l\u00fd\u00f0r\u00e6\u00f0i, mannr\u00e9ttindi og jafnr\u00e9tti a\u00f0 lei\u00f0arlj\u00f3si", ""], ["\u00feroska b\u00f3kmenntasmekk sinn og lesa s\u00e9r til \u00e1n\u00e6gju", ""], ["\u00e1tta sig \u00e1 tilgangi og afst\u00f6\u00f0u textah\u00f6fundar og t\u00falka d\u00fdpri merkingu texta", ""], ["skilja menningu \u00f3l\u00edkra t\u00edma", ""], ["r\u00f6kr\u00e6\u00f0a b\u00f3kmenntaverk, t.d. si\u00f0fer\u00f0ileg \u00e1litam\u00e1l", ""], ["\u00e1tta sig \u00e1 samf\u00e9lagslegri sk\u00edrskotun og n\u00e1 duldum bo\u00f0skap og hugmyndum", ""]], "_id": "54fd7c6462933a46920008d6"}, {"exemplary": null, "topics": "mi\u00f0aldab\u00f3kmenntir, r\u00f3mant\u00edk og ritun, \u00cdslendingasaga", "abbreviation": "\u00cdSLE3\u00cdR05", "former_schools": null, "subject": "\u00edslenska", "title": "Fr\u00e1 \u00cdslendingas\u00f6gum til r\u00f3mant\u00edkur", "version": 61, "status_trans": "Sam\u00feykkt af sk\u00f3la", "embedded_subject": {"abbreviation": "\u00cdSLE", "topics": [{"abbreviation": "VR", "topics": ["ritun", "vi\u00f0skiptaskj\u00f6l"]}, {"abbreviation": "TM", "topics": ["m\u00e1lskilningur", "tj\u00e1ning"]}, {"abbreviation": "MS", "topics": ["m\u00e1lskilningur", "s\u00e9rdeild"]}, {"abbreviation": "RT", "topics": ["ritun og tj\u00e1ning"]}, {"abbreviation": "LL", "topics": ["leshra\u00f0i", "lesskilningur"]}, {"abbreviation": "MM", "topics": ["m\u00e1lfr\u00e6\u00f0i", "m\u00e1ltilfinning"]}, {"abbreviation": "RG", "topics": ["greinamerkjasetning", "r\u00e9ttritun"]}, {"abbreviation": "SF", "topics": ["fr\u00f3\u00f0leiks\u00f6flun", "samskipti"]}, {"abbreviation": "BK", "topics": ["b\u00f3kmenntir", "kj\u00f6rb\u00f3k"]}, {"abbreviation": "RB", "topics": ["b\u00f3kmenntir", "ritun"]}, {"abbreviation": "BM", "topics": ["b\u00f3kmenntir", "m\u00e1lsaga", "ritun", "tj\u00e1ning"]}, {"abbreviation": "NB", "topics": ["n\u00fat\u00edmab\u00f3kmenntir"]}, {"abbreviation": "BF", "topics": ["b\u00f3kmenntir fyrri alda"]}, {"abbreviation": "SB", "topics": ["menning", "samt\u00edmab\u00f3kmenntir"]}, {"abbreviation": "BB", "topics": ["barnab\u00f3kmenntir"]}, {"abbreviation": "HR", "topics": ["hra\u00f0lestur"]}, {"abbreviation": "YN", "topics": ["yndislestur"]}, {"abbreviation": "ML", "topics": ["leskilningur", "m\u00e1lnotkun", "m\u00e1ltaka", "ritun og tj\u00e1ning"]}, {"abbreviation": "MB", "topics": ["b\u00f3kmenntir og ritun", "m\u00e1lnotkun"]}, {"abbreviation": "MN", "topics": ["b\u00f3kmenntir", "m\u00e1lsaga og nafnasi\u00f0ir"]}, {"abbreviation": "YH", "topics": ["hra\u00f0lestur", "yndislestur"]}, {"abbreviation": "BS", "topics": ["b\u00f3kmenntir s\u00ed\u00f0ari alda"]}, {"abbreviation": "FH", "topics": ["f\u00e9lagsleg m\u00e1lv\u00edsindi", "hlj\u00f3\u00f0fr\u00e6\u00f0i og hlj\u00f3\u00f0kerfisfr\u00e6\u00f0i", "\u00fe\u00fd\u00f0ingar"]}, {"abbreviation": "TB", "topics": ["tj\u00e1skipti barna og fullor\u00f0inna"]}, {"abbreviation": "GL", "topics": ["gl\u00e6pas\u00f6gur"]}, {"abbreviation": "RM", "topics": ["m\u00e1lfr\u00e6\u00f0i", "ritun", "stafsetning"]}, {"abbreviation": "BT", "topics": ["bragfr\u00e6\u00f0i", "setningafr\u00e6\u00f0i", "textar fr\u00e1 \u00fdmsum l\u00f6ndum"]}, {"abbreviation": "MT", "topics": ["m\u00e1lfr\u00e6\u00f0i", "ritun og tj\u00e1ning"]}, {"abbreviation": "BR", "topics": ["b\u00f3kmenntir", "m\u00e1lnotkun", "ritun"]}, {"abbreviation": "MG", "topics": ["b\u00f3kmenntir og ritun", "go\u00f0afr\u00e6\u00f0i", "m\u00e1lsaga"]}, {"abbreviation": "EU", "topics": ["eddukv\u00e6\u00f0i", "uppl\u00fdsing"]}, {"abbreviation": "UK", "topics": ["kreppa", "uppl\u00fdsing"]}, {"abbreviation": "KA", "topics": ["aldam\u00f3t", "kreppa"]}, {"abbreviation": "RN", "topics": ["n\u00fat\u00edmab\u00f3kmenntir", "ritger\u00f0arsm\u00ed\u00f0"]}, {"abbreviation": "KU", "topics": ["kynningarefni", "ums\u00f3knir"]}, {"abbreviation": "RI", "topics": ["ritger\u00f0arsm\u00ed\u00f0", "textar fr\u00e1 \u00fdmsum l\u00f6ndum"]}, {"abbreviation": "BG", "topics": ["b\u00f3kmenntir", "go\u00f0afr\u00e6\u00f0i", "m\u00e1lsaga"]}, {"abbreviation": "FM", "topics": ["fornb\u00f3kmenntir", "m\u00e1lfr\u00e6\u00f0i"]}, {"abbreviation": "BN", "topics": ["b\u00f3kmenntir", "n\u00fat\u00edmi"]}, {"abbreviation": "FO", "topics": ["fornb\u00f3kmenntir"]}, {"abbreviation": "UN", "topics": ["undirb\u00fanings\u00e1fangi \u00ed \u00edslensku"]}, {"abbreviation": "MR", "topics": ["b\u00f3kmenntir", "m\u00e1lnotkun og ritun"]}, {"abbreviation": "ED", "topics": ["eddukv\u00e6\u00f0i og \u00edslendingas\u00f6gur"]}, {"abbreviation": "NJ", "topics": ["fr\u00e1 nj\u00e1lu til n\u00fdr\u00f3mant\u00edkur"]}, {"abbreviation": "\u00d6L", "topics": ["b\u00f3kmenntir \u00e1 20. \u00f6ld"]}, {"abbreviation": "ME", "topics": ["b\u00f3kmenntir"]}, {"abbreviation": "RL", "topics": ["lestur", "ritun og tj\u00e1ning"]}, {"abbreviation": "MI", "topics": ["m\u00e1l og b\u00f3kmenntir fr\u00e1 si\u00f0askiptum til aldam\u00f3tanna 1900"]}, {"abbreviation": "GM", "topics": ["go\u00f0afr\u00e6\u00f0i", "m\u00e1lsaga"]}, {"abbreviation": "GR", "topics": ["grunnur"]}, {"abbreviation": "LR", "topics": ["lestur og ritun"]}, {"abbreviation": "ST", "topics": ["stafsetning"]}, {"abbreviation": "\u00cdS", "topics": ["\u00edslenska"]}, {"abbreviation": "LT", "topics": ["lestur", "m\u00e1lfr\u00e6\u00f0i", "ritun", "stafsetning", "tj\u00e1ning"]}, {"abbreviation": "SR", "topics": ["lestur og tj\u00e1ning", "m\u00e1lfr\u00e6\u00f0i", "ritun", "stafsetning"]}, {"abbreviation": "GO", "topics": ["go\u00f0afr\u00e6\u00f0i", "m\u00e1lnotkun og ritun", "m\u00e1lsaga"]}, {"abbreviation": "NH", "topics": ["b\u00f3kmenntasaga 1900 til samt\u00edmans", "hugtakabeiting", "n\u00fat\u00edmab\u00f3kmenntir"]}, {"abbreviation": "RR", "topics": ["ritger\u00f0asm\u00ed\u00f0", "ritun"]}, {"abbreviation": "LF", "topics": ["b\u00f3kmenntasaga 1550-1900", "l\u00e6rd\u00f3ms\u00f6ld", "rauns\u00e6i"]}, {"abbreviation": "VE", "topics": ["verkefni vali\u00f0 og almenn b\u00f3kmenntafr\u00e6\u00f0i kynnt"]}, {"abbreviation": "MV", "topics": ["m\u00e1lv\u00edsindi"]}, {"abbreviation": "YF", "topics": ["Yndislestur framhald"]}, {"abbreviation": "MH", "topics": ["M\u00e1lsaga og go\u00f0afr\u00e6\u00f0i hra\u00f0fer\u00f0"]}, {"abbreviation": "FF", "topics": ["Fornb\u00f3kmenntir hra\u00f0fer\u00f0"]}, {"abbreviation": "YM", "topics": ["Yndislestur 2"]}, {"abbreviation": "FJ", "topics": ["fj\u00f6lmi\u00f0lal\u00e6si"]}, {"abbreviation": "RV", "topics": ["ritger\u00f0arvinna"]}, {"abbreviation": "LS", "topics": ["- sk\u00e1ldsaga \u00far n\u00fat\u00edma", "lestur og lesskilningur"]}, {"abbreviation": "L\u00cd", "topics": ["lestur og lesskilningur - \u00edslendingas\u00f6gur"]}, {"abbreviation": "LE", "topics": ["lestur og lesskilningur - sk\u00e1lds\u00f6gur 20. aldar"]}, {"abbreviation": "H\u00cd", "topics": ["Hagn\u00fdt \u00edslenska"]}, {"abbreviation": "\u00cdM", "topics": ["\u00edslensk m\u00e1lsaga"]}, {"abbreviation": "KV", "topics": ["b\u00f3kmenntir og kvikmyndir"]}, {"abbreviation": "NG", "topics": ["Norr\u00e6n go\u00f0afr\u00e6\u00f0i"]}, {"abbreviation": "LJ", "topics": ["Lj\u00f3\u00f0"]}, {"abbreviation": "AA", "topics": ["Lestur og ritun"]}, {"abbreviation": "\u00cdC", "topics": ["\u00cdslenska \u00e1 starfsbraut"]}, {"abbreviation": "\u00cdA", "topics": ["\u00cdslenska 1 \u00e1 starfsbraut"]}, {"abbreviation": "\u00cdB", "topics": ["\u00cdslenska 2 \u00e1 starfsbraut"]}, {"abbreviation": "N\u00dd", "topics": ["N\u00fdsk\u00f6pun"]}, {"abbreviation": "AB", "topics": ["B\u00f3kmenntir", "m\u00e1lfr\u00e6\u00f0i og ritun"]}, {"abbreviation": "HI", "topics": ["M\u00e1lnotkun og ritun"]}, {"abbreviation": "TR", "topics": ["M\u00e1lnotun og ritun"]}, {"abbreviation": "TL", "topics": ["L\u00e6si", "ritun", "tj\u00e1ning"]}, {"abbreviation": "OH", "topics": ["hlustun", "or\u00f0afor\u00f0i", "talm\u00e1l og ritun"]}, {"abbreviation": "ES", "topics": ["Eddukv\u00e6\u00f0i til si\u00f0askipta"]}, {"abbreviation": "NA", "topics": ["N\u00fdr\u00f3mant\u00edk til aldam\u00f3ta"]}, {"abbreviation": "SN", "topics": ["Si\u00f0askipti til n\u00fdr\u00f3mant\u00edkur"]}, {"abbreviation": "YL", "topics": ["Yndislestur"]}, {"abbreviation": "SS", "topics": ["Stafsetning"]}, {"abbreviation": "BU", "topics": ["Barna- og unglingab\u00f3kmenntir"]}, {"abbreviation": "SK", "topics": ["sk\u00e1lds\u00f6gur"]}, {"abbreviation": "B\u00d3", "topics": ["B\u00f3kmenntir og tungum\u00e1l fr\u00e1 landn\u00e1mi til si\u00f0askipta"]}, {"abbreviation": "M\u00c1", "topics": ["M\u00e1l- og menningarsaga"]}, {"abbreviation": "NF", "topics": ["N\u00fdsk\u00f6punarferli\u00f0: \u00fe\u00f6rf", "afur\u00f0", "lausn"]}, {"abbreviation": "A\u00cd", "topics": ["Almenn \u00edslenska \u00e1 1 \u00ferepi"]}, {"abbreviation": "AM", "topics": ["almenn m\u00e1lnotkun", "b\u00f3kmenntir", "ritun"]}, {"abbreviation": "RS", "topics": ["Skapandi skrif"]}, {"abbreviation": "SP", "topics": ["Spennus\u00f6gur"]}, {"abbreviation": "\u00cdD", "topics": ["\u00cdslenska \u00e1 starfsbraut 4"]}, {"abbreviation": "\u00cdE", "topics": ["\u00cdslenska 5 \u00e1 starfsbraut"]}, {"abbreviation": "SM", "topics": ["Sk\u00e1lds\u00f6gur"]}, {"abbreviation": "M\u00de", "topics": ["\u00cdSLE"]}, {"abbreviation": "SA", "topics": ["Sk\u00f6pun \u00ed v\u00ed\u00f0u samhengi"]}, {"abbreviation": "SJ", "topics": ["L\u00e6si", "b\u00f3kmenntir", "hugtakaskilningur", "m\u00e1lfr\u00e6\u00f0i", "sj\u00e1lfb\u00e6rni og ritun"]}, {"abbreviation": "LM", "topics": ["L\u00e6si", "l\u00fd\u00f0r\u00e6\u00f0i", "mannr\u00e9ttindi og b\u00f3kmenntir"]}, {"abbreviation": "JR", "topics": ["L\u00e6si", "b\u00f3kmenntir og ritun", "jafnr\u00e9tti"]}, {"abbreviation": "HV", "topics": ["L\u00e6si", "heilbrig\u00f0i", "velfer\u00f0 og b\u00f3kmenntir"]}, {"abbreviation": "DB", "topics": ["Sk\u00f3labla\u00f0"]}, {"abbreviation": "\u00c6F", "topics": ["Go\u00f0s\u00f6gur", "fantas\u00edur", "\u00e6vint\u00fdri"]}, {"abbreviation": "VM", "topics": ["Verkefna\u00e1fangi \u00ed m\u00e1lv\u00edsindum"]}, {"abbreviation": "VB", "topics": ["Verkefna\u00e1fangi \u00ed b\u00f3kmenntum"]}, {"abbreviation": "SW", "topics": ["Stafsetning og ritun"]}, {"abbreviation": "MF", "topics": ["M\u00e1lfr\u00e6\u00f0i"]}, {"abbreviation": "SG", "topics": ["B\u00f3kmenntir", "setningafr\u00e6\u00f0i og go\u00f0afr\u00e6\u00f0i"]}, {"abbreviation": "OF", "topics": ["frambur\u00f0ur", "lestrarf\u00e6rni", "or\u00f0afor\u00f0i"]}, {"abbreviation": "CA", "topics": ["B\u00f3kmenntir fram til 1550"]}, {"abbreviation": "BH", "topics": ["Go\u00f0afr\u00e6\u00f0i", "m\u00e1lsaga og ritger\u00f0asm\u00ed\u00f0"]}, {"abbreviation": "DD", "topics": ["B\u00f3kmenntir og b\u00f3kmenntasaga", "einkum 1550-1900."]}, {"abbreviation": "CH", "topics": ["\u00cdslenska 3. Hra\u00f0fer\u00f0"]}, {"abbreviation": "EE", "topics": ["B\u00f3kmenntir og b\u00f3kmenntasaga eftir 1900."]}, {"abbreviation": "HL", "topics": ["M\u00e1lsaga og hlj\u00f3\u00f0fr\u00e6\u00f0i"]}, {"abbreviation": "CB", "topics": ["heimsb\u00f3kmenntir"]}, {"abbreviation": "AL", "topics": ["Almenn m\u00e1lnotkun og l\u00e6si"]}, {"abbreviation": "GF", "topics": ["Go\u00f0afr\u00e6\u00f0i og fornb\u00f3kmenntir"]}, {"abbreviation": "TE", "topics": ["Ritun og textagreining"]}, {"abbreviation": "MA", "topics": ["Menningararfur \u00ed n\u00fat\u00edmanum"]}, {"abbreviation": "S\u00c1", "topics": ["Skrefa\u00f0", "skrifa\u00f0 og skrafa\u00f0 um n\u00e6rsamf\u00e9lagi\u00f0/\u00e1tthagana."]}, {"abbreviation": "NM", "topics": ["fr\u00e1 n\u00fdr\u00f3mant\u00edk til m\u00f3dernisma"]}, {"abbreviation": "HM", "topics": ["Heimildir og m\u00e1lnotkun"]}, {"abbreviation": "M\u00c6", "topics": ["Menningarl\u00e6si"]}, {"abbreviation": "CK", "topics": ["\u00edslenskar kvikmyndir"]}, {"abbreviation": "CL", "topics": ["Leikh\u00fas og leikb\u00f3kmenntir"]}, {"abbreviation": "DL", "topics": ["Leikh\u00fas og leikb\u00f3kmenntir."]}, {"abbreviation": "CN", "topics": ["\u00derj\u00fa verk Halld\u00f3rs Laxness."]}, {"abbreviation": "HB", "topics": ["B\u00f3kmenntir", "heimildaritger\u00f0", "m\u00e1lsaga"]}, {"abbreviation": "CU", "topics": ["Barnab\u00f3kmenntir."]}, {"abbreviation": "CP", "topics": ["Textager\u00f0 og ritstj\u00f3rn"]}, {"abbreviation": "CY", "topics": ["Yndislestur I"]}, {"abbreviation": "DY", "topics": ["Yndislestur II"]}, {"abbreviation": "RH", "topics": ["\u00darvinnsla heimilda og ritun"]}, {"abbreviation": "B\u00cd", "topics": ["B\u00f3kmenntasaga", "\u00cdslendingasaga og forn kve\u00f0skapur"]}, {"abbreviation": "BL", "topics": ["B\u00f3kmenntasaga", "leikritalestur", "lj\u00f3\u00f0alestur", "n\u00fat\u00edmab\u00f3kmenntir"]}, {"abbreviation": "RF", "topics": ["Ritger\u00f0arskrif", "go\u00f0afr\u00e6\u00f0i og m\u00e1lsaga"]}, {"abbreviation": "KM", "topics": ["b\u00f3kmenntir", "kv\u00e6\u00f0i", "lj\u00f3\u00f0", "m\u00e1lnotkun", "ritun"]}, {"abbreviation": "SL", "topics": ["Ritlist"]}, {"abbreviation": "RO", "topics": ["lestur", "m\u00e1lnotkun", "or\u00f0afor\u00f0i", "ritun"]}, {"abbreviation": "LB", "topics": ["b\u00f3kmenntir", "l\u00e6si", "ritun", "stafsetning"]}, {"abbreviation": "FL", "topics": ["frams\u00f6gn", "lestur", "margv\u00edsleg ritun", "or\u00f0afor\u00f0i"]}, {"abbreviation": "HS", "topics": ["heimildavinna", "m\u00e1lnotkun", "ritun", "setningafr\u00e6\u00f0i"]}, {"abbreviation": "KB", "topics": ["b\u00f3kmenntasaga", "heimildavinna", "kynningar", "valdir b\u00f3kmenntatextar"]}, {"abbreviation": "VT", "topics": ["b\u00f3kmenntasaga", "stefnur \u00ed listum og menningu", "valdir b\u00f3kmenntatextar"]}, {"abbreviation": "KF", "topics": ["fr\u00e6\u00f0ileg umfj\u00f6llun", "kvikmyndafr\u00e6\u00f0i", "kvikmyndal\u00e6si", "samf\u00e9lagsr\u00fdni"]}, {"abbreviation": "UM", "topics": ["m\u00e1lfr\u00e6\u00f0i", "or\u00f0afor\u00f0i", "uppruni m\u00e1la", "\u00edslensk m\u00e1lsaga"]}, {"abbreviation": "\u00deH", "topics": ["\u00fej\u00f3\u00f0h\u00e1ttafr\u00e6\u00f0i", "\u00fej\u00f3\u00f0l\u00edfsfr\u00e6\u00f0i", "\u00fej\u00f3\u00f0sagnafr\u00e6\u00f0i og hversdagsmenning"]}, {"abbreviation": "FS", "topics": ["lestur fagurb\u00f3kmennta", "skapandi skrif", "t\u00falkunarm\u00f6guleikar"]}, {"abbreviation": "KS", "topics": ["mi\u00f0aldab\u00f3kmenntir (kv\u00e6\u00f0i og s\u00f6gur)", "\u00e1hrif \u00feeirra \u00e1 n\u00fat\u00edmaverk"]}, {"abbreviation": "TS", "topics": ["m\u00e1lfar", "samf\u00e9lag", "tj\u00e1skipti", "tungum\u00e1l"]}, {"abbreviation": "\u00c1\u00d6", "topics": ["\u00c1stir og \u00f6rl\u00f6g \u00ed b\u00f3kmenntum fyrri alda"]}, {"abbreviation": "LH", "topics": ["Leikh\u00fas", "leiklist og leikb\u00f3kmenntir"]}, {"abbreviation": "DE", "topics": ["Delludagar", "Lestur og ritun"]}, {"abbreviation": "FV", "topics": ["Frumverk", "Lestur og ritun"]}, {"abbreviation": "A\u00de", "topics": ["Af\u00fereyingarb\u00f3kmenntir"]}, {"abbreviation": "B\u00de", "topics": ["\u00dej\u00f3\u00f0ararfurinn og tenging hans vi\u00f0 n\u00fat\u00edmann"]}, {"abbreviation": "OS", "topics": ["Or\u00f0spor"]}, {"abbreviation": "UT", "topics": ["Munnleg tj\u00e1ning"]}, {"abbreviation": "V\u00cd", "topics": ["V\u00edkingar og menning \u00feeirra"]}, {"abbreviation": "LX", "topics": ["Halld\u00f3r Laxness"]}, {"abbreviation": "ON", "topics": ["Beyginar", "frambur\u00f0ur", "setningaskipan og or\u00f0afor\u00f0i n\u00fat\u00edmam\u00e1ls"]}, {"abbreviation": "GE", "topics": ["B\u00f3kmenntagreining", "eddukv\u00e6\u00f0i og ritun.", "go\u00f0afr\u00e6\u00f0i"]}, {"abbreviation": "BA", "topics": ["B\u00f3kmenntir s\u00ed\u00f0ari alda"]}, {"abbreviation": "F\u00c9", "topics": ["F\u00e9lagsleg m\u00e1lv\u00edsindi"]}, {"abbreviation": "\u00cdR", "topics": ["mi\u00f0aldab\u00f3kmenntir", "r\u00f3mant\u00edk og ritun", "\u00cdslendingasaga"]}], "_id": "50c0a02dd8e40575f7f6f4a2", "subjects": ["\u00edslenska"], "counter": {"1": 46, "3": 56, "2": 42, "4": 2}}, "evaluation": "N\u00e1msmat er \u00fatf\u00e6rt \u00ed kennslu\u00e1\u00e6tlun.", "categorization_suggestion": "", "embedded_topics": {"abbreviation": "\u00cdR", "topics": ["mi\u00f0aldab\u00f3kmenntir", "r\u00f3mant\u00edk og ritun", "\u00cdslendingasaga"]}, "status": "approved by school", "description": "\u00cd \u00e1fanganum er unni\u00f0 me\u00f0 v\u00edtt t\u00edmabil \u00ed \u00edslenskri b\u00f3kmenntas\u00f6gu. Ein \u00cdslendingasaga er lesin \u00e1samt \u00fev\u00ed a\u00f0 nemendur kynnast helstu straumum og stefnum fr\u00e1 l\u00e6rd\u00f3ms\u00f6ld til r\u00f3mant\u00edkur. ", "knowledge_goals": ["mismunandi tegundum b\u00f3kmennta a\u00f0 fornu og n\u00fdju", "helstu b\u00f3kmenntahugt\u00f6kum t\u00edmabilsins", "or\u00f0afor\u00f0a, st\u00edl og hugmyndafr\u00e6\u00f0i \u00cdslendingasagnanna", "s\u00f6gulegu yfirliti og \u00fer\u00f3un \u00edslenskra b\u00f3kmennta", "sj\u00e1lfst\u00e6\u00f0um vinnubr\u00f6g\u00f0um og \u00farvinnslu heimilda"], "skills_goals": ["beita b\u00f3kmenntahugt\u00f6kum", "lesa texta fr\u00e1 \u00fdmsum t\u00edmabilum", "skrifa sk\u00fdran, vel uppbygg\u00f0an texta \u00e1 v\u00f6ndu\u00f0u m\u00e1li me\u00f0 fj\u00f6lbreyttum or\u00f0afor\u00f0a", "beita inns\u00e6i og \u00edmyndunarafli \u00ed r\u00e6\u00f0u og riti"], "credits": 5, "last_modified": 1425898272.850881, "schools": ["512351988caa45ed97015b44"], "coauthors": null, "instructions": "", "continued_education": false, "level": 3, "prerequisites": "\u00cdSLE2GE05", "author": "6ea856f5-9f60-4d4f-a95e-aa9dbcc89d01", "abbreviation_version": null, "competence_goals": [["vera gagnr\u00fdninn \u00ed hugsun og hafa l\u00fd\u00f0r\u00e6\u00f0i, mannr\u00e9ttindi og jafnr\u00e9tti a\u00f0 lei\u00f0arlj\u00f3si", ""], ["\u00feroska b\u00f3kmenntasmekk sinn og lesa s\u00e9r til \u00e1n\u00e6gju", ""], ["\u00e1tta sig \u00e1 tilgangi og afst\u00f6\u00f0u textah\u00f6fundar og t\u00falka d\u00fdpri merkingu texta", ""], ["skilja menningu \u00f3l\u00edkra t\u00edma", ""], ["r\u00f6kr\u00e6\u00f0a b\u00f3kmenntaverk, t.d. si\u00f0fer\u00f0ileg \u00e1litam\u00e1l", ""]], "_id": "54fd7b2062933a46920008ce"}, {"exemplary": null, "topics": "stj\u00f3rnm\u00e1lafr\u00e6\u00f0i", "abbreviation": "F\u00c9LA3ST05", "former_schools": null, "subject": "f\u00e9lagsfr\u00e6\u00f0i", "title": "F\u00e9lagsfr\u00e6\u00f0i: stj\u00f3rnm\u00e1lafr\u00e6\u00f0i", "version": 23, "status_trans": "Sam\u00feykkt af sk\u00f3la", "embedded_subject": {"abbreviation": "F\u00c9LA", "topics": [{"abbreviation": "AK", "topics": ["almenn kynning"]}, {"abbreviation": "KS", "topics": ["kenningar", "sam\u00e9lag"]}, {"abbreviation": "AL", "topics": ["af almenn f\u00e9lagsfr\u00e6\u00f0i"]}, {"abbreviation": "MA", "topics": ["mannfr\u00e6\u00f0i"]}, {"abbreviation": "KR", "topics": ["kenningar og ranns\u00f3knara\u00f0fer\u00f0ir"]}, {"abbreviation": "KY", "topics": ["kynjafr\u00e6\u00f0i"]}, {"abbreviation": "SK", "topics": ["kenningar", "samf\u00e9lag"]}, {"abbreviation": "ST", "topics": ["stj\u00f3rnm\u00e1lafr\u00e6\u00f0i"]}, {"abbreviation": "MV", "topics": ["mentor", "vin\u00e1tta"]}, {"abbreviation": "AB", "topics": ["afbrotafr\u00e6\u00f0i"]}, {"abbreviation": "H\u00de", "topics": ["hnattv\u00e6\u00f0ing og \u00fer\u00f3unarl\u00f6nd"]}, {"abbreviation": "BY", "topics": ["byrjunar\u00e1fangi \u00ed f\u00e9lagsfr\u00e6\u00f0i"]}, {"abbreviation": "KE", "topics": ["kenningar \u00ed f\u00e9lagsfr\u00e6\u00f0i"]}, {"abbreviation": "HJ", "topics": ["hj\u00e1lparstarf"]}, {"abbreviation": "BR", "topics": ["brautry\u00f0jendur og kenningar"]}, {"abbreviation": "AF", "topics": ["almenn f\u00e9lagsfr\u00e6\u00f0i"]}, {"abbreviation": "BK", "topics": ["brautry\u00f0jendur og helstu vi\u00f0fangsefni"]}, {"abbreviation": "KV", "topics": ["kvikmyndir \u00ed lj\u00f3si f\u00e9lagsfr\u00e6\u00f0i"]}, {"abbreviation": "HE", "topics": ["heilsuf\u00e9lagsfr\u00e6\u00f0i"]}, {"abbreviation": "AT", "topics": ["t\u00edskustraumar", "t\u00f3nlist"]}, {"abbreviation": "TT", "topics": ["al\u00fe\u00fd\u00f0ut\u00f3nlist", "t\u00edskustraumar"]}, {"abbreviation": "SS", "topics": ["almennur yfirlits\u00e1fangi", "inngangur a\u00f0 f\u00e9lagsfr\u00e6\u00f0i"]}, {"abbreviation": "\u00deR", "topics": ["\u00fer\u00f3unarl\u00f6nd"]}, {"abbreviation": "A\u00d0", "topics": ["a\u00f0fer\u00f0afr\u00e6\u00f0i"]}, {"abbreviation": "FS", "topics": ["fj\u00f6lskyldan.", "f\u00e9lagsfr\u00e6\u00f0in", "f\u00e9lagsm\u00f3tun", "samf\u00e9lagi\u00f0"]}, {"abbreviation": "KK", "topics": ["kenningar og ranns\u00f3knara\u00f0fer\u00f0ir", "kynjafr\u00e6\u00f0i"]}, {"abbreviation": "KF", "topics": ["Kenningar", "samf\u00e9lag"]}, {"abbreviation": "BA", "topics": ["Inngangur a\u00f0 afbrotafr\u00e6\u00f0i"]}, {"abbreviation": "AA", "topics": ["Almenn f\u00e9lagsfr\u00e6\u00f0i"]}, {"abbreviation": "FJ", "topics": ["Fj\u00f6lmi\u00f0lar \u00ed lj\u00f3si f\u00e9lagsfr\u00e6\u00f0innar"]}, {"abbreviation": "CH", "topics": ["Heilsuf\u00e9lagsfr\u00e6\u00f0i"]}, {"abbreviation": "BB", "topics": ["Brautry\u00f0jendur og helstu vi\u00f0fangsefni"]}, {"abbreviation": "F\u00d6", "topics": ["F\u00f6tlun og samf\u00e9lag"]}, {"abbreviation": "AH", "topics": ["Afbrotafr\u00e6\u00f0i og fr\u00e1viksheg\u00f0un"]}, {"abbreviation": "KA", "topics": ["Kenningar og a\u00f0fer\u00f0afr\u00e6\u00f0i"]}, {"abbreviation": "FF", "topics": ["F\u00e9lags- og fj\u00f6lmi\u00f0lafr\u00e6\u00f0i"]}, {"abbreviation": "FK", "topics": ["Ford\u00e6ming", "fe\u00f0raveldi", "kat\u00f3lska"]}, {"abbreviation": "SM", "topics": ["Saga", "mannr\u00e9ttindi", "samf\u00e9lag"]}, {"abbreviation": "SF", "topics": ["fj\u00f6lmi\u00f0lafr\u00e6\u00f0i"]}, {"abbreviation": "FV", "topics": ["fe\u00f0raveldi", "kirkjan", "refsingar"]}, {"abbreviation": "BS", "topics": ["Stj\u00f3rnm\u00e1lafr\u00e6\u00f0i"]}, {"abbreviation": "CS", "topics": ["Al\u00fej\u00f3\u00f0astj\u00f3rnm\u00e1l"]}, {"abbreviation": "CA", "topics": ["Mannfr\u00e6\u00f0i"]}, {"abbreviation": "CM", "topics": ["Mannfr\u00e6\u00f0i."]}, {"abbreviation": "IS", "topics": ["Inngangur og samf\u00e9lag"]}, {"abbreviation": "CF", "topics": ["f\u00e9lagsfr\u00e6\u00f0iranns\u00f3kn"]}, {"abbreviation": "SH", "topics": ["Saga og sj\u00f3narhorn"]}, {"abbreviation": "BE", "topics": ["Heilsuf\u00e9lagsfr\u00e6\u00f0i."]}, {"abbreviation": "C\u00de", "topics": ["F\u00e9lagsfr\u00e6\u00f0i \u00fer\u00f3unarlanda"]}, {"abbreviation": "MS", "topics": ["atvinnul\u00edf", "menning", "samf\u00e9lag", "stj\u00f3rnm\u00e1l"]}, {"abbreviation": "FA", "topics": ["a\u00f0fer\u00f0afr\u00e6\u00f0i", "frumkv\u00f6\u00f0lar", "f\u00e9lagsleg lagskipting", "kenningar"]}, {"abbreviation": "AR", "topics": ["a\u00f0fer\u00f0afr\u00e6\u00f0i ranns\u00f3kna \u00ed f\u00e9lagsfr\u00e6\u00f0i"]}, {"abbreviation": "SE", "topics": ["Evr\u00f3pusamstarf", "stj\u00f3rnm\u00e1lastefnur", "vald og l\u00fd\u00f0r\u00e6\u00f0i", "\u00edslensk stj\u00f3rnm\u00e1l"]}, {"abbreviation": "KJ", "topics": ["Kynja\u2013 og jafnr\u00e9ttisfr\u00e6\u00f0sla", "samf\u00e9lagsr\u00fdni"]}, {"abbreviation": "ML", "topics": ["upphaf og \u00fer\u00f3un l\u00fd\u00f0r\u00e6\u00f0is- og mannr\u00e9ttindahugmynda"]}], "_id": "50c0a02dd8e40575f7f6f49e", "subjects": ["f\u00e9lagsfr\u00e6\u00f0i"], "counter": {"1": 5, "3": 22, "2": 28, "4": 0}}, "evaluation": "Lei\u00f0sagnarmat. Fj\u00f6lbreytt verkefni metin jafnt og \u00fe\u00e9tt yfir \u00f6nnina. \u00c1hersla \u00e1 umsagnir sem lei\u00f0a nemandann \u00e1fram.", "categorization_suggestion": "", "embedded_topics": {"abbreviation": "ST", "topics": ["stj\u00f3rnm\u00e1lafr\u00e6\u00f0i"]}, "status": "approved by school", "description": "\u00cd \u00e1fanganum er stj\u00f3rnm\u00e1lafr\u00e6\u00f0in kynnt sem fr\u00e6\u00f0igrein. L\u00f6g\u00f0 er \u00e1hersla \u00e1 a\u00f0 nemendur \u00f6\u00f0list skilning \u00e1 helstu hugt\u00f6kum sem notu\u00f0 eru \u00ed fr\u00e6\u00f0igreininni og l\u00e6ri a\u00f0 greina helstu hugmyndastrauma stj\u00f3rnm\u00e1lanna. Helstu stj\u00f3rnm\u00e1lastefnur er kynntar og greindar \u00fat fr\u00e1 \u201evinstri-h\u00e6gri\u201c kvar\u00f0anum og lagt mat \u00e1 \u00fe\u00e6r \u00fat fr\u00e1 afst\u00f6\u00f0u \u00feeirra til breytinga og gilda. Kynnt eru helstu hugt\u00f6k al\u00fej\u00f3\u00f0astj\u00f3rnm\u00e1la, \u00fear \u00e1 me\u00f0al, hugt\u00f6kin um sm\u00e1r\u00edki og st\u00f3r r\u00edki. Kynnt eru helstu p\u00f3lit\u00edsk al\u00fej\u00f3\u00f0asamt\u00f6k. Fjalla\u00f0 er um al\u00fej\u00f3\u00f0av\u00e6\u00f0ingu, einkenni hennar og m\u00f6guleg \u00e1hrif \u00e1 stj\u00f3rnm\u00e1l framt\u00ed\u00f0arinnar.\n\nStefnt er a\u00f0 \u00fev\u00ed a\u00f0 nemendur geti lagt gagnr\u00fdni\u00f0 mat \u00e1 \u00e1t\u00f6k \u00ed stj\u00f3rnm\u00e1lum og a\u00f0 \u00feeir geti r\u00f6kstutt sl\u00edkt mat. Loks er fjalla\u00f0 s\u00e9rstaklega um \u00edslensk stj\u00f3rnm\u00e1l og stj\u00f3rnm\u00e1laflokka.", "knowledge_goals": ["helstu vi\u00f0fangsefnum stj\u00f3rnm\u00e1lafr\u00e6\u00f0innar", "helstu hugt\u00f6kum stj\u00f3rnm\u00e1lafr\u00e6\u00f0innar: \u00dej\u00f3\u00f0ernisstefna, stj\u00f3rnkerfi, vald, fullveldi, mannr\u00e9ttindi og l\u00fd\u00f0r\u00e6\u00f0i", "helstu hugmyndakerfum stj\u00f3rnm\u00e1lanna (r\u00f3tt\u00e6kni, frj\u00e1lslyndi, \u00edhaldsstefnu, afturhaldsstefnu, stj\u00f3rnleysisstefnu og fem\u00ednisma)", "hvernig stj\u00f3rnkerfum og stj\u00f3rnm\u00e1lastefnum er \u00e6tla\u00f0 a\u00f0 leysa samf\u00e9lagsleg vi\u00f0fangsefni", "\u00edslenska stj\u00f3rnkerfinu og \u00fer\u00f3un \u00edslenskra stj\u00f3rnm\u00e1la", "al\u00fej\u00f3\u00f0astj\u00f3rnm\u00e1lum"], "skills_goals": ["beita hugt\u00f6kum stj\u00f3rnm\u00e1lafr\u00e6\u00f0innar \u00e1 raunveruleg vi\u00f0fangsefni h\u00e9r \u00e1 landi og erlendis", "greina \u00e1 milli og meta \u00f3l\u00edkar kenningar um stj\u00f3rnkerfi og hugmyndastefnur", "afla uppl\u00fdsinga sem tengjast \u00edslenskum stj\u00f3rnm\u00e1laflokkum, greina \u00fe\u00e6r og setja \u00ed fr\u00e6\u00f0ilegt samhengi", "fjalla um og bera saman kenningar", "r\u00e6\u00f0a um vi\u00f0fangsefni stj\u00f3rnm\u00e1la"], "credits": 5, "last_modified": 1425293655.634546, "schools": ["512351988caa45ed97015b44"], "coauthors": null, "instructions": "", "continued_education": false, "level": 3, "prerequisites": "F\u00c9LA2KR05", "author": "6ea856f5-9f60-4d4f-a95e-aa9dbcc89d01", "abbreviation_version": null, "competence_goals": [["\u00fatsk\u00fdra hvernig stj\u00f3rnm\u00e1l hafa \u00e1hrif \u00e1 l\u00edf hans og a\u00f0st\u00e6\u00f0ur", ""], ["mynda s\u00e9r sko\u00f0anir \u00e1 r\u00f6kstuddan, me\u00f0vita\u00f0an og gagnr\u00fdninn h\u00e1tt", ""], ["meta eigin frammist\u00f6\u00f0u og annarra \u00e1 gagnr\u00fdninn h\u00e1tt", ""], ["taka \u00fe\u00e1tt \u00ed r\u00f6kr\u00e6\u00f0um um samf\u00e9lagsleg \u00e1litam\u00e1l er tengjast stj\u00f3rnm\u00e1lum", ""], ["tj\u00e1 sig skipulega og gagnr\u00fdni\u00f0 um einstaka efnis\u00fe\u00e6tti", ""], ["finna og nota\u00f0 uppl\u00fdsingar um stj\u00f3rnm\u00e1l h\u00e9r \u00e1 landi og erlendis", ""], ["bera vir\u00f0ingu fyrir sko\u00f0unum og l\u00edfsgildum annarra", ""], ["komast a\u00f0 sameiginlegri ni\u00f0urst\u00f6\u00f0u \u00ed deilum\u00e1lum vi\u00f0 \u00feann sem deilt er", ""], ["taka virkan \u00fe\u00e1tt \u00ed borgaralegu samf\u00e9lagi", ""]], "_id": "54f4415762933a193600203b"}, {"exemplary": null, "topics": "L\u00edkamsr\u00e6kt og eigin \u00fej\u00e1lfun", "abbreviation": "HEIL1LE01", "former_schools": null, "subject": "heilsa, l\u00edfsst\u00edll", "title": "Hreyfing og heilsa", "version": 11, "status_trans": "Sam\u00feykkt af sk\u00f3la", "embedded_subject": {"abbreviation": "HEIL", "topics": [{"abbreviation": "HE", "topics": ["heilbrigt l\u00edferni og n\u00e1ndarkynning"]}, {"abbreviation": "UP", "topics": ["uppl\u00fdsingal\u00e6si"]}, {"abbreviation": "KY", "topics": ["kynheilbrig\u00f0i"]}, {"abbreviation": "HL", "topics": ["heilsa", "heilsul\u00e6si", "l\u00edkamsr\u00e6kt", "\u00fej\u00e1lfun"]}, {"abbreviation": "\u00deJ", "topics": ["li\u00f0leiki", "markmi\u00f0asetning", "styrkur", "\u00dej\u00e1lfun", "\u00deol", "\u00e1\u00e6tlanager\u00f0"]}, {"abbreviation": "KN", "topics": ["Knattspyrna", "spil", "t\u00e6kni", "\u00e6fingar"]}, {"abbreviation": "J\u00d3", "topics": ["J\u00f3ga", "agi", "einbeiting", "hreyfif\u00e6rni", "jafv\u00e6gi", "li\u00f0leiki", "sl\u00f6kun", "styrkur", "st\u00f6\u00f0uleiki", "\u00f6ndun"]}, {"abbreviation": "BA", "topics": ["Badminton", "einli\u00f0aleikur", "heilsuefling", "leikfr\u00e6\u00f0i", "li\u00f0leiki", "styrkur", "tvenndarleikur", "tv\u00edli\u00f0aleikur", "t\u00e6kni", "\u00feol"]}, {"abbreviation": "N\u00c6", "topics": ["N\u00e6ring", "fita", "heilsa", "hollusta", "kolvetni", "orka", "pr\u00f3tein", "steinefni", "v\u00edtam\u00edn", "\u00ed\u00fer\u00f3ttir"]}, {"abbreviation": "\u00c1\u00c6", "topics": ["li\u00f0leiki", "markmi\u00f0asetning", "styrkur", "\u00e1\u00e6tlanager\u00f0", "\u00fej\u00e1lfun", "\u00feol"]}, {"abbreviation": "\u00c6\u00c1", "topics": ["li\u00f0leiki.", "markmi\u00f0asetning", "styrkur", "\u00c1\u00e6tlanager\u00f0", "\u00fej\u00e1lfun", "\u00feol"]}, {"abbreviation": "SV", "topics": ["sj\u00e1lfst\u00e6tt verkefni"]}, {"abbreviation": "HR", "topics": ["Heilsur\u00e6kt"]}, {"abbreviation": "HN", "topics": ["hreyfing", "l\u00fd\u00f0heilsa", "n\u00e6ring"]}, {"abbreviation": "LH", "topics": ["Hreyfing", "l\u00fd\u00f0heilsa", "n\u00e6ring"]}, {"abbreviation": "GH", "topics": ["Grunnreglur \u00ed\u00fer\u00f3tta", "hreyfing og heilsa"]}, {"abbreviation": "KL", "topics": ["Kraft- og li\u00f0leika\u00fej\u00e1lfun \u00ed leik"]}, {"abbreviation": "L\u00cd", "topics": ["L\u00edkamsr\u00e6kt og heilsuvernd"]}, {"abbreviation": "LE", "topics": ["L\u00edkamsr\u00e6kt og eigin \u00fej\u00e1lfun"]}, {"abbreviation": "E\u00de", "topics": ["Eigin \u00fej\u00e1lfun"]}], "_id": "50c0a02dd8e40575f7f6f4e5", "subjects": ["heilsa", "l\u00edfsst\u00edll"], "counter": {"1": 9, "3": 0, "2": 2, "4": 0}}, "evaluation": "N\u00e1msmat er \u00fatf\u00e6rt \u00ed kennslu\u00e1\u00e6tlun", "categorization_suggestion": "", "embedded_topics": {"abbreviation": "LE", "topics": ["L\u00edkamsr\u00e6kt og eigin \u00fej\u00e1lfun"]}, "status": "approved by school", "description": "\u00c1 \u00e1fanganum er unni\u00f0 me\u00f0 undirb\u00faning fyrir eigin \u00fej\u00e1lfun nemenda. Nemendur \u00feurfa \u00fe\u00e1 a\u00f0 tileinka s\u00e9r \u00fe\u00e6r a\u00f0fer\u00f0ir og l\u00e6ra a\u00f0 nota \u00feau t\u00e6ki sem \u00fearf til \u00feess a\u00f0 geta stunda\u00f0 eigin \u00fej\u00e1lfun me\u00f0 jafnri og st\u00edgandi \u00e1kef\u00f0.", "knowledge_goals": ["markmi\u00f0um og f\u00e6rni \u00ed a\u00f0 setja s\u00e9r skammt\u00edma- og langt\u00edma markmi\u00f0", "grunnf\u00e6rni \u00ed eigin \u00fej\u00e1lfun og mati \u00e1 eigin l\u00edkams\u00e1standi", "mikilv\u00e6gi upphitunar og teygju\u00e6finga", "sj\u00e1lfst\u00e6\u00f0i og hreyfingu s\u00e9r til heilsub\u00f3tar"], "skills_goals": ["lesa \u00ed heilbrig\u00f0i og jafnv\u00e6gi milli l\u00edkama og s\u00e1lar", "\u00feekkja velfer\u00f0 og mikilv\u00e6gi samspils hreyfingar og daglegs l\u00edfs", "eiga g\u00f3\u00f0 samskipti vi\u00f0 samherja, m\u00f3therja og umhverfi", "tileinka s\u00e9r sk\u00f6pun og sj\u00e1lfb\u00e6rni \u00ed hreyfingu og heilsul\u00e6si", "tileinka s\u00e9r Jafnr\u00e9tti \u00ed leik og starfi", "\u00feekkja l\u00fd\u00f0r\u00e6\u00f0i og efli \u00fe\u00e1ttt\u00f6ku s\u00edna innan h\u00f3ps \u00ed leik og starfi", "\u00feekkja mannr\u00e9ttindi og  temja s\u00e9r sj\u00e1lfb\u00e6rni innan heilsueflandi verkefna"], "credits": 1, "last_modified": 1425893671.50906, "schools": ["512351988caa45ed97015b44"], "coauthors": null, "instructions": "", "continued_education": false, "level": 1, "prerequisites": "HEIL1L\u00cd01", "author": "6ea856f5-9f60-4d4f-a95e-aa9dbcc89d01", "abbreviation_version": null, "competence_goals": [["s\u00fdna sj\u00e1lfst\u00e6\u00f0i \u00ed vinnubr\u00f6g\u00f0um", ""], ["skipuleggja sig", ""], ["f\u00e1 mikla hreyfingu", ""], ["hafa gaman", ""], ["finna \u00fe\u00e1 hreyfingu sem h\u00f6f\u00f0ar til einstaklingsins", ""]], "_id": "54fd692762933a469200086f"}, {"exemplary": null, "topics": "Kraft- og li\u00f0leika\u00fej\u00e1lfun \u00ed leik", "abbreviation": "HEIL1KL01", "former_schools": null, "subject": "heilsa, l\u00edfsst\u00edll", "title": "Hreyfing og heilsa", "version": 12, "status_trans": "Sam\u00feykkt af sk\u00f3la", "embedded_subject": {"abbreviation": "HEIL", "topics": [{"abbreviation": "HE", "topics": ["heilbrigt l\u00edferni og n\u00e1ndarkynning"]}, {"abbreviation": "UP", "topics": ["uppl\u00fdsingal\u00e6si"]}, {"abbreviation": "KY", "topics": ["kynheilbrig\u00f0i"]}, {"abbreviation": "HL", "topics": ["heilsa", "heilsul\u00e6si", "l\u00edkamsr\u00e6kt", "\u00fej\u00e1lfun"]}, {"abbreviation": "\u00deJ", "topics": ["li\u00f0leiki", "markmi\u00f0asetning", "styrkur", "\u00dej\u00e1lfun", "\u00deol", "\u00e1\u00e6tlanager\u00f0"]}, {"abbreviation": "KN", "topics": ["Knattspyrna", "spil", "t\u00e6kni", "\u00e6fingar"]}, {"abbreviation": "J\u00d3", "topics": ["J\u00f3ga", "agi", "einbeiting", "hreyfif\u00e6rni", "jafv\u00e6gi", "li\u00f0leiki", "sl\u00f6kun", "styrkur", "st\u00f6\u00f0uleiki", "\u00f6ndun"]}, {"abbreviation": "BA", "topics": ["Badminton", "einli\u00f0aleikur", "heilsuefling", "leikfr\u00e6\u00f0i", "li\u00f0leiki", "styrkur", "tvenndarleikur", "tv\u00edli\u00f0aleikur", "t\u00e6kni", "\u00feol"]}, {"abbreviation": "N\u00c6", "topics": ["N\u00e6ring", "fita", "heilsa", "hollusta", "kolvetni", "orka", "pr\u00f3tein", "steinefni", "v\u00edtam\u00edn", "\u00ed\u00fer\u00f3ttir"]}, {"abbreviation": "\u00c1\u00c6", "topics": ["li\u00f0leiki", "markmi\u00f0asetning", "styrkur", "\u00e1\u00e6tlanager\u00f0", "\u00fej\u00e1lfun", "\u00feol"]}, {"abbreviation": "\u00c6\u00c1", "topics": ["li\u00f0leiki.", "markmi\u00f0asetning", "styrkur", "\u00c1\u00e6tlanager\u00f0", "\u00fej\u00e1lfun", "\u00feol"]}, {"abbreviation": "SV", "topics": ["sj\u00e1lfst\u00e6tt verkefni"]}, {"abbreviation": "HR", "topics": ["Heilsur\u00e6kt"]}, {"abbreviation": "HN", "topics": ["hreyfing", "l\u00fd\u00f0heilsa", "n\u00e6ring"]}, {"abbreviation": "LH", "topics": ["Hreyfing", "l\u00fd\u00f0heilsa", "n\u00e6ring"]}, {"abbreviation": "GH", "topics": ["Grunnreglur \u00ed\u00fer\u00f3tta", "hreyfing og heilsa"]}, {"abbreviation": "KL", "topics": ["Kraft- og li\u00f0leika\u00fej\u00e1lfun \u00ed leik"]}, {"abbreviation": "L\u00cd", "topics": ["L\u00edkamsr\u00e6kt og heilsuvernd"]}, {"abbreviation": "LE", "topics": ["L\u00edkamsr\u00e6kt og eigin \u00fej\u00e1lfun"]}, {"abbreviation": "E\u00de", "topics": ["Eigin \u00fej\u00e1lfun"]}], "_id": "50c0a02dd8e40575f7f6f4e5", "subjects": ["heilsa", "l\u00edfsst\u00edll"], "counter": {"1": 9, "3": 0, "2": 2, "4": 0}}, "evaluation": "N\u00e1msmat er \u00fatf\u00e6rt \u00ed kennslu\u00e1\u00e6tlun.", "categorization_suggestion": "", "embedded_topics": {"abbreviation": "KL", "topics": ["Kraft- og li\u00f0leika\u00fej\u00e1lfun \u00ed leik"]}, "status": "approved by school", "description": "\u00cd \u00e1fanganum er l\u00f6g\u00f0 \u00e1hersla \u00e1 kraft- og li\u00f0leika\u00fej\u00e1lfun nemenda \u00ed formi leikja og h\u00f3p\u00ed\u00fer\u00f3tta. Einnig ver\u00f0ur fari\u00f0 yfir \u00ed\u00fer\u00f3ttamei\u00f0sl og helstu \u00e1st\u00e6\u00f0ur \u00feeirra. Fari\u00f0 ver\u00f0ur yfir mikilv\u00e6ga \u00fe\u00e6tti \u00fej\u00e1lfunar sem koma a\u00f0 styrk og f\u00e1 nemendur a\u00f0 kynnast \u00e6fingum sem byggja upp sto\u00f0kerfi l\u00edkamans, \u00feeim kynnt r\u00e9tt l\u00edkamsbeiting og fj\u00f6lbreytni \u00feeirra \u00e6finga sem \u00ed bo\u00f0i eru. Nemendur f\u00e1 einnig a\u00f0 kynnast li\u00f0leika\u00fej\u00e1lfun og mikilv\u00e6gi hennar \u00ed heildarmyndinni.", "knowledge_goals": ["sto\u00f0kerfi l\u00edkamans", "f\u00e6rni \u00ed kraft- og li\u00f0leika\u00fej\u00e1lfun", "hvernig h\u00e6gt er a\u00f0 vinna me\u00f0 ofangreinda \u00fe\u00e6tti \u00ed leik", "f\u00e6rni til \u00feess a\u00f0 stunda l\u00edkamsr\u00e6kt me\u00f0 eigin l\u00edkams\u00feyngd og me\u00f0 l\u00f3\u00f0"], "skills_goals": ["lesa \u00ed heilbrig\u00f0i og jafnv\u00e6gi milli l\u00edkama og s\u00e1lar", "\u00feekkja velfer\u00f0 og mikilv\u00e6gi samspils hreyfingar og daglegs l\u00edfs", "eiga g\u00f3\u00f0 samskipti vi\u00f0 samherja, m\u00f3therja og umhverfi", "tileinka s\u00e9r sk\u00f6pun og sj\u00e1lfb\u00e6rni \u00ed hreyfingu og heilsul\u00e6si", "tileinka s\u00e9r jafnr\u00e9tti \u00ed leik og starfi", "\u00feekkja l\u00fd\u00f0r\u00e6\u00f0i og efli \u00fe\u00e1ttt\u00f6ku s\u00edna innan h\u00f3ps \u00ed leik og starfi", "\u00feekkja mannr\u00e9ttindi og  temja s\u00e9r sj\u00e1lfb\u00e6rni innan heilsueflandi verkefna"], "credits": 1, "last_modified": 1425892779.152123, "schools": ["512351988caa45ed97015b44"], "coauthors": null, "instructions": "", "continued_education": false, "level": 1, "prerequisites": "HEIL1GH01", "author": "6ea856f5-9f60-4d4f-a95e-aa9dbcc89d01", "abbreviation_version": null, "competence_goals": [["hreyfa sig og hafa gagn og gaman af", ""], ["vinna \u00ed h\u00f3p og sj\u00e1lfst\u00e6tt", ""], ["nota eigin l\u00edkams\u00feyngd \u00e1samt l\u00f3\u00f0um til kraft- og li\u00f0leika\u00fej\u00e1lfunar", ""]], "_id": "54fd65ab62933a469200085e"}, {"exemplary": null, "topics": "Grunnreglur \u00ed\u00fer\u00f3tta, hreyfing og heilsa", "abbreviation": "HEIL1GH01", "former_schools": null, "subject": "heilsa, l\u00edfsst\u00edll", "title": "Hreyfing og heilsa", "version": 10, "status_trans": "Sam\u00feykkt af sk\u00f3la", "embedded_subject": {"abbreviation": "HEIL", "topics": [{"abbreviation": "HE", "topics": ["heilbrigt l\u00edferni og n\u00e1ndarkynning"]}, {"abbreviation": "UP", "topics": ["uppl\u00fdsingal\u00e6si"]}, {"abbreviation": "KY", "topics": ["kynheilbrig\u00f0i"]}, {"abbreviation": "HL", "topics": ["heilsa", "heilsul\u00e6si", "l\u00edkamsr\u00e6kt", "\u00fej\u00e1lfun"]}, {"abbreviation": "\u00deJ", "topics": ["li\u00f0leiki", "markmi\u00f0asetning", "styrkur", "\u00dej\u00e1lfun", "\u00deol", "\u00e1\u00e6tlanager\u00f0"]}, {"abbreviation": "KN", "topics": ["Knattspyrna", "spil", "t\u00e6kni", "\u00e6fingar"]}, {"abbreviation": "J\u00d3", "topics": ["J\u00f3ga", "agi", "einbeiting", "hreyfif\u00e6rni", "jafv\u00e6gi", "li\u00f0leiki", "sl\u00f6kun", "styrkur", "st\u00f6\u00f0uleiki", "\u00f6ndun"]}, {"abbreviation": "BA", "topics": ["Badminton", "einli\u00f0aleikur", "heilsuefling", "leikfr\u00e6\u00f0i", "li\u00f0leiki", "styrkur", "tvenndarleikur", "tv\u00edli\u00f0aleikur", "t\u00e6kni", "\u00feol"]}, {"abbreviation": "N\u00c6", "topics": ["N\u00e6ring", "fita", "heilsa", "hollusta", "kolvetni", "orka", "pr\u00f3tein", "steinefni", "v\u00edtam\u00edn", "\u00ed\u00fer\u00f3ttir"]}, {"abbreviation": "\u00c1\u00c6", "topics": ["li\u00f0leiki", "markmi\u00f0asetning", "styrkur", "\u00e1\u00e6tlanager\u00f0", "\u00fej\u00e1lfun", "\u00feol"]}, {"abbreviation": "\u00c6\u00c1", "topics": ["li\u00f0leiki.", "markmi\u00f0asetning", "styrkur", "\u00c1\u00e6tlanager\u00f0", "\u00fej\u00e1lfun", "\u00feol"]}, {"abbreviation": "SV", "topics": ["sj\u00e1lfst\u00e6tt verkefni"]}, {"abbreviation": "HR", "topics": ["Heilsur\u00e6kt"]}, {"abbreviation": "HN", "topics": ["hreyfing", "l\u00fd\u00f0heilsa", "n\u00e6ring"]}, {"abbreviation": "LH", "topics": ["Hreyfing", "l\u00fd\u00f0heilsa", "n\u00e6ring"]}, {"abbreviation": "GH", "topics": ["Grunnreglur \u00ed\u00fer\u00f3tta", "hreyfing og heilsa"]}, {"abbreviation": "KL", "topics": ["Kraft- og li\u00f0leika\u00fej\u00e1lfun \u00ed leik"]}, {"abbreviation": "L\u00cd", "topics": ["L\u00edkamsr\u00e6kt og heilsuvernd"]}, {"abbreviation": "LE", "topics": ["L\u00edkamsr\u00e6kt og eigin \u00fej\u00e1lfun"]}, {"abbreviation": "E\u00de", "topics": ["Eigin \u00fej\u00e1lfun"]}], "_id": "50c0a02dd8e40575f7f6f4e5", "subjects": ["heilsa", "l\u00edfsst\u00edll"], "counter": {"1": 9, "3": 0, "2": 2, "4": 0}}, "evaluation": "N\u00e1msmat er \u00fatf\u00e6rt \u00ed kennslu\u00e1\u00e6tlun.", "categorization_suggestion": "", "embedded_topics": {"abbreviation": "GH", "topics": ["Grunnreglur \u00ed\u00fer\u00f3tta", "hreyfing og heilsa"]}, "status": "approved by school", "description": "\u00cd \u00e1fanganum er unni\u00f0 me\u00f0 grunnreglur helstu \u00ed\u00fer\u00f3ttagreina me\u00f0 \u00e1herslu \u00e1 h\u00f3pleiki og samstarf nemenda. Fari\u00f0 ver\u00f0ur s\u00e9rstaklega \u00ed mikilv\u00e6gi upphitunar og \u00feol\u00fej\u00e1lfunar \u00e1samt teygju\u00e6finga \u00ed lok hvers t\u00edma.", "knowledge_goals": ["f\u00e6rni \u00ed samskiptum \u00ed leik og starfi", "grunnf\u00e6rni \u00ed almennum \u00ed\u00fer\u00f3ttum", "mikilv\u00e6gi upphitunar og teygju\u00e6finga", "a\u00f0 stunda sj\u00e1lfst\u00e6tt hreyfingu s\u00e9r til heilsub\u00f3tar"], "skills_goals": ["lesa \u00ed heilbrig\u00f0i og jafnv\u00e6gi milli l\u00edkama og s\u00e1lar", "\u00feekkja velfer\u00f0 og mikilv\u00e6gi samspils hreyfingar og daglegs l\u00edfs", "eiga g\u00f3\u00f0 samskipti milli samherja, m\u00f3therja og umhverfis", "tileinka s\u00e9r sk\u00f6pun og sj\u00e1lfb\u00e6rni \u00ed hreyfingu og heilsul\u00e6si", "tileinka s\u00e9r Jafnr\u00e9tti \u00ed leik og starfi", "\u00feekkja l\u00fd\u00f0r\u00e6\u00f0i og efli \u00fe\u00e1ttt\u00f6ku s\u00edna innan h\u00f3ps \u00ed leik og starfi", "\u00feekkja mannr\u00e9ttindi og  temja s\u00e9r sj\u00e1lfb\u00e6rni innan heilsueflandi verkefna"], "credits": 1, "last_modified": 1425305482.087426, "schools": ["512351988caa45ed97015b44"], "coauthors": null, "instructions": "", "continued_education": false, "level": 1, "prerequisites": "Engar", "author": "6ea856f5-9f60-4d4f-a95e-aa9dbcc89d01", "abbreviation_version": null, "competence_goals": [["efla samvinnu", ""], ["f\u00e1 mikla hreyfingu", ""], ["hafa gaman", ""]], "_id": "54f46f8a62933a3c22000050"}, {"exemplary": null, "topics": "L\u00edkamsr\u00e6kt og heilsuvernd", "abbreviation": "HEIL1L\u00cd01", "former_schools": null, "subject": "heilsa, l\u00edfsst\u00edll", "title": "Hreyfing og heilsa", "version": 13, "status_trans": "Sam\u00feykkt af sk\u00f3la", "embedded_subject": {"abbreviation": "HEIL", "topics": [{"abbreviation": "HE", "topics": ["heilbrigt l\u00edferni og n\u00e1ndarkynning"]}, {"abbreviation": "UP", "topics": ["uppl\u00fdsingal\u00e6si"]}, {"abbreviation": "KY", "topics": ["kynheilbrig\u00f0i"]}, {"abbreviation": "HL", "topics": ["heilsa", "heilsul\u00e6si", "l\u00edkamsr\u00e6kt", "\u00fej\u00e1lfun"]}, {"abbreviation": "\u00deJ", "topics": ["li\u00f0leiki", "markmi\u00f0asetning", "styrkur", "\u00dej\u00e1lfun", "\u00deol", "\u00e1\u00e6tlanager\u00f0"]}, {"abbreviation": "KN", "topics": ["Knattspyrna", "spil", "t\u00e6kni", "\u00e6fingar"]}, {"abbreviation": "J\u00d3", "topics": ["J\u00f3ga", "agi", "einbeiting", "hreyfif\u00e6rni", "jafv\u00e6gi", "li\u00f0leiki", "sl\u00f6kun", "styrkur", "st\u00f6\u00f0uleiki", "\u00f6ndun"]}, {"abbreviation": "BA", "topics": ["Badminton", "einli\u00f0aleikur", "heilsuefling", "leikfr\u00e6\u00f0i", "li\u00f0leiki", "styrkur", "tvenndarleikur", "tv\u00edli\u00f0aleikur", "t\u00e6kni", "\u00feol"]}, {"abbreviation": "N\u00c6", "topics": ["N\u00e6ring", "fita", "heilsa", "hollusta", "kolvetni", "orka", "pr\u00f3tein", "steinefni", "v\u00edtam\u00edn", "\u00ed\u00fer\u00f3ttir"]}, {"abbreviation": "\u00c1\u00c6", "topics": ["li\u00f0leiki", "markmi\u00f0asetning", "styrkur", "\u00e1\u00e6tlanager\u00f0", "\u00fej\u00e1lfun", "\u00feol"]}, {"abbreviation": "\u00c6\u00c1", "topics": ["li\u00f0leiki.", "markmi\u00f0asetning", "styrkur", "\u00c1\u00e6tlanager\u00f0", "\u00fej\u00e1lfun", "\u00feol"]}, {"abbreviation": "SV", "topics": ["sj\u00e1lfst\u00e6tt verkefni"]}, {"abbreviation": "HR", "topics": ["Heilsur\u00e6kt"]}, {"abbreviation": "HN", "topics": ["hreyfing", "l\u00fd\u00f0heilsa", "n\u00e6ring"]}, {"abbreviation": "LH", "topics": ["Hreyfing", "l\u00fd\u00f0heilsa", "n\u00e6ring"]}, {"abbreviation": "GH", "topics": ["Grunnreglur \u00ed\u00fer\u00f3tta", "hreyfing og heilsa"]}, {"abbreviation": "KL", "topics": ["Kraft- og li\u00f0leika\u00fej\u00e1lfun \u00ed leik"]}, {"abbreviation": "L\u00cd", "topics": ["L\u00edkamsr\u00e6kt og heilsuvernd"]}, {"abbreviation": "LE", "topics": ["L\u00edkamsr\u00e6kt og eigin \u00fej\u00e1lfun"]}, {"abbreviation": "E\u00de", "topics": ["Eigin \u00fej\u00e1lfun"]}], "_id": "50c0a02dd8e40575f7f6f4e5", "subjects": ["heilsa", "l\u00edfsst\u00edll"], "counter": {"1": 9, "3": 0, "2": 2, "4": 0}}, "evaluation": "N\u00e1msmat er \u00fatf\u00e6rt \u00ed kennslu\u00e1\u00e6tlun.", "categorization_suggestion": "", "embedded_topics": {"abbreviation": "L\u00cd", "topics": ["L\u00edkamsr\u00e6kt og heilsuvernd"]}, "status": "approved by school", "description": "\u00cd \u00e1fanganum er l\u00f6g\u00f0 \u00e1hersla \u00e1 fj\u00f6lbreytta upphitun, leiki og svo almenna l\u00edkamsr\u00e6kt. Nemendur f\u00e1 a\u00f0 kynnast \u00f3l\u00edkum \u00e6fingum sem byggja \u00e1 uppbyggingu \u00feols- , li\u00f0leika- og styrkjar. Einnig er l\u00f6g\u00f0 \u00e1hersla \u00e1 heilsuvernd og f\u00e1 nemendur a\u00f0 kynnast a\u00f0fer\u00f0um sem stu\u00f0la a\u00f0 heilbrig\u00f0um l\u00edfsst\u00edl.", "knowledge_goals": ["f\u00e6rni \u00ed samskiptum \u00ed leik og starfi", "sj\u00e1lfst\u00e6\u00f0um vinnubr\u00f6g\u00f0um \u00ed l\u00edkamsr\u00e6kt", "mikilv\u00e6gi allra \u00fe\u00e1tta \u00fej\u00e1lfunar s.s upphitun, \u00fej\u00e1lfun og teygjum", "heilbrig\u00f0um l\u00edfsst\u00edl"], "skills_goals": ["lesa \u00ed heilbrig\u00f0i og jafnv\u00e6gi milli l\u00edkama og s\u00e1lar", "\u00feekkja velfer\u00f0 og mikilv\u00e6gi samspils hreyfingar og daglegs l\u00edfs", "eiga g\u00f3\u00f0 samskipti milli samherja, m\u00f3therja og umhverfis", "tileinka s\u00e9r sk\u00f6pun og sj\u00e1lfb\u00e6rni \u00ed hreyfingu og heilsul\u00e6si", "tileinka s\u00e9r Jafnr\u00e9tti \u00ed leik og starfi", "\u00feekkja l\u00fd\u00f0r\u00e6\u00f0i og efli \u00fe\u00e1ttt\u00f6ku s\u00edna innan h\u00f3ps \u00ed leik og starfi", "\u00feekkja mannr\u00e9ttindi og  temja s\u00e9r sj\u00e1lfb\u00e6rni innan heilsueflandi verkefna"], "credits": 1, "last_modified": 1425893306.005344, "schools": ["512351988caa45ed97015b44"], "coauthors": null, "instructions": "", "continued_education": false, "level": 1, "prerequisites": "HEIL1KL01", "author": "6ea856f5-9f60-4d4f-a95e-aa9dbcc89d01", "abbreviation_version": null, "competence_goals": [["stunda l\u00edkamsr\u00e6kt \u00e1 eigin forsendum", ""], ["tileinka s\u00e9r heilbrig\u00f0an l\u00edfsst\u00edl", ""], ["f\u00e1 mikla hreyfingu", ""]], "_id": "54fd67ba62933a4692000864"}, {"exemplary": null, "topics": "Eigin \u00fej\u00e1lfun", "abbreviation": "HEIL1E\u00de01", "former_schools": null, "subject": "heilsa, l\u00edfsst\u00edll", "title": "Hreyfing og heilsa", "version": 15, "status_trans": "Sam\u00feykkt af sk\u00f3la", "embedded_subject": {"abbreviation": "HEIL", "topics": [{"abbreviation": "HE", "topics": ["heilbrigt l\u00edferni og n\u00e1ndarkynning"]}, {"abbreviation": "UP", "topics": ["uppl\u00fdsingal\u00e6si"]}, {"abbreviation": "KY", "topics": ["kynheilbrig\u00f0i"]}, {"abbreviation": "HL", "topics": ["heilsa", "heilsul\u00e6si", "l\u00edkamsr\u00e6kt", "\u00fej\u00e1lfun"]}, {"abbreviation": "\u00deJ", "topics": ["li\u00f0leiki", "markmi\u00f0asetning", "styrkur", "\u00dej\u00e1lfun", "\u00deol", "\u00e1\u00e6tlanager\u00f0"]}, {"abbreviation": "KN", "topics": ["Knattspyrna", "spil", "t\u00e6kni", "\u00e6fingar"]}, {"abbreviation": "J\u00d3", "topics": ["J\u00f3ga", "agi", "einbeiting", "hreyfif\u00e6rni", "jafv\u00e6gi", "li\u00f0leiki", "sl\u00f6kun", "styrkur", "st\u00f6\u00f0uleiki", "\u00f6ndun"]}, {"abbreviation": "BA", "topics": ["Badminton", "einli\u00f0aleikur", "heilsuefling", "leikfr\u00e6\u00f0i", "li\u00f0leiki", "styrkur", "tvenndarleikur", "tv\u00edli\u00f0aleikur", "t\u00e6kni", "\u00feol"]}, {"abbreviation": "N\u00c6", "topics": ["N\u00e6ring", "fita", "heilsa", "hollusta", "kolvetni", "orka", "pr\u00f3tein", "steinefni", "v\u00edtam\u00edn", "\u00ed\u00fer\u00f3ttir"]}, {"abbreviation": "\u00c1\u00c6", "topics": ["li\u00f0leiki", "markmi\u00f0asetning", "styrkur", "\u00e1\u00e6tlanager\u00f0", "\u00fej\u00e1lfun", "\u00feol"]}, {"abbreviation": "\u00c6\u00c1", "topics": ["li\u00f0leiki.", "markmi\u00f0asetning", "styrkur", "\u00c1\u00e6tlanager\u00f0", "\u00fej\u00e1lfun", "\u00feol"]}, {"abbreviation": "SV", "topics": ["sj\u00e1lfst\u00e6tt verkefni"]}, {"abbreviation": "HR", "topics": ["Heilsur\u00e6kt"]}, {"abbreviation": "HN", "topics": ["hreyfing", "l\u00fd\u00f0heilsa", "n\u00e6ring"]}, {"abbreviation": "LH", "topics": ["Hreyfing", "l\u00fd\u00f0heilsa", "n\u00e6ring"]}, {"abbreviation": "GH", "topics": ["Grunnreglur \u00ed\u00fer\u00f3tta", "hreyfing og heilsa"]}, {"abbreviation": "KL", "topics": ["Kraft- og li\u00f0leika\u00fej\u00e1lfun \u00ed leik"]}, {"abbreviation": "L\u00cd", "topics": ["L\u00edkamsr\u00e6kt og heilsuvernd"]}, {"abbreviation": "LE", "topics": ["L\u00edkamsr\u00e6kt og eigin \u00fej\u00e1lfun"]}, {"abbreviation": "E\u00de", "topics": ["Eigin \u00fej\u00e1lfun"]}], "_id": "50c0a02dd8e40575f7f6f4e5", "subjects": ["heilsa", "l\u00edfsst\u00edll"], "counter": {"1": 13, "3": 0, "2": 4, "4": 0}}, "evaluation": "N\u00e1msmat er \u00fatf\u00e6rt \u00ed kennslu\u00e1\u00e6tlun", "categorization_suggestion": "", "embedded_topics": {"abbreviation": "E\u00de", "topics": ["Eigin \u00fej\u00e1lfun"]}, "status": "approved by school", "description": "\u00c1 \u00e1fanganum er unni\u00f0 me\u00f0 undirb\u00faning fyrir eigin \u00fej\u00e1lfun nemenda. Nemendur \u00feurfa \u00fe\u00e1 a\u00f0 tileinka s\u00e9r \u00fe\u00e6r a\u00f0fer\u00f0ir og l\u00e6ra a\u00f0 nota \u00feau t\u00e6ki sem \u00fearf til \u00feess a\u00f0 geta stunda\u00f0 eigin \u00fej\u00e1lfun me\u00f0 jafnri og st\u00edgandi \u00e1kef\u00f0.", "knowledge_goals": ["markmi\u00f0um og l\u00e6ri a\u00f0 setja s\u00e9r skammt\u00edma og langt\u00edma markmi\u00f0", "leikni og grunnf\u00e6rni \u00ed eigin \u00fej\u00e1lfun", "mikilv\u00e6gi upphitunar og teygju\u00e6finga", "\u00feeirri f\u00e6rni sem \u00fearf til \u00feess a\u00f0 stunda sj\u00e1lfst\u00e6\u00f0a hreyfingu s\u00e9r til heilsub\u00f3tar"], "skills_goals": ["lesa \u00ed heilbrig\u00f0i og jafnv\u00e6gi milli l\u00edkama og s\u00e1lar", "\u00feekkja velfer\u00f0 og mikilv\u00e6gi samspils hreyfingar og daglegs l\u00edfs", "eiga g\u00f3\u00f0 samskipti vil samherja, m\u00f3therja og umhverfi", "tileinka s\u00e9r sk\u00f6pun og sj\u00e1lfb\u00e6rni \u00ed hreyfingu og heilsul\u00e6si", "tileinka s\u00e9r jafnr\u00e9tti \u00ed leik og starfi", "\u00feekkja l\u00fd\u00f0r\u00e6\u00f0i og efli \u00fe\u00e1ttt\u00f6ku s\u00edna innan h\u00f3ps \u00ed leik og starfi", "\u00feekkja mannr\u00e9ttindi og  temja s\u00e9r sj\u00e1lfb\u00e6rni innan heilsueflandi verkefna"], "credits": 1, "last_modified": 1427290368.827715, "schools": ["512351988caa45ed97015b44"], "coauthors": null, "instructions": "", "continued_education": false, "level": 1, "prerequisites": "HEIL1\u00deJ01", "author": "6ea856f5-9f60-4d4f-a95e-aa9dbcc89d01", "abbreviation_version": null, "competence_goals": [["s\u00fdna sj\u00e1lfst\u00e6\u00f0i \u00ed vinnubr\u00f6g\u00f0um", ""], ["skipuleggja sig", ""], ["f\u00e1 mikla hreyfingu", ""], ["finna \u00fe\u00e1 hreyfingu sem h\u00f6f\u00f0ar til nemanda", ""], ["n\u00e1 \u00e1rangri og hafa gaman", ""]], "_id": "5512b90062933a4692003b53"}, {"exemplary": null, "topics": "li\u00f0leiki, markmi\u00f0asetning, styrkur, \u00dej\u00e1lfun, \u00deol, \u00e1\u00e6tlanager\u00f0", "abbreviation": "HEIL1\u00deJ01", "former_schools": null, "subject": "heilsa, l\u00edfsst\u00edll", "title": "Hreyfing og heilsa", "version": 14, "status_trans": "Sam\u00feykkt af sk\u00f3la", "embedded_subject": {"abbreviation": "HEIL", "topics": [{"abbreviation": "HE", "topics": ["heilbrigt l\u00edferni og n\u00e1ndarkynning"]}, {"abbreviation": "UP", "topics": ["uppl\u00fdsingal\u00e6si"]}, {"abbreviation": "KY", "topics": ["kynheilbrig\u00f0i"]}, {"abbreviation": "HL", "topics": ["heilsa", "heilsul\u00e6si", "l\u00edkamsr\u00e6kt", "\u00fej\u00e1lfun"]}, {"abbreviation": "\u00deJ", "topics": ["li\u00f0leiki", "markmi\u00f0asetning", "styrkur", "\u00dej\u00e1lfun", "\u00deol", "\u00e1\u00e6tlanager\u00f0"]}, {"abbreviation": "KN", "topics": ["Knattspyrna", "spil", "t\u00e6kni", "\u00e6fingar"]}, {"abbreviation": "J\u00d3", "topics": ["J\u00f3ga", "agi", "einbeiting", "hreyfif\u00e6rni", "jafv\u00e6gi", "li\u00f0leiki", "sl\u00f6kun", "styrkur", "st\u00f6\u00f0uleiki", "\u00f6ndun"]}, {"abbreviation": "BA", "topics": ["Badminton", "einli\u00f0aleikur", "heilsuefling", "leikfr\u00e6\u00f0i", "li\u00f0leiki", "styrkur", "tvenndarleikur", "tv\u00edli\u00f0aleikur", "t\u00e6kni", "\u00feol"]}, {"abbreviation": "N\u00c6", "topics": ["N\u00e6ring", "fita", "heilsa", "hollusta", "kolvetni", "orka", "pr\u00f3tein", "steinefni", "v\u00edtam\u00edn", "\u00ed\u00fer\u00f3ttir"]}, {"abbreviation": "\u00c1\u00c6", "topics": ["li\u00f0leiki", "markmi\u00f0asetning", "styrkur", "\u00e1\u00e6tlanager\u00f0", "\u00fej\u00e1lfun", "\u00feol"]}, {"abbreviation": "\u00c6\u00c1", "topics": ["li\u00f0leiki.", "markmi\u00f0asetning", "styrkur", "\u00c1\u00e6tlanager\u00f0", "\u00fej\u00e1lfun", "\u00feol"]}, {"abbreviation": "SV", "topics": ["sj\u00e1lfst\u00e6tt verkefni"]}, {"abbreviation": "HR", "topics": ["Heilsur\u00e6kt"]}, {"abbreviation": "HN", "topics": ["hreyfing", "l\u00fd\u00f0heilsa", "n\u00e6ring"]}, {"abbreviation": "LH", "topics": ["Hreyfing", "l\u00fd\u00f0heilsa", "n\u00e6ring"]}, {"abbreviation": "GH", "topics": ["Grunnreglur \u00ed\u00fer\u00f3tta", "hreyfing og heilsa"]}, {"abbreviation": "KL", "topics": ["Kraft- og li\u00f0leika\u00fej\u00e1lfun \u00ed leik"]}, {"abbreviation": "L\u00cd", "topics": ["L\u00edkamsr\u00e6kt og heilsuvernd"]}, {"abbreviation": "LE", "topics": ["L\u00edkamsr\u00e6kt og eigin \u00fej\u00e1lfun"]}, {"abbreviation": "E\u00de", "topics": ["Eigin \u00fej\u00e1lfun"]}], "_id": "50c0a02dd8e40575f7f6f4e5", "subjects": ["heilsa", "l\u00edfsst\u00edll"], "counter": {"1": 13, "3": 0, "2": 4, "4": 0}}, "evaluation": "N\u00e1msmat er \u00fatf\u00e6rt \u00ed kennslu\u00e1\u00e6tlun.", "categorization_suggestion": "", "embedded_topics": {"abbreviation": "\u00deJ", "topics": ["li\u00f0leiki", "markmi\u00f0asetning", "styrkur", "\u00dej\u00e1lfun", "\u00deol", "\u00e1\u00e6tlanager\u00f0"]}, "status": "approved by school", "description": "\u00cd \u00e1fanganum er l\u00f6g\u00f0 \u00e1hersla \u00e1 fj\u00f6lbreytta upphitun, leiki og svo almenna l\u00edkamsr\u00e6kt. Nemendur f\u00e1 a\u00f0 kynnast \u00f3l\u00edkum \u00e6fingum sem byggja \u00e1 uppbyggingu \u00feols- , li\u00f0leika- og styrkjar. Einnig er l\u00f6g\u00f0 \u00e1hersla \u00e1 heilsuvernd og f\u00e1 nemendur a\u00f0 kynnast a\u00f0fer\u00f0um sem stu\u00f0la a\u00f0 heilbrig\u00f0um l\u00edfsst\u00edl.", "knowledge_goals": ["f\u00e6rni \u00ed samskiptum \u00ed leik og starfi", "sj\u00e1lfst\u00e6\u00f0um vinnubr\u00f6g\u00f0um \u00ed l\u00edkamsr\u00e6kt", "mikilv\u00e6gi allra \u00fe\u00e1tta \u00fej\u00e1lfunar s.s upphitun, \u00fej\u00e1lfun og teygjum", "heilbrig\u00f0um l\u00edfsst\u00edl"], "skills_goals": ["lesa \u00ed heilbrig\u00f0i og jafnv\u00e6gi milli l\u00edkama og s\u00e1lar", "\u00feekkja velfer\u00f0 og mikilv\u00e6gi samspils hreyfingar og daglegs l\u00edfs", "eiga g\u00f3\u00f0 samskipti milli samherja, m\u00f3therja og umhverfis", "tileinka s\u00e9r sk\u00f6pun og sj\u00e1lfb\u00e6rni \u00ed hreyfingu og heilsul\u00e6si", "tileinka s\u00e9r Jafnr\u00e9tti \u00ed leik og starfi", "\u00feekkja l\u00fd\u00f0r\u00e6\u00f0i og efli \u00fe\u00e1ttt\u00f6ku s\u00edna innan h\u00f3ps \u00ed leik og starfi", "\u00feekkja mannr\u00e9ttindi og  temja s\u00e9r sj\u00e1lfb\u00e6rni innan heilsueflandi verkefna"], "credits": 1, "last_modified": 1427290277.479423, "schools": ["512351988caa45ed97015b44"], "coauthors": null, "instructions": "", "continued_education": false, "level": 1, "prerequisites": "HEIL1LE01", "author": "6ea856f5-9f60-4d4f-a95e-aa9dbcc89d01", "abbreviation_version": null, "competence_goals": [["stunda l\u00edkamsr\u00e6kt \u00e1 eigin forsendum", ""], ["tileinka s\u00e9r heilbrig\u00f0an l\u00edfsst\u00edl", ""], ["finna hreyfingu sem vekur \u00e1huga og hvatningu", ""]], "_id": "5512b8a562933a4692003b50"}, {"exemplary": null, "topics": "Almenn f\u00e9lagsfr\u00e6\u00f0i", "abbreviation": "F\u00c9LA1AA05", "former_schools": null, "subject": "f\u00e9lagsfr\u00e6\u00f0i", "title": "Inngangur a\u00f0 f\u00e9lagsfr\u00e6\u00f0i", "version": 6, "status_trans": "Sam\u00feykkt af sk\u00f3la", "embedded_subject": {"abbreviation": "F\u00c9LA", "topics": [{"abbreviation": "AK", "topics": ["almenn kynning"]}, {"abbreviation": "KS", "topics": ["kenningar", "sam\u00e9lag"]}, {"abbreviation": "AL", "topics": ["af almenn f\u00e9lagsfr\u00e6\u00f0i"]}, {"abbreviation": "MA", "topics": ["mannfr\u00e6\u00f0i"]}, {"abbreviation": "KR", "topics": ["kenningar og ranns\u00f3knara\u00f0fer\u00f0ir"]}, {"abbreviation": "KY", "topics": ["kynjafr\u00e6\u00f0i"]}, {"abbreviation": "SK", "topics": ["kenningar", "samf\u00e9lag"]}, {"abbreviation": "ST", "topics": ["stj\u00f3rnm\u00e1lafr\u00e6\u00f0i"]}, {"abbreviation": "MV", "topics": ["mentor", "vin\u00e1tta"]}, {"abbreviation": "AB", "topics": ["afbrotafr\u00e6\u00f0i"]}, {"abbreviation": "H\u00de", "topics": ["hnattv\u00e6\u00f0ing og \u00fer\u00f3unarl\u00f6nd"]}, {"abbreviation": "BY", "topics": ["byrjunar\u00e1fangi \u00ed f\u00e9lagsfr\u00e6\u00f0i"]}, {"abbreviation": "KE", "topics": ["kenningar \u00ed f\u00e9lagsfr\u00e6\u00f0i"]}, {"abbreviation": "HJ", "topics": ["hj\u00e1lparstarf"]}, {"abbreviation": "BR", "topics": ["brautry\u00f0jendur og kenningar"]}, {"abbreviation": "AF", "topics": ["almenn f\u00e9lagsfr\u00e6\u00f0i"]}, {"abbreviation": "BK", "topics": ["brautry\u00f0jendur og helstu vi\u00f0fangsefni"]}, {"abbreviation": "KV", "topics": ["kvikmyndir \u00ed lj\u00f3si f\u00e9lagsfr\u00e6\u00f0i"]}, {"abbreviation": "HE", "topics": ["heilsuf\u00e9lagsfr\u00e6\u00f0i"]}, {"abbreviation": "AT", "topics": ["t\u00edskustraumar", "t\u00f3nlist"]}, {"abbreviation": "TT", "topics": ["al\u00fe\u00fd\u00f0ut\u00f3nlist", "t\u00edskustraumar"]}, {"abbreviation": "SS", "topics": ["almennur yfirlits\u00e1fangi", "inngangur a\u00f0 f\u00e9lagsfr\u00e6\u00f0i"]}, {"abbreviation": "\u00deR", "topics": ["\u00fer\u00f3unarl\u00f6nd"]}, {"abbreviation": "A\u00d0", "topics": ["a\u00f0fer\u00f0afr\u00e6\u00f0i"]}, {"abbreviation": "FS", "topics": ["fj\u00f6lskyldan.", "f\u00e9lagsfr\u00e6\u00f0in", "f\u00e9lagsm\u00f3tun", "samf\u00e9lagi\u00f0"]}, {"abbreviation": "KK", "topics": ["kenningar og ranns\u00f3knara\u00f0fer\u00f0ir", "kynjafr\u00e6\u00f0i"]}, {"abbreviation": "KF", "topics": ["Kenningar", "samf\u00e9lag"]}, {"abbreviation": "BA", "topics": ["Inngangur a\u00f0 afbrotafr\u00e6\u00f0i"]}, {"abbreviation": "AA", "topics": ["Almenn f\u00e9lagsfr\u00e6\u00f0i"]}, {"abbreviation": "FJ", "topics": ["Fj\u00f6lmi\u00f0lar \u00ed lj\u00f3si f\u00e9lagsfr\u00e6\u00f0innar"]}, {"abbreviation": "CH", "topics": ["Heilsuf\u00e9lagsfr\u00e6\u00f0i"]}, {"abbreviation": "BB", "topics": ["Brautry\u00f0jendur og helstu vi\u00f0fangsefni"]}, {"abbreviation": "F\u00d6", "topics": ["F\u00f6tlun og samf\u00e9lag"]}, {"abbreviation": "AH", "topics": ["Afbrotafr\u00e6\u00f0i og fr\u00e1viksheg\u00f0un"]}, {"abbreviation": "KA", "topics": ["Kenningar og a\u00f0fer\u00f0afr\u00e6\u00f0i"]}, {"abbreviation": "FF", "topics": ["F\u00e9lags- og fj\u00f6lmi\u00f0lafr\u00e6\u00f0i"]}, {"abbreviation": "FK", "topics": ["Ford\u00e6ming", "fe\u00f0raveldi", "kat\u00f3lska"]}, {"abbreviation": "SM", "topics": ["Saga", "mannr\u00e9ttindi", "samf\u00e9lag"]}, {"abbreviation": "SF", "topics": ["fj\u00f6lmi\u00f0lafr\u00e6\u00f0i"]}, {"abbreviation": "FV", "topics": ["fe\u00f0raveldi", "kirkjan", "refsingar"]}, {"abbreviation": "BS", "topics": ["Stj\u00f3rnm\u00e1lafr\u00e6\u00f0i"]}, {"abbreviation": "CS", "topics": ["Al\u00fej\u00f3\u00f0astj\u00f3rnm\u00e1l"]}, {"abbreviation": "CA", "topics": ["Mannfr\u00e6\u00f0i"]}, {"abbreviation": "CM", "topics": ["Mannfr\u00e6\u00f0i."]}, {"abbreviation": "IS", "topics": ["Inngangur og samf\u00e9lag"]}, {"abbreviation": "CF", "topics": ["f\u00e9lagsfr\u00e6\u00f0iranns\u00f3kn"]}, {"abbreviation": "SH", "topics": ["Saga og sj\u00f3narhorn"]}, {"abbreviation": "BE", "topics": ["Heilsuf\u00e9lagsfr\u00e6\u00f0i."]}, {"abbreviation": "C\u00de", "topics": ["F\u00e9lagsfr\u00e6\u00f0i \u00fer\u00f3unarlanda"]}, {"abbreviation": "MS", "topics": ["atvinnul\u00edf", "menning", "samf\u00e9lag", "stj\u00f3rnm\u00e1l"]}, {"abbreviation": "FA", "topics": ["a\u00f0fer\u00f0afr\u00e6\u00f0i", "frumkv\u00f6\u00f0lar", "f\u00e9lagsleg lagskipting", "kenningar"]}, {"abbreviation": "AR", "topics": ["a\u00f0fer\u00f0afr\u00e6\u00f0i ranns\u00f3kna \u00ed f\u00e9lagsfr\u00e6\u00f0i"]}, {"abbreviation": "SE", "topics": ["Evr\u00f3pusamstarf", "stj\u00f3rnm\u00e1lastefnur", "vald og l\u00fd\u00f0r\u00e6\u00f0i", "\u00edslensk stj\u00f3rnm\u00e1l"]}, {"abbreviation": "KJ", "topics": ["Kynja\u2013 og jafnr\u00e9ttisfr\u00e6\u00f0sla", "samf\u00e9lagsr\u00fdni"]}, {"abbreviation": "ML", "topics": ["upphaf og \u00fer\u00f3un l\u00fd\u00f0r\u00e6\u00f0is- og mannr\u00e9ttindahugmynda"]}, {"abbreviation": "S\u00de", "topics": ["efnahagur", "misskipting au\u00f0s", "stj\u00f3rnm\u00e1l \u00fer\u00f3unarlanda", "\u00fer\u00f3unarsamvinna"]}, {"abbreviation": "\u00deM", "topics": ["f\u00e9lagsleg mannfr\u00e6\u00f0i", "samf\u00e9l\u00f6g manna", "\u00fer\u00f3unarsaga mannsins"]}], "_id": "50c0a02dd8e40575f7f6f49e", "subjects": ["f\u00e9lagsfr\u00e6\u00f0i"], "counter": {"1": 5, "3": 26, "2": 30, "4": 0}}, "evaluation": "Lei\u00f0sagnarmat. Fj\u00f6lbreytt verkefni og pr\u00f3f, b\u00e6\u00f0i skrifleg og munnleg, metin jafnt og \u00fe\u00e9tt yfir \u00f6nnina. \u00c1hersla \u00e1 umsagnir sem lei\u00f0a nemandann \u00e1fram. Engin skrifleg lokapr\u00f3f", "categorization_suggestion": "", "embedded_topics": {"abbreviation": "AA", "topics": ["Almenn f\u00e9lagsfr\u00e6\u00f0i"]}, "status": "approved by school", "description": "\u00cd \u00e1fanganum er f\u00e9lagsfr\u00e6\u00f0in kynnt sem fr\u00e6\u00f0igrein, e\u00f0li hennar, saga og \u00fer\u00f3un f\u00e9lagsv\u00edsinda. Fjalla\u00f0 er um samf\u00e9lagi\u00f0 \u00ed lj\u00f3si \u00feeirra \u00e1hrifa sem \u00fea\u00f0 hefur \u00e1 einstaklinginn og l\u00edf hans. Helstu hugt\u00f6k f\u00e9lagsfr\u00e6\u00f0innar eru kynnt. L\u00f6g\u00f0 er \u00e1hersla \u00e1 a\u00f0 nemendur \u00f6\u00f0list \u00feekkingu \u00e1 umhverfi s\u00ednu n\u00e6r og fj\u00e6r svo a\u00f0 \u00feeir ver\u00f0i f\u00e6rir um a\u00f0 taka virkan \u00fe\u00e1tt \u00ed samf\u00e9lagslegum umr\u00e6\u00f0um og mynda s\u00e9r sko\u00f0anir \u00e1 me\u00f0vita\u00f0an og gagnr\u00fdninn h\u00e1tt. R\u00e6tt er um \u00fer\u00f3un samf\u00e9laga, menningu, lagskiptingu, atvinnul\u00edf, tr\u00fa, fj\u00f6lmi\u00f0la, stj\u00f3rnm\u00e1la, kynhlutverka og ford\u00f3ma \u00ed f\u00e9lagsfr\u00e6\u00f0ilegu lj\u00f3si. Nemendur kynnast ranns\u00f3knara\u00f0fer\u00f0um f\u00e9lagsfr\u00e6\u00f0i, b\u00e6\u00f0i me\u00f0 \u00fev\u00ed a\u00f0 lesa um \u00fe\u00e6r og spreyta sig \u00e1 \u00feeim. ", "knowledge_goals": ["vi\u00f0fangsefnum og hugt\u00f6kum f\u00e9lagsfr\u00e6\u00f0innar", "helstu a\u00f0fer\u00f0um f\u00e9lagsfr\u00e6\u00f0innar", "\u00feeim f\u00e9lagslegu stofnunum sem hafa \u00e1hrif \u00e1 l\u00edf hans til d\u00e6mis, fj\u00f6lskyldunni, tr\u00faarbr\u00f6g\u00f0um, efnahagskerfinu og v\u00edsindum", "gagnvirkni samf\u00e9lags og einstaklings", "hvernig hann getur haft \u00e1hrif \u00e1 f\u00e9lagslegar stofnanir", "r\u00e9ttindum og skyldum hans gagnvart samf\u00e9laginu", "hugtakanotkun \u00ed f\u00e9lagsfr\u00e6\u00f0i", "f\u00e9lagsfr\u00e6\u00f0ilegum hugsunarh\u00e6tti", "hvernig lagskipting, kynhlutverk og fj\u00f6lmi\u00f0lar m\u00f3ta heg\u00f0un f\u00f3lks", "algengum ford\u00f3mum gagnvart h\u00f3pum f\u00f3lks og hvernig \u00feeir birtast \u00ed samf\u00e9laginu", "helstu ranns\u00f3knara\u00f0fer\u00f0um f\u00e9lagsfr\u00e6\u00f0innar"], "skills_goals": ["afla s\u00e9r traustra uppl\u00fdsinga um f\u00e9lagsfr\u00e6\u00f0ileg efni", "beita a\u00f0 minnsta kosti einni vi\u00f0urkenndri ranns\u00f3knara\u00f0fer\u00f0 f\u00e9lagsfr\u00e6\u00f0innar \u2013 \u00e1 einfaldan h\u00e1tt", "beita helstu grundvallarhugt\u00f6kum f\u00e9lagsfr\u00e6\u00f0innar \u00ed umfj\u00f6llun um f\u00e9lagsfr\u00e6\u00f0ileg m\u00e1lefni \u00e1 skilmerkilegan h\u00e1tt", "greina \u00e1hrif fj\u00f6lmi\u00f0la, kynhlutverka og ford\u00f3ma \u00e1 eigin heg\u00f0un og annarra", "fjalla um f\u00e9lagsfr\u00e6\u00f0ileg efni b\u00e6\u00f0i munnlega og skriflega", "skilja gagnvirkni samf\u00e9lags og einstaklings", "mynda s\u00e9r sko\u00f0anir \u00e1 me\u00f0vita\u00f0an og gagnr\u00fdninn h\u00e1tt"], "credits": 5, "last_modified": 1428490515.859192, "schools": ["512351988caa45ed97015b44"], "coauthors": null, "instructions": "", "continued_education": false, "level": 1, "prerequisites": "Engar", "author": "6ea856f5-9f60-4d4f-a95e-aa9dbcc89d01", "abbreviation_version": null, "competence_goals": [["tengja f\u00e9lagsfr\u00e6\u00f0ina vi\u00f0 daglegt l\u00edf og sj\u00e1 notagildi hennar", ""], ["meta og hagn\u00fdta s\u00e9r uppl\u00fdsingar um \u00feau m\u00e1lefni sem greinin fjallar um", ""], ["leggja mat \u00e1 eigin ford\u00f3ma gagnvart \u00f6\u00f0rum h\u00f3pum og greina \u00e1st\u00e6\u00f0ur \u00feeirra", ""], ["gera \u00fattekt \u00e1 tilteknu f\u00e9lagslegu fyrirb\u00e6ri me\u00f0 vi\u00f0urkenndri ranns\u00f3knara\u00f0fer\u00f0 og setja fram ni\u00f0urst\u00f6\u00f0ur munnlega, skriflega og/e\u00f0a me\u00f0 sj\u00f3nr\u00e6num h\u00e6tti", ""], ["taka \u00fe\u00e1tt \u00ed r\u00f6kr\u00e6\u00f0um um f\u00e9lagsfr\u00e6\u00f0ileg m\u00e1lefni", ""], ["tileinka s\u00e9r v\u00ed\u00f0s\u00fdni, jafnr\u00e9ttissj\u00f3narmi\u00f0 og umbur\u00f0arlyndi", ""], ["geta teki\u00f0 \u00fe\u00e1tt \u00ed umr\u00e6\u00f0um um samf\u00e9lagsleg m\u00e1lefni og mynda\u00f0 s\u00e9r sko\u00f0anir sem byggjast \u00e1 gagnr\u00fdninni hugsun", ""], ["afla s\u00e9r uppl\u00fdsinga, greina helstu atri\u00f0i \u00feeirra og hagn\u00fdta s\u00e9r \u00fe\u00e6r", ""], ["beita \u00f6gu\u00f0um vinnubr\u00f6g\u00f0um, taka \u00e1byrg\u00f0 \u00e1 eigin n\u00e1mi og vinna \u00ed samvinnu vi\u00f0 a\u00f0ra", ""], ["beita algengustu hugt\u00f6kum f\u00e9lagsv\u00edsinda \u00e1 sk\u00fdran og skilmerkilegan h\u00e1tt", ""], ["hagn\u00fdta Neti\u00f0 til a\u00f0 afla s\u00e9r \u00feekkingar um f\u00e9lagsfr\u00e6\u00f0ileg vi\u00f0fangsefni", ""], ["tj\u00e1 sig skipulega og gagnr\u00fdni\u00f0 um samf\u00e9lagsleg \u00e1litam\u00e1l", ""], ["geta sett sig \u00ed spor annarra", ""]], "_id": "5525091362933a46920059c6"}, {"exemplary": null, "topics": "Inngangur a\u00f0 heimspeki.", "abbreviation": "HEIM2AA05", "former_schools": null, "subject": "heimspeki", "title": "Inngangur a\u00f0 heimspeki", "version": 11, "status_trans": "Sam\u00feykkt af sk\u00f3la", "embedded_subject": {"abbreviation": "HEIM", "topics": [{"abbreviation": "LH", "topics": ["hagn\u00fdt si\u00f0fr\u00e6\u00f0i", "l\u00fd\u00f0r\u00e6\u00f0i"]}, {"abbreviation": "IN", "topics": ["inngangur"]}, {"abbreviation": "IH", "topics": ["inngangur a\u00f0 heimspeki"]}, {"abbreviation": "KL", "topics": ["klass\u00edsk rit \u00ed heimspeki"]}, {"abbreviation": "HH", "topics": ["hverdagsheimspeki"]}, {"abbreviation": "AH", "topics": ["almenn heimspeki"]}, {"abbreviation": "FF", "topics": ["fagurfr\u00e6\u00f0i"]}, {"abbreviation": "BY", "topics": ["byrjunar\u00e1fangi \u00ed heimspeki"]}, {"abbreviation": "HE", "topics": ["heimspeki og kvikmyndir"]}, {"abbreviation": "L\u00cd", "topics": ["l\u00edf og dau\u00f0i"]}, {"abbreviation": "G\u00de", "topics": ["grundvallarspurningar frumspeki", "\u00feekkingarfr\u00e6\u00f0i og si\u00f0fr\u00e6\u00f0i. mikilv\u00e6gar hugmyndir heimspekis\u00f6gunnar gegnum fr\u00e6ga heimspekitexta"]}, {"abbreviation": "SI", "topics": ["si\u00f0fr\u00e6\u00f0i"]}, {"abbreviation": "S\u00de", "topics": ["Si\u00f0fr\u00e6\u00f0i", "frumspeki", "\u00feekkingarfr\u00e6\u00f0i"]}, {"abbreviation": "IS", "topics": ["Afst\u00e6\u00f0i og algildi", "si\u00f0al\u00f6gm\u00e1l", "si\u00f0fer\u00f0i", "si\u00f0fer\u00f0ileg \u00e1litam\u00e1l"]}, {"abbreviation": "HS", "topics": ["Si\u00f0fr\u00e6\u00f0ikenningar", "n\u00e1tt\u00fara", "si\u00f0fer\u00f0iskl\u00edpur", "umhverfi"]}, {"abbreviation": "HS", "topics": ["Si\u00f0fr\u00e6\u00f0ikenningar", "n\u00e1tt\u00fara", "si\u00f0fer\u00f0iskl\u00edpur", "umhverfi"]}, {"abbreviation": "HL", "topics": ["l\u00fd\u00f0r\u00e6\u00f0i", "mannr\u00e9ttindi"]}, {"abbreviation": "\u00deE", "topics": ["\u00deekkingarfr\u00e6\u00f0i"]}, {"abbreviation": "\u00d6F", "topics": ["Heimspeki: \u00d6fuguggar og heimsendar"]}, {"abbreviation": "FN", "topics": ["fornaldarheimspeki", "n\u00fdaldarheimspeki"]}, {"abbreviation": "AA", "topics": ["Inngangur a\u00f0 heimspeki."]}, {"abbreviation": "BK", "topics": ["Heimspeki og kvikmyndir."]}, {"abbreviation": "BS", "topics": ["Si\u00f0fr\u00e6\u00f0i"]}, {"abbreviation": "B\u00de", "topics": ["\u00deekkingafr\u00e6\u00f0i."]}, {"abbreviation": "AO", "topics": ["Heimur \u00f3perunnar", "heimspeki og saga"]}, {"abbreviation": "SK", "topics": ["sk\u00f6pun og heimspeki"]}, {"abbreviation": "SS", "topics": ["gagnr\u00fdnin hugsun", "r\u00e9ttl\u00e6ti og rangl\u00e6ti", "si\u00f0fer\u00f0i og si\u00f0fr\u00e6\u00f0i"]}, {"abbreviation": "HK", "topics": ["gagnr\u00fdnin hugsun", "helstu heimspekingar", "kenningar"]}, {"abbreviation": "HR", "topics": ["klass\u00edsk heimspekirit", "samr\u00e6\u00f0a og r\u00f6kr\u00e6\u00f0a um frumspeki", "si\u00f0fr\u00e6\u00f0i", "\u00feekkingarfr\u00e6\u00f0i"]}], "_id": "50c0a02dd8e40575f7f6f4e6", "subjects": ["heimspeki"], "counter": {"1": 0, "3": 6, "2": 7, "4": 0}}, "evaluation": "Annareinkunn og lokapr\u00f3f", "categorization_suggestion": "", "embedded_topics": {"abbreviation": "AA", "topics": ["Inngangur a\u00f0 heimspeki."]}, "status": "approved by school", "description": "\u00c1fanginn er almenn kynning \u00e1 heimspeki sem fr\u00e6\u00f0igrein. S\u00f6guleg sta\u00f0a heimspeki innan fr\u00e6\u00f0igreina \u00fatsk\u00fdr\u00f0 og tengsl vi\u00f0 hugv\u00edsindi s\u00e9rstaklega. S\u00e9rkenni heimspekinnar tekin fyrir. Samanbur\u00f0ur heimspeki vi\u00f0 \u00f6nnur s\u00e9rsvi\u00f0 og heimspeki tengd \u00f6\u00f0rum almennum greinum. Upphaf heimspekinnar kynnt. S\u00f3krates tekinn fyrir sem holdgervingur fr\u00e6\u00f0igreinarinnar. Yfirlit yfir valdar undirgreinar heimspekinnar, fyrr og n\u00fa. S\u00e9rst\u00f6k kynning \u00e1 megin greinum heimspekinnar, s\u00e9rstaklega si\u00f0fr\u00e6\u00f0i, r\u00f6kfr\u00e6\u00f0i, \u00feekkingarfr\u00e6\u00f0i, auk v\u00edsindaheimspeki, fagurfr\u00e6\u00f0i og heimsmyndunarfr\u00e6\u00f0i. Heimspeki \u00ed samanbur\u00f0i vi\u00f0 tengdar greinar, s.s. s\u00e1lfr\u00e6\u00f0i, mannfr\u00e6\u00f0i og tr\u00faarbrag\u00f0afr\u00e6\u00f0i. Kennari hefur svo val um a\u00f0 fara n\u00e1kv\u00e6mar \u00ed eina af meginundirgreinum heimspekinnar, hvort sem \u00fea\u00f0 er si\u00f0fr\u00e6\u00f0i, r\u00f6kfr\u00e6\u00f0i e\u00f0a \u00feekkingarfr\u00e6\u00f0i.", "knowledge_goals": ["s\u00e9rst\u00f6\u00f0u fr\u00e6\u00f0igreinarinnar heimspeki me\u00f0al v\u00edsindanna", "grundvallaratri\u00f0um megingreina innan heimspekinnar sj\u00e1lfrar, s\u00e9rstaklega si\u00f0fr\u00e6\u00f0i, \u00feekkingarfr\u00e6\u00f0i og r\u00f6kfr\u00e6\u00f0i", "helstu heimspekingum s\u00f6gunnar og stefnum \u00feeirra", "helstu a\u00f0greiningum, kenningum og l\u00f6gm\u00e1lum heimspekinnar"], "skills_goals": ["beita heimspekinni \u00e1 \u00f3l\u00edk vandam\u00e1l, hvort sem \u00feau eru si\u00f0fer\u00f0ilegs e\u00f0lis e\u00f0a \u00feekkingarfr\u00e6\u00f0ileg", "a\u00f0greina heimspekileg vandam\u00e1l fr\u00e1 \u00f6\u00f0rum vandam\u00e1lum", "beita heimspekilegri n\u00e1lgun \u00e1 einfalda texta", "taka \u00fe\u00e1tt \u00ed heimspekilegri r\u00f6kr\u00e6\u00f0u, b\u00e6\u00f0i me\u00f0 virkri hlustun og r\u00f6kstuddri afst\u00f6\u00f0u"], "credits": 5, "last_modified": 1425293984.63915, "schools": ["512351988caa45ed97015b44"], "coauthors": null, "instructions": "", "continued_education": false, "level": 2, "prerequisites": "Engar", "author": "6ea856f5-9f60-4d4f-a95e-aa9dbcc89d01", "abbreviation_version": null, "competence_goals": [["taka \u00fe\u00e1tt \u00ed heimspekilegri r\u00f6kr\u00e6\u00f0u, b\u00e6\u00f0i me\u00f0 \u00fev\u00ed a\u00f0 beita gagnr\u00fdninni hugsun, vir\u00f0a sko\u00f0anir annarra og vera tilb\u00fainn til a\u00f0 taka gagnr\u00fdni \u00e1 uppbyggilegan m\u00e1ta", ""]], "_id": "54f442a062933a1936002043"}, {"exemplary": null, "topics": "inngangur a\u00f0 s\u00e1lfr\u00e6\u00f0i", "abbreviation": "S\u00c1LF2IS05", "former_schools": null, "subject": "s\u00e1lfr\u00e6\u00f0i", "title": "Inngangur a\u00f0 s\u00e1lfr\u00e6\u00f0i", "version": 29, "status_trans": "Sam\u00feykkt af sk\u00f3la", "embedded_subject": {"abbreviation": "S\u00c1LF", "topics": [{"abbreviation": "AK", "topics": ["almenn kynning"]}, {"abbreviation": "\u00deS", "topics": ["\u00feroskas\u00e1lfr\u00e6\u00f0i"]}, {"abbreviation": "AB", "topics": ["afbrig\u00f0as\u00e1lfr\u00e6\u00f0i"]}, {"abbreviation": "KV", "topics": ["kvikmyndas\u00e1lfr\u00e6\u00f0i"]}, {"abbreviation": "SD", "topics": ["s\u00e1lfr\u00e6\u00f0i daglegs l\u00edfs"]}, {"abbreviation": "IS", "topics": ["inngangur a\u00f0 s\u00e1lfr\u00e6\u00f0i"]}, {"abbreviation": "DS", "topics": ["duls\u00e1larfr\u00e6\u00f0i"]}, {"abbreviation": "RS", "topics": ["r\u00e9ttars\u00e1lfr\u00e6\u00f0i"]}, {"abbreviation": "GE", "topics": ["ge\u00f0heilsa"]}, {"abbreviation": "FP", "topics": ["f\u00e9lags- og per\u00f3nuleikas\u00e1lfr\u00e6\u00f0i"]}, {"abbreviation": "BK", "topics": ["inngangur a\u00f0 s\u00e1lfr\u00e6\u00f0i", "j\u00e1kv\u00e6\u00f0 s\u00e1lfr\u00e6\u00f0i", "minni", "n\u00e1m", "ranns\u00f3knir"]}, {"abbreviation": "KF", "topics": ["framhald", "kvikmyndas\u00e1lfr\u00e6\u00f0i"]}, {"abbreviation": "FS", "topics": ["f\u00e9lagss\u00e1lfr\u00e6\u00f0i"]}, {"abbreviation": "GS", "topics": ["ge\u00f0s\u00e1lfr\u00e6\u00f0i"]}, {"abbreviation": "\u00deU", "topics": ["\u00feroska- og uppeldisfr\u00e6\u00f0i"]}, {"abbreviation": "AA", "topics": ["almenn s\u00e1lfr\u00e6\u00f0i"]}, {"abbreviation": "CA", "topics": ["afbrigas\u00e1lfr\u00e6\u00f0i"]}, {"abbreviation": "L\u00cd", "topics": ["l\u00edfe\u00f0lisleg s\u00e1lfr\u00e6\u00f0i"]}, {"abbreviation": "F\u00c9", "topics": ["f\u00e9lagsleg s\u00e1lfr\u00e6\u00f0i"]}, {"abbreviation": "SS", "topics": ["inngangur a\u00f0 s\u00e1lfr\u00e6\u00f0i", "sj\u00f3narmi\u00f0 og saga"]}, {"abbreviation": "FG", "topics": ["f\u00e9lagss\u00e1lfr\u00e6\u00f0i", "greind", "pers\u00f3nuleikinn"]}, {"abbreviation": "LS", "topics": ["draumar", "l\u00edfe\u00f0lisleg s\u00e1lfr\u00e6\u00f0i", "skynjunars\u00e1lfr\u00e6\u00f0i", "svefn"]}, {"abbreviation": "\u00deR", "topics": ["l\u00edfst\u00ed\u00f0ar\u00fer\u00f3un", "\u00feroski"]}, {"abbreviation": "AF", "topics": ["ge\u00f0heilsa", "ge\u00f0raskanir", "streita", "tilfinningar"]}, {"abbreviation": "\u00cd\u00de", "topics": ["f\u00e9lagsst\u00f6rf", "f\u00e9l\u00f6g", "\u00ed\u00fer\u00f3ttas\u00e1lfr\u00e6\u00f0i"]}, {"abbreviation": "SG", "topics": ["framkoma", "gagnr\u00fdni", "hlustun", "samskipti", "sj\u00e1lfstraust"]}, {"abbreviation": "\u00cd\u00c6", "topics": ["\u00ed\u00fer\u00f3ttas\u00e1lfr\u00e6\u00f0i"]}, {"abbreviation": "IN", "topics": ["S\u00e1lfr\u00e6\u00f0i", "inngangur", "kenningar", "saga"]}, {"abbreviation": "\u00de\u00de", "topics": ["n\u00e1m", "\u00deroskas\u00e1lfr\u00e6\u00f0i", "\u00feroski", "\u00fer\u00f3un"]}, {"abbreviation": "AS", "topics": ["afbrig\u00f0as\u00e1lfr\u00e6\u00f0i", "streita"]}, {"abbreviation": "H\u00de", "topics": ["Hugar\u00fej\u00e1lfun", "\u00cd\u00fer\u00f3ttir"]}, {"abbreviation": "JS", "topics": ["J\u00e1kv\u00e6\u00f0 s\u00e1lfr\u00e6\u00f0i"]}, {"abbreviation": "HA", "topics": ["Hugr\u00e6n", "atferlisme\u00f0fer\u00f0"]}, {"abbreviation": "BS", "topics": ["Breytingar", "samskipti"]}, {"abbreviation": "GH", "topics": ["Ge\u00f0s\u00e1larfr\u00e6\u00f0i og ge\u00f0heilbrig\u00f0i"]}, {"abbreviation": "PF", "topics": ["f\u00e9lagss\u00e1lfr\u00e6\u00f0i", "pers\u00f3nuleikas\u00e1lfr\u00e6\u00f0i"]}, {"abbreviation": "VS", "topics": ["Vitund og si\u00f0blinda"]}, {"abbreviation": "BG", "topics": ["S\u00c1LF"]}, {"abbreviation": "F\u00d6", "topics": ["F\u00d6TLUN", "\u00d6LDRUN"]}, {"abbreviation": "CF", "topics": ["F\u00e9lags- og pers\u00f3nuleikas\u00e1lfr\u00e6\u00f0i"]}, {"abbreviation": "BT", "topics": ["Kortlagning hugans/heilans"]}, {"abbreviation": "CJ", "topics": ["j\u00e1kv\u00e6\u00f0 s\u00e1lfr\u00e6\u00f0i"]}, {"abbreviation": "AM", "topics": ["Atferlism\u00f3tun"]}, {"abbreviation": "GR", "topics": ["Grunnur \u00ed s\u00e1lfr\u00e6\u00f0i"]}, {"abbreviation": "NS", "topics": ["N\u00e1mss\u00e1larfr\u00e6\u00f0i", "saga"]}, {"abbreviation": "LH", "topics": ["L\u00edfe\u00f0lisleg og hugr\u00e6n s\u00e1lfr\u00e6\u00f0i"]}, {"abbreviation": "SF", "topics": ["mannlegt e\u00f0li", "n\u00e1m og minni", "s\u00e1lfr\u00e6\u00f0ingar", "s\u00e1lfr\u00e6\u00f0istefnur"]}, {"abbreviation": "S\u00de", "topics": ["sj\u00e1lfsmynd", "\u00feroskah\u00f6mlun", "\u00feroskakenningar", "\u00feroskas\u00e1lfr\u00e6\u00f0i"]}, {"abbreviation": "GG", "topics": ["fr\u00e1viksheg\u00f0un", "ge\u00f0heilsa", "ge\u00f0r\u00e6nar raskanir", "s\u00e1lfr\u00e6\u00f0ileg me\u00f0fer\u00f0"]}, {"abbreviation": "FR", "topics": ["f\u00e9lagss\u00e1lfr\u00e6\u00f0i", "pers\u00f3nueinkenni", "ranns\u00f3knir"]}], "_id": "50c0a02dd8e40575f7f6f4db", "subjects": ["s\u00e1lfr\u00e6\u00f0i"], "counter": {"1": 6, "3": 13, "2": 23, "4": 2}}, "evaluation": "Lei\u00f0sagnarmat. Fj\u00f6lbreytt verkefni metin jafnt og \u00fe\u00e9tt yfir \u00f6nnina. \u00c1hersla \u00e1 umsagnir sem lei\u00f0a nemandann \u00e1fram. Engin skrifleg lokapr\u00f3f.", "categorization_suggestion": "", "embedded_topics": {"abbreviation": "IS", "topics": ["inngangur a\u00f0 s\u00e1lfr\u00e6\u00f0i"]}, "status": "approved by school", "description": "\u00deetta er grunn\u00e1fangi \u00ed s\u00e1lfr\u00e6\u00f0i og \u00e6tla\u00f0ur til a\u00f0 kynna nemendum fr\u00e6\u00f0igreinina s\u00e1lfr\u00e6\u00f0i, e\u00f0li hennar s\u00f6gu og \u00fer\u00f3un. Helstu s\u00e1lfr\u00e6\u00f0istefnur eru kynntar og grunnhugt\u00f6k. \u00de\u00e1 er fjalla\u00f0 um starfssvi\u00f0 s\u00e1lfr\u00e6\u00f0inga og helstu undirgreinar. Nemendur kynnast ranns\u00f3knara\u00f0fer\u00f0um s\u00e1lfr\u00e6\u00f0innar b\u00e6\u00f0i b\u00f3klega og verklega. Fjalla\u00f0 er s\u00e9rstaklega um n\u00e1mss\u00e1lfr\u00e6\u00f0i, b\u00e6\u00f0i \u00e1 fr\u00e6\u00f0ilegan og hagn\u00fdtan h\u00e1tt og nemendur l\u00e6ra um mismunandi tegundir n\u00e1ms og minnisa\u00f0fer\u00f0ir. Fjalla\u00f0 er um samspil hugsunar, heg\u00f0unar og tilfinninga, sj\u00e1lfsmynd, mannleg samskipti, \u00fer\u00f3un n\u00e1inna sambanda og almennt um mannlegt e\u00f0li. ", "knowledge_goals": ["\u00fer\u00f3un fr\u00e6\u00f0igreinarinnar s\u00e1lfr\u00e6\u00f0i", "grundvallarhugmyndum sem m\u00f3ta kenningar \u00ed s\u00e1lfr\u00e6\u00f0i", "helstu frumkv\u00f6\u00f0lum \u00ed greininni", "v\u00ed\u00f0fe\u00f0mi s\u00e1lfr\u00e6\u00f0innar og helstu undirgreinum hennar", "hagn\u00fdtu gildi s\u00e1lfr\u00e6\u00f0innar", "lei\u00f0um s\u00e1lfr\u00e6\u00f0innar til a\u00f0 \u00fatsk\u00fdra hugsun, heg\u00f0un og tilfinningar manneskjunnar", "m\u00f3tunar\u00f6flum einstaklinga og h\u00f3pa"], "skills_goals": ["lesa \u00ed og skilja umfj\u00f6llun um helstu hugmyndir sem m\u00f3ta\u00f0 hafa s\u00e1lfr\u00e6\u00f0ina", "beita algengustu hugt\u00f6kum s\u00e1lfr\u00e6\u00f0innar \u00e1 sk\u00fdran og skilmerkilegan m\u00e1ta", "sko\u00f0a s\u00edna eigin heg\u00f0un og annarra \u00fat fr\u00e1 grundvallarhugmyndum s\u00e1lfr\u00e6\u00f0innar", "sko\u00f0a eigin hugsun og tilfinningar \u00fat fr\u00e1 grundvallarhugmyndum s\u00e1lfr\u00e6\u00f0innar", "tj\u00e1 kunn\u00e1ttu s\u00edna \u00e1 munnlegan og skriflegan h\u00e1tt"], "credits": 5, "last_modified": 1425377334.288279, "schools": ["512351988caa45ed97015b44"], "coauthors": null, "instructions": "", "continued_education": false, "level": 2, "prerequisites": "Engar", "author": "6ea856f5-9f60-4d4f-a95e-aa9dbcc89d01", "abbreviation_version": null, "competence_goals": [["gera s\u00e9r grein fyrir m\u00f3tunar\u00e1hrifum umhverfis \u00e1 sj\u00e1lfan sig og a\u00f0ra", ""], ["gera s\u00e9r grein fyrir samspili heg\u00f0unar, hugsunar og tilfinninga", ""], ["geta me\u00f0 einf\u00f6ldum h\u00e6tti yfirf\u00e6rt s\u00e1lfr\u00e6\u00f0ilega \u00feekkingu \u00e1 eigin sj\u00e1lfsmynd", ""], ["tj\u00e1 sig skipulega og gagnr\u00fdni\u00f0 um einstaka efnis\u00fe\u00e6tti", ""], ["afla s\u00e9r uppl\u00fdsinga, greina helstu atri\u00f0i \u00feeirra og hagn\u00fdta s\u00e9r", ""], ["geta framkv\u00e6mt einfalda ranns\u00f3kn og \u00e1tta\u00f0 sig \u00e1 helstu ni\u00f0urst\u00f6\u00f0um", ""]], "_id": "54f5883662933a3c22000307"}, {"exemplary": null, "topics": "kenningar og ranns\u00f3knara\u00f0fer\u00f0ir", "abbreviation": "F\u00c9LA2KR05", "former_schools": null, "subject": "f\u00e9lagsfr\u00e6\u00f0i", "title": "Kenningar og ranns\u00f3knara\u00f0fer\u00f0ir", "version": 30, "status_trans": "Sam\u00feykkt af sk\u00f3la", "embedded_subject": {"abbreviation": "F\u00c9LA", "topics": [{"abbreviation": "AK", "topics": ["almenn kynning"]}, {"abbreviation": "KS", "topics": ["kenningar", "sam\u00e9lag"]}, {"abbreviation": "AL", "topics": ["af almenn f\u00e9lagsfr\u00e6\u00f0i"]}, {"abbreviation": "MA", "topics": ["mannfr\u00e6\u00f0i"]}, {"abbreviation": "KR", "topics": ["kenningar og ranns\u00f3knara\u00f0fer\u00f0ir"]}, {"abbreviation": "KY", "topics": ["kynjafr\u00e6\u00f0i"]}, {"abbreviation": "SK", "topics": ["kenningar", "samf\u00e9lag"]}, {"abbreviation": "ST", "topics": ["stj\u00f3rnm\u00e1lafr\u00e6\u00f0i"]}, {"abbreviation": "MV", "topics": ["mentor", "vin\u00e1tta"]}, {"abbreviation": "AB", "topics": ["afbrotafr\u00e6\u00f0i"]}, {"abbreviation": "H\u00de", "topics": ["hnattv\u00e6\u00f0ing og \u00fer\u00f3unarl\u00f6nd"]}, {"abbreviation": "BY", "topics": ["byrjunar\u00e1fangi \u00ed f\u00e9lagsfr\u00e6\u00f0i"]}, {"abbreviation": "KE", "topics": ["kenningar \u00ed f\u00e9lagsfr\u00e6\u00f0i"]}, {"abbreviation": "HJ", "topics": ["hj\u00e1lparstarf"]}, {"abbreviation": "BR", "topics": ["brautry\u00f0jendur og kenningar"]}, {"abbreviation": "AF", "topics": ["almenn f\u00e9lagsfr\u00e6\u00f0i"]}, {"abbreviation": "BK", "topics": ["brautry\u00f0jendur og helstu vi\u00f0fangsefni"]}, {"abbreviation": "KV", "topics": ["kvikmyndir \u00ed lj\u00f3si f\u00e9lagsfr\u00e6\u00f0i"]}, {"abbreviation": "HE", "topics": ["heilsuf\u00e9lagsfr\u00e6\u00f0i"]}, {"abbreviation": "AT", "topics": ["t\u00edskustraumar", "t\u00f3nlist"]}, {"abbreviation": "TT", "topics": ["al\u00fe\u00fd\u00f0ut\u00f3nlist", "t\u00edskustraumar"]}, {"abbreviation": "SS", "topics": ["almennur yfirlits\u00e1fangi", "inngangur a\u00f0 f\u00e9lagsfr\u00e6\u00f0i"]}, {"abbreviation": "\u00deR", "topics": ["\u00fer\u00f3unarl\u00f6nd"]}, {"abbreviation": "A\u00d0", "topics": ["a\u00f0fer\u00f0afr\u00e6\u00f0i"]}, {"abbreviation": "FS", "topics": ["fj\u00f6lskyldan.", "f\u00e9lagsfr\u00e6\u00f0in", "f\u00e9lagsm\u00f3tun", "samf\u00e9lagi\u00f0"]}, {"abbreviation": "KK", "topics": ["kenningar og ranns\u00f3knara\u00f0fer\u00f0ir", "kynjafr\u00e6\u00f0i"]}, {"abbreviation": "KF", "topics": ["Kenningar", "samf\u00e9lag"]}, {"abbreviation": "BA", "topics": ["Inngangur a\u00f0 afbrotafr\u00e6\u00f0i"]}, {"abbreviation": "AA", "topics": ["Almenn f\u00e9lagsfr\u00e6\u00f0i"]}, {"abbreviation": "FJ", "topics": ["Fj\u00f6lmi\u00f0lar \u00ed lj\u00f3si f\u00e9lagsfr\u00e6\u00f0innar"]}, {"abbreviation": "CH", "topics": ["Heilsuf\u00e9lagsfr\u00e6\u00f0i"]}, {"abbreviation": "BB", "topics": ["Brautry\u00f0jendur og helstu vi\u00f0fangsefni"]}, {"abbreviation": "F\u00d6", "topics": ["F\u00f6tlun og samf\u00e9lag"]}, {"abbreviation": "AH", "topics": ["Afbrotafr\u00e6\u00f0i og fr\u00e1viksheg\u00f0un"]}, {"abbreviation": "KA", "topics": ["Kenningar og a\u00f0fer\u00f0afr\u00e6\u00f0i"]}, {"abbreviation": "FF", "topics": ["F\u00e9lags- og fj\u00f6lmi\u00f0lafr\u00e6\u00f0i"]}, {"abbreviation": "FK", "topics": ["Ford\u00e6ming", "fe\u00f0raveldi", "kat\u00f3lska"]}, {"abbreviation": "SM", "topics": ["Saga", "mannr\u00e9ttindi", "samf\u00e9lag"]}, {"abbreviation": "SF", "topics": ["fj\u00f6lmi\u00f0lafr\u00e6\u00f0i"]}, {"abbreviation": "FV", "topics": ["fe\u00f0raveldi", "kirkjan", "refsingar"]}, {"abbreviation": "BS", "topics": ["Stj\u00f3rnm\u00e1lafr\u00e6\u00f0i"]}, {"abbreviation": "CS", "topics": ["Al\u00fej\u00f3\u00f0astj\u00f3rnm\u00e1l"]}, {"abbreviation": "CA", "topics": ["Mannfr\u00e6\u00f0i"]}, {"abbreviation": "CM", "topics": ["Mannfr\u00e6\u00f0i."]}, {"abbreviation": "IS", "topics": ["Inngangur og samf\u00e9lag"]}, {"abbreviation": "CF", "topics": ["f\u00e9lagsfr\u00e6\u00f0iranns\u00f3kn"]}, {"abbreviation": "SH", "topics": ["Saga og sj\u00f3narhorn"]}, {"abbreviation": "BE", "topics": ["Heilsuf\u00e9lagsfr\u00e6\u00f0i."]}, {"abbreviation": "C\u00de", "topics": ["F\u00e9lagsfr\u00e6\u00f0i \u00fer\u00f3unarlanda"]}, {"abbreviation": "MS", "topics": ["atvinnul\u00edf", "menning", "samf\u00e9lag", "stj\u00f3rnm\u00e1l"]}, {"abbreviation": "FA", "topics": ["a\u00f0fer\u00f0afr\u00e6\u00f0i", "frumkv\u00f6\u00f0lar", "f\u00e9lagsleg lagskipting", "kenningar"]}, {"abbreviation": "AR", "topics": ["a\u00f0fer\u00f0afr\u00e6\u00f0i ranns\u00f3kna \u00ed f\u00e9lagsfr\u00e6\u00f0i"]}, {"abbreviation": "SE", "topics": ["Evr\u00f3pusamstarf", "stj\u00f3rnm\u00e1lastefnur", "vald og l\u00fd\u00f0r\u00e6\u00f0i", "\u00edslensk stj\u00f3rnm\u00e1l"]}, {"abbreviation": "KJ", "topics": ["Kynja\u2013 og jafnr\u00e9ttisfr\u00e6\u00f0sla", "samf\u00e9lagsr\u00fdni"]}, {"abbreviation": "ML", "topics": ["upphaf og \u00fer\u00f3un l\u00fd\u00f0r\u00e6\u00f0is- og mannr\u00e9ttindahugmynda"]}], "_id": "50c0a02dd8e40575f7f6f49e", "subjects": ["f\u00e9lagsfr\u00e6\u00f0i"], "counter": {"1": 5, "3": 22, "2": 28, "4": 0}}, "evaluation": "Lei\u00f0sagnarmat. \u00c1hersla \u00e1 umsagnir sem lei\u00f0a nemandann \u00e1fram. Engin skrifleg lokapr\u00f3f. Skrifleg pr\u00f3f eru hluti af verkefnavinnu nemenda yfir \u00f6nnina \u00e1samt fj\u00f6lbreyttum verkefnum.", "categorization_suggestion": "", "embedded_topics": {"abbreviation": "KR", "topics": ["kenningar og ranns\u00f3knara\u00f0fer\u00f0ir"]}, "status": "approved by school", "description": "\u00cd \u00e1fanganum er fjalla\u00f0 um frumkv\u00f6\u00f0la f\u00e9lagsfr\u00e6\u00f0innar og kynntar helstu kenningar og ranns\u00f3knara\u00f0fer\u00f0ir greinarinnar. Tengsl einstaklinga og samf\u00e9lags eru sko\u00f0u\u00f0 og greind \u00ed lj\u00f3si \u00f3l\u00edkra kenninga. \u00cd \u00e1fanganum er fari\u00f0 yfir v\u00edtt svi\u00f0 f\u00e9lagsfr\u00e6\u00f0innar og nemendur f\u00e1 \u00fej\u00e1lfun \u00ed a\u00f0 beita f\u00e9lagsfr\u00e6\u00f0ilegu inns\u00e6i vi\u00f0 t\u00falkun \u00e1 samf\u00e9laginu, b\u00e6\u00f0i almennt og \u00e1 tiltekin vi\u00f0fangsefni. Bornar eru saman eigindlegar og megindlegar ranns\u00f3knir og tengsl \u00feeirra vi\u00f0 kenningar. Nemendur f\u00e1 \u00fej\u00e1lfun \u00ed a\u00f0 beita ranns\u00f3knara\u00f0fer\u00f0um og fylgja v\u00edsindalegu ranns\u00f3knarferli \u00fear sem \u00e1hersla er l\u00f6g\u00f0 \u00e1 a\u00f0fer\u00f0arfr\u00e6\u00f0ileg og si\u00f0fer\u00f0isleg vandam\u00e1l sem tengjast ranns\u00f3knum \u00ed f\u00e9lagsv\u00edsindum. Meginmarkmi\u00f0 \u00e1fangans er a\u00f0 auka \u00e1huga, \u00feekkingu og skilning nemenda \u00e1 kenningum og ranns\u00f3knara\u00f0fer\u00f0um, til \u00feess a\u00f0 \u00feeir ver\u00f0i f\u00e6rir um a\u00f0 meta, taka afst\u00f6\u00f0u til og fjalla \u00e1 gagnr\u00fdninn h\u00e1tt um ranns\u00f3knir f\u00e9lagsv\u00edsindamanna og beita \u00feeim \u00ed nokkrum m\u00e6li.", "knowledge_goals": ["kenningarsj\u00f3narhornum f\u00e9lagsfr\u00e6\u00f0innar; samskipta-, samvirkni- og \u00e1takakenningum", "megindlegum og eigindlegum ranns\u00f3knara\u00f0fer\u00f0um", "helstu hugt\u00f6kum f\u00e9lagsfr\u00e6\u00f0innar"], "skills_goals": ["tengja saman ranns\u00f3knarni\u00f0urst\u00f6\u00f0ur og kenningar", "beita kenningum \u00e1 mismunandi vi\u00f0fangsefni", "beita hugt\u00f6kum \u00e1 mismunandi vi\u00f0fangsefni", "beita ranns\u00f3knara\u00f0fer\u00f0um \u00e1 mismunandi vi\u00f0fangsefni", "taka fr\u00e6\u00f0ilega afst\u00f6\u00f0u til samf\u00e9lagslegra \u00e1litam\u00e1la"], "credits": 5, "last_modified": 1425293376.763487, "schools": ["512351988caa45ed97015b44"], "coauthors": null, "instructions": "", "continued_education": false, "level": 2, "prerequisites": "F\u00c9LA2AA05 e\u00f0a samb\u00e6rilegum \u00e1fanga \u00e1 1 \u00ferepi og t\u00f6lfr\u00e6\u00f0i.", "author": "6ea856f5-9f60-4d4f-a95e-aa9dbcc89d01", "abbreviation_version": null, "competence_goals": [["sj\u00e1 f\u00e9lagsleg hug\u00f0arefni \u00fat fr\u00e1 mismunandi kenningarlegum sj\u00f3narhornum", ""], ["geta lagt mat \u00e1 ranns\u00f3knir \u00ed f\u00e9lagsv\u00edsindum", ""], ["leggja mat \u00e1 hva\u00f0a ranns\u00f3knara\u00f0fer\u00f0ir henta best vi\u00f0 mismunandi a\u00f0st\u00e6\u00f0ur og \u00e1 mismunandi ranns\u00f3knarefni", ""], ["geta meti\u00f0 eigi\u00f0 vinnuframlag og annarra", ""], ["geta sett fram \u00feekkingu s\u00edna \u00ed r\u00e6\u00f0u og riti", ""]], "_id": "54f4404062933a1936002037"}, {"exemplary": null, "topics": "Kynjafr\u00e6\u00f0i", "abbreviation": "KYNJ1KY05", "former_schools": null, "subject": "kynjafr\u00e6\u00f0i", "title": "Kynjafr\u00e6\u00f0i", "version": 5, "status_trans": "Sam\u00feykkt af sk\u00f3la", "embedded_subject": {"abbreviation": "KYNJ", "topics": [{"abbreviation": "KK", "topics": ["kyn", "kyngervi"]}, {"abbreviation": "KY", "topics": ["Kynjafr\u00e6\u00f0i"]}, {"abbreviation": "AA", "topics": ["jafnr\u00e9tti", "kyn", "kyngefri", "sta\u00f0almyndir"]}, {"abbreviation": "KJ", "topics": ["Kyngervi", "jafnr\u00e9tti", "kl\u00e1mv\u00e6\u00f0ing"]}, {"abbreviation": "IN", "topics": ["inngangur"]}], "_id": "512fa2f762933a1e6c0001aa", "subjects": ["kynjafr\u00e6\u00f0i"], "counter": {"1": 4, "3": 1, "2": 2, "4": 0}}, "evaluation": "Verkefnami\u00f0a\u00f0", "categorization_suggestion": "", "embedded_topics": {"abbreviation": "KY", "topics": ["Kynjafr\u00e6\u00f0i"]}, "status": "approved by school", "description": "Fjalla\u00f0 er um st\u00f6\u00f0u kynjanna \u00e1 \u00fdmsum svi\u00f0um samf\u00e9lagsins, svo sem innan fj\u00f6lskyldunnar, \u00e1 vinnumarka\u00f0i, \u00ed menntakerfinu, stj\u00f3rnm\u00e1lum, \u00ed\u00fer\u00f3ttum, f\u00e9lagsl\u00edfi, fj\u00f6lmi\u00f0lum o.fl. Einnig er fjalla\u00f0 um kynbundi\u00f0 ofbeldi og kl\u00e1mv\u00e6\u00f0ingu. Leitast er vi\u00f0 a\u00f0 svara spurningum eins og: Hvernig er sta\u00f0a kynjanna \u00f3l\u00edk? Af hverju? Er \u00fe\u00f6rf fyrir breytingar? Nemendur l\u00e6ra a\u00f0 beita hugt\u00f6kum kynjafr\u00e6\u00f0innar. Me\u00f0al markmi\u00f0a \u00e1fangans er a\u00f0 vekja nemendur til me\u00f0vitundar um r\u00e9ttindi s\u00edn og a\u00f0 \u00feeir \u00fej\u00e1lfist \u00ed a\u00f0 greina samf\u00e9lagi\u00f0 me\u00f0 kynjagleraugum. Einnig er fjalla\u00f0 um s\u00f6gu jafnr\u00e9ttisbar\u00e1ttunnar og \u00fea\u00f0 hvernig jafnr\u00e9ttism\u00e1l var\u00f0a alla, n\u00fa sem fyrr. N\u00e1m og kennsla fer fram me\u00f0 fyrirlestrum, fj\u00f6lbreyttum h\u00f3p- og einsaklingsverkefnum, umr\u00e6\u00f0um, gagnaleit og myndb\u00f6ndum. Umr\u00e6\u00f0ur og \u00fe\u00e1tttaka nemenda er lykilatri\u00f0i \u00ed \u00f6llu n\u00e1minu. L\u00f6g\u00f0 er \u00e1hersla \u00e1 a\u00f0 sko\u00f0a kynja- og jafnr\u00e9ttism\u00e1l sem eru \u00e1 d\u00f6finni hverju sinni t.d. \u00ed fj\u00f6lmi\u00f0lum.", "knowledge_goals": ["st\u00f6\u00f0u kynjanna \u00ed samf\u00e9laginu", "\u00e1 birtingarmyndum kynjaskekkju \u00ed n\u00e6rsamf\u00e9lagi og fr\u00e1 al\u00fej\u00f3\u00f0legu sj\u00f3narhorni", "helstu hugt\u00f6kum jafnr\u00e9ttism\u00e1la", "mismunandi m\u00f3tun kynjanna \u00fat fr\u00e1 menningu, umhverfi og t\u00edma", "sta\u00f0almyndum um kvenleika og karlmennsku", "a\u00f0 jafnr\u00e9ttism\u00e1l var\u00f0a allt samf\u00e9lagi\u00f0", "samtvinnun mismunabreyta", "kl\u00e1mi og \u00e1hrifum \u00feess \u00e1 kynheilbrig\u00f0i", "kynbundnu ofbeldi og m\u00f6rgum birtingarmyndum \u00feess, svo sem mansali og kynfer\u00f0islegu ofbeldi", "r\u00e9ttindum er var\u00f0a jafnr\u00e9ttism\u00e1l", "\u00e1hrifum jafnr\u00e9ttisbar\u00e1ttunnar"], "skills_goals": ["\u00fatsk\u00fdra hugt\u00f6k kynjafr\u00e6\u00f0innar", "l\u00edta \u00e1 samf\u00e9lagi\u00f0 fr\u00e1 sj\u00f3narhorni kyns og kyngervis me\u00f0 gagnr\u00fdnum augum", "greina st\u00f6\u00f0u og sta\u00f0almyndir kynjanna \u00e1 m\u00f6rgum svi\u00f0um samf\u00e9lagsins", "r\u00fdna \u00ed menningu og \u00e1tta sig \u00e1 st\u00f6\u00f0u kynjanna eins og h\u00fan birtist \u00fear", "greina go\u00f0sagnir var\u00f0andi kynjamun og kyn\u00edmyndir \u00ed samf\u00e9laginu", "koma sko\u00f0unum s\u00ednum og hugmyndum \u00e1 framf\u00e6ri", "afla uppl\u00fdsinga um jafnr\u00e9ttism\u00e1l"], "credits": 5, "last_modified": 1427363075.628957, "schools": ["512351988caa45ed97015b44"], "coauthors": null, "instructions": "", "continued_education": false, "level": 1, "prerequisites": "Engar", "author": "6ea856f5-9f60-4d4f-a95e-aa9dbcc89d01", "abbreviation_version": null, "competence_goals": [["greina \u00e1hrif kynfer\u00f0is \u00e1 l\u00edf sitt og annarra", ""], ["tengja menningu samf\u00e9lagsins, gildi og ver\u00f0m\u00e6ti vi\u00f0 eigi\u00f0 l\u00edf", ""], ["hafa sk\u00fdra sj\u00e1lfsmynd og gera s\u00e9r grein fyrir hvernig hann getur hagn\u00fdtt sterkar hli\u00f0ar s\u00ednar \u00e1 skapandi h\u00e1tt \u00f3h\u00e1\u00f0 kyni", ""], ["ber vir\u00f0ingu fyrir l\u00edfsgildum, mannr\u00e9ttindum og jafnr\u00e9tti", ""], ["setja sig \u00ed spor annarra og \u00edgrunda vi\u00f0horf s\u00edn", ""], ["taka \u00fe\u00e1tt \u00ed samr\u00e6\u00f0um um jafnr\u00e9tti \u00e1 sj\u00e1lfst\u00e6\u00f0an og r\u00f6kr\u00e9ttan h\u00e1tt", ""], ["getur tj\u00e1\u00f0 hugsanir s\u00ednar og tilfinningar \u00ed tengslum vi\u00f0 jafnr\u00e9tti \u00ed r\u00f6kr\u00e9ttu samhengi", ""], ["taka \u00e1byrga afst\u00f6\u00f0u til jafnr\u00e9ttism\u00e1la", ""], ["taka virkan \u00fe\u00e1tt \u00ed samf\u00e9laginu, fj\u00f6lskyldul\u00edfi og atvinnul\u00edfi me\u00f0 jafnr\u00e9tti a\u00f0 lei\u00f0arlj\u00f3si", ""]], "_id": "5513d50362933a4692003cf9"}, {"exemplary": null, "topics": "einstaklingur, framt\u00ed\u00f0, f\u00e9lags\u00feroski, samf\u00e9lag, samskipti, sj\u00e1lfstraust, vir\u00f0ing, \u00e1byrg\u00f0", "abbreviation": "L\u00cdFS1ES01", "former_schools": null, "subject": "l\u00edfsleikni", "title": "L\u00edfsleikni og samf\u00e9lag", "version": 41, "status_trans": "Sam\u00feykkt af sk\u00f3la", "embedded_subject": {"abbreviation": "L\u00cdFS", "topics": [{"abbreviation": "SS", "topics": ["sj\u00e1lfst\u00e6tt l\u00edf", "sk\u00f3laumhverfi"]}, {"abbreviation": "TM", "topics": ["mannleg samskipti", "tilfinningar"]}, {"abbreviation": "TU", "topics": ["tj\u00e1ning", "uppl\u00fdsingat\u00e6kni"]}, {"abbreviation": "MT", "topics": ["me\u00f0vitund", "tj\u00e1ning"]}, {"abbreviation": "SM", "topics": ["markmi\u00f0asetning", "sj\u00e1lfstraust"]}, {"abbreviation": "HP", "topics": ["gildi peninga", "heimilisb\u00f3khald"]}, {"abbreviation": "ES", "topics": ["einstaklingur", "framt\u00ed\u00f0", "f\u00e9lags\u00feroski", "samf\u00e9lag", "samskipti", "sj\u00e1lfstraust", "vir\u00f0ing", "\u00e1byrg\u00f0"]}, {"abbreviation": "N\u00dd", "topics": ["n\u00fdnemafr\u00e6\u00f0sla"]}, {"abbreviation": "GR", "topics": ["grunn\u00fe\u00e6ttir"]}, {"abbreviation": "SL", "topics": ["sk\u00f3laleikni"]}, {"abbreviation": "NS", "topics": ["n\u00e1ms-og starfsfr\u00e6\u00f0sla"]}, {"abbreviation": "\u00c1S", "topics": ["n\u00e1mst\u00e6kni", "samskipti", "sj\u00e1fsmynd", "\u00e1byrg\u00f0"]}, {"abbreviation": "BE", "topics": ["borgaravitund", "l\u00edfsst\u00edll", "n\u00e1ms- og starfsfr\u00e6\u00f0sla", "sj\u00e1lfsmynd", "tj\u00e1ning"]}, {"abbreviation": "BS", "topics": ["borgaravitund", "samf\u00e9lag", "samskipti", "umhverfism\u00e1l", "vinnumarka\u00f0ur"]}, {"abbreviation": "HE", "topics": ["heimilishald"]}, {"abbreviation": "N\u00c1", "topics": ["n\u00e1mst\u00e6kni"]}, {"abbreviation": "HN", "topics": ["Heilbrig\u00f0i", "forvarnir", "n\u00e1m", "sk\u00f3li"]}, {"abbreviation": "\u00c9S", "topics": ["samf\u00e9lagi\u00f0", "sk\u00f3linn", "\u00e9g"]}, {"abbreviation": "\u00c9G", "topics": ["samf\u00e9lagi\u00f0", "sk\u00f3linn", "\u00c9g"]}, {"abbreviation": "DL", "topics": ["daglegt l\u00edf einstaklingsins"]}, {"abbreviation": "SK", "topics": ["Sk\u00f6pun"]}, {"abbreviation": "L\u00c6", "topics": ["L\u00e6si \u00ed v\u00ed\u00f0u samhengi"]}, {"abbreviation": "SB", "topics": ["Sj\u00e1lfb\u00e6rni \u00ed v\u00ed\u00f0u samhengi"]}, {"abbreviation": "LM", "topics": ["L\u00fd\u00f0r\u00e6\u00f0i og mannr\u00e9ttindi"]}, {"abbreviation": "JR", "topics": ["Jafnr\u00e9tti"]}, {"abbreviation": "KF", "topics": ["Kynfr\u00e6\u00f0sla"]}, {"abbreviation": "TS", "topics": ["Tj\u00e1ning og samskipti"]}, {"abbreviation": "FJ", "topics": ["Fj\u00f6lmi\u00f0lar"]}, {"abbreviation": "FH", "topics": ["Framkoma og hreinl\u00e6ti"]}, {"abbreviation": "LK", "topics": ["L\u00edkaminn og tilfinningar"]}, {"abbreviation": "T\u00d3", "topics": ["T\u00f3mstundir"]}, {"abbreviation": "UM", "topics": ["Umferli"]}, {"abbreviation": "ST", "topics": ["Taktu stj\u00f3rnina"]}, {"abbreviation": "\u00da\u00da", "topics": ["\u00datskrift", "\u00fatskriftarfer\u00f0 og fj\u00e1r\u00f6flun"]}, {"abbreviation": "LL", "topics": ["forvarnir", "heilbrig\u00f0i", "l\u00edfsleikni", "n\u00e1mst\u00e6kni"]}, {"abbreviation": "NF", "topics": ["N\u00fdnemafr\u00e6\u00f0sla", "forvarnir", "l\u00edfsleikni", "n\u00e1mst\u00e6kni"]}, {"abbreviation": "NV", "topics": ["l\u00fd\u00f0r\u00e6\u00f0i", "mannr\u00e9ttindi", "n\u00e1msval", "sam\u00e9lag"]}, {"abbreviation": "SV", "topics": ["Si\u00f0fer\u00f0isvitund og mannr\u00e9ttindi"]}, {"abbreviation": "AN", "topics": ["Almenn l\u00edfsleikni og n\u00fdnemafr\u00e6\u00f0sla"]}, {"abbreviation": "FL", "topics": ["Fj\u00e1rm\u00e1lal\u00e6si"]}, {"abbreviation": "SN", "topics": ["f\u00e9lagstengsl", "n\u00e1msh\u00e6ttir", "sk\u00f3lasamf\u00e9lag"]}, {"abbreviation": "FN", "topics": ["fj\u00e1rm\u00e1lal\u00e6si", "jafnr\u00e9tti", "neytendafr\u00e6\u00f0sla", "\u00e1byrg hugsun og heg\u00f0un \u00ed samskiptum"]}], "_id": "50c0a02dd8e40575f7f6f4c6", "subjects": ["l\u00edfsleikni"], "counter": {"1": 35, "3": 0, "2": 3, "4": 0}}, "evaluation": "N\u00e1msmat er \u00fatf\u00e6rt \u00ed kennslu\u00e1\u00e6tlun.", "categorization_suggestion": "", "embedded_topics": {"abbreviation": "ES", "topics": ["einstaklingur", "framt\u00ed\u00f0", "f\u00e9lags\u00feroski", "samf\u00e9lag", "samskipti", "sj\u00e1lfstraust", "vir\u00f0ing", "\u00e1byrg\u00f0"]}, "status": "approved by school", "description": "L\u00edfsleikni er geta til a\u00f0 laga sig a\u00f0 mismunandi a\u00f0st\u00e6\u00f0um og breyta \u00e1 j\u00e1kv\u00e6\u00f0an h\u00e1tt. S\u00fa geta gerir okkur kleift a\u00f0 takast \u00e1 vi\u00f0 kr\u00f6fur og \u00e1skoranir daglegs l\u00edfs. L\u00edfsleikni felst \u00ed samr\u00e6\u00f0unni vi\u00f0 okkur sj\u00e1lf og umhverfi okkar \u00fear sem r\u00fdmi er skapa\u00f0 til \u00feess a\u00f0 d\u00fdpka \u00feann skilning. L\u00edfsleikni byggir \u00e1 \u00f3hef\u00f0bundnum kennslua\u00f0fer\u00f0um og felur \u00ed s\u00e9r n\u00e1ms\u00fe\u00e6tti sem stu\u00f0la a\u00f0 \u00fev\u00ed gera okkur mennskari og h\u00e6fileikar\u00edkari til a\u00f0 taka \u00fe\u00e1tt \u00ed l\u00fd\u00f0r\u00e6\u00f0is\u00fej\u00f3\u00f0f\u00e9lagi. Vi\u00f0fangsefni l\u00edfsleikninnar eru breytileg en geta teki\u00f0 mi\u00f0 af eftirfarandi: sj\u00e1lfsmynd og samskiptum, tilfinningum og tilfinningagreind, skapandi hugsun og leikr\u00e6nni tj\u00e1ningu, menningu og listum, l\u00fd\u00f0r\u00e6\u00f0i og stj\u00f3rnkerfi, mannr\u00e9ttindum og si\u00f0fr\u00e6\u00f0i, n\u00e1tt\u00faru og umhverfi, au\u00f0lindum jar\u00f0ar og skiptingu l\u00edfsg\u00e6\u00f0a svo nokku\u00f0 s\u00e9 nefnt.", "knowledge_goals": ["sj\u00e1lfst\u00e6\u00f0um vinnubr\u00f6g\u00f0um, \u00ed umr\u00e6\u00f0um, einstaklings- h\u00f3pa- og paravinnu \u00fear sem \u00feeir takast \u00e1 vi\u00f0 \u00fdmiskonar spurningar sem efla almennan \u00feroska \u00feeirra, samkennd og v\u00ed\u00f0s\u00fdni, \u00e1byrg\u00f0 og sj\u00e1lfst\u00e6\u00f0i"], "skills_goals": ["nemendur styrki sj\u00e1lfsmynd s\u00edna og ver\u00f0i f\u00e6rari um a\u00f0 taka \u00e1byrg\u00f0 \u00e1 eigin l\u00edfi", "nemendur \u00f6\u00f0list aukin skilning \u00e1 \u00fev\u00ed samf\u00e9lagi sem \u00feeir lifa og starfa \u00ed og l\u00e6ri lei\u00f0ir til a\u00f0 ver\u00f0a virkari og \u00e1byrgari samf\u00e9lags\u00feegnar"], "credits": 1, "last_modified": 1425376729.300401, "schools": ["512351988caa45ed97015b44"], "coauthors": null, "instructions": "", "continued_education": false, "level": 1, "prerequisites": "Engar", "author": "6ea856f5-9f60-4d4f-a95e-aa9dbcc89d01", "abbreviation_version": null, "competence_goals": [["nemendur geti tj\u00e1\u00f0 sig munnlega og skriflega um vi\u00f0fangsefni s\u00edn og sta\u00f0i\u00f0 fyrir m\u00e1li s\u00ednu", ""]], "_id": "54f585d962933a3c220002f3"}, {"exemplary": null, "topics": "l\u00edkindareikningur, t\u00f6lfr\u00e6\u00f0i", "abbreviation": "ST\u00c6R2TL05", "former_schools": null, "subject": "st\u00e6r\u00f0fr\u00e6\u00f0i", "title": "L\u00edkindareikningur og t\u00f6lfr\u00e6\u00f0i", "version": 59, "status_trans": "Sam\u00feykkt af sk\u00f3la", "embedded_subject": {"abbreviation": "ST\u00c6R", "topics": [{"abbreviation": "FN", "topics": ["fylkjareikningur", "l\u00ednuleg bestun", "netafr\u00e6\u00f0i"]}, {"abbreviation": "HR", "topics": ["heildun", "ra\u00f0ir", "runur", "r\u00famm\u00e1l sn\u00fa\u00f0s"]}, {"abbreviation": "DF", "topics": ["deildun", "f\u00f6ll", "markgildi"]}, {"abbreviation": "TD", "topics": ["deildaj\u00f6fnur", "tvinnt\u00f6lur"]}, {"abbreviation": "HV", "topics": ["hornaf\u00f6ll", "vigrar"]}, {"abbreviation": "T\u00c1", "topics": ["t\u00f6lfr\u00e6\u00f0i", "\u00e1lyktunart\u00f6lfr\u00e6\u00f0i"]}, {"abbreviation": "LT", "topics": ["l\u00edkindareikningur", "talningafr\u00e6\u00f0i", "t\u00f6lfr\u00e6\u00f0i"]}, {"abbreviation": "AT", "topics": ["algebra", "j\u00f6fnur", "talnafr\u00e6\u00f0i"]}, {"abbreviation": "AF", "topics": ["algebra", "f\u00f6ll", "gr\u00f6f"]}, {"abbreviation": "HM", "topics": ["h\u00e1t\u00ed\u00f0isdagar", "merkisdagar"]}, {"abbreviation": "GS", "topics": ["grunna\u00f0ger\u00f0ir"]}, {"abbreviation": "VG", "topics": ["grunna\u00f0ger\u00f0ir", "ver\u00f0\u00fatreikningar"]}, {"abbreviation": "MU", "topics": ["m\u00e6lieiningar", "uppskriftir"]}, {"abbreviation": "HP", "topics": ["heimilisinnkaup"]}, {"abbreviation": "RD", "topics": ["d\u00e6mareikningur", "r\u00f6khugsun"]}, {"abbreviation": "VK", "topics": ["keilusni\u00f0", "vigrar"]}, {"abbreviation": "AL", "topics": ["algebra"]}, {"abbreviation": "HA", "topics": ["hagn\u00fdt st\u00e6r\u00f0fr\u00e6\u00f0i daglegs l\u00edfs"]}, {"abbreviation": "AX", "topics": ["f\u00f6ll og deildun"]}, {"abbreviation": "AN", "topics": ["hornafr\u00e6\u00f0i", "keilusni\u00f0", "vigrar"]}, {"abbreviation": "CT", "topics": ["t\u00f6lfr\u00e6\u00f0i og l\u00edkindafr\u00e6\u00f0i"]}, {"abbreviation": "BR", "topics": ["klass\u00edsk r\u00famfr\u00e6\u00f0i"]}, {"abbreviation": "BH", "topics": ["algebra", "b", "h", "margli\u00f0ur og fleygbogar"]}, {"abbreviation": "GN", "topics": ["grunn\u00e1fangi \u00e1 n\u00e1tt\u00faruv\u00edsindabraut"]}, {"abbreviation": "LH", "topics": ["hornaf\u00f6ll og vigrar o.fl.", "lotubundin f\u00f6ll"]}, {"abbreviation": "FH", "topics": ["grunn\u00e1fangi \u00e1 f\u00e9lags- og hugv\u00edsindabraut"]}, {"abbreviation": "T\u00d6", "topics": ["undirst\u00f6\u00f0uatri\u00f0i t\u00f6lfr\u00e6\u00f0i"]}, {"abbreviation": "VH", "topics": ["hornf\u00f6ll", "vigrar o.fl."]}, {"abbreviation": "FD", "topics": ["algengustu f\u00f6ll", "deildun \u00feeirra og helstu eiginleikar"]}, {"abbreviation": "\u00deR", "topics": ["\u00fer\u00edv\u00ed\u00f0 r\u00famfr\u00e6\u00f0i"]}, {"abbreviation": "SS", "topics": ["strj\u00e1l st\u00e6r\u00f0fr\u00e6\u00f0i"]}, {"abbreviation": "TF", "topics": ["\u00e1lyktunart\u00f6lfr\u00e6\u00f0i"]}, {"abbreviation": "UA", "topics": ["a", "upprifjun"]}, {"abbreviation": "UB", "topics": ["b", "undirb\u00faningur"]}, {"abbreviation": "HS", "topics": ["hagn\u00fdt", "st\u00e6r\u00f0fr\u00e6\u00f0i"]}, {"abbreviation": "TS", "topics": ["st\u00e6r\u00f0fr\u00e6\u00f0i", "t\u00f6luleg"]}, {"abbreviation": "AJ", "topics": ["algebra", "j\u00f6fnur"]}, {"abbreviation": "FJ", "topics": ["f\u00f6ll", "j\u00f6fnur"]}, {"abbreviation": "TL", "topics": ["l\u00edkindareikningur", "t\u00f6lfr\u00e6\u00f0i"]}, {"abbreviation": "DH", "topics": ["deildarj\u00f6fnur", "heildi"]}, {"abbreviation": "FA", "topics": ["aflei\u00f0ur", "ferlaranns\u00f3knir"]}, {"abbreviation": "RT", "topics": ["ranns\u00f3knir", "t\u00f6lfr\u00e6\u00f0i"]}, {"abbreviation": "Y\u00c1", "topics": ["yfirlit", "\u00e1fangi"]}, {"abbreviation": "SG", "topics": ["greining", "st\u00e6r\u00f0fr\u00e6\u00f0i"]}, {"abbreviation": "GR", "topics": ["grunn\u00e1fangi \u00ed st\u00e6r\u00f0fr\u00e6\u00f0i"]}, {"abbreviation": "MF", "topics": ["f\u00f6ll", "margli\u00f0ur"]}, {"abbreviation": "HO", "topics": ["hornafr\u00e6\u00f0i", "vigrar"]}, {"abbreviation": "DM", "topics": ["deildun", "markgildi"]}, {"abbreviation": "RH", "topics": ["heildun", "ra\u00f0ir", "runur"]}, {"abbreviation": "FT", "topics": ["brei\u00f0bogaf\u00f6ll", "fylkjareikningur", "tvinnt\u00f6lur"]}, {"abbreviation": "D\u00c6", "topics": ["d\u00e6gurd\u00e6mi"]}, {"abbreviation": "R\u00da", "topics": ["r\u00famfr\u00e6\u00f0i", "\u00fer\u00edv\u00eddd"]}, {"abbreviation": "D\u00d3", "topics": ["deildi", "\u00f3bein deildun. heildi og heildunara\u00f0fer\u00f0ir. fyrsta stigs deildaj\u00f6fnur."]}, {"abbreviation": "HT", "topics": ["2. stigs diffurj\u00f6fnur . runur og ra\u00f0ir", "hagn\u00fdting heildareiknings", "samleitnipr\u00f3f.", "tvinnt\u00f6lur"]}, {"abbreviation": "AG", "topics": ["r\u00famfr\u00e6\u00f0i", "t\u00f6lur og algebra"]}, {"abbreviation": "UN", "topics": ["undirb\u00fanings\u00e1fangi \u00ed st\u00e6r\u00f0fr\u00e6\u00f0i"]}, {"abbreviation": "FS", "topics": ["f\u00f6ll og r\u00f6kfr\u00e6\u00f0i", "st\u00e6r\u00f0fr\u00e6\u00f0i \u2013 talnafr\u00e6\u00f0i"]}, {"abbreviation": "L\u00c6", "topics": ["l\u00edkindafr\u00e6\u00f0i og fj\u00e1rm\u00e1lal\u00e6si", "t\u00f6lfr\u00e6\u00f0i"]}, {"abbreviation": "LE", "topics": ["t\u00f6lvugraf\u00edk og t\u00f6lvuleikir"]}, {"abbreviation": "BN", "topics": ["algebra", "b", "margli\u00f0ur og fleygbogar", "n"]}, {"abbreviation": "BX", "topics": ["algebra", "b", "fleygbogar", "lograr", "x"]}, {"abbreviation": "AH", "topics": ["algebra", "f\u00f6ll", "hornafr\u00e6\u00f0i", "margli\u00f0ur", "mengi"]}, {"abbreviation": "AR", "topics": ["algebra", "r\u00famfr\u00e6\u00f0i"]}, {"abbreviation": "JM", "topics": ["t\u00f6lur mengi  j\u00f6fnur r\u00f6kfr\u00e6\u00f0i talningarfr\u00e6\u00f0i"]}, {"abbreviation": "VI", "topics": ["vigrar hornaf\u00f6ll f\u00f6ll"]}, {"abbreviation": "DR", "topics": ["deildarj\u00f6fnu", "heildun", "runur og ra\u00f0ir"]}, {"abbreviation": "DE", "topics": ["deildun"]}, {"abbreviation": "HD", "topics": ["deildaj\u00f6fnun", "heildun", "ra\u00f0ir", "runur"]}, {"abbreviation": "HE", "topics": ["1.stigs deildarj\u00f6fnur.", "heildun", "runur og ra\u00f0ir"]}, {"abbreviation": "RF", "topics": ["r\u00famfr\u00e6\u00f0i"]}, {"abbreviation": "FO", "topics": ["forn\u00e1ms\u00e1fangi"]}, {"abbreviation": "AP", "topics": ["algengar reiknia\u00f0ger\u00f0ir", "peningar og m\u00e6lieiningar", "t\u00edmat\u00e1kn"]}, {"abbreviation": "SF", "topics": ["Forn\u00e1m \u00ed st\u00e6r\u00f0fr\u00e6\u00f0i"]}, {"abbreviation": "BB", "topics": ["Forn\u00e1m 2"]}, {"abbreviation": "RA", "topics": ["Algebra", "f\u00f6ll", "r\u00famfr\u00e6\u00f0i", "t\u00f6lfr\u00e6\u00f0i"]}, {"abbreviation": "L\u00c1", "topics": ["l\u00fdsandi t\u00f6lfr\u00e6\u00f0i", "t\u00f6flureiknir", "\u00e1lyktunart\u00f6lfr\u00e6\u00f0i"]}, {"abbreviation": "TJ", "topics": ["Almennur talnareikningur", "form\u00falur", "j\u00f6fnur", "pr\u00f3sentur"]}, {"abbreviation": "JH", "topics": ["J\u00f6fnur", "hlutf\u00f6ll", "hnitakerfi\u00f0", "talname\u00f0fer\u00f0"]}, {"abbreviation": "RV", "topics": ["hornafr\u00e6\u00f0i \u00fer\u00edhyrnings", "hornaf\u00f6ll", "vigrar"]}, {"abbreviation": "DT", "topics": ["deildaj\u00f6fnur", "heildi", "samleitni", "tvinnt\u00f6lur"]}, {"abbreviation": "DS", "topics": ["deildaj\u00f6fnur", "samleitni", "tvinnt\u00f6lur"]}, {"abbreviation": "\u00deV", "topics": ["keilusni\u00f0", "vigrar", "\u00fer\u00edv\u00ed\u00f0 r\u00famfr\u00e6\u00f0i"]}, {"abbreviation": "FG", "topics": ["algebra", "f\u00f6ll", "gr\u00f6f", "veldi og r\u00e6tur"]}, {"abbreviation": "CX", "topics": ["f\u00f6ll og deildun fyri M\u00c1L og F\u00c9L"]}, {"abbreviation": "A\u00de", "topics": ["a", "\u00ferautalausnir"]}, {"abbreviation": "C\u00de", "topics": ["\u00derautalausnir"]}, {"abbreviation": "DN", "topics": ["algebra", "margli\u00f0ur og fleygbogar"]}, {"abbreviation": "UT", "topics": ["t\u00f6lfr\u00e6\u00f0i"]}, {"abbreviation": "OJ", "topics": ["t\u00f6lugildi og j\u00f6fnuhneppi", "\u00f3j\u00f6fnur"]}, {"abbreviation": "RG", "topics": ["R\u00famfr\u00e6\u00f0i me\u00f0 GeoGebru"]}, {"abbreviation": "HG", "topics": ["hagn\u00fdt st\u00e6r\u00f0fr\u00e6\u00f0i"]}, {"abbreviation": "AA", "topics": ["algengar reiknia\u00f0ger\u00f0ir"]}, {"abbreviation": "HL", "topics": ["Heildun"]}, {"abbreviation": "FM", "topics": ["F\u00f6ll", "markgildi og deildun algengustu falla"]}, {"abbreviation": "SH", "topics": ["St\u00e6r\u00f0fr\u00e6\u00f0igreining", "deildaj\u00f6fnur", "heildun", "runur og ra\u00f0ir"]}, {"abbreviation": "MA", "topics": ["Mengi", "algebra"]}, {"abbreviation": "HK", "topics": ["Hornaf\u00f6ll", "keilusni\u00f0", "vigrar"]}, {"abbreviation": "RM", "topics": ["R\u00famfr\u00e6\u00f0i"]}, {"abbreviation": "AB", "topics": ["almenn brot"]}, {"abbreviation": "RR", "topics": ["Hagn\u00fdting heildareiknings", "runur og ra\u00f0ir"]}, {"abbreviation": "HB", "topics": ["Hnit og b\u00f3kstafareikningur"]}, {"abbreviation": "RU", "topics": ["R\u00famfr\u00e6\u00f0i og hornaf\u00f6ll"]}, {"abbreviation": "VJ", "topics": ["Veldi og j\u00f6fnur"]}, {"abbreviation": "GA", "topics": ["Grunna\u00f0ger\u00f0ir algebru"]}, {"abbreviation": "AD", "topics": ["algebra", "brot", "hlutfallareikningur"]}, {"abbreviation": "B\u00c1", "topics": ["Br\u00faar\u00e1fangi"]}, {"abbreviation": "SB", "topics": ["St\u00e6r\u00f0fr\u00e6\u00f0ibr\u00fa"]}, {"abbreviation": "SL", "topics": ["St\u00e6r\u00f0fr\u00e6\u00f0il\u00edk\u00f6n"]}, {"abbreviation": "ST", "topics": ["St\u00e6r\u00f0fr\u00e6\u00f0igrunnur", "f\u00f6ll og  hnitakerfi", "j\u00f6fnur", "r\u00famfr\u00e6\u00f0i"]}, {"abbreviation": "MV", "topics": ["Mengi", "hornaf\u00f6ll", "talningarfr\u00e6\u00f0i", "vigrar og keilusni\u00f0"]}, {"abbreviation": "FF", "topics": ["F\u00f6ll og ferlar"]}, {"abbreviation": "MD", "topics": ["F\u00f6ll", "margli\u00f0udeiling", "markgildi og deildun algengustu falla"]}, {"abbreviation": "SR", "topics": ["St\u00e6r\u00f0fr\u00e6\u00f0igreining", "fylkjareikningur", "heildun", "l\u00ednuleg bestun", "runur og ra\u00f0ir", "\u00ferepasannanir og margv\u00ed\u00f0 f\u00f6ll"]}, {"abbreviation": "HN", "topics": ["hnitakerfi"]}, {"abbreviation": "JF", "topics": ["f\u00f6ll", "j\u00f6fnur og \u00f3j\u00f6fnur", "l\u00edkindareikningur og t\u00f6lfr\u00e6\u00f0i", "rauntalnakerfi"]}, {"abbreviation": "LF", "topics": ["F\u00f6ll og ferlar - l\u00ednur og fleygbogar"]}, {"abbreviation": "R\u00d6", "topics": ["R\u00f6k og mengi"]}, {"abbreviation": "F\u00d6", "topics": ["F\u00f6ll", "ferlar", "fleygbogar", "keilusni\u00f0 og hornaf\u00f6ll", "l\u00ednur"]}, {"abbreviation": "MG", "topics": ["Markgildi og aflei\u00f0ur"]}, {"abbreviation": "JR", "topics": ["AJ", "BR"]}, {"abbreviation": "PV", "topics": ["aflei\u00f0ur", "lograr", "pr\u00f3sentur", "vaxtareikningur"]}, {"abbreviation": "FV", "topics": ["Heildun falla", "flatarm\u00e1l og r\u00famm\u00e1l"]}, {"abbreviation": "VS", "topics": ["Vi\u00f0skipta st\u00e6r\u00f0fr\u00e6\u00f0i"]}, {"abbreviation": "BT", "topics": ["B\u00f3kstafareikningur og talnal\u00e6si"]}, {"abbreviation": "XY", "topics": ["Algebra", "hnitakerfi\u00f0", "hornaf\u00f6ll.", "r\u00famfr\u00e6\u00f0i"]}, {"abbreviation": "XZ", "topics": ["Algebra", "hnitakerfi\u00f0", "hornaf\u00f6ll.", "j\u00f6fnur", "r\u00famfr\u00e6\u00f0i"]}, {"abbreviation": "TV", "topics": ["T\u00f6lfr\u00e6\u00f0i", "talningar", "vi\u00f0skipti."]}, {"abbreviation": "\u00c1T", "topics": ["T\u00f6lfr\u00e6\u00f0i", "\u00e1lyktunart\u00f6lfr\u00e6\u00f0i"]}, {"abbreviation": "TT", "topics": ["Algebra", "talningafr\u00e6\u00f0i", "t\u00f6lfr\u00e6\u00f0i og l\u00edkindareikningur"]}, {"abbreviation": "GH", "topics": ["algebra", "forgangsr\u00f6\u00f0 a\u00f0ger\u00f0a", "hnitakerfi"]}, {"abbreviation": "SI", "topics": ["St\u00e6r\u00f0fr\u00e6\u00f0i 1 \u00e1 starfsbraut"]}, {"abbreviation": "SJ", "topics": ["St\u00e6r\u00f0fr\u00e6\u00f0i 2 \u00e1 starfsbraut"]}, {"abbreviation": "SK", "topics": ["St\u00e6r\u00f0fr\u00e6\u00f0i 3 \u00e1 starfsbraut"]}, {"abbreviation": "GF", "topics": ["Grunn\u00e1fangi \u00ed st\u00e6r\u00f0fr\u00e6\u00f0i \u00e1 f\u00e9lagsv\u00edsindabraut"]}, {"abbreviation": "G\u00c1", "topics": ["Grunn\u00e1fangi \u00ed st\u00e6r\u00f0fr\u00e6\u00f0i \u00e1 n\u00e1tt\u00faruv\u00edsindabraut"]}, {"abbreviation": "DD", "topics": ["D\u00e6gurd\u00e6mi"]}, {"abbreviation": "FL", "topics": ["ST\u00c6R"]}, {"abbreviation": "HH", "topics": ["Hlutf\u00f6ll", "hornaf\u00f6ll"]}, {"abbreviation": "DL", "topics": ["Peningar", "t\u00edmahugt\u00f6k", "ver\u00f0gildi"]}, {"abbreviation": "PI", "topics": ["Peningar", "innkaup", "ver\u00f0mi\u00f0ar"]}, {"abbreviation": "PH", "topics": ["Peningar", "heimilisb\u00f3khald", "tekjur og \u00fatgj\u00f6ld"]}, {"abbreviation": "PR", "topics": ["Pr\u00f3sentureikningur"]}, {"abbreviation": "TG", "topics": ["Talnagildi"]}, {"abbreviation": "MH", "topics": ["F\u00f6ll", "fleygbogar", "hornaf\u00f6ll", "margli\u00f0ur"]}, {"abbreviation": "VR", "topics": ["Vigrar", "r\u00famfr\u00e6\u00f0i"]}, {"abbreviation": "CQ", "topics": ["f\u00f6ll og deildun. Annar \u00e1fangi"]}, {"abbreviation": "JV", "topics": ["2. stigs j\u00f6fnur", "hnitakerfi\u00f0 og algebrubrot", "v\u00edsif\u00f6ll"]}, {"abbreviation": "HI", "topics": ["Heildun og deildarj\u00f6fnur"]}, {"abbreviation": "BQ", "topics": ["Algebra", "brot", "fleygbogar og lograr"]}, {"abbreviation": "CC", "topics": ["Vigrar og hornaf\u00f6ll"]}, {"abbreviation": "EE", "topics": ["Heildun", "diffurj\u00f6fnur", "runur og ra\u00f0ir"]}, {"abbreviation": "FU", "topics": ["Heildun", "tvinnt\u00f6lur og diffurj\u00f6fnur"]}, {"abbreviation": "ES", "topics": ["Strj\u00e1l st\u00e6r\u00f0fr\u00e6\u00f0i"]}, {"abbreviation": "EL", "topics": ["L\u00ednuleg algebra"]}, {"abbreviation": "AM", "topics": ["Algebra", "f\u00f6ll og mengi"]}, {"abbreviation": "P\u00de", "topics": ["lausn jafna", "pr\u00f3sentureikningur", "r\u00famfr\u00e6\u00f0i", "talnareikningur"]}, {"abbreviation": "MM", "topics": ["fleygbogar", "hnitakerfi\u00f0", "margli\u00f0ur", "mengi"]}, {"abbreviation": "\u00deA", "topics": ["algebra", "hlutf\u00f6ll", "veldi", "\u00fer\u00edhyrningar"]}, {"abbreviation": "VA", "topics": ["Vi\u00f0skiptareikningur"]}, {"abbreviation": "HJ", "topics": ["hnitakerfi", "j\u00f6fnur", "margli\u00f0ur"]}, {"abbreviation": "YM", "topics": ["fylkjareikningur", "hagn\u00fdting \u00e1 diffurreikningi", "tvinnt\u00f6lureikningar"]}, {"abbreviation": "BD", "topics": ["brei\u00f0bogaf\u00f6ll", "diffurj\u00f6fnur", "fylki"]}, {"abbreviation": "DV", "topics": ["Diffrun", "f\u00f6ll", "v\u00edsis- og lograf\u00f6ll"]}, {"abbreviation": "VD", "topics": ["diffrun", "vigrar"]}, {"abbreviation": "HF", "topics": ["diffurj\u00f6fnur", "fylgi", "heildun", "r\u00famfr\u00e6\u00f0i"]}, {"abbreviation": "MJ", "topics": ["2. stigs j\u00f6fnur og \u00f3j\u00f6fnur", "Mengjareikningur", "gr\u00f6f", "margli\u00f0ur og l\u00f3garitma.", "veldi og r\u00e6tur"]}, {"abbreviation": "ML", "topics": ["Mengi", "j\u00f6fnur", "l\u00f3garitmar.", "margli\u00f0ur"]}, {"abbreviation": "KV", "topics": ["Vigrar", "hnitar\u00famfr\u00e6\u00f0i og r\u00f6kfr\u00e6\u00f0i.", "hornaf\u00f6ll", "keilusni\u00f0"]}, {"abbreviation": "DI", "topics": ["Heildun", "diffurj\u00f6fnur."]}, {"abbreviation": "HU", "topics": ["Heildun", "ra\u00f0ir og diffurj\u00f6fnur", "runur"]}, {"abbreviation": "F\u00c9", "topics": ["grunn\u00e1fangi \u00e1 f\u00e9lagsv\u00edsindabraut"]}, {"abbreviation": "TR", "topics": ["diffurj\u00f6fnur", "fylki", "r\u00famfr\u00e6\u00f0i", "tegurreikningur", "tvinnt\u00f6lur"]}, {"abbreviation": "MS", "topics": ["Maclaurin-li\u00f0un og samleitni"]}, {"abbreviation": "TH", "topics": ["T\u00f6lfr\u00e6\u00f0i", "l\u00edkindi og tilg\u00e1tupr\u00f3fun"]}, {"abbreviation": "JG", "topics": ["ar\u00f0semi", "gengi", "jafngrei\u00f0slura\u00f0ir", "vaxtareikningur"]}, {"abbreviation": "IR", "topics": ["I\u00f0nreikningur"]}, {"abbreviation": "DA", "topics": ["F\u00f6ll", "deildun og v\u00edsis- og lograf\u00f6ll", "markgildi"]}, {"abbreviation": "DB", "topics": ["F\u00f6ll", "deildun", "markgildi", "v\u00edsis- og lograf\u00f6ll"]}, {"abbreviation": "L\u00cd", "topics": ["St\u00e6r\u00f0fr\u00e6\u00f0ileg l\u00edk\u00f6n fyrir hug- og f\u00e9lagsv\u00edsindagreinar"]}, {"abbreviation": "GT", "topics": ["T\u00f6lvuleikjast\u00e6r\u00f0fr\u00e6\u00f0i", "forritun og t\u00f6lvugraf\u00edk"]}, {"abbreviation": "MB", "topics": ["Mengi", "annars stigs j\u00f6fnur", "brot", "margli\u00f0ur og hnitar\u00famfr\u00e6\u00f0i"]}, {"abbreviation": "YS", "topics": ["Yfirlits\u00e1fangi \u00ed st\u00e6r\u00f0fr\u00e6\u00f0i"]}, {"abbreviation": "VF", "topics": ["Vi\u00f0skipti og f\u00f6ll"]}, {"abbreviation": "TP", "topics": ["T\u00f6lfr\u00e6\u00f0ipr\u00f3f"]}], "_id": "50c0a02dd8e40575f7f6f490", "subjects": ["st\u00e6r\u00f0fr\u00e6\u00f0i"], "counter": {"1": 38, "3": 42, "2": 58, "4": 3}}, "evaluation": "Nokkrar formlegar kannanir \u00e1 \u00f6nn eru grunnur a\u00f0 s\u00edmati. Lokapr\u00f3f.\n", "categorization_suggestion": "", "embedded_topics": {"abbreviation": "TL", "topics": ["l\u00edkindareikningur", "t\u00f6lfr\u00e6\u00f0i"]}, "status": "approved by school", "description": "Meginvi\u00f0fangsefnin eru l\u00edkindareikningur, helstu l\u00edkindadreifingar og \u00fatreikningar tengdir \u00feeim, fylgnihugtaki\u00f0, grunnatri\u00f0i \u00fartaksfr\u00e6\u00f0i, megin-markgildissetning t\u00f6lfr\u00e6\u00f0innar og tilg\u00e1tupr\u00f3fanir. Ennfremur framsetning gagna me\u00f0 forritum eins GeoGebra og t\u00f6flureikni.", "knowledge_goals": ["talningarfr\u00e6\u00f0i", "grundvallaratri\u00f0um l\u00edkindafr\u00e6\u00f0i", "l\u00fdsandi t\u00f6lfr\u00e6\u00f0i og \u00e1lyktunart\u00f6lfr\u00e6\u00f0i", "helstu l\u00edkindadreifingum l\u00edkt og tv\u00edli\u00f0adreifingu og normaldreifingu", "fylgnihugtakinu", "\u00f6ryggism\u00f6rkum l\u00edkinda og tilg\u00e1tupr\u00f3fun"], "skills_goals": ["beita talningarfr\u00e6\u00f0i og \u00fdmsum grunnreglum \u00ed l\u00edkindafr\u00e6\u00f0i til \u00feess a\u00f0 reikna heildarl\u00edkindi fyrir samr\u00fdmanlega og \u00f3samr\u00fdmanlega atbur\u00f0i, h\u00e1\u00f0a og \u00f3h\u00e1\u00f0a atbur\u00f0i, skilyrt l\u00edkindi", "l\u00fdsa t\u00f6lfr\u00e6\u00f0i svo sem a\u00f0 l\u00fdsa mi\u00f0s\u00e6kni t\u00f6lulegra gagnasafna og dreifingu \u00feeirra", "beita grunnatri\u00f0um \u00e1lyktunart\u00f6lfr\u00e6\u00f0i svo sem a\u00f0 reikna \u00f6ryggism\u00f6rk l\u00edkinda og markt\u00e6kni"], "credits": 5, "last_modified": 1425895253.188867, "schools": ["512351988caa45ed97015b44"], "coauthors": null, "instructions": "", "continued_education": false, "level": 2, "prerequisites": "ST\u00c6R1UT03", "author": "6ea856f5-9f60-4d4f-a95e-aa9dbcc89d01", "abbreviation_version": null, "competence_goals": [["skr\u00e1 lausnir s\u00ednar skipulega, skiptast \u00e1 sko\u00f0unum vi\u00f0 a\u00f0ra um \u00fe\u00e6r og \u00fatsk\u00fdra hugmyndir s\u00ednar og verk skilmerkilega \u00e1 vi\u00f0eigandi h\u00e1tt", ""], ["\u00e1tta sig \u00e1 tengslum \u00f3l\u00edkra a\u00f0fer\u00f0a vi\u00f0 framsetningu st\u00e6r\u00f0fr\u00e6\u00f0ilegra hugmynda og vi\u00f0fangsefna", ""], ["geta fylgt og skili\u00f0 r\u00f6ksemdir og r\u00f6ksamhengi \u00ed m\u00e6ltu m\u00e1li og texta", ""], ["beita skipulegum a\u00f0fer\u00f0um vi\u00f0 a\u00f0 leysa \u00far vi\u00f0fangsefnum og \u00ferautum, s. s. \u00fat fr\u00e1 \u00feekkingu \u00e1 lausnum svipa\u00f0ra \u00ferauta,", ""], ["vinna til baka fr\u00e1 \u00feekktum st\u00e6r\u00f0um e\u00f0a me\u00f0 \u00fev\u00ed a\u00f0 setja upp j\u00f6fnur", ""], ["takast \u00e1 vi\u00f0 st\u00e6r\u00f0fr\u00e6\u00f0ileg verkefni me\u00f0 opnum og j\u00e1kv\u00e6\u00f0um huga", ""], ["skilja merkingu og tengsl hugtaka \u00ed n\u00e1msefninu og vinna me\u00f0 \u00feau", ""]], "_id": "54fd6f5562933a469200088c"}, {"exemplary": null, "topics": "Ma\u00f0urinn, au\u00f0lindirnar og umhverfi\u00f0", "abbreviation": "LAND2AU05", "former_schools": null, "subject": "landafr\u00e6\u00f0i", "title": "Ma\u00f0urinn, au\u00f0lindirnar og umhverfi\u00f0", "version": 2, "status_trans": "Sam\u00feykkt af sk\u00f3la", "embedded_subject": {"abbreviation": "LAND", "topics": [{"abbreviation": "AK", "topics": ["almenn kynning"]}, {"abbreviation": "SV", "topics": ["sv\u00e6\u00f0alandafr\u00e6\u00f0i \u00edslands"]}, {"abbreviation": "LA", "topics": ["landafr\u00e6\u00f0i kort"]}, {"abbreviation": "LS", "topics": ["landnotkun og skipulag"]}, {"abbreviation": "EV", "topics": ["evr\u00f3pa"]}, {"abbreviation": "\u00cdS", "topics": ["\u00edsland"]}, {"abbreviation": "SN", "topics": ["Sj\u00e1lfb\u00e6rni og n\u00fdsk\u00f6pun"]}, {"abbreviation": "H\u00c1", "topics": ["Heims\u00e1lfurnar"]}, {"abbreviation": "NL", "topics": ["Nor\u00f0url\u00f6ndin"]}, {"abbreviation": "FL", "topics": ["F\u00e9lagsleg landafr\u00e6\u00f0i"]}, {"abbreviation": "AB", "topics": ["Mannvistarlandafr\u00e6\u00f0i"]}, {"abbreviation": "AU", "topics": ["Ma\u00f0urinn", "au\u00f0lindirnar og umhverfi\u00f0"]}], "_id": "50c0a02dd8e40575f7f6f4c0", "subjects": ["landafr\u00e6\u00f0i"], "counter": {"1": 4, "3": 0, "2": 1, "4": 0}}, "evaluation": "Annareinkunn og lokapr\u00f3f", "categorization_suggestion": "", "embedded_topics": {"abbreviation": "AU", "topics": ["Ma\u00f0urinn", "au\u00f0lindirnar og umhverfi\u00f0"]}, "status": "approved by school", "description": "\u00cd \u00feessum \u00e1fanga er fjalla\u00f0 um landafr\u00e6\u00f0i sem fr\u00e6\u00f0igrein, notagildi hennar og tengsl vi\u00f0 a\u00f0rar fr\u00e6\u00f0igreinar. Fjalla\u00f0 er um grunnhugt\u00f6k l\u00fd\u00f0fr\u00e6\u00f0innar, \u00edb\u00faasamsetningu mismunandi \u00fej\u00f3\u00f0f\u00e9lagsger\u00f0a og vandam\u00e1l sem tengjast f\u00f3lksfj\u00f6lgun og breytingum \u00e1 b\u00fasetumynstri og hverjar eru orsakir og aflei\u00f0ingar f\u00f3lksflutninga. Einnig er fjalla\u00f0 um ger\u00f0 og byggingu jar\u00f0arinnar og \u00feau \u00f6fl sem m\u00f3ta landi\u00f0. \u00c1hersla er l\u00f6g\u00f0 \u00e1 verkefnavinnu. Nemendur munu vinna nokkur s\u00e9rh\u00e6f\u00f0 en fj\u00f6lbreytt verkefni sem krefjast uppl\u00fdsinga\u00f6flunar me\u00f0 margs konar mi\u00f0lum \u00far fj\u00f6lbreyttum heimildum.", "knowledge_goals": ["s\u00e9rst\u00f6\u00f0u landafr\u00e6\u00f0innar sem \u00feverfaglegrar v\u00edsindagreinar", "megindr\u00e1ttum n\u00e1tt\u00farufars annars vegar og n\u00fdtingu mannsins \u00e1 n\u00e1tt\u00farunni hins vegar", "samspili n\u00fdtingar mannsins \u00e1 au\u00f0lindum og \u00fer\u00f3un umhverfis", "helstu sta\u00f0reyndum er var\u00f0a J\u00f6r\u00f0ina og \u00feekki til einkenna mismunandi heims\u00e1lfa, sv\u00e6\u00f0a og landa"], "skills_goals": ["\u00e1tta sig \u00e1 sta\u00f0h\u00e1ttum, \u00f3gnunum og t\u00e6kif\u00e6rum mismunandi sv\u00e6\u00f0a", "leggja sitt af m\u00f6rkum til a\u00f0 leysa \u00feau vandam\u00e1l sem heimurinn stendur frami fyrir var\u00f0andi umhverfis og au\u00f0lindam\u00e1l"], "credits": 5, "last_modified": 1425304866.243575, "schools": ["512351988caa45ed97015b44"], "coauthors": null, "instructions": "", "continued_education": false, "level": 2, "prerequisites": "Engar", "author": "6ea856f5-9f60-4d4f-a95e-aa9dbcc89d01", "abbreviation_version": null, "competence_goals": [["vera me\u00f0vita\u00f0ur um umhverfi sitt og sinn \u00fe\u00e1tt \u00ed hagn\u00fdtingu og vi\u00f0haldi n\u00e1tt\u00farunnar", ""], ["\u00e1tta sig \u00e1 a\u00f0 J\u00f6r\u00f0in er vistkerfi \u00fear sem a\u00f0st\u00e6\u00f0ur eins hafa \u00e1hrif \u00e1 afkomu annarra, hvort sem liti\u00f0 er til vi\u00f0skipta, mengunar e\u00f0a n\u00fdtingar n\u00e1tt\u00faruau\u00f0linda", ""]], "_id": "54f46d2262933a3c2200004a"}, {"exemplary": null, "topics": "b\u00f3kmenntir, menning, stig b2 \u00ed evr\u00f3pska tungum\u00e1larammanum", "abbreviation": "DANS2MB05", "former_schools": null, "subject": "danska", "title": "Menning og b\u00f3kmenntir", "version": 27, "status_trans": "Sam\u00feykkt af sk\u00f3la", "embedded_subject": {"abbreviation": "DANS", "topics": [{"abbreviation": "BG", "topics": ["evr\u00f3pski tungum\u00e1laramminn", "grunnur", "stig b1"]}, {"abbreviation": "BF", "topics": ["evr\u00f3pski tungum\u00e1laramminn", "framhald", "stig b1"]}, {"abbreviation": "UB", "topics": ["evr\u00f3pski tungum\u00e1laramminn", "stig b2", "undirsta\u00f0a"]}, {"abbreviation": "VB", "topics": ["evr\u00f3pski tungum\u00e1laramminn", "stig b2", "vi\u00f0b\u00f3t"]}, {"abbreviation": "CG", "topics": ["evr\u00f3pski tungum\u00e1laramminn", "grunnur", "stig c1"]}, {"abbreviation": "CF", "topics": ["evr\u00f3pski tungum\u00e1laramminn", "framhald", "stig c1"]}, {"abbreviation": "RM", "topics": ["m\u00e1lnotkun og b\u00f3kmenntir", "ritun"]}, {"abbreviation": "MR", "topics": ["menning", "ritun og b\u00f3kmenntir"]}, {"abbreviation": "BM", "topics": ["b\u00f3kmenntir og or\u00f0afor\u00f0i", "menning"]}, {"abbreviation": "KV", "topics": ["kvikmynda\u00e1fangi"]}, {"abbreviation": "EV", "topics": ["evr\u00f3pski tungum\u00e1laramminn"]}, {"abbreviation": "MV", "topics": ["menning", "venjur"]}, {"abbreviation": "MS", "topics": ["menning", "samf\u00e9lag"]}, {"abbreviation": "LO", "topics": ["lesskilningur", "or\u00f0afor\u00f0i"]}, {"abbreviation": "SO", "topics": ["s\u00e9rh\u00e6f\u00f0ur or\u00f0afor\u00f0i"]}, {"abbreviation": "TL", "topics": ["lestur og menning", "tj\u00e1ning"]}, {"abbreviation": "UN", "topics": ["undirb\u00fanings\u00e1fangi \u00ed d\u00f6nsku"]}, {"abbreviation": "LT", "topics": ["lestur og menning ii", "tj\u00e1ning"]}, {"abbreviation": "M\u00c1", "topics": ["m\u00e1lfr\u00e6\u00f0i"]}, {"abbreviation": "GR", "topics": ["grunn\u00e1fangi"]}, {"abbreviation": "AL", "topics": ["almennur \u00e1fangi"]}, {"abbreviation": "FI", "topics": ["film og filmhistorie"]}, {"abbreviation": "LI", "topics": ["litter\u00e6r analyse"]}, {"abbreviation": "TT", "topics": ["tal;  t\u00e6nke - tale"]}, {"abbreviation": "L\u00c9", "topics": ["l\u00e9ttlestur"]}, {"abbreviation": "OR", "topics": ["or\u00f0afor\u00f0i"]}, {"abbreviation": "ML", "topics": ["lesskilningur", "m\u00e1lfr\u00e6\u00f0i"]}, {"abbreviation": "LM", "topics": ["lesskilningur", "m\u00e1lfr\u00e6\u00f0i", "stig a2 \u00ed evr\u00f3pska tungum\u00e1larammanum"]}, {"abbreviation": "MO", "topics": ["lesskilningur", "m\u00e1lfr\u00e6\u00f0i", "stig b1 \u00ed evr\u00f3pska tungum\u00e1larammanum"]}, {"abbreviation": "MB", "topics": ["b\u00f3kmenntir", "menning", "stig b2 \u00ed evr\u00f3pska tungum\u00e1larammanum"]}, {"abbreviation": "FH", "topics": ["Framhalds\u00e1fangi danska hra\u00f0fer\u00f0"]}, {"abbreviation": "TM", "topics": ["lestur", "m\u00e1lfr\u00e6\u00f0i", "tal"]}, {"abbreviation": "FS", "topics": ["0 \u00e1 grunnsk\u00f3lapr\u00f3fi", "fyrir nemendur", "sem f\u00e1 undir 5"]}, {"abbreviation": "HY", "topics": ["Hyggelesning", "yndislestur framhald"]}, {"abbreviation": "ST", "topics": ["menning", "skilningur", "tj\u00e1ning"]}, {"abbreviation": "SS", "topics": ["skilningur", "s\u00e9rh\u00e6fing", "tj\u00e1ning"]}, {"abbreviation": "FB", "topics": ["b\u00f3kmenntir", "fj\u00f6lmi\u00f0lar", "\u00feemavinna"]}, {"abbreviation": "VV", "topics": ["Verkefni a\u00f0 eigin vali"]}, {"abbreviation": "DA", "topics": ["dabla"]}, {"abbreviation": "DT", "topics": ["Danskt m\u00e1l og samf\u00e9lag 2"]}, {"abbreviation": "DM", "topics": ["D\u00f6nsk menning og samf\u00e9lag"]}, {"abbreviation": "NS", "topics": ["DANS2NS05"]}, {"abbreviation": "SV", "topics": ["menning og venjur", "samf\u00e9lag"]}, {"abbreviation": "DS", "topics": ["Samf\u00e9lag", "skilningur og skrif"]}, {"abbreviation": "FL", "topics": ["Danska: A\u00f0 flytja til Danmerkur"]}, {"abbreviation": "SN", "topics": ["Samskipti og n\u00fdsk\u00f6pun"]}, {"abbreviation": "LH", "topics": ["hlustun", "lestur", "ritun", "tala\u00f0 m\u00e1l"]}, {"abbreviation": "TR", "topics": ["hlustun", "lestur", "tala\u00f0 m\u00e1l"]}, {"abbreviation": "KF", "topics": ["Kristj\u00e1n 9. og arfleif\u00f0 hans"]}, {"abbreviation": "F\u00de", "topics": ["Fer\u00f0a\u00fej\u00f3nustu danska"]}, {"abbreviation": "LL", "topics": ["DANS"]}, {"abbreviation": "L\u00c6", "topics": ["L\u00e6si"]}, {"abbreviation": "SK", "topics": ["Sk\u00f6pun \u00ed v\u00ed\u00f0u samhengi"]}, {"abbreviation": "TF", "topics": ["Tj\u00e1ning og frambur\u00f0ur"]}, {"abbreviation": "AA", "topics": ["Almennur byrjunar \u00e1fangi"]}, {"abbreviation": "MM", "topics": ["M\u00e1l", "menning", "m\u00e1lfr\u00e6\u00f0i"]}, {"abbreviation": "SM", "topics": ["menning", "saga", "samf\u00e9lag"]}, {"abbreviation": "BK", "topics": ["Danske film og filmhistorie"]}, {"abbreviation": "AH", "topics": ["Davska 1. Hra\u00f0fer\u00f0"]}, {"abbreviation": "CC", "topics": ["Danska 3"]}, {"abbreviation": "CY", "topics": ["Danska. Yndislestur 1."]}, {"abbreviation": "DF", "topics": ["Danska Fer\u00f0a\u00e1fangi"]}, {"abbreviation": "DY", "topics": ["Danska yndislestur"]}, {"abbreviation": "OM", "topics": ["menning", "m\u00e1lfr\u00e6\u00f0i", "or\u00f0afor\u00f0i"]}, {"abbreviation": "GD", "topics": ["Grunn\u00e1fangi \u00ed d\u00f6nsku"]}, {"abbreviation": "BB", "topics": ["Danska \u00e1 fj\u00f6lbreyttan h\u00e1tt"]}, {"abbreviation": "BH", "topics": ["Danska \u00e1 fj\u00f6lbreyttan h\u00e1tt hra\u00f0fer\u00f0"]}, {"abbreviation": "BT", "topics": ["Tal\u00e1fangi", "t\u00e6nke - tale"]}, {"abbreviation": "CV", "topics": ["Danska \u00e1 annan veg"]}, {"abbreviation": "LS", "topics": ["Lestur", "Skrif og Skapandi Hugsun"]}, {"abbreviation": "KD", "topics": ["Kvikmyndir \u00ed Danm\u00f6rk"]}, {"abbreviation": "DK", "topics": ["Danm\u00f6rk og Kaupmannah\u00f6fn"]}, {"abbreviation": "DL", "topics": ["Daglegt l\u00edf. Tal", "hlustun", "or\u00f0afor\u00f0i og lestur", "ritun"]}], "_id": "50c0a02dd8e40575f7f6f4d1", "subjects": ["danska"], "counter": {"1": 13, "3": 3, "2": 20, "4": 0}}, "evaluation": "N\u00e1msmat er \u00fatf\u00e6rt \u00ed kennslu\u00e1\u00e6tlun \u00ed samr\u00e6mi vi\u00f0 sk\u00f3lan\u00e1mskr\u00e1.", "categorization_suggestion": "", "embedded_topics": {"abbreviation": "MB", "topics": ["b\u00f3kmenntir", "menning", "stig b2 \u00ed evr\u00f3pska tungum\u00e1larammanum"]}, "status": "approved by school", "description": "Nemendur lesa fj\u00f6lbreytta texta, b\u00e6\u00f0i fr\u00e9ttatexta, \u00fear sem \u00feeir kynnast Danm\u00f6rku dagsins \u00ed dag, og einnig fr\u00e6\u00f0ilega og b\u00f3kmenntalega texta svo \u00feeir kynnist \u00feeim arfi sem menning Dana hv\u00edlir \u00e1. Einnig er l\u00f6g\u00f0 \u00e1hersla \u00e1 a\u00f0 kynna Danm\u00f6rku \u00ed myndum og m\u00e1li me\u00f0 d\u00f6nskum kvikmyndum og sj\u00f3nvarps\u00fe\u00e1ttum og hlustun \u00e1 fr\u00e9ttir og umr\u00e6\u00f0u\u00fe\u00e6tti \u00ed d\u00f6nsku \u00fatvarpi. Nemendur vinna sj\u00e1lfst\u00e6tt a\u00f0 vi\u00f0ameiri verkefnum \u00ed formi kynninga og ritunarverkefna. \u00c1hersla \u00e1 sj\u00e1lfst\u00e6\u00f0 vinnubr\u00f6g\u00f0 og gagnr\u00fdna og um lei\u00f0 skapandi hugsun. Nemendur eiga a\u00f0 geta komi\u00f0 kunn\u00e1ttu sinni til skila \u00ed r\u00e6\u00f0u og riti. Lokaverkefni \u00e1fangans getur t.d. veri\u00f0 \u00e1 formi heimildaritger\u00f0ar e\u00f0a b\u00f3kmenntaritger\u00f0ar, sem nemendur kynna \u00ed lok annarinnar.", "knowledge_goals": ["d\u00f6nsku \u00fej\u00f3\u00f0l\u00edfi og menningu og hvernig danskan opnar a\u00f0gang a\u00f0 norr\u00e6na menningarsv\u00e6\u00f0inu (menntun og atvinnul\u00edfi) og hva\u00f0 er sameiginlegt og hva\u00f0 er \u00f3l\u00edkt me\u00f0 hinum Nor\u00f0urlanda\u00fej\u00f3\u00f0unum", "mikilv\u00e6gi \u00feess a\u00f0 beita mismunandi lestrara\u00f0fer\u00f0um eftir tilgangi lesturs", "or\u00f0afor\u00f0a sem gerir nemandanum kleift a\u00f0 skilja fr\u00e6\u00f0ilega texta sem og daglegt m\u00e1l", "almennum m\u00e1lfr\u00e6\u00f0ireglum dansks m\u00e1ls svo hann geti rita\u00f0 skammlausan texta \u00e1 d\u00f6nsku", "uppsetningu og skipulagi rita\u00f0s m\u00e1ls og hvernig velja skal heimildir"], "skills_goals": ["skilja e\u00f0lilegt tala\u00f0 m\u00e1l vi\u00f0 mismunandi a\u00f0st\u00e6\u00f0ur og einnig fl\u00f3knara tala\u00f0 m\u00e1l og jafnvel umr\u00e6\u00f0ur \u00e1 d\u00f6nsku", "lesa fj\u00f6lbreytta texta um \u00f3l\u00edk efni og beita \u00feeim lestrara\u00f0fer\u00f0um sem henta hverju sinni", "tj\u00e1 sig munnlega \u00e1 d\u00f6nsku um m\u00e1lefni sem hann hefur kynnt s\u00e9r", "rita texta af \u00f3l\u00edkum ger\u00f0um. Styttri texta svo sem starfsums\u00f3kn, augl\u00fdsingu, umfj\u00f6llun um sk\u00e1lds\u00f6gu e\u00f0a kvikmynd, sendibr\u00e9f o.s.frv. og lengri texta svo sem b\u00f3kmenntaritger\u00f0 e\u00f0a a\u00f0ra fr\u00e6\u00f0ilega ritger\u00f0 \u00fear sem leita skal heimilda og nota \u00fe\u00e6r", "fylgja skal helstu m\u00e1lnotkunarreglum vi\u00f0 \u00feessi skrif", "beita meginreglum danskrar m\u00e1lfr\u00e6\u00f0i og setningafr\u00e6\u00f0i", "t\u00falka mismunandi b\u00f3kmenntatexta"], "credits": 5, "last_modified": 1424788953.865191, "schools": ["512351988caa45ed97015b44"], "coauthors": null, "instructions": "", "continued_education": false, "level": 2, "prerequisites": "DANS2MO05", "author": "6ea856f5-9f60-4d4f-a95e-aa9dbcc89d01", "abbreviation_version": null, "competence_goals": [["skilja daglegt m\u00e1l svo sem samr\u00e6\u00f0ur og fj\u00f6lmi\u00f0laefni", ""], ["skilja inntak erinda og annars fl\u00f3knara efnis sem hann hefur kynnt s\u00e9r", ""], ["afla s\u00e9r uppl\u00fdsinga \u00far margv\u00edslegum ritu\u00f0um textum svo sem bla\u00f0agreinum, b\u00f3kmennta- e\u00f0a fr\u00e6\u00f0itextum", ""], ["draga eigin \u00e1lyktanir af textum og setja \u00fe\u00e6r fram b\u00e6\u00f0i munnlega og skriflega", ""], ["taka \u00fe\u00e1tt \u00ed daglegum samr\u00e6\u00f0um vi\u00f0 f\u00f3lk sem hefur d\u00f6nsku a\u00f0 m\u00f3\u00f0urm\u00e1li", ""], ["skiptast \u00e1 sko\u00f0unum og tj\u00e1 hugmyndir s\u00ednar \u00e1 \u00e1heyrilegan h\u00e1tt", ""], ["halda undirb\u00fanar kynningar bla\u00f0alaust fyrir \u00e1heyrendur", ""], ["skrifa l\u00e6silega og m\u00e1lfr\u00e6\u00f0ilega r\u00e9tta lengri texta um vali\u00f0 efni \u00e1 pers\u00f3nulegan og skapandi h\u00e1tt", ""]], "_id": "54ec8dd962933a193600116e"}, {"exemplary": null, "topics": "Menningarsaga", "abbreviation": "SAGA3MM05", "former_schools": null, "subject": "saga", "title": "Menningarsaga", "version": 25, "status_trans": "Sam\u00feykkt af sk\u00f3la", "embedded_subject": {"abbreviation": "SAGA", "topics": [{"abbreviation": "AK", "topics": ["almenn kynning"]}, {"abbreviation": "MS", "topics": ["mannkynssaga"]}, {"abbreviation": "MH", "topics": ["menningarsaga"]}, {"abbreviation": "ST", "topics": ["samt\u00edmasaga"]}, {"abbreviation": "LS", "topics": ["listasaga"]}, {"abbreviation": "MU", "topics": ["\u00fe\u00e6ttir \u00far mannkynss\u00f6gu fr\u00e1 upphafi mannsins til n\u00fdaldar"]}, {"abbreviation": "RS", "topics": ["rokksaga"]}, {"abbreviation": "MN", "topics": ["19. \u2013 21. aldar", "einkum mannskynss\u00f6gu", "valdir \u00fe\u00e6ttir \u00far s\u00f6gu"]}, {"abbreviation": "\u00c1S", "topics": ["\u00e1takasv\u00e6\u00f0i \u00ed heiminum"]}, {"abbreviation": "\u00cdS", "topics": ["\u00edsland og umheimurinn fr\u00e1 l\u00fd\u00f0veldisstofnun til l\u00ed\u00f0andi stundar."]}, {"abbreviation": "KA", "topics": ["land", "r\u00edki: k\u00edna og su\u00f0austur-as\u00eda", "sv\u00e6\u00f0i"]}, {"abbreviation": "\u00cdM", "topics": ["\u00edslands- og mannkynssaga"]}, {"abbreviation": "\u00deV", "topics": ["\u00fej\u00f3\u00f0armor\u00f0 og vo\u00f0averk \u00e1 20.-21. \u00f6ld"]}, {"abbreviation": "\u00cdL", "topics": ["\u00edslandssaga"]}, {"abbreviation": "SS", "topics": ["str\u00ed\u00f0ssaga"]}, {"abbreviation": "ME", "topics": ["menningar", "saga"]}, {"abbreviation": "FR", "topics": ["fr\u00e1 upphafi til byltinga"]}, {"abbreviation": "OL", "topics": ["20. \u00f6ldin"]}, {"abbreviation": "SA", "topics": ["saga og kvikmyndir"]}, {"abbreviation": "D\u00c6", "topics": ["saga d\u00e6gurmenningar \u00e1 \u00edslandi \u00e1 20. \u00f6ld"]}, {"abbreviation": "AA", "topics": ["\u00edslands- og mannkynssaga \u00e1 20. og 21. \u00f6ld"]}, {"abbreviation": "FO", "topics": ["fornaldarsaga"]}, {"abbreviation": "MI", "topics": ["mi\u00f0aldasaga"]}, {"abbreviation": "N\u00dd", "topics": ["saga n\u00fdaldar"]}, {"abbreviation": "HE", "topics": ["heimssaga"]}, {"abbreviation": "MF", "topics": ["mannskynssaga til 1800"]}, {"abbreviation": "AU", "topics": ["saga austurlands"]}, {"abbreviation": "\u00c1N", "topics": ["mannkynssaga fr\u00e1 1750 til n\u00fat\u00edmans"]}, {"abbreviation": "TU", "topics": ["tuttugasta \u00f6ldin"]}, {"abbreviation": "\u00deJ", "topics": ["al\u00fe\u00fd\u00f0umenning", "hversdagsl\u00edf", "\u00fej\u00f3\u00f0fr\u00e6\u00f0i"]}, {"abbreviation": "ML", "topics": ["19. \u00f6ld fram yfir mi\u00f0ja 20. \u00f6ld", "menningar- og listasaga"]}, {"abbreviation": "\u00cd\u00de", "topics": ["f\u00e9lagasamt\u00f6k", "\u00ed\u00fer\u00f3ttasaga"]}, {"abbreviation": "LI", "topics": ["menningar- og listasaga", "mi\u00f0aldir fram yfir mi\u00f0ja 19. \u00f6ld"]}, {"abbreviation": "SL", "topics": ["samt\u00edmalistir \u00ed s\u00f6gulegu samhengi"]}, {"abbreviation": "LM", "topics": ["Menning og listir"]}, {"abbreviation": "VE", "topics": ["Verkefna\u00e1fangi"]}, {"abbreviation": "MK", "topics": ["Saga"]}, {"abbreviation": "SK", "topics": ["Saga kynningar\u00e1fangi"]}, {"abbreviation": "CB", "topics": ["Saga Bandar\u00edkjanna."]}, {"abbreviation": "\u00cdH", "topics": ["fr\u00e1 1900 til dagsins \u00ed dag", "\u00edslensk h\u00f6nnunarsaga"]}, {"abbreviation": "M\u00de", "topics": ["", "fj\u00f6lmi\u00f0lar og saga", "greinandi saga", "saga sem hluti samt\u00edmans"]}, {"abbreviation": "R\u00d3", "topics": ["R\u00f3marveldi"]}, {"abbreviation": "MB", "topics": ["Mannr\u00e9ttindabar\u00e1tta \u00ed Bandar\u00edkjunum"]}, {"abbreviation": "FS", "topics": ["saga fjarl\u00e6gra sl\u00f3\u00f0a"]}, {"abbreviation": "NS", "topics": ["\u00cdslands- og mannkynssaga fr\u00e1 mi\u00f0ri 18. \u00f6ld til vorra daga"]}, {"abbreviation": "S\u00de", "topics": ["Saga - \u00dej\u00f3\u00f0armor\u00f0"]}, {"abbreviation": "V\u00cd", "topics": ["\u00cdslands- og mannkynssaga"]}, {"abbreviation": "II", "topics": ["\u00cdslands- og mannkynssaga II"]}, {"abbreviation": "UK", "topics": ["Mannkynssaga fr\u00e1 Uppl\u00fdsingu til Kalda str\u00ed\u00f0s"]}, {"abbreviation": "FG", "topics": ["Forn - gr\u00edsk saga og heimspeki"]}, {"abbreviation": "YS", "topics": ["Yfirlitssaga", "\u00cdslands- og mannkynssaga"]}, {"abbreviation": "KS", "topics": ["Kalda str\u00ed\u00f0i\u00f0"]}, {"abbreviation": "MM", "topics": ["Menningarsaga"]}, {"abbreviation": "KV", "topics": ["Sagan \u00ed kvikmyndum"]}, {"abbreviation": "GL", "topics": ["Saga gar\u00f0listar \u00ed heiminum"]}, {"abbreviation": "GS", "topics": ["Saga gar\u00f0yrkju \u00e1 \u00cdslandi og \u00ed heiminum"]}, {"abbreviation": "LH", "topics": ["Listir og h\u00f6nnun"]}, {"abbreviation": "SR", "topics": ["Saga og menning R\u00f3marborgar"]}, {"abbreviation": "MA", "topics": ["Saga 20. og 21. aldar"]}, {"abbreviation": "M\u00cd", "topics": ["19.-20.\u00f6ldin - valdir \u00fe\u00e6ttir \u00far mannkynss\u00f6gu og \u00cdslandss\u00f6gu"]}, {"abbreviation": "BY", "topics": ["Byltingar"]}, {"abbreviation": "SB", "topics": ["Saga: Byltingar"]}, {"abbreviation": "HS", "topics": ["Hugmyndasaga"]}, {"abbreviation": "KM", "topics": ["Kvikmyndasaga"]}, {"abbreviation": "CL", "topics": ["Saga l\u00e6kninga og sj\u00fakd\u00f3ma 1"]}, {"abbreviation": "BV", "topics": ["Heimssaga  Austur-As\u00eda"]}, {"abbreviation": "BF", "topics": ["Fornaldarsaga"]}, {"abbreviation": "BA", "topics": ["Heimsaga. Afr\u00edka"]}, {"abbreviation": "BE", "topics": ["Saga Evr\u00f3pu fr\u00e1 endurreisn til byltinga"]}, {"abbreviation": "CC", "topics": ["Sagnfr\u00e6\u00f0i og ritger\u00f0asm\u00ed\u00f0"]}, {"abbreviation": "CU", "topics": ["Utangar\u00f0ssaga"]}, {"abbreviation": "CR", "topics": ["Rokksaga"]}, {"abbreviation": "C\u00de", "topics": ["Fr\u00e1 \u00fej\u00f3\u00f0hverfu til \u00fej\u00f3\u00f0armor\u00f0a."]}, {"abbreviation": "FM", "topics": ["forn\u00f6ld", "mi\u00f0\u00f6ld"]}, {"abbreviation": "\u00deM", "topics": ["\u00der\u00f3un menningar og samf\u00e9laga"]}, {"abbreviation": "OI", "topics": ["\u00cdslands og mannkynssaga I"]}, {"abbreviation": "\u00deS", "topics": ["\u00de\u00e6ttir \u00far s\u00f6gu 20. aldar"]}, {"abbreviation": "BM", "topics": ["Mi\u00f0aldasaga."]}, {"abbreviation": "CG", "topics": ["Menningarsaga R\u00f3m\u00f6nsku Amer\u00edku"]}, {"abbreviation": "CN", "topics": ["Heimstyrj\u00f6ldin og helf\u00f6rin"]}, {"abbreviation": "CP", "topics": ["Kalda str\u00ed\u00f0i\u00f0."]}, {"abbreviation": "TS", "topics": ["Tr\u00faarbrag\u00f0asaga"]}, {"abbreviation": "NM", "topics": ["fundur \u00cdslands", "hrun R\u00f3maveldis", "menning fornaldar", "n\u00fd\u00f6ld"]}, {"abbreviation": "S\u00cd", "topics": ["kap\u00edtalismi \u00ed kreppu og str\u00ed\u00f0i", "sj\u00e1lfst\u00e6\u00f0isbar\u00e1ttan \u00e1 \u00cdslandi"]}, {"abbreviation": "EM", "topics": ["kristin menning", "menning fornaldar", "\u00fer\u00f3un evr\u00f3pskar menningar"]}, {"abbreviation": "MT", "topics": ["heimurinn \u00e1 21. \u00f6ld", "kalda str\u00ed\u00f0i\u00f0", "millistr\u00ed\u00f0s\u00e1rin", "n\u00fdlendustefnan"]}, {"abbreviation": "AM", "topics": ["al\u00fej\u00f3\u00f0legt samhengi", "kynjahlutverk og \u00edslam", "r\u00edki Mi\u00f0austurlanda"]}, {"abbreviation": "UT", "topics": ["e\u00f0li og \u00fer\u00f3un tr\u00faarbrag\u00f0a", "tr\u00faarl\u00edf \u00e1 \u00cdslandi", "uppruni"]}, {"abbreviation": "FB", "topics": ["Mannkynssaga fyrir framhaldssk\u00f3labraut"]}], "_id": "50c0a02dd8e40575f7f6f47a", "subjects": ["saga"], "counter": {"1": 12, "3": 16, "2": 24, "4": 0}}, "evaluation": "Annareinkunn og lokapr\u00f3f", "categorization_suggestion": "", "embedded_topics": {"abbreviation": "MM", "topics": ["Menningarsaga"]}, "status": "approved by school", "description": "N\u00fat\u00edmamenning, upphaf, \u00fer\u00f3un og sta\u00f0a n\u00fat\u00edmamenningar, s\u00e9rstaklega vestr\u00e6nnar menningar. Hugtaki\u00f0 menning og upphaf mannsins. Upphaf menningar fornaldar, s\u00e9rstaklega \u00feeirra r\u00edkja sem liggja n\u00e6rri Mi\u00f0jar\u00f0arhafi. Helstu \u00e1herslupunktar eru fyrstu menningarr\u00edkin, Mes\u00f3p\u00f3tam\u00eda, fornmenning Egypta, bl\u00f3mat\u00edmabil Forn-Grikkja, R\u00f3maveldi, gy\u00f0ingd\u00f3mur, upphaf kristinnar tr\u00faar og \u00fer\u00f3un hennar. Megin\u00e1herslan er \u00fe\u00f3 ekki \u00e1 fornaldarmenningu sem sl\u00edka, heldur \u00e1 tengsl hennar vi\u00f0 vestr\u00e6na menningu \u00ed dag. \u00d3l\u00edkir \u00fe\u00e6ttir n\u00fat\u00edmamenningar geta veri\u00f0 teknir fyrir, s.s. listir almennt, leiklist, h\u00f6ggmyndalist, byggingarlist, m\u00e1laralist, \u00f3l\u00edk fr\u00e6\u00f0i, s.s. raunv\u00edsindi, hugv\u00edsindi og tungum\u00e1l, tr\u00faarhugmyndir og go\u00f0s\u00f6gur og b\u00f3kmenntaverk.", "knowledge_goals": ["a\u00f0greiningu menningarhugtaksins \u00ed hlutl\u00e6ga og hugl\u00e6ga menningu", "a\u00f0greiningu \u00ed leifar og fr\u00e1sagnir", "helstu forsendum borgarmenningar", "upphafi mannsins og tengsl vi\u00f0 a\u00f0rar l\u00edfverur", "\u00f3l\u00edkum svi\u00f0um menningar og tengsl \u00feeirra vi\u00f0 upphaf sitt", "framlagi \u00f3l\u00edkra menningarheilda til n\u00fat\u00edmamenningar", "menningarframlagi \u00f3l\u00edkra menningarsv\u00e6\u00f0a"], "skills_goals": ["leggja gagnr\u00fdni\u00f0 mat \u00e1 menningarhugtaki\u00f0 hva\u00f0 var\u00f0ar svokalla\u00f0a l\u00e1g- og h\u00e1menningu", "leita heimilda var\u00f0andi \u00f3l\u00edkar menningarheildir", "meta fjarl\u00e6g og n\u00e1l\u00e6g samf\u00e9l\u00f6g me\u00f0 menningarlegum samanbur\u00f0i", "afla uppl\u00fdsinga, greina \u00fe\u00e6r og setja \u00ed fr\u00e6\u00f0ilegt samhengi", "meta menningarframlag \u00f3l\u00edkra menningarsv\u00e6\u00f0a til skilnings \u00e1 n\u00fat\u00edmasamf\u00e9lagi", "n\u00fdta fr\u00e6\u00f0ilegan texta \u00e1 \u00edslensku og erlendu tungum\u00e1li", "mi\u00f0la sk\u00fdrt og skilmerkilega fr\u00e6\u00f0ilegu efni \u00ed r\u00e6\u00f0u og riti"], "credits": 5, "last_modified": 1425375057.457829, "schools": ["512351988caa45ed97015b44"], "coauthors": null, "instructions": "", "continued_education": false, "level": 3, "prerequisites": "SAGA2FR05 og SAGA2MN05", "author": "6ea856f5-9f60-4d4f-a95e-aa9dbcc89d01", "abbreviation_version": null, "competence_goals": [["bera saman \u00f3l\u00edkar menningarheildir", ""], ["yfirf\u00e6ra \u00feekkingu s\u00edna \u00e1 einu svi\u00f0i yfir \u00e1 anna\u00f0", ""], ["meta menningarframlag \u00f3l\u00edkra menningarsv\u00e6\u00f0a \u00e1 hlutl\u00e6gan h\u00e1tt", ""], ["\u00e1lykta \u00fat fr\u00e1 einu svi\u00f0i menningar yfir \u00e1 anna\u00f0 \u00e1n \u00feess a\u00f0 f\u00e1 bein fyrirm\u00e6li um hvernig \u00fea\u00f0 skuli gert", ""]], "_id": "54f57f5162933a3c220002d4"}, {"exemplary": null, "topics": "lesskilningur, m\u00e1lfr\u00e6\u00f0i, stig b1 \u00ed evr\u00f3pska tungum\u00e1larammanum", "abbreviation": "DANS2MO05", "former_schools": null, "subject": "danska", "title": "M\u00e1lfr\u00e6\u00f0i og or\u00f0afor\u00f0i", "version": 26, "status_trans": "Sam\u00feykkt af sk\u00f3la", "embedded_subject": {"abbreviation": "DANS", "topics": [{"abbreviation": "BG", "topics": ["evr\u00f3pski tungum\u00e1laramminn", "grunnur", "stig b1"]}, {"abbreviation": "BF", "topics": ["evr\u00f3pski tungum\u00e1laramminn", "framhald", "stig b1"]}, {"abbreviation": "UB", "topics": ["evr\u00f3pski tungum\u00e1laramminn", "stig b2", "undirsta\u00f0a"]}, {"abbreviation": "VB", "topics": ["evr\u00f3pski tungum\u00e1laramminn", "stig b2", "vi\u00f0b\u00f3t"]}, {"abbreviation": "CG", "topics": ["evr\u00f3pski tungum\u00e1laramminn", "grunnur", "stig c1"]}, {"abbreviation": "CF", "topics": ["evr\u00f3pski tungum\u00e1laramminn", "framhald", "stig c1"]}, {"abbreviation": "RM", "topics": ["m\u00e1lnotkun og b\u00f3kmenntir", "ritun"]}, {"abbreviation": "MR", "topics": ["menning", "ritun og b\u00f3kmenntir"]}, {"abbreviation": "BM", "topics": ["b\u00f3kmenntir og or\u00f0afor\u00f0i", "menning"]}, {"abbreviation": "KV", "topics": ["kvikmynda\u00e1fangi"]}, {"abbreviation": "EV", "topics": ["evr\u00f3pski tungum\u00e1laramminn"]}, {"abbreviation": "MV", "topics": ["menning", "venjur"]}, {"abbreviation": "MS", "topics": ["menning", "samf\u00e9lag"]}, {"abbreviation": "LO", "topics": ["lesskilningur", "or\u00f0afor\u00f0i"]}, {"abbreviation": "SO", "topics": ["s\u00e9rh\u00e6f\u00f0ur or\u00f0afor\u00f0i"]}, {"abbreviation": "TL", "topics": ["lestur og menning", "tj\u00e1ning"]}, {"abbreviation": "UN", "topics": ["undirb\u00fanings\u00e1fangi \u00ed d\u00f6nsku"]}, {"abbreviation": "LT", "topics": ["lestur og menning ii", "tj\u00e1ning"]}, {"abbreviation": "M\u00c1", "topics": ["m\u00e1lfr\u00e6\u00f0i"]}, {"abbreviation": "GR", "topics": ["grunn\u00e1fangi"]}, {"abbreviation": "AL", "topics": ["almennur \u00e1fangi"]}, {"abbreviation": "FI", "topics": ["film og filmhistorie"]}, {"abbreviation": "LI", "topics": ["litter\u00e6r analyse"]}, {"abbreviation": "TT", "topics": ["tal;  t\u00e6nke - tale"]}, {"abbreviation": "L\u00c9", "topics": ["l\u00e9ttlestur"]}, {"abbreviation": "OR", "topics": ["or\u00f0afor\u00f0i"]}, {"abbreviation": "ML", "topics": ["lesskilningur", "m\u00e1lfr\u00e6\u00f0i"]}, {"abbreviation": "LM", "topics": ["lesskilningur", "m\u00e1lfr\u00e6\u00f0i", "stig a2 \u00ed evr\u00f3pska tungum\u00e1larammanum"]}, {"abbreviation": "MO", "topics": ["lesskilningur", "m\u00e1lfr\u00e6\u00f0i", "stig b1 \u00ed evr\u00f3pska tungum\u00e1larammanum"]}, {"abbreviation": "MB", "topics": ["b\u00f3kmenntir", "menning", "stig b2 \u00ed evr\u00f3pska tungum\u00e1larammanum"]}, {"abbreviation": "FH", "topics": ["Framhalds\u00e1fangi danska hra\u00f0fer\u00f0"]}, {"abbreviation": "TM", "topics": ["lestur", "m\u00e1lfr\u00e6\u00f0i", "tal"]}, {"abbreviation": "FS", "topics": ["0 \u00e1 grunnsk\u00f3lapr\u00f3fi", "fyrir nemendur", "sem f\u00e1 undir 5"]}, {"abbreviation": "HY", "topics": ["Hyggelesning", "yndislestur framhald"]}, {"abbreviation": "ST", "topics": ["menning", "skilningur", "tj\u00e1ning"]}, {"abbreviation": "SS", "topics": ["skilningur", "s\u00e9rh\u00e6fing", "tj\u00e1ning"]}, {"abbreviation": "FB", "topics": ["b\u00f3kmenntir", "fj\u00f6lmi\u00f0lar", "\u00feemavinna"]}, {"abbreviation": "VV", "topics": ["Verkefni a\u00f0 eigin vali"]}, {"abbreviation": "DA", "topics": ["dabla"]}, {"abbreviation": "DT", "topics": ["Danskt m\u00e1l og samf\u00e9lag 2"]}, {"abbreviation": "DM", "topics": ["D\u00f6nsk menning og samf\u00e9lag"]}, {"abbreviation": "NS", "topics": ["DANS2NS05"]}, {"abbreviation": "SV", "topics": ["menning og venjur", "samf\u00e9lag"]}, {"abbreviation": "DS", "topics": ["Samf\u00e9lag", "skilningur og skrif"]}, {"abbreviation": "FL", "topics": ["Danska: A\u00f0 flytja til Danmerkur"]}, {"abbreviation": "SN", "topics": ["Samskipti og n\u00fdsk\u00f6pun"]}, {"abbreviation": "LH", "topics": ["hlustun", "lestur", "ritun", "tala\u00f0 m\u00e1l"]}, {"abbreviation": "TR", "topics": ["hlustun", "lestur", "tala\u00f0 m\u00e1l"]}, {"abbreviation": "KF", "topics": ["Kristj\u00e1n 9. og arfleif\u00f0 hans"]}, {"abbreviation": "F\u00de", "topics": ["Fer\u00f0a\u00fej\u00f3nustu danska"]}, {"abbreviation": "LL", "topics": ["DANS"]}, {"abbreviation": "L\u00c6", "topics": ["L\u00e6si"]}, {"abbreviation": "SK", "topics": ["Sk\u00f6pun \u00ed v\u00ed\u00f0u samhengi"]}, {"abbreviation": "TF", "topics": ["Tj\u00e1ning og frambur\u00f0ur"]}, {"abbreviation": "AA", "topics": ["Almennur byrjunar \u00e1fangi"]}, {"abbreviation": "MM", "topics": ["M\u00e1l", "menning", "m\u00e1lfr\u00e6\u00f0i"]}, {"abbreviation": "SM", "topics": ["menning", "saga", "samf\u00e9lag"]}, {"abbreviation": "BK", "topics": ["Danske film og filmhistorie"]}, {"abbreviation": "AH", "topics": ["Davska 1. Hra\u00f0fer\u00f0"]}, {"abbreviation": "CC", "topics": ["Danska 3"]}, {"abbreviation": "CY", "topics": ["Danska. Yndislestur 1."]}, {"abbreviation": "DF", "topics": ["Danska Fer\u00f0a\u00e1fangi"]}, {"abbreviation": "DY", "topics": ["Danska yndislestur"]}, {"abbreviation": "OM", "topics": ["menning", "m\u00e1lfr\u00e6\u00f0i", "or\u00f0afor\u00f0i"]}, {"abbreviation": "GD", "topics": ["Grunn\u00e1fangi \u00ed d\u00f6nsku"]}, {"abbreviation": "BB", "topics": ["Danska \u00e1 fj\u00f6lbreyttan h\u00e1tt"]}, {"abbreviation": "BH", "topics": ["Danska \u00e1 fj\u00f6lbreyttan h\u00e1tt hra\u00f0fer\u00f0"]}, {"abbreviation": "BT", "topics": ["Tal\u00e1fangi", "t\u00e6nke - tale"]}, {"abbreviation": "CV", "topics": ["Danska \u00e1 annan veg"]}, {"abbreviation": "LS", "topics": ["Lestur", "Skrif og Skapandi Hugsun"]}, {"abbreviation": "KD", "topics": ["Kvikmyndir \u00ed Danm\u00f6rk"]}, {"abbreviation": "DK", "topics": ["Danm\u00f6rk og Kaupmannah\u00f6fn"]}, {"abbreviation": "DL", "topics": ["Daglegt l\u00edf. Tal", "hlustun", "or\u00f0afor\u00f0i og lestur", "ritun"]}], "_id": "50c0a02dd8e40575f7f6f4d1", "subjects": ["danska"], "counter": {"1": 13, "3": 3, "2": 20, "4": 0}}, "evaluation": "N\u00e1msmat er \u00fatf\u00e6rt \u00ed kennslu\u00e1\u00e6tlun \u00ed samr\u00e6mi vi\u00f0 sk\u00f3lan\u00e1mskr\u00e1.", "categorization_suggestion": "", "embedded_topics": {"abbreviation": "MO", "topics": ["lesskilningur", "m\u00e1lfr\u00e6\u00f0i", "stig b1 \u00ed evr\u00f3pska tungum\u00e1larammanum"]}, "status": "approved by school", "description": "\u00cd \u00feessum \u00e1fanga er \u00e1hersla l\u00f6g\u00f0 \u00e1 lestur fj\u00f6lbreyttra texta til a\u00f0 auka lesskilning og or\u00f0afor\u00f0a. Nemendur vinna hlustunar\u00e6fingar \u00ed tengslum vi\u00f0 lesna texta, kvikmyndir og \u00fe\u00e6tti. Undirst\u00f6\u00f0uatri\u00f0i danskrar m\u00e1lfr\u00e6\u00f0i eru rifju\u00f0 upp. Auk \u00feess er l\u00f6g\u00f0 mikil \u00e1hersla \u00e1 a\u00f0 \u00fej\u00e1lfa nemendur \u00ed munnlegri tj\u00e1ningu og ritun.", "knowledge_goals": ["\u00feeim or\u00f0afor\u00f0a sem nau\u00f0synlegur er til a\u00f0 n\u00e1 leikni- og h\u00e6fnimarkmi\u00f0um \u00e1fangans", "algengum frambur\u00f0arreglum (og t\u00f3nfalli)", "d\u00f6nsku \u00fej\u00f3\u00f0l\u00edfi og fengi\u00f0 aukna inns\u00fdn \u00ed skandinav\u00edska menningu", "notkun hj\u00e1lpargagna svo sem or\u00f0ab\u00f3ka og lei\u00f0r\u00e9ttingarforrita", "hvernig hann getur nota\u00f0 kunn\u00e1ttu s\u00edna \u00e1 \u00edslensku m\u00e1li og \u00edslenskri m\u00e1lfr\u00e6\u00f0i til \u00feess a\u00f0 au\u00f0velda d\u00f6nskun\u00e1mi\u00f0"], "skills_goals": ["lesa texta um almenn efni og einfalda b\u00f3kmenntatexta", "skilja samt\u00f6l um algeng m\u00e1lefni", "tj\u00e1 sig skriflega \u00ed samfelldu m\u00e1li um sj\u00e1lfan sig, umhverfi sitt og \u00feemum sem tengjast efni \u00e1fangans", "beita grundvallaratri\u00f0um danskrar m\u00e1lfr\u00e6\u00f0i \u00ed ritun", "segja fr\u00e1 efni sem hann hefur lesi\u00f0 e\u00f0a kvikmynd sem hann hefur horft \u00e1", "taka \u00fe\u00e1tt \u00ed almennum samr\u00e6\u00f0um um efni sem hann \u00feekkir e\u00f0a hefur \u00e1huga \u00e1 og beita e\u00f0lilegum m\u00e1lvenjum", "nota or\u00f0ab\u00e6kur, uppl\u00fdsingart\u00e6kni og nau\u00f0synleg hj\u00e1lparg\u00f6gn \u00ed tungum\u00e1lan\u00e1mi"], "credits": 5, "last_modified": 1424788472.039927, "schools": ["512351988caa45ed97015b44"], "coauthors": null, "instructions": "", "continued_education": false, "level": 2, "prerequisites": "Engar", "author": "6ea856f5-9f60-4d4f-a95e-aa9dbcc89d01", "abbreviation_version": null, "competence_goals": [["fylgjast me\u00f0 fr\u00e1s\u00f6gnum og erindum og n\u00e1 a\u00f0alatri\u00f0um \u00far fj\u00f6l- og myndmi\u00f0lum ef efni\u00f0 er kunnuglegt", ""], ["afla s\u00e9r uppl\u00fdsinga, greina helstu atri\u00f0i \u00feeirra og hagn\u00fdta s\u00e9r \u00ed n\u00e1minu", ""], ["tileinka s\u00e9r a\u00f0alatri\u00f0in \u00ed stuttum t\u00edmarits- e\u00f0a bla\u00f0agreinum", ""], ["takast \u00e1 vi\u00f0 flestar algengar a\u00f0st\u00e6\u00f0ur \u00ed almennum samskiptum", ""], ["tj\u00e1 sig um hug\u00f0arefni s\u00edn, munnlega og skriflega", ""], ["skipuleggja n\u00e1m og n\u00e1msa\u00f0fer\u00f0ir vi\u00f0 h\u00e6fi", ""], ["\u00fer\u00f3a me\u00f0 s\u00e9r aga og skipul\u00f6g\u00f0 vinnubr\u00f6g\u00f0", ""]], "_id": "54ec8bf862933a1936001163"}, {"exemplary": null, "topics": "n\u00e1ms-og starfsfr\u00e6\u00f0sla", "abbreviation": "L\u00cdFS1NS01", "former_schools": null, "subject": "l\u00edfsleikni", "title": "N\u00e1ms- og starfsval", "version": 42, "status_trans": "Sam\u00feykkt af sk\u00f3la", "embedded_subject": {"abbreviation": "L\u00cdFS", "topics": [{"abbreviation": "SS", "topics": ["sj\u00e1lfst\u00e6tt l\u00edf", "sk\u00f3laumhverfi"]}, {"abbreviation": "TM", "topics": ["mannleg samskipti", "tilfinningar"]}, {"abbreviation": "TU", "topics": ["tj\u00e1ning", "uppl\u00fdsingat\u00e6kni"]}, {"abbreviation": "MT", "topics": ["me\u00f0vitund", "tj\u00e1ning"]}, {"abbreviation": "SM", "topics": ["markmi\u00f0asetning", "sj\u00e1lfstraust"]}, {"abbreviation": "HP", "topics": ["gildi peninga", "heimilisb\u00f3khald"]}, {"abbreviation": "ES", "topics": ["einstaklingur", "framt\u00ed\u00f0", "f\u00e9lags\u00feroski", "samf\u00e9lag", "samskipti", "sj\u00e1lfstraust", "vir\u00f0ing", "\u00e1byrg\u00f0"]}, {"abbreviation": "N\u00dd", "topics": ["n\u00fdnemafr\u00e6\u00f0sla"]}, {"abbreviation": "GR", "topics": ["grunn\u00fe\u00e6ttir"]}, {"abbreviation": "SL", "topics": ["sk\u00f3laleikni"]}, {"abbreviation": "NS", "topics": ["n\u00e1ms-og starfsfr\u00e6\u00f0sla"]}, {"abbreviation": "\u00c1S", "topics": ["n\u00e1mst\u00e6kni", "samskipti", "sj\u00e1fsmynd", "\u00e1byrg\u00f0"]}, {"abbreviation": "BE", "topics": ["borgaravitund", "l\u00edfsst\u00edll", "n\u00e1ms- og starfsfr\u00e6\u00f0sla", "sj\u00e1lfsmynd", "tj\u00e1ning"]}, {"abbreviation": "BS", "topics": ["borgaravitund", "samf\u00e9lag", "samskipti", "umhverfism\u00e1l", "vinnumarka\u00f0ur"]}, {"abbreviation": "HE", "topics": ["heimilishald"]}, {"abbreviation": "N\u00c1", "topics": ["n\u00e1mst\u00e6kni"]}, {"abbreviation": "HN", "topics": ["Heilbrig\u00f0i", "forvarnir", "n\u00e1m", "sk\u00f3li"]}, {"abbreviation": "\u00c9S", "topics": ["samf\u00e9lagi\u00f0", "sk\u00f3linn", "\u00e9g"]}, {"abbreviation": "\u00c9G", "topics": ["samf\u00e9lagi\u00f0", "sk\u00f3linn", "\u00c9g"]}, {"abbreviation": "DL", "topics": ["daglegt l\u00edf einstaklingsins"]}, {"abbreviation": "SK", "topics": ["Sk\u00f6pun"]}, {"abbreviation": "L\u00c6", "topics": ["L\u00e6si \u00ed v\u00ed\u00f0u samhengi"]}, {"abbreviation": "SB", "topics": ["Sj\u00e1lfb\u00e6rni \u00ed v\u00ed\u00f0u samhengi"]}, {"abbreviation": "LM", "topics": ["L\u00fd\u00f0r\u00e6\u00f0i og mannr\u00e9ttindi"]}, {"abbreviation": "JR", "topics": ["Jafnr\u00e9tti"]}, {"abbreviation": "KF", "topics": ["Kynfr\u00e6\u00f0sla"]}, {"abbreviation": "TS", "topics": ["Tj\u00e1ning og samskipti"]}, {"abbreviation": "FJ", "topics": ["Fj\u00f6lmi\u00f0lar"]}, {"abbreviation": "FH", "topics": ["Framkoma og hreinl\u00e6ti"]}, {"abbreviation": "LK", "topics": ["L\u00edkaminn og tilfinningar"]}, {"abbreviation": "T\u00d3", "topics": ["T\u00f3mstundir"]}, {"abbreviation": "UM", "topics": ["Umferli"]}, {"abbreviation": "ST", "topics": ["Taktu stj\u00f3rnina"]}, {"abbreviation": "\u00da\u00da", "topics": ["\u00datskrift", "\u00fatskriftarfer\u00f0 og fj\u00e1r\u00f6flun"]}, {"abbreviation": "LL", "topics": ["forvarnir", "heilbrig\u00f0i", "l\u00edfsleikni", "n\u00e1mst\u00e6kni"]}, {"abbreviation": "NF", "topics": ["N\u00fdnemafr\u00e6\u00f0sla", "forvarnir", "l\u00edfsleikni", "n\u00e1mst\u00e6kni"]}, {"abbreviation": "NV", "topics": ["l\u00fd\u00f0r\u00e6\u00f0i", "mannr\u00e9ttindi", "n\u00e1msval", "sam\u00e9lag"]}, {"abbreviation": "SV", "topics": ["Si\u00f0fer\u00f0isvitund og mannr\u00e9ttindi"]}, {"abbreviation": "AN", "topics": ["Almenn l\u00edfsleikni og n\u00fdnemafr\u00e6\u00f0sla"]}, {"abbreviation": "FL", "topics": ["Fj\u00e1rm\u00e1lal\u00e6si"]}, {"abbreviation": "SN", "topics": ["f\u00e9lagstengsl", "n\u00e1msh\u00e6ttir", "sk\u00f3lasamf\u00e9lag"]}, {"abbreviation": "FN", "topics": ["fj\u00e1rm\u00e1lal\u00e6si", "jafnr\u00e9tti", "neytendafr\u00e6\u00f0sla", "\u00e1byrg hugsun og heg\u00f0un \u00ed samskiptum"]}], "_id": "50c0a02dd8e40575f7f6f4c6", "subjects": ["l\u00edfsleikni"], "counter": {"1": 35, "3": 0, "2": 3, "4": 0}}, "evaluation": "S\u00edmats\u00e1fangi", "categorization_suggestion": "", "embedded_topics": {"abbreviation": "NS", "topics": ["n\u00e1ms-og starfsfr\u00e6\u00f0sla"]}, "status": "approved by school", "description": "\u00cd \u00e1fanganum er unni\u00f0 a\u00f0 \u00fev\u00ed a\u00f0 nemendur s\u00e9u vel \u00ed stakk b\u00fanir til a\u00f0 marka s\u00e9r framt\u00ed\u00f0 og bera \u00e1byrg\u00f0 \u00e1 \u00feeirri lei\u00f0 sem \u00feeir kj\u00f3sa eftir a\u00f0 Menntask\u00f3lanum a\u00f0 Laugarvatni sleppir. Kenndar eru lei\u00f0ir til a\u00f0 efla sj\u00e1lfs\u00feekkingu og a\u00f0 taka \u00e1kvar\u00f0anir \u00e1 yfirvega\u00f0an h\u00e1tt. \u00c1hersla er l\u00f6g\u00f0 \u00e1 a\u00f0 nemendur s\u00e9u me\u00f0vita\u00f0ir um \u00fe\u00e1 \u00f3\u00ferj\u00f3tandi m\u00f6guleika sem \u00ed bo\u00f0i eru \u00ed framhaldsn\u00e1mi h\u00e9rlendis og erlendis og a\u00f0 \u00feeir \u00feekki lei\u00f0ir til a\u00f0 afla uppl\u00fdsinga \u00e1 \u00feessu svi\u00f0i. L\u00f6g\u00f0 er \u00e1hersla \u00e1 a\u00f0 nemendur geri s\u00e9r grein fyrir samhengi menntakerfis og vinnumarka\u00f0ar og \u00feekki nokkur einkenni \u00edslensks vinnumarka\u00f0ar. ", "knowledge_goals": ["kenningu Hollands um \u00e1hugasvi\u00f0", "lei\u00f0um til a\u00f0 efla styrkleika og vinna me\u00f0 veikar hli\u00f0ar", "ger\u00f0 n\u00e1ms- og starfsferilsskr\u00e1a", "frambo\u00f0i \u00e1 framhaldsn\u00e1mi h\u00e9rlendis og erlendis og lei\u00f0um til a\u00f0 afla uppl\u00fdsinga um n\u00e1m og st\u00f6rf"], "skills_goals": ["finna uppl\u00fdsingar um n\u00e1m og st\u00f6rf og \u00e1tta sig \u00e1 kr\u00f6fum sem ger\u00f0ar eru til einstaklinga \u00ed mismunandi n\u00e1mi og st\u00f6rfum", "sko\u00f0a \u00f3l\u00edk st\u00f6rf og starfsumhverfi\u00f0 sem \u00feeim tengist"], "credits": 1, "last_modified": 1425377055.062821, "schools": ["512351988caa45ed97015b44"], "coauthors": null, "instructions": "", "continued_education": false, "level": 1, "prerequisites": "Engin", "author": "6ea856f5-9f60-4d4f-a95e-aa9dbcc89d01", "abbreviation_version": null, "competence_goals": [["\u00fer\u00f3a n\u00e1ms- og starfsferil sinn \u00e1 uppbyggilegan h\u00e1tt", ""], ["n\u00fdta styrkleika s\u00edna sem best", ""]], "_id": "54f5871f62933a3c220002ff"}, {"exemplary": null, "topics": "Or\u00f0afor\u00f0i, m\u00e1lfr\u00e6\u00f0i, m\u00e1lnotkun", "abbreviation": "ENSK2OM05", "former_schools": null, "subject": "enska", "title": "Or\u00f0afor\u00f0i, m\u00e1lfr\u00e6\u00f0i og ritun", "version": 45, "status_trans": "Sam\u00feykkt af sk\u00f3la", "embedded_subject": {"abbreviation": "ENSK", "topics": [{"abbreviation": "GS", "topics": ["grunnatri\u00f0i", "samt\u00f6l"]}, {"abbreviation": "OO", "topics": ["or\u00f0ab\u00f3k", "or\u00f0afor\u00f0i"]}, {"abbreviation": "MM", "topics": ["myndas\u00f6gur", "myndb\u00f6nd"]}, {"abbreviation": "TL", "topics": ["lagatextar", "t\u00f3nlist"]}, {"abbreviation": "FR", "topics": ["ferilsverkefni", "ritunarverkefni"]}, {"abbreviation": "TS", "topics": ["myndm\u00e1l", "ritger\u00f0", "st\u00edlar", "textar"]}, {"abbreviation": "RH", "topics": ["hlustun", "m\u00e1lnotkun", "undirst\u00f6\u00f0uatri\u00f0i \u00ed ritun"]}, {"abbreviation": "SM", "topics": ["m\u00fas\u00edk og myndir 1950-70", "s\u00f6gur"]}, {"abbreviation": "BR", "topics": ["bretland"]}, {"abbreviation": "K\u00c1", "topics": ["kanada", "\u00e1stral\u00eda og n\u00fdja sj\u00e1land"]}, {"abbreviation": "SB", "topics": ["shakespeare og 19. \u00f6ldin \u00ed b\u00f3kmenntum"]}, {"abbreviation": "B\u00d3", "topics": ["b\u00f3kmenntir 20. aldar"]}, {"abbreviation": "KV", "topics": ["kvikmynda\u00e1fangi"]}, {"abbreviation": "AB", "topics": ["afr\u00edsk-amer\u00edskar b\u00f3kmenntir"]}, {"abbreviation": "U\u00c1", "topics": ["undirb\u00faningur", "\u00e1fangi"]}, {"abbreviation": "MT", "topics": ["m\u00e1lfr\u00e6\u00f0i", "tj\u00e1ning"]}, {"abbreviation": "MS", "topics": ["menning", "skapandi skrif"]}, {"abbreviation": "KR", "topics": ["kvikmyndir", "ritun"]}, {"abbreviation": "HR", "topics": ["heimildavinna", "ritger\u00f0ir"]}, {"abbreviation": "FF", "topics": ["fagm\u00e1l", "f\u00e9lagsv\u00edsinda"]}, {"abbreviation": "VE", "topics": ["enska", "vi\u00f0skipta"]}, {"abbreviation": "RE", "topics": ["enska", "raungreinar"]}, {"abbreviation": "BM", "topics": ["b\u00f3kmenntir", "m\u00e1lsaga"]}, {"abbreviation": "LB", "topics": ["b\u00f3kmenntir", "leik"]}, {"abbreviation": "UP", "topics": ["pr\u00f3f", "undirb\u00faningur"]}, {"abbreviation": "EN", "topics": ["enska fyrir fer\u00f0agreinar"]}, {"abbreviation": "FE", "topics": ["enska fyrir fer\u00f0a\u00fej\u00f3nustu"]}, {"abbreviation": "ST", "topics": ["evr\u00f3pski tungum\u00e1laramminn", "stig b1-b2"]}, {"abbreviation": "SE", "topics": ["evr\u00f3pski tungum\u00e1laramminn", "stig b2"]}, {"abbreviation": "ES", "topics": ["evr\u00f3pski tungum\u00e1laramminn", "stig b2-c1"]}, {"abbreviation": "EV", "topics": ["evr\u00f3pski tungum\u00e1laramminn", "stig c1"]}, {"abbreviation": "BF", "topics": ["b2", "evr\u00f3pski tungum\u00e1laramminn", "fer\u00f0a\u00fej\u00f3nuta"]}, {"abbreviation": "FH", "topics": ["evr\u00f3pski tungum\u00e1laramminn", "framhald", "stig c1"]}, {"abbreviation": "GR", "topics": ["grunn\u00e1fangi"]}, {"abbreviation": "FG", "topics": ["enska fyrir matv\u00e6lagreinar"]}, {"abbreviation": "LS", "topics": ["lestur", "m\u00e1lfr\u00e6\u00f0i", "or\u00f0afor\u00f0i", "skilningur"]}, {"abbreviation": "LT", "topics": ["lestur", "or\u00f0afor\u00f0i", "talm\u00e1l"]}, {"abbreviation": "BL", "topics": ["b\u00f3kmenntir", "lesskilningur", "ritun"]}, {"abbreviation": "BS", "topics": ["b\u00f3kmenntir", "menning", "saga"]}, {"abbreviation": "HA", "topics": ["hagn\u00fdtur or\u00f0afor\u00f0i. l\u00e6si \u00e1 fl\u00f3knari texta."]}, {"abbreviation": "OF", "topics": ["grunnor\u00f0afor\u00f0i fr\u00e6\u00f0a og v\u00edsinda.. menningarheimur nor\u00f0ur amer\u00edku"]}, {"abbreviation": "UN", "topics": ["undirb\u00fanings\u00e1fangi \u00ed ensku"]}, {"abbreviation": "LM", "topics": ["lestur og menning", "tj\u00e1ning"]}, {"abbreviation": "TM", "topics": ["menning", "tj\u00e1ning og skapandi skrif"]}, {"abbreviation": "MB", "topics": ["b\u00f3kmenntir", "menning og ritun"]}, {"abbreviation": "EX", "topics": ["extensive vocabulary and expression"]}, {"abbreviation": "ML", "topics": ["m\u00e1lnotkun og l\u00e6si"]}, {"abbreviation": "AA", "topics": ["akadem\u00edskur or\u00f0afor\u00f0i", "fj\u00f6lbreyttir textar", "fyrsti \u00e1fangi \u00ed ensku."]}, {"abbreviation": "YN", "topics": ["yndislestur"]}, {"abbreviation": "BB", "topics": ["akadem\u00edskur or\u00f0afor\u00f0i", "annar \u00e1fangi \u00ed ensku.", "fj\u00f6lbreyttir textar"]}, {"abbreviation": "FA", "topics": ["fagor\u00f0afor\u00f0i"]}, {"abbreviation": "AH", "topics": ["akadem\u00edskur or\u00f0afor\u00f0i", "fj\u00f6lbreyttir textar. hra\u00f0fer\u00f0 \u00ed ensku."]}, {"abbreviation": "BH", "topics": ["akadem\u00edskur or\u00f0afor\u00f0i", "fj\u00f6lbreyttir textar. \u00f6nnur hra\u00f0fer\u00f0 \u00ed ensku."]}, {"abbreviation": "EE", "topics": ["b\u00f3kmenntir", "fj\u00f6lmi\u00f0latextar."]}, {"abbreviation": "LR", "topics": ["lestur", "ritun", "tj\u00e1ning og hlustun"]}, {"abbreviation": "DD", "topics": ["b\u00f3kmenntir"]}, {"abbreviation": "M\u00c1", "topics": ["m\u00e1lfr\u00e6\u00f0i a"]}, {"abbreviation": "CC", "topics": ["b\u00f3kmenntir", "krefjandi or\u00f0afor\u00f0i", "ritun"]}, {"abbreviation": "CH", "topics": ["krefjandi or\u00f0afor\u00f0i"]}, {"abbreviation": "L\u00c9", "topics": ["l\u00e9ttlestur"]}, {"abbreviation": "OH", "topics": ["hlustun", "or\u00f0afor\u00f0i", "talm\u00e1l og ritun"]}, {"abbreviation": "LO", "topics": ["lesskilningur", "m\u00e1lfr\u00e6\u00f0i", "or\u00f0afor\u00f0i"]}, {"abbreviation": "MO", "topics": ["m\u00e1lfr\u00e6\u00f0i", "or\u00f0afor\u00f0i", "stig b1 \u00ed evr\u00f3pska tungum\u00e1larammanum"]}, {"abbreviation": "OB", "topics": ["b\u00f3kmenntir", "or\u00f0afor\u00f0i", "stig b2 \u00ed evr\u00f3pska tungum\u00e1larammanum"]}, {"abbreviation": "RB", "topics": ["b\u00f3kmenntir", "ritun"]}, {"abbreviation": "RL", "topics": ["lestur", "m\u00e1lfr\u00e6\u00f0i", "ritun og or\u00f0afor\u00f0i"]}, {"abbreviation": "SG", "topics": ["Lestur", "m\u00e1lfr\u00e6\u00f0i", "or\u00f0afor\u00f0i", "ritun", "tal"]}, {"abbreviation": "RM", "topics": ["Ritun", "b\u00f3kmenntir", "m\u00e1lnotkun"]}, {"abbreviation": "RO", "topics": ["Ritun", "b\u00f3kmenntir", "menning", "or\u00f0afor\u00f0i"]}, {"abbreviation": "SR", "topics": ["Menning", "akadem\u00edskur or\u00f0afor\u00f0i", "ritun", "saga"]}, {"abbreviation": "AE", "topics": ["Almenn akadem\u00edsk enska", "b\u00f3kmenntir", "ritun"]}, {"abbreviation": "SA", "topics": ["S\u00e9rh\u00e6f\u00f0 akadem\u00edsk enska", "b\u00f3kmenntir", "ritun"]}, {"abbreviation": "VR", "topics": ["V\u00edsindaor\u00f0afor\u00f0i", "raungreinar"]}, {"abbreviation": "VH", "topics": ["Vi\u00f0skipti", "erlend samskipti og vi\u00f0skiptah\u00e6ttir"]}, {"abbreviation": "AK", "topics": ["Kennsla", "a\u00f0sto\u00f0 vi\u00f0 nemendur", "ger\u00f0 kennsluefnis"]}, {"abbreviation": "DF", "topics": ["Kvikmyndir. Film Course."]}, {"abbreviation": "SK", "topics": ["enska fyrir fer\u00f0a\u00fej\u00f3nustu", "skapandi skrif"]}, {"abbreviation": "FT", "topics": ["lestur fr\u00e6\u00f0ilegra texta"]}, {"abbreviation": "VT", "topics": ["Lestur enskra vi\u00f0skiptatexta"]}, {"abbreviation": "RT", "topics": ["Lestur enskra raunv\u00edsindatexta"]}, {"abbreviation": "\u00cdT", "topics": ["Lestur \u00ed\u00fer\u00f3ttafr\u00e6\u00f0ilegra texta"]}, {"abbreviation": "TO", "topics": ["Tolkien"]}, {"abbreviation": "RI", "topics": ["Ritun"]}, {"abbreviation": "HL", "topics": ["Hlustun"]}, {"abbreviation": "UE", "topics": ["Undirb\u00fanings\u00e1fangi \u00ed ensku"]}, {"abbreviation": "UH", "topics": ["Undirb\u00faningur fyrir h\u00e1sk\u00f3lan\u00e1m"]}, {"abbreviation": "TJ", "topics": ["Tj\u00e1ning"]}, {"abbreviation": "OM", "topics": ["Or\u00f0afor\u00f0i", "m\u00e1lfr\u00e6\u00f0i", "m\u00e1lnotkun"]}, {"abbreviation": "TF", "topics": ["tj\u00e1ning og m\u00e1lnotkun"]}, {"abbreviation": "AM", "topics": ["Fr\u00e6\u00f0ilegur or\u00f0afor\u00f0i og Bandar\u00edkin"]}, {"abbreviation": "UK", "topics": ["Fr\u00e6\u00f0ilegur or\u00f0afor\u00f0i og Bretland"]}, {"abbreviation": "AC", "topics": ["Akadem\u00edskur or\u00f0afor\u00f0i og rauntextar"]}, {"abbreviation": "SL", "topics": ["Lestur", "menning og skrif"]}, {"abbreviation": "KK", "topics": ["Kvikmyndir og kynning"]}, {"abbreviation": "BA", "topics": ["L\u00fdsing: B\u00f3kmenntir 19. og 20.", "skrif og r\u00e6\u00f0uger\u00f0"]}, {"abbreviation": "OT", "topics": ["Or\u00f0afor\u00f0i", "ritun", "tj\u00e1ning"]}, {"abbreviation": "VM", "topics": ["V\u00edsindi og menning"]}, {"abbreviation": "BT", "topics": ["Bandar\u00edskt \u00fej\u00f3\u00f0f\u00e9lag og menning"]}, {"abbreviation": "MR", "topics": ["M\u00e1lfr\u00e6\u00f0i og ritun"]}, {"abbreviation": "LH", "topics": ["L\u00e6si \u00e1 fl\u00f3knari texta", "hagn\u00fdtur fj\u00f6lbreyttur or\u00f0afor\u00f0i"]}, {"abbreviation": "KB", "topics": ["Kvikmyndir", "b\u00f3kmenntir"]}, {"abbreviation": "OL", "topics": ["Lestur", "Menning", "M\u00e1lfr\u00e6\u00f0i", "Or\u00f0afor\u00f0i", "Ritun", "Tal"]}, {"abbreviation": "CL", "topics": ["Chic Literature and Women in Today\u2018s Society"]}, {"abbreviation": "CW", "topics": ["Creative Writing"]}, {"abbreviation": "OR", "topics": ["B\u00f3kmenntir (fj\u00f6lbreyttir textar)", "menning", "or\u00f0afor\u00f0i", "ranns\u00f3knir og ritun"]}, {"abbreviation": "OG", "topics": ["B\u00f3kmenntir", "lj\u00f3\u00f0agreining", "or\u00f0afor\u00f0i", "ritger\u00f0asm\u00ed\u00f0i og heimildavinna"]}, {"abbreviation": "BY", "topics": ["Lestur", "m\u00e1lfr\u00e6\u00f0i og m\u00e1lnotkun (byrjunar\u00e1fangi \u00ed ensku)", "ritun"]}, {"abbreviation": "DM", "topics": ["Enska Daglegt m\u00e1l"]}, {"abbreviation": "B\u00c1", "topics": ["b\u00f3kmenntir", "ritun", "tj\u00e1ning"]}, {"abbreviation": "HE", "topics": ["Hagn\u00fdt enska", "starfsbraut"]}, {"abbreviation": "RR", "topics": ["Enska \u00ed r\u00e6\u00f0u og riti"]}, {"abbreviation": "HO", "topics": ["Hagn\u00fdtur or\u00f0afor\u00f0i", "c1"]}, {"abbreviation": "FO", "topics": ["Fagor\u00f0afor\u00f0i og fer\u00f0am\u00e1l"]}, {"abbreviation": "EG", "topics": ["Enska 2 \u00e1 starfsbraut"]}, {"abbreviation": "SO", "topics": ["s\u00e9rh\u00e6f\u00f0ur or\u00f0afor\u00f0i"]}, {"abbreviation": "TR", "topics": ["Tj\u00e1ning", "or\u00f0afor\u00f0i", "ritun"]}, {"abbreviation": "\u00deS", "topics": ["\u00dej\u00f3nustust\u00f6rf"]}, {"abbreviation": "SF", "topics": ["Sagnfr\u00e6\u00f0i"]}, {"abbreviation": "T\u00d6", "topics": ["T\u00f6lvuleikir"]}, {"abbreviation": "JM", "topics": ["Fr\u00e1 hugmynd til \u00fatg\u00e1fu"]}, {"abbreviation": "MH", "topics": ["S\u00e9rh\u00e6f\u00f0 enska \u00ed myndlist og h\u00f6nnun"]}, {"abbreviation": "BO", "topics": ["B\u00f3kmenntir", "m\u00e1lfr\u00e6\u00f0i", "or\u00f0afor\u00f0i"]}, {"abbreviation": "VO", "topics": ["V\u00edsindatengdur or\u00f0afor\u00f0i"]}, {"abbreviation": "MV", "topics": ["M\u00e1lnotkun", "b\u00f3kmenntir", "vi\u00f0skipti"]}, {"abbreviation": "SV", "topics": ["m\u00e1lnotkun", "samf\u00e9lag", "vi\u00f0skipti"]}, {"abbreviation": "VI", "topics": ["m\u00e1lskilningur", "ritun", "vi\u00f0skiptaenska"]}, {"abbreviation": "EM", "topics": ["bresk menning", "b\u00f3kmenntir", "m\u00e1l"]}, {"abbreviation": "NV", "topics": ["v\u00edsindaenska"]}, {"abbreviation": "YL", "topics": ["Yndislestur"]}, {"abbreviation": "EH", "topics": ["Enska fyrir heilbrig\u00f0isgreinar"]}, {"abbreviation": "DK", "topics": ["ENSKA"]}, {"abbreviation": "DG", "topics": ["Enskar myndas\u00f6gur"]}, {"abbreviation": "DV", "topics": ["or\u00f0afor\u00f0i"]}, {"abbreviation": "DY", "topics": ["Yndislestur \u00ed ensku"]}, {"abbreviation": "EY", "topics": ["Yndislestur 2 \u00e1 ensku"]}, {"abbreviation": "HB", "topics": ["B\u00f3kmenntir og fr\u00e6\u00f0ilegir textar \u00ed hugv\u00edsindum"]}, {"abbreviation": "MK", "topics": ["b\u00f3kmenntir", "kvikmyndir", "menning", "m\u00e1lnotkun"]}, {"abbreviation": "VG", "topics": ["gagnr\u00fdnin hugsun", "or\u00f0afor\u00f0i v\u00edsinda", "ritun", "tj\u00e1ning"]}, {"abbreviation": "TT", "topics": ["m\u00e1lnotkun \u00ed t\u00e6knigreinum", "or\u00f0afor\u00f0i", "tala\u00f0 m\u00e1l"]}, {"abbreviation": "SS", "topics": ["Shakespeare", "kvikmyndir", "ritun", "sk\u00e1lds\u00f6gur"]}, {"abbreviation": "FV", "topics": ["Fagm\u00e1l", "b\u00f3kmenntir", "f\u00e9lagsv\u00edsindi", "ritun"]}, {"abbreviation": "VV", "topics": ["fagm\u00e1l", "hagfr\u00e6\u00f0i", "verslun", "vi\u00f0skipti"]}, {"abbreviation": "TB", "topics": ["Tolkien", "b\u00f3kmenntir", "fantas\u00eda"]}, {"abbreviation": "LG", "topics": ["Lestur", "ritun og tj\u00e1ning"]}, {"abbreviation": "SH", "topics": ["Shakespeare"]}, {"abbreviation": "BK", "topics": ["b\u00f3kmenntir og menning"]}, {"abbreviation": "VF", "topics": ["fr\u00e6\u00f0i og fagm\u00e1l", "v\u00edsindi"]}, {"abbreviation": "AO", "topics": ["Akadem\u00edskur or\u00f0afor\u00f0i \u00e1 ensku og klass\u00edskar b\u00f3kmenntir"]}], "_id": "50c0a02dd8e40575f7f6f488", "subjects": ["enska"], "counter": {"1": 25, "3": 36, "2": 38, "4": 1}}, "evaluation": "N\u00e1msmat er \u00fatf\u00e6rt \u00ed kennslu\u00e1\u00e6tlun \u00ed samr\u00e6mi vi\u00f0 sk\u00f3lan\u00e1mskr\u00e1", "categorization_suggestion": "", "embedded_topics": {"abbreviation": "OM", "topics": ["Or\u00f0afor\u00f0i", "m\u00e1lfr\u00e6\u00f0i", "m\u00e1lnotkun"]}, "status": "approved by school", "description": "Markmi\u00f0 \u00e1fangans er a\u00f0 nemendur auki vi\u00f0 og \u00e6fi frekar \u00fe\u00e1 m\u00e1lfr\u00e6\u00f0i\u00feekkingu sem \u00feeir \u00f6\u00f0lu\u00f0ust \u00ed grunnsk\u00f3la, \u00e1samt r\u00edkri \u00e1herslu sem l\u00f6g\u00f0 er \u00e1 aukinn or\u00f0afor\u00f0a. Nemendur kynnast menningu og m\u00e1lfari mismunandi enskum\u00e6landi sv\u00e6\u00f0a. Margv\u00edslegar greinar og b\u00f3kmenntir tengdar \u00feessum menningarsv\u00e6\u00f0um eru teknar fyrir til lestrar og umr\u00e6\u00f0u. L\u00f6g\u00f0 er \u00e1hersla \u00e1 a\u00f0 nemendur \u00fej\u00e1lfist \u00ed sj\u00e1lfst\u00e6\u00f0um vinnubr\u00f6g\u00f0um; hvort sem er \u00ed einstaklings- e\u00f0a h\u00f3pavinnu.  Unni\u00f0 er me\u00f0 samskiptaf\u00e6rni \u00ed r\u00e6\u00f0u og riti, \u00fear sem nemendur beita tungum\u00e1linu fyrir sig \u00e1 skipulegan h\u00e1tt.  L\u00f6g\u00f0 er \u00e1hersla \u00e1 a\u00f0 nemendur \u00f6\u00f0list f\u00e6rni \u00ed a\u00f0 f\u00e6ra r\u00f6k fyrir m\u00e1li s\u00ednu og s\u00e9u f\u00e6rir um a\u00f0 skrifa texta af \u00fdmsum toga.", "knowledge_goals": ["mismunandi vi\u00f0horfum og gildum f\u00f3lks \u00ed enskum\u00e6landi l\u00f6ndum", "grunnatri\u00f0um m\u00e1lfr\u00e6\u00f0i enskrar tungu", "or\u00f0afor\u00f0a \u00ed tengslum vi\u00f0 efni \u00e1fangans", "samspili \u00edslenskrar og enskrar tungu", "fj\u00f6lbreyttum or\u00f0afor\u00f0a til a\u00f0 geta tj\u00e1\u00f0 sko\u00f0anir s\u00ednar og r\u00f6kstutt \u00fe\u00e6r \u00ed daglegu l\u00edfi"], "skills_goals": ["skilja algengustu or\u00f0asamb\u00f6nd sem einkenna enskt m\u00e1l", "greina \u00e1 milli m\u00e1ls fr\u00e1 mismunandi m\u00e1lsv\u00e6\u00f0um (hreim, m\u00e1ll\u00fdskur)", "lesa fj\u00f6lbreytta texta \u00ed formi b\u00f3kmennta, bla\u00f0agreina o.s.frv.", "rita lipra texta", "tj\u00e1 sig munnlega vi\u00f0 mismunandi a\u00f0st\u00e6\u00f0ur", "beita sj\u00e1lfst\u00e6\u00f0um vinnubr\u00f6g\u00f0um og mismunandi n\u00e1mst\u00e6kni"], "credits": 5, "last_modified": 1425289517.414957, "schools": ["512351988caa45ed97015b44"], "coauthors": null, "instructions": "", "continued_education": false, "level": 2, "prerequisites": "Engar", "author": "6ea856f5-9f60-4d4f-a95e-aa9dbcc89d01", "abbreviation_version": null, "competence_goals": [["greina \u00e1 milli menningar \u00e1 mismunandi enskum\u00e6landi landsv\u00e6\u00f0um", ""], ["hagn\u00fdta s\u00e9r m\u00e1lfr\u00e6\u00f0i\u00feekkingu s\u00edna \u00ed r\u00e6\u00f0u og riti", ""], ["hagn\u00fdta s\u00e9r or\u00f0afor\u00f0a \u00e1fangans \u00ed r\u00e6\u00f0u og riti", ""], ["skrifa l\u00e6silegan texta um fj\u00f6lbreytt vi\u00f0fangsefni", ""], ["n\u00fdta s\u00e9r \u00fdmsa n\u00e1mst\u00e6kni og beita sj\u00e1lfst\u00e6\u00f0um vinnubr\u00f6g\u00f0um", ""], ["t\u00falka og endursegja fj\u00f6lbreytta texta", ""]], "_id": "54f4312d62933a1936001fe5"}, {"exemplary": null, "topics": "S\u00e9rh\u00e6f\u00f0ur or\u00f0afor\u00f0i og breskar b\u00f3kmenntir", "abbreviation": "ENSK3SD05", "former_schools": null, "subject": "enska", "title": "S\u00e9rh\u00e6f\u00f0ur or\u00f0afor\u00f0i og b\u00f3kmenntir", "version": 46, "status_trans": "Sam\u00feykkt af sk\u00f3la", "embedded_subject": {"abbreviation": "ENSK", "topics": [{"abbreviation": "GS", "topics": ["grunnatri\u00f0i", "samt\u00f6l"]}, {"abbreviation": "OO", "topics": ["or\u00f0ab\u00f3k", "or\u00f0afor\u00f0i"]}, {"abbreviation": "MM", "topics": ["myndas\u00f6gur", "myndb\u00f6nd"]}, {"abbreviation": "TL", "topics": ["lagatextar", "t\u00f3nlist"]}, {"abbreviation": "FR", "topics": ["ferilsverkefni", "ritunarverkefni"]}, {"abbreviation": "TS", "topics": ["myndm\u00e1l", "ritger\u00f0", "st\u00edlar", "textar"]}, {"abbreviation": "RH", "topics": ["hlustun", "m\u00e1lnotkun", "undirst\u00f6\u00f0uatri\u00f0i \u00ed ritun"]}, {"abbreviation": "SM", "topics": ["m\u00fas\u00edk og myndir 1950-70", "s\u00f6gur"]}, {"abbreviation": "BR", "topics": ["bretland"]}, {"abbreviation": "K\u00c1", "topics": ["kanada", "\u00e1stral\u00eda og n\u00fdja sj\u00e1land"]}, {"abbreviation": "SB", "topics": ["shakespeare og 19. \u00f6ldin \u00ed b\u00f3kmenntum"]}, {"abbreviation": "B\u00d3", "topics": ["b\u00f3kmenntir 20. aldar"]}, {"abbreviation": "KV", "topics": ["kvikmynda\u00e1fangi"]}, {"abbreviation": "AB", "topics": ["afr\u00edsk-amer\u00edskar b\u00f3kmenntir"]}, {"abbreviation": "U\u00c1", "topics": ["undirb\u00faningur", "\u00e1fangi"]}, {"abbreviation": "MT", "topics": ["m\u00e1lfr\u00e6\u00f0i", "tj\u00e1ning"]}, {"abbreviation": "MS", "topics": ["menning", "skapandi skrif"]}, {"abbreviation": "KR", "topics": ["kvikmyndir", "ritun"]}, {"abbreviation": "HR", "topics": ["heimildavinna", "ritger\u00f0ir"]}, {"abbreviation": "FF", "topics": ["fagm\u00e1l", "f\u00e9lagsv\u00edsinda"]}, {"abbreviation": "VE", "topics": ["enska", "vi\u00f0skipta"]}, {"abbreviation": "RE", "topics": ["enska", "raungreinar"]}, {"abbreviation": "BM", "topics": ["b\u00f3kmenntir", "m\u00e1lsaga"]}, {"abbreviation": "LB", "topics": ["b\u00f3kmenntir", "leik"]}, {"abbreviation": "UP", "topics": ["pr\u00f3f", "undirb\u00faningur"]}, {"abbreviation": "EN", "topics": ["enska fyrir fer\u00f0agreinar"]}, {"abbreviation": "FE", "topics": ["enska fyrir fer\u00f0a\u00fej\u00f3nustu"]}, {"abbreviation": "ST", "topics": ["evr\u00f3pski tungum\u00e1laramminn", "stig b1-b2"]}, {"abbreviation": "SE", "topics": ["evr\u00f3pski tungum\u00e1laramminn", "stig b2"]}, {"abbreviation": "ES", "topics": ["evr\u00f3pski tungum\u00e1laramminn", "stig b2-c1"]}, {"abbreviation": "EV", "topics": ["evr\u00f3pski tungum\u00e1laramminn", "stig c1"]}, {"abbreviation": "BF", "topics": ["b2", "evr\u00f3pski tungum\u00e1laramminn", "fer\u00f0a\u00fej\u00f3nuta"]}, {"abbreviation": "FH", "topics": ["evr\u00f3pski tungum\u00e1laramminn", "framhald", "stig c1"]}, {"abbreviation": "GR", "topics": ["grunn\u00e1fangi"]}, {"abbreviation": "FG", "topics": ["enska fyrir matv\u00e6lagreinar"]}, {"abbreviation": "LS", "topics": ["lestur", "m\u00e1lfr\u00e6\u00f0i", "or\u00f0afor\u00f0i", "skilningur"]}, {"abbreviation": "LT", "topics": ["lestur", "or\u00f0afor\u00f0i", "talm\u00e1l"]}, {"abbreviation": "BL", "topics": ["b\u00f3kmenntir", "lesskilningur", "ritun"]}, {"abbreviation": "BS", "topics": ["b\u00f3kmenntir", "menning", "saga"]}, {"abbreviation": "HA", "topics": ["hagn\u00fdtur or\u00f0afor\u00f0i. l\u00e6si \u00e1 fl\u00f3knari texta."]}, {"abbreviation": "OF", "topics": ["grunnor\u00f0afor\u00f0i fr\u00e6\u00f0a og v\u00edsinda.. menningarheimur nor\u00f0ur amer\u00edku"]}, {"abbreviation": "UN", "topics": ["undirb\u00fanings\u00e1fangi \u00ed ensku"]}, {"abbreviation": "LM", "topics": ["lestur og menning", "tj\u00e1ning"]}, {"abbreviation": "TM", "topics": ["menning", "tj\u00e1ning og skapandi skrif"]}, {"abbreviation": "MB", "topics": ["b\u00f3kmenntir", "menning og ritun"]}, {"abbreviation": "EX", "topics": ["extensive vocabulary and expression"]}, {"abbreviation": "ML", "topics": ["m\u00e1lnotkun og l\u00e6si"]}, {"abbreviation": "AA", "topics": ["akadem\u00edskur or\u00f0afor\u00f0i", "fj\u00f6lbreyttir textar", "fyrsti \u00e1fangi \u00ed ensku."]}, {"abbreviation": "YN", "topics": ["yndislestur"]}, {"abbreviation": "BB", "topics": ["akadem\u00edskur or\u00f0afor\u00f0i", "annar \u00e1fangi \u00ed ensku.", "fj\u00f6lbreyttir textar"]}, {"abbreviation": "FA", "topics": ["fagor\u00f0afor\u00f0i"]}, {"abbreviation": "AH", "topics": ["akadem\u00edskur or\u00f0afor\u00f0i", "fj\u00f6lbreyttir textar. hra\u00f0fer\u00f0 \u00ed ensku."]}, {"abbreviation": "BH", "topics": ["akadem\u00edskur or\u00f0afor\u00f0i", "fj\u00f6lbreyttir textar. \u00f6nnur hra\u00f0fer\u00f0 \u00ed ensku."]}, {"abbreviation": "EE", "topics": ["b\u00f3kmenntir", "fj\u00f6lmi\u00f0latextar."]}, {"abbreviation": "LR", "topics": ["lestur", "ritun", "tj\u00e1ning og hlustun"]}, {"abbreviation": "DD", "topics": ["b\u00f3kmenntir"]}, {"abbreviation": "M\u00c1", "topics": ["m\u00e1lfr\u00e6\u00f0i a"]}, {"abbreviation": "CC", "topics": ["b\u00f3kmenntir", "krefjandi or\u00f0afor\u00f0i", "ritun"]}, {"abbreviation": "CH", "topics": ["krefjandi or\u00f0afor\u00f0i"]}, {"abbreviation": "L\u00c9", "topics": ["l\u00e9ttlestur"]}, {"abbreviation": "OH", "topics": ["hlustun", "or\u00f0afor\u00f0i", "talm\u00e1l og ritun"]}, {"abbreviation": "LO", "topics": ["lesskilningur", "m\u00e1lfr\u00e6\u00f0i", "or\u00f0afor\u00f0i"]}, {"abbreviation": "MO", "topics": ["m\u00e1lfr\u00e6\u00f0i", "or\u00f0afor\u00f0i", "stig b1 \u00ed evr\u00f3pska tungum\u00e1larammanum"]}, {"abbreviation": "OB", "topics": ["b\u00f3kmenntir", "or\u00f0afor\u00f0i", "stig b2 \u00ed evr\u00f3pska tungum\u00e1larammanum"]}, {"abbreviation": "RB", "topics": ["b\u00f3kmenntir", "ritun"]}, {"abbreviation": "RL", "topics": ["lestur", "m\u00e1lfr\u00e6\u00f0i", "ritun og or\u00f0afor\u00f0i"]}, {"abbreviation": "SG", "topics": ["Lestur", "m\u00e1lfr\u00e6\u00f0i", "or\u00f0afor\u00f0i", "ritun", "tal"]}, {"abbreviation": "RM", "topics": ["Ritun", "b\u00f3kmenntir", "m\u00e1lnotkun"]}, {"abbreviation": "RO", "topics": ["Ritun", "b\u00f3kmenntir", "menning", "or\u00f0afor\u00f0i"]}, {"abbreviation": "SR", "topics": ["Menning", "akadem\u00edskur or\u00f0afor\u00f0i", "ritun", "saga"]}, {"abbreviation": "AE", "topics": ["Almenn akadem\u00edsk enska", "b\u00f3kmenntir", "ritun"]}, {"abbreviation": "SA", "topics": ["S\u00e9rh\u00e6f\u00f0 akadem\u00edsk enska", "b\u00f3kmenntir", "ritun"]}, {"abbreviation": "VR", "topics": ["V\u00edsindaor\u00f0afor\u00f0i", "raungreinar"]}, {"abbreviation": "VH", "topics": ["Vi\u00f0skipti", "erlend samskipti og vi\u00f0skiptah\u00e6ttir"]}, {"abbreviation": "AK", "topics": ["Kennsla", "a\u00f0sto\u00f0 vi\u00f0 nemendur", "ger\u00f0 kennsluefnis"]}, {"abbreviation": "DF", "topics": ["Kvikmyndir. Film Course."]}, {"abbreviation": "SK", "topics": ["enska fyrir fer\u00f0a\u00fej\u00f3nustu", "skapandi skrif"]}, {"abbreviation": "FT", "topics": ["lestur fr\u00e6\u00f0ilegra texta"]}, {"abbreviation": "VT", "topics": ["Lestur enskra vi\u00f0skiptatexta"]}, {"abbreviation": "RT", "topics": ["Lestur enskra raunv\u00edsindatexta"]}, {"abbreviation": "\u00cdT", "topics": ["Lestur \u00ed\u00fer\u00f3ttafr\u00e6\u00f0ilegra texta"]}, {"abbreviation": "TO", "topics": ["Tolkien"]}, {"abbreviation": "RI", "topics": ["Ritun"]}, {"abbreviation": "HL", "topics": ["Hlustun"]}, {"abbreviation": "UE", "topics": ["Undirb\u00fanings\u00e1fangi \u00ed ensku"]}, {"abbreviation": "UH", "topics": ["Undirb\u00faningur fyrir h\u00e1sk\u00f3lan\u00e1m"]}, {"abbreviation": "TJ", "topics": ["Tj\u00e1ning"]}, {"abbreviation": "OM", "topics": ["Or\u00f0afor\u00f0i", "m\u00e1lfr\u00e6\u00f0i", "m\u00e1lnotkun"]}, {"abbreviation": "TF", "topics": ["tj\u00e1ning og m\u00e1lnotkun"]}, {"abbreviation": "AM", "topics": ["Fr\u00e6\u00f0ilegur or\u00f0afor\u00f0i og Bandar\u00edkin"]}, {"abbreviation": "UK", "topics": ["Fr\u00e6\u00f0ilegur or\u00f0afor\u00f0i og Bretland"]}, {"abbreviation": "AC", "topics": ["Akadem\u00edskur or\u00f0afor\u00f0i og rauntextar"]}, {"abbreviation": "SL", "topics": ["Lestur", "menning og skrif"]}, {"abbreviation": "KK", "topics": ["Kvikmyndir og kynning"]}, {"abbreviation": "BA", "topics": ["L\u00fdsing: B\u00f3kmenntir 19. og 20.", "skrif og r\u00e6\u00f0uger\u00f0"]}, {"abbreviation": "OT", "topics": ["Or\u00f0afor\u00f0i", "ritun", "tj\u00e1ning"]}, {"abbreviation": "VM", "topics": ["V\u00edsindi og menning"]}, {"abbreviation": "BT", "topics": ["Bandar\u00edskt \u00fej\u00f3\u00f0f\u00e9lag og menning"]}, {"abbreviation": "MR", "topics": ["M\u00e1lfr\u00e6\u00f0i og ritun"]}, {"abbreviation": "LH", "topics": ["L\u00e6si \u00e1 fl\u00f3knari texta", "hagn\u00fdtur fj\u00f6lbreyttur or\u00f0afor\u00f0i"]}, {"abbreviation": "KB", "topics": ["Kvikmyndir", "b\u00f3kmenntir"]}, {"abbreviation": "OL", "topics": ["Lestur", "Menning", "M\u00e1lfr\u00e6\u00f0i", "Or\u00f0afor\u00f0i", "Ritun", "Tal"]}, {"abbreviation": "CL", "topics": ["Chic Literature and Women in Today\u2018s Society"]}, {"abbreviation": "CW", "topics": ["Creative Writing"]}, {"abbreviation": "OR", "topics": ["B\u00f3kmenntir (fj\u00f6lbreyttir textar)", "menning", "or\u00f0afor\u00f0i", "ranns\u00f3knir og ritun"]}, {"abbreviation": "OG", "topics": ["B\u00f3kmenntir", "lj\u00f3\u00f0agreining", "or\u00f0afor\u00f0i", "ritger\u00f0asm\u00ed\u00f0i og heimildavinna"]}, {"abbreviation": "BY", "topics": ["Lestur", "m\u00e1lfr\u00e6\u00f0i og m\u00e1lnotkun (byrjunar\u00e1fangi \u00ed ensku)", "ritun"]}, {"abbreviation": "DM", "topics": ["Enska Daglegt m\u00e1l"]}, {"abbreviation": "B\u00c1", "topics": ["b\u00f3kmenntir", "ritun", "tj\u00e1ning"]}, {"abbreviation": "HE", "topics": ["Hagn\u00fdt enska", "starfsbraut"]}, {"abbreviation": "RR", "topics": ["Enska \u00ed r\u00e6\u00f0u og riti"]}, {"abbreviation": "HO", "topics": ["Hagn\u00fdtur or\u00f0afor\u00f0i", "c1"]}, {"abbreviation": "FO", "topics": ["Fagor\u00f0afor\u00f0i og fer\u00f0am\u00e1l"]}, {"abbreviation": "EG", "topics": ["Enska 2 \u00e1 starfsbraut"]}, {"abbreviation": "SO", "topics": ["s\u00e9rh\u00e6f\u00f0ur or\u00f0afor\u00f0i"]}, {"abbreviation": "TR", "topics": ["Tj\u00e1ning", "or\u00f0afor\u00f0i", "ritun"]}, {"abbreviation": "\u00deS", "topics": ["\u00dej\u00f3nustust\u00f6rf"]}, {"abbreviation": "SF", "topics": ["Sagnfr\u00e6\u00f0i"]}, {"abbreviation": "T\u00d6", "topics": ["T\u00f6lvuleikir"]}, {"abbreviation": "JM", "topics": ["Fr\u00e1 hugmynd til \u00fatg\u00e1fu"]}, {"abbreviation": "MH", "topics": ["S\u00e9rh\u00e6f\u00f0 enska \u00ed myndlist og h\u00f6nnun"]}, {"abbreviation": "BO", "topics": ["B\u00f3kmenntir", "m\u00e1lfr\u00e6\u00f0i", "or\u00f0afor\u00f0i"]}, {"abbreviation": "VO", "topics": ["V\u00edsindatengdur or\u00f0afor\u00f0i"]}, {"abbreviation": "MV", "topics": ["M\u00e1lnotkun", "b\u00f3kmenntir", "vi\u00f0skipti"]}, {"abbreviation": "SV", "topics": ["m\u00e1lnotkun", "samf\u00e9lag", "vi\u00f0skipti"]}, {"abbreviation": "VI", "topics": ["m\u00e1lskilningur", "ritun", "vi\u00f0skiptaenska"]}, {"abbreviation": "EM", "topics": ["bresk menning", "b\u00f3kmenntir", "m\u00e1l"]}, {"abbreviation": "NV", "topics": ["v\u00edsindaenska"]}, {"abbreviation": "YL", "topics": ["Yndislestur"]}, {"abbreviation": "EH", "topics": ["Enska fyrir heilbrig\u00f0isgreinar"]}, {"abbreviation": "DK", "topics": ["ENSKA"]}, {"abbreviation": "DG", "topics": ["Enskar myndas\u00f6gur"]}, {"abbreviation": "DV", "topics": ["or\u00f0afor\u00f0i"]}, {"abbreviation": "DY", "topics": ["Yndislestur \u00ed ensku"]}, {"abbreviation": "EY", "topics": ["Yndislestur 2 \u00e1 ensku"]}, {"abbreviation": "HB", "topics": ["B\u00f3kmenntir og fr\u00e6\u00f0ilegir textar \u00ed hugv\u00edsindum"]}, {"abbreviation": "MK", "topics": ["b\u00f3kmenntir", "kvikmyndir", "menning", "m\u00e1lnotkun"]}, {"abbreviation": "VG", "topics": ["gagnr\u00fdnin hugsun", "or\u00f0afor\u00f0i v\u00edsinda", "ritun", "tj\u00e1ning"]}, {"abbreviation": "TT", "topics": ["m\u00e1lnotkun \u00ed t\u00e6knigreinum", "or\u00f0afor\u00f0i", "tala\u00f0 m\u00e1l"]}, {"abbreviation": "SS", "topics": ["Shakespeare", "kvikmyndir", "ritun", "sk\u00e1lds\u00f6gur"]}, {"abbreviation": "FV", "topics": ["Fagm\u00e1l", "b\u00f3kmenntir", "f\u00e9lagsv\u00edsindi", "ritun"]}, {"abbreviation": "VV", "topics": ["fagm\u00e1l", "hagfr\u00e6\u00f0i", "verslun", "vi\u00f0skipti"]}, {"abbreviation": "TB", "topics": ["Tolkien", "b\u00f3kmenntir", "fantas\u00eda"]}, {"abbreviation": "LG", "topics": ["Lestur", "ritun og tj\u00e1ning"]}, {"abbreviation": "SH", "topics": ["Shakespeare"]}, {"abbreviation": "BK", "topics": ["b\u00f3kmenntir og menning"]}, {"abbreviation": "VF", "topics": ["fr\u00e6\u00f0i og fagm\u00e1l", "v\u00edsindi"]}, {"abbreviation": "AO", "topics": ["Akadem\u00edskur or\u00f0afor\u00f0i \u00e1 ensku og klass\u00edskar b\u00f3kmenntir"]}, {"abbreviation": "SD", "topics": ["S\u00e9rh\u00e6f\u00f0ur or\u00f0afor\u00f0i og breskar b\u00f3kmenntir"]}], "_id": "50c0a02dd8e40575f7f6f488", "subjects": ["enska"], "counter": {"1": 25, "3": 36, "2": 38, "4": 1}}, "evaluation": "N\u00e1msmat er \u00fatf\u00e6rt \u00ed kennslu\u00e1\u00e6tlun \u00ed samr\u00e6mi vi\u00f0 sk\u00f3lan\u00e1mskr\u00e1", "categorization_suggestion": "", "embedded_topics": {"abbreviation": "SD", "topics": ["S\u00e9rh\u00e6f\u00f0ur or\u00f0afor\u00f0i og breskar b\u00f3kmenntir"]}, "status": "approved by school", "description": "Nemendur \u00fej\u00e1lfa sig \u00ed notkun fr\u00e6\u00f0ilegan or\u00f0afor\u00f0a. \u00deeir velja s\u00e9r efni sem tengist grein \u00e1 vi\u00f0komandi n\u00e1msbraut og sem \u00feeir hafa s\u00e9rstakan \u00e1huga \u00e1 og sem \u00feeir stefna m\u00f6gulega \u00e1 \u00ed framhaldsn\u00e1mi, \u00ed hugv\u00edsindum e\u00f0a n\u00e1tt\u00faruv\u00edsindum, og einbeita s\u00e9r a\u00f0 henni. Mikil \u00e1hersla er l\u00f6g\u00f0 \u00e1 a\u00f0 velja og vinna \u00far fr\u00e6\u00f0ilegum heimildum. Samhli\u00f0a \u00feessari vinnu eru lesin bresk b\u00f3kmenntaverk og verkefni unnin \u00ed tengslum vi\u00f0 \u00fea\u00f0.  \u00c1hersla er l\u00f6g\u00f0 \u00e1 sj\u00e1lfst\u00e6\u00f0 vinnubr\u00f6g\u00f0 og a\u00f0 nemendur \u00f6\u00f0list f\u00e6rni \u00ed a\u00f0 greina mismunandi t\u00edmabil b\u00f3kmenntas\u00f6gunnar \u00fat fr\u00e1 \u00feeim verkum sem lesin eru.  \u00c1fanginn er sni\u00f0inn s\u00e9rstaklega a\u00f0 hverri braut sk\u00f3lans og \u00fev\u00ed er \u00e1herslumunur \u00e1 \u00e1fanganum \u00e1 milli brauta.", "knowledge_goals": ["or\u00f0afor\u00f0a sem gerir honum kleift a\u00f0 skilja fr\u00e6\u00f0ilega texta", "a\u00f0al\u00fe\u00e1ttum \u00ed uppbyggingu ritger\u00f0a", "a\u00f0 velja s\u00e9r fr\u00e6\u00f0ilegar heimildir til ritunar ranns\u00f3knarritger\u00f0a", "undirst\u00f6\u00f0u heimildavinnu", "helstu a\u00f0fer\u00f0um til a\u00f0 skipuleggja og skrifa langa fr\u00e6\u00f0ilega ritger\u00f0 \u00e1 ensku", "fj\u00f6lbreyttum or\u00f0afor\u00f0a til a\u00f0 geta tj\u00e1\u00f0 sko\u00f0anir s\u00ednar og r\u00f6kstutt \u00fe\u00e6r \u00ed daglegu l\u00edfi og \u00ed tengslum vi\u00f0 s\u00e9rh\u00e6fingu", "s\u00e9rh\u00e6f\u00f0ri \u00feekkingu sem n\u00fdtist \u00ed starfi og til undirb\u00fanings fyrir frekara n\u00e1m", "or\u00f0afor\u00f0a og e\u00f0li erlends tungum\u00e1ls sem n\u00fdtist til frekara n\u00e1ms og \u00ed tengslum vi\u00f0 s\u00e9rh\u00e6fingu eftir \u00fev\u00ed sem \u00fe\u00f6rf er \u00e1"], "skills_goals": ["afla s\u00e9r or\u00f0afor\u00f0a sem tengist \u00e1kve\u00f0nu fr\u00e6\u00f0isvi\u00f0i", "afla s\u00e9r heimilda og vinna \u00far \u00feeim \u00e1 gagnr\u00fdninn h\u00e1tt", "vinna eftir skipul\u00f6g\u00f0u ferli vi\u00f0 ger\u00f0 heimildaritger\u00f0a", "halda kynningu \u00e1 verkefnum s\u00ednum \u00e1 ensku fyrir h\u00f3p \u00e1heyrenda", "tj\u00e1 sig \u00e1 sk\u00fdran, gagnr\u00fdninn og skapandi h\u00e1tt um s\u00e9rh\u00e6f\u00f0a \u00feekkingu s\u00edna", "skipuleggja vinnuferli, beita vi\u00f0eigandi t\u00e6kni og a\u00f0fer\u00f0um s\u00e9r\u00feekkingar \u00e1 \u00e1byrgan h\u00e1tt", "s\u00fdna frumkv\u00e6\u00f0i og sj\u00e1lfst\u00e6\u00f0i \u00ed vinnubr\u00f6g\u00f0um vi\u00f0 a\u00f0 leita lausna innan vi\u00f0komandi s\u00e9rsvi\u00f0s"], "credits": 5, "last_modified": 1425291316.231274, "schools": ["512351988caa45ed97015b44"], "coauthors": null, "instructions": "", "continued_education": false, "level": 3, "prerequisites": "ENSK2AO05", "author": "6ea856f5-9f60-4d4f-a95e-aa9dbcc89d01", "abbreviation_version": null, "competence_goals": [["fylgja \u00f6llum reglum um ger\u00f0 fr\u00e6\u00f0ilegra ritger\u00f0a, s.s. n\u00fdtingu heimilda og fjalla um \u00fe\u00e6r \u00e1 gagnr\u00fdninn h\u00e1tt", ""], ["setja fram gagnr\u00fdna sko\u00f0un \u00e1 v\u00f6ldu efni", ""], ["n\u00fdta s\u00e9r or\u00f0afor\u00f0a sem tengist n\u00e1msefni \u00ed greininni", ""], ["skrifa lipra ritger\u00f0", ""], ["gera grein fyrir efni ranns\u00f3knarritger\u00f0ar \u00ed kynningu fyrir hlustendur sem eru ekki kunnugir efninu", ""], ["tj\u00e1 sig \u00e1 ensku \u00ed tengslum vi\u00f0 n\u00e1m sitt, st\u00f6rf og hugsanlegt frekara n\u00e1m", ""], ["axla \u00e1byrg\u00f0 gagnvart starfsumhverfi og hagn\u00fdtingu almennrar \u00feekkingar sinnar", ""], ["n\u00fdta \u00feekkingu s\u00edna til a\u00f0 greina n\u00fd t\u00e6kif\u00e6ri \u00ed umhverfinu", ""], ["meta eigi\u00f0 vinnuframlag", ""], ["sj\u00e1 menntun s\u00edna \u00e1 al\u00fej\u00f3\u00f0legu samhengi", ""], ["tengja \u00feekkingu s\u00edna og leikni vi\u00f0 t\u00e6kni og v\u00edsindi", ""]], "_id": "54f4383462933a1936001ff6"}, {"exemplary": null, "topics": "Vistfr\u00e6\u00f0i me\u00f0 \u00e1herslu \u00e1 umhverfi nemenda \u00ed v\u00ed\u00f0u samhengi", "abbreviation": "L\u00cdFF1UF04", "former_schools": null, "subject": "l\u00edffr\u00e6\u00f0i", "title": "Umhverfis \u2013 og vistfr\u00e6\u00f0i", "version": 8, "status_trans": "Sam\u00feykkt af sk\u00f3la", "embedded_subject": {"abbreviation": "L\u00cdFF", "topics": [{"abbreviation": "MA", "topics": ["ma\u00f0urinn"]}, {"abbreviation": "LR", "topics": ["l\u00edfr\u00edki\u00f0"]}, {"abbreviation": "LE", "topics": ["l\u00edfe\u00f0lisfr\u00e6\u00f0i"]}, {"abbreviation": "LL", "topics": ["l\u00edfe\u00f0lisfr\u00e6\u00f0i", "l\u00edff\u00e6rafr\u00e6\u00f0i"]}, {"abbreviation": "EF", "topics": ["erf\u00f0afr\u00e6\u00f0i"]}, {"abbreviation": "VF", "topics": ["vistfr\u00e6\u00f0i"]}, {"abbreviation": "GR", "topics": ["grunn\u00e1fangi \u00ed l\u00edffr\u00e6\u00f0i fyrir n\u00e1tt\u00faruv\u00edsindabraut"]}, {"abbreviation": "GF", "topics": ["grunn\u00e1fangi \u00ed l\u00edffr\u00e6\u00f0i fyrir hug- og f\u00e9lagsv\u00edsindabraut"]}, {"abbreviation": "VE", "topics": ["verkefnal\u00edffr\u00e6\u00f0i"]}, {"abbreviation": "VI", "topics": ["vistfr\u00e6\u00f0in"]}, {"abbreviation": "L\u00cd", "topics": ["l\u00edfe\u00f0lisfr\u00e6\u00f0in"]}, {"abbreviation": "ER", "topics": ["erf\u00f0afr\u00e6\u00f0in"]}, {"abbreviation": "AT", "topics": ["atferlisfr\u00e6\u00f0i"]}, {"abbreviation": "\u00d6R", "topics": ["\u00f6rverufr\u00e6\u00f0i"]}, {"abbreviation": "AL", "topics": ["almenn l\u00edffr\u00e6\u00f0i"]}, {"abbreviation": "LV", "topics": ["lokaverkefni"]}, {"abbreviation": "HE", "topics": ["heilsa mannsins"]}, {"abbreviation": "FR", "topics": ["frumul\u00edffr\u00e6\u00f0i og erf\u00f0afr\u00e6\u00f0i"]}, {"abbreviation": "EL", "topics": ["almenn l\u00edffr\u00e6\u00f0i", "eiginleikar l\u00edfvera"]}, {"abbreviation": "\u00cdS", "topics": ["l\u00edfr\u00edki \u00edslands"]}, {"abbreviation": "VB", "topics": ["bein", "hreyfingarfr\u00e6\u00f0i", "l\u00edff\u00e6rafr\u00e6\u00f0i", "v\u00f6\u00f0var"]}, {"abbreviation": "L\u00de", "topics": ["l\u00edfe\u00f0lisfr\u00e6\u00f0i", "\u00fej\u00e1lffr\u00e6\u00f0i"]}, {"abbreviation": "FA", "topics": ["almenn l\u00edffr\u00e6\u00f0i", "flokkunarfr\u00e6\u00f0i", "frumul\u00edffr\u00e6\u00f0i"]}, {"abbreviation": "VV", "topics": ["Vistfr\u00e6\u00f0i", "vettvangsfer\u00f0ir"]}, {"abbreviation": "LF", "topics": ["L\u00edff\u00e6ri og l\u00edffe\u00f0lisfr\u00e6\u00f0i"]}, {"abbreviation": "UM", "topics": ["Umhverfisfr\u00e6\u00f0i"]}, {"abbreviation": "L\u00c6", "topics": ["l\u00edff\u00e6ra og l\u00edfe\u00f0lisfr\u00e6\u00f0i"]}, {"abbreviation": "GL", "topics": ["Grunn\u00e1fangi \u00ed L\u00edffr\u00e6\u00f0i"]}, {"abbreviation": "VU", "topics": ["vist- og umhverfisfr\u00e6\u00f0i"]}, {"abbreviation": "GD", "topics": ["Grunn\u00e1fangi \u00ed d\u00fdrafr\u00e6\u00f0i", "pl\u00f6ntufr\u00e6\u00f0i"]}, {"abbreviation": "FE", "topics": ["Frumur", "l\u00edkaminn og erf\u00f0ir"]}, {"abbreviation": "UV", "topics": ["Vist-og umhverfisfr\u00e6\u00f0i"]}, {"abbreviation": "LM", "topics": ["L\u00edffr\u00e6\u00f0i mannsins", "efnaskipti og l\u00edff\u00e6rakerfi", "frumur"]}, {"abbreviation": "E\u00de", "topics": ["Erf\u00f0afr\u00e6\u00f0i og \u00fer\u00f3unarfr\u00e6\u00f0i"]}, {"abbreviation": "FL", "topics": ["flokkunarfr\u00e6\u00f0i"]}, {"abbreviation": "ST", "topics": ["Stj\u00f6rnul\u00edfffr\u00e6\u00f0i"]}, {"abbreviation": "V\u00cd", "topics": ["V\u00edsindaleg a\u00f0fer\u00f0 - verkefnal\u00edffr\u00e6\u00f0i"]}, {"abbreviation": "PD", "topics": ["almenn l\u00edffr\u00e6\u00f0i", "d\u00fdr", "pl\u00f6ntur", "\u00f6rverur"]}, {"abbreviation": "AA", "topics": ["Almenn l\u00edffr\u00e6\u00f0i"]}, {"abbreviation": "BB", "topics": ["Almenn l\u00edfe\u00f0lisfr\u00e6\u00f0i"]}, {"abbreviation": "AH", "topics": ["Almenn l\u00edffr\u00e6\u00f0i - hra\u00f0fer\u00f0"]}, {"abbreviation": "BA", "topics": ["Atferlisfr\u00e6\u00f0i"]}, {"abbreviation": "BV", "topics": ["Vistfr\u00e6\u00f0i"]}, {"abbreviation": "CE", "topics": ["Erf\u00f0afr\u00e6\u00f0i"]}, {"abbreviation": "CL", "topics": ["L\u00edff\u00e6ra- og l\u00edfe\u00f0lisfr\u00e6\u00f0i"]}, {"abbreviation": "C\u00d6", "topics": ["\u00d6rverufr\u00e6\u00f0i"]}, {"abbreviation": "DL", "topics": ["L\u00edff\u00e6ra og l\u00edfe\u00f0lisfr\u00e6\u00f0i"]}, {"abbreviation": "DV", "topics": ["Verkefna\u00e1fangi"]}, {"abbreviation": "BU", "topics": ["Umhverfisfr\u00e6\u00f0i."]}, {"abbreviation": "AG", "topics": ["Almenn l\u00edffr\u00e6\u00f0i", "grunn\u00e1fangi \u00e1 n\u00e1tt\u00farufr\u00e6\u00f0ibraut"]}, {"abbreviation": "XY", "topics": ["L\u00edffr\u00e6\u00f0i"]}, {"abbreviation": "LA", "topics": ["Almenn", "l\u00edffr\u00e6\u00f0i"]}, {"abbreviation": "VL", "topics": ["Verkefnal\u00edffr\u00e6\u00f0i"]}, {"abbreviation": "RI", "topics": ["Sj\u00e1lfst\u00e6tt ranns\u00f3knaverkefni \u00ed l\u00edffr\u00e6\u00f0i", "val\u00e1fangi \u00e1 n\u00e1tt\u00farufr\u00e6\u00f0ibraut"]}, {"abbreviation": "D\u00dd", "topics": ["D\u00fdrafr\u00e6\u00f0i", "val\u00e1fangi \u00e1 n\u00e1tt\u00farufr\u00e6\u00f0ibraut"]}, {"abbreviation": "VS", "topics": ["V\u00edsindask\u00e1ldskapur"]}, {"abbreviation": "LK", "topics": ["l\u00edff\u00e6rakerfi mannsins", "l\u00edkamsstarfssemi"]}, {"abbreviation": "SE", "topics": ["breytingar \u00e1 erf\u00f0aefni", "pr\u00f3teinmyndun", "sameindaerf\u00f0afr\u00e6\u00f0i"]}, {"abbreviation": "N\u00c6", "topics": ["aukefni", "n\u00e6ringar\u00fearfir", "orku- og n\u00e6ringarefni"]}, {"abbreviation": "B\u00d6", "topics": ["bakter\u00edur", "helstu vinnubr\u00f6g\u00f0", "\u00f6rverur almennt"]}, {"abbreviation": "LO", "topics": ["Grunn\u00e1fangi \u00ed l\u00edffr\u00e6\u00f0i fyrir opna st\u00fadentsbraut og f\u00e9lagsfr\u00e6\u00f0abraut"]}, {"abbreviation": "UF", "topics": ["Vistfr\u00e6\u00f0i me\u00f0 \u00e1herslu \u00e1 umhverfi nemenda \u00ed v\u00ed\u00f0u samhengi"]}], "_id": "50c0a02dd8e40575f7f6f4ca", "subjects": ["l\u00edffr\u00e6\u00f0i"], "counter": {"1": 6, "3": 12, "2": 20, "4": 0}}, "evaluation": "Verkefni, sk\u00fdrslur og pr\u00f3f", "categorization_suggestion": "", "embedded_topics": {"abbreviation": "UF", "topics": ["Vistfr\u00e6\u00f0i me\u00f0 \u00e1herslu \u00e1 umhverfi nemenda \u00ed v\u00ed\u00f0u samhengi"]}, "status": "approved by school", "description": "Markmi\u00f0 \u00e1fangans er a\u00f0 gera nemendur me\u00f0vita\u00f0a um umhverfi sitt og \u00e1byrga samf\u00e9lags\u00feegna m.t.t. sj\u00e1lfb\u00e6rni. Fjalla\u00f0 er m.a. um grunnhugt\u00f6k vistfr\u00e6\u00f0innar, hringr\u00e1sir orku og efna \u00ed vistkerfum jar\u00f0ar, f\u00f3lksfj\u00f6lgun og \u00f6nnur vandam\u00e1l sem herja \u00e1 j\u00f6r\u00f0ina, og ennfremur lei\u00f0ir til \u00farb\u00f3ta.   ", "knowledge_goals": ["v\u00edsindalegum vinnubr\u00f6g\u00f0um", "grunnhugt\u00f6kum vistfr\u00e6\u00f0innar", "hringr\u00e1sum orku og efna \u00ed vistkerfum jar\u00f0ar", "f\u00f3lksfj\u00f6lgunarvandam\u00e1lum heimsins", "\u00e1hrifum mannsins \u00e1 umhverfi sitt", "\u00fej\u00f3nustu vistkerfa", "lei\u00f0um til sj\u00e1lfb\u00e6rs umhverfis"], "skills_goals": ["flokka heimilissorp til endurvinnslu", "\u00feekkja l\u00edfr\u00edki n\u00e6rumhverfis s\u00edns", "framkv\u00e6ma einfaldar ranns\u00f3knir me\u00f0 v\u00edsindalegum vinnubr\u00f6g\u00f0um", "skrifa sk\u00fdrslur og t\u00falka ni\u00f0urst\u00f6\u00f0ur ranns\u00f3kna", "lesa v\u00edsindagreinar og fr\u00e6\u00f0ib\u00e6kur og n\u00fdta uppl\u00fdsingat\u00e6kni s\u00e9r til gagns"], "credits": 4, "last_modified": 1425306643.414288, "schools": ["512351988caa45ed97015b44"], "coauthors": null, "instructions": "", "continued_education": false, "level": 1, "prerequisites": "Engar", "author": "6ea856f5-9f60-4d4f-a95e-aa9dbcc89d01", "abbreviation_version": null, "competence_goals": [["b\u00faa yfir or\u00f0afor\u00f0a og skilningi til a\u00f0 taka \u00fe\u00e1tt \u00ed almennri umr\u00e6\u00f0u um umhverfi sitt", ""], ["geta mynda\u00f0 s\u00e9r sko\u00f0un \u00e1 vir\u00f0i vistkerfa og verndun \u00feeirra", ""], ["yfirf\u00e6rt \u00feessa v\u00edsindalegu \u00feekkingu og leikni \u00e1 a\u00f0rar n\u00e1msgreinar", ""]], "_id": "54f4741362933a3c22000057"}, {"exemplary": null, "topics": "t\u00f6lfr\u00e6\u00f0i", "abbreviation": "ST\u00c6R2UT03", "former_schools": null, "subject": "st\u00e6r\u00f0fr\u00e6\u00f0i", "title": "Undirst\u00f6\u00f0uatri\u00f0i t\u00f6lfr\u00e6\u00f0i", "version": 85, "status_trans": "Sam\u00feykkt af sk\u00f3la", "embedded_subject": {"abbreviation": "ST\u00c6R", "topics": [{"abbreviation": "FN", "topics": ["fylkjareikningur", "l\u00ednuleg bestun", "netafr\u00e6\u00f0i"]}, {"abbreviation": "HR", "topics": ["heildun", "ra\u00f0ir", "runur", "r\u00famm\u00e1l sn\u00fa\u00f0s"]}, {"abbreviation": "DF", "topics": ["deildun", "f\u00f6ll", "markgildi"]}, {"abbreviation": "TD", "topics": ["deildaj\u00f6fnur", "tvinnt\u00f6lur"]}, {"abbreviation": "HV", "topics": ["hornaf\u00f6ll", "vigrar"]}, {"abbreviation": "T\u00c1", "topics": ["t\u00f6lfr\u00e6\u00f0i", "\u00e1lyktunart\u00f6lfr\u00e6\u00f0i"]}, {"abbreviation": "LT", "topics": ["l\u00edkindareikningur", "talningafr\u00e6\u00f0i", "t\u00f6lfr\u00e6\u00f0i"]}, {"abbreviation": "AT", "topics": ["algebra", "j\u00f6fnur", "talnafr\u00e6\u00f0i"]}, {"abbreviation": "AF", "topics": ["algebra", "f\u00f6ll", "gr\u00f6f"]}, {"abbreviation": "HM", "topics": ["h\u00e1t\u00ed\u00f0isdagar", "merkisdagar"]}, {"abbreviation": "GS", "topics": ["grunna\u00f0ger\u00f0ir"]}, {"abbreviation": "VG", "topics": ["grunna\u00f0ger\u00f0ir", "ver\u00f0\u00fatreikningar"]}, {"abbreviation": "MU", "topics": ["m\u00e6lieiningar", "uppskriftir"]}, {"abbreviation": "HP", "topics": ["heimilisinnkaup"]}, {"abbreviation": "RD", "topics": ["d\u00e6mareikningur", "r\u00f6khugsun"]}, {"abbreviation": "VK", "topics": ["keilusni\u00f0", "vigrar"]}, {"abbreviation": "AL", "topics": ["algebra"]}, {"abbreviation": "HA", "topics": ["hagn\u00fdt st\u00e6r\u00f0fr\u00e6\u00f0i daglegs l\u00edfs"]}, {"abbreviation": "AX", "topics": ["f\u00f6ll og deildun"]}, {"abbreviation": "AN", "topics": ["hornafr\u00e6\u00f0i", "keilusni\u00f0", "vigrar"]}, {"abbreviation": "CT", "topics": ["t\u00f6lfr\u00e6\u00f0i og l\u00edkindafr\u00e6\u00f0i"]}, {"abbreviation": "BR", "topics": ["klass\u00edsk r\u00famfr\u00e6\u00f0i"]}, {"abbreviation": "BH", "topics": ["algebra", "b", "h", "margli\u00f0ur og fleygbogar"]}, {"abbreviation": "GN", "topics": ["grunn\u00e1fangi \u00e1 n\u00e1tt\u00faruv\u00edsindabraut"]}, {"abbreviation": "LH", "topics": ["hornaf\u00f6ll og vigrar o.fl.", "lotubundin f\u00f6ll"]}, {"abbreviation": "FH", "topics": ["grunn\u00e1fangi \u00e1 f\u00e9lags- og hugv\u00edsindabraut"]}, {"abbreviation": "T\u00d6", "topics": ["undirst\u00f6\u00f0uatri\u00f0i t\u00f6lfr\u00e6\u00f0i"]}, {"abbreviation": "VH", "topics": ["hornf\u00f6ll", "vigrar o.fl."]}, {"abbreviation": "FD", "topics": ["algengustu f\u00f6ll", "deildun \u00feeirra og helstu eiginleikar"]}, {"abbreviation": "\u00deR", "topics": ["\u00fer\u00edv\u00ed\u00f0 r\u00famfr\u00e6\u00f0i"]}, {"abbreviation": "SS", "topics": ["strj\u00e1l st\u00e6r\u00f0fr\u00e6\u00f0i"]}, {"abbreviation": "TF", "topics": ["\u00e1lyktunart\u00f6lfr\u00e6\u00f0i"]}, {"abbreviation": "UA", "topics": ["a", "upprifjun"]}, {"abbreviation": "UB", "topics": ["b", "undirb\u00faningur"]}, {"abbreviation": "HS", "topics": ["hagn\u00fdt", "st\u00e6r\u00f0fr\u00e6\u00f0i"]}, {"abbreviation": "TS", "topics": ["st\u00e6r\u00f0fr\u00e6\u00f0i", "t\u00f6luleg"]}, {"abbreviation": "AJ", "topics": ["algebra", "j\u00f6fnur"]}, {"abbreviation": "FJ", "topics": ["f\u00f6ll", "j\u00f6fnur"]}, {"abbreviation": "TL", "topics": ["l\u00edkindareikningur", "t\u00f6lfr\u00e6\u00f0i"]}, {"abbreviation": "DH", "topics": ["deildarj\u00f6fnur", "heildi"]}, {"abbreviation": "FA", "topics": ["aflei\u00f0ur", "ferlaranns\u00f3knir"]}, {"abbreviation": "RT", "topics": ["ranns\u00f3knir", "t\u00f6lfr\u00e6\u00f0i"]}, {"abbreviation": "Y\u00c1", "topics": ["yfirlit", "\u00e1fangi"]}, {"abbreviation": "SG", "topics": ["greining", "st\u00e6r\u00f0fr\u00e6\u00f0i"]}, {"abbreviation": "GR", "topics": ["grunn\u00e1fangi \u00ed st\u00e6r\u00f0fr\u00e6\u00f0i"]}, {"abbreviation": "MF", "topics": ["f\u00f6ll", "margli\u00f0ur"]}, {"abbreviation": "HO", "topics": ["hornafr\u00e6\u00f0i", "vigrar"]}, {"abbreviation": "DM", "topics": ["deildun", "markgildi"]}, {"abbreviation": "RH", "topics": ["heildun", "ra\u00f0ir", "runur"]}, {"abbreviation": "FT", "topics": ["brei\u00f0bogaf\u00f6ll", "fylkjareikningur", "tvinnt\u00f6lur"]}, {"abbreviation": "D\u00c6", "topics": ["d\u00e6gurd\u00e6mi"]}, {"abbreviation": "R\u00da", "topics": ["r\u00famfr\u00e6\u00f0i", "\u00fer\u00edv\u00eddd"]}, {"abbreviation": "D\u00d3", "topics": ["deildi", "\u00f3bein deildun. heildi og heildunara\u00f0fer\u00f0ir. fyrsta stigs deildaj\u00f6fnur."]}, {"abbreviation": "HT", "topics": ["2. stigs diffurj\u00f6fnur . runur og ra\u00f0ir", "hagn\u00fdting heildareiknings", "samleitnipr\u00f3f.", "tvinnt\u00f6lur"]}, {"abbreviation": "AG", "topics": ["r\u00famfr\u00e6\u00f0i", "t\u00f6lur og algebra"]}, {"abbreviation": "UN", "topics": ["undirb\u00fanings\u00e1fangi \u00ed st\u00e6r\u00f0fr\u00e6\u00f0i"]}, {"abbreviation": "FS", "topics": ["f\u00f6ll og r\u00f6kfr\u00e6\u00f0i", "st\u00e6r\u00f0fr\u00e6\u00f0i \u2013 talnafr\u00e6\u00f0i"]}, {"abbreviation": "L\u00c6", "topics": ["l\u00edkindafr\u00e6\u00f0i og fj\u00e1rm\u00e1lal\u00e6si", "t\u00f6lfr\u00e6\u00f0i"]}, {"abbreviation": "LE", "topics": ["t\u00f6lvugraf\u00edk og t\u00f6lvuleikir"]}, {"abbreviation": "BN", "topics": ["algebra", "b", "margli\u00f0ur og fleygbogar", "n"]}, {"abbreviation": "BX", "topics": ["algebra", "b", "fleygbogar", "lograr", "x"]}, {"abbreviation": "AH", "topics": ["algebra", "f\u00f6ll", "hornafr\u00e6\u00f0i", "margli\u00f0ur", "mengi"]}, {"abbreviation": "AR", "topics": ["algebra", "r\u00famfr\u00e6\u00f0i"]}, {"abbreviation": "JM", "topics": ["t\u00f6lur mengi  j\u00f6fnur r\u00f6kfr\u00e6\u00f0i talningarfr\u00e6\u00f0i"]}, {"abbreviation": "VI", "topics": ["vigrar hornaf\u00f6ll f\u00f6ll"]}, {"abbreviation": "DR", "topics": ["deildarj\u00f6fnu", "heildun", "runur og ra\u00f0ir"]}, {"abbreviation": "DE", "topics": ["deildun"]}, {"abbreviation": "HD", "topics": ["deildaj\u00f6fnun", "heildun", "ra\u00f0ir", "runur"]}, {"abbreviation": "HE", "topics": ["1.stigs deildarj\u00f6fnur.", "heildun", "runur og ra\u00f0ir"]}, {"abbreviation": "RF", "topics": ["r\u00famfr\u00e6\u00f0i"]}, {"abbreviation": "FO", "topics": ["forn\u00e1ms\u00e1fangi"]}, {"abbreviation": "AP", "topics": ["algengar reiknia\u00f0ger\u00f0ir", "peningar og m\u00e6lieiningar", "t\u00edmat\u00e1kn"]}, {"abbreviation": "SF", "topics": ["Forn\u00e1m \u00ed st\u00e6r\u00f0fr\u00e6\u00f0i"]}, {"abbreviation": "BB", "topics": ["Forn\u00e1m 2"]}, {"abbreviation": "RA", "topics": ["Algebra", "f\u00f6ll", "r\u00famfr\u00e6\u00f0i", "t\u00f6lfr\u00e6\u00f0i"]}, {"abbreviation": "L\u00c1", "topics": ["l\u00fdsandi t\u00f6lfr\u00e6\u00f0i", "t\u00f6flureiknir", "\u00e1lyktunart\u00f6lfr\u00e6\u00f0i"]}, {"abbreviation": "TJ", "topics": ["Almennur talnareikningur", "form\u00falur", "j\u00f6fnur", "pr\u00f3sentur"]}, {"abbreviation": "JH", "topics": ["J\u00f6fnur", "hlutf\u00f6ll", "hnitakerfi\u00f0", "talname\u00f0fer\u00f0"]}, {"abbreviation": "RV", "topics": ["hornafr\u00e6\u00f0i \u00fer\u00edhyrnings", "hornaf\u00f6ll", "vigrar"]}, {"abbreviation": "DT", "topics": ["deildaj\u00f6fnur", "heildi", "samleitni", "tvinnt\u00f6lur"]}, {"abbreviation": "DS", "topics": ["deildaj\u00f6fnur", "samleitni", "tvinnt\u00f6lur"]}, {"abbreviation": "\u00deV", "topics": ["keilusni\u00f0", "vigrar", "\u00fer\u00edv\u00ed\u00f0 r\u00famfr\u00e6\u00f0i"]}, {"abbreviation": "FG", "topics": ["algebra", "f\u00f6ll", "gr\u00f6f", "veldi og r\u00e6tur"]}, {"abbreviation": "CX", "topics": ["f\u00f6ll og deildun fyri M\u00c1L og F\u00c9L"]}, {"abbreviation": "A\u00de", "topics": ["a", "\u00ferautalausnir"]}, {"abbreviation": "C\u00de", "topics": ["\u00derautalausnir"]}, {"abbreviation": "DN", "topics": ["algebra", "margli\u00f0ur og fleygbogar"]}, {"abbreviation": "UT", "topics": ["t\u00f6lfr\u00e6\u00f0i"]}, {"abbreviation": "OJ", "topics": ["t\u00f6lugildi og j\u00f6fnuhneppi", "\u00f3j\u00f6fnur"]}, {"abbreviation": "RG", "topics": ["R\u00famfr\u00e6\u00f0i me\u00f0 GeoGebru"]}, {"abbreviation": "HG", "topics": ["hagn\u00fdt st\u00e6r\u00f0fr\u00e6\u00f0i"]}, {"abbreviation": "AA", "topics": ["algengar reiknia\u00f0ger\u00f0ir"]}, {"abbreviation": "HL", "topics": ["Heildun"]}, {"abbreviation": "FM", "topics": ["F\u00f6ll", "markgildi og deildun algengustu falla"]}, {"abbreviation": "SH", "topics": ["St\u00e6r\u00f0fr\u00e6\u00f0igreining", "deildaj\u00f6fnur", "heildun", "runur og ra\u00f0ir"]}, {"abbreviation": "MA", "topics": ["Mengi", "algebra"]}, {"abbreviation": "HK", "topics": ["Hornaf\u00f6ll", "keilusni\u00f0", "vigrar"]}, {"abbreviation": "RM", "topics": ["R\u00famfr\u00e6\u00f0i"]}, {"abbreviation": "AB", "topics": ["almenn brot"]}, {"abbreviation": "RR", "topics": ["Hagn\u00fdting heildareiknings", "runur og ra\u00f0ir"]}, {"abbreviation": "HB", "topics": ["Hnit og b\u00f3kstafareikningur"]}, {"abbreviation": "RU", "topics": ["R\u00famfr\u00e6\u00f0i og hornaf\u00f6ll"]}, {"abbreviation": "VJ", "topics": ["Veldi og j\u00f6fnur"]}, {"abbreviation": "GA", "topics": ["Grunna\u00f0ger\u00f0ir algebru"]}, {"abbreviation": "AD", "topics": ["algebra", "brot", "hlutfallareikningur"]}, {"abbreviation": "B\u00c1", "topics": ["Br\u00faar\u00e1fangi"]}, {"abbreviation": "SB", "topics": ["St\u00e6r\u00f0fr\u00e6\u00f0ibr\u00fa"]}, {"abbreviation": "SL", "topics": ["St\u00e6r\u00f0fr\u00e6\u00f0il\u00edk\u00f6n"]}, {"abbreviation": "ST", "topics": ["St\u00e6r\u00f0fr\u00e6\u00f0igrunnur", "f\u00f6ll og  hnitakerfi", "j\u00f6fnur", "r\u00famfr\u00e6\u00f0i"]}, {"abbreviation": "MV", "topics": ["Mengi", "hornaf\u00f6ll", "talningarfr\u00e6\u00f0i", "vigrar og keilusni\u00f0"]}, {"abbreviation": "FF", "topics": ["F\u00f6ll og ferlar"]}, {"abbreviation": "MD", "topics": ["F\u00f6ll", "margli\u00f0udeiling", "markgildi og deildun algengustu falla"]}, {"abbreviation": "SR", "topics": ["St\u00e6r\u00f0fr\u00e6\u00f0igreining", "fylkjareikningur", "heildun", "l\u00ednuleg bestun", "runur og ra\u00f0ir", "\u00ferepasannanir og margv\u00ed\u00f0 f\u00f6ll"]}, {"abbreviation": "HN", "topics": ["hnitakerfi"]}, {"abbreviation": "JF", "topics": ["f\u00f6ll", "j\u00f6fnur og \u00f3j\u00f6fnur", "l\u00edkindareikningur og t\u00f6lfr\u00e6\u00f0i", "rauntalnakerfi"]}, {"abbreviation": "LF", "topics": ["F\u00f6ll og ferlar - l\u00ednur og fleygbogar"]}, {"abbreviation": "R\u00d6", "topics": ["R\u00f6k og mengi"]}, {"abbreviation": "F\u00d6", "topics": ["F\u00f6ll", "ferlar", "fleygbogar", "keilusni\u00f0 og hornaf\u00f6ll", "l\u00ednur"]}, {"abbreviation": "MG", "topics": ["Markgildi og aflei\u00f0ur"]}, {"abbreviation": "JR", "topics": ["AJ", "BR"]}, {"abbreviation": "PV", "topics": ["aflei\u00f0ur", "lograr", "pr\u00f3sentur", "vaxtareikningur"]}, {"abbreviation": "FV", "topics": ["Heildun falla", "flatarm\u00e1l og r\u00famm\u00e1l"]}, {"abbreviation": "VS", "topics": ["Vi\u00f0skipta st\u00e6r\u00f0fr\u00e6\u00f0i"]}, {"abbreviation": "BT", "topics": ["B\u00f3kstafareikningur og talnal\u00e6si"]}, {"abbreviation": "XY", "topics": ["Algebra", "hnitakerfi\u00f0", "hornaf\u00f6ll.", "r\u00famfr\u00e6\u00f0i"]}, {"abbreviation": "XZ", "topics": ["Algebra", "hnitakerfi\u00f0", "hornaf\u00f6ll.", "j\u00f6fnur", "r\u00famfr\u00e6\u00f0i"]}, {"abbreviation": "TV", "topics": ["T\u00f6lfr\u00e6\u00f0i", "talningar", "vi\u00f0skipti."]}, {"abbreviation": "\u00c1T", "topics": ["T\u00f6lfr\u00e6\u00f0i", "\u00e1lyktunart\u00f6lfr\u00e6\u00f0i"]}, {"abbreviation": "TT", "topics": ["Algebra", "talningafr\u00e6\u00f0i", "t\u00f6lfr\u00e6\u00f0i og l\u00edkindareikningur"]}, {"abbreviation": "GH", "topics": ["algebra", "forgangsr\u00f6\u00f0 a\u00f0ger\u00f0a", "hnitakerfi"]}, {"abbreviation": "SI", "topics": ["St\u00e6r\u00f0fr\u00e6\u00f0i 1 \u00e1 starfsbraut"]}, {"abbreviation": "SJ", "topics": ["St\u00e6r\u00f0fr\u00e6\u00f0i 2 \u00e1 starfsbraut"]}, {"abbreviation": "SK", "topics": ["St\u00e6r\u00f0fr\u00e6\u00f0i 3 \u00e1 starfsbraut"]}, {"abbreviation": "GF", "topics": ["Grunn\u00e1fangi \u00ed st\u00e6r\u00f0fr\u00e6\u00f0i \u00e1 f\u00e9lagsv\u00edsindabraut"]}, {"abbreviation": "G\u00c1", "topics": ["Grunn\u00e1fangi \u00ed st\u00e6r\u00f0fr\u00e6\u00f0i \u00e1 n\u00e1tt\u00faruv\u00edsindabraut"]}, {"abbreviation": "DD", "topics": ["D\u00e6gurd\u00e6mi"]}, {"abbreviation": "FL", "topics": ["ST\u00c6R"]}, {"abbreviation": "HH", "topics": ["Hlutf\u00f6ll", "hornaf\u00f6ll"]}, {"abbreviation": "DL", "topics": ["Peningar", "t\u00edmahugt\u00f6k", "ver\u00f0gildi"]}, {"abbreviation": "PI", "topics": ["Peningar", "innkaup", "ver\u00f0mi\u00f0ar"]}, {"abbreviation": "PH", "topics": ["Peningar", "heimilisb\u00f3khald", "tekjur og \u00fatgj\u00f6ld"]}, {"abbreviation": "PR", "topics": ["Pr\u00f3sentureikningur"]}, {"abbreviation": "TG", "topics": ["Talnagildi"]}, {"abbreviation": "MH", "topics": ["F\u00f6ll", "fleygbogar", "hornaf\u00f6ll", "margli\u00f0ur"]}, {"abbreviation": "VR", "topics": ["Vigrar", "r\u00famfr\u00e6\u00f0i"]}, {"abbreviation": "CQ", "topics": ["f\u00f6ll og deildun. Annar \u00e1fangi"]}, {"abbreviation": "JV", "topics": ["2. stigs j\u00f6fnur", "hnitakerfi\u00f0 og algebrubrot", "v\u00edsif\u00f6ll"]}, {"abbreviation": "HI", "topics": ["Heildun og deildarj\u00f6fnur"]}, {"abbreviation": "BQ", "topics": ["Algebra", "brot", "fleygbogar og lograr"]}, {"abbreviation": "CC", "topics": ["Vigrar og hornaf\u00f6ll"]}, {"abbreviation": "EE", "topics": ["Heildun", "diffurj\u00f6fnur", "runur og ra\u00f0ir"]}, {"abbreviation": "FU", "topics": ["Heildun", "tvinnt\u00f6lur og diffurj\u00f6fnur"]}, {"abbreviation": "ES", "topics": ["Strj\u00e1l st\u00e6r\u00f0fr\u00e6\u00f0i"]}, {"abbreviation": "EL", "topics": ["L\u00ednuleg algebra"]}, {"abbreviation": "AM", "topics": ["Algebra", "f\u00f6ll og mengi"]}, {"abbreviation": "P\u00de", "topics": ["lausn jafna", "pr\u00f3sentureikningur", "r\u00famfr\u00e6\u00f0i", "talnareikningur"]}, {"abbreviation": "MM", "topics": ["fleygbogar", "hnitakerfi\u00f0", "margli\u00f0ur", "mengi"]}, {"abbreviation": "\u00deA", "topics": ["algebra", "hlutf\u00f6ll", "veldi", "\u00fer\u00edhyrningar"]}, {"abbreviation": "VA", "topics": ["Vi\u00f0skiptareikningur"]}, {"abbreviation": "HJ", "topics": ["hnitakerfi", "j\u00f6fnur", "margli\u00f0ur"]}, {"abbreviation": "YM", "topics": ["fylkjareikningur", "hagn\u00fdting \u00e1 diffurreikningi", "tvinnt\u00f6lureikningar"]}, {"abbreviation": "BD", "topics": ["brei\u00f0bogaf\u00f6ll", "diffurj\u00f6fnur", "fylki"]}, {"abbreviation": "DV", "topics": ["Diffrun", "f\u00f6ll", "v\u00edsis- og lograf\u00f6ll"]}, {"abbreviation": "VD", "topics": ["diffrun", "vigrar"]}, {"abbreviation": "HF", "topics": ["diffurj\u00f6fnur", "fylgi", "heildun", "r\u00famfr\u00e6\u00f0i"]}, {"abbreviation": "MJ", "topics": ["2. stigs j\u00f6fnur og \u00f3j\u00f6fnur", "Mengjareikningur", "gr\u00f6f", "margli\u00f0ur og l\u00f3garitma.", "veldi og r\u00e6tur"]}, {"abbreviation": "ML", "topics": ["Mengi", "j\u00f6fnur", "l\u00f3garitmar.", "margli\u00f0ur"]}, {"abbreviation": "KV", "topics": ["Vigrar", "hnitar\u00famfr\u00e6\u00f0i og r\u00f6kfr\u00e6\u00f0i.", "hornaf\u00f6ll", "keilusni\u00f0"]}, {"abbreviation": "DI", "topics": ["Heildun", "diffurj\u00f6fnur."]}, {"abbreviation": "HU", "topics": ["Heildun", "ra\u00f0ir og diffurj\u00f6fnur", "runur"]}, {"abbreviation": "F\u00c9", "topics": ["grunn\u00e1fangi \u00e1 f\u00e9lagsv\u00edsindabraut"]}, {"abbreviation": "TR", "topics": ["diffurj\u00f6fnur", "fylki", "r\u00famfr\u00e6\u00f0i", "tegurreikningur", "tvinnt\u00f6lur"]}, {"abbreviation": "MS", "topics": ["Maclaurin-li\u00f0un og samleitni"]}, {"abbreviation": "TH", "topics": ["T\u00f6lfr\u00e6\u00f0i", "l\u00edkindi og tilg\u00e1tupr\u00f3fun"]}, {"abbreviation": "JG", "topics": ["ar\u00f0semi", "gengi", "jafngrei\u00f0slura\u00f0ir", "vaxtareikningur"]}, {"abbreviation": "IR", "topics": ["I\u00f0nreikningur"]}, {"abbreviation": "DA", "topics": ["F\u00f6ll", "deildun og v\u00edsis- og lograf\u00f6ll", "markgildi"]}, {"abbreviation": "DB", "topics": ["F\u00f6ll", "deildun", "markgildi", "v\u00edsis- og lograf\u00f6ll"]}, {"abbreviation": "L\u00cd", "topics": ["St\u00e6r\u00f0fr\u00e6\u00f0ileg l\u00edk\u00f6n fyrir hug- og f\u00e9lagsv\u00edsindagreinar"]}, {"abbreviation": "GT", "topics": ["T\u00f6lvuleikjast\u00e6r\u00f0fr\u00e6\u00f0i", "forritun og t\u00f6lvugraf\u00edk"]}, {"abbreviation": "MB", "topics": ["Mengi", "annars stigs j\u00f6fnur", "brot", "margli\u00f0ur og hnitar\u00famfr\u00e6\u00f0i"]}, {"abbreviation": "YS", "topics": ["Yfirlits\u00e1fangi \u00ed st\u00e6r\u00f0fr\u00e6\u00f0i"]}, {"abbreviation": "VF", "topics": ["Vi\u00f0skipti og f\u00f6ll"]}, {"abbreviation": "TP", "topics": ["T\u00f6lfr\u00e6\u00f0ipr\u00f3f"]}, {"abbreviation": "SD", "topics": ["St\u00e6r\u00f0fr\u00e6\u00f0i \u00ed daglega l\u00edfinu"]}], "_id": "50c0a02dd8e40575f7f6f490", "subjects": ["st\u00e6r\u00f0fr\u00e6\u00f0i"], "counter": {"1": 48, "3": 55, "2": 71, "4": 5}}, "evaluation": "Lokapr\u00f3f og annareinkunn", "categorization_suggestion": "", "embedded_topics": {"abbreviation": "UT", "topics": ["t\u00f6lfr\u00e6\u00f0i"]}, "status": "approved by school", "description": "Gagnas\u00f6fn, flokkun og einkennishugt\u00f6k um \u00feau. T\u00ed\u00f0ni, t\u00ed\u00f0nidreifing og myndrit. Dreifing og st\u00e6r\u00f0ir sem einkenna dreifingu gagnasafna. Helstu hugt\u00f6k var\u00f0andi talningu, l\u00edkindi og l\u00edkindadreifingu.", "knowledge_goals": ["helstu talningarreglum, algengum l\u00edkindareikningi og l\u00edkindadreifingum, s.s. tv\u00edkostadreifingu, normaldreifingu", "grundvallaratri\u00f0um t\u00f6lfr\u00e6\u00f0i, s.s. me\u00f0alt\u00f6lum, fylgni, dreifingum og fr\u00e1vikum"], "skills_goals": ["me\u00f0h\u00f6ndla t\u00f6lur og talnamengi", "nota reikniforrit vi\u00f0 t\u00f6lfr\u00e6\u00f0ilega \u00fatreikninga"], "credits": 3, "last_modified": 1428488207.935018, "schools": ["512351988caa45ed97015b44"], "coauthors": null, "instructions": "", "continued_education": false, "level": 2, "prerequisites": "Engar", "author": "6ea856f5-9f60-4d4f-a95e-aa9dbcc89d01", "abbreviation_version": null, "competence_goals": [["skr\u00e1 lausnir s\u00ednar skipulega, skiptast \u00e1 sko\u00f0unum vi\u00f0 a\u00f0ra um \u00fe\u00e6r og \u00fatsk\u00fdra hugmyndir s\u00ednar og verk skilmerkilega \u00e1 vi\u00f0eigandi h\u00e1tt", ""], ["\u00e1tta sig \u00e1 tengslum \u00f3l\u00edkra a\u00f0fer\u00f0a vi\u00f0 framsetningu st\u00e6r\u00f0fr\u00e6\u00f0ilegra hugmynda og vi\u00f0fangsefna", ""], ["skilja merkingu og tengsl hugtaka \u00ed n\u00e1msefninu og vinna me\u00f0 \u00feau", ""], ["geta fylgt og skili\u00f0 r\u00f6ksemdir og r\u00f6ksamhengi \u00ed m\u00e6ltu m\u00e1li og texta", ""], ["beita skipulegum a\u00f0fer\u00f0um vi\u00f0 a\u00f0 leysa \u00far vi\u00f0fangsefnum og \u00ferautum, s. s. \u00fat fr\u00e1 \u00feekkingu \u00e1 lausnum svipa\u00f0ra \u00ferauta, unni\u00f0 til baka fr\u00e1 \u00feekktum st\u00e6r\u00f0um e\u00f0a me\u00f0 \u00fev\u00ed a\u00f0 setja upp j\u00f6fnur", ""], ["leggja mat \u00e1 hvort ni\u00f0urst\u00f6\u00f0ur reikninga og athugana s\u00e9u \u00ed samr\u00e6mi vi\u00f0 vi\u00f0fangsefni\u00f0", ""]], "_id": "5525000f62933a4692005994"}, {"exemplary": null, "topics": "19. \u2013 21. aldar, einkum mannskynss\u00f6gu, valdir \u00fe\u00e6ttir \u00far s\u00f6gu", "abbreviation": "SAGA2MN05", "former_schools": null, "subject": "saga", "title": "Valdir \u00fe\u00e6ttir \u00far s\u00f6gu, einkum mannkynss\u00f6gu, 19. \u2013 21. aldar", "version": 38, "status_trans": "Sam\u00feykkt af sk\u00f3la", "embedded_subject": {"abbreviation": "SAGA", "topics": [{"abbreviation": "AK", "topics": ["almenn kynning"]}, {"abbreviation": "MS", "topics": ["mannkynssaga"]}, {"abbreviation": "MH", "topics": ["menningarsaga"]}, {"abbreviation": "ST", "topics": ["samt\u00edmasaga"]}, {"abbreviation": "LS", "topics": ["listasaga"]}, {"abbreviation": "MU", "topics": ["\u00fe\u00e6ttir \u00far mannkynss\u00f6gu fr\u00e1 upphafi mannsins til n\u00fdaldar"]}, {"abbreviation": "RS", "topics": ["rokksaga"]}, {"abbreviation": "MN", "topics": ["19. \u2013 21. aldar", "einkum mannskynss\u00f6gu", "valdir \u00fe\u00e6ttir \u00far s\u00f6gu"]}, {"abbreviation": "\u00c1S", "topics": ["\u00e1takasv\u00e6\u00f0i \u00ed heiminum"]}, {"abbreviation": "\u00cdS", "topics": ["\u00edsland og umheimurinn fr\u00e1 l\u00fd\u00f0veldisstofnun til l\u00ed\u00f0andi stundar."]}, {"abbreviation": "KA", "topics": ["land", "r\u00edki: k\u00edna og su\u00f0austur-as\u00eda", "sv\u00e6\u00f0i"]}, {"abbreviation": "\u00cdM", "topics": ["\u00edslands- og mannkynssaga"]}, {"abbreviation": "\u00deV", "topics": ["\u00fej\u00f3\u00f0armor\u00f0 og vo\u00f0averk \u00e1 20.-21. \u00f6ld"]}, {"abbreviation": "\u00cdL", "topics": ["\u00edslandssaga"]}, {"abbreviation": "SS", "topics": ["str\u00ed\u00f0ssaga"]}, {"abbreviation": "ME", "topics": ["menningar", "saga"]}, {"abbreviation": "FR", "topics": ["fr\u00e1 upphafi til byltinga"]}, {"abbreviation": "OL", "topics": ["20. \u00f6ldin"]}, {"abbreviation": "SA", "topics": ["saga og kvikmyndir"]}, {"abbreviation": "D\u00c6", "topics": ["saga d\u00e6gurmenningar \u00e1 \u00edslandi \u00e1 20. \u00f6ld"]}, {"abbreviation": "AA", "topics": ["\u00edslands- og mannkynssaga \u00e1 20. og 21. \u00f6ld"]}, {"abbreviation": "FO", "topics": ["fornaldarsaga"]}, {"abbreviation": "MI", "topics": ["mi\u00f0aldasaga"]}, {"abbreviation": "N\u00dd", "topics": ["saga n\u00fdaldar"]}, {"abbreviation": "HE", "topics": ["heimssaga"]}, {"abbreviation": "MF", "topics": ["mannskynssaga til 1800"]}, {"abbreviation": "AU", "topics": ["saga austurlands"]}, {"abbreviation": "\u00c1N", "topics": ["mannkynssaga fr\u00e1 1750 til n\u00fat\u00edmans"]}, {"abbreviation": "TU", "topics": ["tuttugasta \u00f6ldin"]}, {"abbreviation": "\u00deJ", "topics": ["al\u00fe\u00fd\u00f0umenning", "hversdagsl\u00edf", "\u00fej\u00f3\u00f0fr\u00e6\u00f0i"]}, {"abbreviation": "ML", "topics": ["19. \u00f6ld fram yfir mi\u00f0ja 20. \u00f6ld", "menningar- og listasaga"]}, {"abbreviation": "\u00cd\u00de", "topics": ["f\u00e9lagasamt\u00f6k", "\u00ed\u00fer\u00f3ttasaga"]}, {"abbreviation": "LI", "topics": ["menningar- og listasaga", "mi\u00f0aldir fram yfir mi\u00f0ja 19. \u00f6ld"]}, {"abbreviation": "SL", "topics": ["samt\u00edmalistir \u00ed s\u00f6gulegu samhengi"]}, {"abbreviation": "LM", "topics": ["Menning og listir"]}, {"abbreviation": "VE", "topics": ["Verkefna\u00e1fangi"]}, {"abbreviation": "MK", "topics": ["Saga"]}, {"abbreviation": "SK", "topics": ["Saga kynningar\u00e1fangi"]}, {"abbreviation": "CB", "topics": ["Saga Bandar\u00edkjanna."]}, {"abbreviation": "\u00cdH", "topics": ["fr\u00e1 1900 til dagsins \u00ed dag", "\u00edslensk h\u00f6nnunarsaga"]}, {"abbreviation": "M\u00de", "topics": ["", "fj\u00f6lmi\u00f0lar og saga", "greinandi saga", "saga sem hluti samt\u00edmans"]}, {"abbreviation": "R\u00d3", "topics": ["R\u00f3marveldi"]}, {"abbreviation": "MB", "topics": ["Mannr\u00e9ttindabar\u00e1tta \u00ed Bandar\u00edkjunum"]}, {"abbreviation": "FS", "topics": ["saga fjarl\u00e6gra sl\u00f3\u00f0a"]}, {"abbreviation": "NS", "topics": ["\u00cdslands- og mannkynssaga fr\u00e1 mi\u00f0ri 18. \u00f6ld til vorra daga"]}, {"abbreviation": "S\u00de", "topics": ["Saga - \u00dej\u00f3\u00f0armor\u00f0"]}, {"abbreviation": "V\u00cd", "topics": ["\u00cdslands- og mannkynssaga"]}, {"abbreviation": "II", "topics": ["\u00cdslands- og mannkynssaga II"]}, {"abbreviation": "UK", "topics": ["Mannkynssaga fr\u00e1 Uppl\u00fdsingu til Kalda str\u00ed\u00f0s"]}, {"abbreviation": "FG", "topics": ["Forn - gr\u00edsk saga og heimspeki"]}, {"abbreviation": "YS", "topics": ["Yfirlitssaga", "\u00cdslands- og mannkynssaga"]}, {"abbreviation": "KS", "topics": ["Kalda str\u00ed\u00f0i\u00f0"]}, {"abbreviation": "MM", "topics": ["Menningarsaga"]}, {"abbreviation": "KV", "topics": ["Sagan \u00ed kvikmyndum"]}, {"abbreviation": "GL", "topics": ["Saga gar\u00f0listar \u00ed heiminum"]}, {"abbreviation": "GS", "topics": ["Saga gar\u00f0yrkju \u00e1 \u00cdslandi og \u00ed heiminum"]}, {"abbreviation": "LH", "topics": ["Listir og h\u00f6nnun"]}, {"abbreviation": "SR", "topics": ["Saga og menning R\u00f3marborgar"]}, {"abbreviation": "MA", "topics": ["Saga 20. og 21. aldar"]}, {"abbreviation": "M\u00cd", "topics": ["19.-20.\u00f6ldin - valdir \u00fe\u00e6ttir \u00far mannkynss\u00f6gu og \u00cdslandss\u00f6gu"]}, {"abbreviation": "BY", "topics": ["Byltingar"]}, {"abbreviation": "SB", "topics": ["Saga: Byltingar"]}, {"abbreviation": "HS", "topics": ["Hugmyndasaga"]}, {"abbreviation": "KM", "topics": ["Kvikmyndasaga"]}, {"abbreviation": "CL", "topics": ["Saga l\u00e6kninga og sj\u00fakd\u00f3ma 1"]}, {"abbreviation": "BV", "topics": ["Heimssaga  Austur-As\u00eda"]}, {"abbreviation": "BF", "topics": ["Fornaldarsaga"]}, {"abbreviation": "BA", "topics": ["Heimsaga. Afr\u00edka"]}, {"abbreviation": "BE", "topics": ["Saga Evr\u00f3pu fr\u00e1 endurreisn til byltinga"]}, {"abbreviation": "CC", "topics": ["Sagnfr\u00e6\u00f0i og ritger\u00f0asm\u00ed\u00f0"]}, {"abbreviation": "CU", "topics": ["Utangar\u00f0ssaga"]}, {"abbreviation": "CR", "topics": ["Rokksaga"]}, {"abbreviation": "C\u00de", "topics": ["Fr\u00e1 \u00fej\u00f3\u00f0hverfu til \u00fej\u00f3\u00f0armor\u00f0a."]}, {"abbreviation": "FM", "topics": ["forn\u00f6ld", "mi\u00f0\u00f6ld"]}, {"abbreviation": "\u00deM", "topics": ["\u00der\u00f3un menningar og samf\u00e9laga"]}, {"abbreviation": "OI", "topics": ["\u00cdslands og mannkynssaga I"]}, {"abbreviation": "\u00deS", "topics": ["\u00de\u00e6ttir \u00far s\u00f6gu 20. aldar"]}, {"abbreviation": "BM", "topics": ["Mi\u00f0aldasaga."]}, {"abbreviation": "CG", "topics": ["Menningarsaga R\u00f3m\u00f6nsku Amer\u00edku"]}, {"abbreviation": "CN", "topics": ["Heimstyrj\u00f6ldin og helf\u00f6rin"]}, {"abbreviation": "CP", "topics": ["Kalda str\u00ed\u00f0i\u00f0."]}, {"abbreviation": "TS", "topics": ["Tr\u00faarbrag\u00f0asaga"]}, {"abbreviation": "NM", "topics": ["fundur \u00cdslands", "hrun R\u00f3maveldis", "menning fornaldar", "n\u00fd\u00f6ld"]}, {"abbreviation": "S\u00cd", "topics": ["kap\u00edtalismi \u00ed kreppu og str\u00ed\u00f0i", "sj\u00e1lfst\u00e6\u00f0isbar\u00e1ttan \u00e1 \u00cdslandi"]}, {"abbreviation": "EM", "topics": ["kristin menning", "menning fornaldar", "\u00fer\u00f3un evr\u00f3pskar menningar"]}, {"abbreviation": "MT", "topics": ["heimurinn \u00e1 21. \u00f6ld", "kalda str\u00ed\u00f0i\u00f0", "millistr\u00ed\u00f0s\u00e1rin", "n\u00fdlendustefnan"]}, {"abbreviation": "AM", "topics": ["al\u00fej\u00f3\u00f0legt samhengi", "kynjahlutverk og \u00edslam", "r\u00edki Mi\u00f0austurlanda"]}, {"abbreviation": "UT", "topics": ["e\u00f0li og \u00fer\u00f3un tr\u00faarbrag\u00f0a", "tr\u00faarl\u00edf \u00e1 \u00cdslandi", "uppruni"]}, {"abbreviation": "FB", "topics": ["Mannkynssaga fyrir framhaldssk\u00f3labraut"]}], "_id": "50c0a02dd8e40575f7f6f47a", "subjects": ["saga"], "counter": {"1": 12, "3": 16, "2": 24, "4": 0}}, "evaluation": "Annareinkunn og lokapr\u00f3f", "categorization_suggestion": "", "embedded_topics": {"abbreviation": "MN", "topics": ["19. \u2013 21. aldar", "einkum mannskynss\u00f6gu", "valdir \u00fe\u00e6ttir \u00far s\u00f6gu"]}, "status": "approved by school", "description": "\u00c1fanginn byggir a\u00f0 talsver\u00f0u leyti \u00e1 sj\u00e1lfst\u00e6\u00f0um vinnubr\u00f6g\u00f0um nemenda, heimildaleit, verkefnavinnu, \u00farvinnslu og framsetningu efnis. Teknir eru fyrir valdir atbur\u00f0ir \u00far s\u00f6gu 19. - 21. aldar. Til grundvallar liggja 8 efnisflokkar og mi\u00f0a\u00f0 er vi\u00f0 a\u00f0 kennari velji a.m.k. 6 efnisflokka til umfj\u00f6llunar. \u00deeir eru: I\u00f0nbylting og verkal\u00fd\u00f0sbar\u00e1tta, l\u00fd\u00f0r\u00e6\u00f0is\u00fer\u00f3un \u00e1 19. og 20. \u00f6ld, \u00fej\u00f3\u00f0r\u00edki og \u00fej\u00f3\u00f0ernisstefna, heimsvaldastefna og n\u00fdlendustefna, fyrri heimsstyrj\u00f6ld og millistr\u00ed\u00f0s\u00e1rin, s\u00ed\u00f0ari heimsstyrj\u00f6ld og Helf\u00f6rin, Kalda str\u00ed\u00f0i\u00f0, \u00cdsrael, Palest\u00edna og Mi\u00f0-Austurl\u00f6nd.", "knowledge_goals": ["v\u00f6ldum \u00fe\u00e1ttum \u00far s\u00f6gu 19. - 21. aldar", "helstu hugt\u00f6kum sem notu\u00f0 eru um s\u00f6guleg fyrirb\u00e6ri og skal gera s\u00e9r grein fyrir afst\u00e6\u00f0i \u00feeirra og takm\u00f6rkunum", "mismunandi tegundum heimilda, a\u00f0fer\u00f0um vi\u00f0 heimildaleit og grunn\u00feekkingu \u00ed heimildar\u00fdni", "\u00f3l\u00edkum mi\u00f0lunarformum", "\u00fdmsum svi\u00f0um og \u00fe\u00e1tttakendum s\u00f6gunnar, menningu og hugarfari, hversdagsl\u00edfi og stj\u00f3rnm\u00e1lum, einstaklingi og samf\u00e9lagi, t\u00e6kni og v\u00edsindum"], "skills_goals": ["lesa sagnfr\u00e6\u00f0ilega texta \u00e1 \u00edslensku og ensku og t\u00falka merkingu \u00feeirra", "meta gildi og \u00e1rei\u00f0anleika heimilda og n\u00fdta s\u00e9r fj\u00f6lbreyttar tegundir \u00feeirra", "sj\u00e1 tengsl fort\u00ed\u00f0ar og n\u00fat\u00ed\u00f0ar og samhengi\u00f0 milli t\u00edmabila, sv\u00e6\u00f0a og svi\u00f0a", "nota \u00f3l\u00edk mi\u00f0lunarform til a\u00f0 mi\u00f0la s\u00f6gulegu efni, t.d. skrifa bla\u00f0agrein, ritger\u00f0, b\u00faa til veggspjald, \u00fatvarps\u00fe\u00e1tt o.s.frv.", "bera saman t\u00edmabil, sv\u00e6\u00f0i og svi\u00f0", "beita gagnr\u00fdninni hugsun"], "credits": 5, "last_modified": 1425374759.803125, "schools": ["512351988caa45ed97015b44"], "coauthors": null, "instructions": "", "continued_education": false, "level": 2, "prerequisites": "SAGA2FR05", "author": "6ea856f5-9f60-4d4f-a95e-aa9dbcc89d01", "abbreviation_version": null, "competence_goals": [["meta gildi menningararfsins hvort sem hann sn\u00fdr a\u00f0 heimabygg\u00f0 e\u00f0a heiminum \u00f6llum", ""], ["koma s\u00f6gu\u00feekkingu sinni og s\u00f6guskilningi \u00e1 framf\u00e6ri me\u00f0 fj\u00f6lbreyttum h\u00e6tti", ""], ["leggja mat \u00e1 eigin frammist\u00f6\u00f0u og annarra \u00ed verkefnavinnu", ""], ["geta teki\u00f0 \u00fe\u00e1tt \u00ed sko\u00f0anaskiptum og samr\u00e6\u00f0um me\u00f0 jafningjum um sagnfr\u00e6\u00f0ileg efni", ""], ["s\u00fdna umbur\u00f0arlyndi og v\u00ed\u00f0s\u00fdni gagnvart s\u00f6gulegum vi\u00f0fangsefnum", ""]], "_id": "54f57e2762933a3c220002cd"}, {"exemplary": null, "topics": "\u00deemaverkefni \u00ed tengslum vi\u00f0 frekara n\u00e1m \u00e1 h\u00e1sk\u00f3lastigi, \u00fej\u00e1lfun \u00ed ritun og tj\u00e1ningu \u00e1 ensku", "abbreviation": "ENSK3TE05", "former_schools": null, "subject": "enska", "title": "\u00deemaverkefni, ritun og tj\u00e1ning", "version": 47, "status_trans": "Sam\u00feykkt af sk\u00f3la", "embedded_subject": {"abbreviation": "ENSK", "topics": [{"abbreviation": "GS", "topics": ["grunnatri\u00f0i", "samt\u00f6l"]}, {"abbreviation": "OO", "topics": ["or\u00f0ab\u00f3k", "or\u00f0afor\u00f0i"]}, {"abbreviation": "MM", "topics": ["myndas\u00f6gur", "myndb\u00f6nd"]}, {"abbreviation": "TL", "topics": ["lagatextar", "t\u00f3nlist"]}, {"abbreviation": "FR", "topics": ["ferilsverkefni", "ritunarverkefni"]}, {"abbreviation": "TS", "topics": ["myndm\u00e1l", "ritger\u00f0", "st\u00edlar", "textar"]}, {"abbreviation": "RH", "topics": ["hlustun", "m\u00e1lnotkun", "undirst\u00f6\u00f0uatri\u00f0i \u00ed ritun"]}, {"abbreviation": "SM", "topics": ["m\u00fas\u00edk og myndir 1950-70", "s\u00f6gur"]}, {"abbreviation": "BR", "topics": ["bretland"]}, {"abbreviation": "K\u00c1", "topics": ["kanada", "\u00e1stral\u00eda og n\u00fdja sj\u00e1land"]}, {"abbreviation": "SB", "topics": ["shakespeare og 19. \u00f6ldin \u00ed b\u00f3kmenntum"]}, {"abbreviation": "B\u00d3", "topics": ["b\u00f3kmenntir 20. aldar"]}, {"abbreviation": "KV", "topics": ["kvikmynda\u00e1fangi"]}, {"abbreviation": "AB", "topics": ["afr\u00edsk-amer\u00edskar b\u00f3kmenntir"]}, {"abbreviation": "U\u00c1", "topics": ["undirb\u00faningur", "\u00e1fangi"]}, {"abbreviation": "MT", "topics": ["m\u00e1lfr\u00e6\u00f0i", "tj\u00e1ning"]}, {"abbreviation": "MS", "topics": ["menning", "skapandi skrif"]}, {"abbreviation": "KR", "topics": ["kvikmyndir", "ritun"]}, {"abbreviation": "HR", "topics": ["heimildavinna", "ritger\u00f0ir"]}, {"abbreviation": "FF", "topics": ["fagm\u00e1l", "f\u00e9lagsv\u00edsinda"]}, {"abbreviation": "VE", "topics": ["enska", "vi\u00f0skipta"]}, {"abbreviation": "RE", "topics": ["enska", "raungreinar"]}, {"abbreviation": "BM", "topics": ["b\u00f3kmenntir", "m\u00e1lsaga"]}, {"abbreviation": "LB", "topics": ["b\u00f3kmenntir", "leik"]}, {"abbreviation": "UP", "topics": ["pr\u00f3f", "undirb\u00faningur"]}, {"abbreviation": "EN", "topics": ["enska fyrir fer\u00f0agreinar"]}, {"abbreviation": "FE", "topics": ["enska fyrir fer\u00f0a\u00fej\u00f3nustu"]}, {"abbreviation": "ST", "topics": ["evr\u00f3pski tungum\u00e1laramminn", "stig b1-b2"]}, {"abbreviation": "SE", "topics": ["evr\u00f3pski tungum\u00e1laramminn", "stig b2"]}, {"abbreviation": "ES", "topics": ["evr\u00f3pski tungum\u00e1laramminn", "stig b2-c1"]}, {"abbreviation": "EV", "topics": ["evr\u00f3pski tungum\u00e1laramminn", "stig c1"]}, {"abbreviation": "BF", "topics": ["b2", "evr\u00f3pski tungum\u00e1laramminn", "fer\u00f0a\u00fej\u00f3nuta"]}, {"abbreviation": "FH", "topics": ["evr\u00f3pski tungum\u00e1laramminn", "framhald", "stig c1"]}, {"abbreviation": "GR", "topics": ["grunn\u00e1fangi"]}, {"abbreviation": "FG", "topics": ["enska fyrir matv\u00e6lagreinar"]}, {"abbreviation": "LS", "topics": ["lestur", "m\u00e1lfr\u00e6\u00f0i", "or\u00f0afor\u00f0i", "skilningur"]}, {"abbreviation": "LT", "topics": ["lestur", "or\u00f0afor\u00f0i", "talm\u00e1l"]}, {"abbreviation": "BL", "topics": ["b\u00f3kmenntir", "lesskilningur", "ritun"]}, {"abbreviation": "BS", "topics": ["b\u00f3kmenntir", "menning", "saga"]}, {"abbreviation": "HA", "topics": ["hagn\u00fdtur or\u00f0afor\u00f0i. l\u00e6si \u00e1 fl\u00f3knari texta."]}, {"abbreviation": "OF", "topics": ["grunnor\u00f0afor\u00f0i fr\u00e6\u00f0a og v\u00edsinda.. menningarheimur nor\u00f0ur amer\u00edku"]}, {"abbreviation": "UN", "topics": ["undirb\u00fanings\u00e1fangi \u00ed ensku"]}, {"abbreviation": "LM", "topics": ["lestur og menning", "tj\u00e1ning"]}, {"abbreviation": "TM", "topics": ["menning", "tj\u00e1ning og skapandi skrif"]}, {"abbreviation": "MB", "topics": ["b\u00f3kmenntir", "menning og ritun"]}, {"abbreviation": "EX", "topics": ["extensive vocabulary and expression"]}, {"abbreviation": "ML", "topics": ["m\u00e1lnotkun og l\u00e6si"]}, {"abbreviation": "AA", "topics": ["akadem\u00edskur or\u00f0afor\u00f0i", "fj\u00f6lbreyttir textar", "fyrsti \u00e1fangi \u00ed ensku."]}, {"abbreviation": "YN", "topics": ["yndislestur"]}, {"abbreviation": "BB", "topics": ["akadem\u00edskur or\u00f0afor\u00f0i", "annar \u00e1fangi \u00ed ensku.", "fj\u00f6lbreyttir textar"]}, {"abbreviation": "FA", "topics": ["fagor\u00f0afor\u00f0i"]}, {"abbreviation": "AH", "topics": ["akadem\u00edskur or\u00f0afor\u00f0i", "fj\u00f6lbreyttir textar. hra\u00f0fer\u00f0 \u00ed ensku."]}, {"abbreviation": "BH", "topics": ["akadem\u00edskur or\u00f0afor\u00f0i", "fj\u00f6lbreyttir textar. \u00f6nnur hra\u00f0fer\u00f0 \u00ed ensku."]}, {"abbreviation": "EE", "topics": ["b\u00f3kmenntir", "fj\u00f6lmi\u00f0latextar."]}, {"abbreviation": "LR", "topics": ["lestur", "ritun", "tj\u00e1ning og hlustun"]}, {"abbreviation": "DD", "topics": ["b\u00f3kmenntir"]}, {"abbreviation": "M\u00c1", "topics": ["m\u00e1lfr\u00e6\u00f0i a"]}, {"abbreviation": "CC", "topics": ["b\u00f3kmenntir", "krefjandi or\u00f0afor\u00f0i", "ritun"]}, {"abbreviation": "CH", "topics": ["krefjandi or\u00f0afor\u00f0i"]}, {"abbreviation": "L\u00c9", "topics": ["l\u00e9ttlestur"]}, {"abbreviation": "OH", "topics": ["hlustun", "or\u00f0afor\u00f0i", "talm\u00e1l og ritun"]}, {"abbreviation": "LO", "topics": ["lesskilningur", "m\u00e1lfr\u00e6\u00f0i", "or\u00f0afor\u00f0i"]}, {"abbreviation": "MO", "topics": ["m\u00e1lfr\u00e6\u00f0i", "or\u00f0afor\u00f0i", "stig b1 \u00ed evr\u00f3pska tungum\u00e1larammanum"]}, {"abbreviation": "OB", "topics": ["b\u00f3kmenntir", "or\u00f0afor\u00f0i", "stig b2 \u00ed evr\u00f3pska tungum\u00e1larammanum"]}, {"abbreviation": "RB", "topics": ["b\u00f3kmenntir", "ritun"]}, {"abbreviation": "RL", "topics": ["lestur", "m\u00e1lfr\u00e6\u00f0i", "ritun og or\u00f0afor\u00f0i"]}, {"abbreviation": "SG", "topics": ["Lestur", "m\u00e1lfr\u00e6\u00f0i", "or\u00f0afor\u00f0i", "ritun", "tal"]}, {"abbreviation": "RM", "topics": ["Ritun", "b\u00f3kmenntir", "m\u00e1lnotkun"]}, {"abbreviation": "RO", "topics": ["Ritun", "b\u00f3kmenntir", "menning", "or\u00f0afor\u00f0i"]}, {"abbreviation": "SR", "topics": ["Menning", "akadem\u00edskur or\u00f0afor\u00f0i", "ritun", "saga"]}, {"abbreviation": "AE", "topics": ["Almenn akadem\u00edsk enska", "b\u00f3kmenntir", "ritun"]}, {"abbreviation": "SA", "topics": ["S\u00e9rh\u00e6f\u00f0 akadem\u00edsk enska", "b\u00f3kmenntir", "ritun"]}, {"abbreviation": "VR", "topics": ["V\u00edsindaor\u00f0afor\u00f0i", "raungreinar"]}, {"abbreviation": "VH", "topics": ["Vi\u00f0skipti", "erlend samskipti og vi\u00f0skiptah\u00e6ttir"]}, {"abbreviation": "AK", "topics": ["Kennsla", "a\u00f0sto\u00f0 vi\u00f0 nemendur", "ger\u00f0 kennsluefnis"]}, {"abbreviation": "DF", "topics": ["Kvikmyndir. Film Course."]}, {"abbreviation": "SK", "topics": ["enska fyrir fer\u00f0a\u00fej\u00f3nustu", "skapandi skrif"]}, {"abbreviation": "FT", "topics": ["lestur fr\u00e6\u00f0ilegra texta"]}, {"abbreviation": "VT", "topics": ["Lestur enskra vi\u00f0skiptatexta"]}, {"abbreviation": "RT", "topics": ["Lestur enskra raunv\u00edsindatexta"]}, {"abbreviation": "\u00cdT", "topics": ["Lestur \u00ed\u00fer\u00f3ttafr\u00e6\u00f0ilegra texta"]}, {"abbreviation": "TO", "topics": ["Tolkien"]}, {"abbreviation": "RI", "topics": ["Ritun"]}, {"abbreviation": "HL", "topics": ["Hlustun"]}, {"abbreviation": "UE", "topics": ["Undirb\u00fanings\u00e1fangi \u00ed ensku"]}, {"abbreviation": "UH", "topics": ["Undirb\u00faningur fyrir h\u00e1sk\u00f3lan\u00e1m"]}, {"abbreviation": "TJ", "topics": ["Tj\u00e1ning"]}, {"abbreviation": "OM", "topics": ["Or\u00f0afor\u00f0i", "m\u00e1lfr\u00e6\u00f0i", "m\u00e1lnotkun"]}, {"abbreviation": "TF", "topics": ["tj\u00e1ning og m\u00e1lnotkun"]}, {"abbreviation": "AM", "topics": ["Fr\u00e6\u00f0ilegur or\u00f0afor\u00f0i og Bandar\u00edkin"]}, {"abbreviation": "UK", "topics": ["Fr\u00e6\u00f0ilegur or\u00f0afor\u00f0i og Bretland"]}, {"abbreviation": "AC", "topics": ["Akadem\u00edskur or\u00f0afor\u00f0i og rauntextar"]}, {"abbreviation": "SL", "topics": ["Lestur", "menning og skrif"]}, {"abbreviation": "KK", "topics": ["Kvikmyndir og kynning"]}, {"abbreviation": "BA", "topics": ["L\u00fdsing: B\u00f3kmenntir 19. og 20.", "skrif og r\u00e6\u00f0uger\u00f0"]}, {"abbreviation": "OT", "topics": ["Or\u00f0afor\u00f0i", "ritun", "tj\u00e1ning"]}, {"abbreviation": "VM", "topics": ["V\u00edsindi og menning"]}, {"abbreviation": "BT", "topics": ["Bandar\u00edskt \u00fej\u00f3\u00f0f\u00e9lag og menning"]}, {"abbreviation": "MR", "topics": ["M\u00e1lfr\u00e6\u00f0i og ritun"]}, {"abbreviation": "LH", "topics": ["L\u00e6si \u00e1 fl\u00f3knari texta", "hagn\u00fdtur fj\u00f6lbreyttur or\u00f0afor\u00f0i"]}, {"abbreviation": "KB", "topics": ["Kvikmyndir", "b\u00f3kmenntir"]}, {"abbreviation": "OL", "topics": ["Lestur", "Menning", "M\u00e1lfr\u00e6\u00f0i", "Or\u00f0afor\u00f0i", "Ritun", "Tal"]}, {"abbreviation": "CL", "topics": ["Chic Literature and Women in Today\u2018s Society"]}, {"abbreviation": "CW", "topics": ["Creative Writing"]}, {"abbreviation": "OR", "topics": ["B\u00f3kmenntir (fj\u00f6lbreyttir textar)", "menning", "or\u00f0afor\u00f0i", "ranns\u00f3knir og ritun"]}, {"abbreviation": "OG", "topics": ["B\u00f3kmenntir", "lj\u00f3\u00f0agreining", "or\u00f0afor\u00f0i", "ritger\u00f0asm\u00ed\u00f0i og heimildavinna"]}, {"abbreviation": "BY", "topics": ["Lestur", "m\u00e1lfr\u00e6\u00f0i og m\u00e1lnotkun (byrjunar\u00e1fangi \u00ed ensku)", "ritun"]}, {"abbreviation": "DM", "topics": ["Enska Daglegt m\u00e1l"]}, {"abbreviation": "B\u00c1", "topics": ["b\u00f3kmenntir", "ritun", "tj\u00e1ning"]}, {"abbreviation": "HE", "topics": ["Hagn\u00fdt enska", "starfsbraut"]}, {"abbreviation": "RR", "topics": ["Enska \u00ed r\u00e6\u00f0u og riti"]}, {"abbreviation": "HO", "topics": ["Hagn\u00fdtur or\u00f0afor\u00f0i", "c1"]}, {"abbreviation": "FO", "topics": ["Fagor\u00f0afor\u00f0i og fer\u00f0am\u00e1l"]}, {"abbreviation": "EG", "topics": ["Enska 2 \u00e1 starfsbraut"]}, {"abbreviation": "SO", "topics": ["s\u00e9rh\u00e6f\u00f0ur or\u00f0afor\u00f0i"]}, {"abbreviation": "TR", "topics": ["Tj\u00e1ning", "or\u00f0afor\u00f0i", "ritun"]}, {"abbreviation": "\u00deS", "topics": ["\u00dej\u00f3nustust\u00f6rf"]}, {"abbreviation": "SF", "topics": ["Sagnfr\u00e6\u00f0i"]}, {"abbreviation": "T\u00d6", "topics": ["T\u00f6lvuleikir"]}, {"abbreviation": "JM", "topics": ["Fr\u00e1 hugmynd til \u00fatg\u00e1fu"]}, {"abbreviation": "MH", "topics": ["S\u00e9rh\u00e6f\u00f0 enska \u00ed myndlist og h\u00f6nnun"]}, {"abbreviation": "BO", "topics": ["B\u00f3kmenntir", "m\u00e1lfr\u00e6\u00f0i", "or\u00f0afor\u00f0i"]}, {"abbreviation": "VO", "topics": ["V\u00edsindatengdur or\u00f0afor\u00f0i"]}, {"abbreviation": "MV", "topics": ["M\u00e1lnotkun", "b\u00f3kmenntir", "vi\u00f0skipti"]}, {"abbreviation": "SV", "topics": ["m\u00e1lnotkun", "samf\u00e9lag", "vi\u00f0skipti"]}, {"abbreviation": "VI", "topics": ["m\u00e1lskilningur", "ritun", "vi\u00f0skiptaenska"]}, {"abbreviation": "EM", "topics": ["bresk menning", "b\u00f3kmenntir", "m\u00e1l"]}, {"abbreviation": "NV", "topics": ["v\u00edsindaenska"]}, {"abbreviation": "YL", "topics": ["Yndislestur"]}, {"abbreviation": "EH", "topics": ["Enska fyrir heilbrig\u00f0isgreinar"]}, {"abbreviation": "DK", "topics": ["ENSKA"]}, {"abbreviation": "DG", "topics": ["Enskar myndas\u00f6gur"]}, {"abbreviation": "DV", "topics": ["or\u00f0afor\u00f0i"]}, {"abbreviation": "DY", "topics": ["Yndislestur \u00ed ensku"]}, {"abbreviation": "EY", "topics": ["Yndislestur 2 \u00e1 ensku"]}, {"abbreviation": "HB", "topics": ["B\u00f3kmenntir og fr\u00e6\u00f0ilegir textar \u00ed hugv\u00edsindum"]}, {"abbreviation": "MK", "topics": ["b\u00f3kmenntir", "kvikmyndir", "menning", "m\u00e1lnotkun"]}, {"abbreviation": "VG", "topics": ["gagnr\u00fdnin hugsun", "or\u00f0afor\u00f0i v\u00edsinda", "ritun", "tj\u00e1ning"]}, {"abbreviation": "TT", "topics": ["m\u00e1lnotkun \u00ed t\u00e6knigreinum", "or\u00f0afor\u00f0i", "tala\u00f0 m\u00e1l"]}, {"abbreviation": "SS", "topics": ["Shakespeare", "kvikmyndir", "ritun", "sk\u00e1lds\u00f6gur"]}, {"abbreviation": "FV", "topics": ["Fagm\u00e1l", "b\u00f3kmenntir", "f\u00e9lagsv\u00edsindi", "ritun"]}, {"abbreviation": "VV", "topics": ["fagm\u00e1l", "hagfr\u00e6\u00f0i", "verslun", "vi\u00f0skipti"]}, {"abbreviation": "TB", "topics": ["Tolkien", "b\u00f3kmenntir", "fantas\u00eda"]}, {"abbreviation": "LG", "topics": ["Lestur", "ritun og tj\u00e1ning"]}, {"abbreviation": "SH", "topics": ["Shakespeare"]}, {"abbreviation": "BK", "topics": ["b\u00f3kmenntir og menning"]}, {"abbreviation": "VF", "topics": ["fr\u00e6\u00f0i og fagm\u00e1l", "v\u00edsindi"]}, {"abbreviation": "AO", "topics": ["Akadem\u00edskur or\u00f0afor\u00f0i \u00e1 ensku og klass\u00edskar b\u00f3kmenntir"]}, {"abbreviation": "SD", "topics": ["S\u00e9rh\u00e6f\u00f0ur or\u00f0afor\u00f0i og breskar b\u00f3kmenntir"]}, {"abbreviation": "TE", "topics": ["\u00deemaverkefni \u00ed tengslum vi\u00f0 frekara n\u00e1m \u00e1 h\u00e1sk\u00f3lastigi", "\u00fej\u00e1lfun \u00ed ritun og tj\u00e1ningu \u00e1 ensku"]}], "_id": "50c0a02dd8e40575f7f6f488", "subjects": ["enska"], "counter": {"1": 25, "3": 36, "2": 38, "4": 1}}, "evaluation": "N\u00e1msmat er \u00fatf\u00e6rt \u00ed kennslu\u00e1\u00e6tlum \u00ed samr\u00e6mi vi\u00f0 sk\u00f3lan\u00e1mskr\u00e1", "categorization_suggestion": "", "embedded_topics": {"abbreviation": "TE", "topics": ["\u00deemaverkefni \u00ed tengslum vi\u00f0 frekara n\u00e1m \u00e1 h\u00e1sk\u00f3lastigi", "\u00fej\u00e1lfun \u00ed ritun og tj\u00e1ningu \u00e1 ensku"]}, "status": "approved by school", "description": "Markmi\u00f0 \u00e1fangans er a\u00f0 nemendur vinni kerfisbundi\u00f0 a\u00f0 undirb\u00faningi fyrirhuga\u00f0s n\u00e1ms \u00e1 h\u00e1sk\u00f3lastigi.  Gert er r\u00e1\u00f0 fyrir a\u00f0 nemendur velji s\u00e9r n\u00e1msgrein \u00fe\u00e1, er mestar l\u00edkur eru \u00e1 a\u00f0 \u00feeir, hver og einn, muni nema \u00e1 h\u00e1sk\u00f3lastigi og vinni markvisst me\u00f0 fagi\u00f0 \u00ed gegnum \u00e1fangann.  Nemendur vinna me\u00f0 \u00fe\u00e1 t\u00e6kni og \u00feau vinnubr\u00f6g\u00f0 sem kennd hafa veri\u00f0 \u00ed fyrri \u00e1f\u00f6ngum og \u00fea\u00f0 er \u00e6tlast til a\u00f0 \u00feeir skili verkefnum af \u00fdmsu tagi \u00ed tengslum vi\u00f0 umfj\u00f6llunarefni\u00f0; \u00fe\u00e1 vinna \u00feeir me\u00f0 ranns\u00f3knir og greinar sem tengjast faginu, tileinka s\u00e9r or\u00f0afor\u00f0a innan fagsins \u00feannig a\u00f0 \u00feeir ver\u00f0i f\u00e6rir um a\u00f0 fr\u00e6\u00f0a a\u00f0ra um fagi\u00f0 \u00ed r\u00e6\u00f0u og riti.  Einnig er unni\u00f0 me\u00f0 b\u00f3kmenntaverk sem tengjast \u00e1kve\u00f0num m\u00e1lsv\u00e6\u00f0um og/e\u00f0a s\u00f6gulegum vi\u00f0bur\u00f0um \u00ed s\u00f6gu enskunnar.  \u00cd tengslum vi\u00f0 b\u00f3kmenntali\u00f0 \u00e1fangans er l\u00f6g\u00f0 \u00e1hersla \u00e1 a\u00f0 nemendur vinni s\u00e9rstaklega me\u00f0 ritun og tj\u00e1ningu.\n\u00c1fanginn er sni\u00f0inn s\u00e9rstaklega a\u00f0 hverri braut sk\u00f3lans og \u00fev\u00ed er \u00e1herslumunur \u00e1 \u00e1fanganum \u00e1 milli brauta.", "knowledge_goals": ["\u00feeim verkferlum sem nau\u00f0synlegir eru til \u00feess a\u00f0 \u00f6\u00f0last s\u00e9r\u00feekkingu \u00ed \u00e1kve\u00f0nu fagi", "fj\u00f6lbreyttum or\u00f0afor\u00f0a til a\u00f0 geta tj\u00e1\u00f0 sko\u00f0anir s\u00ednar og r\u00f6kstutt \u00fe\u00e6r \u00ed daglegu l\u00edfi og \u00ed tengslum vi\u00f0 s\u00e9rh\u00e6fingu", "s\u00e9rh\u00e6f\u00f0ri \u00feekkingu sem n\u00fdtist \u00ed starfi og/e\u00f0a til undirb\u00fanings fyrir frekara n\u00e1m", "\u00feekkingu sem tengist \u00fev\u00ed a\u00f0 vera virkur og \u00e1byrgur borgari \u00ed samf\u00e9lagi s\u00e9rh\u00e6fingar", "or\u00f0afor\u00f0a og \u00feekkingu \u00ed ensku sem n\u00fdtist til frekara n\u00e1ms e\u00f0a \u00ed tengslum vi\u00f0 s\u00e9rh\u00e6fingu, krefjist h\u00fan \u00feess"], "skills_goals": ["bera kennsl \u00e1 og n\u00fdta s\u00e9r s\u00e9r\u00feekkingu er tengist \u00e1hugasvi\u00f0i og/e\u00f0a hverju \u00fev\u00ed vi\u00f0fangsefni sem hann k\u00fds a\u00f0 vinna me\u00f0", "tj\u00e1 sig \u00e1 sk\u00fdran, gagnr\u00fdninn og skapandi h\u00e1tt \u00e1 ensku um s\u00e9rh\u00e6f\u00f0a \u00feekkingu s\u00edna", "skipuleggja vinnuferli, beita vi\u00f0eigandi t\u00e6kni og a\u00f0fer\u00f0um s\u00e9rh\u00e6fingar \u00e1 \u00e1byrgan h\u00e1tt", "s\u00fdna frumkv\u00e6\u00f0i og sj\u00e1lfst\u00e6\u00f0i \u00ed vinnubr\u00f6g\u00f0um vi\u00f0 a\u00f0 leita lausna innan s\u00e9rh\u00e6fingar", "taka \u00e1byrgan \u00fe\u00e1tt \u00ed samr\u00e6\u00f0um um s\u00e9rh\u00e6f\u00f0a \u00feekkingu s\u00edna"], "credits": 5, "last_modified": 1425291629.075535, "schools": ["512351988caa45ed97015b44"], "coauthors": null, "instructions": "", "continued_education": false, "level": 3, "prerequisites": "ENSK3SD05", "author": "6ea856f5-9f60-4d4f-a95e-aa9dbcc89d01", "abbreviation_version": null, "competence_goals": [["tj\u00e1 sko\u00f0anir s\u00ednar og sk\u00fdra verklag tengt skilgreindu starfsumhverfi \u00e1 \u00e1byrgan, gagnr\u00fdninn og sk\u00fdran h\u00e1tt", ""], ["tj\u00e1 sig \u00e1 ensku, s\u00e9 \u00feess krafist \u00ed starfi e\u00f0a vegna frekara n\u00e1ms", ""], ["beita si\u00f0fer\u00f0ilegri \u00e1byrg\u00f0 \u00ed skapandi starfi", ""], ["n\u00fdti \u00feekkingu s\u00edna til a\u00f0 greina n\u00fd t\u00e6kif\u00e6ri \u00ed umhverfinu", ""], ["takast \u00e1 vi\u00f0 frekara n\u00e1m", ""]], "_id": "54f4396d62933a1936002018"}, {"exemplary": null, "topics": "\u00dej\u00f3\u00f0hagfr\u00e6\u00f0i og fj\u00e1rm\u00e1lal\u00e6si", "abbreviation": "HAGF2\u00deF05", "former_schools": null, "subject": "hagfr\u00e6\u00f0i", "title": "\u00dej\u00f3\u00f0hagfr\u00e6\u00f0i og fj\u00e1rm\u00e1lal\u00e6si", "version": 11, "status_trans": "Sam\u00feykkt af sk\u00f3la", "embedded_subject": {"abbreviation": "HAGF", "topics": [{"abbreviation": "AR", "topics": ["almenn", "rekstrarhagfr\u00e6\u00f0i"]}, {"abbreviation": "A\u00de", "topics": ["almenn", "\u00fej\u00f3\u00f0hagfr\u00e6\u00f0i"]}, {"abbreviation": "\u00deJ", "topics": ["\u00fej\u00f3\u00f0hagfr\u00e6\u00f0i"]}, {"abbreviation": "RE", "topics": ["rekstrarhagfr\u00e6\u00f0i", "rekstur fyrirt\u00e6kja"]}, {"abbreviation": "FL", "topics": ["Fj\u00e1rm\u00e1l og fj\u00e1rm\u00e1lal\u00e6si"]}, {"abbreviation": "GR", "topics": ["grunn\u00fe\u00e6ttir \u00ed rekstarhagfr\u00e6\u00f0i"]}, {"abbreviation": "IR", "topics": ["Inngangur \u00ed rekstrarhagfr\u00e6\u00f0i"]}, {"abbreviation": "\u00deF", "topics": ["\u00dej\u00f3\u00f0hagfr\u00e6\u00f0i og fj\u00e1rm\u00e1lal\u00e6si"]}, {"abbreviation": "AH", "topics": ["al\u00fej\u00f3\u00f0ahagfr\u00e6\u00f0i", "al\u00fej\u00f3\u00f0av\u00e6\u00f0ing", "gjaldeyrisvi\u00f0skipti", "millir\u00edkjavi\u00f0skipti"]}, {"abbreviation": "RI", "topics": ["Rekstrarhagfr\u00e6\u00f0i", "inngangur"]}, {"abbreviation": "\u00deI", "topics": ["inngangur", "\u00dej\u00f3\u00f0hagfr\u00e6\u00f0i"]}, {"abbreviation": "R\u00c1", "topics": ["efnahagur", "rekstur fyrirt\u00e6kja", "\u00e1\u00e6tlanager\u00f0"]}, {"abbreviation": "\u00deE", "topics": ["efnahags\u00fer\u00f3un", "hagkerfi", "ver\u00f0myndun", "\u00fej\u00f3\u00f0hagsreikningar"]}, {"abbreviation": "\u00deM", "topics": ["hagstj\u00f3rn", "marka\u00f0sbrestir", "meginstefnur", "\u00fej\u00f3\u00f0arhagur"]}, {"abbreviation": "FR", "topics": ["Rekstrarhagfr\u00e6\u00f0i framhald"]}, {"abbreviation": "F\u00de", "topics": ["framhald", "\u00dej\u00f3\u00f0hagfr\u00e6\u00f0i"]}], "_id": "50c0a02dd8e40575f7f6f4d9", "subjects": ["hagfr\u00e6\u00f0i"], "counter": {"1": 7, "3": 1, "2": 8, "4": 0}}, "evaluation": "Lei\u00f0sagnarmat. \u00ddmis einstaklingsverkefni ver\u00f0a ger\u00f0 \u00e1samt h\u00f3pverkefnum og ekkert lokapr\u00f3f, en lokaverkefni kemur \u00ed sta\u00f0 lokapr\u00f3fs.", "categorization_suggestion": "", "embedded_topics": {"abbreviation": "\u00deF", "topics": ["\u00dej\u00f3\u00f0hagfr\u00e6\u00f0i og fj\u00e1rm\u00e1lal\u00e6si"]}, "status": "approved by school", "description": "Nemendur f\u00e1 inns\u00fdn \u00ed helstu grunnhugt\u00f6k og meginvi\u00f0fangsefni hagfr\u00e6\u00f0innar. Fjalla\u00f0 er um grunneiningar hagkerfisins og samspil \u00feeirra \u00ed marka\u00f0s\u00fej\u00f3\u00f0f\u00e9lagi. Hringr\u00e1s efnahagsl\u00edfsins er \u00fatsk\u00fdr\u00f0 og fjalla\u00f0 um helstu hagst\u00e6r\u00f0ir \u00fej\u00f3\u00f0arb\u00fasins og tengsl \u00feeirra. \n\u00cd \u00e1fanganum er einnig fjalla\u00f0 um gildi fj\u00e1rm\u00e1la fyrir einstaklinginn, fyrirt\u00e6ki\u00f0 og samf\u00e9lagi\u00f0 me\u00f0 \u00fev\u00ed a\u00f0 sko\u00f0a \u00e1byrg\u00f0 \u00e1 svi\u00f0i fj\u00e1rm\u00e1la, e\u00f0li kap\u00edtal\u00edsks marka\u00f0shagkerfis, e\u00f0li peninga, fj\u00e1rm\u00e1lastofnanir, tekjur, \u00fatgj\u00f6ld, sparna\u00f0, l\u00e1nam\u00e1l og fleira. ", "knowledge_goals": ["helstu hugt\u00f6kum hagfr\u00e6\u00f0innar", "hvernig hlutverki hins opinbera er h\u00e1tta\u00f0", "mikilv\u00e6gi utanr\u00edkisvi\u00f0skipta fyrir hagkerfi eins og \u00fea\u00f0 \u00edslenska", "gengi gjaldmi\u00f0la og \u00e1hrif gengis \u00e1 vi\u00f0skipti \u00ed v\u00ed\u00f0um skilningi"], "skills_goals": ["lesa og skilja fr\u00e9ttir um hagfr\u00e6\u00f0ileg m\u00e1lefni", "afla s\u00e9r uppl\u00fdsinga um hagfr\u00e6\u00f0ileg m\u00e1lefni", "reikna og t\u00falka hagst\u00e6r\u00f0ir eins og ver\u00f0b\u00f3lgu, vexti, hagv\u00f6xt og fleira", "gera sitt eigi\u00f0 skattframtal", "fara me\u00f0 peninga \u00ed samr\u00e6mi vi\u00f0 eigin markmi\u00f0 \u00ed l\u00edfinu", "greina fj\u00e1rm\u00e1lahugt\u00f6k", "geta teki\u00f0 skynsamlegar \u00e1kvar\u00f0anir um l\u00e1n og sparna\u00f0", "temja s\u00e9r pers\u00f3nu\u00fer\u00f3un \u00e1 svi\u00f0i fj\u00e1rm\u00e1la"], "credits": 5, "last_modified": 1425297115.227141, "schools": ["512351988caa45ed97015b44"], "coauthors": null, "instructions": "", "continued_education": false, "level": 2, "prerequisites": "Engar", "author": "6ea856f5-9f60-4d4f-a95e-aa9dbcc89d01", "abbreviation_version": null, "competence_goals": [["taka \u00fe\u00e1tt \u00ed umr\u00e6\u00f0um um hagfr\u00e6\u00f0ileg m\u00e1lefni", ""], ["taka uppl\u00fdstar \u00e1kvar\u00f0anir um eigin fj\u00e1rm\u00e1l", ""], ["gera s\u00e9r grein fyrir hvernig hagkerfi starfar og helstu verkefnum sem a\u00f0ilar hagkerfisins takast \u00e1 vi\u00f0", ""], ["vera l\u00e6s \u00e1 samf\u00e9lagi\u00f0 og helstu sto\u00f0ir hagkerfisins", ""], ["afla s\u00e9r frekari \u00feekkingar um fj\u00e1rm\u00e1l og geta n\u00fdtt s\u00e9r uppl\u00fdsingat\u00e6kni og Neti\u00f0 vi\u00f0 \u00f6flun uppl\u00fdsinga og lausn verkefna sem tengjast fj\u00e1rm\u00e1lavi\u00f0fangsefnum", ""]], "_id": "54f44edb62933a1936002086"}, {"exemplary": null, "topics": "\u00feroskas\u00e1lfr\u00e6\u00f0i", "abbreviation": "S\u00c1LF2\u00deS05", "former_schools": null, "subject": "s\u00e1lfr\u00e6\u00f0i", "title": "\u00deroskas\u00e1lfr\u00e6\u00f0i", "version": 30, "status_trans": "Sam\u00feykkt af sk\u00f3la", "embedded_subject": {"abbreviation": "S\u00c1LF", "topics": [{"abbreviation": "AK", "topics": ["almenn kynning"]}, {"abbreviation": "\u00deS", "topics": ["\u00feroskas\u00e1lfr\u00e6\u00f0i"]}, {"abbreviation": "AB", "topics": ["afbrig\u00f0as\u00e1lfr\u00e6\u00f0i"]}, {"abbreviation": "KV", "topics": ["kvikmyndas\u00e1lfr\u00e6\u00f0i"]}, {"abbreviation": "SD", "topics": ["s\u00e1lfr\u00e6\u00f0i daglegs l\u00edfs"]}, {"abbreviation": "IS", "topics": ["inngangur a\u00f0 s\u00e1lfr\u00e6\u00f0i"]}, {"abbreviation": "DS", "topics": ["duls\u00e1larfr\u00e6\u00f0i"]}, {"abbreviation": "RS", "topics": ["r\u00e9ttars\u00e1lfr\u00e6\u00f0i"]}, {"abbreviation": "GE", "topics": ["ge\u00f0heilsa"]}, {"abbreviation": "FP", "topics": ["f\u00e9lags- og per\u00f3nuleikas\u00e1lfr\u00e6\u00f0i"]}, {"abbreviation": "BK", "topics": ["inngangur a\u00f0 s\u00e1lfr\u00e6\u00f0i", "j\u00e1kv\u00e6\u00f0 s\u00e1lfr\u00e6\u00f0i", "minni", "n\u00e1m", "ranns\u00f3knir"]}, {"abbreviation": "KF", "topics": ["framhald", "kvikmyndas\u00e1lfr\u00e6\u00f0i"]}, {"abbreviation": "FS", "topics": ["f\u00e9lagss\u00e1lfr\u00e6\u00f0i"]}, {"abbreviation": "GS", "topics": ["ge\u00f0s\u00e1lfr\u00e6\u00f0i"]}, {"abbreviation": "\u00deU", "topics": ["\u00feroska- og uppeldisfr\u00e6\u00f0i"]}, {"abbreviation": "AA", "topics": ["almenn s\u00e1lfr\u00e6\u00f0i"]}, {"abbreviation": "CA", "topics": ["afbrigas\u00e1lfr\u00e6\u00f0i"]}, {"abbreviation": "L\u00cd", "topics": ["l\u00edfe\u00f0lisleg s\u00e1lfr\u00e6\u00f0i"]}, {"abbreviation": "F\u00c9", "topics": ["f\u00e9lagsleg s\u00e1lfr\u00e6\u00f0i"]}, {"abbreviation": "SS", "topics": ["inngangur a\u00f0 s\u00e1lfr\u00e6\u00f0i", "sj\u00f3narmi\u00f0 og saga"]}, {"abbreviation": "FG", "topics": ["f\u00e9lagss\u00e1lfr\u00e6\u00f0i", "greind", "pers\u00f3nuleikinn"]}, {"abbreviation": "LS", "topics": ["draumar", "l\u00edfe\u00f0lisleg s\u00e1lfr\u00e6\u00f0i", "skynjunars\u00e1lfr\u00e6\u00f0i", "svefn"]}, {"abbreviation": "\u00deR", "topics": ["l\u00edfst\u00ed\u00f0ar\u00fer\u00f3un", "\u00feroski"]}, {"abbreviation": "AF", "topics": ["ge\u00f0heilsa", "ge\u00f0raskanir", "streita", "tilfinningar"]}, {"abbreviation": "\u00cd\u00de", "topics": ["f\u00e9lagsst\u00f6rf", "f\u00e9l\u00f6g", "\u00ed\u00fer\u00f3ttas\u00e1lfr\u00e6\u00f0i"]}, {"abbreviation": "SG", "topics": ["framkoma", "gagnr\u00fdni", "hlustun", "samskipti", "sj\u00e1lfstraust"]}, {"abbreviation": "\u00cd\u00c6", "topics": ["\u00ed\u00fer\u00f3ttas\u00e1lfr\u00e6\u00f0i"]}, {"abbreviation": "IN", "topics": ["S\u00e1lfr\u00e6\u00f0i", "inngangur", "kenningar", "saga"]}, {"abbreviation": "\u00de\u00de", "topics": ["n\u00e1m", "\u00deroskas\u00e1lfr\u00e6\u00f0i", "\u00feroski", "\u00fer\u00f3un"]}, {"abbreviation": "AS", "topics": ["afbrig\u00f0as\u00e1lfr\u00e6\u00f0i", "streita"]}, {"abbreviation": "H\u00de", "topics": ["Hugar\u00fej\u00e1lfun", "\u00cd\u00fer\u00f3ttir"]}, {"abbreviation": "JS", "topics": ["J\u00e1kv\u00e6\u00f0 s\u00e1lfr\u00e6\u00f0i"]}, {"abbreviation": "HA", "topics": ["Hugr\u00e6n", "atferlisme\u00f0fer\u00f0"]}, {"abbreviation": "BS", "topics": ["Breytingar", "samskipti"]}, {"abbreviation": "GH", "topics": ["Ge\u00f0s\u00e1larfr\u00e6\u00f0i og ge\u00f0heilbrig\u00f0i"]}, {"abbreviation": "PF", "topics": ["f\u00e9lagss\u00e1lfr\u00e6\u00f0i", "pers\u00f3nuleikas\u00e1lfr\u00e6\u00f0i"]}, {"abbreviation": "VS", "topics": ["Vitund og si\u00f0blinda"]}, {"abbreviation": "BG", "topics": ["S\u00c1LF"]}, {"abbreviation": "F\u00d6", "topics": ["F\u00d6TLUN", "\u00d6LDRUN"]}, {"abbreviation": "CF", "topics": ["F\u00e9lags- og pers\u00f3nuleikas\u00e1lfr\u00e6\u00f0i"]}, {"abbreviation": "BT", "topics": ["Kortlagning hugans/heilans"]}, {"abbreviation": "CJ", "topics": ["j\u00e1kv\u00e6\u00f0 s\u00e1lfr\u00e6\u00f0i"]}, {"abbreviation": "AM", "topics": ["Atferlism\u00f3tun"]}, {"abbreviation": "GR", "topics": ["Grunnur \u00ed s\u00e1lfr\u00e6\u00f0i"]}, {"abbreviation": "NS", "topics": ["N\u00e1mss\u00e1larfr\u00e6\u00f0i", "saga"]}, {"abbreviation": "LH", "topics": ["L\u00edfe\u00f0lisleg og hugr\u00e6n s\u00e1lfr\u00e6\u00f0i"]}, {"abbreviation": "SF", "topics": ["mannlegt e\u00f0li", "n\u00e1m og minni", "s\u00e1lfr\u00e6\u00f0ingar", "s\u00e1lfr\u00e6\u00f0istefnur"]}, {"abbreviation": "S\u00de", "topics": ["sj\u00e1lfsmynd", "\u00feroskah\u00f6mlun", "\u00feroskakenningar", "\u00feroskas\u00e1lfr\u00e6\u00f0i"]}, {"abbreviation": "GG", "topics": ["fr\u00e1viksheg\u00f0un", "ge\u00f0heilsa", "ge\u00f0r\u00e6nar raskanir", "s\u00e1lfr\u00e6\u00f0ileg me\u00f0fer\u00f0"]}, {"abbreviation": "FR", "topics": ["f\u00e9lagss\u00e1lfr\u00e6\u00f0i", "pers\u00f3nueinkenni", "ranns\u00f3knir"]}], "_id": "50c0a02dd8e40575f7f6f4db", "subjects": ["s\u00e1lfr\u00e6\u00f0i"], "counter": {"1": 6, "3": 13, "2": 23, "4": 2}}, "evaluation": "Lei\u00f0sagnarmat. Fj\u00f6lbreytt verkefni metin jafnt og \u00fe\u00e9tt yfir \u00f6nnina. \u00c1hersla \u00e1 umsagnir sem lei\u00f0a nemandann \u00e1fram. Engin skrifleg lokapr\u00f3f.", "categorization_suggestion": "", "embedded_topics": {"abbreviation": "\u00deS", "topics": ["\u00feroskas\u00e1lfr\u00e6\u00f0i"]}, "status": "approved by school", "description": "\u00c1fanginn fjallar um \u00feroskaferil manneskjunnar allt fr\u00e1 f\u00e6\u00f0ingu til grafar. S\u00e9rstaklega er tekinn fyrir \u00feroski tilfinninga, f\u00e9lagslegra samskipta, hugsunar og greindar. \u00c1hersla er l\u00f6g\u00f0 \u00e1 \u00feroska sj\u00e1lfsmyndarinnar og hvernig h\u00fan m\u00f3tast me\u00f0 aldrinum. Einnig ver\u00f0ur viki\u00f0 a\u00f0 \u00feroskah\u00f6mlum og \u00fe\u00e6r sko\u00f0a\u00f0ar \u00fat fr\u00e1 l\u00edffr\u00e6\u00f0ilegu og s\u00e1lfr\u00e6\u00f0ilegu sj\u00f3narhorni. Nemendur \u00e6fa sig \u00ed a\u00f0 sko\u00f0a eigin \u00feroska \u00fat fr\u00e1 mismunandi \u00feroskakenningum og greina \u00fe\u00e1 \u00fe\u00e6tti sem hafa m\u00f3ta\u00f0 \u00fe\u00e1 \u00ed l\u00edfinu. Nemendur f\u00e1 \u00e6fingu \u00ed a\u00f0 r\u00f6kr\u00e6\u00f0a \u00e1litam\u00e1l eins og barneignir t\u00e1ninga, f\u00f3sturey\u00f0ingar e\u00f0a starfslok. M\u00f3tunar\u00e1hrif fj\u00f6lskyldu og vina ver\u00f0a sko\u00f0u\u00f0 og komi\u00f0 inn \u00e1 vandam\u00e1l barna og unglinga (t.d. ge\u00f0r\u00e6n, tilfinningaleg, l\u00edkamleg, n\u00e1ms- e\u00f0a heg\u00f0unarvandam\u00e1l). Vi\u00f0fangsefnin geta veri\u00f0 breytileg og m\u00f3tast af \u00e1huga nemenda. ", "knowledge_goals": ["\u00feroska mannsins \u00fat fr\u00e1 s\u00e1lfr\u00e6\u00f0inni", "helstu hugt\u00f6kum og kenningum \u00feroskas\u00e1lfr\u00e6\u00f0innar", "framlagi \u00feroskas\u00e1lfr\u00e6\u00f0innar innan s\u00e1lfr\u00e6\u00f0innar og til samf\u00e9lagsins"], "skills_goals": ["mi\u00f0la s\u00e9rh\u00e6f\u00f0ri f\u00e6rni me\u00f0 \u00fev\u00ed a\u00f0 beita almennum og s\u00e9rt\u00e6kum vinnubr\u00f6g\u00f0um, verkf\u00e6rum og a\u00f0fer\u00f0um", "afla uppl\u00fdsinga, greina \u00fe\u00e6r og setja \u00ed fr\u00e6\u00f0ilegt samhengi", "n\u00fdta fr\u00e6\u00f0ilegan texta \u00e1 \u00edslensku og erlendu tungum\u00e1li", "mi\u00f0la fr\u00e6\u00f0ilegu efni sk\u00fdrt og skilmerkilega \u00ed r\u00e6\u00f0u og riti"], "credits": 5, "last_modified": 1425377494.320556, "schools": ["512351988caa45ed97015b44"], "coauthors": null, "instructions": "", "continued_education": false, "level": 2, "prerequisites": "S\u00c1LF2IS05", "author": "6ea856f5-9f60-4d4f-a95e-aa9dbcc89d01", "abbreviation_version": null, "competence_goals": [["vinna \u00far ranns\u00f3knarg\u00f6gnum og leggja \u00e1 \u00feau mat", ""], ["s\u00fdna frumkv\u00e6\u00f0i a\u00f0 raunh\u00e6fum lausnum", ""], ["beita skapandi hugsun vi\u00f0 lausnami\u00f0a\u00f0 n\u00e1m", ""], ["meta eigin frammist\u00f6\u00f0u og annarra \u00e1 gagnr\u00fdninn h\u00e1tt", ""], ["taka \u00fe\u00e1tt \u00ed r\u00f6kr\u00e6\u00f0um um m\u00e1lefni sem tengjast \u00feroskas\u00e1lfr\u00e6\u00f0inni", ""]], "_id": "54f588d662933a3c2200030b"}, {"exemplary": null, "topics": "fr\u00e1 upphafi til byltinga", "abbreviation": "SAGA1FR05", "former_schools": null, "subject": "saga", "title": "\u00de\u00e6ttir \u00far mannkynss\u00f6gu fr\u00e1 upphafi mannsins til byltinga.", "version": 18, "status_trans": "Sam\u00feykkt af sk\u00f3la", "embedded_subject": {"abbreviation": "SAGA", "topics": [{"abbreviation": "AK", "topics": ["almenn kynning"]}, {"abbreviation": "MS", "topics": ["mannkynssaga"]}, {"abbreviation": "MH", "topics": ["menningarsaga"]}, {"abbreviation": "ST", "topics": ["samt\u00edmasaga"]}, {"abbreviation": "LS", "topics": ["listasaga"]}, {"abbreviation": "MU", "topics": ["\u00fe\u00e6ttir \u00far mannkynss\u00f6gu fr\u00e1 upphafi mannsins til n\u00fdaldar"]}, {"abbreviation": "RS", "topics": ["rokksaga"]}, {"abbreviation": "MN", "topics": ["19. \u2013 21. aldar", "einkum mannskynss\u00f6gu", "valdir \u00fe\u00e6ttir \u00far s\u00f6gu"]}, {"abbreviation": "\u00c1S", "topics": ["\u00e1takasv\u00e6\u00f0i \u00ed heiminum"]}, {"abbreviation": "\u00cdS", "topics": ["\u00edsland og umheimurinn fr\u00e1 l\u00fd\u00f0veldisstofnun til l\u00ed\u00f0andi stundar."]}, {"abbreviation": "KA", "topics": ["land", "r\u00edki: k\u00edna og su\u00f0austur-as\u00eda", "sv\u00e6\u00f0i"]}, {"abbreviation": "\u00cdM", "topics": ["\u00edslands- og mannkynssaga"]}, {"abbreviation": "\u00deV", "topics": ["\u00fej\u00f3\u00f0armor\u00f0 og vo\u00f0averk \u00e1 20.-21. \u00f6ld"]}, {"abbreviation": "\u00cdL", "topics": ["\u00edslandssaga"]}, {"abbreviation": "SS", "topics": ["str\u00ed\u00f0ssaga"]}, {"abbreviation": "ME", "topics": ["menningar", "saga"]}, {"abbreviation": "FR", "topics": ["fr\u00e1 upphafi til byltinga"]}, {"abbreviation": "OL", "topics": ["20. \u00f6ldin"]}, {"abbreviation": "SA", "topics": ["saga og kvikmyndir"]}, {"abbreviation": "D\u00c6", "topics": ["saga d\u00e6gurmenningar \u00e1 \u00edslandi \u00e1 20. \u00f6ld"]}, {"abbreviation": "AA", "topics": ["\u00edslands- og mannkynssaga \u00e1 20. og 21. \u00f6ld"]}, {"abbreviation": "FO", "topics": ["fornaldarsaga"]}, {"abbreviation": "MI", "topics": ["mi\u00f0aldasaga"]}, {"abbreviation": "N\u00dd", "topics": ["saga n\u00fdaldar"]}, {"abbreviation": "HE", "topics": ["heimssaga"]}, {"abbreviation": "MF", "topics": ["mannskynssaga til 1800"]}, {"abbreviation": "AU", "topics": ["saga austurlands"]}, {"abbreviation": "\u00c1N", "topics": ["mannkynssaga fr\u00e1 1750 til n\u00fat\u00edmans"]}, {"abbreviation": "TU", "topics": ["tuttugasta \u00f6ldin"]}, {"abbreviation": "\u00deJ", "topics": ["al\u00fe\u00fd\u00f0umenning", "hversdagsl\u00edf", "\u00fej\u00f3\u00f0fr\u00e6\u00f0i"]}, {"abbreviation": "ML", "topics": ["19. \u00f6ld fram yfir mi\u00f0ja 20. \u00f6ld", "menningar- og listasaga"]}, {"abbreviation": "\u00cd\u00de", "topics": ["f\u00e9lagasamt\u00f6k", "\u00ed\u00fer\u00f3ttasaga"]}, {"abbreviation": "LI", "topics": ["menningar- og listasaga", "mi\u00f0aldir fram yfir mi\u00f0ja 19. \u00f6ld"]}, {"abbreviation": "SL", "topics": ["samt\u00edmalistir \u00ed s\u00f6gulegu samhengi"]}, {"abbreviation": "LM", "topics": ["Menning og listir"]}, {"abbreviation": "VE", "topics": ["Verkefna\u00e1fangi"]}, {"abbreviation": "MK", "topics": ["Saga"]}, {"abbreviation": "SK", "topics": ["Saga kynningar\u00e1fangi"]}, {"abbreviation": "CB", "topics": ["Saga Bandar\u00edkjanna."]}, {"abbreviation": "\u00cdH", "topics": ["fr\u00e1 1900 til dagsins \u00ed dag", "\u00edslensk h\u00f6nnunarsaga"]}, {"abbreviation": "M\u00de", "topics": ["", "fj\u00f6lmi\u00f0lar og saga", "greinandi saga", "saga sem hluti samt\u00edmans"]}, {"abbreviation": "R\u00d3", "topics": ["R\u00f3marveldi"]}, {"abbreviation": "MB", "topics": ["Mannr\u00e9ttindabar\u00e1tta \u00ed Bandar\u00edkjunum"]}, {"abbreviation": "FS", "topics": ["saga fjarl\u00e6gra sl\u00f3\u00f0a"]}, {"abbreviation": "NS", "topics": ["\u00cdslands- og mannkynssaga fr\u00e1 mi\u00f0ri 18. \u00f6ld til vorra daga"]}, {"abbreviation": "S\u00de", "topics": ["Saga - \u00dej\u00f3\u00f0armor\u00f0"]}, {"abbreviation": "V\u00cd", "topics": ["\u00cdslands- og mannkynssaga"]}, {"abbreviation": "II", "topics": ["\u00cdslands- og mannkynssaga II"]}, {"abbreviation": "UK", "topics": ["Mannkynssaga fr\u00e1 Uppl\u00fdsingu til Kalda str\u00ed\u00f0s"]}, {"abbreviation": "FG", "topics": ["Forn - gr\u00edsk saga og heimspeki"]}, {"abbreviation": "YS", "topics": ["Yfirlitssaga", "\u00cdslands- og mannkynssaga"]}, {"abbreviation": "KS", "topics": ["Kalda str\u00ed\u00f0i\u00f0"]}, {"abbreviation": "MM", "topics": ["Menningarsaga"]}, {"abbreviation": "KV", "topics": ["Sagan \u00ed kvikmyndum"]}, {"abbreviation": "GL", "topics": ["Saga gar\u00f0listar \u00ed heiminum"]}, {"abbreviation": "GS", "topics": ["Saga gar\u00f0yrkju \u00e1 \u00cdslandi og \u00ed heiminum"]}, {"abbreviation": "LH", "topics": ["Listir og h\u00f6nnun"]}, {"abbreviation": "SR", "topics": ["Saga og menning R\u00f3marborgar"]}, {"abbreviation": "MA", "topics": ["Saga 20. og 21. aldar"]}, {"abbreviation": "M\u00cd", "topics": ["19.-20.\u00f6ldin - valdir \u00fe\u00e6ttir \u00far mannkynss\u00f6gu og \u00cdslandss\u00f6gu"]}, {"abbreviation": "BY", "topics": ["Byltingar"]}, {"abbreviation": "SB", "topics": ["Saga: Byltingar"]}, {"abbreviation": "HS", "topics": ["Hugmyndasaga"]}, {"abbreviation": "KM", "topics": ["Kvikmyndasaga"]}, {"abbreviation": "CL", "topics": ["Saga l\u00e6kninga og sj\u00fakd\u00f3ma 1"]}, {"abbreviation": "BV", "topics": ["Heimssaga  Austur-As\u00eda"]}, {"abbreviation": "BF", "topics": ["Fornaldarsaga"]}, {"abbreviation": "BA", "topics": ["Heimsaga. Afr\u00edka"]}, {"abbreviation": "BE", "topics": ["Saga Evr\u00f3pu fr\u00e1 endurreisn til byltinga"]}, {"abbreviation": "CC", "topics": ["Sagnfr\u00e6\u00f0i og ritger\u00f0asm\u00ed\u00f0"]}, {"abbreviation": "CU", "topics": ["Utangar\u00f0ssaga"]}, {"abbreviation": "CR", "topics": ["Rokksaga"]}, {"abbreviation": "C\u00de", "topics": ["Fr\u00e1 \u00fej\u00f3\u00f0hverfu til \u00fej\u00f3\u00f0armor\u00f0a."]}, {"abbreviation": "FM", "topics": ["forn\u00f6ld", "mi\u00f0\u00f6ld"]}, {"abbreviation": "\u00deM", "topics": ["\u00der\u00f3un menningar og samf\u00e9laga"]}, {"abbreviation": "OI", "topics": ["\u00cdslands og mannkynssaga I"]}, {"abbreviation": "\u00deS", "topics": ["\u00de\u00e6ttir \u00far s\u00f6gu 20. aldar"]}, {"abbreviation": "BM", "topics": ["Mi\u00f0aldasaga."]}, {"abbreviation": "CG", "topics": ["Menningarsaga R\u00f3m\u00f6nsku Amer\u00edku"]}, {"abbreviation": "CN", "topics": ["Heimstyrj\u00f6ldin og helf\u00f6rin"]}, {"abbreviation": "CP", "topics": ["Kalda str\u00ed\u00f0i\u00f0."]}, {"abbreviation": "TS", "topics": ["Tr\u00faarbrag\u00f0asaga"]}, {"abbreviation": "NM", "topics": ["fundur \u00cdslands", "hrun R\u00f3maveldis", "menning fornaldar", "n\u00fd\u00f6ld"]}, {"abbreviation": "S\u00cd", "topics": ["kap\u00edtalismi \u00ed kreppu og str\u00ed\u00f0i", "sj\u00e1lfst\u00e6\u00f0isbar\u00e1ttan \u00e1 \u00cdslandi"]}, {"abbreviation": "EM", "topics": ["kristin menning", "menning fornaldar", "\u00fer\u00f3un evr\u00f3pskar menningar"]}, {"abbreviation": "MT", "topics": ["heimurinn \u00e1 21. \u00f6ld", "kalda str\u00ed\u00f0i\u00f0", "millistr\u00ed\u00f0s\u00e1rin", "n\u00fdlendustefnan"]}, {"abbreviation": "AM", "topics": ["al\u00fej\u00f3\u00f0legt samhengi", "kynjahlutverk og \u00edslam", "r\u00edki Mi\u00f0austurlanda"]}, {"abbreviation": "UT", "topics": ["e\u00f0li og \u00fer\u00f3un tr\u00faarbrag\u00f0a", "tr\u00faarl\u00edf \u00e1 \u00cdslandi", "uppruni"]}, {"abbreviation": "FB", "topics": ["Mannkynssaga fyrir framhaldssk\u00f3labraut"]}, {"abbreviation": "UN", "topics": ["M\u00f3tun n\u00fat\u00edmasamf\u00e9lags"]}, {"abbreviation": "\u00cdU", "topics": ["\u00cdsland og umheimurinn fr\u00e1 l\u00fd\u00f0veldisstofnun til l\u00ed\u00f0andi stundar"]}], "_id": "50c0a02dd8e40575f7f6f47a", "subjects": ["saga"], "counter": {"1": 14, "3": 27, "2": 39, "4": 0}}, "evaluation": "Annareinkunn og lokapr\u00f3f", "categorization_suggestion": "", "embedded_topics": {"abbreviation": "FR", "topics": ["fr\u00e1 upphafi til byltinga"]}, "status": "approved by school", "description": "Til grundvallar liggja 5 efnisflokkar og mi\u00f0a\u00f0 er vi\u00f0 a\u00f0 kennari velji a.m.k. 4 \u00feeirra til umfj\u00f6llunar. Efnisflokkarnir eru: upphaf mannsins og \u00fer\u00f3un, fornaldarr\u00edki (2-3 r\u00edki fornaldar sko\u00f0u\u00f0), tr\u00faarbr\u00f6g\u00f0 (upphaf og saga \u00fatbreiddustu tr\u00faarbrag\u00f0a heims kynnt), landafundir/endurreisn/si\u00f0skipti (sko\u00f0a\u00f0ar helstu breytingar sem ur\u00f0u \u00ed heiminum um 1500), upphaf n\u00fat\u00edma\u00fej\u00f3\u00f0f\u00e9lags (uppl\u00fdsing og byltingar). Markvisst er unni\u00f0 a\u00f0 \u00fev\u00ed a\u00f0 kynna fyrir nemendum mismunandi tegundir heimilda og \u00fej\u00e1lfa \u00fe\u00e1 \u00ed notkun \u00feeirra og einfaldri framsetningu efnis. L\u00f6g\u00f0 er \u00e1hersla \u00e1 a\u00f0 s\u00fdna fram \u00e1 hvernig sagan birtist nemendum \u00ed n\u00fat\u00edmanum.", "knowledge_goals": ["v\u00f6ldum \u00fe\u00e1ttum \u00far s\u00f6gu mannkyns fr\u00e1 upphafi til n\u00fdaldar", "algengum hugt\u00f6kum sem h\u00f6f\u00f0 eru um fyrirb\u00e6ri s\u00f6gunnar", "\u00fev\u00ed a\u00f0 sj\u00e1lfsmynd einstaklinga og h\u00f3pa m\u00f3tast af s\u00f6gunni", "mikilv\u00e6gi gagnr\u00fdninnar hugsunar", "tegundum heimilda og helstu vinnubr\u00f6g\u00f0um vi\u00f0 heimildaleit og heimildanotkun", "tengslum fort\u00ed\u00f0ar og n\u00fat\u00ed\u00f0ar"], "skills_goals": ["lesa einfalda sagnfr\u00e6\u00f0ilega texta \u00e1 \u00edslensku", "tengja samt\u00ed\u00f0aratbur\u00f0i vi\u00f0 \u00fea\u00f0 sem \u00e1\u00f0ur hefur gerst", "nota a.m.k. tv\u00e6r ger\u00f0ir heimilda vi\u00f0 verkefnavinnu", "taka saman skriflega stutta umfj\u00f6llun um afmarka\u00f0 s\u00f6gulegt efni og kynna fyrir jafningjum"], "credits": 5, "last_modified": 1428490567.825665, "schools": ["512351988caa45ed97015b44"], "coauthors": null, "instructions": "", "continued_education": false, "level": 1, "prerequisites": "Engar", "author": "6ea856f5-9f60-4d4f-a95e-aa9dbcc89d01", "abbreviation_version": null, "competence_goals": [["setja sj\u00e1lfan sig \u00ed samhengi s\u00f6gunnar sem \u00fe\u00e1tttakandi og sko\u00f0andi", ""], ["geta sett sig \u00ed spor f\u00f3lks \u00e1 \u00fdmsum t\u00edmum", ""], ["geta teki\u00f0 \u00fe\u00e1tt \u00ed sko\u00f0anaskiptum og r\u00f6kr\u00e6\u00f0um me\u00f0 jafningjum um sagnfr\u00e6\u00f0ileg efni sem tekin eru fyrir \u00ed \u00e1fanganum", ""]], "_id": "5525094762933a46920059cc"}], "title": "Kjarni f\u00e9lags- og hugv\u00edsindabrautar"}], "description": "\u00c1 f\u00e9lags- og hugv\u00edsindabraut er \u00e1hersla \u00e1 kjarnagreinar og s\u00e9rgreinar \u00ed f\u00e9lagsv\u00edsindum og hugv\u00edsindum, s.s. f\u00e9lagsfr\u00e6\u00f0i, s\u00f6gu, s\u00e1lfr\u00e6\u00f0i og heimspeki. Brautinni l\u00fdkur me\u00f0 st\u00fadentspr\u00f3fi og n\u00e1m \u00e1 henni er g\u00f3\u00f0ur undirb\u00faningur fyrir h\u00e1sk\u00f3lan\u00e1m, ekki s\u00edst \u00e1 svi\u00f0i f\u00e9lagsv\u00edsinda, hugv\u00edsinda og \u00edslensku. ", "tags": "Sta\u00f0fest braut", "rules": "L\u00e1gmarkseinkunn er 5 \u00ed \u00f6llum \u00e1f\u00f6ngum.  Skipulag n\u00e1ms \u00e1 brautinni gerir r\u00e1\u00f0 fyrir \u00feriggja \u00e1ra n\u00e1mst\u00edma til st\u00fadentspr\u00f3fs. L\u00e1gmarksfj\u00f6ldi eininga \u00e1 hverju h\u00e6fnis\u00ferepi tekur mi\u00f0 af a\u00f0aln\u00e1mskr\u00e1 framhaldssk\u00f3la. N\u00e1nar er fjalla\u00f0 um n\u00e1msframvindu \u00ed sk\u00f3lan\u00e1mskr\u00e1.", "onsite_training": "", "programme_type": {"status": "Sam\u00feykkt", "exam": {"_types": ["Exam"], "_id": "4fb2704e874d802e5451c0bb", "description": "Nemandi me\u00f0 st\u00fadentspr\u00f3f af b\u00f3kn\u00e1msbraut b\u00fdr yfir almennri og s\u00e9rh\u00e6f\u00f0ri \u00feekkingu, leikni og h\u00e6fni til a\u00f0 takast \u00e1 vi\u00f0 n\u00e1m \u00e1 h\u00e1sk\u00f3lastigi. S\u00e9rh\u00e6fingin tengist fr\u00e6\u00f0asvi\u00f0i \u00e1 h\u00e1sk\u00f3lastigi sem er grundvalla\u00f0 \u00e1 b\u00f3kn\u00e1mi. Vi\u00f0 s\u00e9rh\u00e6finguna hefur nemandi \u00f6\u00f0last inns\u00fdn \u00ed starfsa\u00f0fer\u00f0ir vi\u00f0komandi fr\u00e6\u00f0asamf\u00e9lags og b\u00fdr yfir h\u00e6fni til a\u00f0 ver\u00f0a \u00e1byrgur og virkur einstaklingur \u00ed \u00fev\u00ed l\u00fd\u00f0r\u00e6\u00f0islega samf\u00e9lagi. Hann getur n\u00fdtt s\u00e9r norr\u00e6nt og anna\u00f0 erlent tungum\u00e1l vi\u00f0 frekara n\u00e1m og s\u00e9r menntun s\u00edna \u00ed al\u00fej\u00f3\u00f0legu samhengi. Hann b\u00fdr yfir h\u00e6fni til a\u00f0 geta tj\u00e1\u00f0 sig um s\u00e9rh\u00e6f\u00f0a \u00feekkingu s\u00edna, getur sk\u00fdrt og r\u00f6kstutt verklag \u00e1 \u00e1byrgan, gagnr\u00fdninn og sk\u00fdran h\u00e1tt. Hann b\u00fdr yfir h\u00e6fni til a\u00f0 tengja \u00feekkingu s\u00edna og leikni vi\u00f0 t\u00e6kni og v\u00edsindi, getur n\u00fdtt \u00feekkingu s\u00edna, leikni og h\u00e6fni til a\u00f0 greina n\u00fd t\u00e6kif\u00e6ri og getur tekist \u00e1 vi\u00f0 frekara n\u00e1m \u00e1 h\u00e1sk\u00f3lastigi.", "title": "B\u00f3kn\u00e1msbrautir til st\u00fadentspr\u00f3fs (\u00feri\u00f0ja \u00ferep)", "level": 3, "number": "6", "subject_choice_programme_flag": null, "_cls": "Exam", "maximum_credits": 240.0, "all_onsite": true, "credits_ratio": {"1": {"max": 33.0, "min": 17.0}, "3": {"max": 33.0, "min": 17.0}, "2": {"max": 50.0, "min": 33.0}, "4": {"max": 10.0, "min": 0.0}}, "minimum_credits": 180.0}, "tags": ["st\u00fadent", "b\u00f3kn\u00e1m", "h\u00e1sk\u00f3lan\u00e1m"], "title": "st\u00fadent", "field_id": "4fb272c4874d802e5451c0bf", "field": {"field": "Almennt n\u00e1m", "subfield": "Almennt n\u00e1m, grunnn\u00e1m og st\u00fadentspr\u00f3f", "_id": "4fb272c4874d802e5451c0bf", "description": "Basic general programmes pre-primary, elementary, primary, secondary, etc.", "isced": "01"}, "exam_id": "4fb2704e874d802e5451c0bb", "_cls": null, "subject_choice_programme_description": null, "hidden": false, "description": "Nemandi me\u00f0 st\u00fadentspr\u00f3f af b\u00f3kn\u00e1msbraut b\u00fdr yfir almennri og s\u00e9rh\u00e6f\u00f0ri \u00feekkingu, leikni og h\u00e6fni til a\u00f0 takast \u00e1 vi\u00f0 n\u00e1m \u00e1 h\u00e1sk\u00f3lastigi. S\u00e9rh\u00e6fingin tengist \u00fev\u00ed fr\u00e6\u00f0asvi\u00f0i \u00e1 h\u00e1sk\u00f3lastigi sem stefnt er \u00e1. Vi\u00f0 s\u00e9rh\u00e6finguna hefur hann \u00f6\u00f0last inns\u00fdn inn \u00ed starfsa\u00f0fer\u00f0ir vi\u00f0komandi fr\u00e6\u00f0asamf\u00e9lags og b\u00fdr yfir h\u00e6fni til a\u00f0 ver\u00f0a \u00e1byrgur og virkur einstaklingur \u00ed \u00fev\u00ed l\u00fd\u00f0r\u00e6\u00f0islega samf\u00e9lagi. Hann getur n\u00fdtt s\u00e9r erlent tungum\u00e1l vi\u00f0 frekara n\u00e1m og s\u00e9r menntun s\u00edna \u00ed al\u00fej\u00f3\u00f0legu samhengi. Hann b\u00fdr yfir h\u00e6fni til a\u00f0 geta tj\u00e1\u00f0 sig um s\u00e9rh\u00e6f\u00f0a \u00feekkingu s\u00edna, getur sk\u00fdrt og r\u00f6kstutt verklag \u00e1 \u00e1byrgan, gagnr\u00fdninn og sk\u00fdran h\u00e1tt. Hann b\u00fdr yfir h\u00e6fni til a\u00f0 tengja \u00feekkingu s\u00edna og leikni vi\u00f0 t\u00e6kni og v\u00edsindi og getur n\u00fdtt \u00feekkingu s\u00edna leikni og h\u00e6fni til a\u00f0 greina n\u00fd t\u00e6kif\u00e6ri."}, "free_choice_description": "Nemendur \u00feurfa a\u00f0 taka a\u00f0 l\u00e1gmarki 40 einingar \u00ed frj\u00e1lsu vali. Hafa \u00fearf \u00ed huga vi\u00f0 allt val \na\u00f0 einingar \u00e1 fyrsta \u00ferepi geta veri\u00f0 66 a\u00f0 h\u00e1marki, annars \u00fereps einingar 100 a\u00f0 h\u00e1marki og \u00fea\u00f0 \n\u00feurfa a\u00f0 vera a\u00f0 l\u00e1gmarki 34 einingar \u00e1 \u00feri\u00f0ja \u00ferepi.", "credits": 200, "last_modified": 1464786965.494286, "exam_id": "4fb2704e874d802e5451c0bb", "title_of_core": null, "schools": ["512351988caa45ed97015b44"], "free_choice_flag": true, "continued_education": false, "prerequisites": "Til a\u00f0 hefja n\u00e1m \u00e1 \u00f6\u00f0ru h\u00e6fni\u00ferepi \u00ed d\u00f6nsku, ensku, \u00edslensku e\u00f0a st\u00e6r\u00f0fr\u00e6\u00f0i \u00fearf \nnemandi a\u00f0 hafa n\u00e1\u00f0 h\u00e6fnieinkunn B vi\u00f0 lok grunnsk\u00f3la e\u00f0a a\u00f0 hafa loki\u00f0 fyrsta \u00fereps \u00e1fanga \u00ed \n\u00feessum greinum. \nN\u00e1nar er tilgreint um innt\u00f6kuskilyr\u00f0i \u00e1 heimas\u00ed\u00f0u sk\u00f3lans.", "target_groups": [], "competence_goals": ["afla s\u00e9r almennrar \u00feekkingar \u00e1 svi\u00f0i f\u00e9lags- og hugv\u00edsindagreina", "greina einkenni og \u00fer\u00f3un samf\u00e9laga og gera s\u00e9r grein fyrir m\u00f3tunar\u00f6flum einstaklinga og h\u00f3pa", "nj\u00f3ta umhverfisins, vir\u00f0a \u00fea\u00f0 og n\u00fdta \u00e1 skynsamlegan h\u00e1tt", "skilja meginstrauma menningar, tr\u00faar, stj\u00f3rnm\u00e1la og hag\u00fer\u00f3unar \u00ed fort\u00ed\u00f0 og n\u00fat\u00ed\u00f0", "lesa fr\u00e6\u00f0itexta \u00e1 ensku", "taka \u00fe\u00e1tt \u00ed r\u00f6kr\u00e6\u00f0um um samf\u00e9lagsleg efni", "lesa og setja fram ranns\u00f3knarni\u00f0urst\u00f6\u00f0ur me\u00f0 gagnr\u00fdnu hugarfari", "takast \u00e1 vi\u00f0 frekara n\u00e1m, einkum \u00ed f\u00e9lags- og hugv\u00edsindum"], "log": [], "organization": "N\u00e1m \u00e1 f\u00e9lags- og hugv\u00edsindabraut er fyrst og fremst b\u00f3klegt og fer fram \u00ed sk\u00f3lanum. \u00c1 brautinni er l\u00f6g\u00f0 \u00e1hersla \u00e1 kjarnagreinar \u00e1samt s\u00e9rh\u00e6fingu \u00ed f\u00e9lags- og hugv\u00edsindagreinum. N\u00e1m \u00e1 brautinni fyrri tv\u00f6 \u00e1rin er bundi\u00f0 vi\u00f0 bekki, en \u00e1 \u00feri\u00f0ja \u00e1rinu geta nemendur vali\u00f0 milli \u00fdmissa n\u00e1msgreina, sem anna\u00f0hvort eru framhalds\u00e1fangar \u00ed f\u00e9lags- og hugv\u00edsindagreinum e\u00f0a byrjunar\u00e1fangar \u00ed n\u00e1tt\u00faruv\u00edsindagreinum e\u00f0a skyldum greinum.", "_id": "5f034b80-8c93-4932-a02f-57f1ea345a65", "programme_type_id": "50b4b8b462933a5af800053b"}