{"course_choice": [], "epoch_created": 1508407222.570494, "package_choice": [], "date_ministry_approval": null, "competency": {"numbers_and_information": ["Miki\u00f0 reynir \u00e1 talna- og uppl\u00fdsingal\u00e6si nemenda \u00ed fj\u00f6lm\u00f6rgum \u00e1f\u00f6ngum brautarinnar \u00fe.\u00e1.m. lokaverkefninu. \u00dear eru ger\u00f0ar kr\u00f6fur um vinnubr\u00f6g\u00f0 \u00e1 h\u00e1sk\u00f3lastigi, \u00fe.e. a\u00f0 nemendur s\u00e9u l\u00e6sir \u00e1 uppl\u00fdsingar fr\u00e1 \u00f3l\u00edkum mi\u00f0lum, geti n\u00fdtt s\u00e9r margv\u00edslega t\u00e6kni \u00ed uppl\u00fdsingaleit, afla\u00f0 gagna, flokka\u00f0 \u00feau og n\u00fdtt s\u00e9r uppl\u00fdsingarnar \u00e1 gagnr\u00fdninn h\u00e1tt. Nemendur f\u00e1 \u00fej\u00e1lfun \u00ed a\u00f0 lesa, meta, t\u00falka og kynna t\u00f6lfr\u00e6\u00f0ilegar og myndr\u00e6nar uppl\u00fdsingar."], "educational_competence": ["\u00c1 n\u00e1mst\u00edmanum er unni\u00f0 a\u00f0 \u00fev\u00ed a\u00f0 efla sj\u00e1lfst\u00e6\u00f0 vinnubr\u00f6g\u00f0 nemenda og gera \u00fe\u00e1 \u00e1byrga \u00ed n\u00e1minu. Nemendur greina styrkleika s\u00edna og veikleika og f\u00e1 a\u00f0sto\u00f0 vi\u00f0 a\u00f0 setja s\u00e9r raunh\u00e6f n\u00e1msmarkmi\u00f0, forgangsra\u00f0a verkefnum, skipuleggja n\u00e1m sitt og vinnut\u00edma. Kennslu- og n\u00e1msa\u00f0fer\u00f0ir eru fj\u00f6lbreyttar og nemendur \u00fej\u00e1lfast \u00ed a\u00f0 vinna \u00f3l\u00edk verkefni sem reyna \u00e1 \u00fdmsa h\u00e6fni. \u00deeir f\u00e1 \u00fej\u00e1lfun \u00ed a\u00f0 deila \u00feekkingu sinni me\u00f0 \u00f6\u00f0rum og er \u00fea\u00f0 gert t.d. \u00ed gegnum h\u00f3pavinnu, paravinnu, kynningar \u00e1 verkefnum samvinnun\u00e1m og fleira. Nemendur l\u00e6ra a\u00f0 meta eigi\u00f0 vinnuframlag og annarra t.d. me\u00f0 sj\u00e1lfsmati og jafningjamati. Me\u00f0 stigvaxandi kr\u00f6fum \u00ed n\u00e1mi l\u00e6rir nemandi a\u00f0 takast \u00e1 vi\u00f0 n\u00fd verkefni og \u00e1skoranir, yfirst\u00edga hindranir og n\u00fdta fyrri reynslu, \u00feekkingu og skilning vi\u00f0 \u00farlausn n\u00fdrra verkefna."], "creative_thinking": ["\u00cd gegnum sk\u00f3lastarfi\u00f0 n\u00fdta nemendur sk\u00f6punarkraft sinn \u00e1 margv\u00edslegan h\u00e1tt \u00ed l\u00edfi og starfi innan sk\u00f3lans og utan. \u00cd sk\u00f3lanum eru settar upp leiks\u00fdningar, lists\u00fdningar, s\u00f6ngkeppnir og \u00fdmsar skemmtanir sem krefjast \u00feess a\u00f0 nemendur s\u00fdni frumkv\u00e6\u00f0i, sj\u00e1lfst\u00e6\u00f0i og skapandi hugsun og n\u00fdti \u00feekkingu s\u00edna til a\u00f0 skapa og b\u00faa til eitthva\u00f0 n\u00fdtt og draga l\u00e6rd\u00f3m af. F\u00e9lagsl\u00edfi\u00f0 skipar \u00fear st\u00f3ran sess og m\u00e1 helst nefna leiklist og t\u00f3nlist \u00ed \u00fev\u00ed sambandi. \u00cd gegnum f\u00e9lagsl\u00edfi\u00f0 \u00f6\u00f0last nemendur skilning \u00e1 tengslum menningar og listar vi\u00f0 atvinnusk\u00f6pun og samf\u00e9lags\u00fer\u00f3un. \u00cd n\u00e1minu vinna nemendur verkefni og skila \u00feeim af s\u00e9r me\u00f0 \u00f3l\u00edku sni\u00f0i t.d. sem myndbandi, vefs\u00ed\u00f0u, veggspjaldi, b\u00e6klingi, \u00farklippum, munnlegri kynningu, ferilm\u00f6ppu e\u00f0a sm\u00e1s\u00f6gu. \u00de\u00e1 reynir \u00e1 frumkv\u00e6\u00f0i og skapandi hugsun og a\u00f0 nemendur geti mi\u00f0la\u00f0 \u00feekkingu sinni og h\u00e6fni \u00e1 skapandi h\u00e1tt og me\u00f0 \u00f3l\u00edkum lei\u00f0um."], "equality": ["\u00cd sk\u00f3lanum er \u00ed gildi jafnr\u00e9ttis\u00e1\u00e6tlun sem segir a\u00f0 stu\u00f0la skuli a\u00f0 \u00fev\u00ed a\u00f0 hver einstaklingur n\u00fdti h\u00e6fileika s\u00edna og krafta sem best, \u00f3h\u00e1\u00f0 andlegu og l\u00edkamlegu atgervi, kynfer\u00f0i, kynhneig\u00f0, litarh\u00e6tti, \u00fej\u00f3\u00f0erni, tr\u00fa, b\u00fasetu e\u00f0a efnahag. Jafnframt er stefnt a\u00f0 \u00fev\u00ed a\u00f0 tryggja hverjum og einum vi\u00f0fangsefni og menntun vi\u00f0 h\u00e6fi. L\u00f6g\u00f0 er \u00e1hersla \u00e1 a\u00f0 starfi\u00f0 \u00e1 brautinni stu\u00f0li a\u00f0 j\u00f6fnum r\u00e9tti kynja til n\u00e1ms og a\u00f0 nemendur s\u00e9u hvattir til a\u00f0 velja s\u00e9r n\u00e1m eftir \u00e1huga. Me\u00f0 \u00feessu er leitast vi\u00f0 a\u00f0 gera nemendur me\u00f0vita\u00f0a um \u00e1hrif fyrirmynda og sta\u00f0almynda \u00e1 eigin \u00edmynd og l\u00edfsst\u00edl og a\u00f0 \u00feeir geti mynda\u00f0 s\u00e9r gagnr\u00fdna sko\u00f0un \u00e1 vi\u00f0teknum hugmyndum \u00ed samf\u00e9laginu. Nemendur vinna \u00fdmis verkefni sem tengjast jafnr\u00e9tti \u00ed v\u00ed\u00f0um skilningi t.d. ford\u00f3mum, fj\u00f6lmenningu, kynhneig\u00f0, f\u00f6tlun og tr\u00faarbr\u00f6g\u00f0um. \u00de\u00e1 l\u00e6ra nemendur a\u00f0 greina \u00e1hrif \u00fdmissa \u00fe\u00e1tta \u00e1 l\u00edf einstaklinga og h\u00f3pa, t.d. st\u00e9ttar, tr\u00faarbrag\u00f0a, \u00fej\u00f3\u00f0ernis, kynhneig\u00f0ar, litarh\u00e1ttar, b\u00fasetu o.fl."], "sustainability": ["\u00cd \u00f6llu sk\u00f3lastarfinu er l\u00f6g\u00f0 \u00e1hersla \u00e1 sj\u00e1lfb\u00e6rni og sj\u00e1lfb\u00e6ra hugsun. Unni\u00f0 er a\u00f0 \u00fev\u00ed a\u00f0 nemendur ver\u00f0i virkir og \u00e1byrgir borgarar b\u00e6\u00f0i \u00ed samf\u00e9laginu og umhverfi s\u00ednu. L\u00f6g\u00f0 er \u00e1hersla \u00e1 a\u00f0 nemendur skilji hvernig vistkerfi jar\u00f0ar setur manninum takmarkanir, sanngjarna skiptingu au\u00f0linda og skynsamlega n\u00fdtingu \u00feeirra. Nemendur vinna me\u00f0 uppl\u00fdsingar um eigin neysluvenjur og setja \u00ed samhengi vi\u00f0 n\u00fdtingu n\u00e1tt\u00faruau\u00f0linda. Einnig taka \u00feeir \u00fe\u00e1tt \u00ed samr\u00e6\u00f0um sem var\u00f0a umhverfisvitund og sj\u00e1lfb\u00e6rni \u00e1 \u00e1byrgan og r\u00f6kr\u00e6nan h\u00e1tt. Nemendur taka \u00e1byrga og uppl\u00fdsta afst\u00f6\u00f0u til umhverfism\u00e1la og n\u00fdtingu n\u00e1tt\u00faruau\u00f0linda. L\u00f6g\u00f0 er \u00e1hersla \u00e1 a\u00f0 nemendur vir\u00f0i mannr\u00e9ttindi, sko\u00f0anir annarra og umhverfi sitt."], "foreign_societies": ["Nemendur eru hvattir til a\u00f0 tj\u00e1 sig \u00e1 erlendum tungum\u00e1lum \u00ed \u00fev\u00ed tungum\u00e1lan\u00e1mi sem \u00feeir leggja stund \u00e1. Nemendur f\u00e1 fj\u00f6lbreytta texta til a\u00f0 vinna me\u00f0, tj\u00e1 sig b\u00e6\u00f0i munnlega og skriflega um innihald textanna og auka or\u00f0afor\u00f0a sinn um lei\u00f0. Einnig er l\u00f6g\u00f0 r\u00edk \u00e1hersla \u00e1 samr\u00e6\u00f0u og tj\u00e1ningu \u00ed r\u00e6\u00f0u og riti t.d. um b\u00f3kmenntir og kvikmyndir. \u00cd tungum\u00e1lan\u00e1minu er leitast vi\u00f0 a\u00f0 veita nemendum inns\u00fdn \u00ed \u00f3l\u00edka menningarheima og si\u00f0i sem einkennir \u00feau landsv\u00e6\u00f0i \u00fear sem vi\u00f0komandi m\u00e1l er tala\u00f0. \u00cd m\u00f6rgum \u00f6\u00f0rum greinum en tungum\u00e1lum kynna nemendur s\u00e9r \u00edtarefni og n\u00fdta s\u00e9r heimildir \u00e1 erlendu tungum\u00e1li \u00ed tengslum vi\u00f0 verkefnavinnu og f\u00e1 \u00feannig \u00fej\u00e1lfun \u00ed a\u00f0 lesa vi\u00f0komandi fagm\u00e1l. Sk\u00f3linn leitast vi\u00f0 a\u00f0 taka \u00fe\u00e1tt \u00ed samskiptum vi\u00f0 sk\u00f3la og skyldar stofnanir erlendis og er l\u00f6g\u00f0 \u00e1hersla \u00e1 a\u00f0 nemendur taki \u00fe\u00e1tt \u00ed erlendum samstarfsverkefnum."], "health": ["Sk\u00f3linn tekur \u00fe\u00e1tt \u00ed verkefni um heilsueflandi framhaldssk\u00f3la. L\u00f6g\u00f0 er \u00e1hersla \u00e1 heilsusamlegan l\u00edfsst\u00edl, n\u00e6ringu, hreyfingu og ge\u00f0r\u00e6kt. Nemendur eru \u00e1byrgir fyrir eigin heilsu, l\u00edkamlegri og andlegri og taka \u00e1byrga afst\u00f6\u00f0u til eigin velfer\u00f0ar og heilbrig\u00f0is. A\u00f0 loknu n\u00e1mi \u00feekkja nemendur gildi reglulegrar hreyfingar og mikilv\u00e6gi fj\u00f6lbreyttrar og n\u00e6ringarr\u00edkrar f\u00e6\u00f0u. Vi\u00f0 sk\u00f3lann er markvisst unni\u00f0 a\u00f0 fr\u00e6\u00f0slu sem tengist forv\u00f6rnum. Markmi\u00f0 sl\u00edkrar fr\u00e6\u00f0slu er a\u00f0 nemendur s\u00e9u me\u00f0vita\u00f0ir um ska\u00f0semi t\u00f3baksnotkunar, \u00e1fengisneyslu og notkunar annarra v\u00edmuefna \u00e1samt \u00fev\u00ed a\u00f0 \u00feeir taki afst\u00f6\u00f0u gegn einelti og \u00f6\u00f0ru ofbeldi og hverskonar mismunun. Fjalla\u00f0 er um neyslu og f\u00edkn, tengsl hugar og l\u00edkama og \u00fdmsa f\u00e9lagslega \u00fe\u00e6tti sem st\u00fdra heg\u00f0un og ath\u00f6fnum einstaklinga og hafa \u00e1hrif \u00e1 heilbrig\u00f0i og l\u00edfsst\u00edl."], "icelandic_society_norms": ["Me\u00f0 auknu s\u00edmati \u00ed sk\u00f3lanum er l\u00f6g\u00f0 \u00e1hersla \u00e1 vinnu nemenda \u00fear sem reynir \u00e1 alla \u00fe\u00e6tti l\u00e6sis, tj\u00e1ningar og samskipta. \u00cd sk\u00f3lastarfinu reynir \u00e1 samskiptah\u00e6fni og samskipti nemenda t.d. \u00ed f\u00e9lagsl\u00edfinu og vi\u00f0 alls kyns verkefnavinnu. M\u00e1 \u00fear nefna kynningar nemenda \u00e1 verkefnum s\u00ednum, \u00ed gegnum samr\u00e6\u00f0u \u00ed para- og h\u00f3pavinnu, \u00ed umr\u00e6\u00f0um og me\u00f0 \u00fe\u00e1ttt\u00f6ku \u00ed f\u00e9lagsst\u00f6rfum. Nemendur f\u00e1 \u00fej\u00e1lfun \u00ed a\u00f0 svara spurningum \u00e1 m\u00e1lefnalegan h\u00e1tt og a\u00f0 r\u00f6ksty\u00f0ja sko\u00f0anir s\u00ednar og ni\u00f0urst\u00f6\u00f0ur \u00ed r\u00e6\u00f0u og riti. Me\u00f0 aukinni \u00fej\u00e1lfun, st\u00edganda \u00ed n\u00e1mi og s\u00e9rh\u00e6fingu ver\u00f0ur or\u00f0afor\u00f0i nemenda fj\u00f6lbreyttari og m\u00e1li\u00f0 bl\u00e6brig\u00f0ar\u00edkara."], "democracy_and_human_rights": ["\u00cd sk\u00f3lanum er stu\u00f0la\u00f0 a\u00f0 \u00fev\u00ed a\u00f0 gera nemendur a\u00f0 virkum og \u00e1byrgum \u00fe\u00e1tttakendum \u00ed l\u00fd\u00f0r\u00e6\u00f0issamf\u00e9lagi t.d. me\u00f0 nemenda\u00feingi \u00fear sem nemendum er skipt \u00ed sm\u00e6rri h\u00f3pa og \u00feeir f\u00e1 \u00e1kve\u00f0i\u00f0 vi\u00f0fangsefni til a\u00f0 fjalla um, mynda s\u00e9r sko\u00f0un \u00e1 og skila till\u00f6gum/\u00e1bendingum um hva\u00f0 vel er gert e\u00f0a betur m\u00e1 fara. \u00ddmis m\u00e1lefni geta veri\u00f0 \u00ed brennidepli t.d. sk\u00f3lareglurnar, f\u00e9lagsst\u00f6rfin, a\u00f0b\u00fana\u00f0ur og \u00fej\u00f3nusta. \u00cd sk\u00f3lanum er kennslumat lagt fyrir nemendur en \u00ed sl\u00edku mati meta nemendur kennslu, a\u00f0st\u00f6\u00f0u og n\u00e1msefni \u00ed \u00feeim \u00e1f\u00f6ngum sem \u00feeir eru skr\u00e1\u00f0ir \u00ed. Ni\u00f0urst\u00f6\u00f0urnar eru nota\u00f0ar til a\u00f0 b\u00e6ta g\u00e6\u00f0i kennslunnar. A\u00f0 auki er l\u00f6g\u00f0 fyrir nemendur \u00fej\u00f3nustuk\u00f6nnun en \u00fear er lagt upp me\u00f0 a\u00f0 meta \u00fdmsa \u00fej\u00f3nustu sem sk\u00f3linn veitir nemendum t.d. \u00fej\u00f3nustu b\u00f3kasafns, skrifstofu, m\u00f6tuneytis o.s.frv. A\u00f0 auki eiga nemendur fulltr\u00faa \u00ed sk\u00f3lar\u00e1\u00f0i og sk\u00f3lanefnd, \u00ed sk\u00f3lanum er einnig starfr\u00e6kt hagsmunar\u00e1\u00f0 nemenda og nemendaf\u00e9lag. Nemendur vinna \u00fdmis verkefni sem fjalla t.d. um mannr\u00e9ttindi, si\u00f0fer\u00f0isvitund og l\u00fd\u00f0r\u00e6\u00f0i og eru hvattir til umbur\u00f0arlyndis og vir\u00f0ingar fyrir mismunandi l\u00edfsgildum. Me\u00f0 virkri \u00fe\u00e1ttt\u00f6ku \u00ed sk\u00f3lastarfinu, n\u00e1minu og me\u00f0 \u00feeim t\u00e6kif\u00e6rum sem nemendum bj\u00f3\u00f0ast til \u00e1hrifa \u00fej\u00e1lfast \u00feeir \u00ed \u00fev\u00ed a\u00f0 vera virkir og \u00e1byrgir \u00fe\u00e1tttakendur \u00ed l\u00fd\u00f0r\u00e6\u00f0issamf\u00e9lagi."]}, "user_id": "0bc9b589-2a42-4690-ac7e-ec65f804a0e6", "is_ministry_rejected": true, "title": "Grunnn\u00e1m m\u00e1lm- og v\u00e9lt\u00e6knigreina", "ministry_serial": "18-396-2-5", "version": "grunnn\u00e1m starfsgreina-19", "status_trans": "\u00cd vinnslu hj\u00e1 sk\u00f3la", "date_last_sent_to_ministry": 1521620713.834093, "evaluation": "L\u00f6g\u00f0 er \u00e1hersla \u00e1 lei\u00f0sagnarmat og s\u00edmat sem gefur nemendum uppbyggilega og hvetjandi lei\u00f0s\u00f6gn og metur vinnuframlag \u00feeirra jafnt og \u00fe\u00e9tt yfir n\u00e1mst\u00edmann. N\u00e1msmat er fj\u00f6lbreytt og a\u00f0fer\u00f0ir taka mi\u00f0 af fj\u00f6lbreyttum kennsluh\u00e1ttum, n\u00e1msmarkmi\u00f0um og h\u00e6fni nemenda. N\u00e1msmat \u00e1 brautinni er f\u00f3lgi\u00f0 \u00ed s\u00edmati og lokapr\u00f3fi e\u00f0a eing\u00f6ngu s\u00edmati. N\u00e1nari tilh\u00f6gun n\u00e1msmats s.s. skiladagar verkefna og v\u00e6gi kemur fram \u00ed n\u00e1msmatsreglum sk\u00f3lans.", "status": "in school review", "core": [{"courses": [{"exemplary": null, "topics": "Endurl\u00edfgun, me\u00f0fer\u00f0, \u00e1verkar", "abbreviation": "SKYN2E\u00c101", "former_schools": null, "subject": "skyndihj\u00e1lp", "title": "Almenn skyndihj\u00e1lp", "version": 5, "status_trans": "Sam\u00feykkt af sk\u00f3la", "embedded_subject": {"abbreviation": "SKYN", "topics": [{"abbreviation": "SE", "topics": ["endurl\u00edfgun", "skyndihj\u00e1lp"]}, {"abbreviation": "E\u00c1", "topics": ["Endurl\u00edfgun", "me\u00f0fer\u00f0", "\u00e1verkar"]}, {"abbreviation": "GR", "topics": ["Grunnn\u00e1mskei\u00f0"]}, {"abbreviation": "SH", "topics": ["1. hj\u00e1lp og s\u00e1lr\u00e6nn stu\u00f0ningur", "Almenn skyndihj\u00e1lp"]}, {"abbreviation": "AS", "topics": ["Skyndihj\u00e1lp"]}], "_id": "51275b4062933a682f000162", "subjects": ["skyndihj\u00e1lp"], "counter": {"1": 4, "3": 1, "2": 4, "4": 0}}, "evaluation": "L\u00f6g\u00f0 er \u00e1hersla \u00e1 fj\u00f6lbreytt n\u00e1msmat me\u00f0 lei\u00f0s\u00f6gn. N\u00e1msmati\u00f0 er \u00ed h\u00f6ndum kennara vi\u00f0komandi \u00e1fanga en \u00fearf a\u00f0 fylgja \u00feeim reglum sem kve\u00f0i\u00f0 er \u00e1 um \u00ed sk\u00f3lan\u00e1mskr\u00e1 VMA.", "categorization_suggestion": "AV", "embedded_topics": {"abbreviation": "E\u00c1", "topics": ["Endurl\u00edfgun", "me\u00f0fer\u00f0", "\u00e1verkar"]}, "status": "approved by school", "description": "\u00cd \u00e1fanganum er fjalla\u00f0 um a\u00f0ger\u00f0ir \u00e1 vettvangi, sko\u00f0un og mat. Fari\u00f0 er yfir endurl\u00edfgun, helstu bl\u00e6\u00f0ingar, lost og vi\u00f0br\u00f6g\u00f0 vi\u00f0 lost\u00e1standi. Einnig eru teknar fyrir helstu tegundir s\u00e1ra, \numb\u00fa\u00f0ir og s\u00e1rabindi og fari\u00f0 \u00ed helstu orsakir bruna, flokkun brunas\u00e1ra og skyndihj\u00e1lp vi\u00f0 bruna. Helstu h\u00f6fu\u00f0, h\u00e1ls og hrygg\u00e1verkum eru ger\u00f0 skil \u00e1samt brj\u00f3st-, kvi\u00f0- og \nmja\u00f0ma\u00e1verkum. Einnig er fari\u00f0 \u00ed beina-, li\u00f0am\u00f3ta- og v\u00f6\u00f0va\u00e1verka. Nemandinn l\u00e6rir a\u00f0 spelka \u00fatlimi sem or\u00f0i\u00f0 hafa fyrir \u00e1verka. Fari\u00f0 er \u00ed br\u00e1\u00f0a sj\u00fakd\u00f3ma, eitranir, bit og stungur, \u00e1samt umfj\u00f6llun um vi\u00f0br\u00f6g\u00f0 vi\u00f0 kali, ofk\u00e6lingu og h\u00e1ska af v\u00f6ldum hita. Fari\u00f0 er \u00ed bj\u00f6rgun og flutning einstaklinga af slyssta\u00f0. ", "knowledge_goals": ["hugmyndafr\u00e6\u00f0i skyndihj\u00e1lpar", "hvernig mat \u00e1 sl\u00f6su\u00f0um einstaklingi \u00e1 slyssta\u00f0 er framkv\u00e6mt", "framkv\u00e6md endurl\u00edfgunar", "bl\u00e6\u00f0ingum og vi\u00f0br\u00f6g\u00f0um vi\u00f0 lost\u00e1standi", "helstu tegundum s\u00e1ra, umb\u00fa\u00f0a og s\u00e1rabinda", "helstu tegundum brunas\u00e1ra og skyndihj\u00e1lp vegna brunas\u00e1ra", "helstu \u00e1verkum \u00e1 l\u00edkama", "fyrstu vi\u00f0br\u00f6g\u00f0um vi\u00f0 kali, ofk\u00e6lingu og ofhitnun", "fyrstu vi\u00f0br\u00f6g\u00f0um vegna br\u00e1\u00f0ra sj\u00fakd\u00f3ma, eitrana, bits e\u00f0a stungna"], "skills_goals": ["breg\u00f0ast vi\u00f0 dau\u00f0ad\u00e1i", "framkv\u00e6ma mat og sko\u00f0un \u00e1 sl\u00f6su\u00f0um einstaklingum", "flytja slasa\u00f0an einstakling af slyssta\u00f0 \u00e1 \u00f6ruggan h\u00e1tt", "framkv\u00e6ma bl\u00e1stursme\u00f0fer\u00f0 og hjartahno\u00f0", "b\u00faa um s\u00e1r og velja umb\u00fa\u00f0ir vi\u00f0 h\u00e6fi", "st\u00f6\u00f0va bl\u00e6\u00f0ingu og b\u00faa um bl\u00e6\u00f0andi s\u00e1r", "beita vi\u00f0eigandi me\u00f0fer\u00f0 vi\u00f0 losti", "spelka \u00fatlimi eftir \u00e1verka/tognanir", "veita fyrstu hj\u00e1lp vegna brunas\u00e1ra", "veita fyrstu hj\u00e1lp vegna kals, ofk\u00e6lingar og ofhitnunar"], "credits": 1, "last_modified": 1431422187.736418, "schools": ["512b49bc62933a682f00048a"], "coauthors": null, "instructions": "", "continued_education": false, "level": 2, "prerequisites": "engar", "author": "0bc9b589-2a42-4690-ac7e-ec65f804a0e6", "abbreviation_version": null, "competence_goals": [["meta a\u00f0st\u00e6\u00f0ur \u00e1 slyssta\u00f0 og breg\u00f0ast vi\u00f0 \u00feeim \u00e1 vi\u00f0eigandi h\u00e1tt", ""], ["veita skyndihj\u00e1lp vegna br\u00e1\u00f0ra sj\u00fakd\u00f3ma, dau\u00f0ad\u00e1s, slysa og/e\u00f0a l\u00edkamlegra \u00e1verka", ""]], "_id": "5551c4eb62933a2f3d0002ef"}, {"exemplary": null, "topics": "Notkun handverkf\u00e6ra, v\u00e9lavinna", "abbreviation": "SM\u00cd\u00d01NH05", "former_schools": null, "subject": "Sm\u00ed\u00f0ar", "title": "Handavinna m\u00e1lmi\u00f0na 1", "version": 1, "status_trans": "Sam\u00feykkt af sk\u00f3la", "embedded_subject": {"abbreviation": "SM\u00cd\u00d0", "topics": [{"abbreviation": "NH", "topics": ["Notkun handverkf\u00e6ra", "v\u00e9lavinna"]}], "_id": "557621bc62933a563f0001b8", "subjects": ["Sm\u00ed\u00f0ar"], "counter": {"1": 0, "3": 0, "2": 0, "4": 0}}, "evaluation": "L\u00f6g\u00f0 er \u00e1hersla \u00e1 fj\u00f6lbreytt n\u00e1msmat me\u00f0 lei\u00f0s\u00f6gn. N\u00e1msmati\u00f0 er \u00ed h\u00f6ndum kennara vi\u00f0komandi \u00e1fanga en \u00fearf a\u00f0 fylgja \u00feeim reglum sem kve\u00f0i\u00f0 er \u00e1 um \u00ed sk\u00f3lan\u00e1mskr\u00e1 VMA. ", "categorization_suggestion": "AV", "embedded_topics": {"abbreviation": "NH", "topics": ["Notkun handverkf\u00e6ra", "v\u00e9lavinna"]}, "status": "approved by school", "description": "Nemandinn f\u00e6r almenna kynningu \u00e1 umhverfi \u00e1 m\u00e1lmsm\u00ed\u00f0averkst\u00e6\u00f0i \u00e1samt helstu umgengnis- og \u00f6ryggisreglum. \u00de\u00e1 er fari\u00f0 yfir me\u00f0fer\u00f0 og notkun helstu m\u00e6lit\u00e6kja, handverkf\u00e6ra og einf\u00f6ldustu t\u00e6kja til sm\u00ed\u00f0a sem notu\u00f0 eru \u00ed m\u00e1lmi\u00f0na\u00f0i. Unni\u00f0 er a\u00f0 verkefnum \u00fear sem nemandinn les vinnuteikningar, f\u00e6r \u00fej\u00e1lfun \u00ed a\u00f0 m\u00e6la, merkja, saga, sverfa, bora, snitta, sl\u00edpa, o.s.frv. Jafnframt l\u00e6rir nemandinn a\u00f0 nota handb\u00e6kur og t\u00f6flur. L\u00f6g\u00f0 er \u00e1hersla \u00e1 a\u00f0 nemandinn kunni skil \u00e1 vinnsluh\u00e6tti rennibekkja, borv\u00e9la og fr\u00e6siv\u00e9la og l\u00e6ri umhir\u00f0u v\u00e9la og verkf\u00e6ra sem hann vinnur me\u00f0. Nemandinn \u00f6\u00f0last n\u00e6gilega f\u00e6rni til a\u00f0 leysa einf\u00f6ld verkefni \u00ed rennibekk innan 0,1 mm m\u00e1lvika. Fari\u00f0 er yfir grunn\u00fe\u00e6tti \u00ed \u00feunnpl\u00f6tusm\u00ed\u00f0i, helstu verkf\u00e6ri og v\u00e9lar, \u00feannig a\u00f0 nemandinn geti sm\u00ed\u00f0a\u00f0 einfalda hluti. Samhli\u00f0a kennslunni fer fram fr\u00e6\u00f0sla um slysah\u00e6ttu og \u00f6ryggis\u00fe\u00e6tti \u00e1 vinnusta\u00f0, \u00fear sem r\u00edk \u00e1hersla er l\u00f6g\u00f0 \u00e1 umgengni vi\u00f0 v\u00e9lar og verkf\u00e6ri sem unni\u00f0 er me\u00f0.", "knowledge_goals": ["me\u00f0fer\u00f0 og umhir\u00f0u verkf\u00e6ra", "m\u00e6lit\u00e6kjum og uppmerkit\u00e6kjum", "notkun sl\u00edpibanda og smergelsk\u00edfa", "almennum \u00f6ryggisreglum \u00e1 vinnusv\u00e6\u00f0i", "mikilv\u00e6gi \u00feess a\u00f0 ganga \u00ferifalega um vinnusv\u00e6\u00f0i sitt", "mikilv\u00e6gi \u00feess a\u00f0 ganga \u00e1 r\u00e9ttan h\u00e1tt fr\u00e1 spilliefnum, t.d. ol\u00edu og ol\u00edublautum papp\u00edr", "mikilv\u00e6gi g\u00f3\u00f0rar loftr\u00e6stingar", "undirst\u00f6\u00f0uatri\u00f0um heilsuverndar", "r\u00e9ttri notkun hl\u00edf\u00f0arfatna\u00f0ar og pers\u00f3nuhl\u00edfa"], "skills_goals": ["sm\u00ed\u00f0a hluti \u00far mismunandi m\u00e1lmum", "lesa af teikningum", "beita m\u00e6lit\u00e6kjum og uppmerkit\u00e6kjum", "beita helstu hj\u00e1lpart\u00e6kjum, t.d. rissn\u00e1l, vinkli, h\u00e6\u00f0arrissi og hringfara vi\u00f0 uppmerkingu \u00e1 efni fyrir vinnslu", "beita r\u00e9ttri yfirbor\u00f0sme\u00f0h\u00f6ndlun mi\u00f0a\u00f0 vi\u00f0 efnisger\u00f0 og notkun", "velja s\u00e9r sker\u00e1h\u00f6ld til verka", "draga bor og rennist\u00e1l ef \u00e1 \u00fearf a\u00f0 halda", "bora \u00ed m\u00e1lma af mismunandi ger\u00f0um og \u00feykktum"], "credits": 5, "last_modified": 1433805526.080201, "schools": ["512b49bc62933a682f00048a"], "coauthors": null, "instructions": "", "continued_education": false, "level": 1, "prerequisites": "engar", "author": "0bc9b589-2a42-4690-ac7e-ec65f804a0e6", "abbreviation_version": null, "competence_goals": [["efna ni\u00f0ur og m\u00e1lsetja einfalda hluti \u00far m\u00e1lmi", ""], ["\u00e1kve\u00f0a r\u00e9tta vinnslua\u00f0fer\u00f0", ""], ["velja r\u00e9ttar \u00fejalir fyrir efni og \u00e1fer\u00f0", ""], ["velja bora eftir efnum sem bora skal og sn\u00faningshra\u00f0a eftir borst\u00e6r\u00f0 og efnum", ""], ["velja r\u00e9tta borst\u00e6r\u00f0 \u00ed t\u00f6flu eftir st\u00e6r\u00f0 snitttappa sem nota \u00e1", ""], ["gera skr\u00fafgang me\u00f0 snittverkf\u00e6rum og nota snittt\u00f6flu i verklegum \u00e6fingum", ""], ["skipuleggja vinnu s\u00edna \u00e1 sj\u00e1lfst\u00e6\u00f0an og aga\u00f0an h\u00e1tt", ""]], "_id": "557622d662933a563f0001bc"}, {"exemplary": null, "topics": "Notkun handverkf\u00e6ra, v\u00e9lavinna", "abbreviation": "SM\u00cd\u00d02NH05", "former_schools": null, "subject": "Sm\u00ed\u00f0ar", "title": "Handavinna m\u00e1lmi\u00f0na 2", "version": 1, "status_trans": "Sam\u00feykkt af sk\u00f3la", "embedded_subject": {"abbreviation": "SM\u00cd\u00d0", "topics": [{"abbreviation": "NH", "topics": ["Notkun handverkf\u00e6ra", "v\u00e9lavinna"]}], "_id": "557621bc62933a563f0001b8", "subjects": ["Sm\u00ed\u00f0ar"], "counter": {"1": 1, "3": 0, "2": 0, "4": 0}}, "evaluation": "L\u00f6g\u00f0 er \u00e1hersla \u00e1 fj\u00f6lbreytt n\u00e1msmat me\u00f0 lei\u00f0s\u00f6gn. N\u00e1msmati\u00f0 er \u00ed h\u00f6ndum kennara vi\u00f0komandi \u00e1fanga en \u00fearf a\u00f0 fylgja \u00feeim reglum sem kve\u00f0i\u00f0 er \u00e1 um \u00ed sk\u00f3lan\u00e1mskr\u00e1 VMA. ", "categorization_suggestion": "AV", "embedded_topics": {"abbreviation": "NH", "topics": ["Notkun handverkf\u00e6ra", "v\u00e9lavinna"]}, "status": "approved by school", "description": "\u00cd \u00e1fanganum er l\u00f6g\u00f0 \u00e1hersla \u00e1 a\u00f0 nemandinn hlj\u00f3ti aukna \u00fej\u00e1lfun \u00ed sm\u00ed\u00f0i eftir teikningum. \u00c1hersla er l\u00f6g\u00f0 \u00e1 notkun verkst\u00e6\u00f0isv\u00e9la s.s. rennibekkja, fr\u00e6siv\u00e9la, borv\u00e9la, ni\u00f0urefnunarv\u00e9la o.fl., me\u00f0fer\u00f0 og umhir\u00f0u \u00feeirra. Nemandinn l\u00e6rir a\u00f0 sl\u00edpa bora og sp\u00f3nskur\u00f0arverkf\u00e6ri, sem hann \u00fearf a\u00f0 nota vi\u00f0 sm\u00ed\u00f0ina, sem og a\u00f0 nota handb\u00e6kur og t\u00f6flur. \u00c1hersla er \u00e1 a\u00f0 nemandinn \u00f6\u00f0list n\u00e6gilega f\u00e6rni til a\u00f0 leysa tilt\u00f6lulega einf\u00f6ld verkefni \u00ed rennibekk og fr\u00e6siv\u00e9l, innan 0,1 mm m\u00e1lvika.  Samhli\u00f0a kennslunni fer fram fr\u00e6\u00f0sla um slysah\u00e6ttu og \u00f6ryggis\u00fe\u00e6tti \u00e1 vinnusta\u00f0, \u00fear sem r\u00edk \u00e1hersla er l\u00f6g\u00f0 \u00e1 umgengni vi\u00f0 v\u00e9lar og verkf\u00e6ri sem unni\u00f0 er me\u00f0.", "knowledge_goals": ["mismunandi skr\u00fafgengjum og vinnu\u00fatf\u00e6rslu \u00feeirra", "helstu hlutum rennibekkja, fr\u00e6siv\u00e9la og borv\u00e9la og heiti \u00feeirra", "vinnsluh\u00e1ttum og fylgib\u00fana\u00f0i rennibekkja, fr\u00e6siv\u00e9la og borv\u00e9la", "handb\u00f3kum og t\u00f6flum og notkunarm\u00f6guleikum \u00feeirra", "almennum \u00f6ryggisreglum \u00e1 vinnusv\u00e6\u00f0i", "virkni fl\u00f3knari v\u00e9la til sm\u00ed\u00f0a"], "skills_goals": ["renna og fr\u00e6sa verkefni samkv\u00e6mt teikningum", "nota algengustu m\u00e6li- og uppmerkit\u00e6ki", "nota \u00e1h\u00f6ld sem h\u00e6fa efninu sem unni\u00f0 er me\u00f0", "draga bor og rennist\u00e1l", "sl\u00edpa bora og sp\u00f3nskur\u00f0arverkf\u00e6ri", "bora og snitta \u00ed m\u00e1lma af mismunandi ger\u00f0um", "lesa fl\u00f3knari teikningar en \u00e1\u00f0ur"], "credits": 5, "last_modified": 1433849635.651537, "schools": ["512b49bc62933a682f00048a"], "coauthors": null, "instructions": "", "continued_education": false, "level": 2, "prerequisites": "SM\u00cd\u00d01NH05", "author": "0bc9b589-2a42-4690-ac7e-ec65f804a0e6", "abbreviation_version": null, "competence_goals": [["\u00e1\u00e6tla magn og efnistaka \u00fea\u00f0 efni sem gefi\u00f0 er upp samkv\u00e6mt teikningum", ""], ["\u00fatb\u00faa verk\u00e1\u00e6tlun", ""], ["leysa einf\u00f6ld verkefni \u00ed rennibekk og fr\u00e6siv\u00e9l, innan 0,1 mm m\u00e1lvika", ""], ["n\u00fdta handb\u00e6kur og t\u00f6flur vi\u00f0 vinnslu verkefna", ""], ["velja \u00e1h\u00f6ld sem h\u00e6fa efninu sem unni\u00f0 er me\u00f0", ""], ["finna \u00fat sn\u00fanings- og f\u00e6rsluhra\u00f0a sp\u00f3nt\u00f6kuv\u00e9la", ""], ["skipuleggja vinnu s\u00edna \u00e1 sj\u00e1lfst\u00e6\u00f0an h\u00e1tt", ""]], "_id": "5576cf2362933a563f000369"}, {"exemplary": null, "topics": "heilbrig\u00f0i, hreyfing", "abbreviation": "HEIL1HH02", "former_schools": null, "subject": "heilsa, l\u00edfsst\u00edll", "title": "Heilsuefling 1", "version": 17, "status_trans": "Sam\u00feykkt af sk\u00f3la", "embedded_subject": {"abbreviation": "HEIL", "topics": [{"abbreviation": "HE", "topics": ["heilbrigt l\u00edferni og n\u00e1ndarkynning"]}, {"abbreviation": "UP", "topics": ["uppl\u00fdsingal\u00e6si"]}, {"abbreviation": "KY", "topics": ["kynheilbrig\u00f0i"]}, {"abbreviation": "HL", "topics": ["heilsa", "heilsul\u00e6si", "l\u00edkamsr\u00e6kt", "\u00fej\u00e1lfun"]}, {"abbreviation": "\u00deJ", "topics": ["li\u00f0leiki", "markmi\u00f0asetning", "styrkur", "\u00dej\u00e1lfun", "\u00deol", "\u00e1\u00e6tlanager\u00f0"]}, {"abbreviation": "KN", "topics": ["Knattspyrna", "spil", "t\u00e6kni", "\u00e6fingar"]}, {"abbreviation": "J\u00d3", "topics": ["J\u00f3ga", "agi", "einbeiting", "hreyfif\u00e6rni", "jafv\u00e6gi", "li\u00f0leiki", "sl\u00f6kun", "styrkur", "st\u00f6\u00f0uleiki", "\u00f6ndun"]}, {"abbreviation": "BA", "topics": ["Badminton", "einli\u00f0aleikur", "heilsuefling", "leikfr\u00e6\u00f0i", "li\u00f0leiki", "styrkur", "tvenndarleikur", "tv\u00edli\u00f0aleikur", "t\u00e6kni", "\u00feol"]}, {"abbreviation": "N\u00c6", "topics": ["N\u00e6ring", "fita", "heilsa", "hollusta", "kolvetni", "orka", "pr\u00f3tein", "steinefni", "v\u00edtam\u00edn", "\u00ed\u00fer\u00f3ttir"]}, {"abbreviation": "\u00c1\u00c6", "topics": ["li\u00f0leiki", "markmi\u00f0asetning", "styrkur", "\u00e1\u00e6tlanager\u00f0", "\u00fej\u00e1lfun", "\u00feol"]}, {"abbreviation": "\u00c6\u00c1", "topics": ["li\u00f0leiki.", "markmi\u00f0asetning", "styrkur", "\u00c1\u00e6tlanager\u00f0", "\u00fej\u00e1lfun", "\u00feol"]}, {"abbreviation": "SV", "topics": ["sj\u00e1lfst\u00e6tt verkefni"]}, {"abbreviation": "HR", "topics": ["Heilsur\u00e6kt"]}, {"abbreviation": "HN", "topics": ["hreyfing", "l\u00fd\u00f0heilsa", "n\u00e6ring"]}, {"abbreviation": "LH", "topics": ["Hreyfing", "l\u00fd\u00f0heilsa", "n\u00e6ring"]}, {"abbreviation": "GH", "topics": ["Grunnreglur \u00ed\u00fer\u00f3tta", "hreyfing og heilsa"]}, {"abbreviation": "KL", "topics": ["Kraft- og li\u00f0leika\u00fej\u00e1lfun \u00ed leik"]}, {"abbreviation": "L\u00cd", "topics": ["L\u00edkamsr\u00e6kt og heilsuvernd"]}, {"abbreviation": "LE", "topics": ["L\u00edkamsr\u00e6kt og eigin \u00fej\u00e1lfun"]}, {"abbreviation": "E\u00de", "topics": ["Eigin \u00fej\u00e1lfun"]}, {"abbreviation": "HH", "topics": ["heilbrig\u00f0i", "hreyfing"]}], "_id": "50c0a02dd8e40575f7f6f4e5", "subjects": ["heilsa", "l\u00edfsst\u00edll"], "counter": {"1": 15, "3": 0, "2": 4, "4": 0}}, "evaluation": "L\u00f6g\u00f0 er \u00e1hersla \u00e1 fj\u00f6lbreytt n\u00e1msmat me\u00f0 lei\u00f0s\u00f6gn. N\u00e1msmati\u00f0 er \u00ed h\u00f6ndum kennara vi\u00f0komandi \u00e1fanga en \u00fearf a\u00f0 fylgja \u00feeim reglum sem kve\u00f0i\u00f0 er \u00e1 um \u00ed sk\u00f3lan\u00e1mskr\u00e1 VMA.", "categorization_suggestion": "AV", "embedded_topics": {"abbreviation": "HH", "topics": ["heilbrig\u00f0i", "hreyfing"]}, "status": "approved by school", "description": "\u00cd \u00e1fanganum er leitast vi\u00f0 a\u00f0 hvetja nemandann til heilbrig\u00f0ari l\u00edfsh\u00e1tta. L\u00f6g\u00f0 ver\u00f0ur \u00e1hersla \u00e1 fj\u00f6lbreytta l\u00edkams\u00fej\u00e1lfun \u00fear sem unni\u00f0 er markvisst a\u00f0 \u00fev\u00ed a\u00f0 nemandi finni hreyfingu vi\u00f0 sitt h\u00e6fi \u00fat fr\u00e1 getu og \u00e1huga. Unni\u00f0 er markvisst a\u00f0 \u00fev\u00ed a\u00f0 nemendur \u00f6\u00f0list f\u00e6rni \u00ed a\u00f0 skipuleggja eigin \u00fej\u00e1lfun auk \u00feess sem fari\u00f0 er \u00ed grunnatri\u00f0i r\u00e9ttrar l\u00edkamsbeitingar. \u00de\u00e1 eru sk\u00f6pu\u00f0 t\u00e6kif\u00e6ri til a\u00f0 spreyta sig \u00e1 fj\u00f6lbreyttum a\u00f0fer\u00f0um til \u00feol-, styrktar- og li\u00f0leika\u00fej\u00e1lfunar auk \u00feess sem bo\u00f0i\u00f0 ver\u00f0ur upp \u00e1 m\u00e6lingar, t.d. \u00e1 \u00feoli og styrk, bl\u00f3\u00f0\u00fer\u00fdstingi og p\u00falsi. ", "knowledge_goals": ["mikilv\u00e6gi upphitunar, \u00fathalds- styrktar- og li\u00f0leika\u00fej\u00e1lfunar", "lei\u00f0um til a\u00f0 n\u00fdta l\u00edkams- og heilsur\u00e6kt \u00ed daglegum ath\u00f6fnum", "\u00e6fingum sem b\u00e6ta l\u00edkamsst\u00f6\u00f0u", "fj\u00f6lbreyttum a\u00f0fer\u00f0um til heilsur\u00e6ktar"], "skills_goals": ["auka \u00fathald sitt, styrk og li\u00f0leika me\u00f0 fj\u00f6lbreyttum a\u00f0fer\u00f0um sem henta hverjum og einum", "stunda \u00e6fingar og hreyfingu sem stu\u00f0lar a\u00f0 b\u00e6ttri l\u00edkamsbeitingu", "stunda \u00fej\u00e1lfun og hreyfingu sem hefur \u00e1hrif \u00e1 j\u00e1kv\u00e6\u00f0a upplifun og vi\u00f0horf til l\u00edkams- og heilsur\u00e6ktar", "nota samvinnu til a\u00f0 stu\u00f0la a\u00f0 tillitssemi og hvatningu", "nota heilsul\u00e6si til a\u00f0 efla og vi\u00f0halda g\u00f3\u00f0ri andlegri og l\u00edkamlegri heilsu"], "credits": 2, "last_modified": 1428924956.520668, "schools": ["512b49bc62933a682f00048a"], "coauthors": null, "instructions": "", "continued_education": false, "level": 1, "prerequisites": "engar", "author": "0bc9b589-2a42-4690-ac7e-ec65f804a0e6", "abbreviation_version": null, "competence_goals": [["styrkja j\u00e1kv\u00e6\u00f0a sj\u00e1lfsmynd me\u00f0 \u00fe\u00e1ttt\u00f6ku \u00ed almennri heilsur\u00e6kt, leikjum og \u00fativeru", ""], ["skilja gildi samvinnu \u00ed leik og keppni", ""], ["s\u00fdna \u00f6\u00f0rum vir\u00f0ingu vi\u00f0 leik, n\u00e1m og st\u00f6rf", ""], ["gl\u00edma vi\u00f0 fj\u00f6lbreytt verkefni sem sn\u00faa a\u00f0 alhli\u00f0a hreyfingu, l\u00edkams- og heilsur\u00e6kt", ""], ["n\u00fdta n\u00e1nasta umhverfi sitt og n\u00e1tt\u00faru til heilsur\u00e6ktar", ""], ["n\u00fdta s\u00e9r undirst\u00f6\u00f0uatri\u00f0i l\u00edkamsbeitingar \u00ed \u00fej\u00e1lfun", ""]], "_id": "552baa1c62933a4692006c52"}, {"exemplary": null, "topics": "heilbrig\u00f0i, hreyfing", "abbreviation": "HEIL1HH02(AV)", "former_schools": null, "subject": "heilsa, l\u00edfsst\u00edll", "title": "Heilsuefling 2", "version": 16, "status_trans": "Sam\u00feykkt af sk\u00f3la", "embedded_subject": {"abbreviation": "HEIL", "topics": [{"abbreviation": "HE", "topics": ["heilbrigt l\u00edferni og n\u00e1ndarkynning"]}, {"abbreviation": "UP", "topics": ["uppl\u00fdsingal\u00e6si"]}, {"abbreviation": "KY", "topics": ["kynheilbrig\u00f0i"]}, {"abbreviation": "HL", "topics": ["heilsa", "heilsul\u00e6si", "l\u00edkamsr\u00e6kt", "\u00fej\u00e1lfun"]}, {"abbreviation": "\u00deJ", "topics": ["li\u00f0leiki", "markmi\u00f0asetning", "styrkur", "\u00dej\u00e1lfun", "\u00deol", "\u00e1\u00e6tlanager\u00f0"]}, {"abbreviation": "KN", "topics": ["Knattspyrna", "spil", "t\u00e6kni", "\u00e6fingar"]}, {"abbreviation": "J\u00d3", "topics": ["J\u00f3ga", "agi", "einbeiting", "hreyfif\u00e6rni", "jafv\u00e6gi", "li\u00f0leiki", "sl\u00f6kun", "styrkur", "st\u00f6\u00f0uleiki", "\u00f6ndun"]}, {"abbreviation": "BA", "topics": ["Badminton", "einli\u00f0aleikur", "heilsuefling", "leikfr\u00e6\u00f0i", "li\u00f0leiki", "styrkur", "tvenndarleikur", "tv\u00edli\u00f0aleikur", "t\u00e6kni", "\u00feol"]}, {"abbreviation": "N\u00c6", "topics": ["N\u00e6ring", "fita", "heilsa", "hollusta", "kolvetni", "orka", "pr\u00f3tein", "steinefni", "v\u00edtam\u00edn", "\u00ed\u00fer\u00f3ttir"]}, {"abbreviation": "\u00c1\u00c6", "topics": ["li\u00f0leiki", "markmi\u00f0asetning", "styrkur", "\u00e1\u00e6tlanager\u00f0", "\u00fej\u00e1lfun", "\u00feol"]}, {"abbreviation": "\u00c6\u00c1", "topics": ["li\u00f0leiki.", "markmi\u00f0asetning", "styrkur", "\u00c1\u00e6tlanager\u00f0", "\u00fej\u00e1lfun", "\u00feol"]}, {"abbreviation": "SV", "topics": ["sj\u00e1lfst\u00e6tt verkefni"]}, {"abbreviation": "HR", "topics": ["Heilsur\u00e6kt"]}, {"abbreviation": "HN", "topics": ["hreyfing", "l\u00fd\u00f0heilsa", "n\u00e6ring"]}, {"abbreviation": "LH", "topics": ["Hreyfing", "l\u00fd\u00f0heilsa", "n\u00e6ring"]}, {"abbreviation": "GH", "topics": ["Grunnreglur \u00ed\u00fer\u00f3tta", "hreyfing og heilsa"]}, {"abbreviation": "KL", "topics": ["Kraft- og li\u00f0leika\u00fej\u00e1lfun \u00ed leik"]}, {"abbreviation": "L\u00cd", "topics": ["L\u00edkamsr\u00e6kt og heilsuvernd"]}, {"abbreviation": "LE", "topics": ["L\u00edkamsr\u00e6kt og eigin \u00fej\u00e1lfun"]}, {"abbreviation": "E\u00de", "topics": ["Eigin \u00fej\u00e1lfun"]}, {"abbreviation": "HH", "topics": ["heilbrig\u00f0i", "hreyfing"]}], "_id": "50c0a02dd8e40575f7f6f4e5", "subjects": ["heilsa", "l\u00edfsst\u00edll"], "counter": {"1": 15, "3": 0, "2": 4, "4": 0}}, "evaluation": "L\u00f6g\u00f0 er \u00e1hersla \u00e1 fj\u00f6lbreytt n\u00e1msmat me\u00f0 lei\u00f0s\u00f6gn. N\u00e1msmati\u00f0 er \u00ed h\u00f6ndum kennara vi\u00f0komandi \u00e1fanga en \u00fearf a\u00f0 fylgja \u00feeim reglum sem kve\u00f0i\u00f0 er \u00e1 um \u00ed sk\u00f3lan\u00e1mskr\u00e1 VMA.", "categorization_suggestion": "AV", "embedded_topics": {"abbreviation": "HH", "topics": ["heilbrig\u00f0i", "hreyfing"]}, "status": "approved by school", "description": "\u00cd \u00e1fanganum er leitast vi\u00f0 a\u00f0 hvetja nemandann til heilbrig\u00f0ari l\u00edfsh\u00e1tta. L\u00f6g\u00f0 ver\u00f0ur \u00e1hersla \u00e1 fj\u00f6lbreytta l\u00edkams\u00fej\u00e1lfun \u00fear sem unni\u00f0 er markvisst a\u00f0 \u00fev\u00ed a\u00f0 nemandi finni hreyfingu vi\u00f0 sitt h\u00e6fi \u00fat fr\u00e1 getu og \u00e1huga. Unni\u00f0 er markvisst a\u00f0 \u00fev\u00ed a\u00f0 nemendur \u00f6\u00f0list f\u00e6rni \u00ed a\u00f0 skipuleggja eigin \u00fej\u00e1lfun auk \u00feess sem fari\u00f0 er \u00ed grunnatri\u00f0i r\u00e9ttrar l\u00edkamsbeitingar. \u00de\u00e1 eru sk\u00f6pu\u00f0 t\u00e6kif\u00e6ri til a\u00f0 spreyta sig \u00e1 fj\u00f6lbreyttum a\u00f0fer\u00f0um til \u00feol-, styrktar- og li\u00f0leika\u00fej\u00e1lfunar auk \u00feess sem bo\u00f0i\u00f0 ver\u00f0ur upp \u00e1 m\u00e6lingar, t.d. \u00e1 \u00feoli og styrk, bl\u00f3\u00f0\u00fer\u00fdstingi og p\u00falsi. \u00c1hersla er \u00e1 a\u00f0 nemandinn byggi ofan \u00e1 grunn \u00far fyrri \u00e1fanga og ver\u00f0i me\u00f0vita\u00f0ri um \u00fe\u00e6tti sem hafa \u00e1hrif \u00e1 eigin heilsu. ", "knowledge_goals": ["mikilv\u00e6gi upphitunar, \u00fathalds- styrktar- og li\u00f0leika\u00fej\u00e1lfunar", "lei\u00f0um til a\u00f0 n\u00fdta l\u00edkams- og heilsur\u00e6kt \u00ed daglegum ath\u00f6fnum", "\u00e6fingum sem b\u00e6ta l\u00edkamsst\u00f6\u00f0u", "fj\u00f6lbreyttum a\u00f0fer\u00f0um til heilsur\u00e6ktar"], "skills_goals": ["auka \u00fathald sitt, styrk og li\u00f0leika me\u00f0 fj\u00f6lbreyttum a\u00f0fer\u00f0um sem henta hverjum og einum", "stunda \u00e6fingar og hreyfingu sem stu\u00f0lar a\u00f0 b\u00e6ttri l\u00edkamsbeitingu", "stunda \u00fej\u00e1lfun og hreyfingu sem hefur \u00e1hrif \u00e1 j\u00e1kv\u00e6\u00f0a upplifun og vi\u00f0horf til l\u00edkams- og heilsur\u00e6ktar", "nota samvinnu til a\u00f0 stu\u00f0la a\u00f0 tillitssemi og hvatningu", "nota heilsul\u00e6si til a\u00f0 efla og vi\u00f0halda g\u00f3\u00f0ri andlegri og l\u00edkamlegri heilsu"], "credits": 2, "last_modified": 1428925298.271642, "schools": ["512b49bc62933a682f00048a"], "coauthors": null, "instructions": "", "continued_education": false, "level": 1, "prerequisites": "HEIL1HH02 e\u00f0a samb\u00e6rilegur \u00e1fangi", "author": "0bc9b589-2a42-4690-ac7e-ec65f804a0e6", "abbreviation_version": null, "competence_goals": [["styrkja j\u00e1kv\u00e6\u00f0a sj\u00e1lfsmynd me\u00f0 \u00fe\u00e1ttt\u00f6ku \u00ed almennri heilsur\u00e6kt, leikjum og \u00fativeru", ""], ["skilja gildi samvinnu \u00ed leik og keppni", ""], ["s\u00fdna \u00f6\u00f0rum vir\u00f0ingu vi\u00f0 leik, n\u00e1m og st\u00f6rf", ""], ["gl\u00edma vi\u00f0 fj\u00f6lbreytt verkefni sem sn\u00faa a\u00f0 alhli\u00f0a hreyfingu, l\u00edkams- og heilsur\u00e6kt", ""], ["n\u00fdta n\u00e1nasta umhverfi sitt og n\u00e1tt\u00faru til heilsur\u00e6ktar", ""], ["n\u00fdta s\u00e9r undirst\u00f6\u00f0uatri\u00f0i l\u00edkamsbeitingar \u00ed \u00fej\u00e1lfun", ""]], "_id": "552bab7262933a4692006c5d"}, {"exemplary": null, "topics": "hreyfing, l\u00fd\u00f0heilsa, n\u00e6ring", "abbreviation": "HEIF1HN02(AV)", "former_schools": null, "subject": "heilsufr\u00e6\u00f0i", "title": "Heilsufr\u00e6\u00f0i 1", "version": 4, "status_trans": "Sam\u00feykkt af sk\u00f3la", "embedded_subject": {"abbreviation": "HEIF", "topics": [{"abbreviation": "NH", "topics": ["heilsur\u00e6kt", "n\u00e6ringarfr\u00e6\u00f0i"]}, {"abbreviation": "\u00deJ", "topics": ["\u00fej\u00e1lffr\u00e6\u00f0i heilsur\u00e6kt"]}, {"abbreviation": "\u00deH", "topics": ["heilsur\u00e6kt", "\u00fej\u00e1lffr\u00e6\u00f0i"]}, {"abbreviation": "HN", "topics": ["hreyfing", "l\u00fd\u00f0heilsa", "n\u00e6ring"]}], "_id": "5129e75c62933a682f0002e3", "subjects": ["heilsufr\u00e6\u00f0i"], "counter": {"1": 3, "3": 0, "2": 1, "4": 0}}, "evaluation": "L\u00f6g\u00f0 er \u00e1hersla \u00e1 fj\u00f6lbreytt n\u00e1msmat me\u00f0 lei\u00f0s\u00f6gn. N\u00e1msmati\u00f0 er \u00ed h\u00f6ndum kennara vi\u00f0komandi \u00e1fanga en \u00fearf a\u00f0 fylgja \u00feeim reglum sem kve\u00f0i\u00f0 er \u00e1 um \u00ed sk\u00f3lan\u00e1mskr\u00e1 VMA.", "categorization_suggestion": "AV", "embedded_topics": {"abbreviation": "HN", "topics": ["hreyfing", "l\u00fd\u00f0heilsa", "n\u00e6ring"]}, "status": "approved by school", "description": "\u00c1fanginn er b\u00f3klegur og fjallar um fr\u00e6\u00f0ilega \u00fe\u00e6tti heilsul\u00e6sis, l\u00edkams\u00fej\u00e1lfunar og heilsueflingar. \u00cd \u00e1fanganum er fari\u00f0 yfir almenna \u00fej\u00e1lffr\u00e6\u00f0i tengda upphitun, \u00feol-, styrktar-, og li\u00f0leika\u00fej\u00e1lfun. Fjalla\u00f0 er um mikilv\u00e6gi n\u00e6ringar, \u00e1hrif umhverfis og menningar \u00e1 heilsu, hreinl\u00e6ti, kynheilbrig\u00f0i og fleira sem tengist \u00fev\u00ed a\u00f0 auka heilsul\u00e6si einstaklingsins og \u00e1byrg\u00f0 hans \u00e1 eigin heilsu.  Auk \u00feess er fjalla\u00f0 um heilsu \u00e1 v\u00ed\u00f0t\u00e6kan h\u00e1tt og forvarnagildi hreyfingar og heilbrig\u00f0s l\u00edfsst\u00edls.  ", "knowledge_goals": ["\u00feeim \u00fe\u00e1ttum sem hafa \u00e1hrif \u00e1 heilsu okkar", "mikilv\u00e6gi andlegrar, f\u00e9lagslegrar og l\u00edkamlegrar vell\u00ed\u00f0unar", "hvernig nemandi getur haft \u00e1hrif \u00e1 \u00fe\u00e1 \u00fe\u00e6tti sem stj\u00f3rna eigin vell\u00ed\u00f0an", "mikilv\u00e6gi \u00feess a\u00f0 byggja upp vir\u00f0ingu fyrir sj\u00e1lfum s\u00e9r og \u00f6\u00f0rum me\u00f0 \u00fev\u00ed a\u00f0 r\u00e6kta l\u00edkama sinn og s\u00e1l", "\u00e1hrifum umhverfis og menningar \u00e1 hugmyndir f\u00f3lks um heilsu og heilbrig\u00f0i", "mikilv\u00e6gi upphitunar, \u00fathalds- styrktar- og li\u00f0leika\u00fej\u00e1lfunar", "mikilv\u00e6gi r\u00e9ttrar l\u00edkamsbeitingar"], "skills_goals": ["temja s\u00e9r hollt og gott matar\u00e6\u00f0i", "nota heilsul\u00e6si til a\u00f0 efla og vi\u00f0halda g\u00f3\u00f0ri andlegri og l\u00edkamlegri heilsu", "skipuleggja eigin \u00fej\u00e1lfun"], "credits": 2, "last_modified": 1429877388.591278, "schools": ["512b49bc62933a682f00048a"], "coauthors": null, "instructions": "", "continued_education": false, "level": 1, "prerequisites": "engar", "author": "0bc9b589-2a42-4690-ac7e-ec65f804a0e6", "abbreviation_version": null, "competence_goals": [["styrkja j\u00e1kv\u00e6\u00f0a sj\u00e1lfsmynd me\u00f0 \u00fe\u00e1ttt\u00f6ku \u00ed almennri heilsur\u00e6kt, leikjum og \u00fativeru", ""], ["skilja gildi samvinnu \u00ed leik og keppni", ""], ["n\u00fdta uppl\u00fdsingar \u00e1 netinu er var\u00f0a heilsusamlegan l\u00edfsst\u00edl, j\u00e1kv\u00e6\u00f0a sj\u00e1lfsmynd og ge\u00f0heilbrig\u00f0i", ""], ["s\u00fdna \u00f6\u00f0rum vir\u00f0ingu vi\u00f0 leik, n\u00e1m og st\u00f6rf", ""], ["skipuleggja fj\u00f6lbreytt verkefni sem sn\u00faa a\u00f0 alhli\u00f0a hreyfingu, l\u00edkams- og heilsur\u00e6kt", ""], ["tileinka s\u00e9r hollar og fj\u00f6lbreyttar f\u00e6\u00f0uvenjur", ""]], "_id": "553a328c62933a4692008fdc"}, {"exemplary": null, "topics": "hreyfing, l\u00fd\u00f0heilsa, n\u00e6ring", "abbreviation": "HEIF1HN02(AV)", "former_schools": null, "subject": "heilsufr\u00e6\u00f0i", "title": "Heilsufr\u00e6\u00f0i 2", "version": 5, "status_trans": "Sam\u00feykkt af sk\u00f3la", "embedded_subject": {"abbreviation": "HEIF", "topics": [{"abbreviation": "NH", "topics": ["heilsur\u00e6kt", "n\u00e6ringarfr\u00e6\u00f0i"]}, {"abbreviation": "\u00deJ", "topics": ["\u00fej\u00e1lffr\u00e6\u00f0i heilsur\u00e6kt"]}, {"abbreviation": "\u00deH", "topics": ["heilsur\u00e6kt", "\u00fej\u00e1lffr\u00e6\u00f0i"]}, {"abbreviation": "HN", "topics": ["hreyfing", "l\u00fd\u00f0heilsa", "n\u00e6ring"]}], "_id": "5129e75c62933a682f0002e3", "subjects": ["heilsufr\u00e6\u00f0i"], "counter": {"1": 3, "3": 0, "2": 1, "4": 0}}, "evaluation": "L\u00f6g\u00f0 er \u00e1hersla \u00e1 fj\u00f6lbreytt n\u00e1msmat me\u00f0 lei\u00f0s\u00f6gn. N\u00e1msmati\u00f0 er \u00ed h\u00f6ndum kennara vi\u00f0komandi \u00e1fanga en \u00fearf a\u00f0 fylgja \u00feeim reglum sem kve\u00f0i\u00f0 er \u00e1 um \u00ed sk\u00f3lan\u00e1mskr\u00e1 VMA.", "categorization_suggestion": "AV", "embedded_topics": {"abbreviation": "HN", "topics": ["hreyfing", "l\u00fd\u00f0heilsa", "n\u00e6ring"]}, "status": "approved by school", "description": "\u00c1fanginn er b\u00f3klegur og fjallar um fr\u00e6\u00f0ilega \u00fe\u00e6tti heilsul\u00e6sis, l\u00edkams\u00fej\u00e1lfunar og heilsueflingar. \u00cd \u00e1fanganum er fari\u00f0 yfir almenna \u00fej\u00e1lffr\u00e6\u00f0i tengda upphitun, \u00feol-, styrktar-, og li\u00f0leika\u00fej\u00e1lfun. Fjalla\u00f0 er um mikilv\u00e6gi n\u00e6ringar, \u00e1hrif umhverfis og menningar \u00e1 heilsu, hreinl\u00e6ti, kynheilbrig\u00f0i og fleira sem tengist \u00fev\u00ed a\u00f0 auka heilsul\u00e6si einstaklingsins og \u00e1byrg\u00f0 hans \u00e1 eigin heilsu.  Auk \u00feess er fjalla\u00f0 um heilsu \u00e1 v\u00ed\u00f0t\u00e6kan h\u00e1tt og forvarnagildi hreyfingar og heilbrig\u00f0s l\u00edfsst\u00edls.  \u00c1hersla er \u00e1 a\u00f0 nemandinn byggi ofan \u00e1 grunn \u00far fyrri \u00e1fanga og ver\u00f0i me\u00f0vita\u00f0ri um \u00fe\u00e6tti sem hafa \u00e1hrif \u00e1 eigin heilsu. ", "knowledge_goals": ["\u00feeim \u00fe\u00e1ttum sem hafa \u00e1hrif \u00e1 heilsu okkar", "mikilv\u00e6gi andlegrar, f\u00e9lagslegrar og l\u00edkamlegrar vell\u00ed\u00f0unar", "hvernig nemandi getur haft \u00e1hrif \u00e1 \u00fe\u00e1 \u00fe\u00e6tti sem stj\u00f3rna eigin vell\u00ed\u00f0an", "mikilv\u00e6gi \u00feess a\u00f0 byggja upp vir\u00f0ingu fyrir sj\u00e1lfum s\u00e9r og \u00f6\u00f0rum me\u00f0 \u00fev\u00ed a\u00f0 r\u00e6kta l\u00edkama sinn og s\u00e1l", "\u00e1hrifum umhverfis og menningar \u00e1 hugmyndir f\u00f3lks um heilsu og heilbrig\u00f0i", "mikilv\u00e6gi upphitunar, \u00fathalds- styrktar- og li\u00f0leika\u00fej\u00e1lfunar", "mikilv\u00e6gi r\u00e9ttrar l\u00edkamsbeitingar"], "skills_goals": ["temja s\u00e9r hollt og gott matar\u00e6\u00f0i", "nota heilsul\u00e6si til a\u00f0 efla og vi\u00f0halda g\u00f3\u00f0ri andlegri og l\u00edkamlegri heilsu", "skipuleggja eigin \u00fej\u00e1lfun"], "credits": 2, "last_modified": 1429877457.817109, "schools": ["512b49bc62933a682f00048a"], "coauthors": null, "instructions": "", "continued_education": false, "level": 1, "prerequisites": "HEIF1HN02 e\u00f0a samb\u00e6rilegur \u00e1fangi", "author": "0bc9b589-2a42-4690-ac7e-ec65f804a0e6", "abbreviation_version": null, "competence_goals": [["styrkja j\u00e1kv\u00e6\u00f0a sj\u00e1lfsmynd me\u00f0 \u00fe\u00e1ttt\u00f6ku \u00ed almennri heilsur\u00e6kt, leikjum og \u00fativeru", ""], ["skilja gildi samvinnu \u00ed leik og keppni", ""], ["n\u00fdta uppl\u00fdsingar \u00e1 netinu er var\u00f0a heilsusamlegan l\u00edfsst\u00edl, j\u00e1kv\u00e6\u00f0a sj\u00e1lfsmynd og ge\u00f0heilbrig\u00f0i", ""], ["s\u00fdna \u00f6\u00f0rum vir\u00f0ingu vi\u00f0 leik, n\u00e1m og st\u00f6rf", ""], ["skipuleggja fj\u00f6lbreytt verkefni sem sn\u00faa a\u00f0 alhli\u00f0a hreyfingu, l\u00edkams- og heilsur\u00e6kt", ""], ["tileinka s\u00e9r hollar og fj\u00f6lbreyttar f\u00e6\u00f0uvenjur", ""]], "_id": "553a32d162933a4692008fe1"}, {"exemplary": null, "topics": "lestur, m\u00e1lfr\u00e6\u00f0i, or\u00f0afor\u00f0i, skilningur", "abbreviation": "ENSK2LS05", "former_schools": null, "subject": "enska", "title": "Lestur til skilnings", "version": 33, "status_trans": "Sam\u00feykkt af sk\u00f3la", "embedded_subject": {"abbreviation": "ENSK", "topics": [{"abbreviation": "GS", "topics": ["grunnatri\u00f0i", "samt\u00f6l"]}, {"abbreviation": "OO", "topics": ["or\u00f0ab\u00f3k", "or\u00f0afor\u00f0i"]}, {"abbreviation": "MM", "topics": ["myndas\u00f6gur", "myndb\u00f6nd"]}, {"abbreviation": "TL", "topics": ["lagatextar", "t\u00f3nlist"]}, {"abbreviation": "FR", "topics": ["ferilsverkefni", "ritunarverkefni"]}, {"abbreviation": "TS", "topics": ["myndm\u00e1l", "ritger\u00f0", "st\u00edlar", "textar"]}, {"abbreviation": "RH", "topics": ["hlustun", "m\u00e1lnotkun", "undirst\u00f6\u00f0uatri\u00f0i \u00ed ritun"]}, {"abbreviation": "SM", "topics": ["m\u00fas\u00edk og myndir 1950-70", "s\u00f6gur"]}, {"abbreviation": "BR", "topics": ["bretland"]}, {"abbreviation": "K\u00c1", "topics": ["kanada", "\u00e1stral\u00eda og n\u00fdja sj\u00e1land"]}, {"abbreviation": "SB", "topics": ["shakespeare og 19. \u00f6ldin \u00ed b\u00f3kmenntum"]}, {"abbreviation": "B\u00d3", "topics": ["b\u00f3kmenntir 20. aldar"]}, {"abbreviation": "KV", "topics": ["kvikmynda\u00e1fangi"]}, {"abbreviation": "AB", "topics": ["afr\u00edsk-amer\u00edskar b\u00f3kmenntir"]}, {"abbreviation": "U\u00c1", "topics": ["undirb\u00faningur", "\u00e1fangi"]}, {"abbreviation": "MT", "topics": ["m\u00e1lfr\u00e6\u00f0i", "tj\u00e1ning"]}, {"abbreviation": "MS", "topics": ["menning", "skapandi skrif"]}, {"abbreviation": "KR", "topics": ["kvikmyndir", "ritun"]}, {"abbreviation": "HR", "topics": ["heimildavinna", "ritger\u00f0ir"]}, {"abbreviation": "FF", "topics": ["fagm\u00e1l", "f\u00e9lagsv\u00edsinda"]}, {"abbreviation": "VE", "topics": ["enska", "vi\u00f0skipta"]}, {"abbreviation": "RE", "topics": ["enska", "raungreinar"]}, {"abbreviation": "BM", "topics": ["b\u00f3kmenntir", "m\u00e1lsaga"]}, {"abbreviation": "LB", "topics": ["b\u00f3kmenntir", "leik"]}, {"abbreviation": "UP", "topics": ["pr\u00f3f", "undirb\u00faningur"]}, {"abbreviation": "EN", "topics": ["enska fyrir fer\u00f0agreinar"]}, {"abbreviation": "FE", "topics": ["enska fyrir fer\u00f0a\u00fej\u00f3nustu"]}, {"abbreviation": "ST", "topics": ["evr\u00f3pski tungum\u00e1laramminn", "stig b1-b2"]}, {"abbreviation": "SE", "topics": ["evr\u00f3pski tungum\u00e1laramminn", "stig b2"]}, {"abbreviation": "ES", "topics": ["evr\u00f3pski tungum\u00e1laramminn", "stig b2-c1"]}, {"abbreviation": "EV", "topics": ["evr\u00f3pski tungum\u00e1laramminn", "stig c1"]}, {"abbreviation": "BF", "topics": ["b2", "evr\u00f3pski tungum\u00e1laramminn", "fer\u00f0a\u00fej\u00f3nuta"]}, {"abbreviation": "FH", "topics": ["evr\u00f3pski tungum\u00e1laramminn", "framhald", "stig c1"]}, {"abbreviation": "GR", "topics": ["grunn\u00e1fangi"]}, {"abbreviation": "FG", "topics": ["enska fyrir matv\u00e6lagreinar"]}, {"abbreviation": "LS", "topics": ["lestur", "m\u00e1lfr\u00e6\u00f0i", "or\u00f0afor\u00f0i", "skilningur"]}, {"abbreviation": "LT", "topics": ["lestur", "or\u00f0afor\u00f0i", "talm\u00e1l"]}, {"abbreviation": "BL", "topics": ["b\u00f3kmenntir", "lesskilningur", "ritun"]}, {"abbreviation": "BS", "topics": ["b\u00f3kmenntir", "menning", "saga"]}, {"abbreviation": "HA", "topics": ["hagn\u00fdtur or\u00f0afor\u00f0i. l\u00e6si \u00e1 fl\u00f3knari texta."]}, {"abbreviation": "OF", "topics": ["grunnor\u00f0afor\u00f0i fr\u00e6\u00f0a og v\u00edsinda.. menningarheimur nor\u00f0ur amer\u00edku"]}, {"abbreviation": "UN", "topics": ["undirb\u00fanings\u00e1fangi \u00ed ensku"]}, {"abbreviation": "LM", "topics": ["lestur og menning", "tj\u00e1ning"]}, {"abbreviation": "TM", "topics": ["menning", "tj\u00e1ning og skapandi skrif"]}, {"abbreviation": "MB", "topics": ["b\u00f3kmenntir", "menning og ritun"]}, {"abbreviation": "EX", "topics": ["extensive vocabulary and expression"]}, {"abbreviation": "ML", "topics": ["m\u00e1lnotkun og l\u00e6si"]}, {"abbreviation": "AA", "topics": ["akadem\u00edskur or\u00f0afor\u00f0i", "fj\u00f6lbreyttir textar", "fyrsti \u00e1fangi \u00ed ensku."]}, {"abbreviation": "YN", "topics": ["yndislestur"]}, {"abbreviation": "BB", "topics": ["akadem\u00edskur or\u00f0afor\u00f0i", "annar \u00e1fangi \u00ed ensku.", "fj\u00f6lbreyttir textar"]}, {"abbreviation": "FA", "topics": ["fagor\u00f0afor\u00f0i"]}, {"abbreviation": "AH", "topics": ["akadem\u00edskur or\u00f0afor\u00f0i", "fj\u00f6lbreyttir textar. hra\u00f0fer\u00f0 \u00ed ensku."]}, {"abbreviation": "BH", "topics": ["akadem\u00edskur or\u00f0afor\u00f0i", "fj\u00f6lbreyttir textar. \u00f6nnur hra\u00f0fer\u00f0 \u00ed ensku."]}, {"abbreviation": "EE", "topics": ["b\u00f3kmenntir", "fj\u00f6lmi\u00f0latextar."]}, {"abbreviation": "LR", "topics": ["lestur", "ritun", "tj\u00e1ning og hlustun"]}, {"abbreviation": "DD", "topics": ["b\u00f3kmenntir"]}, {"abbreviation": "M\u00c1", "topics": ["m\u00e1lfr\u00e6\u00f0i a"]}, {"abbreviation": "CC", "topics": ["b\u00f3kmenntir", "krefjandi or\u00f0afor\u00f0i", "ritun"]}, {"abbreviation": "CH", "topics": ["krefjandi or\u00f0afor\u00f0i"]}, {"abbreviation": "L\u00c9", "topics": ["l\u00e9ttlestur"]}, {"abbreviation": "OH", "topics": ["hlustun", "or\u00f0afor\u00f0i", "talm\u00e1l og ritun"]}, {"abbreviation": "LO", "topics": ["lesskilningur", "m\u00e1lfr\u00e6\u00f0i", "or\u00f0afor\u00f0i"]}, {"abbreviation": "MO", "topics": ["m\u00e1lfr\u00e6\u00f0i", "or\u00f0afor\u00f0i", "stig b1 \u00ed evr\u00f3pska tungum\u00e1larammanum"]}, {"abbreviation": "OB", "topics": ["b\u00f3kmenntir", "or\u00f0afor\u00f0i", "stig b2 \u00ed evr\u00f3pska tungum\u00e1larammanum"]}, {"abbreviation": "RB", "topics": ["b\u00f3kmenntir", "ritun"]}, {"abbreviation": "RL", "topics": ["lestur", "m\u00e1lfr\u00e6\u00f0i", "ritun og or\u00f0afor\u00f0i"]}, {"abbreviation": "SG", "topics": ["Lestur", "m\u00e1lfr\u00e6\u00f0i", "or\u00f0afor\u00f0i", "ritun", "tal"]}, {"abbreviation": "RM", "topics": ["Ritun", "b\u00f3kmenntir", "m\u00e1lnotkun"]}, {"abbreviation": "RO", "topics": ["Ritun", "b\u00f3kmenntir", "menning", "or\u00f0afor\u00f0i"]}, {"abbreviation": "SR", "topics": ["Menning", "akadem\u00edskur or\u00f0afor\u00f0i", "ritun", "saga"]}, {"abbreviation": "AE", "topics": ["Almenn akadem\u00edsk enska", "b\u00f3kmenntir", "ritun"]}, {"abbreviation": "SA", "topics": ["S\u00e9rh\u00e6f\u00f0 akadem\u00edsk enska", "b\u00f3kmenntir", "ritun"]}, {"abbreviation": "VR", "topics": ["V\u00edsindaor\u00f0afor\u00f0i", "raungreinar"]}, {"abbreviation": "VH", "topics": ["Vi\u00f0skipti", "erlend samskipti og vi\u00f0skiptah\u00e6ttir"]}, {"abbreviation": "AK", "topics": ["Kennsla", "a\u00f0sto\u00f0 vi\u00f0 nemendur", "ger\u00f0 kennsluefnis"]}, {"abbreviation": "DF", "topics": ["Kvikmyndir. Film Course."]}, {"abbreviation": "SK", "topics": ["enska fyrir fer\u00f0a\u00fej\u00f3nustu", "skapandi skrif"]}, {"abbreviation": "FT", "topics": ["lestur fr\u00e6\u00f0ilegra texta"]}, {"abbreviation": "VT", "topics": ["Lestur enskra vi\u00f0skiptatexta"]}, {"abbreviation": "RT", "topics": ["Lestur enskra raunv\u00edsindatexta"]}, {"abbreviation": "\u00cdT", "topics": ["Lestur \u00ed\u00fer\u00f3ttafr\u00e6\u00f0ilegra texta"]}, {"abbreviation": "TO", "topics": ["Tolkien"]}, {"abbreviation": "RI", "topics": ["Ritun"]}, {"abbreviation": "HL", "topics": ["Hlustun"]}, {"abbreviation": "UE", "topics": ["Undirb\u00fanings\u00e1fangi \u00ed ensku"]}, {"abbreviation": "UH", "topics": ["Undirb\u00faningur fyrir h\u00e1sk\u00f3lan\u00e1m"]}, {"abbreviation": "TJ", "topics": ["Tj\u00e1ning"]}, {"abbreviation": "OM", "topics": ["Or\u00f0afor\u00f0i", "m\u00e1lfr\u00e6\u00f0i", "m\u00e1lnotkun"]}, {"abbreviation": "TF", "topics": ["tj\u00e1ning og m\u00e1lnotkun"]}, {"abbreviation": "AM", "topics": ["Fr\u00e6\u00f0ilegur or\u00f0afor\u00f0i og Bandar\u00edkin"]}, {"abbreviation": "UK", "topics": ["Fr\u00e6\u00f0ilegur or\u00f0afor\u00f0i og Bretland"]}, {"abbreviation": "AC", "topics": ["Akadem\u00edskur or\u00f0afor\u00f0i og rauntextar"]}, {"abbreviation": "SL", "topics": ["Lestur", "menning og skrif"]}, {"abbreviation": "KK", "topics": ["Kvikmyndir og kynning"]}, {"abbreviation": "BA", "topics": ["L\u00fdsing: B\u00f3kmenntir 19. og 20.", "skrif og r\u00e6\u00f0uger\u00f0"]}, {"abbreviation": "OT", "topics": ["Or\u00f0afor\u00f0i", "ritun", "tj\u00e1ning"]}, {"abbreviation": "VM", "topics": ["V\u00edsindi og menning"]}, {"abbreviation": "BT", "topics": ["Bandar\u00edskt \u00fej\u00f3\u00f0f\u00e9lag og menning"]}, {"abbreviation": "MR", "topics": ["M\u00e1lfr\u00e6\u00f0i og ritun"]}, {"abbreviation": "LH", "topics": ["L\u00e6si \u00e1 fl\u00f3knari texta", "hagn\u00fdtur fj\u00f6lbreyttur or\u00f0afor\u00f0i"]}, {"abbreviation": "KB", "topics": ["Kvikmyndir", "b\u00f3kmenntir"]}, {"abbreviation": "OL", "topics": ["Lestur", "Menning", "M\u00e1lfr\u00e6\u00f0i", "Or\u00f0afor\u00f0i", "Ritun", "Tal"]}, {"abbreviation": "CL", "topics": ["Chic Literature and Women in Today\u2018s Society"]}, {"abbreviation": "CW", "topics": ["Creative Writing"]}, {"abbreviation": "OR", "topics": ["B\u00f3kmenntir (fj\u00f6lbreyttir textar)", "menning", "or\u00f0afor\u00f0i", "ranns\u00f3knir og ritun"]}, {"abbreviation": "OG", "topics": ["B\u00f3kmenntir", "lj\u00f3\u00f0agreining", "or\u00f0afor\u00f0i", "ritger\u00f0asm\u00ed\u00f0i og heimildavinna"]}, {"abbreviation": "BY", "topics": ["Lestur", "m\u00e1lfr\u00e6\u00f0i og m\u00e1lnotkun (byrjunar\u00e1fangi \u00ed ensku)", "ritun"]}, {"abbreviation": "DM", "topics": ["Enska Daglegt m\u00e1l"]}, {"abbreviation": "B\u00c1", "topics": ["b\u00f3kmenntir", "ritun", "tj\u00e1ning"]}, {"abbreviation": "HE", "topics": ["Hagn\u00fdt enska", "starfsbraut"]}, {"abbreviation": "RR", "topics": ["Enska \u00ed r\u00e6\u00f0u og riti"]}, {"abbreviation": "HO", "topics": ["Hagn\u00fdtur or\u00f0afor\u00f0i", "c1"]}, {"abbreviation": "FO", "topics": ["Fagor\u00f0afor\u00f0i og fer\u00f0am\u00e1l"]}, {"abbreviation": "EG", "topics": ["Enska 2 \u00e1 starfsbraut"]}, {"abbreviation": "SO", "topics": ["s\u00e9rh\u00e6f\u00f0ur or\u00f0afor\u00f0i"]}, {"abbreviation": "TR", "topics": ["Tj\u00e1ning", "or\u00f0afor\u00f0i", "ritun"]}, {"abbreviation": "\u00deS", "topics": ["\u00dej\u00f3nustust\u00f6rf"]}, {"abbreviation": "SF", "topics": ["Sagnfr\u00e6\u00f0i"]}, {"abbreviation": "T\u00d6", "topics": ["T\u00f6lvuleikir"]}, {"abbreviation": "JM", "topics": ["Fr\u00e1 hugmynd til \u00fatg\u00e1fu"]}, {"abbreviation": "MH", "topics": ["S\u00e9rh\u00e6f\u00f0 enska \u00ed myndlist og h\u00f6nnun"]}, {"abbreviation": "BO", "topics": ["B\u00f3kmenntir", "m\u00e1lfr\u00e6\u00f0i", "or\u00f0afor\u00f0i"]}, {"abbreviation": "VO", "topics": ["V\u00edsindatengdur or\u00f0afor\u00f0i"]}, {"abbreviation": "MV", "topics": ["M\u00e1lnotkun", "b\u00f3kmenntir", "vi\u00f0skipti"]}, {"abbreviation": "SV", "topics": ["m\u00e1lnotkun", "samf\u00e9lag", "vi\u00f0skipti"]}, {"abbreviation": "VI", "topics": ["m\u00e1lskilningur", "ritun", "vi\u00f0skiptaenska"]}, {"abbreviation": "EM", "topics": ["bresk menning", "b\u00f3kmenntir", "m\u00e1l"]}, {"abbreviation": "NV", "topics": ["v\u00edsindaenska"]}, {"abbreviation": "YL", "topics": ["Yndislestur"]}, {"abbreviation": "EH", "topics": ["Enska fyrir heilbrig\u00f0isgreinar"]}, {"abbreviation": "DK", "topics": ["ENSKA"]}, {"abbreviation": "DG", "topics": ["Enskar myndas\u00f6gur"]}, {"abbreviation": "DV", "topics": ["or\u00f0afor\u00f0i"]}, {"abbreviation": "DY", "topics": ["Yndislestur \u00ed ensku"]}, {"abbreviation": "EY", "topics": ["Yndislestur 2 \u00e1 ensku"]}, {"abbreviation": "HB", "topics": ["B\u00f3kmenntir og fr\u00e6\u00f0ilegir textar \u00ed hugv\u00edsindum"]}], "_id": "50c0a02dd8e40575f7f6f488", "subjects": ["enska"], "counter": {"1": 21, "3": 24, "2": 32, "4": 1}}, "evaluation": "L\u00f6g\u00f0 er \u00e1hersla \u00e1 fj\u00f6lbreytt n\u00e1msmat me\u00f0 lei\u00f0s\u00f6gn. N\u00e1msmati\u00f0 er \u00ed h\u00f6ndum kennara vi\u00f0komandi \u00e1fanga en \u00fearf a\u00f0 fylgja \u00feeim reglum sem kve\u00f0i\u00f0 er \u00e1 um \u00ed sk\u00f3lan\u00e1mskr\u00e1 VMA. ", "categorization_suggestion": "AV", "embedded_topics": {"abbreviation": "LS", "topics": ["lestur", "m\u00e1lfr\u00e6\u00f0i", "or\u00f0afor\u00f0i", "skilningur"]}, "status": "approved by school", "description": "\u00cd \u00e1fanganum er l\u00f6g\u00f0 \u00e1hersla \u00e1 tj\u00e1ningu, lestur texta, ritun og undirst\u00f6\u00f0uatri\u00f0i enskrar m\u00e1lfr\u00e6\u00f0i me\u00f0 \u00fea\u00f0 fyrir augum a\u00f0 byggja upp virkan og hagn\u00fdtan or\u00f0afor\u00f0a. Einnig er hugtaki\u00f0 menningarl\u00e6si kynnt me\u00f0 umbur\u00f0arlyndi gagnvart \u00f6\u00f0rum menningarheimum \u00ed huga. Lesnir ver\u00f0a valdir rauntextar, auk \u00feess sem nemandinn les valin sk\u00e1ldverk. Skriflegi \u00fe\u00e1tturinn er \u00fej\u00e1lfa\u00f0ur me\u00f0 fj\u00f6lbreyttum \u00e6fingum me\u00f0 s\u00e9rstaka \u00e1herslu \u00e1 formlega ritger\u00f0arsm\u00ed\u00f0 \u00fear sem unni\u00f0 er me\u00f0 uppl\u00fdsingar sem nemendur afla s\u00e9r, t.d. \u00e1 Internetinu. Nemandinn \u00e1 a\u00f0 tileinka s\u00e9r munnlega tj\u00e1ningu \u00e1 ensku og er honum lei\u00f0beint \u00ed kennslustundum \u00fear sem \u00f6ll tj\u00e1skipti fara fram \u00e1 ensku. ", "knowledge_goals": ["helstu einkennum enskrar menningar og tungu", "menningu og tungu \u00ed enskum\u00e6landi samf\u00e9l\u00f6gum", "almennum m\u00e1lfr\u00e6\u00f0ireglum", "s\u00e9rkennum ritm\u00e1ls og talm\u00e1ls"], "skills_goals": ["beita almennum m\u00e1lfr\u00e6\u00f0ireglum \u00ed r\u00e6\u00f0u og riti", "nota or\u00f0ab\u00f3k og vi\u00f0eigandi hj\u00e1lparg\u00f6gn", "tj\u00e1 kunn\u00e1ttu s\u00edna munnlega og skriflega", "lesa og greina b\u00f3kmenntatexta"], "credits": 5, "last_modified": 1423820868.940504, "schools": ["512b49bc62933a682f00048a"], "coauthors": null, "instructions": "", "continued_education": false, "level": 2, "prerequisites": "A\u00f0 hafa loki\u00f0 grunnsk\u00f3la me\u00f0 fulln\u00e6gjandi h\u00e6tti a\u00f0 mati sk\u00f3lans.  ", "author": "0bc9b589-2a42-4690-ac7e-ec65f804a0e6", "abbreviation_version": null, "competence_goals": [["tj\u00e1 sig \u00ed r\u00e6\u00f0u og riti \u00e1 ensku", ""], ["ver\u00f0a sj\u00e1lfbjarga \u00ed uppl\u00fdsinga\u00f6flun \u00e1 ensku", ""], ["geta afla\u00f0 s\u00e9r uppl\u00fdsinga um ensk m\u00e1lsamf\u00e9l\u00f6g", ""], ["lesa s\u00e9r til gagns og gamans", ""]], "_id": "54ddc84462933a7a34000288"}, {"exemplary": null, "topics": "Pl\u00f6tusu\u00f0a", "abbreviation": "LOGS1PS03(AV)", "former_schools": null, "subject": "Logsu\u00f0a", "title": "Logsu\u00f0a og logskur\u00f0ur", "version": 3, "status_trans": "Sam\u00feykkt af sk\u00f3la", "embedded_subject": {"abbreviation": "LOGS", "topics": [{"abbreviation": "PS", "topics": ["Pl\u00f6tusu\u00f0a"]}, {"abbreviation": "GR", "topics": ["Grunn\u00e1fangi"]}, {"abbreviation": "UM", "topics": ["Umgengni vi\u00f0 t\u00e6ki"]}], "_id": "5171414562933a5f9b0028f6", "subjects": ["Logsu\u00f0a"], "counter": {"1": 2, "3": 0, "2": 1, "4": 0}}, "evaluation": "L\u00f6g\u00f0 er \u00e1hersla \u00e1 fj\u00f6lbreytt n\u00e1msmat me\u00f0 lei\u00f0s\u00f6gn. N\u00e1msmati\u00f0 er \u00ed h\u00f6ndum kennara vi\u00f0komandi \u00e1fanga en \u00fearf a\u00f0 fylgja \u00feeim reglum sem kve\u00f0i\u00f0 er \u00e1 um \u00ed sk\u00f3lan\u00e1mskr\u00e1 VMA. ", "categorization_suggestion": "AV", "embedded_topics": {"abbreviation": "PS", "topics": ["Pl\u00f6tusu\u00f0a"]}, "status": "approved by school", "description": "\u00cd \u00e1fanganum l\u00e6rir nemandinn a\u00f0 umgangast gashylki, logsu\u00f0u- og logskur\u00f0art\u00e6ki. Hann l\u00e6rir a\u00f0 fylgja su\u00f0ul\u00fdsingu, logsj\u00f3\u00f0a pl\u00f6tuj\u00e1rn \u00ed su\u00f0ust\u00f6\u00f0um PA, PC og PF me\u00f0 I-rauf. Nemandinn f\u00e6r \u00fej\u00e1lfun \u00ed a\u00f0 l\u00f3\u00f0a og logskera fr\u00edhendis og breg\u00f0ast r\u00e9tt vi\u00f0 ef h\u00e6ttu ber a\u00f0 h\u00f6ndum. Fari\u00f0 er yfir brunah\u00e6ttu vegna loga og neistaflugs, sprengih\u00e6ttu vegna \u00e1hrifa acet\u00fdlens \u00e1 eir og \u00e1hrifa s\u00farefnis \u00e1 ol\u00edu og feiti og vegna \u00edl\u00e1ta sem innihalda e\u00f0a hafa innihaldi\u00f0 eldfim efni. Fari\u00f0 er \u00ed undirst\u00f6\u00f0uatri\u00f0i heilsuverndar, hl\u00edf\u00f0arfatna\u00f0 og hl\u00edfar. ", "knowledge_goals": ["mikilv\u00e6gi hl\u00edf\u00f0arfatna\u00f0ar og hl\u00edfa \u00e1samt heilsuvernd \u00e1 vinnusv\u00e6\u00f0i", "gashylkjum, me\u00f0fer\u00f0 \u00feeirra vi\u00f0 geymslu og flutning, litamerkingum og fr\u00e1gangi topploka", "notkunarsvi\u00f0i acet\u00fdlens og s\u00farefnis", "su\u00f0uloga, bl\u00f6ndu hans og hitastigi", "\u00e1hrifum kolandi loga, s\u00farefnisr\u00edks og hlutlauss loga \u00e1 su\u00f0upollinn", "ger\u00f0um og samsetningu raufa og \u00e1hrifum \u00feeirra \u00e1 spennu", "\u00e1st\u00e6\u00f0um \u00feess a\u00f0 ekki s\u00e9 h\u00e6gt a\u00f0 logskera alla m\u00e1lma", "virkni l\u00f3\u00f0a og l\u00f3\u00f0dufts", "sta\u00f0linum \u00cdST EN 287-1 um h\u00e6fnispr\u00f3f", "sta\u00f0linum \u00cdST EN 5 817 um mat \u00e1 su\u00f0um og su\u00f0ugalla"], "skills_goals": ["nota su\u00f0ul\u00f3\u00f0 og l\u00f3\u00f0duft", "setja upp m\u00e6la \u00e1 hylki, sl\u00f6ngur og sk\u00f6ft", "sj\u00f3\u00f0a 1 \u2013 3 mm pl\u00f6tust\u00e1l me\u00f0 I-rauf \u00ed PA, PF og PC", "stilla r\u00e9ttan vinnu\u00fer\u00fdsting", "logskera st\u00e1l fr\u00edhendis", "sj\u00f3\u00f0a st\u00fafsu\u00f0u \u00ed pl\u00f6tu \u00ed st\u00f6\u00f0um PA, PC, og PF", "nota hl\u00edf\u00f0arfatna\u00f0 og \u00f6ryggisb\u00fana\u00f0"], "credits": 3, "last_modified": 1433804338.588174, "schools": ["512b49bc62933a682f00048a"], "coauthors": null, "instructions": "", "continued_education": false, "level": 1, "prerequisites": "engar", "author": "0bc9b589-2a42-4690-ac7e-ec65f804a0e6", "abbreviation_version": null, "competence_goals": [["velja hl\u00edf\u00f0arb\u00fana\u00f0 og hl\u00edfar \u00ed samr\u00e6mi vi\u00f0 a\u00f0st\u00e6\u00f0ur", ""], ["stilla su\u00f0ut\u00e6ki \u00ed samr\u00e6mi vi\u00f0 notkun", ""], ["velja r\u00e9ttan vinnu\u00fer\u00fdsting", ""], ["velja su\u00f0usp\u00edssa samkv\u00e6mt efnis\u00feykkt", ""]], "_id": "55761e3262933a563f00019e"}, {"exemplary": null, "topics": "f\u00e9lagstengsl, n\u00e1msh\u00e6ttir, sk\u00f3lasamf\u00e9lag", "abbreviation": "L\u00cdFS1SN02", "former_schools": null, "subject": "l\u00edfsleikni", "title": "N\u00fdnemafr\u00e6\u00f0sla og l\u00edfsleikni 1", "version": 37, "status_trans": "Sam\u00feykkt af sk\u00f3la", "embedded_subject": {"abbreviation": "L\u00cdFS", "topics": [{"abbreviation": "SS", "topics": ["sj\u00e1lfst\u00e6tt l\u00edf", "sk\u00f3laumhverfi"]}, {"abbreviation": "TM", "topics": ["mannleg samskipti", "tilfinningar"]}, {"abbreviation": "TU", "topics": ["tj\u00e1ning", "uppl\u00fdsingat\u00e6kni"]}, {"abbreviation": "MT", "topics": ["me\u00f0vitund", "tj\u00e1ning"]}, {"abbreviation": "SM", "topics": ["markmi\u00f0asetning", "sj\u00e1lfstraust"]}, {"abbreviation": "HP", "topics": ["gildi peninga", "heimilisb\u00f3khald"]}, {"abbreviation": "ES", "topics": ["einstaklingur", "framt\u00ed\u00f0", "f\u00e9lags\u00feroski", "samf\u00e9lag", "samskipti", "sj\u00e1lfstraust", "vir\u00f0ing", "\u00e1byrg\u00f0"]}, {"abbreviation": "N\u00dd", "topics": ["n\u00fdnemafr\u00e6\u00f0sla"]}, {"abbreviation": "GR", "topics": ["grunn\u00fe\u00e6ttir"]}, {"abbreviation": "SL", "topics": ["sk\u00f3laleikni"]}, {"abbreviation": "NS", "topics": ["n\u00e1ms-og starfsfr\u00e6\u00f0sla"]}, {"abbreviation": "\u00c1S", "topics": ["n\u00e1mst\u00e6kni", "samskipti", "sj\u00e1fsmynd", "\u00e1byrg\u00f0"]}, {"abbreviation": "BE", "topics": ["borgaravitund", "l\u00edfsst\u00edll", "n\u00e1ms- og starfsfr\u00e6\u00f0sla", "sj\u00e1lfsmynd", "tj\u00e1ning"]}, {"abbreviation": "BS", "topics": ["borgaravitund", "samf\u00e9lag", "samskipti", "umhverfism\u00e1l", "vinnumarka\u00f0ur"]}, {"abbreviation": "HE", "topics": ["heimilishald"]}, {"abbreviation": "N\u00c1", "topics": ["n\u00e1mst\u00e6kni"]}, {"abbreviation": "HN", "topics": ["Heilbrig\u00f0i", "forvarnir", "n\u00e1m", "sk\u00f3li"]}, {"abbreviation": "\u00c9S", "topics": ["samf\u00e9lagi\u00f0", "sk\u00f3linn", "\u00e9g"]}, {"abbreviation": "\u00c9G", "topics": ["samf\u00e9lagi\u00f0", "sk\u00f3linn", "\u00c9g"]}, {"abbreviation": "DL", "topics": ["daglegt l\u00edf einstaklingsins"]}, {"abbreviation": "SK", "topics": ["Sk\u00f6pun"]}, {"abbreviation": "L\u00c6", "topics": ["L\u00e6si \u00ed v\u00ed\u00f0u samhengi"]}, {"abbreviation": "SB", "topics": ["Sj\u00e1lfb\u00e6rni \u00ed v\u00ed\u00f0u samhengi"]}, {"abbreviation": "LM", "topics": ["L\u00fd\u00f0r\u00e6\u00f0i og mannr\u00e9ttindi"]}, {"abbreviation": "JR", "topics": ["Jafnr\u00e9tti"]}, {"abbreviation": "KF", "topics": ["Kynfr\u00e6\u00f0sla"]}, {"abbreviation": "TS", "topics": ["Tj\u00e1ning og samskipti"]}, {"abbreviation": "FJ", "topics": ["Fj\u00f6lmi\u00f0lar"]}, {"abbreviation": "FH", "topics": ["Framkoma og hreinl\u00e6ti"]}, {"abbreviation": "LK", "topics": ["L\u00edkaminn og tilfinningar"]}, {"abbreviation": "T\u00d3", "topics": ["T\u00f3mstundir"]}, {"abbreviation": "UM", "topics": ["Umferli"]}, {"abbreviation": "ST", "topics": ["Taktu stj\u00f3rnina"]}, {"abbreviation": "\u00da\u00da", "topics": ["\u00datskrift", "\u00fatskriftarfer\u00f0 og fj\u00e1r\u00f6flun"]}, {"abbreviation": "LL", "topics": ["forvarnir", "heilbrig\u00f0i", "l\u00edfsleikni", "n\u00e1mst\u00e6kni"]}, {"abbreviation": "NF", "topics": ["N\u00fdnemafr\u00e6\u00f0sla", "forvarnir", "l\u00edfsleikni", "n\u00e1mst\u00e6kni"]}, {"abbreviation": "NV", "topics": ["l\u00fd\u00f0r\u00e6\u00f0i", "mannr\u00e9ttindi", "n\u00e1msval", "sam\u00e9lag"]}, {"abbreviation": "SV", "topics": ["Si\u00f0fer\u00f0isvitund og mannr\u00e9ttindi"]}, {"abbreviation": "AN", "topics": ["Almenn l\u00edfsleikni og n\u00fdnemafr\u00e6\u00f0sla"]}, {"abbreviation": "FL", "topics": ["Fj\u00e1rm\u00e1lal\u00e6si"]}, {"abbreviation": "SN", "topics": ["f\u00e9lagstengsl", "n\u00e1msh\u00e6ttir", "sk\u00f3lasamf\u00e9lag"]}], "_id": "50c0a02dd8e40575f7f6f4c6", "subjects": ["l\u00edfsleikni"], "counter": {"1": 35, "3": 0, "2": 3, "4": 0}}, "evaluation": "L\u00f6g\u00f0 er \u00e1hersla \u00e1 fj\u00f6lbreytt n\u00e1msmat me\u00f0 lei\u00f0s\u00f6gn. N\u00e1msmati\u00f0 er \u00ed h\u00f6ndum kennara vi\u00f0komandi \u00e1fanga en \u00fearf a\u00f0 fylgja \u00feeim reglum sem kve\u00f0i\u00f0 er \u00e1 um \u00ed sk\u00f3lan\u00e1mskr\u00e1 VMA. ", "categorization_suggestion": "AV", "embedded_topics": {"abbreviation": "SN", "topics": ["f\u00e9lagstengsl", "n\u00e1msh\u00e6ttir", "sk\u00f3lasamf\u00e9lag"]}, "status": "approved by school", "description": "Markmi\u00f0 \u00e1fangans er a\u00f0 kynna nemandanum innvi\u00f0i sk\u00f3lans, n\u00e1msval, starfsh\u00e6tti, n\u00e1m og f\u00e9lagsl\u00edf. Nemandinn er b\u00fainn undir \u00fe\u00e1ttt\u00f6ku \u00ed samf\u00e9laginu me\u00f0 \u00fev\u00ed a\u00f0 efla f\u00e9lagslega f\u00e6rni og si\u00f0fer\u00f0iskennd. L\u00f6g\u00f0 er \u00e1hersla \u00e1 a\u00f0 efla samskipti og j\u00e1kv\u00e6\u00f0a l\u00edfss\u00fdn nemandans sem au\u00f0veldar honum a\u00f0 takast \u00e1 vi\u00f0 kr\u00f6fur og \u00f6granir daglegs l\u00edfs. Jafnframt er l\u00f6g\u00f0 \u00e1hersla \u00e1 a\u00f0 gera hann me\u00f0vita\u00f0an um \u00fe\u00e1 \u00e1byrg\u00f0 sem hann hefur gagnvart sj\u00e1lfum s\u00e9r og sk\u00f3lasamf\u00e9laginu. \u00cd \u00e1fanganum er stu\u00f0la\u00f0 a\u00f0 styrkingu f\u00e9lagstengsla milli nemenda og \u00feeir b\u00fanir undir a\u00f0 takast \u00e1 vi\u00f0 krefjandi n\u00e1m og leggja \u00feannig grunn a\u00f0 frj\u00f3u menntasamf\u00e9lagi. Nemandinn eflist \u00ed a\u00f0 koma fram af vir\u00f0ingu vi\u00f0 a\u00f0ra \u00ed fj\u00f6lbreyttu \u00fej\u00f3\u00f0f\u00e9lagi. \nNemandinn f\u00e6r t\u00e6kif\u00e6ri til a\u00f0 vinna vi\u00f0 margv\u00edsleg vi\u00f0fangsefni \u00e1 fj\u00f6lbreyttan og skapandi h\u00e1tt. \nUm er a\u00f0 r\u00e6\u00f0a verkefnabundi\u00f0 n\u00e1m me\u00f0 \u00e1herslu \u00e1 samvinnu og frumkv\u00e6\u00f0i.", "knowledge_goals": ["kr\u00f6fum sem ger\u00f0ar eru \u00ed n\u00e1mi \u00ed framhaldsk\u00f3la", "\u00fe\u00fd\u00f0ingu \u00feess a\u00f0 lifa \u00ed samf\u00e9lagi vi\u00f0 a\u00f0ra", "framt\u00ed\u00f0arm\u00f6guleikum s\u00ednum", "mikilv\u00e6gi markmi\u00f0asetningar og lei\u00f0um a\u00f0 settum markmi\u00f0um", "sk\u00f3lasamf\u00e9laginu, n\u00e1msvali og sto\u00f0\u00fej\u00f3nustu"], "skills_goals": ["bera vir\u00f0ingu fyrir sj\u00e1lfum s\u00e9r", "s\u00fdna umbur\u00f0arlyndi, samhygg\u00f0 og vir\u00f0ingu fyrir \u00f6\u00f0rum", "tj\u00e1 sig \u00ed t\u00f6lu\u00f0u og ritu\u00f0u m\u00e1li", "ver\u00f0a betur me\u00f0vita\u00f0ur um sj\u00e1lfan sig, \u00e1hugasvi\u00f0 sitt og styrkleika", "leita uppl\u00fdsinga um n\u00e1m sitt"], "credits": 2, "last_modified": 1425142000.571731, "schools": ["512b49bc62933a682f00048a"], "coauthors": null, "instructions": "", "continued_education": false, "level": 1, "prerequisites": "engar", "author": "0bc9b589-2a42-4690-ac7e-ec65f804a0e6", "abbreviation_version": null, "competence_goals": [["auka f\u00e6rni s\u00edna \u00ed mannlegum samskiptum", ""], ["meta eigin vinnubr\u00f6g\u00f0", ""], ["b\u00e6ta \u00e1kv\u00f6r\u00f0unart\u00f6ku \u00ed daglegu l\u00edfi", ""], ["taka \u00fe\u00e1tt \u00ed samf\u00e9lagi sem er \u00ed s\u00edfelldri \u00fer\u00f3un", ""], ["bera \u00e1byrg\u00f0 \u00e1 eigin n\u00e1mi", ""]], "_id": "54f1f0f062933a1936001cd2"}, {"exemplary": null, "topics": "f\u00e9lagstengsl, n\u00e1msh\u00e6ttir, sk\u00f3lasamf\u00e9lag", "abbreviation": "L\u00cdFS1SN01", "former_schools": null, "subject": "l\u00edfsleikni", "title": "N\u00fdnemafr\u00e6\u00f0sla og l\u00edfsleikni 2", "version": 38, "status_trans": "Sam\u00feykkt af sk\u00f3la", "embedded_subject": {"abbreviation": "L\u00cdFS", "topics": [{"abbreviation": "SS", "topics": ["sj\u00e1lfst\u00e6tt l\u00edf", "sk\u00f3laumhverfi"]}, {"abbreviation": "TM", "topics": ["mannleg samskipti", "tilfinningar"]}, {"abbreviation": "TU", "topics": ["tj\u00e1ning", "uppl\u00fdsingat\u00e6kni"]}, {"abbreviation": "MT", "topics": ["me\u00f0vitund", "tj\u00e1ning"]}, {"abbreviation": "SM", "topics": ["markmi\u00f0asetning", "sj\u00e1lfstraust"]}, {"abbreviation": "HP", "topics": ["gildi peninga", "heimilisb\u00f3khald"]}, {"abbreviation": "ES", "topics": ["einstaklingur", "framt\u00ed\u00f0", "f\u00e9lags\u00feroski", "samf\u00e9lag", "samskipti", "sj\u00e1lfstraust", "vir\u00f0ing", "\u00e1byrg\u00f0"]}, {"abbreviation": "N\u00dd", "topics": ["n\u00fdnemafr\u00e6\u00f0sla"]}, {"abbreviation": "GR", "topics": ["grunn\u00fe\u00e6ttir"]}, {"abbreviation": "SL", "topics": ["sk\u00f3laleikni"]}, {"abbreviation": "NS", "topics": ["n\u00e1ms-og starfsfr\u00e6\u00f0sla"]}, {"abbreviation": "\u00c1S", "topics": ["n\u00e1mst\u00e6kni", "samskipti", "sj\u00e1fsmynd", "\u00e1byrg\u00f0"]}, {"abbreviation": "BE", "topics": ["borgaravitund", "l\u00edfsst\u00edll", "n\u00e1ms- og starfsfr\u00e6\u00f0sla", "sj\u00e1lfsmynd", "tj\u00e1ning"]}, {"abbreviation": "BS", "topics": ["borgaravitund", "samf\u00e9lag", "samskipti", "umhverfism\u00e1l", "vinnumarka\u00f0ur"]}, {"abbreviation": "HE", "topics": ["heimilishald"]}, {"abbreviation": "N\u00c1", "topics": ["n\u00e1mst\u00e6kni"]}, {"abbreviation": "HN", "topics": ["Heilbrig\u00f0i", "forvarnir", "n\u00e1m", "sk\u00f3li"]}, {"abbreviation": "\u00c9S", "topics": ["samf\u00e9lagi\u00f0", "sk\u00f3linn", "\u00e9g"]}, {"abbreviation": "\u00c9G", "topics": ["samf\u00e9lagi\u00f0", "sk\u00f3linn", "\u00c9g"]}, {"abbreviation": "DL", "topics": ["daglegt l\u00edf einstaklingsins"]}, {"abbreviation": "SK", "topics": ["Sk\u00f6pun"]}, {"abbreviation": "L\u00c6", "topics": ["L\u00e6si \u00ed v\u00ed\u00f0u samhengi"]}, {"abbreviation": "SB", "topics": ["Sj\u00e1lfb\u00e6rni \u00ed v\u00ed\u00f0u samhengi"]}, {"abbreviation": "LM", "topics": ["L\u00fd\u00f0r\u00e6\u00f0i og mannr\u00e9ttindi"]}, {"abbreviation": "JR", "topics": ["Jafnr\u00e9tti"]}, {"abbreviation": "KF", "topics": ["Kynfr\u00e6\u00f0sla"]}, {"abbreviation": "TS", "topics": ["Tj\u00e1ning og samskipti"]}, {"abbreviation": "FJ", "topics": ["Fj\u00f6lmi\u00f0lar"]}, {"abbreviation": "FH", "topics": ["Framkoma og hreinl\u00e6ti"]}, {"abbreviation": "LK", "topics": ["L\u00edkaminn og tilfinningar"]}, {"abbreviation": "T\u00d3", "topics": ["T\u00f3mstundir"]}, {"abbreviation": "UM", "topics": ["Umferli"]}, {"abbreviation": "ST", "topics": ["Taktu stj\u00f3rnina"]}, {"abbreviation": "\u00da\u00da", "topics": ["\u00datskrift", "\u00fatskriftarfer\u00f0 og fj\u00e1r\u00f6flun"]}, {"abbreviation": "LL", "topics": ["forvarnir", "heilbrig\u00f0i", "l\u00edfsleikni", "n\u00e1mst\u00e6kni"]}, {"abbreviation": "NF", "topics": ["N\u00fdnemafr\u00e6\u00f0sla", "forvarnir", "l\u00edfsleikni", "n\u00e1mst\u00e6kni"]}, {"abbreviation": "NV", "topics": ["l\u00fd\u00f0r\u00e6\u00f0i", "mannr\u00e9ttindi", "n\u00e1msval", "sam\u00e9lag"]}, {"abbreviation": "SV", "topics": ["Si\u00f0fer\u00f0isvitund og mannr\u00e9ttindi"]}, {"abbreviation": "AN", "topics": ["Almenn l\u00edfsleikni og n\u00fdnemafr\u00e6\u00f0sla"]}, {"abbreviation": "FL", "topics": ["Fj\u00e1rm\u00e1lal\u00e6si"]}, {"abbreviation": "SN", "topics": ["f\u00e9lagstengsl", "n\u00e1msh\u00e6ttir", "sk\u00f3lasamf\u00e9lag"]}], "_id": "50c0a02dd8e40575f7f6f4c6", "subjects": ["l\u00edfsleikni"], "counter": {"1": 35, "3": 0, "2": 3, "4": 0}}, "evaluation": "L\u00f6g\u00f0 er \u00e1hersla \u00e1 fj\u00f6lbreytt n\u00e1msmat me\u00f0 lei\u00f0s\u00f6gn. N\u00e1msmati\u00f0 er \u00ed h\u00f6ndum kennara vi\u00f0komandi \u00e1fanga en \u00fearf a\u00f0 fylgja \u00feeim reglum sem kve\u00f0i\u00f0 er \u00e1 um \u00ed sk\u00f3lan\u00e1mskr\u00e1 VMA. ", "categorization_suggestion": "AV", "embedded_topics": {"abbreviation": "SN", "topics": ["f\u00e9lagstengsl", "n\u00e1msh\u00e6ttir", "sk\u00f3lasamf\u00e9lag"]}, "status": "approved by school", "description": "Markmi\u00f0 \u00e1fangans er a\u00f0 kynna nemandanum innvi\u00f0i sk\u00f3lans, n\u00e1msval, starfsh\u00e6tti, n\u00e1m og f\u00e9lagsl\u00edf. Nemandinn er b\u00fainn undir \u00fe\u00e1ttt\u00f6ku \u00ed samf\u00e9laginu me\u00f0 \u00fev\u00ed a\u00f0 efla f\u00e9lagslega f\u00e6rni og si\u00f0fer\u00f0iskennd. L\u00f6g\u00f0 er \u00e1hersla \u00e1 a\u00f0 efla samskipti og j\u00e1kv\u00e6\u00f0a l\u00edfss\u00fdn nemandans sem au\u00f0veldar honum a\u00f0 takast \u00e1 vi\u00f0 kr\u00f6fur og \u00f6granir daglegs l\u00edfs. Jafnframt er l\u00f6g\u00f0 \u00e1hersla \u00e1 a\u00f0 gera hann me\u00f0vita\u00f0an um \u00fe\u00e1 \u00e1byrg\u00f0 sem hann hefur gagnvart sj\u00e1lfum s\u00e9r og sk\u00f3lasamf\u00e9laginu. \u00cd \u00e1fanganum er stu\u00f0la\u00f0 a\u00f0 styrkingu f\u00e9lagstengsla milli nemenda og \u00feeir b\u00fanir undir a\u00f0 takast \u00e1 vi\u00f0 krefjandi n\u00e1m og leggja \u00feannig grunn a\u00f0 frj\u00f3u menntasamf\u00e9lagi. Nemandinn eflist \u00ed a\u00f0 koma fram af vir\u00f0ingu vi\u00f0 a\u00f0ra \u00ed fj\u00f6lbreyttu \u00fej\u00f3\u00f0f\u00e9lagi. \nNemandinn f\u00e6r t\u00e6kif\u00e6ri til a\u00f0 vinna vi\u00f0 margv\u00edsleg vi\u00f0fangsefni \u00e1 fj\u00f6lbreyttan og skapandi h\u00e1tt. \nUm er a\u00f0 r\u00e6\u00f0a verkefnabundi\u00f0 n\u00e1m me\u00f0 \u00e1herslu \u00e1 samvinnu og frumkv\u00e6\u00f0i.", "knowledge_goals": ["kr\u00f6fum sem ger\u00f0ar eru \u00ed n\u00e1mi \u00ed framhaldsk\u00f3la", "\u00fe\u00fd\u00f0ingu \u00feess a\u00f0 lifa \u00ed samf\u00e9lagi vi\u00f0 a\u00f0ra", "framt\u00ed\u00f0arm\u00f6guleikum s\u00ednum", "mikilv\u00e6gi markmi\u00f0asetningar og lei\u00f0um a\u00f0 settum markmi\u00f0um", "sk\u00f3lasamf\u00e9laginu, n\u00e1msvali og sto\u00f0\u00fej\u00f3nustu"], "skills_goals": ["bera vir\u00f0ingu fyrir sj\u00e1lfum s\u00e9r", "s\u00fdna umbur\u00f0arlyndi, samhygg\u00f0 og vir\u00f0ingu fyrir \u00f6\u00f0rum", "tj\u00e1 sig \u00ed t\u00f6lu\u00f0u og ritu\u00f0u m\u00e1li", "ver\u00f0a betur me\u00f0vita\u00f0ur um sj\u00e1lfan sig, \u00e1hugasvi\u00f0 sitt og styrkleika", "leita uppl\u00fdsinga um n\u00e1m sitt"], "credits": 1, "last_modified": 1425142215.226615, "schools": ["512b49bc62933a682f00048a"], "coauthors": null, "instructions": "", "continued_education": false, "level": 1, "prerequisites": "L\u00cdFS1SN02 e\u00f0a samb\u00e6rilegur \u00e1fangi", "author": "0bc9b589-2a42-4690-ac7e-ec65f804a0e6", "abbreviation_version": null, "competence_goals": [["auka f\u00e6rni s\u00edna \u00ed mannlegum samskiptum", ""], ["meta eigin vinnubr\u00f6g\u00f0", ""], ["b\u00e6ta \u00e1kv\u00f6r\u00f0unart\u00f6ku \u00ed daglegu l\u00edfi", ""], ["taka \u00fe\u00e1tt \u00ed samf\u00e9lagi sem er \u00ed s\u00edfelldri \u00fer\u00f3un", ""], ["bera \u00e1byrg\u00f0 \u00e1 eigin n\u00e1mi", ""]], "_id": "54f1f1c762933a1936001cd6"}, {"exemplary": null, "topics": "hugt\u00f6k, l\u00f6gm\u00e1l rafmagnsfr\u00e6\u00f0innar, m\u00e6lingar jafnstraums", "abbreviation": "RAMV1HL05", "former_schools": null, "subject": "Rafmagnsfr\u00e6\u00f0i", "title": "Rafmagnsfr\u00e6\u00f0i 1", "version": 1, "status_trans": "Sam\u00feykkt af sk\u00f3la", "embedded_subject": {"abbreviation": "RAMV", "topics": [{"abbreviation": "HL", "topics": ["hugt\u00f6k", "l\u00f6gm\u00e1l rafmagnsfr\u00e6\u00f0innar", "m\u00e6lingar jafnstraums"]}], "_id": "555b121262933a0313000f99", "subjects": ["Rafmagnsfr\u00e6\u00f0i"], "counter": {"1": 0, "3": 0, "2": 0, "4": 0}}, "evaluation": "L\u00f6g\u00f0 er \u00e1hersla \u00e1 fj\u00f6lbreytt n\u00e1msmat me\u00f0 lei\u00f0s\u00f6gn. N\u00e1msmati\u00f0 er \u00ed h\u00f6ndum kennara vi\u00f0komandi \u00e1fanga en \u00fearf a\u00f0 fylgja \u00feeim reglum sem kve\u00f0i\u00f0 er \u00e1 um \u00ed sk\u00f3lan\u00e1mskr\u00e1 VMA.", "categorization_suggestion": "AV", "embedded_topics": {"abbreviation": "HL", "topics": ["hugt\u00f6k", "l\u00f6gm\u00e1l rafmagnsfr\u00e6\u00f0innar", "m\u00e6lingar jafnstraums"]}, "status": "approved by school", "description": "Fari\u00f0 er \u00ed helstu hugt\u00f6k og l\u00f6gm\u00e1l rafmagnsfr\u00e6\u00f0i jafnstraums. L\u00f6g\u00f0 er \u00e1hersla \u00e1 a\u00f0 nemandinn l\u00e6ri a\u00f0 n\u00fdta s\u00e9r \u00feessi l\u00f6gm\u00e1l vi\u00f0 reikninga og gera pr\u00f3fanir \u00e1 \u00feeim me\u00f0 m\u00e6lingum \u00ed jafnstraumsr\u00e1sum. Fari\u00f0 er yfir mismunandi ger\u00f0ir spennugjafa auk \u00feess sem nemandinn \u00e1 a\u00f0 \u00feekkja helstu teiknit\u00e1kn \u00ed einf\u00f6ldum jafnstraumsr\u00e1sum.", "knowledge_goals": ["helstu hugt\u00f6kum s.s. straumur, spenna, vi\u00f0n\u00e1m", "teiknit\u00e1knum fyrir m\u00e6la, spennugjafa og \u00fdmsar ger\u00f0ir vi\u00f0n\u00e1ma", "helstu l\u00f6gm\u00e1lum s.s. Ohms-, Kirkhhoffs- og afll\u00f6gm\u00e1li", "helstu forskeytum eininga s.s. milli, m\u00edkr\u00f3, nan\u00f3 o.s.frv."], "skills_goals": ["framkv\u00e6ma reikninga \u00ed einf\u00f6ldum jafnstraumsr\u00e1sum", "teikna einfaldar jafnstraumsr\u00e1sir", "nota fj\u00f6lsvi\u00f0sm\u00e6li", "tengja og reikna einfaldar jafnstraumsr\u00e1sir"], "credits": 5, "last_modified": 1432031888.745578, "schools": ["512b49bc62933a682f00048a"], "coauthors": null, "instructions": "", "continued_education": false, "level": 1, "prerequisites": "engar", "author": "0bc9b589-2a42-4690-ac7e-ec65f804a0e6", "abbreviation_version": null, "competence_goals": [["tengja upp einfaldar jafnstraumsr\u00e1sir eftir teikningu og framkv\u00e6ma \u00e1 \u00feeim m\u00e6lingar", ""], ["sannpr\u00f3fa ni\u00f0urst\u00f6\u00f0ur me\u00f0 notkun l\u00f6gm\u00e1la og/e\u00f0a m\u00e6linga", ""]], "_id": "555b129062933a0313000f9c"}, {"exemplary": null, "topics": "heimildavinna, m\u00e1lnotkun, ritun, setningafr\u00e6\u00f0i", "abbreviation": "\u00cdSLE2HS05(AV)", "former_schools": null, "subject": "\u00edslenska", "title": "Ritun og m\u00e1lnotkun", "version": 28, "status_trans": "Sam\u00feykkt af sk\u00f3la", "embedded_subject": {"abbreviation": "\u00cdSLE", "topics": [{"abbreviation": "VR", "topics": ["ritun", "vi\u00f0skiptaskj\u00f6l"]}, {"abbreviation": "TM", "topics": ["m\u00e1lskilningur", "tj\u00e1ning"]}, {"abbreviation": "MS", "topics": ["m\u00e1lskilningur", "s\u00e9rdeild"]}, {"abbreviation": "RT", "topics": ["ritun og tj\u00e1ning"]}, {"abbreviation": "LL", "topics": ["leshra\u00f0i", "lesskilningur"]}, {"abbreviation": "MM", "topics": ["m\u00e1lfr\u00e6\u00f0i", "m\u00e1ltilfinning"]}, {"abbreviation": "RG", "topics": ["greinamerkjasetning", "r\u00e9ttritun"]}, {"abbreviation": "SF", "topics": ["fr\u00f3\u00f0leiks\u00f6flun", "samskipti"]}, {"abbreviation": "BK", "topics": ["b\u00f3kmenntir", "kj\u00f6rb\u00f3k"]}, {"abbreviation": "RB", "topics": ["b\u00f3kmenntir", "ritun"]}, {"abbreviation": "BM", "topics": ["b\u00f3kmenntir", "m\u00e1lsaga", "ritun", "tj\u00e1ning"]}, {"abbreviation": "NB", "topics": ["n\u00fat\u00edmab\u00f3kmenntir"]}, {"abbreviation": "BF", "topics": ["b\u00f3kmenntir fyrri alda"]}, {"abbreviation": "SB", "topics": ["menning", "samt\u00edmab\u00f3kmenntir"]}, {"abbreviation": "BB", "topics": ["barnab\u00f3kmenntir"]}, {"abbreviation": "HR", "topics": ["hra\u00f0lestur"]}, {"abbreviation": "YN", "topics": ["yndislestur"]}, {"abbreviation": "ML", "topics": ["leskilningur", "m\u00e1lnotkun", "m\u00e1ltaka", "ritun og tj\u00e1ning"]}, {"abbreviation": "MB", "topics": ["b\u00f3kmenntir og ritun", "m\u00e1lnotkun"]}, {"abbreviation": "MN", "topics": ["b\u00f3kmenntir", "m\u00e1lsaga og nafnasi\u00f0ir"]}, {"abbreviation": "YH", "topics": ["hra\u00f0lestur", "yndislestur"]}, {"abbreviation": "BS", "topics": ["b\u00f3kmenntir s\u00ed\u00f0ari alda"]}, {"abbreviation": "FH", "topics": ["f\u00e9lagsleg m\u00e1lv\u00edsindi", "hlj\u00f3\u00f0fr\u00e6\u00f0i og hlj\u00f3\u00f0kerfisfr\u00e6\u00f0i", "\u00fe\u00fd\u00f0ingar"]}, {"abbreviation": "TB", "topics": ["tj\u00e1skipti barna og fullor\u00f0inna"]}, {"abbreviation": "GL", "topics": ["gl\u00e6pas\u00f6gur"]}, {"abbreviation": "RM", "topics": ["m\u00e1lfr\u00e6\u00f0i", "ritun", "stafsetning"]}, {"abbreviation": "BT", "topics": ["bragfr\u00e6\u00f0i", "setningafr\u00e6\u00f0i", "textar fr\u00e1 \u00fdmsum l\u00f6ndum"]}, {"abbreviation": "MT", "topics": ["m\u00e1lfr\u00e6\u00f0i", "ritun og tj\u00e1ning"]}, {"abbreviation": "BR", "topics": ["b\u00f3kmenntir", "m\u00e1lnotkun", "ritun"]}, {"abbreviation": "MG", "topics": ["b\u00f3kmenntir og ritun", "go\u00f0afr\u00e6\u00f0i", "m\u00e1lsaga"]}, {"abbreviation": "EU", "topics": ["eddukv\u00e6\u00f0i", "uppl\u00fdsing"]}, {"abbreviation": "UK", "topics": ["kreppa", "uppl\u00fdsing"]}, {"abbreviation": "KA", "topics": ["aldam\u00f3t", "kreppa"]}, {"abbreviation": "RN", "topics": ["n\u00fat\u00edmab\u00f3kmenntir", "ritger\u00f0arsm\u00ed\u00f0"]}, {"abbreviation": "KU", "topics": ["kynningarefni", "ums\u00f3knir"]}, {"abbreviation": "RI", "topics": ["ritger\u00f0arsm\u00ed\u00f0", "textar fr\u00e1 \u00fdmsum l\u00f6ndum"]}, {"abbreviation": "BG", "topics": ["b\u00f3kmenntir", "go\u00f0afr\u00e6\u00f0i", "m\u00e1lsaga"]}, {"abbreviation": "FM", "topics": ["fornb\u00f3kmenntir", "m\u00e1lfr\u00e6\u00f0i"]}, {"abbreviation": "BN", "topics": ["b\u00f3kmenntir", "n\u00fat\u00edmi"]}, {"abbreviation": "FO", "topics": ["fornb\u00f3kmenntir"]}, {"abbreviation": "UN", "topics": ["undirb\u00fanings\u00e1fangi \u00ed \u00edslensku"]}, {"abbreviation": "MR", "topics": ["b\u00f3kmenntir", "m\u00e1lnotkun og ritun"]}, {"abbreviation": "ED", "topics": ["eddukv\u00e6\u00f0i og \u00edslendingas\u00f6gur"]}, {"abbreviation": "NJ", "topics": ["fr\u00e1 nj\u00e1lu til n\u00fdr\u00f3mant\u00edkur"]}, {"abbreviation": "\u00d6L", "topics": ["b\u00f3kmenntir \u00e1 20. \u00f6ld"]}, {"abbreviation": "ME", "topics": ["b\u00f3kmenntir"]}, {"abbreviation": "RL", "topics": ["lestur", "ritun og tj\u00e1ning"]}, {"abbreviation": "MI", "topics": ["m\u00e1l og b\u00f3kmenntir fr\u00e1 si\u00f0askiptum til aldam\u00f3tanna 1900"]}, {"abbreviation": "GM", "topics": ["go\u00f0afr\u00e6\u00f0i", "m\u00e1lsaga"]}, {"abbreviation": "GR", "topics": ["grunnur"]}, {"abbreviation": "LR", "topics": ["lestur og ritun"]}, {"abbreviation": "ST", "topics": ["stafsetning"]}, {"abbreviation": "\u00cdS", "topics": ["\u00edslenska"]}, {"abbreviation": "LT", "topics": ["lestur", "m\u00e1lfr\u00e6\u00f0i", "ritun", "stafsetning", "tj\u00e1ning"]}, {"abbreviation": "SR", "topics": ["lestur og tj\u00e1ning", "m\u00e1lfr\u00e6\u00f0i", "ritun", "stafsetning"]}, {"abbreviation": "GO", "topics": ["go\u00f0afr\u00e6\u00f0i", "m\u00e1lnotkun og ritun", "m\u00e1lsaga"]}, {"abbreviation": "NH", "topics": ["b\u00f3kmenntasaga 1900 til samt\u00edmans", "hugtakabeiting", "n\u00fat\u00edmab\u00f3kmenntir"]}, {"abbreviation": "RR", "topics": ["ritger\u00f0asm\u00ed\u00f0", "ritun"]}, {"abbreviation": "LF", "topics": ["b\u00f3kmenntasaga 1550-1900", "l\u00e6rd\u00f3ms\u00f6ld", "rauns\u00e6i"]}, {"abbreviation": "VE", "topics": ["verkefni vali\u00f0 og almenn b\u00f3kmenntafr\u00e6\u00f0i kynnt"]}, {"abbreviation": "MV", "topics": ["m\u00e1lv\u00edsindi"]}, {"abbreviation": "YF", "topics": ["Yndislestur framhald"]}, {"abbreviation": "MH", "topics": ["M\u00e1lsaga og go\u00f0afr\u00e6\u00f0i hra\u00f0fer\u00f0"]}, {"abbreviation": "FF", "topics": ["Fornb\u00f3kmenntir hra\u00f0fer\u00f0"]}, {"abbreviation": "YM", "topics": ["Yndislestur 2"]}, {"abbreviation": "FJ", "topics": ["fj\u00f6lmi\u00f0lal\u00e6si"]}, {"abbreviation": "RV", "topics": ["ritger\u00f0arvinna"]}, {"abbreviation": "LS", "topics": ["- sk\u00e1ldsaga \u00far n\u00fat\u00edma", "lestur og lesskilningur"]}, {"abbreviation": "L\u00cd", "topics": ["lestur og lesskilningur - \u00edslendingas\u00f6gur"]}, {"abbreviation": "LE", "topics": ["lestur og lesskilningur - sk\u00e1lds\u00f6gur 20. aldar"]}, {"abbreviation": "H\u00cd", "topics": ["Hagn\u00fdt \u00edslenska"]}, {"abbreviation": "\u00cdM", "topics": ["\u00edslensk m\u00e1lsaga"]}, {"abbreviation": "KV", "topics": ["b\u00f3kmenntir og kvikmyndir"]}, {"abbreviation": "NG", "topics": ["Norr\u00e6n go\u00f0afr\u00e6\u00f0i"]}, {"abbreviation": "LJ", "topics": ["Lj\u00f3\u00f0"]}, {"abbreviation": "AA", "topics": ["Lestur og ritun"]}, {"abbreviation": "\u00cdC", "topics": ["\u00cdslenska \u00e1 starfsbraut"]}, {"abbreviation": "\u00cdA", "topics": ["\u00cdslenska 1 \u00e1 starfsbraut"]}, {"abbreviation": "\u00cdB", "topics": ["\u00cdslenska 2 \u00e1 starfsbraut"]}, {"abbreviation": "N\u00dd", "topics": ["N\u00fdsk\u00f6pun"]}, {"abbreviation": "AB", "topics": ["B\u00f3kmenntir", "m\u00e1lfr\u00e6\u00f0i og ritun"]}, {"abbreviation": "HI", "topics": ["M\u00e1lnotkun og ritun"]}, {"abbreviation": "TR", "topics": ["M\u00e1lnotun og ritun"]}, {"abbreviation": "TL", "topics": ["L\u00e6si", "ritun", "tj\u00e1ning"]}, {"abbreviation": "OH", "topics": ["hlustun", "or\u00f0afor\u00f0i", "talm\u00e1l og ritun"]}, {"abbreviation": "ES", "topics": ["Eddukv\u00e6\u00f0i til si\u00f0askipta"]}, {"abbreviation": "NA", "topics": ["N\u00fdr\u00f3mant\u00edk til aldam\u00f3ta"]}, {"abbreviation": "SN", "topics": ["Si\u00f0askipti til n\u00fdr\u00f3mant\u00edkur"]}, {"abbreviation": "YL", "topics": ["Yndislestur"]}, {"abbreviation": "SS", "topics": ["Stafsetning"]}, {"abbreviation": "BU", "topics": ["Barna- og unglingab\u00f3kmenntir"]}, {"abbreviation": "SK", "topics": ["sk\u00e1lds\u00f6gur"]}, {"abbreviation": "B\u00d3", "topics": ["B\u00f3kmenntir og tungum\u00e1l fr\u00e1 landn\u00e1mi til si\u00f0askipta"]}, {"abbreviation": "M\u00c1", "topics": ["M\u00e1l- og menningarsaga"]}, {"abbreviation": "NF", "topics": ["N\u00fdsk\u00f6punarferli\u00f0: \u00fe\u00f6rf", "afur\u00f0", "lausn"]}, {"abbreviation": "A\u00cd", "topics": ["Almenn \u00edslenska \u00e1 1 \u00ferepi"]}, {"abbreviation": "AM", "topics": ["almenn m\u00e1lnotkun", "b\u00f3kmenntir", "ritun"]}, {"abbreviation": "RS", "topics": ["Skapandi skrif"]}, {"abbreviation": "SP", "topics": ["Spennus\u00f6gur"]}, {"abbreviation": "\u00cdD", "topics": ["\u00cdslenska \u00e1 starfsbraut 4"]}, {"abbreviation": "\u00cdE", "topics": ["\u00cdslenska 5 \u00e1 starfsbraut"]}, {"abbreviation": "SM", "topics": ["Sk\u00e1lds\u00f6gur"]}, {"abbreviation": "M\u00de", "topics": ["\u00cdSLE"]}, {"abbreviation": "SA", "topics": ["Sk\u00f6pun \u00ed v\u00ed\u00f0u samhengi"]}, {"abbreviation": "SJ", "topics": ["L\u00e6si", "b\u00f3kmenntir", "hugtakaskilningur", "m\u00e1lfr\u00e6\u00f0i", "sj\u00e1lfb\u00e6rni og ritun"]}, {"abbreviation": "LM", "topics": ["L\u00e6si", "l\u00fd\u00f0r\u00e6\u00f0i", "mannr\u00e9ttindi og b\u00f3kmenntir"]}, {"abbreviation": "JR", "topics": ["L\u00e6si", "b\u00f3kmenntir og ritun", "jafnr\u00e9tti"]}, {"abbreviation": "HV", "topics": ["L\u00e6si", "heilbrig\u00f0i", "velfer\u00f0 og b\u00f3kmenntir"]}, {"abbreviation": "DB", "topics": ["Sk\u00f3labla\u00f0"]}, {"abbreviation": "\u00c6F", "topics": ["Go\u00f0s\u00f6gur", "fantas\u00edur", "\u00e6vint\u00fdri"]}, {"abbreviation": "VM", "topics": ["Verkefna\u00e1fangi \u00ed m\u00e1lv\u00edsindum"]}, {"abbreviation": "VB", "topics": ["Verkefna\u00e1fangi \u00ed b\u00f3kmenntum"]}, {"abbreviation": "SW", "topics": ["Stafsetning og ritun"]}, {"abbreviation": "MF", "topics": ["M\u00e1lfr\u00e6\u00f0i"]}, {"abbreviation": "SG", "topics": ["B\u00f3kmenntir", "setningafr\u00e6\u00f0i og go\u00f0afr\u00e6\u00f0i"]}, {"abbreviation": "OF", "topics": ["frambur\u00f0ur", "lestrarf\u00e6rni", "or\u00f0afor\u00f0i"]}, {"abbreviation": "CA", "topics": ["B\u00f3kmenntir fram til 1550"]}, {"abbreviation": "BH", "topics": ["Go\u00f0afr\u00e6\u00f0i", "m\u00e1lsaga og ritger\u00f0asm\u00ed\u00f0"]}, {"abbreviation": "DD", "topics": ["B\u00f3kmenntir og b\u00f3kmenntasaga", "einkum 1550-1900."]}, {"abbreviation": "CH", "topics": ["\u00cdslenska 3. Hra\u00f0fer\u00f0"]}, {"abbreviation": "EE", "topics": ["B\u00f3kmenntir og b\u00f3kmenntasaga eftir 1900."]}, {"abbreviation": "HL", "topics": ["M\u00e1lsaga og hlj\u00f3\u00f0fr\u00e6\u00f0i"]}, {"abbreviation": "CB", "topics": ["heimsb\u00f3kmenntir"]}, {"abbreviation": "AL", "topics": ["Almenn m\u00e1lnotkun og l\u00e6si"]}, {"abbreviation": "GF", "topics": ["Go\u00f0afr\u00e6\u00f0i og fornb\u00f3kmenntir"]}, {"abbreviation": "TE", "topics": ["Ritun og textagreining"]}, {"abbreviation": "MA", "topics": ["Menningararfur \u00ed n\u00fat\u00edmanum"]}, {"abbreviation": "S\u00c1", "topics": ["Skrefa\u00f0", "skrifa\u00f0 og skrafa\u00f0 um n\u00e6rsamf\u00e9lagi\u00f0/\u00e1tthagana."]}, {"abbreviation": "NM", "topics": ["fr\u00e1 n\u00fdr\u00f3mant\u00edk til m\u00f3dernisma"]}, {"abbreviation": "HM", "topics": ["Heimildir og m\u00e1lnotkun"]}, {"abbreviation": "M\u00c6", "topics": ["Menningarl\u00e6si"]}, {"abbreviation": "CK", "topics": ["\u00edslenskar kvikmyndir"]}, {"abbreviation": "CL", "topics": ["Leikh\u00fas og leikb\u00f3kmenntir"]}, {"abbreviation": "DL", "topics": ["Leikh\u00fas og leikb\u00f3kmenntir."]}, {"abbreviation": "CN", "topics": ["\u00derj\u00fa verk Halld\u00f3rs Laxness."]}, {"abbreviation": "HB", "topics": ["B\u00f3kmenntir", "heimildaritger\u00f0", "m\u00e1lsaga"]}, {"abbreviation": "CU", "topics": ["Barnab\u00f3kmenntir."]}, {"abbreviation": "CP", "topics": ["Textager\u00f0 og ritstj\u00f3rn"]}, {"abbreviation": "CY", "topics": ["Yndislestur I"]}, {"abbreviation": "DY", "topics": ["Yndislestur II"]}, {"abbreviation": "RH", "topics": ["\u00darvinnsla heimilda og ritun"]}, {"abbreviation": "B\u00cd", "topics": ["B\u00f3kmenntasaga", "\u00cdslendingasaga og forn kve\u00f0skapur"]}, {"abbreviation": "BL", "topics": ["B\u00f3kmenntasaga", "leikritalestur", "lj\u00f3\u00f0alestur", "n\u00fat\u00edmab\u00f3kmenntir"]}, {"abbreviation": "RF", "topics": ["Ritger\u00f0arskrif", "go\u00f0afr\u00e6\u00f0i og m\u00e1lsaga"]}, {"abbreviation": "KM", "topics": ["b\u00f3kmenntir", "kv\u00e6\u00f0i", "lj\u00f3\u00f0", "m\u00e1lnotkun", "ritun"]}, {"abbreviation": "SL", "topics": ["Ritlist"]}, {"abbreviation": "RO", "topics": ["lestur", "m\u00e1lnotkun", "or\u00f0afor\u00f0i", "ritun"]}, {"abbreviation": "LB", "topics": ["b\u00f3kmenntir", "l\u00e6si", "ritun", "stafsetning"]}, {"abbreviation": "FL", "topics": ["frams\u00f6gn", "lestur", "margv\u00edsleg ritun", "or\u00f0afor\u00f0i"]}, {"abbreviation": "HS", "topics": ["heimildavinna", "m\u00e1lnotkun", "ritun", "setningafr\u00e6\u00f0i"]}], "_id": "50c0a02dd8e40575f7f6f4a2", "subjects": ["\u00edslenska"], "counter": {"1": 39, "3": 39, "2": 27, "4": 2}}, "evaluation": " L\u00f6g\u00f0 er \u00e1hersla \u00e1 fj\u00f6lbreytt n\u00e1msmat me\u00f0 lei\u00f0s\u00f6gn. N\u00e1msmati\u00f0 er \u00ed h\u00f6ndum kennara vi\u00f0komandi \u00e1fanga en \u00fearf a\u00f0 fylgja \u00feeim reglum sem kve\u00f0i\u00f0 er \u00e1 um \u00ed sk\u00f3lan\u00e1mskr\u00e1 VMA.", "categorization_suggestion": "AV", "embedded_topics": {"abbreviation": "HS", "topics": ["heimildavinna", "m\u00e1lnotkun", "ritun", "setningafr\u00e6\u00f0i"]}, "status": "approved by school", "description": "\u00cd \u00feessum \u00e1fanga er unni\u00f0 me\u00f0 grundvallarhugt\u00f6k ritunar og m\u00e1lnotkunar. Auk \u00feess ver\u00f0ur fari\u00f0 \u00ed me\u00f0fer\u00f0 og notkun hj\u00e1lpargagna og heimilda \u00ed tengslum vi\u00f0 ritger\u00f0arsm\u00ed\u00f0. Fjalla\u00f0 ver\u00f0ur um mismunandi birtingarform texta eftir mi\u00f0lum og skrifa\u00f0ar \u00f3l\u00edkar ger\u00f0ir ritsm\u00ed\u00f0a, m.a. heimilda- og r\u00f6kf\u00e6rsluritger\u00f0ir \u00fear sem nemendur hafa \u00e1kve\u00f0i\u00f0 val um vi\u00f0fangsefni. Unni\u00f0 me\u00f0 grunnhugt\u00f6k \u00ed m\u00e1lfr\u00e6\u00f0i, setningafr\u00e6\u00f0i og stafsetningu og mismunandi m\u00e1lsni\u00f0 og st\u00edlbr\u00f6g\u00f0 \u00ed tengslum vi\u00f0 ritun. Nemendur vinna og kynna munnlega eigin verkefni, hver fyrir sig og/e\u00f0a me\u00f0 \u00f6\u00f0rum. \u00c1hersla \u00e1 fj\u00f6lbreytt og skapandi verkefni sem reyna \u00e1 sj\u00e1lfst\u00e6\u00f0 vinnubr\u00f6g\u00f0 og mismunandi h\u00e6fni nemenda, auka v\u00ed\u00f0s\u00fdni og gagnr\u00fdna hugsun. ", "knowledge_goals": ["helstu hugt\u00f6kum \u00ed ritger\u00f0asm\u00ed\u00f0", "or\u00f0afor\u00f0a sem n\u00e6gir til a\u00f0 skilja \u00edslenskt n\u00fat\u00edmam\u00e1l \u00ed r\u00e6\u00f0u og riti", "uppbyggingu r\u00f6kf\u00e6rsluritger\u00f0a", "m\u00e1lfr\u00e6\u00f0ihugt\u00f6kum og ritreglum sem n\u00fdtast \u00ed tal- og ritm\u00e1li", "notkun hj\u00e1lpargagna og heimilda og mati \u00e1 gildi heimilda", "uppsetningu og fr\u00e1gangi heimilda"], "skills_goals": ["rita r\u00f6kf\u00e6rsluritger\u00f0ir sem krefjast gagnr\u00fdninnar hugsunar", "nota hj\u00e1lparg\u00f6gn vi\u00f0 fr\u00e1gang ritsm\u00ed\u00f0a", "nota heimildir af \u00fdmsu tagi og fl\u00e9tta efni \u00feeirra saman vi\u00f0 eigin vi\u00f0horf og \u00e1lyktanir \u00e1 hei\u00f0arlegan h\u00e1tt", "nota algeng st\u00edlbr\u00f6g\u00f0 \u00ed tal- og ritm\u00e1li", "flytja munnlega efni af \u00fdmsu tagi og r\u00e6\u00f0a eigin ni\u00f0urst\u00f6\u00f0ur og annarra me\u00f0 m\u00e1lefnalegum h\u00e6tti", "beita m\u00e1lfr\u00e6\u00f0ihugt\u00f6kum og nota m\u00e1lfr\u00e6\u00f0ilegar uppl\u00fdsingar til a\u00f0 efla eigin m\u00e1lf\u00e6rni"], "credits": 5, "last_modified": 1423835307.256067, "schools": ["512b49bc62933a682f00048a"], "coauthors": null, "instructions": "", "continued_education": false, "level": 2, "prerequisites": "\u00cdSLE1FL05 e\u00f0a fulln\u00e6gjandi \u00e1rangur \u00far grunnsk\u00f3la a\u00f0 mati sk\u00f3lans.", "author": "0bc9b589-2a42-4690-ac7e-ec65f804a0e6", "abbreviation_version": null, "competence_goals": [["n\u00fdta m\u00e1lfr\u00e6\u00f0ilegar uppl\u00fdsingar til a\u00f0 efla eigin m\u00e1lf\u00e6rni", ""], ["byggja upp sk\u00fdra r\u00f6ksemdaf\u00e6rslu, tj\u00e1 afst\u00f6\u00f0u og efasemdir um efni\u00f0 og komast a\u00f0 ni\u00f0urst\u00f6\u00f0u", ""], ["taka \u00fe\u00e1tt \u00ed m\u00e1lefnalegum umr\u00e6\u00f0um", ""], ["styrkja eigin m\u00e1lf\u00e6rni, t.d. me\u00f0 \u00fev\u00ed a\u00f0 n\u00fdta handb\u00e6kur um m\u00e1lfar og m\u00e1lfr\u00e6\u00f0i", ""], ["s\u00fdna t\u00f6luver\u00f0 tilbrig\u00f0i \u00ed m\u00e1lnotkun", ""], ["beita sk\u00fdru, v\u00f6ndu\u00f0u og bl\u00e6brig\u00f0ar\u00edku m\u00e1li \u00ed r\u00e6\u00f0u og riti", ""], ["vinna skapandi verkefni \u00ed tengslum vi\u00f0 n\u00e1msefni\u00f0", ""]], "_id": "54de00ab62933a7a340003c1"}, {"exemplary": null, "topics": "hornaf\u00f6ll, r\u00f6kfr\u00e6\u00f0i, r\u00famfr\u00e6\u00f0i", "abbreviation": "ST\u00c6F2RH05", "former_schools": null, "subject": "St\u00e6r\u00f0fr\u00e6\u00f0i", "title": "R\u00famfr\u00e6\u00f0i og hornaf\u00f6ll", "version": 2, "status_trans": "Sam\u00feykkt af sk\u00f3la", "embedded_subject": {"abbreviation": "ST\u00c6F", "topics": [{"abbreviation": "FB", "topics": ["brotareikningur", "forgangsr\u00f6\u00f0", "grunna\u00f0ger\u00f0irnar fj\u00f3rar", "pr\u00f3sentur"]}, {"abbreviation": "BP", "topics": ["b\u00f3kstafareikningur", "forgangsr\u00f6\u00f0 a\u00f0ger\u00f0a", "hlutf\u00f6ll og pr\u00f3sentur", "veldi og r\u00e6tur"]}, {"abbreviation": "AH", "topics": ["algebra", "hlutf\u00f6ll", "hnitafr\u00e6\u00f0i", "j\u00f6fnur", "veldi"]}, {"abbreviation": "RH", "topics": ["hornaf\u00f6ll", "r\u00f6kfr\u00e6\u00f0i", "r\u00famfr\u00e6\u00f0i"]}], "_id": "54eb39a362933a1936000eba", "subjects": ["St\u00e6r\u00f0fr\u00e6\u00f0i"], "counter": {"1": 0, "3": 0, "2": 0, "4": 0}}, "evaluation": "L\u00f6g\u00f0 er \u00e1hersla \u00e1 fj\u00f6lbreytt n\u00e1msmat me\u00f0 lei\u00f0s\u00f6gn. N\u00e1msmati\u00f0 er \u00ed h\u00f6ndum kennara vi\u00f0komandi \u00e1fanga en \u00fearf a\u00f0 fylgja \u00feeim reglum sem kve\u00f0i\u00f0 er \u00e1 um \u00ed sk\u00f3lan\u00e1mskr\u00e1 VMA.", "categorization_suggestion": "AV", "embedded_topics": {"abbreviation": "RH", "topics": ["hornaf\u00f6ll", "r\u00f6kfr\u00e6\u00f0i", "r\u00famfr\u00e6\u00f0i"]}, "status": "approved by school", "description": "Meginefni \u00e1fangans er r\u00famfr\u00e6\u00f0i. Efnis\u00fe\u00e6ttir sem teknir eru fyrir \u00ed \u00e1fanganum eru: R\u00famfr\u00e6\u00f0i, kynning \u00e1 frumhugt\u00f6kum r\u00famfr\u00e6\u00f0innar, hornasumma \u00fer\u00edhyrnings, hlutf\u00f6ll \u00ed \u00fer\u00edhyrningum og regla P\u00fd\u00feag\u00f3rasar. Flatarm\u00e1l og r\u00famm\u00e1l. Horn vi\u00f0 hring. Hornaf\u00f6ll \u00ed r\u00e9tthyrndum \u00fer\u00edhyrningum. M\u00e6lieiningar. Sannanir og r\u00f6kfr\u00e6\u00f0i.  \u00cd \u00e1fanganum er l\u00f6g\u00f0 \u00e1hersla \u00e1 skipul\u00f6g\u00f0 vinnubr\u00f6g\u00f0, r\u00f6ksemdaf\u00e6rslur og n\u00e1kv\u00e6mni \u00ed framsetningu vi\u00f0 lausn verkefna \u00ed st\u00e6r\u00f0fr\u00e6\u00f0i.", "knowledge_goals": ["flatarm\u00e1li og r\u00famm\u00e1li", "hornaf\u00f6llum \u00ed r\u00e9tthyrndum \u00fer\u00edhyrningum", "P\u00fd\u00feag\u00f3rasarreglunni", "hornasummu \u00fer\u00edhyrnings", "hlutf\u00f6llum \u00ed \u00fer\u00edhyrningum", "horni vi\u00f0 hring", "metrakerfinu (metrar, fermetrar, r\u00fammetrar) og m\u00e6lieiningum", "s\u00f6nnunum og r\u00f6kfr\u00e6\u00f0i"], "skills_goals": ["leysa r\u00famfr\u00e6\u00f0ileg vandam\u00e1l", "reikna horn og hli\u00f0ar \u00ed \u00fer\u00edhyrningum", "reikna flatarm\u00e1l og r\u00famm\u00e1l og vinna me\u00f0 m\u00e6lieiningar", "reikna st\u00e6r\u00f0ir \u00ed einsl\u00e6gum \u00fer\u00edhyrningum", "finna ferilhorn, mi\u00f0horn, utanver\u00f0 og innanver\u00f0 horn", "skilja og vinna me\u00f0 hornaf\u00f6ll \u00ed r\u00e9tthyrndum \u00fer\u00edhyrningum", "vinna me\u00f0 og nota P\u00fd\u00feag\u00f3rasarregluna", "nota r\u00f6ksemdaf\u00e6rslu vi\u00f0 sannanir"], "credits": 5, "last_modified": 1424703396.007849, "schools": ["512b49bc62933a682f00048a"], "coauthors": null, "instructions": "", "continued_education": false, "level": 2, "prerequisites": "A\u00f0 hafa loki\u00f0 grunnsk\u00f3la me\u00f0 fulln\u00e6gjandi h\u00e6tti a\u00f0 mati sk\u00f3lans. ", "author": "0bc9b589-2a42-4690-ac7e-ec65f804a0e6", "abbreviation_version": null, "competence_goals": [["fjalla um st\u00e6r\u00f0fr\u00e6\u00f0ileg vi\u00f0fangsefni og setja \u00farlausnir s\u00ednar fram skriflega \u00e1 skiljanlegan og snyrtilegan h\u00e1tt", ""], ["skilja merkingu helstu st\u00e6r\u00f0fr\u00e6\u00f0it\u00e1kna og hugtaka \u00ed n\u00e1msefninu og geti \u00fatsk\u00fdrt \u00feau", ""], ["n\u00fdta \u00feekktar form\u00falur, vinna me\u00f0 \u00fe\u00e6r og finna \u00f3\u00feekkta st\u00e6r\u00f0 \u00fat fr\u00e1 \u00feekktum st\u00e6r\u00f0um og reglum", ""], ["velja a\u00f0fer\u00f0ir sem vi\u00f0 eiga hverju sinni til a\u00f0 leysa verkefni og beita \u00feeim r\u00e9tt", ""], ["fylgja og skilja r\u00f6ksemdaf\u00e6rslur \u00ed m\u00e6ltu m\u00e1li og \u00ed texta", ""]], "_id": "54eb3fa462933a1936000f00"}, {"exemplary": null, "topics": "MIG/MAG og TIG su\u00f0a", "abbreviation": "HLGS2MT03", "former_schools": null, "subject": "Hl\u00edf\u00f0argassu\u00f0a", "title": "Su\u00f0ua\u00f0fer\u00f0ir og su\u00f0ut\u00e6ki", "version": 5, "status_trans": "Sam\u00feykkt af sk\u00f3la", "embedded_subject": {"abbreviation": "HLGS", "topics": [{"abbreviation": "MI", "topics": ["MIG/MAG su\u00f0ut\u00e6kni"]}, {"abbreviation": "TI", "topics": ["TIG su\u00f0ut\u00e6kni"]}, {"abbreviation": "MG", "topics": ["MIG/MAG"]}, {"abbreviation": "MA", "topics": ["Magsu\u00f0a"]}, {"abbreviation": "MT", "topics": ["MIG/MAG og TIG su\u00f0a"]}], "_id": "51308e8d62933a1e6c000276", "subjects": ["Hl\u00edf\u00f0argassu\u00f0a"], "counter": {"1": 0, "3": 1, "2": 4, "4": 0}}, "evaluation": "L\u00f6g\u00f0 er \u00e1hersla \u00e1 fj\u00f6lbreytt n\u00e1msmat me\u00f0 lei\u00f0s\u00f6gn. N\u00e1msmati\u00f0 er \u00ed h\u00f6ndum kennara vi\u00f0komandi \u00e1fanga en \u00fearf a\u00f0 fylgja \u00feeim reglum sem kve\u00f0i\u00f0 er \u00e1 um \u00ed sk\u00f3lan\u00e1mskr\u00e1 VMA. ", "categorization_suggestion": "AV", "embedded_topics": {"abbreviation": "MT", "topics": ["MIG/MAG og TIG su\u00f0a"]}, "status": "approved by school", "description": "\u00cd \u00e1fanganum l\u00e6rir nemandinn MIG/MAG-su\u00f0u \u00ed efnis\u00feykktum 2 \u2013 6 mm og TIG-su\u00f0u \u00ed efnis\u00feykktum 1 \u2013 3 mm. L\u00f6g\u00f0 er \u00e1hersla \u00e1 a\u00f0 nemandinn \u00f6\u00f0list grunnf\u00e6rni og \u00feekkingu \u00e1 su\u00f0ua\u00f0fer\u00f0um, a\u00f0 hann \u00feekki mun \u00e1 \u00feeim, kostum \u00feeirra og g\u00f6llum og geti so\u00f0i\u00f0 st\u00e1l, ry\u00f0fr\u00edtt st\u00e1l og \u00e1l. Fari\u00f0 er yfir \u00f6ryggisb\u00fana\u00f0 s.s. hl\u00edf\u00f0arfatna\u00f0 og hl\u00edfar, h\u00e6ttur og helstu var\u00fa\u00f0arr\u00e1\u00f0stafanir vegna \u00feeirra. ", "knowledge_goals": ["gastegundum og gasbl\u00f6ndum sem nota\u00f0ar eru vi\u00f0 su\u00f0u \u00e1 st\u00e1li, \u00e1li og ry\u00f0fr\u00edu st\u00e1li", "hlutverki hl\u00edf\u00f0argass og r\u00e9ttum stillingum", "\u00f6llum hlutum su\u00f0ubyssu og lei\u00f0ara fyrir MIG/MAG og TIG", "virkni su\u00f0ut\u00e6kja, drifb\u00fana\u00f0i og p\u00f3lun", "virkni vi\u00f0n\u00e1mssp\u00f3lu \u00ed MIG/MAG og TIG su\u00f0ut\u00e6kjum", "\u00fdmsum ger\u00f0um kveikinga \u00ed MIG/MAG og TIG-su\u00f0uv\u00e9lum", "brunah\u00e6ttu vegna straumlei\u00f0ara", "helstu h\u00e6ttum og var\u00fa\u00f0arr\u00e1\u00f0st\u00f6funum vegna geislunar, hita, reyks, \u00f3sonmyndunar og eldfimra efna", "hl\u00edf\u00f0arfatna\u00f0i og hl\u00edfum vi\u00f0 vinnu"], "skills_goals": ["me\u00f0h\u00f6ndla b\u00fana\u00f0 til su\u00f0u", "setja r\u00falluv\u00edr \u00ed su\u00f0ut\u00e6ki", "nota TIG- og MIG/MAG su\u00f0u til a\u00f0 sj\u00f3\u00f0a saman hluti \u00ed \u00fdmsum su\u00f0ust\u00f6\u00f0um s.s. PA-BW, PA-FW og PF-FW", "gegnumsj\u00f3\u00f0a \u00feunna st\u00e1lpl\u00f6tu \u00f6\u00f0ru megin fr\u00e1", "nota hl\u00edf\u00f0arfatna\u00f0 og \u00f6ryggisb\u00fana\u00f0"], "credits": 3, "last_modified": 1433804800.18355, "schools": ["512b49bc62933a682f00048a"], "coauthors": null, "instructions": "", "continued_education": false, "level": 2, "prerequisites": "engar", "author": "0bc9b589-2a42-4690-ac7e-ec65f804a0e6", "abbreviation_version": null, "competence_goals": [["stilla su\u00f0ut\u00e6kin, \u00fe.e. straum, v\u00edrhra\u00f0a, spennu og vi\u00f0n\u00e1m", ""], ["velja r\u00e9tta sp\u00edssa", ""], ["stilla gasfl\u00e6\u00f0i, velja gashulsu og skaut", ""], ["velja hl\u00edf\u00f0arb\u00fana\u00f0 og hl\u00edfar \u00ed samr\u00e6mi vi\u00f0 a\u00f0st\u00e6\u00f0ur", ""], ["meta algengustu su\u00f0ugalla og greina orskakir \u00feeirra", ""]], "_id": "5576200062933a563f0001aa"}, {"exemplary": null, "topics": "Fallmyndun og fr\u00edhendisteikning", "abbreviation": "GRUN1FF04", "former_schools": null, "subject": "Grunnteikning", "title": "Undirst\u00f6\u00f0uatri\u00f0i \u00ed teiknifr\u00e6\u00f0um", "version": 7, "status_trans": "Sam\u00feykkt af sk\u00f3la", "embedded_subject": {"abbreviation": "GRUN", "topics": [{"abbreviation": "AU", "topics": ["Almenn undirsta\u00f0a"]}, {"abbreviation": "F\u00da", "topics": ["fallv\u00f6rpun", "\u00fatflatningar"]}, {"abbreviation": "FF", "topics": ["Fallmyndun og fr\u00edhendisteikning"]}, {"abbreviation": "TE", "topics": ["Teikning"]}, {"abbreviation": "GT", "topics": ["Grunnatri\u00f0i \u00ed teiknifr\u00e6\u00f0um"]}, {"abbreviation": "FY", "topics": ["Flatarteikning", "fallmyndun", "yfirbor\u00f0s\u00fatflatning og fr\u00edhendisteikning"]}, {"abbreviation": "SA", "topics": ["Flatarteikning", "fallmyndun og yfirbor\u00f0s\u00fatflatningar og fr\u00edhendisteikning"]}], "_id": "512b2a1362933a682f0003c7", "subjects": ["Grunnteikning"], "counter": {"1": 6, "3": 0, "2": 3, "4": 0}}, "evaluation": "L\u00f6g\u00f0 er \u00e1hersla \u00e1 fj\u00f6lbreytt n\u00e1msmat me\u00f0 lei\u00f0s\u00f6gn. N\u00e1msmati\u00f0 er \u00ed h\u00f6ndum kennara vi\u00f0komandi \u00e1fanga en \u00fearf a\u00f0 fylgja \u00feeim reglum sem kve\u00f0i\u00f0 er \u00e1 um \u00ed sk\u00f3lan\u00e1mskr\u00e1 VMA. ", "categorization_suggestion": "AV", "embedded_topics": {"abbreviation": "FF", "topics": ["Fallmyndun og fr\u00edhendisteikning"]}, "status": "approved by school", "description": "\u00cd \u00e1fanganum er l\u00f6g\u00f0 \u00e1hersla \u00e1 a\u00f0 nemandinn \u00f6\u00f0list almenna undirst\u00f6\u00f0u\u00feekkingu og \u00fej\u00e1lfun \u00ed teiknifr\u00e6\u00f0um. Fjalla\u00f0 er um fallmyndun, \u00e1smyndun og fr\u00edhendisteikningu. Nemandinn \u00f6\u00f0list f\u00e6rni \u00ed me\u00f0fer\u00f0 og notkun m\u00e6li- og teikni\u00e1halda, myndr\u00e6nni vinnu me\u00f0 vi\u00f0fangsefni starfsgreina. A\u00f0 auki hl\u00fdtur nemandinn grunn\u00fej\u00e1lfun \u00ed ger\u00f0 vinnuteikninga og \u00fer\u00edv\u00ed\u00f0ra rissteikninga \u00e1samt lestri teikninga. ", "knowledge_goals": ["mismunandi teiknia\u00f0fer\u00f0um, s.s. fr\u00edhendisteikningu og fallmyndun", "uppl\u00fdsingami\u00f0lun me\u00f0 t\u00e6knilegum teikningum", "me\u00f0fer\u00f0 og notkun teikni- og m\u00e6li\u00e1halda", "tv\u00edv\u00ed\u00f0um og \u00fer\u00edv\u00ed\u00f0um vinnuteikningum", "lestri teikninga", "uppsetningu teikninga \u00e1 vinnubla\u00f0, \u00e1ritun og fr\u00e1gangi \u00feeirra"], "skills_goals": ["lesa hornr\u00e9ttar fallmyndir", "lesa snei\u00f0myndir af einf\u00f6ldum hlutum", "teikna einfaldar vinnuteikningar me\u00f0 fallmyndun og nota vi\u00f0 \u00fea\u00f0 vi\u00f0eigandi teikni\u00e1h\u00f6ld", "lesa og skilja einfaldar t\u00e6knilegar vinnuteikningar og einfaldar \u00fer\u00edv\u00ed\u00f0ar teikningar", "teikna \u00e1smyndir af einf\u00f6ldum hlutum", "teikna fr\u00edhendis"], "credits": 4, "last_modified": 1433802964.509334, "schools": ["512b49bc62933a682f00048a"], "coauthors": null, "instructions": "", "continued_education": false, "level": 1, "prerequisites": "engar", "author": "0bc9b589-2a42-4690-ac7e-ec65f804a0e6", "abbreviation_version": null, "competence_goals": [["skipuleggja vinnubla\u00f0, \u00e1rita og ganga fr\u00e1 einf\u00f6ldum teikningu", ""], ["mi\u00f0la uppl\u00fdsingum \u00e1 skilvirkan h\u00e1tt", ""], ["m\u00e1lsetja einfaldar vinnuteikningar eftir vi\u00f0eigandi reglum, venjum og st\u00f6\u00f0lum \u00ed mismunandi m\u00e6likv\u00f6r\u00f0um", ""], ["n\u00fdta s\u00e9r teiknikunn\u00e1ttu \u00ed starfi", ""]], "_id": "557618d462933a563f00018c"}, {"exemplary": null, "topics": "Grunn\u00fe\u00e6ttir v\u00e9la og v\u00e9lkerfa", "abbreviation": "V\u00c9LS1GV05", "former_schools": null, "subject": "V\u00e9lstj\u00f3rn", "title": "V\u00e9lstj\u00f3rn 1", "version": 3, "status_trans": "Sam\u00feykkt af sk\u00f3la", "embedded_subject": {"abbreviation": "V\u00c9LS", "topics": [{"abbreviation": "MS", "topics": ["m\u00e6lingar"]}, {"abbreviation": "SV", "topics": ["Skip", "kerfi", "v\u00e9l", "\u00f6ryggi"]}, {"abbreviation": "GV", "topics": ["Grunn\u00fe\u00e6ttir v\u00e9la og v\u00e9lkerfa"]}], "_id": "5167ef8062933a5f9b001e76", "subjects": ["V\u00e9lstj\u00f3rn"], "counter": {"1": 0, "3": 0, "2": 0, "4": 0}}, "evaluation": "L\u00f6g\u00f0 er \u00e1hersla \u00e1 fj\u00f6lbreytt n\u00e1msmat me\u00f0 lei\u00f0s\u00f6gn. N\u00e1msmati\u00f0 er \u00ed h\u00f6ndum kennara vi\u00f0komandi \u00e1fanga en \u00fearf a\u00f0 fylgja \u00feeim reglum sem kve\u00f0i\u00f0 er \u00e1 um \u00ed sk\u00f3lan\u00e1mskr\u00e1 VMA. ", "categorization_suggestion": "AV", "embedded_topics": {"abbreviation": "GV", "topics": ["Grunn\u00fe\u00e6ttir v\u00e9la og v\u00e9lkerfa"]}, "status": "approved by school", "description": "\u00cd \u00e1fanganum \u00f6\u00f0last nemandinn \u00feekkingu \u00e1 uppbyggingu og virkni mismunandi\nv\u00e9lager\u00f0a, \u00fear sem \u00e1hersla er l\u00f6g\u00f0 \u00e1 virkni, eiginleika og notkun bulluv\u00e9la. Einnig er fari\u00f0 yfir \u00edhluti og einingar sem brunav\u00e9l samanstendur af og hlutverk \u00feeirra. \u00de\u00e1 er fjalla\u00f0 um v\u00e9la- og lagnakerfi sem \u00fej\u00f3na brunav\u00e9lum. Nemandinn \u00fej\u00e1lfast \u00ed notkun v\u00e9la og v\u00e9lakerfa, og l\u00f6g\u00f0 er \u00e1hersla \u00e1 a\u00f0 hann s\u00e9 f\u00e6r um a\u00f0 \u00fej\u00f3na og stj\u00f3rna v\u00e9lb\u00fana\u00f0i \u00ed minni skipum. Fari\u00f0 er yfir \u00f6ryggism\u00e1l, umgengni um v\u00e9lar og verkst\u00e6\u00f0i \u00e1samt h\u00e6ttum sem stafa af v\u00e9lum og v\u00e9lb\u00fana\u00f0i.", "knowledge_goals": ["vinnuhring d\u00edsil- og Ott\u00f3m\u00f3tors", "flokkun aflv\u00e9la eftir ger\u00f0, uppbyggingu og eldsneyti", "grundvallarhugmyndum a\u00f0 baki bulluv\u00e9linni, byggingu hennar og helstu \u00edhlutum", "mismunandi uppbyggingu, notkun og eiginleikum hra\u00f0gengra og h\u00e6ggengra bulluv\u00e9la", "mismunandi a\u00f0streymi eldsneytis og lofts \u00ed Ott\u00f3v\u00e9l og d\u00edsilv\u00e9l", "\u00feeim kerfum sem \u00fej\u00f3na v\u00e9lum skipa, hlutverki \u00feeirra og uppbyggingu \u00ed minni skipum", "k\u00e6li\u00fe\u00f6rf brunav\u00e9la", "uppbyggingu \u00e1 eldsneytisd\u00e6lum og vinnum\u00e1ta \u00feeirra", "r\u00e6singu bulluv\u00e9la, \u00fe.m.t. mismunandi r\u00e6siloftskerfa v\u00e9la og \u00feeim reglum sem um \u00feau kerfi gilda", "umhir\u00f0u v\u00e9la og b\u00fana\u00f0ar \u00ed v\u00e9larr\u00fami"], "skills_goals": ["nafngreina helstu \u00edhluti v\u00e9lar og l\u00fdsa hlutverki \u00feeirra", "lesa \u00far v\u00e9lateikningum", "nota helstu handverkf\u00e6ri \u00e1 r\u00e9ttan h\u00e1tt", "ganga um v\u00e9lar og verkst\u00e6\u00f0i me\u00f0 tilliti til hreinl\u00e6tis og \u00f6ryggis", "undirb\u00faa d\u00edsilv\u00e9l fyrir gangsetningu og gangsetja hana", "ganga fr\u00e1 v\u00e9l og v\u00e9larr\u00fami eftir st\u00f6\u00f0vun og gera v\u00e9larr\u00fam frostkl\u00e1rt"], "credits": 5, "last_modified": 1433851446.957354, "schools": ["512b49bc62933a682f00048a"], "coauthors": null, "instructions": "", "continued_education": false, "level": 1, "prerequisites": "engar", "author": "0bc9b589-2a42-4690-ac7e-ec65f804a0e6", "abbreviation_version": null, "competence_goals": [["teikna upp vinnuhring tv\u00edgengis og fj\u00f3rgengis d\u00edsil- og Ott\u00f3v\u00e9la", ""], ["rekja og teikna upp helstu v\u00e9lakerfi", ""], ["stunda vinnu \u00e1 v\u00e9laverkst\u00e6\u00f0i m.t.t. umgengni og \u00f6ryggism\u00e1la", ""], ["undirb\u00faa v\u00e9l fyrir r\u00e6singu og r\u00e6sa hana", ""], ["\u00fatsk\u00fdra b\u00e6\u00f0i ytri og innri k\u00e6lib\u00fana\u00f0 v\u00e9la", ""]], "_id": "5576d63662933a563f00039c"}, {"exemplary": null, "topics": "fallmyndun, fr\u00edhendisteikning, t\u00f6lvuteikning, \u00fatflatningar", "abbreviation": "GRUN2\u00daF04", "former_schools": null, "subject": "Grunnteikning", "title": "\u00datflatningar og fallmyndun", "version": 4, "status_trans": "Sam\u00feykkt af sk\u00f3la", "embedded_subject": {"abbreviation": "GRUN", "topics": [{"abbreviation": "AU", "topics": ["Almenn undirsta\u00f0a"]}, {"abbreviation": "F\u00da", "topics": ["fallv\u00f6rpun", "\u00fatflatningar"]}, {"abbreviation": "FF", "topics": ["Fallmyndun og fr\u00edhendisteikning"]}, {"abbreviation": "TE", "topics": ["Teikning"]}, {"abbreviation": "GT", "topics": ["Grunnatri\u00f0i \u00ed teiknifr\u00e6\u00f0um"]}, {"abbreviation": "FY", "topics": ["Flatarteikning", "fallmyndun", "yfirbor\u00f0s\u00fatflatning og fr\u00edhendisteikning"]}, {"abbreviation": "SA", "topics": ["Flatarteikning", "fallmyndun og yfirbor\u00f0s\u00fatflatningar og fr\u00edhendisteikning"]}, {"abbreviation": "\u00daF", "topics": ["fallmyndun", "fr\u00edhendisteikning", "t\u00f6lvuteikning", "\u00fatflatningar"]}], "_id": "512b2a1362933a682f0003c7", "subjects": ["Grunnteikning"], "counter": {"1": 6, "3": 0, "2": 3, "4": 0}}, "evaluation": "L\u00f6g\u00f0 er \u00e1hersla \u00e1 fj\u00f6lbreytt n\u00e1msmat me\u00f0 lei\u00f0s\u00f6gn. N\u00e1msmati\u00f0 er \u00ed h\u00f6ndum kennara vi\u00f0komandi \u00e1fanga en \u00fearf a\u00f0 fylgja \u00feeim reglum sem kve\u00f0i\u00f0 er \u00e1 um \u00ed sk\u00f3lan\u00e1mskr\u00e1 VMA. ", "categorization_suggestion": "AV", "embedded_topics": {"abbreviation": "\u00daF", "topics": ["fallmyndun", "fr\u00edhendisteikning", "t\u00f6lvuteikning", "\u00fatflatningar"]}, "status": "approved by school", "description": "\u00cd \u00e1fanganum l\u00e6rir nemandinn um me\u00f0fer\u00f0 teikni\u00e1halda, m\u00e6lit\u00e6kja, m\u00e6likvar\u00f0a og fr\u00e1gang og \u00e1ritun teikninga. R\u00e6tt um teiknireglur og tegundir l\u00edna. Nemandinn vinnur flatarm\u00e1lsteikningar og beitir bogaskur\u00f0i vi\u00f0 ger\u00f0 horna, boga, l\u00edna o.fl. \u00de\u00e1 teiknar hann fallmyndir og r\u00fammyndir og vinnur \u00fatflatningar. Nemandinn \u00e6fir teikningalestur og \u00fej\u00e1lfar r\u00famskynjun me\u00f0 notkun m\u00f3dela. Nemandinn f\u00e6r lei\u00f0s\u00f6gn vi\u00f0 a\u00f0 teikna einfaldar fall- og  \u00fatflatningsmyndir \u00ed t\u00f6lvu og hl\u00fdtur grunn\u00fej\u00e1lfun \u00ed ger\u00f0 fr\u00edhendismynda. ", "knowledge_goals": ["mismunandi teiknia\u00f0fer\u00f0um, s.s. \u00fatflatnings- og fr\u00edhendisteikningu \u00e1samt fallmyndun", "frumformum og snei\u00f0skorningum m.t.t. greiningar og myndunar raunst\u00e6r\u00f0a \u00e1 l\u00ednum og fl\u00f6tum", "gildi frumforma fyrir teikningu og m\u00f3tun vi\u00f0fangsefna", "uppl\u00fdsingami\u00f0lun me\u00f0 t\u00e6knilegum teikningum", "me\u00f0fer\u00f0 og notkun teikni- og m\u00e6li\u00e1halda", "tv\u00edv\u00ed\u00f0um og \u00fer\u00edv\u00ed\u00f0um vinnuteikningum", "lestri fallmynda", "uppsetningu teikninga \u00e1 vinnubla\u00f0, \u00e1ritun og fr\u00e1gangi \u00feeirra"], "skills_goals": ["teikna \u00fatflatninga af einf\u00f6ldum r\u00fammyndum", "lesa \u00fatflatnings- og hornr\u00e9ttar fallmyndir \u00e1samt snei\u00f0myndum af einf\u00f6ldum hlutum", "teikna fr\u00edhendis vinnuteikningar me\u00f0 fallmyndun", "teikna einfaldar tv\u00edv\u00ed\u00f0ar fr\u00edhendisteikningar", "teikna einfaldar \u00fatflatnings- og fallmyndir \u00ed t\u00f6lvu", "teikna flatarfr\u00e6\u00f0ileg form og tv\u00edv\u00ed\u00f0ar vinnufyrirmyndir"], "credits": 4, "last_modified": 1433804002.997461, "schools": ["512b49bc62933a682f00048a"], "coauthors": null, "instructions": "", "continued_education": false, "level": 2, "prerequisites": "GRUN1FF04", "author": "0bc9b589-2a42-4690-ac7e-ec65f804a0e6", "abbreviation_version": null, "competence_goals": [["skipuleggja vinnubla\u00f0, \u00e1rita og ganga fr\u00e1  t\u00e6knilegum teikningum", ""], ["mi\u00f0la uppl\u00fdsingum \u00e1 skilvirkan h\u00e1tt", ""], ["m\u00e1lsetja vinnuteikningar eftir vi\u00f0eigandi reglum, venjum og st\u00f6\u00f0lum \u00ed mismunandi m\u00e6likv\u00f6r\u00f0um", ""], ["efla formskyn sitt", ""], ["vinna myndr\u00e6nt me\u00f0 vi\u00f0fangsefni starfsgreina s.s. h\u00f6nnunar- og i\u00f0ngreinar", ""], ["n\u00fdta s\u00e9r teiknikunn\u00e1ttu \u00ed starfi", ""]], "_id": "55761ce262933a563f000196"}], "title": "Kjarni"}], "description": "Grunnn\u00e1m m\u00e1lm- og v\u00e9lt\u00e6knigreina veitir nemendum undirb\u00faning til \u00e1framhaldandi n\u00e1ms \u00ed m\u00e1lm- og v\u00e9lt\u00e6knigreinum s.s. \u00ed st\u00e1lsm\u00ed\u00f0i, bifv\u00e9lavirkjun og v\u00e9lstj\u00f3rn. Auk kjarnagreina taka nemendur faggreinar s.s. m\u00e1lmsu\u00f0u, m\u00e1lmsm\u00ed\u00f0ar, rafmagnsfr\u00e6\u00f0i og v\u00e9lstj\u00f3rn. ", "tags": null, "rules": "Til a\u00f0 standast n\u00e1msmat \u00ed \u00e1fanga og f\u00e1 heimild til a\u00f0 hefja n\u00e1m \u00ed eftirfarandi \u00e1fanga \u00fearf l\u00e1gmarkseinkunnina 5. Reglur um n\u00e1msframvindu eru birtar \u00ed sk\u00f3lan\u00e1mskr\u00e1.", "onsite_training": "", "programme_type": {"status": "Sam\u00feykkt", "exam": {"_types": ["Exam"], "_id": "4fb2704e874d802e5451c0b9", "description": "Nemandi sem loki\u00f0 hefur n\u00e1mi sem fellur undir \u00f6nnur pr\u00f3f \u00e1 2. h\u00e6fni\u00ferepi getur unni\u00f0 sj\u00e1lfst\u00e6tt  undir stj\u00f3rn yfirmanns. Hann b\u00fdr yfir grundvallar\u00feekkingu, leikni og h\u00e6fni innan starfsvettvangs, listgreinar e\u00f0a s\u00e9r\u00feekkingar, getur skipulagt og forgangsra\u00f0a\u00f0 st\u00f6rfum s\u00ednum, veitt r\u00e1\u00f0gj\u00f6f og lei\u00f0beiningar \u00ed samr\u00e1\u00f0i vi\u00f0 yfirmann. Hann ber vir\u00f0ingu fyrir grundvallarreglum starfsumhverfis, b\u00fdr yfir \u00e1byrg\u00f0 gagnvart starfi og starfsumhverfi og h\u00e6fni til a\u00f0 tj\u00e1 sko\u00f0anir s\u00ednar og sk\u00fdra verklag tengdu starfsumhverfi \u00e1 \u00e1byrgan, sj\u00e1lfst\u00e6\u00f0an og sk\u00fdran h\u00e1tt.", "title": "\u00d6nnur lokapr\u00f3f \u00e1 \u00f6\u00f0ru \u00ferepi", "level": 2, "number": "5", "subject_choice_programme_flag": null, "_cls": "Exam", "maximum_credits": 120.0, "all_onsite": null, "credits_ratio": {"1": {"max": 50.0, "min": 25.0}, "3": {"max": 10.0, "min": 0.0}, "2": {"max": 75.0, "min": 50.0}, "4": {"max": 0.0, "min": 0.0}}, "minimum_credits": 60.0}, "tags": ["verklag", "grundvallar\u00feekking", "\u00e1byrg\u00f0", "daglegt l\u00edf"], "title": "grunnn\u00e1m starfsgreina", "field_id": null, "field": {"field": "Menntun", "subfield": "Uppeldi og menntun", "_id": "4fb272c4874d802e5451c0c1", "description": "Kennara\u00fej\u00e1lfun og menntunarfr\u00e6\u00f0i", "isced": "14"}, "exam_id": null, "_cls": "ProgrammeType", "subject_choice_programme_description": null, "hidden": null, "description": "Nemandi sem loki\u00f0 hefur grunnn\u00e1mi starfsgreina \u00e1 2. h\u00e6fni\u00ferepi getur unni\u00f0 sj\u00e1lfst\u00e6tt undir stj\u00f3rn yfirmanns. Hann b\u00fdr yfir grundvallar\u00feekkingu, leikni og h\u00e6fni innan starfsvettvangs, listgreinar e\u00f0a s\u00e9r\u00feekkingar, getur skipulagt og forgangsra\u00f0a\u00f0 st\u00f6rfum s\u00ednum. Hann ber vir\u00f0ingu fyrir grundvallarreglum starfsumhverfis, b\u00fdr yfir \u00e1byrg\u00f0 gagnvart starfi og starfsumhverfi, getur tj\u00e1\u00f0 sko\u00f0anir s\u00ednar og sk\u00fdrt verklag tengt starfsumhverfi \u00e1 \u00e1byrgan, sj\u00e1lfst\u00e6\u00f0an og sk\u00fdran h\u00e1tt. Hann hefur h\u00e6fni til a\u00f0 takast \u00e1 vi\u00f0 \u00e1framhaldandi n\u00e1m \u00e1 s\u00ednu svi\u00f0i."}, "free_choice_description": null, "credits": 61, "last_modified": 1527854015.790078, "exam_id": "4fb2704e874d802e5451c0b9", "title_of_core": null, "schools": ["512b49bc62933a682f00048a"], "free_choice_flag": false, "continued_education": false, "prerequisites": "Innt\u00f6kuskilyr\u00f0i \u00e1 brautina eru a\u00f0 nemendur hafi loki\u00f0 kjarnagreinum grunnsk\u00f3la me\u00f0 fulln\u00e6gjandi \u00e1rangri. N\u00e1ms\u00e1rangur \u00ed kjarnagreinum mun einnig hafa \u00e1hrif \u00e1 inn \u00e1 hva\u00f0a \u00ferep nemandinn innritast. Ef fleiri s\u00e6kja um n\u00e1m \u00e1 brautinni en sk\u00f3linn getur teki\u00f0 vi\u00f0 getur innt\u00f6kuvi\u00f0mi\u00f0 or\u00f0i\u00f0 h\u00e6rra en l\u00e1gmarki\u00f0.", "target_groups": [], "competence_goals": ["tileinka s\u00e9r heilbrig\u00f0an l\u00edfsst\u00edl", "s\u00fdna \u00f6\u00f0rum vir\u00f0ingu \u00f3h\u00e1\u00f0 kyni, \u00fej\u00f3\u00f0erni, a\u00f0st\u00e6\u00f0um og l\u00edfsgildum", "s\u00fdna \u00e1byrg\u00f0 \u00ed umgengni um umhverfi sitt og n\u00e1tt\u00faru", "g\u00e6ta \u00e1vallt fyllsta \u00f6ryggis vi\u00f0 st\u00f6rf s\u00edn", "me\u00f0h\u00f6ndla efni, \u00e1h\u00f6ld og t\u00e6ki sem notu\u00f0 eru \u00ed m\u00e1lmi\u00f0ngreinum", "takast \u00e1 vi\u00f0 \u00e1framhaldandi n\u00e1m \u00ed m\u00e1lm- og v\u00e9lt\u00e6knigreinum", "meta \u00f6ryggi og a\u00f0b\u00fana\u00f0 \u00e1 vinnusta\u00f0 og beita grunn\u00fe\u00e1ttum skyndihj\u00e1lpar", "vera virkur \u00feegn \u00ed l\u00fd\u00f0r\u00e6\u00f0is\u00fej\u00f3\u00f0f\u00e9lagi og bera vir\u00f0ingu fyrir \u00f3l\u00edkri menningu", "skilja mikilv\u00e6gi \u00feess a\u00f0 bera \u00e1byrg\u00f0 \u00e1 eigin l\u00edkama og heilsu"], "log": [], "organization": "Grunnn\u00e1m m\u00e1lm- og v\u00e9lt\u00e6knigreina er eins \u00e1rs 61 eininga n\u00e1m og skilar nemendum h\u00e6fni \u00e1 2. \u00ferepi. N\u00e1mi\u00f0 er b\u00e6\u00f0i b\u00f3klegt og verklegt. Kennslua\u00f0fer\u00f0ir eru fj\u00f6lbreyttar, byggja m.a. \u00e1 lei\u00f0sagnarmati og mi\u00f0ast vi\u00f0 a\u00f0 allir nemendur eigi kost \u00e1 a\u00f0 n\u00fdta h\u00e6fileika s\u00edna og f\u00e1 endurgj\u00f6f \u00e1 verkefni s\u00edn. L\u00f6g\u00f0 er \u00e1hersla \u00e1 sj\u00e1lfst\u00e6\u00f0 vinnubr\u00f6g\u00f0 og vinnusemi nemenda. N\u00e1mssamf\u00e9lagi\u00f0 gengur \u00fat \u00e1 samvinnu kennara og nemenda sem skapar j\u00e1kv\u00e6tt og uppbyggilegt umhverfi til n\u00e1ms og starfa.", "_id": "6762fde9-d856-4317-9191-2df1d446c450", "programme_type_id": "543ebaf0414e522b86455194"}