{"course_choice": [{"total_credits": 15, "courses": [{"exemplary": null, "topics": "\u00der\u00edv\u00ed\u00f0 myndbygging", "abbreviation": "MYNL3\u00deM05(FB)", "former_schools": null, "subject": "myndlist", "title": " Sk\u00falpt\u00far og \u00fer\u00edv\u00ed\u00f0 formfr\u00e6\u00f0i/r\u00fdmish\u00f6nnun", "version": 15, "status_trans": "Sam\u00feykkt af sk\u00f3la", "embedded_subject": {"abbreviation": "MYNL", "topics": [{"abbreviation": "LO", "topics": ["lokaverkefni"]}, {"abbreviation": "GM", "topics": ["grunn\u00fe\u00e6ttir m\u00e1lunar"]}, {"abbreviation": "PM", "topics": ["portrett m\u00e1lun"]}, {"abbreviation": "\u00daL", "topics": ["\u00fargangslist"]}, {"abbreviation": "GT", "topics": ["form- og litafr\u00e6\u00f0i", "grunn\u00e1fangi \u00ed myndlist", "teikning"]}, {"abbreviation": "ET", "topics": ["efnis- og myndbygging", "tv\u00edv\u00ed\u00f0 og \u00fer\u00edv\u00ed\u00f0form; form-"]}, {"abbreviation": "ML", "topics": ["litabl\u00f6ndun og teikning mannsl\u00edkamans", "myndbygging"]}, {"abbreviation": "TG", "topics": ["grunn\u00e1fangi \u00ed myndlist", "teikning"]}, {"abbreviation": "FM", "topics": ["frj\u00e1ls m\u00e1lun"]}, {"abbreviation": "TE", "topics": ["teikning"]}, {"abbreviation": "LB", "topics": ["litafr\u00e6\u00f0i", "skissub\u00f3k"]}, {"abbreviation": "GB", "topics": ["graf\u00edk", "vinnub\u00f3k"]}, {"abbreviation": "VB", "topics": ["vatnslitir", "vinnub\u00f3k"]}, {"abbreviation": "MB", "topics": ["m\u00e1lun", "vinnub\u00f3k"]}, {"abbreviation": "FO", "topics": ["myndbygging", "m\u00e1lun", "tv\u00edv\u00ed\u00f0 formfr\u00e6\u00f0i"]}, {"abbreviation": "\u00deR", "topics": ["sk\u00falpt\u00far", "\u00fer\u00edv\u00ed\u00f0 h\u00f6nnun"]}, {"abbreviation": "T\u00de", "topics": ["ANAT\u00d3M\u00cdA", "LEIKMYNDASENUR", "M\u00d3DELTEIKNING", "SKISSUR", "STORYBOARD", "TEIKNIMYNDAS\u00d6GUR", "TEIKNI\u00deJ\u00c1LFUN"]}, {"abbreviation": "LI", "topics": ["litur", "n\u00e1tt\u00fara", "n\u00fdsk\u00f6pun"]}, {"abbreviation": "TT", "topics": ["Teikning", "n\u00fdsk\u00f6pun", "t\u00f6lvur"]}, {"abbreviation": "MT", "topics": ["M\u00f3del teikning"]}, {"abbreviation": "LF", "topics": ["Listgildi og fagurfr\u00e6\u00f0i"]}, {"abbreviation": "\u00daS", "topics": ["starfsbraut", "\u00farganslist"]}, {"abbreviation": "HM", "topics": ["Hreyfimyndir og myndl\u00edfgun"]}, {"abbreviation": "MF", "topics": ["Myndbygging og fjarv\u00eddd"]}, {"abbreviation": "ST", "topics": ["sk\u00f6pun og t\u00falkun", "\u00c1r\u00e6\u00f0ni"]}, {"abbreviation": "TM", "topics": ["Teikning", "m\u00f3del"]}, {"abbreviation": "AT", "topics": ["Teikning", "grunnur."]}, {"abbreviation": "BV", "topics": ["Vatnslitur og vinnub\u00f3k."]}, {"abbreviation": "MA", "topics": ["l\u00edkamsbygging", "m\u00f3delteikning", "sj\u00f3nskynjun"]}, {"abbreviation": "SL", "topics": ["Sj\u00f3nlist", "myndlist", "m\u00e1lun", "teikning"]}, {"abbreviation": "HN", "topics": ["h\u00f6nnun", "lausnarleit", "n\u00fdsk\u00f6pun", "\u00fearfagreining"]}, {"abbreviation": "VT", "topics": ["Valteikning"]}, {"abbreviation": "HU", "topics": ["hugmyndavinna", "skapandi hugsun", "sk\u00f6punarferli", "\u00fer\u00f3un hugmynda"]}, {"abbreviation": "MS", "topics": ["fagurfr\u00e6\u00f0i", "m\u00f3delteikning", "sj\u00f3nskynjun"]}, {"abbreviation": "SK", "topics": ["l\u00e1gmyndir og r\u00fdmi", "sk\u00falpt\u00far", "\u00fer\u00edv\u00ed\u00f0 myndverk"]}, {"abbreviation": "LJ", "topics": ["filmur", "hugmyndavinna", "lj\u00f3smyndat\u00e6kni", "myrkrakompa"]}, {"abbreviation": "FF", "topics": ["fjarv\u00eddd", "formfr\u00e6\u00f0i", "h\u00f6nnun", "myndbygging"]}, {"abbreviation": "TS", "topics": ["myndsk\u00f6pun", "skissuger\u00f0", "teikning"]}, {"abbreviation": "M\u00c1", "topics": ["myndbygging", "m\u00e1lverk", "sk\u00f6punarferli"]}, {"abbreviation": "GR", "topics": ["dj\u00fap\u00ferykk", "ein\u00ferykk", "graf\u00edk", "h\u00e6\u00f0ar\u00ferykk"]}, {"abbreviation": "LV", "topics": ["lokaverkefni myndlistarkj\u00f6rsvi\u00f0s", "sk\u00f6punarferli", "s\u00fdning"]}, {"abbreviation": "MY", "topics": ["Myndbygging", "formfr\u00e6\u00f0i", "litur", "r\u00fdmi"]}, {"abbreviation": "MH", "topics": ["Myndbygging", "formfr\u00e6\u00f0i", "h\u00f6nnun", "litur"]}, {"abbreviation": "TA", "topics": ["Teikni\u00fej\u00e1lfun", "anat\u00f3m\u00eda", "m\u00f3del", "skissur"]}, {"abbreviation": "\u00deL", "topics": ["leikmynd", "l\u00edk\u00f6n", "\u00der\u00edvi\u00f0 formfr\u00e6\u00f0i"]}, {"abbreviation": "\u00deF", "topics": ["leikmynd og l\u00edk\u00f6n", "\u00der\u00edvi\u00f0 formfr\u00e6\u00f0i"]}, {"abbreviation": "\u00deV", "topics": ["\u00der\u00edv\u00ed\u00f0 formfr\u00e6\u00f0i"]}, {"abbreviation": "MG", "topics": ["Teikning", "m\u00e1lun", "skapandi ferli"]}, {"abbreviation": "LS", "topics": ["Lokaverkefni", "sk\u00f6punarferli", "s\u00fdning"]}, {"abbreviation": "BG", "topics": ["Graf\u00edk", "\u00ferykk og vinnub\u00f3k."]}, {"abbreviation": "T\u00cd", "topics": ["T\u00edmi \u00ed myndlist"]}, {"abbreviation": "\u00deM", "topics": ["\u00der\u00edv\u00ed\u00f0 myndbygging"]}, {"abbreviation": "SR", "topics": ["Sk\u00falpt\u00far/r\u00fdmi/h\u00f6nnun"]}, {"abbreviation": "SH", "topics": ["Sk\u00falpt\u00far", "h\u00f6nnun", "r\u00fdmi"]}, {"abbreviation": "GH", "topics": ["Graf\u00edsk h\u00f6nnun"]}, {"abbreviation": "TB", "topics": ["Teikning", "myndbygging", "myndgreining"]}, {"abbreviation": "LM", "topics": ["Litafr\u00e6\u00f0i"]}, {"abbreviation": "MN", "topics": ["M\u00e1lun"]}, {"abbreviation": "H\u00d6", "topics": ["H\u00f6nnun: Samspil lj\u00f3ss og lita \u00e1 r\u00fdmismyndun"]}, {"abbreviation": "H\u00de", "topics": ["H\u00f6nnun: \u00fer\u00edv\u00ed\u00f0 myndhugsun", "h\u00f6nnun"]}, {"abbreviation": "R\u00de", "topics": ["R\u00fdmisverk", "\u00fer\u00f3un hugmynda"]}, {"abbreviation": "LR", "topics": ["Lokaverkefni \u00ed r\u00fdmish\u00f6nnun"]}, {"abbreviation": "PO", "topics": ["Gagnamappa/portf\u00f3l\u00ed\u00f3"]}, {"abbreviation": "BM", "topics": ["Beina- og v\u00f6\u00f0vabygging mannsl\u00edkamans"]}], "_id": "50c0a02dd8e40575f7f6f4b3", "subjects": ["myndlist"], "counter": {"1": 5, "3": 11, "2": 16, "4": 1}}, "evaluation": "N\u00e1msmat fer fram me\u00f0 lei\u00f0sagnarmati. Heildareinkunn verkefna gildir til lokaeinkunnar. Verkefni eru metin jafnt og \u00fe\u00e9tt yfir \u00f6nnina. \u00c1hersla er l\u00f6g\u00f0 \u00e1 uppbyggilegar umsagnir verkefna sem gagnast nemendum til \u00e1framhaldandi \u00fer\u00f3unar \u00e1 verkum s\u00ednum. Vi\u00f0 einkunnagj\u00f6f er unni\u00f0 \u00fat fr\u00e1 eftirfarandi \u00fe\u00e1ttum:\n\n\u2022         \u00deekking er metin \u00fat fr\u00e1 umr\u00e6\u00f0u og kynningu \u00e1 verkefnum nemenda, jafnt skriflegum sem verklegum.\n\u2022         Leikni, svo sem t\u00e6kni, verklag, hugmyndaferli, skapandi n\u00e1lgun og a\u00f0 tj\u00e1 sig um s\u00edn eigin verk, er metin vi\u00f0 m\u00f3tun og \u00farvinnslu verkefna sem og vi\u00f0 verkefnaskil.\n\u2022         H\u00e6fnin er metin \u00fat fr\u00e1 verkefnavinnu nemenda. Hvernig nemandi n\u00e6r a\u00f0 \u00fer\u00f3a og forma hugmynda- og vinnuferli og fylgja hugmynd sinni eftir, beita vi\u00f0eigandi a\u00f0fer\u00f0um e\u00f0a t\u00e6kni og velja efnivi\u00f0 sem vi\u00f0 \u00e1. \u00dear er l\u00f6g\u00f0 \u00e1hersla \u00e1 skapandi vinnubr\u00f6g\u00f0 og gagnr\u00fdna hugsun. Einnig er l\u00f6g\u00f0 \u00e1hersla \u00e1 h\u00e6fni nemandans til samr\u00e6\u00f0u um s\u00edn verk og annarra.", "categorization_suggestion": "FB", "embedded_topics": {"abbreviation": "\u00deM", "topics": ["\u00der\u00edv\u00ed\u00f0 myndbygging"]}, "status": "approved by school", "description": "\u00cd \u00e1fanganum er unni\u00f0 a\u00f0 \u00fev\u00ed a\u00f0 d\u00fdpka skynjun og skilning \u00e1 \u00fer\u00edv\u00ed\u00f0ri formfr\u00e6\u00f0i. Nemendur l\u00e6ra a\u00f0 leita forma \u00ed umhverfi s\u00ednu og lj\u00e1 \u00feeim n\u00fdtt samhengi. L\u00f6g\u00f0 er \u00e1hersla \u00e1 skapandi vinnubr\u00f6g\u00f0, hugmyndaau\u00f0gi og listr\u00e6nan metna\u00f0 sem undirbyggir lokani\u00f0urst\u00f6\u00f0ur \u00ed hverjum verk\u00fe\u00e6tti. \u00c1fanginn er bygg\u00f0ur upp \u00e1 fj\u00f6lbreyttum verkefnum sem endurspegla margbreytileika \u00fer\u00edv\u00ed\u00f0rar formfr\u00e6\u00f0i. \nVerkefnin innihalda verk\u00fe\u00e6tti, svo sem skr\u00e1ningu hugmynda \u00ed skissub\u00f3k fr\u00e1 hugmynd a\u00f0 \u00fatf\u00e6rslu, \u00fdmsar tilraunir ger\u00f0ar me\u00f0 eiginleika efna, m\u00f3tun og m\u00f3tager\u00f0, l\u00edkanager\u00f0 og \u00e1hrif lj\u00f3ss/hlj\u00f3\u00f0s \u00ed r\u00fdmi.\nNemendur tileinki s\u00e9r hugt\u00f6k og or\u00f0r\u00e6\u00f0u sem tengjast myndlist og h\u00f6nnun, svo sem ferli og st\u00f6\u00f0nun, innra og ytra r\u00fdmi, jafnv\u00e6gi og \u00f3jafnv\u00e6gi, \u00f3rei\u00f0a og kyrr\u00f0.\n\nVerk eru unnin \u00fati \u00ed n\u00e1tt\u00farunni (landart), einnig unni\u00f0 me\u00f0 innsetningu, h\u00f6nnun og r\u00fdmi. Sk\u00falpt\u00far og lokaverkefni er s\u00fdnt \u00ed opinberu galler\u00edi. Nemendum ber a\u00f0 taka myndir af verkum s\u00ednum og \u00fatb\u00faa stafr\u00e6na ferilm\u00f6ppu.\nKynntar er hinar \u00fdmsu hli\u00f0ar \u00e1 \u00fer\u00edv\u00ed\u00f0um verkum allt fr\u00e1 klass\u00edskum sk\u00falpt\u00farum til byggingar-og n\u00fat\u00edmalistar. A\u00f0 s\u00e6kja listas\u00fdningar er mikilv\u00e6gur hluti af n\u00e1minu.", "knowledge_goals": ["fj\u00f6lbreyttum or\u00f0afor\u00f0a til a\u00f0 geta teki\u00f0 \u00fe\u00e1tt \u00ed samr\u00e6\u00f0u um verkefni s\u00edn og samnemenda", "faglegri kunn\u00e1ttu og geti mi\u00f0la\u00f0 \u00feekkingu sinni \u00e1 fj\u00f6lbreytilegan h\u00e1tt, munnlega, skriflega, verklega og/e\u00f0a me\u00f0 n\u00fdmi\u00f0lum", "sk\u00falpt\u00farum og r\u00fdmisverkum \u00far listas\u00f6gunni", "samf\u00e9lagslegu menningargildi myndlistar", "\u00e1h\u00f6ldum s\u00edns fags og me\u00f0fer\u00f0 \u00feeirra"], "skills_goals": ["skipuleggja verkferli\u00f0 me\u00f0 sj\u00e1lfst\u00e6\u00f0um h\u00e6tti \u00ed skissub\u00f3k", "skilja og \u00feekkja e\u00f0li algengra efna", "s\u00fdna frumkv\u00e6\u00f0i og skapandi n\u00e1lgun \u00ed vinnuferli", "velja a\u00f0fer\u00f0ir til a\u00f0 \u00fatf\u00e6ra hugmyndir s\u00ednar hva\u00f0 var\u00f0ar t\u00e6kni og verklag og \u00fe\u00e6r skapandi a\u00f0fer\u00f0ir sem endurspegla hugmyndavinnu  og inntak verka \u00feeirra", "tj\u00e1 sig \u00e1 sk\u00fdran, \u00e1byrgan, gagnr\u00fdninn og skapandi h\u00e1tt um eigin verkferli og listr\u00e6nar ni\u00f0urst\u00f6\u00f0ur", "taka \u00fe\u00e1tt \u00ed samvinnu me\u00f0 sameiginlegt markmi\u00f0 h\u00f3psins a\u00f0 lei\u00f0arlj\u00f3si"], "credits": 5, "last_modified": 1431699216.394835, "schools": ["51234a818caa45ed97015b35"], "coauthors": null, "instructions": "", "continued_education": false, "level": 3, "prerequisites": "Undanfari: SJ\u00d3N1EU05, SJ\u00d3N1LS05, MYNL1HU05, MYNL2MT05, LJ\u00d3S1SL05, MYNL2\u00deV05, MYNL2FF03, LJ\u00d3S2FI05, MYNL3BM05", "author": "f8d44553-42df-4c20-a712-9f65b3261ea9", "abbreviation_version": null, "competence_goals": [["geta hagn\u00fdtt \u00fe\u00e1 s\u00e9rh\u00e6f\u00f0u \u00feekkingu og verkkunn\u00e1ttu sem hann hefur tileinka\u00f0 s\u00e9r \u00ed \u00e1fanganum", ""], ["hafa \u00f6\u00f0last sj\u00e1lfstraust og sj\u00e1lfst\u00e6\u00f0i \u00ed \u00fer\u00f3un hugmynda og s\u00fdni \u00e1r\u00e6\u00f0ni vi\u00f0 \u00fatf\u00e6rslu \u00feeirra og t\u00falkun", ""], ["geta unni\u00f0 verk af inns\u00e6i,tilfinningu og me\u00f0 greinandi vinnuferli", ""], ["gera s\u00e9r grein fyrir fagurfr\u00e6\u00f0ilegu, si\u00f0fer\u00f0ilegu og samf\u00e9lagslegu hlutverki listamanna og h\u00f6nnu\u00f0a", ""], ["vera f\u00e6r um a\u00f0 greina og meta eigin verk og annarra af \u00feekkingu og v\u00ed\u00f0s\u00fdni", ""], ["fjalla um h\u00f6nnun og sk\u00f6pun/t\u00falkun \u00fat fr\u00e1 menningarlegu og listas\u00f6gulegu samhengi", ""]], "_id": "5555ff1062933a0313000286"}, {"exemplary": null, "topics": "Graf\u00edsk h\u00f6nnun", "abbreviation": "MYNL3GH05(FB)", "former_schools": null, "subject": "myndlist", "title": "Graf\u00edsk h\u00f6nnun", "version": 21, "status_trans": "Sam\u00feykkt af sk\u00f3la", "embedded_subject": {"abbreviation": "MYNL", "topics": [{"abbreviation": "LO", "topics": ["lokaverkefni"]}, {"abbreviation": "GM", "topics": ["grunn\u00fe\u00e6ttir m\u00e1lunar"]}, {"abbreviation": "PM", "topics": ["portrett m\u00e1lun"]}, {"abbreviation": "\u00daL", "topics": ["\u00fargangslist"]}, {"abbreviation": "GT", "topics": ["form- og litafr\u00e6\u00f0i", "grunn\u00e1fangi \u00ed myndlist", "teikning"]}, {"abbreviation": "ET", "topics": ["efnis- og myndbygging", "tv\u00edv\u00ed\u00f0 og \u00fer\u00edv\u00ed\u00f0form; form-"]}, {"abbreviation": "ML", "topics": ["litabl\u00f6ndun og teikning mannsl\u00edkamans", "myndbygging"]}, {"abbreviation": "TG", "topics": ["grunn\u00e1fangi \u00ed myndlist", "teikning"]}, {"abbreviation": "FM", "topics": ["frj\u00e1ls m\u00e1lun"]}, {"abbreviation": "TE", "topics": ["teikning"]}, {"abbreviation": "LB", "topics": ["litafr\u00e6\u00f0i", "skissub\u00f3k"]}, {"abbreviation": "GB", "topics": ["graf\u00edk", "vinnub\u00f3k"]}, {"abbreviation": "VB", "topics": ["vatnslitir", "vinnub\u00f3k"]}, {"abbreviation": "MB", "topics": ["m\u00e1lun", "vinnub\u00f3k"]}, {"abbreviation": "FO", "topics": ["myndbygging", "m\u00e1lun", "tv\u00edv\u00ed\u00f0 formfr\u00e6\u00f0i"]}, {"abbreviation": "\u00deR", "topics": ["sk\u00falpt\u00far", "\u00fer\u00edv\u00ed\u00f0 h\u00f6nnun"]}, {"abbreviation": "T\u00de", "topics": ["ANAT\u00d3M\u00cdA", "LEIKMYNDASENUR", "M\u00d3DELTEIKNING", "SKISSUR", "STORYBOARD", "TEIKNIMYNDAS\u00d6GUR", "TEIKNI\u00deJ\u00c1LFUN"]}, {"abbreviation": "LI", "topics": ["litur", "n\u00e1tt\u00fara", "n\u00fdsk\u00f6pun"]}, {"abbreviation": "TT", "topics": ["Teikning", "n\u00fdsk\u00f6pun", "t\u00f6lvur"]}, {"abbreviation": "MT", "topics": ["M\u00f3del teikning"]}, {"abbreviation": "LF", "topics": ["Listgildi og fagurfr\u00e6\u00f0i"]}, {"abbreviation": "\u00daS", "topics": ["starfsbraut", "\u00farganslist"]}, {"abbreviation": "HM", "topics": ["Hreyfimyndir og myndl\u00edfgun"]}, {"abbreviation": "MF", "topics": ["Myndbygging og fjarv\u00eddd"]}, {"abbreviation": "ST", "topics": ["sk\u00f6pun og t\u00falkun", "\u00c1r\u00e6\u00f0ni"]}, {"abbreviation": "TM", "topics": ["Teikning", "m\u00f3del"]}, {"abbreviation": "AT", "topics": ["Teikning", "grunnur."]}, {"abbreviation": "BV", "topics": ["Vatnslitur og vinnub\u00f3k."]}, {"abbreviation": "MA", "topics": ["l\u00edkamsbygging", "m\u00f3delteikning", "sj\u00f3nskynjun"]}, {"abbreviation": "SL", "topics": ["Sj\u00f3nlist", "myndlist", "m\u00e1lun", "teikning"]}, {"abbreviation": "HN", "topics": ["h\u00f6nnun", "lausnarleit", "n\u00fdsk\u00f6pun", "\u00fearfagreining"]}, {"abbreviation": "VT", "topics": ["Valteikning"]}, {"abbreviation": "HU", "topics": ["hugmyndavinna", "skapandi hugsun", "sk\u00f6punarferli", "\u00fer\u00f3un hugmynda"]}, {"abbreviation": "MS", "topics": ["fagurfr\u00e6\u00f0i", "m\u00f3delteikning", "sj\u00f3nskynjun"]}, {"abbreviation": "SK", "topics": ["l\u00e1gmyndir og r\u00fdmi", "sk\u00falpt\u00far", "\u00fer\u00edv\u00ed\u00f0 myndverk"]}, {"abbreviation": "LJ", "topics": ["filmur", "hugmyndavinna", "lj\u00f3smyndat\u00e6kni", "myrkrakompa"]}, {"abbreviation": "FF", "topics": ["fjarv\u00eddd", "formfr\u00e6\u00f0i", "h\u00f6nnun", "myndbygging"]}, {"abbreviation": "TS", "topics": ["myndsk\u00f6pun", "skissuger\u00f0", "teikning"]}, {"abbreviation": "M\u00c1", "topics": ["myndbygging", "m\u00e1lverk", "sk\u00f6punarferli"]}, {"abbreviation": "GR", "topics": ["dj\u00fap\u00ferykk", "ein\u00ferykk", "graf\u00edk", "h\u00e6\u00f0ar\u00ferykk"]}, {"abbreviation": "LV", "topics": ["lokaverkefni myndlistarkj\u00f6rsvi\u00f0s", "sk\u00f6punarferli", "s\u00fdning"]}, {"abbreviation": "MY", "topics": ["Myndbygging", "formfr\u00e6\u00f0i", "litur", "r\u00fdmi"]}, {"abbreviation": "MH", "topics": ["Myndbygging", "formfr\u00e6\u00f0i", "h\u00f6nnun", "litur"]}, {"abbreviation": "TA", "topics": ["Teikni\u00fej\u00e1lfun", "anat\u00f3m\u00eda", "m\u00f3del", "skissur"]}, {"abbreviation": "\u00deL", "topics": ["leikmynd", "l\u00edk\u00f6n", "\u00der\u00edvi\u00f0 formfr\u00e6\u00f0i"]}, {"abbreviation": "\u00deF", "topics": ["leikmynd og l\u00edk\u00f6n", "\u00der\u00edvi\u00f0 formfr\u00e6\u00f0i"]}, {"abbreviation": "\u00deV", "topics": ["\u00der\u00edv\u00ed\u00f0 formfr\u00e6\u00f0i"]}, {"abbreviation": "MG", "topics": ["Teikning", "m\u00e1lun", "skapandi ferli"]}, {"abbreviation": "LS", "topics": ["Lokaverkefni", "sk\u00f6punarferli", "s\u00fdning"]}, {"abbreviation": "BG", "topics": ["Graf\u00edk", "\u00ferykk og vinnub\u00f3k."]}, {"abbreviation": "T\u00cd", "topics": ["T\u00edmi \u00ed myndlist"]}, {"abbreviation": "\u00deM", "topics": ["\u00der\u00edv\u00ed\u00f0 myndbygging"]}, {"abbreviation": "SR", "topics": ["Sk\u00falpt\u00far/r\u00fdmi/h\u00f6nnun"]}, {"abbreviation": "SH", "topics": ["Sk\u00falpt\u00far", "h\u00f6nnun", "r\u00fdmi"]}, {"abbreviation": "GH", "topics": ["Graf\u00edsk h\u00f6nnun"]}, {"abbreviation": "TB", "topics": ["Teikning", "myndbygging", "myndgreining"]}, {"abbreviation": "LM", "topics": ["Litafr\u00e6\u00f0i"]}, {"abbreviation": "MN", "topics": ["M\u00e1lun"]}, {"abbreviation": "H\u00d6", "topics": ["H\u00f6nnun: Samspil lj\u00f3ss og lita \u00e1 r\u00fdmismyndun"]}, {"abbreviation": "H\u00de", "topics": ["H\u00f6nnun: \u00fer\u00edv\u00ed\u00f0 myndhugsun", "h\u00f6nnun"]}, {"abbreviation": "R\u00de", "topics": ["R\u00fdmisverk", "\u00fer\u00f3un hugmynda"]}, {"abbreviation": "LR", "topics": ["Lokaverkefni \u00ed r\u00fdmish\u00f6nnun"]}, {"abbreviation": "PO", "topics": ["Gagnamappa/portf\u00f3l\u00ed\u00f3"]}, {"abbreviation": "BM", "topics": ["Beina- og v\u00f6\u00f0vabygging mannsl\u00edkamans"]}], "_id": "50c0a02dd8e40575f7f6f4b3", "subjects": ["myndlist"], "counter": {"1": 5, "3": 11, "2": 16, "4": 1}}, "evaluation": "\u00c1fanginn er pr\u00f3flaus. Einkunn ver\u00f0ur gefin fyrir skissur, hugmyndavinnu, \u00farvinnslu hugmynda, uppsetningu og fr\u00e1gang. Kennari leggur mat \u00e1 sj\u00e1lfst\u00e6\u00f0i \u00ed vinnubr\u00f6g\u00f0um, vinnusemi og heimavinnu. Einnig er teki\u00f0 tillit til umr\u00e6\u00f0u um eigin verk og annarra og m\u00e6tingar.", "categorization_suggestion": "FB", "embedded_topics": {"abbreviation": "GH", "topics": ["Graf\u00edsk h\u00f6nnun"]}, "status": "approved by school", "description": "\u00d6gu\u00f0 og sj\u00e1lfst\u00e6\u00f0 vinnubr\u00f6g\u00f0  \u00ed hugmyndavinnu, s.s. h\u00f6nnun \u00e1 augl\u00fdsingum, pl\u00f6tuhulstrum, bo\u00f0smi\u00f0um, merkjum, veggspj\u00f6ldum, b\u00e6klingum og b\u00f3kaumbroti. \u00c1hersla er l\u00f6g\u00f0 \u00e1 skissuvinnu \u00ed hugmyndavinnu og a\u00f0 hugmyndum s\u00e9 fylgt eftir og \u00fe\u00e6r \u00fer\u00f3a\u00f0ar. Fari\u00f0 er \u00ed val \u00e1 letri \u00fat fr\u00e1 innihaldi og uppbyggingu. A\u00f0fer\u00f0ir til a\u00f0 greina \u00fearfir vi\u00f0skiptavinarins eru kynntar.  Umr\u00e6\u00f0a innan h\u00f3psins er mikilv\u00e6gur \u00fe\u00e1ttur \u00ed n\u00e1minu innan \u00e1fangans sem a\u00f0 \u00f6\u00f0ru leyti byggist a\u00f0 mestu \u00e1 verkefnavinnu. Grunn\u00feekking \u00e1 lj\u00f3smyndaforriti (Adobe Photoshop),  teikniforriti (Adobe Illustrator) og uppsetningarforriti (InDesign) \u00fearf a\u00f0 vera til sta\u00f0ar. \u00dej\u00e1lfu\u00f0 er f\u00e6rni \u00ed a\u00f0 nota forritin til a\u00f0 efla me\u00f0 s\u00e9r skilning og \u00feekkingu \u00e1 framsetningara\u00f0fer\u00f0um \u00ed t\u00f6lvu. Einnig er fari\u00f0 \u00ed \u00fea\u00f0 hvernig ganga \u00e1 fr\u00e1 verkefnum \u00ed Acrobat Distiller (PDF) og \u00ed Adobe Creative Suite.  \nFjalla\u00f0 er um s\u00f6gu h\u00f6nnunar fr\u00e1 19. \u00f6ld og til dagsins \u00ed dag og h\u00fan sko\u00f0u\u00f0 \u00ed lj\u00f3si t\u00ed\u00f0aranda og hugmyndas\u00f6gu. \nKennslan byggist \u00e1 verkefnavinnu \u00ed kj\u00f6lfar innleggs kennara \u00fear sem megin\u00e1herslur eru settar fram.", "knowledge_goals": ["a\u00f0 ver\u00f0a h\u00e6fari \u00ed vinnu me\u00f0 eigin hugmyndir", "a\u00f0 ver\u00f0a h\u00e6fari \u00ed a\u00f0 skissa hugmynd", "a\u00f0 ver\u00f0a h\u00e6fari \u00ed a\u00f0 fylgja hugmynd eftir til verks", "a\u00f0 stunda sj\u00e1lfst\u00e6\u00f0 vinnubr\u00f6g\u00f0", "a\u00f0 ver\u00f0a h\u00e6fari \u00ed a\u00f0 tj\u00e1 sig um eigin verk og annarra", "a\u00f0 ver\u00f0a h\u00e6fari \u00ed notkun forrita sem tengjast graf\u00edskri h\u00f6nnun", "a\u00f0 n\u00fdta s\u00e9r og skilja grunnreglur graf\u00edskrar h\u00f6nnunar"], "skills_goals": ["skissa hugmyndir s\u00ednar", "koma hugmyndum s\u00ednum \u00e1 framf\u00e6ri \u00e1 pers\u00f3nulegan h\u00e1tt", "n\u00fdta s\u00e9r \u00feekkingu s\u00edna \u00e1 helstu framsetningart\u00f6lvuforritum", "tj\u00e1 sig munnlega um eigin verk og samnemenda og um samt\u00edmah\u00f6nnun", "n\u00fdta s\u00e9r og skilja grunnreglur graf\u00edskrar h\u00f6nnunar", "s\u00fdna \u00fer\u00f3un \u00ed verkum s\u00ednum fr\u00e1 skissu til lokaverka", "s\u00fdna fram \u00e1 skapandi vinnuferli"], "credits": 5, "last_modified": 1431702915.5706, "schools": ["51234a818caa45ed97015b35"], "coauthors": null, "instructions": "", "continued_education": false, "level": 3, "prerequisites": "Undanfari: SJ\u00d3N1EU05, SJ\u00d3N1LS05, MYNL1HU05, MYNL2MT05, LJ\u00d3S1SL05, MYNL2\u00deV05, MYNL2FF03, LJ\u00d3S2FI05, MYNL3BM05", "author": "f8d44553-42df-4c20-a712-9f65b3261ea9", "abbreviation_version": null, "competence_goals": [["n\u00fdta s\u00e9r \u00feau fr\u00e6\u00f0ilegu hugt\u00f6k sem hann hefur l\u00e6rt til a\u00f0 fjalla um  h\u00f6nnun", ""], ["nota vinnubr\u00f6g\u00f0 \u00ed graf\u00edskri h\u00f6nnun sem byggja \u00e1 ranns\u00f3kn, vinnuferli og r\u00f6kr\u00e9ttri ni\u00f0urst\u00f6\u00f0u", ""], ["s\u00fdna verk s\u00edn og vinnuferli \u00e1 skipulegan og r\u00f6kr\u00e9ttan h\u00e1tt", ""], ["hafa \u00feekkingu og skilning \u00e1 a\u00f0fer\u00f0um sem helstu framsetningart\u00f6lvuforrit bj\u00f3\u00f0a", ""], ["tileinka s\u00e9r \u00feekkingu \u00e1 sambandi h\u00f6nnunar og framsetningarforrita", ""], ["leggja sj\u00e1lfst\u00e6tt mat \u00e1 framsetningara\u00f0fer\u00f0ir og geta mi\u00f0la\u00f0 hugmyndum s\u00ednum og kunn\u00e1ttu vi\u00f0 hugmyndah\u00f6nnun me\u00f0 framsetningarforriti", ""], ["\u00fer\u00f3a me\u00f0 s\u00e9r sj\u00e1lfst\u00e6tt verklag me\u00f0 framsetningarforrit sem verkf\u00e6ri", ""], ["hafa v\u00ed\u00f0s\u00fdni og frumleika a\u00f0 lei\u00f0arlj\u00f3si", ""]], "_id": "55560d8362933a03130002b8"}, {"exemplary": null, "topics": "Teikning, myndbygging, myndgreining", "abbreviation": "MYNL3TB05(FB)", "former_schools": null, "subject": "myndlist", "title": "Teikning, myndgreining og myndbygging", "version": 13, "status_trans": "Sam\u00feykkt af sk\u00f3la", "embedded_subject": {"abbreviation": "MYNL", "topics": [{"abbreviation": "LO", "topics": ["lokaverkefni"]}, {"abbreviation": "GM", "topics": ["grunn\u00fe\u00e6ttir m\u00e1lunar"]}, {"abbreviation": "PM", "topics": ["portrett m\u00e1lun"]}, {"abbreviation": "\u00daL", "topics": ["\u00fargangslist"]}, {"abbreviation": "GT", "topics": ["form- og litafr\u00e6\u00f0i", "grunn\u00e1fangi \u00ed myndlist", "teikning"]}, {"abbreviation": "ET", "topics": ["efnis- og myndbygging", "tv\u00edv\u00ed\u00f0 og \u00fer\u00edv\u00ed\u00f0form; form-"]}, {"abbreviation": "ML", "topics": ["litabl\u00f6ndun og teikning mannsl\u00edkamans", "myndbygging"]}, {"abbreviation": "TG", "topics": ["grunn\u00e1fangi \u00ed myndlist", "teikning"]}, {"abbreviation": "FM", "topics": ["frj\u00e1ls m\u00e1lun"]}, {"abbreviation": "TE", "topics": ["teikning"]}, {"abbreviation": "LB", "topics": ["litafr\u00e6\u00f0i", "skissub\u00f3k"]}, {"abbreviation": "GB", "topics": ["graf\u00edk", "vinnub\u00f3k"]}, {"abbreviation": "VB", "topics": ["vatnslitir", "vinnub\u00f3k"]}, {"abbreviation": "MB", "topics": ["m\u00e1lun", "vinnub\u00f3k"]}, {"abbreviation": "FO", "topics": ["myndbygging", "m\u00e1lun", "tv\u00edv\u00ed\u00f0 formfr\u00e6\u00f0i"]}, {"abbreviation": "\u00deR", "topics": ["sk\u00falpt\u00far", "\u00fer\u00edv\u00ed\u00f0 h\u00f6nnun"]}, {"abbreviation": "T\u00de", "topics": ["ANAT\u00d3M\u00cdA", "LEIKMYNDASENUR", "M\u00d3DELTEIKNING", "SKISSUR", "STORYBOARD", "TEIKNIMYNDAS\u00d6GUR", "TEIKNI\u00deJ\u00c1LFUN"]}, {"abbreviation": "LI", "topics": ["litur", "n\u00e1tt\u00fara", "n\u00fdsk\u00f6pun"]}, {"abbreviation": "TT", "topics": ["Teikning", "n\u00fdsk\u00f6pun", "t\u00f6lvur"]}, {"abbreviation": "MT", "topics": ["M\u00f3del teikning"]}, {"abbreviation": "LF", "topics": ["Listgildi og fagurfr\u00e6\u00f0i"]}, {"abbreviation": "\u00daS", "topics": ["starfsbraut", "\u00farganslist"]}, {"abbreviation": "HM", "topics": ["Hreyfimyndir og myndl\u00edfgun"]}, {"abbreviation": "MF", "topics": ["Myndbygging og fjarv\u00eddd"]}, {"abbreviation": "ST", "topics": ["sk\u00f6pun og t\u00falkun", "\u00c1r\u00e6\u00f0ni"]}, {"abbreviation": "TM", "topics": ["Teikning", "m\u00f3del"]}, {"abbreviation": "AT", "topics": ["Teikning", "grunnur."]}, {"abbreviation": "BV", "topics": ["Vatnslitur og vinnub\u00f3k."]}, {"abbreviation": "MA", "topics": ["l\u00edkamsbygging", "m\u00f3delteikning", "sj\u00f3nskynjun"]}, {"abbreviation": "SL", "topics": ["Sj\u00f3nlist", "myndlist", "m\u00e1lun", "teikning"]}, {"abbreviation": "HN", "topics": ["h\u00f6nnun", "lausnarleit", "n\u00fdsk\u00f6pun", "\u00fearfagreining"]}, {"abbreviation": "VT", "topics": ["Valteikning"]}, {"abbreviation": "HU", "topics": ["hugmyndavinna", "skapandi hugsun", "sk\u00f6punarferli", "\u00fer\u00f3un hugmynda"]}, {"abbreviation": "MS", "topics": ["fagurfr\u00e6\u00f0i", "m\u00f3delteikning", "sj\u00f3nskynjun"]}, {"abbreviation": "SK", "topics": ["l\u00e1gmyndir og r\u00fdmi", "sk\u00falpt\u00far", "\u00fer\u00edv\u00ed\u00f0 myndverk"]}, {"abbreviation": "LJ", "topics": ["filmur", "hugmyndavinna", "lj\u00f3smyndat\u00e6kni", "myrkrakompa"]}, {"abbreviation": "FF", "topics": ["fjarv\u00eddd", "formfr\u00e6\u00f0i", "h\u00f6nnun", "myndbygging"]}, {"abbreviation": "TS", "topics": ["myndsk\u00f6pun", "skissuger\u00f0", "teikning"]}, {"abbreviation": "M\u00c1", "topics": ["myndbygging", "m\u00e1lverk", "sk\u00f6punarferli"]}, {"abbreviation": "GR", "topics": ["dj\u00fap\u00ferykk", "ein\u00ferykk", "graf\u00edk", "h\u00e6\u00f0ar\u00ferykk"]}, {"abbreviation": "LV", "topics": ["lokaverkefni myndlistarkj\u00f6rsvi\u00f0s", "sk\u00f6punarferli", "s\u00fdning"]}, {"abbreviation": "MY", "topics": ["Myndbygging", "formfr\u00e6\u00f0i", "litur", "r\u00fdmi"]}, {"abbreviation": "MH", "topics": ["Myndbygging", "formfr\u00e6\u00f0i", "h\u00f6nnun", "litur"]}, {"abbreviation": "TA", "topics": ["Teikni\u00fej\u00e1lfun", "anat\u00f3m\u00eda", "m\u00f3del", "skissur"]}, {"abbreviation": "\u00deL", "topics": ["leikmynd", "l\u00edk\u00f6n", "\u00der\u00edvi\u00f0 formfr\u00e6\u00f0i"]}, {"abbreviation": "\u00deF", "topics": ["leikmynd og l\u00edk\u00f6n", "\u00der\u00edvi\u00f0 formfr\u00e6\u00f0i"]}, {"abbreviation": "\u00deV", "topics": ["\u00der\u00edv\u00ed\u00f0 formfr\u00e6\u00f0i"]}, {"abbreviation": "MG", "topics": ["Teikning", "m\u00e1lun", "skapandi ferli"]}, {"abbreviation": "LS", "topics": ["Lokaverkefni", "sk\u00f6punarferli", "s\u00fdning"]}, {"abbreviation": "BG", "topics": ["Graf\u00edk", "\u00ferykk og vinnub\u00f3k."]}, {"abbreviation": "T\u00cd", "topics": ["T\u00edmi \u00ed myndlist"]}, {"abbreviation": "\u00deM", "topics": ["\u00der\u00edv\u00ed\u00f0 myndbygging"]}, {"abbreviation": "SR", "topics": ["Sk\u00falpt\u00far/r\u00fdmi/h\u00f6nnun"]}, {"abbreviation": "SH", "topics": ["Sk\u00falpt\u00far", "h\u00f6nnun", "r\u00fdmi"]}, {"abbreviation": "GH", "topics": ["Graf\u00edsk h\u00f6nnun"]}, {"abbreviation": "TB", "topics": ["Teikning", "myndbygging", "myndgreining"]}, {"abbreviation": "LM", "topics": ["Litafr\u00e6\u00f0i"]}, {"abbreviation": "MN", "topics": ["M\u00e1lun"]}, {"abbreviation": "H\u00d6", "topics": ["H\u00f6nnun: Samspil lj\u00f3ss og lita \u00e1 r\u00fdmismyndun"]}, {"abbreviation": "H\u00de", "topics": ["H\u00f6nnun: \u00fer\u00edv\u00ed\u00f0 myndhugsun", "h\u00f6nnun"]}, {"abbreviation": "R\u00de", "topics": ["R\u00fdmisverk", "\u00fer\u00f3un hugmynda"]}, {"abbreviation": "LR", "topics": ["Lokaverkefni \u00ed r\u00fdmish\u00f6nnun"]}, {"abbreviation": "PO", "topics": ["Gagnamappa/portf\u00f3l\u00ed\u00f3"]}, {"abbreviation": "BM", "topics": ["Beina- og v\u00f6\u00f0vabygging mannsl\u00edkamans"]}], "_id": "50c0a02dd8e40575f7f6f4b3", "subjects": ["myndlist"], "counter": {"1": 8, "3": 11, "2": 18, "4": 1}}, "evaluation": "Lei\u00f0sagnarmat. Fj\u00f6lbreytt verkefni sem unnin eru jafnt og \u00fe\u00e9tt yfir \u00f6nnina. Vinnubr\u00f6g\u00f0, virkni og listr\u00e6nt gildi eru l\u00f6g\u00f0 til grundvallar n\u00e1msmati.  \u00c1hersla \u00e1 umsagnir sem lei\u00f0a nemandann \u00e1fram. Engin skrifleg pr\u00f3f.\n\u00deekking er metin \u00fat fr\u00e1 umr\u00e6\u00f0um, skriflegum verkefnum og a\u00f0fer\u00f0um vi\u00f0 \u00fatf\u00e6rslu verkefna.\nLeikni er metin \u00fat fr\u00e1 f\u00e6rni \u00ed \u00fatf\u00e6rslu verkefna.\nH\u00e6fni er metin \u00fat fr\u00e1 sj\u00e1lfst\u00e6\u00f0i og \u00fer\u00f3un hugmynda.", "categorization_suggestion": "FB", "embedded_topics": {"abbreviation": "TB", "topics": ["Teikning", "myndbygging", "myndgreining"]}, "status": "approved by school", "description": "Marmi\u00f0 \u00e1fangans gengur \u00fat \u00e1 a\u00f0 efla \u00ferj\u00e1 megin\u00fe\u00e6tti: Teikningu sem tj\u00e1ningarmi\u00f0il, me\u00f0 notkun mismunandi teikniefna og verkf\u00e6ra. Myndgreiningu \u00fear sem nemendur l\u00e6ra a\u00f0 formgreina  listaverk og d\u00fdpka \u00feannig skilning  sinn \u00e1 sj\u00f3nr\u00e6num forsendum myndverka. Myndbyggingu \u00fear sem nemendur l\u00e6ra a\u00f0 byggja upp eigin verk \u00ed form og lit. Mikil \u00e1hersla ver\u00f0ur l\u00f6g\u00f0 \u00e1 skissuvinnu og leit a\u00f0 myndefni.", "knowledge_goals": ["\u00f3l\u00edkum teiknia\u00f0fer\u00f0um", "\u00f3l\u00edkum efnum til myndger\u00f0ar", "ferilvinnu fr\u00e1 skissu til verks", "formr\u00e6num reglum myndbyggingar", "hugt\u00f6kum til r\u00f6kstu\u00f0nings \u00e1 vali fyrirmynda og sj\u00f3narhorna", "hugt\u00f6kum til a\u00f0 setja verk s\u00edn og annarra \u00ed lists\u00f6gulegt samhengi"], "skills_goals": ["nota mismunandi \u00e1h\u00f6ld \u00ed teikningu", "n\u00e1 g\u00f3\u00f0u valdi \u00e1 fr\u00e1sagnarm\u00e1ta teikningar", "n\u00e1 g\u00f3\u00f0u valdi \u00e1 listr\u00e6nni tj\u00e1ningu \u00ed teikningu", "n\u00fdta s\u00e9r reglur um formr\u00e6na myndbyggingu", "nota liti", "r\u00f6kr\u00e6\u00f0a um listaverk", "n\u00fdta s\u00e9r lj\u00f3smyndun vi\u00f0 leit a\u00f0 vi\u00f0fangefnum", "r\u00e6\u00f0a og kynna verk s\u00edn og annarra", "nota stafr\u00e6na t\u00e6kni vi\u00f0 efnis\u00f6flun og \u00fatf\u00e6rslu hugmynda"], "credits": 5, "last_modified": 1431705247.238957, "schools": ["51234a818caa45ed97015b35"], "coauthors": null, "instructions": "", "continued_education": false, "level": 3, "prerequisites": "Undanfari: SJ\u00d3N1EU05, SJ\u00d3N1LS05, MYNL1HU05, MYNL2MT05, LJ\u00d3S1SL05, MYNL2\u00deV05, MYNL2FF03, LJ\u00d3S2FI05, MYNL3BM05", "author": "f8d44553-42df-4c20-a712-9f65b3261ea9", "abbreviation_version": null, "competence_goals": [["geta beitt mismunandi  teiknia\u00f0fer\u00f0um eftir \u00fev\u00ed hvert vi\u00f0fangsefni\u00f0 er", ""], ["s\u00fdna fram \u00e1 a\u00f0 hann skilji l\u00f6gm\u00e1l formr\u00e6nnar uppbyggingar myndverka", ""], ["meta tengsl inntaks og formr\u00e6nnar framsetningar listaverka", ""], ["r\u00f6ksty\u00f0ja myndbyggingu eigin myndverka", ""], ["beita gagnr\u00fdninni hugsun vi\u00f0 t\u00falkun og \u00farvinnslu listaverka", ""], ["vera f\u00e6r um a\u00f0 byggja upp markvisst \u00fer\u00f3unarferli fr\u00e1 hugmynd a\u00f0 mynd", ""], ["taka \u00fe\u00e1tt \u00ed gagnr\u00fdninni  umr\u00e6\u00f0u um eigin verk og annarra", ""]], "_id": "5556169f62933a03130002d2"}], "required_credits": 10}, {"total_credits": 11, "courses": [{"exemplary": null, "topics": "almenn heilsu- og l\u00edkamsr\u00e6kt", "abbreviation": "\u00cd\u00deR\u00d31HL02(FB)", "former_schools": null, "subject": "\u00ed\u00fer\u00f3ttir", "title": "\u00cd\u00fer\u00f3ttir", "version": 118, "status_trans": "Sam\u00feykkt af sk\u00f3la", "embedded_subject": {"abbreviation": "\u00cd\u00deR\u00d3", "topics": [{"abbreviation": "\u00deK", "topics": ["kraftur", "styrkur", "\u00feol"]}, {"abbreviation": "GL", "topics": ["grunn\u00fe\u00e6ttir \u00ed almennri l\u00edkams- og heilsur\u00e6kt"]}, {"abbreviation": "GH", "topics": ["grunn\u00fe\u00e6ttir \u00ed almennri heilsu- og l\u00edkamsr\u00e6kt"]}, {"abbreviation": "LC", "topics": ["l\u00edkams- og heilsur\u00e6kt"]}, {"abbreviation": "LD", "topics": ["framhald", "l\u00edkams- og heilsur\u00e6kt"]}, {"abbreviation": "AL", "topics": ["almenn l\u00edkams- og heilsur\u00e6kt e\u00f0a \u00fativist"]}, {"abbreviation": "AH", "topics": ["almenn heilsu- og l\u00edkamsr\u00e6kt e\u00f0a \u00fativist"]}, {"abbreviation": "HR", "topics": ["heilsur\u00e6kt"]}, {"abbreviation": "HH", "topics": ["hreyfing og heilsur\u00e6kt"]}, {"abbreviation": "L\u00cd", "topics": ["l\u00edkamsr\u00e6kt"]}, {"abbreviation": "KN", "topics": ["knattspyrna"]}, {"abbreviation": "KK", "topics": ["k\u00f6rfuknattleikur"]}, {"abbreviation": "BA", "topics": ["badminton"]}, {"abbreviation": "BL", "topics": ["blak"]}, {"abbreviation": "HL", "topics": ["almenn heilsu- og l\u00edkamsr\u00e6kt"]}, {"abbreviation": "LA", "topics": ["almenn heilsu- og l\u00edkamsr\u00e6kt me\u00f0 \u00e1herslu \u00e1 styrk", "l\u00edkamsbeitingu og snerpu"]}, {"abbreviation": "LN", "topics": ["l\u00edfst\u00edll", "n\u00e6ring"]}, {"abbreviation": "M\u00de", "topics": ["markmi\u00f0asetning", "\u00fej\u00e1lfunar\u00e1\u00e6tlanir"]}, {"abbreviation": "SK", "topics": ["skipul\u00f6g\u00f0 hreyfing"]}, {"abbreviation": "S\u00cd", "topics": ["skipul\u00f6g\u00f0 hreyfing framhald", "\u00ed\u00fer\u00f3ttir"]}, {"abbreviation": "LS", "topics": ["l\u00edkamsbeiting og snerpa", "styrkur"]}, {"abbreviation": "U\u00de", "topics": ["upphitun", "\u00feol\u00fej\u00e1lfun"]}, {"abbreviation": "SL", "topics": ["li\u00f0leiki", "l\u00edkamsbeiting", "styrkur", "\u00ed\u00fer\u00f3ttamei\u00f0sli"]}, {"abbreviation": "SS", "topics": ["samh\u00e6fing", "snerpa"]}, {"abbreviation": "LH", "topics": ["heilsa", "l\u00edfsst\u00edll"]}, {"abbreviation": "HA", "topics": ["almenn l\u00edkams og heilsur\u00e6kt", "hreyfing", "likamsr\u00e6ktarsalur"]}, {"abbreviation": "B\u00cd", "topics": ["bolta\u00ed\u00fer\u00f3ttir", "l\u00edffr\u00e6\u00f0i hreyfingar"]}, {"abbreviation": "\u00daH", "topics": ["hreyfing", "j\u00e1kv\u00e6\u00f0 upplifun", "sj\u00e1lfstyrking", "\u00dativist"]}, {"abbreviation": "\u00daF", "topics": ["g\u00f6ngufer\u00f0ir \u00e1 fj\u00f6ll", "hreyfing", "\u00fativist"]}, {"abbreviation": "B\u00dd", "topics": ["Band\u00fd"]}, {"abbreviation": "GA", "topics": ["Ganga"]}, {"abbreviation": "SU", "topics": ["Sund"]}, {"abbreviation": "\u00cdS", "topics": ["starfsbraut", "\u00ed\u00fer\u00f3ttir"]}, {"abbreviation": "LB", "topics": ["L\u00edkamsr\u00e6kt", "hreyfing", "li\u00f0leiki", "styrking"]}, {"abbreviation": "A\u00cd", "topics": ["Almennar \u00ed\u00fer\u00f3ttir"]}, {"abbreviation": "BG", "topics": ["Grunnur a\u00f0 l\u00edkamsr\u00e6kt 2"]}, {"abbreviation": "AG", "topics": ["Grunnur a\u00f0 l\u00edkamsr\u00e6kt A"]}, {"abbreviation": "\u00cdC", "topics": ["L\u00edkamsr\u00e6kt og heilsa A"]}, {"abbreviation": "\u00cdD", "topics": ["L\u00edkamsr\u00e6kt og heilsa B"]}, {"abbreviation": "\u00cdF", "topics": ["Almenn heilsur\u00e6kt B"]}, {"abbreviation": "AA", "topics": ["almennar \u00ed\u00fer\u00f3ttir A"]}, {"abbreviation": "AB", "topics": ["Almennar \u00ed\u00fer\u00f3ttir B"]}, {"abbreviation": "AC", "topics": ["Almennar \u00ed\u00fer\u00f3ttir C"]}, {"abbreviation": "AD", "topics": ["Almennar \u00ed\u00fer\u00f3ttir D"]}, {"abbreviation": "AE", "topics": ["Almennar \u00ed\u00fer\u00f3ttir E"]}, {"abbreviation": "AF", "topics": ["Almennar \u00ed\u00fer\u00f3ttir F"]}, {"abbreviation": "HU", "topics": ["Hugur og heilsa"]}, {"abbreviation": "\u00deB", "topics": ["knattspyrna", "k\u00f6rfubolti og a\u00f0rir boltaleikir", "\u00derek"]}, {"abbreviation": "\u00cdG", "topics": ["\u00cd\u00fer\u00f3ttagreinar og \u00fativist"]}, {"abbreviation": "HJ", "topics": ["Hj\u00f3la\u00f0 \u00ed sk\u00f3lann"]}, {"abbreviation": "DL", "topics": ["Dansleikh\u00fas"]}, {"abbreviation": "LE", "topics": ["l\u00edkamsbeyting", "snerpa"]}, {"abbreviation": "LF", "topics": ["l\u00edkamsbeyting", "snerpa", "styrkur"]}, {"abbreviation": "LG", "topics": ["l\u00edkamsbeyting", "styrkur"]}, {"abbreviation": "NA", "topics": ["Hreyfing og heilsur\u00e6kt"]}, {"abbreviation": "NB", "topics": ["Almenn hreyfing og heilsur\u00e6kt"]}, {"abbreviation": "NC", "topics": ["Almenn heilsur\u00e6kt og hreyfing"]}, {"abbreviation": "ND", "topics": ["Fj\u00f6lbreytt hreyfing og heilsur\u00e6kt"]}, {"abbreviation": "NE", "topics": ["Hreyfing", "heilsu- og l\u00edkamsr\u00e6kt"]}, {"abbreviation": "NF", "topics": ["L\u00edkams- og heilsur\u00e6kt"]}, {"abbreviation": "\u00deR", "topics": ["\u00c6fingar \u00ed \u00fereksal"]}, {"abbreviation": "DA", "topics": ["dans", "leikir og samvinna", "\u00cd\u00fer\u00f3ttir"]}, {"abbreviation": "BO", "topics": ["Boltaleikir"]}, {"abbreviation": "HB", "topics": ["Handbolti"]}, {"abbreviation": "HP", "topics": ["Hlaup"]}, {"abbreviation": "K\u00d6", "topics": ["K\u00f6rfubolti"]}, {"abbreviation": "L\u00de", "topics": ["Leikir og \u00ferek"]}, {"abbreviation": "VE", "topics": ["Vetrar\u00ed\u00fer\u00f3ttir", "bretti", "skautar", "sk\u00ed\u00f0i"]}, {"abbreviation": "\u00deL", "topics": ["hlaup", "li\u00f0leiki", "lyftingar", "\u00derek"]}, {"abbreviation": "\u00cdA", "topics": ["Almenn heilsur\u00e6kt"]}, {"abbreviation": "S\u00c9", "topics": ["s\u00e9rh\u00e6fing \u00ed \u00ed\u00fer\u00f3ttagrein"]}, {"abbreviation": "ST", "topics": ["Styrktar\u00fej\u00e1lfun"]}, {"abbreviation": "SV", "topics": ["Skvass"]}, {"abbreviation": "\u00daT", "topics": ["\u00dativist og fjallamennska"]}, {"abbreviation": "JF", "topics": ["J\u00f6kla-og fjallg\u00f6ngur"]}, {"abbreviation": "J\u00d3", "topics": ["J\u00f3ga"]}, {"abbreviation": "GR", "topics": ["grunn\u00fej\u00e1lfun", "l\u00edkams\u00fej\u00e1lfun"]}, {"abbreviation": "LM", "topics": ["L\u00edkams\u00fej\u00e1lfun", "grunn\u00fej\u00e1lfun"]}, {"abbreviation": "LV", "topics": ["L\u00edkams\u00fej\u00e1lfun", "s\u00e9rt\u00e6k"]}, {"abbreviation": "N\u00c6", "topics": ["L\u00edkams\u00fej\u00e1lfun og n\u00e6ring"]}], "_id": "50c0a02dd8e40575f7f6f4cc", "subjects": ["\u00ed\u00fer\u00f3ttir"], "counter": {"1": 115, "3": 2, "2": 42, "4": 0}}, "evaluation": "Byggist \u00e1 virkni og m\u00e6tingu nemandans.  Einnig frammist\u00f6\u00f0u \u00ed t\u00edmum og sj\u00e1lfst\u00e6\u00f0i \u00ed vinnubr\u00f6g\u00f0um.", "categorization_suggestion": "FB", "embedded_topics": {"abbreviation": "HL", "topics": ["almenn heilsu- og l\u00edkamsr\u00e6kt"]}, "status": "approved by school", "description": "\u00c1fanginn er verklegur me\u00f0 markvissri fr\u00e6\u00f0slu um l\u00edkams- og heilsur\u00e6kt. Nemandinn spreytir sig \u00e1 fj\u00f6lbreyttum a\u00f0fer\u00f0um \u00feol-, styrktar- og li\u00f0leika\u00fej\u00e1lfunar. L\u00f6g\u00f0 er \u00e1hersla \u00e1 a\u00f0 hann finni hreyfingu vi\u00f0 sitt h\u00e6fi \u00fat fr\u00e1 getu og \u00e1huga. Markviss fr\u00e6\u00f0sla um forvarnagildi l\u00edkams- og heilsur\u00e6ktar og hvatning til heilbrig\u00f0ari l\u00edfsh\u00e1tta. Nemandi l\u00e6rir a\u00f0 beita s\u00e9r r\u00e9tt vi\u00f0 \u00e6fingar.", "knowledge_goals": ["forsendum og \u00e1hrifum \u00fej\u00e1lfunar \u00e1 l\u00edkama og heilsu", "a\u00f0 reglubundin l\u00edkamsr\u00e6kt er grunnur a\u00f0 g\u00f3\u00f0ri l\u00edkamshreysti", "mikilv\u00e6gi upphitunar, \u00fathalds-, styrktar- og li\u00f0leika\u00fej\u00e1lfunar", "lei\u00f0um til a\u00f0 n\u00fdta l\u00edkams- og heilsur\u00e6kt \u00ed daglegum ath\u00f6fnum", "\u00e6fingum sem b\u00e6ta l\u00edkamsst\u00f6\u00f0u og hvernig beita \u00e1 l\u00edkamanum r\u00e9tt", "fj\u00f6lbreytilegum a\u00f0fer\u00f0um til heilsur\u00e6ktar", "mikilv\u00e6gi andlegrar, f\u00e9lagslegrar og l\u00edkamlegrar vell\u00ed\u00f0unar"], "skills_goals": ["auka \u00fathald sitt, styrk og li\u00f0leika me\u00f0 fj\u00f6lbreyttum a\u00f0fer\u00f0um sem henta", "stunda \u00e6fingar og hreyfingu sem stu\u00f0la a\u00f0 b\u00e6ttri l\u00edkamsbeitingu", "stunda \u00fej\u00e1lfun og hreyfingu sem hefur \u00e1hrif \u00e1 j\u00e1kv\u00e6\u00f0a upplifun og vi\u00f0horf til l\u00edkams- og heilsur\u00e6ktar", "beita samvinnu sem stu\u00f0lar a\u00f0 tillitssemi og hvatningu", "n\u00fdta s\u00e9r undirst\u00f6\u00f0uatri\u00f0i l\u00edkamsbeitingar"], "credits": 2, "last_modified": 1435928006.943623, "schools": ["51234a818caa45ed97015b35"], "coauthors": null, "instructions": "", "continued_education": false, "level": 1, "prerequisites": "Engar", "author": "41be24d4-5ecf-4d99-9661-f49f574e3dcc", "abbreviation_version": null, "competence_goals": [["styrkja j\u00e1kv\u00e6\u00f0a sj\u00e1lfsmynd me\u00f0 \u00fe\u00e1ttt\u00f6ku \u00ed almennri heilsur\u00e6kt, leikjum og \u00fativeru sem meti\u00f0 er me\u00f0 virkni, hugarfari og m\u00e6tingu nemandans", ""], ["gera s\u00e9r grein fyrir gildi samvinnu \u00ed leik og keppni sem meti\u00f0 er me\u00f0 samskiptah\u00e6fni nemanda", ""], ["s\u00fdna \u00f6\u00f0rum vir\u00f0ingu vi\u00f0 leik, n\u00e1m og st\u00f6rf sem meti\u00f0 er me\u00f0 heg\u00f0un og framkomu nemanda", ""], ["gl\u00edma vi\u00f0 fj\u00f6lbreytt verkefni sem sn\u00faa a\u00f0 alhli\u00f0a hreyfingu, l\u00edkams- og heilsur\u00e6kt", ""], ["leysa af hendi verkefni, \u00e6fingar og leiki sem vi\u00f0halda l\u00edkamshreysti sem meti\u00f0 er me\u00f0 \u00feol- og styrktarpr\u00f3fi", ""], ["n\u00fdta s\u00e9r m\u00f6guleika \u00ed a\u00f0 fl\u00e9tta reglubundna hreyfingu \u00ed daglegt l\u00edf og starf sem meti\u00f0 er me\u00f0 spurningalistum", ""], ["n\u00fdta s\u00e9r m\u00f6guleika til heilsur\u00e6ktar \u00ed n\u00e1nasta umhverfi og \u00fati \u00ed n\u00e1tt\u00farunni sem meti\u00f0 er me\u00f0 markmi\u00f0ssetningu, dagb\u00f3karskrifum og sj\u00e1lfspr\u00f3fi", ""]], "_id": "559685c662933a24fe003e6a"}, {"exemplary": null, "topics": "almenn l\u00edkams og heilsur\u00e6kt, hreyfing, likamsr\u00e6ktarsalur", "abbreviation": "\u00cd\u00deR\u00d31HA01(FB)", "former_schools": null, "subject": "\u00ed\u00fer\u00f3ttir", "title": "\u00cd\u00fer\u00f3ttir", "version": 119, "status_trans": "Sam\u00feykkt af sk\u00f3la", "embedded_subject": {"abbreviation": "\u00cd\u00deR\u00d3", "topics": [{"abbreviation": "\u00deK", "topics": ["kraftur", "styrkur", "\u00feol"]}, {"abbreviation": "GL", "topics": ["grunn\u00fe\u00e6ttir \u00ed almennri l\u00edkams- og heilsur\u00e6kt"]}, {"abbreviation": "GH", "topics": ["grunn\u00fe\u00e6ttir \u00ed almennri heilsu- og l\u00edkamsr\u00e6kt"]}, {"abbreviation": "LC", "topics": ["l\u00edkams- og heilsur\u00e6kt"]}, {"abbreviation": "LD", "topics": ["framhald", "l\u00edkams- og heilsur\u00e6kt"]}, {"abbreviation": "AL", "topics": ["almenn l\u00edkams- og heilsur\u00e6kt e\u00f0a \u00fativist"]}, {"abbreviation": "AH", "topics": ["almenn heilsu- og l\u00edkamsr\u00e6kt e\u00f0a \u00fativist"]}, {"abbreviation": "HR", "topics": ["heilsur\u00e6kt"]}, {"abbreviation": "HH", "topics": ["hreyfing og heilsur\u00e6kt"]}, {"abbreviation": "L\u00cd", "topics": ["l\u00edkamsr\u00e6kt"]}, {"abbreviation": "KN", "topics": ["knattspyrna"]}, {"abbreviation": "KK", "topics": ["k\u00f6rfuknattleikur"]}, {"abbreviation": "BA", "topics": ["badminton"]}, {"abbreviation": "BL", "topics": ["blak"]}, {"abbreviation": "HL", "topics": ["almenn heilsu- og l\u00edkamsr\u00e6kt"]}, {"abbreviation": "LA", "topics": ["almenn heilsu- og l\u00edkamsr\u00e6kt me\u00f0 \u00e1herslu \u00e1 styrk", "l\u00edkamsbeitingu og snerpu"]}, {"abbreviation": "LN", "topics": ["l\u00edfst\u00edll", "n\u00e6ring"]}, {"abbreviation": "M\u00de", "topics": ["markmi\u00f0asetning", "\u00fej\u00e1lfunar\u00e1\u00e6tlanir"]}, {"abbreviation": "SK", "topics": ["skipul\u00f6g\u00f0 hreyfing"]}, {"abbreviation": "S\u00cd", "topics": ["skipul\u00f6g\u00f0 hreyfing framhald", "\u00ed\u00fer\u00f3ttir"]}, {"abbreviation": "LS", "topics": ["l\u00edkamsbeiting og snerpa", "styrkur"]}, {"abbreviation": "U\u00de", "topics": ["upphitun", "\u00feol\u00fej\u00e1lfun"]}, {"abbreviation": "SL", "topics": ["li\u00f0leiki", "l\u00edkamsbeiting", "styrkur", "\u00ed\u00fer\u00f3ttamei\u00f0sli"]}, {"abbreviation": "SS", "topics": ["samh\u00e6fing", "snerpa"]}, {"abbreviation": "LH", "topics": ["heilsa", "l\u00edfsst\u00edll"]}, {"abbreviation": "HA", "topics": ["almenn l\u00edkams og heilsur\u00e6kt", "hreyfing", "likamsr\u00e6ktarsalur"]}, {"abbreviation": "B\u00cd", "topics": ["bolta\u00ed\u00fer\u00f3ttir", "l\u00edffr\u00e6\u00f0i hreyfingar"]}, {"abbreviation": "\u00daH", "topics": ["hreyfing", "j\u00e1kv\u00e6\u00f0 upplifun", "sj\u00e1lfstyrking", "\u00dativist"]}, {"abbreviation": "\u00daF", "topics": ["g\u00f6ngufer\u00f0ir \u00e1 fj\u00f6ll", "hreyfing", "\u00fativist"]}, {"abbreviation": "B\u00dd", "topics": ["Band\u00fd"]}, {"abbreviation": "GA", "topics": ["Ganga"]}, {"abbreviation": "SU", "topics": ["Sund"]}, {"abbreviation": "\u00cdS", "topics": ["starfsbraut", "\u00ed\u00fer\u00f3ttir"]}, {"abbreviation": "LB", "topics": ["L\u00edkamsr\u00e6kt", "hreyfing", "li\u00f0leiki", "styrking"]}, {"abbreviation": "A\u00cd", "topics": ["Almennar \u00ed\u00fer\u00f3ttir"]}, {"abbreviation": "BG", "topics": ["Grunnur a\u00f0 l\u00edkamsr\u00e6kt 2"]}, {"abbreviation": "AG", "topics": ["Grunnur a\u00f0 l\u00edkamsr\u00e6kt A"]}, {"abbreviation": "\u00cdC", "topics": ["L\u00edkamsr\u00e6kt og heilsa A"]}, {"abbreviation": "\u00cdD", "topics": ["L\u00edkamsr\u00e6kt og heilsa B"]}, {"abbreviation": "\u00cdF", "topics": ["Almenn heilsur\u00e6kt B"]}, {"abbreviation": "AA", "topics": ["almennar \u00ed\u00fer\u00f3ttir A"]}, {"abbreviation": "AB", "topics": ["Almennar \u00ed\u00fer\u00f3ttir B"]}, {"abbreviation": "AC", "topics": ["Almennar \u00ed\u00fer\u00f3ttir C"]}, {"abbreviation": "AD", "topics": ["Almennar \u00ed\u00fer\u00f3ttir D"]}, {"abbreviation": "AE", "topics": ["Almennar \u00ed\u00fer\u00f3ttir E"]}, {"abbreviation": "AF", "topics": ["Almennar \u00ed\u00fer\u00f3ttir F"]}, {"abbreviation": "HU", "topics": ["Hugur og heilsa"]}, {"abbreviation": "\u00deB", "topics": ["knattspyrna", "k\u00f6rfubolti og a\u00f0rir boltaleikir", "\u00derek"]}, {"abbreviation": "\u00cdG", "topics": ["\u00cd\u00fer\u00f3ttagreinar og \u00fativist"]}, {"abbreviation": "HJ", "topics": ["Hj\u00f3la\u00f0 \u00ed sk\u00f3lann"]}, {"abbreviation": "DL", "topics": ["Dansleikh\u00fas"]}, {"abbreviation": "LE", "topics": ["l\u00edkamsbeyting", "snerpa"]}, {"abbreviation": "LF", "topics": ["l\u00edkamsbeyting", "snerpa", "styrkur"]}, {"abbreviation": "LG", "topics": ["l\u00edkamsbeyting", "styrkur"]}, {"abbreviation": "NA", "topics": ["Hreyfing og heilsur\u00e6kt"]}, {"abbreviation": "NB", "topics": ["Almenn hreyfing og heilsur\u00e6kt"]}, {"abbreviation": "NC", "topics": ["Almenn heilsur\u00e6kt og hreyfing"]}, {"abbreviation": "ND", "topics": ["Fj\u00f6lbreytt hreyfing og heilsur\u00e6kt"]}, {"abbreviation": "NE", "topics": ["Hreyfing", "heilsu- og l\u00edkamsr\u00e6kt"]}, {"abbreviation": "NF", "topics": ["L\u00edkams- og heilsur\u00e6kt"]}, {"abbreviation": "\u00deR", "topics": ["\u00c6fingar \u00ed \u00fereksal"]}, {"abbreviation": "DA", "topics": ["dans", "leikir og samvinna", "\u00cd\u00fer\u00f3ttir"]}, {"abbreviation": "BO", "topics": ["Boltaleikir"]}, {"abbreviation": "HB", "topics": ["Handbolti"]}, {"abbreviation": "HP", "topics": ["Hlaup"]}, {"abbreviation": "K\u00d6", "topics": ["K\u00f6rfubolti"]}, {"abbreviation": "L\u00de", "topics": ["Leikir og \u00ferek"]}, {"abbreviation": "VE", "topics": ["Vetrar\u00ed\u00fer\u00f3ttir", "bretti", "skautar", "sk\u00ed\u00f0i"]}, {"abbreviation": "\u00deL", "topics": ["hlaup", "li\u00f0leiki", "lyftingar", "\u00derek"]}, {"abbreviation": "\u00cdA", "topics": ["Almenn heilsur\u00e6kt"]}, {"abbreviation": "S\u00c9", "topics": ["s\u00e9rh\u00e6fing \u00ed \u00ed\u00fer\u00f3ttagrein"]}, {"abbreviation": "ST", "topics": ["Styrktar\u00fej\u00e1lfun"]}, {"abbreviation": "SV", "topics": ["Skvass"]}, {"abbreviation": "\u00daT", "topics": ["\u00dativist og fjallamennska"]}, {"abbreviation": "JF", "topics": ["J\u00f6kla-og fjallg\u00f6ngur"]}, {"abbreviation": "J\u00d3", "topics": ["J\u00f3ga"]}, {"abbreviation": "GR", "topics": ["grunn\u00fej\u00e1lfun", "l\u00edkams\u00fej\u00e1lfun"]}, {"abbreviation": "LM", "topics": ["L\u00edkams\u00fej\u00e1lfun", "grunn\u00fej\u00e1lfun"]}, {"abbreviation": "LV", "topics": ["L\u00edkams\u00fej\u00e1lfun", "s\u00e9rt\u00e6k"]}, {"abbreviation": "N\u00c6", "topics": ["L\u00edkams\u00fej\u00e1lfun og n\u00e6ring"]}], "_id": "50c0a02dd8e40575f7f6f4cc", "subjects": ["\u00ed\u00fer\u00f3ttir"], "counter": {"1": 115, "3": 2, "2": 42, "4": 0}}, "evaluation": "Byggist \u00e1 virkni og m\u00e6tingu nemandans.  Einnig frammist\u00f6\u00f0u \u00ed t\u00edmum og sj\u00e1lfst\u00e6\u00f0i \u00ed vinnubr\u00f6g\u00f0um.", "categorization_suggestion": "FB", "embedded_topics": {"abbreviation": "HA", "topics": ["almenn l\u00edkams og heilsur\u00e6kt", "hreyfing", "likamsr\u00e6ktarsalur"]}, "status": "approved by school", "description": "\u00c1fanginn er verklegur me\u00f0 markvissri fr\u00e6\u00f0slu um l\u00edkams- og heilsur\u00e6kt. Nemandinn spreytir sig \u00e1 fj\u00f6lbreyttum a\u00f0fer\u00f0um \u00feol-, styrktar- og li\u00f0leika\u00fej\u00e1lfunar. L\u00f6g\u00f0 er \u00e1hersla \u00e1 a\u00f0 hann finni hreyfingu vi\u00f0 sitt h\u00e6fi \u00fat fr\u00e1 getu og \u00e1huga. Markviss fr\u00e6\u00f0sla um forvarnagildi l\u00edkams- og heilsur\u00e6ktar og hvatning til heilbrig\u00f0ari l\u00edfsh\u00e1tta. Nemandi l\u00e6rir a\u00f0 beita s\u00e9r r\u00e9tt vi\u00f0 \u00e6fingar.", "knowledge_goals": ["forsendum og \u00e1hrifum \u00fej\u00e1lfunar \u00e1 l\u00edkama og heilsu", "a\u00f0 reglubundin l\u00edkamsr\u00e6kt er grunnur a\u00f0 g\u00f3\u00f0ri l\u00edkamshreyst.", "mikilv\u00e6gi upphitunar, \u00fathalds-, styrktar- og li\u00f0leika\u00fej\u00e1lfunar", "lei\u00f0um til a\u00f0 n\u00fdta l\u00edkams- og heilsur\u00e6kt \u00ed daglegum ath\u00f6fnum", "\u00e6fingum sem b\u00e6ta l\u00edkamsst\u00f6\u00f0u og hvernig beita \u00e1 l\u00edkamanum r\u00e9tt", "fj\u00f6lbreytilegum a\u00f0fer\u00f0um til heilsur\u00e6ktar", "mikilv\u00e6gi andlegrar, f\u00e9lagslegrar og l\u00edkamlegrar vell\u00ed\u00f0unar"], "skills_goals": ["auka \u00fathald sitt, styrk og li\u00f0leika me\u00f0 fj\u00f6lbreyttum a\u00f0fer\u00f0um sem henta", "stunda \u00e6fingar og hreyfingu sem stu\u00f0la a\u00f0 b\u00e6ttri l\u00edkamsbeitingu", "stunda \u00fej\u00e1lfun og hreyfingu sem hefur \u00e1hrif \u00e1 j\u00e1kv\u00e6\u00f0a upplifun og vi\u00f0horf til l\u00edkams- og heilsur\u00e6ktar", "beita samvinnu sem stu\u00f0lar a\u00f0 tillitssemi og hvatningu", "n\u00fdta s\u00e9r undirst\u00f6\u00f0uatri\u00f0i l\u00edkamsbeitingar"], "credits": 1, "last_modified": 1435928180.989386, "schools": ["51234a818caa45ed97015b35"], "coauthors": null, "instructions": "", "continued_education": false, "level": 1, "prerequisites": "Engar", "author": "41be24d4-5ecf-4d99-9661-f49f574e3dcc", "abbreviation_version": null, "competence_goals": [["styrkja j\u00e1kv\u00e6\u00f0a sj\u00e1lfsmynd me\u00f0 \u00fe\u00e1ttt\u00f6ku \u00ed almennri heilsur\u00e6kt, leikjum og \u00fativeru sem meti\u00f0 er me\u00f0 virkni, hugarfari og m\u00e6tingu nemandans", ""], ["gera s\u00e9r grein fyrir gildi samvinnu \u00ed leik og keppni sem meti\u00f0 er me\u00f0 samskiptah\u00e6fni nemanda", ""], ["s\u00fdna \u00f6\u00f0rum vir\u00f0ingu vi\u00f0 leik, n\u00e1m og st\u00f6rf sem meti\u00f0 er me\u00f0 heg\u00f0un og framkomu nemanda", ""], ["gl\u00edma vi\u00f0 fj\u00f6lbreytt verkefni sem sn\u00faa a\u00f0 alhli\u00f0a hreyfingu, l\u00edkams- og heilsur\u00e6kt", ""], ["leysa af hendi verkefni, \u00e6fingar og leiki sem vi\u00f0halda l\u00edkamshreysti sem meti\u00f0 er me\u00f0 \u00feol- og styrktarpr\u00f3fi", ""], ["n\u00fdta s\u00e9r m\u00f6guleika \u00ed a\u00f0 fl\u00e9tta reglubundna hreyfingu \u00ed daglegt l\u00edf og starf sem meti\u00f0 er me\u00f0 spurningalistum", ""], ["n\u00fdta s\u00e9r m\u00f6guleika til heilsur\u00e6ktar \u00ed n\u00e1nasta umhverfi og \u00fati \u00ed n\u00e1tt\u00farunni sem meti\u00f0 er me\u00f0 markmi\u00f0ssetningu, dagb\u00f3karskrifum og sj\u00e1lfspr\u00f3fi", ""]], "_id": "5596867462933a24fe003e6f"}, {"exemplary": null, "topics": "badminton", "abbreviation": "\u00cd\u00deR\u00d31BA01(FB)", "former_schools": null, "subject": "\u00ed\u00fer\u00f3ttir", "title": "\u00cd\u00fer\u00f3ttir: Badminton", "version": 125, "status_trans": "Sam\u00feykkt af sk\u00f3la", "embedded_subject": {"abbreviation": "\u00cd\u00deR\u00d3", "topics": [{"abbreviation": "\u00deK", "topics": ["kraftur", "styrkur", "\u00feol"]}, {"abbreviation": "GL", "topics": ["grunn\u00fe\u00e6ttir \u00ed almennri l\u00edkams- og heilsur\u00e6kt"]}, {"abbreviation": "GH", "topics": ["grunn\u00fe\u00e6ttir \u00ed almennri heilsu- og l\u00edkamsr\u00e6kt"]}, {"abbreviation": "LC", "topics": ["l\u00edkams- og heilsur\u00e6kt"]}, {"abbreviation": "LD", "topics": ["framhald", "l\u00edkams- og heilsur\u00e6kt"]}, {"abbreviation": "AL", "topics": ["almenn l\u00edkams- og heilsur\u00e6kt e\u00f0a \u00fativist"]}, {"abbreviation": "AH", "topics": ["almenn heilsu- og l\u00edkamsr\u00e6kt e\u00f0a \u00fativist"]}, {"abbreviation": "HR", "topics": ["heilsur\u00e6kt"]}, {"abbreviation": "HH", "topics": ["hreyfing og heilsur\u00e6kt"]}, {"abbreviation": "L\u00cd", "topics": ["l\u00edkamsr\u00e6kt"]}, {"abbreviation": "KN", "topics": ["knattspyrna"]}, {"abbreviation": "KK", "topics": ["k\u00f6rfuknattleikur"]}, {"abbreviation": "BA", "topics": ["badminton"]}, {"abbreviation": "BL", "topics": ["blak"]}, {"abbreviation": "HL", "topics": ["almenn heilsu- og l\u00edkamsr\u00e6kt"]}, {"abbreviation": "LA", "topics": ["almenn heilsu- og l\u00edkamsr\u00e6kt me\u00f0 \u00e1herslu \u00e1 styrk", "l\u00edkamsbeitingu og snerpu"]}, {"abbreviation": "LN", "topics": ["l\u00edfst\u00edll", "n\u00e6ring"]}, {"abbreviation": "M\u00de", "topics": ["markmi\u00f0asetning", "\u00fej\u00e1lfunar\u00e1\u00e6tlanir"]}, {"abbreviation": "SK", "topics": ["skipul\u00f6g\u00f0 hreyfing"]}, {"abbreviation": "S\u00cd", "topics": ["skipul\u00f6g\u00f0 hreyfing framhald", "\u00ed\u00fer\u00f3ttir"]}, {"abbreviation": "LS", "topics": ["l\u00edkamsbeiting og snerpa", "styrkur"]}, {"abbreviation": "U\u00de", "topics": ["upphitun", "\u00feol\u00fej\u00e1lfun"]}, {"abbreviation": "SL", "topics": ["li\u00f0leiki", "l\u00edkamsbeiting", "styrkur", "\u00ed\u00fer\u00f3ttamei\u00f0sli"]}, {"abbreviation": "SS", "topics": ["samh\u00e6fing", "snerpa"]}, {"abbreviation": "LH", "topics": ["heilsa", "l\u00edfsst\u00edll"]}, {"abbreviation": "HA", "topics": ["almenn l\u00edkams og heilsur\u00e6kt", "hreyfing", "likamsr\u00e6ktarsalur"]}, {"abbreviation": "B\u00cd", "topics": ["bolta\u00ed\u00fer\u00f3ttir", "l\u00edffr\u00e6\u00f0i hreyfingar"]}, {"abbreviation": "\u00daH", "topics": ["hreyfing", "j\u00e1kv\u00e6\u00f0 upplifun", "sj\u00e1lfstyrking", "\u00dativist"]}, {"abbreviation": "\u00daF", "topics": ["g\u00f6ngufer\u00f0ir \u00e1 fj\u00f6ll", "hreyfing", "\u00fativist"]}, {"abbreviation": "B\u00dd", "topics": ["Band\u00fd"]}, {"abbreviation": "GA", "topics": ["Ganga"]}, {"abbreviation": "SU", "topics": ["Sund"]}, {"abbreviation": "\u00cdS", "topics": ["starfsbraut", "\u00ed\u00fer\u00f3ttir"]}, {"abbreviation": "LB", "topics": ["L\u00edkamsr\u00e6kt", "hreyfing", "li\u00f0leiki", "styrking"]}, {"abbreviation": "A\u00cd", "topics": ["Almennar \u00ed\u00fer\u00f3ttir"]}, {"abbreviation": "BG", "topics": ["Grunnur a\u00f0 l\u00edkamsr\u00e6kt 2"]}, {"abbreviation": "AG", "topics": ["Grunnur a\u00f0 l\u00edkamsr\u00e6kt A"]}, {"abbreviation": "\u00cdC", "topics": ["L\u00edkamsr\u00e6kt og heilsa A"]}, {"abbreviation": "\u00cdD", "topics": ["L\u00edkamsr\u00e6kt og heilsa B"]}, {"abbreviation": "\u00cdF", "topics": ["Almenn heilsur\u00e6kt B"]}, {"abbreviation": "AA", "topics": ["almennar \u00ed\u00fer\u00f3ttir A"]}, {"abbreviation": "AB", "topics": ["Almennar \u00ed\u00fer\u00f3ttir B"]}, {"abbreviation": "AC", "topics": ["Almennar \u00ed\u00fer\u00f3ttir C"]}, {"abbreviation": "AD", "topics": ["Almennar \u00ed\u00fer\u00f3ttir D"]}, {"abbreviation": "AE", "topics": ["Almennar \u00ed\u00fer\u00f3ttir E"]}, {"abbreviation": "AF", "topics": ["Almennar \u00ed\u00fer\u00f3ttir F"]}, {"abbreviation": "HU", "topics": ["Hugur og heilsa"]}, {"abbreviation": "\u00deB", "topics": ["knattspyrna", "k\u00f6rfubolti og a\u00f0rir boltaleikir", "\u00derek"]}, {"abbreviation": "\u00cdG", "topics": ["\u00cd\u00fer\u00f3ttagreinar og \u00fativist"]}, {"abbreviation": "HJ", "topics": ["Hj\u00f3la\u00f0 \u00ed sk\u00f3lann"]}, {"abbreviation": "DL", "topics": ["Dansleikh\u00fas"]}, {"abbreviation": "LE", "topics": ["l\u00edkamsbeyting", "snerpa"]}, {"abbreviation": "LF", "topics": ["l\u00edkamsbeyting", "snerpa", "styrkur"]}, {"abbreviation": "LG", "topics": ["l\u00edkamsbeyting", "styrkur"]}, {"abbreviation": "NA", "topics": ["Hreyfing og heilsur\u00e6kt"]}, {"abbreviation": "NB", "topics": ["Almenn hreyfing og heilsur\u00e6kt"]}, {"abbreviation": "NC", "topics": ["Almenn heilsur\u00e6kt og hreyfing"]}, {"abbreviation": "ND", "topics": ["Fj\u00f6lbreytt hreyfing og heilsur\u00e6kt"]}, {"abbreviation": "NE", "topics": ["Hreyfing", "heilsu- og l\u00edkamsr\u00e6kt"]}, {"abbreviation": "NF", "topics": ["L\u00edkams- og heilsur\u00e6kt"]}, {"abbreviation": "\u00deR", "topics": ["\u00c6fingar \u00ed \u00fereksal"]}, {"abbreviation": "DA", "topics": ["dans", "leikir og samvinna", "\u00cd\u00fer\u00f3ttir"]}, {"abbreviation": "BO", "topics": ["Boltaleikir"]}, {"abbreviation": "HB", "topics": ["Handbolti"]}, {"abbreviation": "HP", "topics": ["Hlaup"]}, {"abbreviation": "K\u00d6", "topics": ["K\u00f6rfubolti"]}, {"abbreviation": "L\u00de", "topics": ["Leikir og \u00ferek"]}, {"abbreviation": "VE", "topics": ["Vetrar\u00ed\u00fer\u00f3ttir", "bretti", "skautar", "sk\u00ed\u00f0i"]}, {"abbreviation": "\u00deL", "topics": ["hlaup", "li\u00f0leiki", "lyftingar", "\u00derek"]}, {"abbreviation": "\u00cdA", "topics": ["Almenn heilsur\u00e6kt"]}, {"abbreviation": "S\u00c9", "topics": ["s\u00e9rh\u00e6fing \u00ed \u00ed\u00fer\u00f3ttagrein"]}, {"abbreviation": "ST", "topics": ["Styrktar\u00fej\u00e1lfun"]}, {"abbreviation": "SV", "topics": ["Skvass"]}, {"abbreviation": "\u00daT", "topics": ["\u00dativist og fjallamennska"]}, {"abbreviation": "JF", "topics": ["J\u00f6kla-og fjallg\u00f6ngur"]}, {"abbreviation": "J\u00d3", "topics": ["J\u00f3ga"]}, {"abbreviation": "GR", "topics": ["grunn\u00fej\u00e1lfun", "l\u00edkams\u00fej\u00e1lfun"]}, {"abbreviation": "LM", "topics": ["L\u00edkams\u00fej\u00e1lfun", "grunn\u00fej\u00e1lfun"]}, {"abbreviation": "LV", "topics": ["L\u00edkams\u00fej\u00e1lfun", "s\u00e9rt\u00e6k"]}, {"abbreviation": "N\u00c6", "topics": ["L\u00edkams\u00fej\u00e1lfun og n\u00e6ring"]}], "_id": "50c0a02dd8e40575f7f6f4cc", "subjects": ["\u00ed\u00fer\u00f3ttir"], "counter": {"1": 124, "3": 2, "2": 42, "4": 0}}, "evaluation": "Byggist \u00e1 virkni og m\u00e6tingu nemandans.  Einnig frammist\u00f6\u00f0u \u00ed t\u00edmum og sj\u00e1lfst\u00e6\u00f0i \u00ed vinnubr\u00f6g\u00f0um.", "categorization_suggestion": "FB", "embedded_topics": {"abbreviation": "BA", "topics": ["badminton"]}, "status": "approved by school", "description": "\u00c1fanginn er verklegur me\u00f0 markvissri fr\u00e6\u00f0slu um badminton. Nemandinn spreytir sig \u00e1 fj\u00f6lbreyttum a\u00f0fer\u00f0um \u00feol-, styrktar- og li\u00f0leika.  L\u00f6g\u00f0 er \u00e1hersla \u00e1 a\u00f0 nemandi auki f\u00e6rni s\u00edna \u00ed greininni. Markviss fr\u00e6\u00f0sla um forvarnagildi l\u00edkams- og heilsur\u00e6ktar og hvatning til heilbrig\u00f0ari l\u00edfsh\u00e1tta. Nemandi l\u00e6rir a\u00f0 beita s\u00e9r r\u00e9tt vi\u00f0 \u00e6fingar.", "knowledge_goals": ["reglum \u00ed\u00fer\u00f3ttagreinarinnar.", "undirst\u00f6\u00f0ut\u00e6kni \u00ed\u00fer\u00f3ttagreinarinnar"], "skills_goals": ["geta leiki\u00f0 \u00ed\u00fer\u00f3ttina s\u00e9r til \u00e1n\u00e6gju og heilsub\u00f3tar"], "credits": 1, "last_modified": 1435928462.648471, "schools": ["51234a818caa45ed97015b35"], "coauthors": null, "instructions": "", "continued_education": false, "level": 1, "prerequisites": "\u00cd\u00deR\u00d31A\u00cd02", "author": "41be24d4-5ecf-4d99-9661-f49f574e3dcc", "abbreviation_version": null, "competence_goals": [["styrkja j\u00e1kv\u00e6\u00f0a sj\u00e1lfsmynd me\u00f0 \u00fe\u00e1ttt\u00f6ku \u00ed almennri heilsur\u00e6kt og leikjum  sem meti\u00f0 er me\u00f0 virkni, hugarfari og m\u00e6tingu nemandans", ""], ["gera s\u00e9r grein fyrir gildi samvinnu \u00ed leik og keppni sem meti\u00f0 er me\u00f0 samskiptah\u00e6fni nemanda", ""], ["s\u00fdna \u00f6\u00f0rum vir\u00f0ingu vi\u00f0 leik, n\u00e1m og st\u00f6rf sem meti\u00f0 er me\u00f0 heg\u00f0un og framkomu nemanda", ""], ["gl\u00edma vi\u00f0 fj\u00f6lbreytt verkefni sem sn\u00faa a\u00f0 alhli\u00f0a hreyfingu, l\u00edkams- og heilsur\u00e6kt", ""]], "_id": "5596878e62933a24fe003e8a"}, {"exemplary": null, "topics": "blak", "abbreviation": "\u00cd\u00deR\u00d31BL01(FB)", "former_schools": null, "subject": "\u00ed\u00fer\u00f3ttir", "title": "\u00cd\u00fer\u00f3ttir: Blak", "version": 116, "status_trans": "Sam\u00feykkt af sk\u00f3la", "embedded_subject": {"abbreviation": "\u00cd\u00deR\u00d3", "topics": [{"abbreviation": "\u00deK", "topics": ["kraftur", "styrkur", "\u00feol"]}, {"abbreviation": "GL", "topics": ["grunn\u00fe\u00e6ttir \u00ed almennri l\u00edkams- og heilsur\u00e6kt"]}, {"abbreviation": "GH", "topics": ["grunn\u00fe\u00e6ttir \u00ed almennri heilsu- og l\u00edkamsr\u00e6kt"]}, {"abbreviation": "LC", "topics": ["l\u00edkams- og heilsur\u00e6kt"]}, {"abbreviation": "LD", "topics": ["framhald", "l\u00edkams- og heilsur\u00e6kt"]}, {"abbreviation": "AL", "topics": ["almenn l\u00edkams- og heilsur\u00e6kt e\u00f0a \u00fativist"]}, {"abbreviation": "AH", "topics": ["almenn heilsu- og l\u00edkamsr\u00e6kt e\u00f0a \u00fativist"]}, {"abbreviation": "HR", "topics": ["heilsur\u00e6kt"]}, {"abbreviation": "HH", "topics": ["hreyfing og heilsur\u00e6kt"]}, {"abbreviation": "L\u00cd", "topics": ["l\u00edkamsr\u00e6kt"]}, {"abbreviation": "KN", "topics": ["knattspyrna"]}, {"abbreviation": "KK", "topics": ["k\u00f6rfuknattleikur"]}, {"abbreviation": "BA", "topics": ["badminton"]}, {"abbreviation": "BL", "topics": ["blak"]}, {"abbreviation": "HL", "topics": ["almenn heilsu- og l\u00edkamsr\u00e6kt"]}, {"abbreviation": "LA", "topics": ["almenn heilsu- og l\u00edkamsr\u00e6kt me\u00f0 \u00e1herslu \u00e1 styrk", "l\u00edkamsbeitingu og snerpu"]}, {"abbreviation": "LN", "topics": ["l\u00edfst\u00edll", "n\u00e6ring"]}, {"abbreviation": "M\u00de", "topics": ["markmi\u00f0asetning", "\u00fej\u00e1lfunar\u00e1\u00e6tlanir"]}, {"abbreviation": "SK", "topics": ["skipul\u00f6g\u00f0 hreyfing"]}, {"abbreviation": "S\u00cd", "topics": ["skipul\u00f6g\u00f0 hreyfing framhald", "\u00ed\u00fer\u00f3ttir"]}, {"abbreviation": "LS", "topics": ["l\u00edkamsbeiting og snerpa", "styrkur"]}, {"abbreviation": "U\u00de", "topics": ["upphitun", "\u00feol\u00fej\u00e1lfun"]}, {"abbreviation": "SL", "topics": ["li\u00f0leiki", "l\u00edkamsbeiting", "styrkur", "\u00ed\u00fer\u00f3ttamei\u00f0sli"]}, {"abbreviation": "SS", "topics": ["samh\u00e6fing", "snerpa"]}, {"abbreviation": "LH", "topics": ["heilsa", "l\u00edfsst\u00edll"]}, {"abbreviation": "HA", "topics": ["almenn l\u00edkams og heilsur\u00e6kt", "hreyfing", "likamsr\u00e6ktarsalur"]}, {"abbreviation": "B\u00cd", "topics": ["bolta\u00ed\u00fer\u00f3ttir", "l\u00edffr\u00e6\u00f0i hreyfingar"]}, {"abbreviation": "\u00daH", "topics": ["hreyfing", "j\u00e1kv\u00e6\u00f0 upplifun", "sj\u00e1lfstyrking", "\u00dativist"]}, {"abbreviation": "\u00daF", "topics": ["g\u00f6ngufer\u00f0ir \u00e1 fj\u00f6ll", "hreyfing", "\u00fativist"]}, {"abbreviation": "B\u00dd", "topics": ["Band\u00fd"]}, {"abbreviation": "GA", "topics": ["Ganga"]}, {"abbreviation": "SU", "topics": ["Sund"]}, {"abbreviation": "\u00cdS", "topics": ["starfsbraut", "\u00ed\u00fer\u00f3ttir"]}, {"abbreviation": "LB", "topics": ["L\u00edkamsr\u00e6kt", "hreyfing", "li\u00f0leiki", "styrking"]}, {"abbreviation": "A\u00cd", "topics": ["Almennar \u00ed\u00fer\u00f3ttir"]}, {"abbreviation": "BG", "topics": ["Grunnur a\u00f0 l\u00edkamsr\u00e6kt 2"]}, {"abbreviation": "AG", "topics": ["Grunnur a\u00f0 l\u00edkamsr\u00e6kt A"]}, {"abbreviation": "\u00cdC", "topics": ["L\u00edkamsr\u00e6kt og heilsa A"]}, {"abbreviation": "\u00cdD", "topics": ["L\u00edkamsr\u00e6kt og heilsa B"]}, {"abbreviation": "\u00cdF", "topics": ["Almenn heilsur\u00e6kt B"]}, {"abbreviation": "AA", "topics": ["almennar \u00ed\u00fer\u00f3ttir A"]}, {"abbreviation": "AB", "topics": ["Almennar \u00ed\u00fer\u00f3ttir B"]}, {"abbreviation": "AC", "topics": ["Almennar \u00ed\u00fer\u00f3ttir C"]}, {"abbreviation": "AD", "topics": ["Almennar \u00ed\u00fer\u00f3ttir D"]}, {"abbreviation": "AE", "topics": ["Almennar \u00ed\u00fer\u00f3ttir E"]}, {"abbreviation": "AF", "topics": ["Almennar \u00ed\u00fer\u00f3ttir F"]}, {"abbreviation": "HU", "topics": ["Hugur og heilsa"]}, {"abbreviation": "\u00deB", "topics": ["knattspyrna", "k\u00f6rfubolti og a\u00f0rir boltaleikir", "\u00derek"]}, {"abbreviation": "\u00cdG", "topics": ["\u00cd\u00fer\u00f3ttagreinar og \u00fativist"]}, {"abbreviation": "HJ", "topics": ["Hj\u00f3la\u00f0 \u00ed sk\u00f3lann"]}, {"abbreviation": "DL", "topics": ["Dansleikh\u00fas"]}, {"abbreviation": "LE", "topics": ["l\u00edkamsbeyting", "snerpa"]}, {"abbreviation": "LF", "topics": ["l\u00edkamsbeyting", "snerpa", "styrkur"]}, {"abbreviation": "LG", "topics": ["l\u00edkamsbeyting", "styrkur"]}, {"abbreviation": "NA", "topics": ["Hreyfing og heilsur\u00e6kt"]}, {"abbreviation": "NB", "topics": ["Almenn hreyfing og heilsur\u00e6kt"]}, {"abbreviation": "NC", "topics": ["Almenn heilsur\u00e6kt og hreyfing"]}, {"abbreviation": "ND", "topics": ["Fj\u00f6lbreytt hreyfing og heilsur\u00e6kt"]}, {"abbreviation": "NE", "topics": ["Hreyfing", "heilsu- og l\u00edkamsr\u00e6kt"]}, {"abbreviation": "NF", "topics": ["L\u00edkams- og heilsur\u00e6kt"]}, {"abbreviation": "\u00deR", "topics": ["\u00c6fingar \u00ed \u00fereksal"]}, {"abbreviation": "DA", "topics": ["dans", "leikir og samvinna", "\u00cd\u00fer\u00f3ttir"]}, {"abbreviation": "BO", "topics": ["Boltaleikir"]}, {"abbreviation": "HB", "topics": ["Handbolti"]}, {"abbreviation": "HP", "topics": ["Hlaup"]}, {"abbreviation": "K\u00d6", "topics": ["K\u00f6rfubolti"]}, {"abbreviation": "L\u00de", "topics": ["Leikir og \u00ferek"]}, {"abbreviation": "VE", "topics": ["Vetrar\u00ed\u00fer\u00f3ttir", "bretti", "skautar", "sk\u00ed\u00f0i"]}, {"abbreviation": "\u00deL", "topics": ["hlaup", "li\u00f0leiki", "lyftingar", "\u00derek"]}, {"abbreviation": "\u00cdA", "topics": ["Almenn heilsur\u00e6kt"]}, {"abbreviation": "S\u00c9", "topics": ["s\u00e9rh\u00e6fing \u00ed \u00ed\u00fer\u00f3ttagrein"]}, {"abbreviation": "ST", "topics": ["Styrktar\u00fej\u00e1lfun"]}, {"abbreviation": "SV", "topics": ["Skvass"]}, {"abbreviation": "\u00daT", "topics": ["\u00dativist og fjallamennska"]}, {"abbreviation": "JF", "topics": ["J\u00f6kla-og fjallg\u00f6ngur"]}, {"abbreviation": "J\u00d3", "topics": ["J\u00f3ga"]}, {"abbreviation": "GR", "topics": ["grunn\u00fej\u00e1lfun", "l\u00edkams\u00fej\u00e1lfun"]}, {"abbreviation": "LM", "topics": ["L\u00edkams\u00fej\u00e1lfun", "grunn\u00fej\u00e1lfun"]}, {"abbreviation": "LV", "topics": ["L\u00edkams\u00fej\u00e1lfun", "s\u00e9rt\u00e6k"]}, {"abbreviation": "N\u00c6", "topics": ["L\u00edkams\u00fej\u00e1lfun og n\u00e6ring"]}], "_id": "50c0a02dd8e40575f7f6f4cc", "subjects": ["\u00ed\u00fer\u00f3ttir"], "counter": {"1": 115, "3": 2, "2": 42, "4": 0}}, "evaluation": "Byggist \u00e1 virkni og m\u00e6tingu nemandans.  Einnig frammist\u00f6\u00f0u \u00ed t\u00edmum og sj\u00e1lfst\u00e6\u00f0i \u00ed vinnubr\u00f6g\u00f0um.", "categorization_suggestion": "FB", "embedded_topics": {"abbreviation": "BL", "topics": ["blak"]}, "status": "approved by school", "description": "\u00c1fanginn er verklegur me\u00f0 markvissri fr\u00e6\u00f0slu um blak. Nemandinn spreytir sig \u00e1 fj\u00f6lbreyttum a\u00f0fer\u00f0um \u00feol-, styrktar- og li\u00f0leika.  L\u00f6g\u00f0 er \u00e1hersla \u00e1 a\u00f0 nemandi auki f\u00e6rni s\u00edna \u00ed greininni. Markviss fr\u00e6\u00f0sla um forvarnagildi l\u00edkams- og heilsur\u00e6ktar og hvatning til heilbrig\u00f0ari l\u00edfsh\u00e1tta. Nemandi l\u00e6rir a\u00f0 beita s\u00e9r r\u00e9tt vi\u00f0 \u00e6fingar.", "knowledge_goals": ["reglum \u00ed\u00fer\u00f3ttagreinarinnar.", "undirst\u00f6\u00f0ut\u00e6kni \u00ed\u00fer\u00f3ttagreinarinnar"], "skills_goals": ["geta leiki\u00f0 \u00ed\u00fer\u00f3ttina s\u00e9r til \u00e1n\u00e6gju og heilsub\u00f3tar"], "credits": 1, "last_modified": 1435928866.499851, "schools": ["51234a818caa45ed97015b35"], "coauthors": null, "instructions": "", "continued_education": false, "level": 1, "prerequisites": " \u00cd\u00deR\u00d31A\u00cd02", "author": "41be24d4-5ecf-4d99-9661-f49f574e3dcc", "abbreviation_version": null, "competence_goals": [["styrkja j\u00e1kv\u00e6\u00f0a sj\u00e1lfsmynd me\u00f0 \u00fe\u00e1ttt\u00f6ku \u00ed almennri heilsur\u00e6kt og leikjum  sem meti\u00f0 er me\u00f0 virkni, hugarfari og m\u00e6tingu nemandans", ""], ["gera s\u00e9r grein fyrir gildi samvinnu \u00ed leik og keppni sem meti\u00f0 er me\u00f0 samskiptah\u00e6fni nemanda", ""], ["s\u00fdna \u00f6\u00f0rum vir\u00f0ingu vi\u00f0 leik, n\u00e1m og st\u00f6rf sem meti\u00f0 er me\u00f0 heg\u00f0un og framkomu nemanda", ""], ["gl\u00edma vi\u00f0 fj\u00f6lbreytt verkefni sem sn\u00faa a\u00f0 alhli\u00f0a hreyfingu, l\u00edkams- og heilsur\u00e6kt.", ""]], "_id": "5596892262933a24fe003e8f"}, {"exemplary": null, "topics": "knattspyrna", "abbreviation": "\u00cd\u00deR\u00d31KN01(FB)", "former_schools": null, "subject": "\u00ed\u00fer\u00f3ttir", "title": "\u00cd\u00fer\u00f3ttir: Knattspyrna", "version": 124, "status_trans": "Sam\u00feykkt af sk\u00f3la", "embedded_subject": {"abbreviation": "\u00cd\u00deR\u00d3", "topics": [{"abbreviation": "\u00deK", "topics": ["kraftur", "styrkur", "\u00feol"]}, {"abbreviation": "GL", "topics": ["grunn\u00fe\u00e6ttir \u00ed almennri l\u00edkams- og heilsur\u00e6kt"]}, {"abbreviation": "GH", "topics": ["grunn\u00fe\u00e6ttir \u00ed almennri heilsu- og l\u00edkamsr\u00e6kt"]}, {"abbreviation": "LC", "topics": ["l\u00edkams- og heilsur\u00e6kt"]}, {"abbreviation": "LD", "topics": ["framhald", "l\u00edkams- og heilsur\u00e6kt"]}, {"abbreviation": "AL", "topics": ["almenn l\u00edkams- og heilsur\u00e6kt e\u00f0a \u00fativist"]}, {"abbreviation": "AH", "topics": ["almenn heilsu- og l\u00edkamsr\u00e6kt e\u00f0a \u00fativist"]}, {"abbreviation": "HR", "topics": ["heilsur\u00e6kt"]}, {"abbreviation": "HH", "topics": ["hreyfing og heilsur\u00e6kt"]}, {"abbreviation": "L\u00cd", "topics": ["l\u00edkamsr\u00e6kt"]}, {"abbreviation": "KN", "topics": ["knattspyrna"]}, {"abbreviation": "KK", "topics": ["k\u00f6rfuknattleikur"]}, {"abbreviation": "BA", "topics": ["badminton"]}, {"abbreviation": "BL", "topics": ["blak"]}, {"abbreviation": "HL", "topics": ["almenn heilsu- og l\u00edkamsr\u00e6kt"]}, {"abbreviation": "LA", "topics": ["almenn heilsu- og l\u00edkamsr\u00e6kt me\u00f0 \u00e1herslu \u00e1 styrk", "l\u00edkamsbeitingu og snerpu"]}, {"abbreviation": "LN", "topics": ["l\u00edfst\u00edll", "n\u00e6ring"]}, {"abbreviation": "M\u00de", "topics": ["markmi\u00f0asetning", "\u00fej\u00e1lfunar\u00e1\u00e6tlanir"]}, {"abbreviation": "SK", "topics": ["skipul\u00f6g\u00f0 hreyfing"]}, {"abbreviation": "S\u00cd", "topics": ["skipul\u00f6g\u00f0 hreyfing framhald", "\u00ed\u00fer\u00f3ttir"]}, {"abbreviation": "LS", "topics": ["l\u00edkamsbeiting og snerpa", "styrkur"]}, {"abbreviation": "U\u00de", "topics": ["upphitun", "\u00feol\u00fej\u00e1lfun"]}, {"abbreviation": "SL", "topics": ["li\u00f0leiki", "l\u00edkamsbeiting", "styrkur", "\u00ed\u00fer\u00f3ttamei\u00f0sli"]}, {"abbreviation": "SS", "topics": ["samh\u00e6fing", "snerpa"]}, {"abbreviation": "LH", "topics": ["heilsa", "l\u00edfsst\u00edll"]}, {"abbreviation": "HA", "topics": ["almenn l\u00edkams og heilsur\u00e6kt", "hreyfing", "likamsr\u00e6ktarsalur"]}, {"abbreviation": "B\u00cd", "topics": ["bolta\u00ed\u00fer\u00f3ttir", "l\u00edffr\u00e6\u00f0i hreyfingar"]}, {"abbreviation": "\u00daH", "topics": ["hreyfing", "j\u00e1kv\u00e6\u00f0 upplifun", "sj\u00e1lfstyrking", "\u00dativist"]}, {"abbreviation": "\u00daF", "topics": ["g\u00f6ngufer\u00f0ir \u00e1 fj\u00f6ll", "hreyfing", "\u00fativist"]}, {"abbreviation": "B\u00dd", "topics": ["Band\u00fd"]}, {"abbreviation": "GA", "topics": ["Ganga"]}, {"abbreviation": "SU", "topics": ["Sund"]}, {"abbreviation": "\u00cdS", "topics": ["starfsbraut", "\u00ed\u00fer\u00f3ttir"]}, {"abbreviation": "LB", "topics": ["L\u00edkamsr\u00e6kt", "hreyfing", "li\u00f0leiki", "styrking"]}, {"abbreviation": "A\u00cd", "topics": ["Almennar \u00ed\u00fer\u00f3ttir"]}, {"abbreviation": "BG", "topics": ["Grunnur a\u00f0 l\u00edkamsr\u00e6kt 2"]}, {"abbreviation": "AG", "topics": ["Grunnur a\u00f0 l\u00edkamsr\u00e6kt A"]}, {"abbreviation": "\u00cdC", "topics": ["L\u00edkamsr\u00e6kt og heilsa A"]}, {"abbreviation": "\u00cdD", "topics": ["L\u00edkamsr\u00e6kt og heilsa B"]}, {"abbreviation": "\u00cdF", "topics": ["Almenn heilsur\u00e6kt B"]}, {"abbreviation": "AA", "topics": ["almennar \u00ed\u00fer\u00f3ttir A"]}, {"abbreviation": "AB", "topics": ["Almennar \u00ed\u00fer\u00f3ttir B"]}, {"abbreviation": "AC", "topics": ["Almennar \u00ed\u00fer\u00f3ttir C"]}, {"abbreviation": "AD", "topics": ["Almennar \u00ed\u00fer\u00f3ttir D"]}, {"abbreviation": "AE", "topics": ["Almennar \u00ed\u00fer\u00f3ttir E"]}, {"abbreviation": "AF", "topics": ["Almennar \u00ed\u00fer\u00f3ttir F"]}, {"abbreviation": "HU", "topics": ["Hugur og heilsa"]}, {"abbreviation": "\u00deB", "topics": ["knattspyrna", "k\u00f6rfubolti og a\u00f0rir boltaleikir", "\u00derek"]}, {"abbreviation": "\u00cdG", "topics": ["\u00cd\u00fer\u00f3ttagreinar og \u00fativist"]}, {"abbreviation": "HJ", "topics": ["Hj\u00f3la\u00f0 \u00ed sk\u00f3lann"]}, {"abbreviation": "DL", "topics": ["Dansleikh\u00fas"]}, {"abbreviation": "LE", "topics": ["l\u00edkamsbeyting", "snerpa"]}, {"abbreviation": "LF", "topics": ["l\u00edkamsbeyting", "snerpa", "styrkur"]}, {"abbreviation": "LG", "topics": ["l\u00edkamsbeyting", "styrkur"]}, {"abbreviation": "NA", "topics": ["Hreyfing og heilsur\u00e6kt"]}, {"abbreviation": "NB", "topics": ["Almenn hreyfing og heilsur\u00e6kt"]}, {"abbreviation": "NC", "topics": ["Almenn heilsur\u00e6kt og hreyfing"]}, {"abbreviation": "ND", "topics": ["Fj\u00f6lbreytt hreyfing og heilsur\u00e6kt"]}, {"abbreviation": "NE", "topics": ["Hreyfing", "heilsu- og l\u00edkamsr\u00e6kt"]}, {"abbreviation": "NF", "topics": ["L\u00edkams- og heilsur\u00e6kt"]}, {"abbreviation": "\u00deR", "topics": ["\u00c6fingar \u00ed \u00fereksal"]}, {"abbreviation": "DA", "topics": ["dans", "leikir og samvinna", "\u00cd\u00fer\u00f3ttir"]}, {"abbreviation": "BO", "topics": ["Boltaleikir"]}, {"abbreviation": "HB", "topics": ["Handbolti"]}, {"abbreviation": "HP", "topics": ["Hlaup"]}, {"abbreviation": "K\u00d6", "topics": ["K\u00f6rfubolti"]}, {"abbreviation": "L\u00de", "topics": ["Leikir og \u00ferek"]}, {"abbreviation": "VE", "topics": ["Vetrar\u00ed\u00fer\u00f3ttir", "bretti", "skautar", "sk\u00ed\u00f0i"]}, {"abbreviation": "\u00deL", "topics": ["hlaup", "li\u00f0leiki", "lyftingar", "\u00derek"]}, {"abbreviation": "\u00cdA", "topics": ["Almenn heilsur\u00e6kt"]}, {"abbreviation": "S\u00c9", "topics": ["s\u00e9rh\u00e6fing \u00ed \u00ed\u00fer\u00f3ttagrein"]}, {"abbreviation": "ST", "topics": ["Styrktar\u00fej\u00e1lfun"]}, {"abbreviation": "SV", "topics": ["Skvass"]}, {"abbreviation": "\u00daT", "topics": ["\u00dativist og fjallamennska"]}, {"abbreviation": "JF", "topics": ["J\u00f6kla-og fjallg\u00f6ngur"]}, {"abbreviation": "J\u00d3", "topics": ["J\u00f3ga"]}, {"abbreviation": "GR", "topics": ["grunn\u00fej\u00e1lfun", "l\u00edkams\u00fej\u00e1lfun"]}, {"abbreviation": "LM", "topics": ["L\u00edkams\u00fej\u00e1lfun", "grunn\u00fej\u00e1lfun"]}, {"abbreviation": "LV", "topics": ["L\u00edkams\u00fej\u00e1lfun", "s\u00e9rt\u00e6k"]}, {"abbreviation": "N\u00c6", "topics": ["L\u00edkams\u00fej\u00e1lfun og n\u00e6ring"]}], "_id": "50c0a02dd8e40575f7f6f4cc", "subjects": ["\u00ed\u00fer\u00f3ttir"], "counter": {"1": 115, "3": 2, "2": 42, "4": 0}}, "evaluation": "Byggist \u00e1 virkni og m\u00e6tingu nemandans.  Einnig frammist\u00f6\u00f0u \u00ed t\u00edmum og sj\u00e1lfst\u00e6\u00f0i \u00ed vinnubr\u00f6g\u00f0um.", "categorization_suggestion": "FB", "embedded_topics": {"abbreviation": "KN", "topics": ["knattspyrna"]}, "status": "approved by school", "description": "\u00c1fanginn er verklegur me\u00f0 markvissri fr\u00e6\u00f0slu um knattspyrnu. Nemandinn spreytir sig \u00e1 fj\u00f6lbreyttum a\u00f0fer\u00f0um \u00feol-, styrktar- og li\u00f0leika.  L\u00f6g\u00f0 er \u00e1hersla \u00e1 a\u00f0 nemandi auki f\u00e6rni s\u00edna \u00ed greininni. Markviss fr\u00e6\u00f0sla um forvarnagildi l\u00edkams- og heilsur\u00e6ktar og hvatning til heilbrig\u00f0ari l\u00edfsh\u00e1tta. Nemandi l\u00e6rir a\u00f0 beita s\u00e9r r\u00e9tt vi\u00f0 \u00e6fingar.", "knowledge_goals": ["reglum \u00ed\u00fer\u00f3ttagreinarinnar", "undirst\u00f6\u00f0ut\u00e6kni \u00ed\u00fer\u00f3ttagreinarinnar"], "skills_goals": ["geta leiki\u00f0 \u00ed\u00fer\u00f3ttina s\u00e9r til \u00e1n\u00e6gju og heilsub\u00f3tar"], "credits": 1, "last_modified": 1435928383.144495, "schools": ["51234a818caa45ed97015b35"], "coauthors": null, "instructions": "", "continued_education": false, "level": 1, "prerequisites": "\u00cd\u00deR\u00d31A\u00cd02", "author": "41be24d4-5ecf-4d99-9661-f49f574e3dcc", "abbreviation_version": null, "competence_goals": [["styrkja j\u00e1kv\u00e6\u00f0a sj\u00e1lfsmynd me\u00f0 \u00fe\u00e1ttt\u00f6ku \u00ed almennri heilsur\u00e6kt og leikjum  sem meti\u00f0 er me\u00f0 virkni, hugarfari og m\u00e6tingu nemandans", ""], ["gera s\u00e9r grein fyrir gildi samvinnu \u00ed leik og keppni sem meti\u00f0 er me\u00f0 samskiptah\u00e6fni nemanda", ""], ["s\u00fdna \u00f6\u00f0rum vir\u00f0ingu vi\u00f0 leik, n\u00e1m og st\u00f6rf sem meti\u00f0 er me\u00f0 heg\u00f0un og framkomu nemanda", ""], ["gl\u00edma vi\u00f0 fj\u00f6lbreytt verkefni sem sn\u00faa a\u00f0 alhli\u00f0a hreyfingu, l\u00edkams- og heilsur\u00e6kt", ""]], "_id": "5596873f62933a24fe003e82"}, {"exemplary": null, "topics": "K\u00f6rfubolti", "abbreviation": "\u00cd\u00deR\u00d31K\u00d601(FB)", "former_schools": null, "subject": "\u00ed\u00fer\u00f3ttir", "title": "\u00cd\u00fer\u00f3ttir: K\u00f6rfuknattleikur", "version": 123, "status_trans": "Sam\u00feykkt af sk\u00f3la", "embedded_subject": {"abbreviation": "\u00cd\u00deR\u00d3", "topics": [{"abbreviation": "\u00deK", "topics": ["kraftur", "styrkur", "\u00feol"]}, {"abbreviation": "GL", "topics": ["grunn\u00fe\u00e6ttir \u00ed almennri l\u00edkams- og heilsur\u00e6kt"]}, {"abbreviation": "GH", "topics": ["grunn\u00fe\u00e6ttir \u00ed almennri heilsu- og l\u00edkamsr\u00e6kt"]}, {"abbreviation": "LC", "topics": ["l\u00edkams- og heilsur\u00e6kt"]}, {"abbreviation": "LD", "topics": ["framhald", "l\u00edkams- og heilsur\u00e6kt"]}, {"abbreviation": "AL", "topics": ["almenn l\u00edkams- og heilsur\u00e6kt e\u00f0a \u00fativist"]}, {"abbreviation": "AH", "topics": ["almenn heilsu- og l\u00edkamsr\u00e6kt e\u00f0a \u00fativist"]}, {"abbreviation": "HR", "topics": ["heilsur\u00e6kt"]}, {"abbreviation": "HH", "topics": ["hreyfing og heilsur\u00e6kt"]}, {"abbreviation": "L\u00cd", "topics": ["l\u00edkamsr\u00e6kt"]}, {"abbreviation": "KN", "topics": ["knattspyrna"]}, {"abbreviation": "KK", "topics": ["k\u00f6rfuknattleikur"]}, {"abbreviation": "BA", "topics": ["badminton"]}, {"abbreviation": "BL", "topics": ["blak"]}, {"abbreviation": "HL", "topics": ["almenn heilsu- og l\u00edkamsr\u00e6kt"]}, {"abbreviation": "LA", "topics": ["almenn heilsu- og l\u00edkamsr\u00e6kt me\u00f0 \u00e1herslu \u00e1 styrk", "l\u00edkamsbeitingu og snerpu"]}, {"abbreviation": "LN", "topics": ["l\u00edfst\u00edll", "n\u00e6ring"]}, {"abbreviation": "M\u00de", "topics": ["markmi\u00f0asetning", "\u00fej\u00e1lfunar\u00e1\u00e6tlanir"]}, {"abbreviation": "SK", "topics": ["skipul\u00f6g\u00f0 hreyfing"]}, {"abbreviation": "S\u00cd", "topics": ["skipul\u00f6g\u00f0 hreyfing framhald", "\u00ed\u00fer\u00f3ttir"]}, {"abbreviation": "LS", "topics": ["l\u00edkamsbeiting og snerpa", "styrkur"]}, {"abbreviation": "U\u00de", "topics": ["upphitun", "\u00feol\u00fej\u00e1lfun"]}, {"abbreviation": "SL", "topics": ["li\u00f0leiki", "l\u00edkamsbeiting", "styrkur", "\u00ed\u00fer\u00f3ttamei\u00f0sli"]}, {"abbreviation": "SS", "topics": ["samh\u00e6fing", "snerpa"]}, {"abbreviation": "LH", "topics": ["heilsa", "l\u00edfsst\u00edll"]}, {"abbreviation": "HA", "topics": ["almenn l\u00edkams og heilsur\u00e6kt", "hreyfing", "likamsr\u00e6ktarsalur"]}, {"abbreviation": "B\u00cd", "topics": ["bolta\u00ed\u00fer\u00f3ttir", "l\u00edffr\u00e6\u00f0i hreyfingar"]}, {"abbreviation": "\u00daH", "topics": ["hreyfing", "j\u00e1kv\u00e6\u00f0 upplifun", "sj\u00e1lfstyrking", "\u00dativist"]}, {"abbreviation": "\u00daF", "topics": ["g\u00f6ngufer\u00f0ir \u00e1 fj\u00f6ll", "hreyfing", "\u00fativist"]}, {"abbreviation": "B\u00dd", "topics": ["Band\u00fd"]}, {"abbreviation": "GA", "topics": ["Ganga"]}, {"abbreviation": "SU", "topics": ["Sund"]}, {"abbreviation": "\u00cdS", "topics": ["starfsbraut", "\u00ed\u00fer\u00f3ttir"]}, {"abbreviation": "LB", "topics": ["L\u00edkamsr\u00e6kt", "hreyfing", "li\u00f0leiki", "styrking"]}, {"abbreviation": "A\u00cd", "topics": ["Almennar \u00ed\u00fer\u00f3ttir"]}, {"abbreviation": "BG", "topics": ["Grunnur a\u00f0 l\u00edkamsr\u00e6kt 2"]}, {"abbreviation": "AG", "topics": ["Grunnur a\u00f0 l\u00edkamsr\u00e6kt A"]}, {"abbreviation": "\u00cdC", "topics": ["L\u00edkamsr\u00e6kt og heilsa A"]}, {"abbreviation": "\u00cdD", "topics": ["L\u00edkamsr\u00e6kt og heilsa B"]}, {"abbreviation": "\u00cdF", "topics": ["Almenn heilsur\u00e6kt B"]}, {"abbreviation": "AA", "topics": ["almennar \u00ed\u00fer\u00f3ttir A"]}, {"abbreviation": "AB", "topics": ["Almennar \u00ed\u00fer\u00f3ttir B"]}, {"abbreviation": "AC", "topics": ["Almennar \u00ed\u00fer\u00f3ttir C"]}, {"abbreviation": "AD", "topics": ["Almennar \u00ed\u00fer\u00f3ttir D"]}, {"abbreviation": "AE", "topics": ["Almennar \u00ed\u00fer\u00f3ttir E"]}, {"abbreviation": "AF", "topics": ["Almennar \u00ed\u00fer\u00f3ttir F"]}, {"abbreviation": "HU", "topics": ["Hugur og heilsa"]}, {"abbreviation": "\u00deB", "topics": ["knattspyrna", "k\u00f6rfubolti og a\u00f0rir boltaleikir", "\u00derek"]}, {"abbreviation": "\u00cdG", "topics": ["\u00cd\u00fer\u00f3ttagreinar og \u00fativist"]}, {"abbreviation": "HJ", "topics": ["Hj\u00f3la\u00f0 \u00ed sk\u00f3lann"]}, {"abbreviation": "DL", "topics": ["Dansleikh\u00fas"]}, {"abbreviation": "LE", "topics": ["l\u00edkamsbeyting", "snerpa"]}, {"abbreviation": "LF", "topics": ["l\u00edkamsbeyting", "snerpa", "styrkur"]}, {"abbreviation": "LG", "topics": ["l\u00edkamsbeyting", "styrkur"]}, {"abbreviation": "NA", "topics": ["Hreyfing og heilsur\u00e6kt"]}, {"abbreviation": "NB", "topics": ["Almenn hreyfing og heilsur\u00e6kt"]}, {"abbreviation": "NC", "topics": ["Almenn heilsur\u00e6kt og hreyfing"]}, {"abbreviation": "ND", "topics": ["Fj\u00f6lbreytt hreyfing og heilsur\u00e6kt"]}, {"abbreviation": "NE", "topics": ["Hreyfing", "heilsu- og l\u00edkamsr\u00e6kt"]}, {"abbreviation": "NF", "topics": ["L\u00edkams- og heilsur\u00e6kt"]}, {"abbreviation": "\u00deR", "topics": ["\u00c6fingar \u00ed \u00fereksal"]}, {"abbreviation": "DA", "topics": ["dans", "leikir og samvinna", "\u00cd\u00fer\u00f3ttir"]}, {"abbreviation": "BO", "topics": ["Boltaleikir"]}, {"abbreviation": "HB", "topics": ["Handbolti"]}, {"abbreviation": "HP", "topics": ["Hlaup"]}, {"abbreviation": "K\u00d6", "topics": ["K\u00f6rfubolti"]}, {"abbreviation": "L\u00de", "topics": ["Leikir og \u00ferek"]}, {"abbreviation": "VE", "topics": ["Vetrar\u00ed\u00fer\u00f3ttir", "bretti", "skautar", "sk\u00ed\u00f0i"]}, {"abbreviation": "\u00deL", "topics": ["hlaup", "li\u00f0leiki", "lyftingar", "\u00derek"]}, {"abbreviation": "\u00cdA", "topics": ["Almenn heilsur\u00e6kt"]}, {"abbreviation": "S\u00c9", "topics": ["s\u00e9rh\u00e6fing \u00ed \u00ed\u00fer\u00f3ttagrein"]}, {"abbreviation": "ST", "topics": ["Styrktar\u00fej\u00e1lfun"]}, {"abbreviation": "SV", "topics": ["Skvass"]}, {"abbreviation": "\u00daT", "topics": ["\u00dativist og fjallamennska"]}, {"abbreviation": "JF", "topics": ["J\u00f6kla-og fjallg\u00f6ngur"]}, {"abbreviation": "J\u00d3", "topics": ["J\u00f3ga"]}, {"abbreviation": "GR", "topics": ["grunn\u00fej\u00e1lfun", "l\u00edkams\u00fej\u00e1lfun"]}, {"abbreviation": "LM", "topics": ["L\u00edkams\u00fej\u00e1lfun", "grunn\u00fej\u00e1lfun"]}, {"abbreviation": "LV", "topics": ["L\u00edkams\u00fej\u00e1lfun", "s\u00e9rt\u00e6k"]}, {"abbreviation": "N\u00c6", "topics": ["L\u00edkams\u00fej\u00e1lfun og n\u00e6ring"]}], "_id": "50c0a02dd8e40575f7f6f4cc", "subjects": ["\u00ed\u00fer\u00f3ttir"], "counter": {"1": 115, "3": 2, "2": 42, "4": 0}}, "evaluation": "Byggist \u00e1 virkni og m\u00e6tingu nemandans.  Einnig frammist\u00f6\u00f0u \u00ed t\u00edmum og sj\u00e1lfst\u00e6\u00f0i \u00ed vinnubr\u00f6g\u00f0um.", "categorization_suggestion": "FB", "embedded_topics": {"abbreviation": "K\u00d6", "topics": ["K\u00f6rfubolti"]}, "status": "approved by school", "description": "\u00c1fanginn er verklegur me\u00f0 markvissri fr\u00e6\u00f0slu um k\u00f6rfuknattleik. Nemandinn spreytir sig \u00e1 fj\u00f6lbreyttum a\u00f0fer\u00f0um \u00feol-, styrktar- og li\u00f0leika.  L\u00f6g\u00f0 er \u00e1hersla \u00e1 a\u00f0 nemandi auki f\u00e6rni s\u00edna \u00ed greininni. Markviss fr\u00e6\u00f0sla um forvarnagildi l\u00edkams- og heilsur\u00e6ktar og hvatning til heilbrig\u00f0ari l\u00edfsh\u00e1tta. Nemandi l\u00e6rir a\u00f0 beita s\u00e9r r\u00e9tt vi\u00f0 \u00e6fingar.", "knowledge_goals": ["reglum \u00ed\u00fer\u00f3ttagreinarinnar.", "undirst\u00f6\u00f0ut\u00e6kni \u00ed\u00fer\u00f3ttagreinarinnar"], "skills_goals": ["geta leiki\u00f0 \u00ed\u00fer\u00f3ttina s\u00e9r til \u00e1n\u00e6gju og heilsub\u00f3tar"], "credits": 1, "last_modified": 1435928420.862126, "schools": ["51234a818caa45ed97015b35"], "coauthors": null, "instructions": "", "continued_education": false, "level": 1, "prerequisites": " \u00cd\u00deR\u00d31A\u00cd02", "author": "41be24d4-5ecf-4d99-9661-f49f574e3dcc", "abbreviation_version": null, "competence_goals": [["styrkja j\u00e1kv\u00e6\u00f0a sj\u00e1lfsmynd me\u00f0 \u00fe\u00e1ttt\u00f6ku \u00ed almennri heilsur\u00e6kt og leikjum  sem meti\u00f0 er me\u00f0 virkni, hugarfari og m\u00e6tingu nemandans", ""], ["gera s\u00e9r grein fyrir gildi samvinnu \u00ed leik og keppni sem meti\u00f0 er me\u00f0 samskiptah\u00e6fni nemanda", ""], ["s\u00fdna \u00f6\u00f0rum vir\u00f0ingu vi\u00f0 leik, n\u00e1m og st\u00f6rf sem meti\u00f0 er me\u00f0 heg\u00f0un og framkomu nemanda gl\u00edma vi\u00f0 fj\u00f6lbreytt verkefni sem sn\u00faa a\u00f0 alhli\u00f0a hreyfingu, l\u00edkams- og heilsur\u00e6kt", ""]], "_id": "5596876462933a24fe003e86"}, {"exemplary": null, "topics": "Skvass", "abbreviation": "\u00cd\u00deR\u00d31SV01(FB)", "former_schools": null, "subject": "\u00ed\u00fer\u00f3ttir", "title": "\u00cd\u00fer\u00f3ttir: Skvass", "version": 121, "status_trans": "Sam\u00feykkt af sk\u00f3la", "embedded_subject": {"abbreviation": "\u00cd\u00deR\u00d3", "topics": [{"abbreviation": "\u00deK", "topics": ["kraftur", "styrkur", "\u00feol"]}, {"abbreviation": "GL", "topics": ["grunn\u00fe\u00e6ttir \u00ed almennri l\u00edkams- og heilsur\u00e6kt"]}, {"abbreviation": "GH", "topics": ["grunn\u00fe\u00e6ttir \u00ed almennri heilsu- og l\u00edkamsr\u00e6kt"]}, {"abbreviation": "LC", "topics": ["l\u00edkams- og heilsur\u00e6kt"]}, {"abbreviation": "LD", "topics": ["framhald", "l\u00edkams- og heilsur\u00e6kt"]}, {"abbreviation": "AL", "topics": ["almenn l\u00edkams- og heilsur\u00e6kt e\u00f0a \u00fativist"]}, {"abbreviation": "AH", "topics": ["almenn heilsu- og l\u00edkamsr\u00e6kt e\u00f0a \u00fativist"]}, {"abbreviation": "HR", "topics": ["heilsur\u00e6kt"]}, {"abbreviation": "HH", "topics": ["hreyfing og heilsur\u00e6kt"]}, {"abbreviation": "L\u00cd", "topics": ["l\u00edkamsr\u00e6kt"]}, {"abbreviation": "KN", "topics": ["knattspyrna"]}, {"abbreviation": "KK", "topics": ["k\u00f6rfuknattleikur"]}, {"abbreviation": "BA", "topics": ["badminton"]}, {"abbreviation": "BL", "topics": ["blak"]}, {"abbreviation": "HL", "topics": ["almenn heilsu- og l\u00edkamsr\u00e6kt"]}, {"abbreviation": "LA", "topics": ["almenn heilsu- og l\u00edkamsr\u00e6kt me\u00f0 \u00e1herslu \u00e1 styrk", "l\u00edkamsbeitingu og snerpu"]}, {"abbreviation": "LN", "topics": ["l\u00edfst\u00edll", "n\u00e6ring"]}, {"abbreviation": "M\u00de", "topics": ["markmi\u00f0asetning", "\u00fej\u00e1lfunar\u00e1\u00e6tlanir"]}, {"abbreviation": "SK", "topics": ["skipul\u00f6g\u00f0 hreyfing"]}, {"abbreviation": "S\u00cd", "topics": ["skipul\u00f6g\u00f0 hreyfing framhald", "\u00ed\u00fer\u00f3ttir"]}, {"abbreviation": "LS", "topics": ["l\u00edkamsbeiting og snerpa", "styrkur"]}, {"abbreviation": "U\u00de", "topics": ["upphitun", "\u00feol\u00fej\u00e1lfun"]}, {"abbreviation": "SL", "topics": ["li\u00f0leiki", "l\u00edkamsbeiting", "styrkur", "\u00ed\u00fer\u00f3ttamei\u00f0sli"]}, {"abbreviation": "SS", "topics": ["samh\u00e6fing", "snerpa"]}, {"abbreviation": "LH", "topics": ["heilsa", "l\u00edfsst\u00edll"]}, {"abbreviation": "HA", "topics": ["almenn l\u00edkams og heilsur\u00e6kt", "hreyfing", "likamsr\u00e6ktarsalur"]}, {"abbreviation": "B\u00cd", "topics": ["bolta\u00ed\u00fer\u00f3ttir", "l\u00edffr\u00e6\u00f0i hreyfingar"]}, {"abbreviation": "\u00daH", "topics": ["hreyfing", "j\u00e1kv\u00e6\u00f0 upplifun", "sj\u00e1lfstyrking", "\u00dativist"]}, {"abbreviation": "\u00daF", "topics": ["g\u00f6ngufer\u00f0ir \u00e1 fj\u00f6ll", "hreyfing", "\u00fativist"]}, {"abbreviation": "B\u00dd", "topics": ["Band\u00fd"]}, {"abbreviation": "GA", "topics": ["Ganga"]}, {"abbreviation": "SU", "topics": ["Sund"]}, {"abbreviation": "\u00cdS", "topics": ["starfsbraut", "\u00ed\u00fer\u00f3ttir"]}, {"abbreviation": "LB", "topics": ["L\u00edkamsr\u00e6kt", "hreyfing", "li\u00f0leiki", "styrking"]}, {"abbreviation": "A\u00cd", "topics": ["Almennar \u00ed\u00fer\u00f3ttir"]}, {"abbreviation": "BG", "topics": ["Grunnur a\u00f0 l\u00edkamsr\u00e6kt 2"]}, {"abbreviation": "AG", "topics": ["Grunnur a\u00f0 l\u00edkamsr\u00e6kt A"]}, {"abbreviation": "\u00cdC", "topics": ["L\u00edkamsr\u00e6kt og heilsa A"]}, {"abbreviation": "\u00cdD", "topics": ["L\u00edkamsr\u00e6kt og heilsa B"]}, {"abbreviation": "\u00cdF", "topics": ["Almenn heilsur\u00e6kt B"]}, {"abbreviation": "AA", "topics": ["almennar \u00ed\u00fer\u00f3ttir A"]}, {"abbreviation": "AB", "topics": ["Almennar \u00ed\u00fer\u00f3ttir B"]}, {"abbreviation": "AC", "topics": ["Almennar \u00ed\u00fer\u00f3ttir C"]}, {"abbreviation": "AD", "topics": ["Almennar \u00ed\u00fer\u00f3ttir D"]}, {"abbreviation": "AE", "topics": ["Almennar \u00ed\u00fer\u00f3ttir E"]}, {"abbreviation": "AF", "topics": ["Almennar \u00ed\u00fer\u00f3ttir F"]}, {"abbreviation": "HU", "topics": ["Hugur og heilsa"]}, {"abbreviation": "\u00deB", "topics": ["knattspyrna", "k\u00f6rfubolti og a\u00f0rir boltaleikir", "\u00derek"]}, {"abbreviation": "\u00cdG", "topics": ["\u00cd\u00fer\u00f3ttagreinar og \u00fativist"]}, {"abbreviation": "HJ", "topics": ["Hj\u00f3la\u00f0 \u00ed sk\u00f3lann"]}, {"abbreviation": "DL", "topics": ["Dansleikh\u00fas"]}, {"abbreviation": "LE", "topics": ["l\u00edkamsbeyting", "snerpa"]}, {"abbreviation": "LF", "topics": ["l\u00edkamsbeyting", "snerpa", "styrkur"]}, {"abbreviation": "LG", "topics": ["l\u00edkamsbeyting", "styrkur"]}, {"abbreviation": "NA", "topics": ["Hreyfing og heilsur\u00e6kt"]}, {"abbreviation": "NB", "topics": ["Almenn hreyfing og heilsur\u00e6kt"]}, {"abbreviation": "NC", "topics": ["Almenn heilsur\u00e6kt og hreyfing"]}, {"abbreviation": "ND", "topics": ["Fj\u00f6lbreytt hreyfing og heilsur\u00e6kt"]}, {"abbreviation": "NE", "topics": ["Hreyfing", "heilsu- og l\u00edkamsr\u00e6kt"]}, {"abbreviation": "NF", "topics": ["L\u00edkams- og heilsur\u00e6kt"]}, {"abbreviation": "\u00deR", "topics": ["\u00c6fingar \u00ed \u00fereksal"]}, {"abbreviation": "DA", "topics": ["dans", "leikir og samvinna", "\u00cd\u00fer\u00f3ttir"]}, {"abbreviation": "BO", "topics": ["Boltaleikir"]}, {"abbreviation": "HB", "topics": ["Handbolti"]}, {"abbreviation": "HP", "topics": ["Hlaup"]}, {"abbreviation": "K\u00d6", "topics": ["K\u00f6rfubolti"]}, {"abbreviation": "L\u00de", "topics": ["Leikir og \u00ferek"]}, {"abbreviation": "VE", "topics": ["Vetrar\u00ed\u00fer\u00f3ttir", "bretti", "skautar", "sk\u00ed\u00f0i"]}, {"abbreviation": "\u00deL", "topics": ["hlaup", "li\u00f0leiki", "lyftingar", "\u00derek"]}, {"abbreviation": "\u00cdA", "topics": ["Almenn heilsur\u00e6kt"]}, {"abbreviation": "S\u00c9", "topics": ["s\u00e9rh\u00e6fing \u00ed \u00ed\u00fer\u00f3ttagrein"]}, {"abbreviation": "ST", "topics": ["Styrktar\u00fej\u00e1lfun"]}, {"abbreviation": "SV", "topics": ["Skvass"]}, {"abbreviation": "\u00daT", "topics": ["\u00dativist og fjallamennska"]}, {"abbreviation": "JF", "topics": ["J\u00f6kla-og fjallg\u00f6ngur"]}, {"abbreviation": "J\u00d3", "topics": ["J\u00f3ga"]}, {"abbreviation": "GR", "topics": ["grunn\u00fej\u00e1lfun", "l\u00edkams\u00fej\u00e1lfun"]}, {"abbreviation": "LM", "topics": ["L\u00edkams\u00fej\u00e1lfun", "grunn\u00fej\u00e1lfun"]}, {"abbreviation": "LV", "topics": ["L\u00edkams\u00fej\u00e1lfun", "s\u00e9rt\u00e6k"]}, {"abbreviation": "N\u00c6", "topics": ["L\u00edkams\u00fej\u00e1lfun og n\u00e6ring"]}], "_id": "50c0a02dd8e40575f7f6f4cc", "subjects": ["\u00ed\u00fer\u00f3ttir"], "counter": {"1": 115, "3": 2, "2": 42, "4": 0}}, "evaluation": "Byggist \u00e1 virkni og m\u00e6tingu nemandans.  Einnig frammist\u00f6\u00f0u \u00ed t\u00edmum og sj\u00e1lfst\u00e6\u00f0i \u00ed vinnubr\u00f6g\u00f0um.", "categorization_suggestion": "FB", "embedded_topics": {"abbreviation": "SV", "topics": ["Skvass"]}, "status": "approved by school", "description": "\u00c1fanginn er verklegur me\u00f0 markvissri fr\u00e6\u00f0slu um skvass/veggtennis. Nemandinn spreytir sig \u00e1 fj\u00f6lbreyttum a\u00f0fer\u00f0um \u00feol-, styrktar- og li\u00f0leika.  L\u00f6g\u00f0 er \u00e1hersla \u00e1 a\u00f0 nemandi auki f\u00e6rni s\u00edna \u00ed greininni. Markviss fr\u00e6\u00f0sla um forvarnagildi l\u00edkams- og heilsur\u00e6ktar og hvatning til heilbrig\u00f0ari l\u00edfsh\u00e1tta. Nemandi l\u00e6rir a\u00f0 beita s\u00e9r r\u00e9tt vi\u00f0 \u00e6fingar.", "knowledge_goals": ["reglum \u00ed\u00fer\u00f3ttagreinarinnar.", "undirst\u00f6\u00f0ut\u00e6kni \u00ed\u00fer\u00f3ttagreinarinnar"], "skills_goals": ["geta leiki\u00f0 \u00ed\u00fer\u00f3ttina s\u00e9r til \u00e1n\u00e6gju og heilsub\u00f3tar"], "credits": 1, "last_modified": 1435928275.884919, "schools": ["51234a818caa45ed97015b35"], "coauthors": null, "instructions": "", "continued_education": false, "level": 1, "prerequisites": "\u00cd\u00deR\u00d31A\u00cd02", "author": "41be24d4-5ecf-4d99-9661-f49f574e3dcc", "abbreviation_version": null, "competence_goals": [["styrkja j\u00e1kv\u00e6\u00f0a sj\u00e1lfsmynd me\u00f0 \u00fe\u00e1ttt\u00f6ku \u00ed almennri heilsur\u00e6kt,  leikjum og keppni  sem meti\u00f0 er me\u00f0 virkni, hugarfari og m\u00e6tingu nemandans", ""], ["gera s\u00e9r grein fyrir gildi samvinnu sem meti\u00f0 er me\u00f0 samskiptah\u00e6fni nemanda", ""], ["s\u00fdna \u00f6\u00f0rum vir\u00f0ingu vi\u00f0 leik, n\u00e1m og st\u00f6rf sem meti\u00f0 er me\u00f0 heg\u00f0un og framkomu nemanda.", ""], ["gl\u00edma vi\u00f0 fj\u00f6lbreytt verkefni sem sn\u00faa a\u00f0 alhli\u00f0a hreyfingu, l\u00edkams- og heilsur\u00e6kt", ""]], "_id": "559686d362933a24fe003e78"}, {"exemplary": null, "topics": "Styrktar\u00fej\u00e1lfun", "abbreviation": "\u00cd\u00deR\u00d31ST02(FB)", "former_schools": null, "subject": "\u00ed\u00fer\u00f3ttir", "title": "\u00cd\u00fer\u00f3ttir: Styrktar\u00fej\u00e1lfun", "version": 122, "status_trans": "Sam\u00feykkt af sk\u00f3la", "embedded_subject": {"abbreviation": "\u00cd\u00deR\u00d3", "topics": [{"abbreviation": "\u00deK", "topics": ["kraftur", "styrkur", "\u00feol"]}, {"abbreviation": "GL", "topics": ["grunn\u00fe\u00e6ttir \u00ed almennri l\u00edkams- og heilsur\u00e6kt"]}, {"abbreviation": "GH", "topics": ["grunn\u00fe\u00e6ttir \u00ed almennri heilsu- og l\u00edkamsr\u00e6kt"]}, {"abbreviation": "LC", "topics": ["l\u00edkams- og heilsur\u00e6kt"]}, {"abbreviation": "LD", "topics": ["framhald", "l\u00edkams- og heilsur\u00e6kt"]}, {"abbreviation": "AL", "topics": ["almenn l\u00edkams- og heilsur\u00e6kt e\u00f0a \u00fativist"]}, {"abbreviation": "AH", "topics": ["almenn heilsu- og l\u00edkamsr\u00e6kt e\u00f0a \u00fativist"]}, {"abbreviation": "HR", "topics": ["heilsur\u00e6kt"]}, {"abbreviation": "HH", "topics": ["hreyfing og heilsur\u00e6kt"]}, {"abbreviation": "L\u00cd", "topics": ["l\u00edkamsr\u00e6kt"]}, {"abbreviation": "KN", "topics": ["knattspyrna"]}, {"abbreviation": "KK", "topics": ["k\u00f6rfuknattleikur"]}, {"abbreviation": "BA", "topics": ["badminton"]}, {"abbreviation": "BL", "topics": ["blak"]}, {"abbreviation": "HL", "topics": ["almenn heilsu- og l\u00edkamsr\u00e6kt"]}, {"abbreviation": "LA", "topics": ["almenn heilsu- og l\u00edkamsr\u00e6kt me\u00f0 \u00e1herslu \u00e1 styrk", "l\u00edkamsbeitingu og snerpu"]}, {"abbreviation": "LN", "topics": ["l\u00edfst\u00edll", "n\u00e6ring"]}, {"abbreviation": "M\u00de", "topics": ["markmi\u00f0asetning", "\u00fej\u00e1lfunar\u00e1\u00e6tlanir"]}, {"abbreviation": "SK", "topics": ["skipul\u00f6g\u00f0 hreyfing"]}, {"abbreviation": "S\u00cd", "topics": ["skipul\u00f6g\u00f0 hreyfing framhald", "\u00ed\u00fer\u00f3ttir"]}, {"abbreviation": "LS", "topics": ["l\u00edkamsbeiting og snerpa", "styrkur"]}, {"abbreviation": "U\u00de", "topics": ["upphitun", "\u00feol\u00fej\u00e1lfun"]}, {"abbreviation": "SL", "topics": ["li\u00f0leiki", "l\u00edkamsbeiting", "styrkur", "\u00ed\u00fer\u00f3ttamei\u00f0sli"]}, {"abbreviation": "SS", "topics": ["samh\u00e6fing", "snerpa"]}, {"abbreviation": "LH", "topics": ["heilsa", "l\u00edfsst\u00edll"]}, {"abbreviation": "HA", "topics": ["almenn l\u00edkams og heilsur\u00e6kt", "hreyfing", "likamsr\u00e6ktarsalur"]}, {"abbreviation": "B\u00cd", "topics": ["bolta\u00ed\u00fer\u00f3ttir", "l\u00edffr\u00e6\u00f0i hreyfingar"]}, {"abbreviation": "\u00daH", "topics": ["hreyfing", "j\u00e1kv\u00e6\u00f0 upplifun", "sj\u00e1lfstyrking", "\u00dativist"]}, {"abbreviation": "\u00daF", "topics": ["g\u00f6ngufer\u00f0ir \u00e1 fj\u00f6ll", "hreyfing", "\u00fativist"]}, {"abbreviation": "B\u00dd", "topics": ["Band\u00fd"]}, {"abbreviation": "GA", "topics": ["Ganga"]}, {"abbreviation": "SU", "topics": ["Sund"]}, {"abbreviation": "\u00cdS", "topics": ["starfsbraut", "\u00ed\u00fer\u00f3ttir"]}, {"abbreviation": "LB", "topics": ["L\u00edkamsr\u00e6kt", "hreyfing", "li\u00f0leiki", "styrking"]}, {"abbreviation": "A\u00cd", "topics": ["Almennar \u00ed\u00fer\u00f3ttir"]}, {"abbreviation": "BG", "topics": ["Grunnur a\u00f0 l\u00edkamsr\u00e6kt 2"]}, {"abbreviation": "AG", "topics": ["Grunnur a\u00f0 l\u00edkamsr\u00e6kt A"]}, {"abbreviation": "\u00cdC", "topics": ["L\u00edkamsr\u00e6kt og heilsa A"]}, {"abbreviation": "\u00cdD", "topics": ["L\u00edkamsr\u00e6kt og heilsa B"]}, {"abbreviation": "\u00cdF", "topics": ["Almenn heilsur\u00e6kt B"]}, {"abbreviation": "AA", "topics": ["almennar \u00ed\u00fer\u00f3ttir A"]}, {"abbreviation": "AB", "topics": ["Almennar \u00ed\u00fer\u00f3ttir B"]}, {"abbreviation": "AC", "topics": ["Almennar \u00ed\u00fer\u00f3ttir C"]}, {"abbreviation": "AD", "topics": ["Almennar \u00ed\u00fer\u00f3ttir D"]}, {"abbreviation": "AE", "topics": ["Almennar \u00ed\u00fer\u00f3ttir E"]}, {"abbreviation": "AF", "topics": ["Almennar \u00ed\u00fer\u00f3ttir F"]}, {"abbreviation": "HU", "topics": ["Hugur og heilsa"]}, {"abbreviation": "\u00deB", "topics": ["knattspyrna", "k\u00f6rfubolti og a\u00f0rir boltaleikir", "\u00derek"]}, {"abbreviation": "\u00cdG", "topics": ["\u00cd\u00fer\u00f3ttagreinar og \u00fativist"]}, {"abbreviation": "HJ", "topics": ["Hj\u00f3la\u00f0 \u00ed sk\u00f3lann"]}, {"abbreviation": "DL", "topics": ["Dansleikh\u00fas"]}, {"abbreviation": "LE", "topics": ["l\u00edkamsbeyting", "snerpa"]}, {"abbreviation": "LF", "topics": ["l\u00edkamsbeyting", "snerpa", "styrkur"]}, {"abbreviation": "LG", "topics": ["l\u00edkamsbeyting", "styrkur"]}, {"abbreviation": "NA", "topics": ["Hreyfing og heilsur\u00e6kt"]}, {"abbreviation": "NB", "topics": ["Almenn hreyfing og heilsur\u00e6kt"]}, {"abbreviation": "NC", "topics": ["Almenn heilsur\u00e6kt og hreyfing"]}, {"abbreviation": "ND", "topics": ["Fj\u00f6lbreytt hreyfing og heilsur\u00e6kt"]}, {"abbreviation": "NE", "topics": ["Hreyfing", "heilsu- og l\u00edkamsr\u00e6kt"]}, {"abbreviation": "NF", "topics": ["L\u00edkams- og heilsur\u00e6kt"]}, {"abbreviation": "\u00deR", "topics": ["\u00c6fingar \u00ed \u00fereksal"]}, {"abbreviation": "DA", "topics": ["dans", "leikir og samvinna", "\u00cd\u00fer\u00f3ttir"]}, {"abbreviation": "BO", "topics": ["Boltaleikir"]}, {"abbreviation": "HB", "topics": ["Handbolti"]}, {"abbreviation": "HP", "topics": ["Hlaup"]}, {"abbreviation": "K\u00d6", "topics": ["K\u00f6rfubolti"]}, {"abbreviation": "L\u00de", "topics": ["Leikir og \u00ferek"]}, {"abbreviation": "VE", "topics": ["Vetrar\u00ed\u00fer\u00f3ttir", "bretti", "skautar", "sk\u00ed\u00f0i"]}, {"abbreviation": "\u00deL", "topics": ["hlaup", "li\u00f0leiki", "lyftingar", "\u00derek"]}, {"abbreviation": "\u00cdA", "topics": ["Almenn heilsur\u00e6kt"]}, {"abbreviation": "S\u00c9", "topics": ["s\u00e9rh\u00e6fing \u00ed \u00ed\u00fer\u00f3ttagrein"]}, {"abbreviation": "ST", "topics": ["Styrktar\u00fej\u00e1lfun"]}, {"abbreviation": "SV", "topics": ["Skvass"]}, {"abbreviation": "\u00daT", "topics": ["\u00dativist og fjallamennska"]}, {"abbreviation": "JF", "topics": ["J\u00f6kla-og fjallg\u00f6ngur"]}, {"abbreviation": "J\u00d3", "topics": ["J\u00f3ga"]}, {"abbreviation": "GR", "topics": ["grunn\u00fej\u00e1lfun", "l\u00edkams\u00fej\u00e1lfun"]}, {"abbreviation": "LM", "topics": ["L\u00edkams\u00fej\u00e1lfun", "grunn\u00fej\u00e1lfun"]}, {"abbreviation": "LV", "topics": ["L\u00edkams\u00fej\u00e1lfun", "s\u00e9rt\u00e6k"]}, {"abbreviation": "N\u00c6", "topics": ["L\u00edkams\u00fej\u00e1lfun og n\u00e6ring"]}], "_id": "50c0a02dd8e40575f7f6f4cc", "subjects": ["\u00ed\u00fer\u00f3ttir"], "counter": {"1": 115, "3": 2, "2": 42, "4": 0}}, "evaluation": "Byggist \u00e1 virkni og m\u00e6tingu nemandans,  einnig frammist\u00f6\u00f0u \u00ed t\u00edmum og sj\u00e1lfst\u00e6\u00f0i \u00ed vinnubr\u00f6g\u00f0um.", "categorization_suggestion": "FB", "embedded_topics": {"abbreviation": "ST", "topics": ["Styrktar\u00fej\u00e1lfun"]}, "status": "approved by school", "description": "\u00c1fanginn er verklegur me\u00f0 markvissri fr\u00e6\u00f0slu um styrktar\u00fej\u00e1lfun. Nemandinn spreytir sig \u00e1 fj\u00f6lbreyttum a\u00f0fer\u00f0um \u00feol-, styrktar- og li\u00f0leika.  L\u00f6g\u00f0 er \u00e1hersla \u00e1 a\u00f0 nemandi auki f\u00e6rni s\u00edna \u00ed greininni. Markviss fr\u00e6\u00f0sla um forvarnagildi l\u00edkams- og heilsur\u00e6ktar og hvatning til heilbrig\u00f0ari l\u00edfsh\u00e1tta. Nemandi l\u00e6rir a\u00f0 beita s\u00e9r r\u00e9tt vi\u00f0 \u00e6fingar.", "knowledge_goals": ["eglum \u00ed\u00fer\u00f3ttagreinarinnar", "undirst\u00f6\u00f0ut\u00e6kni \u00ed\u00fer\u00f3ttagreinarinnar"], "skills_goals": ["Geta leiki\u00f0 \u00ed\u00fer\u00f3ttina s\u00e9r til \u00e1n\u00e6gju og heilsub\u00f3tar"], "credits": 2, "last_modified": 1435928222.444918, "schools": ["51234a818caa45ed97015b35"], "coauthors": null, "instructions": "", "continued_education": false, "level": 1, "prerequisites": "\u00cd\u00deR\u00d31A\u00cd02", "author": "41be24d4-5ecf-4d99-9661-f49f574e3dcc", "abbreviation_version": null, "competence_goals": [["styrkja j\u00e1kv\u00e6\u00f0a sj\u00e1lfsmynd me\u00f0 \u00fe\u00e1ttt\u00f6ku \u00ed almennri heilsur\u00e6kt og leikjum  sem meti\u00f0 er me\u00f0 virkni, hugarfari og m\u00e6tingu nemandans.", ""], ["gera s\u00e9r grein fyrir gildi samvinnu \u00ed leik og keppni sem meti\u00f0 er me\u00f0 samskiptah\u00e6fni nemanda", ""], ["gera s\u00e9r grein fyrir gildi samvinnu \u00ed leik og keppni sem meti\u00f0 er me\u00f0 samskiptah\u00e6fni nemanda", ""], ["gl\u00edma vi\u00f0 fj\u00f6lbreytt verkefni sem sn\u00faa a\u00f0 alhli\u00f0a hreyfingu, l\u00edkams- og heilsur\u00e6kt", ""]], "_id": "5596869e62933a24fe003e74"}, {"exemplary": null, "topics": "\u00dativist og fjallamennska", "abbreviation": "\u00cd\u00deR\u00d31\u00daT01(FB)", "former_schools": null, "subject": "\u00ed\u00fer\u00f3ttir", "title": "\u00cd\u00fer\u00f3ttir: \u00dativist og fjallamennskka", "version": 120, "status_trans": "Sam\u00feykkt af sk\u00f3la", "embedded_subject": {"abbreviation": "\u00cd\u00deR\u00d3", "topics": [{"abbreviation": "\u00deK", "topics": ["kraftur", "styrkur", "\u00feol"]}, {"abbreviation": "GL", "topics": ["grunn\u00fe\u00e6ttir \u00ed almennri l\u00edkams- og heilsur\u00e6kt"]}, {"abbreviation": "GH", "topics": ["grunn\u00fe\u00e6ttir \u00ed almennri heilsu- og l\u00edkamsr\u00e6kt"]}, {"abbreviation": "LC", "topics": ["l\u00edkams- og heilsur\u00e6kt"]}, {"abbreviation": "LD", "topics": ["framhald", "l\u00edkams- og heilsur\u00e6kt"]}, {"abbreviation": "AL", "topics": ["almenn l\u00edkams- og heilsur\u00e6kt e\u00f0a \u00fativist"]}, {"abbreviation": "AH", "topics": ["almenn heilsu- og l\u00edkamsr\u00e6kt e\u00f0a \u00fativist"]}, {"abbreviation": "HR", "topics": ["heilsur\u00e6kt"]}, {"abbreviation": "HH", "topics": ["hreyfing og heilsur\u00e6kt"]}, {"abbreviation": "L\u00cd", "topics": ["l\u00edkamsr\u00e6kt"]}, {"abbreviation": "KN", "topics": ["knattspyrna"]}, {"abbreviation": "KK", "topics": ["k\u00f6rfuknattleikur"]}, {"abbreviation": "BA", "topics": ["badminton"]}, {"abbreviation": "BL", "topics": ["blak"]}, {"abbreviation": "HL", "topics": ["almenn heilsu- og l\u00edkamsr\u00e6kt"]}, {"abbreviation": "LA", "topics": ["almenn heilsu- og l\u00edkamsr\u00e6kt me\u00f0 \u00e1herslu \u00e1 styrk", "l\u00edkamsbeitingu og snerpu"]}, {"abbreviation": "LN", "topics": ["l\u00edfst\u00edll", "n\u00e6ring"]}, {"abbreviation": "M\u00de", "topics": ["markmi\u00f0asetning", "\u00fej\u00e1lfunar\u00e1\u00e6tlanir"]}, {"abbreviation": "SK", "topics": ["skipul\u00f6g\u00f0 hreyfing"]}, {"abbreviation": "S\u00cd", "topics": ["skipul\u00f6g\u00f0 hreyfing framhald", "\u00ed\u00fer\u00f3ttir"]}, {"abbreviation": "LS", "topics": ["l\u00edkamsbeiting og snerpa", "styrkur"]}, {"abbreviation": "U\u00de", "topics": ["upphitun", "\u00feol\u00fej\u00e1lfun"]}, {"abbreviation": "SL", "topics": ["li\u00f0leiki", "l\u00edkamsbeiting", "styrkur", "\u00ed\u00fer\u00f3ttamei\u00f0sli"]}, {"abbreviation": "SS", "topics": ["samh\u00e6fing", "snerpa"]}, {"abbreviation": "LH", "topics": ["heilsa", "l\u00edfsst\u00edll"]}, {"abbreviation": "HA", "topics": ["almenn l\u00edkams og heilsur\u00e6kt", "hreyfing", "likamsr\u00e6ktarsalur"]}, {"abbreviation": "B\u00cd", "topics": ["bolta\u00ed\u00fer\u00f3ttir", "l\u00edffr\u00e6\u00f0i hreyfingar"]}, {"abbreviation": "\u00daH", "topics": ["hreyfing", "j\u00e1kv\u00e6\u00f0 upplifun", "sj\u00e1lfstyrking", "\u00dativist"]}, {"abbreviation": "\u00daF", "topics": ["g\u00f6ngufer\u00f0ir \u00e1 fj\u00f6ll", "hreyfing", "\u00fativist"]}, {"abbreviation": "B\u00dd", "topics": ["Band\u00fd"]}, {"abbreviation": "GA", "topics": ["Ganga"]}, {"abbreviation": "SU", "topics": ["Sund"]}, {"abbreviation": "\u00cdS", "topics": ["starfsbraut", "\u00ed\u00fer\u00f3ttir"]}, {"abbreviation": "LB", "topics": ["L\u00edkamsr\u00e6kt", "hreyfing", "li\u00f0leiki", "styrking"]}, {"abbreviation": "A\u00cd", "topics": ["Almennar \u00ed\u00fer\u00f3ttir"]}, {"abbreviation": "BG", "topics": ["Grunnur a\u00f0 l\u00edkamsr\u00e6kt 2"]}, {"abbreviation": "AG", "topics": ["Grunnur a\u00f0 l\u00edkamsr\u00e6kt A"]}, {"abbreviation": "\u00cdC", "topics": ["L\u00edkamsr\u00e6kt og heilsa A"]}, {"abbreviation": "\u00cdD", "topics": ["L\u00edkamsr\u00e6kt og heilsa B"]}, {"abbreviation": "\u00cdF", "topics": ["Almenn heilsur\u00e6kt B"]}, {"abbreviation": "AA", "topics": ["almennar \u00ed\u00fer\u00f3ttir A"]}, {"abbreviation": "AB", "topics": ["Almennar \u00ed\u00fer\u00f3ttir B"]}, {"abbreviation": "AC", "topics": ["Almennar \u00ed\u00fer\u00f3ttir C"]}, {"abbreviation": "AD", "topics": ["Almennar \u00ed\u00fer\u00f3ttir D"]}, {"abbreviation": "AE", "topics": ["Almennar \u00ed\u00fer\u00f3ttir E"]}, {"abbreviation": "AF", "topics": ["Almennar \u00ed\u00fer\u00f3ttir F"]}, {"abbreviation": "HU", "topics": ["Hugur og heilsa"]}, {"abbreviation": "\u00deB", "topics": ["knattspyrna", "k\u00f6rfubolti og a\u00f0rir boltaleikir", "\u00derek"]}, {"abbreviation": "\u00cdG", "topics": ["\u00cd\u00fer\u00f3ttagreinar og \u00fativist"]}, {"abbreviation": "HJ", "topics": ["Hj\u00f3la\u00f0 \u00ed sk\u00f3lann"]}, {"abbreviation": "DL", "topics": ["Dansleikh\u00fas"]}, {"abbreviation": "LE", "topics": ["l\u00edkamsbeyting", "snerpa"]}, {"abbreviation": "LF", "topics": ["l\u00edkamsbeyting", "snerpa", "styrkur"]}, {"abbreviation": "LG", "topics": ["l\u00edkamsbeyting", "styrkur"]}, {"abbreviation": "NA", "topics": ["Hreyfing og heilsur\u00e6kt"]}, {"abbreviation": "NB", "topics": ["Almenn hreyfing og heilsur\u00e6kt"]}, {"abbreviation": "NC", "topics": ["Almenn heilsur\u00e6kt og hreyfing"]}, {"abbreviation": "ND", "topics": ["Fj\u00f6lbreytt hreyfing og heilsur\u00e6kt"]}, {"abbreviation": "NE", "topics": ["Hreyfing", "heilsu- og l\u00edkamsr\u00e6kt"]}, {"abbreviation": "NF", "topics": ["L\u00edkams- og heilsur\u00e6kt"]}, {"abbreviation": "\u00deR", "topics": ["\u00c6fingar \u00ed \u00fereksal"]}, {"abbreviation": "DA", "topics": ["dans", "leikir og samvinna", "\u00cd\u00fer\u00f3ttir"]}, {"abbreviation": "BO", "topics": ["Boltaleikir"]}, {"abbreviation": "HB", "topics": ["Handbolti"]}, {"abbreviation": "HP", "topics": ["Hlaup"]}, {"abbreviation": "K\u00d6", "topics": ["K\u00f6rfubolti"]}, {"abbreviation": "L\u00de", "topics": ["Leikir og \u00ferek"]}, {"abbreviation": "VE", "topics": ["Vetrar\u00ed\u00fer\u00f3ttir", "bretti", "skautar", "sk\u00ed\u00f0i"]}, {"abbreviation": "\u00deL", "topics": ["hlaup", "li\u00f0leiki", "lyftingar", "\u00derek"]}, {"abbreviation": "\u00cdA", "topics": ["Almenn heilsur\u00e6kt"]}, {"abbreviation": "S\u00c9", "topics": ["s\u00e9rh\u00e6fing \u00ed \u00ed\u00fer\u00f3ttagrein"]}, {"abbreviation": "ST", "topics": ["Styrktar\u00fej\u00e1lfun"]}, {"abbreviation": "SV", "topics": ["Skvass"]}, {"abbreviation": "\u00daT", "topics": ["\u00dativist og fjallamennska"]}, {"abbreviation": "JF", "topics": ["J\u00f6kla-og fjallg\u00f6ngur"]}, {"abbreviation": "J\u00d3", "topics": ["J\u00f3ga"]}, {"abbreviation": "GR", "topics": ["grunn\u00fej\u00e1lfun", "l\u00edkams\u00fej\u00e1lfun"]}, {"abbreviation": "LM", "topics": ["L\u00edkams\u00fej\u00e1lfun", "grunn\u00fej\u00e1lfun"]}, {"abbreviation": "LV", "topics": ["L\u00edkams\u00fej\u00e1lfun", "s\u00e9rt\u00e6k"]}, {"abbreviation": "N\u00c6", "topics": ["L\u00edkams\u00fej\u00e1lfun og n\u00e6ring"]}], "_id": "50c0a02dd8e40575f7f6f4cc", "subjects": ["\u00ed\u00fer\u00f3ttir"], "counter": {"1": 115, "3": 2, "2": 42, "4": 0}}, "evaluation": "Byggist \u00e1 virkni og m\u00e6tingu nemandans.  Einnig frammist\u00f6\u00f0u \u00ed t\u00edmum og sj\u00e1lfst\u00e6\u00f0i \u00ed vinnubr\u00f6g\u00f0um.\n", "categorization_suggestion": "FB", "embedded_topics": {"abbreviation": "\u00daT", "topics": ["\u00dativist og fjallamennska"]}, "status": "approved by school", "description": "\u00c1fanginn er verklegur me\u00f0 markvissri fr\u00e6\u00f0slu um \u00fativist og fjallamennsku. Nemandinn spreytir sig \u00e1 fj\u00f6lbreyttum a\u00f0fer\u00f0um \u00feol-, styrktar- og li\u00f0leika.  L\u00f6g\u00f0 er \u00e1hersla \u00e1 a\u00f0 nemandi auki f\u00e6rni s\u00edna \u00ed greininni. Markviss fr\u00e6\u00f0sla um forvarnagildi l\u00edkams- og heilsur\u00e6ktar og hvatning til heilbrig\u00f0ari l\u00edfsh\u00e1tta. Nemandi l\u00e6rir a\u00f0 beita s\u00e9r r\u00e9tt vi\u00f0 \u00e6fingar.", "knowledge_goals": ["reglum \u00ed\u00fer\u00f3ttagreinarinnar", "undirst\u00f6\u00f0ut\u00e6kni \u00ed\u00fer\u00f3ttagreinarinnar"], "skills_goals": ["geta leiki\u00f0 \u00ed\u00fer\u00f3ttina s\u00e9r til \u00e1n\u00e6gju og heilsub\u00f3tar"], "credits": 1, "last_modified": 1435928328.997518, "schools": ["51234a818caa45ed97015b35"], "coauthors": null, "instructions": "", "continued_education": false, "level": 1, "prerequisites": "\u00cd\u00deR\u00d31A\u00cd02", "author": "41be24d4-5ecf-4d99-9661-f49f574e3dcc", "abbreviation_version": null, "competence_goals": [["styrkja j\u00e1kv\u00e6\u00f0a sj\u00e1lfsmynd me\u00f0 \u00fe\u00e1ttt\u00f6ku \u00ed almennri heilsur\u00e6kt og leikjum  sem meti\u00f0 er me\u00f0 virkni, hugarfari og m\u00e6tingu nemandans", ""], ["gera s\u00e9r grein fyrir gildi samvinnu sem meti\u00f0 er me\u00f0 samskiptah\u00e6fni nemanda", ""], ["s\u00fdna \u00f6\u00f0rum vir\u00f0ingu vi\u00f0 leik, n\u00e1m og st\u00f6rf sem meti\u00f0 er me\u00f0 heg\u00f0un og framkomu nemanda", ""], ["gl\u00edma vi\u00f0 fj\u00f6lbreytt verkefni sem sn\u00faa a\u00f0 alhli\u00f0a hreyfingu, l\u00edkams- og heilsur\u00e6kt", ""]], "_id": "5596870862933a24fe003e7d"}], "required_credits": 2}, {"total_credits": 12, "courses": [{"exemplary": null, "topics": "Grunn\u00e1fangi \u00ed efnafr\u00e6\u00f0i", "abbreviation": "EFNA2GR03(FB)", "former_schools": null, "subject": "efnafr\u00e6\u00f0i", "title": "Efnafr\u00e6\u00f0i", "version": 38, "status_trans": "Sam\u00feykkt af sk\u00f3la", "embedded_subject": {"abbreviation": "EFNA", "topics": [{"abbreviation": "AE", "topics": ["almenn efnafr\u00e6\u00f0i"]}, {"abbreviation": "EF", "topics": ["efnafr\u00e6\u00f0i framhald"]}, {"abbreviation": "LR", "topics": ["l\u00edfr\u00e6n efnafr\u00e6\u00f0i"]}, {"abbreviation": "LE", "topics": ["l\u00edfefnafr\u00e6\u00f0i"]}, {"abbreviation": "DA", "topics": ["framhald", "\u00f3l\u00edfr\u00e6n efnafr\u00e6\u00f0i"]}, {"abbreviation": "DL", "topics": ["framhald \u00ed l\u00edfr\u00e6nni efnafr\u00e6\u00f0i og l\u00edfefnafr\u00e6\u00f0i"]}, {"abbreviation": "CL", "topics": ["l\u00edfr\u00e6n efnafr\u00e6\u00f0i og l\u00edfefnafr\u00e6\u00f0i"]}, {"abbreviation": "FH", "topics": ["almenn efnafr\u00e6\u00f0i", "grunn\u00e1fangi \u00ed efnafr\u00e6\u00f0i fyrir hug- og f\u00e9lagsv\u00edsindadeild"]}, {"abbreviation": "AM", "topics": ["at\u00f3m", "m\u00f3l og efnahv\u00f6rf. byrjunar\u00e1fangi \u00ed efnafr\u00e6\u00f0i \u00e1 n\u00e1tt\u00faruv\u00edsindabraut"]}, {"abbreviation": "EH", "topics": ["2. \u00e1fangi \u00ed efnafr\u00e6\u00f0i \u00e1 n\u00e1tt\u00faruv\u00edsindabraut", "efnatengi", "hra\u00f0i og orka"]}, {"abbreviation": "JL", "topics": ["3. \u00e1fangi \u00ed efnafr\u00e6\u00f0i \u00e1 n\u00e1tt\u00faruv\u00edsindabraut", "jafnv\u00e6gi", "lofttegundir", "oxun og afoxun"]}, {"abbreviation": "L\u00cd", "topics": ["l\u00edfr\u00e6n- og l\u00edfefnafr\u00e6\u00f0i"]}, {"abbreviation": "CA", "topics": ["almenn efnafr\u00e6\u00f0i", "\u00e1framhald"]}, {"abbreviation": "BA", "topics": ["almenn efnafr\u00e6\u00f0i", "framhald"]}, {"abbreviation": "AK", "topics": ["inngagnur a\u00f0 efnafr\u00e6\u00f0i"]}, {"abbreviation": "IE", "topics": ["inngangur a\u00f0 efnafr\u00e6\u00f0i"]}, {"abbreviation": "FE", "topics": ["framhalds\u00e1fangi \u00ed efnafr\u00e6\u00f0i"]}, {"abbreviation": "LV", "topics": ["lokaverkefni"]}, {"abbreviation": "RL", "topics": ["lotubundnir eiginleikar", "rafefnafr\u00e6\u00f0i og kjarnaefnafr\u00e6\u00f0i"]}, {"abbreviation": "KE", "topics": ["a\u00f0sto\u00f0 vi\u00f0 kennslu 1. bekkjar nema \u00e1 n\u00e1tt\u00faruv\u00edsindabraut. framhalds\u00e1fangi \u00ed efnafr\u00e6\u00f0i \u00e1 n\u00e1tt\u00faruv\u00edsindabraut"]}, {"abbreviation": "EA", "topics": ["byrjunar\u00e1fangi \u00ed efnafr\u00e6\u00f0i \u00e1 n\u00e1tt\u00faruv\u00edsindabraut", "efnasamb\u00f6nd og efnaj\u00f6fnur", "uppbygging at\u00f3ma"]}, {"abbreviation": "EM", "topics": ["efnahv\u00f6rf", "m\u00f3lstyrkur og orka"]}, {"abbreviation": "HE", "topics": ["efnaftengi", "hra\u00f0afr\u00e6\u00f0i og efnafr\u00e6\u00f0i lofttegunda"]}, {"abbreviation": "AA", "topics": ["byrjunar\u00e1fangi \u00ed efnafr\u00e6\u00f0i \u00e1 n\u00e1tt\u00farufr\u00e6\u00f0ibraut"]}, {"abbreviation": "XB", "topics": ["efnahv\u00f6rf", "framhalds\u00e1fangi \u00ed efnafr\u00e6\u00f0i"]}, {"abbreviation": "GE", "topics": ["gasl\u00f6gm\u00e1li\u00f0", "hra\u00f0i efnahvarfa", "orka \u00ed efnahv\u00f6rfum"]}, {"abbreviation": "LM", "topics": ["grunnhugt\u00f6k", "lotukerfi\u00f0", "m\u00f3lhugtaki\u00f0"]}, {"abbreviation": "JA", "topics": ["jafnv\u00e6gi", "\u00f3l\u00edfr\u00e6n efnafr\u00e6\u00f0i"]}, {"abbreviation": "EG", "topics": ["gasl\u00f6gm\u00e1li\u00f0", "hra\u00f0i og orka", "jafnv\u00e6gi", "orka \u00ed efnahv\u00f6rfum"]}, {"abbreviation": "LO", "topics": ["byrjunar\u00e1fangi \u00ed efnafr\u00e6\u00f0i \u00e1 n\u00e1tt\u00farufr\u00e6\u00f0ibraut", "efnasamb\u00f6nd og efnaj\u00f6fnur", "lotukerfi\u00f0", "m\u00f3lhugtaki\u00f0"]}, {"abbreviation": "RA", "topics": ["efnahv\u00f6rf", "rafefnafr\u00e6\u00f0i og kjarnaefnafr\u00e6\u00f0i"]}, {"abbreviation": "EE", "topics": ["at\u00f3m", "efnasamb\u00f6nd og efnahv\u00f6rf", "frumefni"]}, {"abbreviation": "FR", "topics": ["framhalds\u00e1fangi \u00ed almennri efnafr\u00e6\u00f0i"]}, {"abbreviation": "ZZ", "topics": ["Jafnv\u00e6gi", "lofttegundir", "oxun og afoxun"]}, {"abbreviation": "VG", "topics": ["efnatengi", "gastegundir", "lotubundnir eiginleikar frumefna", "l\u00f6gun sameinda", "millisameindakraftar", "rafeindaskipan", "varmaefnafr\u00e6\u00f0i"]}, {"abbreviation": "HJ", "topics": ["hra\u00f0afr\u00e6\u00f0i", "jafnv\u00e6gi", "rafnefnafr\u00e6\u00f0i", "varmaefnafr\u00e6\u00f0i"]}, {"abbreviation": "JR", "topics": ["hra\u00f0afr\u00e6\u00f0i", "jafnv\u00e6gi", "l\u00edfefnafr\u00e6\u00f0i", "l\u00edfr\u00e6n efnafr\u00e6\u00f0i", "millisameindakraftar", "rafefnafr\u00e6\u00f0i", "\u00f3rei\u00f0a og fr\u00edorka efnahvarfa"]}, {"abbreviation": "CB", "topics": ["L\u00edfr\u00e6n efnafr\u00e6\u00f0i"]}, {"abbreviation": "DB", "topics": ["L\u00edfefnafr\u00e6\u00f0i"]}, {"abbreviation": "RS", "topics": ["Rafefnafr\u00e6\u00f0i", "s\u00fdrur og basar"]}, {"abbreviation": "BB", "topics": ["Almenn efnafr\u00e6\u00f0i.  Framhald"]}, {"abbreviation": "AQ", "topics": ["Grunnatri\u00f0i efnafr\u00e6\u00f0innar"]}, {"abbreviation": "LT", "topics": ["L\u00f6gun sameinda og tengi"]}, {"abbreviation": "EJ", "topics": ["Efnajafnv\u00e6gi"]}, {"abbreviation": "RE", "topics": ["Almenn efnafr\u00e6\u00f0i", "l\u00edfefnafr\u00e6\u00f0i", "l\u00edfr\u00e6n efnafr\u00e6\u00f0i", "rafefnafr\u00e6\u00f0i"]}, {"abbreviation": "OL", "topics": ["\u00d3l\u00edfr\u00e6n efnafr\u00e6\u00f0i"]}, {"abbreviation": "ME", "topics": ["at\u00f3mi\u00f0", "efnaj\u00f6fnur", "efnatengi", "m\u00f3lreikningar"]}, {"abbreviation": "EL", "topics": ["efnahv\u00f6rf", "flokkun", "l\u00edfr\u00e6n efni", "nafnakerfi"]}, {"abbreviation": "OH", "topics": ["efnajafnv\u00e6gi", "hvarfhra\u00f0i", "orka", "oxun", "s\u00fdrur"]}, {"abbreviation": "VE", "topics": ["daufar s\u00fdrur", "leysnijafnv\u00e6gi", "oxun", "verklegar \u00e6fingar"]}, {"abbreviation": "ES", "topics": ["Efnaorka", "efnatengi", "lotukerfi", "l\u00f6gun sameinda"]}, {"abbreviation": "EO", "topics": ["efnaferli", "l\u00edfefni", "orkuvinnsluferli"]}, {"abbreviation": "LB", "topics": ["bygging", "efnaferli", "l\u00edfefni", "orkuvinnsluferli"]}, {"abbreviation": "OF", "topics": ["grunn\u00e1fangi \u00ed e\u00f0lis og efnafr\u00e6\u00f0i fyrir opna st\u00fadentsbraut og f\u00e9lagsfr\u00e6\u00f0abraut"]}, {"abbreviation": "GR", "topics": ["Grunn\u00e1fangi \u00ed efnafr\u00e6\u00f0i"]}, {"abbreviation": "AL", "topics": ["Uppbygging at\u00f3msins", "efnatengi", "lotukerfi\u00f0", "m\u00f3lhugtaki\u00f0"]}, {"abbreviation": "SN", "topics": ["efnafr\u00e6\u00f0i snyrtivara", "l\u00edfr\u00e6n efnafr\u00e6\u00f0i", "\u00d3l\u00edfr\u00e6n efnafr\u00e6\u00f0i"]}, {"abbreviation": "GA", "topics": ["Gasl\u00f6gm\u00e1l", "flokkar efnahvarfa", "hlutf\u00f6ll \u00ed efnahv\u00f6rfum", "hra\u00f0i efnahvarfa.", "hvarfavarmi"]}, {"abbreviation": "SB", "topics": ["Efnajafnv\u00e6gi", "fellingar", "rafefnafr\u00e6\u00f0i.", "s\u00fdrur og basar"]}], "_id": "50c0a02dd8e40575f7f6f4f3", "subjects": ["efnafr\u00e6\u00f0i"], "counter": {"1": 4, "3": 32, "2": 35, "4": 0}}, "evaluation": "Verkefni, tilraunask\u00fdrslur og pr\u00f3f sem taka mi\u00f0 af ofangreindum \u00feekkingar-, leikni- og h\u00e6fnivi\u00f0mi\u00f0um.", "categorization_suggestion": "FB", "embedded_topics": {"abbreviation": "GR", "topics": ["Grunn\u00e1fangi \u00ed efnafr\u00e6\u00f0i"]}, "status": "approved by school", "description": "Saga efnafr\u00e6\u00f0innar, \u00fer\u00f3un at\u00f3mkenningar, a\u00f0fer\u00f0afr\u00e6\u00f0i raunv\u00edsinda, at\u00f3m, sameindir, frumefni, efnasamb\u00f6nd, efnabl\u00f6ndur, efnahv\u00f6rf, bruni, rafgreining, \u00e1stand efna, \u00e1standsbreytingar, lausnir, lotukerfi\u00f0, s\u00e6tistala, r\u00f3teindir, rafeindir, at\u00f3mmassi, m\u00e1lmar og m\u00e1lmleysingjar, rafeindaskipan, \u00e1ttureglan, j\u00f3nir, form\u00falur efna, heiti efna, efnaj\u00f6fnur og stilling \u00feeirra, s\u00fdrustig, l\u00edfr\u00e6n efni, helstu flokkar l\u00edfr\u00e6nna efna, bruni l\u00edfr\u00e6nna efna, \u00fer\u00e1virk l\u00edfr\u00e6n efni, lofthj\u00fapur jar\u00f0ar, mengun, aukin gr\u00f3\u00f0urh\u00fasa\u00e1hrif, au\u00f0lindir jar\u00f0ar, ferskvatn, s\u00fart regn, s\u00fdrustig sj\u00e1var, m\u00e1lmar, neysla, hagv\u00f6xtur, vistspor, sj\u00e1lfb\u00e6rni. Leitast er vi\u00f0 a\u00f0 tengja sum vi\u00f0fangsefni \u00e1fangans vi\u00f0 sj\u00e1lfb\u00e6rni, heilbrig\u00f0i og velfer\u00f0.  ", "knowledge_goals": ["uppruna og s\u00f6gu efnafr\u00e6\u00f0innar", "a\u00f0fer\u00f0afr\u00e6\u00f0i raunv\u00edsinda", "uppbyggingu at\u00f3ma, sameinda og j\u00f3na", "flokkun efna \u00ed frumefni, efnasamb\u00f6nd og efnabl\u00f6ndur", "uppbyggingu lotukerfisins og hva\u00f0a uppl\u00fdsingar m\u00e1 lesa \u00far \u00fev\u00ed", "form\u00falum og heitum einfaldra efna", "efnahv\u00f6rfum og efnaj\u00f6fnum", "megineinkennum l\u00edfr\u00e6nna efna", "au\u00f0lindum jar\u00f0ar og n\u00fdtingu \u00feeirra", "helstu mengunarvandam\u00e1lum mannkyns og sj\u00e1lfb\u00e6rni"], "skills_goals": ["greina \u00e1 milli v\u00edsindalegra kenninga og \u00f3v\u00edsindalegra", "lesa uppl\u00fdsingar \u00fat \u00far lotukerfinu", "\u00fatsk\u00fdra uppbyggingu at\u00f3ma, sameinda og j\u00f3na", "flokka efni \u00ed frumefni, efnasamb\u00f6nd og efnabl\u00f6ndur", "t\u00falka efnaj\u00f6fnur, stilla \u00fe\u00e6r og setja \u00ed samhengi vi\u00f0 efnahv\u00f6rf", "\u00feekkja l\u00edfr\u00e6n efni og mikilv\u00e6gi \u00feeirra", "\u00fatsk\u00fdra mengunarvandam\u00e1l jar\u00f0arb\u00faa og hva\u00f0 er til r\u00e1\u00f0a", "gera einfaldar tilraunir og setja fram ni\u00f0urst\u00f6\u00f0ur og \u00e1lyktanir", "leita uppl\u00fdsinga \u00e1 netinu"], "credits": 3, "last_modified": 1430904811.333422, "schools": ["51234a818caa45ed97015b35"], "coauthors": null, "instructions": "", "continued_education": false, "level": 2, "prerequisites": "L\u00e6si, f\u00e6rni til a\u00f0 tj\u00e1 sig \u00ed ritu\u00f0u m\u00e1li, f\u00e6rni til a\u00f0 taka \u00e1byrg\u00f0 \u00e1 n\u00e1mi \u00ed framhaldssk\u00f3la.", "author": "eb770192-613d-4270-bca8-a912861651b0", "abbreviation_version": null, "competence_goals": [["\u00e1tta sig \u00e1 mikilv\u00e6gi efnafr\u00e6\u00f0i\u00feekkingar \u00ed n\u00fat\u00edmasamf\u00e9lagi", ""], ["r\u00f6kr\u00e6\u00f0a \u00e1litam\u00e1l er var\u00f0a mengun, loftslagsm\u00e1l og n\u00fdtingu n\u00e1tt\u00faruau\u00f0linda og setja \u00ed samhengi vi\u00f0 heilbrig\u00f0i og velfer\u00f0", ""], ["\u00e1tta sig \u00e1 mikilv\u00e6gi sj\u00e1lfb\u00e6rni", ""], ["\u00e1tta sig \u00e1 aflei\u00f0ingum endalauss hagvaxtar", ""]], "_id": "5549dfeb62933a2b9f001218"}, {"exemplary": null, "topics": "E\u00f0lisfr\u00e6\u00f0i og umhverfi\u00f0", "abbreviation": "E\u00d0LI2EU03(FB)", "former_schools": null, "subject": "e\u00f0lisfr\u00e6\u00f0i", "title": "E\u00f0lisfr\u00e6\u00f0i og umhverfi\u00f0", "version": 40, "status_trans": "Sam\u00feykkt af sk\u00f3la", "embedded_subject": {"abbreviation": "E\u00d0LI", "topics": [{"abbreviation": "HK", "topics": ["hreyfing", "kraftar"]}, {"abbreviation": "SG", "topics": ["geislun", "mannsl\u00edkaminn", "sn\u00faningur"]}, {"abbreviation": "RR", "topics": ["rafsegulfr\u00e6\u00f0i og rennsli v\u00f6kva og lofts"]}, {"abbreviation": "NE", "topics": ["n\u00fat\u00edmae\u00f0lisfr\u00e6\u00f0i"]}, {"abbreviation": "RB", "topics": ["bylgjur og hreyfing", "raffr\u00e6\u00f0i"]}, {"abbreviation": "GR", "topics": ["grunn\u00e1fangi \u00ed e\u00f0lisfr\u00e6\u00f0i \u00e1 n\u00e1tt\u00faruv\u00edsindabraut"]}, {"abbreviation": "H\u00de", "topics": ["hlj\u00f3\u00f0", "hringhreyfing og \u00feyngdarsvi\u00f0", "skri\u00f0\u00feungi", "sveiflur og bylgjur", "v\u00f6kvar"]}, {"abbreviation": "AX", "topics": ["at\u00f3m- og kjarne\u00f0lisfr\u00e6\u00f0i"]}, {"abbreviation": "HR", "topics": ["hreyfifr\u00e6\u00f0i"]}, {"abbreviation": "HS", "topics": ["bylgjue\u00f0li lj\u00f3ss", "hiti og kvikfr\u00e6\u00f0i", "lj\u00f3sgeislafr\u00e6\u00f0i", "sn\u00faningshreyfing og sj\u00e1lfvali\u00f0 e\u00f0lisfr\u00e6\u00f0iefni", "varmi"]}, {"abbreviation": "RS", "topics": ["rafsegulfr\u00e6\u00f0i"]}, {"abbreviation": "AF", "topics": ["aflfr\u00e6\u00f0i"]}, {"abbreviation": "BR", "topics": ["bylgur", "raffr\u00e6\u00f0i"]}, {"abbreviation": "G\u00c1", "topics": ["grunn\u00e1fangi"]}, {"abbreviation": "BV", "topics": ["bylgjur", "varmafr\u00e6\u00f0i"]}, {"abbreviation": "RA", "topics": ["rafsegulsfr\u00e6\u00f0i"]}, {"abbreviation": "AY", "topics": ["yfirlits\u00e1fangi"]}, {"abbreviation": "AA", "topics": ["afst\u00e6\u00f0iskenning og aflfr\u00e6\u00f0i"]}, {"abbreviation": "BS", "topics": ["stjarne\u00f0lisfr\u00e6\u00f0i"]}, {"abbreviation": "BY", "topics": ["byrjunar\u00e1fangi \u00ed e\u00f0lisfr\u00e6\u00f0i fyrir n\u00e1tt\u00faruv\u00edsindabraut"]}, {"abbreviation": "AB", "topics": ["aflfr\u00e6\u00f0i og bylgjur"]}, {"abbreviation": "AK", "topics": ["aflfr\u00e6\u00f0i", "geislun", "lj\u00f3s", "rafmagn", "stj\u00f6rnufr\u00e6\u00f0i", "varmafr\u00e6\u00f0i"]}, {"abbreviation": "LA", "topics": ["aflfr\u00e6\u00f0i", "lj\u00f3s"]}, {"abbreviation": "VB", "topics": ["bylgjur og hreyfing", "varmafr\u00e6\u00f0i"]}, {"abbreviation": "AS", "topics": ["at\u00f3m- og kjarne\u00f0lisfr\u00e6\u00f0i", "stj\u00f6rnufr\u00e6\u00f0i"]}, {"abbreviation": "RF", "topics": ["raffr\u00e6\u00f0i", "rafsegulsfr\u00e6\u00f0i"]}, {"abbreviation": "AT", "topics": ["aflfr\u00e6\u00f0i", "afst\u00e6\u00f0iskenning og aflfr\u00e6\u00f0i"]}, {"abbreviation": "AH", "topics": ["Aflfr\u00e6\u00f0i", "afst\u00e6\u00f0iskenningin og sj\u00e1lfvali\u00f0 e\u00f0lisfr\u00e6\u00f0iefni", "hiti og kvikfr\u00e6\u00f0i", "varmi"]}, {"abbreviation": "AV", "topics": ["Afl- og varmafr\u00e6\u00f0i"]}, {"abbreviation": "VA", "topics": ["Val\u00e1fangi", "yfirlits\u00e1fangi"]}, {"abbreviation": "EF", "topics": ["Framhalds\u00e1fangi \u00ed e\u00f0lisfr\u00e6\u00f0i"]}, {"abbreviation": "SB", "topics": ["Sveifluhreyfing og bylgjur", "raffr\u00e6\u00f0i og lj\u00f3sfr\u00e6\u00f0i", "varmafr\u00e6\u00f0i"]}, {"abbreviation": "RM", "topics": ["E\u00f0lisfr\u00e6\u00f0i: Rafmagna\u00f0ur \u00e1fangi"]}, {"abbreviation": "BL", "topics": ["Bylgjur og lj\u00f3s"]}, {"abbreviation": "KA", "topics": ["Klass\u00edsk aflfr\u00e6\u00f0i"]}, {"abbreviation": "SH", "topics": ["Sveiflufr\u00e6\u00f0i og hringhreyfing"]}, {"abbreviation": "AR", "topics": ["bylgjur", "grunnatri\u00f0i aflfr\u00e6\u00f0i", "lj\u00f3sfr\u00e6\u00f0i", "rafr\u00e1sir", "rafst\u00f6\u00f0ufr\u00e6\u00f0i"]}, {"abbreviation": "IA", "topics": ["bylgjur", "inngangur a\u00f0 aflfr\u00e6\u00f0i", "rafr\u00e1sir", "rafst\u00f6\u00f0ufr\u00e6\u00f0i"]}, {"abbreviation": "SN", "topics": ["n\u00fat\u00edmae\u00f0lisfr\u00e6\u00f0i", "rafsegulfr\u00e6\u00f0i", "\u00feyngdarl\u00f6gm\u00e1li\u00f0 og aflfr\u00e6\u00f0i sn\u00fanings"]}, {"abbreviation": "KN", "topics": ["framhalds\u00e1fangi \u00ed aflfr\u00e6\u00f0i", "inngangur a\u00f0 rafsegulfr\u00e6\u00f0i", "n\u00fat\u00edmae\u00f0lisfr\u00e6\u00f0i"]}, {"abbreviation": "BB", "topics": ["Bylgjur og rafmagn"]}, {"abbreviation": "CA", "topics": ["Aflfr\u00e6\u00f0i og afst\u00e6\u00f0iskenning"]}, {"abbreviation": "CG", "topics": ["At\u00f3m og kjarne\u00f0lisfr\u00e6\u00f0i"]}, {"abbreviation": "CV", "topics": ["Yfirlits og verkefna\u00e1fangi"]}, {"abbreviation": "AQ", "topics": ["Hreyfing", "aflfr\u00e6\u00f0i", "lj\u00f3s", "rafmagn og stj\u00f6rnufr\u00e6\u00f0i"]}, {"abbreviation": "DL", "topics": ["E\u00f0lisfr\u00e6\u00f0i hins daglega l\u00edfs"]}, {"abbreviation": "EN", "topics": ["E\u00f0lisfr\u00e6\u00f0i grunn\u00e1fangi fyrir n\u00e1tt\u00farufr\u00e6\u00f0ibraut"]}, {"abbreviation": "ER", "topics": ["E\u00f0lisfr\u00e6\u00f0i II", "grunn\u00e1fangi \u00ed rafmagnsfr\u00e6\u00f0i og bylgjufr\u00e6\u00f0i"]}, {"abbreviation": "DS", "topics": ["E\u00f0lisfr\u00e6\u00f0i hins daglega l\u00edfs", "s\u00ed\u00f0ari hluti"]}, {"abbreviation": "RL", "topics": ["E\u00f0lisfr\u00e6\u00f0i III", "framhalds\u00e1fangi fyrir n\u00e1tt\u00farufr\u00e6\u00f0ibraut"]}, {"abbreviation": "VE", "topics": ["heimildavinna", "ranns\u00f3knir", "verkefnae\u00f0lisfr\u00e6\u00f0i"]}, {"abbreviation": "LI", "topics": ["e\u00f0lisfr\u00e6\u00f0i", "l\u00edffr\u00e6\u00f0i"]}, {"abbreviation": "RE", "topics": ["Rafeindir", "r\u00f3teindir", "straumur og spenna"]}, {"abbreviation": "AO", "topics": ["aflfr\u00e6\u00f0i", "hreyfifr\u00e6\u00f0i", "kraftur", "orka"]}, {"abbreviation": "SR", "topics": ["rafalar", "raffr\u00e6\u00f0i", "segulsvi\u00f0"]}, {"abbreviation": "HM", "topics": ["Hreyfifr\u00e6\u00f0i", "aflfr\u00e6\u00f0i og lj\u00f3s", "m\u00e6lieiningar"]}, {"abbreviation": "HA", "topics": ["Hreyfifr\u00e6\u00f0i", "aflfr\u00e6\u00f0i", "lj\u00f3s", "m\u00e6lieiningar"]}, {"abbreviation": "HB", "topics": ["gasl\u00f6gm\u00e1li\u00f0", "hringhreyfing", "sveiflur og bylgjur", "varmafr\u00e6\u00f0i", "\u00feyngdarl\u00f6gm\u00e1li\u00f0"]}, {"abbreviation": "OF", "topics": ["E\u00f0lisfr\u00e6\u00f0i - grunn\u00e1fangi fyrir opna st\u00fadentsbraut og f\u00e9lagsfr\u00e6\u00f0abraut"]}, {"abbreviation": "EU", "topics": ["E\u00f0lisfr\u00e6\u00f0i og umhverfi\u00f0"]}, {"abbreviation": "VK", "topics": ["Varmafr\u00e6\u00f0i", "hringhreyfing", "kasthreyfing", "sn\u00faningur", "sveifluhreyfing og bylgjur"]}, {"abbreviation": "LR", "topics": ["Lj\u00f3sgeislafr\u00e6\u00f0i", "rafhle\u00f0slur", "rafkraftar og r\u00e1safr\u00e6\u00f0i", "segulsvi\u00f0 og segulkraftar"]}, {"abbreviation": "ST", "topics": ["S\u00f3lkerfi\u00f0", "stj\u00f6rnur", "s\u00f3lin"]}], "_id": "50c0a02dd8e40575f7f6f4df", "subjects": ["e\u00f0lisfr\u00e6\u00f0i"], "counter": {"1": 2, "3": 38, "2": 39, "4": 1}}, "evaluation": "Fj\u00f6lbreytt verkefnavinna \u00ed t\u00edmum og einkunn gefin fyrir verkefnahefti. Tilraunir og verkefni \u00far \u00feeim, annarpr\u00f3f og/e\u00f0a lokapr\u00f3f.  Einnig er \u00e1stundun og virkni nemenda \u00ed t\u00edmum metin til einkunnar. \nNemendur vinna b\u00e6\u00f0i sj\u00e1lfst\u00e6tt og \u00ed h\u00f3pum og l\u00f6g\u00f0 er \u00e1hersla \u00e1 sj\u00e1lfst\u00e6\u00f0 vinnubr\u00f6g\u00f0 og virkni \u00ed t\u00edmum.", "categorization_suggestion": "FB", "embedded_topics": {"abbreviation": "EU", "topics": ["E\u00f0lisfr\u00e6\u00f0i og umhverfi\u00f0"]}, "status": "approved by school", "description": "\u00cd \u00feessum \u00e1fanga er l\u00f6g\u00f0 \u00e1hersla a\u00f0 kenna mikilv\u00e6g grunnatri\u00f0i \u00feessarar n\u00e1msgreinar og tengja vi\u00f0 daglegt l\u00edf og umhverfi okkar, b\u00e6\u00f0i me\u00f0 j\u00f6fnum og \u00fatreikningum sem og skilningi hugtaka og l\u00f6gm\u00e1la. S\u00e9rst\u00f6k \u00e1hersla er \u00e1 orku og orkum\u00e1l:  st\u00f6\u00f0u- og hreyfiorku, varmaorku, br\u00e6\u00f0slu og uppgufun, \u00e1standsbreytingar, kjarnorku, innri orku jar\u00f0ar  og orku s\u00f3lar. \u00deessi atri\u00f0i eru tengd saman og s\u00fdnt fram \u00e1 mikilv\u00e6gi \u00feeirra fyrir daglegt l\u00edf okkar. Helstu atri\u00f0in eru: virkjanam\u00e1l, vatnsaflsvirkjanir og jar\u00f0varmavirkjanir og samanbur\u00f0ur vi\u00f0  kjarnorku. \u00c1grip af virkjanas\u00f6gu okkar. Sj\u00e1lfb\u00e6rni \u00ed orku- og umhverfism\u00e1lum. Orkub\u00faskapur jar\u00f0ar, varma\u00fatgeislun jar\u00f0ar og gr\u00f3\u00f0urh\u00fasa\u00e1hrif, rafsegulbylgjur, geislun s\u00f3lar og orkuuppspretta hennar. \u00d3sonlagi\u00f0 og myndun/ey\u00f0ing \u00feess, hl\u00fdnun jar\u00f0ar og m\u00f6gulegar aflei\u00f0ingar. ", "knowledge_goals": ["grunnhugt\u00f6kum, einingakerfinu og t\u00e1knum greinar.", "vi\u00f0fangsefnum greinarinnar og mikilv\u00e6gi \u00feeirra fyrir l\u00edf \u00ed n\u00fat\u00edmasamf\u00e9lagi", "hra\u00f0a og hr\u00f6\u00f0un og geti tengt t.d. vi\u00f0 s\u00f3lkerfi\u00f0", "\u00feyngdarkraftinum og hvernig hann verkar \u00e1 okkur", "\u00feyngdarkraftinum og verkan hans \u00ed s\u00f3lkerfinu", "mikilv\u00e6gi st\u00f6\u00f0uorkunnar og tengsl vi\u00f0 \u00feyngdarkraftinn", "hvernig raforkuframlei\u00f0sla fer fram \u00ed virkjun", "hvernig orka s\u00f3lar myndast og berst til jar\u00f0ar", "hva\u00f0a orkuform eru n\u00fdtanleg h\u00e9r \u00e1 landi, mikilv\u00e6gi \u00feeirra og hva\u00f0a \u00e1hrif n\u00fdting hefur \u00e1 umhverfi\u00f0", "vistv\u00e6nni orku og framt\u00ed\u00f0arm\u00f6guleikum okkar  \u00ed orkum\u00e1lum", "helstu atri\u00f0um um kjarnorku og h\u00e6ttur samfara n\u00fdtingu hennar", "helstu tegundum geislunar og h\u00e6ttum fyrir manninn"], "skills_goals": ["vinna me\u00f0 j\u00f6fnur og l\u00f6gm\u00e1l \u00e1fangans", "vinna me\u00f0 einingar og grunnhugt\u00f6k", "vinna vi\u00f0 framkv\u00e6md og \u00farvinnslu einfaldra tilrauna", "meta hvort ni\u00f0ursta\u00f0a verkefnis s\u00e9 raunh\u00e6f e\u00f0a ekki", "skilja mismunandi orkumyndir, hvernig \u00fe\u00e6r ver\u00f0a til  og hugsanlega tengjast", "tengja n\u00e1msefni \u00e1fangans vi\u00f0 umhverfi sitt", "lesa \u00ed og r\u00e6\u00f0a einf\u00f6ld samb\u00f6nd og tengja milli efnis\u00fe\u00e1tta"], "credits": 3, "last_modified": 1430918521.089391, "schools": ["51234a818caa45ed97015b35"], "coauthors": null, "instructions": "", "continued_education": false, "level": 2, "prerequisites": "5 fein \u00ed st\u00e6r\u00f0fr\u00e6\u00f0i \u00e1 2. \u00ferepi", "author": "eb770192-613d-4270-bca8-a912861651b0", "abbreviation_version": null, "competence_goals": [["tengja vi\u00f0 \u00fea\u00f0 sem \u00e1\u00f0ur var l\u00e6rt \u00ed reikningi", ""], ["\u00e1lykta um hva\u00f0a l\u00f6gm\u00e1l eru a\u00f0 verki vi\u00f0 \u00e1kve\u00f0nar a\u00f0st\u00e6\u00f0ur", ""], ["setja upp verkefni og b\u00e6\u00f0i greina \u00fea\u00f0 og leysa", ""], ["geta s\u00e9\u00f0 mikilv\u00e6gi n\u00e1msefnis \u00e1fangans fyrir umhverfi sitt og j\u00f6r\u00f0ina", ""], ["sj\u00e1 hvernig fram\u00fer\u00f3un v\u00edsinda fer fram \u00fat fr\u00e1 \u00e1kve\u00f0num d\u00e6mum", ""], ["tengja n\u00e1msefni \u00e1fangans vi\u00f0 umhverfi sitt og daglegt l\u00edf", ""], ["mi\u00f0la ni\u00f0urst\u00f6\u00f0u \u00far verkefni \u00ed h\u00f3pvinnu t.d. me\u00f0 greinarger\u00f0 e\u00f0a munnlegri frams\u00f6gn", ""], ["geta lesi\u00f0 bla\u00f0agreinar um m\u00e1lefni sem var\u00f0a framt\u00ed\u00f0 okkar og n\u00fdta s\u00e9r vi\u00f0 \u00fea\u00f0 \u00feekkingu s\u00edna \u00far \u00e1fanganum", ""], ["taka \u00fe\u00e1tt \u00ed umr\u00e6\u00f0um um orku- og umhverfism\u00e1l", ""]], "_id": "554a157962933a2b9f0012bc"}, {"exemplary": null, "topics": "Grunnatri\u00f0i \u00ed jar\u00f0fr\u00e6\u00f0i, kortager\u00f0 og \u00e1hrif manns \u00e1 umhverfi", "abbreviation": "JAR\u00d01GJ03(FB)", "former_schools": null, "subject": "jar\u00f0fr\u00e6\u00f0i", "title": "Grunn\u00e1fangi \u00ed jar\u00f0fr\u00e6\u00f0i", "version": 8, "status_trans": "Sam\u00feykkt af sk\u00f3la", "embedded_subject": {"abbreviation": "JAR\u00d0", "topics": [{"abbreviation": "AJ", "topics": ["almenn jar\u00f0fr\u00e6\u00f0i"]}, {"abbreviation": "J\u00cd", "topics": ["jar\u00f0fr\u00e6\u00f0i \u00edslands"]}, {"abbreviation": "JS", "topics": ["jar\u00f0saga"]}, {"abbreviation": "FH", "topics": ["grunn\u00e1fangi \u00ed n\u00e1tt\u00faruv\u00edsindum fyrir f\u00e9lags- og hugv\u00edsindadeild"]}, {"abbreviation": "KJ", "topics": ["almenn jar\u00f0saga", "jar\u00f0skorpuhreyfingar", "landrek o.fl", "myndun kviku og bergfr\u00e6\u00f0i"]}, {"abbreviation": "\u00daV", "topics": ["\u00fativist og umhverfissko\u00f0un"]}, {"abbreviation": "JH", "topics": ["jar\u00f0saga og jar\u00f0lagafr\u00e6\u00f0i"]}, {"abbreviation": "VH", "topics": ["ve\u00f0ur og haffr\u00e6\u00f0i"]}, {"abbreviation": "JV", "topics": ["jar\u00f0v\u00edsindi"]}, {"abbreviation": "NV", "topics": ["n\u00e1tt\u00faruv\u00e1r og n\u00e1tt\u00faruhamfarir"]}, {"abbreviation": "PL", "topics": ["pl\u00e1netufr\u00e6\u00f0i"]}, {"abbreviation": "JF", "topics": ["innr\u00e6n og utr\u00e6n ferli jar\u00f0ar"]}, {"abbreviation": "JJ", "topics": ["jar\u00f0saga og jar\u00f0lagafr\u00e6\u00f0i", "jar\u00f0skorpuhreyfingar"]}, {"abbreviation": "VV", "topics": ["haffr\u00e6\u00f0i", "j\u00f6klafr\u00e6\u00f0i", "loftslagsfr\u00e6\u00f0i", "vatn", "ve\u00f0ur"]}, {"abbreviation": "I\u00d6", "topics": ["innr\u00e6n \u00f6fl", "jar\u00f0fr\u00e6\u00f0i \u00edslands"]}, {"abbreviation": "IY", "topics": ["innr\u00e6n \u00f6fl", "jar\u00f0fr\u00e6\u00f0i \u00edslands", "ytri \u00f6fl"]}, {"abbreviation": "HS", "topics": ["haf\u00eds", "loftslagsfr\u00e6\u00f0i", "sj\u00e1varstraumar", "ve\u00f0ur- og haffr\u00e6\u00f0i", "ve\u00f0urfarsbreytingar", "ve\u00f0urfarsleg fyrirbrig\u00f0i"]}, {"abbreviation": "IJ", "topics": ["bergtegundir og greining steinda", "eldst\u00f6\u00f0var og eldst\u00f6\u00f0vakerfi", "eldvirkni", "innr\u00e6n og \u00fatr\u00e6n \u00f6fl", "jar\u00f0fr\u00e6\u00f0i \u00edslands"]}, {"abbreviation": "SJ", "topics": ["aldursgreiningar", "breytingar \u00e1 landaskipan  og l\u00edfr\u00edki", "jar\u00f0lagafr\u00e6\u00f0i", "jar\u00f0saga", "jar\u00f0saga \u00edslands", "jar\u00f0s\u00f6gutaflan", "steingervingar"]}, {"abbreviation": "EV", "topics": ["Eldvirkni"]}, {"abbreviation": "JK", "topics": ["Jar\u00f0fr\u00e6\u00f0i \u00cdslands og kortalestur"]}, {"abbreviation": "AU", "topics": ["Jar\u00f0fr\u00e6\u00f0i", "au\u00f0lindafr\u00e6\u00f0i"]}, {"abbreviation": "V\u00c1", "topics": ["Verkefna\u00e1fangi"]}, {"abbreviation": "AA", "topics": ["Almenn hnattr\u00e6n jar\u00f0fr\u00e6\u00f0i"]}, {"abbreviation": "BB", "topics": ["Almenn jar\u00f0fr\u00e6\u00f0i"]}, {"abbreviation": "BP", "topics": ["Pl\u00e1netufr\u00e6\u00f0i"]}, {"abbreviation": "BN", "topics": ["N\u00e1tt\u00faruv\u00e1 og n\u00e1tt\u00faruhamfarir"]}, {"abbreviation": "CS", "topics": ["Jar\u00f0saga"]}, {"abbreviation": "LV", "topics": ["j\u00f6r\u00f0in", "lofthj\u00fa\u00f0ur", "loftslag", "ve\u00f0urfar"]}, {"abbreviation": "UE", "topics": ["", "l\u00edfhvel", "umhverfise\u00f0lisfr\u00e6\u00f0i"]}, {"abbreviation": "ES", "topics": ["Jar\u00f0kerfisfr\u00e6\u00f0i"]}, {"abbreviation": "SF", "topics": ["Stj\u00f6rnufr\u00e6\u00f0i"]}, {"abbreviation": "EJ", "topics": ["bergtegundir", "eldst\u00f6\u00f0vakerfi", "flekakenningin", "jar\u00f0skj\u00e1lftar"]}, {"abbreviation": "J\u00de", "topics": ["jar\u00f0varmi", "kortager\u00f0", "\u00fatr\u00e6n \u00f6fl", "\u00feversni\u00f0"]}, {"abbreviation": "A\u00cd", "topics": ["Almenn jar\u00f0fr\u00e6\u00f0i \u00cdslands"]}, {"abbreviation": "JA", "topics": ["almenn jar\u00f0fr\u00e6\u00f0i", "grunn\u00e1fangi fyrir n\u00e1tt\u00farufr\u00e6\u00f0ibraut"]}, {"abbreviation": "GJ", "topics": ["Grunnatri\u00f0i \u00ed jar\u00f0fr\u00e6\u00f0i", "kortager\u00f0 og \u00e1hrif manns \u00e1 umhverfi"]}, {"abbreviation": "JM", "topics": ["Almenn jar\u00f0fr\u00e6\u00f0i", "myndun og m\u00f3tun lands"]}], "_id": "50c0a02dd8e40575f7f6f496", "subjects": ["jar\u00f0fr\u00e6\u00f0i"], "counter": {"1": 7, "3": 6, "2": 33, "4": 0}}, "evaluation": "N\u00e1msmati\u00f0 tekur mi\u00f0 af \u00feekkingar- leikni og h\u00e6fnivi\u00f0mi\u00f0um \u00e1fangans me\u00f0  fj\u00f6lbreyttum verkefnum, vettvangsfer\u00f0um, fyrirlestrum,  h\u00f3pverkefnum, skyndipr\u00f3fum og/e\u00f0a lokapr\u00f3fi.", "categorization_suggestion": "FB", "embedded_topics": {"abbreviation": "GJ", "topics": ["Grunnatri\u00f0i \u00ed jar\u00f0fr\u00e6\u00f0i", "kortager\u00f0 og \u00e1hrif manns \u00e1 umhverfi"]}, "status": "approved by school", "description": "\u00c1fanginn er grunn\u00e1fangi \u00ed jar\u00f0fr\u00e6\u00f0i og \u00ed honum er unni\u00f0 a\u00f0 \u00fev\u00ed a\u00f0 skapa \u00feekkingu \u00e1 \u00feeim ferlum sem virka ofan- og ne\u00f0anjar\u00f0ar. Fr\u00e6\u00f0ileg umfj\u00f6llun greinarinnar ver\u00f0ur tengd vi\u00f0 \u00feau ummerki sem eru s\u00fdnileg \u00ed landslaginu \u00ed n\u00e1grenninu og jar\u00f0fr\u00e6\u00f0in \u00feannig notu\u00f0 til a\u00f0 skapa \u00e1huga og skilning \u00e1 umhverfinu, sj\u00e1lfb\u00e6rni og notagildi jar\u00f0fr\u00e6\u00f0i \u00ed leik og starfi. Fari\u00f0 ver\u00f0ur \u00ed kort og kortager\u00f0 og notkun kortagagna sem hj\u00e1lpart\u00e6kis \u00ed n\u00e1tt\u00faruv\u00edsindum.  Fjalla\u00f0 ver\u00f0ur um innri ger\u00f0 jar\u00f0ar, landrekskenninguna, mismunandi flekam\u00f3t og m\u00f6ttulstr\u00f3ka og \u00ed tengslum vi\u00f0 \u00fea\u00f0 uppt\u00f6k jar\u00f0skj\u00e1lfta og eldvirkni \u00e1 j\u00f6r\u00f0inni.  Jar\u00f0varmasv\u00e6\u00f0i \u00e1 \u00cdslandi ver\u00f0a sko\u00f0u\u00f0, skipting \u00feeirra \u00ed l\u00e1ghita- og h\u00e1hitasv\u00e6\u00f0i og n\u00fdting \u00feeirra.  Fari\u00f0 ver\u00f0ur \u00ed \u00fe\u00e1 \u00fe\u00e6tti jar\u00f0fr\u00e6\u00f0innar sem flokkast til \u00fatr\u00e6nna afla eins og  grunnvatn og fallv\u00f6tn, n\u00fdtingu \u00feeirra  og mikilv\u00e6gi fyrir mannkyni\u00f0.  \u00de\u00e1 er l\u00f6g\u00f0 \u00e1hersla \u00e1 vatn sem rofafl, b\u00e6\u00f0i \u00e1rrof og j\u00f6kulrof, og \u00feau ummerki sem rofi\u00f0 skilur eftir sig.  \u00cd gegnum allan \u00e1fangann ver\u00f0a \u00e1hrif manns \u00e1 n\u00e1tt\u00faru jar\u00f0ar sko\u00f0u\u00f0.", "knowledge_goals": ["notkun korta", "innri ger\u00f0 jar\u00f0ar og \u00e1hrifum \u00feeirra afla sem \u00fear eiga s\u00e9r sta\u00f0", "\u00fatr\u00e6num \u00f6flum, \u00e1hrifum \u00feeirra, aflei\u00f0ingum og n\u00fdtingu", "mikilv\u00e6gi vatns fyrir mannkyni\u00f0"], "skills_goals": ["lesa kort og teikna \u00feversni\u00f0", "beita grunnhugt\u00f6kum jar\u00f0fr\u00e6\u00f0innar", "sta\u00f0setja og \u00fatsk\u00fdra jar\u00f0fr\u00e6\u00f0ilega atbur\u00f0i vegna innr\u00e6nna og \u00fatr\u00e6nna afla", "afla s\u00e9r uppl\u00fdsinga um \u00fdmis jar\u00f0fr\u00e6\u00f0ileg vi\u00f0fangsefni"], "credits": 3, "last_modified": 1430837170.324091, "schools": ["51234a818caa45ed97015b35"], "coauthors": null, "instructions": "", "continued_education": false, "level": 1, "prerequisites": "", "author": "eb770192-613d-4270-bca8-a912861651b0", "abbreviation_version": null, "competence_goals": [["tengja undirst\u00f6\u00f0u\u00feekkingu \u00ed jar\u00f0fr\u00e6\u00f0i vi\u00f0 daglegt l\u00edf og umhverfi", ""], ["mynda s\u00e9r sko\u00f0un um \u00fdmis \u00e1litam\u00e1l sem koma upp var\u00f0andi n\u00fdtingu n\u00e1tt\u00farunnar", ""], ["tj\u00e1 sig um og mi\u00f0la til annarra uppl\u00fdsingum sem var\u00f0a hin \u00fdmsu jar\u00f0fr\u00e6\u00f0ilegu m\u00e1lefni", ""], ["\u00fatsk\u00fdra og svara spurningum um jar\u00f0fr\u00e6\u00f0ileg m\u00e1lefni", ""]], "_id": "5548d7b262933a2b9f000ea7"}, {"exemplary": null, "topics": "Grunn\u00e1fangi \u00ed L\u00edffr\u00e6\u00f0i", "abbreviation": "L\u00cdFF1GL03(FB)", "former_schools": null, "subject": "l\u00edffr\u00e6\u00f0i", "title": "Grunn\u00e1fangi \u00ed l\u00edffr\u00e6\u00f0i", "version": 11, "status_trans": "Sam\u00feykkt af sk\u00f3la", "embedded_subject": {"abbreviation": "L\u00cdFF", "topics": [{"abbreviation": "MA", "topics": ["ma\u00f0urinn"]}, {"abbreviation": "LR", "topics": ["l\u00edfr\u00edki\u00f0"]}, {"abbreviation": "LE", "topics": ["l\u00edfe\u00f0lisfr\u00e6\u00f0i"]}, {"abbreviation": "LL", "topics": ["l\u00edfe\u00f0lisfr\u00e6\u00f0i", "l\u00edff\u00e6rafr\u00e6\u00f0i"]}, {"abbreviation": "EF", "topics": ["erf\u00f0afr\u00e6\u00f0i"]}, {"abbreviation": "VF", "topics": ["vistfr\u00e6\u00f0i"]}, {"abbreviation": "GR", "topics": ["grunn\u00e1fangi \u00ed l\u00edffr\u00e6\u00f0i fyrir n\u00e1tt\u00faruv\u00edsindabraut"]}, {"abbreviation": "GF", "topics": ["grunn\u00e1fangi \u00ed l\u00edffr\u00e6\u00f0i fyrir hug- og f\u00e9lagsv\u00edsindabraut"]}, {"abbreviation": "VE", "topics": ["verkefnal\u00edffr\u00e6\u00f0i"]}, {"abbreviation": "VI", "topics": ["vistfr\u00e6\u00f0in"]}, {"abbreviation": "L\u00cd", "topics": ["l\u00edfe\u00f0lisfr\u00e6\u00f0in"]}, {"abbreviation": "ER", "topics": ["erf\u00f0afr\u00e6\u00f0in"]}, {"abbreviation": "AT", "topics": ["atferlisfr\u00e6\u00f0i"]}, {"abbreviation": "\u00d6R", "topics": ["\u00f6rverufr\u00e6\u00f0i"]}, {"abbreviation": "AL", "topics": ["almenn l\u00edffr\u00e6\u00f0i"]}, {"abbreviation": "LV", "topics": ["lokaverkefni"]}, {"abbreviation": "HE", "topics": ["heilsa mannsins"]}, {"abbreviation": "FR", "topics": ["frumul\u00edffr\u00e6\u00f0i og erf\u00f0afr\u00e6\u00f0i"]}, {"abbreviation": "EL", "topics": ["almenn l\u00edffr\u00e6\u00f0i", "eiginleikar l\u00edfvera"]}, {"abbreviation": "\u00cdS", "topics": ["l\u00edfr\u00edki \u00edslands"]}, {"abbreviation": "VB", "topics": ["bein", "hreyfingarfr\u00e6\u00f0i", "l\u00edff\u00e6rafr\u00e6\u00f0i", "v\u00f6\u00f0var"]}, {"abbreviation": "L\u00de", "topics": ["l\u00edfe\u00f0lisfr\u00e6\u00f0i", "\u00fej\u00e1lffr\u00e6\u00f0i"]}, {"abbreviation": "FA", "topics": ["almenn l\u00edffr\u00e6\u00f0i", "flokkunarfr\u00e6\u00f0i", "frumul\u00edffr\u00e6\u00f0i"]}, {"abbreviation": "VV", "topics": ["Vistfr\u00e6\u00f0i", "vettvangsfer\u00f0ir"]}, {"abbreviation": "LF", "topics": ["L\u00edff\u00e6ri og l\u00edffe\u00f0lisfr\u00e6\u00f0i"]}, {"abbreviation": "UM", "topics": ["Umhverfisfr\u00e6\u00f0i"]}, {"abbreviation": "L\u00c6", "topics": ["l\u00edff\u00e6ra og l\u00edfe\u00f0lisfr\u00e6\u00f0i"]}, {"abbreviation": "GL", "topics": ["Grunn\u00e1fangi \u00ed L\u00edffr\u00e6\u00f0i"]}, {"abbreviation": "VU", "topics": ["vist- og umhverfisfr\u00e6\u00f0i"]}, {"abbreviation": "GD", "topics": ["Grunn\u00e1fangi \u00ed d\u00fdrafr\u00e6\u00f0i", "pl\u00f6ntufr\u00e6\u00f0i"]}, {"abbreviation": "FE", "topics": ["Frumur", "l\u00edkaminn og erf\u00f0ir"]}, {"abbreviation": "UV", "topics": ["Vist-og umhverfisfr\u00e6\u00f0i"]}, {"abbreviation": "LM", "topics": ["L\u00edffr\u00e6\u00f0i mannsins", "efnaskipti og l\u00edff\u00e6rakerfi", "frumur"]}, {"abbreviation": "E\u00de", "topics": ["Erf\u00f0afr\u00e6\u00f0i og \u00fer\u00f3unarfr\u00e6\u00f0i"]}, {"abbreviation": "FL", "topics": ["flokkunarfr\u00e6\u00f0i"]}, {"abbreviation": "ST", "topics": ["Stj\u00f6rnul\u00edfffr\u00e6\u00f0i"]}, {"abbreviation": "V\u00cd", "topics": ["V\u00edsindaleg a\u00f0fer\u00f0 - verkefnal\u00edffr\u00e6\u00f0i"]}, {"abbreviation": "PD", "topics": ["almenn l\u00edffr\u00e6\u00f0i", "d\u00fdr", "pl\u00f6ntur", "\u00f6rverur"]}, {"abbreviation": "AA", "topics": ["Almenn l\u00edffr\u00e6\u00f0i"]}, {"abbreviation": "BB", "topics": ["Almenn l\u00edfe\u00f0lisfr\u00e6\u00f0i"]}, {"abbreviation": "AH", "topics": ["Almenn l\u00edffr\u00e6\u00f0i - hra\u00f0fer\u00f0"]}, {"abbreviation": "BA", "topics": ["Atferlisfr\u00e6\u00f0i"]}, {"abbreviation": "BV", "topics": ["Vistfr\u00e6\u00f0i"]}, {"abbreviation": "CE", "topics": ["Erf\u00f0afr\u00e6\u00f0i"]}, {"abbreviation": "CL", "topics": ["L\u00edff\u00e6ra- og l\u00edfe\u00f0lisfr\u00e6\u00f0i"]}, {"abbreviation": "C\u00d6", "topics": ["\u00d6rverufr\u00e6\u00f0i"]}, {"abbreviation": "DL", "topics": ["L\u00edff\u00e6ra og l\u00edfe\u00f0lisfr\u00e6\u00f0i"]}, {"abbreviation": "DV", "topics": ["Verkefna\u00e1fangi"]}, {"abbreviation": "BU", "topics": ["Umhverfisfr\u00e6\u00f0i."]}, {"abbreviation": "AG", "topics": ["Almenn l\u00edffr\u00e6\u00f0i", "grunn\u00e1fangi \u00e1 n\u00e1tt\u00farufr\u00e6\u00f0ibraut"]}, {"abbreviation": "XY", "topics": ["L\u00edffr\u00e6\u00f0i"]}, {"abbreviation": "LA", "topics": ["Almenn", "l\u00edffr\u00e6\u00f0i"]}, {"abbreviation": "VL", "topics": ["Verkefnal\u00edffr\u00e6\u00f0i"]}, {"abbreviation": "RI", "topics": ["Sj\u00e1lfst\u00e6tt ranns\u00f3knaverkefni \u00ed l\u00edffr\u00e6\u00f0i", "val\u00e1fangi \u00e1 n\u00e1tt\u00farufr\u00e6\u00f0ibraut"]}, {"abbreviation": "D\u00dd", "topics": ["D\u00fdrafr\u00e6\u00f0i", "val\u00e1fangi \u00e1 n\u00e1tt\u00farufr\u00e6\u00f0ibraut"]}, {"abbreviation": "VS", "topics": ["V\u00edsindask\u00e1ldskapur"]}, {"abbreviation": "LK", "topics": ["l\u00edff\u00e6rakerfi mannsins", "l\u00edkamsstarfssemi"]}, {"abbreviation": "SE", "topics": ["breytingar \u00e1 erf\u00f0aefni", "pr\u00f3teinmyndun", "sameindaerf\u00f0afr\u00e6\u00f0i"]}, {"abbreviation": "N\u00c6", "topics": ["aukefni", "n\u00e6ringar\u00fearfir", "orku- og n\u00e6ringarefni"]}, {"abbreviation": "B\u00d6", "topics": ["bakter\u00edur", "helstu vinnubr\u00f6g\u00f0", "\u00f6rverur almennt"]}, {"abbreviation": "LO", "topics": ["Grunn\u00e1fangi \u00ed l\u00edffr\u00e6\u00f0i fyrir opna st\u00fadentsbraut og f\u00e9lagsfr\u00e6\u00f0abraut"]}, {"abbreviation": "UF", "topics": ["Vistfr\u00e6\u00f0i me\u00f0 \u00e1herslu \u00e1 umhverfi nemenda \u00ed v\u00ed\u00f0u samhengi"]}, {"abbreviation": "F\u00de", "topics": ["Frumul\u00edffr\u00e6\u00f0i", "kynfr\u00e6\u00f0sla", "\u00e6xlun og \u00feroskun"]}, {"abbreviation": "ML", "topics": ["", "Menn", "l\u00edfverur"]}, {"abbreviation": "G\u00c1", "topics": ["Grunn\u00e1fangi"]}, {"abbreviation": "E\u00d0", "topics": ["L\u00edfe\u00f0lisfr\u00e6\u00f0i", "frumul\u00edffr\u00e6\u00f0i"]}, {"abbreviation": "HV", "topics": ["Heilsa og vell\u00ed\u00f0an"]}], "_id": "50c0a02dd8e40575f7f6f4ca", "subjects": ["l\u00edffr\u00e6\u00f0i"], "counter": {"1": 10, "3": 32, "2": 50, "4": 2}}, "evaluation": "N\u00e1msmat tekur mi\u00f0 af \u00feekkingar-, leikni- og h\u00e6fnivi\u00f0mi\u00f0um \u00e1fangans og samanstendur af fj\u00f6lbreyttum verkefnum, sk\u00fdrslum, hlutapr\u00f3fum og lokapr\u00f3fi.", "categorization_suggestion": "FB", "embedded_topics": {"abbreviation": "GL", "topics": ["Grunn\u00e1fangi \u00ed L\u00edffr\u00e6\u00f0i"]}, "status": "approved by school", "description": "\u00cd \u00feessum grunn\u00e1fanga \u00ed l\u00edffr\u00e6\u00f0i er fjalla\u00f0 um manninn sem l\u00edfveru, samskipti hans vi\u00f0 a\u00f0rar l\u00edfverur, \u00e1hrif mannsins \u00e1 umhverfi\u00f0 og sj\u00e1lfb\u00e6rni. L\u00edffr\u00e6\u00f0i er tengd daglegu l\u00edfi og \u00e1hugasvi\u00f0i ungs f\u00f3lks. Efnisflokkar: L\u00edffr\u00e6\u00f0in sem fr\u00e6\u00f0igrein, v\u00edsindaleg a\u00f0fer\u00f0. Helstu sameiginleg einkenni l\u00edfvera. Ger\u00f0, bygging og starfsemi mannsl\u00edkamans (frumur, l\u00edff\u00e6ri, l\u00edff\u00e6rakerfi). Kynning \u00e1 erf\u00f0afr\u00e6\u00f0i og erf\u00f0at\u00e6kni. Yfirlit um l\u00edfveruh\u00f3pa me\u00f0 \u00e1herslu \u00e1 hvernig ma\u00f0urinn hefur gagn e\u00f0a ska\u00f0a af mismunandi h\u00f3pum. Vistkerfi, f\u00e6\u00f0uke\u00f0jur, stofnar, samf\u00e9l\u00f6g. \u00c1hrif mannsins \u00e1 umhverfi\u00f0 fyrr og n\u00fa, umhverfism\u00e1l og sj\u00e1lfb\u00e6r \u00fer\u00f3un. Verklegar \u00e6fingar og verkefni mi\u00f0a a\u00f0 \u00fev\u00ed a\u00f0 virkja nemendur, d\u00fdpka \u00feekkingu, auka reynslu og kveikja \u00e1huga \u00e1 vi\u00f0fangsefnum l\u00edffr\u00e6\u00f0innar.", "knowledge_goals": ["grundvallarhugt\u00f6kum l\u00edffr\u00e6\u00f0innar", "v\u00edsindalegri a\u00f0fer\u00f0", "starfsemi og heilbrig\u00f0i mannsl\u00edkamans, erf\u00f0um, samspili \u00ed vistkerfum, helstu einkennum l\u00edfvera og l\u00edfveruh\u00f3pa", "hva\u00f0a gagn og ska\u00f0a ma\u00f0urinn hefur af hinum \u00fdmsu l\u00edfverum", "\u00e1hrifum mannsins \u00e1 umhverfi\u00f0 og lei\u00f0um til sj\u00e1lfb\u00e6rni"], "skills_goals": ["undirb\u00faa sm\u00e1sj\u00e1rs\u00fdni og sko\u00f0a s\u00fdni \u00ed sm\u00e1sj\u00e1", "setja fram tilg\u00e1tur og pr\u00f3fa \u00fe\u00e6r me\u00f0 einf\u00f6ldum tilraunum", "lesa l\u00edffr\u00e6\u00f0ilegan texta, t\u00falka einfaldar myndir og leysa verkefni tengd n\u00e1msefninu", "setja manninn \u00ed samhengi vi\u00f0 n\u00e1tt\u00faru og umhverfi", "\u00fatsk\u00fdra tengsl n\u00e1msefnins vi\u00f0 heilbrigt l\u00edf og sj\u00e1lfb\u00e6ra \u00fer\u00f3un"], "credits": 3, "last_modified": 1430834601.732067, "schools": ["51234a818caa45ed97015b35"], "coauthors": null, "instructions": "", "continued_education": false, "level": 1, "prerequisites": "", "author": "eb770192-613d-4270-bca8-a912861651b0", "abbreviation_version": null, "competence_goals": [["beita skipulegum a\u00f0fer\u00f0um og skr\u00e1ningu vi\u00f0 \u00farlausnir verkefna", ""], ["leggja gr\u00f3ft mat \u00e1 uppl\u00fdsingar sem tengjast l\u00edffr\u00e6\u00f0ilegum vi\u00f0fangsefnum \u00ed samf\u00e9laginu \u00e1 gagnr\u00fdninn h\u00e1tt", ""], ["tengja \u00feekkingu \u00ed l\u00edffr\u00e6\u00f0i vi\u00f0 daglegt l\u00edf og afla s\u00e9r frekari \u00feekkingar \u00e1 l\u00edffr\u00e6\u00f0ilegum vi\u00f0fangsefnum", ""], ["taka uppl\u00fdstar \u00e1kvar\u00f0anir hva\u00f0 var\u00f0ar heilbrigt l\u00edf og umhverfis\u00e1hrif gj\u00f6r\u00f0a sinna", ""]], "_id": "5548cda962933a2b9f000e25"}], "required_credits": 6}], "epoch_created": 1434713758.405833, "package_choice": [{"required_packages": "1", "packages": [{"courses": [{"exemplary": null, "topics": "Byrjunar\u00e1fangi", "abbreviation": "SP\u00c6N1AA05(FB)", "former_schools": null, "subject": "sp\u00e6nska", "title": "Sp\u00e6nska I", "version": 59, "status_trans": "Sam\u00feykkt af sk\u00f3la", "embedded_subject": {"abbreviation": "SP\u00c6N", "topics": [{"abbreviation": "AG", "topics": ["evr\u00f3pski tungum\u00e1laramminn", "grunnur", "stig a1"]}, {"abbreviation": "AF", "topics": ["evr\u00f3pski tungum\u00e1laramminn", "framhald", "stig a1"]}, {"abbreviation": "AU", "topics": ["evr\u00f3pski tungum\u00e1laramminn", "grunnur", "stig a2"]}, {"abbreviation": "AV", "topics": ["evr\u00f3pski tungum\u00e1laramminn", "stig a2", "vi\u00f0b\u00f3t"]}, {"abbreviation": "BG", "topics": ["evr\u00f3pski tungum\u00e1laramminn", "grunnur", "stig b1"]}, {"abbreviation": "TH", "topics": ["hlustun", "lesskilningur og ritun", "tal"]}, {"abbreviation": "OM", "topics": ["hlustun og ritun", "lesskilningur", "menning og saga sp\u00e6nskum\u00e6landi landa", "or\u00f0afor\u00f0i", "tal"]}, {"abbreviation": "GR", "topics": ["grunn\u00e1fangi"]}, {"abbreviation": "ME", "topics": ["menning sp\u00e6nskum\u00e6landi \u00fej\u00f3\u00f0a"]}, {"abbreviation": "FF", "topics": ["fort\u00ed\u00f0", "framt\u00ed\u00f0 og fer\u00f0al\u00f6g"]}, {"abbreviation": "RT", "topics": ["ritun og tal\u00e6fingar"]}, {"abbreviation": "LE", "topics": ["lestur og hlustun"]}, {"abbreviation": "B\u00d3", "topics": ["b\u00f3kmenntir og kvikmyndir"]}, {"abbreviation": "BY", "topics": ["byrjunar\u00e1fangi \u00ed sp\u00e6nsku"]}, {"abbreviation": "SP", "topics": ["sp\u00e6nska tv\u00f6"]}, {"abbreviation": "\u00deR", "topics": ["sp\u00e6nska \u00ferj\u00fa"]}, {"abbreviation": "BF", "topics": ["annar \u00e1fangi \u00ed sp\u00e6nsku", "stig a1"]}, {"abbreviation": "SA", "topics": ["stig a1"]}, {"abbreviation": "CF", "topics": ["f\u00e9l og opb", "loka\u00e1fangi \u00ed sp\u00e6nsku \u00e1 n\u00e1t"]}, {"abbreviation": "ST", "topics": ["stig a2"]}, {"abbreviation": "EF", "topics": ["stig b1"]}, {"abbreviation": "DF", "topics": ["evr\u00f3pski tungum\u00e1laramminn", "stig a2"]}, {"abbreviation": "PL", "topics": ["l\u00edfi\u00f0", "pers\u00f3nan", "stig a1 \u00ed evr\u00f3pska tungum\u00e1larammanum"]}, {"abbreviation": "DA", "topics": ["daglegar athafnir"]}, {"abbreviation": "FS", "topics": ["fer\u00f0al\u00f6g", "saga", "stig a2 - b1 \u00ed evr\u00f3pska tungum\u00e1larammanum"]}, {"abbreviation": "MM", "topics": ["mannl\u00edf", "menning", "n\u00e6r hugsanlega \u00e1 stig b2", "stig b1 \u00ed evr\u00f3pska tungum\u00e1larammanum"]}, {"abbreviation": "HR", "topics": ["hlustun og tal\u00e6fingar", "lestur", "ritun"]}, {"abbreviation": "KV", "topics": ["kvikmyndir"]}, {"abbreviation": "SK", "topics": ["sk\u00e1lds\u00f6gur og tj\u00e1ning"]}, {"abbreviation": "TS", "topics": ["sm\u00e1s\u00f6gur", "tal og ritun"]}, {"abbreviation": "RL", "topics": ["lestur", "ritun", "tal og hlustun"]}, {"abbreviation": "TM", "topics": ["a2", "tungum\u00e1l og menning"]}, {"abbreviation": "MT", "topics": ["menning og tungum\u00e1l"]}, {"abbreviation": "MS", "topics": ["menning og tungum\u00e1l", "stig a2 - b1 \u00ed evr\u00f3pska tungum\u00e1larammanum"]}, {"abbreviation": "BK", "topics": ["B\u00f3kmenntir og kvikmyndir"]}, {"abbreviation": "AA", "topics": ["Byrjunar\u00e1fangi"]}, {"abbreviation": "BB", "topics": ["Framhalds\u00e1fangi"]}, {"abbreviation": "DD", "topics": ["Sp\u00e6nska 4"]}, {"abbreviation": "EE", "topics": ["Sp\u00e6nska 5"]}, {"abbreviation": "ET", "topics": ["Sp\u00e6nska.T\u00f3nlist og dans \u00ed RA."]}, {"abbreviation": "FY", "topics": ["Sp\u00e6nska. Yndislestur"]}, {"abbreviation": "SB", "topics": ["Sp\u00e6nska framhalds\u00e1fangi"]}, {"abbreviation": "SC", "topics": ["Sp\u00e6nska framhald"]}, {"abbreviation": "CC", "topics": ["Sp\u00e6nska 3"]}, {"abbreviation": "SD", "topics": ["fj\u00f3r\u00f0i \u00e1fangi", "hlustun", "lesskilningur", "tal"]}, {"abbreviation": "BU", "topics": ["evr\u00f3pski tungum\u00e1laramminn", "grunnur", "stig b2"]}, {"abbreviation": "SR", "topics": ["Kvikmyndir Sp\u00e1nar og R\u00f3m\u00f6nsku Amer\u00edku"]}, {"abbreviation": "DK", "topics": ["Sp\u00e6nskar og su\u00f0ur-amer\u00edskar kvikmyndir"]}, {"abbreviation": "BL", "topics": ["B\u00f3kmenntir og listir"]}, {"abbreviation": "HT", "topics": ["hlustun", "lestur", "ritun (A1)", "tal"]}, {"abbreviation": "RS", "topics": ["hlustun", "lestur", "ritun", "tal (A1)"]}, {"abbreviation": "SF", "topics": ["Sp\u00e1narfer\u00f0"]}, {"abbreviation": "SO", "topics": ["Sp\u00e6nska", "or\u00f0afor\u00f0", "ritun", "tal"]}, {"abbreviation": "SS", "topics": ["Sp\u00e6nska", "m\u00e1lfr\u00e6\u00f0i", "m\u00e1lnotkun", "skilningur"]}, {"abbreviation": "TJ", "topics": ["Sp\u00e6nska", "m\u00e1lfr\u00e6\u00f0i", "m\u00e1lnotkun", "tj\u00e1ning"]}, {"abbreviation": "UT", "topics": ["Undirst\u00f6\u00f0uatri\u00f0i tungum\u00e1lsins"]}, {"abbreviation": "HL", "topics": ["hlustun og ritun", "lesskilningur", "tal"]}, {"abbreviation": "HM", "topics": ["hlustun og ritun", "lesskilningur", "menning og sta\u00f0h\u00e6ttir sp\u00e6nskum\u00e6landi landa", "tal"]}, {"abbreviation": "LT", "topics": ["hlustun og ritun", "lesskilningur og tal", "menning og sta\u00f0h\u00e6ttir sp\u00e6nskum\u00e6landi landa"]}, {"abbreviation": "FA", "topics": ["Sp\u00e6nska fyrir byrjendur (A1)"]}], "_id": "50c0a02dd8e40575f7f6f4c1", "subjects": ["sp\u00e6nska"], "counter": {"1": 58, "3": 0, "2": 15, "4": 0}}, "evaluation": "\u2022\t\u00deekking er metin me\u00f0 lokapr\u00f3fi, skriflegum k\u00f6nnunum og  verkefnum sem b\u00e6\u00f0i eru unnin heima og \u00ed kennslustundum.\n\u2022\tLeikni er metin me\u00f0 fj\u00f6lbreyttum verkefnum og k\u00f6nnunum sem taka mi\u00f0 af f\u00e6rni\u00fe\u00e1ttunum fj\u00f3rum samkv\u00e6mt ETM (tali, hlustun, lestri og ritun).\n\u2022\tH\u00e6fnin er metin \u00ed verkefnavinnu samkv\u00e6mt markmi\u00f0um ETM.\n\u2022\tLokapr\u00f3f metur h\u00e6fni nemanda til a\u00f0 skilja lesinn og \u00f3lesinn texta, grunnatri\u00f0i \u00ed sp\u00e6nskri m\u00e1lfr\u00e6\u00f0i sem og ritunarf\u00e6rni nemanda.\n", "categorization_suggestion": "FB", "embedded_topics": {"abbreviation": "AA", "topics": ["Byrjunar\u00e1fangi"]}, "status": "approved by school", "description": "\u00deessi \u00e1fangi mi\u00f0ast vi\u00f0 A1 \u00ed sj\u00e1lfsmatsramma Evr\u00f3psku tungum\u00e1lam\u00f6ppunnar.\n\u00c1fanginn er byrjunar\u00e1fangi og er megin\u00e1hersla l\u00f6g\u00f0 \u00e1 a\u00f0 nemendur tileinki s\u00e9r undirst\u00f6\u00f0uatri\u00f0i tungum\u00e1lsins. Nemendur byggja upp or\u00f0afor\u00f0a um sitt n\u00e1nasta umhverfi og eru \u00fej\u00e1lfa\u00f0ir \u00ed hlustun, ritun, lestri og tali. Markmi\u00f0i\u00f0 er a\u00f0 nemendur \u00fej\u00e1lfist \u00ed a\u00f0 tj\u00e1 sig um sj\u00e1lfan sig og sitt n\u00e1nasta umhverfi, byggi upp or\u00f0afor\u00f0a og noti til \u00feess grunnatri\u00f0in \u00ed sp\u00e6nskri m\u00e1lfr\u00e6\u00f0i. Stu\u00f0st ver\u00f0ur vi\u00f0 fj\u00f6lbreyttar kennslua\u00f0fer\u00f0ir \u00fear sem teki\u00f0 er mi\u00f0 af markmi\u00f0um \u00e1fangans. \u00c1hersla er l\u00f6g\u00f0 \u00e1 r\u00e9ttan frambur\u00f0, uppbyggingu or\u00f0afor\u00f0a og a\u00f0 \u00fej\u00e1lfa grunnatri\u00f0i m\u00e1lfr\u00e6\u00f0innar.\n", "knowledge_goals": ["\u00feeim or\u00f0afor\u00f0a sem nau\u00f0synlegur er til a\u00f0 n\u00e1 leikni- og h\u00e6fnimarkmi\u00f0um \u00e1fangans", "grundvallar\u00fe\u00e1ttum sp\u00e6nsks m\u00e1lkerfis: frambur\u00f0i, \u00e1herslu og einfaldri setningaskipan", "grunnatri\u00f0um \u00ed sp\u00e6nskri m\u00e1lfr\u00e6\u00f0i", "sp\u00e6nskum\u00e6landi l\u00f6ndum og fengi\u00f0 inns\u00fdn \u00ed menningu og si\u00f0i \u00fej\u00f3\u00f0anna"], "skills_goals": ["skilja almennt tala\u00f0 m\u00e1l \u00feegar tala\u00f0 er sk\u00fdrt og greinilega", "lesa einfalda texta sem innihalda algengan or\u00f0afor\u00f0a um efni sem hann \u00feekkir og tileinka s\u00e9r n\u00fd or\u00f0 \u00ed textanum", "nota meginreglur \u00ed m\u00e1lfr\u00e6\u00f0i", "nota uppl\u00fdsingat\u00e6kni og hj\u00e1lparg\u00f6gn \u00ed tungum\u00e1lan\u00e1mi", "taka \u00fe\u00e1tt \u00ed einf\u00f6ldum samr\u00e6\u00f0um um efni sem hann \u00feekkir e\u00f0a hefur \u00e1huga \u00e1 og beita m\u00e1lvenjum vi\u00f0 h\u00e6fi", "segja \u00e1 einfaldan h\u00e1tt fr\u00e1 sj\u00e1lfum s\u00e9r, fj\u00f6lskyldu sinni, ath\u00f6fnum og atbur\u00f0um daglegs l\u00edfs me\u00f0 \u00fev\u00ed a\u00f0 beita or\u00f0afor\u00f0a og frambur\u00f0i \u00e1 sem r\u00e9ttastan h\u00e1tt", "skrifa stuttan samfelldan texta t.d. sj\u00e1lfsl\u00fdsingu"], "credits": 5, "last_modified": 1431077775.353971, "schools": ["51234a818caa45ed97015b35"], "coauthors": null, "instructions": "", "continued_education": false, "level": 1, "prerequisites": "", "author": "41be24d4-5ecf-4d99-9661-f49f574e3dcc", "abbreviation_version": null, "competence_goals": [["taka \u00fe\u00e1tt \u00ed einf\u00f6ldum samr\u00e6\u00f0um og nota mismunandi kve\u00f0jur og samskiptaform eftir a\u00f0st\u00e6\u00f0um", ""], ["segja fr\u00e1 pers\u00f3nulegum h\u00f6gum sem og einf\u00f6ldum sta\u00f0reyndum um kunnugleg efni", ""], ["beita mismunandi a\u00f0fer\u00f0um til a\u00f0 skilja einfalda texta", ""], ["greina einfaldar uppl\u00fdsingar \u00ed m\u00e6ltu m\u00e1li", ""], ["auka me\u00f0vitund um eigin lei\u00f0ir til a\u00f0 tileinka s\u00e9r tungum\u00e1li\u00f0", ""], ["rita sp\u00e6nsku \u00ed mj\u00f6g einf\u00f6ldu formi", ""], ["mi\u00f0la efni, sem hann hefur afla\u00f0 s\u00e9r \u00feekkingar \u00e1, \u00e1 fj\u00f6lbreyttan og skapandi h\u00e1tt, m.a. me\u00f0 notkun uppl\u00fdsingat\u00e6kni", ""]], "_id": "554c838f62933a2b9f00188b"}, {"exemplary": null, "topics": "Framhalds\u00e1fangi", "abbreviation": "SP\u00c6N1BB05", "former_schools": null, "subject": "sp\u00e6nska", "title": "Sp\u00e6nska II", "version": 60, "status_trans": "Sam\u00feykkt af sk\u00f3la", "embedded_subject": {"abbreviation": "SP\u00c6N", "topics": [{"abbreviation": "AG", "topics": ["evr\u00f3pski tungum\u00e1laramminn", "grunnur", "stig a1"]}, {"abbreviation": "AF", "topics": ["evr\u00f3pski tungum\u00e1laramminn", "framhald", "stig a1"]}, {"abbreviation": "AU", "topics": ["evr\u00f3pski tungum\u00e1laramminn", "grunnur", "stig a2"]}, {"abbreviation": "AV", "topics": ["evr\u00f3pski tungum\u00e1laramminn", "stig a2", "vi\u00f0b\u00f3t"]}, {"abbreviation": "BG", "topics": ["evr\u00f3pski tungum\u00e1laramminn", "grunnur", "stig b1"]}, {"abbreviation": "TH", "topics": ["hlustun", "lesskilningur og ritun", "tal"]}, {"abbreviation": "OM", "topics": ["hlustun og ritun", "lesskilningur", "menning og saga sp\u00e6nskum\u00e6landi landa", "or\u00f0afor\u00f0i", "tal"]}, {"abbreviation": "GR", "topics": ["grunn\u00e1fangi"]}, {"abbreviation": "ME", "topics": ["menning sp\u00e6nskum\u00e6landi \u00fej\u00f3\u00f0a"]}, {"abbreviation": "FF", "topics": ["fort\u00ed\u00f0", "framt\u00ed\u00f0 og fer\u00f0al\u00f6g"]}, {"abbreviation": "RT", "topics": ["ritun og tal\u00e6fingar"]}, {"abbreviation": "LE", "topics": ["lestur og hlustun"]}, {"abbreviation": "B\u00d3", "topics": ["b\u00f3kmenntir og kvikmyndir"]}, {"abbreviation": "BY", "topics": ["byrjunar\u00e1fangi \u00ed sp\u00e6nsku"]}, {"abbreviation": "SP", "topics": ["sp\u00e6nska tv\u00f6"]}, {"abbreviation": "\u00deR", "topics": ["sp\u00e6nska \u00ferj\u00fa"]}, {"abbreviation": "BF", "topics": ["annar \u00e1fangi \u00ed sp\u00e6nsku", "stig a1"]}, {"abbreviation": "SA", "topics": ["stig a1"]}, {"abbreviation": "CF", "topics": ["f\u00e9l og opb", "loka\u00e1fangi \u00ed sp\u00e6nsku \u00e1 n\u00e1t"]}, {"abbreviation": "ST", "topics": ["stig a2"]}, {"abbreviation": "EF", "topics": ["stig b1"]}, {"abbreviation": "DF", "topics": ["evr\u00f3pski tungum\u00e1laramminn", "stig a2"]}, {"abbreviation": "PL", "topics": ["l\u00edfi\u00f0", "pers\u00f3nan", "stig a1 \u00ed evr\u00f3pska tungum\u00e1larammanum"]}, {"abbreviation": "DA", "topics": ["daglegar athafnir"]}, {"abbreviation": "FS", "topics": ["fer\u00f0al\u00f6g", "saga", "stig a2 - b1 \u00ed evr\u00f3pska tungum\u00e1larammanum"]}, {"abbreviation": "MM", "topics": ["mannl\u00edf", "menning", "n\u00e6r hugsanlega \u00e1 stig b2", "stig b1 \u00ed evr\u00f3pska tungum\u00e1larammanum"]}, {"abbreviation": "HR", "topics": ["hlustun og tal\u00e6fingar", "lestur", "ritun"]}, {"abbreviation": "KV", "topics": ["kvikmyndir"]}, {"abbreviation": "SK", "topics": ["sk\u00e1lds\u00f6gur og tj\u00e1ning"]}, {"abbreviation": "TS", "topics": ["sm\u00e1s\u00f6gur", "tal og ritun"]}, {"abbreviation": "RL", "topics": ["lestur", "ritun", "tal og hlustun"]}, {"abbreviation": "TM", "topics": ["a2", "tungum\u00e1l og menning"]}, {"abbreviation": "MT", "topics": ["menning og tungum\u00e1l"]}, {"abbreviation": "MS", "topics": ["menning og tungum\u00e1l", "stig a2 - b1 \u00ed evr\u00f3pska tungum\u00e1larammanum"]}, {"abbreviation": "BK", "topics": ["B\u00f3kmenntir og kvikmyndir"]}, {"abbreviation": "AA", "topics": ["Byrjunar\u00e1fangi"]}, {"abbreviation": "BB", "topics": ["Framhalds\u00e1fangi"]}, {"abbreviation": "DD", "topics": ["Sp\u00e6nska 4"]}, {"abbreviation": "EE", "topics": ["Sp\u00e6nska 5"]}, {"abbreviation": "ET", "topics": ["Sp\u00e6nska.T\u00f3nlist og dans \u00ed RA."]}, {"abbreviation": "FY", "topics": ["Sp\u00e6nska. Yndislestur"]}, {"abbreviation": "SB", "topics": ["Sp\u00e6nska framhalds\u00e1fangi"]}, {"abbreviation": "SC", "topics": ["Sp\u00e6nska framhald"]}, {"abbreviation": "CC", "topics": ["Sp\u00e6nska 3"]}, {"abbreviation": "SD", "topics": ["fj\u00f3r\u00f0i \u00e1fangi", "hlustun", "lesskilningur", "tal"]}, {"abbreviation": "BU", "topics": ["evr\u00f3pski tungum\u00e1laramminn", "grunnur", "stig b2"]}, {"abbreviation": "SR", "topics": ["Kvikmyndir Sp\u00e1nar og R\u00f3m\u00f6nsku Amer\u00edku"]}, {"abbreviation": "DK", "topics": ["Sp\u00e6nskar og su\u00f0ur-amer\u00edskar kvikmyndir"]}, {"abbreviation": "BL", "topics": ["B\u00f3kmenntir og listir"]}, {"abbreviation": "HT", "topics": ["hlustun", "lestur", "ritun (A1)", "tal"]}, {"abbreviation": "RS", "topics": ["hlustun", "lestur", "ritun", "tal (A1)"]}, {"abbreviation": "SF", "topics": ["Sp\u00e1narfer\u00f0"]}, {"abbreviation": "SO", "topics": ["Sp\u00e6nska", "or\u00f0afor\u00f0", "ritun", "tal"]}, {"abbreviation": "SS", "topics": ["Sp\u00e6nska", "m\u00e1lfr\u00e6\u00f0i", "m\u00e1lnotkun", "skilningur"]}, {"abbreviation": "TJ", "topics": ["Sp\u00e6nska", "m\u00e1lfr\u00e6\u00f0i", "m\u00e1lnotkun", "tj\u00e1ning"]}, {"abbreviation": "UT", "topics": ["Undirst\u00f6\u00f0uatri\u00f0i tungum\u00e1lsins"]}, {"abbreviation": "HL", "topics": ["hlustun og ritun", "lesskilningur", "tal"]}, {"abbreviation": "HM", "topics": ["hlustun og ritun", "lesskilningur", "menning og sta\u00f0h\u00e6ttir sp\u00e6nskum\u00e6landi landa", "tal"]}, {"abbreviation": "LT", "topics": ["hlustun og ritun", "lesskilningur og tal", "menning og sta\u00f0h\u00e6ttir sp\u00e6nskum\u00e6landi landa"]}, {"abbreviation": "FA", "topics": ["Sp\u00e6nska fyrir byrjendur (A1)"]}], "_id": "50c0a02dd8e40575f7f6f4c1", "subjects": ["sp\u00e6nska"], "counter": {"1": 58, "3": 0, "2": 15, "4": 0}}, "evaluation": "\u2022\t\u00deekking er metin me\u00f0 lokapr\u00f3fi, skriflegum k\u00f6nnunum og  verkefnum sem b\u00e6\u00f0i eru unnin heima og \u00ed kennslustundum.\n\u2022\tLeikni er metin me\u00f0 fj\u00f6lbreyttum verkefnum og k\u00f6nnunum sem taka mi\u00f0 af f\u00e6rni\u00fe\u00e1ttunum fj\u00f3rum samkv\u00e6mt ETM (tali, hlustun, lestri og ritun).\n\u2022\tH\u00e6fnin er metin \u00ed verkefnavinnu samkv\u00e6mt markmi\u00f0um ETM. \n\u2022\tLokapr\u00f3f metur h\u00e6fni nemanda til a\u00f0 skilja lesinn og \u00f3lesinn texta, grunnatri\u00f0i \u00ed sp\u00e6nskri m\u00e1lfr\u00e6\u00f0i sem og ritunarf\u00e6rni nemanda.\n", "categorization_suggestion": "FB", "embedded_topics": {"abbreviation": "BB", "topics": ["Framhalds\u00e1fangi"]}, "status": "approved by school", "description": "\u00deessi \u00e1fangi mi\u00f0ast vi\u00f0 A1-A2 \u00ed sj\u00e1lfsmatsramma Evr\u00f3psku tungum\u00e1lam\u00f6ppunnar.\nVi\u00f0fangsefni undanfarans eru rifju\u00f0 upp og sett \u00ed n\u00fdtt samhengi. \u00c1fram er unni\u00f0 a\u00f0 aukinni f\u00e6rni nemenda \u00ed lesskilningi, tali, hlustun og ritun \u00fear sem fl\u00e9tta\u00f0 er inn \u00ed kennsluna menningu og s\u00f6gu sp\u00e6nskum\u00e6landi landa. Or\u00f0afor\u00f0i er aukinn og n\u00fd m\u00e1lfr\u00e6\u00f0iatri\u00f0i \u00fej\u00e1lfu\u00f0. Nemendur \u00feurfa \u00ed auknum m\u00e6li a\u00f0 tj\u00e1 sig munnlega og textar ver\u00f0a sm\u00e1m saman lengri og \u00feyngri. Nemendur l\u00e6ra a\u00f0 tj\u00e1 sig vi\u00f0 fj\u00f6lbreyttari a\u00f0st\u00e6\u00f0ur eins og t.d. a\u00f0 versla, tj\u00e1 sig um \u00e1hugam\u00e1l s\u00edn og um li\u00f0na atbur\u00f0i. Stu\u00f0st ver\u00f0ur vi\u00f0 fj\u00f6lbreyttar kennslua\u00f0fer\u00f0ir \u00fear sem teki\u00f0 er mi\u00f0 af markmi\u00f0um \u00e1fangans. \u00c1hersla ver\u00f0ur l\u00f6g\u00f0 \u00e1 a\u00f0 nemendur tj\u00e1i sig sem mest \u00e1 sp\u00e6nsku \u00ed t\u00f6lu\u00f0u og ritu\u00f0u m\u00e1li. Unni\u00f0 ver\u00f0ur me\u00f0 fj\u00f6lbreytt efni, me\u00f0al annars t\u00f3nlist, myndb\u00f6nd, leiki og \u00fdmislegt efni af internetinu sem hj\u00e1lpar til vi\u00f0 a\u00f0 komast n\u00e6r menningarheimi Sp\u00e1nar og R\u00f3m\u00f6nsku Amer\u00edku og eflir menningarl\u00e6si nemenda. \u00c1hersla er l\u00f6g\u00f0 \u00e1 a\u00f0 nemendur beri \u00e1byrg\u00f0 \u00e1 s\u00ednu eigin n\u00e1mi og s\u00fdni sj\u00e1lfst\u00e6\u00f0 vinnubr\u00f6g\u00f0, frumkv\u00e6\u00f0i og skapandi hugsun.\n", "knowledge_goals": ["skilja tala\u00f0 m\u00e1l um kunnugleg efni \u00feegar tala\u00f0 er sk\u00fdrt, t.d. einfaldar lei\u00f0beiningar, fyrirm\u00e6li og stuttar fr\u00e1sagnir", "lesa texta af \u00fdmsu tagi sem tengjast n\u00e1msefninu og vinna \u00far \u00feeim \u00e1 mismunandi h\u00e1tt eftir \u00fev\u00ed hver tilgangur me\u00f0 lestrinum er hverju sinni", "afla s\u00e9r einfaldra, hagn\u00fdtra uppl\u00fdsinga og taka \u00fe\u00e1tt \u00ed einf\u00f6ldum samr\u00e6\u00f0um um efni sem hann \u00feekkir me\u00f0 \u00fev\u00ed a\u00f0 beita og m\u00e1lvenjum vi\u00f0 h\u00e6fi", "skrifa stutta og einfalda texta, samt\u00f6l og skilabo\u00f0 um kunnugleg efni sem tengjast vi\u00f0fangsefni \u00e1fangans (\u00ed n\u00fat\u00ed\u00f0 og \u00fe\u00e1t\u00ed\u00f0)", "nota meginreglur \u00ed m\u00e1lfr\u00e6\u00f0i"], "skills_goals": ["skilja tala\u00f0 m\u00e1l um kunnuglegt efni", "tileinka s\u00e9r a\u00f0alatri\u00f0in \u00ed stuttum t\u00edmarits- e\u00f0a bla\u00f0agreinum sem innihalda algengan or\u00f0afor\u00f0a og geta dregi\u00f0 \u00e1lyktanir af \u00fev\u00ed sem hann les", "tj\u00e1 sig munnlega vi\u00f0 tilteknar a\u00f0st\u00e6\u00f0ur \u00ed samskiptum og beita vi\u00f0eigandi m\u00e1l- og samskiptavenjum", "mi\u00f0la efni sem hann hefur afla\u00f0 s\u00e9r \u00feekkingar \u00e1, \u00e1 fj\u00f6lbreyttan og skapandi h\u00e1tt, m.a. me\u00f0 notkun uppl\u00fdsingat\u00e6kni", "skrifa einfalda texta um hug\u00f0arefni s\u00edn, \u00e1hugam\u00e1l og atbur\u00f0i, \u00edmynda\u00f0a og raunverulega"], "credits": 5, "last_modified": 1431080005.876104, "schools": ["51234a818caa45ed97015b35"], "coauthors": null, "instructions": "", "continued_education": false, "level": 1, "prerequisites": "SP\u00c6N1AA05", "author": "41be24d4-5ecf-4d99-9661-f49f574e3dcc", "abbreviation_version": null, "competence_goals": [["skilja tala\u00f0 m\u00e1l um kunnuglegt efni", ""], ["tileinka s\u00e9r a\u00f0alatri\u00f0in \u00ed stuttum t\u00edmarits- e\u00f0a bla\u00f0agreinum sem innihalda algengan or\u00f0afor\u00f0a og geta dregi\u00f0 \u00e1lyktanir af \u00fev\u00ed sem hann les", ""], ["tj\u00e1 sig munnlega vi\u00f0 tilteknar a\u00f0st\u00e6\u00f0ur \u00ed samskiptum og beita vi\u00f0eigandi m\u00e1l- og samskiptavenjum", ""], ["mi\u00f0la efni sem hann hefur afla\u00f0 s\u00e9r \u00feekkingar \u00e1, \u00e1 fj\u00f6lbreyttan og skapandi h\u00e1tt, m.a. me\u00f0 notkun uppl\u00fdsingat\u00e6kni", ""], ["skrifa einfalda texta um hug\u00f0arefni s\u00edn, \u00e1hugam\u00e1l og atbur\u00f0i, \u00edmynda\u00f0a og raunverulega", ""]], "_id": "554c8c4562933a2b9f00198c"}, {"exemplary": null, "topics": "Sp\u00e6nska 3", "abbreviation": "SP\u00c6N1CC05(FB)", "former_schools": null, "subject": "sp\u00e6nska", "title": "Sp\u00e6nska III", "version": 61, "status_trans": "Sam\u00feykkt af sk\u00f3la", "embedded_subject": {"abbreviation": "SP\u00c6N", "topics": [{"abbreviation": "AG", "topics": ["evr\u00f3pski tungum\u00e1laramminn", "grunnur", "stig a1"]}, {"abbreviation": "AF", "topics": ["evr\u00f3pski tungum\u00e1laramminn", "framhald", "stig a1"]}, {"abbreviation": "AU", "topics": ["evr\u00f3pski tungum\u00e1laramminn", "grunnur", "stig a2"]}, {"abbreviation": "AV", "topics": ["evr\u00f3pski tungum\u00e1laramminn", "stig a2", "vi\u00f0b\u00f3t"]}, {"abbreviation": "BG", "topics": ["evr\u00f3pski tungum\u00e1laramminn", "grunnur", "stig b1"]}, {"abbreviation": "TH", "topics": ["hlustun", "lesskilningur og ritun", "tal"]}, {"abbreviation": "OM", "topics": ["hlustun og ritun", "lesskilningur", "menning og saga sp\u00e6nskum\u00e6landi landa", "or\u00f0afor\u00f0i", "tal"]}, {"abbreviation": "GR", "topics": ["grunn\u00e1fangi"]}, {"abbreviation": "ME", "topics": ["menning sp\u00e6nskum\u00e6landi \u00fej\u00f3\u00f0a"]}, {"abbreviation": "FF", "topics": ["fort\u00ed\u00f0", "framt\u00ed\u00f0 og fer\u00f0al\u00f6g"]}, {"abbreviation": "RT", "topics": ["ritun og tal\u00e6fingar"]}, {"abbreviation": "LE", "topics": ["lestur og hlustun"]}, {"abbreviation": "B\u00d3", "topics": ["b\u00f3kmenntir og kvikmyndir"]}, {"abbreviation": "BY", "topics": ["byrjunar\u00e1fangi \u00ed sp\u00e6nsku"]}, {"abbreviation": "SP", "topics": ["sp\u00e6nska tv\u00f6"]}, {"abbreviation": "\u00deR", "topics": ["sp\u00e6nska \u00ferj\u00fa"]}, {"abbreviation": "BF", "topics": ["annar \u00e1fangi \u00ed sp\u00e6nsku", "stig a1"]}, {"abbreviation": "SA", "topics": ["stig a1"]}, {"abbreviation": "CF", "topics": ["f\u00e9l og opb", "loka\u00e1fangi \u00ed sp\u00e6nsku \u00e1 n\u00e1t"]}, {"abbreviation": "ST", "topics": ["stig a2"]}, {"abbreviation": "EF", "topics": ["stig b1"]}, {"abbreviation": "DF", "topics": ["evr\u00f3pski tungum\u00e1laramminn", "stig a2"]}, {"abbreviation": "PL", "topics": ["l\u00edfi\u00f0", "pers\u00f3nan", "stig a1 \u00ed evr\u00f3pska tungum\u00e1larammanum"]}, {"abbreviation": "DA", "topics": ["daglegar athafnir"]}, {"abbreviation": "FS", "topics": ["fer\u00f0al\u00f6g", "saga", "stig a2 - b1 \u00ed evr\u00f3pska tungum\u00e1larammanum"]}, {"abbreviation": "MM", "topics": ["mannl\u00edf", "menning", "n\u00e6r hugsanlega \u00e1 stig b2", "stig b1 \u00ed evr\u00f3pska tungum\u00e1larammanum"]}, {"abbreviation": "HR", "topics": ["hlustun og tal\u00e6fingar", "lestur", "ritun"]}, {"abbreviation": "KV", "topics": ["kvikmyndir"]}, {"abbreviation": "SK", "topics": ["sk\u00e1lds\u00f6gur og tj\u00e1ning"]}, {"abbreviation": "TS", "topics": ["sm\u00e1s\u00f6gur", "tal og ritun"]}, {"abbreviation": "RL", "topics": ["lestur", "ritun", "tal og hlustun"]}, {"abbreviation": "TM", "topics": ["a2", "tungum\u00e1l og menning"]}, {"abbreviation": "MT", "topics": ["menning og tungum\u00e1l"]}, {"abbreviation": "MS", "topics": ["menning og tungum\u00e1l", "stig a2 - b1 \u00ed evr\u00f3pska tungum\u00e1larammanum"]}, {"abbreviation": "BK", "topics": ["B\u00f3kmenntir og kvikmyndir"]}, {"abbreviation": "AA", "topics": ["Byrjunar\u00e1fangi"]}, {"abbreviation": "BB", "topics": ["Framhalds\u00e1fangi"]}, {"abbreviation": "DD", "topics": ["Sp\u00e6nska 4"]}, {"abbreviation": "EE", "topics": ["Sp\u00e6nska 5"]}, {"abbreviation": "ET", "topics": ["Sp\u00e6nska.T\u00f3nlist og dans \u00ed RA."]}, {"abbreviation": "FY", "topics": ["Sp\u00e6nska. Yndislestur"]}, {"abbreviation": "SB", "topics": ["Sp\u00e6nska framhalds\u00e1fangi"]}, {"abbreviation": "SC", "topics": ["Sp\u00e6nska framhald"]}, {"abbreviation": "CC", "topics": ["Sp\u00e6nska 3"]}, {"abbreviation": "SD", "topics": ["fj\u00f3r\u00f0i \u00e1fangi", "hlustun", "lesskilningur", "tal"]}, {"abbreviation": "BU", "topics": ["evr\u00f3pski tungum\u00e1laramminn", "grunnur", "stig b2"]}, {"abbreviation": "SR", "topics": ["Kvikmyndir Sp\u00e1nar og R\u00f3m\u00f6nsku Amer\u00edku"]}, {"abbreviation": "DK", "topics": ["Sp\u00e6nskar og su\u00f0ur-amer\u00edskar kvikmyndir"]}, {"abbreviation": "BL", "topics": ["B\u00f3kmenntir og listir"]}, {"abbreviation": "HT", "topics": ["hlustun", "lestur", "ritun (A1)", "tal"]}, {"abbreviation": "RS", "topics": ["hlustun", "lestur", "ritun", "tal (A1)"]}, {"abbreviation": "SF", "topics": ["Sp\u00e1narfer\u00f0"]}, {"abbreviation": "SO", "topics": ["Sp\u00e6nska", "or\u00f0afor\u00f0", "ritun", "tal"]}, {"abbreviation": "SS", "topics": ["Sp\u00e6nska", "m\u00e1lfr\u00e6\u00f0i", "m\u00e1lnotkun", "skilningur"]}, {"abbreviation": "TJ", "topics": ["Sp\u00e6nska", "m\u00e1lfr\u00e6\u00f0i", "m\u00e1lnotkun", "tj\u00e1ning"]}, {"abbreviation": "UT", "topics": ["Undirst\u00f6\u00f0uatri\u00f0i tungum\u00e1lsins"]}, {"abbreviation": "HL", "topics": ["hlustun og ritun", "lesskilningur", "tal"]}, {"abbreviation": "HM", "topics": ["hlustun og ritun", "lesskilningur", "menning og sta\u00f0h\u00e6ttir sp\u00e6nskum\u00e6landi landa", "tal"]}, {"abbreviation": "LT", "topics": ["hlustun og ritun", "lesskilningur og tal", "menning og sta\u00f0h\u00e6ttir sp\u00e6nskum\u00e6landi landa"]}, {"abbreviation": "FA", "topics": ["Sp\u00e6nska fyrir byrjendur (A1)"]}], "_id": "50c0a02dd8e40575f7f6f4c1", "subjects": ["sp\u00e6nska"], "counter": {"1": 58, "3": 0, "2": 15, "4": 0}}, "evaluation": "\u2022\t\u00deekking er metin me\u00f0 lokapr\u00f3fi, skriflegum k\u00f6nnunum og  verkefnum sem b\u00e6\u00f0i eru unnin heima og \u00ed kennslustundum.\n\u2022\tLeikni er metin me\u00f0 fj\u00f6lbreyttum verkefnum og k\u00f6nnunum sem taka mi\u00f0 af f\u00e6rni\u00fe\u00e1ttunum fj\u00f3rum samkv\u00e6mt ETM (tali, hlustun, lestri og ritun).\n\u2022\tH\u00e6fnin er metin \u00ed verkefnavinnu samkv\u00e6mt markmi\u00f0um ETM.\n\u2022\tLokapr\u00f3f metur h\u00e6fni nemanda til a\u00f0 skilja lesinn og \u00f3lesinn texta, grunnatri\u00f0i \u00ed sp\u00e6nskri m\u00e1lfr\u00e6\u00f0i sem og ritunarf\u00e6rni nemanda.\n", "categorization_suggestion": "FB", "embedded_topics": {"abbreviation": "CC", "topics": ["Sp\u00e6nska 3"]}, "status": "approved by school", "description": "\u00deessi \u00e1fangi mi\u00f0ast vi\u00f0 A2 \u00ed sj\u00e1lfsmatsramma Evr\u00f3psku tungum\u00e1lam\u00f6ppunnar.\nVi\u00f0fangsefni fyrri \u00e1fanga er rifja\u00f0 upp og sett \u00ed n\u00fdtt samhengi. \u00c1fram er unni\u00f0 a\u00f0 aukinni f\u00e6rni nemenda \u00ed lesskilningi, tali, hlustun og ritun \u00fear sem fl\u00e9tta\u00f0 er inn \u00ed kennsluna menningu og s\u00f6gu Sp\u00e1nar og R\u00f3m\u00f6nsku Amer\u00edku. Textar ver\u00f0a sm\u00e1m saman lengri og \u00feyngri og nemendur eru \u00fej\u00e1lfa\u00f0ir \u00ed a\u00f0 lesa rauntexta \u00e1 sp\u00e6nsku. Or\u00f0afor\u00f0i er aukinn, nemendur \u00fej\u00e1lfast \u00ed n\u00fdjum m\u00e1lfr\u00e6\u00f0iatri\u00f0um og a\u00f0 mestu er loki\u00f0 vi\u00f0 a\u00f0 fara yfir grundvallar\u00fe\u00e6tti sp\u00e6nska m\u00e1lkerfisins. Fr\u00e1sagnir \u00ed n\u00fat\u00ed\u00f0 og \u00fe\u00e1t\u00ed\u00f0 eru \u00e6f\u00f0ar munnlega og skriflega og \u00feurfa nemendur \u00ed auknum m\u00e6li a\u00f0 tj\u00e1 sig munnlega \u00ed t\u00edmum. Nemendur l\u00e6ra a\u00f0 tala um fort\u00ed\u00f0 s\u00edna og framt\u00ed\u00f0ar\u00e1form. Nemendur \u00fej\u00e1lfast \u00ed a\u00f0 lesa s\u00f6gur og \u00e6vint\u00fdri \u00e1 sp\u00e6nsku einnig \u00fej\u00e1lfast \u00ed a\u00f0 skrifa stutta og einfalda texta \u00ed \u00fe\u00e1t\u00ed\u00f0 og framt\u00ed\u00f0. Stu\u00f0st ver\u00f0ur vi\u00f0 fj\u00f6lbreyttar kennslua\u00f0fer\u00f0ir \u00fear sem teki\u00f0 er mi\u00f0 af markmi\u00f0um \u00e1fangans. \u00c1hersla ver\u00f0ur l\u00f6g\u00f0 \u00e1 a\u00f0 nemendur tj\u00e1i sig sem mest \u00e1 sp\u00e6nsku \u00ed t\u00f6lu\u00f0u og ritu\u00f0u m\u00e1li. N\u00e1msefni\u00f0 er me\u00f0 fj\u00f6lbreyttum h\u00e6tti, b\u00e6kur, t\u00f3nlist, myndb\u00f6nd, leikir og \u00fdmislegt efni af internetinu sem hj\u00e1lpar vi\u00f0 a\u00f0 komast n\u00e6r sp\u00e6nskum\u00e6landi menningarheimi og eflir menningarl\u00e6si nemenda. \u00c1hersla er l\u00f6g\u00f0 \u00e1 a\u00f0 nemendur beri \u00e1byrg\u00f0 \u00e1 s\u00ednu eigin n\u00e1mi og s\u00fdni sj\u00e1lfst\u00e6\u00f0 vinnubr\u00f6g\u00f0, frumkv\u00e6\u00f0i og skapandi hugsun.", "knowledge_goals": ["\u00feeim or\u00f0afor\u00f0a sem nau\u00f0synlegur er til a\u00f0 n\u00e1 leikni- og h\u00e6fnimarkmi\u00f0um \u00e1fangans", "grundvallar\u00fe\u00e1ttum sp\u00e6nsks m\u00e1lkerfis", "sp\u00e6nskum\u00e6landi l\u00f6ndum og fengi\u00f0 aukna inns\u00fdn \u00ed menningu, mannl\u00edf, helstu samskiptavenjur og si\u00f0i \u00fej\u00f3\u00f0anna"], "skills_goals": ["fylgjast me\u00f0 fr\u00e1s\u00f6gnum e\u00f0a samt\u00f6lum um almenn efni e\u00f0a s\u00e9rh\u00e6f\u00f0ari m\u00e1lefni sem hann \u00feekkir \u00fear sem tala\u00f0 er sk\u00fdrt og \u00e1heyrilega", "lesa og skilja \u00fdmsa texta sem tengjast eigin \u00e1hugasvi\u00f0i e\u00f0a texta um almennt og s\u00e9rh\u00e6f\u00f0ara efni sem fjalla\u00f0 er um \u00ed \u00e1fanganum og beita vi\u00f0eigandi a\u00f0fer\u00f0um eftir \u00fev\u00ed hver tilgangurinn er me\u00f0 lestrinum hverju sinni", "taka \u00fe\u00e1tt \u00ed almennum samr\u00e6\u00f0um um efni sem hann \u00feekkir e\u00f0a hefur \u00e1huga \u00e1 og beita kurteisisvenjum, m\u00e1lvenjum og hlj\u00f3mfalli vi\u00f0 h\u00e6fi", "segja fr\u00e1 \u00e1 sk\u00fdran h\u00e1tt \u00ed n\u00fat\u00ed\u00f0, \u00fe\u00e1t\u00ed\u00f0 og framt\u00ed\u00f0", "halda stutta kynningu \u00e1 undirb\u00fanu efni me\u00f0 \u00fev\u00ed a\u00f0 beita or\u00f0afor\u00f0a, setningager\u00f0 og frambur\u00f0i \u00e1 sem r\u00e9ttastan h\u00e1tt", "skrifa samfellda texta um \u00fdmis efni sem hann \u00feekkir, t.d. mannl\u00fdsingar, l\u00fdsingar \u00e1 st\u00f6\u00f0um, li\u00f0num atbur\u00f0um, umhverfi og framt\u00ed\u00f0arpl\u00f6num", "nota uppl\u00fdsingat\u00e6kni og hj\u00e1lparg\u00f6gn \u00ed tungum\u00e1lan\u00e1mi", "tj\u00e1 sig \u00ed m\u00e6ltu og ritu\u00f0u m\u00e1li, s\u00fdna fram \u00e1 skilning \u00e1 formger\u00f0 og byggingu texta og s\u00e9 me\u00f0vita\u00f0ri en \u00e1\u00f0ur um muninn \u00e1 \u00feessum m\u00e1lsni\u00f0um", "fara eftir grundvallarreglum sem gilda um rita\u00f0 m\u00e1l og nota vi\u00f0eigandi m\u00e1lfar"], "credits": 5, "last_modified": 1431080580.65915, "schools": ["51234a818caa45ed97015b35"], "coauthors": null, "instructions": "", "continued_education": false, "level": 1, "prerequisites": "SP\u00c6N 1 BB 05", "author": "41be24d4-5ecf-4d99-9661-f49f574e3dcc", "abbreviation_version": null, "competence_goals": [["fylgjast me\u00f0 fr\u00e1s\u00f6gnum og n\u00e1 a\u00f0alatri\u00f0um \u00far fj\u00f6l- og myndmi\u00f0lum ef efni\u00f0 er mj\u00f6g kunnuglegt", ""], ["afla s\u00e9r \u00fdmissa uppl\u00fdsinga \u00far m\u00e6ltu og ritu\u00f0u m\u00e1li, greina helstu atri\u00f0i \u00feeirra og hagn\u00fdta s\u00e9r \u00ed n\u00e1mi s\u00ednu", ""], ["tileinka s\u00e9r a\u00f0alatri\u00f0in \u00ed stuttum og/e\u00f0a einf\u00f6ldum rauntextum af \u00fdmsu tagi og geta dregi\u00f0 \u00e1lyktanir af \u00fev\u00ed sem hann les", ""], ["takast \u00e1 vi\u00f0 flestar algengar a\u00f0st\u00e6\u00f0ur \u00ed almennum samskiptum og geta almennt bjarga\u00f0 s\u00e9r \u00e1 m\u00e1linu", ""], ["mi\u00f0la \u00e1 einfaldan h\u00e1tt efni sem hann hefur afla\u00f0 s\u00e9r \u00feekkingar \u00e1 \u00ed r\u00e6\u00f0u og riti", ""], ["skrifa um hug\u00f0arefni s\u00edn og \u00e1hugam\u00e1l, \u00fdmis m\u00e1lefni og atbur\u00f0i, \u00edmynda\u00f0a e\u00f0a raunverulega, \u00ed n\u00fat\u00ed\u00f0, \u00fe\u00e1t\u00ed\u00f0 og framt\u00ed\u00f0", ""]], "_id": "554c8e8462933a2b9f001998"}], "title": "\u00deri\u00f0ja m\u00e1l, Sp\u00e6nska"}, {"courses": [{"exemplary": null, "topics": "Byrjunar\u00e1fangi", "abbreviation": "\u00de\u00ddSK1AA05(FB)", "former_schools": null, "subject": "\u00fe\u00fdska", "title": "\u00de\u00fdska I", "version": 64, "status_trans": "Sam\u00feykkt af sk\u00f3la", "embedded_subject": {"abbreviation": "\u00de\u00ddSK", "topics": [{"abbreviation": "AF", "topics": ["evr\u00f3pski tungum\u00e1laramminn", "framhald", "stig a1"]}, {"abbreviation": "AU", "topics": ["evr\u00f3pski tungum\u00e1laramminn", "grunnur", "stig a2"]}, {"abbreviation": "BG", "topics": ["evr\u00f3pski tungum\u00e1laramminn", "framhald", "stig a2"]}, {"abbreviation": "AG", "topics": ["evr\u00f3pski tungum\u00e1laramminn", "grunnur", "stig a1"]}, {"abbreviation": "BU", "topics": ["evr\u00f3pski tungum\u00e1laramminn", "grunnur", "stig b1"]}, {"abbreviation": "\u00deB", "topics": ["hlustun og ritun", "lesskilningur", "tal"]}, {"abbreviation": "\u00deA", "topics": ["undirsta\u00f0a tungum\u00e1lsins"]}, {"abbreviation": "BE", "topics": ["berl\u00ednar\u00e1fangi"]}, {"abbreviation": "YN", "topics": ["yndislestur og tala\u00f0 m\u00e1l"]}, {"abbreviation": "GR", "topics": ["grunn\u00e1fangi"]}, {"abbreviation": "FR", "topics": ["framhalds\u00e1fangi"]}, {"abbreviation": "BM", "topics": ["b\u00f3kmenntir og menning"]}, {"abbreviation": "LV", "topics": ["lestur og verkefnavinna"]}, {"abbreviation": "YL", "topics": ["yndislestur"]}, {"abbreviation": "\u00deC", "topics": ["hlustun og ritun. menning og sta\u00f0h\u00e6ttir \u00fe\u00fdskum\u00e6landi landa.", "lesskilningur", "tal"]}, {"abbreviation": "\u00deD", "topics": ["hlustun og ritun. skipting og sameining \u00fe\u00fdskalands", "lesskilningur", "munnleg tj\u00e1ning"]}, {"abbreviation": "\u00deE", "topics": ["\u00fej\u00e1lfun or\u00f0afor\u00f0a og tj\u00e1ningarh\u00e6fni"]}, {"abbreviation": "FF", "topics": ["fr\u00e1sagnir og fer\u00f0al\u00f6g"]}, {"abbreviation": "BF", "topics": ["stig a1"]}, {"abbreviation": "CF", "topics": ["stig a2"]}, {"abbreviation": "DF", "topics": ["evr\u00f3pski tungum\u00e1laramminn", "stig a2"]}, {"abbreviation": "EF", "topics": ["evr\u00f3pski tungum\u00e1laramminn", "stig b1"]}, {"abbreviation": "PL", "topics": ["l\u00edfi\u00f0", "pers\u00f3nan", "stig a1 \u00ed evr\u00f3pska tungum\u00e1larammanum"]}, {"abbreviation": "DA", "topics": ["daglegar athafnir", "stig a1 - a2 \u00ed evr\u00f3pska tungum\u00e1larammanum"]}, {"abbreviation": "VU", "topics": ["stig a2 \u00ed evr\u00f3pska tungum\u00e1larammanum", "umhverfi", "venjur"]}, {"abbreviation": "FM", "topics": ["fer\u00f0al\u00f6g", "menning", "stig a2 - b1 \u00ed evr\u00f3pska tungum\u00e1larammanum"]}, {"abbreviation": "SM", "topics": ["aukasetningar", "fallbeyging l\u00fdsingaror\u00f0a", "m\u00e1lnotkun \u00ed n\u00fat\u00ed\u00f0 og n\u00fali\u00f0inni t\u00ed\u00f0", "stigbreyting", "\u00feolmynd"]}, {"abbreviation": "F\u00de", "topics": ["fj\u00f6lbreyttari og au\u00f0ugari m\u00e1lnotkun", "fl\u00f3knari textar", "l\u00fdsingarh\u00e1ttur n\u00fat\u00ed\u00f0ar", "\u00feolmynd"]}, {"abbreviation": "FT", "topics": ["fj\u00f6lbreytt m\u00e1lnotkun og lestur", "framt\u00ed\u00f0", "vi\u00f0tengingarh\u00e1ttur", "\u00feolmynd"]}, {"abbreviation": "GF", "topics": ["algengur or\u00f0afor\u00f0i", "frambur\u00f0ur", "grunnatri\u00f0i \u00ed m\u00e1lfr\u00e6\u00f0i", "s.s. beyging sagna og greinis"]}, {"abbreviation": "\u00deL", "topics": ["fj\u00f6lbreytt m\u00e1lnotkun og lestur", "fr\u00e6\u00f0sla um \u00fe\u00fdska m\u00e1lsv\u00e6\u00f0i\u00f0", "sagnir me\u00f0 forsetningum", "tilv\u00edsunarsetningar", "\u00feolmynd", "\u00fe\u00e1t\u00ed\u00f0"]}, {"abbreviation": "M\u00c1", "topics": ["algengur almennur or\u00f0afor\u00f0i \u00ed n\u00fat\u00ed\u00f0 og n\u00fal\u00f0inni t\u00ed\u00f0", "eignarforn\u00f6fn", "forsetningar og fallstj\u00f3rn \u00feeirra"]}, {"abbreviation": "FL", "topics": ["t\u00f6lur 20-100", "\u00de\u00fdskum\u00e6landi l\u00f6nd Fj\u00f6lskylduhagir Matur og drykkur kaupa"]}, {"abbreviation": "AB", "topics": ["heimili\u00f0 - t\u00f6lur Sagnbeyging", "sagnir \u00ed \u00feolfalli", "\u00feolfall forsetningar me\u00f0 \u00feolfalli greinir \u00ed \u00feolfalli"]}, {"abbreviation": "BB", "topics": ["\u00de\u00fdska 2"]}, {"abbreviation": "MM", "topics": ["markviss m\u00e1lnotkun"]}, {"abbreviation": "AM", "topics": ["Au\u00f0ug m\u00e1lnotkun"]}, {"abbreviation": "LO", "topics": ["Loka\u00e1fangi"]}, {"abbreviation": "VV", "topics": ["verkefnavinna"]}, {"abbreviation": "VG", "topics": ["vefs\u00ed\u00f0uger\u00f0"]}, {"abbreviation": "BY", "topics": ["Byrjunar", "\u00e1fangi"]}, {"abbreviation": "AA", "topics": ["Byrjunar\u00e1fangi"]}, {"abbreviation": "CC", "topics": ["\u00de\u00fdska 3"]}, {"abbreviation": "DD", "topics": ["\u00de\u00fdska 4"]}, {"abbreviation": "EE", "topics": ["\u00de\u00fdska 5"]}, {"abbreviation": "\u00deO", "topics": ["or\u00f0afor\u00f0i", "ritun", "tal", "\u00de\u00fdska"]}, {"abbreviation": "B\u00de", "topics": ["Byrjenda\u00e1fangi"]}, {"abbreviation": "HS", "topics": ["Hlustun og ritun", "lestur og munnleg tj\u00e1ning", "saga og menning"]}, {"abbreviation": "DK", "topics": ["\u00de\u00fdskar kvikmyndir"]}, {"abbreviation": "BV", "topics": ["evr\u00f3pski tungum\u00e1laramminn", "grunnur", "stig b2"]}, {"abbreviation": "ME", "topics": ["Menning", "land og \u00fej\u00f3\u00f0"]}, {"abbreviation": "TM", "topics": ["Samskipti", "menning og fer\u00f0al\u00f6g"]}, {"abbreviation": "VL", "topics": ["Venjur", "l\u00edfsst\u00edll og umhverfi"]}, {"abbreviation": "RL", "topics": ["hlustun", "lestur", "ritun", "tal (A1)"]}, {"abbreviation": "HT", "topics": ["Hlustun", "lestur", "ritun", "tal (A1)"]}, {"abbreviation": "RS", "topics": ["hlustun", "lestur", "ritun", "tal(A1)"]}, {"abbreviation": "HL", "topics": ["hlustun", "lestur", "tal og ritun"]}, {"abbreviation": "\u00deS", "topics": ["m\u00e1lfr\u00e6\u00f0i og skilningur", "m\u00e1lnotkun", "\u00de\u00fdska"]}, {"abbreviation": "\u00deT", "topics": ["m\u00e1lfr\u00e6\u00f0i", "m\u00e1lnotkun og tj\u00e1ning", "\u00de\u00fdska"]}, {"abbreviation": "L\u00de", "topics": ["Lestur \u00fej\u00e1lfun"]}, {"abbreviation": "UT", "topics": ["undirst\u00f6\u00f0uatri\u00f0i tungum\u00e1lsins"]}, {"abbreviation": "\u00deM", "topics": ["hlustun og ritun", "lesskilningur", "menning og sta\u00f0h\u00e6ttir \u00fe\u00fdskum\u00e6landi landa", "tal"]}], "_id": "50c0a02dd8e40575f7f6f4be", "subjects": ["\u00fe\u00fdska"], "counter": {"1": 61, "3": 2, "2": 16, "4": 0}}, "evaluation": "\u00deekking er metin me\u00f0 lokapr\u00f3fi, skriflegum k\u00f6nnunum og  verkefnum sem b\u00e6\u00f0i eru unnin heima og \u00ed kennslustundum. \n\u2022\tLeikni er metin me\u00f0 fj\u00f6lbreyttum verkefnum og k\u00f6nnunum sem taka mi\u00f0 af f\u00e6rni\u00fe\u00e1ttunum fj\u00f3rum samkv\u00e6mt ETM. ( Tal, hlustun, lestur og ritun )\n\u2022\tH\u00e6fnin er metin \u00ed verkefnavinnu samkv\u00e6mt markmi\u00f0um ETM. \n\u2022\tLokapr\u00f3f metur h\u00e6fni nemanda til a\u00f0 skilja lesinn og \u00f3lesinn texta, grunnatri\u00f0i \u00ed \u00fe\u00fdskri m\u00e1lfr\u00e6\u00f0i sem og ritunarf\u00e6rni nemanda. Munnlegt pr\u00f3f metur h\u00e6fni nemanda til a\u00f0 tj\u00e1 sig \u00e1 \u00fe\u00fdsku og skilning \u00e1 t\u00f6lu\u00f0u m\u00e1li. \n\u2022\tMunnlegt pr\u00f3f metur h\u00e6fni nemanda a\u00f0 tj\u00e1 sig \u00e1 \u00fe\u00fdsku og skilning \u00e1 t\u00f6lu\u00f0u m\u00e1li. \n", "categorization_suggestion": "FB", "embedded_topics": {"abbreviation": "AA", "topics": ["Byrjunar\u00e1fangi"]}, "status": "approved by school", "description": "\u00deessi \u00e1fangi mi\u00f0ast vi\u00f0 A1 \u00ed sj\u00e1lfsmatsramma Evr\u00f3psku tungum\u00e1lam\u00f6ppunnar. \u00c1fanginn er byrjunar\u00e1fangi og er megin\u00e1hersla l\u00f6g\u00f0 \u00e1 a\u00f0 nemendur tileinki s\u00e9r undirst\u00f6\u00f0uatri\u00f0i tungum\u00e1lsins. Nemendur byggja upp or\u00f0afor\u00f0a um sitt n\u00e1nasta umhverfi og eru \u00fej\u00e1lfa\u00f0ir \u00ed hlustun, ritun, lestri og tali. Markmi\u00f0i\u00f0 er a\u00f0 nemendur \u00fej\u00e1lfist \u00ed a\u00f0 tj\u00e1 sig um sj\u00e1lfa sig og sitt n\u00e1nasta umhverfi, byggi upp or\u00f0afor\u00f0a sem tengist \u00fev\u00ed og noti til \u00feess grunnatri\u00f0in \u00ed \u00fe\u00fdskri m\u00e1lfr\u00e6\u00f0i. Einnig l\u00e6ra nemendur a\u00f0 tj\u00e1 sig um \u00e1hugasvi\u00f0 s\u00edn og framt\u00ed\u00f0ar\u00e1form. Stu\u00f0st ver\u00f0ur vi\u00f0 fj\u00f6lbreyttar kennslua\u00f0fer\u00f0ir \u00fear sem teki\u00f0 er mi\u00f0 af markmi\u00f0um \u00e1fangans. \u00c1hersla er l\u00f6g\u00f0 \u00e1 r\u00e9ttan frambur\u00f0, uppbyggingu or\u00f0afor\u00f0a og a\u00f0 \u00fej\u00e1lfa grunnatri\u00f0i m\u00e1lfr\u00e6\u00f0innar.", "knowledge_goals": ["\u00feeim or\u00f0afor\u00f0a sem nau\u00f0synlegur er til a\u00f0 m\u00e6ta markmi\u00f0um \u00e1fangans", "grundvallar\u00fe\u00e1ttum \u00fe\u00fdska m\u00e1lkerfisins", "fengi\u00f0 inns\u00fdn \u00ed menningu, samskiptavenjum og si\u00f0i hinna \u00fe\u00fdskum\u00e6landi \u00fej\u00f3\u00f0a", "lesa einfaldan texta sem innihalda algengan or\u00f0afor\u00f0a sem tengist nemandanum sj\u00e1lfum, umhverfi og \u00e1hugam\u00e1li hans", "taka \u00fe\u00e1tt \u00ed einf\u00f6ldum samr\u00e6\u00f0um um efni sem hann \u00feekkir"], "skills_goals": ["skilja tala\u00f0 m\u00e1l um kunnugleg efni \u00feegar tala\u00f0 er h\u00e6gt og sk\u00fdrt", "fylgja einf\u00f6ldum fyrirm\u00e6lum og skilja helstu kve\u00f0jur og \u00e1v\u00f6rp", "segja fr\u00e1 sj\u00e1lfum s\u00e9r og fj\u00f6lskyldu sinni.", "tala um \u00e1hugam\u00e1l s\u00edn  og atbur\u00f0i dagslegs l\u00edfs.", "skrifa stuttan texta um sj\u00e1lfan sig , fj\u00f6lskyldu s\u00edna og \u00e1hugam\u00e1l s\u00edn."], "credits": 5, "last_modified": 1431102559.512264, "schools": ["51234a818caa45ed97015b35"], "coauthors": null, "instructions": "", "continued_education": false, "level": 1, "prerequisites": "", "author": "41be24d4-5ecf-4d99-9661-f49f574e3dcc", "abbreviation_version": null, "competence_goals": [["tj\u00e1 sig munnlega og skriflega um efni sem hann \u00feekkir", ""], ["skilja einfalt tala\u00f0 m\u00e1l", ""]], "_id": "554ce45f62933a2b9f001a8c"}, {"exemplary": null, "topics": "\u00de\u00fdska 2", "abbreviation": "\u00de\u00ddSK1BB05", "former_schools": null, "subject": "\u00fe\u00fdska", "title": "\u00de\u00fdska II", "version": 63, "status_trans": "Sam\u00feykkt af sk\u00f3la", "embedded_subject": {"abbreviation": "\u00de\u00ddSK", "topics": [{"abbreviation": "AF", "topics": ["evr\u00f3pski tungum\u00e1laramminn", "framhald", "stig a1"]}, {"abbreviation": "AU", "topics": ["evr\u00f3pski tungum\u00e1laramminn", "grunnur", "stig a2"]}, {"abbreviation": "BG", "topics": ["evr\u00f3pski tungum\u00e1laramminn", "framhald", "stig a2"]}, {"abbreviation": "AG", "topics": ["evr\u00f3pski tungum\u00e1laramminn", "grunnur", "stig a1"]}, {"abbreviation": "BU", "topics": ["evr\u00f3pski tungum\u00e1laramminn", "grunnur", "stig b1"]}, {"abbreviation": "\u00deB", "topics": ["hlustun og ritun", "lesskilningur", "tal"]}, {"abbreviation": "\u00deA", "topics": ["undirsta\u00f0a tungum\u00e1lsins"]}, {"abbreviation": "BE", "topics": ["berl\u00ednar\u00e1fangi"]}, {"abbreviation": "YN", "topics": ["yndislestur og tala\u00f0 m\u00e1l"]}, {"abbreviation": "GR", "topics": ["grunn\u00e1fangi"]}, {"abbreviation": "FR", "topics": ["framhalds\u00e1fangi"]}, {"abbreviation": "BM", "topics": ["b\u00f3kmenntir og menning"]}, {"abbreviation": "LV", "topics": ["lestur og verkefnavinna"]}, {"abbreviation": "YL", "topics": ["yndislestur"]}, {"abbreviation": "\u00deC", "topics": ["hlustun og ritun. menning og sta\u00f0h\u00e6ttir \u00fe\u00fdskum\u00e6landi landa.", "lesskilningur", "tal"]}, {"abbreviation": "\u00deD", "topics": ["hlustun og ritun. skipting og sameining \u00fe\u00fdskalands", "lesskilningur", "munnleg tj\u00e1ning"]}, {"abbreviation": "\u00deE", "topics": ["\u00fej\u00e1lfun or\u00f0afor\u00f0a og tj\u00e1ningarh\u00e6fni"]}, {"abbreviation": "FF", "topics": ["fr\u00e1sagnir og fer\u00f0al\u00f6g"]}, {"abbreviation": "BF", "topics": ["stig a1"]}, {"abbreviation": "CF", "topics": ["stig a2"]}, {"abbreviation": "DF", "topics": ["evr\u00f3pski tungum\u00e1laramminn", "stig a2"]}, {"abbreviation": "EF", "topics": ["evr\u00f3pski tungum\u00e1laramminn", "stig b1"]}, {"abbreviation": "PL", "topics": ["l\u00edfi\u00f0", "pers\u00f3nan", "stig a1 \u00ed evr\u00f3pska tungum\u00e1larammanum"]}, {"abbreviation": "DA", "topics": ["daglegar athafnir", "stig a1 - a2 \u00ed evr\u00f3pska tungum\u00e1larammanum"]}, {"abbreviation": "VU", "topics": ["stig a2 \u00ed evr\u00f3pska tungum\u00e1larammanum", "umhverfi", "venjur"]}, {"abbreviation": "FM", "topics": ["fer\u00f0al\u00f6g", "menning", "stig a2 - b1 \u00ed evr\u00f3pska tungum\u00e1larammanum"]}, {"abbreviation": "SM", "topics": ["aukasetningar", "fallbeyging l\u00fdsingaror\u00f0a", "m\u00e1lnotkun \u00ed n\u00fat\u00ed\u00f0 og n\u00fali\u00f0inni t\u00ed\u00f0", "stigbreyting", "\u00feolmynd"]}, {"abbreviation": "F\u00de", "topics": ["fj\u00f6lbreyttari og au\u00f0ugari m\u00e1lnotkun", "fl\u00f3knari textar", "l\u00fdsingarh\u00e1ttur n\u00fat\u00ed\u00f0ar", "\u00feolmynd"]}, {"abbreviation": "FT", "topics": ["fj\u00f6lbreytt m\u00e1lnotkun og lestur", "framt\u00ed\u00f0", "vi\u00f0tengingarh\u00e1ttur", "\u00feolmynd"]}, {"abbreviation": "GF", "topics": ["algengur or\u00f0afor\u00f0i", "frambur\u00f0ur", "grunnatri\u00f0i \u00ed m\u00e1lfr\u00e6\u00f0i", "s.s. beyging sagna og greinis"]}, {"abbreviation": "\u00deL", "topics": ["fj\u00f6lbreytt m\u00e1lnotkun og lestur", "fr\u00e6\u00f0sla um \u00fe\u00fdska m\u00e1lsv\u00e6\u00f0i\u00f0", "sagnir me\u00f0 forsetningum", "tilv\u00edsunarsetningar", "\u00feolmynd", "\u00fe\u00e1t\u00ed\u00f0"]}, {"abbreviation": "M\u00c1", "topics": ["algengur almennur or\u00f0afor\u00f0i \u00ed n\u00fat\u00ed\u00f0 og n\u00fal\u00f0inni t\u00ed\u00f0", "eignarforn\u00f6fn", "forsetningar og fallstj\u00f3rn \u00feeirra"]}, {"abbreviation": "FL", "topics": ["t\u00f6lur 20-100", "\u00de\u00fdskum\u00e6landi l\u00f6nd Fj\u00f6lskylduhagir Matur og drykkur kaupa"]}, {"abbreviation": "AB", "topics": ["heimili\u00f0 - t\u00f6lur Sagnbeyging", "sagnir \u00ed \u00feolfalli", "\u00feolfall forsetningar me\u00f0 \u00feolfalli greinir \u00ed \u00feolfalli"]}, {"abbreviation": "BB", "topics": ["\u00de\u00fdska 2"]}, {"abbreviation": "MM", "topics": ["markviss m\u00e1lnotkun"]}, {"abbreviation": "AM", "topics": ["Au\u00f0ug m\u00e1lnotkun"]}, {"abbreviation": "LO", "topics": ["Loka\u00e1fangi"]}, {"abbreviation": "VV", "topics": ["verkefnavinna"]}, {"abbreviation": "VG", "topics": ["vefs\u00ed\u00f0uger\u00f0"]}, {"abbreviation": "BY", "topics": ["Byrjunar", "\u00e1fangi"]}, {"abbreviation": "AA", "topics": ["Byrjunar\u00e1fangi"]}, {"abbreviation": "CC", "topics": ["\u00de\u00fdska 3"]}, {"abbreviation": "DD", "topics": ["\u00de\u00fdska 4"]}, {"abbreviation": "EE", "topics": ["\u00de\u00fdska 5"]}, {"abbreviation": "\u00deO", "topics": ["or\u00f0afor\u00f0i", "ritun", "tal", "\u00de\u00fdska"]}, {"abbreviation": "B\u00de", "topics": ["Byrjenda\u00e1fangi"]}, {"abbreviation": "HS", "topics": ["Hlustun og ritun", "lestur og munnleg tj\u00e1ning", "saga og menning"]}, {"abbreviation": "DK", "topics": ["\u00de\u00fdskar kvikmyndir"]}, {"abbreviation": "BV", "topics": ["evr\u00f3pski tungum\u00e1laramminn", "grunnur", "stig b2"]}, {"abbreviation": "ME", "topics": ["Menning", "land og \u00fej\u00f3\u00f0"]}, {"abbreviation": "TM", "topics": ["Samskipti", "menning og fer\u00f0al\u00f6g"]}, {"abbreviation": "VL", "topics": ["Venjur", "l\u00edfsst\u00edll og umhverfi"]}, {"abbreviation": "RL", "topics": ["hlustun", "lestur", "ritun", "tal (A1)"]}, {"abbreviation": "HT", "topics": ["Hlustun", "lestur", "ritun", "tal (A1)"]}, {"abbreviation": "RS", "topics": ["hlustun", "lestur", "ritun", "tal(A1)"]}, {"abbreviation": "HL", "topics": ["hlustun", "lestur", "tal og ritun"]}, {"abbreviation": "\u00deS", "topics": ["m\u00e1lfr\u00e6\u00f0i og skilningur", "m\u00e1lnotkun", "\u00de\u00fdska"]}, {"abbreviation": "\u00deT", "topics": ["m\u00e1lfr\u00e6\u00f0i", "m\u00e1lnotkun og tj\u00e1ning", "\u00de\u00fdska"]}, {"abbreviation": "L\u00de", "topics": ["Lestur \u00fej\u00e1lfun"]}, {"abbreviation": "UT", "topics": ["undirst\u00f6\u00f0uatri\u00f0i tungum\u00e1lsins"]}, {"abbreviation": "\u00deM", "topics": ["hlustun og ritun", "lesskilningur", "menning og sta\u00f0h\u00e6ttir \u00fe\u00fdskum\u00e6landi landa", "tal"]}], "_id": "50c0a02dd8e40575f7f6f4be", "subjects": ["\u00fe\u00fdska"], "counter": {"1": 61, "3": 2, "2": 16, "4": 0}}, "evaluation": "\u2022\t\u00deekking er metin me\u00f0 lokapr\u00f3fi, skriflegum k\u00f6nnunum og  verkefnum sem b\u00e6\u00f0i eru unnin heima og \u00ed kennslustundum. \n\u2022\tLeikni er metin me\u00f0 fj\u00f6lbreyttum verkefnum og k\u00f6nnunum sem taka mi\u00f0 af f\u00e6rni\u00fe\u00e1ttunum fj\u00f3rum samkv\u00e6mt ETM. ( Tal, hlustun, lestur og ritun )\n\u2022\tH\u00e6fnin er metin \u00ed verkefnavinnu samkv\u00e6mt markmi\u00f0um ETM. \n\u2022\tLokapr\u00f3f metur h\u00e6fni nemanda til a\u00f0 skilja lesinn og \u00f3lesinn texta , grunnatri\u00f0i \u00ed \u00fe\u00fdskri m\u00e1lfr\u00e6\u00f0i sem og ritunarf\u00e6rni nemanda. Munnlegt pr\u00f3f metur h\u00e6fni nemanda til a\u00f0 tj\u00e1 sig \u00e1 \u00fe\u00fdsku og skilning \u00e1 t\u00f6lu\u00f0u m\u00e1li. \n\u2022\tMunnlegt pr\u00f3f metur h\u00e6fni nemanda til a\u00f0 tj\u00e1 sig \u00e1 \u00fe\u00fdsku og skilning \u00e1 t\u00f6lu\u00f0u m\u00e1li. ", "categorization_suggestion": "FB", "embedded_topics": {"abbreviation": "BB", "topics": ["\u00de\u00fdska 2"]}, "status": "approved by school", "description": "\u00deessi \u00e1fangi mi\u00f0ast vi\u00f0 A1 \u00ed sj\u00e1lfsmatsramma Evr\u00f3psku tungum\u00e1lam\u00f6ppunnar. \u00c1fanginn er framhalds\u00e1fangi  og er megin\u00e1hersla l\u00f6g\u00f0 \u00e1 a\u00f0 nemendur tileinki s\u00e9r enn betur undirst\u00f6\u00f0uatri\u00f0i tungum\u00e1lsins. Nemendur byggja upp or\u00f0afor\u00f0a um sitt n\u00e1nasta umhverfi og eru \u00fej\u00e1lfa\u00f0ir \u00ed hlustun, ritun, lestri og tali. Markmi\u00f0i\u00f0 er a\u00f0 nemendur \u00fej\u00e1lfist \u00ed a\u00f0 tj\u00e1 sig um sj\u00e1lfa sig og sitt n\u00e1nasta umhverfi, byggi upp or\u00f0afor\u00f0a sem tengist \u00fev\u00ed og noti til \u00feess grunnatri\u00f0in \u00ed \u00fe\u00fdskri m\u00e1lfr\u00e6\u00f0i. Einnig l\u00e6ra nemendur a\u00f0 tj\u00e1 sig um \u00e1hugasvi\u00f0 s\u00edn og geti tala\u00f0 um li\u00f0na atbur\u00f0i og framt\u00ed\u00f0ar\u00e1form.  Stu\u00f0st ver\u00f0ur vi\u00f0 fj\u00f6lbreyttar kennslua\u00f0fer\u00f0ir \u00fear sem teki\u00f0 er mi\u00f0 af markmi\u00f0um \u00e1fangans. \u00c1hersla er l\u00f6g\u00f0 \u00e1 r\u00e9ttan frambur\u00f0, uppbyggingu or\u00f0afor\u00f0a og a\u00f0 \u00fej\u00e1lfa grunnatri\u00f0i m\u00e1lfr\u00e6\u00f0innar. Nemendur hlusta \u00e1 l\u00f6g sungin \u00e1 \u00fe\u00fdsku og gera verkefni tengd \u00feeim. Einnig eru s\u00fdndar myndir \u00e1 \u00fe\u00fdsku. Nemendur velja s\u00e9r \u00e1kve\u00f0in umfj\u00f6llunarefni sem tengjast hinum \u00fe\u00fdskum\u00e6landi l\u00f6ndum og geri stutta kynningu sem er svo kynnt fyrir samnemendum. ", "knowledge_goals": ["\u00feeim or\u00f0afor\u00f0a sem nau\u00f0synlegur er til a\u00f0 m\u00e6ta markmi\u00f0um \u00e1fangans", "grundvallar\u00fe\u00e1ttum \u00fe\u00fdska m\u00e1lkerfisins", "\u00e1 menningu, samskiptavenjum og si\u00f0um hinna \u00fe\u00fdskum\u00e6landi \u00fej\u00f3\u00f0a"], "skills_goals": ["skilja tala\u00f0 m\u00e1l um kunnugleg efni \u00feegar tala\u00f0 er h\u00e6gt og sk\u00fdrt", "fylgja einf\u00f6ldum fyrirm\u00e6lum", "lesa einfalda texta sem innihalda algengan or\u00f0afor\u00f0a sem tengist nemandanum sj\u00e1lfum, umhverfi og \u00e1hugam\u00e1li hans", "tala um li\u00f0na atbur\u00f0i og geti einnig tala\u00f0 um framt\u00ed\u00f0ar\u00e1form", "taka \u00fe\u00e1tt \u00ed einf\u00f6ldum samr\u00e6\u00f0um um efni sem hann \u00feekkir", "segja fr\u00e1 sj\u00e1lfum s\u00e9r, fj\u00f6lskyldu sinni. \u00e1hugam\u00e1lum og atbur\u00f0um dagslegs l\u00edfs \u00ed n\u00fat\u00ed\u00f0  og n\u00fali\u00f0inni t\u00ed\u00f0 / \u00fe\u00e1t\u00ed\u00f0", "skrifa stuttan texta um sj\u00e1lfan sig og fj\u00f6lskyldu s\u00edna og \u00e1hugam\u00e1l s\u00edn", "skrifa stutta texta um li\u00f0na atbur\u00f0i"], "credits": 5, "last_modified": 1431103089.29456, "schools": ["51234a818caa45ed97015b35"], "coauthors": null, "instructions": "", "continued_education": false, "level": 1, "prerequisites": "\u00de\u00ddSK1AA05", "author": "41be24d4-5ecf-4d99-9661-f49f574e3dcc", "abbreviation_version": null, "competence_goals": [["tj\u00e1 sig munnlega og skriflega um efni sem hann \u00feekkir", ""], ["skilja einfalt tala\u00f0 m\u00e1l", ""], ["skilja einfalda texta", ""]], "_id": "554ce67162933a2b9f001aa2"}, {"exemplary": null, "topics": "\u00de\u00fdska 3", "abbreviation": "\u00de\u00ddSK1CC05", "former_schools": null, "subject": "\u00fe\u00fdska", "title": "\u00de\u00fdska III", "version": 62, "status_trans": "Sam\u00feykkt af sk\u00f3la", "embedded_subject": {"abbreviation": "\u00de\u00ddSK", "topics": [{"abbreviation": "AF", "topics": ["evr\u00f3pski tungum\u00e1laramminn", "framhald", "stig a1"]}, {"abbreviation": "AU", "topics": ["evr\u00f3pski tungum\u00e1laramminn", "grunnur", "stig a2"]}, {"abbreviation": "BG", "topics": ["evr\u00f3pski tungum\u00e1laramminn", "framhald", "stig a2"]}, {"abbreviation": "AG", "topics": ["evr\u00f3pski tungum\u00e1laramminn", "grunnur", "stig a1"]}, {"abbreviation": "BU", "topics": ["evr\u00f3pski tungum\u00e1laramminn", "grunnur", "stig b1"]}, {"abbreviation": "\u00deB", "topics": ["hlustun og ritun", "lesskilningur", "tal"]}, {"abbreviation": "\u00deA", "topics": ["undirsta\u00f0a tungum\u00e1lsins"]}, {"abbreviation": "BE", "topics": ["berl\u00ednar\u00e1fangi"]}, {"abbreviation": "YN", "topics": ["yndislestur og tala\u00f0 m\u00e1l"]}, {"abbreviation": "GR", "topics": ["grunn\u00e1fangi"]}, {"abbreviation": "FR", "topics": ["framhalds\u00e1fangi"]}, {"abbreviation": "BM", "topics": ["b\u00f3kmenntir og menning"]}, {"abbreviation": "LV", "topics": ["lestur og verkefnavinna"]}, {"abbreviation": "YL", "topics": ["yndislestur"]}, {"abbreviation": "\u00deC", "topics": ["hlustun og ritun. menning og sta\u00f0h\u00e6ttir \u00fe\u00fdskum\u00e6landi landa.", "lesskilningur", "tal"]}, {"abbreviation": "\u00deD", "topics": ["hlustun og ritun. skipting og sameining \u00fe\u00fdskalands", "lesskilningur", "munnleg tj\u00e1ning"]}, {"abbreviation": "\u00deE", "topics": ["\u00fej\u00e1lfun or\u00f0afor\u00f0a og tj\u00e1ningarh\u00e6fni"]}, {"abbreviation": "FF", "topics": ["fr\u00e1sagnir og fer\u00f0al\u00f6g"]}, {"abbreviation": "BF", "topics": ["stig a1"]}, {"abbreviation": "CF", "topics": ["stig a2"]}, {"abbreviation": "DF", "topics": ["evr\u00f3pski tungum\u00e1laramminn", "stig a2"]}, {"abbreviation": "EF", "topics": ["evr\u00f3pski tungum\u00e1laramminn", "stig b1"]}, {"abbreviation": "PL", "topics": ["l\u00edfi\u00f0", "pers\u00f3nan", "stig a1 \u00ed evr\u00f3pska tungum\u00e1larammanum"]}, {"abbreviation": "DA", "topics": ["daglegar athafnir", "stig a1 - a2 \u00ed evr\u00f3pska tungum\u00e1larammanum"]}, {"abbreviation": "VU", "topics": ["stig a2 \u00ed evr\u00f3pska tungum\u00e1larammanum", "umhverfi", "venjur"]}, {"abbreviation": "FM", "topics": ["fer\u00f0al\u00f6g", "menning", "stig a2 - b1 \u00ed evr\u00f3pska tungum\u00e1larammanum"]}, {"abbreviation": "SM", "topics": ["aukasetningar", "fallbeyging l\u00fdsingaror\u00f0a", "m\u00e1lnotkun \u00ed n\u00fat\u00ed\u00f0 og n\u00fali\u00f0inni t\u00ed\u00f0", "stigbreyting", "\u00feolmynd"]}, {"abbreviation": "F\u00de", "topics": ["fj\u00f6lbreyttari og au\u00f0ugari m\u00e1lnotkun", "fl\u00f3knari textar", "l\u00fdsingarh\u00e1ttur n\u00fat\u00ed\u00f0ar", "\u00feolmynd"]}, {"abbreviation": "FT", "topics": ["fj\u00f6lbreytt m\u00e1lnotkun og lestur", "framt\u00ed\u00f0", "vi\u00f0tengingarh\u00e1ttur", "\u00feolmynd"]}, {"abbreviation": "GF", "topics": ["algengur or\u00f0afor\u00f0i", "frambur\u00f0ur", "grunnatri\u00f0i \u00ed m\u00e1lfr\u00e6\u00f0i", "s.s. beyging sagna og greinis"]}, {"abbreviation": "\u00deL", "topics": ["fj\u00f6lbreytt m\u00e1lnotkun og lestur", "fr\u00e6\u00f0sla um \u00fe\u00fdska m\u00e1lsv\u00e6\u00f0i\u00f0", "sagnir me\u00f0 forsetningum", "tilv\u00edsunarsetningar", "\u00feolmynd", "\u00fe\u00e1t\u00ed\u00f0"]}, {"abbreviation": "M\u00c1", "topics": ["algengur almennur or\u00f0afor\u00f0i \u00ed n\u00fat\u00ed\u00f0 og n\u00fal\u00f0inni t\u00ed\u00f0", "eignarforn\u00f6fn", "forsetningar og fallstj\u00f3rn \u00feeirra"]}, {"abbreviation": "FL", "topics": ["t\u00f6lur 20-100", "\u00de\u00fdskum\u00e6landi l\u00f6nd Fj\u00f6lskylduhagir Matur og drykkur kaupa"]}, {"abbreviation": "AB", "topics": ["heimili\u00f0 - t\u00f6lur Sagnbeyging", "sagnir \u00ed \u00feolfalli", "\u00feolfall forsetningar me\u00f0 \u00feolfalli greinir \u00ed \u00feolfalli"]}, {"abbreviation": "BB", "topics": ["\u00de\u00fdska 2"]}, {"abbreviation": "MM", "topics": ["markviss m\u00e1lnotkun"]}, {"abbreviation": "AM", "topics": ["Au\u00f0ug m\u00e1lnotkun"]}, {"abbreviation": "LO", "topics": ["Loka\u00e1fangi"]}, {"abbreviation": "VV", "topics": ["verkefnavinna"]}, {"abbreviation": "VG", "topics": ["vefs\u00ed\u00f0uger\u00f0"]}, {"abbreviation": "BY", "topics": ["Byrjunar", "\u00e1fangi"]}, {"abbreviation": "AA", "topics": ["Byrjunar\u00e1fangi"]}, {"abbreviation": "CC", "topics": ["\u00de\u00fdska 3"]}, {"abbreviation": "DD", "topics": ["\u00de\u00fdska 4"]}, {"abbreviation": "EE", "topics": ["\u00de\u00fdska 5"]}, {"abbreviation": "\u00deO", "topics": ["or\u00f0afor\u00f0i", "ritun", "tal", "\u00de\u00fdska"]}, {"abbreviation": "B\u00de", "topics": ["Byrjenda\u00e1fangi"]}, {"abbreviation": "HS", "topics": ["Hlustun og ritun", "lestur og munnleg tj\u00e1ning", "saga og menning"]}, {"abbreviation": "DK", "topics": ["\u00de\u00fdskar kvikmyndir"]}, {"abbreviation": "BV", "topics": ["evr\u00f3pski tungum\u00e1laramminn", "grunnur", "stig b2"]}, {"abbreviation": "ME", "topics": ["Menning", "land og \u00fej\u00f3\u00f0"]}, {"abbreviation": "TM", "topics": ["Samskipti", "menning og fer\u00f0al\u00f6g"]}, {"abbreviation": "VL", "topics": ["Venjur", "l\u00edfsst\u00edll og umhverfi"]}, {"abbreviation": "RL", "topics": ["hlustun", "lestur", "ritun", "tal (A1)"]}, {"abbreviation": "HT", "topics": ["Hlustun", "lestur", "ritun", "tal (A1)"]}, {"abbreviation": "RS", "topics": ["hlustun", "lestur", "ritun", "tal(A1)"]}, {"abbreviation": "HL", "topics": ["hlustun", "lestur", "tal og ritun"]}, {"abbreviation": "\u00deS", "topics": ["m\u00e1lfr\u00e6\u00f0i og skilningur", "m\u00e1lnotkun", "\u00de\u00fdska"]}, {"abbreviation": "\u00deT", "topics": ["m\u00e1lfr\u00e6\u00f0i", "m\u00e1lnotkun og tj\u00e1ning", "\u00de\u00fdska"]}, {"abbreviation": "L\u00de", "topics": ["Lestur \u00fej\u00e1lfun"]}, {"abbreviation": "UT", "topics": ["undirst\u00f6\u00f0uatri\u00f0i tungum\u00e1lsins"]}, {"abbreviation": "\u00deM", "topics": ["hlustun og ritun", "lesskilningur", "menning og sta\u00f0h\u00e6ttir \u00fe\u00fdskum\u00e6landi landa", "tal"]}], "_id": "50c0a02dd8e40575f7f6f4be", "subjects": ["\u00fe\u00fdska"], "counter": {"1": 61, "3": 2, "2": 16, "4": 0}}, "evaluation": "\u2022\t\u00deekking er metin me\u00f0 lokapr\u00f3fi, skriflegum k\u00f6nnunum og  verkefnum sem b\u00e6\u00f0i eru unnin heima og \u00ed kennslustundum. \n\u2022\tLeikni er metin me\u00f0 fj\u00f6lbreyttum verkefnum og k\u00f6nnunum sem taka mi\u00f0 af f\u00e6rni\u00fe\u00e1ttunum fj\u00f3rum samkv\u00e6mt ETM. ( Tal, hlustun, lestur og ritun )\n\u2022\tH\u00e6fnin er metin \u00ed verkefnavinnu samkv\u00e6mt markmi\u00f0um ETM. \n\u2022\tLokapr\u00f3f metur h\u00e6fni nemanda til a\u00f0 skilja lesinn og \u00f3lesinn texta, grunnatri\u00f0i \u00ed \u00fe\u00fdskri m\u00e1lfr\u00e6\u00f0i sem og ritunarf\u00e6rni nemanda.\n\u2022\tMunnlegt pr\u00f3f metur h\u00e6fni nemanda til a\u00f0 tj\u00e1 sig \u00e1 \u00fe\u00fdsku og skilning \u00e1 t\u00f6lu\u00f0u m\u00e1li. ", "categorization_suggestion": "FB", "embedded_topics": {"abbreviation": "CC", "topics": ["\u00de\u00fdska 3"]}, "status": "approved by school", "description": "\u00deessi \u00e1fangi mi\u00f0ast vi\u00f0 A2 \u00ed sj\u00e1lfsmatsramma Evr\u00f3psku tungum\u00e1lam\u00f6ppunnar. \u00c1fanginn er framhalds\u00e1fangi og er megin\u00e1hersla l\u00f6g\u00f0 \u00e1 a\u00f0 nemendur tileinki s\u00e9r enn betur undirst\u00f6\u00f0uatri\u00f0i tungum\u00e1lsins. Nemendur byggja upp or\u00f0afor\u00f0a um sitt n\u00e1nasta umhverfi og eru \u00fej\u00e1lfa\u00f0ir \u00ed hlustun, ritun, lestri og tali. Markmi\u00f0i\u00f0 er a\u00f0 nemendur \u00fej\u00e1lfist \u00ed \u00fev\u00ed a\u00f0 geta spurt til vegar, geti b\u00f3ka\u00f0 h\u00f3telbergi \u00e1 \u00fe\u00fdsku og panta\u00f0 s\u00e9r mat og drykk \u00e1 veitingasta\u00f0. A\u00f0 nemendur geti byggi upp or\u00f0afor\u00f0a sem tengist \u00fev\u00ed og noti til \u00feess grunnatri\u00f0in \u00ed \u00fe\u00fdskri m\u00e1lfr\u00e6\u00f0i. Einnig l\u00e6ra nemendur a\u00f0 tj\u00e1 sig um \u00e1hugasvi\u00f0 s\u00edn og \u00e6fa enn betur a\u00f0 tala um li\u00f0na atbur\u00f0i og framt\u00ed\u00f0ar\u00e1form.  Markmi\u00f0i\u00f0 er a\u00f0 geta bjarga\u00f0 s\u00e9r nokkurn veginn \u00e1 \u00fe\u00fdsku. Stu\u00f0st ver\u00f0ur vi\u00f0 fj\u00f6lbreyttar kennslua\u00f0fer\u00f0ir \u00fear sem teki\u00f0 er mi\u00f0 af markmi\u00f0um \u00e1fangans. \u00c1hersla er l\u00f6g\u00f0 \u00e1 r\u00e9ttan frambur\u00f0, uppbyggingu or\u00f0afor\u00f0a og a\u00f0 \u00fej\u00e1lfa grunnatri\u00f0i m\u00e1lfr\u00e6\u00f0innar. Nemendur hlusti \u00e1 l\u00f6g sungin \u00e1 \u00fe\u00fdsku og geri verkefni tengd \u00feeim. Einnig eru s\u00fdndar kvikmyndir og \u00fe\u00e6ttir  \u00e1 \u00fe\u00fdsku. \nNemendur velja s\u00e9r \u00e1kve\u00f0in umfj\u00f6llunarefni sem tengjast hinum \u00fe\u00fdskum\u00e6landi l\u00f6ndum og kynna fyrir samnemendum. \n", "knowledge_goals": ["\u00feeim or\u00f0afor\u00f0a sem nau\u00f0synlegur er til a\u00f0 m\u00e6ta markmi\u00f0um \u00e1fangans", "grundvallar\u00fe\u00e1ttum \u00fe\u00fdska m\u00e1lkerfisins", "\u00e1 menningu, samskiptavenjum og si\u00f0um hinna \u00fe\u00fdskum\u00e6landi \u00fej\u00f3\u00f0a"], "skills_goals": ["skilja tala\u00f0 m\u00e1l um kunnugleg efni \u00feegar tala\u00f0 er h\u00e6gt og sk\u00fdrt", "fylgja  fyrirm\u00e6lum \u00ed kennslustofunni \u00e1 \u00fe\u00fdsku", "lesa einfalda texta sem innihalda algengan or\u00f0afor\u00f0a sem tengist nemandanum sj\u00e1lfum, umhverfi og \u00e1hugam\u00e1li hans", "taka \u00fe\u00e1tt \u00ed einf\u00f6ldum samr\u00e6\u00f0um um efni sem hann \u00feekkir", "segja fr\u00e1 sj\u00e1lfum s\u00e9r og fj\u00f6lskyldu sinni", "tala um \u00e1hugam\u00e1l s\u00edn, og atbur\u00f0i dagslegs l\u00edfs \u00ed n\u00fat\u00ed\u00f0 \u2013 og \u00ed  n\u00fali\u00f0inni t\u00ed\u00f0 / \u00fe\u00e1t\u00ed\u00f0", "skrifa stutta texta um sj\u00e1lfan sig fj\u00f6lskyldu s\u00edna og \u00e1hugam\u00e1l s\u00edn", "skrifa stuttan texta um li\u00f0na atbur\u00f0i", "spyrja til vegar og v\u00edsa til vegar", "l\u00fdsa sta\u00f0setningu", "b\u00f3ka h\u00f3telherbergi og panta mat \u00e1 veitingasta\u00f0"], "credits": 5, "last_modified": 1431103491.044792, "schools": ["51234a818caa45ed97015b35"], "coauthors": null, "instructions": "", "continued_education": false, "level": 1, "prerequisites": "", "author": "41be24d4-5ecf-4d99-9661-f49f574e3dcc", "abbreviation_version": null, "competence_goals": [["tj\u00e1 sig munnlega og skriflega um efni sem hann \u00feekkir", ""], ["skilja tala\u00f0 m\u00e1l \u00feegar r\u00e6tt er um efni sem tengist n\u00e1msefninu", ""], ["skilja einfalda texta", ""]], "_id": "554ce80362933a2b9f001aa5"}], "title": "\u00deri\u00f0ja m\u00e1l, \u00de\u00fdska"}]}], "date_ministry_approval": 1468851004.96044, "competency": {"numbers_and_information": ["\u00cd st\u00e6r\u00f0fr\u00e6\u00f0i er l\u00f6g\u00f0 \u00e1hersla \u00e1 a\u00f0 nemendur l\u00e6ri talname\u00f0fer\u00f0.", "\u00cd raungreinum er er framsetning og t\u00falkun uppl\u00fdsinga og lestur gagna \u00far t\u00f6flum og l\u00ednuritum \u00e6f\u00f0 . \u00de\u00e1 er ger\u00f0 krafa um a\u00f0 nemendur l\u00e6ri a\u00f0 fara me\u00f0 kort, talnag\u00f6gn, beiti j\u00f6fnum og l\u00e6ri a\u00f0 lesa \u00far \u00feeim.", "\u00cd tungum\u00e1lan\u00e1mi eru nemendur l\u00e1tnir vinna me\u00f0 erlenda gjaldmi\u00f0la, breytilegan hnattr\u00e6nan t\u00edma og skipuleggja fer\u00f0al\u00f6g  sem allt tengist samskiptum me\u00f0 t\u00f6lur og uppl\u00fdsingar.", "\u00cd s\u00e9r\u00e1f\u00f6ngum listabrautar er miki\u00f0 unni\u00f0 me\u00f0 hlutfallareikning \u00ed m\u00f3delteikningu og t\u00f6lulegar uppl\u00fdsingar \u00ed lj\u00f3smyndun."], "educational_competence": ["\u00c1hersla er l\u00f6g\u00f0 \u00e1 fj\u00f6lbreyttar kennslua\u00f0fer\u00f0ir og a\u00f0 nemendur kynnist fj\u00f6lbreyttum vinnubr\u00f6g\u00f0um \u00ed margv\u00edslegum vi\u00f0fangsefnum. B\u00f3klegt n\u00e1m er fj\u00f6lbreytt og byggist upp \u00e1 fyrirlestrum, h\u00f3pvinnu, umr\u00e6\u00f0um, vettvangsfer\u00f0um og margs konar \u00e6fingum.", "\u00cd \u00f6llum \u00edslensku\u00e1f\u00f6ngum \u00feurfa nemendur a\u00f0 flytja fyrirlestra.", "\u00cd d\u00f6nsku, sp\u00e6nsku og \u00fe\u00fdsku vinna nemendur me\u00f0 sj\u00e1lfsmatsramma sem er til \u00feess fallinn a\u00f0 \u00feeir s\u00fdni sj\u00e1lfst\u00e6\u00f0i \u00ed vinnubr\u00f6g\u00f0um og meti st\u00f6\u00f0ugt eigi\u00f0 vinnuframlag.", "\u00cd s\u00e9r\u00e1f\u00f6ngum listabrautar eru nemendur hvattir til a\u00f0 flytja \u00feekkingu og f\u00e6rni milli \u00e1fanga og \u00ed loka\u00e1f\u00f6ngum \u00feurfa nemendur a\u00f0 n\u00fdta allt \u00fea\u00f0 sem \u00feeir hafa l\u00e6rt \u00ed fyrri \u00e1f\u00f6ngum og s\u00fdna fram \u00e1 h\u00e6fni s\u00edna \u00ed heild."], "creative_thinking": ["Margt \u00ed sk\u00f3lastarfinu flokkast undir skapandi starf s.s  \u00fe\u00e1tttaka nemenda \u00ed sk\u00f3la- og f\u00e9lagsl\u00edfi. \u00cd m\u00f6rgum n\u00e1msgreinum reynir einnig \u00e1 skapandi hugsun og hagn\u00fdtingu \u00feekkingar.", "Nemendur \u00e1 Listabraut skila t.d. verkefnum me\u00f0 \u00fdmsum h\u00e6tti, s.s. verklegum verkum, safnm\u00f6ppum (portfolio), skriflegum \u00e6fingum, ritger\u00f0um, myndb\u00f6ndum, veggspj\u00f6ldum og fyrirlestrum.", "\u00cd myndlistar\u00e1f\u00f6ngum reynir \u00e1 sk\u00f6punarferli\u00f0 \u00e1 frumkv\u00e6\u00f0i, \u00edgrundun og gagnr\u00fdna hugsun.", "\u00cd lokaverkefni velur nemandi sitt s\u00e9rsvi\u00f0 og \u00fear reynir \u00e1 hagn\u00fdtingu \u00feekkingar, r\u00f6kstu\u00f0ning skapandi hugsun, listr\u00e6na og h\u00e6fileika."], "equality": ["\u00cd f\u00e9lagsv\u00edsindum er l\u00f6g\u00f0 \u00e1hersla \u00e1 a\u00f0 nemendur d\u00fdpki skilning skilning sinn \u00e1 skipulagi samf\u00e9lagsins og ver\u00f0i f\u00e6rir um a\u00f0 taka virkan \u00fe\u00e1tt \u00ed umr\u00e6\u00f0um um samf\u00e9lagsleg vi\u00f0fangsefni og geti mynda\u00f0 s\u00e9r eigin sko\u00f0anir me\u00f0  gagnr\u00fdni\u00f0 vi\u00f0horf a\u00f0 lei\u00f0arlj\u00f3si.", "\u00cd sagnfr\u00e6\u00f0i er \u00ed \u00f6llum \u00e1f\u00f6ngum fjalla\u00f0 um jafnr\u00e9tti jafnt sem misr\u00e9tti b\u00e6\u00f0i f\u00e9lagslegt og kynbundi\u00f0 \u00e1 \u00fdmsum t\u00edmum.", "\u00cd \u00edslensku\u00e1f\u00f6ngum er l\u00f6g\u00f0 \u00e1hersla \u00e1 a\u00f0 gera hlut kvenna s\u00fdnilegan, en einnig \u00e1 jafnr\u00e9tti \u00ed v\u00ed\u00f0asta skilningi or\u00f0sins. Leitast er vi\u00f0 a\u00f0 skapa umr\u00e6\u00f0ur um jafnr\u00e9tti  kynjanna og jafnr\u00e9tti \u00fej\u00f3\u00f0f\u00e9lagsh\u00f3pa.", "\u00cd \u00f6llum erlendum m\u00e1lum eru lesnir textar sem tengjast b\u00e6\u00f0i jafnr\u00e9tti kynjanna og jafnr\u00e9tti \u00ed sinni v\u00ed\u00f0ustu mynd og horft \u00e1 myndefni sem hvetur til samr\u00e6\u00f0na um jafnr\u00e9ttism\u00e1l."], "sustainability": ["\u00cd lesefni \u00ed ensku er fjalla\u00f0 um umhverfism\u00e1l.", "\u00cd \u00fe\u00fdsku eru lesnir textar um endurvinnslu.", "\u00cd \u00edslensku skrifa nemendur stuttar r\u00f6kf\u00e6rsluritger\u00f0ir \u00fear sem l\u00f6g\u00f0 er \u00e1hersla \u00e1 a\u00f0 nemendur ver\u00f0i virkir og \u00e1byrgir borgarar b\u00e6\u00f0i gagnvart samf\u00e9lagi s\u00ednu og umhverfi.", "\u00cd raungreinan\u00e1mi er fjalla\u00f0 um helstu au\u00f0lindir n\u00e1tt\u00farunnar  og n\u00fdting \u00feeirra kynntar. Fjalla\u00f0 er um takm\u00f6rk jar\u00f0ar og sameiginlega \u00e1byrg\u00f0 mannkyns var\u00f0andi  framt\u00ed\u00f0ina, fjalla\u00f0 er um \u00f3afturkr\u00e6far framkv\u00e6mdir,  sj\u00e1lfb\u00e6ra \u00fer\u00f3un, vistv\u00e6na orkugjafa, vistv\u00e6na matv\u00e6laframlei\u00f0slu, vistspor, vatnsnotkun og gr\u00f3\u00f0urh\u00fasa\u00e1hrif.", "\u00cd s\u00e9r\u00e1f\u00f6ngum listabrautar er nemendum tami\u00f0 a\u00f0 fara vel me\u00f0 efni s.s. papp\u00edr, v\u00f6kva. \u00de\u00e1 gera allir nemendur  verkefni sem byggir \u00e1 endurvinnslu efnivi\u00f0ar."], "foreign_societies": ["\u00cd d\u00f6nskun\u00e1mi er kappkosta\u00f0 a\u00f0 allir nemendur auki or\u00f0afor\u00f0a sinn, tj\u00e1i sig \u00e1 tungum\u00e1linu og f\u00e1i inns\u00fdn \u00ed danska menningu og hugsunarh\u00e1tt.", "\u00cd enskun\u00e1mi er l\u00f6g\u00f0 r\u00edk \u00e1hersla \u00e1 a\u00f0 nemendur \u00f6\u00f0list or\u00f0afor\u00f0a sem geri \u00feeim kleift a\u00f0 tileinka s\u00e9r lesefni \u00ed \u00e1framhaldandi starfi e\u00f0a n\u00e1mi og samskipti \u00e1 ensku sem einkennast af h\u00e1ttv\u00edsi og vir\u00f0ingu.  \u00deeir geti beitt ensku \u00e1n vandr\u00e6\u00f0a og geti teki\u00f0 \u00fe\u00e1tt umr\u00e6\u00f0um og r\u00f6kr\u00e6\u00f0um. \u00de\u00e1 eru nemendur \u00fej\u00e1lfa\u00f0ir \u00ed a\u00f0 beita rithef\u00f0um sem vi\u00f0 eiga \u00ed texta me\u00f0 inngangi, vel afm\u00f6rku\u00f0um efnisgreinum og ni\u00f0urlagi. \u00cd \u00e1f\u00f6ngum \u00e1 \u00f6\u00f0ru og \u00feri\u00f0ja \u00ferepi fer kennsla fram \u00e1 ensku og \u00fear er l\u00f6g\u00f0 \u00e1hersla \u00e1 s\u00e9rh\u00e6f\u00f0a fr\u00e6\u00f0ilega texta og hlustunarefni.", "\u00cd hvort sem er \u00fe\u00fdsku- e\u00f0a sp\u00e6nsku\u00e1f\u00f6ngum eru nemendur \u00fej\u00e1lfa\u00f0ir \u00ed a\u00f0 tj\u00e1 sig munnlega og skriflega me\u00f0 \u00fea\u00f0 a\u00f0 markmi\u00f0i a\u00f0 auka sj\u00e1lfstraust \u00feeirra til a\u00f0 nota tungum\u00e1li\u00f0  vi\u00f0 mismundandi t\u00e6kif\u00e6ri.", "\u00cd s\u00e9r\u00e1f\u00f6ngum listabrautar sj\u00e1 nemendur fr\u00e6\u00f0slumyndir \u00e1 erlendum tungum\u00e1lum og lesa fr\u00e6\u00f0itexta um myndlist \u00e1 erlendum tungum\u00e1lum."], "health": ["\u00cd \u00ed\u00fer\u00f3ttum er unni\u00f0 a\u00f0 \u00fev\u00ed a\u00f0 nemendur geri hreyfingu og \u00fe\u00e1ttt\u00f6ku \u00ed \u00ed\u00fer\u00f3ttum a\u00f0 hluta af daglegu l\u00edfi s\u00ednu og auki \u00feannig l\u00edfsg\u00e6\u00f0i s\u00edn. \u00deeir f\u00e1 fr\u00e6\u00f0slu um matar\u00e6\u00f0i, mikilv\u00e6gi hreyfingar og svefns og ska\u00f0semi v\u00edmuefna og lyfja.", "\u00cd \u00f6llum erlendum m\u00e1lum eru lesnir textar sem tengjast heilsu og heilbrig\u00f0um l\u00edfsh\u00e1ttum.", "\u00cd  l\u00edffr\u00e6\u00f0i er umfj\u00f6llun um l\u00edkamlega heilsu og heilsu umhverfisins st\u00f3r \u00fe\u00e1ttur.", "\u00cd efnafr\u00e6\u00f0i er fjalla\u00f0 um mengunarefni \u00ed n\u00e1tt\u00farunni.", "\u00cd \u00e1f\u00f6ngum \u00e1 brautinni eru nemendur hvattir til heilbrig\u00f0ra l\u00edfsh\u00e1tta og l\u00f6g\u00f0 \u00e1hersla \u00e1 a\u00f0 allir byggi upp j\u00e1kv\u00e6\u00f0a sj\u00e1lfs\u00edmynd."], "icelandic_society_norms": ["\u00cd \u00f6llum \u00edslensku\u00e1f\u00f6ngum \u00fej\u00e1lfast nemendur \u00ed l\u00e6si, \u00feurfa a\u00f0 gera grein fyrir sko\u00f0unum s\u00ednum og taka \u00fe\u00e1tt \u00ed samr\u00e6\u00f0um. Eftir \u00fev\u00ed sem ofar dregur ver\u00f0ur m\u00e1l nemenda bl\u00e6brig\u00f0ar\u00edkara, or\u00f0afor\u00f0i fj\u00f6lbreyttari, bygging texta og fr\u00e1gangur markvissari.", "\u00cd f\u00e9lagsgreinum og s\u00f6gu eru l\u00e6si og tj\u00e1ning \u00ed forgrunni og l\u00f6g\u00f0 \u00e1hersla \u00e1 lestur og skilning fr\u00e6\u00f0ilegra texta og \u00e1hersla l\u00f6g\u00f0 \u00e1 bl\u00e6brig\u00f0ar\u00edkt rita\u00f0 m\u00e1l.", "\u00cd \u00f6llum s\u00f6gu\u00e1f\u00f6ngum er l\u00e6si og tj\u00e1ning \u00ed forgrunni og miki\u00f0 lagt upp \u00far g\u00f3\u00f0um textaskilningi, tj\u00e1ningu og h\u00f3pvinnu.", "\u00cd raungreina\u00e1f\u00f6ngum l\u00e6ra nemendur a\u00f0 lesa \u00far l\u00ednuritum og myndr\u00e6num uppl\u00fdsingum. \u00de\u00e1 \u00fej\u00e1lfast \u00feeir \u00ed a\u00f0 setja texta fram \u00e1 sk\u00fdran og greinilegan h\u00e1tt \u00feannig a\u00f0 hver li\u00f0ur verkefnis s\u00e9 \u00fatsk\u00fdr\u00f0ur \u00e1\u00f0ur en teki\u00f0 er til vi\u00f0 \u00feann n\u00e6sta.", "\u00cd s\u00e9r\u00e1f\u00f6ngum listabrautar vinna nemendur ritger\u00f0ir og kynna verkefni s\u00edn. \u00de\u00e1 l\u00e6ra nemendur a\u00f0 lesa myndm\u00e1l og v\u00ed\u00f0t\u00e6kan hugtakafor\u00f0a."], "democracy_and_human_rights": ["\u00cd grunn\u00e1fanga f\u00e9lagsv\u00edsinda sem allir nemendur \u00e1 myndlistarbraut taka er markmi\u00f0 a\u00f0 auka \u00feekkingu nemenda \u00e1 samf\u00e9laginu og f\u00e9lagslegu umhverfi, jafnr\u00e9tti, l\u00fd\u00f0r\u00e6\u00f0i og mannr\u00e9ttindum.", "\u00cd \u00e1f\u00f6ngum \u00e1 1. \u00ferepi er l\u00f6g\u00f0 \u00e1hersla \u00e1 verkefnavinnu \u00ed kennslustundum. \u00c1 2. og 3. \u00ferepi eykst svo \u00e1hersla \u00e1 heiman\u00e1m.", "\u00cd \u00f6llu tungum\u00e1lan\u00e1mi gildir a\u00f0 vinna a\u00f0 h\u00f3pverkefnum eykur sam\u00e1byrg\u00f0. Auk \u00feess er gagnr\u00fdnin hugsun \u00fej\u00e1lfu\u00f0 \u00ed gegn um b\u00f3kmenntatexta \u00e1 \u00fdmsum tungum\u00e1lum.", "\u00cd lista\u00e1f\u00f6ngum er nemendum tami\u00f0 a\u00f0 vir\u00f0a r\u00e9tt nemenda til a\u00f0 tj\u00e1 sig um eigin verk og annarra af tillitsemi og kurteisi."]}, "user_id": "f8d44553-42df-4c20-a712-9f65b3261ea9", "is_ministry_rejected": false, "title": "Myndlistarbraut (Sta\u00f0festingarn\u00famer 125)", "ministry_serial": "15-125-3-7", "version": "st\u00fadent-248", "status_trans": "Sam\u00feykkt af r\u00e1\u00f0uneyti", "date_last_sent_to_ministry": null, "evaluation": "N\u00e1msmat getur fari\u00f0 fram me\u00f0 mismunandi h\u00e6tti og er \u00fdmist samsett \u00far s\u00edmati og lokapr\u00f3fi e\u00f0a eing\u00f6ngu s\u00edmati. N\u00e1nari tilh\u00f6gun n\u00e1msmats er \u00ed h\u00f6ndum kennara hverrar faggreinar. \u00cd upphafi annar  skal nemendum kynnt n\u00e1ms\u00e1\u00e6tlun, n\u00e1msmarkmi\u00f0  og tilh\u00f6gun n\u00e1msmats  \u00ed hverjum \u00e1fanga. ", "status": "approved by ministry", "core": [{"courses": [{"exemplary": null, "topics": "Almenn enska (ritun-tal-hlustun-lestur-samskipti)", "abbreviation": "ENSK2AF05", "former_schools": null, "subject": "enska", "title": "Almenn enska \u00e1 framhaldssk\u00f3lastigii", "version": 75, "status_trans": "Sam\u00feykkt af sk\u00f3la", "embedded_subject": {"abbreviation": "ENSK", "topics": [{"abbreviation": "GS", "topics": ["grunnatri\u00f0i", "samt\u00f6l"]}, {"abbreviation": "OO", "topics": ["or\u00f0ab\u00f3k", "or\u00f0afor\u00f0i"]}, {"abbreviation": "MM", "topics": ["myndas\u00f6gur", "myndb\u00f6nd"]}, {"abbreviation": "TL", "topics": ["lagatextar", "t\u00f3nlist"]}, {"abbreviation": "FR", "topics": ["ferilsverkefni", "ritunarverkefni"]}, {"abbreviation": "TS", "topics": ["myndm\u00e1l", "ritger\u00f0", "st\u00edlar", "textar"]}, {"abbreviation": "RH", "topics": ["hlustun", "m\u00e1lnotkun", "undirst\u00f6\u00f0uatri\u00f0i \u00ed ritun"]}, {"abbreviation": "SM", "topics": ["m\u00fas\u00edk og myndir 1950-70", "s\u00f6gur"]}, {"abbreviation": "BR", "topics": ["bretland"]}, {"abbreviation": "K\u00c1", "topics": ["kanada", "\u00e1stral\u00eda og n\u00fdja sj\u00e1land"]}, {"abbreviation": "SB", "topics": ["shakespeare og 19. \u00f6ldin \u00ed b\u00f3kmenntum"]}, {"abbreviation": "B\u00d3", "topics": ["b\u00f3kmenntir 20. aldar"]}, {"abbreviation": "KV", "topics": ["kvikmynda\u00e1fangi"]}, {"abbreviation": "AB", "topics": ["afr\u00edsk-amer\u00edskar b\u00f3kmenntir"]}, {"abbreviation": "U\u00c1", "topics": ["undirb\u00faningur", "\u00e1fangi"]}, {"abbreviation": "MT", "topics": ["m\u00e1lfr\u00e6\u00f0i", "tj\u00e1ning"]}, {"abbreviation": "MS", "topics": ["menning", "skapandi skrif"]}, {"abbreviation": "KR", "topics": ["kvikmyndir", "ritun"]}, {"abbreviation": "HR", "topics": ["heimildavinna", "ritger\u00f0ir"]}, {"abbreviation": "FF", "topics": ["fagm\u00e1l", "f\u00e9lagsv\u00edsinda"]}, {"abbreviation": "VE", "topics": ["enska", "vi\u00f0skipta"]}, {"abbreviation": "RE", "topics": ["enska", "raungreinar"]}, {"abbreviation": "BM", "topics": ["b\u00f3kmenntir", "m\u00e1lsaga"]}, {"abbreviation": "LB", "topics": ["b\u00f3kmenntir", "leik"]}, {"abbreviation": "UP", "topics": ["pr\u00f3f", "undirb\u00faningur"]}, {"abbreviation": "EN", "topics": ["enska fyrir fer\u00f0agreinar"]}, {"abbreviation": "FE", "topics": ["enska fyrir fer\u00f0a\u00fej\u00f3nustu"]}, {"abbreviation": "ST", "topics": ["evr\u00f3pski tungum\u00e1laramminn", "stig b1-b2"]}, {"abbreviation": "SE", "topics": ["evr\u00f3pski tungum\u00e1laramminn", "stig b2"]}, {"abbreviation": "ES", "topics": ["evr\u00f3pski tungum\u00e1laramminn", "stig b2-c1"]}, {"abbreviation": "EV", "topics": ["evr\u00f3pski tungum\u00e1laramminn", "stig c1"]}, {"abbreviation": "BF", "topics": ["b2", "evr\u00f3pski tungum\u00e1laramminn", "fer\u00f0a\u00fej\u00f3nuta"]}, {"abbreviation": "FH", "topics": ["evr\u00f3pski tungum\u00e1laramminn", "framhald", "stig c1"]}, {"abbreviation": "GR", "topics": ["grunn\u00e1fangi"]}, {"abbreviation": "FG", "topics": ["enska fyrir matv\u00e6lagreinar"]}, {"abbreviation": "LS", "topics": ["lestur", "m\u00e1lfr\u00e6\u00f0i", "or\u00f0afor\u00f0i", "skilningur"]}, {"abbreviation": "LT", "topics": ["lestur", "or\u00f0afor\u00f0i", "talm\u00e1l"]}, {"abbreviation": "BL", "topics": ["b\u00f3kmenntir", "lesskilningur", "ritun"]}, {"abbreviation": "BS", "topics": ["b\u00f3kmenntir", "menning", "saga"]}, {"abbreviation": "HA", "topics": ["hagn\u00fdtur or\u00f0afor\u00f0i. l\u00e6si \u00e1 fl\u00f3knari texta."]}, {"abbreviation": "OF", "topics": ["grunnor\u00f0afor\u00f0i fr\u00e6\u00f0a og v\u00edsinda.. menningarheimur nor\u00f0ur amer\u00edku"]}, {"abbreviation": "UN", "topics": ["undirb\u00fanings\u00e1fangi \u00ed ensku"]}, {"abbreviation": "LM", "topics": ["lestur og menning", "tj\u00e1ning"]}, {"abbreviation": "TM", "topics": ["menning", "tj\u00e1ning og skapandi skrif"]}, {"abbreviation": "MB", "topics": ["b\u00f3kmenntir", "menning og ritun"]}, {"abbreviation": "EX", "topics": ["extensive vocabulary and expression"]}, {"abbreviation": "ML", "topics": ["m\u00e1lnotkun og l\u00e6si"]}, {"abbreviation": "AA", "topics": ["akadem\u00edskur or\u00f0afor\u00f0i", "fj\u00f6lbreyttir textar", "fyrsti \u00e1fangi \u00ed ensku."]}, {"abbreviation": "YN", "topics": ["yndislestur"]}, {"abbreviation": "BB", "topics": ["akadem\u00edskur or\u00f0afor\u00f0i", "annar \u00e1fangi \u00ed ensku.", "fj\u00f6lbreyttir textar"]}, {"abbreviation": "FA", "topics": ["fagor\u00f0afor\u00f0i"]}, {"abbreviation": "AH", "topics": ["akadem\u00edskur or\u00f0afor\u00f0i", "fj\u00f6lbreyttir textar. hra\u00f0fer\u00f0 \u00ed ensku."]}, {"abbreviation": "BH", "topics": ["akadem\u00edskur or\u00f0afor\u00f0i", "fj\u00f6lbreyttir textar. \u00f6nnur hra\u00f0fer\u00f0 \u00ed ensku."]}, {"abbreviation": "EE", "topics": ["b\u00f3kmenntir", "fj\u00f6lmi\u00f0latextar."]}, {"abbreviation": "LR", "topics": ["lestur", "ritun", "tj\u00e1ning og hlustun"]}, {"abbreviation": "DD", "topics": ["b\u00f3kmenntir"]}, {"abbreviation": "M\u00c1", "topics": ["m\u00e1lfr\u00e6\u00f0i a"]}, {"abbreviation": "CC", "topics": ["b\u00f3kmenntir", "krefjandi or\u00f0afor\u00f0i", "ritun"]}, {"abbreviation": "CH", "topics": ["krefjandi or\u00f0afor\u00f0i"]}, {"abbreviation": "L\u00c9", "topics": ["l\u00e9ttlestur"]}, {"abbreviation": "OH", "topics": ["hlustun", "or\u00f0afor\u00f0i", "talm\u00e1l og ritun"]}, {"abbreviation": "LO", "topics": ["lesskilningur", "m\u00e1lfr\u00e6\u00f0i", "or\u00f0afor\u00f0i"]}, {"abbreviation": "MO", "topics": ["m\u00e1lfr\u00e6\u00f0i", "or\u00f0afor\u00f0i", "stig b1 \u00ed evr\u00f3pska tungum\u00e1larammanum"]}, {"abbreviation": "OB", "topics": ["b\u00f3kmenntir", "or\u00f0afor\u00f0i", "stig b2 \u00ed evr\u00f3pska tungum\u00e1larammanum"]}, {"abbreviation": "RB", "topics": ["b\u00f3kmenntir", "ritun"]}, {"abbreviation": "RL", "topics": ["lestur", "m\u00e1lfr\u00e6\u00f0i", "ritun og or\u00f0afor\u00f0i"]}, {"abbreviation": "SG", "topics": ["Lestur", "m\u00e1lfr\u00e6\u00f0i", "or\u00f0afor\u00f0i", "ritun", "tal"]}, {"abbreviation": "RM", "topics": ["Ritun", "b\u00f3kmenntir", "m\u00e1lnotkun"]}, {"abbreviation": "RO", "topics": ["Ritun", "b\u00f3kmenntir", "menning", "or\u00f0afor\u00f0i"]}, {"abbreviation": "SR", "topics": ["Menning", "akadem\u00edskur or\u00f0afor\u00f0i", "ritun", "saga"]}, {"abbreviation": "AE", "topics": ["Almenn akadem\u00edsk enska", "b\u00f3kmenntir", "ritun"]}, {"abbreviation": "SA", "topics": ["S\u00e9rh\u00e6f\u00f0 akadem\u00edsk enska", "b\u00f3kmenntir", "ritun"]}, {"abbreviation": "VR", "topics": ["V\u00edsindaor\u00f0afor\u00f0i", "raungreinar"]}, {"abbreviation": "VH", "topics": ["Vi\u00f0skipti", "erlend samskipti og vi\u00f0skiptah\u00e6ttir"]}, {"abbreviation": "AK", "topics": ["Kennsla", "a\u00f0sto\u00f0 vi\u00f0 nemendur", "ger\u00f0 kennsluefnis"]}, {"abbreviation": "DF", "topics": ["Kvikmyndir. Film Course."]}, {"abbreviation": "SK", "topics": ["enska fyrir fer\u00f0a\u00fej\u00f3nustu", "skapandi skrif"]}, {"abbreviation": "FT", "topics": ["lestur fr\u00e6\u00f0ilegra texta"]}, {"abbreviation": "VT", "topics": ["Lestur enskra vi\u00f0skiptatexta"]}, {"abbreviation": "RT", "topics": ["Lestur enskra raunv\u00edsindatexta"]}, {"abbreviation": "\u00cdT", "topics": ["Lestur \u00ed\u00fer\u00f3ttafr\u00e6\u00f0ilegra texta"]}, {"abbreviation": "TO", "topics": ["Tolkien"]}, {"abbreviation": "RI", "topics": ["Ritun"]}, {"abbreviation": "HL", "topics": ["Hlustun"]}, {"abbreviation": "UE", "topics": ["Undirb\u00fanings\u00e1fangi \u00ed ensku"]}, {"abbreviation": "UH", "topics": ["Undirb\u00faningur fyrir h\u00e1sk\u00f3lan\u00e1m"]}, {"abbreviation": "TJ", "topics": ["Tj\u00e1ning"]}, {"abbreviation": "OM", "topics": ["Or\u00f0afor\u00f0i", "m\u00e1lfr\u00e6\u00f0i", "m\u00e1lnotkun"]}, {"abbreviation": "TF", "topics": ["tj\u00e1ning og m\u00e1lnotkun"]}, {"abbreviation": "AM", "topics": ["Fr\u00e6\u00f0ilegur or\u00f0afor\u00f0i og Bandar\u00edkin"]}, {"abbreviation": "UK", "topics": ["Fr\u00e6\u00f0ilegur or\u00f0afor\u00f0i og Bretland"]}, {"abbreviation": "AC", "topics": ["Akadem\u00edskur or\u00f0afor\u00f0i og rauntextar"]}, {"abbreviation": "SL", "topics": ["Lestur", "menning og skrif"]}, {"abbreviation": "KK", "topics": ["Kvikmyndir og kynning"]}, {"abbreviation": "BA", "topics": ["L\u00fdsing: B\u00f3kmenntir 19. og 20.", "skrif og r\u00e6\u00f0uger\u00f0"]}, {"abbreviation": "OT", "topics": ["Or\u00f0afor\u00f0i", "ritun", "tj\u00e1ning"]}, {"abbreviation": "VM", "topics": ["V\u00edsindi og menning"]}, {"abbreviation": "BT", "topics": ["Bandar\u00edskt \u00fej\u00f3\u00f0f\u00e9lag og menning"]}, {"abbreviation": "MR", "topics": ["M\u00e1lfr\u00e6\u00f0i og ritun"]}, {"abbreviation": "LH", "topics": ["L\u00e6si \u00e1 fl\u00f3knari texta", "hagn\u00fdtur fj\u00f6lbreyttur or\u00f0afor\u00f0i"]}, {"abbreviation": "KB", "topics": ["Kvikmyndir", "b\u00f3kmenntir"]}, {"abbreviation": "OL", "topics": ["Lestur", "Menning", "M\u00e1lfr\u00e6\u00f0i", "Or\u00f0afor\u00f0i", "Ritun", "Tal"]}, {"abbreviation": "CL", "topics": ["Chic Literature and Women in Today\u2018s Society"]}, {"abbreviation": "CW", "topics": ["Creative Writing"]}, {"abbreviation": "OR", "topics": ["B\u00f3kmenntir (fj\u00f6lbreyttir textar)", "menning", "or\u00f0afor\u00f0i", "ranns\u00f3knir og ritun"]}, {"abbreviation": "OG", "topics": ["B\u00f3kmenntir", "lj\u00f3\u00f0agreining", "or\u00f0afor\u00f0i", "ritger\u00f0asm\u00ed\u00f0i og heimildavinna"]}, {"abbreviation": "BY", "topics": ["Lestur", "m\u00e1lfr\u00e6\u00f0i og m\u00e1lnotkun (byrjunar\u00e1fangi \u00ed ensku)", "ritun"]}, {"abbreviation": "DM", "topics": ["Enska Daglegt m\u00e1l"]}, {"abbreviation": "B\u00c1", "topics": ["b\u00f3kmenntir", "ritun", "tj\u00e1ning"]}, {"abbreviation": "HE", "topics": ["Hagn\u00fdt enska", "starfsbraut"]}, {"abbreviation": "RR", "topics": ["Enska \u00ed r\u00e6\u00f0u og riti"]}, {"abbreviation": "HO", "topics": ["Hagn\u00fdtur or\u00f0afor\u00f0i", "c1"]}, {"abbreviation": "FO", "topics": ["Fagor\u00f0afor\u00f0i og fer\u00f0am\u00e1l"]}, {"abbreviation": "EG", "topics": ["Enska 2 \u00e1 starfsbraut"]}, {"abbreviation": "SO", "topics": ["s\u00e9rh\u00e6f\u00f0ur or\u00f0afor\u00f0i"]}, {"abbreviation": "TR", "topics": ["Tj\u00e1ning", "or\u00f0afor\u00f0i", "ritun"]}, {"abbreviation": "\u00deS", "topics": ["\u00dej\u00f3nustust\u00f6rf"]}, {"abbreviation": "SF", "topics": ["Sagnfr\u00e6\u00f0i"]}, {"abbreviation": "T\u00d6", "topics": ["T\u00f6lvuleikir"]}, {"abbreviation": "JM", "topics": ["Fr\u00e1 hugmynd til \u00fatg\u00e1fu"]}, {"abbreviation": "MH", "topics": ["S\u00e9rh\u00e6f\u00f0 enska \u00ed myndlist og h\u00f6nnun"]}, {"abbreviation": "BO", "topics": ["B\u00f3kmenntir", "m\u00e1lfr\u00e6\u00f0i", "or\u00f0afor\u00f0i"]}, {"abbreviation": "VO", "topics": ["V\u00edsindatengdur or\u00f0afor\u00f0i"]}, {"abbreviation": "MV", "topics": ["M\u00e1lnotkun", "b\u00f3kmenntir", "vi\u00f0skipti"]}, {"abbreviation": "SV", "topics": ["m\u00e1lnotkun", "samf\u00e9lag", "vi\u00f0skipti"]}, {"abbreviation": "VI", "topics": ["m\u00e1lskilningur", "ritun", "vi\u00f0skiptaenska"]}, {"abbreviation": "EM", "topics": ["bresk menning", "b\u00f3kmenntir", "m\u00e1l"]}, {"abbreviation": "NV", "topics": ["v\u00edsindaenska"]}, {"abbreviation": "YL", "topics": ["Yndislestur"]}, {"abbreviation": "EH", "topics": ["Enska fyrir heilbrig\u00f0isgreinar"]}, {"abbreviation": "DK", "topics": ["ENSKA"]}, {"abbreviation": "DG", "topics": ["Enskar myndas\u00f6gur"]}, {"abbreviation": "DV", "topics": ["or\u00f0afor\u00f0i"]}, {"abbreviation": "DY", "topics": ["Yndislestur \u00ed ensku"]}, {"abbreviation": "EY", "topics": ["Yndislestur 2 \u00e1 ensku"]}, {"abbreviation": "HB", "topics": ["B\u00f3kmenntir og fr\u00e6\u00f0ilegir textar \u00ed hugv\u00edsindum"]}, {"abbreviation": "MK", "topics": ["b\u00f3kmenntir", "kvikmyndir", "menning", "m\u00e1lnotkun"]}, {"abbreviation": "VG", "topics": ["gagnr\u00fdnin hugsun", "or\u00f0afor\u00f0i v\u00edsinda", "ritun", "tj\u00e1ning"]}, {"abbreviation": "TT", "topics": ["m\u00e1lnotkun \u00ed t\u00e6knigreinum", "or\u00f0afor\u00f0i", "tala\u00f0 m\u00e1l"]}, {"abbreviation": "SS", "topics": ["Shakespeare", "kvikmyndir", "ritun", "sk\u00e1lds\u00f6gur"]}, {"abbreviation": "FV", "topics": ["Fagm\u00e1l", "b\u00f3kmenntir", "f\u00e9lagsv\u00edsindi", "ritun"]}, {"abbreviation": "VV", "topics": ["fagm\u00e1l", "hagfr\u00e6\u00f0i", "verslun", "vi\u00f0skipti"]}, {"abbreviation": "TB", "topics": ["Tolkien", "b\u00f3kmenntir", "fantas\u00eda"]}, {"abbreviation": "LG", "topics": ["Lestur", "ritun og tj\u00e1ning"]}, {"abbreviation": "SH", "topics": ["Shakespeare"]}, {"abbreviation": "BK", "topics": ["b\u00f3kmenntir og menning"]}, {"abbreviation": "VF", "topics": ["fr\u00e6\u00f0i og fagm\u00e1l", "v\u00edsindi"]}, {"abbreviation": "AO", "topics": ["Akadem\u00edskur or\u00f0afor\u00f0i \u00e1 ensku og klass\u00edskar b\u00f3kmenntir"]}, {"abbreviation": "SD", "topics": ["S\u00e9rh\u00e6f\u00f0ur or\u00f0afor\u00f0i og breskar b\u00f3kmenntir"]}, {"abbreviation": "TE", "topics": ["\u00deemaverkefni \u00ed tengslum vi\u00f0 frekara n\u00e1m \u00e1 h\u00e1sk\u00f3lastigi", "\u00fej\u00e1lfun \u00ed ritun og tj\u00e1ningu \u00e1 ensku"]}, {"abbreviation": "LL", "topics": ["B\u00f3kmenntir", "leikrit", "lj\u00f3\u00f0 og kvikmyndir \u00e1 ensku annars vegar og hins vegar sam\u00fe\u00e6tting vi\u00f0 a\u00f0ra \u00e1fanga"]}, {"abbreviation": "US", "topics": ["Undirb\u00faningur fyrir st\u00f6\u00f0lu\u00f0 pr\u00f3f"]}, {"abbreviation": "GA", "topics": ["Grunnor\u00f0afor\u00f0i akadem\u00edskra texta"]}, {"abbreviation": "KO", "topics": ["Krefjandi or\u00f0afor\u00f0i"]}, {"abbreviation": "FS", "topics": ["Fj\u00f6lbreyttur skilningur"]}, {"abbreviation": "EA", "topics": ["Akadem\u00edskur or\u00f0afor\u00f0i"]}, {"abbreviation": "ME", "topics": ["Meteorology", "ve\u00f0urfr\u00e6\u00f0i"]}, {"abbreviation": "EK", "topics": ["Enska 1"]}, {"abbreviation": "LE", "topics": ["Lestur", "b\u00e6\u00f0i rauntexta og sk\u00e1lda\u00f0a"]}, {"abbreviation": "S\u00d6", "topics": ["Sm\u00e1s\u00f6gur og sk\u00e1lds\u00f6gur"]}, {"abbreviation": "HC", "topics": ["Hagn\u00fdt enska"]}, {"abbreviation": "\u00deA", "topics": ["\u00deematengt vi\u00f0fangsefni"]}, {"abbreviation": "\u00deB", "topics": ["\u00deematengt vi\u00f0fangsefni II"]}, {"abbreviation": "\u00deC", "topics": ["\u00deematengt vi\u00f0fangsefni III"]}, {"abbreviation": "AR", "topics": ["Almenn enska \u2013 Ritun", "hlustun", "lestur", "samskipti", "tal"]}, {"abbreviation": "AU", "topics": ["Almenn enska \u2013 ritun", "hlustun", "lestur", "samskipti", "tal"]}, {"abbreviation": "AF", "topics": ["Almenn enska (ritun-tal-hlustun-lestur-samskipti)"]}], "_id": "50c0a02dd8e40575f7f6f488", "subjects": ["enska"], "counter": {"1": 34, "3": 79, "2": 72, "4": 1}}, "evaluation": "S\u00e9rstakt ritunarpr\u00f3f og munnlegt pr\u00f3f. Kennaraeinkunn sem byggir a\u00f0 mestu \u00e1 \u00e1stundun og heimavinnu nemenda \u00fe,m.t. m\u00e1 nefna or\u00f0afor\u00f0averkefni, stuttar ritger\u00f0ir og stuttar kannanir \u00far lesefni \u00e1fangans, \u00fear me\u00f0 sk\u00e1ld- og sm\u00e1s\u00f6gum. Skriflegt lokapr\u00f3f \u00ed lok annar.", "categorization_suggestion": "FB", "embedded_topics": {"abbreviation": "AF", "topics": ["Almenn enska (ritun-tal-hlustun-lestur-samskipti)"]}, "status": "approved by school", "description": "\u00deessi \u00e1fangi mi\u00f0ast vi\u00f0 B1 \u00ed sj\u00e1lfsmatsramma Evr\u00f3psku tungum\u00e1lam\u00f6ppunnar. Meginmarkmi\u00f0 \u00e1fangans er a\u00f0 halda \u00e1fram a\u00f0 byggja upp sj\u00e1lfstraust nemenda gagnvart \u00f6llum f\u00e6rni\u00fe\u00e1ttum, lestri, ritun, tali og hlustun. Grundvallarn\u00e1msefni \u00e1fangans er styttri textar af \u00f3l\u00edkum toga, a\u00f0allega greinar \u00far bl\u00f6\u00f0um, t\u00edmaritum og vefmi\u00f0lum. Nemendur beita \u00f3l\u00edkum lestrara\u00f0fer\u00f0um me\u00f0 \u00fea\u00f0 a\u00f0 markmi\u00f0i a\u00f0 auka lesskilning og st\u00e6kka virkan or\u00f0afor\u00f0a. Lesin eru tv\u00f6 \u00f3stytt b\u00f3kmenntaverk \u00e6tlu\u00f0 yngra f\u00f3lki. Nemendur skrifa stuttar samantektir og \u00fatdr\u00e6tti bygg\u00f0a \u00e1 lesefni \u00e1fangans, einnig stuttar ritger\u00f0ir \u00fear sem \u00feeir \u00fatsk\u00fdra eigin sko\u00f0anir og vi\u00f0br\u00f6g\u00f0 vi\u00f0 lestextum auk \u00feess a\u00f0 skrifa fr\u00e1 eigin brj\u00f3sti. Einnig er fjalla\u00f0 um grundvallar\u00fe\u00e6tti \u00ed uppbyggingu g\u00f3\u00f0rar ritsm\u00ed\u00f0ar, \u00fear me\u00f0 efnisgreinar. Talm\u00e1l er einkum \u00fej\u00e1lfa\u00f0 \u00ed para- og h\u00f3pvinnu auk \u00feess sem nemendur flytja stuttar kynningar \u00e1 \u00feemaverkefnum tengdum enskum\u00e6landi l\u00f6ndum. Hlustunarefni er byggt \u00e1 k\u00f6flum \u00far kvikmyndum og sj\u00f3nvarpsefni, \u00fear me\u00f0 fr\u00e9ttatengdu efni.  R\u00edk \u00e1hersla er l\u00f6g\u00f0 \u00e1 sj\u00e1lfst\u00e6\u00f0 vinnubr\u00f6g\u00f0 \u00ed heiman\u00e1mi og samvinnu nemenda \u00ed kennslustundum.", "knowledge_goals": ["\u00feeim or\u00f0afor\u00f0a sem nau\u00f0synlegur er til a\u00f0 m\u00e6ta h\u00e6fnivi\u00f0mi\u00f0um \u00ferepsins", "notkun tungum\u00e1lsins til a\u00f0 m\u00e6ta h\u00e6fnivi\u00f0mi\u00f0um \u00ferepsins b\u00e6\u00f0i b\u00e6\u00f0i munnlega og skriflega"], "skills_goals": ["skilja lengra tala\u00f0 m\u00e1l \u00e1 e\u00f0lilegum hra\u00f0a", "lesa almenna texta me\u00f0 \u00f3l\u00edkum lestrara\u00f0fer\u00f0um", "taka \u00fe\u00e1tt \u00ed almennum samr\u00e6\u00f0um, t.d. \u00e1 fer\u00f0al\u00f6gum erlendis, um kunnuglegt efni", "tj\u00e1 sig nokku\u00f0 sk\u00fdrt og skilmerkilega um kunnuglegt efni", "skrifa vel uppsettan lengri texta um kunnuglegt efni"], "credits": 5, "last_modified": 1430847540.548432, "schools": ["51234a818caa45ed97015b35"], "coauthors": null, "instructions": "", "continued_education": false, "level": 2, "prerequisites": "Lokaeinkunn \u00ed ensku \u00far grunnsk\u00f3la A e\u00f0a B+", "author": "41be24d4-5ecf-4d99-9661-f49f574e3dcc", "abbreviation_version": null, "competence_goals": [["skilja daglegt m\u00e1l, svo sem samr\u00e6\u00f0ur og fj\u00f6lmi\u00f0laefni, \u00fear sem umr\u00e6\u00f0uefni\u00f0 er kunnuglegt", ""], ["tileinka s\u00e9r efni stutts rita\u00f0s texta og hagn\u00fdta \u00e1 mismunandi h\u00e1tt", ""], ["lesa \u00f3stytta b\u00f3kmenntatexta sem \u00e6tla\u00f0ir eru ungu f\u00f3lki", ""], ["takast \u00e1 vi\u00f0 margv\u00edslegar a\u00f0st\u00e6\u00f0ur \u00ed almennum samskiptum, t.d. \u00e1 fer\u00f0al\u00f6gum, \u00ed almennum sko\u00f0anaskiptum, og umr\u00e6\u00f0um um m\u00e1lefni dagsins og beita e\u00f0lilegum kurteisisvenjum", ""], ["tj\u00e1 sig \u00e1 sk\u00fdran og \u00e1heyrilegan h\u00e1tt af talsver\u00f0u \u00f6ryggi", ""], ["skrifa heildst\u00e6\u00f0an, vel skipulag\u00f0an texta samkv\u00e6mt vi\u00f0urkenndum ritvenjum", ""], ["skrifa texta fr\u00e1 eigin brj\u00f3sti", ""], ["skrifa einfaldar samantektir sem tengjast n\u00e1msefni", ""]], "_id": "5549003462933a2b9f000f25"}, {"exemplary": null, "topics": "Almenn enska, ritun og lestur", "abbreviation": "ENSK2RF05", "former_schools": null, "subject": "enska", "title": "Almenn enska: ritun og lestur \u00ed forgrunni I", "version": 76, "status_trans": "Sam\u00feykkt af sk\u00f3la", "embedded_subject": {"abbreviation": "ENSK", "topics": [{"abbreviation": "GS", "topics": ["grunnatri\u00f0i", "samt\u00f6l"]}, {"abbreviation": "OO", "topics": ["or\u00f0ab\u00f3k", "or\u00f0afor\u00f0i"]}, {"abbreviation": "MM", "topics": ["myndas\u00f6gur", "myndb\u00f6nd"]}, {"abbreviation": "TL", "topics": ["lagatextar", "t\u00f3nlist"]}, {"abbreviation": "FR", "topics": ["ferilsverkefni", "ritunarverkefni"]}, {"abbreviation": "TS", "topics": ["myndm\u00e1l", "ritger\u00f0", "st\u00edlar", "textar"]}, {"abbreviation": "RH", "topics": ["hlustun", "m\u00e1lnotkun", "undirst\u00f6\u00f0uatri\u00f0i \u00ed ritun"]}, {"abbreviation": "SM", "topics": ["m\u00fas\u00edk og myndir 1950-70", "s\u00f6gur"]}, {"abbreviation": "BR", "topics": ["bretland"]}, {"abbreviation": "K\u00c1", "topics": ["kanada", "\u00e1stral\u00eda og n\u00fdja sj\u00e1land"]}, {"abbreviation": "SB", "topics": ["shakespeare og 19. \u00f6ldin \u00ed b\u00f3kmenntum"]}, {"abbreviation": "B\u00d3", "topics": ["b\u00f3kmenntir 20. aldar"]}, {"abbreviation": "KV", "topics": ["kvikmynda\u00e1fangi"]}, {"abbreviation": "AB", "topics": ["afr\u00edsk-amer\u00edskar b\u00f3kmenntir"]}, {"abbreviation": "U\u00c1", "topics": ["undirb\u00faningur", "\u00e1fangi"]}, {"abbreviation": "MT", "topics": ["m\u00e1lfr\u00e6\u00f0i", "tj\u00e1ning"]}, {"abbreviation": "MS", "topics": ["menning", "skapandi skrif"]}, {"abbreviation": "KR", "topics": ["kvikmyndir", "ritun"]}, {"abbreviation": "HR", "topics": ["heimildavinna", "ritger\u00f0ir"]}, {"abbreviation": "FF", "topics": ["fagm\u00e1l", "f\u00e9lagsv\u00edsinda"]}, {"abbreviation": "VE", "topics": ["enska", "vi\u00f0skipta"]}, {"abbreviation": "RE", "topics": ["enska", "raungreinar"]}, {"abbreviation": "BM", "topics": ["b\u00f3kmenntir", "m\u00e1lsaga"]}, {"abbreviation": "LB", "topics": ["b\u00f3kmenntir", "leik"]}, {"abbreviation": "UP", "topics": ["pr\u00f3f", "undirb\u00faningur"]}, {"abbreviation": "EN", "topics": ["enska fyrir fer\u00f0agreinar"]}, {"abbreviation": "FE", "topics": ["enska fyrir fer\u00f0a\u00fej\u00f3nustu"]}, {"abbreviation": "ST", "topics": ["evr\u00f3pski tungum\u00e1laramminn", "stig b1-b2"]}, {"abbreviation": "SE", "topics": ["evr\u00f3pski tungum\u00e1laramminn", "stig b2"]}, {"abbreviation": "ES", "topics": ["evr\u00f3pski tungum\u00e1laramminn", "stig b2-c1"]}, {"abbreviation": "EV", "topics": ["evr\u00f3pski tungum\u00e1laramminn", "stig c1"]}, {"abbreviation": "BF", "topics": ["b2", "evr\u00f3pski tungum\u00e1laramminn", "fer\u00f0a\u00fej\u00f3nuta"]}, {"abbreviation": "FH", "topics": ["evr\u00f3pski tungum\u00e1laramminn", "framhald", "stig c1"]}, {"abbreviation": "GR", "topics": ["grunn\u00e1fangi"]}, {"abbreviation": "FG", "topics": ["enska fyrir matv\u00e6lagreinar"]}, {"abbreviation": "LS", "topics": ["lestur", "m\u00e1lfr\u00e6\u00f0i", "or\u00f0afor\u00f0i", "skilningur"]}, {"abbreviation": "LT", "topics": ["lestur", "or\u00f0afor\u00f0i", "talm\u00e1l"]}, {"abbreviation": "BL", "topics": ["b\u00f3kmenntir", "lesskilningur", "ritun"]}, {"abbreviation": "BS", "topics": ["b\u00f3kmenntir", "menning", "saga"]}, {"abbreviation": "HA", "topics": ["hagn\u00fdtur or\u00f0afor\u00f0i. l\u00e6si \u00e1 fl\u00f3knari texta."]}, {"abbreviation": "OF", "topics": ["grunnor\u00f0afor\u00f0i fr\u00e6\u00f0a og v\u00edsinda.. menningarheimur nor\u00f0ur amer\u00edku"]}, {"abbreviation": "UN", "topics": ["undirb\u00fanings\u00e1fangi \u00ed ensku"]}, {"abbreviation": "LM", "topics": ["lestur og menning", "tj\u00e1ning"]}, {"abbreviation": "TM", "topics": ["menning", "tj\u00e1ning og skapandi skrif"]}, {"abbreviation": "MB", "topics": ["b\u00f3kmenntir", "menning og ritun"]}, {"abbreviation": "EX", "topics": ["extensive vocabulary and expression"]}, {"abbreviation": "ML", "topics": ["m\u00e1lnotkun og l\u00e6si"]}, {"abbreviation": "AA", "topics": ["akadem\u00edskur or\u00f0afor\u00f0i", "fj\u00f6lbreyttir textar", "fyrsti \u00e1fangi \u00ed ensku."]}, {"abbreviation": "YN", "topics": ["yndislestur"]}, {"abbreviation": "BB", "topics": ["akadem\u00edskur or\u00f0afor\u00f0i", "annar \u00e1fangi \u00ed ensku.", "fj\u00f6lbreyttir textar"]}, {"abbreviation": "FA", "topics": ["fagor\u00f0afor\u00f0i"]}, {"abbreviation": "AH", "topics": ["akadem\u00edskur or\u00f0afor\u00f0i", "fj\u00f6lbreyttir textar. hra\u00f0fer\u00f0 \u00ed ensku."]}, {"abbreviation": "BH", "topics": ["akadem\u00edskur or\u00f0afor\u00f0i", "fj\u00f6lbreyttir textar. \u00f6nnur hra\u00f0fer\u00f0 \u00ed ensku."]}, {"abbreviation": "EE", "topics": ["b\u00f3kmenntir", "fj\u00f6lmi\u00f0latextar."]}, {"abbreviation": "LR", "topics": ["lestur", "ritun", "tj\u00e1ning og hlustun"]}, {"abbreviation": "DD", "topics": ["b\u00f3kmenntir"]}, {"abbreviation": "M\u00c1", "topics": ["m\u00e1lfr\u00e6\u00f0i a"]}, {"abbreviation": "CC", "topics": ["b\u00f3kmenntir", "krefjandi or\u00f0afor\u00f0i", "ritun"]}, {"abbreviation": "CH", "topics": ["krefjandi or\u00f0afor\u00f0i"]}, {"abbreviation": "L\u00c9", "topics": ["l\u00e9ttlestur"]}, {"abbreviation": "OH", "topics": ["hlustun", "or\u00f0afor\u00f0i", "talm\u00e1l og ritun"]}, {"abbreviation": "LO", "topics": ["lesskilningur", "m\u00e1lfr\u00e6\u00f0i", "or\u00f0afor\u00f0i"]}, {"abbreviation": "MO", "topics": ["m\u00e1lfr\u00e6\u00f0i", "or\u00f0afor\u00f0i", "stig b1 \u00ed evr\u00f3pska tungum\u00e1larammanum"]}, {"abbreviation": "OB", "topics": ["b\u00f3kmenntir", "or\u00f0afor\u00f0i", "stig b2 \u00ed evr\u00f3pska tungum\u00e1larammanum"]}, {"abbreviation": "RB", "topics": ["b\u00f3kmenntir", "ritun"]}, {"abbreviation": "RL", "topics": ["lestur", "m\u00e1lfr\u00e6\u00f0i", "ritun og or\u00f0afor\u00f0i"]}, {"abbreviation": "SG", "topics": ["Lestur", "m\u00e1lfr\u00e6\u00f0i", "or\u00f0afor\u00f0i", "ritun", "tal"]}, {"abbreviation": "RM", "topics": ["Ritun", "b\u00f3kmenntir", "m\u00e1lnotkun"]}, {"abbreviation": "RO", "topics": ["Ritun", "b\u00f3kmenntir", "menning", "or\u00f0afor\u00f0i"]}, {"abbreviation": "SR", "topics": ["Menning", "akadem\u00edskur or\u00f0afor\u00f0i", "ritun", "saga"]}, {"abbreviation": "AE", "topics": ["Almenn akadem\u00edsk enska", "b\u00f3kmenntir", "ritun"]}, {"abbreviation": "SA", "topics": ["S\u00e9rh\u00e6f\u00f0 akadem\u00edsk enska", "b\u00f3kmenntir", "ritun"]}, {"abbreviation": "VR", "topics": ["V\u00edsindaor\u00f0afor\u00f0i", "raungreinar"]}, {"abbreviation": "VH", "topics": ["Vi\u00f0skipti", "erlend samskipti og vi\u00f0skiptah\u00e6ttir"]}, {"abbreviation": "AK", "topics": ["Kennsla", "a\u00f0sto\u00f0 vi\u00f0 nemendur", "ger\u00f0 kennsluefnis"]}, {"abbreviation": "DF", "topics": ["Kvikmyndir. Film Course."]}, {"abbreviation": "SK", "topics": ["enska fyrir fer\u00f0a\u00fej\u00f3nustu", "skapandi skrif"]}, {"abbreviation": "FT", "topics": ["lestur fr\u00e6\u00f0ilegra texta"]}, {"abbreviation": "VT", "topics": ["Lestur enskra vi\u00f0skiptatexta"]}, {"abbreviation": "RT", "topics": ["Lestur enskra raunv\u00edsindatexta"]}, {"abbreviation": "\u00cdT", "topics": ["Lestur \u00ed\u00fer\u00f3ttafr\u00e6\u00f0ilegra texta"]}, {"abbreviation": "TO", "topics": ["Tolkien"]}, {"abbreviation": "RI", "topics": ["Ritun"]}, {"abbreviation": "HL", "topics": ["Hlustun"]}, {"abbreviation": "UE", "topics": ["Undirb\u00fanings\u00e1fangi \u00ed ensku"]}, {"abbreviation": "UH", "topics": ["Undirb\u00faningur fyrir h\u00e1sk\u00f3lan\u00e1m"]}, {"abbreviation": "TJ", "topics": ["Tj\u00e1ning"]}, {"abbreviation": "OM", "topics": ["Or\u00f0afor\u00f0i", "m\u00e1lfr\u00e6\u00f0i", "m\u00e1lnotkun"]}, {"abbreviation": "TF", "topics": ["tj\u00e1ning og m\u00e1lnotkun"]}, {"abbreviation": "AM", "topics": ["Fr\u00e6\u00f0ilegur or\u00f0afor\u00f0i og Bandar\u00edkin"]}, {"abbreviation": "UK", "topics": ["Fr\u00e6\u00f0ilegur or\u00f0afor\u00f0i og Bretland"]}, {"abbreviation": "AC", "topics": ["Akadem\u00edskur or\u00f0afor\u00f0i og rauntextar"]}, {"abbreviation": "SL", "topics": ["Lestur", "menning og skrif"]}, {"abbreviation": "KK", "topics": ["Kvikmyndir og kynning"]}, {"abbreviation": "BA", "topics": ["L\u00fdsing: B\u00f3kmenntir 19. og 20.", "skrif og r\u00e6\u00f0uger\u00f0"]}, {"abbreviation": "OT", "topics": ["Or\u00f0afor\u00f0i", "ritun", "tj\u00e1ning"]}, {"abbreviation": "VM", "topics": ["V\u00edsindi og menning"]}, {"abbreviation": "BT", "topics": ["Bandar\u00edskt \u00fej\u00f3\u00f0f\u00e9lag og menning"]}, {"abbreviation": "MR", "topics": ["M\u00e1lfr\u00e6\u00f0i og ritun"]}, {"abbreviation": "LH", "topics": ["L\u00e6si \u00e1 fl\u00f3knari texta", "hagn\u00fdtur fj\u00f6lbreyttur or\u00f0afor\u00f0i"]}, {"abbreviation": "KB", "topics": ["Kvikmyndir", "b\u00f3kmenntir"]}, {"abbreviation": "OL", "topics": ["Lestur", "Menning", "M\u00e1lfr\u00e6\u00f0i", "Or\u00f0afor\u00f0i", "Ritun", "Tal"]}, {"abbreviation": "CL", "topics": ["Chic Literature and Women in Today\u2018s Society"]}, {"abbreviation": "CW", "topics": ["Creative Writing"]}, {"abbreviation": "OR", "topics": ["B\u00f3kmenntir (fj\u00f6lbreyttir textar)", "menning", "or\u00f0afor\u00f0i", "ranns\u00f3knir og ritun"]}, {"abbreviation": "OG", "topics": ["B\u00f3kmenntir", "lj\u00f3\u00f0agreining", "or\u00f0afor\u00f0i", "ritger\u00f0asm\u00ed\u00f0i og heimildavinna"]}, {"abbreviation": "BY", "topics": ["Lestur", "m\u00e1lfr\u00e6\u00f0i og m\u00e1lnotkun (byrjunar\u00e1fangi \u00ed ensku)", "ritun"]}, {"abbreviation": "DM", "topics": ["Enska Daglegt m\u00e1l"]}, {"abbreviation": "B\u00c1", "topics": ["b\u00f3kmenntir", "ritun", "tj\u00e1ning"]}, {"abbreviation": "HE", "topics": ["Hagn\u00fdt enska", "starfsbraut"]}, {"abbreviation": "RR", "topics": ["Enska \u00ed r\u00e6\u00f0u og riti"]}, {"abbreviation": "HO", "topics": ["Hagn\u00fdtur or\u00f0afor\u00f0i", "c1"]}, {"abbreviation": "FO", "topics": ["Fagor\u00f0afor\u00f0i og fer\u00f0am\u00e1l"]}, {"abbreviation": "EG", "topics": ["Enska 2 \u00e1 starfsbraut"]}, {"abbreviation": "SO", "topics": ["s\u00e9rh\u00e6f\u00f0ur or\u00f0afor\u00f0i"]}, {"abbreviation": "TR", "topics": ["Tj\u00e1ning", "or\u00f0afor\u00f0i", "ritun"]}, {"abbreviation": "\u00deS", "topics": ["\u00dej\u00f3nustust\u00f6rf"]}, {"abbreviation": "SF", "topics": ["Sagnfr\u00e6\u00f0i"]}, {"abbreviation": "T\u00d6", "topics": ["T\u00f6lvuleikir"]}, {"abbreviation": "JM", "topics": ["Fr\u00e1 hugmynd til \u00fatg\u00e1fu"]}, {"abbreviation": "MH", "topics": ["S\u00e9rh\u00e6f\u00f0 enska \u00ed myndlist og h\u00f6nnun"]}, {"abbreviation": "BO", "topics": ["B\u00f3kmenntir", "m\u00e1lfr\u00e6\u00f0i", "or\u00f0afor\u00f0i"]}, {"abbreviation": "VO", "topics": ["V\u00edsindatengdur or\u00f0afor\u00f0i"]}, {"abbreviation": "MV", "topics": ["M\u00e1lnotkun", "b\u00f3kmenntir", "vi\u00f0skipti"]}, {"abbreviation": "SV", "topics": ["m\u00e1lnotkun", "samf\u00e9lag", "vi\u00f0skipti"]}, {"abbreviation": "VI", "topics": ["m\u00e1lskilningur", "ritun", "vi\u00f0skiptaenska"]}, {"abbreviation": "EM", "topics": ["bresk menning", "b\u00f3kmenntir", "m\u00e1l"]}, {"abbreviation": "NV", "topics": ["v\u00edsindaenska"]}, {"abbreviation": "YL", "topics": ["Yndislestur"]}, {"abbreviation": "EH", "topics": ["Enska fyrir heilbrig\u00f0isgreinar"]}, {"abbreviation": "DK", "topics": ["ENSKA"]}, {"abbreviation": "DG", "topics": ["Enskar myndas\u00f6gur"]}, {"abbreviation": "DV", "topics": ["or\u00f0afor\u00f0i"]}, {"abbreviation": "DY", "topics": ["Yndislestur \u00ed ensku"]}, {"abbreviation": "EY", "topics": ["Yndislestur 2 \u00e1 ensku"]}, {"abbreviation": "HB", "topics": ["B\u00f3kmenntir og fr\u00e6\u00f0ilegir textar \u00ed hugv\u00edsindum"]}, {"abbreviation": "MK", "topics": ["b\u00f3kmenntir", "kvikmyndir", "menning", "m\u00e1lnotkun"]}, {"abbreviation": "VG", "topics": ["gagnr\u00fdnin hugsun", "or\u00f0afor\u00f0i v\u00edsinda", "ritun", "tj\u00e1ning"]}, {"abbreviation": "TT", "topics": ["m\u00e1lnotkun \u00ed t\u00e6knigreinum", "or\u00f0afor\u00f0i", "tala\u00f0 m\u00e1l"]}, {"abbreviation": "SS", "topics": ["Shakespeare", "kvikmyndir", "ritun", "sk\u00e1lds\u00f6gur"]}, {"abbreviation": "FV", "topics": ["Fagm\u00e1l", "b\u00f3kmenntir", "f\u00e9lagsv\u00edsindi", "ritun"]}, {"abbreviation": "VV", "topics": ["fagm\u00e1l", "hagfr\u00e6\u00f0i", "verslun", "vi\u00f0skipti"]}, {"abbreviation": "TB", "topics": ["Tolkien", "b\u00f3kmenntir", "fantas\u00eda"]}, {"abbreviation": "LG", "topics": ["Lestur", "ritun og tj\u00e1ning"]}, {"abbreviation": "SH", "topics": ["Shakespeare"]}, {"abbreviation": "BK", "topics": ["b\u00f3kmenntir og menning"]}, {"abbreviation": "VF", "topics": ["fr\u00e6\u00f0i og fagm\u00e1l", "v\u00edsindi"]}, {"abbreviation": "AO", "topics": ["Akadem\u00edskur or\u00f0afor\u00f0i \u00e1 ensku og klass\u00edskar b\u00f3kmenntir"]}, {"abbreviation": "SD", "topics": ["S\u00e9rh\u00e6f\u00f0ur or\u00f0afor\u00f0i og breskar b\u00f3kmenntir"]}, {"abbreviation": "TE", "topics": ["\u00deemaverkefni \u00ed tengslum vi\u00f0 frekara n\u00e1m \u00e1 h\u00e1sk\u00f3lastigi", "\u00fej\u00e1lfun \u00ed ritun og tj\u00e1ningu \u00e1 ensku"]}, {"abbreviation": "LL", "topics": ["B\u00f3kmenntir", "leikrit", "lj\u00f3\u00f0 og kvikmyndir \u00e1 ensku annars vegar og hins vegar sam\u00fe\u00e6tting vi\u00f0 a\u00f0ra \u00e1fanga"]}, {"abbreviation": "US", "topics": ["Undirb\u00faningur fyrir st\u00f6\u00f0lu\u00f0 pr\u00f3f"]}, {"abbreviation": "GA", "topics": ["Grunnor\u00f0afor\u00f0i akadem\u00edskra texta"]}, {"abbreviation": "KO", "topics": ["Krefjandi or\u00f0afor\u00f0i"]}, {"abbreviation": "FS", "topics": ["Fj\u00f6lbreyttur skilningur"]}, {"abbreviation": "EA", "topics": ["Akadem\u00edskur or\u00f0afor\u00f0i"]}, {"abbreviation": "ME", "topics": ["Meteorology", "ve\u00f0urfr\u00e6\u00f0i"]}, {"abbreviation": "EK", "topics": ["Enska 1"]}, {"abbreviation": "LE", "topics": ["Lestur", "b\u00e6\u00f0i rauntexta og sk\u00e1lda\u00f0a"]}, {"abbreviation": "S\u00d6", "topics": ["Sm\u00e1s\u00f6gur og sk\u00e1lds\u00f6gur"]}, {"abbreviation": "HC", "topics": ["Hagn\u00fdt enska"]}, {"abbreviation": "\u00deA", "topics": ["\u00deematengt vi\u00f0fangsefni"]}, {"abbreviation": "\u00deB", "topics": ["\u00deematengt vi\u00f0fangsefni II"]}, {"abbreviation": "\u00deC", "topics": ["\u00deematengt vi\u00f0fangsefni III"]}, {"abbreviation": "AR", "topics": ["Almenn enska \u2013 Ritun", "hlustun", "lestur", "samskipti", "tal"]}, {"abbreviation": "AU", "topics": ["Almenn enska \u2013 ritun", "hlustun", "lestur", "samskipti", "tal"]}, {"abbreviation": "AF", "topics": ["Almenn enska (ritun-tal-hlustun-lestur-samskipti)"]}, {"abbreviation": "RF", "topics": ["Almenn enska", "ritun og lestur"]}], "_id": "50c0a02dd8e40575f7f6f488", "subjects": ["enska"], "counter": {"1": 34, "3": 79, "2": 72, "4": 1}}, "evaluation": "S\u00e9rstakt ritunarpr\u00f3f og munnlegt pr\u00f3f. Kennaraeinkunn sem byggir a\u00f0 mestu \u00e1 \u00e1stundun og heimavinnu nemenda-\u00fear m\u00e1 nefna or\u00f0afor\u00f0averkefni, ritger\u00f0ir og kannanir \u00far lesefni \u00e1fangans, \u00fe.m.t. b\u00f3kmenntaverkum \u00e1fangans. Skriflegt lokapr\u00f3f \u00ed lok annar.", "categorization_suggestion": "FB", "embedded_topics": {"abbreviation": "RF", "topics": ["Almenn enska", "ritun og lestur"]}, "status": "approved by school", "description": "\u00deessi \u00e1fangi mi\u00f0ast vi\u00f0 B2 \u00ed sj\u00e1lfsmatsramma Evr\u00f3psku tungum\u00e1lam\u00f6ppunnar. Meginmarkmi\u00f0 \u00e1fangans er a\u00f0 halda \u00e1fram a\u00f0 byggja upp sj\u00e1lfstraust nemenda gagnvart \u00f6llum f\u00e6rni\u00fe\u00e1ttum, lestri, ritun, tali og hlustun. Grundvallarn\u00e1msefni \u00e1fangans er textar sem eru fl\u00f3knari, lengri og s\u00e9rh\u00e6f\u00f0ari en \u00ed fyrri \u00e1f\u00f6ngum. Unni\u00f0 er me\u00f0 n\u00fdjan or\u00f0afor\u00f0a, \u00fe.m.t.  fr\u00e6\u00f0ilegan or\u00f0afor\u00f0a. Eins og \u00ed fyrri \u00e1f\u00f6ngum eru nemendur \u00fej\u00e1lfa\u00f0ir \u00ed \u00f3l\u00edkum lestrara\u00f0fer\u00f0um. Lesin eru tv\u00f6 b\u00f3kmenntaverk. Nemendur skrifa stuttar ritger\u00f0ir og samantektir tengdar lesefni \u00e1fangans \u00fear sem ger\u00f0ar eru auknar kr\u00f6fur um uppbyggingu ritsm\u00ed\u00f0a. Einnig kynnast nemendur grunnatri\u00f0um \u00ed ritr\u00fdni um b\u00f3kmenntir. \u00dej\u00e1lfun \u00ed talm\u00e1li fer fram \u00ed para- og h\u00f3pvinnu \u00e1samt h\u00f3pumr\u00e6\u00f0um. Einnig vinna nemendur \u00feemaverkefni um menningu og landafr\u00e6\u00f0i enskum\u00e6landi landa sem \u00feeir s\u00ed\u00f0an kynna fyrir samnemendum s\u00ednum. S\u00e9rst\u00f6k \u00e1hersla er l\u00f6g\u00f0 \u00e1 frams\u00f6gn \u00ed \u00feessum \u00e1fanga. Hlustunarefni er byggt \u00e1 k\u00f6flum \u00far kvikmyndum og sj\u00f3nvarpsefni (t.d. fr\u00e9ttatengdu efni) fr\u00e1 \u00f3l\u00edkum enskum\u00e6landi l\u00f6ndum.  R\u00edk \u00e1hersla er l\u00f6g\u00f0 \u00e1 sj\u00e1lfst\u00e6\u00f0 vinnubr\u00f6g\u00f0 \u00ed heiman\u00e1mi og samvinnu nemenda \u00ed kennslustundum.", "knowledge_goals": ["or\u00f0afor\u00f0a og notkun tungum\u00e1lsins (munnlega og skriflega) til a\u00f0 m\u00e6ta h\u00e6fnivi\u00f0mi\u00f0um \u00ferepsins", "helstu hef\u00f0um um uppsetningu og skipulag rita\u00f0s m\u00e1ls, svo sem efnisgreinar og greinarmerkjasetningu"], "skills_goals": ["skilja tala\u00f0 m\u00e1l me\u00f0 \u00f3l\u00edkum sta\u00f0bundnum hreim", "lesa texta me\u00f0 s\u00e9rh\u00e6f\u00f0um or\u00f0afor\u00f0a", "lesa n\u00fat\u00edma b\u00f3kmenntatexta", "taka \u00fe\u00e1tt \u00ed almennum samr\u00e6\u00f0um vi\u00f0 \u00fe\u00e1 sem hafa ensku a\u00f0 m\u00f3\u00f0urm\u00e1li", "tj\u00e1 sig lipurlega um m\u00e1lefni sem hann hefur kynnt s\u00e9r og undirb\u00fai\u00f0", "skrifa vel skipulag\u00f0an texta um fl\u00f3knari hluti, t.d. b\u00f3kmenntir"], "credits": 5, "last_modified": 1430848372.647235, "schools": ["51234a818caa45ed97015b35"], "coauthors": null, "instructions": "", "continued_education": false, "level": 2, "prerequisites": "", "author": "41be24d4-5ecf-4d99-9661-f49f574e3dcc", "abbreviation_version": null, "competence_goals": [["skilja tala\u00f0 m\u00e1l um kunnugleg efni", ""], ["skilja fj\u00f6lmi\u00f0laefni um fr\u00e9ttatengda hluti", ""], ["tileinka s\u00e9r a\u00f0alatri\u00f0i \u00ed styttri bla\u00f0a- og t\u00edmaritsgreinum me\u00f0 fr\u00e6\u00f0ilegum or\u00f0afor\u00f0a", ""], ["lesa n\u00fat\u00edma b\u00f3kmenntatexta", ""], ["lesa \u201emilli l\u00edna\u201c og \u00e1tta sig \u00e1 d\u00fdpri merkingu texta", ""], ["takast \u00e1 vi\u00f0 margv\u00edslegar a\u00f0st\u00e6\u00f0ur af nokkru \u00f6ryggi \u00ed samskiptum vi\u00f0 \u00fe\u00e1 sem hafa ensku a\u00f0 m\u00f3\u00f0urm\u00e1li", ""], ["tj\u00e1 sig sk\u00fdrt og skilmerkilega um efni tengd n\u00e1msefni, t.d. b\u00f3kmenntatexta", ""], ["tj\u00e1 sig um eigin a\u00f0st\u00e6\u00f0ur, t.d. \u00e1hugasvi\u00f0 og pers\u00f3nulega reynslu", ""], ["mi\u00f0la efni sem hann hefur afla\u00f0 s\u00e9r \u00feekkingar \u00e1", ""], ["skrifa l\u00e6silegan og sk\u00fdran texta um s\u00e9rvali\u00f0 efni", ""], ["skrifa um b\u00f3kmenntir, b\u00e6\u00f0i samantektir og r\u00fdni", ""]], "_id": "5549037462933a2b9f000f28"}, {"exemplary": null, "topics": "Almenn enska: ritun og lestur \u00ed forgrunni II", "abbreviation": "ENSK2RS05", "former_schools": null, "subject": "enska", "title": "Almenn enska: ritun og lestur \u00ed forgrunni II", "version": 77, "status_trans": "Sam\u00feykkt af sk\u00f3la", "embedded_subject": {"abbreviation": "ENSK", "topics": [{"abbreviation": "GS", "topics": ["grunnatri\u00f0i", "samt\u00f6l"]}, {"abbreviation": "OO", "topics": ["or\u00f0ab\u00f3k", "or\u00f0afor\u00f0i"]}, {"abbreviation": "MM", "topics": ["myndas\u00f6gur", "myndb\u00f6nd"]}, {"abbreviation": "TL", "topics": ["lagatextar", "t\u00f3nlist"]}, {"abbreviation": "FR", "topics": ["ferilsverkefni", "ritunarverkefni"]}, {"abbreviation": "TS", "topics": ["myndm\u00e1l", "ritger\u00f0", "st\u00edlar", "textar"]}, {"abbreviation": "RH", "topics": ["hlustun", "m\u00e1lnotkun", "undirst\u00f6\u00f0uatri\u00f0i \u00ed ritun"]}, {"abbreviation": "SM", "topics": ["m\u00fas\u00edk og myndir 1950-70", "s\u00f6gur"]}, {"abbreviation": "BR", "topics": ["bretland"]}, {"abbreviation": "K\u00c1", "topics": ["kanada", "\u00e1stral\u00eda og n\u00fdja sj\u00e1land"]}, {"abbreviation": "SB", "topics": ["shakespeare og 19. \u00f6ldin \u00ed b\u00f3kmenntum"]}, {"abbreviation": "B\u00d3", "topics": ["b\u00f3kmenntir 20. aldar"]}, {"abbreviation": "KV", "topics": ["kvikmynda\u00e1fangi"]}, {"abbreviation": "AB", "topics": ["afr\u00edsk-amer\u00edskar b\u00f3kmenntir"]}, {"abbreviation": "U\u00c1", "topics": ["undirb\u00faningur", "\u00e1fangi"]}, {"abbreviation": "MT", "topics": ["m\u00e1lfr\u00e6\u00f0i", "tj\u00e1ning"]}, {"abbreviation": "MS", "topics": ["menning", "skapandi skrif"]}, {"abbreviation": "KR", "topics": ["kvikmyndir", "ritun"]}, {"abbreviation": "HR", "topics": ["heimildavinna", "ritger\u00f0ir"]}, {"abbreviation": "FF", "topics": ["fagm\u00e1l", "f\u00e9lagsv\u00edsinda"]}, {"abbreviation": "VE", "topics": ["enska", "vi\u00f0skipta"]}, {"abbreviation": "RE", "topics": ["enska", "raungreinar"]}, {"abbreviation": "BM", "topics": ["b\u00f3kmenntir", "m\u00e1lsaga"]}, {"abbreviation": "LB", "topics": ["b\u00f3kmenntir", "leik"]}, {"abbreviation": "UP", "topics": ["pr\u00f3f", "undirb\u00faningur"]}, {"abbreviation": "EN", "topics": ["enska fyrir fer\u00f0agreinar"]}, {"abbreviation": "FE", "topics": ["enska fyrir fer\u00f0a\u00fej\u00f3nustu"]}, {"abbreviation": "ST", "topics": ["evr\u00f3pski tungum\u00e1laramminn", "stig b1-b2"]}, {"abbreviation": "SE", "topics": ["evr\u00f3pski tungum\u00e1laramminn", "stig b2"]}, {"abbreviation": "ES", "topics": ["evr\u00f3pski tungum\u00e1laramminn", "stig b2-c1"]}, {"abbreviation": "EV", "topics": ["evr\u00f3pski tungum\u00e1laramminn", "stig c1"]}, {"abbreviation": "BF", "topics": ["b2", "evr\u00f3pski tungum\u00e1laramminn", "fer\u00f0a\u00fej\u00f3nuta"]}, {"abbreviation": "FH", "topics": ["evr\u00f3pski tungum\u00e1laramminn", "framhald", "stig c1"]}, {"abbreviation": "GR", "topics": ["grunn\u00e1fangi"]}, {"abbreviation": "FG", "topics": ["enska fyrir matv\u00e6lagreinar"]}, {"abbreviation": "LS", "topics": ["lestur", "m\u00e1lfr\u00e6\u00f0i", "or\u00f0afor\u00f0i", "skilningur"]}, {"abbreviation": "LT", "topics": ["lestur", "or\u00f0afor\u00f0i", "talm\u00e1l"]}, {"abbreviation": "BL", "topics": ["b\u00f3kmenntir", "lesskilningur", "ritun"]}, {"abbreviation": "BS", "topics": ["b\u00f3kmenntir", "menning", "saga"]}, {"abbreviation": "HA", "topics": ["hagn\u00fdtur or\u00f0afor\u00f0i. l\u00e6si \u00e1 fl\u00f3knari texta."]}, {"abbreviation": "OF", "topics": ["grunnor\u00f0afor\u00f0i fr\u00e6\u00f0a og v\u00edsinda.. menningarheimur nor\u00f0ur amer\u00edku"]}, {"abbreviation": "UN", "topics": ["undirb\u00fanings\u00e1fangi \u00ed ensku"]}, {"abbreviation": "LM", "topics": ["lestur og menning", "tj\u00e1ning"]}, {"abbreviation": "TM", "topics": ["menning", "tj\u00e1ning og skapandi skrif"]}, {"abbreviation": "MB", "topics": ["b\u00f3kmenntir", "menning og ritun"]}, {"abbreviation": "EX", "topics": ["extensive vocabulary and expression"]}, {"abbreviation": "ML", "topics": ["m\u00e1lnotkun og l\u00e6si"]}, {"abbreviation": "AA", "topics": ["akadem\u00edskur or\u00f0afor\u00f0i", "fj\u00f6lbreyttir textar", "fyrsti \u00e1fangi \u00ed ensku."]}, {"abbreviation": "YN", "topics": ["yndislestur"]}, {"abbreviation": "BB", "topics": ["akadem\u00edskur or\u00f0afor\u00f0i", "annar \u00e1fangi \u00ed ensku.", "fj\u00f6lbreyttir textar"]}, {"abbreviation": "FA", "topics": ["fagor\u00f0afor\u00f0i"]}, {"abbreviation": "AH", "topics": ["akadem\u00edskur or\u00f0afor\u00f0i", "fj\u00f6lbreyttir textar. hra\u00f0fer\u00f0 \u00ed ensku."]}, {"abbreviation": "BH", "topics": ["akadem\u00edskur or\u00f0afor\u00f0i", "fj\u00f6lbreyttir textar. \u00f6nnur hra\u00f0fer\u00f0 \u00ed ensku."]}, {"abbreviation": "EE", "topics": ["b\u00f3kmenntir", "fj\u00f6lmi\u00f0latextar."]}, {"abbreviation": "LR", "topics": ["lestur", "ritun", "tj\u00e1ning og hlustun"]}, {"abbreviation": "DD", "topics": ["b\u00f3kmenntir"]}, {"abbreviation": "M\u00c1", "topics": ["m\u00e1lfr\u00e6\u00f0i a"]}, {"abbreviation": "CC", "topics": ["b\u00f3kmenntir", "krefjandi or\u00f0afor\u00f0i", "ritun"]}, {"abbreviation": "CH", "topics": ["krefjandi or\u00f0afor\u00f0i"]}, {"abbreviation": "L\u00c9", "topics": ["l\u00e9ttlestur"]}, {"abbreviation": "OH", "topics": ["hlustun", "or\u00f0afor\u00f0i", "talm\u00e1l og ritun"]}, {"abbreviation": "LO", "topics": ["lesskilningur", "m\u00e1lfr\u00e6\u00f0i", "or\u00f0afor\u00f0i"]}, {"abbreviation": "MO", "topics": ["m\u00e1lfr\u00e6\u00f0i", "or\u00f0afor\u00f0i", "stig b1 \u00ed evr\u00f3pska tungum\u00e1larammanum"]}, {"abbreviation": "OB", "topics": ["b\u00f3kmenntir", "or\u00f0afor\u00f0i", "stig b2 \u00ed evr\u00f3pska tungum\u00e1larammanum"]}, {"abbreviation": "RB", "topics": ["b\u00f3kmenntir", "ritun"]}, {"abbreviation": "RL", "topics": ["lestur", "m\u00e1lfr\u00e6\u00f0i", "ritun og or\u00f0afor\u00f0i"]}, {"abbreviation": "SG", "topics": ["Lestur", "m\u00e1lfr\u00e6\u00f0i", "or\u00f0afor\u00f0i", "ritun", "tal"]}, {"abbreviation": "RM", "topics": ["Ritun", "b\u00f3kmenntir", "m\u00e1lnotkun"]}, {"abbreviation": "RO", "topics": ["Ritun", "b\u00f3kmenntir", "menning", "or\u00f0afor\u00f0i"]}, {"abbreviation": "SR", "topics": ["Menning", "akadem\u00edskur or\u00f0afor\u00f0i", "ritun", "saga"]}, {"abbreviation": "AE", "topics": ["Almenn akadem\u00edsk enska", "b\u00f3kmenntir", "ritun"]}, {"abbreviation": "SA", "topics": ["S\u00e9rh\u00e6f\u00f0 akadem\u00edsk enska", "b\u00f3kmenntir", "ritun"]}, {"abbreviation": "VR", "topics": ["V\u00edsindaor\u00f0afor\u00f0i", "raungreinar"]}, {"abbreviation": "VH", "topics": ["Vi\u00f0skipti", "erlend samskipti og vi\u00f0skiptah\u00e6ttir"]}, {"abbreviation": "AK", "topics": ["Kennsla", "a\u00f0sto\u00f0 vi\u00f0 nemendur", "ger\u00f0 kennsluefnis"]}, {"abbreviation": "DF", "topics": ["Kvikmyndir. Film Course."]}, {"abbreviation": "SK", "topics": ["enska fyrir fer\u00f0a\u00fej\u00f3nustu", "skapandi skrif"]}, {"abbreviation": "FT", "topics": ["lestur fr\u00e6\u00f0ilegra texta"]}, {"abbreviation": "VT", "topics": ["Lestur enskra vi\u00f0skiptatexta"]}, {"abbreviation": "RT", "topics": ["Lestur enskra raunv\u00edsindatexta"]}, {"abbreviation": "\u00cdT", "topics": ["Lestur \u00ed\u00fer\u00f3ttafr\u00e6\u00f0ilegra texta"]}, {"abbreviation": "TO", "topics": ["Tolkien"]}, {"abbreviation": "RI", "topics": ["Ritun"]}, {"abbreviation": "HL", "topics": ["Hlustun"]}, {"abbreviation": "UE", "topics": ["Undirb\u00fanings\u00e1fangi \u00ed ensku"]}, {"abbreviation": "UH", "topics": ["Undirb\u00faningur fyrir h\u00e1sk\u00f3lan\u00e1m"]}, {"abbreviation": "TJ", "topics": ["Tj\u00e1ning"]}, {"abbreviation": "OM", "topics": ["Or\u00f0afor\u00f0i", "m\u00e1lfr\u00e6\u00f0i", "m\u00e1lnotkun"]}, {"abbreviation": "TF", "topics": ["tj\u00e1ning og m\u00e1lnotkun"]}, {"abbreviation": "AM", "topics": ["Fr\u00e6\u00f0ilegur or\u00f0afor\u00f0i og Bandar\u00edkin"]}, {"abbreviation": "UK", "topics": ["Fr\u00e6\u00f0ilegur or\u00f0afor\u00f0i og Bretland"]}, {"abbreviation": "AC", "topics": ["Akadem\u00edskur or\u00f0afor\u00f0i og rauntextar"]}, {"abbreviation": "SL", "topics": ["Lestur", "menning og skrif"]}, {"abbreviation": "KK", "topics": ["Kvikmyndir og kynning"]}, {"abbreviation": "BA", "topics": ["L\u00fdsing: B\u00f3kmenntir 19. og 20.", "skrif og r\u00e6\u00f0uger\u00f0"]}, {"abbreviation": "OT", "topics": ["Or\u00f0afor\u00f0i", "ritun", "tj\u00e1ning"]}, {"abbreviation": "VM", "topics": ["V\u00edsindi og menning"]}, {"abbreviation": "BT", "topics": ["Bandar\u00edskt \u00fej\u00f3\u00f0f\u00e9lag og menning"]}, {"abbreviation": "MR", "topics": ["M\u00e1lfr\u00e6\u00f0i og ritun"]}, {"abbreviation": "LH", "topics": ["L\u00e6si \u00e1 fl\u00f3knari texta", "hagn\u00fdtur fj\u00f6lbreyttur or\u00f0afor\u00f0i"]}, {"abbreviation": "KB", "topics": ["Kvikmyndir", "b\u00f3kmenntir"]}, {"abbreviation": "OL", "topics": ["Lestur", "Menning", "M\u00e1lfr\u00e6\u00f0i", "Or\u00f0afor\u00f0i", "Ritun", "Tal"]}, {"abbreviation": "CL", "topics": ["Chic Literature and Women in Today\u2018s Society"]}, {"abbreviation": "CW", "topics": ["Creative Writing"]}, {"abbreviation": "OR", "topics": ["B\u00f3kmenntir (fj\u00f6lbreyttir textar)", "menning", "or\u00f0afor\u00f0i", "ranns\u00f3knir og ritun"]}, {"abbreviation": "OG", "topics": ["B\u00f3kmenntir", "lj\u00f3\u00f0agreining", "or\u00f0afor\u00f0i", "ritger\u00f0asm\u00ed\u00f0i og heimildavinna"]}, {"abbreviation": "BY", "topics": ["Lestur", "m\u00e1lfr\u00e6\u00f0i og m\u00e1lnotkun (byrjunar\u00e1fangi \u00ed ensku)", "ritun"]}, {"abbreviation": "DM", "topics": ["Enska Daglegt m\u00e1l"]}, {"abbreviation": "B\u00c1", "topics": ["b\u00f3kmenntir", "ritun", "tj\u00e1ning"]}, {"abbreviation": "HE", "topics": ["Hagn\u00fdt enska", "starfsbraut"]}, {"abbreviation": "RR", "topics": ["Enska \u00ed r\u00e6\u00f0u og riti"]}, {"abbreviation": "HO", "topics": ["Hagn\u00fdtur or\u00f0afor\u00f0i", "c1"]}, {"abbreviation": "FO", "topics": ["Fagor\u00f0afor\u00f0i og fer\u00f0am\u00e1l"]}, {"abbreviation": "EG", "topics": ["Enska 2 \u00e1 starfsbraut"]}, {"abbreviation": "SO", "topics": ["s\u00e9rh\u00e6f\u00f0ur or\u00f0afor\u00f0i"]}, {"abbreviation": "TR", "topics": ["Tj\u00e1ning", "or\u00f0afor\u00f0i", "ritun"]}, {"abbreviation": "\u00deS", "topics": ["\u00dej\u00f3nustust\u00f6rf"]}, {"abbreviation": "SF", "topics": ["Sagnfr\u00e6\u00f0i"]}, {"abbreviation": "T\u00d6", "topics": ["T\u00f6lvuleikir"]}, {"abbreviation": "JM", "topics": ["Fr\u00e1 hugmynd til \u00fatg\u00e1fu"]}, {"abbreviation": "MH", "topics": ["S\u00e9rh\u00e6f\u00f0 enska \u00ed myndlist og h\u00f6nnun"]}, {"abbreviation": "BO", "topics": ["B\u00f3kmenntir", "m\u00e1lfr\u00e6\u00f0i", "or\u00f0afor\u00f0i"]}, {"abbreviation": "VO", "topics": ["V\u00edsindatengdur or\u00f0afor\u00f0i"]}, {"abbreviation": "MV", "topics": ["M\u00e1lnotkun", "b\u00f3kmenntir", "vi\u00f0skipti"]}, {"abbreviation": "SV", "topics": ["m\u00e1lnotkun", "samf\u00e9lag", "vi\u00f0skipti"]}, {"abbreviation": "VI", "topics": ["m\u00e1lskilningur", "ritun", "vi\u00f0skiptaenska"]}, {"abbreviation": "EM", "topics": ["bresk menning", "b\u00f3kmenntir", "m\u00e1l"]}, {"abbreviation": "NV", "topics": ["v\u00edsindaenska"]}, {"abbreviation": "YL", "topics": ["Yndislestur"]}, {"abbreviation": "EH", "topics": ["Enska fyrir heilbrig\u00f0isgreinar"]}, {"abbreviation": "DK", "topics": ["ENSKA"]}, {"abbreviation": "DG", "topics": ["Enskar myndas\u00f6gur"]}, {"abbreviation": "DV", "topics": ["or\u00f0afor\u00f0i"]}, {"abbreviation": "DY", "topics": ["Yndislestur \u00ed ensku"]}, {"abbreviation": "EY", "topics": ["Yndislestur 2 \u00e1 ensku"]}, {"abbreviation": "HB", "topics": ["B\u00f3kmenntir og fr\u00e6\u00f0ilegir textar \u00ed hugv\u00edsindum"]}, {"abbreviation": "MK", "topics": ["b\u00f3kmenntir", "kvikmyndir", "menning", "m\u00e1lnotkun"]}, {"abbreviation": "VG", "topics": ["gagnr\u00fdnin hugsun", "or\u00f0afor\u00f0i v\u00edsinda", "ritun", "tj\u00e1ning"]}, {"abbreviation": "TT", "topics": ["m\u00e1lnotkun \u00ed t\u00e6knigreinum", "or\u00f0afor\u00f0i", "tala\u00f0 m\u00e1l"]}, {"abbreviation": "SS", "topics": ["Shakespeare", "kvikmyndir", "ritun", "sk\u00e1lds\u00f6gur"]}, {"abbreviation": "FV", "topics": ["Fagm\u00e1l", "b\u00f3kmenntir", "f\u00e9lagsv\u00edsindi", "ritun"]}, {"abbreviation": "VV", "topics": ["fagm\u00e1l", "hagfr\u00e6\u00f0i", "verslun", "vi\u00f0skipti"]}, {"abbreviation": "TB", "topics": ["Tolkien", "b\u00f3kmenntir", "fantas\u00eda"]}, {"abbreviation": "LG", "topics": ["Lestur", "ritun og tj\u00e1ning"]}, {"abbreviation": "SH", "topics": ["Shakespeare"]}, {"abbreviation": "BK", "topics": ["b\u00f3kmenntir og menning"]}, {"abbreviation": "VF", "topics": ["fr\u00e6\u00f0i og fagm\u00e1l", "v\u00edsindi"]}, {"abbreviation": "AO", "topics": ["Akadem\u00edskur or\u00f0afor\u00f0i \u00e1 ensku og klass\u00edskar b\u00f3kmenntir"]}, {"abbreviation": "SD", "topics": ["S\u00e9rh\u00e6f\u00f0ur or\u00f0afor\u00f0i og breskar b\u00f3kmenntir"]}, {"abbreviation": "TE", "topics": ["\u00deemaverkefni \u00ed tengslum vi\u00f0 frekara n\u00e1m \u00e1 h\u00e1sk\u00f3lastigi", "\u00fej\u00e1lfun \u00ed ritun og tj\u00e1ningu \u00e1 ensku"]}, {"abbreviation": "LL", "topics": ["B\u00f3kmenntir", "leikrit", "lj\u00f3\u00f0 og kvikmyndir \u00e1 ensku annars vegar og hins vegar sam\u00fe\u00e6tting vi\u00f0 a\u00f0ra \u00e1fanga"]}, {"abbreviation": "US", "topics": ["Undirb\u00faningur fyrir st\u00f6\u00f0lu\u00f0 pr\u00f3f"]}, {"abbreviation": "GA", "topics": ["Grunnor\u00f0afor\u00f0i akadem\u00edskra texta"]}, {"abbreviation": "KO", "topics": ["Krefjandi or\u00f0afor\u00f0i"]}, {"abbreviation": "FS", "topics": ["Fj\u00f6lbreyttur skilningur"]}, {"abbreviation": "EA", "topics": ["Akadem\u00edskur or\u00f0afor\u00f0i"]}, {"abbreviation": "ME", "topics": ["Meteorology", "ve\u00f0urfr\u00e6\u00f0i"]}, {"abbreviation": "EK", "topics": ["Enska 1"]}, {"abbreviation": "LE", "topics": ["Lestur", "b\u00e6\u00f0i rauntexta og sk\u00e1lda\u00f0a"]}, {"abbreviation": "S\u00d6", "topics": ["Sm\u00e1s\u00f6gur og sk\u00e1lds\u00f6gur"]}, {"abbreviation": "HC", "topics": ["Hagn\u00fdt enska"]}, {"abbreviation": "\u00deA", "topics": ["\u00deematengt vi\u00f0fangsefni"]}, {"abbreviation": "\u00deB", "topics": ["\u00deematengt vi\u00f0fangsefni II"]}, {"abbreviation": "\u00deC", "topics": ["\u00deematengt vi\u00f0fangsefni III"]}, {"abbreviation": "AR", "topics": ["Almenn enska \u2013 Ritun", "hlustun", "lestur", "samskipti", "tal"]}, {"abbreviation": "AU", "topics": ["Almenn enska \u2013 ritun", "hlustun", "lestur", "samskipti", "tal"]}, {"abbreviation": "AF", "topics": ["Almenn enska (ritun-tal-hlustun-lestur-samskipti)"]}, {"abbreviation": "RF", "topics": ["Almenn enska", "ritun og lestur"]}, {"abbreviation": "RS", "topics": ["Almenn enska: ritun og lestur \u00ed forgrunni II"]}], "_id": "50c0a02dd8e40575f7f6f488", "subjects": ["enska"], "counter": {"1": 34, "3": 79, "2": 72, "4": 1}}, "evaluation": "S\u00edmats\u00e1fangi. Pr\u00f3f (\u00fear me\u00f0 munnlegt pr\u00f3f og ritger\u00f0arpr\u00f3f) og skila verkefnum skv. kennslu\u00e1\u00e6tlun og taka virkan \u00fe\u00e1tt \u00ed \u00feemaverkefnum.", "categorization_suggestion": "FB", "embedded_topics": {"abbreviation": "RS", "topics": ["Almenn enska: ritun og lestur \u00ed forgrunni II"]}, "status": "approved by school", "description": "\u00deessi \u00e1fangi mi\u00f0ast vi\u00f0 B2 \u00ed sj\u00e1lfsmatsramma Evr\u00f3psku tungum\u00e1lam\u00f6ppunnar. Meginmarkmi\u00f0 \u00e1fangans er a\u00f0 halda \u00e1fram a\u00f0 byggja upp sj\u00e1lfstraust nemenda gagnvart \u00f6llum f\u00e6rni\u00fe\u00e1ttum: lestri, ritun, tali og hlustun. Grundvallarn\u00e1msefni \u00e1fangans er fl\u00f3knari og lengri textar me\u00f0 meiri s\u00e9rh\u00e6fingu og s\u00e9rh\u00e6f\u00f0ari akadem\u00edskum og fr\u00e6\u00f0ilegum or\u00f0afor\u00f0a, \u00fe.e. or\u00f0afor\u00f0a v\u00edsinda og fr\u00e6\u00f0a. \u00cd \u00feessum \u00e1fanga eru ger\u00f0ar auknar kr\u00f6fur um skilning \u00e1 sko\u00f0unum og vi\u00f0horfum sem birtast \u00ed lesnum textum. Enn \u00e1 n\u00fd er beitt \u00f3l\u00edkum lestrara\u00f0fer\u00f0um. Tv\u00f6 b\u00f3kmenntaverk eru lesin \u00fear sem ger\u00f0ar eru kr\u00f6fur um d\u00fdpri skilning og umfj\u00f6llun. Nemendur gera fj\u00f6lbreytileg ritunarverkefni, \u00fe.m.t. ritger\u00f0ir um b\u00f3kmenntatexta og einnig eina vanda\u00f0a vi\u00f0horfsgrein. \u00dej\u00e1lfun \u00ed talm\u00e1li fer fram \u00ed para- og h\u00f3pvinnu \u00e1samt h\u00f3pumr\u00e6\u00f0um. \u00cd \u00feessum \u00e1fanga er aukin \u00e1hersla \u00e1 \u00feematengd efni sem tengjast \u00fej\u00f3\u00f0f\u00e9l\u00f6gum og menningu enskum\u00e6landi landa. R\u00edk \u00e1hersla er l\u00f6g\u00f0 \u00e1 sk\u00fdra framsetningu b\u00e6\u00f0i tal- og ritm\u00e1ls. Hlustunarefni er byggt \u00e1 k\u00f6flum \u00far kvikmyndum og sj\u00f3nvarpsefni, b\u00e6i me\u00f0  fr\u00e9ttatengdu, fr\u00e6\u00f0ilegu og menningarlegu efni. L\u00f6g\u00f0 er \u00e1hersla \u00e1 \u00f3l\u00edk afbrig\u00f0i tala\u00f0s m\u00e1ls, \u00fe.m.t. b\u00e6\u00f0i st\u00e9ttbundnar og sta\u00f0bundnar m\u00e1ll\u00fdskur.", "knowledge_goals": ["or\u00f0afor\u00f0a og notkun tungum\u00e1lsins (munnlega og skriflega) til a\u00f0 m\u00e6ta h\u00e6fnivi\u00f0mi\u00f0um \u00ferepsins", "grundvallaruppbyggingu \u00fej\u00f3\u00f0f\u00e9laga \u00fear sem enska er notu\u00f0 sem m\u00f3\u00f0urm\u00e1l e\u00f0a fyrsta m\u00e1l", "\u00f3l\u00edkum vi\u00f0horfum og gildum og hvernig \u00feau m\u00f3ta menninguna \u00ed \u00feeim l\u00f6ndum \u00fear sem enska er notu\u00f0 og geti tengt \u00feau eigin samf\u00e9lagi og menningu", "lesa a\u00f0gengilega fr\u00e6\u00f0ilega texta me\u00f0 s\u00e9rh\u00e6f\u00f0um or\u00f0afor\u00f0a", "taka \u00fe\u00e1tt \u00ed almennum samr\u00e6\u00f0um og r\u00f6ksty\u00f0ja sko\u00f0anir s\u00ednar", "tj\u00e1 sko\u00f0anir s\u00ednar um \u00e1kve\u00f0in m\u00e1lefni sk\u00fdrt og hn\u00f6kral\u00edti\u00f0", "skrifa vanda\u00f0an texta, b\u00e6\u00f0i formlegan og \u00f3formlegan, \u00fear sem beitt er helstu rithef\u00f0um og reglum um m\u00e1lbeitingu"], "skills_goals": ["skilja tala\u00f0 m\u00e1l me\u00f0 sta\u00f0- og st\u00e9ttbundnum hreim"], "credits": 5, "last_modified": 1430850938.055285, "schools": ["51234a818caa45ed97015b35"], "coauthors": null, "instructions": "", "continued_education": false, "level": 2, "prerequisites": "", "author": "41be24d4-5ecf-4d99-9661-f49f574e3dcc", "abbreviation_version": null, "competence_goals": [["fylgjast me\u00f0 fyrirlestrum og r\u00f6kr\u00e6\u00f0um um frekar fl\u00f3kna hluti, b\u00e6\u00f0i tengda og \u00f3tengda n\u00e1msefni", ""], ["fylgjast me\u00f0 kvikmyndum og sj\u00f3nvarpsefni me\u00f0 \u00f3l\u00edkum m\u00e1ll\u00fdskum", ""], ["tileinka s\u00e9r a\u00f0alatri\u00f0i \u00ed lengri bla\u00f0a- og t\u00edmaritsgreinum og styttri fr\u00e6\u00f0ilegum textum me\u00f0 fl\u00f3knari or\u00f0afor\u00f0a", ""], ["\u00e1tta sig \u00e1 vi\u00f0horfum og sko\u00f0unum \u00ed texta", ""], ["afla s\u00e9r uppl\u00fdsinga og greina a\u00f0alatri\u00f0i", ""], ["takast \u00e1 vi\u00f0 fl\u00f3knari a\u00f0st\u00e6\u00f0ur \u00ed samskiptum vi\u00f0 \u00fe\u00e1 sem hafa ensku a\u00f0 m\u00f3\u00f0urm\u00e1li, t.d. r\u00f6kr\u00e6\u00f0ur", ""], ["hafa frumkv\u00e6\u00f0i \u00ed samskiptum", ""], ["tj\u00e1 sko\u00f0anir s\u00ednar um m\u00e1lefni sem eru ofarlega \u00e1 baugi", ""], ["l\u00fdsa kostum og g\u00f6llum, me\u00f0- og m\u00f3tr\u00f6kum", ""], ["r\u00f6ksty\u00f0ja eigin sko\u00f0anir og annarra", ""], ["skrifa fj\u00f6lbreytilega texta, t.d. sk\u00fdrslur, ritger\u00f0ir, br\u00e9f og t\u00f6lvup\u00f3st \u00fear sem fylgt er vi\u00f0urkenndum ritunarhef\u00f0um", ""]], "_id": "55490d7a62933a2b9f000f40"}, {"exemplary": null, "topics": "Almennar \u00ed\u00fer\u00f3ttir", "abbreviation": "\u00cd\u00deR\u00d31A\u00cd02(FB)", "former_schools": null, "subject": "\u00ed\u00fer\u00f3ttir", "title": "Almenn l\u00edkams- og heilsur\u00e6kt", "version": 103, "status_trans": "Sam\u00feykkt af sk\u00f3la", "embedded_subject": {"abbreviation": "\u00cd\u00deR\u00d3", "topics": [{"abbreviation": "\u00deK", "topics": ["kraftur", "styrkur", "\u00feol"]}, {"abbreviation": "GL", "topics": ["grunn\u00fe\u00e6ttir \u00ed almennri l\u00edkams- og heilsur\u00e6kt"]}, {"abbreviation": "GH", "topics": ["grunn\u00fe\u00e6ttir \u00ed almennri heilsu- og l\u00edkamsr\u00e6kt"]}, {"abbreviation": "LC", "topics": ["l\u00edkams- og heilsur\u00e6kt"]}, {"abbreviation": "LD", "topics": ["framhald", "l\u00edkams- og heilsur\u00e6kt"]}, {"abbreviation": "AL", "topics": ["almenn l\u00edkams- og heilsur\u00e6kt e\u00f0a \u00fativist"]}, {"abbreviation": "AH", "topics": ["almenn heilsu- og l\u00edkamsr\u00e6kt e\u00f0a \u00fativist"]}, {"abbreviation": "HR", "topics": ["heilsur\u00e6kt"]}, {"abbreviation": "HH", "topics": ["hreyfing og heilsur\u00e6kt"]}, {"abbreviation": "L\u00cd", "topics": ["l\u00edkamsr\u00e6kt"]}, {"abbreviation": "KN", "topics": ["knattspyrna"]}, {"abbreviation": "KK", "topics": ["k\u00f6rfuknattleikur"]}, {"abbreviation": "BA", "topics": ["badminton"]}, {"abbreviation": "BL", "topics": ["blak"]}, {"abbreviation": "HL", "topics": ["almenn heilsu- og l\u00edkamsr\u00e6kt"]}, {"abbreviation": "LA", "topics": ["almenn heilsu- og l\u00edkamsr\u00e6kt me\u00f0 \u00e1herslu \u00e1 styrk", "l\u00edkamsbeitingu og snerpu"]}, {"abbreviation": "LN", "topics": ["l\u00edfst\u00edll", "n\u00e6ring"]}, {"abbreviation": "M\u00de", "topics": ["markmi\u00f0asetning", "\u00fej\u00e1lfunar\u00e1\u00e6tlanir"]}, {"abbreviation": "SK", "topics": ["skipul\u00f6g\u00f0 hreyfing"]}, {"abbreviation": "S\u00cd", "topics": ["skipul\u00f6g\u00f0 hreyfing framhald", "\u00ed\u00fer\u00f3ttir"]}, {"abbreviation": "LS", "topics": ["l\u00edkamsbeiting og snerpa", "styrkur"]}, {"abbreviation": "U\u00de", "topics": ["upphitun", "\u00feol\u00fej\u00e1lfun"]}, {"abbreviation": "SL", "topics": ["li\u00f0leiki", "l\u00edkamsbeiting", "styrkur", "\u00ed\u00fer\u00f3ttamei\u00f0sli"]}, {"abbreviation": "SS", "topics": ["samh\u00e6fing", "snerpa"]}, {"abbreviation": "LH", "topics": ["heilsa", "l\u00edfsst\u00edll"]}, {"abbreviation": "HA", "topics": ["almenn l\u00edkams og heilsur\u00e6kt", "hreyfing", "likamsr\u00e6ktarsalur"]}, {"abbreviation": "B\u00cd", "topics": ["bolta\u00ed\u00fer\u00f3ttir", "l\u00edffr\u00e6\u00f0i hreyfingar"]}, {"abbreviation": "\u00daH", "topics": ["hreyfing", "j\u00e1kv\u00e6\u00f0 upplifun", "sj\u00e1lfstyrking", "\u00dativist"]}, {"abbreviation": "\u00daF", "topics": ["g\u00f6ngufer\u00f0ir \u00e1 fj\u00f6ll", "hreyfing", "\u00fativist"]}, {"abbreviation": "B\u00dd", "topics": ["Band\u00fd"]}, {"abbreviation": "GA", "topics": ["Ganga"]}, {"abbreviation": "SU", "topics": ["Sund"]}, {"abbreviation": "\u00cdS", "topics": ["starfsbraut", "\u00ed\u00fer\u00f3ttir"]}, {"abbreviation": "LB", "topics": ["L\u00edkamsr\u00e6kt", "hreyfing", "li\u00f0leiki", "styrking"]}, {"abbreviation": "A\u00cd", "topics": ["Almennar \u00ed\u00fer\u00f3ttir"]}, {"abbreviation": "BG", "topics": ["Grunnur a\u00f0 l\u00edkamsr\u00e6kt 2"]}, {"abbreviation": "AG", "topics": ["Grunnur a\u00f0 l\u00edkamsr\u00e6kt A"]}, {"abbreviation": "\u00cdC", "topics": ["L\u00edkamsr\u00e6kt og heilsa A"]}, {"abbreviation": "\u00cdD", "topics": ["L\u00edkamsr\u00e6kt og heilsa B"]}, {"abbreviation": "\u00cdF", "topics": ["Almenn heilsur\u00e6kt B"]}, {"abbreviation": "AA", "topics": ["almennar \u00ed\u00fer\u00f3ttir A"]}, {"abbreviation": "AB", "topics": ["Almennar \u00ed\u00fer\u00f3ttir B"]}, {"abbreviation": "AC", "topics": ["Almennar \u00ed\u00fer\u00f3ttir C"]}, {"abbreviation": "AD", "topics": ["Almennar \u00ed\u00fer\u00f3ttir D"]}, {"abbreviation": "AE", "topics": ["Almennar \u00ed\u00fer\u00f3ttir E"]}, {"abbreviation": "AF", "topics": ["Almennar \u00ed\u00fer\u00f3ttir F"]}, {"abbreviation": "HU", "topics": ["Hugur og heilsa"]}, {"abbreviation": "\u00deB", "topics": ["knattspyrna", "k\u00f6rfubolti og a\u00f0rir boltaleikir", "\u00derek"]}, {"abbreviation": "\u00cdG", "topics": ["\u00cd\u00fer\u00f3ttagreinar og \u00fativist"]}, {"abbreviation": "HJ", "topics": ["Hj\u00f3la\u00f0 \u00ed sk\u00f3lann"]}, {"abbreviation": "DL", "topics": ["Dansleikh\u00fas"]}, {"abbreviation": "LE", "topics": ["l\u00edkamsbeyting", "snerpa"]}, {"abbreviation": "LF", "topics": ["l\u00edkamsbeyting", "snerpa", "styrkur"]}, {"abbreviation": "LG", "topics": ["l\u00edkamsbeyting", "styrkur"]}, {"abbreviation": "NA", "topics": ["Hreyfing og heilsur\u00e6kt"]}, {"abbreviation": "NB", "topics": ["Almenn hreyfing og heilsur\u00e6kt"]}, {"abbreviation": "NC", "topics": ["Almenn heilsur\u00e6kt og hreyfing"]}, {"abbreviation": "ND", "topics": ["Fj\u00f6lbreytt hreyfing og heilsur\u00e6kt"]}, {"abbreviation": "NE", "topics": ["Hreyfing", "heilsu- og l\u00edkamsr\u00e6kt"]}, {"abbreviation": "NF", "topics": ["L\u00edkams- og heilsur\u00e6kt"]}, {"abbreviation": "\u00deR", "topics": ["\u00c6fingar \u00ed \u00fereksal"]}, {"abbreviation": "DA", "topics": ["dans", "leikir og samvinna", "\u00cd\u00fer\u00f3ttir"]}, {"abbreviation": "BO", "topics": ["Boltaleikir"]}, {"abbreviation": "HB", "topics": ["Handbolti"]}, {"abbreviation": "HP", "topics": ["Hlaup"]}, {"abbreviation": "K\u00d6", "topics": ["K\u00f6rfubolti"]}, {"abbreviation": "L\u00de", "topics": ["Leikir og \u00ferek"]}, {"abbreviation": "VE", "topics": ["Vetrar\u00ed\u00fer\u00f3ttir", "bretti", "skautar", "sk\u00ed\u00f0i"]}, {"abbreviation": "\u00deL", "topics": ["hlaup", "li\u00f0leiki", "lyftingar", "\u00derek"]}, {"abbreviation": "\u00cdA", "topics": ["Almenn heilsur\u00e6kt"]}, {"abbreviation": "S\u00c9", "topics": ["s\u00e9rh\u00e6fing \u00ed \u00ed\u00fer\u00f3ttagrein"]}, {"abbreviation": "ST", "topics": ["Styrktar\u00fej\u00e1lfun"]}, {"abbreviation": "SV", "topics": ["Skvass"]}, {"abbreviation": "\u00daT", "topics": ["\u00dativist og fjallamennska"]}], "_id": "50c0a02dd8e40575f7f6f4cc", "subjects": ["\u00ed\u00fer\u00f3ttir"], "counter": {"1": 102, "3": 0, "2": 21, "4": 0}}, "evaluation": "Frammist\u00f6\u00f0umat nemandans fer eftir leikni hans \u00ed a\u00f0 vinna me\u00f0 \u00f6\u00f0rum og h\u00e6fni hans og leikni til a\u00f0 standast \u00feol- og styrktarpr\u00f3f \u00e1 metna\u00f0arfullan h\u00e1tt. Virkni og \u00e1hugahv\u00f6t nemandans endurspeglast \u00ed m\u00e6tingu og frammist\u00f6\u00f0u \u00ed t\u00edmum sem og sj\u00e1lfst\u00e6\u00f0i \u00ed vinnubr\u00f6g\u00f0um.\n", "categorization_suggestion": "FB", "embedded_topics": {"abbreviation": "A\u00cd", "topics": ["Almennar \u00ed\u00fer\u00f3ttir"]}, "status": "approved by school", "description": "\u00c1fanginn er verklegur me\u00f0 markvissri fr\u00e6\u00f0slu um l\u00edkams- og heilsur\u00e6kt. Nemandinn spreytir sig \u00e1 fj\u00f6lbreyttum a\u00f0fer\u00f0um \u00feol-, styrktar- og li\u00f0leika\u00fej\u00e1lfunar. L\u00f6g\u00f0 er \u00e1hersla \u00e1 a\u00f0 hann finni hreyfingu vi\u00f0 sitt h\u00e6fi \u00fat fr\u00e1 getu og \u00e1huga. Markviss fr\u00e6\u00f0sla um forvarnagildi l\u00edkams- og heilsur\u00e6ktar og hvatning til heilbrig\u00f0ari l\u00edfsh\u00e1tta. Nemandi l\u00e6rir a\u00f0 beita s\u00e9r r\u00e9tt vi\u00f0 \u00e6fingar.", "knowledge_goals": ["forsendum og \u00e1hrifum \u00fej\u00e1lfunar \u00e1 l\u00edkama og heilsu", "a\u00f0 reglubundin l\u00edkamsr\u00e6kt er grunnur a\u00f0 g\u00f3\u00f0ri l\u00edkamshreysti", "mikilv\u00e6gi upphitunar, \u00fathalds-, styrktar- og li\u00f0leika\u00fej\u00e1lfunar", "lei\u00f0um til a\u00f0 n\u00fdta l\u00edkams- og heilsur\u00e6kt \u00ed daglegum ath\u00f6fnum", "\u00e6fingum sem b\u00e6ta l\u00edkamsst\u00f6\u00f0u og hvernig beita \u00e1 l\u00edkamanum r\u00e9tt", "fj\u00f6lbreytilegum a\u00f0fer\u00f0um til heilsur\u00e6ktar", "mikilv\u00e6gi andlegrar, f\u00e9lagslegrar og l\u00edkamlegrar vell\u00ed\u00f0unar"], "skills_goals": ["auka \u00fathald sitt, styrk og li\u00f0leika me\u00f0 fj\u00f6lbreyttum a\u00f0fer\u00f0um sem henta", "stunda \u00e6fingar og hreyfingu sem stu\u00f0la a\u00f0 b\u00e6ttri l\u00edkamsbeitingu", "stunda \u00fej\u00e1lfun og hreyfingu sem hefur \u00e1hrif \u00e1 j\u00e1kv\u00e6\u00f0a upplifun og vi\u00f0horf til l\u00edkams- og heilsur\u00e6ktar", "beita samvinnu sem stu\u00f0lar a\u00f0 tillitssemi og hvatningu", "n\u00fdta s\u00e9r undirst\u00f6\u00f0uatri\u00f0i l\u00edkamsbeitingar"], "credits": 2, "last_modified": 1431090934.032835, "schools": ["51234a818caa45ed97015b35"], "coauthors": null, "instructions": "", "continued_education": false, "level": 1, "prerequisites": "Engar", "author": "c9d16cc0-1136-4f18-96dc-5200450e0694", "abbreviation_version": null, "competence_goals": [["styrkja j\u00e1kv\u00e6\u00f0a sj\u00e1lfsmynd me\u00f0 \u00fe\u00e1ttt\u00f6ku \u00ed almennri heilsur\u00e6kt, leikjum og \u00fativeru sem meti\u00f0 er me\u00f0 virkni, hugarfari og m\u00e6tingu nemandans", ""], ["gera s\u00e9r grein fyrir gildi samvinnu \u00ed leik og keppni sem meti\u00f0 er me\u00f0 samskiptah\u00e6fni nemanda", ""], ["s\u00fdna \u00f6\u00f0rum vir\u00f0ingu vi\u00f0 leik, n\u00e1m og st\u00f6rf sem meti\u00f0 er me\u00f0 heg\u00f0un og framkomu nemanda", ""], ["gl\u00edma vi\u00f0 fj\u00f6lbreytt verkefni sem sn\u00faa a\u00f0 alhli\u00f0a hreyfingu, l\u00edkams- og heilsur\u00e6kt", ""], ["leysa af hendi verkefni, \u00e6fingar og leiki sem vi\u00f0halda l\u00edkamshreysti sem meti\u00f0 er me\u00f0 \u00feol- og styrktarpr\u00f3fi", ""], ["n\u00fdta s\u00e9r m\u00f6guleika \u00ed a\u00f0 fl\u00e9tta reglubundna hreyfingu \u00ed daglegt l\u00edf og starf sem meti\u00f0 er me\u00f0 spurningalistum", ""], ["n\u00fdta s\u00e9r m\u00f6guleika til heilsur\u00e6ktar \u00ed n\u00e1nasta umhverfi og \u00fati \u00ed n\u00e1tt\u00farunni sem meti\u00f0 er me\u00f0 markmi\u00f0ssetningu, dagb\u00f3karskrifum og sj\u00e1lfspr\u00f3fi", ""]], "_id": "554cb6f662933a2b9f001a0c"}, {"exemplary": null, "topics": "Endurl\u00edfgun, me\u00f0fer\u00f0, \u00e1verkar", "abbreviation": "SKYN2E\u00c101", "former_schools": null, "subject": "skyndihj\u00e1lp", "title": "Almenn skyndihj\u00e1lp", "version": 5, "status_trans": "Sam\u00feykkt af sk\u00f3la", "embedded_subject": {"abbreviation": "SKYN", "topics": [{"abbreviation": "SE", "topics": ["endurl\u00edfgun", "skyndihj\u00e1lp"]}, {"abbreviation": "E\u00c1", "topics": ["Endurl\u00edfgun", "me\u00f0fer\u00f0", "\u00e1verkar"]}, {"abbreviation": "GR", "topics": ["Grunnn\u00e1mskei\u00f0"]}, {"abbreviation": "SH", "topics": ["1. hj\u00e1lp og s\u00e1lr\u00e6nn stu\u00f0ningur", "Almenn skyndihj\u00e1lp"]}, {"abbreviation": "AS", "topics": ["Skyndihj\u00e1lp"]}], "_id": "51275b4062933a682f000162", "subjects": ["skyndihj\u00e1lp"], "counter": {"1": 4, "3": 1, "2": 4, "4": 0}}, "evaluation": "L\u00f6g\u00f0 er \u00e1hersla \u00e1 fj\u00f6lbreytt n\u00e1msmat me\u00f0 lei\u00f0s\u00f6gn. N\u00e1msmati\u00f0 er \u00ed h\u00f6ndum kennara vi\u00f0komandi \u00e1fanga en \u00fearf a\u00f0 fylgja \u00feeim reglum sem kve\u00f0i\u00f0 er \u00e1 um \u00ed sk\u00f3lan\u00e1mskr\u00e1 VMA.", "categorization_suggestion": "AV", "embedded_topics": {"abbreviation": "E\u00c1", "topics": ["Endurl\u00edfgun", "me\u00f0fer\u00f0", "\u00e1verkar"]}, "status": "approved by school", "description": "\u00cd \u00e1fanganum er fjalla\u00f0 um a\u00f0ger\u00f0ir \u00e1 vettvangi, sko\u00f0un og mat. Fari\u00f0 er yfir endurl\u00edfgun, helstu bl\u00e6\u00f0ingar, lost og vi\u00f0br\u00f6g\u00f0 vi\u00f0 lost\u00e1standi. Einnig eru teknar fyrir helstu tegundir s\u00e1ra, \numb\u00fa\u00f0ir og s\u00e1rabindi og fari\u00f0 \u00ed helstu orsakir bruna, flokkun brunas\u00e1ra og skyndihj\u00e1lp vi\u00f0 bruna. Helstu h\u00f6fu\u00f0, h\u00e1ls og hrygg\u00e1verkum eru ger\u00f0 skil \u00e1samt brj\u00f3st-, kvi\u00f0- og \nmja\u00f0ma\u00e1verkum. Einnig er fari\u00f0 \u00ed beina-, li\u00f0am\u00f3ta- og v\u00f6\u00f0va\u00e1verka. Nemandinn l\u00e6rir a\u00f0 spelka \u00fatlimi sem or\u00f0i\u00f0 hafa fyrir \u00e1verka. Fari\u00f0 er \u00ed br\u00e1\u00f0a sj\u00fakd\u00f3ma, eitranir, bit og stungur, \u00e1samt umfj\u00f6llun um vi\u00f0br\u00f6g\u00f0 vi\u00f0 kali, ofk\u00e6lingu og h\u00e1ska af v\u00f6ldum hita. Fari\u00f0 er \u00ed bj\u00f6rgun og flutning einstaklinga af slyssta\u00f0. ", "knowledge_goals": ["hugmyndafr\u00e6\u00f0i skyndihj\u00e1lpar", "hvernig mat \u00e1 sl\u00f6su\u00f0um einstaklingi \u00e1 slyssta\u00f0 er framkv\u00e6mt", "framkv\u00e6md endurl\u00edfgunar", "bl\u00e6\u00f0ingum og vi\u00f0br\u00f6g\u00f0um vi\u00f0 lost\u00e1standi", "helstu tegundum s\u00e1ra, umb\u00fa\u00f0a og s\u00e1rabinda", "helstu tegundum brunas\u00e1ra og skyndihj\u00e1lp vegna brunas\u00e1ra", "helstu \u00e1verkum \u00e1 l\u00edkama", "fyrstu vi\u00f0br\u00f6g\u00f0um vi\u00f0 kali, ofk\u00e6lingu og ofhitnun", "fyrstu vi\u00f0br\u00f6g\u00f0um vegna br\u00e1\u00f0ra sj\u00fakd\u00f3ma, eitrana, bits e\u00f0a stungna"], "skills_goals": ["breg\u00f0ast vi\u00f0 dau\u00f0ad\u00e1i", "framkv\u00e6ma mat og sko\u00f0un \u00e1 sl\u00f6su\u00f0um einstaklingum", "flytja slasa\u00f0an einstakling af slyssta\u00f0 \u00e1 \u00f6ruggan h\u00e1tt", "framkv\u00e6ma bl\u00e1stursme\u00f0fer\u00f0 og hjartahno\u00f0", "b\u00faa um s\u00e1r og velja umb\u00fa\u00f0ir vi\u00f0 h\u00e6fi", "st\u00f6\u00f0va bl\u00e6\u00f0ingu og b\u00faa um bl\u00e6\u00f0andi s\u00e1r", "beita vi\u00f0eigandi me\u00f0fer\u00f0 vi\u00f0 losti", "spelka \u00fatlimi eftir \u00e1verka/tognanir", "veita fyrstu hj\u00e1lp vegna brunas\u00e1ra", "veita fyrstu hj\u00e1lp vegna kals, ofk\u00e6lingar og ofhitnunar"], "credits": 1, "last_modified": 1431422187.736418, "schools": ["512b49bc62933a682f00048a"], "coauthors": null, "instructions": "", "continued_education": false, "level": 2, "prerequisites": "engar", "author": "0bc9b589-2a42-4690-ac7e-ec65f804a0e6", "abbreviation_version": null, "competence_goals": [["meta a\u00f0st\u00e6\u00f0ur \u00e1 slyssta\u00f0 og breg\u00f0ast vi\u00f0 \u00feeim \u00e1 vi\u00f0eigandi h\u00e1tt", ""], ["veita skyndihj\u00e1lp vegna br\u00e1\u00f0ra sj\u00fakd\u00f3ma, dau\u00f0ad\u00e1s, slysa og/e\u00f0a l\u00edkamlegra \u00e1verka", ""]], "_id": "5551c4eb62933a2f3d0002ef"}, {"exemplary": null, "topics": "Almennur byrjunar \u00e1fangi", "abbreviation": "DANS2AA05(FB)", "former_schools": null, "subject": "danska", "title": "Danska 1.\u00e1fangi 2. \u00ferep", "version": 51, "status_trans": "Sam\u00feykkt af sk\u00f3la", "embedded_subject": {"abbreviation": "DANS", "topics": [{"abbreviation": "BG", "topics": ["evr\u00f3pski tungum\u00e1laramminn", "grunnur", "stig b1"]}, {"abbreviation": "BF", "topics": ["evr\u00f3pski tungum\u00e1laramminn", "framhald", "stig b1"]}, {"abbreviation": "UB", "topics": ["evr\u00f3pski tungum\u00e1laramminn", "stig b2", "undirsta\u00f0a"]}, {"abbreviation": "VB", "topics": ["evr\u00f3pski tungum\u00e1laramminn", "stig b2", "vi\u00f0b\u00f3t"]}, {"abbreviation": "CG", "topics": ["evr\u00f3pski tungum\u00e1laramminn", "grunnur", "stig c1"]}, {"abbreviation": "CF", "topics": ["evr\u00f3pski tungum\u00e1laramminn", "framhald", "stig c1"]}, {"abbreviation": "RM", "topics": ["m\u00e1lnotkun og b\u00f3kmenntir", "ritun"]}, {"abbreviation": "MR", "topics": ["menning", "ritun og b\u00f3kmenntir"]}, {"abbreviation": "BM", "topics": ["b\u00f3kmenntir og or\u00f0afor\u00f0i", "menning"]}, {"abbreviation": "KV", "topics": ["kvikmynda\u00e1fangi"]}, {"abbreviation": "EV", "topics": ["evr\u00f3pski tungum\u00e1laramminn"]}, {"abbreviation": "MV", "topics": ["menning", "venjur"]}, {"abbreviation": "MS", "topics": ["menning", "samf\u00e9lag"]}, {"abbreviation": "LO", "topics": ["lesskilningur", "or\u00f0afor\u00f0i"]}, {"abbreviation": "SO", "topics": ["s\u00e9rh\u00e6f\u00f0ur or\u00f0afor\u00f0i"]}, {"abbreviation": "TL", "topics": ["lestur og menning", "tj\u00e1ning"]}, {"abbreviation": "UN", "topics": ["undirb\u00fanings\u00e1fangi \u00ed d\u00f6nsku"]}, {"abbreviation": "LT", "topics": ["lestur og menning ii", "tj\u00e1ning"]}, {"abbreviation": "M\u00c1", "topics": ["m\u00e1lfr\u00e6\u00f0i"]}, {"abbreviation": "GR", "topics": ["grunn\u00e1fangi"]}, {"abbreviation": "AL", "topics": ["almennur \u00e1fangi"]}, {"abbreviation": "FI", "topics": ["film og filmhistorie"]}, {"abbreviation": "LI", "topics": ["litter\u00e6r analyse"]}, {"abbreviation": "TT", "topics": ["tal;  t\u00e6nke - tale"]}, {"abbreviation": "L\u00c9", "topics": ["l\u00e9ttlestur"]}, {"abbreviation": "OR", "topics": ["or\u00f0afor\u00f0i"]}, {"abbreviation": "ML", "topics": ["lesskilningur", "m\u00e1lfr\u00e6\u00f0i"]}, {"abbreviation": "LM", "topics": ["lesskilningur", "m\u00e1lfr\u00e6\u00f0i", "stig a2 \u00ed evr\u00f3pska tungum\u00e1larammanum"]}, {"abbreviation": "MO", "topics": ["lesskilningur", "m\u00e1lfr\u00e6\u00f0i", "stig b1 \u00ed evr\u00f3pska tungum\u00e1larammanum"]}, {"abbreviation": "MB", "topics": ["b\u00f3kmenntir", "menning", "stig b2 \u00ed evr\u00f3pska tungum\u00e1larammanum"]}, {"abbreviation": "FH", "topics": ["Framhalds\u00e1fangi danska hra\u00f0fer\u00f0"]}, {"abbreviation": "TM", "topics": ["lestur", "m\u00e1lfr\u00e6\u00f0i", "tal"]}, {"abbreviation": "FS", "topics": ["0 \u00e1 grunnsk\u00f3lapr\u00f3fi", "fyrir nemendur", "sem f\u00e1 undir 5"]}, {"abbreviation": "HY", "topics": ["Hyggelesning", "yndislestur framhald"]}, {"abbreviation": "ST", "topics": ["menning", "skilningur", "tj\u00e1ning"]}, {"abbreviation": "SS", "topics": ["skilningur", "s\u00e9rh\u00e6fing", "tj\u00e1ning"]}, {"abbreviation": "FB", "topics": ["b\u00f3kmenntir", "fj\u00f6lmi\u00f0lar", "\u00feemavinna"]}, {"abbreviation": "VV", "topics": ["Verkefni a\u00f0 eigin vali"]}, {"abbreviation": "DA", "topics": ["dabla"]}, {"abbreviation": "DT", "topics": ["Danskt m\u00e1l og samf\u00e9lag 2"]}, {"abbreviation": "DM", "topics": ["D\u00f6nsk menning og samf\u00e9lag"]}, {"abbreviation": "NS", "topics": ["DANS2NS05"]}, {"abbreviation": "SV", "topics": ["menning og venjur", "samf\u00e9lag"]}, {"abbreviation": "DS", "topics": ["Samf\u00e9lag", "skilningur og skrif"]}, {"abbreviation": "FL", "topics": ["Danska: A\u00f0 flytja til Danmerkur"]}, {"abbreviation": "SN", "topics": ["Samskipti og n\u00fdsk\u00f6pun"]}, {"abbreviation": "LH", "topics": ["hlustun", "lestur", "ritun", "tala\u00f0 m\u00e1l"]}, {"abbreviation": "TR", "topics": ["hlustun", "lestur", "tala\u00f0 m\u00e1l"]}, {"abbreviation": "KF", "topics": ["Kristj\u00e1n 9. og arfleif\u00f0 hans"]}, {"abbreviation": "F\u00de", "topics": ["Fer\u00f0a\u00fej\u00f3nustu danska"]}, {"abbreviation": "LL", "topics": ["DANS"]}, {"abbreviation": "L\u00c6", "topics": ["L\u00e6si"]}, {"abbreviation": "SK", "topics": ["Sk\u00f6pun \u00ed v\u00ed\u00f0u samhengi"]}, {"abbreviation": "TF", "topics": ["Tj\u00e1ning og frambur\u00f0ur"]}, {"abbreviation": "AA", "topics": ["Almennur byrjunar \u00e1fangi"]}, {"abbreviation": "MM", "topics": ["M\u00e1l", "menning", "m\u00e1lfr\u00e6\u00f0i"]}, {"abbreviation": "SM", "topics": ["menning", "saga", "samf\u00e9lag"]}, {"abbreviation": "BK", "topics": ["Danske film og filmhistorie"]}, {"abbreviation": "AH", "topics": ["Davska 1. Hra\u00f0fer\u00f0"]}, {"abbreviation": "CC", "topics": ["Danska 3"]}, {"abbreviation": "CY", "topics": ["Danska. Yndislestur 1."]}, {"abbreviation": "DF", "topics": ["Danska Fer\u00f0a\u00e1fangi"]}, {"abbreviation": "DY", "topics": ["Danska yndislestur"]}, {"abbreviation": "OM", "topics": ["menning", "m\u00e1lfr\u00e6\u00f0i", "or\u00f0afor\u00f0i"]}, {"abbreviation": "GD", "topics": ["Grunn\u00e1fangi \u00ed d\u00f6nsku"]}, {"abbreviation": "BB", "topics": ["Danska \u00e1 fj\u00f6lbreyttan h\u00e1tt"]}, {"abbreviation": "BH", "topics": ["Danska \u00e1 fj\u00f6lbreyttan h\u00e1tt hra\u00f0fer\u00f0"]}, {"abbreviation": "BT", "topics": ["Tal\u00e1fangi", "t\u00e6nke - tale"]}, {"abbreviation": "CV", "topics": ["Danska \u00e1 annan veg"]}, {"abbreviation": "LS", "topics": ["Lestur", "Skrif og Skapandi Hugsun"]}, {"abbreviation": "KD", "topics": ["Kvikmyndir \u00ed Danm\u00f6rk"]}, {"abbreviation": "DK", "topics": ["Danm\u00f6rk og Kaupmannah\u00f6fn"]}, {"abbreviation": "DL", "topics": ["Daglegt l\u00edf. Tal", "hlustun", "or\u00f0afor\u00f0i og lestur", "ritun"]}, {"abbreviation": "OL", "topics": ["lestur", "m\u00e1lfr\u00e6\u00f0i", "m\u00e1lnotkun", "or\u00f0afor\u00f0i"]}, {"abbreviation": "TO", "topics": ["lestur", "m\u00e1lfr\u00e6\u00f0i", "or\u00f0afor\u00f0i", "tj\u00e1ning"]}, {"abbreviation": "LN", "topics": ["lestur", "m\u00e1lnotkun", "nor\u00f0urlandam\u00e1l", "or\u00f0afor\u00f0i"]}, {"abbreviation": "NL", "topics": ["lesskilningur", "m\u00e1lnotkun", "nor\u00f0urlandam\u00e1l", "or\u00f0afor\u00f0i"]}, {"abbreviation": "KH", "topics": ["Kaupmannah\u00f6fn"]}, {"abbreviation": "FR", "topics": ["Framhald"]}, {"abbreviation": "AU", "topics": ["Evr\u00f3pski tungum\u00e1laramminn danska B2 framhald"]}, {"abbreviation": "LB", "topics": ["Lesskilningur", "beiting m\u00e1lfr\u00e6\u00f0ireglna"]}, {"abbreviation": "MF", "topics": ["Menning", "fj\u00f6lmi\u00f0lal\u00e6si"]}, {"abbreviation": "SA", "topics": ["Skapandi samskipti"]}, {"abbreviation": "US", "topics": ["Or\u00f0afor\u00f0i", "hlustun og tala\u00f0 m\u00e1l (A1)", "lestur", "ritun", "undirst\u00f6\u00f0uatri\u00f0i \u00ed m\u00e1lfr\u00e6\u00f0i"]}], "_id": "50c0a02dd8e40575f7f6f4d1", "subjects": ["danska"], "counter": {"1": 25, "3": 11, "2": 46, "4": 0}}, "evaluation": "\u2022\t\u00deekking er metin me\u00f0 lokapr\u00f3fi, skriflegum k\u00f6nnunum og verkefnum sem b\u00e6\u00f0i eru unnin heima og \u00ed kennslustundum\n\u2022\tLeikni er metin me\u00f0 fj\u00f6lbreyttum verkefnum, munnlegum kynningum og k\u00f6nnunum sem taka mi\u00f0 af f\u00e6rni\u00fe\u00e1ttunum fj\u00f3rum samkv\u00e6mt Evr\u00f3psku tungum\u00e1lam\u00f6ppunni, tali, hlustun, lestri og ritun. \n\u2022\tLeikni og h\u00e6fni er metin me\u00f0 fj\u00f6lbreyttum verkefnum sem sett eru \u00ed Portfolio-m\u00f6ppu Lei\u00f0sagnarmat er gefi\u00f0 fyrir Portfolio og nemendur hvattir til a\u00f0 betrumb\u00e6ta vinnu s\u00edna. L\u00f6g\u00f0 er \u00e1hersla \u00e1 a\u00f0 nemendur s\u00fdni g\u00f3\u00f0 vinnubr\u00f6g\u00f0 og vanda\u00f0an fr\u00e1gang \n\u2022\tLokapr\u00f3f metur h\u00e6fni nemanda til a\u00f0 skilja \u00f3lesinn texta, ritunarf\u00e6rni og \u00feekkingu hans \u00e1 efni \u00e1fangans.\n", "categorization_suggestion": "FB", "embedded_topics": {"abbreviation": "AA", "topics": ["Almennur byrjunar \u00e1fangi"]}, "status": "approved by school", "description": "\u00deessi \u00e1fangi mi\u00f0ast vi\u00f0 B1 \u00ed sj\u00e1lfsmatsramma Evr\u00f3psku tungum\u00e1lam\u00f6ppunnar. \u00c1fanginn er \u00e1 \u00f6\u00f0ru \u00ferepi og unni\u00f0 ver\u00f0ur \u00ed a\u00f0 d\u00fdpka og byggja ofan \u00e1 \u00feekkingu, leikni og h\u00e6fni nemenda. Unni\u00f0 ver\u00f0ur me\u00f0 Portfolio m\u00f6ppuna, sj\u00f3nvarps- og myndefni, \u00feyngri texta, til d\u00e6mis bla\u00f0a- og t\u00edmaritsgreinar, \u00e1samt b\u00f3kmenntatextum. Fj\u00f6lbreyttar hlustunar\u00e6fingar svo sem vi\u00f0t\u00f6l, t\u00f3nlist, fr\u00e1sagnir og fleira. Notu\u00f0 ver\u00f0a b\u00e6\u00f0i einstaklingsverkefni og verkefni unnin \u00ed h\u00f3p, \u00e1samt leikjum til a\u00f0 d\u00fdpka n\u00e1msefni\u00f0 og auka fj\u00f6lbreytni. L\u00f6g\u00f0 er \u00e1hersla \u00e1 a\u00f0 textaval endurspegli kr\u00f6fur n\u00e1mskr\u00e1r um grunn\u00fe\u00e6tti menntunar. L\u00f6g\u00f0 er j\u00f6fn \u00e1hersla \u00e1 alla fj\u00f3ra f\u00e6rni\u00fe\u00e6ttina, tal, lestur, hlustun og ritun, b\u00e6\u00f0i \u00ed kennslu og n\u00e1msmati. ", "knowledge_goals": ["\u00feverfaglegum or\u00f0afor\u00f0a til markvissrar notkunar, b\u00e6\u00f0i munnlega og skriflega", "rithef\u00f0um \u00ed textasm\u00ed\u00f0i", "mismunandi afst\u00f6\u00f0u og t\u00falkun b\u00f3kmenntatexta og d\u00fdpri merkingu texta", "notkun hj\u00e1lpargagna, svo sem or\u00f0ab\u00f3ka, lei\u00f0r\u00e9ttingaforrita auk \u00fdmissa hj\u00e1lpargagna \u00e1 netinu", "m\u00e1lkerfinu til markvissrar notkunar, b\u00e6\u00f0i munnlega og skriflega"], "skills_goals": ["lesa mismunandi textager\u00f0ir; bla\u00f0agreinar, s\u00e9rh\u00e6f\u00f0a texta og b\u00f3kmenntatexta", "beita \u00feeim lestrara\u00f0fer\u00f0um sem vi\u00f0 eiga eftir ger\u00f0 texta og vi\u00f0fangsefnis", "lesa mismunandi textager\u00f0ir; bla\u00f0agreinar, s\u00e9rh\u00e6f\u00f0a texta og b\u00f3kmenntatexta", "tj\u00e1 sig munnlega \u00e1 m\u00e1li sem h\u00e6fir a\u00f0st\u00e6\u00f0um hverju sinni", "tj\u00e1 sig skriflega b\u00e6\u00f0i \u00e1 formlegan og \u00f3formlegan h\u00e1tt", "nota reglur m\u00e1lkerfisins tilt\u00f6lulega villulaust", "skilja a\u00f0alatri\u00f0i venjulegs talm\u00e1ls um kunnuglegt efni", "skilja \u00ed gr\u00f3fum dr\u00e1ttum a\u00f0alatri\u00f0i \u00ed \u00fatvarps- og sj\u00f3nvarps\u00fe\u00e1ttum", "skilja l\u00fdsingar \u00e1 atbur\u00f0um, tilfinningum og \u00f3skum annarra"], "credits": 5, "last_modified": 1430833974.836527, "schools": ["51234a818caa45ed97015b35"], "coauthors": null, "instructions": "", "continued_education": false, "level": 2, "prerequisites": "Nemandi hafi loki\u00f0 DANS 1CC05 e\u00f0a loki\u00f0 grunnsk\u00f3lapr\u00f3fi \u00ed d\u00f6nsku me\u00f0 einkunn A e\u00f0a B+.", "author": "41be24d4-5ecf-4d99-9661-f49f574e3dcc", "abbreviation_version": null, "competence_goals": [["tj\u00e1 sig munnlega um \u00fdmis vi\u00f0fangsefni og nota tilt\u00f6lulega fl\u00f3knar setningar og or\u00f0asamb\u00f6nd til a\u00f0 l\u00fdsa reynslu sinni, v\u00e6ntingum og framt\u00ed\u00f0ar\u00e1formum", ""], ["r\u00f6ksty\u00f0ja m\u00e1l sitt", ""], ["undirb\u00faa og segja \u00ed l\u00f6ngu m\u00e1li fr\u00e1 efni sem tengist n\u00e1msefninu, til d\u00e6mis s\u00f6gu sem hefur veri\u00f0 lesin, e\u00f0a kvikmynd", ""], ["taka \u00f3undirb\u00fainn \u00fe\u00e1tt \u00ed samr\u00e6\u00f0um um kunnugleg efni sem tengjast \u00e1hugam\u00e1lum, daglegu l\u00edfi og m\u00e1lefnum l\u00ed\u00f0andi stundar", ""], ["skrifa tilt\u00f6lulega fl\u00f3kinn og samfelldan texta um \u00fdmis m\u00e1lefni fr\u00e1  eigin brj\u00f3sti, til d\u00e6mis um m\u00e1lefni l\u00ed\u00f0andi stundar og li\u00f0na atbur\u00f0i, \u00e1hugam\u00e1l, \u00e1samt efni sem tengist vi\u00f0fangsefni kennslunnar", ""], ["lesa s\u00e9r til gagns tilt\u00f6lulega fl\u00f3kna texta, geta fundi\u00f0 uppl\u00fdsingar \u00ed hversdagslegu efni, bla\u00f0a- og t\u00edmaritsgreinum", ""], ["lesa og greina n\u00fat\u00edma b\u00f3kmenntatexta", ""], ["lesa texta sem innihalda a\u00f0allega algeng or\u00f0 \u00far daglegu l\u00edfi e\u00f0a or\u00f0afor\u00f0a sem tengist atvinnu", ""], ["leita s\u00e9r uppl\u00fdsinga me\u00f0 hj\u00e1lp uppl\u00fdsingat\u00e6kni og annarra hj\u00e1lpargagna \u00ed tungum\u00e1lan\u00e1mi", ""]], "_id": "5548cb3662933a2b9f000e11"}, {"exemplary": null, "topics": "Enska sem alheims m\u00e1l", "abbreviation": "ENSK3AL05", "former_schools": null, "subject": "enska", "title": "Enska sem alheims m\u00e1l", "version": 84, "status_trans": "Sam\u00feykkt af sk\u00f3la", "embedded_subject": {"abbreviation": "ENSK", "topics": [{"abbreviation": "GS", "topics": ["grunnatri\u00f0i", "samt\u00f6l"]}, {"abbreviation": "OO", "topics": ["or\u00f0ab\u00f3k", "or\u00f0afor\u00f0i"]}, {"abbreviation": "MM", "topics": ["myndas\u00f6gur", "myndb\u00f6nd"]}, {"abbreviation": "TL", "topics": ["lagatextar", "t\u00f3nlist"]}, {"abbreviation": "FR", "topics": ["ferilsverkefni", "ritunarverkefni"]}, {"abbreviation": "TS", "topics": ["myndm\u00e1l", "ritger\u00f0", "st\u00edlar", "textar"]}, {"abbreviation": "RH", "topics": ["hlustun", "m\u00e1lnotkun", "undirst\u00f6\u00f0uatri\u00f0i \u00ed ritun"]}, {"abbreviation": "SM", "topics": ["m\u00fas\u00edk og myndir 1950-70", "s\u00f6gur"]}, {"abbreviation": "BR", "topics": ["bretland"]}, {"abbreviation": "K\u00c1", "topics": ["kanada", "\u00e1stral\u00eda og n\u00fdja sj\u00e1land"]}, {"abbreviation": "SB", "topics": ["shakespeare og 19. \u00f6ldin \u00ed b\u00f3kmenntum"]}, {"abbreviation": "B\u00d3", "topics": ["b\u00f3kmenntir 20. aldar"]}, {"abbreviation": "KV", "topics": ["kvikmynda\u00e1fangi"]}, {"abbreviation": "AB", "topics": ["afr\u00edsk-amer\u00edskar b\u00f3kmenntir"]}, {"abbreviation": "U\u00c1", "topics": ["undirb\u00faningur", "\u00e1fangi"]}, {"abbreviation": "MT", "topics": ["m\u00e1lfr\u00e6\u00f0i", "tj\u00e1ning"]}, {"abbreviation": "MS", "topics": ["menning", "skapandi skrif"]}, {"abbreviation": "KR", "topics": ["kvikmyndir", "ritun"]}, {"abbreviation": "HR", "topics": ["heimildavinna", "ritger\u00f0ir"]}, {"abbreviation": "FF", "topics": ["fagm\u00e1l", "f\u00e9lagsv\u00edsinda"]}, {"abbreviation": "VE", "topics": ["enska", "vi\u00f0skipta"]}, {"abbreviation": "RE", "topics": ["enska", "raungreinar"]}, {"abbreviation": "BM", "topics": ["b\u00f3kmenntir", "m\u00e1lsaga"]}, {"abbreviation": "LB", "topics": ["b\u00f3kmenntir", "leik"]}, {"abbreviation": "UP", "topics": ["pr\u00f3f", "undirb\u00faningur"]}, {"abbreviation": "EN", "topics": ["enska fyrir fer\u00f0agreinar"]}, {"abbreviation": "FE", "topics": ["enska fyrir fer\u00f0a\u00fej\u00f3nustu"]}, {"abbreviation": "ST", "topics": ["evr\u00f3pski tungum\u00e1laramminn", "stig b1-b2"]}, {"abbreviation": "SE", "topics": ["evr\u00f3pski tungum\u00e1laramminn", "stig b2"]}, {"abbreviation": "ES", "topics": ["evr\u00f3pski tungum\u00e1laramminn", "stig b2-c1"]}, {"abbreviation": "EV", "topics": ["evr\u00f3pski tungum\u00e1laramminn", "stig c1"]}, {"abbreviation": "BF", "topics": ["b2", "evr\u00f3pski tungum\u00e1laramminn", "fer\u00f0a\u00fej\u00f3nuta"]}, {"abbreviation": "FH", "topics": ["evr\u00f3pski tungum\u00e1laramminn", "framhald", "stig c1"]}, {"abbreviation": "GR", "topics": ["grunn\u00e1fangi"]}, {"abbreviation": "FG", "topics": ["enska fyrir matv\u00e6lagreinar"]}, {"abbreviation": "LS", "topics": ["lestur", "m\u00e1lfr\u00e6\u00f0i", "or\u00f0afor\u00f0i", "skilningur"]}, {"abbreviation": "LT", "topics": ["lestur", "or\u00f0afor\u00f0i", "talm\u00e1l"]}, {"abbreviation": "BL", "topics": ["b\u00f3kmenntir", "lesskilningur", "ritun"]}, {"abbreviation": "BS", "topics": ["b\u00f3kmenntir", "menning", "saga"]}, {"abbreviation": "HA", "topics": ["hagn\u00fdtur or\u00f0afor\u00f0i. l\u00e6si \u00e1 fl\u00f3knari texta."]}, {"abbreviation": "OF", "topics": ["grunnor\u00f0afor\u00f0i fr\u00e6\u00f0a og v\u00edsinda.. menningarheimur nor\u00f0ur amer\u00edku"]}, {"abbreviation": "UN", "topics": ["undirb\u00fanings\u00e1fangi \u00ed ensku"]}, {"abbreviation": "LM", "topics": ["lestur og menning", "tj\u00e1ning"]}, {"abbreviation": "TM", "topics": ["menning", "tj\u00e1ning og skapandi skrif"]}, {"abbreviation": "MB", "topics": ["b\u00f3kmenntir", "menning og ritun"]}, {"abbreviation": "EX", "topics": ["extensive vocabulary and expression"]}, {"abbreviation": "ML", "topics": ["m\u00e1lnotkun og l\u00e6si"]}, {"abbreviation": "AA", "topics": ["akadem\u00edskur or\u00f0afor\u00f0i", "fj\u00f6lbreyttir textar", "fyrsti \u00e1fangi \u00ed ensku."]}, {"abbreviation": "YN", "topics": ["yndislestur"]}, {"abbreviation": "BB", "topics": ["akadem\u00edskur or\u00f0afor\u00f0i", "annar \u00e1fangi \u00ed ensku.", "fj\u00f6lbreyttir textar"]}, {"abbreviation": "FA", "topics": ["fagor\u00f0afor\u00f0i"]}, {"abbreviation": "AH", "topics": ["akadem\u00edskur or\u00f0afor\u00f0i", "fj\u00f6lbreyttir textar. hra\u00f0fer\u00f0 \u00ed ensku."]}, {"abbreviation": "BH", "topics": ["akadem\u00edskur or\u00f0afor\u00f0i", "fj\u00f6lbreyttir textar. \u00f6nnur hra\u00f0fer\u00f0 \u00ed ensku."]}, {"abbreviation": "EE", "topics": ["b\u00f3kmenntir", "fj\u00f6lmi\u00f0latextar."]}, {"abbreviation": "LR", "topics": ["lestur", "ritun", "tj\u00e1ning og hlustun"]}, {"abbreviation": "DD", "topics": ["b\u00f3kmenntir"]}, {"abbreviation": "M\u00c1", "topics": ["m\u00e1lfr\u00e6\u00f0i a"]}, {"abbreviation": "CC", "topics": ["b\u00f3kmenntir", "krefjandi or\u00f0afor\u00f0i", "ritun"]}, {"abbreviation": "CH", "topics": ["krefjandi or\u00f0afor\u00f0i"]}, {"abbreviation": "L\u00c9", "topics": ["l\u00e9ttlestur"]}, {"abbreviation": "OH", "topics": ["hlustun", "or\u00f0afor\u00f0i", "talm\u00e1l og ritun"]}, {"abbreviation": "LO", "topics": ["lesskilningur", "m\u00e1lfr\u00e6\u00f0i", "or\u00f0afor\u00f0i"]}, {"abbreviation": "MO", "topics": ["m\u00e1lfr\u00e6\u00f0i", "or\u00f0afor\u00f0i", "stig b1 \u00ed evr\u00f3pska tungum\u00e1larammanum"]}, {"abbreviation": "OB", "topics": ["b\u00f3kmenntir", "or\u00f0afor\u00f0i", "stig b2 \u00ed evr\u00f3pska tungum\u00e1larammanum"]}, {"abbreviation": "RB", "topics": ["b\u00f3kmenntir", "ritun"]}, {"abbreviation": "RL", "topics": ["lestur", "m\u00e1lfr\u00e6\u00f0i", "ritun og or\u00f0afor\u00f0i"]}, {"abbreviation": "SG", "topics": ["Lestur", "m\u00e1lfr\u00e6\u00f0i", "or\u00f0afor\u00f0i", "ritun", "tal"]}, {"abbreviation": "RM", "topics": ["Ritun", "b\u00f3kmenntir", "m\u00e1lnotkun"]}, {"abbreviation": "RO", "topics": ["Ritun", "b\u00f3kmenntir", "menning", "or\u00f0afor\u00f0i"]}, {"abbreviation": "SR", "topics": ["Menning", "akadem\u00edskur or\u00f0afor\u00f0i", "ritun", "saga"]}, {"abbreviation": "AE", "topics": ["Almenn akadem\u00edsk enska", "b\u00f3kmenntir", "ritun"]}, {"abbreviation": "SA", "topics": ["S\u00e9rh\u00e6f\u00f0 akadem\u00edsk enska", "b\u00f3kmenntir", "ritun"]}, {"abbreviation": "VR", "topics": ["V\u00edsindaor\u00f0afor\u00f0i", "raungreinar"]}, {"abbreviation": "VH", "topics": ["Vi\u00f0skipti", "erlend samskipti og vi\u00f0skiptah\u00e6ttir"]}, {"abbreviation": "AK", "topics": ["Kennsla", "a\u00f0sto\u00f0 vi\u00f0 nemendur", "ger\u00f0 kennsluefnis"]}, {"abbreviation": "DF", "topics": ["Kvikmyndir. Film Course."]}, {"abbreviation": "SK", "topics": ["enska fyrir fer\u00f0a\u00fej\u00f3nustu", "skapandi skrif"]}, {"abbreviation": "FT", "topics": ["lestur fr\u00e6\u00f0ilegra texta"]}, {"abbreviation": "VT", "topics": ["Lestur enskra vi\u00f0skiptatexta"]}, {"abbreviation": "RT", "topics": ["Lestur enskra raunv\u00edsindatexta"]}, {"abbreviation": "\u00cdT", "topics": ["Lestur \u00ed\u00fer\u00f3ttafr\u00e6\u00f0ilegra texta"]}, {"abbreviation": "TO", "topics": ["Tolkien"]}, {"abbreviation": "RI", "topics": ["Ritun"]}, {"abbreviation": "HL", "topics": ["Hlustun"]}, {"abbreviation": "UE", "topics": ["Undirb\u00fanings\u00e1fangi \u00ed ensku"]}, {"abbreviation": "UH", "topics": ["Undirb\u00faningur fyrir h\u00e1sk\u00f3lan\u00e1m"]}, {"abbreviation": "TJ", "topics": ["Tj\u00e1ning"]}, {"abbreviation": "OM", "topics": ["Or\u00f0afor\u00f0i", "m\u00e1lfr\u00e6\u00f0i", "m\u00e1lnotkun"]}, {"abbreviation": "TF", "topics": ["tj\u00e1ning og m\u00e1lnotkun"]}, {"abbreviation": "AM", "topics": ["Fr\u00e6\u00f0ilegur or\u00f0afor\u00f0i og Bandar\u00edkin"]}, {"abbreviation": "UK", "topics": ["Fr\u00e6\u00f0ilegur or\u00f0afor\u00f0i og Bretland"]}, {"abbreviation": "AC", "topics": ["Akadem\u00edskur or\u00f0afor\u00f0i og rauntextar"]}, {"abbreviation": "SL", "topics": ["Lestur", "menning og skrif"]}, {"abbreviation": "KK", "topics": ["Kvikmyndir og kynning"]}, {"abbreviation": "BA", "topics": ["L\u00fdsing: B\u00f3kmenntir 19. og 20.", "skrif og r\u00e6\u00f0uger\u00f0"]}, {"abbreviation": "OT", "topics": ["Or\u00f0afor\u00f0i", "ritun", "tj\u00e1ning"]}, {"abbreviation": "VM", "topics": ["V\u00edsindi og menning"]}, {"abbreviation": "BT", "topics": ["Bandar\u00edskt \u00fej\u00f3\u00f0f\u00e9lag og menning"]}, {"abbreviation": "MR", "topics": ["M\u00e1lfr\u00e6\u00f0i og ritun"]}, {"abbreviation": "LH", "topics": ["L\u00e6si \u00e1 fl\u00f3knari texta", "hagn\u00fdtur fj\u00f6lbreyttur or\u00f0afor\u00f0i"]}, {"abbreviation": "KB", "topics": ["Kvikmyndir", "b\u00f3kmenntir"]}, {"abbreviation": "OL", "topics": ["Lestur", "Menning", "M\u00e1lfr\u00e6\u00f0i", "Or\u00f0afor\u00f0i", "Ritun", "Tal"]}, {"abbreviation": "CL", "topics": ["Chic Literature and Women in Today\u2018s Society"]}, {"abbreviation": "CW", "topics": ["Creative Writing"]}, {"abbreviation": "OR", "topics": ["B\u00f3kmenntir (fj\u00f6lbreyttir textar)", "menning", "or\u00f0afor\u00f0i", "ranns\u00f3knir og ritun"]}, {"abbreviation": "OG", "topics": ["B\u00f3kmenntir", "lj\u00f3\u00f0agreining", "or\u00f0afor\u00f0i", "ritger\u00f0asm\u00ed\u00f0i og heimildavinna"]}, {"abbreviation": "BY", "topics": ["Lestur", "m\u00e1lfr\u00e6\u00f0i og m\u00e1lnotkun (byrjunar\u00e1fangi \u00ed ensku)", "ritun"]}, {"abbreviation": "DM", "topics": ["Enska Daglegt m\u00e1l"]}, {"abbreviation": "B\u00c1", "topics": ["b\u00f3kmenntir", "ritun", "tj\u00e1ning"]}, {"abbreviation": "HE", "topics": ["Hagn\u00fdt enska", "starfsbraut"]}, {"abbreviation": "RR", "topics": ["Enska \u00ed r\u00e6\u00f0u og riti"]}, {"abbreviation": "HO", "topics": ["Hagn\u00fdtur or\u00f0afor\u00f0i", "c1"]}, {"abbreviation": "FO", "topics": ["Fagor\u00f0afor\u00f0i og fer\u00f0am\u00e1l"]}, {"abbreviation": "EG", "topics": ["Enska 2 \u00e1 starfsbraut"]}, {"abbreviation": "SO", "topics": ["s\u00e9rh\u00e6f\u00f0ur or\u00f0afor\u00f0i"]}, {"abbreviation": "TR", "topics": ["Tj\u00e1ning", "or\u00f0afor\u00f0i", "ritun"]}, {"abbreviation": "\u00deS", "topics": ["\u00dej\u00f3nustust\u00f6rf"]}, {"abbreviation": "SF", "topics": ["Sagnfr\u00e6\u00f0i"]}, {"abbreviation": "T\u00d6", "topics": ["T\u00f6lvuleikir"]}, {"abbreviation": "JM", "topics": ["Fr\u00e1 hugmynd til \u00fatg\u00e1fu"]}, {"abbreviation": "MH", "topics": ["S\u00e9rh\u00e6f\u00f0 enska \u00ed myndlist og h\u00f6nnun"]}, {"abbreviation": "BO", "topics": ["B\u00f3kmenntir", "m\u00e1lfr\u00e6\u00f0i", "or\u00f0afor\u00f0i"]}, {"abbreviation": "VO", "topics": ["V\u00edsindatengdur or\u00f0afor\u00f0i"]}, {"abbreviation": "MV", "topics": ["M\u00e1lnotkun", "b\u00f3kmenntir", "vi\u00f0skipti"]}, {"abbreviation": "SV", "topics": ["m\u00e1lnotkun", "samf\u00e9lag", "vi\u00f0skipti"]}, {"abbreviation": "VI", "topics": ["m\u00e1lskilningur", "ritun", "vi\u00f0skiptaenska"]}, {"abbreviation": "EM", "topics": ["bresk menning", "b\u00f3kmenntir", "m\u00e1l"]}, {"abbreviation": "NV", "topics": ["v\u00edsindaenska"]}, {"abbreviation": "YL", "topics": ["Yndislestur"]}, {"abbreviation": "EH", "topics": ["Enska fyrir heilbrig\u00f0isgreinar"]}, {"abbreviation": "DK", "topics": ["ENSKA"]}, {"abbreviation": "DG", "topics": ["Enskar myndas\u00f6gur"]}, {"abbreviation": "DV", "topics": ["or\u00f0afor\u00f0i"]}, {"abbreviation": "DY", "topics": ["Yndislestur \u00ed ensku"]}, {"abbreviation": "EY", "topics": ["Yndislestur 2 \u00e1 ensku"]}, {"abbreviation": "HB", "topics": ["B\u00f3kmenntir og fr\u00e6\u00f0ilegir textar \u00ed hugv\u00edsindum"]}, {"abbreviation": "MK", "topics": ["b\u00f3kmenntir", "kvikmyndir", "menning", "m\u00e1lnotkun"]}, {"abbreviation": "VG", "topics": ["gagnr\u00fdnin hugsun", "or\u00f0afor\u00f0i v\u00edsinda", "ritun", "tj\u00e1ning"]}, {"abbreviation": "TT", "topics": ["m\u00e1lnotkun \u00ed t\u00e6knigreinum", "or\u00f0afor\u00f0i", "tala\u00f0 m\u00e1l"]}, {"abbreviation": "SS", "topics": ["Shakespeare", "kvikmyndir", "ritun", "sk\u00e1lds\u00f6gur"]}, {"abbreviation": "FV", "topics": ["Fagm\u00e1l", "b\u00f3kmenntir", "f\u00e9lagsv\u00edsindi", "ritun"]}, {"abbreviation": "VV", "topics": ["fagm\u00e1l", "hagfr\u00e6\u00f0i", "verslun", "vi\u00f0skipti"]}, {"abbreviation": "TB", "topics": ["Tolkien", "b\u00f3kmenntir", "fantas\u00eda"]}, {"abbreviation": "LG", "topics": ["Lestur", "ritun og tj\u00e1ning"]}, {"abbreviation": "SH", "topics": ["Shakespeare"]}, {"abbreviation": "BK", "topics": ["b\u00f3kmenntir og menning"]}, {"abbreviation": "VF", "topics": ["fr\u00e6\u00f0i og fagm\u00e1l", "v\u00edsindi"]}, {"abbreviation": "AO", "topics": ["Akadem\u00edskur or\u00f0afor\u00f0i \u00e1 ensku og klass\u00edskar b\u00f3kmenntir"]}, {"abbreviation": "SD", "topics": ["S\u00e9rh\u00e6f\u00f0ur or\u00f0afor\u00f0i og breskar b\u00f3kmenntir"]}, {"abbreviation": "TE", "topics": ["\u00deemaverkefni \u00ed tengslum vi\u00f0 frekara n\u00e1m \u00e1 h\u00e1sk\u00f3lastigi", "\u00fej\u00e1lfun \u00ed ritun og tj\u00e1ningu \u00e1 ensku"]}, {"abbreviation": "LL", "topics": ["B\u00f3kmenntir", "leikrit", "lj\u00f3\u00f0 og kvikmyndir \u00e1 ensku annars vegar og hins vegar sam\u00fe\u00e6tting vi\u00f0 a\u00f0ra \u00e1fanga"]}, {"abbreviation": "US", "topics": ["Undirb\u00faningur fyrir st\u00f6\u00f0lu\u00f0 pr\u00f3f"]}, {"abbreviation": "GA", "topics": ["Grunnor\u00f0afor\u00f0i akadem\u00edskra texta"]}, {"abbreviation": "KO", "topics": ["Krefjandi or\u00f0afor\u00f0i"]}, {"abbreviation": "FS", "topics": ["Fj\u00f6lbreyttur skilningur"]}, {"abbreviation": "EA", "topics": ["Akadem\u00edskur or\u00f0afor\u00f0i"]}, {"abbreviation": "ME", "topics": ["Meteorology", "ve\u00f0urfr\u00e6\u00f0i"]}, {"abbreviation": "EK", "topics": ["Enska 1"]}, {"abbreviation": "LE", "topics": ["Lestur", "b\u00e6\u00f0i rauntexta og sk\u00e1lda\u00f0a"]}, {"abbreviation": "S\u00d6", "topics": ["Sm\u00e1s\u00f6gur og sk\u00e1lds\u00f6gur"]}, {"abbreviation": "HC", "topics": ["Hagn\u00fdt enska"]}, {"abbreviation": "\u00deA", "topics": ["\u00deematengt vi\u00f0fangsefni"]}, {"abbreviation": "\u00deB", "topics": ["\u00deematengt vi\u00f0fangsefni II"]}, {"abbreviation": "\u00deC", "topics": ["\u00deematengt vi\u00f0fangsefni III"]}, {"abbreviation": "AR", "topics": ["Almenn enska \u2013 Ritun", "hlustun", "lestur", "samskipti", "tal"]}, {"abbreviation": "AU", "topics": ["Almenn enska \u2013 ritun", "hlustun", "lestur", "samskipti", "tal"]}, {"abbreviation": "AF", "topics": ["Almenn enska (ritun-tal-hlustun-lestur-samskipti)"]}, {"abbreviation": "RF", "topics": ["Almenn enska", "ritun og lestur"]}, {"abbreviation": "RS", "topics": ["Almenn enska: ritun og lestur \u00ed forgrunni II"]}, {"abbreviation": "AL", "topics": ["Enska sem alheims m\u00e1l"]}], "_id": "50c0a02dd8e40575f7f6f488", "subjects": ["enska"], "counter": {"1": 34, "3": 79, "2": 72, "4": 1}}, "evaluation": "S\u00edmats\u00e1fangi. Pr\u00f3f (\u00fe.m.t. munnlegt pr\u00f3f og ritger\u00f0arpr\u00f3f) og verkefnum skv. kennslu\u00e1\u00e6tlun og taka virkan \u00fe\u00e1tt \u00ed \u00feemaverkefnum.", "categorization_suggestion": "FB", "embedded_topics": {"abbreviation": "AL", "topics": ["Enska sem alheims m\u00e1l"]}, "status": "approved by school", "description": "\u00deessi \u00e1fangi mi\u00f0ast vi\u00f0 C1 \u00ed sj\u00e1lfsmatsramma Evr\u00f3psku tungum\u00e1lam\u00f6ppunnar. Meginmarkmi\u00f0 \u00e1fangans er a\u00f0 halda \u00e1fram a\u00f0 byggja upp sj\u00e1lfstraust nemenda gagnvart \u00f6llum f\u00e6rni\u00fe\u00e1ttum: lestri, ritun, tali og hlustun. Grundvallarn\u00e1msefni \u00e1fangans er fl\u00f3knari og s\u00e9rh\u00e6f\u00f0ari textar, einkum um enska tungu, \u00e1kve\u00f0in einkenni hennar, \u00fatbrei\u00f0slu og st\u00f6\u00f0u sem alheimsm\u00e1ls (global language). Fyrst og fremst  er n\u00fa beitt hra\u00f0lestri; einnig er unni\u00f0 me\u00f0 fr\u00e6\u00f0ilegan or\u00f0afor\u00f0a.  Tv\u00f6 b\u00f3kmenntaverk eru lesin \u00fear sem ger\u00f0ar eru kr\u00f6fur um enn d\u00fdpri umfj\u00f6llun, b\u00e6\u00f0i \u00ed r\u00e6\u00f0u og riti. \u00dej\u00e1lfun \u00ed talm\u00e1li fer fram \u00ed para- og h\u00f3pvinnu \u00e1samt h\u00f3pumr\u00e6\u00f0um. Nemendur vinna \u00feemaverkefni \u00ed h\u00f3pum sem tengjast menningu og s\u00f6gu enskum\u00e6landi \u00fej\u00f3\u00f0a og flytja einnig fyrirlestur um s\u00e9rvali\u00f0 efni innan \u00feess ramma. Hlustunarefni er byggt \u00e1 k\u00f6flum \u00far kvikmyndum og sj\u00f3nvarpsefni, b\u00e6\u00f0i fr\u00e9ttatengdu, fr\u00e6\u00f0ilegu og menningarlegu efni. \u00dear er reynt a\u00f0 kanna \u00f3l\u00edk afbrig\u00f0i m\u00e6lts m\u00e1ls eftir heimshlutum. R\u00edk \u00e1hersla er l\u00f6g\u00f0 \u00e1 sj\u00e1lfst\u00e6\u00f0 vinnubr\u00f6g\u00f0 nemenda \u00ed heiman\u00e1mi, \u00fear me\u00f0 skil \u00e1 ritger\u00f0um, og samvinnu nemenda \u00ed kennslustundum.", "knowledge_goals": ["almennum \u00fe\u00e1ttum \u00ed menningu \u00fej\u00f3\u00f0a \u00fear sem enska er t\u00f6lu\u00f0 sem fyrsta m\u00e1l", "\u00fatbrei\u00f0slu ensku \u00ed heiminum \u00ed dag og st\u00f6\u00f0u hennar sem alheims m\u00e1ls (global language)", "or\u00f0afor\u00f0a sem gerir honum kleift a\u00f0 tileinka s\u00e9r me\u00f0 g\u00f3\u00f0u m\u00f3ti lesefni \u00ed \u00e1framhaldandi n\u00e1mi e\u00f0a starfi", "hef\u00f0um sem eiga vi\u00f0 um tala\u00f0 m\u00e1l, t.d. mismunandi m\u00e1lsni\u00f0"], "skills_goals": ["skilja almennt tala\u00f0 m\u00e1l, b\u00e6\u00f0i skipulega og \u00f3skipulega framsett", "skilja vel s\u00e9rh\u00e6f\u00f0a texta \u00e1 svi\u00f0i sem hann \u00feekkir", "lesa s\u00e9r til \u00e1n\u00e6gju e\u00f0a uppl\u00fdsingar texta sem gera miklar kr\u00f6fur til lesandans hva\u00f0 var\u00f0ar or\u00f0afor\u00f0a, uppbyggingu, myndm\u00e1l og st\u00edlbr\u00f6g\u00f0", "nota ensku \u00e1 sveigjanlegan og \u00e1rangursr\u00edkan h\u00e1tt \u00ed samr\u00e6\u00f0um", "tj\u00e1 sig af \u00f6ryggi um margv\u00edsleg m\u00e1lefni, b\u00e6\u00f0i almenn og pers\u00f3nuleg", "beita ritm\u00e1li \u00ed mismunandi tilgangi, fr\u00e6\u00f0ilegum og pers\u00f3nulegum me\u00f0 st\u00edlbrig\u00f0um og m\u00e1lsni\u00f0i sem vi\u00f0 \u00e1 og m\u00e6tir h\u00e6fnivi\u00f0mi\u00f0um \u00ferepsins"], "credits": 5, "last_modified": 1430851389.926591, "schools": ["51234a818caa45ed97015b35"], "coauthors": null, "instructions": "", "continued_education": false, "level": 3, "prerequisites": "ENSK2AE05", "author": "41be24d4-5ecf-4d99-9661-f49f574e3dcc", "abbreviation_version": null, "competence_goals": [["n\u00fdta s\u00e9r fyrirlestra, umr\u00e6\u00f0ur og r\u00f6kr\u00e6\u00f0ur um efni sem hann hefur \u00feekkingu \u00e1", ""], ["skilja s\u00e9r til gagns \u00feegar fjalla\u00f0 er um fl\u00f3ki\u00f0 efni, fr\u00e6\u00f0ilegs og t\u00e6knilegs e\u00f0lis, b\u00e6\u00f0i \u00feegar tala\u00f0 er skipulega og \u00f3skipulega", ""], ["greina s\u00f6gulegt, f\u00e9lagslegt, menningarlegt e\u00f0a p\u00f3lit\u00edskt samhengi \u00ed texta, svo sem \u00ed b\u00f3kmenntaverkum og \u00f6\u00f0rum textum", ""], ["skilja almennt innihald \u00ed s\u00e9rfr\u00e6\u00f0itextum sem ekki tengjast endilega s\u00e9rsvi\u00f0i nemandans,  geta lagt gagnr\u00fdni\u00f0 mat \u00e1 texta", ""], ["beita ensku \u00e1n meirih\u00e1ttar vandkv\u00e6\u00f0a til a\u00f0 geta teki\u00f0 fullan \u00fe\u00e1tt \u00ed umr\u00e6\u00f0um og r\u00f6kr\u00e6\u00f0um \u00fear sem fjalla\u00f0 er um pers\u00f3nuleg, menningarleg, f\u00e9lagsleg og fj\u00f6lmenningarleg efni", ""], ["geta flutt vel uppbygg\u00f0a fr\u00e1s\u00f6gn, kynningu e\u00f0a greinarger\u00f0 og brug\u00f0ist vi\u00f0 fyrirspurnum", ""], ["geta l\u00fdst sk\u00fdrt og greinilega fl\u00f3knum hlutum og dregi\u00f0 saman \u00ed vi\u00f0eigandi ni\u00f0urst\u00f6\u00f0ur \u00e1 svi\u00f0i sem hann \u00feekkir vel", ""], ["beita rithef\u00f0um sem vi\u00f0 eiga \u00ed textager\u00f0, m.a. um inngang me\u00f0 efnisyr\u00f0ingu, meginm\u00e1l me\u00f0 vel afm\u00f6rku\u00f0um efnisgreinum og ni\u00f0urlag", ""], ["vinna \u00far \u00fdmsum uppl\u00fdsingaveitum og fella saman \u00ed eina heild samkv\u00e6mt \u00feeim hef\u00f0um sem gilda um heimildavinnu", ""], ["skrifa skilmerkilegan og vel uppbygg\u00f0an texta sem tekur mi\u00f0 af \u00fev\u00ed hver lesandinn er", ""], ["skrifa texta me\u00f0 r\u00f6ksemdaf\u00e6rslu \u00fear sem fram koma r\u00f6k me\u00f0 og \u00e1 m\u00f3ti og \u00feau vegin og metin", ""]], "_id": "55490f3d62933a2b9f000f4b"}, {"exemplary": null, "topics": "Sj\u00f3narhorn f\u00e9lagsfr\u00e6\u00f0innar, einstaklingur og samf\u00e9lag", "abbreviation": "F\u00c9LV1SF06(FB)", "former_schools": null, "subject": "f\u00e9lagsv\u00edsindi", "title": "F\u00e9lagsv\u00edsindi", "version": 14, "status_trans": "Sam\u00feykkt af sk\u00f3la", "embedded_subject": {"abbreviation": "F\u00c9LV", "topics": [{"abbreviation": "IF", "topics": ["inngangur a\u00f0 f\u00e9lagsv\u00edsindum"]}, {"abbreviation": "AF", "topics": ["a\u00f0fer\u00f0ir f\u00e9lagsv\u00edsinda"]}, {"abbreviation": "LV", "topics": ["lokaverkefni"]}, {"abbreviation": "SJ", "topics": ["sj\u00f3narhorn f\u00e9lagsv\u00edsinda"]}, {"abbreviation": "\u00deF", "topics": ["\u00fer\u00f3un f\u00e9lagsv\u00edsinda"]}, {"abbreviation": "US", "topics": ["f\u00e9lagsfr\u00e6\u00f0i", "s\u00e1lfr\u00e6\u00f0i", "uppeldisfr\u00e6\u00f0i", "\u00fer\u00f3un f\u00e9lagsv\u00edsinda"]}, {"abbreviation": "KF", "topics": ["f\u00e9lagsv\u00edsindagreinar", "v\u00edsindaleg vinnubr\u00f6g\u00f0", "yfirlit"]}, {"abbreviation": "UF", "topics": ["Undirb\u00faningur a\u00f0 f\u00e9lagsv\u00edsindum"]}, {"abbreviation": "ST", "topics": ["Stj\u00f3rnm\u00e1lafr\u00e6\u00f0i"]}, {"abbreviation": "FF", "topics": ["F\u00e9lags- og fj\u00f6lmi\u00f0lafr\u00e6\u00f0i"]}, {"abbreviation": "FF", "topics": ["F\u00e9lags- og fj\u00f6lmi\u00f0lafr\u00e6\u00f0i"]}, {"abbreviation": "FF", "topics": ["F\u00e9lags- og fj\u00f6lmi\u00f0lafr\u00e6\u00f0i"]}, {"abbreviation": "KA", "topics": ["Kenningar og a\u00f0fer\u00f0ir \u00ed f\u00e9lagsv\u00edsindum"]}, {"abbreviation": "JK", "topics": ["Jafnr\u00e9tti", "kynjafr\u00e6\u00f0i"]}, {"abbreviation": "SF", "topics": ["Sj\u00f3narhorn f\u00e9lagsfr\u00e6\u00f0innar", "einstaklingur og samf\u00e9lag"]}], "_id": "50c0a02dd8e40575f7f6f49a", "subjects": ["f\u00e9lagsv\u00edsindi"], "counter": {"1": 13, "3": 4, "2": 5, "4": 0}}, "evaluation": "\u00deekking er metin me\u00f0 lokapr\u00f3fi, stuttum t\u00edmapr\u00f3fum og h\u00f3pa- og einstaklingsverkefnum sem b\u00e6\u00f0i eru unnin \u00ed t\u00edmum og heima.\n\nLeiknin er metin \u00fat fr\u00e1 skilningi \u00e1 lesnum texta, tengslum n\u00e1msefnis vi\u00f0 rita\u00f0a texta nemanda og almennum vinnubr\u00f6g\u00f0um \u00ed t\u00edmum og \u00ed heimaverkefnum.  \n\nH\u00e6fnin er metin \u00fat fr\u00e1 \u00fe\u00e1ttt\u00f6ku og \u00e1rangri \u00ed h\u00f3paverkefnum, samr\u00e6\u00f0um, r\u00f6kr\u00e6\u00f0um og sko\u00f0anaskiptum vi\u00f0 jafningja og kennara og hvernig nemendum gengur a\u00f0 mi\u00f0la efni  til jafningja sinna.\n", "categorization_suggestion": "FB", "embedded_topics": {"abbreviation": "SF", "topics": ["Sj\u00f3narhorn f\u00e9lagsfr\u00e6\u00f0innar", "einstaklingur og samf\u00e9lag"]}, "status": "approved by school", "description": "\u00cd \u00e1fanganum eru grunneiningar samf\u00e9lagsins sko\u00f0a\u00f0ar \u00fat fr\u00e1 sj\u00f3narhorni f\u00e9lagsv\u00edsinda. Nemendur kynna s\u00e9r f\u00e9lagslega \u00fe\u00e6tti sem hafa \u00e1hrif \u00e1 einstaklinginn, umhverfi hans og sko\u00f0a\u00f0 hvernig einstaklingurinn sj\u00e1lfur getur haft \u00e1hrif \u00e1 samf\u00e9lagi\u00f0. Einnig er l\u00f6g\u00f0 \u00e1hersla \u00e1 a\u00f0 nemendur d\u00fdpki skilning sinn \u00e1 skipulagi \u00ed eigin samf\u00e9lagi og annarra svo \u00feeir ver\u00f0i f\u00e6rir um a\u00f0 taka virkan \u00fe\u00e1tt \u00ed samf\u00e9lagslegum umr\u00e6\u00f0um og geti mynda\u00f0 s\u00e9r eigin sko\u00f0anir me\u00f0  gagnr\u00fdni\u00f0 vi\u00f0horf a\u00f0 lei\u00f0arlj\u00f3si.", "knowledge_goals": ["algengustu hugt\u00f6kum \u00ed f\u00e9lagsv\u00edsindum", "fj\u00f6lskyldunni og umhverfi hennar, tilgangi f\u00e9lagslegra festa og helstu \u00e1hrifavalda \u00ed f\u00e9lagsm\u00f3tun einstaklingsins", "mismunandi samf\u00e9lagsger\u00f0um, \u00f3l\u00edkum tr\u00faarbr\u00f6g\u00f0um og ford\u00f3mum", "grunnhugt\u00f6kum stj\u00f3rnm\u00e1lafr\u00e6\u00f0innar, s.s. l\u00fd\u00f0r\u00e6\u00f0i, valdi, \u00fer\u00edskiptingu r\u00edkisvaldsins og h\u00e6gri/vinstri kvar\u00f0anum", "\u00edslenskum vinnumarka\u00f0i og umhverfi hans", "mismunandi tegundum ofbeldis"], "skills_goals": ["beita algengustu hugt\u00f6kum f\u00e9lagsv\u00edsinda", "skilja tilgang f\u00e9lagslegra festa \u00ed samf\u00e9laginu, greina st\u00f6\u00f0u s\u00edna innan samf\u00e9lagsins og \u00feau \u00e1hrif sem einstaklingurinn hefur \u00e1 umhverfi sitt", "gera s\u00e9r grein fyrir einkennum og \u00fer\u00f3un \u00f3l\u00edkra samf\u00e9lagsger\u00f0a og tr\u00faarbrag\u00f0a auk \u00feess a\u00f0 vera me\u00f0vita\u00f0ur um birtingarmynd ford\u00f3ma", "geta sett fram ni\u00f0urst\u00f6\u00f0ur b\u00e6\u00f0i munnlega og skriflega \u00e1 skilmerkilegan h\u00e1tt"], "credits": 6, "last_modified": 1432070101.766726, "schools": ["51234a818caa45ed97015b35"], "coauthors": null, "instructions": "", "continued_education": false, "level": 1, "prerequisites": "", "author": "41be24d4-5ecf-4d99-9661-f49f574e3dcc", "abbreviation_version": null, "competence_goals": [["geta tj\u00e1\u00f0 sig um samf\u00e9lagsleg \u00e1litam\u00e1l \u00e1 skipulag\u00f0an og gagnr\u00fdnin h\u00e1tt", ""], ["gera s\u00e9r grein fyrir samspili \u00feekkingar, umbur\u00f0arlyndis og ford\u00f3ma", ""], ["geta a\u00f0 einhverju leyti sett sig \u00ed spor \u00feeirra sem b\u00faa vi\u00f0 annan veruleika en einstaklingurinn sj\u00e1lfur", ""], ["geta teki\u00f0 \u00e1byrg\u00f0 \u00e1 eigin n\u00e1mi, beitt \u00f6gu\u00f0um vinnubr\u00f6g\u00f0um, meti\u00f0 heimildir og uppl\u00fdsingar \u00ed f\u00e9lagsv\u00edsindum og unni\u00f0 \u00ed samstarfi me\u00f0 \u00f6\u00f0rum", ""]], "_id": "555ba7d562933a031300125e"}, {"exemplary": null, "topics": "forn\u00f6ld, mi\u00f0\u00f6ld", "abbreviation": "SAGA1FM03", "former_schools": null, "subject": "saga", "title": "Mannkyns- og \u00cdslandssaga fornaldar og mi\u00f0alda", "version": 22, "status_trans": "Sam\u00feykkt af sk\u00f3la", "embedded_subject": {"abbreviation": "SAGA", "topics": [{"abbreviation": "AK", "topics": ["almenn kynning"]}, {"abbreviation": "MS", "topics": ["mannkynssaga"]}, {"abbreviation": "MH", "topics": ["menningarsaga"]}, {"abbreviation": "ST", "topics": ["samt\u00edmasaga"]}, {"abbreviation": "LS", "topics": ["listasaga"]}, {"abbreviation": "MU", "topics": ["\u00fe\u00e6ttir \u00far mannkynss\u00f6gu fr\u00e1 upphafi mannsins til n\u00fdaldar"]}, {"abbreviation": "RS", "topics": ["rokksaga"]}, {"abbreviation": "MN", "topics": ["19. \u2013 21. aldar", "einkum mannskynss\u00f6gu", "valdir \u00fe\u00e6ttir \u00far s\u00f6gu"]}, {"abbreviation": "\u00c1S", "topics": ["\u00e1takasv\u00e6\u00f0i \u00ed heiminum"]}, {"abbreviation": "\u00cdS", "topics": ["\u00edsland og umheimurinn fr\u00e1 l\u00fd\u00f0veldisstofnun til l\u00ed\u00f0andi stundar."]}, {"abbreviation": "KA", "topics": ["land", "r\u00edki: k\u00edna og su\u00f0austur-as\u00eda", "sv\u00e6\u00f0i"]}, {"abbreviation": "\u00cdM", "topics": ["\u00edslands- og mannkynssaga"]}, {"abbreviation": "\u00deV", "topics": ["\u00fej\u00f3\u00f0armor\u00f0 og vo\u00f0averk \u00e1 20.-21. \u00f6ld"]}, {"abbreviation": "\u00cdL", "topics": ["\u00edslandssaga"]}, {"abbreviation": "SS", "topics": ["str\u00ed\u00f0ssaga"]}, {"abbreviation": "ME", "topics": ["menningar", "saga"]}, {"abbreviation": "FR", "topics": ["fr\u00e1 upphafi til byltinga"]}, {"abbreviation": "OL", "topics": ["20. \u00f6ldin"]}, {"abbreviation": "SA", "topics": ["saga og kvikmyndir"]}, {"abbreviation": "D\u00c6", "topics": ["saga d\u00e6gurmenningar \u00e1 \u00edslandi \u00e1 20. \u00f6ld"]}, {"abbreviation": "AA", "topics": ["\u00edslands- og mannkynssaga \u00e1 20. og 21. \u00f6ld"]}, {"abbreviation": "FO", "topics": ["fornaldarsaga"]}, {"abbreviation": "MI", "topics": ["mi\u00f0aldasaga"]}, {"abbreviation": "N\u00dd", "topics": ["saga n\u00fdaldar"]}, {"abbreviation": "HE", "topics": ["heimssaga"]}, {"abbreviation": "MF", "topics": ["mannskynssaga til 1800"]}, {"abbreviation": "AU", "topics": ["saga austurlands"]}, {"abbreviation": "\u00c1N", "topics": ["mannkynssaga fr\u00e1 1750 til n\u00fat\u00edmans"]}, {"abbreviation": "TU", "topics": ["tuttugasta \u00f6ldin"]}, {"abbreviation": "\u00deJ", "topics": ["al\u00fe\u00fd\u00f0umenning", "hversdagsl\u00edf", "\u00fej\u00f3\u00f0fr\u00e6\u00f0i"]}, {"abbreviation": "ML", "topics": ["19. \u00f6ld fram yfir mi\u00f0ja 20. \u00f6ld", "menningar- og listasaga"]}, {"abbreviation": "\u00cd\u00de", "topics": ["f\u00e9lagasamt\u00f6k", "\u00ed\u00fer\u00f3ttasaga"]}, {"abbreviation": "LI", "topics": ["menningar- og listasaga", "mi\u00f0aldir fram yfir mi\u00f0ja 19. \u00f6ld"]}, {"abbreviation": "SL", "topics": ["samt\u00edmalistir \u00ed s\u00f6gulegu samhengi"]}, {"abbreviation": "LM", "topics": ["Menning og listir"]}, {"abbreviation": "VE", "topics": ["Verkefna\u00e1fangi"]}, {"abbreviation": "MK", "topics": ["Saga"]}, {"abbreviation": "SK", "topics": ["Saga kynningar\u00e1fangi"]}, {"abbreviation": "CB", "topics": ["Saga Bandar\u00edkjanna."]}, {"abbreviation": "\u00cdH", "topics": ["fr\u00e1 1900 til dagsins \u00ed dag", "\u00edslensk h\u00f6nnunarsaga"]}, {"abbreviation": "M\u00de", "topics": ["", "fj\u00f6lmi\u00f0lar og saga", "greinandi saga", "saga sem hluti samt\u00edmans"]}, {"abbreviation": "R\u00d3", "topics": ["R\u00f3marveldi"]}, {"abbreviation": "MB", "topics": ["Mannr\u00e9ttindabar\u00e1tta \u00ed Bandar\u00edkjunum"]}, {"abbreviation": "FS", "topics": ["saga fjarl\u00e6gra sl\u00f3\u00f0a"]}, {"abbreviation": "NS", "topics": ["\u00cdslands- og mannkynssaga fr\u00e1 mi\u00f0ri 18. \u00f6ld til vorra daga"]}, {"abbreviation": "S\u00de", "topics": ["Saga - \u00dej\u00f3\u00f0armor\u00f0"]}, {"abbreviation": "V\u00cd", "topics": ["\u00cdslands- og mannkynssaga"]}, {"abbreviation": "II", "topics": ["\u00cdslands- og mannkynssaga II"]}, {"abbreviation": "UK", "topics": ["Mannkynssaga fr\u00e1 Uppl\u00fdsingu til Kalda str\u00ed\u00f0s"]}, {"abbreviation": "FG", "topics": ["Forn - gr\u00edsk saga og heimspeki"]}, {"abbreviation": "YS", "topics": ["Yfirlitssaga", "\u00cdslands- og mannkynssaga"]}, {"abbreviation": "KS", "topics": ["Kalda str\u00ed\u00f0i\u00f0"]}, {"abbreviation": "MM", "topics": ["Menningarsaga"]}, {"abbreviation": "KV", "topics": ["Sagan \u00ed kvikmyndum"]}, {"abbreviation": "GL", "topics": ["Saga gar\u00f0listar \u00ed heiminum"]}, {"abbreviation": "GS", "topics": ["Saga gar\u00f0yrkju \u00e1 \u00cdslandi og \u00ed heiminum"]}, {"abbreviation": "LH", "topics": ["Listir og h\u00f6nnun"]}, {"abbreviation": "SR", "topics": ["Saga og menning R\u00f3marborgar"]}, {"abbreviation": "MA", "topics": ["Saga 20. og 21. aldar"]}, {"abbreviation": "M\u00cd", "topics": ["19.-20.\u00f6ldin - valdir \u00fe\u00e6ttir \u00far mannkynss\u00f6gu og \u00cdslandss\u00f6gu"]}, {"abbreviation": "BY", "topics": ["Byltingar"]}, {"abbreviation": "SB", "topics": ["Saga: Byltingar"]}, {"abbreviation": "HS", "topics": ["Hugmyndasaga"]}, {"abbreviation": "KM", "topics": ["Kvikmyndasaga"]}, {"abbreviation": "CL", "topics": ["Saga l\u00e6kninga og sj\u00fakd\u00f3ma 1"]}, {"abbreviation": "BV", "topics": ["Heimssaga  Austur-As\u00eda"]}, {"abbreviation": "BF", "topics": ["Fornaldarsaga"]}, {"abbreviation": "BA", "topics": ["Heimsaga. Afr\u00edka"]}, {"abbreviation": "BE", "topics": ["Saga Evr\u00f3pu fr\u00e1 endurreisn til byltinga"]}, {"abbreviation": "CC", "topics": ["Sagnfr\u00e6\u00f0i og ritger\u00f0asm\u00ed\u00f0"]}, {"abbreviation": "CU", "topics": ["Utangar\u00f0ssaga"]}, {"abbreviation": "CR", "topics": ["Rokksaga"]}, {"abbreviation": "C\u00de", "topics": ["Fr\u00e1 \u00fej\u00f3\u00f0hverfu til \u00fej\u00f3\u00f0armor\u00f0a."]}, {"abbreviation": "FM", "topics": ["forn\u00f6ld", "mi\u00f0\u00f6ld"]}, {"abbreviation": "\u00deM", "topics": ["\u00der\u00f3un menningar og samf\u00e9laga"]}, {"abbreviation": "OI", "topics": ["\u00cdslands og mannkynssaga I"]}, {"abbreviation": "\u00deS", "topics": ["\u00de\u00e6ttir \u00far s\u00f6gu 20. aldar"]}, {"abbreviation": "BM", "topics": ["Mi\u00f0aldasaga."]}, {"abbreviation": "CG", "topics": ["Menningarsaga R\u00f3m\u00f6nsku Amer\u00edku"]}, {"abbreviation": "CN", "topics": ["Heimstyrj\u00f6ldin og helf\u00f6rin"]}, {"abbreviation": "CP", "topics": ["Kalda str\u00ed\u00f0i\u00f0."]}, {"abbreviation": "TS", "topics": ["Tr\u00faarbrag\u00f0asaga"]}, {"abbreviation": "NM", "topics": ["fundur \u00cdslands", "hrun R\u00f3maveldis", "menning fornaldar", "n\u00fd\u00f6ld"]}, {"abbreviation": "S\u00cd", "topics": ["kap\u00edtalismi \u00ed kreppu og str\u00ed\u00f0i", "sj\u00e1lfst\u00e6\u00f0isbar\u00e1ttan \u00e1 \u00cdslandi"]}, {"abbreviation": "EM", "topics": ["kristin menning", "menning fornaldar", "\u00fer\u00f3un evr\u00f3pskar menningar"]}, {"abbreviation": "MT", "topics": ["heimurinn \u00e1 21. \u00f6ld", "kalda str\u00ed\u00f0i\u00f0", "millistr\u00ed\u00f0s\u00e1rin", "n\u00fdlendustefnan"]}, {"abbreviation": "AM", "topics": ["al\u00fej\u00f3\u00f0legt samhengi", "kynjahlutverk og \u00edslam", "r\u00edki Mi\u00f0austurlanda"]}, {"abbreviation": "UT", "topics": ["e\u00f0li og \u00fer\u00f3un tr\u00faarbrag\u00f0a", "tr\u00faarl\u00edf \u00e1 \u00cdslandi", "uppruni"]}, {"abbreviation": "FB", "topics": ["Mannkynssaga fyrir framhaldssk\u00f3labraut"]}, {"abbreviation": "UN", "topics": ["M\u00f3tun n\u00fat\u00edmasamf\u00e9lags"]}, {"abbreviation": "\u00cdU", "topics": ["\u00cdsland og umheimurinn fr\u00e1 l\u00fd\u00f0veldisstofnun til l\u00ed\u00f0andi stundar"]}, {"abbreviation": "IS", "topics": ["Saga \u00cdslands 870-1990"]}, {"abbreviation": "H\u00cd", "topics": ["Heimsaga", "\u00cdslandsaga"]}, {"abbreviation": "YA", "topics": ["Saga heimsins"]}], "_id": "50c0a02dd8e40575f7f6f47a", "subjects": ["saga"], "counter": {"1": 19, "3": 39, "2": 57, "4": 0}}, "evaluation": "N\u00e1msmat mi\u00f0ast vi\u00f0 s\u00e9rstakt lokapr\u00f3f sem gildir 50% og s\u00edmat 50%. Beitt er j\u00f6fnum h\u00f6ndum hef\u00f0bundnu mati og \u00f3hef\u00f0bundnu og fj\u00f6lbreyttum matsa\u00f0fer\u00f0um.\n\n\u00deekkingin er metin me\u00f0 lokapr\u00f3fi, stuttum pr\u00f3fum og verkefnum sem b\u00e6\u00f0i eru unnin \u00ed t\u00edmum og heima.\n\nLeiknin er metin \u00fat fr\u00e1 vinnubr\u00f6g\u00f0um vi\u00f0 notkun heimilda, samningi eigin texta og skilningi \u00e1 lesnum texta.\nH\u00e6fnin er metin \u00fat fr\u00e1 \u00fe\u00e1ttt\u00f6ku og \u00e1rangri \u00ed samr\u00e6\u00f0um, r\u00f6kr\u00e6\u00f0um og sko\u00f0anaskiptum vi\u00f0 jafningja og kennara og hvernig nemendum gengur a\u00f0 mi\u00f0la efni til jafningja sinna.\n", "categorization_suggestion": "FB", "embedded_topics": {"abbreviation": "FM", "topics": ["forn\u00f6ld", "mi\u00f0\u00f6ld"]}, "status": "approved by school", "description": "\u00c1fanginn fjallar um forn\u00f6ldina og mi\u00f0aldir. L\u00f6g\u00f0 er \u00e1hersla \u00e1 upphaf mannkyns og menningar, fjalla\u00f0 um helstu r\u00edki fornaldarinnar og breytingar sem ur\u00f0u \u00e1 mi\u00f0\u00f6ldum, einkum n\u00fd r\u00edki og kristna menningu. \u00c1herslan er mest \u00e1 sv\u00e6\u00f0i\u00f0 umhverfis Mi\u00f0jar\u00f0arhafi\u00f0 og s\u00ed\u00f0an \u00e1 Vestur-Evr\u00f3pu og Nor\u00f0url\u00f6nd \u00e1 mi\u00f0\u00f6ldum. \u00cdtarlega er fjalla\u00f0 um landn\u00e1m \u00cdslands og \u00fer\u00f3un stj\u00f3rnkerfis og menningar \u00e1 \u00cdslandi \u00e1 mi\u00f0\u00f6ldum. Almennt tala\u00f0 henta s\u00f6gu\u00e1fangar mj\u00f6g vel til fr\u00e6\u00f0slu um og sko\u00f0anaskipta \u00e1 \u00f6llum grunn\u00fe\u00e1ttunum og au\u00f0velt er a\u00f0 \u00fej\u00e1lfa \u00f6ll svi\u00f0 lykilh\u00e6fninnar. Af einst\u00f6kum grunn\u00fe\u00e1ttum er \u00ed \u00feessum \u00e1fanga s\u00e9rst\u00f6k \u00e1hersla \u00e1 jafnr\u00e9tti, l\u00fd\u00f0r\u00e6\u00f0i, mannr\u00e9ttindi, heilbrig\u00f0i og sk\u00f6pun \u00ed umr\u00e6\u00f0u um heimspeki, st\u00e9ttskiptingu, tr\u00faarbr\u00f6g\u00f0 og stj\u00f3rnarfar fornaldar og mi\u00f0alda.", "knowledge_goals": ["v\u00f6ldum \u00fe\u00e1ttum \u00ed s\u00f6gu mannkyns og \u00cdslands fr\u00e1 upphafi til byrjunar n\u00fdaldar", "algengum hugt\u00f6kum sem notu\u00f0 eru \u00ed framsetningu \u00e1 s\u00f6gulegu efni", "\u00fev\u00ed hvernig mannkyninu fj\u00f6lgar, hvernig r\u00edki ver\u00f0a til, hvers vegna \u00feau vaxa og hnigna  ", "mikilv\u00e6gi gagnr\u00fdnnar hugsunar", "helstu tegundum heimilda og einf\u00f6ldum vinnubr\u00f6g\u00f0um vi\u00f0 heimildaleit og heimildanotkun", "tengslum fort\u00ed\u00f0ar og n\u00fat\u00ed\u00f0ar"], "skills_goals": ["lesalesa einfaldan texta \u00e1 \u00edslensku einfaldan texta \u00e1 \u00edslensku", "tengja atbur\u00f0i og \u00e1reiti \u00far n\u00fat\u00edmanum vi\u00f0 \u00fea\u00f0 sem \u00e1\u00f0ur hefur gerst", "nota heimildir til a\u00f0 setja saman eigin texta", "a\u00f0 taka saman stutta umfj\u00f6llun um afmarka\u00f0 s\u00f6gulegt efni og kynna \u00fea\u00f0 fyrir jafningjum"], "credits": 3, "last_modified": 1430320612.53532, "schools": ["51234a818caa45ed97015b35"], "coauthors": null, "instructions": "", "continued_education": false, "level": 1, "prerequisites": "", "author": "41be24d4-5ecf-4d99-9661-f49f574e3dcc", "abbreviation_version": null, "competence_goals": [["setja sj\u00e1lfan sig og samt\u00ed\u00f0 s\u00edna \u00ed samhengi vi\u00f0 s\u00f6guna", ""], ["setja sig \u00ed spor f\u00f3lks \u00e1 \u00fdmsum t\u00edmum", ""], ["taka \u00fe\u00e1tt \u00ed sko\u00f0anaskiptum og r\u00f6kr\u00e6\u00f0um me\u00f0 jafningjum um \u00feau sagnfr\u00e6\u00f0ilegu efni sem tekin eru fyrir \u00ed \u00e1fanganum", ""]], "_id": "5540f5e462933a24b7000156"}, {"exemplary": null, "topics": "f\u00f6ll, j\u00f6fnur", "abbreviation": "ST\u00c6R2FJ05(FB)", "former_schools": null, "subject": "st\u00e6r\u00f0fr\u00e6\u00f0i", "title": "St\u00e6r\u00f0fr\u00e6\u00f0i: F\u00f6ll, mengi ", "version": 110, "status_trans": "Sam\u00feykkt af sk\u00f3la", "embedded_subject": {"abbreviation": "ST\u00c6R", "topics": [{"abbreviation": "FN", "topics": ["fylkjareikningur", "l\u00ednuleg bestun", "netafr\u00e6\u00f0i"]}, {"abbreviation": "HR", "topics": ["heildun", "ra\u00f0ir", "runur", "r\u00famm\u00e1l sn\u00fa\u00f0s"]}, {"abbreviation": "DF", "topics": ["deildun", "f\u00f6ll", "markgildi"]}, {"abbreviation": "TD", "topics": ["deildaj\u00f6fnur", "tvinnt\u00f6lur"]}, {"abbreviation": "HV", "topics": ["hornaf\u00f6ll", "vigrar"]}, {"abbreviation": "T\u00c1", "topics": ["t\u00f6lfr\u00e6\u00f0i", "\u00e1lyktunart\u00f6lfr\u00e6\u00f0i"]}, {"abbreviation": "LT", "topics": ["l\u00edkindareikningur", "talningafr\u00e6\u00f0i", "t\u00f6lfr\u00e6\u00f0i"]}, {"abbreviation": "AT", "topics": ["algebra", "j\u00f6fnur", "talnafr\u00e6\u00f0i"]}, {"abbreviation": "AF", "topics": ["algebra", "f\u00f6ll", "gr\u00f6f"]}, {"abbreviation": "HM", "topics": ["h\u00e1t\u00ed\u00f0isdagar", "merkisdagar"]}, {"abbreviation": "GS", "topics": ["grunna\u00f0ger\u00f0ir"]}, {"abbreviation": "VG", "topics": ["grunna\u00f0ger\u00f0ir", "ver\u00f0\u00fatreikningar"]}, {"abbreviation": "MU", "topics": ["m\u00e6lieiningar", "uppskriftir"]}, {"abbreviation": "HP", "topics": ["heimilisinnkaup"]}, {"abbreviation": "RD", "topics": ["d\u00e6mareikningur", "r\u00f6khugsun"]}, {"abbreviation": "VK", "topics": ["keilusni\u00f0", "vigrar"]}, {"abbreviation": "AL", "topics": ["algebra"]}, {"abbreviation": "HA", "topics": ["hagn\u00fdt st\u00e6r\u00f0fr\u00e6\u00f0i daglegs l\u00edfs"]}, {"abbreviation": "AX", "topics": ["f\u00f6ll og deildun"]}, {"abbreviation": "AN", "topics": ["hornafr\u00e6\u00f0i", "keilusni\u00f0", "vigrar"]}, {"abbreviation": "CT", "topics": ["t\u00f6lfr\u00e6\u00f0i og l\u00edkindafr\u00e6\u00f0i"]}, {"abbreviation": "BR", "topics": ["klass\u00edsk r\u00famfr\u00e6\u00f0i"]}, {"abbreviation": "BH", "topics": ["algebra", "b", "h", "margli\u00f0ur og fleygbogar"]}, {"abbreviation": "GN", "topics": ["grunn\u00e1fangi \u00e1 n\u00e1tt\u00faruv\u00edsindabraut"]}, {"abbreviation": "LH", "topics": ["hornaf\u00f6ll og vigrar o.fl.", "lotubundin f\u00f6ll"]}, {"abbreviation": "FH", "topics": ["grunn\u00e1fangi \u00e1 f\u00e9lags- og hugv\u00edsindabraut"]}, {"abbreviation": "T\u00d6", "topics": ["undirst\u00f6\u00f0uatri\u00f0i t\u00f6lfr\u00e6\u00f0i"]}, {"abbreviation": "VH", "topics": ["hornf\u00f6ll", "vigrar o.fl."]}, {"abbreviation": "FD", "topics": ["algengustu f\u00f6ll", "deildun \u00feeirra og helstu eiginleikar"]}, {"abbreviation": "\u00deR", "topics": ["\u00fer\u00edv\u00ed\u00f0 r\u00famfr\u00e6\u00f0i"]}, {"abbreviation": "SS", "topics": ["strj\u00e1l st\u00e6r\u00f0fr\u00e6\u00f0i"]}, {"abbreviation": "TF", "topics": ["\u00e1lyktunart\u00f6lfr\u00e6\u00f0i"]}, {"abbreviation": "UA", "topics": ["a", "upprifjun"]}, {"abbreviation": "UB", "topics": ["b", "undirb\u00faningur"]}, {"abbreviation": "HS", "topics": ["hagn\u00fdt", "st\u00e6r\u00f0fr\u00e6\u00f0i"]}, {"abbreviation": "TS", "topics": ["st\u00e6r\u00f0fr\u00e6\u00f0i", "t\u00f6luleg"]}, {"abbreviation": "AJ", "topics": ["algebra", "j\u00f6fnur"]}, {"abbreviation": "FJ", "topics": ["f\u00f6ll", "j\u00f6fnur"]}, {"abbreviation": "TL", "topics": ["l\u00edkindareikningur", "t\u00f6lfr\u00e6\u00f0i"]}, {"abbreviation": "DH", "topics": ["deildarj\u00f6fnur", "heildi"]}, {"abbreviation": "FA", "topics": ["aflei\u00f0ur", "ferlaranns\u00f3knir"]}, {"abbreviation": "RT", "topics": ["ranns\u00f3knir", "t\u00f6lfr\u00e6\u00f0i"]}, {"abbreviation": "Y\u00c1", "topics": ["yfirlit", "\u00e1fangi"]}, {"abbreviation": "SG", "topics": ["greining", "st\u00e6r\u00f0fr\u00e6\u00f0i"]}, {"abbreviation": "GR", "topics": ["grunn\u00e1fangi \u00ed st\u00e6r\u00f0fr\u00e6\u00f0i"]}, {"abbreviation": "MF", "topics": ["f\u00f6ll", "margli\u00f0ur"]}, {"abbreviation": "HO", "topics": ["hornafr\u00e6\u00f0i", "vigrar"]}, {"abbreviation": "DM", "topics": ["deildun", "markgildi"]}, {"abbreviation": "RH", "topics": ["heildun", "ra\u00f0ir", "runur"]}, {"abbreviation": "FT", "topics": ["brei\u00f0bogaf\u00f6ll", "fylkjareikningur", "tvinnt\u00f6lur"]}, {"abbreviation": "D\u00c6", "topics": ["d\u00e6gurd\u00e6mi"]}, {"abbreviation": "R\u00da", "topics": ["r\u00famfr\u00e6\u00f0i", "\u00fer\u00edv\u00eddd"]}, {"abbreviation": "D\u00d3", "topics": ["deildi", "\u00f3bein deildun. heildi og heildunara\u00f0fer\u00f0ir. fyrsta stigs deildaj\u00f6fnur."]}, {"abbreviation": "HT", "topics": ["2. stigs diffurj\u00f6fnur . runur og ra\u00f0ir", "hagn\u00fdting heildareiknings", "samleitnipr\u00f3f.", "tvinnt\u00f6lur"]}, {"abbreviation": "AG", "topics": ["r\u00famfr\u00e6\u00f0i", "t\u00f6lur og algebra"]}, {"abbreviation": "UN", "topics": ["undirb\u00fanings\u00e1fangi \u00ed st\u00e6r\u00f0fr\u00e6\u00f0i"]}, {"abbreviation": "FS", "topics": ["f\u00f6ll og r\u00f6kfr\u00e6\u00f0i", "st\u00e6r\u00f0fr\u00e6\u00f0i \u2013 talnafr\u00e6\u00f0i"]}, {"abbreviation": "L\u00c6", "topics": ["l\u00edkindafr\u00e6\u00f0i og fj\u00e1rm\u00e1lal\u00e6si", "t\u00f6lfr\u00e6\u00f0i"]}, {"abbreviation": "LE", "topics": ["t\u00f6lvugraf\u00edk og t\u00f6lvuleikir"]}, {"abbreviation": "BN", "topics": ["algebra", "b", "margli\u00f0ur og fleygbogar", "n"]}, {"abbreviation": "BX", "topics": ["algebra", "b", "fleygbogar", "lograr", "x"]}, {"abbreviation": "AH", "topics": ["algebra", "f\u00f6ll", "hornafr\u00e6\u00f0i", "margli\u00f0ur", "mengi"]}, {"abbreviation": "AR", "topics": ["algebra", "r\u00famfr\u00e6\u00f0i"]}, {"abbreviation": "JM", "topics": ["t\u00f6lur mengi  j\u00f6fnur r\u00f6kfr\u00e6\u00f0i talningarfr\u00e6\u00f0i"]}, {"abbreviation": "VI", "topics": ["vigrar hornaf\u00f6ll f\u00f6ll"]}, {"abbreviation": "DR", "topics": ["deildarj\u00f6fnu", "heildun", "runur og ra\u00f0ir"]}, {"abbreviation": "DE", "topics": ["deildun"]}, {"abbreviation": "HD", "topics": ["deildaj\u00f6fnun", "heildun", "ra\u00f0ir", "runur"]}, {"abbreviation": "HE", "topics": ["1.stigs deildarj\u00f6fnur.", "heildun", "runur og ra\u00f0ir"]}, {"abbreviation": "RF", "topics": ["r\u00famfr\u00e6\u00f0i"]}, {"abbreviation": "FO", "topics": ["forn\u00e1ms\u00e1fangi"]}, {"abbreviation": "AP", "topics": ["algengar reiknia\u00f0ger\u00f0ir", "peningar og m\u00e6lieiningar", "t\u00edmat\u00e1kn"]}, {"abbreviation": "SF", "topics": ["Forn\u00e1m \u00ed st\u00e6r\u00f0fr\u00e6\u00f0i"]}, {"abbreviation": "BB", "topics": ["Forn\u00e1m 2"]}, {"abbreviation": "RA", "topics": ["Algebra", "f\u00f6ll", "r\u00famfr\u00e6\u00f0i", "t\u00f6lfr\u00e6\u00f0i"]}, {"abbreviation": "L\u00c1", "topics": ["l\u00fdsandi t\u00f6lfr\u00e6\u00f0i", "t\u00f6flureiknir", "\u00e1lyktunart\u00f6lfr\u00e6\u00f0i"]}, {"abbreviation": "TJ", "topics": ["Almennur talnareikningur", "form\u00falur", "j\u00f6fnur", "pr\u00f3sentur"]}, {"abbreviation": "JH", "topics": ["J\u00f6fnur", "hlutf\u00f6ll", "hnitakerfi\u00f0", "talname\u00f0fer\u00f0"]}, {"abbreviation": "RV", "topics": ["hornafr\u00e6\u00f0i \u00fer\u00edhyrnings", "hornaf\u00f6ll", "vigrar"]}, {"abbreviation": "DT", "topics": ["deildaj\u00f6fnur", "heildi", "samleitni", "tvinnt\u00f6lur"]}, {"abbreviation": "DS", "topics": ["deildaj\u00f6fnur", "samleitni", "tvinnt\u00f6lur"]}, {"abbreviation": "\u00deV", "topics": ["keilusni\u00f0", "vigrar", "\u00fer\u00edv\u00ed\u00f0 r\u00famfr\u00e6\u00f0i"]}, {"abbreviation": "FG", "topics": ["algebra", "f\u00f6ll", "gr\u00f6f", "veldi og r\u00e6tur"]}, {"abbreviation": "CX", "topics": ["f\u00f6ll og deildun fyri M\u00c1L og F\u00c9L"]}, {"abbreviation": "A\u00de", "topics": ["a", "\u00ferautalausnir"]}, {"abbreviation": "C\u00de", "topics": ["\u00derautalausnir"]}, {"abbreviation": "DN", "topics": ["algebra", "margli\u00f0ur og fleygbogar"]}, {"abbreviation": "UT", "topics": ["t\u00f6lfr\u00e6\u00f0i"]}, {"abbreviation": "OJ", "topics": ["t\u00f6lugildi og j\u00f6fnuhneppi", "\u00f3j\u00f6fnur"]}, {"abbreviation": "RG", "topics": ["R\u00famfr\u00e6\u00f0i me\u00f0 GeoGebru"]}, {"abbreviation": "HG", "topics": ["hagn\u00fdt st\u00e6r\u00f0fr\u00e6\u00f0i"]}, {"abbreviation": "AA", "topics": ["algengar reiknia\u00f0ger\u00f0ir"]}, {"abbreviation": "HL", "topics": ["Heildun"]}, {"abbreviation": "FM", "topics": ["F\u00f6ll", "markgildi og deildun algengustu falla"]}, {"abbreviation": "SH", "topics": ["St\u00e6r\u00f0fr\u00e6\u00f0igreining", "deildaj\u00f6fnur", "heildun", "runur og ra\u00f0ir"]}, {"abbreviation": "MA", "topics": ["Mengi", "algebra"]}, {"abbreviation": "HK", "topics": ["Hornaf\u00f6ll", "keilusni\u00f0", "vigrar"]}, {"abbreviation": "RM", "topics": ["R\u00famfr\u00e6\u00f0i"]}, {"abbreviation": "AB", "topics": ["almenn brot"]}, {"abbreviation": "RR", "topics": ["Hagn\u00fdting heildareiknings", "runur og ra\u00f0ir"]}, {"abbreviation": "HB", "topics": ["Hnit og b\u00f3kstafareikningur"]}, {"abbreviation": "RU", "topics": ["R\u00famfr\u00e6\u00f0i og hornaf\u00f6ll"]}, {"abbreviation": "VJ", "topics": ["Veldi og j\u00f6fnur"]}, {"abbreviation": "GA", "topics": ["Grunna\u00f0ger\u00f0ir algebru"]}, {"abbreviation": "AD", "topics": ["algebra", "brot", "hlutfallareikningur"]}, {"abbreviation": "B\u00c1", "topics": ["Br\u00faar\u00e1fangi"]}, {"abbreviation": "SB", "topics": ["St\u00e6r\u00f0fr\u00e6\u00f0ibr\u00fa"]}, {"abbreviation": "SL", "topics": ["St\u00e6r\u00f0fr\u00e6\u00f0il\u00edk\u00f6n"]}, {"abbreviation": "ST", "topics": ["St\u00e6r\u00f0fr\u00e6\u00f0igrunnur", "f\u00f6ll og  hnitakerfi", "j\u00f6fnur", "r\u00famfr\u00e6\u00f0i"]}, {"abbreviation": "MV", "topics": ["Mengi", "hornaf\u00f6ll", "talningarfr\u00e6\u00f0i", "vigrar og keilusni\u00f0"]}, {"abbreviation": "FF", "topics": ["F\u00f6ll og ferlar"]}, {"abbreviation": "MD", "topics": ["F\u00f6ll", "margli\u00f0udeiling", "markgildi og deildun algengustu falla"]}, {"abbreviation": "SR", "topics": ["St\u00e6r\u00f0fr\u00e6\u00f0igreining", "fylkjareikningur", "heildun", "l\u00ednuleg bestun", "runur og ra\u00f0ir", "\u00ferepasannanir og margv\u00ed\u00f0 f\u00f6ll"]}, {"abbreviation": "HN", "topics": ["hnitakerfi"]}, {"abbreviation": "JF", "topics": ["f\u00f6ll", "j\u00f6fnur og \u00f3j\u00f6fnur", "l\u00edkindareikningur og t\u00f6lfr\u00e6\u00f0i", "rauntalnakerfi"]}, {"abbreviation": "LF", "topics": ["F\u00f6ll og ferlar - l\u00ednur og fleygbogar"]}, {"abbreviation": "R\u00d6", "topics": ["R\u00f6k og mengi"]}, {"abbreviation": "F\u00d6", "topics": ["F\u00f6ll", "ferlar", "fleygbogar", "keilusni\u00f0 og hornaf\u00f6ll", "l\u00ednur"]}, {"abbreviation": "MG", "topics": ["Markgildi og aflei\u00f0ur"]}, {"abbreviation": "JR", "topics": ["AJ", "BR"]}, {"abbreviation": "PV", "topics": ["aflei\u00f0ur", "lograr", "pr\u00f3sentur", "vaxtareikningur"]}, {"abbreviation": "FV", "topics": ["Heildun falla", "flatarm\u00e1l og r\u00famm\u00e1l"]}, {"abbreviation": "VS", "topics": ["Vi\u00f0skipta st\u00e6r\u00f0fr\u00e6\u00f0i"]}, {"abbreviation": "BT", "topics": ["B\u00f3kstafareikningur og talnal\u00e6si"]}, {"abbreviation": "XY", "topics": ["Algebra", "hnitakerfi\u00f0", "hornaf\u00f6ll.", "r\u00famfr\u00e6\u00f0i"]}, {"abbreviation": "XZ", "topics": ["Algebra", "hnitakerfi\u00f0", "hornaf\u00f6ll.", "j\u00f6fnur", "r\u00famfr\u00e6\u00f0i"]}, {"abbreviation": "TV", "topics": ["T\u00f6lfr\u00e6\u00f0i", "talningar", "vi\u00f0skipti."]}, {"abbreviation": "\u00c1T", "topics": ["T\u00f6lfr\u00e6\u00f0i", "\u00e1lyktunart\u00f6lfr\u00e6\u00f0i"]}, {"abbreviation": "TT", "topics": ["Algebra", "talningafr\u00e6\u00f0i", "t\u00f6lfr\u00e6\u00f0i og l\u00edkindareikningur"]}, {"abbreviation": "GH", "topics": ["algebra", "forgangsr\u00f6\u00f0 a\u00f0ger\u00f0a", "hnitakerfi"]}, {"abbreviation": "SI", "topics": ["St\u00e6r\u00f0fr\u00e6\u00f0i 1 \u00e1 starfsbraut"]}, {"abbreviation": "SJ", "topics": ["St\u00e6r\u00f0fr\u00e6\u00f0i 2 \u00e1 starfsbraut"]}, {"abbreviation": "SK", "topics": ["St\u00e6r\u00f0fr\u00e6\u00f0i 3 \u00e1 starfsbraut"]}, {"abbreviation": "GF", "topics": ["Grunn\u00e1fangi \u00ed st\u00e6r\u00f0fr\u00e6\u00f0i \u00e1 f\u00e9lagsv\u00edsindabraut"]}, {"abbreviation": "G\u00c1", "topics": ["Grunn\u00e1fangi \u00ed st\u00e6r\u00f0fr\u00e6\u00f0i \u00e1 n\u00e1tt\u00faruv\u00edsindabraut"]}, {"abbreviation": "DD", "topics": ["D\u00e6gurd\u00e6mi"]}, {"abbreviation": "FL", "topics": ["ST\u00c6R"]}, {"abbreviation": "HH", "topics": ["Hlutf\u00f6ll", "hornaf\u00f6ll"]}, {"abbreviation": "DL", "topics": ["Peningar", "t\u00edmahugt\u00f6k", "ver\u00f0gildi"]}, {"abbreviation": "PI", "topics": ["Peningar", "innkaup", "ver\u00f0mi\u00f0ar"]}, {"abbreviation": "PH", "topics": ["Peningar", "heimilisb\u00f3khald", "tekjur og \u00fatgj\u00f6ld"]}, {"abbreviation": "PR", "topics": ["Pr\u00f3sentureikningur"]}, {"abbreviation": "TG", "topics": ["Talnagildi"]}, {"abbreviation": "MH", "topics": ["F\u00f6ll", "fleygbogar", "hornaf\u00f6ll", "margli\u00f0ur"]}, {"abbreviation": "VR", "topics": ["Vigrar", "r\u00famfr\u00e6\u00f0i"]}, {"abbreviation": "CQ", "topics": ["f\u00f6ll og deildun. Annar \u00e1fangi"]}, {"abbreviation": "JV", "topics": ["2. stigs j\u00f6fnur", "hnitakerfi\u00f0 og algebrubrot", "v\u00edsif\u00f6ll"]}, {"abbreviation": "HI", "topics": ["Heildun og deildarj\u00f6fnur"]}, {"abbreviation": "BQ", "topics": ["Algebra", "brot", "fleygbogar og lograr"]}, {"abbreviation": "CC", "topics": ["Vigrar og hornaf\u00f6ll"]}, {"abbreviation": "EE", "topics": ["Heildun", "diffurj\u00f6fnur", "runur og ra\u00f0ir"]}, {"abbreviation": "FU", "topics": ["Heildun", "tvinnt\u00f6lur og diffurj\u00f6fnur"]}, {"abbreviation": "ES", "topics": ["Strj\u00e1l st\u00e6r\u00f0fr\u00e6\u00f0i"]}, {"abbreviation": "EL", "topics": ["L\u00ednuleg algebra"]}, {"abbreviation": "AM", "topics": ["Algebra", "f\u00f6ll og mengi"]}, {"abbreviation": "P\u00de", "topics": ["lausn jafna", "pr\u00f3sentureikningur", "r\u00famfr\u00e6\u00f0i", "talnareikningur"]}, {"abbreviation": "MM", "topics": ["fleygbogar", "hnitakerfi\u00f0", "margli\u00f0ur", "mengi"]}, {"abbreviation": "\u00deA", "topics": ["algebra", "hlutf\u00f6ll", "veldi", "\u00fer\u00edhyrningar"]}, {"abbreviation": "VA", "topics": ["Vi\u00f0skiptareikningur"]}, {"abbreviation": "HJ", "topics": ["hnitakerfi", "j\u00f6fnur", "margli\u00f0ur"]}, {"abbreviation": "YM", "topics": ["fylkjareikningur", "hagn\u00fdting \u00e1 diffurreikningi", "tvinnt\u00f6lureikningar"]}, {"abbreviation": "BD", "topics": ["brei\u00f0bogaf\u00f6ll", "diffurj\u00f6fnur", "fylki"]}, {"abbreviation": "DV", "topics": ["Diffrun", "f\u00f6ll", "v\u00edsis- og lograf\u00f6ll"]}, {"abbreviation": "VD", "topics": ["diffrun", "vigrar"]}, {"abbreviation": "HF", "topics": ["diffurj\u00f6fnur", "fylgi", "heildun", "r\u00famfr\u00e6\u00f0i"]}, {"abbreviation": "MJ", "topics": ["2. stigs j\u00f6fnur og \u00f3j\u00f6fnur", "Mengjareikningur", "gr\u00f6f", "margli\u00f0ur og l\u00f3garitma.", "veldi og r\u00e6tur"]}, {"abbreviation": "ML", "topics": ["Mengi", "j\u00f6fnur", "l\u00f3garitmar.", "margli\u00f0ur"]}, {"abbreviation": "KV", "topics": ["Vigrar", "hnitar\u00famfr\u00e6\u00f0i og r\u00f6kfr\u00e6\u00f0i.", "hornaf\u00f6ll", "keilusni\u00f0"]}, {"abbreviation": "DI", "topics": ["Heildun", "diffurj\u00f6fnur."]}, {"abbreviation": "HU", "topics": ["Heildun", "ra\u00f0ir og diffurj\u00f6fnur", "runur"]}, {"abbreviation": "F\u00c9", "topics": ["grunn\u00e1fangi \u00e1 f\u00e9lagsv\u00edsindabraut"]}, {"abbreviation": "TR", "topics": ["diffurj\u00f6fnur", "fylki", "r\u00famfr\u00e6\u00f0i", "tegurreikningur", "tvinnt\u00f6lur"]}, {"abbreviation": "MS", "topics": ["Maclaurin-li\u00f0un og samleitni"]}, {"abbreviation": "TH", "topics": ["T\u00f6lfr\u00e6\u00f0i", "l\u00edkindi og tilg\u00e1tupr\u00f3fun"]}, {"abbreviation": "JG", "topics": ["ar\u00f0semi", "gengi", "jafngrei\u00f0slura\u00f0ir", "vaxtareikningur"]}, {"abbreviation": "IR", "topics": ["I\u00f0nreikningur"]}, {"abbreviation": "DA", "topics": ["F\u00f6ll", "deildun og v\u00edsis- og lograf\u00f6ll", "markgildi"]}, {"abbreviation": "DB", "topics": ["F\u00f6ll", "deildun", "markgildi", "v\u00edsis- og lograf\u00f6ll"]}, {"abbreviation": "L\u00cd", "topics": ["St\u00e6r\u00f0fr\u00e6\u00f0ileg l\u00edk\u00f6n fyrir hug- og f\u00e9lagsv\u00edsindagreinar"]}, {"abbreviation": "GT", "topics": ["T\u00f6lvuleikjast\u00e6r\u00f0fr\u00e6\u00f0i", "forritun og t\u00f6lvugraf\u00edk"]}, {"abbreviation": "MB", "topics": ["Mengi", "annars stigs j\u00f6fnur", "brot", "margli\u00f0ur og hnitar\u00famfr\u00e6\u00f0i"]}, {"abbreviation": "YS", "topics": ["Yfirlits\u00e1fangi \u00ed st\u00e6r\u00f0fr\u00e6\u00f0i"]}, {"abbreviation": "VF", "topics": ["Vi\u00f0skipti og f\u00f6ll"]}, {"abbreviation": "TP", "topics": ["T\u00f6lfr\u00e6\u00f0ipr\u00f3f"]}, {"abbreviation": "SD", "topics": ["St\u00e6r\u00f0fr\u00e6\u00f0i \u00ed daglega l\u00edfinu"]}, {"abbreviation": "BP", "topics": ["Brei\u00f0bogaf\u00f6ll", "p\u00f3lhnitakerfi og tvinnt\u00f6lur"]}, {"abbreviation": "XX", "topics": ["Algebra", "r\u00famfr\u00e6\u00f0i", "t\u00f6lfr\u00e6\u00f0i"]}, {"abbreviation": "FR", "topics": ["Fj\u00e1rm\u00e1lal\u00e6si", "gr\u00f6f og f\u00f6ll", "t\u00f6lfr\u00e6\u00f0i"]}, {"abbreviation": "BA", "topics": ["Talname\u00f0fer\u00f0", "fr\u00e1dr\u00e1ttur", "margfeldi og deiling talna. Brotareikningur.", "samlagning"]}, {"abbreviation": "AU", "topics": ["Undirb\u00fanings\u00e1fangi i st\u00e6r\u00f0fr\u00e6\u00f0i fyrir fyrsta \u00e1fanga \u00e1 \u00f6\u00f0ru \u00ferepi"]}, {"abbreviation": "LV", "topics": ["Lotubundin f\u00f6ll", "hornafallareglur", "hornaf\u00f6ll", "j\u00f6fnur l\u00edna og hringa", "vigrar"]}, {"abbreviation": "VV", "topics": ["F\u00f6ll", "markgildi og aflei\u00f0ur"]}, {"abbreviation": "YF", "topics": ["Brei\u00f0bogaf\u00f6ll", "heildun og fylki. Yfirlits\u00e1fangi.", "tvinnt\u00f6lur"]}], "_id": "50c0a02dd8e40575f7f6f490", "subjects": ["st\u00e6r\u00f0fr\u00e6\u00f0i"], "counter": {"1": 51, "3": 82, "2": 109, "4": 8}}, "evaluation": "\u00c1fanginn er s\u00edmats\u00e1fangi. N\u00e1msmat byggir annars vegar \u00e1 lotupr\u00f3fum og hins vegar \u00e1 verkefnavinnu. Lotupr\u00f3f \u00far fyrri og seinni hluta n\u00e1msefnisins og tv\u00f6 h\u00f3pverkefni.  \u00cd h\u00f3pverkefnum skila nemendur sk\u00fdrslu \u00fear sem \u00e1hersla er l\u00f6g\u00f0 \u00e1 uppsetningu, myndr\u00e6na framsetningu me\u00f0 notkun t\u00f6lvuforrita og g\u00f3\u00f0an texta. N\u00e1nari \u00fatlistun \u00e1 n\u00e1msmati kemur fram \u00ed kennslu\u00e1\u00e6tlun.", "categorization_suggestion": "FB", "embedded_topics": {"abbreviation": "FJ", "topics": ["f\u00f6ll", "j\u00f6fnur"]}, "status": "approved by school", "description": "Talningafr\u00e6\u00f0i og mengi. Annars stigs j\u00f6fnur. \u00deri\u00f0ja stigs j\u00f6fnur. L\u00ednan, fleygbogi, \u00feri\u00f0ja stigs f\u00f6ll og v\u00edsisf\u00f6ll. Stu\u00f0ladeiling. Formerkjat\u00f6flur. Unni\u00f0 me\u00f0 f\u00f6ll af h\u00e6rra stigi \u00ed forritinu \u201eGeoGebra\u201c.  Formengi og varpmengi, vaxandi og minnkandi f\u00f6ll. ", "knowledge_goals": ["grunnreglum talningafr\u00e6\u00f0i", "helstu hugt\u00f6kum mengjafr\u00e6\u00f0i, talnamengjum og vennmyndum", "annars og \u00feri\u00f0ja stigs j\u00f6fnum", "hnitakerfi, notagildi gildistafla og formerkjataflna", "hallat\u00f6lu l\u00ednu og j\u00f6fnu beinnar l\u00ednu \u00e1 skur\u00f0hallaformi", "fleygboga", "fallhugtakinu", "ferlum fyrsta, annars og \u00feri\u00f0ja stigs jafna", "logra og v\u00edsisf\u00f6llum", "vi\u00f0skiptareikningum"], "skills_goals": ["beita grunnreglum talningafr\u00e6\u00f0i", "leysa d\u00e6mi me\u00f0 vennmyndum", "vinna me\u00f0 helstu hugt\u00f6k mengjafr\u00e6\u00f0innar", "beita mismunandi a\u00f0fer\u00f0um vi\u00f0 lausn annars stigs jafna", "leysa einfaldar \u00feri\u00f0ja stigs j\u00f6fnur", "gera gildist\u00f6flu fyrir j\u00f6fnur og teikna graf \u00feeirra", "teikna mynd l\u00ednu sem gefin er \u00e1 skur\u00f0hallaformi og finna hallat\u00f6lu l\u00ednu af mynd hennar \u00ed hnitakerfi", "teikna fyrsta, annars og \u00feri\u00f0ja stigs ferla me\u00f0 og \u00e1n t\u00f6lvuforrits", "nota logra reglur vi\u00f0 lausn jafna me\u00f0 v\u00edsisf\u00f6llum", "nota logra vi\u00f0 lausn verslunarreiknings"], "credits": 5, "last_modified": 1430322729.122944, "schools": ["51234a818caa45ed97015b35"], "coauthors": null, "instructions": "Samsvarar ST\u00c6262.", "continued_education": false, "level": 2, "prerequisites": "ST\u00c6R2RM05", "author": "c9d16cc0-1136-4f18-96dc-5200450e0694", "abbreviation_version": null, "competence_goals": [["teikna f\u00f6ll og l\u00fdsa \u00feeim \u00ed texta", ""], ["vinna verkefni \u00ed \u201eGeoGebra\u201c forritinu", ""], ["skrifa texta \u00fear sem  notu\u00f0 eru \u00feau hugt\u00f6k sem kynnt hafa veri\u00f0 \u00ed \u00e1fanganum", ""], ["beita a\u00f0fer\u00f0um sem kynntar eru \u00ed \u00e1fanganum vi\u00f0 lausn \u00f3l\u00edkra verkefna", ""], ["r\u00f6ksty\u00f0ja a\u00f0fer\u00f0ir og hugsanaferli me\u00f0 sk\u00fdrum h\u00e6tti", ""], ["temja s\u00e9r g\u00f3\u00f0a framsetningu og skipul\u00f6g\u00f0 vinnubr\u00f6g\u00f0", ""], ["or\u00f0a hlutina me\u00f0 \u00f6\u00f0rum og e.t.v. skiljanlegri h\u00e6tti", ""], ["n\u00fdta s\u00e9r hli\u00f0st\u00e6\u00f0ur vi\u00f0 verkefna\u00farlausnir og beita samskonar lausnara\u00f0fer\u00f0um \u00feegar \u00fea\u00f0 \u00e1 vi\u00f0", ""], ["skiptast \u00e1 sko\u00f0unum vi\u00f0 a\u00f0ra um st\u00e6r\u00f0fr\u00e6\u00f0ileg vi\u00f0fangsefni", ""]], "_id": "5540fe2962933a24b70001c0"}, {"exemplary": null, "topics": "R\u00famfr\u00e6\u00f0i", "abbreviation": "ST\u00c6R2RM05(FB)", "former_schools": null, "subject": "st\u00e6r\u00f0fr\u00e6\u00f0i", "title": "St\u00e6r\u00f0fr\u00e6\u00f0i: R\u00famfr\u00e6\u00f0i, vigrar og hlutf\u00f6ll", "version": 112, "status_trans": "Sam\u00feykkt af sk\u00f3la", "embedded_subject": {"abbreviation": "ST\u00c6R", "topics": [{"abbreviation": "FN", "topics": ["fylkjareikningur", "l\u00ednuleg bestun", "netafr\u00e6\u00f0i"]}, {"abbreviation": "HR", "topics": ["heildun", "ra\u00f0ir", "runur", "r\u00famm\u00e1l sn\u00fa\u00f0s"]}, {"abbreviation": "DF", "topics": ["deildun", "f\u00f6ll", "markgildi"]}, {"abbreviation": "TD", "topics": ["deildaj\u00f6fnur", "tvinnt\u00f6lur"]}, {"abbreviation": "HV", "topics": ["hornaf\u00f6ll", "vigrar"]}, {"abbreviation": "T\u00c1", "topics": ["t\u00f6lfr\u00e6\u00f0i", "\u00e1lyktunart\u00f6lfr\u00e6\u00f0i"]}, {"abbreviation": "LT", "topics": ["l\u00edkindareikningur", "talningafr\u00e6\u00f0i", "t\u00f6lfr\u00e6\u00f0i"]}, {"abbreviation": "AT", "topics": ["algebra", "j\u00f6fnur", "talnafr\u00e6\u00f0i"]}, {"abbreviation": "AF", "topics": ["algebra", "f\u00f6ll", "gr\u00f6f"]}, {"abbreviation": "HM", "topics": ["h\u00e1t\u00ed\u00f0isdagar", "merkisdagar"]}, {"abbreviation": "GS", "topics": ["grunna\u00f0ger\u00f0ir"]}, {"abbreviation": "VG", "topics": ["grunna\u00f0ger\u00f0ir", "ver\u00f0\u00fatreikningar"]}, {"abbreviation": "MU", "topics": ["m\u00e6lieiningar", "uppskriftir"]}, {"abbreviation": "HP", "topics": ["heimilisinnkaup"]}, {"abbreviation": "RD", "topics": ["d\u00e6mareikningur", "r\u00f6khugsun"]}, {"abbreviation": "VK", "topics": ["keilusni\u00f0", "vigrar"]}, {"abbreviation": "AL", "topics": ["algebra"]}, {"abbreviation": "HA", "topics": ["hagn\u00fdt st\u00e6r\u00f0fr\u00e6\u00f0i daglegs l\u00edfs"]}, {"abbreviation": "AX", "topics": ["f\u00f6ll og deildun"]}, {"abbreviation": "AN", "topics": ["hornafr\u00e6\u00f0i", "keilusni\u00f0", "vigrar"]}, {"abbreviation": "CT", "topics": ["t\u00f6lfr\u00e6\u00f0i og l\u00edkindafr\u00e6\u00f0i"]}, {"abbreviation": "BR", "topics": ["klass\u00edsk r\u00famfr\u00e6\u00f0i"]}, {"abbreviation": "BH", "topics": ["algebra", "b", "h", "margli\u00f0ur og fleygbogar"]}, {"abbreviation": "GN", "topics": ["grunn\u00e1fangi \u00e1 n\u00e1tt\u00faruv\u00edsindabraut"]}, {"abbreviation": "LH", "topics": ["hornaf\u00f6ll og vigrar o.fl.", "lotubundin f\u00f6ll"]}, {"abbreviation": "FH", "topics": ["grunn\u00e1fangi \u00e1 f\u00e9lags- og hugv\u00edsindabraut"]}, {"abbreviation": "T\u00d6", "topics": ["undirst\u00f6\u00f0uatri\u00f0i t\u00f6lfr\u00e6\u00f0i"]}, {"abbreviation": "VH", "topics": ["hornf\u00f6ll", "vigrar o.fl."]}, {"abbreviation": "FD", "topics": ["algengustu f\u00f6ll", "deildun \u00feeirra og helstu eiginleikar"]}, {"abbreviation": "\u00deR", "topics": ["\u00fer\u00edv\u00ed\u00f0 r\u00famfr\u00e6\u00f0i"]}, {"abbreviation": "SS", "topics": ["strj\u00e1l st\u00e6r\u00f0fr\u00e6\u00f0i"]}, {"abbreviation": "TF", "topics": ["\u00e1lyktunart\u00f6lfr\u00e6\u00f0i"]}, {"abbreviation": "UA", "topics": ["a", "upprifjun"]}, {"abbreviation": "UB", "topics": ["b", "undirb\u00faningur"]}, {"abbreviation": "HS", "topics": ["hagn\u00fdt", "st\u00e6r\u00f0fr\u00e6\u00f0i"]}, {"abbreviation": "TS", "topics": ["st\u00e6r\u00f0fr\u00e6\u00f0i", "t\u00f6luleg"]}, {"abbreviation": "AJ", "topics": ["algebra", "j\u00f6fnur"]}, {"abbreviation": "FJ", "topics": ["f\u00f6ll", "j\u00f6fnur"]}, {"abbreviation": "TL", "topics": ["l\u00edkindareikningur", "t\u00f6lfr\u00e6\u00f0i"]}, {"abbreviation": "DH", "topics": ["deildarj\u00f6fnur", "heildi"]}, {"abbreviation": "FA", "topics": ["aflei\u00f0ur", "ferlaranns\u00f3knir"]}, {"abbreviation": "RT", "topics": ["ranns\u00f3knir", "t\u00f6lfr\u00e6\u00f0i"]}, {"abbreviation": "Y\u00c1", "topics": ["yfirlit", "\u00e1fangi"]}, {"abbreviation": "SG", "topics": ["greining", "st\u00e6r\u00f0fr\u00e6\u00f0i"]}, {"abbreviation": "GR", "topics": ["grunn\u00e1fangi \u00ed st\u00e6r\u00f0fr\u00e6\u00f0i"]}, {"abbreviation": "MF", "topics": ["f\u00f6ll", "margli\u00f0ur"]}, {"abbreviation": "HO", "topics": ["hornafr\u00e6\u00f0i", "vigrar"]}, {"abbreviation": "DM", "topics": ["deildun", "markgildi"]}, {"abbreviation": "RH", "topics": ["heildun", "ra\u00f0ir", "runur"]}, {"abbreviation": "FT", "topics": ["brei\u00f0bogaf\u00f6ll", "fylkjareikningur", "tvinnt\u00f6lur"]}, {"abbreviation": "D\u00c6", "topics": ["d\u00e6gurd\u00e6mi"]}, {"abbreviation": "R\u00da", "topics": ["r\u00famfr\u00e6\u00f0i", "\u00fer\u00edv\u00eddd"]}, {"abbreviation": "D\u00d3", "topics": ["deildi", "\u00f3bein deildun. heildi og heildunara\u00f0fer\u00f0ir. fyrsta stigs deildaj\u00f6fnur."]}, {"abbreviation": "HT", "topics": ["2. stigs diffurj\u00f6fnur . runur og ra\u00f0ir", "hagn\u00fdting heildareiknings", "samleitnipr\u00f3f.", "tvinnt\u00f6lur"]}, {"abbreviation": "AG", "topics": ["r\u00famfr\u00e6\u00f0i", "t\u00f6lur og algebra"]}, {"abbreviation": "UN", "topics": ["undirb\u00fanings\u00e1fangi \u00ed st\u00e6r\u00f0fr\u00e6\u00f0i"]}, {"abbreviation": "FS", "topics": ["f\u00f6ll og r\u00f6kfr\u00e6\u00f0i", "st\u00e6r\u00f0fr\u00e6\u00f0i \u2013 talnafr\u00e6\u00f0i"]}, {"abbreviation": "L\u00c6", "topics": ["l\u00edkindafr\u00e6\u00f0i og fj\u00e1rm\u00e1lal\u00e6si", "t\u00f6lfr\u00e6\u00f0i"]}, {"abbreviation": "LE", "topics": ["t\u00f6lvugraf\u00edk og t\u00f6lvuleikir"]}, {"abbreviation": "BN", "topics": ["algebra", "b", "margli\u00f0ur og fleygbogar", "n"]}, {"abbreviation": "BX", "topics": ["algebra", "b", "fleygbogar", "lograr", "x"]}, {"abbreviation": "AH", "topics": ["algebra", "f\u00f6ll", "hornafr\u00e6\u00f0i", "margli\u00f0ur", "mengi"]}, {"abbreviation": "AR", "topics": ["algebra", "r\u00famfr\u00e6\u00f0i"]}, {"abbreviation": "JM", "topics": ["t\u00f6lur mengi  j\u00f6fnur r\u00f6kfr\u00e6\u00f0i talningarfr\u00e6\u00f0i"]}, {"abbreviation": "VI", "topics": ["vigrar hornaf\u00f6ll f\u00f6ll"]}, {"abbreviation": "DR", "topics": ["deildarj\u00f6fnu", "heildun", "runur og ra\u00f0ir"]}, {"abbreviation": "DE", "topics": ["deildun"]}, {"abbreviation": "HD", "topics": ["deildaj\u00f6fnun", "heildun", "ra\u00f0ir", "runur"]}, {"abbreviation": "HE", "topics": ["1.stigs deildarj\u00f6fnur.", "heildun", "runur og ra\u00f0ir"]}, {"abbreviation": "RF", "topics": ["r\u00famfr\u00e6\u00f0i"]}, {"abbreviation": "FO", "topics": ["forn\u00e1ms\u00e1fangi"]}, {"abbreviation": "AP", "topics": ["algengar reiknia\u00f0ger\u00f0ir", "peningar og m\u00e6lieiningar", "t\u00edmat\u00e1kn"]}, {"abbreviation": "SF", "topics": ["Forn\u00e1m \u00ed st\u00e6r\u00f0fr\u00e6\u00f0i"]}, {"abbreviation": "BB", "topics": ["Forn\u00e1m 2"]}, {"abbreviation": "RA", "topics": ["Algebra", "f\u00f6ll", "r\u00famfr\u00e6\u00f0i", "t\u00f6lfr\u00e6\u00f0i"]}, {"abbreviation": "L\u00c1", "topics": ["l\u00fdsandi t\u00f6lfr\u00e6\u00f0i", "t\u00f6flureiknir", "\u00e1lyktunart\u00f6lfr\u00e6\u00f0i"]}, {"abbreviation": "TJ", "topics": ["Almennur talnareikningur", "form\u00falur", "j\u00f6fnur", "pr\u00f3sentur"]}, {"abbreviation": "JH", "topics": ["J\u00f6fnur", "hlutf\u00f6ll", "hnitakerfi\u00f0", "talname\u00f0fer\u00f0"]}, {"abbreviation": "RV", "topics": ["hornafr\u00e6\u00f0i \u00fer\u00edhyrnings", "hornaf\u00f6ll", "vigrar"]}, {"abbreviation": "DT", "topics": ["deildaj\u00f6fnur", "heildi", "samleitni", "tvinnt\u00f6lur"]}, {"abbreviation": "DS", "topics": ["deildaj\u00f6fnur", "samleitni", "tvinnt\u00f6lur"]}, {"abbreviation": "\u00deV", "topics": ["keilusni\u00f0", "vigrar", "\u00fer\u00edv\u00ed\u00f0 r\u00famfr\u00e6\u00f0i"]}, {"abbreviation": "FG", "topics": ["algebra", "f\u00f6ll", "gr\u00f6f", "veldi og r\u00e6tur"]}, {"abbreviation": "CX", "topics": ["f\u00f6ll og deildun fyri M\u00c1L og F\u00c9L"]}, {"abbreviation": "A\u00de", "topics": ["a", "\u00ferautalausnir"]}, {"abbreviation": "C\u00de", "topics": ["\u00derautalausnir"]}, {"abbreviation": "DN", "topics": ["algebra", "margli\u00f0ur og fleygbogar"]}, {"abbreviation": "UT", "topics": ["t\u00f6lfr\u00e6\u00f0i"]}, {"abbreviation": "OJ", "topics": ["t\u00f6lugildi og j\u00f6fnuhneppi", "\u00f3j\u00f6fnur"]}, {"abbreviation": "RG", "topics": ["R\u00famfr\u00e6\u00f0i me\u00f0 GeoGebru"]}, {"abbreviation": "HG", "topics": ["hagn\u00fdt st\u00e6r\u00f0fr\u00e6\u00f0i"]}, {"abbreviation": "AA", "topics": ["algengar reiknia\u00f0ger\u00f0ir"]}, {"abbreviation": "HL", "topics": ["Heildun"]}, {"abbreviation": "FM", "topics": ["F\u00f6ll", "markgildi og deildun algengustu falla"]}, {"abbreviation": "SH", "topics": ["St\u00e6r\u00f0fr\u00e6\u00f0igreining", "deildaj\u00f6fnur", "heildun", "runur og ra\u00f0ir"]}, {"abbreviation": "MA", "topics": ["Mengi", "algebra"]}, {"abbreviation": "HK", "topics": ["Hornaf\u00f6ll", "keilusni\u00f0", "vigrar"]}, {"abbreviation": "RM", "topics": ["R\u00famfr\u00e6\u00f0i"]}, {"abbreviation": "AB", "topics": ["almenn brot"]}, {"abbreviation": "RR", "topics": ["Hagn\u00fdting heildareiknings", "runur og ra\u00f0ir"]}, {"abbreviation": "HB", "topics": ["Hnit og b\u00f3kstafareikningur"]}, {"abbreviation": "RU", "topics": ["R\u00famfr\u00e6\u00f0i og hornaf\u00f6ll"]}, {"abbreviation": "VJ", "topics": ["Veldi og j\u00f6fnur"]}, {"abbreviation": "GA", "topics": ["Grunna\u00f0ger\u00f0ir algebru"]}, {"abbreviation": "AD", "topics": ["algebra", "brot", "hlutfallareikningur"]}, {"abbreviation": "B\u00c1", "topics": ["Br\u00faar\u00e1fangi"]}, {"abbreviation": "SB", "topics": ["St\u00e6r\u00f0fr\u00e6\u00f0ibr\u00fa"]}, {"abbreviation": "SL", "topics": ["St\u00e6r\u00f0fr\u00e6\u00f0il\u00edk\u00f6n"]}, {"abbreviation": "ST", "topics": ["St\u00e6r\u00f0fr\u00e6\u00f0igrunnur", "f\u00f6ll og  hnitakerfi", "j\u00f6fnur", "r\u00famfr\u00e6\u00f0i"]}, {"abbreviation": "MV", "topics": ["Mengi", "hornaf\u00f6ll", "talningarfr\u00e6\u00f0i", "vigrar og keilusni\u00f0"]}, {"abbreviation": "FF", "topics": ["F\u00f6ll og ferlar"]}, {"abbreviation": "MD", "topics": ["F\u00f6ll", "margli\u00f0udeiling", "markgildi og deildun algengustu falla"]}, {"abbreviation": "SR", "topics": ["St\u00e6r\u00f0fr\u00e6\u00f0igreining", "fylkjareikningur", "heildun", "l\u00ednuleg bestun", "runur og ra\u00f0ir", "\u00ferepasannanir og margv\u00ed\u00f0 f\u00f6ll"]}, {"abbreviation": "HN", "topics": ["hnitakerfi"]}, {"abbreviation": "JF", "topics": ["f\u00f6ll", "j\u00f6fnur og \u00f3j\u00f6fnur", "l\u00edkindareikningur og t\u00f6lfr\u00e6\u00f0i", "rauntalnakerfi"]}, {"abbreviation": "LF", "topics": ["F\u00f6ll og ferlar - l\u00ednur og fleygbogar"]}, {"abbreviation": "R\u00d6", "topics": ["R\u00f6k og mengi"]}, {"abbreviation": "F\u00d6", "topics": ["F\u00f6ll", "ferlar", "fleygbogar", "keilusni\u00f0 og hornaf\u00f6ll", "l\u00ednur"]}, {"abbreviation": "MG", "topics": ["Markgildi og aflei\u00f0ur"]}, {"abbreviation": "JR", "topics": ["AJ", "BR"]}, {"abbreviation": "PV", "topics": ["aflei\u00f0ur", "lograr", "pr\u00f3sentur", "vaxtareikningur"]}, {"abbreviation": "FV", "topics": ["Heildun falla", "flatarm\u00e1l og r\u00famm\u00e1l"]}, {"abbreviation": "VS", "topics": ["Vi\u00f0skipta st\u00e6r\u00f0fr\u00e6\u00f0i"]}, {"abbreviation": "BT", "topics": ["B\u00f3kstafareikningur og talnal\u00e6si"]}, {"abbreviation": "XY", "topics": ["Algebra", "hnitakerfi\u00f0", "hornaf\u00f6ll.", "r\u00famfr\u00e6\u00f0i"]}, {"abbreviation": "XZ", "topics": ["Algebra", "hnitakerfi\u00f0", "hornaf\u00f6ll.", "j\u00f6fnur", "r\u00famfr\u00e6\u00f0i"]}, {"abbreviation": "TV", "topics": ["T\u00f6lfr\u00e6\u00f0i", "talningar", "vi\u00f0skipti."]}, {"abbreviation": "\u00c1T", "topics": ["T\u00f6lfr\u00e6\u00f0i", "\u00e1lyktunart\u00f6lfr\u00e6\u00f0i"]}, {"abbreviation": "TT", "topics": ["Algebra", "talningafr\u00e6\u00f0i", "t\u00f6lfr\u00e6\u00f0i og l\u00edkindareikningur"]}, {"abbreviation": "GH", "topics": ["algebra", "forgangsr\u00f6\u00f0 a\u00f0ger\u00f0a", "hnitakerfi"]}, {"abbreviation": "SI", "topics": ["St\u00e6r\u00f0fr\u00e6\u00f0i 1 \u00e1 starfsbraut"]}, {"abbreviation": "SJ", "topics": ["St\u00e6r\u00f0fr\u00e6\u00f0i 2 \u00e1 starfsbraut"]}, {"abbreviation": "SK", "topics": ["St\u00e6r\u00f0fr\u00e6\u00f0i 3 \u00e1 starfsbraut"]}, {"abbreviation": "GF", "topics": ["Grunn\u00e1fangi \u00ed st\u00e6r\u00f0fr\u00e6\u00f0i \u00e1 f\u00e9lagsv\u00edsindabraut"]}, {"abbreviation": "G\u00c1", "topics": ["Grunn\u00e1fangi \u00ed st\u00e6r\u00f0fr\u00e6\u00f0i \u00e1 n\u00e1tt\u00faruv\u00edsindabraut"]}, {"abbreviation": "DD", "topics": ["D\u00e6gurd\u00e6mi"]}, {"abbreviation": "FL", "topics": ["ST\u00c6R"]}, {"abbreviation": "HH", "topics": ["Hlutf\u00f6ll", "hornaf\u00f6ll"]}, {"abbreviation": "DL", "topics": ["Peningar", "t\u00edmahugt\u00f6k", "ver\u00f0gildi"]}, {"abbreviation": "PI", "topics": ["Peningar", "innkaup", "ver\u00f0mi\u00f0ar"]}, {"abbreviation": "PH", "topics": ["Peningar", "heimilisb\u00f3khald", "tekjur og \u00fatgj\u00f6ld"]}, {"abbreviation": "PR", "topics": ["Pr\u00f3sentureikningur"]}, {"abbreviation": "TG", "topics": ["Talnagildi"]}, {"abbreviation": "MH", "topics": ["F\u00f6ll", "fleygbogar", "hornaf\u00f6ll", "margli\u00f0ur"]}, {"abbreviation": "VR", "topics": ["Vigrar", "r\u00famfr\u00e6\u00f0i"]}, {"abbreviation": "CQ", "topics": ["f\u00f6ll og deildun. Annar \u00e1fangi"]}, {"abbreviation": "JV", "topics": ["2. stigs j\u00f6fnur", "hnitakerfi\u00f0 og algebrubrot", "v\u00edsif\u00f6ll"]}, {"abbreviation": "HI", "topics": ["Heildun og deildarj\u00f6fnur"]}, {"abbreviation": "BQ", "topics": ["Algebra", "brot", "fleygbogar og lograr"]}, {"abbreviation": "CC", "topics": ["Vigrar og hornaf\u00f6ll"]}, {"abbreviation": "EE", "topics": ["Heildun", "diffurj\u00f6fnur", "runur og ra\u00f0ir"]}, {"abbreviation": "FU", "topics": ["Heildun", "tvinnt\u00f6lur og diffurj\u00f6fnur"]}, {"abbreviation": "ES", "topics": ["Strj\u00e1l st\u00e6r\u00f0fr\u00e6\u00f0i"]}, {"abbreviation": "EL", "topics": ["L\u00ednuleg algebra"]}, {"abbreviation": "AM", "topics": ["Algebra", "f\u00f6ll og mengi"]}, {"abbreviation": "P\u00de", "topics": ["lausn jafna", "pr\u00f3sentureikningur", "r\u00famfr\u00e6\u00f0i", "talnareikningur"]}, {"abbreviation": "MM", "topics": ["fleygbogar", "hnitakerfi\u00f0", "margli\u00f0ur", "mengi"]}, {"abbreviation": "\u00deA", "topics": ["algebra", "hlutf\u00f6ll", "veldi", "\u00fer\u00edhyrningar"]}, {"abbreviation": "VA", "topics": ["Vi\u00f0skiptareikningur"]}, {"abbreviation": "HJ", "topics": ["hnitakerfi", "j\u00f6fnur", "margli\u00f0ur"]}, {"abbreviation": "YM", "topics": ["fylkjareikningur", "hagn\u00fdting \u00e1 diffurreikningi", "tvinnt\u00f6lureikningar"]}, {"abbreviation": "BD", "topics": ["brei\u00f0bogaf\u00f6ll", "diffurj\u00f6fnur", "fylki"]}, {"abbreviation": "DV", "topics": ["Diffrun", "f\u00f6ll", "v\u00edsis- og lograf\u00f6ll"]}, {"abbreviation": "VD", "topics": ["diffrun", "vigrar"]}, {"abbreviation": "HF", "topics": ["diffurj\u00f6fnur", "fylgi", "heildun", "r\u00famfr\u00e6\u00f0i"]}, {"abbreviation": "MJ", "topics": ["2. stigs j\u00f6fnur og \u00f3j\u00f6fnur", "Mengjareikningur", "gr\u00f6f", "margli\u00f0ur og l\u00f3garitma.", "veldi og r\u00e6tur"]}, {"abbreviation": "ML", "topics": ["Mengi", "j\u00f6fnur", "l\u00f3garitmar.", "margli\u00f0ur"]}, {"abbreviation": "KV", "topics": ["Vigrar", "hnitar\u00famfr\u00e6\u00f0i og r\u00f6kfr\u00e6\u00f0i.", "hornaf\u00f6ll", "keilusni\u00f0"]}, {"abbreviation": "DI", "topics": ["Heildun", "diffurj\u00f6fnur."]}, {"abbreviation": "HU", "topics": ["Heildun", "ra\u00f0ir og diffurj\u00f6fnur", "runur"]}, {"abbreviation": "F\u00c9", "topics": ["grunn\u00e1fangi \u00e1 f\u00e9lagsv\u00edsindabraut"]}, {"abbreviation": "TR", "topics": ["diffurj\u00f6fnur", "fylki", "r\u00famfr\u00e6\u00f0i", "tegurreikningur", "tvinnt\u00f6lur"]}, {"abbreviation": "MS", "topics": ["Maclaurin-li\u00f0un og samleitni"]}, {"abbreviation": "TH", "topics": ["T\u00f6lfr\u00e6\u00f0i", "l\u00edkindi og tilg\u00e1tupr\u00f3fun"]}, {"abbreviation": "JG", "topics": ["ar\u00f0semi", "gengi", "jafngrei\u00f0slura\u00f0ir", "vaxtareikningur"]}, {"abbreviation": "IR", "topics": ["I\u00f0nreikningur"]}, {"abbreviation": "DA", "topics": ["F\u00f6ll", "deildun og v\u00edsis- og lograf\u00f6ll", "markgildi"]}, {"abbreviation": "DB", "topics": ["F\u00f6ll", "deildun", "markgildi", "v\u00edsis- og lograf\u00f6ll"]}, {"abbreviation": "L\u00cd", "topics": ["St\u00e6r\u00f0fr\u00e6\u00f0ileg l\u00edk\u00f6n fyrir hug- og f\u00e9lagsv\u00edsindagreinar"]}, {"abbreviation": "GT", "topics": ["T\u00f6lvuleikjast\u00e6r\u00f0fr\u00e6\u00f0i", "forritun og t\u00f6lvugraf\u00edk"]}, {"abbreviation": "MB", "topics": ["Mengi", "annars stigs j\u00f6fnur", "brot", "margli\u00f0ur og hnitar\u00famfr\u00e6\u00f0i"]}, {"abbreviation": "YS", "topics": ["Yfirlits\u00e1fangi \u00ed st\u00e6r\u00f0fr\u00e6\u00f0i"]}, {"abbreviation": "VF", "topics": ["Vi\u00f0skipti og f\u00f6ll"]}, {"abbreviation": "TP", "topics": ["T\u00f6lfr\u00e6\u00f0ipr\u00f3f"]}, {"abbreviation": "SD", "topics": ["St\u00e6r\u00f0fr\u00e6\u00f0i \u00ed daglega l\u00edfinu"]}, {"abbreviation": "BP", "topics": ["Brei\u00f0bogaf\u00f6ll", "p\u00f3lhnitakerfi og tvinnt\u00f6lur"]}, {"abbreviation": "XX", "topics": ["Algebra", "r\u00famfr\u00e6\u00f0i", "t\u00f6lfr\u00e6\u00f0i"]}, {"abbreviation": "FR", "topics": ["Fj\u00e1rm\u00e1lal\u00e6si", "gr\u00f6f og f\u00f6ll", "t\u00f6lfr\u00e6\u00f0i"]}, {"abbreviation": "BA", "topics": ["Talname\u00f0fer\u00f0", "fr\u00e1dr\u00e1ttur", "margfeldi og deiling talna. Brotareikningur.", "samlagning"]}, {"abbreviation": "AU", "topics": ["Undirb\u00fanings\u00e1fangi i st\u00e6r\u00f0fr\u00e6\u00f0i fyrir fyrsta \u00e1fanga \u00e1 \u00f6\u00f0ru \u00ferepi"]}, {"abbreviation": "LV", "topics": ["Lotubundin f\u00f6ll", "hornafallareglur", "hornaf\u00f6ll", "j\u00f6fnur l\u00edna og hringa", "vigrar"]}, {"abbreviation": "VV", "topics": ["F\u00f6ll", "markgildi og aflei\u00f0ur"]}, {"abbreviation": "YF", "topics": ["Brei\u00f0bogaf\u00f6ll", "heildun og fylki. Yfirlits\u00e1fangi.", "tvinnt\u00f6lur"]}], "_id": "50c0a02dd8e40575f7f6f490", "subjects": ["st\u00e6r\u00f0fr\u00e6\u00f0i"], "counter": {"1": 51, "3": 82, "2": 109, "4": 8}}, "evaluation": "L\u00f6g\u00f0 er \u00e1hersla \u00e1 a\u00f0 hafa n\u00e1msmat sem fj\u00f6lbreyttast og \u00fatf\u00e6rt \u00feannig a\u00f0 \u00fea\u00f0 n\u00e1i til sem flestra n\u00e1ms\u00fe\u00e1tta. \u00dea\u00f0 n\u00e6st me\u00f0 \u00fev\u00ed a\u00f0 leggja reglulega fyrir skriflegar \u00e6fingar \u00e1samt \u00fev\u00ed a\u00f0 nemendur skili verkefnum sem eru yfirfarin af kennara. Skriflegt pr\u00f3f \u00ed lok annar hefur \u00fe\u00f3 mest v\u00e6gi. Kennari getur viki\u00f0 fr\u00e1 \u00feessu uppleggi og haft s\u00edmat sem byggist a\u00f0 verulegu leyti \u00e1 hlutapr\u00f3fum og skilaverkefnum.  N\u00e1nari \u00fatlistun \u00e1 n\u00e1msmati kemur fram \u00ed kennslu\u00e1\u00e6tlun.", "categorization_suggestion": "FB", "embedded_topics": {"abbreviation": "RM", "topics": ["R\u00famfr\u00e6\u00f0i"]}, "status": "approved by school", "description": "Vi\u00f0fangsefni \u00e1fangans er evkl\u00ed\u00f0sk r\u00famfr\u00e6\u00f0i, vigrar og hlutf\u00f6ll. \u00deungami\u00f0ja \u00e1fangans birtist \u00ed hinni evkl\u00ed\u00f0sku r\u00famfr\u00e6\u00f0i enda hefur h\u00fan sett mark sitt \u00e1 st\u00e6r\u00f0fr\u00e6\u00f0ii\u00f0kun \u00ed meira en 2000 \u00e1r og hefur \u00e1tt \u00fe\u00e1tt \u00ed a\u00f0 m\u00f3ta r\u00f6khugsun hverrar kynsl\u00f3\u00f0ar \u00e1 f\u00e6tur annarri.", "knowledge_goals": ["uppleggi evkl\u00ed\u00f0skrar r\u00famfr\u00e6\u00f0i \u2013 fr\u00e6\u00f0igrein me\u00f0 frumreglum, skilgreiningum og st\u00e6r\u00f0fr\u00e6\u00f0isetningum sem sanna\u00f0ar eru me\u00f0 fullgildum h\u00e6tti", "m\u00f6rgum af helstu hugt\u00f6kum og setningum evkl\u00ed\u00f0skrar r\u00famfr\u00e6\u00f0i", "helstu eiginleikum vigra \u00ed hnitakerfi, t.d. lengd, samlagningu og margf\u00f6ldun vigurs me\u00f0 raunt\u00f6lu", "sams\u00ed\u00f0a og hornr\u00e9ttum vigrum", "hlutf\u00f6llum", "pr\u00f3sentum", "v\u00f6xtum og framt\u00ed\u00f0arvir\u00f0i"], "skills_goals": ["a\u00f0 takast \u00e1 vi\u00f0 margbreytileg vi\u00f0fangsefni st\u00e6r\u00f0fr\u00e6\u00f0innar", "horfa \u00e1 vi\u00f0fangsefni \u00fat fr\u00e1 \u00f3l\u00edkum sj\u00f3narhornum og tengja eldri \u00feekkingu vi\u00f0 n\u00fdja", "varpa lj\u00f3si \u00e1 verkefni me\u00f0 g\u00f3\u00f0um sk\u00fdringarmyndum \u00feegar \u00fea\u00f0 \u00e1 vi\u00f0 og \u00fatsk\u00fdra undirst\u00f6\u00f0uhugt\u00f6k me\u00f0 skiljanlegum h\u00e6tti", "segja \u201es\u00f6gu\u201c verkefnis fr\u00e1 upphafi til enda og geta tj\u00e1\u00f0 sig um ni\u00f0urst\u00f6\u00f0ur \u00e1 skilmerkilegu m\u00e1li", "sannreyna lausnir (t.d. me\u00f0 \u00fev\u00ed a\u00f0 reikna til baka)", "beita t\u00e1knm\u00e1li st\u00e6r\u00f0fr\u00e6\u00f0innar", "f\u00e6ra s\u00f6nnur \u00e1 valdar st\u00e6r\u00f0fr\u00e6\u00f0isetningar", "me\u00f0h\u00f6ndla hlutf\u00f6ll og pr\u00f3sentur", "f\u00e6ra s\u00e9r einfaldan \u00fer\u00edli\u00f0ureikning \u00ed nyt", "reikna vexti og framt\u00ed\u00f0arvir\u00f0i"], "credits": 5, "last_modified": 1430308570.274726, "schools": ["51234a818caa45ed97015b35"], "coauthors": null, "instructions": "Samb\u00e6rilegur vi\u00f0 ST\u00c6122, a\u00f0 auki vigrar og verslunarreikningur.", "continued_education": false, "level": 2, "prerequisites": "Nemendur sem f\u00e1 einkunnina 7,5 e\u00f0a h\u00e6rra \u00ed lokaeinkunn \u00ed grunnsk\u00f3la (B+), e\u00f0a ST\u00c6R1AH05.", "author": "c9d16cc0-1136-4f18-96dc-5200450e0694", "abbreviation_version": null, "competence_goals": [["r\u00f6ksty\u00f0ja a\u00f0fer\u00f0ir og hugsanaferli me\u00f0 sk\u00fdrum h\u00e6tti", ""], ["beita voldugu t\u00e1knm\u00e1li st\u00e6r\u00f0fr\u00e6\u00f0innar sem er mj\u00f6g mikilv\u00e6g vi\u00f0b\u00f3t vi\u00f0 hi\u00f0 venjulega tungum\u00e1l og gerir \u00fea\u00f0 a\u00f0 \u00f6flugu tj\u00e1ningart\u00e6ki", ""], ["lesa, skrifa og tj\u00e1 sig \u00ed t\u00f6lu\u00f0u m\u00e1li um efnisatri\u00f0i sem tengjast st\u00e6r\u00f0fr\u00e6\u00f0i me\u00f0 beinum e\u00f0a \u00f3beinum h\u00e6tti", ""], ["\u00e1tta sig \u00e1 vi\u00f0fangsefnum verkefna og \u00feeim skilyr\u00f0um sem sett eru fram", ""], ["\u00e1tta sig \u00e1 lykilatri\u00f0um og greina hismi\u00f0 fr\u00e1 kjarnanum", ""], ["\u00fe\u00fd\u00f0a verkefni yfir \u00e1 algebrum\u00e1l", ""], ["n\u00fdta s\u00e9r hli\u00f0st\u00e6\u00f0ur vi\u00f0 verkefna\u00farlausnir og beita samskonar lausnara\u00f0fer\u00f0um \u00feegar \u00fea\u00f0 \u00e1 vi\u00f0", ""], ["beita \u00e1giskun bygg\u00f0a \u00e1 inns\u00e6i \u00fev\u00ed h\u00fan getur opna\u00f0 dyr sem voru loka\u00f0ar og beint verkefni \u00ed r\u00e9ttan farveg", ""], ["einfalda verkefni sem vi\u00f0 fyrstu s\u00fdn vir\u00f0ast fl\u00f3kin og geta or\u00f0a\u00f0 hlutina me\u00f0 \u00f6\u00f0rum og e.t.v. skiljanlegri h\u00e6tti", ""]], "_id": "5540c6da62933a24b7000024"}, {"exemplary": null, "topics": "t\u00f6lfr\u00e6\u00f0i og l\u00edkindafr\u00e6\u00f0i", "abbreviation": "ST\u00c6R2CT05(FB)", "former_schools": null, "subject": "st\u00e6r\u00f0fr\u00e6\u00f0i", "title": "St\u00e6r\u00f0fr\u00e6\u00f0i: T\u00f6lfr\u00e6\u00f0i, talningarfr\u00e6\u00f0i og l\u00edkindareikningur", "version": 113, "status_trans": "Sam\u00feykkt af sk\u00f3la", "embedded_subject": {"abbreviation": "ST\u00c6R", "topics": [{"abbreviation": "FN", "topics": ["fylkjareikningur", "l\u00ednuleg bestun", "netafr\u00e6\u00f0i"]}, {"abbreviation": "HR", "topics": ["heildun", "ra\u00f0ir", "runur", "r\u00famm\u00e1l sn\u00fa\u00f0s"]}, {"abbreviation": "DF", "topics": ["deildun", "f\u00f6ll", "markgildi"]}, {"abbreviation": "TD", "topics": ["deildaj\u00f6fnur", "tvinnt\u00f6lur"]}, {"abbreviation": "HV", "topics": ["hornaf\u00f6ll", "vigrar"]}, {"abbreviation": "T\u00c1", "topics": ["t\u00f6lfr\u00e6\u00f0i", "\u00e1lyktunart\u00f6lfr\u00e6\u00f0i"]}, {"abbreviation": "LT", "topics": ["l\u00edkindareikningur", "talningafr\u00e6\u00f0i", "t\u00f6lfr\u00e6\u00f0i"]}, {"abbreviation": "AT", "topics": ["algebra", "j\u00f6fnur", "talnafr\u00e6\u00f0i"]}, {"abbreviation": "AF", "topics": ["algebra", "f\u00f6ll", "gr\u00f6f"]}, {"abbreviation": "HM", "topics": ["h\u00e1t\u00ed\u00f0isdagar", "merkisdagar"]}, {"abbreviation": "GS", "topics": ["grunna\u00f0ger\u00f0ir"]}, {"abbreviation": "VG", "topics": ["grunna\u00f0ger\u00f0ir", "ver\u00f0\u00fatreikningar"]}, {"abbreviation": "MU", "topics": ["m\u00e6lieiningar", "uppskriftir"]}, {"abbreviation": "HP", "topics": ["heimilisinnkaup"]}, {"abbreviation": "RD", "topics": ["d\u00e6mareikningur", "r\u00f6khugsun"]}, {"abbreviation": "VK", "topics": ["keilusni\u00f0", "vigrar"]}, {"abbreviation": "AL", "topics": ["algebra"]}, {"abbreviation": "HA", "topics": ["hagn\u00fdt st\u00e6r\u00f0fr\u00e6\u00f0i daglegs l\u00edfs"]}, {"abbreviation": "AX", "topics": ["f\u00f6ll og deildun"]}, {"abbreviation": "AN", "topics": ["hornafr\u00e6\u00f0i", "keilusni\u00f0", "vigrar"]}, {"abbreviation": "CT", "topics": ["t\u00f6lfr\u00e6\u00f0i og l\u00edkindafr\u00e6\u00f0i"]}, {"abbreviation": "BR", "topics": ["klass\u00edsk r\u00famfr\u00e6\u00f0i"]}, {"abbreviation": "BH", "topics": ["algebra", "b", "h", "margli\u00f0ur og fleygbogar"]}, {"abbreviation": "GN", "topics": ["grunn\u00e1fangi \u00e1 n\u00e1tt\u00faruv\u00edsindabraut"]}, {"abbreviation": "LH", "topics": ["hornaf\u00f6ll og vigrar o.fl.", "lotubundin f\u00f6ll"]}, {"abbreviation": "FH", "topics": ["grunn\u00e1fangi \u00e1 f\u00e9lags- og hugv\u00edsindabraut"]}, {"abbreviation": "T\u00d6", "topics": ["undirst\u00f6\u00f0uatri\u00f0i t\u00f6lfr\u00e6\u00f0i"]}, {"abbreviation": "VH", "topics": ["hornf\u00f6ll", "vigrar o.fl."]}, {"abbreviation": "FD", "topics": ["algengustu f\u00f6ll", "deildun \u00feeirra og helstu eiginleikar"]}, {"abbreviation": "\u00deR", "topics": ["\u00fer\u00edv\u00ed\u00f0 r\u00famfr\u00e6\u00f0i"]}, {"abbreviation": "SS", "topics": ["strj\u00e1l st\u00e6r\u00f0fr\u00e6\u00f0i"]}, {"abbreviation": "TF", "topics": ["\u00e1lyktunart\u00f6lfr\u00e6\u00f0i"]}, {"abbreviation": "UA", "topics": ["a", "upprifjun"]}, {"abbreviation": "UB", "topics": ["b", "undirb\u00faningur"]}, {"abbreviation": "HS", "topics": ["hagn\u00fdt", "st\u00e6r\u00f0fr\u00e6\u00f0i"]}, {"abbreviation": "TS", "topics": ["st\u00e6r\u00f0fr\u00e6\u00f0i", "t\u00f6luleg"]}, {"abbreviation": "AJ", "topics": ["algebra", "j\u00f6fnur"]}, {"abbreviation": "FJ", "topics": ["f\u00f6ll", "j\u00f6fnur"]}, {"abbreviation": "TL", "topics": ["l\u00edkindareikningur", "t\u00f6lfr\u00e6\u00f0i"]}, {"abbreviation": "DH", "topics": ["deildarj\u00f6fnur", "heildi"]}, {"abbreviation": "FA", "topics": ["aflei\u00f0ur", "ferlaranns\u00f3knir"]}, {"abbreviation": "RT", "topics": ["ranns\u00f3knir", "t\u00f6lfr\u00e6\u00f0i"]}, {"abbreviation": "Y\u00c1", "topics": ["yfirlit", "\u00e1fangi"]}, {"abbreviation": "SG", "topics": ["greining", "st\u00e6r\u00f0fr\u00e6\u00f0i"]}, {"abbreviation": "GR", "topics": ["grunn\u00e1fangi \u00ed st\u00e6r\u00f0fr\u00e6\u00f0i"]}, {"abbreviation": "MF", "topics": ["f\u00f6ll", "margli\u00f0ur"]}, {"abbreviation": "HO", "topics": ["hornafr\u00e6\u00f0i", "vigrar"]}, {"abbreviation": "DM", "topics": ["deildun", "markgildi"]}, {"abbreviation": "RH", "topics": ["heildun", "ra\u00f0ir", "runur"]}, {"abbreviation": "FT", "topics": ["brei\u00f0bogaf\u00f6ll", "fylkjareikningur", "tvinnt\u00f6lur"]}, {"abbreviation": "D\u00c6", "topics": ["d\u00e6gurd\u00e6mi"]}, {"abbreviation": "R\u00da", "topics": ["r\u00famfr\u00e6\u00f0i", "\u00fer\u00edv\u00eddd"]}, {"abbreviation": "D\u00d3", "topics": ["deildi", "\u00f3bein deildun. heildi og heildunara\u00f0fer\u00f0ir. fyrsta stigs deildaj\u00f6fnur."]}, {"abbreviation": "HT", "topics": ["2. stigs diffurj\u00f6fnur . runur og ra\u00f0ir", "hagn\u00fdting heildareiknings", "samleitnipr\u00f3f.", "tvinnt\u00f6lur"]}, {"abbreviation": "AG", "topics": ["r\u00famfr\u00e6\u00f0i", "t\u00f6lur og algebra"]}, {"abbreviation": "UN", "topics": ["undirb\u00fanings\u00e1fangi \u00ed st\u00e6r\u00f0fr\u00e6\u00f0i"]}, {"abbreviation": "FS", "topics": ["f\u00f6ll og r\u00f6kfr\u00e6\u00f0i", "st\u00e6r\u00f0fr\u00e6\u00f0i \u2013 talnafr\u00e6\u00f0i"]}, {"abbreviation": "L\u00c6", "topics": ["l\u00edkindafr\u00e6\u00f0i og fj\u00e1rm\u00e1lal\u00e6si", "t\u00f6lfr\u00e6\u00f0i"]}, {"abbreviation": "LE", "topics": ["t\u00f6lvugraf\u00edk og t\u00f6lvuleikir"]}, {"abbreviation": "BN", "topics": ["algebra", "b", "margli\u00f0ur og fleygbogar", "n"]}, {"abbreviation": "BX", "topics": ["algebra", "b", "fleygbogar", "lograr", "x"]}, {"abbreviation": "AH", "topics": ["algebra", "f\u00f6ll", "hornafr\u00e6\u00f0i", "margli\u00f0ur", "mengi"]}, {"abbreviation": "AR", "topics": ["algebra", "r\u00famfr\u00e6\u00f0i"]}, {"abbreviation": "JM", "topics": ["t\u00f6lur mengi  j\u00f6fnur r\u00f6kfr\u00e6\u00f0i talningarfr\u00e6\u00f0i"]}, {"abbreviation": "VI", "topics": ["vigrar hornaf\u00f6ll f\u00f6ll"]}, {"abbreviation": "DR", "topics": ["deildarj\u00f6fnu", "heildun", "runur og ra\u00f0ir"]}, {"abbreviation": "DE", "topics": ["deildun"]}, {"abbreviation": "HD", "topics": ["deildaj\u00f6fnun", "heildun", "ra\u00f0ir", "runur"]}, {"abbreviation": "HE", "topics": ["1.stigs deildarj\u00f6fnur.", "heildun", "runur og ra\u00f0ir"]}, {"abbreviation": "RF", "topics": ["r\u00famfr\u00e6\u00f0i"]}, {"abbreviation": "FO", "topics": ["forn\u00e1ms\u00e1fangi"]}, {"abbreviation": "AP", "topics": ["algengar reiknia\u00f0ger\u00f0ir", "peningar og m\u00e6lieiningar", "t\u00edmat\u00e1kn"]}, {"abbreviation": "SF", "topics": ["Forn\u00e1m \u00ed st\u00e6r\u00f0fr\u00e6\u00f0i"]}, {"abbreviation": "BB", "topics": ["Forn\u00e1m 2"]}, {"abbreviation": "RA", "topics": ["Algebra", "f\u00f6ll", "r\u00famfr\u00e6\u00f0i", "t\u00f6lfr\u00e6\u00f0i"]}, {"abbreviation": "L\u00c1", "topics": ["l\u00fdsandi t\u00f6lfr\u00e6\u00f0i", "t\u00f6flureiknir", "\u00e1lyktunart\u00f6lfr\u00e6\u00f0i"]}, {"abbreviation": "TJ", "topics": ["Almennur talnareikningur", "form\u00falur", "j\u00f6fnur", "pr\u00f3sentur"]}, {"abbreviation": "JH", "topics": ["J\u00f6fnur", "hlutf\u00f6ll", "hnitakerfi\u00f0", "talname\u00f0fer\u00f0"]}, {"abbreviation": "RV", "topics": ["hornafr\u00e6\u00f0i \u00fer\u00edhyrnings", "hornaf\u00f6ll", "vigrar"]}, {"abbreviation": "DT", "topics": ["deildaj\u00f6fnur", "heildi", "samleitni", "tvinnt\u00f6lur"]}, {"abbreviation": "DS", "topics": ["deildaj\u00f6fnur", "samleitni", "tvinnt\u00f6lur"]}, {"abbreviation": "\u00deV", "topics": ["keilusni\u00f0", "vigrar", "\u00fer\u00edv\u00ed\u00f0 r\u00famfr\u00e6\u00f0i"]}, {"abbreviation": "FG", "topics": ["algebra", "f\u00f6ll", "gr\u00f6f", "veldi og r\u00e6tur"]}, {"abbreviation": "CX", "topics": ["f\u00f6ll og deildun fyri M\u00c1L og F\u00c9L"]}, {"abbreviation": "A\u00de", "topics": ["a", "\u00ferautalausnir"]}, {"abbreviation": "C\u00de", "topics": ["\u00derautalausnir"]}, {"abbreviation": "DN", "topics": ["algebra", "margli\u00f0ur og fleygbogar"]}, {"abbreviation": "UT", "topics": ["t\u00f6lfr\u00e6\u00f0i"]}, {"abbreviation": "OJ", "topics": ["t\u00f6lugildi og j\u00f6fnuhneppi", "\u00f3j\u00f6fnur"]}, {"abbreviation": "RG", "topics": ["R\u00famfr\u00e6\u00f0i me\u00f0 GeoGebru"]}, {"abbreviation": "HG", "topics": ["hagn\u00fdt st\u00e6r\u00f0fr\u00e6\u00f0i"]}, {"abbreviation": "AA", "topics": ["algengar reiknia\u00f0ger\u00f0ir"]}, {"abbreviation": "HL", "topics": ["Heildun"]}, {"abbreviation": "FM", "topics": ["F\u00f6ll", "markgildi og deildun algengustu falla"]}, {"abbreviation": "SH", "topics": ["St\u00e6r\u00f0fr\u00e6\u00f0igreining", "deildaj\u00f6fnur", "heildun", "runur og ra\u00f0ir"]}, {"abbreviation": "MA", "topics": ["Mengi", "algebra"]}, {"abbreviation": "HK", "topics": ["Hornaf\u00f6ll", "keilusni\u00f0", "vigrar"]}, {"abbreviation": "RM", "topics": ["R\u00famfr\u00e6\u00f0i"]}, {"abbreviation": "AB", "topics": ["almenn brot"]}, {"abbreviation": "RR", "topics": ["Hagn\u00fdting heildareiknings", "runur og ra\u00f0ir"]}, {"abbreviation": "HB", "topics": ["Hnit og b\u00f3kstafareikningur"]}, {"abbreviation": "RU", "topics": ["R\u00famfr\u00e6\u00f0i og hornaf\u00f6ll"]}, {"abbreviation": "VJ", "topics": ["Veldi og j\u00f6fnur"]}, {"abbreviation": "GA", "topics": ["Grunna\u00f0ger\u00f0ir algebru"]}, {"abbreviation": "AD", "topics": ["algebra", "brot", "hlutfallareikningur"]}, {"abbreviation": "B\u00c1", "topics": ["Br\u00faar\u00e1fangi"]}, {"abbreviation": "SB", "topics": ["St\u00e6r\u00f0fr\u00e6\u00f0ibr\u00fa"]}, {"abbreviation": "SL", "topics": ["St\u00e6r\u00f0fr\u00e6\u00f0il\u00edk\u00f6n"]}, {"abbreviation": "ST", "topics": ["St\u00e6r\u00f0fr\u00e6\u00f0igrunnur", "f\u00f6ll og  hnitakerfi", "j\u00f6fnur", "r\u00famfr\u00e6\u00f0i"]}, {"abbreviation": "MV", "topics": ["Mengi", "hornaf\u00f6ll", "talningarfr\u00e6\u00f0i", "vigrar og keilusni\u00f0"]}, {"abbreviation": "FF", "topics": ["F\u00f6ll og ferlar"]}, {"abbreviation": "MD", "topics": ["F\u00f6ll", "margli\u00f0udeiling", "markgildi og deildun algengustu falla"]}, {"abbreviation": "SR", "topics": ["St\u00e6r\u00f0fr\u00e6\u00f0igreining", "fylkjareikningur", "heildun", "l\u00ednuleg bestun", "runur og ra\u00f0ir", "\u00ferepasannanir og margv\u00ed\u00f0 f\u00f6ll"]}, {"abbreviation": "HN", "topics": ["hnitakerfi"]}, {"abbreviation": "JF", "topics": ["f\u00f6ll", "j\u00f6fnur og \u00f3j\u00f6fnur", "l\u00edkindareikningur og t\u00f6lfr\u00e6\u00f0i", "rauntalnakerfi"]}, {"abbreviation": "LF", "topics": ["F\u00f6ll og ferlar - l\u00ednur og fleygbogar"]}, {"abbreviation": "R\u00d6", "topics": ["R\u00f6k og mengi"]}, {"abbreviation": "F\u00d6", "topics": ["F\u00f6ll", "ferlar", "fleygbogar", "keilusni\u00f0 og hornaf\u00f6ll", "l\u00ednur"]}, {"abbreviation": "MG", "topics": ["Markgildi og aflei\u00f0ur"]}, {"abbreviation": "JR", "topics": ["AJ", "BR"]}, {"abbreviation": "PV", "topics": ["aflei\u00f0ur", "lograr", "pr\u00f3sentur", "vaxtareikningur"]}, {"abbreviation": "FV", "topics": ["Heildun falla", "flatarm\u00e1l og r\u00famm\u00e1l"]}, {"abbreviation": "VS", "topics": ["Vi\u00f0skipta st\u00e6r\u00f0fr\u00e6\u00f0i"]}, {"abbreviation": "BT", "topics": ["B\u00f3kstafareikningur og talnal\u00e6si"]}, {"abbreviation": "XY", "topics": ["Algebra", "hnitakerfi\u00f0", "hornaf\u00f6ll.", "r\u00famfr\u00e6\u00f0i"]}, {"abbreviation": "XZ", "topics": ["Algebra", "hnitakerfi\u00f0", "hornaf\u00f6ll.", "j\u00f6fnur", "r\u00famfr\u00e6\u00f0i"]}, {"abbreviation": "TV", "topics": ["T\u00f6lfr\u00e6\u00f0i", "talningar", "vi\u00f0skipti."]}, {"abbreviation": "\u00c1T", "topics": ["T\u00f6lfr\u00e6\u00f0i", "\u00e1lyktunart\u00f6lfr\u00e6\u00f0i"]}, {"abbreviation": "TT", "topics": ["Algebra", "talningafr\u00e6\u00f0i", "t\u00f6lfr\u00e6\u00f0i og l\u00edkindareikningur"]}, {"abbreviation": "GH", "topics": ["algebra", "forgangsr\u00f6\u00f0 a\u00f0ger\u00f0a", "hnitakerfi"]}, {"abbreviation": "SI", "topics": ["St\u00e6r\u00f0fr\u00e6\u00f0i 1 \u00e1 starfsbraut"]}, {"abbreviation": "SJ", "topics": ["St\u00e6r\u00f0fr\u00e6\u00f0i 2 \u00e1 starfsbraut"]}, {"abbreviation": "SK", "topics": ["St\u00e6r\u00f0fr\u00e6\u00f0i 3 \u00e1 starfsbraut"]}, {"abbreviation": "GF", "topics": ["Grunn\u00e1fangi \u00ed st\u00e6r\u00f0fr\u00e6\u00f0i \u00e1 f\u00e9lagsv\u00edsindabraut"]}, {"abbreviation": "G\u00c1", "topics": ["Grunn\u00e1fangi \u00ed st\u00e6r\u00f0fr\u00e6\u00f0i \u00e1 n\u00e1tt\u00faruv\u00edsindabraut"]}, {"abbreviation": "DD", "topics": ["D\u00e6gurd\u00e6mi"]}, {"abbreviation": "FL", "topics": ["ST\u00c6R"]}, {"abbreviation": "HH", "topics": ["Hlutf\u00f6ll", "hornaf\u00f6ll"]}, {"abbreviation": "DL", "topics": ["Peningar", "t\u00edmahugt\u00f6k", "ver\u00f0gildi"]}, {"abbreviation": "PI", "topics": ["Peningar", "innkaup", "ver\u00f0mi\u00f0ar"]}, {"abbreviation": "PH", "topics": ["Peningar", "heimilisb\u00f3khald", "tekjur og \u00fatgj\u00f6ld"]}, {"abbreviation": "PR", "topics": ["Pr\u00f3sentureikningur"]}, {"abbreviation": "TG", "topics": ["Talnagildi"]}, {"abbreviation": "MH", "topics": ["F\u00f6ll", "fleygbogar", "hornaf\u00f6ll", "margli\u00f0ur"]}, {"abbreviation": "VR", "topics": ["Vigrar", "r\u00famfr\u00e6\u00f0i"]}, {"abbreviation": "CQ", "topics": ["f\u00f6ll og deildun. Annar \u00e1fangi"]}, {"abbreviation": "JV", "topics": ["2. stigs j\u00f6fnur", "hnitakerfi\u00f0 og algebrubrot", "v\u00edsif\u00f6ll"]}, {"abbreviation": "HI", "topics": ["Heildun og deildarj\u00f6fnur"]}, {"abbreviation": "BQ", "topics": ["Algebra", "brot", "fleygbogar og lograr"]}, {"abbreviation": "CC", "topics": ["Vigrar og hornaf\u00f6ll"]}, {"abbreviation": "EE", "topics": ["Heildun", "diffurj\u00f6fnur", "runur og ra\u00f0ir"]}, {"abbreviation": "FU", "topics": ["Heildun", "tvinnt\u00f6lur og diffurj\u00f6fnur"]}, {"abbreviation": "ES", "topics": ["Strj\u00e1l st\u00e6r\u00f0fr\u00e6\u00f0i"]}, {"abbreviation": "EL", "topics": ["L\u00ednuleg algebra"]}, {"abbreviation": "AM", "topics": ["Algebra", "f\u00f6ll og mengi"]}, {"abbreviation": "P\u00de", "topics": ["lausn jafna", "pr\u00f3sentureikningur", "r\u00famfr\u00e6\u00f0i", "talnareikningur"]}, {"abbreviation": "MM", "topics": ["fleygbogar", "hnitakerfi\u00f0", "margli\u00f0ur", "mengi"]}, {"abbreviation": "\u00deA", "topics": ["algebra", "hlutf\u00f6ll", "veldi", "\u00fer\u00edhyrningar"]}, {"abbreviation": "VA", "topics": ["Vi\u00f0skiptareikningur"]}, {"abbreviation": "HJ", "topics": ["hnitakerfi", "j\u00f6fnur", "margli\u00f0ur"]}, {"abbreviation": "YM", "topics": ["fylkjareikningur", "hagn\u00fdting \u00e1 diffurreikningi", "tvinnt\u00f6lureikningar"]}, {"abbreviation": "BD", "topics": ["brei\u00f0bogaf\u00f6ll", "diffurj\u00f6fnur", "fylki"]}, {"abbreviation": "DV", "topics": ["Diffrun", "f\u00f6ll", "v\u00edsis- og lograf\u00f6ll"]}, {"abbreviation": "VD", "topics": ["diffrun", "vigrar"]}, {"abbreviation": "HF", "topics": ["diffurj\u00f6fnur", "fylgi", "heildun", "r\u00famfr\u00e6\u00f0i"]}, {"abbreviation": "MJ", "topics": ["2. stigs j\u00f6fnur og \u00f3j\u00f6fnur", "Mengjareikningur", "gr\u00f6f", "margli\u00f0ur og l\u00f3garitma.", "veldi og r\u00e6tur"]}, {"abbreviation": "ML", "topics": ["Mengi", "j\u00f6fnur", "l\u00f3garitmar.", "margli\u00f0ur"]}, {"abbreviation": "KV", "topics": ["Vigrar", "hnitar\u00famfr\u00e6\u00f0i og r\u00f6kfr\u00e6\u00f0i.", "hornaf\u00f6ll", "keilusni\u00f0"]}, {"abbreviation": "DI", "topics": ["Heildun", "diffurj\u00f6fnur."]}, {"abbreviation": "HU", "topics": ["Heildun", "ra\u00f0ir og diffurj\u00f6fnur", "runur"]}, {"abbreviation": "F\u00c9", "topics": ["grunn\u00e1fangi \u00e1 f\u00e9lagsv\u00edsindabraut"]}, {"abbreviation": "TR", "topics": ["diffurj\u00f6fnur", "fylki", "r\u00famfr\u00e6\u00f0i", "tegurreikningur", "tvinnt\u00f6lur"]}, {"abbreviation": "MS", "topics": ["Maclaurin-li\u00f0un og samleitni"]}, {"abbreviation": "TH", "topics": ["T\u00f6lfr\u00e6\u00f0i", "l\u00edkindi og tilg\u00e1tupr\u00f3fun"]}, {"abbreviation": "JG", "topics": ["ar\u00f0semi", "gengi", "jafngrei\u00f0slura\u00f0ir", "vaxtareikningur"]}, {"abbreviation": "IR", "topics": ["I\u00f0nreikningur"]}, {"abbreviation": "DA", "topics": ["F\u00f6ll", "deildun og v\u00edsis- og lograf\u00f6ll", "markgildi"]}, {"abbreviation": "DB", "topics": ["F\u00f6ll", "deildun", "markgildi", "v\u00edsis- og lograf\u00f6ll"]}, {"abbreviation": "L\u00cd", "topics": ["St\u00e6r\u00f0fr\u00e6\u00f0ileg l\u00edk\u00f6n fyrir hug- og f\u00e9lagsv\u00edsindagreinar"]}, {"abbreviation": "GT", "topics": ["T\u00f6lvuleikjast\u00e6r\u00f0fr\u00e6\u00f0i", "forritun og t\u00f6lvugraf\u00edk"]}, {"abbreviation": "MB", "topics": ["Mengi", "annars stigs j\u00f6fnur", "brot", "margli\u00f0ur og hnitar\u00famfr\u00e6\u00f0i"]}, {"abbreviation": "YS", "topics": ["Yfirlits\u00e1fangi \u00ed st\u00e6r\u00f0fr\u00e6\u00f0i"]}, {"abbreviation": "VF", "topics": ["Vi\u00f0skipti og f\u00f6ll"]}, {"abbreviation": "TP", "topics": ["T\u00f6lfr\u00e6\u00f0ipr\u00f3f"]}, {"abbreviation": "SD", "topics": ["St\u00e6r\u00f0fr\u00e6\u00f0i \u00ed daglega l\u00edfinu"]}, {"abbreviation": "BP", "topics": ["Brei\u00f0bogaf\u00f6ll", "p\u00f3lhnitakerfi og tvinnt\u00f6lur"]}, {"abbreviation": "XX", "topics": ["Algebra", "r\u00famfr\u00e6\u00f0i", "t\u00f6lfr\u00e6\u00f0i"]}, {"abbreviation": "FR", "topics": ["Fj\u00e1rm\u00e1lal\u00e6si", "gr\u00f6f og f\u00f6ll", "t\u00f6lfr\u00e6\u00f0i"]}, {"abbreviation": "BA", "topics": ["Talname\u00f0fer\u00f0", "fr\u00e1dr\u00e1ttur", "margfeldi og deiling talna. Brotareikningur.", "samlagning"]}, {"abbreviation": "AU", "topics": ["Undirb\u00fanings\u00e1fangi i st\u00e6r\u00f0fr\u00e6\u00f0i fyrir fyrsta \u00e1fanga \u00e1 \u00f6\u00f0ru \u00ferepi"]}, {"abbreviation": "LV", "topics": ["Lotubundin f\u00f6ll", "hornafallareglur", "hornaf\u00f6ll", "j\u00f6fnur l\u00edna og hringa", "vigrar"]}, {"abbreviation": "VV", "topics": ["F\u00f6ll", "markgildi og aflei\u00f0ur"]}, {"abbreviation": "YF", "topics": ["Brei\u00f0bogaf\u00f6ll", "heildun og fylki. Yfirlits\u00e1fangi.", "tvinnt\u00f6lur"]}], "_id": "50c0a02dd8e40575f7f6f490", "subjects": ["st\u00e6r\u00f0fr\u00e6\u00f0i"], "counter": {"1": 51, "3": 82, "2": 109, "4": 8}}, "evaluation": "Fj\u00f6lbreytt verkefni sem unnin eru yfir \u00f6nnina. Lotun\u00e1m \u00fear sem n\u00e1msefni er skipt \u00ed lotur. Lotupr\u00f3f. Nemendur vinna a\u00f0 minnsta kost eitt h\u00f3pverkefni. N\u00e1nari \u00fatlistun \u00e1 n\u00e1msmati kemur fram \u00ed kennslu\u00e1\u00e6tlun.", "categorization_suggestion": "FB", "embedded_topics": {"abbreviation": "CT", "topics": ["t\u00f6lfr\u00e6\u00f0i og l\u00edkindafr\u00e6\u00f0i"]}, "status": "approved by school", "description": "Megininntak eru helstu atri\u00f0i l\u00fdsandi t\u00f6lfr\u00e6\u00f0i \u00e1samt undirst\u00f6\u00f0uatri\u00f0um \u00ed talningar-, mengja- og l\u00edkindafr\u00e6\u00f0i. Fjalla\u00f0 er um t\u00f6luleg g\u00f6gn og myndr\u00e6na framsetningu \u00e1 \u00feeim. Helstu m\u00e6likvar\u00f0ar \u00e1 mi\u00f0s\u00e6kni og dreifni talnasafna kynntir. \u00de\u00e1 er fari\u00f0 \u00ed mengjafr\u00e6\u00f0i og talningarfr\u00e6\u00f0i og l\u00edkindahugtaki\u00f0 kynnt. \u00de\u00e1 eru kynntar l\u00edkindadreifingar. T\u00f6lfr\u00e6\u00f0iforrit kynnt.", "knowledge_goals": ["hvernig flokka m\u00e1 talnas\u00f6fn b\u00e6\u00f0i me\u00f0 og \u00e1n bilskiptingar", "hvernig fylla \u00e1 \u00fat t\u00ed\u00f0nit\u00f6flur me\u00f0 hlutafallst\u00ed\u00f0ni og safnt\u00ed\u00f0ni", "reikningi helstu m\u00e6likvar\u00f0a \u00e1 mi\u00f0s\u00e6kni og dreifni"], "skills_goals": ["takast \u00e1 vi\u00f0 margbreytileg vi\u00f0fangsefni st\u00e6r\u00f0fr\u00e6\u00f0innar og horfa \u00e1 vi\u00f0fangsefni \u00fat fr\u00e1 \u00f3l\u00edkum sj\u00f3narhornum", "tengja eldri \u00feekkingu vi\u00f0 n\u00fdja \u00feekkingu", "varpa lj\u00f3si \u00e1 verkefni me\u00f0 g\u00f3\u00f0um sk\u00fdringarmyndum \u00feegar \u00fea\u00f0 \u00e1 vi\u00f0", "segja \u201es\u00f6gu\u201c verkefnis fr\u00e1 upphafi til enda", "\u00fatsk\u00fdra undirst\u00f6\u00f0uhugt\u00f6k me\u00f0 skiljanlegum h\u00e6tti", "beita t\u00e1knm\u00e1li st\u00e6r\u00f0fr\u00e6\u00f0innar", "tj\u00e1 sig um ni\u00f0urst\u00f6\u00f0ur \u00e1 skilmerkilegu m\u00e1li", "nota t\u00f6lvur vi\u00f0 t\u00f6lfr\u00e6\u00f0ilega vinnslu gagna", "me\u00f0h\u00f6ndla hlutf\u00f6ll og pr\u00f3sentur"], "credits": 5, "last_modified": 1430324474.953272, "schools": ["51234a818caa45ed97015b35"], "coauthors": null, "instructions": "Samsvarar ST\u00c63136", "continued_education": false, "level": 2, "prerequisites": "ST\u00c6R2MM05  e\u00f0a ST\u00c6R2FJ05.", "author": "c9d16cc0-1136-4f18-96dc-5200450e0694", "abbreviation_version": null, "competence_goals": [["r\u00f6ksty\u00f0ja a\u00f0fer\u00f0ir og hugsanaferli me\u00f0 sk\u00fdrum h\u00e6tti", ""], ["temja s\u00e9r g\u00f3\u00f0a framsetningu og skipul\u00f6g\u00f0 vinnubr\u00f6g\u00f0", ""], ["lesa, skrifa og tj\u00e1 sig \u00ed t\u00f6lu\u00f0u m\u00e1li um efnisatri\u00f0i sem tengjast st\u00e6r\u00f0fr\u00e6\u00f0i me\u00f0 beinum e\u00f0a \u00f3beinum h\u00e6tti", ""], ["einfalda verkefni sem vi\u00f0 fyrstu s\u00fdn vir\u00f0ast fl\u00f3kin", ""], ["or\u00f0a hlutina me\u00f0 \u00f6\u00f0rum og e.t.v. skiljanlegri h\u00e6tti", ""], ["\u00e1tta sig \u00e1 lykilatri\u00f0um og greina hismi\u00f0 fr\u00e1 kjarnanum", ""], ["skiptast \u00e1 sko\u00f0unum vi\u00f0 a\u00f0ra um efnivi\u00f0inn", ""], ["vera \u00f3hr\u00e6ddur til a\u00f0 r\u00e1\u00f0ast \u00ed st\u00e6rri verkefni me\u00f0 a\u00f0sto\u00f0 t\u00f6lvuforrita", ""]], "_id": "554104fa62933a2b9f000007"}, {"exemplary": null, "topics": "t\u00f6lvunotkun, uppl\u00fdsingamennt", "abbreviation": "UPPT2UT05", "former_schools": null, "subject": "uppl\u00fdsingat\u00e6kni", "title": "Uppl\u00fdsingat\u00e6kni I", "version": 6, "status_trans": "Sam\u00feykkt af sk\u00f3la", "embedded_subject": {"abbreviation": "UPPT", "topics": [{"abbreviation": "UT", "topics": ["t\u00f6lvunotkun", "uppl\u00fdsingamennt"]}, {"abbreviation": "US", "topics": ["pers\u00f3nuuppl\u00fdsingar", "sj\u00fakraskr\u00e1ning", "uppl\u00fdsingat\u00e6kni"]}, {"abbreviation": "TT", "topics": ["einf\u00f6ld forritun", "gagnasafnsfr\u00e6\u00f0i", "notkun t\u00f6flureikna", "vefs\u00ed\u00f0uger\u00f0"]}, {"abbreviation": "T\u00d6", "topics": ["Uppl\u00fdsingat\u00e6kni og t\u00f6lfr\u00e6\u00f0i"]}, {"abbreviation": "N\u00d6", "topics": ["Net\u00f6ryggi"]}, {"abbreviation": "SK", "topics": ["Sk\u00f6pun"]}, {"abbreviation": "TS", "topics": ["T\u00f6lvup\u00f3stsamskipti"]}, {"abbreviation": "RI", "topics": ["Ritun"]}, {"abbreviation": "RV", "topics": ["Ritvinnsla"]}, {"abbreviation": "MA", "topics": ["UPPT"]}, {"abbreviation": "UV", "topics": ["Uppl\u00fdsingat\u00e6kni og vefs\u00ed\u00f0uger\u00f0"]}, {"abbreviation": "OF", "topics": ["Uppl\u00fdsingat\u00e6kni"]}, {"abbreviation": "UA", "topics": ["Uppl\u00fdsingat\u00e6kni og t\u00f6lvunotkun"]}, {"abbreviation": "UB", "topics": ["Uppl\u00fdsingat\u00e6kni", "hugb\u00fana\u00f0ur", "t\u00f6luvnotkun"]}], "_id": "50c0a02dd8e40575f7f6f4d0", "subjects": ["uppl\u00fdsingat\u00e6kni"], "counter": {"1": 13, "3": 1, "2": 5, "4": 0}}, "evaluation": "\u00deekking:\tVerkefni sem unnin eru \u00ed kennslut\u00edmum og heima eru metin jafnt og \u00fe\u00e9tt yfir \u00f6nnina. \nLeikni:\t\u00c1fanginn er s\u00edmats\u00e1fangi. Nemendur taka fimm pr\u00f3f yfir \u00f6nnina. N\u00e1msmati\u00f0 tekur mi\u00f0 af \u00e1stundun nemenda, verkefnavinnu, rafr\u00e6num skilum \u00e1 verkefnum og vegnu me\u00f0altali einkunna \u00far pr\u00f3fum.\nH\u00e6fni:\tNemendur geti n\u00fdtt \u00fe\u00e1 \u00feekkingu og leikni sem \u00feeir hafa afla\u00f0 s\u00e9r og s\u00fdni sj\u00e1lfst\u00e6\u00f0i \u00ed vinnubr\u00f6g\u00f0um. \u00deeir lesi fyrirm\u00e6li og fylgi \u00feeim. \u00deeir skrifi og tj\u00e1i sig me\u00f0 eigin texta \u00ed ritvinnslu og framsetningarforritum. \u00deeir lesa t\u00f6lulegar uppl\u00fdsingar \u00far myndritum \u00ed t\u00f6flu\u00acreikni. L\u00f6g\u00f0 er r\u00edk \u00e1hersla \u00e1 a\u00f0 n\u00e1mi\u00f0 n\u00fdtist sem g\u00f3\u00f0ur undirb\u00faningur fyrir frekara n\u00e1m e\u00f0a st\u00f6rf. ", "categorization_suggestion": "FB", "embedded_topics": {"abbreviation": "UT", "topics": ["t\u00f6lvunotkun", "uppl\u00fdsingamennt"]}, "status": "approved by school", "description": "\u00cd \u00e1fanganum kynnast nemendur og l\u00e6ra a\u00f0 nota fj\u00f6lbreyttan hugb\u00fana\u00f0 og t\u00e6ki til samskipta og vinnu me\u00f0 uppl\u00fdsingar og g\u00f6gn \u00e1 margv\u00edslegu formi vi\u00f0 lausn og framsetningu vi\u00f0fangsefna \u00ed n\u00e1mi s\u00ednu. Nemendur s\u00fdni \u00e1byrg\u00f0 og f\u00e6rni \u00ed vinnu me\u00f0 g\u00f6gn af \u00fdmsum toga \u00e1samt f\u00e6rni \u00ed samskiptum, me\u00f0fer\u00f0 uppl\u00fdsinga, sk\u00f6pun og mi\u00f0lun n\u00fdrrar \u00feekkingar. \u00deeir \u00f6\u00f0list h\u00e6fni \u00ed me\u00f0fer\u00f0 heimilda og vir\u00f0i h\u00f6funda\u00acr\u00e9tt. \u00d6rugg netsamskipti og si\u00f0fer\u00f0i \u00e1 Netinu. L\u00f6g\u00f0 er r\u00edk \u00e1hersla \u00e1 sj\u00e1lfst\u00e6\u00f0 og v\u00f6ndu\u00f0 vinnubr\u00f6g\u00f0 og a\u00f0 n\u00e1mi\u00f0 n\u00fdtist sem g\u00f3\u00f0ur undirb\u00faningur fyrir frekara n\u00e1m e\u00f0a st\u00f6rf. Kennslan byggist einkum \u00e1 verkefnavinnu nemenda og rafr\u00e6num skilum \u00e1 verkefnum. \u00cd \u00e1fanganum vinna nemendur me\u00f0 fj\u00f6lbreytt verkefni sem reyna \u00e1 sk\u00f6pun og \u00edmyndunarafl. \u00deeir l\u00e6ra a\u00f0 setja fram texta \u00e1 sk\u00fdran og l\u00e6silegan h\u00e1tt. \u00cd framsetningarforritum b\u00faa \u00feeir til gl\u00e6ru\u00ackynningu um sig sj\u00e1lfa og kynna fyrir h\u00f3pnum. \u00cd ritvinnslu vinna \u00feeir me\u00f0 texta af \u00fdmsum toga og m\u00f3ta hann. \u00deeir setja upp ritger\u00f0ir me\u00f0 efnisyfirliti, t\u00f6flu- og myndayfirliti. \u00cd \u00e1fanganum l\u00e6ra nemendur a\u00f0 nota t\u00f6flureikni til samskipta og vinnu me\u00f0 uppl\u00fdsingar og g\u00f6gn \u00e1 margv\u00edslegu formi vi\u00f0 lausn og framsetningu vi\u00f0fangsefna \u00ed n\u00e1mi s\u00ednu til verkefnaskila. Fari\u00f0 er \u00ed fj\u00e1rm\u00e1lal\u00e6si og me\u00f0fer\u00f0 t\u00f6lulegra gagna. Einnig er fari\u00f0 \u00ed sam\u00fe\u00e6ttingu t\u00f6flu\u00acreiknis og ritvinnslu. \nMarkmi\u00f0 n\u00e1msins er a\u00f0 stu\u00f0la a\u00f0 f\u00e6rni nemenda \u00ed fj\u00f6lbreyttu n\u00e1ms- og starfsumhverfi me\u00f0 hj\u00e1lp uppl\u00fdsingat\u00e6kninnar. Kennslan byggist einkum \u00e1 verkefnavinnu nemenda og skilum \u00e1 verkefnum og l\u00f6g\u00f0 \u00e1hersla \u00e1 a\u00f0 nemendur ver\u00f0i f\u00e6rir \u00ed a\u00f0 nota t\u00f6lvuna sem t\u00e6ki \u00ed n\u00e1minu. L\u00f6g\u00f0 er r\u00edk \u00e1hersla \u00e1 sj\u00e1lfst\u00e6\u00f0 og v\u00f6ndu\u00f0 vinnubr\u00f6g\u00f0 og a\u00f0 \u00feeir ver\u00f0i f\u00e6rir \u00ed a\u00f0 nota t\u00f6lvuna sem t\u00e6ki \u00ed n\u00e1minu og sam\u00ac\u00fe\u00e6tti kunn\u00e1ttu \u00ed uppl\u00fdsingat\u00e6kni vi\u00f0 framsetningu efnis vi\u00f0 a\u00f0rar n\u00e1msgreinar.\n", "knowledge_goals": ["a\u00f0ger\u00f0um \u00ed helstu forritum til framsetningar og mi\u00f0lunar \u00e1 texta", "textavinnslu og framsetningu texta", "h\u00f6fundar\u00e9tti og notkun heimilda", "si\u00f0fr\u00e6\u00f0i og si\u00f0fer\u00f0i Netsins (uppl\u00fdsinga- og t\u00f6lvusi\u00f0fr\u00e6\u00f0i)", "umhverfi og m\u00f6guleikum t\u00f6flureiknis vi\u00f0 me\u00f0fer\u00f0 t\u00f6lulegra gagna", "valkostum \u00ed fj\u00e1rm\u00e1lum og vi\u00f0horfum til \u00feeirra"], "skills_goals": ["markvissri notkun p\u00f3st- og samskiptaneta", "m\u00f3tun og framsetningu \u00e1 texta \u00e1 \u00fdmsan h\u00e1tt og \u00e1tti sig \u00e1 l\u00e6sileika hans", "a\u00f0ger\u00f0um \u00ed helstu forritum hugb\u00fana\u00f0ar, svo sem framsetningu og ritvinnslu", "me\u00f0fer\u00f0 heimilda og framsetningu \u00e1 \u00feeim", "me\u00f0fer\u00f0 t\u00f6lulegra gagna og framsetningu \u00e1 \u00feeim", "a\u00f0 greina valkosti \u00ed fj\u00e1rm\u00e1lum, fjalla um peninga \u00e1n vandkv\u00e6\u00f0a og gera \u00e1\u00e6tlanir fram \u00ed t\u00edmann", "\u00f6ruggum netsamskiptum", "sj\u00e1lfst\u00e6\u00f0um vinnubr\u00f6g\u00f0um"], "credits": 5, "last_modified": 1431431702.946503, "schools": ["51234a818caa45ed97015b35"], "coauthors": null, "instructions": "", "continued_education": false, "level": 2, "prerequisites": "", "author": "41be24d4-5ecf-4d99-9661-f49f574e3dcc", "abbreviation_version": null, "competence_goals": [["meta, var\u00f0veita, skapa og mi\u00f0la uppl\u00fdsingum og \u00feekkingu \u00e1 skipulag\u00f0an og skilvirkan h\u00e1tt (uppl\u00fdsingal\u00e6si)", ""], ["vinna a\u00f0 m\u00f3tun texta \u00e1 \u00fdmsan m\u00e1ta og stu\u00f0la a\u00f0 l\u00e6sileika hans", ""], ["setja upp heimildaritger\u00f0 \u00e1samt yfirlitum af \u00fdmsu tagi, s.s. efnisyfirliti, mynda- og t\u00f6fluyfirliti", ""], ["stunda \u00f6rugg netsamskipti og s\u00fdni \u00fear gott si\u00f0fer\u00f0i", ""], ["vinna me\u00f0 t\u00f6luleg g\u00f6gn, m\u00f3ta \u00feau og setja fram \u00e1 myndr\u00e6nan h\u00e1tt", ""], ["n\u00fdta m\u00f6guleika t\u00f6flureiknis til \u00fatreikninga \u00e1 fl\u00f3kinn m\u00e1ta", ""], ["greina valkosti \u00ed fj\u00e1rm\u00e1lum og gera \u00e1\u00e6tlanir fram \u00ed t\u00edmann", ""], ["stunda \u00f6rugg netsamskipti og s\u00fdni \u00fear gott si\u00f0fer\u00f0i", ""], ["vinna sj\u00e1lfst\u00e6tt a\u00f0 verkefnum", ""]], "_id": "5551ea1662933a2f3d000471"}, {"exemplary": null, "topics": "lestur, ritun, r\u00f6kf\u00e6rsla", "abbreviation": "\u00cdSLE2II05", "former_schools": null, "subject": "\u00edslenska", "title": "\u00cdslenska II", "version": 71, "status_trans": "Sam\u00feykkt af sk\u00f3la", "embedded_subject": {"abbreviation": "\u00cdSLE", "topics": [{"abbreviation": "VR", "topics": ["ritun", "vi\u00f0skiptaskj\u00f6l"]}, {"abbreviation": "TM", "topics": ["m\u00e1lskilningur", "tj\u00e1ning"]}, {"abbreviation": "MS", "topics": ["m\u00e1lskilningur", "s\u00e9rdeild"]}, {"abbreviation": "RT", "topics": ["ritun og tj\u00e1ning"]}, {"abbreviation": "LL", "topics": ["leshra\u00f0i", "lesskilningur"]}, {"abbreviation": "MM", "topics": ["m\u00e1lfr\u00e6\u00f0i", "m\u00e1ltilfinning"]}, {"abbreviation": "RG", "topics": ["greinamerkjasetning", "r\u00e9ttritun"]}, {"abbreviation": "SF", "topics": ["fr\u00f3\u00f0leiks\u00f6flun", "samskipti"]}, {"abbreviation": "BK", "topics": ["b\u00f3kmenntir", "kj\u00f6rb\u00f3k"]}, {"abbreviation": "RB", "topics": ["b\u00f3kmenntir", "ritun"]}, {"abbreviation": "BM", "topics": ["b\u00f3kmenntir", "m\u00e1lsaga", "ritun", "tj\u00e1ning"]}, {"abbreviation": "NB", "topics": ["n\u00fat\u00edmab\u00f3kmenntir"]}, {"abbreviation": "BF", "topics": ["b\u00f3kmenntir fyrri alda"]}, {"abbreviation": "SB", "topics": ["menning", "samt\u00edmab\u00f3kmenntir"]}, {"abbreviation": "BB", "topics": ["barnab\u00f3kmenntir"]}, {"abbreviation": "HR", "topics": ["hra\u00f0lestur"]}, {"abbreviation": "YN", "topics": ["yndislestur"]}, {"abbreviation": "ML", "topics": ["leskilningur", "m\u00e1lnotkun", "m\u00e1ltaka", "ritun og tj\u00e1ning"]}, {"abbreviation": "MB", "topics": ["b\u00f3kmenntir og ritun", "m\u00e1lnotkun"]}, {"abbreviation": "MN", "topics": ["b\u00f3kmenntir", "m\u00e1lsaga og nafnasi\u00f0ir"]}, {"abbreviation": "YH", "topics": ["hra\u00f0lestur", "yndislestur"]}, {"abbreviation": "BS", "topics": ["b\u00f3kmenntir s\u00ed\u00f0ari alda"]}, {"abbreviation": "FH", "topics": ["f\u00e9lagsleg m\u00e1lv\u00edsindi", "hlj\u00f3\u00f0fr\u00e6\u00f0i og hlj\u00f3\u00f0kerfisfr\u00e6\u00f0i", "\u00fe\u00fd\u00f0ingar"]}, {"abbreviation": "TB", "topics": ["tj\u00e1skipti barna og fullor\u00f0inna"]}, {"abbreviation": "GL", "topics": ["gl\u00e6pas\u00f6gur"]}, {"abbreviation": "RM", "topics": ["m\u00e1lfr\u00e6\u00f0i", "ritun", "stafsetning"]}, {"abbreviation": "BT", "topics": ["bragfr\u00e6\u00f0i", "setningafr\u00e6\u00f0i", "textar fr\u00e1 \u00fdmsum l\u00f6ndum"]}, {"abbreviation": "MT", "topics": ["m\u00e1lfr\u00e6\u00f0i", "ritun og tj\u00e1ning"]}, {"abbreviation": "BR", "topics": ["b\u00f3kmenntir", "m\u00e1lnotkun", "ritun"]}, {"abbreviation": "MG", "topics": ["b\u00f3kmenntir og ritun", "go\u00f0afr\u00e6\u00f0i", "m\u00e1lsaga"]}, {"abbreviation": "EU", "topics": ["eddukv\u00e6\u00f0i", "uppl\u00fdsing"]}, {"abbreviation": "UK", "topics": ["kreppa", "uppl\u00fdsing"]}, {"abbreviation": "KA", "topics": ["aldam\u00f3t", "kreppa"]}, {"abbreviation": "RN", "topics": ["n\u00fat\u00edmab\u00f3kmenntir", "ritger\u00f0arsm\u00ed\u00f0"]}, {"abbreviation": "KU", "topics": ["kynningarefni", "ums\u00f3knir"]}, {"abbreviation": "RI", "topics": ["ritger\u00f0arsm\u00ed\u00f0", "textar fr\u00e1 \u00fdmsum l\u00f6ndum"]}, {"abbreviation": "BG", "topics": ["b\u00f3kmenntir", "go\u00f0afr\u00e6\u00f0i", "m\u00e1lsaga"]}, {"abbreviation": "FM", "topics": ["fornb\u00f3kmenntir", "m\u00e1lfr\u00e6\u00f0i"]}, {"abbreviation": "BN", "topics": ["b\u00f3kmenntir", "n\u00fat\u00edmi"]}, {"abbreviation": "FO", "topics": ["fornb\u00f3kmenntir"]}, {"abbreviation": "UN", "topics": ["undirb\u00fanings\u00e1fangi \u00ed \u00edslensku"]}, {"abbreviation": "MR", "topics": ["b\u00f3kmenntir", "m\u00e1lnotkun og ritun"]}, {"abbreviation": "ED", "topics": ["eddukv\u00e6\u00f0i og \u00edslendingas\u00f6gur"]}, {"abbreviation": "NJ", "topics": ["fr\u00e1 nj\u00e1lu til n\u00fdr\u00f3mant\u00edkur"]}, {"abbreviation": "\u00d6L", "topics": ["b\u00f3kmenntir \u00e1 20. \u00f6ld"]}, {"abbreviation": "ME", "topics": ["b\u00f3kmenntir"]}, {"abbreviation": "RL", "topics": ["lestur", "ritun og tj\u00e1ning"]}, {"abbreviation": "MI", "topics": ["m\u00e1l og b\u00f3kmenntir fr\u00e1 si\u00f0askiptum til aldam\u00f3tanna 1900"]}, {"abbreviation": "GM", "topics": ["go\u00f0afr\u00e6\u00f0i", "m\u00e1lsaga"]}, {"abbreviation": "GR", "topics": ["grunnur"]}, {"abbreviation": "LR", "topics": ["lestur og ritun"]}, {"abbreviation": "ST", "topics": ["stafsetning"]}, {"abbreviation": "\u00cdS", "topics": ["\u00edslenska"]}, {"abbreviation": "LT", "topics": ["lestur", "m\u00e1lfr\u00e6\u00f0i", "ritun", "stafsetning", "tj\u00e1ning"]}, {"abbreviation": "SR", "topics": ["lestur og tj\u00e1ning", "m\u00e1lfr\u00e6\u00f0i", "ritun", "stafsetning"]}, {"abbreviation": "GO", "topics": ["go\u00f0afr\u00e6\u00f0i", "m\u00e1lnotkun og ritun", "m\u00e1lsaga"]}, {"abbreviation": "NH", "topics": ["b\u00f3kmenntasaga 1900 til samt\u00edmans", "hugtakabeiting", "n\u00fat\u00edmab\u00f3kmenntir"]}, {"abbreviation": "RR", "topics": ["ritger\u00f0asm\u00ed\u00f0", "ritun"]}, {"abbreviation": "LF", "topics": ["b\u00f3kmenntasaga 1550-1900", "l\u00e6rd\u00f3ms\u00f6ld", "rauns\u00e6i"]}, {"abbreviation": "VE", "topics": ["verkefni vali\u00f0 og almenn b\u00f3kmenntafr\u00e6\u00f0i kynnt"]}, {"abbreviation": "MV", "topics": ["m\u00e1lv\u00edsindi"]}, {"abbreviation": "YF", "topics": ["Yndislestur framhald"]}, {"abbreviation": "MH", "topics": ["M\u00e1lsaga og go\u00f0afr\u00e6\u00f0i hra\u00f0fer\u00f0"]}, {"abbreviation": "FF", "topics": ["Fornb\u00f3kmenntir hra\u00f0fer\u00f0"]}, {"abbreviation": "YM", "topics": ["Yndislestur 2"]}, {"abbreviation": "FJ", "topics": ["fj\u00f6lmi\u00f0lal\u00e6si"]}, {"abbreviation": "RV", "topics": ["ritger\u00f0arvinna"]}, {"abbreviation": "LS", "topics": ["- sk\u00e1ldsaga \u00far n\u00fat\u00edma", "lestur og lesskilningur"]}, {"abbreviation": "L\u00cd", "topics": ["lestur og lesskilningur - \u00edslendingas\u00f6gur"]}, {"abbreviation": "LE", "topics": ["lestur og lesskilningur - sk\u00e1lds\u00f6gur 20. aldar"]}, {"abbreviation": "H\u00cd", "topics": ["Hagn\u00fdt \u00edslenska"]}, {"abbreviation": "\u00cdM", "topics": ["\u00edslensk m\u00e1lsaga"]}, {"abbreviation": "KV", "topics": ["b\u00f3kmenntir og kvikmyndir"]}, {"abbreviation": "NG", "topics": ["Norr\u00e6n go\u00f0afr\u00e6\u00f0i"]}, {"abbreviation": "LJ", "topics": ["Lj\u00f3\u00f0"]}, {"abbreviation": "AA", "topics": ["Lestur og ritun"]}, {"abbreviation": "\u00cdC", "topics": ["\u00cdslenska \u00e1 starfsbraut"]}, {"abbreviation": "\u00cdA", "topics": ["\u00cdslenska 1 \u00e1 starfsbraut"]}, {"abbreviation": "\u00cdB", "topics": ["\u00cdslenska 2 \u00e1 starfsbraut"]}, {"abbreviation": "N\u00dd", "topics": ["N\u00fdsk\u00f6pun"]}, {"abbreviation": "AB", "topics": ["B\u00f3kmenntir", "m\u00e1lfr\u00e6\u00f0i og ritun"]}, {"abbreviation": "HI", "topics": ["M\u00e1lnotkun og ritun"]}, {"abbreviation": "TR", "topics": ["M\u00e1lnotun og ritun"]}, {"abbreviation": "TL", "topics": ["L\u00e6si", "ritun", "tj\u00e1ning"]}, {"abbreviation": "OH", "topics": ["hlustun", "or\u00f0afor\u00f0i", "talm\u00e1l og ritun"]}, {"abbreviation": "ES", "topics": ["Eddukv\u00e6\u00f0i til si\u00f0askipta"]}, {"abbreviation": "NA", "topics": ["N\u00fdr\u00f3mant\u00edk til aldam\u00f3ta"]}, {"abbreviation": "SN", "topics": ["Si\u00f0askipti til n\u00fdr\u00f3mant\u00edkur"]}, {"abbreviation": "YL", "topics": ["Yndislestur"]}, {"abbreviation": "SS", "topics": ["Stafsetning"]}, {"abbreviation": "BU", "topics": ["Barna- og unglingab\u00f3kmenntir"]}, {"abbreviation": "SK", "topics": ["sk\u00e1lds\u00f6gur"]}, {"abbreviation": "B\u00d3", "topics": ["B\u00f3kmenntir og tungum\u00e1l fr\u00e1 landn\u00e1mi til si\u00f0askipta"]}, {"abbreviation": "M\u00c1", "topics": ["M\u00e1l- og menningarsaga"]}, {"abbreviation": "NF", "topics": ["N\u00fdsk\u00f6punarferli\u00f0: \u00fe\u00f6rf", "afur\u00f0", "lausn"]}, {"abbreviation": "A\u00cd", "topics": ["Almenn \u00edslenska \u00e1 1 \u00ferepi"]}, {"abbreviation": "AM", "topics": ["almenn m\u00e1lnotkun", "b\u00f3kmenntir", "ritun"]}, {"abbreviation": "RS", "topics": ["Skapandi skrif"]}, {"abbreviation": "SP", "topics": ["Spennus\u00f6gur"]}, {"abbreviation": "\u00cdD", "topics": ["\u00cdslenska \u00e1 starfsbraut 4"]}, {"abbreviation": "\u00cdE", "topics": ["\u00cdslenska 5 \u00e1 starfsbraut"]}, {"abbreviation": "SM", "topics": ["Sk\u00e1lds\u00f6gur"]}, {"abbreviation": "M\u00de", "topics": ["\u00cdSLE"]}, {"abbreviation": "SA", "topics": ["Sk\u00f6pun \u00ed v\u00ed\u00f0u samhengi"]}, {"abbreviation": "SJ", "topics": ["L\u00e6si", "b\u00f3kmenntir", "hugtakaskilningur", "m\u00e1lfr\u00e6\u00f0i", "sj\u00e1lfb\u00e6rni og ritun"]}, {"abbreviation": "LM", "topics": ["L\u00e6si", "l\u00fd\u00f0r\u00e6\u00f0i", "mannr\u00e9ttindi og b\u00f3kmenntir"]}, {"abbreviation": "JR", "topics": ["L\u00e6si", "b\u00f3kmenntir og ritun", "jafnr\u00e9tti"]}, {"abbreviation": "HV", "topics": ["L\u00e6si", "heilbrig\u00f0i", "velfer\u00f0 og b\u00f3kmenntir"]}, {"abbreviation": "DB", "topics": ["Sk\u00f3labla\u00f0"]}, {"abbreviation": "\u00c6F", "topics": ["Go\u00f0s\u00f6gur", "fantas\u00edur", "\u00e6vint\u00fdri"]}, {"abbreviation": "VM", "topics": ["Verkefna\u00e1fangi \u00ed m\u00e1lv\u00edsindum"]}, {"abbreviation": "VB", "topics": ["Verkefna\u00e1fangi \u00ed b\u00f3kmenntum"]}, {"abbreviation": "SW", "topics": ["Stafsetning og ritun"]}, {"abbreviation": "MF", "topics": ["M\u00e1lfr\u00e6\u00f0i"]}, {"abbreviation": "SG", "topics": ["B\u00f3kmenntir", "setningafr\u00e6\u00f0i og go\u00f0afr\u00e6\u00f0i"]}, {"abbreviation": "OF", "topics": ["frambur\u00f0ur", "lestrarf\u00e6rni", "or\u00f0afor\u00f0i"]}, {"abbreviation": "CA", "topics": ["B\u00f3kmenntir fram til 1550"]}, {"abbreviation": "BH", "topics": ["Go\u00f0afr\u00e6\u00f0i", "m\u00e1lsaga og ritger\u00f0asm\u00ed\u00f0"]}, {"abbreviation": "DD", "topics": ["B\u00f3kmenntir og b\u00f3kmenntasaga", "einkum 1550-1900."]}, {"abbreviation": "CH", "topics": ["\u00cdslenska 3. Hra\u00f0fer\u00f0"]}, {"abbreviation": "EE", "topics": ["B\u00f3kmenntir og b\u00f3kmenntasaga eftir 1900."]}, {"abbreviation": "HL", "topics": ["M\u00e1lsaga og hlj\u00f3\u00f0fr\u00e6\u00f0i"]}, {"abbreviation": "CB", "topics": ["heimsb\u00f3kmenntir"]}, {"abbreviation": "AL", "topics": ["Almenn m\u00e1lnotkun og l\u00e6si"]}, {"abbreviation": "GF", "topics": ["Go\u00f0afr\u00e6\u00f0i og fornb\u00f3kmenntir"]}, {"abbreviation": "TE", "topics": ["Ritun og textagreining"]}, {"abbreviation": "MA", "topics": ["Menningararfur \u00ed n\u00fat\u00edmanum"]}, {"abbreviation": "S\u00c1", "topics": ["Skrefa\u00f0", "skrifa\u00f0 og skrafa\u00f0 um n\u00e6rsamf\u00e9lagi\u00f0/\u00e1tthagana."]}, {"abbreviation": "NM", "topics": ["fr\u00e1 n\u00fdr\u00f3mant\u00edk til m\u00f3dernisma"]}, {"abbreviation": "HM", "topics": ["Heimildir og m\u00e1lnotkun"]}, {"abbreviation": "M\u00c6", "topics": ["Menningarl\u00e6si"]}, {"abbreviation": "CK", "topics": ["\u00edslenskar kvikmyndir"]}, {"abbreviation": "CL", "topics": ["Leikh\u00fas og leikb\u00f3kmenntir"]}, {"abbreviation": "DL", "topics": ["Leikh\u00fas og leikb\u00f3kmenntir."]}, {"abbreviation": "CN", "topics": ["\u00derj\u00fa verk Halld\u00f3rs Laxness."]}, {"abbreviation": "HB", "topics": ["B\u00f3kmenntir", "heimildaritger\u00f0", "m\u00e1lsaga"]}, {"abbreviation": "CU", "topics": ["Barnab\u00f3kmenntir."]}, {"abbreviation": "CP", "topics": ["Textager\u00f0 og ritstj\u00f3rn"]}, {"abbreviation": "CY", "topics": ["Yndislestur I"]}, {"abbreviation": "DY", "topics": ["Yndislestur II"]}, {"abbreviation": "RH", "topics": ["\u00darvinnsla heimilda og ritun"]}, {"abbreviation": "B\u00cd", "topics": ["B\u00f3kmenntasaga", "\u00cdslendingasaga og forn kve\u00f0skapur"]}, {"abbreviation": "BL", "topics": ["B\u00f3kmenntasaga", "leikritalestur", "lj\u00f3\u00f0alestur", "n\u00fat\u00edmab\u00f3kmenntir"]}, {"abbreviation": "RF", "topics": ["Ritger\u00f0arskrif", "go\u00f0afr\u00e6\u00f0i og m\u00e1lsaga"]}, {"abbreviation": "KM", "topics": ["b\u00f3kmenntir", "kv\u00e6\u00f0i", "lj\u00f3\u00f0", "m\u00e1lnotkun", "ritun"]}, {"abbreviation": "SL", "topics": ["Ritlist"]}, {"abbreviation": "RO", "topics": ["lestur", "m\u00e1lnotkun", "or\u00f0afor\u00f0i", "ritun"]}, {"abbreviation": "LB", "topics": ["b\u00f3kmenntir", "l\u00e6si", "ritun", "stafsetning"]}, {"abbreviation": "FL", "topics": ["frams\u00f6gn", "lestur", "margv\u00edsleg ritun", "or\u00f0afor\u00f0i"]}, {"abbreviation": "HS", "topics": ["heimildavinna", "m\u00e1lnotkun", "ritun", "setningafr\u00e6\u00f0i"]}, {"abbreviation": "KB", "topics": ["b\u00f3kmenntasaga", "heimildavinna", "kynningar", "valdir b\u00f3kmenntatextar"]}, {"abbreviation": "VT", "topics": ["b\u00f3kmenntasaga", "stefnur \u00ed listum og menningu", "valdir b\u00f3kmenntatextar"]}, {"abbreviation": "KF", "topics": ["fr\u00e6\u00f0ileg umfj\u00f6llun", "kvikmyndafr\u00e6\u00f0i", "kvikmyndal\u00e6si", "samf\u00e9lagsr\u00fdni"]}, {"abbreviation": "UM", "topics": ["m\u00e1lfr\u00e6\u00f0i", "or\u00f0afor\u00f0i", "uppruni m\u00e1la", "\u00edslensk m\u00e1lsaga"]}, {"abbreviation": "\u00deH", "topics": ["\u00fej\u00f3\u00f0h\u00e1ttafr\u00e6\u00f0i", "\u00fej\u00f3\u00f0l\u00edfsfr\u00e6\u00f0i", "\u00fej\u00f3\u00f0sagnafr\u00e6\u00f0i og hversdagsmenning"]}, {"abbreviation": "FS", "topics": ["lestur fagurb\u00f3kmennta", "skapandi skrif", "t\u00falkunarm\u00f6guleikar"]}, {"abbreviation": "KS", "topics": ["mi\u00f0aldab\u00f3kmenntir (kv\u00e6\u00f0i og s\u00f6gur)", "\u00e1hrif \u00feeirra \u00e1 n\u00fat\u00edmaverk"]}, {"abbreviation": "TS", "topics": ["m\u00e1lfar", "samf\u00e9lag", "tj\u00e1skipti", "tungum\u00e1l"]}, {"abbreviation": "\u00c1\u00d6", "topics": ["\u00c1stir og \u00f6rl\u00f6g \u00ed b\u00f3kmenntum fyrri alda"]}, {"abbreviation": "LH", "topics": ["Leikh\u00fas", "leiklist og leikb\u00f3kmenntir"]}, {"abbreviation": "DE", "topics": ["Delludagar", "Lestur og ritun"]}, {"abbreviation": "FV", "topics": ["Frumverk", "Lestur og ritun"]}, {"abbreviation": "A\u00de", "topics": ["Af\u00fereyingarb\u00f3kmenntir"]}, {"abbreviation": "B\u00de", "topics": ["\u00dej\u00f3\u00f0ararfurinn og tenging hans vi\u00f0 n\u00fat\u00edmann"]}, {"abbreviation": "OS", "topics": ["Or\u00f0spor"]}, {"abbreviation": "UT", "topics": ["Munnleg tj\u00e1ning"]}, {"abbreviation": "V\u00cd", "topics": ["V\u00edkingar og menning \u00feeirra"]}, {"abbreviation": "LX", "topics": ["Halld\u00f3r Laxness"]}, {"abbreviation": "ON", "topics": ["Beyginar", "frambur\u00f0ur", "setningaskipan og or\u00f0afor\u00f0i n\u00fat\u00edmam\u00e1ls"]}, {"abbreviation": "GE", "topics": ["B\u00f3kmenntagreining", "eddukv\u00e6\u00f0i og ritun.", "go\u00f0afr\u00e6\u00f0i"]}, {"abbreviation": "BA", "topics": ["B\u00f3kmenntir s\u00ed\u00f0ari alda"]}, {"abbreviation": "F\u00c9", "topics": ["F\u00e9lagsleg m\u00e1lv\u00edsindi"]}, {"abbreviation": "\u00cdR", "topics": ["mi\u00f0aldab\u00f3kmenntir", "r\u00f3mant\u00edk og ritun", "\u00cdslendingasaga"]}, {"abbreviation": "RD", "topics": ["Rauns\u00e6i", "b\u00f3kmenntasaga 20. aldar og 21. aldar."]}, {"abbreviation": "LG", "topics": ["Lestur g\u00f3\u00f0ra b\u00f3ka"]}, {"abbreviation": "NS", "topics": ["N\u00fat\u00edmab\u00f3kmenntir", "lestur og skapandi skrif"]}, {"abbreviation": "VH", "topics": ["b\u00f3kmenntir", "l\u00e6si", "velfer\u00f0"]}, {"abbreviation": "VF", "topics": ["l\u00e6si", "velfer\u00f0 og b\u00f3kmenntir"]}, {"abbreviation": "UL", "topics": ["l\u00e6si", "sk\u00f6pun", "uppg\u00f6tvun"]}, {"abbreviation": "MO", "topics": ["Mi\u00f0aldab\u00f3kmenntir"]}, {"abbreviation": "CC", "topics": ["Fornb\u00f3kmenntir."]}, {"abbreviation": "\u00deS", "topics": ["\u00dej\u00f3\u00f0sk\u00e1ld"]}, {"abbreviation": "HE", "topics": ["Heimildaritun"]}, {"abbreviation": "KO", "topics": ["Kvennab\u00f3kmenntir"]}, {"abbreviation": "MU", "topics": ["Munnm\u00e6lasagnir"]}, {"abbreviation": "TJ", "topics": ["Menningartj\u00fatt"]}, {"abbreviation": "U\u00c1", "topics": ["Undirb\u00fanings\u00e1fangi"]}, {"abbreviation": "R\u00d6", "topics": ["Ritun og r\u00f6kf\u00e6rsla"]}, {"abbreviation": "HH", "topics": ["heimildavinna", "m\u00e1lsaga", "m\u00e1lstefna", "ritun"]}, {"abbreviation": "UA", "topics": ["einf\u00f6ld m\u00e1lfr\u00e6\u00f0i", "lestur", "ritun", "stafsetning"]}, {"abbreviation": "UB", "topics": ["lestur", "m\u00e1lfr\u00e6\u00f0i", "ritun", "stafsetning"]}, {"abbreviation": "FN", "topics": ["b\u00f3kmenntir", "forn\u00e1m-l\u00e6si", "ritun"]}, {"abbreviation": "GG", "topics": ["Garpar og go\u00f0sagnir"]}, {"abbreviation": "BP", "topics": ["B\u00f3kmenntaumr\u00e6\u00f0a"]}, {"abbreviation": "UU", "topics": ["", "l\u00e6si b\u00f3kmenntir", "ritun"]}, {"abbreviation": "TT", "topics": ["b\u00f3kmenntir", "l\u00e6si", "ritun"]}, {"abbreviation": "II", "topics": ["lestur", "ritun", "r\u00f6kf\u00e6rsla"]}], "_id": "50c0a02dd8e40575f7f6f4a2", "subjects": ["\u00edslenska"], "counter": {"1": 62, "3": 107, "2": 70, "4": 2}}, "evaluation": "\u2022\t\u00deekking er metin me\u00f0 lokapr\u00f3fi, stuttum pr\u00f3fum og verkefnum sem b\u00e6\u00f0i eru unnin \u00ed kennslustundum og heima.\n\u2022\tLeikni er metin \u00fat fr\u00e1 ritun, fr\u00e1gangi, m\u00e1lfari og tj\u00e1ningu.\n\u2022\tH\u00e6fni er metin me\u00f0 verkefnavinnu, \u00fat fr\u00e1 samvinnu nemenda og sko\u00f0anaskiptum. \u00cd ritun er h\u00fan metin \u00fat fr\u00e1 r\u00f6kstu\u00f0ningi og fj\u00f6lbreyttu m\u00e1lfari.", "categorization_suggestion": "FB", "embedded_topics": {"abbreviation": "II", "topics": ["lestur", "ritun", "r\u00f6kf\u00e6rsla"]}, "status": "approved by school", "description": "Vi\u00f0fangsefni \u00e1fangans er ritun, m\u00e1lnotkun, setningafr\u00e6\u00f0i og b\u00f3kmenntir. Fjalla\u00f0 er um \u00f3l\u00edkar ger\u00f0ir ritsm\u00ed\u00f0a me\u00f0 \u00e1herslu \u00e1 r\u00f6kf\u00e6rslu. Nemendur eru \u00fej\u00e1lfa\u00f0ir \u00ed a\u00f0 byggja upp texta og ganga fr\u00e1 \u00feeim. Fari\u00f0 er \u00ed setningafr\u00e6\u00f0i og m\u00e1lfr\u00e6\u00f0ihugt\u00f6k rifju\u00f0 upp. Lesnar eru sk\u00e1lds\u00f6gur, sm\u00e1s\u00f6gur og go\u00f0afr\u00e6\u00f0i og fjalla\u00f0 um grunnhugt\u00f6k \u00ed b\u00f3kmenntafr\u00e6\u00f0i. Auk \u00feess eru lesnir \u00fdmsir textar, t.d. bla\u00f0agreinar, \u00fear sem nemendur f\u00e1 t\u00e6kif\u00e6ri til a\u00f0 taka afst\u00f6\u00f0u til \u00fdmissa m\u00e1lefna. R\u00e6tt er um grunn\u00fe\u00e6ttina eftir \u00fev\u00ed sem n\u00e1msefni gefur tilefni til.", "knowledge_goals": ["helstu hugt\u00f6kum \u00ed ritger\u00f0asm\u00ed\u00f0", "m\u00e1lfr\u00e6\u00f0i- og setningafr\u00e6\u00f0ihugt\u00f6kum og ritreglum sem auka m\u00e1lf\u00e6rni", "grunnhugt\u00f6kum \u00ed b\u00f3kmenntafr\u00e6\u00f0i", "or\u00f0afor\u00f0a til a\u00f0 skilja \u00f3l\u00edka texta", "helstu go\u00f0um og go\u00f0s\u00f6gum"], "skills_goals": ["koma sko\u00f0unum s\u00ednum \u00e1 framf\u00e6ri \u00e1 sk\u00fdran og greinarg\u00f3\u00f0an h\u00e1tt \u00ed ritu\u00f0u m\u00e1li", "ganga fr\u00e1 ritsm\u00ed\u00f0um \u00e1 vi\u00f0unandi h\u00e1tt", "taka \u00fe\u00e1tt \u00ed sko\u00f0anaskiptum og r\u00f6kr\u00e6\u00f0um me\u00f0 jafningjum", "n\u00fdta s\u00e9r m\u00e1lfr\u00e6\u00f0i- og setningafr\u00e6\u00f0ihugt\u00f6k til \u00feess a\u00f0 efla eigin m\u00e1lf\u00e6rni", "n\u00fdta s\u00e9r or\u00f0ab\u00e6kur og a\u00f0rar handb\u00e6kur um m\u00e1lnotkun vi\u00f0 textager\u00f0", "\u00feekkja og skilja go\u00f0s\u00f6gur"], "credits": 5, "last_modified": 1432249901.956272, "schools": ["51234a818caa45ed97015b35"], "coauthors": null, "instructions": "", "continued_education": false, "level": 2, "prerequisites": "Nemendur hafi loki\u00f0 1. \u00ferepi \u00ed \u00edslensku e\u00f0a hafi einkunnina B+ e\u00f0a A \u00far grunnsk\u00f3la", "author": "41be24d4-5ecf-4d99-9661-f49f574e3dcc", "abbreviation_version": null, "competence_goals": [["f\u00e6ra r\u00f6k fyrir m\u00e1li s\u00ednu \u00e1 sk\u00fdran og greinarg\u00f3\u00f0an h\u00e1tt", ""], ["styrkja eigin m\u00e1l- og ritf\u00e6rni", ""], ["beita sk\u00fdru og bl\u00e6brig\u00f0ar\u00edku m\u00e1li \u00ed r\u00e6\u00f0u og riti", ""], ["taka \u00fe\u00e1tt \u00ed umr\u00e6\u00f0um, f\u00e6ra r\u00f6k fyrir m\u00e1li s\u00ednu og komast a\u00f0 m\u00e1lefnalegri ni\u00f0urst\u00f6\u00f0u, munnlega og skriflega", ""], ["\u00feekkja go\u00f0s\u00f6gur og skilja menningarlegt gildi \u00feeirra", ""]], "_id": "555e662d62933a5b200001f9"}, {"exemplary": null, "topics": "eddukv\u00e6\u00f0i, heimildavinna, m\u00e1lsaga, stafsetning og b\u00f3kmenntir", "abbreviation": "\u00cdSLE2KK05", "former_schools": null, "subject": "\u00edslenska", "title": "\u00cdslenska III", "version": 72, "status_trans": "Sam\u00feykkt af sk\u00f3la", "embedded_subject": {"abbreviation": "\u00cdSLE", "topics": [{"abbreviation": "VR", "topics": ["ritun", "vi\u00f0skiptaskj\u00f6l"]}, {"abbreviation": "TM", "topics": ["m\u00e1lskilningur", "tj\u00e1ning"]}, {"abbreviation": "MS", "topics": ["m\u00e1lskilningur", "s\u00e9rdeild"]}, {"abbreviation": "RT", "topics": ["ritun og tj\u00e1ning"]}, {"abbreviation": "LL", "topics": ["leshra\u00f0i", "lesskilningur"]}, {"abbreviation": "MM", "topics": ["m\u00e1lfr\u00e6\u00f0i", "m\u00e1ltilfinning"]}, {"abbreviation": "RG", "topics": ["greinamerkjasetning", "r\u00e9ttritun"]}, {"abbreviation": "SF", "topics": ["fr\u00f3\u00f0leiks\u00f6flun", "samskipti"]}, {"abbreviation": "BK", "topics": ["b\u00f3kmenntir", "kj\u00f6rb\u00f3k"]}, {"abbreviation": "RB", "topics": ["b\u00f3kmenntir", "ritun"]}, {"abbreviation": "BM", "topics": ["b\u00f3kmenntir", "m\u00e1lsaga", "ritun", "tj\u00e1ning"]}, {"abbreviation": "NB", "topics": ["n\u00fat\u00edmab\u00f3kmenntir"]}, {"abbreviation": "BF", "topics": ["b\u00f3kmenntir fyrri alda"]}, {"abbreviation": "SB", "topics": ["menning", "samt\u00edmab\u00f3kmenntir"]}, {"abbreviation": "BB", "topics": ["barnab\u00f3kmenntir"]}, {"abbreviation": "HR", "topics": ["hra\u00f0lestur"]}, {"abbreviation": "YN", "topics": ["yndislestur"]}, {"abbreviation": "ML", "topics": ["leskilningur", "m\u00e1lnotkun", "m\u00e1ltaka", "ritun og tj\u00e1ning"]}, {"abbreviation": "MB", "topics": ["b\u00f3kmenntir og ritun", "m\u00e1lnotkun"]}, {"abbreviation": "MN", "topics": ["b\u00f3kmenntir", "m\u00e1lsaga og nafnasi\u00f0ir"]}, {"abbreviation": "YH", "topics": ["hra\u00f0lestur", "yndislestur"]}, {"abbreviation": "BS", "topics": ["b\u00f3kmenntir s\u00ed\u00f0ari alda"]}, {"abbreviation": "FH", "topics": ["f\u00e9lagsleg m\u00e1lv\u00edsindi", "hlj\u00f3\u00f0fr\u00e6\u00f0i og hlj\u00f3\u00f0kerfisfr\u00e6\u00f0i", "\u00fe\u00fd\u00f0ingar"]}, {"abbreviation": "TB", "topics": ["tj\u00e1skipti barna og fullor\u00f0inna"]}, {"abbreviation": "GL", "topics": ["gl\u00e6pas\u00f6gur"]}, {"abbreviation": "RM", "topics": ["m\u00e1lfr\u00e6\u00f0i", "ritun", "stafsetning"]}, {"abbreviation": "BT", "topics": ["bragfr\u00e6\u00f0i", "setningafr\u00e6\u00f0i", "textar fr\u00e1 \u00fdmsum l\u00f6ndum"]}, {"abbreviation": "MT", "topics": ["m\u00e1lfr\u00e6\u00f0i", "ritun og tj\u00e1ning"]}, {"abbreviation": "BR", "topics": ["b\u00f3kmenntir", "m\u00e1lnotkun", "ritun"]}, {"abbreviation": "MG", "topics": ["b\u00f3kmenntir og ritun", "go\u00f0afr\u00e6\u00f0i", "m\u00e1lsaga"]}, {"abbreviation": "EU", "topics": ["eddukv\u00e6\u00f0i", "uppl\u00fdsing"]}, {"abbreviation": "UK", "topics": ["kreppa", "uppl\u00fdsing"]}, {"abbreviation": "KA", "topics": ["aldam\u00f3t", "kreppa"]}, {"abbreviation": "RN", "topics": ["n\u00fat\u00edmab\u00f3kmenntir", "ritger\u00f0arsm\u00ed\u00f0"]}, {"abbreviation": "KU", "topics": ["kynningarefni", "ums\u00f3knir"]}, {"abbreviation": "RI", "topics": ["ritger\u00f0arsm\u00ed\u00f0", "textar fr\u00e1 \u00fdmsum l\u00f6ndum"]}, {"abbreviation": "BG", "topics": ["b\u00f3kmenntir", "go\u00f0afr\u00e6\u00f0i", "m\u00e1lsaga"]}, {"abbreviation": "FM", "topics": ["fornb\u00f3kmenntir", "m\u00e1lfr\u00e6\u00f0i"]}, {"abbreviation": "BN", "topics": ["b\u00f3kmenntir", "n\u00fat\u00edmi"]}, {"abbreviation": "FO", "topics": ["fornb\u00f3kmenntir"]}, {"abbreviation": "UN", "topics": ["undirb\u00fanings\u00e1fangi \u00ed \u00edslensku"]}, {"abbreviation": "MR", "topics": ["b\u00f3kmenntir", "m\u00e1lnotkun og ritun"]}, {"abbreviation": "ED", "topics": ["eddukv\u00e6\u00f0i og \u00edslendingas\u00f6gur"]}, {"abbreviation": "NJ", "topics": ["fr\u00e1 nj\u00e1lu til n\u00fdr\u00f3mant\u00edkur"]}, {"abbreviation": "\u00d6L", "topics": ["b\u00f3kmenntir \u00e1 20. \u00f6ld"]}, {"abbreviation": "ME", "topics": ["b\u00f3kmenntir"]}, {"abbreviation": "RL", "topics": ["lestur", "ritun og tj\u00e1ning"]}, {"abbreviation": "MI", "topics": ["m\u00e1l og b\u00f3kmenntir fr\u00e1 si\u00f0askiptum til aldam\u00f3tanna 1900"]}, {"abbreviation": "GM", "topics": ["go\u00f0afr\u00e6\u00f0i", "m\u00e1lsaga"]}, {"abbreviation": "GR", "topics": ["grunnur"]}, {"abbreviation": "LR", "topics": ["lestur og ritun"]}, {"abbreviation": "ST", "topics": ["stafsetning"]}, {"abbreviation": "\u00cdS", "topics": ["\u00edslenska"]}, {"abbreviation": "LT", "topics": ["lestur", "m\u00e1lfr\u00e6\u00f0i", "ritun", "stafsetning", "tj\u00e1ning"]}, {"abbreviation": "SR", "topics": ["lestur og tj\u00e1ning", "m\u00e1lfr\u00e6\u00f0i", "ritun", "stafsetning"]}, {"abbreviation": "GO", "topics": ["go\u00f0afr\u00e6\u00f0i", "m\u00e1lnotkun og ritun", "m\u00e1lsaga"]}, {"abbreviation": "NH", "topics": ["b\u00f3kmenntasaga 1900 til samt\u00edmans", "hugtakabeiting", "n\u00fat\u00edmab\u00f3kmenntir"]}, {"abbreviation": "RR", "topics": ["ritger\u00f0asm\u00ed\u00f0", "ritun"]}, {"abbreviation": "LF", "topics": ["b\u00f3kmenntasaga 1550-1900", "l\u00e6rd\u00f3ms\u00f6ld", "rauns\u00e6i"]}, {"abbreviation": "VE", "topics": ["verkefni vali\u00f0 og almenn b\u00f3kmenntafr\u00e6\u00f0i kynnt"]}, {"abbreviation": "MV", "topics": ["m\u00e1lv\u00edsindi"]}, {"abbreviation": "YF", "topics": ["Yndislestur framhald"]}, {"abbreviation": "MH", "topics": ["M\u00e1lsaga og go\u00f0afr\u00e6\u00f0i hra\u00f0fer\u00f0"]}, {"abbreviation": "FF", "topics": ["Fornb\u00f3kmenntir hra\u00f0fer\u00f0"]}, {"abbreviation": "YM", "topics": ["Yndislestur 2"]}, {"abbreviation": "FJ", "topics": ["fj\u00f6lmi\u00f0lal\u00e6si"]}, {"abbreviation": "RV", "topics": ["ritger\u00f0arvinna"]}, {"abbreviation": "LS", "topics": ["- sk\u00e1ldsaga \u00far n\u00fat\u00edma", "lestur og lesskilningur"]}, {"abbreviation": "L\u00cd", "topics": ["lestur og lesskilningur - \u00edslendingas\u00f6gur"]}, {"abbreviation": "LE", "topics": ["lestur og lesskilningur - sk\u00e1lds\u00f6gur 20. aldar"]}, {"abbreviation": "H\u00cd", "topics": ["Hagn\u00fdt \u00edslenska"]}, {"abbreviation": "\u00cdM", "topics": ["\u00edslensk m\u00e1lsaga"]}, {"abbreviation": "KV", "topics": ["b\u00f3kmenntir og kvikmyndir"]}, {"abbreviation": "NG", "topics": ["Norr\u00e6n go\u00f0afr\u00e6\u00f0i"]}, {"abbreviation": "LJ", "topics": ["Lj\u00f3\u00f0"]}, {"abbreviation": "AA", "topics": ["Lestur og ritun"]}, {"abbreviation": "\u00cdC", "topics": ["\u00cdslenska \u00e1 starfsbraut"]}, {"abbreviation": "\u00cdA", "topics": ["\u00cdslenska 1 \u00e1 starfsbraut"]}, {"abbreviation": "\u00cdB", "topics": ["\u00cdslenska 2 \u00e1 starfsbraut"]}, {"abbreviation": "N\u00dd", "topics": ["N\u00fdsk\u00f6pun"]}, {"abbreviation": "AB", "topics": ["B\u00f3kmenntir", "m\u00e1lfr\u00e6\u00f0i og ritun"]}, {"abbreviation": "HI", "topics": ["M\u00e1lnotkun og ritun"]}, {"abbreviation": "TR", "topics": ["M\u00e1lnotun og ritun"]}, {"abbreviation": "TL", "topics": ["L\u00e6si", "ritun", "tj\u00e1ning"]}, {"abbreviation": "OH", "topics": ["hlustun", "or\u00f0afor\u00f0i", "talm\u00e1l og ritun"]}, {"abbreviation": "ES", "topics": ["Eddukv\u00e6\u00f0i til si\u00f0askipta"]}, {"abbreviation": "NA", "topics": ["N\u00fdr\u00f3mant\u00edk til aldam\u00f3ta"]}, {"abbreviation": "SN", "topics": ["Si\u00f0askipti til n\u00fdr\u00f3mant\u00edkur"]}, {"abbreviation": "YL", "topics": ["Yndislestur"]}, {"abbreviation": "SS", "topics": ["Stafsetning"]}, {"abbreviation": "BU", "topics": ["Barna- og unglingab\u00f3kmenntir"]}, {"abbreviation": "SK", "topics": ["sk\u00e1lds\u00f6gur"]}, {"abbreviation": "B\u00d3", "topics": ["B\u00f3kmenntir og tungum\u00e1l fr\u00e1 landn\u00e1mi til si\u00f0askipta"]}, {"abbreviation": "M\u00c1", "topics": ["M\u00e1l- og menningarsaga"]}, {"abbreviation": "NF", "topics": ["N\u00fdsk\u00f6punarferli\u00f0: \u00fe\u00f6rf", "afur\u00f0", "lausn"]}, {"abbreviation": "A\u00cd", "topics": ["Almenn \u00edslenska \u00e1 1 \u00ferepi"]}, {"abbreviation": "AM", "topics": ["almenn m\u00e1lnotkun", "b\u00f3kmenntir", "ritun"]}, {"abbreviation": "RS", "topics": ["Skapandi skrif"]}, {"abbreviation": "SP", "topics": ["Spennus\u00f6gur"]}, {"abbreviation": "\u00cdD", "topics": ["\u00cdslenska \u00e1 starfsbraut 4"]}, {"abbreviation": "\u00cdE", "topics": ["\u00cdslenska 5 \u00e1 starfsbraut"]}, {"abbreviation": "SM", "topics": ["Sk\u00e1lds\u00f6gur"]}, {"abbreviation": "M\u00de", "topics": ["\u00cdSLE"]}, {"abbreviation": "SA", "topics": ["Sk\u00f6pun \u00ed v\u00ed\u00f0u samhengi"]}, {"abbreviation": "SJ", "topics": ["L\u00e6si", "b\u00f3kmenntir", "hugtakaskilningur", "m\u00e1lfr\u00e6\u00f0i", "sj\u00e1lfb\u00e6rni og ritun"]}, {"abbreviation": "LM", "topics": ["L\u00e6si", "l\u00fd\u00f0r\u00e6\u00f0i", "mannr\u00e9ttindi og b\u00f3kmenntir"]}, {"abbreviation": "JR", "topics": ["L\u00e6si", "b\u00f3kmenntir og ritun", "jafnr\u00e9tti"]}, {"abbreviation": "HV", "topics": ["L\u00e6si", "heilbrig\u00f0i", "velfer\u00f0 og b\u00f3kmenntir"]}, {"abbreviation": "DB", "topics": ["Sk\u00f3labla\u00f0"]}, {"abbreviation": "\u00c6F", "topics": ["Go\u00f0s\u00f6gur", "fantas\u00edur", "\u00e6vint\u00fdri"]}, {"abbreviation": "VM", "topics": ["Verkefna\u00e1fangi \u00ed m\u00e1lv\u00edsindum"]}, {"abbreviation": "VB", "topics": ["Verkefna\u00e1fangi \u00ed b\u00f3kmenntum"]}, {"abbreviation": "SW", "topics": ["Stafsetning og ritun"]}, {"abbreviation": "MF", "topics": ["M\u00e1lfr\u00e6\u00f0i"]}, {"abbreviation": "SG", "topics": ["B\u00f3kmenntir", "setningafr\u00e6\u00f0i og go\u00f0afr\u00e6\u00f0i"]}, {"abbreviation": "OF", "topics": ["frambur\u00f0ur", "lestrarf\u00e6rni", "or\u00f0afor\u00f0i"]}, {"abbreviation": "CA", "topics": ["B\u00f3kmenntir fram til 1550"]}, {"abbreviation": "BH", "topics": ["Go\u00f0afr\u00e6\u00f0i", "m\u00e1lsaga og ritger\u00f0asm\u00ed\u00f0"]}, {"abbreviation": "DD", "topics": ["B\u00f3kmenntir og b\u00f3kmenntasaga", "einkum 1550-1900."]}, {"abbreviation": "CH", "topics": ["\u00cdslenska 3. Hra\u00f0fer\u00f0"]}, {"abbreviation": "EE", "topics": ["B\u00f3kmenntir og b\u00f3kmenntasaga eftir 1900."]}, {"abbreviation": "HL", "topics": ["M\u00e1lsaga og hlj\u00f3\u00f0fr\u00e6\u00f0i"]}, {"abbreviation": "CB", "topics": ["heimsb\u00f3kmenntir"]}, {"abbreviation": "AL", "topics": ["Almenn m\u00e1lnotkun og l\u00e6si"]}, {"abbreviation": "GF", "topics": ["Go\u00f0afr\u00e6\u00f0i og fornb\u00f3kmenntir"]}, {"abbreviation": "TE", "topics": ["Ritun og textagreining"]}, {"abbreviation": "MA", "topics": ["Menningararfur \u00ed n\u00fat\u00edmanum"]}, {"abbreviation": "S\u00c1", "topics": ["Skrefa\u00f0", "skrifa\u00f0 og skrafa\u00f0 um n\u00e6rsamf\u00e9lagi\u00f0/\u00e1tthagana."]}, {"abbreviation": "NM", "topics": ["fr\u00e1 n\u00fdr\u00f3mant\u00edk til m\u00f3dernisma"]}, {"abbreviation": "HM", "topics": ["Heimildir og m\u00e1lnotkun"]}, {"abbreviation": "M\u00c6", "topics": ["Menningarl\u00e6si"]}, {"abbreviation": "CK", "topics": ["\u00edslenskar kvikmyndir"]}, {"abbreviation": "CL", "topics": ["Leikh\u00fas og leikb\u00f3kmenntir"]}, {"abbreviation": "DL", "topics": ["Leikh\u00fas og leikb\u00f3kmenntir."]}, {"abbreviation": "CN", "topics": ["\u00derj\u00fa verk Halld\u00f3rs Laxness."]}, {"abbreviation": "HB", "topics": ["B\u00f3kmenntir", "heimildaritger\u00f0", "m\u00e1lsaga"]}, {"abbreviation": "CU", "topics": ["Barnab\u00f3kmenntir."]}, {"abbreviation": "CP", "topics": ["Textager\u00f0 og ritstj\u00f3rn"]}, {"abbreviation": "CY", "topics": ["Yndislestur I"]}, {"abbreviation": "DY", "topics": ["Yndislestur II"]}, {"abbreviation": "RH", "topics": ["\u00darvinnsla heimilda og ritun"]}, {"abbreviation": "B\u00cd", "topics": ["B\u00f3kmenntasaga", "\u00cdslendingasaga og forn kve\u00f0skapur"]}, {"abbreviation": "BL", "topics": ["B\u00f3kmenntasaga", "leikritalestur", "lj\u00f3\u00f0alestur", "n\u00fat\u00edmab\u00f3kmenntir"]}, {"abbreviation": "RF", "topics": ["Ritger\u00f0arskrif", "go\u00f0afr\u00e6\u00f0i og m\u00e1lsaga"]}, {"abbreviation": "KM", "topics": ["b\u00f3kmenntir", "kv\u00e6\u00f0i", "lj\u00f3\u00f0", "m\u00e1lnotkun", "ritun"]}, {"abbreviation": "SL", "topics": ["Ritlist"]}, {"abbreviation": "RO", "topics": ["lestur", "m\u00e1lnotkun", "or\u00f0afor\u00f0i", "ritun"]}, {"abbreviation": "LB", "topics": ["b\u00f3kmenntir", "l\u00e6si", "ritun", "stafsetning"]}, {"abbreviation": "FL", "topics": ["frams\u00f6gn", "lestur", "margv\u00edsleg ritun", "or\u00f0afor\u00f0i"]}, {"abbreviation": "HS", "topics": ["heimildavinna", "m\u00e1lnotkun", "ritun", "setningafr\u00e6\u00f0i"]}, {"abbreviation": "KB", "topics": ["b\u00f3kmenntasaga", "heimildavinna", "kynningar", "valdir b\u00f3kmenntatextar"]}, {"abbreviation": "VT", "topics": ["b\u00f3kmenntasaga", "stefnur \u00ed listum og menningu", "valdir b\u00f3kmenntatextar"]}, {"abbreviation": "KF", "topics": ["fr\u00e6\u00f0ileg umfj\u00f6llun", "kvikmyndafr\u00e6\u00f0i", "kvikmyndal\u00e6si", "samf\u00e9lagsr\u00fdni"]}, {"abbreviation": "UM", "topics": ["m\u00e1lfr\u00e6\u00f0i", "or\u00f0afor\u00f0i", "uppruni m\u00e1la", "\u00edslensk m\u00e1lsaga"]}, {"abbreviation": "\u00deH", "topics": ["\u00fej\u00f3\u00f0h\u00e1ttafr\u00e6\u00f0i", "\u00fej\u00f3\u00f0l\u00edfsfr\u00e6\u00f0i", "\u00fej\u00f3\u00f0sagnafr\u00e6\u00f0i og hversdagsmenning"]}, {"abbreviation": "FS", "topics": ["lestur fagurb\u00f3kmennta", "skapandi skrif", "t\u00falkunarm\u00f6guleikar"]}, {"abbreviation": "KS", "topics": ["mi\u00f0aldab\u00f3kmenntir (kv\u00e6\u00f0i og s\u00f6gur)", "\u00e1hrif \u00feeirra \u00e1 n\u00fat\u00edmaverk"]}, {"abbreviation": "TS", "topics": ["m\u00e1lfar", "samf\u00e9lag", "tj\u00e1skipti", "tungum\u00e1l"]}, {"abbreviation": "\u00c1\u00d6", "topics": ["\u00c1stir og \u00f6rl\u00f6g \u00ed b\u00f3kmenntum fyrri alda"]}, {"abbreviation": "LH", "topics": ["Leikh\u00fas", "leiklist og leikb\u00f3kmenntir"]}, {"abbreviation": "DE", "topics": ["Delludagar", "Lestur og ritun"]}, {"abbreviation": "FV", "topics": ["Frumverk", "Lestur og ritun"]}, {"abbreviation": "A\u00de", "topics": ["Af\u00fereyingarb\u00f3kmenntir"]}, {"abbreviation": "B\u00de", "topics": ["\u00dej\u00f3\u00f0ararfurinn og tenging hans vi\u00f0 n\u00fat\u00edmann"]}, {"abbreviation": "OS", "topics": ["Or\u00f0spor"]}, {"abbreviation": "UT", "topics": ["Munnleg tj\u00e1ning"]}, {"abbreviation": "V\u00cd", "topics": ["V\u00edkingar og menning \u00feeirra"]}, {"abbreviation": "LX", "topics": ["Halld\u00f3r Laxness"]}, {"abbreviation": "ON", "topics": ["Beyginar", "frambur\u00f0ur", "setningaskipan og or\u00f0afor\u00f0i n\u00fat\u00edmam\u00e1ls"]}, {"abbreviation": "GE", "topics": ["B\u00f3kmenntagreining", "eddukv\u00e6\u00f0i og ritun.", "go\u00f0afr\u00e6\u00f0i"]}, {"abbreviation": "BA", "topics": ["B\u00f3kmenntir s\u00ed\u00f0ari alda"]}, {"abbreviation": "F\u00c9", "topics": ["F\u00e9lagsleg m\u00e1lv\u00edsindi"]}, {"abbreviation": "\u00cdR", "topics": ["mi\u00f0aldab\u00f3kmenntir", "r\u00f3mant\u00edk og ritun", "\u00cdslendingasaga"]}, {"abbreviation": "RD", "topics": ["Rauns\u00e6i", "b\u00f3kmenntasaga 20. aldar og 21. aldar."]}, {"abbreviation": "LG", "topics": ["Lestur g\u00f3\u00f0ra b\u00f3ka"]}, {"abbreviation": "NS", "topics": ["N\u00fat\u00edmab\u00f3kmenntir", "lestur og skapandi skrif"]}, {"abbreviation": "VH", "topics": ["b\u00f3kmenntir", "l\u00e6si", "velfer\u00f0"]}, {"abbreviation": "VF", "topics": ["l\u00e6si", "velfer\u00f0 og b\u00f3kmenntir"]}, {"abbreviation": "UL", "topics": ["l\u00e6si", "sk\u00f6pun", "uppg\u00f6tvun"]}, {"abbreviation": "MO", "topics": ["Mi\u00f0aldab\u00f3kmenntir"]}, {"abbreviation": "CC", "topics": ["Fornb\u00f3kmenntir."]}, {"abbreviation": "\u00deS", "topics": ["\u00dej\u00f3\u00f0sk\u00e1ld"]}, {"abbreviation": "HE", "topics": ["Heimildaritun"]}, {"abbreviation": "KO", "topics": ["Kvennab\u00f3kmenntir"]}, {"abbreviation": "MU", "topics": ["Munnm\u00e6lasagnir"]}, {"abbreviation": "TJ", "topics": ["Menningartj\u00fatt"]}, {"abbreviation": "U\u00c1", "topics": ["Undirb\u00fanings\u00e1fangi"]}, {"abbreviation": "R\u00d6", "topics": ["Ritun og r\u00f6kf\u00e6rsla"]}, {"abbreviation": "HH", "topics": ["heimildavinna", "m\u00e1lsaga", "m\u00e1lstefna", "ritun"]}, {"abbreviation": "UA", "topics": ["einf\u00f6ld m\u00e1lfr\u00e6\u00f0i", "lestur", "ritun", "stafsetning"]}, {"abbreviation": "UB", "topics": ["lestur", "m\u00e1lfr\u00e6\u00f0i", "ritun", "stafsetning"]}, {"abbreviation": "FN", "topics": ["b\u00f3kmenntir", "forn\u00e1m-l\u00e6si", "ritun"]}, {"abbreviation": "GG", "topics": ["Garpar og go\u00f0sagnir"]}, {"abbreviation": "BP", "topics": ["B\u00f3kmenntaumr\u00e6\u00f0a"]}, {"abbreviation": "UU", "topics": ["", "l\u00e6si b\u00f3kmenntir", "ritun"]}, {"abbreviation": "TT", "topics": ["b\u00f3kmenntir", "l\u00e6si", "ritun"]}, {"abbreviation": "II", "topics": ["lestur", "ritun", "r\u00f6kf\u00e6rsla"]}, {"abbreviation": "KK", "topics": ["eddukv\u00e6\u00f0i", "heimildavinna", "m\u00e1lsaga", "stafsetning og b\u00f3kmenntir"]}], "_id": "50c0a02dd8e40575f7f6f4a2", "subjects": ["\u00edslenska"], "counter": {"1": 62, "3": 107, "2": 70, "4": 2}}, "evaluation": "\u2022\t\u00deekking er metin me\u00f0 lokapr\u00f3fi, stuttum pr\u00f3fum og verkefnum sem eru unnin \u00ed kennslustundum og heima.\n\u2022\tLeikni er metin \u00fat fr\u00e1 notkun heimilda, ritger\u00f0um nemenda, m\u00e1lfari og fr\u00e1gangi.\n\u2022\tH\u00e6fni er metin me\u00f0 verkefnavinnu, \u00fat fr\u00e1 samvinnu nemenda. \u00cd ritun er h\u00fan metin \u00fat fr\u00e1 heimildavinnu og m\u00e1lfari sem for\u00f0ast einh\u00e6fni og endurtekningar. ", "categorization_suggestion": "", "embedded_topics": {"abbreviation": "KK", "topics": ["eddukv\u00e6\u00f0i", "heimildavinna", "m\u00e1lsaga", "stafsetning og b\u00f3kmenntir"]}, "status": "approved by school", "description": "\u00cd \u00e1fanganum er l\u00f6g\u00f0 \u00e1hersla \u00e1 ritun heimildaritger\u00f0a og \u00f6flun og me\u00f0fer\u00f0 heimilda. Nemendur f\u00e1 \u00fej\u00e1lfun \u00ed a\u00f0 vitna \u00ed heimildir og gera heimildaskr\u00e1. Eddukv\u00e6\u00f0i, sk\u00e1ldsaga og fleiri b\u00f3kmenntatextar eru lesnir og unni\u00f0 me\u00f0 \u00fe\u00e1. Auk \u00feess eru lesnir styttri textar \u00fear sem nemendur eiga a\u00f0 taka afst\u00f6\u00f0u til \u00fdmissa m\u00e1lefna. Fari\u00f0 er \u00ed mikilv\u00e6g atri\u00f0i \u00edslenskrar m\u00e1ls\u00f6gu og r\u00e6tt um m\u00e1lstefnu. Nemendur eru \u00fej\u00e1lfa\u00f0ir \u00ed stafsetningu og m\u00e1lnotkun. R\u00e6tt er um grunn\u00fe\u00e6ttina eftir \u00fev\u00ed sem n\u00e1msefni\u00f0 gefur tilefni til.", "knowledge_goals": ["a\u00f0 greina a\u00f0alatri\u00f0i texta", "hvernig nota \u00e1 heimildir \u00ed ritger\u00f0", "heimildaleit og gildi heimilda", "m\u00e1lnotkun og stafsetningu", "s\u00f6gu og st\u00f6\u00f0u \u00edslenskrar tungu", "v\u00f6ldum eddukv\u00e6\u00f0um", "mikilv\u00e6gi \u00feess a\u00f0 hafa fj\u00f6lbreyttan or\u00f0afor\u00f0a"], "skills_goals": ["vinna \u00far heimildum \u00e1 sk\u00fdran og gagnr\u00fdninn h\u00e1tt", "meta heimildir og \u00e1rei\u00f0anleika \u00feeirra", "ganga fr\u00e1 ritsm\u00ed\u00f0um", "n\u00fdta s\u00e9r or\u00f0ab\u00e6kur og a\u00f0rar handb\u00e6kur um m\u00e1lnotkun", "n\u00fdta s\u00e9r gagnas\u00f6fn", "skilja hugmyndaheim eddukv\u00e6\u00f0a", "nota stafsetningarreglur og \u00fdmis hj\u00e1lparg\u00f6gn"], "credits": 5, "last_modified": 1432250199.670682, "schools": ["51234a818caa45ed97015b35"], "coauthors": null, "instructions": "", "continued_education": false, "level": 2, "prerequisites": "5 einingar \u00e1 2. \u00ferepi", "author": "41be24d4-5ecf-4d99-9661-f49f574e3dcc", "abbreviation_version": null, "competence_goals": [["meta heimildir og vinna \u00far \u00feeim", ""], ["skrifa heimildaritger\u00f0 samkv\u00e6mt reglum", ""], ["n\u00fdta s\u00e9r uppl\u00fdsingar \u00ed handb\u00f3kum og gagnas\u00f6fnum", ""], ["t\u00falka og skilja \u00f3l\u00edka b\u00f3kmenntatexta", ""], ["styrkja eigin m\u00e1lf\u00e6rni", ""], ["fjalla um \u00fer\u00f3un og st\u00f6\u00f0u \u00edslenskrar tungu", ""]], "_id": "555e675762933a5b200001ff"}, {"exemplary": null, "topics": "\u00cdslenskar b\u00f3kmenntir og b\u00f3kmenntasaga til 19. aldar og ritun", "abbreviation": "\u00cdSLE3NN05(FB)", "former_schools": null, "subject": "\u00edslenska", "title": "\u00edslenska IV - \u00cdslenskar b\u00f3kmenntir og b\u00f3kmenntasaga til 19. aldar", "version": 108, "status_trans": "Sam\u00feykkt af sk\u00f3la", "embedded_subject": {"abbreviation": "\u00cdSLE", "topics": [{"abbreviation": "VR", "topics": ["ritun", "vi\u00f0skiptaskj\u00f6l"]}, {"abbreviation": "TM", "topics": ["m\u00e1lskilningur", "tj\u00e1ning"]}, {"abbreviation": "MS", "topics": ["m\u00e1lskilningur", "s\u00e9rdeild"]}, {"abbreviation": "RT", "topics": ["ritun og tj\u00e1ning"]}, {"abbreviation": "LL", "topics": ["leshra\u00f0i", "lesskilningur"]}, {"abbreviation": "MM", "topics": ["m\u00e1lfr\u00e6\u00f0i", "m\u00e1ltilfinning"]}, {"abbreviation": "RG", "topics": ["greinamerkjasetning", "r\u00e9ttritun"]}, {"abbreviation": "SF", "topics": ["fr\u00f3\u00f0leiks\u00f6flun", "samskipti"]}, {"abbreviation": "BK", "topics": ["b\u00f3kmenntir", "kj\u00f6rb\u00f3k"]}, {"abbreviation": "RB", "topics": ["b\u00f3kmenntir", "ritun"]}, {"abbreviation": "BM", "topics": ["b\u00f3kmenntir", "m\u00e1lsaga", "ritun", "tj\u00e1ning"]}, {"abbreviation": "NB", "topics": ["n\u00fat\u00edmab\u00f3kmenntir"]}, {"abbreviation": "BF", "topics": ["b\u00f3kmenntir fyrri alda"]}, {"abbreviation": "SB", "topics": ["menning", "samt\u00edmab\u00f3kmenntir"]}, {"abbreviation": "BB", "topics": ["barnab\u00f3kmenntir"]}, {"abbreviation": "HR", "topics": ["hra\u00f0lestur"]}, {"abbreviation": "YN", "topics": ["yndislestur"]}, {"abbreviation": "ML", "topics": ["leskilningur", "m\u00e1lnotkun", "m\u00e1ltaka", "ritun og tj\u00e1ning"]}, {"abbreviation": "MB", "topics": ["b\u00f3kmenntir og ritun", "m\u00e1lnotkun"]}, {"abbreviation": "MN", "topics": ["b\u00f3kmenntir", "m\u00e1lsaga og nafnasi\u00f0ir"]}, {"abbreviation": "YH", "topics": ["hra\u00f0lestur", "yndislestur"]}, {"abbreviation": "BS", "topics": ["b\u00f3kmenntir s\u00ed\u00f0ari alda"]}, {"abbreviation": "FH", "topics": ["f\u00e9lagsleg m\u00e1lv\u00edsindi", "hlj\u00f3\u00f0fr\u00e6\u00f0i og hlj\u00f3\u00f0kerfisfr\u00e6\u00f0i", "\u00fe\u00fd\u00f0ingar"]}, {"abbreviation": "TB", "topics": ["tj\u00e1skipti barna og fullor\u00f0inna"]}, {"abbreviation": "GL", "topics": ["gl\u00e6pas\u00f6gur"]}, {"abbreviation": "RM", "topics": ["m\u00e1lfr\u00e6\u00f0i", "ritun", "stafsetning"]}, {"abbreviation": "BT", "topics": ["bragfr\u00e6\u00f0i", "setningafr\u00e6\u00f0i", "textar fr\u00e1 \u00fdmsum l\u00f6ndum"]}, {"abbreviation": "MT", "topics": ["m\u00e1lfr\u00e6\u00f0i", "ritun og tj\u00e1ning"]}, {"abbreviation": "BR", "topics": ["b\u00f3kmenntir", "m\u00e1lnotkun", "ritun"]}, {"abbreviation": "MG", "topics": ["b\u00f3kmenntir og ritun", "go\u00f0afr\u00e6\u00f0i", "m\u00e1lsaga"]}, {"abbreviation": "EU", "topics": ["eddukv\u00e6\u00f0i", "uppl\u00fdsing"]}, {"abbreviation": "UK", "topics": ["kreppa", "uppl\u00fdsing"]}, {"abbreviation": "KA", "topics": ["aldam\u00f3t", "kreppa"]}, {"abbreviation": "RN", "topics": ["n\u00fat\u00edmab\u00f3kmenntir", "ritger\u00f0arsm\u00ed\u00f0"]}, {"abbreviation": "KU", "topics": ["kynningarefni", "ums\u00f3knir"]}, {"abbreviation": "RI", "topics": ["ritger\u00f0arsm\u00ed\u00f0", "textar fr\u00e1 \u00fdmsum l\u00f6ndum"]}, {"abbreviation": "BG", "topics": ["b\u00f3kmenntir", "go\u00f0afr\u00e6\u00f0i", "m\u00e1lsaga"]}, {"abbreviation": "FM", "topics": ["fornb\u00f3kmenntir", "m\u00e1lfr\u00e6\u00f0i"]}, {"abbreviation": "BN", "topics": ["b\u00f3kmenntir", "n\u00fat\u00edmi"]}, {"abbreviation": "FO", "topics": ["fornb\u00f3kmenntir"]}, {"abbreviation": "UN", "topics": ["undirb\u00fanings\u00e1fangi \u00ed \u00edslensku"]}, {"abbreviation": "MR", "topics": ["b\u00f3kmenntir", "m\u00e1lnotkun og ritun"]}, {"abbreviation": "ED", "topics": ["eddukv\u00e6\u00f0i og \u00edslendingas\u00f6gur"]}, {"abbreviation": "NJ", "topics": ["fr\u00e1 nj\u00e1lu til n\u00fdr\u00f3mant\u00edkur"]}, {"abbreviation": "\u00d6L", "topics": ["b\u00f3kmenntir \u00e1 20. \u00f6ld"]}, {"abbreviation": "ME", "topics": ["b\u00f3kmenntir"]}, {"abbreviation": "RL", "topics": ["lestur", "ritun og tj\u00e1ning"]}, {"abbreviation": "MI", "topics": ["m\u00e1l og b\u00f3kmenntir fr\u00e1 si\u00f0askiptum til aldam\u00f3tanna 1900"]}, {"abbreviation": "GM", "topics": ["go\u00f0afr\u00e6\u00f0i", "m\u00e1lsaga"]}, {"abbreviation": "GR", "topics": ["grunnur"]}, {"abbreviation": "LR", "topics": ["lestur og ritun"]}, {"abbreviation": "ST", "topics": ["stafsetning"]}, {"abbreviation": "\u00cdS", "topics": ["\u00edslenska"]}, {"abbreviation": "LT", "topics": ["lestur", "m\u00e1lfr\u00e6\u00f0i", "ritun", "stafsetning", "tj\u00e1ning"]}, {"abbreviation": "SR", "topics": ["lestur og tj\u00e1ning", "m\u00e1lfr\u00e6\u00f0i", "ritun", "stafsetning"]}, {"abbreviation": "GO", "topics": ["go\u00f0afr\u00e6\u00f0i", "m\u00e1lnotkun og ritun", "m\u00e1lsaga"]}, {"abbreviation": "NH", "topics": ["b\u00f3kmenntasaga 1900 til samt\u00edmans", "hugtakabeiting", "n\u00fat\u00edmab\u00f3kmenntir"]}, {"abbreviation": "RR", "topics": ["ritger\u00f0asm\u00ed\u00f0", "ritun"]}, {"abbreviation": "LF", "topics": ["b\u00f3kmenntasaga 1550-1900", "l\u00e6rd\u00f3ms\u00f6ld", "rauns\u00e6i"]}, {"abbreviation": "VE", "topics": ["verkefni vali\u00f0 og almenn b\u00f3kmenntafr\u00e6\u00f0i kynnt"]}, {"abbreviation": "MV", "topics": ["m\u00e1lv\u00edsindi"]}, {"abbreviation": "YF", "topics": ["Yndislestur framhald"]}, {"abbreviation": "MH", "topics": ["M\u00e1lsaga og go\u00f0afr\u00e6\u00f0i hra\u00f0fer\u00f0"]}, {"abbreviation": "FF", "topics": ["Fornb\u00f3kmenntir hra\u00f0fer\u00f0"]}, {"abbreviation": "YM", "topics": ["Yndislestur 2"]}, {"abbreviation": "FJ", "topics": ["fj\u00f6lmi\u00f0lal\u00e6si"]}, {"abbreviation": "RV", "topics": ["ritger\u00f0arvinna"]}, {"abbreviation": "LS", "topics": ["- sk\u00e1ldsaga \u00far n\u00fat\u00edma", "lestur og lesskilningur"]}, {"abbreviation": "L\u00cd", "topics": ["lestur og lesskilningur - \u00edslendingas\u00f6gur"]}, {"abbreviation": "LE", "topics": ["lestur og lesskilningur - sk\u00e1lds\u00f6gur 20. aldar"]}, {"abbreviation": "H\u00cd", "topics": ["Hagn\u00fdt \u00edslenska"]}, {"abbreviation": "\u00cdM", "topics": ["\u00edslensk m\u00e1lsaga"]}, {"abbreviation": "KV", "topics": ["b\u00f3kmenntir og kvikmyndir"]}, {"abbreviation": "NG", "topics": ["Norr\u00e6n go\u00f0afr\u00e6\u00f0i"]}, {"abbreviation": "LJ", "topics": ["Lj\u00f3\u00f0"]}, {"abbreviation": "AA", "topics": ["Lestur og ritun"]}, {"abbreviation": "\u00cdC", "topics": ["\u00cdslenska \u00e1 starfsbraut"]}, {"abbreviation": "\u00cdA", "topics": ["\u00cdslenska 1 \u00e1 starfsbraut"]}, {"abbreviation": "\u00cdB", "topics": ["\u00cdslenska 2 \u00e1 starfsbraut"]}, {"abbreviation": "N\u00dd", "topics": ["N\u00fdsk\u00f6pun"]}, {"abbreviation": "AB", "topics": ["B\u00f3kmenntir", "m\u00e1lfr\u00e6\u00f0i og ritun"]}, {"abbreviation": "HI", "topics": ["M\u00e1lnotkun og ritun"]}, {"abbreviation": "TR", "topics": ["M\u00e1lnotun og ritun"]}, {"abbreviation": "TL", "topics": ["L\u00e6si", "ritun", "tj\u00e1ning"]}, {"abbreviation": "OH", "topics": ["hlustun", "or\u00f0afor\u00f0i", "talm\u00e1l og ritun"]}, {"abbreviation": "ES", "topics": ["Eddukv\u00e6\u00f0i til si\u00f0askipta"]}, {"abbreviation": "NA", "topics": ["N\u00fdr\u00f3mant\u00edk til aldam\u00f3ta"]}, {"abbreviation": "SN", "topics": ["Si\u00f0askipti til n\u00fdr\u00f3mant\u00edkur"]}, {"abbreviation": "YL", "topics": ["Yndislestur"]}, {"abbreviation": "SS", "topics": ["Stafsetning"]}, {"abbreviation": "BU", "topics": ["Barna- og unglingab\u00f3kmenntir"]}, {"abbreviation": "SK", "topics": ["sk\u00e1lds\u00f6gur"]}, {"abbreviation": "B\u00d3", "topics": ["B\u00f3kmenntir og tungum\u00e1l fr\u00e1 landn\u00e1mi til si\u00f0askipta"]}, {"abbreviation": "M\u00c1", "topics": ["M\u00e1l- og menningarsaga"]}, {"abbreviation": "NF", "topics": ["N\u00fdsk\u00f6punarferli\u00f0: \u00fe\u00f6rf", "afur\u00f0", "lausn"]}, {"abbreviation": "A\u00cd", "topics": ["Almenn \u00edslenska \u00e1 1 \u00ferepi"]}, {"abbreviation": "AM", "topics": ["almenn m\u00e1lnotkun", "b\u00f3kmenntir", "ritun"]}, {"abbreviation": "RS", "topics": ["Skapandi skrif"]}, {"abbreviation": "SP", "topics": ["Spennus\u00f6gur"]}, {"abbreviation": "\u00cdD", "topics": ["\u00cdslenska \u00e1 starfsbraut 4"]}, {"abbreviation": "\u00cdE", "topics": ["\u00cdslenska 5 \u00e1 starfsbraut"]}, {"abbreviation": "SM", "topics": ["Sk\u00e1lds\u00f6gur"]}, {"abbreviation": "M\u00de", "topics": ["\u00cdSLE"]}, {"abbreviation": "SA", "topics": ["Sk\u00f6pun \u00ed v\u00ed\u00f0u samhengi"]}, {"abbreviation": "SJ", "topics": ["L\u00e6si", "b\u00f3kmenntir", "hugtakaskilningur", "m\u00e1lfr\u00e6\u00f0i", "sj\u00e1lfb\u00e6rni og ritun"]}, {"abbreviation": "LM", "topics": ["L\u00e6si", "l\u00fd\u00f0r\u00e6\u00f0i", "mannr\u00e9ttindi og b\u00f3kmenntir"]}, {"abbreviation": "JR", "topics": ["L\u00e6si", "b\u00f3kmenntir og ritun", "jafnr\u00e9tti"]}, {"abbreviation": "HV", "topics": ["L\u00e6si", "heilbrig\u00f0i", "velfer\u00f0 og b\u00f3kmenntir"]}, {"abbreviation": "DB", "topics": ["Sk\u00f3labla\u00f0"]}, {"abbreviation": "\u00c6F", "topics": ["Go\u00f0s\u00f6gur", "fantas\u00edur", "\u00e6vint\u00fdri"]}, {"abbreviation": "VM", "topics": ["Verkefna\u00e1fangi \u00ed m\u00e1lv\u00edsindum"]}, {"abbreviation": "VB", "topics": ["Verkefna\u00e1fangi \u00ed b\u00f3kmenntum"]}, {"abbreviation": "SW", "topics": ["Stafsetning og ritun"]}, {"abbreviation": "MF", "topics": ["M\u00e1lfr\u00e6\u00f0i"]}, {"abbreviation": "SG", "topics": ["B\u00f3kmenntir", "setningafr\u00e6\u00f0i og go\u00f0afr\u00e6\u00f0i"]}, {"abbreviation": "OF", "topics": ["frambur\u00f0ur", "lestrarf\u00e6rni", "or\u00f0afor\u00f0i"]}, {"abbreviation": "CA", "topics": ["B\u00f3kmenntir fram til 1550"]}, {"abbreviation": "BH", "topics": ["Go\u00f0afr\u00e6\u00f0i", "m\u00e1lsaga og ritger\u00f0asm\u00ed\u00f0"]}, {"abbreviation": "DD", "topics": ["B\u00f3kmenntir og b\u00f3kmenntasaga", "einkum 1550-1900."]}, {"abbreviation": "CH", "topics": ["\u00cdslenska 3. Hra\u00f0fer\u00f0"]}, {"abbreviation": "EE", "topics": ["B\u00f3kmenntir og b\u00f3kmenntasaga eftir 1900."]}, {"abbreviation": "HL", "topics": ["M\u00e1lsaga og hlj\u00f3\u00f0fr\u00e6\u00f0i"]}, {"abbreviation": "CB", "topics": ["heimsb\u00f3kmenntir"]}, {"abbreviation": "AL", "topics": ["Almenn m\u00e1lnotkun og l\u00e6si"]}, {"abbreviation": "GF", "topics": ["Go\u00f0afr\u00e6\u00f0i og fornb\u00f3kmenntir"]}, {"abbreviation": "TE", "topics": ["Ritun og textagreining"]}, {"abbreviation": "MA", "topics": ["Menningararfur \u00ed n\u00fat\u00edmanum"]}, {"abbreviation": "S\u00c1", "topics": ["Skrefa\u00f0", "skrifa\u00f0 og skrafa\u00f0 um n\u00e6rsamf\u00e9lagi\u00f0/\u00e1tthagana."]}, {"abbreviation": "NM", "topics": ["fr\u00e1 n\u00fdr\u00f3mant\u00edk til m\u00f3dernisma"]}, {"abbreviation": "HM", "topics": ["Heimildir og m\u00e1lnotkun"]}, {"abbreviation": "M\u00c6", "topics": ["Menningarl\u00e6si"]}, {"abbreviation": "CK", "topics": ["\u00edslenskar kvikmyndir"]}, {"abbreviation": "CL", "topics": ["Leikh\u00fas og leikb\u00f3kmenntir"]}, {"abbreviation": "DL", "topics": ["Leikh\u00fas og leikb\u00f3kmenntir."]}, {"abbreviation": "CN", "topics": ["\u00derj\u00fa verk Halld\u00f3rs Laxness."]}, {"abbreviation": "HB", "topics": ["B\u00f3kmenntir", "heimildaritger\u00f0", "m\u00e1lsaga"]}, {"abbreviation": "CU", "topics": ["Barnab\u00f3kmenntir."]}, {"abbreviation": "CP", "topics": ["Textager\u00f0 og ritstj\u00f3rn"]}, {"abbreviation": "CY", "topics": ["Yndislestur I"]}, {"abbreviation": "DY", "topics": ["Yndislestur II"]}, {"abbreviation": "RH", "topics": ["\u00darvinnsla heimilda og ritun"]}, {"abbreviation": "B\u00cd", "topics": ["B\u00f3kmenntasaga", "\u00cdslendingasaga og forn kve\u00f0skapur"]}, {"abbreviation": "BL", "topics": ["B\u00f3kmenntasaga", "leikritalestur", "lj\u00f3\u00f0alestur", "n\u00fat\u00edmab\u00f3kmenntir"]}, {"abbreviation": "RF", "topics": ["Ritger\u00f0arskrif", "go\u00f0afr\u00e6\u00f0i og m\u00e1lsaga"]}, {"abbreviation": "KM", "topics": ["b\u00f3kmenntir", "kv\u00e6\u00f0i", "lj\u00f3\u00f0", "m\u00e1lnotkun", "ritun"]}, {"abbreviation": "SL", "topics": ["Ritlist"]}, {"abbreviation": "RO", "topics": ["lestur", "m\u00e1lnotkun", "or\u00f0afor\u00f0i", "ritun"]}, {"abbreviation": "LB", "topics": ["b\u00f3kmenntir", "l\u00e6si", "ritun", "stafsetning"]}, {"abbreviation": "FL", "topics": ["frams\u00f6gn", "lestur", "margv\u00edsleg ritun", "or\u00f0afor\u00f0i"]}, {"abbreviation": "HS", "topics": ["heimildavinna", "m\u00e1lnotkun", "ritun", "setningafr\u00e6\u00f0i"]}, {"abbreviation": "KB", "topics": ["b\u00f3kmenntasaga", "heimildavinna", "kynningar", "valdir b\u00f3kmenntatextar"]}, {"abbreviation": "VT", "topics": ["b\u00f3kmenntasaga", "stefnur \u00ed listum og menningu", "valdir b\u00f3kmenntatextar"]}, {"abbreviation": "KF", "topics": ["fr\u00e6\u00f0ileg umfj\u00f6llun", "kvikmyndafr\u00e6\u00f0i", "kvikmyndal\u00e6si", "samf\u00e9lagsr\u00fdni"]}, {"abbreviation": "UM", "topics": ["m\u00e1lfr\u00e6\u00f0i", "or\u00f0afor\u00f0i", "uppruni m\u00e1la", "\u00edslensk m\u00e1lsaga"]}, {"abbreviation": "\u00deH", "topics": ["\u00fej\u00f3\u00f0h\u00e1ttafr\u00e6\u00f0i", "\u00fej\u00f3\u00f0l\u00edfsfr\u00e6\u00f0i", "\u00fej\u00f3\u00f0sagnafr\u00e6\u00f0i og hversdagsmenning"]}, {"abbreviation": "FS", "topics": ["lestur fagurb\u00f3kmennta", "skapandi skrif", "t\u00falkunarm\u00f6guleikar"]}, {"abbreviation": "KS", "topics": ["mi\u00f0aldab\u00f3kmenntir (kv\u00e6\u00f0i og s\u00f6gur)", "\u00e1hrif \u00feeirra \u00e1 n\u00fat\u00edmaverk"]}, {"abbreviation": "TS", "topics": ["m\u00e1lfar", "samf\u00e9lag", "tj\u00e1skipti", "tungum\u00e1l"]}, {"abbreviation": "\u00c1\u00d6", "topics": ["\u00c1stir og \u00f6rl\u00f6g \u00ed b\u00f3kmenntum fyrri alda"]}, {"abbreviation": "LH", "topics": ["Leikh\u00fas", "leiklist og leikb\u00f3kmenntir"]}, {"abbreviation": "DE", "topics": ["Delludagar", "Lestur og ritun"]}, {"abbreviation": "FV", "topics": ["Frumverk", "Lestur og ritun"]}, {"abbreviation": "A\u00de", "topics": ["Af\u00fereyingarb\u00f3kmenntir"]}, {"abbreviation": "B\u00de", "topics": ["\u00dej\u00f3\u00f0ararfurinn og tenging hans vi\u00f0 n\u00fat\u00edmann"]}, {"abbreviation": "OS", "topics": ["Or\u00f0spor"]}, {"abbreviation": "UT", "topics": ["Munnleg tj\u00e1ning"]}, {"abbreviation": "V\u00cd", "topics": ["V\u00edkingar og menning \u00feeirra"]}, {"abbreviation": "LX", "topics": ["Halld\u00f3r Laxness"]}, {"abbreviation": "ON", "topics": ["Beyginar", "frambur\u00f0ur", "setningaskipan og or\u00f0afor\u00f0i n\u00fat\u00edmam\u00e1ls"]}, {"abbreviation": "GE", "topics": ["B\u00f3kmenntagreining", "eddukv\u00e6\u00f0i og ritun.", "go\u00f0afr\u00e6\u00f0i"]}, {"abbreviation": "BA", "topics": ["B\u00f3kmenntir s\u00ed\u00f0ari alda"]}, {"abbreviation": "F\u00c9", "topics": ["F\u00e9lagsleg m\u00e1lv\u00edsindi"]}, {"abbreviation": "\u00cdR", "topics": ["mi\u00f0aldab\u00f3kmenntir", "r\u00f3mant\u00edk og ritun", "\u00cdslendingasaga"]}, {"abbreviation": "RD", "topics": ["Rauns\u00e6i", "b\u00f3kmenntasaga 20. aldar og 21. aldar."]}, {"abbreviation": "LG", "topics": ["Lestur g\u00f3\u00f0ra b\u00f3ka"]}, {"abbreviation": "NS", "topics": ["N\u00fat\u00edmab\u00f3kmenntir", "lestur og skapandi skrif"]}, {"abbreviation": "VH", "topics": ["b\u00f3kmenntir", "l\u00e6si", "velfer\u00f0"]}, {"abbreviation": "VF", "topics": ["l\u00e6si", "velfer\u00f0 og b\u00f3kmenntir"]}, {"abbreviation": "UL", "topics": ["l\u00e6si", "sk\u00f6pun", "uppg\u00f6tvun"]}, {"abbreviation": "MO", "topics": ["Mi\u00f0aldab\u00f3kmenntir"]}, {"abbreviation": "CC", "topics": ["Fornb\u00f3kmenntir."]}, {"abbreviation": "\u00deS", "topics": ["\u00dej\u00f3\u00f0sk\u00e1ld"]}, {"abbreviation": "HE", "topics": ["Heimildaritun"]}, {"abbreviation": "KO", "topics": ["Kvennab\u00f3kmenntir"]}, {"abbreviation": "MU", "topics": ["Munnm\u00e6lasagnir"]}, {"abbreviation": "TJ", "topics": ["Menningartj\u00fatt"]}, {"abbreviation": "U\u00c1", "topics": ["Undirb\u00fanings\u00e1fangi"]}, {"abbreviation": "R\u00d6", "topics": ["Ritun og r\u00f6kf\u00e6rsla"]}, {"abbreviation": "HH", "topics": ["heimildavinna", "m\u00e1lsaga", "m\u00e1lstefna", "ritun"]}, {"abbreviation": "UA", "topics": ["einf\u00f6ld m\u00e1lfr\u00e6\u00f0i", "lestur", "ritun", "stafsetning"]}, {"abbreviation": "UB", "topics": ["lestur", "m\u00e1lfr\u00e6\u00f0i", "ritun", "stafsetning"]}, {"abbreviation": "FN", "topics": ["b\u00f3kmenntir", "forn\u00e1m-l\u00e6si", "ritun"]}, {"abbreviation": "GG", "topics": ["Garpar og go\u00f0sagnir"]}, {"abbreviation": "BP", "topics": ["B\u00f3kmenntaumr\u00e6\u00f0a"]}, {"abbreviation": "UU", "topics": ["", "l\u00e6si b\u00f3kmenntir", "ritun"]}, {"abbreviation": "TT", "topics": ["b\u00f3kmenntir", "l\u00e6si", "ritun"]}, {"abbreviation": "II", "topics": ["lestur", "ritun", "r\u00f6kf\u00e6rsla"]}, {"abbreviation": "KK", "topics": ["eddukv\u00e6\u00f0i", "heimildavinna", "m\u00e1lsaga", "stafsetning og b\u00f3kmenntir"]}, {"abbreviation": "NN", "topics": ["\u00cdslenskar b\u00f3kmenntir og b\u00f3kmenntasaga til 19. aldar og ritun"]}, {"abbreviation": "VV", "topics": ["b\u00f3kmenntir og b\u00f3kmenntasaga 19. -21. aldar", "ritun"]}], "_id": "50c0a02dd8e40575f7f6f4a2", "subjects": ["\u00edslenska"], "counter": {"1": 62, "3": 107, "2": 70, "4": 2}}, "evaluation": "\u2022\t\u00deekking er metin me\u00f0 lokapr\u00f3fi, stuttum pr\u00f3fum og verkefnum sem b\u00e6\u00f0i eru unnin \u00ed kennslustundum og heima.\n\u2022\tLeikni er metin \u00fat fr\u00e1 vinnubr\u00f6g\u00f0um vi\u00f0 notkun heimilda, samningu eigin texta, m\u00e1lfari, tj\u00e1ningu og fr\u00e1gangi.\n\u2022\tH\u00e6fni er metin \u00fat fr\u00e1 verkefnavinnu, samvinnu og sko\u00f0anaskiptum nemenda. \u00cd ritun er h\u00fan metin \u00fat fr\u00e1 t\u00falkun, heimildavinnu, r\u00f6kstu\u00f0ningi og m\u00e1lfari.", "categorization_suggestion": "FB", "embedded_topics": {"abbreviation": "NN", "topics": ["\u00cdslenskar b\u00f3kmenntir og b\u00f3kmenntasaga til 19. aldar og ritun"]}, "status": "approved by school", "description": "Vi\u00f0fangsefni \u00e1fangans er b\u00f3kmenntir og b\u00f3kmenntasaga fr\u00e1 mi\u00f0\u00f6ldum til n\u00edtj\u00e1ndu aldar og jafnframt er fari\u00f0 \u00ed b\u00f3kmenntahugt\u00f6k og bragfr\u00e6\u00f0i. Fjalla\u00f0 er um \u00edslenskar mi\u00f0aldab\u00f3kmenntir, l\u00e6rd\u00f3ms- og uppl\u00fdsingar\u00f6ld. \u00cdslendingasaga og \u00fdmsir textar fr\u00e1 t\u00edmabilinu eru lesnir. Haldi\u00f0 er \u00e1fram a\u00f0 \u00fej\u00e1lfa nemendur \u00ed ritun og heimildavinnu. Fj\u00f6lbreytt mi\u00f0lunarform eru notu\u00f0 \u00ed verkefnavinnu. N\u00e1msefni \u00e1fangans gefur t\u00e6kif\u00e6ri til a\u00f0 fjalla um grunn\u00fe\u00e6ttina, svo sem jafnr\u00e9tti og mannr\u00e9ttindi. ", "knowledge_goals": ["or\u00f0afor\u00f0a til a\u00f0 skilja \u00fe\u00e1 texta sem lesnir eru", "\u00feeim hugmyndaheimi sem birtist \u00ed b\u00f3kmenntum t\u00edmabilsins", "stefnum og straumum \u00ed b\u00f3kmenntum fram \u00e1 19. \u00f6ld", "helstu b\u00f3kmenntahugt\u00f6kum og bragfr\u00e6\u00f0ireglum", "a\u00f0st\u00e6\u00f0um og sko\u00f0unum f\u00f3lks \u00e1 fyrri t\u00edmum", "\u00fdmiss konar ritun, verkefnavinnu og heimildanotkun"], "skills_goals": ["lesa, skilja og t\u00falka b\u00f3kmenntatexta t\u00edmabilsins", "beita b\u00f3kmenntafr\u00e6\u00f0i- og bragfr\u00e6\u00f0ihugt\u00f6kum", "nota fj\u00f6lbreytt mi\u00f0lunarform \u00ed verkefnavinnu, t.d. skrifa ritger\u00f0ir og bla\u00f0agreinar, \u00fatb\u00faa \u00fatvarps- e\u00f0a sj\u00f3nvarpsefni og undirb\u00faa og flytja fyrirlestur fyrir a\u00f0ra nemendur", "beita gagnr\u00fdninni hugsun og greina mismunandi sj\u00f3narmi\u00f0"], "credits": 5, "last_modified": 1432250880.959079, "schools": ["51234a818caa45ed97015b35"], "coauthors": null, "instructions": "", "continued_education": false, "level": 3, "prerequisites": "10 einingar \u00e1 2. \u00ferepi", "author": "41be24d4-5ecf-4d99-9661-f49f574e3dcc", "abbreviation_version": null, "competence_goals": [["lesa, t\u00falka og greina margv\u00edslega texta fyrri alda", ""], ["leggja mat \u00e1 og efla eigin m\u00e1lf\u00e6rni", ""], ["setja sig \u00ed spor f\u00f3lks \u00e1 fyrri \u00f6ldum og skilja a\u00f0st\u00e6\u00f0ur \u00feess", ""], ["semja ritger\u00f0ir", ""], ["r\u00f6ksty\u00f0ja m\u00e1l sitt \u00ed r\u00e6\u00f0u og riti", ""], ["beita gagnr\u00fdninni hugsun og greina \u00f3l\u00edk sj\u00f3narmi\u00f0", ""]], "_id": "555e6a0062933a5b20000204"}, {"exemplary": null, "topics": "b\u00f3kmenntir og b\u00f3kmenntasaga 19. -21. aldar, ritun", "abbreviation": "\u00cdSLE3VV05", "former_schools": null, "subject": "\u00edslenska", "title": "\u00cdslenska V - B\u00f3kmenntir s\u00ed\u00f0ari alda", "version": 109, "status_trans": "Sam\u00feykkt af sk\u00f3la", "embedded_subject": {"abbreviation": "\u00cdSLE", "topics": [{"abbreviation": "VR", "topics": ["ritun", "vi\u00f0skiptaskj\u00f6l"]}, {"abbreviation": "TM", "topics": ["m\u00e1lskilningur", "tj\u00e1ning"]}, {"abbreviation": "MS", "topics": ["m\u00e1lskilningur", "s\u00e9rdeild"]}, {"abbreviation": "RT", "topics": ["ritun og tj\u00e1ning"]}, {"abbreviation": "LL", "topics": ["leshra\u00f0i", "lesskilningur"]}, {"abbreviation": "MM", "topics": ["m\u00e1lfr\u00e6\u00f0i", "m\u00e1ltilfinning"]}, {"abbreviation": "RG", "topics": ["greinamerkjasetning", "r\u00e9ttritun"]}, {"abbreviation": "SF", "topics": ["fr\u00f3\u00f0leiks\u00f6flun", "samskipti"]}, {"abbreviation": "BK", "topics": ["b\u00f3kmenntir", "kj\u00f6rb\u00f3k"]}, {"abbreviation": "RB", "topics": ["b\u00f3kmenntir", "ritun"]}, {"abbreviation": "BM", "topics": ["b\u00f3kmenntir", "m\u00e1lsaga", "ritun", "tj\u00e1ning"]}, {"abbreviation": "NB", "topics": ["n\u00fat\u00edmab\u00f3kmenntir"]}, {"abbreviation": "BF", "topics": ["b\u00f3kmenntir fyrri alda"]}, {"abbreviation": "SB", "topics": ["menning", "samt\u00edmab\u00f3kmenntir"]}, {"abbreviation": "BB", "topics": ["barnab\u00f3kmenntir"]}, {"abbreviation": "HR", "topics": ["hra\u00f0lestur"]}, {"abbreviation": "YN", "topics": ["yndislestur"]}, {"abbreviation": "ML", "topics": ["leskilningur", "m\u00e1lnotkun", "m\u00e1ltaka", "ritun og tj\u00e1ning"]}, {"abbreviation": "MB", "topics": ["b\u00f3kmenntir og ritun", "m\u00e1lnotkun"]}, {"abbreviation": "MN", "topics": ["b\u00f3kmenntir", "m\u00e1lsaga og nafnasi\u00f0ir"]}, {"abbreviation": "YH", "topics": ["hra\u00f0lestur", "yndislestur"]}, {"abbreviation": "BS", "topics": ["b\u00f3kmenntir s\u00ed\u00f0ari alda"]}, {"abbreviation": "FH", "topics": ["f\u00e9lagsleg m\u00e1lv\u00edsindi", "hlj\u00f3\u00f0fr\u00e6\u00f0i og hlj\u00f3\u00f0kerfisfr\u00e6\u00f0i", "\u00fe\u00fd\u00f0ingar"]}, {"abbreviation": "TB", "topics": ["tj\u00e1skipti barna og fullor\u00f0inna"]}, {"abbreviation": "GL", "topics": ["gl\u00e6pas\u00f6gur"]}, {"abbreviation": "RM", "topics": ["m\u00e1lfr\u00e6\u00f0i", "ritun", "stafsetning"]}, {"abbreviation": "BT", "topics": ["bragfr\u00e6\u00f0i", "setningafr\u00e6\u00f0i", "textar fr\u00e1 \u00fdmsum l\u00f6ndum"]}, {"abbreviation": "MT", "topics": ["m\u00e1lfr\u00e6\u00f0i", "ritun og tj\u00e1ning"]}, {"abbreviation": "BR", "topics": ["b\u00f3kmenntir", "m\u00e1lnotkun", "ritun"]}, {"abbreviation": "MG", "topics": ["b\u00f3kmenntir og ritun", "go\u00f0afr\u00e6\u00f0i", "m\u00e1lsaga"]}, {"abbreviation": "EU", "topics": ["eddukv\u00e6\u00f0i", "uppl\u00fdsing"]}, {"abbreviation": "UK", "topics": ["kreppa", "uppl\u00fdsing"]}, {"abbreviation": "KA", "topics": ["aldam\u00f3t", "kreppa"]}, {"abbreviation": "RN", "topics": ["n\u00fat\u00edmab\u00f3kmenntir", "ritger\u00f0arsm\u00ed\u00f0"]}, {"abbreviation": "KU", "topics": ["kynningarefni", "ums\u00f3knir"]}, {"abbreviation": "RI", "topics": ["ritger\u00f0arsm\u00ed\u00f0", "textar fr\u00e1 \u00fdmsum l\u00f6ndum"]}, {"abbreviation": "BG", "topics": ["b\u00f3kmenntir", "go\u00f0afr\u00e6\u00f0i", "m\u00e1lsaga"]}, {"abbreviation": "FM", "topics": ["fornb\u00f3kmenntir", "m\u00e1lfr\u00e6\u00f0i"]}, {"abbreviation": "BN", "topics": ["b\u00f3kmenntir", "n\u00fat\u00edmi"]}, {"abbreviation": "FO", "topics": ["fornb\u00f3kmenntir"]}, {"abbreviation": "UN", "topics": ["undirb\u00fanings\u00e1fangi \u00ed \u00edslensku"]}, {"abbreviation": "MR", "topics": ["b\u00f3kmenntir", "m\u00e1lnotkun og ritun"]}, {"abbreviation": "ED", "topics": ["eddukv\u00e6\u00f0i og \u00edslendingas\u00f6gur"]}, {"abbreviation": "NJ", "topics": ["fr\u00e1 nj\u00e1lu til n\u00fdr\u00f3mant\u00edkur"]}, {"abbreviation": "\u00d6L", "topics": ["b\u00f3kmenntir \u00e1 20. \u00f6ld"]}, {"abbreviation": "ME", "topics": ["b\u00f3kmenntir"]}, {"abbreviation": "RL", "topics": ["lestur", "ritun og tj\u00e1ning"]}, {"abbreviation": "MI", "topics": ["m\u00e1l og b\u00f3kmenntir fr\u00e1 si\u00f0askiptum til aldam\u00f3tanna 1900"]}, {"abbreviation": "GM", "topics": ["go\u00f0afr\u00e6\u00f0i", "m\u00e1lsaga"]}, {"abbreviation": "GR", "topics": ["grunnur"]}, {"abbreviation": "LR", "topics": ["lestur og ritun"]}, {"abbreviation": "ST", "topics": ["stafsetning"]}, {"abbreviation": "\u00cdS", "topics": ["\u00edslenska"]}, {"abbreviation": "LT", "topics": ["lestur", "m\u00e1lfr\u00e6\u00f0i", "ritun", "stafsetning", "tj\u00e1ning"]}, {"abbreviation": "SR", "topics": ["lestur og tj\u00e1ning", "m\u00e1lfr\u00e6\u00f0i", "ritun", "stafsetning"]}, {"abbreviation": "GO", "topics": ["go\u00f0afr\u00e6\u00f0i", "m\u00e1lnotkun og ritun", "m\u00e1lsaga"]}, {"abbreviation": "NH", "topics": ["b\u00f3kmenntasaga 1900 til samt\u00edmans", "hugtakabeiting", "n\u00fat\u00edmab\u00f3kmenntir"]}, {"abbreviation": "RR", "topics": ["ritger\u00f0asm\u00ed\u00f0", "ritun"]}, {"abbreviation": "LF", "topics": ["b\u00f3kmenntasaga 1550-1900", "l\u00e6rd\u00f3ms\u00f6ld", "rauns\u00e6i"]}, {"abbreviation": "VE", "topics": ["verkefni vali\u00f0 og almenn b\u00f3kmenntafr\u00e6\u00f0i kynnt"]}, {"abbreviation": "MV", "topics": ["m\u00e1lv\u00edsindi"]}, {"abbreviation": "YF", "topics": ["Yndislestur framhald"]}, {"abbreviation": "MH", "topics": ["M\u00e1lsaga og go\u00f0afr\u00e6\u00f0i hra\u00f0fer\u00f0"]}, {"abbreviation": "FF", "topics": ["Fornb\u00f3kmenntir hra\u00f0fer\u00f0"]}, {"abbreviation": "YM", "topics": ["Yndislestur 2"]}, {"abbreviation": "FJ", "topics": ["fj\u00f6lmi\u00f0lal\u00e6si"]}, {"abbreviation": "RV", "topics": ["ritger\u00f0arvinna"]}, {"abbreviation": "LS", "topics": ["- sk\u00e1ldsaga \u00far n\u00fat\u00edma", "lestur og lesskilningur"]}, {"abbreviation": "L\u00cd", "topics": ["lestur og lesskilningur - \u00edslendingas\u00f6gur"]}, {"abbreviation": "LE", "topics": ["lestur og lesskilningur - sk\u00e1lds\u00f6gur 20. aldar"]}, {"abbreviation": "H\u00cd", "topics": ["Hagn\u00fdt \u00edslenska"]}, {"abbreviation": "\u00cdM", "topics": ["\u00edslensk m\u00e1lsaga"]}, {"abbreviation": "KV", "topics": ["b\u00f3kmenntir og kvikmyndir"]}, {"abbreviation": "NG", "topics": ["Norr\u00e6n go\u00f0afr\u00e6\u00f0i"]}, {"abbreviation": "LJ", "topics": ["Lj\u00f3\u00f0"]}, {"abbreviation": "AA", "topics": ["Lestur og ritun"]}, {"abbreviation": "\u00cdC", "topics": ["\u00cdslenska \u00e1 starfsbraut"]}, {"abbreviation": "\u00cdA", "topics": ["\u00cdslenska 1 \u00e1 starfsbraut"]}, {"abbreviation": "\u00cdB", "topics": ["\u00cdslenska 2 \u00e1 starfsbraut"]}, {"abbreviation": "N\u00dd", "topics": ["N\u00fdsk\u00f6pun"]}, {"abbreviation": "AB", "topics": ["B\u00f3kmenntir", "m\u00e1lfr\u00e6\u00f0i og ritun"]}, {"abbreviation": "HI", "topics": ["M\u00e1lnotkun og ritun"]}, {"abbreviation": "TR", "topics": ["M\u00e1lnotun og ritun"]}, {"abbreviation": "TL", "topics": ["L\u00e6si", "ritun", "tj\u00e1ning"]}, {"abbreviation": "OH", "topics": ["hlustun", "or\u00f0afor\u00f0i", "talm\u00e1l og ritun"]}, {"abbreviation": "ES", "topics": ["Eddukv\u00e6\u00f0i til si\u00f0askipta"]}, {"abbreviation": "NA", "topics": ["N\u00fdr\u00f3mant\u00edk til aldam\u00f3ta"]}, {"abbreviation": "SN", "topics": ["Si\u00f0askipti til n\u00fdr\u00f3mant\u00edkur"]}, {"abbreviation": "YL", "topics": ["Yndislestur"]}, {"abbreviation": "SS", "topics": ["Stafsetning"]}, {"abbreviation": "BU", "topics": ["Barna- og unglingab\u00f3kmenntir"]}, {"abbreviation": "SK", "topics": ["sk\u00e1lds\u00f6gur"]}, {"abbreviation": "B\u00d3", "topics": ["B\u00f3kmenntir og tungum\u00e1l fr\u00e1 landn\u00e1mi til si\u00f0askipta"]}, {"abbreviation": "M\u00c1", "topics": ["M\u00e1l- og menningarsaga"]}, {"abbreviation": "NF", "topics": ["N\u00fdsk\u00f6punarferli\u00f0: \u00fe\u00f6rf", "afur\u00f0", "lausn"]}, {"abbreviation": "A\u00cd", "topics": ["Almenn \u00edslenska \u00e1 1 \u00ferepi"]}, {"abbreviation": "AM", "topics": ["almenn m\u00e1lnotkun", "b\u00f3kmenntir", "ritun"]}, {"abbreviation": "RS", "topics": ["Skapandi skrif"]}, {"abbreviation": "SP", "topics": ["Spennus\u00f6gur"]}, {"abbreviation": "\u00cdD", "topics": ["\u00cdslenska \u00e1 starfsbraut 4"]}, {"abbreviation": "\u00cdE", "topics": ["\u00cdslenska 5 \u00e1 starfsbraut"]}, {"abbreviation": "SM", "topics": ["Sk\u00e1lds\u00f6gur"]}, {"abbreviation": "M\u00de", "topics": ["\u00cdSLE"]}, {"abbreviation": "SA", "topics": ["Sk\u00f6pun \u00ed v\u00ed\u00f0u samhengi"]}, {"abbreviation": "SJ", "topics": ["L\u00e6si", "b\u00f3kmenntir", "hugtakaskilningur", "m\u00e1lfr\u00e6\u00f0i", "sj\u00e1lfb\u00e6rni og ritun"]}, {"abbreviation": "LM", "topics": ["L\u00e6si", "l\u00fd\u00f0r\u00e6\u00f0i", "mannr\u00e9ttindi og b\u00f3kmenntir"]}, {"abbreviation": "JR", "topics": ["L\u00e6si", "b\u00f3kmenntir og ritun", "jafnr\u00e9tti"]}, {"abbreviation": "HV", "topics": ["L\u00e6si", "heilbrig\u00f0i", "velfer\u00f0 og b\u00f3kmenntir"]}, {"abbreviation": "DB", "topics": ["Sk\u00f3labla\u00f0"]}, {"abbreviation": "\u00c6F", "topics": ["Go\u00f0s\u00f6gur", "fantas\u00edur", "\u00e6vint\u00fdri"]}, {"abbreviation": "VM", "topics": ["Verkefna\u00e1fangi \u00ed m\u00e1lv\u00edsindum"]}, {"abbreviation": "VB", "topics": ["Verkefna\u00e1fangi \u00ed b\u00f3kmenntum"]}, {"abbreviation": "SW", "topics": ["Stafsetning og ritun"]}, {"abbreviation": "MF", "topics": ["M\u00e1lfr\u00e6\u00f0i"]}, {"abbreviation": "SG", "topics": ["B\u00f3kmenntir", "setningafr\u00e6\u00f0i og go\u00f0afr\u00e6\u00f0i"]}, {"abbreviation": "OF", "topics": ["frambur\u00f0ur", "lestrarf\u00e6rni", "or\u00f0afor\u00f0i"]}, {"abbreviation": "CA", "topics": ["B\u00f3kmenntir fram til 1550"]}, {"abbreviation": "BH", "topics": ["Go\u00f0afr\u00e6\u00f0i", "m\u00e1lsaga og ritger\u00f0asm\u00ed\u00f0"]}, {"abbreviation": "DD", "topics": ["B\u00f3kmenntir og b\u00f3kmenntasaga", "einkum 1550-1900."]}, {"abbreviation": "CH", "topics": ["\u00cdslenska 3. Hra\u00f0fer\u00f0"]}, {"abbreviation": "EE", "topics": ["B\u00f3kmenntir og b\u00f3kmenntasaga eftir 1900."]}, {"abbreviation": "HL", "topics": ["M\u00e1lsaga og hlj\u00f3\u00f0fr\u00e6\u00f0i"]}, {"abbreviation": "CB", "topics": ["heimsb\u00f3kmenntir"]}, {"abbreviation": "AL", "topics": ["Almenn m\u00e1lnotkun og l\u00e6si"]}, {"abbreviation": "GF", "topics": ["Go\u00f0afr\u00e6\u00f0i og fornb\u00f3kmenntir"]}, {"abbreviation": "TE", "topics": ["Ritun og textagreining"]}, {"abbreviation": "MA", "topics": ["Menningararfur \u00ed n\u00fat\u00edmanum"]}, {"abbreviation": "S\u00c1", "topics": ["Skrefa\u00f0", "skrifa\u00f0 og skrafa\u00f0 um n\u00e6rsamf\u00e9lagi\u00f0/\u00e1tthagana."]}, {"abbreviation": "NM", "topics": ["fr\u00e1 n\u00fdr\u00f3mant\u00edk til m\u00f3dernisma"]}, {"abbreviation": "HM", "topics": ["Heimildir og m\u00e1lnotkun"]}, {"abbreviation": "M\u00c6", "topics": ["Menningarl\u00e6si"]}, {"abbreviation": "CK", "topics": ["\u00edslenskar kvikmyndir"]}, {"abbreviation": "CL", "topics": ["Leikh\u00fas og leikb\u00f3kmenntir"]}, {"abbreviation": "DL", "topics": ["Leikh\u00fas og leikb\u00f3kmenntir."]}, {"abbreviation": "CN", "topics": ["\u00derj\u00fa verk Halld\u00f3rs Laxness."]}, {"abbreviation": "HB", "topics": ["B\u00f3kmenntir", "heimildaritger\u00f0", "m\u00e1lsaga"]}, {"abbreviation": "CU", "topics": ["Barnab\u00f3kmenntir."]}, {"abbreviation": "CP", "topics": ["Textager\u00f0 og ritstj\u00f3rn"]}, {"abbreviation": "CY", "topics": ["Yndislestur I"]}, {"abbreviation": "DY", "topics": ["Yndislestur II"]}, {"abbreviation": "RH", "topics": ["\u00darvinnsla heimilda og ritun"]}, {"abbreviation": "B\u00cd", "topics": ["B\u00f3kmenntasaga", "\u00cdslendingasaga og forn kve\u00f0skapur"]}, {"abbreviation": "BL", "topics": ["B\u00f3kmenntasaga", "leikritalestur", "lj\u00f3\u00f0alestur", "n\u00fat\u00edmab\u00f3kmenntir"]}, {"abbreviation": "RF", "topics": ["Ritger\u00f0arskrif", "go\u00f0afr\u00e6\u00f0i og m\u00e1lsaga"]}, {"abbreviation": "KM", "topics": ["b\u00f3kmenntir", "kv\u00e6\u00f0i", "lj\u00f3\u00f0", "m\u00e1lnotkun", "ritun"]}, {"abbreviation": "SL", "topics": ["Ritlist"]}, {"abbreviation": "RO", "topics": ["lestur", "m\u00e1lnotkun", "or\u00f0afor\u00f0i", "ritun"]}, {"abbreviation": "LB", "topics": ["b\u00f3kmenntir", "l\u00e6si", "ritun", "stafsetning"]}, {"abbreviation": "FL", "topics": ["frams\u00f6gn", "lestur", "margv\u00edsleg ritun", "or\u00f0afor\u00f0i"]}, {"abbreviation": "HS", "topics": ["heimildavinna", "m\u00e1lnotkun", "ritun", "setningafr\u00e6\u00f0i"]}, {"abbreviation": "KB", "topics": ["b\u00f3kmenntasaga", "heimildavinna", "kynningar", "valdir b\u00f3kmenntatextar"]}, {"abbreviation": "VT", "topics": ["b\u00f3kmenntasaga", "stefnur \u00ed listum og menningu", "valdir b\u00f3kmenntatextar"]}, {"abbreviation": "KF", "topics": ["fr\u00e6\u00f0ileg umfj\u00f6llun", "kvikmyndafr\u00e6\u00f0i", "kvikmyndal\u00e6si", "samf\u00e9lagsr\u00fdni"]}, {"abbreviation": "UM", "topics": ["m\u00e1lfr\u00e6\u00f0i", "or\u00f0afor\u00f0i", "uppruni m\u00e1la", "\u00edslensk m\u00e1lsaga"]}, {"abbreviation": "\u00deH", "topics": ["\u00fej\u00f3\u00f0h\u00e1ttafr\u00e6\u00f0i", "\u00fej\u00f3\u00f0l\u00edfsfr\u00e6\u00f0i", "\u00fej\u00f3\u00f0sagnafr\u00e6\u00f0i og hversdagsmenning"]}, {"abbreviation": "FS", "topics": ["lestur fagurb\u00f3kmennta", "skapandi skrif", "t\u00falkunarm\u00f6guleikar"]}, {"abbreviation": "KS", "topics": ["mi\u00f0aldab\u00f3kmenntir (kv\u00e6\u00f0i og s\u00f6gur)", "\u00e1hrif \u00feeirra \u00e1 n\u00fat\u00edmaverk"]}, {"abbreviation": "TS", "topics": ["m\u00e1lfar", "samf\u00e9lag", "tj\u00e1skipti", "tungum\u00e1l"]}, {"abbreviation": "\u00c1\u00d6", "topics": ["\u00c1stir og \u00f6rl\u00f6g \u00ed b\u00f3kmenntum fyrri alda"]}, {"abbreviation": "LH", "topics": ["Leikh\u00fas", "leiklist og leikb\u00f3kmenntir"]}, {"abbreviation": "DE", "topics": ["Delludagar", "Lestur og ritun"]}, {"abbreviation": "FV", "topics": ["Frumverk", "Lestur og ritun"]}, {"abbreviation": "A\u00de", "topics": ["Af\u00fereyingarb\u00f3kmenntir"]}, {"abbreviation": "B\u00de", "topics": ["\u00dej\u00f3\u00f0ararfurinn og tenging hans vi\u00f0 n\u00fat\u00edmann"]}, {"abbreviation": "OS", "topics": ["Or\u00f0spor"]}, {"abbreviation": "UT", "topics": ["Munnleg tj\u00e1ning"]}, {"abbreviation": "V\u00cd", "topics": ["V\u00edkingar og menning \u00feeirra"]}, {"abbreviation": "LX", "topics": ["Halld\u00f3r Laxness"]}, {"abbreviation": "ON", "topics": ["Beyginar", "frambur\u00f0ur", "setningaskipan og or\u00f0afor\u00f0i n\u00fat\u00edmam\u00e1ls"]}, {"abbreviation": "GE", "topics": ["B\u00f3kmenntagreining", "eddukv\u00e6\u00f0i og ritun.", "go\u00f0afr\u00e6\u00f0i"]}, {"abbreviation": "BA", "topics": ["B\u00f3kmenntir s\u00ed\u00f0ari alda"]}, {"abbreviation": "F\u00c9", "topics": ["F\u00e9lagsleg m\u00e1lv\u00edsindi"]}, {"abbreviation": "\u00cdR", "topics": ["mi\u00f0aldab\u00f3kmenntir", "r\u00f3mant\u00edk og ritun", "\u00cdslendingasaga"]}, {"abbreviation": "RD", "topics": ["Rauns\u00e6i", "b\u00f3kmenntasaga 20. aldar og 21. aldar."]}, {"abbreviation": "LG", "topics": ["Lestur g\u00f3\u00f0ra b\u00f3ka"]}, {"abbreviation": "NS", "topics": ["N\u00fat\u00edmab\u00f3kmenntir", "lestur og skapandi skrif"]}, {"abbreviation": "VH", "topics": ["b\u00f3kmenntir", "l\u00e6si", "velfer\u00f0"]}, {"abbreviation": "VF", "topics": ["l\u00e6si", "velfer\u00f0 og b\u00f3kmenntir"]}, {"abbreviation": "UL", "topics": ["l\u00e6si", "sk\u00f6pun", "uppg\u00f6tvun"]}, {"abbreviation": "MO", "topics": ["Mi\u00f0aldab\u00f3kmenntir"]}, {"abbreviation": "CC", "topics": ["Fornb\u00f3kmenntir."]}, {"abbreviation": "\u00deS", "topics": ["\u00dej\u00f3\u00f0sk\u00e1ld"]}, {"abbreviation": "HE", "topics": ["Heimildaritun"]}, {"abbreviation": "KO", "topics": ["Kvennab\u00f3kmenntir"]}, {"abbreviation": "MU", "topics": ["Munnm\u00e6lasagnir"]}, {"abbreviation": "TJ", "topics": ["Menningartj\u00fatt"]}, {"abbreviation": "U\u00c1", "topics": ["Undirb\u00fanings\u00e1fangi"]}, {"abbreviation": "R\u00d6", "topics": ["Ritun og r\u00f6kf\u00e6rsla"]}, {"abbreviation": "HH", "topics": ["heimildavinna", "m\u00e1lsaga", "m\u00e1lstefna", "ritun"]}, {"abbreviation": "UA", "topics": ["einf\u00f6ld m\u00e1lfr\u00e6\u00f0i", "lestur", "ritun", "stafsetning"]}, {"abbreviation": "UB", "topics": ["lestur", "m\u00e1lfr\u00e6\u00f0i", "ritun", "stafsetning"]}, {"abbreviation": "FN", "topics": ["b\u00f3kmenntir", "forn\u00e1m-l\u00e6si", "ritun"]}, {"abbreviation": "GG", "topics": ["Garpar og go\u00f0sagnir"]}, {"abbreviation": "BP", "topics": ["B\u00f3kmenntaumr\u00e6\u00f0a"]}, {"abbreviation": "UU", "topics": ["", "l\u00e6si b\u00f3kmenntir", "ritun"]}, {"abbreviation": "TT", "topics": ["b\u00f3kmenntir", "l\u00e6si", "ritun"]}, {"abbreviation": "II", "topics": ["lestur", "ritun", "r\u00f6kf\u00e6rsla"]}, {"abbreviation": "KK", "topics": ["eddukv\u00e6\u00f0i", "heimildavinna", "m\u00e1lsaga", "stafsetning og b\u00f3kmenntir"]}, {"abbreviation": "NN", "topics": ["\u00cdslenskar b\u00f3kmenntir og b\u00f3kmenntasaga til 19. aldar og ritun"]}, {"abbreviation": "VV", "topics": ["b\u00f3kmenntir og b\u00f3kmenntasaga 19. -21. aldar", "ritun"]}], "_id": "50c0a02dd8e40575f7f6f4a2", "subjects": ["\u00edslenska"], "counter": {"1": 62, "3": 107, "2": 70, "4": 2}}, "evaluation": "\u2022\t\u00deekking er metin me\u00f0 lokapr\u00f3fi, stuttum pr\u00f3fum og verkefnum sem b\u00e6\u00f0i eru unnin \u00ed kennslustundum og heima.\n\u2022\tLeikni er metin \u00fat fr\u00e1 vinnubr\u00f6g\u00f0um vi\u00f0 notkun heimilda, samningu eigin texta, m\u00e1lfari, tj\u00e1ningu og fr\u00e1gangi.\n\u2022\tH\u00e6fni er metin \u00fat fr\u00e1 verkefnavinnu, samvinnu og sko\u00f0anaskiptum nemenda. \u00cd ritun er h\u00fan metin \u00fat fr\u00e1 t\u00falkun, heimildavinnu, r\u00f6kstu\u00f0ningi og m\u00e1lfari.", "categorization_suggestion": "FB", "embedded_topics": {"abbreviation": "VV", "topics": ["b\u00f3kmenntir og b\u00f3kmenntasaga 19. -21. aldar", "ritun"]}, "status": "approved by school", "description": "Vi\u00f0fangsefni \u00e1fangans er b\u00f3kmenntir og b\u00f3kmenntasaga n\u00edtj\u00e1ndu til tuttugustu og fyrstu aldar. Lesin ver\u00f0a n\u00fd og g\u00f6mul verk og huga\u00f0 a\u00f0 samhengi vi\u00f0 strauma og stefnur t\u00edmabilsins. Kynnt ver\u00f0a mikilv\u00e6g sk\u00e1ld og verk \u00feeirra og haldi\u00f0 er \u00e1fram a\u00f0 \u00fej\u00e1lfa nemendur \u00ed ritun og heimildanotkun. Fj\u00f6lbreytt mi\u00f0lunarform eru notu\u00f0 \u00ed verkefnavinnu. Lesefni \u00e1fangans gefur tilefni til a\u00f0 nemendur r\u00e6\u00f0i m.a. um jafnr\u00e9tti og l\u00fd\u00f0r\u00e6\u00f0i og fleiri grunn\u00fe\u00e6tti og efli um lei\u00f0 l\u00e6si \u00e1 umhverfi sitt.", "knowledge_goals": ["or\u00f0afor\u00f0a til a\u00f0 skilja \u00fe\u00e1 texta sem lesnir eru", "\u00feeim hugmyndaheimi sem birtist \u00ed b\u00f3kmenntum t\u00edmabilsins", "stefnum og straumum \u00ed b\u00f3kmenntum s\u00ed\u00f0ari alda", "ritger\u00f0asm\u00ed\u00f0", "helstu b\u00f3kmenntahugt\u00f6kum og bragfr\u00e6\u00f0ireglum", "a\u00f0st\u00e6\u00f0um og \u00f3l\u00edkum l\u00edfsh\u00e1ttum f\u00f3lks", "\u00fdmiss konar ritun, verkefnavinnu og heimildanotkun"], "skills_goals": ["lesa, skilja og t\u00falka \u00fe\u00e1 b\u00f3kmenntatexta sem lesnir eru", "beita b\u00f3kmennta- og bragfr\u00e6\u00f0ihugt\u00f6kum", "nota fj\u00f6lbreytt mi\u00f0lunarform \u00ed verkefnavinnu, t.d. skrifa ritger\u00f0ir og bla\u00f0agreinar, \u00fatb\u00faa \u00fatvarps- e\u00f0a sj\u00f3nvarpsefni og undirb\u00faa og flytja fyrirlestur fyrir a\u00f0ra nemendur", "beita gagnr\u00fdninni hugsun og greina mismunandi sj\u00f3narmi\u00f0", "n\u00fdta sk\u00f6punarg\u00e1fu og s\u00fdna sj\u00e1lfst\u00e6\u00f0i vi\u00f0 \u00farvinnslu verkefna"], "credits": 5, "last_modified": 1432251248.05858, "schools": ["51234a818caa45ed97015b35"], "coauthors": null, "instructions": "", "continued_education": false, "level": 3, "prerequisites": "10 einingar \u00e1 2. \u00ferepi og b\u00f3kmenntir fyrri alda \u00e1 3. \u00ferepi", "author": "41be24d4-5ecf-4d99-9661-f49f574e3dcc", "abbreviation_version": null, "competence_goals": [["lesa, t\u00falka og greina margv\u00edslega texta", ""], ["leggja mat \u00e1 og efla eigin m\u00e1lf\u00e6rni", ""], ["semja ritger\u00f0ir", ""], ["setja sig \u00ed spor f\u00f3lks, skilja a\u00f0st\u00e6\u00f0ur \u00feess og greina mismunandi sj\u00f3narmi\u00f0", ""], ["tj\u00e1 r\u00f6kstudda afst\u00f6\u00f0u, komast a\u00f0 \u00edgrunda\u00f0ri ni\u00f0urst\u00f6\u00f0u og taka \u00fe\u00e1tt \u00ed m\u00e1lefnalegum umr\u00e6\u00f0um", ""]], "_id": "555e6b7062933a5b2000020a"}, {"exemplary": null, "topics": "grunn\u00fe\u00e6ttir \u00ed almennri heilsu- og l\u00edkamsr\u00e6kt", "abbreviation": "\u00cd\u00deR\u00d31GH02(FB)", "former_schools": null, "subject": "\u00ed\u00fer\u00f3ttir", "title": "\u00dej\u00e1lfun, heilsa og vell\u00ed\u00f0an", "version": 117, "status_trans": "Sam\u00feykkt af sk\u00f3la", "embedded_subject": {"abbreviation": "\u00cd\u00deR\u00d3", "topics": [{"abbreviation": "\u00deK", "topics": ["kraftur", "styrkur", "\u00feol"]}, {"abbreviation": "GL", "topics": ["grunn\u00fe\u00e6ttir \u00ed almennri l\u00edkams- og heilsur\u00e6kt"]}, {"abbreviation": "GH", "topics": ["grunn\u00fe\u00e6ttir \u00ed almennri heilsu- og l\u00edkamsr\u00e6kt"]}, {"abbreviation": "LC", "topics": ["l\u00edkams- og heilsur\u00e6kt"]}, {"abbreviation": "LD", "topics": ["framhald", "l\u00edkams- og heilsur\u00e6kt"]}, {"abbreviation": "AL", "topics": ["almenn l\u00edkams- og heilsur\u00e6kt e\u00f0a \u00fativist"]}, {"abbreviation": "AH", "topics": ["almenn heilsu- og l\u00edkamsr\u00e6kt e\u00f0a \u00fativist"]}, {"abbreviation": "HR", "topics": ["heilsur\u00e6kt"]}, {"abbreviation": "HH", "topics": ["hreyfing og heilsur\u00e6kt"]}, {"abbreviation": "L\u00cd", "topics": ["l\u00edkamsr\u00e6kt"]}, {"abbreviation": "KN", "topics": ["knattspyrna"]}, {"abbreviation": "KK", "topics": ["k\u00f6rfuknattleikur"]}, {"abbreviation": "BA", "topics": ["badminton"]}, {"abbreviation": "BL", "topics": ["blak"]}, {"abbreviation": "HL", "topics": ["almenn heilsu- og l\u00edkamsr\u00e6kt"]}, {"abbreviation": "LA", "topics": ["almenn heilsu- og l\u00edkamsr\u00e6kt me\u00f0 \u00e1herslu \u00e1 styrk", "l\u00edkamsbeitingu og snerpu"]}, {"abbreviation": "LN", "topics": ["l\u00edfst\u00edll", "n\u00e6ring"]}, {"abbreviation": "M\u00de", "topics": ["markmi\u00f0asetning", "\u00fej\u00e1lfunar\u00e1\u00e6tlanir"]}, {"abbreviation": "SK", "topics": ["skipul\u00f6g\u00f0 hreyfing"]}, {"abbreviation": "S\u00cd", "topics": ["skipul\u00f6g\u00f0 hreyfing framhald", "\u00ed\u00fer\u00f3ttir"]}, {"abbreviation": "LS", "topics": ["l\u00edkamsbeiting og snerpa", "styrkur"]}, {"abbreviation": "U\u00de", "topics": ["upphitun", "\u00feol\u00fej\u00e1lfun"]}, {"abbreviation": "SL", "topics": ["li\u00f0leiki", "l\u00edkamsbeiting", "styrkur", "\u00ed\u00fer\u00f3ttamei\u00f0sli"]}, {"abbreviation": "SS", "topics": ["samh\u00e6fing", "snerpa"]}, {"abbreviation": "LH", "topics": ["heilsa", "l\u00edfsst\u00edll"]}, {"abbreviation": "HA", "topics": ["almenn l\u00edkams og heilsur\u00e6kt", "hreyfing", "likamsr\u00e6ktarsalur"]}, {"abbreviation": "B\u00cd", "topics": ["bolta\u00ed\u00fer\u00f3ttir", "l\u00edffr\u00e6\u00f0i hreyfingar"]}, {"abbreviation": "\u00daH", "topics": ["hreyfing", "j\u00e1kv\u00e6\u00f0 upplifun", "sj\u00e1lfstyrking", "\u00dativist"]}, {"abbreviation": "\u00daF", "topics": ["g\u00f6ngufer\u00f0ir \u00e1 fj\u00f6ll", "hreyfing", "\u00fativist"]}, {"abbreviation": "B\u00dd", "topics": ["Band\u00fd"]}, {"abbreviation": "GA", "topics": ["Ganga"]}, {"abbreviation": "SU", "topics": ["Sund"]}, {"abbreviation": "\u00cdS", "topics": ["starfsbraut", "\u00ed\u00fer\u00f3ttir"]}, {"abbreviation": "LB", "topics": ["L\u00edkamsr\u00e6kt", "hreyfing", "li\u00f0leiki", "styrking"]}, {"abbreviation": "A\u00cd", "topics": ["Almennar \u00ed\u00fer\u00f3ttir"]}, {"abbreviation": "BG", "topics": ["Grunnur a\u00f0 l\u00edkamsr\u00e6kt 2"]}, {"abbreviation": "AG", "topics": ["Grunnur a\u00f0 l\u00edkamsr\u00e6kt A"]}, {"abbreviation": "\u00cdC", "topics": ["L\u00edkamsr\u00e6kt og heilsa A"]}, {"abbreviation": "\u00cdD", "topics": ["L\u00edkamsr\u00e6kt og heilsa B"]}, {"abbreviation": "\u00cdF", "topics": ["Almenn heilsur\u00e6kt B"]}, {"abbreviation": "AA", "topics": ["almennar \u00ed\u00fer\u00f3ttir A"]}, {"abbreviation": "AB", "topics": ["Almennar \u00ed\u00fer\u00f3ttir B"]}, {"abbreviation": "AC", "topics": ["Almennar \u00ed\u00fer\u00f3ttir C"]}, {"abbreviation": "AD", "topics": ["Almennar \u00ed\u00fer\u00f3ttir D"]}, {"abbreviation": "AE", "topics": ["Almennar \u00ed\u00fer\u00f3ttir E"]}, {"abbreviation": "AF", "topics": ["Almennar \u00ed\u00fer\u00f3ttir F"]}, {"abbreviation": "HU", "topics": ["Hugur og heilsa"]}, {"abbreviation": "\u00deB", "topics": ["knattspyrna", "k\u00f6rfubolti og a\u00f0rir boltaleikir", "\u00derek"]}, {"abbreviation": "\u00cdG", "topics": ["\u00cd\u00fer\u00f3ttagreinar og \u00fativist"]}, {"abbreviation": "HJ", "topics": ["Hj\u00f3la\u00f0 \u00ed sk\u00f3lann"]}, {"abbreviation": "DL", "topics": ["Dansleikh\u00fas"]}, {"abbreviation": "LE", "topics": ["l\u00edkamsbeyting", "snerpa"]}, {"abbreviation": "LF", "topics": ["l\u00edkamsbeyting", "snerpa", "styrkur"]}, {"abbreviation": "LG", "topics": ["l\u00edkamsbeyting", "styrkur"]}, {"abbreviation": "NA", "topics": ["Hreyfing og heilsur\u00e6kt"]}, {"abbreviation": "NB", "topics": ["Almenn hreyfing og heilsur\u00e6kt"]}, {"abbreviation": "NC", "topics": ["Almenn heilsur\u00e6kt og hreyfing"]}, {"abbreviation": "ND", "topics": ["Fj\u00f6lbreytt hreyfing og heilsur\u00e6kt"]}, {"abbreviation": "NE", "topics": ["Hreyfing", "heilsu- og l\u00edkamsr\u00e6kt"]}, {"abbreviation": "NF", "topics": ["L\u00edkams- og heilsur\u00e6kt"]}, {"abbreviation": "\u00deR", "topics": ["\u00c6fingar \u00ed \u00fereksal"]}, {"abbreviation": "DA", "topics": ["dans", "leikir og samvinna", "\u00cd\u00fer\u00f3ttir"]}, {"abbreviation": "BO", "topics": ["Boltaleikir"]}, {"abbreviation": "HB", "topics": ["Handbolti"]}, {"abbreviation": "HP", "topics": ["Hlaup"]}, {"abbreviation": "K\u00d6", "topics": ["K\u00f6rfubolti"]}, {"abbreviation": "L\u00de", "topics": ["Leikir og \u00ferek"]}, {"abbreviation": "VE", "topics": ["Vetrar\u00ed\u00fer\u00f3ttir", "bretti", "skautar", "sk\u00ed\u00f0i"]}, {"abbreviation": "\u00deL", "topics": ["hlaup", "li\u00f0leiki", "lyftingar", "\u00derek"]}, {"abbreviation": "\u00cdA", "topics": ["Almenn heilsur\u00e6kt"]}, {"abbreviation": "S\u00c9", "topics": ["s\u00e9rh\u00e6fing \u00ed \u00ed\u00fer\u00f3ttagrein"]}, {"abbreviation": "ST", "topics": ["Styrktar\u00fej\u00e1lfun"]}, {"abbreviation": "SV", "topics": ["Skvass"]}, {"abbreviation": "\u00daT", "topics": ["\u00dativist og fjallamennska"]}, {"abbreviation": "JF", "topics": ["J\u00f6kla-og fjallg\u00f6ngur"]}, {"abbreviation": "J\u00d3", "topics": ["J\u00f3ga"]}, {"abbreviation": "GR", "topics": ["grunn\u00fej\u00e1lfun", "l\u00edkams\u00fej\u00e1lfun"]}, {"abbreviation": "LM", "topics": ["L\u00edkams\u00fej\u00e1lfun", "grunn\u00fej\u00e1lfun"]}, {"abbreviation": "LV", "topics": ["L\u00edkams\u00fej\u00e1lfun", "s\u00e9rt\u00e6k"]}, {"abbreviation": "N\u00c6", "topics": ["L\u00edkams\u00fej\u00e1lfun og n\u00e6ring"]}], "_id": "50c0a02dd8e40575f7f6f4cc", "subjects": ["\u00ed\u00fer\u00f3ttir"], "counter": {"1": 115, "3": 2, "2": 42, "4": 0}}, "evaluation": "B\u00f3klegt pr\u00f3f, frammista\u00f0a og virkni \u00ed t\u00edmum.", "categorization_suggestion": "FB", "embedded_topics": {"abbreviation": "GH", "topics": ["grunn\u00fe\u00e6ttir \u00ed almennri heilsu- og l\u00edkamsr\u00e6kt"]}, "status": "approved by school", "description": "Fari\u00f0 er \u00ed grunn\u00fe\u00e6tti l\u00edkams- og heilsur\u00e6ktar. Nemendur f\u00e1 kennslu \u00ed a\u00f0 velja \u00e6fingar sem byggja upp \u00feol, styrk og li\u00f0leika. Einnig f\u00e1 nemendur fr\u00e6\u00f0slu um algengustu \u00ed\u00fer\u00f3ttamei\u00f0sl og heilsusamlegt l\u00edferni.  Einnig er fjalla\u00f0 um mikilv\u00e6gi g\u00f3\u00f0s matar\u00e6\u00f0is.", "knowledge_goals": ["undirst\u00f6\u00f0uatri\u00f0um var\u00f0andi \u00fej\u00e1lfun l\u00edkamans", "mikilv\u00e6gi hreyfingar fyrir l\u00edkamann og gildi hennar \u00ed daglegu l\u00edfi", "mikilv\u00e6gi hollrar f\u00e6\u00f0u, hv\u00edldar og svefns fyrir heilbrig\u00f0an l\u00edfsst\u00edl", "\u00e1hrifum hreyfingar \u00e1 l\u00edkamlega jafnt sem andlega vell\u00ed\u00f0an"], "skills_goals": ["skipuleggja l\u00edkams\u00fej\u00e1lfun", "velja matar\u00e6\u00f0i me\u00f0 tilliti til l\u00edkamlegrar hreyfingar og l\u00edfst\u00edls", "velja \u00e6fingar sem byggja upp \u00feol, styrk og li\u00f0leika"], "credits": 2, "last_modified": 1435927449.187656, "schools": ["51234a818caa45ed97015b35"], "coauthors": null, "instructions": "", "continued_education": false, "level": 1, "prerequisites": "Engar", "author": "41be24d4-5ecf-4d99-9661-f49f574e3dcc", "abbreviation_version": null, "competence_goals": [["skipuleggja s\u00edna eigin \u00fej\u00e1lfun me\u00f0 \u00fea\u00f0 a\u00f0 markmi\u00f0i a\u00f0 b\u00e6ta l\u00edkamlega og andlega heilsu", ""], ["stunda heilbrig\u00f0an l\u00edfsst\u00edl hva\u00f0 var\u00f0ar matar\u00e6\u00f0i, svefn og hv\u00edld", ""]], "_id": "5596839962933a24fe003e61"}], "title": "Kjarni"}, {"courses": [{"exemplary": null, "topics": "Beina- og v\u00f6\u00f0vabygging mannsl\u00edkamans", "abbreviation": "MYNL3BM05(FB)", "former_schools": null, "subject": "myndlist", "title": "Anat\u00f3m\u00eda", "version": 22, "status_trans": "Sam\u00feykkt af sk\u00f3la", "embedded_subject": {"abbreviation": "MYNL", "topics": [{"abbreviation": "LO", "topics": ["lokaverkefni"]}, {"abbreviation": "GM", "topics": ["grunn\u00fe\u00e6ttir m\u00e1lunar"]}, {"abbreviation": "PM", "topics": ["portrett m\u00e1lun"]}, {"abbreviation": "\u00daL", "topics": ["\u00fargangslist"]}, {"abbreviation": "GT", "topics": ["form- og litafr\u00e6\u00f0i", "grunn\u00e1fangi \u00ed myndlist", "teikning"]}, {"abbreviation": "ET", "topics": ["efnis- og myndbygging", "tv\u00edv\u00ed\u00f0 og \u00fer\u00edv\u00ed\u00f0form; form-"]}, {"abbreviation": "ML", "topics": ["litabl\u00f6ndun og teikning mannsl\u00edkamans", "myndbygging"]}, {"abbreviation": "TG", "topics": ["grunn\u00e1fangi \u00ed myndlist", "teikning"]}, {"abbreviation": "FM", "topics": ["frj\u00e1ls m\u00e1lun"]}, {"abbreviation": "TE", "topics": ["teikning"]}, {"abbreviation": "LB", "topics": ["litafr\u00e6\u00f0i", "skissub\u00f3k"]}, {"abbreviation": "GB", "topics": ["graf\u00edk", "vinnub\u00f3k"]}, {"abbreviation": "VB", "topics": ["vatnslitir", "vinnub\u00f3k"]}, {"abbreviation": "MB", "topics": ["m\u00e1lun", "vinnub\u00f3k"]}, {"abbreviation": "FO", "topics": ["myndbygging", "m\u00e1lun", "tv\u00edv\u00ed\u00f0 formfr\u00e6\u00f0i"]}, {"abbreviation": "\u00deR", "topics": ["sk\u00falpt\u00far", "\u00fer\u00edv\u00ed\u00f0 h\u00f6nnun"]}, {"abbreviation": "T\u00de", "topics": ["ANAT\u00d3M\u00cdA", "LEIKMYNDASENUR", "M\u00d3DELTEIKNING", "SKISSUR", "STORYBOARD", "TEIKNIMYNDAS\u00d6GUR", "TEIKNI\u00deJ\u00c1LFUN"]}, {"abbreviation": "LI", "topics": ["litur", "n\u00e1tt\u00fara", "n\u00fdsk\u00f6pun"]}, {"abbreviation": "TT", "topics": ["Teikning", "n\u00fdsk\u00f6pun", "t\u00f6lvur"]}, {"abbreviation": "MT", "topics": ["M\u00f3del teikning"]}, {"abbreviation": "LF", "topics": ["Listgildi og fagurfr\u00e6\u00f0i"]}, {"abbreviation": "\u00daS", "topics": ["starfsbraut", "\u00farganslist"]}, {"abbreviation": "HM", "topics": ["Hreyfimyndir og myndl\u00edfgun"]}, {"abbreviation": "MF", "topics": ["Myndbygging og fjarv\u00eddd"]}, {"abbreviation": "ST", "topics": ["sk\u00f6pun og t\u00falkun", "\u00c1r\u00e6\u00f0ni"]}, {"abbreviation": "TM", "topics": ["Teikning", "m\u00f3del"]}, {"abbreviation": "AT", "topics": ["Teikning", "grunnur."]}, {"abbreviation": "BV", "topics": ["Vatnslitur og vinnub\u00f3k."]}, {"abbreviation": "MA", "topics": ["l\u00edkamsbygging", "m\u00f3delteikning", "sj\u00f3nskynjun"]}, {"abbreviation": "SL", "topics": ["Sj\u00f3nlist", "myndlist", "m\u00e1lun", "teikning"]}, {"abbreviation": "HN", "topics": ["h\u00f6nnun", "lausnarleit", "n\u00fdsk\u00f6pun", "\u00fearfagreining"]}, {"abbreviation": "VT", "topics": ["Valteikning"]}, {"abbreviation": "HU", "topics": ["hugmyndavinna", "skapandi hugsun", "sk\u00f6punarferli", "\u00fer\u00f3un hugmynda"]}, {"abbreviation": "MS", "topics": ["fagurfr\u00e6\u00f0i", "m\u00f3delteikning", "sj\u00f3nskynjun"]}, {"abbreviation": "SK", "topics": ["l\u00e1gmyndir og r\u00fdmi", "sk\u00falpt\u00far", "\u00fer\u00edv\u00ed\u00f0 myndverk"]}, {"abbreviation": "LJ", "topics": ["filmur", "hugmyndavinna", "lj\u00f3smyndat\u00e6kni", "myrkrakompa"]}, {"abbreviation": "FF", "topics": ["fjarv\u00eddd", "formfr\u00e6\u00f0i", "h\u00f6nnun", "myndbygging"]}, {"abbreviation": "TS", "topics": ["myndsk\u00f6pun", "skissuger\u00f0", "teikning"]}, {"abbreviation": "M\u00c1", "topics": ["myndbygging", "m\u00e1lverk", "sk\u00f6punarferli"]}, {"abbreviation": "GR", "topics": ["dj\u00fap\u00ferykk", "ein\u00ferykk", "graf\u00edk", "h\u00e6\u00f0ar\u00ferykk"]}, {"abbreviation": "LV", "topics": ["lokaverkefni myndlistarkj\u00f6rsvi\u00f0s", "sk\u00f6punarferli", "s\u00fdning"]}, {"abbreviation": "MY", "topics": ["Myndbygging", "formfr\u00e6\u00f0i", "litur", "r\u00fdmi"]}, {"abbreviation": "MH", "topics": ["Myndbygging", "formfr\u00e6\u00f0i", "h\u00f6nnun", "litur"]}, {"abbreviation": "TA", "topics": ["Teikni\u00fej\u00e1lfun", "anat\u00f3m\u00eda", "m\u00f3del", "skissur"]}, {"abbreviation": "\u00deL", "topics": ["leikmynd", "l\u00edk\u00f6n", "\u00der\u00edvi\u00f0 formfr\u00e6\u00f0i"]}, {"abbreviation": "\u00deF", "topics": ["leikmynd og l\u00edk\u00f6n", "\u00der\u00edvi\u00f0 formfr\u00e6\u00f0i"]}, {"abbreviation": "\u00deV", "topics": ["\u00der\u00edv\u00ed\u00f0 formfr\u00e6\u00f0i"]}, {"abbreviation": "MG", "topics": ["Teikning", "m\u00e1lun", "skapandi ferli"]}, {"abbreviation": "LS", "topics": ["Lokaverkefni", "sk\u00f6punarferli", "s\u00fdning"]}, {"abbreviation": "BG", "topics": ["Graf\u00edk", "\u00ferykk og vinnub\u00f3k."]}, {"abbreviation": "T\u00cd", "topics": ["T\u00edmi \u00ed myndlist"]}, {"abbreviation": "\u00deM", "topics": ["\u00der\u00edv\u00ed\u00f0 myndbygging"]}, {"abbreviation": "SR", "topics": ["Sk\u00falpt\u00far/r\u00fdmi/h\u00f6nnun"]}, {"abbreviation": "SH", "topics": ["Sk\u00falpt\u00far", "h\u00f6nnun", "r\u00fdmi"]}, {"abbreviation": "GH", "topics": ["Graf\u00edsk h\u00f6nnun"]}, {"abbreviation": "TB", "topics": ["Teikning", "myndbygging", "myndgreining"]}, {"abbreviation": "LM", "topics": ["Litafr\u00e6\u00f0i"]}, {"abbreviation": "MN", "topics": ["M\u00e1lun"]}, {"abbreviation": "H\u00d6", "topics": ["H\u00f6nnun: Samspil lj\u00f3ss og lita \u00e1 r\u00fdmismyndun"]}, {"abbreviation": "H\u00de", "topics": ["H\u00f6nnun: \u00fer\u00edv\u00ed\u00f0 myndhugsun", "h\u00f6nnun"]}, {"abbreviation": "R\u00de", "topics": ["R\u00fdmisverk", "\u00fer\u00f3un hugmynda"]}, {"abbreviation": "LR", "topics": ["Lokaverkefni \u00ed r\u00fdmish\u00f6nnun"]}, {"abbreviation": "PO", "topics": ["Gagnamappa/portf\u00f3l\u00ed\u00f3"]}, {"abbreviation": "BM", "topics": ["Beina- og v\u00f6\u00f0vabygging mannsl\u00edkamans"]}], "_id": "50c0a02dd8e40575f7f6f4b3", "subjects": ["myndlist"], "counter": {"1": 5, "3": 11, "2": 16, "4": 1}}, "evaluation": "N\u00e1msmat fer fram me\u00f0 lei\u00f0sagnarmati, sem felst \u00ed samfelldri endurgj\u00f6f kennara \u00ed kennslustundum \u00e1 verk nemanda. \u00c1hersla er l\u00f6g\u00f0 \u00e1 samfellda \u00fer\u00f3un \u00ed verkum nemandans.\n\u00deekking, leikni og h\u00e6fni nemandans er metin til einkunnar \u00ed annarlok af framsetningu og fr\u00e1gangi heildarverka nemandans, a\u00f0 teknu tilliti til ofangreindra n\u00e1mskrafna sem ger\u00f0ar eru til hans og honum greint fr\u00e1 \u00ed upphafi annar \u00ed kennslu\u00e1\u00e6tlun.", "categorization_suggestion": "FB", "embedded_topics": {"abbreviation": "BM", "topics": ["Beina- og v\u00f6\u00f0vabygging mannsl\u00edkamans"]}, "status": "approved by school", "description": "\u00cd vestr\u00e6nni menningu hefur mannsl\u00edkaminn veri\u00f0 eitt mikilv\u00e6gasta vi\u00f0fangsefni listr\u00e6nnar tj\u00e1ningar. \u00cd \u00e1fanganum er beina- og v\u00f6\u00f0vabygging mannsl\u00edkamans  teiknu\u00f0. Jafnhli\u00f0a er fyrirs\u00e6ta teiknu\u00f0 til a\u00f0 sannreyna anat\u00f3m\u00edskar ranns\u00f3knir svo nemendur \u00f6\u00f0list hlutl\u00e6ga \u00feekkingu og reynslu til a\u00f0 t\u00falka og skilgreina hugmyndir s\u00ednar af inns\u00e6i og listr\u00e6num metna\u00f0i. Jafnframt er markmi\u00f0 \u00e1fangans a\u00f0 gera nemendur f\u00e6ra \u00ed a\u00f0 fylgja eigin listr\u00e6nu fyrir\u00e6tlunum \u00e1n t\u00e6knilegra annmarka og a\u00f0 geta greint og rannsaka\u00f0 vi\u00f0fangsefni myndlistar me\u00f0 akadem\u00edskri a\u00f0fer\u00f0arfr\u00e6\u00f0i.", "knowledge_goals": ["beina- og v\u00f6\u00f0vabyggingu mannsl\u00edkamans", "st\u00e6r\u00f0arhlutf\u00f6llum mannsl\u00edkamans", "myndbyggingu og r\u00fdmishugtaki", "hugt\u00f6kum eins og l\u00edna, fl\u00f6tur, fjarv\u00eddd, yfirskur\u00f0ur og spennipunktur, j\u00e1kv\u00e6tt og neikv\u00e6tt form", "a\u00f0 geta skipulagt verk s\u00edn \u00fat fr\u00e1 t\u00edma, st\u00e6r\u00f0 og efni"], "skills_goals": ["a\u00f0 t\u00falka og skilgreina fyrirmynd og hugmyndir af inns\u00e6i og lj\u00e1 \u00feeim listr\u00e6nt gildi", "a\u00f0 kunna skil \u00e1 e\u00f0li frumdraga og \u00edtarlegra teikninga", "a\u00f0 beita teikningu til ranns\u00f3knar \u00e1 vi\u00f0fangsefnum myndlistar", "a\u00f0 fylgja eigin listr\u00e6nu fyrir\u00e6tlunum \u00e1n t\u00e6knilegra annmarka", "a\u00f0 geta greint a\u00f0alatri\u00f0i fr\u00e1 aukaatri\u00f0um \u00ed teikningu"], "credits": 5, "last_modified": 1432026641.115236, "schools": ["51234a818caa45ed97015b35"], "coauthors": null, "instructions": "", "continued_education": false, "level": 3, "prerequisites": "Undanfari: SJ\u00d3N1EU05, SJ\u00d3N1LS05, MYNL1HU05, MYNL2MT05, LJ\u00d3S1SL05 ", "author": "f8d44553-42df-4c20-a712-9f65b3261ea9", "abbreviation_version": null, "competence_goals": [["\u00fej\u00e1lfa upp h\u00e6fni til a\u00f0 rannsaka vi\u00f0fangsefni myndlistar me\u00f0 akadem\u00edskum a\u00f0fer\u00f0arfr\u00e6\u00f0um", ""], ["t\u00falka hugmyndir s\u00ednar af inns\u00e6i og listr\u00e6num metna\u00f0i", ""], ["takast \u00e1 vi\u00f0 kr\u00f6fur um listr\u00e6nt sj\u00e1lfst\u00e6\u00f0i og akadem\u00edsk vinnubr\u00f6g\u00f0 \u00e1 h\u00e1sk\u00f3lastigi", ""], ["hagn\u00fdta s\u00e9r \u00feekkingu s\u00edna og skapandi hugsun til \u00e1framhaldandi n\u00e1ms \u00e1 \u00f6\u00f0rum \u00feekkingarsvi\u00f0um", ""], ["beita breytilegri t\u00e6kni \u00ed verkum s\u00ednum", ""]], "_id": "555afe1162933a0313000f02"}, {"exemplary": null, "topics": "fjarv\u00eddd, formfr\u00e6\u00f0i, h\u00f6nnun, myndbygging", "abbreviation": "MYNL2FF03(FB)", "former_schools": null, "subject": "myndlist", "title": "Fjarv\u00edddarteikning", "version": 18, "status_trans": "Sam\u00feykkt af sk\u00f3la", "embedded_subject": {"abbreviation": "MYNL", "topics": [{"abbreviation": "LO", "topics": ["lokaverkefni"]}, {"abbreviation": "GM", "topics": ["grunn\u00fe\u00e6ttir m\u00e1lunar"]}, {"abbreviation": "PM", "topics": ["portrett m\u00e1lun"]}, {"abbreviation": "\u00daL", "topics": ["\u00fargangslist"]}, {"abbreviation": "GT", "topics": ["form- og litafr\u00e6\u00f0i", "grunn\u00e1fangi \u00ed myndlist", "teikning"]}, {"abbreviation": "ET", "topics": ["efnis- og myndbygging", "tv\u00edv\u00ed\u00f0 og \u00fer\u00edv\u00ed\u00f0form; form-"]}, {"abbreviation": "ML", "topics": ["litabl\u00f6ndun og teikning mannsl\u00edkamans", "myndbygging"]}, {"abbreviation": "TG", "topics": ["grunn\u00e1fangi \u00ed myndlist", "teikning"]}, {"abbreviation": "FM", "topics": ["frj\u00e1ls m\u00e1lun"]}, {"abbreviation": "TE", "topics": ["teikning"]}, {"abbreviation": "LB", "topics": ["litafr\u00e6\u00f0i", "skissub\u00f3k"]}, {"abbreviation": "GB", "topics": ["graf\u00edk", "vinnub\u00f3k"]}, {"abbreviation": "VB", "topics": ["vatnslitir", "vinnub\u00f3k"]}, {"abbreviation": "MB", "topics": ["m\u00e1lun", "vinnub\u00f3k"]}, {"abbreviation": "FO", "topics": ["myndbygging", "m\u00e1lun", "tv\u00edv\u00ed\u00f0 formfr\u00e6\u00f0i"]}, {"abbreviation": "\u00deR", "topics": ["sk\u00falpt\u00far", "\u00fer\u00edv\u00ed\u00f0 h\u00f6nnun"]}, {"abbreviation": "T\u00de", "topics": ["ANAT\u00d3M\u00cdA", "LEIKMYNDASENUR", "M\u00d3DELTEIKNING", "SKISSUR", "STORYBOARD", "TEIKNIMYNDAS\u00d6GUR", "TEIKNI\u00deJ\u00c1LFUN"]}, {"abbreviation": "LI", "topics": ["litur", "n\u00e1tt\u00fara", "n\u00fdsk\u00f6pun"]}, {"abbreviation": "TT", "topics": ["Teikning", "n\u00fdsk\u00f6pun", "t\u00f6lvur"]}, {"abbreviation": "MT", "topics": ["M\u00f3del teikning"]}, {"abbreviation": "LF", "topics": ["Listgildi og fagurfr\u00e6\u00f0i"]}, {"abbreviation": "\u00daS", "topics": ["starfsbraut", "\u00farganslist"]}, {"abbreviation": "HM", "topics": ["Hreyfimyndir og myndl\u00edfgun"]}, {"abbreviation": "MF", "topics": ["Myndbygging og fjarv\u00eddd"]}, {"abbreviation": "ST", "topics": ["sk\u00f6pun og t\u00falkun", "\u00c1r\u00e6\u00f0ni"]}, {"abbreviation": "TM", "topics": ["Teikning", "m\u00f3del"]}, {"abbreviation": "AT", "topics": ["Teikning", "grunnur."]}, {"abbreviation": "BV", "topics": ["Vatnslitur og vinnub\u00f3k."]}, {"abbreviation": "MA", "topics": ["l\u00edkamsbygging", "m\u00f3delteikning", "sj\u00f3nskynjun"]}, {"abbreviation": "SL", "topics": ["Sj\u00f3nlist", "myndlist", "m\u00e1lun", "teikning"]}, {"abbreviation": "HN", "topics": ["h\u00f6nnun", "lausnarleit", "n\u00fdsk\u00f6pun", "\u00fearfagreining"]}, {"abbreviation": "VT", "topics": ["Valteikning"]}, {"abbreviation": "HU", "topics": ["hugmyndavinna", "skapandi hugsun", "sk\u00f6punarferli", "\u00fer\u00f3un hugmynda"]}, {"abbreviation": "MS", "topics": ["fagurfr\u00e6\u00f0i", "m\u00f3delteikning", "sj\u00f3nskynjun"]}, {"abbreviation": "SK", "topics": ["l\u00e1gmyndir og r\u00fdmi", "sk\u00falpt\u00far", "\u00fer\u00edv\u00ed\u00f0 myndverk"]}, {"abbreviation": "LJ", "topics": ["filmur", "hugmyndavinna", "lj\u00f3smyndat\u00e6kni", "myrkrakompa"]}, {"abbreviation": "FF", "topics": ["fjarv\u00eddd", "formfr\u00e6\u00f0i", "h\u00f6nnun", "myndbygging"]}, {"abbreviation": "TS", "topics": ["myndsk\u00f6pun", "skissuger\u00f0", "teikning"]}, {"abbreviation": "M\u00c1", "topics": ["myndbygging", "m\u00e1lverk", "sk\u00f6punarferli"]}, {"abbreviation": "GR", "topics": ["dj\u00fap\u00ferykk", "ein\u00ferykk", "graf\u00edk", "h\u00e6\u00f0ar\u00ferykk"]}, {"abbreviation": "LV", "topics": ["lokaverkefni myndlistarkj\u00f6rsvi\u00f0s", "sk\u00f6punarferli", "s\u00fdning"]}, {"abbreviation": "MY", "topics": ["Myndbygging", "formfr\u00e6\u00f0i", "litur", "r\u00fdmi"]}, {"abbreviation": "MH", "topics": ["Myndbygging", "formfr\u00e6\u00f0i", "h\u00f6nnun", "litur"]}, {"abbreviation": "TA", "topics": ["Teikni\u00fej\u00e1lfun", "anat\u00f3m\u00eda", "m\u00f3del", "skissur"]}, {"abbreviation": "\u00deL", "topics": ["leikmynd", "l\u00edk\u00f6n", "\u00der\u00edvi\u00f0 formfr\u00e6\u00f0i"]}, {"abbreviation": "\u00deF", "topics": ["leikmynd og l\u00edk\u00f6n", "\u00der\u00edvi\u00f0 formfr\u00e6\u00f0i"]}, {"abbreviation": "\u00deV", "topics": ["\u00der\u00edv\u00ed\u00f0 formfr\u00e6\u00f0i"]}, {"abbreviation": "MG", "topics": ["Teikning", "m\u00e1lun", "skapandi ferli"]}, {"abbreviation": "LS", "topics": ["Lokaverkefni", "sk\u00f6punarferli", "s\u00fdning"]}, {"abbreviation": "BG", "topics": ["Graf\u00edk", "\u00ferykk og vinnub\u00f3k."]}, {"abbreviation": "T\u00cd", "topics": ["T\u00edmi \u00ed myndlist"]}, {"abbreviation": "\u00deM", "topics": ["\u00der\u00edv\u00ed\u00f0 myndbygging"]}, {"abbreviation": "SR", "topics": ["Sk\u00falpt\u00far/r\u00fdmi/h\u00f6nnun"]}, {"abbreviation": "SH", "topics": ["Sk\u00falpt\u00far", "h\u00f6nnun", "r\u00fdmi"]}, {"abbreviation": "GH", "topics": ["Graf\u00edsk h\u00f6nnun"]}, {"abbreviation": "TB", "topics": ["Teikning", "myndbygging", "myndgreining"]}, {"abbreviation": "LM", "topics": ["Litafr\u00e6\u00f0i"]}, {"abbreviation": "MN", "topics": ["M\u00e1lun"]}, {"abbreviation": "H\u00d6", "topics": ["H\u00f6nnun: Samspil lj\u00f3ss og lita \u00e1 r\u00fdmismyndun"]}, {"abbreviation": "H\u00de", "topics": ["H\u00f6nnun: \u00fer\u00edv\u00ed\u00f0 myndhugsun", "h\u00f6nnun"]}, {"abbreviation": "R\u00de", "topics": ["R\u00fdmisverk", "\u00fer\u00f3un hugmynda"]}, {"abbreviation": "LR", "topics": ["Lokaverkefni \u00ed r\u00fdmish\u00f6nnun"]}, {"abbreviation": "PO", "topics": ["Gagnamappa/portf\u00f3l\u00ed\u00f3"]}, {"abbreviation": "BM", "topics": ["Beina- og v\u00f6\u00f0vabygging mannsl\u00edkamans"]}], "_id": "50c0a02dd8e40575f7f6f4b3", "subjects": ["myndlist"], "counter": {"1": 5, "3": 11, "2": 16, "4": 1}}, "evaluation": "Lei\u00f0sagnarmat. Fj\u00f6lbreytt verkefni unnin jafnt og \u00fe\u00e9tt yfir \u00f6nnina. Vinnubr\u00f6g\u00f0, virkni og listr\u00e6nt gildi eru l\u00f6g\u00f0 til  grundvallar n\u00e1msmati.  \u00c1hersla \u00e1 umsagnir sem lei\u00f0a nemandann \u00e1fram. Engin skrifleg pr\u00f3f.\n\u00deekking er metin \u00fat fr\u00e1 kunn\u00e1ttu \u00ed fjarv\u00edddar a\u00f0fer\u00f0um myndlistar.\nLeikni er metin \u00fat fr\u00e1 verklagi og f\u00e6rni \u00ed \u00fatf\u00e6rslu verkefna.\nH\u00e6fni er metin \u00fat fr\u00e1 sj\u00e1lfst\u00e6\u00f0i og sk\u00f6pun \u00ed \u00fer\u00f3un hugmynda.", "categorization_suggestion": "FB", "embedded_topics": {"abbreviation": "FF", "topics": ["fjarv\u00eddd", "formfr\u00e6\u00f0i", "h\u00f6nnun", "myndbygging"]}, "status": "approved by school", "description": "\u00deetta er framhalds\u00e1fangi \u00ed myndlist sem byggist \u00e1 \u00fev\u00ed a\u00f0 d\u00fdpka \u00feekkingu nemenda \u00e1 beitingu fjarv\u00edddarteikningar. Fjarv\u00edddarteikning er a\u00f0fer\u00f0 sem notu\u00f0 er \u00feegar \u00fer\u00edv\u00edtt umhverfi er teikna\u00f0 \u00e1 tv\u00edv\u00ed\u00f0an fl\u00f6t. Nemendur efla \u00feekkingu s\u00edna \u00e1 sams\u00ed\u00f0afjarv\u00eddd og fjarv\u00eddd \u00fat fr\u00e1 hvarfpunktum me\u00f0 h\u00f6fu\u00f0\u00e1herslu \u00e1 eins, tveggja og \u00feriggja punkta fjarv\u00eddd \u00feannig a\u00f0 \u00feeir hafi vald \u00e1 r\u00fdmisteikningu og getu til a\u00f0 teikna \u00fer\u00edv\u00ed\u00f0a hluti.\n\n", "knowledge_goals": ["s\u00f6gulegum forsendum fjarv\u00edddarteikningar", "notkun sams\u00ed\u00f0afjarv\u00edddar (isometri)", "notkun eins punkts fjarv\u00edddar (perspectiv)", "notkun tveggja punkta fjarv\u00edddar", "notkun \u00feriggja punkta fjarv\u00edddar", "notkun t\u00f3na \u00ed litbrig\u00f0um til t\u00falkunar \u00e1 fjarv\u00eddd", "notkun l\u00ednu til t\u00falkunar \u00e1 fjarv\u00eddd", "bj\u00f6gun \u00ed fjarv\u00edddarmyndum ef sj\u00f3narhorni\u00f0 er of v\u00edtt"], "skills_goals": ["teikna fl\u00f3kin form \u00fat fr\u00e1 sams\u00ed\u00f0afjarv\u00eddd", "teikna umhverfi \u00fat fr\u00e1 eins punkts punkta fjarv\u00eddd", "teikna umhverfi \u00fat fr\u00e1 tveggja punkta fjarv\u00eddd", "teikna  umhverfi \u00fat fr\u00e1 \u00feriggja punkta fjarv\u00eddd", "teikna fjarv\u00edddarmyndir fr\u00edhendis", "teikna skugga og skuggavarp \u00ed fjarv\u00edddarteikningu", "n\u00fdta s\u00e9r fjarv\u00edddarteikningu vi\u00f0 t\u00falkun fl\u00f3kinna r\u00fdmishugmynda"], "credits": 3, "last_modified": 1431618381.00639, "schools": ["51234a818caa45ed97015b35"], "coauthors": null, "instructions": "", "continued_education": false, "level": 2, "prerequisites": "Undanfari: SJ\u00d3N1EU05, SJ\u00d3N1LS05, MYNL1HU05, MYNL2MT05, LJ\u00d3S1SL05 ", "author": "f8d44553-42df-4c20-a712-9f65b3261ea9", "abbreviation_version": null, "competence_goals": [["setja verk s\u00edn \u00ed menningars\u00f6gulegt samhengi", ""], ["s\u00fdna fram \u00e1 a\u00f0 hann s\u00e9 f\u00e6r um a\u00f0 \u00fer\u00f3a hugmyndir s\u00ednar innan marka fjarv\u00edddar \u00e1 me\u00f0vita\u00f0an og gagnr\u00fdninn h\u00e1tt", ""], ["r\u00e6\u00f0a  opinsk\u00e1tt og gagnr\u00fdna myndir samnemenda sinna, eigin myndir og annarra", ""], ["hafa gott vald \u00e1 myndbyggingu \u00ed myndum sem eru unnar \u00ed rauns\u00e6rri fjarv\u00eddd", ""], ["\u00e1kve\u00f0a \u00fe\u00e6r fjarv\u00edddar a\u00f0fer\u00f0ir sem best henta vi\u00f0fangsefninu", ""]], "_id": "5554c34d62933a2f3d000ea1"}, {"exemplary": null, "topics": "hugmyndavinna, skapandi hugsun, sk\u00f6punarferli, \u00fer\u00f3un hugmynda", "abbreviation": "MYNL1HU05(FB)", "former_schools": null, "subject": "myndlist", "title": "Hugmyndavinna og ferli", "version": 12, "status_trans": "Sam\u00feykkt af sk\u00f3la", "embedded_subject": {"abbreviation": "MYNL", "topics": [{"abbreviation": "LO", "topics": ["lokaverkefni"]}, {"abbreviation": "GM", "topics": ["grunn\u00fe\u00e6ttir m\u00e1lunar"]}, {"abbreviation": "PM", "topics": ["portrett m\u00e1lun"]}, {"abbreviation": "\u00daL", "topics": ["\u00fargangslist"]}, {"abbreviation": "GT", "topics": ["form- og litafr\u00e6\u00f0i", "grunn\u00e1fangi \u00ed myndlist", "teikning"]}, {"abbreviation": "ET", "topics": ["efnis- og myndbygging", "tv\u00edv\u00ed\u00f0 og \u00fer\u00edv\u00ed\u00f0form; form-"]}, {"abbreviation": "ML", "topics": ["litabl\u00f6ndun og teikning mannsl\u00edkamans", "myndbygging"]}, {"abbreviation": "TG", "topics": ["grunn\u00e1fangi \u00ed myndlist", "teikning"]}, {"abbreviation": "FM", "topics": ["frj\u00e1ls m\u00e1lun"]}, {"abbreviation": "TE", "topics": ["teikning"]}, {"abbreviation": "LB", "topics": ["litafr\u00e6\u00f0i", "skissub\u00f3k"]}, {"abbreviation": "GB", "topics": ["graf\u00edk", "vinnub\u00f3k"]}, {"abbreviation": "VB", "topics": ["vatnslitir", "vinnub\u00f3k"]}, {"abbreviation": "MB", "topics": ["m\u00e1lun", "vinnub\u00f3k"]}, {"abbreviation": "FO", "topics": ["myndbygging", "m\u00e1lun", "tv\u00edv\u00ed\u00f0 formfr\u00e6\u00f0i"]}, {"abbreviation": "\u00deR", "topics": ["sk\u00falpt\u00far", "\u00fer\u00edv\u00ed\u00f0 h\u00f6nnun"]}, {"abbreviation": "T\u00de", "topics": ["ANAT\u00d3M\u00cdA", "LEIKMYNDASENUR", "M\u00d3DELTEIKNING", "SKISSUR", "STORYBOARD", "TEIKNIMYNDAS\u00d6GUR", "TEIKNI\u00deJ\u00c1LFUN"]}, {"abbreviation": "LI", "topics": ["litur", "n\u00e1tt\u00fara", "n\u00fdsk\u00f6pun"]}, {"abbreviation": "TT", "topics": ["Teikning", "n\u00fdsk\u00f6pun", "t\u00f6lvur"]}, {"abbreviation": "MT", "topics": ["M\u00f3del teikning"]}, {"abbreviation": "LF", "topics": ["Listgildi og fagurfr\u00e6\u00f0i"]}, {"abbreviation": "\u00daS", "topics": ["starfsbraut", "\u00farganslist"]}, {"abbreviation": "HM", "topics": ["Hreyfimyndir og myndl\u00edfgun"]}, {"abbreviation": "MF", "topics": ["Myndbygging og fjarv\u00eddd"]}, {"abbreviation": "ST", "topics": ["sk\u00f6pun og t\u00falkun", "\u00c1r\u00e6\u00f0ni"]}, {"abbreviation": "TM", "topics": ["Teikning", "m\u00f3del"]}, {"abbreviation": "AT", "topics": ["Teikning", "grunnur."]}, {"abbreviation": "BV", "topics": ["Vatnslitur og vinnub\u00f3k."]}, {"abbreviation": "MA", "topics": ["l\u00edkamsbygging", "m\u00f3delteikning", "sj\u00f3nskynjun"]}, {"abbreviation": "SL", "topics": ["Sj\u00f3nlist", "myndlist", "m\u00e1lun", "teikning"]}, {"abbreviation": "HN", "topics": ["h\u00f6nnun", "lausnarleit", "n\u00fdsk\u00f6pun", "\u00fearfagreining"]}, {"abbreviation": "VT", "topics": ["Valteikning"]}, {"abbreviation": "HU", "topics": ["hugmyndavinna", "skapandi hugsun", "sk\u00f6punarferli", "\u00fer\u00f3un hugmynda"]}, {"abbreviation": "MS", "topics": ["fagurfr\u00e6\u00f0i", "m\u00f3delteikning", "sj\u00f3nskynjun"]}, {"abbreviation": "SK", "topics": ["l\u00e1gmyndir og r\u00fdmi", "sk\u00falpt\u00far", "\u00fer\u00edv\u00ed\u00f0 myndverk"]}, {"abbreviation": "LJ", "topics": ["filmur", "hugmyndavinna", "lj\u00f3smyndat\u00e6kni", "myrkrakompa"]}, {"abbreviation": "FF", "topics": ["fjarv\u00eddd", "formfr\u00e6\u00f0i", "h\u00f6nnun", "myndbygging"]}, {"abbreviation": "TS", "topics": ["myndsk\u00f6pun", "skissuger\u00f0", "teikning"]}, {"abbreviation": "M\u00c1", "topics": ["myndbygging", "m\u00e1lverk", "sk\u00f6punarferli"]}, {"abbreviation": "GR", "topics": ["dj\u00fap\u00ferykk", "ein\u00ferykk", "graf\u00edk", "h\u00e6\u00f0ar\u00ferykk"]}, {"abbreviation": "LV", "topics": ["lokaverkefni myndlistarkj\u00f6rsvi\u00f0s", "sk\u00f6punarferli", "s\u00fdning"]}, {"abbreviation": "MY", "topics": ["Myndbygging", "formfr\u00e6\u00f0i", "litur", "r\u00fdmi"]}, {"abbreviation": "MH", "topics": ["Myndbygging", "formfr\u00e6\u00f0i", "h\u00f6nnun", "litur"]}, {"abbreviation": "TA", "topics": ["Teikni\u00fej\u00e1lfun", "anat\u00f3m\u00eda", "m\u00f3del", "skissur"]}, {"abbreviation": "\u00deL", "topics": ["leikmynd", "l\u00edk\u00f6n", "\u00der\u00edvi\u00f0 formfr\u00e6\u00f0i"]}, {"abbreviation": "\u00deF", "topics": ["leikmynd og l\u00edk\u00f6n", "\u00der\u00edvi\u00f0 formfr\u00e6\u00f0i"]}, {"abbreviation": "\u00deV", "topics": ["\u00der\u00edv\u00ed\u00f0 formfr\u00e6\u00f0i"]}, {"abbreviation": "MG", "topics": ["Teikning", "m\u00e1lun", "skapandi ferli"]}, {"abbreviation": "LS", "topics": ["Lokaverkefni", "sk\u00f6punarferli", "s\u00fdning"]}, {"abbreviation": "BG", "topics": ["Graf\u00edk", "\u00ferykk og vinnub\u00f3k."]}, {"abbreviation": "T\u00cd", "topics": ["T\u00edmi \u00ed myndlist"]}, {"abbreviation": "\u00deM", "topics": ["\u00der\u00edv\u00ed\u00f0 myndbygging"]}, {"abbreviation": "SR", "topics": ["Sk\u00falpt\u00far/r\u00fdmi/h\u00f6nnun"]}, {"abbreviation": "SH", "topics": ["Sk\u00falpt\u00far", "h\u00f6nnun", "r\u00fdmi"]}, {"abbreviation": "GH", "topics": ["Graf\u00edsk h\u00f6nnun"]}, {"abbreviation": "TB", "topics": ["Teikning", "myndbygging", "myndgreining"]}, {"abbreviation": "LM", "topics": ["Litafr\u00e6\u00f0i"]}, {"abbreviation": "MN", "topics": ["M\u00e1lun"]}, {"abbreviation": "H\u00d6", "topics": ["H\u00f6nnun: Samspil lj\u00f3ss og lita \u00e1 r\u00fdmismyndun"]}, {"abbreviation": "H\u00de", "topics": ["H\u00f6nnun: \u00fer\u00edv\u00ed\u00f0 myndhugsun", "h\u00f6nnun"]}, {"abbreviation": "R\u00de", "topics": ["R\u00fdmisverk", "\u00fer\u00f3un hugmynda"]}, {"abbreviation": "LR", "topics": ["Lokaverkefni \u00ed r\u00fdmish\u00f6nnun"]}, {"abbreviation": "PO", "topics": ["Gagnamappa/portf\u00f3l\u00ed\u00f3"]}, {"abbreviation": "BM", "topics": ["Beina- og v\u00f6\u00f0vabygging mannsl\u00edkamans"]}, {"abbreviation": "SE", "topics": ["Sk\u00f6pun og teikning"]}, {"abbreviation": "UT", "topics": ["Umhverfi og teikning"]}, {"abbreviation": "HH", "topics": ["Hugmyndir og h\u00f6nnun \u00ed n\u00e6rsamf\u00e9lagi"]}, {"abbreviation": "IN", "topics": ["Inngangur a\u00f0 myndlist"]}, {"abbreviation": "A\u00d3", "topics": ["Metin myndlist \u00e1 \u00f6\u00f0ru \u00ferepi."]}, {"abbreviation": "A\u00d3", "topics": ["Metin myndlist \u00e1 \u00f6\u00f0ru \u00ferepi."]}], "_id": "50c0a02dd8e40575f7f6f4b3", "subjects": ["myndlist"], "counter": {"1": 11, "3": 28, "2": 22, "4": 1}}, "evaluation": "Kennari leggur mat \u00e1 \u00e1stundun og vinnubr\u00f6g\u00f0 nemandans. Hann metur skilning hans \u00e1 markmi\u00f0um \u00e1fangans \u00fat fr\u00e1 skissub\u00f3k og b\u00f3kverkum e\u00f0a \u00f6\u00f0rum verkum. Vinnubr\u00f6g\u00f0, virkni og listr\u00e6nt gildi eru s\u00f6mulei\u00f0is l\u00f6g\u00f0 til grundvallar n\u00e1msmati.  ", "categorization_suggestion": "FB", "embedded_topics": {"abbreviation": "HU", "topics": ["hugmyndavinna", "skapandi hugsun", "sk\u00f6punarferli", "\u00fer\u00f3un hugmynda"]}, "status": "approved by school", "description": "\u00c1hersla er l\u00f6g\u00f0 \u00e1 sj\u00e1lfst\u00e6\u00f0a sk\u00f6pun og skilning \u00e1 \u00fer\u00f3un hugmynda og myndr\u00e6nu ferli. Notkun skissub\u00f3kar vi\u00f0 \u00fer\u00f3un og \u00farvinnslu hugmynda. Teikning, graf\u00edskar a\u00f0fer\u00f0ir, b\u00f3kverk, myndr\u00e6n ferli af \u00fdmsu tagi. ", "knowledge_goals": ["a\u00f0fer\u00f0um vi\u00f0 a\u00f0 f\u00e1 hugmyndir og vinna \u00far \u00feeim svo sem a\u00f0 afla s\u00e9r efnis, flokka \u00fea\u00f0 og n\u00fdta vi\u00f0 hugmyndavinnu e\u00f0a f\u00e1 hugmynd og styrkja hana me\u00f0 efnis\u00f6flun", "kunna skil \u00e1 \u00fdmsum a\u00f0fer\u00f0um vi\u00f0 fj\u00f6lf\u00f6ldun svo sem graf\u00edskum a\u00f0fer\u00f0um", "hugt\u00f6kum tengdum hugmyndavinnu, ferilvinnu og \u00ferykki", "sk\u00f6punarferlinu og helstu vinnua\u00f0fer\u00f0um myndlistarmanna"], "skills_goals": ["n\u00fdta s\u00e9r helstu a\u00f0fer\u00f0ir vi\u00f0 hugmyndavinnu", "nota skissub\u00f3k vi\u00f0 \u00f6flun og \u00farvinnslu hugmynda", "nota \u00ferykk/graf\u00edskar a\u00f0fer\u00f0ir vi\u00f0 myndsk\u00f6pun", "geta nota\u00f0 stafr\u00e6na t\u00e6kni vi\u00f0 efnis\u00f6flun og \u00farvinnslu hugmynda", "vinna sj\u00e1lfst\u00e6tt a\u00f0 eigin sk\u00f6pun me\u00f0 \u00feeirri a\u00f0fer\u00f0 sem hann k\u00fds og hentar hugmyndinni", "geta tj\u00e1\u00f0 sig um eigin verk og annarra"], "credits": 5, "last_modified": 1453821607.618121, "schools": ["51234a818caa45ed97015b35"], "coauthors": null, "instructions": "", "continued_education": false, "level": 1, "prerequisites": "Undanfari: SJ\u00d3N1EU05, SJ\u00d3N1LS05", "author": "41be24d4-5ecf-4d99-9661-f49f574e3dcc", "abbreviation_version": null, "competence_goals": [["setja hugmyndir s\u00ednar fram \u00ed skissuformi", ""], ["n\u00fdta s\u00e9r umr\u00e6ddar skissur vi\u00f0 myndsk\u00f6pun s\u00edna, velja \u00far hugmyndum, \u00fer\u00f3a \u00fe\u00e6r og setja fram sem myndr\u00e6nt ferli me\u00f0 \u00fev\u00ed a\u00f0 hagn\u00fdta einhvern \u00feeirra mi\u00f0la sem unni\u00f0 er me\u00f0 \u00ed \u00e1fanganum, svo sem \u00ferykk e\u00f0a a\u00f0rar graf\u00edskar a\u00f0fer\u00f0ir", ""], ["meta eigin hugmyndir \u00fat fr\u00e1 listr\u00e6num forsendum og velja \u00far \u00feeim \u00fe\u00e6r sem best henta til frekari \u00farvinnslu", ""], ["\u00fer\u00f3a eigin hugmyndir og setja \u00fe\u00e6r fram \u00ed formi myndr\u00e6ns ferlis e\u00f0a b\u00f3kverks", ""]], "_id": "56a78ea762933a776c00decb"}, {"exemplary": null, "topics": "Litafr\u00e6\u00f0i", "abbreviation": "MYNL3LM03(FB)", "former_schools": null, "subject": "myndlist", "title": "Litafr\u00e6\u00f0i", "version": 24, "status_trans": "Sam\u00feykkt af sk\u00f3la", "embedded_subject": {"abbreviation": "MYNL", "topics": [{"abbreviation": "LO", "topics": ["lokaverkefni"]}, {"abbreviation": "GM", "topics": ["grunn\u00fe\u00e6ttir m\u00e1lunar"]}, {"abbreviation": "PM", "topics": ["portrett m\u00e1lun"]}, {"abbreviation": "\u00daL", "topics": ["\u00fargangslist"]}, {"abbreviation": "GT", "topics": ["form- og litafr\u00e6\u00f0i", "grunn\u00e1fangi \u00ed myndlist", "teikning"]}, {"abbreviation": "ET", "topics": ["efnis- og myndbygging", "tv\u00edv\u00ed\u00f0 og \u00fer\u00edv\u00ed\u00f0form; form-"]}, {"abbreviation": "ML", "topics": ["litabl\u00f6ndun og teikning mannsl\u00edkamans", "myndbygging"]}, {"abbreviation": "TG", "topics": ["grunn\u00e1fangi \u00ed myndlist", "teikning"]}, {"abbreviation": "FM", "topics": ["frj\u00e1ls m\u00e1lun"]}, {"abbreviation": "TE", "topics": ["teikning"]}, {"abbreviation": "LB", "topics": ["litafr\u00e6\u00f0i", "skissub\u00f3k"]}, {"abbreviation": "GB", "topics": ["graf\u00edk", "vinnub\u00f3k"]}, {"abbreviation": "VB", "topics": ["vatnslitir", "vinnub\u00f3k"]}, {"abbreviation": "MB", "topics": ["m\u00e1lun", "vinnub\u00f3k"]}, {"abbreviation": "FO", "topics": ["myndbygging", "m\u00e1lun", "tv\u00edv\u00ed\u00f0 formfr\u00e6\u00f0i"]}, {"abbreviation": "\u00deR", "topics": ["sk\u00falpt\u00far", "\u00fer\u00edv\u00ed\u00f0 h\u00f6nnun"]}, {"abbreviation": "T\u00de", "topics": ["ANAT\u00d3M\u00cdA", "LEIKMYNDASENUR", "M\u00d3DELTEIKNING", "SKISSUR", "STORYBOARD", "TEIKNIMYNDAS\u00d6GUR", "TEIKNI\u00deJ\u00c1LFUN"]}, {"abbreviation": "LI", "topics": ["litur", "n\u00e1tt\u00fara", "n\u00fdsk\u00f6pun"]}, {"abbreviation": "TT", "topics": ["Teikning", "n\u00fdsk\u00f6pun", "t\u00f6lvur"]}, {"abbreviation": "MT", "topics": ["M\u00f3del teikning"]}, {"abbreviation": "LF", "topics": ["Listgildi og fagurfr\u00e6\u00f0i"]}, {"abbreviation": "\u00daS", "topics": ["starfsbraut", "\u00farganslist"]}, {"abbreviation": "HM", "topics": ["Hreyfimyndir og myndl\u00edfgun"]}, {"abbreviation": "MF", "topics": ["Myndbygging og fjarv\u00eddd"]}, {"abbreviation": "ST", "topics": ["sk\u00f6pun og t\u00falkun", "\u00c1r\u00e6\u00f0ni"]}, {"abbreviation": "TM", "topics": ["Teikning", "m\u00f3del"]}, {"abbreviation": "AT", "topics": ["Teikning", "grunnur."]}, {"abbreviation": "BV", "topics": ["Vatnslitur og vinnub\u00f3k."]}, {"abbreviation": "MA", "topics": ["l\u00edkamsbygging", "m\u00f3delteikning", "sj\u00f3nskynjun"]}, {"abbreviation": "SL", "topics": ["Sj\u00f3nlist", "myndlist", "m\u00e1lun", "teikning"]}, {"abbreviation": "HN", "topics": ["h\u00f6nnun", "lausnarleit", "n\u00fdsk\u00f6pun", "\u00fearfagreining"]}, {"abbreviation": "VT", "topics": ["Valteikning"]}, {"abbreviation": "HU", "topics": ["hugmyndavinna", "skapandi hugsun", "sk\u00f6punarferli", "\u00fer\u00f3un hugmynda"]}, {"abbreviation": "MS", "topics": ["fagurfr\u00e6\u00f0i", "m\u00f3delteikning", "sj\u00f3nskynjun"]}, {"abbreviation": "SK", "topics": ["l\u00e1gmyndir og r\u00fdmi", "sk\u00falpt\u00far", "\u00fer\u00edv\u00ed\u00f0 myndverk"]}, {"abbreviation": "LJ", "topics": ["filmur", "hugmyndavinna", "lj\u00f3smyndat\u00e6kni", "myrkrakompa"]}, {"abbreviation": "FF", "topics": ["fjarv\u00eddd", "formfr\u00e6\u00f0i", "h\u00f6nnun", "myndbygging"]}, {"abbreviation": "TS", "topics": ["myndsk\u00f6pun", "skissuger\u00f0", "teikning"]}, {"abbreviation": "M\u00c1", "topics": ["myndbygging", "m\u00e1lverk", "sk\u00f6punarferli"]}, {"abbreviation": "GR", "topics": ["dj\u00fap\u00ferykk", "ein\u00ferykk", "graf\u00edk", "h\u00e6\u00f0ar\u00ferykk"]}, {"abbreviation": "LV", "topics": ["lokaverkefni myndlistarkj\u00f6rsvi\u00f0s", "sk\u00f6punarferli", "s\u00fdning"]}, {"abbreviation": "MY", "topics": ["Myndbygging", "formfr\u00e6\u00f0i", "litur", "r\u00fdmi"]}, {"abbreviation": "MH", "topics": ["Myndbygging", "formfr\u00e6\u00f0i", "h\u00f6nnun", "litur"]}, {"abbreviation": "TA", "topics": ["Teikni\u00fej\u00e1lfun", "anat\u00f3m\u00eda", "m\u00f3del", "skissur"]}, {"abbreviation": "\u00deL", "topics": ["leikmynd", "l\u00edk\u00f6n", "\u00der\u00edvi\u00f0 formfr\u00e6\u00f0i"]}, {"abbreviation": "\u00deF", "topics": ["leikmynd og l\u00edk\u00f6n", "\u00der\u00edvi\u00f0 formfr\u00e6\u00f0i"]}, {"abbreviation": "\u00deV", "topics": ["\u00der\u00edv\u00ed\u00f0 formfr\u00e6\u00f0i"]}, {"abbreviation": "MG", "topics": ["Teikning", "m\u00e1lun", "skapandi ferli"]}, {"abbreviation": "LS", "topics": ["Lokaverkefni", "sk\u00f6punarferli", "s\u00fdning"]}, {"abbreviation": "BG", "topics": ["Graf\u00edk", "\u00ferykk og vinnub\u00f3k."]}, {"abbreviation": "T\u00cd", "topics": ["T\u00edmi \u00ed myndlist"]}, {"abbreviation": "\u00deM", "topics": ["\u00der\u00edv\u00ed\u00f0 myndbygging"]}, {"abbreviation": "SR", "topics": ["Sk\u00falpt\u00far/r\u00fdmi/h\u00f6nnun"]}, {"abbreviation": "SH", "topics": ["Sk\u00falpt\u00far", "h\u00f6nnun", "r\u00fdmi"]}, {"abbreviation": "GH", "topics": ["Graf\u00edsk h\u00f6nnun"]}, {"abbreviation": "TB", "topics": ["Teikning", "myndbygging", "myndgreining"]}, {"abbreviation": "LM", "topics": ["Litafr\u00e6\u00f0i"]}, {"abbreviation": "MN", "topics": ["M\u00e1lun"]}, {"abbreviation": "H\u00d6", "topics": ["H\u00f6nnun: Samspil lj\u00f3ss og lita \u00e1 r\u00fdmismyndun"]}, {"abbreviation": "H\u00de", "topics": ["H\u00f6nnun: \u00fer\u00edv\u00ed\u00f0 myndhugsun", "h\u00f6nnun"]}, {"abbreviation": "R\u00de", "topics": ["R\u00fdmisverk", "\u00fer\u00f3un hugmynda"]}, {"abbreviation": "LR", "topics": ["Lokaverkefni \u00ed r\u00fdmish\u00f6nnun"]}, {"abbreviation": "PO", "topics": ["Gagnamappa/portf\u00f3l\u00ed\u00f3"]}, {"abbreviation": "BM", "topics": ["Beina- og v\u00f6\u00f0vabygging mannsl\u00edkamans"]}], "_id": "50c0a02dd8e40575f7f6f4b3", "subjects": ["myndlist"], "counter": {"1": 5, "3": 11, "2": 16, "4": 1}}, "evaluation": "\u00c1fanginn er s\u00edmats\u00e1fangi. \u00c1stundun \u00ed t\u00edmum, virkni, fr\u00e1gangur, verklag, sj\u00e1lfst\u00e6\u00f0i \u00ed vinnubr\u00f6g\u00f0um. \u00c1fanganum er skipt ni\u00f0ur \u00ed nokkur verkefni og heimavinnuverkefni. L\u00f6g\u00f0 er \u00e1hersla \u00e1 a\u00f0 nemendur gangi vel fr\u00e1 hverju verkefni fyrir sig me\u00f0 \u00fev\u00ed a\u00f0 setja fram ni\u00f0urst\u00f6\u00f0ur og prufur \u00e1 framb\u00e6rilegan h\u00e1tt.", "categorization_suggestion": "FB", "embedded_topics": {"abbreviation": "LM", "topics": ["Litafr\u00e6\u00f0i"]}, "status": "approved by school", "description": "Markvissar tilraunir \u00ed bl\u00f6ndun lita: Mismunandi bl\u00f6ndunar\u00fe\u00e1ttur lita kanna\u00f0ur, hvernig litur breytist \u00fat fr\u00e1 breytingum \u00e1 t\u00f3ni, bl\u00e6 e\u00f0a lj\u00f3smagni. Litgreining \u00e1 jar\u00f0litum. Sko\u00f0a\u00f0 hvernig litur breytist eftir mismunandi samhengi. Tilraunir me\u00f0 litalampa. Bl\u00f6ndun lita me\u00f0 lj\u00f3si og skuggavarp \u00fear sem andst\u00e6\u00f0ur litur birtist \u00ed skugga. Samspil t\u00f3nlistar og litar sko\u00f0u\u00f0. T\u00falkun \u00e1 lit eftir pers\u00f3nulegri upplifun.", "knowledge_goals": ["kenningum/l\u00f6gm\u00e1lum litafr\u00e6\u00f0innar; litahringnum, andst\u00e6\u00f0um litum, heitum og k\u00f6ldum litum (Johannes Itten)", "litgreiningu; greina liti og vita hva\u00f0a liti \u00fearf til a\u00f0 blanda \u00e1kve\u00f0na liti \u00far umhverfinu", "lj\u00f3si og skugga, \u00fe.e. lj\u00f3si \u00ed lit og virkni \u00feess \u00ed veruleikanum \u00fear sem andst\u00e6\u00f0ir litir birtast \u00ed skugga", "\u00e1hrifum t\u00f3nlistar \u00e1 skynjun lita og forma (Vassily Vassilyevich Kandinsky)", "bl\u00e6brig\u00f0um litar \u00feegar hann vi\u00f0 fyrstu s\u00fdn vir\u00f0ist einn litur en er svo margir vi\u00f0 n\u00e1nari sko\u00f0un", "einlit (monochrome), a\u00f0 einn litur getur haldist sami litur \u00fe\u00f3 svo a\u00f0 birtumagn hans aukist e\u00f0a minnki", "myndgreiningarforriti (Adobe kuler) og notkun \u00feess vi\u00f0 litgreiningu mynda \u00ed t\u00f6lvum \u00e1hrifum litar \u00e1 r\u00fdmiskennd \u00e1 tv\u00edv\u00ed\u00f0um fleti"], "skills_goals": ["beita l\u00f6gm\u00e1lum litafr\u00e6\u00f0innar vi\u00f0 bl\u00f6ndun lita", "finna  og greina liti \u00ed umhverfinu", "sj\u00e1 andst\u00e6\u00f0a liti \u00ed skuggum", "nota lj\u00f3smyndat\u00e6kni vi\u00f0 a\u00f0 taka myndir af skuggum", "framkv\u00e6ma tilraunir og setja \u00fe\u00e6r fram \u00e1 framb\u00e6rilegan og pers\u00f3nulegan h\u00e1tt"], "credits": 3, "last_modified": 1431706783.477568, "schools": ["51234a818caa45ed97015b35"], "coauthors": null, "instructions": "", "continued_education": false, "level": 3, "prerequisites": "Undanfari: SJ\u00d3N1EU05, SJ\u00d3N1LS05, MYNL1HU05, MYNL2MT05, LJ\u00d3S1SL05, MYNL2\u00deV05, MYNL2FF03, LJ\u00d3S2FI05, MYNL3BM05, MYNL3TB05/MYNL3TB05, MYNL3GH05/MYNL3\u00deM06 og MYNL3GH05", "author": "f8d44553-42df-4c20-a712-9f65b3261ea9", "abbreviation_version": null, "competence_goals": [["geta blanda\u00f0 hvern \u00feann lit sem hann finnur \u00ed umhverfi s\u00ednu", ""], ["n\u00fdta s\u00e9r l\u00f6gm\u00e1l andst\u00e6\u00f0ra lita; hvernig \u00feeir vinna saman og hafa \u00f6rvandi \u00e1hrif \u00e1 virkni hver annars", ""], ["n\u00fdta \u00e1hrif litar \u00e1 myndbyggingu og \u00e1hrif \u00e1 r\u00fdmiskennd", ""], ["geta greint mismunandi litbrig\u00f0i \u00ed einf\u00f6ldum lit", ""], ["nota myndav\u00e9l til \u00feess a\u00f0 mynda virkni andst\u00e6\u00f0ra lita eftir mismunandi lj\u00f3si", ""], ["geta n\u00fdtt s\u00e9r \u00e1hrif t\u00f3nlistar \u00e1 listsk\u00f6pun s\u00edna", ""]], "_id": "55561c9f62933a03130002e1"}, {"exemplary": null, "topics": "Litafr\u00e6\u00f0i, formfr\u00e6\u00f0i, starfsumhverfi", "abbreviation": "SJ\u00d3N1LS05(FB)", "former_schools": null, "subject": "sj\u00f3nlistir", "title": "Litafr\u00e6\u00f0i, formfr\u00e6\u00f0i, starfsumhverfi", "version": 6, "status_trans": "Sam\u00feykkt af sk\u00f3la", "embedded_subject": {"abbreviation": "SJ\u00d3N", "topics": [{"abbreviation": "TE", "topics": ["merking", "teikning"]}, {"abbreviation": "LF", "topics": ["formfr\u00e6\u00f0i", "litafr\u00e6\u00f0i", "myndbygging"]}, {"abbreviation": "AM", "topics": ["almennur myndlistagrunnur"]}, {"abbreviation": "TF", "topics": ["a\u00f0fer\u00f0ir", "form", "teikning", "\u00e1h\u00f6ld"]}, {"abbreviation": "EU", "topics": ["Teikning", "undirb\u00fanings\u00e1fangi"]}, {"abbreviation": "LS", "topics": ["Litafr\u00e6\u00f0i", "formfr\u00e6\u00f0i", "starfsumhverfi"]}], "_id": "51275afc62933a682f000160", "subjects": ["sj\u00f3nlistir"], "counter": {"1": 5, "3": 0, "2": 0, "4": 0}}, "evaluation": "N\u00e1msmat \u00e1fangans felst \u00ed mati \u00e1 \u00farlausnum litafr\u00e6\u00f0i- og myndbyggingarverkefna sem unnin eru \u00ed kennslustundum og l\u00f6g\u00f0 fram \u00ed lok \u00e1fangans \u00ed samfelldri heildst\u00e6\u00f0ri vinnum\u00f6ppu. Verklag \u00ed kennslustundum  og fr\u00e1gangur verkefna og framsetning eru hluti n\u00e1msmatsins. Heiman\u00e1m er meti\u00f0 \u00e1 sama h\u00e1tt og vinnub\u00f3k en \u00fe\u00f3 er mun meira v\u00e6gi \u00e1 frumkv\u00e6\u00f0i, sk\u00f6punarkrafti og \u00e1r\u00e6\u00f0ni vi\u00f0 \u00farlausn heimaverkefna en \u00feegar vinnub\u00f3k er metin.  Starfsvettvangshlutinn er metinn \u00fat fr\u00e1 kynningu nemenda \u00e1 \u00feeirri vitneskju sem ranns\u00f3kn \u00feeirra hefur afla\u00f0 \u00feeim og er byggt \u00e1 mati kennara og jafningjamati. \u00c1hersla er l\u00f6g\u00f0 \u00e1 lei\u00f0sagnarmat me\u00f0 pers\u00f3nulegum ums\u00f6gnum samhli\u00f0a t\u00f6lulegum einkunnum me\u00f0 s\u00e9rstakri \u00e1herslu \u00e1 styrkleika og framt\u00ed\u00f0arm\u00f6guleika.", "categorization_suggestion": "FB", "embedded_topics": {"abbreviation": "LS", "topics": ["Litafr\u00e6\u00f0i", "formfr\u00e6\u00f0i", "starfsumhverfi"]}, "status": "approved by school", "description": "Kennd eru grunnl\u00f6gm\u00e1l myndbyggingar \u00fear sem unni\u00f0 er me\u00f0 hugt\u00f6kin jafnv\u00e6gi, \u00feyngd og tilraunir eru ger\u00f0ar me\u00f0 beitingu \u00feeirra. Einnig eru kennd grundvallarl\u00f6gm\u00e1l litafr\u00e6\u00f0i efnis og litabl\u00f6ndun efna er \u00e6f\u00f0.  Litanotkun og myndbygging eru svo samh\u00e6f\u00f0. Auk \u00feess afla nemendur fj\u00f6lbreyttra uppl\u00fdsinga um starfsvettvang myndlistarmennta\u00f0s f\u00f3lks.", "knowledge_goals": ["grunnl\u00f6gm\u00e1lum og reglum sem gilda um uppbyggingu mynda", "hugt\u00f6kunum jafnv\u00e6gi, \u00feyngd, hra\u00f0a, hrynjandi  me\u00f0 tillitli til myndbyggingar", "hinum \u00feremur v\u00edddum sem litur hefur: bl\u00e6, birtustigi og mettun", "\u00feeim l\u00f6gm\u00e1lum sem gilda um litabl\u00f6ndun efna var\u00f0andi alla \u00fe\u00e6ttina \u00ferj\u00e1 og samspil \u00feeirra", "frumlitum, annars stigs litum og \u00feri\u00f0ja stigs litum, birtustigi lita og \u00e1hrifum l\u00fdsingar og skyggingar me\u00f0 sv\u00f6rtu og hv\u00edtu", "l\u00f6gm\u00e1lunum um andst\u00e6\u00f0uliti, samst\u00e6\u00f0uliti, heita og kalda liti, hreina liti og jar\u00f0liti", "einf\u00f6ldum atri\u00f0um \u00ed samspili forms og lita", "helstu merkingartengslum forma og lita vi\u00f0 \u00fdmis gildi og t\u00e1kn \u00ed samf\u00e9laginu", "starfsm\u00f6guleikum, starfsvettvangi og m\u00f6guleikum myndlistarmennta\u00f0s f\u00f3lks til a\u00f0 koma list sinni \u00e1 framf\u00e6ri"], "skills_goals": ["beita l\u00f6gm\u00e1lum og reglum hef\u00f0bundinnar myndbyggingar til a\u00f0 gera \u00f3hlutbundnar  grunnmyndir \u00fear sem tilraunir eru ger\u00f0ar me\u00f0 jafnv\u00e6gi, \u00feyngd, hra\u00f0a og hrynjandi mynda", "blanda annars og \u00feri\u00f0ja stigs liti \u00far grunnlitunum efnislita, l\u00fdsa \u00fe\u00e1 og dekkja", "tefla saman litum og myndbyggingu til a\u00f0 n\u00e1 fram tilteknum \u00e1hrifum \u00ed mynd", "vinna kerfisbundi\u00f0 og beita ferlisvinnu \u00fear sem byrja\u00f0 er me\u00f0 mj\u00f6g einfaldar forsendur og reglur sem stig af stigi ver\u00f0a fl\u00f3knari hva\u00f0 var\u00f0ar byggingu og litasamsetningar", "nota reglur myndbyggingar og litafr\u00e6\u00f0i \u00e1 sj\u00e1lfst\u00e6\u00f0an h\u00e1tt vi\u00f0 vinnslu skapandi verkefna hvort heldur er eftir fyrirm\u00e6lum annarra e\u00f0a \u00fat fr\u00e1 eigin hugmyndum", "greina hvort mynd skilar \u00feeim \u00e1hrifum sem s\u00f3st er eftir og geta r\u00e6tt og r\u00f6kstutt val sitt me\u00f0 \u00fev\u00ed a\u00f0 beita hugt\u00f6kum myndbyggingar og litafr\u00e6\u00f0i", "taka \u00fe\u00e1tt \u00ed samkeppni um afmarka\u00f0 verkefni sem kennari leggur fyrir", "leita s\u00e9r uppl\u00fdsinga um starfsvettvang listamanna og h\u00f6nnu\u00f0a me\u00f0 \u00fev\u00ed a\u00f0 leita beint til vi\u00f0urkenndra a\u00f0ila \u00e1 svi\u00f0i lista og h\u00f6nnunar og mi\u00f0la \u00feeim uppl\u00fdsingum \u00e1 sk\u00fdran og skilmerkilegan h\u00e1tt til samnemenda sinna"], "credits": 5, "last_modified": 1433150278.043323, "schools": ["51234a818caa45ed97015b35"], "coauthors": null, "instructions": "", "continued_education": false, "level": 1, "prerequisites": "Undanfari: SJ\u00d3N1EU05 haust/vor", "author": "f8d44553-42df-4c20-a712-9f65b3261ea9", "abbreviation_version": null, "competence_goals": [["greina \u00e1 milli lita og litbrig\u00f0a af \u00f6ryggi", ""], ["gera s\u00e9r grein fyrir uppbyggingu mynda", ""], ["greina \u00e1hrifar\u00edkar myndir fr\u00e1 \u00f6\u00f0rum og geta r\u00f6kstutt val sitt me\u00f0 tilv\u00edsun til litafr\u00e6\u00f0i og myndbyggingar", ""], ["n\u00e1 fram \u00feeim \u00e1hrifum sem hann/h\u00fan s\u00e6kist eftir \u00ed myndsk\u00f6pun sinni me\u00f0 beitingu litar og forma", ""], ["tj\u00e1 sig sk\u00fdrt og skilmerkilega um myndir me\u00f0 hugt\u00f6kum litafr\u00e6\u00f0i og myndbyggingar", ""], ["geta haft frumkv\u00e6\u00f0i og komi\u00f0 hugmyndum s\u00ednum og upplifunum \u00e1 framf\u00e6ri me\u00f0 vi\u00f0urkenndu myndm\u00e1li menningar sinnar", ""], ["b\u00faa yfir nokkurri yfirs\u00fdn og tilfinningu fyrir starfsm\u00f6guleikum og starfsvettvangi myndlistarmennta\u00f0ra \u00e1 \u00cdslandi sem og m\u00f6guleikum \u00feeirra til framhaldsn\u00e1ms h\u00e9rlendis og erlendis", ""], ["taka \u00fe\u00e1tt \u00ed samkeppni \u00e1 vettvangi myndlistarmennta\u00f0s f\u00f3lks", ""]], "_id": "556c234662933a5b20002569"}, {"exemplary": null, "topics": "Stafr\u00e6n lj\u00f3smyndun", "abbreviation": "LJ\u00d3S2SL05(FB)", "former_schools": null, "subject": "lj\u00f3smyndun", "title": "Lj\u00f3smyndun 1 Stafr\u00e6n lj\u00f3smyndun", "version": 11, "status_trans": "Sam\u00feykkt af sk\u00f3la", "embedded_subject": {"abbreviation": "LJ\u00d3S", "topics": [{"abbreviation": "ST", "topics": ["stafr\u00e6nar myndav\u00e9lar"]}, {"abbreviation": "GR", "topics": ["grunn\u00e1fangi"]}, {"abbreviation": "LM", "topics": ["listlj\u00f3smyndun", "listr\u00e6nt landslag", "myndav\u00e9lin"]}, {"abbreviation": "LS", "topics": ["listlj\u00f3smyndun", "listr\u00e6nar st\u00fad\u00ed\u00f3myndir"]}, {"abbreviation": "DL", "topics": ["digital lj\u00f3smyndun"]}, {"abbreviation": "AT", "topics": ["a\u00f0fer\u00f0ir", "tj\u00e1ning"]}, {"abbreviation": "ML", "topics": ["hra\u00f0i", "iso", "lj\u00f3sop", "myndbygging."]}, {"abbreviation": "SM", "topics": ["listlj\u00f3smyndun", "myndvinnsla", "stafr\u00e6nar myndav\u00e9lar"]}, {"abbreviation": "SH", "topics": ["hugmyndavinna", "myndsk\u00f6pun", "svarthv\u00edt framk\u00f6llun"]}, {"abbreviation": "PO", "topics": ["Listamenn og myndamappa (portfolio)", "Listj\u00f3smyndun"]}, {"abbreviation": "MY", "topics": ["Listr\u00e6n myndvinnsla"]}, {"abbreviation": "SS", "topics": ["Straumar og stefnur \u00ed listlj\u00f3smyndun"]}, {"abbreviation": "HF", "topics": ["Heimilda- og fr\u00e9ttalj\u00f3smyndun"]}, {"abbreviation": "MM", "topics": ["Myndmappa/portfolio"]}, {"abbreviation": "SK", "topics": ["Sk\u00f6punarg\u00e1fan og hversdagsleikinn"]}, {"abbreviation": "SP", "topics": ["Solar Parcel"]}, {"abbreviation": "LG", "topics": ["Litame\u00f0fer\u00f0", "gr\u00e1skali og prentun listlj\u00f3smynda"]}, {"abbreviation": "SL", "topics": ["Stafr\u00e6n lj\u00f3smyndun"]}, {"abbreviation": "FI", "topics": ["Filmulj\u00f3smyndun"]}], "_id": "50c0a02dd8e40575f7f6f4bd", "subjects": ["lj\u00f3smyndun"], "counter": {"1": 5, "3": 3, "2": 10, "4": 0}}, "evaluation": "Einkunn \u00ed lok annar byggist \u00e1 verklegum \u00e6fingum, ritger\u00f0, umr\u00e6\u00f0um, r\u00f6kstu\u00f0ningi, framf\u00f6rum, \u00e1stundun og skriflegu lokapr\u00f3fi.", "categorization_suggestion": "FB", "embedded_topics": {"abbreviation": "SL", "topics": ["Stafr\u00e6n lj\u00f3smyndun"]}, "status": "approved by school", "description": "\u00cd \u00e1fanganum er megin \u00e1hersla l\u00f6g\u00f0 \u00e1 stafr\u00e6na lj\u00f3smyndun og myndvinnslu. Auk t\u00e6knilegrar kennslu f\u00e1 nemendur verkefni sem krefjast hugmyndaflugs, frumleika og pers\u00f3nulegra vinnubrag\u00f0a. L\u00f6g\u00f0 er \u00e1hersla \u00e1 notkun myndrammans, samband augnabliksins og mynduppbyggingar \u00e1samt frj\u00e1lsri tj\u00e1ningu \u00ed lj\u00f3smyndun. Nemendur l\u00e6ra helstu atri\u00f0i \u00ed Photoshop og Bridge og vinna me\u00f0 vi\u00f0eigandi forriti lj\u00f3smyndir sem teknar eru \u00ed RAW formati. L\u00f6g\u00f0 er \u00e1hersla \u00e1 a\u00f0 nemendur l\u00e6ri a\u00f0 breyta st\u00e6r\u00f0 mynda eftir \u00fe\u00f6rfum, \u00fe.e. fyrir vef e\u00f0a til \u00fatprentunar og kunni a\u00f0 vista myndir \u00ed r\u00e9ttu formati.\n\u00c1hersla er l\u00f6g\u00f0 \u00e1 a\u00f0 nemendur kynnist lj\u00f3smyndun, t\u00e6kni, helstu a\u00f0fer\u00f0um og geti s\u00ed\u00f0an n\u00fdtt s\u00e9r \u00feekkingu s\u00edna til sj\u00e1lfst\u00e6\u00f0ra vinnubrag\u00f0a.", "knowledge_goals": ["stafr\u00e6num stillanlegum myndav\u00e9lum", "hvernig myndav\u00e9lin virkar og helstu hugt\u00f6kum tengdum lj\u00f3smyndun, s.s. lj\u00f3sopi, lokahra\u00f0a, d\u00fdptarskerpu, brenniv\u00eddd, yfir- og undirl\u00fdsingu, har\u00f0ri og mj\u00fakri birtu", "mismunandi filmum/iso og geri s\u00e9r grein fyrir \u00feeim m\u00f6guleikum sem eiginleikar \u00feeirra gefa", "mikilv\u00e6gi myndbyggingar, samspili lita, lj\u00f3ss og skugga og \u00fej\u00e1lfi skynjun s\u00edna fyrir sta\u00f0setningu forma \u00ed myndfleti", "innihaldi og bo\u00f0skap lj\u00f3smynda og geti greint, gagnr\u00fdnt og meti\u00f0 verk annarra og s\u00edn eigin", "kunni a\u00f0 setja inn/hla\u00f0a inn myndum og \u00feekki stafr\u00e6na myndvinnslu og myndvinnsluforrit eins og Bridge og Photoshop", "a\u00f0 nota mi\u00f0ilinn til a\u00f0 tj\u00e1 hugmyndir s\u00ednar", "verkum eftir a\u00f0ra lj\u00f3smyndara og hafa fari\u00f0 \u00e1 nokkrar lj\u00f3smyndas\u00fdningar"], "skills_goals": ["velja sj\u00f3narhorn og myndramma v\u00e9larinnar til framsetningar \u00f3l\u00edkra verka", "vinna stafr\u00e6nar myndir \u00e1fram \u00ed t\u00f6lvuforritum, t.d. Photoshop en l\u00edka \u00ed frj\u00e1lsum forritum", "beita vi\u00f0eigandi eiginleikum myndav\u00e9lar hva\u00f0 var\u00f0ar lj\u00f3s og l\u00fdsingu", "skipuleggja verkefni sem krefjast hugarflugs og \u00farvinnslu", "nota myndav\u00e9lina og hafa \u00e1 valdi s\u00ednu helstu t\u00e6knileg atri\u00f0i tengd henni", "kunna a\u00f0 n\u00fdta s\u00e9r misunandi ISO, lokahra\u00f0a, lj\u00f3sop, d\u00fdptarskerpu og brenniv\u00eddd og \u00fe\u00e1 eiginleika sem \u00fe\u00e6r stillingar gefa", "beita \u00feekkingu sinni \u00ed verklegum \u00e6fingum", "skilja mikilv\u00e6gi myndbyggingar, samspil lita, lj\u00f3ss og skugga og \u00fej\u00e1lfist \u00ed a\u00f0 sta\u00f0setja form  \u00ed myndfleti", "greina, gagnr\u00fdna og meta innihald og bo\u00f0skap lj\u00f3smynda annarra og sinna eigin og geri s\u00e9r lj\u00f3st hvernig \u00feeir geti nota\u00f0 mi\u00f0ilinn til a\u00f0 tj\u00e1 hugmyndir s\u00ednar", "n\u00fdta s\u00e9r stafr\u00e6na myndvinnslu og myndvinnsluforrit eins og Bridge og Photoshop"], "credits": 5, "last_modified": 1436522594.568365, "schools": ["51234a818caa45ed97015b35"], "coauthors": null, "instructions": "", "continued_education": false, "level": 2, "prerequisites": "Undanfari: SJ\u00d3N1EU05, SJ\u00d3N1LS05, MYMV1ST05", "author": "41be24d4-5ecf-4d99-9661-f49f574e3dcc", "abbreviation_version": null, "competence_goals": [["tileinka s\u00e9r sj\u00e1lfst\u00e6\u00f0 vinnubr\u00f6g\u00f0 \u00fear sem lj\u00f3smyndun er notu\u00f0 til a\u00f0 koma fr\u00e1 s\u00e9r hugmynd", ""], ["taka myndir vi\u00f0 hva\u00f0a a\u00f0st\u00e6\u00f0ur sem er me\u00f0 hva\u00f0a myndav\u00e9l sem er", ""], ["tileinka s\u00e9r fr\u00e6\u00f0ileg hugt\u00f6k tengd lj\u00f3smyndun", ""], ["\u00feekkja mismunandi filmur/iso og geri s\u00e9r grein fyrir \u00feeim m\u00f6guleikum sem eiginlegar \u00feeirra gefa", ""], ["beita \u00feekkingu sinni \u00ed verklegum \u00e6fingum", ""], ["skilja mikilv\u00e6gi myndbyggingar, samspil lita, lj\u00f3ss og skugga og \u00fej\u00e1lfist skynjun s\u00edna \u00e1 sta\u00f0setningu forma \u00ed myndfleti", ""], ["geta greint, gagnr\u00fdnt og meti\u00f0 innihald og bo\u00f0skap lj\u00f3smynda annarra og sinna eigin og geri s\u00e9r lj\u00f3st hvernig \u00feeir geti nota\u00f0 mi\u00f0ilinn til a\u00f0 tj\u00e1 hugmyndir s\u00ednar", ""], ["n\u00fdta s\u00e9r stafr\u00e6na myndvinnslu og myndvinnsluforrit eins og Bridge og Photoshop", ""], ["mi\u00f0la hugsunum, or\u00f0um, tilfinningum og hugmyndum me\u00f0 lj\u00f3smyndun sem mi\u00f0li", ""]], "_id": "559f986262933a24fe0051b6"}, {"exemplary": null, "topics": "Filmulj\u00f3smyndun", "abbreviation": "LJ\u00d3S3FI04(FB)", "former_schools": null, "subject": "lj\u00f3smyndun", "title": "Lj\u00f3smyndun 2 Filmulj\u00f3smyndun", "version": 5, "status_trans": "Sam\u00feykkt af sk\u00f3la", "embedded_subject": {"abbreviation": "LJ\u00d3S", "topics": [{"abbreviation": "ST", "topics": ["stafr\u00e6nar myndav\u00e9lar"]}, {"abbreviation": "GR", "topics": ["grunn\u00e1fangi"]}, {"abbreviation": "LM", "topics": ["listlj\u00f3smyndun", "listr\u00e6nt landslag", "myndav\u00e9lin"]}, {"abbreviation": "LS", "topics": ["listlj\u00f3smyndun", "listr\u00e6nar st\u00fad\u00ed\u00f3myndir"]}, {"abbreviation": "DL", "topics": ["digital lj\u00f3smyndun"]}, {"abbreviation": "AT", "topics": ["a\u00f0fer\u00f0ir", "tj\u00e1ning"]}, {"abbreviation": "ML", "topics": ["hra\u00f0i", "iso", "lj\u00f3sop", "myndbygging."]}, {"abbreviation": "SM", "topics": ["listlj\u00f3smyndun", "myndvinnsla", "stafr\u00e6nar myndav\u00e9lar"]}, {"abbreviation": "SH", "topics": ["hugmyndavinna", "myndsk\u00f6pun", "svarthv\u00edt framk\u00f6llun"]}, {"abbreviation": "PO", "topics": ["Listamenn og myndamappa (portfolio)", "Listj\u00f3smyndun"]}, {"abbreviation": "MY", "topics": ["Listr\u00e6n myndvinnsla"]}, {"abbreviation": "SS", "topics": ["Straumar og stefnur \u00ed listlj\u00f3smyndun"]}, {"abbreviation": "HF", "topics": ["Heimilda- og fr\u00e9ttalj\u00f3smyndun"]}, {"abbreviation": "MM", "topics": ["Myndmappa/portfolio"]}, {"abbreviation": "SK", "topics": ["Sk\u00f6punarg\u00e1fan og hversdagsleikinn"]}, {"abbreviation": "SP", "topics": ["Solar Parcel"]}, {"abbreviation": "LG", "topics": ["Litame\u00f0fer\u00f0", "gr\u00e1skali og prentun listlj\u00f3smynda"]}, {"abbreviation": "SL", "topics": ["Stafr\u00e6n lj\u00f3smyndun"]}, {"abbreviation": "FI", "topics": ["Filmulj\u00f3smyndun"]}], "_id": "50c0a02dd8e40575f7f6f4bd", "subjects": ["lj\u00f3smyndun"], "counter": {"1": 5, "3": 4, "2": 11, "4": 0}}, "evaluation": "Einkunn \u00ed lok annar byggist \u00e1 verklegum \u00e6fingum, hugmyndavinnu, ritger\u00f0, umr\u00e6\u00f0um, r\u00f6kstu\u00f0ningi, framf\u00f6rum og \u00e1stundun.", "categorization_suggestion": "FB", "embedded_topics": {"abbreviation": "FI", "topics": ["Filmulj\u00f3smyndun"]}, "status": "approved by school", "description": "\u00c1hersla er l\u00f6g\u00f0 \u00e1 a\u00f0 nemendur kynnist lj\u00f3smyndun og myrkrakompuvinnu, t\u00e6kni, helstu a\u00f0fer\u00f0um og geti s\u00ed\u00f0an n\u00fdtt s\u00e9r \u00feekkingu s\u00edna til sj\u00e1lfst\u00e6\u00f0ra vinnubrag\u00f0a.", "knowledge_goals": ["mikilv\u00e6gi myndbyggingar, samspili lita, lj\u00f3ss og skugga og \u00fej\u00e1lfist \u00ed sta\u00f0setningu forma \u00ed myndfleti", "helstu myrkraherbergisvinnu, \u00fe.e. framk\u00f6llun filmu, bl\u00f6ndun  v\u00f6kva, hvernig st\u00e6kkarinn virkar og framk\u00f6llun myndar \u00e1 papp\u00edr", "virkni og v\u00e9lb\u00fana\u00f0i myndav\u00e9larinnar og helstu hugt\u00f6kum tengdum lj\u00f3smyndun, s.s. lj\u00f3sopi, lokahra\u00f0a, d\u00fdptarskerpu, brenniv\u00eddd, yfir- og undirl\u00fdsingu, har\u00f0ri og mj\u00fakri birtu", "innihaldi og bo\u00f0skap lj\u00f3smynda og geti greint, gagnr\u00fdnt og meti\u00f0  eigin verk og annarra"], "skills_goals": ["nota myndav\u00e9lina og hafa \u00e1 valdi s\u00ednu helstu t\u00e6knileg atri\u00f0i tengd henni", "n\u00fdta s\u00e9r misunandi iso, lokahra\u00f0a, lj\u00f3sop og brenniv\u00eddd og \u00fe\u00e1 eiginleika sem \u00feau gefa", "beita \u00feekkingu sinni \u00ed verklegum \u00e6fingum", "skilja mikilv\u00e6gi myndbyggingar, samspil lita, lj\u00f3ss og skugga \u00e1", "greina, gagnr\u00fdna og meta innihald og bo\u00f0skap lj\u00f3smynda annarra og sinna eigin og geti nota\u00f0 mi\u00f0ilinn til a\u00f0 tj\u00e1 hugmyndir s\u00ednar", "sj\u00e1 myndefni \u00ed daglegu l\u00edfi, fanga augnabliki\u00f0, segja s\u00f6gu"], "credits": 4, "last_modified": 1436528497.352427, "schools": ["51234a818caa45ed97015b35"], "coauthors": null, "instructions": "", "continued_education": false, "level": 3, "prerequisites": "Undanfari: SJ\u00d3N1EU05, SJ\u00d3N1LS05, MYNL1HU05, MYNL2MT05, LJ\u00d3S1SL05 ", "author": "41be24d4-5ecf-4d99-9661-f49f574e3dcc", "abbreviation_version": null, "competence_goals": [["skilja hvernig myndav\u00e9lin og helstu hugt\u00f6k tengd lj\u00f3smyndun virka", ""], ["tileinka s\u00e9r fr\u00e6\u00f0ileg hugt\u00f6k tengd lj\u00f3smyndun", ""], ["\u00feekkja mismunandi filmur/iso og geri s\u00e9r grein fyrir \u00feeim m\u00f6guleikum sem eiginleikar \u00feeirra gefa", ""], ["beita \u00feekkingu sinni \u00ed verklegum \u00e6fingum", ""], ["skilja mikilv\u00e6gi myndbyggingar, samspil lita, lj\u00f3ss og skugga og \u00fej\u00e1lfi skynjun s\u00edna \u00e1 sta\u00f0setningu forma \u00ed myndfleti", ""], ["geta greint, gagnr\u00fdnt og meti\u00f0 innihald og bo\u00f0skap lj\u00f3smynda annarra og sinna eigin", ""], ["gera s\u00e9r lj\u00f3st hvernig hann getur nota\u00f0 mi\u00f0ilinn til a\u00f0 tj\u00e1 hugmyndir s\u00ednar", ""], ["n\u00fdta s\u00e9r myrkrakompu til a\u00f0 framkalla og st\u00e6kka myndir", ""], ["koma fr\u00e1 s\u00e9r hugsunum, or\u00f0um, tilfinningum og hugmyndum \u00ed lj\u00f3smynd", ""]], "_id": "559faf7162933a24fe00520a"}, {"exemplary": null, "topics": "lokaverkefni", "abbreviation": "MYNL3LO05(FB)", "former_schools": null, "subject": "myndlist", "title": "Lokaverkefni", "version": 12, "status_trans": "Sam\u00feykkt af sk\u00f3la", "embedded_subject": {"abbreviation": "MYNL", "topics": [{"abbreviation": "LO", "topics": ["lokaverkefni"]}, {"abbreviation": "GM", "topics": ["grunn\u00fe\u00e6ttir m\u00e1lunar"]}, {"abbreviation": "PM", "topics": ["portrett m\u00e1lun"]}, {"abbreviation": "\u00daL", "topics": ["\u00fargangslist"]}, {"abbreviation": "GT", "topics": ["form- og litafr\u00e6\u00f0i", "grunn\u00e1fangi \u00ed myndlist", "teikning"]}, {"abbreviation": "ET", "topics": ["efnis- og myndbygging", "tv\u00edv\u00ed\u00f0 og \u00fer\u00edv\u00ed\u00f0form; form-"]}, {"abbreviation": "ML", "topics": ["litabl\u00f6ndun og teikning mannsl\u00edkamans", "myndbygging"]}, {"abbreviation": "TG", "topics": ["grunn\u00e1fangi \u00ed myndlist", "teikning"]}, {"abbreviation": "FM", "topics": ["frj\u00e1ls m\u00e1lun"]}, {"abbreviation": "TE", "topics": ["teikning"]}, {"abbreviation": "LB", "topics": ["litafr\u00e6\u00f0i", "skissub\u00f3k"]}, {"abbreviation": "GB", "topics": ["graf\u00edk", "vinnub\u00f3k"]}, {"abbreviation": "VB", "topics": ["vatnslitir", "vinnub\u00f3k"]}, {"abbreviation": "MB", "topics": ["m\u00e1lun", "vinnub\u00f3k"]}, {"abbreviation": "FO", "topics": ["myndbygging", "m\u00e1lun", "tv\u00edv\u00ed\u00f0 formfr\u00e6\u00f0i"]}, {"abbreviation": "\u00deR", "topics": ["sk\u00falpt\u00far", "\u00fer\u00edv\u00ed\u00f0 h\u00f6nnun"]}, {"abbreviation": "T\u00de", "topics": ["ANAT\u00d3M\u00cdA", "LEIKMYNDASENUR", "M\u00d3DELTEIKNING", "SKISSUR", "STORYBOARD", "TEIKNIMYNDAS\u00d6GUR", "TEIKNI\u00deJ\u00c1LFUN"]}, {"abbreviation": "LI", "topics": ["litur", "n\u00e1tt\u00fara", "n\u00fdsk\u00f6pun"]}, {"abbreviation": "TT", "topics": ["Teikning", "n\u00fdsk\u00f6pun", "t\u00f6lvur"]}, {"abbreviation": "MT", "topics": ["M\u00f3del teikning"]}, {"abbreviation": "LF", "topics": ["Listgildi og fagurfr\u00e6\u00f0i"]}, {"abbreviation": "\u00daS", "topics": ["starfsbraut", "\u00farganslist"]}, {"abbreviation": "HM", "topics": ["Hreyfimyndir og myndl\u00edfgun"]}, {"abbreviation": "MF", "topics": ["Myndbygging og fjarv\u00eddd"]}, {"abbreviation": "ST", "topics": ["sk\u00f6pun og t\u00falkun", "\u00c1r\u00e6\u00f0ni"]}, {"abbreviation": "TM", "topics": ["Teikning", "m\u00f3del"]}, {"abbreviation": "AT", "topics": ["Teikning", "grunnur."]}, {"abbreviation": "BV", "topics": ["Vatnslitur og vinnub\u00f3k."]}, {"abbreviation": "MA", "topics": ["l\u00edkamsbygging", "m\u00f3delteikning", "sj\u00f3nskynjun"]}, {"abbreviation": "SL", "topics": ["Sj\u00f3nlist", "myndlist", "m\u00e1lun", "teikning"]}, {"abbreviation": "HN", "topics": ["h\u00f6nnun", "lausnarleit", "n\u00fdsk\u00f6pun", "\u00fearfagreining"]}, {"abbreviation": "VT", "topics": ["Valteikning"]}, {"abbreviation": "HU", "topics": ["hugmyndavinna", "skapandi hugsun", "sk\u00f6punarferli", "\u00fer\u00f3un hugmynda"]}, {"abbreviation": "MS", "topics": ["fagurfr\u00e6\u00f0i", "m\u00f3delteikning", "sj\u00f3nskynjun"]}, {"abbreviation": "SK", "topics": ["l\u00e1gmyndir og r\u00fdmi", "sk\u00falpt\u00far", "\u00fer\u00edv\u00ed\u00f0 myndverk"]}, {"abbreviation": "LJ", "topics": ["filmur", "hugmyndavinna", "lj\u00f3smyndat\u00e6kni", "myrkrakompa"]}, {"abbreviation": "FF", "topics": ["fjarv\u00eddd", "formfr\u00e6\u00f0i", "h\u00f6nnun", "myndbygging"]}, {"abbreviation": "TS", "topics": ["myndsk\u00f6pun", "skissuger\u00f0", "teikning"]}, {"abbreviation": "M\u00c1", "topics": ["myndbygging", "m\u00e1lverk", "sk\u00f6punarferli"]}, {"abbreviation": "GR", "topics": ["dj\u00fap\u00ferykk", "ein\u00ferykk", "graf\u00edk", "h\u00e6\u00f0ar\u00ferykk"]}, {"abbreviation": "LV", "topics": ["lokaverkefni myndlistarkj\u00f6rsvi\u00f0s", "sk\u00f6punarferli", "s\u00fdning"]}, {"abbreviation": "MY", "topics": ["Myndbygging", "formfr\u00e6\u00f0i", "litur", "r\u00fdmi"]}, {"abbreviation": "MH", "topics": ["Myndbygging", "formfr\u00e6\u00f0i", "h\u00f6nnun", "litur"]}, {"abbreviation": "TA", "topics": ["Teikni\u00fej\u00e1lfun", "anat\u00f3m\u00eda", "m\u00f3del", "skissur"]}, {"abbreviation": "\u00deL", "topics": ["leikmynd", "l\u00edk\u00f6n", "\u00der\u00edvi\u00f0 formfr\u00e6\u00f0i"]}, {"abbreviation": "\u00deF", "topics": ["leikmynd og l\u00edk\u00f6n", "\u00der\u00edvi\u00f0 formfr\u00e6\u00f0i"]}, {"abbreviation": "\u00deV", "topics": ["\u00der\u00edv\u00ed\u00f0 formfr\u00e6\u00f0i"]}, {"abbreviation": "MG", "topics": ["Teikning", "m\u00e1lun", "skapandi ferli"]}, {"abbreviation": "LS", "topics": ["Lokaverkefni", "sk\u00f6punarferli", "s\u00fdning"]}, {"abbreviation": "BG", "topics": ["Graf\u00edk", "\u00ferykk og vinnub\u00f3k."]}, {"abbreviation": "T\u00cd", "topics": ["T\u00edmi \u00ed myndlist"]}, {"abbreviation": "\u00deM", "topics": ["\u00der\u00edv\u00ed\u00f0 myndbygging"]}, {"abbreviation": "SR", "topics": ["Sk\u00falpt\u00far/r\u00fdmi/h\u00f6nnun"]}, {"abbreviation": "SH", "topics": ["Sk\u00falpt\u00far", "h\u00f6nnun", "r\u00fdmi"]}, {"abbreviation": "GH", "topics": ["Graf\u00edsk h\u00f6nnun"]}, {"abbreviation": "TB", "topics": ["Teikning", "myndbygging", "myndgreining"]}, {"abbreviation": "LM", "topics": ["Litafr\u00e6\u00f0i"]}, {"abbreviation": "MN", "topics": ["M\u00e1lun"]}, {"abbreviation": "H\u00d6", "topics": ["H\u00f6nnun: Samspil lj\u00f3ss og lita \u00e1 r\u00fdmismyndun"]}, {"abbreviation": "H\u00de", "topics": ["H\u00f6nnun: \u00fer\u00edv\u00ed\u00f0 myndhugsun", "h\u00f6nnun"]}, {"abbreviation": "R\u00de", "topics": ["R\u00fdmisverk", "\u00fer\u00f3un hugmynda"]}, {"abbreviation": "LR", "topics": ["Lokaverkefni \u00ed r\u00fdmish\u00f6nnun"]}, {"abbreviation": "PO", "topics": ["Gagnamappa/portf\u00f3l\u00ed\u00f3"]}, {"abbreviation": "BM", "topics": ["Beina- og v\u00f6\u00f0vabygging mannsl\u00edkamans"]}], "_id": "50c0a02dd8e40575f7f6f4b3", "subjects": ["myndlist"], "counter": {"1": 5, "3": 11, "2": 16, "4": 1}}, "evaluation": "Gefi\u00f0 er fyrir lokaverk, skriflega greinarger\u00f0 og uppsetningu vi\u00f0 s\u00fdningu. \u00dear vega mest vinnubr\u00f6g\u00f0, frumkv\u00e6\u00f0i, frumleiki, sj\u00e1lfst\u00e6\u00f0i, hugmyndaau\u00f0gi og \u00e1stundun.\nFj\u00f6ldi einstakra verka sem skila \u00fearf er breytilegur eftir mi\u00f0lum. En t\u00edminn sem hefur fari\u00f0 \u00ed verki\u00f0 \u00fearf a\u00f0 vera n\u00e6gur og gera \u00fearf allri forvinnu g\u00f3\u00f0 skil \u00ed skriflegri greinarger\u00f0.  ", "categorization_suggestion": "FB", "embedded_topics": {"abbreviation": "LO", "topics": ["lokaverkefni"]}, "status": "approved by school", "description": "Hver nemandi gerir lokaverkefni eftir \u00e1hugasvi\u00f0i s\u00ednu. M\u00e6lst er til \u00feess a\u00f0 vali\u00f0 \u00e1 verkinu s\u00e9 tengt v\u00e6ntanlegu framhaldsn\u00e1mi \u00feeirra. Vi\u00f0fangsefni\u00f0 getur veri\u00f0 hva\u00f0 sem er tengt myndlist, h\u00f6nnun e\u00f0a graf\u00edskri h\u00f6nnun. \u00cd upphafi \u00e1fangans skal hver nemandi gera l\u00fdsingu \u00e1 verki s\u00ednu \u00e1samt \u00e1\u00e6tlun um framkv\u00e6md undir handlei\u00f0slu kennara. Ferli\u00f0 fr\u00e1 fyrstu hugmynd a\u00f0 lokani\u00f0urst\u00f6\u00f0u \u00ed formi verks \u00e1 s\u00fdningu er heildr\u00e6nt og fari\u00f0 er \u00edtarlega \u00ed \u00fatf\u00e6rslu hugmyndar, tilraunir og ranns\u00f3knarvinnu.", "knowledge_goals": ["ferlinu fr\u00e1 fyrstu hugmynd a\u00f0 fullm\u00f3tu\u00f0u verki", "\u00fev\u00ed a\u00f0 \u00fatf\u00e6ra hugmynd \u00ed skissuformi og gera skriflega verk\u00e1\u00e6tlun", "s\u00fdningarhaldi; forvinnu vi\u00f0 uppsetningu verka, s\u00fdningaropnun, yfirsetu og lokafr\u00e1gangi", "gera verk\u00e1\u00e6tlun og fylgja henni eftir"], "skills_goals": ["r\u00e6\u00f0a hugmyndir s\u00ednar og spegla \u00fe\u00e6r vi\u00f0 listas\u00f6guna sem og starfandi vi\u00f0urkennda listamenn", "vinna sj\u00e1lfst\u00e6tt a\u00f0 hugmyndum s\u00ednum", "vinna \u00ed \u00fea\u00f0 efni sem hentar hugmynd hans best", "\u00fatf\u00e6ra og \u00feroska hugmyndir s\u00ednar", "f\u00e6ra r\u00f6k fyrir vali \u00e1 vi\u00f0fangsefni s\u00ednu", "tileinka s\u00e9r \u00f6gu\u00f0 vinnubr\u00f6g\u00f0", "standa me\u00f0 verki s\u00ednu \u00e1 s\u00fdningu og \u00fatsk\u00fdra hugmyndina a\u00f0 baki verkinu fyrir gestum", "\u00fatsk\u00fdra verk sitt og ferli\u00f0 b\u00e6\u00f0i munnlega og skriflega", "setja upp s\u00fdningu"], "credits": 5, "last_modified": 1431715418.634473, "schools": ["51234a818caa45ed97015b35"], "coauthors": null, "instructions": "", "continued_education": false, "level": 3, "prerequisites": "Undanfari: SJ\u00d3N1EU05, SJ\u00d3N1LS05, MYNL1HU05, MYNL2MT05, LJ\u00d3S1SL05, MYNL2\u00deV05, MYNL2FF03, LJ\u00d3S2FI05, MYNL3BM05, MYNL3TB05/MYNL3TB05, MYNL3GH05/MYNL3\u00deM06 og MYNL3GH05", "author": "f8d44553-42df-4c20-a712-9f65b3261ea9", "abbreviation_version": null, "competence_goals": [["f\u00e1 hugmynd, \u00fatf\u00e6ra hana og framkv\u00e6ma hana \u00e1 \u00feann h\u00e1tt sem hentar hugmyndinni best", ""], ["koma hugmyndum og verkum s\u00ednum fr\u00e1 s\u00e9r b\u00e6\u00f0i skriflega og munnlega", ""], ["geta sett upp s\u00fdningu \u00e1 verkum s\u00ednum", ""], ["standa me\u00f0 verki s\u00ednu \u00ed r\u00e6\u00f0u og riti", ""]], "_id": "55563e5a62933a031300031c"}, {"exemplary": null, "topics": "M\u00e1lun", "abbreviation": "MYNL3MN05(FB)", "former_schools": null, "subject": "myndlist", "title": "M\u00e1lun", "version": 16, "status_trans": "Sam\u00feykkt af sk\u00f3la", "embedded_subject": {"abbreviation": "MYNL", "topics": [{"abbreviation": "LO", "topics": ["lokaverkefni"]}, {"abbreviation": "GM", "topics": ["grunn\u00fe\u00e6ttir m\u00e1lunar"]}, {"abbreviation": "PM", "topics": ["portrett m\u00e1lun"]}, {"abbreviation": "\u00daL", "topics": ["\u00fargangslist"]}, {"abbreviation": "GT", "topics": ["form- og litafr\u00e6\u00f0i", "grunn\u00e1fangi \u00ed myndlist", "teikning"]}, {"abbreviation": "ET", "topics": ["efnis- og myndbygging", "tv\u00edv\u00ed\u00f0 og \u00fer\u00edv\u00ed\u00f0form; form-"]}, {"abbreviation": "ML", "topics": ["litabl\u00f6ndun og teikning mannsl\u00edkamans", "myndbygging"]}, {"abbreviation": "TG", "topics": ["grunn\u00e1fangi \u00ed myndlist", "teikning"]}, {"abbreviation": "FM", "topics": ["frj\u00e1ls m\u00e1lun"]}, {"abbreviation": "TE", "topics": ["teikning"]}, {"abbreviation": "LB", "topics": ["litafr\u00e6\u00f0i", "skissub\u00f3k"]}, {"abbreviation": "GB", "topics": ["graf\u00edk", "vinnub\u00f3k"]}, {"abbreviation": "VB", "topics": ["vatnslitir", "vinnub\u00f3k"]}, {"abbreviation": "MB", "topics": ["m\u00e1lun", "vinnub\u00f3k"]}, {"abbreviation": "FO", "topics": ["myndbygging", "m\u00e1lun", "tv\u00edv\u00ed\u00f0 formfr\u00e6\u00f0i"]}, {"abbreviation": "\u00deR", "topics": ["sk\u00falpt\u00far", "\u00fer\u00edv\u00ed\u00f0 h\u00f6nnun"]}, {"abbreviation": "T\u00de", "topics": ["ANAT\u00d3M\u00cdA", "LEIKMYNDASENUR", "M\u00d3DELTEIKNING", "SKISSUR", "STORYBOARD", "TEIKNIMYNDAS\u00d6GUR", "TEIKNI\u00deJ\u00c1LFUN"]}, {"abbreviation": "LI", "topics": ["litur", "n\u00e1tt\u00fara", "n\u00fdsk\u00f6pun"]}, {"abbreviation": "TT", "topics": ["Teikning", "n\u00fdsk\u00f6pun", "t\u00f6lvur"]}, {"abbreviation": "MT", "topics": ["M\u00f3del teikning"]}, {"abbreviation": "LF", "topics": ["Listgildi og fagurfr\u00e6\u00f0i"]}, {"abbreviation": "\u00daS", "topics": ["starfsbraut", "\u00farganslist"]}, {"abbreviation": "HM", "topics": ["Hreyfimyndir og myndl\u00edfgun"]}, {"abbreviation": "MF", "topics": ["Myndbygging og fjarv\u00eddd"]}, {"abbreviation": "ST", "topics": ["sk\u00f6pun og t\u00falkun", "\u00c1r\u00e6\u00f0ni"]}, {"abbreviation": "TM", "topics": ["Teikning", "m\u00f3del"]}, {"abbreviation": "AT", "topics": ["Teikning", "grunnur."]}, {"abbreviation": "BV", "topics": ["Vatnslitur og vinnub\u00f3k."]}, {"abbreviation": "MA", "topics": ["l\u00edkamsbygging", "m\u00f3delteikning", "sj\u00f3nskynjun"]}, {"abbreviation": "SL", "topics": ["Sj\u00f3nlist", "myndlist", "m\u00e1lun", "teikning"]}, {"abbreviation": "HN", "topics": ["h\u00f6nnun", "lausnarleit", "n\u00fdsk\u00f6pun", "\u00fearfagreining"]}, {"abbreviation": "VT", "topics": ["Valteikning"]}, {"abbreviation": "HU", "topics": ["hugmyndavinna", "skapandi hugsun", "sk\u00f6punarferli", "\u00fer\u00f3un hugmynda"]}, {"abbreviation": "MS", "topics": ["fagurfr\u00e6\u00f0i", "m\u00f3delteikning", "sj\u00f3nskynjun"]}, {"abbreviation": "SK", "topics": ["l\u00e1gmyndir og r\u00fdmi", "sk\u00falpt\u00far", "\u00fer\u00edv\u00ed\u00f0 myndverk"]}, {"abbreviation": "LJ", "topics": ["filmur", "hugmyndavinna", "lj\u00f3smyndat\u00e6kni", "myrkrakompa"]}, {"abbreviation": "FF", "topics": ["fjarv\u00eddd", "formfr\u00e6\u00f0i", "h\u00f6nnun", "myndbygging"]}, {"abbreviation": "TS", "topics": ["myndsk\u00f6pun", "skissuger\u00f0", "teikning"]}, {"abbreviation": "M\u00c1", "topics": ["myndbygging", "m\u00e1lverk", "sk\u00f6punarferli"]}, {"abbreviation": "GR", "topics": ["dj\u00fap\u00ferykk", "ein\u00ferykk", "graf\u00edk", "h\u00e6\u00f0ar\u00ferykk"]}, {"abbreviation": "LV", "topics": ["lokaverkefni myndlistarkj\u00f6rsvi\u00f0s", "sk\u00f6punarferli", "s\u00fdning"]}, {"abbreviation": "MY", "topics": ["Myndbygging", "formfr\u00e6\u00f0i", "litur", "r\u00fdmi"]}, {"abbreviation": "MH", "topics": ["Myndbygging", "formfr\u00e6\u00f0i", "h\u00f6nnun", "litur"]}, {"abbreviation": "TA", "topics": ["Teikni\u00fej\u00e1lfun", "anat\u00f3m\u00eda", "m\u00f3del", "skissur"]}, {"abbreviation": "\u00deL", "topics": ["leikmynd", "l\u00edk\u00f6n", "\u00der\u00edvi\u00f0 formfr\u00e6\u00f0i"]}, {"abbreviation": "\u00deF", "topics": ["leikmynd og l\u00edk\u00f6n", "\u00der\u00edvi\u00f0 formfr\u00e6\u00f0i"]}, {"abbreviation": "\u00deV", "topics": ["\u00der\u00edv\u00ed\u00f0 formfr\u00e6\u00f0i"]}, {"abbreviation": "MG", "topics": ["Teikning", "m\u00e1lun", "skapandi ferli"]}, {"abbreviation": "LS", "topics": ["Lokaverkefni", "sk\u00f6punarferli", "s\u00fdning"]}, {"abbreviation": "BG", "topics": ["Graf\u00edk", "\u00ferykk og vinnub\u00f3k."]}, {"abbreviation": "T\u00cd", "topics": ["T\u00edmi \u00ed myndlist"]}, {"abbreviation": "\u00deM", "topics": ["\u00der\u00edv\u00ed\u00f0 myndbygging"]}, {"abbreviation": "SR", "topics": ["Sk\u00falpt\u00far/r\u00fdmi/h\u00f6nnun"]}, {"abbreviation": "SH", "topics": ["Sk\u00falpt\u00far", "h\u00f6nnun", "r\u00fdmi"]}, {"abbreviation": "GH", "topics": ["Graf\u00edsk h\u00f6nnun"]}, {"abbreviation": "TB", "topics": ["Teikning", "myndbygging", "myndgreining"]}, {"abbreviation": "LM", "topics": ["Litafr\u00e6\u00f0i"]}, {"abbreviation": "MN", "topics": ["M\u00e1lun"]}, {"abbreviation": "H\u00d6", "topics": ["H\u00f6nnun: Samspil lj\u00f3ss og lita \u00e1 r\u00fdmismyndun"]}, {"abbreviation": "H\u00de", "topics": ["H\u00f6nnun: \u00fer\u00edv\u00ed\u00f0 myndhugsun", "h\u00f6nnun"]}, {"abbreviation": "R\u00de", "topics": ["R\u00fdmisverk", "\u00fer\u00f3un hugmynda"]}, {"abbreviation": "LR", "topics": ["Lokaverkefni \u00ed r\u00fdmish\u00f6nnun"]}, {"abbreviation": "PO", "topics": ["Gagnamappa/portf\u00f3l\u00ed\u00f3"]}, {"abbreviation": "BM", "topics": ["Beina- og v\u00f6\u00f0vabygging mannsl\u00edkamans"]}], "_id": "50c0a02dd8e40575f7f6f4b3", "subjects": ["myndlist"], "counter": {"1": 5, "3": 11, "2": 16, "4": 1}}, "evaluation": "\u00c1fanginn er s\u00edmats\u00e1fangi. \u00c1stundun \u00ed t\u00edmum, virkni, fr\u00e1gangur, verklag, sj\u00e1lfst\u00e6\u00f0i \u00ed vinnubr\u00f6g\u00f0um, listr\u00e6nn \u00feroski og hugmyndaau\u00f0gi. Nemandi \u00fearf a\u00f0 skila \u00f6llum verkefnum sem l\u00f6g\u00f0 eru fyrir til \u00feess a\u00f0 standast \u00e1fangann.", "categorization_suggestion": "FB", "embedded_topics": {"abbreviation": "MN", "topics": ["M\u00e1lun"]}, "status": "approved by school", "description": "Hef\u00f0bundi\u00f0 m\u00e1lverk; m\u00e1la\u00f0 er eftir uppstillingu, lag yfir lag, gegns\u00e6i lita sko\u00f0a\u00f0. S\u00e9rstakar t\u00e6kni\u00e6fingar \u00fear sem ger\u00f0ar eru tilraunir me\u00f0 pensil\u00e1fer\u00f0, beitingu pensla og mismunandi vinnua\u00f0fer\u00f0um. Unni\u00f0 er me\u00f0 \u00f3hef\u00f0bundin efni og m\u00e1la\u00f0 \u00e1 \u00fea\u00f0. M\u00f6rk milli sk\u00falpt\u00fars og m\u00e1lverks k\u00f6nnu\u00f0. Ferlinu fr\u00e1 skissu a\u00f0 m\u00e1lverki ger\u00f0 skil og unni\u00f0 er \u00ed m\u00e1lverki \u00fear sem hver nemandi finnur s\u00edna lei\u00f0 \u00ed samr\u00e1\u00f0i vi\u00f0 kennarann. \u00c1fanginn endar \u00e1 m\u00e1lverkas\u00fdningu.", "knowledge_goals": ["hef\u00f0bundnum a\u00f0fer\u00f0um m\u00e1laralistarinnar eins og lag yfir lag a\u00f0fer\u00f0inni", "mismunandi beitingu pensils og mismunandi penslum og virkni \u00feeirra", "mismunandi t\u00f3ni, bl\u00e6 og lj\u00f3smagni litar", "grunnatri\u00f0um myndbyggingar, a\u00f0 litur, l\u00ednur og form hafa \u00e1hrif \u00e1 myndbyggingu", "a\u00f0 m\u00e1lverk er ekki \u201ebara m\u00e1lverk\u201c heldur er hugtaki\u00f0 teygjanlegt", "hugmyndaferlinu fr\u00e1 skissu a\u00f0 m\u00e1lverki og mismunandi a\u00f0fer\u00f0um vi\u00f0 a\u00f0 flytja skissu yfir \u00ed m\u00e1lverk"], "skills_goals": ["blanda liti og koma \u00feeim \u00ed r\u00e9tt samhengi \u00ed verki", "tj\u00e1 hugmyndir s\u00ednar \u00e1 sj\u00e1lfst\u00e6\u00f0an h\u00e1tt me\u00f0 fj\u00f6lbreytni \u00ed notkun lita og a\u00f0fer\u00f0a", "m\u00e1la eftir fyrirmynd", "beita penslum me\u00f0 mismunandi h\u00e6tti og nota \u00f3hef\u00f0bundin efni til a\u00f0 m\u00e1la me\u00f0 eins og til d\u00e6mis svampa, trj\u00e1greinar og skvetta lit", "finna \u00f3hef\u00f0bundin efni til a\u00f0 m\u00e1la \u00e1", "\u00fatf\u00e6ra skissu \u00ed m\u00e1lverki", "sko\u00f0a starfandi m\u00e1lara \u00e1 veraldarvefnum og fara \u00e1 yfirstandandi s\u00fdningar", "setja upp sams\u00fdningu \u00e1 m\u00e1lverkum"], "credits": 5, "last_modified": 1431707416.535032, "schools": ["51234a818caa45ed97015b35"], "coauthors": null, "instructions": "", "continued_education": false, "level": 3, "prerequisites": "Undanfari: SJ\u00d3N1EU05, SJ\u00d3N1LS05, MYNL1HU05, MYNL2MT05, LJ\u00d3S1SL05, MYNL2\u00deV05, MYNL2FF03, LJ\u00d3S2FI05, MYNL3BM05, MYNL3TB05/MYNL3TB05, MYNL3GH05/MYNL3\u00deM06 og MYNL3GH05", "author": "f8d44553-42df-4c20-a712-9f65b3261ea9", "abbreviation_version": null, "competence_goals": [["vinna sj\u00e1lfst\u00e6tt a\u00f0 eigin hugmyndum \u00ed m\u00e1lverki", ""], ["velja \u00e1 gagnr\u00fdninn h\u00e1tt \u00far myndum s\u00ednum \u00fea\u00f0 sem er framb\u00e6rilegt", ""], ["r\u00e6\u00f0a opinsk\u00e1tt um \u00fe\u00e6r hugmyndir sem hann er a\u00f0 reyna a\u00f0 t\u00falka \u00ed verkum s\u00ednum", ""], ["geta horft \u00e1 m\u00e1lverk me\u00f0 gagnr\u00fdnum augum og meti\u00f0 \u00fea\u00f0 me\u00f0 tilliti til myndbyggingar, litavals og hugmyndafr\u00e6\u00f0i", ""], ["velja \u00far m\u00f6rgum verkum besta verki\u00f0 fyrir s\u00fdningu og hengja \u00fea\u00f0 upp \u00feannig a\u00f0 \u00fea\u00f0 nj\u00f3ti s\u00edn \u00ed samhengi vi\u00f0 \u00f6nnur verk", ""]], "_id": "55561f1862933a03130002eb"}, {"exemplary": null, "topics": "M\u00f3del teikning", "abbreviation": "MYNL2MT05(FB)", "former_schools": null, "subject": "myndlist", "title": "M\u00f3delteikning", "version": 17, "status_trans": "Sam\u00feykkt af sk\u00f3la", "embedded_subject": {"abbreviation": "MYNL", "topics": [{"abbreviation": "LO", "topics": ["lokaverkefni"]}, {"abbreviation": "GM", "topics": ["grunn\u00fe\u00e6ttir m\u00e1lunar"]}, {"abbreviation": "PM", "topics": ["portrett m\u00e1lun"]}, {"abbreviation": "\u00daL", "topics": ["\u00fargangslist"]}, {"abbreviation": "GT", "topics": ["form- og litafr\u00e6\u00f0i", "grunn\u00e1fangi \u00ed myndlist", "teikning"]}, {"abbreviation": "ET", "topics": ["efnis- og myndbygging", "tv\u00edv\u00ed\u00f0 og \u00fer\u00edv\u00ed\u00f0form; form-"]}, {"abbreviation": "ML", "topics": ["litabl\u00f6ndun og teikning mannsl\u00edkamans", "myndbygging"]}, {"abbreviation": "TG", "topics": ["grunn\u00e1fangi \u00ed myndlist", "teikning"]}, {"abbreviation": "FM", "topics": ["frj\u00e1ls m\u00e1lun"]}, {"abbreviation": "TE", "topics": ["teikning"]}, {"abbreviation": "LB", "topics": ["litafr\u00e6\u00f0i", "skissub\u00f3k"]}, {"abbreviation": "GB", "topics": ["graf\u00edk", "vinnub\u00f3k"]}, {"abbreviation": "VB", "topics": ["vatnslitir", "vinnub\u00f3k"]}, {"abbreviation": "MB", "topics": ["m\u00e1lun", "vinnub\u00f3k"]}, {"abbreviation": "FO", "topics": ["myndbygging", "m\u00e1lun", "tv\u00edv\u00ed\u00f0 formfr\u00e6\u00f0i"]}, {"abbreviation": "\u00deR", "topics": ["sk\u00falpt\u00far", "\u00fer\u00edv\u00ed\u00f0 h\u00f6nnun"]}, {"abbreviation": "T\u00de", "topics": ["ANAT\u00d3M\u00cdA", "LEIKMYNDASENUR", "M\u00d3DELTEIKNING", "SKISSUR", "STORYBOARD", "TEIKNIMYNDAS\u00d6GUR", "TEIKNI\u00deJ\u00c1LFUN"]}, {"abbreviation": "LI", "topics": ["litur", "n\u00e1tt\u00fara", "n\u00fdsk\u00f6pun"]}, {"abbreviation": "TT", "topics": ["Teikning", "n\u00fdsk\u00f6pun", "t\u00f6lvur"]}, {"abbreviation": "MT", "topics": ["M\u00f3del teikning"]}, {"abbreviation": "LF", "topics": ["Listgildi og fagurfr\u00e6\u00f0i"]}, {"abbreviation": "\u00daS", "topics": ["starfsbraut", "\u00farganslist"]}, {"abbreviation": "HM", "topics": ["Hreyfimyndir og myndl\u00edfgun"]}, {"abbreviation": "MF", "topics": ["Myndbygging og fjarv\u00eddd"]}, {"abbreviation": "ST", "topics": ["sk\u00f6pun og t\u00falkun", "\u00c1r\u00e6\u00f0ni"]}, {"abbreviation": "TM", "topics": ["Teikning", "m\u00f3del"]}, {"abbreviation": "AT", "topics": ["Teikning", "grunnur."]}, {"abbreviation": "BV", "topics": ["Vatnslitur og vinnub\u00f3k."]}, {"abbreviation": "MA", "topics": ["l\u00edkamsbygging", "m\u00f3delteikning", "sj\u00f3nskynjun"]}, {"abbreviation": "SL", "topics": ["Sj\u00f3nlist", "myndlist", "m\u00e1lun", "teikning"]}, {"abbreviation": "HN", "topics": ["h\u00f6nnun", "lausnarleit", "n\u00fdsk\u00f6pun", "\u00fearfagreining"]}, {"abbreviation": "VT", "topics": ["Valteikning"]}, {"abbreviation": "HU", "topics": ["hugmyndavinna", "skapandi hugsun", "sk\u00f6punarferli", "\u00fer\u00f3un hugmynda"]}, {"abbreviation": "MS", "topics": ["fagurfr\u00e6\u00f0i", "m\u00f3delteikning", "sj\u00f3nskynjun"]}, {"abbreviation": "SK", "topics": ["l\u00e1gmyndir og r\u00fdmi", "sk\u00falpt\u00far", "\u00fer\u00edv\u00ed\u00f0 myndverk"]}, {"abbreviation": "LJ", "topics": ["filmur", "hugmyndavinna", "lj\u00f3smyndat\u00e6kni", "myrkrakompa"]}, {"abbreviation": "FF", "topics": ["fjarv\u00eddd", "formfr\u00e6\u00f0i", "h\u00f6nnun", "myndbygging"]}, {"abbreviation": "TS", "topics": ["myndsk\u00f6pun", "skissuger\u00f0", "teikning"]}, {"abbreviation": "M\u00c1", "topics": ["myndbygging", "m\u00e1lverk", "sk\u00f6punarferli"]}, {"abbreviation": "GR", "topics": ["dj\u00fap\u00ferykk", "ein\u00ferykk", "graf\u00edk", "h\u00e6\u00f0ar\u00ferykk"]}, {"abbreviation": "LV", "topics": ["lokaverkefni myndlistarkj\u00f6rsvi\u00f0s", "sk\u00f6punarferli", "s\u00fdning"]}, {"abbreviation": "MY", "topics": ["Myndbygging", "formfr\u00e6\u00f0i", "litur", "r\u00fdmi"]}, {"abbreviation": "MH", "topics": ["Myndbygging", "formfr\u00e6\u00f0i", "h\u00f6nnun", "litur"]}, {"abbreviation": "TA", "topics": ["Teikni\u00fej\u00e1lfun", "anat\u00f3m\u00eda", "m\u00f3del", "skissur"]}, {"abbreviation": "\u00deL", "topics": ["leikmynd", "l\u00edk\u00f6n", "\u00der\u00edvi\u00f0 formfr\u00e6\u00f0i"]}, {"abbreviation": "\u00deF", "topics": ["leikmynd og l\u00edk\u00f6n", "\u00der\u00edvi\u00f0 formfr\u00e6\u00f0i"]}, {"abbreviation": "\u00deV", "topics": ["\u00der\u00edv\u00ed\u00f0 formfr\u00e6\u00f0i"]}, {"abbreviation": "MG", "topics": ["Teikning", "m\u00e1lun", "skapandi ferli"]}, {"abbreviation": "LS", "topics": ["Lokaverkefni", "sk\u00f6punarferli", "s\u00fdning"]}, {"abbreviation": "BG", "topics": ["Graf\u00edk", "\u00ferykk og vinnub\u00f3k."]}, {"abbreviation": "T\u00cd", "topics": ["T\u00edmi \u00ed myndlist"]}, {"abbreviation": "\u00deM", "topics": ["\u00der\u00edv\u00ed\u00f0 myndbygging"]}, {"abbreviation": "SR", "topics": ["Sk\u00falpt\u00far/r\u00fdmi/h\u00f6nnun"]}, {"abbreviation": "SH", "topics": ["Sk\u00falpt\u00far", "h\u00f6nnun", "r\u00fdmi"]}, {"abbreviation": "GH", "topics": ["Graf\u00edsk h\u00f6nnun"]}, {"abbreviation": "TB", "topics": ["Teikning", "myndbygging", "myndgreining"]}, {"abbreviation": "LM", "topics": ["Litafr\u00e6\u00f0i"]}, {"abbreviation": "MN", "topics": ["M\u00e1lun"]}, {"abbreviation": "H\u00d6", "topics": ["H\u00f6nnun: Samspil lj\u00f3ss og lita \u00e1 r\u00fdmismyndun"]}, {"abbreviation": "H\u00de", "topics": ["H\u00f6nnun: \u00fer\u00edv\u00ed\u00f0 myndhugsun", "h\u00f6nnun"]}, {"abbreviation": "R\u00de", "topics": ["R\u00fdmisverk", "\u00fer\u00f3un hugmynda"]}, {"abbreviation": "LR", "topics": ["Lokaverkefni \u00ed r\u00fdmish\u00f6nnun"]}, {"abbreviation": "PO", "topics": ["Gagnamappa/portf\u00f3l\u00ed\u00f3"]}, {"abbreviation": "BM", "topics": ["Beina- og v\u00f6\u00f0vabygging mannsl\u00edkamans"]}], "_id": "50c0a02dd8e40575f7f6f4b3", "subjects": ["myndlist"], "counter": {"1": 5, "3": 11, "2": 16, "4": 1}}, "evaluation": "Megin n\u00e1msmati\u00f0 liggur \u00ed vandlegri yfirfer\u00f0 yfir alla vinnu nemandans, fr\u00e1 fyrstu teikningu til hinnar s\u00ed\u00f0ustu \u00ed lok \u00e1fangans. Metin eru skilningur og \u00feekking, teiknif\u00e6rni sem og framfarir. Einnig er liti\u00f0 til frumkv\u00e6\u00f0is og pers\u00f3nulegra taka nemandans \u00e1 vi\u00f0fangsefnunum.\nNokkrum sinnum  \u00e1 \u00f6nn er teki\u00f0 st\u00f6\u00f0umat \u00ed n\u00e1msh\u00f3pnum, kennari og nemendah\u00f3purinn sko\u00f0a og r\u00e6\u00f0a teikningar hvers og eins nemanda eins og \u00fe\u00e6r eru \u00e1 \u00feeim t\u00edmapunkti. Leitast er vi\u00f0 a\u00f0 allir nemendur tj\u00e1i sig b\u00e6\u00f0i um eigin verk og annarra, l\u00f6g\u00f0 \u00e1hersla \u00e1 uppbyggilega gagnr\u00fdni og lei\u00f0sagnarmat fyrir hvern og einn. Leita\u00f0 er lausna \u00e1 sameiginlegum vandam\u00e1lum og vandam\u00e1lum einstakra nemenda.", "categorization_suggestion": "FB", "embedded_topics": {"abbreviation": "MT", "topics": ["M\u00f3del teikning"]}, "status": "approved by school", "description": "Fari\u00f0 er yfir frumatri\u00f0i m\u00f3delteikningar, hlutfallaskiptingu mannsl\u00edkamans og a\u00f0fer\u00f0ir til a\u00f0 teikna mannsl\u00edkamann eftir lifandi fyrirmynd. Unni\u00f0 er me\u00f0  mismunandi teiknia\u00f0fer\u00f0ir og mismundandi teikni\u00e1h\u00f6ld; bl\u00fdanta, kol, kr\u00edtar og blek.\n", "knowledge_goals": ["hlutfallaskiptingu mannsl\u00edkamans", "m\u00e6lingaa\u00f0fer\u00f0um og l\u00f6gm\u00e1lum styttinga er mannsl\u00edkaminn er teikna\u00f0ur", "notkun hj\u00e1lparl\u00edna sem og l\u00f3\u00f0l\u00ednu vi\u00f0 m\u00f3delteikningu", "hugt\u00f6kunum \u00feyngdarpunkti, l\u00f3\u00f0l\u00ednu, \u00feunga, jafnv\u00e6gi, spennu, sl\u00f6kun, kyrrst\u00f6\u00f0u og hreyfingu \u00ed samhengi vi\u00f0 mannsl\u00edkamann og tj\u00e1ningu hans", "gildi mismunandi l\u00ednubeitingar og skyggingara\u00f0fer\u00f0a til a\u00f0 tj\u00e1 ofangreint"], "skills_goals": ["sko\u00f0a, greina og meta fyrirmyndir s\u00ednar \u00e1 kerfisbundinn og r\u00f6kr\u00e6nan h\u00e1tt", "teikna mismunandi l\u00edkamsst\u00f6\u00f0ur \u00ed r\u00e9ttum hlutf\u00f6llum", "beita m\u00e6lingaa\u00f0fer\u00f0um, hj\u00e1lparl\u00ednum og samanbur\u00f0i til a\u00f0 meta st\u00e6r\u00f0arhlutf\u00f6ll og afst\u00f6\u00f0ur mismunandi l\u00edkamshluta og ra\u00f0a \u00feeim saman \u00ed heildarmynd", "sta\u00f0setja myndefni\u00f0 \u00e1 myndfl\u00f6tinn", "greina a\u00f0alatri\u00f0i vi\u00f0fangsefnisins", "teikna mannsl\u00edkamann hratt eftir lifandi m\u00f3deli me\u00f0 \u00fev\u00ed a\u00f0 beita inns\u00e6i s\u00ednu og treysta \u00feeirri \u00feekkingu sem hann/h\u00fan b\u00fdr yfir \u00e1n \u00feess a\u00f0 nota m\u00e6lingar og a\u00f0rar seinvirkar vinnua\u00f0fer\u00f0ir", "nota mismunandi l\u00ednu og skyggingara\u00f0fer\u00f0ir til a\u00f0 n\u00e1 fram \u00e1hrifum \u00feyngdar, l\u00e9ttleika, spennu, sl\u00f6kunar, hra\u00f0a og kyrrst\u00f6\u00f0u", "vinna me\u00f0 lj\u00f3smyndir af eigin teikningum \u00e1 stafr\u00e6nu formi", "tj\u00e1 sig um og r\u00e6\u00f0a eigin vinnu og annarra, b\u00e6\u00f0i r\u00f6kr\u00e6nt og af tilfinningalegu inns\u00e6i"], "credits": 5, "last_modified": 1431526832.868263, "schools": ["51234a818caa45ed97015b35"], "coauthors": null, "instructions": "", "continued_education": false, "level": 2, "prerequisites": "Undanfari: SJ\u00d3N1EU05, SJ\u00d3N1LS05", "author": "f8d44553-42df-4c20-a712-9f65b3261ea9", "abbreviation_version": null, "competence_goals": [["sj\u00e1 og skynja manneskjur og umhverfi sitt af meira n\u00e6mi og skilningi", ""], ["vera f\u00e6rari um a\u00f0 beita teikningu", ""], ["geta lagt mannsl\u00edkamann til grundvallar eigin listsk\u00f6pun", ""], ["geta tj\u00e1\u00f0 hugmyndir s\u00ednar og tilfinningar me\u00f0 teikningu mannsl\u00edkamans", ""], ["geta r\u00e6tt b\u00e6\u00f0i r\u00f6klega og af inns\u00e6i um eigin teikningar og annarra", ""], ["geta f\u00e6rt teikningar \u00e1 stafr\u00e6nt form og unni\u00f0 \u00fe\u00e6r \u00e1fram \u00e1 rafr\u00e6nu formi", ""]], "_id": "55535db062933a2f3d0007f6"}, {"exemplary": null, "topics": "Gagnamappa/portf\u00f3l\u00ed\u00f3", "abbreviation": "MYNL3PO03(FB)", "former_schools": null, "subject": "myndlist", "title": "Portf\u00f3l\u00ed\u00f3", "version": 17, "status_trans": "Sam\u00feykkt af sk\u00f3la", "embedded_subject": {"abbreviation": "MYNL", "topics": [{"abbreviation": "LO", "topics": ["lokaverkefni"]}, {"abbreviation": "GM", "topics": ["grunn\u00fe\u00e6ttir m\u00e1lunar"]}, {"abbreviation": "PM", "topics": ["portrett m\u00e1lun"]}, {"abbreviation": "\u00daL", "topics": ["\u00fargangslist"]}, {"abbreviation": "GT", "topics": ["form- og litafr\u00e6\u00f0i", "grunn\u00e1fangi \u00ed myndlist", "teikning"]}, {"abbreviation": "ET", "topics": ["efnis- og myndbygging", "tv\u00edv\u00ed\u00f0 og \u00fer\u00edv\u00ed\u00f0form; form-"]}, {"abbreviation": "ML", "topics": ["litabl\u00f6ndun og teikning mannsl\u00edkamans", "myndbygging"]}, {"abbreviation": "TG", "topics": ["grunn\u00e1fangi \u00ed myndlist", "teikning"]}, {"abbreviation": "FM", "topics": ["frj\u00e1ls m\u00e1lun"]}, {"abbreviation": "TE", "topics": ["teikning"]}, {"abbreviation": "LB", "topics": ["litafr\u00e6\u00f0i", "skissub\u00f3k"]}, {"abbreviation": "GB", "topics": ["graf\u00edk", "vinnub\u00f3k"]}, {"abbreviation": "VB", "topics": ["vatnslitir", "vinnub\u00f3k"]}, {"abbreviation": "MB", "topics": ["m\u00e1lun", "vinnub\u00f3k"]}, {"abbreviation": "FO", "topics": ["myndbygging", "m\u00e1lun", "tv\u00edv\u00ed\u00f0 formfr\u00e6\u00f0i"]}, {"abbreviation": "\u00deR", "topics": ["sk\u00falpt\u00far", "\u00fer\u00edv\u00ed\u00f0 h\u00f6nnun"]}, {"abbreviation": "T\u00de", "topics": ["ANAT\u00d3M\u00cdA", "LEIKMYNDASENUR", "M\u00d3DELTEIKNING", "SKISSUR", "STORYBOARD", "TEIKNIMYNDAS\u00d6GUR", "TEIKNI\u00deJ\u00c1LFUN"]}, {"abbreviation": "LI", "topics": ["litur", "n\u00e1tt\u00fara", "n\u00fdsk\u00f6pun"]}, {"abbreviation": "TT", "topics": ["Teikning", "n\u00fdsk\u00f6pun", "t\u00f6lvur"]}, {"abbreviation": "MT", "topics": ["M\u00f3del teikning"]}, {"abbreviation": "LF", "topics": ["Listgildi og fagurfr\u00e6\u00f0i"]}, {"abbreviation": "\u00daS", "topics": ["starfsbraut", "\u00farganslist"]}, {"abbreviation": "HM", "topics": ["Hreyfimyndir og myndl\u00edfgun"]}, {"abbreviation": "MF", "topics": ["Myndbygging og fjarv\u00eddd"]}, {"abbreviation": "ST", "topics": ["sk\u00f6pun og t\u00falkun", "\u00c1r\u00e6\u00f0ni"]}, {"abbreviation": "TM", "topics": ["Teikning", "m\u00f3del"]}, {"abbreviation": "AT", "topics": ["Teikning", "grunnur."]}, {"abbreviation": "BV", "topics": ["Vatnslitur og vinnub\u00f3k."]}, {"abbreviation": "MA", "topics": ["l\u00edkamsbygging", "m\u00f3delteikning", "sj\u00f3nskynjun"]}, {"abbreviation": "SL", "topics": ["Sj\u00f3nlist", "myndlist", "m\u00e1lun", "teikning"]}, {"abbreviation": "HN", "topics": ["h\u00f6nnun", "lausnarleit", "n\u00fdsk\u00f6pun", "\u00fearfagreining"]}, {"abbreviation": "VT", "topics": ["Valteikning"]}, {"abbreviation": "HU", "topics": ["hugmyndavinna", "skapandi hugsun", "sk\u00f6punarferli", "\u00fer\u00f3un hugmynda"]}, {"abbreviation": "MS", "topics": ["fagurfr\u00e6\u00f0i", "m\u00f3delteikning", "sj\u00f3nskynjun"]}, {"abbreviation": "SK", "topics": ["l\u00e1gmyndir og r\u00fdmi", "sk\u00falpt\u00far", "\u00fer\u00edv\u00ed\u00f0 myndverk"]}, {"abbreviation": "LJ", "topics": ["filmur", "hugmyndavinna", "lj\u00f3smyndat\u00e6kni", "myrkrakompa"]}, {"abbreviation": "FF", "topics": ["fjarv\u00eddd", "formfr\u00e6\u00f0i", "h\u00f6nnun", "myndbygging"]}, {"abbreviation": "TS", "topics": ["myndsk\u00f6pun", "skissuger\u00f0", "teikning"]}, {"abbreviation": "M\u00c1", "topics": ["myndbygging", "m\u00e1lverk", "sk\u00f6punarferli"]}, {"abbreviation": "GR", "topics": ["dj\u00fap\u00ferykk", "ein\u00ferykk", "graf\u00edk", "h\u00e6\u00f0ar\u00ferykk"]}, {"abbreviation": "LV", "topics": ["lokaverkefni myndlistarkj\u00f6rsvi\u00f0s", "sk\u00f6punarferli", "s\u00fdning"]}, {"abbreviation": "MY", "topics": ["Myndbygging", "formfr\u00e6\u00f0i", "litur", "r\u00fdmi"]}, {"abbreviation": "MH", "topics": ["Myndbygging", "formfr\u00e6\u00f0i", "h\u00f6nnun", "litur"]}, {"abbreviation": "TA", "topics": ["Teikni\u00fej\u00e1lfun", "anat\u00f3m\u00eda", "m\u00f3del", "skissur"]}, {"abbreviation": "\u00deL", "topics": ["leikmynd", "l\u00edk\u00f6n", "\u00der\u00edvi\u00f0 formfr\u00e6\u00f0i"]}, {"abbreviation": "\u00deF", "topics": ["leikmynd og l\u00edk\u00f6n", "\u00der\u00edvi\u00f0 formfr\u00e6\u00f0i"]}, {"abbreviation": "\u00deV", "topics": ["\u00der\u00edv\u00ed\u00f0 formfr\u00e6\u00f0i"]}, {"abbreviation": "MG", "topics": ["Teikning", "m\u00e1lun", "skapandi ferli"]}, {"abbreviation": "LS", "topics": ["Lokaverkefni", "sk\u00f6punarferli", "s\u00fdning"]}, {"abbreviation": "BG", "topics": ["Graf\u00edk", "\u00ferykk og vinnub\u00f3k."]}, {"abbreviation": "T\u00cd", "topics": ["T\u00edmi \u00ed myndlist"]}, {"abbreviation": "\u00deM", "topics": ["\u00der\u00edv\u00ed\u00f0 myndbygging"]}, {"abbreviation": "SR", "topics": ["Sk\u00falpt\u00far/r\u00fdmi/h\u00f6nnun"]}, {"abbreviation": "SH", "topics": ["Sk\u00falpt\u00far", "h\u00f6nnun", "r\u00fdmi"]}, {"abbreviation": "GH", "topics": ["Graf\u00edsk h\u00f6nnun"]}, {"abbreviation": "TB", "topics": ["Teikning", "myndbygging", "myndgreining"]}, {"abbreviation": "LM", "topics": ["Litafr\u00e6\u00f0i"]}, {"abbreviation": "MN", "topics": ["M\u00e1lun"]}, {"abbreviation": "H\u00d6", "topics": ["H\u00f6nnun: Samspil lj\u00f3ss og lita \u00e1 r\u00fdmismyndun"]}, {"abbreviation": "H\u00de", "topics": ["H\u00f6nnun: \u00fer\u00edv\u00ed\u00f0 myndhugsun", "h\u00f6nnun"]}, {"abbreviation": "R\u00de", "topics": ["R\u00fdmisverk", "\u00fer\u00f3un hugmynda"]}, {"abbreviation": "LR", "topics": ["Lokaverkefni \u00ed r\u00fdmish\u00f6nnun"]}, {"abbreviation": "PO", "topics": ["Gagnamappa/portf\u00f3l\u00ed\u00f3"]}, {"abbreviation": "BM", "topics": ["Beina- og v\u00f6\u00f0vabygging mannsl\u00edkamans"]}], "_id": "50c0a02dd8e40575f7f6f4b3", "subjects": ["myndlist"], "counter": {"1": 5, "3": 11, "2": 16, "4": 1}}, "evaluation": "\u00c1fanginn er pr\u00f3flaus. Einkunn er gefin fyrir efniss\u00f6fnun, hugmyndavinnu, \u00farvinnslu hugmynda, uppsetningu og fr\u00e1gang \u00ed gagnam\u00f6ppu/portf\u00f3l\u00ed\u00f3. Kennari leggur mat \u00e1 vinnubr\u00f6g\u00f0 \u00ed textager\u00f0, myndat\u00f6ku, sj\u00e1lfst\u00e6\u00f0i \u00ed vinnubr\u00f6g\u00f0um, \u00e1stundun og m\u00e6tingu. Mat \u00e1 kynningu m\u00f6ppunnar og umr\u00e6\u00f0u um eigin verk og annarra. Fari\u00f0 er \u00ed nokkrar heims\u00f3knir \u00e1 s\u00f6fn \u00ed Reykjav\u00edk og \u00ed sk\u00f3la til a\u00f0 sko\u00f0a samt\u00edmas\u00fdningar og n\u00e1msframbo\u00f0 og nemendur  leysa verkefni sem tengjast \u00feessum fer\u00f0um.", "categorization_suggestion": "FB", "embedded_topics": {"abbreviation": "PO", "topics": ["Gagnamappa/portf\u00f3l\u00ed\u00f3"]}, "status": "approved by school", "description": "Unni\u00f0 er a\u00f0 gagnam\u00f6ppu/portf\u00f3l\u00ed\u00f3 og leita\u00f0 fj\u00f6lbreytilegra lei\u00f0a \u00ed framsetningu og efnisvali og vi\u00f0h\u00f6f\u00f0 eru sj\u00e1lfst\u00e6\u00f0 vinnubr\u00f6g\u00f0. Myndverkum hvers nemanda undanfarinna \u00e1ra er safna\u00f0 saman, \u00feau lj\u00f3smyndu\u00f0 og l\u00f6gu\u00f0 til \u00ed vi\u00f0eigandi t\u00f6lvuforriti. Gagnamappa/portf\u00f3l\u00ed\u00f3 er sett upp eins og hentar best verkum nemandans. Hugmyndavinna, textager\u00f0 og r\u00f6kstu\u00f0ningur hugmynda er mikilv\u00e6g vi\u00f0 ger\u00f0 m\u00f6ppunnar. Samr\u00e6\u00f0ur milli kennara og nemenda er veigamikill \u00fe\u00e1ttur svo og stu\u00f0ningur \u00feeirra \u00e1 milli \u00ed vinnuferlinu. \n\nKennari s\u00fdnir m\u00f6guleika \u00e1  umbroti (layout) og \u00fdmsir m\u00f6guleikar sko\u00f0a\u00f0ir. M\u00f6ppur fr\u00e1 eldri nemendum sko\u00f0a\u00f0ar. Haldnir ver\u00f0a Skype-fundir me\u00f0 fyrrverandi nemendum af listn\u00e1msbrautinni sem eru \u00ed n\u00e1mi erlendis og fyrrverandi nemendur koma \u00ed heims\u00f3kn og kynna n\u00e1mi\u00f0 sitt. Kennari kynnir mismunandi n\u00e1mslei\u00f0ir og m\u00f6guleika \u00ed listn\u00e1mi.\nNemendur fara \u00e1 s\u00fdningar og sk\u00f3laheims\u00f3knir og gera sk\u00fdrslur um \u00fe\u00e6r.", "knowledge_goals": ["hva\u00f0 mikilv\u00e6gast er a\u00f0 hafa \u00ed gagnam\u00f6ppu/portf\u00f3l\u00ed\u00f3", "h\u00f6nnun (layout) gagnam\u00f6ppu/portf\u00f3l\u00ed\u00f3", "hvernig best er a\u00f0 ra\u00f0a \u00ed gagnam\u00f6ppu/portf\u00f3l\u00ed\u00f3", "hvernig hann kynnir sj\u00e1lfan sig \u00ed gagnam\u00f6ppu/portf\u00f3l\u00ed\u00f3 \u00ed skrifu\u00f0u m\u00e1li og myndm\u00e1li"], "skills_goals": ["gagnr\u00fdna eigin verk og \u00e1tta sig \u00e1 hva\u00f0a verk henta \u00ed gagnam\u00f6ppu/portf\u00f3l\u00ed\u00f3", "tj\u00e1 sig um eigin verk og annarra", "geta teki\u00f0 myndir og skanna\u00f0 eigin verk", "skrifa texta um sj\u00e1lfan sig og s\u00edna helstu kosti", "geta tj\u00e1\u00f0 sig munnlega um eigin verk og um samt\u00edmalist", "kynna ferilm\u00f6ppu s\u00edna fyrir nemendah\u00f3pnum", "\u00fej\u00e1lfa sig \u00ed a\u00f0 koma hugmyndum s\u00ednum \u00e1 framf\u00e6ri \u00e1 pers\u00f3nulegan h\u00e1tt", "fylgjast vel me\u00f0 s\u00fdningahaldi um samt\u00edmalist \u00ed Reykjav\u00edk", "kynna s\u00e9r \u00fe\u00e6r n\u00e1mslei\u00f0ir sem \u00ed bo\u00f0i eru h\u00e9r heima og erlendis"], "credits": 3, "last_modified": 1431719557.746092, "schools": ["51234a818caa45ed97015b35"], "coauthors": null, "instructions": "", "continued_education": false, "level": 3, "prerequisites": "Undanfari: SJ\u00d3N1EU05, SJ\u00d3N1LS05, MYNL1HU05, MYNL2MT05, LJ\u00d3S1SL05, MYNL2\u00deV05, MYNL2FF03, LJ\u00d3S2FI05, MYNL3BM05, MYNL3TB05/MYNL3TB05, MYNL3GH05/MYNL3\u00deM06 og MYNL3GH05", "author": "f8d44553-42df-4c20-a712-9f65b3261ea9", "abbreviation_version": null, "competence_goals": [["hanna eigin gagnam\u00f6ppu/portf\u00f3l\u00ed\u00f3 og fylgja henni eftir", ""], ["skrifa um sj\u00e1lfan sig og senda inn ums\u00f3kn til \u00e1framhaldandi n\u00e1ms e\u00f0a vinnu", ""], ["geta tala\u00f0 um eigin verk sem og n\u00fat\u00edmalist", ""], ["kynna sig og s\u00edn verk \u00ed vi\u00f0tali \u00ed listah\u00e1sk\u00f3la e\u00f0a \u00e1 vinnusta\u00f0", ""]], "_id": "55564e8562933a031300034c"}, {"exemplary": null, "topics": "Samt\u00edmalist fr\u00e1 1975 fram \u00e1 21. \u00f6ld", "abbreviation": "MYNS3SI03(FB)", "former_schools": null, "subject": "MYNDLISTARSAGA", "title": "Samt\u00edmalist fr\u00e1 1975 fram \u00e1 21. \u00f6ld", "version": 1, "status_trans": "Sam\u00feykkt af sk\u00f3la", "embedded_subject": {"abbreviation": "MYNS", "topics": [{"abbreviation": "LS", "topics": ["Listasaga", "menning", "saga", "sj\u00f3nlistir"]}, {"abbreviation": "SJ", "topics": ["Sj\u00f3nlistir fr\u00e1 17. \u00f6ld fram yfir mi\u00f0ja 20. \u00f6ld"]}, {"abbreviation": "SU", "topics": ["Sj\u00f3nlistir fr\u00e1 upphafi til 17. aldar"]}, {"abbreviation": "SA", "topics": ["Samt\u00edmalist fr\u00e1 1975 fram \u00e1 21.\u00f6ld"]}, {"abbreviation": "SS", "topics": ["Samt\u00edmalistasaga fr\u00e1 1945 - 1975"]}, {"abbreviation": "SI", "topics": ["Samt\u00edmalist fr\u00e1 1975 fram \u00e1 21. \u00f6ld"]}], "_id": "5151a66862933a5f9b0009cc", "subjects": ["MYNDLISTARSAGA"], "counter": {"1": 0, "3": 0, "2": 0, "4": 0}}, "evaluation": "Fj\u00f6lbreytt n\u00e1msmat \u00fear sem nemandi beitir ofangreindum \u00feekkingar-, leikni- og h\u00e6fnivi\u00f0mi\u00f0um. \u00c1hersla er l\u00f6g\u00f0 \u00e1 a\u00f0 nemandinn fylgist me\u00f0 innlendri og al\u00fej\u00f3\u00f0legri samt\u00edmalist og s\u00e9 f\u00e6r um a\u00f0 tj\u00e1 sig um hana munnlega og skriflega. ", "categorization_suggestion": "FB", "embedded_topics": {"abbreviation": "SI", "topics": ["Samt\u00edmalist fr\u00e1 1975 fram \u00e1 21. \u00f6ld"]}, "status": "approved by school", "description": "\u00cd \u00e1fanganum l\u00e6ra nemendur um \u00fer\u00f3un myndlistar fr\u00e1 1975. Vi\u00f0fangsefni \u00e1fangans eru n\u00fdlistir og \u00e1hrifin fr\u00e1 fluxus, listi\u00f0na\u00f0ur \u00e1 \u00e1ttunda \u00e1ratugnum, n\u00fdrauns\u00e6i \u00ed m\u00e1laralist, n\u00fdja m\u00e1lverki\u00f0, sk\u00falpt\u00far og innsetningar, p\u00f3st-m\u00f3dernismi og \u00fer\u00f3un samt\u00edmalistar \u00e1 tuttugustu og fyrstu \u00f6ldinni. Fjalla\u00f0 er um byggingarlistas\u00f6gu tuttugustu aldar fram \u00e1 \u00fe\u00e1 tuttugustu og fyrstu. \u00cdslensk myndlist og byggingarlist er sko\u00f0u\u00f0 \u00ed samhengi vi\u00f0 al\u00fej\u00f3\u00f0lega strauma og stefnur.", "knowledge_goals": ["helstu straumum og stefnum \u00ed myndlist samt\u00edmans", "\u00fer\u00f3un samt\u00edmalistar \u00ed samhengi vi\u00f0 helstu vi\u00f0bur\u00f0i \u00ed samt\u00edmanum", "\u00fer\u00f3un samt\u00edmalistar \u00ed samhengi vi\u00f0 strauma og stefnur \u00ed heimspeki samt\u00edmans", "hugt\u00f6kum og heitum \u00ed samt\u00edmalist", "\u00feekktustu listam\u00f6nnum tuttugustu aldar og mikilv\u00e6gi \u00feeirra fyrir \u00fer\u00f3un myndlistar"], "skills_goals": ["greina samt\u00edmalistaverk \u00fat fr\u00e1 straumum og stefnum samt\u00edmans", "\u00feekkja h\u00f6fundareinkenni helstu listamanna samt\u00edmans", "greina inntak og merkingu listaverka t\u00edmabilsins", "greina byggingarlist tuttugustu aldar \u00fat fr\u00e1 helstu straumum og stefnum og h\u00f6fundareinkennum arkitekta", "undirb\u00faa og kynna verkefni um samt\u00edmalist byggt \u00e1 heimildum e\u00f0a vi\u00f0tali vi\u00f0 listamann"], "credits": 3, "last_modified": 1432025470.474446, "schools": ["51234a818caa45ed97015b35"], "coauthors": null, "instructions": "", "continued_education": false, "level": 3, "prerequisites": "", "author": "f8d44553-42df-4c20-a712-9f65b3261ea9", "abbreviation_version": null, "competence_goals": [["greina samt\u00edmalistaverk og setja \u00feau \u00ed samhengi vi\u00f0 helstu strauma og stefnur", ""], ["\u00feekkja h\u00f6fundareinkenni helstu listamanna samt\u00edmans", ""], ["greina inntak og merkingu samt\u00edmalistar me\u00f0 hli\u00f0sj\u00f3n af vi\u00f0bur\u00f0um samt\u00edmans og helstu heimspekikenningum", ""], ["greina byggingarlist tuttugustu aldar og samt\u00edmans \u00fat fr\u00e1 straumum og stefnum", ""], ["geta skili\u00f0 og nota\u00f0 helstu hugt\u00f6k og heiti \u00ed listas\u00f6gu tuttugustu aldar \u00ed umr\u00e6\u00f0um og ritu\u00f0u m\u00e1li", ""], ["geta mi\u00f0la\u00f0 \u00feekkingu sinni me\u00f0 fj\u00f6lbreyttum h\u00e6tti", ""]], "_id": "555af97e62933a0313000eef"}, {"exemplary": null, "topics": "Listir og menning samt\u00edmans", "abbreviation": "LIME3ME04(FB)", "former_schools": null, "subject": "listir og menning", "title": "Samt\u00edmalist \u00ed menningars\u00f6gulegu samhengi", "version": 3, "status_trans": "Sam\u00feykkt af sk\u00f3la", "embedded_subject": {"abbreviation": "LIME", "topics": [{"abbreviation": "MS", "topics": ["menningarsamhengi", "saga"]}, {"abbreviation": "MM", "topics": ["listir", "ma\u00f0ur og menning"]}, {"abbreviation": "LS", "topics": ["Listir", "ma\u00f0ur og samf\u00e9lag"]}, {"abbreviation": "ML", "topics": ["l\u00e6si", "menningarsaga", "skynjun", "t\u00falkun"]}, {"abbreviation": "MU", "topics": ["gagnr\u00fdni", "menningarumhverfi samt\u00edmans", "menningarvi\u00f0bur\u00f0ir", "vinnustofuheims\u00f3knir"]}, {"abbreviation": "LM", "topics": ["leiklist", "listir", "menning", "sj\u00f3nlist", "t\u00f3nlist"]}, {"abbreviation": "LI", "topics": ["Listsk\u00f6pun"]}, {"abbreviation": "ME", "topics": ["Listir og menning samt\u00edmans"]}, {"abbreviation": "ST", "topics": ["Skynjun", "tj\u00e1ning", "t\u00falkun"]}], "_id": "512f3c3f62933a1e6c0000b0", "subjects": ["listir og menning"], "counter": {"1": 4, "3": 2, "2": 10, "4": 0}}, "evaluation": "Kennari leggur mat \u00e1 vinnubr\u00f6g\u00f0 nemandans me\u00f0 margv\u00edslegum pr\u00f3fum, verkefnum og safnaheims\u00f3knum.", "categorization_suggestion": "FB", "embedded_topics": {"abbreviation": "ME", "topics": ["Listir og menning samt\u00edmans"]}, "status": "approved by school", "description": "Nemandi sko\u00f0i og skilgreini samhengi milli lista og menningar \u00e1 l\u00ed\u00f0andi stund; hann \u00e1 a\u00f0 geta greint, bori\u00f0 saman og gagnr\u00fdnt h\u00f6nnun, listvi\u00f0bur\u00f0i og l\u00edfsst\u00edl \u00ed samt\u00edmanum. Fari\u00f0 ver\u00f0ur s\u00e9rstaklega \u00ed hugmyndalist og skilgreiningu \u00e1 hugt\u00f6kunum list og listaverk.", "knowledge_goals": ["hva\u00f0 er samt\u00edmalist me\u00f0 tilliti til sk\u00f6punar og a\u00f0fer\u00f0afr\u00e6\u00f0i", "hva\u00f0 telst listaverk \u00ed samt\u00edmanum", "hvernig \u00e1 a\u00f0 skilgreina list og listaverk", "gildi listar og listaverka sem ekki er meti\u00f0 fagurfr\u00e6\u00f0ilega heldur fremur eftir \u00feeirri hugmynd sem liggur a\u00f0 baki \u00feeim"], "skills_goals": ["gagnr\u00fdna list og listaverk", "meta samt\u00edmalist", "tj\u00e1 sig b\u00e6\u00f0i munnlega og skriflega um helstu samt\u00edmaverk", "setja fram sj\u00e1lfst\u00e6\u00f0ar og frumlegar sko\u00f0anir sem taka mi\u00f0 af kennsluefni"], "credits": 4, "last_modified": 1436522539.789638, "schools": ["51234a818caa45ed97015b35"], "coauthors": null, "instructions": "", "continued_education": false, "level": 3, "prerequisites": "LIME1ST05\n", "author": "41be24d4-5ecf-4d99-9661-f49f574e3dcc", "abbreviation_version": null, "competence_goals": [["skilja hva\u00f0 \u00fe\u00fd\u00f0ir \u00ed dag a\u00f0 vera listama\u00f0ur og geta spurt sig krefjandi spurninga um e\u00f0li listarinnar", ""], ["\u00fer\u00f3a eigin hugmyndir um listir og listsk\u00f6pun b\u00e6\u00f0i munnlega og skriflega", ""]], "_id": "559f982b62933a24fe0051b1"}, {"exemplary": null, "topics": "Samt\u00edmalistasaga fr\u00e1 1945 - 1975", "abbreviation": "MYNS3SS03(FB)", "former_schools": null, "subject": "MYNDLISTARSAGA", "title": "Samt\u00edmalistasaga fr\u00e1 1945 - 1975", "version": 2, "status_trans": "Sam\u00feykkt af sk\u00f3la", "embedded_subject": {"abbreviation": "MYNS", "topics": [{"abbreviation": "LS", "topics": ["Listasaga", "menning", "saga", "sj\u00f3nlistir"]}, {"abbreviation": "SJ", "topics": ["Sj\u00f3nlistir fr\u00e1 17. \u00f6ld fram yfir mi\u00f0ja 20. \u00f6ld"]}, {"abbreviation": "SU", "topics": ["Sj\u00f3nlistir fr\u00e1 upphafi til 17. aldar"]}, {"abbreviation": "SA", "topics": ["Samt\u00edmalist fr\u00e1 1975 fram \u00e1 21.\u00f6ld"]}, {"abbreviation": "SS", "topics": ["Samt\u00edmalistasaga fr\u00e1 1945 - 1975"]}], "_id": "5151a66862933a5f9b0009cc", "subjects": ["MYNDLISTARSAGA"], "counter": {"1": 0, "3": 0, "2": 0, "4": 0}}, "evaluation": "Fj\u00f6lbreytt n\u00e1msmat \u00fear sem nemandi beitir ofangreindum \u00feekkingar-, leikni- og h\u00e6fnivi\u00f0mi\u00f0um. ", "categorization_suggestion": "FB", "embedded_topics": {"abbreviation": "SS", "topics": ["Samt\u00edmalistasaga fr\u00e1 1945 - 1975"]}, "status": "approved by school", "description": "\u00cd \u00e1fanganum er fjalla\u00f0 um \u00fer\u00f3un myndlistar fr\u00e1 lokum s\u00ed\u00f0ari heimsstyrjaldar fram til 1970. Vi\u00f0fangsefni \u00e1fangans eru abstrakt-expressj\u00f3nisminn \u00ed Bandar\u00edkjunum, evr\u00f3psk list eftirstr\u00ed\u00f0s\u00e1ranna, n\u00fddada, popplist, n\u00fdrauns\u00e6i, gj\u00f6rningalist, v\u00edde\u00f3list, hugmyndalist og m\u00edn\u00edmalismi. Helstu hugt\u00f6k og heiti \u00ed samt\u00edmalist eru kennd. \u00c1t\u00f6k milli m\u00f3dernismans og n\u00fdlistar sj\u00f6unda \u00e1ratugarins eru sko\u00f0u\u00f0 og greind. \u00cdslensk list er sko\u00f0u\u00f0 \u00ed samhengi vi\u00f0 al\u00fej\u00f3\u00f0lega strauma og stefnur.", "knowledge_goals": ["helstu straumum og stefnum \u00ed myndlist tuttugustu aldar", "\u00fer\u00f3un samt\u00edmalistar \u00ed samhengi vi\u00f0 helstu vi\u00f0bur\u00f0i mannkynss\u00f6gunnar", "hugt\u00f6kum og heitum \u00ed samt\u00edmalist", "\u00feekktustu listam\u00f6nnum tuttugustu aldar og mikilv\u00e6gi \u00feeirra fyrir \u00fer\u00f3un myndlistar", "\u00f6flun og \u00farvinnslu heimilda og ger\u00f0 heimildaritger\u00f0ar"], "skills_goals": ["greina listaverk \u00fat fr\u00e1 straumum og stefnum tuttugustu aldar", "\u00feekkja h\u00f6fundareinkenni helstu listamanna t\u00edmabilsins", "greina inntak og merkingu listaverka", "skrifa heimildaritger\u00f0 og kynna efni hennar fyrir samnemendum"], "credits": 3, "last_modified": 1432024638.777831, "schools": ["51234a818caa45ed97015b35"], "coauthors": null, "instructions": "", "continued_education": false, "level": 3, "prerequisites": "", "author": "f8d44553-42df-4c20-a712-9f65b3261ea9", "abbreviation_version": null, "competence_goals": [["greina listaverk fr\u00e1 s\u00ed\u00f0ari hluta tuttugustu aldar og setja \u00feau \u00ed samhengi vi\u00f0 helstu strauma og stefnur t\u00edmabilsins", ""], ["\u00feekkja verk helstu listamanna fr\u00e1 s\u00ed\u00f0ari hluta tuttugustu aldar", ""], ["greina inntak og merkingu listaverka t\u00edmabilsins", ""], ["geta skili\u00f0 og nota\u00f0 helstu hugt\u00f6k og heiti \u00ed listas\u00f6gu tuttugustu aldar \u00ed umr\u00e6\u00f0um og ritu\u00f0u m\u00e1li", ""]], "_id": "555af63e62933a0313000ee3"}, {"exemplary": null, "topics": "Sj\u00f3nlistir fr\u00e1 17. \u00f6ld fram yfir mi\u00f0ja 20. \u00f6ld", "abbreviation": "MYNS2SJ05(FB)", "former_schools": null, "subject": "MYNDLISTARSAGA", "title": "Sj\u00f3nlistir fr\u00e1 17. \u00f6ld fram yfir mi\u00f0ja 20. \u00f6ld ", "version": 1, "status_trans": "Sam\u00feykkt af sk\u00f3la", "embedded_subject": {"abbreviation": "MYNS", "topics": [{"abbreviation": "LS", "topics": ["Listasaga", "menning", "saga", "sj\u00f3nlistir"]}, {"abbreviation": "SJ", "topics": ["Sj\u00f3nlistir fr\u00e1 17. \u00f6ld fram yfir mi\u00f0ja 20. \u00f6ld"]}], "_id": "5151a66862933a5f9b0009cc", "subjects": ["MYNDLISTARSAGA"], "counter": {"1": 0, "3": 0, "2": 0, "4": 0}}, "evaluation": "Fj\u00f6lbreytt n\u00e1msmat \u00fear sem nemandi beitir ofangreindum \u00feekkingar-, leikni- og h\u00e6fnivi\u00f0mi\u00f0um. ", "categorization_suggestion": "FB", "embedded_topics": {"abbreviation": "SJ", "topics": ["Sj\u00f3nlistir fr\u00e1 17. \u00f6ld fram yfir mi\u00f0ja 20. \u00f6ld"]}, "status": "approved by school", "description": "Saga myndlistar fr\u00e1 17. \u00f6ld fram \u00e1 mi\u00f0ja 20. \u00f6ld. Barokkst\u00edll, r\u00f3k\u00f3k\u00f3st\u00edll, n\u00fd-klassisismi, r\u00f3mant\u00edska stefnan, rauns\u00e6isstefnan, impressj\u00f3nismi, art-nouveu, expressj\u00f3nismi, abstraktlist, k\u00fabismi, dada, s\u00farrealismi. Byggingarlist fr\u00e1 17. \u00f6ld fram \u00e1 20. \u00f6ld. \u00cdslensk myndlist fr\u00e1 17. \u00f6ld fram \u00e1 mi\u00f0ja 20. \u00f6ld. Hugt\u00f6k og heiti \u00ed listas\u00f6gu s\u00ed\u00f0ari alda.", "knowledge_goals": ["helstu st\u00edlt\u00edmabilum s\u00ed\u00f0ari alda", "\u00fer\u00f3un listar \u00ed samhengi vi\u00f0 helstu vi\u00f0bur\u00f0i mannkyns\u00f6gunnar", "hugt\u00f6kum og heitum \u00ed listum hvers t\u00edmabils", "helstu listam\u00f6nnum hvers t\u00edma og mikilv\u00e6gi \u00feeirra me\u00f0 tilliti til \u00fer\u00f3unar myndlistar", "\u00fer\u00f3un byggingarlistar \u00ed samhengi vi\u00f0 list og t\u00e6kni \u00e1 hverjum t\u00edma"], "skills_goals": ["greina listaverk og byggingar me\u00f0 tilliti til helstu st\u00edlger\u00f0a", "t\u00edmasetja byggingar og listaverk", "\u00feekkja verk helstu listamanna hvers t\u00edmabils", "greina inntak og merkingu listaverka s\u00ed\u00f0ari alda"], "credits": 5, "last_modified": 1431958673.204104, "schools": ["51234a818caa45ed97015b35"], "coauthors": null, "instructions": "", "continued_education": false, "level": 2, "prerequisites": "", "author": "f8d44553-42df-4c20-a712-9f65b3261ea9", "abbreviation_version": null, "competence_goals": [["tj\u00e1 sig um helstu strauma og stefnur \u00ed s\u00f6gu myndlistar og byggingarlistar b\u00e6\u00f0i munnlega og skriflega", ""], ["greina listaverk og byggingar fyrri alda \u00fat fr\u00e1 straumum og stefnum listas\u00f6gunnar", ""], ["beita \u00feeim hugt\u00f6kum sem hann hefur l\u00e6rt \u00ed \u00e1fanganum \u00ed munnlegri og skriflegri umfj\u00f6llun um listir s\u00ed\u00f0ari alda", ""]], "_id": "5559f49162933a0313000cab"}, {"exemplary": null, "topics": "Sj\u00f3nlistir fr\u00e1 upphafi til 17. aldar", "abbreviation": "MYNS2SU05(FB)", "former_schools": null, "subject": "MYNDLISTARSAGA", "title": "Sj\u00f3nlistir fr\u00e1 upphafi til 17. aldar", "version": 3, "status_trans": "Sam\u00feykkt af sk\u00f3la", "embedded_subject": {"abbreviation": "MYNS", "topics": [{"abbreviation": "LS", "topics": ["Listasaga", "menning", "saga", "sj\u00f3nlistir"]}, {"abbreviation": "SJ", "topics": ["Sj\u00f3nlistir fr\u00e1 17. \u00f6ld fram yfir mi\u00f0ja 20. \u00f6ld"]}, {"abbreviation": "SU", "topics": ["Sj\u00f3nlistir fr\u00e1 upphafi til 17. aldar"]}, {"abbreviation": "SA", "topics": ["Samt\u00edmalist fr\u00e1 1975 fram \u00e1 21.\u00f6ld"]}, {"abbreviation": "SS", "topics": ["Samt\u00edmalistasaga fr\u00e1 1945 - 1975"]}, {"abbreviation": "SI", "topics": ["Samt\u00edmalist fr\u00e1 1975 fram \u00e1 21. \u00f6ld"]}], "_id": "5151a66862933a5f9b0009cc", "subjects": ["MYNDLISTARSAGA"], "counter": {"1": 0, "3": 2, "2": 2, "4": 0}}, "evaluation": "Fj\u00f6lbreytt n\u00e1msmat \u00fear sem nemandi beitir ofangreindum \u00feekkingar-, leikni- og h\u00e6fnivi\u00f0mi\u00f0um. ", "categorization_suggestion": "FB", "embedded_topics": {"abbreviation": "SU", "topics": ["Sj\u00f3nlistir fr\u00e1 upphafi til 17. aldar"]}, "status": "approved by school", "description": "Vi\u00f0fangsefni \u00e1fangans er saga myndlistar og byggingarlistar fr\u00e1 stein\u00f6ld fram \u00e1 17. \u00f6ld. Hellam\u00e1lverk og h\u00f6ggmyndir \u00e1 stein\u00f6ld, list Mes\u00f3p\u00f3tam\u00edu, Egyptalands og Eyjahafsmenning. List Forn-Grikkja og R\u00f3mverja, b\u00fds\u00f6nsk list, r\u00f3manskur st\u00edll, gotneskur st\u00edll, frum- endurreisn, h\u00e1endurreisn og manierismi. Hugt\u00f6k og heiti \u00ed listas\u00f6gu. \u00der\u00f3un myndlistar er sko\u00f0u\u00f0 \u00ed samhengi vi\u00f0 helstu vi\u00f0bur\u00f0i mannkynss\u00f6gunnar og r\u00edkjandi hugmyndir \u00e1 hverjum t\u00edma.", "knowledge_goals": ["helstu st\u00edlt\u00edmabilum listas\u00f6gunnar", "\u00fer\u00f3un listar \u00ed samhengi vi\u00f0 helstu vi\u00f0bur\u00f0i mannkyns\u00f6gunnar", "hugt\u00f6kum og heitum \u00ed listum hvers t\u00edmabils", "helstu listam\u00f6nnum hvers t\u00edma og mikilv\u00e6gi \u00feeirra me\u00f0 tilliti til \u00fer\u00f3unar myndlistar", "\u00fer\u00f3un byggingarlistar \u00ed samhengi vi\u00f0 list og t\u00e6kni \u00e1 hverjum t\u00edma"], "skills_goals": ["t\u00edmasetja byggingar og listaverk", "\u00feekkja verk helstu listamanna hvers t\u00edmabils", "greina inntak og merkingu listaverka fyrri alda"], "credits": 5, "last_modified": 1433153931.412254, "schools": ["51234a818caa45ed97015b35"], "coauthors": null, "instructions": "", "continued_education": false, "level": 2, "prerequisites": "", "author": "f8d44553-42df-4c20-a712-9f65b3261ea9", "abbreviation_version": null, "competence_goals": [["tj\u00e1 sig um helstu strauma og stefnur \u00ed s\u00f6gu myndlistar og byggingarlistar b\u00e6\u00f0i munnlega og skriflega", ""], ["greina listaverk og byggingar fyrri alda \u00fat fr\u00e1 straumum og stefnum listas\u00f6gunnar", ""], ["beita helstu hugt\u00f6kum greinarinnar \u00ed munnlegri og skriflegri umfj\u00f6llun um listir fyrri alda", ""]], "_id": "556c318b62933a5b200025c2"}, {"exemplary": null, "topics": "Skynjun, tj\u00e1ning, t\u00falkun", "abbreviation": "LIME2ST05(FB)", "former_schools": null, "subject": "listir og menning", "title": "Skynjun, t\u00falkun, tj\u00e1ning", "version": 11, "status_trans": "Sam\u00feykkt af sk\u00f3la", "embedded_subject": {"abbreviation": "LIME", "topics": [{"abbreviation": "MS", "topics": ["menningarsamhengi", "saga"]}, {"abbreviation": "MM", "topics": ["listir", "ma\u00f0ur og menning"]}, {"abbreviation": "LS", "topics": ["Listir", "ma\u00f0ur og samf\u00e9lag"]}, {"abbreviation": "ML", "topics": ["l\u00e6si", "menningarsaga", "skynjun", "t\u00falkun"]}, {"abbreviation": "MU", "topics": ["gagnr\u00fdni", "menningarumhverfi samt\u00edmans", "menningarvi\u00f0bur\u00f0ir", "vinnustofuheims\u00f3knir"]}, {"abbreviation": "LM", "topics": ["leiklist", "listir", "menning", "sj\u00f3nlist", "t\u00f3nlist"]}, {"abbreviation": "LI", "topics": ["Listsk\u00f6pun"]}, {"abbreviation": "ME", "topics": ["Listir og menning samt\u00edmans"]}, {"abbreviation": "ST", "topics": ["Skynjun", "tj\u00e1ning", "t\u00falkun"]}], "_id": "512f3c3f62933a1e6c0000b0", "subjects": ["listir og menning"], "counter": {"1": 4, "3": 2, "2": 10, "4": 0}}, "evaluation": "Kennari leggur mat \u00e1 vinnubr\u00f6g\u00f0 nemandans me\u00f0 margv\u00edslegum pr\u00f3fum, verkefnum og safnaheims\u00f3knum.", "categorization_suggestion": "FB", "embedded_topics": {"abbreviation": "ST", "topics": ["Skynjun", "tj\u00e1ning", "t\u00falkun"]}, "status": "approved by school", "description": "Nemendur \u00f6\u00f0last skilning \u00e1 skynjun mannsins og fj\u00f6lbreyttum m\u00f6guleikum hans til a\u00f0 tj\u00e1 sig \u00ed listum. Fari\u00f0 ver\u00f0ur \u00ed einstaka \u00fe\u00e6tti sj\u00f3nar og skynjunar, einkum \u00fe\u00f3 \u00feau atri\u00f0i sem sn\u00faa a\u00f0 uppbyggingu m\u00e1lverka sem t\u00e6knilegra afreka. Sko\u00f0u\u00f0 ver\u00f0a teiknifr\u00e6\u00f0ileg vandam\u00e1l eins og fjarv\u00eddd, beinar l\u00ednur og sk\u00e1l\u00ednur, vinklar og horn, bj\u00f6gun og s\u00e9rstaklega allar \u00fe\u00e6r sj\u00f3nblekkingar sem listamenn hafa beitt \u00ed gegnum aldirnar til a\u00f0 skapa d\u00fdpt \u00e1 tv\u00edv\u00ed\u00f0um fleti. \nFari\u00f0 ver\u00f0ur \u00ed a\u00f0fer\u00f0afr\u00e6\u00f0i vi\u00f0 a\u00f0 sko\u00f0a listaverk og \u00fe\u00f3 einkum m\u00e1lverk. \u00de\u00e1 er fari\u00f0 \u00edtarlega yfir allar flokkanir sem t\u00ed\u00f0kast \u00ed listfr\u00e6\u00f0ilegum heimi til a\u00f0 greina listaverk eftir tegundum, formum og sta\u00f0setningu. Fjalla\u00f0 ver\u00f0ur um landslagsm\u00e1lverk, portrettmyndir, tr\u00faarlegar myndir, kyrral\u00edfsmyndir og k\u00f6nnu\u00f0 ver\u00f0ur t\u00e1knfr\u00e6\u00f0i \u00feekktustu listaverka s\u00f6gunnar. Nemendur kynna s\u00e9r st\u00f6\u00f0u listamanns \u00ed fj\u00f6lbreyttum heimi, fr\u00e1 forn\u00f6ld til okkar t\u00edma. . Nemendur l\u00e6ra a\u00f0 greina listaverk eins \u00edtarlega og h\u00e6gt er. Fari\u00f0 ver\u00f0ur \u00ed a\u00f0fer\u00f0afr\u00e6\u00f0i myndbyggingar og uppbyggingu m\u00e1lverka, einkum \u00fe\u00f3 fr\u00e1 mi\u00f0\u00f6ldum fram \u00e1 lok n\u00edtj\u00e1ndu aldar. Lokamarkmi\u00f0 \u00e1fangans er a\u00f0 nemendur geti greint listaverk sem \u00feeir hafa ekki s\u00e9\u00f0 \u00e1\u00f0ur eins n\u00e1kv\u00e6mlega og \u00feeir geta \u00e1n \u00feess a\u00f0 vita hven\u00e6r \u00fea\u00f0 var skapa\u00f0 n\u00e9 hver skapa\u00f0i \u00fea\u00f0.", "knowledge_goals": ["hva\u00f0 er listaverk,hvert var upphaf listsk\u00f6punar \u00ed heiminum og hva\u00f0a hvatir liggja \u00e1 bak vi\u00f0 listsk\u00f6pun", "hva\u00f0 er \u00edmyndunarafl, hva\u00f0an kemur innbl\u00e1sturinn, hva\u00f0 er hugmynd og hvernig breyta listamenn hugmyndum s\u00ednum \u00ed listaverk", "hva\u00f0 telst ekki til listaverka og af hverju", "hva\u00f0 einkennir listaverk og hva\u00f0a verk \u00e1 a\u00f0 var\u00f0veita \u00e1 s\u00f6fnum", "hvernig \u00e1 a\u00f0 skilgreina list og listaverk", "hva\u00f0 er list \u00ed gegnum aldirnar, fr\u00e1 hellam\u00e1lverkum til u.\u00fe.b. 1900", "hvernig st\u00edlgreinum vi\u00f0 listaverk eftir \u00fatliti, formi, litafr\u00e6\u00f0i og uppbyggingu", "hvernig myndgreinum vi\u00f0 listaverk"], "skills_goals": ["yfirf\u00e6ra eigin \u00feekkingu \u00e1 verk sem hann hefur hvorki s\u00e9\u00f0 n\u00e9 greint t\u00e6knilega \u00e1\u00f0ur", "temja s\u00e9r smekk til a\u00f0 kunna a\u00f0 meta list \u00ed sinni bestu mynd", "tj\u00e1 sig b\u00e6\u00f0i munnlega og skriflega um helstu listaverk sem pr\u00fd\u00f0a s\u00f6fn \u00e1 \u00cdslandi og um allan heim", "setja fram sj\u00e1lfst\u00e6\u00f0ar og frumlegar sko\u00f0anir sem taka mi\u00f0 af kennsluefni", "geta svara\u00f0 eftirfarandi spurningum: Hver er listhugmynd nemandans sj\u00e1lfs? Hva\u00f0 telst vera sj\u00e1lfst\u00e6\u00f0 sko\u00f0un?", "gera myndgreiningu \u00e1 einhverju \u00edslensku m\u00e1lverki \u00e1n \u00feess a\u00f0 vita hver m\u00e1la\u00f0 \u00fea\u00f0 e\u00f0a hvar og hven\u00e6r"], "credits": 5, "last_modified": 1436522448.660211, "schools": ["51234a818caa45ed97015b35"], "coauthors": null, "instructions": "", "continued_education": false, "level": 2, "prerequisites": "", "author": "41be24d4-5ecf-4d99-9661-f49f574e3dcc", "abbreviation_version": null, "competence_goals": [["skilja hva\u00f0 \u00fe\u00fd\u00f0ir a\u00f0 vera listama\u00f0ur", ""], ["skilgreina hva\u00f0a listaverk sem er", ""], ["\u00fer\u00f3a eigin hugmyndir um listaverk b\u00e6\u00f0i munnlega og skriflega og nota til \u00feess \u00feann hugtakafor\u00f0a sem hann hefur l\u00e6rt", ""], ["vera f\u00e6r um a\u00f0 myndgreina, \u00e1n utana\u00f0komandi a\u00f0sto\u00f0ar, m\u00e1lverk fyrri alda b\u00e6\u00f0i \u00edslensk og erlend", ""]], "_id": "559f97d062933a24fe0051ac"}, {"exemplary": null, "topics": "Stafr\u00e6n myndvinnsla", "abbreviation": "MYMV2ST05(FB)", "former_schools": null, "subject": "Myndataka og myndvinnsla", "title": "Stafr\u00e6n myndvinnsla", "version": 1, "status_trans": "Sam\u00feykkt af sk\u00f3la", "embedded_subject": {"abbreviation": "MYMV", "topics": [{"abbreviation": "MT", "topics": ["Myndataka", "Myndvinnsla"]}, {"abbreviation": "ST", "topics": ["Stafr\u00e6n myndvinnsla"]}], "_id": "553812ac62933a4692008bda", "subjects": ["Myndataka og myndvinnsla"], "counter": {"1": 2, "3": 0, "2": 0, "4": 0}}, "evaluation": "N\u00e1msmat \u00e1fangans felst \u00ed mati \u00e1 \u00farlausnum verkefna sem unnin eru \u00ed kennslustundum og heima og skila\u00f0 jafn\u00f3\u00f0um \u00e1 rafr\u00e6nu formi. ", "categorization_suggestion": "FB", "embedded_topics": {"abbreviation": "ST", "topics": ["Stafr\u00e6n myndvinnsla"]}, "status": "approved by school", "description": "Nemendur l\u00e6ra \u00e1 lj\u00f3smyndaforrit (Photoshop), teikniforrit (Illustrator) og uppsetningarforrit (InDesign) \u00e1samt \u00f6\u00f0rum sm\u00e6rri forritum sem n\u00fdtast \u00ed framsetningu mynda.", "knowledge_goals": ["vi\u00f0eigandi forritum og hvernig m\u00f6gulegt er a\u00f0 n\u00fdta forritin \u00ed myndr\u00e6nni framsetningu", "hugt\u00f6kum tengdum myndvinnslu, uppsetningu og h\u00f6nnun", "grunnatri\u00f0um leturfr\u00e6\u00f0i"], "skills_goals": ["vinna me\u00f0 myndvinnsluforrit", "hanna veggspj\u00f6ld og b\u00e6klinga \u00ed t\u00f6lvu", "teikna og m\u00e1la \u00ed t\u00f6lvu", "lagf\u00e6ra lj\u00f3smyndir \u00ed t\u00f6lvu", "setja fram hugmyndir s\u00ednar me\u00f0 hj\u00e1lp skj\u00e1varpa og tj\u00e1 sig \u00e1 sk\u00fdran, \u00e1byrgan og gagnr\u00fdninn h\u00e1tt um eigin verkefni, ferli og listr\u00e6nar ni\u00f0urst\u00f6\u00f0ur"], "credits": 5, "last_modified": 1436523624.75689, "schools": ["51234a818caa45ed97015b35"], "coauthors": null, "instructions": "", "continued_education": false, "level": 2, "prerequisites": "", "author": "41be24d4-5ecf-4d99-9661-f49f574e3dcc", "abbreviation_version": null, "competence_goals": [["n\u00fdta s\u00e9r myndvinnsluforritin \u00e1 sj\u00e1lfst\u00e6\u00f0an og skapandi h\u00e1tt", ""], ["finna lausnir \u00e1 vandam\u00e1lum og vi\u00f0fangsefnum sem tengjast myndr\u00e6nni framsetningu \u00ed t\u00f6lvum", ""], ["skipuleggja verkferla vi\u00f0 \u00farlausn h\u00f6nnunarverkefna, t.d. ger\u00f0 ferilm\u00f6ppu og lokaverkefnis geta leyst verkefni af hendi \u00e1 vi\u00f0unandi hra\u00f0a", ""], ["vinna me\u00f0 \u00f6\u00f0rum nemendum til a\u00f0 deila uppl\u00fdsingum og \u00feekkingu", ""]], "_id": "559f9c6862933a24fe0051d4"}, {"exemplary": null, "topics": "Teikning, undirb\u00fanings\u00e1fangi", "abbreviation": "SJ\u00d3N1EU05(FB)", "former_schools": null, "subject": "sj\u00f3nlistir", "title": "Teikning", "version": 5, "status_trans": "Sam\u00feykkt af sk\u00f3la", "embedded_subject": {"abbreviation": "SJ\u00d3N", "topics": [{"abbreviation": "TE", "topics": ["merking", "teikning"]}, {"abbreviation": "LF", "topics": ["formfr\u00e6\u00f0i", "litafr\u00e6\u00f0i", "myndbygging"]}, {"abbreviation": "AM", "topics": ["almennur myndlistagrunnur"]}, {"abbreviation": "TF", "topics": ["a\u00f0fer\u00f0ir", "form", "teikning", "\u00e1h\u00f6ld"]}, {"abbreviation": "EU", "topics": ["Teikning", "undirb\u00fanings\u00e1fangi"]}, {"abbreviation": "LS", "topics": ["Litafr\u00e6\u00f0i", "formfr\u00e6\u00f0i", "starfsumhverfi"]}], "_id": "51275afc62933a682f000160", "subjects": ["sj\u00f3nlistir"], "counter": {"1": 2, "3": 0, "2": 0, "4": 0}}, "evaluation": "Kennari leggur mat \u00e1 virkni og \u00e1stundun nemandans \u00ed t\u00edmum. Helstu \u00fe\u00e6ttir eru vinnubr\u00f6g\u00f0, f\u00e6rni, skissub\u00f3k og heimavinna.", "categorization_suggestion": "FB", "embedded_topics": {"abbreviation": "EU", "topics": ["Teikning", "undirb\u00fanings\u00e1fangi"]}, "status": "approved by school", "description": "Nemendur l\u00e6ra um e\u00f0li og uppbyggingu frumforma. Unni\u00f0 er a\u00f0 \u00fev\u00ed a\u00f0 auka skilning nemenda \u00e1 samspili forma, lj\u00f3ss og skugga. Einnig \u00fej\u00e1lfast nemendur \u00ed a\u00f0 teikna skissur eftir fyrirmyndum og n\u00fdta teiknikunn\u00e1ttu s\u00edna til a\u00f0 \u00fatf\u00e6ra eigin hugmyndir.", "knowledge_goals": ["helstu teiknia\u00f0fer\u00f0um \u00e1 tv\u00edv\u00ed\u00f0an fl\u00f6t, s.s. bl\u00fdantsteikningu, beita kolum og kr\u00edt, t\u00fass og bleki", "hvernig nota m\u00e1 mismunandi teiknia\u00f0fer\u00f0ir til a\u00f0 \u00fatf\u00e6ra hugmyndir", "grunnl\u00f6gm\u00e1lum og reglum um myndbyggingu", "\u00fdmsum hugt\u00f6kum teiknilistarinnar, s.s. l\u00ednu, takti, skyggingu, p\u00f3sit\u00edfu/negat\u00edfu r\u00fdmi, \u00e1fer\u00f0um", "hvernig margir helstu listamenn heims hafa nota\u00f0 teikninguna \u00ed verkum s\u00ednum"], "skills_goals": ["teikna frumformin \u00fat fr\u00e1 \u00eds\u00f3metr\u00edu:  teningur, k\u00fala, s\u00edvalningur og keila", "skyggja me\u00f0 tilliti til skuggavarps", "n\u00fdta s\u00e9r \u00feekkingu \u00e1 frumformunum til a\u00f0 teikna eftir fyrirmynd", "teikna einfaldar skissur eftir fyrirmyndum", "n\u00fdta s\u00e9r skissub\u00f3k s\u00edna sem hugmyndabanka", "nota bl\u00fdant sem hlutfallam\u00e6listiku fyrir l\u00f3\u00f0r\u00e9ttar-, l\u00e1r\u00e9ttar- og sk\u00e1l\u00ednur", "teikna mannsl\u00edkamann", "vinna sj\u00e1lfst\u00e6tt"], "credits": 5, "last_modified": 1432725735.044002, "schools": ["51234a818caa45ed97015b35"], "coauthors": null, "instructions": "", "continued_education": false, "level": 1, "prerequisites": "", "author": "41be24d4-5ecf-4d99-9661-f49f574e3dcc", "abbreviation_version": null, "competence_goals": [["setja teikningu \u00ed menningarlegt og s\u00f6gulegt samhengi", ""], ["n\u00fdta teiknikunn\u00e1ttu s\u00edna til a\u00f0 \u00fatf\u00e6ra eigin hugmyndir", ""], ["skilja samspil forma, lj\u00f3ss og skugga \u00ed umhverfinu og \u00ed myndverkum", ""], ["vinna me\u00f0 myndbyggingu og jafnv\u00e6gi \u00ed verkum s\u00ednum", ""], ["\u00e1kve\u00f0a og velja \u00fe\u00e6r teiknia\u00f0fer\u00f0ir sem best henta vi\u00f0fangsefninu hverju sinni", ""], ["taka \u00fe\u00e1tt \u00ed almennum umr\u00e6\u00f0um og gagnr\u00fdni \u00e1 verk s\u00edn og annarra", ""], ["undirb\u00faa og vinna sj\u00e1lfst\u00e6tt a\u00f0 lokaverkefni \u00e1fangans", ""]], "_id": "5565a8e762933a5b20001467"}, {"exemplary": null, "topics": "\u00der\u00edv\u00ed\u00f0 formfr\u00e6\u00f0i", "abbreviation": "MYNL2\u00deV05(FB)", "former_schools": null, "subject": "myndlist", "title": "\u00der\u00edv\u00ed\u00f0 formfr\u00e6\u00f0i", "version": 19, "status_trans": "Sam\u00feykkt af sk\u00f3la", "embedded_subject": {"abbreviation": "MYNL", "topics": [{"abbreviation": "LO", "topics": ["lokaverkefni"]}, {"abbreviation": "GM", "topics": ["grunn\u00fe\u00e6ttir m\u00e1lunar"]}, {"abbreviation": "PM", "topics": ["portrett m\u00e1lun"]}, {"abbreviation": "\u00daL", "topics": ["\u00fargangslist"]}, {"abbreviation": "GT", "topics": ["form- og litafr\u00e6\u00f0i", "grunn\u00e1fangi \u00ed myndlist", "teikning"]}, {"abbreviation": "ET", "topics": ["efnis- og myndbygging", "tv\u00edv\u00ed\u00f0 og \u00fer\u00edv\u00ed\u00f0form; form-"]}, {"abbreviation": "ML", "topics": ["litabl\u00f6ndun og teikning mannsl\u00edkamans", "myndbygging"]}, {"abbreviation": "TG", "topics": ["grunn\u00e1fangi \u00ed myndlist", "teikning"]}, {"abbreviation": "FM", "topics": ["frj\u00e1ls m\u00e1lun"]}, {"abbreviation": "TE", "topics": ["teikning"]}, {"abbreviation": "LB", "topics": ["litafr\u00e6\u00f0i", "skissub\u00f3k"]}, {"abbreviation": "GB", "topics": ["graf\u00edk", "vinnub\u00f3k"]}, {"abbreviation": "VB", "topics": ["vatnslitir", "vinnub\u00f3k"]}, {"abbreviation": "MB", "topics": ["m\u00e1lun", "vinnub\u00f3k"]}, {"abbreviation": "FO", "topics": ["myndbygging", "m\u00e1lun", "tv\u00edv\u00ed\u00f0 formfr\u00e6\u00f0i"]}, {"abbreviation": "\u00deR", "topics": ["sk\u00falpt\u00far", "\u00fer\u00edv\u00ed\u00f0 h\u00f6nnun"]}, {"abbreviation": "T\u00de", "topics": ["ANAT\u00d3M\u00cdA", "LEIKMYNDASENUR", "M\u00d3DELTEIKNING", "SKISSUR", "STORYBOARD", "TEIKNIMYNDAS\u00d6GUR", "TEIKNI\u00deJ\u00c1LFUN"]}, {"abbreviation": "LI", "topics": ["litur", "n\u00e1tt\u00fara", "n\u00fdsk\u00f6pun"]}, {"abbreviation": "TT", "topics": ["Teikning", "n\u00fdsk\u00f6pun", "t\u00f6lvur"]}, {"abbreviation": "MT", "topics": ["M\u00f3del teikning"]}, {"abbreviation": "LF", "topics": ["Listgildi og fagurfr\u00e6\u00f0i"]}, {"abbreviation": "\u00daS", "topics": ["starfsbraut", "\u00farganslist"]}, {"abbreviation": "HM", "topics": ["Hreyfimyndir og myndl\u00edfgun"]}, {"abbreviation": "MF", "topics": ["Myndbygging og fjarv\u00eddd"]}, {"abbreviation": "ST", "topics": ["sk\u00f6pun og t\u00falkun", "\u00c1r\u00e6\u00f0ni"]}, {"abbreviation": "TM", "topics": ["Teikning", "m\u00f3del"]}, {"abbreviation": "AT", "topics": ["Teikning", "grunnur."]}, {"abbreviation": "BV", "topics": ["Vatnslitur og vinnub\u00f3k."]}, {"abbreviation": "MA", "topics": ["l\u00edkamsbygging", "m\u00f3delteikning", "sj\u00f3nskynjun"]}, {"abbreviation": "SL", "topics": ["Sj\u00f3nlist", "myndlist", "m\u00e1lun", "teikning"]}, {"abbreviation": "HN", "topics": ["h\u00f6nnun", "lausnarleit", "n\u00fdsk\u00f6pun", "\u00fearfagreining"]}, {"abbreviation": "VT", "topics": ["Valteikning"]}, {"abbreviation": "HU", "topics": ["hugmyndavinna", "skapandi hugsun", "sk\u00f6punarferli", "\u00fer\u00f3un hugmynda"]}, {"abbreviation": "MS", "topics": ["fagurfr\u00e6\u00f0i", "m\u00f3delteikning", "sj\u00f3nskynjun"]}, {"abbreviation": "SK", "topics": ["l\u00e1gmyndir og r\u00fdmi", "sk\u00falpt\u00far", "\u00fer\u00edv\u00ed\u00f0 myndverk"]}, {"abbreviation": "LJ", "topics": ["filmur", "hugmyndavinna", "lj\u00f3smyndat\u00e6kni", "myrkrakompa"]}, {"abbreviation": "FF", "topics": ["fjarv\u00eddd", "formfr\u00e6\u00f0i", "h\u00f6nnun", "myndbygging"]}, {"abbreviation": "TS", "topics": ["myndsk\u00f6pun", "skissuger\u00f0", "teikning"]}, {"abbreviation": "M\u00c1", "topics": ["myndbygging", "m\u00e1lverk", "sk\u00f6punarferli"]}, {"abbreviation": "GR", "topics": ["dj\u00fap\u00ferykk", "ein\u00ferykk", "graf\u00edk", "h\u00e6\u00f0ar\u00ferykk"]}, {"abbreviation": "LV", "topics": ["lokaverkefni myndlistarkj\u00f6rsvi\u00f0s", "sk\u00f6punarferli", "s\u00fdning"]}, {"abbreviation": "MY", "topics": ["Myndbygging", "formfr\u00e6\u00f0i", "litur", "r\u00fdmi"]}, {"abbreviation": "MH", "topics": ["Myndbygging", "formfr\u00e6\u00f0i", "h\u00f6nnun", "litur"]}, {"abbreviation": "TA", "topics": ["Teikni\u00fej\u00e1lfun", "anat\u00f3m\u00eda", "m\u00f3del", "skissur"]}, {"abbreviation": "\u00deL", "topics": ["leikmynd", "l\u00edk\u00f6n", "\u00der\u00edvi\u00f0 formfr\u00e6\u00f0i"]}, {"abbreviation": "\u00deF", "topics": ["leikmynd og l\u00edk\u00f6n", "\u00der\u00edvi\u00f0 formfr\u00e6\u00f0i"]}, {"abbreviation": "\u00deV", "topics": ["\u00der\u00edv\u00ed\u00f0 formfr\u00e6\u00f0i"]}, {"abbreviation": "MG", "topics": ["Teikning", "m\u00e1lun", "skapandi ferli"]}, {"abbreviation": "LS", "topics": ["Lokaverkefni", "sk\u00f6punarferli", "s\u00fdning"]}, {"abbreviation": "BG", "topics": ["Graf\u00edk", "\u00ferykk og vinnub\u00f3k."]}, {"abbreviation": "T\u00cd", "topics": ["T\u00edmi \u00ed myndlist"]}, {"abbreviation": "\u00deM", "topics": ["\u00der\u00edv\u00ed\u00f0 myndbygging"]}, {"abbreviation": "SR", "topics": ["Sk\u00falpt\u00far/r\u00fdmi/h\u00f6nnun"]}, {"abbreviation": "SH", "topics": ["Sk\u00falpt\u00far", "h\u00f6nnun", "r\u00fdmi"]}, {"abbreviation": "GH", "topics": ["Graf\u00edsk h\u00f6nnun"]}, {"abbreviation": "TB", "topics": ["Teikning", "myndbygging", "myndgreining"]}, {"abbreviation": "LM", "topics": ["Litafr\u00e6\u00f0i"]}, {"abbreviation": "MN", "topics": ["M\u00e1lun"]}, {"abbreviation": "H\u00d6", "topics": ["H\u00f6nnun: Samspil lj\u00f3ss og lita \u00e1 r\u00fdmismyndun"]}, {"abbreviation": "H\u00de", "topics": ["H\u00f6nnun: \u00fer\u00edv\u00ed\u00f0 myndhugsun", "h\u00f6nnun"]}, {"abbreviation": "R\u00de", "topics": ["R\u00fdmisverk", "\u00fer\u00f3un hugmynda"]}, {"abbreviation": "LR", "topics": ["Lokaverkefni \u00ed r\u00fdmish\u00f6nnun"]}, {"abbreviation": "PO", "topics": ["Gagnamappa/portf\u00f3l\u00ed\u00f3"]}, {"abbreviation": "BM", "topics": ["Beina- og v\u00f6\u00f0vabygging mannsl\u00edkamans"]}], "_id": "50c0a02dd8e40575f7f6f4b3", "subjects": ["myndlist"], "counter": {"1": 5, "3": 11, "2": 16, "4": 1}}, "evaluation": "N\u00e1msmat fer fram me\u00f0 lei\u00f0sagnarmati.  Heildareinkunn verkefna gildir til lokaeinkunnar. Verkefni annarinnar eru metin jafnt og \u00fe\u00e9tt yfir \u00f6nnina. \u00c1hersla er l\u00f6g\u00f0 \u00e1 uppbyggilegar umsagnir verkefna sem gagnast nemendum til \u00e1framhaldandi \u00fer\u00f3unar \u00e1 verkum s\u00ednum. Vi\u00f0 einkunnagj\u00f6f er unni\u00f0 \u00fat fr\u00e1 eftirfarandi \u00fe\u00e1ttum:\n\u25cf\t\u00deekking er metin \u00fat fr\u00e1 samr\u00e6\u00f0u og kynningum nemenda \u00e1 samt\u00edma- listam\u00f6nnum\n\u25cf\tLeikni, svo sem t\u00e6kni, verklag, hugmyndaferli og skapandi n\u00e1lgun, er metin vi\u00f0 verkefna\u00farvinnslu.\n\u25cf\tH\u00e6fnin er einnig metin \u00fat fr\u00e1 verkefnavinnu nemenda. \u00dear er l\u00f6g\u00f0 \u00e1hersla \u00e1 skapandi vinnubr\u00f6g\u00f0, hugmynda- og vinnuferli auk gagnr\u00fdninnar hugsunar vi\u00f0 \u00farvinnslu verkefna. Einnig er l\u00f6g\u00f0 \u00e1hersla \u00e1 h\u00e6fni nemandans til samr\u00e6\u00f0u um s\u00edn verk og annarra.\n", "categorization_suggestion": "FB", "embedded_topics": {"abbreviation": "\u00deV", "topics": ["\u00der\u00edv\u00ed\u00f0 formfr\u00e6\u00f0i"]}, "status": "approved by school", "description": "\u00cd \u00e1fanganum vinna nemendur me\u00f0 myndbyggingu fr\u00e1 tv\u00edv\u00ed\u00f0ri formf\u00e6\u00f0i yfir \u00ed \u00fer\u00edv\u00ed\u00f0a myndger\u00f0. F\u00f3kusinn er \u00e1 sk\u00falpt\u00far, h\u00f6nnun og byggingarlist. Kanna\u00f0ir ver\u00f0a fj\u00f6lbreyttir vinklar \u00fer\u00edv\u00edddarinnar \u00fat fr\u00e1 mismunandi mi\u00f0lum sem og raunverulegum r\u00fdmum allt \u00ed kringum okkar. \u00cd verkefnunum er unni\u00f0 b\u00e6\u00f0i me\u00f0 l\u00edfr\u00e6n og geometr\u00edsk form. \u00c1hersla er \u00e1 hugt\u00f6k sem tengjast listum; innra og ytra r\u00fdmi, jafnv\u00e6gi og \u00f3jafnv\u00e6gi, spennu, \u00f3rei\u00f0u og kyrr\u00f0. Sko\u00f0a\u00f0 ver\u00f0ur hvernig form, litir, \u00e1fer\u00f0ir, hlj\u00f3\u00f0 og taktur hefur \u00e1hrif \u00e1 skynjun.\nNemendur kynnast fj\u00f6lbreyttum vinnua\u00f0fer\u00f0um og verkf\u00e6rum auk \u00feess sem \u00feeir kynnast e\u00f0li \u00fdmissa efna, m\u00f3ta og me\u00f0h\u00f6ndla papp\u00edr, v\u00edr, \u00fer\u00e6\u00f0i, gifs og leir. \u00de\u00e1 f\u00e1 nemendur inns\u00fdn inn \u00ed heim lykilmyndh\u00f6ggvara og -arkitekta s\u00f6gunnar me\u00f0 fyrirlestrum auk umfj\u00f6llunar um samt\u00edmalist. Lagt er upp \u00far a\u00f0 \u00f6ll hugmyndavinna og teikningar komi fram \u00ed skissub\u00f3k sem er notu\u00f0 jafnt og \u00fe\u00e9tt yfir \u00f6nnina b\u00e6\u00f0i fyrir heiman\u00e1m og t\u00edmavinnu.\nNemendur taka lj\u00f3smyndir af verkum s\u00ednum og verkefnaskil eru \u00e1 stafr\u00e6nu formi. L\u00f6g\u00f0 er \u00e1hersla \u00e1 a\u00f0 \u00fej\u00e1lfa nemendur \u00ed skapandi hugsun og vinnubr\u00f6g\u00f0um og taka \u00fe\u00e1tt \u00ed gagnr\u00fdninni umr\u00e6\u00f0u \u00ed \u00e1fanganum.", "knowledge_goals": ["a\u00f0fer\u00f0um og hugt\u00f6kum tengdum \u00fer\u00edv\u00ed\u00f0ri formfr\u00e6\u00f0i, \u00fea\u00f0 er sk\u00falpt\u00far, byggingarlist, gj\u00f6rningum og innsetningum sem m\u00f3ta\u00f0 hafa umhverfi okkar b\u00e6ti vi\u00f0 sig or\u00f0afor\u00f0a til a\u00f0 tj\u00e1 sig um \u00fer\u00edv\u00ed\u00f0 verk", "gildi r\u00fdmisverka og geti me\u00f0 samanbur\u00f0i og d\u00e6mi r\u00f6kstutt gildi \u00feeirra", "vinnuumhverfi, vinnut\u00e6kjum og \u00e1h\u00f6ldum fagsins og me\u00f0fer\u00f0 \u00feeirra", "m\u00f6guleikum mismundandi efna, e\u00f0li \u00feeirra, m\u00f6guleikum og takm\u00f6rkunum"], "skills_goals": ["n\u00e1 t\u00f6kum \u00e1 t\u00e6kni og verklagi, skapandi a\u00f0fer\u00f0um og t\u00falkun \u00e1 \u00fer\u00edv\u00ed\u00f0u r\u00fdmi, \u00fea\u00f0 er sk\u00falpt\u00far, byggingarlist, gj\u00f6rningum og innsetningu", "vera f\u00e6r um a\u00f0 skipuleggja verkferli \u00e1 sj\u00e1lfst\u00e6\u00f0an h\u00e1tt", "s\u00fdna frumkv\u00e6\u00f0i og skapandi n\u00e1lgun \u00ed verkefnavinnu", "tj\u00e1 sig \u00e1 sk\u00fdran, gagnr\u00fdninn h\u00e1tt um eigi\u00f0 verkferli og listr\u00e6na ni\u00f0urst\u00f6\u00f0u", "taka \u00fe\u00e1tt \u00ed samvinnu me\u00f0 sameiginlegt markmi\u00f0 h\u00f3psins a\u00f0 lei\u00f0arlj\u00f3si", "beita \u00f6ryggi vi\u00f0 mismunandi a\u00f0fer\u00f0ir \u00ed s\u00ednu vinnuferli"], "credits": 5, "last_modified": 1431529642.628473, "schools": ["51234a818caa45ed97015b35"], "coauthors": null, "instructions": "", "continued_education": false, "level": 2, "prerequisites": "Undanfari: SJ\u00d3N1EU05, SJ\u00d3N1LS05, MYNL1HU05, MYNL2MT05, LJ\u00d3S1SL05 ", "author": "f8d44553-42df-4c20-a712-9f65b3261ea9", "abbreviation_version": null, "competence_goals": [["geta n\u00fdtt s\u00e9r almenna \u00feekkingu, a\u00f0fer\u00f0ir og verkkunn\u00e1ttu sem hann hefur afla\u00f0 s\u00e9r", ""], ["yfirf\u00e6ra tv\u00edv\u00ed\u00f0an fl\u00f6t yfir \u00ed \u00fer\u00edv\u00ed\u00f0an me\u00f0 einf\u00f6ldum vinnua\u00f0fer\u00f0um", ""], ["geta beitt inns\u00e6i og tilfinningu vi\u00f0 \u00fatf\u00e6rslu/t\u00falkun hugmynda/verkefna", ""], ["skynja form og vinna hlutf\u00f6ll \u00ed \u00fer\u00edv\u00ed\u00f0u r\u00fdmi", ""], ["geta teki\u00f0 \u00fe\u00e1tt \u00ed uppbyggilegri og frj\u00f3rri samr\u00e6\u00f0u um verk s\u00edn og annarra og \u00edgrunda\u00f0 og r\u00f6kstutt m\u00e1l sitt", ""], ["beita fj\u00f6lbreyttum a\u00f0fer\u00f0um vi\u00f0 hugmyndvinnu og \u00fer\u00f3a hana a\u00f0 endanlegri ni\u00f0urst\u00f6\u00f0u", ""], ["geta teki\u00f0 \u00fea\u00f0 skref a\u00f0 s\u00fdna og kynna verk s\u00edn fyrir samnemendum s\u00ednum", ""], ["geta teki\u00f0 \u00fe\u00e1tt \u00ed gagnr\u00fdninni umr\u00e6\u00f0u um verk s\u00edn og annarra", ""]], "_id": "555368aa62933a2f3d000838"}], "title": "Kjarni listgreina"}], "description": "N\u00e1mi \u00e1 listabraut er \u00e6tla\u00f0 a\u00f0 veita nemendum g\u00f3\u00f0a, almenna undirst\u00f6\u00f0u\u00feekkingu \u00ed b\u00f3klegum greinum og listgreinum me\u00f0 \u00e1herslu \u00e1 myndlist. Me\u00f0al kennslugreina \u00e1 brautinni eru sj\u00f3nlistir, stafr\u00e6n myndvinnsla, lj\u00f3smyndun, hugmyndavinna, tv\u00edv\u00ed\u00f0 og \u00fer\u00edv\u00ed\u00f0 formfr\u00e6\u00f0i, m\u00f3delteikning, fjarv\u00eddd, anat\u00f3m\u00eda, m\u00e1lun, teikning, sk\u00falpt\u00far og listasaga. \u00de\u00e1 veitir n\u00e1mi\u00f0 g\u00f3\u00f0an undirb\u00faning fyrir n\u00e1m \u00ed h\u00e1sk\u00f3lum e\u00f0a s\u00e9rsk\u00f3lum \u00fear sem ger\u00f0 er krafa um g\u00f3\u00f0an undirb\u00faning \u00ed listgreinum. St\u00fadentspr\u00f3f af myndlistarbraut er heppilegur undirb\u00faningur fyrir n\u00e1m \u00ed listgreinum \u00ed h\u00e1sk\u00f3la eins og myndlist,  hvers konar h\u00f6nnun; graf\u00edskri h\u00f6nnun, fatah\u00f6nnun, v\u00f6ruh\u00f6nnun, arkitekt\u00far, lj\u00f3smyndun o.fl. N\u00e1mi\u00f0 er 200 framhaldssk\u00f3laeiningar og \u00fev\u00ed l\u00fdkur me\u00f0 st\u00fadentspr\u00f3fi. ", "tags": "Augl\u00fdst 25.04.2016", "rules": "Mi\u00f0a\u00f0 er vi\u00f0 a\u00f0 nemandi \u00ed fullu n\u00e1mi lj\u00faki 33-34 framhaldssk\u00f3laeiningum \u00e1 \u00f6nn. Lokavitnisbur\u00f0ur skal vera \u00ed heilum t\u00f6lum \u00e1 bilinu 1-10 og l\u00e1gmarkseinkunn til a\u00f0 standast \u00e1fanga er 5. N\u00e1nari reglur um n\u00e1msframvindu, fr\u00e1vik fr\u00e1 henni og  sk\u00f3las\u00f3kn m\u00e1 finna \u00ed  sk\u00f3lan\u00e1mskr\u00e1 sk\u00f3lans.", "onsite_training": "", "programme_type": {"status": "Sam\u00feykkt", "exam": {"_types": ["Exam"], "_id": "4fe3212d045c2618e32ae413", "description": "Nemandi me\u00f0 st\u00fadentspr\u00f3f af \u00f6\u00f0rum brautum en b\u00f3kn\u00e1msbrautum b\u00fdr yfir almennri og s\u00e9rh\u00e6f\u00f0ri \u00feekkingu, leikni og h\u00e6fni til a\u00f0 takast \u00e1 vi\u00f0 n\u00e1m \u00e1 h\u00e1sk\u00f3lastigi. S\u00e9rh\u00e6fingin tengist fr\u00e6\u00f0asvi\u00f0i \u00e1 h\u00e1sk\u00f3lastigi sem er grundvalla\u00f0 \u00e1 starfsn\u00e1mi e\u00f0a listn\u00e1mi. Vi\u00f0 s\u00e9rh\u00e6finguna hefur nemandi \u00f6\u00f0last inns\u00fdn \u00ed starfsa\u00f0fer\u00f0ir vi\u00f0komandi fr\u00e6\u00f0asamf\u00e9lags og b\u00fdr yfir h\u00e6fni til a\u00f0 ver\u00f0a \u00e1byrgur og virkur einstaklingur \u00ed \u00fev\u00ed l\u00fd\u00f0r\u00e6\u00f0islega samf\u00e9lagi. Hann getur n\u00fdtt s\u00e9r norr\u00e6nt tungum\u00e1l og eftir atvikum grunn\u00feekkingu \u00ed \u00feri\u00f0ja tungum\u00e1li, samf\u00e9lagsgreinum e\u00f0a raungreinum vi\u00f0 frekara n\u00e1m og s\u00e9r menntun s\u00edna \u00ed al\u00fej\u00f3\u00f0legu samhengi. Hann b\u00fdr yfir h\u00e6fni til a\u00f0 geta tj\u00e1\u00f0 sig um s\u00e9rh\u00e6f\u00f0a \u00feekkingu s\u00edna, getur sk\u00fdrt og r\u00f6kstutt verklag \u00e1 \u00e1byrgan, gagnr\u00fdninn og sk\u00fdran h\u00e1tt. Hann b\u00fdr yfir h\u00e6fni til a\u00f0 tengja \u00feekkingu s\u00edna og leikni vi\u00f0 t\u00e6kni og v\u00edsindi, getur n\u00fdtt \u00feekkingu s\u00edna, leikni og h\u00e6fni til a\u00f0 greina n\u00fd t\u00e6kif\u00e6ri og getur tekist \u00e1 vi\u00f0 frekara n\u00e1m \u00e1 h\u00e1sk\u00f3lastigi.", "title": "A\u00f0rar brautir til st\u00fadentspr\u00f3fs (\u00feri\u00f0ja \u00ferep)", "level": 3, "number": "7", "subject_choice_programme_flag": null, "_cls": "Exam", "maximum_credits": 240.0, "all_onsite": true, "credits_ratio": {"1": {"max": 33.0, "min": 17.0}, "3": {"max": 33.0, "min": 17.0}, "2": {"max": 50.0, "min": 33.0}, "4": {"max": 10.0, "min": 0.0}}, "minimum_credits": 180.0}, "tags": ["st\u00fadent", "b\u00f3kn\u00e1m", "h\u00e1sk\u00f3lan\u00e1m"], "title": "st\u00fadent", "field_id": "4fb272c4874d802e5451c0bf", "field": {"field": "Almennt n\u00e1m", "subfield": "Almennt n\u00e1m, grunnn\u00e1m og st\u00fadentspr\u00f3f", "_id": "4fb272c4874d802e5451c0bf", "description": "Basic general programmes pre-primary, elementary, primary, secondary, etc.", "isced": "01"}, "exam_id": "4fe3212d045c2618e32ae413", "_cls": null, "subject_choice_programme_description": null, "hidden": null, "description": "Nemandi me\u00f0 st\u00fadentspr\u00f3f b\u00fdr yfir almennri og s\u00e9rh\u00e6f\u00f0ri \u00feekkingu, leikni og h\u00e6fni til a\u00f0 takast \u00e1 vi\u00f0 n\u00e1m \u00e1 h\u00e1sk\u00f3lastigi. S\u00e9rh\u00e6fingin tengist \u00fev\u00ed fr\u00e6\u00f0isvi\u00f0i \u00e1 h\u00e1sk\u00f3lastigi sem stefnt er \u00e1. Vi\u00f0 s\u00e9rh\u00e6finguna f\u00e6r nemandinn inns\u00fdn inn \u00ed starfsa\u00f0fer\u00f0ir vi\u00f0komandi fr\u00e6\u00f0asamf\u00e9lags auk t\u00f6luver\u00f0ar verk\u00feekkingar \u00e1 s\u00ednu valsvi\u00f0i sem getur veri\u00f0 verklegt e\u00f0a listn\u00e1m/h\u00f6nnun. Hann hefur \u00f6\u00f0last h\u00e6fni til a\u00f0 geta s\u00fdnt og tj\u00e1\u00f0 s\u00e9rh\u00e6f\u00f0a \u00feekkingu s\u00edna oggetur sk\u00fdrt og r\u00f6kstutt verklag \u00e1 \u00e1byrgan og sk\u00fdran h\u00e1tt. Hann b\u00fdr yfir h\u00e6fni til a\u00f0 tengja \u00feekkingu s\u00edna og leikni vi\u00f0 t\u00e6kni og v\u00edsindi og getur n\u00fdtt \u00feekkingu s\u00edna, leikni og h\u00e6fni til a\u00f0 greina n\u00fd t\u00e6kif\u00e6ri og n\u00fdta s\u00e9r \u00feau. Nemandinn b\u00fdr yfir h\u00e6fni til a\u00f0 vera \u00e1byrgur og virkur einstaklingur \u00ed l\u00fd\u00f0r\u00e6\u00f0issamf\u00e9lagi."}, "free_choice_description": "", "credits": 200, "last_modified": 1468851004.954589, "exam_id": "4fe3212d045c2618e32ae413", "title_of_core": null, "schools": ["51234a818caa45ed97015b35"], "free_choice_flag": false, "continued_education": false, "prerequisites": "Nemendur skulu hafa loki\u00f0 grunnsk\u00f3lapr\u00f3fi e\u00f0a \u00edgildi \u00feess. Til a\u00f0 hefja n\u00e1m \u00e1 \u00f6\u00f0ru h\u00e6fni\u00ferepi \u00ed d\u00f6nsku, ensku, \u00edslensku e\u00f0a st\u00e6r\u00f0fr\u00e6\u00f0i \u00fearf nemandi a\u00f0 hafa n\u00e1\u00f0 h\u00e6fnieinkunn B vi\u00f0 lok grunnsk\u00f3la e\u00f0a a\u00f0 hafa loki\u00f0 fyrsta \u00fereps \u00e1fanga \u00ed \u00feessum greinum. N\u00e1nar er fjalla\u00f0 um innt\u00f6ku og innt\u00f6kuskilyr\u00f0i \u00ed sk\u00f3lan\u00e1mskr\u00e1 sk\u00f3lans.", "target_groups": [], "competence_goals": ["gera s\u00e9r grein fyrir samf\u00e9lagslegri og si\u00f0fer\u00f0ilegri \u00e1byrg\u00f0 sinni \u00ed l\u00fd\u00f0r\u00e6\u00f0is\u00fej\u00f3\u00f0f\u00e9lagi.", "taka \u00fe\u00e1tt \u00ed l\u00fd\u00f0r\u00e6\u00f0islegri samr\u00e6\u00f0u og samstarfi.", "beita skapandi og listr\u00e6nni hugsun vi\u00f0 lausnami\u00f0a\u00f0 n\u00e1m og n\u00fdta styrkleika s\u00edna.", "taka \u00fe\u00e1tt \u00ed samr\u00e6\u00f0u og samvinnu \u00e1 jafnr\u00e9ttisgrunni og \u00e1n ford\u00f3ma.", "efla sj\u00e1lfsmynd s\u00edna og styrkleika.", "beita gagnr\u00fdnni hugsun.", "hafa g\u00f3\u00f0 t\u00f6k \u00e1 \u00edslensku m\u00e1li \u00ed r\u00e6\u00f0u og riti.", "geta n\u00fdtt s\u00e9r \u00feau erlendu tungum\u00e1l sem hann hefur lagt stund \u00e1.", "skilja menningu, si\u00f0i og s\u00f6gu \u00feeirra erlendu m\u00e1lsamf\u00e9laga sem hann hefur l\u00e6rt um.", "nota uppl\u00fdsingat\u00e6kni \u00e1 \u00e1byrgan h\u00e1tt.", "afla s\u00e9r uppl\u00fdsinga, meta \u00fe\u00e6r, vinna \u00far \u00feeim og t\u00falka \u00fe\u00e6r.", "vinna markvisst \u00ed h\u00f3pi, b\u00e6\u00f0i \u00ed n\u00e1mi og starfi.", "takast \u00e1 vi\u00f0 frekara n\u00e1m \u00ed listgreinum og \u00f6\u00f0rum skapandi greinum h\u00e9rlendis og erlendis."], "log": [], "organization": "N\u00e1m \u00e1 listabraut er hvort tveggja b\u00f3klegt og verklegt og fer fyrst og fremst fram \u00ed sk\u00f3lanum. \u00c1 brautinni er l\u00f6g\u00f0 \u00e1hersla \u00e1 g\u00f3\u00f0a almenna menntun, traustan grunn \u00ed kjarnagreinunum \u00feremur, \u00edslensku, ensku og st\u00e6r\u00f0fr\u00e6\u00f0i og s\u00e9rh\u00e6fingu \u00ed myndlistalistgreinum og myndlistars\u00f6gu. \u00cd lok n\u00e1mst\u00edmans vinna nemendur st\u00f3r lokaverkefni auk \u00feess a\u00f0 vinna safnm\u00f6ppur (portf\u00f3l\u00edo).", "_id": "67c6ab31-6fe7-4eed-bb49-a62bf37c1c0c", "programme_type_id": "52cac99d71fe19116a528247"}