{"course_choice": [{"total_credits": 12, "courses": [{"exemplary": null, "topics": "blak, leikfr\u00e6\u00f0i, reglur, t\u00e6kni", "abbreviation": "\u00cd\u00deRG3LB03", "former_schools": null, "subject": "\u00ed\u00fer\u00f3ttagrein", "title": "Blak", "version": 17, "status_trans": "Sam\u00feykkt af sk\u00f3la", "embedded_subject": {"abbreviation": "\u00cd\u00deRG", "topics": [{"abbreviation": "BL", "topics": ["blak"]}, {"abbreviation": "BA", "topics": ["badminton"]}, {"abbreviation": "K\u00d6", "topics": ["k\u00f6rfuknattleikur"]}, {"abbreviation": "KN", "topics": ["knattspyrna"]}, {"abbreviation": "OP", "topics": ["opinn \u00ed\u00fer\u00f3ttagreina\u00e1fangi"]}, {"abbreviation": "HA", "topics": ["handknattleikur"]}, {"abbreviation": "L\u00cd", "topics": ["L\u00edkamsr\u00e6kt"]}, {"abbreviation": "BB", "topics": ["Blak og band\u00fd"]}, {"abbreviation": "B\u00de", "topics": ["Badminton og L\u00edkamsr\u00e6kt"]}, {"abbreviation": "V\u00cd", "topics": ["Vetrar\u00ed\u00fer\u00f3ttir"]}, {"abbreviation": "GO", "topics": ["Golf"]}, {"abbreviation": "F\u00cd", "topics": ["Frj\u00e1lsar \u00ed\u00fer\u00f3ttir"]}, {"abbreviation": "B\u00dd", "topics": ["Band\u00fd"]}, {"abbreviation": "\u00deS", "topics": ["li\u00f0leiki", "snerpa", "styrkur", "\u00feol"]}, {"abbreviation": "KL", "topics": ["k\u00f6rfuknattleikur", "leikfr\u00e6\u00f0i", "reglur", "t\u00e6kni"]}, {"abbreviation": "HB", "topics": ["handbolti", "leikfr\u00e6\u00f0i", "reglur", "t\u00e6kni"]}, {"abbreviation": "LB", "topics": ["blak", "leikfr\u00e6\u00f0i", "reglur", "t\u00e6kni"]}], "_id": "50c0a02dd8e40575f7f6f4ec", "subjects": ["\u00ed\u00fer\u00f3ttagrein"], "counter": {"1": 14, "3": 16, "2": 14, "4": 0}}, "evaluation": "L\u00f6g\u00f0 er \u00e1hersla \u00e1 fj\u00f6lbreytt n\u00e1msmat me\u00f0 lei\u00f0s\u00f6gn. N\u00e1msmati\u00f0 er \u00ed h\u00f6ndum kennara vi\u00f0komandi \u00e1fanga en \u00fearf a\u00f0 fylgja \u00feeim reglum sem kve\u00f0i\u00f0 er \u00e1 um \u00ed sk\u00f3lan\u00e1mskr\u00e1 VMA.", "categorization_suggestion": "AV", "embedded_topics": {"abbreviation": "LB", "topics": ["blak", "leikfr\u00e6\u00f0i", "reglur", "t\u00e6kni"]}, "status": "approved by school", "description": "\u00c1fanginn er b\u00e6\u00f0i b\u00f3klegur og verklegur me\u00f0 \u00fea\u00f0 a\u00f0 markmi\u00f0i a\u00f0 nemandinn l\u00e6ri a\u00f0 kenna b\u00f6rnum og unglingum undirst\u00f6\u00f0uatri\u00f0i \u00ed blaki. \u00c1hersla er \u00e1 t\u00e6knikennslu og kennslu \u00ed leikfr\u00e6\u00f0i og reglum. Stefnt er a\u00f0 \u00fev\u00ed a\u00f0 nemandinn \u00f6\u00f0list \u00e1kve\u00f0na grunnf\u00e6rni \u00ed greininni og l\u00f6g\u00f0 er \u00e1hersla \u00e1 mikilv\u00e6gi \u00feess a\u00f0 leikurinn s\u00e9 kenndur \u00e1 leikr\u00e6nan og skemmtilegan h\u00e1tt.", "knowledge_goals": ["leikreglum \u00ed blaki", "hvernig \u00e1 a\u00f0 lei\u00f0beina b\u00f6rnum \u00ed blaki", "kennslu t\u00e6kni\u00e6finga \u00ed blaki", "skipulagningu blak\u00fej\u00e1lfunar", "fj\u00f6lbreyttum leik- og t\u00e6kni\u00e6fingum \u00ed blaki"], "skills_goals": ["lei\u00f0beina byrjendum \u00ed blaki", "greina getu \u00f3l\u00edkra einstaklinga \u00ed h\u00f3p", "nota blak sem sk\u00f3la\u00ed\u00fer\u00f3tt", "spila blak"], "credits": 3, "last_modified": 1430389705.353169, "schools": ["512b49bc62933a682f00048a"], "coauthors": null, "instructions": "", "continued_education": false, "level": 3, "prerequisites": "\u00cd\u00deRG2\u00deS03 e\u00f0a samb\u00e6rilegur \u00e1fangi", "author": "0bc9b589-2a42-4690-ac7e-ec65f804a0e6", "abbreviation_version": null, "competence_goals": [["skipuleggja \u00ed\u00fer\u00f3ttat\u00edma \u00ed blaki", ""], ["stj\u00f3rna h\u00f3pi af b\u00f6rnum \u00ed blak\u00fej\u00e1lfun", ""]], "_id": "554203c962933a2b9f000152"}, {"exemplary": null, "topics": "handbolti, leikfr\u00e6\u00f0i, reglur, t\u00e6kni", "abbreviation": "\u00cd\u00deRG3HB03", "former_schools": null, "subject": "\u00ed\u00fer\u00f3ttagrein", "title": "Handbolti", "version": 18, "status_trans": "Sam\u00feykkt af sk\u00f3la", "embedded_subject": {"abbreviation": "\u00cd\u00deRG", "topics": [{"abbreviation": "BL", "topics": ["blak"]}, {"abbreviation": "BA", "topics": ["badminton"]}, {"abbreviation": "K\u00d6", "topics": ["k\u00f6rfuknattleikur"]}, {"abbreviation": "KN", "topics": ["knattspyrna"]}, {"abbreviation": "OP", "topics": ["opinn \u00ed\u00fer\u00f3ttagreina\u00e1fangi"]}, {"abbreviation": "HA", "topics": ["handknattleikur"]}, {"abbreviation": "L\u00cd", "topics": ["L\u00edkamsr\u00e6kt"]}, {"abbreviation": "BB", "topics": ["Blak og band\u00fd"]}, {"abbreviation": "B\u00de", "topics": ["Badminton og L\u00edkamsr\u00e6kt"]}, {"abbreviation": "V\u00cd", "topics": ["Vetrar\u00ed\u00fer\u00f3ttir"]}, {"abbreviation": "GO", "topics": ["Golf"]}, {"abbreviation": "F\u00cd", "topics": ["Frj\u00e1lsar \u00ed\u00fer\u00f3ttir"]}, {"abbreviation": "B\u00dd", "topics": ["Band\u00fd"]}, {"abbreviation": "\u00deS", "topics": ["li\u00f0leiki", "snerpa", "styrkur", "\u00feol"]}, {"abbreviation": "KL", "topics": ["k\u00f6rfuknattleikur", "leikfr\u00e6\u00f0i", "reglur", "t\u00e6kni"]}, {"abbreviation": "HB", "topics": ["handbolti", "leikfr\u00e6\u00f0i", "reglur", "t\u00e6kni"]}], "_id": "50c0a02dd8e40575f7f6f4ec", "subjects": ["\u00ed\u00fer\u00f3ttagrein"], "counter": {"1": 14, "3": 16, "2": 14, "4": 0}}, "evaluation": "L\u00f6g\u00f0 er \u00e1hersla \u00e1 fj\u00f6lbreytt n\u00e1msmat me\u00f0 lei\u00f0s\u00f6gn. N\u00e1msmati\u00f0 er \u00ed h\u00f6ndum kennara vi\u00f0komandi \u00e1fanga en \u00fearf a\u00f0 fylgja \u00feeim reglum sem kve\u00f0i\u00f0 er \u00e1 um \u00ed sk\u00f3lan\u00e1mskr\u00e1 VMA.", "categorization_suggestion": "AV", "embedded_topics": {"abbreviation": "HB", "topics": ["handbolti", "leikfr\u00e6\u00f0i", "reglur", "t\u00e6kni"]}, "status": "approved by school", "description": "\u00c1fanginn er b\u00e6\u00f0i b\u00f3klegur og verklegur me\u00f0 \u00fea\u00f0 a\u00f0 markmi\u00f0i a\u00f0 nemandinn l\u00e6ri a\u00f0 kenna b\u00f6rnum og unglingum undirst\u00f6\u00f0uatri\u00f0i \u00ed handbolta. \u00c1hersla er \u00e1 t\u00e6knikennslu og kennslu \u00ed leikfr\u00e6\u00f0i og reglum. Stefnt er a\u00f0 \u00fev\u00ed a\u00f0 nemandinn \u00f6\u00f0list \u00e1kve\u00f0na grunnf\u00e6rni \u00ed greininni og l\u00f6g\u00f0 er \u00e1hersla \u00e1 mikilv\u00e6gi \u00feess a\u00f0 leikurinn s\u00e9 kenndur \u00e1 leikr\u00e6nan og skemmtilegan h\u00e1tt.", "knowledge_goals": ["leikreglum \u00ed handbolta", "hvernig \u00e1 a\u00f0 lei\u00f0beina b\u00f6rnum \u00ed handbolta", "fj\u00f6lbreyttum leik- og t\u00e6kni\u00e6fingum \u00ed handbolta", "kennslu t\u00e6kni\u00e6finga \u00ed handbolta", "skipulagningu handbolta\u00fej\u00e1lfunar"], "skills_goals": ["lei\u00f0beina byrjendum \u00ed handbolta", "greina getu \u00f3l\u00edkra einstaklinga \u00ed h\u00f3p", "nota handbolta sem sk\u00f3la\u00ed\u00fer\u00f3tt", "spila handbolta"], "credits": 3, "last_modified": 1430389490.79273, "schools": ["512b49bc62933a682f00048a"], "coauthors": null, "instructions": "", "continued_education": false, "level": 3, "prerequisites": "\u00cd\u00deRG2\u00deS03 e\u00f0a samb\u00e6rilegur \u00e1fangi", "author": "0bc9b589-2a42-4690-ac7e-ec65f804a0e6", "abbreviation_version": null, "competence_goals": [["skipuleggja \u00ed\u00fer\u00f3ttat\u00edma \u00ed handbolta", ""], ["stj\u00f3rna h\u00f3pi af b\u00f6rnum \u00ed handbolta\u00fej\u00e1lfun", ""]], "_id": "554202f262933a2b9f00014e"}, {"exemplary": null, "topics": "knattspyrna, leikfr\u00e6\u00f0i, reglur, t\u00e6kni", "abbreviation": "\u00cd\u00deRG3LK03", "former_schools": null, "subject": "\u00ed\u00fer\u00f3ttagrein", "title": "Knattspyrna", "version": 19, "status_trans": "Sam\u00feykkt af sk\u00f3la", "embedded_subject": {"abbreviation": "\u00cd\u00deRG", "topics": [{"abbreviation": "BL", "topics": ["blak"]}, {"abbreviation": "BA", "topics": ["badminton"]}, {"abbreviation": "K\u00d6", "topics": ["k\u00f6rfuknattleikur"]}, {"abbreviation": "KN", "topics": ["knattspyrna"]}, {"abbreviation": "OP", "topics": ["opinn \u00ed\u00fer\u00f3ttagreina\u00e1fangi"]}, {"abbreviation": "HA", "topics": ["handknattleikur"]}, {"abbreviation": "L\u00cd", "topics": ["L\u00edkamsr\u00e6kt"]}, {"abbreviation": "BB", "topics": ["Blak og band\u00fd"]}, {"abbreviation": "B\u00de", "topics": ["Badminton og L\u00edkamsr\u00e6kt"]}, {"abbreviation": "V\u00cd", "topics": ["Vetrar\u00ed\u00fer\u00f3ttir"]}, {"abbreviation": "GO", "topics": ["Golf"]}, {"abbreviation": "F\u00cd", "topics": ["Frj\u00e1lsar \u00ed\u00fer\u00f3ttir"]}, {"abbreviation": "B\u00dd", "topics": ["Band\u00fd"]}, {"abbreviation": "\u00deS", "topics": ["li\u00f0leiki", "snerpa", "styrkur", "\u00feol"]}, {"abbreviation": "KL", "topics": ["k\u00f6rfuknattleikur", "leikfr\u00e6\u00f0i", "reglur", "t\u00e6kni"]}, {"abbreviation": "HB", "topics": ["handbolti", "leikfr\u00e6\u00f0i", "reglur", "t\u00e6kni"]}, {"abbreviation": "LB", "topics": ["blak", "leikfr\u00e6\u00f0i", "reglur", "t\u00e6kni"]}, {"abbreviation": "LK", "topics": ["knattspyrna", "leikfr\u00e6\u00f0i", "reglur", "t\u00e6kni"]}], "_id": "50c0a02dd8e40575f7f6f4ec", "subjects": ["\u00ed\u00fer\u00f3ttagrein"], "counter": {"1": 14, "3": 16, "2": 14, "4": 0}}, "evaluation": "L\u00f6g\u00f0 er \u00e1hersla \u00e1 fj\u00f6lbreytt n\u00e1msmat me\u00f0 lei\u00f0s\u00f6gn. N\u00e1msmati\u00f0 er \u00ed h\u00f6ndum kennara vi\u00f0komandi \u00e1fanga en \u00fearf a\u00f0 fylgja \u00feeim reglum sem kve\u00f0i\u00f0 er \u00e1 um \u00ed sk\u00f3lan\u00e1mskr\u00e1 VMA.", "categorization_suggestion": "AV", "embedded_topics": {"abbreviation": "LK", "topics": ["knattspyrna", "leikfr\u00e6\u00f0i", "reglur", "t\u00e6kni"]}, "status": "approved by school", "description": "\u00c1fanginn er b\u00e6\u00f0i b\u00f3klegur og verklegur me\u00f0 \u00fea\u00f0 a\u00f0 markmi\u00f0i a\u00f0 nemandinn l\u00e6ri a\u00f0 kenna b\u00f6rnum og unglingum undirst\u00f6\u00f0uatri\u00f0i \u00ed knattspyrnu. \u00c1hersla er \u00e1 t\u00e6knikennslu og kennslu \u00ed leikfr\u00e6\u00f0i og reglum. Stefnt er a\u00f0 \u00fev\u00ed a\u00f0 nemendur \u00f6\u00f0list \u00e1kve\u00f0na grunnf\u00e6rni \u00ed greininni og l\u00f6g\u00f0 er \u00e1hersla \u00e1 mikilv\u00e6gi \u00feess a\u00f0 leikurinn s\u00e9 kenndur \u00e1 leikr\u00e6nan og skemmtilegan h\u00e1tt. \u00c1fanginn samsvarar s\u00e9rgreinahluta \u00dej\u00e1lfara 1 \u00ed fr\u00e6\u00f0slukerfi KS\u00cd og nemendur taka einnig d\u00f3marapr\u00f3f fr\u00e1 KS\u00cd.", "knowledge_goals": ["leikreglum \u00ed knattspyrnu", "hvernig \u00e1 a\u00f0 lei\u00f0beina b\u00f6rnum \u00ed knattspyrnu", "kennslu t\u00e6kni\u00e6finga \u00ed knattspyrnu", "skipulagningu knattspyrnu\u00fej\u00e1lfunar", "fj\u00f6lbreyttum leik- og t\u00e6kni\u00e6fingum \u00ed knattspyrnu"], "skills_goals": ["lei\u00f0beina byrjendum \u00ed knattspyrnu", "greina getu \u00f3l\u00edkra einstaklinga \u00ed h\u00f3p", "nota knattspyrnu sem sk\u00f3la\u00ed\u00fer\u00f3tt", "spila knattspyrnu"], "credits": 3, "last_modified": 1430817668.623911, "schools": ["512b49bc62933a682f00048a"], "coauthors": null, "instructions": "", "continued_education": false, "level": 3, "prerequisites": "\u00cd\u00deRG2\u00deS03 e\u00f0a samb\u00e6rilegur \u00e1fangi", "author": "0bc9b589-2a42-4690-ac7e-ec65f804a0e6", "abbreviation_version": null, "competence_goals": [["skipuleggja \u00ed\u00fer\u00f3ttat\u00edma \u00ed knattspyrnu", ""], ["stj\u00f3rna h\u00f3pi af b\u00f6rnum \u00ed knattspyrnu\u00fej\u00e1lfun", ""]], "_id": "55488b8462933a2b9f000d61"}, {"exemplary": null, "topics": "k\u00f6rfuknattleikur, leikfr\u00e6\u00f0i, reglur, t\u00e6kni", "abbreviation": "\u00cd\u00deRG3KL03", "former_schools": null, "subject": "\u00ed\u00fer\u00f3ttagrein", "title": "K\u00f6rfuknattleikur", "version": 20, "status_trans": "Sam\u00feykkt af sk\u00f3la", "embedded_subject": {"abbreviation": "\u00cd\u00deRG", "topics": [{"abbreviation": "BL", "topics": ["blak"]}, {"abbreviation": "BA", "topics": ["badminton"]}, {"abbreviation": "K\u00d6", "topics": ["k\u00f6rfuknattleikur"]}, {"abbreviation": "KN", "topics": ["knattspyrna"]}, {"abbreviation": "OP", "topics": ["opinn \u00ed\u00fer\u00f3ttagreina\u00e1fangi"]}, {"abbreviation": "HA", "topics": ["handknattleikur"]}, {"abbreviation": "L\u00cd", "topics": ["L\u00edkamsr\u00e6kt"]}, {"abbreviation": "BB", "topics": ["Blak og band\u00fd"]}, {"abbreviation": "B\u00de", "topics": ["Badminton og L\u00edkamsr\u00e6kt"]}, {"abbreviation": "V\u00cd", "topics": ["Vetrar\u00ed\u00fer\u00f3ttir"]}, {"abbreviation": "GO", "topics": ["Golf"]}, {"abbreviation": "F\u00cd", "topics": ["Frj\u00e1lsar \u00ed\u00fer\u00f3ttir"]}, {"abbreviation": "B\u00dd", "topics": ["Band\u00fd"]}, {"abbreviation": "\u00deS", "topics": ["li\u00f0leiki", "snerpa", "styrkur", "\u00feol"]}, {"abbreviation": "KL", "topics": ["k\u00f6rfuknattleikur", "leikfr\u00e6\u00f0i", "reglur", "t\u00e6kni"]}], "_id": "50c0a02dd8e40575f7f6f4ec", "subjects": ["\u00ed\u00fer\u00f3ttagrein"], "counter": {"1": 14, "3": 16, "2": 14, "4": 0}}, "evaluation": "L\u00f6g\u00f0 er \u00e1hersla \u00e1 fj\u00f6lbreytt n\u00e1msmat me\u00f0 lei\u00f0s\u00f6gn. N\u00e1msmati\u00f0 er \u00ed h\u00f6ndum kennara vi\u00f0komandi \u00e1fanga en \u00fearf a\u00f0 fylgja \u00feeim reglum sem kve\u00f0i\u00f0 er \u00e1 um \u00ed sk\u00f3lan\u00e1mskr\u00e1 VMA.", "categorization_suggestion": "AV", "embedded_topics": {"abbreviation": "KL", "topics": ["k\u00f6rfuknattleikur", "leikfr\u00e6\u00f0i", "reglur", "t\u00e6kni"]}, "status": "approved by school", "description": "\u00c1fanginn er b\u00e6\u00f0i b\u00f3klegur og verklegur me\u00f0 \u00fea\u00f0 a\u00f0 markmi\u00f0i a\u00f0 nemandinn l\u00e6ri a\u00f0 kenna b\u00f6rnum og unglingum undirst\u00f6\u00f0uatri\u00f0i \u00ed k\u00f6rfuknattleik. \u00c1hersla er \u00e1 t\u00e6knikennslu og kennslu \u00ed leikfr\u00e6\u00f0i og reglum. Stefnt er a\u00f0 \u00fev\u00ed a\u00f0 nemandinn \u00f6\u00f0list \u00e1kve\u00f0na grunnf\u00e6rni \u00ed greininni og l\u00f6g\u00f0 er \u00e1hersla \u00e1 mikilv\u00e6gi \u00feess a\u00f0 leikurinn s\u00e9 kenndur \u00e1 leikr\u00e6nan og skemmtilegan h\u00e1tt.", "knowledge_goals": ["leikreglum \u00ed k\u00f6rfuknattleik", "skipulagningu k\u00f6rfuknattleiks\u00fej\u00e1lfunar", "kennslu t\u00e6kni\u00e6finga \u00ed k\u00f6rfuknattleik", "hvernig \u00e1 a\u00f0 lei\u00f0beina b\u00f6rnum \u00ed k\u00f6rfuknattleik", "fj\u00f6lbreyttum leik- og t\u00e6kni\u00e6fingum \u00ed k\u00f6rfuknattleik"], "skills_goals": ["lei\u00f0beina byrjendum \u00ed k\u00f6rfuknattleik", "greina getu \u00f3l\u00edkra einstaklinga \u00ed h\u00f3p", "nota k\u00f6rfuknattleik sem sk\u00f3la\u00ed\u00fer\u00f3tt", "spila k\u00f6rfuknattleik"], "credits": 3, "last_modified": 1430388818.329427, "schools": ["512b49bc62933a682f00048a"], "coauthors": null, "instructions": "", "continued_education": false, "level": 3, "prerequisites": "\u00cd\u00deRG2\u00deS03 e\u00f0a samb\u00e6rilegur \u00e1fangi", "author": "0bc9b589-2a42-4690-ac7e-ec65f804a0e6", "abbreviation_version": null, "competence_goals": [["skipuleggja \u00ed\u00fer\u00f3ttat\u00edma \u00ed k\u00f6rfuknattleik", ""], ["stj\u00f3rna h\u00f3pi af b\u00f6rnum \u00ed k\u00f6rfuknattleiks\u00fej\u00e1lfun", ""]], "_id": "5542005262933a2b9f000148"}], "required_credits": 9}, {"total_credits": 10, "courses": [{"exemplary": null, "topics": "b\u00f3kmenntir, kvikmyndir, menning, m\u00e1lnotkun", "abbreviation": "ENSK2MK05", "former_schools": null, "subject": "enska", "title": "Menning og m\u00e1lnotkun", "version": 34, "status_trans": "Sam\u00feykkt af sk\u00f3la", "embedded_subject": {"abbreviation": "ENSK", "topics": [{"abbreviation": "GS", "topics": ["grunnatri\u00f0i", "samt\u00f6l"]}, {"abbreviation": "OO", "topics": ["or\u00f0ab\u00f3k", "or\u00f0afor\u00f0i"]}, {"abbreviation": "MM", "topics": ["myndas\u00f6gur", "myndb\u00f6nd"]}, {"abbreviation": "TL", "topics": ["lagatextar", "t\u00f3nlist"]}, {"abbreviation": "FR", "topics": ["ferilsverkefni", "ritunarverkefni"]}, {"abbreviation": "TS", "topics": ["myndm\u00e1l", "ritger\u00f0", "st\u00edlar", "textar"]}, {"abbreviation": "RH", "topics": ["hlustun", "m\u00e1lnotkun", "undirst\u00f6\u00f0uatri\u00f0i \u00ed ritun"]}, {"abbreviation": "SM", "topics": ["m\u00fas\u00edk og myndir 1950-70", "s\u00f6gur"]}, {"abbreviation": "BR", "topics": ["bretland"]}, {"abbreviation": "K\u00c1", "topics": ["kanada", "\u00e1stral\u00eda og n\u00fdja sj\u00e1land"]}, {"abbreviation": "SB", "topics": ["shakespeare og 19. \u00f6ldin \u00ed b\u00f3kmenntum"]}, {"abbreviation": "B\u00d3", "topics": ["b\u00f3kmenntir 20. aldar"]}, {"abbreviation": "KV", "topics": ["kvikmynda\u00e1fangi"]}, {"abbreviation": "AB", "topics": ["afr\u00edsk-amer\u00edskar b\u00f3kmenntir"]}, {"abbreviation": "U\u00c1", "topics": ["undirb\u00faningur", "\u00e1fangi"]}, {"abbreviation": "MT", "topics": ["m\u00e1lfr\u00e6\u00f0i", "tj\u00e1ning"]}, {"abbreviation": "MS", "topics": ["menning", "skapandi skrif"]}, {"abbreviation": "KR", "topics": ["kvikmyndir", "ritun"]}, {"abbreviation": "HR", "topics": ["heimildavinna", "ritger\u00f0ir"]}, {"abbreviation": "FF", "topics": ["fagm\u00e1l", "f\u00e9lagsv\u00edsinda"]}, {"abbreviation": "VE", "topics": ["enska", "vi\u00f0skipta"]}, {"abbreviation": "RE", "topics": ["enska", "raungreinar"]}, {"abbreviation": "BM", "topics": ["b\u00f3kmenntir", "m\u00e1lsaga"]}, {"abbreviation": "LB", "topics": ["b\u00f3kmenntir", "leik"]}, {"abbreviation": "UP", "topics": ["pr\u00f3f", "undirb\u00faningur"]}, {"abbreviation": "EN", "topics": ["enska fyrir fer\u00f0agreinar"]}, {"abbreviation": "FE", "topics": ["enska fyrir fer\u00f0a\u00fej\u00f3nustu"]}, {"abbreviation": "ST", "topics": ["evr\u00f3pski tungum\u00e1laramminn", "stig b1-b2"]}, {"abbreviation": "SE", "topics": ["evr\u00f3pski tungum\u00e1laramminn", "stig b2"]}, {"abbreviation": "ES", "topics": ["evr\u00f3pski tungum\u00e1laramminn", "stig b2-c1"]}, {"abbreviation": "EV", "topics": ["evr\u00f3pski tungum\u00e1laramminn", "stig c1"]}, {"abbreviation": "BF", "topics": ["b2", "evr\u00f3pski tungum\u00e1laramminn", "fer\u00f0a\u00fej\u00f3nuta"]}, {"abbreviation": "FH", "topics": ["evr\u00f3pski tungum\u00e1laramminn", "framhald", "stig c1"]}, {"abbreviation": "GR", "topics": ["grunn\u00e1fangi"]}, {"abbreviation": "FG", "topics": ["enska fyrir matv\u00e6lagreinar"]}, {"abbreviation": "LS", "topics": ["lestur", "m\u00e1lfr\u00e6\u00f0i", "or\u00f0afor\u00f0i", "skilningur"]}, {"abbreviation": "LT", "topics": ["lestur", "or\u00f0afor\u00f0i", "talm\u00e1l"]}, {"abbreviation": "BL", "topics": ["b\u00f3kmenntir", "lesskilningur", "ritun"]}, {"abbreviation": "BS", "topics": ["b\u00f3kmenntir", "menning", "saga"]}, {"abbreviation": "HA", "topics": ["hagn\u00fdtur or\u00f0afor\u00f0i. l\u00e6si \u00e1 fl\u00f3knari texta."]}, {"abbreviation": "OF", "topics": ["grunnor\u00f0afor\u00f0i fr\u00e6\u00f0a og v\u00edsinda.. menningarheimur nor\u00f0ur amer\u00edku"]}, {"abbreviation": "UN", "topics": ["undirb\u00fanings\u00e1fangi \u00ed ensku"]}, {"abbreviation": "LM", "topics": ["lestur og menning", "tj\u00e1ning"]}, {"abbreviation": "TM", "topics": ["menning", "tj\u00e1ning og skapandi skrif"]}, {"abbreviation": "MB", "topics": ["b\u00f3kmenntir", "menning og ritun"]}, {"abbreviation": "EX", "topics": ["extensive vocabulary and expression"]}, {"abbreviation": "ML", "topics": ["m\u00e1lnotkun og l\u00e6si"]}, {"abbreviation": "AA", "topics": ["akadem\u00edskur or\u00f0afor\u00f0i", "fj\u00f6lbreyttir textar", "fyrsti \u00e1fangi \u00ed ensku."]}, {"abbreviation": "YN", "topics": ["yndislestur"]}, {"abbreviation": "BB", "topics": ["akadem\u00edskur or\u00f0afor\u00f0i", "annar \u00e1fangi \u00ed ensku.", "fj\u00f6lbreyttir textar"]}, {"abbreviation": "FA", "topics": ["fagor\u00f0afor\u00f0i"]}, {"abbreviation": "AH", "topics": ["akadem\u00edskur or\u00f0afor\u00f0i", "fj\u00f6lbreyttir textar. hra\u00f0fer\u00f0 \u00ed ensku."]}, {"abbreviation": "BH", "topics": ["akadem\u00edskur or\u00f0afor\u00f0i", "fj\u00f6lbreyttir textar. \u00f6nnur hra\u00f0fer\u00f0 \u00ed ensku."]}, {"abbreviation": "EE", "topics": ["b\u00f3kmenntir", "fj\u00f6lmi\u00f0latextar."]}, {"abbreviation": "LR", "topics": ["lestur", "ritun", "tj\u00e1ning og hlustun"]}, {"abbreviation": "DD", "topics": ["b\u00f3kmenntir"]}, {"abbreviation": "M\u00c1", "topics": ["m\u00e1lfr\u00e6\u00f0i a"]}, {"abbreviation": "CC", "topics": ["b\u00f3kmenntir", "krefjandi or\u00f0afor\u00f0i", "ritun"]}, {"abbreviation": "CH", "topics": ["krefjandi or\u00f0afor\u00f0i"]}, {"abbreviation": "L\u00c9", "topics": ["l\u00e9ttlestur"]}, {"abbreviation": "OH", "topics": ["hlustun", "or\u00f0afor\u00f0i", "talm\u00e1l og ritun"]}, {"abbreviation": "LO", "topics": ["lesskilningur", "m\u00e1lfr\u00e6\u00f0i", "or\u00f0afor\u00f0i"]}, {"abbreviation": "MO", "topics": ["m\u00e1lfr\u00e6\u00f0i", "or\u00f0afor\u00f0i", "stig b1 \u00ed evr\u00f3pska tungum\u00e1larammanum"]}, {"abbreviation": "OB", "topics": ["b\u00f3kmenntir", "or\u00f0afor\u00f0i", "stig b2 \u00ed evr\u00f3pska tungum\u00e1larammanum"]}, {"abbreviation": "RB", "topics": ["b\u00f3kmenntir", "ritun"]}, {"abbreviation": "RL", "topics": ["lestur", "m\u00e1lfr\u00e6\u00f0i", "ritun og or\u00f0afor\u00f0i"]}, {"abbreviation": "SG", "topics": ["Lestur", "m\u00e1lfr\u00e6\u00f0i", "or\u00f0afor\u00f0i", "ritun", "tal"]}, {"abbreviation": "RM", "topics": ["Ritun", "b\u00f3kmenntir", "m\u00e1lnotkun"]}, {"abbreviation": "RO", "topics": ["Ritun", "b\u00f3kmenntir", "menning", "or\u00f0afor\u00f0i"]}, {"abbreviation": "SR", "topics": ["Menning", "akadem\u00edskur or\u00f0afor\u00f0i", "ritun", "saga"]}, {"abbreviation": "AE", "topics": ["Almenn akadem\u00edsk enska", "b\u00f3kmenntir", "ritun"]}, {"abbreviation": "SA", "topics": ["S\u00e9rh\u00e6f\u00f0 akadem\u00edsk enska", "b\u00f3kmenntir", "ritun"]}, {"abbreviation": "VR", "topics": ["V\u00edsindaor\u00f0afor\u00f0i", "raungreinar"]}, {"abbreviation": "VH", "topics": ["Vi\u00f0skipti", "erlend samskipti og vi\u00f0skiptah\u00e6ttir"]}, {"abbreviation": "AK", "topics": ["Kennsla", "a\u00f0sto\u00f0 vi\u00f0 nemendur", "ger\u00f0 kennsluefnis"]}, {"abbreviation": "DF", "topics": ["Kvikmyndir. Film Course."]}, {"abbreviation": "SK", "topics": ["enska fyrir fer\u00f0a\u00fej\u00f3nustu", "skapandi skrif"]}, {"abbreviation": "FT", "topics": ["lestur fr\u00e6\u00f0ilegra texta"]}, {"abbreviation": "VT", "topics": ["Lestur enskra vi\u00f0skiptatexta"]}, {"abbreviation": "RT", "topics": ["Lestur enskra raunv\u00edsindatexta"]}, {"abbreviation": "\u00cdT", "topics": ["Lestur \u00ed\u00fer\u00f3ttafr\u00e6\u00f0ilegra texta"]}, {"abbreviation": "TO", "topics": ["Tolkien"]}, {"abbreviation": "RI", "topics": ["Ritun"]}, {"abbreviation": "HL", "topics": ["Hlustun"]}, {"abbreviation": "UE", "topics": ["Undirb\u00fanings\u00e1fangi \u00ed ensku"]}, {"abbreviation": "UH", "topics": ["Undirb\u00faningur fyrir h\u00e1sk\u00f3lan\u00e1m"]}, {"abbreviation": "TJ", "topics": ["Tj\u00e1ning"]}, {"abbreviation": "OM", "topics": ["Or\u00f0afor\u00f0i", "m\u00e1lfr\u00e6\u00f0i", "m\u00e1lnotkun"]}, {"abbreviation": "TF", "topics": ["tj\u00e1ning og m\u00e1lnotkun"]}, {"abbreviation": "AM", "topics": ["Fr\u00e6\u00f0ilegur or\u00f0afor\u00f0i og Bandar\u00edkin"]}, {"abbreviation": "UK", "topics": ["Fr\u00e6\u00f0ilegur or\u00f0afor\u00f0i og Bretland"]}, {"abbreviation": "AC", "topics": ["Akadem\u00edskur or\u00f0afor\u00f0i og rauntextar"]}, {"abbreviation": "SL", "topics": ["Lestur", "menning og skrif"]}, {"abbreviation": "KK", "topics": ["Kvikmyndir og kynning"]}, {"abbreviation": "BA", "topics": ["L\u00fdsing: B\u00f3kmenntir 19. og 20.", "skrif og r\u00e6\u00f0uger\u00f0"]}, {"abbreviation": "OT", "topics": ["Or\u00f0afor\u00f0i", "ritun", "tj\u00e1ning"]}, {"abbreviation": "VM", "topics": ["V\u00edsindi og menning"]}, {"abbreviation": "BT", "topics": ["Bandar\u00edskt \u00fej\u00f3\u00f0f\u00e9lag og menning"]}, {"abbreviation": "MR", "topics": ["M\u00e1lfr\u00e6\u00f0i og ritun"]}, {"abbreviation": "LH", "topics": ["L\u00e6si \u00e1 fl\u00f3knari texta", "hagn\u00fdtur fj\u00f6lbreyttur or\u00f0afor\u00f0i"]}, {"abbreviation": "KB", "topics": ["Kvikmyndir", "b\u00f3kmenntir"]}, {"abbreviation": "OL", "topics": ["Lestur", "Menning", "M\u00e1lfr\u00e6\u00f0i", "Or\u00f0afor\u00f0i", "Ritun", "Tal"]}, {"abbreviation": "CL", "topics": ["Chic Literature and Women in Today\u2018s Society"]}, {"abbreviation": "CW", "topics": ["Creative Writing"]}, {"abbreviation": "OR", "topics": ["B\u00f3kmenntir (fj\u00f6lbreyttir textar)", "menning", "or\u00f0afor\u00f0i", "ranns\u00f3knir og ritun"]}, {"abbreviation": "OG", "topics": ["B\u00f3kmenntir", "lj\u00f3\u00f0agreining", "or\u00f0afor\u00f0i", "ritger\u00f0asm\u00ed\u00f0i og heimildavinna"]}, {"abbreviation": "BY", "topics": ["Lestur", "m\u00e1lfr\u00e6\u00f0i og m\u00e1lnotkun (byrjunar\u00e1fangi \u00ed ensku)", "ritun"]}, {"abbreviation": "DM", "topics": ["Enska Daglegt m\u00e1l"]}, {"abbreviation": "B\u00c1", "topics": ["b\u00f3kmenntir", "ritun", "tj\u00e1ning"]}, {"abbreviation": "HE", "topics": ["Hagn\u00fdt enska", "starfsbraut"]}, {"abbreviation": "RR", "topics": ["Enska \u00ed r\u00e6\u00f0u og riti"]}, {"abbreviation": "HO", "topics": ["Hagn\u00fdtur or\u00f0afor\u00f0i", "c1"]}, {"abbreviation": "FO", "topics": ["Fagor\u00f0afor\u00f0i og fer\u00f0am\u00e1l"]}, {"abbreviation": "EG", "topics": ["Enska 2 \u00e1 starfsbraut"]}, {"abbreviation": "SO", "topics": ["s\u00e9rh\u00e6f\u00f0ur or\u00f0afor\u00f0i"]}, {"abbreviation": "TR", "topics": ["Tj\u00e1ning", "or\u00f0afor\u00f0i", "ritun"]}, {"abbreviation": "\u00deS", "topics": ["\u00dej\u00f3nustust\u00f6rf"]}, {"abbreviation": "SF", "topics": ["Sagnfr\u00e6\u00f0i"]}, {"abbreviation": "T\u00d6", "topics": ["T\u00f6lvuleikir"]}, {"abbreviation": "JM", "topics": ["Fr\u00e1 hugmynd til \u00fatg\u00e1fu"]}, {"abbreviation": "MH", "topics": ["S\u00e9rh\u00e6f\u00f0 enska \u00ed myndlist og h\u00f6nnun"]}, {"abbreviation": "BO", "topics": ["B\u00f3kmenntir", "m\u00e1lfr\u00e6\u00f0i", "or\u00f0afor\u00f0i"]}, {"abbreviation": "VO", "topics": ["V\u00edsindatengdur or\u00f0afor\u00f0i"]}, {"abbreviation": "MV", "topics": ["M\u00e1lnotkun", "b\u00f3kmenntir", "vi\u00f0skipti"]}, {"abbreviation": "SV", "topics": ["m\u00e1lnotkun", "samf\u00e9lag", "vi\u00f0skipti"]}, {"abbreviation": "VI", "topics": ["m\u00e1lskilningur", "ritun", "vi\u00f0skiptaenska"]}, {"abbreviation": "EM", "topics": ["bresk menning", "b\u00f3kmenntir", "m\u00e1l"]}, {"abbreviation": "NV", "topics": ["v\u00edsindaenska"]}, {"abbreviation": "YL", "topics": ["Yndislestur"]}, {"abbreviation": "EH", "topics": ["Enska fyrir heilbrig\u00f0isgreinar"]}, {"abbreviation": "DK", "topics": ["ENSKA"]}, {"abbreviation": "DG", "topics": ["Enskar myndas\u00f6gur"]}, {"abbreviation": "DV", "topics": ["or\u00f0afor\u00f0i"]}, {"abbreviation": "DY", "topics": ["Yndislestur \u00ed ensku"]}, {"abbreviation": "EY", "topics": ["Yndislestur 2 \u00e1 ensku"]}, {"abbreviation": "HB", "topics": ["B\u00f3kmenntir og fr\u00e6\u00f0ilegir textar \u00ed hugv\u00edsindum"]}, {"abbreviation": "MK", "topics": ["b\u00f3kmenntir", "kvikmyndir", "menning", "m\u00e1lnotkun"]}], "_id": "50c0a02dd8e40575f7f6f488", "subjects": ["enska"], "counter": {"1": 21, "3": 24, "2": 32, "4": 1}}, "evaluation": "L\u00f6g\u00f0 er \u00e1hersla \u00e1 fj\u00f6lbreytt n\u00e1msmat me\u00f0 lei\u00f0s\u00f6gn. N\u00e1msmati\u00f0 er \u00ed h\u00f6ndum kennara vi\u00f0komandi \u00e1fanga en \u00fearf a\u00f0 fylgja \u00feeim reglum sem kve\u00f0i\u00f0 er \u00e1 um \u00ed sk\u00f3lan\u00e1mskr\u00e1 VMA.", "categorization_suggestion": "AV", "embedded_topics": {"abbreviation": "MK", "topics": ["b\u00f3kmenntir", "kvikmyndir", "menning", "m\u00e1lnotkun"]}, "status": "approved by school", "description": "\u00c1hersla er l\u00f6g\u00f0 \u00e1 a\u00f0 nemandi ver\u00f0i vel l\u00e6s \u00e1 fl\u00f3knari texta en \u00ed undanf\u00f6rum. Hann f\u00e6r \u00fej\u00e1lfun \u00ed a\u00f0 tileinka s\u00e9r grunnor\u00f0afor\u00f0a mismunandi menningarsv\u00e6\u00f0a, tj\u00e1 hugsun s\u00edna sk\u00fdrt \u00ed r\u00e6\u00f0u og riti og r\u00f6ksty\u00f0ja sko\u00f0anir s\u00ednar. \u00c1hersla er l\u00f6g\u00f0 \u00e1 lestur texta me\u00f0 \u00fea\u00f0 fyrir augum a\u00f0 byggja upp virkan og hagn\u00fdtan or\u00f0afor\u00f0a.  Unni\u00f0 me\u00f0 \u00fdmis b\u00f3kmenntaverk, kvikmyndir, heimildamyndir, fr\u00e9ttaefni o.fl. sem t\u00falka\u00f0 ver\u00f0ur \u00fat fr\u00e1 menningarlegu samhengi. Nemandinn vinnur \u00ed auknum m\u00e6li sj\u00e1lfst\u00e6tt a\u00f0 st\u00e6rri ritunarverkefnum og vi\u00f0ameiri verkefnum svo sem kynningum \u00e1 \u00feematengdu efni sem fela \u00ed s\u00e9r \u00f6flun uppl\u00fdsinga \u00e1 b\u00f3kasafni og af neti. Unni\u00f0 er markvisst a\u00f0 \u00fev\u00ed a\u00f0 efla sj\u00e1lfst\u00e6\u00f0i nemanda \u00ed n\u00e1mi.   ", "knowledge_goals": ["helstu menningarsv\u00e6\u00f0um \u00fear sem enska er notu\u00f0 sem m\u00f3\u00f0urm\u00e1l e\u00f0a fyrsta m\u00e1l", "\u00f3l\u00edkum vi\u00f0horfum og gildum og hvernig \u00feau m\u00f3ta menninguna \u00ed \u00feeim l\u00f6ndum \u00fear sem enska er notu\u00f0", "or\u00f0afor\u00f0a til daglegrar notkunar \u00e1 mismunandi menningarsv\u00e6\u00f0um"], "skills_goals": ["lesa fj\u00f6lbreytta texta s\u00e9r til gagns og \u00e1n\u00e6gju", "beita \u00feeim lestrara\u00f0fer\u00f0um sem vi\u00f0 eiga eftir ger\u00f0 texta e\u00f0a vi\u00f0fangsefnis", "greina og skilja m\u00e1lfarsmun \u00e1 mismunandi m\u00e1lsv\u00e6\u00f0um", "tj\u00e1 sig munnlega, sk\u00fdrt og hn\u00f6kralaust um m\u00e1lefni sem hann hefur kynnt s\u00e9r", "tj\u00e1 sig skriflega b\u00e6\u00f0i \u00e1 formlegan og \u00f3formlegan h\u00e1tt"], "credits": 5, "last_modified": 1423821259.943136, "schools": ["512b49bc62933a682f00048a"], "coauthors": null, "instructions": "", "continued_education": false, "level": 2, "prerequisites": "ENSK2LS05 e\u00f0a samb\u00e6rilegur \u00e1fangi \u00e1 2. \u00ferepi", "author": "0bc9b589-2a42-4690-ac7e-ec65f804a0e6", "abbreviation_version": null, "competence_goals": [["skilja daglegt m\u00e1l, fj\u00f6lmi\u00f0laefni, inntak erinda og anna\u00f0 efni", ""], ["taka \u00fe\u00e1tt \u00ed sko\u00f0anaskiptum", ""], ["f\u00e6ra r\u00f6k fyrir m\u00e1li s\u00ednu", ""], ["tj\u00e1 sig sk\u00fdrt fyrir \u00e1heyrendum um s\u00e9rvali\u00f0 efni sem hann hefur kynnt s\u00e9r", ""], ["skrifa formlegan og \u00f3formlegan texta og beita rithef\u00f0um sem vi\u00f0 eiga \u00ed textasm\u00ed\u00f0", ""], ["n\u00fdta n\u00fdjan or\u00f0afor\u00f0a \u00ed r\u00e6\u00f0u og riti", ""]], "_id": "54ddc9cb62933a7a3400028d"}, {"exemplary": null, "topics": "Ritun, b\u00f3kmenntir, m\u00e1lnotkun", "abbreviation": "ENSK2RM05", "former_schools": null, "subject": "enska", "title": "Ritun, m\u00e1lnotkun og b\u00f3kmenntir", "version": 35, "status_trans": "Sam\u00feykkt af sk\u00f3la", "embedded_subject": {"abbreviation": "ENSK", "topics": [{"abbreviation": "GS", "topics": ["grunnatri\u00f0i", "samt\u00f6l"]}, {"abbreviation": "OO", "topics": ["or\u00f0ab\u00f3k", "or\u00f0afor\u00f0i"]}, {"abbreviation": "MM", "topics": ["myndas\u00f6gur", "myndb\u00f6nd"]}, {"abbreviation": "TL", "topics": ["lagatextar", "t\u00f3nlist"]}, {"abbreviation": "FR", "topics": ["ferilsverkefni", "ritunarverkefni"]}, {"abbreviation": "TS", "topics": ["myndm\u00e1l", "ritger\u00f0", "st\u00edlar", "textar"]}, {"abbreviation": "RH", "topics": ["hlustun", "m\u00e1lnotkun", "undirst\u00f6\u00f0uatri\u00f0i \u00ed ritun"]}, {"abbreviation": "SM", "topics": ["m\u00fas\u00edk og myndir 1950-70", "s\u00f6gur"]}, {"abbreviation": "BR", "topics": ["bretland"]}, {"abbreviation": "K\u00c1", "topics": ["kanada", "\u00e1stral\u00eda og n\u00fdja sj\u00e1land"]}, {"abbreviation": "SB", "topics": ["shakespeare og 19. \u00f6ldin \u00ed b\u00f3kmenntum"]}, {"abbreviation": "B\u00d3", "topics": ["b\u00f3kmenntir 20. aldar"]}, {"abbreviation": "KV", "topics": ["kvikmynda\u00e1fangi"]}, {"abbreviation": "AB", "topics": ["afr\u00edsk-amer\u00edskar b\u00f3kmenntir"]}, {"abbreviation": "U\u00c1", "topics": ["undirb\u00faningur", "\u00e1fangi"]}, {"abbreviation": "MT", "topics": ["m\u00e1lfr\u00e6\u00f0i", "tj\u00e1ning"]}, {"abbreviation": "MS", "topics": ["menning", "skapandi skrif"]}, {"abbreviation": "KR", "topics": ["kvikmyndir", "ritun"]}, {"abbreviation": "HR", "topics": ["heimildavinna", "ritger\u00f0ir"]}, {"abbreviation": "FF", "topics": ["fagm\u00e1l", "f\u00e9lagsv\u00edsinda"]}, {"abbreviation": "VE", "topics": ["enska", "vi\u00f0skipta"]}, {"abbreviation": "RE", "topics": ["enska", "raungreinar"]}, {"abbreviation": "BM", "topics": ["b\u00f3kmenntir", "m\u00e1lsaga"]}, {"abbreviation": "LB", "topics": ["b\u00f3kmenntir", "leik"]}, {"abbreviation": "UP", "topics": ["pr\u00f3f", "undirb\u00faningur"]}, {"abbreviation": "EN", "topics": ["enska fyrir fer\u00f0agreinar"]}, {"abbreviation": "FE", "topics": ["enska fyrir fer\u00f0a\u00fej\u00f3nustu"]}, {"abbreviation": "ST", "topics": ["evr\u00f3pski tungum\u00e1laramminn", "stig b1-b2"]}, {"abbreviation": "SE", "topics": ["evr\u00f3pski tungum\u00e1laramminn", "stig b2"]}, {"abbreviation": "ES", "topics": ["evr\u00f3pski tungum\u00e1laramminn", "stig b2-c1"]}, {"abbreviation": "EV", "topics": ["evr\u00f3pski tungum\u00e1laramminn", "stig c1"]}, {"abbreviation": "BF", "topics": ["b2", "evr\u00f3pski tungum\u00e1laramminn", "fer\u00f0a\u00fej\u00f3nuta"]}, {"abbreviation": "FH", "topics": ["evr\u00f3pski tungum\u00e1laramminn", "framhald", "stig c1"]}, {"abbreviation": "GR", "topics": ["grunn\u00e1fangi"]}, {"abbreviation": "FG", "topics": ["enska fyrir matv\u00e6lagreinar"]}, {"abbreviation": "LS", "topics": ["lestur", "m\u00e1lfr\u00e6\u00f0i", "or\u00f0afor\u00f0i", "skilningur"]}, {"abbreviation": "LT", "topics": ["lestur", "or\u00f0afor\u00f0i", "talm\u00e1l"]}, {"abbreviation": "BL", "topics": ["b\u00f3kmenntir", "lesskilningur", "ritun"]}, {"abbreviation": "BS", "topics": ["b\u00f3kmenntir", "menning", "saga"]}, {"abbreviation": "HA", "topics": ["hagn\u00fdtur or\u00f0afor\u00f0i. l\u00e6si \u00e1 fl\u00f3knari texta."]}, {"abbreviation": "OF", "topics": ["grunnor\u00f0afor\u00f0i fr\u00e6\u00f0a og v\u00edsinda.. menningarheimur nor\u00f0ur amer\u00edku"]}, {"abbreviation": "UN", "topics": ["undirb\u00fanings\u00e1fangi \u00ed ensku"]}, {"abbreviation": "LM", "topics": ["lestur og menning", "tj\u00e1ning"]}, {"abbreviation": "TM", "topics": ["menning", "tj\u00e1ning og skapandi skrif"]}, {"abbreviation": "MB", "topics": ["b\u00f3kmenntir", "menning og ritun"]}, {"abbreviation": "EX", "topics": ["extensive vocabulary and expression"]}, {"abbreviation": "ML", "topics": ["m\u00e1lnotkun og l\u00e6si"]}, {"abbreviation": "AA", "topics": ["akadem\u00edskur or\u00f0afor\u00f0i", "fj\u00f6lbreyttir textar", "fyrsti \u00e1fangi \u00ed ensku."]}, {"abbreviation": "YN", "topics": ["yndislestur"]}, {"abbreviation": "BB", "topics": ["akadem\u00edskur or\u00f0afor\u00f0i", "annar \u00e1fangi \u00ed ensku.", "fj\u00f6lbreyttir textar"]}, {"abbreviation": "FA", "topics": ["fagor\u00f0afor\u00f0i"]}, {"abbreviation": "AH", "topics": ["akadem\u00edskur or\u00f0afor\u00f0i", "fj\u00f6lbreyttir textar. hra\u00f0fer\u00f0 \u00ed ensku."]}, {"abbreviation": "BH", "topics": ["akadem\u00edskur or\u00f0afor\u00f0i", "fj\u00f6lbreyttir textar. \u00f6nnur hra\u00f0fer\u00f0 \u00ed ensku."]}, {"abbreviation": "EE", "topics": ["b\u00f3kmenntir", "fj\u00f6lmi\u00f0latextar."]}, {"abbreviation": "LR", "topics": ["lestur", "ritun", "tj\u00e1ning og hlustun"]}, {"abbreviation": "DD", "topics": ["b\u00f3kmenntir"]}, {"abbreviation": "M\u00c1", "topics": ["m\u00e1lfr\u00e6\u00f0i a"]}, {"abbreviation": "CC", "topics": ["b\u00f3kmenntir", "krefjandi or\u00f0afor\u00f0i", "ritun"]}, {"abbreviation": "CH", "topics": ["krefjandi or\u00f0afor\u00f0i"]}, {"abbreviation": "L\u00c9", "topics": ["l\u00e9ttlestur"]}, {"abbreviation": "OH", "topics": ["hlustun", "or\u00f0afor\u00f0i", "talm\u00e1l og ritun"]}, {"abbreviation": "LO", "topics": ["lesskilningur", "m\u00e1lfr\u00e6\u00f0i", "or\u00f0afor\u00f0i"]}, {"abbreviation": "MO", "topics": ["m\u00e1lfr\u00e6\u00f0i", "or\u00f0afor\u00f0i", "stig b1 \u00ed evr\u00f3pska tungum\u00e1larammanum"]}, {"abbreviation": "OB", "topics": ["b\u00f3kmenntir", "or\u00f0afor\u00f0i", "stig b2 \u00ed evr\u00f3pska tungum\u00e1larammanum"]}, {"abbreviation": "RB", "topics": ["b\u00f3kmenntir", "ritun"]}, {"abbreviation": "RL", "topics": ["lestur", "m\u00e1lfr\u00e6\u00f0i", "ritun og or\u00f0afor\u00f0i"]}, {"abbreviation": "SG", "topics": ["Lestur", "m\u00e1lfr\u00e6\u00f0i", "or\u00f0afor\u00f0i", "ritun", "tal"]}, {"abbreviation": "RM", "topics": ["Ritun", "b\u00f3kmenntir", "m\u00e1lnotkun"]}, {"abbreviation": "RO", "topics": ["Ritun", "b\u00f3kmenntir", "menning", "or\u00f0afor\u00f0i"]}, {"abbreviation": "SR", "topics": ["Menning", "akadem\u00edskur or\u00f0afor\u00f0i", "ritun", "saga"]}, {"abbreviation": "AE", "topics": ["Almenn akadem\u00edsk enska", "b\u00f3kmenntir", "ritun"]}, {"abbreviation": "SA", "topics": ["S\u00e9rh\u00e6f\u00f0 akadem\u00edsk enska", "b\u00f3kmenntir", "ritun"]}, {"abbreviation": "VR", "topics": ["V\u00edsindaor\u00f0afor\u00f0i", "raungreinar"]}, {"abbreviation": "VH", "topics": ["Vi\u00f0skipti", "erlend samskipti og vi\u00f0skiptah\u00e6ttir"]}, {"abbreviation": "AK", "topics": ["Kennsla", "a\u00f0sto\u00f0 vi\u00f0 nemendur", "ger\u00f0 kennsluefnis"]}, {"abbreviation": "DF", "topics": ["Kvikmyndir. Film Course."]}, {"abbreviation": "SK", "topics": ["enska fyrir fer\u00f0a\u00fej\u00f3nustu", "skapandi skrif"]}, {"abbreviation": "FT", "topics": ["lestur fr\u00e6\u00f0ilegra texta"]}, {"abbreviation": "VT", "topics": ["Lestur enskra vi\u00f0skiptatexta"]}, {"abbreviation": "RT", "topics": ["Lestur enskra raunv\u00edsindatexta"]}, {"abbreviation": "\u00cdT", "topics": ["Lestur \u00ed\u00fer\u00f3ttafr\u00e6\u00f0ilegra texta"]}, {"abbreviation": "TO", "topics": ["Tolkien"]}, {"abbreviation": "RI", "topics": ["Ritun"]}, {"abbreviation": "HL", "topics": ["Hlustun"]}, {"abbreviation": "UE", "topics": ["Undirb\u00fanings\u00e1fangi \u00ed ensku"]}, {"abbreviation": "UH", "topics": ["Undirb\u00faningur fyrir h\u00e1sk\u00f3lan\u00e1m"]}, {"abbreviation": "TJ", "topics": ["Tj\u00e1ning"]}, {"abbreviation": "OM", "topics": ["Or\u00f0afor\u00f0i", "m\u00e1lfr\u00e6\u00f0i", "m\u00e1lnotkun"]}, {"abbreviation": "TF", "topics": ["tj\u00e1ning og m\u00e1lnotkun"]}, {"abbreviation": "AM", "topics": ["Fr\u00e6\u00f0ilegur or\u00f0afor\u00f0i og Bandar\u00edkin"]}, {"abbreviation": "UK", "topics": ["Fr\u00e6\u00f0ilegur or\u00f0afor\u00f0i og Bretland"]}, {"abbreviation": "AC", "topics": ["Akadem\u00edskur or\u00f0afor\u00f0i og rauntextar"]}, {"abbreviation": "SL", "topics": ["Lestur", "menning og skrif"]}, {"abbreviation": "KK", "topics": ["Kvikmyndir og kynning"]}, {"abbreviation": "BA", "topics": ["L\u00fdsing: B\u00f3kmenntir 19. og 20.", "skrif og r\u00e6\u00f0uger\u00f0"]}, {"abbreviation": "OT", "topics": ["Or\u00f0afor\u00f0i", "ritun", "tj\u00e1ning"]}, {"abbreviation": "VM", "topics": ["V\u00edsindi og menning"]}, {"abbreviation": "BT", "topics": ["Bandar\u00edskt \u00fej\u00f3\u00f0f\u00e9lag og menning"]}, {"abbreviation": "MR", "topics": ["M\u00e1lfr\u00e6\u00f0i og ritun"]}, {"abbreviation": "LH", "topics": ["L\u00e6si \u00e1 fl\u00f3knari texta", "hagn\u00fdtur fj\u00f6lbreyttur or\u00f0afor\u00f0i"]}, {"abbreviation": "KB", "topics": ["Kvikmyndir", "b\u00f3kmenntir"]}, {"abbreviation": "OL", "topics": ["Lestur", "Menning", "M\u00e1lfr\u00e6\u00f0i", "Or\u00f0afor\u00f0i", "Ritun", "Tal"]}, {"abbreviation": "CL", "topics": ["Chic Literature and Women in Today\u2018s Society"]}, {"abbreviation": "CW", "topics": ["Creative Writing"]}, {"abbreviation": "OR", "topics": ["B\u00f3kmenntir (fj\u00f6lbreyttir textar)", "menning", "or\u00f0afor\u00f0i", "ranns\u00f3knir og ritun"]}, {"abbreviation": "OG", "topics": ["B\u00f3kmenntir", "lj\u00f3\u00f0agreining", "or\u00f0afor\u00f0i", "ritger\u00f0asm\u00ed\u00f0i og heimildavinna"]}, {"abbreviation": "BY", "topics": ["Lestur", "m\u00e1lfr\u00e6\u00f0i og m\u00e1lnotkun (byrjunar\u00e1fangi \u00ed ensku)", "ritun"]}, {"abbreviation": "DM", "topics": ["Enska Daglegt m\u00e1l"]}, {"abbreviation": "B\u00c1", "topics": ["b\u00f3kmenntir", "ritun", "tj\u00e1ning"]}, {"abbreviation": "HE", "topics": ["Hagn\u00fdt enska", "starfsbraut"]}, {"abbreviation": "RR", "topics": ["Enska \u00ed r\u00e6\u00f0u og riti"]}, {"abbreviation": "HO", "topics": ["Hagn\u00fdtur or\u00f0afor\u00f0i", "c1"]}, {"abbreviation": "FO", "topics": ["Fagor\u00f0afor\u00f0i og fer\u00f0am\u00e1l"]}, {"abbreviation": "EG", "topics": ["Enska 2 \u00e1 starfsbraut"]}, {"abbreviation": "SO", "topics": ["s\u00e9rh\u00e6f\u00f0ur or\u00f0afor\u00f0i"]}, {"abbreviation": "TR", "topics": ["Tj\u00e1ning", "or\u00f0afor\u00f0i", "ritun"]}, {"abbreviation": "\u00deS", "topics": ["\u00dej\u00f3nustust\u00f6rf"]}, {"abbreviation": "SF", "topics": ["Sagnfr\u00e6\u00f0i"]}, {"abbreviation": "T\u00d6", "topics": ["T\u00f6lvuleikir"]}, {"abbreviation": "JM", "topics": ["Fr\u00e1 hugmynd til \u00fatg\u00e1fu"]}, {"abbreviation": "MH", "topics": ["S\u00e9rh\u00e6f\u00f0 enska \u00ed myndlist og h\u00f6nnun"]}, {"abbreviation": "BO", "topics": ["B\u00f3kmenntir", "m\u00e1lfr\u00e6\u00f0i", "or\u00f0afor\u00f0i"]}, {"abbreviation": "VO", "topics": ["V\u00edsindatengdur or\u00f0afor\u00f0i"]}, {"abbreviation": "MV", "topics": ["M\u00e1lnotkun", "b\u00f3kmenntir", "vi\u00f0skipti"]}, {"abbreviation": "SV", "topics": ["m\u00e1lnotkun", "samf\u00e9lag", "vi\u00f0skipti"]}, {"abbreviation": "VI", "topics": ["m\u00e1lskilningur", "ritun", "vi\u00f0skiptaenska"]}, {"abbreviation": "EM", "topics": ["bresk menning", "b\u00f3kmenntir", "m\u00e1l"]}, {"abbreviation": "NV", "topics": ["v\u00edsindaenska"]}, {"abbreviation": "YL", "topics": ["Yndislestur"]}, {"abbreviation": "EH", "topics": ["Enska fyrir heilbrig\u00f0isgreinar"]}, {"abbreviation": "DK", "topics": ["ENSKA"]}, {"abbreviation": "DG", "topics": ["Enskar myndas\u00f6gur"]}, {"abbreviation": "DV", "topics": ["or\u00f0afor\u00f0i"]}, {"abbreviation": "DY", "topics": ["Yndislestur \u00ed ensku"]}, {"abbreviation": "EY", "topics": ["Yndislestur 2 \u00e1 ensku"]}, {"abbreviation": "HB", "topics": ["B\u00f3kmenntir og fr\u00e6\u00f0ilegir textar \u00ed hugv\u00edsindum"]}, {"abbreviation": "MK", "topics": ["b\u00f3kmenntir", "kvikmyndir", "menning", "m\u00e1lnotkun"]}], "_id": "50c0a02dd8e40575f7f6f488", "subjects": ["enska"], "counter": {"1": 21, "3": 24, "2": 32, "4": 1}}, "evaluation": "L\u00f6g\u00f0 er \u00e1hersla \u00e1 fj\u00f6lbreytt n\u00e1msmat me\u00f0 lei\u00f0s\u00f6gn. N\u00e1msmati\u00f0 er \u00ed h\u00f6ndum kennara vi\u00f0komandi \u00e1fanga en \u00fearf a\u00f0 fylgja \u00feeim reglum sem kve\u00f0i\u00f0 er \u00e1 um \u00ed sk\u00f3lan\u00e1mskr\u00e1 VMA.", "categorization_suggestion": "AV", "embedded_topics": {"abbreviation": "RM", "topics": ["Ritun", "b\u00f3kmenntir", "m\u00e1lnotkun"]}, "status": "approved by school", "description": "\u00c1hersla er l\u00f6g\u00f0 \u00e1 a\u00f0 nemandinn ver\u00f0i vel l\u00e6s \u00e1 fl\u00f3knari texta en \u00ed undanf\u00f6rum og geti tj\u00e1\u00f0 hugsun s\u00edna sk\u00fdrt og r\u00f6kstutt hana \u00ed r\u00e6\u00f0u og riti. \u00c1hersla er l\u00f6g\u00f0 \u00e1 lestur texta me\u00f0 \u00fea\u00f0 fyrir augum a\u00f0 byggja upp virkan og hagn\u00fdtan or\u00f0afor\u00f0a. Nemandinn vinnur sj\u00e1lfst\u00e6tt a\u00f0 vi\u00f0ameiri ritunarverkefnum svo sem r\u00f6kf\u00e6rsluritger\u00f0 eftir hef\u00f0bundinni uppsetningu og kynningum \u00e1 \u00feematengdu efni sem fela \u00ed s\u00e9r \u00f6flun uppl\u00fdsinga \u00e1 b\u00f3kasafni og af neti. Lestur og t\u00falkun b\u00f3kmenntaverka.", "knowledge_goals": ["helstu menningarsv\u00e6\u00f0um \u00fear sem enska er notu\u00f0 sem m\u00f3\u00f0urm\u00e1l e\u00f0a fyrsta m\u00e1l", "or\u00f0afor\u00f0a til markvissrar notkunar \u00ed n\u00e1mi", "t\u00falkun b\u00f3kmenntaverka", "rithef\u00f0um sem vi\u00f0 eiga \u00ed textasm\u00ed\u00f0, m.a. um inngang me\u00f0 efnisyr\u00f0ingu, meginm\u00e1l me\u00f0 vel afm\u00f6rku\u00f0um efnisgreinum og ni\u00f0urlag", "d\u00fdpri merkingu texta"], "skills_goals": ["lesa margs konar texta, b\u00e6\u00f0i fr\u00e6\u00f0ilega og b\u00f3kmenntalega, s\u00e9r til gagns og \u00e1n\u00e6gju", "beita \u00feeim lestrara\u00f0fer\u00f0um sem vi\u00f0 eiga eftir ger\u00f0 texta e\u00f0a vi\u00f0fangsefnis", "tj\u00e1 sig sk\u00fdrt, munnlega og skriflega, um m\u00e1lefni sem hann hefur kynnt s\u00e9r", "rita r\u00f6kf\u00e6rsluritger\u00f0 samkv\u00e6mt hef\u00f0bundnum a\u00f0fer\u00f0um"], "credits": 5, "last_modified": 1423821581.266643, "schools": ["512b49bc62933a682f00048a"], "coauthors": null, "instructions": "", "continued_education": false, "level": 2, "prerequisites": "ENSK2LS05 e\u00f0a samb\u00e6rilegur \u00e1fangi \u00e1 2. \u00ferepi. ", "author": "0bc9b589-2a42-4690-ac7e-ec65f804a0e6", "abbreviation_version": null, "competence_goals": [["skilja daglegt m\u00e1l, fj\u00f6lmi\u00f0laefni, inntak erinda, fr\u00e6\u00f0igreinar og anna\u00f0 fl\u00f3knara efni", ""], ["taka \u00fe\u00e1tt \u00ed sko\u00f0anaskiptum, f\u00e6ra r\u00f6k fyrir m\u00e1li s\u00ednu og svara gagnr\u00fdni \u00e1 vi\u00f0eigandi h\u00e1tt", ""], ["eiga frumkv\u00e6\u00f0i \u00ed samr\u00e6\u00f0um og breg\u00f0ast vi\u00f0 \u00f3undirb\u00fanum spurningum og athugasemdum", ""], ["tj\u00e1 sig \u00e1 sk\u00fdran og \u00e1heyrilegan h\u00e1tt fyrir \u00e1heyrendum", ""], ["skrifa margs konar texta og fylgja \u00feeim rithef\u00f0um sem vi\u00f0 eiga \u00ed textasm\u00ed\u00f0, m.a. um inngang me\u00f0 efnisyr\u00f0ingu, meginm\u00e1l me\u00f0 vel afm\u00f6rku\u00f0um efnisgreinum og ni\u00f0urlagi", ""]], "_id": "54ddcb0d62933a7a34000293"}], "required_credits": 5}, {"total_credits": 30, "courses": [{"exemplary": null, "topics": "b\u00f3kmenntir, menning og ritun", "abbreviation": "ENSK3MB05", "former_schools": null, "subject": "enska", "title": "B\u00f3kmenntir \u00e1 20. \u00f6ld", "version": 26, "status_trans": "Sam\u00feykkt af sk\u00f3la", "embedded_subject": {"abbreviation": "ENSK", "topics": [{"abbreviation": "GS", "topics": ["grunnatri\u00f0i", "samt\u00f6l"]}, {"abbreviation": "OO", "topics": ["or\u00f0ab\u00f3k", "or\u00f0afor\u00f0i"]}, {"abbreviation": "MM", "topics": ["myndas\u00f6gur", "myndb\u00f6nd"]}, {"abbreviation": "TL", "topics": ["lagatextar", "t\u00f3nlist"]}, {"abbreviation": "FR", "topics": ["ferilsverkefni", "ritunarverkefni"]}, {"abbreviation": "TS", "topics": ["myndm\u00e1l", "ritger\u00f0", "st\u00edlar", "textar"]}, {"abbreviation": "RH", "topics": ["hlustun", "m\u00e1lnotkun", "undirst\u00f6\u00f0uatri\u00f0i \u00ed ritun"]}, {"abbreviation": "SM", "topics": ["m\u00fas\u00edk og myndir 1950-70", "s\u00f6gur"]}, {"abbreviation": "BR", "topics": ["bretland"]}, {"abbreviation": "K\u00c1", "topics": ["kanada", "\u00e1stral\u00eda og n\u00fdja sj\u00e1land"]}, {"abbreviation": "SB", "topics": ["shakespeare og 19. \u00f6ldin \u00ed b\u00f3kmenntum"]}, {"abbreviation": "B\u00d3", "topics": ["b\u00f3kmenntir 20. aldar"]}, {"abbreviation": "KV", "topics": ["kvikmynda\u00e1fangi"]}, {"abbreviation": "AB", "topics": ["afr\u00edsk-amer\u00edskar b\u00f3kmenntir"]}, {"abbreviation": "U\u00c1", "topics": ["undirb\u00faningur", "\u00e1fangi"]}, {"abbreviation": "MT", "topics": ["m\u00e1lfr\u00e6\u00f0i", "tj\u00e1ning"]}, {"abbreviation": "MS", "topics": ["menning", "skapandi skrif"]}, {"abbreviation": "KR", "topics": ["kvikmyndir", "ritun"]}, {"abbreviation": "HR", "topics": ["heimildavinna", "ritger\u00f0ir"]}, {"abbreviation": "FF", "topics": ["fagm\u00e1l", "f\u00e9lagsv\u00edsinda"]}, {"abbreviation": "VE", "topics": ["enska", "vi\u00f0skipta"]}, {"abbreviation": "RE", "topics": ["enska", "raungreinar"]}, {"abbreviation": "BM", "topics": ["b\u00f3kmenntir", "m\u00e1lsaga"]}, {"abbreviation": "LB", "topics": ["b\u00f3kmenntir", "leik"]}, {"abbreviation": "UP", "topics": ["pr\u00f3f", "undirb\u00faningur"]}, {"abbreviation": "EN", "topics": ["enska fyrir fer\u00f0agreinar"]}, {"abbreviation": "FE", "topics": ["enska fyrir fer\u00f0a\u00fej\u00f3nustu"]}, {"abbreviation": "ST", "topics": ["evr\u00f3pski tungum\u00e1laramminn", "stig b1-b2"]}, {"abbreviation": "SE", "topics": ["evr\u00f3pski tungum\u00e1laramminn", "stig b2"]}, {"abbreviation": "ES", "topics": ["evr\u00f3pski tungum\u00e1laramminn", "stig b2-c1"]}, {"abbreviation": "EV", "topics": ["evr\u00f3pski tungum\u00e1laramminn", "stig c1"]}, {"abbreviation": "BF", "topics": ["b2", "evr\u00f3pski tungum\u00e1laramminn", "fer\u00f0a\u00fej\u00f3nuta"]}, {"abbreviation": "FH", "topics": ["evr\u00f3pski tungum\u00e1laramminn", "framhald", "stig c1"]}, {"abbreviation": "GR", "topics": ["grunn\u00e1fangi"]}, {"abbreviation": "FG", "topics": ["enska fyrir matv\u00e6lagreinar"]}, {"abbreviation": "LS", "topics": ["lestur", "m\u00e1lfr\u00e6\u00f0i", "or\u00f0afor\u00f0i", "skilningur"]}, {"abbreviation": "LT", "topics": ["lestur", "or\u00f0afor\u00f0i", "talm\u00e1l"]}, {"abbreviation": "BL", "topics": ["b\u00f3kmenntir", "lesskilningur", "ritun"]}, {"abbreviation": "BS", "topics": ["b\u00f3kmenntir", "menning", "saga"]}, {"abbreviation": "HA", "topics": ["hagn\u00fdtur or\u00f0afor\u00f0i. l\u00e6si \u00e1 fl\u00f3knari texta."]}, {"abbreviation": "OF", "topics": ["grunnor\u00f0afor\u00f0i fr\u00e6\u00f0a og v\u00edsinda.. menningarheimur nor\u00f0ur amer\u00edku"]}, {"abbreviation": "UN", "topics": ["undirb\u00fanings\u00e1fangi \u00ed ensku"]}, {"abbreviation": "LM", "topics": ["lestur og menning", "tj\u00e1ning"]}, {"abbreviation": "TM", "topics": ["menning", "tj\u00e1ning og skapandi skrif"]}, {"abbreviation": "MB", "topics": ["b\u00f3kmenntir", "menning og ritun"]}, {"abbreviation": "EX", "topics": ["extensive vocabulary and expression"]}, {"abbreviation": "ML", "topics": ["m\u00e1lnotkun og l\u00e6si"]}, {"abbreviation": "AA", "topics": ["akadem\u00edskur or\u00f0afor\u00f0i", "fj\u00f6lbreyttir textar", "fyrsti \u00e1fangi \u00ed ensku."]}, {"abbreviation": "YN", "topics": ["yndislestur"]}, {"abbreviation": "BB", "topics": ["akadem\u00edskur or\u00f0afor\u00f0i", "annar \u00e1fangi \u00ed ensku.", "fj\u00f6lbreyttir textar"]}, {"abbreviation": "FA", "topics": ["fagor\u00f0afor\u00f0i"]}, {"abbreviation": "AH", "topics": ["akadem\u00edskur or\u00f0afor\u00f0i", "fj\u00f6lbreyttir textar. hra\u00f0fer\u00f0 \u00ed ensku."]}, {"abbreviation": "BH", "topics": ["akadem\u00edskur or\u00f0afor\u00f0i", "fj\u00f6lbreyttir textar. \u00f6nnur hra\u00f0fer\u00f0 \u00ed ensku."]}, {"abbreviation": "EE", "topics": ["b\u00f3kmenntir", "fj\u00f6lmi\u00f0latextar."]}, {"abbreviation": "LR", "topics": ["lestur", "ritun", "tj\u00e1ning og hlustun"]}, {"abbreviation": "DD", "topics": ["b\u00f3kmenntir"]}, {"abbreviation": "M\u00c1", "topics": ["m\u00e1lfr\u00e6\u00f0i a"]}, {"abbreviation": "CC", "topics": ["b\u00f3kmenntir", "krefjandi or\u00f0afor\u00f0i", "ritun"]}, {"abbreviation": "CH", "topics": ["krefjandi or\u00f0afor\u00f0i"]}, {"abbreviation": "L\u00c9", "topics": ["l\u00e9ttlestur"]}, {"abbreviation": "OH", "topics": ["hlustun", "or\u00f0afor\u00f0i", "talm\u00e1l og ritun"]}, {"abbreviation": "LO", "topics": ["lesskilningur", "m\u00e1lfr\u00e6\u00f0i", "or\u00f0afor\u00f0i"]}, {"abbreviation": "MO", "topics": ["m\u00e1lfr\u00e6\u00f0i", "or\u00f0afor\u00f0i", "stig b1 \u00ed evr\u00f3pska tungum\u00e1larammanum"]}, {"abbreviation": "OB", "topics": ["b\u00f3kmenntir", "or\u00f0afor\u00f0i", "stig b2 \u00ed evr\u00f3pska tungum\u00e1larammanum"]}, {"abbreviation": "RB", "topics": ["b\u00f3kmenntir", "ritun"]}, {"abbreviation": "RL", "topics": ["lestur", "m\u00e1lfr\u00e6\u00f0i", "ritun og or\u00f0afor\u00f0i"]}, {"abbreviation": "SG", "topics": ["Lestur", "m\u00e1lfr\u00e6\u00f0i", "or\u00f0afor\u00f0i", "ritun", "tal"]}, {"abbreviation": "RM", "topics": ["Ritun", "b\u00f3kmenntir", "m\u00e1lnotkun"]}, {"abbreviation": "RO", "topics": ["Ritun", "b\u00f3kmenntir", "menning", "or\u00f0afor\u00f0i"]}, {"abbreviation": "SR", "topics": ["Menning", "akadem\u00edskur or\u00f0afor\u00f0i", "ritun", "saga"]}, {"abbreviation": "AE", "topics": ["Almenn akadem\u00edsk enska", "b\u00f3kmenntir", "ritun"]}, {"abbreviation": "SA", "topics": ["S\u00e9rh\u00e6f\u00f0 akadem\u00edsk enska", "b\u00f3kmenntir", "ritun"]}, {"abbreviation": "VR", "topics": ["V\u00edsindaor\u00f0afor\u00f0i", "raungreinar"]}, {"abbreviation": "VH", "topics": ["Vi\u00f0skipti", "erlend samskipti og vi\u00f0skiptah\u00e6ttir"]}, {"abbreviation": "AK", "topics": ["Kennsla", "a\u00f0sto\u00f0 vi\u00f0 nemendur", "ger\u00f0 kennsluefnis"]}, {"abbreviation": "DF", "topics": ["Kvikmyndir. Film Course."]}, {"abbreviation": "SK", "topics": ["enska fyrir fer\u00f0a\u00fej\u00f3nustu", "skapandi skrif"]}, {"abbreviation": "FT", "topics": ["lestur fr\u00e6\u00f0ilegra texta"]}, {"abbreviation": "VT", "topics": ["Lestur enskra vi\u00f0skiptatexta"]}, {"abbreviation": "RT", "topics": ["Lestur enskra raunv\u00edsindatexta"]}, {"abbreviation": "\u00cdT", "topics": ["Lestur \u00ed\u00fer\u00f3ttafr\u00e6\u00f0ilegra texta"]}, {"abbreviation": "TO", "topics": ["Tolkien"]}, {"abbreviation": "RI", "topics": ["Ritun"]}, {"abbreviation": "HL", "topics": ["Hlustun"]}, {"abbreviation": "UE", "topics": ["Undirb\u00fanings\u00e1fangi \u00ed ensku"]}, {"abbreviation": "UH", "topics": ["Undirb\u00faningur fyrir h\u00e1sk\u00f3lan\u00e1m"]}, {"abbreviation": "TJ", "topics": ["Tj\u00e1ning"]}, {"abbreviation": "OM", "topics": ["Or\u00f0afor\u00f0i", "m\u00e1lfr\u00e6\u00f0i", "m\u00e1lnotkun"]}, {"abbreviation": "TF", "topics": ["tj\u00e1ning og m\u00e1lnotkun"]}, {"abbreviation": "AM", "topics": ["Fr\u00e6\u00f0ilegur or\u00f0afor\u00f0i og Bandar\u00edkin"]}, {"abbreviation": "UK", "topics": ["Fr\u00e6\u00f0ilegur or\u00f0afor\u00f0i og Bretland"]}, {"abbreviation": "AC", "topics": ["Akadem\u00edskur or\u00f0afor\u00f0i og rauntextar"]}, {"abbreviation": "SL", "topics": ["Lestur", "menning og skrif"]}, {"abbreviation": "KK", "topics": ["Kvikmyndir og kynning"]}, {"abbreviation": "BA", "topics": ["L\u00fdsing: B\u00f3kmenntir 19. og 20.", "skrif og r\u00e6\u00f0uger\u00f0"]}, {"abbreviation": "OT", "topics": ["Or\u00f0afor\u00f0i", "ritun", "tj\u00e1ning"]}, {"abbreviation": "VM", "topics": ["V\u00edsindi og menning"]}, {"abbreviation": "BT", "topics": ["Bandar\u00edskt \u00fej\u00f3\u00f0f\u00e9lag og menning"]}, {"abbreviation": "MR", "topics": ["M\u00e1lfr\u00e6\u00f0i og ritun"]}, {"abbreviation": "LH", "topics": ["L\u00e6si \u00e1 fl\u00f3knari texta", "hagn\u00fdtur fj\u00f6lbreyttur or\u00f0afor\u00f0i"]}, {"abbreviation": "KB", "topics": ["Kvikmyndir", "b\u00f3kmenntir"]}, {"abbreviation": "OL", "topics": ["Lestur", "Menning", "M\u00e1lfr\u00e6\u00f0i", "Or\u00f0afor\u00f0i", "Ritun", "Tal"]}, {"abbreviation": "CL", "topics": ["Chic Literature and Women in Today\u2018s Society"]}, {"abbreviation": "CW", "topics": ["Creative Writing"]}, {"abbreviation": "OR", "topics": ["B\u00f3kmenntir (fj\u00f6lbreyttir textar)", "menning", "or\u00f0afor\u00f0i", "ranns\u00f3knir og ritun"]}, {"abbreviation": "OG", "topics": ["B\u00f3kmenntir", "lj\u00f3\u00f0agreining", "or\u00f0afor\u00f0i", "ritger\u00f0asm\u00ed\u00f0i og heimildavinna"]}, {"abbreviation": "BY", "topics": ["Lestur", "m\u00e1lfr\u00e6\u00f0i og m\u00e1lnotkun (byrjunar\u00e1fangi \u00ed ensku)", "ritun"]}, {"abbreviation": "DM", "topics": ["Enska Daglegt m\u00e1l"]}, {"abbreviation": "B\u00c1", "topics": ["b\u00f3kmenntir", "ritun", "tj\u00e1ning"]}, {"abbreviation": "HE", "topics": ["Hagn\u00fdt enska", "starfsbraut"]}, {"abbreviation": "RR", "topics": ["Enska \u00ed r\u00e6\u00f0u og riti"]}, {"abbreviation": "HO", "topics": ["Hagn\u00fdtur or\u00f0afor\u00f0i", "c1"]}, {"abbreviation": "FO", "topics": ["Fagor\u00f0afor\u00f0i og fer\u00f0am\u00e1l"]}, {"abbreviation": "EG", "topics": ["Enska 2 \u00e1 starfsbraut"]}, {"abbreviation": "SO", "topics": ["s\u00e9rh\u00e6f\u00f0ur or\u00f0afor\u00f0i"]}, {"abbreviation": "TR", "topics": ["Tj\u00e1ning", "or\u00f0afor\u00f0i", "ritun"]}, {"abbreviation": "\u00deS", "topics": ["\u00dej\u00f3nustust\u00f6rf"]}, {"abbreviation": "SF", "topics": ["Sagnfr\u00e6\u00f0i"]}, {"abbreviation": "T\u00d6", "topics": ["T\u00f6lvuleikir"]}, {"abbreviation": "JM", "topics": ["Fr\u00e1 hugmynd til \u00fatg\u00e1fu"]}, {"abbreviation": "MH", "topics": ["S\u00e9rh\u00e6f\u00f0 enska \u00ed myndlist og h\u00f6nnun"]}, {"abbreviation": "BO", "topics": ["B\u00f3kmenntir", "m\u00e1lfr\u00e6\u00f0i", "or\u00f0afor\u00f0i"]}, {"abbreviation": "VO", "topics": ["V\u00edsindatengdur or\u00f0afor\u00f0i"]}, {"abbreviation": "MV", "topics": ["M\u00e1lnotkun", "b\u00f3kmenntir", "vi\u00f0skipti"]}, {"abbreviation": "SV", "topics": ["m\u00e1lnotkun", "samf\u00e9lag", "vi\u00f0skipti"]}, {"abbreviation": "VI", "topics": ["m\u00e1lskilningur", "ritun", "vi\u00f0skiptaenska"]}, {"abbreviation": "EM", "topics": ["bresk menning", "b\u00f3kmenntir", "m\u00e1l"]}, {"abbreviation": "NV", "topics": ["v\u00edsindaenska"]}, {"abbreviation": "YL", "topics": ["Yndislestur"]}, {"abbreviation": "EH", "topics": ["Enska fyrir heilbrig\u00f0isgreinar"]}, {"abbreviation": "DK", "topics": ["ENSKA"]}, {"abbreviation": "DG", "topics": ["Enskar myndas\u00f6gur"]}, {"abbreviation": "DV", "topics": ["or\u00f0afor\u00f0i"]}, {"abbreviation": "DY", "topics": ["Yndislestur \u00ed ensku"]}, {"abbreviation": "EY", "topics": ["Yndislestur 2 \u00e1 ensku"]}, {"abbreviation": "HB", "topics": ["B\u00f3kmenntir og fr\u00e6\u00f0ilegir textar \u00ed hugv\u00edsindum"]}, {"abbreviation": "MK", "topics": ["b\u00f3kmenntir", "kvikmyndir", "menning", "m\u00e1lnotkun"]}, {"abbreviation": "VG", "topics": ["gagnr\u00fdnin hugsun", "or\u00f0afor\u00f0i v\u00edsinda", "ritun", "tj\u00e1ning"]}, {"abbreviation": "TT", "topics": ["m\u00e1lnotkun \u00ed t\u00e6knigreinum", "or\u00f0afor\u00f0i", "tala\u00f0 m\u00e1l"]}, {"abbreviation": "SS", "topics": ["Shakespeare", "kvikmyndir", "ritun", "sk\u00e1lds\u00f6gur"]}, {"abbreviation": "FV", "topics": ["Fagm\u00e1l", "b\u00f3kmenntir", "f\u00e9lagsv\u00edsindi", "ritun"]}, {"abbreviation": "VV", "topics": ["fagm\u00e1l", "hagfr\u00e6\u00f0i", "verslun", "vi\u00f0skipti"]}, {"abbreviation": "TB", "topics": ["Tolkien", "b\u00f3kmenntir", "fantas\u00eda"]}], "_id": "50c0a02dd8e40575f7f6f488", "subjects": ["enska"], "counter": {"1": 21, "3": 24, "2": 32, "4": 1}}, "evaluation": "L\u00f6g\u00f0 er \u00e1hersla \u00e1 fj\u00f6lbreytt n\u00e1msmat me\u00f0 lei\u00f0s\u00f6gn. N\u00e1msmati\u00f0 er \u00ed h\u00f6ndum kennara vi\u00f0komandi \u00e1fanga en \u00fearf a\u00f0 fylgja \u00feeim reglum sem kve\u00f0i\u00f0 er \u00e1 um \u00ed sk\u00f3lan\u00e1mskr\u00e1 VMA.", "categorization_suggestion": "AV", "embedded_topics": {"abbreviation": "MB", "topics": ["b\u00f3kmenntir", "menning og ritun"]}, "status": "approved by school", "description": "\u00cd \u00e1fanganum er fjalla\u00f0 um enskar b\u00f3kmenntir \u00e1 20. \u00f6ld. Horft er til \u00f3l\u00edkra h\u00f6funda, sv\u00e6\u00f0a og t\u00edmabila og lesin sk\u00e1ldverk fr\u00e1 \u00feeim sv\u00e6\u00f0um og/e\u00f0a t\u00edmabilum. Tekin eru fyrir \u00f3l\u00edk birtingarform, s.s. sm\u00e1s\u00f6gur, sk\u00e1lds\u00f6gur, leikverk og kvikmyndir. \u00de\u00e1 er einnig liti\u00f0 til hugmynda um uppbyggingu sk\u00e1ldverka og b\u00f3kmenntahugtaka \u00feeim tengdum. Notast ver\u00f0ur vi\u00f0 \u00edtarefni, svo sem lestexta, hlustunar- og myndbandsefni sem endurspeglar me\u00f0 sem bestum h\u00e6tti menningu og mannl\u00edf \u00feeirra sv\u00e6\u00f0a og \u00feess t\u00edma sem tengjast sk\u00e1ldverkum \u00e1fangans. S\u00e9rst\u00f6k \u00e1hersla er l\u00f6g\u00f0 \u00e1 ritun \u00ed tengslum vi\u00f0 b\u00f3kmenntaumfj\u00f6llun, \u00fear sem nemandinn leitar heimilda sem tengjast \u00f3l\u00edkum t\u00edmabilum og n\u00fdtir \u00ed umfj\u00f6llun sinni. Einnig er leitast vi\u00f0 a\u00f0 nemandinn tj\u00e1i sig um verkin munnlega og \u00e1 skapandi m\u00e1ta.", "knowledge_goals": ["hvernig b\u00f3kmenntaverk kunna a\u00f0 endurspegla t\u00edmabil", "hvernig h\u00f6fundur sj\u00e1lfur getur komi\u00f0 fram \u00ed eigin verkum", "hvernig menning sta\u00f0a og t\u00edmi kann a\u00f0 m\u00f3ta sk\u00e1ldverk", "hugmyndum um uppbyggingu sk\u00e1ldverka", "b\u00f3kmenntahugt\u00f6kum tengdum uppbyggingu sk\u00e1ldverka"], "skills_goals": ["r\u00fdna \u00ed \u00f3l\u00edkar ger\u00f0ir b\u00f3kmenntatexta, s.s. sm\u00e1s\u00f6gur, sk\u00e1lds\u00f6gur og leikverk", "sko\u00f0a og meta sk\u00e1ldverk \u00ed samhengi t\u00edma og sta\u00f0setningar ritunar verksins", "beita j\u00e1kv\u00e6\u00f0ri hugsun til a\u00f0 geta deilt sko\u00f0unum \u00e1 lesnu efni", "kafa d\u00fdpra ofan \u00ed vi\u00f0fangsefni og leita fanga v\u00ed\u00f0ar en \u00e1\u00f0ur", "taka \u00fe\u00e1tt \u00ed umr\u00e6\u00f0um um b\u00f3kmenntir og tj\u00e1 sig \u00e1 vi\u00f0eigandi m\u00e1ta"], "credits": 5, "last_modified": 1423824506.14309, "schools": ["512b49bc62933a682f00048a"], "coauthors": null, "instructions": "", "continued_education": false, "level": 3, "prerequisites": "10 einingar \u00e1 2. \u00ferepi", "author": "0bc9b589-2a42-4690-ac7e-ec65f804a0e6", "abbreviation_version": null, "competence_goals": [["gagnr\u00fdna og skilgreina b\u00f3kmenntaverk \u00ed ritu\u00f0u og t\u00f6lu\u00f0u m\u00e1li", ""], ["geta flutt vel uppbygg\u00f0a fr\u00e1s\u00f6gn, kynningu e\u00f0a greinarger\u00f0", ""], ["draga fram a\u00f0alatri\u00f0i og r\u00f6ksty\u00f0ja m\u00e1l sitt nokku\u00f0 n\u00e1kv\u00e6mlega me\u00f0 d\u00e6mum og breg\u00f0ast vi\u00f0 spurningum", ""], ["geta meti\u00f0 og afla\u00f0 heimilda eftir mismunandi lei\u00f0um", ""], ["sett fram mismunandi heimildir samkv\u00e6mt \u00feeim reglum sem um \u00fea\u00f0 gilda", ""]], "_id": "54ddd67a62933a7a340002d2"}, {"exemplary": null, "topics": "Tolkien, b\u00f3kmenntir, fantas\u00eda", "abbreviation": "ENSK3TB05", "former_schools": null, "subject": "enska", "title": "Fantas\u00edub\u00f3kmenntir og Tolkien", "version": 28, "status_trans": "Sam\u00feykkt af sk\u00f3la", "embedded_subject": {"abbreviation": "ENSK", "topics": [{"abbreviation": "GS", "topics": ["grunnatri\u00f0i", "samt\u00f6l"]}, {"abbreviation": "OO", "topics": ["or\u00f0ab\u00f3k", "or\u00f0afor\u00f0i"]}, {"abbreviation": "MM", "topics": ["myndas\u00f6gur", "myndb\u00f6nd"]}, {"abbreviation": "TL", "topics": ["lagatextar", "t\u00f3nlist"]}, {"abbreviation": "FR", "topics": ["ferilsverkefni", "ritunarverkefni"]}, {"abbreviation": "TS", "topics": ["myndm\u00e1l", "ritger\u00f0", "st\u00edlar", "textar"]}, {"abbreviation": "RH", "topics": ["hlustun", "m\u00e1lnotkun", "undirst\u00f6\u00f0uatri\u00f0i \u00ed ritun"]}, {"abbreviation": "SM", "topics": ["m\u00fas\u00edk og myndir 1950-70", "s\u00f6gur"]}, {"abbreviation": "BR", "topics": ["bretland"]}, {"abbreviation": "K\u00c1", "topics": ["kanada", "\u00e1stral\u00eda og n\u00fdja sj\u00e1land"]}, {"abbreviation": "SB", "topics": ["shakespeare og 19. \u00f6ldin \u00ed b\u00f3kmenntum"]}, {"abbreviation": "B\u00d3", "topics": ["b\u00f3kmenntir 20. aldar"]}, {"abbreviation": "KV", "topics": ["kvikmynda\u00e1fangi"]}, {"abbreviation": "AB", "topics": ["afr\u00edsk-amer\u00edskar b\u00f3kmenntir"]}, {"abbreviation": "U\u00c1", "topics": ["undirb\u00faningur", "\u00e1fangi"]}, {"abbreviation": "MT", "topics": ["m\u00e1lfr\u00e6\u00f0i", "tj\u00e1ning"]}, {"abbreviation": "MS", "topics": ["menning", "skapandi skrif"]}, {"abbreviation": "KR", "topics": ["kvikmyndir", "ritun"]}, {"abbreviation": "HR", "topics": ["heimildavinna", "ritger\u00f0ir"]}, {"abbreviation": "FF", "topics": ["fagm\u00e1l", "f\u00e9lagsv\u00edsinda"]}, {"abbreviation": "VE", "topics": ["enska", "vi\u00f0skipta"]}, {"abbreviation": "RE", "topics": ["enska", "raungreinar"]}, {"abbreviation": "BM", "topics": ["b\u00f3kmenntir", "m\u00e1lsaga"]}, {"abbreviation": "LB", "topics": ["b\u00f3kmenntir", "leik"]}, {"abbreviation": "UP", "topics": ["pr\u00f3f", "undirb\u00faningur"]}, {"abbreviation": "EN", "topics": ["enska fyrir fer\u00f0agreinar"]}, {"abbreviation": "FE", "topics": ["enska fyrir fer\u00f0a\u00fej\u00f3nustu"]}, {"abbreviation": "ST", "topics": ["evr\u00f3pski tungum\u00e1laramminn", "stig b1-b2"]}, {"abbreviation": "SE", "topics": ["evr\u00f3pski tungum\u00e1laramminn", "stig b2"]}, {"abbreviation": "ES", "topics": ["evr\u00f3pski tungum\u00e1laramminn", "stig b2-c1"]}, {"abbreviation": "EV", "topics": ["evr\u00f3pski tungum\u00e1laramminn", "stig c1"]}, {"abbreviation": "BF", "topics": ["b2", "evr\u00f3pski tungum\u00e1laramminn", "fer\u00f0a\u00fej\u00f3nuta"]}, {"abbreviation": "FH", "topics": ["evr\u00f3pski tungum\u00e1laramminn", "framhald", "stig c1"]}, {"abbreviation": "GR", "topics": ["grunn\u00e1fangi"]}, {"abbreviation": "FG", "topics": ["enska fyrir matv\u00e6lagreinar"]}, {"abbreviation": "LS", "topics": ["lestur", "m\u00e1lfr\u00e6\u00f0i", "or\u00f0afor\u00f0i", "skilningur"]}, {"abbreviation": "LT", "topics": ["lestur", "or\u00f0afor\u00f0i", "talm\u00e1l"]}, {"abbreviation": "BL", "topics": ["b\u00f3kmenntir", "lesskilningur", "ritun"]}, {"abbreviation": "BS", "topics": ["b\u00f3kmenntir", "menning", "saga"]}, {"abbreviation": "HA", "topics": ["hagn\u00fdtur or\u00f0afor\u00f0i. l\u00e6si \u00e1 fl\u00f3knari texta."]}, {"abbreviation": "OF", "topics": ["grunnor\u00f0afor\u00f0i fr\u00e6\u00f0a og v\u00edsinda.. menningarheimur nor\u00f0ur amer\u00edku"]}, {"abbreviation": "UN", "topics": ["undirb\u00fanings\u00e1fangi \u00ed ensku"]}, {"abbreviation": "LM", "topics": ["lestur og menning", "tj\u00e1ning"]}, {"abbreviation": "TM", "topics": ["menning", "tj\u00e1ning og skapandi skrif"]}, {"abbreviation": "MB", "topics": ["b\u00f3kmenntir", "menning og ritun"]}, {"abbreviation": "EX", "topics": ["extensive vocabulary and expression"]}, {"abbreviation": "ML", "topics": ["m\u00e1lnotkun og l\u00e6si"]}, {"abbreviation": "AA", "topics": ["akadem\u00edskur or\u00f0afor\u00f0i", "fj\u00f6lbreyttir textar", "fyrsti \u00e1fangi \u00ed ensku."]}, {"abbreviation": "YN", "topics": ["yndislestur"]}, {"abbreviation": "BB", "topics": ["akadem\u00edskur or\u00f0afor\u00f0i", "annar \u00e1fangi \u00ed ensku.", "fj\u00f6lbreyttir textar"]}, {"abbreviation": "FA", "topics": ["fagor\u00f0afor\u00f0i"]}, {"abbreviation": "AH", "topics": ["akadem\u00edskur or\u00f0afor\u00f0i", "fj\u00f6lbreyttir textar. hra\u00f0fer\u00f0 \u00ed ensku."]}, {"abbreviation": "BH", "topics": ["akadem\u00edskur or\u00f0afor\u00f0i", "fj\u00f6lbreyttir textar. \u00f6nnur hra\u00f0fer\u00f0 \u00ed ensku."]}, {"abbreviation": "EE", "topics": ["b\u00f3kmenntir", "fj\u00f6lmi\u00f0latextar."]}, {"abbreviation": "LR", "topics": ["lestur", "ritun", "tj\u00e1ning og hlustun"]}, {"abbreviation": "DD", "topics": ["b\u00f3kmenntir"]}, {"abbreviation": "M\u00c1", "topics": ["m\u00e1lfr\u00e6\u00f0i a"]}, {"abbreviation": "CC", "topics": ["b\u00f3kmenntir", "krefjandi or\u00f0afor\u00f0i", "ritun"]}, {"abbreviation": "CH", "topics": ["krefjandi or\u00f0afor\u00f0i"]}, {"abbreviation": "L\u00c9", "topics": ["l\u00e9ttlestur"]}, {"abbreviation": "OH", "topics": ["hlustun", "or\u00f0afor\u00f0i", "talm\u00e1l og ritun"]}, {"abbreviation": "LO", "topics": ["lesskilningur", "m\u00e1lfr\u00e6\u00f0i", "or\u00f0afor\u00f0i"]}, {"abbreviation": "MO", "topics": ["m\u00e1lfr\u00e6\u00f0i", "or\u00f0afor\u00f0i", "stig b1 \u00ed evr\u00f3pska tungum\u00e1larammanum"]}, {"abbreviation": "OB", "topics": ["b\u00f3kmenntir", "or\u00f0afor\u00f0i", "stig b2 \u00ed evr\u00f3pska tungum\u00e1larammanum"]}, {"abbreviation": "RB", "topics": ["b\u00f3kmenntir", "ritun"]}, {"abbreviation": "RL", "topics": ["lestur", "m\u00e1lfr\u00e6\u00f0i", "ritun og or\u00f0afor\u00f0i"]}, {"abbreviation": "SG", "topics": ["Lestur", "m\u00e1lfr\u00e6\u00f0i", "or\u00f0afor\u00f0i", "ritun", "tal"]}, {"abbreviation": "RM", "topics": ["Ritun", "b\u00f3kmenntir", "m\u00e1lnotkun"]}, {"abbreviation": "RO", "topics": ["Ritun", "b\u00f3kmenntir", "menning", "or\u00f0afor\u00f0i"]}, {"abbreviation": "SR", "topics": ["Menning", "akadem\u00edskur or\u00f0afor\u00f0i", "ritun", "saga"]}, {"abbreviation": "AE", "topics": ["Almenn akadem\u00edsk enska", "b\u00f3kmenntir", "ritun"]}, {"abbreviation": "SA", "topics": ["S\u00e9rh\u00e6f\u00f0 akadem\u00edsk enska", "b\u00f3kmenntir", "ritun"]}, {"abbreviation": "VR", "topics": ["V\u00edsindaor\u00f0afor\u00f0i", "raungreinar"]}, {"abbreviation": "VH", "topics": ["Vi\u00f0skipti", "erlend samskipti og vi\u00f0skiptah\u00e6ttir"]}, {"abbreviation": "AK", "topics": ["Kennsla", "a\u00f0sto\u00f0 vi\u00f0 nemendur", "ger\u00f0 kennsluefnis"]}, {"abbreviation": "DF", "topics": ["Kvikmyndir. Film Course."]}, {"abbreviation": "SK", "topics": ["enska fyrir fer\u00f0a\u00fej\u00f3nustu", "skapandi skrif"]}, {"abbreviation": "FT", "topics": ["lestur fr\u00e6\u00f0ilegra texta"]}, {"abbreviation": "VT", "topics": ["Lestur enskra vi\u00f0skiptatexta"]}, {"abbreviation": "RT", "topics": ["Lestur enskra raunv\u00edsindatexta"]}, {"abbreviation": "\u00cdT", "topics": ["Lestur \u00ed\u00fer\u00f3ttafr\u00e6\u00f0ilegra texta"]}, {"abbreviation": "TO", "topics": ["Tolkien"]}, {"abbreviation": "RI", "topics": ["Ritun"]}, {"abbreviation": "HL", "topics": ["Hlustun"]}, {"abbreviation": "UE", "topics": ["Undirb\u00fanings\u00e1fangi \u00ed ensku"]}, {"abbreviation": "UH", "topics": ["Undirb\u00faningur fyrir h\u00e1sk\u00f3lan\u00e1m"]}, {"abbreviation": "TJ", "topics": ["Tj\u00e1ning"]}, {"abbreviation": "OM", "topics": ["Or\u00f0afor\u00f0i", "m\u00e1lfr\u00e6\u00f0i", "m\u00e1lnotkun"]}, {"abbreviation": "TF", "topics": ["tj\u00e1ning og m\u00e1lnotkun"]}, {"abbreviation": "AM", "topics": ["Fr\u00e6\u00f0ilegur or\u00f0afor\u00f0i og Bandar\u00edkin"]}, {"abbreviation": "UK", "topics": ["Fr\u00e6\u00f0ilegur or\u00f0afor\u00f0i og Bretland"]}, {"abbreviation": "AC", "topics": ["Akadem\u00edskur or\u00f0afor\u00f0i og rauntextar"]}, {"abbreviation": "SL", "topics": ["Lestur", "menning og skrif"]}, {"abbreviation": "KK", "topics": ["Kvikmyndir og kynning"]}, {"abbreviation": "BA", "topics": ["L\u00fdsing: B\u00f3kmenntir 19. og 20.", "skrif og r\u00e6\u00f0uger\u00f0"]}, {"abbreviation": "OT", "topics": ["Or\u00f0afor\u00f0i", "ritun", "tj\u00e1ning"]}, {"abbreviation": "VM", "topics": ["V\u00edsindi og menning"]}, {"abbreviation": "BT", "topics": ["Bandar\u00edskt \u00fej\u00f3\u00f0f\u00e9lag og menning"]}, {"abbreviation": "MR", "topics": ["M\u00e1lfr\u00e6\u00f0i og ritun"]}, {"abbreviation": "LH", "topics": ["L\u00e6si \u00e1 fl\u00f3knari texta", "hagn\u00fdtur fj\u00f6lbreyttur or\u00f0afor\u00f0i"]}, {"abbreviation": "KB", "topics": ["Kvikmyndir", "b\u00f3kmenntir"]}, {"abbreviation": "OL", "topics": ["Lestur", "Menning", "M\u00e1lfr\u00e6\u00f0i", "Or\u00f0afor\u00f0i", "Ritun", "Tal"]}, {"abbreviation": "CL", "topics": ["Chic Literature and Women in Today\u2018s Society"]}, {"abbreviation": "CW", "topics": ["Creative Writing"]}, {"abbreviation": "OR", "topics": ["B\u00f3kmenntir (fj\u00f6lbreyttir textar)", "menning", "or\u00f0afor\u00f0i", "ranns\u00f3knir og ritun"]}, {"abbreviation": "OG", "topics": ["B\u00f3kmenntir", "lj\u00f3\u00f0agreining", "or\u00f0afor\u00f0i", "ritger\u00f0asm\u00ed\u00f0i og heimildavinna"]}, {"abbreviation": "BY", "topics": ["Lestur", "m\u00e1lfr\u00e6\u00f0i og m\u00e1lnotkun (byrjunar\u00e1fangi \u00ed ensku)", "ritun"]}, {"abbreviation": "DM", "topics": ["Enska Daglegt m\u00e1l"]}, {"abbreviation": "B\u00c1", "topics": ["b\u00f3kmenntir", "ritun", "tj\u00e1ning"]}, {"abbreviation": "HE", "topics": ["Hagn\u00fdt enska", "starfsbraut"]}, {"abbreviation": "RR", "topics": ["Enska \u00ed r\u00e6\u00f0u og riti"]}, {"abbreviation": "HO", "topics": ["Hagn\u00fdtur or\u00f0afor\u00f0i", "c1"]}, {"abbreviation": "FO", "topics": ["Fagor\u00f0afor\u00f0i og fer\u00f0am\u00e1l"]}, {"abbreviation": "EG", "topics": ["Enska 2 \u00e1 starfsbraut"]}, {"abbreviation": "SO", "topics": ["s\u00e9rh\u00e6f\u00f0ur or\u00f0afor\u00f0i"]}, {"abbreviation": "TR", "topics": ["Tj\u00e1ning", "or\u00f0afor\u00f0i", "ritun"]}, {"abbreviation": "\u00deS", "topics": ["\u00dej\u00f3nustust\u00f6rf"]}, {"abbreviation": "SF", "topics": ["Sagnfr\u00e6\u00f0i"]}, {"abbreviation": "T\u00d6", "topics": ["T\u00f6lvuleikir"]}, {"abbreviation": "JM", "topics": ["Fr\u00e1 hugmynd til \u00fatg\u00e1fu"]}, {"abbreviation": "MH", "topics": ["S\u00e9rh\u00e6f\u00f0 enska \u00ed myndlist og h\u00f6nnun"]}, {"abbreviation": "BO", "topics": ["B\u00f3kmenntir", "m\u00e1lfr\u00e6\u00f0i", "or\u00f0afor\u00f0i"]}, {"abbreviation": "VO", "topics": ["V\u00edsindatengdur or\u00f0afor\u00f0i"]}, {"abbreviation": "MV", "topics": ["M\u00e1lnotkun", "b\u00f3kmenntir", "vi\u00f0skipti"]}, {"abbreviation": "SV", "topics": ["m\u00e1lnotkun", "samf\u00e9lag", "vi\u00f0skipti"]}, {"abbreviation": "VI", "topics": ["m\u00e1lskilningur", "ritun", "vi\u00f0skiptaenska"]}, {"abbreviation": "EM", "topics": ["bresk menning", "b\u00f3kmenntir", "m\u00e1l"]}, {"abbreviation": "NV", "topics": ["v\u00edsindaenska"]}, {"abbreviation": "YL", "topics": ["Yndislestur"]}, {"abbreviation": "EH", "topics": ["Enska fyrir heilbrig\u00f0isgreinar"]}, {"abbreviation": "DK", "topics": ["ENSKA"]}, {"abbreviation": "DG", "topics": ["Enskar myndas\u00f6gur"]}, {"abbreviation": "DV", "topics": ["or\u00f0afor\u00f0i"]}, {"abbreviation": "DY", "topics": ["Yndislestur \u00ed ensku"]}, {"abbreviation": "EY", "topics": ["Yndislestur 2 \u00e1 ensku"]}, {"abbreviation": "HB", "topics": ["B\u00f3kmenntir og fr\u00e6\u00f0ilegir textar \u00ed hugv\u00edsindum"]}, {"abbreviation": "MK", "topics": ["b\u00f3kmenntir", "kvikmyndir", "menning", "m\u00e1lnotkun"]}, {"abbreviation": "VG", "topics": ["gagnr\u00fdnin hugsun", "or\u00f0afor\u00f0i v\u00edsinda", "ritun", "tj\u00e1ning"]}, {"abbreviation": "TT", "topics": ["m\u00e1lnotkun \u00ed t\u00e6knigreinum", "or\u00f0afor\u00f0i", "tala\u00f0 m\u00e1l"]}, {"abbreviation": "SS", "topics": ["Shakespeare", "kvikmyndir", "ritun", "sk\u00e1lds\u00f6gur"]}, {"abbreviation": "FV", "topics": ["Fagm\u00e1l", "b\u00f3kmenntir", "f\u00e9lagsv\u00edsindi", "ritun"]}, {"abbreviation": "VV", "topics": ["fagm\u00e1l", "hagfr\u00e6\u00f0i", "verslun", "vi\u00f0skipti"]}, {"abbreviation": "TB", "topics": ["Tolkien", "b\u00f3kmenntir", "fantas\u00eda"]}], "_id": "50c0a02dd8e40575f7f6f488", "subjects": ["enska"], "counter": {"1": 21, "3": 24, "2": 32, "4": 1}}, "evaluation": "L\u00f6g\u00f0 er \u00e1hersla \u00e1 fj\u00f6lbreytt n\u00e1msmat me\u00f0 lei\u00f0s\u00f6gn. N\u00e1msmati\u00f0 er \u00ed h\u00f6ndum kennara vi\u00f0komandi \u00e1fanga en \u00fearf a\u00f0 fylgja \u00feeim reglum sem kve\u00f0i\u00f0 er \u00e1 um \u00ed sk\u00f3lan\u00e1mskr\u00e1 VMA.", "categorization_suggestion": "AV", "embedded_topics": {"abbreviation": "TB", "topics": ["Tolkien", "b\u00f3kmenntir", "fantas\u00eda"]}, "status": "approved by school", "description": "\u00c1fanginn byggist \u00e1 umfj\u00f6llun um fantas\u00edub\u00f3kmenntir, \u00fer\u00f3un \u00feeirra og bakgrunn.  \u00cd \u00e1fanganum er l\u00f6g\u00f0 \u00e1hersla \u00e1 \u00feemavinnu sem tengist b\u00f3kmenntum og b\u00f3kmenntas\u00f6gu. \nUnni\u00f0 er \u00fatfr\u00e1 verkum Tolkien og horft til \u00feeirra verka sem hann bygg\u00f0i sinn sagnaheim \u00e1. Helstu einkenni fantas\u00edub\u00f3kmennta eru kynnt \u00ed gegnum sk\u00e1ldverk Tolkien auk \u00feess sem t\u00e6pt er \u00e1 \u00fdmsum t\u00edmabilum b\u00f3kmenntas\u00f6gunnar eftir \u00fev\u00ed sem \u00feau tengjast vi\u00f0fangsefni \u00e1fangans.  \u00de\u00e1 er einnig liti\u00f0 til hugmynda um uppbyggingu sk\u00e1ldverka og b\u00f3kmenntahugtaka \u00feeim tengdum.\n\u00c1hersla er l\u00f6g\u00f0 \u00e1 ritun \u00ed tengslum vi\u00f0 b\u00f3kmenntaumfj\u00f6llun, \u00fear sem nemandinn leitar heimilda sem tengjast \u00f3l\u00edkum t\u00edmabilum og n\u00fdtir \u00ed umfj\u00f6llun sinni. Einnig er leitast vi\u00f0 a\u00f0 nemandinn tj\u00e1i sig um verkin munnlega og \u00e1 skapandi m\u00e1ta.", "knowledge_goals": ["tengslum milli eldri forma b\u00f3kmennta og n\u00fat\u00edmab\u00f3kmennta", "hvernig fanstas\u00edub\u00f3kmenntir hafa m\u00f3tast af t\u00ed\u00f0aranda hverju sinni", "almennum b\u00f3kmenntahugt\u00f6kum", "\u00e1hrifum Tolkien \u00e1 b\u00f3kmenntir og menningarheim samt\u00edmans", "\u00e1hrifum tr\u00faarbrag\u00f0a \u00e1 b\u00f3kmenntir"], "skills_goals": ["beita j\u00e1kv\u00e6\u00f0ri og gagnr\u00fdnni hugsun til a\u00f0 geta deilt sko\u00f0unum \u00e1 lesnu efni", "mi\u00f0la ritun e\u00f0a \u00f6\u00f0rum vi\u00f0fangsefnum s\u00ednum \u00e1 lipurri og hn\u00f6kralausri ensku", "kafa d\u00fdpra ofan \u00ed vi\u00f0komandi vi\u00f0fangsefni", "sko\u00f0a s\u00f6gulegt, f\u00e9lagslegt, menningarlegt og/e\u00f0a p\u00f3lit\u00edskt samhengi \u00ed texta", "taka \u00fe\u00e1tt \u00ed umr\u00e6\u00f0um um b\u00f3kmenntir/fr\u00e6\u00f0itexta og tj\u00e1 sig \u00e1 vi\u00f0eigandi m\u00e1ta", "lesa s\u00e9r til gagns rauntexta og krefjandi texta og vinna me\u00f0 \u00fe\u00e1"], "credits": 5, "last_modified": 1423824165.276318, "schools": ["512b49bc62933a682f00048a"], "coauthors": null, "instructions": "", "continued_education": false, "level": 3, "prerequisites": "10 einingar \u00e1 2. \u00ferepi", "author": "0bc9b589-2a42-4690-ac7e-ec65f804a0e6", "abbreviation_version": null, "competence_goals": [["gagnr\u00fdna og skilgreina b\u00f3kmenntaverk \u00ed ritu\u00f0u og t\u00f6lu\u00f0u m\u00e1li", ""], ["s\u00fdna sj\u00e1lfst\u00e6\u00f0i \u00ed vinnubr\u00f6g\u00f0um", ""], ["geta flutt vel uppbygg\u00f0a fr\u00e1s\u00f6gn, kynningu e\u00f0a greinarger\u00f0", ""], ["geta dregi\u00f0 eigin \u00e1lyktanir \u00fatfr\u00e1 b\u00f3kmenntaverkum", ""], ["r\u00f6ksty\u00f0ja m\u00e1l sitt \u00ed r\u00e6\u00f0u og riti", ""], ["meta og afla heimilda eftir mismunandi lei\u00f0um s.s. af neti, b\u00f3kasafni og \u00f6\u00f0rum uppl\u00fdsingaveitum samkv\u00e6mt \u00feeim venjum sem gilda um heimildavinnu", ""]], "_id": "54ddd52562933a7a340002cc"}, {"exemplary": null, "topics": "Fagm\u00e1l, b\u00f3kmenntir, f\u00e9lagsv\u00edsindi, ritun", "abbreviation": "ENSK3FV05", "former_schools": null, "subject": "enska", "title": "F\u00e9lagsv\u00edsindaenska", "version": 25, "status_trans": "Sam\u00feykkt af sk\u00f3la", "embedded_subject": {"abbreviation": "ENSK", "topics": [{"abbreviation": "GS", "topics": ["grunnatri\u00f0i", "samt\u00f6l"]}, {"abbreviation": "OO", "topics": ["or\u00f0ab\u00f3k", "or\u00f0afor\u00f0i"]}, {"abbreviation": "MM", "topics": ["myndas\u00f6gur", "myndb\u00f6nd"]}, {"abbreviation": "TL", "topics": ["lagatextar", "t\u00f3nlist"]}, {"abbreviation": "FR", "topics": ["ferilsverkefni", "ritunarverkefni"]}, {"abbreviation": "TS", "topics": ["myndm\u00e1l", "ritger\u00f0", "st\u00edlar", "textar"]}, {"abbreviation": "RH", "topics": ["hlustun", "m\u00e1lnotkun", "undirst\u00f6\u00f0uatri\u00f0i \u00ed ritun"]}, {"abbreviation": "SM", "topics": ["m\u00fas\u00edk og myndir 1950-70", "s\u00f6gur"]}, {"abbreviation": "BR", "topics": ["bretland"]}, {"abbreviation": "K\u00c1", "topics": ["kanada", "\u00e1stral\u00eda og n\u00fdja sj\u00e1land"]}, {"abbreviation": "SB", "topics": ["shakespeare og 19. \u00f6ldin \u00ed b\u00f3kmenntum"]}, {"abbreviation": "B\u00d3", "topics": ["b\u00f3kmenntir 20. aldar"]}, {"abbreviation": "KV", "topics": ["kvikmynda\u00e1fangi"]}, {"abbreviation": "AB", "topics": ["afr\u00edsk-amer\u00edskar b\u00f3kmenntir"]}, {"abbreviation": "U\u00c1", "topics": ["undirb\u00faningur", "\u00e1fangi"]}, {"abbreviation": "MT", "topics": ["m\u00e1lfr\u00e6\u00f0i", "tj\u00e1ning"]}, {"abbreviation": "MS", "topics": ["menning", "skapandi skrif"]}, {"abbreviation": "KR", "topics": ["kvikmyndir", "ritun"]}, {"abbreviation": "HR", "topics": ["heimildavinna", "ritger\u00f0ir"]}, {"abbreviation": "FF", "topics": ["fagm\u00e1l", "f\u00e9lagsv\u00edsinda"]}, {"abbreviation": "VE", "topics": ["enska", "vi\u00f0skipta"]}, {"abbreviation": "RE", "topics": ["enska", "raungreinar"]}, {"abbreviation": "BM", "topics": ["b\u00f3kmenntir", "m\u00e1lsaga"]}, {"abbreviation": "LB", "topics": ["b\u00f3kmenntir", "leik"]}, {"abbreviation": "UP", "topics": ["pr\u00f3f", "undirb\u00faningur"]}, {"abbreviation": "EN", "topics": ["enska fyrir fer\u00f0agreinar"]}, {"abbreviation": "FE", "topics": ["enska fyrir fer\u00f0a\u00fej\u00f3nustu"]}, {"abbreviation": "ST", "topics": ["evr\u00f3pski tungum\u00e1laramminn", "stig b1-b2"]}, {"abbreviation": "SE", "topics": ["evr\u00f3pski tungum\u00e1laramminn", "stig b2"]}, {"abbreviation": "ES", "topics": ["evr\u00f3pski tungum\u00e1laramminn", "stig b2-c1"]}, {"abbreviation": "EV", "topics": ["evr\u00f3pski tungum\u00e1laramminn", "stig c1"]}, {"abbreviation": "BF", "topics": ["b2", "evr\u00f3pski tungum\u00e1laramminn", "fer\u00f0a\u00fej\u00f3nuta"]}, {"abbreviation": "FH", "topics": ["evr\u00f3pski tungum\u00e1laramminn", "framhald", "stig c1"]}, {"abbreviation": "GR", "topics": ["grunn\u00e1fangi"]}, {"abbreviation": "FG", "topics": ["enska fyrir matv\u00e6lagreinar"]}, {"abbreviation": "LS", "topics": ["lestur", "m\u00e1lfr\u00e6\u00f0i", "or\u00f0afor\u00f0i", "skilningur"]}, {"abbreviation": "LT", "topics": ["lestur", "or\u00f0afor\u00f0i", "talm\u00e1l"]}, {"abbreviation": "BL", "topics": ["b\u00f3kmenntir", "lesskilningur", "ritun"]}, {"abbreviation": "BS", "topics": ["b\u00f3kmenntir", "menning", "saga"]}, {"abbreviation": "HA", "topics": ["hagn\u00fdtur or\u00f0afor\u00f0i. l\u00e6si \u00e1 fl\u00f3knari texta."]}, {"abbreviation": "OF", "topics": ["grunnor\u00f0afor\u00f0i fr\u00e6\u00f0a og v\u00edsinda.. menningarheimur nor\u00f0ur amer\u00edku"]}, {"abbreviation": "UN", "topics": ["undirb\u00fanings\u00e1fangi \u00ed ensku"]}, {"abbreviation": "LM", "topics": ["lestur og menning", "tj\u00e1ning"]}, {"abbreviation": "TM", "topics": ["menning", "tj\u00e1ning og skapandi skrif"]}, {"abbreviation": "MB", "topics": ["b\u00f3kmenntir", "menning og ritun"]}, {"abbreviation": "EX", "topics": ["extensive vocabulary and expression"]}, {"abbreviation": "ML", "topics": ["m\u00e1lnotkun og l\u00e6si"]}, {"abbreviation": "AA", "topics": ["akadem\u00edskur or\u00f0afor\u00f0i", "fj\u00f6lbreyttir textar", "fyrsti \u00e1fangi \u00ed ensku."]}, {"abbreviation": "YN", "topics": ["yndislestur"]}, {"abbreviation": "BB", "topics": ["akadem\u00edskur or\u00f0afor\u00f0i", "annar \u00e1fangi \u00ed ensku.", "fj\u00f6lbreyttir textar"]}, {"abbreviation": "FA", "topics": ["fagor\u00f0afor\u00f0i"]}, {"abbreviation": "AH", "topics": ["akadem\u00edskur or\u00f0afor\u00f0i", "fj\u00f6lbreyttir textar. hra\u00f0fer\u00f0 \u00ed ensku."]}, {"abbreviation": "BH", "topics": ["akadem\u00edskur or\u00f0afor\u00f0i", "fj\u00f6lbreyttir textar. \u00f6nnur hra\u00f0fer\u00f0 \u00ed ensku."]}, {"abbreviation": "EE", "topics": ["b\u00f3kmenntir", "fj\u00f6lmi\u00f0latextar."]}, {"abbreviation": "LR", "topics": ["lestur", "ritun", "tj\u00e1ning og hlustun"]}, {"abbreviation": "DD", "topics": ["b\u00f3kmenntir"]}, {"abbreviation": "M\u00c1", "topics": ["m\u00e1lfr\u00e6\u00f0i a"]}, {"abbreviation": "CC", "topics": ["b\u00f3kmenntir", "krefjandi or\u00f0afor\u00f0i", "ritun"]}, {"abbreviation": "CH", "topics": ["krefjandi or\u00f0afor\u00f0i"]}, {"abbreviation": "L\u00c9", "topics": ["l\u00e9ttlestur"]}, {"abbreviation": "OH", "topics": ["hlustun", "or\u00f0afor\u00f0i", "talm\u00e1l og ritun"]}, {"abbreviation": "LO", "topics": ["lesskilningur", "m\u00e1lfr\u00e6\u00f0i", "or\u00f0afor\u00f0i"]}, {"abbreviation": "MO", "topics": ["m\u00e1lfr\u00e6\u00f0i", "or\u00f0afor\u00f0i", "stig b1 \u00ed evr\u00f3pska tungum\u00e1larammanum"]}, {"abbreviation": "OB", "topics": ["b\u00f3kmenntir", "or\u00f0afor\u00f0i", "stig b2 \u00ed evr\u00f3pska tungum\u00e1larammanum"]}, {"abbreviation": "RB", "topics": ["b\u00f3kmenntir", "ritun"]}, {"abbreviation": "RL", "topics": ["lestur", "m\u00e1lfr\u00e6\u00f0i", "ritun og or\u00f0afor\u00f0i"]}, {"abbreviation": "SG", "topics": ["Lestur", "m\u00e1lfr\u00e6\u00f0i", "or\u00f0afor\u00f0i", "ritun", "tal"]}, {"abbreviation": "RM", "topics": ["Ritun", "b\u00f3kmenntir", "m\u00e1lnotkun"]}, {"abbreviation": "RO", "topics": ["Ritun", "b\u00f3kmenntir", "menning", "or\u00f0afor\u00f0i"]}, {"abbreviation": "SR", "topics": ["Menning", "akadem\u00edskur or\u00f0afor\u00f0i", "ritun", "saga"]}, {"abbreviation": "AE", "topics": ["Almenn akadem\u00edsk enska", "b\u00f3kmenntir", "ritun"]}, {"abbreviation": "SA", "topics": ["S\u00e9rh\u00e6f\u00f0 akadem\u00edsk enska", "b\u00f3kmenntir", "ritun"]}, {"abbreviation": "VR", "topics": ["V\u00edsindaor\u00f0afor\u00f0i", "raungreinar"]}, {"abbreviation": "VH", "topics": ["Vi\u00f0skipti", "erlend samskipti og vi\u00f0skiptah\u00e6ttir"]}, {"abbreviation": "AK", "topics": ["Kennsla", "a\u00f0sto\u00f0 vi\u00f0 nemendur", "ger\u00f0 kennsluefnis"]}, {"abbreviation": "DF", "topics": ["Kvikmyndir. Film Course."]}, {"abbreviation": "SK", "topics": ["enska fyrir fer\u00f0a\u00fej\u00f3nustu", "skapandi skrif"]}, {"abbreviation": "FT", "topics": ["lestur fr\u00e6\u00f0ilegra texta"]}, {"abbreviation": "VT", "topics": ["Lestur enskra vi\u00f0skiptatexta"]}, {"abbreviation": "RT", "topics": ["Lestur enskra raunv\u00edsindatexta"]}, {"abbreviation": "\u00cdT", "topics": ["Lestur \u00ed\u00fer\u00f3ttafr\u00e6\u00f0ilegra texta"]}, {"abbreviation": "TO", "topics": ["Tolkien"]}, {"abbreviation": "RI", "topics": ["Ritun"]}, {"abbreviation": "HL", "topics": ["Hlustun"]}, {"abbreviation": "UE", "topics": ["Undirb\u00fanings\u00e1fangi \u00ed ensku"]}, {"abbreviation": "UH", "topics": ["Undirb\u00faningur fyrir h\u00e1sk\u00f3lan\u00e1m"]}, {"abbreviation": "TJ", "topics": ["Tj\u00e1ning"]}, {"abbreviation": "OM", "topics": ["Or\u00f0afor\u00f0i", "m\u00e1lfr\u00e6\u00f0i", "m\u00e1lnotkun"]}, {"abbreviation": "TF", "topics": ["tj\u00e1ning og m\u00e1lnotkun"]}, {"abbreviation": "AM", "topics": ["Fr\u00e6\u00f0ilegur or\u00f0afor\u00f0i og Bandar\u00edkin"]}, {"abbreviation": "UK", "topics": ["Fr\u00e6\u00f0ilegur or\u00f0afor\u00f0i og Bretland"]}, {"abbreviation": "AC", "topics": ["Akadem\u00edskur or\u00f0afor\u00f0i og rauntextar"]}, {"abbreviation": "SL", "topics": ["Lestur", "menning og skrif"]}, {"abbreviation": "KK", "topics": ["Kvikmyndir og kynning"]}, {"abbreviation": "BA", "topics": ["L\u00fdsing: B\u00f3kmenntir 19. og 20.", "skrif og r\u00e6\u00f0uger\u00f0"]}, {"abbreviation": "OT", "topics": ["Or\u00f0afor\u00f0i", "ritun", "tj\u00e1ning"]}, {"abbreviation": "VM", "topics": ["V\u00edsindi og menning"]}, {"abbreviation": "BT", "topics": ["Bandar\u00edskt \u00fej\u00f3\u00f0f\u00e9lag og menning"]}, {"abbreviation": "MR", "topics": ["M\u00e1lfr\u00e6\u00f0i og ritun"]}, {"abbreviation": "LH", "topics": ["L\u00e6si \u00e1 fl\u00f3knari texta", "hagn\u00fdtur fj\u00f6lbreyttur or\u00f0afor\u00f0i"]}, {"abbreviation": "KB", "topics": ["Kvikmyndir", "b\u00f3kmenntir"]}, {"abbreviation": "OL", "topics": ["Lestur", "Menning", "M\u00e1lfr\u00e6\u00f0i", "Or\u00f0afor\u00f0i", "Ritun", "Tal"]}, {"abbreviation": "CL", "topics": ["Chic Literature and Women in Today\u2018s Society"]}, {"abbreviation": "CW", "topics": ["Creative Writing"]}, {"abbreviation": "OR", "topics": ["B\u00f3kmenntir (fj\u00f6lbreyttir textar)", "menning", "or\u00f0afor\u00f0i", "ranns\u00f3knir og ritun"]}, {"abbreviation": "OG", "topics": ["B\u00f3kmenntir", "lj\u00f3\u00f0agreining", "or\u00f0afor\u00f0i", "ritger\u00f0asm\u00ed\u00f0i og heimildavinna"]}, {"abbreviation": "BY", "topics": ["Lestur", "m\u00e1lfr\u00e6\u00f0i og m\u00e1lnotkun (byrjunar\u00e1fangi \u00ed ensku)", "ritun"]}, {"abbreviation": "DM", "topics": ["Enska Daglegt m\u00e1l"]}, {"abbreviation": "B\u00c1", "topics": ["b\u00f3kmenntir", "ritun", "tj\u00e1ning"]}, {"abbreviation": "HE", "topics": ["Hagn\u00fdt enska", "starfsbraut"]}, {"abbreviation": "RR", "topics": ["Enska \u00ed r\u00e6\u00f0u og riti"]}, {"abbreviation": "HO", "topics": ["Hagn\u00fdtur or\u00f0afor\u00f0i", "c1"]}, {"abbreviation": "FO", "topics": ["Fagor\u00f0afor\u00f0i og fer\u00f0am\u00e1l"]}, {"abbreviation": "EG", "topics": ["Enska 2 \u00e1 starfsbraut"]}, {"abbreviation": "SO", "topics": ["s\u00e9rh\u00e6f\u00f0ur or\u00f0afor\u00f0i"]}, {"abbreviation": "TR", "topics": ["Tj\u00e1ning", "or\u00f0afor\u00f0i", "ritun"]}, {"abbreviation": "\u00deS", "topics": ["\u00dej\u00f3nustust\u00f6rf"]}, {"abbreviation": "SF", "topics": ["Sagnfr\u00e6\u00f0i"]}, {"abbreviation": "T\u00d6", "topics": ["T\u00f6lvuleikir"]}, {"abbreviation": "JM", "topics": ["Fr\u00e1 hugmynd til \u00fatg\u00e1fu"]}, {"abbreviation": "MH", "topics": ["S\u00e9rh\u00e6f\u00f0 enska \u00ed myndlist og h\u00f6nnun"]}, {"abbreviation": "BO", "topics": ["B\u00f3kmenntir", "m\u00e1lfr\u00e6\u00f0i", "or\u00f0afor\u00f0i"]}, {"abbreviation": "VO", "topics": ["V\u00edsindatengdur or\u00f0afor\u00f0i"]}, {"abbreviation": "MV", "topics": ["M\u00e1lnotkun", "b\u00f3kmenntir", "vi\u00f0skipti"]}, {"abbreviation": "SV", "topics": ["m\u00e1lnotkun", "samf\u00e9lag", "vi\u00f0skipti"]}, {"abbreviation": "VI", "topics": ["m\u00e1lskilningur", "ritun", "vi\u00f0skiptaenska"]}, {"abbreviation": "EM", "topics": ["bresk menning", "b\u00f3kmenntir", "m\u00e1l"]}, {"abbreviation": "NV", "topics": ["v\u00edsindaenska"]}, {"abbreviation": "YL", "topics": ["Yndislestur"]}, {"abbreviation": "EH", "topics": ["Enska fyrir heilbrig\u00f0isgreinar"]}, {"abbreviation": "DK", "topics": ["ENSKA"]}, {"abbreviation": "DG", "topics": ["Enskar myndas\u00f6gur"]}, {"abbreviation": "DV", "topics": ["or\u00f0afor\u00f0i"]}, {"abbreviation": "DY", "topics": ["Yndislestur \u00ed ensku"]}, {"abbreviation": "EY", "topics": ["Yndislestur 2 \u00e1 ensku"]}, {"abbreviation": "HB", "topics": ["B\u00f3kmenntir og fr\u00e6\u00f0ilegir textar \u00ed hugv\u00edsindum"]}, {"abbreviation": "MK", "topics": ["b\u00f3kmenntir", "kvikmyndir", "menning", "m\u00e1lnotkun"]}, {"abbreviation": "VG", "topics": ["gagnr\u00fdnin hugsun", "or\u00f0afor\u00f0i v\u00edsinda", "ritun", "tj\u00e1ning"]}, {"abbreviation": "TT", "topics": ["m\u00e1lnotkun \u00ed t\u00e6knigreinum", "or\u00f0afor\u00f0i", "tala\u00f0 m\u00e1l"]}, {"abbreviation": "SS", "topics": ["Shakespeare", "kvikmyndir", "ritun", "sk\u00e1lds\u00f6gur"]}, {"abbreviation": "FV", "topics": ["Fagm\u00e1l", "b\u00f3kmenntir", "f\u00e9lagsv\u00edsindi", "ritun"]}], "_id": "50c0a02dd8e40575f7f6f488", "subjects": ["enska"], "counter": {"1": 21, "3": 24, "2": 32, "4": 1}}, "evaluation": "L\u00f6g\u00f0 er \u00e1hersla \u00e1 fj\u00f6lbreytt n\u00e1msmat me\u00f0 lei\u00f0s\u00f6gn. N\u00e1msmati\u00f0 er \u00ed h\u00f6ndum kennara vi\u00f0komandi \u00e1fanga en \u00fearf a\u00f0 fylgja \u00feeim reglum sem kve\u00f0i\u00f0 er \u00e1 um \u00ed sk\u00f3lan\u00e1mskr\u00e1 VMA.", "categorization_suggestion": "AV", "embedded_topics": {"abbreviation": "FV", "topics": ["Fagm\u00e1l", "b\u00f3kmenntir", "f\u00e9lagsv\u00edsindi", "ritun"]}, "status": "approved by school", "description": "\u00c1fanginn er \u00e6tla\u00f0ur nemendum \u00e1 f\u00e9lags- og hugv\u00edsindabraut. Meginmarkmi\u00f0 \u00e1fangans er a\u00f0 auka og au\u00f0ga or\u00f0afor\u00f0a, efla skilning \u00e1 grundvallarhugt\u00f6kum f\u00e9lags- og hugv\u00edsinda, \u00fej\u00e1lfa lestur faglegra texta og sk\u00e1ldverka sem fjalla\u00f0 er um \u00e1 fr\u00e6\u00f0ilegan h\u00e1tt, hagn\u00fdta s\u00e9rh\u00e6f\u00f0an or\u00f0afor\u00f0a t.d. me\u00f0 ritun \u00fatdr\u00e1tta, heimildaritger\u00f0a og kynninga. \nL\u00f6g\u00f0 er \u00e1hersla \u00e1 a\u00f0 nemendur vinni sj\u00e1lfst\u00e6tt og \u00ed h\u00f3pum me\u00f0 fj\u00f6lbreytt efni og margv\u00edsleg verkefni innan hugv\u00edsindanna.", "knowledge_goals": ["or\u00f0afor\u00f0a, m\u00e1lstofnum, or\u00f0myndun og \u00f6\u00f0ru sem gerir nemanda kleift a\u00f0 tileinka s\u00e9r lesefni sem tengist f\u00e9lags- og hugv\u00edsindum \u00ed \u00e1framhaldandi n\u00e1mi og starfi", "\u00f3l\u00edkum menningarheimum me\u00f0 \u00e1herslu \u00e1 v\u00ed\u00f0s\u00fdni, umbur\u00f0arlyndi og gagnr\u00fdna hugsun t.d. var\u00f0andi l\u00fd\u00f0r\u00e6\u00f0i, mannr\u00e9ttindi, tr\u00fa, kynhneig\u00f0, kyn\u00fe\u00e1tt og \u00fej\u00f3\u00f0erni", "\u00fev\u00ed sem einkennir tala\u00f0 og rita\u00f0 m\u00e1l \u00ed f\u00e9lags- og hugv\u00edsindum"], "skills_goals": ["skilja s\u00e9rh\u00e6f\u00f0a texta \u00e1 svi\u00f0i f\u00e9lags- og hugv\u00edsinda", "lesa s\u00e9r til gagns almenna og krefjandi texta og vinna me\u00f0 \u00fe\u00e1", "beita ritm\u00e1li \u00ed mismunandi tilgangi me\u00f0 st\u00edlbrig\u00f0um og m\u00e1lsni\u00f0i sem \u00e1 vi\u00f0, t.d. \u00fatdr\u00e6tti, heimildarritger\u00f0ir og kynningar", "hlusta \u00e1 og taka \u00fe\u00e1tt \u00ed fyrirlestrum, umr\u00e6\u00f0um og r\u00f6kr\u00e6\u00f0um um fr\u00e6\u00f0ileg efni \u00e1 svi\u00f0i f\u00e9lags- og hugv\u00edsinda \u00ed \u00feeim tilgangi a\u00f0 mi\u00f0la til annarra", "nota or\u00f0afor\u00f0a f\u00e9lags- og hugv\u00edsinda til a\u00f0 tj\u00e1 sig um margv\u00edsleg m\u00e1lefni"], "credits": 5, "last_modified": 1423823297.603511, "schools": ["512b49bc62933a682f00048a"], "coauthors": null, "instructions": "", "continued_education": false, "level": 3, "prerequisites": "10 einingar af 2. \u00ferepi", "author": "0bc9b589-2a42-4690-ac7e-ec65f804a0e6", "abbreviation_version": null, "competence_goals": [["n\u00fdta s\u00e9r texta, umr\u00e6\u00f0ur og r\u00f6kr\u00e6\u00f0ur um fr\u00e6\u00f0ileg m\u00e1lefni", ""], ["hagn\u00fdta s\u00e9r fr\u00e6\u00f0itexta og meta heimildir \u00e1 gagnr\u00fdninn h\u00e1tt", ""], ["geta flutt vel uppbygg\u00f0a fr\u00e1s\u00f6gn, kynningu e\u00f0a greinarger\u00f0, dregi\u00f0 fram a\u00f0alatri\u00f0i og r\u00f6kstutt m\u00e1l sitt nokku\u00f0 n\u00e1kv\u00e6mlega me\u00f0 d\u00e6mum og geta brug\u00f0ist vi\u00f0 spurningum", ""], ["nota rithef\u00f0ir sem eiga vi\u00f0 \u00ed textasm\u00ed\u00f0 hverju sinni", ""], ["r\u00f6ksty\u00f0ja m\u00e1l sitt \u00ed r\u00e6\u00f0u og riti", ""], ["geta \u00fatsk\u00fdrt fl\u00f3kna texta og n\u00fdtt faglegan or\u00f0afor\u00f0a \u00e1 lipran og sk\u00fdran h\u00e1tt \u00ed ritun og tali", ""], ["geta meti\u00f0 og afla\u00f0 heimilda eftir mismunandi lei\u00f0um s.s. af neti, b\u00f3kasafni og \u00f6\u00f0rum uppl\u00fdsingaveitum samkv\u00e6mt \u00feeim venjum sem gilda um heimildavinnu", ""]], "_id": "54ddd1c162933a7a340002bc"}, {"exemplary": null, "topics": "Shakespeare, kvikmyndir, ritun, sk\u00e1lds\u00f6gur", "abbreviation": "ENSK3SS05", "former_schools": null, "subject": "enska", "title": "Shakespeare og b\u00f3kmenntir", "version": 27, "status_trans": "Sam\u00feykkt af sk\u00f3la", "embedded_subject": {"abbreviation": "ENSK", "topics": [{"abbreviation": "GS", "topics": ["grunnatri\u00f0i", "samt\u00f6l"]}, {"abbreviation": "OO", "topics": ["or\u00f0ab\u00f3k", "or\u00f0afor\u00f0i"]}, {"abbreviation": "MM", "topics": ["myndas\u00f6gur", "myndb\u00f6nd"]}, {"abbreviation": "TL", "topics": ["lagatextar", "t\u00f3nlist"]}, {"abbreviation": "FR", "topics": ["ferilsverkefni", "ritunarverkefni"]}, {"abbreviation": "TS", "topics": ["myndm\u00e1l", "ritger\u00f0", "st\u00edlar", "textar"]}, {"abbreviation": "RH", "topics": ["hlustun", "m\u00e1lnotkun", "undirst\u00f6\u00f0uatri\u00f0i \u00ed ritun"]}, {"abbreviation": "SM", "topics": ["m\u00fas\u00edk og myndir 1950-70", "s\u00f6gur"]}, {"abbreviation": "BR", "topics": ["bretland"]}, {"abbreviation": "K\u00c1", "topics": ["kanada", "\u00e1stral\u00eda og n\u00fdja sj\u00e1land"]}, {"abbreviation": "SB", "topics": ["shakespeare og 19. \u00f6ldin \u00ed b\u00f3kmenntum"]}, {"abbreviation": "B\u00d3", "topics": ["b\u00f3kmenntir 20. aldar"]}, {"abbreviation": "KV", "topics": ["kvikmynda\u00e1fangi"]}, {"abbreviation": "AB", "topics": ["afr\u00edsk-amer\u00edskar b\u00f3kmenntir"]}, {"abbreviation": "U\u00c1", "topics": ["undirb\u00faningur", "\u00e1fangi"]}, {"abbreviation": "MT", "topics": ["m\u00e1lfr\u00e6\u00f0i", "tj\u00e1ning"]}, {"abbreviation": "MS", "topics": ["menning", "skapandi skrif"]}, {"abbreviation": "KR", "topics": ["kvikmyndir", "ritun"]}, {"abbreviation": "HR", "topics": ["heimildavinna", "ritger\u00f0ir"]}, {"abbreviation": "FF", "topics": ["fagm\u00e1l", "f\u00e9lagsv\u00edsinda"]}, {"abbreviation": "VE", "topics": ["enska", "vi\u00f0skipta"]}, {"abbreviation": "RE", "topics": ["enska", "raungreinar"]}, {"abbreviation": "BM", "topics": ["b\u00f3kmenntir", "m\u00e1lsaga"]}, {"abbreviation": "LB", "topics": ["b\u00f3kmenntir", "leik"]}, {"abbreviation": "UP", "topics": ["pr\u00f3f", "undirb\u00faningur"]}, {"abbreviation": "EN", "topics": ["enska fyrir fer\u00f0agreinar"]}, {"abbreviation": "FE", "topics": ["enska fyrir fer\u00f0a\u00fej\u00f3nustu"]}, {"abbreviation": "ST", "topics": ["evr\u00f3pski tungum\u00e1laramminn", "stig b1-b2"]}, {"abbreviation": "SE", "topics": ["evr\u00f3pski tungum\u00e1laramminn", "stig b2"]}, {"abbreviation": "ES", "topics": ["evr\u00f3pski tungum\u00e1laramminn", "stig b2-c1"]}, {"abbreviation": "EV", "topics": ["evr\u00f3pski tungum\u00e1laramminn", "stig c1"]}, {"abbreviation": "BF", "topics": ["b2", "evr\u00f3pski tungum\u00e1laramminn", "fer\u00f0a\u00fej\u00f3nuta"]}, {"abbreviation": "FH", "topics": ["evr\u00f3pski tungum\u00e1laramminn", "framhald", "stig c1"]}, {"abbreviation": "GR", "topics": ["grunn\u00e1fangi"]}, {"abbreviation": "FG", "topics": ["enska fyrir matv\u00e6lagreinar"]}, {"abbreviation": "LS", "topics": ["lestur", "m\u00e1lfr\u00e6\u00f0i", "or\u00f0afor\u00f0i", "skilningur"]}, {"abbreviation": "LT", "topics": ["lestur", "or\u00f0afor\u00f0i", "talm\u00e1l"]}, {"abbreviation": "BL", "topics": ["b\u00f3kmenntir", "lesskilningur", "ritun"]}, {"abbreviation": "BS", "topics": ["b\u00f3kmenntir", "menning", "saga"]}, {"abbreviation": "HA", "topics": ["hagn\u00fdtur or\u00f0afor\u00f0i. l\u00e6si \u00e1 fl\u00f3knari texta."]}, {"abbreviation": "OF", "topics": ["grunnor\u00f0afor\u00f0i fr\u00e6\u00f0a og v\u00edsinda.. menningarheimur nor\u00f0ur amer\u00edku"]}, {"abbreviation": "UN", "topics": ["undirb\u00fanings\u00e1fangi \u00ed ensku"]}, {"abbreviation": "LM", "topics": ["lestur og menning", "tj\u00e1ning"]}, {"abbreviation": "TM", "topics": ["menning", "tj\u00e1ning og skapandi skrif"]}, {"abbreviation": "MB", "topics": ["b\u00f3kmenntir", "menning og ritun"]}, {"abbreviation": "EX", "topics": ["extensive vocabulary and expression"]}, {"abbreviation": "ML", "topics": ["m\u00e1lnotkun og l\u00e6si"]}, {"abbreviation": "AA", "topics": ["akadem\u00edskur or\u00f0afor\u00f0i", "fj\u00f6lbreyttir textar", "fyrsti \u00e1fangi \u00ed ensku."]}, {"abbreviation": "YN", "topics": ["yndislestur"]}, {"abbreviation": "BB", "topics": ["akadem\u00edskur or\u00f0afor\u00f0i", "annar \u00e1fangi \u00ed ensku.", "fj\u00f6lbreyttir textar"]}, {"abbreviation": "FA", "topics": ["fagor\u00f0afor\u00f0i"]}, {"abbreviation": "AH", "topics": ["akadem\u00edskur or\u00f0afor\u00f0i", "fj\u00f6lbreyttir textar. hra\u00f0fer\u00f0 \u00ed ensku."]}, {"abbreviation": "BH", "topics": ["akadem\u00edskur or\u00f0afor\u00f0i", "fj\u00f6lbreyttir textar. \u00f6nnur hra\u00f0fer\u00f0 \u00ed ensku."]}, {"abbreviation": "EE", "topics": ["b\u00f3kmenntir", "fj\u00f6lmi\u00f0latextar."]}, {"abbreviation": "LR", "topics": ["lestur", "ritun", "tj\u00e1ning og hlustun"]}, {"abbreviation": "DD", "topics": ["b\u00f3kmenntir"]}, {"abbreviation": "M\u00c1", "topics": ["m\u00e1lfr\u00e6\u00f0i a"]}, {"abbreviation": "CC", "topics": ["b\u00f3kmenntir", "krefjandi or\u00f0afor\u00f0i", "ritun"]}, {"abbreviation": "CH", "topics": ["krefjandi or\u00f0afor\u00f0i"]}, {"abbreviation": "L\u00c9", "topics": ["l\u00e9ttlestur"]}, {"abbreviation": "OH", "topics": ["hlustun", "or\u00f0afor\u00f0i", "talm\u00e1l og ritun"]}, {"abbreviation": "LO", "topics": ["lesskilningur", "m\u00e1lfr\u00e6\u00f0i", "or\u00f0afor\u00f0i"]}, {"abbreviation": "MO", "topics": ["m\u00e1lfr\u00e6\u00f0i", "or\u00f0afor\u00f0i", "stig b1 \u00ed evr\u00f3pska tungum\u00e1larammanum"]}, {"abbreviation": "OB", "topics": ["b\u00f3kmenntir", "or\u00f0afor\u00f0i", "stig b2 \u00ed evr\u00f3pska tungum\u00e1larammanum"]}, {"abbreviation": "RB", "topics": ["b\u00f3kmenntir", "ritun"]}, {"abbreviation": "RL", "topics": ["lestur", "m\u00e1lfr\u00e6\u00f0i", "ritun og or\u00f0afor\u00f0i"]}, {"abbreviation": "SG", "topics": ["Lestur", "m\u00e1lfr\u00e6\u00f0i", "or\u00f0afor\u00f0i", "ritun", "tal"]}, {"abbreviation": "RM", "topics": ["Ritun", "b\u00f3kmenntir", "m\u00e1lnotkun"]}, {"abbreviation": "RO", "topics": ["Ritun", "b\u00f3kmenntir", "menning", "or\u00f0afor\u00f0i"]}, {"abbreviation": "SR", "topics": ["Menning", "akadem\u00edskur or\u00f0afor\u00f0i", "ritun", "saga"]}, {"abbreviation": "AE", "topics": ["Almenn akadem\u00edsk enska", "b\u00f3kmenntir", "ritun"]}, {"abbreviation": "SA", "topics": ["S\u00e9rh\u00e6f\u00f0 akadem\u00edsk enska", "b\u00f3kmenntir", "ritun"]}, {"abbreviation": "VR", "topics": ["V\u00edsindaor\u00f0afor\u00f0i", "raungreinar"]}, {"abbreviation": "VH", "topics": ["Vi\u00f0skipti", "erlend samskipti og vi\u00f0skiptah\u00e6ttir"]}, {"abbreviation": "AK", "topics": ["Kennsla", "a\u00f0sto\u00f0 vi\u00f0 nemendur", "ger\u00f0 kennsluefnis"]}, {"abbreviation": "DF", "topics": ["Kvikmyndir. Film Course."]}, {"abbreviation": "SK", "topics": ["enska fyrir fer\u00f0a\u00fej\u00f3nustu", "skapandi skrif"]}, {"abbreviation": "FT", "topics": ["lestur fr\u00e6\u00f0ilegra texta"]}, {"abbreviation": "VT", "topics": ["Lestur enskra vi\u00f0skiptatexta"]}, {"abbreviation": "RT", "topics": ["Lestur enskra raunv\u00edsindatexta"]}, {"abbreviation": "\u00cdT", "topics": ["Lestur \u00ed\u00fer\u00f3ttafr\u00e6\u00f0ilegra texta"]}, {"abbreviation": "TO", "topics": ["Tolkien"]}, {"abbreviation": "RI", "topics": ["Ritun"]}, {"abbreviation": "HL", "topics": ["Hlustun"]}, {"abbreviation": "UE", "topics": ["Undirb\u00fanings\u00e1fangi \u00ed ensku"]}, {"abbreviation": "UH", "topics": ["Undirb\u00faningur fyrir h\u00e1sk\u00f3lan\u00e1m"]}, {"abbreviation": "TJ", "topics": ["Tj\u00e1ning"]}, {"abbreviation": "OM", "topics": ["Or\u00f0afor\u00f0i", "m\u00e1lfr\u00e6\u00f0i", "m\u00e1lnotkun"]}, {"abbreviation": "TF", "topics": ["tj\u00e1ning og m\u00e1lnotkun"]}, {"abbreviation": "AM", "topics": ["Fr\u00e6\u00f0ilegur or\u00f0afor\u00f0i og Bandar\u00edkin"]}, {"abbreviation": "UK", "topics": ["Fr\u00e6\u00f0ilegur or\u00f0afor\u00f0i og Bretland"]}, {"abbreviation": "AC", "topics": ["Akadem\u00edskur or\u00f0afor\u00f0i og rauntextar"]}, {"abbreviation": "SL", "topics": ["Lestur", "menning og skrif"]}, {"abbreviation": "KK", "topics": ["Kvikmyndir og kynning"]}, {"abbreviation": "BA", "topics": ["L\u00fdsing: B\u00f3kmenntir 19. og 20.", "skrif og r\u00e6\u00f0uger\u00f0"]}, {"abbreviation": "OT", "topics": ["Or\u00f0afor\u00f0i", "ritun", "tj\u00e1ning"]}, {"abbreviation": "VM", "topics": ["V\u00edsindi og menning"]}, {"abbreviation": "BT", "topics": ["Bandar\u00edskt \u00fej\u00f3\u00f0f\u00e9lag og menning"]}, {"abbreviation": "MR", "topics": ["M\u00e1lfr\u00e6\u00f0i og ritun"]}, {"abbreviation": "LH", "topics": ["L\u00e6si \u00e1 fl\u00f3knari texta", "hagn\u00fdtur fj\u00f6lbreyttur or\u00f0afor\u00f0i"]}, {"abbreviation": "KB", "topics": ["Kvikmyndir", "b\u00f3kmenntir"]}, {"abbreviation": "OL", "topics": ["Lestur", "Menning", "M\u00e1lfr\u00e6\u00f0i", "Or\u00f0afor\u00f0i", "Ritun", "Tal"]}, {"abbreviation": "CL", "topics": ["Chic Literature and Women in Today\u2018s Society"]}, {"abbreviation": "CW", "topics": ["Creative Writing"]}, {"abbreviation": "OR", "topics": ["B\u00f3kmenntir (fj\u00f6lbreyttir textar)", "menning", "or\u00f0afor\u00f0i", "ranns\u00f3knir og ritun"]}, {"abbreviation": "OG", "topics": ["B\u00f3kmenntir", "lj\u00f3\u00f0agreining", "or\u00f0afor\u00f0i", "ritger\u00f0asm\u00ed\u00f0i og heimildavinna"]}, {"abbreviation": "BY", "topics": ["Lestur", "m\u00e1lfr\u00e6\u00f0i og m\u00e1lnotkun (byrjunar\u00e1fangi \u00ed ensku)", "ritun"]}, {"abbreviation": "DM", "topics": ["Enska Daglegt m\u00e1l"]}, {"abbreviation": "B\u00c1", "topics": ["b\u00f3kmenntir", "ritun", "tj\u00e1ning"]}, {"abbreviation": "HE", "topics": ["Hagn\u00fdt enska", "starfsbraut"]}, {"abbreviation": "RR", "topics": ["Enska \u00ed r\u00e6\u00f0u og riti"]}, {"abbreviation": "HO", "topics": ["Hagn\u00fdtur or\u00f0afor\u00f0i", "c1"]}, {"abbreviation": "FO", "topics": ["Fagor\u00f0afor\u00f0i og fer\u00f0am\u00e1l"]}, {"abbreviation": "EG", "topics": ["Enska 2 \u00e1 starfsbraut"]}, {"abbreviation": "SO", "topics": ["s\u00e9rh\u00e6f\u00f0ur or\u00f0afor\u00f0i"]}, {"abbreviation": "TR", "topics": ["Tj\u00e1ning", "or\u00f0afor\u00f0i", "ritun"]}, {"abbreviation": "\u00deS", "topics": ["\u00dej\u00f3nustust\u00f6rf"]}, {"abbreviation": "SF", "topics": ["Sagnfr\u00e6\u00f0i"]}, {"abbreviation": "T\u00d6", "topics": ["T\u00f6lvuleikir"]}, {"abbreviation": "JM", "topics": ["Fr\u00e1 hugmynd til \u00fatg\u00e1fu"]}, {"abbreviation": "MH", "topics": ["S\u00e9rh\u00e6f\u00f0 enska \u00ed myndlist og h\u00f6nnun"]}, {"abbreviation": "BO", "topics": ["B\u00f3kmenntir", "m\u00e1lfr\u00e6\u00f0i", "or\u00f0afor\u00f0i"]}, {"abbreviation": "VO", "topics": ["V\u00edsindatengdur or\u00f0afor\u00f0i"]}, {"abbreviation": "MV", "topics": ["M\u00e1lnotkun", "b\u00f3kmenntir", "vi\u00f0skipti"]}, {"abbreviation": "SV", "topics": ["m\u00e1lnotkun", "samf\u00e9lag", "vi\u00f0skipti"]}, {"abbreviation": "VI", "topics": ["m\u00e1lskilningur", "ritun", "vi\u00f0skiptaenska"]}, {"abbreviation": "EM", "topics": ["bresk menning", "b\u00f3kmenntir", "m\u00e1l"]}, {"abbreviation": "NV", "topics": ["v\u00edsindaenska"]}, {"abbreviation": "YL", "topics": ["Yndislestur"]}, {"abbreviation": "EH", "topics": ["Enska fyrir heilbrig\u00f0isgreinar"]}, {"abbreviation": "DK", "topics": ["ENSKA"]}, {"abbreviation": "DG", "topics": ["Enskar myndas\u00f6gur"]}, {"abbreviation": "DV", "topics": ["or\u00f0afor\u00f0i"]}, {"abbreviation": "DY", "topics": ["Yndislestur \u00ed ensku"]}, {"abbreviation": "EY", "topics": ["Yndislestur 2 \u00e1 ensku"]}, {"abbreviation": "HB", "topics": ["B\u00f3kmenntir og fr\u00e6\u00f0ilegir textar \u00ed hugv\u00edsindum"]}, {"abbreviation": "MK", "topics": ["b\u00f3kmenntir", "kvikmyndir", "menning", "m\u00e1lnotkun"]}, {"abbreviation": "VG", "topics": ["gagnr\u00fdnin hugsun", "or\u00f0afor\u00f0i v\u00edsinda", "ritun", "tj\u00e1ning"]}, {"abbreviation": "TT", "topics": ["m\u00e1lnotkun \u00ed t\u00e6knigreinum", "or\u00f0afor\u00f0i", "tala\u00f0 m\u00e1l"]}, {"abbreviation": "SS", "topics": ["Shakespeare", "kvikmyndir", "ritun", "sk\u00e1lds\u00f6gur"]}], "_id": "50c0a02dd8e40575f7f6f488", "subjects": ["enska"], "counter": {"1": 21, "3": 24, "2": 32, "4": 1}}, "evaluation": "L\u00f6g\u00f0 er \u00e1hersla \u00e1 fj\u00f6lbreytt n\u00e1msmat me\u00f0 lei\u00f0s\u00f6gn. N\u00e1msmati\u00f0 er \u00ed h\u00f6ndum kennara vi\u00f0komandi \u00e1fanga en \u00fearf a\u00f0 fylgja \u00feeim reglum sem kve\u00f0i\u00f0 er \u00e1 um \u00ed sk\u00f3lan\u00e1mskr\u00e1 VMA .", "categorization_suggestion": "AV", "embedded_topics": {"abbreviation": "SS", "topics": ["Shakespeare", "kvikmyndir", "ritun", "sk\u00e1lds\u00f6gur"]}, "status": "approved by school", "description": "Unni\u00f0 ver\u00f0ur \u00e1fram me\u00f0 \u00fe\u00e1 f\u00e6rni sem nemandinn hefur tileinka\u00f0 s\u00e9r og l\u00f6g\u00f0 \u00e1hersla \u00e1 alla f\u00e6rni\u00fe\u00e6tti \u00ed n\u00e1minu. Markvisst ver\u00f0ur unni\u00f0 me\u00f0 b\u00f3kmenntahugt\u00f6k me\u00f0 \u00fea\u00f0 fyrir augum a\u00f0 nemandinn geti tj\u00e1\u00f0 sig um b\u00f3kmenntir \u00e1 markvissan h\u00e1tt. Leikrit eftir William Shakespeare lesi\u00f0 og greint \u00e1samt sk\u00e1lds\u00f6gu fr\u00e1 19. e\u00f0a 20. \u00f6ld. Einnig ver\u00f0ur horft \u00e1 kvikmyndir bygg\u00f0ar \u00e1 vi\u00f0komandi b\u00f3kmenntaverkum. Samf\u00e9lagsmynd \u00feessara t\u00edmabila ver\u00f0ur sko\u00f0u\u00f0 \u00ed tengslum vi\u00f0 efni\u00f0. Mikil \u00e1hersla l\u00f6g\u00f0 \u00e1 enskt talm\u00e1l.", "knowledge_goals": ["enskri tungu og \u00fer\u00f3un hennar fr\u00e1 fyrri t\u00edmabilum", "\u00f3l\u00edkum vi\u00f0horfum og samf\u00e9lagsgildum fyrri alda og hvernig \u00feau hafa breyst \u00ed t\u00edmans r\u00e1s", "mismunandi stefnum og straumum \u00ed leikrita- og sk\u00e1ldsagnager\u00f0 fyrri t\u00edma", "helstu hugt\u00f6kum \u00ed b\u00f3kmenntafr\u00e6\u00f0i"], "skills_goals": ["lesa s\u00e9r til fr\u00e6\u00f0slu og \u00e1n\u00e6gju texta sem gera miklar kr\u00f6fur til lesandans, \u00fdmist hva\u00f0 var\u00f0ar or\u00f0afor\u00f0a og uppbyggingu e\u00f0a myndm\u00e1l og st\u00edlbr\u00f6g\u00f0 \u00ed klass\u00edskum b\u00f3kmenntaverkum", "greina s\u00f6gulegt, f\u00e9lagslegt, menningarlegt e\u00f0a p\u00f3lit\u00edskt samhengi \u00ed b\u00f3kmenntatextum", "leggja gagnr\u00fdni\u00f0 mat \u00e1 texta, listr\u00e6nt gildi hans og mismunandi st\u00edlbr\u00f6g\u00f0 h\u00f6funda", "n\u00fdta s\u00e9r fyrirlestra, umr\u00e6\u00f0ur og r\u00f6kr\u00e6\u00f0ur um efni menningarlegs e\u00f0lis", "\u00e1tta sig \u00e1 mismunandi m\u00e1lsni\u00f0i og st\u00edl \u00ed t\u00f6lu\u00f0u m\u00e1li og undirliggjandi merkingu, vi\u00f0horfum og tilgangi \u00feess sem talar"], "credits": 5, "last_modified": 1423822956.292443, "schools": ["512b49bc62933a682f00048a"], "coauthors": null, "instructions": "", "continued_education": false, "level": 3, "prerequisites": "10 einingar \u00e1 2. \u00ferepi", "author": "0bc9b589-2a42-4690-ac7e-ec65f804a0e6", "abbreviation_version": null, "competence_goals": [["beita m\u00e1linu af lipur\u00f0 og kunn\u00e1ttu til a\u00f0 geta teki\u00f0 fullan \u00fe\u00e1tt \u00ed umr\u00e6\u00f0um og r\u00f6kr\u00e6\u00f0um \u00fear sem fjalla\u00f0 er um pers\u00f3nuleg, menningarleg og f\u00e9lagsleg umfj\u00f6llunarefni \u00ed b\u00f3kmenntum,", ""], ["flytja vel uppbygg\u00f0a fr\u00e1s\u00f6gn, kynningu e\u00f0a greinarger\u00f0,", ""], ["draga fram a\u00f0alatri\u00f0i og r\u00f6ksty\u00f0ja m\u00e1l sitt nokku\u00f0 n\u00e1kv\u00e6mlega me\u00f0 d\u00e6mum og breg\u00f0ast vi\u00f0 fyrirspurnum", ""]], "_id": "54ddd06c62933a7a340002b3"}, {"exemplary": null, "topics": "m\u00e1lnotkun \u00ed t\u00e6knigreinum, or\u00f0afor\u00f0i, tala\u00f0 m\u00e1l", "abbreviation": "ENSK3TT05", "former_schools": null, "subject": "enska", "title": "T\u00e6knienska", "version": 29, "status_trans": "Sam\u00feykkt af sk\u00f3la", "embedded_subject": {"abbreviation": "ENSK", "topics": [{"abbreviation": "GS", "topics": ["grunnatri\u00f0i", "samt\u00f6l"]}, {"abbreviation": "OO", "topics": ["or\u00f0ab\u00f3k", "or\u00f0afor\u00f0i"]}, {"abbreviation": "MM", "topics": ["myndas\u00f6gur", "myndb\u00f6nd"]}, {"abbreviation": "TL", "topics": ["lagatextar", "t\u00f3nlist"]}, {"abbreviation": "FR", "topics": ["ferilsverkefni", "ritunarverkefni"]}, {"abbreviation": "TS", "topics": ["myndm\u00e1l", "ritger\u00f0", "st\u00edlar", "textar"]}, {"abbreviation": "RH", "topics": ["hlustun", "m\u00e1lnotkun", "undirst\u00f6\u00f0uatri\u00f0i \u00ed ritun"]}, {"abbreviation": "SM", "topics": ["m\u00fas\u00edk og myndir 1950-70", "s\u00f6gur"]}, {"abbreviation": "BR", "topics": ["bretland"]}, {"abbreviation": "K\u00c1", "topics": ["kanada", "\u00e1stral\u00eda og n\u00fdja sj\u00e1land"]}, {"abbreviation": "SB", "topics": ["shakespeare og 19. \u00f6ldin \u00ed b\u00f3kmenntum"]}, {"abbreviation": "B\u00d3", "topics": ["b\u00f3kmenntir 20. aldar"]}, {"abbreviation": "KV", "topics": ["kvikmynda\u00e1fangi"]}, {"abbreviation": "AB", "topics": ["afr\u00edsk-amer\u00edskar b\u00f3kmenntir"]}, {"abbreviation": "U\u00c1", "topics": ["undirb\u00faningur", "\u00e1fangi"]}, {"abbreviation": "MT", "topics": ["m\u00e1lfr\u00e6\u00f0i", "tj\u00e1ning"]}, {"abbreviation": "MS", "topics": ["menning", "skapandi skrif"]}, {"abbreviation": "KR", "topics": ["kvikmyndir", "ritun"]}, {"abbreviation": "HR", "topics": ["heimildavinna", "ritger\u00f0ir"]}, {"abbreviation": "FF", "topics": ["fagm\u00e1l", "f\u00e9lagsv\u00edsinda"]}, {"abbreviation": "VE", "topics": ["enska", "vi\u00f0skipta"]}, {"abbreviation": "RE", "topics": ["enska", "raungreinar"]}, {"abbreviation": "BM", "topics": ["b\u00f3kmenntir", "m\u00e1lsaga"]}, {"abbreviation": "LB", "topics": ["b\u00f3kmenntir", "leik"]}, {"abbreviation": "UP", "topics": ["pr\u00f3f", "undirb\u00faningur"]}, {"abbreviation": "EN", "topics": ["enska fyrir fer\u00f0agreinar"]}, {"abbreviation": "FE", "topics": ["enska fyrir fer\u00f0a\u00fej\u00f3nustu"]}, {"abbreviation": "ST", "topics": ["evr\u00f3pski tungum\u00e1laramminn", "stig b1-b2"]}, {"abbreviation": "SE", "topics": ["evr\u00f3pski tungum\u00e1laramminn", "stig b2"]}, {"abbreviation": "ES", "topics": ["evr\u00f3pski tungum\u00e1laramminn", "stig b2-c1"]}, {"abbreviation": "EV", "topics": ["evr\u00f3pski tungum\u00e1laramminn", "stig c1"]}, {"abbreviation": "BF", "topics": ["b2", "evr\u00f3pski tungum\u00e1laramminn", "fer\u00f0a\u00fej\u00f3nuta"]}, {"abbreviation": "FH", "topics": ["evr\u00f3pski tungum\u00e1laramminn", "framhald", "stig c1"]}, {"abbreviation": "GR", "topics": ["grunn\u00e1fangi"]}, {"abbreviation": "FG", "topics": ["enska fyrir matv\u00e6lagreinar"]}, {"abbreviation": "LS", "topics": ["lestur", "m\u00e1lfr\u00e6\u00f0i", "or\u00f0afor\u00f0i", "skilningur"]}, {"abbreviation": "LT", "topics": ["lestur", "or\u00f0afor\u00f0i", "talm\u00e1l"]}, {"abbreviation": "BL", "topics": ["b\u00f3kmenntir", "lesskilningur", "ritun"]}, {"abbreviation": "BS", "topics": ["b\u00f3kmenntir", "menning", "saga"]}, {"abbreviation": "HA", "topics": ["hagn\u00fdtur or\u00f0afor\u00f0i. l\u00e6si \u00e1 fl\u00f3knari texta."]}, {"abbreviation": "OF", "topics": ["grunnor\u00f0afor\u00f0i fr\u00e6\u00f0a og v\u00edsinda.. menningarheimur nor\u00f0ur amer\u00edku"]}, {"abbreviation": "UN", "topics": ["undirb\u00fanings\u00e1fangi \u00ed ensku"]}, {"abbreviation": "LM", "topics": ["lestur og menning", "tj\u00e1ning"]}, {"abbreviation": "TM", "topics": ["menning", "tj\u00e1ning og skapandi skrif"]}, {"abbreviation": "MB", "topics": ["b\u00f3kmenntir", "menning og ritun"]}, {"abbreviation": "EX", "topics": ["extensive vocabulary and expression"]}, {"abbreviation": "ML", "topics": ["m\u00e1lnotkun og l\u00e6si"]}, {"abbreviation": "AA", "topics": ["akadem\u00edskur or\u00f0afor\u00f0i", "fj\u00f6lbreyttir textar", "fyrsti \u00e1fangi \u00ed ensku."]}, {"abbreviation": "YN", "topics": ["yndislestur"]}, {"abbreviation": "BB", "topics": ["akadem\u00edskur or\u00f0afor\u00f0i", "annar \u00e1fangi \u00ed ensku.", "fj\u00f6lbreyttir textar"]}, {"abbreviation": "FA", "topics": ["fagor\u00f0afor\u00f0i"]}, {"abbreviation": "AH", "topics": ["akadem\u00edskur or\u00f0afor\u00f0i", "fj\u00f6lbreyttir textar. hra\u00f0fer\u00f0 \u00ed ensku."]}, {"abbreviation": "BH", "topics": ["akadem\u00edskur or\u00f0afor\u00f0i", "fj\u00f6lbreyttir textar. \u00f6nnur hra\u00f0fer\u00f0 \u00ed ensku."]}, {"abbreviation": "EE", "topics": ["b\u00f3kmenntir", "fj\u00f6lmi\u00f0latextar."]}, {"abbreviation": "LR", "topics": ["lestur", "ritun", "tj\u00e1ning og hlustun"]}, {"abbreviation": "DD", "topics": ["b\u00f3kmenntir"]}, {"abbreviation": "M\u00c1", "topics": ["m\u00e1lfr\u00e6\u00f0i a"]}, {"abbreviation": "CC", "topics": ["b\u00f3kmenntir", "krefjandi or\u00f0afor\u00f0i", "ritun"]}, {"abbreviation": "CH", "topics": ["krefjandi or\u00f0afor\u00f0i"]}, {"abbreviation": "L\u00c9", "topics": ["l\u00e9ttlestur"]}, {"abbreviation": "OH", "topics": ["hlustun", "or\u00f0afor\u00f0i", "talm\u00e1l og ritun"]}, {"abbreviation": "LO", "topics": ["lesskilningur", "m\u00e1lfr\u00e6\u00f0i", "or\u00f0afor\u00f0i"]}, {"abbreviation": "MO", "topics": ["m\u00e1lfr\u00e6\u00f0i", "or\u00f0afor\u00f0i", "stig b1 \u00ed evr\u00f3pska tungum\u00e1larammanum"]}, {"abbreviation": "OB", "topics": ["b\u00f3kmenntir", "or\u00f0afor\u00f0i", "stig b2 \u00ed evr\u00f3pska tungum\u00e1larammanum"]}, {"abbreviation": "RB", "topics": ["b\u00f3kmenntir", "ritun"]}, {"abbreviation": "RL", "topics": ["lestur", "m\u00e1lfr\u00e6\u00f0i", "ritun og or\u00f0afor\u00f0i"]}, {"abbreviation": "SG", "topics": ["Lestur", "m\u00e1lfr\u00e6\u00f0i", "or\u00f0afor\u00f0i", "ritun", "tal"]}, {"abbreviation": "RM", "topics": ["Ritun", "b\u00f3kmenntir", "m\u00e1lnotkun"]}, {"abbreviation": "RO", "topics": ["Ritun", "b\u00f3kmenntir", "menning", "or\u00f0afor\u00f0i"]}, {"abbreviation": "SR", "topics": ["Menning", "akadem\u00edskur or\u00f0afor\u00f0i", "ritun", "saga"]}, {"abbreviation": "AE", "topics": ["Almenn akadem\u00edsk enska", "b\u00f3kmenntir", "ritun"]}, {"abbreviation": "SA", "topics": ["S\u00e9rh\u00e6f\u00f0 akadem\u00edsk enska", "b\u00f3kmenntir", "ritun"]}, {"abbreviation": "VR", "topics": ["V\u00edsindaor\u00f0afor\u00f0i", "raungreinar"]}, {"abbreviation": "VH", "topics": ["Vi\u00f0skipti", "erlend samskipti og vi\u00f0skiptah\u00e6ttir"]}, {"abbreviation": "AK", "topics": ["Kennsla", "a\u00f0sto\u00f0 vi\u00f0 nemendur", "ger\u00f0 kennsluefnis"]}, {"abbreviation": "DF", "topics": ["Kvikmyndir. Film Course."]}, {"abbreviation": "SK", "topics": ["enska fyrir fer\u00f0a\u00fej\u00f3nustu", "skapandi skrif"]}, {"abbreviation": "FT", "topics": ["lestur fr\u00e6\u00f0ilegra texta"]}, {"abbreviation": "VT", "topics": ["Lestur enskra vi\u00f0skiptatexta"]}, {"abbreviation": "RT", "topics": ["Lestur enskra raunv\u00edsindatexta"]}, {"abbreviation": "\u00cdT", "topics": ["Lestur \u00ed\u00fer\u00f3ttafr\u00e6\u00f0ilegra texta"]}, {"abbreviation": "TO", "topics": ["Tolkien"]}, {"abbreviation": "RI", "topics": ["Ritun"]}, {"abbreviation": "HL", "topics": ["Hlustun"]}, {"abbreviation": "UE", "topics": ["Undirb\u00fanings\u00e1fangi \u00ed ensku"]}, {"abbreviation": "UH", "topics": ["Undirb\u00faningur fyrir h\u00e1sk\u00f3lan\u00e1m"]}, {"abbreviation": "TJ", "topics": ["Tj\u00e1ning"]}, {"abbreviation": "OM", "topics": ["Or\u00f0afor\u00f0i", "m\u00e1lfr\u00e6\u00f0i", "m\u00e1lnotkun"]}, {"abbreviation": "TF", "topics": ["tj\u00e1ning og m\u00e1lnotkun"]}, {"abbreviation": "AM", "topics": ["Fr\u00e6\u00f0ilegur or\u00f0afor\u00f0i og Bandar\u00edkin"]}, {"abbreviation": "UK", "topics": ["Fr\u00e6\u00f0ilegur or\u00f0afor\u00f0i og Bretland"]}, {"abbreviation": "AC", "topics": ["Akadem\u00edskur or\u00f0afor\u00f0i og rauntextar"]}, {"abbreviation": "SL", "topics": ["Lestur", "menning og skrif"]}, {"abbreviation": "KK", "topics": ["Kvikmyndir og kynning"]}, {"abbreviation": "BA", "topics": ["L\u00fdsing: B\u00f3kmenntir 19. og 20.", "skrif og r\u00e6\u00f0uger\u00f0"]}, {"abbreviation": "OT", "topics": ["Or\u00f0afor\u00f0i", "ritun", "tj\u00e1ning"]}, {"abbreviation": "VM", "topics": ["V\u00edsindi og menning"]}, {"abbreviation": "BT", "topics": ["Bandar\u00edskt \u00fej\u00f3\u00f0f\u00e9lag og menning"]}, {"abbreviation": "MR", "topics": ["M\u00e1lfr\u00e6\u00f0i og ritun"]}, {"abbreviation": "LH", "topics": ["L\u00e6si \u00e1 fl\u00f3knari texta", "hagn\u00fdtur fj\u00f6lbreyttur or\u00f0afor\u00f0i"]}, {"abbreviation": "KB", "topics": ["Kvikmyndir", "b\u00f3kmenntir"]}, {"abbreviation": "OL", "topics": ["Lestur", "Menning", "M\u00e1lfr\u00e6\u00f0i", "Or\u00f0afor\u00f0i", "Ritun", "Tal"]}, {"abbreviation": "CL", "topics": ["Chic Literature and Women in Today\u2018s Society"]}, {"abbreviation": "CW", "topics": ["Creative Writing"]}, {"abbreviation": "OR", "topics": ["B\u00f3kmenntir (fj\u00f6lbreyttir textar)", "menning", "or\u00f0afor\u00f0i", "ranns\u00f3knir og ritun"]}, {"abbreviation": "OG", "topics": ["B\u00f3kmenntir", "lj\u00f3\u00f0agreining", "or\u00f0afor\u00f0i", "ritger\u00f0asm\u00ed\u00f0i og heimildavinna"]}, {"abbreviation": "BY", "topics": ["Lestur", "m\u00e1lfr\u00e6\u00f0i og m\u00e1lnotkun (byrjunar\u00e1fangi \u00ed ensku)", "ritun"]}, {"abbreviation": "DM", "topics": ["Enska Daglegt m\u00e1l"]}, {"abbreviation": "B\u00c1", "topics": ["b\u00f3kmenntir", "ritun", "tj\u00e1ning"]}, {"abbreviation": "HE", "topics": ["Hagn\u00fdt enska", "starfsbraut"]}, {"abbreviation": "RR", "topics": ["Enska \u00ed r\u00e6\u00f0u og riti"]}, {"abbreviation": "HO", "topics": ["Hagn\u00fdtur or\u00f0afor\u00f0i", "c1"]}, {"abbreviation": "FO", "topics": ["Fagor\u00f0afor\u00f0i og fer\u00f0am\u00e1l"]}, {"abbreviation": "EG", "topics": ["Enska 2 \u00e1 starfsbraut"]}, {"abbreviation": "SO", "topics": ["s\u00e9rh\u00e6f\u00f0ur or\u00f0afor\u00f0i"]}, {"abbreviation": "TR", "topics": ["Tj\u00e1ning", "or\u00f0afor\u00f0i", "ritun"]}, {"abbreviation": "\u00deS", "topics": ["\u00dej\u00f3nustust\u00f6rf"]}, {"abbreviation": "SF", "topics": ["Sagnfr\u00e6\u00f0i"]}, {"abbreviation": "T\u00d6", "topics": ["T\u00f6lvuleikir"]}, {"abbreviation": "JM", "topics": ["Fr\u00e1 hugmynd til \u00fatg\u00e1fu"]}, {"abbreviation": "MH", "topics": ["S\u00e9rh\u00e6f\u00f0 enska \u00ed myndlist og h\u00f6nnun"]}, {"abbreviation": "BO", "topics": ["B\u00f3kmenntir", "m\u00e1lfr\u00e6\u00f0i", "or\u00f0afor\u00f0i"]}, {"abbreviation": "VO", "topics": ["V\u00edsindatengdur or\u00f0afor\u00f0i"]}, {"abbreviation": "MV", "topics": ["M\u00e1lnotkun", "b\u00f3kmenntir", "vi\u00f0skipti"]}, {"abbreviation": "SV", "topics": ["m\u00e1lnotkun", "samf\u00e9lag", "vi\u00f0skipti"]}, {"abbreviation": "VI", "topics": ["m\u00e1lskilningur", "ritun", "vi\u00f0skiptaenska"]}, {"abbreviation": "EM", "topics": ["bresk menning", "b\u00f3kmenntir", "m\u00e1l"]}, {"abbreviation": "NV", "topics": ["v\u00edsindaenska"]}, {"abbreviation": "YL", "topics": ["Yndislestur"]}, {"abbreviation": "EH", "topics": ["Enska fyrir heilbrig\u00f0isgreinar"]}, {"abbreviation": "DK", "topics": ["ENSKA"]}, {"abbreviation": "DG", "topics": ["Enskar myndas\u00f6gur"]}, {"abbreviation": "DV", "topics": ["or\u00f0afor\u00f0i"]}, {"abbreviation": "DY", "topics": ["Yndislestur \u00ed ensku"]}, {"abbreviation": "EY", "topics": ["Yndislestur 2 \u00e1 ensku"]}, {"abbreviation": "HB", "topics": ["B\u00f3kmenntir og fr\u00e6\u00f0ilegir textar \u00ed hugv\u00edsindum"]}, {"abbreviation": "MK", "topics": ["b\u00f3kmenntir", "kvikmyndir", "menning", "m\u00e1lnotkun"]}, {"abbreviation": "VG", "topics": ["gagnr\u00fdnin hugsun", "or\u00f0afor\u00f0i v\u00edsinda", "ritun", "tj\u00e1ning"]}, {"abbreviation": "TT", "topics": ["m\u00e1lnotkun \u00ed t\u00e6knigreinum", "or\u00f0afor\u00f0i", "tala\u00f0 m\u00e1l"]}], "_id": "50c0a02dd8e40575f7f6f488", "subjects": ["enska"], "counter": {"1": 21, "3": 24, "2": 32, "4": 1}}, "evaluation": "L\u00f6g\u00f0 er \u00e1hersla \u00e1 fj\u00f6lbreytt n\u00e1msmat me\u00f0 lei\u00f0s\u00f6gn. N\u00e1msmati\u00f0 er \u00ed h\u00f6ndum kennara vi\u00f0komandi \u00e1fanga en \u00fearf a\u00f0 fylgja \u00feeim reglum sem kve\u00f0i\u00f0 er \u00e1 um \u00ed sk\u00f3lan\u00e1mskr\u00e1 VMA.", "categorization_suggestion": "AV", "embedded_topics": {"abbreviation": "TT", "topics": ["m\u00e1lnotkun \u00ed t\u00e6knigreinum", "or\u00f0afor\u00f0i", "tala\u00f0 m\u00e1l"]}, "status": "approved by school", "description": "N\u00e1mi\u00f0 mi\u00f0ar a\u00f0 \u00fev\u00ed a\u00f0 nemendur auki f\u00e6rni s\u00edna \u00ed enskri tungu og b\u00e6ti b\u00e6\u00f0i t\u00e6knior\u00f0afor\u00f0a og almennan or\u00f0afor\u00f0a svo og m\u00e1lskilning. Nemendur eru \u00fej\u00e1lfa\u00f0ir \u00ed ritun me\u00f0 \u00fdmsum verkefnum sem tengjast t\u00e6kni og framlei\u00f0sluferli. Einnig eru nemendur \u00fej\u00e1lfa\u00f0ir \u00ed t\u00f6lu\u00f0u m\u00e1li, b\u00e6\u00f0i me\u00f0 umr\u00e6\u00f0um og formlegum fyrirlestrum.", "knowledge_goals": ["enskum or\u00f0afor\u00f0a og hugt\u00f6kum sem tengjast t\u00e6kni og framlei\u00f0sluferlum", "or\u00f0afor\u00f0a sem gerir honum kleift a\u00f0 tileinka s\u00e9r me\u00f0 g\u00f3\u00f0u m\u00f3ti lesefni \u00ed \u00e1framhaldandi n\u00e1mi e\u00f0a starfi", "si\u00f0fr\u00e6\u00f0i t\u00e6knigreina, til d\u00e6mis umhverfism\u00e1lum og samf\u00e9lagslegri \u00e1byrg\u00f0", "mismunandi m\u00e1lsni\u00f0i enskrar tungu"], "skills_goals": ["lesa s\u00e9r til gagns fr\u00e6\u00f0ilegar greinar um efni tengd t\u00e6kni og framlei\u00f0slu", "skilja tala\u00f0 m\u00e1l sem fjallar um t\u00e6kni, til d\u00e6mis fyrirlestra", "a\u00f0 taka virkan \u00fe\u00e1tt \u00ed samr\u00e6\u00f0um um t\u00e6knileg m\u00e1lefni", "tj\u00e1 sig munnlega, b\u00e6\u00f0i formlega og \u00f3formlega, um efni sem tengjast t\u00e6kni og framlei\u00f0slu sem hann hefur kynnt s\u00e9r og undirb\u00fai\u00f0", "skrifa \u00fdmiss konar texta sem tengist t\u00e6kni, me\u00f0al annars \u00fatdr\u00e6tti, sk\u00fdrslur og ranns\u00f3knarritger\u00f0ir", "beita m\u00e1linu \u00ed mismunandi tilgangi, fr\u00e6\u00f0ilegum og pers\u00f3nulegum, me\u00f0 st\u00edlbrig\u00f0um og m\u00e1lsni\u00f0i sem vi\u00f0 \u00e1 og m\u00e6tir h\u00e6fnivi\u00f0mi\u00f0um \u00ferepsins", "\u00fe\u00fd\u00f0a texta sem fjalla um t\u00e6knileg efni", "skrifa \u00fatdr\u00e6tti \u00far t\u00e6knigreinum"], "credits": 5, "last_modified": 1423822383.437773, "schools": ["512b49bc62933a682f00048a"], "coauthors": null, "instructions": "", "continued_education": false, "level": 3, "prerequisites": "10 einingar \u00e1 2. \u00ferepi", "author": "0bc9b589-2a42-4690-ac7e-ec65f804a0e6", "abbreviation_version": null, "competence_goals": [["skilja \u00e1n vandkv\u00e6\u00f0a megininntak erinda og r\u00f6kr\u00e6\u00f0na sem fjalla um t\u00e6knileg efni", ""], ["tileinka s\u00e9r efni rita\u00f0s texta sem tengist t\u00e6kni og n\u00fdta \u00e1 mismunandi h\u00e1tt", ""], ["taka \u00fe\u00e1tt \u00ed umr\u00e6\u00f0um og f\u00e6ra r\u00f6k fyrir m\u00e1li s\u00ednu um t\u00e6knileg m\u00e1lefni", ""], ["tj\u00e1 sig \u00e1 sk\u00fdran og \u00e1heyrilegan h\u00e1tt um m\u00e1lefni sem tengjast t\u00e6kni og framlei\u00f0sluferlum", ""], ["skrifa texta um efni sem tengist t\u00e6kni og fylgja \u00feeim ritunarhef\u00f0um sem eiga vi\u00f0", ""], ["n\u00fdta s\u00e9r uppl\u00fdsingat\u00e6kni til fr\u00f3\u00f0leiks og ranns\u00f3kna", ""], ["geta lagt gagnr\u00fdni\u00f0 mat \u00e1 texta", ""], ["n\u00fdta s\u00e9r fr\u00e6\u00f0itexta og meta gildi heimilda", ""]], "_id": "54ddce2f62933a7a340002a1"}, {"exemplary": null, "topics": "fagm\u00e1l, hagfr\u00e6\u00f0i, verslun, vi\u00f0skipti", "abbreviation": "ENSK3VV05", "former_schools": null, "subject": "enska", "title": "Vi\u00f0skiptaenska", "version": 31, "status_trans": "Sam\u00feykkt af sk\u00f3la", "embedded_subject": {"abbreviation": "ENSK", "topics": [{"abbreviation": "GS", "topics": ["grunnatri\u00f0i", "samt\u00f6l"]}, {"abbreviation": "OO", "topics": ["or\u00f0ab\u00f3k", "or\u00f0afor\u00f0i"]}, {"abbreviation": "MM", "topics": ["myndas\u00f6gur", "myndb\u00f6nd"]}, {"abbreviation": "TL", "topics": ["lagatextar", "t\u00f3nlist"]}, {"abbreviation": "FR", "topics": ["ferilsverkefni", "ritunarverkefni"]}, {"abbreviation": "TS", "topics": ["myndm\u00e1l", "ritger\u00f0", "st\u00edlar", "textar"]}, {"abbreviation": "RH", "topics": ["hlustun", "m\u00e1lnotkun", "undirst\u00f6\u00f0uatri\u00f0i \u00ed ritun"]}, {"abbreviation": "SM", "topics": ["m\u00fas\u00edk og myndir 1950-70", "s\u00f6gur"]}, {"abbreviation": "BR", "topics": ["bretland"]}, {"abbreviation": "K\u00c1", "topics": ["kanada", "\u00e1stral\u00eda og n\u00fdja sj\u00e1land"]}, {"abbreviation": "SB", "topics": ["shakespeare og 19. \u00f6ldin \u00ed b\u00f3kmenntum"]}, {"abbreviation": "B\u00d3", "topics": ["b\u00f3kmenntir 20. aldar"]}, {"abbreviation": "KV", "topics": ["kvikmynda\u00e1fangi"]}, {"abbreviation": "AB", "topics": ["afr\u00edsk-amer\u00edskar b\u00f3kmenntir"]}, {"abbreviation": "U\u00c1", "topics": ["undirb\u00faningur", "\u00e1fangi"]}, {"abbreviation": "MT", "topics": ["m\u00e1lfr\u00e6\u00f0i", "tj\u00e1ning"]}, {"abbreviation": "MS", "topics": ["menning", "skapandi skrif"]}, {"abbreviation": "KR", "topics": ["kvikmyndir", "ritun"]}, {"abbreviation": "HR", "topics": ["heimildavinna", "ritger\u00f0ir"]}, {"abbreviation": "FF", "topics": ["fagm\u00e1l", "f\u00e9lagsv\u00edsinda"]}, {"abbreviation": "VE", "topics": ["enska", "vi\u00f0skipta"]}, {"abbreviation": "RE", "topics": ["enska", "raungreinar"]}, {"abbreviation": "BM", "topics": ["b\u00f3kmenntir", "m\u00e1lsaga"]}, {"abbreviation": "LB", "topics": ["b\u00f3kmenntir", "leik"]}, {"abbreviation": "UP", "topics": ["pr\u00f3f", "undirb\u00faningur"]}, {"abbreviation": "EN", "topics": ["enska fyrir fer\u00f0agreinar"]}, {"abbreviation": "FE", "topics": ["enska fyrir fer\u00f0a\u00fej\u00f3nustu"]}, {"abbreviation": "ST", "topics": ["evr\u00f3pski tungum\u00e1laramminn", "stig b1-b2"]}, {"abbreviation": "SE", "topics": ["evr\u00f3pski tungum\u00e1laramminn", "stig b2"]}, {"abbreviation": "ES", "topics": ["evr\u00f3pski tungum\u00e1laramminn", "stig b2-c1"]}, {"abbreviation": "EV", "topics": ["evr\u00f3pski tungum\u00e1laramminn", "stig c1"]}, {"abbreviation": "BF", "topics": ["b2", "evr\u00f3pski tungum\u00e1laramminn", "fer\u00f0a\u00fej\u00f3nuta"]}, {"abbreviation": "FH", "topics": ["evr\u00f3pski tungum\u00e1laramminn", "framhald", "stig c1"]}, {"abbreviation": "GR", "topics": ["grunn\u00e1fangi"]}, {"abbreviation": "FG", "topics": ["enska fyrir matv\u00e6lagreinar"]}, {"abbreviation": "LS", "topics": ["lestur", "m\u00e1lfr\u00e6\u00f0i", "or\u00f0afor\u00f0i", "skilningur"]}, {"abbreviation": "LT", "topics": ["lestur", "or\u00f0afor\u00f0i", "talm\u00e1l"]}, {"abbreviation": "BL", "topics": ["b\u00f3kmenntir", "lesskilningur", "ritun"]}, {"abbreviation": "BS", "topics": ["b\u00f3kmenntir", "menning", "saga"]}, {"abbreviation": "HA", "topics": ["hagn\u00fdtur or\u00f0afor\u00f0i. l\u00e6si \u00e1 fl\u00f3knari texta."]}, {"abbreviation": "OF", "topics": ["grunnor\u00f0afor\u00f0i fr\u00e6\u00f0a og v\u00edsinda.. menningarheimur nor\u00f0ur amer\u00edku"]}, {"abbreviation": "UN", "topics": ["undirb\u00fanings\u00e1fangi \u00ed ensku"]}, {"abbreviation": "LM", "topics": ["lestur og menning", "tj\u00e1ning"]}, {"abbreviation": "TM", "topics": ["menning", "tj\u00e1ning og skapandi skrif"]}, {"abbreviation": "MB", "topics": ["b\u00f3kmenntir", "menning og ritun"]}, {"abbreviation": "EX", "topics": ["extensive vocabulary and expression"]}, {"abbreviation": "ML", "topics": ["m\u00e1lnotkun og l\u00e6si"]}, {"abbreviation": "AA", "topics": ["akadem\u00edskur or\u00f0afor\u00f0i", "fj\u00f6lbreyttir textar", "fyrsti \u00e1fangi \u00ed ensku."]}, {"abbreviation": "YN", "topics": ["yndislestur"]}, {"abbreviation": "BB", "topics": ["akadem\u00edskur or\u00f0afor\u00f0i", "annar \u00e1fangi \u00ed ensku.", "fj\u00f6lbreyttir textar"]}, {"abbreviation": "FA", "topics": ["fagor\u00f0afor\u00f0i"]}, {"abbreviation": "AH", "topics": ["akadem\u00edskur or\u00f0afor\u00f0i", "fj\u00f6lbreyttir textar. hra\u00f0fer\u00f0 \u00ed ensku."]}, {"abbreviation": "BH", "topics": ["akadem\u00edskur or\u00f0afor\u00f0i", "fj\u00f6lbreyttir textar. \u00f6nnur hra\u00f0fer\u00f0 \u00ed ensku."]}, {"abbreviation": "EE", "topics": ["b\u00f3kmenntir", "fj\u00f6lmi\u00f0latextar."]}, {"abbreviation": "LR", "topics": ["lestur", "ritun", "tj\u00e1ning og hlustun"]}, {"abbreviation": "DD", "topics": ["b\u00f3kmenntir"]}, {"abbreviation": "M\u00c1", "topics": ["m\u00e1lfr\u00e6\u00f0i a"]}, {"abbreviation": "CC", "topics": ["b\u00f3kmenntir", "krefjandi or\u00f0afor\u00f0i", "ritun"]}, {"abbreviation": "CH", "topics": ["krefjandi or\u00f0afor\u00f0i"]}, {"abbreviation": "L\u00c9", "topics": ["l\u00e9ttlestur"]}, {"abbreviation": "OH", "topics": ["hlustun", "or\u00f0afor\u00f0i", "talm\u00e1l og ritun"]}, {"abbreviation": "LO", "topics": ["lesskilningur", "m\u00e1lfr\u00e6\u00f0i", "or\u00f0afor\u00f0i"]}, {"abbreviation": "MO", "topics": ["m\u00e1lfr\u00e6\u00f0i", "or\u00f0afor\u00f0i", "stig b1 \u00ed evr\u00f3pska tungum\u00e1larammanum"]}, {"abbreviation": "OB", "topics": ["b\u00f3kmenntir", "or\u00f0afor\u00f0i", "stig b2 \u00ed evr\u00f3pska tungum\u00e1larammanum"]}, {"abbreviation": "RB", "topics": ["b\u00f3kmenntir", "ritun"]}, {"abbreviation": "RL", "topics": ["lestur", "m\u00e1lfr\u00e6\u00f0i", "ritun og or\u00f0afor\u00f0i"]}, {"abbreviation": "SG", "topics": ["Lestur", "m\u00e1lfr\u00e6\u00f0i", "or\u00f0afor\u00f0i", "ritun", "tal"]}, {"abbreviation": "RM", "topics": ["Ritun", "b\u00f3kmenntir", "m\u00e1lnotkun"]}, {"abbreviation": "RO", "topics": ["Ritun", "b\u00f3kmenntir", "menning", "or\u00f0afor\u00f0i"]}, {"abbreviation": "SR", "topics": ["Menning", "akadem\u00edskur or\u00f0afor\u00f0i", "ritun", "saga"]}, {"abbreviation": "AE", "topics": ["Almenn akadem\u00edsk enska", "b\u00f3kmenntir", "ritun"]}, {"abbreviation": "SA", "topics": ["S\u00e9rh\u00e6f\u00f0 akadem\u00edsk enska", "b\u00f3kmenntir", "ritun"]}, {"abbreviation": "VR", "topics": ["V\u00edsindaor\u00f0afor\u00f0i", "raungreinar"]}, {"abbreviation": "VH", "topics": ["Vi\u00f0skipti", "erlend samskipti og vi\u00f0skiptah\u00e6ttir"]}, {"abbreviation": "AK", "topics": ["Kennsla", "a\u00f0sto\u00f0 vi\u00f0 nemendur", "ger\u00f0 kennsluefnis"]}, {"abbreviation": "DF", "topics": ["Kvikmyndir. Film Course."]}, {"abbreviation": "SK", "topics": ["enska fyrir fer\u00f0a\u00fej\u00f3nustu", "skapandi skrif"]}, {"abbreviation": "FT", "topics": ["lestur fr\u00e6\u00f0ilegra texta"]}, {"abbreviation": "VT", "topics": ["Lestur enskra vi\u00f0skiptatexta"]}, {"abbreviation": "RT", "topics": ["Lestur enskra raunv\u00edsindatexta"]}, {"abbreviation": "\u00cdT", "topics": ["Lestur \u00ed\u00fer\u00f3ttafr\u00e6\u00f0ilegra texta"]}, {"abbreviation": "TO", "topics": ["Tolkien"]}, {"abbreviation": "RI", "topics": ["Ritun"]}, {"abbreviation": "HL", "topics": ["Hlustun"]}, {"abbreviation": "UE", "topics": ["Undirb\u00fanings\u00e1fangi \u00ed ensku"]}, {"abbreviation": "UH", "topics": ["Undirb\u00faningur fyrir h\u00e1sk\u00f3lan\u00e1m"]}, {"abbreviation": "TJ", "topics": ["Tj\u00e1ning"]}, {"abbreviation": "OM", "topics": ["Or\u00f0afor\u00f0i", "m\u00e1lfr\u00e6\u00f0i", "m\u00e1lnotkun"]}, {"abbreviation": "TF", "topics": ["tj\u00e1ning og m\u00e1lnotkun"]}, {"abbreviation": "AM", "topics": ["Fr\u00e6\u00f0ilegur or\u00f0afor\u00f0i og Bandar\u00edkin"]}, {"abbreviation": "UK", "topics": ["Fr\u00e6\u00f0ilegur or\u00f0afor\u00f0i og Bretland"]}, {"abbreviation": "AC", "topics": ["Akadem\u00edskur or\u00f0afor\u00f0i og rauntextar"]}, {"abbreviation": "SL", "topics": ["Lestur", "menning og skrif"]}, {"abbreviation": "KK", "topics": ["Kvikmyndir og kynning"]}, {"abbreviation": "BA", "topics": ["L\u00fdsing: B\u00f3kmenntir 19. og 20.", "skrif og r\u00e6\u00f0uger\u00f0"]}, {"abbreviation": "OT", "topics": ["Or\u00f0afor\u00f0i", "ritun", "tj\u00e1ning"]}, {"abbreviation": "VM", "topics": ["V\u00edsindi og menning"]}, {"abbreviation": "BT", "topics": ["Bandar\u00edskt \u00fej\u00f3\u00f0f\u00e9lag og menning"]}, {"abbreviation": "MR", "topics": ["M\u00e1lfr\u00e6\u00f0i og ritun"]}, {"abbreviation": "LH", "topics": ["L\u00e6si \u00e1 fl\u00f3knari texta", "hagn\u00fdtur fj\u00f6lbreyttur or\u00f0afor\u00f0i"]}, {"abbreviation": "KB", "topics": ["Kvikmyndir", "b\u00f3kmenntir"]}, {"abbreviation": "OL", "topics": ["Lestur", "Menning", "M\u00e1lfr\u00e6\u00f0i", "Or\u00f0afor\u00f0i", "Ritun", "Tal"]}, {"abbreviation": "CL", "topics": ["Chic Literature and Women in Today\u2018s Society"]}, {"abbreviation": "CW", "topics": ["Creative Writing"]}, {"abbreviation": "OR", "topics": ["B\u00f3kmenntir (fj\u00f6lbreyttir textar)", "menning", "or\u00f0afor\u00f0i", "ranns\u00f3knir og ritun"]}, {"abbreviation": "OG", "topics": ["B\u00f3kmenntir", "lj\u00f3\u00f0agreining", "or\u00f0afor\u00f0i", "ritger\u00f0asm\u00ed\u00f0i og heimildavinna"]}, {"abbreviation": "BY", "topics": ["Lestur", "m\u00e1lfr\u00e6\u00f0i og m\u00e1lnotkun (byrjunar\u00e1fangi \u00ed ensku)", "ritun"]}, {"abbreviation": "DM", "topics": ["Enska Daglegt m\u00e1l"]}, {"abbreviation": "B\u00c1", "topics": ["b\u00f3kmenntir", "ritun", "tj\u00e1ning"]}, {"abbreviation": "HE", "topics": ["Hagn\u00fdt enska", "starfsbraut"]}, {"abbreviation": "RR", "topics": ["Enska \u00ed r\u00e6\u00f0u og riti"]}, {"abbreviation": "HO", "topics": ["Hagn\u00fdtur or\u00f0afor\u00f0i", "c1"]}, {"abbreviation": "FO", "topics": ["Fagor\u00f0afor\u00f0i og fer\u00f0am\u00e1l"]}, {"abbreviation": "EG", "topics": ["Enska 2 \u00e1 starfsbraut"]}, {"abbreviation": "SO", "topics": ["s\u00e9rh\u00e6f\u00f0ur or\u00f0afor\u00f0i"]}, {"abbreviation": "TR", "topics": ["Tj\u00e1ning", "or\u00f0afor\u00f0i", "ritun"]}, {"abbreviation": "\u00deS", "topics": ["\u00dej\u00f3nustust\u00f6rf"]}, {"abbreviation": "SF", "topics": ["Sagnfr\u00e6\u00f0i"]}, {"abbreviation": "T\u00d6", "topics": ["T\u00f6lvuleikir"]}, {"abbreviation": "JM", "topics": ["Fr\u00e1 hugmynd til \u00fatg\u00e1fu"]}, {"abbreviation": "MH", "topics": ["S\u00e9rh\u00e6f\u00f0 enska \u00ed myndlist og h\u00f6nnun"]}, {"abbreviation": "BO", "topics": ["B\u00f3kmenntir", "m\u00e1lfr\u00e6\u00f0i", "or\u00f0afor\u00f0i"]}, {"abbreviation": "VO", "topics": ["V\u00edsindatengdur or\u00f0afor\u00f0i"]}, {"abbreviation": "MV", "topics": ["M\u00e1lnotkun", "b\u00f3kmenntir", "vi\u00f0skipti"]}, {"abbreviation": "SV", "topics": ["m\u00e1lnotkun", "samf\u00e9lag", "vi\u00f0skipti"]}, {"abbreviation": "VI", "topics": ["m\u00e1lskilningur", "ritun", "vi\u00f0skiptaenska"]}, {"abbreviation": "EM", "topics": ["bresk menning", "b\u00f3kmenntir", "m\u00e1l"]}, {"abbreviation": "NV", "topics": ["v\u00edsindaenska"]}, {"abbreviation": "YL", "topics": ["Yndislestur"]}, {"abbreviation": "EH", "topics": ["Enska fyrir heilbrig\u00f0isgreinar"]}, {"abbreviation": "DK", "topics": ["ENSKA"]}, {"abbreviation": "DG", "topics": ["Enskar myndas\u00f6gur"]}, {"abbreviation": "DV", "topics": ["or\u00f0afor\u00f0i"]}, {"abbreviation": "DY", "topics": ["Yndislestur \u00ed ensku"]}, {"abbreviation": "EY", "topics": ["Yndislestur 2 \u00e1 ensku"]}, {"abbreviation": "HB", "topics": ["B\u00f3kmenntir og fr\u00e6\u00f0ilegir textar \u00ed hugv\u00edsindum"]}, {"abbreviation": "MK", "topics": ["b\u00f3kmenntir", "kvikmyndir", "menning", "m\u00e1lnotkun"]}, {"abbreviation": "VG", "topics": ["gagnr\u00fdnin hugsun", "or\u00f0afor\u00f0i v\u00edsinda", "ritun", "tj\u00e1ning"]}, {"abbreviation": "TT", "topics": ["m\u00e1lnotkun \u00ed t\u00e6knigreinum", "or\u00f0afor\u00f0i", "tala\u00f0 m\u00e1l"]}, {"abbreviation": "SS", "topics": ["Shakespeare", "kvikmyndir", "ritun", "sk\u00e1lds\u00f6gur"]}, {"abbreviation": "FV", "topics": ["Fagm\u00e1l", "b\u00f3kmenntir", "f\u00e9lagsv\u00edsindi", "ritun"]}, {"abbreviation": "VV", "topics": ["fagm\u00e1l", "hagfr\u00e6\u00f0i", "verslun", "vi\u00f0skipti"]}], "_id": "50c0a02dd8e40575f7f6f488", "subjects": ["enska"], "counter": {"1": 21, "3": 24, "2": 32, "4": 1}}, "evaluation": "L\u00f6g\u00f0 er \u00e1hersla \u00e1 fj\u00f6lbreytt n\u00e1msmat me\u00f0 lei\u00f0s\u00f6gn. N\u00e1msmati\u00f0 er \u00ed h\u00f6ndum kennara vi\u00f0komandi \u00e1fanga en \u00fearf a\u00f0 fylgja \u00feeim reglum sem kve\u00f0i\u00f0 er \u00e1 um \u00ed sk\u00f3lan\u00e1mskr\u00e1 VMA.", "categorization_suggestion": "AV", "embedded_topics": {"abbreviation": "VV", "topics": ["fagm\u00e1l", "hagfr\u00e6\u00f0i", "verslun", "vi\u00f0skipti"]}, "status": "approved by school", "description": "\u00c1fanginn er \u00e6tla\u00f0ur nemendum \u00e1 vi\u00f0skipta- og hagfr\u00e6\u00f0ibraut. Meginmarkmi\u00f0 \u00e1fangans er a\u00f0 auka og au\u00f0ga or\u00f0afor\u00f0a, efla skilning \u00e1 grundvallarhugt\u00f6kum vi\u00f0skipta og hagfr\u00e6\u00f0i. \u00dej\u00e1lfa lestur faglegra texta \u00e1 vi\u00f0skiptasvi\u00f0i. Hagn\u00fdta s\u00e9rh\u00e6f\u00f0an or\u00f0afor\u00f0a, til d\u00e6mis vi\u00f0 ritun vi\u00f0skiptabr\u00e9fa, sk\u00fdrslna og t\u00f6lvup\u00f3sta og \u00ed munnlegum kynningum. L\u00f6g\u00f0 er \u00e1hersla \u00e1 a\u00f0 nemendur vinni sj\u00e1lfst\u00e6tt og \u00ed h\u00f3pum me\u00f0 fj\u00f6lbreytt efni og hafi val um margv\u00edsleg verkefni. ", "knowledge_goals": ["or\u00f0afor\u00f0a, or\u00f0stofnum, or\u00f0myndun og \u00f6\u00f0ru sem gerir nemanda kleift a\u00f0 tileinka s\u00e9r lesefni sem tengist vi\u00f0skiptagreinum \u00ed \u00e1framhaldandi n\u00e1mi og starfi", "\u00fev\u00ed sem einkennir tala\u00f0 og rita\u00f0 m\u00e1l \u00ed vi\u00f0skiptagreinum", "vi\u00f0skiptamenningu \u00f3l\u00edkra \u00fej\u00f3\u00f0a"], "skills_goals": ["skilja s\u00e9rh\u00e6f\u00f0a texta \u00e1 svi\u00f0i vi\u00f0skiptagreina", "lesa s\u00e9r til gagns almenna og krefjandi texta og vinna me\u00f0 \u00fe\u00e1", "beita ritm\u00e1li \u00ed mismunandi tilgangi me\u00f0 st\u00edlbrig\u00f0um og m\u00e1lsni\u00f0i sem \u00e1 vi\u00f0, t.d. \u00fatdr\u00e6tti og kynningar", "hlusta \u00e1 og taka \u00fe\u00e1tt \u00ed fyrirlestrum, umr\u00e6\u00f0um og r\u00f6kr\u00e6\u00f0um um fr\u00e6\u00f0ileg efni \u00e1 svi\u00f0i vi\u00f0skiptagreina \u00ed \u00feeim tilgangi a\u00f0 mi\u00f0la til annarra", "nota or\u00f0afor\u00f0a vi\u00f0skiptagreina til a\u00f0 tj\u00e1 sig um margv\u00edsleg m\u00e1lefni"], "credits": 5, "last_modified": 1423823712.555749, "schools": ["512b49bc62933a682f00048a"], "coauthors": null, "instructions": "", "continued_education": false, "level": 3, "prerequisites": "10 einingar af 2. \u00ferepi", "author": "0bc9b589-2a42-4690-ac7e-ec65f804a0e6", "abbreviation_version": null, "competence_goals": [["n\u00fdta s\u00e9r texta, umr\u00e6\u00f0ur og r\u00f6kr\u00e6\u00f0ur um fr\u00e6\u00f0ileg m\u00e1lefni", ""], ["n\u00fdta s\u00e9r fr\u00e6\u00f0itexta og meta heimildir \u00e1 gagnr\u00fdninn h\u00e1tt", ""], ["geta flutt vel uppbygg\u00f0a fr\u00e1s\u00f6gn, kynningu e\u00f0a greinarger\u00f0, dregi\u00f0 fram a\u00f0alatri\u00f0i og r\u00f6kstutt m\u00e1l sitt nokku\u00f0 n\u00e1kv\u00e6mlega me\u00f0 d\u00e6mum og geta brug\u00f0ist vi\u00f0 spurningum", ""], ["nota rithef\u00f0ir sem eiga vi\u00f0 \u00ed textasm\u00ed\u00f0 hverju sinni", ""], ["r\u00f6ksty\u00f0ja m\u00e1l sitt \u00ed r\u00e6\u00f0u og riti", ""], ["geta \u00fatsk\u00fdrt fl\u00f3kna texta og n\u00fdtt faglegan or\u00f0afor\u00f0a \u00e1 lipran og sk\u00fdran h\u00e1tt \u00ed ritun og tali", ""], ["geta meti\u00f0 og afla\u00f0 heimilda eftir mismunandi lei\u00f0um s.s. af neti, b\u00f3kasafni og \u00f6\u00f0rum uppl\u00fdsingaveitum samkv\u00e6mt \u00feeim venjum sem gilda um heimildavinnu", ""]], "_id": "54ddd36062933a7a340002c4"}], "required_credits": 5}, {"total_credits": 45, "courses": [{"exemplary": null, "topics": "b\u00f3kmenntasaga, stefnur \u00ed listum og menningu, valdir b\u00f3kmenntatextar", "abbreviation": "\u00cdSLE3VT10", "former_schools": null, "subject": "\u00edslenska", "title": "B\u00f3kmenntir og menning \u00ed n\u00fdju lj\u00f3si", "version": 47, "status_trans": "Sam\u00feykkt af sk\u00f3la", "embedded_subject": {"abbreviation": "\u00cdSLE", "topics": [{"abbreviation": "VR", "topics": ["ritun", "vi\u00f0skiptaskj\u00f6l"]}, {"abbreviation": "TM", "topics": ["m\u00e1lskilningur", "tj\u00e1ning"]}, {"abbreviation": "MS", "topics": ["m\u00e1lskilningur", "s\u00e9rdeild"]}, {"abbreviation": "RT", "topics": ["ritun og tj\u00e1ning"]}, {"abbreviation": "LL", "topics": ["leshra\u00f0i", "lesskilningur"]}, {"abbreviation": "MM", "topics": ["m\u00e1lfr\u00e6\u00f0i", "m\u00e1ltilfinning"]}, {"abbreviation": "RG", "topics": ["greinamerkjasetning", "r\u00e9ttritun"]}, {"abbreviation": "SF", "topics": ["fr\u00f3\u00f0leiks\u00f6flun", "samskipti"]}, {"abbreviation": "BK", "topics": ["b\u00f3kmenntir", "kj\u00f6rb\u00f3k"]}, {"abbreviation": "RB", "topics": ["b\u00f3kmenntir", "ritun"]}, {"abbreviation": "BM", "topics": ["b\u00f3kmenntir", "m\u00e1lsaga", "ritun", "tj\u00e1ning"]}, {"abbreviation": "NB", "topics": ["n\u00fat\u00edmab\u00f3kmenntir"]}, {"abbreviation": "BF", "topics": ["b\u00f3kmenntir fyrri alda"]}, {"abbreviation": "SB", "topics": ["menning", "samt\u00edmab\u00f3kmenntir"]}, {"abbreviation": "BB", "topics": ["barnab\u00f3kmenntir"]}, {"abbreviation": "HR", "topics": ["hra\u00f0lestur"]}, {"abbreviation": "YN", "topics": ["yndislestur"]}, {"abbreviation": "ML", "topics": ["leskilningur", "m\u00e1lnotkun", "m\u00e1ltaka", "ritun og tj\u00e1ning"]}, {"abbreviation": "MB", "topics": ["b\u00f3kmenntir og ritun", "m\u00e1lnotkun"]}, {"abbreviation": "MN", "topics": ["b\u00f3kmenntir", "m\u00e1lsaga og nafnasi\u00f0ir"]}, {"abbreviation": "YH", "topics": ["hra\u00f0lestur", "yndislestur"]}, {"abbreviation": "BS", "topics": ["b\u00f3kmenntir s\u00ed\u00f0ari alda"]}, {"abbreviation": "FH", "topics": ["f\u00e9lagsleg m\u00e1lv\u00edsindi", "hlj\u00f3\u00f0fr\u00e6\u00f0i og hlj\u00f3\u00f0kerfisfr\u00e6\u00f0i", "\u00fe\u00fd\u00f0ingar"]}, {"abbreviation": "TB", "topics": ["tj\u00e1skipti barna og fullor\u00f0inna"]}, {"abbreviation": "GL", "topics": ["gl\u00e6pas\u00f6gur"]}, {"abbreviation": "RM", "topics": ["m\u00e1lfr\u00e6\u00f0i", "ritun", "stafsetning"]}, {"abbreviation": "BT", "topics": ["bragfr\u00e6\u00f0i", "setningafr\u00e6\u00f0i", "textar fr\u00e1 \u00fdmsum l\u00f6ndum"]}, {"abbreviation": "MT", "topics": ["m\u00e1lfr\u00e6\u00f0i", "ritun og tj\u00e1ning"]}, {"abbreviation": "BR", "topics": ["b\u00f3kmenntir", "m\u00e1lnotkun", "ritun"]}, {"abbreviation": "MG", "topics": ["b\u00f3kmenntir og ritun", "go\u00f0afr\u00e6\u00f0i", "m\u00e1lsaga"]}, {"abbreviation": "EU", "topics": ["eddukv\u00e6\u00f0i", "uppl\u00fdsing"]}, {"abbreviation": "UK", "topics": ["kreppa", "uppl\u00fdsing"]}, {"abbreviation": "KA", "topics": ["aldam\u00f3t", "kreppa"]}, {"abbreviation": "RN", "topics": ["n\u00fat\u00edmab\u00f3kmenntir", "ritger\u00f0arsm\u00ed\u00f0"]}, {"abbreviation": "KU", "topics": ["kynningarefni", "ums\u00f3knir"]}, {"abbreviation": "RI", "topics": ["ritger\u00f0arsm\u00ed\u00f0", "textar fr\u00e1 \u00fdmsum l\u00f6ndum"]}, {"abbreviation": "BG", "topics": ["b\u00f3kmenntir", "go\u00f0afr\u00e6\u00f0i", "m\u00e1lsaga"]}, {"abbreviation": "FM", "topics": ["fornb\u00f3kmenntir", "m\u00e1lfr\u00e6\u00f0i"]}, {"abbreviation": "BN", "topics": ["b\u00f3kmenntir", "n\u00fat\u00edmi"]}, {"abbreviation": "FO", "topics": ["fornb\u00f3kmenntir"]}, {"abbreviation": "UN", "topics": ["undirb\u00fanings\u00e1fangi \u00ed \u00edslensku"]}, {"abbreviation": "MR", "topics": ["b\u00f3kmenntir", "m\u00e1lnotkun og ritun"]}, {"abbreviation": "ED", "topics": ["eddukv\u00e6\u00f0i og \u00edslendingas\u00f6gur"]}, {"abbreviation": "NJ", "topics": ["fr\u00e1 nj\u00e1lu til n\u00fdr\u00f3mant\u00edkur"]}, {"abbreviation": "\u00d6L", "topics": ["b\u00f3kmenntir \u00e1 20. \u00f6ld"]}, {"abbreviation": "ME", "topics": ["b\u00f3kmenntir"]}, {"abbreviation": "RL", "topics": ["lestur", "ritun og tj\u00e1ning"]}, {"abbreviation": "MI", "topics": ["m\u00e1l og b\u00f3kmenntir fr\u00e1 si\u00f0askiptum til aldam\u00f3tanna 1900"]}, {"abbreviation": "GM", "topics": ["go\u00f0afr\u00e6\u00f0i", "m\u00e1lsaga"]}, {"abbreviation": "GR", "topics": ["grunnur"]}, {"abbreviation": "LR", "topics": ["lestur og ritun"]}, {"abbreviation": "ST", "topics": ["stafsetning"]}, {"abbreviation": "\u00cdS", "topics": ["\u00edslenska"]}, {"abbreviation": "LT", "topics": ["lestur", "m\u00e1lfr\u00e6\u00f0i", "ritun", "stafsetning", "tj\u00e1ning"]}, {"abbreviation": "SR", "topics": ["lestur og tj\u00e1ning", "m\u00e1lfr\u00e6\u00f0i", "ritun", "stafsetning"]}, {"abbreviation": "GO", "topics": ["go\u00f0afr\u00e6\u00f0i", "m\u00e1lnotkun og ritun", "m\u00e1lsaga"]}, {"abbreviation": "NH", "topics": ["b\u00f3kmenntasaga 1900 til samt\u00edmans", "hugtakabeiting", "n\u00fat\u00edmab\u00f3kmenntir"]}, {"abbreviation": "RR", "topics": ["ritger\u00f0asm\u00ed\u00f0", "ritun"]}, {"abbreviation": "LF", "topics": ["b\u00f3kmenntasaga 1550-1900", "l\u00e6rd\u00f3ms\u00f6ld", "rauns\u00e6i"]}, {"abbreviation": "VE", "topics": ["verkefni vali\u00f0 og almenn b\u00f3kmenntafr\u00e6\u00f0i kynnt"]}, {"abbreviation": "MV", "topics": ["m\u00e1lv\u00edsindi"]}, {"abbreviation": "YF", "topics": ["Yndislestur framhald"]}, {"abbreviation": "MH", "topics": ["M\u00e1lsaga og go\u00f0afr\u00e6\u00f0i hra\u00f0fer\u00f0"]}, {"abbreviation": "FF", "topics": ["Fornb\u00f3kmenntir hra\u00f0fer\u00f0"]}, {"abbreviation": "YM", "topics": ["Yndislestur 2"]}, {"abbreviation": "FJ", "topics": ["fj\u00f6lmi\u00f0lal\u00e6si"]}, {"abbreviation": "RV", "topics": ["ritger\u00f0arvinna"]}, {"abbreviation": "LS", "topics": ["- sk\u00e1ldsaga \u00far n\u00fat\u00edma", "lestur og lesskilningur"]}, {"abbreviation": "L\u00cd", "topics": ["lestur og lesskilningur - \u00edslendingas\u00f6gur"]}, {"abbreviation": "LE", "topics": ["lestur og lesskilningur - sk\u00e1lds\u00f6gur 20. aldar"]}, {"abbreviation": "H\u00cd", "topics": ["Hagn\u00fdt \u00edslenska"]}, {"abbreviation": "\u00cdM", "topics": ["\u00edslensk m\u00e1lsaga"]}, {"abbreviation": "KV", "topics": ["b\u00f3kmenntir og kvikmyndir"]}, {"abbreviation": "NG", "topics": ["Norr\u00e6n go\u00f0afr\u00e6\u00f0i"]}, {"abbreviation": "LJ", "topics": ["Lj\u00f3\u00f0"]}, {"abbreviation": "AA", "topics": ["Lestur og ritun"]}, {"abbreviation": "\u00cdC", "topics": ["\u00cdslenska \u00e1 starfsbraut"]}, {"abbreviation": "\u00cdA", "topics": ["\u00cdslenska 1 \u00e1 starfsbraut"]}, {"abbreviation": "\u00cdB", "topics": ["\u00cdslenska 2 \u00e1 starfsbraut"]}, {"abbreviation": "N\u00dd", "topics": ["N\u00fdsk\u00f6pun"]}, {"abbreviation": "AB", "topics": ["B\u00f3kmenntir", "m\u00e1lfr\u00e6\u00f0i og ritun"]}, {"abbreviation": "HI", "topics": ["M\u00e1lnotkun og ritun"]}, {"abbreviation": "TR", "topics": ["M\u00e1lnotun og ritun"]}, {"abbreviation": "TL", "topics": ["L\u00e6si", "ritun", "tj\u00e1ning"]}, {"abbreviation": "OH", "topics": ["hlustun", "or\u00f0afor\u00f0i", "talm\u00e1l og ritun"]}, {"abbreviation": "ES", "topics": ["Eddukv\u00e6\u00f0i til si\u00f0askipta"]}, {"abbreviation": "NA", "topics": ["N\u00fdr\u00f3mant\u00edk til aldam\u00f3ta"]}, {"abbreviation": "SN", "topics": ["Si\u00f0askipti til n\u00fdr\u00f3mant\u00edkur"]}, {"abbreviation": "YL", "topics": ["Yndislestur"]}, {"abbreviation": "SS", "topics": ["Stafsetning"]}, {"abbreviation": "BU", "topics": ["Barna- og unglingab\u00f3kmenntir"]}, {"abbreviation": "SK", "topics": ["sk\u00e1lds\u00f6gur"]}, {"abbreviation": "B\u00d3", "topics": ["B\u00f3kmenntir og tungum\u00e1l fr\u00e1 landn\u00e1mi til si\u00f0askipta"]}, {"abbreviation": "M\u00c1", "topics": ["M\u00e1l- og menningarsaga"]}, {"abbreviation": "NF", "topics": ["N\u00fdsk\u00f6punarferli\u00f0: \u00fe\u00f6rf", "afur\u00f0", "lausn"]}, {"abbreviation": "A\u00cd", "topics": ["Almenn \u00edslenska \u00e1 1 \u00ferepi"]}, {"abbreviation": "AM", "topics": ["almenn m\u00e1lnotkun", "b\u00f3kmenntir", "ritun"]}, {"abbreviation": "RS", "topics": ["Skapandi skrif"]}, {"abbreviation": "SP", "topics": ["Spennus\u00f6gur"]}, {"abbreviation": "\u00cdD", "topics": ["\u00cdslenska \u00e1 starfsbraut 4"]}, {"abbreviation": "\u00cdE", "topics": ["\u00cdslenska 5 \u00e1 starfsbraut"]}, {"abbreviation": "SM", "topics": ["Sk\u00e1lds\u00f6gur"]}, {"abbreviation": "M\u00de", "topics": ["\u00cdSLE"]}, {"abbreviation": "SA", "topics": ["Sk\u00f6pun \u00ed v\u00ed\u00f0u samhengi"]}, {"abbreviation": "SJ", "topics": ["L\u00e6si", "b\u00f3kmenntir", "hugtakaskilningur", "m\u00e1lfr\u00e6\u00f0i", "sj\u00e1lfb\u00e6rni og ritun"]}, {"abbreviation": "LM", "topics": ["L\u00e6si", "l\u00fd\u00f0r\u00e6\u00f0i", "mannr\u00e9ttindi og b\u00f3kmenntir"]}, {"abbreviation": "JR", "topics": ["L\u00e6si", "b\u00f3kmenntir og ritun", "jafnr\u00e9tti"]}, {"abbreviation": "HV", "topics": ["L\u00e6si", "heilbrig\u00f0i", "velfer\u00f0 og b\u00f3kmenntir"]}, {"abbreviation": "DB", "topics": ["Sk\u00f3labla\u00f0"]}, {"abbreviation": "\u00c6F", "topics": ["Go\u00f0s\u00f6gur", "fantas\u00edur", "\u00e6vint\u00fdri"]}, {"abbreviation": "VM", "topics": ["Verkefna\u00e1fangi \u00ed m\u00e1lv\u00edsindum"]}, {"abbreviation": "VB", "topics": ["Verkefna\u00e1fangi \u00ed b\u00f3kmenntum"]}, {"abbreviation": "SW", "topics": ["Stafsetning og ritun"]}, {"abbreviation": "MF", "topics": ["M\u00e1lfr\u00e6\u00f0i"]}, {"abbreviation": "SG", "topics": ["B\u00f3kmenntir", "setningafr\u00e6\u00f0i og go\u00f0afr\u00e6\u00f0i"]}, {"abbreviation": "OF", "topics": ["frambur\u00f0ur", "lestrarf\u00e6rni", "or\u00f0afor\u00f0i"]}, {"abbreviation": "CA", "topics": ["B\u00f3kmenntir fram til 1550"]}, {"abbreviation": "BH", "topics": ["Go\u00f0afr\u00e6\u00f0i", "m\u00e1lsaga og ritger\u00f0asm\u00ed\u00f0"]}, {"abbreviation": "DD", "topics": ["B\u00f3kmenntir og b\u00f3kmenntasaga", "einkum 1550-1900."]}, {"abbreviation": "CH", "topics": ["\u00cdslenska 3. Hra\u00f0fer\u00f0"]}, {"abbreviation": "EE", "topics": ["B\u00f3kmenntir og b\u00f3kmenntasaga eftir 1900."]}, {"abbreviation": "HL", "topics": ["M\u00e1lsaga og hlj\u00f3\u00f0fr\u00e6\u00f0i"]}, {"abbreviation": "CB", "topics": ["heimsb\u00f3kmenntir"]}, {"abbreviation": "AL", "topics": ["Almenn m\u00e1lnotkun og l\u00e6si"]}, {"abbreviation": "GF", "topics": ["Go\u00f0afr\u00e6\u00f0i og fornb\u00f3kmenntir"]}, {"abbreviation": "TE", "topics": ["Ritun og textagreining"]}, {"abbreviation": "MA", "topics": ["Menningararfur \u00ed n\u00fat\u00edmanum"]}, {"abbreviation": "S\u00c1", "topics": ["Skrefa\u00f0", "skrifa\u00f0 og skrafa\u00f0 um n\u00e6rsamf\u00e9lagi\u00f0/\u00e1tthagana."]}, {"abbreviation": "NM", "topics": ["fr\u00e1 n\u00fdr\u00f3mant\u00edk til m\u00f3dernisma"]}, {"abbreviation": "HM", "topics": ["Heimildir og m\u00e1lnotkun"]}, {"abbreviation": "M\u00c6", "topics": ["Menningarl\u00e6si"]}, {"abbreviation": "CK", "topics": ["\u00edslenskar kvikmyndir"]}, {"abbreviation": "CL", "topics": ["Leikh\u00fas og leikb\u00f3kmenntir"]}, {"abbreviation": "DL", "topics": ["Leikh\u00fas og leikb\u00f3kmenntir."]}, {"abbreviation": "CN", "topics": ["\u00derj\u00fa verk Halld\u00f3rs Laxness."]}, {"abbreviation": "HB", "topics": ["B\u00f3kmenntir", "heimildaritger\u00f0", "m\u00e1lsaga"]}, {"abbreviation": "CU", "topics": ["Barnab\u00f3kmenntir."]}, {"abbreviation": "CP", "topics": ["Textager\u00f0 og ritstj\u00f3rn"]}, {"abbreviation": "CY", "topics": ["Yndislestur I"]}, {"abbreviation": "DY", "topics": ["Yndislestur II"]}, {"abbreviation": "RH", "topics": ["\u00darvinnsla heimilda og ritun"]}, {"abbreviation": "B\u00cd", "topics": ["B\u00f3kmenntasaga", "\u00cdslendingasaga og forn kve\u00f0skapur"]}, {"abbreviation": "BL", "topics": ["B\u00f3kmenntasaga", "leikritalestur", "lj\u00f3\u00f0alestur", "n\u00fat\u00edmab\u00f3kmenntir"]}, {"abbreviation": "RF", "topics": ["Ritger\u00f0arskrif", "go\u00f0afr\u00e6\u00f0i og m\u00e1lsaga"]}, {"abbreviation": "KM", "topics": ["b\u00f3kmenntir", "kv\u00e6\u00f0i", "lj\u00f3\u00f0", "m\u00e1lnotkun", "ritun"]}, {"abbreviation": "SL", "topics": ["Ritlist"]}, {"abbreviation": "RO", "topics": ["lestur", "m\u00e1lnotkun", "or\u00f0afor\u00f0i", "ritun"]}, {"abbreviation": "LB", "topics": ["b\u00f3kmenntir", "l\u00e6si", "ritun", "stafsetning"]}, {"abbreviation": "FL", "topics": ["frams\u00f6gn", "lestur", "margv\u00edsleg ritun", "or\u00f0afor\u00f0i"]}, {"abbreviation": "HS", "topics": ["heimildavinna", "m\u00e1lnotkun", "ritun", "setningafr\u00e6\u00f0i"]}, {"abbreviation": "KB", "topics": ["b\u00f3kmenntasaga", "heimildavinna", "kynningar", "valdir b\u00f3kmenntatextar"]}, {"abbreviation": "VT", "topics": ["b\u00f3kmenntasaga", "stefnur \u00ed listum og menningu", "valdir b\u00f3kmenntatextar"]}], "_id": "50c0a02dd8e40575f7f6f4a2", "subjects": ["\u00edslenska"], "counter": {"1": 39, "3": 39, "2": 27, "4": 2}}, "evaluation": "L\u00f6g\u00f0 er \u00e1hersla \u00e1 fj\u00f6lbreytt n\u00e1msmat me\u00f0 lei\u00f0s\u00f6gn. N\u00e1msmati\u00f0 er \u00ed h\u00f6ndum kennara vi\u00f0komandi \u00e1fanga en \u00fearf a\u00f0 fylgja \u00feeim reglum sem kve\u00f0i\u00f0 er \u00e1 um \u00ed sk\u00f3lan\u00e1mskr\u00e1 VMA.", "categorization_suggestion": "AV", "embedded_topics": {"abbreviation": "VT", "topics": ["b\u00f3kmenntasaga", "stefnur \u00ed listum og menningu", "valdir b\u00f3kmenntatextar"]}, "status": "approved by school", "description": "\u00cd \u00e1fanganum er fjalla\u00f0 um \u00edslenskar b\u00f3kmenntir og b\u00f3kmenntas\u00f6gu fr\u00e1 si\u00f0askiptum til 21. aldar og tengsl \u00feeirra vi\u00f0 evr\u00f3pskar b\u00f3kmenntir.  Stuttlega er fari\u00f0 yfir b\u00f3kmenntir fyrri alda en megin\u00e1herslan ver\u00f0ur \u00fe\u00f3 l\u00f6g\u00f0 \u00e1 b\u00f3kmenntir og b\u00f3kmenntas\u00f6gu 20. og 21. aldar, n\u00fdja strauma og stefnur og \u00f3l\u00edkar birtingarmyndir b\u00f3kmenntanna.  Unnin ver\u00f0a \u00fdmis konar valverkefni \u00fear sem l\u00f6g\u00f0 ver\u00f0ur r\u00edk \u00e1hersla \u00e1 fj\u00f6lbreyttar vinnua\u00f0fer\u00f0ir, sj\u00e1lfst\u00e6\u00f0 vinnubr\u00f6g\u00f0, skilvirka \u00feekkingarleit, kunn\u00e1ttu \u00ed me\u00f0fer\u00f0 og fr\u00e1gangi heimilda og skapandi hugsun og frumkv\u00e6\u00f0i vi\u00f0 \u00farvinnslu og skilaform verkefna. ", "knowledge_goals": ["\u00edslenskri b\u00f3kmenntas\u00f6gu fr\u00e1 si\u00f0askiptum til 21. aldar", "helstu stefnum \u00ed b\u00f3kmenntum fr\u00e1 si\u00f0askiptum til 21. aldar og \u00feeim heimspekistefnum, hugmyndafr\u00e6\u00f0i og vi\u00f0horfum til hlutverks b\u00f3kmennta sem \u00fear birtast", "\u00fdmsum lykilverkum \u00edslenskra og evr\u00f3pskra b\u00f3kmennta fr\u00e1 \u00e1\u00f0urnefndum t\u00edmabilum", "tengslum \u00edslenskra b\u00f3kmennta vi\u00f0 evr\u00f3pska menningu, b\u00f3kmenntir og b\u00f3kmenntastefnur", "mismunandi birtingarformum b\u00f3kmennta og lista", "grunnhugt\u00f6kum \u00ed b\u00f3kmenntafr\u00e6\u00f0i og beitingu \u00feeirra", "notkun heimilda og hj\u00e1lpargagna \u00ed tengslum vi\u00f0 verkefnavinna", "fr\u00e1gangi og skr\u00e1ningi heimilda", "grundvallarreglum vi\u00f0 byggingu og uppsetningu ritsm\u00ed\u00f0a"], "skills_goals": ["lesa b\u00f3kmenntatexta fr\u00e1 si\u00f0askiptum til dagsins \u00ed dag, s\u00e9r til gagns og gamans", "greina b\u00f3kmenntatexta fr\u00e1 \u00fdmsum t\u00edmum og fjalla um inntak \u00feeirra", "beita algengum st\u00edlbr\u00f6g\u00f0um \u00ed tal- og ritm\u00e1li", "skilja lykilhugt\u00f6k og mismunandi sj\u00f3narmi\u00f0", "draga saman og nota \u00e1 vi\u00f0urkenndan og gagnr\u00fdninn h\u00e1tt uppl\u00fdsingar \u00far hvers kyns heimildum og meta \u00e1rei\u00f0anleika \u00feeirra", "rita heimildaritger\u00f0 \u00fear sem beitt er gagnr\u00fdnni hugsun vi\u00f0 \u00farvinnslu", "tj\u00e1 r\u00f6kstudda afst\u00f6\u00f0u vi\u00f0 \u00fdmsar kringumst\u00e6\u00f0ur, \u00fatsk\u00fdra sj\u00f3narmi\u00f0 og taka virkan \u00fe\u00e1tt \u00ed m\u00e1lefnalegum umr\u00e6\u00f0um til a\u00f0 komast a\u00f0 vel r\u00f6kstuddri ni\u00f0urst\u00f6\u00f0u", "ganga fr\u00e1 heimildaverkefnum og -ritger\u00f0um me\u00f0 vi\u00f0urkenndum h\u00e6tti", "flytja af \u00f6ryggi l\u00fdsingar og kynningar \u00e1 verkefnum s\u00ednum, hver fyrir sig og me\u00f0 \u00f6\u00f0rum"], "credits": 10, "last_modified": 1423836675.541855, "schools": ["512b49bc62933a682f00048a"], "coauthors": null, "instructions": "", "continued_education": false, "level": 3, "prerequisites": "10 einingar \u00e1 2. \u00ferepi", "author": "0bc9b589-2a42-4690-ac7e-ec65f804a0e6", "abbreviation_version": null, "competence_goals": [["skilja, greina og tengja saman b\u00f3kmenntatexta fr\u00e1 \u00f3l\u00edkum t\u00edmum", ""], ["skrifa sk\u00fdran, vel uppbygg\u00f0an og gr\u00edpandi texta", ""], ["taka \u00fe\u00e1tt \u00ed m\u00e1lefnalegum umr\u00e6\u00f0um, tj\u00e1 afst\u00f6\u00f0u s\u00edna og efasemdir um efni\u00f0 og komast a\u00f0 r\u00f6kstuddri ni\u00f0urst\u00f6\u00f0u", ""], ["greina a\u00f0alatri\u00f0i, beita gagnr\u00fdninni hugsun vi\u00f0 lestur, t\u00falkun og \u00farvinnslu krefjandi texta", ""], ["\u00e1tta sig \u00e1 samf\u00e9lagslegum sk\u00edrskotunum, duldum bo\u00f0skap og hugmyndum", ""], ["flytja kynningar \u00e1 verkefnum af \u00f6ryggi", ""], ["beita sk\u00fdru, v\u00f6ndu\u00f0u og bl\u00e6brig\u00f0ar\u00edku m\u00e1li \u00ed r\u00e6\u00f0u og riti", ""], ["velja ritst\u00edl eftir a\u00f0st\u00e6\u00f0um og vi\u00f0takendum", ""], ["vinna skapandi verkefni \u00ed tengslum vi\u00f0 n\u00e1msefni\u00f0 og s\u00fdna frumkv\u00e6\u00f0i \u00ed verkefnavali og \u00farvinnslu", ""]], "_id": "54de060362933a7a340003e3"}, {"exemplary": null, "topics": "barnab\u00f3kmenntir", "abbreviation": "\u00cdSLE3BB05", "former_schools": null, "subject": "\u00edslenska", "title": "B\u00f6rn og b\u00e6kur", "version": 48, "status_trans": "Sam\u00feykkt af sk\u00f3la", "embedded_subject": {"abbreviation": "\u00cdSLE", "topics": [{"abbreviation": "VR", "topics": ["ritun", "vi\u00f0skiptaskj\u00f6l"]}, {"abbreviation": "TM", "topics": ["m\u00e1lskilningur", "tj\u00e1ning"]}, {"abbreviation": "MS", "topics": ["m\u00e1lskilningur", "s\u00e9rdeild"]}, {"abbreviation": "RT", "topics": ["ritun og tj\u00e1ning"]}, {"abbreviation": "LL", "topics": ["leshra\u00f0i", "lesskilningur"]}, {"abbreviation": "MM", "topics": ["m\u00e1lfr\u00e6\u00f0i", "m\u00e1ltilfinning"]}, {"abbreviation": "RG", "topics": ["greinamerkjasetning", "r\u00e9ttritun"]}, {"abbreviation": "SF", "topics": ["fr\u00f3\u00f0leiks\u00f6flun", "samskipti"]}, {"abbreviation": "BK", "topics": ["b\u00f3kmenntir", "kj\u00f6rb\u00f3k"]}, {"abbreviation": "RB", "topics": ["b\u00f3kmenntir", "ritun"]}, {"abbreviation": "BM", "topics": ["b\u00f3kmenntir", "m\u00e1lsaga", "ritun", "tj\u00e1ning"]}, {"abbreviation": "NB", "topics": ["n\u00fat\u00edmab\u00f3kmenntir"]}, {"abbreviation": "BF", "topics": ["b\u00f3kmenntir fyrri alda"]}, {"abbreviation": "SB", "topics": ["menning", "samt\u00edmab\u00f3kmenntir"]}, {"abbreviation": "BB", "topics": ["barnab\u00f3kmenntir"]}, {"abbreviation": "HR", "topics": ["hra\u00f0lestur"]}, {"abbreviation": "YN", "topics": ["yndislestur"]}, {"abbreviation": "ML", "topics": ["leskilningur", "m\u00e1lnotkun", "m\u00e1ltaka", "ritun og tj\u00e1ning"]}, {"abbreviation": "MB", "topics": ["b\u00f3kmenntir og ritun", "m\u00e1lnotkun"]}, {"abbreviation": "MN", "topics": ["b\u00f3kmenntir", "m\u00e1lsaga og nafnasi\u00f0ir"]}, {"abbreviation": "YH", "topics": ["hra\u00f0lestur", "yndislestur"]}, {"abbreviation": "BS", "topics": ["b\u00f3kmenntir s\u00ed\u00f0ari alda"]}, {"abbreviation": "FH", "topics": ["f\u00e9lagsleg m\u00e1lv\u00edsindi", "hlj\u00f3\u00f0fr\u00e6\u00f0i og hlj\u00f3\u00f0kerfisfr\u00e6\u00f0i", "\u00fe\u00fd\u00f0ingar"]}, {"abbreviation": "TB", "topics": ["tj\u00e1skipti barna og fullor\u00f0inna"]}, {"abbreviation": "GL", "topics": ["gl\u00e6pas\u00f6gur"]}, {"abbreviation": "RM", "topics": ["m\u00e1lfr\u00e6\u00f0i", "ritun", "stafsetning"]}, {"abbreviation": "BT", "topics": ["bragfr\u00e6\u00f0i", "setningafr\u00e6\u00f0i", "textar fr\u00e1 \u00fdmsum l\u00f6ndum"]}, {"abbreviation": "MT", "topics": ["m\u00e1lfr\u00e6\u00f0i", "ritun og tj\u00e1ning"]}, {"abbreviation": "BR", "topics": ["b\u00f3kmenntir", "m\u00e1lnotkun", "ritun"]}, {"abbreviation": "MG", "topics": ["b\u00f3kmenntir og ritun", "go\u00f0afr\u00e6\u00f0i", "m\u00e1lsaga"]}, {"abbreviation": "EU", "topics": ["eddukv\u00e6\u00f0i", "uppl\u00fdsing"]}, {"abbreviation": "UK", "topics": ["kreppa", "uppl\u00fdsing"]}, {"abbreviation": "KA", "topics": ["aldam\u00f3t", "kreppa"]}, {"abbreviation": "RN", "topics": ["n\u00fat\u00edmab\u00f3kmenntir", "ritger\u00f0arsm\u00ed\u00f0"]}, {"abbreviation": "KU", "topics": ["kynningarefni", "ums\u00f3knir"]}, {"abbreviation": "RI", "topics": ["ritger\u00f0arsm\u00ed\u00f0", "textar fr\u00e1 \u00fdmsum l\u00f6ndum"]}, {"abbreviation": "BG", "topics": ["b\u00f3kmenntir", "go\u00f0afr\u00e6\u00f0i", "m\u00e1lsaga"]}, {"abbreviation": "FM", "topics": ["fornb\u00f3kmenntir", "m\u00e1lfr\u00e6\u00f0i"]}, {"abbreviation": "BN", "topics": ["b\u00f3kmenntir", "n\u00fat\u00edmi"]}, {"abbreviation": "FO", "topics": ["fornb\u00f3kmenntir"]}, {"abbreviation": "UN", "topics": ["undirb\u00fanings\u00e1fangi \u00ed \u00edslensku"]}, {"abbreviation": "MR", "topics": ["b\u00f3kmenntir", "m\u00e1lnotkun og ritun"]}, {"abbreviation": "ED", "topics": ["eddukv\u00e6\u00f0i og \u00edslendingas\u00f6gur"]}, {"abbreviation": "NJ", "topics": ["fr\u00e1 nj\u00e1lu til n\u00fdr\u00f3mant\u00edkur"]}, {"abbreviation": "\u00d6L", "topics": ["b\u00f3kmenntir \u00e1 20. \u00f6ld"]}, {"abbreviation": "ME", "topics": ["b\u00f3kmenntir"]}, {"abbreviation": "RL", "topics": ["lestur", "ritun og tj\u00e1ning"]}, {"abbreviation": "MI", "topics": ["m\u00e1l og b\u00f3kmenntir fr\u00e1 si\u00f0askiptum til aldam\u00f3tanna 1900"]}, {"abbreviation": "GM", "topics": ["go\u00f0afr\u00e6\u00f0i", "m\u00e1lsaga"]}, {"abbreviation": "GR", "topics": ["grunnur"]}, {"abbreviation": "LR", "topics": ["lestur og ritun"]}, {"abbreviation": "ST", "topics": ["stafsetning"]}, {"abbreviation": "\u00cdS", "topics": ["\u00edslenska"]}, {"abbreviation": "LT", "topics": ["lestur", "m\u00e1lfr\u00e6\u00f0i", "ritun", "stafsetning", "tj\u00e1ning"]}, {"abbreviation": "SR", "topics": ["lestur og tj\u00e1ning", "m\u00e1lfr\u00e6\u00f0i", "ritun", "stafsetning"]}, {"abbreviation": "GO", "topics": ["go\u00f0afr\u00e6\u00f0i", "m\u00e1lnotkun og ritun", "m\u00e1lsaga"]}, {"abbreviation": "NH", "topics": ["b\u00f3kmenntasaga 1900 til samt\u00edmans", "hugtakabeiting", "n\u00fat\u00edmab\u00f3kmenntir"]}, {"abbreviation": "RR", "topics": ["ritger\u00f0asm\u00ed\u00f0", "ritun"]}, {"abbreviation": "LF", "topics": ["b\u00f3kmenntasaga 1550-1900", "l\u00e6rd\u00f3ms\u00f6ld", "rauns\u00e6i"]}, {"abbreviation": "VE", "topics": ["verkefni vali\u00f0 og almenn b\u00f3kmenntafr\u00e6\u00f0i kynnt"]}, {"abbreviation": "MV", "topics": ["m\u00e1lv\u00edsindi"]}, {"abbreviation": "YF", "topics": ["Yndislestur framhald"]}, {"abbreviation": "MH", "topics": ["M\u00e1lsaga og go\u00f0afr\u00e6\u00f0i hra\u00f0fer\u00f0"]}, {"abbreviation": "FF", "topics": ["Fornb\u00f3kmenntir hra\u00f0fer\u00f0"]}, {"abbreviation": "YM", "topics": ["Yndislestur 2"]}, {"abbreviation": "FJ", "topics": ["fj\u00f6lmi\u00f0lal\u00e6si"]}, {"abbreviation": "RV", "topics": ["ritger\u00f0arvinna"]}, {"abbreviation": "LS", "topics": ["- sk\u00e1ldsaga \u00far n\u00fat\u00edma", "lestur og lesskilningur"]}, {"abbreviation": "L\u00cd", "topics": ["lestur og lesskilningur - \u00edslendingas\u00f6gur"]}, {"abbreviation": "LE", "topics": ["lestur og lesskilningur - sk\u00e1lds\u00f6gur 20. aldar"]}, {"abbreviation": "H\u00cd", "topics": ["Hagn\u00fdt \u00edslenska"]}, {"abbreviation": "\u00cdM", "topics": ["\u00edslensk m\u00e1lsaga"]}, {"abbreviation": "KV", "topics": ["b\u00f3kmenntir og kvikmyndir"]}, {"abbreviation": "NG", "topics": ["Norr\u00e6n go\u00f0afr\u00e6\u00f0i"]}, {"abbreviation": "LJ", "topics": ["Lj\u00f3\u00f0"]}, {"abbreviation": "AA", "topics": ["Lestur og ritun"]}, {"abbreviation": "\u00cdC", "topics": ["\u00cdslenska \u00e1 starfsbraut"]}, {"abbreviation": "\u00cdA", "topics": ["\u00cdslenska 1 \u00e1 starfsbraut"]}, {"abbreviation": "\u00cdB", "topics": ["\u00cdslenska 2 \u00e1 starfsbraut"]}, {"abbreviation": "N\u00dd", "topics": ["N\u00fdsk\u00f6pun"]}, {"abbreviation": "AB", "topics": ["B\u00f3kmenntir", "m\u00e1lfr\u00e6\u00f0i og ritun"]}, {"abbreviation": "HI", "topics": ["M\u00e1lnotkun og ritun"]}, {"abbreviation": "TR", "topics": ["M\u00e1lnotun og ritun"]}, {"abbreviation": "TL", "topics": ["L\u00e6si", "ritun", "tj\u00e1ning"]}, {"abbreviation": "OH", "topics": ["hlustun", "or\u00f0afor\u00f0i", "talm\u00e1l og ritun"]}, {"abbreviation": "ES", "topics": ["Eddukv\u00e6\u00f0i til si\u00f0askipta"]}, {"abbreviation": "NA", "topics": ["N\u00fdr\u00f3mant\u00edk til aldam\u00f3ta"]}, {"abbreviation": "SN", "topics": ["Si\u00f0askipti til n\u00fdr\u00f3mant\u00edkur"]}, {"abbreviation": "YL", "topics": ["Yndislestur"]}, {"abbreviation": "SS", "topics": ["Stafsetning"]}, {"abbreviation": "BU", "topics": ["Barna- og unglingab\u00f3kmenntir"]}, {"abbreviation": "SK", "topics": ["sk\u00e1lds\u00f6gur"]}, {"abbreviation": "B\u00d3", "topics": ["B\u00f3kmenntir og tungum\u00e1l fr\u00e1 landn\u00e1mi til si\u00f0askipta"]}, {"abbreviation": "M\u00c1", "topics": ["M\u00e1l- og menningarsaga"]}, {"abbreviation": "NF", "topics": ["N\u00fdsk\u00f6punarferli\u00f0: \u00fe\u00f6rf", "afur\u00f0", "lausn"]}, {"abbreviation": "A\u00cd", "topics": ["Almenn \u00edslenska \u00e1 1 \u00ferepi"]}, {"abbreviation": "AM", "topics": ["almenn m\u00e1lnotkun", "b\u00f3kmenntir", "ritun"]}, {"abbreviation": "RS", "topics": ["Skapandi skrif"]}, {"abbreviation": "SP", "topics": ["Spennus\u00f6gur"]}, {"abbreviation": "\u00cdD", "topics": ["\u00cdslenska \u00e1 starfsbraut 4"]}, {"abbreviation": "\u00cdE", "topics": ["\u00cdslenska 5 \u00e1 starfsbraut"]}, {"abbreviation": "SM", "topics": ["Sk\u00e1lds\u00f6gur"]}, {"abbreviation": "M\u00de", "topics": ["\u00cdSLE"]}, {"abbreviation": "SA", "topics": ["Sk\u00f6pun \u00ed v\u00ed\u00f0u samhengi"]}, {"abbreviation": "SJ", "topics": ["L\u00e6si", "b\u00f3kmenntir", "hugtakaskilningur", "m\u00e1lfr\u00e6\u00f0i", "sj\u00e1lfb\u00e6rni og ritun"]}, {"abbreviation": "LM", "topics": ["L\u00e6si", "l\u00fd\u00f0r\u00e6\u00f0i", "mannr\u00e9ttindi og b\u00f3kmenntir"]}, {"abbreviation": "JR", "topics": ["L\u00e6si", "b\u00f3kmenntir og ritun", "jafnr\u00e9tti"]}, {"abbreviation": "HV", "topics": ["L\u00e6si", "heilbrig\u00f0i", "velfer\u00f0 og b\u00f3kmenntir"]}, {"abbreviation": "DB", "topics": ["Sk\u00f3labla\u00f0"]}, {"abbreviation": "\u00c6F", "topics": ["Go\u00f0s\u00f6gur", "fantas\u00edur", "\u00e6vint\u00fdri"]}, {"abbreviation": "VM", "topics": ["Verkefna\u00e1fangi \u00ed m\u00e1lv\u00edsindum"]}, {"abbreviation": "VB", "topics": ["Verkefna\u00e1fangi \u00ed b\u00f3kmenntum"]}, {"abbreviation": "SW", "topics": ["Stafsetning og ritun"]}, {"abbreviation": "MF", "topics": ["M\u00e1lfr\u00e6\u00f0i"]}, {"abbreviation": "SG", "topics": ["B\u00f3kmenntir", "setningafr\u00e6\u00f0i og go\u00f0afr\u00e6\u00f0i"]}, {"abbreviation": "OF", "topics": ["frambur\u00f0ur", "lestrarf\u00e6rni", "or\u00f0afor\u00f0i"]}, {"abbreviation": "CA", "topics": ["B\u00f3kmenntir fram til 1550"]}, {"abbreviation": "BH", "topics": ["Go\u00f0afr\u00e6\u00f0i", "m\u00e1lsaga og ritger\u00f0asm\u00ed\u00f0"]}, {"abbreviation": "DD", "topics": ["B\u00f3kmenntir og b\u00f3kmenntasaga", "einkum 1550-1900."]}, {"abbreviation": "CH", "topics": ["\u00cdslenska 3. Hra\u00f0fer\u00f0"]}, {"abbreviation": "EE", "topics": ["B\u00f3kmenntir og b\u00f3kmenntasaga eftir 1900."]}, {"abbreviation": "HL", "topics": ["M\u00e1lsaga og hlj\u00f3\u00f0fr\u00e6\u00f0i"]}, {"abbreviation": "CB", "topics": ["heimsb\u00f3kmenntir"]}, {"abbreviation": "AL", "topics": ["Almenn m\u00e1lnotkun og l\u00e6si"]}, {"abbreviation": "GF", "topics": ["Go\u00f0afr\u00e6\u00f0i og fornb\u00f3kmenntir"]}, {"abbreviation": "TE", "topics": ["Ritun og textagreining"]}, {"abbreviation": "MA", "topics": ["Menningararfur \u00ed n\u00fat\u00edmanum"]}, {"abbreviation": "S\u00c1", "topics": ["Skrefa\u00f0", "skrifa\u00f0 og skrafa\u00f0 um n\u00e6rsamf\u00e9lagi\u00f0/\u00e1tthagana."]}, {"abbreviation": "NM", "topics": ["fr\u00e1 n\u00fdr\u00f3mant\u00edk til m\u00f3dernisma"]}, {"abbreviation": "HM", "topics": ["Heimildir og m\u00e1lnotkun"]}, {"abbreviation": "M\u00c6", "topics": ["Menningarl\u00e6si"]}, {"abbreviation": "CK", "topics": ["\u00edslenskar kvikmyndir"]}, {"abbreviation": "CL", "topics": ["Leikh\u00fas og leikb\u00f3kmenntir"]}, {"abbreviation": "DL", "topics": ["Leikh\u00fas og leikb\u00f3kmenntir."]}, {"abbreviation": "CN", "topics": ["\u00derj\u00fa verk Halld\u00f3rs Laxness."]}, {"abbreviation": "HB", "topics": ["B\u00f3kmenntir", "heimildaritger\u00f0", "m\u00e1lsaga"]}, {"abbreviation": "CU", "topics": ["Barnab\u00f3kmenntir."]}, {"abbreviation": "CP", "topics": ["Textager\u00f0 og ritstj\u00f3rn"]}, {"abbreviation": "CY", "topics": ["Yndislestur I"]}, {"abbreviation": "DY", "topics": ["Yndislestur II"]}, {"abbreviation": "RH", "topics": ["\u00darvinnsla heimilda og ritun"]}, {"abbreviation": "B\u00cd", "topics": ["B\u00f3kmenntasaga", "\u00cdslendingasaga og forn kve\u00f0skapur"]}, {"abbreviation": "BL", "topics": ["B\u00f3kmenntasaga", "leikritalestur", "lj\u00f3\u00f0alestur", "n\u00fat\u00edmab\u00f3kmenntir"]}, {"abbreviation": "RF", "topics": ["Ritger\u00f0arskrif", "go\u00f0afr\u00e6\u00f0i og m\u00e1lsaga"]}, {"abbreviation": "KM", "topics": ["b\u00f3kmenntir", "kv\u00e6\u00f0i", "lj\u00f3\u00f0", "m\u00e1lnotkun", "ritun"]}, {"abbreviation": "SL", "topics": ["Ritlist"]}, {"abbreviation": "RO", "topics": ["lestur", "m\u00e1lnotkun", "or\u00f0afor\u00f0i", "ritun"]}, {"abbreviation": "LB", "topics": ["b\u00f3kmenntir", "l\u00e6si", "ritun", "stafsetning"]}, {"abbreviation": "FL", "topics": ["frams\u00f6gn", "lestur", "margv\u00edsleg ritun", "or\u00f0afor\u00f0i"]}, {"abbreviation": "HS", "topics": ["heimildavinna", "m\u00e1lnotkun", "ritun", "setningafr\u00e6\u00f0i"]}, {"abbreviation": "KB", "topics": ["b\u00f3kmenntasaga", "heimildavinna", "kynningar", "valdir b\u00f3kmenntatextar"]}], "_id": "50c0a02dd8e40575f7f6f4a2", "subjects": ["\u00edslenska"], "counter": {"1": 39, "3": 39, "2": 27, "4": 2}}, "evaluation": " L\u00f6g\u00f0 er \u00e1hersla \u00e1 fj\u00f6lbreytt n\u00e1msmat me\u00f0 lei\u00f0s\u00f6gn. N\u00e1msmati\u00f0 er \u00ed h\u00f6ndum kennara vi\u00f0komandi \u00e1fanga en \u00fearf a\u00f0 fylgja \u00feeim reglum sem kve\u00f0i\u00f0 er \u00e1 um \u00ed sk\u00f3lan\u00e1mskr\u00e1 VMA.", "categorization_suggestion": "AV", "embedded_topics": {"abbreviation": "BB", "topics": ["barnab\u00f3kmenntir"]}, "status": "approved by school", "description": "\u00cd \u00e1fanganum er \u00e1hersla \u00e1 mikilv\u00e6gi lestrar og barnab\u00f3kmennta, fyrir b\u00f6rn \u00e1 \u00f6llum aldri.  Nemendur kynnast \u00fdmsum tegundum b\u00f3ka og annars efnis fyrir b\u00f6rn og unglinga. Einnig ver\u00f0ur fari\u00f0 yfir s\u00f6gu og \u00fer\u00f3un \u00edslenskra barna- og unglingab\u00f3ka, r\u00e6tt um m\u00e1l- og menningarheim og m\u00e1l\u00feroska barna. Sko\u00f0a\u00f0 er hva\u00f0 einkennir g\u00f3\u00f0ar barnab\u00e6kur og  fjalla\u00f0 um gildi \u00feess a\u00f0 b\u00f6rn lesi og a\u00f0 lesi\u00f0 s\u00e9 fyrir \u00feau. Nemendur greina og meta margskonar barna- og unglingab\u00e6kur og fr\u00e6\u00f0igreinar er var\u00f0a alla \u00fe\u00e6tti \u00e1fangans. \u00deeir gera grein fyrir sko\u00f0unum s\u00ednum, munnlega og skriflega \u00fear sem reynir \u00e1 frumkv\u00e6\u00f0i, sk\u00f6punarh\u00e6fileika, sj\u00e1lfst\u00e6\u00f0 vinnubr\u00f6g\u00f0 og gagnr\u00fdna hugsun. Nemendur vinna \u00fdmist einir e\u00f0a me\u00f0 \u00f6\u00f0rum.", "knowledge_goals": ["mikilv\u00e6gi lestrar fyrir m\u00e1l- og m\u00e1l\u00feroska barna", "s\u00f6gu \u00edslenskra barnab\u00f3kmennta", "mismunandi tegundum barnab\u00f3kmennta og helstu h\u00f6fundum", "hva\u00f0 einkennir vanda\u00f0ar og \u00f3vanda\u00f0ar barnab\u00e6kur", "tengslum \u00edslenskra barnab\u00f3kmennta vi\u00f0 menningu hvers t\u00edma", "hugmyndafr\u00e6\u00f0i og vi\u00f0horfum sem birtast \u00ed barnab\u00f3kmenntum", "heimildanotkun \u00ed tengslum vi\u00f0 verkefnavinnu", "mismunandi st\u00edl og or\u00f0afor\u00f0a \u00ed barnab\u00f3kum"], "skills_goals": ["lesa og greina barnab\u00f3kmenntir af \u00fdmsu tagi", "beita algengum st\u00edlbr\u00f6g\u00f0um \u00ed tal- og ritm\u00e1li", "skilja lykilhugt\u00f6k og mismunandi sj\u00f3narhorn sem birtast \u00ed barnab\u00f3kmenntum", "meta \u00f3l\u00edkar tegundir texta og efnis sem \u00e6tla\u00f0 er b\u00f6rnum", "draga saman og nota \u00e1 vi\u00f0urkenndan og gagnr\u00fdninn h\u00e1tt uppl\u00fdsingar \u00far hvers kyns heimildum og meta \u00e1rei\u00f0anleika \u00feeirra", "ganga fr\u00e1 heimildaverkefnum og n\u00fdta s\u00e9r uppbyggilega gagnr\u00fdni annarra til betrumb\u00f3ta", "flytja af \u00f6ryggi l\u00fdsingar og kynningar \u00e1 verkefnum s\u00ednum, hver fyrir sig og me\u00f0 \u00f6\u00f0rum"], "credits": 5, "last_modified": 1423836144.315889, "schools": ["512b49bc62933a682f00048a"], "coauthors": null, "instructions": "", "continued_education": false, "level": 3, "prerequisites": "10 einingar \u00e1 2. \u00ferepi", "author": "0bc9b589-2a42-4690-ac7e-ec65f804a0e6", "abbreviation_version": null, "competence_goals": [["\u00e1tta sig \u00e1 mikilv\u00e6gi vanda\u00f0ra barna- og unglingab\u00f3ka", ""], ["\u00e1tta sig \u00e1 gildi lestrar fyrir m\u00e1l\u00feroska barna", ""], ["velja og meta \u00e1 gagnr\u00fdninn h\u00e1tt efni \u00e6tla\u00f0 b\u00f6rnum", ""], ["taka \u00fe\u00e1tt \u00ed m\u00e1lefnalegum umr\u00e6\u00f0um, tj\u00e1 afst\u00f6\u00f0u s\u00edna og efasemdir um efni\u00f0 og komast a\u00f0 r\u00f6kstuddri ni\u00f0urst\u00f6\u00f0u", ""], ["draga saman a\u00f0alatri\u00f0i, beita gagnr\u00fdninni hugsun vi\u00f0 lestur, t\u00falkun og \u00farvinnslu krefjandi texta", ""], ["\u00e1tta sig \u00e1 samf\u00e9lagslegum sk\u00edrskotunum, duldum bo\u00f0skap og hugmyndum", ""], ["beita sk\u00fdru, v\u00f6ndu\u00f0u og bl\u00e6brig\u00f0ar\u00edku m\u00e1li \u00ed r\u00e6\u00f0u og riti", ""], ["velja ritst\u00edl eftir a\u00f0st\u00e6\u00f0um og vi\u00f0takendum", ""], ["vinna skapandi verkefni a\u00f0 eigin vali \u00ed tengslum vi\u00f0 n\u00e1msefni\u00f0", ""]], "_id": "54de03f062933a7a340003d2"}, {"exemplary": null, "topics": "m\u00e1lfar, samf\u00e9lag, tj\u00e1skipti, tungum\u00e1l", "abbreviation": "\u00cdSLE3TS05", "former_schools": null, "subject": "\u00edslenska", "title": "F\u00e9lagsleg m\u00e1lv\u00edsindi", "version": 49, "status_trans": "Sam\u00feykkt af sk\u00f3la", "embedded_subject": {"abbreviation": "\u00cdSLE", "topics": [{"abbreviation": "VR", "topics": ["ritun", "vi\u00f0skiptaskj\u00f6l"]}, {"abbreviation": "TM", "topics": ["m\u00e1lskilningur", "tj\u00e1ning"]}, {"abbreviation": "MS", "topics": ["m\u00e1lskilningur", "s\u00e9rdeild"]}, {"abbreviation": "RT", "topics": ["ritun og tj\u00e1ning"]}, {"abbreviation": "LL", "topics": ["leshra\u00f0i", "lesskilningur"]}, {"abbreviation": "MM", "topics": ["m\u00e1lfr\u00e6\u00f0i", "m\u00e1ltilfinning"]}, {"abbreviation": "RG", "topics": ["greinamerkjasetning", "r\u00e9ttritun"]}, {"abbreviation": "SF", "topics": ["fr\u00f3\u00f0leiks\u00f6flun", "samskipti"]}, {"abbreviation": "BK", "topics": ["b\u00f3kmenntir", "kj\u00f6rb\u00f3k"]}, {"abbreviation": "RB", "topics": ["b\u00f3kmenntir", "ritun"]}, {"abbreviation": "BM", "topics": ["b\u00f3kmenntir", "m\u00e1lsaga", "ritun", "tj\u00e1ning"]}, {"abbreviation": "NB", "topics": ["n\u00fat\u00edmab\u00f3kmenntir"]}, {"abbreviation": "BF", "topics": ["b\u00f3kmenntir fyrri alda"]}, {"abbreviation": "SB", "topics": ["menning", "samt\u00edmab\u00f3kmenntir"]}, {"abbreviation": "BB", "topics": ["barnab\u00f3kmenntir"]}, {"abbreviation": "HR", "topics": ["hra\u00f0lestur"]}, {"abbreviation": "YN", "topics": ["yndislestur"]}, {"abbreviation": "ML", "topics": ["leskilningur", "m\u00e1lnotkun", "m\u00e1ltaka", "ritun og tj\u00e1ning"]}, {"abbreviation": "MB", "topics": ["b\u00f3kmenntir og ritun", "m\u00e1lnotkun"]}, {"abbreviation": "MN", "topics": ["b\u00f3kmenntir", "m\u00e1lsaga og nafnasi\u00f0ir"]}, {"abbreviation": "YH", "topics": ["hra\u00f0lestur", "yndislestur"]}, {"abbreviation": "BS", "topics": ["b\u00f3kmenntir s\u00ed\u00f0ari alda"]}, {"abbreviation": "FH", "topics": ["f\u00e9lagsleg m\u00e1lv\u00edsindi", "hlj\u00f3\u00f0fr\u00e6\u00f0i og hlj\u00f3\u00f0kerfisfr\u00e6\u00f0i", "\u00fe\u00fd\u00f0ingar"]}, {"abbreviation": "TB", "topics": ["tj\u00e1skipti barna og fullor\u00f0inna"]}, {"abbreviation": "GL", "topics": ["gl\u00e6pas\u00f6gur"]}, {"abbreviation": "RM", "topics": ["m\u00e1lfr\u00e6\u00f0i", "ritun", "stafsetning"]}, {"abbreviation": "BT", "topics": ["bragfr\u00e6\u00f0i", "setningafr\u00e6\u00f0i", "textar fr\u00e1 \u00fdmsum l\u00f6ndum"]}, {"abbreviation": "MT", "topics": ["m\u00e1lfr\u00e6\u00f0i", "ritun og tj\u00e1ning"]}, {"abbreviation": "BR", "topics": ["b\u00f3kmenntir", "m\u00e1lnotkun", "ritun"]}, {"abbreviation": "MG", "topics": ["b\u00f3kmenntir og ritun", "go\u00f0afr\u00e6\u00f0i", "m\u00e1lsaga"]}, {"abbreviation": "EU", "topics": ["eddukv\u00e6\u00f0i", "uppl\u00fdsing"]}, {"abbreviation": "UK", "topics": ["kreppa", "uppl\u00fdsing"]}, {"abbreviation": "KA", "topics": ["aldam\u00f3t", "kreppa"]}, {"abbreviation": "RN", "topics": ["n\u00fat\u00edmab\u00f3kmenntir", "ritger\u00f0arsm\u00ed\u00f0"]}, {"abbreviation": "KU", "topics": ["kynningarefni", "ums\u00f3knir"]}, {"abbreviation": "RI", "topics": ["ritger\u00f0arsm\u00ed\u00f0", "textar fr\u00e1 \u00fdmsum l\u00f6ndum"]}, {"abbreviation": "BG", "topics": ["b\u00f3kmenntir", "go\u00f0afr\u00e6\u00f0i", "m\u00e1lsaga"]}, {"abbreviation": "FM", "topics": ["fornb\u00f3kmenntir", "m\u00e1lfr\u00e6\u00f0i"]}, {"abbreviation": "BN", "topics": ["b\u00f3kmenntir", "n\u00fat\u00edmi"]}, {"abbreviation": "FO", "topics": ["fornb\u00f3kmenntir"]}, {"abbreviation": "UN", "topics": ["undirb\u00fanings\u00e1fangi \u00ed \u00edslensku"]}, {"abbreviation": "MR", "topics": ["b\u00f3kmenntir", "m\u00e1lnotkun og ritun"]}, {"abbreviation": "ED", "topics": ["eddukv\u00e6\u00f0i og \u00edslendingas\u00f6gur"]}, {"abbreviation": "NJ", "topics": ["fr\u00e1 nj\u00e1lu til n\u00fdr\u00f3mant\u00edkur"]}, {"abbreviation": "\u00d6L", "topics": ["b\u00f3kmenntir \u00e1 20. \u00f6ld"]}, {"abbreviation": "ME", "topics": ["b\u00f3kmenntir"]}, {"abbreviation": "RL", "topics": ["lestur", "ritun og tj\u00e1ning"]}, {"abbreviation": "MI", "topics": ["m\u00e1l og b\u00f3kmenntir fr\u00e1 si\u00f0askiptum til aldam\u00f3tanna 1900"]}, {"abbreviation": "GM", "topics": ["go\u00f0afr\u00e6\u00f0i", "m\u00e1lsaga"]}, {"abbreviation": "GR", "topics": ["grunnur"]}, {"abbreviation": "LR", "topics": ["lestur og ritun"]}, {"abbreviation": "ST", "topics": ["stafsetning"]}, {"abbreviation": "\u00cdS", "topics": ["\u00edslenska"]}, {"abbreviation": "LT", "topics": ["lestur", "m\u00e1lfr\u00e6\u00f0i", "ritun", "stafsetning", "tj\u00e1ning"]}, {"abbreviation": "SR", "topics": ["lestur og tj\u00e1ning", "m\u00e1lfr\u00e6\u00f0i", "ritun", "stafsetning"]}, {"abbreviation": "GO", "topics": ["go\u00f0afr\u00e6\u00f0i", "m\u00e1lnotkun og ritun", "m\u00e1lsaga"]}, {"abbreviation": "NH", "topics": ["b\u00f3kmenntasaga 1900 til samt\u00edmans", "hugtakabeiting", "n\u00fat\u00edmab\u00f3kmenntir"]}, {"abbreviation": "RR", "topics": ["ritger\u00f0asm\u00ed\u00f0", "ritun"]}, {"abbreviation": "LF", "topics": ["b\u00f3kmenntasaga 1550-1900", "l\u00e6rd\u00f3ms\u00f6ld", "rauns\u00e6i"]}, {"abbreviation": "VE", "topics": ["verkefni vali\u00f0 og almenn b\u00f3kmenntafr\u00e6\u00f0i kynnt"]}, {"abbreviation": "MV", "topics": ["m\u00e1lv\u00edsindi"]}, {"abbreviation": "YF", "topics": ["Yndislestur framhald"]}, {"abbreviation": "MH", "topics": ["M\u00e1lsaga og go\u00f0afr\u00e6\u00f0i hra\u00f0fer\u00f0"]}, {"abbreviation": "FF", "topics": ["Fornb\u00f3kmenntir hra\u00f0fer\u00f0"]}, {"abbreviation": "YM", "topics": ["Yndislestur 2"]}, {"abbreviation": "FJ", "topics": ["fj\u00f6lmi\u00f0lal\u00e6si"]}, {"abbreviation": "RV", "topics": ["ritger\u00f0arvinna"]}, {"abbreviation": "LS", "topics": ["- sk\u00e1ldsaga \u00far n\u00fat\u00edma", "lestur og lesskilningur"]}, {"abbreviation": "L\u00cd", "topics": ["lestur og lesskilningur - \u00edslendingas\u00f6gur"]}, {"abbreviation": "LE", "topics": ["lestur og lesskilningur - sk\u00e1lds\u00f6gur 20. aldar"]}, {"abbreviation": "H\u00cd", "topics": ["Hagn\u00fdt \u00edslenska"]}, {"abbreviation": "\u00cdM", "topics": ["\u00edslensk m\u00e1lsaga"]}, {"abbreviation": "KV", "topics": ["b\u00f3kmenntir og kvikmyndir"]}, {"abbreviation": "NG", "topics": ["Norr\u00e6n go\u00f0afr\u00e6\u00f0i"]}, {"abbreviation": "LJ", "topics": ["Lj\u00f3\u00f0"]}, {"abbreviation": "AA", "topics": ["Lestur og ritun"]}, {"abbreviation": "\u00cdC", "topics": ["\u00cdslenska \u00e1 starfsbraut"]}, {"abbreviation": "\u00cdA", "topics": ["\u00cdslenska 1 \u00e1 starfsbraut"]}, {"abbreviation": "\u00cdB", "topics": ["\u00cdslenska 2 \u00e1 starfsbraut"]}, {"abbreviation": "N\u00dd", "topics": ["N\u00fdsk\u00f6pun"]}, {"abbreviation": "AB", "topics": ["B\u00f3kmenntir", "m\u00e1lfr\u00e6\u00f0i og ritun"]}, {"abbreviation": "HI", "topics": ["M\u00e1lnotkun og ritun"]}, {"abbreviation": "TR", "topics": ["M\u00e1lnotun og ritun"]}, {"abbreviation": "TL", "topics": ["L\u00e6si", "ritun", "tj\u00e1ning"]}, {"abbreviation": "OH", "topics": ["hlustun", "or\u00f0afor\u00f0i", "talm\u00e1l og ritun"]}, {"abbreviation": "ES", "topics": ["Eddukv\u00e6\u00f0i til si\u00f0askipta"]}, {"abbreviation": "NA", "topics": ["N\u00fdr\u00f3mant\u00edk til aldam\u00f3ta"]}, {"abbreviation": "SN", "topics": ["Si\u00f0askipti til n\u00fdr\u00f3mant\u00edkur"]}, {"abbreviation": "YL", "topics": ["Yndislestur"]}, {"abbreviation": "SS", "topics": ["Stafsetning"]}, {"abbreviation": "BU", "topics": ["Barna- og unglingab\u00f3kmenntir"]}, {"abbreviation": "SK", "topics": ["sk\u00e1lds\u00f6gur"]}, {"abbreviation": "B\u00d3", "topics": ["B\u00f3kmenntir og tungum\u00e1l fr\u00e1 landn\u00e1mi til si\u00f0askipta"]}, {"abbreviation": "M\u00c1", "topics": ["M\u00e1l- og menningarsaga"]}, {"abbreviation": "NF", "topics": ["N\u00fdsk\u00f6punarferli\u00f0: \u00fe\u00f6rf", "afur\u00f0", "lausn"]}, {"abbreviation": "A\u00cd", "topics": ["Almenn \u00edslenska \u00e1 1 \u00ferepi"]}, {"abbreviation": "AM", "topics": ["almenn m\u00e1lnotkun", "b\u00f3kmenntir", "ritun"]}, {"abbreviation": "RS", "topics": ["Skapandi skrif"]}, {"abbreviation": "SP", "topics": ["Spennus\u00f6gur"]}, {"abbreviation": "\u00cdD", "topics": ["\u00cdslenska \u00e1 starfsbraut 4"]}, {"abbreviation": "\u00cdE", "topics": ["\u00cdslenska 5 \u00e1 starfsbraut"]}, {"abbreviation": "SM", "topics": ["Sk\u00e1lds\u00f6gur"]}, {"abbreviation": "M\u00de", "topics": ["\u00cdSLE"]}, {"abbreviation": "SA", "topics": ["Sk\u00f6pun \u00ed v\u00ed\u00f0u samhengi"]}, {"abbreviation": "SJ", "topics": ["L\u00e6si", "b\u00f3kmenntir", "hugtakaskilningur", "m\u00e1lfr\u00e6\u00f0i", "sj\u00e1lfb\u00e6rni og ritun"]}, {"abbreviation": "LM", "topics": ["L\u00e6si", "l\u00fd\u00f0r\u00e6\u00f0i", "mannr\u00e9ttindi og b\u00f3kmenntir"]}, {"abbreviation": "JR", "topics": ["L\u00e6si", "b\u00f3kmenntir og ritun", "jafnr\u00e9tti"]}, {"abbreviation": "HV", "topics": ["L\u00e6si", "heilbrig\u00f0i", "velfer\u00f0 og b\u00f3kmenntir"]}, {"abbreviation": "DB", "topics": ["Sk\u00f3labla\u00f0"]}, {"abbreviation": "\u00c6F", "topics": ["Go\u00f0s\u00f6gur", "fantas\u00edur", "\u00e6vint\u00fdri"]}, {"abbreviation": "VM", "topics": ["Verkefna\u00e1fangi \u00ed m\u00e1lv\u00edsindum"]}, {"abbreviation": "VB", "topics": ["Verkefna\u00e1fangi \u00ed b\u00f3kmenntum"]}, {"abbreviation": "SW", "topics": ["Stafsetning og ritun"]}, {"abbreviation": "MF", "topics": ["M\u00e1lfr\u00e6\u00f0i"]}, {"abbreviation": "SG", "topics": ["B\u00f3kmenntir", "setningafr\u00e6\u00f0i og go\u00f0afr\u00e6\u00f0i"]}, {"abbreviation": "OF", "topics": ["frambur\u00f0ur", "lestrarf\u00e6rni", "or\u00f0afor\u00f0i"]}, {"abbreviation": "CA", "topics": ["B\u00f3kmenntir fram til 1550"]}, {"abbreviation": "BH", "topics": ["Go\u00f0afr\u00e6\u00f0i", "m\u00e1lsaga og ritger\u00f0asm\u00ed\u00f0"]}, {"abbreviation": "DD", "topics": ["B\u00f3kmenntir og b\u00f3kmenntasaga", "einkum 1550-1900."]}, {"abbreviation": "CH", "topics": ["\u00cdslenska 3. Hra\u00f0fer\u00f0"]}, {"abbreviation": "EE", "topics": ["B\u00f3kmenntir og b\u00f3kmenntasaga eftir 1900."]}, {"abbreviation": "HL", "topics": ["M\u00e1lsaga og hlj\u00f3\u00f0fr\u00e6\u00f0i"]}, {"abbreviation": "CB", "topics": ["heimsb\u00f3kmenntir"]}, {"abbreviation": "AL", "topics": ["Almenn m\u00e1lnotkun og l\u00e6si"]}, {"abbreviation": "GF", "topics": ["Go\u00f0afr\u00e6\u00f0i og fornb\u00f3kmenntir"]}, {"abbreviation": "TE", "topics": ["Ritun og textagreining"]}, {"abbreviation": "MA", "topics": ["Menningararfur \u00ed n\u00fat\u00edmanum"]}, {"abbreviation": "S\u00c1", "topics": ["Skrefa\u00f0", "skrifa\u00f0 og skrafa\u00f0 um n\u00e6rsamf\u00e9lagi\u00f0/\u00e1tthagana."]}, {"abbreviation": "NM", "topics": ["fr\u00e1 n\u00fdr\u00f3mant\u00edk til m\u00f3dernisma"]}, {"abbreviation": "HM", "topics": ["Heimildir og m\u00e1lnotkun"]}, {"abbreviation": "M\u00c6", "topics": ["Menningarl\u00e6si"]}, {"abbreviation": "CK", "topics": ["\u00edslenskar kvikmyndir"]}, {"abbreviation": "CL", "topics": ["Leikh\u00fas og leikb\u00f3kmenntir"]}, {"abbreviation": "DL", "topics": ["Leikh\u00fas og leikb\u00f3kmenntir."]}, {"abbreviation": "CN", "topics": ["\u00derj\u00fa verk Halld\u00f3rs Laxness."]}, {"abbreviation": "HB", "topics": ["B\u00f3kmenntir", "heimildaritger\u00f0", "m\u00e1lsaga"]}, {"abbreviation": "CU", "topics": ["Barnab\u00f3kmenntir."]}, {"abbreviation": "CP", "topics": ["Textager\u00f0 og ritstj\u00f3rn"]}, {"abbreviation": "CY", "topics": ["Yndislestur I"]}, {"abbreviation": "DY", "topics": ["Yndislestur II"]}, {"abbreviation": "RH", "topics": ["\u00darvinnsla heimilda og ritun"]}, {"abbreviation": "B\u00cd", "topics": ["B\u00f3kmenntasaga", "\u00cdslendingasaga og forn kve\u00f0skapur"]}, {"abbreviation": "BL", "topics": ["B\u00f3kmenntasaga", "leikritalestur", "lj\u00f3\u00f0alestur", "n\u00fat\u00edmab\u00f3kmenntir"]}, {"abbreviation": "RF", "topics": ["Ritger\u00f0arskrif", "go\u00f0afr\u00e6\u00f0i og m\u00e1lsaga"]}, {"abbreviation": "KM", "topics": ["b\u00f3kmenntir", "kv\u00e6\u00f0i", "lj\u00f3\u00f0", "m\u00e1lnotkun", "ritun"]}, {"abbreviation": "SL", "topics": ["Ritlist"]}, {"abbreviation": "RO", "topics": ["lestur", "m\u00e1lnotkun", "or\u00f0afor\u00f0i", "ritun"]}, {"abbreviation": "LB", "topics": ["b\u00f3kmenntir", "l\u00e6si", "ritun", "stafsetning"]}, {"abbreviation": "FL", "topics": ["frams\u00f6gn", "lestur", "margv\u00edsleg ritun", "or\u00f0afor\u00f0i"]}, {"abbreviation": "HS", "topics": ["heimildavinna", "m\u00e1lnotkun", "ritun", "setningafr\u00e6\u00f0i"]}, {"abbreviation": "KB", "topics": ["b\u00f3kmenntasaga", "heimildavinna", "kynningar", "valdir b\u00f3kmenntatextar"]}, {"abbreviation": "VT", "topics": ["b\u00f3kmenntasaga", "stefnur \u00ed listum og menningu", "valdir b\u00f3kmenntatextar"]}, {"abbreviation": "KF", "topics": ["fr\u00e6\u00f0ileg umfj\u00f6llun", "kvikmyndafr\u00e6\u00f0i", "kvikmyndal\u00e6si", "samf\u00e9lagsr\u00fdni"]}, {"abbreviation": "UM", "topics": ["m\u00e1lfr\u00e6\u00f0i", "or\u00f0afor\u00f0i", "uppruni m\u00e1la", "\u00edslensk m\u00e1lsaga"]}, {"abbreviation": "\u00deH", "topics": ["\u00fej\u00f3\u00f0h\u00e1ttafr\u00e6\u00f0i", "\u00fej\u00f3\u00f0l\u00edfsfr\u00e6\u00f0i", "\u00fej\u00f3\u00f0sagnafr\u00e6\u00f0i og hversdagsmenning"]}, {"abbreviation": "FS", "topics": ["lestur fagurb\u00f3kmennta", "skapandi skrif", "t\u00falkunarm\u00f6guleikar"]}, {"abbreviation": "KS", "topics": ["mi\u00f0aldab\u00f3kmenntir (kv\u00e6\u00f0i og s\u00f6gur)", "\u00e1hrif \u00feeirra \u00e1 n\u00fat\u00edmaverk"]}, {"abbreviation": "TS", "topics": ["m\u00e1lfar", "samf\u00e9lag", "tj\u00e1skipti", "tungum\u00e1l"]}], "_id": "50c0a02dd8e40575f7f6f4a2", "subjects": ["\u00edslenska"], "counter": {"1": 39, "3": 39, "2": 27, "4": 2}}, "evaluation": "L\u00f6g\u00f0 er \u00e1hersla \u00e1 fj\u00f6lbreytt n\u00e1msmat me\u00f0 lei\u00f0s\u00f6gn. N\u00e1msmati\u00f0 er \u00ed h\u00f6ndum kennara vi\u00f0komandi \u00e1fanga en \u00fearf a\u00f0 fylgja \u00feeim reglum sem kve\u00f0i\u00f0 er \u00e1 um \u00ed sk\u00f3lan\u00e1mskr\u00e1 VMA.", "categorization_suggestion": "AV", "embedded_topics": {"abbreviation": "TS", "topics": ["m\u00e1lfar", "samf\u00e9lag", "tj\u00e1skipti", "tungum\u00e1l"]}, "status": "approved by school", "description": "\u00cd \u00e1fanganum er fjalla\u00f0 um \u00e1hrif f\u00e9lagslegra \u00fe\u00e1tta \u00e1 m\u00e1lfar, t.d. atvinnu, b\u00fasetu og kyn. Fari\u00f0 ver\u00f0ur \u00ed \u00fdmislegt sem tengist m\u00e1lt\u00f6ku barna og tj\u00e1skiptum \u00feeirra vi\u00f0 fullor\u00f0na. \u00ddmsar n\u00fdlegar m\u00e1lfarsbreytingar kynntar og rannsaka\u00f0ar. Jafnframt ver\u00f0ur fjalla\u00f0 um s\u00e9rst\u00f6\u00f0u mannsins \u00feegar kemur a\u00f0 tj\u00e1skiptum almennt. Auk \u00feess sko\u00f0a nemendur hvort m\u00e1lsni\u00f0 og m\u00e1lfar \u00e1 netinu s\u00e9 \u00e1 einhvern h\u00e1tt fr\u00e1brug\u00f0i\u00f0 \u00fev\u00ed sem gerist og gengur \u00ed raunheimum og hva\u00f0a \u00e1hrif samf\u00e9lagsmi\u00f0lar hafa haft \u00e1 tungum\u00e1li\u00f0.  Fjalla\u00f0 ver\u00f0ur um \u00fea\u00f0 hvernig t\u00e1knm\u00e1l er uppbyggt og \u00fea\u00f0 tengt l\u00edkamstj\u00e1ningu heyrandi f\u00f3lks. R\u00e6tt ver\u00f0ur um m\u00e1lst\u00f6\u00f0var heilans og \u00e1hrif \u00e1falla \u00e1 \u00fe\u00e6r. Nemendur kynna s\u00e9r fr\u00e6\u00f0ilegar greinar sem tengjast efninu og vinna einnig margv\u00edslegar m\u00e1lfarsranns\u00f3knir. \u00c1hersla l\u00f6g\u00f0 \u00e1 sj\u00e1lfst\u00e6\u00f0 vinnubr\u00f6g\u00f0 og vi\u00f0urkenndar ranns\u00f3knara\u00f0fer\u00f0ir, vi\u00f0eigandi me\u00f0fer\u00f0 og fr\u00e1gang heimilda. Verkefni eru fj\u00f6lbreytt og reyna \u00e1 frumkv\u00e6\u00f0i, v\u00ed\u00f0s\u00fdni og gagnr\u00fdna hugsun. Nemendur kynna verkefni, b\u00e6\u00f0i einir og me\u00f0 \u00f6\u00f0rum.", "knowledge_goals": ["m\u00e1lt\u00f6ku barna", "s\u00e9rst\u00f6\u00f0u mannsins \u00feegar kemur a\u00f0 tungum\u00e1li", "f\u00e9lagslegum \u00fe\u00e1ttum sem geta haft \u00e1hrif \u00e1 m\u00e1lfar f\u00f3lks", "mismunandi m\u00e1ll\u00fdskum, b\u00e6\u00f0i sta\u00f0bundnum og st\u00e9ttbundnum", "\u00e1hrifum samf\u00e9lagsmi\u00f0la og annarrar n\u00fat\u00edmat\u00e6kni \u00e1 \u00fer\u00f3un tungum\u00e1ls", "margv\u00edslegum tj\u00e1skiptum, yrtum sem \u00f3yrtum", "heimildanotkun \u00ed tengslum vi\u00f0 verkefnavinnu og gildi mismunandi heimilda", "or\u00f0afor\u00f0a sem n\u00e6gir til a\u00f0 skilja \u00edslenskt n\u00fat\u00edmam\u00e1l \u00ed r\u00e6\u00f0u og riti"], "skills_goals": ["vinna mismunandi m\u00e1lfarsathuganir", "beita vi\u00f0urkenndum ranns\u00f3knara\u00f0fer\u00f0um", "greina \u00fdmis f\u00e9lagsleg einkenni tungum\u00e1ls", "a\u00f0greina raunverulegt og tilb\u00fai\u00f0 m\u00e1lumhverfi", "skilja lykilhugt\u00f6k og mismunandi sj\u00f3narhorn", "nota m\u00e1lfr\u00e6\u00f0ihugt\u00f6k tengd efninu", "beita algengum st\u00edlbr\u00f6g\u00f0um \u00ed tal- og ritm\u00e1li", "draga saman og n\u00fdta \u00e1 vi\u00f0urkenndan og gagnr\u00fdninn h\u00e1tt uppl\u00fdsingar \u00far hvers kyns heimildum og meta \u00e1rei\u00f0anleika \u00feeirra", "ganga fr\u00e1 heimildaverkefnum og n\u00fdta s\u00e9r uppbyggilega gagnr\u00fdni annarra til betrumb\u00f3ta", "flytja af \u00f6ryggi l\u00fdsingar og kynningar \u00e1 verkefnum s\u00ednum, hver fyrir sig og me\u00f0 \u00f6\u00f0rum"], "credits": 5, "last_modified": 1423838834.515867, "schools": ["512b49bc62933a682f00048a"], "coauthors": null, "instructions": "", "continued_education": false, "level": 3, "prerequisites": "10 einingar \u00e1 2. \u00ferepi", "author": "0bc9b589-2a42-4690-ac7e-ec65f804a0e6", "abbreviation_version": null, "competence_goals": [["\u00e1tta sig \u00e1 \u00e1hrifum f\u00e9lagslegra \u00fe\u00e1tta \u00e1 tungum\u00e1l og samskipti", ""], ["leggja mat \u00e1 og efla eigin m\u00e1lf\u00e6rni og annarra, t.d. me\u00f0 \u00fev\u00ed a\u00f0 n\u00fdta m\u00e1lfr\u00e6\u00f0iuppl\u00fdsingar og \u00feekkingu s\u00edna \u00e1 \u00edslenska m\u00e1lkerfinu", ""], ["skilja hvernig og hvers vegna tungum\u00e1l \u00fer\u00f3ast", ""], ["skrifa sk\u00fdran, vel uppbygg\u00f0an og gr\u00edpandi texta", ""], ["taka \u00fe\u00e1tt \u00ed m\u00e1lefnalegum umr\u00e6\u00f0um, tj\u00e1 afst\u00f6\u00f0u s\u00edna og efasemdir um efni\u00f0 og komast a\u00f0 r\u00f6kstuddri ni\u00f0urst\u00f6\u00f0u", ""], ["draga saman a\u00f0alatri\u00f0i, beita gagnr\u00fdninni hugsun vi\u00f0 lestur, t\u00falkun og \u00farvinnslu krefjandi texta", ""], ["beita sk\u00fdru, v\u00f6ndu\u00f0u og bl\u00e6brig\u00f0ar\u00edku m\u00e1li \u00ed r\u00e6\u00f0u og riti", ""], ["velja ritst\u00edl eftir a\u00f0st\u00e6\u00f0um og vi\u00f0takendum", ""], ["n\u00fdta s\u00e9r heimildir af \u00fdmsum toga \u00ed tengslum vi\u00f0 n\u00e1msefni og verkefnavinnu", ""], ["vinna skapandi verkefni \u00ed tengslum vi\u00f0 n\u00e1msefni\u00f0", ""]], "_id": "54de0e7262933a7a34000418"}, {"exemplary": null, "topics": "fr\u00e6\u00f0ileg umfj\u00f6llun, kvikmyndafr\u00e6\u00f0i, kvikmyndal\u00e6si, samf\u00e9lagsr\u00fdni", "abbreviation": "\u00cdSLE3KF05", "former_schools": null, "subject": "\u00edslenska", "title": "Kvikmyndafr\u00e6\u00f0i", "version": 51, "status_trans": "Sam\u00feykkt af sk\u00f3la", "embedded_subject": {"abbreviation": "\u00cdSLE", "topics": [{"abbreviation": "VR", "topics": ["ritun", "vi\u00f0skiptaskj\u00f6l"]}, {"abbreviation": "TM", "topics": ["m\u00e1lskilningur", "tj\u00e1ning"]}, {"abbreviation": "MS", "topics": ["m\u00e1lskilningur", "s\u00e9rdeild"]}, {"abbreviation": "RT", "topics": ["ritun og tj\u00e1ning"]}, {"abbreviation": "LL", "topics": ["leshra\u00f0i", "lesskilningur"]}, {"abbreviation": "MM", "topics": ["m\u00e1lfr\u00e6\u00f0i", "m\u00e1ltilfinning"]}, {"abbreviation": "RG", "topics": ["greinamerkjasetning", "r\u00e9ttritun"]}, {"abbreviation": "SF", "topics": ["fr\u00f3\u00f0leiks\u00f6flun", "samskipti"]}, {"abbreviation": "BK", "topics": ["b\u00f3kmenntir", "kj\u00f6rb\u00f3k"]}, {"abbreviation": "RB", "topics": ["b\u00f3kmenntir", "ritun"]}, {"abbreviation": "BM", "topics": ["b\u00f3kmenntir", "m\u00e1lsaga", "ritun", "tj\u00e1ning"]}, {"abbreviation": "NB", "topics": ["n\u00fat\u00edmab\u00f3kmenntir"]}, {"abbreviation": "BF", "topics": ["b\u00f3kmenntir fyrri alda"]}, {"abbreviation": "SB", "topics": ["menning", "samt\u00edmab\u00f3kmenntir"]}, {"abbreviation": "BB", "topics": ["barnab\u00f3kmenntir"]}, {"abbreviation": "HR", "topics": ["hra\u00f0lestur"]}, {"abbreviation": "YN", "topics": ["yndislestur"]}, {"abbreviation": "ML", "topics": ["leskilningur", "m\u00e1lnotkun", "m\u00e1ltaka", "ritun og tj\u00e1ning"]}, {"abbreviation": "MB", "topics": ["b\u00f3kmenntir og ritun", "m\u00e1lnotkun"]}, {"abbreviation": "MN", "topics": ["b\u00f3kmenntir", "m\u00e1lsaga og nafnasi\u00f0ir"]}, {"abbreviation": "YH", "topics": ["hra\u00f0lestur", "yndislestur"]}, {"abbreviation": "BS", "topics": ["b\u00f3kmenntir s\u00ed\u00f0ari alda"]}, {"abbreviation": "FH", "topics": ["f\u00e9lagsleg m\u00e1lv\u00edsindi", "hlj\u00f3\u00f0fr\u00e6\u00f0i og hlj\u00f3\u00f0kerfisfr\u00e6\u00f0i", "\u00fe\u00fd\u00f0ingar"]}, {"abbreviation": "TB", "topics": ["tj\u00e1skipti barna og fullor\u00f0inna"]}, {"abbreviation": "GL", "topics": ["gl\u00e6pas\u00f6gur"]}, {"abbreviation": "RM", "topics": ["m\u00e1lfr\u00e6\u00f0i", "ritun", "stafsetning"]}, {"abbreviation": "BT", "topics": ["bragfr\u00e6\u00f0i", "setningafr\u00e6\u00f0i", "textar fr\u00e1 \u00fdmsum l\u00f6ndum"]}, {"abbreviation": "MT", "topics": ["m\u00e1lfr\u00e6\u00f0i", "ritun og tj\u00e1ning"]}, {"abbreviation": "BR", "topics": ["b\u00f3kmenntir", "m\u00e1lnotkun", "ritun"]}, {"abbreviation": "MG", "topics": ["b\u00f3kmenntir og ritun", "go\u00f0afr\u00e6\u00f0i", "m\u00e1lsaga"]}, {"abbreviation": "EU", "topics": ["eddukv\u00e6\u00f0i", "uppl\u00fdsing"]}, {"abbreviation": "UK", "topics": ["kreppa", "uppl\u00fdsing"]}, {"abbreviation": "KA", "topics": ["aldam\u00f3t", "kreppa"]}, {"abbreviation": "RN", "topics": ["n\u00fat\u00edmab\u00f3kmenntir", "ritger\u00f0arsm\u00ed\u00f0"]}, {"abbreviation": "KU", "topics": ["kynningarefni", "ums\u00f3knir"]}, {"abbreviation": "RI", "topics": ["ritger\u00f0arsm\u00ed\u00f0", "textar fr\u00e1 \u00fdmsum l\u00f6ndum"]}, {"abbreviation": "BG", "topics": ["b\u00f3kmenntir", "go\u00f0afr\u00e6\u00f0i", "m\u00e1lsaga"]}, {"abbreviation": "FM", "topics": ["fornb\u00f3kmenntir", "m\u00e1lfr\u00e6\u00f0i"]}, {"abbreviation": "BN", "topics": ["b\u00f3kmenntir", "n\u00fat\u00edmi"]}, {"abbreviation": "FO", "topics": ["fornb\u00f3kmenntir"]}, {"abbreviation": "UN", "topics": ["undirb\u00fanings\u00e1fangi \u00ed \u00edslensku"]}, {"abbreviation": "MR", "topics": ["b\u00f3kmenntir", "m\u00e1lnotkun og ritun"]}, {"abbreviation": "ED", "topics": ["eddukv\u00e6\u00f0i og \u00edslendingas\u00f6gur"]}, {"abbreviation": "NJ", "topics": ["fr\u00e1 nj\u00e1lu til n\u00fdr\u00f3mant\u00edkur"]}, {"abbreviation": "\u00d6L", "topics": ["b\u00f3kmenntir \u00e1 20. \u00f6ld"]}, {"abbreviation": "ME", "topics": ["b\u00f3kmenntir"]}, {"abbreviation": "RL", "topics": ["lestur", "ritun og tj\u00e1ning"]}, {"abbreviation": "MI", "topics": ["m\u00e1l og b\u00f3kmenntir fr\u00e1 si\u00f0askiptum til aldam\u00f3tanna 1900"]}, {"abbreviation": "GM", "topics": ["go\u00f0afr\u00e6\u00f0i", "m\u00e1lsaga"]}, {"abbreviation": "GR", "topics": ["grunnur"]}, {"abbreviation": "LR", "topics": ["lestur og ritun"]}, {"abbreviation": "ST", "topics": ["stafsetning"]}, {"abbreviation": "\u00cdS", "topics": ["\u00edslenska"]}, {"abbreviation": "LT", "topics": ["lestur", "m\u00e1lfr\u00e6\u00f0i", "ritun", "stafsetning", "tj\u00e1ning"]}, {"abbreviation": "SR", "topics": ["lestur og tj\u00e1ning", "m\u00e1lfr\u00e6\u00f0i", "ritun", "stafsetning"]}, {"abbreviation": "GO", "topics": ["go\u00f0afr\u00e6\u00f0i", "m\u00e1lnotkun og ritun", "m\u00e1lsaga"]}, {"abbreviation": "NH", "topics": ["b\u00f3kmenntasaga 1900 til samt\u00edmans", "hugtakabeiting", "n\u00fat\u00edmab\u00f3kmenntir"]}, {"abbreviation": "RR", "topics": ["ritger\u00f0asm\u00ed\u00f0", "ritun"]}, {"abbreviation": "LF", "topics": ["b\u00f3kmenntasaga 1550-1900", "l\u00e6rd\u00f3ms\u00f6ld", "rauns\u00e6i"]}, {"abbreviation": "VE", "topics": ["verkefni vali\u00f0 og almenn b\u00f3kmenntafr\u00e6\u00f0i kynnt"]}, {"abbreviation": "MV", "topics": ["m\u00e1lv\u00edsindi"]}, {"abbreviation": "YF", "topics": ["Yndislestur framhald"]}, {"abbreviation": "MH", "topics": ["M\u00e1lsaga og go\u00f0afr\u00e6\u00f0i hra\u00f0fer\u00f0"]}, {"abbreviation": "FF", "topics": ["Fornb\u00f3kmenntir hra\u00f0fer\u00f0"]}, {"abbreviation": "YM", "topics": ["Yndislestur 2"]}, {"abbreviation": "FJ", "topics": ["fj\u00f6lmi\u00f0lal\u00e6si"]}, {"abbreviation": "RV", "topics": ["ritger\u00f0arvinna"]}, {"abbreviation": "LS", "topics": ["- sk\u00e1ldsaga \u00far n\u00fat\u00edma", "lestur og lesskilningur"]}, {"abbreviation": "L\u00cd", "topics": ["lestur og lesskilningur - \u00edslendingas\u00f6gur"]}, {"abbreviation": "LE", "topics": ["lestur og lesskilningur - sk\u00e1lds\u00f6gur 20. aldar"]}, {"abbreviation": "H\u00cd", "topics": ["Hagn\u00fdt \u00edslenska"]}, {"abbreviation": "\u00cdM", "topics": ["\u00edslensk m\u00e1lsaga"]}, {"abbreviation": "KV", "topics": ["b\u00f3kmenntir og kvikmyndir"]}, {"abbreviation": "NG", "topics": ["Norr\u00e6n go\u00f0afr\u00e6\u00f0i"]}, {"abbreviation": "LJ", "topics": ["Lj\u00f3\u00f0"]}, {"abbreviation": "AA", "topics": ["Lestur og ritun"]}, {"abbreviation": "\u00cdC", "topics": ["\u00cdslenska \u00e1 starfsbraut"]}, {"abbreviation": "\u00cdA", "topics": ["\u00cdslenska 1 \u00e1 starfsbraut"]}, {"abbreviation": "\u00cdB", "topics": ["\u00cdslenska 2 \u00e1 starfsbraut"]}, {"abbreviation": "N\u00dd", "topics": ["N\u00fdsk\u00f6pun"]}, {"abbreviation": "AB", "topics": ["B\u00f3kmenntir", "m\u00e1lfr\u00e6\u00f0i og ritun"]}, {"abbreviation": "HI", "topics": ["M\u00e1lnotkun og ritun"]}, {"abbreviation": "TR", "topics": ["M\u00e1lnotun og ritun"]}, {"abbreviation": "TL", "topics": ["L\u00e6si", "ritun", "tj\u00e1ning"]}, {"abbreviation": "OH", "topics": ["hlustun", "or\u00f0afor\u00f0i", "talm\u00e1l og ritun"]}, {"abbreviation": "ES", "topics": ["Eddukv\u00e6\u00f0i til si\u00f0askipta"]}, {"abbreviation": "NA", "topics": ["N\u00fdr\u00f3mant\u00edk til aldam\u00f3ta"]}, {"abbreviation": "SN", "topics": ["Si\u00f0askipti til n\u00fdr\u00f3mant\u00edkur"]}, {"abbreviation": "YL", "topics": ["Yndislestur"]}, {"abbreviation": "SS", "topics": ["Stafsetning"]}, {"abbreviation": "BU", "topics": ["Barna- og unglingab\u00f3kmenntir"]}, {"abbreviation": "SK", "topics": ["sk\u00e1lds\u00f6gur"]}, {"abbreviation": "B\u00d3", "topics": ["B\u00f3kmenntir og tungum\u00e1l fr\u00e1 landn\u00e1mi til si\u00f0askipta"]}, {"abbreviation": "M\u00c1", "topics": ["M\u00e1l- og menningarsaga"]}, {"abbreviation": "NF", "topics": ["N\u00fdsk\u00f6punarferli\u00f0: \u00fe\u00f6rf", "afur\u00f0", "lausn"]}, {"abbreviation": "A\u00cd", "topics": ["Almenn \u00edslenska \u00e1 1 \u00ferepi"]}, {"abbreviation": "AM", "topics": ["almenn m\u00e1lnotkun", "b\u00f3kmenntir", "ritun"]}, {"abbreviation": "RS", "topics": ["Skapandi skrif"]}, {"abbreviation": "SP", "topics": ["Spennus\u00f6gur"]}, {"abbreviation": "\u00cdD", "topics": ["\u00cdslenska \u00e1 starfsbraut 4"]}, {"abbreviation": "\u00cdE", "topics": ["\u00cdslenska 5 \u00e1 starfsbraut"]}, {"abbreviation": "SM", "topics": ["Sk\u00e1lds\u00f6gur"]}, {"abbreviation": "M\u00de", "topics": ["\u00cdSLE"]}, {"abbreviation": "SA", "topics": ["Sk\u00f6pun \u00ed v\u00ed\u00f0u samhengi"]}, {"abbreviation": "SJ", "topics": ["L\u00e6si", "b\u00f3kmenntir", "hugtakaskilningur", "m\u00e1lfr\u00e6\u00f0i", "sj\u00e1lfb\u00e6rni og ritun"]}, {"abbreviation": "LM", "topics": ["L\u00e6si", "l\u00fd\u00f0r\u00e6\u00f0i", "mannr\u00e9ttindi og b\u00f3kmenntir"]}, {"abbreviation": "JR", "topics": ["L\u00e6si", "b\u00f3kmenntir og ritun", "jafnr\u00e9tti"]}, {"abbreviation": "HV", "topics": ["L\u00e6si", "heilbrig\u00f0i", "velfer\u00f0 og b\u00f3kmenntir"]}, {"abbreviation": "DB", "topics": ["Sk\u00f3labla\u00f0"]}, {"abbreviation": "\u00c6F", "topics": ["Go\u00f0s\u00f6gur", "fantas\u00edur", "\u00e6vint\u00fdri"]}, {"abbreviation": "VM", "topics": ["Verkefna\u00e1fangi \u00ed m\u00e1lv\u00edsindum"]}, {"abbreviation": "VB", "topics": ["Verkefna\u00e1fangi \u00ed b\u00f3kmenntum"]}, {"abbreviation": "SW", "topics": ["Stafsetning og ritun"]}, {"abbreviation": "MF", "topics": ["M\u00e1lfr\u00e6\u00f0i"]}, {"abbreviation": "SG", "topics": ["B\u00f3kmenntir", "setningafr\u00e6\u00f0i og go\u00f0afr\u00e6\u00f0i"]}, {"abbreviation": "OF", "topics": ["frambur\u00f0ur", "lestrarf\u00e6rni", "or\u00f0afor\u00f0i"]}, {"abbreviation": "CA", "topics": ["B\u00f3kmenntir fram til 1550"]}, {"abbreviation": "BH", "topics": ["Go\u00f0afr\u00e6\u00f0i", "m\u00e1lsaga og ritger\u00f0asm\u00ed\u00f0"]}, {"abbreviation": "DD", "topics": ["B\u00f3kmenntir og b\u00f3kmenntasaga", "einkum 1550-1900."]}, {"abbreviation": "CH", "topics": ["\u00cdslenska 3. Hra\u00f0fer\u00f0"]}, {"abbreviation": "EE", "topics": ["B\u00f3kmenntir og b\u00f3kmenntasaga eftir 1900."]}, {"abbreviation": "HL", "topics": ["M\u00e1lsaga og hlj\u00f3\u00f0fr\u00e6\u00f0i"]}, {"abbreviation": "CB", "topics": ["heimsb\u00f3kmenntir"]}, {"abbreviation": "AL", "topics": ["Almenn m\u00e1lnotkun og l\u00e6si"]}, {"abbreviation": "GF", "topics": ["Go\u00f0afr\u00e6\u00f0i og fornb\u00f3kmenntir"]}, {"abbreviation": "TE", "topics": ["Ritun og textagreining"]}, {"abbreviation": "MA", "topics": ["Menningararfur \u00ed n\u00fat\u00edmanum"]}, {"abbreviation": "S\u00c1", "topics": ["Skrefa\u00f0", "skrifa\u00f0 og skrafa\u00f0 um n\u00e6rsamf\u00e9lagi\u00f0/\u00e1tthagana."]}, {"abbreviation": "NM", "topics": ["fr\u00e1 n\u00fdr\u00f3mant\u00edk til m\u00f3dernisma"]}, {"abbreviation": "HM", "topics": ["Heimildir og m\u00e1lnotkun"]}, {"abbreviation": "M\u00c6", "topics": ["Menningarl\u00e6si"]}, {"abbreviation": "CK", "topics": ["\u00edslenskar kvikmyndir"]}, {"abbreviation": "CL", "topics": ["Leikh\u00fas og leikb\u00f3kmenntir"]}, {"abbreviation": "DL", "topics": ["Leikh\u00fas og leikb\u00f3kmenntir."]}, {"abbreviation": "CN", "topics": ["\u00derj\u00fa verk Halld\u00f3rs Laxness."]}, {"abbreviation": "HB", "topics": ["B\u00f3kmenntir", "heimildaritger\u00f0", "m\u00e1lsaga"]}, {"abbreviation": "CU", "topics": ["Barnab\u00f3kmenntir."]}, {"abbreviation": "CP", "topics": ["Textager\u00f0 og ritstj\u00f3rn"]}, {"abbreviation": "CY", "topics": ["Yndislestur I"]}, {"abbreviation": "DY", "topics": ["Yndislestur II"]}, {"abbreviation": "RH", "topics": ["\u00darvinnsla heimilda og ritun"]}, {"abbreviation": "B\u00cd", "topics": ["B\u00f3kmenntasaga", "\u00cdslendingasaga og forn kve\u00f0skapur"]}, {"abbreviation": "BL", "topics": ["B\u00f3kmenntasaga", "leikritalestur", "lj\u00f3\u00f0alestur", "n\u00fat\u00edmab\u00f3kmenntir"]}, {"abbreviation": "RF", "topics": ["Ritger\u00f0arskrif", "go\u00f0afr\u00e6\u00f0i og m\u00e1lsaga"]}, {"abbreviation": "KM", "topics": ["b\u00f3kmenntir", "kv\u00e6\u00f0i", "lj\u00f3\u00f0", "m\u00e1lnotkun", "ritun"]}, {"abbreviation": "SL", "topics": ["Ritlist"]}, {"abbreviation": "RO", "topics": ["lestur", "m\u00e1lnotkun", "or\u00f0afor\u00f0i", "ritun"]}, {"abbreviation": "LB", "topics": ["b\u00f3kmenntir", "l\u00e6si", "ritun", "stafsetning"]}, {"abbreviation": "FL", "topics": ["frams\u00f6gn", "lestur", "margv\u00edsleg ritun", "or\u00f0afor\u00f0i"]}, {"abbreviation": "HS", "topics": ["heimildavinna", "m\u00e1lnotkun", "ritun", "setningafr\u00e6\u00f0i"]}, {"abbreviation": "KB", "topics": ["b\u00f3kmenntasaga", "heimildavinna", "kynningar", "valdir b\u00f3kmenntatextar"]}, {"abbreviation": "VT", "topics": ["b\u00f3kmenntasaga", "stefnur \u00ed listum og menningu", "valdir b\u00f3kmenntatextar"]}, {"abbreviation": "KF", "topics": ["fr\u00e6\u00f0ileg umfj\u00f6llun", "kvikmyndafr\u00e6\u00f0i", "kvikmyndal\u00e6si", "samf\u00e9lagsr\u00fdni"]}], "_id": "50c0a02dd8e40575f7f6f4a2", "subjects": ["\u00edslenska"], "counter": {"1": 39, "3": 39, "2": 27, "4": 2}}, "evaluation": "L\u00f6g\u00f0 er \u00e1hersla \u00e1 fj\u00f6lbreytt n\u00e1msmat me\u00f0 lei\u00f0s\u00f6gn. N\u00e1msmati\u00f0 er \u00ed h\u00f6ndum kennara vi\u00f0komandi \u00e1fanga en \u00fearf a\u00f0 fylgja \u00feeim reglum sem kve\u00f0i\u00f0 er \u00e1 um \u00ed sk\u00f3lan\u00e1mskr\u00e1 VMA.", "categorization_suggestion": "AV", "embedded_topics": {"abbreviation": "KF", "topics": ["fr\u00e6\u00f0ileg umfj\u00f6llun", "kvikmyndafr\u00e6\u00f0i", "kvikmyndal\u00e6si", "samf\u00e9lagsr\u00fdni"]}, "status": "approved by school", "description": "\u00cd n\u00e1mskei\u00f0inu \u00edslenskar kvikmyndir kynnast nemendur \u00farvali \u00edslenskra kvikmynda, v\u00f6ldum til a\u00f0 s\u00fdna fj\u00f6lbreytni \u00ed stefnum, s\u00f6gusko\u00f0un og vi\u00f0fangsefnum. Fari\u00f0 er \u00ed nokkur grunnatri\u00f0i \u00ed kvikmyndagreiningu. Sko\u00f0a\u00f0 er hvernig kvikmyndir bera \u00ed s\u00e9r menningu og samf\u00e9lagssko\u00f0un hvers t\u00edma t.d. \u00feegar kemur a\u00f0 kynhlutverkum. Einnig eru teknar til umfj\u00f6llunar kvikmynda\u00f0ar b\u00f3kmenntir, barnamyndir og heimildarmyndir.  Auk \u00feess a\u00f0 f\u00e1 inns\u00fdn \u00ed \u00edslenska kvikmyndas\u00f6gu og stefnur kynnast nemendur betur menningu og samf\u00e9lagi \u00cdslands gegnum myndirnar. \u00c6tlast er til \u00feess a\u00f0 nemendur taki virkan \u00fe\u00e1tt \u00ed umr\u00e6\u00f0um, sj\u00e1i \u00farval \u00feeirra kvikmynda sem fjalla\u00f0 er um \u00ed t\u00edmunum og vinni fj\u00f6lbreytt verkefni, \u00fdmist einir e\u00f0a me\u00f0 \u00f6\u00f0rum. \u00c1fanginn byggist \u00e1 sex sto\u00f0um menntunar: L\u00e6si \u00ed v\u00ed\u00f0um skilningi, menntun til sj\u00e1lfb\u00e6rni, heilbrig\u00f0i og velfer\u00f0, l\u00fd\u00f0r\u00e6\u00f0i og mannr\u00e9ttindum, jafnr\u00e9tti og skapandi starfi. ", "knowledge_goals": ["mikilv\u00e6gum kvikmynda \u2013 og b\u00f3kmenntafr\u00e6\u00f0ilegum hugt\u00f6kum", "grunna\u00f0fer\u00f0um \u00ed greiningu kvikmynda", "v\u00f6ldum \u00fe\u00e1ttum \u00ed kvikmyndas\u00f6gu", "hvernig kvikmyndir endurspegla vi\u00f0horf og gildi \u00ed hverju samf\u00e9lagi og \u00e1 hverjum t\u00edma", "hvernig kvikmyndir endurspegla kynhlutverk", "helstu greinum kvikmynda og stefnum", "mikilv\u00e6gi \u00feess a\u00f0 bera vir\u00f0ingu fyrir sko\u00f0unum annarra", "mismunandi m\u00e1lsni\u00f0i \u00ed kvikmyndum"], "skills_goals": ["beita gagnr\u00fdnni hugsun", "f\u00e6ra r\u00f6k fyrir eigin m\u00e1li", "tj\u00e1 sig og hlusta \u00e1 a\u00f0ra", "sko\u00f0a hvernig fj\u00f6lmenningarleg vi\u00f0horf birtast \u00ed kvikmyndum", "mi\u00f0la sko\u00f0unum s\u00ednum og fr\u00e6\u00f0ilegum athugunum \u00e1 skapandi h\u00e1tt", "flytja af \u00f6ryggi og sannf\u00e6ringarkrafti vel uppbygg\u00f0a r\u00e6\u00f0u e\u00f0a \u00edtarlega kynningu \u00e1 fl\u00f3knu efni", "koma fr\u00e1 s\u00e9r efni \u00e1 sk\u00fdru og bl\u00e6brig\u00f0ar\u00edku m\u00e1li", "draga saman og n\u00fdta \u00e1 vi\u00f0urkenndan og gagnr\u00fdninn h\u00e1tt uppl\u00fdsingar \u00far hvers kyns heimildum, hvort sem er \u00ed r\u00e6\u00f0u e\u00f0a riti og meta \u00e1rei\u00f0anleika \u00feeirra"], "credits": 5, "last_modified": 1423837263.479565, "schools": ["512b49bc62933a682f00048a"], "coauthors": null, "instructions": "", "continued_education": false, "level": 3, "prerequisites": "10 einingar \u00e1 2. \u00ferepi", "author": "0bc9b589-2a42-4690-ac7e-ec65f804a0e6", "abbreviation_version": null, "competence_goals": [["greina kynhlutverk \u00ed kvikmyndum", ""], ["greina uppbyggingu kvikmynda", ""], ["tengja kvikmyndafr\u00e6\u00f0i vi\u00f0 eigin reynslu og veruleika", ""], ["n\u00fdta hugt\u00f6k og a\u00f0fer\u00f0ir \u00ed fr\u00e6\u00f0ilegri umfj\u00f6llun um kvikmyndir", ""], ["tj\u00e1 r\u00f6kstudda afst\u00f6\u00f0u vi\u00f0 \u00fdmsar kringumst\u00e6\u00f0ur", ""], ["meta eigin r\u00f6k og annarra", ""], ["\u00fatsk\u00fdra sj\u00f3narmi\u00f0 og taka virkan \u00fe\u00e1tt \u00ed m\u00e1lefnalegum umr\u00e6\u00f0um til a\u00f0 komast a\u00f0 vel \u00edgrunda\u00f0ri ni\u00f0urst\u00f6\u00f0u", ""], ["draga saman a\u00f0alatri\u00f0i, beita gagnr\u00fdnni hugsun vi\u00f0 lestur, t\u00falkun og \u00farvinnslu krefjandi texta", ""], ["\u00e1tta sig \u00e1 samf\u00e9lagslegum sk\u00edrskotunum og n\u00e1 duldum bo\u00f0skap og hugmyndum", ""], ["beita m\u00e1linu \u00e1 vi\u00f0eigandi og \u00e1rangursr\u00edkan h\u00e1tt vi\u00f0 mismunandi a\u00f0st\u00e6\u00f0ur \u00ed r\u00e6\u00f0u og riti", ""]], "_id": "54de084f62933a7a340003f3"}, {"exemplary": null, "topics": "mi\u00f0aldab\u00f3kmenntir (kv\u00e6\u00f0i og s\u00f6gur), \u00e1hrif \u00feeirra \u00e1 n\u00fat\u00edmaverk", "abbreviation": "\u00cdSLE3KS05", "former_schools": null, "subject": "\u00edslenska", "title": "Mi\u00f0aldab\u00f3kmenntir", "version": 54, "status_trans": "Sam\u00feykkt af sk\u00f3la", "embedded_subject": {"abbreviation": "\u00cdSLE", "topics": [{"abbreviation": "VR", "topics": ["ritun", "vi\u00f0skiptaskj\u00f6l"]}, {"abbreviation": "TM", "topics": ["m\u00e1lskilningur", "tj\u00e1ning"]}, {"abbreviation": "MS", "topics": ["m\u00e1lskilningur", "s\u00e9rdeild"]}, {"abbreviation": "RT", "topics": ["ritun og tj\u00e1ning"]}, {"abbreviation": "LL", "topics": ["leshra\u00f0i", "lesskilningur"]}, {"abbreviation": "MM", "topics": ["m\u00e1lfr\u00e6\u00f0i", "m\u00e1ltilfinning"]}, {"abbreviation": "RG", "topics": ["greinamerkjasetning", "r\u00e9ttritun"]}, {"abbreviation": "SF", "topics": ["fr\u00f3\u00f0leiks\u00f6flun", "samskipti"]}, {"abbreviation": "BK", "topics": ["b\u00f3kmenntir", "kj\u00f6rb\u00f3k"]}, {"abbreviation": "RB", "topics": ["b\u00f3kmenntir", "ritun"]}, {"abbreviation": "BM", "topics": ["b\u00f3kmenntir", "m\u00e1lsaga", "ritun", "tj\u00e1ning"]}, {"abbreviation": "NB", "topics": ["n\u00fat\u00edmab\u00f3kmenntir"]}, {"abbreviation": "BF", "topics": ["b\u00f3kmenntir fyrri alda"]}, {"abbreviation": "SB", "topics": ["menning", "samt\u00edmab\u00f3kmenntir"]}, {"abbreviation": "BB", "topics": ["barnab\u00f3kmenntir"]}, {"abbreviation": "HR", "topics": ["hra\u00f0lestur"]}, {"abbreviation": "YN", "topics": ["yndislestur"]}, {"abbreviation": "ML", "topics": ["leskilningur", "m\u00e1lnotkun", "m\u00e1ltaka", "ritun og tj\u00e1ning"]}, {"abbreviation": "MB", "topics": ["b\u00f3kmenntir og ritun", "m\u00e1lnotkun"]}, {"abbreviation": "MN", "topics": ["b\u00f3kmenntir", "m\u00e1lsaga og nafnasi\u00f0ir"]}, {"abbreviation": "YH", "topics": ["hra\u00f0lestur", "yndislestur"]}, {"abbreviation": "BS", "topics": ["b\u00f3kmenntir s\u00ed\u00f0ari alda"]}, {"abbreviation": "FH", "topics": ["f\u00e9lagsleg m\u00e1lv\u00edsindi", "hlj\u00f3\u00f0fr\u00e6\u00f0i og hlj\u00f3\u00f0kerfisfr\u00e6\u00f0i", "\u00fe\u00fd\u00f0ingar"]}, {"abbreviation": "TB", "topics": ["tj\u00e1skipti barna og fullor\u00f0inna"]}, {"abbreviation": "GL", "topics": ["gl\u00e6pas\u00f6gur"]}, {"abbreviation": "RM", "topics": ["m\u00e1lfr\u00e6\u00f0i", "ritun", "stafsetning"]}, {"abbreviation": "BT", "topics": ["bragfr\u00e6\u00f0i", "setningafr\u00e6\u00f0i", "textar fr\u00e1 \u00fdmsum l\u00f6ndum"]}, {"abbreviation": "MT", "topics": ["m\u00e1lfr\u00e6\u00f0i", "ritun og tj\u00e1ning"]}, {"abbreviation": "BR", "topics": ["b\u00f3kmenntir", "m\u00e1lnotkun", "ritun"]}, {"abbreviation": "MG", "topics": ["b\u00f3kmenntir og ritun", "go\u00f0afr\u00e6\u00f0i", "m\u00e1lsaga"]}, {"abbreviation": "EU", "topics": ["eddukv\u00e6\u00f0i", "uppl\u00fdsing"]}, {"abbreviation": "UK", "topics": ["kreppa", "uppl\u00fdsing"]}, {"abbreviation": "KA", "topics": ["aldam\u00f3t", "kreppa"]}, {"abbreviation": "RN", "topics": ["n\u00fat\u00edmab\u00f3kmenntir", "ritger\u00f0arsm\u00ed\u00f0"]}, {"abbreviation": "KU", "topics": ["kynningarefni", "ums\u00f3knir"]}, {"abbreviation": "RI", "topics": ["ritger\u00f0arsm\u00ed\u00f0", "textar fr\u00e1 \u00fdmsum l\u00f6ndum"]}, {"abbreviation": "BG", "topics": ["b\u00f3kmenntir", "go\u00f0afr\u00e6\u00f0i", "m\u00e1lsaga"]}, {"abbreviation": "FM", "topics": ["fornb\u00f3kmenntir", "m\u00e1lfr\u00e6\u00f0i"]}, {"abbreviation": "BN", "topics": ["b\u00f3kmenntir", "n\u00fat\u00edmi"]}, {"abbreviation": "FO", "topics": ["fornb\u00f3kmenntir"]}, {"abbreviation": "UN", "topics": ["undirb\u00fanings\u00e1fangi \u00ed \u00edslensku"]}, {"abbreviation": "MR", "topics": ["b\u00f3kmenntir", "m\u00e1lnotkun og ritun"]}, {"abbreviation": "ED", "topics": ["eddukv\u00e6\u00f0i og \u00edslendingas\u00f6gur"]}, {"abbreviation": "NJ", "topics": ["fr\u00e1 nj\u00e1lu til n\u00fdr\u00f3mant\u00edkur"]}, {"abbreviation": "\u00d6L", "topics": ["b\u00f3kmenntir \u00e1 20. \u00f6ld"]}, {"abbreviation": "ME", "topics": ["b\u00f3kmenntir"]}, {"abbreviation": "RL", "topics": ["lestur", "ritun og tj\u00e1ning"]}, {"abbreviation": "MI", "topics": ["m\u00e1l og b\u00f3kmenntir fr\u00e1 si\u00f0askiptum til aldam\u00f3tanna 1900"]}, {"abbreviation": "GM", "topics": ["go\u00f0afr\u00e6\u00f0i", "m\u00e1lsaga"]}, {"abbreviation": "GR", "topics": ["grunnur"]}, {"abbreviation": "LR", "topics": ["lestur og ritun"]}, {"abbreviation": "ST", "topics": ["stafsetning"]}, {"abbreviation": "\u00cdS", "topics": ["\u00edslenska"]}, {"abbreviation": "LT", "topics": ["lestur", "m\u00e1lfr\u00e6\u00f0i", "ritun", "stafsetning", "tj\u00e1ning"]}, {"abbreviation": "SR", "topics": ["lestur og tj\u00e1ning", "m\u00e1lfr\u00e6\u00f0i", "ritun", "stafsetning"]}, {"abbreviation": "GO", "topics": ["go\u00f0afr\u00e6\u00f0i", "m\u00e1lnotkun og ritun", "m\u00e1lsaga"]}, {"abbreviation": "NH", "topics": ["b\u00f3kmenntasaga 1900 til samt\u00edmans", "hugtakabeiting", "n\u00fat\u00edmab\u00f3kmenntir"]}, {"abbreviation": "RR", "topics": ["ritger\u00f0asm\u00ed\u00f0", "ritun"]}, {"abbreviation": "LF", "topics": ["b\u00f3kmenntasaga 1550-1900", "l\u00e6rd\u00f3ms\u00f6ld", "rauns\u00e6i"]}, {"abbreviation": "VE", "topics": ["verkefni vali\u00f0 og almenn b\u00f3kmenntafr\u00e6\u00f0i kynnt"]}, {"abbreviation": "MV", "topics": ["m\u00e1lv\u00edsindi"]}, {"abbreviation": "YF", "topics": ["Yndislestur framhald"]}, {"abbreviation": "MH", "topics": ["M\u00e1lsaga og go\u00f0afr\u00e6\u00f0i hra\u00f0fer\u00f0"]}, {"abbreviation": "FF", "topics": ["Fornb\u00f3kmenntir hra\u00f0fer\u00f0"]}, {"abbreviation": "YM", "topics": ["Yndislestur 2"]}, {"abbreviation": "FJ", "topics": ["fj\u00f6lmi\u00f0lal\u00e6si"]}, {"abbreviation": "RV", "topics": ["ritger\u00f0arvinna"]}, {"abbreviation": "LS", "topics": ["- sk\u00e1ldsaga \u00far n\u00fat\u00edma", "lestur og lesskilningur"]}, {"abbreviation": "L\u00cd", "topics": ["lestur og lesskilningur - \u00edslendingas\u00f6gur"]}, {"abbreviation": "LE", "topics": ["lestur og lesskilningur - sk\u00e1lds\u00f6gur 20. aldar"]}, {"abbreviation": "H\u00cd", "topics": ["Hagn\u00fdt \u00edslenska"]}, {"abbreviation": "\u00cdM", "topics": ["\u00edslensk m\u00e1lsaga"]}, {"abbreviation": "KV", "topics": ["b\u00f3kmenntir og kvikmyndir"]}, {"abbreviation": "NG", "topics": ["Norr\u00e6n go\u00f0afr\u00e6\u00f0i"]}, {"abbreviation": "LJ", "topics": ["Lj\u00f3\u00f0"]}, {"abbreviation": "AA", "topics": ["Lestur og ritun"]}, {"abbreviation": "\u00cdC", "topics": ["\u00cdslenska \u00e1 starfsbraut"]}, {"abbreviation": "\u00cdA", "topics": ["\u00cdslenska 1 \u00e1 starfsbraut"]}, {"abbreviation": "\u00cdB", "topics": ["\u00cdslenska 2 \u00e1 starfsbraut"]}, {"abbreviation": "N\u00dd", "topics": ["N\u00fdsk\u00f6pun"]}, {"abbreviation": "AB", "topics": ["B\u00f3kmenntir", "m\u00e1lfr\u00e6\u00f0i og ritun"]}, {"abbreviation": "HI", "topics": ["M\u00e1lnotkun og ritun"]}, {"abbreviation": "TR", "topics": ["M\u00e1lnotun og ritun"]}, {"abbreviation": "TL", "topics": ["L\u00e6si", "ritun", "tj\u00e1ning"]}, {"abbreviation": "OH", "topics": ["hlustun", "or\u00f0afor\u00f0i", "talm\u00e1l og ritun"]}, {"abbreviation": "ES", "topics": ["Eddukv\u00e6\u00f0i til si\u00f0askipta"]}, {"abbreviation": "NA", "topics": ["N\u00fdr\u00f3mant\u00edk til aldam\u00f3ta"]}, {"abbreviation": "SN", "topics": ["Si\u00f0askipti til n\u00fdr\u00f3mant\u00edkur"]}, {"abbreviation": "YL", "topics": ["Yndislestur"]}, {"abbreviation": "SS", "topics": ["Stafsetning"]}, {"abbreviation": "BU", "topics": ["Barna- og unglingab\u00f3kmenntir"]}, {"abbreviation": "SK", "topics": ["sk\u00e1lds\u00f6gur"]}, {"abbreviation": "B\u00d3", "topics": ["B\u00f3kmenntir og tungum\u00e1l fr\u00e1 landn\u00e1mi til si\u00f0askipta"]}, {"abbreviation": "M\u00c1", "topics": ["M\u00e1l- og menningarsaga"]}, {"abbreviation": "NF", "topics": ["N\u00fdsk\u00f6punarferli\u00f0: \u00fe\u00f6rf", "afur\u00f0", "lausn"]}, {"abbreviation": "A\u00cd", "topics": ["Almenn \u00edslenska \u00e1 1 \u00ferepi"]}, {"abbreviation": "AM", "topics": ["almenn m\u00e1lnotkun", "b\u00f3kmenntir", "ritun"]}, {"abbreviation": "RS", "topics": ["Skapandi skrif"]}, {"abbreviation": "SP", "topics": ["Spennus\u00f6gur"]}, {"abbreviation": "\u00cdD", "topics": ["\u00cdslenska \u00e1 starfsbraut 4"]}, {"abbreviation": "\u00cdE", "topics": ["\u00cdslenska 5 \u00e1 starfsbraut"]}, {"abbreviation": "SM", "topics": ["Sk\u00e1lds\u00f6gur"]}, {"abbreviation": "M\u00de", "topics": ["\u00cdSLE"]}, {"abbreviation": "SA", "topics": ["Sk\u00f6pun \u00ed v\u00ed\u00f0u samhengi"]}, {"abbreviation": "SJ", "topics": ["L\u00e6si", "b\u00f3kmenntir", "hugtakaskilningur", "m\u00e1lfr\u00e6\u00f0i", "sj\u00e1lfb\u00e6rni og ritun"]}, {"abbreviation": "LM", "topics": ["L\u00e6si", "l\u00fd\u00f0r\u00e6\u00f0i", "mannr\u00e9ttindi og b\u00f3kmenntir"]}, {"abbreviation": "JR", "topics": ["L\u00e6si", "b\u00f3kmenntir og ritun", "jafnr\u00e9tti"]}, {"abbreviation": "HV", "topics": ["L\u00e6si", "heilbrig\u00f0i", "velfer\u00f0 og b\u00f3kmenntir"]}, {"abbreviation": "DB", "topics": ["Sk\u00f3labla\u00f0"]}, {"abbreviation": "\u00c6F", "topics": ["Go\u00f0s\u00f6gur", "fantas\u00edur", "\u00e6vint\u00fdri"]}, {"abbreviation": "VM", "topics": ["Verkefna\u00e1fangi \u00ed m\u00e1lv\u00edsindum"]}, {"abbreviation": "VB", "topics": ["Verkefna\u00e1fangi \u00ed b\u00f3kmenntum"]}, {"abbreviation": "SW", "topics": ["Stafsetning og ritun"]}, {"abbreviation": "MF", "topics": ["M\u00e1lfr\u00e6\u00f0i"]}, {"abbreviation": "SG", "topics": ["B\u00f3kmenntir", "setningafr\u00e6\u00f0i og go\u00f0afr\u00e6\u00f0i"]}, {"abbreviation": "OF", "topics": ["frambur\u00f0ur", "lestrarf\u00e6rni", "or\u00f0afor\u00f0i"]}, {"abbreviation": "CA", "topics": ["B\u00f3kmenntir fram til 1550"]}, {"abbreviation": "BH", "topics": ["Go\u00f0afr\u00e6\u00f0i", "m\u00e1lsaga og ritger\u00f0asm\u00ed\u00f0"]}, {"abbreviation": "DD", "topics": ["B\u00f3kmenntir og b\u00f3kmenntasaga", "einkum 1550-1900."]}, {"abbreviation": "CH", "topics": ["\u00cdslenska 3. Hra\u00f0fer\u00f0"]}, {"abbreviation": "EE", "topics": ["B\u00f3kmenntir og b\u00f3kmenntasaga eftir 1900."]}, {"abbreviation": "HL", "topics": ["M\u00e1lsaga og hlj\u00f3\u00f0fr\u00e6\u00f0i"]}, {"abbreviation": "CB", "topics": ["heimsb\u00f3kmenntir"]}, {"abbreviation": "AL", "topics": ["Almenn m\u00e1lnotkun og l\u00e6si"]}, {"abbreviation": "GF", "topics": ["Go\u00f0afr\u00e6\u00f0i og fornb\u00f3kmenntir"]}, {"abbreviation": "TE", "topics": ["Ritun og textagreining"]}, {"abbreviation": "MA", "topics": ["Menningararfur \u00ed n\u00fat\u00edmanum"]}, {"abbreviation": "S\u00c1", "topics": ["Skrefa\u00f0", "skrifa\u00f0 og skrafa\u00f0 um n\u00e6rsamf\u00e9lagi\u00f0/\u00e1tthagana."]}, {"abbreviation": "NM", "topics": ["fr\u00e1 n\u00fdr\u00f3mant\u00edk til m\u00f3dernisma"]}, {"abbreviation": "HM", "topics": ["Heimildir og m\u00e1lnotkun"]}, {"abbreviation": "M\u00c6", "topics": ["Menningarl\u00e6si"]}, {"abbreviation": "CK", "topics": ["\u00edslenskar kvikmyndir"]}, {"abbreviation": "CL", "topics": ["Leikh\u00fas og leikb\u00f3kmenntir"]}, {"abbreviation": "DL", "topics": ["Leikh\u00fas og leikb\u00f3kmenntir."]}, {"abbreviation": "CN", "topics": ["\u00derj\u00fa verk Halld\u00f3rs Laxness."]}, {"abbreviation": "HB", "topics": ["B\u00f3kmenntir", "heimildaritger\u00f0", "m\u00e1lsaga"]}, {"abbreviation": "CU", "topics": ["Barnab\u00f3kmenntir."]}, {"abbreviation": "CP", "topics": ["Textager\u00f0 og ritstj\u00f3rn"]}, {"abbreviation": "CY", "topics": ["Yndislestur I"]}, {"abbreviation": "DY", "topics": ["Yndislestur II"]}, {"abbreviation": "RH", "topics": ["\u00darvinnsla heimilda og ritun"]}, {"abbreviation": "B\u00cd", "topics": ["B\u00f3kmenntasaga", "\u00cdslendingasaga og forn kve\u00f0skapur"]}, {"abbreviation": "BL", "topics": ["B\u00f3kmenntasaga", "leikritalestur", "lj\u00f3\u00f0alestur", "n\u00fat\u00edmab\u00f3kmenntir"]}, {"abbreviation": "RF", "topics": ["Ritger\u00f0arskrif", "go\u00f0afr\u00e6\u00f0i og m\u00e1lsaga"]}, {"abbreviation": "KM", "topics": ["b\u00f3kmenntir", "kv\u00e6\u00f0i", "lj\u00f3\u00f0", "m\u00e1lnotkun", "ritun"]}, {"abbreviation": "SL", "topics": ["Ritlist"]}, {"abbreviation": "RO", "topics": ["lestur", "m\u00e1lnotkun", "or\u00f0afor\u00f0i", "ritun"]}, {"abbreviation": "LB", "topics": ["b\u00f3kmenntir", "l\u00e6si", "ritun", "stafsetning"]}, {"abbreviation": "FL", "topics": ["frams\u00f6gn", "lestur", "margv\u00edsleg ritun", "or\u00f0afor\u00f0i"]}, {"abbreviation": "HS", "topics": ["heimildavinna", "m\u00e1lnotkun", "ritun", "setningafr\u00e6\u00f0i"]}, {"abbreviation": "KB", "topics": ["b\u00f3kmenntasaga", "heimildavinna", "kynningar", "valdir b\u00f3kmenntatextar"]}, {"abbreviation": "VT", "topics": ["b\u00f3kmenntasaga", "stefnur \u00ed listum og menningu", "valdir b\u00f3kmenntatextar"]}, {"abbreviation": "KF", "topics": ["fr\u00e6\u00f0ileg umfj\u00f6llun", "kvikmyndafr\u00e6\u00f0i", "kvikmyndal\u00e6si", "samf\u00e9lagsr\u00fdni"]}, {"abbreviation": "UM", "topics": ["m\u00e1lfr\u00e6\u00f0i", "or\u00f0afor\u00f0i", "uppruni m\u00e1la", "\u00edslensk m\u00e1lsaga"]}, {"abbreviation": "\u00deH", "topics": ["\u00fej\u00f3\u00f0h\u00e1ttafr\u00e6\u00f0i", "\u00fej\u00f3\u00f0l\u00edfsfr\u00e6\u00f0i", "\u00fej\u00f3\u00f0sagnafr\u00e6\u00f0i og hversdagsmenning"]}, {"abbreviation": "FS", "topics": ["lestur fagurb\u00f3kmennta", "skapandi skrif", "t\u00falkunarm\u00f6guleikar"]}, {"abbreviation": "KS", "topics": ["mi\u00f0aldab\u00f3kmenntir (kv\u00e6\u00f0i og s\u00f6gur)", "\u00e1hrif \u00feeirra \u00e1 n\u00fat\u00edmaverk"]}], "_id": "50c0a02dd8e40575f7f6f4a2", "subjects": ["\u00edslenska"], "counter": {"1": 39, "3": 39, "2": 27, "4": 2}}, "evaluation": "L\u00f6g\u00f0 er \u00e1hersla \u00e1 fj\u00f6lbreytt n\u00e1msmat me\u00f0 lei\u00f0s\u00f6gn. N\u00e1msmati\u00f0 er \u00ed h\u00f6ndum kennara vi\u00f0komandi \u00e1fanga en \u00fearf a\u00f0 fylgja \u00feeim reglum sem kve\u00f0i\u00f0 er \u00e1 um \u00ed sk\u00f3lan\u00e1mskr\u00e1 VMA.", "categorization_suggestion": "AV", "embedded_topics": {"abbreviation": "KS", "topics": ["mi\u00f0aldab\u00f3kmenntir (kv\u00e6\u00f0i og s\u00f6gur)", "\u00e1hrif \u00feeirra \u00e1 n\u00fat\u00edmaverk"]}, "status": "approved by school", "description": "\u00cd \u00feessum \u00e1fanga ver\u00f0ur fjalla\u00f0 um helstu ger\u00f0ir \u00edslenskra mi\u00f0aldab\u00f3kmennta, fr\u00e1 eddukv\u00e6\u00f0um til Sturlungu, og hvernig \u00fe\u00e6r lifa \u00ed n\u00fat\u00edmanum. Lesin ver\u00f0a valin kv\u00e6\u00f0i og textar af \u00fdmsum ger\u00f0um fr\u00e1 t\u00edmabilinu. Textarnir greindir og tengdir vi\u00f0 \u00fea\u00f0 umhverfi sem \u00feeir spretta \u00far. Jafnframt ver\u00f0a sko\u00f0u\u00f0 \u00fdmis n\u00fat\u00edmaverk sem s\u00e6kja efnivi\u00f0 sinn \u00ed mi\u00f0aldab\u00f3kmenntir. Nemendur ver\u00f0a einnig \u00fej\u00e1lfa\u00f0ir \u00ed notkun b\u00f3kmenntahugtaka og heimildavinnu. Nemendur kynna s\u00e9r fr\u00e6\u00f0ilegar greinar sem tengjast efninu. \u00c1hersla l\u00f6g\u00f0 \u00e1 fj\u00f6lbreytt og skapandi verkefni sem reyna \u00e1 frumkv\u00e6\u00f0i, sj\u00e1lfst\u00e6\u00f0 vinnubr\u00f6g\u00f0 og mismunandi h\u00e6fni nemenda, auka v\u00ed\u00f0s\u00fdni og gagnr\u00fdna hugsun.  Nemendur vinna \u00fdmist hver fyrir sig e\u00f0a me\u00f0 \u00f6\u00f0rum.", "knowledge_goals": ["upphafi \u00edslenskrar ritmenningar", "mismunandi tegundum mi\u00f0aldab\u00f3kmennta og \u00feekki lykilverk t\u00edmabilsins", "\u00e1hrifum mi\u00f0aldab\u00f3kmennta \u00e1 n\u00fat\u00edmaverk", "tengslum \u00edslenskra mi\u00f0aldab\u00f3kmennta vi\u00f0 evr\u00f3pska menningu \u00feess t\u00edma", "algengustu st\u00edlbr\u00f6g\u00f0um sem einkenna mi\u00f0aldab\u00f3kmenntir", "samf\u00e9lagi, hugmyndafr\u00e6\u00f0i og vi\u00f0horfum mi\u00f0aldamanna", "heimildanotkun \u00ed tengslum vi\u00f0 verkefnavinnu og gildi mismunandi heimilda", "or\u00f0afor\u00f0a sem \u00fearf til a\u00f0 lesa helstu verk mi\u00f0aldab\u00f3kmennta"], "skills_goals": ["lesa b\u00f3kmenntatexta fr\u00e1 mi\u00f0\u00f6ldum s\u00e9r til gagns og gamans", "greina b\u00f3kmenntatexta fr\u00e1 mi\u00f0\u00f6ldum og fjalla um inntak \u00feeirra", "greina \u00e1hrif mi\u00f0aldab\u00f3kmennta \u00e1 n\u00fat\u00edmaverk", "beita algengum st\u00edlbr\u00f6g\u00f0um \u00ed tal- og ritm\u00e1li", "skilja lykilhugt\u00f6k og mismunandi sj\u00f3narhorn \u00ed b\u00f3kmenntum", "draga saman og n\u00fdta \u00e1 vi\u00f0urkenndan og gagnr\u00fdninn h\u00e1tt uppl\u00fdsingar \u00far hvers kyns heimildum og meta \u00e1rei\u00f0anleika \u00feeirra", "ganga fr\u00e1 heimildaverkefnum og n\u00fdta s\u00e9r uppbyggilega gagnr\u00fdni annarra til betrumb\u00f3ta", "flytja af \u00f6ryggi l\u00fdsingar og kynningar \u00e1 verkefnum s\u00ednum, hver fyrir sig og me\u00f0 \u00f6\u00f0rum"], "credits": 5, "last_modified": 1423838514.890259, "schools": ["512b49bc62933a682f00048a"], "coauthors": null, "instructions": "", "continued_education": false, "level": 3, "prerequisites": "10 einingar \u00e1 2. \u00ferepi", "author": "0bc9b589-2a42-4690-ac7e-ec65f804a0e6", "abbreviation_version": null, "competence_goals": [["skilja, greina og tengja saman b\u00f3kmenntatexta fr\u00e1 \u00f3l\u00edkum t\u00edmum", ""], ["skrifa sk\u00fdran, vel uppbygg\u00f0an og gr\u00edpandi texta", ""], ["taka \u00fe\u00e1tt \u00ed m\u00e1lefnalegum umr\u00e6\u00f0um, tj\u00e1 afst\u00f6\u00f0u s\u00edna og efasemdir um efni\u00f0 og komast a\u00f0 r\u00f6kstuddri ni\u00f0urst\u00f6\u00f0u", ""], ["draga saman a\u00f0alatri\u00f0i, beita gagnr\u00fdninni hugsun vi\u00f0 lestur, t\u00falkun og \u00farvinnslu krefjandi texta", ""], ["\u00e1tta sig \u00e1 samf\u00e9lagslegum og b\u00f3kmenntas\u00f6gulegum sk\u00edrskotunum, duldum bo\u00f0skap og hugmyndum", ""], ["beita sk\u00fdru, v\u00f6ndu\u00f0u og bl\u00e6brig\u00f0ar\u00edku m\u00e1li \u00ed r\u00e6\u00f0u og riti", ""], ["velja ritst\u00edl eftir a\u00f0st\u00e6\u00f0um og vi\u00f0takendum", ""], ["vinna skapandi verkefni \u00ed tengslum vi\u00f0 n\u00e1msefni\u00f0", ""], ["n\u00fdta s\u00e9r heimildir af \u00fdmsum toga \u00ed tengslum vi\u00f0 n\u00e1msefni og verkefnavinnu", ""]], "_id": "54de0d3262933a7a34000411"}, {"exemplary": null, "topics": "m\u00e1lfr\u00e6\u00f0i, or\u00f0afor\u00f0i, uppruni m\u00e1la, \u00edslensk m\u00e1lsaga", "abbreviation": "\u00cdSLE3UM05", "former_schools": null, "subject": "\u00edslenska", "title": "M\u00e1lfr\u00e6\u00f0i og m\u00e1lsaga", "version": 53, "status_trans": "Sam\u00feykkt af sk\u00f3la", "embedded_subject": {"abbreviation": "\u00cdSLE", "topics": [{"abbreviation": "VR", "topics": ["ritun", "vi\u00f0skiptaskj\u00f6l"]}, {"abbreviation": "TM", "topics": ["m\u00e1lskilningur", "tj\u00e1ning"]}, {"abbreviation": "MS", "topics": ["m\u00e1lskilningur", "s\u00e9rdeild"]}, {"abbreviation": "RT", "topics": ["ritun og tj\u00e1ning"]}, {"abbreviation": "LL", "topics": ["leshra\u00f0i", "lesskilningur"]}, {"abbreviation": "MM", "topics": ["m\u00e1lfr\u00e6\u00f0i", "m\u00e1ltilfinning"]}, {"abbreviation": "RG", "topics": ["greinamerkjasetning", "r\u00e9ttritun"]}, {"abbreviation": "SF", "topics": ["fr\u00f3\u00f0leiks\u00f6flun", "samskipti"]}, {"abbreviation": "BK", "topics": ["b\u00f3kmenntir", "kj\u00f6rb\u00f3k"]}, {"abbreviation": "RB", "topics": ["b\u00f3kmenntir", "ritun"]}, {"abbreviation": "BM", "topics": ["b\u00f3kmenntir", "m\u00e1lsaga", "ritun", "tj\u00e1ning"]}, {"abbreviation": "NB", "topics": ["n\u00fat\u00edmab\u00f3kmenntir"]}, {"abbreviation": "BF", "topics": ["b\u00f3kmenntir fyrri alda"]}, {"abbreviation": "SB", "topics": ["menning", "samt\u00edmab\u00f3kmenntir"]}, {"abbreviation": "BB", "topics": ["barnab\u00f3kmenntir"]}, {"abbreviation": "HR", "topics": ["hra\u00f0lestur"]}, {"abbreviation": "YN", "topics": ["yndislestur"]}, {"abbreviation": "ML", "topics": ["leskilningur", "m\u00e1lnotkun", "m\u00e1ltaka", "ritun og tj\u00e1ning"]}, {"abbreviation": "MB", "topics": ["b\u00f3kmenntir og ritun", "m\u00e1lnotkun"]}, {"abbreviation": "MN", "topics": ["b\u00f3kmenntir", "m\u00e1lsaga og nafnasi\u00f0ir"]}, {"abbreviation": "YH", "topics": ["hra\u00f0lestur", "yndislestur"]}, {"abbreviation": "BS", "topics": ["b\u00f3kmenntir s\u00ed\u00f0ari alda"]}, {"abbreviation": "FH", "topics": ["f\u00e9lagsleg m\u00e1lv\u00edsindi", "hlj\u00f3\u00f0fr\u00e6\u00f0i og hlj\u00f3\u00f0kerfisfr\u00e6\u00f0i", "\u00fe\u00fd\u00f0ingar"]}, {"abbreviation": "TB", "topics": ["tj\u00e1skipti barna og fullor\u00f0inna"]}, {"abbreviation": "GL", "topics": ["gl\u00e6pas\u00f6gur"]}, {"abbreviation": "RM", "topics": ["m\u00e1lfr\u00e6\u00f0i", "ritun", "stafsetning"]}, {"abbreviation": "BT", "topics": ["bragfr\u00e6\u00f0i", "setningafr\u00e6\u00f0i", "textar fr\u00e1 \u00fdmsum l\u00f6ndum"]}, {"abbreviation": "MT", "topics": ["m\u00e1lfr\u00e6\u00f0i", "ritun og tj\u00e1ning"]}, {"abbreviation": "BR", "topics": ["b\u00f3kmenntir", "m\u00e1lnotkun", "ritun"]}, {"abbreviation": "MG", "topics": ["b\u00f3kmenntir og ritun", "go\u00f0afr\u00e6\u00f0i", "m\u00e1lsaga"]}, {"abbreviation": "EU", "topics": ["eddukv\u00e6\u00f0i", "uppl\u00fdsing"]}, {"abbreviation": "UK", "topics": ["kreppa", "uppl\u00fdsing"]}, {"abbreviation": "KA", "topics": ["aldam\u00f3t", "kreppa"]}, {"abbreviation": "RN", "topics": ["n\u00fat\u00edmab\u00f3kmenntir", "ritger\u00f0arsm\u00ed\u00f0"]}, {"abbreviation": "KU", "topics": ["kynningarefni", "ums\u00f3knir"]}, {"abbreviation": "RI", "topics": ["ritger\u00f0arsm\u00ed\u00f0", "textar fr\u00e1 \u00fdmsum l\u00f6ndum"]}, {"abbreviation": "BG", "topics": ["b\u00f3kmenntir", "go\u00f0afr\u00e6\u00f0i", "m\u00e1lsaga"]}, {"abbreviation": "FM", "topics": ["fornb\u00f3kmenntir", "m\u00e1lfr\u00e6\u00f0i"]}, {"abbreviation": "BN", "topics": ["b\u00f3kmenntir", "n\u00fat\u00edmi"]}, {"abbreviation": "FO", "topics": ["fornb\u00f3kmenntir"]}, {"abbreviation": "UN", "topics": ["undirb\u00fanings\u00e1fangi \u00ed \u00edslensku"]}, {"abbreviation": "MR", "topics": ["b\u00f3kmenntir", "m\u00e1lnotkun og ritun"]}, {"abbreviation": "ED", "topics": ["eddukv\u00e6\u00f0i og \u00edslendingas\u00f6gur"]}, {"abbreviation": "NJ", "topics": ["fr\u00e1 nj\u00e1lu til n\u00fdr\u00f3mant\u00edkur"]}, {"abbreviation": "\u00d6L", "topics": ["b\u00f3kmenntir \u00e1 20. \u00f6ld"]}, {"abbreviation": "ME", "topics": ["b\u00f3kmenntir"]}, {"abbreviation": "RL", "topics": ["lestur", "ritun og tj\u00e1ning"]}, {"abbreviation": "MI", "topics": ["m\u00e1l og b\u00f3kmenntir fr\u00e1 si\u00f0askiptum til aldam\u00f3tanna 1900"]}, {"abbreviation": "GM", "topics": ["go\u00f0afr\u00e6\u00f0i", "m\u00e1lsaga"]}, {"abbreviation": "GR", "topics": ["grunnur"]}, {"abbreviation": "LR", "topics": ["lestur og ritun"]}, {"abbreviation": "ST", "topics": ["stafsetning"]}, {"abbreviation": "\u00cdS", "topics": ["\u00edslenska"]}, {"abbreviation": "LT", "topics": ["lestur", "m\u00e1lfr\u00e6\u00f0i", "ritun", "stafsetning", "tj\u00e1ning"]}, {"abbreviation": "SR", "topics": ["lestur og tj\u00e1ning", "m\u00e1lfr\u00e6\u00f0i", "ritun", "stafsetning"]}, {"abbreviation": "GO", "topics": ["go\u00f0afr\u00e6\u00f0i", "m\u00e1lnotkun og ritun", "m\u00e1lsaga"]}, {"abbreviation": "NH", "topics": ["b\u00f3kmenntasaga 1900 til samt\u00edmans", "hugtakabeiting", "n\u00fat\u00edmab\u00f3kmenntir"]}, {"abbreviation": "RR", "topics": ["ritger\u00f0asm\u00ed\u00f0", "ritun"]}, {"abbreviation": "LF", "topics": ["b\u00f3kmenntasaga 1550-1900", "l\u00e6rd\u00f3ms\u00f6ld", "rauns\u00e6i"]}, {"abbreviation": "VE", "topics": ["verkefni vali\u00f0 og almenn b\u00f3kmenntafr\u00e6\u00f0i kynnt"]}, {"abbreviation": "MV", "topics": ["m\u00e1lv\u00edsindi"]}, {"abbreviation": "YF", "topics": ["Yndislestur framhald"]}, {"abbreviation": "MH", "topics": ["M\u00e1lsaga og go\u00f0afr\u00e6\u00f0i hra\u00f0fer\u00f0"]}, {"abbreviation": "FF", "topics": ["Fornb\u00f3kmenntir hra\u00f0fer\u00f0"]}, {"abbreviation": "YM", "topics": ["Yndislestur 2"]}, {"abbreviation": "FJ", "topics": ["fj\u00f6lmi\u00f0lal\u00e6si"]}, {"abbreviation": "RV", "topics": ["ritger\u00f0arvinna"]}, {"abbreviation": "LS", "topics": ["- sk\u00e1ldsaga \u00far n\u00fat\u00edma", "lestur og lesskilningur"]}, {"abbreviation": "L\u00cd", "topics": ["lestur og lesskilningur - \u00edslendingas\u00f6gur"]}, {"abbreviation": "LE", "topics": ["lestur og lesskilningur - sk\u00e1lds\u00f6gur 20. aldar"]}, {"abbreviation": "H\u00cd", "topics": ["Hagn\u00fdt \u00edslenska"]}, {"abbreviation": "\u00cdM", "topics": ["\u00edslensk m\u00e1lsaga"]}, {"abbreviation": "KV", "topics": ["b\u00f3kmenntir og kvikmyndir"]}, {"abbreviation": "NG", "topics": ["Norr\u00e6n go\u00f0afr\u00e6\u00f0i"]}, {"abbreviation": "LJ", "topics": ["Lj\u00f3\u00f0"]}, {"abbreviation": "AA", "topics": ["Lestur og ritun"]}, {"abbreviation": "\u00cdC", "topics": ["\u00cdslenska \u00e1 starfsbraut"]}, {"abbreviation": "\u00cdA", "topics": ["\u00cdslenska 1 \u00e1 starfsbraut"]}, {"abbreviation": "\u00cdB", "topics": ["\u00cdslenska 2 \u00e1 starfsbraut"]}, {"abbreviation": "N\u00dd", "topics": ["N\u00fdsk\u00f6pun"]}, {"abbreviation": "AB", "topics": ["B\u00f3kmenntir", "m\u00e1lfr\u00e6\u00f0i og ritun"]}, {"abbreviation": "HI", "topics": ["M\u00e1lnotkun og ritun"]}, {"abbreviation": "TR", "topics": ["M\u00e1lnotun og ritun"]}, {"abbreviation": "TL", "topics": ["L\u00e6si", "ritun", "tj\u00e1ning"]}, {"abbreviation": "OH", "topics": ["hlustun", "or\u00f0afor\u00f0i", "talm\u00e1l og ritun"]}, {"abbreviation": "ES", "topics": ["Eddukv\u00e6\u00f0i til si\u00f0askipta"]}, {"abbreviation": "NA", "topics": ["N\u00fdr\u00f3mant\u00edk til aldam\u00f3ta"]}, {"abbreviation": "SN", "topics": ["Si\u00f0askipti til n\u00fdr\u00f3mant\u00edkur"]}, {"abbreviation": "YL", "topics": ["Yndislestur"]}, {"abbreviation": "SS", "topics": ["Stafsetning"]}, {"abbreviation": "BU", "topics": ["Barna- og unglingab\u00f3kmenntir"]}, {"abbreviation": "SK", "topics": ["sk\u00e1lds\u00f6gur"]}, {"abbreviation": "B\u00d3", "topics": ["B\u00f3kmenntir og tungum\u00e1l fr\u00e1 landn\u00e1mi til si\u00f0askipta"]}, {"abbreviation": "M\u00c1", "topics": ["M\u00e1l- og menningarsaga"]}, {"abbreviation": "NF", "topics": ["N\u00fdsk\u00f6punarferli\u00f0: \u00fe\u00f6rf", "afur\u00f0", "lausn"]}, {"abbreviation": "A\u00cd", "topics": ["Almenn \u00edslenska \u00e1 1 \u00ferepi"]}, {"abbreviation": "AM", "topics": ["almenn m\u00e1lnotkun", "b\u00f3kmenntir", "ritun"]}, {"abbreviation": "RS", "topics": ["Skapandi skrif"]}, {"abbreviation": "SP", "topics": ["Spennus\u00f6gur"]}, {"abbreviation": "\u00cdD", "topics": ["\u00cdslenska \u00e1 starfsbraut 4"]}, {"abbreviation": "\u00cdE", "topics": ["\u00cdslenska 5 \u00e1 starfsbraut"]}, {"abbreviation": "SM", "topics": ["Sk\u00e1lds\u00f6gur"]}, {"abbreviation": "M\u00de", "topics": ["\u00cdSLE"]}, {"abbreviation": "SA", "topics": ["Sk\u00f6pun \u00ed v\u00ed\u00f0u samhengi"]}, {"abbreviation": "SJ", "topics": ["L\u00e6si", "b\u00f3kmenntir", "hugtakaskilningur", "m\u00e1lfr\u00e6\u00f0i", "sj\u00e1lfb\u00e6rni og ritun"]}, {"abbreviation": "LM", "topics": ["L\u00e6si", "l\u00fd\u00f0r\u00e6\u00f0i", "mannr\u00e9ttindi og b\u00f3kmenntir"]}, {"abbreviation": "JR", "topics": ["L\u00e6si", "b\u00f3kmenntir og ritun", "jafnr\u00e9tti"]}, {"abbreviation": "HV", "topics": ["L\u00e6si", "heilbrig\u00f0i", "velfer\u00f0 og b\u00f3kmenntir"]}, {"abbreviation": "DB", "topics": ["Sk\u00f3labla\u00f0"]}, {"abbreviation": "\u00c6F", "topics": ["Go\u00f0s\u00f6gur", "fantas\u00edur", "\u00e6vint\u00fdri"]}, {"abbreviation": "VM", "topics": ["Verkefna\u00e1fangi \u00ed m\u00e1lv\u00edsindum"]}, {"abbreviation": "VB", "topics": ["Verkefna\u00e1fangi \u00ed b\u00f3kmenntum"]}, {"abbreviation": "SW", "topics": ["Stafsetning og ritun"]}, {"abbreviation": "MF", "topics": ["M\u00e1lfr\u00e6\u00f0i"]}, {"abbreviation": "SG", "topics": ["B\u00f3kmenntir", "setningafr\u00e6\u00f0i og go\u00f0afr\u00e6\u00f0i"]}, {"abbreviation": "OF", "topics": ["frambur\u00f0ur", "lestrarf\u00e6rni", "or\u00f0afor\u00f0i"]}, {"abbreviation": "CA", "topics": ["B\u00f3kmenntir fram til 1550"]}, {"abbreviation": "BH", "topics": ["Go\u00f0afr\u00e6\u00f0i", "m\u00e1lsaga og ritger\u00f0asm\u00ed\u00f0"]}, {"abbreviation": "DD", "topics": ["B\u00f3kmenntir og b\u00f3kmenntasaga", "einkum 1550-1900."]}, {"abbreviation": "CH", "topics": ["\u00cdslenska 3. Hra\u00f0fer\u00f0"]}, {"abbreviation": "EE", "topics": ["B\u00f3kmenntir og b\u00f3kmenntasaga eftir 1900."]}, {"abbreviation": "HL", "topics": ["M\u00e1lsaga og hlj\u00f3\u00f0fr\u00e6\u00f0i"]}, {"abbreviation": "CB", "topics": ["heimsb\u00f3kmenntir"]}, {"abbreviation": "AL", "topics": ["Almenn m\u00e1lnotkun og l\u00e6si"]}, {"abbreviation": "GF", "topics": ["Go\u00f0afr\u00e6\u00f0i og fornb\u00f3kmenntir"]}, {"abbreviation": "TE", "topics": ["Ritun og textagreining"]}, {"abbreviation": "MA", "topics": ["Menningararfur \u00ed n\u00fat\u00edmanum"]}, {"abbreviation": "S\u00c1", "topics": ["Skrefa\u00f0", "skrifa\u00f0 og skrafa\u00f0 um n\u00e6rsamf\u00e9lagi\u00f0/\u00e1tthagana."]}, {"abbreviation": "NM", "topics": ["fr\u00e1 n\u00fdr\u00f3mant\u00edk til m\u00f3dernisma"]}, {"abbreviation": "HM", "topics": ["Heimildir og m\u00e1lnotkun"]}, {"abbreviation": "M\u00c6", "topics": ["Menningarl\u00e6si"]}, {"abbreviation": "CK", "topics": ["\u00edslenskar kvikmyndir"]}, {"abbreviation": "CL", "topics": ["Leikh\u00fas og leikb\u00f3kmenntir"]}, {"abbreviation": "DL", "topics": ["Leikh\u00fas og leikb\u00f3kmenntir."]}, {"abbreviation": "CN", "topics": ["\u00derj\u00fa verk Halld\u00f3rs Laxness."]}, {"abbreviation": "HB", "topics": ["B\u00f3kmenntir", "heimildaritger\u00f0", "m\u00e1lsaga"]}, {"abbreviation": "CU", "topics": ["Barnab\u00f3kmenntir."]}, {"abbreviation": "CP", "topics": ["Textager\u00f0 og ritstj\u00f3rn"]}, {"abbreviation": "CY", "topics": ["Yndislestur I"]}, {"abbreviation": "DY", "topics": ["Yndislestur II"]}, {"abbreviation": "RH", "topics": ["\u00darvinnsla heimilda og ritun"]}, {"abbreviation": "B\u00cd", "topics": ["B\u00f3kmenntasaga", "\u00cdslendingasaga og forn kve\u00f0skapur"]}, {"abbreviation": "BL", "topics": ["B\u00f3kmenntasaga", "leikritalestur", "lj\u00f3\u00f0alestur", "n\u00fat\u00edmab\u00f3kmenntir"]}, {"abbreviation": "RF", "topics": ["Ritger\u00f0arskrif", "go\u00f0afr\u00e6\u00f0i og m\u00e1lsaga"]}, {"abbreviation": "KM", "topics": ["b\u00f3kmenntir", "kv\u00e6\u00f0i", "lj\u00f3\u00f0", "m\u00e1lnotkun", "ritun"]}, {"abbreviation": "SL", "topics": ["Ritlist"]}, {"abbreviation": "RO", "topics": ["lestur", "m\u00e1lnotkun", "or\u00f0afor\u00f0i", "ritun"]}, {"abbreviation": "LB", "topics": ["b\u00f3kmenntir", "l\u00e6si", "ritun", "stafsetning"]}, {"abbreviation": "FL", "topics": ["frams\u00f6gn", "lestur", "margv\u00edsleg ritun", "or\u00f0afor\u00f0i"]}, {"abbreviation": "HS", "topics": ["heimildavinna", "m\u00e1lnotkun", "ritun", "setningafr\u00e6\u00f0i"]}, {"abbreviation": "KB", "topics": ["b\u00f3kmenntasaga", "heimildavinna", "kynningar", "valdir b\u00f3kmenntatextar"]}, {"abbreviation": "VT", "topics": ["b\u00f3kmenntasaga", "stefnur \u00ed listum og menningu", "valdir b\u00f3kmenntatextar"]}, {"abbreviation": "KF", "topics": ["fr\u00e6\u00f0ileg umfj\u00f6llun", "kvikmyndafr\u00e6\u00f0i", "kvikmyndal\u00e6si", "samf\u00e9lagsr\u00fdni"]}, {"abbreviation": "UM", "topics": ["m\u00e1lfr\u00e6\u00f0i", "or\u00f0afor\u00f0i", "uppruni m\u00e1la", "\u00edslensk m\u00e1lsaga"]}], "_id": "50c0a02dd8e40575f7f6f4a2", "subjects": ["\u00edslenska"], "counter": {"1": 39, "3": 39, "2": 27, "4": 2}}, "evaluation": "L\u00f6g\u00f0 er \u00e1hersla \u00e1 fj\u00f6lbreytt n\u00e1msmat me\u00f0 lei\u00f0s\u00f6gn. N\u00e1msmati\u00f0 er \u00ed h\u00f6ndum kennara vi\u00f0komandi \u00e1fanga en \u00fearf a\u00f0 fylgja \u00feeim reglum sem kve\u00f0i\u00f0 er \u00e1 um \u00ed sk\u00f3lan\u00e1mskr\u00e1 VMA.", "categorization_suggestion": "AV", "embedded_topics": {"abbreviation": "UM", "topics": ["m\u00e1lfr\u00e6\u00f0i", "or\u00f0afor\u00f0i", "uppruni m\u00e1la", "\u00edslensk m\u00e1lsaga"]}, "status": "approved by school", "description": "\u00cd \u00feessum \u00e1fanga ver\u00f0ur fjalla\u00f0 um m\u00e1lfr\u00e6\u00f0i me\u00f0 \u00f3hef\u00f0bundnum og hef\u00f0bundnum h\u00e6tti. R\u00e6tt ver\u00f0ur um \u00fea\u00f0 hvernig m\u00e1l ver\u00f0a til og \u00fer\u00f3ast, skyldleika tungum\u00e1la og \u00edslenska m\u00e1lfr\u00e6\u00f0i og h\u00fan tengd \u00edslenskri m\u00e1ls\u00f6gu. R\u00fdnt \u00ed grundv\u00f6ll or\u00f0flokkagreiningar, b\u00e6\u00f0i \u00ed \u00edslensku og \u00f6\u00f0rum tungum\u00e1lum, skyldum sem \u00f3skyldum, og hlutverk or\u00f0flokkanna \u00ed tungum\u00e1li. Fari\u00f0 ver\u00f0ur \u00ed uppruna or\u00f0a og skyldleika, eiginlega og yfirf\u00e6r\u00f0a merkingu \u00feeirra, or\u00f0t\u00f6k og m\u00e1lsh\u00e6tti. Saga og \u00fer\u00f3un \u00edslenskunnar rakin \u00ed st\u00f3rum dr\u00e1ttum fr\u00e1 upphafi til okkar daga. Nemendur vinna fj\u00f6lbreytt og skapandi verkefni sem byggjast \u00e1 \u00f6flun heimilda af \u00fdmsu tagi og kynna ni\u00f0urst\u00f6\u00f0ur \u00feeirra. \u00c1hersla er \u00e1 a\u00f0 nemendur s\u00fdni frumkv\u00e6\u00f0i og sj\u00e1lfst\u00e6\u00f0 vinnubr\u00f6g\u00f0, beiti fr\u00e6\u00f0ilegum a\u00f0fer\u00f0um og gagnr\u00fdnni hugsun. Nemendur vinna \u00fdmist hver fyrir sig e\u00f0a me\u00f0 \u00f6\u00f0rum. ", "knowledge_goals": ["m\u00e1lfr\u00e6\u00f0ihugt\u00f6kum og ritreglum sem n\u00fdtast \u00ed tal- og ritm\u00e1li", "hvernig tungum\u00e1l greinast \u00ed or\u00f0flokka og innbyr\u00f0is afst\u00f6\u00f0u \u00feeirra", "uppruna og \u00fer\u00f3un tungum\u00e1la", "skyldleika tungum\u00e1la", "helstu einkennum \u00edslensks m\u00e1ls sem n\u00fdtast \u00ed r\u00e6\u00f0u og riti, sem og til n\u00e1ms \u00ed erlendum tungum\u00e1lum", "\u00edslenskri m\u00e1ls\u00f6gu", "or\u00f0afor\u00f0a sem n\u00e6gir til a\u00f0 lesa og vinna me\u00f0 fr\u00e6\u00f0itexta sem tengjast efninu", "bl\u00e6brig\u00f0um \u00edslensks m\u00e1ls", "heimildanotkun \u00ed tengslum vi\u00f0 verkefnavinnu og gildi mismunandi heimilda", "fr\u00e1gangi og skr\u00e1ningu heimilda"], "skills_goals": ["n\u00fdta m\u00e1lfr\u00e6\u00f0ihugt\u00f6k af \u00f6ryggi \u00ed umr\u00e6\u00f0um um m\u00e1li\u00f0 og \u00fer\u00f3un \u00feess, menningu og s\u00f6gu.", "lesa og vinna me\u00f0 fr\u00e6\u00f0itexta sem tengjast vi\u00f0fangsefninu", "draga saman og n\u00fdta \u00e1 vi\u00f0urkenndan og gagnr\u00fdninn h\u00e1tt uppl\u00fdsingar \u00far hvers kyns heimildum og meta \u00e1rei\u00f0anleika \u00feeirra", "koma efni fr\u00e1 s\u00e9r \u00e1 sk\u00fdran og greinarg\u00f3\u00f0an h\u00e1tt \u00e1 bl\u00e6brig\u00f0ar\u00edku m\u00e1li", "nota vi\u00f0eigandi st\u00edlbr\u00f6g\u00f0, or\u00f0atilt\u00e6ki og m\u00e1ls\u00f6gulegar v\u00edsanir \u00ed tal- og ritm\u00e1li", "flytja af \u00f6ryggi l\u00fdsingar og kynningar \u00e1 verkefnum s\u00ednum, hver fyrir sig og me\u00f0 \u00f6\u00f0rum"], "credits": 5, "last_modified": 1423837602.386873, "schools": ["512b49bc62933a682f00048a"], "coauthors": null, "instructions": "", "continued_education": false, "level": 3, "prerequisites": "10 einingar \u00e1 2. \u00ferepi", "author": "0bc9b589-2a42-4690-ac7e-ec65f804a0e6", "abbreviation_version": null, "competence_goals": [["leggja mat \u00e1 og efla eigin m\u00e1lf\u00e6rni og annarra, t.d. me\u00f0 \u00fev\u00ed a\u00f0 n\u00fdta m\u00e1lfr\u00e6\u00f0iuppl\u00fdsingar s\u00ednar og \u00feekkingu \u00e1 \u00edslenska m\u00e1lkerfinu", ""], ["beita m\u00e1linu \u00e1 vi\u00f0eigandi og \u00e1rangursr\u00edkan h\u00e1tt vi\u00f0 mismunandi a\u00f0st\u00e6\u00f0ur \u00ed r\u00e6\u00f0u og riti", ""], ["skrifa sk\u00fdran, vel uppbygg\u00f0an og gr\u00edpandi texta, \u00e1 v\u00f6ndu\u00f0u og bl\u00e6brig\u00f0ar\u00edku m\u00e1li", ""], ["taka \u00fe\u00e1tt \u00ed m\u00e1lefnalegum umr\u00e6\u00f0um, tj\u00e1 afst\u00f6\u00f0u s\u00edna og efasemdir um efni\u00f0 og komast a\u00f0 r\u00f6kstuddri ni\u00f0urst\u00f6\u00f0u", ""], ["draga saman a\u00f0alatri\u00f0i, beita gagnr\u00fdnni hugsun vi\u00f0 lestur, t\u00falkun og \u00farvinnslu krefjandi texta", ""], ["\u00e1tta sig \u00e1 m\u00e1ls\u00f6gulegum sk\u00edrskotunum", ""], ["velja ritst\u00edl eftir a\u00f0st\u00e6\u00f0um og vi\u00f0takendum", ""], ["vinna skapandi verkefni \u00ed tengslum vi\u00f0 n\u00e1msefni\u00f0", ""], ["n\u00fdta s\u00e9r heimildir af \u00fdmsum toga \u00ed tengslum vi\u00f0 n\u00e1msefni og verkefnavinnu", ""], ["s\u00fdna frumkv\u00e6\u00f0i og sj\u00e1lfst\u00e6\u00f0i \u00ed vinnubr\u00f6g\u00f0um vi\u00f0 \u00farvinnslu og skil \u00e1 verkefnum", ""]], "_id": "54de09a262933a7a340003f9"}, {"exemplary": null, "topics": "lestur fagurb\u00f3kmennta, skapandi skrif, t\u00falkunarm\u00f6guleikar", "abbreviation": "\u00cdSLE3FS05", "former_schools": null, "subject": "\u00edslenska", "title": "Skapandi skrif", "version": 52, "status_trans": "Sam\u00feykkt af sk\u00f3la", "embedded_subject": {"abbreviation": "\u00cdSLE", "topics": [{"abbreviation": "VR", "topics": ["ritun", "vi\u00f0skiptaskj\u00f6l"]}, {"abbreviation": "TM", "topics": ["m\u00e1lskilningur", "tj\u00e1ning"]}, {"abbreviation": "MS", "topics": ["m\u00e1lskilningur", "s\u00e9rdeild"]}, {"abbreviation": "RT", "topics": ["ritun og tj\u00e1ning"]}, {"abbreviation": "LL", "topics": ["leshra\u00f0i", "lesskilningur"]}, {"abbreviation": "MM", "topics": ["m\u00e1lfr\u00e6\u00f0i", "m\u00e1ltilfinning"]}, {"abbreviation": "RG", "topics": ["greinamerkjasetning", "r\u00e9ttritun"]}, {"abbreviation": "SF", "topics": ["fr\u00f3\u00f0leiks\u00f6flun", "samskipti"]}, {"abbreviation": "BK", "topics": ["b\u00f3kmenntir", "kj\u00f6rb\u00f3k"]}, {"abbreviation": "RB", "topics": ["b\u00f3kmenntir", "ritun"]}, {"abbreviation": "BM", "topics": ["b\u00f3kmenntir", "m\u00e1lsaga", "ritun", "tj\u00e1ning"]}, {"abbreviation": "NB", "topics": ["n\u00fat\u00edmab\u00f3kmenntir"]}, {"abbreviation": "BF", "topics": ["b\u00f3kmenntir fyrri alda"]}, {"abbreviation": "SB", "topics": ["menning", "samt\u00edmab\u00f3kmenntir"]}, {"abbreviation": "BB", "topics": ["barnab\u00f3kmenntir"]}, {"abbreviation": "HR", "topics": ["hra\u00f0lestur"]}, {"abbreviation": "YN", "topics": ["yndislestur"]}, {"abbreviation": "ML", "topics": ["leskilningur", "m\u00e1lnotkun", "m\u00e1ltaka", "ritun og tj\u00e1ning"]}, {"abbreviation": "MB", "topics": ["b\u00f3kmenntir og ritun", "m\u00e1lnotkun"]}, {"abbreviation": "MN", "topics": ["b\u00f3kmenntir", "m\u00e1lsaga og nafnasi\u00f0ir"]}, {"abbreviation": "YH", "topics": ["hra\u00f0lestur", "yndislestur"]}, {"abbreviation": "BS", "topics": ["b\u00f3kmenntir s\u00ed\u00f0ari alda"]}, {"abbreviation": "FH", "topics": ["f\u00e9lagsleg m\u00e1lv\u00edsindi", "hlj\u00f3\u00f0fr\u00e6\u00f0i og hlj\u00f3\u00f0kerfisfr\u00e6\u00f0i", "\u00fe\u00fd\u00f0ingar"]}, {"abbreviation": "TB", "topics": ["tj\u00e1skipti barna og fullor\u00f0inna"]}, {"abbreviation": "GL", "topics": ["gl\u00e6pas\u00f6gur"]}, {"abbreviation": "RM", "topics": ["m\u00e1lfr\u00e6\u00f0i", "ritun", "stafsetning"]}, {"abbreviation": "BT", "topics": ["bragfr\u00e6\u00f0i", "setningafr\u00e6\u00f0i", "textar fr\u00e1 \u00fdmsum l\u00f6ndum"]}, {"abbreviation": "MT", "topics": ["m\u00e1lfr\u00e6\u00f0i", "ritun og tj\u00e1ning"]}, {"abbreviation": "BR", "topics": ["b\u00f3kmenntir", "m\u00e1lnotkun", "ritun"]}, {"abbreviation": "MG", "topics": ["b\u00f3kmenntir og ritun", "go\u00f0afr\u00e6\u00f0i", "m\u00e1lsaga"]}, {"abbreviation": "EU", "topics": ["eddukv\u00e6\u00f0i", "uppl\u00fdsing"]}, {"abbreviation": "UK", "topics": ["kreppa", "uppl\u00fdsing"]}, {"abbreviation": "KA", "topics": ["aldam\u00f3t", "kreppa"]}, {"abbreviation": "RN", "topics": ["n\u00fat\u00edmab\u00f3kmenntir", "ritger\u00f0arsm\u00ed\u00f0"]}, {"abbreviation": "KU", "topics": ["kynningarefni", "ums\u00f3knir"]}, {"abbreviation": "RI", "topics": ["ritger\u00f0arsm\u00ed\u00f0", "textar fr\u00e1 \u00fdmsum l\u00f6ndum"]}, {"abbreviation": "BG", "topics": ["b\u00f3kmenntir", "go\u00f0afr\u00e6\u00f0i", "m\u00e1lsaga"]}, {"abbreviation": "FM", "topics": ["fornb\u00f3kmenntir", "m\u00e1lfr\u00e6\u00f0i"]}, {"abbreviation": "BN", "topics": ["b\u00f3kmenntir", "n\u00fat\u00edmi"]}, {"abbreviation": "FO", "topics": ["fornb\u00f3kmenntir"]}, {"abbreviation": "UN", "topics": ["undirb\u00fanings\u00e1fangi \u00ed \u00edslensku"]}, {"abbreviation": "MR", "topics": ["b\u00f3kmenntir", "m\u00e1lnotkun og ritun"]}, {"abbreviation": "ED", "topics": ["eddukv\u00e6\u00f0i og \u00edslendingas\u00f6gur"]}, {"abbreviation": "NJ", "topics": ["fr\u00e1 nj\u00e1lu til n\u00fdr\u00f3mant\u00edkur"]}, {"abbreviation": "\u00d6L", "topics": ["b\u00f3kmenntir \u00e1 20. \u00f6ld"]}, {"abbreviation": "ME", "topics": ["b\u00f3kmenntir"]}, {"abbreviation": "RL", "topics": ["lestur", "ritun og tj\u00e1ning"]}, {"abbreviation": "MI", "topics": ["m\u00e1l og b\u00f3kmenntir fr\u00e1 si\u00f0askiptum til aldam\u00f3tanna 1900"]}, {"abbreviation": "GM", "topics": ["go\u00f0afr\u00e6\u00f0i", "m\u00e1lsaga"]}, {"abbreviation": "GR", "topics": ["grunnur"]}, {"abbreviation": "LR", "topics": ["lestur og ritun"]}, {"abbreviation": "ST", "topics": ["stafsetning"]}, {"abbreviation": "\u00cdS", "topics": ["\u00edslenska"]}, {"abbreviation": "LT", "topics": ["lestur", "m\u00e1lfr\u00e6\u00f0i", "ritun", "stafsetning", "tj\u00e1ning"]}, {"abbreviation": "SR", "topics": ["lestur og tj\u00e1ning", "m\u00e1lfr\u00e6\u00f0i", "ritun", "stafsetning"]}, {"abbreviation": "GO", "topics": ["go\u00f0afr\u00e6\u00f0i", "m\u00e1lnotkun og ritun", "m\u00e1lsaga"]}, {"abbreviation": "NH", "topics": ["b\u00f3kmenntasaga 1900 til samt\u00edmans", "hugtakabeiting", "n\u00fat\u00edmab\u00f3kmenntir"]}, {"abbreviation": "RR", "topics": ["ritger\u00f0asm\u00ed\u00f0", "ritun"]}, {"abbreviation": "LF", "topics": ["b\u00f3kmenntasaga 1550-1900", "l\u00e6rd\u00f3ms\u00f6ld", "rauns\u00e6i"]}, {"abbreviation": "VE", "topics": ["verkefni vali\u00f0 og almenn b\u00f3kmenntafr\u00e6\u00f0i kynnt"]}, {"abbreviation": "MV", "topics": ["m\u00e1lv\u00edsindi"]}, {"abbreviation": "YF", "topics": ["Yndislestur framhald"]}, {"abbreviation": "MH", "topics": ["M\u00e1lsaga og go\u00f0afr\u00e6\u00f0i hra\u00f0fer\u00f0"]}, {"abbreviation": "FF", "topics": ["Fornb\u00f3kmenntir hra\u00f0fer\u00f0"]}, {"abbreviation": "YM", "topics": ["Yndislestur 2"]}, {"abbreviation": "FJ", "topics": ["fj\u00f6lmi\u00f0lal\u00e6si"]}, {"abbreviation": "RV", "topics": ["ritger\u00f0arvinna"]}, {"abbreviation": "LS", "topics": ["- sk\u00e1ldsaga \u00far n\u00fat\u00edma", "lestur og lesskilningur"]}, {"abbreviation": "L\u00cd", "topics": ["lestur og lesskilningur - \u00edslendingas\u00f6gur"]}, {"abbreviation": "LE", "topics": ["lestur og lesskilningur - sk\u00e1lds\u00f6gur 20. aldar"]}, {"abbreviation": "H\u00cd", "topics": ["Hagn\u00fdt \u00edslenska"]}, {"abbreviation": "\u00cdM", "topics": ["\u00edslensk m\u00e1lsaga"]}, {"abbreviation": "KV", "topics": ["b\u00f3kmenntir og kvikmyndir"]}, {"abbreviation": "NG", "topics": ["Norr\u00e6n go\u00f0afr\u00e6\u00f0i"]}, {"abbreviation": "LJ", "topics": ["Lj\u00f3\u00f0"]}, {"abbreviation": "AA", "topics": ["Lestur og ritun"]}, {"abbreviation": "\u00cdC", "topics": ["\u00cdslenska \u00e1 starfsbraut"]}, {"abbreviation": "\u00cdA", "topics": ["\u00cdslenska 1 \u00e1 starfsbraut"]}, {"abbreviation": "\u00cdB", "topics": ["\u00cdslenska 2 \u00e1 starfsbraut"]}, {"abbreviation": "N\u00dd", "topics": ["N\u00fdsk\u00f6pun"]}, {"abbreviation": "AB", "topics": ["B\u00f3kmenntir", "m\u00e1lfr\u00e6\u00f0i og ritun"]}, {"abbreviation": "HI", "topics": ["M\u00e1lnotkun og ritun"]}, {"abbreviation": "TR", "topics": ["M\u00e1lnotun og ritun"]}, {"abbreviation": "TL", "topics": ["L\u00e6si", "ritun", "tj\u00e1ning"]}, {"abbreviation": "OH", "topics": ["hlustun", "or\u00f0afor\u00f0i", "talm\u00e1l og ritun"]}, {"abbreviation": "ES", "topics": ["Eddukv\u00e6\u00f0i til si\u00f0askipta"]}, {"abbreviation": "NA", "topics": ["N\u00fdr\u00f3mant\u00edk til aldam\u00f3ta"]}, {"abbreviation": "SN", "topics": ["Si\u00f0askipti til n\u00fdr\u00f3mant\u00edkur"]}, {"abbreviation": "YL", "topics": ["Yndislestur"]}, {"abbreviation": "SS", "topics": ["Stafsetning"]}, {"abbreviation": "BU", "topics": ["Barna- og unglingab\u00f3kmenntir"]}, {"abbreviation": "SK", "topics": ["sk\u00e1lds\u00f6gur"]}, {"abbreviation": "B\u00d3", "topics": ["B\u00f3kmenntir og tungum\u00e1l fr\u00e1 landn\u00e1mi til si\u00f0askipta"]}, {"abbreviation": "M\u00c1", "topics": ["M\u00e1l- og menningarsaga"]}, {"abbreviation": "NF", "topics": ["N\u00fdsk\u00f6punarferli\u00f0: \u00fe\u00f6rf", "afur\u00f0", "lausn"]}, {"abbreviation": "A\u00cd", "topics": ["Almenn \u00edslenska \u00e1 1 \u00ferepi"]}, {"abbreviation": "AM", "topics": ["almenn m\u00e1lnotkun", "b\u00f3kmenntir", "ritun"]}, {"abbreviation": "RS", "topics": ["Skapandi skrif"]}, {"abbreviation": "SP", "topics": ["Spennus\u00f6gur"]}, {"abbreviation": "\u00cdD", "topics": ["\u00cdslenska \u00e1 starfsbraut 4"]}, {"abbreviation": "\u00cdE", "topics": ["\u00cdslenska 5 \u00e1 starfsbraut"]}, {"abbreviation": "SM", "topics": ["Sk\u00e1lds\u00f6gur"]}, {"abbreviation": "M\u00de", "topics": ["\u00cdSLE"]}, {"abbreviation": "SA", "topics": ["Sk\u00f6pun \u00ed v\u00ed\u00f0u samhengi"]}, {"abbreviation": "SJ", "topics": ["L\u00e6si", "b\u00f3kmenntir", "hugtakaskilningur", "m\u00e1lfr\u00e6\u00f0i", "sj\u00e1lfb\u00e6rni og ritun"]}, {"abbreviation": "LM", "topics": ["L\u00e6si", "l\u00fd\u00f0r\u00e6\u00f0i", "mannr\u00e9ttindi og b\u00f3kmenntir"]}, {"abbreviation": "JR", "topics": ["L\u00e6si", "b\u00f3kmenntir og ritun", "jafnr\u00e9tti"]}, {"abbreviation": "HV", "topics": ["L\u00e6si", "heilbrig\u00f0i", "velfer\u00f0 og b\u00f3kmenntir"]}, {"abbreviation": "DB", "topics": ["Sk\u00f3labla\u00f0"]}, {"abbreviation": "\u00c6F", "topics": ["Go\u00f0s\u00f6gur", "fantas\u00edur", "\u00e6vint\u00fdri"]}, {"abbreviation": "VM", "topics": ["Verkefna\u00e1fangi \u00ed m\u00e1lv\u00edsindum"]}, {"abbreviation": "VB", "topics": ["Verkefna\u00e1fangi \u00ed b\u00f3kmenntum"]}, {"abbreviation": "SW", "topics": ["Stafsetning og ritun"]}, {"abbreviation": "MF", "topics": ["M\u00e1lfr\u00e6\u00f0i"]}, {"abbreviation": "SG", "topics": ["B\u00f3kmenntir", "setningafr\u00e6\u00f0i og go\u00f0afr\u00e6\u00f0i"]}, {"abbreviation": "OF", "topics": ["frambur\u00f0ur", "lestrarf\u00e6rni", "or\u00f0afor\u00f0i"]}, {"abbreviation": "CA", "topics": ["B\u00f3kmenntir fram til 1550"]}, {"abbreviation": "BH", "topics": ["Go\u00f0afr\u00e6\u00f0i", "m\u00e1lsaga og ritger\u00f0asm\u00ed\u00f0"]}, {"abbreviation": "DD", "topics": ["B\u00f3kmenntir og b\u00f3kmenntasaga", "einkum 1550-1900."]}, {"abbreviation": "CH", "topics": ["\u00cdslenska 3. Hra\u00f0fer\u00f0"]}, {"abbreviation": "EE", "topics": ["B\u00f3kmenntir og b\u00f3kmenntasaga eftir 1900."]}, {"abbreviation": "HL", "topics": ["M\u00e1lsaga og hlj\u00f3\u00f0fr\u00e6\u00f0i"]}, {"abbreviation": "CB", "topics": ["heimsb\u00f3kmenntir"]}, {"abbreviation": "AL", "topics": ["Almenn m\u00e1lnotkun og l\u00e6si"]}, {"abbreviation": "GF", "topics": ["Go\u00f0afr\u00e6\u00f0i og fornb\u00f3kmenntir"]}, {"abbreviation": "TE", "topics": ["Ritun og textagreining"]}, {"abbreviation": "MA", "topics": ["Menningararfur \u00ed n\u00fat\u00edmanum"]}, {"abbreviation": "S\u00c1", "topics": ["Skrefa\u00f0", "skrifa\u00f0 og skrafa\u00f0 um n\u00e6rsamf\u00e9lagi\u00f0/\u00e1tthagana."]}, {"abbreviation": "NM", "topics": ["fr\u00e1 n\u00fdr\u00f3mant\u00edk til m\u00f3dernisma"]}, {"abbreviation": "HM", "topics": ["Heimildir og m\u00e1lnotkun"]}, {"abbreviation": "M\u00c6", "topics": ["Menningarl\u00e6si"]}, {"abbreviation": "CK", "topics": ["\u00edslenskar kvikmyndir"]}, {"abbreviation": "CL", "topics": ["Leikh\u00fas og leikb\u00f3kmenntir"]}, {"abbreviation": "DL", "topics": ["Leikh\u00fas og leikb\u00f3kmenntir."]}, {"abbreviation": "CN", "topics": ["\u00derj\u00fa verk Halld\u00f3rs Laxness."]}, {"abbreviation": "HB", "topics": ["B\u00f3kmenntir", "heimildaritger\u00f0", "m\u00e1lsaga"]}, {"abbreviation": "CU", "topics": ["Barnab\u00f3kmenntir."]}, {"abbreviation": "CP", "topics": ["Textager\u00f0 og ritstj\u00f3rn"]}, {"abbreviation": "CY", "topics": ["Yndislestur I"]}, {"abbreviation": "DY", "topics": ["Yndislestur II"]}, {"abbreviation": "RH", "topics": ["\u00darvinnsla heimilda og ritun"]}, {"abbreviation": "B\u00cd", "topics": ["B\u00f3kmenntasaga", "\u00cdslendingasaga og forn kve\u00f0skapur"]}, {"abbreviation": "BL", "topics": ["B\u00f3kmenntasaga", "leikritalestur", "lj\u00f3\u00f0alestur", "n\u00fat\u00edmab\u00f3kmenntir"]}, {"abbreviation": "RF", "topics": ["Ritger\u00f0arskrif", "go\u00f0afr\u00e6\u00f0i og m\u00e1lsaga"]}, {"abbreviation": "KM", "topics": ["b\u00f3kmenntir", "kv\u00e6\u00f0i", "lj\u00f3\u00f0", "m\u00e1lnotkun", "ritun"]}, {"abbreviation": "SL", "topics": ["Ritlist"]}, {"abbreviation": "RO", "topics": ["lestur", "m\u00e1lnotkun", "or\u00f0afor\u00f0i", "ritun"]}, {"abbreviation": "LB", "topics": ["b\u00f3kmenntir", "l\u00e6si", "ritun", "stafsetning"]}, {"abbreviation": "FL", "topics": ["frams\u00f6gn", "lestur", "margv\u00edsleg ritun", "or\u00f0afor\u00f0i"]}, {"abbreviation": "HS", "topics": ["heimildavinna", "m\u00e1lnotkun", "ritun", "setningafr\u00e6\u00f0i"]}, {"abbreviation": "KB", "topics": ["b\u00f3kmenntasaga", "heimildavinna", "kynningar", "valdir b\u00f3kmenntatextar"]}, {"abbreviation": "VT", "topics": ["b\u00f3kmenntasaga", "stefnur \u00ed listum og menningu", "valdir b\u00f3kmenntatextar"]}, {"abbreviation": "KF", "topics": ["fr\u00e6\u00f0ileg umfj\u00f6llun", "kvikmyndafr\u00e6\u00f0i", "kvikmyndal\u00e6si", "samf\u00e9lagsr\u00fdni"]}, {"abbreviation": "UM", "topics": ["m\u00e1lfr\u00e6\u00f0i", "or\u00f0afor\u00f0i", "uppruni m\u00e1la", "\u00edslensk m\u00e1lsaga"]}, {"abbreviation": "\u00deH", "topics": ["\u00fej\u00f3\u00f0h\u00e1ttafr\u00e6\u00f0i", "\u00fej\u00f3\u00f0l\u00edfsfr\u00e6\u00f0i", "\u00fej\u00f3\u00f0sagnafr\u00e6\u00f0i og hversdagsmenning"]}, {"abbreviation": "FS", "topics": ["lestur fagurb\u00f3kmennta", "skapandi skrif", "t\u00falkunarm\u00f6guleikar"]}], "_id": "50c0a02dd8e40575f7f6f4a2", "subjects": ["\u00edslenska"], "counter": {"1": 39, "3": 39, "2": 27, "4": 2}}, "evaluation": " L\u00f6g\u00f0 er \u00e1hersla \u00e1 fj\u00f6lbreytt n\u00e1msmat me\u00f0 lei\u00f0s\u00f6gn. N\u00e1msmati\u00f0 er \u00ed h\u00f6ndum kennara vi\u00f0komandi \u00e1fanga en \u00fearf a\u00f0 fylgja \u00feeim reglum sem kve\u00f0i\u00f0 er \u00e1 um \u00ed sk\u00f3lan\u00e1mskr\u00e1 VMA.", "categorization_suggestion": "AV", "embedded_topics": {"abbreviation": "FS", "topics": ["lestur fagurb\u00f3kmennta", "skapandi skrif", "t\u00falkunarm\u00f6guleikar"]}, "status": "approved by school", "description": "\u00cd \u00feessum \u00e1fanga ver\u00f0ur fjalla\u00f0 um \u00fdmsar tegundir fagurb\u00f3kmennta og birtingarform \u00feeirra. Nemendur vinna fj\u00f6lbreytt og skapandi verkefni \u00ed tengslum vi\u00f0 eigin verk og annarra sem fela t.d. \u00ed s\u00e9r \u00fdmis konar umskrifun, t\u00falkun og framsetningu. Nemendur afla s\u00e9r heimilda um \u00fdmislegt sem tengist vi\u00f0fangsefni \u00e1fangans og almennri b\u00f3kmenntafr\u00e6\u00f0i. Nemendur \u00fereifa sig \u00e1fram me\u00f0 eigin texta af \u00fdmsu tagi og skyggnast me\u00f0 \u00feeim h\u00e6tti inn \u00ed heim rith\u00f6funda og sk\u00e1lda. \u00deeir spreyta sig jafnframt \u00e1 \u00fev\u00ed a\u00f0 skrifa st\u00f3r og sm\u00e1 b\u00f3kmenntaverk \u00e1 \u00fdmsu formi, b\u00e6\u00f0i a\u00f0 eigin vali og \u00ed samr\u00e1\u00f0i vi\u00f0 kennara.  \u00c1hersla er \u00e1 a\u00f0 nemendur s\u00fdni frumkv\u00e6\u00f0i og sj\u00e1lfst\u00e6\u00f0 vinnubr\u00f6g\u00f0, \u00f6\u00f0list v\u00ed\u00f0s\u00fdni og beiti gagnr\u00fdnni hugsun.  Nemendur vinna \u00fdmist hver fyrir sig e\u00f0a me\u00f0 \u00f6\u00f0rum.", "knowledge_goals": ["mismunandi tegundum fagurb\u00f3kmennta og helstu stefnum \u00ed \u00edslenskum b\u00f3kmenntum", "\u00f6llum helstu b\u00f3kmenntahugt\u00f6kum og st\u00edlbr\u00f6g\u00f0um sem notu\u00f0 eru vi\u00f0 b\u00f3kmenntagreiningu", "or\u00f0afor\u00f0a sem n\u00e6gir til a\u00f0 lesa og vinna me\u00f0 helstu verk \u00edslenskrar b\u00f3kmenntas\u00f6gu", "helstu einkennum \u00edslensks m\u00e1ls sem n\u00fdtast \u00ed r\u00e6\u00f0u og riti", "heimildanotkun \u00ed tengslum vi\u00f0 verkefnavinnu og gildi mismunandi heimilda"], "skills_goals": ["lesa algengustu tegundir b\u00f3kmenntatexta", "beita algengum st\u00edlbr\u00f6g\u00f0um \u00ed tal- og ritm\u00e1li", "skilja lykilhugt\u00f6k og mismunandi sj\u00f3narhorn \u00ed b\u00f3kmenntum", "draga saman og n\u00fdta \u00e1 vi\u00f0urkenndan og gagnr\u00fdninn h\u00e1tt uppl\u00fdsingar \u00far hvers kyns heimildum og meta \u00e1rei\u00f0anleika \u00feeirra", "flytja af \u00f6ryggi l\u00fdsingar og kynningar \u00e1 verkefnum s\u00ednum, hver fyrir sig og me\u00f0 \u00f6\u00f0rum"], "credits": 5, "last_modified": 1423838171.026674, "schools": ["512b49bc62933a682f00048a"], "coauthors": null, "instructions": "", "continued_education": false, "level": 3, "prerequisites": "10 einingar \u00e1 2. \u00ferepi", "author": "0bc9b589-2a42-4690-ac7e-ec65f804a0e6", "abbreviation_version": null, "competence_goals": [["skilja, greina og tengja b\u00f3kmenntatexta vi\u00f0 r\u00edkjandi stefnur \u00ed listum \u00e1 hverjum t\u00edma", ""], ["skrifa sk\u00fdran, vel uppbygg\u00f0an og gr\u00edpandi texta, \u00e1 v\u00f6ndu\u00f0u og bl\u00e6brig\u00f0ar\u00edku m\u00e1li", ""], ["taka \u00fe\u00e1tt \u00ed m\u00e1lefnalegum umr\u00e6\u00f0um, tj\u00e1 afst\u00f6\u00f0u s\u00edna og efasemdir um efni\u00f0 og komast a\u00f0 r\u00f6kstuddri ni\u00f0urst\u00f6\u00f0u", ""], ["draga saman a\u00f0alatri\u00f0i, beita gagnr\u00fdninni hugsun vi\u00f0 lestur, t\u00falkun og \u00farvinnslu krefjandi texta", ""], ["\u00e1tta sig \u00e1 samf\u00e9lagslegum og b\u00f3kmenntas\u00f6gulegum sk\u00edrskotunum, duldum bo\u00f0skap og hugmyndum", ""], ["velja ritst\u00edl eftir a\u00f0st\u00e6\u00f0um og vi\u00f0takendum", ""], ["vinna skapandi verkefni \u00ed tengslum vi\u00f0 n\u00e1msefni\u00f0", ""], ["n\u00fdta s\u00e9r heimildir af \u00fdmsum toga \u00ed tengslum vi\u00f0 n\u00e1msefni og verkefnavinnu", ""], ["s\u00fdna frumkv\u00e6\u00f0i og sj\u00e1lfst\u00e6\u00f0i \u00ed vinnubr\u00f6g\u00f0um vi\u00f0 \u00farvinnslu og skil \u00e1 verkefnum", ""]], "_id": "54de0bdb62933a7a34000405"}, {"exemplary": null, "topics": "\u00fej\u00f3\u00f0h\u00e1ttafr\u00e6\u00f0i, \u00fej\u00f3\u00f0l\u00edfsfr\u00e6\u00f0i, \u00fej\u00f3\u00f0sagnafr\u00e6\u00f0i og hversdagsmenning", "abbreviation": "\u00cdSLE3\u00deH05", "former_schools": null, "subject": "\u00edslenska", "title": "\u00dej\u00f3\u00f0fr\u00e6\u00f0i", "version": 50, "status_trans": "Sam\u00feykkt af sk\u00f3la", "embedded_subject": {"abbreviation": "\u00cdSLE", "topics": [{"abbreviation": "VR", "topics": ["ritun", "vi\u00f0skiptaskj\u00f6l"]}, {"abbreviation": "TM", "topics": ["m\u00e1lskilningur", "tj\u00e1ning"]}, {"abbreviation": "MS", "topics": ["m\u00e1lskilningur", "s\u00e9rdeild"]}, {"abbreviation": "RT", "topics": ["ritun og tj\u00e1ning"]}, {"abbreviation": "LL", "topics": ["leshra\u00f0i", "lesskilningur"]}, {"abbreviation": "MM", "topics": ["m\u00e1lfr\u00e6\u00f0i", "m\u00e1ltilfinning"]}, {"abbreviation": "RG", "topics": ["greinamerkjasetning", "r\u00e9ttritun"]}, {"abbreviation": "SF", "topics": ["fr\u00f3\u00f0leiks\u00f6flun", "samskipti"]}, {"abbreviation": "BK", "topics": ["b\u00f3kmenntir", "kj\u00f6rb\u00f3k"]}, {"abbreviation": "RB", "topics": ["b\u00f3kmenntir", "ritun"]}, {"abbreviation": "BM", "topics": ["b\u00f3kmenntir", "m\u00e1lsaga", "ritun", "tj\u00e1ning"]}, {"abbreviation": "NB", "topics": ["n\u00fat\u00edmab\u00f3kmenntir"]}, {"abbreviation": "BF", "topics": ["b\u00f3kmenntir fyrri alda"]}, {"abbreviation": "SB", "topics": ["menning", "samt\u00edmab\u00f3kmenntir"]}, {"abbreviation": "BB", "topics": ["barnab\u00f3kmenntir"]}, {"abbreviation": "HR", "topics": ["hra\u00f0lestur"]}, {"abbreviation": "YN", "topics": ["yndislestur"]}, {"abbreviation": "ML", "topics": ["leskilningur", "m\u00e1lnotkun", "m\u00e1ltaka", "ritun og tj\u00e1ning"]}, {"abbreviation": "MB", "topics": ["b\u00f3kmenntir og ritun", "m\u00e1lnotkun"]}, {"abbreviation": "MN", "topics": ["b\u00f3kmenntir", "m\u00e1lsaga og nafnasi\u00f0ir"]}, {"abbreviation": "YH", "topics": ["hra\u00f0lestur", "yndislestur"]}, {"abbreviation": "BS", "topics": ["b\u00f3kmenntir s\u00ed\u00f0ari alda"]}, {"abbreviation": "FH", "topics": ["f\u00e9lagsleg m\u00e1lv\u00edsindi", "hlj\u00f3\u00f0fr\u00e6\u00f0i og hlj\u00f3\u00f0kerfisfr\u00e6\u00f0i", "\u00fe\u00fd\u00f0ingar"]}, {"abbreviation": "TB", "topics": ["tj\u00e1skipti barna og fullor\u00f0inna"]}, {"abbreviation": "GL", "topics": ["gl\u00e6pas\u00f6gur"]}, {"abbreviation": "RM", "topics": ["m\u00e1lfr\u00e6\u00f0i", "ritun", "stafsetning"]}, {"abbreviation": "BT", "topics": ["bragfr\u00e6\u00f0i", "setningafr\u00e6\u00f0i", "textar fr\u00e1 \u00fdmsum l\u00f6ndum"]}, {"abbreviation": "MT", "topics": ["m\u00e1lfr\u00e6\u00f0i", "ritun og tj\u00e1ning"]}, {"abbreviation": "BR", "topics": ["b\u00f3kmenntir", "m\u00e1lnotkun", "ritun"]}, {"abbreviation": "MG", "topics": ["b\u00f3kmenntir og ritun", "go\u00f0afr\u00e6\u00f0i", "m\u00e1lsaga"]}, {"abbreviation": "EU", "topics": ["eddukv\u00e6\u00f0i", "uppl\u00fdsing"]}, {"abbreviation": "UK", "topics": ["kreppa", "uppl\u00fdsing"]}, {"abbreviation": "KA", "topics": ["aldam\u00f3t", "kreppa"]}, {"abbreviation": "RN", "topics": ["n\u00fat\u00edmab\u00f3kmenntir", "ritger\u00f0arsm\u00ed\u00f0"]}, {"abbreviation": "KU", "topics": ["kynningarefni", "ums\u00f3knir"]}, {"abbreviation": "RI", "topics": ["ritger\u00f0arsm\u00ed\u00f0", "textar fr\u00e1 \u00fdmsum l\u00f6ndum"]}, {"abbreviation": "BG", "topics": ["b\u00f3kmenntir", "go\u00f0afr\u00e6\u00f0i", "m\u00e1lsaga"]}, {"abbreviation": "FM", "topics": ["fornb\u00f3kmenntir", "m\u00e1lfr\u00e6\u00f0i"]}, {"abbreviation": "BN", "topics": ["b\u00f3kmenntir", "n\u00fat\u00edmi"]}, {"abbreviation": "FO", "topics": ["fornb\u00f3kmenntir"]}, {"abbreviation": "UN", "topics": ["undirb\u00fanings\u00e1fangi \u00ed \u00edslensku"]}, {"abbreviation": "MR", "topics": ["b\u00f3kmenntir", "m\u00e1lnotkun og ritun"]}, {"abbreviation": "ED", "topics": ["eddukv\u00e6\u00f0i og \u00edslendingas\u00f6gur"]}, {"abbreviation": "NJ", "topics": ["fr\u00e1 nj\u00e1lu til n\u00fdr\u00f3mant\u00edkur"]}, {"abbreviation": "\u00d6L", "topics": ["b\u00f3kmenntir \u00e1 20. \u00f6ld"]}, {"abbreviation": "ME", "topics": ["b\u00f3kmenntir"]}, {"abbreviation": "RL", "topics": ["lestur", "ritun og tj\u00e1ning"]}, {"abbreviation": "MI", "topics": ["m\u00e1l og b\u00f3kmenntir fr\u00e1 si\u00f0askiptum til aldam\u00f3tanna 1900"]}, {"abbreviation": "GM", "topics": ["go\u00f0afr\u00e6\u00f0i", "m\u00e1lsaga"]}, {"abbreviation": "GR", "topics": ["grunnur"]}, {"abbreviation": "LR", "topics": ["lestur og ritun"]}, {"abbreviation": "ST", "topics": ["stafsetning"]}, {"abbreviation": "\u00cdS", "topics": ["\u00edslenska"]}, {"abbreviation": "LT", "topics": ["lestur", "m\u00e1lfr\u00e6\u00f0i", "ritun", "stafsetning", "tj\u00e1ning"]}, {"abbreviation": "SR", "topics": ["lestur og tj\u00e1ning", "m\u00e1lfr\u00e6\u00f0i", "ritun", "stafsetning"]}, {"abbreviation": "GO", "topics": ["go\u00f0afr\u00e6\u00f0i", "m\u00e1lnotkun og ritun", "m\u00e1lsaga"]}, {"abbreviation": "NH", "topics": ["b\u00f3kmenntasaga 1900 til samt\u00edmans", "hugtakabeiting", "n\u00fat\u00edmab\u00f3kmenntir"]}, {"abbreviation": "RR", "topics": ["ritger\u00f0asm\u00ed\u00f0", "ritun"]}, {"abbreviation": "LF", "topics": ["b\u00f3kmenntasaga 1550-1900", "l\u00e6rd\u00f3ms\u00f6ld", "rauns\u00e6i"]}, {"abbreviation": "VE", "topics": ["verkefni vali\u00f0 og almenn b\u00f3kmenntafr\u00e6\u00f0i kynnt"]}, {"abbreviation": "MV", "topics": ["m\u00e1lv\u00edsindi"]}, {"abbreviation": "YF", "topics": ["Yndislestur framhald"]}, {"abbreviation": "MH", "topics": ["M\u00e1lsaga og go\u00f0afr\u00e6\u00f0i hra\u00f0fer\u00f0"]}, {"abbreviation": "FF", "topics": ["Fornb\u00f3kmenntir hra\u00f0fer\u00f0"]}, {"abbreviation": "YM", "topics": ["Yndislestur 2"]}, {"abbreviation": "FJ", "topics": ["fj\u00f6lmi\u00f0lal\u00e6si"]}, {"abbreviation": "RV", "topics": ["ritger\u00f0arvinna"]}, {"abbreviation": "LS", "topics": ["- sk\u00e1ldsaga \u00far n\u00fat\u00edma", "lestur og lesskilningur"]}, {"abbreviation": "L\u00cd", "topics": ["lestur og lesskilningur - \u00edslendingas\u00f6gur"]}, {"abbreviation": "LE", "topics": ["lestur og lesskilningur - sk\u00e1lds\u00f6gur 20. aldar"]}, {"abbreviation": "H\u00cd", "topics": ["Hagn\u00fdt \u00edslenska"]}, {"abbreviation": "\u00cdM", "topics": ["\u00edslensk m\u00e1lsaga"]}, {"abbreviation": "KV", "topics": ["b\u00f3kmenntir og kvikmyndir"]}, {"abbreviation": "NG", "topics": ["Norr\u00e6n go\u00f0afr\u00e6\u00f0i"]}, {"abbreviation": "LJ", "topics": ["Lj\u00f3\u00f0"]}, {"abbreviation": "AA", "topics": ["Lestur og ritun"]}, {"abbreviation": "\u00cdC", "topics": ["\u00cdslenska \u00e1 starfsbraut"]}, {"abbreviation": "\u00cdA", "topics": ["\u00cdslenska 1 \u00e1 starfsbraut"]}, {"abbreviation": "\u00cdB", "topics": ["\u00cdslenska 2 \u00e1 starfsbraut"]}, {"abbreviation": "N\u00dd", "topics": ["N\u00fdsk\u00f6pun"]}, {"abbreviation": "AB", "topics": ["B\u00f3kmenntir", "m\u00e1lfr\u00e6\u00f0i og ritun"]}, {"abbreviation": "HI", "topics": ["M\u00e1lnotkun og ritun"]}, {"abbreviation": "TR", "topics": ["M\u00e1lnotun og ritun"]}, {"abbreviation": "TL", "topics": ["L\u00e6si", "ritun", "tj\u00e1ning"]}, {"abbreviation": "OH", "topics": ["hlustun", "or\u00f0afor\u00f0i", "talm\u00e1l og ritun"]}, {"abbreviation": "ES", "topics": ["Eddukv\u00e6\u00f0i til si\u00f0askipta"]}, {"abbreviation": "NA", "topics": ["N\u00fdr\u00f3mant\u00edk til aldam\u00f3ta"]}, {"abbreviation": "SN", "topics": ["Si\u00f0askipti til n\u00fdr\u00f3mant\u00edkur"]}, {"abbreviation": "YL", "topics": ["Yndislestur"]}, {"abbreviation": "SS", "topics": ["Stafsetning"]}, {"abbreviation": "BU", "topics": ["Barna- og unglingab\u00f3kmenntir"]}, {"abbreviation": "SK", "topics": ["sk\u00e1lds\u00f6gur"]}, {"abbreviation": "B\u00d3", "topics": ["B\u00f3kmenntir og tungum\u00e1l fr\u00e1 landn\u00e1mi til si\u00f0askipta"]}, {"abbreviation": "M\u00c1", "topics": ["M\u00e1l- og menningarsaga"]}, {"abbreviation": "NF", "topics": ["N\u00fdsk\u00f6punarferli\u00f0: \u00fe\u00f6rf", "afur\u00f0", "lausn"]}, {"abbreviation": "A\u00cd", "topics": ["Almenn \u00edslenska \u00e1 1 \u00ferepi"]}, {"abbreviation": "AM", "topics": ["almenn m\u00e1lnotkun", "b\u00f3kmenntir", "ritun"]}, {"abbreviation": "RS", "topics": ["Skapandi skrif"]}, {"abbreviation": "SP", "topics": ["Spennus\u00f6gur"]}, {"abbreviation": "\u00cdD", "topics": ["\u00cdslenska \u00e1 starfsbraut 4"]}, {"abbreviation": "\u00cdE", "topics": ["\u00cdslenska 5 \u00e1 starfsbraut"]}, {"abbreviation": "SM", "topics": ["Sk\u00e1lds\u00f6gur"]}, {"abbreviation": "M\u00de", "topics": ["\u00cdSLE"]}, {"abbreviation": "SA", "topics": ["Sk\u00f6pun \u00ed v\u00ed\u00f0u samhengi"]}, {"abbreviation": "SJ", "topics": ["L\u00e6si", "b\u00f3kmenntir", "hugtakaskilningur", "m\u00e1lfr\u00e6\u00f0i", "sj\u00e1lfb\u00e6rni og ritun"]}, {"abbreviation": "LM", "topics": ["L\u00e6si", "l\u00fd\u00f0r\u00e6\u00f0i", "mannr\u00e9ttindi og b\u00f3kmenntir"]}, {"abbreviation": "JR", "topics": ["L\u00e6si", "b\u00f3kmenntir og ritun", "jafnr\u00e9tti"]}, {"abbreviation": "HV", "topics": ["L\u00e6si", "heilbrig\u00f0i", "velfer\u00f0 og b\u00f3kmenntir"]}, {"abbreviation": "DB", "topics": ["Sk\u00f3labla\u00f0"]}, {"abbreviation": "\u00c6F", "topics": ["Go\u00f0s\u00f6gur", "fantas\u00edur", "\u00e6vint\u00fdri"]}, {"abbreviation": "VM", "topics": ["Verkefna\u00e1fangi \u00ed m\u00e1lv\u00edsindum"]}, {"abbreviation": "VB", "topics": ["Verkefna\u00e1fangi \u00ed b\u00f3kmenntum"]}, {"abbreviation": "SW", "topics": ["Stafsetning og ritun"]}, {"abbreviation": "MF", "topics": ["M\u00e1lfr\u00e6\u00f0i"]}, {"abbreviation": "SG", "topics": ["B\u00f3kmenntir", "setningafr\u00e6\u00f0i og go\u00f0afr\u00e6\u00f0i"]}, {"abbreviation": "OF", "topics": ["frambur\u00f0ur", "lestrarf\u00e6rni", "or\u00f0afor\u00f0i"]}, {"abbreviation": "CA", "topics": ["B\u00f3kmenntir fram til 1550"]}, {"abbreviation": "BH", "topics": ["Go\u00f0afr\u00e6\u00f0i", "m\u00e1lsaga og ritger\u00f0asm\u00ed\u00f0"]}, {"abbreviation": "DD", "topics": ["B\u00f3kmenntir og b\u00f3kmenntasaga", "einkum 1550-1900."]}, {"abbreviation": "CH", "topics": ["\u00cdslenska 3. Hra\u00f0fer\u00f0"]}, {"abbreviation": "EE", "topics": ["B\u00f3kmenntir og b\u00f3kmenntasaga eftir 1900."]}, {"abbreviation": "HL", "topics": ["M\u00e1lsaga og hlj\u00f3\u00f0fr\u00e6\u00f0i"]}, {"abbreviation": "CB", "topics": ["heimsb\u00f3kmenntir"]}, {"abbreviation": "AL", "topics": ["Almenn m\u00e1lnotkun og l\u00e6si"]}, {"abbreviation": "GF", "topics": ["Go\u00f0afr\u00e6\u00f0i og fornb\u00f3kmenntir"]}, {"abbreviation": "TE", "topics": ["Ritun og textagreining"]}, {"abbreviation": "MA", "topics": ["Menningararfur \u00ed n\u00fat\u00edmanum"]}, {"abbreviation": "S\u00c1", "topics": ["Skrefa\u00f0", "skrifa\u00f0 og skrafa\u00f0 um n\u00e6rsamf\u00e9lagi\u00f0/\u00e1tthagana."]}, {"abbreviation": "NM", "topics": ["fr\u00e1 n\u00fdr\u00f3mant\u00edk til m\u00f3dernisma"]}, {"abbreviation": "HM", "topics": ["Heimildir og m\u00e1lnotkun"]}, {"abbreviation": "M\u00c6", "topics": ["Menningarl\u00e6si"]}, {"abbreviation": "CK", "topics": ["\u00edslenskar kvikmyndir"]}, {"abbreviation": "CL", "topics": ["Leikh\u00fas og leikb\u00f3kmenntir"]}, {"abbreviation": "DL", "topics": ["Leikh\u00fas og leikb\u00f3kmenntir."]}, {"abbreviation": "CN", "topics": ["\u00derj\u00fa verk Halld\u00f3rs Laxness."]}, {"abbreviation": "HB", "topics": ["B\u00f3kmenntir", "heimildaritger\u00f0", "m\u00e1lsaga"]}, {"abbreviation": "CU", "topics": ["Barnab\u00f3kmenntir."]}, {"abbreviation": "CP", "topics": ["Textager\u00f0 og ritstj\u00f3rn"]}, {"abbreviation": "CY", "topics": ["Yndislestur I"]}, {"abbreviation": "DY", "topics": ["Yndislestur II"]}, {"abbreviation": "RH", "topics": ["\u00darvinnsla heimilda og ritun"]}, {"abbreviation": "B\u00cd", "topics": ["B\u00f3kmenntasaga", "\u00cdslendingasaga og forn kve\u00f0skapur"]}, {"abbreviation": "BL", "topics": ["B\u00f3kmenntasaga", "leikritalestur", "lj\u00f3\u00f0alestur", "n\u00fat\u00edmab\u00f3kmenntir"]}, {"abbreviation": "RF", "topics": ["Ritger\u00f0arskrif", "go\u00f0afr\u00e6\u00f0i og m\u00e1lsaga"]}, {"abbreviation": "KM", "topics": ["b\u00f3kmenntir", "kv\u00e6\u00f0i", "lj\u00f3\u00f0", "m\u00e1lnotkun", "ritun"]}, {"abbreviation": "SL", "topics": ["Ritlist"]}, {"abbreviation": "RO", "topics": ["lestur", "m\u00e1lnotkun", "or\u00f0afor\u00f0i", "ritun"]}, {"abbreviation": "LB", "topics": ["b\u00f3kmenntir", "l\u00e6si", "ritun", "stafsetning"]}, {"abbreviation": "FL", "topics": ["frams\u00f6gn", "lestur", "margv\u00edsleg ritun", "or\u00f0afor\u00f0i"]}, {"abbreviation": "HS", "topics": ["heimildavinna", "m\u00e1lnotkun", "ritun", "setningafr\u00e6\u00f0i"]}, {"abbreviation": "KB", "topics": ["b\u00f3kmenntasaga", "heimildavinna", "kynningar", "valdir b\u00f3kmenntatextar"]}, {"abbreviation": "VT", "topics": ["b\u00f3kmenntasaga", "stefnur \u00ed listum og menningu", "valdir b\u00f3kmenntatextar"]}, {"abbreviation": "KF", "topics": ["fr\u00e6\u00f0ileg umfj\u00f6llun", "kvikmyndafr\u00e6\u00f0i", "kvikmyndal\u00e6si", "samf\u00e9lagsr\u00fdni"]}, {"abbreviation": "UM", "topics": ["m\u00e1lfr\u00e6\u00f0i", "or\u00f0afor\u00f0i", "uppruni m\u00e1la", "\u00edslensk m\u00e1lsaga"]}, {"abbreviation": "\u00deH", "topics": ["\u00fej\u00f3\u00f0h\u00e1ttafr\u00e6\u00f0i", "\u00fej\u00f3\u00f0l\u00edfsfr\u00e6\u00f0i", "\u00fej\u00f3\u00f0sagnafr\u00e6\u00f0i og hversdagsmenning"]}], "_id": "50c0a02dd8e40575f7f6f4a2", "subjects": ["\u00edslenska"], "counter": {"1": 39, "3": 39, "2": 27, "4": 2}}, "evaluation": "L\u00f6g\u00f0 er \u00e1hersla \u00e1 fj\u00f6lbreytt n\u00e1msmat me\u00f0 lei\u00f0s\u00f6gn. N\u00e1msmati\u00f0 er \u00ed h\u00f6ndum kennara vi\u00f0komandi \u00e1fanga en \u00fearf a\u00f0 fylgja \u00feeim reglum sem kve\u00f0i\u00f0 er \u00e1 um \u00ed sk\u00f3lan\u00e1mskr\u00e1 VMA.", "categorization_suggestion": "AV", "embedded_topics": {"abbreviation": "\u00deH", "topics": ["\u00fej\u00f3\u00f0h\u00e1ttafr\u00e6\u00f0i", "\u00fej\u00f3\u00f0l\u00edfsfr\u00e6\u00f0i", "\u00fej\u00f3\u00f0sagnafr\u00e6\u00f0i og hversdagsmenning"]}, "status": "approved by school", "description": "\u00cd \u00feessum \u00e1fanga ver\u00f0ur fari\u00f0 \u00ed grunn\u00fe\u00e6tti \u00fej\u00f3\u00f0fr\u00e6\u00f0a. Greinin er kynnt og fari\u00f0 yfir hva\u00f0 einkennir hana og hver eru \u00feau lykilhugt\u00f6k sem tengjast efninu um lei\u00f0 og \u00f3l\u00edkir \u00fe\u00e6ttir menningarinnar eru kynntir (t.d. s\u00f6gur, h\u00e1t\u00ed\u00f0ir, leikir, dansar, hlutir, h\u00f3par, texti, heg\u00f0un, munnleg geymd, \u00f3l\u00edkar tegundir flutnings). \u00cdslenskir \u00fej\u00f3\u00f0h\u00e6ttir eru sko\u00f0a\u00f0ir.  Lesnar \u00fej\u00f3\u00f0s\u00f6gur og fari\u00f0 yfir kenningar \u00fej\u00f3\u00f0sagnafr\u00e6\u00f0a.  Hversdagsmenning n\u00fat\u00ed\u00f0ar og fort\u00ed\u00f0ar er sko\u00f0u\u00f0 og \u00e1hrif hennar \u00e1 tungum\u00e1l og l\u00edfsh\u00e6tti. R\u00fdnt er \u00ed n\u00fat\u00edmann me\u00f0 augum \u00fej\u00f3\u00f0l\u00edfsfr\u00e6\u00f0a og meti\u00f0 hvernig h\u00e6gt er a\u00f0 nota \u00f3l\u00edka mi\u00f0la og texta til a\u00f0 koma merkingu \u00e1 framf\u00e6ri \u00e1 \u00f3l\u00edka vegu. Fari\u00f0 yfir a\u00f0fer\u00f0afr\u00e6\u00f0i og si\u00f0fer\u00f0ileg \u00e1litaefni vi\u00f0 s\u00f6fnun \u00fej\u00f3\u00f0fr\u00e6\u00f0iefnis. \u00cd vinnu og verkefnum \u00e1fangans reynir \u00e1 kunn\u00e1ttu \u00ed heimildavinnu, frumkv\u00e6\u00f0i, sj\u00e1lfst\u00e6\u00f0 og skapandi vinnubr\u00f6g\u00f0, gagnr\u00fdna hugsun, umbur\u00f0arlyndi og vir\u00f0ingu fyrir sko\u00f0unum annarra. ", "knowledge_goals": ["lykilhugt\u00f6kum og grunn\u00fe\u00e1ttum \u00fej\u00f3\u00f0fr\u00e6\u00f0a", "munnlegri geymd", "mismunandi tegundum texta og \u00f3l\u00edkri mi\u00f0lun \u00feeirra, \u00e1hrifum og t\u00falkun", "\u00e1hrifum hversdagsmenningar m.a. \u00e1 lifna\u00f0arh\u00e6tti og tungutak", "\u00edslenskri menningu, \u00far hverju h\u00fan sprettur og tengslum hennar vi\u00f0 \u00fatl\u00f6nd", "\u00fej\u00f3\u00f0sagnafr\u00e6\u00f0um", "hugmyndafr\u00e6\u00f0i og vi\u00f0horfum f\u00f3lks \u00e1 \u00f3l\u00edkum t\u00edmum", "heimildanotkun \u00ed tengslum vi\u00f0 verkefnavinnu", "or\u00f0afor\u00f0a sem \u00fearf til a\u00f0 lesa \u00ed \u00f3l\u00edkar heimildir (munnlegar, myndr\u00e6nar, rita\u00f0ar, o.fl.)"], "skills_goals": ["lesa og greina \u00fdmis konar texta fr\u00e1 \u00f3l\u00edkum t\u00edmum og \u00e1 \u00f3l\u00edku formi s\u00e9r til gagns og geta fjalla\u00f0 um inntak \u00feeirra \u00ed r\u00e6\u00f0u og riti", "beita algengum st\u00edlbr\u00f6g\u00f0um \u00ed tal- og ritm\u00e1li", "skilja og geta n\u00fdtt helstu kenningar og hugt\u00f6k \u00ed \u00fej\u00f3\u00f0fr\u00e6\u00f0i", "draga saman og n\u00fdta \u00e1 vi\u00f0urkenndan og gagnr\u00fdninn h\u00e1tt uppl\u00fdsingar \u00far hvers kyns heimildum og meta \u00e1rei\u00f0anleika \u00feeirra", "vinna verkefni af \u00fdmsu tagi og n\u00fdta s\u00e9r uppbyggilega gagnr\u00fdni", "flytja af \u00f6ryggi l\u00fdsingar og kynningar \u00e1 verkefnum s\u00ednum, hver fyrir sig og me\u00f0 \u00f6\u00f0rum"], "credits": 5, "last_modified": 1423837934.51552, "schools": ["512b49bc62933a682f00048a"], "coauthors": null, "instructions": "", "continued_education": false, "level": 3, "prerequisites": "10 einingar \u00e1 2. \u00ferepi", "author": "0bc9b589-2a42-4690-ac7e-ec65f804a0e6", "abbreviation_version": null, "competence_goals": [["skrifa sk\u00fdran, vel uppbygg\u00f0an og gr\u00edpandi texta", ""], ["taka \u00fe\u00e1tt \u00ed m\u00e1lefnalegum umr\u00e6\u00f0um, tj\u00e1 afst\u00f6\u00f0u s\u00edna og efasemdir um efni\u00f0 og komast a\u00f0 r\u00f6kstuddri ni\u00f0urst\u00f6\u00f0u", ""], ["draga saman a\u00f0alatri\u00f0i, beita gagnr\u00fdninni hugsun vi\u00f0 lestur, t\u00falkun og \u00farvinnslu krefjandi texta", ""], ["\u00e1tta sig \u00e1 samf\u00e9lagslegum sk\u00edrskotunum, duldum bo\u00f0skap og hugmyndum", ""], ["beita sk\u00fdru, v\u00f6ndu\u00f0u og bl\u00e6brig\u00f0ar\u00edku m\u00e1li \u00ed r\u00e6\u00f0u og riti", ""], ["velja ritst\u00edl eftir a\u00f0st\u00e6\u00f0um og vi\u00f0takendum", ""], ["vinna skapandi verkefni \u00ed tengslum vi\u00f0 n\u00e1msefni\u00f0", ""]], "_id": "54de0aee62933a7a340003ff"}], "required_credits": 10}], "epoch_created": 1431424298.903022, "package_choice": [{"required_packages": "1", "packages": [{"courses": [{"exemplary": null, "topics": "Hlustun, lestur, ritun, tal (A1)", "abbreviation": "\u00de\u00ddSK1HT05", "former_schools": null, "subject": "\u00fe\u00fdska", "title": "Framhalds\u00e1fangi \u00ed \u00fe\u00fdsku ", "version": 21, "status_trans": "Sam\u00feykkt af sk\u00f3la", "embedded_subject": {"abbreviation": "\u00de\u00ddSK", "topics": [{"abbreviation": "AF", "topics": ["evr\u00f3pski tungum\u00e1laramminn", "framhald", "stig a1"]}, {"abbreviation": "AU", "topics": ["evr\u00f3pski tungum\u00e1laramminn", "grunnur", "stig a2"]}, {"abbreviation": "BG", "topics": ["evr\u00f3pski tungum\u00e1laramminn", "framhald", "stig a2"]}, {"abbreviation": "AG", "topics": ["evr\u00f3pski tungum\u00e1laramminn", "grunnur", "stig a1"]}, {"abbreviation": "BU", "topics": ["evr\u00f3pski tungum\u00e1laramminn", "grunnur", "stig b1"]}, {"abbreviation": "\u00deB", "topics": ["hlustun og ritun", "lesskilningur", "tal"]}, {"abbreviation": "\u00deA", "topics": ["undirsta\u00f0a tungum\u00e1lsins"]}, {"abbreviation": "BE", "topics": ["berl\u00ednar\u00e1fangi"]}, {"abbreviation": "YN", "topics": ["yndislestur og tala\u00f0 m\u00e1l"]}, {"abbreviation": "GR", "topics": ["grunn\u00e1fangi"]}, {"abbreviation": "FR", "topics": ["framhalds\u00e1fangi"]}, {"abbreviation": "BM", "topics": ["b\u00f3kmenntir og menning"]}, {"abbreviation": "LV", "topics": ["lestur og verkefnavinna"]}, {"abbreviation": "YL", "topics": ["yndislestur"]}, {"abbreviation": "\u00deC", "topics": ["hlustun og ritun. menning og sta\u00f0h\u00e6ttir \u00fe\u00fdskum\u00e6landi landa.", "lesskilningur", "tal"]}, {"abbreviation": "\u00deD", "topics": ["hlustun og ritun. skipting og sameining \u00fe\u00fdskalands", "lesskilningur", "munnleg tj\u00e1ning"]}, {"abbreviation": "\u00deE", "topics": ["\u00fej\u00e1lfun or\u00f0afor\u00f0a og tj\u00e1ningarh\u00e6fni"]}, {"abbreviation": "FF", "topics": ["fr\u00e1sagnir og fer\u00f0al\u00f6g"]}, {"abbreviation": "BF", "topics": ["stig a1"]}, {"abbreviation": "CF", "topics": ["stig a2"]}, {"abbreviation": "DF", "topics": ["evr\u00f3pski tungum\u00e1laramminn", "stig a2"]}, {"abbreviation": "EF", "topics": ["evr\u00f3pski tungum\u00e1laramminn", "stig b1"]}, {"abbreviation": "PL", "topics": ["l\u00edfi\u00f0", "pers\u00f3nan", "stig a1 \u00ed evr\u00f3pska tungum\u00e1larammanum"]}, {"abbreviation": "DA", "topics": ["daglegar athafnir", "stig a1 - a2 \u00ed evr\u00f3pska tungum\u00e1larammanum"]}, {"abbreviation": "VU", "topics": ["stig a2 \u00ed evr\u00f3pska tungum\u00e1larammanum", "umhverfi", "venjur"]}, {"abbreviation": "FM", "topics": ["fer\u00f0al\u00f6g", "menning", "stig a2 - b1 \u00ed evr\u00f3pska tungum\u00e1larammanum"]}, {"abbreviation": "SM", "topics": ["aukasetningar", "fallbeyging l\u00fdsingaror\u00f0a", "m\u00e1lnotkun \u00ed n\u00fat\u00ed\u00f0 og n\u00fali\u00f0inni t\u00ed\u00f0", "stigbreyting", "\u00feolmynd"]}, {"abbreviation": "F\u00de", "topics": ["fj\u00f6lbreyttari og au\u00f0ugari m\u00e1lnotkun", "fl\u00f3knari textar", "l\u00fdsingarh\u00e1ttur n\u00fat\u00ed\u00f0ar", "\u00feolmynd"]}, {"abbreviation": "FT", "topics": ["fj\u00f6lbreytt m\u00e1lnotkun og lestur", "framt\u00ed\u00f0", "vi\u00f0tengingarh\u00e1ttur", "\u00feolmynd"]}, {"abbreviation": "GF", "topics": ["algengur or\u00f0afor\u00f0i", "frambur\u00f0ur", "grunnatri\u00f0i \u00ed m\u00e1lfr\u00e6\u00f0i", "s.s. beyging sagna og greinis"]}, {"abbreviation": "\u00deL", "topics": ["fj\u00f6lbreytt m\u00e1lnotkun og lestur", "fr\u00e6\u00f0sla um \u00fe\u00fdska m\u00e1lsv\u00e6\u00f0i\u00f0", "sagnir me\u00f0 forsetningum", "tilv\u00edsunarsetningar", "\u00feolmynd", "\u00fe\u00e1t\u00ed\u00f0"]}, {"abbreviation": "M\u00c1", "topics": ["algengur almennur or\u00f0afor\u00f0i \u00ed n\u00fat\u00ed\u00f0 og n\u00fal\u00f0inni t\u00ed\u00f0", "eignarforn\u00f6fn", "forsetningar og fallstj\u00f3rn \u00feeirra"]}, {"abbreviation": "FL", "topics": ["t\u00f6lur 20-100", "\u00de\u00fdskum\u00e6landi l\u00f6nd Fj\u00f6lskylduhagir Matur og drykkur kaupa"]}, {"abbreviation": "AB", "topics": ["heimili\u00f0 - t\u00f6lur Sagnbeyging", "sagnir \u00ed \u00feolfalli", "\u00feolfall forsetningar me\u00f0 \u00feolfalli greinir \u00ed \u00feolfalli"]}, {"abbreviation": "BB", "topics": ["\u00de\u00fdska 2"]}, {"abbreviation": "MM", "topics": ["markviss m\u00e1lnotkun"]}, {"abbreviation": "AM", "topics": ["Au\u00f0ug m\u00e1lnotkun"]}, {"abbreviation": "LO", "topics": ["Loka\u00e1fangi"]}, {"abbreviation": "VV", "topics": ["verkefnavinna"]}, {"abbreviation": "VG", "topics": ["vefs\u00ed\u00f0uger\u00f0"]}, {"abbreviation": "BY", "topics": ["Byrjunar", "\u00e1fangi"]}, {"abbreviation": "AA", "topics": ["Byrjunar\u00e1fangi"]}, {"abbreviation": "CC", "topics": ["\u00de\u00fdska 3"]}, {"abbreviation": "DD", "topics": ["\u00de\u00fdska 4"]}, {"abbreviation": "EE", "topics": ["\u00de\u00fdska 5"]}, {"abbreviation": "\u00deO", "topics": ["or\u00f0afor\u00f0i", "ritun", "tal", "\u00de\u00fdska"]}, {"abbreviation": "B\u00de", "topics": ["Byrjenda\u00e1fangi"]}, {"abbreviation": "HS", "topics": ["Hlustun og ritun", "lestur og munnleg tj\u00e1ning", "saga og menning"]}, {"abbreviation": "DK", "topics": ["\u00de\u00fdskar kvikmyndir"]}, {"abbreviation": "BV", "topics": ["evr\u00f3pski tungum\u00e1laramminn", "grunnur", "stig b2"]}, {"abbreviation": "ME", "topics": ["Menning", "land og \u00fej\u00f3\u00f0"]}, {"abbreviation": "TM", "topics": ["Samskipti", "menning og fer\u00f0al\u00f6g"]}, {"abbreviation": "VL", "topics": ["Venjur", "l\u00edfsst\u00edll og umhverfi"]}, {"abbreviation": "RL", "topics": ["hlustun", "lestur", "ritun", "tal (A1)"]}, {"abbreviation": "HT", "topics": ["Hlustun", "lestur", "ritun", "tal (A1)"]}], "_id": "50c0a02dd8e40575f7f6f4be", "subjects": ["\u00fe\u00fdska"], "counter": {"1": 20, "3": 1, "2": 13, "4": 0}}, "evaluation": "L\u00f6g\u00f0 er \u00e1hersla \u00e1 fj\u00f6lbreytt n\u00e1msmat me\u00f0 lei\u00f0s\u00f6gn. N\u00e1msmati\u00f0 er \u00ed h\u00f6ndum kennara vi\u00f0komandi \u00e1fanga en \u00fearf a\u00f0 fylgja \u00feeim reglum sem kve\u00f0i\u00f0 er \u00e1 um \u00ed sk\u00f3lan\u00e1mskr\u00e1 VMA.", "categorization_suggestion": "AV", "embedded_topics": {"abbreviation": "HT", "topics": ["Hlustun", "lestur", "ritun", "tal (A1)"]}, "status": "approved by school", "description": "Framhalds\u00e1fangi \u00fear sem \u00e1framhaldandi \u00e1hersla er l\u00f6g\u00f0 \u00e1 a\u00f0 nemandinn b\u00e6ti vi\u00f0 undirst\u00f6\u00f0uatri\u00f0i tungum\u00e1lsins. \u00dej\u00e1lfun \u00ed lesskilningi aukin \u00e1samt d\u00fdpkun \u00e1 samskipta\u00fe\u00e1ttunum tali, hlustun og ritun. Markvisst er b\u00e6tt vi\u00f0 or\u00f0afor\u00f0a og m\u00e1lnotkun aukin, \u00fear sem \u00e1hersla er l\u00f6g\u00f0 \u00e1 r\u00e9ttan frambur\u00f0 og skilning \u00feannig a\u00f0 nemandi m.a. lesi\u00f0 og skili\u00f0 stutta texta, tj\u00e1\u00f0 sig skriflega og munnlega um efni sem tengjast ath\u00f6fnum daglegs l\u00edfs. Hluti n\u00e1msins er kynning \u00e1 si\u00f0venjum \u00fe\u00fdskum\u00e6landi landa me\u00f0 s\u00e9rst\u00f6ku tilliti til jafnr\u00e9ttis og sk\u00f6punar. \u00c1hersla er l\u00f6g\u00f0 \u00e1 frumkv\u00e6\u00f0i nemandans og a\u00f0 hann beri \u00e1byrg\u00f0 \u00e1 eigin n\u00e1mi. ", "knowledge_goals": ["vi\u00f0eigandi or\u00f0afor\u00f0a \u00e1fangans", "grundvallar\u00fe\u00e1ttum \u00fe\u00fdska m\u00e1lkerfisins", "frambur\u00f0i", "samskiptavenjum, menningu og si\u00f0venjum \u00fe\u00fdskum\u00e6landi \u00fej\u00f3\u00f0a"], "skills_goals": ["skilja fyrirm\u00e6li og setningar sem tengjast daglegum ath\u00f6fnum", "skilja lei\u00f0beiningar og fyrirm\u00e6li", "skilja \u00feegar fjalla\u00f0 er um atbur\u00f0i daglegs l\u00edfs", "skrifa stutta texta \u00ed n\u00fat\u00ed\u00f0, framt\u00ed\u00f0 og li\u00f0inni t\u00ed\u00f0", "\u00f3ska eftir og geta veita uppl\u00fdsingar", "greina lykilatri\u00f0i \u00ed texta", "tj\u00e1 sig skriflega og munnlega um kunnugleg efni"], "credits": 5, "last_modified": 1425120749.823402, "schools": ["512b49bc62933a682f00048a"], "coauthors": null, "instructions": "", "continued_education": false, "level": 1, "prerequisites": "\u00de\u00ddSK1RL05 e\u00f0a samb\u00e6rilegur \u00e1fangi", "author": "0bc9b589-2a42-4690-ac7e-ec65f804a0e6", "abbreviation_version": null, "competence_goals": [["n\u00fdta vi\u00f0eigandi m\u00e1l- og samskiptavenjur vi\u00f0 mismunandi a\u00f0st\u00e6\u00f0ur", ""], ["\u00fatsk\u00fdra si\u00f0venjur \u00fe\u00fdskum\u00e6landi landa", ""], ["koma \u00e1 framf\u00e6ri eigin sko\u00f0un, \u00feekkingu og tilfinningum", ""], ["velja n\u00e1msa\u00f0fer\u00f0ir vi\u00f0 h\u00e6fi", ""], ["meta eigi\u00f0 vinnuframlag og framfarir \u00ed m\u00e1linu", ""], ["s\u00fdna aga, metna\u00f0, sj\u00e1lfst\u00e6\u00f0 vinnubr\u00f6g\u00f0 og j\u00e1kv\u00e6\u00f0ni", ""]], "_id": "54f19ded62933a1936001c6f"}, {"exemplary": null, "topics": "hlustun, lestur, ritun, tal (A1)", "abbreviation": "\u00de\u00ddSK1RL05", "former_schools": null, "subject": "\u00fe\u00fdska", "title": "Grunn\u00e1fangi \u00ed \u00fe\u00fdsku ", "version": 22, "status_trans": "Sam\u00feykkt af sk\u00f3la", "embedded_subject": {"abbreviation": "\u00de\u00ddSK", "topics": [{"abbreviation": "AF", "topics": ["evr\u00f3pski tungum\u00e1laramminn", "framhald", "stig a1"]}, {"abbreviation": "AU", "topics": ["evr\u00f3pski tungum\u00e1laramminn", "grunnur", "stig a2"]}, {"abbreviation": "BG", "topics": ["evr\u00f3pski tungum\u00e1laramminn", "framhald", "stig a2"]}, {"abbreviation": "AG", "topics": ["evr\u00f3pski tungum\u00e1laramminn", "grunnur", "stig a1"]}, {"abbreviation": "BU", "topics": ["evr\u00f3pski tungum\u00e1laramminn", "grunnur", "stig b1"]}, {"abbreviation": "\u00deB", "topics": ["hlustun og ritun", "lesskilningur", "tal"]}, {"abbreviation": "\u00deA", "topics": ["undirsta\u00f0a tungum\u00e1lsins"]}, {"abbreviation": "BE", "topics": ["berl\u00ednar\u00e1fangi"]}, {"abbreviation": "YN", "topics": ["yndislestur og tala\u00f0 m\u00e1l"]}, {"abbreviation": "GR", "topics": ["grunn\u00e1fangi"]}, {"abbreviation": "FR", "topics": ["framhalds\u00e1fangi"]}, {"abbreviation": "BM", "topics": ["b\u00f3kmenntir og menning"]}, {"abbreviation": "LV", "topics": ["lestur og verkefnavinna"]}, {"abbreviation": "YL", "topics": ["yndislestur"]}, {"abbreviation": "\u00deC", "topics": ["hlustun og ritun. menning og sta\u00f0h\u00e6ttir \u00fe\u00fdskum\u00e6landi landa.", "lesskilningur", "tal"]}, {"abbreviation": "\u00deD", "topics": ["hlustun og ritun. skipting og sameining \u00fe\u00fdskalands", "lesskilningur", "munnleg tj\u00e1ning"]}, {"abbreviation": "\u00deE", "topics": ["\u00fej\u00e1lfun or\u00f0afor\u00f0a og tj\u00e1ningarh\u00e6fni"]}, {"abbreviation": "FF", "topics": ["fr\u00e1sagnir og fer\u00f0al\u00f6g"]}, {"abbreviation": "BF", "topics": ["stig a1"]}, {"abbreviation": "CF", "topics": ["stig a2"]}, {"abbreviation": "DF", "topics": ["evr\u00f3pski tungum\u00e1laramminn", "stig a2"]}, {"abbreviation": "EF", "topics": ["evr\u00f3pski tungum\u00e1laramminn", "stig b1"]}, {"abbreviation": "PL", "topics": ["l\u00edfi\u00f0", "pers\u00f3nan", "stig a1 \u00ed evr\u00f3pska tungum\u00e1larammanum"]}, {"abbreviation": "DA", "topics": ["daglegar athafnir", "stig a1 - a2 \u00ed evr\u00f3pska tungum\u00e1larammanum"]}, {"abbreviation": "VU", "topics": ["stig a2 \u00ed evr\u00f3pska tungum\u00e1larammanum", "umhverfi", "venjur"]}, {"abbreviation": "FM", "topics": ["fer\u00f0al\u00f6g", "menning", "stig a2 - b1 \u00ed evr\u00f3pska tungum\u00e1larammanum"]}, {"abbreviation": "SM", "topics": ["aukasetningar", "fallbeyging l\u00fdsingaror\u00f0a", "m\u00e1lnotkun \u00ed n\u00fat\u00ed\u00f0 og n\u00fali\u00f0inni t\u00ed\u00f0", "stigbreyting", "\u00feolmynd"]}, {"abbreviation": "F\u00de", "topics": ["fj\u00f6lbreyttari og au\u00f0ugari m\u00e1lnotkun", "fl\u00f3knari textar", "l\u00fdsingarh\u00e1ttur n\u00fat\u00ed\u00f0ar", "\u00feolmynd"]}, {"abbreviation": "FT", "topics": ["fj\u00f6lbreytt m\u00e1lnotkun og lestur", "framt\u00ed\u00f0", "vi\u00f0tengingarh\u00e1ttur", "\u00feolmynd"]}, {"abbreviation": "GF", "topics": ["algengur or\u00f0afor\u00f0i", "frambur\u00f0ur", "grunnatri\u00f0i \u00ed m\u00e1lfr\u00e6\u00f0i", "s.s. beyging sagna og greinis"]}, {"abbreviation": "\u00deL", "topics": ["fj\u00f6lbreytt m\u00e1lnotkun og lestur", "fr\u00e6\u00f0sla um \u00fe\u00fdska m\u00e1lsv\u00e6\u00f0i\u00f0", "sagnir me\u00f0 forsetningum", "tilv\u00edsunarsetningar", "\u00feolmynd", "\u00fe\u00e1t\u00ed\u00f0"]}, {"abbreviation": "M\u00c1", "topics": ["algengur almennur or\u00f0afor\u00f0i \u00ed n\u00fat\u00ed\u00f0 og n\u00fal\u00f0inni t\u00ed\u00f0", "eignarforn\u00f6fn", "forsetningar og fallstj\u00f3rn \u00feeirra"]}, {"abbreviation": "FL", "topics": ["t\u00f6lur 20-100", "\u00de\u00fdskum\u00e6landi l\u00f6nd Fj\u00f6lskylduhagir Matur og drykkur kaupa"]}, {"abbreviation": "AB", "topics": ["heimili\u00f0 - t\u00f6lur Sagnbeyging", "sagnir \u00ed \u00feolfalli", "\u00feolfall forsetningar me\u00f0 \u00feolfalli greinir \u00ed \u00feolfalli"]}, {"abbreviation": "BB", "topics": ["\u00de\u00fdska 2"]}, {"abbreviation": "MM", "topics": ["markviss m\u00e1lnotkun"]}, {"abbreviation": "AM", "topics": ["Au\u00f0ug m\u00e1lnotkun"]}, {"abbreviation": "LO", "topics": ["Loka\u00e1fangi"]}, {"abbreviation": "VV", "topics": ["verkefnavinna"]}, {"abbreviation": "VG", "topics": ["vefs\u00ed\u00f0uger\u00f0"]}, {"abbreviation": "BY", "topics": ["Byrjunar", "\u00e1fangi"]}, {"abbreviation": "AA", "topics": ["Byrjunar\u00e1fangi"]}, {"abbreviation": "CC", "topics": ["\u00de\u00fdska 3"]}, {"abbreviation": "DD", "topics": ["\u00de\u00fdska 4"]}, {"abbreviation": "EE", "topics": ["\u00de\u00fdska 5"]}, {"abbreviation": "\u00deO", "topics": ["or\u00f0afor\u00f0i", "ritun", "tal", "\u00de\u00fdska"]}, {"abbreviation": "B\u00de", "topics": ["Byrjenda\u00e1fangi"]}, {"abbreviation": "HS", "topics": ["Hlustun og ritun", "lestur og munnleg tj\u00e1ning", "saga og menning"]}, {"abbreviation": "DK", "topics": ["\u00de\u00fdskar kvikmyndir"]}, {"abbreviation": "BV", "topics": ["evr\u00f3pski tungum\u00e1laramminn", "grunnur", "stig b2"]}, {"abbreviation": "ME", "topics": ["Menning", "land og \u00fej\u00f3\u00f0"]}, {"abbreviation": "TM", "topics": ["Samskipti", "menning og fer\u00f0al\u00f6g"]}, {"abbreviation": "VL", "topics": ["Venjur", "l\u00edfsst\u00edll og umhverfi"]}, {"abbreviation": "RL", "topics": ["hlustun", "lestur", "ritun", "tal (A1)"]}], "_id": "50c0a02dd8e40575f7f6f4be", "subjects": ["\u00fe\u00fdska"], "counter": {"1": 20, "3": 1, "2": 13, "4": 0}}, "evaluation": "L\u00f6g\u00f0 er \u00e1hersla \u00e1 fj\u00f6lbreytt n\u00e1msmat me\u00f0 lei\u00f0s\u00f6gn. N\u00e1msmati\u00f0 er \u00ed h\u00f6ndum kennara vi\u00f0komandi \u00e1fanga en \u00fearf a\u00f0 fylgja \u00feeim reglum sem kve\u00f0i\u00f0 er \u00e1 um \u00ed sk\u00f3lan\u00e1mskr\u00e1 VMA. ", "categorization_suggestion": "AV", "embedded_topics": {"abbreviation": "RL", "topics": ["hlustun", "lestur", "ritun", "tal (A1)"]}, "status": "approved by school", "description": "Byrjunar\u00e1fangi \u00fear sem megin\u00e1hersla er l\u00f6g\u00f0 \u00e1 a\u00f0 nemandinn tileinki s\u00e9r undirst\u00f6\u00f0uatri\u00f0i tungum\u00e1lsins. Nemandinn er markvisst \u00fej\u00e1lfa\u00f0ur \u00ed lesskilningi \u00e1  hagn\u00fdtum or\u00f0afor\u00f0a til a\u00f0 geta lesi\u00f0 og skili\u00f0 texta um kunnugleg efni. Vi\u00f0 \u00feessa \u00fej\u00e1lfun \u00ed lesskilningi eru fl\u00e9tta\u00f0ar \u00e6fingar \u00ed  samskipta\u00fe\u00e1ttunum tali, hlustun og ritun, allt me\u00f0 \u00fea\u00f0 a\u00f0 markmi\u00f0i a\u00f0 nemandi  ver\u00f0i  sj\u00e1lfbjarga vi\u00f0 s\u00e9rstakar a\u00f0st\u00e6\u00f0ur. \u00c1hersla er l\u00f6g\u00f0 \u00e1 r\u00e9ttan frambur\u00f0, markvissa og reglulega uppbyggingu or\u00f0afor\u00f0a og grunnatri\u00f0i m\u00e1lnotkunar. Menning \u00fe\u00fdskum\u00e6landi landa er fl\u00e9ttu\u00f0 inn \u00ed \u00e1fangann.  Gagnkv\u00e6m vir\u00f0ing og umhyggja er h\u00f6f\u00f0 a\u00f0 lei\u00f0arlj\u00f3si. \u00c1fanginn krefst \u00feess a\u00f0 nemandinn geri s\u00e9r grein fyrir eigin \u00e1byrg\u00f0 \u00e1 n\u00e1minu og s\u00fdni sj\u00e1lfst\u00e6\u00f0 vinnubr\u00f6g\u00f0 og er nemendum kennt a\u00f0 nota uppl\u00fdsingat\u00e6kni og \u00f6nnur hj\u00e1lparg\u00f6gn \u00ed \u00e1fanganum. ", "knowledge_goals": ["grundvallaratri\u00f0um m\u00e1lkerfisins", "almennum or\u00f0afor\u00f0a sem h\u00e6fir h\u00e6fnivi\u00f0mi\u00f0um \u00e1fangans", "tungum\u00e1linu og \u00fatbrei\u00f0slu \u00feess", "mannl\u00edfi, menningu og si\u00f0um \u00ed \u00feeim l\u00f6ndum \u00fear sem tungum\u00e1li\u00f0 er tala\u00f0"], "skills_goals": ["tj\u00e1 sig skriflega og munnlega um \u00fea\u00f0 sem tengist honum n\u00e1i\u00f0", "lesa texta um efni sem hann \u00feekkir og tileinka s\u00e9r n\u00fd or\u00f0 \u00ed textanum", "skilja einf\u00f6ld fyrirm\u00e6li og helstu kve\u00f0jur og kurteisis\u00e1v\u00f6rp", "skilja einf\u00f6ld samt\u00f6l", "skilja \u00feegar tala\u00f0 er um t\u00f6lur og t\u00edmasetningar", "nota uppl\u00fdsingat\u00e6kni og \u00f6nnur hj\u00e1lparg\u00f6gn \u00ed tungum\u00e1lan\u00e1mi", "bjarga s\u00e9r vi\u00f0 s\u00e9rstakar a\u00f0st\u00e6\u00f0ur"], "credits": 5, "last_modified": 1425120328.338587, "schools": ["512b49bc62933a682f00048a"], "coauthors": null, "instructions": "", "continued_education": false, "level": 1, "prerequisites": "engar", "author": "0bc9b589-2a42-4690-ac7e-ec65f804a0e6", "abbreviation_version": null, "competence_goals": [["gera sig skiljanlegan um einf\u00f6ld atri\u00f0i", ""], ["vera sj\u00e1lfbjarga vi\u00f0 s\u00e9rstakar a\u00f0st\u00e6\u00f0ur", ""], ["spyrja til vegar", ""], ["spyrja og svara einf\u00f6ldum spurningum", ""], ["segja fr\u00e1 daglegum ath\u00f6fnum", ""], ["auka me\u00f0vitund um eigin lei\u00f0ir til a\u00f0 tileinka s\u00e9r tungum\u00e1li\u00f0", ""]], "_id": "54f19c4862933a1936001c6b"}, {"exemplary": null, "topics": "hlustun, lestur, ritun, tal(A1)", "abbreviation": "\u00de\u00ddSK1RS05", "former_schools": null, "subject": "\u00fe\u00fdska", "title": "Loka\u00e1fangi \u00ed \u00fe\u00fdsku", "version": 23, "status_trans": "Sam\u00feykkt af sk\u00f3la", "embedded_subject": {"abbreviation": "\u00de\u00ddSK", "topics": [{"abbreviation": "AF", "topics": ["evr\u00f3pski tungum\u00e1laramminn", "framhald", "stig a1"]}, {"abbreviation": "AU", "topics": ["evr\u00f3pski tungum\u00e1laramminn", "grunnur", "stig a2"]}, {"abbreviation": "BG", "topics": ["evr\u00f3pski tungum\u00e1laramminn", "framhald", "stig a2"]}, {"abbreviation": "AG", "topics": ["evr\u00f3pski tungum\u00e1laramminn", "grunnur", "stig a1"]}, {"abbreviation": "BU", "topics": ["evr\u00f3pski tungum\u00e1laramminn", "grunnur", "stig b1"]}, {"abbreviation": "\u00deB", "topics": ["hlustun og ritun", "lesskilningur", "tal"]}, {"abbreviation": "\u00deA", "topics": ["undirsta\u00f0a tungum\u00e1lsins"]}, {"abbreviation": "BE", "topics": ["berl\u00ednar\u00e1fangi"]}, {"abbreviation": "YN", "topics": ["yndislestur og tala\u00f0 m\u00e1l"]}, {"abbreviation": "GR", "topics": ["grunn\u00e1fangi"]}, {"abbreviation": "FR", "topics": ["framhalds\u00e1fangi"]}, {"abbreviation": "BM", "topics": ["b\u00f3kmenntir og menning"]}, {"abbreviation": "LV", "topics": ["lestur og verkefnavinna"]}, {"abbreviation": "YL", "topics": ["yndislestur"]}, {"abbreviation": "\u00deC", "topics": ["hlustun og ritun. menning og sta\u00f0h\u00e6ttir \u00fe\u00fdskum\u00e6landi landa.", "lesskilningur", "tal"]}, {"abbreviation": "\u00deD", "topics": ["hlustun og ritun. skipting og sameining \u00fe\u00fdskalands", "lesskilningur", "munnleg tj\u00e1ning"]}, {"abbreviation": "\u00deE", "topics": ["\u00fej\u00e1lfun or\u00f0afor\u00f0a og tj\u00e1ningarh\u00e6fni"]}, {"abbreviation": "FF", "topics": ["fr\u00e1sagnir og fer\u00f0al\u00f6g"]}, {"abbreviation": "BF", "topics": ["stig a1"]}, {"abbreviation": "CF", "topics": ["stig a2"]}, {"abbreviation": "DF", "topics": ["evr\u00f3pski tungum\u00e1laramminn", "stig a2"]}, {"abbreviation": "EF", "topics": ["evr\u00f3pski tungum\u00e1laramminn", "stig b1"]}, {"abbreviation": "PL", "topics": ["l\u00edfi\u00f0", "pers\u00f3nan", "stig a1 \u00ed evr\u00f3pska tungum\u00e1larammanum"]}, {"abbreviation": "DA", "topics": ["daglegar athafnir", "stig a1 - a2 \u00ed evr\u00f3pska tungum\u00e1larammanum"]}, {"abbreviation": "VU", "topics": ["stig a2 \u00ed evr\u00f3pska tungum\u00e1larammanum", "umhverfi", "venjur"]}, {"abbreviation": "FM", "topics": ["fer\u00f0al\u00f6g", "menning", "stig a2 - b1 \u00ed evr\u00f3pska tungum\u00e1larammanum"]}, {"abbreviation": "SM", "topics": ["aukasetningar", "fallbeyging l\u00fdsingaror\u00f0a", "m\u00e1lnotkun \u00ed n\u00fat\u00ed\u00f0 og n\u00fali\u00f0inni t\u00ed\u00f0", "stigbreyting", "\u00feolmynd"]}, {"abbreviation": "F\u00de", "topics": ["fj\u00f6lbreyttari og au\u00f0ugari m\u00e1lnotkun", "fl\u00f3knari textar", "l\u00fdsingarh\u00e1ttur n\u00fat\u00ed\u00f0ar", "\u00feolmynd"]}, {"abbreviation": "FT", "topics": ["fj\u00f6lbreytt m\u00e1lnotkun og lestur", "framt\u00ed\u00f0", "vi\u00f0tengingarh\u00e1ttur", "\u00feolmynd"]}, {"abbreviation": "GF", "topics": ["algengur or\u00f0afor\u00f0i", "frambur\u00f0ur", "grunnatri\u00f0i \u00ed m\u00e1lfr\u00e6\u00f0i", "s.s. beyging sagna og greinis"]}, {"abbreviation": "\u00deL", "topics": ["fj\u00f6lbreytt m\u00e1lnotkun og lestur", "fr\u00e6\u00f0sla um \u00fe\u00fdska m\u00e1lsv\u00e6\u00f0i\u00f0", "sagnir me\u00f0 forsetningum", "tilv\u00edsunarsetningar", "\u00feolmynd", "\u00fe\u00e1t\u00ed\u00f0"]}, {"abbreviation": "M\u00c1", "topics": ["algengur almennur or\u00f0afor\u00f0i \u00ed n\u00fat\u00ed\u00f0 og n\u00fal\u00f0inni t\u00ed\u00f0", "eignarforn\u00f6fn", "forsetningar og fallstj\u00f3rn \u00feeirra"]}, {"abbreviation": "FL", "topics": ["t\u00f6lur 20-100", "\u00de\u00fdskum\u00e6landi l\u00f6nd Fj\u00f6lskylduhagir Matur og drykkur kaupa"]}, {"abbreviation": "AB", "topics": ["heimili\u00f0 - t\u00f6lur Sagnbeyging", "sagnir \u00ed \u00feolfalli", "\u00feolfall forsetningar me\u00f0 \u00feolfalli greinir \u00ed \u00feolfalli"]}, {"abbreviation": "BB", "topics": ["\u00de\u00fdska 2"]}, {"abbreviation": "MM", "topics": ["markviss m\u00e1lnotkun"]}, {"abbreviation": "AM", "topics": ["Au\u00f0ug m\u00e1lnotkun"]}, {"abbreviation": "LO", "topics": ["Loka\u00e1fangi"]}, {"abbreviation": "VV", "topics": ["verkefnavinna"]}, {"abbreviation": "VG", "topics": ["vefs\u00ed\u00f0uger\u00f0"]}, {"abbreviation": "BY", "topics": ["Byrjunar", "\u00e1fangi"]}, {"abbreviation": "AA", "topics": ["Byrjunar\u00e1fangi"]}, {"abbreviation": "CC", "topics": ["\u00de\u00fdska 3"]}, {"abbreviation": "DD", "topics": ["\u00de\u00fdska 4"]}, {"abbreviation": "EE", "topics": ["\u00de\u00fdska 5"]}, {"abbreviation": "\u00deO", "topics": ["or\u00f0afor\u00f0i", "ritun", "tal", "\u00de\u00fdska"]}, {"abbreviation": "B\u00de", "topics": ["Byrjenda\u00e1fangi"]}, {"abbreviation": "HS", "topics": ["Hlustun og ritun", "lestur og munnleg tj\u00e1ning", "saga og menning"]}, {"abbreviation": "DK", "topics": ["\u00de\u00fdskar kvikmyndir"]}, {"abbreviation": "BV", "topics": ["evr\u00f3pski tungum\u00e1laramminn", "grunnur", "stig b2"]}, {"abbreviation": "ME", "topics": ["Menning", "land og \u00fej\u00f3\u00f0"]}, {"abbreviation": "TM", "topics": ["Samskipti", "menning og fer\u00f0al\u00f6g"]}, {"abbreviation": "VL", "topics": ["Venjur", "l\u00edfsst\u00edll og umhverfi"]}, {"abbreviation": "RL", "topics": ["hlustun", "lestur", "ritun", "tal (A1)"]}, {"abbreviation": "HT", "topics": ["Hlustun", "lestur", "ritun", "tal (A1)"]}, {"abbreviation": "RS", "topics": ["hlustun", "lestur", "ritun", "tal(A1)"]}], "_id": "50c0a02dd8e40575f7f6f4be", "subjects": ["\u00fe\u00fdska"], "counter": {"1": 20, "3": 1, "2": 13, "4": 0}}, "evaluation": "L\u00f6g\u00f0 er \u00e1hersla \u00e1 fj\u00f6lbreytt n\u00e1msmat me\u00f0 lei\u00f0s\u00f6gn. N\u00e1msmati\u00f0 er \u00ed h\u00f6ndum kennara vi\u00f0komandi \u00e1fanga en \u00fearf a\u00f0 fylgja \u00feeim reglum sem kve\u00f0i\u00f0 er \u00e1 um \u00ed sk\u00f3lan\u00e1mskr\u00e1 VMA.", "categorization_suggestion": "AV", "embedded_topics": {"abbreviation": "RS", "topics": ["hlustun", "lestur", "ritun", "tal(A1)"]}, "status": "approved by school", "description": "Loka\u00e1fangi \u00fear sem virki or\u00f0afor\u00f0inn er nota\u00f0ur markvisst \u00ed tj\u00e1ningu og auki\u00f0 vi\u00f0 hann.Vi\u00f0fangsefnin tal, hlustun og ritun ver\u00f0a umfangsmeiri og fl\u00f3knari, \u00fear sem meiri \u00e1hersla ver\u00f0ur l\u00f6g\u00f0 \u00e1 a\u00f0 tj\u00e1 sig skriflega og munnlega um \u00fdmis efni me\u00f0 hagn\u00fdtum or\u00f0afor\u00f0a. Nemandinn \u00f6\u00f0last d\u00fdpri \u00feekkingu \u00e1 tungum\u00e1linu og \u00fdmsum afbrig\u00f0um \u00feess. Nemandanum er gert a\u00f0 tileinka s\u00e9r n\u00fdjan or\u00f0afor\u00f0a sem n\u00fdtist \u00ed a\u00f0 tj\u00e1 sig, eiga samt\u00f6l  og vera sj\u00e1lfbjarga vi\u00f0 s\u00e9rstakar a\u00f0st\u00e6\u00f0ur. Haldi\u00f0 er \u00e1fram a\u00f0 vinna me\u00f0 frambur\u00f0 og skilning. Nemandinn \u00f6\u00f0last d\u00fdpri \u00feekkingu \u00e1 tungum\u00e1linu og afbrig\u00f0um \u00feess. Saga \u00fe\u00fdskum\u00e6landi landa sko\u00f0u\u00f0 me\u00f0 s\u00e9rst\u00f6ku tilliti til l\u00fd\u00f0r\u00e6\u00f0is og mannr\u00e9ttinda. Auknar kr\u00f6fur um eigin \u00e1byrg\u00f0 \u00e1 n\u00e1minu og sj\u00e1lfst\u00e6\u00f0 vinnubr\u00f6g\u00f0 eru me\u00f0al lykil\u00fe\u00e1tta \u00e1fangans. Nemandinn er hvattur til  a\u00f0 n\u00fdta s\u00e9r uppl\u00fdsingat\u00e6kni og \u00f6nnur hj\u00e1lparg\u00f6gn \u00ed n\u00e1minu. ", "knowledge_goals": ["m\u00e1lkerfinu og r\u00e9ttri notkun \u00feess", "or\u00f0afor\u00f0a sem h\u00e6fir h\u00e6fnivi\u00f0mi\u00f0um \u00e1fangans", "tungum\u00e1linu og \u00fdmsum afbrig\u00f0um \u00feess, t.d. daglegu m\u00e1li og m\u00e1ll\u00fdskum.", "s\u00f6gu og venjum \u00ed \u00feeim l\u00f6ndum \u00fear sem tungum\u00e1li\u00f0 er tala\u00f0"], "skills_goals": ["tj\u00e1 sig skriflega og munnlega um \u00fdmis efni t.d. \u00far fj\u00f6lmi\u00f0lum", "lesa texta um efni sem hann \u00feekkir og tileinka s\u00e9r n\u00fd or\u00f0 \u00ed textanum", "segja einfalda s\u00f6gu og l\u00fdsa li\u00f0num atbur\u00f0um og reynslu \u00ed stuttu m\u00e1li", "skilja fyrirm\u00e6li, kve\u00f0jur og kurteisis\u00e1v\u00f6rp", "skrifa stutta texta \u00ed n\u00fat\u00ed\u00f0, framt\u00ed\u00f0 og li\u00f0inni t\u00ed\u00f0", "skilja t\u00f6lur og t\u00edmasetningar", "beita tungum\u00e1linu \u00ed r\u00e6\u00f0u og riti", "nota \u00fdmiss hj\u00e1lparg\u00f6gn \u00feegar unni\u00f0 er me\u00f0 tungum\u00e1li\u00f0"], "credits": 5, "last_modified": 1425121098.805537, "schools": ["512b49bc62933a682f00048a"], "coauthors": null, "instructions": "", "continued_education": false, "level": 1, "prerequisites": "\u00de\u00ddSK1HT05 e\u00f0a samb\u00e6rilegur \u00e1fangi", "author": "0bc9b589-2a42-4690-ac7e-ec65f804a0e6", "abbreviation_version": null, "competence_goals": [["skilja tala\u00f0 m\u00e1l um kunnugleg og n\u00fd efni", ""], ["skilja meginatri\u00f0i texta", ""], ["n\u00fdta vi\u00f0eigandi m\u00e1l- og samskiptavenjur vi\u00f0 mismunandi a\u00f0st\u00e6\u00f0ur", ""], ["vera sj\u00e1lfbjarga vi\u00f0 s\u00e9rstakar a\u00f0st\u00e6\u00f0ur", ""], ["mi\u00f0la eigin \u00feekkingu, sko\u00f0unum og tilfinningum sem og pers\u00f3nulegri reynslu", ""], ["spyrja og svara einf\u00f6ldum spurningum", ""], ["segja fr\u00e1 daglegum ath\u00f6fnum", ""], ["velja n\u00e1msa\u00f0fer\u00f0ir vi\u00f0 h\u00e6fi", ""]], "_id": "54f19f4a62933a1936001c74"}], "title": "\u00de\u00fdska"}, {"courses": [{"exemplary": null, "topics": "hlustun, lestur, ritun (A1), tal", "abbreviation": "SP\u00c6N1HT05(AV)", "former_schools": null, "subject": "sp\u00e6nska", "title": "Framhalds\u00e1fangi \u00ed sp\u00e6nsku", "version": 28, "status_trans": "Sam\u00feykkt af sk\u00f3la", "embedded_subject": {"abbreviation": "SP\u00c6N", "topics": [{"abbreviation": "AG", "topics": ["evr\u00f3pski tungum\u00e1laramminn", "grunnur", "stig a1"]}, {"abbreviation": "AF", "topics": ["evr\u00f3pski tungum\u00e1laramminn", "framhald", "stig a1"]}, {"abbreviation": "AU", "topics": ["evr\u00f3pski tungum\u00e1laramminn", "grunnur", "stig a2"]}, {"abbreviation": "AV", "topics": ["evr\u00f3pski tungum\u00e1laramminn", "stig a2", "vi\u00f0b\u00f3t"]}, {"abbreviation": "BG", "topics": ["evr\u00f3pski tungum\u00e1laramminn", "grunnur", "stig b1"]}, {"abbreviation": "TH", "topics": ["hlustun", "lesskilningur og ritun", "tal"]}, {"abbreviation": "OM", "topics": ["hlustun og ritun", "lesskilningur", "menning og saga sp\u00e6nskum\u00e6landi landa", "or\u00f0afor\u00f0i", "tal"]}, {"abbreviation": "GR", "topics": ["grunn\u00e1fangi"]}, {"abbreviation": "ME", "topics": ["menning sp\u00e6nskum\u00e6landi \u00fej\u00f3\u00f0a"]}, {"abbreviation": "FF", "topics": ["fort\u00ed\u00f0", "framt\u00ed\u00f0 og fer\u00f0al\u00f6g"]}, {"abbreviation": "RT", "topics": ["ritun og tal\u00e6fingar"]}, {"abbreviation": "LE", "topics": ["lestur og hlustun"]}, {"abbreviation": "B\u00d3", "topics": ["b\u00f3kmenntir og kvikmyndir"]}, {"abbreviation": "BY", "topics": ["byrjunar\u00e1fangi \u00ed sp\u00e6nsku"]}, {"abbreviation": "SP", "topics": ["sp\u00e6nska tv\u00f6"]}, {"abbreviation": "\u00deR", "topics": ["sp\u00e6nska \u00ferj\u00fa"]}, {"abbreviation": "BF", "topics": ["annar \u00e1fangi \u00ed sp\u00e6nsku", "stig a1"]}, {"abbreviation": "SA", "topics": ["stig a1"]}, {"abbreviation": "CF", "topics": ["f\u00e9l og opb", "loka\u00e1fangi \u00ed sp\u00e6nsku \u00e1 n\u00e1t"]}, {"abbreviation": "ST", "topics": ["stig a2"]}, {"abbreviation": "EF", "topics": ["stig b1"]}, {"abbreviation": "DF", "topics": ["evr\u00f3pski tungum\u00e1laramminn", "stig a2"]}, {"abbreviation": "PL", "topics": ["l\u00edfi\u00f0", "pers\u00f3nan", "stig a1 \u00ed evr\u00f3pska tungum\u00e1larammanum"]}, {"abbreviation": "DA", "topics": ["daglegar athafnir"]}, {"abbreviation": "FS", "topics": ["fer\u00f0al\u00f6g", "saga", "stig a2 - b1 \u00ed evr\u00f3pska tungum\u00e1larammanum"]}, {"abbreviation": "MM", "topics": ["mannl\u00edf", "menning", "n\u00e6r hugsanlega \u00e1 stig b2", "stig b1 \u00ed evr\u00f3pska tungum\u00e1larammanum"]}, {"abbreviation": "HR", "topics": ["hlustun og tal\u00e6fingar", "lestur", "ritun"]}, {"abbreviation": "KV", "topics": ["kvikmyndir"]}, {"abbreviation": "SK", "topics": ["sk\u00e1lds\u00f6gur og tj\u00e1ning"]}, {"abbreviation": "TS", "topics": ["sm\u00e1s\u00f6gur", "tal og ritun"]}, {"abbreviation": "RL", "topics": ["lestur", "ritun", "tal og hlustun"]}, {"abbreviation": "TM", "topics": ["a2", "tungum\u00e1l og menning"]}, {"abbreviation": "MT", "topics": ["menning og tungum\u00e1l"]}, {"abbreviation": "MS", "topics": ["menning og tungum\u00e1l", "stig a2 - b1 \u00ed evr\u00f3pska tungum\u00e1larammanum"]}, {"abbreviation": "BK", "topics": ["B\u00f3kmenntir og kvikmyndir"]}, {"abbreviation": "AA", "topics": ["Byrjunar\u00e1fangi"]}, {"abbreviation": "BB", "topics": ["Framhalds\u00e1fangi"]}, {"abbreviation": "DD", "topics": ["Sp\u00e6nska 4"]}, {"abbreviation": "EE", "topics": ["Sp\u00e6nska 5"]}, {"abbreviation": "ET", "topics": ["Sp\u00e6nska.T\u00f3nlist og dans \u00ed RA."]}, {"abbreviation": "FY", "topics": ["Sp\u00e6nska. Yndislestur"]}, {"abbreviation": "SB", "topics": ["Sp\u00e6nska framhalds\u00e1fangi"]}, {"abbreviation": "SC", "topics": ["Sp\u00e6nska framhald"]}, {"abbreviation": "CC", "topics": ["Sp\u00e6nska 3"]}, {"abbreviation": "SD", "topics": ["fj\u00f3r\u00f0i \u00e1fangi", "hlustun", "lesskilningur", "tal"]}, {"abbreviation": "BU", "topics": ["evr\u00f3pski tungum\u00e1laramminn", "grunnur", "stig b2"]}, {"abbreviation": "SR", "topics": ["Kvikmyndir Sp\u00e1nar og R\u00f3m\u00f6nsku Amer\u00edku"]}, {"abbreviation": "DK", "topics": ["Sp\u00e6nskar og su\u00f0ur-amer\u00edskar kvikmyndir"]}, {"abbreviation": "BL", "topics": ["B\u00f3kmenntir og listir"]}, {"abbreviation": "HT", "topics": ["hlustun", "lestur", "ritun (A1)", "tal"]}, {"abbreviation": "RS", "topics": ["hlustun", "lestur", "ritun", "tal (A1)"]}], "_id": "50c0a02dd8e40575f7f6f4c1", "subjects": ["sp\u00e6nska"], "counter": {"1": 27, "3": 0, "2": 7, "4": 0}}, "evaluation": "L\u00f6g\u00f0 er \u00e1hersla \u00e1 fj\u00f6lbreytt n\u00e1msmat me\u00f0 lei\u00f0s\u00f6gn. N\u00e1msmati\u00f0 er \u00ed h\u00f6ndum kennara vi\u00f0komandi \u00e1fanga en \u00fearf a\u00f0 fylgja \u00feeim reglum sem kve\u00f0i\u00f0 er \u00e1 um \u00ed sk\u00f3lan\u00e1mskr\u00e1 VMA.", "categorization_suggestion": "AV", "embedded_topics": {"abbreviation": "HT", "topics": ["hlustun", "lestur", "ritun (A1)", "tal"]}, "status": "approved by school", "description": "Framhalds\u00e1fangi \u00fear sem \u00e1framhaldandi \u00e1hersla er l\u00f6g\u00f0 \u00e1 a\u00f0 nemandinn b\u00e6ti vi\u00f0 undirst\u00f6\u00f0uatri\u00f0i tungum\u00e1lsins. \u00dej\u00e1lfun \u00ed lesskilningi aukin \u00e1samt d\u00fdpkun \u00e1 samskipta\u00fe\u00e1ttunum tali, hlustun og ritun. Markvisst er b\u00e6tt vi\u00f0 or\u00f0afor\u00f0a, \u00fear sem \u00e1hersla er l\u00f6g\u00f0 \u00e1 r\u00e9ttan frambur\u00f0 og skilning, \u00feannig a\u00f0 nemandi geti m.a. lesi\u00f0 og skili\u00f0 stutta texta, tj\u00e1\u00f0 sig skriflega og munnlega um efni sem tengjast ath\u00f6fnum daglegs l\u00edfs. Hluti n\u00e1msins er kynning \u00e1 si\u00f0venjum sp\u00e6nskum\u00e6landi landa me\u00f0 s\u00e9rst\u00f6ku tilliti til jafnr\u00e9ttis og sk\u00f6punar. \u00c1hersla er l\u00f6g\u00f0 \u00e1 frumkv\u00e6\u00f0i nemandans og a\u00f0", "knowledge_goals": ["vi\u00f0eigandi or\u00f0afor\u00f0a", "grundvallar\u00fe\u00e1ttum sp\u00e6nska m\u00e1lkerfisins", "frambur\u00f0i", "samskiptavenjum, menningu og si\u00f0venjum sp\u00e6nskum\u00e6landi \u00fej\u00f3\u00f0a"], "skills_goals": ["skilja fyrirm\u00e6li og setningar sem tengjast daglegum ath\u00f6fnum", "skilja lei\u00f0beiningar og fyrirm\u00e6li", "skilja \u00feegar fjalla\u00f0 er um atbur\u00f0i daglegs l\u00edfs", "skrifa stutta texta \u00ed n\u00fat\u00ed\u00f0, framt\u00ed\u00f0 og li\u00f0inni t\u00ed\u00f0", "\u00f3ska eftir og veita uppl\u00fdsingar", "greina lykilatri\u00f0i \u00ed texta", "tj\u00e1 sig skriflega og munnlega um kunnugleg efni"], "credits": 5, "last_modified": 1425119744.098289, "schools": ["512b49bc62933a682f00048a"], "coauthors": null, "instructions": "", "continued_education": false, "level": 1, "prerequisites": "SP\u00c6N1RL05 e\u00f0a samb\u00e6rilegur \u00e1fangi", "author": "0bc9b589-2a42-4690-ac7e-ec65f804a0e6", "abbreviation_version": null, "competence_goals": [["n\u00fdta vi\u00f0eigandi m\u00e1l- og samskiptavenjur vi\u00f0 mismunandi a\u00f0st\u00e6\u00f0ur", ""], ["\u00fatsk\u00fdra si\u00f0venjur sp\u00e6nskum\u00e6landi landa", ""], ["koma \u00e1 framf\u00e6ri eigin sko\u00f0un, \u00feekkingu og tilfinningum", ""], ["velja n\u00e1msa\u00f0fer\u00f0ir vi\u00f0 h\u00e6fi", ""], ["meta eigi\u00f0 vinnuframlag og framfarir \u00ed m\u00e1linu", ""], ["s\u00fdna aga, metna\u00f0, sj\u00e1lfst\u00e6\u00f0 vinnubr\u00f6g\u00f0 og j\u00e1kv\u00e6\u00f0ni", ""]], "_id": "54f19a0062933a1936001c5f"}, {"exemplary": null, "topics": "lestur, ritun, tal og hlustun", "abbreviation": "SP\u00c6N1RL05", "former_schools": null, "subject": "sp\u00e6nska", "title": "Grunn\u00e1fangi \u00ed sp\u00e6nsku", "version": 29, "status_trans": "Sam\u00feykkt af sk\u00f3la", "embedded_subject": {"abbreviation": "SP\u00c6N", "topics": [{"abbreviation": "AG", "topics": ["evr\u00f3pski tungum\u00e1laramminn", "grunnur", "stig a1"]}, {"abbreviation": "AF", "topics": ["evr\u00f3pski tungum\u00e1laramminn", "framhald", "stig a1"]}, {"abbreviation": "AU", "topics": ["evr\u00f3pski tungum\u00e1laramminn", "grunnur", "stig a2"]}, {"abbreviation": "AV", "topics": ["evr\u00f3pski tungum\u00e1laramminn", "stig a2", "vi\u00f0b\u00f3t"]}, {"abbreviation": "BG", "topics": ["evr\u00f3pski tungum\u00e1laramminn", "grunnur", "stig b1"]}, {"abbreviation": "TH", "topics": ["hlustun", "lesskilningur og ritun", "tal"]}, {"abbreviation": "OM", "topics": ["hlustun og ritun", "lesskilningur", "menning og saga sp\u00e6nskum\u00e6landi landa", "or\u00f0afor\u00f0i", "tal"]}, {"abbreviation": "GR", "topics": ["grunn\u00e1fangi"]}, {"abbreviation": "ME", "topics": ["menning sp\u00e6nskum\u00e6landi \u00fej\u00f3\u00f0a"]}, {"abbreviation": "FF", "topics": ["fort\u00ed\u00f0", "framt\u00ed\u00f0 og fer\u00f0al\u00f6g"]}, {"abbreviation": "RT", "topics": ["ritun og tal\u00e6fingar"]}, {"abbreviation": "LE", "topics": ["lestur og hlustun"]}, {"abbreviation": "B\u00d3", "topics": ["b\u00f3kmenntir og kvikmyndir"]}, {"abbreviation": "BY", "topics": ["byrjunar\u00e1fangi \u00ed sp\u00e6nsku"]}, {"abbreviation": "SP", "topics": ["sp\u00e6nska tv\u00f6"]}, {"abbreviation": "\u00deR", "topics": ["sp\u00e6nska \u00ferj\u00fa"]}, {"abbreviation": "BF", "topics": ["annar \u00e1fangi \u00ed sp\u00e6nsku", "stig a1"]}, {"abbreviation": "SA", "topics": ["stig a1"]}, {"abbreviation": "CF", "topics": ["f\u00e9l og opb", "loka\u00e1fangi \u00ed sp\u00e6nsku \u00e1 n\u00e1t"]}, {"abbreviation": "ST", "topics": ["stig a2"]}, {"abbreviation": "EF", "topics": ["stig b1"]}, {"abbreviation": "DF", "topics": ["evr\u00f3pski tungum\u00e1laramminn", "stig a2"]}, {"abbreviation": "PL", "topics": ["l\u00edfi\u00f0", "pers\u00f3nan", "stig a1 \u00ed evr\u00f3pska tungum\u00e1larammanum"]}, {"abbreviation": "DA", "topics": ["daglegar athafnir"]}, {"abbreviation": "FS", "topics": ["fer\u00f0al\u00f6g", "saga", "stig a2 - b1 \u00ed evr\u00f3pska tungum\u00e1larammanum"]}, {"abbreviation": "MM", "topics": ["mannl\u00edf", "menning", "n\u00e6r hugsanlega \u00e1 stig b2", "stig b1 \u00ed evr\u00f3pska tungum\u00e1larammanum"]}, {"abbreviation": "HR", "topics": ["hlustun og tal\u00e6fingar", "lestur", "ritun"]}, {"abbreviation": "KV", "topics": ["kvikmyndir"]}, {"abbreviation": "SK", "topics": ["sk\u00e1lds\u00f6gur og tj\u00e1ning"]}, {"abbreviation": "TS", "topics": ["sm\u00e1s\u00f6gur", "tal og ritun"]}, {"abbreviation": "RL", "topics": ["lestur", "ritun", "tal og hlustun"]}, {"abbreviation": "TM", "topics": ["a2", "tungum\u00e1l og menning"]}, {"abbreviation": "MT", "topics": ["menning og tungum\u00e1l"]}, {"abbreviation": "MS", "topics": ["menning og tungum\u00e1l", "stig a2 - b1 \u00ed evr\u00f3pska tungum\u00e1larammanum"]}, {"abbreviation": "BK", "topics": ["B\u00f3kmenntir og kvikmyndir"]}, {"abbreviation": "AA", "topics": ["Byrjunar\u00e1fangi"]}, {"abbreviation": "BB", "topics": ["Framhalds\u00e1fangi"]}, {"abbreviation": "DD", "topics": ["Sp\u00e6nska 4"]}, {"abbreviation": "EE", "topics": ["Sp\u00e6nska 5"]}, {"abbreviation": "ET", "topics": ["Sp\u00e6nska.T\u00f3nlist og dans \u00ed RA."]}, {"abbreviation": "FY", "topics": ["Sp\u00e6nska. Yndislestur"]}, {"abbreviation": "SB", "topics": ["Sp\u00e6nska framhalds\u00e1fangi"]}, {"abbreviation": "SC", "topics": ["Sp\u00e6nska framhald"]}, {"abbreviation": "CC", "topics": ["Sp\u00e6nska 3"]}, {"abbreviation": "SD", "topics": ["fj\u00f3r\u00f0i \u00e1fangi", "hlustun", "lesskilningur", "tal"]}, {"abbreviation": "BU", "topics": ["evr\u00f3pski tungum\u00e1laramminn", "grunnur", "stig b2"]}, {"abbreviation": "SR", "topics": ["Kvikmyndir Sp\u00e1nar og R\u00f3m\u00f6nsku Amer\u00edku"]}, {"abbreviation": "DK", "topics": ["Sp\u00e6nskar og su\u00f0ur-amer\u00edskar kvikmyndir"]}, {"abbreviation": "BL", "topics": ["B\u00f3kmenntir og listir"]}], "_id": "50c0a02dd8e40575f7f6f4c1", "subjects": ["sp\u00e6nska"], "counter": {"1": 27, "3": 0, "2": 7, "4": 0}}, "evaluation": "L\u00f6g\u00f0 er \u00e1hersla \u00e1 fj\u00f6lbreytt n\u00e1msmat me\u00f0 lei\u00f0s\u00f6gn. N\u00e1msmati\u00f0 er \u00ed h\u00f6ndum kennara vi\u00f0komandi \u00e1fanga en \u00fearf a\u00f0 fylgja \u00feeim reglum sem kve\u00f0i\u00f0 er \u00e1 um \u00ed sk\u00f3lan\u00e1mskr\u00e1 VMA. ", "categorization_suggestion": "AV", "embedded_topics": {"abbreviation": "RL", "topics": ["lestur", "ritun", "tal og hlustun"]}, "status": "approved by school", "description": "Byrjunar\u00e1fangi \u00fear sem megin\u00e1hersla er l\u00f6g\u00f0 \u00e1 a\u00f0 nemandinn tileinki s\u00e9r undirst\u00f6\u00f0uatri\u00f0i tungum\u00e1lsins. Nemandinn er markvisst \u00fej\u00e1lfa\u00f0ur \u00ed lesskilningi \u00e1 hagn\u00fdtum or\u00f0afor\u00f0a til a\u00f0 geta lesi\u00f0 og skili\u00f0 einfaldan texta um kunnugleg efni. L\u00f6g\u00f0 er \u00e1hersla \u00e1 lesskilnings\u00fej\u00e1lfun s.s. tal, hlustun og ritun, me\u00f0 \u00fea\u00f0 a\u00f0 markmi\u00f0i a\u00f0 nemandi ver\u00f0i sj\u00e1lfbjarga vi\u00f0 s\u00e9rstakar a\u00f0st\u00e6\u00f0ur og geti spurt og svara\u00f0 einf\u00f6ldum spurningum. \u00c1hersla er l\u00f6g\u00f0 \u00e1 r\u00e9ttan frambur\u00f0, markvissa og reglulega uppbyggingu or\u00f0afor\u00f0a og grunnatri\u00f0i m\u00e1lnotkunar. Menning sp\u00e6nskum\u00e6landi landa er fl\u00e9ttu\u00f0 inn \u00ed \u00e1fangann. Gagnkv\u00e6m vir\u00f0ing og umhyggja er h\u00f6f\u00f0 a\u00f0 lei\u00f0arlj\u00f3si \u00ed kennslut\u00edmum. \u00c1fanginn krefst \u00feess a\u00f0 nemandinn geri s\u00e9r grein fyrir eigin \u00e1byrg\u00f0 \u00e1 n\u00e1minu og s\u00fdni sj\u00e1lfst\u00e6\u00f0 vinnubr\u00f6g\u00f0 og  nemendum er kennt a\u00f0 nota uppl\u00fdsingat\u00e6kni og \u00f6nnur hj\u00e1lparg\u00f6gn \u00ed \u00e1fanganum. ", "knowledge_goals": ["grundvallaratri\u00f0um m\u00e1lkerfisins", "almennum or\u00f0afor\u00f0a sem h\u00e6fir h\u00e6fnivi\u00f0mi\u00f0un \u00feessa \u00e1fanga", "tungum\u00e1linu og \u00fatbrei\u00f0slu \u00feess", "mannl\u00edfi, menningu og si\u00f0um \u00ed \u00feeim l\u00f6ndum \u00fear sem tungum\u00e1li\u00f0 er tala\u00f0"], "skills_goals": ["tj\u00e1 sig skriflega og munnlega um \u00fea\u00f0 sem tengist honum n\u00e1i\u00f0", "lesa texta um efni sem hann \u00feekkir og tileinka s\u00e9r n\u00fd or\u00f0 \u00ed textanum", "skilja einf\u00f6ld fyrirm\u00e6li og helstu kve\u00f0jur og kurteisis\u00e1v\u00f6rp", "skilja einf\u00f6ld samt\u00f6l", "skilja \u00feegar tala\u00f0 er um t\u00f6lur og t\u00edmasetningar", "nota uppl\u00fdsingat\u00e6kni og \u00f6nnur hj\u00e1lparg\u00f6gn \u00ed tungum\u00e1lan\u00e1mi", "bjarga s\u00e9r vi\u00f0 s\u00e9rstakar a\u00f0st\u00e6\u00f0ur"], "credits": 5, "last_modified": 1425119447.93393, "schools": ["512b49bc62933a682f00048a"], "coauthors": null, "instructions": "", "continued_education": false, "level": 1, "prerequisites": "engar", "author": "0bc9b589-2a42-4690-ac7e-ec65f804a0e6", "abbreviation_version": null, "competence_goals": [["gera sig skiljanlegan um einf\u00f6ld atri\u00f0i", ""], ["vera sj\u00e1lfbjarga vi\u00f0 s\u00e9rstakar a\u00f0st\u00e6\u00f0ur", ""], ["spyrja til vegar", ""], ["spyrja og svara einf\u00f6ldum spurningum", ""], ["segja fr\u00e1 daglegum ath\u00f6fnum", ""], ["auka me\u00f0vitund um eigin lei\u00f0ir til a\u00f0 tileinka s\u00e9r tungum\u00e1li\u00f0", ""]], "_id": "54f198d762933a1936001c5b"}, {"exemplary": null, "topics": "hlustun, lestur, ritun, tal (A1)", "abbreviation": "SP\u00c6N1RS05", "former_schools": null, "subject": "sp\u00e6nska", "title": "Loka\u00e1fangi \u00ed sp\u00e6nsku", "version": 30, "status_trans": "Sam\u00feykkt af sk\u00f3la", "embedded_subject": {"abbreviation": "SP\u00c6N", "topics": [{"abbreviation": "AG", "topics": ["evr\u00f3pski tungum\u00e1laramminn", "grunnur", "stig a1"]}, {"abbreviation": "AF", "topics": ["evr\u00f3pski tungum\u00e1laramminn", "framhald", "stig a1"]}, {"abbreviation": "AU", "topics": ["evr\u00f3pski tungum\u00e1laramminn", "grunnur", "stig a2"]}, {"abbreviation": "AV", "topics": ["evr\u00f3pski tungum\u00e1laramminn", "stig a2", "vi\u00f0b\u00f3t"]}, {"abbreviation": "BG", "topics": ["evr\u00f3pski tungum\u00e1laramminn", "grunnur", "stig b1"]}, {"abbreviation": "TH", "topics": ["hlustun", "lesskilningur og ritun", "tal"]}, {"abbreviation": "OM", "topics": ["hlustun og ritun", "lesskilningur", "menning og saga sp\u00e6nskum\u00e6landi landa", "or\u00f0afor\u00f0i", "tal"]}, {"abbreviation": "GR", "topics": ["grunn\u00e1fangi"]}, {"abbreviation": "ME", "topics": ["menning sp\u00e6nskum\u00e6landi \u00fej\u00f3\u00f0a"]}, {"abbreviation": "FF", "topics": ["fort\u00ed\u00f0", "framt\u00ed\u00f0 og fer\u00f0al\u00f6g"]}, {"abbreviation": "RT", "topics": ["ritun og tal\u00e6fingar"]}, {"abbreviation": "LE", "topics": ["lestur og hlustun"]}, {"abbreviation": "B\u00d3", "topics": ["b\u00f3kmenntir og kvikmyndir"]}, {"abbreviation": "BY", "topics": ["byrjunar\u00e1fangi \u00ed sp\u00e6nsku"]}, {"abbreviation": "SP", "topics": ["sp\u00e6nska tv\u00f6"]}, {"abbreviation": "\u00deR", "topics": ["sp\u00e6nska \u00ferj\u00fa"]}, {"abbreviation": "BF", "topics": ["annar \u00e1fangi \u00ed sp\u00e6nsku", "stig a1"]}, {"abbreviation": "SA", "topics": ["stig a1"]}, {"abbreviation": "CF", "topics": ["f\u00e9l og opb", "loka\u00e1fangi \u00ed sp\u00e6nsku \u00e1 n\u00e1t"]}, {"abbreviation": "ST", "topics": ["stig a2"]}, {"abbreviation": "EF", "topics": ["stig b1"]}, {"abbreviation": "DF", "topics": ["evr\u00f3pski tungum\u00e1laramminn", "stig a2"]}, {"abbreviation": "PL", "topics": ["l\u00edfi\u00f0", "pers\u00f3nan", "stig a1 \u00ed evr\u00f3pska tungum\u00e1larammanum"]}, {"abbreviation": "DA", "topics": ["daglegar athafnir"]}, {"abbreviation": "FS", "topics": ["fer\u00f0al\u00f6g", "saga", "stig a2 - b1 \u00ed evr\u00f3pska tungum\u00e1larammanum"]}, {"abbreviation": "MM", "topics": ["mannl\u00edf", "menning", "n\u00e6r hugsanlega \u00e1 stig b2", "stig b1 \u00ed evr\u00f3pska tungum\u00e1larammanum"]}, {"abbreviation": "HR", "topics": ["hlustun og tal\u00e6fingar", "lestur", "ritun"]}, {"abbreviation": "KV", "topics": ["kvikmyndir"]}, {"abbreviation": "SK", "topics": ["sk\u00e1lds\u00f6gur og tj\u00e1ning"]}, {"abbreviation": "TS", "topics": ["sm\u00e1s\u00f6gur", "tal og ritun"]}, {"abbreviation": "RL", "topics": ["lestur", "ritun", "tal og hlustun"]}, {"abbreviation": "TM", "topics": ["a2", "tungum\u00e1l og menning"]}, {"abbreviation": "MT", "topics": ["menning og tungum\u00e1l"]}, {"abbreviation": "MS", "topics": ["menning og tungum\u00e1l", "stig a2 - b1 \u00ed evr\u00f3pska tungum\u00e1larammanum"]}, {"abbreviation": "BK", "topics": ["B\u00f3kmenntir og kvikmyndir"]}, {"abbreviation": "AA", "topics": ["Byrjunar\u00e1fangi"]}, {"abbreviation": "BB", "topics": ["Framhalds\u00e1fangi"]}, {"abbreviation": "DD", "topics": ["Sp\u00e6nska 4"]}, {"abbreviation": "EE", "topics": ["Sp\u00e6nska 5"]}, {"abbreviation": "ET", "topics": ["Sp\u00e6nska.T\u00f3nlist og dans \u00ed RA."]}, {"abbreviation": "FY", "topics": ["Sp\u00e6nska. Yndislestur"]}, {"abbreviation": "SB", "topics": ["Sp\u00e6nska framhalds\u00e1fangi"]}, {"abbreviation": "SC", "topics": ["Sp\u00e6nska framhald"]}, {"abbreviation": "CC", "topics": ["Sp\u00e6nska 3"]}, {"abbreviation": "SD", "topics": ["fj\u00f3r\u00f0i \u00e1fangi", "hlustun", "lesskilningur", "tal"]}, {"abbreviation": "BU", "topics": ["evr\u00f3pski tungum\u00e1laramminn", "grunnur", "stig b2"]}, {"abbreviation": "SR", "topics": ["Kvikmyndir Sp\u00e1nar og R\u00f3m\u00f6nsku Amer\u00edku"]}, {"abbreviation": "DK", "topics": ["Sp\u00e6nskar og su\u00f0ur-amer\u00edskar kvikmyndir"]}, {"abbreviation": "BL", "topics": ["B\u00f3kmenntir og listir"]}, {"abbreviation": "HT", "topics": ["hlustun", "lestur", "ritun (A1)", "tal"]}, {"abbreviation": "RS", "topics": ["hlustun", "lestur", "ritun", "tal (A1)"]}], "_id": "50c0a02dd8e40575f7f6f4c1", "subjects": ["sp\u00e6nska"], "counter": {"1": 27, "3": 0, "2": 7, "4": 0}}, "evaluation": "L\u00f6g\u00f0 er \u00e1hersla \u00e1 fj\u00f6lbreytt n\u00e1msmat me\u00f0 lei\u00f0s\u00f6gn. N\u00e1msmati\u00f0 er \u00ed h\u00f6ndum kennara vi\u00f0komandi \u00e1fanga en \u00fearf a\u00f0 fylgja \u00feeim reglum sem kve\u00f0i\u00f0 er \u00e1 um \u00ed sk\u00f3lan\u00e1mskr\u00e1 VMA.", "categorization_suggestion": "AV", "embedded_topics": {"abbreviation": "RS", "topics": ["hlustun", "lestur", "ritun", "tal (A1)"]}, "status": "approved by school", "description": "Loka\u00e1fangi \u00fear sem virki or\u00f0afor\u00f0inn er nota\u00f0ur markvisst \u00ed tj\u00e1ningu og auki\u00f0 vi\u00f0 hann. Haldi\u00f0 er \u00e1fram a\u00f0 vinna me\u00f0 frambur\u00f0, skilning og tj\u00e1ningu, \u00fear sem tal, hlustun og ritun ver\u00f0a umfangsmeiri og fl\u00f3knari. Enn meiri \u00e1hersla ver\u00f0ur l\u00f6g\u00f0 \u00e1 a\u00f0 tj\u00e1 sig skriflega og munnlega um \u00fdmis efni me\u00f0 hagn\u00fdtum or\u00f0afor\u00f0a. Nemandinn \u00f6\u00f0last d\u00fdpri \u00feekkingu \u00e1 tungum\u00e1linu og \u00fdmsum afbrig\u00f0um \u00feess. Nemandanum er gert a\u00f0 tileinka s\u00e9r n\u00fdjan or\u00f0afor\u00f0a sem n\u00fdtist \u00ed a\u00f0 tj\u00e1 sig, eiga samt\u00f6l  og vera sj\u00e1lfbjarga vi\u00f0 s\u00e9rstakar a\u00f0st\u00e6\u00f0ur. Saga sp\u00e6nskum\u00e6landi landa sko\u00f0u\u00f0 me\u00f0 s\u00e9rst\u00f6ku tilliti til l\u00fd\u00f0r\u00e6\u00f0is og mannr\u00e9ttinda. Auknar kr\u00f6fur um eigin \u00e1byrg\u00f0 \u00e1 n\u00e1minu og sj\u00e1lfst\u00e6\u00f0 vinnubr\u00f6g\u00f0 eru me\u00f0al lykil\u00fe\u00e1tta \u00e1fangans. Nemandanum er kennt a\u00f0 n\u00fdta s\u00e9r uppl\u00fdsingat\u00e6kni og \u00f6nnur hj\u00e1lparg\u00f6gn \u00ed n\u00e1minu. ", "knowledge_goals": ["m\u00e1lkerfinu og r\u00e9ttri notkun \u00feess", "or\u00f0afor\u00f0a sem h\u00e6fir h\u00e6fnivi\u00f0mi\u00f0um \u00e1fangans", "tungum\u00e1linu og \u00fdmsum afbrig\u00f0um \u00feess, t.d. daglegu m\u00e1li og m\u00e1ll\u00fdskum", "s\u00f6gu og venjum \u00ed \u00feeim l\u00f6ndum \u00fear sem tungum\u00e1li\u00f0 er tala\u00f0"], "skills_goals": ["tj\u00e1 sig skriflega og munnlega um \u00fdmis efni t.d. \u00far fj\u00f6lmi\u00f0lum", "lesa texta um efni sem hann \u00feekkir og tileinka s\u00e9r n\u00fd or\u00f0 \u00ed textanum", "segja einfalda s\u00f6gu og l\u00fdsa li\u00f0num atbur\u00f0um og reynslu \u00ed stuttu m\u00e1li", "skilja fyrirm\u00e6li, kve\u00f0jur og kurteisis\u00e1v\u00f6rp", "skrifa stutta texta \u00ed n\u00fat\u00ed\u00f0, framt\u00ed\u00f0 og li\u00f0inni t\u00ed\u00f0", "skilja t\u00f6lur og t\u00edmasetningar", "beita tungum\u00e1linu \u00ed r\u00e6\u00f0u og riti", "nota \u00fdmiss hj\u00e1lparg\u00f6gn \u00feegar unni\u00f0 er me\u00f0 tungum\u00e1li\u00f0"], "credits": 5, "last_modified": 1425120012.359398, "schools": ["512b49bc62933a682f00048a"], "coauthors": null, "instructions": "", "continued_education": false, "level": 1, "prerequisites": "SP\u00c6N1HT05 e\u00f0a samb\u00e6rilegur \u00e1fangi", "author": "0bc9b589-2a42-4690-ac7e-ec65f804a0e6", "abbreviation_version": null, "competence_goals": [["skilja tala\u00f0 m\u00e1l um kunnugleg og n\u00fd efni", ""], ["skilja meginatri\u00f0i texta", ""], ["n\u00fdta vi\u00f0eigandi m\u00e1l- og samskiptavenjur vi\u00f0 mismunandi a\u00f0st\u00e6\u00f0ur", ""], ["vera sj\u00e1lfbjarga vi\u00f0 s\u00e9rstakar a\u00f0st\u00e6\u00f0ur", ""], ["mi\u00f0la eigin \u00feekkingu, sko\u00f0unum og tilfinningum sem og pers\u00f3nulegri reynslu", ""], ["spyrja og svara einf\u00f6ldum spurningum", ""], ["segja fr\u00e1 daglegum ath\u00f6fnum", ""], ["velja n\u00e1msa\u00f0fer\u00f0ir vi\u00f0 h\u00e6fi", ""]], "_id": "54f19b0c62933a1936001c64"}], "title": "Sp\u00e6nska"}, {"courses": [{"exemplary": null, "topics": "aflfr\u00e6\u00f0i, hreyfifr\u00e6\u00f0i, kraftur, orka", "abbreviation": "E\u00d0LI2AO05", "former_schools": null, "subject": "e\u00f0lisfr\u00e6\u00f0i", "title": "Aflfr\u00e6\u00f0i", "version": 19, "status_trans": "Sam\u00feykkt af sk\u00f3la", "embedded_subject": {"abbreviation": "E\u00d0LI", "topics": [{"abbreviation": "HK", "topics": ["hreyfing", "kraftar"]}, {"abbreviation": "SG", "topics": ["geislun", "mannsl\u00edkaminn", "sn\u00faningur"]}, {"abbreviation": "RR", "topics": ["rafsegulfr\u00e6\u00f0i og rennsli v\u00f6kva og lofts"]}, {"abbreviation": "NE", "topics": ["n\u00fat\u00edmae\u00f0lisfr\u00e6\u00f0i"]}, {"abbreviation": "RB", "topics": ["bylgjur og hreyfing", "raffr\u00e6\u00f0i"]}, {"abbreviation": "GR", "topics": ["grunn\u00e1fangi \u00ed e\u00f0lisfr\u00e6\u00f0i \u00e1 n\u00e1tt\u00faruv\u00edsindabraut"]}, {"abbreviation": "H\u00de", "topics": ["hlj\u00f3\u00f0", "hringhreyfing og \u00feyngdarsvi\u00f0", "skri\u00f0\u00feungi", "sveiflur og bylgjur", "v\u00f6kvar"]}, {"abbreviation": "AX", "topics": ["at\u00f3m- og kjarne\u00f0lisfr\u00e6\u00f0i"]}, {"abbreviation": "HR", "topics": ["hreyfifr\u00e6\u00f0i"]}, {"abbreviation": "HS", "topics": ["bylgjue\u00f0li lj\u00f3ss", "hiti og kvikfr\u00e6\u00f0i", "lj\u00f3sgeislafr\u00e6\u00f0i", "sn\u00faningshreyfing og sj\u00e1lfvali\u00f0 e\u00f0lisfr\u00e6\u00f0iefni", "varmi"]}, {"abbreviation": "RS", "topics": ["rafsegulfr\u00e6\u00f0i"]}, {"abbreviation": "AF", "topics": ["aflfr\u00e6\u00f0i"]}, {"abbreviation": "BR", "topics": ["bylgur", "raffr\u00e6\u00f0i"]}, {"abbreviation": "G\u00c1", "topics": ["grunn\u00e1fangi"]}, {"abbreviation": "BV", "topics": ["bylgjur", "varmafr\u00e6\u00f0i"]}, {"abbreviation": "RA", "topics": ["rafsegulsfr\u00e6\u00f0i"]}, {"abbreviation": "AY", "topics": ["yfirlits\u00e1fangi"]}, {"abbreviation": "AA", "topics": ["afst\u00e6\u00f0iskenning og aflfr\u00e6\u00f0i"]}, {"abbreviation": "BS", "topics": ["stjarne\u00f0lisfr\u00e6\u00f0i"]}, {"abbreviation": "BY", "topics": ["byrjunar\u00e1fangi \u00ed e\u00f0lisfr\u00e6\u00f0i fyrir n\u00e1tt\u00faruv\u00edsindabraut"]}, {"abbreviation": "AB", "topics": ["aflfr\u00e6\u00f0i og bylgjur"]}, {"abbreviation": "AK", "topics": ["aflfr\u00e6\u00f0i", "geislun", "lj\u00f3s", "rafmagn", "stj\u00f6rnufr\u00e6\u00f0i", "varmafr\u00e6\u00f0i"]}, {"abbreviation": "LA", "topics": ["aflfr\u00e6\u00f0i", "lj\u00f3s"]}, {"abbreviation": "VB", "topics": ["bylgjur og hreyfing", "varmafr\u00e6\u00f0i"]}, {"abbreviation": "AS", "topics": ["at\u00f3m- og kjarne\u00f0lisfr\u00e6\u00f0i", "stj\u00f6rnufr\u00e6\u00f0i"]}, {"abbreviation": "RF", "topics": ["raffr\u00e6\u00f0i", "rafsegulsfr\u00e6\u00f0i"]}, {"abbreviation": "AT", "topics": ["aflfr\u00e6\u00f0i", "afst\u00e6\u00f0iskenning og aflfr\u00e6\u00f0i"]}, {"abbreviation": "AH", "topics": ["Aflfr\u00e6\u00f0i", "afst\u00e6\u00f0iskenningin og sj\u00e1lfvali\u00f0 e\u00f0lisfr\u00e6\u00f0iefni", "hiti og kvikfr\u00e6\u00f0i", "varmi"]}, {"abbreviation": "AV", "topics": ["Afl- og varmafr\u00e6\u00f0i"]}, {"abbreviation": "VA", "topics": ["Val\u00e1fangi", "yfirlits\u00e1fangi"]}, {"abbreviation": "EF", "topics": ["Framhalds\u00e1fangi \u00ed e\u00f0lisfr\u00e6\u00f0i"]}, {"abbreviation": "SB", "topics": ["Sveifluhreyfing og bylgjur", "raffr\u00e6\u00f0i og lj\u00f3sfr\u00e6\u00f0i", "varmafr\u00e6\u00f0i"]}, {"abbreviation": "RM", "topics": ["E\u00f0lisfr\u00e6\u00f0i: Rafmagna\u00f0ur \u00e1fangi"]}, {"abbreviation": "BL", "topics": ["Bylgjur og lj\u00f3s"]}, {"abbreviation": "KA", "topics": ["Klass\u00edsk aflfr\u00e6\u00f0i"]}, {"abbreviation": "SH", "topics": ["Sveiflufr\u00e6\u00f0i og hringhreyfing"]}, {"abbreviation": "AR", "topics": ["bylgjur", "grunnatri\u00f0i aflfr\u00e6\u00f0i", "lj\u00f3sfr\u00e6\u00f0i", "rafr\u00e1sir", "rafst\u00f6\u00f0ufr\u00e6\u00f0i"]}, {"abbreviation": "IA", "topics": ["bylgjur", "inngangur a\u00f0 aflfr\u00e6\u00f0i", "rafr\u00e1sir", "rafst\u00f6\u00f0ufr\u00e6\u00f0i"]}, {"abbreviation": "SN", "topics": ["n\u00fat\u00edmae\u00f0lisfr\u00e6\u00f0i", "rafsegulfr\u00e6\u00f0i", "\u00feyngdarl\u00f6gm\u00e1li\u00f0 og aflfr\u00e6\u00f0i sn\u00fanings"]}, {"abbreviation": "KN", "topics": ["framhalds\u00e1fangi \u00ed aflfr\u00e6\u00f0i", "inngangur a\u00f0 rafsegulfr\u00e6\u00f0i", "n\u00fat\u00edmae\u00f0lisfr\u00e6\u00f0i"]}, {"abbreviation": "BB", "topics": ["Bylgjur og rafmagn"]}, {"abbreviation": "CA", "topics": ["Aflfr\u00e6\u00f0i og afst\u00e6\u00f0iskenning"]}, {"abbreviation": "CG", "topics": ["At\u00f3m og kjarne\u00f0lisfr\u00e6\u00f0i"]}, {"abbreviation": "CV", "topics": ["Yfirlits og verkefna\u00e1fangi"]}, {"abbreviation": "AQ", "topics": ["Hreyfing", "aflfr\u00e6\u00f0i", "lj\u00f3s", "rafmagn og stj\u00f6rnufr\u00e6\u00f0i"]}, {"abbreviation": "DL", "topics": ["E\u00f0lisfr\u00e6\u00f0i hins daglega l\u00edfs"]}, {"abbreviation": "EN", "topics": ["E\u00f0lisfr\u00e6\u00f0i grunn\u00e1fangi fyrir n\u00e1tt\u00farufr\u00e6\u00f0ibraut"]}, {"abbreviation": "ER", "topics": ["E\u00f0lisfr\u00e6\u00f0i II", "grunn\u00e1fangi \u00ed rafmagnsfr\u00e6\u00f0i og bylgjufr\u00e6\u00f0i"]}, {"abbreviation": "DS", "topics": ["E\u00f0lisfr\u00e6\u00f0i hins daglega l\u00edfs", "s\u00ed\u00f0ari hluti"]}, {"abbreviation": "RL", "topics": ["E\u00f0lisfr\u00e6\u00f0i III", "framhalds\u00e1fangi fyrir n\u00e1tt\u00farufr\u00e6\u00f0ibraut"]}, {"abbreviation": "VE", "topics": ["heimildavinna", "ranns\u00f3knir", "verkefnae\u00f0lisfr\u00e6\u00f0i"]}, {"abbreviation": "LI", "topics": ["e\u00f0lisfr\u00e6\u00f0i", "l\u00edffr\u00e6\u00f0i"]}, {"abbreviation": "RE", "topics": ["Rafeindir", "r\u00f3teindir", "straumur og spenna"]}, {"abbreviation": "AO", "topics": ["aflfr\u00e6\u00f0i", "hreyfifr\u00e6\u00f0i", "kraftur", "orka"]}], "_id": "50c0a02dd8e40575f7f6f4df", "subjects": ["e\u00f0lisfr\u00e6\u00f0i"], "counter": {"1": 2, "3": 23, "2": 16, "4": 0}}, "evaluation": "L\u00f6g\u00f0 er \u00e1hersla \u00e1 fj\u00f6lbreytt n\u00e1msmat me\u00f0 lei\u00f0s\u00f6gn. N\u00e1msmati\u00f0 er \u00ed h\u00f6ndum kennara vi\u00f0komandi \u00e1fanga en \u00fearf a\u00f0 fylgja \u00feeim reglum sem kve\u00f0i\u00f0 er \u00e1 um \u00ed sk\u00f3lan\u00e1mskr\u00e1 VMA.", "categorization_suggestion": "AV", "embedded_topics": {"abbreviation": "AO", "topics": ["aflfr\u00e6\u00f0i", "hreyfifr\u00e6\u00f0i", "kraftur", "orka"]}, "status": "approved by school", "description": "\u00cd \u00e1fanganum er lag\u00f0ur grunnur a\u00f0 aflfr\u00e6\u00f0i me\u00f0 hreyfil\u00f6gm\u00e1lum Newtons, var\u00f0veislu skri\u00f0\u00feungans, e\u00f0liseiginleikum efnis og var\u00f0veislu orkunnar. L\u00f6g\u00f0 er \u00e1hersla \u00e1  stigst\u00e6r\u00f0ir, markver\u00f0a stafi, \u00f3vissu\u00fatreikninga, vektorst\u00e6r\u00f0ir, e\u00f0lismassa, hreyfifr\u00e6\u00f0i, krafta, orku, \u00fer\u00fdsting og varmaorku. Nemandi vinnur sj\u00e1lfst\u00e6tt og \u00ed h\u00f3pum a\u00f0 lausn d\u00e6ma og verklegra \u00e6finga. \u00c1hersla er l\u00f6g\u00f0 \u00e1 tengingu vi\u00f0 umhverfi og reynsluheim nemenda.\n", "knowledge_goals": ["notkun st\u00e6r\u00f0fr\u00e6\u00f0i vi\u00f0 lausn \u00ferauta", "SI-kerfinu og SI-einingum st\u00e6r\u00f0a sem unni\u00f0 er me\u00f0", "helstu hugt\u00f6kum sem notu\u00f0 eru \u00ed hreyfifr\u00e6\u00f0i, aflfr\u00e6\u00f0i og varmafr\u00e6\u00f0i", "hreyfil\u00f6gm\u00e1lum Newtons", "var\u00f0veislul\u00f6gm\u00e1lum v\u00e9lr\u00e6nnar orku", "varmaorku"], "skills_goals": ["nota t\u00f6lur og vigra \u00ed e\u00f0lisfr\u00e6\u00f0i", "beita l\u00f6gm\u00e1lum og j\u00f6fnum vi\u00f0 a\u00f0 leysa verkefni af \u00fdmsu tagi", "reikna  aflfr\u00e6\u00f0i-, orku- og hreyfifr\u00e6\u00f0iverkefni", "teikna einf\u00f6ld tv\u00edv\u00ed\u00f0 gr\u00f6f sem t.d. l\u00fdsa hreyfingu e\u00f0a orkunotkun", "lei\u00f0a \u00fat me\u00f0 r\u00f6kr\u00e6num h\u00e6tti j\u00f6fnu fyrir samband st\u00e6r\u00f0a fr\u00e1 gefnum forsendum"], "credits": 5, "last_modified": 1424700353.657855, "schools": ["512b49bc62933a682f00048a"], "coauthors": null, "instructions": "", "continued_education": false, "level": 2, "prerequisites": "5 einingar \u00ed st\u00e6r\u00f0fr\u00e6\u00f0i \u00e1 2. \u00ferepi ", "author": "0bc9b589-2a42-4690-ac7e-ec65f804a0e6", "abbreviation_version": null, "competence_goals": [["s\u00fdna sj\u00e1lfst\u00e6\u00f0i \u00ed vinnubr\u00f6g\u00f0um og bera \u00e1byrg\u00f0 \u00e1 eigin n\u00e1msframvindu", ""], ["framkv\u00e6ma verklegar \u00e6fingar, vinna \u00far \u00feeim og \u00fatsk\u00fdra ni\u00f0urst\u00f6\u00f0ur \u00feeirra", ""], ["n\u00fdta n\u00e1msefni og g\u00f6gn \u00e1 markvissan h\u00e1tt", ""], ["n\u00fdta a\u00f0rar greinar, s\u00e9rstaklega st\u00e6r\u00f0fr\u00e6\u00f0i vi\u00f0 lausn verkefna", ""], ["meta hvort ni\u00f0urst\u00f6\u00f0ur \u00fatreikninga og m\u00e6linga s\u00e9u raunh\u00e6far", ""], ["tengja e\u00f0lisfr\u00e6\u00f0ina vi\u00f0 daglegt l\u00edf og umhverfi og gera s\u00e9r grein fyrir notagildi hennar", ""]], "_id": "54eb33c162933a1936000e88"}, {"exemplary": null, "topics": "bylgjur og hreyfing, varmafr\u00e6\u00f0i", "abbreviation": "E\u00d0LI3VB05", "former_schools": null, "subject": "e\u00f0lisfr\u00e6\u00f0i", "title": "Hreyfifr\u00e6\u00f0i", "version": 26, "status_trans": "Sam\u00feykkt af sk\u00f3la", "embedded_subject": {"abbreviation": "E\u00d0LI", "topics": [{"abbreviation": "HK", "topics": ["hreyfing", "kraftar"]}, {"abbreviation": "SG", "topics": ["geislun", "mannsl\u00edkaminn", "sn\u00faningur"]}, {"abbreviation": "RR", "topics": ["rafsegulfr\u00e6\u00f0i og rennsli v\u00f6kva og lofts"]}, {"abbreviation": "NE", "topics": ["n\u00fat\u00edmae\u00f0lisfr\u00e6\u00f0i"]}, {"abbreviation": "RB", "topics": ["bylgjur og hreyfing", "raffr\u00e6\u00f0i"]}, {"abbreviation": "GR", "topics": ["grunn\u00e1fangi \u00ed e\u00f0lisfr\u00e6\u00f0i \u00e1 n\u00e1tt\u00faruv\u00edsindabraut"]}, {"abbreviation": "H\u00de", "topics": ["hlj\u00f3\u00f0", "hringhreyfing og \u00feyngdarsvi\u00f0", "skri\u00f0\u00feungi", "sveiflur og bylgjur", "v\u00f6kvar"]}, {"abbreviation": "AX", "topics": ["at\u00f3m- og kjarne\u00f0lisfr\u00e6\u00f0i"]}, {"abbreviation": "HR", "topics": ["hreyfifr\u00e6\u00f0i"]}, {"abbreviation": "HS", "topics": ["bylgjue\u00f0li lj\u00f3ss", "hiti og kvikfr\u00e6\u00f0i", "lj\u00f3sgeislafr\u00e6\u00f0i", "sn\u00faningshreyfing og sj\u00e1lfvali\u00f0 e\u00f0lisfr\u00e6\u00f0iefni", "varmi"]}, {"abbreviation": "RS", "topics": ["rafsegulfr\u00e6\u00f0i"]}, {"abbreviation": "AF", "topics": ["aflfr\u00e6\u00f0i"]}, {"abbreviation": "BR", "topics": ["bylgur", "raffr\u00e6\u00f0i"]}, {"abbreviation": "G\u00c1", "topics": ["grunn\u00e1fangi"]}, {"abbreviation": "BV", "topics": ["bylgjur", "varmafr\u00e6\u00f0i"]}, {"abbreviation": "RA", "topics": ["rafsegulsfr\u00e6\u00f0i"]}, {"abbreviation": "AY", "topics": ["yfirlits\u00e1fangi"]}, {"abbreviation": "AA", "topics": ["afst\u00e6\u00f0iskenning og aflfr\u00e6\u00f0i"]}, {"abbreviation": "BS", "topics": ["stjarne\u00f0lisfr\u00e6\u00f0i"]}, {"abbreviation": "BY", "topics": ["byrjunar\u00e1fangi \u00ed e\u00f0lisfr\u00e6\u00f0i fyrir n\u00e1tt\u00faruv\u00edsindabraut"]}, {"abbreviation": "AB", "topics": ["aflfr\u00e6\u00f0i og bylgjur"]}, {"abbreviation": "AK", "topics": ["aflfr\u00e6\u00f0i", "geislun", "lj\u00f3s", "rafmagn", "stj\u00f6rnufr\u00e6\u00f0i", "varmafr\u00e6\u00f0i"]}, {"abbreviation": "LA", "topics": ["aflfr\u00e6\u00f0i", "lj\u00f3s"]}, {"abbreviation": "VB", "topics": ["bylgjur og hreyfing", "varmafr\u00e6\u00f0i"]}, {"abbreviation": "AS", "topics": ["at\u00f3m- og kjarne\u00f0lisfr\u00e6\u00f0i", "stj\u00f6rnufr\u00e6\u00f0i"]}, {"abbreviation": "RF", "topics": ["raffr\u00e6\u00f0i", "rafsegulsfr\u00e6\u00f0i"]}, {"abbreviation": "AT", "topics": ["aflfr\u00e6\u00f0i", "afst\u00e6\u00f0iskenning og aflfr\u00e6\u00f0i"]}, {"abbreviation": "AH", "topics": ["Aflfr\u00e6\u00f0i", "afst\u00e6\u00f0iskenningin og sj\u00e1lfvali\u00f0 e\u00f0lisfr\u00e6\u00f0iefni", "hiti og kvikfr\u00e6\u00f0i", "varmi"]}, {"abbreviation": "AV", "topics": ["Afl- og varmafr\u00e6\u00f0i"]}, {"abbreviation": "VA", "topics": ["Val\u00e1fangi", "yfirlits\u00e1fangi"]}, {"abbreviation": "EF", "topics": ["Framhalds\u00e1fangi \u00ed e\u00f0lisfr\u00e6\u00f0i"]}, {"abbreviation": "SB", "topics": ["Sveifluhreyfing og bylgjur", "raffr\u00e6\u00f0i og lj\u00f3sfr\u00e6\u00f0i", "varmafr\u00e6\u00f0i"]}, {"abbreviation": "RM", "topics": ["E\u00f0lisfr\u00e6\u00f0i: Rafmagna\u00f0ur \u00e1fangi"]}, {"abbreviation": "BL", "topics": ["Bylgjur og lj\u00f3s"]}, {"abbreviation": "KA", "topics": ["Klass\u00edsk aflfr\u00e6\u00f0i"]}, {"abbreviation": "SH", "topics": ["Sveiflufr\u00e6\u00f0i og hringhreyfing"]}, {"abbreviation": "AR", "topics": ["bylgjur", "grunnatri\u00f0i aflfr\u00e6\u00f0i", "lj\u00f3sfr\u00e6\u00f0i", "rafr\u00e1sir", "rafst\u00f6\u00f0ufr\u00e6\u00f0i"]}, {"abbreviation": "IA", "topics": ["bylgjur", "inngangur a\u00f0 aflfr\u00e6\u00f0i", "rafr\u00e1sir", "rafst\u00f6\u00f0ufr\u00e6\u00f0i"]}, {"abbreviation": "SN", "topics": ["n\u00fat\u00edmae\u00f0lisfr\u00e6\u00f0i", "rafsegulfr\u00e6\u00f0i", "\u00feyngdarl\u00f6gm\u00e1li\u00f0 og aflfr\u00e6\u00f0i sn\u00fanings"]}, {"abbreviation": "KN", "topics": ["framhalds\u00e1fangi \u00ed aflfr\u00e6\u00f0i", "inngangur a\u00f0 rafsegulfr\u00e6\u00f0i", "n\u00fat\u00edmae\u00f0lisfr\u00e6\u00f0i"]}, {"abbreviation": "BB", "topics": ["Bylgjur og rafmagn"]}, {"abbreviation": "CA", "topics": ["Aflfr\u00e6\u00f0i og afst\u00e6\u00f0iskenning"]}, {"abbreviation": "CG", "topics": ["At\u00f3m og kjarne\u00f0lisfr\u00e6\u00f0i"]}, {"abbreviation": "CV", "topics": ["Yfirlits og verkefna\u00e1fangi"]}, {"abbreviation": "AQ", "topics": ["Hreyfing", "aflfr\u00e6\u00f0i", "lj\u00f3s", "rafmagn og stj\u00f6rnufr\u00e6\u00f0i"]}, {"abbreviation": "DL", "topics": ["E\u00f0lisfr\u00e6\u00f0i hins daglega l\u00edfs"]}, {"abbreviation": "EN", "topics": ["E\u00f0lisfr\u00e6\u00f0i grunn\u00e1fangi fyrir n\u00e1tt\u00farufr\u00e6\u00f0ibraut"]}, {"abbreviation": "ER", "topics": ["E\u00f0lisfr\u00e6\u00f0i II", "grunn\u00e1fangi \u00ed rafmagnsfr\u00e6\u00f0i og bylgjufr\u00e6\u00f0i"]}, {"abbreviation": "DS", "topics": ["E\u00f0lisfr\u00e6\u00f0i hins daglega l\u00edfs", "s\u00ed\u00f0ari hluti"]}, {"abbreviation": "RL", "topics": ["E\u00f0lisfr\u00e6\u00f0i III", "framhalds\u00e1fangi fyrir n\u00e1tt\u00farufr\u00e6\u00f0ibraut"]}, {"abbreviation": "VE", "topics": ["heimildavinna", "ranns\u00f3knir", "verkefnae\u00f0lisfr\u00e6\u00f0i"]}, {"abbreviation": "LI", "topics": ["e\u00f0lisfr\u00e6\u00f0i", "l\u00edffr\u00e6\u00f0i"]}, {"abbreviation": "RE", "topics": ["Rafeindir", "r\u00f3teindir", "straumur og spenna"]}, {"abbreviation": "AO", "topics": ["aflfr\u00e6\u00f0i", "hreyfifr\u00e6\u00f0i", "kraftur", "orka"]}], "_id": "50c0a02dd8e40575f7f6f4df", "subjects": ["e\u00f0lisfr\u00e6\u00f0i"], "counter": {"1": 2, "3": 23, "2": 16, "4": 0}}, "evaluation": "L\u00f6g\u00f0 er \u00e1hersla \u00e1 fj\u00f6lbreytt n\u00e1msmat me\u00f0 lei\u00f0s\u00f6gn. N\u00e1msmati\u00f0 er \u00ed h\u00f6ndum kennara vi\u00f0komandi \u00e1fanga en \u00fearf a\u00f0 fylgja \u00feeim reglum sem kve\u00f0i\u00f0 er \u00e1 um \u00ed sk\u00f3lan\u00e1mskr\u00e1 VMA.", "categorization_suggestion": "AV", "embedded_topics": {"abbreviation": "VB", "topics": ["bylgjur og hreyfing", "varmafr\u00e6\u00f0i"]}, "status": "approved by school", "description": "\u00cd \u00e1fanganum er fjalla\u00f0 um gasl\u00f6gm\u00e1li\u00f0, varmafr\u00e6\u00f0i efna, gangfr\u00e6\u00f0i \u00ed tveimur v\u00edddum \u00e1samt hringhreyfingu og sveiflu- og bylgjuhreyfingu. \u00cd verkefnavinnu \u00e1fangans er l\u00f6g\u00f0 \u00e1hersla \u00e1 n\u00e1kv\u00e6mni \u00ed \u00fatreikningum, framsetningu, r\u00f6ksemdaf\u00e6rslu og notkun form\u00falna. Eins og \u00ed fyrri \u00e1fanga er l\u00f6g\u00f0 \u00e1hersla \u00e1 a\u00f0 nemandinn geri tilraunir \u00fear sem hann kynnist l\u00f6gm\u00e1lum e\u00f0lisfr\u00e6\u00f0innar af eigin raun og skrifi sk\u00fdrslu um \u00fe\u00e6r. \u00c1hersla er l\u00f6g\u00f0 \u00e1 tengingu vi\u00f0 umhverfi og reynsluheim nemenda sem og sj\u00e1lfst\u00e6\u00f0 og v\u00f6ndu\u00f0 vinnubr\u00f6g\u00f0.", "knowledge_goals": ["l\u00f6gm\u00e1lum Charles, Boyle og Gay-Lussacs, \u00e1samt l\u00f6gm\u00e1li Daltons um e\u00f0alg\u00f6s", "hreyfingum agna \u00ed tv\u00edv\u00ed\u00f0u-r\u00fami", "mi\u00f0s\u00f3knarhra\u00f0a og hr\u00f6\u00f0un, \u00e1samt mi\u00f0s\u00f3knarkrafti agna \u00ed hringhreyfingu", "jar\u00f0mi\u00f0jukenningunni , s\u00f3lmi\u00f0jukenningunni , l\u00f6gm\u00e1li Keplers um sporbauga, l\u00f6gm\u00e1li Newtons um \u00feyngdarafli\u00f0 og \u00feyngdarfastakenningunni", "heg\u00f0un og sveiflum massa \u00ed fja\u00f0randi mi\u00f0lum \u00e1samt grunnskilning \u00e1 eigint\u00ed\u00f0ni", "breytingum \u00e1 st\u00f6\u00f0u-og hreyfiorku, \u00e1samt hugt\u00f6kum um skri\u00f0\u00feunga.", "einf\u00f6ldum bylgjuhreyfingum og lj\u00f3sgeislafr\u00e6\u00f0i"], "skills_goals": ["reikna \u00fer\u00fdstings-, hita- og r\u00famm\u00e1lsbreytingu e\u00f0algastegundar", "reikna hreyfingar agna \u00ed tv\u00edv\u00ed\u00f0u-r\u00fami", "reikna hreyfingum agna \u00ed hringhreyfingu", "reikna mismunandi \u00feyngdarsvi\u00f0 og sporbrautir", "reikna einf\u00f6ld d\u00e6mi um sveifluhreyfingar og bylgjuhreyfingar", "beita l\u00f6gm\u00e1lum og j\u00f6fnum vi\u00f0 a\u00f0 leysa verkefni af \u00fdmsu tagi", "lesa fr\u00e6\u00f0ilegan texta sem tengist vi\u00f0fangsefnum \u00e1fangans"], "credits": 5, "last_modified": 1424700751.943797, "schools": ["512b49bc62933a682f00048a"], "coauthors": null, "instructions": "", "continued_education": false, "level": 3, "prerequisites": "E\u00d0LI2AO05 e\u00f0a samb\u00e6rilegur \u00e1fangi \u00e1 2. \u00ferepi ", "author": "0bc9b589-2a42-4690-ac7e-ec65f804a0e6", "abbreviation_version": null, "competence_goals": [["framkv\u00e6ma verklegar \u00e6fingar, vinna \u00far \u00feeim, meta og \u00fatsk\u00fdra ni\u00f0urst\u00f6\u00f0ur \u00feeirra", ""], ["n\u00fdta n\u00e1msefni og g\u00f6gn \u00e1 markvissan h\u00e1tt", ""], ["n\u00fdta margv\u00edslegar a\u00f0fer\u00f0ir til a\u00f0 leysa fj\u00f6lbreytt vi\u00f0fangsefni einn e\u00f0a \u00ed samstarfi vi\u00f0 a\u00f0ra", ""], ["greina, hagn\u00fdta og meta uppl\u00fdsingar \u00ed margskonar formi (t\u00f6lu\u00f0u, ritu\u00f0u og/e\u00f0a myndr\u00e6nu)", ""], ["yfirf\u00e6ra \u00feekkingu \u00far \u00f6\u00f0rum greinum (s.s. st\u00e6r\u00f0fr\u00e6\u00f0i og efnafr\u00e6\u00f0i) vi\u00f0 lausn verkefna", ""], ["tengja e\u00f0lisfr\u00e6\u00f0ina vi\u00f0 daglegt l\u00edf og umhverfi og gera s\u00e9r grein fyrir notagildi hennar", ""]], "_id": "54eb354f62933a1936000e97"}, {"exemplary": null, "topics": "rafalar, raffr\u00e6\u00f0i, segulsvi\u00f0", "abbreviation": "E\u00d0LI3SR05", "former_schools": null, "subject": "e\u00f0lisfr\u00e6\u00f0i", "title": "Rafmagnsfr\u00e6\u00f0i", "version": 27, "status_trans": "Sam\u00feykkt af sk\u00f3la", "embedded_subject": {"abbreviation": "E\u00d0LI", "topics": [{"abbreviation": "HK", "topics": ["hreyfing", "kraftar"]}, {"abbreviation": "SG", "topics": ["geislun", "mannsl\u00edkaminn", "sn\u00faningur"]}, {"abbreviation": "RR", "topics": ["rafsegulfr\u00e6\u00f0i og rennsli v\u00f6kva og lofts"]}, {"abbreviation": "NE", "topics": ["n\u00fat\u00edmae\u00f0lisfr\u00e6\u00f0i"]}, {"abbreviation": "RB", "topics": ["bylgjur og hreyfing", "raffr\u00e6\u00f0i"]}, {"abbreviation": "GR", "topics": ["grunn\u00e1fangi \u00ed e\u00f0lisfr\u00e6\u00f0i \u00e1 n\u00e1tt\u00faruv\u00edsindabraut"]}, {"abbreviation": "H\u00de", "topics": ["hlj\u00f3\u00f0", "hringhreyfing og \u00feyngdarsvi\u00f0", "skri\u00f0\u00feungi", "sveiflur og bylgjur", "v\u00f6kvar"]}, {"abbreviation": "AX", "topics": ["at\u00f3m- og kjarne\u00f0lisfr\u00e6\u00f0i"]}, {"abbreviation": "HR", "topics": ["hreyfifr\u00e6\u00f0i"]}, {"abbreviation": "HS", "topics": ["bylgjue\u00f0li lj\u00f3ss", "hiti og kvikfr\u00e6\u00f0i", "lj\u00f3sgeislafr\u00e6\u00f0i", "sn\u00faningshreyfing og sj\u00e1lfvali\u00f0 e\u00f0lisfr\u00e6\u00f0iefni", "varmi"]}, {"abbreviation": "RS", "topics": ["rafsegulfr\u00e6\u00f0i"]}, {"abbreviation": "AF", "topics": ["aflfr\u00e6\u00f0i"]}, {"abbreviation": "BR", "topics": ["bylgur", "raffr\u00e6\u00f0i"]}, {"abbreviation": "G\u00c1", "topics": ["grunn\u00e1fangi"]}, {"abbreviation": "BV", "topics": ["bylgjur", "varmafr\u00e6\u00f0i"]}, {"abbreviation": "RA", "topics": ["rafsegulsfr\u00e6\u00f0i"]}, {"abbreviation": "AY", "topics": ["yfirlits\u00e1fangi"]}, {"abbreviation": "AA", "topics": ["afst\u00e6\u00f0iskenning og aflfr\u00e6\u00f0i"]}, {"abbreviation": "BS", "topics": ["stjarne\u00f0lisfr\u00e6\u00f0i"]}, {"abbreviation": "BY", "topics": ["byrjunar\u00e1fangi \u00ed e\u00f0lisfr\u00e6\u00f0i fyrir n\u00e1tt\u00faruv\u00edsindabraut"]}, {"abbreviation": "AB", "topics": ["aflfr\u00e6\u00f0i og bylgjur"]}, {"abbreviation": "AK", "topics": ["aflfr\u00e6\u00f0i", "geislun", "lj\u00f3s", "rafmagn", "stj\u00f6rnufr\u00e6\u00f0i", "varmafr\u00e6\u00f0i"]}, {"abbreviation": "LA", "topics": ["aflfr\u00e6\u00f0i", "lj\u00f3s"]}, {"abbreviation": "VB", "topics": ["bylgjur og hreyfing", "varmafr\u00e6\u00f0i"]}, {"abbreviation": "AS", "topics": ["at\u00f3m- og kjarne\u00f0lisfr\u00e6\u00f0i", "stj\u00f6rnufr\u00e6\u00f0i"]}, {"abbreviation": "RF", "topics": ["raffr\u00e6\u00f0i", "rafsegulsfr\u00e6\u00f0i"]}, {"abbreviation": "AT", "topics": ["aflfr\u00e6\u00f0i", "afst\u00e6\u00f0iskenning og aflfr\u00e6\u00f0i"]}, {"abbreviation": "AH", "topics": ["Aflfr\u00e6\u00f0i", "afst\u00e6\u00f0iskenningin og sj\u00e1lfvali\u00f0 e\u00f0lisfr\u00e6\u00f0iefni", "hiti og kvikfr\u00e6\u00f0i", "varmi"]}, {"abbreviation": "AV", "topics": ["Afl- og varmafr\u00e6\u00f0i"]}, {"abbreviation": "VA", "topics": ["Val\u00e1fangi", "yfirlits\u00e1fangi"]}, {"abbreviation": "EF", "topics": ["Framhalds\u00e1fangi \u00ed e\u00f0lisfr\u00e6\u00f0i"]}, {"abbreviation": "SB", "topics": ["Sveifluhreyfing og bylgjur", "raffr\u00e6\u00f0i og lj\u00f3sfr\u00e6\u00f0i", "varmafr\u00e6\u00f0i"]}, {"abbreviation": "RM", "topics": ["E\u00f0lisfr\u00e6\u00f0i: Rafmagna\u00f0ur \u00e1fangi"]}, {"abbreviation": "BL", "topics": ["Bylgjur og lj\u00f3s"]}, {"abbreviation": "KA", "topics": ["Klass\u00edsk aflfr\u00e6\u00f0i"]}, {"abbreviation": "SH", "topics": ["Sveiflufr\u00e6\u00f0i og hringhreyfing"]}, {"abbreviation": "AR", "topics": ["bylgjur", "grunnatri\u00f0i aflfr\u00e6\u00f0i", "lj\u00f3sfr\u00e6\u00f0i", "rafr\u00e1sir", "rafst\u00f6\u00f0ufr\u00e6\u00f0i"]}, {"abbreviation": "IA", "topics": ["bylgjur", "inngangur a\u00f0 aflfr\u00e6\u00f0i", "rafr\u00e1sir", "rafst\u00f6\u00f0ufr\u00e6\u00f0i"]}, {"abbreviation": "SN", "topics": ["n\u00fat\u00edmae\u00f0lisfr\u00e6\u00f0i", "rafsegulfr\u00e6\u00f0i", "\u00feyngdarl\u00f6gm\u00e1li\u00f0 og aflfr\u00e6\u00f0i sn\u00fanings"]}, {"abbreviation": "KN", "topics": ["framhalds\u00e1fangi \u00ed aflfr\u00e6\u00f0i", "inngangur a\u00f0 rafsegulfr\u00e6\u00f0i", "n\u00fat\u00edmae\u00f0lisfr\u00e6\u00f0i"]}, {"abbreviation": "BB", "topics": ["Bylgjur og rafmagn"]}, {"abbreviation": "CA", "topics": ["Aflfr\u00e6\u00f0i og afst\u00e6\u00f0iskenning"]}, {"abbreviation": "CG", "topics": ["At\u00f3m og kjarne\u00f0lisfr\u00e6\u00f0i"]}, {"abbreviation": "CV", "topics": ["Yfirlits og verkefna\u00e1fangi"]}, {"abbreviation": "AQ", "topics": ["Hreyfing", "aflfr\u00e6\u00f0i", "lj\u00f3s", "rafmagn og stj\u00f6rnufr\u00e6\u00f0i"]}, {"abbreviation": "DL", "topics": ["E\u00f0lisfr\u00e6\u00f0i hins daglega l\u00edfs"]}, {"abbreviation": "EN", "topics": ["E\u00f0lisfr\u00e6\u00f0i grunn\u00e1fangi fyrir n\u00e1tt\u00farufr\u00e6\u00f0ibraut"]}, {"abbreviation": "ER", "topics": ["E\u00f0lisfr\u00e6\u00f0i II", "grunn\u00e1fangi \u00ed rafmagnsfr\u00e6\u00f0i og bylgjufr\u00e6\u00f0i"]}, {"abbreviation": "DS", "topics": ["E\u00f0lisfr\u00e6\u00f0i hins daglega l\u00edfs", "s\u00ed\u00f0ari hluti"]}, {"abbreviation": "RL", "topics": ["E\u00f0lisfr\u00e6\u00f0i III", "framhalds\u00e1fangi fyrir n\u00e1tt\u00farufr\u00e6\u00f0ibraut"]}, {"abbreviation": "VE", "topics": ["heimildavinna", "ranns\u00f3knir", "verkefnae\u00f0lisfr\u00e6\u00f0i"]}, {"abbreviation": "LI", "topics": ["e\u00f0lisfr\u00e6\u00f0i", "l\u00edffr\u00e6\u00f0i"]}, {"abbreviation": "RE", "topics": ["Rafeindir", "r\u00f3teindir", "straumur og spenna"]}, {"abbreviation": "AO", "topics": ["aflfr\u00e6\u00f0i", "hreyfifr\u00e6\u00f0i", "kraftur", "orka"]}, {"abbreviation": "SR", "topics": ["rafalar", "raffr\u00e6\u00f0i", "segulsvi\u00f0"]}], "_id": "50c0a02dd8e40575f7f6f4df", "subjects": ["e\u00f0lisfr\u00e6\u00f0i"], "counter": {"1": 2, "3": 23, "2": 16, "4": 0}}, "evaluation": "L\u00f6g\u00f0 er \u00e1hersla \u00e1 fj\u00f6lbreytt n\u00e1msmat me\u00f0 lei\u00f0s\u00f6gn. N\u00e1msmati\u00f0 er \u00ed h\u00f6ndum kennara vi\u00f0komandi \u00e1fanga en \u00fearf a\u00f0 fylgja \u00feeim reglum sem kve\u00f0i\u00f0 er \u00e1 um \u00ed sk\u00f3lan\u00e1mskr\u00e1 VMA.", "categorization_suggestion": "AV", "embedded_topics": {"abbreviation": "SR", "topics": ["rafalar", "raffr\u00e6\u00f0i", "segulsvi\u00f0"]}, "status": "approved by school", "description": "Rafmagnsfr\u00e6\u00f0i er megin\u00feema \u00e1fangans \u00fear sem almenn raffr\u00e6\u00f0i, l\u00f6gm\u00e1l Coulombs og Gauss, rafsvi\u00f0, rafst\u00f6\u00f0uorka, spenna, straumur, vi\u00f0n\u00e1m, l\u00f6gm\u00e1l Ohms, rafr\u00e1sir, l\u00f6gm\u00e1l Kirchoffs, \u00edspenna, p\u00f3lspenna, \u00fe\u00e9tta, raforkuflutningur og raforkutap eru helstu vi\u00f0fangsefni. Einnig er segulsvi\u00f0 teki\u00f0 fyrir \u00e1samt Lorentzkrafti, h\u00e6gri handar reglu, segulsvi\u00f0 \u00ed kringum lei\u00f0ara og krafta \u00ed lei\u00f0ara vegna segulsvi\u00f0s. \u00d6nnur helstu l\u00f6gm\u00e1l t.d. Amp\u00e9res, Lenz  og spanl\u00f6gm\u00e1l Faradays. Stikla\u00f0 \u00e1 raforkuframlei\u00f0slu og um lei\u00f0 fari\u00f0 yfir  ri\u00f0spennu, rafala og spennubreyta. \u00c1hersla er l\u00f6g\u00f0 \u00e1 tengingu vi\u00f0 umhverfi og reynsluheim nemenda, sj\u00e1lfst\u00e6\u00f0 og \u00f6gu\u00f0 vinnubr\u00f6g\u00f0. ", "knowledge_goals": ["rafhle\u00f0slu og straum, einangrun lei\u00f0ara og l\u00f6gm\u00e1li Coulombs , rafsvi\u00f0i, spennu og l\u00f6gm\u00e1li Gauss fyrir rafsvi\u00f0", "\u00fe\u00e9ttum, pl\u00f6tu\u00fe\u00e9ttum og r\u00fdmd \u00fe\u00e9tta", "muninum \u00e1 ra\u00f0tengingum og hli\u00f0tengingum vi\u00f0n\u00e1ma og \u00fe\u00e9tta", "sambandi vi\u00f0n\u00e1ms og straums sem og straumstefnum og straumm\u00e6lingum", "uppsetningum rafr\u00e1sa, afli rafr\u00e1sa og spennugjafa", "straum og spennum\u00e6lingum, e\u00f0lisvi\u00f0n\u00e1mi \u00ed lei\u00f0urum og \u00f6\u00f0rum efnum", "ger\u00f0 segulsp\u00f3la, segulsvi\u00f0i \u00ed lei\u00f0urum og krafthrifi segulsvi\u00f0s", "hreyfingu rafeinda \u00ed einsleitu rafsvi\u00f0i og segulsvi\u00f0i", "notkun massagreinis og \u00e1hrifum segulsvi\u00f0s jar\u00f0ar", "spani, ger\u00f0 ri\u00f0straumsrafala og spennubreyta"], "skills_goals": ["t\u00falka svi\u00f0sl\u00ednur, rafsvi\u00f0 \u00ed kringum punkthle\u00f0slur og  einsleit svi\u00f0", "reikna spennu \u00ed einsleitu rafsvi\u00f0i", "reikna \u00fat rafhle\u00f0slu me\u00f0 hli\u00f0sj\u00f3n af Coulombs l\u00f6gm\u00e1linu", "heilda yfir mismunandi form rafsvi\u00f0a", "reikna hversu mikla r\u00fdmd og orku \u00fe\u00e9ttar geta geymt, auk \u00feess a\u00f0 geta hanna\u00f0 \u00fe\u00e9tta", "reikna \u00fat straum, spennu og vi\u00f0n\u00e1m \u00ed einf\u00f6ldum r\u00e1sum me\u00f0 hli\u00f0sj\u00f3n af Ohms l\u00f6gm\u00e1linu", "rekja sig \u00ed gegnum \u00f3\u00feekktar r\u00e1sir, ra\u00f0tengdar og hli\u00f0tengdar og fundi\u00f0 gildi fyrir mismunandi \u00edhluti hennar, vi\u00f0n\u00e1m, \u00fe\u00e9tta og spennugjafa me\u00f0 hli\u00f0sj\u00f3n af l\u00f6gm\u00e1li Kirchoffs", "reikna \u00fat segulsvi\u00f0 og skilja stefnur segulsvi\u00f0sl\u00edna \u00e1samt \u00e1hrifum \u00e1 umhverfi \u00feess"], "credits": 5, "last_modified": 1424701251.865689, "schools": ["512b49bc62933a682f00048a"], "coauthors": null, "instructions": "", "continued_education": false, "level": 3, "prerequisites": "E\u00d0LI2AO05 e\u00f0a samb\u00e6rilegur \u00e1fangi \u00e1 2. \u00ferepi", "author": "0bc9b589-2a42-4690-ac7e-ec65f804a0e6", "abbreviation_version": null, "competence_goals": [["\u00fatsk\u00fdra inntak og \u00fattak ri\u00f0straumsrafala og breytingar \u00e1 spennu \u00ed mismunandi spennubreytum", ""], ["tengja saman efnis\u00fe\u00e6tti og beita skipulegum a\u00f0fer\u00f0um vi\u00f0 \u00farlausn einfaldra vi\u00f0fangsefna", ""], ["s\u00fdna sj\u00e1lfst\u00e6\u00f0i \u00ed vinnubr\u00f6g\u00f0um og bera \u00e1byrg\u00f0 \u00e1 eigin n\u00e1msframvindu", ""], ["greina, hagn\u00fdta og meta uppl\u00fdsingar \u00ed margskonar formi (t\u00f6lu\u00f0u, ritu\u00f0u e\u00f0a myndr\u00e6nu)", ""], ["framkv\u00e6ma verklegar \u00e6fingar, vinna \u00far \u00feeim, meta og \u00fatsk\u00fdra ni\u00f0urst\u00f6\u00f0ur \u00feeirra", ""], ["vinna me\u00f0 rafr\u00e1sir, hvernig spennugjafar, m\u00e6lar og t\u00e6ki eru tengd og hva\u00f0 beri a\u00f0 varast \u00ed tengslum vi\u00f0 rafmagn, s\u00e9r \u00ed lagi hva\u00f0 var\u00f0ar h\u00e1spennu, lekastraum og jar\u00f0tengingu", ""], ["fjalla um innra vi\u00f0n\u00e1m, rafmagnsframlei\u00f0slu, rafala og vatnsaflsvirkjanir", ""], ["yfirf\u00e6ra \u00feekkingu \u00far \u00f6\u00f0rum greinum s.s. st\u00e6r\u00f0fr\u00e6\u00f0i vi\u00f0 lausn verkefna", ""], ["n\u00fdta n\u00e1msefni og g\u00f6gn \u00e1 markvissan h\u00e1tt", ""], ["tengja e\u00f0lisfr\u00e6\u00f0ina vi\u00f0 daglegt l\u00edf og umhverfi og gera s\u00e9r grein fyrir notagildi hennar", ""]], "_id": "54eb374362933a1936000ea5"}], "title": "E\u00f0lisfr\u00e6\u00f0i"}, {"courses": [{"exemplary": null, "topics": "at\u00f3mi\u00f0, efnaj\u00f6fnur, efnatengi, m\u00f3lreikningar", "abbreviation": "EFNA2ME05", "former_schools": null, "subject": "efnafr\u00e6\u00f0i", "title": "Almenn efnafr\u00e6\u00f0i", "version": 19, "status_trans": "Sam\u00feykkt af sk\u00f3la", "embedded_subject": {"abbreviation": "EFNA", "topics": [{"abbreviation": "AE", "topics": ["almenn efnafr\u00e6\u00f0i"]}, {"abbreviation": "EF", "topics": ["efnafr\u00e6\u00f0i framhald"]}, {"abbreviation": "LR", "topics": ["l\u00edfr\u00e6n efnafr\u00e6\u00f0i"]}, {"abbreviation": "LE", "topics": ["l\u00edfefnafr\u00e6\u00f0i"]}, {"abbreviation": "DA", "topics": ["framhald", "\u00f3l\u00edfr\u00e6n efnafr\u00e6\u00f0i"]}, {"abbreviation": "DL", "topics": ["framhald \u00ed l\u00edfr\u00e6nni efnafr\u00e6\u00f0i og l\u00edfefnafr\u00e6\u00f0i"]}, {"abbreviation": "CL", "topics": ["l\u00edfr\u00e6n efnafr\u00e6\u00f0i og l\u00edfefnafr\u00e6\u00f0i"]}, {"abbreviation": "FH", "topics": ["almenn efnafr\u00e6\u00f0i", "grunn\u00e1fangi \u00ed efnafr\u00e6\u00f0i fyrir hug- og f\u00e9lagsv\u00edsindadeild"]}, {"abbreviation": "AM", "topics": ["at\u00f3m", "m\u00f3l og efnahv\u00f6rf. byrjunar\u00e1fangi \u00ed efnafr\u00e6\u00f0i \u00e1 n\u00e1tt\u00faruv\u00edsindabraut"]}, {"abbreviation": "EH", "topics": ["2. \u00e1fangi \u00ed efnafr\u00e6\u00f0i \u00e1 n\u00e1tt\u00faruv\u00edsindabraut", "efnatengi", "hra\u00f0i og orka"]}, {"abbreviation": "JL", "topics": ["3. \u00e1fangi \u00ed efnafr\u00e6\u00f0i \u00e1 n\u00e1tt\u00faruv\u00edsindabraut", "jafnv\u00e6gi", "lofttegundir", "oxun og afoxun"]}, {"abbreviation": "L\u00cd", "topics": ["l\u00edfr\u00e6n- og l\u00edfefnafr\u00e6\u00f0i"]}, {"abbreviation": "CA", "topics": ["almenn efnafr\u00e6\u00f0i", "\u00e1framhald"]}, {"abbreviation": "BA", "topics": ["almenn efnafr\u00e6\u00f0i", "framhald"]}, {"abbreviation": "AK", "topics": ["inngagnur a\u00f0 efnafr\u00e6\u00f0i"]}, {"abbreviation": "IE", "topics": ["inngangur a\u00f0 efnafr\u00e6\u00f0i"]}, {"abbreviation": "FE", "topics": ["framhalds\u00e1fangi \u00ed efnafr\u00e6\u00f0i"]}, {"abbreviation": "LV", "topics": ["lokaverkefni"]}, {"abbreviation": "RL", "topics": ["lotubundnir eiginleikar", "rafefnafr\u00e6\u00f0i og kjarnaefnafr\u00e6\u00f0i"]}, {"abbreviation": "KE", "topics": ["a\u00f0sto\u00f0 vi\u00f0 kennslu 1. bekkjar nema \u00e1 n\u00e1tt\u00faruv\u00edsindabraut. framhalds\u00e1fangi \u00ed efnafr\u00e6\u00f0i \u00e1 n\u00e1tt\u00faruv\u00edsindabraut"]}, {"abbreviation": "EA", "topics": ["byrjunar\u00e1fangi \u00ed efnafr\u00e6\u00f0i \u00e1 n\u00e1tt\u00faruv\u00edsindabraut", "efnasamb\u00f6nd og efnaj\u00f6fnur", "uppbygging at\u00f3ma"]}, {"abbreviation": "EM", "topics": ["efnahv\u00f6rf", "m\u00f3lstyrkur og orka"]}, {"abbreviation": "HE", "topics": ["efnaftengi", "hra\u00f0afr\u00e6\u00f0i og efnafr\u00e6\u00f0i lofttegunda"]}, {"abbreviation": "AA", "topics": ["byrjunar\u00e1fangi \u00ed efnafr\u00e6\u00f0i \u00e1 n\u00e1tt\u00farufr\u00e6\u00f0ibraut"]}, {"abbreviation": "XB", "topics": ["efnahv\u00f6rf", "framhalds\u00e1fangi \u00ed efnafr\u00e6\u00f0i"]}, {"abbreviation": "GE", "topics": ["gasl\u00f6gm\u00e1li\u00f0", "hra\u00f0i efnahvarfa", "orka \u00ed efnahv\u00f6rfum"]}, {"abbreviation": "LM", "topics": ["grunnhugt\u00f6k", "lotukerfi\u00f0", "m\u00f3lhugtaki\u00f0"]}, {"abbreviation": "JA", "topics": ["jafnv\u00e6gi", "\u00f3l\u00edfr\u00e6n efnafr\u00e6\u00f0i"]}, {"abbreviation": "EG", "topics": ["gasl\u00f6gm\u00e1li\u00f0", "hra\u00f0i og orka", "jafnv\u00e6gi", "orka \u00ed efnahv\u00f6rfum"]}, {"abbreviation": "LO", "topics": ["byrjunar\u00e1fangi \u00ed efnafr\u00e6\u00f0i \u00e1 n\u00e1tt\u00farufr\u00e6\u00f0ibraut", "efnasamb\u00f6nd og efnaj\u00f6fnur", "lotukerfi\u00f0", "m\u00f3lhugtaki\u00f0"]}, {"abbreviation": "RA", "topics": ["efnahv\u00f6rf", "rafefnafr\u00e6\u00f0i og kjarnaefnafr\u00e6\u00f0i"]}, {"abbreviation": "EE", "topics": ["at\u00f3m", "efnasamb\u00f6nd og efnahv\u00f6rf", "frumefni"]}, {"abbreviation": "FR", "topics": ["framhalds\u00e1fangi \u00ed almennri efnafr\u00e6\u00f0i"]}, {"abbreviation": "ZZ", "topics": ["Jafnv\u00e6gi", "lofttegundir", "oxun og afoxun"]}, {"abbreviation": "VG", "topics": ["efnatengi", "gastegundir", "lotubundnir eiginleikar frumefna", "l\u00f6gun sameinda", "millisameindakraftar", "rafeindaskipan", "varmaefnafr\u00e6\u00f0i"]}, {"abbreviation": "HJ", "topics": ["hra\u00f0afr\u00e6\u00f0i", "jafnv\u00e6gi", "rafnefnafr\u00e6\u00f0i", "varmaefnafr\u00e6\u00f0i"]}, {"abbreviation": "JR", "topics": ["hra\u00f0afr\u00e6\u00f0i", "jafnv\u00e6gi", "l\u00edfefnafr\u00e6\u00f0i", "l\u00edfr\u00e6n efnafr\u00e6\u00f0i", "millisameindakraftar", "rafefnafr\u00e6\u00f0i", "\u00f3rei\u00f0a og fr\u00edorka efnahvarfa"]}, {"abbreviation": "CB", "topics": ["L\u00edfr\u00e6n efnafr\u00e6\u00f0i"]}, {"abbreviation": "DB", "topics": ["L\u00edfefnafr\u00e6\u00f0i"]}, {"abbreviation": "RS", "topics": ["Rafefnafr\u00e6\u00f0i", "s\u00fdrur og basar"]}, {"abbreviation": "BB", "topics": ["Almenn efnafr\u00e6\u00f0i.  Framhald"]}, {"abbreviation": "AQ", "topics": ["Grunnatri\u00f0i efnafr\u00e6\u00f0innar"]}, {"abbreviation": "LT", "topics": ["L\u00f6gun sameinda og tengi"]}, {"abbreviation": "EJ", "topics": ["Efnajafnv\u00e6gi"]}, {"abbreviation": "RE", "topics": ["Almenn efnafr\u00e6\u00f0i", "l\u00edfefnafr\u00e6\u00f0i", "l\u00edfr\u00e6n efnafr\u00e6\u00f0i", "rafefnafr\u00e6\u00f0i"]}, {"abbreviation": "OL", "topics": ["\u00d3l\u00edfr\u00e6n efnafr\u00e6\u00f0i"]}, {"abbreviation": "ME", "topics": ["at\u00f3mi\u00f0", "efnaj\u00f6fnur", "efnatengi", "m\u00f3lreikningar"]}], "_id": "50c0a02dd8e40575f7f6f4f3", "subjects": ["efnafr\u00e6\u00f0i"], "counter": {"1": 1, "3": 12, "2": 18, "4": 0}}, "evaluation": "L\u00f6g\u00f0 er \u00e1hersla \u00e1 fj\u00f6lbreytt n\u00e1msmat me\u00f0 lei\u00f0s\u00f6gn. N\u00e1msmati\u00f0 er \u00ed h\u00f6ndum kennara vi\u00f0komandi \u00e1fanga en \u00fearf a\u00f0 fylgja \u00feeim reglum sem kve\u00f0i\u00f0 er \u00e1 um \u00ed sk\u00f3lan\u00e1mskr\u00e1 VMA.", "categorization_suggestion": "AV", "embedded_topics": {"abbreviation": "ME", "topics": ["at\u00f3mi\u00f0", "efnaj\u00f6fnur", "efnatengi", "m\u00f3lreikningar"]}, "status": "approved by school", "description": "\u00c1fanginn er grunn\u00e1fangi \u00ed efnafr\u00e6\u00f0i. Helstu vi\u00f0fangsefni eru efna- og e\u00f0liseiginleikar efna, m\u00e6lingar og me\u00f0fer\u00f0 talna, bygging at\u00f3ma, frumefni, efnasamb\u00f6nd, j\u00f3nir, l\u00e6si \u00e1 lotukerfi\u00f0 og efnatengi. Helstu ger\u00f0ir efnahvarfa, l\u00e6si \u00e1 efnaj\u00f6fnur og mikil \u00e1hersla \u00e1 magnbundna \u00fatreikninga. Hugt\u00f6kin m\u00f3l og styrkir efna \u00ed lausnum, samband hita, \u00fer\u00fdstings og r\u00famm\u00e1ls fyrir gastegundir. Me\u00f0 samr\u00e6\u00f0u er l\u00f6g\u00f0 \u00e1hersla \u00e1 a\u00f0 tengja n\u00e1msefni\u00f0 reynsluheimi nemanda, auka v\u00ed\u00f0s\u00fdni hans og beita r\u00f6khugsun.  ", "knowledge_goals": ["grunnhugt\u00f6kum \u00ed efnafr\u00e6\u00f0i", "byggingu at\u00f3ma og lotukerfinu", "byggingu sameinda og ger\u00f0 efnatengja", "m\u00f3lum og m\u00f3lmassareikningum", "mismunandi efnahv\u00f6rfum", "\u00e1standsj\u00f6fnu gastegunda"], "skills_goals": ["nota grunnhugt\u00f6k \u00ed efnafr\u00e6\u00f0i", "reikna reynsluform\u00falu efna, at\u00f3mmassa, fj\u00f6lda \u00f6reinda \u00ed at\u00f3mi o.fl.", "nota rafdr\u00e6gni til a\u00f0 skilgreina efnatengi", "rita nafn og form\u00falu \u00f3l\u00edfr\u00e6nna efna", "reikna \u00fat m\u00f3l, massa og m\u00f3lmassa", "reikna \u00fat magnbundna \u00fe\u00e6tti efnahvarfa", "reikna \u00fat \u00fer\u00fdsting, r\u00famm\u00e1l, m\u00f3l og hita \u00ed kj\u00f6rgasi"], "credits": 5, "last_modified": 1424698412.180027, "schools": ["512b49bc62933a682f00048a"], "coauthors": null, "instructions": "", "continued_education": false, "level": 2, "prerequisites": "A\u00f0 hafa loki\u00f0 st\u00e6r\u00f0fr\u00e6\u00f0i \u00ed grunnsk\u00f3la me\u00f0 fulln\u00e6gjandi h\u00e6tti a\u00f0 mati sk\u00f3lans", "author": "0bc9b589-2a42-4690-ac7e-ec65f804a0e6", "abbreviation_version": null, "competence_goals": [["n\u00fdta lotukerfi\u00f0 m.a. til a\u00f0 finna og \u00fatsk\u00fdra eiginleika frumefna og j\u00f3na", ""], ["n\u00fdta \u00feekkingu \u00far \u00f6\u00f0rum greinum vi\u00f0 verkefnalausnir \u00ed efnafr\u00e6\u00f0i", ""], ["meta hvort ni\u00f0urst\u00f6\u00f0ur \u00fatreikninga og m\u00e6linga s\u00e9u raunh\u00e6far", ""], ["tengja efnafr\u00e6\u00f0ina vi\u00f0 daglegt l\u00edf f\u00f3lks og umhverfi og sj\u00e1 notagildi hennar", ""], ["n\u00fdta \u00feekkingu \u00e1 efnaj\u00f6fnum og m\u00f3lhugtakinu til \u00feess a\u00f0 \u00fatsk\u00fdra magnbundna \u00fe\u00e6tti efnahvarfa", ""]], "_id": "54eb2c2c62933a1936000e52"}, {"exemplary": null, "topics": "efnahv\u00f6rf, flokkun, l\u00edfr\u00e6n efni, nafnakerfi", "abbreviation": "EFNA2EL05", "former_schools": null, "subject": "efnafr\u00e6\u00f0i", "title": "L\u00edfr\u00e6n efnafr\u00e6\u00f0i", "version": 20, "status_trans": "Sam\u00feykkt af sk\u00f3la", "embedded_subject": {"abbreviation": "EFNA", "topics": [{"abbreviation": "AE", "topics": ["almenn efnafr\u00e6\u00f0i"]}, {"abbreviation": "EF", "topics": ["efnafr\u00e6\u00f0i framhald"]}, {"abbreviation": "LR", "topics": ["l\u00edfr\u00e6n efnafr\u00e6\u00f0i"]}, {"abbreviation": "LE", "topics": ["l\u00edfefnafr\u00e6\u00f0i"]}, {"abbreviation": "DA", "topics": ["framhald", "\u00f3l\u00edfr\u00e6n efnafr\u00e6\u00f0i"]}, {"abbreviation": "DL", "topics": ["framhald \u00ed l\u00edfr\u00e6nni efnafr\u00e6\u00f0i og l\u00edfefnafr\u00e6\u00f0i"]}, {"abbreviation": "CL", "topics": ["l\u00edfr\u00e6n efnafr\u00e6\u00f0i og l\u00edfefnafr\u00e6\u00f0i"]}, {"abbreviation": "FH", "topics": ["almenn efnafr\u00e6\u00f0i", "grunn\u00e1fangi \u00ed efnafr\u00e6\u00f0i fyrir hug- og f\u00e9lagsv\u00edsindadeild"]}, {"abbreviation": "AM", "topics": ["at\u00f3m", "m\u00f3l og efnahv\u00f6rf. byrjunar\u00e1fangi \u00ed efnafr\u00e6\u00f0i \u00e1 n\u00e1tt\u00faruv\u00edsindabraut"]}, {"abbreviation": "EH", "topics": ["2. \u00e1fangi \u00ed efnafr\u00e6\u00f0i \u00e1 n\u00e1tt\u00faruv\u00edsindabraut", "efnatengi", "hra\u00f0i og orka"]}, {"abbreviation": "JL", "topics": ["3. \u00e1fangi \u00ed efnafr\u00e6\u00f0i \u00e1 n\u00e1tt\u00faruv\u00edsindabraut", "jafnv\u00e6gi", "lofttegundir", "oxun og afoxun"]}, {"abbreviation": "L\u00cd", "topics": ["l\u00edfr\u00e6n- og l\u00edfefnafr\u00e6\u00f0i"]}, {"abbreviation": "CA", "topics": ["almenn efnafr\u00e6\u00f0i", "\u00e1framhald"]}, {"abbreviation": "BA", "topics": ["almenn efnafr\u00e6\u00f0i", "framhald"]}, {"abbreviation": "AK", "topics": ["inngagnur a\u00f0 efnafr\u00e6\u00f0i"]}, {"abbreviation": "IE", "topics": ["inngangur a\u00f0 efnafr\u00e6\u00f0i"]}, {"abbreviation": "FE", "topics": ["framhalds\u00e1fangi \u00ed efnafr\u00e6\u00f0i"]}, {"abbreviation": "LV", "topics": ["lokaverkefni"]}, {"abbreviation": "RL", "topics": ["lotubundnir eiginleikar", "rafefnafr\u00e6\u00f0i og kjarnaefnafr\u00e6\u00f0i"]}, {"abbreviation": "KE", "topics": ["a\u00f0sto\u00f0 vi\u00f0 kennslu 1. bekkjar nema \u00e1 n\u00e1tt\u00faruv\u00edsindabraut. framhalds\u00e1fangi \u00ed efnafr\u00e6\u00f0i \u00e1 n\u00e1tt\u00faruv\u00edsindabraut"]}, {"abbreviation": "EA", "topics": ["byrjunar\u00e1fangi \u00ed efnafr\u00e6\u00f0i \u00e1 n\u00e1tt\u00faruv\u00edsindabraut", "efnasamb\u00f6nd og efnaj\u00f6fnur", "uppbygging at\u00f3ma"]}, {"abbreviation": "EM", "topics": ["efnahv\u00f6rf", "m\u00f3lstyrkur og orka"]}, {"abbreviation": "HE", "topics": ["efnaftengi", "hra\u00f0afr\u00e6\u00f0i og efnafr\u00e6\u00f0i lofttegunda"]}, {"abbreviation": "AA", "topics": ["byrjunar\u00e1fangi \u00ed efnafr\u00e6\u00f0i \u00e1 n\u00e1tt\u00farufr\u00e6\u00f0ibraut"]}, {"abbreviation": "XB", "topics": ["efnahv\u00f6rf", "framhalds\u00e1fangi \u00ed efnafr\u00e6\u00f0i"]}, {"abbreviation": "GE", "topics": ["gasl\u00f6gm\u00e1li\u00f0", "hra\u00f0i efnahvarfa", "orka \u00ed efnahv\u00f6rfum"]}, {"abbreviation": "LM", "topics": ["grunnhugt\u00f6k", "lotukerfi\u00f0", "m\u00f3lhugtaki\u00f0"]}, {"abbreviation": "JA", "topics": ["jafnv\u00e6gi", "\u00f3l\u00edfr\u00e6n efnafr\u00e6\u00f0i"]}, {"abbreviation": "EG", "topics": ["gasl\u00f6gm\u00e1li\u00f0", "hra\u00f0i og orka", "jafnv\u00e6gi", "orka \u00ed efnahv\u00f6rfum"]}, {"abbreviation": "LO", "topics": ["byrjunar\u00e1fangi \u00ed efnafr\u00e6\u00f0i \u00e1 n\u00e1tt\u00farufr\u00e6\u00f0ibraut", "efnasamb\u00f6nd og efnaj\u00f6fnur", "lotukerfi\u00f0", "m\u00f3lhugtaki\u00f0"]}, {"abbreviation": "RA", "topics": ["efnahv\u00f6rf", "rafefnafr\u00e6\u00f0i og kjarnaefnafr\u00e6\u00f0i"]}, {"abbreviation": "EE", "topics": ["at\u00f3m", "efnasamb\u00f6nd og efnahv\u00f6rf", "frumefni"]}, {"abbreviation": "FR", "topics": ["framhalds\u00e1fangi \u00ed almennri efnafr\u00e6\u00f0i"]}, {"abbreviation": "ZZ", "topics": ["Jafnv\u00e6gi", "lofttegundir", "oxun og afoxun"]}, {"abbreviation": "VG", "topics": ["efnatengi", "gastegundir", "lotubundnir eiginleikar frumefna", "l\u00f6gun sameinda", "millisameindakraftar", "rafeindaskipan", "varmaefnafr\u00e6\u00f0i"]}, {"abbreviation": "HJ", "topics": ["hra\u00f0afr\u00e6\u00f0i", "jafnv\u00e6gi", "rafnefnafr\u00e6\u00f0i", "varmaefnafr\u00e6\u00f0i"]}, {"abbreviation": "JR", "topics": ["hra\u00f0afr\u00e6\u00f0i", "jafnv\u00e6gi", "l\u00edfefnafr\u00e6\u00f0i", "l\u00edfr\u00e6n efnafr\u00e6\u00f0i", "millisameindakraftar", "rafefnafr\u00e6\u00f0i", "\u00f3rei\u00f0a og fr\u00edorka efnahvarfa"]}, {"abbreviation": "CB", "topics": ["L\u00edfr\u00e6n efnafr\u00e6\u00f0i"]}, {"abbreviation": "DB", "topics": ["L\u00edfefnafr\u00e6\u00f0i"]}, {"abbreviation": "RS", "topics": ["Rafefnafr\u00e6\u00f0i", "s\u00fdrur og basar"]}, {"abbreviation": "BB", "topics": ["Almenn efnafr\u00e6\u00f0i.  Framhald"]}, {"abbreviation": "AQ", "topics": ["Grunnatri\u00f0i efnafr\u00e6\u00f0innar"]}, {"abbreviation": "LT", "topics": ["L\u00f6gun sameinda og tengi"]}, {"abbreviation": "EJ", "topics": ["Efnajafnv\u00e6gi"]}, {"abbreviation": "RE", "topics": ["Almenn efnafr\u00e6\u00f0i", "l\u00edfefnafr\u00e6\u00f0i", "l\u00edfr\u00e6n efnafr\u00e6\u00f0i", "rafefnafr\u00e6\u00f0i"]}, {"abbreviation": "OL", "topics": ["\u00d3l\u00edfr\u00e6n efnafr\u00e6\u00f0i"]}, {"abbreviation": "ME", "topics": ["at\u00f3mi\u00f0", "efnaj\u00f6fnur", "efnatengi", "m\u00f3lreikningar"]}, {"abbreviation": "EL", "topics": ["efnahv\u00f6rf", "flokkun", "l\u00edfr\u00e6n efni", "nafnakerfi"]}], "_id": "50c0a02dd8e40575f7f6f4f3", "subjects": ["efnafr\u00e6\u00f0i"], "counter": {"1": 1, "3": 12, "2": 18, "4": 0}}, "evaluation": "L\u00f6g\u00f0 er \u00e1hersla \u00e1 fj\u00f6lbreytt n\u00e1msmat me\u00f0 lei\u00f0s\u00f6gn. N\u00e1msmati\u00f0 er \u00ed h\u00f6ndum kennara vi\u00f0komandi \u00e1fanga en \u00fearf a\u00f0 fylgja \u00feeim reglum sem kve\u00f0i\u00f0 er \u00e1 um \u00ed sk\u00f3lan\u00e1mskr\u00e1 VMA.", "categorization_suggestion": "AV", "embedded_topics": {"abbreviation": "EL", "topics": ["efnahv\u00f6rf", "flokkun", "l\u00edfr\u00e6n efni", "nafnakerfi"]}, "status": "approved by school", "description": "\u00cd \u00e1fanganum er fari\u00f0 \u00ed grunnatri\u00f0i l\u00edfr\u00e6nnar efnafr\u00e6\u00f0i, \u00fe.e. efnafr\u00e6\u00f0i kolefnis. Fari\u00f0 er yfir e\u00f0lis- og efnaeiginleika, skautun, byggingu, IUPAC-nafnakerfi og helstu flokka l\u00edfr\u00e6nna efna. Einnig er fari\u00f0 yfir tengi l\u00edfr\u00e6nna sameinda, hendni \u00feeirra og helstu efnahv\u00f6rf l\u00edfr\u00e6nna efna. Sko\u00f0u\u00f0 eru mettu\u00f0 og \u00f3mettu\u00f0 kolvetni sem og \u00fdmsar ger\u00f0ir alkana og aromata. Dregi\u00f0 eru upp samhengi helstu flokka s.s. alkoh\u00f3la, aldehyda, ketona, l\u00edfr\u00e6nnna s\u00fdra og s\u00fdruaflei\u00f0a. Kynning \u00e1 nitursamb\u00f6ndum, sykrum, fitu og pr\u00f3teinum. \u00c1hersla er l\u00f6g\u00f0 \u00e1 tengingu vi\u00f0 umhverfi og reynsluheim nemenda me\u00f0 samr\u00e6\u00f0u.", "knowledge_goals": ["l\u00f6gun, tengjum og svigr\u00famabl\u00f6ndun l\u00edfr\u00e6nna sameinda", "\u00e1hrifum skautunar og l\u00f6gunar \u00e1 eiginleika sameinda", "helstu reglum IUPAC-nafnakerfisins", "helstu flokkum l\u00edfr\u00e6nna efna, einkennum \u00feeirra og byggingu", "helstu efnahv\u00f6rfum l\u00edfr\u00e6nna efna", "hendni l\u00edfr\u00e6nna sameinda", "helstu byggingareinkennum og skilgreiningum sykra, l\u00edp\u00ed\u00f0a og pr\u00f3teina"], "skills_goals": ["nota flokkun og nafnakerfi l\u00edfr\u00e6nna efna", "teikna mismunandi \u00edsomerur eins og r\u00fam\u00eds\u00f3merur og byggingar\u00eds\u00f3merur", "rita helstu efnahv\u00f6rf l\u00edfr\u00e6nna efna", "sko\u00f0a svigr\u00famabl\u00f6ndun kolefnis \u00ed mismunandi efnasamb\u00f6ndum", "sko\u00f0a l\u00f6gun sameinda og segja til um skautun \u00feeirra", "teikna byggingaform\u00falur og sko\u00f0a eiginleika fj\u00f6ltengja", "teikna uppbyggingu l\u00edfefna \u00ed flokkunum: pr\u00f3tein, sykrur, l\u00edp\u00ed\u00f0", "mi\u00f0la uppl\u00fdsingum til samnemenda"], "credits": 5, "last_modified": 1424698884.273052, "schools": ["512b49bc62933a682f00048a"], "coauthors": null, "instructions": "", "continued_education": false, "level": 2, "prerequisites": "EFNA2ME05 e\u00f0a samb\u00e6rilegur \u00e1fangi", "author": "0bc9b589-2a42-4690-ac7e-ec65f804a0e6", "abbreviation_version": null, "competence_goals": [["n\u00fdta \u00feekkingu \u00e1 skautun og l\u00f6gun til a\u00f0 sp\u00e1 fyrir um e\u00f0lis- og efnaeiginleika l\u00edfr\u00e6nna efna", ""], ["meta \u00fat fr\u00e1 byggingaform\u00falu e\u00f0a nafni hva\u00f0a flokki l\u00edfr\u00e6nna efna sameindin tilheyrir", ""], ["r\u00f6ksty\u00f0ja \u00fat fr\u00e1 byggingaform\u00falu e\u00f0a nafni efnahv\u00f6rf sameindarinnar", ""], ["tengja saman l\u00edfr\u00e6na efnafr\u00e6\u00f0i og a\u00f0rar n\u00e1tt\u00farufr\u00e6\u00f0igreinar", ""], ["n\u00fdta s\u00e9r fr\u00e6\u00f0ilegan texta og g\u00f6gn \u00e1 markvissan h\u00e1tt", ""], ["\u00fatsk\u00fdra vi\u00f0fangsefni \u00e1fangans", ""], ["taka \u00fe\u00e1tt \u00ed r\u00f6kr\u00e6\u00f0um er l\u00fata a\u00f0 m\u00e1lefnum sem tengjast efnafr\u00e6\u00f0i", ""], ["tengja efnafr\u00e6\u00f0ina vi\u00f0 daglegt l\u00edf og umhverfi og sj\u00e1 notagildi hennar", ""]], "_id": "54eb2e0462933a1936000e59"}, {"exemplary": null, "topics": "efnajafnv\u00e6gi, hvarfhra\u00f0i, orka, oxun, s\u00fdrur", "abbreviation": "EFNA3OH05", "former_schools": null, "subject": "efnafr\u00e6\u00f0i", "title": "\u00d3l\u00edfr\u00e6n efnafr\u00e6\u00f0i", "version": 14, "status_trans": "Sam\u00feykkt af sk\u00f3la", "embedded_subject": {"abbreviation": "EFNA", "topics": [{"abbreviation": "AE", "topics": ["almenn efnafr\u00e6\u00f0i"]}, {"abbreviation": "EF", "topics": ["efnafr\u00e6\u00f0i framhald"]}, {"abbreviation": "LR", "topics": ["l\u00edfr\u00e6n efnafr\u00e6\u00f0i"]}, {"abbreviation": "LE", "topics": ["l\u00edfefnafr\u00e6\u00f0i"]}, {"abbreviation": "DA", "topics": ["framhald", "\u00f3l\u00edfr\u00e6n efnafr\u00e6\u00f0i"]}, {"abbreviation": "DL", "topics": ["framhald \u00ed l\u00edfr\u00e6nni efnafr\u00e6\u00f0i og l\u00edfefnafr\u00e6\u00f0i"]}, {"abbreviation": "CL", "topics": ["l\u00edfr\u00e6n efnafr\u00e6\u00f0i og l\u00edfefnafr\u00e6\u00f0i"]}, {"abbreviation": "FH", "topics": ["almenn efnafr\u00e6\u00f0i", "grunn\u00e1fangi \u00ed efnafr\u00e6\u00f0i fyrir hug- og f\u00e9lagsv\u00edsindadeild"]}, {"abbreviation": "AM", "topics": ["at\u00f3m", "m\u00f3l og efnahv\u00f6rf. byrjunar\u00e1fangi \u00ed efnafr\u00e6\u00f0i \u00e1 n\u00e1tt\u00faruv\u00edsindabraut"]}, {"abbreviation": "EH", "topics": ["2. \u00e1fangi \u00ed efnafr\u00e6\u00f0i \u00e1 n\u00e1tt\u00faruv\u00edsindabraut", "efnatengi", "hra\u00f0i og orka"]}, {"abbreviation": "JL", "topics": ["3. \u00e1fangi \u00ed efnafr\u00e6\u00f0i \u00e1 n\u00e1tt\u00faruv\u00edsindabraut", "jafnv\u00e6gi", "lofttegundir", "oxun og afoxun"]}, {"abbreviation": "L\u00cd", "topics": ["l\u00edfr\u00e6n- og l\u00edfefnafr\u00e6\u00f0i"]}, {"abbreviation": "CA", "topics": ["almenn efnafr\u00e6\u00f0i", "\u00e1framhald"]}, {"abbreviation": "BA", "topics": ["almenn efnafr\u00e6\u00f0i", "framhald"]}, {"abbreviation": "AK", "topics": ["inngagnur a\u00f0 efnafr\u00e6\u00f0i"]}, {"abbreviation": "IE", "topics": ["inngangur a\u00f0 efnafr\u00e6\u00f0i"]}, {"abbreviation": "FE", "topics": ["framhalds\u00e1fangi \u00ed efnafr\u00e6\u00f0i"]}, {"abbreviation": "LV", "topics": ["lokaverkefni"]}, {"abbreviation": "RL", "topics": ["lotubundnir eiginleikar", "rafefnafr\u00e6\u00f0i og kjarnaefnafr\u00e6\u00f0i"]}, {"abbreviation": "KE", "topics": ["a\u00f0sto\u00f0 vi\u00f0 kennslu 1. bekkjar nema \u00e1 n\u00e1tt\u00faruv\u00edsindabraut. framhalds\u00e1fangi \u00ed efnafr\u00e6\u00f0i \u00e1 n\u00e1tt\u00faruv\u00edsindabraut"]}, {"abbreviation": "EA", "topics": ["byrjunar\u00e1fangi \u00ed efnafr\u00e6\u00f0i \u00e1 n\u00e1tt\u00faruv\u00edsindabraut", "efnasamb\u00f6nd og efnaj\u00f6fnur", "uppbygging at\u00f3ma"]}, {"abbreviation": "EM", "topics": ["efnahv\u00f6rf", "m\u00f3lstyrkur og orka"]}, {"abbreviation": "HE", "topics": ["efnaftengi", "hra\u00f0afr\u00e6\u00f0i og efnafr\u00e6\u00f0i lofttegunda"]}, {"abbreviation": "AA", "topics": ["byrjunar\u00e1fangi \u00ed efnafr\u00e6\u00f0i \u00e1 n\u00e1tt\u00farufr\u00e6\u00f0ibraut"]}, {"abbreviation": "XB", "topics": ["efnahv\u00f6rf", "framhalds\u00e1fangi \u00ed efnafr\u00e6\u00f0i"]}, {"abbreviation": "GE", "topics": ["gasl\u00f6gm\u00e1li\u00f0", "hra\u00f0i efnahvarfa", "orka \u00ed efnahv\u00f6rfum"]}, {"abbreviation": "LM", "topics": ["grunnhugt\u00f6k", "lotukerfi\u00f0", "m\u00f3lhugtaki\u00f0"]}, {"abbreviation": "JA", "topics": ["jafnv\u00e6gi", "\u00f3l\u00edfr\u00e6n efnafr\u00e6\u00f0i"]}, {"abbreviation": "EG", "topics": ["gasl\u00f6gm\u00e1li\u00f0", "hra\u00f0i og orka", "jafnv\u00e6gi", "orka \u00ed efnahv\u00f6rfum"]}, {"abbreviation": "LO", "topics": ["byrjunar\u00e1fangi \u00ed efnafr\u00e6\u00f0i \u00e1 n\u00e1tt\u00farufr\u00e6\u00f0ibraut", "efnasamb\u00f6nd og efnaj\u00f6fnur", "lotukerfi\u00f0", "m\u00f3lhugtaki\u00f0"]}, {"abbreviation": "RA", "topics": ["efnahv\u00f6rf", "rafefnafr\u00e6\u00f0i og kjarnaefnafr\u00e6\u00f0i"]}, {"abbreviation": "EE", "topics": ["at\u00f3m", "efnasamb\u00f6nd og efnahv\u00f6rf", "frumefni"]}, {"abbreviation": "FR", "topics": ["framhalds\u00e1fangi \u00ed almennri efnafr\u00e6\u00f0i"]}, {"abbreviation": "ZZ", "topics": ["Jafnv\u00e6gi", "lofttegundir", "oxun og afoxun"]}, {"abbreviation": "VG", "topics": ["efnatengi", "gastegundir", "lotubundnir eiginleikar frumefna", "l\u00f6gun sameinda", "millisameindakraftar", "rafeindaskipan", "varmaefnafr\u00e6\u00f0i"]}, {"abbreviation": "HJ", "topics": ["hra\u00f0afr\u00e6\u00f0i", "jafnv\u00e6gi", "rafnefnafr\u00e6\u00f0i", "varmaefnafr\u00e6\u00f0i"]}, {"abbreviation": "JR", "topics": ["hra\u00f0afr\u00e6\u00f0i", "jafnv\u00e6gi", "l\u00edfefnafr\u00e6\u00f0i", "l\u00edfr\u00e6n efnafr\u00e6\u00f0i", "millisameindakraftar", "rafefnafr\u00e6\u00f0i", "\u00f3rei\u00f0a og fr\u00edorka efnahvarfa"]}, {"abbreviation": "CB", "topics": ["L\u00edfr\u00e6n efnafr\u00e6\u00f0i"]}, {"abbreviation": "DB", "topics": ["L\u00edfefnafr\u00e6\u00f0i"]}, {"abbreviation": "RS", "topics": ["Rafefnafr\u00e6\u00f0i", "s\u00fdrur og basar"]}, {"abbreviation": "BB", "topics": ["Almenn efnafr\u00e6\u00f0i.  Framhald"]}, {"abbreviation": "AQ", "topics": ["Grunnatri\u00f0i efnafr\u00e6\u00f0innar"]}, {"abbreviation": "LT", "topics": ["L\u00f6gun sameinda og tengi"]}, {"abbreviation": "EJ", "topics": ["Efnajafnv\u00e6gi"]}, {"abbreviation": "RE", "topics": ["Almenn efnafr\u00e6\u00f0i", "l\u00edfefnafr\u00e6\u00f0i", "l\u00edfr\u00e6n efnafr\u00e6\u00f0i", "rafefnafr\u00e6\u00f0i"]}, {"abbreviation": "OL", "topics": ["\u00d3l\u00edfr\u00e6n efnafr\u00e6\u00f0i"]}, {"abbreviation": "ME", "topics": ["at\u00f3mi\u00f0", "efnaj\u00f6fnur", "efnatengi", "m\u00f3lreikningar"]}, {"abbreviation": "EL", "topics": ["efnahv\u00f6rf", "flokkun", "l\u00edfr\u00e6n efni", "nafnakerfi"]}, {"abbreviation": "OH", "topics": ["efnajafnv\u00e6gi", "hvarfhra\u00f0i", "orka", "oxun", "s\u00fdrur"]}], "_id": "50c0a02dd8e40575f7f6f4f3", "subjects": ["efnafr\u00e6\u00f0i"], "counter": {"1": 1, "3": 12, "2": 18, "4": 0}}, "evaluation": "L\u00f6g\u00f0 er \u00e1hersla \u00e1 fj\u00f6lbreytt n\u00e1msmat me\u00f0 lei\u00f0s\u00f6gn. N\u00e1msmati\u00f0 er \u00ed h\u00f6ndum kennara vi\u00f0komandi \u00e1fanga en \u00fearf a\u00f0 fylgja \u00feeim reglum sem kve\u00f0i\u00f0 er \u00e1 um \u00ed sk\u00f3lan\u00e1mskr\u00e1 VMA.", "categorization_suggestion": "AV", "embedded_topics": {"abbreviation": "OH", "topics": ["efnajafnv\u00e6gi", "hvarfhra\u00f0i", "orka", "oxun", "s\u00fdrur"]}, "status": "approved by school", "description": "\u00d3l\u00edfr\u00e6n efnafr\u00e6\u00f0i me\u00f0 \u00e1herslu \u00e1 magnbundna reikninga og orkubreytingar \u00ed efnahv\u00f6rfum. Hugt\u00f6kin fr\u00edorkubreyting, \u00f3rei\u00f0a og sj\u00e1lfgengi sko\u00f0u\u00f0. Hvarfhra\u00f0i efnahvarfa og \u00e1hrifa\u00fe\u00e6ttir hvarfhra\u00f0a sko\u00f0a\u00f0ir. Hra\u00f0ajafnan notu\u00f0 til \u00fatreikninga \u00e1 hra\u00f0fasta, einnig er \u00e1rekstrarkenningin og jafna Arrheniusar notu\u00f0 til a\u00f0 reikna virkjunarorku. Fari\u00f0 \u00ed efnajafnv\u00e6gi, jafnv\u00e6gisefnahv\u00f6rf, jafnv\u00e6gisfasta og jafnv\u00e6gisl\u00edkinguna. S\u00fdrur og basar, b\u00e6\u00f0i rammar og daufar  sem og \u00fatreikningar \u00e1 pH me\u00f0 hj\u00e1lp klofningsfasta framkv\u00e6mdir. Oxunar- og afoxunarhv\u00f6rf, spennur\u00f6\u00f0 og oxunart\u00f6lur nota\u00f0ar til a\u00f0 \u00e1kvar\u00f0a oxara og afoxara \u00ed efnahv\u00f6rfum. Talsver\u00f0 \u00e1hersla \u00e1 \u00fatreikninga, gagnr\u00fdna hugsun og sj\u00e1lfst\u00e6\u00f0 vinnubr\u00f6g\u00f0.", "knowledge_goals": ["orku \u00ed efnahv\u00f6rfum, sj\u00e1lfgengni og fr\u00edorkubreytingu", "hra\u00f0afr\u00e6\u00f0i efnahvarfa og hvarfhra\u00f0a.", "jafnv\u00e6gi \u00ed efnahv\u00f6rfum", "efnafr\u00e6\u00f0i s\u00fdra og basa og jafnv\u00e6gi hj\u00e1 daufum s\u00fdrum og b\u00f6sum", "oxun og afoxun, oxunart\u00f6lum og spennur\u00f6\u00f0 m\u00e1lma."], "skills_goals": ["beita orkuhugt\u00f6kum og reikna \u00fat orkubreytingar \u00ed tengslum vi\u00f0 efnahv\u00f6rf", "reikna me\u00f0alhra\u00f0a og upphafshra\u00f0a efnahvarfa", "nota j\u00f6fnu Arrheniusar til a\u00f0 bera saman hra\u00f0a efnahvarfa vi\u00f0 mismunandi hitastig", "nota j\u00f6fnu Arrheniusar til a\u00f0 reikna virkjunarorku (Ea)", "nota jafnv\u00e6gisfasta og styrk efna til a\u00f0 reikna st\u00f6\u00f0u jafnv\u00e6gis", "beita \u00fatreikningum er tengjast s\u00fdrum og b\u00f6sum til a\u00f0 finna styrk, jafnv\u00e6gispunkt og pH", "nota reglur um oxunart\u00f6lur til a\u00f0 finna oxara og afoxara", "nota afoxunarspennut\u00f6flur til a\u00f0 finna \u00fat hvort l\u00edklegt s\u00e9 a\u00f0 efnahvarf ver\u00f0i"], "credits": 5, "last_modified": 1424699405.517657, "schools": ["512b49bc62933a682f00048a"], "coauthors": null, "instructions": "", "continued_education": false, "level": 3, "prerequisites": "Hafa loki\u00f0 a.m.k. 5 einingum \u00ed st\u00e6r\u00f0fr\u00e6\u00f0i \u00e1 2. \u00ferepi og EFNA2ME05 e\u00f0a samb\u00e6rilegum \u00e1fanga", "author": "0bc9b589-2a42-4690-ac7e-ec65f804a0e6", "abbreviation_version": null, "competence_goals": [["tengja saman efnafr\u00e6\u00f0i og a\u00f0rar n\u00e1tt\u00farufr\u00e6\u00f0igreinar", ""], ["s\u00fdna sj\u00e1lfst\u00e6\u00f0i \u00ed vinnubr\u00f6g\u00f0um", ""], ["leggja r\u00f6kstutt mat \u00e1 \u00e1rei\u00f0anleika ni\u00f0ursta\u00f0na", ""], ["taka \u00fe\u00e1tt \u00ed r\u00f6kr\u00e6\u00f0um er l\u00fata a\u00f0 m\u00e1lefnum sem tengjast efnafr\u00e6\u00f0i", ""], ["tengja efnafr\u00e6\u00f0i vi\u00f0 daglegt l\u00edf og umhverfi", ""], ["\u00fatsk\u00fdra \u00fatreikninga og leysa fl\u00f3knari verkefni", ""]], "_id": "54eb300d62933a1936000e72"}], "title": "Efnafr\u00e6\u00f0i"}, {"courses": [{"exemplary": null, "topics": "atvinnul\u00edf, menning, samf\u00e9lag, stj\u00f3rnm\u00e1l", "abbreviation": "F\u00c9LA1MS05(AV)", "former_schools": null, "subject": "f\u00e9lagsfr\u00e6\u00f0i", "title": "Inngangur a\u00f0 f\u00e9lagsfr\u00e6\u00f0i", "version": 7, "status_trans": "Sam\u00feykkt af sk\u00f3la", "embedded_subject": {"abbreviation": "F\u00c9LA", "topics": [{"abbreviation": "AK", "topics": ["almenn kynning"]}, {"abbreviation": "KS", "topics": ["kenningar", "sam\u00e9lag"]}, {"abbreviation": "AL", "topics": ["af almenn f\u00e9lagsfr\u00e6\u00f0i"]}, {"abbreviation": "MA", "topics": ["mannfr\u00e6\u00f0i"]}, {"abbreviation": "KR", "topics": ["kenningar og ranns\u00f3knara\u00f0fer\u00f0ir"]}, {"abbreviation": "KY", "topics": ["kynjafr\u00e6\u00f0i"]}, {"abbreviation": "SK", "topics": ["kenningar", "samf\u00e9lag"]}, {"abbreviation": "ST", "topics": ["stj\u00f3rnm\u00e1lafr\u00e6\u00f0i"]}, {"abbreviation": "MV", "topics": ["mentor", "vin\u00e1tta"]}, {"abbreviation": "AB", "topics": ["afbrotafr\u00e6\u00f0i"]}, {"abbreviation": "H\u00de", "topics": ["hnattv\u00e6\u00f0ing og \u00fer\u00f3unarl\u00f6nd"]}, {"abbreviation": "BY", "topics": ["byrjunar\u00e1fangi \u00ed f\u00e9lagsfr\u00e6\u00f0i"]}, {"abbreviation": "KE", "topics": ["kenningar \u00ed f\u00e9lagsfr\u00e6\u00f0i"]}, {"abbreviation": "HJ", "topics": ["hj\u00e1lparstarf"]}, {"abbreviation": "BR", "topics": ["brautry\u00f0jendur og kenningar"]}, {"abbreviation": "AF", "topics": ["almenn f\u00e9lagsfr\u00e6\u00f0i"]}, {"abbreviation": "BK", "topics": ["brautry\u00f0jendur og helstu vi\u00f0fangsefni"]}, {"abbreviation": "KV", "topics": ["kvikmyndir \u00ed lj\u00f3si f\u00e9lagsfr\u00e6\u00f0i"]}, {"abbreviation": "HE", "topics": ["heilsuf\u00e9lagsfr\u00e6\u00f0i"]}, {"abbreviation": "AT", "topics": ["t\u00edskustraumar", "t\u00f3nlist"]}, {"abbreviation": "TT", "topics": ["al\u00fe\u00fd\u00f0ut\u00f3nlist", "t\u00edskustraumar"]}, {"abbreviation": "SS", "topics": ["almennur yfirlits\u00e1fangi", "inngangur a\u00f0 f\u00e9lagsfr\u00e6\u00f0i"]}, {"abbreviation": "\u00deR", "topics": ["\u00fer\u00f3unarl\u00f6nd"]}, {"abbreviation": "A\u00d0", "topics": ["a\u00f0fer\u00f0afr\u00e6\u00f0i"]}, {"abbreviation": "FS", "topics": ["fj\u00f6lskyldan.", "f\u00e9lagsfr\u00e6\u00f0in", "f\u00e9lagsm\u00f3tun", "samf\u00e9lagi\u00f0"]}, {"abbreviation": "KK", "topics": ["kenningar og ranns\u00f3knara\u00f0fer\u00f0ir", "kynjafr\u00e6\u00f0i"]}, {"abbreviation": "KF", "topics": ["Kenningar", "samf\u00e9lag"]}, {"abbreviation": "BA", "topics": ["Inngangur a\u00f0 afbrotafr\u00e6\u00f0i"]}, {"abbreviation": "AA", "topics": ["Almenn f\u00e9lagsfr\u00e6\u00f0i"]}, {"abbreviation": "FJ", "topics": ["Fj\u00f6lmi\u00f0lar \u00ed lj\u00f3si f\u00e9lagsfr\u00e6\u00f0innar"]}, {"abbreviation": "CH", "topics": ["Heilsuf\u00e9lagsfr\u00e6\u00f0i"]}, {"abbreviation": "BB", "topics": ["Brautry\u00f0jendur og helstu vi\u00f0fangsefni"]}, {"abbreviation": "F\u00d6", "topics": ["F\u00f6tlun og samf\u00e9lag"]}, {"abbreviation": "AH", "topics": ["Afbrotafr\u00e6\u00f0i og fr\u00e1viksheg\u00f0un"]}, {"abbreviation": "KA", "topics": ["Kenningar og a\u00f0fer\u00f0afr\u00e6\u00f0i"]}, {"abbreviation": "FF", "topics": ["F\u00e9lags- og fj\u00f6lmi\u00f0lafr\u00e6\u00f0i"]}, {"abbreviation": "FK", "topics": ["Ford\u00e6ming", "fe\u00f0raveldi", "kat\u00f3lska"]}, {"abbreviation": "SM", "topics": ["Saga", "mannr\u00e9ttindi", "samf\u00e9lag"]}, {"abbreviation": "SF", "topics": ["fj\u00f6lmi\u00f0lafr\u00e6\u00f0i"]}, {"abbreviation": "FV", "topics": ["fe\u00f0raveldi", "kirkjan", "refsingar"]}, {"abbreviation": "BS", "topics": ["Stj\u00f3rnm\u00e1lafr\u00e6\u00f0i"]}, {"abbreviation": "CS", "topics": ["Al\u00fej\u00f3\u00f0astj\u00f3rnm\u00e1l"]}, {"abbreviation": "CA", "topics": ["Mannfr\u00e6\u00f0i"]}, {"abbreviation": "CM", "topics": ["Mannfr\u00e6\u00f0i."]}, {"abbreviation": "IS", "topics": ["Inngangur og samf\u00e9lag"]}, {"abbreviation": "CF", "topics": ["f\u00e9lagsfr\u00e6\u00f0iranns\u00f3kn"]}, {"abbreviation": "SH", "topics": ["Saga og sj\u00f3narhorn"]}, {"abbreviation": "BE", "topics": ["Heilsuf\u00e9lagsfr\u00e6\u00f0i."]}, {"abbreviation": "C\u00de", "topics": ["F\u00e9lagsfr\u00e6\u00f0i \u00fer\u00f3unarlanda"]}, {"abbreviation": "MS", "topics": ["atvinnul\u00edf", "menning", "samf\u00e9lag", "stj\u00f3rnm\u00e1l"]}, {"abbreviation": "FA", "topics": ["a\u00f0fer\u00f0afr\u00e6\u00f0i", "frumkv\u00f6\u00f0lar", "f\u00e9lagsleg lagskipting", "kenningar"]}, {"abbreviation": "AR", "topics": ["a\u00f0fer\u00f0afr\u00e6\u00f0i ranns\u00f3kna \u00ed f\u00e9lagsfr\u00e6\u00f0i"]}, {"abbreviation": "SE", "topics": ["Evr\u00f3pusamstarf", "stj\u00f3rnm\u00e1lastefnur", "vald og l\u00fd\u00f0r\u00e6\u00f0i", "\u00edslensk stj\u00f3rnm\u00e1l"]}, {"abbreviation": "KJ", "topics": ["Kynja\u2013 og jafnr\u00e9ttisfr\u00e6\u00f0sla", "samf\u00e9lagsr\u00fdni"]}, {"abbreviation": "ML", "topics": ["upphaf og \u00fer\u00f3un l\u00fd\u00f0r\u00e6\u00f0is- og mannr\u00e9ttindahugmynda"]}, {"abbreviation": "S\u00de", "topics": ["efnahagur", "misskipting au\u00f0s", "stj\u00f3rnm\u00e1l \u00fer\u00f3unarlanda", "\u00fer\u00f3unarsamvinna"]}, {"abbreviation": "\u00deM", "topics": ["f\u00e9lagsleg mannfr\u00e6\u00f0i", "samf\u00e9l\u00f6g manna", "\u00fer\u00f3unarsaga mannsins"]}], "_id": "50c0a02dd8e40575f7f6f49e", "subjects": ["f\u00e9lagsfr\u00e6\u00f0i"], "counter": {"1": 5, "3": 28, "2": 32, "4": 0}}, "evaluation": "L\u00f6g\u00f0 er \u00e1hersla \u00e1 fj\u00f6lbreytt n\u00e1msmat me\u00f0 lei\u00f0s\u00f6gn. N\u00e1msmati\u00f0 er \u00ed h\u00f6ndum kennara vi\u00f0komandi \u00e1fanga en \u00fearf a\u00f0 fylgja \u00feeim reglum sem kve\u00f0i\u00f0 er \u00e1 um \u00ed sk\u00f3lan\u00e1mskr\u00e1 VMA.", "categorization_suggestion": "AV", "embedded_topics": {"abbreviation": "MS", "topics": ["atvinnul\u00edf", "menning", "samf\u00e9lag", "stj\u00f3rnm\u00e1l"]}, "status": "approved by school", "description": "Fjalla\u00f0 er um sj\u00f3narhorn, helstu hugt\u00f6k og vinnua\u00f0fer\u00f0ir greinarinnar. Sko\u00f0u\u00f0 eru \u00e1hrif samf\u00e9lagsins \u00e1 a\u00f0st\u00e6\u00f0ur, hugsun og heg\u00f0un einstaklinga og hvernig \u00feeir geta haft \u00e1hrif \u00e1 umhverfi sitt. Fjalla\u00f0 er um \u00fer\u00f3un mannlegra samf\u00e9laga, hnattv\u00e6\u00f0ingu og st\u00f6\u00f0u \u00cdslands me\u00f0al \u00fej\u00f3\u00f0a heims og \u00e1hrif i\u00f0nv\u00e6\u00f0ingar \u00e1 \u00edslenskt samf\u00e9lag. Fjalla\u00f0 er um stj\u00f3rnskipan \u00edslensks samf\u00e9lags og \u00e1hersla l\u00f6g\u00f0 \u00e1 atvinnul\u00edf og stj\u00f3rnm\u00e1l. L\u00f6g\u00f0 er \u00e1hersla \u00e1 a\u00f0 nemandinn ver\u00f0i f\u00e6r um a\u00f0 taka \u00fe\u00e1tt \u00ed samf\u00e9lagslegum umr\u00e6\u00f0um, lesa fr\u00e6\u00f0ilega texta um vi\u00f0fangsefni \u00e1fangans og mynda s\u00e9r sko\u00f0anir \u00e1 grunni \u00feekkingar og umbur\u00f0arlyndis gagnvart menningu, tr\u00fa og sko\u00f0unum annarra. ", "knowledge_goals": ["algengustu hugt\u00f6kum f\u00e9lagsv\u00edsinda", "m\u00f3tunar\u00f6flum einstaklinga", "margbreytileika samf\u00e9laga og \u00fer\u00f3unars\u00f6gu \u00feeirra", "\u00e1hrifum i\u00f0nv\u00e6\u00f0ingar \u00e1 \u00edslenskt samf\u00e9lag", "skipulagi \u00edslensks samf\u00e9lags og Stj\u00f3rnarskr\u00e1 \u00edslenska l\u00fd\u00f0veldisins", "r\u00e9ttindum og skyldum einstaklingsins gagnvart samf\u00e9laginu", "hnattv\u00e6\u00f0ingu", "st\u00f6\u00f0u \u00cdslands me\u00f0al \u00fej\u00f3\u00f0a heims", "h\u00f6gum fj\u00f6lskyldunnar"], "skills_goals": ["lesa f\u00e9lagsfr\u00e6\u00f0ilega texta", "nota f\u00e9lagsfr\u00e6\u00f0ileg hugt\u00f6k til a\u00f0 greina og bera saman a\u00f0st\u00e6\u00f0ur f\u00f3lks \u00ed mismunandi samf\u00e9l\u00f6gum og \u00e1 mismunandi t\u00edmum", "\u00edhuga og r\u00e6\u00f0a eigin hugmyndir og ford\u00f3ma", "fjalla \u00e1 gagnr\u00fdninn h\u00e1tt um samf\u00e9lagsleg m\u00e1lefni l\u00ed\u00f0andi stundar \u00ed r\u00e6\u00f0u og riti"], "credits": 5, "last_modified": 1428920113.614429, "schools": ["512b49bc62933a682f00048a"], "coauthors": null, "instructions": "", "continued_education": false, "level": 1, "prerequisites": "engar", "author": "0bc9b589-2a42-4690-ac7e-ec65f804a0e6", "abbreviation_version": null, "competence_goals": [["meta uppl\u00fdsingar og m\u00f3ta s\u00e9r sko\u00f0anir \u00e1 samf\u00e9lagsm\u00e1lum \u00e1 uppl\u00fdstan, gagnr\u00fdninn og umbur\u00f0arlyndan h\u00e1tt", ""], ["taka \u00fe\u00e1tt \u00ed samr\u00e6\u00f0um um samf\u00e9lagsm\u00e1l \u00e1 vitr\u00e6nan h\u00e1tt", ""], ["r\u00e6\u00f0a um samf\u00e9lagsm\u00e1l af \u00feekkingu og v\u00ed\u00f0s\u00fdni", ""], ["deila \u00feekkingu sinni me\u00f0 \u00f6\u00f0rum", ""]], "_id": "552b973162933a4692006bdd"}, {"exemplary": null, "topics": "a\u00f0fer\u00f0afr\u00e6\u00f0i, frumkv\u00f6\u00f0lar, f\u00e9lagsleg lagskipting, kenningar", "abbreviation": "F\u00c9LA2FA05(AV)", "former_schools": null, "subject": "f\u00e9lagsfr\u00e6\u00f0i", "title": "Kenningar og a\u00f0fer\u00f0afr\u00e6\u00f0i", "version": 35, "status_trans": "Sam\u00feykkt af sk\u00f3la", "embedded_subject": {"abbreviation": "F\u00c9LA", "topics": [{"abbreviation": "AK", "topics": ["almenn kynning"]}, {"abbreviation": "KS", "topics": ["kenningar", "sam\u00e9lag"]}, {"abbreviation": "AL", "topics": ["af almenn f\u00e9lagsfr\u00e6\u00f0i"]}, {"abbreviation": "MA", "topics": ["mannfr\u00e6\u00f0i"]}, {"abbreviation": "KR", "topics": ["kenningar og ranns\u00f3knara\u00f0fer\u00f0ir"]}, {"abbreviation": "KY", "topics": ["kynjafr\u00e6\u00f0i"]}, {"abbreviation": "SK", "topics": ["kenningar", "samf\u00e9lag"]}, {"abbreviation": "ST", "topics": ["stj\u00f3rnm\u00e1lafr\u00e6\u00f0i"]}, {"abbreviation": "MV", "topics": ["mentor", "vin\u00e1tta"]}, {"abbreviation": "AB", "topics": ["afbrotafr\u00e6\u00f0i"]}, {"abbreviation": "H\u00de", "topics": ["hnattv\u00e6\u00f0ing og \u00fer\u00f3unarl\u00f6nd"]}, {"abbreviation": "BY", "topics": ["byrjunar\u00e1fangi \u00ed f\u00e9lagsfr\u00e6\u00f0i"]}, {"abbreviation": "KE", "topics": ["kenningar \u00ed f\u00e9lagsfr\u00e6\u00f0i"]}, {"abbreviation": "HJ", "topics": ["hj\u00e1lparstarf"]}, {"abbreviation": "BR", "topics": ["brautry\u00f0jendur og kenningar"]}, {"abbreviation": "AF", "topics": ["almenn f\u00e9lagsfr\u00e6\u00f0i"]}, {"abbreviation": "BK", "topics": ["brautry\u00f0jendur og helstu vi\u00f0fangsefni"]}, {"abbreviation": "KV", "topics": ["kvikmyndir \u00ed lj\u00f3si f\u00e9lagsfr\u00e6\u00f0i"]}, {"abbreviation": "HE", "topics": ["heilsuf\u00e9lagsfr\u00e6\u00f0i"]}, {"abbreviation": "AT", "topics": ["t\u00edskustraumar", "t\u00f3nlist"]}, {"abbreviation": "TT", "topics": ["al\u00fe\u00fd\u00f0ut\u00f3nlist", "t\u00edskustraumar"]}, {"abbreviation": "SS", "topics": ["almennur yfirlits\u00e1fangi", "inngangur a\u00f0 f\u00e9lagsfr\u00e6\u00f0i"]}, {"abbreviation": "\u00deR", "topics": ["\u00fer\u00f3unarl\u00f6nd"]}, {"abbreviation": "A\u00d0", "topics": ["a\u00f0fer\u00f0afr\u00e6\u00f0i"]}, {"abbreviation": "FS", "topics": ["fj\u00f6lskyldan.", "f\u00e9lagsfr\u00e6\u00f0in", "f\u00e9lagsm\u00f3tun", "samf\u00e9lagi\u00f0"]}, {"abbreviation": "KK", "topics": ["kenningar og ranns\u00f3knara\u00f0fer\u00f0ir", "kynjafr\u00e6\u00f0i"]}, {"abbreviation": "KF", "topics": ["Kenningar", "samf\u00e9lag"]}, {"abbreviation": "BA", "topics": ["Inngangur a\u00f0 afbrotafr\u00e6\u00f0i"]}, {"abbreviation": "AA", "topics": ["Almenn f\u00e9lagsfr\u00e6\u00f0i"]}, {"abbreviation": "FJ", "topics": ["Fj\u00f6lmi\u00f0lar \u00ed lj\u00f3si f\u00e9lagsfr\u00e6\u00f0innar"]}, {"abbreviation": "CH", "topics": ["Heilsuf\u00e9lagsfr\u00e6\u00f0i"]}, {"abbreviation": "BB", "topics": ["Brautry\u00f0jendur og helstu vi\u00f0fangsefni"]}, {"abbreviation": "F\u00d6", "topics": ["F\u00f6tlun og samf\u00e9lag"]}, {"abbreviation": "AH", "topics": ["Afbrotafr\u00e6\u00f0i og fr\u00e1viksheg\u00f0un"]}, {"abbreviation": "KA", "topics": ["Kenningar og a\u00f0fer\u00f0afr\u00e6\u00f0i"]}, {"abbreviation": "FF", "topics": ["F\u00e9lags- og fj\u00f6lmi\u00f0lafr\u00e6\u00f0i"]}, {"abbreviation": "FK", "topics": ["Ford\u00e6ming", "fe\u00f0raveldi", "kat\u00f3lska"]}, {"abbreviation": "SM", "topics": ["Saga", "mannr\u00e9ttindi", "samf\u00e9lag"]}, {"abbreviation": "SF", "topics": ["fj\u00f6lmi\u00f0lafr\u00e6\u00f0i"]}, {"abbreviation": "FV", "topics": ["fe\u00f0raveldi", "kirkjan", "refsingar"]}, {"abbreviation": "BS", "topics": ["Stj\u00f3rnm\u00e1lafr\u00e6\u00f0i"]}, {"abbreviation": "CS", "topics": ["Al\u00fej\u00f3\u00f0astj\u00f3rnm\u00e1l"]}, {"abbreviation": "CA", "topics": ["Mannfr\u00e6\u00f0i"]}, {"abbreviation": "CM", "topics": ["Mannfr\u00e6\u00f0i."]}, {"abbreviation": "IS", "topics": ["Inngangur og samf\u00e9lag"]}, {"abbreviation": "CF", "topics": ["f\u00e9lagsfr\u00e6\u00f0iranns\u00f3kn"]}, {"abbreviation": "SH", "topics": ["Saga og sj\u00f3narhorn"]}, {"abbreviation": "BE", "topics": ["Heilsuf\u00e9lagsfr\u00e6\u00f0i."]}, {"abbreviation": "C\u00de", "topics": ["F\u00e9lagsfr\u00e6\u00f0i \u00fer\u00f3unarlanda"]}, {"abbreviation": "MS", "topics": ["atvinnul\u00edf", "menning", "samf\u00e9lag", "stj\u00f3rnm\u00e1l"]}, {"abbreviation": "FA", "topics": ["a\u00f0fer\u00f0afr\u00e6\u00f0i", "frumkv\u00f6\u00f0lar", "f\u00e9lagsleg lagskipting", "kenningar"]}, {"abbreviation": "AR", "topics": ["a\u00f0fer\u00f0afr\u00e6\u00f0i ranns\u00f3kna \u00ed f\u00e9lagsfr\u00e6\u00f0i"]}, {"abbreviation": "SE", "topics": ["Evr\u00f3pusamstarf", "stj\u00f3rnm\u00e1lastefnur", "vald og l\u00fd\u00f0r\u00e6\u00f0i", "\u00edslensk stj\u00f3rnm\u00e1l"]}, {"abbreviation": "KJ", "topics": ["Kynja\u2013 og jafnr\u00e9ttisfr\u00e6\u00f0sla", "samf\u00e9lagsr\u00fdni"]}, {"abbreviation": "ML", "topics": ["upphaf og \u00fer\u00f3un l\u00fd\u00f0r\u00e6\u00f0is- og mannr\u00e9ttindahugmynda"]}, {"abbreviation": "S\u00de", "topics": ["efnahagur", "misskipting au\u00f0s", "stj\u00f3rnm\u00e1l \u00fer\u00f3unarlanda", "\u00fer\u00f3unarsamvinna"]}, {"abbreviation": "\u00deM", "topics": ["f\u00e9lagsleg mannfr\u00e6\u00f0i", "samf\u00e9l\u00f6g manna", "\u00fer\u00f3unarsaga mannsins"]}], "_id": "50c0a02dd8e40575f7f6f49e", "subjects": ["f\u00e9lagsfr\u00e6\u00f0i"], "counter": {"1": 5, "3": 28, "2": 32, "4": 0}}, "evaluation": "L\u00f6g\u00f0 er \u00e1hersla \u00e1 fj\u00f6lbreytt n\u00e1msmat me\u00f0 lei\u00f0s\u00f6gn. N\u00e1msmati\u00f0 er \u00ed h\u00f6ndum kennara vi\u00f0komandi \u00e1fanga en \u00fearf a\u00f0 fylgja \u00feeim reglum sem kve\u00f0i\u00f0 er \u00e1 um \u00ed sk\u00f3lan\u00e1mskr\u00e1 VMA.", "categorization_suggestion": "AV", "embedded_topics": {"abbreviation": "FA", "topics": ["a\u00f0fer\u00f0afr\u00e6\u00f0i", "frumkv\u00f6\u00f0lar", "f\u00e9lagsleg lagskipting", "kenningar"]}, "status": "approved by school", "description": "\u00cd \u00e1fanganum er fjalla\u00f0 um nokkra helstu frumkv\u00f6\u00f0la f\u00e9lagsfr\u00e6\u00f0innar, helstu kenningar \u00ed f\u00e9lagsfr\u00e6\u00f0i og samf\u00e9lagi\u00f0 sko\u00f0a\u00f0 \u00ed lj\u00f3si \u00feeirra. Einnig er fjalla\u00f0 um mannleg samskipti, fr\u00e1vik og afbrot, f\u00e9lagslega lagskiptingu, kynhlutverk o.fl. \u00c1hersla er l\u00f6g\u00f0 \u00e1 a\u00f0 nemandinn \u00f6\u00f0list d\u00fdpri skilning \u00e1 hugt\u00f6kum en \u00e1\u00f0ur, setji \u00feau \u00ed fr\u00e6\u00f0ilegt samhengi og tengi vi\u00f0 umhverfi og reynsluheim sinn. Nemandinn er \u00fej\u00e1lfa\u00f0ur \u00ed a\u00f0 beita f\u00e9lagsfr\u00e6\u00f0ilegu inns\u00e6i vi\u00f0 t\u00falkun \u00e1 samf\u00e9lagslegum m\u00e1lefnum, sj\u00e1lfst\u00e6\u00f0um og \u00f6gu\u00f0um vinnubr\u00f6g\u00f0um. ", "knowledge_goals": ["frumkv\u00f6\u00f0lum f\u00e9lagsfr\u00e6\u00f0innar og helstu kenningum \u00feeirrra", "ranns\u00f3knara\u00f0fer\u00f0um \u00ed f\u00e9lagsfr\u00e6\u00f0i", "f\u00e9lagslegri lagskiptingu, fr\u00e1vikum, kynhlutverkum, sj\u00e1lfsmynd o.fl.", "t\u00e1knr\u00e6num samskiptum", "\u00e1hrifum fj\u00f6lmi\u00f0la"], "skills_goals": ["beita f\u00e9lagsfr\u00e6\u00f0ikenningum til a\u00f0 sko\u00f0a samf\u00e9lagsleg m\u00e1lefni", "beita f\u00e9lagsfr\u00e6\u00f0ilegu inns\u00e6i", "nota a\u00f0fer\u00f0ir f\u00e9lagsfr\u00e6\u00f0innar", "fjalla um og bera saman kenningar f\u00e9lagsfr\u00e6\u00f0innar"], "credits": 5, "last_modified": 1428920172.325506, "schools": ["512b49bc62933a682f00048a"], "coauthors": null, "instructions": "", "continued_education": false, "level": 2, "prerequisites": "F\u00c9LA1MS05 e\u00f0a samb\u00e6rilegur \u00e1fangi", "author": "0bc9b589-2a42-4690-ac7e-ec65f804a0e6", "abbreviation_version": null, "competence_goals": [["tj\u00e1 sig \u00e1 gagnr\u00fdninn h\u00e1tt um \u00fdmis samf\u00e9lagsleg m\u00e1lefni", ""], ["taka \u00fe\u00e1tt \u00ed umr\u00e6\u00f0um og mynda s\u00e9r sko\u00f0anir sem byggja \u00e1 gagnr\u00fdninni hugsun", ""], ["afla uppl\u00fdsinga, greina helstu atri\u00f0i \u00feeirra og hagn\u00fdta", ""], ["framkv\u00e6ma einfalda ranns\u00f3kn og \u00e1tta sig \u00e1 helstu ni\u00f0urst\u00f6\u00f0um", ""], ["taka \u00e1byrg\u00f0 \u00e1 n\u00e1mi s\u00ednu og vinna \u00ed samvinnu vi\u00f0 a\u00f0ra", ""], ["hagn\u00fdta Neti\u00f0 til a\u00f0 afla s\u00e9r uppl\u00fdsinga", ""]], "_id": "552b976c62933a4692006be1"}, {"exemplary": null, "topics": "upphaf og \u00fer\u00f3un l\u00fd\u00f0r\u00e6\u00f0is- og mannr\u00e9ttindahugmynda", "abbreviation": "F\u00c9LA3ML05", "former_schools": null, "subject": "f\u00e9lagsfr\u00e6\u00f0i", "title": "Mannr\u00e9ttindi og l\u00fd\u00f0r\u00e6\u00f0i", "version": 21, "status_trans": "Sam\u00feykkt af sk\u00f3la", "embedded_subject": {"abbreviation": "F\u00c9LA", "topics": [{"abbreviation": "AK", "topics": ["almenn kynning"]}, {"abbreviation": "KS", "topics": ["kenningar", "sam\u00e9lag"]}, {"abbreviation": "AL", "topics": ["af almenn f\u00e9lagsfr\u00e6\u00f0i"]}, {"abbreviation": "MA", "topics": ["mannfr\u00e6\u00f0i"]}, {"abbreviation": "KR", "topics": ["kenningar og ranns\u00f3knara\u00f0fer\u00f0ir"]}, {"abbreviation": "KY", "topics": ["kynjafr\u00e6\u00f0i"]}, {"abbreviation": "SK", "topics": ["kenningar", "samf\u00e9lag"]}, {"abbreviation": "ST", "topics": ["stj\u00f3rnm\u00e1lafr\u00e6\u00f0i"]}, {"abbreviation": "MV", "topics": ["mentor", "vin\u00e1tta"]}, {"abbreviation": "AB", "topics": ["afbrotafr\u00e6\u00f0i"]}, {"abbreviation": "H\u00de", "topics": ["hnattv\u00e6\u00f0ing og \u00fer\u00f3unarl\u00f6nd"]}, {"abbreviation": "BY", "topics": ["byrjunar\u00e1fangi \u00ed f\u00e9lagsfr\u00e6\u00f0i"]}, {"abbreviation": "KE", "topics": ["kenningar \u00ed f\u00e9lagsfr\u00e6\u00f0i"]}, {"abbreviation": "HJ", "topics": ["hj\u00e1lparstarf"]}, {"abbreviation": "BR", "topics": ["brautry\u00f0jendur og kenningar"]}, {"abbreviation": "AF", "topics": ["almenn f\u00e9lagsfr\u00e6\u00f0i"]}, {"abbreviation": "BK", "topics": ["brautry\u00f0jendur og helstu vi\u00f0fangsefni"]}, {"abbreviation": "KV", "topics": ["kvikmyndir \u00ed lj\u00f3si f\u00e9lagsfr\u00e6\u00f0i"]}, {"abbreviation": "HE", "topics": ["heilsuf\u00e9lagsfr\u00e6\u00f0i"]}, {"abbreviation": "AT", "topics": ["t\u00edskustraumar", "t\u00f3nlist"]}, {"abbreviation": "TT", "topics": ["al\u00fe\u00fd\u00f0ut\u00f3nlist", "t\u00edskustraumar"]}, {"abbreviation": "SS", "topics": ["almennur yfirlits\u00e1fangi", "inngangur a\u00f0 f\u00e9lagsfr\u00e6\u00f0i"]}, {"abbreviation": "\u00deR", "topics": ["\u00fer\u00f3unarl\u00f6nd"]}, {"abbreviation": "A\u00d0", "topics": ["a\u00f0fer\u00f0afr\u00e6\u00f0i"]}, {"abbreviation": "FS", "topics": ["fj\u00f6lskyldan.", "f\u00e9lagsfr\u00e6\u00f0in", "f\u00e9lagsm\u00f3tun", "samf\u00e9lagi\u00f0"]}, {"abbreviation": "KK", "topics": ["kenningar og ranns\u00f3knara\u00f0fer\u00f0ir", "kynjafr\u00e6\u00f0i"]}, {"abbreviation": "KF", "topics": ["Kenningar", "samf\u00e9lag"]}, {"abbreviation": "BA", "topics": ["Inngangur a\u00f0 afbrotafr\u00e6\u00f0i"]}, {"abbreviation": "AA", "topics": ["Almenn f\u00e9lagsfr\u00e6\u00f0i"]}, {"abbreviation": "FJ", "topics": ["Fj\u00f6lmi\u00f0lar \u00ed lj\u00f3si f\u00e9lagsfr\u00e6\u00f0innar"]}, {"abbreviation": "CH", "topics": ["Heilsuf\u00e9lagsfr\u00e6\u00f0i"]}, {"abbreviation": "BB", "topics": ["Brautry\u00f0jendur og helstu vi\u00f0fangsefni"]}, {"abbreviation": "F\u00d6", "topics": ["F\u00f6tlun og samf\u00e9lag"]}, {"abbreviation": "AH", "topics": ["Afbrotafr\u00e6\u00f0i og fr\u00e1viksheg\u00f0un"]}, {"abbreviation": "KA", "topics": ["Kenningar og a\u00f0fer\u00f0afr\u00e6\u00f0i"]}, {"abbreviation": "FF", "topics": ["F\u00e9lags- og fj\u00f6lmi\u00f0lafr\u00e6\u00f0i"]}, {"abbreviation": "FK", "topics": ["Ford\u00e6ming", "fe\u00f0raveldi", "kat\u00f3lska"]}, {"abbreviation": "SM", "topics": ["Saga", "mannr\u00e9ttindi", "samf\u00e9lag"]}, {"abbreviation": "SF", "topics": ["fj\u00f6lmi\u00f0lafr\u00e6\u00f0i"]}, {"abbreviation": "FV", "topics": ["fe\u00f0raveldi", "kirkjan", "refsingar"]}, {"abbreviation": "BS", "topics": ["Stj\u00f3rnm\u00e1lafr\u00e6\u00f0i"]}, {"abbreviation": "CS", "topics": ["Al\u00fej\u00f3\u00f0astj\u00f3rnm\u00e1l"]}, {"abbreviation": "CA", "topics": ["Mannfr\u00e6\u00f0i"]}, {"abbreviation": "CM", "topics": ["Mannfr\u00e6\u00f0i."]}, {"abbreviation": "IS", "topics": ["Inngangur og samf\u00e9lag"]}, {"abbreviation": "CF", "topics": ["f\u00e9lagsfr\u00e6\u00f0iranns\u00f3kn"]}, {"abbreviation": "SH", "topics": ["Saga og sj\u00f3narhorn"]}, {"abbreviation": "BE", "topics": ["Heilsuf\u00e9lagsfr\u00e6\u00f0i."]}, {"abbreviation": "C\u00de", "topics": ["F\u00e9lagsfr\u00e6\u00f0i \u00fer\u00f3unarlanda"]}, {"abbreviation": "MS", "topics": ["atvinnul\u00edf", "menning", "samf\u00e9lag", "stj\u00f3rnm\u00e1l"]}, {"abbreviation": "FA", "topics": ["a\u00f0fer\u00f0afr\u00e6\u00f0i", "frumkv\u00f6\u00f0lar", "f\u00e9lagsleg lagskipting", "kenningar"]}, {"abbreviation": "AR", "topics": ["a\u00f0fer\u00f0afr\u00e6\u00f0i ranns\u00f3kna \u00ed f\u00e9lagsfr\u00e6\u00f0i"]}, {"abbreviation": "SE", "topics": ["Evr\u00f3pusamstarf", "stj\u00f3rnm\u00e1lastefnur", "vald og l\u00fd\u00f0r\u00e6\u00f0i", "\u00edslensk stj\u00f3rnm\u00e1l"]}, {"abbreviation": "KJ", "topics": ["Kynja\u2013 og jafnr\u00e9ttisfr\u00e6\u00f0sla", "samf\u00e9lagsr\u00fdni"]}, {"abbreviation": "ML", "topics": ["upphaf og \u00fer\u00f3un l\u00fd\u00f0r\u00e6\u00f0is- og mannr\u00e9ttindahugmynda"]}], "_id": "50c0a02dd8e40575f7f6f49e", "subjects": ["f\u00e9lagsfr\u00e6\u00f0i"], "counter": {"1": 5, "3": 19, "2": 23, "4": 0}}, "evaluation": "L\u00f6g\u00f0 er \u00e1hersla \u00e1 fj\u00f6lbreytt n\u00e1msmat me\u00f0 lei\u00f0s\u00f6gn. N\u00e1msmati\u00f0 er \u00ed h\u00f6ndum kennara vi\u00f0komandi \u00e1fanga en \u00fearf a\u00f0 fylgja \u00feeim reglum sem kve\u00f0i\u00f0 er \u00e1 um \u00ed sk\u00f3lan\u00e1mskr\u00e1 VMA.", "categorization_suggestion": "AV", "embedded_topics": {"abbreviation": "ML", "topics": ["upphaf og \u00fer\u00f3un l\u00fd\u00f0r\u00e6\u00f0is- og mannr\u00e9ttindahugmynda"]}, "status": "approved by school", "description": "Fjalla\u00f0 er um mannr\u00e9ttindi og l\u00fd\u00f0r\u00e6\u00f0i a\u00f0 fornu og n\u00fdju. Sagan er rakin \u00ed gr\u00f3fum dr\u00e1ttum fr\u00e1 klass\u00edskri forn\u00f6ld til n\u00fat\u00edmans me\u00f0 \u00e1herslu \u00e1 mannr\u00e9ttindabar\u00e1ttu s\u00ed\u00f0ustu alda.  Mannnr\u00e9ttindabar\u00e1tta 20. aldar ver\u00f0ur k\u00f6nnu\u00f0 s\u00e9rstaklega og m\u00e1 \u00fear nefna stofnun Sameinu\u00f0u \u00fej\u00f3\u00f0anna og sam\u00feykkt mannr\u00e9ttindayfirl\u00fdsingarinnar. \u00de\u00e1 ver\u00f0a mannr\u00e9ttindi sem birtast m.a. \u00ed stj\u00f3rnarskr\u00e1 \u00cdslands sko\u00f0u\u00f0 m.t.t. umr\u00e6\u00f0u \u00ed n\u00fat\u00edmanum um mannr\u00e9ttindi og meint brot \u00e1 \u00feeim gagnvart \u00fdmsum h\u00f3pum og einstaklingum \u00e1 \u00cdslandi. Ger\u00f0 ver\u00f0ur grein fyrir al\u00fej\u00f3\u00f0legum mannr\u00e9ttindasamningum og s\u00e1ttm\u00e1lum sem \u00cdsland \u00e1 a\u00f0ild a\u00f0 og lj\u00f3si varpa\u00f0 \u00e1 or\u00f0r\u00e6\u00f0u n\u00fat\u00edmans um mannr\u00e9ttindi og skort \u00e1 \u00feeim b\u00e6\u00f0i h\u00e9r \u00e1 landi og v\u00edtt og breitt um heiminn. \u00c1hersla \u00e1 a\u00f0 tengja n\u00e1msefni\u00f0 reynsluheimi nemanda, auka v\u00ed\u00f0s\u00fdni hans og r\u00f6khugsun og sj\u00e1lfst\u00e6\u00f0 og \u00f6gu\u00f0 vinnubr\u00f6g\u00f0. Nemandinn \u00fej\u00e1lfast \u00ed heimildavinnu- og r\u00fdni af \u00fdmsu tagi. ", "knowledge_goals": ["grundvallarhugt\u00f6kum eins og n\u00e1tt\u00farur\u00e9tti, borgarar\u00e9tti, l\u00fd\u00f0r\u00e6\u00f0i, \u00feegnskyldu og samf\u00e9lagsvitund", "upphafi og \u00fer\u00f3un l\u00fd\u00f0r\u00e6\u00f0is- og mannr\u00e9ttindahugmynda me\u00f0al forn\u00fej\u00f3\u00f0a", "tengslum mannr\u00e9ttinda n\u00fat\u00edmans vi\u00f0 hugmyndir uppl\u00fdsingaaldar", "helstu manr\u00e9ttindafr\u00f6mu\u00f0um s\u00ed\u00f0ustu \u00e1ratuga, bar\u00e1ttu \u00feeirra og \u00e1hrifum", "helstu mannr\u00e9ttindas\u00e1ttm\u00e1lum sem \u00cdsland \u00e1 a\u00f0ild a\u00f0", "or\u00f0r\u00e6\u00f0u samt\u00edmans um mannr\u00e9ttindi og l\u00fd\u00f0r\u00e6\u00f0i v\u00edtt og breitt um heiminn"], "skills_goals": ["lesa fr\u00e6\u00f0ilega texta \u00e1 \u00edslensku og ensku um efni \u00e1fangans", "nota veraldarvefinn og b\u00f3kasafn til a\u00f0 afla s\u00e9r d\u00fdpri fr\u00e6\u00f0ilegrar \u00feekkingar \u00e1 \u00fdmsum efnis\u00fe\u00e1ttum \u00e1fangans", "r\u00e6\u00f0a og rita um l\u00fd\u00f0r\u00e6\u00f0is- og mannr\u00e9ttindam\u00e1l af v\u00ed\u00f0s\u00fdni og kunn\u00e1ttu", "beita sj\u00e1lfst\u00e6\u00f0um vinnubr\u00f6g\u00f0um vi\u00f0 \u00f6flun heimilda og \u00farvinnslu \u00feeirra", "mi\u00f0la \u00feekkingu sinni um efni \u00e1fangans til annrarra me\u00f0 fj\u00f6lbreyttum h\u00e6tti"], "credits": 5, "last_modified": 1425036322.022668, "schools": ["512b49bc62933a682f00048a"], "coauthors": null, "instructions": "", "continued_education": false, "level": 3, "prerequisites": "A\u00f0 hafa loki\u00f0 10 einingum \u00ed samf\u00e9lagsgreinum e\u00f0a samb\u00e6rilegum greinum", "author": "0bc9b589-2a42-4690-ac7e-ec65f804a0e6", "abbreviation_version": null, "competence_goals": [["vera virkur og \u00e1byrgur borgari \u00ed l\u00fd\u00f0r\u00e6\u00f0islegu samf\u00e9lagi", ""], ["taka \u00fe\u00e1tt \u00ed r\u00f6kr\u00e6\u00f0um og sko\u00f0anaskiptum vi\u00f0 a\u00f0ra um samf\u00e9lagsleg m\u00e1lefni af ford\u00f3maleysi og v\u00ed\u00f0s\u00fdni", ""], ["skilja betur samf\u00e9lag sitt og geta sett sig \u00ed spor annarra sem b\u00faa vi\u00f0 lakari kj\u00f6r", ""], ["s\u00fdna \u00feroska\u00f0a si\u00f0fer\u00f0isvitund og vir\u00f0ingu \u00ed samskiptum vi\u00f0 a\u00f0ra og gagnvart samf\u00e9laginu", ""], ["beita gagnr\u00fdninni hugsun \u00e1 samf\u00e9lagsleg \u00e1litaefni", ""]], "_id": "54f0542262933a1936001ad9"}], "title": "F\u00e9lagsfr\u00e6\u00f0i"}, {"courses": [{"exemplary": null, "topics": "kap\u00edtalismi \u00ed kreppu og str\u00ed\u00f0i, sj\u00e1lfst\u00e6\u00f0isbar\u00e1ttan \u00e1 \u00cdslandi", "abbreviation": "SAGA2S\u00cd05(AV)", "former_schools": null, "subject": "saga", "title": "Mannkynssaga fr\u00e1 fr\u00f6nsku byltingunni til samt\u00edmans", "version": 44, "status_trans": "Sam\u00feykkt af sk\u00f3la", "embedded_subject": {"abbreviation": "SAGA", "topics": [{"abbreviation": "AK", "topics": ["almenn kynning"]}, {"abbreviation": "MS", "topics": ["mannkynssaga"]}, {"abbreviation": "MH", "topics": ["menningarsaga"]}, {"abbreviation": "ST", "topics": ["samt\u00edmasaga"]}, {"abbreviation": "LS", "topics": ["listasaga"]}, {"abbreviation": "MU", "topics": ["\u00fe\u00e6ttir \u00far mannkynss\u00f6gu fr\u00e1 upphafi mannsins til n\u00fdaldar"]}, {"abbreviation": "RS", "topics": ["rokksaga"]}, {"abbreviation": "MN", "topics": ["19. \u2013 21. aldar", "einkum mannskynss\u00f6gu", "valdir \u00fe\u00e6ttir \u00far s\u00f6gu"]}, {"abbreviation": "\u00c1S", "topics": ["\u00e1takasv\u00e6\u00f0i \u00ed heiminum"]}, {"abbreviation": "\u00cdS", "topics": ["\u00edsland og umheimurinn fr\u00e1 l\u00fd\u00f0veldisstofnun til l\u00ed\u00f0andi stundar."]}, {"abbreviation": "KA", "topics": ["land", "r\u00edki: k\u00edna og su\u00f0austur-as\u00eda", "sv\u00e6\u00f0i"]}, {"abbreviation": "\u00cdM", "topics": ["\u00edslands- og mannkynssaga"]}, {"abbreviation": "\u00deV", "topics": ["\u00fej\u00f3\u00f0armor\u00f0 og vo\u00f0averk \u00e1 20.-21. \u00f6ld"]}, {"abbreviation": "\u00cdL", "topics": ["\u00edslandssaga"]}, {"abbreviation": "SS", "topics": ["str\u00ed\u00f0ssaga"]}, {"abbreviation": "ME", "topics": ["menningar", "saga"]}, {"abbreviation": "FR", "topics": ["fr\u00e1 upphafi til byltinga"]}, {"abbreviation": "OL", "topics": ["20. \u00f6ldin"]}, {"abbreviation": "SA", "topics": ["saga og kvikmyndir"]}, {"abbreviation": "D\u00c6", "topics": ["saga d\u00e6gurmenningar \u00e1 \u00edslandi \u00e1 20. \u00f6ld"]}, {"abbreviation": "AA", "topics": ["\u00edslands- og mannkynssaga \u00e1 20. og 21. \u00f6ld"]}, {"abbreviation": "FO", "topics": ["fornaldarsaga"]}, {"abbreviation": "MI", "topics": ["mi\u00f0aldasaga"]}, {"abbreviation": "N\u00dd", "topics": ["saga n\u00fdaldar"]}, {"abbreviation": "HE", "topics": ["heimssaga"]}, {"abbreviation": "MF", "topics": ["mannskynssaga til 1800"]}, {"abbreviation": "AU", "topics": ["saga austurlands"]}, {"abbreviation": "\u00c1N", "topics": ["mannkynssaga fr\u00e1 1750 til n\u00fat\u00edmans"]}, {"abbreviation": "TU", "topics": ["tuttugasta \u00f6ldin"]}, {"abbreviation": "\u00deJ", "topics": ["al\u00fe\u00fd\u00f0umenning", "hversdagsl\u00edf", "\u00fej\u00f3\u00f0fr\u00e6\u00f0i"]}, {"abbreviation": "ML", "topics": ["19. \u00f6ld fram yfir mi\u00f0ja 20. \u00f6ld", "menningar- og listasaga"]}, {"abbreviation": "\u00cd\u00de", "topics": ["f\u00e9lagasamt\u00f6k", "\u00ed\u00fer\u00f3ttasaga"]}, {"abbreviation": "LI", "topics": ["menningar- og listasaga", "mi\u00f0aldir fram yfir mi\u00f0ja 19. \u00f6ld"]}, {"abbreviation": "SL", "topics": ["samt\u00edmalistir \u00ed s\u00f6gulegu samhengi"]}, {"abbreviation": "LM", "topics": ["Menning og listir"]}, {"abbreviation": "VE", "topics": ["Verkefna\u00e1fangi"]}, {"abbreviation": "MK", "topics": ["Saga"]}, {"abbreviation": "SK", "topics": ["Saga kynningar\u00e1fangi"]}, {"abbreviation": "CB", "topics": ["Saga Bandar\u00edkjanna."]}, {"abbreviation": "\u00cdH", "topics": ["fr\u00e1 1900 til dagsins \u00ed dag", "\u00edslensk h\u00f6nnunarsaga"]}, {"abbreviation": "M\u00de", "topics": ["", "fj\u00f6lmi\u00f0lar og saga", "greinandi saga", "saga sem hluti samt\u00edmans"]}, {"abbreviation": "R\u00d3", "topics": ["R\u00f3marveldi"]}, {"abbreviation": "MB", "topics": ["Mannr\u00e9ttindabar\u00e1tta \u00ed Bandar\u00edkjunum"]}, {"abbreviation": "FS", "topics": ["saga fjarl\u00e6gra sl\u00f3\u00f0a"]}, {"abbreviation": "NS", "topics": ["\u00cdslands- og mannkynssaga fr\u00e1 mi\u00f0ri 18. \u00f6ld til vorra daga"]}, {"abbreviation": "S\u00de", "topics": ["Saga - \u00dej\u00f3\u00f0armor\u00f0"]}, {"abbreviation": "V\u00cd", "topics": ["\u00cdslands- og mannkynssaga"]}, {"abbreviation": "II", "topics": ["\u00cdslands- og mannkynssaga II"]}, {"abbreviation": "UK", "topics": ["Mannkynssaga fr\u00e1 Uppl\u00fdsingu til Kalda str\u00ed\u00f0s"]}, {"abbreviation": "FG", "topics": ["Forn - gr\u00edsk saga og heimspeki"]}, {"abbreviation": "YS", "topics": ["Yfirlitssaga", "\u00cdslands- og mannkynssaga"]}, {"abbreviation": "KS", "topics": ["Kalda str\u00ed\u00f0i\u00f0"]}, {"abbreviation": "MM", "topics": ["Menningarsaga"]}, {"abbreviation": "KV", "topics": ["Sagan \u00ed kvikmyndum"]}, {"abbreviation": "GL", "topics": ["Saga gar\u00f0listar \u00ed heiminum"]}, {"abbreviation": "GS", "topics": ["Saga gar\u00f0yrkju \u00e1 \u00cdslandi og \u00ed heiminum"]}, {"abbreviation": "LH", "topics": ["Listir og h\u00f6nnun"]}, {"abbreviation": "SR", "topics": ["Saga og menning R\u00f3marborgar"]}, {"abbreviation": "MA", "topics": ["Saga 20. og 21. aldar"]}, {"abbreviation": "M\u00cd", "topics": ["19.-20.\u00f6ldin - valdir \u00fe\u00e6ttir \u00far mannkynss\u00f6gu og \u00cdslandss\u00f6gu"]}, {"abbreviation": "BY", "topics": ["Byltingar"]}, {"abbreviation": "SB", "topics": ["Saga: Byltingar"]}, {"abbreviation": "HS", "topics": ["Hugmyndasaga"]}, {"abbreviation": "KM", "topics": ["Kvikmyndasaga"]}, {"abbreviation": "CL", "topics": ["Saga l\u00e6kninga og sj\u00fakd\u00f3ma 1"]}, {"abbreviation": "BV", "topics": ["Heimssaga  Austur-As\u00eda"]}, {"abbreviation": "BF", "topics": ["Fornaldarsaga"]}, {"abbreviation": "BA", "topics": ["Heimsaga. Afr\u00edka"]}, {"abbreviation": "BE", "topics": ["Saga Evr\u00f3pu fr\u00e1 endurreisn til byltinga"]}, {"abbreviation": "CC", "topics": ["Sagnfr\u00e6\u00f0i og ritger\u00f0asm\u00ed\u00f0"]}, {"abbreviation": "CU", "topics": ["Utangar\u00f0ssaga"]}, {"abbreviation": "CR", "topics": ["Rokksaga"]}, {"abbreviation": "C\u00de", "topics": ["Fr\u00e1 \u00fej\u00f3\u00f0hverfu til \u00fej\u00f3\u00f0armor\u00f0a."]}, {"abbreviation": "FM", "topics": ["forn\u00f6ld", "mi\u00f0\u00f6ld"]}, {"abbreviation": "\u00deM", "topics": ["\u00der\u00f3un menningar og samf\u00e9laga"]}, {"abbreviation": "OI", "topics": ["\u00cdslands og mannkynssaga I"]}, {"abbreviation": "\u00deS", "topics": ["\u00de\u00e6ttir \u00far s\u00f6gu 20. aldar"]}, {"abbreviation": "BM", "topics": ["Mi\u00f0aldasaga."]}, {"abbreviation": "CG", "topics": ["Menningarsaga R\u00f3m\u00f6nsku Amer\u00edku"]}, {"abbreviation": "CN", "topics": ["Heimstyrj\u00f6ldin og helf\u00f6rin"]}, {"abbreviation": "CP", "topics": ["Kalda str\u00ed\u00f0i\u00f0."]}, {"abbreviation": "TS", "topics": ["Tr\u00faarbrag\u00f0asaga"]}, {"abbreviation": "NM", "topics": ["fundur \u00cdslands", "hrun R\u00f3maveldis", "menning fornaldar", "n\u00fd\u00f6ld"]}, {"abbreviation": "S\u00cd", "topics": ["kap\u00edtalismi \u00ed kreppu og str\u00ed\u00f0i", "sj\u00e1lfst\u00e6\u00f0isbar\u00e1ttan \u00e1 \u00cdslandi"]}, {"abbreviation": "EM", "topics": ["kristin menning", "menning fornaldar", "\u00fer\u00f3un evr\u00f3pskar menningar"]}, {"abbreviation": "MT", "topics": ["heimurinn \u00e1 21. \u00f6ld", "kalda str\u00ed\u00f0i\u00f0", "millistr\u00ed\u00f0s\u00e1rin", "n\u00fdlendustefnan"]}, {"abbreviation": "AM", "topics": ["al\u00fej\u00f3\u00f0legt samhengi", "kynjahlutverk og \u00edslam", "r\u00edki Mi\u00f0austurlanda"]}, {"abbreviation": "UT", "topics": ["e\u00f0li og \u00fer\u00f3un tr\u00faarbrag\u00f0a", "tr\u00faarl\u00edf \u00e1 \u00cdslandi", "uppruni"]}, {"abbreviation": "FB", "topics": ["Mannkynssaga fyrir framhaldssk\u00f3labraut"]}, {"abbreviation": "UN", "topics": ["M\u00f3tun n\u00fat\u00edmasamf\u00e9lags"]}, {"abbreviation": "\u00cdU", "topics": ["\u00cdsland og umheimurinn fr\u00e1 l\u00fd\u00f0veldisstofnun til l\u00ed\u00f0andi stundar"]}], "_id": "50c0a02dd8e40575f7f6f47a", "subjects": ["saga"], "counter": {"1": 15, "3": 27, "2": 40, "4": 0}}, "evaluation": "L\u00f6g\u00f0 er \u00e1hersla \u00e1 fj\u00f6lbreytt n\u00e1msmat me\u00f0 lei\u00f0s\u00f6gn. N\u00e1msmati\u00f0 er \u00ed h\u00f6ndum kennara vi\u00f0komandi \u00e1fanga en \u00fearf a\u00f0 fylgja \u00feeim reglum sem kve\u00f0i\u00f0 er \u00e1 um \u00ed sk\u00f3lan\u00e1mskr\u00e1 VMA. ", "categorization_suggestion": "AV", "embedded_topics": {"abbreviation": "S\u00cd", "topics": ["kap\u00edtalismi \u00ed kreppu og str\u00ed\u00f0i", "sj\u00e1lfst\u00e6\u00f0isbar\u00e1ttan \u00e1 \u00cdslandi"]}, "status": "approved by school", "description": "\u00deessi \u00e1fangi spannar \u00fea\u00f0 skei\u00f0 sem kennt er vi\u00f0 n\u00fat\u00edma, fr\u00e1 fr\u00f6nsku byltingunni til l\u00ed\u00f0andi stundar. \u00deetta eru t\u00edmar t\u00e6knibreytinga, hugsj\u00f3na og hagsmuna sem hafa leitt til kjarab\u00f3ta, velmegunar og menningarauka en einnig st\u00f3rstyrjalda og h\u00f6rmunga \u00e1 20. \u00f6ld. \u00cd \u00e1fanganum ver\u00f0a teknir til umfj\u00f6llunar nokkrir valdir efnisflokkar, t.d. hversdagsl\u00edf og hugmyndastefnur \u00e1 19. \u00f6ld, tilraunir manna til a\u00f0 breyta heiminum og l\u00edfsskilyr\u00f0um s\u00ednum til hins betra. \u00c1hersla \u00e1 a\u00f0 tengja n\u00e1msefni\u00f0 reynsluheimi nemanda og auka v\u00ed\u00f0s\u00fdni hans.  ", "knowledge_goals": ["t\u00edmabilaskiptingu menningars\u00f6gunnar fr\u00e1 upphafi til n\u00fat\u00edmans", "helstu hugt\u00f6kum og pers\u00f3num sem tengjast \u00feeim vi\u00f0fangsefnum sem fjalla\u00f0 ver\u00f0ur um \u00ed \u00e1fanganum", "tegundum heimilda og helstu vinnubr\u00f6g\u00f0um vi\u00f0 heimildaleit og heimildanotkun", "samhengi s\u00f6gunnar og hvernig fort\u00ed\u00f0in birtist okkur og lifir \u00ed n\u00fat\u00ed\u00f0inni"], "skills_goals": ["vinna me\u00f0 heimildir", "tj\u00e1 sig um vi\u00f0fangsefni menningars\u00f6gunnar", "vinna jafnt sj\u00e1lfst\u00e6tt og me\u00f0 \u00f6\u00f0rum a\u00f0 vi\u00f0fangsefnum", "nota \u00f3l\u00edk mi\u00f0lunarform til a\u00f0 koma \u00feekkingu sinni \u00e1 framf\u00e6ri"], "credits": 5, "last_modified": 1428920410.753632, "schools": ["512b49bc62933a682f00048a"], "coauthors": null, "instructions": "", "continued_education": false, "level": 2, "prerequisites": "SAGA1NM05 e\u00f0a samb\u00e6rilegur \u00e1fangi", "author": "0bc9b589-2a42-4690-ac7e-ec65f804a0e6", "abbreviation_version": null, "competence_goals": [["meta s\u00f6guleg fyrirb\u00e6ri \u00fat fr\u00e1 forsendum hvers t\u00edma og sj\u00e1 tengsl \u00feeirra vi\u00f0 n\u00fat\u00edmann", ""], ["tj\u00e1 sig um menningars\u00f6guleg \u00e1litam\u00e1l", ""], ["deila \u00feekkingu sinni me\u00f0 \u00f6\u00f0rum", ""], ["s\u00fdna frumkv\u00e6\u00f0i og skapandi hugsun", ""], ["beita gagnr\u00fdninni hugsun \u00e1 vi\u00f0fangsefni s\u00f6gunnar", ""]], "_id": "552b985a62933a4692006bf0"}, {"exemplary": null, "topics": "fundur \u00cdslands, hrun R\u00f3maveldis, menning fornaldar, n\u00fd\u00f6ld", "abbreviation": "SAGA1NM05(AV)", "former_schools": null, "subject": "saga", "title": "Mannkynssaga til 1800", "version": 16, "status_trans": "Sam\u00feykkt af sk\u00f3la", "embedded_subject": {"abbreviation": "SAGA", "topics": [{"abbreviation": "AK", "topics": ["almenn kynning"]}, {"abbreviation": "MS", "topics": ["mannkynssaga"]}, {"abbreviation": "MH", "topics": ["menningarsaga"]}, {"abbreviation": "ST", "topics": ["samt\u00edmasaga"]}, {"abbreviation": "LS", "topics": ["listasaga"]}, {"abbreviation": "MU", "topics": ["\u00fe\u00e6ttir \u00far mannkynss\u00f6gu fr\u00e1 upphafi mannsins til n\u00fdaldar"]}, {"abbreviation": "RS", "topics": ["rokksaga"]}, {"abbreviation": "MN", "topics": ["19. \u2013 21. aldar", "einkum mannskynss\u00f6gu", "valdir \u00fe\u00e6ttir \u00far s\u00f6gu"]}, {"abbreviation": "\u00c1S", "topics": ["\u00e1takasv\u00e6\u00f0i \u00ed heiminum"]}, {"abbreviation": "\u00cdS", "topics": ["\u00edsland og umheimurinn fr\u00e1 l\u00fd\u00f0veldisstofnun til l\u00ed\u00f0andi stundar."]}, {"abbreviation": "KA", "topics": ["land", "r\u00edki: k\u00edna og su\u00f0austur-as\u00eda", "sv\u00e6\u00f0i"]}, {"abbreviation": "\u00cdM", "topics": ["\u00edslands- og mannkynssaga"]}, {"abbreviation": "\u00deV", "topics": ["\u00fej\u00f3\u00f0armor\u00f0 og vo\u00f0averk \u00e1 20.-21. \u00f6ld"]}, {"abbreviation": "\u00cdL", "topics": ["\u00edslandssaga"]}, {"abbreviation": "SS", "topics": ["str\u00ed\u00f0ssaga"]}, {"abbreviation": "ME", "topics": ["menningar", "saga"]}, {"abbreviation": "FR", "topics": ["fr\u00e1 upphafi til byltinga"]}, {"abbreviation": "OL", "topics": ["20. \u00f6ldin"]}, {"abbreviation": "SA", "topics": ["saga og kvikmyndir"]}, {"abbreviation": "D\u00c6", "topics": ["saga d\u00e6gurmenningar \u00e1 \u00edslandi \u00e1 20. \u00f6ld"]}, {"abbreviation": "AA", "topics": ["\u00edslands- og mannkynssaga \u00e1 20. og 21. \u00f6ld"]}, {"abbreviation": "FO", "topics": ["fornaldarsaga"]}, {"abbreviation": "MI", "topics": ["mi\u00f0aldasaga"]}, {"abbreviation": "N\u00dd", "topics": ["saga n\u00fdaldar"]}, {"abbreviation": "HE", "topics": ["heimssaga"]}, {"abbreviation": "MF", "topics": ["mannskynssaga til 1800"]}, {"abbreviation": "AU", "topics": ["saga austurlands"]}, {"abbreviation": "\u00c1N", "topics": ["mannkynssaga fr\u00e1 1750 til n\u00fat\u00edmans"]}, {"abbreviation": "TU", "topics": ["tuttugasta \u00f6ldin"]}, {"abbreviation": "\u00deJ", "topics": ["al\u00fe\u00fd\u00f0umenning", "hversdagsl\u00edf", "\u00fej\u00f3\u00f0fr\u00e6\u00f0i"]}, {"abbreviation": "ML", "topics": ["19. \u00f6ld fram yfir mi\u00f0ja 20. \u00f6ld", "menningar- og listasaga"]}, {"abbreviation": "\u00cd\u00de", "topics": ["f\u00e9lagasamt\u00f6k", "\u00ed\u00fer\u00f3ttasaga"]}, {"abbreviation": "LI", "topics": ["menningar- og listasaga", "mi\u00f0aldir fram yfir mi\u00f0ja 19. \u00f6ld"]}, {"abbreviation": "SL", "topics": ["samt\u00edmalistir \u00ed s\u00f6gulegu samhengi"]}, {"abbreviation": "LM", "topics": ["Menning og listir"]}, {"abbreviation": "VE", "topics": ["Verkefna\u00e1fangi"]}, {"abbreviation": "MK", "topics": ["Saga"]}, {"abbreviation": "SK", "topics": ["Saga kynningar\u00e1fangi"]}, {"abbreviation": "CB", "topics": ["Saga Bandar\u00edkjanna."]}, {"abbreviation": "\u00cdH", "topics": ["fr\u00e1 1900 til dagsins \u00ed dag", "\u00edslensk h\u00f6nnunarsaga"]}, {"abbreviation": "M\u00de", "topics": ["", "fj\u00f6lmi\u00f0lar og saga", "greinandi saga", "saga sem hluti samt\u00edmans"]}, {"abbreviation": "R\u00d3", "topics": ["R\u00f3marveldi"]}, {"abbreviation": "MB", "topics": ["Mannr\u00e9ttindabar\u00e1tta \u00ed Bandar\u00edkjunum"]}, {"abbreviation": "FS", "topics": ["saga fjarl\u00e6gra sl\u00f3\u00f0a"]}, {"abbreviation": "NS", "topics": ["\u00cdslands- og mannkynssaga fr\u00e1 mi\u00f0ri 18. \u00f6ld til vorra daga"]}, {"abbreviation": "S\u00de", "topics": ["Saga - \u00dej\u00f3\u00f0armor\u00f0"]}, {"abbreviation": "V\u00cd", "topics": ["\u00cdslands- og mannkynssaga"]}, {"abbreviation": "II", "topics": ["\u00cdslands- og mannkynssaga II"]}, {"abbreviation": "UK", "topics": ["Mannkynssaga fr\u00e1 Uppl\u00fdsingu til Kalda str\u00ed\u00f0s"]}, {"abbreviation": "FG", "topics": ["Forn - gr\u00edsk saga og heimspeki"]}, {"abbreviation": "YS", "topics": ["Yfirlitssaga", "\u00cdslands- og mannkynssaga"]}, {"abbreviation": "KS", "topics": ["Kalda str\u00ed\u00f0i\u00f0"]}, {"abbreviation": "MM", "topics": ["Menningarsaga"]}, {"abbreviation": "KV", "topics": ["Sagan \u00ed kvikmyndum"]}, {"abbreviation": "GL", "topics": ["Saga gar\u00f0listar \u00ed heiminum"]}, {"abbreviation": "GS", "topics": ["Saga gar\u00f0yrkju \u00e1 \u00cdslandi og \u00ed heiminum"]}, {"abbreviation": "LH", "topics": ["Listir og h\u00f6nnun"]}, {"abbreviation": "SR", "topics": ["Saga og menning R\u00f3marborgar"]}, {"abbreviation": "MA", "topics": ["Saga 20. og 21. aldar"]}, {"abbreviation": "M\u00cd", "topics": ["19.-20.\u00f6ldin - valdir \u00fe\u00e6ttir \u00far mannkynss\u00f6gu og \u00cdslandss\u00f6gu"]}, {"abbreviation": "BY", "topics": ["Byltingar"]}, {"abbreviation": "SB", "topics": ["Saga: Byltingar"]}, {"abbreviation": "HS", "topics": ["Hugmyndasaga"]}, {"abbreviation": "KM", "topics": ["Kvikmyndasaga"]}, {"abbreviation": "CL", "topics": ["Saga l\u00e6kninga og sj\u00fakd\u00f3ma 1"]}, {"abbreviation": "BV", "topics": ["Heimssaga  Austur-As\u00eda"]}, {"abbreviation": "BF", "topics": ["Fornaldarsaga"]}, {"abbreviation": "BA", "topics": ["Heimsaga. Afr\u00edka"]}, {"abbreviation": "BE", "topics": ["Saga Evr\u00f3pu fr\u00e1 endurreisn til byltinga"]}, {"abbreviation": "CC", "topics": ["Sagnfr\u00e6\u00f0i og ritger\u00f0asm\u00ed\u00f0"]}, {"abbreviation": "CU", "topics": ["Utangar\u00f0ssaga"]}, {"abbreviation": "CR", "topics": ["Rokksaga"]}, {"abbreviation": "C\u00de", "topics": ["Fr\u00e1 \u00fej\u00f3\u00f0hverfu til \u00fej\u00f3\u00f0armor\u00f0a."]}, {"abbreviation": "FM", "topics": ["forn\u00f6ld", "mi\u00f0\u00f6ld"]}, {"abbreviation": "\u00deM", "topics": ["\u00der\u00f3un menningar og samf\u00e9laga"]}, {"abbreviation": "OI", "topics": ["\u00cdslands og mannkynssaga I"]}, {"abbreviation": "\u00deS", "topics": ["\u00de\u00e6ttir \u00far s\u00f6gu 20. aldar"]}, {"abbreviation": "BM", "topics": ["Mi\u00f0aldasaga."]}, {"abbreviation": "CG", "topics": ["Menningarsaga R\u00f3m\u00f6nsku Amer\u00edku"]}, {"abbreviation": "CN", "topics": ["Heimstyrj\u00f6ldin og helf\u00f6rin"]}, {"abbreviation": "CP", "topics": ["Kalda str\u00ed\u00f0i\u00f0."]}, {"abbreviation": "TS", "topics": ["Tr\u00faarbrag\u00f0asaga"]}, {"abbreviation": "NM", "topics": ["fundur \u00cdslands", "hrun R\u00f3maveldis", "menning fornaldar", "n\u00fd\u00f6ld"]}, {"abbreviation": "S\u00cd", "topics": ["kap\u00edtalismi \u00ed kreppu og str\u00ed\u00f0i", "sj\u00e1lfst\u00e6\u00f0isbar\u00e1ttan \u00e1 \u00cdslandi"]}, {"abbreviation": "EM", "topics": ["kristin menning", "menning fornaldar", "\u00fer\u00f3un evr\u00f3pskar menningar"]}, {"abbreviation": "MT", "topics": ["heimurinn \u00e1 21. \u00f6ld", "kalda str\u00ed\u00f0i\u00f0", "millistr\u00ed\u00f0s\u00e1rin", "n\u00fdlendustefnan"]}, {"abbreviation": "AM", "topics": ["al\u00fej\u00f3\u00f0legt samhengi", "kynjahlutverk og \u00edslam", "r\u00edki Mi\u00f0austurlanda"]}, {"abbreviation": "UT", "topics": ["e\u00f0li og \u00fer\u00f3un tr\u00faarbrag\u00f0a", "tr\u00faarl\u00edf \u00e1 \u00cdslandi", "uppruni"]}, {"abbreviation": "FB", "topics": ["Mannkynssaga fyrir framhaldssk\u00f3labraut"]}, {"abbreviation": "UN", "topics": ["M\u00f3tun n\u00fat\u00edmasamf\u00e9lags"]}, {"abbreviation": "\u00cdU", "topics": ["\u00cdsland og umheimurinn fr\u00e1 l\u00fd\u00f0veldisstofnun til l\u00ed\u00f0andi stundar"]}], "_id": "50c0a02dd8e40575f7f6f47a", "subjects": ["saga"], "counter": {"1": 15, "3": 27, "2": 40, "4": 0}}, "evaluation": "L\u00f6g\u00f0 er \u00e1hersla \u00e1 fj\u00f6lbreytt n\u00e1msmat me\u00f0 lei\u00f0s\u00f6gn. N\u00e1msmati\u00f0 er \u00ed h\u00f6ndum kennara vi\u00f0komandi \u00e1fanga en \u00fearf a\u00f0 fylgja \u00feeim reglum sem kve\u00f0i\u00f0 er \u00e1 um \u00ed sk\u00f3lan\u00e1mskr\u00e1 VMA.", "categorization_suggestion": "AV", "embedded_topics": {"abbreviation": "NM", "topics": ["fundur \u00cdslands", "hrun R\u00f3maveldis", "menning fornaldar", "n\u00fd\u00f6ld"]}, "status": "approved by school", "description": "\u00cd \u00feessum byrjunar\u00e1fanga er s\u00f6gunni fylgt \u00ed t\u00edmar\u00f6\u00f0 fr\u00e1 forn\u00f6ld fram til um 1800. \u00ddmis efni \u00far s\u00f6gu Evr\u00f3pu og \u00cdslands valin, t.d. menningarheimur mi\u00f0alda, v\u00edkinga\u00f6ld og landn\u00e1m \u00cdslands, n\u00fd heimsmynd \u00e1 t\u00edmum endurreisnar, v\u00edsindabyltingar, landafunda og si\u00f0askipta um 1500. L\u00f6g\u00f0 er \u00e1hersla \u00e1 a\u00f0 nemandinn geti sta\u00f0sett sig \u00ed samhengi s\u00f6gunnar, sett sig \u00ed spor f\u00f3lks fr\u00e1 \u00fdmsum t\u00edmum og sj\u00e1i tengsl vi\u00f0 umhverfi sitt og samhengi \u00e1 milli t\u00edmabila. ", "knowledge_goals": ["helstu t\u00edmaskei\u00f0um mannkynss\u00f6gunnar, hva\u00f0 markar upphaf \u00feeirra og endi og hva\u00f0 einkennir \u00feau", "helstu hugt\u00f6kum og atbur\u00f0um t\u00edmabilsins me\u00f0 s\u00e9rstakri \u00e1herslu \u00e1 \u00cdslandss\u00f6gu", "mismunandi menningarheimum", "undirst\u00f6\u00f0uatri\u00f0um sagnfr\u00e6\u00f0i sem fr\u00e6\u00f0igreinar og mismunandi tegundum heimilda"], "skills_goals": ["greina megin\u00fe\u00e6tti og \u00e1litam\u00e1l \u00ed s\u00f6gulegri framvindu", "leita eftir mismunandi sj\u00f3narhornum og mynda s\u00e9r sko\u00f0un \u00e1 s\u00f6gulegum m\u00e1lefnum", "leita samhengis og tengsla milli t\u00edmabila", "meta orsakir og aflei\u00f0ingar \u00ed s\u00f6gunni", "tengja samt\u00edmaatbur\u00f0i vi\u00f0 li\u00f0na t\u00edma"], "credits": 5, "last_modified": 1428920370.254958, "schools": ["512b49bc62933a682f00048a"], "coauthors": null, "instructions": "", "continued_education": false, "level": 1, "prerequisites": "engar", "author": "0bc9b589-2a42-4690-ac7e-ec65f804a0e6", "abbreviation_version": null, "competence_goals": [["sj\u00e1 s\u00f6gu \u00cdslands \u00ed samhengi vi\u00f0 s\u00f6gu Nor\u00f0urlanda, Evr\u00f3pu og heimsins", ""], ["setja sj\u00e1lfan sig \u00ed samhengi s\u00f6gunnar og \u00ed spor f\u00f3lks \u00e1 \u00fdmsum t\u00edmum", ""], ["taka \u00fe\u00e1tt \u00ed sko\u00f0anaskiptum og r\u00f6kr\u00e6\u00f0um me\u00f0 jafningjum um s\u00f6guleg efni sem tekin eru fyrir \u00ed \u00e1fanganum", ""], ["skilja gildi og afst\u00e6\u00f0i s\u00f6gulegrar fr\u00e1sagnar og sk\u00fdringa", ""]], "_id": "552b983262933a4692006beb"}, {"exemplary": null, "topics": "kristin menning, menning fornaldar, \u00fer\u00f3un evr\u00f3pskar menningar", "abbreviation": "SAGA3EM05", "former_schools": null, "subject": "saga", "title": "Menningarsaga", "version": 26, "status_trans": "Sam\u00feykkt af sk\u00f3la", "embedded_subject": {"abbreviation": "SAGA", "topics": [{"abbreviation": "AK", "topics": ["almenn kynning"]}, {"abbreviation": "MS", "topics": ["mannkynssaga"]}, {"abbreviation": "MH", "topics": ["menningarsaga"]}, {"abbreviation": "ST", "topics": ["samt\u00edmasaga"]}, {"abbreviation": "LS", "topics": ["listasaga"]}, {"abbreviation": "MU", "topics": ["\u00fe\u00e6ttir \u00far mannkynss\u00f6gu fr\u00e1 upphafi mannsins til n\u00fdaldar"]}, {"abbreviation": "RS", "topics": ["rokksaga"]}, {"abbreviation": "MN", "topics": ["19. \u2013 21. aldar", "einkum mannskynss\u00f6gu", "valdir \u00fe\u00e6ttir \u00far s\u00f6gu"]}, {"abbreviation": "\u00c1S", "topics": ["\u00e1takasv\u00e6\u00f0i \u00ed heiminum"]}, {"abbreviation": "\u00cdS", "topics": ["\u00edsland og umheimurinn fr\u00e1 l\u00fd\u00f0veldisstofnun til l\u00ed\u00f0andi stundar."]}, {"abbreviation": "KA", "topics": ["land", "r\u00edki: k\u00edna og su\u00f0austur-as\u00eda", "sv\u00e6\u00f0i"]}, {"abbreviation": "\u00cdM", "topics": ["\u00edslands- og mannkynssaga"]}, {"abbreviation": "\u00deV", "topics": ["\u00fej\u00f3\u00f0armor\u00f0 og vo\u00f0averk \u00e1 20.-21. \u00f6ld"]}, {"abbreviation": "\u00cdL", "topics": ["\u00edslandssaga"]}, {"abbreviation": "SS", "topics": ["str\u00ed\u00f0ssaga"]}, {"abbreviation": "ME", "topics": ["menningar", "saga"]}, {"abbreviation": "FR", "topics": ["fr\u00e1 upphafi til byltinga"]}, {"abbreviation": "OL", "topics": ["20. \u00f6ldin"]}, {"abbreviation": "SA", "topics": ["saga og kvikmyndir"]}, {"abbreviation": "D\u00c6", "topics": ["saga d\u00e6gurmenningar \u00e1 \u00edslandi \u00e1 20. \u00f6ld"]}, {"abbreviation": "AA", "topics": ["\u00edslands- og mannkynssaga \u00e1 20. og 21. \u00f6ld"]}, {"abbreviation": "FO", "topics": ["fornaldarsaga"]}, {"abbreviation": "MI", "topics": ["mi\u00f0aldasaga"]}, {"abbreviation": "N\u00dd", "topics": ["saga n\u00fdaldar"]}, {"abbreviation": "HE", "topics": ["heimssaga"]}, {"abbreviation": "MF", "topics": ["mannskynssaga til 1800"]}, {"abbreviation": "AU", "topics": ["saga austurlands"]}, {"abbreviation": "\u00c1N", "topics": ["mannkynssaga fr\u00e1 1750 til n\u00fat\u00edmans"]}, {"abbreviation": "TU", "topics": ["tuttugasta \u00f6ldin"]}, {"abbreviation": "\u00deJ", "topics": ["al\u00fe\u00fd\u00f0umenning", "hversdagsl\u00edf", "\u00fej\u00f3\u00f0fr\u00e6\u00f0i"]}, {"abbreviation": "ML", "topics": ["19. \u00f6ld fram yfir mi\u00f0ja 20. \u00f6ld", "menningar- og listasaga"]}, {"abbreviation": "\u00cd\u00de", "topics": ["f\u00e9lagasamt\u00f6k", "\u00ed\u00fer\u00f3ttasaga"]}, {"abbreviation": "LI", "topics": ["menningar- og listasaga", "mi\u00f0aldir fram yfir mi\u00f0ja 19. \u00f6ld"]}, {"abbreviation": "SL", "topics": ["samt\u00edmalistir \u00ed s\u00f6gulegu samhengi"]}, {"abbreviation": "LM", "topics": ["Menning og listir"]}, {"abbreviation": "VE", "topics": ["Verkefna\u00e1fangi"]}, {"abbreviation": "MK", "topics": ["Saga"]}, {"abbreviation": "SK", "topics": ["Saga kynningar\u00e1fangi"]}, {"abbreviation": "CB", "topics": ["Saga Bandar\u00edkjanna."]}, {"abbreviation": "\u00cdH", "topics": ["fr\u00e1 1900 til dagsins \u00ed dag", "\u00edslensk h\u00f6nnunarsaga"]}, {"abbreviation": "M\u00de", "topics": ["", "fj\u00f6lmi\u00f0lar og saga", "greinandi saga", "saga sem hluti samt\u00edmans"]}, {"abbreviation": "R\u00d3", "topics": ["R\u00f3marveldi"]}, {"abbreviation": "MB", "topics": ["Mannr\u00e9ttindabar\u00e1tta \u00ed Bandar\u00edkjunum"]}, {"abbreviation": "FS", "topics": ["saga fjarl\u00e6gra sl\u00f3\u00f0a"]}, {"abbreviation": "NS", "topics": ["\u00cdslands- og mannkynssaga fr\u00e1 mi\u00f0ri 18. \u00f6ld til vorra daga"]}, {"abbreviation": "S\u00de", "topics": ["Saga - \u00dej\u00f3\u00f0armor\u00f0"]}, {"abbreviation": "V\u00cd", "topics": ["\u00cdslands- og mannkynssaga"]}, {"abbreviation": "II", "topics": ["\u00cdslands- og mannkynssaga II"]}, {"abbreviation": "UK", "topics": ["Mannkynssaga fr\u00e1 Uppl\u00fdsingu til Kalda str\u00ed\u00f0s"]}, {"abbreviation": "FG", "topics": ["Forn - gr\u00edsk saga og heimspeki"]}, {"abbreviation": "YS", "topics": ["Yfirlitssaga", "\u00cdslands- og mannkynssaga"]}, {"abbreviation": "KS", "topics": ["Kalda str\u00ed\u00f0i\u00f0"]}, {"abbreviation": "MM", "topics": ["Menningarsaga"]}, {"abbreviation": "KV", "topics": ["Sagan \u00ed kvikmyndum"]}, {"abbreviation": "GL", "topics": ["Saga gar\u00f0listar \u00ed heiminum"]}, {"abbreviation": "GS", "topics": ["Saga gar\u00f0yrkju \u00e1 \u00cdslandi og \u00ed heiminum"]}, {"abbreviation": "LH", "topics": ["Listir og h\u00f6nnun"]}, {"abbreviation": "SR", "topics": ["Saga og menning R\u00f3marborgar"]}, {"abbreviation": "MA", "topics": ["Saga 20. og 21. aldar"]}, {"abbreviation": "M\u00cd", "topics": ["19.-20.\u00f6ldin - valdir \u00fe\u00e6ttir \u00far mannkynss\u00f6gu og \u00cdslandss\u00f6gu"]}, {"abbreviation": "BY", "topics": ["Byltingar"]}, {"abbreviation": "SB", "topics": ["Saga: Byltingar"]}, {"abbreviation": "HS", "topics": ["Hugmyndasaga"]}, {"abbreviation": "KM", "topics": ["Kvikmyndasaga"]}, {"abbreviation": "CL", "topics": ["Saga l\u00e6kninga og sj\u00fakd\u00f3ma 1"]}, {"abbreviation": "BV", "topics": ["Heimssaga  Austur-As\u00eda"]}, {"abbreviation": "BF", "topics": ["Fornaldarsaga"]}, {"abbreviation": "BA", "topics": ["Heimsaga. Afr\u00edka"]}, {"abbreviation": "BE", "topics": ["Saga Evr\u00f3pu fr\u00e1 endurreisn til byltinga"]}, {"abbreviation": "CC", "topics": ["Sagnfr\u00e6\u00f0i og ritger\u00f0asm\u00ed\u00f0"]}, {"abbreviation": "CU", "topics": ["Utangar\u00f0ssaga"]}, {"abbreviation": "CR", "topics": ["Rokksaga"]}, {"abbreviation": "C\u00de", "topics": ["Fr\u00e1 \u00fej\u00f3\u00f0hverfu til \u00fej\u00f3\u00f0armor\u00f0a."]}, {"abbreviation": "FM", "topics": ["forn\u00f6ld", "mi\u00f0\u00f6ld"]}, {"abbreviation": "\u00deM", "topics": ["\u00der\u00f3un menningar og samf\u00e9laga"]}, {"abbreviation": "OI", "topics": ["\u00cdslands og mannkynssaga I"]}, {"abbreviation": "\u00deS", "topics": ["\u00de\u00e6ttir \u00far s\u00f6gu 20. aldar"]}, {"abbreviation": "BM", "topics": ["Mi\u00f0aldasaga."]}, {"abbreviation": "CG", "topics": ["Menningarsaga R\u00f3m\u00f6nsku Amer\u00edku"]}, {"abbreviation": "CN", "topics": ["Heimstyrj\u00f6ldin og helf\u00f6rin"]}, {"abbreviation": "CP", "topics": ["Kalda str\u00ed\u00f0i\u00f0."]}, {"abbreviation": "TS", "topics": ["Tr\u00faarbrag\u00f0asaga"]}, {"abbreviation": "NM", "topics": ["fundur \u00cdslands", "hrun R\u00f3maveldis", "menning fornaldar", "n\u00fd\u00f6ld"]}, {"abbreviation": "S\u00cd", "topics": ["kap\u00edtalismi \u00ed kreppu og str\u00ed\u00f0i", "sj\u00e1lfst\u00e6\u00f0isbar\u00e1ttan \u00e1 \u00cdslandi"]}, {"abbreviation": "EM", "topics": ["kristin menning", "menning fornaldar", "\u00fer\u00f3un evr\u00f3pskar menningar"]}, {"abbreviation": "MT", "topics": ["heimurinn \u00e1 21. \u00f6ld", "kalda str\u00ed\u00f0i\u00f0", "millistr\u00ed\u00f0s\u00e1rin", "n\u00fdlendustefnan"]}, {"abbreviation": "AM", "topics": ["al\u00fej\u00f3\u00f0legt samhengi", "kynjahlutverk og \u00edslam", "r\u00edki Mi\u00f0austurlanda"]}, {"abbreviation": "UT", "topics": ["e\u00f0li og \u00fer\u00f3un tr\u00faarbrag\u00f0a", "tr\u00faarl\u00edf \u00e1 \u00cdslandi", "uppruni"]}, {"abbreviation": "FB", "topics": ["Mannkynssaga fyrir framhaldssk\u00f3labraut"]}, {"abbreviation": "UN", "topics": ["M\u00f3tun n\u00fat\u00edmasamf\u00e9lags"]}, {"abbreviation": "\u00cdU", "topics": ["\u00cdsland og umheimurinn fr\u00e1 l\u00fd\u00f0veldisstofnun til l\u00ed\u00f0andi stundar"]}], "_id": "50c0a02dd8e40575f7f6f47a", "subjects": ["saga"], "counter": {"1": 14, "3": 25, "2": 38, "4": 0}}, "evaluation": "L\u00f6g\u00f0 er \u00e1hersla \u00e1 fj\u00f6lbreytt n\u00e1msmat me\u00f0 lei\u00f0s\u00f6gn. N\u00e1msmati\u00f0 er \u00ed h\u00f6ndum kennara vi\u00f0komandi \u00e1fanga en \u00fearf a\u00f0 fylgja \u00feeim reglum sem kve\u00f0i\u00f0 er \u00e1 um \u00ed sk\u00f3lan\u00e1mskr\u00e1 VMA. ", "categorization_suggestion": "AV", "embedded_topics": {"abbreviation": "EM", "topics": ["kristin menning", "menning fornaldar", "\u00fer\u00f3un evr\u00f3pskar menningar"]}, "status": "approved by school", "description": "\u00cd \u00feessum \u00e1fanga eru valin t\u00edmabil og svi\u00f0 \u00ed menningars\u00f6gu Evr\u00f3pu tekin til sko\u00f0unar \u00ed lj\u00f3si \u00fdmissa \u00fe\u00e1tta, t.d. myndlistar, byggingars\u00f6gu, b\u00f3kmennta, heimspeki, hugarfars og f\u00e9lagsger\u00f0ar samf\u00e9laga. Nemandinn kynnir s\u00e9r nokkra frumtexta, sko\u00f0ar samt\u00edmamyndefni \u00e1samt \u00fev\u00ed a\u00f0 tileinka s\u00e9r fr\u00e6\u00f0ilega og listr\u00e6na umfj\u00f6llun um efni\u00f0. Einnig ver\u00f0ur nemandinn \u00fej\u00e1lfa\u00f0ur \u00ed heimildar\u00fdni af \u00fdmsu tagi, r\u00f6khugsun og sj\u00e1lfst\u00e6\u00f0um og \u00f6gu\u00f0um vinnubr\u00f6g\u00f0um. ", "knowledge_goals": ["t\u00edmabilaskiptingu menningars\u00f6gunnar fr\u00e1 upphafi til n\u00fat\u00edmans", "helstu hugt\u00f6kum og pers\u00f3num sem tengjast \u00feeim vi\u00f0fangsefnum sem fjalla\u00f0 ver\u00f0ur um \u00ed \u00e1fanganum", "tegundum heimilda og helstu vinnubr\u00f6g\u00f0um vi\u00f0 heimildaleit og heimildanotkun", "samhengi s\u00f6gunnar og hvernig fort\u00ed\u00f0in birtist okkur og lifir \u00ed n\u00fat\u00ed\u00f0inni"], "skills_goals": ["beita gagnr\u00fdninni hugsun og for\u00f0ast algengar r\u00f6kvillur", "beita \u00f6gu\u00f0um, faglegum og si\u00f0fer\u00f0ilega r\u00e9ttm\u00e6tum vinnubr\u00f6g\u00f0um", "greina si\u00f0fer\u00f0ileg \u00e1litam\u00e1l", "vinna me\u00f0 heimildir", "tj\u00e1 sig um vi\u00f0fangsefni menningars\u00f6gunnar", "vinna jafnt sj\u00e1lfst\u00e6tt og me\u00f0 \u00f6\u00f0rum a\u00f0 vi\u00f0fangsefnum", "nota \u00f3l\u00edk mi\u00f0lunarform til a\u00f0 koma \u00feekkingu sinni \u00e1 framf\u00e6ri"], "credits": 5, "last_modified": 1427189072.258504, "schools": ["512b49bc62933a682f00048a"], "coauthors": null, "instructions": "", "continued_education": false, "level": 3, "prerequisites": "SAGA2S\u00cd05 e\u00f0a samb\u00e6rilegur \u00e1fangi", "author": "0bc9b589-2a42-4690-ac7e-ec65f804a0e6", "abbreviation_version": null, "competence_goals": [["n\u00fdta heimildir og ranns\u00f3knarg\u00f6gn vi\u00f0 lausn verkefna", ""], ["n\u00e1lgast verkefni \u00e1 faglegan og sj\u00e1lfst\u00e6\u00f0an h\u00e1tt", ""], ["meta s\u00f6guleg fyrirb\u00e6ri \u00fat fr\u00e1 forsendum hvers t\u00edma og sj\u00e1 tengsl \u00feeirra vi\u00f0 n\u00fat\u00edmann", ""], ["tj\u00e1 sig um menningars\u00f6guleg \u00e1litam\u00e1l", ""], ["deila \u00feekkingu sinni me\u00f0 \u00f6\u00f0rum", ""], ["s\u00fdna frumkv\u00e6\u00f0i og skapandi hugsun", ""], ["beita gagnr\u00fdninni hugsun \u00e1 vi\u00f0fangsefni s\u00f6gunnar", ""]], "_id": "55112d5062933a4692003562"}], "title": "Saga"}, {"courses": [{"exemplary": null, "topics": "fr\u00e1viksheg\u00f0un, ge\u00f0heilsa, ge\u00f0r\u00e6nar raskanir, s\u00e1lfr\u00e6\u00f0ileg me\u00f0fer\u00f0", "abbreviation": "S\u00c1LF3GG05(AV)", "former_schools": null, "subject": "s\u00e1lfr\u00e6\u00f0i", "title": "Afbrig\u00f0as\u00e1lfr\u00e6\u00f0i", "version": 18, "status_trans": "Sam\u00feykkt af sk\u00f3la", "embedded_subject": {"abbreviation": "S\u00c1LF", "topics": [{"abbreviation": "AK", "topics": ["almenn kynning"]}, {"abbreviation": "\u00deS", "topics": ["\u00feroskas\u00e1lfr\u00e6\u00f0i"]}, {"abbreviation": "AB", "topics": ["afbrig\u00f0as\u00e1lfr\u00e6\u00f0i"]}, {"abbreviation": "KV", "topics": ["kvikmyndas\u00e1lfr\u00e6\u00f0i"]}, {"abbreviation": "SD", "topics": ["s\u00e1lfr\u00e6\u00f0i daglegs l\u00edfs"]}, {"abbreviation": "IS", "topics": ["inngangur a\u00f0 s\u00e1lfr\u00e6\u00f0i"]}, {"abbreviation": "DS", "topics": ["duls\u00e1larfr\u00e6\u00f0i"]}, {"abbreviation": "RS", "topics": ["r\u00e9ttars\u00e1lfr\u00e6\u00f0i"]}, {"abbreviation": "GE", "topics": ["ge\u00f0heilsa"]}, {"abbreviation": "FP", "topics": ["f\u00e9lags- og per\u00f3nuleikas\u00e1lfr\u00e6\u00f0i"]}, {"abbreviation": "BK", "topics": ["inngangur a\u00f0 s\u00e1lfr\u00e6\u00f0i", "j\u00e1kv\u00e6\u00f0 s\u00e1lfr\u00e6\u00f0i", "minni", "n\u00e1m", "ranns\u00f3knir"]}, {"abbreviation": "KF", "topics": ["framhald", "kvikmyndas\u00e1lfr\u00e6\u00f0i"]}, {"abbreviation": "FS", "topics": ["f\u00e9lagss\u00e1lfr\u00e6\u00f0i"]}, {"abbreviation": "GS", "topics": ["ge\u00f0s\u00e1lfr\u00e6\u00f0i"]}, {"abbreviation": "\u00deU", "topics": ["\u00feroska- og uppeldisfr\u00e6\u00f0i"]}, {"abbreviation": "AA", "topics": ["almenn s\u00e1lfr\u00e6\u00f0i"]}, {"abbreviation": "CA", "topics": ["afbrigas\u00e1lfr\u00e6\u00f0i"]}, {"abbreviation": "L\u00cd", "topics": ["l\u00edfe\u00f0lisleg s\u00e1lfr\u00e6\u00f0i"]}, {"abbreviation": "F\u00c9", "topics": ["f\u00e9lagsleg s\u00e1lfr\u00e6\u00f0i"]}, {"abbreviation": "SS", "topics": ["inngangur a\u00f0 s\u00e1lfr\u00e6\u00f0i", "sj\u00f3narmi\u00f0 og saga"]}, {"abbreviation": "FG", "topics": ["f\u00e9lagss\u00e1lfr\u00e6\u00f0i", "greind", "pers\u00f3nuleikinn"]}, {"abbreviation": "LS", "topics": ["draumar", "l\u00edfe\u00f0lisleg s\u00e1lfr\u00e6\u00f0i", "skynjunars\u00e1lfr\u00e6\u00f0i", "svefn"]}, {"abbreviation": "\u00deR", "topics": ["l\u00edfst\u00ed\u00f0ar\u00fer\u00f3un", "\u00feroski"]}, {"abbreviation": "AF", "topics": ["ge\u00f0heilsa", "ge\u00f0raskanir", "streita", "tilfinningar"]}, {"abbreviation": "\u00cd\u00de", "topics": ["f\u00e9lagsst\u00f6rf", "f\u00e9l\u00f6g", "\u00ed\u00fer\u00f3ttas\u00e1lfr\u00e6\u00f0i"]}, {"abbreviation": "SG", "topics": ["framkoma", "gagnr\u00fdni", "hlustun", "samskipti", "sj\u00e1lfstraust"]}, {"abbreviation": "\u00cd\u00c6", "topics": ["\u00ed\u00fer\u00f3ttas\u00e1lfr\u00e6\u00f0i"]}, {"abbreviation": "IN", "topics": ["S\u00e1lfr\u00e6\u00f0i", "inngangur", "kenningar", "saga"]}, {"abbreviation": "\u00de\u00de", "topics": ["n\u00e1m", "\u00deroskas\u00e1lfr\u00e6\u00f0i", "\u00feroski", "\u00fer\u00f3un"]}, {"abbreviation": "AS", "topics": ["afbrig\u00f0as\u00e1lfr\u00e6\u00f0i", "streita"]}, {"abbreviation": "H\u00de", "topics": ["Hugar\u00fej\u00e1lfun", "\u00cd\u00fer\u00f3ttir"]}, {"abbreviation": "JS", "topics": ["J\u00e1kv\u00e6\u00f0 s\u00e1lfr\u00e6\u00f0i"]}, {"abbreviation": "HA", "topics": ["Hugr\u00e6n", "atferlisme\u00f0fer\u00f0"]}, {"abbreviation": "BS", "topics": ["Breytingar", "samskipti"]}, {"abbreviation": "GH", "topics": ["Ge\u00f0s\u00e1larfr\u00e6\u00f0i og ge\u00f0heilbrig\u00f0i"]}, {"abbreviation": "PF", "topics": ["f\u00e9lagss\u00e1lfr\u00e6\u00f0i", "pers\u00f3nuleikas\u00e1lfr\u00e6\u00f0i"]}, {"abbreviation": "VS", "topics": ["Vitund og si\u00f0blinda"]}, {"abbreviation": "BG", "topics": ["S\u00c1LF"]}, {"abbreviation": "F\u00d6", "topics": ["F\u00d6TLUN", "\u00d6LDRUN"]}, {"abbreviation": "CF", "topics": ["F\u00e9lags- og pers\u00f3nuleikas\u00e1lfr\u00e6\u00f0i"]}, {"abbreviation": "BT", "topics": ["Kortlagning hugans/heilans"]}, {"abbreviation": "CJ", "topics": ["j\u00e1kv\u00e6\u00f0 s\u00e1lfr\u00e6\u00f0i"]}, {"abbreviation": "AM", "topics": ["Atferlism\u00f3tun"]}, {"abbreviation": "GR", "topics": ["Grunnur \u00ed s\u00e1lfr\u00e6\u00f0i"]}, {"abbreviation": "NS", "topics": ["N\u00e1mss\u00e1larfr\u00e6\u00f0i", "saga"]}, {"abbreviation": "LH", "topics": ["L\u00edfe\u00f0lisleg og hugr\u00e6n s\u00e1lfr\u00e6\u00f0i"]}, {"abbreviation": "SF", "topics": ["mannlegt e\u00f0li", "n\u00e1m og minni", "s\u00e1lfr\u00e6\u00f0ingar", "s\u00e1lfr\u00e6\u00f0istefnur"]}, {"abbreviation": "S\u00de", "topics": ["sj\u00e1lfsmynd", "\u00feroskah\u00f6mlun", "\u00feroskakenningar", "\u00feroskas\u00e1lfr\u00e6\u00f0i"]}, {"abbreviation": "GG", "topics": ["fr\u00e1viksheg\u00f0un", "ge\u00f0heilsa", "ge\u00f0r\u00e6nar raskanir", "s\u00e1lfr\u00e6\u00f0ileg me\u00f0fer\u00f0"]}, {"abbreviation": "FR", "topics": ["f\u00e9lagss\u00e1lfr\u00e6\u00f0i", "pers\u00f3nueinkenni", "ranns\u00f3knir"]}, {"abbreviation": "UM", "topics": ["Uppeldis- og menntunarfr\u00e6\u00f0i"]}, {"abbreviation": "\u00cdS", "topics": ["\u00cd\u00fer\u00f3ttas\u00e1lfr\u00e6\u00f0i"]}], "_id": "50c0a02dd8e40575f7f6f4db", "subjects": ["s\u00e1lfr\u00e6\u00f0i"], "counter": {"1": 6, "3": 17, "2": 30, "4": 2}}, "evaluation": "L\u00f6g\u00f0 er \u00e1hersla \u00e1 fj\u00f6lbreytt n\u00e1msmat me\u00f0 lei\u00f0s\u00f6gn. N\u00e1msmati\u00f0 er \u00ed h\u00f6ndum kennara vi\u00f0komandi \u00e1fanga en \u00fearf a\u00f0 fylgja \u00feeim reglum sem kve\u00f0i\u00f0 er \u00e1 um \u00ed sk\u00f3lan\u00e1mskr\u00e1 VMA.", "categorization_suggestion": "AV", "embedded_topics": {"abbreviation": "GG", "topics": ["fr\u00e1viksheg\u00f0un", "ge\u00f0heilsa", "ge\u00f0r\u00e6nar raskanir", "s\u00e1lfr\u00e6\u00f0ileg me\u00f0fer\u00f0"]}, "status": "approved by school", "description": "Helstu umfj\u00f6llunarefni \u00e1fangans eru ge\u00f0heilbrig\u00f0i, ge\u00f0r\u00e6kt og algengustu flokkar ge\u00f0r\u00e6nna raskana. Fjalla\u00f0 ver\u00f0ur um orsakir \u00feeirra, t\u00ed\u00f0ni, einkenni og me\u00f0fer\u00f0ar\u00farr\u00e6\u00f0i. L\u00f6g\u00f0 er \u00e1hersla \u00e1 a\u00f0 nemendur \u00e1tti sig \u00e1 samspili l\u00edkamlegra og andlegra \u00fe\u00e1tta \u00ed tengslum vi\u00f0 ge\u00f0heilbrig\u00f0i og \u00fer\u00f3un ge\u00f0raskana. Nemendur kynnast lei\u00f0um til a\u00f0 verjast streitu og taka \u00e1 aflei\u00f0ingum hennar. Leitast ver\u00f0ur vi\u00f0 a\u00f0 draga \u00far ranghugmyndum og ford\u00f3mum um f\u00f3lk me\u00f0 ge\u00f0raskanir. \u00c1hersla \u00e1 a\u00f0 auka v\u00ed\u00f0s\u00fdni nemanda, r\u00f6khugsun, sj\u00e1lfst\u00e6\u00f0 og \u00f6gu\u00f0 vinnubr\u00f6g\u00f0. ", "knowledge_goals": ["helstu hugt\u00f6kum og kenningum s\u00e1lfr\u00e6\u00f0i sem tengjast einstaklingsmun og fr\u00e1viksheg\u00f0un", "ge\u00f0r\u00f6skunum, ors\u00f6kum \u00feeirra, einkennum og aflei\u00f0ingum", "lei\u00f0um til a\u00f0 draga \u00far kv\u00ed\u00f0a og streitu og til a\u00f0 vi\u00f0halda g\u00f3\u00f0ri ge\u00f0heilsu", "ge\u00f0heilbrig\u00f0iskerfinu", "a\u00f0st\u00e6\u00f0um f\u00f3lks me\u00f0 ge\u00f0raskanir", "sta\u00f0al\u00edmyndum tengdum ge\u00f0r\u00f6skunum og ford\u00f3mum gagnvart f\u00f3lki me\u00f0 ge\u00f0raskanir"], "skills_goals": ["beita skapandi hugsun vi\u00f0 lausnami\u00f0a\u00f0 n\u00e1m", "velja milli kenninga og a\u00f0fer\u00f0a vi\u00f0 lausn verkefna", "mi\u00f0la fr\u00e6\u00f0ilegu efni sk\u00fdrt og skilmerkilega \u00ed r\u00e6\u00f0u og riti", "vinna sj\u00e1lfst\u00e6tt og me\u00f0 samnemendum a\u00f0 \u00fev\u00ed a\u00f0 kynna s\u00e9r, draga saman og kynna fyrir \u00f6\u00f0rum s\u00e1lfr\u00e6\u00f0ilega umfj\u00f6llun um ge\u00f0raskanir"], "credits": 5, "last_modified": 1427188516.546668, "schools": ["512b49bc62933a682f00048a"], "coauthors": null, "instructions": "", "continued_education": false, "level": 3, "prerequisites": "S\u00c1LF2SF05 e\u00f0a samb\u00e6rilegur \u00e1fangi", "author": "0bc9b589-2a42-4690-ac7e-ec65f804a0e6", "abbreviation_version": null, "competence_goals": [["afla uppl\u00fdsinga, greina \u00fe\u00e6r og setja \u00ed samhengi", ""], ["n\u00fdta fr\u00e6\u00f0ilegan texta \u00e1 \u00edslensku og  \u00e1 erlendu tungum\u00e1li", ""], ["leita a\u00f0 uppl\u00fdsingum, leggja mat \u00e1 \u00fe\u00e6r og greina mikilv\u00e6gustu atri\u00f0i \u00feeirra", ""], ["n\u00e1lgast verkefni \u00e1 faglegan og sj\u00e1lfst\u00e6\u00f0an h\u00e1tt", ""], ["m\u00f3ta eigin a\u00f0st\u00e6\u00f0ur me\u00f0 \u00fea\u00f0 a\u00f0 markmi\u00f0i a\u00f0 stu\u00f0la a\u00f0 ge\u00f0heilbrig\u00f0i", ""], ["vekja a\u00f0ra til umhugsunar um a\u00f0st\u00e6\u00f0ur f\u00f3lks me\u00f0 ge\u00f0raskanir og vinna gegn ford\u00f3mum gagnvart \u00feeim", ""], ["setja fram n\u00e1kv\u00e6mar r\u00f6ksemdir fyrir sko\u00f0unum s\u00ednum", ""]], "_id": "55112b2462933a4692003553"}, {"exemplary": null, "topics": "mannlegt e\u00f0li, n\u00e1m og minni, s\u00e1lfr\u00e6\u00f0ingar, s\u00e1lfr\u00e6\u00f0istefnur", "abbreviation": "S\u00c1LF2SF05", "former_schools": null, "subject": "s\u00e1lfr\u00e6\u00f0i", "title": "Almenn s\u00e1lfr\u00e6\u00f0i", "version": 25, "status_trans": "Sam\u00feykkt af sk\u00f3la", "embedded_subject": {"abbreviation": "S\u00c1LF", "topics": [{"abbreviation": "AK", "topics": ["almenn kynning"]}, {"abbreviation": "\u00deS", "topics": ["\u00feroskas\u00e1lfr\u00e6\u00f0i"]}, {"abbreviation": "AB", "topics": ["afbrig\u00f0as\u00e1lfr\u00e6\u00f0i"]}, {"abbreviation": "KV", "topics": ["kvikmyndas\u00e1lfr\u00e6\u00f0i"]}, {"abbreviation": "SD", "topics": ["s\u00e1lfr\u00e6\u00f0i daglegs l\u00edfs"]}, {"abbreviation": "IS", "topics": ["inngangur a\u00f0 s\u00e1lfr\u00e6\u00f0i"]}, {"abbreviation": "DS", "topics": ["duls\u00e1larfr\u00e6\u00f0i"]}, {"abbreviation": "RS", "topics": ["r\u00e9ttars\u00e1lfr\u00e6\u00f0i"]}, {"abbreviation": "GE", "topics": ["ge\u00f0heilsa"]}, {"abbreviation": "FP", "topics": ["f\u00e9lags- og per\u00f3nuleikas\u00e1lfr\u00e6\u00f0i"]}, {"abbreviation": "BK", "topics": ["inngangur a\u00f0 s\u00e1lfr\u00e6\u00f0i", "j\u00e1kv\u00e6\u00f0 s\u00e1lfr\u00e6\u00f0i", "minni", "n\u00e1m", "ranns\u00f3knir"]}, {"abbreviation": "KF", "topics": ["framhald", "kvikmyndas\u00e1lfr\u00e6\u00f0i"]}, {"abbreviation": "FS", "topics": ["f\u00e9lagss\u00e1lfr\u00e6\u00f0i"]}, {"abbreviation": "GS", "topics": ["ge\u00f0s\u00e1lfr\u00e6\u00f0i"]}, {"abbreviation": "\u00deU", "topics": ["\u00feroska- og uppeldisfr\u00e6\u00f0i"]}, {"abbreviation": "AA", "topics": ["almenn s\u00e1lfr\u00e6\u00f0i"]}, {"abbreviation": "CA", "topics": ["afbrigas\u00e1lfr\u00e6\u00f0i"]}, {"abbreviation": "L\u00cd", "topics": ["l\u00edfe\u00f0lisleg s\u00e1lfr\u00e6\u00f0i"]}, {"abbreviation": "F\u00c9", "topics": ["f\u00e9lagsleg s\u00e1lfr\u00e6\u00f0i"]}, {"abbreviation": "SS", "topics": ["inngangur a\u00f0 s\u00e1lfr\u00e6\u00f0i", "sj\u00f3narmi\u00f0 og saga"]}, {"abbreviation": "FG", "topics": ["f\u00e9lagss\u00e1lfr\u00e6\u00f0i", "greind", "pers\u00f3nuleikinn"]}, {"abbreviation": "LS", "topics": ["draumar", "l\u00edfe\u00f0lisleg s\u00e1lfr\u00e6\u00f0i", "skynjunars\u00e1lfr\u00e6\u00f0i", "svefn"]}, {"abbreviation": "\u00deR", "topics": ["l\u00edfst\u00ed\u00f0ar\u00fer\u00f3un", "\u00feroski"]}, {"abbreviation": "AF", "topics": ["ge\u00f0heilsa", "ge\u00f0raskanir", "streita", "tilfinningar"]}, {"abbreviation": "\u00cd\u00de", "topics": ["f\u00e9lagsst\u00f6rf", "f\u00e9l\u00f6g", "\u00ed\u00fer\u00f3ttas\u00e1lfr\u00e6\u00f0i"]}, {"abbreviation": "SG", "topics": ["framkoma", "gagnr\u00fdni", "hlustun", "samskipti", "sj\u00e1lfstraust"]}, {"abbreviation": "\u00cd\u00c6", "topics": ["\u00ed\u00fer\u00f3ttas\u00e1lfr\u00e6\u00f0i"]}, {"abbreviation": "IN", "topics": ["S\u00e1lfr\u00e6\u00f0i", "inngangur", "kenningar", "saga"]}, {"abbreviation": "\u00de\u00de", "topics": ["n\u00e1m", "\u00deroskas\u00e1lfr\u00e6\u00f0i", "\u00feroski", "\u00fer\u00f3un"]}, {"abbreviation": "AS", "topics": ["afbrig\u00f0as\u00e1lfr\u00e6\u00f0i", "streita"]}, {"abbreviation": "H\u00de", "topics": ["Hugar\u00fej\u00e1lfun", "\u00cd\u00fer\u00f3ttir"]}, {"abbreviation": "JS", "topics": ["J\u00e1kv\u00e6\u00f0 s\u00e1lfr\u00e6\u00f0i"]}, {"abbreviation": "HA", "topics": ["Hugr\u00e6n", "atferlisme\u00f0fer\u00f0"]}, {"abbreviation": "BS", "topics": ["Breytingar", "samskipti"]}, {"abbreviation": "GH", "topics": ["Ge\u00f0s\u00e1larfr\u00e6\u00f0i og ge\u00f0heilbrig\u00f0i"]}, {"abbreviation": "PF", "topics": ["f\u00e9lagss\u00e1lfr\u00e6\u00f0i", "pers\u00f3nuleikas\u00e1lfr\u00e6\u00f0i"]}, {"abbreviation": "VS", "topics": ["Vitund og si\u00f0blinda"]}, {"abbreviation": "BG", "topics": ["S\u00c1LF"]}, {"abbreviation": "F\u00d6", "topics": ["F\u00d6TLUN", "\u00d6LDRUN"]}, {"abbreviation": "CF", "topics": ["F\u00e9lags- og pers\u00f3nuleikas\u00e1lfr\u00e6\u00f0i"]}, {"abbreviation": "BT", "topics": ["Kortlagning hugans/heilans"]}, {"abbreviation": "CJ", "topics": ["j\u00e1kv\u00e6\u00f0 s\u00e1lfr\u00e6\u00f0i"]}, {"abbreviation": "AM", "topics": ["Atferlism\u00f3tun"]}, {"abbreviation": "GR", "topics": ["Grunnur \u00ed s\u00e1lfr\u00e6\u00f0i"]}, {"abbreviation": "NS", "topics": ["N\u00e1mss\u00e1larfr\u00e6\u00f0i", "saga"]}, {"abbreviation": "LH", "topics": ["L\u00edfe\u00f0lisleg og hugr\u00e6n s\u00e1lfr\u00e6\u00f0i"]}, {"abbreviation": "SF", "topics": ["mannlegt e\u00f0li", "n\u00e1m og minni", "s\u00e1lfr\u00e6\u00f0ingar", "s\u00e1lfr\u00e6\u00f0istefnur"]}], "_id": "50c0a02dd8e40575f7f6f4db", "subjects": ["s\u00e1lfr\u00e6\u00f0i"], "counter": {"1": 6, "3": 12, "2": 23, "4": 2}}, "evaluation": "L\u00f6g\u00f0 er \u00e1hersla \u00e1 fj\u00f6lbreytt n\u00e1msmat me\u00f0 lei\u00f0s\u00f6gn. N\u00e1msmati\u00f0 er \u00ed h\u00f6ndum kennara vi\u00f0komandi \u00e1fanga en \u00fearf a\u00f0 fylgja \u00feeim reglum sem kve\u00f0i\u00f0 er \u00e1 um \u00ed sk\u00f3lan\u00e1mskr\u00e1 VMA.", "categorization_suggestion": "AV", "embedded_topics": {"abbreviation": "SF", "topics": ["mannlegt e\u00f0li", "n\u00e1m og minni", "s\u00e1lfr\u00e6\u00f0ingar", "s\u00e1lfr\u00e6\u00f0istefnur"]}, "status": "approved by school", "description": "\u00deetta er grunn\u00e1fangi \u00ed s\u00e1lfr\u00e6\u00f0i og \u00e6tla\u00f0 a\u00f0 kynna nemandanum fr\u00e6\u00f0igreinina s\u00e1lfr\u00e6\u00f0i, e\u00f0li hennar, s\u00f6gu og \u00fer\u00f3un. Helstu s\u00e1lfr\u00e6\u00f0istefnur eru kynntar og grunnhugt\u00f6k. \u00de\u00e1 er fjalla\u00f0 um starfssvi\u00f0 s\u00e1lfr\u00e6\u00f0inga og helstu undirgreinar. Nemandi kynnist ranns\u00f3knara\u00f0fer\u00f0um s\u00e1lfr\u00e6\u00f0innar b\u00e6\u00f0i b\u00f3klega og verklega. Fjalla\u00f0 er s\u00e9rstaklega um n\u00e1mss\u00e1lfr\u00e6\u00f0i b\u00e6\u00f0i \u00e1 fr\u00e6\u00f0ilegan og hagn\u00fdtan h\u00e1tt og nemendur l\u00e6ra um mismunandi tegundir n\u00e1ms og minnisa\u00f0fer\u00f0ir. Fjalla\u00f0 er um samspil hugsunar, heg\u00f0unar og tilfinninga, sj\u00e1lfsmynd, mannleg samskipti, \u00fer\u00f3un n\u00e1inna sambanda og almennt um mannlegt e\u00f0li. \u00c1hersla \u00e1 a\u00f0 tengja s\u00e1lfr\u00e6\u00f0ina reynsluheimi nemanda, auka v\u00ed\u00f0s\u00fdni hans, r\u00f6khugsun, sj\u00e1lfst\u00e6\u00f0 og \u00f6gu\u00f0 vinnubr\u00f6g\u00f0. ", "knowledge_goals": ["\u00fer\u00f3un fr\u00e6\u00f0igreinarinnar s\u00e1lfr\u00e6\u00f0i", "grundvallarhugmyndum sem m\u00f3ta kenningar \u00ed s\u00e1lfr\u00e6\u00f0i", "helstu frumkv\u00f6\u00f0lum \u00ed greininni", "v\u00ed\u00f0fe\u00f0mi s\u00e1lfr\u00e6\u00f0innar og helstu undirgreinum hennar", "hagn\u00fdtu gildi s\u00e1lfr\u00e6\u00f0innar", "lei\u00f0um s\u00e1lfr\u00e6\u00f0innar til a\u00f0 \u00fatsk\u00fdra hugsun, heg\u00f0un og tilfinningar manneskjunnar", "m\u00f3tunar\u00f6flum einstaklinga og h\u00f3pa"], "skills_goals": ["lesa \u00ed og skilja umfj\u00f6llun um helstu hugmyndir sem m\u00f3ta\u00f0 hafa s\u00e1lfr\u00e6\u00f0ina", "beita algengustu hugt\u00f6kum s\u00e1lfr\u00e6\u00f0innar \u00e1 sk\u00fdran og skilmerkilegan m\u00e1ta", "sko\u00f0a s\u00edna eigin heg\u00f0un og annarra \u00fat fr\u00e1 grundvallarhugmyndum s\u00e1lfr\u00e6\u00f0innar", "sko\u00f0a eigin hugsun og tilfinningar \u00fat fr\u00e1 grundvallarhugmyndum s\u00e1lfr\u00e6\u00f0innar", "tj\u00e1 kunn\u00e1ttu s\u00edna \u00e1 munnlegan og skriflegan h\u00e1tt"], "credits": 5, "last_modified": 1425038177.068227, "schools": ["512b49bc62933a682f00048a"], "coauthors": null, "instructions": "", "continued_education": false, "level": 2, "prerequisites": "engar", "author": "0bc9b589-2a42-4690-ac7e-ec65f804a0e6", "abbreviation_version": null, "competence_goals": [["skilja m\u00f3tunar\u00e1hrif umhverfisins \u00e1 sj\u00e1lfan sig og a\u00f0ra", ""], ["skilja samspil heg\u00f0unar, hugsunar og tilfinninga", ""], ["geta me\u00f0 einf\u00f6ldum h\u00e6tti yfirf\u00e6rt s\u00e1lfr\u00e6\u00f0ilega \u00feekkingu \u00e1 eigin sj\u00e1lfsmynd", ""], ["tj\u00e1 sig skipulega og gagnr\u00fdni\u00f0 um einstaka efnis\u00fe\u00e6tti", ""], ["afla s\u00e9r uppl\u00fdsinga, greina helstu atri\u00f0i \u00feeirra og hagn\u00fdta s\u00e9r", ""], ["framkv\u00e6ma einfalda ranns\u00f3kn og \u00e1tta sig \u00e1 helstu ni\u00f0urst\u00f6\u00f0um", ""]], "_id": "54f05b6162933a1936001b14"}, {"exemplary": null, "topics": "f\u00e9lagss\u00e1lfr\u00e6\u00f0i, pers\u00f3nueinkenni, ranns\u00f3knir", "abbreviation": "S\u00c1LF3FR05(AV)", "former_schools": null, "subject": "s\u00e1lfr\u00e6\u00f0i", "title": "F\u00e9lags- og pers\u00f3nuleikas\u00e1lfr\u00e6\u00f0i", "version": 19, "status_trans": "Sam\u00feykkt af sk\u00f3la", "embedded_subject": {"abbreviation": "S\u00c1LF", "topics": [{"abbreviation": "AK", "topics": ["almenn kynning"]}, {"abbreviation": "\u00deS", "topics": ["\u00feroskas\u00e1lfr\u00e6\u00f0i"]}, {"abbreviation": "AB", "topics": ["afbrig\u00f0as\u00e1lfr\u00e6\u00f0i"]}, {"abbreviation": "KV", "topics": ["kvikmyndas\u00e1lfr\u00e6\u00f0i"]}, {"abbreviation": "SD", "topics": ["s\u00e1lfr\u00e6\u00f0i daglegs l\u00edfs"]}, {"abbreviation": "IS", "topics": ["inngangur a\u00f0 s\u00e1lfr\u00e6\u00f0i"]}, {"abbreviation": "DS", "topics": ["duls\u00e1larfr\u00e6\u00f0i"]}, {"abbreviation": "RS", "topics": ["r\u00e9ttars\u00e1lfr\u00e6\u00f0i"]}, {"abbreviation": "GE", "topics": ["ge\u00f0heilsa"]}, {"abbreviation": "FP", "topics": ["f\u00e9lags- og per\u00f3nuleikas\u00e1lfr\u00e6\u00f0i"]}, {"abbreviation": "BK", "topics": ["inngangur a\u00f0 s\u00e1lfr\u00e6\u00f0i", "j\u00e1kv\u00e6\u00f0 s\u00e1lfr\u00e6\u00f0i", "minni", "n\u00e1m", "ranns\u00f3knir"]}, {"abbreviation": "KF", "topics": ["framhald", "kvikmyndas\u00e1lfr\u00e6\u00f0i"]}, {"abbreviation": "FS", "topics": ["f\u00e9lagss\u00e1lfr\u00e6\u00f0i"]}, {"abbreviation": "GS", "topics": ["ge\u00f0s\u00e1lfr\u00e6\u00f0i"]}, {"abbreviation": "\u00deU", "topics": ["\u00feroska- og uppeldisfr\u00e6\u00f0i"]}, {"abbreviation": "AA", "topics": ["almenn s\u00e1lfr\u00e6\u00f0i"]}, {"abbreviation": "CA", "topics": ["afbrigas\u00e1lfr\u00e6\u00f0i"]}, {"abbreviation": "L\u00cd", "topics": ["l\u00edfe\u00f0lisleg s\u00e1lfr\u00e6\u00f0i"]}, {"abbreviation": "F\u00c9", "topics": ["f\u00e9lagsleg s\u00e1lfr\u00e6\u00f0i"]}, {"abbreviation": "SS", "topics": ["inngangur a\u00f0 s\u00e1lfr\u00e6\u00f0i", "sj\u00f3narmi\u00f0 og saga"]}, {"abbreviation": "FG", "topics": ["f\u00e9lagss\u00e1lfr\u00e6\u00f0i", "greind", "pers\u00f3nuleikinn"]}, {"abbreviation": "LS", "topics": ["draumar", "l\u00edfe\u00f0lisleg s\u00e1lfr\u00e6\u00f0i", "skynjunars\u00e1lfr\u00e6\u00f0i", "svefn"]}, {"abbreviation": "\u00deR", "topics": ["l\u00edfst\u00ed\u00f0ar\u00fer\u00f3un", "\u00feroski"]}, {"abbreviation": "AF", "topics": ["ge\u00f0heilsa", "ge\u00f0raskanir", "streita", "tilfinningar"]}, {"abbreviation": "\u00cd\u00de", "topics": ["f\u00e9lagsst\u00f6rf", "f\u00e9l\u00f6g", "\u00ed\u00fer\u00f3ttas\u00e1lfr\u00e6\u00f0i"]}, {"abbreviation": "SG", "topics": ["framkoma", "gagnr\u00fdni", "hlustun", "samskipti", "sj\u00e1lfstraust"]}, {"abbreviation": "\u00cd\u00c6", "topics": ["\u00ed\u00fer\u00f3ttas\u00e1lfr\u00e6\u00f0i"]}, {"abbreviation": "IN", "topics": ["S\u00e1lfr\u00e6\u00f0i", "inngangur", "kenningar", "saga"]}, {"abbreviation": "\u00de\u00de", "topics": ["n\u00e1m", "\u00deroskas\u00e1lfr\u00e6\u00f0i", "\u00feroski", "\u00fer\u00f3un"]}, {"abbreviation": "AS", "topics": ["afbrig\u00f0as\u00e1lfr\u00e6\u00f0i", "streita"]}, {"abbreviation": "H\u00de", "topics": ["Hugar\u00fej\u00e1lfun", "\u00cd\u00fer\u00f3ttir"]}, {"abbreviation": "JS", "topics": ["J\u00e1kv\u00e6\u00f0 s\u00e1lfr\u00e6\u00f0i"]}, {"abbreviation": "HA", "topics": ["Hugr\u00e6n", "atferlisme\u00f0fer\u00f0"]}, {"abbreviation": "BS", "topics": ["Breytingar", "samskipti"]}, {"abbreviation": "GH", "topics": ["Ge\u00f0s\u00e1larfr\u00e6\u00f0i og ge\u00f0heilbrig\u00f0i"]}, {"abbreviation": "PF", "topics": ["f\u00e9lagss\u00e1lfr\u00e6\u00f0i", "pers\u00f3nuleikas\u00e1lfr\u00e6\u00f0i"]}, {"abbreviation": "VS", "topics": ["Vitund og si\u00f0blinda"]}, {"abbreviation": "BG", "topics": ["S\u00c1LF"]}, {"abbreviation": "F\u00d6", "topics": ["F\u00d6TLUN", "\u00d6LDRUN"]}, {"abbreviation": "CF", "topics": ["F\u00e9lags- og pers\u00f3nuleikas\u00e1lfr\u00e6\u00f0i"]}, {"abbreviation": "BT", "topics": ["Kortlagning hugans/heilans"]}, {"abbreviation": "CJ", "topics": ["j\u00e1kv\u00e6\u00f0 s\u00e1lfr\u00e6\u00f0i"]}, {"abbreviation": "AM", "topics": ["Atferlism\u00f3tun"]}, {"abbreviation": "GR", "topics": ["Grunnur \u00ed s\u00e1lfr\u00e6\u00f0i"]}, {"abbreviation": "NS", "topics": ["N\u00e1mss\u00e1larfr\u00e6\u00f0i", "saga"]}, {"abbreviation": "LH", "topics": ["L\u00edfe\u00f0lisleg og hugr\u00e6n s\u00e1lfr\u00e6\u00f0i"]}, {"abbreviation": "SF", "topics": ["mannlegt e\u00f0li", "n\u00e1m og minni", "s\u00e1lfr\u00e6\u00f0ingar", "s\u00e1lfr\u00e6\u00f0istefnur"]}, {"abbreviation": "S\u00de", "topics": ["sj\u00e1lfsmynd", "\u00feroskah\u00f6mlun", "\u00feroskakenningar", "\u00feroskas\u00e1lfr\u00e6\u00f0i"]}, {"abbreviation": "GG", "topics": ["fr\u00e1viksheg\u00f0un", "ge\u00f0heilsa", "ge\u00f0r\u00e6nar raskanir", "s\u00e1lfr\u00e6\u00f0ileg me\u00f0fer\u00f0"]}, {"abbreviation": "FR", "topics": ["f\u00e9lagss\u00e1lfr\u00e6\u00f0i", "pers\u00f3nueinkenni", "ranns\u00f3knir"]}, {"abbreviation": "UM", "topics": ["Uppeldis- og menntunarfr\u00e6\u00f0i"]}, {"abbreviation": "\u00cdS", "topics": ["\u00cd\u00fer\u00f3ttas\u00e1lfr\u00e6\u00f0i"]}], "_id": "50c0a02dd8e40575f7f6f4db", "subjects": ["s\u00e1lfr\u00e6\u00f0i"], "counter": {"1": 6, "3": 17, "2": 30, "4": 2}}, "evaluation": "L\u00f6g\u00f0 er \u00e1hersla \u00e1 fj\u00f6lbreytt n\u00e1msmat me\u00f0 lei\u00f0s\u00f6gn. N\u00e1msmati\u00f0 er \u00ed h\u00f6ndum kennara vi\u00f0komandi \u00e1fanga en \u00fearf a\u00f0 fylgja \u00feeim reglum sem kve\u00f0i\u00f0 er \u00e1 um \u00ed sk\u00f3lan\u00e1mskr\u00e1 VMA.", "categorization_suggestion": "AV", "embedded_topics": {"abbreviation": "FR", "topics": ["f\u00e9lagss\u00e1lfr\u00e6\u00f0i", "pers\u00f3nueinkenni", "ranns\u00f3knir"]}, "status": "approved by school", "description": "Fjalla\u00f0 er um f\u00e9lagss\u00e1lfr\u00e6\u00f0i og helstu vi\u00f0fangsefni hennar, m.a. sta\u00f0almyndir, ford\u00f3ma, vi\u00f0horf, a\u00f0dr\u00e1ttarafl o.fl.. Jafnframt er fjalla\u00f0 um \u00e1hrif f\u00e9lagslegs umhverfis \u00e1 heg\u00f0un, t.d. \u00e1 heg\u00f0un st\u00f3rra h\u00f3pa, hj\u00e1lpsemi og hl\u00fd\u00f0ni vi\u00f0 yfirv\u00f6ld. Auk umfj\u00f6llunar um vi\u00f0fangsefni f\u00e9lagss\u00e1lfr\u00e6\u00f0i er fjalla\u00f0 um pers\u00f3nuleikas\u00e1lfr\u00e6\u00f0i og \u00fea\u00f0 sem helst er vita\u00f0 um einstaklingsmun. \u00c1hersla er l\u00f6g\u00f0 \u00e1 \u00fej\u00e1lfun vinnubrag\u00f0a hva\u00f0 var\u00f0ar s\u00e1lfr\u00e6\u00f0ilegar ranns\u00f3knir og a\u00f0 nemendur geti sett ni\u00f0urst\u00f6\u00f0ur ranns\u00f3kna fram me\u00f0 skipulegum h\u00e6tti \u00ed ranns\u00f3knarsk\u00fdrslu. ", "knowledge_goals": ["helstu hugt\u00f6kum og kenningum s\u00e1lfr\u00e6\u00f0i sem tengjast einstaklingsmun og pers\u00f3nueinkennum", "m\u00f3tun og breytingu vi\u00f0horfa", "sta\u00f0almyndum og ford\u00f3mum", "\u00e1hrifum f\u00e9lagslegra a\u00f0st\u00e6\u00f0na \u00e1 heg\u00f0un, s.s. hj\u00e1lpsemi og hl\u00fd\u00f0ni", "framkv\u00e6md s\u00e1lfr\u00e6\u00f0ilegra ranns\u00f3kna og skipulegri framsetningu ni\u00f0ursta\u00f0na"], "skills_goals": ["beita skapandi hugsun vi\u00f0 lausnami\u00f0a\u00f0 n\u00e1m", "vinna \u00far ni\u00f0urst\u00f6\u00f0um sem afla\u00f0 er me\u00f0 ranns\u00f3kn", "setja ni\u00f0urst\u00f6\u00f0ur tilrauna og ranns\u00f3kna fram me\u00f0 skipulegum h\u00e6tti \u00ed sk\u00fdrslu"], "credits": 5, "last_modified": 1427190664.591039, "schools": ["512b49bc62933a682f00048a"], "coauthors": null, "instructions": "", "continued_education": false, "level": 3, "prerequisites": "S\u00c1LF2S\u00de05 e\u00f0a samb\u00e6rilegur \u00e1fangi", "author": "0bc9b589-2a42-4690-ac7e-ec65f804a0e6", "abbreviation_version": null, "competence_goals": [["afla uppl\u00fdsinga, leggja mat \u00e1 \u00fe\u00e6r, greina og setja \u00ed samhengi", ""], ["n\u00fdta fr\u00e6\u00f0ilegan texta \u00e1 \u00edslensku og \u00e1 erlendu tungum\u00e1li", ""], ["afla gagna me\u00f0 \u00fev\u00ed a\u00f0 framkv\u00e6ma ranns\u00f3kn", ""], ["skipuleggja og framkv\u00e6ma ranns\u00f3knir", ""], ["setja ni\u00f0urst\u00f6\u00f0ur ranns\u00f3kna fram me\u00f0 sk\u00fdrum og skipulegum h\u00e6tti", ""]], "_id": "5511338862933a4692003598"}], "title": "S\u00e1lfr\u00e6\u00f0i"}]}], "date_ministry_approval": null, "competency": {"numbers_and_information": ["Miki\u00f0 reynir \u00e1 talna- og uppl\u00fdsingal\u00e6si nemenda \u00ed fj\u00f6lm\u00f6rgum \u00e1f\u00f6ngum brautarinnar \u00fe.\u00e1.m. lokaverkefninu. \u00dear eru ger\u00f0ar kr\u00f6fur um vinnubr\u00f6g\u00f0 \u00e1 h\u00e1sk\u00f3lastigi, \u00fe.e. a\u00f0 nemendur s\u00e9u l\u00e6sir \u00e1 uppl\u00fdsingar fr\u00e1 \u00f3l\u00edkum mi\u00f0lum, geti n\u00fdtt s\u00e9r margv\u00edslega t\u00e6kni \u00ed uppl\u00fdsingaleit, afla\u00f0 gagna, flokka\u00f0 \u00feau og n\u00fdtt s\u00e9r uppl\u00fdsingarnar \u00e1 gagnr\u00fdninn h\u00e1tt. Nemendur f\u00e1 \u00fej\u00e1lfun \u00ed a\u00f0 lesa, meta, t\u00falka og kynna t\u00f6lfr\u00e6\u00f0ilegar og myndr\u00e6nar uppl\u00fdsingar."], "educational_competence": ["\u00c1 n\u00e1mst\u00edmanum er unni\u00f0 a\u00f0 \u00fev\u00ed a\u00f0 efla sj\u00e1lfst\u00e6\u00f0 vinnubr\u00f6g\u00f0 nemenda og gera \u00fe\u00e1 \u00e1byrga \u00ed n\u00e1minu. Nemendur greina styrkleika s\u00edna og veikleika og f\u00e1 a\u00f0sto\u00f0 vi\u00f0 a\u00f0 setja s\u00e9r raunh\u00e6f n\u00e1msmarkmi\u00f0, forgangsra\u00f0a verkefnum, skipuleggja n\u00e1m sitt og vinnut\u00edma. Kennslu- og n\u00e1msa\u00f0fer\u00f0ir eru fj\u00f6lbreyttar og nemendur \u00fej\u00e1lfast \u00ed a\u00f0 vinna \u00f3l\u00edk verkefni sem reyna \u00e1 \u00fdmsa h\u00e6fni. \u00deeir f\u00e1 \u00fej\u00e1lfun \u00ed a\u00f0 deila \u00feekkingu sinni me\u00f0 \u00f6\u00f0rum og er \u00fea\u00f0 gert t.d. \u00ed gegnum h\u00f3pavinnu, paravinnu, kynningar \u00e1 verkefnum, samvinnun\u00e1m og fleira. Nemendur l\u00e6ra a\u00f0 meta eigi\u00f0 vinnuframlag og annarra t.d. me\u00f0 sj\u00e1lfsmati og jafningjamati. Me\u00f0 stigvaxandi kr\u00f6fum \u00ed n\u00e1mi l\u00e6rir nemandi a\u00f0 takast \u00e1 vi\u00f0 n\u00fd verkefni og \u00e1skoranir, yfirst\u00edga hindranir og n\u00fdta fyrri reynslu, \u00feekkingu og skilning vi\u00f0 \u00farlausn n\u00fdrra verkefna."], "creative_thinking": ["\u00cd gegnum sk\u00f3lastarfi\u00f0 n\u00fdta nemendur sk\u00f6punarkraft sinn \u00e1 margv\u00edslegan h\u00e1tt \u00ed l\u00edfi og starfi innan sk\u00f3lans og utan. \u00cd sk\u00f3lanum eru settar upp leiks\u00fdningar, lists\u00fdningar, s\u00f6ngkeppnir og \u00fdmsar skemmtanir sem krefjast \u00feess a\u00f0 nemendur s\u00fdni frumkv\u00e6\u00f0i, sj\u00e1lfst\u00e6\u00f0i og skapandi hugsun og n\u00fdti \u00feekkingu s\u00edna til a\u00f0 skapa og b\u00faa til eitthva\u00f0 n\u00fdtt og draga l\u00e6rd\u00f3m af. F\u00e9lagsl\u00edfi\u00f0 skipar \u00fear st\u00f3ran sess og m\u00e1 helst nefna leiklist og t\u00f3nlist \u00ed \u00fev\u00ed sambandi. \u00cd gegnum f\u00e9lagsl\u00edfi\u00f0 \u00f6\u00f0last nemendur skilning \u00e1 tengslum menningar og listar vi\u00f0 atvinnusk\u00f6pun og samf\u00e9lags\u00fer\u00f3un. \u00cd n\u00e1minu vinna nemendur verkefni og skila \u00feeim af s\u00e9r me\u00f0 \u00f3l\u00edku sni\u00f0i t.d. sem myndbandi, vefs\u00ed\u00f0u, veggspjaldi, b\u00e6klingi, \u00farklippum, munnlegri kynningu, ferilm\u00f6ppu e\u00f0a sm\u00e1s\u00f6gu. \u00de\u00e1 reynir \u00e1 frumkv\u00e6\u00f0i og skapandi hugsun og a\u00f0 nemendur geti mi\u00f0la\u00f0 \u00feekkingu sinni og h\u00e6fni \u00e1 skapandi h\u00e1tt og me\u00f0 \u00f3l\u00edkum lei\u00f0um."], "sustainability": ["\u00cd \u00f6llu sk\u00f3lastarfinu er l\u00f6g\u00f0 \u00e1hersla \u00e1 sj\u00e1lfb\u00e6rni og sj\u00e1lfb\u00e6ra hugsun. Unni\u00f0 er a\u00f0 \u00fev\u00ed a\u00f0 nemendur ver\u00f0i virkir og \u00e1byrgir borgarar b\u00e6\u00f0i \u00ed samf\u00e9laginu og umhverfi s\u00ednu. L\u00f6g\u00f0 er \u00e1hersla \u00e1 a\u00f0 nemendur skilji hvernig vistkerfi jar\u00f0ar setur manninum takmarkanir, sanngjarna skiptingu au\u00f0linda og skynsamlega n\u00fdtingu \u00feeirra. Nemendur vinna me\u00f0 uppl\u00fdsingar um eigin neysluvenjur og setja \u00ed samhengi vi\u00f0 n\u00fdtingu n\u00e1tt\u00faruau\u00f0linda. Einnig taka \u00feeir \u00fe\u00e1tt \u00ed samr\u00e6\u00f0um sem var\u00f0a umhverfisvitund og sj\u00e1lfb\u00e6rni \u00e1 \u00e1byrgan og r\u00f6kr\u00e6nan h\u00e1tt. Nemendur taka \u00e1byrga og uppl\u00fdsta afst\u00f6\u00f0u til umhverfism\u00e1la og n\u00fdtingu n\u00e1tt\u00faruau\u00f0linda. L\u00f6g\u00f0 er \u00e1hersla \u00e1 a\u00f0 nemendur vir\u00f0i mannr\u00e9ttindi, sko\u00f0anir annarra og umhverfi sitt."], "foreign_societies": ["Nemendur eru hvattir til a\u00f0 tj\u00e1 sig \u00e1 erlendum tungum\u00e1lum \u00ed \u00fev\u00ed tungum\u00e1lan\u00e1mi sem \u00feeir leggja stund \u00e1. Nemendur f\u00e1 fj\u00f6lbreytta texta til a\u00f0 vinna me\u00f0, tj\u00e1 sig b\u00e6\u00f0i munnlega og skriflega um innihald textanna og auka or\u00f0afor\u00f0a sinn um lei\u00f0. Einnig er l\u00f6g\u00f0 r\u00edk \u00e1hersla \u00e1 samr\u00e6\u00f0u og tj\u00e1ningu \u00ed r\u00e6\u00f0u og riti t.d. um b\u00f3kmenntir og kvikmyndir. \u00cd tungum\u00e1lan\u00e1minu er leitast vi\u00f0 a\u00f0 veita nemendum inns\u00fdn \u00ed \u00f3l\u00edka menningarheima og si\u00f0i sem einkennir \u00feau landsv\u00e6\u00f0i \u00fear sem vi\u00f0komandi m\u00e1l er tala\u00f0. \u00cd m\u00f6rgum \u00f6\u00f0rum greinum en tungum\u00e1lum kynna nemendur s\u00e9r \u00edtarefni og n\u00fdta s\u00e9r heimildir \u00e1 erlendu tungum\u00e1li \u00ed tengslum vi\u00f0 verkefnavinnu og f\u00e1 \u00feannig  \u00fej\u00e1lfun \u00ed a\u00f0 lesa vi\u00f0komandi fagm\u00e1l. Sk\u00f3linn leitast vi\u00f0 a\u00f0 taka \u00fe\u00e1tt \u00ed samskiptum vi\u00f0 sk\u00f3la og skyldar stofnanir erlendis og er l\u00f6g\u00f0 \u00e1hersla \u00e1 a\u00f0 nemendur taki \u00fe\u00e1tt \u00ed erlendum samstarfsverkefnum."], "health": ["Sk\u00f3linn tekur \u00fe\u00e1tt \u00ed verkefni um heilsueflandi framhaldssk\u00f3la. L\u00f6g\u00f0 er \u00e1hersla \u00e1 heilsusamlegan l\u00edfsst\u00edl, n\u00e6ringu, hreyfingu og ge\u00f0r\u00e6kt. Nemendur eru \u00e1byrgir fyrir eigin heilsu, l\u00edkamlegri og andlegri og taka \u00e1byrga afst\u00f6\u00f0u til eigin velfer\u00f0ar og heilbrig\u00f0is. A\u00f0 loknu n\u00e1mi \u00feekkja nemendur gildi reglulegrar hreyfingar og mikilv\u00e6gi fj\u00f6lbreyttrar og n\u00e6ringarr\u00edkrar f\u00e6\u00f0u. Vi\u00f0 sk\u00f3lann er markvisst unni\u00f0 a\u00f0 fr\u00e6\u00f0slu sem tengist forv\u00f6rnum. Markmi\u00f0 sl\u00edkrar fr\u00e6\u00f0slu er a\u00f0 nemendur s\u00e9u me\u00f0vita\u00f0ir um ska\u00f0semi t\u00f3baksnotkunar, \u00e1fengisneyslu og notkunar annarra v\u00edmuefna \u00e1samt \u00fev\u00ed a\u00f0 \u00feeir taki afst\u00f6\u00f0u gegn einelti og \u00f6\u00f0ru ofbeldi og hverskonar mismunun. Fjalla\u00f0 er um neyslu og f\u00edkn, tengsl hugar og l\u00edkama og \u00fdmsa f\u00e9lagslega \u00fe\u00e6tti sem st\u00fdra heg\u00f0un og ath\u00f6fnum einstaklinga og hafa \u00e1hrif \u00e1 heilbrig\u00f0i og l\u00edfsst\u00edl."], "icelandic_society_norms": ["Me\u00f0 auknu s\u00edmati \u00ed sk\u00f3lanum er l\u00f6g\u00f0 \u00e1hersla \u00e1 vinnu nemenda \u00fear sem reynir  \u00e1 alla \u00fe\u00e6tti l\u00e6sis, tj\u00e1ningar og samskipta. \u00cd sk\u00f3lastarfinu reynir \u00e1 samskiptah\u00e6fni og samskipti nemenda t.d. \u00ed f\u00e9lagsl\u00edfinu og vi\u00f0 alls kyns verkefnavinnu. M\u00e1 \u00fear nefna kynningar nemenda \u00e1 verkefnum s\u00ednum, \u00ed gegnum samr\u00e6\u00f0u \u00ed para- og h\u00f3pavinnu, \u00ed umr\u00e6\u00f0um og me\u00f0 \u00fe\u00e1ttt\u00f6ku \u00ed f\u00e9lagsst\u00f6rfum. Nemendur f\u00e1 \u00fej\u00e1lfun \u00ed a\u00f0 svara spurningum \u00e1 m\u00e1lefnalegan h\u00e1tt og a\u00f0 r\u00f6ksty\u00f0ja sko\u00f0anir s\u00ednar og ni\u00f0urst\u00f6\u00f0ur \u00ed r\u00e6\u00f0u og riti. Me\u00f0 aukinni \u00fej\u00e1lfun, st\u00edganda \u00ed n\u00e1mi og s\u00e9rh\u00e6fingu ver\u00f0ur or\u00f0afor\u00f0i nemenda fj\u00f6lbreyttari og m\u00e1li\u00f0 bl\u00e6brig\u00f0ar\u00edkara."], "democracy_and_human_rights": ["\u00cd sk\u00f3lanum er stu\u00f0la\u00f0 a\u00f0 \u00fev\u00ed a\u00f0 gera nemendur a\u00f0 virkum og \u00e1byrgum \u00fe\u00e1tttakendum \u00ed l\u00fd\u00f0r\u00e6\u00f0issamf\u00e9lagi t.d. me\u00f0 nemenda\u00feingi \u00fear sem nemendum er skipt \u00ed sm\u00e6rri h\u00f3pa og \u00feeir f\u00e1 \u00e1kve\u00f0i\u00f0 vi\u00f0fangsefni til a\u00f0 fjalla um, mynda s\u00e9r sko\u00f0un \u00e1 og skila till\u00f6gum/\u00e1bendingum um hva\u00f0 vel er gert e\u00f0a betur m\u00e1 fara. \u00ddmis m\u00e1lefni geta veri\u00f0 \u00ed brennidepli t.d. sk\u00f3lareglurnar, f\u00e9lagsst\u00f6rfin, a\u00f0b\u00fana\u00f0ur og \u00fej\u00f3nusta. \u00cd sk\u00f3lanum er kennslumat lagt fyrir nemendur en \u00ed sl\u00edku mati meta nemendur kennslu, a\u00f0st\u00f6\u00f0u og n\u00e1msefni \u00ed \u00feeim \u00e1f\u00f6ngum sem \u00feeir eru skr\u00e1\u00f0ir \u00ed. Ni\u00f0urst\u00f6\u00f0urnar eru nota\u00f0ar til a\u00f0 b\u00e6ta g\u00e6\u00f0i kennslunnar. A\u00f0 auki er l\u00f6g\u00f0 fyrir nemendur \u00fej\u00f3nustuk\u00f6nnun en \u00fear er lagt upp me\u00f0 a\u00f0 meta \u00fdmsa \u00fej\u00f3nustu sem sk\u00f3linn veitir nemendum t.d. \u00fej\u00f3nustu b\u00f3kasafns, skrifstofu, m\u00f6tuneytis o.s.frv. A\u00f0 auki eiga nemendur fulltr\u00faa \u00ed sk\u00f3lar\u00e1\u00f0i og sk\u00f3lanefnd, \u00ed sk\u00f3lanum er einnig starfr\u00e6kt hagsmunar\u00e1\u00f0 nemenda og nemendaf\u00e9lag. Nemendur vinna \u00fdmis verkefni sem fjalla t.d. um mannr\u00e9ttindi, si\u00f0fer\u00f0isvitund og l\u00fd\u00f0r\u00e6\u00f0i og eru hvattir til umbur\u00f0arlyndis og vir\u00f0ingar fyrir mismunandi l\u00edfsgildum. Me\u00f0 virkri \u00fe\u00e1ttt\u00f6ku \u00ed sk\u00f3lastarfinu, n\u00e1minu og me\u00f0 \u00feeim t\u00e6kif\u00e6rum sem nemendum bj\u00f3\u00f0ast til \u00e1hrifa \u00fej\u00e1lfast \u00feeir \u00ed \u00fev\u00ed a\u00f0 vera virkir og \u00e1byrgir \u00fe\u00e1tttakendur \u00ed l\u00fd\u00f0r\u00e6\u00f0issamf\u00e9lagi."], "equality": ["\u00cd sk\u00f3lanum er \u00ed gildi jafnr\u00e9ttis\u00e1\u00e6tlun sem segir a\u00f0 stu\u00f0la skuli a\u00f0 \u00fev\u00ed a\u00f0 hver einstaklingur n\u00fdti h\u00e6fileika s\u00edna og krafta sem best, \u00f3h\u00e1\u00f0 andlegu og l\u00edkamlegu atgervi, kynfer\u00f0i, kynhneig\u00f0, litarh\u00e6tti, \u00fej\u00f3\u00f0erni, tr\u00fa, b\u00fasetu e\u00f0a efnahag. Jafnframt er stefnt a\u00f0 \u00fev\u00ed a\u00f0 tryggja hverjum og einum vi\u00f0fangsefni og menntun vi\u00f0 h\u00e6fi. L\u00f6g\u00f0 er \u00e1hersla \u00e1 a\u00f0 starfi\u00f0 \u00e1 brautinni stu\u00f0li a\u00f0 j\u00f6fnum r\u00e9tti kynja til n\u00e1ms og a\u00f0 nemendur s\u00e9u hvattir til a\u00f0 velja s\u00e9r n\u00e1m eftir \u00e1huga. Me\u00f0 \u00feessu er leitast vi\u00f0 a\u00f0  gera nemendur me\u00f0vita\u00f0a um \u00e1hrif fyrirmynda og sta\u00f0almynda \u00e1 eigin \u00edmynd og l\u00edfsst\u00edl og a\u00f0 \u00feeir geti mynda\u00f0 s\u00e9r gagnr\u00fdna sko\u00f0un \u00e1 vi\u00f0teknum hugmyndum \u00ed samf\u00e9laginu. Nemendur vinna \u00fdmis verkefni sem tengjast jafnr\u00e9tti \u00ed v\u00ed\u00f0um skilningi t.d. ford\u00f3mum, fj\u00f6lmenningu, kynhneig\u00f0, f\u00f6tlun og tr\u00faarbr\u00f6g\u00f0um. \u00de\u00e1 l\u00e6ra nemendur a\u00f0 greina \u00e1hrif \u00fdmissa \u00fe\u00e1tta \u00e1 l\u00edf einstaklinga og h\u00f3pa, t.d. st\u00e9ttar, tr\u00faarbrag\u00f0a, \u00fej\u00f3\u00f0ernis, kynhneig\u00f0ar, litarh\u00e1ttar, b\u00fasetu o.fl."]}, "user_id": "0bc9b589-2a42-4690-ac7e-ec65f804a0e6", "is_ministry_rejected": false, "title": "\u00cd\u00fer\u00f3tta- og l\u00fd\u00f0heilsubraut (Sta\u00f0festingarn\u00famer 93)", "ministry_serial": "15-93-3-7", "version": "st\u00fadent-145", "status_trans": "Sam\u00feykkt af r\u00e1\u00f0uneyti", "date_last_sent_to_ministry": null, "evaluation": "L\u00f6g\u00f0 er \u00e1hersla \u00e1 lei\u00f0sagnarmat og s\u00edmat sem gefur nemendum uppbyggilega og hvetjandi lei\u00f0s\u00f6gn og metur vinnuframlag \u00feeirra jafnt og \u00fe\u00e9tt yfir n\u00e1mst\u00edmann. N\u00e1msmat er fj\u00f6lbreytt og a\u00f0fer\u00f0ir taka mi\u00f0 af fj\u00f6lbreyttum kennsluh\u00e1ttum, n\u00e1msmarkmi\u00f0um og h\u00e6fni nemenda. N\u00e1msmat \u00e1 brautinni er f\u00f3lgi\u00f0 \u00ed s\u00edmati og lokapr\u00f3fi e\u00f0a eing\u00f6ngu s\u00edmati. N\u00e1nari tilh\u00f6gun n\u00e1msmats s.s. skiladagar verkefna og v\u00e6gi kemur fram \u00ed n\u00e1msmatsreglum sk\u00f3lans. ", "status": "approved by ministry", "core": [{"courses": [{"exemplary": null, "topics": "au\u00f0lindir, n\u00fdting, umgengni, umhverfi", "abbreviation": "N\u00c1L\u00c61UN05", "former_schools": null, "subject": "N\u00e1tt\u00farul\u00e6si", "title": "Almenn n\u00e1tt\u00farfr\u00e6\u00f0i", "version": 1, "status_trans": "Sam\u00feykkt af sk\u00f3la", "embedded_subject": {"abbreviation": "N\u00c1L\u00c6", "topics": [{"abbreviation": "UM", "topics": ["Umhverfisfr\u00e6\u00f0i", "efnafr\u00e6\u00f0i", "e\u00f0lisfr\u00e6\u00f0i", "jar\u00f0fr\u00e6\u00f0i", "l\u00edffr\u00e6\u00f0i", "ve\u00f0urfr\u00e6\u00f0i"]}, {"abbreviation": "AN", "topics": ["Almennt n\u00e1tt\u00farul\u00e6si"]}, {"abbreviation": "UN", "topics": ["au\u00f0lindir", "n\u00fdting", "umgengni", "umhverfi"]}], "_id": "519c9a2562933a1deb000a70", "subjects": ["N\u00e1tt\u00farul\u00e6si"], "counter": {"1": 0, "3": 0, "2": 0, "4": 0}}, "evaluation": "L\u00f6g\u00f0 er \u00e1hersla \u00e1 fj\u00f6lbreytt n\u00e1msmat me\u00f0 lei\u00f0s\u00f6gn. N\u00e1msmati\u00f0 er \u00ed h\u00f6ndum kennara vi\u00f0komandi \u00e1fanga en \u00fearf a\u00f0 fylgja \u00feeim reglum sem kve\u00f0i\u00f0 er \u00e1 um \u00ed sk\u00f3lan\u00e1mskr\u00e1 VMA.", "categorization_suggestion": "AV", "embedded_topics": {"abbreviation": "UN", "topics": ["au\u00f0lindir", "n\u00fdting", "umgengni", "umhverfi"]}, "status": "approved by school", "description": "\u00cd \u00e1fanganum er l\u00f6g\u00f0 \u00e1hersla \u00e1 a\u00f0 nemandi auki \u00feekkingu og skilning \u00e1 umhverfi s\u00ednu, \u00e1hrifum mannsins \u00e1 n\u00e1tt\u00faruna og sj\u00e1lfb\u00e6rni \u00ed n\u00fat\u00edma \u00fej\u00f3\u00f0f\u00e9lagi \u00e1samt \u00fev\u00ed a\u00f0 ver\u00f0a me\u00f0vita\u00f0ri um \u00f3rj\u00fafanleg tengsl einstaklings og n\u00e1tt\u00faru. Nemandinn kynnist helstu atri\u00f0um og hugt\u00f6kum n\u00e1tt\u00faruv\u00edsindagreina, hvernig \u00feau tengjast daglegu l\u00edfi og \u00fej\u00e1lfast \u00ed a\u00f0 n\u00fdta s\u00e9r uppl\u00fdsingar. Nemandinn gerir s\u00e9r grein fyrir mikilv\u00e6gi au\u00f0linda og \u00feroskar me\u00f0 s\u00e9r vitund um landn\u00fdtingu, n\u00fdtingu sj\u00e1var og umhverfisv\u00e6na orku\u00f6flun. \u00c1hersla er l\u00f6g\u00f0 \u00e1 a\u00f0 vekja \u00e1huga, efla \u00feekkingu og \u00e1byrg\u00f0arkennd nemandans gagnvart n\u00e1tt\u00farunni. Um er a\u00f0 r\u00e6\u00f0a verkefnabundi\u00f0 n\u00e1m me\u00f0 \u00e1herslu \u00e1 samvinnu og frumkv\u00e6\u00f0i og nemandinn rannsakar vi\u00f0fangsefni \u00e1fangans hverju sinni \u00e1 gagnr\u00fdninn og skapandi h\u00e1tt. ", "knowledge_goals": ["n\u00e1nasta umhverfi s\u00ednu", "\u00e1hrifum mannsins \u00e1 n\u00e1tt\u00faruna", "helstu hugt\u00f6kum n\u00e1tt\u00faruv\u00edsinda", "mikilv\u00e6gi sj\u00e1lfb\u00e6rni \u00ed samf\u00e9lagi s\u00ednu", "au\u00f0lindan\u00fdtingu og umhverfisv\u00e6nni orku\u00f6flun"], "skills_goals": ["lesa og skilja texta, myndrit og kort af \u00fdmsu tagi", "afla s\u00e9r uppl\u00fdsinga um umhverfi sitt", "meta uppl\u00fdsingar \u00e1 gagnr\u00fdninn h\u00e1tt", "nota hugt\u00f6k n\u00e1tt\u00faruv\u00edsinda \u00ed daglegu l\u00edfi og framkv\u00e6ma einfaldar tilraunir", "mi\u00f0la uppl\u00fdsingum og sko\u00f0unum \u00ed r\u00e6\u00f0u og riti", "skilja samspil manns og n\u00e1tt\u00faru"], "credits": 5, "last_modified": 1425140651.211631, "schools": ["512b49bc62933a682f00048a"], "coauthors": null, "instructions": "", "continued_education": false, "level": 1, "prerequisites": "engar", "author": "0bc9b589-2a42-4690-ac7e-ec65f804a0e6", "abbreviation_version": null, "competence_goals": [["mi\u00f0la h\u00e6fni sinni \u00e1 skapandi h\u00e1tt", ""], ["bera vir\u00f0ingu fyrir sko\u00f0unum og l\u00edfsgildum annarra", ""], ["vera virkur og \u00e1byrgur \u00fe\u00e1tttakandi \u00ed l\u00fd\u00f0r\u00e6\u00f0issamf\u00e9lagi", ""], ["vera me\u00f0vita\u00f0ur um margv\u00edslegar au\u00f0lindir n\u00e1tt\u00farunnar", ""], ["skilja hvernig vistkerfi jar\u00f0ar setur manninum takmarkanir", ""], ["meta gildi uppl\u00fdsinga um umhverfi og n\u00e1tt\u00faru \u00e1 gagnr\u00fdninn h\u00e1tt", ""], ["bera vir\u00f0ingu fyrir umhverfi s\u00ednu og n\u00e1tt\u00faru", ""], ["n\u00fdta s\u00e9r margv\u00edslega t\u00e6kni \u00ed \u00feekkingarleit", ""], ["\u00feekkja st\u00f6\u00f0u \u00cdslands \u00ed umhverfism\u00e1lum", ""]], "_id": "54f1ebab62933a1936001cc1"}, {"exemplary": null, "topics": "Endurl\u00edfgun, me\u00f0fer\u00f0, \u00e1verkar", "abbreviation": "SKYN2E\u00c101", "former_schools": null, "subject": "skyndihj\u00e1lp", "title": "Almenn skyndihj\u00e1lp", "version": 5, "status_trans": "Sam\u00feykkt af sk\u00f3la", "embedded_subject": {"abbreviation": "SKYN", "topics": [{"abbreviation": "SE", "topics": ["endurl\u00edfgun", "skyndihj\u00e1lp"]}, {"abbreviation": "E\u00c1", "topics": ["Endurl\u00edfgun", "me\u00f0fer\u00f0", "\u00e1verkar"]}, {"abbreviation": "GR", "topics": ["Grunnn\u00e1mskei\u00f0"]}, {"abbreviation": "SH", "topics": ["1. hj\u00e1lp og s\u00e1lr\u00e6nn stu\u00f0ningur", "Almenn skyndihj\u00e1lp"]}, {"abbreviation": "AS", "topics": ["Skyndihj\u00e1lp"]}], "_id": "51275b4062933a682f000162", "subjects": ["skyndihj\u00e1lp"], "counter": {"1": 4, "3": 1, "2": 4, "4": 0}}, "evaluation": "L\u00f6g\u00f0 er \u00e1hersla \u00e1 fj\u00f6lbreytt n\u00e1msmat me\u00f0 lei\u00f0s\u00f6gn. N\u00e1msmati\u00f0 er \u00ed h\u00f6ndum kennara vi\u00f0komandi \u00e1fanga en \u00fearf a\u00f0 fylgja \u00feeim reglum sem kve\u00f0i\u00f0 er \u00e1 um \u00ed sk\u00f3lan\u00e1mskr\u00e1 VMA.", "categorization_suggestion": "AV", "embedded_topics": {"abbreviation": "E\u00c1", "topics": ["Endurl\u00edfgun", "me\u00f0fer\u00f0", "\u00e1verkar"]}, "status": "approved by school", "description": "\u00cd \u00e1fanganum er fjalla\u00f0 um a\u00f0ger\u00f0ir \u00e1 vettvangi, sko\u00f0un og mat. Fari\u00f0 er yfir endurl\u00edfgun, helstu bl\u00e6\u00f0ingar, lost og vi\u00f0br\u00f6g\u00f0 vi\u00f0 lost\u00e1standi. Einnig eru teknar fyrir helstu tegundir s\u00e1ra, \numb\u00fa\u00f0ir og s\u00e1rabindi og fari\u00f0 \u00ed helstu orsakir bruna, flokkun brunas\u00e1ra og skyndihj\u00e1lp vi\u00f0 bruna. Helstu h\u00f6fu\u00f0, h\u00e1ls og hrygg\u00e1verkum eru ger\u00f0 skil \u00e1samt brj\u00f3st-, kvi\u00f0- og \nmja\u00f0ma\u00e1verkum. Einnig er fari\u00f0 \u00ed beina-, li\u00f0am\u00f3ta- og v\u00f6\u00f0va\u00e1verka. Nemandinn l\u00e6rir a\u00f0 spelka \u00fatlimi sem or\u00f0i\u00f0 hafa fyrir \u00e1verka. Fari\u00f0 er \u00ed br\u00e1\u00f0a sj\u00fakd\u00f3ma, eitranir, bit og stungur, \u00e1samt umfj\u00f6llun um vi\u00f0br\u00f6g\u00f0 vi\u00f0 kali, ofk\u00e6lingu og h\u00e1ska af v\u00f6ldum hita. Fari\u00f0 er \u00ed bj\u00f6rgun og flutning einstaklinga af slyssta\u00f0. ", "knowledge_goals": ["hugmyndafr\u00e6\u00f0i skyndihj\u00e1lpar", "hvernig mat \u00e1 sl\u00f6su\u00f0um einstaklingi \u00e1 slyssta\u00f0 er framkv\u00e6mt", "framkv\u00e6md endurl\u00edfgunar", "bl\u00e6\u00f0ingum og vi\u00f0br\u00f6g\u00f0um vi\u00f0 lost\u00e1standi", "helstu tegundum s\u00e1ra, umb\u00fa\u00f0a og s\u00e1rabinda", "helstu tegundum brunas\u00e1ra og skyndihj\u00e1lp vegna brunas\u00e1ra", "helstu \u00e1verkum \u00e1 l\u00edkama", "fyrstu vi\u00f0br\u00f6g\u00f0um vi\u00f0 kali, ofk\u00e6lingu og ofhitnun", "fyrstu vi\u00f0br\u00f6g\u00f0um vegna br\u00e1\u00f0ra sj\u00fakd\u00f3ma, eitrana, bits e\u00f0a stungna"], "skills_goals": ["breg\u00f0ast vi\u00f0 dau\u00f0ad\u00e1i", "framkv\u00e6ma mat og sko\u00f0un \u00e1 sl\u00f6su\u00f0um einstaklingum", "flytja slasa\u00f0an einstakling af slyssta\u00f0 \u00e1 \u00f6ruggan h\u00e1tt", "framkv\u00e6ma bl\u00e1stursme\u00f0fer\u00f0 og hjartahno\u00f0", "b\u00faa um s\u00e1r og velja umb\u00fa\u00f0ir vi\u00f0 h\u00e6fi", "st\u00f6\u00f0va bl\u00e6\u00f0ingu og b\u00faa um bl\u00e6\u00f0andi s\u00e1r", "beita vi\u00f0eigandi me\u00f0fer\u00f0 vi\u00f0 losti", "spelka \u00fatlimi eftir \u00e1verka/tognanir", "veita fyrstu hj\u00e1lp vegna brunas\u00e1ra", "veita fyrstu hj\u00e1lp vegna kals, ofk\u00e6lingar og ofhitnunar"], "credits": 1, "last_modified": 1431422187.736418, "schools": ["512b49bc62933a682f00048a"], "coauthors": null, "instructions": "", "continued_education": false, "level": 2, "prerequisites": "engar", "author": "0bc9b589-2a42-4690-ac7e-ec65f804a0e6", "abbreviation_version": null, "competence_goals": [["meta a\u00f0st\u00e6\u00f0ur \u00e1 slyssta\u00f0 og breg\u00f0ast vi\u00f0 \u00feeim \u00e1 vi\u00f0eigandi h\u00e1tt", ""], ["veita skyndihj\u00e1lp vegna br\u00e1\u00f0ra sj\u00fakd\u00f3ma, dau\u00f0ad\u00e1s, slysa og/e\u00f0a l\u00edkamlegra \u00e1verka", ""]], "_id": "5551c4eb62933a2f3d0002ef"}, {"exemplary": null, "topics": "menning, m\u00e1lfr\u00e6\u00f0i, or\u00f0afor\u00f0i", "abbreviation": "DANS2OM05", "former_schools": null, "subject": "danska", "title": "Danska fyrir sj\u00e1lfst\u00e6\u00f0an notanda 1", "version": 22, "status_trans": "Sam\u00feykkt af sk\u00f3la", "embedded_subject": {"abbreviation": "DANS", "topics": [{"abbreviation": "BG", "topics": ["evr\u00f3pski tungum\u00e1laramminn", "grunnur", "stig b1"]}, {"abbreviation": "BF", "topics": ["evr\u00f3pski tungum\u00e1laramminn", "framhald", "stig b1"]}, {"abbreviation": "UB", "topics": ["evr\u00f3pski tungum\u00e1laramminn", "stig b2", "undirsta\u00f0a"]}, {"abbreviation": "VB", "topics": ["evr\u00f3pski tungum\u00e1laramminn", "stig b2", "vi\u00f0b\u00f3t"]}, {"abbreviation": "CG", "topics": ["evr\u00f3pski tungum\u00e1laramminn", "grunnur", "stig c1"]}, {"abbreviation": "CF", "topics": ["evr\u00f3pski tungum\u00e1laramminn", "framhald", "stig c1"]}, {"abbreviation": "RM", "topics": ["m\u00e1lnotkun og b\u00f3kmenntir", "ritun"]}, {"abbreviation": "MR", "topics": ["menning", "ritun og b\u00f3kmenntir"]}, {"abbreviation": "BM", "topics": ["b\u00f3kmenntir og or\u00f0afor\u00f0i", "menning"]}, {"abbreviation": "KV", "topics": ["kvikmynda\u00e1fangi"]}, {"abbreviation": "EV", "topics": ["evr\u00f3pski tungum\u00e1laramminn"]}, {"abbreviation": "MV", "topics": ["menning", "venjur"]}, {"abbreviation": "MS", "topics": ["menning", "samf\u00e9lag"]}, {"abbreviation": "LO", "topics": ["lesskilningur", "or\u00f0afor\u00f0i"]}, {"abbreviation": "SO", "topics": ["s\u00e9rh\u00e6f\u00f0ur or\u00f0afor\u00f0i"]}, {"abbreviation": "TL", "topics": ["lestur og menning", "tj\u00e1ning"]}, {"abbreviation": "UN", "topics": ["undirb\u00fanings\u00e1fangi \u00ed d\u00f6nsku"]}, {"abbreviation": "LT", "topics": ["lestur og menning ii", "tj\u00e1ning"]}, {"abbreviation": "M\u00c1", "topics": ["m\u00e1lfr\u00e6\u00f0i"]}, {"abbreviation": "GR", "topics": ["grunn\u00e1fangi"]}, {"abbreviation": "AL", "topics": ["almennur \u00e1fangi"]}, {"abbreviation": "FI", "topics": ["film og filmhistorie"]}, {"abbreviation": "LI", "topics": ["litter\u00e6r analyse"]}, {"abbreviation": "TT", "topics": ["tal;  t\u00e6nke - tale"]}, {"abbreviation": "L\u00c9", "topics": ["l\u00e9ttlestur"]}, {"abbreviation": "OR", "topics": ["or\u00f0afor\u00f0i"]}, {"abbreviation": "ML", "topics": ["lesskilningur", "m\u00e1lfr\u00e6\u00f0i"]}, {"abbreviation": "LM", "topics": ["lesskilningur", "m\u00e1lfr\u00e6\u00f0i", "stig a2 \u00ed evr\u00f3pska tungum\u00e1larammanum"]}, {"abbreviation": "MO", "topics": ["lesskilningur", "m\u00e1lfr\u00e6\u00f0i", "stig b1 \u00ed evr\u00f3pska tungum\u00e1larammanum"]}, {"abbreviation": "MB", "topics": ["b\u00f3kmenntir", "menning", "stig b2 \u00ed evr\u00f3pska tungum\u00e1larammanum"]}, {"abbreviation": "FH", "topics": ["Framhalds\u00e1fangi danska hra\u00f0fer\u00f0"]}, {"abbreviation": "TM", "topics": ["lestur", "m\u00e1lfr\u00e6\u00f0i", "tal"]}, {"abbreviation": "FS", "topics": ["0 \u00e1 grunnsk\u00f3lapr\u00f3fi", "fyrir nemendur", "sem f\u00e1 undir 5"]}, {"abbreviation": "HY", "topics": ["Hyggelesning", "yndislestur framhald"]}, {"abbreviation": "ST", "topics": ["menning", "skilningur", "tj\u00e1ning"]}, {"abbreviation": "SS", "topics": ["skilningur", "s\u00e9rh\u00e6fing", "tj\u00e1ning"]}, {"abbreviation": "FB", "topics": ["b\u00f3kmenntir", "fj\u00f6lmi\u00f0lar", "\u00feemavinna"]}, {"abbreviation": "VV", "topics": ["Verkefni a\u00f0 eigin vali"]}, {"abbreviation": "DA", "topics": ["dabla"]}, {"abbreviation": "DT", "topics": ["Danskt m\u00e1l og samf\u00e9lag 2"]}, {"abbreviation": "DM", "topics": ["D\u00f6nsk menning og samf\u00e9lag"]}, {"abbreviation": "NS", "topics": ["DANS2NS05"]}, {"abbreviation": "SV", "topics": ["menning og venjur", "samf\u00e9lag"]}, {"abbreviation": "DS", "topics": ["Samf\u00e9lag", "skilningur og skrif"]}, {"abbreviation": "FL", "topics": ["Danska: A\u00f0 flytja til Danmerkur"]}, {"abbreviation": "SN", "topics": ["Samskipti og n\u00fdsk\u00f6pun"]}, {"abbreviation": "LH", "topics": ["hlustun", "lestur", "ritun", "tala\u00f0 m\u00e1l"]}, {"abbreviation": "TR", "topics": ["hlustun", "lestur", "tala\u00f0 m\u00e1l"]}, {"abbreviation": "KF", "topics": ["Kristj\u00e1n 9. og arfleif\u00f0 hans"]}, {"abbreviation": "F\u00de", "topics": ["Fer\u00f0a\u00fej\u00f3nustu danska"]}, {"abbreviation": "LL", "topics": ["DANS"]}, {"abbreviation": "L\u00c6", "topics": ["L\u00e6si"]}, {"abbreviation": "SK", "topics": ["Sk\u00f6pun \u00ed v\u00ed\u00f0u samhengi"]}, {"abbreviation": "TF", "topics": ["Tj\u00e1ning og frambur\u00f0ur"]}, {"abbreviation": "AA", "topics": ["Almennur byrjunar \u00e1fangi"]}, {"abbreviation": "MM", "topics": ["M\u00e1l", "menning", "m\u00e1lfr\u00e6\u00f0i"]}, {"abbreviation": "SM", "topics": ["menning", "saga", "samf\u00e9lag"]}, {"abbreviation": "BK", "topics": ["Danske film og filmhistorie"]}, {"abbreviation": "AH", "topics": ["Davska 1. Hra\u00f0fer\u00f0"]}, {"abbreviation": "CC", "topics": ["Danska 3"]}, {"abbreviation": "CY", "topics": ["Danska. Yndislestur 1."]}, {"abbreviation": "DF", "topics": ["Danska Fer\u00f0a\u00e1fangi"]}, {"abbreviation": "DY", "topics": ["Danska yndislestur"]}, {"abbreviation": "OM", "topics": ["menning", "m\u00e1lfr\u00e6\u00f0i", "or\u00f0afor\u00f0i"]}, {"abbreviation": "GD", "topics": ["Grunn\u00e1fangi \u00ed d\u00f6nsku"]}, {"abbreviation": "BB", "topics": ["Danska \u00e1 fj\u00f6lbreyttan h\u00e1tt"]}, {"abbreviation": "BH", "topics": ["Danska \u00e1 fj\u00f6lbreyttan h\u00e1tt hra\u00f0fer\u00f0"]}, {"abbreviation": "BT", "topics": ["Tal\u00e1fangi", "t\u00e6nke - tale"]}, {"abbreviation": "CV", "topics": ["Danska \u00e1 annan veg"]}, {"abbreviation": "LS", "topics": ["Lestur", "Skrif og Skapandi Hugsun"]}, {"abbreviation": "KD", "topics": ["Kvikmyndir \u00ed Danm\u00f6rk"]}, {"abbreviation": "DK", "topics": ["Danm\u00f6rk og Kaupmannah\u00f6fn"]}, {"abbreviation": "DL", "topics": ["Daglegt l\u00edf. Tal", "hlustun", "or\u00f0afor\u00f0i og lestur", "ritun"]}, {"abbreviation": "OL", "topics": ["lestur", "m\u00e1lfr\u00e6\u00f0i", "m\u00e1lnotkun", "or\u00f0afor\u00f0i"]}, {"abbreviation": "TO", "topics": ["lestur", "m\u00e1lfr\u00e6\u00f0i", "or\u00f0afor\u00f0i", "tj\u00e1ning"]}], "_id": "50c0a02dd8e40575f7f6f4d1", "subjects": ["danska"], "counter": {"1": 13, "3": 3, "2": 21, "4": 0}}, "evaluation": "L\u00f6g\u00f0 er \u00e1hersla \u00e1 fj\u00f6lbreytt n\u00e1msmat me\u00f0 lei\u00f0s\u00f6gn. N\u00e1msmati\u00f0 er \u00ed h\u00f6ndum kennara vi\u00f0komandi \u00e1fanga en \u00fearf a\u00f0 fylgja \u00feeim reglum sem kve\u00f0i\u00f0 er \u00e1 um \u00ed sk\u00f3lan\u00e1mskr\u00e1 VMA.", "categorization_suggestion": "AV", "embedded_topics": {"abbreviation": "OM", "topics": ["menning", "m\u00e1lfr\u00e6\u00f0i", "or\u00f0afor\u00f0i"]}, "status": "approved by school", "description": "\u00cd \u00e1fanganum er l\u00f6g\u00f0 \u00e1hersla \u00e1 lestur texta, ritun, skilning \u00e1 t\u00f6lu\u00f0u m\u00e1li og munnlega tj\u00e1ningu. Einnig er l\u00f6g\u00f0 \u00e1hersla \u00e1 a\u00f0 byggja upp virkan og hagn\u00fdtan or\u00f0afor\u00f0a. Fari\u00f0 ver\u00f0ur \u00ed fl\u00f3knari atri\u00f0i en \u00e1\u00f0ur \u00ed danskri m\u00e1lfr\u00e6\u00f0i. D\u00f6nsk menning er kynnt me\u00f0 \u00fea\u00f0 a\u00f0 markmi\u00f0i a\u00f0 vekja \u00e1huga \u00e1 henni. Nemandinn vinnur sj\u00e1lfst\u00e6tt og \u00ed h\u00f3p a\u00f0 vi\u00f0ameiri verkefnum \u00ed formi kynninga og ritunarverkefna. L\u00f6g\u00f0 er \u00e1hersla \u00e1 a\u00f0 nemandinn beri \u00e1byrg\u00f0 \u00e1 eigin n\u00e1msframvindu og s\u00e9 me\u00f0vita\u00f0ur um mismunandi a\u00f0fer\u00f0ir og hj\u00e1lparg\u00f6gn til a\u00f0 tileinka s\u00e9r tungum\u00e1l.", "knowledge_goals": ["mismunandi lestrara\u00f0fer\u00f0um eftir tilgangi lesturs", "almennum m\u00e1lfr\u00e6\u00f0ireglum", "helstu menningarsv\u00e6\u00f0um \u00fear sem danska er t\u00f6lu\u00f0", "d\u00f6nsku \u00fej\u00f3\u00f0l\u00edfi og menningu og hvernig danskan opnar a\u00f0gang a\u00f0 norr\u00e6na menningarsv\u00e6\u00f0inu", "helstu hj\u00e1lparg\u00f6gnum, or\u00f0ab\u00f3kum, \u00fe\u00fd\u00f0ingarv\u00e9lum, uppsl\u00e1ttarritum og kennsluforritum"], "skills_goals": ["lesa fj\u00f6lbreytta texta um \u00f3l\u00edk efni", "beita lestrara\u00f0fer\u00f0um sem henta hverju sinni", "beita meginreglum danskrar m\u00e1lfr\u00e6\u00f0i, hlj\u00f3\u00f0fr\u00e6\u00f0i og setningafr\u00e6\u00f0i \u00ed r\u00e6\u00f0u og riti", "skilja tala\u00f0 m\u00e1l og algengustu or\u00f0asamb\u00f6nd", "tj\u00e1 sig sk\u00fdrt \u00ed r\u00e6\u00f0u og riti um m\u00e1lefni sem hann hefur kynnt s\u00e9r", "nota or\u00f0ab\u00e6kur og vi\u00f0eigandi hj\u00e1lparg\u00f6gn"], "credits": 5, "last_modified": 1425139234.517287, "schools": ["512b49bc62933a682f00048a"], "coauthors": null, "instructions": "", "continued_education": false, "level": 2, "prerequisites": "A\u00f0 hafa loki\u00f0 grunnsk\u00f3la me\u00f0 fulln\u00e6gjandi \u00e1rangri a\u00f0 mati sk\u00f3lans. ", "author": "0bc9b589-2a42-4690-ac7e-ec65f804a0e6", "abbreviation_version": null, "competence_goals": [["skilja inntak ritm\u00e1ls um almenn og s\u00e9rh\u00e6f\u00f0 efni sem hann \u00feekkir til e\u00f0a hefur \u00e1huga \u00e1", ""], ["skilja tala\u00f0 m\u00e1l \u00ed samtali og \u00ed fj\u00f6lmi\u00f0lum", ""], ["ver\u00f0a sj\u00e1lfbjarga \u00ed uppl\u00fdsinga\u00f6flun", ""], ["leysa \u00far vi\u00f0fangsefnum einn e\u00f0a \u00ed samstarfi vi\u00f0 a\u00f0ra", ""], ["auka me\u00f0vitund um eigin f\u00e6rni \u00ed tungum\u00e1linu og eigin lei\u00f0ir til a\u00f0 tileinka s\u00e9r m\u00e1li\u00f0", ""]], "_id": "54f1e62262933a1936001caf"}, {"exemplary": null, "topics": "lestur, m\u00e1lnotkun, nor\u00f0urlandam\u00e1l, or\u00f0afor\u00f0i", "abbreviation": "DANS2LN05", "former_schools": null, "subject": "danska", "title": "Danska fyrir sj\u00e1lfst\u00e6\u00f0an notanda 2", "version": 23, "status_trans": "Sam\u00feykkt af sk\u00f3la", "embedded_subject": {"abbreviation": "DANS", "topics": [{"abbreviation": "BG", "topics": ["evr\u00f3pski tungum\u00e1laramminn", "grunnur", "stig b1"]}, {"abbreviation": "BF", "topics": ["evr\u00f3pski tungum\u00e1laramminn", "framhald", "stig b1"]}, {"abbreviation": "UB", "topics": ["evr\u00f3pski tungum\u00e1laramminn", "stig b2", "undirsta\u00f0a"]}, {"abbreviation": "VB", "topics": ["evr\u00f3pski tungum\u00e1laramminn", "stig b2", "vi\u00f0b\u00f3t"]}, {"abbreviation": "CG", "topics": ["evr\u00f3pski tungum\u00e1laramminn", "grunnur", "stig c1"]}, {"abbreviation": "CF", "topics": ["evr\u00f3pski tungum\u00e1laramminn", "framhald", "stig c1"]}, {"abbreviation": "RM", "topics": ["m\u00e1lnotkun og b\u00f3kmenntir", "ritun"]}, {"abbreviation": "MR", "topics": ["menning", "ritun og b\u00f3kmenntir"]}, {"abbreviation": "BM", "topics": ["b\u00f3kmenntir og or\u00f0afor\u00f0i", "menning"]}, {"abbreviation": "KV", "topics": ["kvikmynda\u00e1fangi"]}, {"abbreviation": "EV", "topics": ["evr\u00f3pski tungum\u00e1laramminn"]}, {"abbreviation": "MV", "topics": ["menning", "venjur"]}, {"abbreviation": "MS", "topics": ["menning", "samf\u00e9lag"]}, {"abbreviation": "LO", "topics": ["lesskilningur", "or\u00f0afor\u00f0i"]}, {"abbreviation": "SO", "topics": ["s\u00e9rh\u00e6f\u00f0ur or\u00f0afor\u00f0i"]}, {"abbreviation": "TL", "topics": ["lestur og menning", "tj\u00e1ning"]}, {"abbreviation": "UN", "topics": ["undirb\u00fanings\u00e1fangi \u00ed d\u00f6nsku"]}, {"abbreviation": "LT", "topics": ["lestur og menning ii", "tj\u00e1ning"]}, {"abbreviation": "M\u00c1", "topics": ["m\u00e1lfr\u00e6\u00f0i"]}, {"abbreviation": "GR", "topics": ["grunn\u00e1fangi"]}, {"abbreviation": "AL", "topics": ["almennur \u00e1fangi"]}, {"abbreviation": "FI", "topics": ["film og filmhistorie"]}, {"abbreviation": "LI", "topics": ["litter\u00e6r analyse"]}, {"abbreviation": "TT", "topics": ["tal;  t\u00e6nke - tale"]}, {"abbreviation": "L\u00c9", "topics": ["l\u00e9ttlestur"]}, {"abbreviation": "OR", "topics": ["or\u00f0afor\u00f0i"]}, {"abbreviation": "ML", "topics": ["lesskilningur", "m\u00e1lfr\u00e6\u00f0i"]}, {"abbreviation": "LM", "topics": ["lesskilningur", "m\u00e1lfr\u00e6\u00f0i", "stig a2 \u00ed evr\u00f3pska tungum\u00e1larammanum"]}, {"abbreviation": "MO", "topics": ["lesskilningur", "m\u00e1lfr\u00e6\u00f0i", "stig b1 \u00ed evr\u00f3pska tungum\u00e1larammanum"]}, {"abbreviation": "MB", "topics": ["b\u00f3kmenntir", "menning", "stig b2 \u00ed evr\u00f3pska tungum\u00e1larammanum"]}, {"abbreviation": "FH", "topics": ["Framhalds\u00e1fangi danska hra\u00f0fer\u00f0"]}, {"abbreviation": "TM", "topics": ["lestur", "m\u00e1lfr\u00e6\u00f0i", "tal"]}, {"abbreviation": "FS", "topics": ["0 \u00e1 grunnsk\u00f3lapr\u00f3fi", "fyrir nemendur", "sem f\u00e1 undir 5"]}, {"abbreviation": "HY", "topics": ["Hyggelesning", "yndislestur framhald"]}, {"abbreviation": "ST", "topics": ["menning", "skilningur", "tj\u00e1ning"]}, {"abbreviation": "SS", "topics": ["skilningur", "s\u00e9rh\u00e6fing", "tj\u00e1ning"]}, {"abbreviation": "FB", "topics": ["b\u00f3kmenntir", "fj\u00f6lmi\u00f0lar", "\u00feemavinna"]}, {"abbreviation": "VV", "topics": ["Verkefni a\u00f0 eigin vali"]}, {"abbreviation": "DA", "topics": ["dabla"]}, {"abbreviation": "DT", "topics": ["Danskt m\u00e1l og samf\u00e9lag 2"]}, {"abbreviation": "DM", "topics": ["D\u00f6nsk menning og samf\u00e9lag"]}, {"abbreviation": "NS", "topics": ["DANS2NS05"]}, {"abbreviation": "SV", "topics": ["menning og venjur", "samf\u00e9lag"]}, {"abbreviation": "DS", "topics": ["Samf\u00e9lag", "skilningur og skrif"]}, {"abbreviation": "FL", "topics": ["Danska: A\u00f0 flytja til Danmerkur"]}, {"abbreviation": "SN", "topics": ["Samskipti og n\u00fdsk\u00f6pun"]}, {"abbreviation": "LH", "topics": ["hlustun", "lestur", "ritun", "tala\u00f0 m\u00e1l"]}, {"abbreviation": "TR", "topics": ["hlustun", "lestur", "tala\u00f0 m\u00e1l"]}, {"abbreviation": "KF", "topics": ["Kristj\u00e1n 9. og arfleif\u00f0 hans"]}, {"abbreviation": "F\u00de", "topics": ["Fer\u00f0a\u00fej\u00f3nustu danska"]}, {"abbreviation": "LL", "topics": ["DANS"]}, {"abbreviation": "L\u00c6", "topics": ["L\u00e6si"]}, {"abbreviation": "SK", "topics": ["Sk\u00f6pun \u00ed v\u00ed\u00f0u samhengi"]}, {"abbreviation": "TF", "topics": ["Tj\u00e1ning og frambur\u00f0ur"]}, {"abbreviation": "AA", "topics": ["Almennur byrjunar \u00e1fangi"]}, {"abbreviation": "MM", "topics": ["M\u00e1l", "menning", "m\u00e1lfr\u00e6\u00f0i"]}, {"abbreviation": "SM", "topics": ["menning", "saga", "samf\u00e9lag"]}, {"abbreviation": "BK", "topics": ["Danske film og filmhistorie"]}, {"abbreviation": "AH", "topics": ["Davska 1. Hra\u00f0fer\u00f0"]}, {"abbreviation": "CC", "topics": ["Danska 3"]}, {"abbreviation": "CY", "topics": ["Danska. Yndislestur 1."]}, {"abbreviation": "DF", "topics": ["Danska Fer\u00f0a\u00e1fangi"]}, {"abbreviation": "DY", "topics": ["Danska yndislestur"]}, {"abbreviation": "OM", "topics": ["menning", "m\u00e1lfr\u00e6\u00f0i", "or\u00f0afor\u00f0i"]}, {"abbreviation": "GD", "topics": ["Grunn\u00e1fangi \u00ed d\u00f6nsku"]}, {"abbreviation": "BB", "topics": ["Danska \u00e1 fj\u00f6lbreyttan h\u00e1tt"]}, {"abbreviation": "BH", "topics": ["Danska \u00e1 fj\u00f6lbreyttan h\u00e1tt hra\u00f0fer\u00f0"]}, {"abbreviation": "BT", "topics": ["Tal\u00e1fangi", "t\u00e6nke - tale"]}, {"abbreviation": "CV", "topics": ["Danska \u00e1 annan veg"]}, {"abbreviation": "LS", "topics": ["Lestur", "Skrif og Skapandi Hugsun"]}, {"abbreviation": "KD", "topics": ["Kvikmyndir \u00ed Danm\u00f6rk"]}, {"abbreviation": "DK", "topics": ["Danm\u00f6rk og Kaupmannah\u00f6fn"]}, {"abbreviation": "DL", "topics": ["Daglegt l\u00edf. Tal", "hlustun", "or\u00f0afor\u00f0i og lestur", "ritun"]}, {"abbreviation": "OL", "topics": ["lestur", "m\u00e1lfr\u00e6\u00f0i", "m\u00e1lnotkun", "or\u00f0afor\u00f0i"]}, {"abbreviation": "TO", "topics": ["lestur", "m\u00e1lfr\u00e6\u00f0i", "or\u00f0afor\u00f0i", "tj\u00e1ning"]}, {"abbreviation": "LN", "topics": ["lestur", "m\u00e1lnotkun", "nor\u00f0urlandam\u00e1l", "or\u00f0afor\u00f0i"]}], "_id": "50c0a02dd8e40575f7f6f4d1", "subjects": ["danska"], "counter": {"1": 13, "3": 3, "2": 21, "4": 0}}, "evaluation": "L\u00f6g\u00f0 er \u00e1hersla \u00e1 fj\u00f6lbreytt n\u00e1msmat me\u00f0 lei\u00f0s\u00f6gn. N\u00e1msmati\u00f0 er \u00ed h\u00f6ndum kennara vi\u00f0komandi \u00e1fanga en \u00fearf a\u00f0 fylgja \u00feeim reglum sem kve\u00f0i\u00f0 er \u00e1 um \u00ed sk\u00f3lan\u00e1mskr\u00e1 VMA.", "categorization_suggestion": "AV", "embedded_topics": {"abbreviation": "LN", "topics": ["lestur", "m\u00e1lnotkun", "nor\u00f0urlandam\u00e1l", "or\u00f0afor\u00f0i"]}, "status": "approved by school", "description": "Markmi\u00f0 \u00e1fangans er a\u00f0 leggja grunn a\u00f0 \u00fev\u00ed a\u00f0 nemandinn geti nota\u00f0 d\u00f6nsku til samskipta vi\u00f0 Dani og a\u00f0ra Nor\u00f0urlandab\u00faa sem og lesi\u00f0 s\u00e9r til gagns um \u00fdmis efni \u00e1 d\u00f6nsku. Nemandinn \u00e6fir hlustun, tal, lestur og ritun. L\u00e6si er \u00fej\u00e1lfa\u00f0 me\u00f0 \u00fev\u00ed a\u00f0 lesa fj\u00f6lbreytta texta. \u00de\u00e1 \u00fej\u00e1lfast nemandinn \u00ed a\u00f0 hlusta \u00e1 tala\u00f0 m\u00e1l af \u00fdmsum mi\u00f0lum, tj\u00e1 sig \u00e1 d\u00f6nsku, skriflega og munnlega. \u00cd \u00e1fanganum er kynning \u00e1 s\u00e6nsku og norsku b\u00e6\u00f0i munnlega og skriflega. L\u00f6g\u00f0 er \u00e1hersla \u00e1 a\u00f0 efla samvinnu milli nemenda. Einnig er l\u00f6g\u00f0 \u00e1hersla \u00e1 a\u00f0 nemandinn beri \u00e1byrg\u00f0 \u00e1 eigin n\u00e1msframvindu og s\u00e9 me\u00f0vita\u00f0ur um mismunandi a\u00f0fer\u00f0ir til a\u00f0 tileinka s\u00e9r tungum\u00e1l. Nemandinn f\u00e6r \u00e1fram \u00fej\u00e1lfun \u00ed a\u00f0 nota hj\u00e1lparg\u00f6gn og kennsluforrit \u00ed n\u00e1mi s\u00ednu. Kennsla fer fram \u00e1 d\u00f6nsku a\u00f0 miklu leyti. ", "knowledge_goals": ["d\u00f6nsku m\u00e1li, danskri menningu og tengslum \u00cdslands og Danmerkur", "helstu einkennum danskrar tungu \u00ed frambur\u00f0i og ritu\u00f0u m\u00e1li", "skyldleika nor\u00f0urlandam\u00e1lanna", "helstu hj\u00e1lparg\u00f6gnum"], "skills_goals": ["hlusta \u00e1 danskt m\u00e1l og skilja meginm\u00e1l t.d. \u00ed fr\u00e9ttum og \u00ed leiknu efni", "lesa s\u00e9r til gagns og \u00e1n\u00e6gju texta um margv\u00edsleg m\u00e1lefni", "tj\u00e1 sig sk\u00fdrt \u00ed r\u00e6\u00f0u og riti um m\u00e1lefni sem hann hefur kynnt s\u00e9r"], "credits": 5, "last_modified": 1425139417.627025, "schools": ["512b49bc62933a682f00048a"], "coauthors": null, "instructions": "", "continued_education": false, "level": 2, "prerequisites": "DANS2OM05 e\u00f0a samb\u00e6rilegur \u00e1fangi", "author": "0bc9b589-2a42-4690-ac7e-ec65f804a0e6", "abbreviation_version": null, "competence_goals": [["skilja tala\u00f0 m\u00e1l \u00ed samtali og \u00ed fj\u00f6lmi\u00f0lum og \u00e1tta sig \u00e1 inntaki \u00feess", ""], ["skilja inntak ritm\u00e1ls um almenn og s\u00e9rh\u00e6f\u00f0 efni sem hann \u00feekkir til e\u00f0a hefur \u00e1huga \u00e1", ""], ["n\u00fdta n\u00fdjan or\u00f0afor\u00f0a b\u00e6\u00f0i munnlega og skriflega", ""], ["n\u00fdta d\u00f6nsku \u00ed samskiptum vi\u00f0 Dani og a\u00f0 einhverju leyti \u00ed samskiptum vi\u00f0 a\u00f0ra Nor\u00f0urlandab\u00faa", ""], ["auka me\u00f0vitund um eigin f\u00e6rni \u00ed tungum\u00e1linu og eigin lei\u00f0ir til a\u00f0 tileinka s\u00e9r m\u00e1li\u00f0", ""], ["leysa \u00far vi\u00f0fangsefnum einn e\u00f0a \u00ed samstarfi vi\u00f0 a\u00f0ra", ""]], "_id": "54f1e6d962933a1936001cb4"}, {"exemplary": null, "topics": "fj\u00f6lbreytt l\u00edkams\u00fej\u00e1lfun, \u00ed\u00fer\u00f3ttagreinar", "abbreviation": "\u00cd\u00deRG2\u00cdF04", "former_schools": null, "subject": "\u00ed\u00fer\u00f3ttagrein", "title": "Fj\u00f6l\u00ed\u00fer\u00f3ttir", "version": 15, "status_trans": "Sam\u00feykkt af sk\u00f3la", "embedded_subject": {"abbreviation": "\u00cd\u00deRG", "topics": [{"abbreviation": "BL", "topics": ["blak"]}, {"abbreviation": "BA", "topics": ["badminton"]}, {"abbreviation": "K\u00d6", "topics": ["k\u00f6rfuknattleikur"]}, {"abbreviation": "KN", "topics": ["knattspyrna"]}, {"abbreviation": "OP", "topics": ["opinn \u00ed\u00fer\u00f3ttagreina\u00e1fangi"]}, {"abbreviation": "HA", "topics": ["handknattleikur"]}, {"abbreviation": "L\u00cd", "topics": ["L\u00edkamsr\u00e6kt"]}, {"abbreviation": "BB", "topics": ["Blak og band\u00fd"]}, {"abbreviation": "B\u00de", "topics": ["Badminton og L\u00edkamsr\u00e6kt"]}, {"abbreviation": "V\u00cd", "topics": ["Vetrar\u00ed\u00fer\u00f3ttir"]}, {"abbreviation": "GO", "topics": ["Golf"]}, {"abbreviation": "F\u00cd", "topics": ["Frj\u00e1lsar \u00ed\u00fer\u00f3ttir"]}, {"abbreviation": "B\u00dd", "topics": ["Band\u00fd"]}, {"abbreviation": "\u00deS", "topics": ["li\u00f0leiki", "snerpa", "styrkur", "\u00feol"]}, {"abbreviation": "KL", "topics": ["k\u00f6rfuknattleikur", "leikfr\u00e6\u00f0i", "reglur", "t\u00e6kni"]}, {"abbreviation": "HB", "topics": ["handbolti", "leikfr\u00e6\u00f0i", "reglur", "t\u00e6kni"]}, {"abbreviation": "LB", "topics": ["blak", "leikfr\u00e6\u00f0i", "reglur", "t\u00e6kni"]}, {"abbreviation": "LK", "topics": ["knattspyrna", "leikfr\u00e6\u00f0i", "reglur", "t\u00e6kni"]}, {"abbreviation": "\u00cdF", "topics": ["fj\u00f6lbreytt l\u00edkams\u00fej\u00e1lfun", "\u00ed\u00fer\u00f3ttagreinar"]}], "_id": "50c0a02dd8e40575f7f6f4ec", "subjects": ["\u00ed\u00fer\u00f3ttagrein"], "counter": {"1": 14, "3": 16, "2": 14, "4": 0}}, "evaluation": "L\u00f6g\u00f0 er \u00e1hersla \u00e1 fj\u00f6lbreytt n\u00e1msmat me\u00f0 lei\u00f0s\u00f6gn. N\u00e1msmati\u00f0 er \u00ed h\u00f6ndum kennara vi\u00f0komandi \u00e1fanga en \u00fearf a\u00f0 fylgja \u00feeim reglum sem kve\u00f0i\u00f0 er \u00e1 um \u00ed sk\u00f3lan\u00e1mskr\u00e1 VMA.", "categorization_suggestion": "AV", "embedded_topics": {"abbreviation": "\u00cdF", "topics": ["fj\u00f6lbreytt l\u00edkams\u00fej\u00e1lfun", "\u00ed\u00fer\u00f3ttagreinar"]}, "status": "approved by school", "description": "\u00c1fanginn samanstendur af verklegri kennslu \u00ed fj\u00f6lbreyttum \u00ed\u00fer\u00f3ttagreinum s.s. h\u00f3p\u00ed\u00fer\u00f3ttum \u00ed sal, sundi, gl\u00edmu, \u00edshokk\u00ed, krullu, klifri \u00e1 klifurvegg, golfi, bandy, badminton og sk\u00ed\u00f0um/bretti. L\u00f6g\u00f0 er \u00e1hersla \u00e1 fj\u00f6lbreytta hreyfingu og fr\u00e6\u00f0slu um \u00fe\u00e6tti sem \u00ed\u00fer\u00f3ttamenn \u00feurfa a\u00f0 hafa \u00ed huga \u00feegar \u00feeir stunda mismunandi \u00ed\u00fer\u00f3ttir. Nemandinn fer \u00ed heims\u00f3knir til \u00ed\u00fer\u00f3ttaf\u00e9laga og kynnist \u00fdmsum greinum og pr\u00f3far. L\u00f6g\u00f0 ver\u00f0ur \u00e1hersla \u00e1 fj\u00f6lbreytta l\u00edkams\u00fej\u00e1lfun \u00fear sem unni\u00f0 er markvisst a\u00f0 \u00fev\u00ed a\u00f0 nemandi finni hreyfingu vi\u00f0 sitt h\u00e6fi \u00fat fr\u00e1 getu og \u00e1huga.", "knowledge_goals": ["mikilv\u00e6gi hreyfingar fyrir heilsuna", "mismunandi \u00ed\u00fer\u00f3ttgreinum", "vi\u00f0eigandi b\u00fana\u00f0i sem \u00fearf til a\u00f0 stunda \u00feessar \u00ed\u00fer\u00f3ttagreinar", "meginleikreglum \u00ed\u00fer\u00f3ttagreinanna", "grunnatri\u00f0um \u00ed leikfr\u00e6\u00f0i \u00ed\u00fer\u00f3ttagreinanna"], "skills_goals": ["i\u00f0ka \u00fe\u00e6r greinar sem kenndar eru", "kl\u00e6\u00f0a sig og \u00fatb\u00faa eftir a\u00f0st\u00e6\u00f0um og kr\u00f6fum mismunandi greina", "taka \u00fe\u00e1tt \u00ed \u00e6fingum og leikjum \u00ed \u00ed\u00fer\u00f3ttagreininni sem stu\u00f0la a\u00f0 j\u00e1kv\u00e6\u00f0um samskiptum kynja", "taka \u00fe\u00e1tt \u00ed leikjum sem stu\u00f0la a\u00f0 samvinnu og tillitsemi"], "credits": 4, "last_modified": 1431347973.102649, "schools": ["512b49bc62933a682f00048a"], "coauthors": null, "instructions": "", "continued_education": false, "level": 2, "prerequisites": "engar", "author": "0bc9b589-2a42-4690-ac7e-ec65f804a0e6", "abbreviation_version": null, "competence_goals": [["stunda n\u00fdjar og jafnvel \u00f3hef\u00f0bundnar \u00ed\u00fer\u00f3ttir", ""], ["n\u00fdta s\u00e9r mismunandi a\u00f0st\u00e6\u00f0ur til l\u00edkamsr\u00e6ktar og heilbrig\u00f0ra l\u00edfsh\u00e1tta", ""], ["\u00e1tta sig \u00e1 mikilv\u00e6gi hreyfingar fyrir andlega og l\u00edkamlega l\u00ed\u00f0an einstaklingsins", ""], ["vinna me\u00f0 \u00f6\u00f0rum og vera hluti af h\u00f3pi", ""]], "_id": "5550a30562933a2b9f00285d"}, {"exemplary": null, "topics": "li\u00f0leiki, snerpa, styrkur, \u00feol", "abbreviation": "\u00cd\u00deRG2\u00deS03", "former_schools": null, "subject": "\u00ed\u00fer\u00f3ttagrein", "title": "Grunn\u00fej\u00e1lfun \u00ed\u00fer\u00f3tta", "version": 16, "status_trans": "Sam\u00feykkt af sk\u00f3la", "embedded_subject": {"abbreviation": "\u00cd\u00deRG", "topics": [{"abbreviation": "BL", "topics": ["blak"]}, {"abbreviation": "BA", "topics": ["badminton"]}, {"abbreviation": "K\u00d6", "topics": ["k\u00f6rfuknattleikur"]}, {"abbreviation": "KN", "topics": ["knattspyrna"]}, {"abbreviation": "OP", "topics": ["opinn \u00ed\u00fer\u00f3ttagreina\u00e1fangi"]}, {"abbreviation": "HA", "topics": ["handknattleikur"]}, {"abbreviation": "L\u00cd", "topics": ["L\u00edkamsr\u00e6kt"]}, {"abbreviation": "BB", "topics": ["Blak og band\u00fd"]}, {"abbreviation": "B\u00de", "topics": ["Badminton og L\u00edkamsr\u00e6kt"]}, {"abbreviation": "V\u00cd", "topics": ["Vetrar\u00ed\u00fer\u00f3ttir"]}, {"abbreviation": "GO", "topics": ["Golf"]}, {"abbreviation": "F\u00cd", "topics": ["Frj\u00e1lsar \u00ed\u00fer\u00f3ttir"]}, {"abbreviation": "B\u00dd", "topics": ["Band\u00fd"]}, {"abbreviation": "\u00deS", "topics": ["li\u00f0leiki", "snerpa", "styrkur", "\u00feol"]}], "_id": "50c0a02dd8e40575f7f6f4ec", "subjects": ["\u00ed\u00fer\u00f3ttagrein"], "counter": {"1": 14, "3": 16, "2": 14, "4": 0}}, "evaluation": "L\u00f6g\u00f0 er \u00e1hersla \u00e1 fj\u00f6lbreytt n\u00e1msmat me\u00f0 lei\u00f0s\u00f6gn. N\u00e1msmati\u00f0 er \u00ed h\u00f6ndum kennara vi\u00f0komandi \u00e1fanga en \u00fearf a\u00f0 fylgja \u00feeim reglum sem kve\u00f0i\u00f0 er \u00e1 um \u00ed sk\u00f3lan\u00e1mskr\u00e1 VMA.", "categorization_suggestion": "AV", "embedded_topics": {"abbreviation": "\u00deS", "topics": ["li\u00f0leiki", "snerpa", "styrkur", "\u00feol"]}, "status": "approved by school", "description": "\u00cd \u00e1fanganum ver\u00f0ur fari\u00f0 yfir grunn\u00fej\u00e1lfun \u00ed\u00fer\u00f3tta. Me\u00f0 grunn\u00fej\u00e1lfun er \u00e1tt vi\u00f0 eiginleikana \u00feol, styrk, li\u00f0leika, snerpu/hra\u00f0a og samh\u00e6fingu. Nota\u00f0ar ver\u00f0a mismunandi \u00ed\u00fer\u00f3ttagreinar til \u00feess a\u00f0 s\u00fdna hvernig \u00feessir eiginleikar eru \u00fej\u00e1lfa\u00f0ir og hvernig vi\u00f0 \u00fej\u00e1lfum \u00fe\u00e1 hj\u00e1 b\u00f6rnum og unglingum. Nemandinn \u00fej\u00e1lfast \u00ed a\u00f0 leggja upp \u00e6fingar fyrir mismunandi aldursh\u00f3pa. Stefnt er a\u00f0 \u00fev\u00ed a\u00f0 nemandinn \u00f6\u00f0list \u00e1kve\u00f0na grunnf\u00e6rni og n\u00e1i a\u00f0 auka l\u00edkamlega getu s\u00edna. Nemandinn tekur \u00fe\u00e1tt \u00ed m\u00e6lingum \u00ed byrjun og lok annar sem meta vissa \u00fe\u00e6tti s.s. \u00feol, styrk og li\u00f0leika.", "knowledge_goals": ["fj\u00f6lbreyttum grunn\u00fej\u00e1lfunar\u00e6fingum fyrir mismunandi aldursh\u00f3pa", "\u00fev\u00ed hvernig beita m\u00e1 leikjum \u00ed \u00fej\u00e1lfun", "mismunandi \u00fej\u00e1lfunara\u00f0fer\u00f0um", "sameiginlegum \u00fe\u00e1ttum og \u00e1herslumun milli \u00ed\u00fer\u00f3ttagreina", "mismunandi a\u00f0fer\u00f0um til a\u00f0 m\u00e6la \u00fdmsa \u00fej\u00e1lfunar\u00fe\u00e6tti t.d. \u00feol og styrk"], "skills_goals": ["stunda l\u00edkams- og heilsur\u00e6kt", "gera styrkjandi og m\u00f3tandi \u00e6fingar fyrir helstu v\u00f6\u00f0va og li\u00f0am\u00f3t l\u00edkamans", "beita eigin \u00e1\u00e6tlun og fylgja henni", "greina l\u00edkamsbeitingu og vinnut\u00e6kni og veita r\u00e1\u00f0leggingar"], "credits": 3, "last_modified": 1430387402.13145, "schools": ["512b49bc62933a682f00048a"], "coauthors": null, "instructions": "", "continued_education": false, "level": 2, "prerequisites": "engar", "author": "0bc9b589-2a42-4690-ac7e-ec65f804a0e6", "abbreviation_version": null, "competence_goals": [["fl\u00e9tta hreyfingu inn \u00ed daglegt l\u00edf  til a\u00f0 vi\u00f0halda og b\u00e6ta almenna l\u00edkamshreysti", ""], ["leysa verkefni sem sn\u00faa a\u00f0 skipulagningu eigin \u00fej\u00e1lfunar", ""], ["n\u00fdta \u00e6fingar og leiki til a\u00f0 vi\u00f0halda og b\u00e6ta samskipti", ""], ["greina fr\u00e1 afst\u00f6\u00f0u sinni til heilbrig\u00f0s l\u00edfsst\u00edls", ""], ["gl\u00edma vi\u00f0 fj\u00f6lbreytt verkefni sem sn\u00faa a\u00f0 alhli\u00f0a hreyfingu, l\u00edkams- og heilsur\u00e6kt", ""], ["leysa af hendi verkefni, \u00e6fingar og leiki sem vi\u00f0halda og b\u00e6ta almenna l\u00edkamshreysti", ""]], "_id": "5541faca62933a2b9f000136"}, {"exemplary": null, "topics": "algebra, r\u00famfr\u00e6\u00f0i, tugveldi, veldareikningur", "abbreviation": "ST\u00c6F2TE05(AV)", "former_schools": null, "subject": "St\u00e6r\u00f0fr\u00e6\u00f0i", "title": "Hagn\u00fdt algebra og r\u00famfr\u00e6\u00f0i", "version": 6, "status_trans": "Sam\u00feykkt af sk\u00f3la", "embedded_subject": {"abbreviation": "ST\u00c6F", "topics": [{"abbreviation": "FB", "topics": ["brotareikningur", "forgangsr\u00f6\u00f0", "grunna\u00f0ger\u00f0irnar fj\u00f3rar", "pr\u00f3sentur"]}, {"abbreviation": "BP", "topics": ["b\u00f3kstafareikningur", "forgangsr\u00f6\u00f0 a\u00f0ger\u00f0a", "hlutf\u00f6ll og pr\u00f3sentur", "veldi og r\u00e6tur"]}, {"abbreviation": "AH", "topics": ["algebra", "hlutf\u00f6ll", "hnitafr\u00e6\u00f0i", "j\u00f6fnur", "veldi"]}, {"abbreviation": "RH", "topics": ["hornaf\u00f6ll", "r\u00f6kfr\u00e6\u00f0i", "r\u00famfr\u00e6\u00f0i"]}, {"abbreviation": "AM", "topics": ["algebra", "j\u00f6fnur", "margli\u00f0ur"]}, {"abbreviation": "FD", "topics": ["diffrun", "f\u00f6ll", "markgildi"]}, {"abbreviation": "HD", "topics": ["diffurj\u00f6fnur", "heildun", "ra\u00f0ir", "runur"]}, {"abbreviation": "VH", "topics": ["hornaf\u00f6ll", "keilusni\u00f0", "vigrar"]}, {"abbreviation": "LT", "topics": ["fylgni", "l\u00edkindareikningur", "l\u00fdsandi t\u00f6lfr\u00e6\u00f0i", "normleg dreifing"]}, {"abbreviation": "\u00d6T", "topics": ["dreifingar", "greiningar", "tilg\u00e1tupr\u00f3fanir", "\u00f6ryggism\u00f6rk"]}, {"abbreviation": "JF", "topics": ["almenn brot", "flatarm\u00e1l", "j\u00f6fnur", "r\u00famm\u00e1l", "veldi"]}, {"abbreviation": "TE", "topics": ["algebra", "r\u00famfr\u00e6\u00f0i", "tugveldi", "veldareikningur"]}, {"abbreviation": "JG", "topics": ["ar\u00f0semi", "gengi", "jafngrei\u00f0slura\u00f0ir", "vaxtareikningur"]}], "_id": "54eb39a362933a1936000eba", "subjects": ["St\u00e6r\u00f0fr\u00e6\u00f0i"], "counter": {"1": 0, "3": 0, "2": 0, "4": 0}}, "evaluation": "L\u00f6g\u00f0 er \u00e1hersla \u00e1 fj\u00f6lbreytt n\u00e1msmat me\u00f0 lei\u00f0s\u00f6gn. N\u00e1msmati\u00f0 er \u00ed h\u00f6ndum kennara vi\u00f0komandi \u00e1fanga en \u00fearf a\u00f0 fylgja \u00feeim reglum sem kve\u00f0i\u00f0 er \u00e1 um \u00ed sk\u00f3lan\u00e1mskr\u00e1 VMA.", "categorization_suggestion": "AV", "embedded_topics": {"abbreviation": "TE", "topics": ["algebra", "r\u00famfr\u00e6\u00f0i", "tugveldi", "veldareikningur"]}, "status": "approved by school", "description": "\u00cd \u00e1fanganum er l\u00f6g\u00f0 \u00e1hersla \u00e1 skilning \u00e1; t\u00f6lum, talnamengjum, fallhugtakinu og hagn\u00fdtingu \u00feess, f\u00e6rni \u00ed algebru, notkun velda- og vaxtareiknings, tugveldarith\u00e6tti og Evkl\u00ed\u00f0skri r\u00famfr\u00e6\u00f0i. Kynnt er hvernig nota m\u00e1 f\u00f6ll til a\u00f0 leysa hagn\u00fdt verkefni og f\u00e6ra fyrirbrig\u00f0i \u00e1 svi\u00f0i vi\u00f0skipta-, n\u00e1tt\u00faru- og samf\u00e9lagsfr\u00e6\u00f0i \u00ed st\u00e6r\u00f0fr\u00e6\u00f0ilegan b\u00faning. Nemandinn beitir \u00feekkingu sinni vi\u00f0 lausn fl\u00f3knari d\u00e6ma en \u00e1\u00f0ur. L\u00f6g\u00f0 er \u00e1hersla \u00e1 a\u00f0 nemandinn \u00fej\u00e1lfist \u00ed skipul\u00f6g\u00f0um vinnubr\u00f6g\u00f0um, n\u00e1kv\u00e6mni \u00ed framsetningu vi\u00f0 lausn verkefna og r\u00f6ksemdarf\u00e6rslu. ", "knowledge_goals": ["algengum reiknireglum", "deilanleika \u00fat fr\u00e1 frum\u00fe\u00e1ttun", "veldareglum, venslum velda og r\u00f3ta", "fyrsta og annars stigs j\u00f6fnum og \u00f3j\u00f6fnum", "hugt\u00f6kum Evkl\u00ed\u00f0skrar r\u00famfr\u00e6\u00f0i", "hlutf\u00f6llum lengda, flatarm\u00e1la og r\u00famm\u00e1la", "margli\u00f0um, fleygboga og hornaf\u00f6llum", "vaxtareikningi og fl\u00f3knari pr\u00f3sentureikningi"], "skills_goals": ["setja vi\u00f0fangsefni fram \u00e1 t\u00e1knm\u00e1li st\u00e6r\u00f0fr\u00e6\u00f0innar og t\u00falka ni\u00f0urst\u00f6\u00f0ur", "frum\u00fe\u00e1tta, rita t\u00f6lur me\u00f0 tugveldarith\u00e6tti og beita velda- og r\u00f3tareglum", "leysa annars stig j\u00f6fnur og algebrubrot", "beita Evkl\u00ed\u00f0skri r\u00famfr\u00e6\u00f0i og vinna me\u00f0 hnitakerfi \u00ed sl\u00e9ttum fleti", "nota v\u00edsindavasareikna vi\u00f0 lausn d\u00e6ma og \u00ferauta"], "credits": 5, "last_modified": 1424855498.567881, "schools": ["512b49bc62933a682f00048a"], "coauthors": null, "instructions": "", "continued_education": false, "level": 2, "prerequisites": "A\u00f0 hafa loki\u00f0 grunnsk\u00f3la me\u00f0 fulln\u00e6gjandi h\u00e6tti a\u00f0 mati sk\u00f3lans. ", "author": "0bc9b589-2a42-4690-ac7e-ec65f804a0e6", "abbreviation_version": null, "competence_goals": [["r\u00f6kr\u00e6\u00f0a um st\u00e6r\u00f0fr\u00e6\u00f0ileg vi\u00f0fangsefni vi\u00f0 a\u00f0ra", ""], ["setja \u00farlausnir s\u00ednar fram skriflega \u00e1 skiljanlegan og snyrtilegan h\u00e1tt", ""], ["\u00fe\u00fd\u00f0a margs konar verkefni \u00e1 st\u00e6r\u00f0fr\u00e6\u00f0im\u00e1l og setja \u00feau upp sem j\u00f6fnu e\u00f0a anna\u00f0 st\u00e6r\u00f0fr\u00e6\u00f0ilegt vi\u00f0fangsefni", ""], ["meta hvort sv\u00f6r eru raunh\u00e6f", ""], ["skilja merkingu helstu st\u00e6r\u00f0fr\u00e6\u00f0it\u00e1kna og hugtaka \u00ed n\u00e1msefninu", ""], ["vinna sj\u00e1lfst\u00e6tt me\u00f0 a\u00f0fer\u00f0ir \u00ed st\u00e6r\u00f0fr\u00e6\u00f0i", ""]], "_id": "54ed91ca62933a1936001391"}, {"exemplary": null, "topics": "heilbrig\u00f0i, hreyfing", "abbreviation": "HEIL1HH02", "former_schools": null, "subject": "heilsa, l\u00edfsst\u00edll", "title": "Heilsuefling 1", "version": 17, "status_trans": "Sam\u00feykkt af sk\u00f3la", "embedded_subject": {"abbreviation": "HEIL", "topics": [{"abbreviation": "HE", "topics": ["heilbrigt l\u00edferni og n\u00e1ndarkynning"]}, {"abbreviation": "UP", "topics": ["uppl\u00fdsingal\u00e6si"]}, {"abbreviation": "KY", "topics": ["kynheilbrig\u00f0i"]}, {"abbreviation": "HL", "topics": ["heilsa", "heilsul\u00e6si", "l\u00edkamsr\u00e6kt", "\u00fej\u00e1lfun"]}, {"abbreviation": "\u00deJ", "topics": ["li\u00f0leiki", "markmi\u00f0asetning", "styrkur", "\u00dej\u00e1lfun", "\u00deol", "\u00e1\u00e6tlanager\u00f0"]}, {"abbreviation": "KN", "topics": ["Knattspyrna", "spil", "t\u00e6kni", "\u00e6fingar"]}, {"abbreviation": "J\u00d3", "topics": ["J\u00f3ga", "agi", "einbeiting", "hreyfif\u00e6rni", "jafv\u00e6gi", "li\u00f0leiki", "sl\u00f6kun", "styrkur", "st\u00f6\u00f0uleiki", "\u00f6ndun"]}, {"abbreviation": "BA", "topics": ["Badminton", "einli\u00f0aleikur", "heilsuefling", "leikfr\u00e6\u00f0i", "li\u00f0leiki", "styrkur", "tvenndarleikur", "tv\u00edli\u00f0aleikur", "t\u00e6kni", "\u00feol"]}, {"abbreviation": "N\u00c6", "topics": ["N\u00e6ring", "fita", "heilsa", "hollusta", "kolvetni", "orka", "pr\u00f3tein", "steinefni", "v\u00edtam\u00edn", "\u00ed\u00fer\u00f3ttir"]}, {"abbreviation": "\u00c1\u00c6", "topics": ["li\u00f0leiki", "markmi\u00f0asetning", "styrkur", "\u00e1\u00e6tlanager\u00f0", "\u00fej\u00e1lfun", "\u00feol"]}, {"abbreviation": "\u00c6\u00c1", "topics": ["li\u00f0leiki.", "markmi\u00f0asetning", "styrkur", "\u00c1\u00e6tlanager\u00f0", "\u00fej\u00e1lfun", "\u00feol"]}, {"abbreviation": "SV", "topics": ["sj\u00e1lfst\u00e6tt verkefni"]}, {"abbreviation": "HR", "topics": ["Heilsur\u00e6kt"]}, {"abbreviation": "HN", "topics": ["hreyfing", "l\u00fd\u00f0heilsa", "n\u00e6ring"]}, {"abbreviation": "LH", "topics": ["Hreyfing", "l\u00fd\u00f0heilsa", "n\u00e6ring"]}, {"abbreviation": "GH", "topics": ["Grunnreglur \u00ed\u00fer\u00f3tta", "hreyfing og heilsa"]}, {"abbreviation": "KL", "topics": ["Kraft- og li\u00f0leika\u00fej\u00e1lfun \u00ed leik"]}, {"abbreviation": "L\u00cd", "topics": ["L\u00edkamsr\u00e6kt og heilsuvernd"]}, {"abbreviation": "LE", "topics": ["L\u00edkamsr\u00e6kt og eigin \u00fej\u00e1lfun"]}, {"abbreviation": "E\u00de", "topics": ["Eigin \u00fej\u00e1lfun"]}, {"abbreviation": "HH", "topics": ["heilbrig\u00f0i", "hreyfing"]}], "_id": "50c0a02dd8e40575f7f6f4e5", "subjects": ["heilsa", "l\u00edfsst\u00edll"], "counter": {"1": 15, "3": 0, "2": 4, "4": 0}}, "evaluation": "L\u00f6g\u00f0 er \u00e1hersla \u00e1 fj\u00f6lbreytt n\u00e1msmat me\u00f0 lei\u00f0s\u00f6gn. N\u00e1msmati\u00f0 er \u00ed h\u00f6ndum kennara vi\u00f0komandi \u00e1fanga en \u00fearf a\u00f0 fylgja \u00feeim reglum sem kve\u00f0i\u00f0 er \u00e1 um \u00ed sk\u00f3lan\u00e1mskr\u00e1 VMA.", "categorization_suggestion": "AV", "embedded_topics": {"abbreviation": "HH", "topics": ["heilbrig\u00f0i", "hreyfing"]}, "status": "approved by school", "description": "\u00cd \u00e1fanganum er leitast vi\u00f0 a\u00f0 hvetja nemandann til heilbrig\u00f0ari l\u00edfsh\u00e1tta. L\u00f6g\u00f0 ver\u00f0ur \u00e1hersla \u00e1 fj\u00f6lbreytta l\u00edkams\u00fej\u00e1lfun \u00fear sem unni\u00f0 er markvisst a\u00f0 \u00fev\u00ed a\u00f0 nemandi finni hreyfingu vi\u00f0 sitt h\u00e6fi \u00fat fr\u00e1 getu og \u00e1huga. Unni\u00f0 er markvisst a\u00f0 \u00fev\u00ed a\u00f0 nemendur \u00f6\u00f0list f\u00e6rni \u00ed a\u00f0 skipuleggja eigin \u00fej\u00e1lfun auk \u00feess sem fari\u00f0 er \u00ed grunnatri\u00f0i r\u00e9ttrar l\u00edkamsbeitingar. \u00de\u00e1 eru sk\u00f6pu\u00f0 t\u00e6kif\u00e6ri til a\u00f0 spreyta sig \u00e1 fj\u00f6lbreyttum a\u00f0fer\u00f0um til \u00feol-, styrktar- og li\u00f0leika\u00fej\u00e1lfunar auk \u00feess sem bo\u00f0i\u00f0 ver\u00f0ur upp \u00e1 m\u00e6lingar, t.d. \u00e1 \u00feoli og styrk, bl\u00f3\u00f0\u00fer\u00fdstingi og p\u00falsi. ", "knowledge_goals": ["mikilv\u00e6gi upphitunar, \u00fathalds- styrktar- og li\u00f0leika\u00fej\u00e1lfunar", "lei\u00f0um til a\u00f0 n\u00fdta l\u00edkams- og heilsur\u00e6kt \u00ed daglegum ath\u00f6fnum", "\u00e6fingum sem b\u00e6ta l\u00edkamsst\u00f6\u00f0u", "fj\u00f6lbreyttum a\u00f0fer\u00f0um til heilsur\u00e6ktar"], "skills_goals": ["auka \u00fathald sitt, styrk og li\u00f0leika me\u00f0 fj\u00f6lbreyttum a\u00f0fer\u00f0um sem henta hverjum og einum", "stunda \u00e6fingar og hreyfingu sem stu\u00f0lar a\u00f0 b\u00e6ttri l\u00edkamsbeitingu", "stunda \u00fej\u00e1lfun og hreyfingu sem hefur \u00e1hrif \u00e1 j\u00e1kv\u00e6\u00f0a upplifun og vi\u00f0horf til l\u00edkams- og heilsur\u00e6ktar", "nota samvinnu til a\u00f0 stu\u00f0la a\u00f0 tillitssemi og hvatningu", "nota heilsul\u00e6si til a\u00f0 efla og vi\u00f0halda g\u00f3\u00f0ri andlegri og l\u00edkamlegri heilsu"], "credits": 2, "last_modified": 1428924956.520668, "schools": ["512b49bc62933a682f00048a"], "coauthors": null, "instructions": "", "continued_education": false, "level": 1, "prerequisites": "engar", "author": "0bc9b589-2a42-4690-ac7e-ec65f804a0e6", "abbreviation_version": null, "competence_goals": [["styrkja j\u00e1kv\u00e6\u00f0a sj\u00e1lfsmynd me\u00f0 \u00fe\u00e1ttt\u00f6ku \u00ed almennri heilsur\u00e6kt, leikjum og \u00fativeru", ""], ["skilja gildi samvinnu \u00ed leik og keppni", ""], ["s\u00fdna \u00f6\u00f0rum vir\u00f0ingu vi\u00f0 leik, n\u00e1m og st\u00f6rf", ""], ["gl\u00edma vi\u00f0 fj\u00f6lbreytt verkefni sem sn\u00faa a\u00f0 alhli\u00f0a hreyfingu, l\u00edkams- og heilsur\u00e6kt", ""], ["n\u00fdta n\u00e1nasta umhverfi sitt og n\u00e1tt\u00faru til heilsur\u00e6ktar", ""], ["n\u00fdta s\u00e9r undirst\u00f6\u00f0uatri\u00f0i l\u00edkamsbeitingar \u00ed \u00fej\u00e1lfun", ""]], "_id": "552baa1c62933a4692006c52"}, {"exemplary": null, "topics": "heilbrig\u00f0i, hreyfing", "abbreviation": "HEIL1HH02(AV)", "former_schools": null, "subject": "heilsa, l\u00edfsst\u00edll", "title": "Heilsuefling 2", "version": 16, "status_trans": "Sam\u00feykkt af sk\u00f3la", "embedded_subject": {"abbreviation": "HEIL", "topics": [{"abbreviation": "HE", "topics": ["heilbrigt l\u00edferni og n\u00e1ndarkynning"]}, {"abbreviation": "UP", "topics": ["uppl\u00fdsingal\u00e6si"]}, {"abbreviation": "KY", "topics": ["kynheilbrig\u00f0i"]}, {"abbreviation": "HL", "topics": ["heilsa", "heilsul\u00e6si", "l\u00edkamsr\u00e6kt", "\u00fej\u00e1lfun"]}, {"abbreviation": "\u00deJ", "topics": ["li\u00f0leiki", "markmi\u00f0asetning", "styrkur", "\u00dej\u00e1lfun", "\u00deol", "\u00e1\u00e6tlanager\u00f0"]}, {"abbreviation": "KN", "topics": ["Knattspyrna", "spil", "t\u00e6kni", "\u00e6fingar"]}, {"abbreviation": "J\u00d3", "topics": ["J\u00f3ga", "agi", "einbeiting", "hreyfif\u00e6rni", "jafv\u00e6gi", "li\u00f0leiki", "sl\u00f6kun", "styrkur", "st\u00f6\u00f0uleiki", "\u00f6ndun"]}, {"abbreviation": "BA", "topics": ["Badminton", "einli\u00f0aleikur", "heilsuefling", "leikfr\u00e6\u00f0i", "li\u00f0leiki", "styrkur", "tvenndarleikur", "tv\u00edli\u00f0aleikur", "t\u00e6kni", "\u00feol"]}, {"abbreviation": "N\u00c6", "topics": ["N\u00e6ring", "fita", "heilsa", "hollusta", "kolvetni", "orka", "pr\u00f3tein", "steinefni", "v\u00edtam\u00edn", "\u00ed\u00fer\u00f3ttir"]}, {"abbreviation": "\u00c1\u00c6", "topics": ["li\u00f0leiki", "markmi\u00f0asetning", "styrkur", "\u00e1\u00e6tlanager\u00f0", "\u00fej\u00e1lfun", "\u00feol"]}, {"abbreviation": "\u00c6\u00c1", "topics": ["li\u00f0leiki.", "markmi\u00f0asetning", "styrkur", "\u00c1\u00e6tlanager\u00f0", "\u00fej\u00e1lfun", "\u00feol"]}, {"abbreviation": "SV", "topics": ["sj\u00e1lfst\u00e6tt verkefni"]}, {"abbreviation": "HR", "topics": ["Heilsur\u00e6kt"]}, {"abbreviation": "HN", "topics": ["hreyfing", "l\u00fd\u00f0heilsa", "n\u00e6ring"]}, {"abbreviation": "LH", "topics": ["Hreyfing", "l\u00fd\u00f0heilsa", "n\u00e6ring"]}, {"abbreviation": "GH", "topics": ["Grunnreglur \u00ed\u00fer\u00f3tta", "hreyfing og heilsa"]}, {"abbreviation": "KL", "topics": ["Kraft- og li\u00f0leika\u00fej\u00e1lfun \u00ed leik"]}, {"abbreviation": "L\u00cd", "topics": ["L\u00edkamsr\u00e6kt og heilsuvernd"]}, {"abbreviation": "LE", "topics": ["L\u00edkamsr\u00e6kt og eigin \u00fej\u00e1lfun"]}, {"abbreviation": "E\u00de", "topics": ["Eigin \u00fej\u00e1lfun"]}, {"abbreviation": "HH", "topics": ["heilbrig\u00f0i", "hreyfing"]}], "_id": "50c0a02dd8e40575f7f6f4e5", "subjects": ["heilsa", "l\u00edfsst\u00edll"], "counter": {"1": 15, "3": 0, "2": 4, "4": 0}}, "evaluation": "L\u00f6g\u00f0 er \u00e1hersla \u00e1 fj\u00f6lbreytt n\u00e1msmat me\u00f0 lei\u00f0s\u00f6gn. N\u00e1msmati\u00f0 er \u00ed h\u00f6ndum kennara vi\u00f0komandi \u00e1fanga en \u00fearf a\u00f0 fylgja \u00feeim reglum sem kve\u00f0i\u00f0 er \u00e1 um \u00ed sk\u00f3lan\u00e1mskr\u00e1 VMA.", "categorization_suggestion": "AV", "embedded_topics": {"abbreviation": "HH", "topics": ["heilbrig\u00f0i", "hreyfing"]}, "status": "approved by school", "description": "\u00cd \u00e1fanganum er leitast vi\u00f0 a\u00f0 hvetja nemandann til heilbrig\u00f0ari l\u00edfsh\u00e1tta. L\u00f6g\u00f0 ver\u00f0ur \u00e1hersla \u00e1 fj\u00f6lbreytta l\u00edkams\u00fej\u00e1lfun \u00fear sem unni\u00f0 er markvisst a\u00f0 \u00fev\u00ed a\u00f0 nemandi finni hreyfingu vi\u00f0 sitt h\u00e6fi \u00fat fr\u00e1 getu og \u00e1huga. Unni\u00f0 er markvisst a\u00f0 \u00fev\u00ed a\u00f0 nemendur \u00f6\u00f0list f\u00e6rni \u00ed a\u00f0 skipuleggja eigin \u00fej\u00e1lfun auk \u00feess sem fari\u00f0 er \u00ed grunnatri\u00f0i r\u00e9ttrar l\u00edkamsbeitingar. \u00de\u00e1 eru sk\u00f6pu\u00f0 t\u00e6kif\u00e6ri til a\u00f0 spreyta sig \u00e1 fj\u00f6lbreyttum a\u00f0fer\u00f0um til \u00feol-, styrktar- og li\u00f0leika\u00fej\u00e1lfunar auk \u00feess sem bo\u00f0i\u00f0 ver\u00f0ur upp \u00e1 m\u00e6lingar, t.d. \u00e1 \u00feoli og styrk, bl\u00f3\u00f0\u00fer\u00fdstingi og p\u00falsi. \u00c1hersla er \u00e1 a\u00f0 nemandinn byggi ofan \u00e1 grunn \u00far fyrri \u00e1fanga og ver\u00f0i me\u00f0vita\u00f0ri um \u00fe\u00e6tti sem hafa \u00e1hrif \u00e1 eigin heilsu. ", "knowledge_goals": ["mikilv\u00e6gi upphitunar, \u00fathalds- styrktar- og li\u00f0leika\u00fej\u00e1lfunar", "lei\u00f0um til a\u00f0 n\u00fdta l\u00edkams- og heilsur\u00e6kt \u00ed daglegum ath\u00f6fnum", "\u00e6fingum sem b\u00e6ta l\u00edkamsst\u00f6\u00f0u", "fj\u00f6lbreyttum a\u00f0fer\u00f0um til heilsur\u00e6ktar"], "skills_goals": ["auka \u00fathald sitt, styrk og li\u00f0leika me\u00f0 fj\u00f6lbreyttum a\u00f0fer\u00f0um sem henta hverjum og einum", "stunda \u00e6fingar og hreyfingu sem stu\u00f0lar a\u00f0 b\u00e6ttri l\u00edkamsbeitingu", "stunda \u00fej\u00e1lfun og hreyfingu sem hefur \u00e1hrif \u00e1 j\u00e1kv\u00e6\u00f0a upplifun og vi\u00f0horf til l\u00edkams- og heilsur\u00e6ktar", "nota samvinnu til a\u00f0 stu\u00f0la a\u00f0 tillitssemi og hvatningu", "nota heilsul\u00e6si til a\u00f0 efla og vi\u00f0halda g\u00f3\u00f0ri andlegri og l\u00edkamlegri heilsu"], "credits": 2, "last_modified": 1428925298.271642, "schools": ["512b49bc62933a682f00048a"], "coauthors": null, "instructions": "", "continued_education": false, "level": 1, "prerequisites": "HEIL1HH02 e\u00f0a samb\u00e6rilegur \u00e1fangi", "author": "0bc9b589-2a42-4690-ac7e-ec65f804a0e6", "abbreviation_version": null, "competence_goals": [["styrkja j\u00e1kv\u00e6\u00f0a sj\u00e1lfsmynd me\u00f0 \u00fe\u00e1ttt\u00f6ku \u00ed almennri heilsur\u00e6kt, leikjum og \u00fativeru", ""], ["skilja gildi samvinnu \u00ed leik og keppni", ""], ["s\u00fdna \u00f6\u00f0rum vir\u00f0ingu vi\u00f0 leik, n\u00e1m og st\u00f6rf", ""], ["gl\u00edma vi\u00f0 fj\u00f6lbreytt verkefni sem sn\u00faa a\u00f0 alhli\u00f0a hreyfingu, l\u00edkams- og heilsur\u00e6kt", ""], ["n\u00fdta n\u00e1nasta umhverfi sitt og n\u00e1tt\u00faru til heilsur\u00e6ktar", ""], ["n\u00fdta s\u00e9r undirst\u00f6\u00f0uatri\u00f0i l\u00edkamsbeitingar \u00ed \u00fej\u00e1lfun", ""]], "_id": "552bab7262933a4692006c5d"}, {"exemplary": null, "topics": "hreyfing, l\u00fd\u00f0heilsa, n\u00e6ring", "abbreviation": "HEIF1HN02(AV)", "former_schools": null, "subject": "heilsufr\u00e6\u00f0i", "title": "Heilsufr\u00e6\u00f0i 1", "version": 4, "status_trans": "Sam\u00feykkt af sk\u00f3la", "embedded_subject": {"abbreviation": "HEIF", "topics": [{"abbreviation": "NH", "topics": ["heilsur\u00e6kt", "n\u00e6ringarfr\u00e6\u00f0i"]}, {"abbreviation": "\u00deJ", "topics": ["\u00fej\u00e1lffr\u00e6\u00f0i heilsur\u00e6kt"]}, {"abbreviation": "\u00deH", "topics": ["heilsur\u00e6kt", "\u00fej\u00e1lffr\u00e6\u00f0i"]}, {"abbreviation": "HN", "topics": ["hreyfing", "l\u00fd\u00f0heilsa", "n\u00e6ring"]}], "_id": "5129e75c62933a682f0002e3", "subjects": ["heilsufr\u00e6\u00f0i"], "counter": {"1": 3, "3": 0, "2": 1, "4": 0}}, "evaluation": "L\u00f6g\u00f0 er \u00e1hersla \u00e1 fj\u00f6lbreytt n\u00e1msmat me\u00f0 lei\u00f0s\u00f6gn. N\u00e1msmati\u00f0 er \u00ed h\u00f6ndum kennara vi\u00f0komandi \u00e1fanga en \u00fearf a\u00f0 fylgja \u00feeim reglum sem kve\u00f0i\u00f0 er \u00e1 um \u00ed sk\u00f3lan\u00e1mskr\u00e1 VMA.", "categorization_suggestion": "AV", "embedded_topics": {"abbreviation": "HN", "topics": ["hreyfing", "l\u00fd\u00f0heilsa", "n\u00e6ring"]}, "status": "approved by school", "description": "\u00c1fanginn er b\u00f3klegur og fjallar um fr\u00e6\u00f0ilega \u00fe\u00e6tti heilsul\u00e6sis, l\u00edkams\u00fej\u00e1lfunar og heilsueflingar. \u00cd \u00e1fanganum er fari\u00f0 yfir almenna \u00fej\u00e1lffr\u00e6\u00f0i tengda upphitun, \u00feol-, styrktar-, og li\u00f0leika\u00fej\u00e1lfun. Fjalla\u00f0 er um mikilv\u00e6gi n\u00e6ringar, \u00e1hrif umhverfis og menningar \u00e1 heilsu, hreinl\u00e6ti, kynheilbrig\u00f0i og fleira sem tengist \u00fev\u00ed a\u00f0 auka heilsul\u00e6si einstaklingsins og \u00e1byrg\u00f0 hans \u00e1 eigin heilsu.  Auk \u00feess er fjalla\u00f0 um heilsu \u00e1 v\u00ed\u00f0t\u00e6kan h\u00e1tt og forvarnagildi hreyfingar og heilbrig\u00f0s l\u00edfsst\u00edls.  ", "knowledge_goals": ["\u00feeim \u00fe\u00e1ttum sem hafa \u00e1hrif \u00e1 heilsu okkar", "mikilv\u00e6gi andlegrar, f\u00e9lagslegrar og l\u00edkamlegrar vell\u00ed\u00f0unar", "hvernig nemandi getur haft \u00e1hrif \u00e1 \u00fe\u00e1 \u00fe\u00e6tti sem stj\u00f3rna eigin vell\u00ed\u00f0an", "mikilv\u00e6gi \u00feess a\u00f0 byggja upp vir\u00f0ingu fyrir sj\u00e1lfum s\u00e9r og \u00f6\u00f0rum me\u00f0 \u00fev\u00ed a\u00f0 r\u00e6kta l\u00edkama sinn og s\u00e1l", "\u00e1hrifum umhverfis og menningar \u00e1 hugmyndir f\u00f3lks um heilsu og heilbrig\u00f0i", "mikilv\u00e6gi upphitunar, \u00fathalds- styrktar- og li\u00f0leika\u00fej\u00e1lfunar", "mikilv\u00e6gi r\u00e9ttrar l\u00edkamsbeitingar"], "skills_goals": ["temja s\u00e9r hollt og gott matar\u00e6\u00f0i", "nota heilsul\u00e6si til a\u00f0 efla og vi\u00f0halda g\u00f3\u00f0ri andlegri og l\u00edkamlegri heilsu", "skipuleggja eigin \u00fej\u00e1lfun"], "credits": 2, "last_modified": 1429877388.591278, "schools": ["512b49bc62933a682f00048a"], "coauthors": null, "instructions": "", "continued_education": false, "level": 1, "prerequisites": "engar", "author": "0bc9b589-2a42-4690-ac7e-ec65f804a0e6", "abbreviation_version": null, "competence_goals": [["styrkja j\u00e1kv\u00e6\u00f0a sj\u00e1lfsmynd me\u00f0 \u00fe\u00e1ttt\u00f6ku \u00ed almennri heilsur\u00e6kt, leikjum og \u00fativeru", ""], ["skilja gildi samvinnu \u00ed leik og keppni", ""], ["n\u00fdta uppl\u00fdsingar \u00e1 netinu er var\u00f0a heilsusamlegan l\u00edfsst\u00edl, j\u00e1kv\u00e6\u00f0a sj\u00e1lfsmynd og ge\u00f0heilbrig\u00f0i", ""], ["s\u00fdna \u00f6\u00f0rum vir\u00f0ingu vi\u00f0 leik, n\u00e1m og st\u00f6rf", ""], ["skipuleggja fj\u00f6lbreytt verkefni sem sn\u00faa a\u00f0 alhli\u00f0a hreyfingu, l\u00edkams- og heilsur\u00e6kt", ""], ["tileinka s\u00e9r hollar og fj\u00f6lbreyttar f\u00e6\u00f0uvenjur", ""]], "_id": "553a328c62933a4692008fdc"}, {"exemplary": null, "topics": "hreyfing, l\u00fd\u00f0heilsa, n\u00e6ring", "abbreviation": "HEIF1HN02(AV)", "former_schools": null, "subject": "heilsufr\u00e6\u00f0i", "title": "Heilsufr\u00e6\u00f0i 2", "version": 5, "status_trans": "Sam\u00feykkt af sk\u00f3la", "embedded_subject": {"abbreviation": "HEIF", "topics": [{"abbreviation": "NH", "topics": ["heilsur\u00e6kt", "n\u00e6ringarfr\u00e6\u00f0i"]}, {"abbreviation": "\u00deJ", "topics": ["\u00fej\u00e1lffr\u00e6\u00f0i heilsur\u00e6kt"]}, {"abbreviation": "\u00deH", "topics": ["heilsur\u00e6kt", "\u00fej\u00e1lffr\u00e6\u00f0i"]}, {"abbreviation": "HN", "topics": ["hreyfing", "l\u00fd\u00f0heilsa", "n\u00e6ring"]}], "_id": "5129e75c62933a682f0002e3", "subjects": ["heilsufr\u00e6\u00f0i"], "counter": {"1": 3, "3": 0, "2": 1, "4": 0}}, "evaluation": "L\u00f6g\u00f0 er \u00e1hersla \u00e1 fj\u00f6lbreytt n\u00e1msmat me\u00f0 lei\u00f0s\u00f6gn. N\u00e1msmati\u00f0 er \u00ed h\u00f6ndum kennara vi\u00f0komandi \u00e1fanga en \u00fearf a\u00f0 fylgja \u00feeim reglum sem kve\u00f0i\u00f0 er \u00e1 um \u00ed sk\u00f3lan\u00e1mskr\u00e1 VMA.", "categorization_suggestion": "AV", "embedded_topics": {"abbreviation": "HN", "topics": ["hreyfing", "l\u00fd\u00f0heilsa", "n\u00e6ring"]}, "status": "approved by school", "description": "\u00c1fanginn er b\u00f3klegur og fjallar um fr\u00e6\u00f0ilega \u00fe\u00e6tti heilsul\u00e6sis, l\u00edkams\u00fej\u00e1lfunar og heilsueflingar. \u00cd \u00e1fanganum er fari\u00f0 yfir almenna \u00fej\u00e1lffr\u00e6\u00f0i tengda upphitun, \u00feol-, styrktar-, og li\u00f0leika\u00fej\u00e1lfun. Fjalla\u00f0 er um mikilv\u00e6gi n\u00e6ringar, \u00e1hrif umhverfis og menningar \u00e1 heilsu, hreinl\u00e6ti, kynheilbrig\u00f0i og fleira sem tengist \u00fev\u00ed a\u00f0 auka heilsul\u00e6si einstaklingsins og \u00e1byrg\u00f0 hans \u00e1 eigin heilsu.  Auk \u00feess er fjalla\u00f0 um heilsu \u00e1 v\u00ed\u00f0t\u00e6kan h\u00e1tt og forvarnagildi hreyfingar og heilbrig\u00f0s l\u00edfsst\u00edls.  \u00c1hersla er \u00e1 a\u00f0 nemandinn byggi ofan \u00e1 grunn \u00far fyrri \u00e1fanga og ver\u00f0i me\u00f0vita\u00f0ri um \u00fe\u00e6tti sem hafa \u00e1hrif \u00e1 eigin heilsu. ", "knowledge_goals": ["\u00feeim \u00fe\u00e1ttum sem hafa \u00e1hrif \u00e1 heilsu okkar", "mikilv\u00e6gi andlegrar, f\u00e9lagslegrar og l\u00edkamlegrar vell\u00ed\u00f0unar", "hvernig nemandi getur haft \u00e1hrif \u00e1 \u00fe\u00e1 \u00fe\u00e6tti sem stj\u00f3rna eigin vell\u00ed\u00f0an", "mikilv\u00e6gi \u00feess a\u00f0 byggja upp vir\u00f0ingu fyrir sj\u00e1lfum s\u00e9r og \u00f6\u00f0rum me\u00f0 \u00fev\u00ed a\u00f0 r\u00e6kta l\u00edkama sinn og s\u00e1l", "\u00e1hrifum umhverfis og menningar \u00e1 hugmyndir f\u00f3lks um heilsu og heilbrig\u00f0i", "mikilv\u00e6gi upphitunar, \u00fathalds- styrktar- og li\u00f0leika\u00fej\u00e1lfunar", "mikilv\u00e6gi r\u00e9ttrar l\u00edkamsbeitingar"], "skills_goals": ["temja s\u00e9r hollt og gott matar\u00e6\u00f0i", "nota heilsul\u00e6si til a\u00f0 efla og vi\u00f0halda g\u00f3\u00f0ri andlegri og l\u00edkamlegri heilsu", "skipuleggja eigin \u00fej\u00e1lfun"], "credits": 2, "last_modified": 1429877457.817109, "schools": ["512b49bc62933a682f00048a"], "coauthors": null, "instructions": "", "continued_education": false, "level": 1, "prerequisites": "HEIF1HN02 e\u00f0a samb\u00e6rilegur \u00e1fangi", "author": "0bc9b589-2a42-4690-ac7e-ec65f804a0e6", "abbreviation_version": null, "competence_goals": [["styrkja j\u00e1kv\u00e6\u00f0a sj\u00e1lfsmynd me\u00f0 \u00fe\u00e1ttt\u00f6ku \u00ed almennri heilsur\u00e6kt, leikjum og \u00fativeru", ""], ["skilja gildi samvinnu \u00ed leik og keppni", ""], ["n\u00fdta uppl\u00fdsingar \u00e1 netinu er var\u00f0a heilsusamlegan l\u00edfsst\u00edl, j\u00e1kv\u00e6\u00f0a sj\u00e1lfsmynd og ge\u00f0heilbrig\u00f0i", ""], ["s\u00fdna \u00f6\u00f0rum vir\u00f0ingu vi\u00f0 leik, n\u00e1m og st\u00f6rf", ""], ["skipuleggja fj\u00f6lbreytt verkefni sem sn\u00faa a\u00f0 alhli\u00f0a hreyfingu, l\u00edkams- og heilsur\u00e6kt", ""], ["tileinka s\u00e9r hollar og fj\u00f6lbreyttar f\u00e6\u00f0uvenjur", ""]], "_id": "553a32d162933a4692008fe1"}, {"exemplary": null, "topics": "bl\u00f3\u00f0r\u00e1s, hjarta, kraftur, \u00feol", "abbreviation": "\u00cd\u00deRF3BK05", "former_schools": null, "subject": "\u00ed\u00fer\u00f3ttafr\u00e6\u00f0i", "title": "Hjarta og bl\u00f3\u00f0r\u00e1s", "version": 3, "status_trans": "Sam\u00feykkt af sk\u00f3la", "embedded_subject": {"abbreviation": "\u00cd\u00deRF", "topics": [{"abbreviation": "\u00deJ", "topics": ["\u00fej\u00e1lfun"]}, {"abbreviation": "BV", "topics": ["bein og v\u00f6\u00f0var"]}, {"abbreviation": "HB", "topics": ["hjarta og bl\u00f3\u00f0r\u00e1s"]}, {"abbreviation": "AA", "topics": ["\u00fej\u00e1lfari 1a - almennur hluti"]}, {"abbreviation": "BB", "topics": ["\u00fej\u00e1lfari 2a - \u00ed\u00fer\u00f3ttagreinar"]}, {"abbreviation": "\u00de\u00de", "topics": ["\u00fej\u00e1lfari  - almennur hluti", "\u00fej\u00e1lfun barna"]}, {"abbreviation": "BH", "topics": ["bein og v\u00f6\u00f0var", "hreyfifr\u00e6\u00f0i"]}, {"abbreviation": "HF", "topics": ["Hreyfingarfr\u00e6\u00f0i", "bygging og starfsemi l\u00edkamans", "lyfjafr\u00e6\u00f0i \u00ed\u00fer\u00f3tta", "\u00ed\u00fer\u00f3ttamei\u00f0sl", "\u00ed\u00fer\u00f3ttasaga"]}, {"abbreviation": "\u00deF", "topics": ["l\u00edfst\u00edll og heilsa", "vi\u00f0brag\u00f0s og hra\u00f0a\u00fej\u00e1lfun", "\u00deol\u00fej\u00e1lfun", "\u00ferekpr\u00f3f"]}, {"abbreviation": "\u00deS", "topics": ["Styrktar\u00fej\u00e1lfun", "li\u00f0leika\u00fej\u00e1lfun", "\u00ed\u00fer\u00f3ttamei\u00f0sl og  \u00ed\u00fer\u00f3ttas\u00e1lfr\u00e6\u00f0i"]}, {"abbreviation": "\u00deA", "topics": ["si\u00f0fr\u00e6\u00f0i \u00ed\u00fer\u00f3tta og pr\u00f3f/m\u00e6lingar \u00ed\u00fer\u00f3ttamanna", "skipulagning \u00fej\u00e1lfunar til lengri og skemmri t\u00edma", "\u00dej\u00e1lfunarformin og a\u00f0fer\u00f0ir innan \u00feeirra"]}, {"abbreviation": "\u00deH", "topics": ["\u00cd\u00deRF"]}, {"abbreviation": "\u00cdM", "topics": ["\u00cd\u00fer\u00f3ttamei\u00f0sl og skyndihj\u00e1lp"]}, {"abbreviation": "\u00cdS", "topics": ["kynjamunur", "\u00ed\u00fer\u00f3ttasaga", "\u00fer\u00f3un \u00ed\u00fer\u00f3tta"]}, {"abbreviation": "\u00deB", "topics": ["skipulag \u00fej\u00e1lfunar", "stefnum\u00f3tun", "\u00fej\u00e1lfun barna"]}, {"abbreviation": "BL", "topics": ["bein", "hreyfifr\u00e6\u00f0i", "l\u00edff\u00e6rakerfi", "v\u00f6\u00f0var"]}, {"abbreviation": "BK", "topics": ["bl\u00f3\u00f0r\u00e1s", "hjarta", "kraftur", "\u00feol"]}], "_id": "50c0a02dd8e40575f7f6f4ed", "subjects": ["\u00ed\u00fer\u00f3ttafr\u00e6\u00f0i"], "counter": {"1": 3, "3": 2, "2": 9, "4": 0}}, "evaluation": "L\u00f6g\u00f0 er \u00e1hersla \u00e1 fj\u00f6lbreytt n\u00e1msmat me\u00f0 lei\u00f0s\u00f6gn. N\u00e1msmati\u00f0 er \u00ed h\u00f6ndum kennara vi\u00f0komandi \u00e1fanga en \u00fearf a\u00f0 fylgja \u00feeim reglum sem kve\u00f0i\u00f0 er \u00e1 um \u00ed sk\u00f3lan\u00e1mskr\u00e1 VMA.", "categorization_suggestion": "AV", "embedded_topics": {"abbreviation": "BK", "topics": ["bl\u00f3\u00f0r\u00e1s", "hjarta", "kraftur", "\u00feol"]}, "status": "approved by school", "description": "\u00cd \u00e1fanganum er fjalla\u00f0 um starfsemi hjarta og bl\u00f3\u00f0r\u00e1sarkerfis, lungna- og taugakerfis og ger\u00f0 v\u00f6\u00f0va\u00fer\u00e1\u00f0a. Einnig er fjalla\u00f0 um \u00feol, kraft, hra\u00f0a, li\u00f0leika, t\u00e6kni\u00fej\u00e1lfun og markmi\u00f0s\u00e1\u00e6tlanir. Fari\u00f0 er \u00ed ger\u00f0 \u00fej\u00e1lfunar\u00e1\u00e6tlana til lengri og skemmri t\u00edma. \u00cd \u00e1fanganum er fjalla\u00f0 um helstu grunn\u00fe\u00e6tti \u00ed\u00fer\u00f3ttas\u00e1lfr\u00e6\u00f0innar. Sko\u00f0u\u00f0 eru \u00fdmis \u00e1reiti sem hafa \u00e1hrif \u00e1 getu \u00ed\u00fer\u00f3ttamanna. Fjalla\u00f0 er um spennu (streitu) og helstu spennuvalda, sl\u00f6kun og hugr\u00e6kt af \u00fdmsu tagi. L\u00f6g\u00f0 er \u00e1hersla \u00e1 a\u00f0 nemandinn \u00f6\u00f0list \u00feekkingu og skilning \u00e1 eigin l\u00edkamsstarfsemi me\u00f0 \u00fea\u00f0 a\u00f0 markmi\u00f0i a\u00f0 au\u00f0velda honum a\u00f0 taka \u00e1byrg\u00f0 \u00e1 eigin l\u00edfsh\u00e1ttum m.t.t. \u00feess a\u00f0 vi\u00f0halda eigin heilbrig\u00f0i.", "knowledge_goals": ["starfsemi hjarta- og bl\u00f3\u00f0r\u00e1sarkerfis", "starfsemi lungna- og taugakerfis", "skipulagi \u00fej\u00e1lfunar til lengri og skemmri t\u00edma", "mikilv\u00e6gi g\u00f3\u00f0rar \u00feekkingar \u00e1 t\u00e6kni og leikfr\u00e6\u00f0i \u00ed\u00fer\u00f3ttagreina", "helstu \u00fej\u00e1lfunara\u00f0fer\u00f0um og undirb\u00faningi fyrir keppni", "muninum \u00e1 einstaklings- og h\u00f3p\u00ed\u00fer\u00f3ttum", "\u00e1hrifum f\u00e9lagslegra \u00fe\u00e1tta \u00e1 \u00ed\u00fer\u00f3ttamanninn"], "skills_goals": ["nota helstu \u00fej\u00e1lfunara\u00f0fer\u00f0ir til a\u00f0 setja upp \u00fej\u00e1lfunar\u00e1\u00e6tlun til lengri e\u00f0a skemmri t\u00edma", "beita helstu a\u00f0fer\u00f0um vi\u00f0 a\u00f0 byggja upp \u00feol, kraft, snerpu og li\u00f0leika", "framkv\u00e6ma m\u00e6lingar \u00e1 \u00fej\u00e1lfunar\u00e1standi"], "credits": 5, "last_modified": 1430386339.24148, "schools": ["512b49bc62933a682f00048a"], "coauthors": null, "instructions": "", "continued_education": false, "level": 3, "prerequisites": "\u00cd\u00deRF3BL05 e\u00f0a samb\u00e6rilegur \u00e1fangi", "author": "0bc9b589-2a42-4690-ac7e-ec65f804a0e6", "abbreviation_version": null, "competence_goals": [["meta \u00fej\u00e1lfunar\u00e1stand og veita r\u00e1\u00f0leggingar \u00fear a\u00f0 l\u00fatandi", ""], ["starfa me\u00f0 b\u00f6rnum og unglingum vi\u00f0 \u00ed\u00fer\u00f3ttai\u00f0kun \u00fat fr\u00e1 l\u00edffr\u00e6\u00f0ilegum og s\u00e1lfr\u00e6\u00f0ilegum forsendum", ""], ["skipuleggja grunn\u00fej\u00e1lfun h\u00f3pa og einstaklinga me\u00f0 \u00e1kve\u00f0in markmi\u00f0 \u00ed huga", ""], ["vinna a\u00f0 auknu sj\u00e1lfstrausti og sj\u00e1lfsmynd \u00ed \u00fev\u00ed skyni a\u00f0 b\u00e6ta \u00e1rangur", ""]], "_id": "5541f6a362933a2b9f00012a"}, {"exemplary": null, "topics": "bein, hreyfifr\u00e6\u00f0i, l\u00edff\u00e6rakerfi, v\u00f6\u00f0var", "abbreviation": "\u00cd\u00deRF3BL05", "former_schools": null, "subject": "\u00ed\u00fer\u00f3ttafr\u00e6\u00f0i", "title": "Hreyfifr\u00e6\u00f0i, bein og v\u00f6\u00f0var", "version": 4, "status_trans": "Sam\u00feykkt af sk\u00f3la", "embedded_subject": {"abbreviation": "\u00cd\u00deRF", "topics": [{"abbreviation": "\u00deJ", "topics": ["\u00fej\u00e1lfun"]}, {"abbreviation": "BV", "topics": ["bein og v\u00f6\u00f0var"]}, {"abbreviation": "HB", "topics": ["hjarta og bl\u00f3\u00f0r\u00e1s"]}, {"abbreviation": "AA", "topics": ["\u00fej\u00e1lfari 1a - almennur hluti"]}, {"abbreviation": "BB", "topics": ["\u00fej\u00e1lfari 2a - \u00ed\u00fer\u00f3ttagreinar"]}, {"abbreviation": "\u00de\u00de", "topics": ["\u00fej\u00e1lfari  - almennur hluti", "\u00fej\u00e1lfun barna"]}, {"abbreviation": "BH", "topics": ["bein og v\u00f6\u00f0var", "hreyfifr\u00e6\u00f0i"]}, {"abbreviation": "HF", "topics": ["Hreyfingarfr\u00e6\u00f0i", "bygging og starfsemi l\u00edkamans", "lyfjafr\u00e6\u00f0i \u00ed\u00fer\u00f3tta", "\u00ed\u00fer\u00f3ttamei\u00f0sl", "\u00ed\u00fer\u00f3ttasaga"]}, {"abbreviation": "\u00deF", "topics": ["l\u00edfst\u00edll og heilsa", "vi\u00f0brag\u00f0s og hra\u00f0a\u00fej\u00e1lfun", "\u00deol\u00fej\u00e1lfun", "\u00ferekpr\u00f3f"]}, {"abbreviation": "\u00deS", "topics": ["Styrktar\u00fej\u00e1lfun", "li\u00f0leika\u00fej\u00e1lfun", "\u00ed\u00fer\u00f3ttamei\u00f0sl og  \u00ed\u00fer\u00f3ttas\u00e1lfr\u00e6\u00f0i"]}, {"abbreviation": "\u00deA", "topics": ["si\u00f0fr\u00e6\u00f0i \u00ed\u00fer\u00f3tta og pr\u00f3f/m\u00e6lingar \u00ed\u00fer\u00f3ttamanna", "skipulagning \u00fej\u00e1lfunar til lengri og skemmri t\u00edma", "\u00dej\u00e1lfunarformin og a\u00f0fer\u00f0ir innan \u00feeirra"]}, {"abbreviation": "\u00deH", "topics": ["\u00cd\u00deRF"]}, {"abbreviation": "\u00cdM", "topics": ["\u00cd\u00fer\u00f3ttamei\u00f0sl og skyndihj\u00e1lp"]}, {"abbreviation": "\u00cdS", "topics": ["kynjamunur", "\u00ed\u00fer\u00f3ttasaga", "\u00fer\u00f3un \u00ed\u00fer\u00f3tta"]}, {"abbreviation": "\u00deB", "topics": ["skipulag \u00fej\u00e1lfunar", "stefnum\u00f3tun", "\u00fej\u00e1lfun barna"]}, {"abbreviation": "BL", "topics": ["bein", "hreyfifr\u00e6\u00f0i", "l\u00edff\u00e6rakerfi", "v\u00f6\u00f0var"]}], "_id": "50c0a02dd8e40575f7f6f4ed", "subjects": ["\u00ed\u00fer\u00f3ttafr\u00e6\u00f0i"], "counter": {"1": 3, "3": 2, "2": 9, "4": 0}}, "evaluation": "L\u00f6g\u00f0 er \u00e1hersla \u00e1 fj\u00f6lbreytt n\u00e1msmat me\u00f0 lei\u00f0s\u00f6gn. N\u00e1msmati\u00f0 er \u00ed h\u00f6ndum kennara vi\u00f0komandi \u00e1fanga en \u00fearf a\u00f0 fylgja \u00feeim reglum sem kve\u00f0i\u00f0 er \u00e1 um \u00ed sk\u00f3lan\u00e1mskr\u00e1 VMA.", "categorization_suggestion": "AV", "embedded_topics": {"abbreviation": "BL", "topics": ["bein", "hreyfifr\u00e6\u00f0i", "l\u00edff\u00e6rakerfi", "v\u00f6\u00f0var"]}, "status": "approved by school", "description": "\u00cd \u00e1fanganum er fjalla\u00f0 um starfsemi mannsl\u00edkamans me\u00f0 \u00e1herslu \u00e1 bein og v\u00f6\u00f0va. S\u00e9rst\u00f6k \u00e1hersla ver\u00f0ur l\u00f6g\u00f0 \u00e1 \u00feau l\u00edff\u00e6ri og l\u00edff\u00e6rakerfi sem tengjast hreyfingum mannsl\u00edkamans. Fjalla\u00f0 er um bein, b\u00f6nd og li\u00f0am\u00f3t, li\u00f0fleti og li\u00f0poka. Einnig um hreyfingu \u00ed li\u00f0am\u00f3tum og stefnu hreyfinga. Fjalla\u00f0 er um starfsemi einstaka v\u00f6\u00f0va, uppt\u00f6k \u00feeirra og festu. Fjalla\u00f0 er um hugt\u00f6k og grundvallaratri\u00f0i hreyfifr\u00e6\u00f0innar og komi\u00f0 inn \u00e1 t\u00e6kni \u00ed\u00fer\u00f3ttagreina. \u00c1fanginn byggir a\u00f0 st\u00f3rum hluta \u00e1 stafr\u00e6nni hreyfifr\u00e6\u00f0i, \u00fe.e. hvernig v\u00f6\u00f0var, bein og li\u00f0am\u00f3t l\u00edkamans koma vi\u00f0 s\u00f6gu \u00ed fj\u00f6lbreyttum hreyfingum. Nemandinn gerir \u00e6fingar me\u00f0 og \u00e1n \u00e1halda til a\u00f0 auka skilning sinn \u00e1 \u00fev\u00ed hvernig \u00e1kve\u00f0nar hreyfingar myndast \u00ed \u00ed\u00fer\u00f3ttum. Enn fremur er fjalla\u00f0 um r\u00e9tta lyftit\u00e6kni, starfsstellingar og hreyfingar vi\u00f0 vinnu. L\u00f6g\u00f0 er \u00e1hersla \u00e1 a\u00f0 nemandinn ver\u00f0i me\u00f0vita\u00f0ur um eigin l\u00edkamsbeitingu vi\u00f0 vinnu og/e\u00f0a \u00ed\u00fer\u00f3ttai\u00f0kun og \u00f6\u00f0list aukinn skilning \u00e1 eigin l\u00edkamsstarfsemi me\u00f0 \u00fea\u00f0 a\u00f0 markmi\u00f0i a\u00f0 au\u00f0velda honum a\u00f0 taka \u00e1byrg\u00f0 \u00e1 eigin l\u00edfsh\u00e1ttum. ", "knowledge_goals": ["virkni helstu v\u00f6\u00f0va og v\u00f6\u00f0vah\u00f3pa l\u00edkamans,  uppt\u00f6kum \u00feeirra og festu", "hlutverki beinagrindar, heitum beina og sta\u00f0setningu", "hreyfingu og ger\u00f0 helstu li\u00f0am\u00f3ta og banda", "helstu l\u00f6gm\u00e1lum hreyfifr\u00e6\u00f0innar"], "skills_goals": ["greina hreyfingar me\u00f0 tilliti til virkni einstakra v\u00f6\u00f0vah\u00f3pa", "greina hreyfingar me\u00f0 tilliti til virkni li\u00f0am\u00f3ta", "beita r\u00e9ttri lyftit\u00e6kni", "nota r\u00e9ttar starfsstellingar og hreyfingar vi\u00f0 vinnu"], "credits": 5, "last_modified": 1430386066.397641, "schools": ["512b49bc62933a682f00048a"], "coauthors": null, "instructions": "", "continued_education": false, "level": 3, "prerequisites": "\u00cd\u00deRF2\u00deB03 e\u00f0a samb\u00e6rilegur \u00e1fangi", "author": "0bc9b589-2a42-4690-ac7e-ec65f804a0e6", "abbreviation_version": null, "competence_goals": [["vinna me\u00f0 helstu l\u00f6gm\u00e1l hreyfifr\u00e6\u00f0innar", ""], ["greina sta\u00f0setningu og heiti helstu beina, v\u00f6\u00f0va og li\u00f0am\u00f3ta l\u00edkamans", ""], ["greina v\u00f6\u00f0vavinnu vi\u00f0 \u00e1kve\u00f0nar \u00e6fingar og lei\u00f0beina \u00fat fr\u00e1 \u00fev\u00ed", ""], ["greina mun \u00e1 r\u00e9ttri og rangri l\u00edkamsbeitinu og geta veitt r\u00e1\u00f0leggingar um l\u00edkamsbeitingu", ""]], "_id": "5541f59262933a2b9f000126"}, {"exemplary": null, "topics": "lestur, m\u00e1lfr\u00e6\u00f0i, or\u00f0afor\u00f0i, skilningur", "abbreviation": "ENSK2LS05", "former_schools": null, "subject": "enska", "title": "Lestur til skilnings", "version": 33, "status_trans": "Sam\u00feykkt af sk\u00f3la", "embedded_subject": {"abbreviation": "ENSK", "topics": [{"abbreviation": "GS", "topics": ["grunnatri\u00f0i", "samt\u00f6l"]}, {"abbreviation": "OO", "topics": ["or\u00f0ab\u00f3k", "or\u00f0afor\u00f0i"]}, {"abbreviation": "MM", "topics": ["myndas\u00f6gur", "myndb\u00f6nd"]}, {"abbreviation": "TL", "topics": ["lagatextar", "t\u00f3nlist"]}, {"abbreviation": "FR", "topics": ["ferilsverkefni", "ritunarverkefni"]}, {"abbreviation": "TS", "topics": ["myndm\u00e1l", "ritger\u00f0", "st\u00edlar", "textar"]}, {"abbreviation": "RH", "topics": ["hlustun", "m\u00e1lnotkun", "undirst\u00f6\u00f0uatri\u00f0i \u00ed ritun"]}, {"abbreviation": "SM", "topics": ["m\u00fas\u00edk og myndir 1950-70", "s\u00f6gur"]}, {"abbreviation": "BR", "topics": ["bretland"]}, {"abbreviation": "K\u00c1", "topics": ["kanada", "\u00e1stral\u00eda og n\u00fdja sj\u00e1land"]}, {"abbreviation": "SB", "topics": ["shakespeare og 19. \u00f6ldin \u00ed b\u00f3kmenntum"]}, {"abbreviation": "B\u00d3", "topics": ["b\u00f3kmenntir 20. aldar"]}, {"abbreviation": "KV", "topics": ["kvikmynda\u00e1fangi"]}, {"abbreviation": "AB", "topics": ["afr\u00edsk-amer\u00edskar b\u00f3kmenntir"]}, {"abbreviation": "U\u00c1", "topics": ["undirb\u00faningur", "\u00e1fangi"]}, {"abbreviation": "MT", "topics": ["m\u00e1lfr\u00e6\u00f0i", "tj\u00e1ning"]}, {"abbreviation": "MS", "topics": ["menning", "skapandi skrif"]}, {"abbreviation": "KR", "topics": ["kvikmyndir", "ritun"]}, {"abbreviation": "HR", "topics": ["heimildavinna", "ritger\u00f0ir"]}, {"abbreviation": "FF", "topics": ["fagm\u00e1l", "f\u00e9lagsv\u00edsinda"]}, {"abbreviation": "VE", "topics": ["enska", "vi\u00f0skipta"]}, {"abbreviation": "RE", "topics": ["enska", "raungreinar"]}, {"abbreviation": "BM", "topics": ["b\u00f3kmenntir", "m\u00e1lsaga"]}, {"abbreviation": "LB", "topics": ["b\u00f3kmenntir", "leik"]}, {"abbreviation": "UP", "topics": ["pr\u00f3f", "undirb\u00faningur"]}, {"abbreviation": "EN", "topics": ["enska fyrir fer\u00f0agreinar"]}, {"abbreviation": "FE", "topics": ["enska fyrir fer\u00f0a\u00fej\u00f3nustu"]}, {"abbreviation": "ST", "topics": ["evr\u00f3pski tungum\u00e1laramminn", "stig b1-b2"]}, {"abbreviation": "SE", "topics": ["evr\u00f3pski tungum\u00e1laramminn", "stig b2"]}, {"abbreviation": "ES", "topics": ["evr\u00f3pski tungum\u00e1laramminn", "stig b2-c1"]}, {"abbreviation": "EV", "topics": ["evr\u00f3pski tungum\u00e1laramminn", "stig c1"]}, {"abbreviation": "BF", "topics": ["b2", "evr\u00f3pski tungum\u00e1laramminn", "fer\u00f0a\u00fej\u00f3nuta"]}, {"abbreviation": "FH", "topics": ["evr\u00f3pski tungum\u00e1laramminn", "framhald", "stig c1"]}, {"abbreviation": "GR", "topics": ["grunn\u00e1fangi"]}, {"abbreviation": "FG", "topics": ["enska fyrir matv\u00e6lagreinar"]}, {"abbreviation": "LS", "topics": ["lestur", "m\u00e1lfr\u00e6\u00f0i", "or\u00f0afor\u00f0i", "skilningur"]}, {"abbreviation": "LT", "topics": ["lestur", "or\u00f0afor\u00f0i", "talm\u00e1l"]}, {"abbreviation": "BL", "topics": ["b\u00f3kmenntir", "lesskilningur", "ritun"]}, {"abbreviation": "BS", "topics": ["b\u00f3kmenntir", "menning", "saga"]}, {"abbreviation": "HA", "topics": ["hagn\u00fdtur or\u00f0afor\u00f0i. l\u00e6si \u00e1 fl\u00f3knari texta."]}, {"abbreviation": "OF", "topics": ["grunnor\u00f0afor\u00f0i fr\u00e6\u00f0a og v\u00edsinda.. menningarheimur nor\u00f0ur amer\u00edku"]}, {"abbreviation": "UN", "topics": ["undirb\u00fanings\u00e1fangi \u00ed ensku"]}, {"abbreviation": "LM", "topics": ["lestur og menning", "tj\u00e1ning"]}, {"abbreviation": "TM", "topics": ["menning", "tj\u00e1ning og skapandi skrif"]}, {"abbreviation": "MB", "topics": ["b\u00f3kmenntir", "menning og ritun"]}, {"abbreviation": "EX", "topics": ["extensive vocabulary and expression"]}, {"abbreviation": "ML", "topics": ["m\u00e1lnotkun og l\u00e6si"]}, {"abbreviation": "AA", "topics": ["akadem\u00edskur or\u00f0afor\u00f0i", "fj\u00f6lbreyttir textar", "fyrsti \u00e1fangi \u00ed ensku."]}, {"abbreviation": "YN", "topics": ["yndislestur"]}, {"abbreviation": "BB", "topics": ["akadem\u00edskur or\u00f0afor\u00f0i", "annar \u00e1fangi \u00ed ensku.", "fj\u00f6lbreyttir textar"]}, {"abbreviation": "FA", "topics": ["fagor\u00f0afor\u00f0i"]}, {"abbreviation": "AH", "topics": ["akadem\u00edskur or\u00f0afor\u00f0i", "fj\u00f6lbreyttir textar. hra\u00f0fer\u00f0 \u00ed ensku."]}, {"abbreviation": "BH", "topics": ["akadem\u00edskur or\u00f0afor\u00f0i", "fj\u00f6lbreyttir textar. \u00f6nnur hra\u00f0fer\u00f0 \u00ed ensku."]}, {"abbreviation": "EE", "topics": ["b\u00f3kmenntir", "fj\u00f6lmi\u00f0latextar."]}, {"abbreviation": "LR", "topics": ["lestur", "ritun", "tj\u00e1ning og hlustun"]}, {"abbreviation": "DD", "topics": ["b\u00f3kmenntir"]}, {"abbreviation": "M\u00c1", "topics": ["m\u00e1lfr\u00e6\u00f0i a"]}, {"abbreviation": "CC", "topics": ["b\u00f3kmenntir", "krefjandi or\u00f0afor\u00f0i", "ritun"]}, {"abbreviation": "CH", "topics": ["krefjandi or\u00f0afor\u00f0i"]}, {"abbreviation": "L\u00c9", "topics": ["l\u00e9ttlestur"]}, {"abbreviation": "OH", "topics": ["hlustun", "or\u00f0afor\u00f0i", "talm\u00e1l og ritun"]}, {"abbreviation": "LO", "topics": ["lesskilningur", "m\u00e1lfr\u00e6\u00f0i", "or\u00f0afor\u00f0i"]}, {"abbreviation": "MO", "topics": ["m\u00e1lfr\u00e6\u00f0i", "or\u00f0afor\u00f0i", "stig b1 \u00ed evr\u00f3pska tungum\u00e1larammanum"]}, {"abbreviation": "OB", "topics": ["b\u00f3kmenntir", "or\u00f0afor\u00f0i", "stig b2 \u00ed evr\u00f3pska tungum\u00e1larammanum"]}, {"abbreviation": "RB", "topics": ["b\u00f3kmenntir", "ritun"]}, {"abbreviation": "RL", "topics": ["lestur", "m\u00e1lfr\u00e6\u00f0i", "ritun og or\u00f0afor\u00f0i"]}, {"abbreviation": "SG", "topics": ["Lestur", "m\u00e1lfr\u00e6\u00f0i", "or\u00f0afor\u00f0i", "ritun", "tal"]}, {"abbreviation": "RM", "topics": ["Ritun", "b\u00f3kmenntir", "m\u00e1lnotkun"]}, {"abbreviation": "RO", "topics": ["Ritun", "b\u00f3kmenntir", "menning", "or\u00f0afor\u00f0i"]}, {"abbreviation": "SR", "topics": ["Menning", "akadem\u00edskur or\u00f0afor\u00f0i", "ritun", "saga"]}, {"abbreviation": "AE", "topics": ["Almenn akadem\u00edsk enska", "b\u00f3kmenntir", "ritun"]}, {"abbreviation": "SA", "topics": ["S\u00e9rh\u00e6f\u00f0 akadem\u00edsk enska", "b\u00f3kmenntir", "ritun"]}, {"abbreviation": "VR", "topics": ["V\u00edsindaor\u00f0afor\u00f0i", "raungreinar"]}, {"abbreviation": "VH", "topics": ["Vi\u00f0skipti", "erlend samskipti og vi\u00f0skiptah\u00e6ttir"]}, {"abbreviation": "AK", "topics": ["Kennsla", "a\u00f0sto\u00f0 vi\u00f0 nemendur", "ger\u00f0 kennsluefnis"]}, {"abbreviation": "DF", "topics": ["Kvikmyndir. Film Course."]}, {"abbreviation": "SK", "topics": ["enska fyrir fer\u00f0a\u00fej\u00f3nustu", "skapandi skrif"]}, {"abbreviation": "FT", "topics": ["lestur fr\u00e6\u00f0ilegra texta"]}, {"abbreviation": "VT", "topics": ["Lestur enskra vi\u00f0skiptatexta"]}, {"abbreviation": "RT", "topics": ["Lestur enskra raunv\u00edsindatexta"]}, {"abbreviation": "\u00cdT", "topics": ["Lestur \u00ed\u00fer\u00f3ttafr\u00e6\u00f0ilegra texta"]}, {"abbreviation": "TO", "topics": ["Tolkien"]}, {"abbreviation": "RI", "topics": ["Ritun"]}, {"abbreviation": "HL", "topics": ["Hlustun"]}, {"abbreviation": "UE", "topics": ["Undirb\u00fanings\u00e1fangi \u00ed ensku"]}, {"abbreviation": "UH", "topics": ["Undirb\u00faningur fyrir h\u00e1sk\u00f3lan\u00e1m"]}, {"abbreviation": "TJ", "topics": ["Tj\u00e1ning"]}, {"abbreviation": "OM", "topics": ["Or\u00f0afor\u00f0i", "m\u00e1lfr\u00e6\u00f0i", "m\u00e1lnotkun"]}, {"abbreviation": "TF", "topics": ["tj\u00e1ning og m\u00e1lnotkun"]}, {"abbreviation": "AM", "topics": ["Fr\u00e6\u00f0ilegur or\u00f0afor\u00f0i og Bandar\u00edkin"]}, {"abbreviation": "UK", "topics": ["Fr\u00e6\u00f0ilegur or\u00f0afor\u00f0i og Bretland"]}, {"abbreviation": "AC", "topics": ["Akadem\u00edskur or\u00f0afor\u00f0i og rauntextar"]}, {"abbreviation": "SL", "topics": ["Lestur", "menning og skrif"]}, {"abbreviation": "KK", "topics": ["Kvikmyndir og kynning"]}, {"abbreviation": "BA", "topics": ["L\u00fdsing: B\u00f3kmenntir 19. og 20.", "skrif og r\u00e6\u00f0uger\u00f0"]}, {"abbreviation": "OT", "topics": ["Or\u00f0afor\u00f0i", "ritun", "tj\u00e1ning"]}, {"abbreviation": "VM", "topics": ["V\u00edsindi og menning"]}, {"abbreviation": "BT", "topics": ["Bandar\u00edskt \u00fej\u00f3\u00f0f\u00e9lag og menning"]}, {"abbreviation": "MR", "topics": ["M\u00e1lfr\u00e6\u00f0i og ritun"]}, {"abbreviation": "LH", "topics": ["L\u00e6si \u00e1 fl\u00f3knari texta", "hagn\u00fdtur fj\u00f6lbreyttur or\u00f0afor\u00f0i"]}, {"abbreviation": "KB", "topics": ["Kvikmyndir", "b\u00f3kmenntir"]}, {"abbreviation": "OL", "topics": ["Lestur", "Menning", "M\u00e1lfr\u00e6\u00f0i", "Or\u00f0afor\u00f0i", "Ritun", "Tal"]}, {"abbreviation": "CL", "topics": ["Chic Literature and Women in Today\u2018s Society"]}, {"abbreviation": "CW", "topics": ["Creative Writing"]}, {"abbreviation": "OR", "topics": ["B\u00f3kmenntir (fj\u00f6lbreyttir textar)", "menning", "or\u00f0afor\u00f0i", "ranns\u00f3knir og ritun"]}, {"abbreviation": "OG", "topics": ["B\u00f3kmenntir", "lj\u00f3\u00f0agreining", "or\u00f0afor\u00f0i", "ritger\u00f0asm\u00ed\u00f0i og heimildavinna"]}, {"abbreviation": "BY", "topics": ["Lestur", "m\u00e1lfr\u00e6\u00f0i og m\u00e1lnotkun (byrjunar\u00e1fangi \u00ed ensku)", "ritun"]}, {"abbreviation": "DM", "topics": ["Enska Daglegt m\u00e1l"]}, {"abbreviation": "B\u00c1", "topics": ["b\u00f3kmenntir", "ritun", "tj\u00e1ning"]}, {"abbreviation": "HE", "topics": ["Hagn\u00fdt enska", "starfsbraut"]}, {"abbreviation": "RR", "topics": ["Enska \u00ed r\u00e6\u00f0u og riti"]}, {"abbreviation": "HO", "topics": ["Hagn\u00fdtur or\u00f0afor\u00f0i", "c1"]}, {"abbreviation": "FO", "topics": ["Fagor\u00f0afor\u00f0i og fer\u00f0am\u00e1l"]}, {"abbreviation": "EG", "topics": ["Enska 2 \u00e1 starfsbraut"]}, {"abbreviation": "SO", "topics": ["s\u00e9rh\u00e6f\u00f0ur or\u00f0afor\u00f0i"]}, {"abbreviation": "TR", "topics": ["Tj\u00e1ning", "or\u00f0afor\u00f0i", "ritun"]}, {"abbreviation": "\u00deS", "topics": ["\u00dej\u00f3nustust\u00f6rf"]}, {"abbreviation": "SF", "topics": ["Sagnfr\u00e6\u00f0i"]}, {"abbreviation": "T\u00d6", "topics": ["T\u00f6lvuleikir"]}, {"abbreviation": "JM", "topics": ["Fr\u00e1 hugmynd til \u00fatg\u00e1fu"]}, {"abbreviation": "MH", "topics": ["S\u00e9rh\u00e6f\u00f0 enska \u00ed myndlist og h\u00f6nnun"]}, {"abbreviation": "BO", "topics": ["B\u00f3kmenntir", "m\u00e1lfr\u00e6\u00f0i", "or\u00f0afor\u00f0i"]}, {"abbreviation": "VO", "topics": ["V\u00edsindatengdur or\u00f0afor\u00f0i"]}, {"abbreviation": "MV", "topics": ["M\u00e1lnotkun", "b\u00f3kmenntir", "vi\u00f0skipti"]}, {"abbreviation": "SV", "topics": ["m\u00e1lnotkun", "samf\u00e9lag", "vi\u00f0skipti"]}, {"abbreviation": "VI", "topics": ["m\u00e1lskilningur", "ritun", "vi\u00f0skiptaenska"]}, {"abbreviation": "EM", "topics": ["bresk menning", "b\u00f3kmenntir", "m\u00e1l"]}, {"abbreviation": "NV", "topics": ["v\u00edsindaenska"]}, {"abbreviation": "YL", "topics": ["Yndislestur"]}, {"abbreviation": "EH", "topics": ["Enska fyrir heilbrig\u00f0isgreinar"]}, {"abbreviation": "DK", "topics": ["ENSKA"]}, {"abbreviation": "DG", "topics": ["Enskar myndas\u00f6gur"]}, {"abbreviation": "DV", "topics": ["or\u00f0afor\u00f0i"]}, {"abbreviation": "DY", "topics": ["Yndislestur \u00ed ensku"]}, {"abbreviation": "EY", "topics": ["Yndislestur 2 \u00e1 ensku"]}, {"abbreviation": "HB", "topics": ["B\u00f3kmenntir og fr\u00e6\u00f0ilegir textar \u00ed hugv\u00edsindum"]}], "_id": "50c0a02dd8e40575f7f6f488", "subjects": ["enska"], "counter": {"1": 21, "3": 24, "2": 32, "4": 1}}, "evaluation": "L\u00f6g\u00f0 er \u00e1hersla \u00e1 fj\u00f6lbreytt n\u00e1msmat me\u00f0 lei\u00f0s\u00f6gn. N\u00e1msmati\u00f0 er \u00ed h\u00f6ndum kennara vi\u00f0komandi \u00e1fanga en \u00fearf a\u00f0 fylgja \u00feeim reglum sem kve\u00f0i\u00f0 er \u00e1 um \u00ed sk\u00f3lan\u00e1mskr\u00e1 VMA. ", "categorization_suggestion": "AV", "embedded_topics": {"abbreviation": "LS", "topics": ["lestur", "m\u00e1lfr\u00e6\u00f0i", "or\u00f0afor\u00f0i", "skilningur"]}, "status": "approved by school", "description": "\u00cd \u00e1fanganum er l\u00f6g\u00f0 \u00e1hersla \u00e1 tj\u00e1ningu, lestur texta, ritun og undirst\u00f6\u00f0uatri\u00f0i enskrar m\u00e1lfr\u00e6\u00f0i me\u00f0 \u00fea\u00f0 fyrir augum a\u00f0 byggja upp virkan og hagn\u00fdtan or\u00f0afor\u00f0a. Einnig er hugtaki\u00f0 menningarl\u00e6si kynnt me\u00f0 umbur\u00f0arlyndi gagnvart \u00f6\u00f0rum menningarheimum \u00ed huga. Lesnir ver\u00f0a valdir rauntextar, auk \u00feess sem nemandinn les valin sk\u00e1ldverk. Skriflegi \u00fe\u00e1tturinn er \u00fej\u00e1lfa\u00f0ur me\u00f0 fj\u00f6lbreyttum \u00e6fingum me\u00f0 s\u00e9rstaka \u00e1herslu \u00e1 formlega ritger\u00f0arsm\u00ed\u00f0 \u00fear sem unni\u00f0 er me\u00f0 uppl\u00fdsingar sem nemendur afla s\u00e9r, t.d. \u00e1 Internetinu. Nemandinn \u00e1 a\u00f0 tileinka s\u00e9r munnlega tj\u00e1ningu \u00e1 ensku og er honum lei\u00f0beint \u00ed kennslustundum \u00fear sem \u00f6ll tj\u00e1skipti fara fram \u00e1 ensku. ", "knowledge_goals": ["helstu einkennum enskrar menningar og tungu", "menningu og tungu \u00ed enskum\u00e6landi samf\u00e9l\u00f6gum", "almennum m\u00e1lfr\u00e6\u00f0ireglum", "s\u00e9rkennum ritm\u00e1ls og talm\u00e1ls"], "skills_goals": ["beita almennum m\u00e1lfr\u00e6\u00f0ireglum \u00ed r\u00e6\u00f0u og riti", "nota or\u00f0ab\u00f3k og vi\u00f0eigandi hj\u00e1lparg\u00f6gn", "tj\u00e1 kunn\u00e1ttu s\u00edna munnlega og skriflega", "lesa og greina b\u00f3kmenntatexta"], "credits": 5, "last_modified": 1423820868.940504, "schools": ["512b49bc62933a682f00048a"], "coauthors": null, "instructions": "", "continued_education": false, "level": 2, "prerequisites": "A\u00f0 hafa loki\u00f0 grunnsk\u00f3la me\u00f0 fulln\u00e6gjandi h\u00e6tti a\u00f0 mati sk\u00f3lans.  ", "author": "0bc9b589-2a42-4690-ac7e-ec65f804a0e6", "abbreviation_version": null, "competence_goals": [["tj\u00e1 sig \u00ed r\u00e6\u00f0u og riti \u00e1 ensku", ""], ["ver\u00f0a sj\u00e1lfbjarga \u00ed uppl\u00fdsinga\u00f6flun \u00e1 ensku", ""], ["geta afla\u00f0 s\u00e9r uppl\u00fdsinga um ensk m\u00e1lsamf\u00e9l\u00f6g", ""], ["lesa s\u00e9r til gagns og gamans", ""]], "_id": "54ddc84462933a7a34000288"}, {"exemplary": null, "topics": "ranns\u00f3knara\u00f0fer\u00f0ir, sj\u00e1lfst\u00e6\u00f0 vinnubr\u00f6g\u00f0", "abbreviation": "LOVE3SR05", "former_schools": null, "subject": "Lokaverkefni", "title": "Lokaverkefni brautar", "version": 1, "status_trans": "Sam\u00feykkt af sk\u00f3la", "embedded_subject": {"abbreviation": "LOVE", "topics": [{"abbreviation": "VN", "topics": ["LOVE"]}, {"abbreviation": "LV", "topics": ["Lokaverkefni"]}, {"abbreviation": "MA", "topics": ["Lokaverkefni fyrsta hluta"]}, {"abbreviation": "MB", "topics": ["Lokaverkefni byggingastj\u00f3ri"]}, {"abbreviation": "SR", "topics": ["ranns\u00f3knara\u00f0fer\u00f0ir", "sj\u00e1lfst\u00e6\u00f0 vinnubr\u00f6g\u00f0"]}], "_id": "52d7a46862933a35b30042e9", "subjects": ["Lokaverkefni"], "counter": {"1": 0, "3": 0, "2": 0, "4": 1}}, "evaluation": "L\u00f6g\u00f0 er \u00e1hersla \u00e1 fj\u00f6lbreytt n\u00e1msmat me\u00f0 lei\u00f0s\u00f6gn. N\u00e1msmati\u00f0 er \u00ed h\u00f6ndum kennara vi\u00f0komandi \u00e1fanga en \u00fearf a\u00f0 fylgja \u00feeim reglum sem kve\u00f0i\u00f0 er \u00e1 um \u00ed sk\u00f3lan\u00e1mskr\u00e1 VMA.", "categorization_suggestion": "AV", "embedded_topics": {"abbreviation": "SR", "topics": ["ranns\u00f3knara\u00f0fer\u00f0ir", "sj\u00e1lfst\u00e6\u00f0 vinnubr\u00f6g\u00f0"]}, "status": "approved by school", "description": " \u00cd \u00e1fanganum vinnur nemandi \u00e1 s\u00ed\u00f0asta n\u00e1ms\u00e1ri lokaverkefni sem byggir \u00e1 fr\u00e6\u00f0ilegri \u00feekkingu \u00e1 n\u00e1mssvi\u00f0i/s\u00e9rgrein hans. \u00c1fanginn gefur m\u00f6guleika \u00e1 \u00feverfaglegu samstarfi, \u00fe\u00f3 er gert r\u00e1\u00f0 fyrir a\u00f0 nemandinn velji efni tengt sinni braut. Nemandinn f\u00e6r kennslu \u00ed helstu a\u00f0fer\u00f0um ranns\u00f3kna og \u00fej\u00e1lfun \u00ed \u00feeim fr\u00e6\u00f0ilegu vinnubr\u00f6g\u00f0um sem t\u00ed\u00f0kast vi\u00f0 vinnslu og fr\u00e1gang verkefna. Krafist er vitsmunalegrar og verklegrar leikni til a\u00f0 vinna verkefni\u00f0 og \u00e6tlast er til a\u00f0 nemandinn \u00f6\u00f0list h\u00e6fni til a\u00f0 n\u00fdta fyrri \u00feekkingu og skilning vi\u00f0 \u00farvinnslu. Mikil \u00e1hersla er l\u00f6g\u00f0 \u00e1 sj\u00e1lfst\u00e6\u00f0 og skapandi vinnubr\u00f6g\u00f0, a\u00f0 nemandinn l\u00e6ri a\u00f0 setja fram sko\u00f0anir s\u00ednar \u00e1 faglegan h\u00e1tt og taki \u00e1byrg\u00f0 \u00e1 eigin n\u00e1mi. ", "knowledge_goals": ["a\u00f0fer\u00f0um, hugt\u00f6kum og kenningum \u00f3l\u00edkra fr\u00e6\u00f0isvi\u00f0a", "mikilv\u00e6gi gildra ranns\u00f3knargagna og heimilda", "\u00f3l\u00edkum ranns\u00f3knara\u00f0fer\u00f0um", "raunh\u00e6fri markmi\u00f0asetningu og afm\u00f6rkun vi\u00f0fangsefna", "tilteknu vi\u00f0fangsefni sem hann hefur vali\u00f0 s\u00e9r", "reglum um h\u00f6fundarr\u00e9tt og hugmyndum um ritstuld"], "skills_goals": ["skipuleggja verkefni me\u00f0 \u00e1byrgum og sj\u00e1lfst\u00e6\u00f0um h\u00e6tti", "s\u00fdna frumkv\u00e6\u00f0i og skapandi n\u00e1lgun", "lesa fr\u00e6\u00f0ilegan texta \u00e1 \u00edslensku og erlendu tungum\u00e1li", "vinna \u00far heimildum samkv\u00e6mt vi\u00f0urkenndum reglum um me\u00f0fer\u00f0 \u00feeirra", "beita vi\u00f0eigandi a\u00f0fer\u00f0um vi\u00f0 \u00fatf\u00e6rslu verkefnisins s.s. uppbyggingu og framsetningu", "tj\u00e1 sig \u00e1 sk\u00fdran, \u00e1byrgan, gagnr\u00fdninn og skapandi h\u00e1tt um eigi\u00f0 verkefni"], "credits": 5, "last_modified": 1425376541.657238, "schools": ["512b49bc62933a682f00048a"], "coauthors": null, "instructions": "", "continued_education": false, "level": 3, "prerequisites": "A\u00f0 hafa alla jafna loki\u00f0 um 80% \u00e1fanga brautarinnar", "author": "0bc9b589-2a42-4690-ac7e-ec65f804a0e6", "abbreviation_version": null, "competence_goals": [["\u00fer\u00f3a hugmyndir og s\u00fdna sj\u00e1lfst\u00e6\u00f0i, \u00e1r\u00e6\u00f0ni og inns\u00e6i vi\u00f0 \u00fatf\u00e6rslu \u00feeirra og t\u00falkun", ""], ["greina, tj\u00e1 sig um og meta eigin verkefni og annarra af \u00feekkingu, v\u00ed\u00f0s\u00fdni og vir\u00f0ingu", ""], ["n\u00fdta fyrri reynslu, \u00feekkingu og skilning vi\u00f0 \u00farlausn n\u00fdrra vi\u00f0fangsefna", ""], ["breyta hugmynd \u00ed afur\u00f0", ""], ["\u00e1tta sig \u00e1 vir\u00f0i verkefnisins og menntunar sinnar fyrir samf\u00e9lag og atvinnul\u00edf", ""], ["vera me\u00f0vita\u00f0ur um styrkleika s\u00edna", ""], ["gera raunh\u00e6fa verk\u00e1\u00e6tlun og framfylgja henni", ""]], "_id": "54f5851d62933a3c220002ef"}, {"exemplary": null, "topics": "l\u00edff\u00e6rakerfi mannsins, l\u00edkamsstarfssemi", "abbreviation": "L\u00cdFF2LK05", "former_schools": null, "subject": "l\u00edffr\u00e6\u00f0i", "title": "L\u00edfe\u00f0lisfr\u00e6\u00f0i", "version": 21, "status_trans": "Sam\u00feykkt af sk\u00f3la", "embedded_subject": {"abbreviation": "L\u00cdFF", "topics": [{"abbreviation": "MA", "topics": ["ma\u00f0urinn"]}, {"abbreviation": "LR", "topics": ["l\u00edfr\u00edki\u00f0"]}, {"abbreviation": "LE", "topics": ["l\u00edfe\u00f0lisfr\u00e6\u00f0i"]}, {"abbreviation": "LL", "topics": ["l\u00edfe\u00f0lisfr\u00e6\u00f0i", "l\u00edff\u00e6rafr\u00e6\u00f0i"]}, {"abbreviation": "EF", "topics": ["erf\u00f0afr\u00e6\u00f0i"]}, {"abbreviation": "VF", "topics": ["vistfr\u00e6\u00f0i"]}, {"abbreviation": "GR", "topics": ["grunn\u00e1fangi \u00ed l\u00edffr\u00e6\u00f0i fyrir n\u00e1tt\u00faruv\u00edsindabraut"]}, {"abbreviation": "GF", "topics": ["grunn\u00e1fangi \u00ed l\u00edffr\u00e6\u00f0i fyrir hug- og f\u00e9lagsv\u00edsindabraut"]}, {"abbreviation": "VE", "topics": ["verkefnal\u00edffr\u00e6\u00f0i"]}, {"abbreviation": "VI", "topics": ["vistfr\u00e6\u00f0in"]}, {"abbreviation": "L\u00cd", "topics": ["l\u00edfe\u00f0lisfr\u00e6\u00f0in"]}, {"abbreviation": "ER", "topics": ["erf\u00f0afr\u00e6\u00f0in"]}, {"abbreviation": "AT", "topics": ["atferlisfr\u00e6\u00f0i"]}, {"abbreviation": "\u00d6R", "topics": ["\u00f6rverufr\u00e6\u00f0i"]}, {"abbreviation": "AL", "topics": ["almenn l\u00edffr\u00e6\u00f0i"]}, {"abbreviation": "LV", "topics": ["lokaverkefni"]}, {"abbreviation": "HE", "topics": ["heilsa mannsins"]}, {"abbreviation": "FR", "topics": ["frumul\u00edffr\u00e6\u00f0i og erf\u00f0afr\u00e6\u00f0i"]}, {"abbreviation": "EL", "topics": ["almenn l\u00edffr\u00e6\u00f0i", "eiginleikar l\u00edfvera"]}, {"abbreviation": "\u00cdS", "topics": ["l\u00edfr\u00edki \u00edslands"]}, {"abbreviation": "VB", "topics": ["bein", "hreyfingarfr\u00e6\u00f0i", "l\u00edff\u00e6rafr\u00e6\u00f0i", "v\u00f6\u00f0var"]}, {"abbreviation": "L\u00de", "topics": ["l\u00edfe\u00f0lisfr\u00e6\u00f0i", "\u00fej\u00e1lffr\u00e6\u00f0i"]}, {"abbreviation": "FA", "topics": ["almenn l\u00edffr\u00e6\u00f0i", "flokkunarfr\u00e6\u00f0i", "frumul\u00edffr\u00e6\u00f0i"]}, {"abbreviation": "VV", "topics": ["Vistfr\u00e6\u00f0i", "vettvangsfer\u00f0ir"]}, {"abbreviation": "LF", "topics": ["L\u00edff\u00e6ri og l\u00edffe\u00f0lisfr\u00e6\u00f0i"]}, {"abbreviation": "UM", "topics": ["Umhverfisfr\u00e6\u00f0i"]}, {"abbreviation": "L\u00c6", "topics": ["l\u00edff\u00e6ra og l\u00edfe\u00f0lisfr\u00e6\u00f0i"]}, {"abbreviation": "GL", "topics": ["Grunn\u00e1fangi \u00ed L\u00edffr\u00e6\u00f0i"]}, {"abbreviation": "VU", "topics": ["vist- og umhverfisfr\u00e6\u00f0i"]}, {"abbreviation": "GD", "topics": ["Grunn\u00e1fangi \u00ed d\u00fdrafr\u00e6\u00f0i", "pl\u00f6ntufr\u00e6\u00f0i"]}, {"abbreviation": "FE", "topics": ["Frumur", "l\u00edkaminn og erf\u00f0ir"]}, {"abbreviation": "UV", "topics": ["Vist-og umhverfisfr\u00e6\u00f0i"]}, {"abbreviation": "LM", "topics": ["L\u00edffr\u00e6\u00f0i mannsins", "efnaskipti og l\u00edff\u00e6rakerfi", "frumur"]}, {"abbreviation": "E\u00de", "topics": ["Erf\u00f0afr\u00e6\u00f0i og \u00fer\u00f3unarfr\u00e6\u00f0i"]}, {"abbreviation": "FL", "topics": ["flokkunarfr\u00e6\u00f0i"]}, {"abbreviation": "ST", "topics": ["Stj\u00f6rnul\u00edfffr\u00e6\u00f0i"]}, {"abbreviation": "V\u00cd", "topics": ["V\u00edsindaleg a\u00f0fer\u00f0 - verkefnal\u00edffr\u00e6\u00f0i"]}, {"abbreviation": "PD", "topics": ["almenn l\u00edffr\u00e6\u00f0i", "d\u00fdr", "pl\u00f6ntur", "\u00f6rverur"]}, {"abbreviation": "AA", "topics": ["Almenn l\u00edffr\u00e6\u00f0i"]}, {"abbreviation": "BB", "topics": ["Almenn l\u00edfe\u00f0lisfr\u00e6\u00f0i"]}, {"abbreviation": "AH", "topics": ["Almenn l\u00edffr\u00e6\u00f0i - hra\u00f0fer\u00f0"]}, {"abbreviation": "BA", "topics": ["Atferlisfr\u00e6\u00f0i"]}, {"abbreviation": "BV", "topics": ["Vistfr\u00e6\u00f0i"]}, {"abbreviation": "CE", "topics": ["Erf\u00f0afr\u00e6\u00f0i"]}, {"abbreviation": "CL", "topics": ["L\u00edff\u00e6ra- og l\u00edfe\u00f0lisfr\u00e6\u00f0i"]}, {"abbreviation": "C\u00d6", "topics": ["\u00d6rverufr\u00e6\u00f0i"]}, {"abbreviation": "DL", "topics": ["L\u00edff\u00e6ra og l\u00edfe\u00f0lisfr\u00e6\u00f0i"]}, {"abbreviation": "DV", "topics": ["Verkefna\u00e1fangi"]}, {"abbreviation": "BU", "topics": ["Umhverfisfr\u00e6\u00f0i."]}, {"abbreviation": "AG", "topics": ["Almenn l\u00edffr\u00e6\u00f0i", "grunn\u00e1fangi \u00e1 n\u00e1tt\u00farufr\u00e6\u00f0ibraut"]}, {"abbreviation": "XY", "topics": ["L\u00edffr\u00e6\u00f0i"]}, {"abbreviation": "LA", "topics": ["Almenn", "l\u00edffr\u00e6\u00f0i"]}, {"abbreviation": "VL", "topics": ["Verkefnal\u00edffr\u00e6\u00f0i"]}, {"abbreviation": "RI", "topics": ["Sj\u00e1lfst\u00e6tt ranns\u00f3knaverkefni \u00ed l\u00edffr\u00e6\u00f0i", "val\u00e1fangi \u00e1 n\u00e1tt\u00farufr\u00e6\u00f0ibraut"]}, {"abbreviation": "D\u00dd", "topics": ["D\u00fdrafr\u00e6\u00f0i", "val\u00e1fangi \u00e1 n\u00e1tt\u00farufr\u00e6\u00f0ibraut"]}, {"abbreviation": "VS", "topics": ["V\u00edsindask\u00e1ldskapur"]}, {"abbreviation": "LK", "topics": ["l\u00edff\u00e6rakerfi mannsins", "l\u00edkamsstarfssemi"]}], "_id": "50c0a02dd8e40575f7f6f4ca", "subjects": ["l\u00edffr\u00e6\u00f0i"], "counter": {"1": 6, "3": 12, "2": 20, "4": 0}}, "evaluation": "L\u00f6g\u00f0 er \u00e1hersla fj\u00f6lbreytt n\u00e1msmat me\u00f0 lei\u00f0s\u00f6gn. N\u00e1msmati\u00f0 er \u00ed h\u00f6ndum kennara vi\u00f0komandi \u00e1fanga en \u00fearf a\u00f0 fylgja \u00feeim reglum sem kve\u00f0i\u00f0 er \u00e1 um \u00ed sk\u00f3lan\u00e1mskr\u00e1 VMA.", "categorization_suggestion": "AV", "embedded_topics": {"abbreviation": "LK", "topics": ["l\u00edff\u00e6rakerfi mannsins", "l\u00edkamsstarfssemi"]}, "status": "approved by school", "description": "Inntaki l\u00edfe\u00f0lisfr\u00e6\u00f0innar og helstu \u00fe\u00e1ttum \u00ed l\u00edkamsstarfsemi l\u00edfvera og \u00fe\u00e1 a\u00f0allega manneskjunnar ger\u00f0 skil. Helstu efnis\u00fe\u00e6ttir eru: innri starfsemi frumna, samv\u00e6gi,  orkumyndun, hitastj\u00f3rnun, bo\u00f0flutningur; horm\u00f3n og taugabo\u00f0, bl\u00f3\u00f0 og bl\u00f3\u00f0r\u00e1sarkerfi\u00f0, hjarta\u00f0 og starfsemi \u00feess, varnarkerfi l\u00edkamans, \u00feveitikerfi\u00f0, n\u00e6ringarn\u00e1m og melting, skynjun, \u00e6xlun, t\u00ed\u00f0arhringur og getna\u00f0arvarnir. Fari\u00f0 ver\u00f0ur \u00ed helstu fr\u00e1vik og sj\u00fakd\u00f3ma sem tengjast hverju atri\u00f0i. L\u00f6g\u00f0 er \u00e1hersla \u00e1 a\u00f0 nemandi \u00f6\u00f0list \u00feekkingu og skilning \u00e1 starfsemi l\u00edkama l\u00edfvera og aukinn skilning \u00e1 eigin l\u00edkamsstarfsemi me\u00f0 \u00fea\u00f0 a\u00f0 markmi\u00f0i a\u00f0 au\u00f0velda honum a\u00f0 taka \u00e1byrg\u00f0 \u00e1 eigin l\u00edfsh\u00e1ttum m.t.t. \u00feess a\u00f0 vi\u00f0halda eigin heilbrig\u00f0i", "knowledge_goals": ["samv\u00e6gi", "stj\u00f3rnun l\u00edkamshita og orkumyndun l\u00edkamans", "fruml\u00edfe\u00f0lisfr\u00e6\u00f0i", "mismundandi hlutverkum bo\u00f0efna, e\u00f0li taugabo\u00f0a, starfsemi og skiptingu taugakerfis", "bl\u00f3\u00f0r\u00e1s, uppbyggingu og hlutverkum bl\u00f3\u00f0s og starfsemi hjartans", "\u00f6ndunarkerfi, \u00feveitikerfi, meltingu, n\u00fdtingu f\u00e6\u00f0unnar \u00ed l\u00edkamanum og losun l\u00edkamans vi\u00f0 \u00fargangsefni", "skynjun, a\u00f0allega sj\u00f3n og heyrn", "\u00e6xlunarf\u00e6rum, getna\u00f0i og getna\u00f0arv\u00f6rnum"], "skills_goals": ["nota l\u00edfe\u00f0lisfr\u00e6\u00f0ilegar uppl\u00fdsingar \u00ed m\u00e1li og myndum", "sko\u00f0a vefi og l\u00edff\u00e6ri", "sko\u00f0a samspil mismunandi l\u00edff\u00e6rakerfa vi\u00f0 stj\u00f3rn l\u00edkamsstarfseminnar", "skilja l\u00edfe\u00f0lisfr\u00e6\u00f0ileg vi\u00f0fangsefni", "meta \u00e1hrif l\u00edfsh\u00e1tta \u00e1 heilbrig\u00f0a \u00feroskun og starfsemi l\u00edkamans"], "credits": 5, "last_modified": 1424690460.976124, "schools": ["512b49bc62933a682f00048a"], "coauthors": null, "instructions": "", "continued_education": false, "level": 2, "prerequisites": "engar", "author": "0bc9b589-2a42-4690-ac7e-ec65f804a0e6", "abbreviation_version": null, "competence_goals": [["leggja gr\u00f3ft mat \u00e1 l\u00edfe\u00f0lisfr\u00e6\u00f0ilegar uppl\u00fdsingar \u00e1 gagnr\u00fdninn h\u00e1tt", ""], ["n\u00fdta undirst\u00f6\u00f0u\u00feekkingu \u00ed l\u00edfe\u00f0lisfr\u00e6\u00f0i og tengja vi\u00f0 daglegt l\u00edf", ""], ["taka \u00e1byrg\u00f0 \u00e1 eigin l\u00edfi m.t.t. l\u00edfe\u00f0lisfr\u00e6\u00f0ilegra \u00fe\u00e1tta", ""], ["afla s\u00e9r frekari \u00feekkingar \u00e1 svi\u00f0i l\u00edfe\u00f0lisfr\u00e6\u00f0innar", ""], ["meta \u00e1hrif l\u00edfsh\u00e1tta \u00e1 heilbrig\u00f0a starfsemi l\u00edkamans", ""], ["tengja undirst\u00f6\u00f0u\u00feekkingu \u00ed l\u00edfe\u00f0lisfr\u00e6\u00f0i vi\u00f0 daglegt l\u00edf og sj\u00e1 notagildi hennar", ""], ["tj\u00e1 sig um l\u00edfe\u00f0lisfr\u00e6\u00f0ileg m\u00e1lefni daglegs l\u00edfs \u00e1 sk\u00fdran og \u00e1byrgan h\u00e1tt", ""]], "_id": "54eb0d1c62933a1936000ded"}, {"exemplary": null, "topics": "fylgni, l\u00edkindareikningur, l\u00fdsandi t\u00f6lfr\u00e6\u00f0i, normleg dreifing", "abbreviation": "ST\u00c6F2LT05", "former_schools": null, "subject": "St\u00e6r\u00f0fr\u00e6\u00f0i", "title": "L\u00edkindareikningur og l\u00fdsandi t\u00f6lfr\u00e6\u00f0i", "version": 3, "status_trans": "Sam\u00feykkt af sk\u00f3la", "embedded_subject": {"abbreviation": "ST\u00c6F", "topics": [{"abbreviation": "FB", "topics": ["brotareikningur", "forgangsr\u00f6\u00f0", "grunna\u00f0ger\u00f0irnar fj\u00f3rar", "pr\u00f3sentur"]}, {"abbreviation": "BP", "topics": ["b\u00f3kstafareikningur", "forgangsr\u00f6\u00f0 a\u00f0ger\u00f0a", "hlutf\u00f6ll og pr\u00f3sentur", "veldi og r\u00e6tur"]}, {"abbreviation": "AH", "topics": ["algebra", "hlutf\u00f6ll", "hnitafr\u00e6\u00f0i", "j\u00f6fnur", "veldi"]}, {"abbreviation": "RH", "topics": ["hornaf\u00f6ll", "r\u00f6kfr\u00e6\u00f0i", "r\u00famfr\u00e6\u00f0i"]}, {"abbreviation": "AM", "topics": ["algebra", "j\u00f6fnur", "margli\u00f0ur"]}, {"abbreviation": "FD", "topics": ["diffrun", "f\u00f6ll", "markgildi"]}, {"abbreviation": "HD", "topics": ["diffurj\u00f6fnur", "heildun", "ra\u00f0ir", "runur"]}, {"abbreviation": "VH", "topics": ["hornaf\u00f6ll", "keilusni\u00f0", "vigrar"]}, {"abbreviation": "LT", "topics": ["fylgni", "l\u00edkindareikningur", "l\u00fdsandi t\u00f6lfr\u00e6\u00f0i", "normleg dreifing"]}], "_id": "54eb39a362933a1936000eba", "subjects": ["St\u00e6r\u00f0fr\u00e6\u00f0i"], "counter": {"1": 0, "3": 0, "2": 0, "4": 0}}, "evaluation": "L\u00f6g\u00f0 er \u00e1hersla \u00e1 fj\u00f6lbreytt n\u00e1msmat me\u00f0 lei\u00f0s\u00f6gn. N\u00e1msmati\u00f0 er \u00ed h\u00f6ndum kennara vi\u00f0komandi \u00e1fanga en \u00fearf a\u00f0 fylgja \u00feeim reglum sem kve\u00f0i\u00f0 er \u00e1 um \u00ed sk\u00f3lan\u00e1mskr\u00e1 VMA.", "categorization_suggestion": "AV", "embedded_topics": {"abbreviation": "LT", "topics": ["fylgni", "l\u00edkindareikningur", "l\u00fdsandi t\u00f6lfr\u00e6\u00f0i", "normleg dreifing"]}, "status": "approved by school", "description": "Fjalla\u00f0 er um a\u00f0fer\u00f0ir til a\u00f0 greina t\u00f6luleg g\u00f6gn \u00feannig a\u00f0 \u00fe\u00e6r uppl\u00fdsingar sem \u00ed \u00feeim felast ver\u00f0i a\u00f0gengilegar. Fjalla\u00f0 er um t\u00ed\u00f0nit\u00f6flur, myndr\u00e6na framsetningu uppl\u00fdsinga, m\u00e6lingar \u00e1 mi\u00f0s\u00e6kni og dreifingu og um fylgni. Fari\u00f0 er yfir undirst\u00f6\u00f0uatri\u00f0i talningafr\u00e6\u00f0i og l\u00edkindareiknings og kynntar a\u00f0fer\u00f0ir og reglur sem n\u00fdtast til a\u00f0 telja valkosti og leysa mismunandi l\u00edkindad\u00e6mi. R\u00e6tt er um tv\u00edkostadreifingu og normlega dreifingu og notagildi \u00feeirra. \u00cd \u00e1fanganum er l\u00f6g\u00f0 \u00e1hersla \u00e1 skipul\u00f6g\u00f0 vinnubr\u00f6g\u00f0 og n\u00e1kv\u00e6mni \u00ed framsetningu vi\u00f0 lausn verkefna \u00ed st\u00e6r\u00f0fr\u00e6\u00f0i.", "knowledge_goals": ["helstu a\u00f0fer\u00f0um l\u00fdsandi t\u00f6lfr\u00e6\u00f0i", "fylgni", "grunndvallaratri\u00f0um talningafr\u00e6\u00f0i og beitingu talningaregla", "l\u00edkindareikningi og helstu l\u00edkindareglum", "tv\u00edkostadreifingu og notkun hennar vi\u00f0 lausn l\u00edkindad\u00e6ma", "normlegri dreifingu"], "skills_goals": ["beita helstu a\u00f0fer\u00f0um l\u00fdsandi t\u00f6lfr\u00e6\u00f0i til a\u00f0 greina talnas\u00f6fn og gera grein fyrir ni\u00f0urst\u00f6\u00f0unum", "reikna fylgni og \u00fatsk\u00fdra ni\u00f0urst\u00f6\u00f0ur fylgnireiknings", "beita algengustu talningareglum", "reikna l\u00edkindad\u00e6mi me\u00f0 a\u00f0sto\u00f0 helstu l\u00edkindareglna", "reikna mismunandi d\u00e6mi tengd normlegri dreifingu", "nota t\u00f6flureikni til a\u00f0 leysa verkefni"], "credits": 5, "last_modified": 1424705639.050748, "schools": ["512b49bc62933a682f00048a"], "coauthors": null, "instructions": "", "continued_education": false, "level": 2, "prerequisites": "A\u00f0 hafa loki\u00f0 grunnsk\u00f3la me\u00f0 fulln\u00e6gjandi h\u00e6tti a\u00f0 mati sk\u00f3lans. ", "author": "0bc9b589-2a42-4690-ac7e-ec65f804a0e6", "abbreviation_version": null, "competence_goals": [["skilja og meta me\u00f0 gagnr\u00fdnum h\u00e6tti t\u00f6lfr\u00e6\u00f0legar uppl\u00fdsingar \u00ed fj\u00f6lmi\u00f0lum og fr\u00e6\u00f0iritum", ""], ["vinna me\u00f0 skipulegum h\u00e6tti \u00far t\u00f6lulegum uppl\u00fdsingum me\u00f0 a\u00f0fer\u00f0um l\u00fdsandi t\u00f6lfr\u00e6\u00f0i", ""], ["kynna og \u00fatsk\u00fdra ni\u00f0urst\u00f6\u00f0ur verkefna", ""], ["setja verkefni \u00e1 m\u00e6ltu m\u00e1li fram \u00e1 st\u00e6r\u00f0fr\u00e6\u00f0ilegan h\u00e1tt, leysa \u00fea\u00f0 og t\u00falka lausnina", ""]], "_id": "54eb486762933a1936000f45"}, {"exemplary": null, "topics": "jafnr\u00e9tti, l\u00fd\u00f0r\u00e6\u00f0i, menning, sj\u00e1lfb\u00e6rni", "abbreviation": "MEL\u00c61ML05", "former_schools": null, "subject": "Menningarl\u00e6si, l\u00fd\u00f0r\u00e6\u00f0i", "title": "Menning og n\u00e6rsamf\u00e9lag", "version": 1, "status_trans": "Sam\u00feykkt af sk\u00f3la", "embedded_subject": {"abbreviation": "MEL\u00c6", "topics": [{"abbreviation": "ML", "topics": ["jafnr\u00e9tti", "l\u00fd\u00f0r\u00e6\u00f0i", "menning", "sj\u00e1lfb\u00e6rni"]}], "_id": "54f1ee4962933a1936001ccb", "subjects": ["Menningarl\u00e6si", "l\u00fd\u00f0r\u00e6\u00f0i"], "counter": {"1": 0, "3": 0, "2": 0, "4": 0}}, "evaluation": "L\u00f6g\u00f0 er \u00e1hersla \u00e1 fj\u00f6lbreytt n\u00e1msmat me\u00f0 lei\u00f0s\u00f6gn. N\u00e1msmati\u00f0 er \u00ed h\u00f6ndum kennara vi\u00f0komandi \u00e1fanga en \u00fearf a\u00f0 fylgja \u00feeim reglum sem kve\u00f0i\u00f0 er \u00e1 um \u00ed sk\u00f3lan\u00e1mskr\u00e1 VMA.", "categorization_suggestion": "AV", "embedded_topics": {"abbreviation": "ML", "topics": ["jafnr\u00e9tti", "l\u00fd\u00f0r\u00e6\u00f0i", "menning", "sj\u00e1lfb\u00e6rni"]}, "status": "approved by school", "description": "\u00cd \u00e1fanganum er nemandinn \u00fej\u00e1lfa\u00f0ur \u00ed l\u00e6si \u00ed v\u00ed\u00f0um skilningi og gagnr\u00fdninni hugsun. \u00c1hersla er \u00e1 a\u00f0 nemandinn \u00f6\u00f0list skilning \u00e1 menningarsamf\u00e9lagi n\u00fat\u00edmans, beri saman vi\u00f0 mismunandi menningarsamf\u00e9l\u00f6g og \u00e1tti sig \u00e1 mikilv\u00e6gi sj\u00e1lfb\u00e6rni, jafnr\u00e9ttis og l\u00fd\u00f0r\u00e6\u00f0is. A\u00f0 auki ver\u00f0ur nemandinn me\u00f0vita\u00f0ri um tengsl einstaklings og samf\u00e9lags, eigin \u00e1byrg\u00f0, \u00fe\u00e1ttt\u00f6ku og m\u00f6gulegum \u00e1hrifum. Nemandinn kynnir s\u00e9r \u00fea\u00f0 sem er a\u00f0 gerast \u00ed menningarl\u00edfinu, metur \u00fea\u00f0 og sko\u00f0ar me\u00f0 a\u00f0sto\u00f0 samnemenda og kennara. Um er a\u00f0 r\u00e6\u00f0a verkefnabundi\u00f0 n\u00e1m og nemandinn rannsakar vi\u00f0fangsefni \u00e1fangans hverju sinni \u00e1 gagnr\u00fdninn og skapandi h\u00e1tt.", "knowledge_goals": ["sj\u00e1lfb\u00e6rni \u00ed s\u00ednu umhverfi", "eigin \u00e1byrg\u00f0 \u00ed samf\u00e9lagi manna", "mismunandi st\u00f6\u00f0u kynjanna \u00ed eigin samf\u00e9lagi", "mikilv\u00e6gi fj\u00f6lmenningar \u00ed samf\u00e9laginu", "eigin menningarsamf\u00e9lagi \u00ed samanbur\u00f0i vi\u00f0 \u00f6nnur", "mikilv\u00e6gi l\u00fd\u00f0r\u00e6\u00f0is \u00ed eigin samf\u00e9lagi"], "skills_goals": ["leita a\u00f0 og sko\u00f0a uppl\u00fdsingar um  umhverfi sitt og samf\u00e9lag", "sko\u00f0a jafnr\u00e9tti \u00fat fr\u00e1 menningarlegum gildum samf\u00e9lagsins", "tengja menningu samf\u00e9lagsins, gildi og ver\u00f0m\u00e6ti vi\u00f0 eigi\u00f0 samf\u00e9lag", "sko\u00f0a eigin sj\u00e1lfsmynd, tj\u00e1 tilfinningar s\u00ednar og eigin sko\u00f0anir"], "credits": 5, "last_modified": 1425141660.265186, "schools": ["512b49bc62933a682f00048a"], "coauthors": null, "instructions": "", "continued_education": false, "level": 1, "prerequisites": "engar", "author": "0bc9b589-2a42-4690-ac7e-ec65f804a0e6", "abbreviation_version": null, "competence_goals": [["\u00fatsk\u00fdra st\u00f6\u00f0u s\u00edna \u00ed samf\u00e9laginu me\u00f0 \u00fea\u00f0 a\u00f0 markmi\u00f0i a\u00f0 vera virkur \u00fej\u00f3\u00f0f\u00e9lags\u00feegn", ""], ["\u00edgrunda vi\u00f0horf s\u00edn", ""], ["beita r\u00f6khugsun til \u00feess a\u00f0 draga \u00e1lyktanir og gagnr\u00fdna samf\u00e9lag sitt", ""], ["\u00fatsk\u00fdra sj\u00f3narmi\u00f0 og sko\u00f0anir s\u00ednar \u00e1 skapandi h\u00e1tt", ""], ["meta gildi uppl\u00fdsinga og draga \u00e1lyktanir", ""], ["skr\u00e1 \u00farlausnir s\u00ednar skipulega og skiptast \u00e1 sko\u00f0unum vi\u00f0 a\u00f0ra", ""], ["skilja merkingu og tengsl hugtaka \u00ed n\u00e1msefninu og vinna me\u00f0 \u00feau", ""]], "_id": "54f1ef9c62933a1936001cce"}, {"exemplary": null, "topics": "fj\u00e1rm\u00e1lal\u00e6si, jafnr\u00e9tti, neytendafr\u00e6\u00f0sla, \u00e1byrg hugsun og heg\u00f0un \u00ed samskiptum", "abbreviation": "L\u00cdFS1FN04", "former_schools": null, "subject": "l\u00edfsleikni", "title": "Neytenda- og fj\u00e1rm\u00e1lal\u00e6si", "version": 36, "status_trans": "Sam\u00feykkt af sk\u00f3la", "embedded_subject": {"abbreviation": "L\u00cdFS", "topics": [{"abbreviation": "SS", "topics": ["sj\u00e1lfst\u00e6tt l\u00edf", "sk\u00f3laumhverfi"]}, {"abbreviation": "TM", "topics": ["mannleg samskipti", "tilfinningar"]}, {"abbreviation": "TU", "topics": ["tj\u00e1ning", "uppl\u00fdsingat\u00e6kni"]}, {"abbreviation": "MT", "topics": ["me\u00f0vitund", "tj\u00e1ning"]}, {"abbreviation": "SM", "topics": ["markmi\u00f0asetning", "sj\u00e1lfstraust"]}, {"abbreviation": "HP", "topics": ["gildi peninga", "heimilisb\u00f3khald"]}, {"abbreviation": "ES", "topics": ["einstaklingur", "framt\u00ed\u00f0", "f\u00e9lags\u00feroski", "samf\u00e9lag", "samskipti", "sj\u00e1lfstraust", "vir\u00f0ing", "\u00e1byrg\u00f0"]}, {"abbreviation": "N\u00dd", "topics": ["n\u00fdnemafr\u00e6\u00f0sla"]}, {"abbreviation": "GR", "topics": ["grunn\u00fe\u00e6ttir"]}, {"abbreviation": "SL", "topics": ["sk\u00f3laleikni"]}, {"abbreviation": "NS", "topics": ["n\u00e1ms-og starfsfr\u00e6\u00f0sla"]}, {"abbreviation": "\u00c1S", "topics": ["n\u00e1mst\u00e6kni", "samskipti", "sj\u00e1fsmynd", "\u00e1byrg\u00f0"]}, {"abbreviation": "BE", "topics": ["borgaravitund", "l\u00edfsst\u00edll", "n\u00e1ms- og starfsfr\u00e6\u00f0sla", "sj\u00e1lfsmynd", "tj\u00e1ning"]}, {"abbreviation": "BS", "topics": ["borgaravitund", "samf\u00e9lag", "samskipti", "umhverfism\u00e1l", "vinnumarka\u00f0ur"]}, {"abbreviation": "HE", "topics": ["heimilishald"]}, {"abbreviation": "N\u00c1", "topics": ["n\u00e1mst\u00e6kni"]}, {"abbreviation": "HN", "topics": ["Heilbrig\u00f0i", "forvarnir", "n\u00e1m", "sk\u00f3li"]}, {"abbreviation": "\u00c9S", "topics": ["samf\u00e9lagi\u00f0", "sk\u00f3linn", "\u00e9g"]}, {"abbreviation": "\u00c9G", "topics": ["samf\u00e9lagi\u00f0", "sk\u00f3linn", "\u00c9g"]}, {"abbreviation": "DL", "topics": ["daglegt l\u00edf einstaklingsins"]}, {"abbreviation": "SK", "topics": ["Sk\u00f6pun"]}, {"abbreviation": "L\u00c6", "topics": ["L\u00e6si \u00ed v\u00ed\u00f0u samhengi"]}, {"abbreviation": "SB", "topics": ["Sj\u00e1lfb\u00e6rni \u00ed v\u00ed\u00f0u samhengi"]}, {"abbreviation": "LM", "topics": ["L\u00fd\u00f0r\u00e6\u00f0i og mannr\u00e9ttindi"]}, {"abbreviation": "JR", "topics": ["Jafnr\u00e9tti"]}, {"abbreviation": "KF", "topics": ["Kynfr\u00e6\u00f0sla"]}, {"abbreviation": "TS", "topics": ["Tj\u00e1ning og samskipti"]}, {"abbreviation": "FJ", "topics": ["Fj\u00f6lmi\u00f0lar"]}, {"abbreviation": "FH", "topics": ["Framkoma og hreinl\u00e6ti"]}, {"abbreviation": "LK", "topics": ["L\u00edkaminn og tilfinningar"]}, {"abbreviation": "T\u00d3", "topics": ["T\u00f3mstundir"]}, {"abbreviation": "UM", "topics": ["Umferli"]}, {"abbreviation": "ST", "topics": ["Taktu stj\u00f3rnina"]}, {"abbreviation": "\u00da\u00da", "topics": ["\u00datskrift", "\u00fatskriftarfer\u00f0 og fj\u00e1r\u00f6flun"]}, {"abbreviation": "LL", "topics": ["forvarnir", "heilbrig\u00f0i", "l\u00edfsleikni", "n\u00e1mst\u00e6kni"]}, {"abbreviation": "NF", "topics": ["N\u00fdnemafr\u00e6\u00f0sla", "forvarnir", "l\u00edfsleikni", "n\u00e1mst\u00e6kni"]}, {"abbreviation": "NV", "topics": ["l\u00fd\u00f0r\u00e6\u00f0i", "mannr\u00e9ttindi", "n\u00e1msval", "sam\u00e9lag"]}, {"abbreviation": "SV", "topics": ["Si\u00f0fer\u00f0isvitund og mannr\u00e9ttindi"]}, {"abbreviation": "AN", "topics": ["Almenn l\u00edfsleikni og n\u00fdnemafr\u00e6\u00f0sla"]}, {"abbreviation": "FL", "topics": ["Fj\u00e1rm\u00e1lal\u00e6si"]}, {"abbreviation": "SN", "topics": ["f\u00e9lagstengsl", "n\u00e1msh\u00e6ttir", "sk\u00f3lasamf\u00e9lag"]}, {"abbreviation": "FN", "topics": ["fj\u00e1rm\u00e1lal\u00e6si", "jafnr\u00e9tti", "neytendafr\u00e6\u00f0sla", "\u00e1byrg hugsun og heg\u00f0un \u00ed samskiptum"]}], "_id": "50c0a02dd8e40575f7f6f4c6", "subjects": ["l\u00edfsleikni"], "counter": {"1": 35, "3": 0, "2": 3, "4": 0}}, "evaluation": "L\u00f6g\u00f0 er \u00e1hersla \u00e1 fj\u00f6lbreytt n\u00e1msmat me\u00f0 lei\u00f0s\u00f6gn. N\u00e1msmati\u00f0 er \u00ed h\u00f6ndum kennara vi\u00f0komandi \u00e1fanga en \u00fearf a\u00f0 fylgja \u00feeim reglum sem kve\u00f0i\u00f0 er \u00e1 um \u00ed sk\u00f3lan\u00e1mskr\u00e1 VMA.", "categorization_suggestion": "AV", "embedded_topics": {"abbreviation": "FN", "topics": ["fj\u00e1rm\u00e1lal\u00e6si", "jafnr\u00e9tti", "neytendafr\u00e6\u00f0sla", "\u00e1byrg hugsun og heg\u00f0un \u00ed samskiptum"]}, "status": "approved by school", "description": "\u00cd \u00feessum \u00e1fanga er fjalla\u00f0 um samband nemandans vi\u00f0 umhverfi\u00f0 sem hann b\u00fdr \u00ed; fj\u00f6lskylduna, vinina, af\u00fereyingarmi\u00f0la, samf\u00e9lagsmi\u00f0la, sk\u00f3laf\u00e9lagana, marka\u00f0s\u00f6flin og n\u00e6rsamf\u00e9lagi\u00f0. Fjalla\u00f0 er um nemandann \u00ed n\u00fat\u00edmasamf\u00e9lagi, jafnr\u00e9tti, hva\u00f0 ber a\u00f0 varast og hva\u00f0 \u00fearf til a\u00f0 vera virkur samf\u00e9lags\u00feegn.  \n\u00cd \u00e1fanganum er stefnt a\u00f0 \u00fev\u00ed a\u00f0 nemandinn ver\u00f0i me\u00f0vita\u00f0ur um sig sem neytanda, fj\u00e1rm\u00e1l s\u00edn og \u00e1hrif  \u00e1 daglegt l\u00edf. Me\u00f0 fj\u00f6lbreyttum kennslua\u00f0fer\u00f0um s.s. leikjum, umr\u00e6\u00f0um og verkefnavinnu er l\u00f6g\u00f0 \u00e1hersla \u00e1 a\u00f0 nemandinn ver\u00f0i l\u00e6s \u00e1 fj\u00e1rm\u00e1la- og neytendaumr\u00e6\u00f0u \u00ed samf\u00e9laginu. Markmi\u00f0 \u00e1fangans er a\u00f0 gera nemandann sj\u00e1lfbjarga \u00ed n\u00fat\u00edmasamf\u00e9lagi og efla gagnr\u00fdna hugsun. Um er a\u00f0 r\u00e6\u00f0a verkefnabundi\u00f0 n\u00e1m og nemandinn rannsakar vi\u00f0fangsefni \u00e1fangans \u00e1 gagnr\u00fdninn og skapandi h\u00e1tt.", "knowledge_goals": ["neytendaheg\u00f0un, s.s. mikilv\u00e6gi fj\u00f6lskyldu, sk\u00f3la og vina \u00ed f\u00e9lagsm\u00f3tun", "helstu fj\u00e1rm\u00e1lahugt\u00f6kum", "\u00e1hrifam\u00e6tti s\u00ednum sem neytenda og sem hluti af samanbur\u00f0arh\u00f3pi", "\u00f3beinni marka\u00f0ssetningu \u00e1 v\u00f6rum og \u00fej\u00f3nustu m.a. \u00ed af\u00fereyingarmi\u00f0lum", "\u00e1hrifum af\u00fereyingarmi\u00f0la \u00e1 sj\u00e1lfsmynd og kynheg\u00f0un ungs f\u00f3lks", "notkun, gildi og \u00e1hrif samf\u00e9lagsmi\u00f0la", "f\u00edknum \u00ed \u00fdmsum myndum \u00fat fr\u00e1 reynsluheimi unglinga", "einf\u00f6ldum fj\u00e1rm\u00e1lum daglegs l\u00edfs"], "skills_goals": ["beita gagnr\u00fdninni hugsun \u00ed umr\u00e6\u00f0u um neytendaheg\u00f0un", "nota samf\u00e9lagsmi\u00f0la \u00ed samskiptum innan h\u00f3ps \u00e1 \u00e1byrgan m\u00e1ta", "sko\u00f0a \u00f3beina marka\u00f0ssetningu \u00ed af\u00fereyingarefni og beita \u00feeirri \u00feekkingu \u00ed skapandi verkefnum", "halda utan um eigin neyslu og kostna\u00f0", "afla s\u00e9r fj\u00e1rm\u00e1latengdra uppl\u00fdsinga sem n\u00fdtast \u00ed daglegu l\u00edfi", "sko\u00f0a \u00f3l\u00edkar birtingamyndir kynhlutverka \u00ed mi\u00f0lum og samf\u00e9lagi", "sko\u00f0a og meta \u00f3l\u00edkt gildismat og vi\u00f0horf me\u00f0 tilliti til samhengis orsaka og aflei\u00f0inga", "lesa augl\u00fdsingar og vera me\u00f0vita\u00f0ur um \u00e1hrif marka\u00f0sv\u00e6\u00f0ingar"], "credits": 4, "last_modified": 1425142537.1085, "schools": ["512b49bc62933a682f00048a"], "coauthors": null, "instructions": "", "continued_education": false, "level": 1, "prerequisites": "engar", "author": "0bc9b589-2a42-4690-ac7e-ec65f804a0e6", "abbreviation_version": null, "competence_goals": [["l\u00edta gagnr\u00fdnum augum \u00e1 \u00e1hrif marka\u00f0ssetningar og af\u00fereyingami\u00f0la \u00e1 ungt f\u00f3lk", ""], ["r\u00f6kr\u00e6\u00f0a birtingarmyndir og umr\u00e6\u00f0ur um unglinga \u00ed samf\u00e9laginu", ""], ["meta hva\u00f0 er vi\u00f0 h\u00e6fi og hva\u00f0 ekki \u00ed heg\u00f0un, framkomu og tj\u00e1ningu \u00ed daglegu l\u00edfi", ""], ["fjalla um birtingarmyndir kynjanna og \u00e1litam\u00e1l \u00feeim tengd fr\u00e1 \u00f3l\u00edkum sj\u00f3narhornum", ""], ["mi\u00f0la uppl\u00fdsingum og ni\u00f0urst\u00f6\u00f0um me\u00f0 gagnr\u00fdninni hugsun og f\u00e6ra r\u00f6k fyrir sko\u00f0unum s\u00ednum", ""], ["bera vir\u00f0ingu fyrir sj\u00e1lfum s\u00e9r og \u00f6\u00f0rum og setja sig \u00ed spor annarra", ""], ["skilja samhengi tekna og \u00fatgjalda", ""], ["lesa \u00ed fj\u00e1rm\u00e1laumr\u00e6\u00f0u og fj\u00e1rm\u00e1latilbo\u00f0", ""], ["s\u00fdna \u00e1byrg\u00f0 \u00ed fj\u00e1rm\u00e1lum", ""], ["\u00feekkja r\u00e9ttindi og skyldur sem hann hefur \u00feegar komi\u00f0 er \u00fat \u00e1 vinnumarka\u00f0inn", ""]], "_id": "54f1f30962933a1936001cdd"}, {"exemplary": null, "topics": "aukefni, n\u00e6ringar\u00fearfir, orku- og n\u00e6ringarefni", "abbreviation": "L\u00cdFF2N\u00c605", "former_schools": null, "subject": "l\u00edffr\u00e6\u00f0i", "title": "N\u00e6ringarfr\u00e6\u00f0i", "version": 22, "status_trans": "Sam\u00feykkt af sk\u00f3la", "embedded_subject": {"abbreviation": "L\u00cdFF", "topics": [{"abbreviation": "MA", "topics": ["ma\u00f0urinn"]}, {"abbreviation": "LR", "topics": ["l\u00edfr\u00edki\u00f0"]}, {"abbreviation": "LE", "topics": ["l\u00edfe\u00f0lisfr\u00e6\u00f0i"]}, {"abbreviation": "LL", "topics": ["l\u00edfe\u00f0lisfr\u00e6\u00f0i", "l\u00edff\u00e6rafr\u00e6\u00f0i"]}, {"abbreviation": "EF", "topics": ["erf\u00f0afr\u00e6\u00f0i"]}, {"abbreviation": "VF", "topics": ["vistfr\u00e6\u00f0i"]}, {"abbreviation": "GR", "topics": ["grunn\u00e1fangi \u00ed l\u00edffr\u00e6\u00f0i fyrir n\u00e1tt\u00faruv\u00edsindabraut"]}, {"abbreviation": "GF", "topics": ["grunn\u00e1fangi \u00ed l\u00edffr\u00e6\u00f0i fyrir hug- og f\u00e9lagsv\u00edsindabraut"]}, {"abbreviation": "VE", "topics": ["verkefnal\u00edffr\u00e6\u00f0i"]}, {"abbreviation": "VI", "topics": ["vistfr\u00e6\u00f0in"]}, {"abbreviation": "L\u00cd", "topics": ["l\u00edfe\u00f0lisfr\u00e6\u00f0in"]}, {"abbreviation": "ER", "topics": ["erf\u00f0afr\u00e6\u00f0in"]}, {"abbreviation": "AT", "topics": ["atferlisfr\u00e6\u00f0i"]}, {"abbreviation": "\u00d6R", "topics": ["\u00f6rverufr\u00e6\u00f0i"]}, {"abbreviation": "AL", "topics": ["almenn l\u00edffr\u00e6\u00f0i"]}, {"abbreviation": "LV", "topics": ["lokaverkefni"]}, {"abbreviation": "HE", "topics": ["heilsa mannsins"]}, {"abbreviation": "FR", "topics": ["frumul\u00edffr\u00e6\u00f0i og erf\u00f0afr\u00e6\u00f0i"]}, {"abbreviation": "EL", "topics": ["almenn l\u00edffr\u00e6\u00f0i", "eiginleikar l\u00edfvera"]}, {"abbreviation": "\u00cdS", "topics": ["l\u00edfr\u00edki \u00edslands"]}, {"abbreviation": "VB", "topics": ["bein", "hreyfingarfr\u00e6\u00f0i", "l\u00edff\u00e6rafr\u00e6\u00f0i", "v\u00f6\u00f0var"]}, {"abbreviation": "L\u00de", "topics": ["l\u00edfe\u00f0lisfr\u00e6\u00f0i", "\u00fej\u00e1lffr\u00e6\u00f0i"]}, {"abbreviation": "FA", "topics": ["almenn l\u00edffr\u00e6\u00f0i", "flokkunarfr\u00e6\u00f0i", "frumul\u00edffr\u00e6\u00f0i"]}, {"abbreviation": "VV", "topics": ["Vistfr\u00e6\u00f0i", "vettvangsfer\u00f0ir"]}, {"abbreviation": "LF", "topics": ["L\u00edff\u00e6ri og l\u00edffe\u00f0lisfr\u00e6\u00f0i"]}, {"abbreviation": "UM", "topics": ["Umhverfisfr\u00e6\u00f0i"]}, {"abbreviation": "L\u00c6", "topics": ["l\u00edff\u00e6ra og l\u00edfe\u00f0lisfr\u00e6\u00f0i"]}, {"abbreviation": "GL", "topics": ["Grunn\u00e1fangi \u00ed L\u00edffr\u00e6\u00f0i"]}, {"abbreviation": "VU", "topics": ["vist- og umhverfisfr\u00e6\u00f0i"]}, {"abbreviation": "GD", "topics": ["Grunn\u00e1fangi \u00ed d\u00fdrafr\u00e6\u00f0i", "pl\u00f6ntufr\u00e6\u00f0i"]}, {"abbreviation": "FE", "topics": ["Frumur", "l\u00edkaminn og erf\u00f0ir"]}, {"abbreviation": "UV", "topics": ["Vist-og umhverfisfr\u00e6\u00f0i"]}, {"abbreviation": "LM", "topics": ["L\u00edffr\u00e6\u00f0i mannsins", "efnaskipti og l\u00edff\u00e6rakerfi", "frumur"]}, {"abbreviation": "E\u00de", "topics": ["Erf\u00f0afr\u00e6\u00f0i og \u00fer\u00f3unarfr\u00e6\u00f0i"]}, {"abbreviation": "FL", "topics": ["flokkunarfr\u00e6\u00f0i"]}, {"abbreviation": "ST", "topics": ["Stj\u00f6rnul\u00edfffr\u00e6\u00f0i"]}, {"abbreviation": "V\u00cd", "topics": ["V\u00edsindaleg a\u00f0fer\u00f0 - verkefnal\u00edffr\u00e6\u00f0i"]}, {"abbreviation": "PD", "topics": ["almenn l\u00edffr\u00e6\u00f0i", "d\u00fdr", "pl\u00f6ntur", "\u00f6rverur"]}, {"abbreviation": "AA", "topics": ["Almenn l\u00edffr\u00e6\u00f0i"]}, {"abbreviation": "BB", "topics": ["Almenn l\u00edfe\u00f0lisfr\u00e6\u00f0i"]}, {"abbreviation": "AH", "topics": ["Almenn l\u00edffr\u00e6\u00f0i - hra\u00f0fer\u00f0"]}, {"abbreviation": "BA", "topics": ["Atferlisfr\u00e6\u00f0i"]}, {"abbreviation": "BV", "topics": ["Vistfr\u00e6\u00f0i"]}, {"abbreviation": "CE", "topics": ["Erf\u00f0afr\u00e6\u00f0i"]}, {"abbreviation": "CL", "topics": ["L\u00edff\u00e6ra- og l\u00edfe\u00f0lisfr\u00e6\u00f0i"]}, {"abbreviation": "C\u00d6", "topics": ["\u00d6rverufr\u00e6\u00f0i"]}, {"abbreviation": "DL", "topics": ["L\u00edff\u00e6ra og l\u00edfe\u00f0lisfr\u00e6\u00f0i"]}, {"abbreviation": "DV", "topics": ["Verkefna\u00e1fangi"]}, {"abbreviation": "BU", "topics": ["Umhverfisfr\u00e6\u00f0i."]}, {"abbreviation": "AG", "topics": ["Almenn l\u00edffr\u00e6\u00f0i", "grunn\u00e1fangi \u00e1 n\u00e1tt\u00farufr\u00e6\u00f0ibraut"]}, {"abbreviation": "XY", "topics": ["L\u00edffr\u00e6\u00f0i"]}, {"abbreviation": "LA", "topics": ["Almenn", "l\u00edffr\u00e6\u00f0i"]}, {"abbreviation": "VL", "topics": ["Verkefnal\u00edffr\u00e6\u00f0i"]}, {"abbreviation": "RI", "topics": ["Sj\u00e1lfst\u00e6tt ranns\u00f3knaverkefni \u00ed l\u00edffr\u00e6\u00f0i", "val\u00e1fangi \u00e1 n\u00e1tt\u00farufr\u00e6\u00f0ibraut"]}, {"abbreviation": "D\u00dd", "topics": ["D\u00fdrafr\u00e6\u00f0i", "val\u00e1fangi \u00e1 n\u00e1tt\u00farufr\u00e6\u00f0ibraut"]}, {"abbreviation": "VS", "topics": ["V\u00edsindask\u00e1ldskapur"]}, {"abbreviation": "LK", "topics": ["l\u00edff\u00e6rakerfi mannsins", "l\u00edkamsstarfssemi"]}, {"abbreviation": "SE", "topics": ["breytingar \u00e1 erf\u00f0aefni", "pr\u00f3teinmyndun", "sameindaerf\u00f0afr\u00e6\u00f0i"]}, {"abbreviation": "N\u00c6", "topics": ["aukefni", "n\u00e6ringar\u00fearfir", "orku- og n\u00e6ringarefni"]}], "_id": "50c0a02dd8e40575f7f6f4ca", "subjects": ["l\u00edffr\u00e6\u00f0i"], "counter": {"1": 6, "3": 12, "2": 20, "4": 0}}, "evaluation": "L\u00f6g\u00f0 er \u00e1hersla \u00e1 fj\u00f6lbreytt n\u00e1msmat me\u00f0 lei\u00f0s\u00f6gn. N\u00e1msmati\u00f0 er \u00ed h\u00f6ndum kennara vi\u00f0komandi \u00e1fanga en \u00fearf a\u00f0 fylgja \u00feeim reglum sem kve\u00f0i\u00f0 er \u00e1 um \u00ed sk\u00f3lan\u00e1mskr\u00e1 VMA.", "categorization_suggestion": "AV", "embedded_topics": {"abbreviation": "N\u00c6", "topics": ["aukefni", "n\u00e6ringar\u00fearfir", "orku- og n\u00e6ringarefni"]}, "status": "approved by school", "description": "\u00cd \u00e1fanganum er fjalla\u00f0 um r\u00e1\u00f0leggingar landl\u00e6knis um orku- og n\u00e6ringarefni, hlutverk \u00feeirra, r\u00e1\u00f0lag\u00f0a dagskammta og skortseinkenni. Fari\u00f0 er \u00ed gildandi l\u00f6g og regluger\u00f0ir um aukefni \u00ed matv\u00e6lum og merkingar umb\u00fa\u00f0a. Fari\u00f0 er \u00ed n\u00e6ringarefnat\u00f6flur/-forrit til a\u00f0 reikna \u00fat n\u00e6ringargildi m\u00e1lt\u00ed\u00f0a. L\u00f6g\u00f0 er \u00e1hersla \u00e1 a\u00f0 nemendur geti me\u00f0 gagnr\u00fdnum h\u00e6tti meti\u00f0 hollustu og gildi fullyr\u00f0inga um n\u00e6ringu \u00ed fj\u00f6lmi\u00f0lum og \u00e1 netinu. Fjalla\u00f0 er um n\u00e6ringar\u00fearfir mismunandi h\u00f3pa, s\u00e9rf\u00e6\u00f0i \u00e1 sj\u00fakrastofnunum og helstu ger\u00f0ir s\u00e9rf\u00e6\u00f0is sj\u00faklinga og forsendur fyrir \u00fev\u00ed. \u00c1hersla \u00e1 a\u00f0 nemandi ver\u00f0i  me\u00f0vita\u00f0ur um eigin \u00e1byrg\u00f0 \u00e1 g\u00f3\u00f0ri n\u00e6ringu og heilsu og s\u00e9 lj\u00f3st hvers vir\u00f0i g\u00f3\u00f0ar neysluvenjur eru heilbrig\u00f0i \u00fej\u00f3\u00f0ar. ", "knowledge_goals": ["orku- og n\u00e6ringarefnum, hlutverkum \u00feeirra, skortseinkennum og \u00ed hva\u00f0a matv\u00e6lum \u00feau eru helst a\u00f0 finna", "r\u00e1\u00f0leggingum landl\u00e6knis um matar\u00e6\u00f0i og r\u00e1\u00f0l\u00f6g\u00f0um dagsk\u00f6mmtum um v\u00edtam\u00edn og steinefni", "l\u00f6gum og regluger\u00f0um um aukefni og v\u00f6rumerkingar matv\u00e6la", "a\u00f0fer\u00f0um til a\u00f0 meta l\u00edkams\u00e1stand og \u00e1hrif megrunark\u00fara \u00e1 l\u00edkamann", "n\u00e6ringar\u00fe\u00f6rfum s\u00e9rstakra h\u00f3pa og sj\u00faklinga \u00e1samt s\u00e9rf\u00e6\u00f0i \u00e1 sj\u00fakrastofnunum", "n\u00e6ringart\u00f6flum og -forritum til a\u00f0 reikna \u00fat orku- og n\u00e6ringarinnihald \u00ed m\u00e1lt\u00ed\u00f0um"], "skills_goals": ["sko\u00f0a  hollustu einstakra f\u00e6\u00f0utegunda m.t.t. orku- og n\u00e6ringarinnihalds", "reikna \u00fat n\u00e6ringargildi matse\u00f0ils me\u00f0 n\u00e6ringart\u00f6flum/-forritum", "lesa uppl\u00fdsingar \u00e1 umb\u00fa\u00f0um matv\u00e6la", "nota BMI stu\u00f0ulinn og umm\u00e1lsm\u00e6lingar til a\u00f0 meta l\u00edkams\u00e1stand", "kanna eigin neysluvenjur og reikna \u00fat n\u00e6ringar\u00fe\u00f6rf s\u00edna"], "credits": 5, "last_modified": 1424692020.393792, "schools": ["512b49bc62933a682f00048a"], "coauthors": null, "instructions": "", "continued_education": false, "level": 2, "prerequisites": "engar", "author": "0bc9b589-2a42-4690-ac7e-ec65f804a0e6", "abbreviation_version": null, "competence_goals": [["velja s\u00e9r og s\u00ednum f\u00e6\u00f0u samkv\u00e6mt r\u00e1\u00f0leggingum fr\u00e1 Emb\u00e6tti landl\u00e6knis", ""], ["meta ni\u00f0urst\u00f6\u00f0ur n\u00e6ringarforrita \u00e1 matar\u00e6\u00f0i einstaklings", ""], ["meta hollustu \u00fat fr\u00e1 uppl\u00fdsingum \u00e1 umb\u00fa\u00f0um matv\u00e6la", ""], ["meta me\u00f0 gagnr\u00fdnum h\u00e6tti uppl\u00fdsingar um n\u00e6ringu sem koma fr\u00e1 t.d. fj\u00f6lmi\u00f0lum e\u00f0a af netinu", ""], ["taka r\u00f6kstudda afst\u00f6\u00f0u til n\u00e6ringarm\u00e1la \u00ed daglegri umr\u00e6\u00f0u", ""], ["tengja n\u00e6ringarfr\u00e6\u00f0ina vi\u00f0 daglegt l\u00edf", ""], ["\u00fatsk\u00fdra munnlegar og myndr\u00e6nar r\u00e1\u00f0leggingar um matar\u00e6\u00f0i og n\u00e6ringarefni fyrir \u00f6\u00f0rum", ""]], "_id": "54eb133462933a1936000e06"}, {"exemplary": null, "topics": "f\u00e9lagstengsl, n\u00e1msh\u00e6ttir, sk\u00f3lasamf\u00e9lag", "abbreviation": "L\u00cdFS1SN02", "former_schools": null, "subject": "l\u00edfsleikni", "title": "N\u00fdnemafr\u00e6\u00f0sla og l\u00edfsleikni 1", "version": 37, "status_trans": "Sam\u00feykkt af sk\u00f3la", "embedded_subject": {"abbreviation": "L\u00cdFS", "topics": [{"abbreviation": "SS", "topics": ["sj\u00e1lfst\u00e6tt l\u00edf", "sk\u00f3laumhverfi"]}, {"abbreviation": "TM", "topics": ["mannleg samskipti", "tilfinningar"]}, {"abbreviation": "TU", "topics": ["tj\u00e1ning", "uppl\u00fdsingat\u00e6kni"]}, {"abbreviation": "MT", "topics": ["me\u00f0vitund", "tj\u00e1ning"]}, {"abbreviation": "SM", "topics": ["markmi\u00f0asetning", "sj\u00e1lfstraust"]}, {"abbreviation": "HP", "topics": ["gildi peninga", "heimilisb\u00f3khald"]}, {"abbreviation": "ES", "topics": ["einstaklingur", "framt\u00ed\u00f0", "f\u00e9lags\u00feroski", "samf\u00e9lag", "samskipti", "sj\u00e1lfstraust", "vir\u00f0ing", "\u00e1byrg\u00f0"]}, {"abbreviation": "N\u00dd", "topics": ["n\u00fdnemafr\u00e6\u00f0sla"]}, {"abbreviation": "GR", "topics": ["grunn\u00fe\u00e6ttir"]}, {"abbreviation": "SL", "topics": ["sk\u00f3laleikni"]}, {"abbreviation": "NS", "topics": ["n\u00e1ms-og starfsfr\u00e6\u00f0sla"]}, {"abbreviation": "\u00c1S", "topics": ["n\u00e1mst\u00e6kni", "samskipti", "sj\u00e1fsmynd", "\u00e1byrg\u00f0"]}, {"abbreviation": "BE", "topics": ["borgaravitund", "l\u00edfsst\u00edll", "n\u00e1ms- og starfsfr\u00e6\u00f0sla", "sj\u00e1lfsmynd", "tj\u00e1ning"]}, {"abbreviation": "BS", "topics": ["borgaravitund", "samf\u00e9lag", "samskipti", "umhverfism\u00e1l", "vinnumarka\u00f0ur"]}, {"abbreviation": "HE", "topics": ["heimilishald"]}, {"abbreviation": "N\u00c1", "topics": ["n\u00e1mst\u00e6kni"]}, {"abbreviation": "HN", "topics": ["Heilbrig\u00f0i", "forvarnir", "n\u00e1m", "sk\u00f3li"]}, {"abbreviation": "\u00c9S", "topics": ["samf\u00e9lagi\u00f0", "sk\u00f3linn", "\u00e9g"]}, {"abbreviation": "\u00c9G", "topics": ["samf\u00e9lagi\u00f0", "sk\u00f3linn", "\u00c9g"]}, {"abbreviation": "DL", "topics": ["daglegt l\u00edf einstaklingsins"]}, {"abbreviation": "SK", "topics": ["Sk\u00f6pun"]}, {"abbreviation": "L\u00c6", "topics": ["L\u00e6si \u00ed v\u00ed\u00f0u samhengi"]}, {"abbreviation": "SB", "topics": ["Sj\u00e1lfb\u00e6rni \u00ed v\u00ed\u00f0u samhengi"]}, {"abbreviation": "LM", "topics": ["L\u00fd\u00f0r\u00e6\u00f0i og mannr\u00e9ttindi"]}, {"abbreviation": "JR", "topics": ["Jafnr\u00e9tti"]}, {"abbreviation": "KF", "topics": ["Kynfr\u00e6\u00f0sla"]}, {"abbreviation": "TS", "topics": ["Tj\u00e1ning og samskipti"]}, {"abbreviation": "FJ", "topics": ["Fj\u00f6lmi\u00f0lar"]}, {"abbreviation": "FH", "topics": ["Framkoma og hreinl\u00e6ti"]}, {"abbreviation": "LK", "topics": ["L\u00edkaminn og tilfinningar"]}, {"abbreviation": "T\u00d3", "topics": ["T\u00f3mstundir"]}, {"abbreviation": "UM", "topics": ["Umferli"]}, {"abbreviation": "ST", "topics": ["Taktu stj\u00f3rnina"]}, {"abbreviation": "\u00da\u00da", "topics": ["\u00datskrift", "\u00fatskriftarfer\u00f0 og fj\u00e1r\u00f6flun"]}, {"abbreviation": "LL", "topics": ["forvarnir", "heilbrig\u00f0i", "l\u00edfsleikni", "n\u00e1mst\u00e6kni"]}, {"abbreviation": "NF", "topics": ["N\u00fdnemafr\u00e6\u00f0sla", "forvarnir", "l\u00edfsleikni", "n\u00e1mst\u00e6kni"]}, {"abbreviation": "NV", "topics": ["l\u00fd\u00f0r\u00e6\u00f0i", "mannr\u00e9ttindi", "n\u00e1msval", "sam\u00e9lag"]}, {"abbreviation": "SV", "topics": ["Si\u00f0fer\u00f0isvitund og mannr\u00e9ttindi"]}, {"abbreviation": "AN", "topics": ["Almenn l\u00edfsleikni og n\u00fdnemafr\u00e6\u00f0sla"]}, {"abbreviation": "FL", "topics": ["Fj\u00e1rm\u00e1lal\u00e6si"]}, {"abbreviation": "SN", "topics": ["f\u00e9lagstengsl", "n\u00e1msh\u00e6ttir", "sk\u00f3lasamf\u00e9lag"]}], "_id": "50c0a02dd8e40575f7f6f4c6", "subjects": ["l\u00edfsleikni"], "counter": {"1": 35, "3": 0, "2": 3, "4": 0}}, "evaluation": "L\u00f6g\u00f0 er \u00e1hersla \u00e1 fj\u00f6lbreytt n\u00e1msmat me\u00f0 lei\u00f0s\u00f6gn. N\u00e1msmati\u00f0 er \u00ed h\u00f6ndum kennara vi\u00f0komandi \u00e1fanga en \u00fearf a\u00f0 fylgja \u00feeim reglum sem kve\u00f0i\u00f0 er \u00e1 um \u00ed sk\u00f3lan\u00e1mskr\u00e1 VMA. ", "categorization_suggestion": "AV", "embedded_topics": {"abbreviation": "SN", "topics": ["f\u00e9lagstengsl", "n\u00e1msh\u00e6ttir", "sk\u00f3lasamf\u00e9lag"]}, "status": "approved by school", "description": "Markmi\u00f0 \u00e1fangans er a\u00f0 kynna nemandanum innvi\u00f0i sk\u00f3lans, n\u00e1msval, starfsh\u00e6tti, n\u00e1m og f\u00e9lagsl\u00edf. Nemandinn er b\u00fainn undir \u00fe\u00e1ttt\u00f6ku \u00ed samf\u00e9laginu me\u00f0 \u00fev\u00ed a\u00f0 efla f\u00e9lagslega f\u00e6rni og si\u00f0fer\u00f0iskennd. L\u00f6g\u00f0 er \u00e1hersla \u00e1 a\u00f0 efla samskipti og j\u00e1kv\u00e6\u00f0a l\u00edfss\u00fdn nemandans sem au\u00f0veldar honum a\u00f0 takast \u00e1 vi\u00f0 kr\u00f6fur og \u00f6granir daglegs l\u00edfs. Jafnframt er l\u00f6g\u00f0 \u00e1hersla \u00e1 a\u00f0 gera hann me\u00f0vita\u00f0an um \u00fe\u00e1 \u00e1byrg\u00f0 sem hann hefur gagnvart sj\u00e1lfum s\u00e9r og sk\u00f3lasamf\u00e9laginu. \u00cd \u00e1fanganum er stu\u00f0la\u00f0 a\u00f0 styrkingu f\u00e9lagstengsla milli nemenda og \u00feeir b\u00fanir undir a\u00f0 takast \u00e1 vi\u00f0 krefjandi n\u00e1m og leggja \u00feannig grunn a\u00f0 frj\u00f3u menntasamf\u00e9lagi. Nemandinn eflist \u00ed a\u00f0 koma fram af vir\u00f0ingu vi\u00f0 a\u00f0ra \u00ed fj\u00f6lbreyttu \u00fej\u00f3\u00f0f\u00e9lagi. \nNemandinn f\u00e6r t\u00e6kif\u00e6ri til a\u00f0 vinna vi\u00f0 margv\u00edsleg vi\u00f0fangsefni \u00e1 fj\u00f6lbreyttan og skapandi h\u00e1tt. \nUm er a\u00f0 r\u00e6\u00f0a verkefnabundi\u00f0 n\u00e1m me\u00f0 \u00e1herslu \u00e1 samvinnu og frumkv\u00e6\u00f0i.", "knowledge_goals": ["kr\u00f6fum sem ger\u00f0ar eru \u00ed n\u00e1mi \u00ed framhaldsk\u00f3la", "\u00fe\u00fd\u00f0ingu \u00feess a\u00f0 lifa \u00ed samf\u00e9lagi vi\u00f0 a\u00f0ra", "framt\u00ed\u00f0arm\u00f6guleikum s\u00ednum", "mikilv\u00e6gi markmi\u00f0asetningar og lei\u00f0um a\u00f0 settum markmi\u00f0um", "sk\u00f3lasamf\u00e9laginu, n\u00e1msvali og sto\u00f0\u00fej\u00f3nustu"], "skills_goals": ["bera vir\u00f0ingu fyrir sj\u00e1lfum s\u00e9r", "s\u00fdna umbur\u00f0arlyndi, samhygg\u00f0 og vir\u00f0ingu fyrir \u00f6\u00f0rum", "tj\u00e1 sig \u00ed t\u00f6lu\u00f0u og ritu\u00f0u m\u00e1li", "ver\u00f0a betur me\u00f0vita\u00f0ur um sj\u00e1lfan sig, \u00e1hugasvi\u00f0 sitt og styrkleika", "leita uppl\u00fdsinga um n\u00e1m sitt"], "credits": 2, "last_modified": 1425142000.571731, "schools": ["512b49bc62933a682f00048a"], "coauthors": null, "instructions": "", "continued_education": false, "level": 1, "prerequisites": "engar", "author": "0bc9b589-2a42-4690-ac7e-ec65f804a0e6", "abbreviation_version": null, "competence_goals": [["auka f\u00e6rni s\u00edna \u00ed mannlegum samskiptum", ""], ["meta eigin vinnubr\u00f6g\u00f0", ""], ["b\u00e6ta \u00e1kv\u00f6r\u00f0unart\u00f6ku \u00ed daglegu l\u00edfi", ""], ["taka \u00fe\u00e1tt \u00ed samf\u00e9lagi sem er \u00ed s\u00edfelldri \u00fer\u00f3un", ""], ["bera \u00e1byrg\u00f0 \u00e1 eigin n\u00e1mi", ""]], "_id": "54f1f0f062933a1936001cd2"}, {"exemplary": null, "topics": "f\u00e9lagstengsl, n\u00e1msh\u00e6ttir, sk\u00f3lasamf\u00e9lag", "abbreviation": "L\u00cdFS1SN01", "former_schools": null, "subject": "l\u00edfsleikni", "title": "N\u00fdnemafr\u00e6\u00f0sla og l\u00edfsleikni 2", "version": 38, "status_trans": "Sam\u00feykkt af sk\u00f3la", "embedded_subject": {"abbreviation": "L\u00cdFS", "topics": [{"abbreviation": "SS", "topics": ["sj\u00e1lfst\u00e6tt l\u00edf", "sk\u00f3laumhverfi"]}, {"abbreviation": "TM", "topics": ["mannleg samskipti", "tilfinningar"]}, {"abbreviation": "TU", "topics": ["tj\u00e1ning", "uppl\u00fdsingat\u00e6kni"]}, {"abbreviation": "MT", "topics": ["me\u00f0vitund", "tj\u00e1ning"]}, {"abbreviation": "SM", "topics": ["markmi\u00f0asetning", "sj\u00e1lfstraust"]}, {"abbreviation": "HP", "topics": ["gildi peninga", "heimilisb\u00f3khald"]}, {"abbreviation": "ES", "topics": ["einstaklingur", "framt\u00ed\u00f0", "f\u00e9lags\u00feroski", "samf\u00e9lag", "samskipti", "sj\u00e1lfstraust", "vir\u00f0ing", "\u00e1byrg\u00f0"]}, {"abbreviation": "N\u00dd", "topics": ["n\u00fdnemafr\u00e6\u00f0sla"]}, {"abbreviation": "GR", "topics": ["grunn\u00fe\u00e6ttir"]}, {"abbreviation": "SL", "topics": ["sk\u00f3laleikni"]}, {"abbreviation": "NS", "topics": ["n\u00e1ms-og starfsfr\u00e6\u00f0sla"]}, {"abbreviation": "\u00c1S", "topics": ["n\u00e1mst\u00e6kni", "samskipti", "sj\u00e1fsmynd", "\u00e1byrg\u00f0"]}, {"abbreviation": "BE", "topics": ["borgaravitund", "l\u00edfsst\u00edll", "n\u00e1ms- og starfsfr\u00e6\u00f0sla", "sj\u00e1lfsmynd", "tj\u00e1ning"]}, {"abbreviation": "BS", "topics": ["borgaravitund", "samf\u00e9lag", "samskipti", "umhverfism\u00e1l", "vinnumarka\u00f0ur"]}, {"abbreviation": "HE", "topics": ["heimilishald"]}, {"abbreviation": "N\u00c1", "topics": ["n\u00e1mst\u00e6kni"]}, {"abbreviation": "HN", "topics": ["Heilbrig\u00f0i", "forvarnir", "n\u00e1m", "sk\u00f3li"]}, {"abbreviation": "\u00c9S", "topics": ["samf\u00e9lagi\u00f0", "sk\u00f3linn", "\u00e9g"]}, {"abbreviation": "\u00c9G", "topics": ["samf\u00e9lagi\u00f0", "sk\u00f3linn", "\u00c9g"]}, {"abbreviation": "DL", "topics": ["daglegt l\u00edf einstaklingsins"]}, {"abbreviation": "SK", "topics": ["Sk\u00f6pun"]}, {"abbreviation": "L\u00c6", "topics": ["L\u00e6si \u00ed v\u00ed\u00f0u samhengi"]}, {"abbreviation": "SB", "topics": ["Sj\u00e1lfb\u00e6rni \u00ed v\u00ed\u00f0u samhengi"]}, {"abbreviation": "LM", "topics": ["L\u00fd\u00f0r\u00e6\u00f0i og mannr\u00e9ttindi"]}, {"abbreviation": "JR", "topics": ["Jafnr\u00e9tti"]}, {"abbreviation": "KF", "topics": ["Kynfr\u00e6\u00f0sla"]}, {"abbreviation": "TS", "topics": ["Tj\u00e1ning og samskipti"]}, {"abbreviation": "FJ", "topics": ["Fj\u00f6lmi\u00f0lar"]}, {"abbreviation": "FH", "topics": ["Framkoma og hreinl\u00e6ti"]}, {"abbreviation": "LK", "topics": ["L\u00edkaminn og tilfinningar"]}, {"abbreviation": "T\u00d3", "topics": ["T\u00f3mstundir"]}, {"abbreviation": "UM", "topics": ["Umferli"]}, {"abbreviation": "ST", "topics": ["Taktu stj\u00f3rnina"]}, {"abbreviation": "\u00da\u00da", "topics": ["\u00datskrift", "\u00fatskriftarfer\u00f0 og fj\u00e1r\u00f6flun"]}, {"abbreviation": "LL", "topics": ["forvarnir", "heilbrig\u00f0i", "l\u00edfsleikni", "n\u00e1mst\u00e6kni"]}, {"abbreviation": "NF", "topics": ["N\u00fdnemafr\u00e6\u00f0sla", "forvarnir", "l\u00edfsleikni", "n\u00e1mst\u00e6kni"]}, {"abbreviation": "NV", "topics": ["l\u00fd\u00f0r\u00e6\u00f0i", "mannr\u00e9ttindi", "n\u00e1msval", "sam\u00e9lag"]}, {"abbreviation": "SV", "topics": ["Si\u00f0fer\u00f0isvitund og mannr\u00e9ttindi"]}, {"abbreviation": "AN", "topics": ["Almenn l\u00edfsleikni og n\u00fdnemafr\u00e6\u00f0sla"]}, {"abbreviation": "FL", "topics": ["Fj\u00e1rm\u00e1lal\u00e6si"]}, {"abbreviation": "SN", "topics": ["f\u00e9lagstengsl", "n\u00e1msh\u00e6ttir", "sk\u00f3lasamf\u00e9lag"]}], "_id": "50c0a02dd8e40575f7f6f4c6", "subjects": ["l\u00edfsleikni"], "counter": {"1": 35, "3": 0, "2": 3, "4": 0}}, "evaluation": "L\u00f6g\u00f0 er \u00e1hersla \u00e1 fj\u00f6lbreytt n\u00e1msmat me\u00f0 lei\u00f0s\u00f6gn. N\u00e1msmati\u00f0 er \u00ed h\u00f6ndum kennara vi\u00f0komandi \u00e1fanga en \u00fearf a\u00f0 fylgja \u00feeim reglum sem kve\u00f0i\u00f0 er \u00e1 um \u00ed sk\u00f3lan\u00e1mskr\u00e1 VMA. ", "categorization_suggestion": "AV", "embedded_topics": {"abbreviation": "SN", "topics": ["f\u00e9lagstengsl", "n\u00e1msh\u00e6ttir", "sk\u00f3lasamf\u00e9lag"]}, "status": "approved by school", "description": "Markmi\u00f0 \u00e1fangans er a\u00f0 kynna nemandanum innvi\u00f0i sk\u00f3lans, n\u00e1msval, starfsh\u00e6tti, n\u00e1m og f\u00e9lagsl\u00edf. Nemandinn er b\u00fainn undir \u00fe\u00e1ttt\u00f6ku \u00ed samf\u00e9laginu me\u00f0 \u00fev\u00ed a\u00f0 efla f\u00e9lagslega f\u00e6rni og si\u00f0fer\u00f0iskennd. L\u00f6g\u00f0 er \u00e1hersla \u00e1 a\u00f0 efla samskipti og j\u00e1kv\u00e6\u00f0a l\u00edfss\u00fdn nemandans sem au\u00f0veldar honum a\u00f0 takast \u00e1 vi\u00f0 kr\u00f6fur og \u00f6granir daglegs l\u00edfs. Jafnframt er l\u00f6g\u00f0 \u00e1hersla \u00e1 a\u00f0 gera hann me\u00f0vita\u00f0an um \u00fe\u00e1 \u00e1byrg\u00f0 sem hann hefur gagnvart sj\u00e1lfum s\u00e9r og sk\u00f3lasamf\u00e9laginu. \u00cd \u00e1fanganum er stu\u00f0la\u00f0 a\u00f0 styrkingu f\u00e9lagstengsla milli nemenda og \u00feeir b\u00fanir undir a\u00f0 takast \u00e1 vi\u00f0 krefjandi n\u00e1m og leggja \u00feannig grunn a\u00f0 frj\u00f3u menntasamf\u00e9lagi. Nemandinn eflist \u00ed a\u00f0 koma fram af vir\u00f0ingu vi\u00f0 a\u00f0ra \u00ed fj\u00f6lbreyttu \u00fej\u00f3\u00f0f\u00e9lagi. \nNemandinn f\u00e6r t\u00e6kif\u00e6ri til a\u00f0 vinna vi\u00f0 margv\u00edsleg vi\u00f0fangsefni \u00e1 fj\u00f6lbreyttan og skapandi h\u00e1tt. \nUm er a\u00f0 r\u00e6\u00f0a verkefnabundi\u00f0 n\u00e1m me\u00f0 \u00e1herslu \u00e1 samvinnu og frumkv\u00e6\u00f0i.", "knowledge_goals": ["kr\u00f6fum sem ger\u00f0ar eru \u00ed n\u00e1mi \u00ed framhaldsk\u00f3la", "\u00fe\u00fd\u00f0ingu \u00feess a\u00f0 lifa \u00ed samf\u00e9lagi vi\u00f0 a\u00f0ra", "framt\u00ed\u00f0arm\u00f6guleikum s\u00ednum", "mikilv\u00e6gi markmi\u00f0asetningar og lei\u00f0um a\u00f0 settum markmi\u00f0um", "sk\u00f3lasamf\u00e9laginu, n\u00e1msvali og sto\u00f0\u00fej\u00f3nustu"], "skills_goals": ["bera vir\u00f0ingu fyrir sj\u00e1lfum s\u00e9r", "s\u00fdna umbur\u00f0arlyndi, samhygg\u00f0 og vir\u00f0ingu fyrir \u00f6\u00f0rum", "tj\u00e1 sig \u00ed t\u00f6lu\u00f0u og ritu\u00f0u m\u00e1li", "ver\u00f0a betur me\u00f0vita\u00f0ur um sj\u00e1lfan sig, \u00e1hugasvi\u00f0 sitt og styrkleika", "leita uppl\u00fdsinga um n\u00e1m sitt"], "credits": 1, "last_modified": 1425142215.226615, "schools": ["512b49bc62933a682f00048a"], "coauthors": null, "instructions": "", "continued_education": false, "level": 1, "prerequisites": "L\u00cdFS1SN02 e\u00f0a samb\u00e6rilegur \u00e1fangi", "author": "0bc9b589-2a42-4690-ac7e-ec65f804a0e6", "abbreviation_version": null, "competence_goals": [["auka f\u00e6rni s\u00edna \u00ed mannlegum samskiptum", ""], ["meta eigin vinnubr\u00f6g\u00f0", ""], ["b\u00e6ta \u00e1kv\u00f6r\u00f0unart\u00f6ku \u00ed daglegu l\u00edfi", ""], ["taka \u00fe\u00e1tt \u00ed samf\u00e9lagi sem er \u00ed s\u00edfelldri \u00fer\u00f3un", ""], ["bera \u00e1byrg\u00f0 \u00e1 eigin n\u00e1mi", ""]], "_id": "54f1f1c762933a1936001cd6"}, {"exemplary": null, "topics": "heimildavinna, m\u00e1lnotkun, ritun, setningafr\u00e6\u00f0i", "abbreviation": "\u00cdSLE2HS05(AV)", "former_schools": null, "subject": "\u00edslenska", "title": "Ritun og m\u00e1lnotkun", "version": 28, "status_trans": "Sam\u00feykkt af sk\u00f3la", "embedded_subject": {"abbreviation": "\u00cdSLE", "topics": [{"abbreviation": "VR", "topics": ["ritun", "vi\u00f0skiptaskj\u00f6l"]}, {"abbreviation": "TM", "topics": ["m\u00e1lskilningur", "tj\u00e1ning"]}, {"abbreviation": "MS", "topics": ["m\u00e1lskilningur", "s\u00e9rdeild"]}, {"abbreviation": "RT", "topics": ["ritun og tj\u00e1ning"]}, {"abbreviation": "LL", "topics": ["leshra\u00f0i", "lesskilningur"]}, {"abbreviation": "MM", "topics": ["m\u00e1lfr\u00e6\u00f0i", "m\u00e1ltilfinning"]}, {"abbreviation": "RG", "topics": ["greinamerkjasetning", "r\u00e9ttritun"]}, {"abbreviation": "SF", "topics": ["fr\u00f3\u00f0leiks\u00f6flun", "samskipti"]}, {"abbreviation": "BK", "topics": ["b\u00f3kmenntir", "kj\u00f6rb\u00f3k"]}, {"abbreviation": "RB", "topics": ["b\u00f3kmenntir", "ritun"]}, {"abbreviation": "BM", "topics": ["b\u00f3kmenntir", "m\u00e1lsaga", "ritun", "tj\u00e1ning"]}, {"abbreviation": "NB", "topics": ["n\u00fat\u00edmab\u00f3kmenntir"]}, {"abbreviation": "BF", "topics": ["b\u00f3kmenntir fyrri alda"]}, {"abbreviation": "SB", "topics": ["menning", "samt\u00edmab\u00f3kmenntir"]}, {"abbreviation": "BB", "topics": ["barnab\u00f3kmenntir"]}, {"abbreviation": "HR", "topics": ["hra\u00f0lestur"]}, {"abbreviation": "YN", "topics": ["yndislestur"]}, {"abbreviation": "ML", "topics": ["leskilningur", "m\u00e1lnotkun", "m\u00e1ltaka", "ritun og tj\u00e1ning"]}, {"abbreviation": "MB", "topics": ["b\u00f3kmenntir og ritun", "m\u00e1lnotkun"]}, {"abbreviation": "MN", "topics": ["b\u00f3kmenntir", "m\u00e1lsaga og nafnasi\u00f0ir"]}, {"abbreviation": "YH", "topics": ["hra\u00f0lestur", "yndislestur"]}, {"abbreviation": "BS", "topics": ["b\u00f3kmenntir s\u00ed\u00f0ari alda"]}, {"abbreviation": "FH", "topics": ["f\u00e9lagsleg m\u00e1lv\u00edsindi", "hlj\u00f3\u00f0fr\u00e6\u00f0i og hlj\u00f3\u00f0kerfisfr\u00e6\u00f0i", "\u00fe\u00fd\u00f0ingar"]}, {"abbreviation": "TB", "topics": ["tj\u00e1skipti barna og fullor\u00f0inna"]}, {"abbreviation": "GL", "topics": ["gl\u00e6pas\u00f6gur"]}, {"abbreviation": "RM", "topics": ["m\u00e1lfr\u00e6\u00f0i", "ritun", "stafsetning"]}, {"abbreviation": "BT", "topics": ["bragfr\u00e6\u00f0i", "setningafr\u00e6\u00f0i", "textar fr\u00e1 \u00fdmsum l\u00f6ndum"]}, {"abbreviation": "MT", "topics": ["m\u00e1lfr\u00e6\u00f0i", "ritun og tj\u00e1ning"]}, {"abbreviation": "BR", "topics": ["b\u00f3kmenntir", "m\u00e1lnotkun", "ritun"]}, {"abbreviation": "MG", "topics": ["b\u00f3kmenntir og ritun", "go\u00f0afr\u00e6\u00f0i", "m\u00e1lsaga"]}, {"abbreviation": "EU", "topics": ["eddukv\u00e6\u00f0i", "uppl\u00fdsing"]}, {"abbreviation": "UK", "topics": ["kreppa", "uppl\u00fdsing"]}, {"abbreviation": "KA", "topics": ["aldam\u00f3t", "kreppa"]}, {"abbreviation": "RN", "topics": ["n\u00fat\u00edmab\u00f3kmenntir", "ritger\u00f0arsm\u00ed\u00f0"]}, {"abbreviation": "KU", "topics": ["kynningarefni", "ums\u00f3knir"]}, {"abbreviation": "RI", "topics": ["ritger\u00f0arsm\u00ed\u00f0", "textar fr\u00e1 \u00fdmsum l\u00f6ndum"]}, {"abbreviation": "BG", "topics": ["b\u00f3kmenntir", "go\u00f0afr\u00e6\u00f0i", "m\u00e1lsaga"]}, {"abbreviation": "FM", "topics": ["fornb\u00f3kmenntir", "m\u00e1lfr\u00e6\u00f0i"]}, {"abbreviation": "BN", "topics": ["b\u00f3kmenntir", "n\u00fat\u00edmi"]}, {"abbreviation": "FO", "topics": ["fornb\u00f3kmenntir"]}, {"abbreviation": "UN", "topics": ["undirb\u00fanings\u00e1fangi \u00ed \u00edslensku"]}, {"abbreviation": "MR", "topics": ["b\u00f3kmenntir", "m\u00e1lnotkun og ritun"]}, {"abbreviation": "ED", "topics": ["eddukv\u00e6\u00f0i og \u00edslendingas\u00f6gur"]}, {"abbreviation": "NJ", "topics": ["fr\u00e1 nj\u00e1lu til n\u00fdr\u00f3mant\u00edkur"]}, {"abbreviation": "\u00d6L", "topics": ["b\u00f3kmenntir \u00e1 20. \u00f6ld"]}, {"abbreviation": "ME", "topics": ["b\u00f3kmenntir"]}, {"abbreviation": "RL", "topics": ["lestur", "ritun og tj\u00e1ning"]}, {"abbreviation": "MI", "topics": ["m\u00e1l og b\u00f3kmenntir fr\u00e1 si\u00f0askiptum til aldam\u00f3tanna 1900"]}, {"abbreviation": "GM", "topics": ["go\u00f0afr\u00e6\u00f0i", "m\u00e1lsaga"]}, {"abbreviation": "GR", "topics": ["grunnur"]}, {"abbreviation": "LR", "topics": ["lestur og ritun"]}, {"abbreviation": "ST", "topics": ["stafsetning"]}, {"abbreviation": "\u00cdS", "topics": ["\u00edslenska"]}, {"abbreviation": "LT", "topics": ["lestur", "m\u00e1lfr\u00e6\u00f0i", "ritun", "stafsetning", "tj\u00e1ning"]}, {"abbreviation": "SR", "topics": ["lestur og tj\u00e1ning", "m\u00e1lfr\u00e6\u00f0i", "ritun", "stafsetning"]}, {"abbreviation": "GO", "topics": ["go\u00f0afr\u00e6\u00f0i", "m\u00e1lnotkun og ritun", "m\u00e1lsaga"]}, {"abbreviation": "NH", "topics": ["b\u00f3kmenntasaga 1900 til samt\u00edmans", "hugtakabeiting", "n\u00fat\u00edmab\u00f3kmenntir"]}, {"abbreviation": "RR", "topics": ["ritger\u00f0asm\u00ed\u00f0", "ritun"]}, {"abbreviation": "LF", "topics": ["b\u00f3kmenntasaga 1550-1900", "l\u00e6rd\u00f3ms\u00f6ld", "rauns\u00e6i"]}, {"abbreviation": "VE", "topics": ["verkefni vali\u00f0 og almenn b\u00f3kmenntafr\u00e6\u00f0i kynnt"]}, {"abbreviation": "MV", "topics": ["m\u00e1lv\u00edsindi"]}, {"abbreviation": "YF", "topics": ["Yndislestur framhald"]}, {"abbreviation": "MH", "topics": ["M\u00e1lsaga og go\u00f0afr\u00e6\u00f0i hra\u00f0fer\u00f0"]}, {"abbreviation": "FF", "topics": ["Fornb\u00f3kmenntir hra\u00f0fer\u00f0"]}, {"abbreviation": "YM", "topics": ["Yndislestur 2"]}, {"abbreviation": "FJ", "topics": ["fj\u00f6lmi\u00f0lal\u00e6si"]}, {"abbreviation": "RV", "topics": ["ritger\u00f0arvinna"]}, {"abbreviation": "LS", "topics": ["- sk\u00e1ldsaga \u00far n\u00fat\u00edma", "lestur og lesskilningur"]}, {"abbreviation": "L\u00cd", "topics": ["lestur og lesskilningur - \u00edslendingas\u00f6gur"]}, {"abbreviation": "LE", "topics": ["lestur og lesskilningur - sk\u00e1lds\u00f6gur 20. aldar"]}, {"abbreviation": "H\u00cd", "topics": ["Hagn\u00fdt \u00edslenska"]}, {"abbreviation": "\u00cdM", "topics": ["\u00edslensk m\u00e1lsaga"]}, {"abbreviation": "KV", "topics": ["b\u00f3kmenntir og kvikmyndir"]}, {"abbreviation": "NG", "topics": ["Norr\u00e6n go\u00f0afr\u00e6\u00f0i"]}, {"abbreviation": "LJ", "topics": ["Lj\u00f3\u00f0"]}, {"abbreviation": "AA", "topics": ["Lestur og ritun"]}, {"abbreviation": "\u00cdC", "topics": ["\u00cdslenska \u00e1 starfsbraut"]}, {"abbreviation": "\u00cdA", "topics": ["\u00cdslenska 1 \u00e1 starfsbraut"]}, {"abbreviation": "\u00cdB", "topics": ["\u00cdslenska 2 \u00e1 starfsbraut"]}, {"abbreviation": "N\u00dd", "topics": ["N\u00fdsk\u00f6pun"]}, {"abbreviation": "AB", "topics": ["B\u00f3kmenntir", "m\u00e1lfr\u00e6\u00f0i og ritun"]}, {"abbreviation": "HI", "topics": ["M\u00e1lnotkun og ritun"]}, {"abbreviation": "TR", "topics": ["M\u00e1lnotun og ritun"]}, {"abbreviation": "TL", "topics": ["L\u00e6si", "ritun", "tj\u00e1ning"]}, {"abbreviation": "OH", "topics": ["hlustun", "or\u00f0afor\u00f0i", "talm\u00e1l og ritun"]}, {"abbreviation": "ES", "topics": ["Eddukv\u00e6\u00f0i til si\u00f0askipta"]}, {"abbreviation": "NA", "topics": ["N\u00fdr\u00f3mant\u00edk til aldam\u00f3ta"]}, {"abbreviation": "SN", "topics": ["Si\u00f0askipti til n\u00fdr\u00f3mant\u00edkur"]}, {"abbreviation": "YL", "topics": ["Yndislestur"]}, {"abbreviation": "SS", "topics": ["Stafsetning"]}, {"abbreviation": "BU", "topics": ["Barna- og unglingab\u00f3kmenntir"]}, {"abbreviation": "SK", "topics": ["sk\u00e1lds\u00f6gur"]}, {"abbreviation": "B\u00d3", "topics": ["B\u00f3kmenntir og tungum\u00e1l fr\u00e1 landn\u00e1mi til si\u00f0askipta"]}, {"abbreviation": "M\u00c1", "topics": ["M\u00e1l- og menningarsaga"]}, {"abbreviation": "NF", "topics": ["N\u00fdsk\u00f6punarferli\u00f0: \u00fe\u00f6rf", "afur\u00f0", "lausn"]}, {"abbreviation": "A\u00cd", "topics": ["Almenn \u00edslenska \u00e1 1 \u00ferepi"]}, {"abbreviation": "AM", "topics": ["almenn m\u00e1lnotkun", "b\u00f3kmenntir", "ritun"]}, {"abbreviation": "RS", "topics": ["Skapandi skrif"]}, {"abbreviation": "SP", "topics": ["Spennus\u00f6gur"]}, {"abbreviation": "\u00cdD", "topics": ["\u00cdslenska \u00e1 starfsbraut 4"]}, {"abbreviation": "\u00cdE", "topics": ["\u00cdslenska 5 \u00e1 starfsbraut"]}, {"abbreviation": "SM", "topics": ["Sk\u00e1lds\u00f6gur"]}, {"abbreviation": "M\u00de", "topics": ["\u00cdSLE"]}, {"abbreviation": "SA", "topics": ["Sk\u00f6pun \u00ed v\u00ed\u00f0u samhengi"]}, {"abbreviation": "SJ", "topics": ["L\u00e6si", "b\u00f3kmenntir", "hugtakaskilningur", "m\u00e1lfr\u00e6\u00f0i", "sj\u00e1lfb\u00e6rni og ritun"]}, {"abbreviation": "LM", "topics": ["L\u00e6si", "l\u00fd\u00f0r\u00e6\u00f0i", "mannr\u00e9ttindi og b\u00f3kmenntir"]}, {"abbreviation": "JR", "topics": ["L\u00e6si", "b\u00f3kmenntir og ritun", "jafnr\u00e9tti"]}, {"abbreviation": "HV", "topics": ["L\u00e6si", "heilbrig\u00f0i", "velfer\u00f0 og b\u00f3kmenntir"]}, {"abbreviation": "DB", "topics": ["Sk\u00f3labla\u00f0"]}, {"abbreviation": "\u00c6F", "topics": ["Go\u00f0s\u00f6gur", "fantas\u00edur", "\u00e6vint\u00fdri"]}, {"abbreviation": "VM", "topics": ["Verkefna\u00e1fangi \u00ed m\u00e1lv\u00edsindum"]}, {"abbreviation": "VB", "topics": ["Verkefna\u00e1fangi \u00ed b\u00f3kmenntum"]}, {"abbreviation": "SW", "topics": ["Stafsetning og ritun"]}, {"abbreviation": "MF", "topics": ["M\u00e1lfr\u00e6\u00f0i"]}, {"abbreviation": "SG", "topics": ["B\u00f3kmenntir", "setningafr\u00e6\u00f0i og go\u00f0afr\u00e6\u00f0i"]}, {"abbreviation": "OF", "topics": ["frambur\u00f0ur", "lestrarf\u00e6rni", "or\u00f0afor\u00f0i"]}, {"abbreviation": "CA", "topics": ["B\u00f3kmenntir fram til 1550"]}, {"abbreviation": "BH", "topics": ["Go\u00f0afr\u00e6\u00f0i", "m\u00e1lsaga og ritger\u00f0asm\u00ed\u00f0"]}, {"abbreviation": "DD", "topics": ["B\u00f3kmenntir og b\u00f3kmenntasaga", "einkum 1550-1900."]}, {"abbreviation": "CH", "topics": ["\u00cdslenska 3. Hra\u00f0fer\u00f0"]}, {"abbreviation": "EE", "topics": ["B\u00f3kmenntir og b\u00f3kmenntasaga eftir 1900."]}, {"abbreviation": "HL", "topics": ["M\u00e1lsaga og hlj\u00f3\u00f0fr\u00e6\u00f0i"]}, {"abbreviation": "CB", "topics": ["heimsb\u00f3kmenntir"]}, {"abbreviation": "AL", "topics": ["Almenn m\u00e1lnotkun og l\u00e6si"]}, {"abbreviation": "GF", "topics": ["Go\u00f0afr\u00e6\u00f0i og fornb\u00f3kmenntir"]}, {"abbreviation": "TE", "topics": ["Ritun og textagreining"]}, {"abbreviation": "MA", "topics": ["Menningararfur \u00ed n\u00fat\u00edmanum"]}, {"abbreviation": "S\u00c1", "topics": ["Skrefa\u00f0", "skrifa\u00f0 og skrafa\u00f0 um n\u00e6rsamf\u00e9lagi\u00f0/\u00e1tthagana."]}, {"abbreviation": "NM", "topics": ["fr\u00e1 n\u00fdr\u00f3mant\u00edk til m\u00f3dernisma"]}, {"abbreviation": "HM", "topics": ["Heimildir og m\u00e1lnotkun"]}, {"abbreviation": "M\u00c6", "topics": ["Menningarl\u00e6si"]}, {"abbreviation": "CK", "topics": ["\u00edslenskar kvikmyndir"]}, {"abbreviation": "CL", "topics": ["Leikh\u00fas og leikb\u00f3kmenntir"]}, {"abbreviation": "DL", "topics": ["Leikh\u00fas og leikb\u00f3kmenntir."]}, {"abbreviation": "CN", "topics": ["\u00derj\u00fa verk Halld\u00f3rs Laxness."]}, {"abbreviation": "HB", "topics": ["B\u00f3kmenntir", "heimildaritger\u00f0", "m\u00e1lsaga"]}, {"abbreviation": "CU", "topics": ["Barnab\u00f3kmenntir."]}, {"abbreviation": "CP", "topics": ["Textager\u00f0 og ritstj\u00f3rn"]}, {"abbreviation": "CY", "topics": ["Yndislestur I"]}, {"abbreviation": "DY", "topics": ["Yndislestur II"]}, {"abbreviation": "RH", "topics": ["\u00darvinnsla heimilda og ritun"]}, {"abbreviation": "B\u00cd", "topics": ["B\u00f3kmenntasaga", "\u00cdslendingasaga og forn kve\u00f0skapur"]}, {"abbreviation": "BL", "topics": ["B\u00f3kmenntasaga", "leikritalestur", "lj\u00f3\u00f0alestur", "n\u00fat\u00edmab\u00f3kmenntir"]}, {"abbreviation": "RF", "topics": ["Ritger\u00f0arskrif", "go\u00f0afr\u00e6\u00f0i og m\u00e1lsaga"]}, {"abbreviation": "KM", "topics": ["b\u00f3kmenntir", "kv\u00e6\u00f0i", "lj\u00f3\u00f0", "m\u00e1lnotkun", "ritun"]}, {"abbreviation": "SL", "topics": ["Ritlist"]}, {"abbreviation": "RO", "topics": ["lestur", "m\u00e1lnotkun", "or\u00f0afor\u00f0i", "ritun"]}, {"abbreviation": "LB", "topics": ["b\u00f3kmenntir", "l\u00e6si", "ritun", "stafsetning"]}, {"abbreviation": "FL", "topics": ["frams\u00f6gn", "lestur", "margv\u00edsleg ritun", "or\u00f0afor\u00f0i"]}, {"abbreviation": "HS", "topics": ["heimildavinna", "m\u00e1lnotkun", "ritun", "setningafr\u00e6\u00f0i"]}], "_id": "50c0a02dd8e40575f7f6f4a2", "subjects": ["\u00edslenska"], "counter": {"1": 39, "3": 39, "2": 27, "4": 2}}, "evaluation": " L\u00f6g\u00f0 er \u00e1hersla \u00e1 fj\u00f6lbreytt n\u00e1msmat me\u00f0 lei\u00f0s\u00f6gn. N\u00e1msmati\u00f0 er \u00ed h\u00f6ndum kennara vi\u00f0komandi \u00e1fanga en \u00fearf a\u00f0 fylgja \u00feeim reglum sem kve\u00f0i\u00f0 er \u00e1 um \u00ed sk\u00f3lan\u00e1mskr\u00e1 VMA.", "categorization_suggestion": "AV", "embedded_topics": {"abbreviation": "HS", "topics": ["heimildavinna", "m\u00e1lnotkun", "ritun", "setningafr\u00e6\u00f0i"]}, "status": "approved by school", "description": "\u00cd \u00feessum \u00e1fanga er unni\u00f0 me\u00f0 grundvallarhugt\u00f6k ritunar og m\u00e1lnotkunar. Auk \u00feess ver\u00f0ur fari\u00f0 \u00ed me\u00f0fer\u00f0 og notkun hj\u00e1lpargagna og heimilda \u00ed tengslum vi\u00f0 ritger\u00f0arsm\u00ed\u00f0. Fjalla\u00f0 ver\u00f0ur um mismunandi birtingarform texta eftir mi\u00f0lum og skrifa\u00f0ar \u00f3l\u00edkar ger\u00f0ir ritsm\u00ed\u00f0a, m.a. heimilda- og r\u00f6kf\u00e6rsluritger\u00f0ir \u00fear sem nemendur hafa \u00e1kve\u00f0i\u00f0 val um vi\u00f0fangsefni. Unni\u00f0 me\u00f0 grunnhugt\u00f6k \u00ed m\u00e1lfr\u00e6\u00f0i, setningafr\u00e6\u00f0i og stafsetningu og mismunandi m\u00e1lsni\u00f0 og st\u00edlbr\u00f6g\u00f0 \u00ed tengslum vi\u00f0 ritun. Nemendur vinna og kynna munnlega eigin verkefni, hver fyrir sig og/e\u00f0a me\u00f0 \u00f6\u00f0rum. \u00c1hersla \u00e1 fj\u00f6lbreytt og skapandi verkefni sem reyna \u00e1 sj\u00e1lfst\u00e6\u00f0 vinnubr\u00f6g\u00f0 og mismunandi h\u00e6fni nemenda, auka v\u00ed\u00f0s\u00fdni og gagnr\u00fdna hugsun. ", "knowledge_goals": ["helstu hugt\u00f6kum \u00ed ritger\u00f0asm\u00ed\u00f0", "or\u00f0afor\u00f0a sem n\u00e6gir til a\u00f0 skilja \u00edslenskt n\u00fat\u00edmam\u00e1l \u00ed r\u00e6\u00f0u og riti", "uppbyggingu r\u00f6kf\u00e6rsluritger\u00f0a", "m\u00e1lfr\u00e6\u00f0ihugt\u00f6kum og ritreglum sem n\u00fdtast \u00ed tal- og ritm\u00e1li", "notkun hj\u00e1lpargagna og heimilda og mati \u00e1 gildi heimilda", "uppsetningu og fr\u00e1gangi heimilda"], "skills_goals": ["rita r\u00f6kf\u00e6rsluritger\u00f0ir sem krefjast gagnr\u00fdninnar hugsunar", "nota hj\u00e1lparg\u00f6gn vi\u00f0 fr\u00e1gang ritsm\u00ed\u00f0a", "nota heimildir af \u00fdmsu tagi og fl\u00e9tta efni \u00feeirra saman vi\u00f0 eigin vi\u00f0horf og \u00e1lyktanir \u00e1 hei\u00f0arlegan h\u00e1tt", "nota algeng st\u00edlbr\u00f6g\u00f0 \u00ed tal- og ritm\u00e1li", "flytja munnlega efni af \u00fdmsu tagi og r\u00e6\u00f0a eigin ni\u00f0urst\u00f6\u00f0ur og annarra me\u00f0 m\u00e1lefnalegum h\u00e6tti", "beita m\u00e1lfr\u00e6\u00f0ihugt\u00f6kum og nota m\u00e1lfr\u00e6\u00f0ilegar uppl\u00fdsingar til a\u00f0 efla eigin m\u00e1lf\u00e6rni"], "credits": 5, "last_modified": 1423835307.256067, "schools": ["512b49bc62933a682f00048a"], "coauthors": null, "instructions": "", "continued_education": false, "level": 2, "prerequisites": "\u00cdSLE1FL05 e\u00f0a fulln\u00e6gjandi \u00e1rangur \u00far grunnsk\u00f3la a\u00f0 mati sk\u00f3lans.", "author": "0bc9b589-2a42-4690-ac7e-ec65f804a0e6", "abbreviation_version": null, "competence_goals": [["n\u00fdta m\u00e1lfr\u00e6\u00f0ilegar uppl\u00fdsingar til a\u00f0 efla eigin m\u00e1lf\u00e6rni", ""], ["byggja upp sk\u00fdra r\u00f6ksemdaf\u00e6rslu, tj\u00e1 afst\u00f6\u00f0u og efasemdir um efni\u00f0 og komast a\u00f0 ni\u00f0urst\u00f6\u00f0u", ""], ["taka \u00fe\u00e1tt \u00ed m\u00e1lefnalegum umr\u00e6\u00f0um", ""], ["styrkja eigin m\u00e1lf\u00e6rni, t.d. me\u00f0 \u00fev\u00ed a\u00f0 n\u00fdta handb\u00e6kur um m\u00e1lfar og m\u00e1lfr\u00e6\u00f0i", ""], ["s\u00fdna t\u00f6luver\u00f0 tilbrig\u00f0i \u00ed m\u00e1lnotkun", ""], ["beita sk\u00fdru, v\u00f6ndu\u00f0u og bl\u00e6brig\u00f0ar\u00edku m\u00e1li \u00ed r\u00e6\u00f0u og riti", ""], ["vinna skapandi verkefni \u00ed tengslum vi\u00f0 n\u00e1msefni\u00f0", ""]], "_id": "54de00ab62933a7a340003c1"}, {"exemplary": null, "topics": "kynjamunur, \u00ed\u00fer\u00f3ttasaga, \u00fer\u00f3un \u00ed\u00fer\u00f3tta", "abbreviation": "\u00cd\u00deRF2\u00cdS03", "former_schools": null, "subject": "\u00ed\u00fer\u00f3ttafr\u00e6\u00f0i", "title": "Saga \u00ed\u00fer\u00f3ttanna", "version": 10, "status_trans": "Sam\u00feykkt af sk\u00f3la", "embedded_subject": {"abbreviation": "\u00cd\u00deRF", "topics": [{"abbreviation": "\u00deJ", "topics": ["\u00fej\u00e1lfun"]}, {"abbreviation": "BV", "topics": ["bein og v\u00f6\u00f0var"]}, {"abbreviation": "HB", "topics": ["hjarta og bl\u00f3\u00f0r\u00e1s"]}, {"abbreviation": "AA", "topics": ["\u00fej\u00e1lfari 1a - almennur hluti"]}, {"abbreviation": "BB", "topics": ["\u00fej\u00e1lfari 2a - \u00ed\u00fer\u00f3ttagreinar"]}, {"abbreviation": "\u00de\u00de", "topics": ["\u00fej\u00e1lfari  - almennur hluti", "\u00fej\u00e1lfun barna"]}, {"abbreviation": "BH", "topics": ["bein og v\u00f6\u00f0var", "hreyfifr\u00e6\u00f0i"]}, {"abbreviation": "HF", "topics": ["Hreyfingarfr\u00e6\u00f0i", "bygging og starfsemi l\u00edkamans", "lyfjafr\u00e6\u00f0i \u00ed\u00fer\u00f3tta", "\u00ed\u00fer\u00f3ttamei\u00f0sl", "\u00ed\u00fer\u00f3ttasaga"]}, {"abbreviation": "\u00deF", "topics": ["l\u00edfst\u00edll og heilsa", "vi\u00f0brag\u00f0s og hra\u00f0a\u00fej\u00e1lfun", "\u00deol\u00fej\u00e1lfun", "\u00ferekpr\u00f3f"]}, {"abbreviation": "\u00deS", "topics": ["Styrktar\u00fej\u00e1lfun", "li\u00f0leika\u00fej\u00e1lfun", "\u00ed\u00fer\u00f3ttamei\u00f0sl og  \u00ed\u00fer\u00f3ttas\u00e1lfr\u00e6\u00f0i"]}, {"abbreviation": "\u00deA", "topics": ["si\u00f0fr\u00e6\u00f0i \u00ed\u00fer\u00f3tta og pr\u00f3f/m\u00e6lingar \u00ed\u00fer\u00f3ttamanna", "skipulagning \u00fej\u00e1lfunar til lengri og skemmri t\u00edma", "\u00dej\u00e1lfunarformin og a\u00f0fer\u00f0ir innan \u00feeirra"]}, {"abbreviation": "\u00deH", "topics": ["\u00cd\u00deRF"]}, {"abbreviation": "\u00cdM", "topics": ["\u00cd\u00fer\u00f3ttamei\u00f0sl og skyndihj\u00e1lp"]}, {"abbreviation": "\u00cdS", "topics": ["kynjamunur", "\u00ed\u00fer\u00f3ttasaga", "\u00fer\u00f3un \u00ed\u00fer\u00f3tta"]}], "_id": "50c0a02dd8e40575f7f6f4ed", "subjects": ["\u00ed\u00fer\u00f3ttafr\u00e6\u00f0i"], "counter": {"1": 3, "3": 2, "2": 9, "4": 0}}, "evaluation": "L\u00f6g\u00f0 er \u00e1hersla \u00e1 fj\u00f6lbreytt n\u00e1msmat me\u00f0 lei\u00f0s\u00f6gn. N\u00e1msmati\u00f0 er \u00ed h\u00f6ndum kennara vi\u00f0komandi \u00e1fanga en \u00fearf a\u00f0 fylgja \u00feeim reglum sem kve\u00f0i\u00f0 er \u00e1 um \u00ed sk\u00f3lan\u00e1mskr\u00e1 VMA.", "categorization_suggestion": "AV", "embedded_topics": {"abbreviation": "\u00cdS", "topics": ["kynjamunur", "\u00ed\u00fer\u00f3ttasaga", "\u00fer\u00f3un \u00ed\u00fer\u00f3tta"]}, "status": "approved by school", "description": "\u00cd \u00e1fanganum er fari\u00f0 yfir helstu atri\u00f0i \u00ed \u00edslenskri \u00ed\u00fer\u00f3ttas\u00f6gu \u00e1samt helstu \u00fe\u00e1ttum \u00ed erlendri \u00ed\u00fer\u00f3ttas\u00f6gu s.s. \u00d3lymp\u00eduleika. Fjalla\u00f0 er um gildi og hlutverk \u00ed\u00fer\u00f3tta \u00ed n\u00fat\u00edma samf\u00e9lagi. Komi\u00f0 er inn \u00e1 f\u00e9lagslegar ranns\u00f3knir \u00e1 svi\u00f0i \u00ed\u00fer\u00f3tta \u00e1 \u00cdslandi, \u00e1hrif fj\u00f6lmi\u00f0la \u00e1 \u00fer\u00f3un \u00ed\u00fer\u00f3tta, kynjamun og \u00ed\u00fer\u00f3ttai\u00f0kun, \u00e1samt tengingu fj\u00e1rmagns og augl\u00fdsinga vi\u00f0 \u00ed\u00fer\u00f3ttir. Fjalla\u00f0 er um stefnur \u00ed \u00ed\u00fer\u00f3ttum, s.s. afreksmannastefnu \u00ed\u00fer\u00f3ttahreyfingarinnar og afreksmannasj\u00f3\u00f0. Viki\u00f0 er a\u00f0 skipulagningu \u00ed\u00fer\u00f3ttahreyfingarinnar og uppbyggingu h\u00e9rlendis og hvernig vi\u00f0 tengjumst heimssamt\u00f6kunum. Fari\u00f0 er yfir \u00e1rangur \u00edslendinga \u00e1 \u00d3lymp\u00eduleikum, \u00ed\u00fer\u00f3ttir mismunandi h\u00f3pa, \u00ed\u00fer\u00f3ttir sem heilsueflingu, gildi \u00ed\u00fer\u00f3tta, forvarnir, \u00e1hrifam\u00e1tt og tengsl fj\u00f6lmi\u00f0la og fj\u00e1rmagns vi\u00f0 \u00ed\u00fer\u00f3ttir. Einnig  eru \u00ed\u00fer\u00f3ttir sko\u00f0a\u00f0ar \u00fat fr\u00e1 \u00e1hrifum \u00e1 samf\u00e9lag nemanda.  ", "knowledge_goals": ["s\u00f6gu \u00ed\u00fer\u00f3tta \u00e1 \u00cdslandi fyrr og n\u00fa", "gl\u00edmu, sem \u00fej\u00f3\u00f0ar\u00ed\u00fer\u00f3tt \u00cdslendinga", "helstu atri\u00f0um \u00ed s\u00f6gu \u00d3lymp\u00eduleika", "f\u00e9lagslegum ranns\u00f3knum \u00e1 svi\u00f0i \u00ed\u00fer\u00f3tta \u00e1 \u00cdslandi"], "skills_goals": ["sko\u00f0a \u00e1hrif \u00ed\u00fer\u00f3tta \u00e1 samf\u00e9lagi\u00f0", "\u00feekkja uppbyggingu og skipulag \u00ed\u00fer\u00f3ttahreyfingarinnar \u00e1 \u00cdslandi", "l\u00e6ra um \u00e1hrifam\u00e1tt og tengsl fj\u00f6lmi\u00f0la og fj\u00e1rmagns vi\u00f0 \u00ed\u00fer\u00f3ttir"], "credits": 3, "last_modified": 1430385535.59497, "schools": ["512b49bc62933a682f00048a"], "coauthors": null, "instructions": "", "continued_education": false, "level": 2, "prerequisites": "engar", "author": "0bc9b589-2a42-4690-ac7e-ec65f804a0e6", "abbreviation_version": null, "competence_goals": [["skilja gildi \u00ed\u00fer\u00f3tta sem forvarnarstarfs", ""], ["skilja samf\u00e9lagslegt gildi \u00ed\u00fer\u00f3tta fyrr og n\u00fa", ""], ["skilja gildi \u00ed\u00fer\u00f3tta sem s\u00f6luv\u00f6ru", ""], ["taka \u00fe\u00e1tt \u00ed umr\u00e6\u00f0um um \u00ed\u00fer\u00f3ttir \u00ed samf\u00e9laginu \u00ed v\u00ed\u00f0um skilningi", ""]], "_id": "5541f37f62933a2b9f00011e"}, {"exemplary": null, "topics": "kennismi\u00f0ir, samskipti og sk\u00f3li, uppeldis- og menntunarfr\u00e6\u00f0i", "abbreviation": "UPPE2UK05", "former_schools": null, "subject": "uppeldisfr\u00e6\u00f0i", "title": "Saga, samskipti og sk\u00f3li", "version": 9, "status_trans": "Sam\u00feykkt af sk\u00f3la", "embedded_subject": {"abbreviation": "UPPE", "topics": [{"abbreviation": "\u00cd\u00de", "topics": ["\u00ed\u00fer\u00f3ttauppeldisfr\u00e6\u00f0i"]}, {"abbreviation": "UM", "topics": ["uppeldis- og menntunarfr\u00e6\u00f0i - inngangur"]}, {"abbreviation": "KE", "topics": ["kenningar og ranns\u00f3knara\u00f0fer\u00f0ir \u00ed uppeldis- og menntunarfr\u00e6\u00f0i"]}, {"abbreviation": "US", "topics": ["uppeldis- og kennslufr\u00e6\u00f0i sk\u00f3lastarfs"]}, {"abbreviation": "T\u00d3", "topics": ["t\u00f3mstunda- og f\u00e9lagsm\u00e1lafr\u00e6\u00f0i"]}, {"abbreviation": "SS", "topics": ["almenn uppeldisfr\u00e6\u00f0i", "saga", "sj\u00f3narmi\u00f0"]}, {"abbreviation": "RA", "topics": ["kenningar", "ranns\u00f3knara\u00f0fer\u00f0ir"]}, {"abbreviation": "SU", "topics": ["sk\u00f3lastarf", "uppeldi"]}, {"abbreviation": "KU", "topics": ["Uppeldisfr\u00e6\u00f0i", "kenningar", "saga", "sj\u00f3narmi\u00f0"]}, {"abbreviation": "UP", "topics": ["UPPE"]}, {"abbreviation": "GA", "topics": ["Fj\u00f6lgreindarkenning Gardners"]}, {"abbreviation": "UT", "topics": ["Uppeldis- og menntunarfr\u00e6\u00f0i", "forvarnir", "t\u00f3mstundafr\u00e6\u00f0i"]}, {"abbreviation": "U\u00de", "topics": ["Uppeldis- og \u00feroskafr\u00e6\u00f0i"]}, {"abbreviation": "HU", "topics": ["hagn\u00fdt uppeldisfr\u00e6\u00f0i"]}, {"abbreviation": "UK", "topics": ["kennismi\u00f0ir", "samskipti og sk\u00f3li", "uppeldis- og menntunarfr\u00e6\u00f0i"]}], "_id": "50c0a02dd8e40575f7f6f4d4", "subjects": ["uppeldisfr\u00e6\u00f0i"], "counter": {"1": 1, "3": 2, "2": 6, "4": 1}}, "evaluation": "L\u00f6g\u00f0 er \u00e1hersla \u00e1 fj\u00f6lbreytt n\u00e1msmat me\u00f0 lei\u00f0s\u00f6gn. N\u00e1msmati\u00f0 er \u00ed h\u00f6ndum kennara vi\u00f0komandi \u00e1fanga en \u00fearf a\u00f0 fylgja \u00feeim reglum sem kve\u00f0i\u00f0 er \u00e1 um \u00ed sk\u00f3lan\u00e1mskr\u00e1 VMA.", "categorization_suggestion": "AV", "embedded_topics": {"abbreviation": "UK", "topics": ["kennismi\u00f0ir", "samskipti og sk\u00f3li", "uppeldis- og menntunarfr\u00e6\u00f0i"]}, "status": "approved by school", "description": "\u00cd \u00e1fanganum er l\u00f6g\u00f0 \u00e1hersla \u00e1 kynningu \u00e1 fr\u00e6\u00f0igreininni uppeldis- og menntunarfr\u00e6\u00f0i, fjalla\u00f0 um s\u00f6gu og hagn\u00fdtingu. Hugtaki\u00f0 uppeldi er teki\u00f0 til umr\u00e6\u00f0u og gildi uppeldis fyrir einstakling og samf\u00e9lag. Mismunandi vi\u00f0horf til mannlegs e\u00f0lis eru sko\u00f0u\u00f0 \u00ed lj\u00f3si mismunandi vi\u00f0horfa til uppeldis og menntunar \u00ed Evr\u00f3pu s\u00ed\u00f0ustu aldir. Nemendur kynnast hugmyndafr\u00e6\u00f0i og uppeldisa\u00f0fer\u00f0um nokkurra \u00feekktra uppeldisfr\u00e6\u00f0inga sem hafa haft \u00e1hrif \u00e1 uppeldis- og sk\u00f3lastarf \u00ed Evr\u00f3pu. \u00deeirra \u00e1 me\u00f0al eru Rousseau, Vygotsky, Fr\u00f6bel, Margr\u00e9t P\u00e1la, Montessori og Dewey. Nemendur l\u00e6ra um \u00feroskaferil barna og unglinga, \u00e1herslur \u00e1 \u00fer\u00f3un sj\u00e1lfsins, vitsmuna-, si\u00f0g\u00e6\u00f0is- og f\u00e9lags\u00feroska. M\u00e1 \u00fear nefna Piaget, Freud, Kohlberg og Selman. Fjalla\u00f0 ver\u00f0ur um kynhlutverk og helstu birtingamyndir s.s. \u00ed fj\u00f6lskyldum, fj\u00f6lmi\u00f0lum, augl\u00fdsingum o.s.frv. Mikilv\u00e6gi hreyfingar, n\u00e6ringar og svefns fyrir b\u00f6rn og unglinga. Samskipti og breytingar \u00ed l\u00edfi fj\u00f6lskyldunnar eru sko\u00f0a\u00f0ar og samskipti almennt t.d. \u00ed vinah\u00f3pum, \u00ed\u00fer\u00f3ttaf\u00e9l\u00f6gum og sk\u00f3lum. Mikilv\u00e6gt er a\u00f0 nemandinn f\u00e1i \u00fej\u00e1lfun \u00ed sj\u00e1lfst\u00e6\u00f0um vinnubr\u00f6g\u00f0um vi\u00f0 a\u00f0 leita uppl\u00fdsinga, vinna \u00far g\u00f6gnum, kynna ni\u00f0urst\u00f6\u00f0ur skriflega og/e\u00f0a munnlega, einnig er l\u00f6g\u00f0 \u00e1hersla \u00e1 samvinnu.", "knowledge_goals": ["j\u00e1kv\u00e6\u00f0um og uppbyggjandi samskiptum", "gildi uppeldis fyrir einstakling og samf\u00e9lag", "a\u00f0alatri\u00f0um \u00ed s\u00f6gu uppeldis og menntunar", "grundvallarhugmyndum nokkurra uppeldisfr\u00e6\u00f0inga", "lei\u00f0um til a\u00f0 \u00fatsk\u00fdra \u00feroskaferil barna", "kynhlutverkum og \u00e1hrifum samf\u00e9lagsmi\u00f0la", "mikilv\u00e6gi alhli\u00f0a hreyfingar og heilbrig\u00f0ra l\u00edfsh\u00e1tta", "mikilv\u00e6gi j\u00e1kv\u00e6\u00f0ra samskipta \u00ed fj\u00f6lskyldum og samf\u00e9laginu almennt", "megin\u00fe\u00e1ttum \u00ed leiksk\u00f3lastarfsemi"], "skills_goals": ["mi\u00f0la eigin hugmyndum um uppeldi", "meta \u00f3l\u00edk sj\u00f3narmi\u00f0 til uppeldisa\u00f0fer\u00f0a", "greina \u00e1hrif augl\u00fdsinga, kvikmynda, t\u00f3nlistar o.fl. \u00e1 hugmyndir um sta\u00f0almyndir og kynhlutverk", "sko\u00f0a mismunandi frambo\u00f0 \u00e1 \u00ed\u00fer\u00f3tta- og t\u00f3mstundastarfi fyrir b\u00f6rn og unglinga", "greina vandam\u00e1l sem koma upp \u00ed samskiptum barna, unglinga og fullor\u00f0inna", "sko\u00f0a innra starf leiksk\u00f3la"], "credits": 5, "last_modified": 1425037174.980674, "schools": ["512b49bc62933a682f00048a"], "coauthors": null, "instructions": "", "continued_education": false, "level": 2, "prerequisites": "engar", "author": "0bc9b589-2a42-4690-ac7e-ec65f804a0e6", "abbreviation_version": null, "competence_goals": [["leggja gagnr\u00fdni\u00f0 mat \u00e1 hva\u00f0 er l\u00edklegt til \u00e1rangurs \u00ed uppeldi barna og unglinga", ""], ["hagn\u00fdta \u00fe\u00e6r kenningar sem fjalla\u00f0 hefur veri\u00f0 um og sett fram \u00ed raunh\u00e6fum verkefnum", ""], ["yfirf\u00e6ra umfj\u00f6llun um \u00e1hrif samf\u00e9lagsmi\u00f0la \u00e1 eigi\u00f0 l\u00edf", ""], ["leysa \u00feau vandam\u00e1l sem upp geta komi\u00f0 \u00ed samskiptum \u00e1 \u00e1byrgan h\u00e1tt og setja sig \u00ed spor annarra", ""], ["taka \u00fe\u00e1tt \u00ed m\u00e1lefnalegum umr\u00e6\u00f0um um uppeldi og f\u00e6ra sk\u00fdr r\u00f6k fyrir afst\u00f6\u00f0u sinni", ""], ["meta eigin frammist\u00f6\u00f0u og vinnuframlag sem og annarra \u00e1 gagnr\u00fdninn h\u00e1tt og setja fram \u00feekkingu s\u00edna \u00ed r\u00e6\u00f0u og riti", ""]], "_id": "54f0577662933a1936001afc"}, {"exemplary": null, "topics": "a\u00f0sto\u00f0 vi\u00f0 \u00fej\u00e1lfun yngri barna, \u00e6finga\u00e1\u00e6tlun, \u00ed\u00fer\u00f3ttakennsla", "abbreviation": "\u00cd\u00deSN3\u00cdY03(AV)", "former_schools": null, "subject": "\u00ed\u00fer\u00f3ttir starfsn\u00e1m", "title": "Starfsn\u00e1m \u00ed \u00ed\u00fer\u00f3ttum 1", "version": 1, "status_trans": "Sam\u00feykkt af sk\u00f3la", "embedded_subject": {"abbreviation": "\u00cd\u00deSN", "topics": [{"abbreviation": "SN", "topics": ["Starfsn\u00e1m"]}, {"abbreviation": "\u00c6F", "topics": ["a\u00f0sto\u00f0 vi\u00f0 \u00fej\u00e1lfun", "\u00e6finga\u00e1\u00e6tlun", "\u00ed\u00fer\u00f3ttakennsla"]}, {"abbreviation": "\u00cdE", "topics": ["a\u00f0sto\u00f0 vi\u00f0 \u00fej\u00e1lfun eldri barna", "\u00e6finga\u00e1\u00e6tlun", "\u00ed\u00fer\u00f3ttakennsla"]}, {"abbreviation": "\u00cdY", "topics": ["a\u00f0sto\u00f0 vi\u00f0 \u00fej\u00e1lfun yngri barna", "\u00e6finga\u00e1\u00e6tlun", "\u00ed\u00fer\u00f3ttakennsla"]}], "_id": "54fc521a62933a4692000742", "subjects": ["\u00ed\u00fer\u00f3ttir starfsn\u00e1m"], "counter": {"1": 0, "3": 0, "2": 2, "4": 0}}, "evaluation": "L\u00f6g\u00f0 er \u00e1hersla \u00e1 fj\u00f6lbreytt n\u00e1msmat me\u00f0 lei\u00f0s\u00f6gn. N\u00e1msmati\u00f0 er \u00ed h\u00f6ndum kennara vi\u00f0komandi \u00e1fanga en \u00fearf a\u00f0 fylgja \u00feeim reglum sem kve\u00f0i\u00f0 er \u00e1 um \u00ed sk\u00f3lan\u00e1mskr\u00e1 VMA.", "categorization_suggestion": "AV", "embedded_topics": {"abbreviation": "\u00cdY", "topics": ["a\u00f0sto\u00f0 vi\u00f0 \u00fej\u00e1lfun yngri barna", "\u00e6finga\u00e1\u00e6tlun", "\u00ed\u00fer\u00f3ttakennsla"]}, "status": "approved by school", "description": "\u00c1fanganum er \u00e6tla\u00f0 a\u00f0 kynna nemandanum \u00fej\u00e1lfun barna \u00e1 aldrinum 6 \u2013 9 \u00e1ra. Nemandinn l\u00e6rir a\u00f0 lei\u00f0beina b\u00f6rnum og setja upp \u00e6finga\u00e1\u00e6tlun fyrir \u00e1kve\u00f0i\u00f0 t\u00edmabil og \u00fatb\u00faa t\u00edmase\u00f0la. Fari\u00f0 er yfir hlutverk \u00ed\u00fer\u00f3tta\u00fej\u00e1lfara sem fyrirmyndar barna og unglinga og hvernig skuli lei\u00f0beina b\u00f6rnum og unglingum var\u00f0andi t\u00e6kniatri\u00f0i \u00fdmissa \u00ed\u00fer\u00f3ttagreina. Nemandinn n\u00fdtir s\u00e9r uppl\u00fdsingat\u00e6kni vi\u00f0 skipulag \u00fej\u00e1lfunar. Einnig er l\u00f6g\u00f0 \u00e1hersla \u00e1 a\u00f0 nemandinn tileinki s\u00e9r j\u00e1kv\u00e6\u00f0 og uppbyggileg samskipti vi\u00f0 \u00e6fingah\u00f3pa s\u00edna. ", "knowledge_goals": ["kennslu og \u00fej\u00e1lfun barna \u00e1 aldrinum 6-9 \u00e1ra", "helstu forsendum \u00e1\u00e6tlanager\u00f0ar \u00ed \u00ed\u00fer\u00f3ttum", "hlutverki \u00ed\u00fer\u00f3tta\u00fej\u00e1lfara sem fyrirmynd barna og unglinga", "helstu reglum \u00feeirra greina sem kenndar eru"], "skills_goals": ["lei\u00f0beina b\u00f6rnum \u00ed grunnatri\u00f0um \u00fdmissa greina", "kynna n\u00fdja leiki og \u00e6fingar fyrir \u00e6fingah\u00f3pa barna \u00e1 aldrinum 6 \u2013 9 \u00e1ra", "hafa j\u00e1kv\u00e6\u00f0 og \u00f6rvandi samskipti vi\u00f0 \u00e6fingah\u00f3pa s\u00edna"], "credits": 3, "last_modified": 1430387686.953658, "schools": ["512b49bc62933a682f00048a"], "coauthors": null, "instructions": "", "continued_education": false, "level": 3, "prerequisites": "\u00cd\u00deRG2\u00deS03 og \u00cd\u00deRF3BK05", "author": "0bc9b589-2a42-4690-ac7e-ec65f804a0e6", "abbreviation_version": null, "competence_goals": [["kenna b\u00f6rnum og unglingum \u00fdmsa leiki og grunn\u00e6fingar \u00ed \u00ed\u00fer\u00f3ttum", ""], ["halda uppi g\u00f3\u00f0um aga og virkni \u00ed s\u00ednum \u00e6fingah\u00f3pi", ""], ["n\u00fdta s\u00e9r uppl\u00fdsingat\u00e6kni vi\u00f0 skipulagningu \u00fej\u00e1lfunar sinna \u00e6fingah\u00f3pa \u00ed samr\u00e1\u00f0i vi\u00f0 \u00ed\u00fer\u00f3ttakennara/\u00fej\u00e1lfara", ""]], "_id": "5541fbe662933a2b9f00013a"}, {"exemplary": null, "topics": "a\u00f0sto\u00f0 vi\u00f0 \u00fej\u00e1lfun eldri barna, \u00e6finga\u00e1\u00e6tlun, \u00ed\u00fer\u00f3ttakennsla", "abbreviation": "\u00cd\u00deSN3\u00cdE03(AV)", "former_schools": null, "subject": "\u00ed\u00fer\u00f3ttir starfsn\u00e1m", "title": "Starfsn\u00e1m \u00ed \u00ed\u00fer\u00f3ttum 2", "version": 2, "status_trans": "Sam\u00feykkt af sk\u00f3la", "embedded_subject": {"abbreviation": "\u00cd\u00deSN", "topics": [{"abbreviation": "SN", "topics": ["Starfsn\u00e1m"]}, {"abbreviation": "\u00c6F", "topics": ["a\u00f0sto\u00f0 vi\u00f0 \u00fej\u00e1lfun", "\u00e6finga\u00e1\u00e6tlun", "\u00ed\u00fer\u00f3ttakennsla"]}, {"abbreviation": "\u00cdE", "topics": ["a\u00f0sto\u00f0 vi\u00f0 \u00fej\u00e1lfun eldri barna", "\u00e6finga\u00e1\u00e6tlun", "\u00ed\u00fer\u00f3ttakennsla"]}], "_id": "54fc521a62933a4692000742", "subjects": ["\u00ed\u00fer\u00f3ttir starfsn\u00e1m"], "counter": {"1": 0, "3": 0, "2": 2, "4": 0}}, "evaluation": "L\u00f6g\u00f0 er \u00e1hersla \u00e1 fj\u00f6lbreytt n\u00e1msmat me\u00f0 lei\u00f0s\u00f6gn. N\u00e1msmati\u00f0 er \u00ed h\u00f6ndum kennara vi\u00f0komandi \u00e1fanga en \u00fearf a\u00f0 fylgja \u00feeim reglum sem kve\u00f0i\u00f0 er \u00e1 um \u00ed sk\u00f3lan\u00e1mskr\u00e1 VMA.", "categorization_suggestion": "AV", "embedded_topics": {"abbreviation": "\u00cdE", "topics": ["a\u00f0sto\u00f0 vi\u00f0 \u00fej\u00e1lfun eldri barna", "\u00e6finga\u00e1\u00e6tlun", "\u00ed\u00fer\u00f3ttakennsla"]}, "status": "approved by school", "description": "\u00c1fanganum er \u00e6tla\u00f0 a\u00f0 kynna nemandanum \u00fej\u00e1lfun barna \u00e1 aldrinum 10-15 \u00e1ra. Nemandinn skipuleggur og s\u00e9r um \u00e6fingar/hreyfingu hj\u00e1 grunnsk\u00f3lab\u00f6rnum \u00e1 \u00feessum aldri undir handlei\u00f0slu kennara. Nemendur vinna saman \u00ed litlum h\u00f3pum, heims\u00e6kja grunnsk\u00f3lana og eru me\u00f0 kennslu \u00fear. Fari\u00f0 er en frekar yfir hlutverk \u00ed\u00fer\u00f3tta\u00fej\u00e1lfara sem fyrirmynd barna og unglinga og hvernig skuli lei\u00f0beina b\u00f6rnum og unglingum var\u00f0andi t\u00e6kniatri\u00f0i \u00fdmissa \u00ed\u00fer\u00f3ttagreina. Nemandinn n\u00fdtir s\u00e9r uppl\u00fdsingat\u00e6kni vi\u00f0 skipulag \u00fej\u00e1lfunar. Einnig er l\u00f6g\u00f0 \u00e1hersla \u00e1 a\u00f0 nemandinn tileinki s\u00e9r j\u00e1kv\u00e6\u00f0 og uppbyggileg samskipti vi\u00f0 \u00e6fingah\u00f3pa s\u00edna. ", "knowledge_goals": ["kennslu og \u00fej\u00e1lfun barna og unglinga \u00e1 aldrinum 10-15 \u00e1ra", "helstu forsendum \u00e1\u00e6tlanager\u00f0ar \u00ed \u00ed\u00fer\u00f3ttum", "hlutverki \u00ed\u00fer\u00f3tta\u00fej\u00e1lfara sem fyrirmynd barna og unglinga", "helstu reglum \u00feeirra greina sem kenndar eru"], "skills_goals": ["lei\u00f0beina b\u00f6rnum og unglingum \u00ed t\u00e6kniatri\u00f0um \u00fdmissa \u00ed\u00fer\u00f3ttagreina", "kynna n\u00fdja leiki og \u00e6fingar fyrir \u00e6fingah\u00f3p barna og unglinga", "hafa j\u00e1kv\u00e6\u00f0 og \u00f6rvandi samskipti vi\u00f0 \u00e6fingah\u00f3pa s\u00edna"], "credits": 3, "last_modified": 1430387981.084601, "schools": ["512b49bc62933a682f00048a"], "coauthors": null, "instructions": "", "continued_education": false, "level": 3, "prerequisites": "\u00cd\u00deSN3\u00cdY03", "author": "0bc9b589-2a42-4690-ac7e-ec65f804a0e6", "abbreviation_version": null, "competence_goals": [["kenna b\u00f6rnum og unglingum \u00fdmsa leiki og grunn\u00e6fingar \u00ed \u00ed\u00fer\u00f3ttum", ""], ["halda uppi g\u00f3\u00f0um aga og virkni \u00ed s\u00ednum \u00e6fingah\u00f3pi", ""], ["n\u00fdta s\u00e9r uppl\u00fdsingat\u00e6kni vi\u00f0 skipulagningu \u00fej\u00e1lfunar sinna \u00e6fingah\u00f3pa \u00ed samr\u00e1\u00f0i vi\u00f0 \u00ed\u00fer\u00f3ttakennara/\u00fej\u00e1lfara", ""]], "_id": "5541fd0d62933a2b9f000140"}, {"exemplary": null, "topics": "mannau\u00f0sstj\u00f3rnun, markmi\u00f0asetning, pers\u00f3nu\u00fer\u00f3un, verkefnastj\u00f3rnun", "abbreviation": "VI\u00d0S2PM05", "former_schools": null, "subject": "Vi\u00f0skiptagrein", "title": "Stj\u00f3rnun", "version": 3, "status_trans": "Sam\u00feykkt af sk\u00f3la", "embedded_subject": {"abbreviation": "VI\u00d0S", "topics": [{"abbreviation": "MS", "topics": ["kynningarstarf", "marka\u00f0shlutun", "samkeppnisgreining", "s\u00f6lur\u00e1\u00f0ar"]}, {"abbreviation": "PM", "topics": ["mannau\u00f0sstj\u00f3rnun", "markmi\u00f0asetning", "pers\u00f3nu\u00fer\u00f3un", "verkefnastj\u00f3rnun"]}], "_id": "54e202e962933a7a3400090a", "subjects": ["Vi\u00f0skiptagrein"], "counter": {"1": 0, "3": 0, "2": 0, "4": 0}}, "evaluation": "L\u00f6g\u00f0 er \u00e1hersla \u00e1 fj\u00f6lbreytt n\u00e1msmat me\u00f0 lei\u00f0s\u00f6gn. N\u00e1msmati\u00f0 er \u00ed h\u00f6ndum kennara vi\u00f0komandi \u00e1fanga en \u00fearf a\u00f0 fylgja \u00feeim reglum sem kve\u00f0i\u00f0 er \u00e1 um \u00ed sk\u00f3lan\u00e1mskr\u00e1 VMA.", "categorization_suggestion": "AV", "embedded_topics": {"abbreviation": "PM", "topics": ["mannau\u00f0sstj\u00f3rnun", "markmi\u00f0asetning", "pers\u00f3nu\u00fer\u00f3un", "verkefnastj\u00f3rnun"]}, "status": "approved by school", "description": "Vi\u00f0fangsefni \u00e1fangans mi\u00f0a a\u00f0 \u00fev\u00ed a\u00f0 undirb\u00faa nemandann fyrir \u00fe\u00e1ttt\u00f6ku \u00ed f\u00e9lags- og atvinnul\u00edfi. Fari\u00f0 er \u00ed grunnhugt\u00f6k og kenningar \u00ed stj\u00f3rnun. s.s. skipurit, valddreifing, markmi\u00f0asetning og hvatning.  Nemandanum eru kynnt gildi stj\u00f3rnunar og skipulagningar fyrir einstaklinginn, fyrirt\u00e6ki\u00f0 og samf\u00e9lagi\u00f0, hann f\u00e6r inns\u00fdn \u00ed hlutverk, verksvi\u00f0 og \u00e1byrg\u00f0 stj\u00f3rnenda fyrirt\u00e6kja, einkum \u00e1 svi\u00f0i mannau\u00f0sstj\u00f3rnunar.  S\u00e9rst\u00f6k \u00e1hersla er l\u00f6g\u00f0 \u00e1 pers\u00f3nu\u00fer\u00f3un. Nemandinn l\u00e6rir a\u00f0 meta og \u00feekkja kosti s\u00edna og galla, tileinka s\u00e9r verkefna- og t\u00edmastj\u00f3rnun og setja s\u00e9r markmi\u00f0. ", "knowledge_goals": ["kostum s\u00ednum og g\u00f6llum", "hlutverki s\u00ednu \u00ed h\u00f3pavinnu", "mikilv\u00e6gi stj\u00f3rnunar fyrir einstaklinginn, fyrirt\u00e6ki og samf\u00e9lagi\u00f0", "helstu stj\u00f3rnunarkenningum og st\u00edlum", "mikilv\u00e6gi valddreifingar", "mikilv\u00e6gi markmi\u00f0asetningar", "undirgreinum stj\u00f3rnunar", "helstu skipuritum um dreifingu valds og \u00e1byrg\u00f0ar", "grunnatri\u00f0um mannau\u00f0sstj\u00f3rnunar", "verkefnastj\u00f3rnun"], "skills_goals": ["setja s\u00e9r markmi\u00f0", "skipuleggja t\u00edma sinn", "st\u00fdra fundum", "taka starfsmannavi\u00f0t\u00f6l", "skrifa fundager\u00f0ir", "gera sv\u00f3t greiningu", "setja saman einfalda verk\u00e1\u00e6tlun"], "credits": 5, "last_modified": 1424098549.044059, "schools": ["512b49bc62933a682f00048a"], "coauthors": null, "instructions": "", "continued_education": false, "level": 2, "prerequisites": "engar", "author": "0bc9b589-2a42-4690-ac7e-ec65f804a0e6", "abbreviation_version": null, "competence_goals": [["vinna a\u00f0 markmi\u00f0um s\u00ednum", ""], ["fjalla um hlutverk og st\u00f6rf stj\u00f3rnanda me\u00f0 gagnr\u00fdnum augum", ""], ["r\u00f6kr\u00e6\u00f0a helstu stj\u00f3rnunarst\u00edla", ""], ["leysa af hendi starfsmannavi\u00f0t\u00f6l", ""], ["vera \u00e1byrgur fyrir  fundarstj\u00f3rnun", ""], ["meta vandam\u00e1l me\u00f0 ger\u00f0 sv\u00f3t greiningar", ""], ["taka \u00fe\u00e1tt \u00ed skipulagningu \u00e1 verkefni me\u00f0 ger\u00f0 verk\u00e1\u00e6tlunar", ""], ["s\u00fdna skilning \u00e1 hlutverki stj\u00f3rnanda", ""], ["mi\u00f0la \u00feekkingu og reynslu \u00e1 svi\u00f0i stj\u00f3rnunar", ""]], "_id": "54e204f562933a7a34000916"}, {"exemplary": null, "topics": "b\u00f3kmenntasaga, heimildavinna, kynningar, valdir b\u00f3kmenntatextar", "abbreviation": "\u00cdSLE2KB05(AV)", "former_schools": null, "subject": "\u00edslenska", "title": "Straumar og stefnur \u00ed \u00edslenskum b\u00f3kmenntum fr\u00e1 landn\u00e1mi til n\u00fat\u00edmans", "version": 29, "status_trans": "Sam\u00feykkt af sk\u00f3la", "embedded_subject": {"abbreviation": "\u00cdSLE", "topics": [{"abbreviation": "VR", "topics": ["ritun", "vi\u00f0skiptaskj\u00f6l"]}, {"abbreviation": "TM", "topics": ["m\u00e1lskilningur", "tj\u00e1ning"]}, {"abbreviation": "MS", "topics": ["m\u00e1lskilningur", "s\u00e9rdeild"]}, {"abbreviation": "RT", "topics": ["ritun og tj\u00e1ning"]}, {"abbreviation": "LL", "topics": ["leshra\u00f0i", "lesskilningur"]}, {"abbreviation": "MM", "topics": ["m\u00e1lfr\u00e6\u00f0i", "m\u00e1ltilfinning"]}, {"abbreviation": "RG", "topics": ["greinamerkjasetning", "r\u00e9ttritun"]}, {"abbreviation": "SF", "topics": ["fr\u00f3\u00f0leiks\u00f6flun", "samskipti"]}, {"abbreviation": "BK", "topics": ["b\u00f3kmenntir", "kj\u00f6rb\u00f3k"]}, {"abbreviation": "RB", "topics": ["b\u00f3kmenntir", "ritun"]}, {"abbreviation": "BM", "topics": ["b\u00f3kmenntir", "m\u00e1lsaga", "ritun", "tj\u00e1ning"]}, {"abbreviation": "NB", "topics": ["n\u00fat\u00edmab\u00f3kmenntir"]}, {"abbreviation": "BF", "topics": ["b\u00f3kmenntir fyrri alda"]}, {"abbreviation": "SB", "topics": ["menning", "samt\u00edmab\u00f3kmenntir"]}, {"abbreviation": "BB", "topics": ["barnab\u00f3kmenntir"]}, {"abbreviation": "HR", "topics": ["hra\u00f0lestur"]}, {"abbreviation": "YN", "topics": ["yndislestur"]}, {"abbreviation": "ML", "topics": ["leskilningur", "m\u00e1lnotkun", "m\u00e1ltaka", "ritun og tj\u00e1ning"]}, {"abbreviation": "MB", "topics": ["b\u00f3kmenntir og ritun", "m\u00e1lnotkun"]}, {"abbreviation": "MN", "topics": ["b\u00f3kmenntir", "m\u00e1lsaga og nafnasi\u00f0ir"]}, {"abbreviation": "YH", "topics": ["hra\u00f0lestur", "yndislestur"]}, {"abbreviation": "BS", "topics": ["b\u00f3kmenntir s\u00ed\u00f0ari alda"]}, {"abbreviation": "FH", "topics": ["f\u00e9lagsleg m\u00e1lv\u00edsindi", "hlj\u00f3\u00f0fr\u00e6\u00f0i og hlj\u00f3\u00f0kerfisfr\u00e6\u00f0i", "\u00fe\u00fd\u00f0ingar"]}, {"abbreviation": "TB", "topics": ["tj\u00e1skipti barna og fullor\u00f0inna"]}, {"abbreviation": "GL", "topics": ["gl\u00e6pas\u00f6gur"]}, {"abbreviation": "RM", "topics": ["m\u00e1lfr\u00e6\u00f0i", "ritun", "stafsetning"]}, {"abbreviation": "BT", "topics": ["bragfr\u00e6\u00f0i", "setningafr\u00e6\u00f0i", "textar fr\u00e1 \u00fdmsum l\u00f6ndum"]}, {"abbreviation": "MT", "topics": ["m\u00e1lfr\u00e6\u00f0i", "ritun og tj\u00e1ning"]}, {"abbreviation": "BR", "topics": ["b\u00f3kmenntir", "m\u00e1lnotkun", "ritun"]}, {"abbreviation": "MG", "topics": ["b\u00f3kmenntir og ritun", "go\u00f0afr\u00e6\u00f0i", "m\u00e1lsaga"]}, {"abbreviation": "EU", "topics": ["eddukv\u00e6\u00f0i", "uppl\u00fdsing"]}, {"abbreviation": "UK", "topics": ["kreppa", "uppl\u00fdsing"]}, {"abbreviation": "KA", "topics": ["aldam\u00f3t", "kreppa"]}, {"abbreviation": "RN", "topics": ["n\u00fat\u00edmab\u00f3kmenntir", "ritger\u00f0arsm\u00ed\u00f0"]}, {"abbreviation": "KU", "topics": ["kynningarefni", "ums\u00f3knir"]}, {"abbreviation": "RI", "topics": ["ritger\u00f0arsm\u00ed\u00f0", "textar fr\u00e1 \u00fdmsum l\u00f6ndum"]}, {"abbreviation": "BG", "topics": ["b\u00f3kmenntir", "go\u00f0afr\u00e6\u00f0i", "m\u00e1lsaga"]}, {"abbreviation": "FM", "topics": ["fornb\u00f3kmenntir", "m\u00e1lfr\u00e6\u00f0i"]}, {"abbreviation": "BN", "topics": ["b\u00f3kmenntir", "n\u00fat\u00edmi"]}, {"abbreviation": "FO", "topics": ["fornb\u00f3kmenntir"]}, {"abbreviation": "UN", "topics": ["undirb\u00fanings\u00e1fangi \u00ed \u00edslensku"]}, {"abbreviation": "MR", "topics": ["b\u00f3kmenntir", "m\u00e1lnotkun og ritun"]}, {"abbreviation": "ED", "topics": ["eddukv\u00e6\u00f0i og \u00edslendingas\u00f6gur"]}, {"abbreviation": "NJ", "topics": ["fr\u00e1 nj\u00e1lu til n\u00fdr\u00f3mant\u00edkur"]}, {"abbreviation": "\u00d6L", "topics": ["b\u00f3kmenntir \u00e1 20. \u00f6ld"]}, {"abbreviation": "ME", "topics": ["b\u00f3kmenntir"]}, {"abbreviation": "RL", "topics": ["lestur", "ritun og tj\u00e1ning"]}, {"abbreviation": "MI", "topics": ["m\u00e1l og b\u00f3kmenntir fr\u00e1 si\u00f0askiptum til aldam\u00f3tanna 1900"]}, {"abbreviation": "GM", "topics": ["go\u00f0afr\u00e6\u00f0i", "m\u00e1lsaga"]}, {"abbreviation": "GR", "topics": ["grunnur"]}, {"abbreviation": "LR", "topics": ["lestur og ritun"]}, {"abbreviation": "ST", "topics": ["stafsetning"]}, {"abbreviation": "\u00cdS", "topics": ["\u00edslenska"]}, {"abbreviation": "LT", "topics": ["lestur", "m\u00e1lfr\u00e6\u00f0i", "ritun", "stafsetning", "tj\u00e1ning"]}, {"abbreviation": "SR", "topics": ["lestur og tj\u00e1ning", "m\u00e1lfr\u00e6\u00f0i", "ritun", "stafsetning"]}, {"abbreviation": "GO", "topics": ["go\u00f0afr\u00e6\u00f0i", "m\u00e1lnotkun og ritun", "m\u00e1lsaga"]}, {"abbreviation": "NH", "topics": ["b\u00f3kmenntasaga 1900 til samt\u00edmans", "hugtakabeiting", "n\u00fat\u00edmab\u00f3kmenntir"]}, {"abbreviation": "RR", "topics": ["ritger\u00f0asm\u00ed\u00f0", "ritun"]}, {"abbreviation": "LF", "topics": ["b\u00f3kmenntasaga 1550-1900", "l\u00e6rd\u00f3ms\u00f6ld", "rauns\u00e6i"]}, {"abbreviation": "VE", "topics": ["verkefni vali\u00f0 og almenn b\u00f3kmenntafr\u00e6\u00f0i kynnt"]}, {"abbreviation": "MV", "topics": ["m\u00e1lv\u00edsindi"]}, {"abbreviation": "YF", "topics": ["Yndislestur framhald"]}, {"abbreviation": "MH", "topics": ["M\u00e1lsaga og go\u00f0afr\u00e6\u00f0i hra\u00f0fer\u00f0"]}, {"abbreviation": "FF", "topics": ["Fornb\u00f3kmenntir hra\u00f0fer\u00f0"]}, {"abbreviation": "YM", "topics": ["Yndislestur 2"]}, {"abbreviation": "FJ", "topics": ["fj\u00f6lmi\u00f0lal\u00e6si"]}, {"abbreviation": "RV", "topics": ["ritger\u00f0arvinna"]}, {"abbreviation": "LS", "topics": ["- sk\u00e1ldsaga \u00far n\u00fat\u00edma", "lestur og lesskilningur"]}, {"abbreviation": "L\u00cd", "topics": ["lestur og lesskilningur - \u00edslendingas\u00f6gur"]}, {"abbreviation": "LE", "topics": ["lestur og lesskilningur - sk\u00e1lds\u00f6gur 20. aldar"]}, {"abbreviation": "H\u00cd", "topics": ["Hagn\u00fdt \u00edslenska"]}, {"abbreviation": "\u00cdM", "topics": ["\u00edslensk m\u00e1lsaga"]}, {"abbreviation": "KV", "topics": ["b\u00f3kmenntir og kvikmyndir"]}, {"abbreviation": "NG", "topics": ["Norr\u00e6n go\u00f0afr\u00e6\u00f0i"]}, {"abbreviation": "LJ", "topics": ["Lj\u00f3\u00f0"]}, {"abbreviation": "AA", "topics": ["Lestur og ritun"]}, {"abbreviation": "\u00cdC", "topics": ["\u00cdslenska \u00e1 starfsbraut"]}, {"abbreviation": "\u00cdA", "topics": ["\u00cdslenska 1 \u00e1 starfsbraut"]}, {"abbreviation": "\u00cdB", "topics": ["\u00cdslenska 2 \u00e1 starfsbraut"]}, {"abbreviation": "N\u00dd", "topics": ["N\u00fdsk\u00f6pun"]}, {"abbreviation": "AB", "topics": ["B\u00f3kmenntir", "m\u00e1lfr\u00e6\u00f0i og ritun"]}, {"abbreviation": "HI", "topics": ["M\u00e1lnotkun og ritun"]}, {"abbreviation": "TR", "topics": ["M\u00e1lnotun og ritun"]}, {"abbreviation": "TL", "topics": ["L\u00e6si", "ritun", "tj\u00e1ning"]}, {"abbreviation": "OH", "topics": ["hlustun", "or\u00f0afor\u00f0i", "talm\u00e1l og ritun"]}, {"abbreviation": "ES", "topics": ["Eddukv\u00e6\u00f0i til si\u00f0askipta"]}, {"abbreviation": "NA", "topics": ["N\u00fdr\u00f3mant\u00edk til aldam\u00f3ta"]}, {"abbreviation": "SN", "topics": ["Si\u00f0askipti til n\u00fdr\u00f3mant\u00edkur"]}, {"abbreviation": "YL", "topics": ["Yndislestur"]}, {"abbreviation": "SS", "topics": ["Stafsetning"]}, {"abbreviation": "BU", "topics": ["Barna- og unglingab\u00f3kmenntir"]}, {"abbreviation": "SK", "topics": ["sk\u00e1lds\u00f6gur"]}, {"abbreviation": "B\u00d3", "topics": ["B\u00f3kmenntir og tungum\u00e1l fr\u00e1 landn\u00e1mi til si\u00f0askipta"]}, {"abbreviation": "M\u00c1", "topics": ["M\u00e1l- og menningarsaga"]}, {"abbreviation": "NF", "topics": ["N\u00fdsk\u00f6punarferli\u00f0: \u00fe\u00f6rf", "afur\u00f0", "lausn"]}, {"abbreviation": "A\u00cd", "topics": ["Almenn \u00edslenska \u00e1 1 \u00ferepi"]}, {"abbreviation": "AM", "topics": ["almenn m\u00e1lnotkun", "b\u00f3kmenntir", "ritun"]}, {"abbreviation": "RS", "topics": ["Skapandi skrif"]}, {"abbreviation": "SP", "topics": ["Spennus\u00f6gur"]}, {"abbreviation": "\u00cdD", "topics": ["\u00cdslenska \u00e1 starfsbraut 4"]}, {"abbreviation": "\u00cdE", "topics": ["\u00cdslenska 5 \u00e1 starfsbraut"]}, {"abbreviation": "SM", "topics": ["Sk\u00e1lds\u00f6gur"]}, {"abbreviation": "M\u00de", "topics": ["\u00cdSLE"]}, {"abbreviation": "SA", "topics": ["Sk\u00f6pun \u00ed v\u00ed\u00f0u samhengi"]}, {"abbreviation": "SJ", "topics": ["L\u00e6si", "b\u00f3kmenntir", "hugtakaskilningur", "m\u00e1lfr\u00e6\u00f0i", "sj\u00e1lfb\u00e6rni og ritun"]}, {"abbreviation": "LM", "topics": ["L\u00e6si", "l\u00fd\u00f0r\u00e6\u00f0i", "mannr\u00e9ttindi og b\u00f3kmenntir"]}, {"abbreviation": "JR", "topics": ["L\u00e6si", "b\u00f3kmenntir og ritun", "jafnr\u00e9tti"]}, {"abbreviation": "HV", "topics": ["L\u00e6si", "heilbrig\u00f0i", "velfer\u00f0 og b\u00f3kmenntir"]}, {"abbreviation": "DB", "topics": ["Sk\u00f3labla\u00f0"]}, {"abbreviation": "\u00c6F", "topics": ["Go\u00f0s\u00f6gur", "fantas\u00edur", "\u00e6vint\u00fdri"]}, {"abbreviation": "VM", "topics": ["Verkefna\u00e1fangi \u00ed m\u00e1lv\u00edsindum"]}, {"abbreviation": "VB", "topics": ["Verkefna\u00e1fangi \u00ed b\u00f3kmenntum"]}, {"abbreviation": "SW", "topics": ["Stafsetning og ritun"]}, {"abbreviation": "MF", "topics": ["M\u00e1lfr\u00e6\u00f0i"]}, {"abbreviation": "SG", "topics": ["B\u00f3kmenntir", "setningafr\u00e6\u00f0i og go\u00f0afr\u00e6\u00f0i"]}, {"abbreviation": "OF", "topics": ["frambur\u00f0ur", "lestrarf\u00e6rni", "or\u00f0afor\u00f0i"]}, {"abbreviation": "CA", "topics": ["B\u00f3kmenntir fram til 1550"]}, {"abbreviation": "BH", "topics": ["Go\u00f0afr\u00e6\u00f0i", "m\u00e1lsaga og ritger\u00f0asm\u00ed\u00f0"]}, {"abbreviation": "DD", "topics": ["B\u00f3kmenntir og b\u00f3kmenntasaga", "einkum 1550-1900."]}, {"abbreviation": "CH", "topics": ["\u00cdslenska 3. Hra\u00f0fer\u00f0"]}, {"abbreviation": "EE", "topics": ["B\u00f3kmenntir og b\u00f3kmenntasaga eftir 1900."]}, {"abbreviation": "HL", "topics": ["M\u00e1lsaga og hlj\u00f3\u00f0fr\u00e6\u00f0i"]}, {"abbreviation": "CB", "topics": ["heimsb\u00f3kmenntir"]}, {"abbreviation": "AL", "topics": ["Almenn m\u00e1lnotkun og l\u00e6si"]}, {"abbreviation": "GF", "topics": ["Go\u00f0afr\u00e6\u00f0i og fornb\u00f3kmenntir"]}, {"abbreviation": "TE", "topics": ["Ritun og textagreining"]}, {"abbreviation": "MA", "topics": ["Menningararfur \u00ed n\u00fat\u00edmanum"]}, {"abbreviation": "S\u00c1", "topics": ["Skrefa\u00f0", "skrifa\u00f0 og skrafa\u00f0 um n\u00e6rsamf\u00e9lagi\u00f0/\u00e1tthagana."]}, {"abbreviation": "NM", "topics": ["fr\u00e1 n\u00fdr\u00f3mant\u00edk til m\u00f3dernisma"]}, {"abbreviation": "HM", "topics": ["Heimildir og m\u00e1lnotkun"]}, {"abbreviation": "M\u00c6", "topics": ["Menningarl\u00e6si"]}, {"abbreviation": "CK", "topics": ["\u00edslenskar kvikmyndir"]}, {"abbreviation": "CL", "topics": ["Leikh\u00fas og leikb\u00f3kmenntir"]}, {"abbreviation": "DL", "topics": ["Leikh\u00fas og leikb\u00f3kmenntir."]}, {"abbreviation": "CN", "topics": ["\u00derj\u00fa verk Halld\u00f3rs Laxness."]}, {"abbreviation": "HB", "topics": ["B\u00f3kmenntir", "heimildaritger\u00f0", "m\u00e1lsaga"]}, {"abbreviation": "CU", "topics": ["Barnab\u00f3kmenntir."]}, {"abbreviation": "CP", "topics": ["Textager\u00f0 og ritstj\u00f3rn"]}, {"abbreviation": "CY", "topics": ["Yndislestur I"]}, {"abbreviation": "DY", "topics": ["Yndislestur II"]}, {"abbreviation": "RH", "topics": ["\u00darvinnsla heimilda og ritun"]}, {"abbreviation": "B\u00cd", "topics": ["B\u00f3kmenntasaga", "\u00cdslendingasaga og forn kve\u00f0skapur"]}, {"abbreviation": "BL", "topics": ["B\u00f3kmenntasaga", "leikritalestur", "lj\u00f3\u00f0alestur", "n\u00fat\u00edmab\u00f3kmenntir"]}, {"abbreviation": "RF", "topics": ["Ritger\u00f0arskrif", "go\u00f0afr\u00e6\u00f0i og m\u00e1lsaga"]}, {"abbreviation": "KM", "topics": ["b\u00f3kmenntir", "kv\u00e6\u00f0i", "lj\u00f3\u00f0", "m\u00e1lnotkun", "ritun"]}, {"abbreviation": "SL", "topics": ["Ritlist"]}, {"abbreviation": "RO", "topics": ["lestur", "m\u00e1lnotkun", "or\u00f0afor\u00f0i", "ritun"]}, {"abbreviation": "LB", "topics": ["b\u00f3kmenntir", "l\u00e6si", "ritun", "stafsetning"]}, {"abbreviation": "FL", "topics": ["frams\u00f6gn", "lestur", "margv\u00edsleg ritun", "or\u00f0afor\u00f0i"]}, {"abbreviation": "HS", "topics": ["heimildavinna", "m\u00e1lnotkun", "ritun", "setningafr\u00e6\u00f0i"]}, {"abbreviation": "KB", "topics": ["b\u00f3kmenntasaga", "heimildavinna", "kynningar", "valdir b\u00f3kmenntatextar"]}], "_id": "50c0a02dd8e40575f7f6f4a2", "subjects": ["\u00edslenska"], "counter": {"1": 39, "3": 39, "2": 27, "4": 2}}, "evaluation": "L\u00f6g\u00f0 er \u00e1hersla \u00e1 fj\u00f6lbreytt n\u00e1msmat me\u00f0 lei\u00f0s\u00f6gn. N\u00e1msmati\u00f0 er \u00ed h\u00f6ndum kennara vi\u00f0komandi \u00e1fanga en \u00fearf a\u00f0 fylgja \u00feeim reglum sem kve\u00f0i\u00f0 er \u00e1 um \u00ed sk\u00f3lan\u00e1mskr\u00e1 VMA.", "categorization_suggestion": "AV", "embedded_topics": {"abbreviation": "KB", "topics": ["b\u00f3kmenntasaga", "heimildavinna", "kynningar", "valdir b\u00f3kmenntatextar"]}, "status": "approved by school", "description": "\u00cd \u00feessum \u00e1fanga er fjalla\u00f0 um upphaf og s\u00f6gu \u00edslenskrar ritmenningar og \u00fer\u00f3un hennar fram til n\u00fat\u00edmans. Fjalla\u00f0 ver\u00f0ur um \u00edslenska b\u00f3kmenntas\u00f6gu og hin \u00fdmsu t\u00edmabil hennar. Lesnir ver\u00f0a valdir b\u00f3kmenntatextar fr\u00e1 umr\u00e6ddum t\u00edmabilum, unni\u00f0 me\u00f0 \u00fe\u00e1 me\u00f0 \u00fdmsu m\u00f3ti og leitast vi\u00f0 a\u00f0 setja \u00edslenskar b\u00f3kmenntir \u00ed samhengi vi\u00f0 evr\u00f3pskar b\u00f3kmenntir og menningu. Nemendur ver\u00f0a jafnframt \u00fej\u00e1lfa\u00f0ir \u00ed notkun b\u00f3kmenntahugtaka og heimildavinnu.   \u00c1hersla l\u00f6g\u00f0 \u00e1 fj\u00f6lbreytt og skapandi verkefni sem nemendur vinna \u00fdmist hver fyrir sig e\u00f0a me\u00f0 \u00f6\u00f0rum og reyna \u00e1 sj\u00e1lfst\u00e6\u00f0 vinnubr\u00f6g\u00f0 og h\u00e6fni nemenda, auka v\u00ed\u00f0s\u00fdni og gagnr\u00fdna hugsun. Vi\u00f0fangsefni tengd vi\u00f0 menningarvi\u00f0bur\u00f0i \u00ed n\u00e6rsamf\u00e9laginu eftir \u00fev\u00ed sem f\u00e6ri gefst.", "knowledge_goals": ["upphafi \u00edslenskrar ritmenningar", "\u00edslenskri b\u00f3kmenntas\u00f6gu fr\u00e1 landn\u00e1mi til n\u00fat\u00edmans", "mismunandi tegundum b\u00f3kmennta", "nokkrum lykilverkum \u00edslenskra b\u00f3kmennta", "tengslum \u00edslenskra b\u00f3kmennta vi\u00f0 evr\u00f3pska menningu", "grunnhugt\u00f6kum \u00ed b\u00f3kmenntafr\u00e6\u00f0i", "notkun hj\u00e1lpargagna og heimilda og mati \u00e1 gildi heimilda"], "skills_goals": ["lesa b\u00f3kmenntatexta fr\u00e1 \u00fdmsum t\u00edmum s\u00e9r til gagns", "greina b\u00f3kmenntatexta fr\u00e1 \u00fdmsum t\u00edmum og fjalla um inntak \u00feeirra \u00e1 skapandi h\u00e1tt", "beita algengum st\u00edlbr\u00f6g\u00f0um \u00ed tal- og ritm\u00e1li", "nota heimildir og hj\u00e1lparg\u00f6gn me\u00f0 markvissum h\u00e6tti", "flytja af \u00f6ryggi l\u00fdsingar og kynningar \u00e1 verkefnum s\u00ednum, hver fyrir sig og me\u00f0 \u00f6\u00f0rum", "nota heimildir af \u00fdmsu tagi og geta fl\u00e9tta\u00f0 efni \u00feeirra saman vi\u00f0 eigin vi\u00f0horf og \u00e1lyktanir \u00e1 hei\u00f0arlegan h\u00e1tt"], "credits": 5, "last_modified": 1423835807.498249, "schools": ["512b49bc62933a682f00048a"], "coauthors": null, "instructions": "", "continued_education": false, "level": 2, "prerequisites": "\u00cdSLE1FL05 e\u00f0a  fulln\u00e6gjandi \u00e1rangur \u00far grunnsk\u00f3la a\u00f0 mati sk\u00f3lans .", "author": "0bc9b589-2a42-4690-ac7e-ec65f804a0e6", "abbreviation_version": null, "competence_goals": [["taka \u00fe\u00e1tt \u00ed m\u00e1lefnalegum umr\u00e6\u00f0um \u00ed tengslum vi\u00f0 verkefnavinnu og -skil, tj\u00e1 afst\u00f6\u00f0u s\u00edna og efasemdir um efni\u00f0 og komast a\u00f0 r\u00f6kstuddri ni\u00f0urst\u00f6\u00f0u", ""], ["t\u00falka texta \u00fe\u00f3tt merkingin liggi ekki \u00e1 yfirbor\u00f0inu", ""], ["beita sk\u00fdru, v\u00f6ndu\u00f0u og bl\u00e6brig\u00f0ar\u00edku m\u00e1li \u00ed r\u00e6\u00f0u og riti", ""], ["vinna skapandi verkefni \u00ed tengslum vi\u00f0 n\u00e1msefni\u00f0", ""]], "_id": "54de029f62933a7a340003ca"}, {"exemplary": null, "topics": "gagnr\u00fdnin hugsun, or\u00f0afor\u00f0i v\u00edsinda, ritun, tj\u00e1ning", "abbreviation": "ENSK3VG05", "former_schools": null, "subject": "enska", "title": "V\u00edsindaenska", "version": 30, "status_trans": "Sam\u00feykkt af sk\u00f3la", "embedded_subject": {"abbreviation": "ENSK", "topics": [{"abbreviation": "GS", "topics": ["grunnatri\u00f0i", "samt\u00f6l"]}, {"abbreviation": "OO", "topics": ["or\u00f0ab\u00f3k", "or\u00f0afor\u00f0i"]}, {"abbreviation": "MM", "topics": ["myndas\u00f6gur", "myndb\u00f6nd"]}, {"abbreviation": "TL", "topics": ["lagatextar", "t\u00f3nlist"]}, {"abbreviation": "FR", "topics": ["ferilsverkefni", "ritunarverkefni"]}, {"abbreviation": "TS", "topics": ["myndm\u00e1l", "ritger\u00f0", "st\u00edlar", "textar"]}, {"abbreviation": "RH", "topics": ["hlustun", "m\u00e1lnotkun", "undirst\u00f6\u00f0uatri\u00f0i \u00ed ritun"]}, {"abbreviation": "SM", "topics": ["m\u00fas\u00edk og myndir 1950-70", "s\u00f6gur"]}, {"abbreviation": "BR", "topics": ["bretland"]}, {"abbreviation": "K\u00c1", "topics": ["kanada", "\u00e1stral\u00eda og n\u00fdja sj\u00e1land"]}, {"abbreviation": "SB", "topics": ["shakespeare og 19. \u00f6ldin \u00ed b\u00f3kmenntum"]}, {"abbreviation": "B\u00d3", "topics": ["b\u00f3kmenntir 20. aldar"]}, {"abbreviation": "KV", "topics": ["kvikmynda\u00e1fangi"]}, {"abbreviation": "AB", "topics": ["afr\u00edsk-amer\u00edskar b\u00f3kmenntir"]}, {"abbreviation": "U\u00c1", "topics": ["undirb\u00faningur", "\u00e1fangi"]}, {"abbreviation": "MT", "topics": ["m\u00e1lfr\u00e6\u00f0i", "tj\u00e1ning"]}, {"abbreviation": "MS", "topics": ["menning", "skapandi skrif"]}, {"abbreviation": "KR", "topics": ["kvikmyndir", "ritun"]}, {"abbreviation": "HR", "topics": ["heimildavinna", "ritger\u00f0ir"]}, {"abbreviation": "FF", "topics": ["fagm\u00e1l", "f\u00e9lagsv\u00edsinda"]}, {"abbreviation": "VE", "topics": ["enska", "vi\u00f0skipta"]}, {"abbreviation": "RE", "topics": ["enska", "raungreinar"]}, {"abbreviation": "BM", "topics": ["b\u00f3kmenntir", "m\u00e1lsaga"]}, {"abbreviation": "LB", "topics": ["b\u00f3kmenntir", "leik"]}, {"abbreviation": "UP", "topics": ["pr\u00f3f", "undirb\u00faningur"]}, {"abbreviation": "EN", "topics": ["enska fyrir fer\u00f0agreinar"]}, {"abbreviation": "FE", "topics": ["enska fyrir fer\u00f0a\u00fej\u00f3nustu"]}, {"abbreviation": "ST", "topics": ["evr\u00f3pski tungum\u00e1laramminn", "stig b1-b2"]}, {"abbreviation": "SE", "topics": ["evr\u00f3pski tungum\u00e1laramminn", "stig b2"]}, {"abbreviation": "ES", "topics": ["evr\u00f3pski tungum\u00e1laramminn", "stig b2-c1"]}, {"abbreviation": "EV", "topics": ["evr\u00f3pski tungum\u00e1laramminn", "stig c1"]}, {"abbreviation": "BF", "topics": ["b2", "evr\u00f3pski tungum\u00e1laramminn", "fer\u00f0a\u00fej\u00f3nuta"]}, {"abbreviation": "FH", "topics": ["evr\u00f3pski tungum\u00e1laramminn", "framhald", "stig c1"]}, {"abbreviation": "GR", "topics": ["grunn\u00e1fangi"]}, {"abbreviation": "FG", "topics": ["enska fyrir matv\u00e6lagreinar"]}, {"abbreviation": "LS", "topics": ["lestur", "m\u00e1lfr\u00e6\u00f0i", "or\u00f0afor\u00f0i", "skilningur"]}, {"abbreviation": "LT", "topics": ["lestur", "or\u00f0afor\u00f0i", "talm\u00e1l"]}, {"abbreviation": "BL", "topics": ["b\u00f3kmenntir", "lesskilningur", "ritun"]}, {"abbreviation": "BS", "topics": ["b\u00f3kmenntir", "menning", "saga"]}, {"abbreviation": "HA", "topics": ["hagn\u00fdtur or\u00f0afor\u00f0i. l\u00e6si \u00e1 fl\u00f3knari texta."]}, {"abbreviation": "OF", "topics": ["grunnor\u00f0afor\u00f0i fr\u00e6\u00f0a og v\u00edsinda.. menningarheimur nor\u00f0ur amer\u00edku"]}, {"abbreviation": "UN", "topics": ["undirb\u00fanings\u00e1fangi \u00ed ensku"]}, {"abbreviation": "LM", "topics": ["lestur og menning", "tj\u00e1ning"]}, {"abbreviation": "TM", "topics": ["menning", "tj\u00e1ning og skapandi skrif"]}, {"abbreviation": "MB", "topics": ["b\u00f3kmenntir", "menning og ritun"]}, {"abbreviation": "EX", "topics": ["extensive vocabulary and expression"]}, {"abbreviation": "ML", "topics": ["m\u00e1lnotkun og l\u00e6si"]}, {"abbreviation": "AA", "topics": ["akadem\u00edskur or\u00f0afor\u00f0i", "fj\u00f6lbreyttir textar", "fyrsti \u00e1fangi \u00ed ensku."]}, {"abbreviation": "YN", "topics": ["yndislestur"]}, {"abbreviation": "BB", "topics": ["akadem\u00edskur or\u00f0afor\u00f0i", "annar \u00e1fangi \u00ed ensku.", "fj\u00f6lbreyttir textar"]}, {"abbreviation": "FA", "topics": ["fagor\u00f0afor\u00f0i"]}, {"abbreviation": "AH", "topics": ["akadem\u00edskur or\u00f0afor\u00f0i", "fj\u00f6lbreyttir textar. hra\u00f0fer\u00f0 \u00ed ensku."]}, {"abbreviation": "BH", "topics": ["akadem\u00edskur or\u00f0afor\u00f0i", "fj\u00f6lbreyttir textar. \u00f6nnur hra\u00f0fer\u00f0 \u00ed ensku."]}, {"abbreviation": "EE", "topics": ["b\u00f3kmenntir", "fj\u00f6lmi\u00f0latextar."]}, {"abbreviation": "LR", "topics": ["lestur", "ritun", "tj\u00e1ning og hlustun"]}, {"abbreviation": "DD", "topics": ["b\u00f3kmenntir"]}, {"abbreviation": "M\u00c1", "topics": ["m\u00e1lfr\u00e6\u00f0i a"]}, {"abbreviation": "CC", "topics": ["b\u00f3kmenntir", "krefjandi or\u00f0afor\u00f0i", "ritun"]}, {"abbreviation": "CH", "topics": ["krefjandi or\u00f0afor\u00f0i"]}, {"abbreviation": "L\u00c9", "topics": ["l\u00e9ttlestur"]}, {"abbreviation": "OH", "topics": ["hlustun", "or\u00f0afor\u00f0i", "talm\u00e1l og ritun"]}, {"abbreviation": "LO", "topics": ["lesskilningur", "m\u00e1lfr\u00e6\u00f0i", "or\u00f0afor\u00f0i"]}, {"abbreviation": "MO", "topics": ["m\u00e1lfr\u00e6\u00f0i", "or\u00f0afor\u00f0i", "stig b1 \u00ed evr\u00f3pska tungum\u00e1larammanum"]}, {"abbreviation": "OB", "topics": ["b\u00f3kmenntir", "or\u00f0afor\u00f0i", "stig b2 \u00ed evr\u00f3pska tungum\u00e1larammanum"]}, {"abbreviation": "RB", "topics": ["b\u00f3kmenntir", "ritun"]}, {"abbreviation": "RL", "topics": ["lestur", "m\u00e1lfr\u00e6\u00f0i", "ritun og or\u00f0afor\u00f0i"]}, {"abbreviation": "SG", "topics": ["Lestur", "m\u00e1lfr\u00e6\u00f0i", "or\u00f0afor\u00f0i", "ritun", "tal"]}, {"abbreviation": "RM", "topics": ["Ritun", "b\u00f3kmenntir", "m\u00e1lnotkun"]}, {"abbreviation": "RO", "topics": ["Ritun", "b\u00f3kmenntir", "menning", "or\u00f0afor\u00f0i"]}, {"abbreviation": "SR", "topics": ["Menning", "akadem\u00edskur or\u00f0afor\u00f0i", "ritun", "saga"]}, {"abbreviation": "AE", "topics": ["Almenn akadem\u00edsk enska", "b\u00f3kmenntir", "ritun"]}, {"abbreviation": "SA", "topics": ["S\u00e9rh\u00e6f\u00f0 akadem\u00edsk enska", "b\u00f3kmenntir", "ritun"]}, {"abbreviation": "VR", "topics": ["V\u00edsindaor\u00f0afor\u00f0i", "raungreinar"]}, {"abbreviation": "VH", "topics": ["Vi\u00f0skipti", "erlend samskipti og vi\u00f0skiptah\u00e6ttir"]}, {"abbreviation": "AK", "topics": ["Kennsla", "a\u00f0sto\u00f0 vi\u00f0 nemendur", "ger\u00f0 kennsluefnis"]}, {"abbreviation": "DF", "topics": ["Kvikmyndir. Film Course."]}, {"abbreviation": "SK", "topics": ["enska fyrir fer\u00f0a\u00fej\u00f3nustu", "skapandi skrif"]}, {"abbreviation": "FT", "topics": ["lestur fr\u00e6\u00f0ilegra texta"]}, {"abbreviation": "VT", "topics": ["Lestur enskra vi\u00f0skiptatexta"]}, {"abbreviation": "RT", "topics": ["Lestur enskra raunv\u00edsindatexta"]}, {"abbreviation": "\u00cdT", "topics": ["Lestur \u00ed\u00fer\u00f3ttafr\u00e6\u00f0ilegra texta"]}, {"abbreviation": "TO", "topics": ["Tolkien"]}, {"abbreviation": "RI", "topics": ["Ritun"]}, {"abbreviation": "HL", "topics": ["Hlustun"]}, {"abbreviation": "UE", "topics": ["Undirb\u00fanings\u00e1fangi \u00ed ensku"]}, {"abbreviation": "UH", "topics": ["Undirb\u00faningur fyrir h\u00e1sk\u00f3lan\u00e1m"]}, {"abbreviation": "TJ", "topics": ["Tj\u00e1ning"]}, {"abbreviation": "OM", "topics": ["Or\u00f0afor\u00f0i", "m\u00e1lfr\u00e6\u00f0i", "m\u00e1lnotkun"]}, {"abbreviation": "TF", "topics": ["tj\u00e1ning og m\u00e1lnotkun"]}, {"abbreviation": "AM", "topics": ["Fr\u00e6\u00f0ilegur or\u00f0afor\u00f0i og Bandar\u00edkin"]}, {"abbreviation": "UK", "topics": ["Fr\u00e6\u00f0ilegur or\u00f0afor\u00f0i og Bretland"]}, {"abbreviation": "AC", "topics": ["Akadem\u00edskur or\u00f0afor\u00f0i og rauntextar"]}, {"abbreviation": "SL", "topics": ["Lestur", "menning og skrif"]}, {"abbreviation": "KK", "topics": ["Kvikmyndir og kynning"]}, {"abbreviation": "BA", "topics": ["L\u00fdsing: B\u00f3kmenntir 19. og 20.", "skrif og r\u00e6\u00f0uger\u00f0"]}, {"abbreviation": "OT", "topics": ["Or\u00f0afor\u00f0i", "ritun", "tj\u00e1ning"]}, {"abbreviation": "VM", "topics": ["V\u00edsindi og menning"]}, {"abbreviation": "BT", "topics": ["Bandar\u00edskt \u00fej\u00f3\u00f0f\u00e9lag og menning"]}, {"abbreviation": "MR", "topics": ["M\u00e1lfr\u00e6\u00f0i og ritun"]}, {"abbreviation": "LH", "topics": ["L\u00e6si \u00e1 fl\u00f3knari texta", "hagn\u00fdtur fj\u00f6lbreyttur or\u00f0afor\u00f0i"]}, {"abbreviation": "KB", "topics": ["Kvikmyndir", "b\u00f3kmenntir"]}, {"abbreviation": "OL", "topics": ["Lestur", "Menning", "M\u00e1lfr\u00e6\u00f0i", "Or\u00f0afor\u00f0i", "Ritun", "Tal"]}, {"abbreviation": "CL", "topics": ["Chic Literature and Women in Today\u2018s Society"]}, {"abbreviation": "CW", "topics": ["Creative Writing"]}, {"abbreviation": "OR", "topics": ["B\u00f3kmenntir (fj\u00f6lbreyttir textar)", "menning", "or\u00f0afor\u00f0i", "ranns\u00f3knir og ritun"]}, {"abbreviation": "OG", "topics": ["B\u00f3kmenntir", "lj\u00f3\u00f0agreining", "or\u00f0afor\u00f0i", "ritger\u00f0asm\u00ed\u00f0i og heimildavinna"]}, {"abbreviation": "BY", "topics": ["Lestur", "m\u00e1lfr\u00e6\u00f0i og m\u00e1lnotkun (byrjunar\u00e1fangi \u00ed ensku)", "ritun"]}, {"abbreviation": "DM", "topics": ["Enska Daglegt m\u00e1l"]}, {"abbreviation": "B\u00c1", "topics": ["b\u00f3kmenntir", "ritun", "tj\u00e1ning"]}, {"abbreviation": "HE", "topics": ["Hagn\u00fdt enska", "starfsbraut"]}, {"abbreviation": "RR", "topics": ["Enska \u00ed r\u00e6\u00f0u og riti"]}, {"abbreviation": "HO", "topics": ["Hagn\u00fdtur or\u00f0afor\u00f0i", "c1"]}, {"abbreviation": "FO", "topics": ["Fagor\u00f0afor\u00f0i og fer\u00f0am\u00e1l"]}, {"abbreviation": "EG", "topics": ["Enska 2 \u00e1 starfsbraut"]}, {"abbreviation": "SO", "topics": ["s\u00e9rh\u00e6f\u00f0ur or\u00f0afor\u00f0i"]}, {"abbreviation": "TR", "topics": ["Tj\u00e1ning", "or\u00f0afor\u00f0i", "ritun"]}, {"abbreviation": "\u00deS", "topics": ["\u00dej\u00f3nustust\u00f6rf"]}, {"abbreviation": "SF", "topics": ["Sagnfr\u00e6\u00f0i"]}, {"abbreviation": "T\u00d6", "topics": ["T\u00f6lvuleikir"]}, {"abbreviation": "JM", "topics": ["Fr\u00e1 hugmynd til \u00fatg\u00e1fu"]}, {"abbreviation": "MH", "topics": ["S\u00e9rh\u00e6f\u00f0 enska \u00ed myndlist og h\u00f6nnun"]}, {"abbreviation": "BO", "topics": ["B\u00f3kmenntir", "m\u00e1lfr\u00e6\u00f0i", "or\u00f0afor\u00f0i"]}, {"abbreviation": "VO", "topics": ["V\u00edsindatengdur or\u00f0afor\u00f0i"]}, {"abbreviation": "MV", "topics": ["M\u00e1lnotkun", "b\u00f3kmenntir", "vi\u00f0skipti"]}, {"abbreviation": "SV", "topics": ["m\u00e1lnotkun", "samf\u00e9lag", "vi\u00f0skipti"]}, {"abbreviation": "VI", "topics": ["m\u00e1lskilningur", "ritun", "vi\u00f0skiptaenska"]}, {"abbreviation": "EM", "topics": ["bresk menning", "b\u00f3kmenntir", "m\u00e1l"]}, {"abbreviation": "NV", "topics": ["v\u00edsindaenska"]}, {"abbreviation": "YL", "topics": ["Yndislestur"]}, {"abbreviation": "EH", "topics": ["Enska fyrir heilbrig\u00f0isgreinar"]}, {"abbreviation": "DK", "topics": ["ENSKA"]}, {"abbreviation": "DG", "topics": ["Enskar myndas\u00f6gur"]}, {"abbreviation": "DV", "topics": ["or\u00f0afor\u00f0i"]}, {"abbreviation": "DY", "topics": ["Yndislestur \u00ed ensku"]}, {"abbreviation": "EY", "topics": ["Yndislestur 2 \u00e1 ensku"]}, {"abbreviation": "HB", "topics": ["B\u00f3kmenntir og fr\u00e6\u00f0ilegir textar \u00ed hugv\u00edsindum"]}, {"abbreviation": "MK", "topics": ["b\u00f3kmenntir", "kvikmyndir", "menning", "m\u00e1lnotkun"]}, {"abbreviation": "VG", "topics": ["gagnr\u00fdnin hugsun", "or\u00f0afor\u00f0i v\u00edsinda", "ritun", "tj\u00e1ning"]}], "_id": "50c0a02dd8e40575f7f6f488", "subjects": ["enska"], "counter": {"1": 21, "3": 24, "2": 32, "4": 1}}, "evaluation": "L\u00f6g\u00f0 er \u00e1hersla \u00e1 fj\u00f6lbreytt n\u00e1msmat me\u00f0 lei\u00f0s\u00f6gn. N\u00e1msmati\u00f0 er \u00ed h\u00f6ndum kennara vi\u00f0komandi \u00e1fanga en \u00fearf a\u00f0 fylgja \u00feeim reglum sem kve\u00f0i\u00f0 er \u00e1 um \u00ed sk\u00f3lan\u00e1mskr\u00e1 VMA.", "categorization_suggestion": "AV", "embedded_topics": {"abbreviation": "VG", "topics": ["gagnr\u00fdnin hugsun", "or\u00f0afor\u00f0i v\u00edsinda", "ritun", "tj\u00e1ning"]}, "status": "approved by school", "description": "N\u00e1mi\u00f0 mi\u00f0ar a\u00f0 \u00fev\u00ed a\u00f0 nemendinn auki f\u00e6rni s\u00edna \u00ed enskri tungu og b\u00e6ti b\u00e6\u00f0i v\u00edsindaor\u00f0afor\u00f0a og almennan or\u00f0afor\u00f0a svo og m\u00e1lskilning. Nemandinn er \u00fej\u00e1lfa\u00f0ur \u00ed ritun me\u00f0 \u00fdmsum verkefnum sem tengjast v\u00edsindum. Einnig er nemandinn \u00fej\u00e1lfa\u00f0ur \u00ed t\u00f6lu\u00f0u m\u00e1li, b\u00e6\u00f0i me\u00f0 umr\u00e6\u00f0um og formlegum fyrirlestrum.  Fjalla\u00f0 er um si\u00f0fer\u00f0ileg \u00e1litam\u00e1l v\u00edsinda og samf\u00e9lagslega \u00e1byrg\u00f0.", "knowledge_goals": ["enskum or\u00f0afor\u00f0a og hugt\u00f6kum sem tengjast v\u00edsindum", "or\u00f0afor\u00f0a sem gerir honum kleift a\u00f0 tileinka s\u00e9r me\u00f0 g\u00f3\u00f0u m\u00f3ti lesefni \u00ed \u00e1framhaldandi n\u00e1mi e\u00f0a starfi", "si\u00f0fr\u00e6\u00f0i v\u00edsinda, til d\u00e6mis \u00ed umhverfism\u00e1lum, og samf\u00e9lagslegri \u00e1byrg\u00f0", "mismunandi m\u00e1lsni\u00f0i enskrar tungu"], "skills_goals": ["lesa s\u00e9r til gagns fr\u00e6\u00f0ilegar greinar um efni tengd v\u00edsindum", "skilja tala\u00f0 m\u00e1l sem fjallar um v\u00edsindi, til d\u00e6mis fyrirlestra", "taka virkan \u00fe\u00e1tt \u00ed samr\u00e6\u00f0um um v\u00edsindaleg m\u00e1lefni", "tj\u00e1 sig munnlega, b\u00e6\u00f0i formlega og \u00f3formlega, um efni sem tengjast v\u00edsindum sem hann hefur kynnt s\u00e9r og undirb\u00fai\u00f0", "skrifa og skilja \u00fdmiss konar texta sem tengist v\u00edsindum, me\u00f0al annars \u00fatdr\u00e6tti, sk\u00fdrslur og ranns\u00f3knarritger\u00f0ir", "beita m\u00e1linu \u00ed mismunandi tilgangi, fr\u00e6\u00f0ilegum og pers\u00f3nulegum, me\u00f0 st\u00edlbrig\u00f0um og m\u00e1lsni\u00f0i sem vi\u00f0 \u00e1 og m\u00e6tir h\u00e6fnivi\u00f0mi\u00f0um \u00ferepsins"], "credits": 5, "last_modified": 1423821893.185006, "schools": ["512b49bc62933a682f00048a"], "coauthors": null, "instructions": "", "continued_education": false, "level": 3, "prerequisites": "10 einingar \u00e1 2. \u00ferepi", "author": "0bc9b589-2a42-4690-ac7e-ec65f804a0e6", "abbreviation_version": null, "competence_goals": [["skilja megininntak erinda og r\u00f6kr\u00e6\u00f0na sem fjalla\u00f0 er um \u00ed \u00e1fanganum", ""], ["tileinka s\u00e9r efni rita\u00f0s texta sem tengist v\u00edsindum og n\u00fdta \u00e1 mismunandi h\u00e1tt", ""], ["taka \u00fe\u00e1tt \u00ed umr\u00e6\u00f0um og f\u00e6ra r\u00f6k fyrir m\u00e1li s\u00ednu um v\u00edsindaleg m\u00e1lefni", ""], ["tj\u00e1 sig \u00e1 sk\u00fdran og \u00e1heyrilegan h\u00e1tt um m\u00e1lefni sem tengjast v\u00edsindum", ""], ["skrifa texta um efni sem tengist v\u00edsindum og fylgja \u00feeim ritunarhef\u00f0um sem eiga vi\u00f0", ""], ["n\u00fdta s\u00e9r uppl\u00fdsingat\u00e6kni til fr\u00f3\u00f0leiks og ranns\u00f3kna", ""], ["geta lagt gagnr\u00fdni\u00f0 mat \u00e1 texta", ""], ["n\u00fdta s\u00e9r fr\u00e6\u00f0itexta og meta gildi heimilda", ""]], "_id": "54ddcc4562933a7a34000298"}, {"exemplary": null, "topics": "beinagrindarv\u00f6\u00f0var, lat\u00ednuheiti, li\u00f0am\u00f3t, v\u00f6\u00f0vasamdr\u00e1ttur", "abbreviation": "L\u00cdOL2V\u00d605", "former_schools": null, "subject": "l\u00edff\u00e6ra og l\u00edfe\u00f0lisfr\u00e6\u00f0i", "title": "V\u00f6\u00f0vafr\u00e6\u00f0i", "version": 4, "status_trans": "Sam\u00feykkt af sk\u00f3la", "embedded_subject": {"abbreviation": "L\u00cdOL", "topics": [{"abbreviation": "BV", "topics": ["bein v\u00f6\u00f0var"]}, {"abbreviation": "L\u00cd", "topics": ["l\u00edff\u00e6ri"]}, {"abbreviation": "HS", "topics": ["Grundvallaratri\u00f0i \u00ed l\u00edff\u00e6ra- og l\u00edfe\u00f0lisfr\u00e6\u00f0i"]}, {"abbreviation": "FR", "topics": ["Framhalds\u00e1fangi \u00ed l\u00edff\u00e6ra- og l\u00edfe\u00f0lisfr\u00e6\u00f0i"]}, {"abbreviation": "TT", "topics": ["L\u00edff\u00e6ra- og l\u00edfe\u00f0lisfr\u00e6\u00f0i h\u00f6fu\u00f0s"]}, {"abbreviation": "GR", "topics": ["Grundvallaratri\u00f0i l\u00edff\u00e6ra- og l\u00edfe\u00f0lisfr\u00e6\u00f0i"]}, {"abbreviation": "IL", "topics": ["innri l\u00edff\u00e6ri"]}, {"abbreviation": "FH", "topics": ["Fyrri hluti"]}, {"abbreviation": "SH", "topics": ["Seinni hluti"]}, {"abbreviation": "V\u00d6", "topics": ["beinagrindarv\u00f6\u00f0var", "lat\u00ednuheiti", "li\u00f0am\u00f3t", "v\u00f6\u00f0vasamdr\u00e1ttur"]}], "_id": "50c0a02dd8e40575f7f6f49f", "subjects": ["l\u00edff\u00e6ra og l\u00edfe\u00f0lisfr\u00e6\u00f0i"], "counter": {"1": 0, "3": 4, "2": 3, "4": 0}}, "evaluation": "L\u00f6g\u00f0 er \u00e1hersla \u00e1 fj\u00f6lbreytt n\u00e1msmat me\u00f0 lei\u00f0s\u00f6gn. N\u00e1msmati\u00f0 er \u00ed h\u00f6ndum kennara vi\u00f0komandi \u00e1fanga en \u00fearf a\u00f0 fylgja \u00feeim reglum sem kve\u00f0i\u00f0 er \u00e1 um \u00ed sk\u00f3lan\u00e1mskr\u00e1 VMA.", "categorization_suggestion": "AV", "embedded_topics": {"abbreviation": "V\u00d6", "topics": ["beinagrindarv\u00f6\u00f0var", "lat\u00ednuheiti", "li\u00f0am\u00f3t", "v\u00f6\u00f0vasamdr\u00e1ttur"]}, "status": "approved by school", "description": "Allir helstu beinagrindarv\u00f6\u00f0var l\u00edkamans. Uppbygging v\u00f6\u00f0vafrumu, helstu atri\u00f0i \u00ed v\u00f6\u00f0vasamdr\u00e6tti og orkumyndun v\u00f6\u00f0va. Sta\u00f0setning, \u00fatlit, uppt\u00f6k og festur helstu v\u00f6\u00f0va l\u00edkamans \u00e1samt \u00fev\u00ed a\u00f0 \u00feekkja hlutverk \u00feeirra og lat\u00ednuheiti. Nemandi kunni skil \u00e1 algengustu tegundum v\u00f6\u00f0va\u00f3jafnv\u00e6gis \u00ed l\u00edkamanum og lei\u00f0ir til a\u00f0 breg\u00f0ast vi\u00f0 \u00fev\u00ed, \u00feekki helstu tegundir mei\u00f0sla \u00e1 li\u00f0um og v\u00f6\u00f0vum l\u00edkamans. Fari\u00f0 er yfir bein l\u00edkamans, uppbygging mismunandi li\u00f0am\u00f3ta og hreyfingar beina \u00fat fr\u00e1 \u00feeim. \u00c1hersla er l\u00f6g\u00f0 \u00e1 tengingu vi\u00f0 umhverfi og reynsluheim nemenda, sj\u00e1lfst\u00e6\u00f0 og \u00f6gu\u00f0 vinnubr\u00f6g\u00f0. ", "knowledge_goals": ["helstu v\u00f6\u00f0vum l\u00edkamans, uppt\u00f6kum \u00feeirra og festu", "v\u00f6\u00f0vasamdr\u00e6tti, v\u00f6\u00f0va\u00edtaugun og orkuvinnslu v\u00f6\u00f0va", "helstu beinum l\u00edkamans, heiti \u00feeirra og sta\u00f0setningu", "mismunandi li\u00f0ager\u00f0um og hreyfingum \u00feeirra", "helstu l\u00f6gm\u00e1lum hreyfifr\u00e6\u00f0innar", "helstu mei\u00f0slum \u00e1 v\u00f6\u00f0vum og li\u00f0am\u00f3tum"], "skills_goals": ["sko\u00f0a helstu v\u00f6\u00f0va l\u00edkamans, s\u00fdna hvar \u00feeir eru og hva\u00f0a hreyfingar \u00feeir orsaka", "sko\u00f0a hva\u00f0 orsakar v\u00f6\u00f0va\u00f3jafnv\u00e6gi \u00ed l\u00edkamanum", "sko\u00f0a hva\u00f0 orsakar helstu mei\u00f0sli \u00e1 v\u00f6\u00f0vum og li\u00f0am\u00f3tum", "beita r\u00e9ttri t\u00e6kni \u00ed starfi, leik og daglegu l\u00edfi", "lesa fr\u00e6\u00f0ilegan texta sem tengist vi\u00f0fangsefnum \u00e1fangans"], "credits": 5, "last_modified": 1424691240.835443, "schools": ["512b49bc62933a682f00048a"], "coauthors": null, "instructions": "", "continued_education": false, "level": 2, "prerequisites": "L\u00cdFF2LK05 e\u00f0a samb\u00e6rilegur \u00e1fangi", "author": "0bc9b589-2a42-4690-ac7e-ec65f804a0e6", "abbreviation_version": null, "competence_goals": [["greina og \u00fatsk\u00fdra hreyfingu helstu v\u00f6\u00f0va l\u00edkamans \u00fat fr\u00e1 legu, uppt\u00f6kum og festu", ""], ["greina fr\u00e1 sta\u00f0setningu og heitum helstu beina l\u00edkamans.", ""], ["greina fr\u00e1 helstu li\u00f0am\u00f3tum l\u00edkamans og r\u00f6ksty\u00f0ja hva\u00f0a hreyfingar \u00feau leyfa", ""], ["n\u00fdta hreyfifr\u00e6\u00f0il\u00f6gm\u00e1l til a\u00f0 \u00fatsk\u00fdra helstu hreyfingar l\u00edkamans", ""], ["lei\u00f0r\u00e9tta v\u00f6\u00f0va\u00f3jafnv\u00e6gi og draga \u00far l\u00edkum \u00e1 mei\u00f0slum \u00e1 v\u00f6\u00f0vum og li\u00f0am\u00f3tum", ""], ["\u00fatsk\u00fdra v\u00f6\u00f0vavinnu \u00ed \u00e1kve\u00f0num hreyfingum, teygjum og kyrrst\u00f6\u00f0u", ""], ["greina mun \u00e1 r\u00e9ttri og rangri l\u00edkamsbeitingu", ""], ["greina og \u00fatsk\u00fdra sl\u00e6ma l\u00edkamsst\u00f6\u00f0u", ""], ["s\u00fdna sj\u00e1lfst\u00e6\u00f0i \u00ed vinnubr\u00f6g\u00f0um", ""], ["greina, hagn\u00fdta og meta uppl\u00fdsingar \u00ed margskonar formi (t\u00f6lu\u00f0u, ritu\u00f0u e\u00f0a myndr\u00e6nu)", ""]], "_id": "54eb102862933a1936000df8"}, {"exemplary": null, "topics": "dreifingar, greiningar, tilg\u00e1tupr\u00f3fanir, \u00f6ryggism\u00f6rk", "abbreviation": "ST\u00c6F3\u00d6T05", "former_schools": null, "subject": "St\u00e6r\u00f0fr\u00e6\u00f0i", "title": "\u00c1lyktunart\u00f6lfr\u00e6\u00f0i", "version": 4, "status_trans": "Sam\u00feykkt af sk\u00f3la", "embedded_subject": {"abbreviation": "ST\u00c6F", "topics": [{"abbreviation": "FB", "topics": ["brotareikningur", "forgangsr\u00f6\u00f0", "grunna\u00f0ger\u00f0irnar fj\u00f3rar", "pr\u00f3sentur"]}, {"abbreviation": "BP", "topics": ["b\u00f3kstafareikningur", "forgangsr\u00f6\u00f0 a\u00f0ger\u00f0a", "hlutf\u00f6ll og pr\u00f3sentur", "veldi og r\u00e6tur"]}, {"abbreviation": "AH", "topics": ["algebra", "hlutf\u00f6ll", "hnitafr\u00e6\u00f0i", "j\u00f6fnur", "veldi"]}, {"abbreviation": "RH", "topics": ["hornaf\u00f6ll", "r\u00f6kfr\u00e6\u00f0i", "r\u00famfr\u00e6\u00f0i"]}, {"abbreviation": "AM", "topics": ["algebra", "j\u00f6fnur", "margli\u00f0ur"]}, {"abbreviation": "FD", "topics": ["diffrun", "f\u00f6ll", "markgildi"]}, {"abbreviation": "HD", "topics": ["diffurj\u00f6fnur", "heildun", "ra\u00f0ir", "runur"]}, {"abbreviation": "VH", "topics": ["hornaf\u00f6ll", "keilusni\u00f0", "vigrar"]}, {"abbreviation": "LT", "topics": ["fylgni", "l\u00edkindareikningur", "l\u00fdsandi t\u00f6lfr\u00e6\u00f0i", "normleg dreifing"]}, {"abbreviation": "\u00d6T", "topics": ["dreifingar", "greiningar", "tilg\u00e1tupr\u00f3fanir", "\u00f6ryggism\u00f6rk"]}], "_id": "54eb39a362933a1936000eba", "subjects": ["St\u00e6r\u00f0fr\u00e6\u00f0i"], "counter": {"1": 0, "3": 0, "2": 0, "4": 0}}, "evaluation": "L\u00f6g\u00f0 er \u00e1hersla \u00e1 fj\u00f6lbreytt n\u00e1msmat me\u00f0 lei\u00f0s\u00f6gn. N\u00e1msmati\u00f0 er \u00ed h\u00f6ndum kennara vi\u00f0komandi \u00e1fanga en \u00fearf a\u00f0 fylgja \u00feeim reglum sem kve\u00f0i\u00f0 er \u00e1 um \u00ed sk\u00f3lan\u00e1mskr\u00e1 VMA.", "categorization_suggestion": "AV", "embedded_topics": {"abbreviation": "\u00d6T", "topics": ["dreifingar", "greiningar", "tilg\u00e1tupr\u00f3fanir", "\u00f6ryggism\u00f6rk"]}, "status": "approved by school", "description": "Fjalla\u00f0 er um nokkrar a\u00f0fer\u00f0ir sem nota\u00f0ar eru til a\u00f0 draga t\u00f6lfr\u00e6\u00f0ilegar \u00e1lyktanir. N\u00e1nar tilteki\u00f0 ver\u00f0ur r\u00e6tt um notkun normaldreifinga og t-dreifinga til a\u00f0 finna \u00f6ryggisbil og pr\u00f3fa tilg\u00e1tur. Jafnframt er kynnt notkun k\u00ed-kva\u00f0rat pr\u00f3funar (Chi-square), dreifigreiningar og a\u00f0hvarfsgreiningar. \nVinna einkennist af einstaklings- og samvinnuverkefnum. Verkefni eru a\u00f0 hluta unnin me\u00f0 a\u00f0sto\u00f0 vasareikna og nemendur f\u00e1 a\u00f0 kynnast \u00fev\u00ed hvernig nota m\u00e1 t\u00f6lvuforrit og/e\u00f0a t\u00f6flureikni til a\u00f0 leysa d\u00e6mi eins og \u00feau sem unni\u00f0 er me\u00f0 \u00ed \u00e1fanganum. \u00cd \u00e1fanganum er l\u00f6g\u00f0 \u00e1hersla \u00e1 skipul\u00f6g\u00f0 vinnubr\u00f6g\u00f0, r\u00f6ksemdaf\u00e6rslur og n\u00e1kv\u00e6mni \u00ed framsetningu vi\u00f0 lausn verkefna \u00ed st\u00e6r\u00f0fr\u00e6\u00f0i.", "knowledge_goals": ["normaldreif\u00f0ri \u00fartaksdreifingu", "\u00f6ryggisbili og \u00f6ryggism\u00f6rkum", "tilg\u00e1tupr\u00f3funum", "t-pr\u00f3fum, k\u00ed-kva\u00f0rat-pr\u00f3fum og dreifigreiningu", "l\u00ednulegri a\u00f0hvarfsgreiningu og fylgni"], "skills_goals": ["reikna \u00f6ryggisbil og t\u00falka ni\u00f0urst\u00f6\u00f0ur gera grein fyrir ni\u00f0urst\u00f6\u00f0um sl\u00edkra \u00fatreikninga", "setja fram tilg\u00e1tu og gera \u00e1 henni vi\u00f0eigandi t\u00f6lfr\u00e6\u00f0ilegt pr\u00f3f", "reikna fylgni", "reikna j\u00f6fnu bestu l\u00ednu og sp\u00e1 \u00e1 grundvelli hennar.", "t\u00falka fylgnistu\u00f0la", "nota \u00fdmis t\u00f6lfr\u00e6\u00f0ipr\u00f3f t.d. t-pr\u00f3f, k\u00edkva\u00f0rat-pr\u00f3f og F-pr\u00f3f"], "credits": 5, "last_modified": 1424705947.839865, "schools": ["512b49bc62933a682f00048a"], "coauthors": null, "instructions": "", "continued_education": false, "level": 3, "prerequisites": "ST\u00c6R2LT05 e\u00f0a samb\u00e6rilegur \u00e1fangi \u00e1 2. \u00ferepi.", "author": "0bc9b589-2a42-4690-ac7e-ec65f804a0e6", "abbreviation_version": null, "competence_goals": [["skilja og meta me\u00f0 gagnr\u00fdnum h\u00e6tti t\u00f6lfr\u00e6\u00f0legar uppl\u00fdsingar \u00ed fj\u00f6lmi\u00f0lum og fr\u00e6\u00f0iritum", ""], ["finna kerfisbundi\u00f0 a\u00f0fer\u00f0ir til a\u00f0 greina mismunandi t\u00f6lulegar uppl\u00fdsingar", ""], ["vinna  \u00far t\u00f6lulegum uppl\u00fdsingum me\u00f0 a\u00f0fer\u00f0um \u00e1lyktunar t\u00f6lfr\u00e6\u00f0i og \u00fatsk\u00fdra ni\u00f0urst\u00f6\u00f0ur \u00feeirrar vinnu", ""], ["fjalla um t\u00f6lfr\u00e6\u00f0i almennt og \u00e1lyktunart\u00f6lfr\u00e6\u00f0ileg vi\u00f0fangsefni s\u00e9rstaklega", ""], ["n\u00fdta s\u00e9r t\u00f6lfr\u00e6\u00f0ileg forrit vi\u00f0 gagnavinnslu, pr\u00f3fanir og \u00e1lyktanir", ""], ["fylgja og skilja r\u00f6ksemdaf\u00e6rslu \u00ed m\u00e6ltu m\u00e1li og \u00ed texta", ""]], "_id": "54eb499b62933a1936000f4f"}, {"exemplary": null, "topics": "skipulag \u00fej\u00e1lfunar, stefnum\u00f3tun, \u00fej\u00e1lfun barna", "abbreviation": "\u00cd\u00deRF2\u00deB03", "former_schools": null, "subject": "\u00ed\u00fer\u00f3ttafr\u00e6\u00f0i", "title": "\u00dej\u00e1lffr\u00e6\u00f0i", "version": 11, "status_trans": "Sam\u00feykkt af sk\u00f3la", "embedded_subject": {"abbreviation": "\u00cd\u00deRF", "topics": [{"abbreviation": "\u00deJ", "topics": ["\u00fej\u00e1lfun"]}, {"abbreviation": "BV", "topics": ["bein og v\u00f6\u00f0var"]}, {"abbreviation": "HB", "topics": ["hjarta og bl\u00f3\u00f0r\u00e1s"]}, {"abbreviation": "AA", "topics": ["\u00fej\u00e1lfari 1a - almennur hluti"]}, {"abbreviation": "BB", "topics": ["\u00fej\u00e1lfari 2a - \u00ed\u00fer\u00f3ttagreinar"]}, {"abbreviation": "\u00de\u00de", "topics": ["\u00fej\u00e1lfari  - almennur hluti", "\u00fej\u00e1lfun barna"]}, {"abbreviation": "BH", "topics": ["bein og v\u00f6\u00f0var", "hreyfifr\u00e6\u00f0i"]}, {"abbreviation": "HF", "topics": ["Hreyfingarfr\u00e6\u00f0i", "bygging og starfsemi l\u00edkamans", "lyfjafr\u00e6\u00f0i \u00ed\u00fer\u00f3tta", "\u00ed\u00fer\u00f3ttamei\u00f0sl", "\u00ed\u00fer\u00f3ttasaga"]}, {"abbreviation": "\u00deF", "topics": ["l\u00edfst\u00edll og heilsa", "vi\u00f0brag\u00f0s og hra\u00f0a\u00fej\u00e1lfun", "\u00deol\u00fej\u00e1lfun", "\u00ferekpr\u00f3f"]}, {"abbreviation": "\u00deS", "topics": ["Styrktar\u00fej\u00e1lfun", "li\u00f0leika\u00fej\u00e1lfun", "\u00ed\u00fer\u00f3ttamei\u00f0sl og  \u00ed\u00fer\u00f3ttas\u00e1lfr\u00e6\u00f0i"]}, {"abbreviation": "\u00deA", "topics": ["si\u00f0fr\u00e6\u00f0i \u00ed\u00fer\u00f3tta og pr\u00f3f/m\u00e6lingar \u00ed\u00fer\u00f3ttamanna", "skipulagning \u00fej\u00e1lfunar til lengri og skemmri t\u00edma", "\u00dej\u00e1lfunarformin og a\u00f0fer\u00f0ir innan \u00feeirra"]}, {"abbreviation": "\u00deH", "topics": ["\u00cd\u00deRF"]}, {"abbreviation": "\u00cdM", "topics": ["\u00cd\u00fer\u00f3ttamei\u00f0sl og skyndihj\u00e1lp"]}, {"abbreviation": "\u00cdS", "topics": ["kynjamunur", "\u00ed\u00fer\u00f3ttasaga", "\u00fer\u00f3un \u00ed\u00fer\u00f3tta"]}, {"abbreviation": "\u00deB", "topics": ["skipulag \u00fej\u00e1lfunar", "stefnum\u00f3tun", "\u00fej\u00e1lfun barna"]}], "_id": "50c0a02dd8e40575f7f6f4ed", "subjects": ["\u00ed\u00fer\u00f3ttafr\u00e6\u00f0i"], "counter": {"1": 3, "3": 2, "2": 9, "4": 0}}, "evaluation": "L\u00f6g\u00f0 er \u00e1hersla \u00e1 fj\u00f6lbreytt n\u00e1msmat me\u00f0 lei\u00f0s\u00f6gn. N\u00e1msmati\u00f0 er \u00ed h\u00f6ndum kennara vi\u00f0komandi \u00e1fanga en \u00fearf a\u00f0 fylgja \u00feeim reglum sem kve\u00f0i\u00f0 er \u00e1 um \u00ed sk\u00f3lan\u00e1mskr\u00e1 VMA.", "categorization_suggestion": "AV", "embedded_topics": {"abbreviation": "\u00deB", "topics": ["skipulag \u00fej\u00e1lfunar", "stefnum\u00f3tun", "\u00fej\u00e1lfun barna"]}, "status": "approved by school", "description": "\u00cd \u00e1fanganum er l\u00f6g\u00f0 \u00e1hersla \u00e1 a\u00f0 nemandinn l\u00e6ri um hlutverk \u00fej\u00e1lfara \u00ed \u00ed\u00fer\u00f3ttastarfi, s\u00e9rstaklega vi\u00f0 \u00fej\u00e1lfun barna \u00e1 aldrinum \u00feriggja til t\u00f3lf \u00e1ra. L\u00f6g\u00f0 er \u00e1hersla \u00e1 skipulag \u00fej\u00e1lfunar, \u00e1\u00e6tlanager\u00f0 og markmi\u00f0ssetningu. Nemandinn f\u00e6r undirst\u00f6\u00f0u\u00feekkingu \u00ed kennslu- og a\u00f0fer\u00f0afr\u00e6\u00f0i \u00ed\u00fer\u00f3tta og \u00fej\u00e1lfun \u00ed a\u00f0 breg\u00f0ast vi\u00f0 \u00ed\u00fer\u00f3ttamei\u00f0slum. Fari\u00f0 ver\u00f0ur yfir upphitun, b\u00e6\u00f0i almenna og s\u00e9rh\u00e6f\u00f0a. Fjalla\u00f0 er um matar\u00e6\u00f0i \u00ed\u00fer\u00f3ttamanna og \u00e1hrif f\u00edkniefna \u00e1 afkastagetu og \u00e1rangur. Einnig er l\u00f6g\u00f0 \u00e1hersla \u00e1 a\u00f0 nemandinn l\u00e6ri um uppbyggingu frj\u00e1lsra f\u00e9lagasamtaka, s\u00e9rstaklega \u00ed\u00fer\u00f3ttaf\u00e9laga. Nemandinn f\u00e6r inns\u00fdn \u00ed  stj\u00f3rnunarst\u00f6rf sem tengjast \u00ed\u00fer\u00f3ttavi\u00f0bur\u00f0um og f\u00e9lagasamt\u00f6kum, kynnist stefnum\u00f3tun \u00ed f\u00e9lagsstarfi, uppbyggingu f\u00e9laga og skipulagi og helstu skipuritum sem starfa\u00f0 er eftir. \u00cd \u00e1fanganum er einnig komi\u00f0 inn \u00e1 samskipti heimila og frj\u00e1lsra f\u00e9laga, jafnr\u00e9tti og  v\u00edmuvarnarstefnu \u00ed\u00fer\u00f3ttaf\u00e9laga.", "knowledge_goals": ["hlutverki \u00fej\u00e1lfara \u00ed \u00ed\u00fer\u00f3ttum", "helstu \u00feroska\u00fe\u00e1ttum barna", "helstu \u00fej\u00e1lfunara\u00f0fer\u00f0um", "tilgangi upphitunar", "\u00e1hrifum matar\u00e6\u00f0is \u00e1 afkastagetu \u00ed\u00fer\u00f3ttamanna", "\u00e1hrifum \u00f3l\u00f6glegra lyfja \u00e1 afkastagetu \u00ed\u00fer\u00f3ttamanna", "uppbyggingu og starfsemi frj\u00e1lsra f\u00e9lagasamtaka og  \u00ed\u00fer\u00f3ttaf\u00e9laga, s\u00e9r- og fj\u00f6lgreinaf\u00e9laga, og hlutverki stj\u00f3rnenda", "hlutverki s\u00ednu sem fyrirmynd"], "skills_goals": ["greina \u00e1 milli \u00fej\u00e1lfunar barna og fullor\u00f0inna", "nota uppl\u00fdsingat\u00e6kni vi\u00f0 skipulag \u00fej\u00e1lfunar", "stj\u00f3rna fundum og skrifa fundarger\u00f0ir", "skipuleggja \u00fej\u00e1lfun og markmi\u00f0 hennar"], "credits": 3, "last_modified": 1430385759.572073, "schools": ["512b49bc62933a682f00048a"], "coauthors": null, "instructions": "", "continued_education": false, "level": 2, "prerequisites": "engar", "author": "0bc9b589-2a42-4690-ac7e-ec65f804a0e6", "abbreviation_version": null, "competence_goals": [["stj\u00f3rna \u00e6fingat\u00edma barna me\u00f0 \u00feroska \u00feeirra \u00ed huga", ""], ["stj\u00f3rna upphitun fyrir alla aldursh\u00f3pa", ""], ["\u00fatb\u00faa t\u00edmase\u00f0la", ""], ["skipuleggja keppnisfer\u00f0alag me\u00f0 b\u00f6rnum", ""], ["skipulegggja \u00fej\u00e1lfun til skemmri og lengri t\u00edma", ""], ["skipuleggja matar\u00e6\u00f0i me\u00f0 \u00fea\u00f0 a\u00f0 markmi\u00f0i a\u00f0 n\u00e1 \u00e1rangri \u00ed \u00ed\u00fer\u00f3ttum", ""]], "_id": "5541f45f62933a2b9f000122"}, {"exemplary": null, "topics": "sj\u00e1lfsmynd, \u00feroskah\u00f6mlun, \u00feroskakenningar, \u00feroskas\u00e1lfr\u00e6\u00f0i", "abbreviation": "S\u00c1LF2S\u00de05", "former_schools": null, "subject": "s\u00e1lfr\u00e6\u00f0i", "title": "\u00deroskas\u00e1lfr\u00e6\u00f0i", "version": 26, "status_trans": "Sam\u00feykkt af sk\u00f3la", "embedded_subject": {"abbreviation": "S\u00c1LF", "topics": [{"abbreviation": "AK", "topics": ["almenn kynning"]}, {"abbreviation": "\u00deS", "topics": ["\u00feroskas\u00e1lfr\u00e6\u00f0i"]}, {"abbreviation": "AB", "topics": ["afbrig\u00f0as\u00e1lfr\u00e6\u00f0i"]}, {"abbreviation": "KV", "topics": ["kvikmyndas\u00e1lfr\u00e6\u00f0i"]}, {"abbreviation": "SD", "topics": ["s\u00e1lfr\u00e6\u00f0i daglegs l\u00edfs"]}, {"abbreviation": "IS", "topics": ["inngangur a\u00f0 s\u00e1lfr\u00e6\u00f0i"]}, {"abbreviation": "DS", "topics": ["duls\u00e1larfr\u00e6\u00f0i"]}, {"abbreviation": "RS", "topics": ["r\u00e9ttars\u00e1lfr\u00e6\u00f0i"]}, {"abbreviation": "GE", "topics": ["ge\u00f0heilsa"]}, {"abbreviation": "FP", "topics": ["f\u00e9lags- og per\u00f3nuleikas\u00e1lfr\u00e6\u00f0i"]}, {"abbreviation": "BK", "topics": ["inngangur a\u00f0 s\u00e1lfr\u00e6\u00f0i", "j\u00e1kv\u00e6\u00f0 s\u00e1lfr\u00e6\u00f0i", "minni", "n\u00e1m", "ranns\u00f3knir"]}, {"abbreviation": "KF", "topics": ["framhald", "kvikmyndas\u00e1lfr\u00e6\u00f0i"]}, {"abbreviation": "FS", "topics": ["f\u00e9lagss\u00e1lfr\u00e6\u00f0i"]}, {"abbreviation": "GS", "topics": ["ge\u00f0s\u00e1lfr\u00e6\u00f0i"]}, {"abbreviation": "\u00deU", "topics": ["\u00feroska- og uppeldisfr\u00e6\u00f0i"]}, {"abbreviation": "AA", "topics": ["almenn s\u00e1lfr\u00e6\u00f0i"]}, {"abbreviation": "CA", "topics": ["afbrigas\u00e1lfr\u00e6\u00f0i"]}, {"abbreviation": "L\u00cd", "topics": ["l\u00edfe\u00f0lisleg s\u00e1lfr\u00e6\u00f0i"]}, {"abbreviation": "F\u00c9", "topics": ["f\u00e9lagsleg s\u00e1lfr\u00e6\u00f0i"]}, {"abbreviation": "SS", "topics": ["inngangur a\u00f0 s\u00e1lfr\u00e6\u00f0i", "sj\u00f3narmi\u00f0 og saga"]}, {"abbreviation": "FG", "topics": ["f\u00e9lagss\u00e1lfr\u00e6\u00f0i", "greind", "pers\u00f3nuleikinn"]}, {"abbreviation": "LS", "topics": ["draumar", "l\u00edfe\u00f0lisleg s\u00e1lfr\u00e6\u00f0i", "skynjunars\u00e1lfr\u00e6\u00f0i", "svefn"]}, {"abbreviation": "\u00deR", "topics": ["l\u00edfst\u00ed\u00f0ar\u00fer\u00f3un", "\u00feroski"]}, {"abbreviation": "AF", "topics": ["ge\u00f0heilsa", "ge\u00f0raskanir", "streita", "tilfinningar"]}, {"abbreviation": "\u00cd\u00de", "topics": ["f\u00e9lagsst\u00f6rf", "f\u00e9l\u00f6g", "\u00ed\u00fer\u00f3ttas\u00e1lfr\u00e6\u00f0i"]}, {"abbreviation": "SG", "topics": ["framkoma", "gagnr\u00fdni", "hlustun", "samskipti", "sj\u00e1lfstraust"]}, {"abbreviation": "\u00cd\u00c6", "topics": ["\u00ed\u00fer\u00f3ttas\u00e1lfr\u00e6\u00f0i"]}, {"abbreviation": "IN", "topics": ["S\u00e1lfr\u00e6\u00f0i", "inngangur", "kenningar", "saga"]}, {"abbreviation": "\u00de\u00de", "topics": ["n\u00e1m", "\u00deroskas\u00e1lfr\u00e6\u00f0i", "\u00feroski", "\u00fer\u00f3un"]}, {"abbreviation": "AS", "topics": ["afbrig\u00f0as\u00e1lfr\u00e6\u00f0i", "streita"]}, {"abbreviation": "H\u00de", "topics": ["Hugar\u00fej\u00e1lfun", "\u00cd\u00fer\u00f3ttir"]}, {"abbreviation": "JS", "topics": ["J\u00e1kv\u00e6\u00f0 s\u00e1lfr\u00e6\u00f0i"]}, {"abbreviation": "HA", "topics": ["Hugr\u00e6n", "atferlisme\u00f0fer\u00f0"]}, {"abbreviation": "BS", "topics": ["Breytingar", "samskipti"]}, {"abbreviation": "GH", "topics": ["Ge\u00f0s\u00e1larfr\u00e6\u00f0i og ge\u00f0heilbrig\u00f0i"]}, {"abbreviation": "PF", "topics": ["f\u00e9lagss\u00e1lfr\u00e6\u00f0i", "pers\u00f3nuleikas\u00e1lfr\u00e6\u00f0i"]}, {"abbreviation": "VS", "topics": ["Vitund og si\u00f0blinda"]}, {"abbreviation": "BG", "topics": ["S\u00c1LF"]}, {"abbreviation": "F\u00d6", "topics": ["F\u00d6TLUN", "\u00d6LDRUN"]}, {"abbreviation": "CF", "topics": ["F\u00e9lags- og pers\u00f3nuleikas\u00e1lfr\u00e6\u00f0i"]}, {"abbreviation": "BT", "topics": ["Kortlagning hugans/heilans"]}, {"abbreviation": "CJ", "topics": ["j\u00e1kv\u00e6\u00f0 s\u00e1lfr\u00e6\u00f0i"]}, {"abbreviation": "AM", "topics": ["Atferlism\u00f3tun"]}, {"abbreviation": "GR", "topics": ["Grunnur \u00ed s\u00e1lfr\u00e6\u00f0i"]}, {"abbreviation": "NS", "topics": ["N\u00e1mss\u00e1larfr\u00e6\u00f0i", "saga"]}, {"abbreviation": "LH", "topics": ["L\u00edfe\u00f0lisleg og hugr\u00e6n s\u00e1lfr\u00e6\u00f0i"]}, {"abbreviation": "SF", "topics": ["mannlegt e\u00f0li", "n\u00e1m og minni", "s\u00e1lfr\u00e6\u00f0ingar", "s\u00e1lfr\u00e6\u00f0istefnur"]}, {"abbreviation": "S\u00de", "topics": ["sj\u00e1lfsmynd", "\u00feroskah\u00f6mlun", "\u00feroskakenningar", "\u00feroskas\u00e1lfr\u00e6\u00f0i"]}], "_id": "50c0a02dd8e40575f7f6f4db", "subjects": ["s\u00e1lfr\u00e6\u00f0i"], "counter": {"1": 6, "3": 12, "2": 23, "4": 2}}, "evaluation": "L\u00f6g\u00f0 er \u00e1hersla \u00e1 fj\u00f6lbreytt n\u00e1msmat me\u00f0 lei\u00f0s\u00f6gn. N\u00e1msmati\u00f0 er \u00ed h\u00f6ndum kennara vi\u00f0komandi \u00e1fanga en \u00fearf a\u00f0 fylgja \u00feeim reglum sem kve\u00f0i\u00f0 er \u00e1 um \u00ed sk\u00f3lan\u00e1mskr\u00e1 VMA.", "categorization_suggestion": "AV", "embedded_topics": {"abbreviation": "S\u00de", "topics": ["sj\u00e1lfsmynd", "\u00feroskah\u00f6mlun", "\u00feroskakenningar", "\u00feroskas\u00e1lfr\u00e6\u00f0i"]}, "status": "approved by school", "description": "\u00c1fanginn fjallar um \u00feroskaferil manneskjunnar allt fr\u00e1 f\u00e6\u00f0ingu til grafar. S\u00e9rstaklega er tekinn fyrir \u00feroski tilfinninga, f\u00e9lagslegra samskipta, hugsunar og greindar. \u00c1hersla er l\u00f6g\u00f0 \u00e1 \u00feroska sj\u00e1lfsmyndarinnar og hvernig h\u00fan m\u00f3tast me\u00f0 aldrinum. Einnig ver\u00f0ur viki\u00f0 a\u00f0 \u00feroskah\u00f6mlum og \u00fe\u00e6r sko\u00f0a\u00f0ar \u00fat fr\u00e1 l\u00edffr\u00e6\u00f0ilegu og s\u00e1lfr\u00e6\u00f0ilegu sj\u00f3narhorni. Nemendur \u00e6fa sig \u00ed a\u00f0 sko\u00f0a eigin \u00feroska \u00fat fr\u00e1 mismunandi \u00feroskakenningum og greina \u00fe\u00e1 \u00fe\u00e6tti sem hafa m\u00f3ta\u00f0 \u00fe\u00e1 \u00ed l\u00edfinu. Nemendur f\u00e1 \u00e6fingu \u00ed a\u00f0 r\u00f6kr\u00e6\u00f0a \u00e1litam\u00e1l eins og barneignir t\u00e1ninga, f\u00f3sturey\u00f0ingar e\u00f0a starfslok. M\u00f3tunar\u00e1hrif fj\u00f6lskyldu og vina ver\u00f0a sko\u00f0u\u00f0 og komi\u00f0 inn \u00e1 vandam\u00e1l barna og unglinga. Vi\u00f0fangsefnin geta veri\u00f0 breytileg og m\u00f3tast af \u00e1huga nemenda. \u00c1hersla \u00e1 a\u00f0 tengja verkefnin reynsluheimi nemanda, auka v\u00ed\u00f0s\u00fdni hans, r\u00f6khugsun, sj\u00e1lfst\u00e6\u00f0 og \u00f6gu\u00f0 vinnubr\u00f6g\u00f0. ", "knowledge_goals": ["\u00feroska mannsins \u00fat fr\u00e1 s\u00e1lfr\u00e6\u00f0inni", "helstu hugt\u00f6kum og kenningum \u00feroskas\u00e1lfr\u00e6\u00f0innar", "framlagi \u00feroskas\u00e1lfr\u00e6\u00f0innar til samf\u00e9lagsins"], "skills_goals": ["beita almennum og s\u00e9rt\u00e6kum vinnubr\u00f6g\u00f0um, verkf\u00e6rum og a\u00f0fer\u00f0um til a\u00f0 mi\u00f0la \u00feekkingu sinni", "beita skapandi hugsun vi\u00f0 lausnami\u00f0a\u00f0 n\u00e1m", "greina uppl\u00fdsingar og setja \u00ed fr\u00e6\u00f0ilegt samhengi", "mi\u00f0la fr\u00e6\u00f0ilegu efni sk\u00fdrt og skilmerkilega \u00ed r\u00e6\u00f0u og riti"], "credits": 5, "last_modified": 1425038375.271518, "schools": ["512b49bc62933a682f00048a"], "coauthors": null, "instructions": "", "continued_education": false, "level": 2, "prerequisites": "engar", "author": "0bc9b589-2a42-4690-ac7e-ec65f804a0e6", "abbreviation_version": null, "competence_goals": [["afla uppl\u00fdsinga, vinna \u00far ranns\u00f3knarg\u00f6gnum og leggja \u00e1 \u00feau mat", ""], ["s\u00fdna frumkv\u00e6\u00f0i a\u00f0 raunh\u00e6fum lausnum", ""], ["n\u00fdta fr\u00e6\u00f0ilegan texta \u00e1 \u00edslensku og erlendu tungum\u00e1li", ""], ["meta eigin frammist\u00f6\u00f0u og annarra \u00e1 gagnr\u00fdninn h\u00e1tt", ""], ["taka \u00fe\u00e1tt \u00ed r\u00f6kr\u00e6\u00f0um um m\u00e1lefni sem tengjast \u00feroskas\u00e1lfr\u00e6\u00f0inni", ""]], "_id": "54f05c2762933a1936001b18"}], "title": "Brautarkjarni"}], "description": "\u00cd\u00fer\u00f3tta- og l\u00fd\u00f0heilsubraut er \u00e6tla\u00f0 a\u00f0 veita nemendum g\u00f3\u00f0a og almenna \u00feekkingu \u00e1 svi\u00f0i \u00ed\u00fer\u00f3tta- og heilsufr\u00e6\u00f0a. Auk kjarnagreina er l\u00f6g\u00f0 \u00e1hersla \u00e1 fj\u00f6lbreyttar \u00ed\u00fer\u00f3ttagreinar, \u00ed\u00fer\u00f3ttafr\u00e6\u00f0i, starfs\u00fej\u00e1lfun, stj\u00f3rnun, \u00e1samt t\u00f6lfr\u00e6\u00f0i. Brautin er g\u00f3\u00f0ur undirb\u00faningur fyrir h\u00e1sk\u00f3lan\u00e1m m.a. \u00ed l\u00fd\u00f0heilsufr\u00e6\u00f0, heilbrig\u00f0isgreinum, \u00fej\u00e1lffr\u00e6\u00f0i, t\u00f3mstundafr\u00e6\u00f0i og skyldum greinum. ", "tags": "Sta\u00f0fest", "rules": "N\u00e1mi \u00e1 \u00ed\u00fer\u00f3tta- og l\u00fd\u00f0heilsubraut l\u00fdkur me\u00f0 st\u00fadentspr\u00f3fi. Brautin er 200 einingar og \u00fatskrifast nemendur me\u00f0 h\u00e6fni \u00e1 3. \u00ferepi. N\u00e1mst\u00edmi er 3 \u2013 4 \u00e1r og \u00e6tli nemandi a\u00f0 lj\u00faka n\u00e1mi \u00e1 3 \u00e1rum \u00fearf hann a\u00f0 lj\u00faka 67 einingum a\u00f0 jafna\u00f0i \u00e1 \u00e1ri. Til a\u00f0 standast n\u00e1msmat \u00ed \u00e1fanga og f\u00e1 heimild til a\u00f0 hefja n\u00e1m \u00ed eftirfarandi \u00e1fanga \u00fearf l\u00e1gmarkseinkunnina 5. Reglur um n\u00e1msframvindu eru birtar \u00ed sk\u00f3lan\u00e1mskr\u00e1. Vi\u00f0 n\u00e1mslok skal fj\u00f6ldi eininga \u00e1 1. \u00ferepi vera 17 \u2013 33% , \u00e1 2. \u00ferepi 33 \u2013 50% og \u00e1 3. \u00ferepi 17 \u2013 33%. Nemanda er heimilt a\u00f0 \u00fatskrifast me\u00f0 allt a\u00f0 10% eininga \u00e1 4. \u00ferepi. ", "onsite_training": "Nemendur \u00e1 \u00ed\u00fer\u00f3ttabraut kynnast \u00ed\u00fer\u00f3ttum af \u00fdmsum toga \u00ed hagn\u00fdtum \u00e1f\u00f6ngum. \u00deeir f\u00e1 g\u00f3\u00f0a inns\u00fdn \u00ed \u00fej\u00e1lfun \u00ed\u00fer\u00f3ttagreina s.s. handbolta, f\u00f3tbolta, blak og k\u00f6rfubolta. \u00de\u00e1 fara nemendur\u00a0\u00ed gegnum \u00e1fanga \u00ed grunn\u00fej\u00e1lfun sem er undirsta\u00f0a annarar \u00fej\u00e1lfunar. \u00deennan grunn n\u00fdta nemendur s\u00e9r svo vi\u00f0 kennslu barna \u00ed grunnsk\u00f3lum Akureyrar. \u00dear koma nemendur til me\u00f0 a\u00f0 kenna b\u00f6rnum \u00e1 aldrinum 6 \u2013 9 \u00e1ra \u00e1 haust\u00f6nn og svo 10 \u2013 15 \u00e1ra \u00e1 vor\u00f6nn. Vi\u00f0 kennsluna skulu nemendur huga a\u00f0 \u00f6llum \u00fe\u00e1ttum \u00fej\u00e1lfunar og heilsur\u00e6ktar og n\u00fdta s\u00e9r \u00fe\u00e1 fj\u00f6lbreyttu inns\u00fdn sem \u00feeim hefur \u00e1\u00f0ur veri\u00f0 veitt \u00ed undanfarandi \u00e1f\u00f6ngum. A\u00f0 auki \u00f6\u00f0last nemendur me\u00f0 \u00feessu reynslu af \u00fev\u00ed a\u00f0 st\u00fdra h\u00f3pi.", "programme_type": {"status": "Sam\u00feykkt", "exam": {"_types": ["Exam"], "_id": "4fe3212d045c2618e32ae413", "description": "Nemandi me\u00f0 st\u00fadentspr\u00f3f af \u00f6\u00f0rum brautum en b\u00f3kn\u00e1msbrautum b\u00fdr yfir almennri og s\u00e9rh\u00e6f\u00f0ri \u00feekkingu, leikni og h\u00e6fni til a\u00f0 takast \u00e1 vi\u00f0 n\u00e1m \u00e1 h\u00e1sk\u00f3lastigi. S\u00e9rh\u00e6fingin tengist fr\u00e6\u00f0asvi\u00f0i \u00e1 h\u00e1sk\u00f3lastigi sem er grundvalla\u00f0 \u00e1 starfsn\u00e1mi e\u00f0a listn\u00e1mi. Vi\u00f0 s\u00e9rh\u00e6finguna hefur nemandi \u00f6\u00f0last inns\u00fdn \u00ed starfsa\u00f0fer\u00f0ir vi\u00f0komandi fr\u00e6\u00f0asamf\u00e9lags og b\u00fdr yfir h\u00e6fni til a\u00f0 ver\u00f0a \u00e1byrgur og virkur einstaklingur \u00ed \u00fev\u00ed l\u00fd\u00f0r\u00e6\u00f0islega samf\u00e9lagi. Hann getur n\u00fdtt s\u00e9r norr\u00e6nt tungum\u00e1l og eftir atvikum grunn\u00feekkingu \u00ed \u00feri\u00f0ja tungum\u00e1li, samf\u00e9lagsgreinum e\u00f0a raungreinum vi\u00f0 frekara n\u00e1m og s\u00e9r menntun s\u00edna \u00ed al\u00fej\u00f3\u00f0legu samhengi. Hann b\u00fdr yfir h\u00e6fni til a\u00f0 geta tj\u00e1\u00f0 sig um s\u00e9rh\u00e6f\u00f0a \u00feekkingu s\u00edna, getur sk\u00fdrt og r\u00f6kstutt verklag \u00e1 \u00e1byrgan, gagnr\u00fdninn og sk\u00fdran h\u00e1tt. Hann b\u00fdr yfir h\u00e6fni til a\u00f0 tengja \u00feekkingu s\u00edna og leikni vi\u00f0 t\u00e6kni og v\u00edsindi, getur n\u00fdtt \u00feekkingu s\u00edna, leikni og h\u00e6fni til a\u00f0 greina n\u00fd t\u00e6kif\u00e6ri og getur tekist \u00e1 vi\u00f0 frekara n\u00e1m \u00e1 h\u00e1sk\u00f3lastigi.", "title": "A\u00f0rar brautir til st\u00fadentspr\u00f3fs (\u00feri\u00f0ja \u00ferep)", "level": 3, "number": "7", "subject_choice_programme_flag": null, "_cls": "Exam", "maximum_credits": 240.0, "all_onsite": true, "credits_ratio": {"1": {"max": 33.0, "min": 17.0}, "3": {"max": 33.0, "min": 17.0}, "2": {"max": 50.0, "min": 33.0}, "4": {"max": 10.0, "min": 0.0}}, "minimum_credits": 180.0}, "tags": ["st\u00fadent", "b\u00f3kn\u00e1m", "h\u00e1sk\u00f3lan\u00e1m"], "title": "st\u00fadent", "field_id": "4fb272c4874d802e5451c0bf", "field": {"field": "Almennt n\u00e1m", "subfield": "Almennt n\u00e1m, grunnn\u00e1m og st\u00fadentspr\u00f3f", "_id": "4fb272c4874d802e5451c0bf", "description": "Basic general programmes pre-primary, elementary, primary, secondary, etc.", "isced": "01"}, "exam_id": "4fe3212d045c2618e32ae413", "_cls": null, "subject_choice_programme_description": null, "hidden": null, "description": "Nemandi me\u00f0 st\u00fadentspr\u00f3f b\u00fdr yfir almennri og s\u00e9rh\u00e6f\u00f0ri \u00feekkingu, leikni og h\u00e6fni til a\u00f0 takast \u00e1 vi\u00f0 n\u00e1m \u00e1 h\u00e1sk\u00f3lastigi. S\u00e9rh\u00e6fingin tengist \u00fev\u00ed fr\u00e6\u00f0isvi\u00f0i \u00e1 h\u00e1sk\u00f3lastigi sem stefnt er \u00e1. Vi\u00f0 s\u00e9rh\u00e6finguna f\u00e6r nemandinn inns\u00fdn inn \u00ed starfsa\u00f0fer\u00f0ir vi\u00f0komandi fr\u00e6\u00f0asamf\u00e9lags auk t\u00f6luver\u00f0ar verk\u00feekkingar \u00e1 s\u00ednu valsvi\u00f0i sem getur veri\u00f0 verklegt e\u00f0a listn\u00e1m/h\u00f6nnun. Hann hefur \u00f6\u00f0last h\u00e6fni til a\u00f0 geta s\u00fdnt og tj\u00e1\u00f0 s\u00e9rh\u00e6f\u00f0a \u00feekkingu s\u00edna oggetur sk\u00fdrt og r\u00f6kstutt verklag \u00e1 \u00e1byrgan og sk\u00fdran h\u00e1tt. Hann b\u00fdr yfir h\u00e6fni til a\u00f0 tengja \u00feekkingu s\u00edna og leikni vi\u00f0 t\u00e6kni og v\u00edsindi og getur n\u00fdtt \u00feekkingu s\u00edna, leikni og h\u00e6fni til a\u00f0 greina n\u00fd t\u00e6kif\u00e6ri og n\u00fdta s\u00e9r \u00feau. Nemandinn b\u00fdr yfir h\u00e6fni til a\u00f0 vera \u00e1byrgur og virkur einstaklingur \u00ed l\u00fd\u00f0r\u00e6\u00f0issamf\u00e9lagi."}, "free_choice_description": "Nemendur \u00e1 brautinni hafa 21 einingu \u00ed frj\u00e1lsu vali og \u00feurfa a\u00f0 uppfylla skilyr\u00f0i um \u00ferepaskiptingu st\u00fadentspr\u00f3fs sem sett eru fram \u00ed a\u00f0aln\u00e1mskr\u00e1.", "credits": 200, "last_modified": 1464787630.688231, "exam_id": "4fe3212d045c2618e32ae413", "title_of_core": null, "schools": ["512b49bc62933a682f00048a"], "free_choice_flag": true, "continued_education": false, "prerequisites": "Innt\u00f6kuskilyr\u00f0i \u00e1 brautina eru a\u00f0 nemendur hafi loki\u00f0 kjarnagreinum grunnsk\u00f3la me\u00f0 fulln\u00e6gjandi \u00e1rangri. N\u00e1ms\u00e1rangur \u00ed kjarnagreinum mun einnig hafa \u00e1hrif \u00e1 inn \u00e1 hva\u00f0a \u00ferep nemandinn innritast. Ef fleiri s\u00e6kja um n\u00e1m \u00e1 brautinni en sk\u00f3linn getur teki\u00f0 vi\u00f0 getur innt\u00f6kuvi\u00f0mi\u00f0 or\u00f0i\u00f0 h\u00e6rra en l\u00e1gmarki\u00f0. ", "target_groups": [], "competence_goals": ["efla eigin sj\u00e1lfsmynd og n\u00fdta styrkleika s\u00edna", "s\u00fdna frumkv\u00e6\u00f0i og takast \u00e1 vi\u00f0 \u00f3l\u00edk verkefni innan sk\u00f3lans sem utan", "vera virkur \u00fe\u00e1tttakandi \u00ed sk\u00f3lastarfinu og l\u00fd\u00f0r\u00e6\u00f0issamf\u00e9lagi", "tileinka s\u00e9r v\u00ed\u00f0s\u00fdni, gagnr\u00fdna hugsun og samkennd", "b\u00faa yfir \u00f6flugri si\u00f0fer\u00f0isvitund og \u00e1byrg\u00f0arkennd", "beita skapandi og lausnami\u00f0a\u00f0ri hugsun vi\u00f0 n\u00e1m og st\u00f6rf", "lesa heimildir og ranns\u00f3knarg\u00f6gn \u00e1 gagnr\u00fdninn h\u00e1tt", "taka \u00fe\u00e1tt \u00ed r\u00f6kr\u00e6\u00f0um og uppl\u00fdstri umr\u00e6\u00f0u um m\u00e1lefni er tengjast hreyfingu, heilsueflingu, \u00fej\u00e1lfun og \u00fativist", "\u00feekkja hvernig m\u00e1 n\u00fdta s\u00e9r m\u00f6guleika til hreyfingar \u00ed n\u00e1nasta umhverfi og \u00fati \u00ed n\u00e1tt\u00farunni", "greina fr\u00e1 afst\u00f6\u00f0u sinni til heilbrig\u00f0s l\u00edfsst\u00edls og fl\u00e9tta hreyfingu inn \u00ed daglegt l\u00edf og starf", "beita fr\u00e6\u00f0ilegri hugsun og a\u00f0fer\u00f0um vi\u00f0 greiningu vi\u00f0fangsefna, \u00f6flun uppl\u00fdsinga, m\u00e6lingar, mat, \u00farvinnslu og t\u00falkun", "takast \u00e1 vi\u00f0 frekara n\u00e1m, einkum \u00ed \u00ed\u00fer\u00f3tta- og l\u00fd\u00f0heilsufr\u00e6\u00f0um"], "log": [], "organization": "\u00cd\u00fer\u00f3tta- og l\u00fd\u00f0heilsubraut er \u00ed bland b\u00f3kleg og verkleg braut og kennsla fer fram b\u00e6\u00f0i innan sk\u00f3lans og utan. Kennslua\u00f0fer\u00f0ir eru fj\u00f6lbreyttar, byggja m.a. \u00e1 lei\u00f0sagnarmati og mi\u00f0ast vi\u00f0 a\u00f0 allir nemendur eigi kost \u00e1 a\u00f0 n\u00fdta h\u00e6fileika s\u00edna og f\u00e1 endurgj\u00f6f \u00e1 verkefni s\u00edn. L\u00f6g\u00f0 er \u00e1hersla \u00e1 sj\u00e1lfst\u00e6\u00f0 vinnubr\u00f6g\u00f0 og vinnusemi nemenda. N\u00e1mssamf\u00e9lagi\u00f0 gengur \u00fat \u00e1 samvinnu kennara og nemenda sem skapar j\u00e1kv\u00e6tt og uppbyggilegt umhverfi til n\u00e1ms og starfa.  ", "_id": "c5454412-70c6-4c98-a0e6-5d2416438084", "programme_type_id": "52cac99d71fe19116a528247"}