{"course_choice": [], "epoch_created": 1517845718.253663, "package_choice": [], "date_ministry_approval": 1556897543.037316, "competency": {"numbers_and_information": ["nemendur l\u00e6ra a\u00f0 skilja og t\u00falka texta, g\u00f6gn og uppl\u00fdsingar af \u00fdmsu tagi", "nemendur l\u00e6ra a\u00f0 t\u00falka uppl\u00fdsingar og setja \u00fe\u00e6r fram", "nemendur eru \u00fej\u00e1lfa\u00f0ir \u00ed heimildaleit og a\u00f0 vera gagnr\u00fdnir \u00e1 heimildir", "nemendur l\u00e6ra a\u00f0 vera gagnr\u00fdnir \u00e1 t\u00f6lulegar uppl\u00fdsingar \u00ed fj\u00f6lmi\u00f0lum og fr\u00e6\u00f0igreinum", "nemendur geti setji fram og nota\u00f0 t\u00f6lulegar uppl\u00fdsingar \u00ed r\u00f6ksemdaf\u00e6rslu"], "educational_competence": ["nemendur vinna me\u00f0 styrkleika s\u00edna til a\u00f0 byggja upp j\u00e1kv\u00e6\u00f0a sj\u00e1lfsmynd", "nemendur l\u00e6ra a\u00f0 setja s\u00e9r raunh\u00e6f markmi\u00f0 og meta hvort \u00feau hafi n\u00e1\u00f0st", "nemendur taka \u00e1byrg\u00f0 \u00e1 eigin n\u00e1mi", "nemendur l\u00e6ra a\u00f0 f\u00e6ra r\u00f6k fyrir m\u00e1li s\u00ednu \u00e1 gagnr\u00fdninn h\u00e1tt", "nemendur l\u00e6ra sj\u00e1lfst\u00e6\u00f0i \u00ed vinnubr\u00f6g\u00f0um"], "creative_thinking": ["hvetja nemendur til a\u00f0 sj\u00e1 n\u00fdjar og \u00f3l\u00edkar hli\u00f0ar \u00e1 sama veruleika", "hvetja nemendur til a\u00f0 s\u00fdna frumkv\u00e6\u00f0i og \u00e1r\u00e6\u00f0ni og n\u00fdta \u00feekkingu s\u00edna \u00e1 frumlegan h\u00e1tt", "fl\u00e9tta tj\u00e1ningu og sj\u00e1lfst\u00e6\u00f0ri verkefnavinnu saman vi\u00f0 n\u00e1m", "veita nemendum t\u00e6kif\u00e6ri til skapandi starfs", "gera nemendur me\u00f0vita\u00f0a um styrkleika s\u00edna \u00feannig a\u00f0 \u00feeir geti n\u00fdtt \u00fe\u00e1 \u00ed vinnu og n\u00e1mi"], "equality": ["nemendum gefinn kostur \u00e1 a\u00f0 n\u00fdta h\u00e6fileika s\u00edna \u00e1n ford\u00f3ma", "nota fj\u00f6lbreyttar kennslua\u00f0fer\u00f0ir til a\u00f0 m\u00e6ta \u00fe\u00f6rfum \u00f3l\u00edkra nemenda", "fjalla um hvernig aldur, b\u00faseta, kyn, heilsufar, sj\u00fakd\u00f3mar, f\u00f6tlun, \u00f3l\u00edkir menningarheimar og st\u00e9tt getur endurspeglast \u00ed mismunandi \u00e1hrifum \u00e1 heilsufar", "nemendur kynnist \u00fdmsum tegundum jafnr\u00e9ttis, s.s. kynjajafnr\u00e9tti, kyn\u00fe\u00e1ttajafnr\u00e9tti, j\u00f6fnum r\u00e9tti fatla\u00f0ra og \u00f3fatla\u00f0ra og jafnan jar\u00f0arb\u00faa til au\u00f0linda jar\u00f0arinnar"], "sustainability": ["a\u00f0sto\u00f0a nemendur a\u00f0 sj\u00e1 sig \u00ed v\u00ed\u00f0u samhengi, sem hluta af n\u00e1tt\u00faru, menningu og s\u00f6gu", "hvetja nemendur til h\u00f3fsemi og n\u00e6gjusemi", "hvetja nemendur til a\u00f0 l\u00e1ta sig var\u00f0a um umhverfi\u00f0 og velfer\u00f0 komandi kynsl\u00f3\u00f0a", "virkja nemendur til \u00e1byrg\u00f0ar gagnvart samf\u00e9laginu og umhverfi s\u00ednu", "kenna nemendum a\u00f0 umgangast h\u00e6ttuleg efni og lyf \u00e1samt f\u00f6rgun \u00fargangs \u00e1 umhverfisv\u00e6nan og \u00f6ruggan h\u00e1tt", "fjalla um \u00e1byrg\u00f0 hvers einstaklings \u00e1 mengunarv\u00f6rnum \u00ed n\u00e1nasta umhverfi s\u00ednu"], "foreign_societies": ["nemendur kynnast hinum \u00fdmsu menningarheimum og ver\u00f0a l\u00e6sir \u00e1 \u00f3l\u00edk samf\u00e9l\u00f6g", "nemendur l\u00e6ra al\u00fej\u00f3\u00f0legan fagor\u00f0afor\u00f0a heilbrig\u00f0isgreina", "nemendur auka or\u00f0afor\u00f0a sinn til a\u00f0 afla s\u00e9r uppl\u00fdsinga \u00e1 \u00f3l\u00edkum tungum\u00e1lum", "skapa a\u00f0st\u00e6\u00f0ur sem hvetja nemendur til lestrar \u00e1 erlendum tungum\u00e1lum"], "health": ["fagleg umhyggja og heilsueflandi samskipti eru megin\u00fer\u00e6\u00f0ir \u00ed \u00f6llum heilbrig\u00f0is-og hj\u00fakrunargreinum", "nemendur n\u00fdta h\u00e6fileika s\u00edna og f\u00e1 hr\u00f3s fyrir \u00fea\u00f0 sem vel er gert", "hvetja nemendur til heilbrig\u00f0ra l\u00edfsh\u00e1tta", "fjalla um umhverfi heilbrig\u00f0isstofnanna, sj\u00e1lfsum\u00f6nnun og getu einstaklingsins til \u00feess a\u00f0 n\u00e1 og vi\u00f0halda heilbrig\u00f0i eftir br\u00e1\u00f0 og/e\u00f0a langvinn veikindi", "byggja upp og styrkja j\u00e1kv\u00e6\u00f0a sj\u00e1lfsmynd nemenda", "hvetja nemendur til heilsusamlegs l\u00edfsst\u00edls \u00ed tengslum vi\u00f0 heilsueflandi framhaldssk\u00f3la", "fjalla um gildi heilbrig\u00f0is og \u00feroskaferil fj\u00f6lskyldunnar me\u00f0 s\u00e9rstaka \u00e1herslu \u00e1 ge\u00f0r\u00e6kt"], "icelandic_society_norms": ["\u00f6rva nemendur til a\u00f0 tj\u00e1 sig \u00ed r\u00e6\u00f0u og riti og skapa a\u00f0st\u00e6\u00f0ur sem hvetja til lestrar", "auka or\u00f0afor\u00f0a nemenda og fj\u00f6lga hugt\u00f6kum sem \u00feeir hafa \u00e1 valdi s\u00ednu", "efla skilning nemenda \u00e1 fj\u00f6lbreyttu n\u00e1msefni og auka h\u00e6fni \u00feeirra til a\u00f0 t\u00falka \u00fea\u00f0 og setja \u00ed v\u00ed\u00f0ara samhengi", "nemendur vinna a\u00f0 fj\u00f6lbreyttum verkefnum \u00fear sem \u00feeir kynnast \u00fdmsum hli\u00f0um \u00e1 l\u00e6si"], "democracy_and_human_rights": ["g\u00e6ta \u00feess a\u00f0 \u00e1kvar\u00f0anir um sk\u00f3lastarfi\u00f0 sty\u00f0jist vi\u00f0 m\u00e1lefnaleg r\u00f6k og \u00e1st\u00e6\u00f0ur sem allir f\u00e1 t\u00e6kif\u00e6ri til a\u00f0 gagnr\u00fdna og r\u00e6\u00f0a", "hvetja alla nemendur til virkni \u00ed f\u00e9lagsl\u00edfi, gefa \u00feeim kost \u00e1 a\u00f0 hafa \u00e1hrif \u00e1 sk\u00f3lasamf\u00e9lagi\u00f0 og gera \u00feeim lj\u00f3st hvernig \u00feeir geta gert \u00fea\u00f0", "hvetja alla nemendur til a\u00f0 l\u00e1ta sig var\u00f0a um almannahag, mannr\u00e9ttindi og m\u00e1lefni samf\u00e9lagsins nemendur \u00f6\u00f0last h\u00e6fni \u00ed samskiptum vi\u00f0 a\u00f0ra \u00ed gegnum h\u00f3pvinnu", "leggja \u00e1herslu \u00e1 mismunandi sko\u00f0anir f\u00f3lks og fjalla um hva\u00f0a l\u00edfsgildi liggja a\u00f0 baki afst\u00f6\u00f0u f\u00f3lks til \u00e1litam\u00e1la, s\u00e9rstaklega \u00feeirra er l\u00fata a\u00f0 heilsu, heilbrig\u00f0i og heilbrig\u00f0is\u00fej\u00f3nustu."]}, "user_id": "7ace0f7d-b13c-4859-8a67-02c15409e1c2", "is_ministry_rejected": false, "title": "Sj\u00fakrali\u00f0abraut (Sta\u00f0festingarn\u00famer 408)", "ministry_serial": "19-408-3-8", "version": "sj\u00fakrali\u00f0i-30", "status_trans": "Sam\u00feykkt af r\u00e1\u00f0uneyti", "date_last_sent_to_ministry": 1528728683.520403, "evaluation": "N\u00e1msmat getur fari\u00f0 fram me\u00f0 mismunandi h\u00e6tti eftir \u00e1kv\u00f6r\u00f0un kennara. Mati\u00f0 er \u00fdmist samsett \u00far s\u00edmati og lokapr\u00f3fi e\u00f0a eing\u00f6ngu s\u00edmati. N\u00e1nari tilh\u00f6gun n\u00e1msmats er \u00ed h\u00f6ndum kennara. \u00cd upphafi hverrar annar skal nemendum kynnt n\u00e1ms\u00e1\u00e6tlun og n\u00e1msmarkmi\u00f0 svo og tilh\u00f6gun n\u00e1msmats hvers \u00e1fanga.", "status": "approved by ministry", "core": [{"courses": [{"exemplary": null, "topics": "Almenn heilsur\u00e6kt", "abbreviation": "\u00cd\u00deR\u00d31\u00cdA01", "former_schools": null, "subject": "\u00ed\u00fer\u00f3ttir", "title": "Almenn heilsur\u00e6kt ", "version": 92, "status_trans": "Sam\u00feykkt af sk\u00f3la", "embedded_subject": {"abbreviation": "\u00cd\u00deR\u00d3", "topics": [{"abbreviation": "\u00deK", "topics": ["kraftur", "styrkur", "\u00feol"]}, {"abbreviation": "GL", "topics": ["grunn\u00fe\u00e6ttir \u00ed almennri l\u00edkams- og heilsur\u00e6kt"]}, {"abbreviation": "GH", "topics": ["grunn\u00fe\u00e6ttir \u00ed almennri heilsu- og l\u00edkamsr\u00e6kt"]}, {"abbreviation": "LC", "topics": ["l\u00edkams- og heilsur\u00e6kt"]}, {"abbreviation": "LD", "topics": ["framhald", "l\u00edkams- og heilsur\u00e6kt"]}, {"abbreviation": "AL", "topics": ["almenn l\u00edkams- og heilsur\u00e6kt e\u00f0a \u00fativist"]}, {"abbreviation": "AH", "topics": ["almenn heilsu- og l\u00edkamsr\u00e6kt e\u00f0a \u00fativist"]}, {"abbreviation": "HR", "topics": ["heilsur\u00e6kt"]}, {"abbreviation": "HH", "topics": ["hreyfing og heilsur\u00e6kt"]}, {"abbreviation": "L\u00cd", "topics": ["l\u00edkamsr\u00e6kt"]}, {"abbreviation": "KN", "topics": ["knattspyrna"]}, {"abbreviation": "KK", "topics": ["k\u00f6rfuknattleikur"]}, {"abbreviation": "BA", "topics": ["badminton"]}, {"abbreviation": "BL", "topics": ["blak"]}, {"abbreviation": "HL", "topics": ["almenn heilsu- og l\u00edkamsr\u00e6kt"]}, {"abbreviation": "LA", "topics": ["almenn heilsu- og l\u00edkamsr\u00e6kt me\u00f0 \u00e1herslu \u00e1 styrk", "l\u00edkamsbeitingu og snerpu"]}, {"abbreviation": "LN", "topics": ["l\u00edfst\u00edll", "n\u00e6ring"]}, {"abbreviation": "M\u00de", "topics": ["markmi\u00f0asetning", "\u00fej\u00e1lfunar\u00e1\u00e6tlanir"]}, {"abbreviation": "SK", "topics": ["skipul\u00f6g\u00f0 hreyfing"]}, {"abbreviation": "S\u00cd", "topics": ["skipul\u00f6g\u00f0 hreyfing framhald", "\u00ed\u00fer\u00f3ttir"]}, {"abbreviation": "LS", "topics": ["l\u00edkamsbeiting og snerpa", "styrkur"]}, {"abbreviation": "U\u00de", "topics": ["upphitun", "\u00feol\u00fej\u00e1lfun"]}, {"abbreviation": "SL", "topics": ["li\u00f0leiki", "l\u00edkamsbeiting", "styrkur", "\u00ed\u00fer\u00f3ttamei\u00f0sli"]}, {"abbreviation": "SS", "topics": ["samh\u00e6fing", "snerpa"]}, {"abbreviation": "LH", "topics": ["heilsa", "l\u00edfsst\u00edll"]}, {"abbreviation": "HA", "topics": ["almenn l\u00edkams og heilsur\u00e6kt", "hreyfing", "likamsr\u00e6ktarsalur"]}, {"abbreviation": "B\u00cd", "topics": ["bolta\u00ed\u00fer\u00f3ttir", "l\u00edffr\u00e6\u00f0i hreyfingar"]}, {"abbreviation": "\u00daH", "topics": ["hreyfing", "j\u00e1kv\u00e6\u00f0 upplifun", "sj\u00e1lfstyrking", "\u00dativist"]}, {"abbreviation": "\u00daF", "topics": ["g\u00f6ngufer\u00f0ir \u00e1 fj\u00f6ll", "hreyfing", "\u00fativist"]}, {"abbreviation": "B\u00dd", "topics": ["Band\u00fd"]}, {"abbreviation": "GA", "topics": ["Ganga"]}, {"abbreviation": "SU", "topics": ["Sund"]}, {"abbreviation": "\u00cdS", "topics": ["starfsbraut", "\u00ed\u00fer\u00f3ttir"]}, {"abbreviation": "LB", "topics": ["L\u00edkamsr\u00e6kt", "hreyfing", "li\u00f0leiki", "styrking"]}, {"abbreviation": "A\u00cd", "topics": ["Almennar \u00ed\u00fer\u00f3ttir"]}, {"abbreviation": "BG", "topics": ["Grunnur a\u00f0 l\u00edkamsr\u00e6kt 2"]}, {"abbreviation": "AG", "topics": ["Grunnur a\u00f0 l\u00edkamsr\u00e6kt A"]}, {"abbreviation": "\u00cdC", "topics": ["L\u00edkamsr\u00e6kt og heilsa A"]}, {"abbreviation": "\u00cdD", "topics": ["L\u00edkamsr\u00e6kt og heilsa B"]}, {"abbreviation": "\u00cdF", "topics": ["Almenn heilsur\u00e6kt B"]}, {"abbreviation": "AA", "topics": ["almennar \u00ed\u00fer\u00f3ttir A"]}, {"abbreviation": "AB", "topics": ["Almennar \u00ed\u00fer\u00f3ttir B"]}, {"abbreviation": "AC", "topics": ["Almennar \u00ed\u00fer\u00f3ttir C"]}, {"abbreviation": "AD", "topics": ["Almennar \u00ed\u00fer\u00f3ttir D"]}, {"abbreviation": "AE", "topics": ["Almennar \u00ed\u00fer\u00f3ttir E"]}, {"abbreviation": "AF", "topics": ["Almennar \u00ed\u00fer\u00f3ttir F"]}, {"abbreviation": "HU", "topics": ["Hugur og heilsa"]}, {"abbreviation": "\u00deB", "topics": ["knattspyrna", "k\u00f6rfubolti og a\u00f0rir boltaleikir", "\u00derek"]}, {"abbreviation": "\u00cdG", "topics": ["\u00cd\u00fer\u00f3ttagreinar og \u00fativist"]}, {"abbreviation": "HJ", "topics": ["Hj\u00f3la\u00f0 \u00ed sk\u00f3lann"]}, {"abbreviation": "DL", "topics": ["Dansleikh\u00fas"]}, {"abbreviation": "LE", "topics": ["l\u00edkamsbeyting", "snerpa"]}, {"abbreviation": "LF", "topics": ["l\u00edkamsbeyting", "snerpa", "styrkur"]}, {"abbreviation": "LG", "topics": ["l\u00edkamsbeyting", "styrkur"]}, {"abbreviation": "NA", "topics": ["Hreyfing og heilsur\u00e6kt"]}, {"abbreviation": "NB", "topics": ["Almenn hreyfing og heilsur\u00e6kt"]}, {"abbreviation": "NC", "topics": ["Almenn heilsur\u00e6kt og hreyfing"]}, {"abbreviation": "ND", "topics": ["Fj\u00f6lbreytt hreyfing og heilsur\u00e6kt"]}, {"abbreviation": "NE", "topics": ["Hreyfing", "heilsu- og l\u00edkamsr\u00e6kt"]}, {"abbreviation": "NF", "topics": ["L\u00edkams- og heilsur\u00e6kt"]}, {"abbreviation": "\u00deR", "topics": ["\u00c6fingar \u00ed \u00fereksal"]}, {"abbreviation": "DA", "topics": ["dans", "leikir og samvinna", "\u00cd\u00fer\u00f3ttir"]}, {"abbreviation": "BO", "topics": ["Boltaleikir"]}, {"abbreviation": "HB", "topics": ["Handbolti"]}, {"abbreviation": "HP", "topics": ["Hlaup"]}, {"abbreviation": "K\u00d6", "topics": ["K\u00f6rfubolti"]}, {"abbreviation": "L\u00de", "topics": ["Leikir og \u00ferek"]}, {"abbreviation": "VE", "topics": ["Vetrar\u00ed\u00fer\u00f3ttir", "bretti", "skautar", "sk\u00ed\u00f0i"]}, {"abbreviation": "\u00deL", "topics": ["hlaup", "li\u00f0leiki", "lyftingar", "\u00derek"]}, {"abbreviation": "\u00cdA", "topics": ["Almenn heilsur\u00e6kt"]}], "_id": "50c0a02dd8e40575f7f6f4cc", "subjects": ["\u00ed\u00fer\u00f3ttir"], "counter": {"1": 58, "3": 0, "2": 10, "4": 0}}, "evaluation": "N\u00e1msmat er \u00fatfr\u00e6rt \u00ed kennslu\u00e1\u00e6tlun \u00ed samr\u00e6mi vi\u00f0  sk\u00f3lan\u00e1mskr\u00e1", "categorization_suggestion": "", "embedded_topics": {"abbreviation": "\u00cdA", "topics": ["Almenn heilsur\u00e6kt"]}, "status": "approved by school", "description": "Nemandinn stundar s\u00edna heilsur\u00e6kt \u00ed sal, \u00ed r\u00e6ktinni, \u00fatihlaupum, e\u00f0a \u00e1 g\u00f6ngu.", "knowledge_goals": ["a\u00f0 bera \u00e1byrg\u00f0 \u00e1 eigin heilsu"], "skills_goals": ["b\u00e6ta l\u00edkamsbeitingu", "stunda l\u00edkamsr\u00e6kt"], "credits": 1, "last_modified": 1426178889.726372, "schools": ["51234a418caa45ed97015b34"], "coauthors": null, "instructions": "", "continued_education": false, "level": 1, "prerequisites": "\u00cd\u00deR\u00d31\u00cdG01", "author": "be449920-0f11-4afd-b29a-4f4c10d27d96", "abbreviation_version": null, "competence_goals": [["geta stunda\u00f0 l\u00edkamsr\u00e6kt reglulega og kunni a\u00f0 skipuleggja \u00e6fingar", ""]], "_id": "5501c34962933a46920012e5"}, {"exemplary": null, "topics": "Almennur, grunnur", "abbreviation": "HJ\u00daK1AG05", "former_schools": ["512b49bc62933a682f00048a"], "subject": "Hj\u00fakrun, grunnur", "title": "Almenn hj\u00fakrun", "version": 3, "status_trans": "Sam\u00feykkt af sk\u00f3la", "embedded_subject": {"abbreviation": "HJ\u00daK", "topics": [{"abbreviation": "AG", "topics": ["Almennur", "grunnur"]}, {"abbreviation": "HM", "topics": ["Hjarta", "melting"]}, {"abbreviation": "TV", "topics": ["taugakerfi", "verkir"]}, {"abbreviation": "\u00d6H", "topics": ["hugmyndafr\u00e6\u00f0i", "\u00f6ldrun"]}, {"abbreviation": "FG", "topics": ["fj\u00f6lskylduhj\u00fakrun", "ge\u00f0hj\u00fakrun"]}, {"abbreviation": "LO", "topics": ["lokaverkefni"]}], "_id": "5384f8a262933a13a1000b1e", "subjects": ["Hj\u00fakrun", "grunnur"], "counter": {"1": 2, "3": 5, "2": 3, "4": 0}}, "evaluation": "N\u00e1msmat er \u00fatf\u00e6rt \u00ed kennslu\u00e1\u00e6tlun \u00ed samr\u00e6mi vi\u00f0 sk\u00f3lan\u00e1mskr\u00e1", "categorization_suggestion": "", "embedded_topics": {"abbreviation": "AG", "topics": ["Almennur", "grunnur"]}, "status": "approved by school", "description": "\u00cd \u00e1fanganum er fjalla\u00f0 um s\u00f6gu og hugmyndafr\u00e6\u00f0i hj\u00fakrunar. Kynnt eru l\u00f6g og regluger\u00f0ir sem l\u00fata a\u00f0 heilbrig\u00f0is\u00fej\u00f3nustu \u00e1 \u00cdslandi, si\u00f0areglur sj\u00fakrali\u00f0a og hva\u00f0 felst \u00ed hugtakinu fagmennska. Fjalla\u00f0 er um umhyggjuhugtaki\u00f0, andlegar, l\u00edkamlegar og f\u00e9lagslegar \u00fearfir skj\u00f3lst\u00e6\u00f0inga. Fjalla\u00f0 er um \u00fe\u00e6tti sem hafa \u00e1hrif \u00e1 l\u00ed\u00f0an og breytingar \u00e1 l\u00edkamsstarfsemi. Auk \u00feess er fjalla\u00f0 um um\u00f6nnum sj\u00faklinga og \u00fe\u00e6tti sem hafa \u00e1hrif \u00e1 sj\u00e1lfsum\u00f6nnun.", "knowledge_goals": ["s\u00f6gu og \u00fer\u00f3un hj\u00fakrunar og \u00feeirri hugmyndafr\u00e6\u00f0i sem hj\u00fakrunarst\u00f6rf byggjast \u00e1", "helstu skipulagsformum hj\u00fakrunar", "umhyggjuhugtakinu", "si\u00f0areglum sj\u00fakrali\u00f0a", "r\u00e9ttindum skj\u00f3lst\u00e6\u00f0inga skv. l\u00f6gum", "mikilv\u00e6gi skr\u00e1ninga og athugana \u00ed hj\u00fakrun", "grunn\u00fe\u00f6rfum mannsins og fr\u00e1vikum fr\u00e1 \u00feeim", "mikilv\u00e6gi svefns og hv\u00edldar", "\u00e1hrifum verkja \u00e1 skj\u00f3lst\u00e6\u00f0ing", "fylgikvillum r\u00famlegunnar"], "skills_goals": ["skr\u00e1 ni\u00f0urst\u00f6\u00f0ur athugana og m\u00e6linga \u00e1 vi\u00f0urkenndan h\u00e1tt", "fylgja lei\u00f0beiningum \u00ed \u00feeim tilgangi a\u00f0 b\u00e6ta l\u00ed\u00f0an skj\u00f3lst\u00e6\u00f0ings", "fyrirbyggja fylgikvilla r\u00famlegunnar", "s\u00fdna faglega umhyggju", "taka \u00e1 m\u00f3ti skj\u00f3lst\u00e6\u00f0ingi \u00e1 faglegan h\u00e1tt"], "credits": 5, "last_modified": 1493726459.231162, "schools": ["51234a418caa45ed97015b34"], "coauthors": null, "instructions": "", "continued_education": false, "level": 1, "prerequisites": "A\u00f0 hafa loki\u00f0 1. \u00f6nn \u00ed sj\u00fakrali\u00f0an\u00e1mi", "author": "7ace0f7d-b13c-4859-8a67-02c15409e1c2", "abbreviation_version": null, "competence_goals": [["tengja s\u00f6gu og hugmyndafr\u00e6\u00f0i hj\u00fakrunar vi\u00f0 hj\u00fakrunarst\u00f6rf", ""], ["\u00fatsk\u00fdra tengsl andlegs, l\u00edkamlegs og f\u00e9lagslegs \u00e1stands skj\u00f3lst\u00e6\u00f0ings vi\u00f0 hj\u00fakrunar\u00fearfir hans", ""], ["gera grein fyrir \u00e1byrg\u00f0 sj\u00fakrali\u00f0a \u00ed hj\u00fakrun", ""], ["eiga j\u00e1kv\u00e6\u00f0 og uppbyggileg samskipti og samstarf vi\u00f0 skj\u00f3lst\u00e6\u00f0inga og samstarfsf\u00f3lk", ""], ["s\u00fdna fagmennsku \u00ed or\u00f0i og verki", ""], ["r\u00f6ksty\u00f0ja mikilv\u00e6gi \u00feagnarskyldu og tr\u00fana\u00f0ar \u00ed samskiptum vi\u00f0 skj\u00f3lst\u00e6\u00f0ing", ""], ["\u00fatsk\u00fdra mikilv\u00e6gi \u00feess a\u00f0 umgangast n\u00e1nasta umhverfi skj\u00f3lst\u00e6\u00f0ings af vir\u00f0ingu", ""], ["taka \u00fe\u00e1tt \u00ed samr\u00e6\u00f0um um l\u00ed\u00f0an skj\u00f3lst\u00e6\u00f0ings", ""]], "_id": "590874fb62933a4e9204b922"}, {"exemplary": null, "topics": "byrjunar\u00e1fangi \u00ed f\u00e9lagsfr\u00e6\u00f0i", "abbreviation": "F\u00c9LA1BY05", "former_schools": null, "subject": "f\u00e9lagsfr\u00e6\u00f0i", "title": "Byrjunar\u00e1fangi \u00ed f\u00e9lagsfr\u00e6\u00f0i", "version": 15, "status_trans": "Sam\u00feykkt af sk\u00f3la", "embedded_subject": {"abbreviation": "F\u00c9LA", "topics": [{"abbreviation": "AK", "topics": ["almenn kynning"]}, {"abbreviation": "KS", "topics": ["kenningar", "sam\u00e9lag"]}, {"abbreviation": "AL", "topics": ["af almenn f\u00e9lagsfr\u00e6\u00f0i"]}, {"abbreviation": "MA", "topics": ["mannfr\u00e6\u00f0i"]}, {"abbreviation": "KR", "topics": ["kenningar og ranns\u00f3knara\u00f0fer\u00f0ir"]}, {"abbreviation": "KY", "topics": ["kynjafr\u00e6\u00f0i"]}, {"abbreviation": "SK", "topics": ["kenningar", "samf\u00e9lag"]}, {"abbreviation": "ST", "topics": ["stj\u00f3rnm\u00e1lafr\u00e6\u00f0i"]}, {"abbreviation": "MV", "topics": ["mentor", "vin\u00e1tta"]}, {"abbreviation": "AB", "topics": ["afbrotafr\u00e6\u00f0i"]}, {"abbreviation": "H\u00de", "topics": ["hnattv\u00e6\u00f0ing og \u00fer\u00f3unarl\u00f6nd"]}, {"abbreviation": "BY", "topics": ["byrjunar\u00e1fangi \u00ed f\u00e9lagsfr\u00e6\u00f0i"]}, {"abbreviation": "KE", "topics": ["kenningar \u00ed f\u00e9lagsfr\u00e6\u00f0i"]}, {"abbreviation": "HJ", "topics": ["hj\u00e1lparstarf"]}, {"abbreviation": "BR", "topics": ["brautry\u00f0jendur og kenningar"]}, {"abbreviation": "AF", "topics": ["almenn f\u00e9lagsfr\u00e6\u00f0i"]}, {"abbreviation": "BK", "topics": ["brautry\u00f0jendur og helstu vi\u00f0fangsefni"]}, {"abbreviation": "KV", "topics": ["kvikmyndir \u00ed lj\u00f3si f\u00e9lagsfr\u00e6\u00f0i"]}, {"abbreviation": "HE", "topics": ["heilsuf\u00e9lagsfr\u00e6\u00f0i"]}, {"abbreviation": "AT", "topics": ["t\u00edskustraumar", "t\u00f3nlist"]}, {"abbreviation": "TT", "topics": ["al\u00fe\u00fd\u00f0ut\u00f3nlist", "t\u00edskustraumar"]}, {"abbreviation": "SS", "topics": ["almennur yfirlits\u00e1fangi", "inngangur a\u00f0 f\u00e9lagsfr\u00e6\u00f0i"]}, {"abbreviation": "\u00deR", "topics": ["\u00fer\u00f3unarl\u00f6nd"]}, {"abbreviation": "A\u00d0", "topics": ["a\u00f0fer\u00f0afr\u00e6\u00f0i"]}, {"abbreviation": "FS", "topics": ["fj\u00f6lskyldan.", "f\u00e9lagsfr\u00e6\u00f0in", "f\u00e9lagsm\u00f3tun", "samf\u00e9lagi\u00f0"]}, {"abbreviation": "KK", "topics": ["kenningar og ranns\u00f3knara\u00f0fer\u00f0ir", "kynjafr\u00e6\u00f0i"]}, {"abbreviation": "KF", "topics": ["Kenningar", "samf\u00e9lag"]}, {"abbreviation": "BA", "topics": ["Inngangur a\u00f0 afbrotafr\u00e6\u00f0i"]}, {"abbreviation": "AA", "topics": ["Almenn f\u00e9lagsfr\u00e6\u00f0i"]}, {"abbreviation": "FJ", "topics": ["Fj\u00f6lmi\u00f0lar \u00ed lj\u00f3si f\u00e9lagsfr\u00e6\u00f0innar"]}, {"abbreviation": "CH", "topics": ["Heilsuf\u00e9lagsfr\u00e6\u00f0i"]}, {"abbreviation": "BB", "topics": ["Brautry\u00f0jendur og helstu vi\u00f0fangsefni"]}, {"abbreviation": "F\u00d6", "topics": ["F\u00f6tlun og samf\u00e9lag"]}, {"abbreviation": "AH", "topics": ["Afbrotafr\u00e6\u00f0i og fr\u00e1viksheg\u00f0un"]}, {"abbreviation": "KA", "topics": ["Kenningar og a\u00f0fer\u00f0afr\u00e6\u00f0i"]}, {"abbreviation": "FF", "topics": ["F\u00e9lags- og fj\u00f6lmi\u00f0lafr\u00e6\u00f0i"]}, {"abbreviation": "FK", "topics": ["Ford\u00e6ming", "fe\u00f0raveldi", "kat\u00f3lska"]}, {"abbreviation": "SM", "topics": ["Saga", "mannr\u00e9ttindi", "samf\u00e9lag"]}, {"abbreviation": "SF", "topics": ["fj\u00f6lmi\u00f0lafr\u00e6\u00f0i"]}, {"abbreviation": "FV", "topics": ["fe\u00f0raveldi", "kirkjan", "refsingar"]}, {"abbreviation": "BS", "topics": ["Stj\u00f3rnm\u00e1lafr\u00e6\u00f0i"]}, {"abbreviation": "CS", "topics": ["Al\u00fej\u00f3\u00f0astj\u00f3rnm\u00e1l"]}, {"abbreviation": "CA", "topics": ["Mannfr\u00e6\u00f0i"]}, {"abbreviation": "CM", "topics": ["Mannfr\u00e6\u00f0i."]}, {"abbreviation": "IS", "topics": ["Inngangur og samf\u00e9lag"]}, {"abbreviation": "CF", "topics": ["f\u00e9lagsfr\u00e6\u00f0iranns\u00f3kn"]}, {"abbreviation": "SH", "topics": ["Saga og sj\u00f3narhorn"]}, {"abbreviation": "BE", "topics": ["Heilsuf\u00e9lagsfr\u00e6\u00f0i."]}, {"abbreviation": "C\u00de", "topics": ["F\u00e9lagsfr\u00e6\u00f0i \u00fer\u00f3unarlanda"]}, {"abbreviation": "MS", "topics": ["atvinnul\u00edf", "menning", "samf\u00e9lag", "stj\u00f3rnm\u00e1l"]}, {"abbreviation": "FA", "topics": ["a\u00f0fer\u00f0afr\u00e6\u00f0i", "frumkv\u00f6\u00f0lar", "f\u00e9lagsleg lagskipting", "kenningar"]}, {"abbreviation": "AR", "topics": ["a\u00f0fer\u00f0afr\u00e6\u00f0i ranns\u00f3kna \u00ed f\u00e9lagsfr\u00e6\u00f0i"]}, {"abbreviation": "SE", "topics": ["Evr\u00f3pusamstarf", "stj\u00f3rnm\u00e1lastefnur", "vald og l\u00fd\u00f0r\u00e6\u00f0i", "\u00edslensk stj\u00f3rnm\u00e1l"]}, {"abbreviation": "KJ", "topics": ["Kynja\u2013 og jafnr\u00e9ttisfr\u00e6\u00f0sla", "samf\u00e9lagsr\u00fdni"]}, {"abbreviation": "ML", "topics": ["upphaf og \u00fer\u00f3un l\u00fd\u00f0r\u00e6\u00f0is- og mannr\u00e9ttindahugmynda"]}, {"abbreviation": "S\u00de", "topics": ["efnahagur", "misskipting au\u00f0s", "stj\u00f3rnm\u00e1l \u00fer\u00f3unarlanda", "\u00fer\u00f3unarsamvinna"]}, {"abbreviation": "\u00deM", "topics": ["f\u00e9lagsleg mannfr\u00e6\u00f0i", "samf\u00e9l\u00f6g manna", "\u00fer\u00f3unarsaga mannsins"]}, {"abbreviation": "ES", "topics": ["Einstaklingur", "Fj\u00f6lskyldan", "Hugt\u00f6k", "Samf\u00e9lag"]}, {"abbreviation": "FM", "topics": ["F\u00e9lagsfr\u00e6\u00f0i", "matarmenning"]}, {"abbreviation": "BF", "topics": ["fj\u00f6lmi\u00f0lar \u00ed lj\u00f3si f\u00e9lagsfr\u00e6\u00f0innar"]}, {"abbreviation": "M\u00de", "topics": ["Mannfr\u00e6\u00f0i og \u00fer\u00f3unarl\u00f6nd"]}, {"abbreviation": "FR", "topics": ["Frumkv\u00f6\u00f0lar og kenningar \u00ed f\u00e9lagsfr\u00e6\u00f0i"]}, {"abbreviation": "RA", "topics": ["Ranns\u00f3knir og a\u00f0fer\u00f0ir f\u00e9lagsgreina"]}, {"abbreviation": "IN", "topics": ["al\u00fe\u00fd\u00f0ut\u00f3nlist", "byrjunar\u00e1fangi \u00ed f\u00e9lagsfr\u00e6\u00f0i", "inngangur a\u00f0 f\u00e9lagsfr\u00e6\u00f0i"]}, {"abbreviation": "F\u00de", "topics": ["f\u00e9lagsfr\u00e6\u00f0i \u00fer\u00f3unarlanda"]}, {"abbreviation": "LM", "topics": ["L\u00fd\u00f0r\u00e6\u00f0i og mannr\u00e9ttindi"]}, {"abbreviation": "IH", "topics": ["Inngangur og hugt\u00f6k"]}, {"abbreviation": "MM", "topics": ["Minnihlutah\u00f3par og margbreytileiki"]}, {"abbreviation": "OF", "topics": ["Ofbeldi"]}, {"abbreviation": "FT", "topics": ["F\u00e9lagsfr\u00e6\u00f0i og tungum\u00e1l"]}], "_id": "50c0a02dd8e40575f7f6f49e", "subjects": ["f\u00e9lagsfr\u00e6\u00f0i"], "counter": {"1": 14, "3": 59, "2": 59, "4": 0}}, "evaluation": "N\u00e1msmat er \u00fatf\u00e6rt \u00ed kennslu\u00e1\u00e6tlun \u00ed samr\u00e6mi vi\u00f0 sk\u00f3lan\u00e1mskr\u00e1", "categorization_suggestion": "", "embedded_topics": {"abbreviation": "BY", "topics": ["byrjunar\u00e1fangi \u00ed f\u00e9lagsfr\u00e6\u00f0i"]}, "status": "approved by school", "description": "\u00cd \u00e1fanganum er fjalla\u00f0 um gagnvirk \u00e1hrif einstaklings og samf\u00e9lags. Nemendur kynnast \u00fev\u00ed hvernig f\u00e9lagsfr\u00e6\u00f0in sko\u00f0ar samband einstaklings og samf\u00e9lags me\u00f0 hugt\u00f6kunum menning, samf\u00e9lag, f\u00e9lagsm\u00f3tun, fj\u00f6lskylda og stj\u00f3rnm\u00e1l. N\u00e1mi\u00f0 \u00ed \u00e1fanganum felst \u00ed \u00fev\u00ed a\u00f0 nemandinn tileinkar s\u00e9r helstu hugt\u00f6k f\u00e9lagfr\u00e6\u00f0innar svo sem gildi, vi\u00f0mi\u00f0, f\u00e9lagslegt taumhald, hnattv\u00e6\u00f0ingu, fj\u00f6lmenningu, hlutverk, st\u00f6\u00f0u, sj\u00e1lfsmynd og notar \u00feau til a\u00f0 greina umhverfi sitt n\u00e6r og fj\u00e6r. Fjalla\u00f0 er um \u00fer\u00f3un \u00edslensks samf\u00e9lags og megineinkennum \u00feess l\u00fdst. S\u00e9rst\u00f6k \u00e1hersla er l\u00f6g\u00f0 \u00e1 a\u00f0 fjalla um f\u00e9lagsm\u00f3tun einstaklingsins almennt, m\u00e1lefni fj\u00f6lskyldunnar, kynhlutverk og mikilv\u00e6gi stj\u00f3rnm\u00e1la \u00ed s\u00edbreytilegum heimi. \u00de\u00e1 er fjalla\u00f0 a\u00f0 hluta um f\u00e9lagsfr\u00e6\u00f0ina sem fr\u00e6\u00f0igrein og n\u00e1msgrein og helstu frumkv\u00f6\u00f0lar hennar eru kynntir.", "knowledge_goals": ["grunnhugt\u00f6kum f\u00e9lagsfr\u00e6\u00f0innar", "tengslum gilda og vi\u00f0mi\u00f0a og me\u00f0 hva\u00f0a h\u00e6tti \u00feau tengjast almennu si\u00f0fer\u00f0i", "\u00f3l\u00edkum f\u00e9lagsm\u00f3tunara\u00f0ilum sem hafa \u00e1hrif \u00e1 m\u00f3tun einstaklings og umhverfis", "mismunandi fj\u00f6lskylduger\u00f0um og hj\u00faskaparh\u00e1ttum", "uppbyggingu \u00edslensks stj\u00f3rnkerfis m.t.t. \u00fer\u00edskiptingu r\u00edkisvalds, \u00feingr\u00e6\u00f0is og l\u00fd\u00f0r\u00e6\u00f0is", "\u00f3l\u00edkum f\u00e9lagsm\u00f3tunara\u00f0ilum sem hafa \u00e1hrif \u00e1 m\u00f3tun einstaklings og umhverfis", "\u00fer\u00f3un f\u00e9lagsfr\u00e6\u00f0innar og helstu frumkv\u00f6\u00f0lum hennar", "gagnsemi f\u00e9lagsfr\u00e6\u00f0ilegrar umr\u00e6\u00f0u um samf\u00e9lagsleg m\u00e1lefni l\u00ed\u00f0andi stundar"], "skills_goals": ["afla s\u00e9r fj\u00f6lbreytilegra uppl\u00fdsinga um mismunandi menningarsamf\u00e9l\u00f6g", "\u00fatsk\u00fdra helstu \u00e1hrif sem f\u00e9lagsm\u00f3tunara\u00f0ilar hafa \u00e1 b\u00f6rn og unglinga", "vinna me\u00f0 uppl\u00fdsingar um mismunandi fj\u00f6lskylduger\u00f0ir og hj\u00faskaparh\u00e6tti \u00e1 hagn\u00fdtan og fj\u00f6lbreytilegan h\u00e1tt", "\u00fatsk\u00fdra skilmerkilega uppbyggingu og bo\u00f0lei\u00f0ir \u00ed \u00edslenska stj\u00f3rnkerfinu", "beita samanbur\u00f0i \u00e1 mismunandi hugmyndafr\u00e6\u00f0i stj\u00f3rnm\u00e1la", "fjalla skilmerkilega um samf\u00e9lagsleg m\u00e1lefni b\u00e6\u00f0i munnlega og skriflega", "vega og meta uppl\u00fdsingar me\u00f0 gagnr\u00fdnu hugarfari og a\u00f0 greina \u00e1 milli r\u00f6kr\u00e6\u00f0u og kappr\u00e6\u00f0u um samf\u00e9lagsleg m\u00e1lefni"], "credits": 5, "last_modified": 1455805978.322379, "schools": ["51234a418caa45ed97015b34"], "coauthors": null, "instructions": "", "continued_education": false, "level": 1, "prerequisites": "H\u00e6fnieinkunn C \u00ed samf\u00e9lagsgreinum \u00far grunnsk\u00f3la e\u00f0a 1. \u00ferep \u00ed \u00edslensku", "author": "7ace0f7d-b13c-4859-8a67-02c15409e1c2", "abbreviation_version": null, "competence_goals": [["leggja mat \u00e1 uppl\u00fdsingar um menningar- og samf\u00e9lagstengd m\u00e1lefni l\u00ed\u00f0andi stundar", ""], ["leggja mat \u00e1 ford\u00f3ma gagnvart tilteknum menningar- og \u00fej\u00f3\u00f0f\u00e9lagsh\u00f3pum og greina m\u00f6gulegar \u00e1st\u00e6\u00f0ur \u00feessara ford\u00f3ma", ""], ["tengja f\u00e9lagsfr\u00e6\u00f0ileg hugt\u00f6k vi\u00f0 daglegt l\u00edf og sj\u00e1 notagildi \u00feeira", ""], ["leggja mat \u00e1 eigin f\u00e9lagsm\u00f3tun og efla eigin sj\u00e1lfsmynd", ""], ["tileinka s\u00e9r vi\u00f0horf sem einkennast af almennum jafnr\u00e9ttissj\u00f3narmi\u00f0um og taka \u00fe\u00e1tt \u00ed l\u00fd\u00f0r\u00e6\u00f0islegri samr\u00e6\u00f0u og samstarfi", ""], ["vi\u00f0a a\u00f0 s\u00e9r efni og skrifa heimildaritger\u00f0 um afmarka\u00f0 vi\u00f0fangsefni", ""], ["taka \u00fe\u00e1tt \u00ed r\u00f6kr\u00e6\u00f0um um samf\u00e9lagsleg m\u00e1lefni", ""], ["takast \u00e1 vi\u00f0 frekara n\u00e1m \u00ed f\u00e9lagsfr\u00e6\u00f0i og \u00f6\u00f0rum samf\u00e9lagsgreinum", ""]], "_id": "56c5d61a62933a0316000515"}, {"exemplary": null, "topics": "B\u00f3kmenntir, heimildaritger\u00f0, m\u00e1lsaga", "abbreviation": "\u00cdSLE2HB05", "former_schools": null, "subject": "\u00edslenska", "title": "B\u00f3kmenntir, heimildaritger\u00f0, m\u00e1lsaga", "version": 59, "status_trans": "Sam\u00feykkt af sk\u00f3la", "embedded_subject": {"abbreviation": "\u00cdSLE", "topics": [{"abbreviation": "VR", "topics": ["ritun", "vi\u00f0skiptaskj\u00f6l"]}, {"abbreviation": "TM", "topics": ["m\u00e1lskilningur", "tj\u00e1ning"]}, {"abbreviation": "MS", "topics": ["m\u00e1lskilningur", "s\u00e9rdeild"]}, {"abbreviation": "RT", "topics": ["ritun og tj\u00e1ning"]}, {"abbreviation": "LL", "topics": ["leshra\u00f0i", "lesskilningur"]}, {"abbreviation": "MM", "topics": ["m\u00e1lfr\u00e6\u00f0i", "m\u00e1ltilfinning"]}, {"abbreviation": "RG", "topics": ["greinamerkjasetning", "r\u00e9ttritun"]}, {"abbreviation": "SF", "topics": ["fr\u00f3\u00f0leiks\u00f6flun", "samskipti"]}, {"abbreviation": "BK", "topics": ["b\u00f3kmenntir", "kj\u00f6rb\u00f3k"]}, {"abbreviation": "RB", "topics": ["b\u00f3kmenntir", "ritun"]}, {"abbreviation": "BM", "topics": ["b\u00f3kmenntir", "m\u00e1lsaga", "ritun", "tj\u00e1ning"]}, {"abbreviation": "NB", "topics": ["n\u00fat\u00edmab\u00f3kmenntir"]}, {"abbreviation": "BF", "topics": ["b\u00f3kmenntir fyrri alda"]}, {"abbreviation": "SB", "topics": ["menning", "samt\u00edmab\u00f3kmenntir"]}, {"abbreviation": "BB", "topics": ["barnab\u00f3kmenntir"]}, {"abbreviation": "HR", "topics": ["hra\u00f0lestur"]}, {"abbreviation": "YN", "topics": ["yndislestur"]}, {"abbreviation": "ML", "topics": ["leskilningur", "m\u00e1lnotkun", "m\u00e1ltaka", "ritun og tj\u00e1ning"]}, {"abbreviation": "MB", "topics": ["b\u00f3kmenntir og ritun", "m\u00e1lnotkun"]}, {"abbreviation": "MN", "topics": ["b\u00f3kmenntir", "m\u00e1lsaga og nafnasi\u00f0ir"]}, {"abbreviation": "YH", "topics": ["hra\u00f0lestur", "yndislestur"]}, {"abbreviation": "BS", "topics": ["b\u00f3kmenntir s\u00ed\u00f0ari alda"]}, {"abbreviation": "FH", "topics": ["f\u00e9lagsleg m\u00e1lv\u00edsindi", "hlj\u00f3\u00f0fr\u00e6\u00f0i og hlj\u00f3\u00f0kerfisfr\u00e6\u00f0i", "\u00fe\u00fd\u00f0ingar"]}, {"abbreviation": "TB", "topics": ["tj\u00e1skipti barna og fullor\u00f0inna"]}, {"abbreviation": "GL", "topics": ["gl\u00e6pas\u00f6gur"]}, {"abbreviation": "RM", "topics": ["m\u00e1lfr\u00e6\u00f0i", "ritun", "stafsetning"]}, {"abbreviation": "BT", "topics": ["bragfr\u00e6\u00f0i", "setningafr\u00e6\u00f0i", "textar fr\u00e1 \u00fdmsum l\u00f6ndum"]}, {"abbreviation": "MT", "topics": ["m\u00e1lfr\u00e6\u00f0i", "ritun og tj\u00e1ning"]}, {"abbreviation": "BR", "topics": ["b\u00f3kmenntir", "m\u00e1lnotkun", "ritun"]}, {"abbreviation": "MG", "topics": ["b\u00f3kmenntir og ritun", "go\u00f0afr\u00e6\u00f0i", "m\u00e1lsaga"]}, {"abbreviation": "EU", "topics": ["eddukv\u00e6\u00f0i", "uppl\u00fdsing"]}, {"abbreviation": "UK", "topics": ["kreppa", "uppl\u00fdsing"]}, {"abbreviation": "KA", "topics": ["aldam\u00f3t", "kreppa"]}, {"abbreviation": "RN", "topics": ["n\u00fat\u00edmab\u00f3kmenntir", "ritger\u00f0arsm\u00ed\u00f0"]}, {"abbreviation": "KU", "topics": ["kynningarefni", "ums\u00f3knir"]}, {"abbreviation": "RI", "topics": ["ritger\u00f0arsm\u00ed\u00f0", "textar fr\u00e1 \u00fdmsum l\u00f6ndum"]}, {"abbreviation": "BG", "topics": ["b\u00f3kmenntir", "go\u00f0afr\u00e6\u00f0i", "m\u00e1lsaga"]}, {"abbreviation": "FM", "topics": ["fornb\u00f3kmenntir", "m\u00e1lfr\u00e6\u00f0i"]}, {"abbreviation": "BN", "topics": ["b\u00f3kmenntir", "n\u00fat\u00edmi"]}, {"abbreviation": "FO", "topics": ["fornb\u00f3kmenntir"]}, {"abbreviation": "UN", "topics": ["undirb\u00fanings\u00e1fangi \u00ed \u00edslensku"]}, {"abbreviation": "MR", "topics": ["b\u00f3kmenntir", "m\u00e1lnotkun og ritun"]}, {"abbreviation": "ED", "topics": ["eddukv\u00e6\u00f0i og \u00edslendingas\u00f6gur"]}, {"abbreviation": "NJ", "topics": ["fr\u00e1 nj\u00e1lu til n\u00fdr\u00f3mant\u00edkur"]}, {"abbreviation": "\u00d6L", "topics": ["b\u00f3kmenntir \u00e1 20. \u00f6ld"]}, {"abbreviation": "ME", "topics": ["b\u00f3kmenntir"]}, {"abbreviation": "RL", "topics": ["lestur", "ritun og tj\u00e1ning"]}, {"abbreviation": "MI", "topics": ["m\u00e1l og b\u00f3kmenntir fr\u00e1 si\u00f0askiptum til aldam\u00f3tanna 1900"]}, {"abbreviation": "GM", "topics": ["go\u00f0afr\u00e6\u00f0i", "m\u00e1lsaga"]}, {"abbreviation": "GR", "topics": ["grunnur"]}, {"abbreviation": "LR", "topics": ["lestur og ritun"]}, {"abbreviation": "ST", "topics": ["stafsetning"]}, {"abbreviation": "\u00cdS", "topics": ["\u00edslenska"]}, {"abbreviation": "LT", "topics": ["lestur", "m\u00e1lfr\u00e6\u00f0i", "ritun", "stafsetning", "tj\u00e1ning"]}, {"abbreviation": "SR", "topics": ["lestur og tj\u00e1ning", "m\u00e1lfr\u00e6\u00f0i", "ritun", "stafsetning"]}, {"abbreviation": "GO", "topics": ["go\u00f0afr\u00e6\u00f0i", "m\u00e1lnotkun og ritun", "m\u00e1lsaga"]}, {"abbreviation": "NH", "topics": ["b\u00f3kmenntasaga 1900 til samt\u00edmans", "hugtakabeiting", "n\u00fat\u00edmab\u00f3kmenntir"]}, {"abbreviation": "RR", "topics": ["ritger\u00f0asm\u00ed\u00f0", "ritun"]}, {"abbreviation": "LF", "topics": ["b\u00f3kmenntasaga 1550-1900", "l\u00e6rd\u00f3ms\u00f6ld", "rauns\u00e6i"]}, {"abbreviation": "VE", "topics": ["verkefni vali\u00f0 og almenn b\u00f3kmenntafr\u00e6\u00f0i kynnt"]}, {"abbreviation": "MV", "topics": ["m\u00e1lv\u00edsindi"]}, {"abbreviation": "YF", "topics": ["Yndislestur framhald"]}, {"abbreviation": "MH", "topics": ["M\u00e1lsaga og go\u00f0afr\u00e6\u00f0i hra\u00f0fer\u00f0"]}, {"abbreviation": "FF", "topics": ["Fornb\u00f3kmenntir hra\u00f0fer\u00f0"]}, {"abbreviation": "YM", "topics": ["Yndislestur 2"]}, {"abbreviation": "FJ", "topics": ["fj\u00f6lmi\u00f0lal\u00e6si"]}, {"abbreviation": "RV", "topics": ["ritger\u00f0arvinna"]}, {"abbreviation": "LS", "topics": ["- sk\u00e1ldsaga \u00far n\u00fat\u00edma", "lestur og lesskilningur"]}, {"abbreviation": "L\u00cd", "topics": ["lestur og lesskilningur - \u00edslendingas\u00f6gur"]}, {"abbreviation": "LE", "topics": ["lestur og lesskilningur - sk\u00e1lds\u00f6gur 20. aldar"]}, {"abbreviation": "H\u00cd", "topics": ["Hagn\u00fdt \u00edslenska"]}, {"abbreviation": "\u00cdM", "topics": ["\u00edslensk m\u00e1lsaga"]}, {"abbreviation": "KV", "topics": ["b\u00f3kmenntir og kvikmyndir"]}, {"abbreviation": "NG", "topics": ["Norr\u00e6n go\u00f0afr\u00e6\u00f0i"]}, {"abbreviation": "LJ", "topics": ["Lj\u00f3\u00f0"]}, {"abbreviation": "AA", "topics": ["Lestur og ritun"]}, {"abbreviation": "\u00cdC", "topics": ["\u00cdslenska \u00e1 starfsbraut"]}, {"abbreviation": "\u00cdA", "topics": ["\u00cdslenska 1 \u00e1 starfsbraut"]}, {"abbreviation": "\u00cdB", "topics": ["\u00cdslenska 2 \u00e1 starfsbraut"]}, {"abbreviation": "N\u00dd", "topics": ["N\u00fdsk\u00f6pun"]}, {"abbreviation": "AB", "topics": ["B\u00f3kmenntir", "m\u00e1lfr\u00e6\u00f0i og ritun"]}, {"abbreviation": "HI", "topics": ["M\u00e1lnotkun og ritun"]}, {"abbreviation": "TR", "topics": ["M\u00e1lnotun og ritun"]}, {"abbreviation": "TL", "topics": ["L\u00e6si", "ritun", "tj\u00e1ning"]}, {"abbreviation": "OH", "topics": ["hlustun", "or\u00f0afor\u00f0i", "talm\u00e1l og ritun"]}, {"abbreviation": "ES", "topics": ["Eddukv\u00e6\u00f0i til si\u00f0askipta"]}, {"abbreviation": "NA", "topics": ["N\u00fdr\u00f3mant\u00edk til aldam\u00f3ta"]}, {"abbreviation": "SN", "topics": ["Si\u00f0askipti til n\u00fdr\u00f3mant\u00edkur"]}, {"abbreviation": "YL", "topics": ["Yndislestur"]}, {"abbreviation": "SS", "topics": ["Stafsetning"]}, {"abbreviation": "BU", "topics": ["Barna- og unglingab\u00f3kmenntir"]}, {"abbreviation": "SK", "topics": ["sk\u00e1lds\u00f6gur"]}, {"abbreviation": "B\u00d3", "topics": ["B\u00f3kmenntir og tungum\u00e1l fr\u00e1 landn\u00e1mi til si\u00f0askipta"]}, {"abbreviation": "M\u00c1", "topics": ["M\u00e1l- og menningarsaga"]}, {"abbreviation": "NF", "topics": ["N\u00fdsk\u00f6punarferli\u00f0: \u00fe\u00f6rf", "afur\u00f0", "lausn"]}, {"abbreviation": "A\u00cd", "topics": ["Almenn \u00edslenska \u00e1 1 \u00ferepi"]}, {"abbreviation": "AM", "topics": ["almenn m\u00e1lnotkun", "b\u00f3kmenntir", "ritun"]}, {"abbreviation": "RS", "topics": ["Skapandi skrif"]}, {"abbreviation": "SP", "topics": ["Spennus\u00f6gur"]}, {"abbreviation": "\u00cdD", "topics": ["\u00cdslenska \u00e1 starfsbraut 4"]}, {"abbreviation": "\u00cdE", "topics": ["\u00cdslenska 5 \u00e1 starfsbraut"]}, {"abbreviation": "SM", "topics": ["Sk\u00e1lds\u00f6gur"]}, {"abbreviation": "M\u00de", "topics": ["\u00cdSLE"]}, {"abbreviation": "SA", "topics": ["Sk\u00f6pun \u00ed v\u00ed\u00f0u samhengi"]}, {"abbreviation": "SJ", "topics": ["L\u00e6si", "b\u00f3kmenntir", "hugtakaskilningur", "m\u00e1lfr\u00e6\u00f0i", "sj\u00e1lfb\u00e6rni og ritun"]}, {"abbreviation": "LM", "topics": ["L\u00e6si", "l\u00fd\u00f0r\u00e6\u00f0i", "mannr\u00e9ttindi og b\u00f3kmenntir"]}, {"abbreviation": "JR", "topics": ["L\u00e6si", "b\u00f3kmenntir og ritun", "jafnr\u00e9tti"]}, {"abbreviation": "HV", "topics": ["L\u00e6si", "heilbrig\u00f0i", "velfer\u00f0 og b\u00f3kmenntir"]}, {"abbreviation": "DB", "topics": ["Sk\u00f3labla\u00f0"]}, {"abbreviation": "\u00c6F", "topics": ["Go\u00f0s\u00f6gur", "fantas\u00edur", "\u00e6vint\u00fdri"]}, {"abbreviation": "VM", "topics": ["Verkefna\u00e1fangi \u00ed m\u00e1lv\u00edsindum"]}, {"abbreviation": "VB", "topics": ["Verkefna\u00e1fangi \u00ed b\u00f3kmenntum"]}, {"abbreviation": "SW", "topics": ["Stafsetning og ritun"]}, {"abbreviation": "MF", "topics": ["M\u00e1lfr\u00e6\u00f0i"]}, {"abbreviation": "SG", "topics": ["B\u00f3kmenntir", "setningafr\u00e6\u00f0i og go\u00f0afr\u00e6\u00f0i"]}, {"abbreviation": "OF", "topics": ["frambur\u00f0ur", "lestrarf\u00e6rni", "or\u00f0afor\u00f0i"]}, {"abbreviation": "CA", "topics": ["B\u00f3kmenntir fram til 1550"]}, {"abbreviation": "BH", "topics": ["Go\u00f0afr\u00e6\u00f0i", "m\u00e1lsaga og ritger\u00f0asm\u00ed\u00f0"]}, {"abbreviation": "DD", "topics": ["B\u00f3kmenntir og b\u00f3kmenntasaga", "einkum 1550-1900."]}, {"abbreviation": "CH", "topics": ["\u00cdslenska 3. Hra\u00f0fer\u00f0"]}, {"abbreviation": "EE", "topics": ["B\u00f3kmenntir og b\u00f3kmenntasaga eftir 1900."]}, {"abbreviation": "HL", "topics": ["M\u00e1lsaga og hlj\u00f3\u00f0fr\u00e6\u00f0i"]}, {"abbreviation": "CB", "topics": ["heimsb\u00f3kmenntir"]}, {"abbreviation": "AL", "topics": ["Almenn m\u00e1lnotkun og l\u00e6si"]}, {"abbreviation": "GF", "topics": ["Go\u00f0afr\u00e6\u00f0i og fornb\u00f3kmenntir"]}, {"abbreviation": "TE", "topics": ["Ritun og textagreining"]}, {"abbreviation": "MA", "topics": ["Menningararfur \u00ed n\u00fat\u00edmanum"]}, {"abbreviation": "S\u00c1", "topics": ["Skrefa\u00f0", "skrifa\u00f0 og skrafa\u00f0 um n\u00e6rsamf\u00e9lagi\u00f0/\u00e1tthagana."]}, {"abbreviation": "NM", "topics": ["fr\u00e1 n\u00fdr\u00f3mant\u00edk til m\u00f3dernisma"]}, {"abbreviation": "HM", "topics": ["Heimildir og m\u00e1lnotkun"]}, {"abbreviation": "M\u00c6", "topics": ["Menningarl\u00e6si"]}, {"abbreviation": "CK", "topics": ["\u00edslenskar kvikmyndir"]}, {"abbreviation": "CL", "topics": ["Leikh\u00fas og leikb\u00f3kmenntir"]}, {"abbreviation": "DL", "topics": ["Leikh\u00fas og leikb\u00f3kmenntir."]}, {"abbreviation": "CN", "topics": ["\u00derj\u00fa verk Halld\u00f3rs Laxness."]}, {"abbreviation": "HB", "topics": ["B\u00f3kmenntir", "heimildaritger\u00f0", "m\u00e1lsaga"]}, {"abbreviation": "CU", "topics": ["Barnab\u00f3kmenntir."]}, {"abbreviation": "CP", "topics": ["Textager\u00f0 og ritstj\u00f3rn"]}, {"abbreviation": "CY", "topics": ["Yndislestur I"]}, {"abbreviation": "DY", "topics": ["Yndislestur II"]}, {"abbreviation": "RH", "topics": ["\u00darvinnsla heimilda og ritun"]}, {"abbreviation": "B\u00cd", "topics": ["B\u00f3kmenntasaga", "\u00cdslendingasaga og forn kve\u00f0skapur"]}, {"abbreviation": "BL", "topics": ["B\u00f3kmenntasaga", "leikritalestur", "lj\u00f3\u00f0alestur", "n\u00fat\u00edmab\u00f3kmenntir"]}, {"abbreviation": "RF", "topics": ["Ritger\u00f0arskrif", "go\u00f0afr\u00e6\u00f0i og m\u00e1lsaga"]}, {"abbreviation": "KM", "topics": ["b\u00f3kmenntir", "kv\u00e6\u00f0i", "lj\u00f3\u00f0", "m\u00e1lnotkun", "ritun"]}, {"abbreviation": "SL", "topics": ["Ritlist"]}, {"abbreviation": "RO", "topics": ["lestur", "m\u00e1lnotkun", "or\u00f0afor\u00f0i", "ritun"]}, {"abbreviation": "LB", "topics": ["b\u00f3kmenntir", "l\u00e6si", "ritun", "stafsetning"]}, {"abbreviation": "FL", "topics": ["frams\u00f6gn", "lestur", "margv\u00edsleg ritun", "or\u00f0afor\u00f0i"]}, {"abbreviation": "HS", "topics": ["heimildavinna", "m\u00e1lnotkun", "ritun", "setningafr\u00e6\u00f0i"]}, {"abbreviation": "KB", "topics": ["b\u00f3kmenntasaga", "heimildavinna", "kynningar", "valdir b\u00f3kmenntatextar"]}, {"abbreviation": "VT", "topics": ["b\u00f3kmenntasaga", "stefnur \u00ed listum og menningu", "valdir b\u00f3kmenntatextar"]}, {"abbreviation": "KF", "topics": ["fr\u00e6\u00f0ileg umfj\u00f6llun", "kvikmyndafr\u00e6\u00f0i", "kvikmyndal\u00e6si", "samf\u00e9lagsr\u00fdni"]}, {"abbreviation": "UM", "topics": ["m\u00e1lfr\u00e6\u00f0i", "or\u00f0afor\u00f0i", "uppruni m\u00e1la", "\u00edslensk m\u00e1lsaga"]}, {"abbreviation": "\u00deH", "topics": ["\u00fej\u00f3\u00f0h\u00e1ttafr\u00e6\u00f0i", "\u00fej\u00f3\u00f0l\u00edfsfr\u00e6\u00f0i", "\u00fej\u00f3\u00f0sagnafr\u00e6\u00f0i og hversdagsmenning"]}, {"abbreviation": "FS", "topics": ["lestur fagurb\u00f3kmennta", "skapandi skrif", "t\u00falkunarm\u00f6guleikar"]}, {"abbreviation": "KS", "topics": ["mi\u00f0aldab\u00f3kmenntir (kv\u00e6\u00f0i og s\u00f6gur)", "\u00e1hrif \u00feeirra \u00e1 n\u00fat\u00edmaverk"]}, {"abbreviation": "TS", "topics": ["m\u00e1lfar", "samf\u00e9lag", "tj\u00e1skipti", "tungum\u00e1l"]}, {"abbreviation": "\u00c1\u00d6", "topics": ["\u00c1stir og \u00f6rl\u00f6g \u00ed b\u00f3kmenntum fyrri alda"]}, {"abbreviation": "LH", "topics": ["Leikh\u00fas", "leiklist og leikb\u00f3kmenntir"]}, {"abbreviation": "DE", "topics": ["Delludagar", "Lestur og ritun"]}, {"abbreviation": "FV", "topics": ["Frumverk", "Lestur og ritun"]}, {"abbreviation": "A\u00de", "topics": ["Af\u00fereyingarb\u00f3kmenntir"]}, {"abbreviation": "B\u00de", "topics": ["\u00dej\u00f3\u00f0ararfurinn og tenging hans vi\u00f0 n\u00fat\u00edmann"]}, {"abbreviation": "OS", "topics": ["Or\u00f0spor"]}, {"abbreviation": "UT", "topics": ["Munnleg tj\u00e1ning"]}, {"abbreviation": "V\u00cd", "topics": ["V\u00edkingar og menning \u00feeirra"]}, {"abbreviation": "LX", "topics": ["Halld\u00f3r Laxness"]}, {"abbreviation": "ON", "topics": ["Beyginar", "frambur\u00f0ur", "setningaskipan og or\u00f0afor\u00f0i n\u00fat\u00edmam\u00e1ls"]}, {"abbreviation": "GE", "topics": ["B\u00f3kmenntagreining", "eddukv\u00e6\u00f0i og ritun.", "go\u00f0afr\u00e6\u00f0i"]}, {"abbreviation": "BA", "topics": ["B\u00f3kmenntir s\u00ed\u00f0ari alda"]}, {"abbreviation": "F\u00c9", "topics": ["F\u00e9lagsleg m\u00e1lv\u00edsindi"]}, {"abbreviation": "\u00cdR", "topics": ["mi\u00f0aldab\u00f3kmenntir", "r\u00f3mant\u00edk og ritun", "\u00cdslendingasaga"]}, {"abbreviation": "RD", "topics": ["Rauns\u00e6i", "b\u00f3kmenntasaga 20. aldar og 21. aldar."]}, {"abbreviation": "LG", "topics": ["Lestur g\u00f3\u00f0ra b\u00f3ka"]}, {"abbreviation": "NS", "topics": ["N\u00fat\u00edmab\u00f3kmenntir", "lestur og skapandi skrif"]}], "_id": "50c0a02dd8e40575f7f6f4a2", "subjects": ["\u00edslenska"], "counter": {"1": 47, "3": 60, "2": 44, "4": 2}}, "evaluation": "N\u00e1msmat er \u00fatf\u00e6rt \u00ed kennslu\u00e1\u00e6tlun \u00ed samr\u00e6mi vi\u00f0 sk\u00f3lan\u00e1mskr\u00e1", "categorization_suggestion": "", "embedded_topics": {"abbreviation": "HB", "topics": ["B\u00f3kmenntir", "heimildaritger\u00f0", "m\u00e1lsaga"]}, "status": "approved by school", "description": "\u00cd \u00e1fanganum er fjalla\u00f0 um norr\u00e6na go\u00f0afr\u00e6\u00f0i, fari\u00f0 n\u00e1kv\u00e6mlega \u00ed efni Gylfaginningar og nokkurra fr\u00e1sagnarkafla Sk\u00e1ldskaparm\u00e1la og efni\u00f0 sett \u00ed samhengi vi\u00f0 a\u00f0rar mi\u00f0aldab\u00f3kmenntir og n\u00fat\u00edmann. Fjalla\u00f0 er um s\u00e9rkenni \u00edslensku og helstu \u00fe\u00e6tti \u00ed s\u00f6gu m\u00e1lsins og skyldleika vi\u00f0 \u00f6nnur m\u00e1l. Nemendur velja s\u00e9r n\u00fat\u00edmask\u00e1lds\u00f6gu og gera grein fyrir henni. Nemendur vinna heimildaritger\u00f0 \u00fear sem \u00e1hersla er l\u00f6g\u00f0 \u00e1 vandvirkni vi\u00f0 heimilda\u00f6flun og me\u00f0fer\u00f0 heimilda. Lesin ein valb\u00f3k eftir innlendan e\u00f0a erlendan h\u00f6fund", "knowledge_goals": ["norr\u00e6nni go\u00f0afr\u00e6\u00f0i og hugmyndaheimi norr\u00e6nna manna \u00e1 v\u00edkinga\u00f6ld", "helstu \u00fe\u00e1ttum \u00ed \u00fer\u00f3un \u00edslensks m\u00e1ls, hlj\u00f3\u00f0fr\u00e6\u00f0i \u00edslensku og helstu m\u00e1ll\u00fdskum", "\u00f6flun heimilda og me\u00f0fer\u00f0 \u00feeirra", "mismunandi tegundum b\u00f3kmennta og b\u00f3kmenntahugtaka"], "skills_goals": ["lesa b\u00f3kmenntaverk fr\u00e1 \u00fdmsum t\u00edmum og fjalla um inntak \u00feeirra", "vinna a\u00f0 skapandi verkefnum \u00ed tengslum vi\u00f0 n\u00e1msefni\u00f0 og s\u00fdna tilbrig\u00f0i \u00ed m\u00e1lnotkun", "v\u00edsa \u00ed heimildir og skr\u00e1 heimildir samkv\u00e6mt vi\u00f0urkenndum reglum", "greina mismunandi m\u00e1lhlj\u00f3\u00f0 \u00edslensks m\u00e1ls og l\u00fdsa \u00feeim"], "credits": 5, "last_modified": 1422455164.691791, "schools": ["51234a418caa45ed97015b34"], "coauthors": null, "instructions": "", "continued_education": false, "level": 2, "prerequisites": "\u00cdSLE2RL05", "author": "be449920-0f11-4afd-b29a-4f4c10d27d96", "abbreviation_version": null, "competence_goals": [["lesa s\u00e9r til gagns b\u00f3kmenntaverk fr\u00e1 \u00fdmsum t\u00edmum, tj\u00e1 afst\u00f6\u00f0u og efasemdir um efni\u00f0 og komast a\u00f0 ni\u00f0urst\u00f6\u00f0u", ""], ["gera grein fyrir eigin efni og annarra \u00ed r\u00e6\u00f0u og riti \u00e1 bl\u00e6brig\u00f0ar\u00edku m\u00e1li", ""], ["gera greinarmun \u00e1 eigin efni og annarra vi\u00f0 \u00farvinnslu efnis", ""], ["l\u00fdsa s\u00e9rst\u00f6\u00f0u \u00edslensks m\u00e1ls og skyldleika vi\u00f0 \u00f6nnur m\u00e1l", ""]], "_id": "54c8f17c62933a7ff500128c"}, {"exemplary": null, "topics": "b\u00f3kmenntir, or\u00f0afor\u00f0i, stig b2 \u00ed evr\u00f3pska tungum\u00e1larammanum", "abbreviation": "ENSK3OB05", "former_schools": null, "subject": "enska", "title": "b\u00f3kmenntir, or\u00f0afor\u00f0i, stig b2 \u00ed evr\u00f3pska tungum\u00e1larammanum ", "version": 76, "status_trans": "Sam\u00feykkt af sk\u00f3la", "embedded_subject": {"abbreviation": "ENSK", "topics": [{"abbreviation": "GS", "topics": ["grunnatri\u00f0i", "samt\u00f6l"]}, {"abbreviation": "OO", "topics": ["or\u00f0ab\u00f3k", "or\u00f0afor\u00f0i"]}, {"abbreviation": "MM", "topics": ["myndas\u00f6gur", "myndb\u00f6nd"]}, {"abbreviation": "TL", "topics": ["lagatextar", "t\u00f3nlist"]}, {"abbreviation": "FR", "topics": ["ferilsverkefni", "ritunarverkefni"]}, {"abbreviation": "TS", "topics": ["myndm\u00e1l", "ritger\u00f0", "st\u00edlar", "textar"]}, {"abbreviation": "RH", "topics": ["hlustun", "m\u00e1lnotkun", "undirst\u00f6\u00f0uatri\u00f0i \u00ed ritun"]}, {"abbreviation": "SM", "topics": ["m\u00fas\u00edk og myndir 1950-70", "s\u00f6gur"]}, {"abbreviation": "BR", "topics": ["bretland"]}, {"abbreviation": "K\u00c1", "topics": ["kanada", "\u00e1stral\u00eda og n\u00fdja sj\u00e1land"]}, {"abbreviation": "SB", "topics": ["shakespeare og 19. \u00f6ldin \u00ed b\u00f3kmenntum"]}, {"abbreviation": "B\u00d3", "topics": ["b\u00f3kmenntir 20. aldar"]}, {"abbreviation": "KV", "topics": ["kvikmynda\u00e1fangi"]}, {"abbreviation": "AB", "topics": ["afr\u00edsk-amer\u00edskar b\u00f3kmenntir"]}, {"abbreviation": "U\u00c1", "topics": ["undirb\u00faningur", "\u00e1fangi"]}, {"abbreviation": "MT", "topics": ["m\u00e1lfr\u00e6\u00f0i", "tj\u00e1ning"]}, {"abbreviation": "MS", "topics": ["menning", "skapandi skrif"]}, {"abbreviation": "KR", "topics": ["kvikmyndir", "ritun"]}, {"abbreviation": "HR", "topics": ["heimildavinna", "ritger\u00f0ir"]}, {"abbreviation": "FF", "topics": ["fagm\u00e1l", "f\u00e9lagsv\u00edsinda"]}, {"abbreviation": "VE", "topics": ["enska", "vi\u00f0skipta"]}, {"abbreviation": "RE", "topics": ["enska", "raungreinar"]}, {"abbreviation": "BM", "topics": ["b\u00f3kmenntir", "m\u00e1lsaga"]}, {"abbreviation": "LB", "topics": ["b\u00f3kmenntir", "leik"]}, {"abbreviation": "UP", "topics": ["pr\u00f3f", "undirb\u00faningur"]}, {"abbreviation": "EN", "topics": ["enska fyrir fer\u00f0agreinar"]}, {"abbreviation": "FE", "topics": ["enska fyrir fer\u00f0a\u00fej\u00f3nustu"]}, {"abbreviation": "ST", "topics": ["evr\u00f3pski tungum\u00e1laramminn", "stig b1-b2"]}, {"abbreviation": "SE", "topics": ["evr\u00f3pski tungum\u00e1laramminn", "stig b2"]}, {"abbreviation": "ES", "topics": ["evr\u00f3pski tungum\u00e1laramminn", "stig b2-c1"]}, {"abbreviation": "EV", "topics": ["evr\u00f3pski tungum\u00e1laramminn", "stig c1"]}, {"abbreviation": "BF", "topics": ["b2", "evr\u00f3pski tungum\u00e1laramminn", "fer\u00f0a\u00fej\u00f3nuta"]}, {"abbreviation": "FH", "topics": ["evr\u00f3pski tungum\u00e1laramminn", "framhald", "stig c1"]}, {"abbreviation": "GR", "topics": ["grunn\u00e1fangi"]}, {"abbreviation": "FG", "topics": ["enska fyrir matv\u00e6lagreinar"]}, {"abbreviation": "LS", "topics": ["lestur", "m\u00e1lfr\u00e6\u00f0i", "or\u00f0afor\u00f0i", "skilningur"]}, {"abbreviation": "LT", "topics": ["lestur", "or\u00f0afor\u00f0i", "talm\u00e1l"]}, {"abbreviation": "BL", "topics": ["b\u00f3kmenntir", "lesskilningur", "ritun"]}, {"abbreviation": "BS", "topics": ["b\u00f3kmenntir", "menning", "saga"]}, {"abbreviation": "HA", "topics": ["hagn\u00fdtur or\u00f0afor\u00f0i. l\u00e6si \u00e1 fl\u00f3knari texta."]}, {"abbreviation": "OF", "topics": ["grunnor\u00f0afor\u00f0i fr\u00e6\u00f0a og v\u00edsinda.. menningarheimur nor\u00f0ur amer\u00edku"]}, {"abbreviation": "UN", "topics": ["undirb\u00fanings\u00e1fangi \u00ed ensku"]}, {"abbreviation": "LM", "topics": ["lestur og menning", "tj\u00e1ning"]}, {"abbreviation": "TM", "topics": ["menning", "tj\u00e1ning og skapandi skrif"]}, {"abbreviation": "MB", "topics": ["b\u00f3kmenntir", "menning og ritun"]}, {"abbreviation": "EX", "topics": ["extensive vocabulary and expression"]}, {"abbreviation": "ML", "topics": ["m\u00e1lnotkun og l\u00e6si"]}, {"abbreviation": "AA", "topics": ["akadem\u00edskur or\u00f0afor\u00f0i", "fj\u00f6lbreyttir textar", "fyrsti \u00e1fangi \u00ed ensku."]}, {"abbreviation": "YN", "topics": ["yndislestur"]}, {"abbreviation": "BB", "topics": ["akadem\u00edskur or\u00f0afor\u00f0i", "annar \u00e1fangi \u00ed ensku.", "fj\u00f6lbreyttir textar"]}, {"abbreviation": "FA", "topics": ["fagor\u00f0afor\u00f0i"]}, {"abbreviation": "AH", "topics": ["akadem\u00edskur or\u00f0afor\u00f0i", "fj\u00f6lbreyttir textar. hra\u00f0fer\u00f0 \u00ed ensku."]}, {"abbreviation": "BH", "topics": ["akadem\u00edskur or\u00f0afor\u00f0i", "fj\u00f6lbreyttir textar. \u00f6nnur hra\u00f0fer\u00f0 \u00ed ensku."]}, {"abbreviation": "EE", "topics": ["b\u00f3kmenntir", "fj\u00f6lmi\u00f0latextar."]}, {"abbreviation": "LR", "topics": ["lestur", "ritun", "tj\u00e1ning og hlustun"]}, {"abbreviation": "DD", "topics": ["b\u00f3kmenntir"]}, {"abbreviation": "M\u00c1", "topics": ["m\u00e1lfr\u00e6\u00f0i a"]}, {"abbreviation": "CC", "topics": ["b\u00f3kmenntir", "krefjandi or\u00f0afor\u00f0i", "ritun"]}, {"abbreviation": "CH", "topics": ["krefjandi or\u00f0afor\u00f0i"]}, {"abbreviation": "L\u00c9", "topics": ["l\u00e9ttlestur"]}, {"abbreviation": "OH", "topics": ["hlustun", "or\u00f0afor\u00f0i", "talm\u00e1l og ritun"]}, {"abbreviation": "LO", "topics": ["lesskilningur", "m\u00e1lfr\u00e6\u00f0i", "or\u00f0afor\u00f0i"]}, {"abbreviation": "MO", "topics": ["m\u00e1lfr\u00e6\u00f0i", "or\u00f0afor\u00f0i", "stig b1 \u00ed evr\u00f3pska tungum\u00e1larammanum"]}, {"abbreviation": "OB", "topics": ["b\u00f3kmenntir", "or\u00f0afor\u00f0i", "stig b2 \u00ed evr\u00f3pska tungum\u00e1larammanum"]}, {"abbreviation": "RB", "topics": ["b\u00f3kmenntir", "ritun"]}, {"abbreviation": "RL", "topics": ["lestur", "m\u00e1lfr\u00e6\u00f0i", "ritun og or\u00f0afor\u00f0i"]}, {"abbreviation": "SG", "topics": ["Lestur", "m\u00e1lfr\u00e6\u00f0i", "or\u00f0afor\u00f0i", "ritun", "tal"]}, {"abbreviation": "RM", "topics": ["Ritun", "b\u00f3kmenntir", "m\u00e1lnotkun"]}, {"abbreviation": "RO", "topics": ["Ritun", "b\u00f3kmenntir", "menning", "or\u00f0afor\u00f0i"]}, {"abbreviation": "SR", "topics": ["Menning", "akadem\u00edskur or\u00f0afor\u00f0i", "ritun", "saga"]}, {"abbreviation": "AE", "topics": ["Almenn akadem\u00edsk enska", "b\u00f3kmenntir", "ritun"]}, {"abbreviation": "SA", "topics": ["S\u00e9rh\u00e6f\u00f0 akadem\u00edsk enska", "b\u00f3kmenntir", "ritun"]}, {"abbreviation": "VR", "topics": ["V\u00edsindaor\u00f0afor\u00f0i", "raungreinar"]}, {"abbreviation": "VH", "topics": ["Vi\u00f0skipti", "erlend samskipti og vi\u00f0skiptah\u00e6ttir"]}, {"abbreviation": "AK", "topics": ["Kennsla", "a\u00f0sto\u00f0 vi\u00f0 nemendur", "ger\u00f0 kennsluefnis"]}, {"abbreviation": "DF", "topics": ["Kvikmyndir. Film Course."]}, {"abbreviation": "SK", "topics": ["enska fyrir fer\u00f0a\u00fej\u00f3nustu", "skapandi skrif"]}, {"abbreviation": "FT", "topics": ["lestur fr\u00e6\u00f0ilegra texta"]}, {"abbreviation": "VT", "topics": ["Lestur enskra vi\u00f0skiptatexta"]}, {"abbreviation": "RT", "topics": ["Lestur enskra raunv\u00edsindatexta"]}, {"abbreviation": "\u00cdT", "topics": ["Lestur \u00ed\u00fer\u00f3ttafr\u00e6\u00f0ilegra texta"]}, {"abbreviation": "TO", "topics": ["Tolkien"]}, {"abbreviation": "RI", "topics": ["Ritun"]}, {"abbreviation": "HL", "topics": ["Hlustun"]}, {"abbreviation": "UE", "topics": ["Undirb\u00fanings\u00e1fangi \u00ed ensku"]}, {"abbreviation": "UH", "topics": ["Undirb\u00faningur fyrir h\u00e1sk\u00f3lan\u00e1m"]}, {"abbreviation": "TJ", "topics": ["Tj\u00e1ning"]}, {"abbreviation": "OM", "topics": ["Or\u00f0afor\u00f0i", "m\u00e1lfr\u00e6\u00f0i", "m\u00e1lnotkun"]}, {"abbreviation": "TF", "topics": ["tj\u00e1ning og m\u00e1lnotkun"]}, {"abbreviation": "AM", "topics": ["Fr\u00e6\u00f0ilegur or\u00f0afor\u00f0i og Bandar\u00edkin"]}, {"abbreviation": "UK", "topics": ["Fr\u00e6\u00f0ilegur or\u00f0afor\u00f0i og Bretland"]}, {"abbreviation": "AC", "topics": ["Akadem\u00edskur or\u00f0afor\u00f0i og rauntextar"]}, {"abbreviation": "SL", "topics": ["Lestur", "menning og skrif"]}, {"abbreviation": "KK", "topics": ["Kvikmyndir og kynning"]}, {"abbreviation": "BA", "topics": ["L\u00fdsing: B\u00f3kmenntir 19. og 20.", "skrif og r\u00e6\u00f0uger\u00f0"]}, {"abbreviation": "OT", "topics": ["Or\u00f0afor\u00f0i", "ritun", "tj\u00e1ning"]}, {"abbreviation": "VM", "topics": ["V\u00edsindi og menning"]}, {"abbreviation": "BT", "topics": ["Bandar\u00edskt \u00fej\u00f3\u00f0f\u00e9lag og menning"]}, {"abbreviation": "MR", "topics": ["M\u00e1lfr\u00e6\u00f0i og ritun"]}, {"abbreviation": "LH", "topics": ["L\u00e6si \u00e1 fl\u00f3knari texta", "hagn\u00fdtur fj\u00f6lbreyttur or\u00f0afor\u00f0i"]}, {"abbreviation": "KB", "topics": ["Kvikmyndir", "b\u00f3kmenntir"]}, {"abbreviation": "OL", "topics": ["Lestur", "Menning", "M\u00e1lfr\u00e6\u00f0i", "Or\u00f0afor\u00f0i", "Ritun", "Tal"]}, {"abbreviation": "CL", "topics": ["Chic Literature and Women in Today\u2018s Society"]}, {"abbreviation": "CW", "topics": ["Creative Writing"]}, {"abbreviation": "OR", "topics": ["B\u00f3kmenntir (fj\u00f6lbreyttir textar)", "menning", "or\u00f0afor\u00f0i", "ranns\u00f3knir og ritun"]}, {"abbreviation": "OG", "topics": ["B\u00f3kmenntir", "lj\u00f3\u00f0agreining", "or\u00f0afor\u00f0i", "ritger\u00f0asm\u00ed\u00f0i og heimildavinna"]}, {"abbreviation": "BY", "topics": ["Lestur", "m\u00e1lfr\u00e6\u00f0i og m\u00e1lnotkun (byrjunar\u00e1fangi \u00ed ensku)", "ritun"]}, {"abbreviation": "DM", "topics": ["Enska Daglegt m\u00e1l"]}, {"abbreviation": "B\u00c1", "topics": ["b\u00f3kmenntir", "ritun", "tj\u00e1ning"]}, {"abbreviation": "HE", "topics": ["Hagn\u00fdt enska", "starfsbraut"]}, {"abbreviation": "RR", "topics": ["Enska \u00ed r\u00e6\u00f0u og riti"]}, {"abbreviation": "HO", "topics": ["Hagn\u00fdtur or\u00f0afor\u00f0i", "c1"]}, {"abbreviation": "FO", "topics": ["Fagor\u00f0afor\u00f0i og fer\u00f0am\u00e1l"]}, {"abbreviation": "EG", "topics": ["Enska 2 \u00e1 starfsbraut"]}, {"abbreviation": "SO", "topics": ["s\u00e9rh\u00e6f\u00f0ur or\u00f0afor\u00f0i"]}, {"abbreviation": "TR", "topics": ["Tj\u00e1ning", "or\u00f0afor\u00f0i", "ritun"]}, {"abbreviation": "\u00deS", "topics": ["\u00dej\u00f3nustust\u00f6rf"]}, {"abbreviation": "SF", "topics": ["Sagnfr\u00e6\u00f0i"]}, {"abbreviation": "T\u00d6", "topics": ["T\u00f6lvuleikir"]}, {"abbreviation": "JM", "topics": ["Fr\u00e1 hugmynd til \u00fatg\u00e1fu"]}, {"abbreviation": "MH", "topics": ["S\u00e9rh\u00e6f\u00f0 enska \u00ed myndlist og h\u00f6nnun"]}, {"abbreviation": "BO", "topics": ["B\u00f3kmenntir", "m\u00e1lfr\u00e6\u00f0i", "or\u00f0afor\u00f0i"]}, {"abbreviation": "VO", "topics": ["V\u00edsindatengdur or\u00f0afor\u00f0i"]}, {"abbreviation": "MV", "topics": ["M\u00e1lnotkun", "b\u00f3kmenntir", "vi\u00f0skipti"]}, {"abbreviation": "SV", "topics": ["m\u00e1lnotkun", "samf\u00e9lag", "vi\u00f0skipti"]}, {"abbreviation": "VI", "topics": ["m\u00e1lskilningur", "ritun", "vi\u00f0skiptaenska"]}, {"abbreviation": "EM", "topics": ["bresk menning", "b\u00f3kmenntir", "m\u00e1l"]}, {"abbreviation": "NV", "topics": ["v\u00edsindaenska"]}, {"abbreviation": "YL", "topics": ["Yndislestur"]}, {"abbreviation": "EH", "topics": ["Enska fyrir heilbrig\u00f0isgreinar"]}, {"abbreviation": "DK", "topics": ["ENSKA"]}, {"abbreviation": "DG", "topics": ["Enskar myndas\u00f6gur"]}, {"abbreviation": "DV", "topics": ["or\u00f0afor\u00f0i"]}, {"abbreviation": "DY", "topics": ["Yndislestur \u00ed ensku"]}, {"abbreviation": "EY", "topics": ["Yndislestur 2 \u00e1 ensku"]}, {"abbreviation": "HB", "topics": ["B\u00f3kmenntir og fr\u00e6\u00f0ilegir textar \u00ed hugv\u00edsindum"]}, {"abbreviation": "MK", "topics": ["b\u00f3kmenntir", "kvikmyndir", "menning", "m\u00e1lnotkun"]}, {"abbreviation": "VG", "topics": ["gagnr\u00fdnin hugsun", "or\u00f0afor\u00f0i v\u00edsinda", "ritun", "tj\u00e1ning"]}, {"abbreviation": "TT", "topics": ["m\u00e1lnotkun \u00ed t\u00e6knigreinum", "or\u00f0afor\u00f0i", "tala\u00f0 m\u00e1l"]}, {"abbreviation": "SS", "topics": ["Shakespeare", "kvikmyndir", "ritun", "sk\u00e1lds\u00f6gur"]}, {"abbreviation": "FV", "topics": ["Fagm\u00e1l", "b\u00f3kmenntir", "f\u00e9lagsv\u00edsindi", "ritun"]}, {"abbreviation": "VV", "topics": ["fagm\u00e1l", "hagfr\u00e6\u00f0i", "verslun", "vi\u00f0skipti"]}, {"abbreviation": "TB", "topics": ["Tolkien", "b\u00f3kmenntir", "fantas\u00eda"]}, {"abbreviation": "LG", "topics": ["Lestur", "ritun og tj\u00e1ning"]}, {"abbreviation": "SH", "topics": ["Shakespeare"]}, {"abbreviation": "BK", "topics": ["b\u00f3kmenntir og menning"]}, {"abbreviation": "VF", "topics": ["fr\u00e6\u00f0i og fagm\u00e1l", "v\u00edsindi"]}], "_id": "50c0a02dd8e40575f7f6f488", "subjects": ["enska"], "counter": {"1": 25, "3": 36, "2": 38, "4": 1}}, "evaluation": "N\u00e1msmat er \u00fatf\u00e6rt \u00ed kennslu\u00e1\u00e6tlun \u00ed samr\u00e6mi vi\u00f0 sk\u00f3lan\u00e1mskr\u00e1", "categorization_suggestion": "", "embedded_topics": {"abbreviation": "OB", "topics": ["b\u00f3kmenntir", "or\u00f0afor\u00f0i", "stig b2 \u00ed evr\u00f3pska tungum\u00e1larammanum"]}, "status": "approved by school", "description": "Kr\u00f6fur \u00e1fangans samsvara h\u00e6fnis\u00ferepi B2  \u00ed evr\u00f3pska tungum\u00e1larammanum. \u00cd \u00e1fanganum er l\u00f6g\u00f0 \u00e1hersla \u00e1 a\u00f0 \u00fej\u00e1lfa grunn\u00fe\u00e6tti tungum\u00e1lan\u00e1ms, \u00fe.e. lestur, tal, ritun og hlustun. Meginmarkmi\u00f0 er a\u00f0 byggja upp fr\u00e6\u00f0ilegan or\u00f0afor\u00f0a nemenda og \u00fej\u00e1lfa \u00fe\u00e1 \u00ed ritun.", "knowledge_goals": ["lestri s\u00e9rvaldra, \u00f3styttra b\u00f3kmenntatexta og or\u00f0afor\u00f0a sem \u00feeim tengjast", "uppbyggingu mismunandi b\u00f3kmenntatexta, bla\u00f0agreina og fr\u00e6\u00f0igreina", "lestri \u00fdmissa texta, svo sem fr\u00e6\u00f0igreina  me\u00f0 tilliti til or\u00f0afor\u00f0a"], "skills_goals": ["Skilja og greina b\u00f3kmenntatexta, munnlega og skriflega, og \u00fdmsa undirliggjandi \u00fe\u00e6tti \u00ed \u00feeim me\u00f0 \u00fev\u00ed a\u00f0 beita fl\u00f3knari setningum", "skrifa mismunandi texta, s.s. ritger\u00f0ir, \u00fatdr\u00e6tti og og geta haldi\u00f0 uppi r\u00f6kum fyrir s\u00e9rv\u00f6ldum efnum", "tj\u00e1 sig \u00e1 g\u00f3\u00f0ri ensku um s\u00e9rvalin m\u00e1lefni", "skilja erfi\u00f0ari s\u00e9rh\u00e6f\u00f0an or\u00f0afor\u00f0a  v\u00edsinda-, og n\u00e1msgreina"], "credits": 5, "last_modified": 1422286294.636773, "schools": ["51234a418caa45ed97015b34"], "coauthors": null, "instructions": "", "continued_education": false, "level": 3, "prerequisites": "ENSK2EV05", "author": "be449920-0f11-4afd-b29a-4f4c10d27d96", "abbreviation_version": null, "competence_goals": [["gera grein fyrir eigin sko\u00f0un og annarra, m.a. me\u00f0 \u00fev\u00ed a\u00f0 greina afst\u00f6\u00f0u h\u00f6funda texta", ""], ["geta \u00e1tta\u00f0 sig \u00e1 d\u00fdpri merkingu texta og  teki\u00f0 \u00fe\u00e1tt \u00ed sko\u00f0anaskiptum um m\u00e1lefni sem eru \u00ed fr\u00e9ttum", ""]], "_id": "54c65dd662933a7ff5000cbd"}, {"exemplary": null, "topics": "evr\u00f3pski tungum\u00e1laramminn, stig c1", "abbreviation": "ENSK2EV05", "former_schools": null, "subject": "enska", "title": "Evr\u00f3pski tungum\u00e1laramminn, stig c1 (EV)", "version": 95, "status_trans": "Sam\u00feykkt af sk\u00f3la", "embedded_subject": {"abbreviation": "ENSK", "topics": [{"abbreviation": "GS", "topics": ["grunnatri\u00f0i", "samt\u00f6l"]}, {"abbreviation": "OO", "topics": ["or\u00f0ab\u00f3k", "or\u00f0afor\u00f0i"]}, {"abbreviation": "MM", "topics": ["myndas\u00f6gur", "myndb\u00f6nd"]}, {"abbreviation": "TL", "topics": ["lagatextar", "t\u00f3nlist"]}, {"abbreviation": "FR", "topics": ["ferilsverkefni", "ritunarverkefni"]}, {"abbreviation": "TS", "topics": ["myndm\u00e1l", "ritger\u00f0", "st\u00edlar", "textar"]}, {"abbreviation": "RH", "topics": ["hlustun", "m\u00e1lnotkun", "undirst\u00f6\u00f0uatri\u00f0i \u00ed ritun"]}, {"abbreviation": "SM", "topics": ["m\u00fas\u00edk og myndir 1950-70", "s\u00f6gur"]}, {"abbreviation": "BR", "topics": ["bretland"]}, {"abbreviation": "K\u00c1", "topics": ["kanada", "\u00e1stral\u00eda og n\u00fdja sj\u00e1land"]}, {"abbreviation": "SB", "topics": ["shakespeare og 19. \u00f6ldin \u00ed b\u00f3kmenntum"]}, {"abbreviation": "B\u00d3", "topics": ["b\u00f3kmenntir 20. aldar"]}, {"abbreviation": "KV", "topics": ["kvikmynda\u00e1fangi"]}, {"abbreviation": "AB", "topics": ["afr\u00edsk-amer\u00edskar b\u00f3kmenntir"]}, {"abbreviation": "U\u00c1", "topics": ["undirb\u00faningur", "\u00e1fangi"]}, {"abbreviation": "MT", "topics": ["m\u00e1lfr\u00e6\u00f0i", "tj\u00e1ning"]}, {"abbreviation": "MS", "topics": ["menning", "skapandi skrif"]}, {"abbreviation": "KR", "topics": ["kvikmyndir", "ritun"]}, {"abbreviation": "HR", "topics": ["heimildavinna", "ritger\u00f0ir"]}, {"abbreviation": "FF", "topics": ["fagm\u00e1l", "f\u00e9lagsv\u00edsinda"]}, {"abbreviation": "VE", "topics": ["enska", "vi\u00f0skipta"]}, {"abbreviation": "RE", "topics": ["enska", "raungreinar"]}, {"abbreviation": "BM", "topics": ["b\u00f3kmenntir", "m\u00e1lsaga"]}, {"abbreviation": "LB", "topics": ["b\u00f3kmenntir", "leik"]}, {"abbreviation": "UP", "topics": ["pr\u00f3f", "undirb\u00faningur"]}, {"abbreviation": "EN", "topics": ["enska fyrir fer\u00f0agreinar"]}, {"abbreviation": "FE", "topics": ["enska fyrir fer\u00f0a\u00fej\u00f3nustu"]}, {"abbreviation": "ST", "topics": ["evr\u00f3pski tungum\u00e1laramminn", "stig b1-b2"]}, {"abbreviation": "SE", "topics": ["evr\u00f3pski tungum\u00e1laramminn", "stig b2"]}, {"abbreviation": "ES", "topics": ["evr\u00f3pski tungum\u00e1laramminn", "stig b2-c1"]}, {"abbreviation": "EV", "topics": ["evr\u00f3pski tungum\u00e1laramminn", "stig c1"]}, {"abbreviation": "BF", "topics": ["b2", "evr\u00f3pski tungum\u00e1laramminn", "fer\u00f0a\u00fej\u00f3nuta"]}, {"abbreviation": "FH", "topics": ["evr\u00f3pski tungum\u00e1laramminn", "framhald", "stig c1"]}, {"abbreviation": "GR", "topics": ["grunn\u00e1fangi"]}, {"abbreviation": "FG", "topics": ["enska fyrir matv\u00e6lagreinar"]}, {"abbreviation": "LS", "topics": ["lestur", "m\u00e1lfr\u00e6\u00f0i", "or\u00f0afor\u00f0i", "skilningur"]}, {"abbreviation": "LT", "topics": ["lestur", "or\u00f0afor\u00f0i", "talm\u00e1l"]}, {"abbreviation": "BL", "topics": ["b\u00f3kmenntir", "lesskilningur", "ritun"]}, {"abbreviation": "BS", "topics": ["b\u00f3kmenntir", "menning", "saga"]}, {"abbreviation": "HA", "topics": ["hagn\u00fdtur or\u00f0afor\u00f0i. l\u00e6si \u00e1 fl\u00f3knari texta."]}, {"abbreviation": "OF", "topics": ["grunnor\u00f0afor\u00f0i fr\u00e6\u00f0a og v\u00edsinda.. menningarheimur nor\u00f0ur amer\u00edku"]}, {"abbreviation": "UN", "topics": ["undirb\u00fanings\u00e1fangi \u00ed ensku"]}, {"abbreviation": "LM", "topics": ["lestur og menning", "tj\u00e1ning"]}, {"abbreviation": "TM", "topics": ["menning", "tj\u00e1ning og skapandi skrif"]}, {"abbreviation": "MB", "topics": ["b\u00f3kmenntir", "menning og ritun"]}, {"abbreviation": "EX", "topics": ["extensive vocabulary and expression"]}, {"abbreviation": "ML", "topics": ["m\u00e1lnotkun og l\u00e6si"]}, {"abbreviation": "AA", "topics": ["akadem\u00edskur or\u00f0afor\u00f0i", "fj\u00f6lbreyttir textar", "fyrsti \u00e1fangi \u00ed ensku."]}, {"abbreviation": "YN", "topics": ["yndislestur"]}, {"abbreviation": "BB", "topics": ["akadem\u00edskur or\u00f0afor\u00f0i", "annar \u00e1fangi \u00ed ensku.", "fj\u00f6lbreyttir textar"]}, {"abbreviation": "FA", "topics": ["fagor\u00f0afor\u00f0i"]}, {"abbreviation": "AH", "topics": ["akadem\u00edskur or\u00f0afor\u00f0i", "fj\u00f6lbreyttir textar. hra\u00f0fer\u00f0 \u00ed ensku."]}, {"abbreviation": "BH", "topics": ["akadem\u00edskur or\u00f0afor\u00f0i", "fj\u00f6lbreyttir textar. \u00f6nnur hra\u00f0fer\u00f0 \u00ed ensku."]}, {"abbreviation": "EE", "topics": ["b\u00f3kmenntir", "fj\u00f6lmi\u00f0latextar."]}, {"abbreviation": "LR", "topics": ["lestur", "ritun", "tj\u00e1ning og hlustun"]}, {"abbreviation": "DD", "topics": ["b\u00f3kmenntir"]}, {"abbreviation": "M\u00c1", "topics": ["m\u00e1lfr\u00e6\u00f0i a"]}, {"abbreviation": "CC", "topics": ["b\u00f3kmenntir", "krefjandi or\u00f0afor\u00f0i", "ritun"]}, {"abbreviation": "CH", "topics": ["krefjandi or\u00f0afor\u00f0i"]}, {"abbreviation": "L\u00c9", "topics": ["l\u00e9ttlestur"]}, {"abbreviation": "OH", "topics": ["hlustun", "or\u00f0afor\u00f0i", "talm\u00e1l og ritun"]}, {"abbreviation": "LO", "topics": ["lesskilningur", "m\u00e1lfr\u00e6\u00f0i", "or\u00f0afor\u00f0i"]}, {"abbreviation": "MO", "topics": ["m\u00e1lfr\u00e6\u00f0i", "or\u00f0afor\u00f0i", "stig b1 \u00ed evr\u00f3pska tungum\u00e1larammanum"]}, {"abbreviation": "OB", "topics": ["b\u00f3kmenntir", "or\u00f0afor\u00f0i", "stig b2 \u00ed evr\u00f3pska tungum\u00e1larammanum"]}, {"abbreviation": "RB", "topics": ["b\u00f3kmenntir", "ritun"]}, {"abbreviation": "RL", "topics": ["lestur", "m\u00e1lfr\u00e6\u00f0i", "ritun og or\u00f0afor\u00f0i"]}, {"abbreviation": "SG", "topics": ["Lestur", "m\u00e1lfr\u00e6\u00f0i", "or\u00f0afor\u00f0i", "ritun", "tal"]}, {"abbreviation": "RM", "topics": ["Ritun", "b\u00f3kmenntir", "m\u00e1lnotkun"]}, {"abbreviation": "RO", "topics": ["Ritun", "b\u00f3kmenntir", "menning", "or\u00f0afor\u00f0i"]}, {"abbreviation": "SR", "topics": ["Menning", "akadem\u00edskur or\u00f0afor\u00f0i", "ritun", "saga"]}, {"abbreviation": "AE", "topics": ["Almenn akadem\u00edsk enska", "b\u00f3kmenntir", "ritun"]}, {"abbreviation": "SA", "topics": ["S\u00e9rh\u00e6f\u00f0 akadem\u00edsk enska", "b\u00f3kmenntir", "ritun"]}, {"abbreviation": "VR", "topics": ["V\u00edsindaor\u00f0afor\u00f0i", "raungreinar"]}, {"abbreviation": "VH", "topics": ["Vi\u00f0skipti", "erlend samskipti og vi\u00f0skiptah\u00e6ttir"]}, {"abbreviation": "AK", "topics": ["Kennsla", "a\u00f0sto\u00f0 vi\u00f0 nemendur", "ger\u00f0 kennsluefnis"]}, {"abbreviation": "DF", "topics": ["Kvikmyndir. Film Course."]}, {"abbreviation": "SK", "topics": ["enska fyrir fer\u00f0a\u00fej\u00f3nustu", "skapandi skrif"]}, {"abbreviation": "FT", "topics": ["lestur fr\u00e6\u00f0ilegra texta"]}, {"abbreviation": "VT", "topics": ["Lestur enskra vi\u00f0skiptatexta"]}, {"abbreviation": "RT", "topics": ["Lestur enskra raunv\u00edsindatexta"]}, {"abbreviation": "\u00cdT", "topics": ["Lestur \u00ed\u00fer\u00f3ttafr\u00e6\u00f0ilegra texta"]}, {"abbreviation": "TO", "topics": ["Tolkien"]}, {"abbreviation": "RI", "topics": ["Ritun"]}, {"abbreviation": "HL", "topics": ["Hlustun"]}, {"abbreviation": "UE", "topics": ["Undirb\u00fanings\u00e1fangi \u00ed ensku"]}, {"abbreviation": "UH", "topics": ["Undirb\u00faningur fyrir h\u00e1sk\u00f3lan\u00e1m"]}, {"abbreviation": "TJ", "topics": ["Tj\u00e1ning"]}, {"abbreviation": "OM", "topics": ["Or\u00f0afor\u00f0i", "m\u00e1lfr\u00e6\u00f0i", "m\u00e1lnotkun"]}, {"abbreviation": "TF", "topics": ["tj\u00e1ning og m\u00e1lnotkun"]}, {"abbreviation": "AM", "topics": ["Fr\u00e6\u00f0ilegur or\u00f0afor\u00f0i og Bandar\u00edkin"]}, {"abbreviation": "UK", "topics": ["Fr\u00e6\u00f0ilegur or\u00f0afor\u00f0i og Bretland"]}, {"abbreviation": "AC", "topics": ["Akadem\u00edskur or\u00f0afor\u00f0i og rauntextar"]}, {"abbreviation": "SL", "topics": ["Lestur", "menning og skrif"]}, {"abbreviation": "KK", "topics": ["Kvikmyndir og kynning"]}, {"abbreviation": "BA", "topics": ["L\u00fdsing: B\u00f3kmenntir 19. og 20.", "skrif og r\u00e6\u00f0uger\u00f0"]}, {"abbreviation": "OT", "topics": ["Or\u00f0afor\u00f0i", "ritun", "tj\u00e1ning"]}, {"abbreviation": "VM", "topics": ["V\u00edsindi og menning"]}, {"abbreviation": "BT", "topics": ["Bandar\u00edskt \u00fej\u00f3\u00f0f\u00e9lag og menning"]}, {"abbreviation": "MR", "topics": ["M\u00e1lfr\u00e6\u00f0i og ritun"]}, {"abbreviation": "LH", "topics": ["L\u00e6si \u00e1 fl\u00f3knari texta", "hagn\u00fdtur fj\u00f6lbreyttur or\u00f0afor\u00f0i"]}, {"abbreviation": "KB", "topics": ["Kvikmyndir", "b\u00f3kmenntir"]}, {"abbreviation": "OL", "topics": ["Lestur", "Menning", "M\u00e1lfr\u00e6\u00f0i", "Or\u00f0afor\u00f0i", "Ritun", "Tal"]}, {"abbreviation": "CL", "topics": ["Chic Literature and Women in Today\u2018s Society"]}, {"abbreviation": "CW", "topics": ["Creative Writing"]}, {"abbreviation": "OR", "topics": ["B\u00f3kmenntir (fj\u00f6lbreyttir textar)", "menning", "or\u00f0afor\u00f0i", "ranns\u00f3knir og ritun"]}, {"abbreviation": "OG", "topics": ["B\u00f3kmenntir", "lj\u00f3\u00f0agreining", "or\u00f0afor\u00f0i", "ritger\u00f0asm\u00ed\u00f0i og heimildavinna"]}, {"abbreviation": "BY", "topics": ["Lestur", "m\u00e1lfr\u00e6\u00f0i og m\u00e1lnotkun (byrjunar\u00e1fangi \u00ed ensku)", "ritun"]}, {"abbreviation": "DM", "topics": ["Enska Daglegt m\u00e1l"]}, {"abbreviation": "B\u00c1", "topics": ["b\u00f3kmenntir", "ritun", "tj\u00e1ning"]}, {"abbreviation": "HE", "topics": ["Hagn\u00fdt enska", "starfsbraut"]}, {"abbreviation": "RR", "topics": ["Enska \u00ed r\u00e6\u00f0u og riti"]}, {"abbreviation": "HO", "topics": ["Hagn\u00fdtur or\u00f0afor\u00f0i", "c1"]}, {"abbreviation": "FO", "topics": ["Fagor\u00f0afor\u00f0i og fer\u00f0am\u00e1l"]}, {"abbreviation": "EG", "topics": ["Enska 2 \u00e1 starfsbraut"]}, {"abbreviation": "SO", "topics": ["s\u00e9rh\u00e6f\u00f0ur or\u00f0afor\u00f0i"]}, {"abbreviation": "TR", "topics": ["Tj\u00e1ning", "or\u00f0afor\u00f0i", "ritun"]}, {"abbreviation": "\u00deS", "topics": ["\u00dej\u00f3nustust\u00f6rf"]}, {"abbreviation": "SF", "topics": ["Sagnfr\u00e6\u00f0i"]}, {"abbreviation": "T\u00d6", "topics": ["T\u00f6lvuleikir"]}, {"abbreviation": "JM", "topics": ["Fr\u00e1 hugmynd til \u00fatg\u00e1fu"]}, {"abbreviation": "MH", "topics": ["S\u00e9rh\u00e6f\u00f0 enska \u00ed myndlist og h\u00f6nnun"]}, {"abbreviation": "BO", "topics": ["B\u00f3kmenntir", "m\u00e1lfr\u00e6\u00f0i", "or\u00f0afor\u00f0i"]}, {"abbreviation": "VO", "topics": ["V\u00edsindatengdur or\u00f0afor\u00f0i"]}, {"abbreviation": "MV", "topics": ["M\u00e1lnotkun", "b\u00f3kmenntir", "vi\u00f0skipti"]}, {"abbreviation": "SV", "topics": ["m\u00e1lnotkun", "samf\u00e9lag", "vi\u00f0skipti"]}, {"abbreviation": "VI", "topics": ["m\u00e1lskilningur", "ritun", "vi\u00f0skiptaenska"]}, {"abbreviation": "EM", "topics": ["bresk menning", "b\u00f3kmenntir", "m\u00e1l"]}, {"abbreviation": "NV", "topics": ["v\u00edsindaenska"]}, {"abbreviation": "YL", "topics": ["Yndislestur"]}, {"abbreviation": "EH", "topics": ["Enska fyrir heilbrig\u00f0isgreinar"]}, {"abbreviation": "DK", "topics": ["ENSKA"]}, {"abbreviation": "DG", "topics": ["Enskar myndas\u00f6gur"]}, {"abbreviation": "DV", "topics": ["or\u00f0afor\u00f0i"]}, {"abbreviation": "DY", "topics": ["Yndislestur \u00ed ensku"]}, {"abbreviation": "EY", "topics": ["Yndislestur 2 \u00e1 ensku"]}, {"abbreviation": "HB", "topics": ["B\u00f3kmenntir og fr\u00e6\u00f0ilegir textar \u00ed hugv\u00edsindum"]}, {"abbreviation": "MK", "topics": ["b\u00f3kmenntir", "kvikmyndir", "menning", "m\u00e1lnotkun"]}, {"abbreviation": "VG", "topics": ["gagnr\u00fdnin hugsun", "or\u00f0afor\u00f0i v\u00edsinda", "ritun", "tj\u00e1ning"]}, {"abbreviation": "TT", "topics": ["m\u00e1lnotkun \u00ed t\u00e6knigreinum", "or\u00f0afor\u00f0i", "tala\u00f0 m\u00e1l"]}, {"abbreviation": "SS", "topics": ["Shakespeare", "kvikmyndir", "ritun", "sk\u00e1lds\u00f6gur"]}, {"abbreviation": "FV", "topics": ["Fagm\u00e1l", "b\u00f3kmenntir", "f\u00e9lagsv\u00edsindi", "ritun"]}, {"abbreviation": "VV", "topics": ["fagm\u00e1l", "hagfr\u00e6\u00f0i", "verslun", "vi\u00f0skipti"]}, {"abbreviation": "TB", "topics": ["Tolkien", "b\u00f3kmenntir", "fantas\u00eda"]}, {"abbreviation": "LG", "topics": ["Lestur", "ritun og tj\u00e1ning"]}, {"abbreviation": "SH", "topics": ["Shakespeare"]}, {"abbreviation": "BK", "topics": ["b\u00f3kmenntir og menning"]}, {"abbreviation": "VF", "topics": ["fr\u00e6\u00f0i og fagm\u00e1l", "v\u00edsindi"]}, {"abbreviation": "AO", "topics": ["Akadem\u00edskur or\u00f0afor\u00f0i \u00e1 ensku og klass\u00edskar b\u00f3kmenntir"]}, {"abbreviation": "SD", "topics": ["S\u00e9rh\u00e6f\u00f0ur or\u00f0afor\u00f0i og breskar b\u00f3kmenntir"]}, {"abbreviation": "TE", "topics": ["\u00deemaverkefni \u00ed tengslum vi\u00f0 frekara n\u00e1m \u00e1 h\u00e1sk\u00f3lastigi", "\u00fej\u00e1lfun \u00ed ritun og tj\u00e1ningu \u00e1 ensku"]}, {"abbreviation": "LL", "topics": ["B\u00f3kmenntir", "leikrit", "lj\u00f3\u00f0 og kvikmyndir \u00e1 ensku annars vegar og hins vegar sam\u00fe\u00e6tting vi\u00f0 a\u00f0ra \u00e1fanga"]}, {"abbreviation": "US", "topics": ["Undirb\u00faningur fyrir st\u00f6\u00f0lu\u00f0 pr\u00f3f"]}, {"abbreviation": "GA", "topics": ["Grunnor\u00f0afor\u00f0i akadem\u00edskra texta"]}, {"abbreviation": "KO", "topics": ["Krefjandi or\u00f0afor\u00f0i"]}, {"abbreviation": "FS", "topics": ["Fj\u00f6lbreyttur skilningur"]}, {"abbreviation": "EA", "topics": ["Akadem\u00edskur or\u00f0afor\u00f0i"]}, {"abbreviation": "ME", "topics": ["Meteorology", "ve\u00f0urfr\u00e6\u00f0i"]}, {"abbreviation": "EK", "topics": ["Enska 1"]}, {"abbreviation": "LE", "topics": ["Lestur", "b\u00e6\u00f0i rauntexta og sk\u00e1lda\u00f0a"]}, {"abbreviation": "S\u00d6", "topics": ["Sm\u00e1s\u00f6gur og sk\u00e1lds\u00f6gur"]}, {"abbreviation": "HC", "topics": ["Hagn\u00fdt enska"]}, {"abbreviation": "\u00deA", "topics": ["\u00deematengt vi\u00f0fangsefni"]}, {"abbreviation": "\u00deB", "topics": ["\u00deematengt vi\u00f0fangsefni II"]}, {"abbreviation": "\u00deC", "topics": ["\u00deematengt vi\u00f0fangsefni III"]}, {"abbreviation": "AR", "topics": ["Almenn enska \u2013 Ritun", "hlustun", "lestur", "samskipti", "tal"]}, {"abbreviation": "AU", "topics": ["Almenn enska \u2013 ritun", "hlustun", "lestur", "samskipti", "tal"]}, {"abbreviation": "AF", "topics": ["Almenn enska (ritun-tal-hlustun-lestur-samskipti)"]}, {"abbreviation": "RF", "topics": ["Almenn enska", "ritun og lestur"]}, {"abbreviation": "RS", "topics": ["Almenn enska: ritun og lestur \u00ed forgrunni II"]}, {"abbreviation": "AL", "topics": ["Enska sem alheims m\u00e1l"]}, {"abbreviation": "LK", "topics": ["Undirb\u00faningur fyrir almennt h\u00e1sk\u00f3lan\u00e1m \u00e1 svi\u00f0i hugv\u00edsinda"]}, {"abbreviation": "ET", "topics": ["Skilningur og tj\u00e1ning"]}, {"abbreviation": "EO", "topics": ["Skilningur og or\u00f0afor\u00f0i"]}, {"abbreviation": "EF", "topics": ["Fagenska"]}, {"abbreviation": "EU", "topics": ["Enska undirb\u00fanings\u00e1fangi"]}, {"abbreviation": "DB", "topics": ["Breskur h\u00famor"]}, {"abbreviation": "DA", "topics": ["B\u00f3kmenntir bandrar\u00edskra bl\u00f6kkumanna"]}, {"abbreviation": "MN", "topics": ["M\u00e1lfr\u00e6\u00f0i - setningafr\u00e6\u00f0i og s\u00e9rh\u00e6f\u00f0ari textar"]}, {"abbreviation": "GH", "topics": ["Ger\u00f0 heimildarritger\u00f0ar"]}, {"abbreviation": "EL", "topics": ["Enska \u00ed lokaverkefni"]}, {"abbreviation": "ED", "topics": ["dyslex\u00eda", "enska", "hlustun", "lestur", "ritun", "samskipti", "tal"]}, {"abbreviation": "IN", "topics": ["Lestur", "m\u00e1lfr\u00e6\u00f0i og or\u00f0afor\u00f0i", "skilningur"]}, {"abbreviation": "AS", "topics": ["Almenn enska (ritun-tal-lestur-hlustun-samskipti)"]}, {"abbreviation": "GM", "topics": ["Grunnm\u00e1lfr\u00e6\u00f0i"]}, {"abbreviation": "GO", "topics": ["Grunnor\u00f0afor\u00f0i"]}, {"abbreviation": "MF", "topics": ["Menning og m\u00e1lfar"]}, {"abbreviation": "HF", "topics": ["Hagn\u00fdtur or\u00f0afor\u00f0i"]}, {"abbreviation": "KM", "topics": ["Kvikmyndir"]}, {"abbreviation": "MA", "topics": ["Menning og samf\u00e9lag"]}, {"abbreviation": "A\u00de", "topics": ["Al\u00fej\u00f3\u00f0afr\u00e6\u00f0i"]}, {"abbreviation": "NH", "topics": ["N\u00fdi heimurinn"]}, {"abbreviation": "IB", "topics": ["Indj\u00e1nab\u00f3kmenntir"]}, {"abbreviation": "TV", "topics": ["Tungum\u00e1l og vi\u00f0skipti"]}, {"abbreviation": "FN", "topics": ["Hagn\u00fdtur or\u00f0afor\u00f0i og forritun"]}, {"abbreviation": "NG", "topics": ["Netager\u00f0"]}, {"abbreviation": "PH", "topics": ["Tj\u00e1ning", "or\u00f0afor\u00f0i"]}, {"abbreviation": "QP", "topics": ["Stafr\u00e6nar or\u00f0ab\u00e6kur"]}, {"abbreviation": "RP", "topics": ["Enska \u00ed kvikmyndum"]}, {"abbreviation": "SP", "topics": ["Tj\u00e1ning", "m\u00e1lfr\u00e6\u00f0i"]}, {"abbreviation": "TP", "topics": ["Enska", "t\u00f3nlist"]}, {"abbreviation": "\u00daP", "topics": ["Enska", "\u00fej\u00f3nusta"]}, {"abbreviation": "VP", "topics": ["Enska", "t\u00f6lvuleikir"]}, {"abbreviation": "\u00deE", "topics": ["\u00deema\u00e1fangi \u00ed b\u00f3kmenntum"]}, {"abbreviation": "TN", "topics": ["Skoskar gl\u00e6pas\u00f6gur"]}, {"abbreviation": "F\u00c1", "topics": ["Fer\u00f0a\u00e1fangi"]}, {"abbreviation": "FB", "topics": ["Fer\u00f0alag og b\u00f3kmenntir"]}, {"abbreviation": "FM", "topics": ["Fj\u00f6lmi\u00f0lar og m\u00e1lsaga"]}, {"abbreviation": "O\u00c1", "topics": ["Or\u00f0afor\u00f0i og \u00e1hugam\u00e1l"]}, {"abbreviation": "OS", "topics": ["Or\u00f0afor\u00f0i", "skilningur"]}], "_id": "50c0a02dd8e40575f7f6f488", "subjects": ["enska"], "counter": {"1": 52, "3": 116, "2": 94, "4": 1}}, "evaluation": "N\u00e1msmat er \u00fatf\u00e6rt \u00ed kennslu\u00e1\u00e6tlun \u00ed samr\u00e6mi vi\u00f0 sk\u00f3lan\u00e1mskr\u00e1", "categorization_suggestion": "", "embedded_topics": {"abbreviation": "EV", "topics": ["evr\u00f3pski tungum\u00e1laramminn", "stig c1"]}, "status": "approved by school", "description": "Kr\u00f6fur \u00e1fangans samsvara h\u00e6fnis\u00ferepi B1-B2 \u00ed Evr\u00f3pska tungum\u00e1larammanum. \u00cd \u00e1fanganum er l\u00f6g\u00f0 \u00e1hersla \u00e1 a\u00f0 \u00fej\u00e1lfa grunn\u00fe\u00e6tti tungum\u00e1lan\u00e1ms, \u00fe.e. lestur, tal, ritun og hlustun. \u00c1hersla er \u00e1 fl\u00f3knari or\u00f0afor\u00f0a nemenda og m\u00e1lnotkun.", "knowledge_goals": ["lestri fj\u00f6lbreyttra texta, m.a. \u00far fj\u00f6lmi\u00f0lum", "v\u00f6ldum kvikmyndum og b\u00f3kmenntatextum", "uppbyggingu ritunarverkefna", "munnlegri og skriflegri tj\u00e1ningu"], "skills_goals": ["sko\u00f0a texta og kvikmyndir m.t.t. til s\u00f6gusvi\u00f0s og pers\u00f3na", "beita mismunandi lestrara\u00f0fer\u00f0um \u00e1 mismunandi texta", "tj\u00e1 sig munnlega og skriflega \u00e1 l\u00fdtal\u00edtilli ensku um m\u00e1lefni sem hann hefur kynnt s\u00e9r"], "credits": 5, "last_modified": 1455879800.951065, "schools": ["51234a418caa45ed97015b34"], "coauthors": null, "instructions": "", "continued_education": false, "level": 2, "prerequisites": "H\u00e6fnieinkunn B \u00far grunnsk\u00f3la e\u00f0a 1. \u00ferep \u00ed ensku", "author": "7ace0f7d-b13c-4859-8a67-02c15409e1c2", "abbreviation_version": null, "competence_goals": [["taka \u00fe\u00e1tt \u00ed sko\u00f0anaskiptum og f\u00e6ra r\u00f6k fyrir m\u00e1li s\u00ednu skriflega og munnlega", ""], ["skrifa \u00f3l\u00edkar tegundir texta, m.a. r\u00f6kf\u00e6rsluritger\u00f0 um efni sem \u00feeir hafa kynnt s\u00e9r", ""], ["tj\u00e1\u00f0 sig sk\u00fdrt \u00e1 g\u00f3\u00f0ri ensku formlega og \u00f3formlega", ""]], "_id": "56c6f67862933a0316000f48"}, {"exemplary": null, "topics": "grunn\u00e1fangi \u00ed e\u00f0lis og efnafr\u00e6\u00f0i fyrir opna st\u00fadentsbraut og f\u00e9lagsfr\u00e6\u00f0abraut", "abbreviation": "EFNA1OF05", "former_schools": null, "subject": "efnafr\u00e6\u00f0i", "title": "E\u00f0lis og efnafr\u00e6\u00f0i", "version": 4, "status_trans": "Sam\u00feykkt af sk\u00f3la", "embedded_subject": {"abbreviation": "EFNA", "topics": [{"abbreviation": "AE", "topics": ["almenn efnafr\u00e6\u00f0i"]}, {"abbreviation": "EF", "topics": ["efnafr\u00e6\u00f0i framhald"]}, {"abbreviation": "LR", "topics": ["l\u00edfr\u00e6n efnafr\u00e6\u00f0i"]}, {"abbreviation": "LE", "topics": ["l\u00edfefnafr\u00e6\u00f0i"]}, {"abbreviation": "DA", "topics": ["framhald", "\u00f3l\u00edfr\u00e6n efnafr\u00e6\u00f0i"]}, {"abbreviation": "DL", "topics": ["framhald \u00ed l\u00edfr\u00e6nni efnafr\u00e6\u00f0i og l\u00edfefnafr\u00e6\u00f0i"]}, {"abbreviation": "CL", "topics": ["l\u00edfr\u00e6n efnafr\u00e6\u00f0i og l\u00edfefnafr\u00e6\u00f0i"]}, {"abbreviation": "FH", "topics": ["almenn efnafr\u00e6\u00f0i", "grunn\u00e1fangi \u00ed efnafr\u00e6\u00f0i fyrir hug- og f\u00e9lagsv\u00edsindadeild"]}, {"abbreviation": "AM", "topics": ["at\u00f3m", "m\u00f3l og efnahv\u00f6rf. byrjunar\u00e1fangi \u00ed efnafr\u00e6\u00f0i \u00e1 n\u00e1tt\u00faruv\u00edsindabraut"]}, {"abbreviation": "EH", "topics": ["2. \u00e1fangi \u00ed efnafr\u00e6\u00f0i \u00e1 n\u00e1tt\u00faruv\u00edsindabraut", "efnatengi", "hra\u00f0i og orka"]}, {"abbreviation": "JL", "topics": ["3. \u00e1fangi \u00ed efnafr\u00e6\u00f0i \u00e1 n\u00e1tt\u00faruv\u00edsindabraut", "jafnv\u00e6gi", "lofttegundir", "oxun og afoxun"]}, {"abbreviation": "L\u00cd", "topics": ["l\u00edfr\u00e6n- og l\u00edfefnafr\u00e6\u00f0i"]}, {"abbreviation": "CA", "topics": ["almenn efnafr\u00e6\u00f0i", "\u00e1framhald"]}, {"abbreviation": "BA", "topics": ["almenn efnafr\u00e6\u00f0i", "framhald"]}, {"abbreviation": "AK", "topics": ["inngagnur a\u00f0 efnafr\u00e6\u00f0i"]}, {"abbreviation": "IE", "topics": ["inngangur a\u00f0 efnafr\u00e6\u00f0i"]}, {"abbreviation": "FE", "topics": ["framhalds\u00e1fangi \u00ed efnafr\u00e6\u00f0i"]}, {"abbreviation": "LV", "topics": ["lokaverkefni"]}, {"abbreviation": "RL", "topics": ["lotubundnir eiginleikar", "rafefnafr\u00e6\u00f0i og kjarnaefnafr\u00e6\u00f0i"]}, {"abbreviation": "KE", "topics": ["a\u00f0sto\u00f0 vi\u00f0 kennslu 1. bekkjar nema \u00e1 n\u00e1tt\u00faruv\u00edsindabraut. framhalds\u00e1fangi \u00ed efnafr\u00e6\u00f0i \u00e1 n\u00e1tt\u00faruv\u00edsindabraut"]}, {"abbreviation": "EA", "topics": ["byrjunar\u00e1fangi \u00ed efnafr\u00e6\u00f0i \u00e1 n\u00e1tt\u00faruv\u00edsindabraut", "efnasamb\u00f6nd og efnaj\u00f6fnur", "uppbygging at\u00f3ma"]}, {"abbreviation": "EM", "topics": ["efnahv\u00f6rf", "m\u00f3lstyrkur og orka"]}, {"abbreviation": "HE", "topics": ["efnaftengi", "hra\u00f0afr\u00e6\u00f0i og efnafr\u00e6\u00f0i lofttegunda"]}, {"abbreviation": "AA", "topics": ["byrjunar\u00e1fangi \u00ed efnafr\u00e6\u00f0i \u00e1 n\u00e1tt\u00farufr\u00e6\u00f0ibraut"]}, {"abbreviation": "XB", "topics": ["efnahv\u00f6rf", "framhalds\u00e1fangi \u00ed efnafr\u00e6\u00f0i"]}, {"abbreviation": "GE", "topics": ["gasl\u00f6gm\u00e1li\u00f0", "hra\u00f0i efnahvarfa", "orka \u00ed efnahv\u00f6rfum"]}, {"abbreviation": "LM", "topics": ["grunnhugt\u00f6k", "lotukerfi\u00f0", "m\u00f3lhugtaki\u00f0"]}, {"abbreviation": "JA", "topics": ["jafnv\u00e6gi", "\u00f3l\u00edfr\u00e6n efnafr\u00e6\u00f0i"]}, {"abbreviation": "EG", "topics": ["gasl\u00f6gm\u00e1li\u00f0", "hra\u00f0i og orka", "jafnv\u00e6gi", "orka \u00ed efnahv\u00f6rfum"]}, {"abbreviation": "LO", "topics": ["byrjunar\u00e1fangi \u00ed efnafr\u00e6\u00f0i \u00e1 n\u00e1tt\u00farufr\u00e6\u00f0ibraut", "efnasamb\u00f6nd og efnaj\u00f6fnur", "lotukerfi\u00f0", "m\u00f3lhugtaki\u00f0"]}, {"abbreviation": "RA", "topics": ["efnahv\u00f6rf", "rafefnafr\u00e6\u00f0i og kjarnaefnafr\u00e6\u00f0i"]}, {"abbreviation": "EE", "topics": ["at\u00f3m", "efnasamb\u00f6nd og efnahv\u00f6rf", "frumefni"]}, {"abbreviation": "FR", "topics": ["framhalds\u00e1fangi \u00ed almennri efnafr\u00e6\u00f0i"]}, {"abbreviation": "ZZ", "topics": ["Jafnv\u00e6gi", "lofttegundir", "oxun og afoxun"]}, {"abbreviation": "VG", "topics": ["efnatengi", "gastegundir", "lotubundnir eiginleikar frumefna", "l\u00f6gun sameinda", "millisameindakraftar", "rafeindaskipan", "varmaefnafr\u00e6\u00f0i"]}, {"abbreviation": "HJ", "topics": ["hra\u00f0afr\u00e6\u00f0i", "jafnv\u00e6gi", "rafnefnafr\u00e6\u00f0i", "varmaefnafr\u00e6\u00f0i"]}, {"abbreviation": "JR", "topics": ["hra\u00f0afr\u00e6\u00f0i", "jafnv\u00e6gi", "l\u00edfefnafr\u00e6\u00f0i", "l\u00edfr\u00e6n efnafr\u00e6\u00f0i", "millisameindakraftar", "rafefnafr\u00e6\u00f0i", "\u00f3rei\u00f0a og fr\u00edorka efnahvarfa"]}, {"abbreviation": "CB", "topics": ["L\u00edfr\u00e6n efnafr\u00e6\u00f0i"]}, {"abbreviation": "DB", "topics": ["L\u00edfefnafr\u00e6\u00f0i"]}, {"abbreviation": "RS", "topics": ["Rafefnafr\u00e6\u00f0i", "s\u00fdrur og basar"]}, {"abbreviation": "BB", "topics": ["Almenn efnafr\u00e6\u00f0i.  Framhald"]}, {"abbreviation": "AQ", "topics": ["Grunnatri\u00f0i efnafr\u00e6\u00f0innar"]}, {"abbreviation": "LT", "topics": ["L\u00f6gun sameinda og tengi"]}, {"abbreviation": "EJ", "topics": ["Efnajafnv\u00e6gi"]}, {"abbreviation": "RE", "topics": ["Almenn efnafr\u00e6\u00f0i", "l\u00edfefnafr\u00e6\u00f0i", "l\u00edfr\u00e6n efnafr\u00e6\u00f0i", "rafefnafr\u00e6\u00f0i"]}, {"abbreviation": "OL", "topics": ["\u00d3l\u00edfr\u00e6n efnafr\u00e6\u00f0i"]}, {"abbreviation": "ME", "topics": ["at\u00f3mi\u00f0", "efnaj\u00f6fnur", "efnatengi", "m\u00f3lreikningar"]}, {"abbreviation": "EL", "topics": ["efnahv\u00f6rf", "flokkun", "l\u00edfr\u00e6n efni", "nafnakerfi"]}, {"abbreviation": "OH", "topics": ["efnajafnv\u00e6gi", "hvarfhra\u00f0i", "orka", "oxun", "s\u00fdrur"]}, {"abbreviation": "VE", "topics": ["daufar s\u00fdrur", "leysnijafnv\u00e6gi", "oxun", "verklegar \u00e6fingar"]}, {"abbreviation": "ES", "topics": ["Efnaorka", "efnatengi", "lotukerfi", "l\u00f6gun sameinda"]}, {"abbreviation": "EO", "topics": ["efnaferli", "l\u00edfefni", "orkuvinnsluferli"]}, {"abbreviation": "LB", "topics": ["bygging", "efnaferli", "l\u00edfefni", "orkuvinnsluferli"]}, {"abbreviation": "OF", "topics": ["grunn\u00e1fangi \u00ed e\u00f0lis og efnafr\u00e6\u00f0i fyrir opna st\u00fadentsbraut og f\u00e9lagsfr\u00e6\u00f0abraut"]}], "_id": "50c0a02dd8e40575f7f6f4f3", "subjects": ["efnafr\u00e6\u00f0i"], "counter": {"1": 1, "3": 18, "2": 24, "4": 0}}, "evaluation": "N\u00e1msmat er \u00fatf\u00e6rt \u00ed kennslu\u00e1\u00e6tlun \u00ed samr\u00e6mi vi\u00f0 sk\u00f3lan\u00e1mskr\u00e1", "categorization_suggestion": "", "embedded_topics": {"abbreviation": "OF", "topics": ["grunn\u00e1fangi \u00ed e\u00f0lis og efnafr\u00e6\u00f0i fyrir opna st\u00fadentsbraut og f\u00e9lagsfr\u00e6\u00f0abraut"]}, "status": "approved by school", "description": "\u00c1fanginn er um nokkur grunnatri\u00f0i \u00ed efna- og e\u00f0lisfr\u00e6\u00f0i. \u00c1hersla er \u00e1 verklegar \u00e6fingar til a\u00f0 kynna vinnubr\u00f6g\u00f0, me\u00f0fer\u00f0 m\u00e6lini\u00f0ursta\u00f0na og SI einingakerfi\u00f0. \u00cd efnafr\u00e6\u00f0ihluta er fjalla\u00f0 um kenningar um myndun s\u00f3lkerfisins og  hvernig  \u00f6reindir og frumefni ur\u00f0u til. Um lei\u00f0 kynnt saga at\u00f3mhugtaksins og saga hugmynda um \u00far hverju efni\u00f0 s\u00e9 gert og lotukerfis.  J\u00f3nir og sams\u00e6tur sk\u00fdr\u00f0ar, efnahv\u00f6rf, efnaj\u00f6fnur og m\u00f3lhugtaki\u00f0. IUPAC nafngiftir efnsambanda.\nE\u00f0lisfr\u00e6\u00f0ihlutinn fjallar um hreyfi- og aflfr\u00e6\u00f0i. Helstu st\u00e6r\u00f0ir \u00fatsk\u00fdr\u00f0ar og kynnt notkun \u00e1 einf\u00f6ldum j\u00f6fnum.  Fjalla\u00f0 er um orkuhugtaki\u00f0 og mismundandi myndir orku. \u00de\u00e1 er fari\u00f0 yfir orku\u00f6flun me\u00f0 \u00e1herslu \u00e1 \u00edslenskar lei\u00f0ir og framt\u00ed\u00f0arm\u00f6guleika til d\u00e6mis notkun rafmagns og vetnis tila\u00f0 kn\u00fdja farart\u00e6ki. Umhverfism\u00e1l  tengd \u00feessu r\u00e6dd.  \n", "knowledge_goals": ["s\u00f6gu hugmynda um at\u00f3m og frumefni", "r\u00edkjandi hugmyndum um uppbyggingu efnisins sem heimurinn er ger\u00f0ur \u00far", "hef\u00f0sbundinnni hreyfi- og aflfr\u00e6\u00f0i", "orkunotkun og aflei\u00f0ingu  hennar fyrir umhverfi\u00f0"], "skills_goals": ["l\u00fdsa uppbyggingu at\u00f3ma", "finna uppl\u00fdsingar um n\u00f6fn og s\u00e6tist\u00f6lur frumefnanna \u00ed lotukerfi", "nefna einf\u00f6ld efnasamb\u00f6nd", "stilla einfaldar efnaj\u00f6fnur", "nota einfaldar j\u00f6fnur \u00ed aflfr\u00e6\u00f0i"], "credits": 5, "last_modified": 1425469726.901222, "schools": ["51234a418caa45ed97015b34"], "coauthors": null, "instructions": "", "continued_education": false, "level": 1, "prerequisites": "Engar", "author": "be449920-0f11-4afd-b29a-4f4c10d27d96", "abbreviation_version": null, "competence_goals": [["\u00e1tta sig betur \u00e1 hinu dau\u00f0a umhverfi s\u00ednu. \u00dar hva\u00f0a efnum \u00fea\u00f0 er gert, hva\u00f0a kraftar eru a\u00f0 verki \u00fear og hverjar aflei\u00f0ingar \u00fdmsar ger\u00f0ir \u00feeirra geta haft", ""], ["\u00e1tta sig \u00e1 umfj\u00f6llun um n\u00e1tt\u00farufr\u00e6\u00f0itengd efni \u00ed samf\u00e9laginu", ""]], "_id": "54f6f11e62933a3c2200081b"}, {"exemplary": null, "topics": "fagor\u00f0afor\u00f0i", "abbreviation": "ENSK3FA05", "former_schools": null, "subject": "enska", "title": "Fagor\u00f0afor\u00f0i \u00ed ensku", "version": 75, "status_trans": "Sam\u00feykkt af sk\u00f3la", "embedded_subject": {"abbreviation": "ENSK", "topics": [{"abbreviation": "GS", "topics": ["grunnatri\u00f0i", "samt\u00f6l"]}, {"abbreviation": "OO", "topics": ["or\u00f0ab\u00f3k", "or\u00f0afor\u00f0i"]}, {"abbreviation": "MM", "topics": ["myndas\u00f6gur", "myndb\u00f6nd"]}, {"abbreviation": "TL", "topics": ["lagatextar", "t\u00f3nlist"]}, {"abbreviation": "FR", "topics": ["ferilsverkefni", "ritunarverkefni"]}, {"abbreviation": "TS", "topics": ["myndm\u00e1l", "ritger\u00f0", "st\u00edlar", "textar"]}, {"abbreviation": "RH", "topics": ["hlustun", "m\u00e1lnotkun", "undirst\u00f6\u00f0uatri\u00f0i \u00ed ritun"]}, {"abbreviation": "SM", "topics": ["m\u00fas\u00edk og myndir 1950-70", "s\u00f6gur"]}, {"abbreviation": "BR", "topics": ["bretland"]}, {"abbreviation": "K\u00c1", "topics": ["kanada", "\u00e1stral\u00eda og n\u00fdja sj\u00e1land"]}, {"abbreviation": "SB", "topics": ["shakespeare og 19. \u00f6ldin \u00ed b\u00f3kmenntum"]}, {"abbreviation": "B\u00d3", "topics": ["b\u00f3kmenntir 20. aldar"]}, {"abbreviation": "KV", "topics": ["kvikmynda\u00e1fangi"]}, {"abbreviation": "AB", "topics": ["afr\u00edsk-amer\u00edskar b\u00f3kmenntir"]}, {"abbreviation": "U\u00c1", "topics": ["undirb\u00faningur", "\u00e1fangi"]}, {"abbreviation": "MT", "topics": ["m\u00e1lfr\u00e6\u00f0i", "tj\u00e1ning"]}, {"abbreviation": "MS", "topics": ["menning", "skapandi skrif"]}, {"abbreviation": "KR", "topics": ["kvikmyndir", "ritun"]}, {"abbreviation": "HR", "topics": ["heimildavinna", "ritger\u00f0ir"]}, {"abbreviation": "FF", "topics": ["fagm\u00e1l", "f\u00e9lagsv\u00edsinda"]}, {"abbreviation": "VE", "topics": ["enska", "vi\u00f0skipta"]}, {"abbreviation": "RE", "topics": ["enska", "raungreinar"]}, {"abbreviation": "BM", "topics": ["b\u00f3kmenntir", "m\u00e1lsaga"]}, {"abbreviation": "LB", "topics": ["b\u00f3kmenntir", "leik"]}, {"abbreviation": "UP", "topics": ["pr\u00f3f", "undirb\u00faningur"]}, {"abbreviation": "EN", "topics": ["enska fyrir fer\u00f0agreinar"]}, {"abbreviation": "FE", "topics": ["enska fyrir fer\u00f0a\u00fej\u00f3nustu"]}, {"abbreviation": "ST", "topics": ["evr\u00f3pski tungum\u00e1laramminn", "stig b1-b2"]}, {"abbreviation": "SE", "topics": ["evr\u00f3pski tungum\u00e1laramminn", "stig b2"]}, {"abbreviation": "ES", "topics": ["evr\u00f3pski tungum\u00e1laramminn", "stig b2-c1"]}, {"abbreviation": "EV", "topics": ["evr\u00f3pski tungum\u00e1laramminn", "stig c1"]}, {"abbreviation": "BF", "topics": ["b2", "evr\u00f3pski tungum\u00e1laramminn", "fer\u00f0a\u00fej\u00f3nuta"]}, {"abbreviation": "FH", "topics": ["evr\u00f3pski tungum\u00e1laramminn", "framhald", "stig c1"]}, {"abbreviation": "GR", "topics": ["grunn\u00e1fangi"]}, {"abbreviation": "FG", "topics": ["enska fyrir matv\u00e6lagreinar"]}, {"abbreviation": "LS", "topics": ["lestur", "m\u00e1lfr\u00e6\u00f0i", "or\u00f0afor\u00f0i", "skilningur"]}, {"abbreviation": "LT", "topics": ["lestur", "or\u00f0afor\u00f0i", "talm\u00e1l"]}, {"abbreviation": "BL", "topics": ["b\u00f3kmenntir", "lesskilningur", "ritun"]}, {"abbreviation": "BS", "topics": ["b\u00f3kmenntir", "menning", "saga"]}, {"abbreviation": "HA", "topics": ["hagn\u00fdtur or\u00f0afor\u00f0i. l\u00e6si \u00e1 fl\u00f3knari texta."]}, {"abbreviation": "OF", "topics": ["grunnor\u00f0afor\u00f0i fr\u00e6\u00f0a og v\u00edsinda.. menningarheimur nor\u00f0ur amer\u00edku"]}, {"abbreviation": "UN", "topics": ["undirb\u00fanings\u00e1fangi \u00ed ensku"]}, {"abbreviation": "LM", "topics": ["lestur og menning", "tj\u00e1ning"]}, {"abbreviation": "TM", "topics": ["menning", "tj\u00e1ning og skapandi skrif"]}, {"abbreviation": "MB", "topics": ["b\u00f3kmenntir", "menning og ritun"]}, {"abbreviation": "EX", "topics": ["extensive vocabulary and expression"]}, {"abbreviation": "ML", "topics": ["m\u00e1lnotkun og l\u00e6si"]}, {"abbreviation": "AA", "topics": ["akadem\u00edskur or\u00f0afor\u00f0i", "fj\u00f6lbreyttir textar", "fyrsti \u00e1fangi \u00ed ensku."]}, {"abbreviation": "YN", "topics": ["yndislestur"]}, {"abbreviation": "BB", "topics": ["akadem\u00edskur or\u00f0afor\u00f0i", "annar \u00e1fangi \u00ed ensku.", "fj\u00f6lbreyttir textar"]}, {"abbreviation": "FA", "topics": ["fagor\u00f0afor\u00f0i"]}, {"abbreviation": "AH", "topics": ["akadem\u00edskur or\u00f0afor\u00f0i", "fj\u00f6lbreyttir textar. hra\u00f0fer\u00f0 \u00ed ensku."]}, {"abbreviation": "BH", "topics": ["akadem\u00edskur or\u00f0afor\u00f0i", "fj\u00f6lbreyttir textar. \u00f6nnur hra\u00f0fer\u00f0 \u00ed ensku."]}, {"abbreviation": "EE", "topics": ["b\u00f3kmenntir", "fj\u00f6lmi\u00f0latextar."]}, {"abbreviation": "LR", "topics": ["lestur", "ritun", "tj\u00e1ning og hlustun"]}, {"abbreviation": "DD", "topics": ["b\u00f3kmenntir"]}, {"abbreviation": "M\u00c1", "topics": ["m\u00e1lfr\u00e6\u00f0i a"]}, {"abbreviation": "CC", "topics": ["b\u00f3kmenntir", "krefjandi or\u00f0afor\u00f0i", "ritun"]}, {"abbreviation": "CH", "topics": ["krefjandi or\u00f0afor\u00f0i"]}, {"abbreviation": "L\u00c9", "topics": ["l\u00e9ttlestur"]}, {"abbreviation": "OH", "topics": ["hlustun", "or\u00f0afor\u00f0i", "talm\u00e1l og ritun"]}, {"abbreviation": "LO", "topics": ["lesskilningur", "m\u00e1lfr\u00e6\u00f0i", "or\u00f0afor\u00f0i"]}, {"abbreviation": "MO", "topics": ["m\u00e1lfr\u00e6\u00f0i", "or\u00f0afor\u00f0i", "stig b1 \u00ed evr\u00f3pska tungum\u00e1larammanum"]}, {"abbreviation": "OB", "topics": ["b\u00f3kmenntir", "or\u00f0afor\u00f0i", "stig b2 \u00ed evr\u00f3pska tungum\u00e1larammanum"]}, {"abbreviation": "RB", "topics": ["b\u00f3kmenntir", "ritun"]}, {"abbreviation": "RL", "topics": ["lestur", "m\u00e1lfr\u00e6\u00f0i", "ritun og or\u00f0afor\u00f0i"]}, {"abbreviation": "SG", "topics": ["Lestur", "m\u00e1lfr\u00e6\u00f0i", "or\u00f0afor\u00f0i", "ritun", "tal"]}, {"abbreviation": "RM", "topics": ["Ritun", "b\u00f3kmenntir", "m\u00e1lnotkun"]}, {"abbreviation": "RO", "topics": ["Ritun", "b\u00f3kmenntir", "menning", "or\u00f0afor\u00f0i"]}, {"abbreviation": "SR", "topics": ["Menning", "akadem\u00edskur or\u00f0afor\u00f0i", "ritun", "saga"]}, {"abbreviation": "AE", "topics": ["Almenn akadem\u00edsk enska", "b\u00f3kmenntir", "ritun"]}, {"abbreviation": "SA", "topics": ["S\u00e9rh\u00e6f\u00f0 akadem\u00edsk enska", "b\u00f3kmenntir", "ritun"]}, {"abbreviation": "VR", "topics": ["V\u00edsindaor\u00f0afor\u00f0i", "raungreinar"]}, {"abbreviation": "VH", "topics": ["Vi\u00f0skipti", "erlend samskipti og vi\u00f0skiptah\u00e6ttir"]}, {"abbreviation": "AK", "topics": ["Kennsla", "a\u00f0sto\u00f0 vi\u00f0 nemendur", "ger\u00f0 kennsluefnis"]}, {"abbreviation": "DF", "topics": ["Kvikmyndir. Film Course."]}, {"abbreviation": "SK", "topics": ["enska fyrir fer\u00f0a\u00fej\u00f3nustu", "skapandi skrif"]}, {"abbreviation": "FT", "topics": ["lestur fr\u00e6\u00f0ilegra texta"]}, {"abbreviation": "VT", "topics": ["Lestur enskra vi\u00f0skiptatexta"]}, {"abbreviation": "RT", "topics": ["Lestur enskra raunv\u00edsindatexta"]}, {"abbreviation": "\u00cdT", "topics": ["Lestur \u00ed\u00fer\u00f3ttafr\u00e6\u00f0ilegra texta"]}, {"abbreviation": "TO", "topics": ["Tolkien"]}, {"abbreviation": "RI", "topics": ["Ritun"]}, {"abbreviation": "HL", "topics": ["Hlustun"]}, {"abbreviation": "UE", "topics": ["Undirb\u00fanings\u00e1fangi \u00ed ensku"]}, {"abbreviation": "UH", "topics": ["Undirb\u00faningur fyrir h\u00e1sk\u00f3lan\u00e1m"]}, {"abbreviation": "TJ", "topics": ["Tj\u00e1ning"]}, {"abbreviation": "OM", "topics": ["Or\u00f0afor\u00f0i", "m\u00e1lfr\u00e6\u00f0i", "m\u00e1lnotkun"]}, {"abbreviation": "TF", "topics": ["tj\u00e1ning og m\u00e1lnotkun"]}, {"abbreviation": "AM", "topics": ["Fr\u00e6\u00f0ilegur or\u00f0afor\u00f0i og Bandar\u00edkin"]}, {"abbreviation": "UK", "topics": ["Fr\u00e6\u00f0ilegur or\u00f0afor\u00f0i og Bretland"]}, {"abbreviation": "AC", "topics": ["Akadem\u00edskur or\u00f0afor\u00f0i og rauntextar"]}, {"abbreviation": "SL", "topics": ["Lestur", "menning og skrif"]}, {"abbreviation": "KK", "topics": ["Kvikmyndir og kynning"]}, {"abbreviation": "BA", "topics": ["L\u00fdsing: B\u00f3kmenntir 19. og 20.", "skrif og r\u00e6\u00f0uger\u00f0"]}, {"abbreviation": "OT", "topics": ["Or\u00f0afor\u00f0i", "ritun", "tj\u00e1ning"]}, {"abbreviation": "VM", "topics": ["V\u00edsindi og menning"]}, {"abbreviation": "BT", "topics": ["Bandar\u00edskt \u00fej\u00f3\u00f0f\u00e9lag og menning"]}, {"abbreviation": "MR", "topics": ["M\u00e1lfr\u00e6\u00f0i og ritun"]}, {"abbreviation": "LH", "topics": ["L\u00e6si \u00e1 fl\u00f3knari texta", "hagn\u00fdtur fj\u00f6lbreyttur or\u00f0afor\u00f0i"]}, {"abbreviation": "KB", "topics": ["Kvikmyndir", "b\u00f3kmenntir"]}, {"abbreviation": "OL", "topics": ["Lestur", "Menning", "M\u00e1lfr\u00e6\u00f0i", "Or\u00f0afor\u00f0i", "Ritun", "Tal"]}, {"abbreviation": "CL", "topics": ["Chic Literature and Women in Today\u2018s Society"]}, {"abbreviation": "CW", "topics": ["Creative Writing"]}, {"abbreviation": "OR", "topics": ["B\u00f3kmenntir (fj\u00f6lbreyttir textar)", "menning", "or\u00f0afor\u00f0i", "ranns\u00f3knir og ritun"]}, {"abbreviation": "OG", "topics": ["B\u00f3kmenntir", "lj\u00f3\u00f0agreining", "or\u00f0afor\u00f0i", "ritger\u00f0asm\u00ed\u00f0i og heimildavinna"]}, {"abbreviation": "BY", "topics": ["Lestur", "m\u00e1lfr\u00e6\u00f0i og m\u00e1lnotkun (byrjunar\u00e1fangi \u00ed ensku)", "ritun"]}, {"abbreviation": "DM", "topics": ["Enska Daglegt m\u00e1l"]}, {"abbreviation": "B\u00c1", "topics": ["b\u00f3kmenntir", "ritun", "tj\u00e1ning"]}, {"abbreviation": "HE", "topics": ["Hagn\u00fdt enska", "starfsbraut"]}, {"abbreviation": "RR", "topics": ["Enska \u00ed r\u00e6\u00f0u og riti"]}, {"abbreviation": "HO", "topics": ["Hagn\u00fdtur or\u00f0afor\u00f0i", "c1"]}, {"abbreviation": "FO", "topics": ["Fagor\u00f0afor\u00f0i og fer\u00f0am\u00e1l"]}, {"abbreviation": "EG", "topics": ["Enska 2 \u00e1 starfsbraut"]}, {"abbreviation": "SO", "topics": ["s\u00e9rh\u00e6f\u00f0ur or\u00f0afor\u00f0i"]}, {"abbreviation": "TR", "topics": ["Tj\u00e1ning", "or\u00f0afor\u00f0i", "ritun"]}, {"abbreviation": "\u00deS", "topics": ["\u00dej\u00f3nustust\u00f6rf"]}, {"abbreviation": "SF", "topics": ["Sagnfr\u00e6\u00f0i"]}, {"abbreviation": "T\u00d6", "topics": ["T\u00f6lvuleikir"]}, {"abbreviation": "JM", "topics": ["Fr\u00e1 hugmynd til \u00fatg\u00e1fu"]}, {"abbreviation": "MH", "topics": ["S\u00e9rh\u00e6f\u00f0 enska \u00ed myndlist og h\u00f6nnun"]}, {"abbreviation": "BO", "topics": ["B\u00f3kmenntir", "m\u00e1lfr\u00e6\u00f0i", "or\u00f0afor\u00f0i"]}, {"abbreviation": "VO", "topics": ["V\u00edsindatengdur or\u00f0afor\u00f0i"]}, {"abbreviation": "MV", "topics": ["M\u00e1lnotkun", "b\u00f3kmenntir", "vi\u00f0skipti"]}, {"abbreviation": "SV", "topics": ["m\u00e1lnotkun", "samf\u00e9lag", "vi\u00f0skipti"]}, {"abbreviation": "VI", "topics": ["m\u00e1lskilningur", "ritun", "vi\u00f0skiptaenska"]}, {"abbreviation": "EM", "topics": ["bresk menning", "b\u00f3kmenntir", "m\u00e1l"]}, {"abbreviation": "NV", "topics": ["v\u00edsindaenska"]}, {"abbreviation": "YL", "topics": ["Yndislestur"]}, {"abbreviation": "EH", "topics": ["Enska fyrir heilbrig\u00f0isgreinar"]}, {"abbreviation": "DK", "topics": ["ENSKA"]}, {"abbreviation": "DG", "topics": ["Enskar myndas\u00f6gur"]}, {"abbreviation": "DV", "topics": ["or\u00f0afor\u00f0i"]}, {"abbreviation": "DY", "topics": ["Yndislestur \u00ed ensku"]}, {"abbreviation": "EY", "topics": ["Yndislestur 2 \u00e1 ensku"]}, {"abbreviation": "HB", "topics": ["B\u00f3kmenntir og fr\u00e6\u00f0ilegir textar \u00ed hugv\u00edsindum"]}, {"abbreviation": "MK", "topics": ["b\u00f3kmenntir", "kvikmyndir", "menning", "m\u00e1lnotkun"]}, {"abbreviation": "VG", "topics": ["gagnr\u00fdnin hugsun", "or\u00f0afor\u00f0i v\u00edsinda", "ritun", "tj\u00e1ning"]}, {"abbreviation": "TT", "topics": ["m\u00e1lnotkun \u00ed t\u00e6knigreinum", "or\u00f0afor\u00f0i", "tala\u00f0 m\u00e1l"]}, {"abbreviation": "SS", "topics": ["Shakespeare", "kvikmyndir", "ritun", "sk\u00e1lds\u00f6gur"]}, {"abbreviation": "FV", "topics": ["Fagm\u00e1l", "b\u00f3kmenntir", "f\u00e9lagsv\u00edsindi", "ritun"]}, {"abbreviation": "VV", "topics": ["fagm\u00e1l", "hagfr\u00e6\u00f0i", "verslun", "vi\u00f0skipti"]}, {"abbreviation": "TB", "topics": ["Tolkien", "b\u00f3kmenntir", "fantas\u00eda"]}, {"abbreviation": "LG", "topics": ["Lestur", "ritun og tj\u00e1ning"]}, {"abbreviation": "SH", "topics": ["Shakespeare"]}, {"abbreviation": "BK", "topics": ["b\u00f3kmenntir og menning"]}, {"abbreviation": "VF", "topics": ["fr\u00e6\u00f0i og fagm\u00e1l", "v\u00edsindi"]}], "_id": "50c0a02dd8e40575f7f6f488", "subjects": ["enska"], "counter": {"1": 25, "3": 36, "2": 38, "4": 1}}, "evaluation": "N\u00e1msmat er \u00fatf\u00e6rt \u00ed kennslu\u00e1\u00e6tlun \u00ed samr\u00e6mi vi\u00f0 sk\u00f3lan\u00e1mskr\u00e1", "categorization_suggestion": "", "embedded_topics": {"abbreviation": "FA", "topics": ["fagor\u00f0afor\u00f0i"]}, "status": "approved by school", "description": "Kr\u00f6fur \u00e1fangans samsvara h\u00e6fnis\u00ferepi B2-C1  \u00ed Evr\u00f3pska tungum\u00e1larammanum. Meginmarkmi\u00f0 er a\u00f0 byggja upp fr\u00e6\u00f0ilegan or\u00f0afor\u00f0a og vinna me\u00f0 fr\u00e6\u00f0ilegar heimildir auk b\u00f3kmenntalesturs. ", "knowledge_goals": ["lestri fr\u00e6\u00f0ilegra texta m.t.t. or\u00f0afor\u00f0a", "uppbyggingu ritger\u00f0a og fr\u00e6\u00f0igreina", "a\u00f0fer\u00f0um vi\u00f0 a\u00f0 skipuleggja ritun fr\u00e6\u00f0ilegra ritger\u00f0a \u00e1 ensku og heimildavinnu \u00feeim tengdum", "t\u00falkun b\u00f3kmenntatexta me\u00f0 tilliti til \u00fej\u00f3\u00f0f\u00e9lagsgagnr\u00fdni og d\u00fdpri greiningar"], "skills_goals": ["tileinka s\u00e9r or\u00f0afor\u00f0a tengdan tilteknu fr\u00e6\u00f0isvi\u00f0i", "afla og vinna \u00far heimildum og geta kynnt verkefni s\u00edn \u00e1 ensku fyrir \u00e1heyrendur", "beita vi\u00f0urkenndum a\u00f0fer\u00f0um vi\u00f0 a\u00f0 greina b\u00f3kmenntatexta og afla s\u00e9r heimilda \u00fear a\u00f0 l\u00fatandi"], "credits": 5, "last_modified": 1422287109.614908, "schools": ["51234a418caa45ed97015b34"], "coauthors": null, "instructions": "", "continued_education": false, "level": 3, "prerequisites": "ENSK3OB05", "author": "be449920-0f11-4afd-b29a-4f4c10d27d96", "abbreviation_version": null, "competence_goals": [["skrifa fr\u00e6\u00f0ilegar ritger\u00f0ir me\u00f0 \u00fev\u00ed a\u00f0 beita vi\u00f0urkenndum a\u00f0fer\u00f0um", ""], ["fjalla um ritverk \u00e1 gagnr\u00fdninn h\u00e1tt", ""], ["n\u00fdta s\u00e9r n\u00fdjan or\u00f0afor\u00f0a tengdan n\u00e1msefninu og geta gert grein fyrir efni ranns\u00f3knarritger\u00f0ar fyrir hlustendum", ""]], "_id": "54c6610562933a7ff5000ccf"}, {"exemplary": null, "topics": "evr\u00f3pski tungum\u00e1laramminn, framhald, stig b1", "abbreviation": "DANS2BF05", "former_schools": null, "subject": "danska", "title": "Framhalds\u00e1fangi \u00ed d\u00f6nsku", "version": 71, "status_trans": "Sam\u00feykkt af sk\u00f3la", "embedded_subject": {"abbreviation": "DANS", "topics": [{"abbreviation": "BG", "topics": ["evr\u00f3pski tungum\u00e1laramminn", "grunnur", "stig b1"]}, {"abbreviation": "BF", "topics": ["evr\u00f3pski tungum\u00e1laramminn", "framhald", "stig b1"]}, {"abbreviation": "UB", "topics": ["evr\u00f3pski tungum\u00e1laramminn", "stig b2", "undirsta\u00f0a"]}, {"abbreviation": "VB", "topics": ["evr\u00f3pski tungum\u00e1laramminn", "stig b2", "vi\u00f0b\u00f3t"]}, {"abbreviation": "CG", "topics": ["evr\u00f3pski tungum\u00e1laramminn", "grunnur", "stig c1"]}, {"abbreviation": "CF", "topics": ["evr\u00f3pski tungum\u00e1laramminn", "framhald", "stig c1"]}, {"abbreviation": "RM", "topics": ["m\u00e1lnotkun og b\u00f3kmenntir", "ritun"]}, {"abbreviation": "MR", "topics": ["menning", "ritun og b\u00f3kmenntir"]}, {"abbreviation": "BM", "topics": ["b\u00f3kmenntir og or\u00f0afor\u00f0i", "menning"]}, {"abbreviation": "KV", "topics": ["kvikmynda\u00e1fangi"]}, {"abbreviation": "EV", "topics": ["evr\u00f3pski tungum\u00e1laramminn"]}, {"abbreviation": "MV", "topics": ["menning", "venjur"]}, {"abbreviation": "MS", "topics": ["menning", "samf\u00e9lag"]}, {"abbreviation": "LO", "topics": ["lesskilningur", "or\u00f0afor\u00f0i"]}, {"abbreviation": "SO", "topics": ["s\u00e9rh\u00e6f\u00f0ur or\u00f0afor\u00f0i"]}, {"abbreviation": "TL", "topics": ["lestur og menning", "tj\u00e1ning"]}, {"abbreviation": "UN", "topics": ["undirb\u00fanings\u00e1fangi \u00ed d\u00f6nsku"]}, {"abbreviation": "LT", "topics": ["lestur og menning ii", "tj\u00e1ning"]}, {"abbreviation": "M\u00c1", "topics": ["m\u00e1lfr\u00e6\u00f0i"]}, {"abbreviation": "GR", "topics": ["grunn\u00e1fangi"]}, {"abbreviation": "AL", "topics": ["almennur \u00e1fangi"]}, {"abbreviation": "FI", "topics": ["film og filmhistorie"]}, {"abbreviation": "LI", "topics": ["litter\u00e6r analyse"]}, {"abbreviation": "TT", "topics": ["tal;  t\u00e6nke - tale"]}, {"abbreviation": "L\u00c9", "topics": ["l\u00e9ttlestur"]}, {"abbreviation": "OR", "topics": ["or\u00f0afor\u00f0i"]}, {"abbreviation": "ML", "topics": ["lesskilningur", "m\u00e1lfr\u00e6\u00f0i"]}, {"abbreviation": "LM", "topics": ["lesskilningur", "m\u00e1lfr\u00e6\u00f0i", "stig a2 \u00ed evr\u00f3pska tungum\u00e1larammanum"]}, {"abbreviation": "MO", "topics": ["lesskilningur", "m\u00e1lfr\u00e6\u00f0i", "stig b1 \u00ed evr\u00f3pska tungum\u00e1larammanum"]}, {"abbreviation": "MB", "topics": ["b\u00f3kmenntir", "menning", "stig b2 \u00ed evr\u00f3pska tungum\u00e1larammanum"]}, {"abbreviation": "FH", "topics": ["Framhalds\u00e1fangi danska hra\u00f0fer\u00f0"]}, {"abbreviation": "TM", "topics": ["lestur", "m\u00e1lfr\u00e6\u00f0i", "tal"]}, {"abbreviation": "FS", "topics": ["0 \u00e1 grunnsk\u00f3lapr\u00f3fi", "fyrir nemendur", "sem f\u00e1 undir 5"]}, {"abbreviation": "HY", "topics": ["Hyggelesning", "yndislestur framhald"]}, {"abbreviation": "ST", "topics": ["menning", "skilningur", "tj\u00e1ning"]}, {"abbreviation": "SS", "topics": ["skilningur", "s\u00e9rh\u00e6fing", "tj\u00e1ning"]}, {"abbreviation": "FB", "topics": ["b\u00f3kmenntir", "fj\u00f6lmi\u00f0lar", "\u00feemavinna"]}, {"abbreviation": "VV", "topics": ["Verkefni a\u00f0 eigin vali"]}, {"abbreviation": "DA", "topics": ["dabla"]}, {"abbreviation": "DT", "topics": ["Danskt m\u00e1l og samf\u00e9lag 2"]}, {"abbreviation": "DM", "topics": ["D\u00f6nsk menning og samf\u00e9lag"]}, {"abbreviation": "NS", "topics": ["DANS2NS05"]}, {"abbreviation": "SV", "topics": ["menning og venjur", "samf\u00e9lag"]}, {"abbreviation": "DS", "topics": ["Samf\u00e9lag", "skilningur og skrif"]}, {"abbreviation": "FL", "topics": ["Danska: A\u00f0 flytja til Danmerkur"]}, {"abbreviation": "SN", "topics": ["Samskipti og n\u00fdsk\u00f6pun"]}, {"abbreviation": "LH", "topics": ["hlustun", "lestur", "ritun", "tala\u00f0 m\u00e1l"]}, {"abbreviation": "TR", "topics": ["hlustun", "lestur", "tala\u00f0 m\u00e1l"]}, {"abbreviation": "KF", "topics": ["Kristj\u00e1n 9. og arfleif\u00f0 hans"]}, {"abbreviation": "F\u00de", "topics": ["Fer\u00f0a\u00fej\u00f3nustu danska"]}, {"abbreviation": "LL", "topics": ["DANS"]}, {"abbreviation": "L\u00c6", "topics": ["L\u00e6si"]}, {"abbreviation": "SK", "topics": ["Sk\u00f6pun \u00ed v\u00ed\u00f0u samhengi"]}, {"abbreviation": "TF", "topics": ["Tj\u00e1ning og frambur\u00f0ur"]}, {"abbreviation": "AA", "topics": ["Almennur byrjunar \u00e1fangi"]}, {"abbreviation": "MM", "topics": ["M\u00e1l", "menning", "m\u00e1lfr\u00e6\u00f0i"]}, {"abbreviation": "SM", "topics": ["menning", "saga", "samf\u00e9lag"]}, {"abbreviation": "BK", "topics": ["Danske film og filmhistorie"]}, {"abbreviation": "AH", "topics": ["Davska 1. Hra\u00f0fer\u00f0"]}, {"abbreviation": "CC", "topics": ["Danska 3"]}, {"abbreviation": "CY", "topics": ["Danska. Yndislestur 1."]}, {"abbreviation": "DF", "topics": ["Danska Fer\u00f0a\u00e1fangi"]}, {"abbreviation": "DY", "topics": ["Danska yndislestur"]}, {"abbreviation": "OM", "topics": ["menning", "m\u00e1lfr\u00e6\u00f0i", "or\u00f0afor\u00f0i"]}, {"abbreviation": "GD", "topics": ["Grunn\u00e1fangi \u00ed d\u00f6nsku"]}, {"abbreviation": "BB", "topics": ["Danska \u00e1 fj\u00f6lbreyttan h\u00e1tt"]}, {"abbreviation": "BH", "topics": ["Danska \u00e1 fj\u00f6lbreyttan h\u00e1tt hra\u00f0fer\u00f0"]}, {"abbreviation": "BT", "topics": ["Tal\u00e1fangi", "t\u00e6nke - tale"]}, {"abbreviation": "CV", "topics": ["Danska \u00e1 annan veg"]}, {"abbreviation": "LS", "topics": ["Lestur", "Skrif og Skapandi Hugsun"]}, {"abbreviation": "KD", "topics": ["Kvikmyndir \u00ed Danm\u00f6rk"]}, {"abbreviation": "DK", "topics": ["Danm\u00f6rk og Kaupmannah\u00f6fn"]}, {"abbreviation": "DL", "topics": ["Daglegt l\u00edf. Tal", "hlustun", "or\u00f0afor\u00f0i og lestur", "ritun"]}, {"abbreviation": "OL", "topics": ["lestur", "m\u00e1lfr\u00e6\u00f0i", "m\u00e1lnotkun", "or\u00f0afor\u00f0i"]}, {"abbreviation": "TO", "topics": ["lestur", "m\u00e1lfr\u00e6\u00f0i", "or\u00f0afor\u00f0i", "tj\u00e1ning"]}, {"abbreviation": "LN", "topics": ["lestur", "m\u00e1lnotkun", "nor\u00f0urlandam\u00e1l", "or\u00f0afor\u00f0i"]}, {"abbreviation": "NL", "topics": ["lesskilningur", "m\u00e1lnotkun", "nor\u00f0urlandam\u00e1l", "or\u00f0afor\u00f0i"]}, {"abbreviation": "KH", "topics": ["Kaupmannah\u00f6fn"]}, {"abbreviation": "FR", "topics": ["Framhald"]}, {"abbreviation": "AU", "topics": ["Evr\u00f3pski tungum\u00e1laramminn danska B2 framhald"]}, {"abbreviation": "LB", "topics": ["Lesskilningur", "beiting m\u00e1lfr\u00e6\u00f0ireglna"]}, {"abbreviation": "MF", "topics": ["Menning", "fj\u00f6lmi\u00f0lal\u00e6si"]}, {"abbreviation": "SA", "topics": ["Skapandi samskipti"]}, {"abbreviation": "US", "topics": ["Or\u00f0afor\u00f0i", "hlustun og tala\u00f0 m\u00e1l (A1)", "lestur", "ritun", "undirst\u00f6\u00f0uatri\u00f0i \u00ed m\u00e1lfr\u00e6\u00f0i"]}, {"abbreviation": "LE", "topics": ["Lestur"]}, {"abbreviation": "AF", "topics": ["A2"]}, {"abbreviation": "FO", "topics": ["forn\u00e1m"]}, {"abbreviation": "LF", "topics": ["Lesskilningur", "frumhugt\u00f6k m\u00e1lfr\u00e6\u00f0i"]}, {"abbreviation": "LR", "topics": ["Lestur og ritun"]}, {"abbreviation": "FJ", "topics": ["Fj\u00f6lmi\u00f0lar og l\u00edfst\u00edll"]}, {"abbreviation": "ME", "topics": ["Lestur og menning"]}, {"abbreviation": "BA", "topics": ["Byrjunar\u00e1fangi \u00e1 1. \u00ferepi"]}, {"abbreviation": "AB", "topics": ["Framhalds\u00e1fangi 1"]}, {"abbreviation": "AC", "topics": ["Framhalds\u00e1fangi 2"]}, {"abbreviation": "FD", "topics": ["Fer\u00f0al\u00f6g og Danm\u00f6rk"]}, {"abbreviation": "KB", "topics": ["Kvikmyndir og b\u00f3kmenntir"]}, {"abbreviation": "BU", "topics": ["stig b2", "undirsta\u00f0a", "|evr\u00f3pski tungum\u00e1laramminn"]}, {"abbreviation": "BV", "topics": ["evr\u00f3pski tungum\u00e1laramminn", "stig b2", "vi\u00f0b\u00f3t (BV"]}], "_id": "50c0a02dd8e40575f7f6f4d1", "subjects": ["danska"], "counter": {"1": 42, "3": 19, "2": 70, "4": 0}}, "evaluation": "N\u00e1msmat er \u00fatf\u00e6rt \u00ed kennslu\u00e1\u00e6tlun \u00ed samr\u00e6mi vi\u00f0 sk\u00f3lan\u00e1mskr\u00e1", "categorization_suggestion": "", "embedded_topics": {"abbreviation": "BF", "topics": ["evr\u00f3pski tungum\u00e1laramminn", "framhald", "stig b1"]}, "status": "approved by school", "description": "\u00cd \u00e1fanganum er unni\u00f0 me\u00f0 alla f\u00e6rni\u00fe\u00e6tti tungum\u00e1lsins: skilning \u00e1 skrifu\u00f0u og t\u00f6lu\u00f0u m\u00e1li, tj\u00e1ningu \u00ed samskiptum og fr\u00e1s\u00f6gn og ritun \u00ed samr\u00e6mi vi\u00f0 B1 \u00ed Evr\u00f3pska tungum\u00e1larammanum. \u00c1hersla er l\u00f6g\u00f0 \u00e1 a\u00f0 nemendur \u00f6\u00f0list skilning \u00e1 mikilv\u00e6gi d\u00f6nskunnar \u00ed norr\u00e6nu samhengi og kynnist hinum Nor\u00f0urlandam\u00e1lunum", "knowledge_goals": ["almennum or\u00f0afor\u00f0a sem tengjast m\u00e1lefnum l\u00ed\u00f0andi stundar", "mikilv\u00e6gi d\u00f6nskunnar \u00ed norr\u00e6nu samhengi ", "einkennum hinna  Nor\u00f0urlandam\u00e1lanna"], "skills_goals": ["lesa  samt\u00edmab\u00f3kmenntir og almenna rauntexta", "skilja daglegt tala\u00f0 m\u00e1l", "tj\u00e1 sig munnlega og skriflega um efni sem krefst skilnings \u00e1 \u00f3l\u00edkum sj\u00f3narmi\u00f0um", "leita s\u00e9r uppl\u00fdsinga vi\u00f0 tungum\u00e1lan\u00e1mi\u00f0 ", "meta eigin vinnubr\u00f6g\u00f0"], "credits": 5, "last_modified": 1457945390.070756, "schools": ["51234a418caa45ed97015b34"], "coauthors": null, "instructions": "", "continued_education": false, "level": 2, "prerequisites": "H\u00e6fnieinkunn B \u00far grunnsk\u00f3la e\u00f0a 1. \u00ferep \u00ed d\u00f6nsku", "author": "c24ad865-d871-49f5-a196-facc9b6600e3", "abbreviation_version": null, "competence_goals": [["n\u00fdta s\u00e9r helstu uppl\u00fdsingar fj\u00f6lbreytilegra rauntexta", ""], ["greina inntak og merkingu samt\u00edmab\u00f3kmennta", ""], ["skilja  tala\u00f0 m\u00e1l vi\u00f0 mismunandi a\u00f0st\u00e6\u00f0ur", ""], ["gera grein fyrir eigin sj\u00f3narmi\u00f0um um \u00feekkt m\u00e1lefni \u00ed t\u00f6lu\u00f0u og ritu\u00f0u m\u00e1li", ""]], "_id": "56e67b2e62933a031600bfe8"}, {"exemplary": null, "topics": "grunn\u00e1fangi \u00ed n\u00e6ringarfr\u00e6\u00f0i", "abbreviation": "N\u00c6RI1GR05", "former_schools": ["51234a418caa45ed97015b34"], "subject": "n\u00e6ringarfr\u00e6\u00f0i", "title": "Grunn\u00e1fangi \u00ed n\u00e6ringarfr\u00e6\u00f0i", "version": 5, "status_trans": "Sam\u00feykkt af sk\u00f3la", "embedded_subject": {"abbreviation": "N\u00c6RI", "topics": [{"abbreviation": "N\u00c6", "topics": ["n\u00e6ringarfr\u00e6\u00f0i - grunn\u00e1fangi"]}, {"abbreviation": "NF", "topics": ["n\u00e6ringarfr\u00e6\u00f0i"]}, {"abbreviation": "GR", "topics": ["grunn\u00e1fangi \u00ed n\u00e6ringarfr\u00e6\u00f0i"]}, {"abbreviation": "ON", "topics": ["n\u00e6ringarefni", "orka"]}, {"abbreviation": "NH", "topics": ["matar\u00e6\u00f0i og heilsa", "n\u00e6ring"]}, {"abbreviation": "NA", "topics": ["N\u00e6ringarfr\u00e6\u00f0i s\u00e9rt\u00e6kra h\u00f3pa og vi\u00f0 s\u00e9rst\u00e6\u00f0ar a\u00f0st\u00e6\u00f0ur"]}, {"abbreviation": "\u00cd\u00de", "topics": ["\u00cd\u00fer\u00f3ttan\u00e6ringarfr\u00e6\u00f0i"]}, {"abbreviation": "\u00deS", "topics": ["N\u00e6ring vi\u00f0 \u00fej\u00e1lfun og n\u00e6ring s\u00e9rt\u00e6kra h\u00f3pa"]}, {"abbreviation": "NN", "topics": ["manneldismarkmi\u00f0", "n\u00e6ringarefni", "n\u00e6ringargildi"]}, {"abbreviation": "V\u00de", "topics": ["N\u00e6ringarfr\u00e6\u00f0i fyrir verslunar\u00fej\u00f3na"]}, {"abbreviation": "SL", "topics": ["N\u00e6ringa og efnafr\u00e6\u00f0i sl\u00e1trari"]}], "_id": "50c0a02dd8e40575f7f6f4aa", "subjects": ["n\u00e6ringarfr\u00e6\u00f0i"], "counter": {"1": 3, "3": 1, "2": 4, "4": 0}}, "evaluation": "N\u00e1msmat er \u00fatf\u00e6rt \u00ed kennslu\u00e1\u00e6tlun \u00ed samr\u00e6mi vi\u00f0 sk\u00f3lan\u00e1mskr\u00e1", "categorization_suggestion": "", "embedded_topics": {"abbreviation": "GR", "topics": ["grunn\u00e1fangi \u00ed n\u00e6ringarfr\u00e6\u00f0i"]}, "status": "approved by school", "description": "\u00cd \u00e1fanganum er l\u00f6g\u00f0 \u00e1hersla \u00e1 grundvallaratri\u00f0i n\u00e6ringarfr\u00e6\u00f0innar, einkum orkuefnin og uppl\u00fdsingar um n\u00e6ringu til neytenda. Helstu efnis\u00fe\u00e6ttir \u00e1fangans eru orkuefnin, melting matar, merkingar matv\u00e6la, uppl\u00fdsingal\u00e6si, r\u00e1\u00f0leggingar emb\u00e6ttis landl\u00e6knis, matar\u00e6\u00f0i \u00cdslendinga, holdafar og hreyfing.", "knowledge_goals": ["grundvallaratri\u00f0um n\u00e6ringarfr\u00e6\u00f0innar, einkum var\u00f0andi orkuefnin og orkub\u00faskap l\u00edkamans", "r\u00e1\u00f0leggingum emb\u00e6ttis landl\u00e6knis um matar\u00e6\u00f0i og n\u00e6ringarefni"], "skills_goals": ["velja f\u00e6\u00f0u \u00ed samr\u00e6mi vi\u00f0 r\u00e1\u00f0leggingar emb\u00e6ttis landl\u00e6knis", "nota forrit til a\u00f0 skr\u00e1 og fylgjast me\u00f0 matar\u00e6\u00f0i s\u00ednu"], "credits": 5, "last_modified": 1417007318.975929, "schools": [], "coauthors": null, "instructions": "", "continued_education": false, "level": 1, "prerequisites": "Engar", "author": "be449920-0f11-4afd-b29a-4f4c10d27d96", "abbreviation_version": null, "competence_goals": [["b\u00e6ta matar\u00e6\u00f0i sitt og huga \u00feannig betur a\u00f0 eigin heilsu", ""], ["meta \u00fe\u00e6r uppl\u00fdsingar um n\u00e6ringu og heilsu sem eru \u00e1 marka\u00f0num \u00ed dag \u00e1 gagnr\u00fdninn h\u00e1tt og afla s\u00e9r \u00e1rei\u00f0anlegra uppl\u00fdsinga", ""]], "_id": "5475d0d662933a4d7600252a"}, {"exemplary": null, "topics": "grunn\u00fe\u00e6ttir \u00ed almennri heilsu- og l\u00edkamsr\u00e6kt", "abbreviation": "\u00cd\u00deR\u00d31GH02", "former_schools": null, "subject": "\u00ed\u00fer\u00f3ttir", "title": "Grunn\u00fe\u00e6ttir \u00ed \u00ed\u00fer\u00f3ttum og heilsur\u00e6kt", "version": 93, "status_trans": "Sam\u00feykkt af sk\u00f3la", "embedded_subject": {"abbreviation": "\u00cd\u00deR\u00d3", "topics": [{"abbreviation": "\u00deK", "topics": ["kraftur", "styrkur", "\u00feol"]}, {"abbreviation": "GL", "topics": ["grunn\u00fe\u00e6ttir \u00ed almennri l\u00edkams- og heilsur\u00e6kt"]}, {"abbreviation": "GH", "topics": ["grunn\u00fe\u00e6ttir \u00ed almennri heilsu- og l\u00edkamsr\u00e6kt"]}, {"abbreviation": "LC", "topics": ["l\u00edkams- og heilsur\u00e6kt"]}, {"abbreviation": "LD", "topics": ["framhald", "l\u00edkams- og heilsur\u00e6kt"]}, {"abbreviation": "AL", "topics": ["almenn l\u00edkams- og heilsur\u00e6kt e\u00f0a \u00fativist"]}, {"abbreviation": "AH", "topics": ["almenn heilsu- og l\u00edkamsr\u00e6kt e\u00f0a \u00fativist"]}, {"abbreviation": "HR", "topics": ["heilsur\u00e6kt"]}, {"abbreviation": "HH", "topics": ["hreyfing og heilsur\u00e6kt"]}, {"abbreviation": "L\u00cd", "topics": ["l\u00edkamsr\u00e6kt"]}, {"abbreviation": "KN", "topics": ["knattspyrna"]}, {"abbreviation": "KK", "topics": ["k\u00f6rfuknattleikur"]}, {"abbreviation": "BA", "topics": ["badminton"]}, {"abbreviation": "BL", "topics": ["blak"]}, {"abbreviation": "HL", "topics": ["almenn heilsu- og l\u00edkamsr\u00e6kt"]}, {"abbreviation": "LA", "topics": ["almenn heilsu- og l\u00edkamsr\u00e6kt me\u00f0 \u00e1herslu \u00e1 styrk", "l\u00edkamsbeitingu og snerpu"]}, {"abbreviation": "LN", "topics": ["l\u00edfst\u00edll", "n\u00e6ring"]}, {"abbreviation": "M\u00de", "topics": ["markmi\u00f0asetning", "\u00fej\u00e1lfunar\u00e1\u00e6tlanir"]}, {"abbreviation": "SK", "topics": ["skipul\u00f6g\u00f0 hreyfing"]}, {"abbreviation": "S\u00cd", "topics": ["skipul\u00f6g\u00f0 hreyfing framhald", "\u00ed\u00fer\u00f3ttir"]}, {"abbreviation": "LS", "topics": ["l\u00edkamsbeiting og snerpa", "styrkur"]}, {"abbreviation": "U\u00de", "topics": ["upphitun", "\u00feol\u00fej\u00e1lfun"]}, {"abbreviation": "SL", "topics": ["li\u00f0leiki", "l\u00edkamsbeiting", "styrkur", "\u00ed\u00fer\u00f3ttamei\u00f0sli"]}, {"abbreviation": "SS", "topics": ["samh\u00e6fing", "snerpa"]}, {"abbreviation": "LH", "topics": ["heilsa", "l\u00edfsst\u00edll"]}, {"abbreviation": "HA", "topics": ["almenn l\u00edkams og heilsur\u00e6kt", "hreyfing", "likamsr\u00e6ktarsalur"]}, {"abbreviation": "B\u00cd", "topics": ["bolta\u00ed\u00fer\u00f3ttir", "l\u00edffr\u00e6\u00f0i hreyfingar"]}, {"abbreviation": "\u00daH", "topics": ["hreyfing", "j\u00e1kv\u00e6\u00f0 upplifun", "sj\u00e1lfstyrking", "\u00dativist"]}, {"abbreviation": "\u00daF", "topics": ["g\u00f6ngufer\u00f0ir \u00e1 fj\u00f6ll", "hreyfing", "\u00fativist"]}, {"abbreviation": "B\u00dd", "topics": ["Band\u00fd"]}, {"abbreviation": "GA", "topics": ["Ganga"]}, {"abbreviation": "SU", "topics": ["Sund"]}, {"abbreviation": "\u00cdS", "topics": ["starfsbraut", "\u00ed\u00fer\u00f3ttir"]}, {"abbreviation": "LB", "topics": ["L\u00edkamsr\u00e6kt", "hreyfing", "li\u00f0leiki", "styrking"]}, {"abbreviation": "A\u00cd", "topics": ["Almennar \u00ed\u00fer\u00f3ttir"]}, {"abbreviation": "BG", "topics": ["Grunnur a\u00f0 l\u00edkamsr\u00e6kt 2"]}, {"abbreviation": "AG", "topics": ["Grunnur a\u00f0 l\u00edkamsr\u00e6kt A"]}, {"abbreviation": "\u00cdC", "topics": ["L\u00edkamsr\u00e6kt og heilsa A"]}, {"abbreviation": "\u00cdD", "topics": ["L\u00edkamsr\u00e6kt og heilsa B"]}, {"abbreviation": "\u00cdF", "topics": ["Almenn heilsur\u00e6kt B"]}, {"abbreviation": "AA", "topics": ["almennar \u00ed\u00fer\u00f3ttir A"]}, {"abbreviation": "AB", "topics": ["Almennar \u00ed\u00fer\u00f3ttir B"]}, {"abbreviation": "AC", "topics": ["Almennar \u00ed\u00fer\u00f3ttir C"]}, {"abbreviation": "AD", "topics": ["Almennar \u00ed\u00fer\u00f3ttir D"]}, {"abbreviation": "AE", "topics": ["Almennar \u00ed\u00fer\u00f3ttir E"]}, {"abbreviation": "AF", "topics": ["Almennar \u00ed\u00fer\u00f3ttir F"]}, {"abbreviation": "HU", "topics": ["Hugur og heilsa"]}, {"abbreviation": "\u00deB", "topics": ["knattspyrna", "k\u00f6rfubolti og a\u00f0rir boltaleikir", "\u00derek"]}], "_id": "50c0a02dd8e40575f7f6f4cc", "subjects": ["\u00ed\u00fer\u00f3ttir"], "counter": {"1": 40, "3": 0, "2": 9, "4": 0}}, "evaluation": "N\u00e1msmat er \u00fatf\u00e6rt \u00ed kennslu\u00e1\u00e6tlun \u00ed samr\u00e6mi vi sk\u00f3lan\u00e1mskr\u00e1", "categorization_suggestion": "", "embedded_topics": {"abbreviation": "GH", "topics": ["grunn\u00fe\u00e6ttir \u00ed almennri heilsu- og l\u00edkamsr\u00e6kt"]}, "status": "approved by school", "description": "\u00c1fanginn byggist upp \u00e1 almennri hreyfingu \u00ed \u00ed\u00fer\u00f3ttasal og \u00fativeru. Einnig er kennt \u00ed kennslustofu. Fari\u00f0 \u00ed helstu \u00ed\u00fer\u00f3ttagreinar og \u00e1hrif \u00fej\u00e1lfunar \u00e1 l\u00edkamann.", "knowledge_goals": ["upphitun, li\u00f0leika, \u00feol\u00fej\u00e1lfun, styrktar\u00fej\u00e1lfun, \u00feolpr\u00f3fum, heilsueflingu og \u00feeim \u00fe\u00e1ttum sem sn\u00faa a\u00f0 uppbyggingu l\u00edkamans og vi\u00f0haldi hans"], "skills_goals": ["stunda l\u00edkamsr\u00e6kt sj\u00e1lfir s\u00e9r til \u00e1n\u00e6gju og heilsub\u00f3tar"], "credits": 2, "last_modified": 1424796765.748399, "schools": ["51234a418caa45ed97015b34"], "coauthors": null, "instructions": "", "continued_education": false, "level": 1, "prerequisites": "Engar", "author": "be449920-0f11-4afd-b29a-4f4c10d27d96", "abbreviation_version": null, "competence_goals": [["\u00fej\u00e1lfa f\u00e6rni, styrk, kraft og li\u00f0leika og gera s\u00e9r grein fyrir merkingu \u00fej\u00e1lfunar", ""]], "_id": "54ecac5d62933a1936001208"}, {"exemplary": null, "topics": "forvarnir, heilbrig\u00f0isvandam\u00e1l, heilbrig\u00f0is\u00fej\u00f3nusta", "abbreviation": "HBFR1HH05", "former_schools": null, "subject": "heilbrig\u00f0isfr\u00e6\u00f0i", "title": "Heilbrig\u00f0isfr\u00e6\u00f0i", "version": 9, "status_trans": "Sam\u00feykkt af sk\u00f3la", "embedded_subject": {"abbreviation": "HBFR", "topics": [{"abbreviation": "HE", "topics": ["heilbrig\u00f0isfr\u00e6\u00f0i"]}, {"abbreviation": "HH", "topics": ["forvarnir", "heilbrig\u00f0isvandam\u00e1l", "heilbrig\u00f0is\u00fej\u00f3nusta"]}, {"abbreviation": "GH", "topics": ["Ge\u00f0heilbrig\u00f0i"]}, {"abbreviation": "PH", "topics": ["Pers\u00f3nulegt hreinl\u00e6ti"]}, {"abbreviation": "SS", "topics": ["Sj\u00e1lfsmynd og samskipti"]}, {"abbreviation": "KF", "topics": ["Kynjafr\u00e6\u00f0i"]}, {"abbreviation": "SB", "topics": ["Heilbrig\u00f0isfr\u00e6\u00f0i \u00e1 starfsbraut"]}, {"abbreviation": "HB", "topics": ["andlegt", "f\u00e9lagslegt", "heilbrig\u00f0i", "l\u00edkamlegt"]}], "_id": "50c0a02dd8e40575f7f6f48d", "subjects": ["heilbrig\u00f0isfr\u00e6\u00f0i"], "counter": {"1": 8, "3": 0, "2": 0, "4": 0}}, "evaluation": "N\u00e1msmat er \u00fatf\u00e6rt \u00ed kennslu\u00e1\u00e6tlun \u00ed samr\u00e6mi vi\u00f0 sk\u00f3lan\u00e1mskr\u00e1", "categorization_suggestion": "", "embedded_topics": {"abbreviation": "HH", "topics": ["forvarnir", "heilbrig\u00f0isvandam\u00e1l", "heilbrig\u00f0is\u00fej\u00f3nusta"]}, "status": "approved by school", "description": "\u00cd \u00e1fanganum er heilbrig\u00f0ishugtaki\u00f0 skilgreint. L\u00f6g\u00f0 er \u00e1hersla \u00e1 hlutverk og s\u00f6gulega \u00fer\u00f3un heilbrig\u00f0isfr\u00e6\u00f0i og \u00e1hrif hennar \u00e1 n\u00fat\u00edma heilbrig\u00f0ism\u00e1l. Fjalla\u00f0 er um helstu heilbrig\u00f0isvandam\u00e1l \u00ed n\u00fat\u00edma samf\u00e9lagi og forvarnir gegn \u00feeim. \u00c1hersla er l\u00f6g\u00f0 \u00e1 forvarnarstarf gegn sj\u00fakd\u00f3mum og slysum, \u00e1h\u00e6ttu\u00fe\u00e6tti sem \u00feeim  tengjast og hvernig einstaklingar geta haft \u00e1hrif \u00e1 eigi\u00f0 heilbrig\u00f0i. Fjalla\u00f0 er um skipulag heilbrig\u00f0is\u00fej\u00f3nustunnar og helstu stofnanir, sem m\u00f3ta stefnu \u00ed forv\u00f6rnum, heilsueflingu og heilbrig\u00f0isfr\u00e6\u00f0slu. Einnig er fjalla\u00f0 um smitsj\u00fakd\u00f3mavarnir, kynsj\u00fakd\u00f3mavarnir, t\u00f3baksvarnir, \u00e1fengis- og v\u00edmuefnavarnir, ge\u00f0vernd, beinvernd og m\u00e6\u00f0ra- og ungbarnavernd. Fjalla\u00f0 er um umhverfisheilbrig\u00f0isfr\u00e6\u00f0i og tengsl mengunar og sj\u00fakd\u00f3ma sko\u00f0u\u00f0 \u00e1samt helstu mengunarv\u00f6rnum.", "knowledge_goals": ["heilbrig\u00f0ishugtakinu", "s\u00f6gulegri \u00fer\u00f3un heilbrig\u00f0isfr\u00e6\u00f0i og \u00e1hrifum \u00e1 heilbrig\u00f0ism\u00e1l", "helstu heilbrig\u00f0isvandam\u00e1lum \u00ed n\u00fat\u00edma samf\u00e9lagi og forv\u00f6rnum gegn \u00feeim", "uppbyggingu og skipulagi heilbrig\u00f0is\u00fej\u00f3nustunnar \u00e1 \u00cdslandi", "a\u00f0fer\u00f0um og a\u00f0ger\u00f0um sem stu\u00f0la a\u00f0 heilsueflingu og forv\u00f6rnum sj\u00fakd\u00f3ma", "\u00e1byrg\u00f0 einstaklingsins \u00e1 eigin heilsu", "helstu umhverfis\u00fe\u00e1ttum sem \u00f3gna\u00f0 geta heilbrig\u00f0i"], "skills_goals": ["l\u00fdsa uppbyggingu og skipulagi heilbrig\u00f0is\u00fej\u00f3nustunnar \u00e1 \u00cdslandi", "afla \u00e1 fj\u00f6lbreyttan h\u00e1tt \u00feekkingar um a\u00f0ger\u00f0ir og a\u00f0fer\u00f0ir sem stu\u00f0la a\u00f0 slysav\u00f6rnum, heilsueflingu og forv\u00f6rnum sj\u00fakd\u00f3ma", "s\u00fdna \u00ed verki a\u00f0 hann tekur \u00e1byrg\u00f0 \u00e1 eigin heilsu", "gera grein fyrir umhverfis\u00fe\u00e1ttum sem geta \u00f3gna\u00f0 heilbrig\u00f0i manna"], "credits": 5, "last_modified": 1493387693.927346, "schools": ["51234a418caa45ed97015b34"], "coauthors": null, "instructions": "", "continued_education": false, "level": 1, "prerequisites": "", "author": "7ace0f7d-b13c-4859-8a67-02c15409e1c2", "abbreviation_version": null, "competence_goals": [["\u00fatsk\u00fdra heilbrig\u00f0ishugtaki\u00f0 \u00fat fr\u00e1 mismunandi menningarheimum", ""], ["greina samspil l\u00edfsst\u00edls og heilsu", ""], ["greina eigin l\u00edfsst\u00edl og \u00e1h\u00e6ttu\u00fe\u00e6tti tengda honum", ""], ["\u00e1lykta um \u00e1hrif heilbrig\u00f0isfr\u00e6\u00f0innar \u00e1 \u00fer\u00f3un heilbrig\u00f0ism\u00e1la \u00ed n\u00fat\u00edmanum", ""], ["mi\u00f0la \u00e1 skapandi h\u00e1tt uppl\u00fdsingum um helstu heilbrig\u00f0isvandam\u00e1l og forvarnir \u00feeirra", ""]], "_id": "590349ad62933a4e92048cf3"}, {"exemplary": null, "topics": "Hjarta, melting", "abbreviation": "HJ\u00daK2HM05", "former_schools": null, "subject": "Hj\u00fakrun, grunnur", "title": "Hj\u00fakrun fullor\u00f0inna 1", "version": 4, "status_trans": "Sam\u00feykkt af sk\u00f3la", "embedded_subject": {"abbreviation": "HJ\u00daK", "topics": [{"abbreviation": "AG", "topics": ["Almennur", "grunnur"]}, {"abbreviation": "HM", "topics": ["Hjarta", "melting"]}, {"abbreviation": "TV", "topics": ["taugakerfi", "verkir"]}, {"abbreviation": "\u00d6H", "topics": ["hugmyndafr\u00e6\u00f0i", "\u00f6ldrun"]}, {"abbreviation": "FG", "topics": ["fj\u00f6lskylduhj\u00fakrun", "ge\u00f0hj\u00fakrun"]}, {"abbreviation": "LO", "topics": ["lokaverkefni"]}], "_id": "5384f8a262933a13a1000b1e", "subjects": ["Hj\u00fakrun", "grunnur"], "counter": {"1": 3, "3": 5, "2": 3, "4": 0}}, "evaluation": "N\u00e1msmat er \u00fatf\u00e6rt \u00ed kennslu\u00e1\u00e6tlun \u00ed samr\u00e6mi vi\u00f0 sk\u00f3lan\u00e1mskr\u00e1", "categorization_suggestion": "", "embedded_topics": {"abbreviation": "HM", "topics": ["Hjarta", "melting"]}, "status": "approved by school", "description": "Fjalla\u00f0 er um umhyggjuhugtaki\u00f0 og sj\u00e1lfsum\u00f6nnun \u00e1samt helstu hj\u00fakrunarkenningum og tengslum \u00feeirra vi\u00f0 starfsvettvang. Fjalla\u00f0 er um hj\u00fakrunarferli og faglega hj\u00fakrunarskr\u00e1ningu. Fjalla\u00f0 er um hj\u00fakrun sj\u00faklinga me\u00f0 br\u00e1\u00f0a- og langvinna sj\u00fakd\u00f3ma sem tengjast eftirt\u00f6ldum kerfum: hjarta- og \u00e6\u00f0akerfi, \u00f6ndunarf\u00e6rakerfi, meltingarkerfi, \u00fevag- og kynkerfum. Fjalla\u00f0 er um hj\u00fakrun sj\u00faklinga me\u00f0 illkynja sj\u00fakd\u00f3ma. \u00cd \u00e1fanganum er l\u00f6g\u00f0 \u00e1hersla \u00e1 tengingu fr\u00e6\u00f0ilegrar \u00feekkingar vi\u00f0 skipulagningu og framkv\u00e6md hj\u00fakrunar.", "knowledge_goals": ["helstu hj\u00fakrunarkenningum og tengslum \u00feeirra vi\u00f0 starfsvettvang", "umhyggjuhugtakinu og sj\u00e1lfsum\u00f6nnun", "mikilv\u00e6gi hj\u00fakrunarskr\u00e1ningar", "\u00e1hrifum br\u00e1\u00f0s og langvinns heilsubrests \u00e1 sj\u00e1lfsmynd og l\u00ed\u00f0an skj\u00f3lst\u00e6\u00f0inga", "hj\u00fakrun sj\u00faklinga me\u00f0 sj\u00fakd\u00f3ma \u00ed hjarta- og \u00e6\u00f0akerfi, \u00f6ndunarf\u00e6rakerfi, meltingarkerfi, \u00fevag- og kynkerfum", "helstu einkennum illkynja sj\u00fakd\u00f3ma \u00ed \u00feeim l\u00edff\u00e6rakerfum sem fjalla\u00f0 er um \u00ed l\u00fdsingu", "undirb\u00faningi og eftirme\u00f0fer\u00f0 vegna ranns\u00f3kna og skur\u00f0a\u00f0ger\u00f0a", "\u00feverfaglegri teymisvinnu \u00ed me\u00f0fer\u00f0 skj\u00f3lst\u00e6\u00f0inga"], "skills_goals": ["s\u00fdna skj\u00f3lst\u00e6\u00f0ingi og a\u00f0standendum stu\u00f0ning og umhyggju", "greina \u00e1 milli mismunandi hj\u00fakrunar\u00fearfa langveikra, br\u00e1\u00f0veikra og miki\u00f0 veikra", "beita vi\u00f0eigandi hj\u00fakrunarme\u00f0fer\u00f0 fyrir og eftir a\u00f0ger\u00f0ir og ranns\u00f3knir", "beita \u00f3l\u00edkum vinnubr\u00f6g\u00f0um vi\u00f0 smitg\u00e1t eftir e\u00f0li sj\u00fakd\u00f3ms\u00e1stands", "veita sj\u00faklingum og a\u00f0standendum faglega umhyggju og stu\u00f0ning", "vinna eftir vi\u00f0urkenndri hj\u00fakrunarskr\u00e1ningu"], "credits": 5, "last_modified": 1493726862.672384, "schools": ["51234a418caa45ed97015b34"], "coauthors": null, "instructions": "", "continued_education": false, "level": 2, "prerequisites": "HJ\u00daK1AG05, HJVG1VG06", "author": "7ace0f7d-b13c-4859-8a67-02c15409e1c2", "abbreviation_version": null, "competence_goals": [["meta hj\u00fakrunar\u00fearfir langveikra, br\u00e1\u00f0veikra og miki\u00f0 veikra", ""], ["meta og \u00fatsk\u00fdra \u00e1hrif br\u00e1\u00f0s og langvinns heilsubrests \u00e1 sj\u00e1lfsmynd og l\u00ed\u00f0an skj\u00f3lst\u00e6\u00f0inga", ""], ["breg\u00f0ast vi\u00f0 algengum aukaverkunum me\u00f0fer\u00f0ar vegna illkynja sj\u00fakd\u00f3ma", ""], ["lei\u00f0beina skj\u00f3lst\u00e6\u00f0ingum me\u00f0 athafnir daglegs l\u00edfs", ""], ["velja milli \u00f3l\u00edkra vinnubrag\u00f0a vi\u00f0 smitg\u00e1t eftir e\u00f0li sj\u00fakd\u00f3ms\u00e1stands", ""], ["\u00fatsk\u00fdra algengar aukaverkanir me\u00f0fer\u00f0ar vegna illkynja sj\u00fakd\u00f3ma", ""], ["taka \u00fe\u00e1tt \u00ed \u00feverfaglegri vinnu \u00ed me\u00f0fer\u00f0 skj\u00f3lst\u00e6\u00f0inga", ""]], "_id": "5908768e62933a4e9204b949"}, {"exemplary": null, "topics": "taugakerfi, verkir", "abbreviation": "HJ\u00daK2TV05", "former_schools": null, "subject": "Hj\u00fakrun, grunnur", "title": "Hj\u00fakrun fullor\u00f0inna 2", "version": 5, "status_trans": "Sam\u00feykkt af sk\u00f3la", "embedded_subject": {"abbreviation": "HJ\u00daK", "topics": [{"abbreviation": "AG", "topics": ["Almennur", "grunnur"]}, {"abbreviation": "HM", "topics": ["Hjarta", "melting"]}, {"abbreviation": "TV", "topics": ["taugakerfi", "verkir"]}, {"abbreviation": "\u00d6H", "topics": ["hugmyndafr\u00e6\u00f0i", "\u00f6ldrun"]}, {"abbreviation": "FG", "topics": ["fj\u00f6lskylduhj\u00fakrun", "ge\u00f0hj\u00fakrun"]}, {"abbreviation": "LO", "topics": ["lokaverkefni"]}], "_id": "5384f8a262933a13a1000b1e", "subjects": ["Hj\u00fakrun", "grunnur"], "counter": {"1": 2, "3": 5, "2": 3, "4": 0}}, "evaluation": "N\u00e1msmat er \u00fatf\u00e6rt \u00ed kennslu\u00e1\u00e6tlun \u00ed samr\u00e6mi vi\u00f0 sk\u00f3lan\u00e1mskr\u00e1", "categorization_suggestion": "", "embedded_topics": {"abbreviation": "TV", "topics": ["taugakerfi", "verkir"]}, "status": "approved by school", "description": "Fjalla\u00f0 er um hj\u00fakrun sj\u00faklinga me\u00f0 br\u00e1\u00f0a- og langvinna sj\u00fakd\u00f3ma sem tengjast eftirt\u00f6ldum kerfum: taugakerfi, innkirtlakerfi, \u00f3n\u00e6miskerfi og sto\u00f0kerfi. Auk \u00feess er fjalla\u00f0 um smitg\u00e1t, s\u00e1r og s\u00e1rame\u00f0fer\u00f0, verki og verkjame\u00f0fer\u00f0. \u00cd \u00e1fanganum er l\u00f6g\u00f0 \u00e1hersla \u00e1 tengingu fr\u00e6\u00f0ilegrar \u00feekkingar vi\u00f0 skipulagningu og framkv\u00e6md hj\u00fakrunar.", "knowledge_goals": ["\u00e1hrifum br\u00e1\u00f0s og langvinns heilsubrests \u00e1 sj\u00e1lfsmynd og l\u00ed\u00f0an skj\u00f3lst\u00e6\u00f0inga", "mikilv\u00e6gi hj\u00fakrunarskr\u00e1ningar", "hj\u00fakrun sj\u00faklinga me\u00f0 sj\u00fakd\u00f3ma \u00ed tauga-, innkirtla-, \u00f3n\u00e6mis- og sto\u00f0kerfi", "smitg\u00e1t, s\u00e1rum og s\u00e1rame\u00f0fer\u00f0, verkjum og verkjame\u00f0fer\u00f0", "algengum s\u00e1raumb\u00fa\u00f0um og mismunandi notagildi \u00feeirra", "undirb\u00faningi og eftirme\u00f0fer\u00f0 vegna ranns\u00f3kna og skur\u00f0a\u00f0ger\u00f0a", "smitg\u00e1tarvinnubr\u00f6g\u00f0um", "verkjame\u00f0fer\u00f0 annarri en lyfjum", "helstu einkennum illkynja sj\u00fakd\u00f3ma \u00ed \u00feeim l\u00edff\u00e6rakerfum sem fjalla\u00f0 er um \u00ed \u00e1fanganum"], "skills_goals": ["s\u00fdna skj\u00f3lst\u00e6\u00f0ingi og a\u00f0standendum stu\u00f0ning og umhyggju", "greina \u00e1 milli mismunandi hj\u00fakrunar\u00fearfa langveikra, br\u00e1\u00f0veikra og miki\u00f0 veikra sj\u00faklinga", "vinna eftir vi\u00f0urkenndri hj\u00fakrunarskr\u00e1ningu", "nota vi\u00f0eigandi smitg\u00e1tarvinnubr\u00f6g\u00f0", "nota mismunandi s\u00e1raumb\u00fa\u00f0ir", "taka \u00fe\u00e1tt \u00ed \u00feverfaglegri vinnu \u00ed me\u00f0fer\u00f0 skj\u00f3lst\u00e6\u00f0inga", "nota mismunandi verkjame\u00f0fer\u00f0ir"], "credits": 5, "last_modified": 1493390258.233549, "schools": ["51234a418caa45ed97015b34"], "coauthors": null, "instructions": "", "continued_education": false, "level": 2, "prerequisites": "HJ\u00daK2HM05", "author": "7ace0f7d-b13c-4859-8a67-02c15409e1c2", "abbreviation_version": null, "competence_goals": [["taka \u00fe\u00e1tt \u00ed a\u00f0 undirb\u00faa skj\u00f3lst\u00e6\u00f0inga fyrir ranns\u00f3knir og a\u00f0ger\u00f0ir", ""], ["n\u00fdta s\u00e9r hj\u00fakrunarskr\u00e1ningu \u00ed starfi", ""], ["s\u00fdna smitg\u00e1t \u00ed verki", ""], ["breg\u00f0ast vi\u00f0 breytingum \u00e1 \u00e1standi sj\u00faklings \u00e1 faglegan h\u00e1tt", ""], ["mi\u00f0la uppl\u00fdsingum um mismunandi verkjame\u00f0fer\u00f0ir", ""], ["mi\u00f0la \u00feekkingu sinni \u00ed \u00feverfaglegri vinnu", ""], ["lei\u00f0beina skj\u00f3lst\u00e6\u00f0ingum me\u00f0 athafnir daglegs l\u00edfs m.t.t. \u00e1hrifa sj\u00fakd\u00f3ms\u00e1stands \u00e1 sj\u00e1lfsum\u00f6nnun og heilsu", ""], ["\u00fatsk\u00fdra almennan og s\u00e9rh\u00e6f\u00f0an undirb\u00faning og eftirlit sj\u00faklinga fyrir og eftir a\u00f0ger\u00f0ir og ranns\u00f3knir", ""]], "_id": "590353b262933a4e92048e11"}, {"exemplary": null, "topics": "hugmyndafr\u00e6\u00f0i, \u00f6ldrun", "abbreviation": "HJ\u00daK3\u00d6H05", "former_schools": null, "subject": "Hj\u00fakrun, grunnur", "title": "Hj\u00fakrun fullor\u00f0inna 3", "version": 7, "status_trans": "Sam\u00feykkt af sk\u00f3la", "embedded_subject": {"abbreviation": "HJ\u00daK", "topics": [{"abbreviation": "AG", "topics": ["Almennur", "grunnur"]}, {"abbreviation": "HM", "topics": ["Hjarta", "melting"]}, {"abbreviation": "TV", "topics": ["taugakerfi", "verkir"]}, {"abbreviation": "\u00d6H", "topics": ["hugmyndafr\u00e6\u00f0i", "\u00f6ldrun"]}, {"abbreviation": "FG", "topics": ["fj\u00f6lskylduhj\u00fakrun", "ge\u00f0hj\u00fakrun"]}, {"abbreviation": "LO", "topics": ["lokaverkefni"]}], "_id": "5384f8a262933a13a1000b1e", "subjects": ["Hj\u00fakrun", "grunnur"], "counter": {"1": 2, "3": 5, "2": 3, "4": 0}}, "evaluation": "N\u00e1msmat er \u00fatf\u00e6rt \u00ed kennslu\u00e1\u00e6tlun \u00ed samr\u00e6mi vi\u00f0 sk\u00f3lan\u00e1mskr\u00e1", "categorization_suggestion": "", "embedded_topics": {"abbreviation": "\u00d6H", "topics": ["hugmyndafr\u00e6\u00f0i", "\u00f6ldrun"]}, "status": "approved by school", "description": "\u00cd \u00e1fanganum er fjalla\u00f0 um st\u00f6\u00f0u aldra\u00f0ra \u00ed samf\u00e9laginu og \u00fe\u00e1 f\u00e9lags\u00fej\u00f3nustu sem \u00f6ldru\u00f0um stendur til bo\u00f0a. Jafnframt er l\u00f6g\u00f0 \u00e1rhersla \u00e1 sj\u00e1lfs\u00e1kv\u00f6r\u00f0unarr\u00e9tt aldra\u00f0ra og \u00feau r\u00e9ttindi sem \u00f6ldru\u00f0um eru trygg\u00f0 samkv\u00e6mt l\u00f6gum. Hugmyndafr\u00e6\u00f0i og helstu kenningar \u00ed \u00f6ldrunarhj\u00fakrun eru sko\u00f0a\u00f0ar. Fari\u00f0 er yfir helstu andlegar, f\u00e9lagslegar og l\u00edkamlegar breytingar sem fylgja h\u00e6kkandi aldri. Fjalla\u00f0 er um helstu sj\u00fakd\u00f3ma og heilsufarsvandam\u00e1l sem hrj\u00e1 aldra\u00f0a og vi\u00f0eigandi hj\u00fakrun. Kynntar eru a\u00f0fer\u00f0ir til \u00feess a\u00f0 meta \u00e1hrif sj\u00fakd\u00f3ma og heilsubrests \u00e1 virkni og vell\u00ed\u00f0an aldra\u00f0ra. Fjalla\u00f0 er um mikilv\u00e6gi heilbrig\u00f0s l\u00edfsst\u00edls \u00e1 efri \u00e1rum me\u00f0 \u00e1herslu \u00e1 forvarnir og heilsueflingu til auka l\u00edfsg\u00e6\u00f0i og vell\u00ed\u00f0an aldra\u00f0ra. Sorg og sorgarvi\u00f0br\u00f6g\u00f0 eru tekin til umfj\u00f6llunar. L\u00f6g\u00f0 er \u00e1hersla \u00e1 s\u00e9rstakar hj\u00fakrunar\u00fearfir einstaklinga vi\u00f0 l\u00edfslok og l\u00edknarme\u00f0fer\u00f0. Mikil \u00e1hersla er l\u00f6g\u00f0 \u00e1 \u00feverfaglega samvinnu, yfirs\u00fdn og heildr\u00e6na n\u00e1lgun vi\u00f0 hj\u00fakrun aldra\u00f0ra hvort sem er \u00e1 stofnunum e\u00f0a \u00e1 heimilum \u00e1samt faglegum vinnubr\u00f6g\u00f0um og vi\u00f0urkenndri skr\u00e1ningu hj\u00fakrunar. ", "knowledge_goals": ["\u00feeim l\u00edkamlegu, andlegu og f\u00e9lagslegu breytingum sem fylgja h\u00e6kkandi aldri", "\u00e1hrifum algengra \u00f6ldrunarsj\u00fakd\u00f3ma \u00e1 virkni og l\u00edfsg\u00e6\u00f0i aldra\u00f0ra", "a\u00f0fer\u00f0um og m\u00e6lit\u00e6kjum sem notu\u00f0 eru til a\u00f0 meta vitsmunalega f\u00e6rni, sj\u00e1lfsbjargargetu og a\u00f0st\u00e6\u00f0ur aldra\u00f0ra", "forvarnargildi og mikilv\u00e6gi heilbrig\u00f0is l\u00edfsst\u00edls \u00e1 efri \u00e1rum", "\u00feeirri \u00fej\u00f3nustu og stu\u00f0ningi sem \u00f6ldru\u00f0um stendur til bo\u00f0a \u00ed samf\u00e9lginu", "kenningum sem fjalla um a\u00f0l\u00f6gun a\u00f0 heilsubresti, sorg og missi", "l\u00edfsloka- og l\u00edknarme\u00f0fer\u00f0", "\u00feverfaglegri teymisvinnu \u00ed m\u00e1lefnum aldra\u00f0ra", "vi\u00f0urkenndri hj\u00fakrunarskr\u00e1ningu"], "skills_goals": ["gera greinarmun \u00e1 e\u00f0lilegum \u00f6ldrunarbreytingum og sj\u00fakd\u00f3ms\u00e1standi hj\u00e1 \u00f6ldru\u00f0um", "greina \u00e1hrif \u00f6ldrunarbreytinga \u00e1 virkni og l\u00edfsg\u00e6\u00f0i aldra\u00f0ra", "fr\u00e6\u00f0a aldra\u00f0a um heilbrig\u00f0an l\u00edfsst\u00edl og \u00fe\u00e1 \u00fej\u00f3nustu sem \u00feeim stendur til bo\u00f0a \u00ed samf\u00e9laginu", "hagn\u00fdta s\u00e9r kenningar um a\u00f0l\u00f6gun a\u00f0 sorg og missi \u00ed hj\u00fakrunarst\u00f6rfum", "nota vi\u00f0urkennda hj\u00fakrunarskr\u00e1ningu."], "credits": 5, "last_modified": 1493387972.403182, "schools": ["51234a418caa45ed97015b34"], "coauthors": null, "instructions": "", "continued_education": false, "level": 3, "prerequisites": "HJ\u00daK2TV05", "author": "7ace0f7d-b13c-4859-8a67-02c15409e1c2", "abbreviation_version": null, "competence_goals": [["taka \u00fe\u00e1tt \u00ed \u00feverfaglegri teymisvinnu um m\u00e1lefni aldra\u00f0ra", ""], ["nota vi\u00f0urkenndar a\u00f0fer\u00f0ir og kvar\u00f0a til \u00feess a\u00f0 meta sj\u00e1lfbjargargetu aldra\u00f0ra", ""], ["hj\u00fakra \u00f6ldru\u00f0um \u00e1 heildr\u00e6nan h\u00e1tt me\u00f0 tilliti til f\u00e9lagslegs, andlegs og l\u00edkamlegs \u00e1stands", ""], ["hj\u00fakra \u00f6ldru\u00f0um \u00e1 l\u00edknandi me\u00f0fer\u00f0 og vi\u00f0 l\u00edfslok", ""], ["mi\u00f0la \u00e1 faglegan h\u00e1tt uppl\u00fdsingum um hj\u00fakrun aldra\u00f0ra.", ""]], "_id": "59034ac462933a4e92048d14"}, {"exemplary": null, "topics": "Verkleg, hj\u00fakrun", "abbreviation": "HJVG1VG05", "former_schools": null, "subject": "Hj\u00fakrun, grunnur, verkleg", "title": "Hj\u00fakrun verkleg", "version": 2, "status_trans": "Sam\u00feykkt af sk\u00f3la", "embedded_subject": {"abbreviation": "HJVG", "topics": [{"abbreviation": "VG", "topics": ["Verkleg", "hj\u00fakrun"]}], "_id": "539070a062933a13a10013d1", "subjects": ["Hj\u00fakrun", "grunnur", "verkleg"], "counter": {"1": 1, "3": 0, "2": 0, "4": 0}}, "evaluation": "N\u00e1msmat er \u00fatf\u00e6rt \u00ed kennslu\u00e1\u00e6tlun \u00ed samr\u00e6mi vi\u00f0 sk\u00f3lan\u00e1mskr\u00e1", "categorization_suggestion": "", "embedded_topics": {"abbreviation": "VG", "topics": ["Verkleg", "hj\u00fakrun"]}, "status": "approved by school", "description": "\u00cd \u00e1fanganum er fjalla\u00f0 um n\u00e1nasta umhverfi sj\u00faklinga \u00e1 heilbrig\u00f0isstofnunum og \u00e1 heimili hans svo sem sj\u00fakrar\u00fami\u00f0, sj\u00fakrastofuna og \u00fdmis hj\u00e1lpart\u00e6ki. Fjalla\u00f0 er um pers\u00f3nulegar \u00fearfir sj\u00faklinga og lei\u00f0ir til a\u00f0 m\u00e6ta \u00feeim. Fjalla\u00f0 er um fylgikvilla r\u00famlegu, m\u00e6lingar og mat \u00e1 l\u00edfsm\u00f6rkum og skr\u00e1ningu \u00feeirra, \u00fear me\u00f0 tali\u00f0 \u00f6ndunara\u00f0sto\u00f0 og s\u00farefnisgj\u00f6f. Fjalla\u00f0 er um hreinl\u00e6ti, smitg\u00e1t, s\u00fdnat\u00f6kur og fr\u00e1gang s\u00fdna. \u00c1fanginn er a\u00f0 mestu verklegur. A\u00f0 auki er fjalla\u00f0 um skr\u00e1ningu og me\u00f0fer\u00f0 pers\u00f3nuuppl\u00fdsinga \u00ed sj\u00fakraskr\u00e1, var\u00f0veislu gagna, \u00feagnarskyldu um uppl\u00fdsingar \u00ed sj\u00fakraskr\u00e1m og rafr\u00e6na sj\u00fakraskr\u00e1. Fari\u00f0 \u00ed l\u00f6g um sj\u00fakraskr\u00e1, r\u00e9ttindi sj\u00faklinga, hlutverk og skyldur heilbrig\u00f0isstarfsf\u00f3lks \u00ed tengslum vi\u00f0 sj\u00fakraskr\u00e1.", "knowledge_goals": ["mikilv\u00e6gi \u00feess a\u00f0 vir\u00f0a pers\u00f3nuleg m\u00f6rk og pers\u00f3nulegt r\u00fdmi skj\u00f3lst\u00e6\u00f0ings", "n\u00e1nasta umhverfi skj\u00f3lst\u00e6\u00f0ings mi\u00f0a\u00f0 vi\u00f0 a\u00f0st\u00e6\u00f0ur hans hverju sinni", "mismunandi legu skj\u00f3lst\u00e6\u00f0ings \u00ed r\u00fami", "mikilv\u00e6gi l\u00edkamlegs hreinl\u00e6tis og tannhir\u00f0u", "mikilv\u00e6gi n\u00e6ringarinntektar og \u00fargangslosunar", "mikilv\u00e6gi hreinl\u00e6tis, smitg\u00e1tar og smitg\u00e1tarvinnubrag\u00f0a", "umgengni vi\u00f0 \u00e6\u00f0aleggi, s\u00farefnisleggi, \u00fevagleggi og \u00fevagpoka", "framkv\u00e6md s\u00fdnat\u00f6ku", "mikilv\u00e6gi l\u00edfsmarkam\u00e6linga", "pers\u00f3nulegum hj\u00e1lpart\u00e6kjum skj\u00f3lst\u00e6\u00f0inga og umhir\u00f0u \u00feeirra", "me\u00f0h\u00f6ndlun hj\u00fakrunargagna", "hva\u00f0 sj\u00fakraskr\u00e1r eru, var\u00f0veislu \u00feeirra og \u00e1 hva\u00f0a formi \u00fe\u00e6r eru var\u00f0veittar", "hva\u00f0a l\u00f6g gilda um r\u00e9ttindi sj\u00faklinga, sj\u00fakraskr\u00e1r og heilbrig\u00f0isstarfsf\u00f3lk"], "skills_goals": ["beita mismunandi a\u00f0fer\u00f0um til \u00feess a\u00f0 hagr\u00e6\u00f0a skj\u00f3lst\u00e6\u00f0ingi", "umgangast n\u00e1nasta umhverfi skj\u00f3lst\u00e6\u00f0ings af vir\u00f0ingu", "undirb\u00faa n\u00e1nasta umhverfi skj\u00f3lst\u00e6\u00f0ings fyrir komu", "b\u00faa um skj\u00f3lst\u00e6\u00f0ing \u00ed mismunandi a\u00f0st\u00e6\u00f0um", "a\u00f0sto\u00f0a skj\u00f3lst\u00e6\u00f0ing vi\u00f0 a\u00f0 nota hj\u00e1lpart\u00e6ki", "nota vi\u00f0eigandi a\u00f0fer\u00f0ir vi\u00f0 s\u00fdnat\u00f6kur og fr\u00e1gang \u00feeirra", "undirb\u00faa, framkv\u00e6ma og skr\u00e1 l\u00edfsmarkam\u00e6lingar", "a\u00f0sto\u00f0a skj\u00f3lst\u00e6\u00f0ing vi\u00f0 tannhir\u00f0u og pers\u00f3nulegt hreinl\u00e6ti", "undirb\u00faa og a\u00f0sto\u00f0a skj\u00f3lst\u00e6\u00f0ing vi\u00f0 a\u00f0 matast og skr\u00e1 n\u00e6ringarinntekt", "skr\u00e1 \u00fatskilna\u00f0 \u00fargangsefna", "farga hj\u00fakrunarg\u00f6gnum \u00e1 vi\u00f0eigandi h\u00e1tt", "skr\u00e1 samkv\u00e6mt skr\u00e1ningarkerfum sem not\u00f0u\u00f0 eru \u00ed heilbrig\u00f0iskerfinu", "leita \u00ed rafr\u00e6nni sj\u00fakraskr\u00e1 a\u00f0 uppl\u00fdsingum"], "credits": 5, "last_modified": 1493742062.928887, "schools": ["51234a418caa45ed97015b34"], "coauthors": null, "instructions": "", "continued_education": false, "level": 1, "prerequisites": "", "author": "7ace0f7d-b13c-4859-8a67-02c15409e1c2", "abbreviation_version": null, "competence_goals": [["umgangast sj\u00fakrastofuna og umhverfi sj\u00faklings \u00e1 vi\u00f0eigandi h\u00e1tt", ""], ["annast daglegan umb\u00fana\u00f0 sj\u00fakrar\u00fams me\u00f0 og \u00e1n skj\u00f3lst\u00e6\u00f0ings vi\u00f0 mismunandi a\u00f0st\u00e6\u00f0ur", ""], ["undirb\u00faa og veita skj\u00f3lst\u00e6\u00f0ingi pers\u00f3nulega a\u00f0hlynningu", ""], ["fylgast me\u00f0, meta og skr\u00e1 n\u00e6ringarinntekt og \u00fatskilna\u00f0", ""], ["fylgjast me\u00f0, meta og skr\u00e1 l\u00edfsm\u00f6rk", ""], ["s\u00fdna l\u00edfsgildum skj\u00f3lst\u00e6\u00f0ings vir\u00f0ingu", ""], ["s\u00fdna umhyggju \u00ed samskiptum skj\u00f3lst\u00e6\u00f0inga, a\u00f0standenda og samstarfsf\u00f3lks", ""], ["meta athafnir daglegs l\u00edfs og breg\u00f0ast vi\u00f0 \u00feeim", ""], ["n\u00fdta rafr\u00e6na sj\u00fakraskr\u00e1", ""], ["r\u00f6ksty\u00f0ja l\u00f6g er var\u00f0a sj\u00faklinga, heilbrig\u00f0isstarfsf\u00f3lk og umhverfi \u00feeirra", ""]], "_id": "5908b1ee62933a4e9204bc6a"}, {"exemplary": null, "topics": "inngangur a\u00f0 s\u00e1lfr\u00e6\u00f0i", "abbreviation": "S\u00c1LF2IS05", "former_schools": null, "subject": "s\u00e1lfr\u00e6\u00f0i", "title": "Inngangur a\u00f0 s\u00e1lfr\u00e6\u00f0i", "version": 59, "status_trans": "Sam\u00feykkt af sk\u00f3la", "embedded_subject": {"abbreviation": "S\u00c1LF", "topics": [{"abbreviation": "AK", "topics": ["almenn kynning"]}, {"abbreviation": "\u00deS", "topics": ["\u00feroskas\u00e1lfr\u00e6\u00f0i"]}, {"abbreviation": "AB", "topics": ["afbrig\u00f0as\u00e1lfr\u00e6\u00f0i"]}, {"abbreviation": "KV", "topics": ["kvikmyndas\u00e1lfr\u00e6\u00f0i"]}, {"abbreviation": "SD", "topics": ["s\u00e1lfr\u00e6\u00f0i daglegs l\u00edfs"]}, {"abbreviation": "IS", "topics": ["inngangur a\u00f0 s\u00e1lfr\u00e6\u00f0i"]}, {"abbreviation": "DS", "topics": ["duls\u00e1larfr\u00e6\u00f0i"]}, {"abbreviation": "RS", "topics": ["r\u00e9ttars\u00e1lfr\u00e6\u00f0i"]}, {"abbreviation": "GE", "topics": ["ge\u00f0heilsa"]}, {"abbreviation": "FP", "topics": ["f\u00e9lags- og per\u00f3nuleikas\u00e1lfr\u00e6\u00f0i"]}, {"abbreviation": "BK", "topics": ["inngangur a\u00f0 s\u00e1lfr\u00e6\u00f0i", "j\u00e1kv\u00e6\u00f0 s\u00e1lfr\u00e6\u00f0i", "minni", "n\u00e1m", "ranns\u00f3knir"]}, {"abbreviation": "KF", "topics": ["framhald", "kvikmyndas\u00e1lfr\u00e6\u00f0i"]}, {"abbreviation": "FS", "topics": ["f\u00e9lagss\u00e1lfr\u00e6\u00f0i"]}, {"abbreviation": "GS", "topics": ["ge\u00f0s\u00e1lfr\u00e6\u00f0i"]}, {"abbreviation": "\u00deU", "topics": ["\u00feroska- og uppeldisfr\u00e6\u00f0i"]}, {"abbreviation": "AA", "topics": ["almenn s\u00e1lfr\u00e6\u00f0i"]}, {"abbreviation": "CA", "topics": ["afbrigas\u00e1lfr\u00e6\u00f0i"]}, {"abbreviation": "L\u00cd", "topics": ["l\u00edfe\u00f0lisleg s\u00e1lfr\u00e6\u00f0i"]}, {"abbreviation": "F\u00c9", "topics": ["f\u00e9lagsleg s\u00e1lfr\u00e6\u00f0i"]}, {"abbreviation": "SS", "topics": ["inngangur a\u00f0 s\u00e1lfr\u00e6\u00f0i", "sj\u00f3narmi\u00f0 og saga"]}, {"abbreviation": "FG", "topics": ["f\u00e9lagss\u00e1lfr\u00e6\u00f0i", "greind", "pers\u00f3nuleikinn"]}, {"abbreviation": "LS", "topics": ["draumar", "l\u00edfe\u00f0lisleg s\u00e1lfr\u00e6\u00f0i", "skynjunars\u00e1lfr\u00e6\u00f0i", "svefn"]}, {"abbreviation": "\u00deR", "topics": ["l\u00edfst\u00ed\u00f0ar\u00fer\u00f3un", "\u00feroski"]}, {"abbreviation": "AF", "topics": ["ge\u00f0heilsa", "ge\u00f0raskanir", "streita", "tilfinningar"]}, {"abbreviation": "\u00cd\u00de", "topics": ["f\u00e9lagsst\u00f6rf", "f\u00e9l\u00f6g", "\u00ed\u00fer\u00f3ttas\u00e1lfr\u00e6\u00f0i"]}, {"abbreviation": "SG", "topics": ["framkoma", "gagnr\u00fdni", "hlustun", "samskipti", "sj\u00e1lfstraust"]}, {"abbreviation": "\u00cd\u00c6", "topics": ["\u00ed\u00fer\u00f3ttas\u00e1lfr\u00e6\u00f0i"]}, {"abbreviation": "IN", "topics": ["S\u00e1lfr\u00e6\u00f0i", "inngangur", "kenningar", "saga"]}, {"abbreviation": "\u00de\u00de", "topics": ["n\u00e1m", "\u00deroskas\u00e1lfr\u00e6\u00f0i", "\u00feroski", "\u00fer\u00f3un"]}, {"abbreviation": "AS", "topics": ["afbrig\u00f0as\u00e1lfr\u00e6\u00f0i", "streita"]}, {"abbreviation": "H\u00de", "topics": ["Hugar\u00fej\u00e1lfun", "\u00cd\u00fer\u00f3ttir"]}, {"abbreviation": "JS", "topics": ["J\u00e1kv\u00e6\u00f0 s\u00e1lfr\u00e6\u00f0i"]}, {"abbreviation": "HA", "topics": ["Hugr\u00e6n", "atferlisme\u00f0fer\u00f0"]}, {"abbreviation": "BS", "topics": ["Breytingar", "samskipti"]}, {"abbreviation": "GH", "topics": ["Ge\u00f0s\u00e1larfr\u00e6\u00f0i og ge\u00f0heilbrig\u00f0i"]}, {"abbreviation": "PF", "topics": ["f\u00e9lagss\u00e1lfr\u00e6\u00f0i", "pers\u00f3nuleikas\u00e1lfr\u00e6\u00f0i"]}, {"abbreviation": "VS", "topics": ["Vitund og si\u00f0blinda"]}, {"abbreviation": "BG", "topics": ["S\u00c1LF"]}, {"abbreviation": "F\u00d6", "topics": ["F\u00d6TLUN", "\u00d6LDRUN"]}, {"abbreviation": "CF", "topics": ["F\u00e9lags- og pers\u00f3nuleikas\u00e1lfr\u00e6\u00f0i"]}, {"abbreviation": "BT", "topics": ["Kortlagning hugans/heilans"]}, {"abbreviation": "CJ", "topics": ["j\u00e1kv\u00e6\u00f0 s\u00e1lfr\u00e6\u00f0i"]}, {"abbreviation": "AM", "topics": ["Atferlism\u00f3tun"]}, {"abbreviation": "GR", "topics": ["Grunnur \u00ed s\u00e1lfr\u00e6\u00f0i"]}, {"abbreviation": "NS", "topics": ["N\u00e1mss\u00e1larfr\u00e6\u00f0i", "saga"]}, {"abbreviation": "LH", "topics": ["L\u00edfe\u00f0lisleg og hugr\u00e6n s\u00e1lfr\u00e6\u00f0i"]}, {"abbreviation": "SF", "topics": ["mannlegt e\u00f0li", "n\u00e1m og minni", "s\u00e1lfr\u00e6\u00f0ingar", "s\u00e1lfr\u00e6\u00f0istefnur"]}, {"abbreviation": "S\u00de", "topics": ["sj\u00e1lfsmynd", "\u00feroskah\u00f6mlun", "\u00feroskakenningar", "\u00feroskas\u00e1lfr\u00e6\u00f0i"]}, {"abbreviation": "GG", "topics": ["fr\u00e1viksheg\u00f0un", "ge\u00f0heilsa", "ge\u00f0r\u00e6nar raskanir", "s\u00e1lfr\u00e6\u00f0ileg me\u00f0fer\u00f0"]}, {"abbreviation": "FR", "topics": ["f\u00e9lagss\u00e1lfr\u00e6\u00f0i", "pers\u00f3nueinkenni", "ranns\u00f3knir"]}, {"abbreviation": "UM", "topics": ["Uppeldis- og menntunarfr\u00e6\u00f0i"]}, {"abbreviation": "\u00cdS", "topics": ["\u00cd\u00fer\u00f3ttas\u00e1lfr\u00e6\u00f0i"]}, {"abbreviation": "HS", "topics": ["Hugr\u00e6n s\u00e1lfr\u00e6\u00f0i", "atferlisfr\u00e6\u00f0i", "f\u00e9lagss\u00e1lfr\u00e6\u00f0i", "ranns\u00f3knara\u00f0fer\u00f0ir"]}, {"abbreviation": "SM", "topics": ["Afbrig\u00f0as\u00e1lfr\u00e6\u00f0i", "me\u00f0fer\u00f0", "streita"]}, {"abbreviation": "FH", "topics": ["F\u00e9lagsleg hef\u00f0un og samskipti f\u00f3lks"]}, {"abbreviation": "FE", "topics": ["F\u00e9lagslegt atferli", "h\u00f3par", "pers\u00f3nuleikakenningar", "pers\u00f3nuleikapr\u00f3f"]}, {"abbreviation": "US", "topics": ["Inngangur a\u00f0 uppeldis- og s\u00e1lfr\u00e6\u00f0i"]}, {"abbreviation": "AU", "topics": ["Augl\u00fdsingas\u00e1lfr\u00e6\u00f0i"]}, {"abbreviation": "KH", "topics": ["Kynheilbrig\u00f0i"]}], "_id": "50c0a02dd8e40575f7f6f4db", "subjects": ["s\u00e1lfr\u00e6\u00f0i"], "counter": {"1": 12, "3": 48, "2": 58, "4": 2}}, "evaluation": "N\u00e1msmat er \u00fatf\u00e6rt \u00ed kennslu\u00e1\u00e6tlun \u00ed samr\u00e6mi vi\u00f0 sk\u00f3lan\u00e1mskr\u00e1", "categorization_suggestion": "", "embedded_topics": {"abbreviation": "IS", "topics": ["inngangur a\u00f0 s\u00e1lfr\u00e6\u00f0i"]}, "status": "approved by school", "description": "\u00deetta  er grunn\u00e1fangi \u00ed s\u00e1lfr\u00e6\u00f0i og \u00e6tla\u00f0 a\u00f0 kynna nemendum fr\u00e6\u00f0igreinina s\u00e1lfr\u00e6\u00f0i, e\u00f0li hennar, s\u00f6gu og \u00fer\u00f3un. Helstu s\u00e1lfr\u00e6\u00f0istefnur eru kynntar og grunnhugt\u00f6k. \u00de\u00e1 er fjalla\u00f0 um starfssvi\u00f0 s\u00e1lfr\u00e6\u00f0inga og helstu undirgreinar. Nemendur kynnast ranns\u00f3knara\u00f0fer\u00f0um s\u00e1lfr\u00e6\u00f0innar b\u00e6\u00f0i b\u00f3klega og verklega. Fjalla\u00f0 er s\u00e9rstaklega um n\u00e1mss\u00e1lfr\u00e6\u00f0i b\u00e6\u00f0i \u00e1 fr\u00e6\u00f0ilegan og hagn\u00fdtan h\u00e1tt og nemendur l\u00e6ra um mismunandi tegundir n\u00e1ms, einkum einfalt n\u00e1m (tengslan\u00e1m). \u00deau l\u00e6ra um mismunandi tegundir minnis og hagn\u00fdtar minnist\u00e6knia\u00f0fer\u00f0ir. Fjalla\u00f0 er a\u00f0eins um samspil hugsunar, heg\u00f0unar og tilfinninga.", "knowledge_goals": ["umfangi og vi\u00f0fangsefnum s\u00e1lfr\u00e6\u00f0innar", "\u00feeim v\u00edsindalegu vinnubr\u00f6g\u00f0um sem t\u00ed\u00f0ku\u00f0 eru \u00ed greininni", "helstu \u00fe\u00e1ttum \u00ed s\u00f6gu s\u00e1lfr\u00e6\u00f0innar", "meginsj\u00f3narmi\u00f0um innan greinarinnar (hugfr\u00e6\u00f0i, s\u00e1lk\u00f6nnun, atferlisstefnu, l\u00edffr\u00e6\u00f0ilegu sj\u00f3narmi\u00f0i og mann\u00fa\u00f0ars\u00e1lfr\u00e6\u00f0i)", "\u00fdmsum ranns\u00f3knum og kenningum um minni, t.d. kenningum um \u00fer\u00edskiptingu minnis, mismunandi stig og tegundir minnis", "l\u00edffr\u00e6\u00f0ilegum undirst\u00f6\u00f0um kenninga", "n\u00e1mskenningum b\u00e6\u00f0i vi\u00f0brag\u00f0sskilyr\u00f0ingu og virkum skilyr\u00f0ingum \u00e1samt fleiri \u00fe\u00e1ttum tengdum n\u00e1mi", "r\u00e9ttri notkun heimilda", "\u00fdmsu s\u00e1lfr\u00e6\u00f0itengdu eins og ge\u00f0heilsu, ge\u00f0r\u00f6skunum, starfsemi heila og tauga og  HAM"], "skills_goals": ["skilgreina, \u00fatsk\u00fdra og beita helstu hugt\u00f6kum greinarinnar", "gera einfaldar tilraunir og a\u00f0rar einfaldar ranns\u00f3knir", "m\u00f3ta heg\u00f0un me\u00f0 j\u00e1kv\u00e6\u00f0ri styrkingu", "leita s\u00e9r gagnlegra uppl\u00fdsinga um s\u00e1lfr\u00e6\u00f0ileg efni", "skrifa stuttan og sk\u00fdran texta um s\u00e1lfr\u00e6\u00f0ileg efni", "v\u00edsa til heimilda \u00e1 r\u00e9ttan h\u00e1tt", "l\u00fdsa \u00fev\u00ed hvernig mismunandi sj\u00f3narmi\u00f0 s\u00e1lfr\u00e6\u00f0innar geta sk\u00fdrt sama atviki\u00f0 \u00e1 mismunandi h\u00e1tt", "beita hugt\u00f6kum vi\u00f0brag\u00f0sskilyr\u00f0ingar og virkra skilyr\u00f0inga", "\u00e1tti sig \u00e1 mismundi einkennum ge\u00f0raskana og hven\u00e6r og hvert er h\u00e6gt a\u00f0 leita a\u00f0sto\u00f0ar", "r\u00f6kr\u00e6\u00f0a um s\u00e1lfr\u00e6\u00f0ileg \u00e1litam\u00e1l", "svara skriflega e\u00f0a munnlega spurningum um efni\u00f0"], "credits": 5, "last_modified": 1455807675.918144, "schools": ["51234a418caa45ed97015b34"], "coauthors": null, "instructions": "", "continued_education": false, "level": 2, "prerequisites": "H\u00e6fnieinkunn C \u00ed samf\u00e9lagsgreinum \u00far grunnsk\u00f3la e\u00f0a 1. \u00ferep \u00ed \u00edslensku", "author": "7ace0f7d-b13c-4859-8a67-02c15409e1c2", "abbreviation_version": null, "competence_goals": [["hanna og gera einfaldar ranns\u00f3knir og skrifa skilmerkilegar sk\u00fdrslur um \u00fe\u00e6r eftir \u00feeim reglum sem t\u00ed\u00f0kast", ""], ["skilja einf\u00f6ld s\u00e1lfr\u00e6\u00f0ileg l\u00f6gm\u00e1l eins og virkar skilyr\u00f0ingar og geta m\u00f3ta\u00f0 heg\u00f0un me\u00f0 j\u00e1kv\u00e6\u00f0um styrkjum (e\u00f0a vita\u00f0 hvernig \u00fea\u00f0 gerist og hva\u00f0a a\u00f0fer\u00f0ir eru \u00e1hrifar\u00edkastar), vita hvernig h\u00e6gt er a\u00f0 breg\u00f0ast vi\u00f0 f\u00e6lni og fleira", ""], ["kunna a\u00f0 afla s\u00e9r sta\u00f0g\u00f3\u00f0rar \u00feekkingar og yfirf\u00e6ra \u00feekkingu yfir \u00e1 eigi\u00f0 l\u00edf", ""], ["bera kennsl \u00e1 f\u00e1einar ge\u00f0raskanir t.d. \u00feunglyndi e\u00f0a ge\u00f0klofa (misjafnt hva\u00f0 er fari\u00f0 \u00ed) og vita hvert e\u00f0a hvernig er best a\u00f0 leita hj\u00e1lpar", ""], ["geta n\u00fdtt s\u00e9r \u00feekkingu \u00e1 minni og n\u00e1mi til a\u00f0 au\u00f0velda s\u00e9r sk\u00f3lan\u00e1m (n\u00fdta \u00fea\u00f0 \u00ed daglegu l\u00edfi)", ""], ["geta lesi\u00f0 \u00far t\u00f6lfr\u00e6\u00f0ilegum g\u00f6gnum og meti\u00f0 g\u00e6\u00f0i ranns\u00f3kna sem lesi\u00f0 er um \u00ed fj\u00f6lmi\u00f0lum", ""], ["skilja  fj\u00f6lbreytileika f\u00f3lks og hafa nokkurt umbur\u00f0arlyndi me\u00f0 \u00fev\u00ed", ""]], "_id": "56c5dcbb62933a031600056e"}, {"exemplary": null, "topics": "lestur, ritun og tj\u00e1ning", "abbreviation": "\u00cdSLE2RL05", "former_schools": null, "subject": "\u00edslenska", "title": "Lestur, ritun og tj\u00e1ning", "version": 95, "status_trans": "Sam\u00feykkt af sk\u00f3la", "embedded_subject": {"abbreviation": "\u00cdSLE", "topics": [{"abbreviation": "VR", "topics": ["ritun", "vi\u00f0skiptaskj\u00f6l"]}, {"abbreviation": "TM", "topics": ["m\u00e1lskilningur", "tj\u00e1ning"]}, {"abbreviation": "MS", "topics": ["m\u00e1lskilningur", "s\u00e9rdeild"]}, {"abbreviation": "RT", "topics": ["ritun og tj\u00e1ning"]}, {"abbreviation": "LL", "topics": ["leshra\u00f0i", "lesskilningur"]}, {"abbreviation": "MM", "topics": ["m\u00e1lfr\u00e6\u00f0i", "m\u00e1ltilfinning"]}, {"abbreviation": "RG", "topics": ["greinamerkjasetning", "r\u00e9ttritun"]}, {"abbreviation": "SF", "topics": ["fr\u00f3\u00f0leiks\u00f6flun", "samskipti"]}, {"abbreviation": "BK", "topics": ["b\u00f3kmenntir", "kj\u00f6rb\u00f3k"]}, {"abbreviation": "RB", "topics": ["b\u00f3kmenntir", "ritun"]}, {"abbreviation": "BM", "topics": ["b\u00f3kmenntir", "m\u00e1lsaga", "ritun", "tj\u00e1ning"]}, {"abbreviation": "NB", "topics": ["n\u00fat\u00edmab\u00f3kmenntir"]}, {"abbreviation": "BF", "topics": ["b\u00f3kmenntir fyrri alda"]}, {"abbreviation": "SB", "topics": ["menning", "samt\u00edmab\u00f3kmenntir"]}, {"abbreviation": "BB", "topics": ["barnab\u00f3kmenntir"]}, {"abbreviation": "HR", "topics": ["hra\u00f0lestur"]}, {"abbreviation": "YN", "topics": ["yndislestur"]}, {"abbreviation": "ML", "topics": ["leskilningur", "m\u00e1lnotkun", "m\u00e1ltaka", "ritun og tj\u00e1ning"]}, {"abbreviation": "MB", "topics": ["b\u00f3kmenntir og ritun", "m\u00e1lnotkun"]}, {"abbreviation": "MN", "topics": ["b\u00f3kmenntir", "m\u00e1lsaga og nafnasi\u00f0ir"]}, {"abbreviation": "YH", "topics": ["hra\u00f0lestur", "yndislestur"]}, {"abbreviation": "BS", "topics": ["b\u00f3kmenntir s\u00ed\u00f0ari alda"]}, {"abbreviation": "FH", "topics": ["f\u00e9lagsleg m\u00e1lv\u00edsindi", "hlj\u00f3\u00f0fr\u00e6\u00f0i og hlj\u00f3\u00f0kerfisfr\u00e6\u00f0i", "\u00fe\u00fd\u00f0ingar"]}, {"abbreviation": "TB", "topics": ["tj\u00e1skipti barna og fullor\u00f0inna"]}, {"abbreviation": "GL", "topics": ["gl\u00e6pas\u00f6gur"]}, {"abbreviation": "RM", "topics": ["m\u00e1lfr\u00e6\u00f0i", "ritun", "stafsetning"]}, {"abbreviation": "BT", "topics": ["bragfr\u00e6\u00f0i", "setningafr\u00e6\u00f0i", "textar fr\u00e1 \u00fdmsum l\u00f6ndum"]}, {"abbreviation": "MT", "topics": ["m\u00e1lfr\u00e6\u00f0i", "ritun og tj\u00e1ning"]}, {"abbreviation": "BR", "topics": ["b\u00f3kmenntir", "m\u00e1lnotkun", "ritun"]}, {"abbreviation": "MG", "topics": ["b\u00f3kmenntir og ritun", "go\u00f0afr\u00e6\u00f0i", "m\u00e1lsaga"]}, {"abbreviation": "EU", "topics": ["eddukv\u00e6\u00f0i", "uppl\u00fdsing"]}, {"abbreviation": "UK", "topics": ["kreppa", "uppl\u00fdsing"]}, {"abbreviation": "KA", "topics": ["aldam\u00f3t", "kreppa"]}, {"abbreviation": "RN", "topics": ["n\u00fat\u00edmab\u00f3kmenntir", "ritger\u00f0arsm\u00ed\u00f0"]}, {"abbreviation": "KU", "topics": ["kynningarefni", "ums\u00f3knir"]}, {"abbreviation": "RI", "topics": ["ritger\u00f0arsm\u00ed\u00f0", "textar fr\u00e1 \u00fdmsum l\u00f6ndum"]}, {"abbreviation": "BG", "topics": ["b\u00f3kmenntir", "go\u00f0afr\u00e6\u00f0i", "m\u00e1lsaga"]}, {"abbreviation": "FM", "topics": ["fornb\u00f3kmenntir", "m\u00e1lfr\u00e6\u00f0i"]}, {"abbreviation": "BN", "topics": ["b\u00f3kmenntir", "n\u00fat\u00edmi"]}, {"abbreviation": "FO", "topics": ["fornb\u00f3kmenntir"]}, {"abbreviation": "UN", "topics": ["undirb\u00fanings\u00e1fangi \u00ed \u00edslensku"]}, {"abbreviation": "MR", "topics": ["b\u00f3kmenntir", "m\u00e1lnotkun og ritun"]}, {"abbreviation": "ED", "topics": ["eddukv\u00e6\u00f0i og \u00edslendingas\u00f6gur"]}, {"abbreviation": "NJ", "topics": ["fr\u00e1 nj\u00e1lu til n\u00fdr\u00f3mant\u00edkur"]}, {"abbreviation": "\u00d6L", "topics": ["b\u00f3kmenntir \u00e1 20. \u00f6ld"]}, {"abbreviation": "ME", "topics": ["b\u00f3kmenntir"]}, {"abbreviation": "RL", "topics": ["lestur", "ritun og tj\u00e1ning"]}, {"abbreviation": "MI", "topics": ["m\u00e1l og b\u00f3kmenntir fr\u00e1 si\u00f0askiptum til aldam\u00f3tanna 1900"]}, {"abbreviation": "GM", "topics": ["go\u00f0afr\u00e6\u00f0i", "m\u00e1lsaga"]}, {"abbreviation": "GR", "topics": ["grunnur"]}, {"abbreviation": "LR", "topics": ["lestur og ritun"]}, {"abbreviation": "ST", "topics": ["stafsetning"]}, {"abbreviation": "\u00cdS", "topics": ["\u00edslenska"]}, {"abbreviation": "LT", "topics": ["lestur", "m\u00e1lfr\u00e6\u00f0i", "ritun", "stafsetning", "tj\u00e1ning"]}, {"abbreviation": "SR", "topics": ["lestur og tj\u00e1ning", "m\u00e1lfr\u00e6\u00f0i", "ritun", "stafsetning"]}, {"abbreviation": "GO", "topics": ["go\u00f0afr\u00e6\u00f0i", "m\u00e1lnotkun og ritun", "m\u00e1lsaga"]}, {"abbreviation": "NH", "topics": ["b\u00f3kmenntasaga 1900 til samt\u00edmans", "hugtakabeiting", "n\u00fat\u00edmab\u00f3kmenntir"]}, {"abbreviation": "RR", "topics": ["ritger\u00f0asm\u00ed\u00f0", "ritun"]}, {"abbreviation": "LF", "topics": ["b\u00f3kmenntasaga 1550-1900", "l\u00e6rd\u00f3ms\u00f6ld", "rauns\u00e6i"]}, {"abbreviation": "VE", "topics": ["verkefni vali\u00f0 og almenn b\u00f3kmenntafr\u00e6\u00f0i kynnt"]}, {"abbreviation": "MV", "topics": ["m\u00e1lv\u00edsindi"]}, {"abbreviation": "YF", "topics": ["Yndislestur framhald"]}, {"abbreviation": "MH", "topics": ["M\u00e1lsaga og go\u00f0afr\u00e6\u00f0i hra\u00f0fer\u00f0"]}, {"abbreviation": "FF", "topics": ["Fornb\u00f3kmenntir hra\u00f0fer\u00f0"]}, {"abbreviation": "YM", "topics": ["Yndislestur 2"]}, {"abbreviation": "FJ", "topics": ["fj\u00f6lmi\u00f0lal\u00e6si"]}, {"abbreviation": "RV", "topics": ["ritger\u00f0arvinna"]}, {"abbreviation": "LS", "topics": ["- sk\u00e1ldsaga \u00far n\u00fat\u00edma", "lestur og lesskilningur"]}, {"abbreviation": "L\u00cd", "topics": ["lestur og lesskilningur - \u00edslendingas\u00f6gur"]}, {"abbreviation": "LE", "topics": ["lestur og lesskilningur - sk\u00e1lds\u00f6gur 20. aldar"]}, {"abbreviation": "H\u00cd", "topics": ["Hagn\u00fdt \u00edslenska"]}, {"abbreviation": "\u00cdM", "topics": ["\u00edslensk m\u00e1lsaga"]}, {"abbreviation": "KV", "topics": ["b\u00f3kmenntir og kvikmyndir"]}, {"abbreviation": "NG", "topics": ["Norr\u00e6n go\u00f0afr\u00e6\u00f0i"]}, {"abbreviation": "LJ", "topics": ["Lj\u00f3\u00f0"]}, {"abbreviation": "AA", "topics": ["Lestur og ritun"]}, {"abbreviation": "\u00cdC", "topics": ["\u00cdslenska \u00e1 starfsbraut"]}, {"abbreviation": "\u00cdA", "topics": ["\u00cdslenska 1 \u00e1 starfsbraut"]}, {"abbreviation": "\u00cdB", "topics": ["\u00cdslenska 2 \u00e1 starfsbraut"]}, {"abbreviation": "N\u00dd", "topics": ["N\u00fdsk\u00f6pun"]}, {"abbreviation": "AB", "topics": ["B\u00f3kmenntir", "m\u00e1lfr\u00e6\u00f0i og ritun"]}, {"abbreviation": "HI", "topics": ["M\u00e1lnotkun og ritun"]}, {"abbreviation": "TR", "topics": ["M\u00e1lnotun og ritun"]}, {"abbreviation": "TL", "topics": ["L\u00e6si", "ritun", "tj\u00e1ning"]}, {"abbreviation": "OH", "topics": ["hlustun", "or\u00f0afor\u00f0i", "talm\u00e1l og ritun"]}, {"abbreviation": "ES", "topics": ["Eddukv\u00e6\u00f0i til si\u00f0askipta"]}, {"abbreviation": "NA", "topics": ["N\u00fdr\u00f3mant\u00edk til aldam\u00f3ta"]}, {"abbreviation": "SN", "topics": ["Si\u00f0askipti til n\u00fdr\u00f3mant\u00edkur"]}, {"abbreviation": "YL", "topics": ["Yndislestur"]}, {"abbreviation": "SS", "topics": ["Stafsetning"]}, {"abbreviation": "BU", "topics": ["Barna- og unglingab\u00f3kmenntir"]}, {"abbreviation": "SK", "topics": ["sk\u00e1lds\u00f6gur"]}, {"abbreviation": "B\u00d3", "topics": ["B\u00f3kmenntir og tungum\u00e1l fr\u00e1 landn\u00e1mi til si\u00f0askipta"]}, {"abbreviation": "M\u00c1", "topics": ["M\u00e1l- og menningarsaga"]}, {"abbreviation": "NF", "topics": ["N\u00fdsk\u00f6punarferli\u00f0: \u00fe\u00f6rf", "afur\u00f0", "lausn"]}, {"abbreviation": "A\u00cd", "topics": ["Almenn \u00edslenska \u00e1 1 \u00ferepi"]}, {"abbreviation": "AM", "topics": ["almenn m\u00e1lnotkun", "b\u00f3kmenntir", "ritun"]}, {"abbreviation": "RS", "topics": ["Skapandi skrif"]}, {"abbreviation": "SP", "topics": ["Spennus\u00f6gur"]}, {"abbreviation": "\u00cdD", "topics": ["\u00cdslenska \u00e1 starfsbraut 4"]}, {"abbreviation": "\u00cdE", "topics": ["\u00cdslenska 5 \u00e1 starfsbraut"]}, {"abbreviation": "SM", "topics": ["Sk\u00e1lds\u00f6gur"]}, {"abbreviation": "M\u00de", "topics": ["\u00cdSLE"]}, {"abbreviation": "SA", "topics": ["Sk\u00f6pun \u00ed v\u00ed\u00f0u samhengi"]}, {"abbreviation": "SJ", "topics": ["L\u00e6si", "b\u00f3kmenntir", "hugtakaskilningur", "m\u00e1lfr\u00e6\u00f0i", "sj\u00e1lfb\u00e6rni og ritun"]}, {"abbreviation": "LM", "topics": ["L\u00e6si", "l\u00fd\u00f0r\u00e6\u00f0i", "mannr\u00e9ttindi og b\u00f3kmenntir"]}, {"abbreviation": "JR", "topics": ["L\u00e6si", "b\u00f3kmenntir og ritun", "jafnr\u00e9tti"]}, {"abbreviation": "HV", "topics": ["L\u00e6si", "heilbrig\u00f0i", "velfer\u00f0 og b\u00f3kmenntir"]}, {"abbreviation": "DB", "topics": ["Sk\u00f3labla\u00f0"]}, {"abbreviation": "\u00c6F", "topics": ["Go\u00f0s\u00f6gur", "fantas\u00edur", "\u00e6vint\u00fdri"]}, {"abbreviation": "VM", "topics": ["Verkefna\u00e1fangi \u00ed m\u00e1lv\u00edsindum"]}, {"abbreviation": "VB", "topics": ["Verkefna\u00e1fangi \u00ed b\u00f3kmenntum"]}, {"abbreviation": "SW", "topics": ["Stafsetning og ritun"]}, {"abbreviation": "MF", "topics": ["M\u00e1lfr\u00e6\u00f0i"]}, {"abbreviation": "SG", "topics": ["B\u00f3kmenntir", "setningafr\u00e6\u00f0i og go\u00f0afr\u00e6\u00f0i"]}, {"abbreviation": "OF", "topics": ["frambur\u00f0ur", "lestrarf\u00e6rni", "or\u00f0afor\u00f0i"]}, {"abbreviation": "CA", "topics": ["B\u00f3kmenntir fram til 1550"]}, {"abbreviation": "BH", "topics": ["Go\u00f0afr\u00e6\u00f0i", "m\u00e1lsaga og ritger\u00f0asm\u00ed\u00f0"]}, {"abbreviation": "DD", "topics": ["B\u00f3kmenntir og b\u00f3kmenntasaga", "einkum 1550-1900."]}, {"abbreviation": "CH", "topics": ["\u00cdslenska 3. Hra\u00f0fer\u00f0"]}, {"abbreviation": "EE", "topics": ["B\u00f3kmenntir og b\u00f3kmenntasaga eftir 1900."]}, {"abbreviation": "HL", "topics": ["M\u00e1lsaga og hlj\u00f3\u00f0fr\u00e6\u00f0i"]}, {"abbreviation": "CB", "topics": ["heimsb\u00f3kmenntir"]}, {"abbreviation": "AL", "topics": ["Almenn m\u00e1lnotkun og l\u00e6si"]}, {"abbreviation": "GF", "topics": ["Go\u00f0afr\u00e6\u00f0i og fornb\u00f3kmenntir"]}, {"abbreviation": "TE", "topics": ["Ritun og textagreining"]}, {"abbreviation": "MA", "topics": ["Menningararfur \u00ed n\u00fat\u00edmanum"]}, {"abbreviation": "S\u00c1", "topics": ["Skrefa\u00f0", "skrifa\u00f0 og skrafa\u00f0 um n\u00e6rsamf\u00e9lagi\u00f0/\u00e1tthagana."]}, {"abbreviation": "NM", "topics": ["fr\u00e1 n\u00fdr\u00f3mant\u00edk til m\u00f3dernisma"]}, {"abbreviation": "HM", "topics": ["Heimildir og m\u00e1lnotkun"]}, {"abbreviation": "M\u00c6", "topics": ["Menningarl\u00e6si"]}, {"abbreviation": "CK", "topics": ["\u00edslenskar kvikmyndir"]}, {"abbreviation": "CL", "topics": ["Leikh\u00fas og leikb\u00f3kmenntir"]}, {"abbreviation": "DL", "topics": ["Leikh\u00fas og leikb\u00f3kmenntir."]}, {"abbreviation": "CN", "topics": ["\u00derj\u00fa verk Halld\u00f3rs Laxness."]}, {"abbreviation": "HB", "topics": ["B\u00f3kmenntir", "heimildaritger\u00f0", "m\u00e1lsaga"]}, {"abbreviation": "CU", "topics": ["Barnab\u00f3kmenntir."]}, {"abbreviation": "CP", "topics": ["Textager\u00f0 og ritstj\u00f3rn"]}, {"abbreviation": "CY", "topics": ["Yndislestur I"]}, {"abbreviation": "DY", "topics": ["Yndislestur II"]}, {"abbreviation": "RH", "topics": ["\u00darvinnsla heimilda og ritun"]}, {"abbreviation": "B\u00cd", "topics": ["B\u00f3kmenntasaga", "\u00cdslendingasaga og forn kve\u00f0skapur"]}, {"abbreviation": "BL", "topics": ["B\u00f3kmenntasaga", "leikritalestur", "lj\u00f3\u00f0alestur", "n\u00fat\u00edmab\u00f3kmenntir"]}, {"abbreviation": "RF", "topics": ["Ritger\u00f0arskrif", "go\u00f0afr\u00e6\u00f0i og m\u00e1lsaga"]}, {"abbreviation": "KM", "topics": ["b\u00f3kmenntir", "kv\u00e6\u00f0i", "lj\u00f3\u00f0", "m\u00e1lnotkun", "ritun"]}, {"abbreviation": "SL", "topics": ["Ritlist"]}, {"abbreviation": "RO", "topics": ["lestur", "m\u00e1lnotkun", "or\u00f0afor\u00f0i", "ritun"]}, {"abbreviation": "LB", "topics": ["b\u00f3kmenntir", "l\u00e6si", "ritun", "stafsetning"]}, {"abbreviation": "FL", "topics": ["frams\u00f6gn", "lestur", "margv\u00edsleg ritun", "or\u00f0afor\u00f0i"]}, {"abbreviation": "HS", "topics": ["heimildavinna", "m\u00e1lnotkun", "ritun", "setningafr\u00e6\u00f0i"]}, {"abbreviation": "KB", "topics": ["b\u00f3kmenntasaga", "heimildavinna", "kynningar", "valdir b\u00f3kmenntatextar"]}, {"abbreviation": "VT", "topics": ["b\u00f3kmenntasaga", "stefnur \u00ed listum og menningu", "valdir b\u00f3kmenntatextar"]}, {"abbreviation": "KF", "topics": ["fr\u00e6\u00f0ileg umfj\u00f6llun", "kvikmyndafr\u00e6\u00f0i", "kvikmyndal\u00e6si", "samf\u00e9lagsr\u00fdni"]}, {"abbreviation": "UM", "topics": ["m\u00e1lfr\u00e6\u00f0i", "or\u00f0afor\u00f0i", "uppruni m\u00e1la", "\u00edslensk m\u00e1lsaga"]}, {"abbreviation": "\u00deH", "topics": ["\u00fej\u00f3\u00f0h\u00e1ttafr\u00e6\u00f0i", "\u00fej\u00f3\u00f0l\u00edfsfr\u00e6\u00f0i", "\u00fej\u00f3\u00f0sagnafr\u00e6\u00f0i og hversdagsmenning"]}, {"abbreviation": "FS", "topics": ["lestur fagurb\u00f3kmennta", "skapandi skrif", "t\u00falkunarm\u00f6guleikar"]}, {"abbreviation": "KS", "topics": ["mi\u00f0aldab\u00f3kmenntir (kv\u00e6\u00f0i og s\u00f6gur)", "\u00e1hrif \u00feeirra \u00e1 n\u00fat\u00edmaverk"]}, {"abbreviation": "TS", "topics": ["m\u00e1lfar", "samf\u00e9lag", "tj\u00e1skipti", "tungum\u00e1l"]}, {"abbreviation": "\u00c1\u00d6", "topics": ["\u00c1stir og \u00f6rl\u00f6g \u00ed b\u00f3kmenntum fyrri alda"]}, {"abbreviation": "LH", "topics": ["Leikh\u00fas", "leiklist og leikb\u00f3kmenntir"]}, {"abbreviation": "DE", "topics": ["Delludagar", "Lestur og ritun"]}, {"abbreviation": "FV", "topics": ["Frumverk", "Lestur og ritun"]}, {"abbreviation": "A\u00de", "topics": ["Af\u00fereyingarb\u00f3kmenntir"]}, {"abbreviation": "B\u00de", "topics": ["\u00dej\u00f3\u00f0ararfurinn og tenging hans vi\u00f0 n\u00fat\u00edmann"]}, {"abbreviation": "OS", "topics": ["Or\u00f0spor"]}, {"abbreviation": "UT", "topics": ["Munnleg tj\u00e1ning"]}, {"abbreviation": "V\u00cd", "topics": ["V\u00edkingar og menning \u00feeirra"]}, {"abbreviation": "LX", "topics": ["Halld\u00f3r Laxness"]}, {"abbreviation": "ON", "topics": ["Beyginar", "frambur\u00f0ur", "setningaskipan og or\u00f0afor\u00f0i n\u00fat\u00edmam\u00e1ls"]}, {"abbreviation": "GE", "topics": ["B\u00f3kmenntagreining", "eddukv\u00e6\u00f0i og ritun.", "go\u00f0afr\u00e6\u00f0i"]}, {"abbreviation": "BA", "topics": ["B\u00f3kmenntir s\u00ed\u00f0ari alda"]}, {"abbreviation": "F\u00c9", "topics": ["F\u00e9lagsleg m\u00e1lv\u00edsindi"]}, {"abbreviation": "\u00cdR", "topics": ["mi\u00f0aldab\u00f3kmenntir", "r\u00f3mant\u00edk og ritun", "\u00cdslendingasaga"]}, {"abbreviation": "RD", "topics": ["Rauns\u00e6i", "b\u00f3kmenntasaga 20. aldar og 21. aldar."]}, {"abbreviation": "LG", "topics": ["Lestur g\u00f3\u00f0ra b\u00f3ka"]}, {"abbreviation": "NS", "topics": ["N\u00fat\u00edmab\u00f3kmenntir", "lestur og skapandi skrif"]}, {"abbreviation": "VH", "topics": ["b\u00f3kmenntir", "l\u00e6si", "velfer\u00f0"]}, {"abbreviation": "VF", "topics": ["l\u00e6si", "velfer\u00f0 og b\u00f3kmenntir"]}, {"abbreviation": "UL", "topics": ["l\u00e6si", "sk\u00f6pun", "uppg\u00f6tvun"]}, {"abbreviation": "MO", "topics": ["Mi\u00f0aldab\u00f3kmenntir"]}, {"abbreviation": "CC", "topics": ["Fornb\u00f3kmenntir."]}, {"abbreviation": "\u00deS", "topics": ["\u00dej\u00f3\u00f0sk\u00e1ld"]}, {"abbreviation": "HE", "topics": ["Heimildaritun"]}, {"abbreviation": "KO", "topics": ["Kvennab\u00f3kmenntir"]}, {"abbreviation": "MU", "topics": ["Munnm\u00e6lasagnir"]}, {"abbreviation": "TJ", "topics": ["Menningartj\u00fatt"]}, {"abbreviation": "U\u00c1", "topics": ["Undirb\u00fanings\u00e1fangi"]}, {"abbreviation": "R\u00d6", "topics": ["Ritun og r\u00f6kf\u00e6rsla"]}, {"abbreviation": "HH", "topics": ["heimildavinna", "m\u00e1lsaga", "m\u00e1lstefna", "ritun"]}, {"abbreviation": "UA", "topics": ["einf\u00f6ld m\u00e1lfr\u00e6\u00f0i", "lestur", "ritun", "stafsetning"]}, {"abbreviation": "UB", "topics": ["lestur", "m\u00e1lfr\u00e6\u00f0i", "ritun", "stafsetning"]}, {"abbreviation": "FN", "topics": ["b\u00f3kmenntir", "forn\u00e1m-l\u00e6si", "ritun"]}, {"abbreviation": "GG", "topics": ["Garpar og go\u00f0sagnir"]}, {"abbreviation": "BP", "topics": ["B\u00f3kmenntaumr\u00e6\u00f0a"]}, {"abbreviation": "UU", "topics": ["", "l\u00e6si b\u00f3kmenntir", "ritun"]}, {"abbreviation": "TT", "topics": ["b\u00f3kmenntir", "l\u00e6si", "ritun"]}, {"abbreviation": "II", "topics": ["lestur", "ritun", "r\u00f6kf\u00e6rsla"]}, {"abbreviation": "KK", "topics": ["eddukv\u00e6\u00f0i", "heimildavinna", "m\u00e1lsaga", "stafsetning og b\u00f3kmenntir"]}, {"abbreviation": "NN", "topics": ["\u00cdslenskar b\u00f3kmenntir og b\u00f3kmenntasaga til 19. aldar og ritun"]}, {"abbreviation": "VV", "topics": ["b\u00f3kmenntir og b\u00f3kmenntasaga 19. -21. aldar", "ritun"]}, {"abbreviation": "PL", "topics": ["Leikh\u00fas og leikh\u00fasb\u00f3kmenntir"]}, {"abbreviation": "GV", "topics": ["Greinarger\u00f0 um lokaverk"]}, {"abbreviation": "LV", "topics": ["Lestur og mi\u00f0lun"]}, {"abbreviation": "HF", "topics": ["Hugt\u00f6k og m\u00e1lf\u00e6rni"]}, {"abbreviation": "AN", "topics": ["Grunn\u00e1fangi \u00ed \u00edslensku \u00e1 almennri braut"]}, {"abbreviation": "L\u00c6", "topics": ["L\u00e6si og b\u00f3kmenntir"]}, {"abbreviation": "BX", "topics": ["B\u00f3kmenntir og Halld\u00f3r Laxness"]}, {"abbreviation": "VS", "topics": ["Ritun vi\u00f0skiptaskjala og r\u00e9ttritun"]}, {"abbreviation": "\u00cdL", "topics": ["\u00cdslenska \u00ed lokaverkefni"]}, {"abbreviation": "HU", "topics": ["Hugt\u00f6k og ritun"]}, {"abbreviation": "\u00deF", "topics": ["\u00dej\u00f3\u00f0fr\u00e6\u00f0i"]}, {"abbreviation": "\u00cdK", "topics": ["\u00cdslenskar kvikmyndir"]}, {"abbreviation": "\u00d6B", "topics": ["M\u00e1lfr\u00e6\u00f0igrunnur", "lestur og lesskilningur"]}, {"abbreviation": "\u00c6B", "topics": ["Lestur", "lesskilningur og ritun"]}, {"abbreviation": "\u00deB", "topics": ["Samskiptalei\u00f0ir", "or\u00f0afor\u00f0i"]}, {"abbreviation": "YB", "topics": ["Skapandi skrif", "b\u00f3kmenntir"]}, {"abbreviation": "XB", "topics": ["Or\u00f0afor\u00f0i", "lestrarf\u00e6rni"]}, {"abbreviation": "\u00cdN", "topics": ["\u00cdslenska og n\u00e1mst\u00e6kni"]}, {"abbreviation": "PB", "topics": ["Fj\u00f6lbreyttar b\u00f3kmenntir"]}, {"abbreviation": "\u00d3B", "topics": ["Tj\u00e1ning"]}, {"abbreviation": "G\u00de", "topics": ["Go\u00f0afr\u00e6\u00f0i", "\u00fej\u00f3\u00f0s\u00f6gur og \u00cdslendingas\u00f6gur"]}, {"abbreviation": "H\u00c1", "topics": ["Heimildavinna \u00fat fr\u00e1 \u00e1hugasvi\u00f0i"]}, {"abbreviation": "LK", "topics": ["Leikh\u00fas og \u00edslenskar kvikmyndir"]}, {"abbreviation": "LD", "topics": ["Lj\u00f3\u00f0", "d\u00e6gurlagatextar og lj\u00f3\u00f0ager\u00f0"]}, {"abbreviation": "TF", "topics": ["Tj\u00e1ning og framkoma"]}], "_id": "50c0a02dd8e40575f7f6f4a2", "subjects": ["\u00edslenska"], "counter": {"1": 77, "3": 139, "2": 94, "4": 2}}, "evaluation": "N\u00e1msmat er \u00fatf\u00e6rt \u00ed kennslu\u00e1\u00e6tlun \u00ed samr\u00e6mi vi\u00f0 sk\u00f3lan\u00e1mskr\u00e1", "categorization_suggestion": "", "embedded_topics": {"abbreviation": "RL", "topics": ["lestur", "ritun og tj\u00e1ning"]}, "status": "approved by school", "description": "Nemendur l\u00e6ra m\u00e1lnotkun, ritun og b\u00f3kmenntir. \u00cd \u00e1fanganum \u00fej\u00e1lfast \u00feeir \u00ed sj\u00e1lfst\u00e6\u00f0um vinnubr\u00f6g\u00f0um og einnig a\u00f0 vinna me\u00f0 \u00f6\u00f0rum. Fj\u00f6lbreyttar n\u00e1lganir og sk\u00f6pun virkju\u00f0.\nRitun: G\u00f3\u00f0 ritun er samsett \u00far sex \u00fe\u00e1ttum, unni\u00f0 er s\u00e9rstaklega me\u00f0 hvern \u00fe\u00e1tt fyrir sig \u00ed skapandi skrifum. Ein st\u00e6rri ritger\u00f0. \nB\u00f3kmenntir og lestur: Lesnar eru 2-3 b\u00e6kur, \u00fear af ein n\u00fat\u00edmasaga og ein stutt \u00cdslendingasaga auk styttri texta. Nemendur r\u00fdna \u00ed texta til d\u00fdpri skilnings.\nM\u00e1lnotkun: \u00dej\u00e1lfun \u00ed me\u00f0fer\u00f0 og greiningu tungum\u00e1lsins sem helst \u00ed hendur vi\u00f0 skapandi lestur.\n", "knowledge_goals": ["\u00feeim \u00fe\u00e1ttum ritunar sem ritf\u00e6r ma\u00f0ur \u00fearf a\u00f0 hafa \u00e1 valdi s\u00ednu", "\u00fdmsum \u00fe\u00e1ttum \u00edslenskrar tungu sem tengjast m\u00e1lfr\u00e6\u00f0i og m\u00e1lfari", "fornum og n\u00fdjum textum og a\u00f0fer\u00f0um til a\u00f0 b\u00e6ta skilning sinn \u00e1 \u00feeim"], "skills_goals": ["skrifa fj\u00f6lbreytilega texta", "draga saman og n\u00fdta uppl\u00fdsingar \u00far \u00fdmiss konar textum og fl\u00e9tta saman vi\u00f0 eigin hugmyndir", "n\u00fdta m\u00e1lfr\u00e6\u00f0ihugt\u00f6k og m\u00e1lfr\u00e6\u00f0ilegar uppl\u00fdsingar til \u00feess a\u00f0 efla eigin m\u00e1lf\u00e6rni", "lesa s\u00e9r til gagns og gamans nytjatexta og b\u00f3kmenntaverk fr\u00e1 \u00fdmsum t\u00edmum", "skapa eigin hugverk upp \u00far \u00fev\u00ed sem hann les og flytja fyrir a\u00f0ra"], "credits": 5, "last_modified": 1455807060.02061, "schools": ["51234a418caa45ed97015b34"], "coauthors": null, "instructions": "", "continued_education": false, "level": 2, "prerequisites": "H\u00e6fnieinkunn B \u00far grunnsk\u00f3la e\u00f0a 1. \u00ferep \u00ed \u00edslensku", "author": "c24ad865-d871-49f5-a196-facc9b6600e3", "abbreviation_version": null, "competence_goals": [["vinna a\u00f0 skapandi verkefnum \u00ed tengslum vi\u00f0 n\u00e1msefni\u00f0", ""], ["styrkja eigin m\u00e1lf\u00e6rni og tungutak", ""], ["beita \u00edslensku m\u00e1li \u00ed r\u00e6\u00f0u og riti", ""], ["taka \u00fe\u00e1tt \u00ed m\u00e1lefnalegum umr\u00e6\u00f0um og komast a\u00f0 ni\u00f0urst\u00f6\u00f0u", ""], ["t\u00falka texta \u00fe\u00f3 merkingin liggi ekki \u00e1 yfirbor\u00f0inu", ""]], "_id": "56c5da5462933a0316000555"}, {"exemplary": null, "topics": "lokaverkefni", "abbreviation": "HJ\u00daK3LO03", "former_schools": null, "subject": "Hj\u00fakrun, grunnur", "title": "Lokaverkefni \u00ed hj\u00fakrun", "version": 8, "status_trans": "Sam\u00feykkt af sk\u00f3la", "embedded_subject": {"abbreviation": "HJ\u00daK", "topics": [{"abbreviation": "AG", "topics": ["Almennur", "grunnur"]}, {"abbreviation": "HM", "topics": ["Hjarta", "melting"]}, {"abbreviation": "TV", "topics": ["taugakerfi", "verkir"]}, {"abbreviation": "\u00d6H", "topics": ["hugmyndafr\u00e6\u00f0i", "\u00f6ldrun"]}, {"abbreviation": "FG", "topics": ["fj\u00f6lskylduhj\u00fakrun", "ge\u00f0hj\u00fakrun"]}, {"abbreviation": "LO", "topics": ["lokaverkefni"]}], "_id": "5384f8a262933a13a1000b1e", "subjects": ["Hj\u00fakrun", "grunnur"], "counter": {"1": 2, "3": 5, "2": 3, "4": 0}}, "evaluation": "N\u00e1msmat er \u00fatf\u00e6rt \u00ed kennslu\u00e1\u00e6tlun \u00ed samr\u00e6mi vi\u00f0 sk\u00f3lan\u00e1mskr\u00e1", "categorization_suggestion": "", "embedded_topics": {"abbreviation": "LO", "topics": ["lokaverkefni"]}, "status": "approved by school", "description": "\u00cd \u00e1fanganum vinna nemendur lokaverkefni sem byggir \u00e1 fr\u00e6\u00f0ilegri \u00feekkingu \u00ed hj\u00fakrun. Nemendur d\u00fdpka og \u00fej\u00e1lfa f\u00e6rni s\u00edna \u00ed ritun heimildaritger\u00f0a og \u00feeim fr\u00e6\u00f0ilegu vinnubr\u00f6g\u00f0um sem krafist er vi\u00f0 vinnslu og fr\u00e1gang sl\u00edkra ritger\u00f0a. L\u00f6g\u00f0 er \u00e1hersla \u00e1 notkun vi\u00f0urkenndra heimilda innan heilbrig\u00f0isv\u00edsinda. Nemendur vinna undir verkstj\u00f3rn kennara \u00e1 sj\u00e1lfst\u00e6\u00f0an h\u00e1tt \u00fear sem krafist er frumkv\u00e6\u00f0is, vanda\u00f0ra vinnubrag\u00f0a, sk\u00f6punar og \u00e1byrg\u00f0ar \u00e1 eigin n\u00e1mi. Nemendur kynna vi\u00f0fangsefni s\u00edn me\u00f0 margv\u00edslegum h\u00e6tti \u00e1 m\u00e1lstofu. ", "knowledge_goals": ["tilteknu vi\u00f0fangsefni \u00ed hj\u00fakrunarfr\u00e6\u00f0i sem hann hefur vali\u00f0 s\u00e9r", "helstu hugt\u00f6kum sem tengjast ger\u00f0 heimildaritger\u00f0ar", "byggingu heimilda- og ranns\u00f3knarritger\u00f0a", "nau\u00f0syn \u00feess a\u00f0 vanda me\u00f0fer\u00f0 heimilda", "reglum um h\u00f6fundarr\u00e9tt og hugmyndum um ritstuld"], "skills_goals": ["fylgja vi\u00f0urkenndum reglum vi\u00f0 ger\u00f0 og fr\u00e1gang ritger\u00f0ar", "beita gagnr\u00fdninni hugsun vi\u00f0 \u00farvinnslu efnis \u00ed heilbrig\u00f0isv\u00edsindum", "afla fj\u00f6lbreyttra heimilda, t.d. skr\u00e1\u00f0ra heimilda \u00far b\u00f3kum, t\u00edmaritum og af netinu e\u00f0a frumheimilda, ef svo ber undir", "koma efni \u00e1 framf\u00e6ri \u00e1 vel uppbygg\u00f0an, sk\u00fdran og greinarg\u00f3\u00f0an h\u00e1tt", "lesa fr\u00e6\u00f0ilegan texta um heilbrig\u00f0ism\u00e1l \u00e1 \u00edslensku og erlendu tungum\u00e1li."], "credits": 3, "last_modified": 1493388007.168542, "schools": ["51234a418caa45ed97015b34"], "coauthors": null, "instructions": "", "continued_education": false, "level": 3, "prerequisites": "HJ\u00daK3FG05 Samf\u00e9lagshj\u00fakrun ", "author": "7ace0f7d-b13c-4859-8a67-02c15409e1c2", "abbreviation_version": null, "competence_goals": [["gera raunh\u00e6fa verk\u00e1\u00e6tlun og framfylgja henni", ""], ["setja fram r\u00f6kstudda ranns\u00f3knarspurningu e\u00f0a efnisyfirl\u00fdsingu", ""], ["skrifa lokaritger\u00f0 \u00ed heilbrig\u00f0isv\u00edsindum um s\u00e9rh\u00e6ft efni \u00ed hj\u00fakrun samkv\u00e6mt vi\u00f0urkenndum a\u00f0fer\u00f0um", ""], ["tj\u00e1 sig \u00ed r\u00e6\u00f0u og riti \u00e1 gagnr\u00fdninn og skapandi h\u00e1tt um s\u00e9rh\u00e6ft efni", ""]], "_id": "59034ae762933a4e92048d18"}, {"exemplary": null, "topics": "lyf, sj\u00fakrastofnanir", "abbreviation": "LYFJ2LS05", "former_schools": null, "subject": "Lyfjafr\u00e6\u00f0i", "title": "Lyfjafr\u00e6\u00f0i \u00e1 sj\u00fakrali\u00f0abraut", "version": 5, "status_trans": "Sam\u00feykkt af sk\u00f3la", "embedded_subject": {"abbreviation": "LYFJ", "topics": [{"abbreviation": "TT", "topics": ["Tannt\u00e6kni"]}, {"abbreviation": "TL", "topics": ["lyf", "tannl\u00e6knastofur"]}, {"abbreviation": "LY", "topics": ["LYFJ"]}, {"abbreviation": "LS", "topics": ["lyf", "sj\u00fakrastofnanir"]}], "_id": "51649b8c62933a5f9b001b01", "subjects": ["Lyfjafr\u00e6\u00f0i"], "counter": {"1": 0, "3": 0, "2": 4, "4": 0}}, "evaluation": "N\u00e1msmat er \u00fatf\u00e6rt \u00ed kennslu\u00e1\u00e6tlun \u00ed samr\u00e6mi vi\u00f0 sk\u00f3lan\u00e1mskr\u00e1", "categorization_suggestion": "", "embedded_topics": {"abbreviation": "LS", "topics": ["lyf", "sj\u00fakrastofnanir"]}, "status": "approved by school", "description": "\u00cd \u00e1fanganum er fari\u00f0 \u00ed lyfjaskr\u00e1r, ATC-flokkunarkerfi lyfja, geymslu og fyrningu lyfja, lyfjaform og \u00fdmsar skilgreiningar sem tengjast lyfjum. Fari\u00f0 er \u00ed helstu lyf sem notu\u00f0 eru vi\u00f0 hjarta- og \u00e6\u00f0asj\u00fakd\u00f3mum, ge\u00f0sj\u00fakd\u00f3mum, \u00f6ndunarf\u00e6rasj\u00fakd\u00f3mum, h\u00fa\u00f0sj\u00fakd\u00f3mum, sykurs\u00fdki, verkjum og svefnvandam\u00e1lum. Eins er minnst \u00e1 s\u00fdklalyf, meltingarf\u00e6ralyf og lyf vi\u00f0 Alzheimer sj\u00fakd\u00f3mi. Fjalla\u00f0 er um lyf og lyfjaflokka, verkun lyfja, aukaverkanir, milliverkanir og helmingunart\u00edma lyfja. Fari\u00f0 er almennt \u00ed lyfjaskr\u00e1r og notkun \u00e1 \u00feeim.", "knowledge_goals": ["uppbyggingu s\u00e9rlyfjaskr\u00e1r", "ATC-flokkunarkerfi lyfja", "\u00fdmsum algengum skilgreiningum sem tengjast lyfjum", "hugt\u00f6kum sem notu\u00f0 eru var\u00f0andi fr\u00e1sog, dreifingu, umbrot og \u00fatskilna\u00f0 lyfja", "helstu lyfjaformum, kostum \u00feeirra og g\u00f6llum", "\u00e1hrifum hjarta- og \u00e6\u00f0asj\u00fakd\u00f3mslyfja, ge\u00f0lyfja, \u00f6ndunarf\u00e6ralyfja, h\u00fa\u00f0lyfja, sykurs\u00fdkislyfja, verkjalyfja og svefnlyfja", "helstu flokkum lyfja vi\u00f0 Alzheimer sj\u00fakd\u00f3mi og \u00e1hrifum s\u00fdkla- og meltingarf\u00e6ralyfja", "helstu auka- og milliverkunum ofangreindra lyfja", "bl\u00f3\u00f0\u00fe\u00e9ttnik\u00farfum"], "skills_goals": ["leita a\u00f0 uppl\u00fdsingum um lyf \u00e1 netinu", "flokka s\u00e9rlyf eftir ATC-flokkunarkerfinu", "reikna \u00fat helmingunart\u00edma lyfja", "a\u00f0sto\u00f0a skj\u00f3lst\u00e6\u00f0inga vi\u00f0 notkun \u00e1 \u00fdmsum lyfjaformum, \u00fear sem vi\u00f0 \u00e1"], "credits": 5, "last_modified": 1493738240.43878, "schools": ["51234a418caa45ed97015b34"], "coauthors": null, "instructions": "", "continued_education": false, "level": 2, "prerequisites": "", "author": "7ace0f7d-b13c-4859-8a67-02c15409e1c2", "abbreviation_version": null, "competence_goals": [["mi\u00f0la algengum uppl\u00fdsingum um ofangreind lyf til skj\u00f3lst\u00e6\u00f0inga \u00fear sem vi\u00f0 \u00e1", ""], ["\u00e1tta sig \u00e1 tengslum aukaverkana lyfja vi\u00f0 verkun \u00feeirra", ""], ["s\u00fdna skilning \u00e1 verkun ofangreindra lyfja me\u00f0 tilliti til verkunarm\u00e1ta \u00feeirra", ""]], "_id": "5908a30062933a4e9204bbae"}, {"exemplary": null, "topics": "Sto\u00f0kerfi, stj\u00f3rnkerfi", "abbreviation": "L\u00cdOL2SS05", "former_schools": null, "subject": "l\u00edff\u00e6ra og l\u00edfe\u00f0lisfr\u00e6\u00f0i", "title": "L\u00edff\u00e6ra og l\u00edfe\u00f0lisfr\u00e6\u00f0i 1", "version": 7, "status_trans": "Sam\u00feykkt af sk\u00f3la", "embedded_subject": {"abbreviation": "L\u00cdOL", "topics": [{"abbreviation": "BV", "topics": ["bein v\u00f6\u00f0var"]}, {"abbreviation": "L\u00cd", "topics": ["l\u00edff\u00e6ri"]}, {"abbreviation": "HS", "topics": ["Grundvallaratri\u00f0i \u00ed l\u00edff\u00e6ra- og l\u00edfe\u00f0lisfr\u00e6\u00f0i"]}, {"abbreviation": "FR", "topics": ["Framhalds\u00e1fangi \u00ed l\u00edff\u00e6ra- og l\u00edfe\u00f0lisfr\u00e6\u00f0i"]}, {"abbreviation": "TT", "topics": ["L\u00edff\u00e6ra- og l\u00edfe\u00f0lisfr\u00e6\u00f0i h\u00f6fu\u00f0s"]}, {"abbreviation": "GR", "topics": ["Grundvallaratri\u00f0i l\u00edff\u00e6ra- og l\u00edfe\u00f0lisfr\u00e6\u00f0i"]}, {"abbreviation": "IL", "topics": ["innri l\u00edff\u00e6ri"]}, {"abbreviation": "LN", "topics": ["L\u00edff\u00e6ra- og l\u00edfe\u00f0lisfr\u00e6\u00f0i ne\u00f0ri \u00fatlima"]}, {"abbreviation": "LB", "topics": ["L\u00edff\u00e6ra- og l\u00edfe\u00f0lisfr\u00e6\u00f0i mannsins 2"]}, {"abbreviation": "LC", "topics": ["L\u00edff\u00e6ra- og l\u00edfe\u00f0lisfr\u00e6\u00f0i mannsins 3"]}, {"abbreviation": "SS", "topics": ["Sto\u00f0kerfi", "stj\u00f3rnkerfi"]}], "_id": "50c0a02dd8e40575f7f6f49f", "subjects": ["l\u00edff\u00e6ra og l\u00edfe\u00f0lisfr\u00e6\u00f0i"], "counter": {"1": 0, "3": 6, "2": 6, "4": 0}}, "evaluation": "N\u00e1msmat er \u00fatf\u00e6rt \u00ed kennslu\u00e1\u00e6tlun \u00ed samr\u00e6mi vi\u00f0 sk\u00f3lan\u00e1mskr\u00e1", "categorization_suggestion": "", "embedded_topics": {"abbreviation": "SS", "topics": ["Sto\u00f0kerfi", "stj\u00f3rnkerfi"]}, "status": "approved by school", "description": "Fari\u00f0 er \u00ed grundvallarhugt\u00f6k l\u00edff\u00e6rafr\u00e6\u00f0innar \u00fat fr\u00e1 latneskri nafngiftafr\u00e6\u00f0i og l\u00edfe\u00f0lisfr\u00e6\u00f0ileg ferli \u00fatsk\u00fdr\u00f0. Fjalla\u00f0 er um sv\u00e6\u00f0askiptingu l\u00edkamans, \u00e1ttir, l\u00edkamshol, skipulagsstig, byggingu og starfsemi frumna og vefja, flutning efna yfir himnur, jafnv\u00e6gishneig\u00f0 og afturvirk kerfi. Fari\u00f0 er \u00ed byggingu og starfsemi \u00feekjukerfis: lagskipting h\u00fa\u00f0ar og l\u00edff\u00e6ri; beinakerfis: beinmyndun, flokkun beina, beinagrind, brj\u00f3sk, li\u00f0ir og hreyfingar; v\u00f6\u00f0vakerfis: innri og ytri ger\u00f0 v\u00f6\u00f0va, v\u00f6\u00f0vasamdr\u00e1ttur, helstu v\u00f6\u00f0var l\u00edkamans; taugakerfis: taugavefur, taugabo\u00f0, taugabo\u00f0efni, flokkun taugakerfis og starfsemi, skynf\u00e6ri og skynjun; innkirtlakerfis: innkirtlar og virkni horm\u00f3na.  ", "knowledge_goals": ["\u00feeirri frumustarfsemi sem liggur til grundvallar allri l\u00edkamsstarfsemi", "starfsemi afturvirkra kerfa og grundvallaratri\u00f0um \u00ed l\u00edfe\u00f0lisfr\u00e6\u00f0ilegum ferlum", "latneskum grundvallarhugt\u00f6kum l\u00edff\u00e6rafr\u00e6\u00f0innar", "ytri og innri ger\u00f0 l\u00edff\u00e6ra \u00feeirra l\u00edff\u00e6rakerfa sem fjalla\u00f0 er um og latnesk heiti \u00fear a\u00f0 l\u00fatandi", "starfsemi \u00feeirra l\u00edff\u00e6rakerfa sem fjalla\u00f0 er um"], "skills_goals": ["nota latnesk heiti vi\u00f0 a\u00f0 l\u00fdsa afst\u00f6\u00f0u l\u00edff\u00e6ra og l\u00edff\u00e6rahluta", "rekja og \u00fatsk\u00fdra megin\u00fe\u00e6tti l\u00edfe\u00f0lisfr\u00e6\u00f0ilegra ferla", "tengja byggingu l\u00edff\u00e6ra- og l\u00edff\u00e6rahluta vi\u00f0 starfsemi \u00feeirra", "vinna me\u00f0 heimildir sem tengjast l\u00edff\u00e6ra- og l\u00edfe\u00f0lisfr\u00e6\u00f0i"], "credits": 5, "last_modified": 1493733312.862451, "schools": ["51234a418caa45ed97015b34"], "coauthors": null, "instructions": "", "continued_education": false, "level": 2, "prerequisites": "", "author": "7ace0f7d-b13c-4859-8a67-02c15409e1c2", "abbreviation_version": null, "competence_goals": [["n\u00fdta \u00feekkingu s\u00edna og leikni \u00ed l\u00edff\u00e6ra- og l\u00edfe\u00f0lisfr\u00e6\u00f0i \u00ed \u00f6\u00f0rum n\u00e1msgreinum", ""], ["geta s\u00fdnt fram \u00e1 hvernig l\u00edfsh\u00e6ttir geta haft \u00e1hrif \u00e1 heilbrig\u00f0i l\u00edkamans", ""]], "_id": "59088fc062933a4e9204bac3"}, {"exemplary": null, "topics": "innri l\u00edff\u00e6ri", "abbreviation": "L\u00cdOL2IL05", "former_schools": null, "subject": "l\u00edff\u00e6ra og l\u00edfe\u00f0lisfr\u00e6\u00f0i", "title": "L\u00edff\u00e6ra og l\u00edfe\u00f0lisfr\u00e6\u00f0i 2", "version": 9, "status_trans": "Sam\u00feykkt af sk\u00f3la", "embedded_subject": {"abbreviation": "L\u00cdOL", "topics": [{"abbreviation": "BV", "topics": ["bein v\u00f6\u00f0var"]}, {"abbreviation": "L\u00cd", "topics": ["l\u00edff\u00e6ri"]}, {"abbreviation": "HS", "topics": ["Grundvallaratri\u00f0i \u00ed l\u00edff\u00e6ra- og l\u00edfe\u00f0lisfr\u00e6\u00f0i"]}, {"abbreviation": "FR", "topics": ["Framhalds\u00e1fangi \u00ed l\u00edff\u00e6ra- og l\u00edfe\u00f0lisfr\u00e6\u00f0i"]}, {"abbreviation": "TT", "topics": ["L\u00edff\u00e6ra- og l\u00edfe\u00f0lisfr\u00e6\u00f0i h\u00f6fu\u00f0s"]}, {"abbreviation": "GR", "topics": ["Grundvallaratri\u00f0i l\u00edff\u00e6ra- og l\u00edfe\u00f0lisfr\u00e6\u00f0i"]}, {"abbreviation": "IL", "topics": ["innri l\u00edff\u00e6ri"]}, {"abbreviation": "LN", "topics": ["L\u00edff\u00e6ra- og l\u00edfe\u00f0lisfr\u00e6\u00f0i ne\u00f0ri \u00fatlima"]}, {"abbreviation": "LB", "topics": ["L\u00edff\u00e6ra- og l\u00edfe\u00f0lisfr\u00e6\u00f0i mannsins 2"]}, {"abbreviation": "LC", "topics": ["L\u00edff\u00e6ra- og l\u00edfe\u00f0lisfr\u00e6\u00f0i mannsins 3"]}, {"abbreviation": "SS", "topics": ["Sto\u00f0kerfi", "stj\u00f3rnkerfi"]}], "_id": "50c0a02dd8e40575f7f6f49f", "subjects": ["l\u00edff\u00e6ra og l\u00edfe\u00f0lisfr\u00e6\u00f0i"], "counter": {"1": 0, "3": 6, "2": 8, "4": 0}}, "evaluation": "N\u00e1msmat er \u00fatf\u00e6rt \u00ed kennslu\u00e1\u00e6tlun \u00ed samr\u00e6mi vi\u00f0 sk\u00f3lan\u00e1mskr\u00e1", "categorization_suggestion": "", "embedded_topics": {"abbreviation": "IL", "topics": ["innri l\u00edff\u00e6ri"]}, "status": "approved by school", "description": "Markmi\u00f0 \u00e1fangans er a\u00f0 nemendur \u00f6\u00f0list \u00fe\u00e1 grundvallar\u00feekkingu og skilning \u00e1 byggingu og starfsemi mannsl\u00edkamans, sem er nau\u00f0synleg fyrir frekara n\u00e1m og st\u00f6rf \u00e1 heilbrig\u00f0issvi\u00f0i. Fari\u00f0 er \u00ed byggingu og starfsemi hringr\u00e1sarkerfis: bl\u00f3\u00f0, hjarta, bl\u00f3\u00f0\u00e6\u00f0ar, bl\u00f3\u00f0\u00fer\u00fdstingur og stj\u00f3rnun hans; vessakerfis: vessal\u00edff\u00e6ri, varnir, \u00f3n\u00e6mi; \u00f6ndunarkerfis: \u00f6ndunarvegur, lungu, \u00f6ndunarhreyfingar, loftskipti, stj\u00f3rnun \u00f6ndunar; meltingarkerfis: a\u00f0al- og aukal\u00edff\u00e6ri meltingar, melting og stj\u00f3rnun hennar;  \u00fevagkerfis: n\u00fdru, \u00fevagbla\u00f0ra, \u00fevagp\u00edpur, \u00fevagr\u00e1s, \u00fevagmyndun; \u00e6xlunarkerfis: innri og ytri kynf\u00e6ri, myndun kynfrumna, kynhorm\u00f3n, t\u00ed\u00f0ahringur. Auk \u00feess er fari\u00f0 \u00ed grundvallaratri\u00f0i f\u00f3stur\u00feroska. Fjalla\u00f0 er um hvernig starfsemi allra l\u00edff\u00e6rakerfanna tengist innbyr\u00f0is og hvernig h\u00fan vi\u00f0heldur innri st\u00f6\u00f0ugleika l\u00edkamans. \u00d6ll l\u00edff\u00e6rafr\u00e6\u00f0ileg umfj\u00f6llun gengur \u00fat fr\u00e1 latneskri nafngiftafr\u00e6\u00f0i.", "knowledge_goals": ["ytri og innri ger\u00f0 l\u00edff\u00e6ra \u00feeirra l\u00edff\u00e6rakerfa sem fjalla\u00f0 er um og latnesk heiti \u00fear a\u00f0 l\u00fatandi", "starfsemi \u00feeirra l\u00edff\u00e6rakerfa sem fari\u00f0 er yfir", "hvernig starfsemi l\u00edff\u00e6rakerfanna tengist innbyr\u00f0is og vi\u00f0heldur innri st\u00f6\u00f0ugleika l\u00edkamans"], "skills_goals": ["nota latnesk heiti vi\u00f0 a\u00f0 l\u00fdsa afst\u00f6\u00f0u l\u00edff\u00e6ra og l\u00edff\u00e6rahluta", "tengja byggingu l\u00edff\u00e6ra- og l\u00edff\u00e6rahluta vi\u00f0 starfsemi \u00feeirra", "tengja \u00ed heild starfsemi l\u00edff\u00e6rakerfanna", "rekja og \u00fatsk\u00fdra fl\u00f3kin l\u00edfe\u00f0lisfr\u00e6\u00f0ileg ferli", "d\u00fdpka \u00feekkingu s\u00edna \u00ed faginu me\u00f0 fj\u00f6lbreyttri heimildavinnu", "vinna sj\u00e1lfst\u00e6\u00f0 kynningarverkefni"], "credits": 5, "last_modified": 1493737760.216121, "schools": ["51234a418caa45ed97015b34"], "coauthors": null, "instructions": "", "continued_education": false, "level": 2, "prerequisites": "", "author": "7ace0f7d-b13c-4859-8a67-02c15409e1c2", "abbreviation_version": null, "competence_goals": [["n\u00fdta \u00feekkingu s\u00edna og leikni \u00ed l\u00edff\u00e6ra- og l\u00edfe\u00f0lisfr\u00e6\u00f0i \u00ed \u00f6\u00f0rum n\u00e1msgreinum og starfi", ""], ["greina \u00e1 milli heilbrig\u00f0rar l\u00edkamsstarfsemi og fr\u00e1vika fr\u00e1 henni", ""], ["taka \u00fe\u00e1tt \u00ed faglegri umr\u00e6\u00f0u er var\u00f0ar l\u00edff\u00e6ra- og l\u00edfe\u00f0lisfr\u00e6\u00f0i", ""], ["meta tr\u00faver\u00f0ugleika t\u00f6fralausna um b\u00e6tta heilsu", ""], ["bera \u00e1byrg\u00f0 \u00e1 eigin heilsu", ""]], "_id": "5908a12062933a4e9204bb92"}, {"exemplary": null, "topics": "samf\u00e9lagi\u00f0, sk\u00f3linn, \u00c9g", "abbreviation": "L\u00cdFS1\u00c9G02", "former_schools": null, "subject": "l\u00edfsleikni", "title": "L\u00edfsleikni", "version": 53, "status_trans": "Sam\u00feykkt af sk\u00f3la", "embedded_subject": {"abbreviation": "L\u00cdFS", "topics": [{"abbreviation": "SS", "topics": ["sj\u00e1lfst\u00e6tt l\u00edf", "sk\u00f3laumhverfi"]}, {"abbreviation": "TM", "topics": ["mannleg samskipti", "tilfinningar"]}, {"abbreviation": "TU", "topics": ["tj\u00e1ning", "uppl\u00fdsingat\u00e6kni"]}, {"abbreviation": "MT", "topics": ["me\u00f0vitund", "tj\u00e1ning"]}, {"abbreviation": "SM", "topics": ["markmi\u00f0asetning", "sj\u00e1lfstraust"]}, {"abbreviation": "HP", "topics": ["gildi peninga", "heimilisb\u00f3khald"]}, {"abbreviation": "ES", "topics": ["einstaklingur", "framt\u00ed\u00f0", "f\u00e9lags\u00feroski", "samf\u00e9lag", "samskipti", "sj\u00e1lfstraust", "vir\u00f0ing", "\u00e1byrg\u00f0"]}, {"abbreviation": "N\u00dd", "topics": ["n\u00fdnemafr\u00e6\u00f0sla"]}, {"abbreviation": "GR", "topics": ["grunn\u00fe\u00e6ttir"]}, {"abbreviation": "SL", "topics": ["sk\u00f3laleikni"]}, {"abbreviation": "NS", "topics": ["n\u00e1ms-og starfsfr\u00e6\u00f0sla"]}, {"abbreviation": "\u00c1S", "topics": ["n\u00e1mst\u00e6kni", "samskipti", "sj\u00e1fsmynd", "\u00e1byrg\u00f0"]}, {"abbreviation": "BE", "topics": ["borgaravitund", "l\u00edfsst\u00edll", "n\u00e1ms- og starfsfr\u00e6\u00f0sla", "sj\u00e1lfsmynd", "tj\u00e1ning"]}, {"abbreviation": "BS", "topics": ["borgaravitund", "samf\u00e9lag", "samskipti", "umhverfism\u00e1l", "vinnumarka\u00f0ur"]}, {"abbreviation": "HE", "topics": ["heimilishald"]}, {"abbreviation": "N\u00c1", "topics": ["n\u00e1mst\u00e6kni"]}, {"abbreviation": "HN", "topics": ["Heilbrig\u00f0i", "forvarnir", "n\u00e1m", "sk\u00f3li"]}, {"abbreviation": "\u00c9S", "topics": ["samf\u00e9lagi\u00f0", "sk\u00f3linn", "\u00e9g"]}, {"abbreviation": "\u00c9G", "topics": ["samf\u00e9lagi\u00f0", "sk\u00f3linn", "\u00c9g"]}, {"abbreviation": "DL", "topics": ["daglegt l\u00edf einstaklingsins"]}, {"abbreviation": "SK", "topics": ["Sk\u00f6pun"]}, {"abbreviation": "L\u00c6", "topics": ["L\u00e6si \u00ed v\u00ed\u00f0u samhengi"]}, {"abbreviation": "SB", "topics": ["Sj\u00e1lfb\u00e6rni \u00ed v\u00ed\u00f0u samhengi"]}, {"abbreviation": "LM", "topics": ["L\u00fd\u00f0r\u00e6\u00f0i og mannr\u00e9ttindi"]}, {"abbreviation": "JR", "topics": ["Jafnr\u00e9tti"]}, {"abbreviation": "KF", "topics": ["Kynfr\u00e6\u00f0sla"]}, {"abbreviation": "TS", "topics": ["Tj\u00e1ning og samskipti"]}, {"abbreviation": "FJ", "topics": ["Fj\u00f6lmi\u00f0lar"]}, {"abbreviation": "FH", "topics": ["Framkoma og hreinl\u00e6ti"]}, {"abbreviation": "LK", "topics": ["L\u00edkaminn og tilfinningar"]}, {"abbreviation": "T\u00d3", "topics": ["T\u00f3mstundir"]}, {"abbreviation": "UM", "topics": ["Umferli"]}, {"abbreviation": "ST", "topics": ["Taktu stj\u00f3rnina"]}, {"abbreviation": "\u00da\u00da", "topics": ["\u00datskrift", "\u00fatskriftarfer\u00f0 og fj\u00e1r\u00f6flun"]}, {"abbreviation": "LL", "topics": ["forvarnir", "heilbrig\u00f0i", "l\u00edfsleikni", "n\u00e1mst\u00e6kni"]}, {"abbreviation": "NF", "topics": ["N\u00fdnemafr\u00e6\u00f0sla", "forvarnir", "l\u00edfsleikni", "n\u00e1mst\u00e6kni"]}, {"abbreviation": "NV", "topics": ["l\u00fd\u00f0r\u00e6\u00f0i", "mannr\u00e9ttindi", "n\u00e1msval", "sam\u00e9lag"]}, {"abbreviation": "SV", "topics": ["Si\u00f0fer\u00f0isvitund og mannr\u00e9ttindi"]}, {"abbreviation": "AN", "topics": ["Almenn l\u00edfsleikni og n\u00fdnemafr\u00e6\u00f0sla"]}, {"abbreviation": "FL", "topics": ["Fj\u00e1rm\u00e1lal\u00e6si"]}, {"abbreviation": "SN", "topics": ["f\u00e9lagstengsl", "n\u00e1msh\u00e6ttir", "sk\u00f3lasamf\u00e9lag"]}, {"abbreviation": "FN", "topics": ["fj\u00e1rm\u00e1lal\u00e6si", "jafnr\u00e9tti", "neytendafr\u00e6\u00f0sla", "\u00e1byrg hugsun og heg\u00f0un \u00ed samskiptum"]}, {"abbreviation": "H\u00d6", "topics": ["haust\u00f6nn"]}, {"abbreviation": "SU", "topics": ["samf\u00e9lag", "samskipti", "sk\u00f3labragur", "umgengni"]}, {"abbreviation": "SJ", "topics": ["Jafnr\u00e9tti", "fj\u00e1rm\u00e1lal\u00e6si", "forvarnir", "heilbrig\u00f0i", "samf\u00e9lag og vinnumarka\u00f0ur"]}, {"abbreviation": "VS", "topics": ["Samvinna", "tj\u00e1ning", "vinnubr\u00f6g\u00f0"]}], "_id": "50c0a02dd8e40575f7f6f4c6", "subjects": ["l\u00edfsleikni"], "counter": {"1": 52, "3": 0, "2": 3, "4": 0}}, "evaluation": "N\u00e1msmat er \u00fatf\u00e6rt \u00ed kennslu\u00e1\u00e6tlun \u00ed samr\u00e6mi vi\u00f0 sk\u00f3lan\u00e1mskr\u00e1\n", "categorization_suggestion": "", "embedded_topics": {"abbreviation": "\u00c9G", "topics": ["samf\u00e9lagi\u00f0", "sk\u00f3linn", "\u00c9g"]}, "status": "approved by school", "description": "\u00c1fanginn er \u00e6tla\u00f0ur nemendum \u00ed upphafi sk\u00f3lag\u00f6ngu. Efni \u00e1fangans eru \u00fdmsir \u00fe\u00e6ttir sem tengjast \u00fev\u00ed a\u00f0 vera nemandi \u00ed framhaldssk\u00f3lanum og manneskja \u00ed samf\u00e9lagi. \u00c1hersla er l\u00f6g\u00f0 a\u00f0 nemendur l\u00e6ri \u00e1 framhaldssk\u00f3lakerfi\u00f0 sj\u00e1lft, n\u00e1mslei\u00f0ir og skipulag n\u00e1ms mi\u00f0a\u00f0 vi\u00f0 mismunandi \u00fatg\u00f6ngulei\u00f0ir og \u00e1hugasvi\u00f0. Einnig er teki\u00f0 til umfj\u00f6llunnar sta\u00f0a einstaklingsins \u00ed samf\u00e9laginu, fj\u00e1rm\u00e1l og r\u00e9ttindi og skyldur \u00e1 vinnumarka\u00f0i. \u00cd l\u00edfsst\u00edlshlutanum er fari\u00f0 \u00ed forvarnarfr\u00e6\u00f0slu af \u00fdmsu tagi sem og \u00e1byrg\u00f0 einstaklingsins \u00e1 eigin heilsu. Samhli\u00f0a \u00f6\u00f0rum vi\u00f0fangsefnum er l\u00f6g\u00f0 \u00e1hersla \u00e1 a\u00f0 styrkja samkennd nemenda og efla tj\u00e1ningarh\u00e6fni \u00feeirra og sj\u00e1lfstraust.", "knowledge_goals": ["sk\u00f3laumhverfinu og sk\u00f3lastarfinu \u00ed heild sinni", "n\u00e1msm\u00f6guleikum, n\u00e1mslei\u00f0um og \u00f3l\u00edkum starfsgreinum \u00ed samf\u00e9laginu", "hvernig undirb\u00faa skal og flytja munnleg erindi vi\u00f0 mismunandi a\u00f0st\u00e6\u00f0ur", "kostum heilbrig\u00f0s l\u00edfst\u00edls", "hva\u00f0 felst \u00ed \u00e1byrgri heg\u00f0un \u00ed umfer\u00f0inni", "\u00fev\u00ed hva\u00f0 einkennir g\u00f3\u00f0 samskipti almennt og \u00e1 samf\u00e9lagsmi\u00f0lum", "r\u00e9ttindum og skyldum \u00e1 vinnumarka\u00f0i", "grunnatri\u00f0um \u00ed fj\u00e1rm\u00e1lum einstaklinga"], "skills_goals": ["leita s\u00e9r uppl\u00fdsinga um \u00fe\u00e6r sto\u00f0ir sem \u00ed bo\u00f0i eru \u00ed sk\u00f3lanum", "sko\u00f0a n\u00e1msframbo\u00f0 og n\u00e1mslei\u00f0ir og tengja vi\u00f0 \u00e1hugasvi\u00f0", "undirb\u00faa m\u00e1l sitt og f\u00e6ra r\u00f6k fyrir sko\u00f0unum s\u00ednu og afst\u00f6\u00f0u", "afla s\u00e9r uppl\u00fdsinga um \u00fe\u00e1 \u00fe\u00e6tti \u00ed l\u00edfinu sem \u00e1hrif hafa \u00e1 heilbrig\u00f0i", "s\u00fdna \u00e1byrga heg\u00f0un \u00ed umfer\u00f0inni", "skipuleggja og bera \u00e1byrg\u00f0 \u00e1 eigin fj\u00e1rm\u00e1lum"], "credits": 2, "last_modified": 1421236604.963483, "schools": ["51234a418caa45ed97015b34"], "coauthors": null, "instructions": "", "continued_education": false, "level": 1, "prerequisites": "Engar", "author": "be449920-0f11-4afd-b29a-4f4c10d27d96", "abbreviation_version": null, "competence_goals": [["n\u00fdta s\u00e9r \u00fe\u00e6r sto\u00f0ir sem \u00ed bo\u00f0i eru \u00ed sk\u00f3lanum", ""], ["sk\u00fdra hvert hann stefnir og taka \u00e1byrg\u00f0 \u00e1 eigin n\u00e1mi og framt\u00ed\u00f0", ""], ["flytja m\u00e1l sitt", ""], ["greina h\u00e6ttur \u00ed umfer\u00f0inni til a\u00f0 vera \u00e1byrgur \u00f6kuma\u00f0ur", ""], ["taka uppl\u00fdstar \u00e1kvar\u00f0anir var\u00f0andi eigi\u00f0 l\u00edf og heilsu", ""], ["\u00fatsk\u00fdra eigin gildi var\u00f0andi samskipti almennt og \u00e1 samf\u00e9lagsmi\u00f0lum", ""], ["vera l\u00e6s \u00e1 fj\u00e1rm\u00e1l s\u00edn", ""], ["vera \u00e1byrgur og sj\u00e1lfst\u00e6\u00f0ur einstaklingur \u00e1 vinnumarka\u00f0i", ""]], "_id": "54b6597c62933a47e1000d5e"}, {"exemplary": null, "topics": "Heilbrig\u00f0 l\u00edkamsbeiting, l\u00e9ttit\u00e6ki, vinnut\u00e6kni, vinnuumhverfi", "abbreviation": "L\u00cdBE1HB01", "former_schools": null, "subject": "L\u00edkamsbeiting", "title": "L\u00edkamsbeiting", "version": 2, "status_trans": "Sam\u00feykkt af sk\u00f3la", "embedded_subject": {"abbreviation": "L\u00cdBE", "topics": [{"abbreviation": "HB", "topics": ["Heilbrig\u00f0 l\u00edkamsbeiting", "l\u00e9ttit\u00e6ki", "vinnut\u00e6kni", "vinnuumhverfi"]}], "_id": "518a667d62933a5f9b0042f6", "subjects": ["L\u00edkamsbeiting"], "counter": {"1": 1, "3": 0, "2": 0, "4": 0}}, "evaluation": "N\u00e1msmat er \u00fatf\u00e6rt \u00ed kennslu\u00e1\u00e6tlun \u00ed samr\u00e6mi vi\u00f0 sk\u00f3lan\u00e1mskr\u00e1", "categorization_suggestion": "", "embedded_topics": {"abbreviation": "HB", "topics": ["Heilbrig\u00f0 l\u00edkamsbeiting", "l\u00e9ttit\u00e6ki", "vinnut\u00e6kni", "vinnuumhverfi"]}, "status": "approved by school", "description": "\u00cd \u00e1fanganum er fjalla\u00f0 um vinnuumhverfi og \u00e1hrif \u00feess \u00e1 l\u00edkamlega og andlega l\u00ed\u00f0an. Fari\u00f0 er \u00ed l\u00edkamsvitund og l\u00edkamsbeitingu, vinnut\u00e6kni vi\u00f0 \u00f3l\u00edkar a\u00f0st\u00e6\u00f0ur og mismunandi st\u00f6rf. Fjalla\u00f0 er um lei\u00f0ir til a\u00f0 draga \u00far l\u00edkamlegu og andlegu \u00e1lagi vi\u00f0 vinnu. Nemandi leysir \u00fdmis verkefni, me\u00f0 og \u00e1n l\u00e9ttit\u00e6kja.", "knowledge_goals": ["\u00e1hrifum vinnuumhverfis \u00e1 starfsf\u00f3lk", "l\u00edkamsvitund og hreyfingu", "mismunandi vinnua\u00f0st\u00f6\u00f0u", "mismunandi beitingu l\u00edkamans vi\u00f0 \u00f3l\u00edk st\u00f6rf", "\u00fdmsum l\u00e9ttit\u00e6kjum sem draga \u00far l\u00edkamlegu \u00e1lagi og h\u00e6ttu \u00e1 \u00e1lagsmeinum", "\u00e1hrifum \u00e1lags og hv\u00edldar \u00e1 l\u00edkamann"], "skills_goals": ["skipuleggja vinnur\u00fdmi sitt me\u00f0 tilliti til g\u00f3\u00f0rar l\u00edkamsbeitingar og annarra \u00e1hrifa\u00fe\u00e1tta \u00ed vinnuumhverfi", "nota heppilega vinnut\u00e6kni", "n\u00fdta s\u00e9r l\u00e9ttit\u00e6ki til forvarnar"], "credits": 1, "last_modified": 1493388060.460365, "schools": ["51234a418caa45ed97015b34"], "coauthors": null, "instructions": "", "continued_education": false, "level": 1, "prerequisites": "", "author": "7ace0f7d-b13c-4859-8a67-02c15409e1c2", "abbreviation_version": null, "competence_goals": [["gera s\u00e9r grein fyrir \u00e1hrifum vinnunnar \u00e1 l\u00edkamann og mikilv\u00e6gi g\u00f3\u00f0rar l\u00edkamsbeitingar", ""], ["geta nota\u00f0 g\u00f3\u00f0a vinnut\u00e6kni og fundi\u00f0 lei\u00f0ir til a\u00f0 efla l\u00edkamsbeitingu og vinnut\u00e6kni", ""], ["geta greint aflei\u00f0ingar og einkenni rangrar l\u00edkamsbeitingar og vinnut\u00e6kni og fundi\u00f0 lei\u00f0ir til a\u00f0 verjast \u00feeim", ""], ["geta sj\u00e1lfur unni\u00f0 a\u00f0 eigin heilsueflingu og vell\u00ed\u00f0an me\u00f0 \u00fev\u00ed a\u00f0 nota r\u00e9tta l\u00edkamsbeitingu og vinnut\u00e6kni", ""], ["uppl\u00fdsa a\u00f0ra um kosti g\u00f3\u00f0rar l\u00edkamsbeitingar og vinnut\u00e6kni", ""]], "_id": "59034b1c62933a4e92048d20"}, {"exemplary": null, "topics": "Mengi, j\u00f6fnur, l\u00f3garitmar., margli\u00f0ur", "abbreviation": "ST\u00c6R2ML05", "former_schools": null, "subject": "st\u00e6r\u00f0fr\u00e6\u00f0i", "title": "R\u00famfr\u00e6\u00f0i, mengi, veldi, l\u00f3garitmar.", "version": 141, "status_trans": "Sam\u00feykkt af sk\u00f3la", "embedded_subject": {"abbreviation": "ST\u00c6R", "topics": [{"abbreviation": "FN", "topics": ["fylkjareikningur", "l\u00ednuleg bestun", "netafr\u00e6\u00f0i"]}, {"abbreviation": "HR", "topics": ["heildun", "ra\u00f0ir", "runur", "r\u00famm\u00e1l sn\u00fa\u00f0s"]}, {"abbreviation": "DF", "topics": ["deildun", "f\u00f6ll", "markgildi"]}, {"abbreviation": "TD", "topics": ["deildaj\u00f6fnur", "tvinnt\u00f6lur"]}, {"abbreviation": "HV", "topics": ["hornaf\u00f6ll", "vigrar"]}, {"abbreviation": "T\u00c1", "topics": ["t\u00f6lfr\u00e6\u00f0i", "\u00e1lyktunart\u00f6lfr\u00e6\u00f0i"]}, {"abbreviation": "LT", "topics": ["l\u00edkindareikningur", "talningafr\u00e6\u00f0i", "t\u00f6lfr\u00e6\u00f0i"]}, {"abbreviation": "AT", "topics": ["algebra", "j\u00f6fnur", "talnafr\u00e6\u00f0i"]}, {"abbreviation": "AF", "topics": ["algebra", "f\u00f6ll", "gr\u00f6f"]}, {"abbreviation": "HM", "topics": ["h\u00e1t\u00ed\u00f0isdagar", "merkisdagar"]}, {"abbreviation": "GS", "topics": ["grunna\u00f0ger\u00f0ir"]}, {"abbreviation": "VG", "topics": ["grunna\u00f0ger\u00f0ir", "ver\u00f0\u00fatreikningar"]}, {"abbreviation": "MU", "topics": ["m\u00e6lieiningar", "uppskriftir"]}, {"abbreviation": "HP", "topics": ["heimilisinnkaup"]}, {"abbreviation": "RD", "topics": ["d\u00e6mareikningur", "r\u00f6khugsun"]}, {"abbreviation": "VK", "topics": ["keilusni\u00f0", "vigrar"]}, {"abbreviation": "AL", "topics": ["algebra"]}, {"abbreviation": "HA", "topics": ["hagn\u00fdt st\u00e6r\u00f0fr\u00e6\u00f0i daglegs l\u00edfs"]}, {"abbreviation": "AX", "topics": ["f\u00f6ll og deildun"]}, {"abbreviation": "AN", "topics": ["hornafr\u00e6\u00f0i", "keilusni\u00f0", "vigrar"]}, {"abbreviation": "CT", "topics": ["t\u00f6lfr\u00e6\u00f0i og l\u00edkindafr\u00e6\u00f0i"]}, {"abbreviation": "BR", "topics": ["klass\u00edsk r\u00famfr\u00e6\u00f0i"]}, {"abbreviation": "BH", "topics": ["algebra", "b", "h", "margli\u00f0ur og fleygbogar"]}, {"abbreviation": "GN", "topics": ["grunn\u00e1fangi \u00e1 n\u00e1tt\u00faruv\u00edsindabraut"]}, {"abbreviation": "LH", "topics": ["hornaf\u00f6ll og vigrar o.fl.", "lotubundin f\u00f6ll"]}, {"abbreviation": "FH", "topics": ["grunn\u00e1fangi \u00e1 f\u00e9lags- og hugv\u00edsindabraut"]}, {"abbreviation": "T\u00d6", "topics": ["undirst\u00f6\u00f0uatri\u00f0i t\u00f6lfr\u00e6\u00f0i"]}, {"abbreviation": "VH", "topics": ["hornf\u00f6ll", "vigrar o.fl."]}, {"abbreviation": "FD", "topics": ["algengustu f\u00f6ll", "deildun \u00feeirra og helstu eiginleikar"]}, {"abbreviation": "\u00deR", "topics": ["\u00fer\u00edv\u00ed\u00f0 r\u00famfr\u00e6\u00f0i"]}, {"abbreviation": "SS", "topics": ["strj\u00e1l st\u00e6r\u00f0fr\u00e6\u00f0i"]}, {"abbreviation": "TF", "topics": ["\u00e1lyktunart\u00f6lfr\u00e6\u00f0i"]}, {"abbreviation": "UA", "topics": ["a", "upprifjun"]}, {"abbreviation": "UB", "topics": ["b", "undirb\u00faningur"]}, {"abbreviation": "HS", "topics": ["hagn\u00fdt", "st\u00e6r\u00f0fr\u00e6\u00f0i"]}, {"abbreviation": "TS", "topics": ["st\u00e6r\u00f0fr\u00e6\u00f0i", "t\u00f6luleg"]}, {"abbreviation": "AJ", "topics": ["algebra", "j\u00f6fnur"]}, {"abbreviation": "FJ", "topics": ["f\u00f6ll", "j\u00f6fnur"]}, {"abbreviation": "TL", "topics": ["l\u00edkindareikningur", "t\u00f6lfr\u00e6\u00f0i"]}, {"abbreviation": "DH", "topics": ["deildarj\u00f6fnur", "heildi"]}, {"abbreviation": "FA", "topics": ["aflei\u00f0ur", "ferlaranns\u00f3knir"]}, {"abbreviation": "RT", "topics": ["ranns\u00f3knir", "t\u00f6lfr\u00e6\u00f0i"]}, {"abbreviation": "Y\u00c1", "topics": ["yfirlit", "\u00e1fangi"]}, {"abbreviation": "SG", "topics": ["greining", "st\u00e6r\u00f0fr\u00e6\u00f0i"]}, {"abbreviation": "GR", "topics": ["grunn\u00e1fangi \u00ed st\u00e6r\u00f0fr\u00e6\u00f0i"]}, {"abbreviation": "MF", "topics": ["f\u00f6ll", "margli\u00f0ur"]}, {"abbreviation": "HO", "topics": ["hornafr\u00e6\u00f0i", "vigrar"]}, {"abbreviation": "DM", "topics": ["deildun", "markgildi"]}, {"abbreviation": "RH", "topics": ["heildun", "ra\u00f0ir", "runur"]}, {"abbreviation": "FT", "topics": ["brei\u00f0bogaf\u00f6ll", "fylkjareikningur", "tvinnt\u00f6lur"]}, {"abbreviation": "D\u00c6", "topics": ["d\u00e6gurd\u00e6mi"]}, {"abbreviation": "R\u00da", "topics": ["r\u00famfr\u00e6\u00f0i", "\u00fer\u00edv\u00eddd"]}, {"abbreviation": "D\u00d3", "topics": ["deildi", "\u00f3bein deildun. heildi og heildunara\u00f0fer\u00f0ir. fyrsta stigs deildaj\u00f6fnur."]}, {"abbreviation": "HT", "topics": ["2. stigs diffurj\u00f6fnur . runur og ra\u00f0ir", "hagn\u00fdting heildareiknings", "samleitnipr\u00f3f.", "tvinnt\u00f6lur"]}, {"abbreviation": "AG", "topics": ["r\u00famfr\u00e6\u00f0i", "t\u00f6lur og algebra"]}, {"abbreviation": "UN", "topics": ["undirb\u00fanings\u00e1fangi \u00ed st\u00e6r\u00f0fr\u00e6\u00f0i"]}, {"abbreviation": "FS", "topics": ["f\u00f6ll og r\u00f6kfr\u00e6\u00f0i", "st\u00e6r\u00f0fr\u00e6\u00f0i \u2013 talnafr\u00e6\u00f0i"]}, {"abbreviation": "L\u00c6", "topics": ["l\u00edkindafr\u00e6\u00f0i og fj\u00e1rm\u00e1lal\u00e6si", "t\u00f6lfr\u00e6\u00f0i"]}, {"abbreviation": "LE", "topics": ["t\u00f6lvugraf\u00edk og t\u00f6lvuleikir"]}, {"abbreviation": "BN", "topics": ["algebra", "b", "margli\u00f0ur og fleygbogar", "n"]}, {"abbreviation": "BX", "topics": ["algebra", "b", "fleygbogar", "lograr", "x"]}, {"abbreviation": "AH", "topics": ["algebra", "f\u00f6ll", "hornafr\u00e6\u00f0i", "margli\u00f0ur", "mengi"]}, {"abbreviation": "AR", "topics": ["algebra", "r\u00famfr\u00e6\u00f0i"]}, {"abbreviation": "JM", "topics": ["t\u00f6lur mengi  j\u00f6fnur r\u00f6kfr\u00e6\u00f0i talningarfr\u00e6\u00f0i"]}, {"abbreviation": "VI", "topics": ["vigrar hornaf\u00f6ll f\u00f6ll"]}, {"abbreviation": "DR", "topics": ["deildarj\u00f6fnu", "heildun", "runur og ra\u00f0ir"]}, {"abbreviation": "DE", "topics": ["deildun"]}, {"abbreviation": "HD", "topics": ["deildaj\u00f6fnun", "heildun", "ra\u00f0ir", "runur"]}, {"abbreviation": "HE", "topics": ["1.stigs deildarj\u00f6fnur.", "heildun", "runur og ra\u00f0ir"]}, {"abbreviation": "RF", "topics": ["r\u00famfr\u00e6\u00f0i"]}, {"abbreviation": "FO", "topics": ["forn\u00e1ms\u00e1fangi"]}, {"abbreviation": "AP", "topics": ["algengar reiknia\u00f0ger\u00f0ir", "peningar og m\u00e6lieiningar", "t\u00edmat\u00e1kn"]}, {"abbreviation": "SF", "topics": ["Forn\u00e1m \u00ed st\u00e6r\u00f0fr\u00e6\u00f0i"]}, {"abbreviation": "BB", "topics": ["Forn\u00e1m 2"]}, {"abbreviation": "RA", "topics": ["Algebra", "f\u00f6ll", "r\u00famfr\u00e6\u00f0i", "t\u00f6lfr\u00e6\u00f0i"]}, {"abbreviation": "L\u00c1", "topics": ["l\u00fdsandi t\u00f6lfr\u00e6\u00f0i", "t\u00f6flureiknir", "\u00e1lyktunart\u00f6lfr\u00e6\u00f0i"]}, {"abbreviation": "TJ", "topics": ["Almennur talnareikningur", "form\u00falur", "j\u00f6fnur", "pr\u00f3sentur"]}, {"abbreviation": "JH", "topics": ["J\u00f6fnur", "hlutf\u00f6ll", "hnitakerfi\u00f0", "talname\u00f0fer\u00f0"]}, {"abbreviation": "RV", "topics": ["hornafr\u00e6\u00f0i \u00fer\u00edhyrnings", "hornaf\u00f6ll", "vigrar"]}, {"abbreviation": "DT", "topics": ["deildaj\u00f6fnur", "heildi", "samleitni", "tvinnt\u00f6lur"]}, {"abbreviation": "DS", "topics": ["deildaj\u00f6fnur", "samleitni", "tvinnt\u00f6lur"]}, {"abbreviation": "\u00deV", "topics": ["keilusni\u00f0", "vigrar", "\u00fer\u00edv\u00ed\u00f0 r\u00famfr\u00e6\u00f0i"]}, {"abbreviation": "FG", "topics": ["algebra", "f\u00f6ll", "gr\u00f6f", "veldi og r\u00e6tur"]}, {"abbreviation": "CX", "topics": ["f\u00f6ll og deildun fyri M\u00c1L og F\u00c9L"]}, {"abbreviation": "A\u00de", "topics": ["a", "\u00ferautalausnir"]}, {"abbreviation": "C\u00de", "topics": ["\u00derautalausnir"]}, {"abbreviation": "DN", "topics": ["algebra", "margli\u00f0ur og fleygbogar"]}, {"abbreviation": "UT", "topics": ["t\u00f6lfr\u00e6\u00f0i"]}, {"abbreviation": "OJ", "topics": ["t\u00f6lugildi og j\u00f6fnuhneppi", "\u00f3j\u00f6fnur"]}, {"abbreviation": "RG", "topics": ["R\u00famfr\u00e6\u00f0i me\u00f0 GeoGebru"]}, {"abbreviation": "HG", "topics": ["hagn\u00fdt st\u00e6r\u00f0fr\u00e6\u00f0i"]}, {"abbreviation": "AA", "topics": ["algengar reiknia\u00f0ger\u00f0ir"]}, {"abbreviation": "HL", "topics": ["Heildun"]}, {"abbreviation": "FM", "topics": ["F\u00f6ll", "markgildi og deildun algengustu falla"]}, {"abbreviation": "SH", "topics": ["St\u00e6r\u00f0fr\u00e6\u00f0igreining", "deildaj\u00f6fnur", "heildun", "runur og ra\u00f0ir"]}, {"abbreviation": "MA", "topics": ["Mengi", "algebra"]}, {"abbreviation": "HK", "topics": ["Hornaf\u00f6ll", "keilusni\u00f0", "vigrar"]}, {"abbreviation": "RM", "topics": ["R\u00famfr\u00e6\u00f0i"]}, {"abbreviation": "AB", "topics": ["almenn brot"]}, {"abbreviation": "RR", "topics": ["Hagn\u00fdting heildareiknings", "runur og ra\u00f0ir"]}, {"abbreviation": "HB", "topics": ["Hnit og b\u00f3kstafareikningur"]}, {"abbreviation": "RU", "topics": ["R\u00famfr\u00e6\u00f0i og hornaf\u00f6ll"]}, {"abbreviation": "VJ", "topics": ["Veldi og j\u00f6fnur"]}, {"abbreviation": "GA", "topics": ["Grunna\u00f0ger\u00f0ir algebru"]}, {"abbreviation": "AD", "topics": ["algebra", "brot", "hlutfallareikningur"]}, {"abbreviation": "B\u00c1", "topics": ["Br\u00faar\u00e1fangi"]}, {"abbreviation": "SB", "topics": ["St\u00e6r\u00f0fr\u00e6\u00f0ibr\u00fa"]}, {"abbreviation": "SL", "topics": ["St\u00e6r\u00f0fr\u00e6\u00f0il\u00edk\u00f6n"]}, {"abbreviation": "ST", "topics": ["St\u00e6r\u00f0fr\u00e6\u00f0igrunnur", "f\u00f6ll og  hnitakerfi", "j\u00f6fnur", "r\u00famfr\u00e6\u00f0i"]}, {"abbreviation": "MV", "topics": ["Mengi", "hornaf\u00f6ll", "talningarfr\u00e6\u00f0i", "vigrar og keilusni\u00f0"]}, {"abbreviation": "FF", "topics": ["F\u00f6ll og ferlar"]}, {"abbreviation": "MD", "topics": ["F\u00f6ll", "margli\u00f0udeiling", "markgildi og deildun algengustu falla"]}, {"abbreviation": "SR", "topics": ["St\u00e6r\u00f0fr\u00e6\u00f0igreining", "fylkjareikningur", "heildun", "l\u00ednuleg bestun", "runur og ra\u00f0ir", "\u00ferepasannanir og margv\u00ed\u00f0 f\u00f6ll"]}, {"abbreviation": "HN", "topics": ["hnitakerfi"]}, {"abbreviation": "JF", "topics": ["f\u00f6ll", "j\u00f6fnur og \u00f3j\u00f6fnur", "l\u00edkindareikningur og t\u00f6lfr\u00e6\u00f0i", "rauntalnakerfi"]}, {"abbreviation": "LF", "topics": ["F\u00f6ll og ferlar - l\u00ednur og fleygbogar"]}, {"abbreviation": "R\u00d6", "topics": ["R\u00f6k og mengi"]}, {"abbreviation": "F\u00d6", "topics": ["F\u00f6ll", "ferlar", "fleygbogar", "keilusni\u00f0 og hornaf\u00f6ll", "l\u00ednur"]}, {"abbreviation": "MG", "topics": ["Markgildi og aflei\u00f0ur"]}, {"abbreviation": "JR", "topics": ["AJ", "BR"]}, {"abbreviation": "PV", "topics": ["aflei\u00f0ur", "lograr", "pr\u00f3sentur", "vaxtareikningur"]}, {"abbreviation": "FV", "topics": ["Heildun falla", "flatarm\u00e1l og r\u00famm\u00e1l"]}, {"abbreviation": "VS", "topics": ["Vi\u00f0skipta st\u00e6r\u00f0fr\u00e6\u00f0i"]}, {"abbreviation": "BT", "topics": ["B\u00f3kstafareikningur og talnal\u00e6si"]}, {"abbreviation": "XY", "topics": ["Algebra", "hnitakerfi\u00f0", "hornaf\u00f6ll.", "r\u00famfr\u00e6\u00f0i"]}, {"abbreviation": "XZ", "topics": ["Algebra", "hnitakerfi\u00f0", "hornaf\u00f6ll.", "j\u00f6fnur", "r\u00famfr\u00e6\u00f0i"]}, {"abbreviation": "TV", "topics": ["T\u00f6lfr\u00e6\u00f0i", "talningar", "vi\u00f0skipti."]}, {"abbreviation": "\u00c1T", "topics": ["T\u00f6lfr\u00e6\u00f0i", "\u00e1lyktunart\u00f6lfr\u00e6\u00f0i"]}, {"abbreviation": "TT", "topics": ["Algebra", "talningafr\u00e6\u00f0i", "t\u00f6lfr\u00e6\u00f0i og l\u00edkindareikningur"]}, {"abbreviation": "GH", "topics": ["algebra", "forgangsr\u00f6\u00f0 a\u00f0ger\u00f0a", "hnitakerfi"]}, {"abbreviation": "SI", "topics": ["St\u00e6r\u00f0fr\u00e6\u00f0i 1 \u00e1 starfsbraut"]}, {"abbreviation": "SJ", "topics": ["St\u00e6r\u00f0fr\u00e6\u00f0i 2 \u00e1 starfsbraut"]}, {"abbreviation": "SK", "topics": ["St\u00e6r\u00f0fr\u00e6\u00f0i 3 \u00e1 starfsbraut"]}, {"abbreviation": "GF", "topics": ["Grunn\u00e1fangi \u00ed st\u00e6r\u00f0fr\u00e6\u00f0i \u00e1 f\u00e9lagsv\u00edsindabraut"]}, {"abbreviation": "G\u00c1", "topics": ["Grunn\u00e1fangi \u00ed st\u00e6r\u00f0fr\u00e6\u00f0i \u00e1 n\u00e1tt\u00faruv\u00edsindabraut"]}, {"abbreviation": "DD", "topics": ["D\u00e6gurd\u00e6mi"]}, {"abbreviation": "FL", "topics": ["ST\u00c6R"]}, {"abbreviation": "HH", "topics": ["Hlutf\u00f6ll", "hornaf\u00f6ll"]}, {"abbreviation": "DL", "topics": ["Peningar", "t\u00edmahugt\u00f6k", "ver\u00f0gildi"]}, {"abbreviation": "PI", "topics": ["Peningar", "innkaup", "ver\u00f0mi\u00f0ar"]}, {"abbreviation": "PH", "topics": ["Peningar", "heimilisb\u00f3khald", "tekjur og \u00fatgj\u00f6ld"]}, {"abbreviation": "PR", "topics": ["Pr\u00f3sentureikningur"]}, {"abbreviation": "TG", "topics": ["Talnagildi"]}, {"abbreviation": "MH", "topics": ["F\u00f6ll", "fleygbogar", "hornaf\u00f6ll", "margli\u00f0ur"]}, {"abbreviation": "VR", "topics": ["Vigrar", "r\u00famfr\u00e6\u00f0i"]}, {"abbreviation": "CQ", "topics": ["f\u00f6ll og deildun. Annar \u00e1fangi"]}, {"abbreviation": "JV", "topics": ["2. stigs j\u00f6fnur", "hnitakerfi\u00f0 og algebrubrot", "v\u00edsif\u00f6ll"]}, {"abbreviation": "HI", "topics": ["Heildun og deildarj\u00f6fnur"]}, {"abbreviation": "BQ", "topics": ["Algebra", "brot", "fleygbogar og lograr"]}, {"abbreviation": "CC", "topics": ["Vigrar og hornaf\u00f6ll"]}, {"abbreviation": "EE", "topics": ["Heildun", "diffurj\u00f6fnur", "runur og ra\u00f0ir"]}, {"abbreviation": "FU", "topics": ["Heildun", "tvinnt\u00f6lur og diffurj\u00f6fnur"]}, {"abbreviation": "ES", "topics": ["Strj\u00e1l st\u00e6r\u00f0fr\u00e6\u00f0i"]}, {"abbreviation": "EL", "topics": ["L\u00ednuleg algebra"]}, {"abbreviation": "AM", "topics": ["Algebra", "f\u00f6ll og mengi"]}, {"abbreviation": "P\u00de", "topics": ["lausn jafna", "pr\u00f3sentureikningur", "r\u00famfr\u00e6\u00f0i", "talnareikningur"]}, {"abbreviation": "MM", "topics": ["fleygbogar", "hnitakerfi\u00f0", "margli\u00f0ur", "mengi"]}, {"abbreviation": "\u00deA", "topics": ["algebra", "hlutf\u00f6ll", "veldi", "\u00fer\u00edhyrningar"]}, {"abbreviation": "VA", "topics": ["Vi\u00f0skiptareikningur"]}, {"abbreviation": "HJ", "topics": ["hnitakerfi", "j\u00f6fnur", "margli\u00f0ur"]}, {"abbreviation": "YM", "topics": ["fylkjareikningur", "hagn\u00fdting \u00e1 diffurreikningi", "tvinnt\u00f6lureikningar"]}, {"abbreviation": "BD", "topics": ["brei\u00f0bogaf\u00f6ll", "diffurj\u00f6fnur", "fylki"]}, {"abbreviation": "DV", "topics": ["Diffrun", "f\u00f6ll", "v\u00edsis- og lograf\u00f6ll"]}, {"abbreviation": "VD", "topics": ["diffrun", "vigrar"]}, {"abbreviation": "HF", "topics": ["diffurj\u00f6fnur", "fylgi", "heildun", "r\u00famfr\u00e6\u00f0i"]}, {"abbreviation": "MJ", "topics": ["2. stigs j\u00f6fnur og \u00f3j\u00f6fnur", "Mengjareikningur", "gr\u00f6f", "margli\u00f0ur og l\u00f3garitma.", "veldi og r\u00e6tur"]}, {"abbreviation": "ML", "topics": ["Mengi", "j\u00f6fnur", "l\u00f3garitmar.", "margli\u00f0ur"]}, {"abbreviation": "KV", "topics": ["Vigrar", "hnitar\u00famfr\u00e6\u00f0i og r\u00f6kfr\u00e6\u00f0i.", "hornaf\u00f6ll", "keilusni\u00f0"]}, {"abbreviation": "DI", "topics": ["Heildun", "diffurj\u00f6fnur."]}, {"abbreviation": "HU", "topics": ["Heildun", "ra\u00f0ir og diffurj\u00f6fnur", "runur"]}, {"abbreviation": "F\u00c9", "topics": ["grunn\u00e1fangi \u00e1 f\u00e9lagsv\u00edsindabraut"]}, {"abbreviation": "TR", "topics": ["diffurj\u00f6fnur", "fylki", "r\u00famfr\u00e6\u00f0i", "tegurreikningur", "tvinnt\u00f6lur"]}, {"abbreviation": "MS", "topics": ["Maclaurin-li\u00f0un og samleitni"]}, {"abbreviation": "TH", "topics": ["T\u00f6lfr\u00e6\u00f0i", "l\u00edkindi og tilg\u00e1tupr\u00f3fun"]}, {"abbreviation": "JG", "topics": ["ar\u00f0semi", "gengi", "jafngrei\u00f0slura\u00f0ir", "vaxtareikningur"]}, {"abbreviation": "IR", "topics": ["I\u00f0nreikningur"]}, {"abbreviation": "DA", "topics": ["F\u00f6ll", "deildun og v\u00edsis- og lograf\u00f6ll", "markgildi"]}, {"abbreviation": "DB", "topics": ["F\u00f6ll", "deildun", "markgildi", "v\u00edsis- og lograf\u00f6ll"]}, {"abbreviation": "L\u00cd", "topics": ["St\u00e6r\u00f0fr\u00e6\u00f0ileg l\u00edk\u00f6n fyrir hug- og f\u00e9lagsv\u00edsindagreinar"]}, {"abbreviation": "GT", "topics": ["T\u00f6lvuleikjast\u00e6r\u00f0fr\u00e6\u00f0i", "forritun og t\u00f6lvugraf\u00edk"]}, {"abbreviation": "MB", "topics": ["Mengi", "annars stigs j\u00f6fnur", "brot", "margli\u00f0ur og hnitar\u00famfr\u00e6\u00f0i"]}, {"abbreviation": "YS", "topics": ["Yfirlits\u00e1fangi \u00ed st\u00e6r\u00f0fr\u00e6\u00f0i"]}, {"abbreviation": "VF", "topics": ["Vi\u00f0skipti og f\u00f6ll"]}, {"abbreviation": "TP", "topics": ["T\u00f6lfr\u00e6\u00f0ipr\u00f3f"]}, {"abbreviation": "SD", "topics": ["St\u00e6r\u00f0fr\u00e6\u00f0i \u00ed daglega l\u00edfinu"]}, {"abbreviation": "BP", "topics": ["Brei\u00f0bogaf\u00f6ll", "p\u00f3lhnitakerfi og tvinnt\u00f6lur"]}, {"abbreviation": "XX", "topics": ["Algebra", "r\u00famfr\u00e6\u00f0i", "t\u00f6lfr\u00e6\u00f0i"]}, {"abbreviation": "FR", "topics": ["Fj\u00e1rm\u00e1lal\u00e6si", "gr\u00f6f og f\u00f6ll", "t\u00f6lfr\u00e6\u00f0i"]}, {"abbreviation": "BA", "topics": ["Talname\u00f0fer\u00f0", "fr\u00e1dr\u00e1ttur", "margfeldi og deiling talna. Brotareikningur.", "samlagning"]}, {"abbreviation": "AU", "topics": ["Undirb\u00fanings\u00e1fangi i st\u00e6r\u00f0fr\u00e6\u00f0i fyrir fyrsta \u00e1fanga \u00e1 \u00f6\u00f0ru \u00ferepi"]}, {"abbreviation": "LV", "topics": ["Lotubundin f\u00f6ll", "hornafallareglur", "hornaf\u00f6ll", "j\u00f6fnur l\u00edna og hringa", "vigrar"]}, {"abbreviation": "VV", "topics": ["F\u00f6ll", "markgildi og aflei\u00f0ur"]}, {"abbreviation": "YF", "topics": ["Brei\u00f0bogaf\u00f6ll", "heildun og fylki. Yfirlits\u00e1fangi.", "tvinnt\u00f6lur"]}, {"abbreviation": "VM", "topics": ["Mengi", "hnitakerfi", "hornaf\u00f6ll", "veldi og 2. stigs j\u00f6fnur"]}, {"abbreviation": "GM", "topics": ["grunn\u00e1fangi \u00ed st\u00e6r\u00f0fr\u00e6\u00f0i fyrir matv\u00e6lagreinar og hugv\u00edsindi"]}, {"abbreviation": "J\u00da", "topics": ["Algebra", "flatarm\u00e1l", "j\u00f6fnur", "r\u00famm\u00e1l"]}, {"abbreviation": "PT", "topics": ["Talnareikningur", "hlutf\u00f6ll", "pr\u00f3sentur", "veldi og t\u00f6lfr\u00e6\u00f0i"]}, {"abbreviation": "RJ", "topics": ["Talnareikningur", "j\u00f6fnur og r\u00famfr\u00e6\u00f0i"]}, {"abbreviation": "N\u00c1", "topics": ["St\u00e6r\u00f0fr\u00e6\u00f0i n\u00e1tt\u00faruv\u00edsinda"]}, {"abbreviation": "GE", "topics": ["Form og mynstur"]}, {"abbreviation": "VL", "topics": ["V\u00edsindi og listir"]}, {"abbreviation": "SM", "topics": ["Strj\u00e1l st\u00e6r\u00f0fr\u00e6\u00f0i", "runur og ra\u00f0ir"]}, {"abbreviation": "AV", "topics": ["Algebra", "veldi og hnit"]}, {"abbreviation": "\u00deT", "topics": ["T\u00f6lvustudd st\u00e6r\u00f0fr\u00e6\u00f0i", "\u00ferautalausnir"]}, {"abbreviation": "VE", "topics": ["Verslunarreikningur"]}, {"abbreviation": "FB", "topics": ["Fylki og l\u00ednuleg bestun"]}, {"abbreviation": "TA", "topics": ["Talnareikningur og algebra"]}, {"abbreviation": "KS", "topics": ["Kvik st\u00e6r\u00f0fr\u00e6\u00f0i"]}, {"abbreviation": "IA", "topics": ["Talnareikningur", "algebrugrunnur og hnitakerfi\u00f0"]}, {"abbreviation": "IB", "topics": ["Algebra", "flatarm\u00e1l og r\u00famm\u00e1l", "j\u00f6fnur"]}, {"abbreviation": "DP", "topics": ["Peninga", "t\u00edmahugt\u00f6k", "ver\u00f0gildi"]}, {"abbreviation": "\u00d0P", "topics": ["Ver\u00f0gildi", "peningar"]}, {"abbreviation": "EP", "topics": ["T\u00edmahugt\u00f6k"]}, {"abbreviation": "\u00c9P", "topics": ["St\u00e6r\u00f0fr\u00e6\u00f0ileg hugt\u00f6k"]}, {"abbreviation": "FP", "topics": ["Heimilisb\u00f3khald", "gj\u00f6ld", "peningar", "tekjur"]}, {"abbreviation": "GP", "topics": ["T\u00f6lur og gildi \u00feeirra"]}, {"abbreviation": "GB", "topics": ["Grunna\u00f0ger\u00f0ir", "brot", "peninga\u00fej\u00e1lfun", "pr\u00f3sentur"]}, {"abbreviation": "BM", "topics": ["Brot og m\u00e6lingar"]}, {"abbreviation": "EF", "topics": ["Eigin fj\u00e1rm\u00e1l", "fj\u00e1rm\u00e1lal\u00e6si"]}], "_id": "50c0a02dd8e40575f7f6f490", "subjects": ["st\u00e6r\u00f0fr\u00e6\u00f0i"], "counter": {"1": 80, "3": 116, "2": 140, "4": 10}}, "evaluation": "N\u00e1msmat er \u00fatf\u00e6rt \u00ed kennslu\u00e1\u00e6tlun \u00ed samr\u00e6mi vi\u00f0 sk\u00f3lan\u00e1mskr\u00e1", "categorization_suggestion": "", "embedded_topics": {"abbreviation": "ML", "topics": ["Mengi", "j\u00f6fnur", "l\u00f3garitmar.", "margli\u00f0ur"]}, "status": "approved by school", "description": "\u00cd \u00e1fanganum  ver\u00f0ur fari\u00f0 \u00ed grunnuppbyggingu st\u00e6r\u00f0fr\u00e6\u00f0innar, sannanir, r\u00famfr\u00e6\u00f0i flatarins, \u00fer\u00edhyrningar, hringir, horn, hornaf\u00f6ll, hnitareikning, mengjareikning, veldi og r\u00e6tur, brot, margli\u00f0ur og l\u00f3garitma.", "knowledge_goals": ["grunnuppbyggingu st\u00e6r\u00f0fr\u00e6\u00f0innar", "r\u00famfr\u00e6\u00f0i \u00ed fletinum", "hornaf\u00f6llum \u00ed r\u00e9tthyrndum \u00fer\u00edhyrningi", "hnitakerfi og beinni l\u00ednu", "velda- og r\u00f3tarreikningi", "to\u0308lum, mengjum og algebru", "algengum reiknireglum og algebrubrotum", "margli\u00f0um", "logaritma"], "skills_goals": ["nota hornaf\u00f6ll", "nota t\u00e1knm\u00e1l st\u00e6r\u00f0fr\u00e6\u00f0innar", "nota reikniv\u00e9l vi\u00f0 lausn \u00feeirra verkefna sem tilheyra \u00e1fanganum", "deila margli\u00f0udeilingu", "nota veldareglur", "beita mengjaa\u00f0ger\u00f0um", "me\u00f0h\u00f6ndla brot", "beita st\u00e6r\u00f0fr\u00e6\u00f0ilegri framsetningu"], "credits": 5, "last_modified": 1455806142.47599, "schools": ["51234a418caa45ed97015b34"], "coauthors": null, "instructions": "", "continued_education": false, "level": 2, "prerequisites": "H\u00e6fnieinkunn B \u00far grunnsk\u00f3la e\u00f0a ST\u00c6R2VM05 e\u00f0a yfir 9 \u00ed einkunn \u00ed ST\u00c6R1RJ05", "author": "c24ad865-d871-49f5-a196-facc9b6600e3", "abbreviation_version": null, "competence_goals": [["nota j\u00f6fnur vi\u00f0 lausn \u00fdmissa r\u00famfr\u00e6\u00f0iverkefna", ""], ["nota hornaf\u00f6ll", ""], ["nota hnitakerfi", ""], ["vinna me\u00f0 margli\u00f0ur", ""], ["nota l\u00f3garitmareglur", ""], ["beita skipulegum a\u00f0fer\u00f0um vi\u00f0 leit a\u00f0 lausn verkefna og geta \u00fatsk\u00fdrt a\u00f0fer\u00f0ir s\u00ednar", ""], ["fylgja r\u00f6ksemdaf\u00e6rslum og skilja \u00fe\u00e6r", ""]], "_id": "56c5d6be62933a0316000520"}, {"exemplary": null, "topics": "fj\u00f6lskylduhj\u00fakrun, ge\u00f0hj\u00fakrun", "abbreviation": "HJ\u00daK3FG05", "former_schools": null, "subject": "Hj\u00fakrun, grunnur", "title": "Samf\u00e9lagshj\u00fakrun", "version": 6, "status_trans": "Sam\u00feykkt af sk\u00f3la", "embedded_subject": {"abbreviation": "HJ\u00daK", "topics": [{"abbreviation": "AG", "topics": ["Almennur", "grunnur"]}, {"abbreviation": "HM", "topics": ["Hjarta", "melting"]}, {"abbreviation": "TV", "topics": ["taugakerfi", "verkir"]}, {"abbreviation": "\u00d6H", "topics": ["hugmyndafr\u00e6\u00f0i", "\u00f6ldrun"]}, {"abbreviation": "FG", "topics": ["fj\u00f6lskylduhj\u00fakrun", "ge\u00f0hj\u00fakrun"]}, {"abbreviation": "LO", "topics": ["lokaverkefni"]}], "_id": "5384f8a262933a13a1000b1e", "subjects": ["Hj\u00fakrun", "grunnur"], "counter": {"1": 3, "3": 5, "2": 5, "4": 0}}, "evaluation": "N\u00e1msmat er \u00fatf\u00e6rt \u00ed kennslu\u00e1\u00e6tlun \u00ed samr\u00e6mi vi\u00f0 sk\u00f3lan\u00e1mskr\u00e1", "categorization_suggestion": "", "embedded_topics": {"abbreviation": "FG", "topics": ["fj\u00f6lskylduhj\u00fakrun", "ge\u00f0hj\u00fakrun"]}, "status": "approved by school", "description": "\u00cd \u00e1fanganum er fjalla\u00f0 um hugt\u00f6k og kenningar \u00ed fj\u00f6lskyldu- og ge\u00f0hj\u00fakrun \u00e1samt heimahj\u00fakrun og heilsug\u00e6slu. Fari\u00f0 er \u00ed kenningar um \u00feroskaferil fj\u00f6lskyldunnar, \u00fearfir og verkefni fj\u00f6lskyldume\u00f0lima \u00e1 \u00fdmsum \u00feroskastigum. Fari\u00f0 er \u00ed hugmyndafr\u00e6\u00f0i heilsueflingar og hj\u00fakrunarvi\u00f0fangsefni \u00ed tengslum vi\u00f0 fj\u00f6lskyldu- og heimahj\u00fakrun. Fjalla\u00f0 er um algengar ge\u00f0raskanir, hj\u00fakrun, forvarnir og endurh\u00e6fingu ge\u00f0sj\u00fakra me\u00f0 \u00e1herslu \u00e1 fj\u00f6lskyldumi\u00f0a\u00f0a n\u00e1lgun. \u00c1hersla er l\u00f6g\u00f0 \u00e1 a\u00f0 nemandinn kynnist mikilv\u00e6gi ge\u00f0hj\u00fakrunar \u00e1 hinum \u00fdmsu svi\u00f0um heilbrig\u00f0is\u00fej\u00f3nustunnar. \n\u00cd \u00e1fanganum er l\u00f6g\u00f0 \u00e1hersla \u00e1 tengingu fr\u00e6\u00f0ilegrar \u00feekkingar vi\u00f0 skipulagningu og framkv\u00e6md hj\u00fakrunar. ", "knowledge_goals": ["hugt\u00f6kum og kenningum \u00ed fj\u00f6lskyldu- og ge\u00f0hj\u00fakrun", "hlutverki heilsug\u00e6slu og heimahj\u00fakrunar \u00ed samf\u00e9laginu", "hugmyndafr\u00e6\u00f0i \u00feroska- og fj\u00f6lskyldukenninga", "heilsueflingu og forv\u00f6rnum", "einkennum og hj\u00fakrunarme\u00f0fer\u00f0um algengra ge\u00f0raskanna og f\u00edknisj\u00fakd\u00f3ma"], "skills_goals": ["l\u00fdsa \u00e1hrifum veikinda einstaklings \u00e1 fj\u00f6lskylduna", "hj\u00fakra einstaklingum me\u00f0 ge\u00f0raskanir og f\u00edknisj\u00fakd\u00f3ma", "beita \u00feekkingu sinni \u00ed samvinnu vi\u00f0 a\u00f0rar fagst\u00e9ttir", "lei\u00f0beina og fr\u00e6\u00f0a a\u00f0ra um heilsueflingu og forvarnir", "nota kenningar og hugt\u00f6k innan fj\u00f6lskylduhj\u00fakrunar \u00ed raunverulegum verkefnum", "l\u00fdsa einkennum algengra ge\u00f0raskanna og f\u00edknisj\u00fakd\u00f3ma", "nota vi\u00f0urkenndar hj\u00fakrunarme\u00f0fer\u00f0ir \u00ed fj\u00f6lskyldu- og ge\u00f0hj\u00fakrun"], "credits": 5, "last_modified": 1493731256.388016, "schools": ["51234a418caa45ed97015b34"], "coauthors": null, "instructions": "", "continued_education": false, "level": 3, "prerequisites": "HJ\u00daK3TV05", "author": "7ace0f7d-b13c-4859-8a67-02c15409e1c2", "abbreviation_version": null, "competence_goals": [["t\u00falka helstu kenningar og hugt\u00f6k innan fj\u00f6lskyldu- og ge\u00f0hj\u00fakrunar", ""], ["\u00fatsk\u00fdra hlutverk heima- og heilsug\u00e6sluhj\u00fakrunar", ""], ["bera saman hugmyndafr\u00e6\u00f0i mismunandi \u00feroska- og fj\u00f6lskyldukenninga", ""], ["vera \u00fe\u00e1tttakandi \u00ed heilsueflingu og forv\u00f6rnum \u00ed samf\u00e9laginu", ""], ["r\u00f6ksty\u00f0ja hj\u00fakrunarme\u00f0fer\u00f0ir \u00ed heima- og heilsug\u00e6sluhj\u00fakrun", ""]], "_id": "590887b862933a4e9204ba02"}, {"exemplary": null, "topics": "samskipti, sj\u00e1lfsstyrking, tj\u00e1skiptareglur", "abbreviation": "SASK2SS05", "former_schools": null, "subject": "Samskipti", "title": "Samskipti", "version": 6, "status_trans": "Sam\u00feykkt af sk\u00f3la", "embedded_subject": {"abbreviation": "SASK", "topics": [{"abbreviation": "SS", "topics": ["samskipti", "sj\u00e1lfsstyrking", "tj\u00e1skiptareglur"]}, {"abbreviation": "SA", "topics": ["Samskipti"]}, {"abbreviation": "SH", "topics": ["Sj\u00e1lfstraust", "h\u00f3pefli", "samskipti"]}, {"abbreviation": "FS", "topics": ["Samskiptah\u00e6fni", "forysta", "framkoma", "starfs\u00e1n\u00e6gja", "streituvaldar"]}, {"abbreviation": "H\u00c1", "topics": ["hlustun", "li\u00f0sheild", "samtalst\u00e6kni", "\u00e1lag"]}], "_id": "51801bec62933a5f9b0038d8", "subjects": ["Samskipti"], "counter": {"1": 1, "3": 0, "2": 5, "4": 0}}, "evaluation": "N\u00e1msmat er \u00fatf\u00e6rt \u00ed kennslu\u00e1\u00e6tlun \u00ed samr\u00e6mi vi\u00f0 sk\u00f3lan\u00e1mskr\u00e1", "categorization_suggestion": "", "embedded_topics": {"abbreviation": "SS", "topics": ["samskipti", "sj\u00e1lfsstyrking", "tj\u00e1skiptareglur"]}, "status": "approved by school", "description": "\u00cd \u00e1fanganum er fjalla\u00f0 um mikilv\u00e6gi  g\u00f3\u00f0ra samskipta milli  manna. Fjalla\u00f0 er um  mikilv\u00e6gi samkenndar, jafnr\u00e9ttis, mannvir\u00f0ingar og mannr\u00e9ttinda \u00ed samskiptum. Fari\u00f0 er \u00ed eflandi samskipti  sem byggja \u00e1 vir\u00f0ingu og ford\u00f3maleysi \u00e1 jafnr\u00e9ttisgrundvelli. Fjalla\u00f0 er um \u00e1hrif \u00f3l\u00edkra menningarheima og tj\u00e1skiptareglna \u00e1 m\u00f3tun samskipta einstaklinga, h\u00f3pa og \u00fej\u00f3\u00f0a. Fari\u00f0 er \u00ed \u00e1hrif sj\u00e1lfsmyndar og sj\u00e1lfstrausts \u00e1 samskipti og hva\u00f0 heilbrig\u00f0isstarfsmenn \u00feurfa a\u00f0 hafa \u00ed huga \u00ed  samskiptum vi\u00f0 skj\u00f3lst\u00e6\u00f0inga, samstarfsf\u00f3lk og a\u00f0standendur. ", "knowledge_goals": ["mikilv\u00e6gi g\u00f3\u00f0ra samskipta", "mikilv\u00e6gi eflandi samskipta,  sem byggja \u00e1 vir\u00f0ingu, samkennd, ford\u00f3maleysi og jafnr\u00e9tti", "\u00e1hrifum \u00f3l\u00edkra menningarheima \u00e1 samskipti", "\u00e1hrifum sj\u00e1lfsmyndar og sj\u00e1lfskilnings \u00e1 samskipti", "a\u00f0st\u00e6\u00f0um sem geta haft \u00e1hrif \u00e1 samskipti", "hvernig heilbrig\u00f0isstarfsmenn geta nota\u00f0 samskipti \u00e1 \u00e1rangursr\u00edkan h\u00e1tt"], "skills_goals": ["setja sig \u00ed spor annarra \u00ed samskiptum", "s\u00fdna samkennd, vir\u00f0ingu  og ford\u00f3maleysi \u00ed samskiptum", "nota samskiptareglur og vi\u00f0talst\u00e6kni \u00e1 \u00e1hrifar\u00edkan h\u00e1tt \u00ed samskiptum", "l\u00e6ra af eigin samskiptum og annarra"], "credits": 5, "last_modified": 1493388542.534191, "schools": ["51234a418caa45ed97015b34"], "coauthors": null, "instructions": "", "continued_education": false, "level": 2, "prerequisites": "", "author": "7ace0f7d-b13c-4859-8a67-02c15409e1c2", "abbreviation_version": null, "competence_goals": [["eiga g\u00f3\u00f0 samskipti vi\u00f0 anna\u00f0 f\u00f3lk  \u00e1n tillits til st\u00f6\u00f0u, aldurs e\u00f0a \u00fej\u00f3\u00f0ernis", ""], ["eiga fars\u00e6l samskipti vi\u00f0 skj\u00f3lst\u00e6\u00f0inga og samstarfsf\u00f3lk \u00ed starfi", ""], ["leysa samskiptaerfi\u00f0leika af \u00feekkingu og vir\u00f0ingu fyrir sj\u00f3narmi\u00f0um allra hluta\u00f0eigandi", ""]], "_id": "59034cfe62933a4e92048d8c"}, {"exemplary": null, "topics": "fr\u00e6\u00f0ihugmyndir, heilbrig\u00f0is\u00fej\u00f3nusta, samskipti", "abbreviation": "SI\u00d0F2SF05", "former_schools": null, "subject": "si\u00f0fr\u00e6\u00f0i", "title": "SI\u00f0fr\u00e6\u00f0i heilbrig\u00f0isst\u00e9tta", "version": 2, "status_trans": "Sam\u00feykkt af sk\u00f3la", "embedded_subject": {"abbreviation": "SI\u00d0F", "topics": [{"abbreviation": "IN", "topics": ["inngangur a\u00f0 si\u00f0fr\u00e6\u00f0i"]}, {"abbreviation": "GH", "topics": ["gagnr\u00fdnin hugsun og si\u00f0fr\u00e6\u00f0i"]}, {"abbreviation": "SS", "topics": ["si\u00f0fer\u00f0ileg ver\u00f0m\u00e6ti", "si\u00f0fer\u00f0ileg \u00e1litam\u00e1l"]}, {"abbreviation": "SF", "topics": ["fr\u00e6\u00f0ihugmyndir", "heilbrig\u00f0is\u00fej\u00f3nusta", "samskipti"]}, {"abbreviation": "HS", "topics": ["Hagn\u00fdt si\u00f0fr\u00e6\u00f0i"]}], "_id": "50c0a02dd8e40575f7f6f4e1", "subjects": ["si\u00f0fr\u00e6\u00f0i"], "counter": {"1": 1, "3": 1, "2": 1, "4": 0}}, "evaluation": "N\u00e1msmat er \u00fatf\u00e6rt \u00ed kennslu\u00e1\u00e6tlun \u00ed samr\u00e6mi vi\u00f0 sk\u00f3lan\u00e1mskr\u00e1", "categorization_suggestion": "", "embedded_topics": {"abbreviation": "SF", "topics": ["fr\u00e6\u00f0ihugmyndir", "heilbrig\u00f0is\u00fej\u00f3nusta", "samskipti"]}, "status": "approved by school", "description": "\u00cd \u00feessum \u00e1fanga er l\u00f6g\u00f0 \u00e1hersla \u00e1 \u00fe\u00e1 hugmyndafr\u00e6\u00f0i og gildi sem liggja samskiptum fagf\u00f3lks til grundvallar. Fari\u00f0 er \u00ed \u00fdmis hugt\u00f6k \u00far si\u00f0fr\u00e6\u00f0i heilbrig\u00f0is\u00fej\u00f3nustu eins og sj\u00e1lfr\u00e6\u00f0i, velfer\u00f0, faglegt forr\u00e6\u00f0i auk skyldna fagf\u00f3lks og r\u00e9ttinda skj\u00f3lst\u00e6\u00f0inga. Nemendum eru kynntar a\u00f0fer\u00f0ir vi\u00f0 \u00farlausna si\u00f0fer\u00f0ilegra \u00e1litam\u00e1la. Fjalla\u00f0 er um si\u00f0fer\u00f0i ranns\u00f3kna \u00e1 f\u00f3lki og hugmyndir um r\u00e9ttl\u00e1ta heilbrig\u00f0is\u00fej\u00f3nustu.", "knowledge_goals": ["\u00feeim gildum sem liggja mannlegri breytni til grundvallar", "helstu hugt\u00f6kum, markmi\u00f0um og a\u00f0fer\u00f0um si\u00f0fr\u00e6\u00f0innar", "helstu skyldum fagf\u00f3lks og r\u00e9ttindum sj\u00faklinga", "skilyr\u00f0um si\u00f0fer\u00f0ilegs sj\u00e1lfr\u00e6\u00f0is og r\u00e9ttm\u00e6ti faglegs forr\u00e6\u00f0is", "forsendum r\u00e9ttl\u00e1trar heilbrig\u00f0is\u00fej\u00f3nustu"], "skills_goals": ["beita si\u00f0fer\u00f0ilegum hugt\u00f6kum \u00e1 markvissan h\u00e1tt \u00ed r\u00e6\u00f0u og riti", "sko\u00f0a si\u00f0fer\u00f0ileg \u00e1litam\u00e1l \u00fat fr\u00e1 fleiri en einu sj\u00f3narhorni b\u00e6\u00f0i \u00ed r\u00e6\u00f0u og riti", "greina og leysa \u00far si\u00f0fer\u00f0isvanda", "greina fr\u00e1 helstu fr\u00e6\u00f0ihugmyndum \u00ed si\u00f0fr\u00e6\u00f0i heilbrig\u00f0is\u00fej\u00f3nustu"], "credits": 5, "last_modified": 1493388594.181143, "schools": ["51234a418caa45ed97015b34"], "coauthors": null, "instructions": "", "continued_education": false, "level": 2, "prerequisites": "", "author": "7ace0f7d-b13c-4859-8a67-02c15409e1c2", "abbreviation_version": null, "competence_goals": [["heimf\u00e6ra \u00fe\u00e6r fr\u00e6\u00f0ihugmyndir og hugt\u00f6k sem fjalla\u00f0 var um \u00ed \u00e1fanganum yfir \u00e1 einst\u00f6k d\u00e6mi \u00far raunveruleikanum", ""], ["geta r\u00f6kstutt hin \u00fdmsu sj\u00f3narhorn \u00e1 si\u00f0fer\u00f0ilegum \u00e1litam\u00e1lum", ""], ["geta tengt \u00fe\u00e6r fr\u00e6\u00f0ihugmyndir sem fjalla\u00f0 er um \u00ed \u00e1fanganum vi\u00f0 daglegt l\u00edf", ""]], "_id": "59034d3262933a4e92048d94"}, {"exemplary": null, "topics": "Meinafr\u00e6\u00f0i, sj\u00fakd\u00f3mar", "abbreviation": "SJ\u00daK2MS05", "former_schools": null, "subject": "Sj\u00fakd\u00f3mafr\u00e6\u00f0i", "title": "Sj\u00fakd\u00f3mafr\u00e6\u00f0i 1", "version": 4, "status_trans": "Sam\u00feykkt af sk\u00f3la", "embedded_subject": {"abbreviation": "SJ\u00daK", "topics": [{"abbreviation": "AH", "topics": ["Sj\u00fakd\u00f3mafr\u00e6\u00f0i", "meinafr\u00e6\u00f0i", "sto\u00f0-og taugakerfi", "\u00feekjukerfi"]}, {"abbreviation": "HA", "topics": ["Sj\u00fakd\u00f3mafr\u00e6\u00f0i", "meinafr\u00e6\u00f0i", "sj\u00fakd\u00f3mar \u00ed \u00feekjukerfi", "sto\u00f0-og taugakerfi"]}, {"abbreviation": "HS", "topics": ["Inngangur a\u00f0 meinafr\u00e6\u00f0i1", "sj\u00fad\u00f3mafr\u00e6\u00f0i1"]}, {"abbreviation": "GR", "topics": ["Grunn\u00e1fangi \u00ed sj\u00fakd\u00f3mafr\u00e6\u00f0i"]}, {"abbreviation": "XS", "topics": ["Sj\u00fakd\u00f3mafr\u00e6\u00f0i (tilraun)"]}, {"abbreviation": "FR", "topics": ["Sj\u00fakd\u00f3mafr\u00e6\u00f0i", "framhalds\u00e1fangi"]}, {"abbreviation": "HG", "topics": ["ge\u00f0raskanir", "hjartasj\u00fakd\u00f3mar", "meltingarf\u00e6ra-og n\u00fdrnasj\u00fakd\u00f3mar", "\u00f6ndunarf\u00e6rasj\u00fakd\u00f3ma"]}, {"abbreviation": "GH", "topics": ["ge\u00f0raskanir", "hjartasj\u00fakd\u00f3mar"]}, {"abbreviation": "MS", "topics": ["Meinafr\u00e6\u00f0i", "sj\u00fakd\u00f3mar"]}], "_id": "5165369062933a5f9b001b82", "subjects": ["Sj\u00fakd\u00f3mafr\u00e6\u00f0i"], "counter": {"1": 0, "3": 0, "2": 3, "4": 0}}, "evaluation": "N\u00e1msmat er \u00fatf\u00e6rt \u00ed kennslu\u00e1\u00e6tlun \u00ed samr\u00e6mi vi\u00f0 sk\u00f3lan\u00e1mskr\u00e1", "categorization_suggestion": "", "embedded_topics": {"abbreviation": "MS", "topics": ["Meinafr\u00e6\u00f0i", "sj\u00fakd\u00f3mar"]}, "status": "approved by school", "description": "\u00cd \u00e1fanganum er fjalla\u00f0 um \u00fer\u00f3un sj\u00faklegra breytinga \u00ed mannsl\u00edkama fr\u00e1 frumul\u00f6skunum til sj\u00fakd\u00f3ma \u00ed  l\u00edff\u00e6rakerfum. Vi\u00f0br\u00f6g\u00f0um frumna og vefja vi\u00f0 \u00e1lagi er  l\u00fdst og hlutverki samv\u00e6gisferla \u00ed vi\u00f0haldi  heilbrig\u00f0is. Fjalla\u00f0 er um  grundvallarhugt\u00f6k  \u00ed meinafr\u00e6\u00f0i eins og  \u00f3n\u00e6misvi\u00f0br\u00f6g\u00f0, vi\u00f0ger\u00f0arferli og vefjadrep. Fjalla\u00f0 er um s\u00fdkingar, erf\u00f0ir og \u00e6xlisv\u00f6xt og tengsl  umhverfis\u00e1hrifa og sj\u00faklegra breytinga \u00ed l\u00edkama. \u00c1h\u00e6ttu\u00fe\u00e6ttir, einkenni, orsakir, aflei\u00f0ingar og  me\u00f0fer\u00f0am\u00f6guleikar algengra sj\u00fakd\u00f3ma \u00ed sto\u00f0kerfi, taugakerfi og \u00feekjukerfi eru teknir til umfj\u00f6llunar. Latneskt nafngiftakerfi \u00ed meinafr\u00e6\u00f0i og sj\u00fakd\u00f3mafr\u00e6\u00f0i er  \u00fatsk\u00fdrt. ", "knowledge_goals": ["algengum fr\u00e6\u00f0ilegum hugt\u00f6kum sem tengjast efni \u00e1fangans", "mikilv\u00e6gi samv\u00e6gis fyrir heilbrig\u00f0i l\u00edkamans", "\u00fer\u00f3un sj\u00faklegra breytinga \u00ed l\u00edkama", "vi\u00f0br\u00f6g\u00f0um frumna, vefja, l\u00edff\u00e6ra, l\u00edff\u00e6rakerfa  vi\u00f0 \u00e1lagi og samv\u00e6gistruflunum", "algengum s\u00fdkingum \u00ed mannsl\u00edkama og einkennum \u00feeirra", "samspili umhverfis-og erf\u00f0a\u00fe\u00e1tta \u00ed sj\u00fakd\u00f3ms\u00fer\u00f3un", "flokkun, heg\u00f0un og frumors\u00f6kum \u00e6xlisvaxtar", "\u00e1h\u00e6ttu\u00fe\u00e1ttum, einkennum, ors\u00f6kum, aflei\u00f0ingum og me\u00f0fer\u00f0arm\u00f6guleikum algengra  sj\u00fakd\u00f3ma \u00ed \u00feekjukerfi, sto\u00f0- og taugakerfi", "fj\u00f6lbreyttum mi\u00f0lum til \u00feess a\u00f0 vi\u00f0halda og \u00fer\u00f3a \u00feekkingu s\u00edna \u00ed sj\u00fakd\u00f3ma-og meinafr\u00e6\u00f0i", "latneskum nafngiftum \u00ed meinafr\u00e6\u00f0i og sj\u00fakd\u00f3mafr\u00e6\u00f0i"], "skills_goals": ["nota  algeng fr\u00e6\u00f0ileg hugt\u00f6k sem tengjast efni \u00e1fangans", "bera saman  \u00fer\u00f3un sj\u00faklegra breytinga \u00ed frumum, vefjum, l\u00edff\u00e6rum og l\u00edff\u00e6rakerfum", "bera saman l\u00f6skunar\u00e1hrif og smith\u00e6fni  algengra s\u00fdkinga \u00ed mannsl\u00edkama", "gera grein fyrir samspili umhverfis-og erf\u00f0a\u00fe\u00e1tta \u00ed sj\u00fakd\u00f3ms\u00fer\u00f3un", "\u00fatsk\u00fdra flokkun, heg\u00f0un og frumorsakir \u00e6xlisvaxtar", "gera grein fyrir \u00e1h\u00e6ttu\u00fe\u00e1ttum, einkennum, ors\u00f6kum, aflei\u00f0ingum og me\u00f0fer\u00f0arm\u00f6guleikum algengra sj\u00fakd\u00f3ma \u00ed \u00feekjukerfi, sto\u00f0- og taugakerfi", "nota fj\u00f6lbreytta mi\u00f0la til \u00feess a\u00f0 vi\u00f0halda og \u00fer\u00f3a \u00feekkingu s\u00edna \u00ed sj\u00fakd\u00f3ma-og meinafr\u00e6\u00f0i", "nota latneskar nafngiftir  yfir sj\u00fakd\u00f3ma og hugt\u00f6k \u00ed  meinafr\u00e6\u00f0i"], "credits": 5, "last_modified": 1493388854.342999, "schools": ["51234a418caa45ed97015b34"], "coauthors": null, "instructions": "", "continued_education": false, "level": 2, "prerequisites": "HJ\u00daK1AG05", "author": "7ace0f7d-b13c-4859-8a67-02c15409e1c2", "abbreviation_version": null, "competence_goals": [["rekja \u00fer\u00f3un sj\u00faklegra breytinga \u00ed frumum, vefjum, l\u00edff\u00e6rum og  l\u00edff\u00e6rakerfum og \u00fatsk\u00fdra vi\u00f0br\u00f6g\u00f0 l\u00edkamans vi\u00f0 \u00feeim", ""], ["vi\u00f0hafa vi\u00f0eigandi smitg\u00e1t vegna smitandi sj\u00fakd\u00f3ma", ""], ["draga \u00e1lyktanir um m\u00f6guleg  \u00e1hrif  umhverfislaskana og erf\u00f0agalla \u00e1 sj\u00fakd\u00f3ms\u00fer\u00f3un", ""], ["mi\u00f0la \u00feekkingu um meinafr\u00e6\u00f0i og sj\u00fakd\u00f3ma \u00ed \u00feekjukerfi, sto\u00f0kerfi og taugakerfi  \u00e1 fj\u00f6lbreyttan og  skapandi h\u00e1tt", ""], ["n\u00fdta \u00feekkingu s\u00edna \u00ed sj\u00fakd\u00f3mafr\u00e6\u00f0i \u00ed starfi", ""]], "_id": "59034e3662933a4e92048dac"}, {"exemplary": null, "topics": "ge\u00f0raskanir, hjartasj\u00fakd\u00f3mar", "abbreviation": "SJ\u00daK2GH05", "former_schools": null, "subject": "Sj\u00fakd\u00f3mafr\u00e6\u00f0i", "title": "Sj\u00fakd\u00f3mafr\u00e6\u00f0i 2", "version": 3, "status_trans": "Sam\u00feykkt af sk\u00f3la", "embedded_subject": {"abbreviation": "SJ\u00daK", "topics": [{"abbreviation": "AH", "topics": ["Sj\u00fakd\u00f3mafr\u00e6\u00f0i", "meinafr\u00e6\u00f0i", "sto\u00f0-og taugakerfi", "\u00feekjukerfi"]}, {"abbreviation": "HA", "topics": ["Sj\u00fakd\u00f3mafr\u00e6\u00f0i", "meinafr\u00e6\u00f0i", "sj\u00fakd\u00f3mar \u00ed \u00feekjukerfi", "sto\u00f0-og taugakerfi"]}, {"abbreviation": "HS", "topics": ["Inngangur a\u00f0 meinafr\u00e6\u00f0i1", "sj\u00fad\u00f3mafr\u00e6\u00f0i1"]}, {"abbreviation": "GR", "topics": ["Grunn\u00e1fangi \u00ed sj\u00fakd\u00f3mafr\u00e6\u00f0i"]}, {"abbreviation": "XS", "topics": ["Sj\u00fakd\u00f3mafr\u00e6\u00f0i (tilraun)"]}, {"abbreviation": "FR", "topics": ["Sj\u00fakd\u00f3mafr\u00e6\u00f0i", "framhalds\u00e1fangi"]}, {"abbreviation": "HG", "topics": ["ge\u00f0raskanir", "hjartasj\u00fakd\u00f3mar", "meltingarf\u00e6ra-og n\u00fdrnasj\u00fakd\u00f3mar", "\u00f6ndunarf\u00e6rasj\u00fakd\u00f3ma"]}, {"abbreviation": "GH", "topics": ["ge\u00f0raskanir", "hjartasj\u00fakd\u00f3mar"]}, {"abbreviation": "MS", "topics": ["Meinafr\u00e6\u00f0i", "sj\u00fakd\u00f3mar"]}], "_id": "5165369062933a5f9b001b82", "subjects": ["Sj\u00fakd\u00f3mafr\u00e6\u00f0i"], "counter": {"1": 0, "3": 0, "2": 2, "4": 0}}, "evaluation": "N\u00e1msmat er \u00fatf\u00e6rt \u00ed kennslu\u00e1\u00e6tlun \u00ed samr\u00e6mi vi\u00f0 sk\u00f3lan\u00e1mskr\u00e1", "categorization_suggestion": "", "embedded_topics": {"abbreviation": "GH", "topics": ["ge\u00f0raskanir", "hjartasj\u00fakd\u00f3mar"]}, "status": "approved by school", "description": "\u00cd \u00e1fanganum er fjalla\u00f0 um l\u00edkamlega og ge\u00f0r\u00e6nna sj\u00fakd\u00f3ma og latneskt  nafngiftakerfi sj\u00fakd\u00f3ma.  Fjalla\u00f0 er um hugt\u00f6k og sj\u00fakd\u00f3ma sem tengjast  innkirtlakerfi, hjarta-og \u00e6\u00f0akerfi, \u00f6ndunarf\u00e6rum, meltingarf\u00e6rum,  \u00fevag- og \u00e6xlunarkerfi.  \u00c1h\u00e6ttu\u00fe\u00e6ttir, einkenni, orsakir, aflei\u00f0ingar og  me\u00f0fer\u00f0am\u00f6guleikar algengra sj\u00fakd\u00f3ma \u00ed fyrrnefndum l\u00edkamskerfum eru teknir  til umfj\u00f6llunar.  Algengum ge\u00f0r\u00f6skunum eru ger\u00f0 skil og fjalla\u00f0 um forvarnir, einkenni og me\u00f0fer\u00f0 ge\u00f0raskana.  Sko\u00f0u\u00f0 eru  tengsl umhverfis, erf\u00f0a og \u00e1h\u00e6ttu\u00fe\u00e1tta vi\u00f0 sj\u00fakd\u00f3ms\u00fer\u00f3un \u00fear sem vi\u00f0 \u00e1.  ", "knowledge_goals": ["algengum fr\u00e6\u00f0ilegum hugt\u00f6kum sem tengjast efni \u00e1fangans", "meinger\u00f0um,  einkennum,  ors\u00f6kum, aflei\u00f0ingum, forv\u00f6rnum og me\u00f0fer\u00f0arm\u00f6guleikum   algengra  sj\u00fakd\u00f3ma \u00ed innkirtlum, hjarta-og \u00e6\u00f0akerfi, \u00f6ndunarf\u00e6rum, meltingarf\u00e6rum, \u00fevag- og \u00e6xlunarkerfi", "einkennum, ors\u00f6kum, forv\u00f6rnum  og me\u00f0fer\u00f0arm\u00f6guleikum algengra ge\u00f0raskana", "tengslum sj\u00fakd\u00f3ms\u00fer\u00f3unar og truflana \u00e1  samv\u00e6gisferlum  \u00ed l\u00edkama", "tengslum sj\u00fakd\u00f3ms\u00fer\u00f3unar  vi\u00f0  umhverfis-og \u00e1h\u00e6ttu\u00fe\u00e6tti", "fj\u00f6lbreyttum mi\u00f0lum til \u00feess a\u00f0 vi\u00f0halda og \u00fer\u00f3a \u00feekkingu s\u00edna \u00ed sj\u00fakd\u00f3mafr\u00e6\u00f0i."], "skills_goals": ["nota  algeng fr\u00e6\u00f0ileg hugt\u00f6k sem tengjast efni \u00e1fangans", "gera grein fyrir  meinger\u00f0um,  einkennum,  ors\u00f6kum, aflei\u00f0ingum, forv\u00f6rnum og me\u00f0fer\u00f0arm\u00f6guleikum   algengra  sj\u00fakd\u00f3ma \u00ed innkirtlum, hjarta-og \u00e6\u00f0akerfi, \u00f6ndunarf\u00e6rum, meltingarf\u00e6rum, \u00fevag- og \u00e6xlunarkerfi", "bera saman einkenni, orsakir, forvarnir  og me\u00f0fer\u00f0arm\u00f6guleika  algengra ge\u00f0raskana", "benda \u00e1 tengsl sj\u00fakd\u00f3ms\u00fer\u00f3unar og truflana \u00e1 samv\u00e6gisferlum \u00ed l\u00edkama", "benda \u00e1  tengsl sj\u00fakd\u00f3ma vi\u00f0  umhverfis-og erf\u00f0a\u00fe\u00e6tti", "nota fj\u00f6lbreytta mi\u00f0la til \u00feess a\u00f0 vi\u00f0halda og \u00fer\u00f3a \u00feekkingu s\u00edna \u00ed sj\u00fakd\u00f3mafr\u00e6\u00f0i"], "credits": 5, "last_modified": 1493388687.318502, "schools": ["51234a418caa45ed97015b34"], "coauthors": null, "instructions": "", "continued_education": false, "level": 2, "prerequisites": "SJ\u00daK2MS05", "author": "7ace0f7d-b13c-4859-8a67-02c15409e1c2", "abbreviation_version": null, "competence_goals": [["\u00fatsk\u00fdra  meinger\u00f0,  einkenni,  orsakir, aflei\u00f0ingar, forvarnir  og me\u00f0fer\u00f0arm\u00f6guleika algengra sj\u00fakd\u00f3ma \u00ed innkirtlum, hjarta-og \u00e6\u00f0akerfi, \u00f6ndunarf\u00e6rum, meltingarf\u00e6rum, \u00fevag- og \u00e6xlunarkerfi", ""], ["rekja tengsl sj\u00fakd\u00f3ma og  umhverfis-og erf\u00f0a\u00fe\u00e1tta, \u00fear sem vi\u00f0 \u00e1", ""], ["mi\u00f0la \u00feekkingu um sj\u00fakd\u00f3ma \u00ed innkirtlakerfi, hjarta-og \u00e6\u00f0akerfi, \u00f6ndunarf\u00e6rum, meltingarf\u00e6rum,  \u00fevag- og \u00e6xlunarkerfi auk ge\u00f0raskana  \u00e1 fj\u00f6lbreyttan og skapandi h\u00e1tt", ""], ["bera kennsl \u00e1 algeng einkenni sj\u00fakd\u00f3ma og/e\u00f0a  fr\u00e1vik fr\u00e1 e\u00f0lilegu \u00e1standi", ""], ["tengja sj\u00fakd\u00f3mseinkenni og sj\u00fakd\u00f3ms\u00e1stand", ""], ["yfirf\u00e6ra og n\u00fdta  \u00feekkingu \u00ed sj\u00fakd\u00f3mafr\u00e6\u00f0i \u00ed starfi.", ""]], "_id": "59034d8f62933a4e92048d9f"}, {"exemplary": null, "topics": "Endurl\u00edfgun, me\u00f0fer\u00f0, \u00e1verkar", "abbreviation": "SKYN2E\u00c101", "former_schools": null, "subject": "skyndihj\u00e1lp", "title": "Skyndihj\u00e1lp", "version": 5, "status_trans": "Sam\u00feykkt af sk\u00f3la", "embedded_subject": {"abbreviation": "SKYN", "topics": [{"abbreviation": "SE", "topics": ["endurl\u00edfgun", "skyndihj\u00e1lp"]}, {"abbreviation": "E\u00c1", "topics": ["Endurl\u00edfgun", "me\u00f0fer\u00f0", "\u00e1verkar"]}, {"abbreviation": "GR", "topics": ["Grunnn\u00e1mskei\u00f0"]}, {"abbreviation": "SH", "topics": ["1. hj\u00e1lp og s\u00e1lr\u00e6nn stu\u00f0ningur", "Almenn skyndihj\u00e1lp"]}], "_id": "51275b4062933a682f000162", "subjects": ["skyndihj\u00e1lp"], "counter": {"1": 4, "3": 1, "2": 4, "4": 0}}, "evaluation": "N\u00e1msmat er \u00fatf\u00e6rt \u00ed kennslu\u00e1\u00e6tlun \u00ed samr\u00e6mi vi\u00f0 sk\u00f3lan\u00e1mskr\u00e1", "categorization_suggestion": "", "embedded_topics": {"abbreviation": "E\u00c1", "topics": ["Endurl\u00edfgun", "me\u00f0fer\u00f0", "\u00e1verkar"]}, "status": "approved by school", "description": "Fjalla\u00f0 er um a\u00f0ger\u00f0ir \u00e1 vettvangi slyss, sko\u00f0un og mat og fari\u00f0 yfir hugmyndafr\u00e6\u00f0i skyndihj\u00e1lpar og \u00e1fallahj\u00e1lpar. Fjalla\u00f0  er um  bj\u00f6rgun og flutning einstaklinga af slyssta\u00f0. Fari\u00f0 er yfir endurl\u00edfgun, helstu bl\u00e6\u00f0ingar, lost og vi\u00f0br\u00f6g\u00f0 vi\u00f0 lost\u00e1standi auk \u00feess losun a\u00f0skotahlutar \u00far \u00f6ndunarvegi. Fjalla\u00f0 er um helstu tegundir s\u00e1ra, umb\u00fa\u00f0ir og s\u00e1rabindi. Fari\u00f0 er \u00ed helstu orsakir bruna, flokkun brunas\u00e1ra og skyndihj\u00e1lp vi\u00f0 bruna. Fjalla\u00f0 er um \u00e1verka, ofk\u00e6lingu og h\u00e1ska af v\u00f6ldum hita. Fjalla\u00f0  er um br\u00e1\u00f0a sj\u00fakd\u00f3ma, eitranir, bit og stungur.", "knowledge_goals": ["hugmyndafr\u00e6\u00f0i skyndihj\u00e1lpar og \u00e1fallahj\u00e1lpar", "hvernig mat \u00e1 sl\u00f6su\u00f0um einstaklingi \u00e1 slyssta\u00f0 er framkv\u00e6mt", "framkv\u00e6md endurl\u00edfgunar", "bl\u00e6\u00f0ingum og vi\u00f0br\u00f6g\u00f0um vi\u00f0 lost\u00e1standi", "h\u00e6ttum vegna a\u00f0skotahluta \u00ed \u00f6ndunarvegi", "helstu tegundum s\u00e1ra, umb\u00fa\u00f0a og s\u00e1rabinda", "helstu tegundum brunas\u00e1ra og skyndihj\u00e1lp vegna brunas\u00e1ra", "helstu \u00e1verkum \u00e1 l\u00edkama", "fyrstu vi\u00f0br\u00f6g\u00f0um vi\u00f0 kali, ofk\u00e6lingu og ofhitnun", "fyrstu vi\u00f0br\u00f6g\u00f0um vegna br\u00e1\u00f0ra sj\u00fakd\u00f3ma, eitrana, bits og stungna"], "skills_goals": ["framkv\u00e6ma mat og sko\u00f0un \u00e1 sl\u00f6su\u00f0um einstaklingum", "flytja slasa\u00f0an einstakling af slyssta\u00f0 \u00e1 \u00f6ruggan h\u00e1tt", "framkv\u00e6ma bl\u00e1stursme\u00f0fer\u00f0 og hjartahno\u00f0", "losa a\u00f0skotahluti \u00far \u00f6ndunarvegi", "b\u00faa um s\u00e1r og velja umb\u00fa\u00f0ir vi\u00f0 h\u00e6fi", "st\u00f6\u00f0va bl\u00e6\u00f0ingu og b\u00faa um bl\u00e6\u00f0andi s\u00e1r", "beita vi\u00f0eigandi me\u00f0fer\u00f0 vi\u00f0 losti", "spelka \u00fatlimi eftir \u00e1verka/tognanir", "veita fyrstu hj\u00e1lp vegna brunas\u00e1ra", "veita fyrstu hj\u00e1lp vegna kals, ofk\u00e6lingar og ofhitnunar"], "credits": 1, "last_modified": 1493387324.83111, "schools": ["51234a418caa45ed97015b34"], "coauthors": null, "instructions": "", "continued_education": false, "level": 2, "prerequisites": "", "author": "7ace0f7d-b13c-4859-8a67-02c15409e1c2", "abbreviation_version": null, "competence_goals": [["meta a\u00f0st\u00e6\u00f0ur \u00e1 slyssta\u00f0 og breg\u00f0ast vi\u00f0 \u00feeim \u00e1 vi\u00f0eigandi h\u00e1tt", ""], ["veita skyndihj\u00e1lp vegna br\u00e1\u00f0ra sj\u00fakd\u00f3ma, dau\u00f0ad\u00e1s, slysa, l\u00edkamlegra og s\u00e1lr\u00e6nna \u00e1verka", ""]], "_id": "5903483c62933a4e92048ce1"}, {"exemplary": null, "topics": "\u00fej\u00e1lfun \u00e1 vinnsusta\u00f0", "abbreviation": "STAF3\u00deJ27", "former_schools": null, "subject": "Starfs\u00fej\u00e1lfun sj\u00fakrali\u00f0anema", "title": "Starfs\u00fej\u00e1lfun sj\u00fakrali\u00f0anema", "version": 5, "status_trans": "Sam\u00feykkt af sk\u00f3la", "embedded_subject": {"abbreviation": "STAF", "topics": [{"abbreviation": "\u00deJ", "topics": ["\u00fej\u00e1lfun \u00e1 vinnsusta\u00f0"]}], "_id": "53a1e25662933a04c80000a6", "subjects": ["Starfs\u00fej\u00e1lfun sj\u00fakrali\u00f0anema"], "counter": {"1": 0, "3": 4, "2": 0, "4": 1}}, "evaluation": "N\u00e1msmat er \u00fatf\u00e6rt \u00ed kennslu\u00e1\u00e6tlun \u00ed samr\u00e6mi vi\u00f0 sk\u00f3lan\u00e1mskr\u00e1", "categorization_suggestion": "", "embedded_topics": {"abbreviation": "\u00deJ", "topics": ["\u00fej\u00e1lfun \u00e1 vinnsusta\u00f0"]}, "status": "approved by school", "description": "\u00cd \u00e1fanganum vinnur nemandinn undir handlei\u00f0slu sj\u00fakrali\u00f0a og hj\u00fakrunarfr\u00e6\u00f0inga \u00e1 heilbrig\u00f0isstofnun. Nemandinn \u00f6\u00f0last h\u00e6fni og sj\u00e1lfst\u00e6\u00f0i \u00ed st\u00f6rfum sj\u00fakrali\u00f0a og vi\u00f0 lok n\u00e1msins skal nemandinn b\u00faa yfir almennri og s\u00e9rh\u00e6f\u00f0ri \u00feekkingu, leikni og h\u00e6fni til \u00feess a\u00f0 vinna hj\u00fakrunar- og um\u00f6nnunarst\u00f6rf \u00e1 faglegan h\u00e1tt. Heimilt er a\u00f0 skipta starfs\u00fej\u00e1lfun ni\u00f0ur \u00ed tv\u00f6 til \u00ferj\u00fa t\u00edmabil, en \u00fej\u00e1lfunin skal \u00fe\u00f3 vera samfelld \u00e1 hverju t\u00edmabili og l\u00e1gmarksvinnuhlutfall ekki fara undir 60%. Nemandinn skal \u00e1\u00f0ur en hann fer \u00ed starfs\u00fej\u00e1lfun f\u00e1 sam\u00feykki sk\u00f3la fyrir n\u00e1mssta\u00f0num og skrifa undir n\u00e1mssamning \u00e1samt fulltr\u00faa sk\u00f3la og \u00e1byrg\u00f0ara\u00f0ila \u00e1 n\u00e1mssta\u00f0. A\u00f0 loknu n\u00e1mi \u00ed VINN2LS08 er nemandanum heimilt a\u00f0 lj\u00faka fimm vikum af starfs\u00fej\u00e1lfuninni. Nemandinn skal alfari\u00f0 fylgja \u00feeim reglum sem vi\u00f0komandi heilbrig\u00f0isstofnun setur s\u00ednu starfsf\u00f3lki. ", "knowledge_goals": ["faglegum grunni hj\u00fakrunarstarfa", "mikilv\u00e6gi samskipta og samvinnu \u00ed st\u00f6rfum sj\u00fakrali\u00f0a", "vinnuumhverfi og starfssvi\u00f0i sj\u00fakrali\u00f0a", "si\u00f0areglum sj\u00fakrali\u00f0a", "l\u00f6gum og regluger\u00f0um sem tengjast st\u00f6rfum sj\u00fakrali\u00f0a"], "skills_goals": ["beita faglegum vinnubr\u00f6g\u00f0um \u00ed sj\u00fakrali\u00f0astarfinu", "taka \u00fe\u00e1tt \u00ed \u00feverfaglegu samstarfi", "starfa eftir si\u00f0areglum, s\u00fdna si\u00f0fer\u00f0isvitund, ford\u00f3maleysi, umbur\u00f0arlyndi og v\u00ed\u00f0s\u00fdni \u00ed st\u00f6rfum s\u00ednum", "vinna eftir g\u00e6\u00f0avi\u00f0mi\u00f0um heilbrig\u00f0isstofnana", "beita hj\u00fakrunarme\u00f0fer\u00f0um samkv\u00e6mt hj\u00fakrunar\u00e1\u00e6tlun hverju sinni", "beita inns\u00e6i, gagnr\u00fdninni og skapandi hugsun vi\u00f0 lausn hj\u00fakrunarvi\u00f0fangsefna"], "credits": 27, "last_modified": 1493740353.825696, "schools": ["51234a418caa45ed97015b34"], "coauthors": null, "instructions": "", "continued_education": false, "level": 3, "prerequisites": "VINN3GH08", "author": "7ace0f7d-b13c-4859-8a67-02c15409e1c2", "abbreviation_version": null, "competence_goals": [["yfirf\u00e6ra og sam\u00fe\u00e6tta fr\u00e6\u00f0ilega \u00feekkingu a\u00f0 sj\u00fakrali\u00f0astarfinu", ""], ["vinna sj\u00e1lfst\u00e6tt og breg\u00f0ast vi\u00f0 margv\u00edslegum a\u00f0st\u00e6\u00f0um \u00ed sj\u00fakrali\u00f0astarfinu", ""], ["r\u00f6ksty\u00f0ja og \u00edgrunda \u00fe\u00e6r hj\u00fakrunarme\u00f0fer\u00f0ir sem hann framkv\u00e6mir samkv\u00e6mt hj\u00fakrunar\u00e1\u00e6tlun hverju sinni", ""], ["s\u00fdna h\u00e6fni \u00ed samskiptum vi\u00f0 \u00f3l\u00edka einstaklinga me\u00f0 \u00f3l\u00edkar \u00fearfir", ""], ["tileinka s\u00e9r n\u00fdjungar og \u00fer\u00f3a sig \u00ed starfi", ""], ["n\u00fdta samskiptah\u00e6fni vi\u00f0 margv\u00edslegar a\u00f0st\u00e6\u00f0ur", ""]], "_id": "5908ab4162933a4e9204bbff"}, {"exemplary": null, "topics": "Ge\u00f0s\u00e1larfr\u00e6\u00f0i og ge\u00f0heilbrig\u00f0i", "abbreviation": "S\u00c1LF3GH05", "former_schools": null, "subject": "s\u00e1lfr\u00e6\u00f0i", "title": "S\u00e1lfr\u00e6\u00f0i", "version": 49, "status_trans": "Sam\u00feykkt af sk\u00f3la", "embedded_subject": {"abbreviation": "S\u00c1LF", "topics": [{"abbreviation": "AK", "topics": ["almenn kynning"]}, {"abbreviation": "\u00deS", "topics": ["\u00feroskas\u00e1lfr\u00e6\u00f0i"]}, {"abbreviation": "AB", "topics": ["afbrig\u00f0as\u00e1lfr\u00e6\u00f0i"]}, {"abbreviation": "KV", "topics": ["kvikmyndas\u00e1lfr\u00e6\u00f0i"]}, {"abbreviation": "SD", "topics": ["s\u00e1lfr\u00e6\u00f0i daglegs l\u00edfs"]}, {"abbreviation": "IS", "topics": ["inngangur a\u00f0 s\u00e1lfr\u00e6\u00f0i"]}, {"abbreviation": "DS", "topics": ["duls\u00e1larfr\u00e6\u00f0i"]}, {"abbreviation": "RS", "topics": ["r\u00e9ttars\u00e1lfr\u00e6\u00f0i"]}, {"abbreviation": "GE", "topics": ["ge\u00f0heilsa"]}, {"abbreviation": "FP", "topics": ["f\u00e9lags- og per\u00f3nuleikas\u00e1lfr\u00e6\u00f0i"]}, {"abbreviation": "BK", "topics": ["inngangur a\u00f0 s\u00e1lfr\u00e6\u00f0i", "j\u00e1kv\u00e6\u00f0 s\u00e1lfr\u00e6\u00f0i", "minni", "n\u00e1m", "ranns\u00f3knir"]}, {"abbreviation": "KF", "topics": ["framhald", "kvikmyndas\u00e1lfr\u00e6\u00f0i"]}, {"abbreviation": "FS", "topics": ["f\u00e9lagss\u00e1lfr\u00e6\u00f0i"]}, {"abbreviation": "GS", "topics": ["ge\u00f0s\u00e1lfr\u00e6\u00f0i"]}, {"abbreviation": "\u00deU", "topics": ["\u00feroska- og uppeldisfr\u00e6\u00f0i"]}, {"abbreviation": "AA", "topics": ["almenn s\u00e1lfr\u00e6\u00f0i"]}, {"abbreviation": "CA", "topics": ["afbrigas\u00e1lfr\u00e6\u00f0i"]}, {"abbreviation": "L\u00cd", "topics": ["l\u00edfe\u00f0lisleg s\u00e1lfr\u00e6\u00f0i"]}, {"abbreviation": "F\u00c9", "topics": ["f\u00e9lagsleg s\u00e1lfr\u00e6\u00f0i"]}, {"abbreviation": "SS", "topics": ["inngangur a\u00f0 s\u00e1lfr\u00e6\u00f0i", "sj\u00f3narmi\u00f0 og saga"]}, {"abbreviation": "FG", "topics": ["f\u00e9lagss\u00e1lfr\u00e6\u00f0i", "greind", "pers\u00f3nuleikinn"]}, {"abbreviation": "LS", "topics": ["draumar", "l\u00edfe\u00f0lisleg s\u00e1lfr\u00e6\u00f0i", "skynjunars\u00e1lfr\u00e6\u00f0i", "svefn"]}, {"abbreviation": "\u00deR", "topics": ["l\u00edfst\u00ed\u00f0ar\u00fer\u00f3un", "\u00feroski"]}, {"abbreviation": "AF", "topics": ["ge\u00f0heilsa", "ge\u00f0raskanir", "streita", "tilfinningar"]}, {"abbreviation": "\u00cd\u00de", "topics": ["f\u00e9lagsst\u00f6rf", "f\u00e9l\u00f6g", "\u00ed\u00fer\u00f3ttas\u00e1lfr\u00e6\u00f0i"]}, {"abbreviation": "SG", "topics": ["framkoma", "gagnr\u00fdni", "hlustun", "samskipti", "sj\u00e1lfstraust"]}, {"abbreviation": "\u00cd\u00c6", "topics": ["\u00ed\u00fer\u00f3ttas\u00e1lfr\u00e6\u00f0i"]}, {"abbreviation": "IN", "topics": ["S\u00e1lfr\u00e6\u00f0i", "inngangur", "kenningar", "saga"]}, {"abbreviation": "\u00de\u00de", "topics": ["n\u00e1m", "\u00deroskas\u00e1lfr\u00e6\u00f0i", "\u00feroski", "\u00fer\u00f3un"]}, {"abbreviation": "AS", "topics": ["afbrig\u00f0as\u00e1lfr\u00e6\u00f0i", "streita"]}, {"abbreviation": "H\u00de", "topics": ["Hugar\u00fej\u00e1lfun", "\u00cd\u00fer\u00f3ttir"]}, {"abbreviation": "JS", "topics": ["J\u00e1kv\u00e6\u00f0 s\u00e1lfr\u00e6\u00f0i"]}, {"abbreviation": "HA", "topics": ["Hugr\u00e6n", "atferlisme\u00f0fer\u00f0"]}, {"abbreviation": "BS", "topics": ["Breytingar", "samskipti"]}, {"abbreviation": "GH", "topics": ["Ge\u00f0s\u00e1larfr\u00e6\u00f0i og ge\u00f0heilbrig\u00f0i"]}, {"abbreviation": "PF", "topics": ["f\u00e9lagss\u00e1lfr\u00e6\u00f0i", "pers\u00f3nuleikas\u00e1lfr\u00e6\u00f0i"]}, {"abbreviation": "VS", "topics": ["Vitund og si\u00f0blinda"]}, {"abbreviation": "BG", "topics": ["S\u00c1LF"]}, {"abbreviation": "F\u00d6", "topics": ["F\u00d6TLUN", "\u00d6LDRUN"]}, {"abbreviation": "CF", "topics": ["F\u00e9lags- og pers\u00f3nuleikas\u00e1lfr\u00e6\u00f0i"]}, {"abbreviation": "BT", "topics": ["Kortlagning hugans/heilans"]}, {"abbreviation": "CJ", "topics": ["j\u00e1kv\u00e6\u00f0 s\u00e1lfr\u00e6\u00f0i"]}, {"abbreviation": "AM", "topics": ["Atferlism\u00f3tun"]}, {"abbreviation": "GR", "topics": ["Grunnur \u00ed s\u00e1lfr\u00e6\u00f0i"]}, {"abbreviation": "NS", "topics": ["N\u00e1mss\u00e1larfr\u00e6\u00f0i", "saga"]}, {"abbreviation": "LH", "topics": ["L\u00edfe\u00f0lisleg og hugr\u00e6n s\u00e1lfr\u00e6\u00f0i"]}, {"abbreviation": "SF", "topics": ["mannlegt e\u00f0li", "n\u00e1m og minni", "s\u00e1lfr\u00e6\u00f0ingar", "s\u00e1lfr\u00e6\u00f0istefnur"]}, {"abbreviation": "S\u00de", "topics": ["sj\u00e1lfsmynd", "\u00feroskah\u00f6mlun", "\u00feroskakenningar", "\u00feroskas\u00e1lfr\u00e6\u00f0i"]}, {"abbreviation": "GG", "topics": ["fr\u00e1viksheg\u00f0un", "ge\u00f0heilsa", "ge\u00f0r\u00e6nar raskanir", "s\u00e1lfr\u00e6\u00f0ileg me\u00f0fer\u00f0"]}, {"abbreviation": "FR", "topics": ["f\u00e9lagss\u00e1lfr\u00e6\u00f0i", "pers\u00f3nueinkenni", "ranns\u00f3knir"]}, {"abbreviation": "UM", "topics": ["Uppeldis- og menntunarfr\u00e6\u00f0i"]}, {"abbreviation": "\u00cdS", "topics": ["\u00cd\u00fer\u00f3ttas\u00e1lfr\u00e6\u00f0i"]}, {"abbreviation": "HS", "topics": ["Hugr\u00e6n s\u00e1lfr\u00e6\u00f0i", "atferlisfr\u00e6\u00f0i", "f\u00e9lagss\u00e1lfr\u00e6\u00f0i", "ranns\u00f3knara\u00f0fer\u00f0ir"]}, {"abbreviation": "SM", "topics": ["Afbrig\u00f0as\u00e1lfr\u00e6\u00f0i", "me\u00f0fer\u00f0", "streita"]}, {"abbreviation": "FH", "topics": ["F\u00e9lagsleg hef\u00f0un og samskipti f\u00f3lks"]}, {"abbreviation": "FE", "topics": ["F\u00e9lagslegt atferli", "h\u00f3par", "pers\u00f3nuleikakenningar", "pers\u00f3nuleikapr\u00f3f"]}, {"abbreviation": "US", "topics": ["Inngangur a\u00f0 uppeldis- og s\u00e1lfr\u00e6\u00f0i"]}, {"abbreviation": "AU", "topics": ["Augl\u00fdsingas\u00e1lfr\u00e6\u00f0i"]}, {"abbreviation": "KH", "topics": ["Kynheilbrig\u00f0i"]}], "_id": "50c0a02dd8e40575f7f6f4db", "subjects": ["s\u00e1lfr\u00e6\u00f0i"], "counter": {"1": 12, "3": 48, "2": 60, "4": 2}}, "evaluation": "N\u00e1msmat er \u00fatf\u00e6rt \u00ed kennslu\u00e1\u00e6tlun \u00ed samr\u00e6mi vi\u00f0 sk\u00f3lan\u00e1mskr\u00e1.", "categorization_suggestion": "", "embedded_topics": {"abbreviation": "GH", "topics": ["Ge\u00f0s\u00e1larfr\u00e6\u00f0i og ge\u00f0heilbrig\u00f0i"]}, "status": "approved by school", "description": "\u00cd \u00e1fanganum vinnur nemandi miki\u00f0 sj\u00e1lfst\u00e6tt a\u00f0 \u00fev\u00ed a\u00f0 lesa frekar \u00feungt efni (\u00e1 ensku) og vinna upp \u00far \u00fev\u00ed \u00fdmis verkefni. Fari\u00f0 er \u00ed s\u00f6gu me\u00f0fer\u00f0a, \u00f3l\u00edk sj\u00f3narmi\u00f0 innan s\u00e1lfr\u00e6\u00f0i eru kynnt, og \u00f3l\u00edkar me\u00f0fer\u00f0ir. Greiningara\u00f0fer\u00f0ir eru kynntar. Fari\u00f0 er \u00edtarlega \u00ed streituraskanir, kv\u00ed\u00f0araskanir, lyndisraskanir og ge\u00f0klofa. Auk \u00feess eru nemendakynningar (e\u00f0a ritger\u00f0). Hluti af \u00e1fanga fer \u00ed a\u00f0 kynna fyrir \u00f6\u00f0rum nemendum einhverja ge\u00f0r\u00f6skun a\u00f0 eigin vali (t.d. \u00e1traskanir, pers\u00f3nuleikaraskanir, hugrof, neyslutengdar raskanir og fleira). Einnig er fari\u00f0 \u00ed heims\u00f3knir e\u00f0a gestir me\u00f0 reynslu af ge\u00f0r\u00f6skunum anna\u00f0 hvort af eigin raun, sem a\u00f0standandi e\u00f0a sem me\u00f0fer\u00f0ara\u00f0ili. L\u00f6g\u00f0 er \u00e1hersla \u00e1 b\u00e6\u00f0i akadem\u00edsk vinnubr\u00f6g\u00f0 (lesa fr\u00e6\u00f0ilegan texta) og jar\u00f0tengingu me\u00f0 \u00fev\u00ed a\u00f0 kynnast af eigin raun a\u00f0st\u00e6\u00f0um f\u00f3lks. \u00deetta er krefjandi \u00e1fangi sem er g\u00f3\u00f0ur undirb\u00faningur undir h\u00e1sk\u00f3lan\u00e1m og l\u00edka bara l\u00edfi\u00f0 sj\u00e1lft.", "knowledge_goals": ["s\u00f6gu ge\u00f0raskana, vi\u00f0horfa til \u00feeirra og \u00fer\u00f3un me\u00f0fer\u00f0a vi\u00f0 \u00feeim", "ge\u00f0heilsu og fr\u00e1vikum fr\u00e1 henni. Einnig lei\u00f0ir til a\u00f0 halda g\u00f3\u00f0ri ge\u00f0heilsu", "hvernig mismunandi sj\u00f3narmi\u00f0 sk\u00fdra ge\u00f0raskanir \u00e1 \u00f3l\u00edkan h\u00e1tt", "hvernig ge\u00f0raskanir eru flokka\u00f0ar (samkv\u00e6mt DSM flokkunarkerfinu og einnig ICD)", "\u00e1 einkennum, algengi, batal\u00edkum, og me\u00f0fer\u00f0 helstu ge\u00f0raskana", "\u00deekkja hvernig mismunandi sj\u00f3narmi\u00f0 beita \u00f3l\u00edkum me\u00f0fer\u00f0um og hva\u00f0a me\u00f0fer\u00f0ir gefa besta \u00e1rangur vi\u00f0 \u00f3l\u00edkum r\u00f6skunum", "hven\u00e6r og hvert er h\u00e6gt a\u00f0 leita a\u00f0sto\u00f0ar vi\u00f0 ge\u00f0r\u00e6num kvillum"], "skills_goals": ["skilja \u00fer\u00f3un me\u00f0fer\u00f0a vi\u00f0 ge\u00f0r\u00f6skunum", "\u00e1tta sig \u00e1 einkennum algengustu ge\u00f0raskana", "\u00feekkja \u00f3l\u00edkar me\u00f0fer\u00f0ir og a\u00f0 \u00fe\u00e6r virka misvel"], "credits": 5, "last_modified": 1455808401.845044, "schools": ["51234a418caa45ed97015b34"], "coauthors": null, "instructions": "", "continued_education": false, "level": 3, "prerequisites": "S\u00c1LF2\u00deS05", "author": "c24ad865-d871-49f5-a196-facc9b6600e3", "abbreviation_version": null, "competence_goals": [["hafa aukinn skilning \u00e1 \u00fev\u00ed a\u00f0 allir geta veikst \u00e1 ge\u00f0i", ""], ["vera umbur\u00f0arlyndari og l\u00edklegri til a\u00f0 vera skilningsr\u00edkur frekar en d\u00f3mhar\u00f0ur vi\u00f0 sj\u00faklinga", ""], ["geta\u00f0 \u00e1tta\u00f0 sig \u00e1 veikindum f\u00f3lk \u00ed kringum sig og \u00fear af lei\u00f0andi komi\u00f0 \u00feeim til a\u00f0sto\u00f0ar ef \u00fe\u00f6rf ver\u00f0ur \u00e1, eins me\u00f0 eigin veikindi", ""], ["geta greint helstu ge\u00f0raskanir \u00fat fr\u00e1 skriflegum sj\u00fakras\u00f6gum e\u00f0a l\u00fdsingum og stungi\u00f0 upp \u00e1 skynsamlegri me\u00f0fer\u00f0", ""], ["bera kennsl \u00e1 helstu me\u00f0fer\u00f0ir og einnig \u00e1tta sig \u00e1 \u00feeim me\u00f0fer\u00f0artilbo\u00f0um sem eru \u00f3l\u00edkleg til \u00e1rangurs", ""], ["\u00fej\u00e1lfast \u00ed sj\u00e1lfst\u00e6\u00f0u n\u00e1mi, lestri fr\u00e6\u00f0igreina \u00e1 ensku, a\u00f0 skrifa r\u00f6kstuddar huglei\u00f0ingar um efni\u00f0 og setja fram stuttar en greinarg\u00f3\u00f0ar greinarger\u00f0ir um ge\u00f0raskanir og e\u00f0a me\u00f0fer\u00f0ir", ""], ["tj\u00e1 sig munnlega og skriflega um ge\u00f0raskanir og ge\u00f0sj\u00fakd\u00f3ma", ""]], "_id": "56c5df9162933a031600059b"}, {"exemplary": null, "topics": "smitg\u00e1t, smitsj\u00fakd\u00f3mar, s\u00fdklar", "abbreviation": "S\u00ddKL2SS05", "former_schools": null, "subject": "S\u00fdklafr\u00e6\u00f0i", "title": "S\u00fdklar, tegundir og s\u00e9rkenni", "version": 2, "status_trans": "Sam\u00feykkt af sk\u00f3la", "embedded_subject": {"abbreviation": "S\u00ddKL", "topics": [{"abbreviation": "SS", "topics": ["smitg\u00e1t", "smitsj\u00fakd\u00f3mar", "s\u00fdklar"]}], "_id": "517e612a62933a5f9b003693", "subjects": ["S\u00fdklafr\u00e6\u00f0i"], "counter": {"1": 0, "3": 0, "2": 1, "4": 0}}, "evaluation": "N\u00e1msmat er \u00fatf\u00e6rt \u00ed kennslu\u00e1\u00e6tlun \u00ed samr\u00e6mi vi\u00f0 sk\u00f3lan\u00e1mskr\u00e1", "categorization_suggestion": "", "embedded_topics": {"abbreviation": "SS", "topics": ["smitg\u00e1t", "smitsj\u00fakd\u00f3mar", "s\u00fdklar"]}, "status": "approved by school", "description": "\u00cd \u00e1fanganum er fjalla\u00f0 um mismunandi tegundir og s\u00e9rkenni s\u00fdkla. Fjalla\u00f0 er um byggingu s\u00fdkla, umhverfis\u00fe\u00e6tti sem m\u00f3ta \u00fatbrei\u00f0slu s\u00fdkla, smitlei\u00f0ir, helstu flokka smitsj\u00fakd\u00f3ma \u00e1samt s\u00fdklalyfjum. Fari\u00f0 er \u00ed grundvallaratri\u00f0i \u00ed s\u00e9rt\u00e6kum og almennum v\u00f6rnum l\u00edkamans gegn s\u00fdklum og fjalla\u00f0 um hlutverk \u00f3n\u00e6miskerfisins.  Fjalla\u00f0 er um smitg\u00e1t og regluger\u00f0ir um smitvarnir. Fari\u00f0 er \u00ed grunn\u00fej\u00e1lfun vi\u00f0 me\u00f0fer\u00f0 og r\u00e6ktun s\u00fdkla \u00ed tilraunastofu og sk\u00fdrsluger\u00f0.", "knowledge_goals": ["s\u00f6gu og \u00fer\u00f3un s\u00fdklafr\u00e6\u00f0innar", "mismunandi tegundum s\u00fdkla og s\u00e9rkennum \u00feeirra", "helstu flokkum smitsj\u00fakd\u00f3ma", "mismunandi a\u00f0fer\u00f0um vi\u00f0 r\u00e6ktun og greiningu s\u00fdkla", "helstu flokkum s\u00fdklalyfja, s\u00e9rh\u00e6f\u00f0ra og \u00f3s\u00e9rh\u00e6f\u00f0ra og verkun \u00feeirra", "a\u00f0fer\u00f0um vi\u00f0 dau\u00f0- og s\u00f3tthreinsun og takm\u00f6rkunum \u00feeirra", "helstu flokkum s\u00fdklalyfja, s\u00e9rh\u00e6f\u00f0ra og \u00f3s\u00e9rh\u00e6f\u00f0ra og verkun \u00feeirra", "grundvallaratri\u00f0um \u00ed hlutverki \u00f3n\u00e6miskerfisins og helstu aflei\u00f0ingum \u00f3n\u00e6misr\u00f6skunar", "mismunandi tegundum b\u00f3luefna og verkun \u00feeirra", "almennum reglum og vinnubr\u00f6g\u00f0um um smitg\u00e1t, smitvarnir og mikilv\u00e6gi hand\u00fevottar."], "skills_goals": ["nota algeng fr\u00e6\u00f0ileg hugt\u00f6k sem tengjast efni \u00e1fangans", "tengja mismunandi umhverfisa\u00f0st\u00e6\u00f0ur vi\u00f0 \u00fatbrei\u00f0slu smitsj\u00fakd\u00f3ma", "\u00fevo s\u00e9r um hendur \u00e1 r\u00e9ttan h\u00e1tt", "skrifa sk\u00fdrslur"], "credits": 5, "last_modified": 1493740663.724006, "schools": ["51234a418caa45ed97015b34"], "coauthors": null, "instructions": "", "continued_education": false, "level": 2, "prerequisites": "", "author": "7ace0f7d-b13c-4859-8a67-02c15409e1c2", "abbreviation_version": null, "competence_goals": [["\u00fatsk\u00fdra l\u00f6skunar\u00e1hrif s\u00fdkla \u00e1 mannsl\u00edkama", ""], ["\u00fatsk\u00fdra mismunandi smith\u00e6fni s\u00fdkla", ""], ["\u00fatsk\u00fdra smitg\u00e1t og varnir \u00ed tengslum vi\u00f0 smitsj\u00fakd\u00f3ma", ""], ["forgangsra\u00f0a og n\u00fdta \u00feekkingu s\u00edna \u00ed s\u00fdklafr\u00e6\u00f0i \u00ed s\u00e9rh\u00e6f\u00f0u starfi", ""], ["mi\u00f0la \u00feekkingu um s\u00fdkla \u00ed leik og starfi \u00e1 fj\u00f6lbreyttan og j\u00e1kv\u00e6\u00f0an h\u00e1tt", ""]], "_id": "5908ac7762933a4e9204bc17"}, {"exemplary": null, "topics": "Uppl\u00fdsingat\u00e6kni", "abbreviation": "UPPT1OF05", "former_schools": null, "subject": "uppl\u00fdsingat\u00e6kni", "title": "Uppl\u00fdsingat\u00e6kni", "version": 12, "status_trans": "Sam\u00feykkt af sk\u00f3la", "embedded_subject": {"abbreviation": "UPPT", "topics": [{"abbreviation": "UT", "topics": ["t\u00f6lvunotkun", "uppl\u00fdsingamennt"]}, {"abbreviation": "US", "topics": ["pers\u00f3nuuppl\u00fdsingar", "sj\u00fakraskr\u00e1ning", "uppl\u00fdsingat\u00e6kni"]}, {"abbreviation": "TT", "topics": ["einf\u00f6ld forritun", "gagnasafnsfr\u00e6\u00f0i", "notkun t\u00f6flureikna", "vefs\u00ed\u00f0uger\u00f0"]}, {"abbreviation": "T\u00d6", "topics": ["Uppl\u00fdsingat\u00e6kni og t\u00f6lfr\u00e6\u00f0i"]}, {"abbreviation": "N\u00d6", "topics": ["Net\u00f6ryggi"]}, {"abbreviation": "SK", "topics": ["Sk\u00f6pun"]}, {"abbreviation": "TS", "topics": ["T\u00f6lvup\u00f3stsamskipti"]}, {"abbreviation": "RI", "topics": ["Ritun"]}, {"abbreviation": "RV", "topics": ["Ritvinnsla"]}, {"abbreviation": "MA", "topics": ["UPPT"]}, {"abbreviation": "UV", "topics": ["Uppl\u00fdsingat\u00e6kni og vefs\u00ed\u00f0uger\u00f0"]}, {"abbreviation": "OF", "topics": ["Uppl\u00fdsingat\u00e6kni"]}], "_id": "50c0a02dd8e40575f7f6f4d0", "subjects": ["uppl\u00fdsingat\u00e6kni"], "counter": {"1": 9, "3": 1, "2": 5, "4": 0}}, "evaluation": "N\u00e1msmat er \u00fatf\u00e6rt \u00ed kennslu\u00e1\u00e6tlun \u00ed samr\u00e6mi vi\u00f0 sk\u00f3lan\u00e1mskr\u00e1.", "categorization_suggestion": "", "embedded_topics": {"abbreviation": "OF", "topics": ["Uppl\u00fdsingat\u00e6kni"]}, "status": "approved by school", "description": "\u00cd \u00feessum er l\u00f6g\u00f0 \u00e1hersla \u00e1 a\u00f0 nemendur l\u00e6ri \u00e1 MS Office uppl\u00fdsingat\u00e6knipakkann me\u00f0 megin \u00e1herslu \u00e1 ritvinnsluna Word og t\u00f6flureikninn Excel en kynnist jafnframt gl\u00e6ruger\u00f0arforritinu Power Point. Nemendur l\u00e6ra jafnframt a\u00f0 n\u00fdta t\u00f6lvukerfi sk\u00f3lans \u00ed n\u00e1mi s\u00ednu.  Leitast er vi\u00f0 a\u00f0 kynna nemendum fyrir mismunandi tegundum af sameiginlegri skjalavinnslu sem og skjalav\u00f6rslu \u00e1 netinu.  Fyrirb\u00e6ri\u00f0 alneti\u00f0 er einnig sko\u00f0a\u00f0 og fjalla\u00f0 um si\u00f0fr\u00e6\u00f0i \u00feess, h\u00f6fundarr\u00e9tt, net\u00f6ryggi og pers\u00f3nuvernd.  \u00c1hersla er l\u00f6g\u00f0 \u00e1 a\u00f0 nemendur velti fyrir s\u00e9r eigin gildum var\u00f0andi samskipti \u00e1 netinu.", "knowledge_goals": ["skjalavistunara\u00f0fer\u00f0um \u00ed t\u00f6lvukerfi sk\u00f3lans sem og hva\u00f0 sameiginlegt skr\u00e1arsv\u00e6\u00f0i er og hver gagnsemi \u00feeirra er, t.d. DropBox e\u00f0a SkyDrive", "mikilv\u00e6gi t\u00f6lvunnar \u00ed n\u00e1mi og l\u00edfinu \u00f6llu", "mismnandi eiginleikum ritvinnslu, t\u00f6flureiknis, gl\u00e6ruger\u00f0arforrits", "MS Office hugb\u00fana\u00f0arpakkanum \u00e1samt eiginleikum Office 365 til vinnslu og v\u00f6rslu skjala \u00e1 netinu", "virkni Google Docs til vinnslu og v\u00f6rslu skjala \u00e1 netinu", "si\u00f0fr\u00e6\u00f0i alnetsins, sem og kostum \u00feess og g\u00f6llum \u00e1samt eigin gildum er sn\u00faa a\u00f0 netnotkun, ni\u00f0urhali og mi\u00f0lun uppl\u00fdsinga \u00e1 netinu"], "skills_goals": ["vista skj\u00f6l \u00e1 mismunandi sv\u00e6\u00f0um \u00ed t\u00f6lvukerfi sk\u00f3lans", "nota sameiginlega skr\u00e1arsv\u00e6\u00f0i\u00f0 DropBox s\u00e9r til gagns", "velja a\u00f0fer\u00f0ir og verkf\u00e6ri sem henta \u00f3l\u00edkum verkefnum \u00ed uppl\u00fdsingat\u00e6kni", "vinna og setja upp skj\u00f6l \u00ed ritvinnslu, t.d. ritger\u00f0ir \u00e1 mismunandi h\u00e1tt", "hagn\u00fdta eiginleika t\u00f6flureikna, form\u00falur, j\u00f6fnur og myndrit til a\u00f0 vinna me\u00f0 t\u00f6luuppl\u00fdsingar", "gera gl\u00e6rukynningu me\u00f0 markvissri framsetningu uppl\u00fdsinga", "nota Google Docs til vinnslu og v\u00f6rslu skjala", "greina helstu h\u00e6ttur sem sn\u00faa a\u00f0 pers\u00f3nuvernd og samskiptum \u00e1 netinu", "nota t\u00f6lvuna og neti\u00f0 s\u00e9r til gagns \u00e1 \u00e1byrgan h\u00e1tt"], "credits": 5, "last_modified": 1426434077.448443, "schools": ["51234a418caa45ed97015b34"], "coauthors": null, "instructions": "", "continued_education": false, "level": 1, "prerequisites": "Engar", "author": "be449920-0f11-4afd-b29a-4f4c10d27d96", "abbreviation_version": null, "competence_goals": [["afla s\u00e9r uppl\u00fdsinga og bera saman eiginleika mismunandi tegunda af sameiginlegum skr\u00e1arsv\u00e6\u00f0um", ""], ["bera saman og meta eiginleika mismunandi uppl\u00fdsingat\u00e6kniforrita", ""], ["skipuleggja var\u00f0veislu gagna sinna", ""], ["meta efni af netinu \u00e1 gagnr\u00fdninn h\u00e1tt", ""]], "_id": "5505a81d62933a469200182a"}, {"exemplary": null, "topics": "\u00f6ldrunarhj\u00fakrun", "abbreviation": "VINN3\u00d6H08", "former_schools": null, "subject": "Verkn\u00e1m", "title": "Verkn\u00e1m \u00e1 hj\u00fakrunaheimili e\u00f0a \u00f6ldrunarl\u00e6kningadeild", "version": 5, "status_trans": "Sam\u00feykkt af sk\u00f3la", "embedded_subject": {"abbreviation": "VINN", "topics": [{"abbreviation": "LS", "topics": ["Lyfl\u00e6kningahj\u00fakrun", "skur\u00f0l\u00e6kningahj\u00fakrun"]}, {"abbreviation": "\u00d6H", "topics": ["\u00f6ldrunarhj\u00fakrun"]}, {"abbreviation": "FG", "topics": ["forvarnir", "gj\u00f6rg\u00e6sluhj\u00fakrun"]}, {"abbreviation": "GH", "topics": ["ge\u00f0hj\u00fakrun", "heilsug\u00e6sla"]}, {"abbreviation": "VF", "topics": ["Verkferlar", "framlei\u00f0sla", "framlei\u00f0sludeildir", "t\u00e6ki", "vinnua\u00f0sta\u00f0a"]}], "_id": "53a18d3a62933a022f000032", "subjects": ["Verkn\u00e1m"], "counter": {"1": 0, "3": 4, "2": 4, "4": 0}}, "evaluation": "N\u00e1msmat er \u00fatf\u00e6rt \u00ed kennslu\u00e1\u00e6tlun \u00ed samr\u00e6mi vi\u00f0 sk\u00f3lan\u00e1mskr\u00e1", "categorization_suggestion": "", "embedded_topics": {"abbreviation": "\u00d6H", "topics": ["\u00f6ldrunarhj\u00fakrun"]}, "status": "approved by school", "description": "Vinnusta\u00f0an\u00e1mi\u00f0/verkn\u00e1mi\u00f0 fer fram \u00e1 \u00f6ldrunarl\u00e6kningadeildum e\u00f0a hj\u00fakrunarheimilum. Kennari \u00e1fangans, sj\u00fakrali\u00f0i/lei\u00f0beinandi og deildarstj\u00f3ri bera sameiginlega \u00e1byrg\u00f0 \u00e1 verklegu n\u00e1mi sj\u00fakrali\u00f0anema. Nemandinn fylgir lei\u00f0beinanda vi\u00f0 \u00f6ll almenn st\u00f6rf sj\u00fakrali\u00f0a. \u00cd vinnusta\u00f0an\u00e1minu f\u00e6r nemandinn t\u00e6kif\u00e6ri til \u00feess a\u00f0 s\u00fdna auki\u00f0 sj\u00e1lfst\u00e6\u00f0i vi\u00f0 skipulagningu hj\u00fakrunarstarfa og vi\u00f0 mat \u00e1 hj\u00fakrunar\u00fe\u00f6rfum skj\u00f3lst\u00e6\u00f0inga, jafnframt a\u00f0 benda \u00e1 lausnir \u00e1 \u00feeim hj\u00fakrunarvi\u00f0fangsefnum sem vi\u00f0 eiga \u00e1 vinnusta\u00f0num. \u00cd upphafi t\u00edmabils setur nemandinn s\u00e9r pers\u00f3nuleg og fagleg markmi\u00f0 um verkn\u00e1mi\u00f0. \u00c1 me\u00f0an \u00e1 verkn\u00e1mi stendur skal nemandinn fylla \u00fat g\u00e1tlista og ferilb\u00f3k um unna verk\u00fe\u00e6tti. ", "knowledge_goals": ["ath\u00f6fnum daglegs l\u00edfs (ADL) vi\u00f0 um\u00f6nnun aldra\u00f0ra", "helstu \u00fe\u00e1ttum sem hafa \u00e1hrif \u00e1 heilsu og l\u00edfsg\u00e6\u00f0i aldra\u00f0ra", "forv\u00f6rnum og slysagildrum \u00ed umhverfi aldra\u00f0ra", "fylgikvillum r\u00famlegu", "helstu hj\u00e1lpart\u00e6kjum sem notu\u00f0 eru \u00ed hj\u00fakrun aldra\u00f0ra", "faglegri umhyggju og samskiptum \u00ed hj\u00fakrunarst\u00f6rfum", "mikilv\u00e6gi eftirlits og mats \u00e1 l\u00edkamlegu og andlegu \u00e1standi skj\u00f3lst\u00e6\u00f0inga", "m\u00e6lit\u00e6kjum og \u00f6\u00f0rum hj\u00fakrunarg\u00f6gnum sem eru notu\u00f0 \u00ed hj\u00fakrun aldra\u00f0ra", "skr\u00e1ningu hj\u00fakrunar", "sj\u00e1lfs\u00e1kv\u00f6r\u00f0unarr\u00e9tti og r\u00e9ttindum aldra\u00f0ra samkv\u00e6mt l\u00f6gum"], "skills_goals": ["meta sj\u00e1lfsbjargargetu og \u00fearfir aldra\u00f0ra \u00ed ath\u00f6fnum daglegs l\u00edfs", "s\u00fdna \u00f6ldru\u00f0um vir\u00f0ingu og faglega umhyggju", "m\u00e6la og skr\u00e1 algengar athuganir", "nota helstu hj\u00e1lpart\u00e6ki og hj\u00fakrunarg\u00f6gn \u00e1 vi\u00f0eigandi h\u00e1tt", "taka \u00fe\u00e1tt \u00ed \u00feverfaglegri samvinnu heilbrig\u00f0isst\u00e9tta", "forgangsra\u00f0a eigin st\u00f6rfum", "vinna samkv\u00e6mt hj\u00fakrunarferli"], "credits": 8, "last_modified": 1493741285.808083, "schools": ["51234a418caa45ed97015b34"], "coauthors": null, "instructions": "", "continued_education": false, "level": 3, "prerequisites": "VINN2LS08", "author": "7ace0f7d-b13c-4859-8a67-02c15409e1c2", "abbreviation_version": null, "competence_goals": [["velja vi\u00f0eigandi hj\u00fakrunarme\u00f0fer\u00f0 hverju sinni og r\u00f6ksty\u00f0ja hana", ""], ["vir\u00f0a og r\u00f6ksty\u00f0ja mikilv\u00e6gi \u00feagnarskyldu og mikilv\u00e6gi tr\u00fana\u00f0ar", ""], ["s\u00fdna f\u00e6rni \u00ed samskiptum vi\u00f0 aldra\u00f0a, a\u00f0standendur \u00feeirra og samstarfsf\u00f3lk", ""], ["s\u00fdna faglega umhyggju \u00ed hj\u00fakrun", ""], ["leggja sitt a\u00f0 m\u00f6rkum \u00ed \u00feverfaglegri samvinnu", ""], ["hj\u00fakra \u00f6ldru\u00f0um \u00e1 heildr\u00e6nan og faglegan h\u00e1tt", ""], ["\u00fatsk\u00fdra mikilv\u00e6gi \u00feagnarskyldu og r\u00e9ttindi aldra\u00f0ra", ""]], "_id": "5908aee562933a4e9204bc44"}, {"exemplary": null, "topics": "Lyfl\u00e6kningahj\u00fakrun, skur\u00f0l\u00e6kningahj\u00fakrun", "abbreviation": "VINN2LS08", "former_schools": null, "subject": "Verkn\u00e1m", "title": "Verkn\u00e1m \u00e1 sj\u00fakrah\u00fasi ", "version": 4, "status_trans": "Sam\u00feykkt af sk\u00f3la", "embedded_subject": {"abbreviation": "VINN", "topics": [{"abbreviation": "LS", "topics": ["Lyfl\u00e6kningahj\u00fakrun", "skur\u00f0l\u00e6kningahj\u00fakrun"]}, {"abbreviation": "\u00d6H", "topics": ["\u00f6ldrunarhj\u00fakrun"]}, {"abbreviation": "FG", "topics": ["forvarnir", "gj\u00f6rg\u00e6sluhj\u00fakrun"]}, {"abbreviation": "GH", "topics": ["ge\u00f0hj\u00fakrun", "heilsug\u00e6sla"]}, {"abbreviation": "VF", "topics": ["Verkferlar", "framlei\u00f0sla", "framlei\u00f0sludeildir", "t\u00e6ki", "vinnua\u00f0sta\u00f0a"]}], "_id": "53a18d3a62933a022f000032", "subjects": ["Verkn\u00e1m"], "counter": {"1": 0, "3": 3, "2": 3, "4": 0}}, "evaluation": "N\u00e1msmat er \u00fatf\u00e6rt \u00ed kennslu\u00e1\u00e6tlun \u00ed samr\u00e6mi vi\u00f0 sk\u00f3lan\u00e1mskr\u00e1", "categorization_suggestion": "", "embedded_topics": {"abbreviation": "LS", "topics": ["Lyfl\u00e6kningahj\u00fakrun", "skur\u00f0l\u00e6kningahj\u00fakrun"]}, "status": "approved by school", "description": "Vinnusta\u00f0an\u00e1mi\u00f0 fer fram \u00e1 almennri deild \u00e1 sj\u00fakrah\u00fasi s.s. skur\u00f0- og lyfl\u00e6kningadeildum. Verklegur hluti \u00e1fangans er 15 \u00e1tta klukkustunda vaktir \u00e1 \u00f6nn. Nemendur vinna jafnframt verkefni tengt vi\u00f0fangsefnum vinnusta\u00f0an\u00e1msins. Kennari \u00e1fangans, sj\u00fakrali\u00f0i/lei\u00f0beinandi og deildarstj\u00f3ri bera sameiginlega \u00e1byrg\u00f0 \u00e1 verklegu n\u00e1mi sj\u00fakrali\u00f0anema. Nemandi fylgir lei\u00f0beinanda vi\u00f0 \u00f6ll almenn st\u00f6rf sj\u00fakrali\u00f0a og \u00f6\u00f0last \u00fej\u00e1lfun \u00ed \u00feeim. \u00cd upphafi t\u00edmabils setur nemandi s\u00e9r pers\u00f3nuleg og fagleg markmi\u00f0 um vinnusta\u00f0an\u00e1mi\u00f0. \u00c1 me\u00f0an \u00e1 vinnusta\u00f0an\u00e1mi stendur skal nemandi fylla \u00fat g\u00e1tlista og ferilb\u00f3k um unna verk\u00fe\u00e6tti. ", "knowledge_goals": ["ath\u00f6fnum daglegs l\u00edfs (ADL) vi\u00f0 um\u00f6nnun sj\u00faklinga \u00e1 sj\u00fakrah\u00fasum", "vi\u00f0urkenndum reglum um smitg\u00e1t og s\u00fdkingavarnir", "fylgikvillum r\u00famlegu", "faglegri umhyggju og samskiptum \u00ed hj\u00fakrunarst\u00f6rfum", "mikilv\u00e6gi eftirlits og mats \u00e1 l\u00edkamlegu og andlegu \u00e1standi sj\u00faklings", "m\u00e6lit\u00e6kjum og \u00f6\u00f0rum hj\u00fakrunarg\u00f6gnum sem notu\u00f0 eru \u00ed hj\u00fakrunarst\u00f6rfum", "skr\u00e1ningu hj\u00fakrunar", "mikilv\u00e6gi \u00feagnarskyldu", "r\u00e9ttindum sj\u00faklinga samkv\u00e6mt l\u00f6gum", "undirb\u00faningi sj\u00faklings fyrir og eftir a\u00f0ger\u00f0ir og ranns\u00f3knir", "mikilv\u00e6gi forgangsr\u00f6\u00f0unar \u00ed hj\u00fakrunarst\u00f6rfum", "s\u00fdnat\u00f6kum og me\u00f0fer\u00f0 s\u00fdna"], "skills_goals": ["meta sj\u00e1lfsbjargargetu og \u00fearfir sj\u00faklingins \u00ed ath\u00f6fnum daglegs l\u00edfs", "vinna eftir reglum um smitg\u00e1t og s\u00fdnat\u00f6kur", "s\u00fdna sj\u00faklingi faglega umhyggju \u00ed hj\u00fakrun", "taka \u00fe\u00e1tt \u00ed a\u00f0 m\u00e6la og skr\u00e1 algengar athuganir hj\u00e1 sj\u00faklingum", "nota helstu hj\u00e1lpart\u00e6ki og hj\u00fakrunarg\u00f6gn \u00e1 vi\u00f0eigandi h\u00e1tt", "taka \u00fe\u00e1tt \u00ed \u00feverfaglegri samvinnu heilbrig\u00f0isst\u00e9tta", "forgangsra\u00f0a eigin st\u00f6rfum", "vinna samkv\u00e6mt hj\u00fakrunarferli", "\u00fatsk\u00fdra mikilv\u00e6gi \u00feagnarskyldu og r\u00e9ttindi sj\u00faklinga", "taka \u00fe\u00e1tt \u00ed hj\u00fakrun sj\u00faklinga fyrir og eftir a\u00f0ger\u00f0ir og ranns\u00f3knir"], "credits": 8, "last_modified": 1493389097.98589, "schools": ["51234a418caa45ed97015b34"], "coauthors": null, "instructions": "", "continued_education": false, "level": 2, "prerequisites": "HJ\u00daK2HM05,HJ\u00daK2TV05 e\u00f0a samhli\u00f0a n\u00e1mi \u00ed \u00feessum \u00e1f\u00f6ngum", "author": "7ace0f7d-b13c-4859-8a67-02c15409e1c2", "abbreviation_version": null, "competence_goals": [["velja vi\u00f0eigandi hj\u00fakrunarme\u00f0fer\u00f0 hverju sinni og geta r\u00f6kstutt hana", ""], ["geta teki\u00f0 \u00fe\u00e1tt \u00ed hj\u00fakrun sj\u00faklingi fyrir og eftir a\u00f0ger\u00f0 og ranns\u00f3knir", ""], ["vir\u00f0a og r\u00f6ksty\u00f0ja mikilv\u00e6gi \u00feagnarskyldu og tr\u00fana\u00f0ar vi\u00f0 sj\u00fakling", ""], ["s\u00fdna h\u00e6fni \u00ed samskiptum vi\u00f0 sj\u00faklinga og samstarfsf\u00f3lk", ""], ["s\u00fdna faglega umhyggju \u00ed hj\u00fakrun", ""]], "_id": "59034f2962933a4e92048de3"}, {"exemplary": null, "topics": "ge\u00f0hj\u00fakrun, heilsug\u00e6sla", "abbreviation": "VINN3GH08", "former_schools": null, "subject": "Verkn\u00e1m", "title": "Verkn\u00e1m \u00e1 s\u00e9rdeildum", "version": 4, "status_trans": "Sam\u00feykkt af sk\u00f3la", "embedded_subject": {"abbreviation": "VINN", "topics": [{"abbreviation": "LS", "topics": ["Lyfl\u00e6kningahj\u00fakrun", "skur\u00f0l\u00e6kningahj\u00fakrun"]}, {"abbreviation": "\u00d6H", "topics": ["\u00f6ldrunarhj\u00fakrun"]}, {"abbreviation": "FG", "topics": ["forvarnir", "gj\u00f6rg\u00e6sluhj\u00fakrun"]}, {"abbreviation": "GH", "topics": ["ge\u00f0hj\u00fakrun", "heilsug\u00e6sla"]}, {"abbreviation": "VF", "topics": ["Verkferlar", "framlei\u00f0sla", "framlei\u00f0sludeildir", "t\u00e6ki", "vinnua\u00f0sta\u00f0a"]}], "_id": "53a18d3a62933a022f000032", "subjects": ["Verkn\u00e1m"], "counter": {"1": 0, "3": 3, "2": 4, "4": 0}}, "evaluation": "N\u00e1msmat er \u00fatf\u00e6rt \u00ed kennslu\u00e1\u00e6tlun \u00ed samr\u00e6mi vi\u00f0 sk\u00f3lan\u00e1mskr\u00e1", "categorization_suggestion": "", "embedded_topics": {"abbreviation": "GH", "topics": ["ge\u00f0hj\u00fakrun", "heilsug\u00e6sla"]}, "status": "approved by school", "description": "Vinnusta\u00f0an\u00e1mi\u00f0/verkn\u00e1mi\u00f0 fer fram \u00e1 s\u00e9rdeildum s.s. gj\u00f6rg\u00e6sludeildum, kvennadeild, endurh\u00e6fingardeildum, l\u00edknardeildum, ge\u00f0deildum e\u00f0a heilsug\u00e6lust\u00f6\u00f0vum og \u00ed heimahj\u00fakrun. Kennari \u00e1fangans, sj\u00fakrali\u00f0i/lei\u00f0beinandi og deildarstj\u00f3ri bera sameiginlega \u00e1byrg\u00f0 \u00e1 verklegu n\u00e1mi sj\u00fakrali\u00f0anema. Nemandinn skal skipuleggja hj\u00fakrunarst\u00f6rf s\u00edn \u00ed samvinnu vi\u00f0 lei\u00f0beinanda og geta yfirf\u00e6rt b\u00f3klega \u00feekkingu \u00e1 hj\u00fakrunarvi\u00f0fangsefni sem hann vinnur vi\u00f0 \u00e1 deildinni. Nemandinn skal f\u00e1 \u00fej\u00e1lfun \u00ed \u00fev\u00ed a\u00f0 vinna sj\u00e1lfst\u00e6tt, s\u00fdna frumkv\u00e6\u00f0i og forgangsra\u00f0a verkefnum s\u00ednum me\u00f0 \u00fearfir skj\u00f3lst\u00e6\u00f0inga a\u00f0 lei\u00f0arlj\u00f3si. Nemandinn fylgir lei\u00f0beinanda vi\u00f0 \u00f6ll almenn st\u00f6rf sj\u00fakrali\u00f0a. \u00cd upphafi t\u00edmabils setur nemandinn s\u00e9r pers\u00f3nuleg og fagleg markmi\u00f0 um verkn\u00e1mi\u00f0. \u00c1 me\u00f0an \u00e1 verkn\u00e1mi stendur skal nemandinn fylla \u00fat g\u00e1tlista og ferilb\u00f3k um unna verk\u00fe\u00e6tti.", "knowledge_goals": ["mikilv\u00e6gi heildr\u00e6nnar hj\u00fakrunar", "helstu \u00fe\u00e1ttum sem hafa \u00e1hrif \u00e1 heilsu og l\u00edfsg\u00e6\u00f0i skj\u00f3lst\u00e6\u00f0inga", "helstu hj\u00e1lpart\u00e6kjum sem notu\u00f0 eru \u00ed hj\u00fakrunarst\u00f6rfum", "faglegri umhyggju og samskiptum \u00ed hj\u00fakrunarst\u00f6rfum", "mikilv\u00e6gi eftirlits og mats \u00e1 l\u00edkamlegu og andlegu \u00e1standi skj\u00f3lst\u00e6\u00f0inga", "m\u00e6lit\u00e6kjum og \u00f6\u00f0rum hj\u00fakrunarg\u00f6gnum sem notu\u00f0 eru", "sj\u00e1lfs\u00e1kv\u00f6r\u00f0unarr\u00e9tti og r\u00e9ttindum sj\u00faklinga samkv\u00e6mt l\u00f6gum", "mikilv\u00e6gi forgangsr\u00f6\u00f0unar \u00ed hj\u00fakrunarst\u00f6rfum"], "skills_goals": ["s\u00fdna skj\u00f3lst\u00e6\u00f0ingum og a\u00f0standendum vir\u00f0ingu og faglega umhyggju", "nota helstu hj\u00e1lpart\u00e6ki og hj\u00fakrunarg\u00f6gn \u00e1 vi\u00f0eigandi h\u00e1tt", "taka \u00fe\u00e1tt \u00ed \u00feverfaglegri samvinnu heilbrig\u00f0isst\u00e9tta", "s\u00fdna frumkv\u00e6\u00f0i og forgangsra\u00f0a eigin st\u00f6rfum", "skr\u00e1 og vinna samkv\u00e6mt hj\u00fakrunarferli"], "credits": 8, "last_modified": 1493741037.49365, "schools": ["51234a418caa45ed97015b34"], "coauthors": null, "instructions": "", "continued_education": false, "level": 3, "prerequisites": "VINN3\u00d6H08", "author": "7ace0f7d-b13c-4859-8a67-02c15409e1c2", "abbreviation_version": null, "competence_goals": [["velja vi\u00f0eigandi hj\u00fakrunarme\u00f0fer\u00f0 hverju sinni og geta r\u00f6kstutt hana", ""], ["vir\u00f0a og r\u00f6ksty\u00f0ja mikilv\u00e6gi \u00feagnarskyldu og mikilv\u00e6gi tr\u00fana\u00f0ar", ""], ["s\u00fdna h\u00e6fni \u00ed samskiptum og samstarfi vi\u00f0 skj\u00f3lst\u00e6\u00f0inga, a\u00f0standendur \u00feeirra og samstarfsf\u00f3lk", ""], ["leggja sitt a\u00f0 m\u00f6rkum \u00ed \u00feverfaglegri samvinnu", ""], ["hj\u00fakra sj\u00faklingum vi\u00f0 margbreytilegar a\u00f0st\u00e6\u00f0ur", ""], ["\u00fatsk\u00fdra mikilv\u00e6gi \u00feagnarskyldu og r\u00e9ttindi sj\u00faklinga", ""]], "_id": "5908aded62933a4e9204bc2e"}, {"exemplary": null, "topics": "\u00c6fingar \u00ed \u00fereksal", "abbreviation": "\u00cd\u00deR\u00d31\u00deR01", "former_schools": null, "subject": "\u00ed\u00fer\u00f3ttir", "title": "\u00c6fingar \u00ed \u00fereksal ", "version": 104, "status_trans": "Sam\u00feykkt af sk\u00f3la", "embedded_subject": {"abbreviation": "\u00cd\u00deR\u00d3", "topics": [{"abbreviation": "\u00deK", "topics": ["kraftur", "styrkur", "\u00feol"]}, {"abbreviation": "GL", "topics": ["grunn\u00fe\u00e6ttir \u00ed almennri l\u00edkams- og heilsur\u00e6kt"]}, {"abbreviation": "GH", "topics": ["grunn\u00fe\u00e6ttir \u00ed almennri heilsu- og l\u00edkamsr\u00e6kt"]}, {"abbreviation": "LC", "topics": ["l\u00edkams- og heilsur\u00e6kt"]}, {"abbreviation": "LD", "topics": ["framhald", "l\u00edkams- og heilsur\u00e6kt"]}, {"abbreviation": "AL", "topics": ["almenn l\u00edkams- og heilsur\u00e6kt e\u00f0a \u00fativist"]}, {"abbreviation": "AH", "topics": ["almenn heilsu- og l\u00edkamsr\u00e6kt e\u00f0a \u00fativist"]}, {"abbreviation": "HR", "topics": ["heilsur\u00e6kt"]}, {"abbreviation": "HH", "topics": ["hreyfing og heilsur\u00e6kt"]}, {"abbreviation": "L\u00cd", "topics": ["l\u00edkamsr\u00e6kt"]}, {"abbreviation": "KN", "topics": ["knattspyrna"]}, {"abbreviation": "KK", "topics": ["k\u00f6rfuknattleikur"]}, {"abbreviation": "BA", "topics": ["badminton"]}, {"abbreviation": "BL", "topics": ["blak"]}, {"abbreviation": "HL", "topics": ["almenn heilsu- og l\u00edkamsr\u00e6kt"]}, {"abbreviation": "LA", "topics": ["almenn heilsu- og l\u00edkamsr\u00e6kt me\u00f0 \u00e1herslu \u00e1 styrk", "l\u00edkamsbeitingu og snerpu"]}, {"abbreviation": "LN", "topics": ["l\u00edfst\u00edll", "n\u00e6ring"]}, {"abbreviation": "M\u00de", "topics": ["markmi\u00f0asetning", "\u00fej\u00e1lfunar\u00e1\u00e6tlanir"]}, {"abbreviation": "SK", "topics": ["skipul\u00f6g\u00f0 hreyfing"]}, {"abbreviation": "S\u00cd", "topics": ["skipul\u00f6g\u00f0 hreyfing framhald", "\u00ed\u00fer\u00f3ttir"]}, {"abbreviation": "LS", "topics": ["l\u00edkamsbeiting og snerpa", "styrkur"]}, {"abbreviation": "U\u00de", "topics": ["upphitun", "\u00feol\u00fej\u00e1lfun"]}, {"abbreviation": "SL", "topics": ["li\u00f0leiki", "l\u00edkamsbeiting", "styrkur", "\u00ed\u00fer\u00f3ttamei\u00f0sli"]}, {"abbreviation": "SS", "topics": ["samh\u00e6fing", "snerpa"]}, {"abbreviation": "LH", "topics": ["heilsa", "l\u00edfsst\u00edll"]}, {"abbreviation": "HA", "topics": ["almenn l\u00edkams og heilsur\u00e6kt", "hreyfing", "likamsr\u00e6ktarsalur"]}, {"abbreviation": "B\u00cd", "topics": ["bolta\u00ed\u00fer\u00f3ttir", "l\u00edffr\u00e6\u00f0i hreyfingar"]}, {"abbreviation": "\u00daH", "topics": ["hreyfing", "j\u00e1kv\u00e6\u00f0 upplifun", "sj\u00e1lfstyrking", "\u00dativist"]}, {"abbreviation": "\u00daF", "topics": ["g\u00f6ngufer\u00f0ir \u00e1 fj\u00f6ll", "hreyfing", "\u00fativist"]}, {"abbreviation": "B\u00dd", "topics": ["Band\u00fd"]}, {"abbreviation": "GA", "topics": ["Ganga"]}, {"abbreviation": "SU", "topics": ["Sund"]}, {"abbreviation": "\u00cdS", "topics": ["starfsbraut", "\u00ed\u00fer\u00f3ttir"]}, {"abbreviation": "LB", "topics": ["L\u00edkamsr\u00e6kt", "hreyfing", "li\u00f0leiki", "styrking"]}, {"abbreviation": "A\u00cd", "topics": ["Almennar \u00ed\u00fer\u00f3ttir"]}, {"abbreviation": "BG", "topics": ["Grunnur a\u00f0 l\u00edkamsr\u00e6kt 2"]}, {"abbreviation": "AG", "topics": ["Grunnur a\u00f0 l\u00edkamsr\u00e6kt A"]}, {"abbreviation": "\u00cdC", "topics": ["L\u00edkamsr\u00e6kt og heilsa A"]}, {"abbreviation": "\u00cdD", "topics": ["L\u00edkamsr\u00e6kt og heilsa B"]}, {"abbreviation": "\u00cdF", "topics": ["Almenn heilsur\u00e6kt B"]}, {"abbreviation": "AA", "topics": ["almennar \u00ed\u00fer\u00f3ttir A"]}, {"abbreviation": "AB", "topics": ["Almennar \u00ed\u00fer\u00f3ttir B"]}, {"abbreviation": "AC", "topics": ["Almennar \u00ed\u00fer\u00f3ttir C"]}, {"abbreviation": "AD", "topics": ["Almennar \u00ed\u00fer\u00f3ttir D"]}, {"abbreviation": "AE", "topics": ["Almennar \u00ed\u00fer\u00f3ttir E"]}, {"abbreviation": "AF", "topics": ["Almennar \u00ed\u00fer\u00f3ttir F"]}, {"abbreviation": "HU", "topics": ["Hugur og heilsa"]}, {"abbreviation": "\u00deB", "topics": ["knattspyrna", "k\u00f6rfubolti og a\u00f0rir boltaleikir", "\u00derek"]}, {"abbreviation": "\u00cdG", "topics": ["\u00cd\u00fer\u00f3ttagreinar og \u00fativist"]}, {"abbreviation": "HJ", "topics": ["Hj\u00f3la\u00f0 \u00ed sk\u00f3lann"]}, {"abbreviation": "DL", "topics": ["Dansleikh\u00fas"]}, {"abbreviation": "LE", "topics": ["l\u00edkamsbeyting", "snerpa"]}, {"abbreviation": "LF", "topics": ["l\u00edkamsbeyting", "snerpa", "styrkur"]}, {"abbreviation": "LG", "topics": ["l\u00edkamsbeyting", "styrkur"]}, {"abbreviation": "NA", "topics": ["Hreyfing og heilsur\u00e6kt"]}, {"abbreviation": "NB", "topics": ["Almenn hreyfing og heilsur\u00e6kt"]}, {"abbreviation": "NC", "topics": ["Almenn heilsur\u00e6kt og hreyfing"]}, {"abbreviation": "ND", "topics": ["Fj\u00f6lbreytt hreyfing og heilsur\u00e6kt"]}, {"abbreviation": "NE", "topics": ["Hreyfing", "heilsu- og l\u00edkamsr\u00e6kt"]}, {"abbreviation": "NF", "topics": ["L\u00edkams- og heilsur\u00e6kt"]}, {"abbreviation": "\u00deR", "topics": ["\u00c6fingar \u00ed \u00fereksal"]}, {"abbreviation": "DA", "topics": ["dans", "leikir og samvinna", "\u00cd\u00fer\u00f3ttir"]}, {"abbreviation": "BO", "topics": ["Boltaleikir"]}, {"abbreviation": "HB", "topics": ["Handbolti"]}, {"abbreviation": "HP", "topics": ["Hlaup"]}, {"abbreviation": "K\u00d6", "topics": ["K\u00f6rfubolti"]}, {"abbreviation": "L\u00de", "topics": ["Leikir og \u00ferek"]}, {"abbreviation": "VE", "topics": ["Vetrar\u00ed\u00fer\u00f3ttir", "bretti", "skautar", "sk\u00ed\u00f0i"]}, {"abbreviation": "\u00deL", "topics": ["hlaup", "li\u00f0leiki", "lyftingar", "\u00derek"]}, {"abbreviation": "\u00cdA", "topics": ["Almenn heilsur\u00e6kt"]}, {"abbreviation": "S\u00c9", "topics": ["s\u00e9rh\u00e6fing \u00ed \u00ed\u00fer\u00f3ttagrein"]}, {"abbreviation": "ST", "topics": ["Styrktar\u00fej\u00e1lfun"]}, {"abbreviation": "SV", "topics": ["Skvass"]}, {"abbreviation": "\u00daT", "topics": ["\u00dativist og fjallamennska"]}, {"abbreviation": "JF", "topics": ["J\u00f6kla-og fjallg\u00f6ngur"]}, {"abbreviation": "J\u00d3", "topics": ["J\u00f3ga"]}], "_id": "50c0a02dd8e40575f7f6f4cc", "subjects": ["\u00ed\u00fer\u00f3ttir"], "counter": {"1": 103, "3": 0, "2": 31, "4": 0}}, "evaluation": "N\u00e1msmat er \u00fatf\u00e6rt \u00ed kennslu\u00e1\u00e6tlun \u00ed samr\u00e6mi vi\u00f0  sk\u00f3lan\u00e1mskr\u00e1", "categorization_suggestion": "", "embedded_topics": {"abbreviation": "\u00deR", "topics": ["\u00c6fingar \u00ed \u00fereksal"]}, "status": "approved by school", "description": "Nemandi fer \u00ed r\u00e6ktina og framkv\u00e6mir \u00e6finga\u00e1\u00e6tlun.", "knowledge_goals": ["a\u00f0 setja upp \u00e6finga\u00e1\u00e6tlun fyrir sj\u00e1lfan sig og fylgja henni"], "skills_goals": ["fylgja \u00e6finga\u00e1\u00e6tlun"], "credits": 1, "last_modified": 1431957506.321438, "schools": ["51234a418caa45ed97015b34"], "coauthors": null, "instructions": "", "continued_education": false, "level": 1, "prerequisites": "\u00cd\u00deR\u00d31\u00cdA01", "author": "be449920-0f11-4afd-b29a-4f4c10d27d96", "abbreviation_version": null, "competence_goals": [["stunda l\u00edkamsr\u00e6kt fyrir l\u00edfst\u00ed\u00f0", ""]], "_id": "5559f00262933a0313000c7d"}, {"exemplary": null, "topics": "\u00cd\u00fer\u00f3ttagreinar og \u00fativist", "abbreviation": "\u00cd\u00deR\u00d31\u00cdG01", "former_schools": null, "subject": "\u00ed\u00fer\u00f3ttir", "title": "\u00cd\u00fer\u00f3ttagreinar og \u00fativist", "version": 94, "status_trans": "Sam\u00feykkt af sk\u00f3la", "embedded_subject": {"abbreviation": "\u00cd\u00deR\u00d3", "topics": [{"abbreviation": "\u00deK", "topics": ["kraftur", "styrkur", "\u00feol"]}, {"abbreviation": "GL", "topics": ["grunn\u00fe\u00e6ttir \u00ed almennri l\u00edkams- og heilsur\u00e6kt"]}, {"abbreviation": "GH", "topics": ["grunn\u00fe\u00e6ttir \u00ed almennri heilsu- og l\u00edkamsr\u00e6kt"]}, {"abbreviation": "LC", "topics": ["l\u00edkams- og heilsur\u00e6kt"]}, {"abbreviation": "LD", "topics": ["framhald", "l\u00edkams- og heilsur\u00e6kt"]}, {"abbreviation": "AL", "topics": ["almenn l\u00edkams- og heilsur\u00e6kt e\u00f0a \u00fativist"]}, {"abbreviation": "AH", "topics": ["almenn heilsu- og l\u00edkamsr\u00e6kt e\u00f0a \u00fativist"]}, {"abbreviation": "HR", "topics": ["heilsur\u00e6kt"]}, {"abbreviation": "HH", "topics": ["hreyfing og heilsur\u00e6kt"]}, {"abbreviation": "L\u00cd", "topics": ["l\u00edkamsr\u00e6kt"]}, {"abbreviation": "KN", "topics": ["knattspyrna"]}, {"abbreviation": "KK", "topics": ["k\u00f6rfuknattleikur"]}, {"abbreviation": "BA", "topics": ["badminton"]}, {"abbreviation": "BL", "topics": ["blak"]}, {"abbreviation": "HL", "topics": ["almenn heilsu- og l\u00edkamsr\u00e6kt"]}, {"abbreviation": "LA", "topics": ["almenn heilsu- og l\u00edkamsr\u00e6kt me\u00f0 \u00e1herslu \u00e1 styrk", "l\u00edkamsbeitingu og snerpu"]}, {"abbreviation": "LN", "topics": ["l\u00edfst\u00edll", "n\u00e6ring"]}, {"abbreviation": "M\u00de", "topics": ["markmi\u00f0asetning", "\u00fej\u00e1lfunar\u00e1\u00e6tlanir"]}, {"abbreviation": "SK", "topics": ["skipul\u00f6g\u00f0 hreyfing"]}, {"abbreviation": "S\u00cd", "topics": ["skipul\u00f6g\u00f0 hreyfing framhald", "\u00ed\u00fer\u00f3ttir"]}, {"abbreviation": "LS", "topics": ["l\u00edkamsbeiting og snerpa", "styrkur"]}, {"abbreviation": "U\u00de", "topics": ["upphitun", "\u00feol\u00fej\u00e1lfun"]}, {"abbreviation": "SL", "topics": ["li\u00f0leiki", "l\u00edkamsbeiting", "styrkur", "\u00ed\u00fer\u00f3ttamei\u00f0sli"]}, {"abbreviation": "SS", "topics": ["samh\u00e6fing", "snerpa"]}, {"abbreviation": "LH", "topics": ["heilsa", "l\u00edfsst\u00edll"]}, {"abbreviation": "HA", "topics": ["almenn l\u00edkams og heilsur\u00e6kt", "hreyfing", "likamsr\u00e6ktarsalur"]}, {"abbreviation": "B\u00cd", "topics": ["bolta\u00ed\u00fer\u00f3ttir", "l\u00edffr\u00e6\u00f0i hreyfingar"]}, {"abbreviation": "\u00daH", "topics": ["hreyfing", "j\u00e1kv\u00e6\u00f0 upplifun", "sj\u00e1lfstyrking", "\u00dativist"]}, {"abbreviation": "\u00daF", "topics": ["g\u00f6ngufer\u00f0ir \u00e1 fj\u00f6ll", "hreyfing", "\u00fativist"]}, {"abbreviation": "B\u00dd", "topics": ["Band\u00fd"]}, {"abbreviation": "GA", "topics": ["Ganga"]}, {"abbreviation": "SU", "topics": ["Sund"]}, {"abbreviation": "\u00cdS", "topics": ["starfsbraut", "\u00ed\u00fer\u00f3ttir"]}, {"abbreviation": "LB", "topics": ["L\u00edkamsr\u00e6kt", "hreyfing", "li\u00f0leiki", "styrking"]}, {"abbreviation": "A\u00cd", "topics": ["Almennar \u00ed\u00fer\u00f3ttir"]}, {"abbreviation": "BG", "topics": ["Grunnur a\u00f0 l\u00edkamsr\u00e6kt 2"]}, {"abbreviation": "AG", "topics": ["Grunnur a\u00f0 l\u00edkamsr\u00e6kt A"]}, {"abbreviation": "\u00cdC", "topics": ["L\u00edkamsr\u00e6kt og heilsa A"]}, {"abbreviation": "\u00cdD", "topics": ["L\u00edkamsr\u00e6kt og heilsa B"]}, {"abbreviation": "\u00cdF", "topics": ["Almenn heilsur\u00e6kt B"]}, {"abbreviation": "AA", "topics": ["almennar \u00ed\u00fer\u00f3ttir A"]}, {"abbreviation": "AB", "topics": ["Almennar \u00ed\u00fer\u00f3ttir B"]}, {"abbreviation": "AC", "topics": ["Almennar \u00ed\u00fer\u00f3ttir C"]}, {"abbreviation": "AD", "topics": ["Almennar \u00ed\u00fer\u00f3ttir D"]}, {"abbreviation": "AE", "topics": ["Almennar \u00ed\u00fer\u00f3ttir E"]}, {"abbreviation": "AF", "topics": ["Almennar \u00ed\u00fer\u00f3ttir F"]}, {"abbreviation": "HU", "topics": ["Hugur og heilsa"]}, {"abbreviation": "\u00deB", "topics": ["knattspyrna", "k\u00f6rfubolti og a\u00f0rir boltaleikir", "\u00derek"]}, {"abbreviation": "\u00cdG", "topics": ["\u00cd\u00fer\u00f3ttagreinar og \u00fativist"]}, {"abbreviation": "HJ", "topics": ["Hj\u00f3la\u00f0 \u00ed sk\u00f3lann"]}, {"abbreviation": "DL", "topics": ["Dansleikh\u00fas"]}, {"abbreviation": "LE", "topics": ["l\u00edkamsbeyting", "snerpa"]}, {"abbreviation": "LF", "topics": ["l\u00edkamsbeyting", "snerpa", "styrkur"]}, {"abbreviation": "LG", "topics": ["l\u00edkamsbeyting", "styrkur"]}, {"abbreviation": "NA", "topics": ["Hreyfing og heilsur\u00e6kt"]}, {"abbreviation": "NB", "topics": ["Almenn hreyfing og heilsur\u00e6kt"]}, {"abbreviation": "NC", "topics": ["Almenn heilsur\u00e6kt og hreyfing"]}, {"abbreviation": "ND", "topics": ["Fj\u00f6lbreytt hreyfing og heilsur\u00e6kt"]}, {"abbreviation": "NE", "topics": ["Hreyfing", "heilsu- og l\u00edkamsr\u00e6kt"]}, {"abbreviation": "NF", "topics": ["L\u00edkams- og heilsur\u00e6kt"]}, {"abbreviation": "\u00deR", "topics": ["\u00c6fingar \u00ed \u00fereksal"]}, {"abbreviation": "DA", "topics": ["dans", "leikir og samvinna", "\u00cd\u00fer\u00f3ttir"]}, {"abbreviation": "BO", "topics": ["Boltaleikir"]}, {"abbreviation": "HB", "topics": ["Handbolti"]}, {"abbreviation": "HP", "topics": ["Hlaup"]}, {"abbreviation": "K\u00d6", "topics": ["K\u00f6rfubolti"]}, {"abbreviation": "L\u00de", "topics": ["Leikir og \u00ferek"]}, {"abbreviation": "VE", "topics": ["Vetrar\u00ed\u00fer\u00f3ttir", "bretti", "skautar", "sk\u00ed\u00f0i"]}, {"abbreviation": "\u00deL", "topics": ["hlaup", "li\u00f0leiki", "lyftingar", "\u00derek"]}, {"abbreviation": "\u00cdA", "topics": ["Almenn heilsur\u00e6kt"]}], "_id": "50c0a02dd8e40575f7f6f4cc", "subjects": ["\u00ed\u00fer\u00f3ttir"], "counter": {"1": 58, "3": 0, "2": 10, "4": 0}}, "evaluation": "N\u00e1msmat er \u00fatf\u00e6rt \u00ed kennslu\u00e1\u00e6tlun \u00ed samr\u00e6mi vi\u00f0  sk\u00f3lan\u00e1mskr\u00e1", "categorization_suggestion": "", "embedded_topics": {"abbreviation": "\u00cdG", "topics": ["\u00cd\u00fer\u00f3ttagreinar og \u00fativist"]}, "status": "approved by school", "description": "Kennt er \u00ed \u00ed\u00fer\u00f3ttasal \u00fear sem \u00ed\u00fer\u00f3ttagreinar eru teknar fyrir og \u00ed stofu \u00fear sem n\u00e1nar er fari\u00f0 \u00ed greinar,  matar\u00e6\u00f0i og \u00fativist.", "knowledge_goals": ["helstu \u00ed\u00fer\u00f3ttagreinum og \u00fativistarm\u00f6guleikum"], "skills_goals": ["t\u00falka reglur helstu \u00ed\u00fer\u00f3ttagreina og \u00feekki helstu f\u00e6\u00f0uflokka og geti sett upp matardagb\u00f3k"], "credits": 1, "last_modified": 1426178004.912133, "schools": ["51234a418caa45ed97015b34"], "coauthors": null, "instructions": "", "continued_education": false, "level": 1, "prerequisites": "\u00cd\u00deR\u00d31GH02", "author": "be449920-0f11-4afd-b29a-4f4c10d27d96", "abbreviation_version": null, "competence_goals": [["stunda l\u00edkamsr\u00e6kt \u00ed n\u00e1nasta umhverfi og \u00ed n\u00e1tt\u00farunni", ""], ["temja s\u00e9r hollt matar\u00e6\u00f0i", ""]], "_id": "5501bfd462933a46920012df"}], "title": ""}], "description": "Sj\u00fakrali\u00f0an\u00e1m er 203 eininga n\u00e1m me\u00f0 n\u00e1mslok \u00e1 3. h\u00e6fni\u00ferepi. N\u00e1mi\u00f0 skiptist \u00ed almennar greinar, heilbrig\u00f0isgreinar og n\u00e1m \u00ed s\u00e9rgreinum sj\u00fakrali\u00f0abrautar. N\u00e1m \u00ed s\u00e9rgreinum sj\u00fakrali\u00f0abrautar er b\u00e6\u00f0i b\u00f3klegt og verklegt n\u00e1m \u00ed sk\u00f3la og starfsn\u00e1m \u00e1 heilbrig\u00f0isstofnunum. Tilgangur sj\u00fakrali\u00f0an\u00e1ms er a\u00f0 undirb\u00faa nemendur undir krefjandi st\u00f6rf vi\u00f0 hj\u00fakrun, endurh\u00e6fingu og forvarnir b\u00e6\u00f0i \u00e1 heilbrig\u00f0isstofnunum og \u00e1 heimilum f\u00f3lks \u00fear sem reynir \u00e1 samskiptaf\u00e6rni og si\u00f0fer\u00f0isvitund starfsmanna. \u00cd n\u00e1minu er r\u00edk \u00e1hersla l\u00f6g\u00f0 \u00e1 samvinnu vi\u00f0 starfsf\u00f3lk og stj\u00f3rnendur \u00ed heilbrig\u00f0is\u00fej\u00f3nustu. Sj\u00fakrali\u00f0an\u00e1m getur veri\u00f0 g\u00f3\u00f0ur grunnur fyrir frekara n\u00e1m \u00ed heilbrig\u00f0isv\u00edsindum. A\u00f0 lokinni brautskr\u00e1ningu fr\u00e1 sk\u00f3la getur nemandi s\u00f3tt um l\u00f6ggildingu starfsheitis til Emb\u00e6ttis landl\u00e6knis og \u00f6\u00f0last \u00fe\u00e1 r\u00e9ttindi til a\u00f0 starfa sem sj\u00fakrali\u00f0i \u00e1 \u00cdslandi. Starfsheiti\u00f0 sj\u00fakrali\u00f0i er l\u00f6gvernda\u00f0. ", "tags": "Augl\u00fdst \u00ed Stj\u00f3rnart\u00ed\u00f0indum 26.04.2019", "rules": "L\u00e1gmarkseinkunn er 5 \u00ed \u00f6llum \u00e1f\u00f6ngum og \u00feurfa nemendur a\u00f0 hafa loki\u00f0 undanf\u00f6rum til \u00feess a\u00f0 halda \u00e1fram n\u00e1mi \u00ed hverri grein \u00fear sem \u00fea\u00f0 \u00e1 vi\u00f0. ", "onsite_training": "Starfsn\u00e1m skiptist \u00ed vinnusta\u00f0an\u00e1m og starfs\u00fej\u00e1lfun, hvort tveggja \u00e1 heilbrig\u00f0isstofnun. Vinnusta\u00f0an\u00e1m er skipulagt sem 24 eininga n\u00e1m \u00e1 heilbrig\u00f0isstofnunum undir lei\u00f0s\u00f6gn sj\u00fakrali\u00f0a og deildarstj\u00f3ra vi\u00f0komandi deildar e\u00f0a einingar. Tilgangur vinnusta\u00f0an\u00e1ms er a\u00f0 nemendur \u00f6\u00f0list h\u00e6fni til a\u00f0 takast \u00e1 vi\u00f0 margbreytilegar a\u00f0st\u00e6\u00f0ur \u00e1 heilbrig\u00f0isstofnunum, ver\u00f0i f\u00e6rir um a\u00f0 axla \u00e1byrg\u00f0 og s\u00fdna sj\u00e1lfst\u00e6\u00f0i \u00ed starfi. Hverjum nemanda skal fylgja ferilb\u00f3k \u00fear sem ger\u00f0 er grein fyrir \u00fej\u00e1lfun hans \u00ed vinnusta\u00f0an\u00e1mi, verkefnum er l\u00fdst og mat lagt \u00e1 h\u00e6fni og framvindu n\u00e1ms. Vi\u00f0 upphaf vinnusta\u00f0an\u00e1ms setur nemandi s\u00e9r fagleg og pers\u00f3nuleg markmi\u00f0 sem ver\u00f0a lei\u00f0arlj\u00f3s \u00ed n\u00e1minu og \u00ed samskiptum hans vi\u00f0 skj\u00f3lst\u00e6\u00f0inga, lei\u00f0beinanda og starfsf\u00f3lk. Nemandi og lei\u00f0beinandi \u00ed vinnusta\u00f0an\u00e1mi bera \u00e1byrg\u00f0 \u00e1 skr\u00e1ningu ferilb\u00f3kar sem er hluti af n\u00e1msmati. Vinnusta\u00f0an\u00e1m er skipulagt \u00fat fr\u00e1 h\u00e6fnivi\u00f0mi\u00f0um brautar og skilgreindum h\u00e6fnikr\u00f6fum sj\u00fakrali\u00f0astarfsins. Stofnun sem gerir samning um vinnusta\u00f0an\u00e1m nemenda skuldbindur sig til a\u00f0 fylgja \u00feeim markmi\u00f0um. Deildastj\u00f3ri og/e\u00f0a umsj\u00f3nakennari sj\u00fakrali\u00f0an\u00e1msins skipuleggur verkn\u00e1ms\u00e1fanga \u00ed samvinnu vi\u00f0 verkn\u00e1mskennara. Umsj\u00f3narkennarar verkn\u00e1ms\u00e1fanga fylgja nemendum eftir og meta, \u00ed samvinnu vi\u00f0 lei\u00f0beinendur \u00e1 heilbrig\u00f0isstofnunum, hvort \u00feeir hafi sta\u00f0ist verklegan \u00e1fanga. \nStarfs\u00fej\u00e1lfun fer fram \u00e1 heilbrig\u00f0isstofnunum og stendur yfir \u00ed sext\u00e1n vikur, sem samsvarar 27 einingum \u00ed n\u00e1mskr\u00e1. A\u00f0 loknum fyrsta \u00e1fanga vinnusta\u00f0an\u00e1ms er nemendum frj\u00e1lst a\u00f0 skipuleggja hluta af starfs\u00fej\u00e1lfun samkv\u00e6mt vi\u00f0mi\u00f0um sk\u00f3lans. Markmi\u00f0 starfs\u00fej\u00e1lfunar er a\u00f0 nemandi \u00fej\u00e1lfist \u00ed st\u00f6rfum sj\u00fakrali\u00f0a, kynnist vaktaskipulagi deilda/stofnana og f\u00e1i t\u00e6kif\u00e6ri til a\u00f0 b\u00e6ta vi\u00f0 sig \u00feekkingu \u00ed \u00fdmsum \u00fe\u00e1ttum hj\u00fakrunar. Vi\u00f0 upphaf starfs\u00fej\u00e1lfunar setur nemandi s\u00e9r markmi\u00f0 \u00ed samvinnu vi\u00f0 deildarstj\u00f3ra/yfirmann \u00e1 vi\u00f0komandi deild. Starfs\u00fej\u00e1lfunin skal skipul\u00f6g\u00f0 \u00fat fr\u00e1 h\u00e6fnikr\u00f6fum sj\u00fakrali\u00f0astarfsins og \u00fat fr\u00e1 h\u00e6fnivi\u00f0mi\u00f0um sj\u00fakrali\u00f0abrautar. Hj\u00fakrunardeildarstj\u00f3ri e\u00f0a sta\u00f0gengill hans \u00e1samt sj\u00fakrali\u00f0anema fara yfir markmi\u00f0in a\u00f0 hverju starfs\u00fej\u00e1lfunart\u00edmabili loknu. Eftir hvert starfs\u00fej\u00e1lfunart\u00edmabil \u00fearf nemandi a\u00f0 skila mati og ums\u00f6gn fr\u00e1 hj\u00fakrunardeildarstj\u00f3ra e\u00f0a sta\u00f0gengli hans um \u00fea\u00f0 hvort hann hafi hafi n\u00e1\u00f0 markmi\u00f0um starf\u00fej\u00e1lfunar og sta\u00f0ist \u00fe\u00e6r kr\u00f6fur sem ger\u00f0ar eru til nemanda \u00ed starfs\u00fej\u00e1lfun.\n", "programme_type": {"status": "Sam\u00feykkt", "exam": {"_types": ["Exam"], "_id": "4fb2704e874d802e5451c0ba", "description": "Nemandi me\u00f0 starfsr\u00e9ttindapr\u00f3f b\u00fdr yfir \u00feekkingu, leikni og h\u00e6fni til a\u00f0 skipuleggja, velja og beita vi\u00f0eigandi vinnua\u00f0fer\u00f0um \u00e1 sj\u00e1lfst\u00e6\u00f0an og \u00e1byrgan h\u00e1tt. Hann \u00feekkir si\u00f0fer\u00f0ilega st\u00f6\u00f0u s\u00edna, getur meti\u00f0 eigin st\u00f6rf. Hann getur lei\u00f0beint neytendum, vi\u00f0skipavinum og samstarfsm\u00f6nnum \u00e1 vinnusta\u00f0. Hann b\u00fdr yfir h\u00e6fni til a\u00f0 geta tj\u00e1\u00f0 sig um s\u00e9rh\u00e6f\u00f0a \u00feekkingu s\u00edna \u00e1 erlendu tungum\u00e1li s\u00e9 \u00feess krafist, getur sk\u00fdrt verklag tengt starfsumhverfi \u00e1 \u00e1byrgan, gangr\u00fdninn og sk\u00fdran h\u00e1tt, getur n\u00fdtt \u00feekkingu s\u00edna leikni og h\u00e6fni til a\u00f0 greina n\u00fd t\u00e6kif\u00e6ri  og veri\u00f0 virkur og \u00e1byrgur \u00ed l\u00fd\u00f0r\u00e6\u00f0islegu samf\u00e9lagi starfsgreinar sinnar.", "title": "Pr\u00f3f til starfsr\u00e9ttinda \u00e1 \u00feri\u00f0ja \u00ferepi", "level": 3, "number": "8", "subject_choice_programme_flag": null, "_cls": "Exam", "maximum_credits": 300.0, "all_onsite": null, "credits_ratio": {"1": {"max": 33.0, "min": 17.0}, "3": {"max": 33.0, "min": 17.0}, "2": {"max": 50.0, "min": 33.0}, "4": {"max": 10.0, "min": 0.0}}, "minimum_credits": 150.0}, "tags": ["velfer\u00f0", "um\u00f6nnun", "heilbrig\u00f0i", "sj\u00fakrali\u00f0i", "sj\u00fakrah\u00fas", "hj\u00fakrun", "endurh\u00e6fing sj\u00faklinga"], "title": "sj\u00fakrali\u00f0i", "field_id": null, "field": {"field": "Heilsa og velfer\u00f0", "subfield": "Heilbrig\u00f0i og velfer\u00f0", "_id": "4fb272c4874d802e5451c0ca", "description": "Medicine: anatomy, epidemiology, cytology, physiology, immunology and\r\nimmunohaematology, pathology, anaesthesiology, paediatrics, obstetrics and\r\ngynaecology, internal medicine, surgery, neurology, psychiatry, radiology,\r\nophthalmology;\r\nNursing: basic nursing, midwifery;\r\nMedical services: public health services, hygiene, pharmacy, pharmacology,\r\ntherapeutics, rehabilitation, prosthetics, optometry, nutrition;\r\nDental services: dental assisting, dental hygienist, dental laboratory technician,\r\nodontology.\r\n", "isced": "72"}, "exam_id": null, "_cls": "ProgrammeType", "subject_choice_programme_description": null, "hidden": null, "description": "Sj\u00fakrali\u00f0i starfar einkum vi\u00f0 almenna og s\u00e9rh\u00e6f\u00f0a um\u00f6nnun sj\u00fakra. Sj\u00fakrali\u00f0i metur l\u00ed\u00f0an og \u00e1rangur hj\u00fakrunar. Hann skipuleggur og forgagnsra\u00f0ar st\u00f6rfum s\u00ednum \u00ed samr\u00e6mi vi\u00f0 hj\u00fakrunar\u00e1\u00e6tlun. Hann a\u00f0sto\u00f0ar skj\u00f3lst\u00e6\u00f0inga s\u00edna vi\u00f0 athafnir daglegs l\u00edfs og tekur \u00fe\u00e1tt \u00ed a\u00f0 meta \u00e1stand \u00feeirra. Hann b\u00fdr yfir h\u00e6fni til a\u00f0 fyrirbyggja fylgikvilla r\u00famlegu og hreyfingarleysis og a\u00f0sto\u00f0ar vi\u00f0 h\u00e6fingu og endurh\u00e6fingu sj\u00faklinga. Hann lei\u00f0beinir skj\u00f3lst\u00e6\u00f0ingum og a\u00f0standendum \u00feeirra var\u00f0andi athafnir daglegs l\u00edfs. Hann s\u00fdnir faglegan metna\u00f0 og tileinkar s\u00e9r n\u00fdjungar \u00ed starfi. Sj\u00fakrali\u00f0i starfar \u00e1 hj\u00fakrunarsvi\u00f0i og vinnur undir stj\u00f3rn \u00feess hj\u00fakrunarfr\u00e6\u00f0ings sem fer me\u00f0 stj\u00f3rn vi\u00f0komandi stofnunar, deildar e\u00f0a hj\u00fakrunareiningar. Sj\u00fakrali\u00f0i er l\u00f6ggilt starfsheiti. "}, "free_choice_description": null, "credits": 203, "last_modified": 1556897543.03331, "exam_id": "4fb2704e874d802e5451c0ba", "title_of_core": null, "schools": ["51234a418caa45ed97015b34"], "free_choice_flag": false, "continued_education": false, "prerequisites": "Innt\u00f6kuskilyr\u00f0i \u00e1 sj\u00fakrali\u00f0abraut er a\u00f0 hafa loki\u00f0 grunnsk\u00f3lapr\u00f3fi. Til a\u00f0 hefja n\u00e1m \u00e1 \u00f6\u00f0ru h\u00e6fni\u00ferepi \u00ed d\u00f6nsku, ensku, \u00edslensku og st\u00e6r\u00f0fr\u00e6\u00f0i \u00fearf nemandi a\u00f0 hafa n\u00e1\u00f0 h\u00e6fnieinkunn B vi\u00f0 lok grunnsk\u00f3la e\u00f0a a\u00f0 hafa loki\u00f0 1. \u00fereps \u00e1f\u00f6ngum \u00ed \u00feessum greinum", "target_groups": [], "competence_goals": ["hagn\u00fdta s\u00e9rh\u00e6f\u00f0a \u00feekkingu og leikni \u00ed hj\u00fakrunarfr\u00e6\u00f0i og heilbrig\u00f0isgreinum til a\u00f0 takast \u00e1 vi\u00f0 vi\u00f0fangsefni sj\u00fakrali\u00f0astarfsins", "forgangsra\u00f0a vi\u00f0fangsefnum og greina hva\u00f0a hj\u00fakrunarme\u00f0fer\u00f0ir eigi vi\u00f0 hverju sinni samkv\u00e6mt vi\u00f0urkenndum flokkunarkerfum og skr\u00e1ningu \u00ed hj\u00fakrunarfr\u00e6\u00f0i", "beita, r\u00f6ksty\u00f0ja og \u00edgrunda \u00fe\u00e6r hj\u00fakrunarme\u00f0fer\u00f0ir sem hann framfylgir samkv\u00e6mt hj\u00fakrunar\u00e1\u00e6tlun hverju sinni", "beita inns\u00e6i, gagnr\u00fdnni og skapandi hugsun vi\u00f0 lausn hj\u00fakrunarvi\u00f0fangsefna", "s\u00fdna faglega umhyggju gagnvart skj\u00f3lst\u00e6\u00f0ingum", "mi\u00f0la \u00feekkingu og uppl\u00fdsingum til skj\u00f3lst\u00e6\u00f0inga, a\u00f0standenda og samstarfsf\u00f3lks", "n\u00fdta samskiptaf\u00e6rni vi\u00f0 margv\u00edslegar a\u00f0st\u00e6\u00f0ur og tj\u00e1 eigin hugmyndir og sko\u00f0anir", "n\u00fdta t\u00f6lvukunn\u00e1ttu vi\u00f0 uppl\u00fdsingaleit, var\u00f0veislu og skr\u00e1ningu uppl\u00fdsinga \u00e1samt mati \u00e1 faglegum uppl\u00fdsingum", "taka \u00fe\u00e1tt \u00ed \u00feverfaglegu samstarfi og koma \u00e1 framf\u00e6ri s\u00e9rh\u00e6f\u00f0ri \u00feekkingu sem vi\u00f0 \u00e1 hverju sinni", "vinna eftir g\u00e6\u00f0avi\u00f0mi\u00f0um og reglum um vinnuvernd", "starfa eftir si\u00f0areglum og s\u00fdna si\u00f0fer\u00f0isvitund, ford\u00f3maleysi, umbyr\u00f0arlyndi og v\u00ed\u00f0s\u00fdni \u00ed st\u00f6rfum s\u00ednum", "vinna a\u00f0 eigin starfs\u00fer\u00f3un og tileinka s\u00e9r n\u00fdjungar \u00ed starfi."], "log": [], "organization": "Skipulag n\u00e1msins tekur mi\u00f0 af h\u00e6fnikr\u00f6fum sj\u00fakrali\u00f0a og \u00feeim kr\u00f6fum sem mennta- og menningarm\u00e1lar\u00e1\u00f0uneyti\u00f0 (mrn) setur um h\u00e6fni\u00ferep \u00e1fanga og brauta. N\u00e1mi\u00f0 skiptist \u00ed almennar greinar, heilbrig\u00f0isgreinar og s\u00e9rgreinar sj\u00fakrali\u00f0abrautar. Sk\u00f3lum er frj\u00e1lst a\u00f0 fl\u00e9tta saman b\u00f3kn\u00e1mi og vinnusta\u00f0an\u00e1mi a\u00f0 loknum fyrsta \u00e1fanga \u00ed b\u00f3klegri og verklegri hj\u00fakrun samkv\u00e6mt sk\u00f3lan\u00e1mskr\u00e1. \u00deannig getur vinnusta\u00f0an\u00e1m fari\u00f0 fram \u00e1 stofnunum samhli\u00f0a b\u00f3kn\u00e1mi e\u00f0a sem s\u00e9rst\u00f6k verkleg \u00f6nn \u00e1 n\u00e1mst\u00edma.\n", "_id": "c74283b8-38e3-4363-a218-d46a77972354", "programme_type_id": "4fb28e3baeefe9347d00000e"}