{"course_choice": [], "epoch_created": 1366017382.517067, "package_choice": [{"required_packages": "1", "packages": [{"courses": [{"exemplary": null, "topics": "undirst\u00f6\u00f0uatri\u00f0i tungum\u00e1lsins", "abbreviation": "FRAN1FA05", "former_schools": ["512350238caa45ed97015b3f"], "subject": "franska", "title": "Franska 1", "version": 4, "status_trans": "Sam\u00feykkt af sk\u00f3la", "embedded_subject": {"abbreviation": "FRAN", "topics": [{"abbreviation": "AG", "topics": ["evr\u00f3pski tungum\u00e1laramminn", "grunnur", "stig a1"]}, {"abbreviation": "AF", "topics": ["evr\u00f3pski tungum\u00e1laramminn", "framhald", "stig a1"]}, {"abbreviation": "AU", "topics": ["evr\u00f3pski tungum\u00e1laramminn", "grunnur", "stig a2"]}, {"abbreviation": "AV", "topics": ["evr\u00f3pski tungum\u00e1laramminn", "framhald", "stig a2"]}, {"abbreviation": "BG", "topics": ["evr\u00f3pski tungum\u00e1laramminn", "grunnur", "stig b1"]}, {"abbreviation": "FE", "topics": ["hlustun og ritun. menning og listir", "lesskilningur", "tal"]}, {"abbreviation": "FD", "topics": ["hlustun og ritun. menning og \u00fej\u00f3\u00f0f\u00e9lagsm\u00e1l", "lesskilningur", "tal"]}, {"abbreviation": "PA", "topics": ["par\u00eds"]}, {"abbreviation": "NL", "topics": ["nikul\u00e1s litli", "tinni og f\u00e9lagar", "\u00e1str\u00edkur"]}, {"abbreviation": "FC", "topics": ["hlustun og ritun. menning og sta\u00f0h\u00e6ttir fr\u00f6nskum\u00e6landi landa", "lesskilningur", "tal"]}, {"abbreviation": "FB", "topics": ["hlustun og ritun", "lesskilningur", "tal"]}, {"abbreviation": "FA", "topics": ["undirst\u00f6\u00f0uatri\u00f0i tungum\u00e1lsins"]}, {"abbreviation": "GR", "topics": ["grunn\u00e1fangi"]}, {"abbreviation": "KV", "topics": ["kvikmyndir"]}, {"abbreviation": "FM", "topics": ["fr\u00f6nsk menning"]}, {"abbreviation": "FR", "topics": ["framhalds\u00e1fangi"]}, {"abbreviation": "FF", "topics": ["fr\u00e1sagnir og fer\u00f0al\u00f6g"]}, {"abbreviation": "RI", "topics": ["ritun og tal"]}, {"abbreviation": "BF", "topics": ["stig a1"]}, {"abbreviation": "CF", "topics": ["stig a1", "\u00feri\u00f0ji \u00e1fangi"]}, {"abbreviation": "DF", "topics": ["stig a2"]}, {"abbreviation": "EF", "topics": ["stig b1"]}, {"abbreviation": "TM", "topics": ["Fr\u00e1 texta til myndar"]}, {"abbreviation": "FL", "topics": ["Fr\u00f6nsk leiklist"]}], "_id": "50c0a02dd8e40575f7f6f48b", "subjects": ["franska"], "counter": {"1": 0, "3": 0, "2": 0, "4": 0}}, "evaluation": "Lokapr\u00f3f og vinnueinkunn", "categorization_suggestion": "", "embedded_topics": [{"abbreviation": "FA", "topics": ["undirst\u00f6\u00f0uatri\u00f0i tungum\u00e1lsins"]}], "status": "approved by school", "description": "\u00c1fanginn er byrjunar\u00e1fangi og er megin\u00e1hersla l\u00f6g\u00f0 \u00e1 a\u00f0 nemendur tileinki s\u00e9r undirst\u00f6\u00f0uatri\u00f0i tungum\u00e1lsins. Grunnkennsluefni\u00f0 er Latitudes 1, lesb\u00f3k, vinnub\u00f3k og \u00fer\u00edr geisladiskar sem gera nemendum kleift a\u00f0 \u00e6fa hlustun heima. Fr\u00e1 fyrstu kennslustund eru nemendur \u00fej\u00e1lfa\u00f0ir \u00ed a\u00f0 hlusta \u00e1 fr\u00f6nsku og a\u00f0 bera fram einf\u00f6ld or\u00f0 og setningar. Mikil \u00e1hersla er l\u00f6g\u00f0 \u00e1 a\u00f0 nemendur \u00fej\u00e1lfist \u00ed r\u00e9ttum frambur\u00f0i og er \u00feeim \u00fe\u00e6tti sinnt b\u00e6\u00f0i me\u00f0 hlustun og tal\u00e6fingum sem og \u00fatsk\u00fdringum \u00e1 hlj\u00f3\u00f0kerfi fr\u00f6nskunnar. \u00de\u00e1 er einnig l\u00f6g\u00f0 mikil \u00e1hersla \u00e1 skilning \u00e1 m\u00e6ltu m\u00e1li. Flj\u00f3tlega eru einf\u00f6ld m\u00e1lfr\u00e6\u00f0iatri\u00f0i kynnt og \u00fej\u00e1lfu\u00f0 jafnt og \u00fe\u00e9tt eftir \u00fev\u00ed sem vi\u00f0fangsefni \u00e1fangans gefa tilefni til. Nemendur rita stutta texta. \r\n\u00c1hersla er l\u00f6g\u00f0 \u00e1 kynningar, tj\u00e1ningu \u00e1 eigin smekk sem og \u00f6flun uppl\u00fdsinga. \r\nFrakkland er kynnt til s\u00f6gunnar \u00e1samt \u00f6\u00f0rum fr\u00f6nskum\u00e6landi m\u00e1lsv\u00e6\u00f0um og er b\u00e6tt vi\u00f0 \u00fe\u00e1 \u00feekkingu me\u00f0 \u00edtarefni, t.d. t\u00f3nlist og myndefni. Einnig er fjalla\u00f0 l\u00edtillega um Evr\u00f3pu. ", "knowledge_goals": ["\u00feeim or\u00f0afor\u00f0a sem nau\u00f0synlegur er til a\u00f0 n\u00e1 leikni- og h\u00e6fnimarkmi\u00f0um \u00e1fangans", "nokkrum helstu grundvallar\u00fe\u00e1ttum fransks m\u00e1lkerfis svo sem frambur\u00f0i, t\u00f3nfalli og einfaldri setningaskipan", "fr\u00f6nskum\u00e6landi l\u00f6ndum, s\u00e9r \u00ed lagi Frakklandi, og fengi\u00f0 inns\u00fdn \u00ed menningu, samskiptavenjur og si\u00f0i \u00fej\u00f3\u00f0anna"], "skills_goals": ["skilja tala\u00f0 m\u00e1l um kunnugleg efni \u00feegar tala\u00f0 er h\u00e6gt og sk\u00fdrt", "geta fylgt einf\u00f6ldum fyrirm\u00e6lum og skili\u00f0 helstu kve\u00f0jur og kurteisis\u00e1v\u00f6rp", "lesa einfalda texta sem innihalda algengan or\u00f0afor\u00f0a sem tengist nemandanum, umhverfi hans og \u00e1hugam\u00e1lum og vinna \u00far \u00feeim \u00e1 mismunandi h\u00e1tt eftir \u00fev\u00ed hver tilgangur me\u00f0 lestrinum er hverju sinni", "taka \u00fe\u00e1tt \u00ed einf\u00f6ldum samr\u00e6\u00f0um um efni sem hann \u00feekkir e\u00f0a hefur \u00e1huga \u00e1 og beita kurteisis- og m\u00e1lvenjum vi\u00f0 h\u00e6fi", "segja \u00e1 einfaldan h\u00e1tt fr\u00e1 sj\u00e1lfum s\u00e9r, fj\u00f6lskyldu sinni og ath\u00f6fnum og atbur\u00f0um daglegs l\u00edfs me\u00f0 \u00fev\u00ed a\u00f0 beita or\u00f0afor\u00f0a og frambur\u00f0i \u00e1 sem r\u00e9ttastan h\u00e1tt", "geta skrifa\u00f0 stuttan, einfaldan texta um sj\u00e1lfan sig og sitt n\u00e1nasta umhverfi, fyllt \u00fat einf\u00f6ld ey\u00f0ubl\u00f6\u00f0, skrifa\u00f0 p\u00f3stkort o.fl."], "credits": 5, "last_modified": 1323688067, "schools": [], "coauthors": [], "instructions": "Kjarna\u00e1fangi \u00ed 3. m\u00e1li \u00e1 \u00f6llum brautum", "continued_education": false, "level": 1, "prerequisites": "Engar", "author": "b68f32cf-f5e7-4436-8857-8f510bbb44c9", "abbreviation_version": null, "competence_goals": [["greina einfaldar uppl\u00fdsingar \u00ed m\u00e6ltu m\u00e1li"], ["beita mismunandi a\u00f0fer\u00f0um til a\u00f0 skilja einfalda texta"], ["taka \u00fe\u00e1tt \u00ed einf\u00f6ldum samr\u00e6\u00f0um og nota mismunandi kve\u00f0jur og samskiptaform eftir a\u00f0st\u00e6\u00f0um"], ["segja fr\u00e1 pers\u00f3nulegum h\u00f6gum sem og einf\u00f6ldum sta\u00f0reyndum um kunnugleg efni"], ["rita mj\u00f6g einfalda texta"]], "_id": "51265b3d62933a77194c91c8"}, {"exemplary": null, "topics": "hlustun og ritun, lesskilningur, tal", "abbreviation": "FRAN1FB05", "former_schools": ["512350238caa45ed97015b3f"], "subject": "franska", "title": "Franska 2", "version": 5, "status_trans": "Sam\u00feykkt af sk\u00f3la", "embedded_subject": {"abbreviation": "FRAN", "topics": [{"abbreviation": "AG", "topics": ["evr\u00f3pski tungum\u00e1laramminn", "grunnur", "stig a1"]}, {"abbreviation": "AF", "topics": ["evr\u00f3pski tungum\u00e1laramminn", "framhald", "stig a1"]}, {"abbreviation": "AU", "topics": ["evr\u00f3pski tungum\u00e1laramminn", "grunnur", "stig a2"]}, {"abbreviation": "AV", "topics": ["evr\u00f3pski tungum\u00e1laramminn", "framhald", "stig a2"]}, {"abbreviation": "BG", "topics": ["evr\u00f3pski tungum\u00e1laramminn", "grunnur", "stig b1"]}, {"abbreviation": "FE", "topics": ["hlustun og ritun. menning og listir", "lesskilningur", "tal"]}, {"abbreviation": "FD", "topics": ["hlustun og ritun. menning og \u00fej\u00f3\u00f0f\u00e9lagsm\u00e1l", "lesskilningur", "tal"]}, {"abbreviation": "PA", "topics": ["par\u00eds"]}, {"abbreviation": "NL", "topics": ["nikul\u00e1s litli", "tinni og f\u00e9lagar", "\u00e1str\u00edkur"]}, {"abbreviation": "FC", "topics": ["hlustun og ritun. menning og sta\u00f0h\u00e6ttir fr\u00f6nskum\u00e6landi landa", "lesskilningur", "tal"]}, {"abbreviation": "FB", "topics": ["hlustun og ritun", "lesskilningur", "tal"]}, {"abbreviation": "FA", "topics": ["undirst\u00f6\u00f0uatri\u00f0i tungum\u00e1lsins"]}, {"abbreviation": "GR", "topics": ["grunn\u00e1fangi"]}, {"abbreviation": "KV", "topics": ["kvikmyndir"]}, {"abbreviation": "FM", "topics": ["fr\u00f6nsk menning"]}, {"abbreviation": "FR", "topics": ["framhalds\u00e1fangi"]}, {"abbreviation": "FF", "topics": ["fr\u00e1sagnir og fer\u00f0al\u00f6g"]}, {"abbreviation": "RI", "topics": ["ritun og tal"]}, {"abbreviation": "BF", "topics": ["stig a1"]}, {"abbreviation": "CF", "topics": ["stig a1", "\u00feri\u00f0ji \u00e1fangi"]}, {"abbreviation": "DF", "topics": ["stig a2"]}, {"abbreviation": "EF", "topics": ["stig b1"]}, {"abbreviation": "TM", "topics": ["Fr\u00e1 texta til myndar"]}, {"abbreviation": "FL", "topics": ["Fr\u00f6nsk leiklist"]}], "_id": "50c0a02dd8e40575f7f6f48b", "subjects": ["franska"], "counter": {"1": 0, "3": 0, "2": 0, "4": 0}}, "evaluation": "Lokapr\u00f3f og vinnueinkunn", "categorization_suggestion": "", "embedded_topics": [{"abbreviation": "FB", "topics": ["hlustun og ritun", "lesskilningur", "tal"]}], "status": "approved by school", "description": "\u00c1fram er unni\u00f0 me\u00f0 kennsluefni\u00f0 Latitudes 1. Vi\u00f0fangsefni undanfarans eru rifju\u00f0 upp og sett \u00ed n\u00fdtt samhengi.  \u00c1fram er unni\u00f0 a\u00f0 aukinni f\u00e6rni nemenda \u00ed lesskilningi, tali, hlustun og ritun \u00fear sem fl\u00e9tta\u00f0 er inn \u00ed kennsluna menningu, si\u00f0um og samskiptavenjum fr\u00f6nskum\u00e6landi landa. Or\u00f0afor\u00f0i er aukinn og n\u00fd m\u00e1lfr\u00e6\u00f0iatri\u00f0i \u00fej\u00e1lfu\u00f0.\r\nNemendur \u00fej\u00e1lfast m.a. \u00ed tj\u00e1 sig um li\u00f0na atbur\u00f0i, \u00e1kve\u00f0a stefnum\u00f3t og skilgreina t\u00edma, skilja og semja bo\u00f0skort, tj\u00e1 sko\u00f0un s\u00edna \u00e1 einfaldan h\u00e1tt, bjarga s\u00e9r \u00ed verslunum og spyrja og v\u00edsa til vegar.", "knowledge_goals": ["\u00feeim or\u00f0afor\u00f0a sem nau\u00f0synlegur er til a\u00f0 m\u00e6ta h\u00e6fnivi\u00f0mi\u00f0um \u00e1fangans", "helstu grundvallar\u00fe\u00e1ttum franska m\u00e1lkerfisins", "fr\u00f6nskum\u00e6landi l\u00f6ndum og fengi\u00f0 aukna inns\u00fdn \u00ed menningu, samskiptavenjur og si\u00f0i \u00fej\u00f3\u00f0anna", "einf\u00f6ldum samskiptum og tj\u00e1ningu \u00ed m\u00e6ltu og ritu\u00f0u m\u00e1li"], "skills_goals": ["skilja tala\u00f0 m\u00e1l um kunnugleg efni \u00feegar tala\u00f0 er sk\u00fdrt, t.d. einfaldar lei\u00f0beiningar og fyrirm\u00e6li, upp\u00e1stungur og stuttar fr\u00e1sagnir", "skilja einfalda texta af \u00fdmsu tagi \u00ed n\u00fat\u00ed\u00f0 og \u00fe\u00e1t\u00ed\u00f0 (n\u00fali\u00f0inni t\u00ed\u00f0) og vinna \u00far \u00feeim \u00e1 mismunandi h\u00e1tt eftir \u00fev\u00ed hver tilgangur me\u00f0 lestrinum er hverju sinni", "afla s\u00e9r einfaldra, hagn\u00fdtra uppl\u00fdsinga og taka \u00fe\u00e1tt \u00ed einf\u00f6ldum samr\u00e6\u00f0um um efni sem hann \u00feekkir me\u00f0 \u00fev\u00ed a\u00f0 beita kurteisis- og m\u00e1lvenjum vi\u00f0 h\u00e6fi", "geta tj\u00e1\u00f0 sig \u00e1 einfaldan h\u00e1tt um tilfinningar og vi\u00f0horf", "geta sagt einfalda s\u00f6gu og l\u00fdst li\u00f0num atbur\u00f0um og reynslu \u00ed stuttu m\u00e1li", "skrifa stutta texta \u00ed n\u00fat\u00ed\u00f0 og \u00fe\u00e1t\u00ed\u00f0 (n\u00fali\u00f0inni t\u00ed\u00f0), svo sem einf\u00f6ld pers\u00f3nuleg br\u00e9f, skilabo\u00f0, bo\u00f0skort, lei\u00f0arl\u00fdsingar og samt\u00f6l", "n\u00fdta s\u00e9r \u00fdmis hj\u00e1lparg\u00f6gn \u00ed fr\u00f6nskun\u00e1minu"], "credits": 5, "last_modified": 1323688808, "schools": [], "coauthors": [], "instructions": "Kjarna\u00e1fangi \u00ed 3. m\u00e1li \u00e1 \u00f6llum brautum", "continued_education": false, "level": 1, "prerequisites": "FRAN1FA05", "author": "b68f32cf-f5e7-4436-8857-8f510bbb44c9", "abbreviation_version": null, "competence_goals": [["skilja tala\u00f0 m\u00e1l um kunnugleg efni"], ["skilja meginatri\u00f0i texta sem innihalda algengan or\u00f0afor\u00f0a, m.a. \u00e1 netinu, \u00ed bl\u00f6\u00f0um og t\u00edmaritum"], ["tj\u00e1 sig munnlega vi\u00f0 tilteknar a\u00f0st\u00e6\u00f0ur \u00ed samskiptum og beita vi\u00f0eigandi m\u00e1l- og samskiptavenjum"], ["mi\u00f0la \u00e1 einfaldan h\u00e1tt eigin \u00feekkingu, sko\u00f0unum og tilfinningum sem og pers\u00f3nulegri reynslu"], ["skrifa einfalda texta um m\u00e1lefni og atbur\u00f0i bygg\u00f0a \u00e1 pers\u00f3nulegri og \u00edmynda\u00f0ri reynslu"]], "_id": "51265b3d62933a77194c91c9"}, {"exemplary": null, "topics": "hlustun og ritun. menning og sta\u00f0h\u00e6ttir fr\u00f6nskum\u00e6landi landa, lesskilningur, tal", "abbreviation": "FRAN1FC05", "former_schools": ["512350238caa45ed97015b3f"], "subject": "franska", "title": "Franska 3", "version": 6, "status_trans": "Sam\u00feykkt af sk\u00f3la", "embedded_subject": {"abbreviation": "FRAN", "topics": [{"abbreviation": "AG", "topics": ["evr\u00f3pski tungum\u00e1laramminn", "grunnur", "stig a1"]}, {"abbreviation": "AF", "topics": ["evr\u00f3pski tungum\u00e1laramminn", "framhald", "stig a1"]}, {"abbreviation": "AU", "topics": ["evr\u00f3pski tungum\u00e1laramminn", "grunnur", "stig a2"]}, {"abbreviation": "AV", "topics": ["evr\u00f3pski tungum\u00e1laramminn", "framhald", "stig a2"]}, {"abbreviation": "BG", "topics": ["evr\u00f3pski tungum\u00e1laramminn", "grunnur", "stig b1"]}, {"abbreviation": "FE", "topics": ["hlustun og ritun. menning og listir", "lesskilningur", "tal"]}, {"abbreviation": "FD", "topics": ["hlustun og ritun. menning og \u00fej\u00f3\u00f0f\u00e9lagsm\u00e1l", "lesskilningur", "tal"]}, {"abbreviation": "PA", "topics": ["par\u00eds"]}, {"abbreviation": "NL", "topics": ["nikul\u00e1s litli", "tinni og f\u00e9lagar", "\u00e1str\u00edkur"]}, {"abbreviation": "FC", "topics": ["hlustun og ritun. menning og sta\u00f0h\u00e6ttir fr\u00f6nskum\u00e6landi landa", "lesskilningur", "tal"]}, {"abbreviation": "FB", "topics": ["hlustun og ritun", "lesskilningur", "tal"]}, {"abbreviation": "FA", "topics": ["undirst\u00f6\u00f0uatri\u00f0i tungum\u00e1lsins"]}, {"abbreviation": "GR", "topics": ["grunn\u00e1fangi"]}, {"abbreviation": "KV", "topics": ["kvikmyndir"]}, {"abbreviation": "FM", "topics": ["fr\u00f6nsk menning"]}, {"abbreviation": "FR", "topics": ["framhalds\u00e1fangi"]}, {"abbreviation": "FF", "topics": ["fr\u00e1sagnir og fer\u00f0al\u00f6g"]}, {"abbreviation": "RI", "topics": ["ritun og tal"]}, {"abbreviation": "BF", "topics": ["stig a1"]}, {"abbreviation": "CF", "topics": ["stig a1", "\u00feri\u00f0ji \u00e1fangi"]}, {"abbreviation": "DF", "topics": ["stig a2"]}, {"abbreviation": "EF", "topics": ["stig b1"]}, {"abbreviation": "TM", "topics": ["Fr\u00e1 texta til myndar"]}, {"abbreviation": "FL", "topics": ["Fr\u00f6nsk leiklist"]}], "_id": "50c0a02dd8e40575f7f6f48b", "subjects": ["franska"], "counter": {"1": 0, "3": 0, "2": 0, "4": 0}}, "evaluation": "Lokapr\u00f3f og vinnueinkunn", "categorization_suggestion": "", "embedded_topics": [{"abbreviation": "FC", "topics": ["hlustun og ritun. menning og sta\u00f0h\u00e6ttir fr\u00f6nskum\u00e6landi landa", "lesskilningur", "tal"]}], "status": "approved by school", "description": "\u00c1fram er unni\u00f0 me\u00f0 kennsluefni\u00f0 Latitudes 1 \u00e1samt \u00fdmiss konar aukaefni. Vi\u00f0fangsefni undanfaranna eru rifju\u00f0 upp og sett \u00ed n\u00fdtt samhengi. \u00c1fram er unni\u00f0 a\u00f0 aukinni f\u00e6rni nemenda \u00ed lesskilningi, tali, hlustun og ritun. Textar ver\u00f0a sm\u00e1m saman lengri og \u00feyngri. Or\u00f0afor\u00f0i er aukinn, nemendur \u00fej\u00e1lfast \u00ed n\u00fdjum m\u00e1lfr\u00e6\u00f0iatri\u00f0um og a\u00f0 mestu er loki\u00f0 vi\u00f0 a\u00f0 fara yfir grundvallar\u00fe\u00e6tti franska m\u00e1lkerfisins. Fr\u00e1sagnir \u00ed n\u00fat\u00ed\u00f0 og \u00fe\u00e1t\u00ed\u00f0 eru \u00e6f\u00f0ar munnlega og skriflega. Samhli\u00f0a vinnu me\u00f0 a\u00f0alkennslub\u00f3k lesa nemendur einfalda sk\u00e1lds\u00f6gu og leysa \u00fdmis verkefni \u00fat fr\u00e1 henni. Einnig er myndefni fl\u00e9tta\u00f0 inn \u00ed kennsluna eftir f\u00f6ngum. S\u00e9rst\u00f6k \u00e1hersla er l\u00f6g\u00f0 \u00e1 menningu og sta\u00f0h\u00e6tti fr\u00f6nskum\u00e6landi landa \u00fear sem nemendur velja s\u00e9r m.a. \u00e1kve\u00f0in umfj\u00f6llunarefni og kynna fyrir samnemendum. Hvatt er til aukins sj\u00e1lfst\u00e6\u00f0is nemenda \u00ed vinnubr\u00f6g\u00f0um og a\u00f0 \u00feeir n\u00fdti s\u00e9r \u00fdmis hj\u00e1lparg\u00f6gn, s.s. or\u00f0ab\u00e6kur, m\u00e1lfr\u00e6\u00f0ib\u00e6kur og neti\u00f0 vi\u00f0 uppl\u00fdsinga\u00f6flun. ", "knowledge_goals": ["\u00feeim or\u00f0afor\u00f0a sem nau\u00f0synlegur er til a\u00f0 m\u00e6ta h\u00e6fnivi\u00f0mi\u00f0um \u00ferepsins", "grundvallar\u00fe\u00e1ttum franska m\u00e1lkerfisins", "fr\u00f6nskum\u00e6landi l\u00f6ndum og fengi\u00f0 aukna inns\u00fdn \u00ed menningu, helstu samskiptavenjur og si\u00f0i \u00fej\u00f3\u00f0anna", "einf\u00f6ldum samskiptum og tj\u00e1ningu \u00ed m\u00e6ltu og ritu\u00f0u m\u00e1li, \u00fe.m.t. formger\u00f0 og byggingu texta og vera me\u00f0vita\u00f0ri en \u00e1\u00f0ur um muninn \u00e1 \u00feessum m\u00e1lsni\u00f0um"], "skills_goals": ["fylgjast me\u00f0 fr\u00e1s\u00f6gnum e\u00f0a samt\u00f6lum um almenn efni e\u00f0a s\u00e9rh\u00e6f\u00f0ari m\u00e1lefni sem hann \u00feekkir \u00fear sem tala\u00f0 er sk\u00fdrt og \u00e1heyrilega", "skilja texta um almennt og s\u00e9rh\u00e6f\u00f0ara efni sem fjalla\u00f0 er um \u00ed \u00e1fanganum og beita vi\u00f0eigandi a\u00f0fer\u00f0um eftir \u00fev\u00ed hver tilgangurinn er me\u00f0 lestrinum hverju sinni", "fylgja s\u00f6gu\u00fer\u00e6\u00f0i \u00ed einf\u00f6ldum e\u00f0a einf\u00f6ldu\u00f0um b\u00f3kmenntatextum", "taka \u00fe\u00e1tt \u00ed almennum samr\u00e6\u00f0um um efni sem hann \u00feekkir e\u00f0a hefur \u00e1huga \u00e1 og beita kurteisisvenjum, m\u00e1lvenjum og hlj\u00f3mfalli vi\u00f0 h\u00e6fi", "segja fr\u00e1 \u00e1 sk\u00fdran h\u00e1tt \u00ed n\u00fat\u00ed\u00f0 og \u00fe\u00e1t\u00ed\u00f0 og halda stutta kynningu \u00e1 undirb\u00fanu efni me\u00f0 \u00fev\u00ed a\u00f0 beita or\u00f0afor\u00f0a, setningager\u00f0 og frambur\u00f0i \u00e1 sem r\u00e9ttastan h\u00e1tt", "skrifa samfellda texta um \u00fdmis efni sem hann \u00feekkir, t.d. mannl\u00fdsingar og l\u00fdsingar \u00e1 st\u00f6\u00f0um og umhverfi og geta betur en \u00e1\u00f0ur dregi\u00f0 \u00e1lyktanir og tj\u00e1\u00f0 eigin sko\u00f0anir", "n\u00fdta s\u00e9r \u00fdmis hj\u00e1lparg\u00f6gn \u00ed fr\u00f6nskun\u00e1minu"], "credits": 5, "last_modified": 1323689579, "schools": [], "coauthors": [], "instructions": "Kjarna\u00e1fangi \u00ed 3. m\u00e1li \u00e1 \u00f6llum brautum", "continued_education": false, "level": 1, "prerequisites": "FRAN1FB05", "author": "b68f32cf-f5e7-4436-8857-8f510bbb44c9", "abbreviation_version": null, "competence_goals": [["fylgjast me\u00f0 fr\u00e1s\u00f6gnum og n\u00e1 a\u00f0alatri\u00f0um \u00far fj\u00f6l- og myndmi\u00f0lum ef efni\u00f0 er mj\u00f6g kunnuglegt"], ["afla s\u00e9r \u00fdmissa uppl\u00fdsinga \u00far m\u00e6ltu m\u00e1li, greina helstu atri\u00f0i \u00feeirra og hagn\u00fdta s\u00e9r \u00ed n\u00e1mi og starfi"], ["tileinka s\u00e9r a\u00f0alatri\u00f0in \u00ed stuttum og/e\u00f0a einf\u00f6ldum rauntextum af \u00fdmsu tagi og geta dregi\u00f0 \u00e1lyktanir af \u00fev\u00ed sem hann les"], ["lesa sk\u00e1ldskap af h\u00e6filegu \u00feyngdarstigi og tj\u00e1 sko\u00f0un s\u00edna"], ["takast \u00e1 vi\u00f0 flestar algengar a\u00f0st\u00e6\u00f0ur \u00ed almennum samskiptum og geta almennt bjarga\u00f0 s\u00e9r \u00e1 m\u00e1linu"], ["segja fr\u00e1 eigin \u00feekkingu, sko\u00f0unum og tilfinningum sem og pers\u00f3nulegri reynslu"], ["mi\u00f0la \u00e1 einfaldan h\u00e1tt efni sem hann hefur afla\u00f0 s\u00e9r \u00feekkingar \u00e1 \u00ed r\u00e6\u00f0u og riti"], ["skrifa um hug\u00f0arefni s\u00edn, \u00fdmis m\u00e1lefni og atbur\u00f0i, \u00edmynda\u00f0a e\u00f0a raunverulega, \u00ed \u00fe\u00e1t\u00ed\u00f0 og n\u00fat\u00ed\u00f0 "]], "_id": "51265b3d62933a77194c91ca"}], "title": "3. m\u00e1l franska"}, {"courses": [{"exemplary": null, "topics": "undirsta\u00f0a tungum\u00e1lsins", "abbreviation": "\u00de\u00ddSK1\u00deA05", "former_schools": ["512350238caa45ed97015b3f"], "subject": "\u00fe\u00fdska", "title": "\u00de\u00fdska 1", "version": 4, "status_trans": "Sam\u00feykkt af sk\u00f3la", "embedded_subject": {"abbreviation": "\u00de\u00ddSK", "topics": [{"abbreviation": "AF", "topics": ["evr\u00f3pski tungum\u00e1laramminn", "framhald", "stig a1"]}, {"abbreviation": "AU", "topics": ["evr\u00f3pski tungum\u00e1laramminn", "grunnur", "stig a2"]}, {"abbreviation": "BG", "topics": ["evr\u00f3pski tungum\u00e1laramminn", "framhald", "stig a2"]}, {"abbreviation": "AG", "topics": ["evr\u00f3pski tungum\u00e1laramminn", "grunnur", "stig a1"]}, {"abbreviation": "BU", "topics": ["evr\u00f3pski tungum\u00e1laramminn", "grunnur", "stig b1"]}, {"abbreviation": "\u00deB", "topics": ["hlustun og ritun", "lesskilningur", "tal"]}, {"abbreviation": "\u00deA", "topics": ["undirsta\u00f0a tungum\u00e1lsins"]}, {"abbreviation": "BE", "topics": ["berl\u00ednar\u00e1fangi"]}, {"abbreviation": "YN", "topics": ["yndislestur og tala\u00f0 m\u00e1l"]}, {"abbreviation": "GR", "topics": ["grunn\u00e1fangi"]}, {"abbreviation": "FR", "topics": ["framhalds\u00e1fangi"]}, {"abbreviation": "BM", "topics": ["b\u00f3kmenntir og menning"]}, {"abbreviation": "LV", "topics": ["lestur og verkefnavinna"]}, {"abbreviation": "YL", "topics": ["yndislestur"]}, {"abbreviation": "\u00deC", "topics": ["hlustun og ritun. menning og sta\u00f0h\u00e6ttir \u00fe\u00fdskum\u00e6landi landa.", "lesskilningur", "tal"]}, {"abbreviation": "\u00deD", "topics": ["hlustun og ritun. skipting og sameining \u00fe\u00fdskalands", "lesskilningur", "munnleg tj\u00e1ning"]}, {"abbreviation": "\u00deE", "topics": ["\u00fej\u00e1lfun or\u00f0afor\u00f0a og tj\u00e1ningarh\u00e6fni"]}, {"abbreviation": "FF", "topics": ["fr\u00e1sagnir og fer\u00f0al\u00f6g"]}, {"abbreviation": "BF", "topics": ["stig a1"]}, {"abbreviation": "CF", "topics": ["stig a2"]}, {"abbreviation": "DF", "topics": ["evr\u00f3pski tungum\u00e1laramminn", "stig a2"]}, {"abbreviation": "EF", "topics": ["evr\u00f3pski tungum\u00e1laramminn", "stig b1"]}, {"abbreviation": "PL", "topics": ["l\u00edfi\u00f0", "pers\u00f3nan", "stig a1 \u00ed evr\u00f3pska tungum\u00e1larammanum"]}, {"abbreviation": "DA", "topics": ["daglegar athafnir", "stig a1 - a2 \u00ed evr\u00f3pska tungum\u00e1larammanum"]}, {"abbreviation": "VU", "topics": ["stig a2 \u00ed evr\u00f3pska tungum\u00e1larammanum", "umhverfi", "venjur"]}, {"abbreviation": "FM", "topics": ["fer\u00f0al\u00f6g", "menning", "stig a2 - b1 \u00ed evr\u00f3pska tungum\u00e1larammanum"]}, {"abbreviation": "SM", "topics": ["aukasetningar", "fallbeyging l\u00fdsingaror\u00f0a", "m\u00e1lnotkun \u00ed n\u00fat\u00ed\u00f0 og n\u00fali\u00f0inni t\u00ed\u00f0", "stigbreyting", "\u00feolmynd"]}, {"abbreviation": "F\u00de", "topics": ["fj\u00f6lbreyttari og au\u00f0ugari m\u00e1lnotkun", "fl\u00f3knari textar", "l\u00fdsingarh\u00e1ttur n\u00fat\u00ed\u00f0ar", "\u00feolmynd"]}, {"abbreviation": "FT", "topics": ["fj\u00f6lbreytt m\u00e1lnotkun og lestur", "framt\u00ed\u00f0", "vi\u00f0tengingarh\u00e1ttur", "\u00feolmynd"]}, {"abbreviation": "GF", "topics": ["algengur or\u00f0afor\u00f0i", "frambur\u00f0ur", "grunnatri\u00f0i \u00ed m\u00e1lfr\u00e6\u00f0i", "s.s. beyging sagna og greinis"]}, {"abbreviation": "\u00deL", "topics": ["fj\u00f6lbreytt m\u00e1lnotkun og lestur", "fr\u00e6\u00f0sla um \u00fe\u00fdska m\u00e1lsv\u00e6\u00f0i\u00f0", "sagnir me\u00f0 forsetningum", "tilv\u00edsunarsetningar", "\u00feolmynd", "\u00fe\u00e1t\u00ed\u00f0"]}, {"abbreviation": "M\u00c1", "topics": ["algengur almennur or\u00f0afor\u00f0i \u00ed n\u00fat\u00ed\u00f0 og n\u00fal\u00f0inni t\u00ed\u00f0", "eignarforn\u00f6fn", "forsetningar og fallstj\u00f3rn \u00feeirra"]}, {"abbreviation": "FL", "topics": ["t\u00f6lur 20-100", "\u00de\u00fdskum\u00e6landi l\u00f6nd Fj\u00f6lskylduhagir Matur og drykkur kaupa"]}, {"abbreviation": "AB", "topics": ["heimili\u00f0 - t\u00f6lur Sagnbeyging", "sagnir \u00ed \u00feolfalli", "\u00feolfall forsetningar me\u00f0 \u00feolfalli greinir \u00ed \u00feolfalli"]}], "_id": "50c0a02dd8e40575f7f6f4be", "subjects": ["\u00fe\u00fdska"], "counter": {"1": 0, "3": 0, "2": 4, "4": 0}}, "evaluation": "Skriflegt pr\u00f3f 50%, munnlegt pr\u00f3f 10%, hlustunarpr\u00f3f 15%, s\u00edmatseinkunn 25% (\u00fe.e. verkefni og \u00e1stundun 15%, mi\u00f0annarpr\u00f3f 10%)\r\n", "categorization_suggestion": "", "embedded_topics": [{"abbreviation": "\u00deA", "topics": ["undirsta\u00f0a tungum\u00e1lsins"]}], "status": "approved by school", "description": "Kennsluefni\u00f0 sem unni\u00f0 er me\u00f0 er Lagune, 1. hefti, \u00fe.e. lesb\u00f3k, vinnub\u00f3k og geisladiskur sem gerir nemendum kleift a\u00f0 \u00e6fa hlustun heima. \u00dear sem \u00feetta er byrjunar\u00e1fangi er megin\u00e1hersla l\u00f6g\u00f0 \u00e1 a\u00f0 nemendur tileinki s\u00e9r undirst\u00f6\u00f0uatri\u00f0i tungum\u00e1lsins. Strax fr\u00e1 upphafi eru \u00feeir \u00fej\u00e1lfa\u00f0ir \u00ed lesskilningi \u00e1samt samskipta\u00fe\u00e1ttunum tali, hlustun og ritun. Lesnir eru stuttir textar \u00ed fr\u00e1sagnar- og samtalsformi og nemendur \u00e6f\u00f0ir \u00ed a\u00f0 tj\u00e1 sig um \u00feessa texta og sj\u00e1lfa sig \u00e1 \u00fe\u00fdsku. \u00c1hersla er l\u00f6g\u00f0 \u00e1 r\u00e9ttan frambur\u00f0, \u00fej\u00e1lfun nokkurra helstu grunnatri\u00f0a m\u00e1lfr\u00e6\u00f0innar sem og uppbyggingu or\u00f0afor\u00f0a sem tengist nemandanum og hans n\u00e1nasta umhverfi. Nemendur f\u00e1 inns\u00fdn \u00ed menningu og sta\u00f0h\u00e6tti \u00fe\u00fdskum\u00e6landi landa. ", "knowledge_goals": ["\u00feeim or\u00f0afor\u00f0a sem nau\u00f0synlegur er til a\u00f0 m\u00e6ta markmi\u00f0um \u00e1fangans", "nokkrum helstu grundvallar\u00fe\u00e1ttum m\u00e1lkerfisins", "\u00fe\u00fdskum\u00e6landi l\u00f6ndum og fengi\u00f0 inns\u00fdn \u00ed menningu, samskiptavenjur og si\u00f0i \u00fej\u00f3\u00f0anna "], "skills_goals": ["skilja tala\u00f0 m\u00e1l um kunnugleg efni \u00feegar tala\u00f0 er h\u00e6gt og sk\u00fdrt", "fylgja einf\u00f6ldum fyrirm\u00e6lum og skilja helstu kve\u00f0jur og kurteisis\u00e1v\u00f6rp", "lesa einfalda texta sem innihalda algengan or\u00f0afor\u00f0a sem tengist honum, umhverfi hans og \u00e1hugam\u00e1lum og vinna \u00far \u00feeim \u00e1 mismunandi h\u00e1tt eftir \u00fev\u00ed hver tilgangur me\u00f0 lestrinum er hverju sinni", "taka \u00fe\u00e1tt \u00ed einf\u00f6ldum samr\u00e6\u00f0um um efni sem hann \u00feekkir og beita kurteisis- og m\u00e1lvenjum vi\u00f0 h\u00e6fi", "segja \u00e1 einfaldan h\u00e1tt fr\u00e1 sj\u00e1lfum s\u00e9r, fj\u00f6lskyldu sinni og atbur\u00f0um daglegs l\u00edfs me\u00f0 \u00fev\u00ed a\u00f0 beita or\u00f0afor\u00f0a og frambur\u00f0i \u00e1 sem r\u00e9ttastan h\u00e1tt", "skrifa stuttan, einfaldan texta um sj\u00e1lfan sig og sitt n\u00e1nasta umhverfi, fylla \u00fat einf\u00f6ld ey\u00f0ubl\u00f6\u00f0, skrifa p\u00f3stkort o.fl. "], "credits": 5, "last_modified": 1323703533, "schools": [], "coauthors": [], "instructions": "Kjarna\u00e1fangi 3. m\u00e1ls \u00e1 \u00f6llum brautum", "continued_education": false, "level": 1, "prerequisites": "Engar", "author": "b68f32cf-f5e7-4436-8857-8f510bbb44c9", "abbreviation_version": null, "competence_goals": [["tj\u00e1 sig munnlega og skriflega \u00e1 einfaldan h\u00e1tt um efni sem hann \u00feekkir"], ["skilja einfalt tala\u00f0 m\u00e1l"], ["skilja meginatri\u00f0i einfaldra texta"], ["geta meti\u00f0 eigi\u00f0 vinnuframlag og kunn\u00e1ttu"], ["tileinka s\u00e9r j\u00e1kv\u00e6tt vi\u00f0horf til \u00fe\u00fdskun\u00e1msins og \u00f6\u00f0last tr\u00fa \u00e1 eigin getu \u00ed faginu"]], "_id": "51265b3d62933a77194c91cf"}, {"exemplary": null, "topics": "hlustun og ritun, lesskilningur, tal", "abbreviation": "\u00de\u00ddSK1\u00deB05", "former_schools": ["512350238caa45ed97015b3f"], "subject": "\u00fe\u00fdska", "title": "\u00de\u00fdska 2", "version": 5, "status_trans": "Sam\u00feykkt af sk\u00f3la", "embedded_subject": {"abbreviation": "\u00de\u00ddSK", "topics": [{"abbreviation": "AF", "topics": ["evr\u00f3pski tungum\u00e1laramminn", "framhald", "stig a1"]}, {"abbreviation": "AU", "topics": ["evr\u00f3pski tungum\u00e1laramminn", "grunnur", "stig a2"]}, {"abbreviation": "BG", "topics": ["evr\u00f3pski tungum\u00e1laramminn", "framhald", "stig a2"]}, {"abbreviation": "AG", "topics": ["evr\u00f3pski tungum\u00e1laramminn", "grunnur", "stig a1"]}, {"abbreviation": "BU", "topics": ["evr\u00f3pski tungum\u00e1laramminn", "grunnur", "stig b1"]}, {"abbreviation": "\u00deB", "topics": ["hlustun og ritun", "lesskilningur", "tal"]}, {"abbreviation": "\u00deA", "topics": ["undirsta\u00f0a tungum\u00e1lsins"]}, {"abbreviation": "BE", "topics": ["berl\u00ednar\u00e1fangi"]}, {"abbreviation": "YN", "topics": ["yndislestur og tala\u00f0 m\u00e1l"]}, {"abbreviation": "GR", "topics": ["grunn\u00e1fangi"]}, {"abbreviation": "FR", "topics": ["framhalds\u00e1fangi"]}, {"abbreviation": "BM", "topics": ["b\u00f3kmenntir og menning"]}, {"abbreviation": "LV", "topics": ["lestur og verkefnavinna"]}, {"abbreviation": "YL", "topics": ["yndislestur"]}, {"abbreviation": "\u00deC", "topics": ["hlustun og ritun. menning og sta\u00f0h\u00e6ttir \u00fe\u00fdskum\u00e6landi landa.", "lesskilningur", "tal"]}, {"abbreviation": "\u00deD", "topics": ["hlustun og ritun. skipting og sameining \u00fe\u00fdskalands", "lesskilningur", "munnleg tj\u00e1ning"]}, {"abbreviation": "\u00deE", "topics": ["\u00fej\u00e1lfun or\u00f0afor\u00f0a og tj\u00e1ningarh\u00e6fni"]}, {"abbreviation": "FF", "topics": ["fr\u00e1sagnir og fer\u00f0al\u00f6g"]}, {"abbreviation": "BF", "topics": ["stig a1"]}, {"abbreviation": "CF", "topics": ["stig a2"]}, {"abbreviation": "DF", "topics": ["evr\u00f3pski tungum\u00e1laramminn", "stig a2"]}, {"abbreviation": "EF", "topics": ["evr\u00f3pski tungum\u00e1laramminn", "stig b1"]}, {"abbreviation": "PL", "topics": ["l\u00edfi\u00f0", "pers\u00f3nan", "stig a1 \u00ed evr\u00f3pska tungum\u00e1larammanum"]}, {"abbreviation": "DA", "topics": ["daglegar athafnir", "stig a1 - a2 \u00ed evr\u00f3pska tungum\u00e1larammanum"]}, {"abbreviation": "VU", "topics": ["stig a2 \u00ed evr\u00f3pska tungum\u00e1larammanum", "umhverfi", "venjur"]}, {"abbreviation": "FM", "topics": ["fer\u00f0al\u00f6g", "menning", "stig a2 - b1 \u00ed evr\u00f3pska tungum\u00e1larammanum"]}, {"abbreviation": "SM", "topics": ["aukasetningar", "fallbeyging l\u00fdsingaror\u00f0a", "m\u00e1lnotkun \u00ed n\u00fat\u00ed\u00f0 og n\u00fali\u00f0inni t\u00ed\u00f0", "stigbreyting", "\u00feolmynd"]}, {"abbreviation": "F\u00de", "topics": ["fj\u00f6lbreyttari og au\u00f0ugari m\u00e1lnotkun", "fl\u00f3knari textar", "l\u00fdsingarh\u00e1ttur n\u00fat\u00ed\u00f0ar", "\u00feolmynd"]}, {"abbreviation": "FT", "topics": ["fj\u00f6lbreytt m\u00e1lnotkun og lestur", "framt\u00ed\u00f0", "vi\u00f0tengingarh\u00e1ttur", "\u00feolmynd"]}, {"abbreviation": "GF", "topics": ["algengur or\u00f0afor\u00f0i", "frambur\u00f0ur", "grunnatri\u00f0i \u00ed m\u00e1lfr\u00e6\u00f0i", "s.s. beyging sagna og greinis"]}, {"abbreviation": "\u00deL", "topics": ["fj\u00f6lbreytt m\u00e1lnotkun og lestur", "fr\u00e6\u00f0sla um \u00fe\u00fdska m\u00e1lsv\u00e6\u00f0i\u00f0", "sagnir me\u00f0 forsetningum", "tilv\u00edsunarsetningar", "\u00feolmynd", "\u00fe\u00e1t\u00ed\u00f0"]}, {"abbreviation": "M\u00c1", "topics": ["algengur almennur or\u00f0afor\u00f0i \u00ed n\u00fat\u00ed\u00f0 og n\u00fal\u00f0inni t\u00ed\u00f0", "eignarforn\u00f6fn", "forsetningar og fallstj\u00f3rn \u00feeirra"]}, {"abbreviation": "FL", "topics": ["t\u00f6lur 20-100", "\u00de\u00fdskum\u00e6landi l\u00f6nd Fj\u00f6lskylduhagir Matur og drykkur kaupa"]}, {"abbreviation": "AB", "topics": ["heimili\u00f0 - t\u00f6lur Sagnbeyging", "sagnir \u00ed \u00feolfalli", "\u00feolfall forsetningar me\u00f0 \u00feolfalli greinir \u00ed \u00feolfalli"]}], "_id": "50c0a02dd8e40575f7f6f4be", "subjects": ["\u00fe\u00fdska"], "counter": {"1": 0, "3": 0, "2": 4, "4": 0}}, "evaluation": "Skriflegt pr\u00f3f 50%, munnlegt pr\u00f3f 10%, hlustunarpr\u00f3f 15%, s\u00edmatseinkunn 25% (\u00fe.e. verkefni og \u00e1stundun 10%, mi\u00f0annarpr\u00f3f 10%, krossapr\u00f3f \u00far kj\u00f6rb\u00f3k 5%) ", "categorization_suggestion": "", "embedded_topics": [{"abbreviation": "\u00deB", "topics": ["hlustun og ritun", "lesskilningur", "tal"]}], "status": "approved by school", "description": "Haldi\u00f0 er \u00e1fram me\u00f0 kennsluefni\u00f0 Lagune, 1. hefti, lesb\u00f3k, vinnub\u00f3k og geisladisk. Einnig er \u00e1fram stu\u00f0st vi\u00f0 m\u00e1lfr\u00e6\u00f0ib\u00f3kina \u00de\u00fdska fyrir \u00feig. Byggt er markvisst \u00e1 \u00feeirri kunn\u00e1ttu sem nemendur hafa n\u00fa \u00feegar tileinka\u00f0 s\u00e9r. Unni\u00f0 er a\u00f0 frekari f\u00e6rni nemenda \u00ed lesskilningi, tali, hlustun og ritun. Or\u00f0afor\u00f0i eykst og n\u00fd m\u00e1lfr\u00e6\u00f0iatri\u00f0i eru \u00e6f\u00f0. Nemendur \u00feurfa \u00ed auknum m\u00e6li a\u00f0 tj\u00e1 sig munnlega og textar ver\u00f0a sm\u00e1m saman lengri og \u00feyngri. Lesnar ver\u00f0a tv\u00e6r stuttar sakam\u00e1las\u00f6gur, \u00f6nnur til munnlegs pr\u00f3fs en hina lesa nemendur sj\u00e1lfir heima og \u00far henni ver\u00f0ur pr\u00f3fa\u00f0 me\u00f0 krossapr\u00f3fi til a\u00f0 kanna lesskilning. Haldi\u00f0 er \u00e1fram a\u00f0 fl\u00e9tta inn \u00ed kennsluna uppl\u00fdsingum um sta\u00f0h\u00e6tti, samskiptavenjur og menningu \u00fe\u00fdskum\u00e6landi landa og \u00fej\u00f3\u00f0a. ", "knowledge_goals": ["\u00feeim or\u00f0afor\u00f0a sem nau\u00f0synlegur er til a\u00f0 m\u00e6ta markmi\u00f0um \u00e1fangans", "helstu grundvallar\u00fe\u00e1ttum m\u00e1lkerfisins", "\u00fe\u00fdskum\u00e6landi l\u00f6ndum, menningu \u00feeirra, samskiptavenjum og si\u00f0um \u00fej\u00f3\u00f0anna"], "skills_goals": ["skilja tala\u00f0 m\u00e1l um kunnugleg efni \u00feegar tala\u00f0 er sk\u00fdrt og fylgja einf\u00f6ldum munnlegum fyrirm\u00e6lum", "lesa lengri og \u00feyngri texta sem innihalda algengan or\u00f0afor\u00f0a og vinna \u00far \u00feeim \u00e1 mismunandi h\u00e1tt eftir \u00fev\u00ed hver tilgangur me\u00f0 lestrinum er hverju sinni", "afla s\u00e9r einfaldra, hagn\u00fdtra uppl\u00fdsinga og taka \u00fe\u00e1tt \u00ed einf\u00f6ldum samr\u00e6\u00f0um um efni sem hann \u00feekkir me\u00f0 \u00fev\u00ed a\u00f0 beita kurteisis- og m\u00e1lvenjum vi\u00f0 h\u00e6fi", "tj\u00e1 sig \u00e1 einfaldan h\u00e1tt um li\u00f0na atbur\u00f0i, eigin tilfinningar og vi\u00f0horf", "segja einfalda s\u00f6gu, l\u00fdsa li\u00f0num atbur\u00f0um, reynslu og pers\u00f3num \u00ed stuttu m\u00e1li me\u00f0 \u00fev\u00ed a\u00f0 beita or\u00f0afor\u00f0a og frambur\u00f0i \u00e1 sem r\u00e9ttastan h\u00e1tt", "skrifa stutta texta \u00ed n\u00fat\u00ed\u00f0 og li\u00f0inni t\u00ed\u00f0, svo sem br\u00e9f, skilabo\u00f0, bo\u00f0skort, samt\u00f6l, lei\u00f0arl\u00fdsingar o.fl."], "credits": 5, "last_modified": 1323704237, "schools": [], "coauthors": [], "instructions": "Kjarna\u00e1fangi \u00ed 3. m\u00e1li \u00e1 \u00f6llum brautum", "continued_education": false, "level": 1, "prerequisites": "\u00de\u00ddSK1\u00deA05", "author": "b68f32cf-f5e7-4436-8857-8f510bbb44c9", "abbreviation_version": null, "competence_goals": [["tj\u00e1 sig munnlega og skriflega \u00e1 einfaldan h\u00e1tt"], ["skilja tala\u00f0 m\u00e1l um kunnugleg efni"], ["skilja meginatri\u00f0i lengri og \u00feyngri texta sem innihalda algengan or\u00f0afor\u00f0a"], ["geta meti\u00f0 eigi\u00f0 vinnuframlag og kunn\u00e1ttu"], ["tileinka s\u00e9r j\u00e1kv\u00e6tt vi\u00f0horf til \u00fe\u00fdskun\u00e1msins og \u00f6\u00f0last tr\u00fa \u00e1 eigin getu \u00ed faginu "]], "_id": "51265b3d62933a77194c91d0"}, {"exemplary": null, "topics": "hlustun og ritun. menning og sta\u00f0h\u00e6ttir \u00fe\u00fdskum\u00e6landi landa., lesskilningur, tal", "abbreviation": "\u00de\u00ddSK1\u00deC05", "former_schools": ["512350238caa45ed97015b3f"], "subject": "\u00fe\u00fdska", "title": "\u00de\u00fdska 3", "version": 6, "status_trans": "Sam\u00feykkt af sk\u00f3la", "embedded_subject": {"abbreviation": "\u00de\u00ddSK", "topics": [{"abbreviation": "AF", "topics": ["evr\u00f3pski tungum\u00e1laramminn", "framhald", "stig a1"]}, {"abbreviation": "AU", "topics": ["evr\u00f3pski tungum\u00e1laramminn", "grunnur", "stig a2"]}, {"abbreviation": "BG", "topics": ["evr\u00f3pski tungum\u00e1laramminn", "framhald", "stig a2"]}, {"abbreviation": "AG", "topics": ["evr\u00f3pski tungum\u00e1laramminn", "grunnur", "stig a1"]}, {"abbreviation": "BU", "topics": ["evr\u00f3pski tungum\u00e1laramminn", "grunnur", "stig b1"]}, {"abbreviation": "\u00deB", "topics": ["hlustun og ritun", "lesskilningur", "tal"]}, {"abbreviation": "\u00deA", "topics": ["undirsta\u00f0a tungum\u00e1lsins"]}, {"abbreviation": "BE", "topics": ["berl\u00ednar\u00e1fangi"]}, {"abbreviation": "YN", "topics": ["yndislestur og tala\u00f0 m\u00e1l"]}, {"abbreviation": "GR", "topics": ["grunn\u00e1fangi"]}, {"abbreviation": "FR", "topics": ["framhalds\u00e1fangi"]}, {"abbreviation": "BM", "topics": ["b\u00f3kmenntir og menning"]}, {"abbreviation": "LV", "topics": ["lestur og verkefnavinna"]}, {"abbreviation": "YL", "topics": ["yndislestur"]}, {"abbreviation": "\u00deC", "topics": ["hlustun og ritun. menning og sta\u00f0h\u00e6ttir \u00fe\u00fdskum\u00e6landi landa.", "lesskilningur", "tal"]}, {"abbreviation": "\u00deD", "topics": ["hlustun og ritun. skipting og sameining \u00fe\u00fdskalands", "lesskilningur", "munnleg tj\u00e1ning"]}, {"abbreviation": "\u00deE", "topics": ["\u00fej\u00e1lfun or\u00f0afor\u00f0a og tj\u00e1ningarh\u00e6fni"]}, {"abbreviation": "FF", "topics": ["fr\u00e1sagnir og fer\u00f0al\u00f6g"]}, {"abbreviation": "BF", "topics": ["stig a1"]}, {"abbreviation": "CF", "topics": ["stig a2"]}, {"abbreviation": "DF", "topics": ["evr\u00f3pski tungum\u00e1laramminn", "stig a2"]}, {"abbreviation": "EF", "topics": ["evr\u00f3pski tungum\u00e1laramminn", "stig b1"]}, {"abbreviation": "PL", "topics": ["l\u00edfi\u00f0", "pers\u00f3nan", "stig a1 \u00ed evr\u00f3pska tungum\u00e1larammanum"]}, {"abbreviation": "DA", "topics": ["daglegar athafnir", "stig a1 - a2 \u00ed evr\u00f3pska tungum\u00e1larammanum"]}, {"abbreviation": "VU", "topics": ["stig a2 \u00ed evr\u00f3pska tungum\u00e1larammanum", "umhverfi", "venjur"]}, {"abbreviation": "FM", "topics": ["fer\u00f0al\u00f6g", "menning", "stig a2 - b1 \u00ed evr\u00f3pska tungum\u00e1larammanum"]}, {"abbreviation": "SM", "topics": ["aukasetningar", "fallbeyging l\u00fdsingaror\u00f0a", "m\u00e1lnotkun \u00ed n\u00fat\u00ed\u00f0 og n\u00fali\u00f0inni t\u00ed\u00f0", "stigbreyting", "\u00feolmynd"]}, {"abbreviation": "F\u00de", "topics": ["fj\u00f6lbreyttari og au\u00f0ugari m\u00e1lnotkun", "fl\u00f3knari textar", "l\u00fdsingarh\u00e1ttur n\u00fat\u00ed\u00f0ar", "\u00feolmynd"]}, {"abbreviation": "FT", "topics": ["fj\u00f6lbreytt m\u00e1lnotkun og lestur", "framt\u00ed\u00f0", "vi\u00f0tengingarh\u00e1ttur", "\u00feolmynd"]}, {"abbreviation": "GF", "topics": ["algengur or\u00f0afor\u00f0i", "frambur\u00f0ur", "grunnatri\u00f0i \u00ed m\u00e1lfr\u00e6\u00f0i", "s.s. beyging sagna og greinis"]}, {"abbreviation": "\u00deL", "topics": ["fj\u00f6lbreytt m\u00e1lnotkun og lestur", "fr\u00e6\u00f0sla um \u00fe\u00fdska m\u00e1lsv\u00e6\u00f0i\u00f0", "sagnir me\u00f0 forsetningum", "tilv\u00edsunarsetningar", "\u00feolmynd", "\u00fe\u00e1t\u00ed\u00f0"]}, {"abbreviation": "M\u00c1", "topics": ["algengur almennur or\u00f0afor\u00f0i \u00ed n\u00fat\u00ed\u00f0 og n\u00fal\u00f0inni t\u00ed\u00f0", "eignarforn\u00f6fn", "forsetningar og fallstj\u00f3rn \u00feeirra"]}], "_id": "50c0a02dd8e40575f7f6f4be", "subjects": ["\u00fe\u00fdska"], "counter": {"1": 0, "3": 0, "2": 4, "4": 0}}, "evaluation": "Skriflegt pr\u00f3f 45%, munnlegt pr\u00f3f 10%, hlustunarpr\u00f3f 15%, s\u00edmatseinkunn 30% (\u00fe.e. verkefni og \u00e1stundun 15%, mi\u00f0annarpr\u00f3f 10%, gl\u00e6rukynning 5%) ", "categorization_suggestion": "", "embedded_topics": [{"abbreviation": "\u00deC", "topics": ["hlustun og ritun. menning og sta\u00f0h\u00e6ttir \u00fe\u00fdskum\u00e6landi landa.", "lesskilningur", "tal"]}], "status": "approved by school", "description": "Byggt er markvisst \u00e1 \u00feeirri kunn\u00e1ttu sem nemendur hafa n\u00fa \u00feegar tileinka\u00f0 s\u00e9r. \u00c1fram er unni\u00f0 a\u00f0 aukinni f\u00e6rni nemenda \u00ed lesskilningi, tali, hlustun og ritun. Textar ver\u00f0a sm\u00e1m saman lengri og \u00feyngri. Or\u00f0afor\u00f0i eykst og loki\u00f0 ver\u00f0ur vi\u00f0 umfj\u00f6llun um \u00f6ll helstu grundvallaratri\u00f0i m\u00e1lfr\u00e6\u00f0innar. Nemendur vinna me\u00f0 grunnkennslub\u00f3k en einnig annars konar efni, s.s. kvikmynd, \u00fdmsa texta og verkefni. Lesin ver\u00f0ur l\u00e9ttlestrarb\u00f3kin T\u00f6dlicher Schnee sem nemendur lesa a\u00f0 miklu leyti sj\u00e1lfst\u00e6tt og vinna me\u00f0 b\u00e6\u00f0i munnlega og skriflega. Pr\u00f3fa\u00f0 ver\u00f0ur me\u00f0 munnlegu pr\u00f3fi \u00far \u00feeirri b\u00f3k. S\u00e9rst\u00f6k \u00e1hersla er l\u00f6g\u00f0 \u00e1 menningu og sta\u00f0h\u00e6tti \u00fe\u00fdskum\u00e6landi landa og munu nemendur m.a. velja s\u00e9r \u00e1kve\u00f0in umfj\u00f6llunarefni og kynna fyrir samnemendum. Auknar kr\u00f6fur eru ger\u00f0ar um sj\u00e1lfst\u00e6\u00f0 vinnubr\u00f6g\u00f0, t.d. vi\u00f0 lestur, notkun or\u00f0ab\u00f3ka og netsins.", "knowledge_goals": ["\u00feeim or\u00f0afor\u00f0a sem nau\u00f0synlegur er til a\u00f0 m\u00e6ta h\u00e6fnivi\u00f0mi\u00f0um \u00e1fangans", "\u00f3l\u00edkum textager\u00f0um og mismuninum \u00e1 t\u00f6lu\u00f0u og ritu\u00f0u m\u00e1li", "grundvallar\u00fe\u00e1ttum m\u00e1lkerfisins", "mannl\u00edfi, menningu og si\u00f0um \u00ed l\u00f6ndum \u00fear sem \u00fe\u00fdska er t\u00f6lu\u00f0 sem m\u00f3\u00f0urm\u00e1l og \u00feekki helstu samskiptavenjur "], "skills_goals": ["skilja tala\u00f0 m\u00e1l um kunnugleg efni, fylgja almennum munnlegum fyrirm\u00e6lum og greina helstu a\u00f0alatri\u00f0i \u00ed kvikmyndum \u00feegar fjalla\u00f0 er um afm\u00f6rku\u00f0 efni", "lesa margs konar ger\u00f0ir texta og vinna \u00far \u00feeim \u00e1 mismunandi h\u00e1tt eftir \u00fev\u00ed hver tilgangur me\u00f0 lestrinum er hverju sinni", "afla s\u00e9r einfaldra hagn\u00fdtra uppl\u00fdsinga og taka \u00fe\u00e1tt \u00ed almennum samr\u00e6\u00f0um um efni sem hann \u00feekkir me\u00f0 \u00fev\u00ed a\u00f0 beita kurteisis- og m\u00e1lvenjum vi\u00f0 h\u00e6fi", "segja fr\u00e1 \u00e1 sk\u00fdran h\u00e1tt, \u00ed n\u00fat\u00ed\u00f0 og li\u00f0inni t\u00ed\u00f0, og halda stutta kynningu \u00e1 undirb\u00fanu efni me\u00f0 \u00fev\u00ed a\u00f0 beita or\u00f0afor\u00f0a, setningager\u00f0 og frambur\u00f0i \u00e1 sem r\u00e9ttastan h\u00e1tt", "skrifa styttri samfelldan texta um efni sem hann \u00feekkir, draga \u00e1lyktanir og tj\u00e1 eigin sko\u00f0anir", "nota uppl\u00fdsingat\u00e6kni og hj\u00e1lparg\u00f6gn, svo sem or\u00f0ab\u00e6kur, vi\u00f0 ritun texta"], "credits": 5, "last_modified": 1323704699, "schools": [], "coauthors": [], "instructions": "Kjarna\u00e1fangi \u00ed 3. m\u00e1li \u00e1 \u00f6llum brautum", "continued_education": false, "level": 1, "prerequisites": "\u00de\u00ddSK1\u00deB05", "author": "b68f32cf-f5e7-4436-8857-8f510bbb44c9", "abbreviation_version": null, "competence_goals": [["fjalla \u00e1 tilt\u00f6lulega einfaldan h\u00e1tt, munnlega og skriflega, um efni sem hann hefur afla\u00f0 s\u00e9r \u00feekkingar \u00e1 sem og eigin sko\u00f0anir og pers\u00f3nulega reynslu"], ["bjarga s\u00e9r \u00e1 \u00fe\u00fdsku vi\u00f0 \u00fdmsar a\u00f0st\u00e6\u00f0ur \u00ed almennum samskiptum"], ["tileinka s\u00e9r a\u00f0alatri\u00f0in \u00ed fr\u00e1s\u00f6gnum og mismunandi tegundum texta og geta dregi\u00f0 \u00e1lyktanir ef efni\u00f0 er kunnuglegt"], ["geta meti\u00f0 eigi\u00f0 vinnuframlag og annarra"], ["tileinka s\u00e9r j\u00e1kv\u00e6tt vi\u00f0horf til \u00fe\u00fdskun\u00e1msins og hafa tr\u00fa \u00e1 eigin kunn\u00e1ttu "]], "_id": "51265b3d62933a77194c91d1"}], "title": "3. m\u00e1l \u00fe\u00fdska"}]}], "date_ministry_approval": null, "competency": {"numbers_and_information": ["Miki\u00f0 reynir \u00e1 alla \u00feessa \u00fe\u00e6tti \u00ed fj\u00f6lm\u00f6rgum \u00e1f\u00f6ngum brautarinnar. Eitt sk\u00fdrasta d\u00e6mi\u00f0 um \u00fea\u00f0 er lokaverkefni sem nemendur taka \u00feegar hillir undir n\u00e1mslok. \u00cd \u00fev\u00ed eru ger\u00f0ar kr\u00f6fur um vinnubr\u00f6g\u00f0 \u00e1 h\u00e1sk\u00f3lastigi, \u00fe.e. a\u00f0 nemendur s\u00e9u l\u00e6sir \u00e1 uppl\u00fdsingar fr\u00e1 \u00f3l\u00edkum mi\u00f0lum, geti n\u00fdtt s\u00e9r margv\u00edslega t\u00e6kni \u00ed uppl\u00fdsingaleit, geti afla\u00f0 gagna, flokka\u00f0 \u00feau og n\u00fdtt s\u00e9r uppl\u00fdsingarnar \u00e1 gagnr\u00fdninn h\u00e1tt. \u00cd verklegum \u00e6fingum l\u00e6ra nemendur a\u00f0 setja fram m\u00e6lini\u00f0urst\u00f6\u00f0ur og meta \u00e1rei\u00f0anleika \u00feeirra. D\u00e6mi um hagn\u00fdtingu \u00feessara atri\u00f0a m\u00e1 einnig sj\u00e1 \u00ed eftirfarandi kjarnagreinum:", "\u00cd st\u00e6r\u00f0fr\u00e6\u00f0i\u00e1f\u00f6ngunum er l\u00f6g\u00f0 \u00e1hersla \u00e1 a\u00f0 nemendur l\u00e6ri talname\u00f0fer\u00f0", "Nemendur n\u00fdta s\u00e9r margv\u00edsleg m\u00e6lit\u00e6ki \u00ed verklegri vinnu \u00ed e\u00f0lisfr\u00e6\u00f0i. \u00deegar \u00feeir framkv\u00e6ma verklegar \u00e6fingar \u00feurfa \u00feeir a\u00f0 gera margv\u00edslegar m\u00e6lingar, flokka \u00fe\u00e6r og n\u00fdta s\u00e9r uppl\u00fdsingar til a\u00f0 sannreyna e\u00f0lisfr\u00e6\u00f0il\u00f6gm\u00e1l.", "\u00cd \u00f6llum efnafr\u00e6\u00f0i\u00e1f\u00f6ngum er ger\u00f0 krafa um a\u00f0 nemendur geti fari\u00f0 me\u00f0 talnag\u00f6gn sem tengjast efnafr\u00e6\u00f0inni og sett \u00feau fram \u00e1 skilmerkilegan h\u00e1tt. Auk \u00feess \u00feurfa \u00feeir a\u00f0 lesa og skilja efnaj\u00f6fnur og nota hlutf\u00f6ll \u00far \u00feeim til a\u00f0 reikna magnbundna \u00fe\u00e6tti.", "\u00cd jar\u00f0fr\u00e6\u00f0i er miki\u00f0 unni\u00f0 me\u00f0 kort, myndefni og t\u00f6lur. Kort eru miki\u00f0 notu\u00f0 til a\u00f0 sta\u00f0setja einst\u00f6k fyrirb\u00e6ri e\u00f0a \u00fatsk\u00fdra \u00fer\u00f3un, jafnt hef\u00f0bundin sta\u00f0fr\u00e6\u00f0ikort sem \u00feemakort svo sem jar\u00f0fr\u00e6\u00f0ikort, ve\u00f0urkort o.fl. \u00cd JAR\u00d02KJ05 \u00f6\u00f0last nemendur \u00feekkingu \u00e1 st\u00f3rum t\u00f6lum, t.d. um aldur jar\u00f0laga e\u00f0a jar\u00f0ar, um magnt\u00f6lur \u00ed eldgosum, j\u00f6kulhlaupum og fl\u00f3\u00f0um svo nokku\u00f0 s\u00e9 nefnt. \u00deeir nota uppl\u00fdsingat\u00e6kni til a\u00f0 afla s\u00e9r gagna og skilja \u00feau.", "Algengar reiknia\u00f0fer\u00f0ir og t\u00f6lfr\u00e6\u00f0i eru nota\u00f0ar vi\u00f0 lausn \u00fdmiss konar verkefna \u00ed l\u00edffr\u00e6\u00f0i. Framsetning og t\u00falkun uppl\u00fdsinga me\u00f0 hj\u00e1lp taflna og l\u00ednurita er \u00e6f\u00f0. Lausn verkefna krefst \u00ed m\u00f6rgum tilvikum notkun b\u00f3kasafna, heimildamynda og /e\u00f0a internetsins.", "\u00cd f\u00e9lagsv\u00edsindum \u00feurfa nemendur a\u00f0 geta lesi\u00f0 \u00ed t\u00f6lfr\u00e6\u00f0ilegar, myndr\u00e6nar og skrifa\u00f0ar uppl\u00fdsingar. \u00cd \u00e1fanganum safna nemendur t\u00f6lfr\u00e6\u00f0ilegum uppl\u00fdsingum fr\u00e1 samnemendum s\u00ednum og l\u00e6ra a\u00f0 lesa \u00far \u00feeim og setja ni\u00f0urst\u00f6\u00f0urnar fram \u00e1 a\u00f0gengilegan m\u00e1ta. \u00deeir f\u00e1 \u00fej\u00e1lfun \u00ed a\u00f0 lesa \u00far t\u00f6lfr\u00e6\u00f0ilegum uppl\u00fdsingum og \u00fe\u00e1 ekki s\u00edst \u00far myndr\u00e6nni framsetningu \u00e1 \u00feeim. \u00de\u00e1 er fari\u00f0 \u00ed helstu kosti og galla \u00feannig framsetningar og nemendur \u00fej\u00e1lfa\u00f0ir \u00ed a\u00f0 koma auga \u00e1 m\u00f6gulega galla \u00ed sl\u00edkri framsetningu.", "\u00cd n\u00e1ms- og starfsvali er miki\u00f0 lagt upp \u00far a\u00f0 nemendur n\u00fdti uppl\u00fdsingat\u00e6kni vi\u00f0 sj\u00e1lfst\u00e6\u00f0a uppl\u00fdsinga\u00f6flun um n\u00e1msm\u00f6guleika og st\u00f6rf."], "educational_competence": ["\u00cd sk\u00f3lanum er markvisst unni\u00f0 a\u00f0 \u00fev\u00ed a\u00f0 efla sj\u00e1lfst\u00e6\u00f0i nemenda \u00ed vinnubr\u00f6g\u00f0um. \u00deeir l\u00e6ra a\u00f0 meta eigin vinnubr\u00f6g\u00f0 og annarra t.d. me\u00f0 sj\u00e1lfsmati og jafningjamati. Nemendur eru \u00fej\u00e1lfa\u00f0ir \u00ed a\u00f0 setja s\u00e9r raunh\u00e6f markmi\u00f0 \u00ed n\u00e1mi og vinna a\u00f0 \u00feeim. Kennslu- og n\u00e1msa\u00f0fer\u00f0ir eru fj\u00f6lbreyttar og reyna \u00e1 \u00fdmsa h\u00e6fni. Sem d\u00e6mi m\u00e1 nefna spjaldaa\u00f0fer\u00f0, hugkort, samvinnun\u00e1m, uppg\u00f6tvunarn\u00e1m, einstaklingsvinnu, paravinnu, h\u00f3pavinnu o.m.fl. Unni\u00f0 er s\u00e9rstaklega me\u00f0 styrkleika nemenda og hvernig megi efla \u00fe\u00e1. Eftir \u00fev\u00ed sem lengra l\u00ed\u00f0ur \u00e1 n\u00e1mi\u00f0 eru ger\u00f0ar meiri kr\u00f6fur um a\u00f0 \u00feekking og fyrri reynsla, b\u00e6\u00f0i \u00ed vi\u00f0komandi grein og \u00f6\u00f0rum s\u00e9 n\u00fdtt vi\u00f0 lausn n\u00fdrra vi\u00f0fangsefna. D\u00e6mi um hagn\u00fdtingu \u00feessara atri\u00f0a m\u00e1 einnig sj\u00e1 \u00ed eftirfarandi kjarnagreinum:", "\u00cd n\u00fdnemafr\u00e6\u00f0slu er l\u00f6g\u00f0 \u00e1hersla \u00e1 a\u00f0 nemendur \u00e1tti sig \u00e1 n\u00e1mskr\u00f6fum sk\u00f3lans og geri s\u00e9r gein fyrir kr\u00f6fum sk\u00f3lastigsins. Nemendur eru a\u00f0sto\u00f0a\u00f0ir vi\u00f0 a\u00f0 \u00e1tta sig \u00e1 eigin vinnulagi, styrkleikum og veikleikum \u00ed n\u00e1mi og hvernig b\u00e6ta megi \u00e1rangur \u00fat fr\u00e1 styrkleikum hvers og eins. Nemendur l\u00e6ra a\u00f0fer\u00f0ir vi\u00f0 setja s\u00e9r markmi\u00f0 og a\u00f0 skipuleggja t\u00edma og n\u00e1m. Lagt er upp \u00far \u00fev\u00ed a\u00f0 veita nemendum inns\u00fdn \u00ed mismunandi n\u00e1msa\u00f0fer\u00f0ir. Nemendur \u00f6\u00f0last sm\u00e1m saman reynslu, \u00feekkingu og skilning sem \u00e1 a\u00f0 n\u00fdtast \u00feeim til a\u00f0 efla styrkleika s\u00edna \u00ed n\u00e1mi og nota n\u00e1mst\u00e6kni vi\u00f0 h\u00e6fi \u00ed \u00e1framhaldandi n\u00e1mi.", "\u00cd \u00f6llum st\u00e6r\u00f0fr\u00e6\u00f0i\u00e1f\u00f6ngum \u00feurfa nemendur a\u00f0 s\u00fdna sj\u00e1lfst\u00e6\u00f0i \u00ed vinnubr\u00f6g\u00f0um og takast \u00e1 vi\u00f0 \u00e1skoranir \u00ed n\u00e1mi. \u00deeir \u00feurfa st\u00f6\u00f0ugt a\u00f0 meta eigi\u00f0 vinnuframlag og l\u00e6ra \u00feannig a\u00f0 \u00feekkja styrkleika s\u00edna og veikleika og setja s\u00e9r raunh\u00e6f markmi\u00f0.", "\u00cd \u00f6llum \u00e1f\u00f6ngum e\u00f0lis- og efnafr\u00e6\u00f0i nota nemendur fj\u00f6lbreyttar n\u00e1msa\u00f0fer\u00f0ir og g\u00f6gn. Nemendur lesa texta, leysa d\u00e6mi, leysa gagnvirk verkefni, vinna verklegar \u00e6fingar og skrifa sk\u00fdrslur. \u00c1hersla er l\u00f6g\u00f0 \u00e1 a\u00f0 nemendur finni s\u00ednar lei\u00f0ir a\u00f0 lausn vi\u00f0fangaefna \u00ed samvinnu vi\u00f0 a\u00f0ra.", "\u00cd jar\u00f0fr\u00e6\u00f0i vinna nemendur me\u00f0 margv\u00edsleg g\u00f6gn, t.a.m. b\u00e6kur, greinar, myndefni og gl\u00f3sur en ekki s\u00edst forrit af neti og vefs\u00ed\u00f0ur.", "\u00cd l\u00edffr\u00e6\u00f0i vinna nemendur me\u00f0 margv\u00edsleg g\u00f6gn, t.a.m. b\u00e6kur, greinar, efni \u00e1 netinu, myndefni og gl\u00f3sur.", "\u00cd ensku sko\u00f0a nemendur hvers konar n\u00e1msa\u00f0fer\u00f0ir n\u00fdtast \u00feeim best, lesa greinar um fj\u00f6lgreind Gardners og taka netkannanir sem segja til um hvers konar n\u00e1msmenn \u00feeir eru. Me\u00f0 \u00feessu ver\u00f0a nemendur me\u00f0vita\u00f0ri um eigin styrkleika og geta sett s\u00e9r markmi\u00f0 \u00ed samr\u00e6mi vi\u00f0 \u00fea\u00f0.", "\u00cd f\u00e9lagsv\u00edsindum er l\u00f6g\u00f0 \u00e1hersla \u00e1 fj\u00f6lbreyttar kennslua\u00f0fer\u00f0ir sem kalla \u00e1 fj\u00f6lbreyttar n\u00e1msa\u00f0fer\u00f0ir og g\u00f6gn. D\u00e6mi: Nemendur eiga a\u00f0 \u00fatb\u00faa hugkort \u00feegar \u00feeir l\u00e6ra n\u00fd hugt\u00f6k, nota\u00f0ar eru heimildamyndir og lj\u00f3smyndir til a\u00f0 \u00fatsk\u00fdra vi\u00f0fangsefni. Hluti af n\u00e1msmati er jafningjamat og stundum sj\u00e1lfsmat.\t", "Miki\u00f0 er lagt upp \u00far \u00fev\u00ed \u00ed n\u00e1ms- og starfsvali a\u00f0 nemendur \u00feekki lei\u00f0ir til a\u00f0 \u00e1tta sig \u00e1 styrkleikum s\u00ednum og hvernig megi efla \u00fe\u00e1. Einnig er \u00e1hersla \u00e1 a\u00f0 nemendur setji s\u00e9r markmi\u00f0 til framt\u00ed\u00f0ar sem tengjast n\u00e1mi og st\u00f6rfum.", "\u00cd lokaverkefni er unni\u00f0 a\u00f0 metna\u00f0arfullu verkefni \u00fear sem verulega reynir \u00e1 n\u00e1msh\u00e6fni nemendanna. \u00deeir \u00feurfa a\u00f0 nota fj\u00f6lbreytt g\u00f6gn, vera sj\u00e1lfst\u00e6\u00f0ir \u00ed vinnubr\u00f6g\u00f0um, geta lagt mat \u00e1 eigi\u00f0 vinnuframlag og tekist \u00e1 vi\u00f0 \u00fe\u00e1 \u00e1skorun a\u00f0 vinna verkefni \u00fear sem vinnubr\u00f6g\u00f0in eru \u00ed raun \u00e1 h\u00e1sk\u00f3lastigi."], "creative_thinking": ["Margir \u00fe\u00e6ttir \u00ed sk\u00f3lastarfinu flokkast sem skapandi starf, m.a. \u00fdmislegt sem nemendur eru a\u00f0 f\u00e1st vi\u00f0 \u00ed f\u00e9lagsl\u00edfinu svo sem leiklist, k\u00f3rs\u00f6ngur, skrif \u00ed sk\u00f3labla\u00f0i\u00f0 o.m.fl. Einnig er hvatt til \u00feess a\u00f0 nemendur nj\u00f3ti lista og menningar utan sk\u00f3lans \u00e1 margv\u00edslegu formi og m\u00e1 sem d\u00e6mi nefna a\u00f0 \u00e1 hverju \u00e1ri fara nemendur sk\u00f3lans saman \u00e1 leiks\u00fdningu og flest \u00e1r er einnig fari\u00f0 \u00e1 t\u00f3nleika e\u00f0a a\u00f0ra listvi\u00f0bur\u00f0i \u00ed n\u00e1grenni sk\u00f3lans. \u00cd flestum n\u00e1msgreinum reynir einnig \u00e1 frumkv\u00e6\u00f0i og skapandi hugsun og i\u00f0ulega \u00feurfa nemendur a\u00f0 s\u00fdna h\u00e6fni s\u00edna \u00e1 \u00feessu svi\u00f0i \u00ed alls kyns verkefnum, kynningu \u00e1 \u00feeim og flutningi. D\u00e6mi um hagn\u00fdtingu \u00feessara atri\u00f0a m\u00e1 sj\u00e1 \u00ed eftirfarandi kjarnagreinum:", "\u00cd \u00f6llum \u00edslensku\u00e1f\u00f6ngum vinna nemendur skapandi verkefni \u00fear sem \u00feeir eru hvattir til frumleika og hagn\u00fdta \u00feekkingu s\u00edna vi\u00f0 \u00farvinnslu \u00feeirra.", "Nemendur vinna skapandi verkefni \u00ed ensku \u00fear sem \u00feeir eru hvattir til frumleika. \u00dear m\u00e1 nefna sem d\u00e6mi leik\u00fe\u00e6tti, lj\u00f3\u00f0, dagb\u00e6kur og verkm\u00f6ppur me\u00f0 teikningum og \u00farklippum, veggspj\u00f6ld, sm\u00e1s\u00f6guskrif og margt fleira.", "Listir og menning eru mun merkingarb\u00e6rari f\u00f3lki me\u00f0 \u00feekkingu \u00e1 s\u00f6gu og \u00fer\u00f3un \u00fej\u00f3\u00f0f\u00e9lagsins. \u00cd s\u00f6gu\u00e1f\u00f6ngum er stundum fari\u00f0 me\u00f0 nemendur \u00e1 s\u00f6fn og s\u00fdningar, me\u00f0al annars \u00ed \u00feeim tilgangi a\u00f0 s\u00fdna \u00feeim s\u00f6guleg \u00e1hrif \u00e1 listir og menningu.", "\u00cd efnafr\u00e6\u00f0i\u00e1f\u00f6ngum er markvisst unni\u00f0 a\u00f0 \u00fev\u00ed a\u00f0 \u00f6rva skapandi hugsun og frumkv\u00e6\u00f0i nemenda me\u00f0 \u00fev\u00ed a\u00f0 leyfa \u00feeim a\u00f0 finna s\u00ednar eigin lei\u00f0ir vi\u00f0 \u00farlausnir og framsetningu verkefna. ", "\u00cd l\u00edffr\u00e6\u00f0in\u00e1minu eru unnin fj\u00f6lbreytt verkefni sem gefa kost \u00e1 frumkv\u00e6\u00f0i og sk\u00f6pun vi\u00f0 \u00farlausn \u00feeirra \u00ed r\u00e6\u00f0u, riti, margmi\u00f0lun e\u00f0a myndr\u00e6nu formi.", "Nemendur \u00ed f\u00e9lagsv\u00edsindum hafa val um hvernig \u00feeir skila verkefnum t.d. me\u00f0 veggspjaldi, vefs\u00ed\u00f0u, sendibr\u00e9fi, myndbrotum o.s.frv.", "\u00cd lokaverkefninu reynir verulega \u00e1 hagn\u00fdtingu \u00feekkingar og skapandi hugsun nemendanna en einnig \u00e1 si\u00f0fer\u00f0ilega \u00e1byrg\u00f0 \u00ed \u00farvinnslu verkefnanna."], "sustainability": ["\u00cd sk\u00f3lastarfinu \u00f6llu, jafnt \u00ed n\u00e1mi sem almennum rekstri sk\u00f3lans, er l\u00f6g\u00f0 \u00e1hersla \u00e1 sj\u00e1lfb\u00e6rni og sj\u00e1lfb\u00e6ra hugsun. Unni\u00f0 er a\u00f0 \u00fev\u00ed a\u00f0 nemendur ver\u00f0i virkir og \u00e1byrgir borgarar b\u00e6\u00f0i gagnvart samf\u00e9laginu og umhverfi s\u00ednu. \u00deessum \u00fe\u00e6tti er einkum fylgt eftir af sj\u00e1lfb\u00e6rni- og umhverfisnefndum sk\u00f3lans. D\u00e6mi um hagn\u00fdtingu \u00feessara atri\u00f0a m\u00e1 einnig sj\u00e1 \u00ed eftirfarandi kjarnagreinum:", "\u00cd lesefni \u00ed ensku er fjalla\u00f0 um sj\u00e1lfb\u00e6rni, t.d. vistv\u00e6na orkunotkun og gera nemendur verkefni \u00ed tengslum vi\u00f0 \u00fea\u00f0.", "\u00cd f\u00e9lagsv\u00edsindum er l\u00f6g\u00f0 \u00e1hersla \u00e1 a\u00f0 bera vir\u00f0ingu fyrir mannr\u00e9ttindum og umhverfi s\u00ednu. Nemendur f\u00e1 fr\u00e6\u00f0slu og vinna verkefni sem tengist r\u00edkisfj\u00e1rm\u00e1lum og hvernig stj\u00f3rnv\u00f6ld geta me\u00f0 p\u00f3lit\u00edskum \u00e1kv\u00f6r\u00f0unum haft \u00e1hrif \u00e1 neyslu og umb\u00fa\u00f0ir. Til a\u00f0 nemendur \u00f6\u00f0list skilning \u00e1 sameiginlegri \u00e1byrg\u00f0 jar\u00f0arb\u00faa \u00e1 j\u00f6r\u00f0inni og \u00edb\u00faum hennar vinna \u00feeir talsvert me\u00f0 hugtaki\u00f0 hnattv\u00e6\u00f0ing. \u00dear er m.a. komi\u00f0 inn \u00e1 a\u00f0 mengun eins samf\u00e9lags getur haft v\u00ed\u00f0t\u00e6k \u00e1hrif \u00fat fyrir landam\u00e6ri \u00feess.", "\u00cd e\u00f0lisfr\u00e6\u00f0i er fjalla\u00f0 er um orku, m.a. vatnsorku, varmaorku, raforku og n\u00fdtingu hennar. N\u00e1mi\u00f0 mi\u00f0ar vi\u00f0 a\u00f0 nemandinn \u00feekki, skilji og vir\u00f0i umhverfi sitt og n\u00e1tt\u00faru. Nemendur l\u00e6ra \u00e1 n\u00e1tt\u00faruna og n\u00e1tt\u00farul\u00f6gm\u00e1lin og a\u00f0 orka ver\u00f0ur ekki til \u00far engu heldur umbreytist \u00far einu formi \u00ed anna\u00f0. Nemendur l\u00e6ra hvernig n\u00e1tt\u00faran setur manninum takmarkanir og hvernig ma\u00f0urinn getur n\u00fdtt n\u00e1tt\u00faruna \u00e1 sj\u00e1lfb\u00e6ran h\u00e1tt.", "Nemendur l\u00e6ra grunnhugt\u00f6k og a\u00f0fer\u00f0ir efnafr\u00e6\u00f0innar sem er \u00feeim nau\u00f0synlegt til a\u00f0 geta lagt mat \u00e1 vistspor sitt og annarra. Nemendur \u00f6\u00f0last h\u00e6fni til a\u00f0 skilja hvernig n\u00e1tt\u00faran virkar og \u00fea\u00f0 gerir \u00feeim kleift a\u00f0 vera gagnr\u00fdnir \u00e1 fr\u00e9ttir og uppl\u00fdsingar og einnig a\u00f0 meta eigin \u00e1hrif og annarra \u00e1 n\u00e1tt\u00faruna.", "\u00cd jar\u00f0fr\u00e6\u00f0i er fjalla\u00f0 um sj\u00e1lfb\u00e6ra \u00fer\u00f3un, e\u00f0li hugtaksins og tilgang. Fjalla\u00f0 er um jar\u00f0fr\u00e6\u00f0ilega \u00fe\u00e6tti \u00ed n\u00e1tt\u00farunni og me\u00f0 hva\u00f0a h\u00e6tti \u00feeir geta flokkast sem au\u00f0lindir. Jafnframt er sko\u00f0a\u00f0 me\u00f0 hva\u00f0a h\u00e6tti er h\u00e6gt a\u00f0 n\u00fdta \u00fe\u00e6r og hvernig \u00fe\u00e6r geta best n\u00fdst manninum. Lag\u00f0ar eru inn forsendur og grundvallar\u00feekking svo nemendur \u00f6\u00f0list skilning og f\u00e6rni til a\u00f0 taka uppl\u00fdsta afst\u00f6\u00f0u og \u00fear me\u00f0 auka l\u00edkur \u00e1 a\u00f0 \u00feeir kj\u00f3si a\u00f0 haga l\u00edfi s\u00ednu me\u00f0 sj\u00e1lfb\u00e6rni a\u00f0 lei\u00f0arlj\u00f3si.", "\u00cd l\u00edffr\u00e6\u00f0i eru helstu au\u00f0lindir n\u00e1tt\u00farunnar kynntar, hvernig \u00fe\u00e6r eru n\u00fdttar og fjalla\u00f0 um \u00fea\u00f0 sem betur m\u00e6tti fara \u00ed \u00fev\u00ed sambandi. Fjalla\u00f0 um takm\u00f6rk jar\u00f0ar og sameiginlega \u00e1byrg\u00f0 mannkyns var\u00f0andi framt\u00ed\u00f0ina.", "\u00cd s\u00f6gu er stu\u00f0la\u00f0 a\u00f0 menntun til sj\u00e1lfb\u00e6rni. Me\u00f0 \u00fev\u00ed a\u00f0 sko\u00f0a, gagnr\u00fdna og l\u00e6ra af \u00fev\u00ed sem mist\u00f3kst og \u00fev\u00ed sem l\u00e1nast hefur \u00ed fornum og n\u00fdjum samf\u00e9l\u00f6gum f\u00e6r einstaklingurinn \u00feann grunn sem \u00fearf til a\u00f0 geta sta\u00f0i\u00f0 f\u00f6stum f\u00f3tum \u00ed samf\u00e9lagi sem er \u00ed s\u00edfelldri \u00fer\u00f3un."], "foreign_societies": ["\u00cd sk\u00f3lanum er l\u00f6g\u00f0 \u00e1hersla \u00e1 erlend samskipti og reynt a\u00f0 sj\u00e1 til \u00feess a\u00f0 sem flestir nemendur sk\u00f3lans eigi \u00feess kost \u00e1 n\u00e1mst\u00edma s\u00ednum a\u00f0 taka \u00fe\u00e1tt \u00ed nemendaskiptaverkefnum e\u00f0a taka val\u00e1fanga sem ganga \u00fat \u00e1 a\u00f0 undirb\u00faa heims\u00f3knir til annarra landa.", "\u00cd d\u00f6nsku eru nemendur hvattir til a\u00f0 tj\u00e1 sig \u00e1 m\u00e1linu um lei\u00f0 og \u00feeir heyra d\u00f6nsku tala\u00f0a og gegnum vinnu me\u00f0 \u00fdmsa texta er leitast vi\u00f0 a\u00f0 auka or\u00f0afor\u00f0a \u00feeirra. Me\u00f0 lestri b\u00f3kmennta og s\u00e9rvalinna rauntexta \u00f6\u00f0last nemendur inns\u00fdn \u00ed danskan menningarheim og hugsunarh\u00e1tt. Danskt samf\u00e9lag hefur lengur veri\u00f0 \u00ed m\u00f3tun sem fj\u00f6lmenningarsamf\u00e9lag en hi\u00f0 \u00edslenska og kemur \u00fea\u00f0 fram \u00ed textum sem lesnir eru \u00ed d\u00f6nskun\u00e1minu.", "\u00cd enskun\u00e1mi eru nemendur \u00fej\u00e1lfa\u00f0ir \u00ed a\u00f0 koma m\u00e1li s\u00ednu \u00e1 framf\u00e6ri \u00e1 ensku \u00ed r\u00e6\u00f0i og riti. Me\u00f0 aukinni \u00fej\u00e1lfun ver\u00f0ur m\u00e1l \u00feeirra bl\u00e6brig\u00f0ar\u00edkara og or\u00f0afor\u00f0i fj\u00f6lbreyttari. Nemendur \u00feurfa a\u00f0 geta tj\u00e1\u00f0 sig \u00e1 ensku \u00ed umr\u00e6\u00f0um, h\u00f3pavinnu, fyrirlestrum o.fl. \u00deeir \u00feurfa a\u00f0 geta skili\u00f0 kennara, samnemendur, upplestra og allt tala\u00f0 m\u00e1l. Fari\u00f0 er s\u00e9rstaklega \u00ed akadem\u00edskan or\u00f0afor\u00f0a \u00ed fyrstu \u00feremur \u00e1f\u00f6ngunum. M\u00e1ll\u00fdskur og slangur eru til umfj\u00f6llunar \u00ed \u00f6llum ensku\u00e1f\u00f6ngum, svo og greinarmunur \u00e1 formlegu og \u00f3formlegu m\u00e1li. \u00cd \u00f6llum ensku\u00e1f\u00f6ngum er leitast vi\u00f0 a\u00f0 gera nemendur me\u00f0vita\u00f0a um menningu og si\u00f0i sem einkennir \u00feau landsv\u00e6\u00f0i, \u00fear sem tungum\u00e1li\u00f0 er tala\u00f0.", "\u00cd \u00f6llum fr\u00f6nsku\u00e1f\u00f6ngum \u00feurfa nemendur a\u00f0 gera grein fyrir sko\u00f0unum s\u00ednum og taka \u00fe\u00e1tt \u00ed samr\u00e6\u00f0um \u00e1 fr\u00f6nsku. Nemendur \u00feurfa a\u00f0 tj\u00e1 sig \u00e1 fr\u00f6nsku \u00ed r\u00e6\u00f0u og riti.", "\u00cd \u00fe\u00fdskun\u00e1mi eru nemendur \u00fej\u00e1lfa\u00f0ir \u00ed a\u00f0 tj\u00e1 sig munnlega og skriflega \u00e1 \u00fe\u00fdsku, me\u00f0 \u00fea\u00f0 a\u00f0 markmi\u00f0i a\u00f0 auka sj\u00e1lfstraust \u00feeirra til \u00feess a\u00f0 nota tungum\u00e1li\u00f0 \u00e1 \u00f3l\u00edkan h\u00e1tt og vi\u00f0 mismunandi t\u00e6kif\u00e6ri. Nemendur kynnast \u00f3l\u00edkum textager\u00f0um og vinna me\u00f0 textana \u00e1 mismunandi h\u00e1tt eftir tilgangi hverju sinni. Fr\u00e1 upphafi n\u00e1msins er unni\u00f0 a\u00f0 \u00fev\u00ed a\u00f0 \u00fe\u00fdska s\u00e9 samskiptam\u00e1l \u00ed kennslustundum b\u00e6\u00f0i milli nemenda og kennara og \u00ed samvinnu nemenda.", "Grunnn\u00e1msefni \u00ed \u00f6llum e\u00f0lisfr\u00e6\u00f0i\u00e1f\u00f6ngum er amer\u00edsk b\u00f3k. Nemendur l\u00e6ra \u00fev\u00ed e\u00f0lisfr\u00e6\u00f0ihugt\u00f6kin samhli\u00f0a \u00e1 \u00edslensku og ensku.", "\u00cd efnafr\u00e6\u00f0i \u00e1 n\u00e1tt\u00faruv\u00edsindabraut er n\u00e1msefni \u00e1 ensku og \u00fear af lei\u00f0andi tileinka nemendur s\u00e9r or\u00f0afor\u00f0a efnafr\u00e6\u00f0innar \u00e1 ensku jafnhli\u00f0a \u00edslenskunni.", "Hluti n\u00e1msefnisins \u00ed jar\u00f0fr\u00e6\u00f0i er \u00e1 ensku.", "Nemendur \u00ed l\u00edffr\u00e6\u00f0i kynna s\u00e9r \u00edtarefni \u00e1 erlendu tungum\u00e1li (oftast ensku) \u00ed tengslum vi\u00f0 verkefnavinnu.", "\u00cd lokaverkefninu er ger\u00f0 krafa um a\u00f0 nemendur n\u00fdti s\u00e9r a.m.k eina heimild \u00e1 erlendu m\u00e1li og afli s\u00e9r \u00feannig uppl\u00fdsinga sem birtar eru \u00e1 \u00f6\u00f0ru tungum\u00e1li en \u00edslensku."], "health": ["\u00cd sk\u00f3lastarfinu er l\u00f6g\u00f0 \u00e1hersla \u00e1 heilsusamlegan l\u00edfsst\u00edl m.a. \u00ed tengslum vi\u00f0 heilsueflandi sk\u00f3la. Mest \u00e1hersla hefur veri\u00f0 \u00e1 n\u00e6ringu og hreyfingu en einnig ver\u00f0ur unni\u00f0 a\u00f0 ge\u00f0r\u00e6kt og stu\u00f0la\u00f0 a\u00f0 b\u00e6ttum l\u00edfsst\u00edl. Jafnt \u00ed n\u00e1mi sem sk\u00f3lastarfinu almennt er gengi\u00f0 \u00fat fr\u00e1 \u00fev\u00ed a\u00f0 nemendur beri \u00e1byrg\u00f0 \u00e1 sj\u00e1lfum s\u00e9r og eigin gj\u00f6r\u00f0um. D\u00e6mi um hagn\u00fdtingu \u00feessara atri\u00f0a m\u00e1 einnig sj\u00e1 \u00ed eftirfarandi kjarnagreinum:", "\u00cd f\u00e9lagsv\u00edsindum er l\u00f6g\u00f0 \u00e1hersla \u00e1 a\u00f0 nemendur kynnist f\u00e9lagslegum \u00fe\u00e1ttum sem st\u00fdra heg\u00f0un og ath\u00f6fnum einstaklinga. Fari\u00f0 er s\u00e9rstaklega \u00ed mismunandi birtingarform ofbeldis. \u00cd f\u00e9lagsv\u00edsindum er reynt a\u00f0 kynjaskipta bekkjum til a\u00f0 r\u00e6\u00f0a vi\u00f0 nemendur um kynfer\u00f0islegt ofbeldi, ofbeldi \u00ed n\u00e1num samb\u00f6ndum og kl\u00e1mv\u00e6\u00f0ingu. Einnig er fjalla\u00f0 um nau\u00f0syn \u00feess a\u00f0 setja sj\u00e1lfum s\u00e9r m\u00f6rk og vir\u00f0a m\u00f6rk annarra og mikilv\u00e6gi \u00feess a\u00f0 konur og karlar geti unni\u00f0 saman gegn kynfer\u00f0islegu ofbeldi. \u00cd \u00e1fanganum er einnig fjalla\u00f0 um neyslu og f\u00edkn. ", "Almenn kunn\u00e1tta \u00ed efnafr\u00e6\u00f0i hj\u00e1lpar nemendum a\u00f0 meta \u00e1hrif l\u00edfernis \u00e1 heilbrig\u00f0i.", "\u00cd jar\u00f0fr\u00e6\u00f0i er fjalla\u00f0 um a\u00f0 heilbrigt umhverfi og n\u00e1tt\u00fara s\u00e9u forsendur \u00feess a\u00f0 vi\u00f0 h\u00f6fum a\u00f0gang a\u00f0 heiln\u00e6mum matv\u00e6lum og vir\u00f0ing fyrir n\u00e1tt\u00farunni er einnig skilyr\u00f0i til \u00feess a\u00f0 samf\u00e9l\u00f6g \u00fer\u00f3ist og dafni.", "\u00cd l\u00edffr\u00e6\u00f0i er fjalla\u00f0 um grunn\u00fearfir l\u00edfvera og komi\u00f0 inn \u00e1 tengsl milli heilbrig\u00f0is og l\u00edfsh\u00e1tta, \u00fear \u00e1 me\u00f0al n\u00e6ringar. Fjalla\u00f0 er um l\u00edfverur sem valda smitsj\u00fakd\u00f3mum og gildi hreinl\u00e6tis. \u00cd L\u00cdFF2LE05 eru \u00e1hrif l\u00edfsh\u00e1tta \u00e1 heilbrig\u00f0i f\u00f3lks sko\u00f0u\u00f0 og fjalla\u00f0 um gildi fj\u00f6lbreyttar n\u00e6ringar og hreyfingar. R\u00e6tt er um mikilv\u00e6gi svefns og fjalla\u00f0 um \u00e1hrif lyfja og v\u00edmuefna. Fjalla\u00f0 er um \u00e6xlun, kynl\u00edf og getna\u00f0arvarnir.", "\u00cd \u00ed\u00fer\u00f3ttum er unni\u00f0 a\u00f0 \u00fev\u00ed a\u00f0 nemendur upplifi hreyfingu sem l\u00edkamlegan og andlegan styrk til a\u00f0 takast \u00e1 vi\u00f0 \u00e1skoranir daglegs l\u00edfs og l\u00edfsg\u00e6\u00f0i aukist. Nemendur \u00f6\u00f0last h\u00e6fni til a\u00f0 n\u00fdta s\u00e9r \u00feekkingu s\u00edna me\u00f0al annars til a\u00f0 takmarka kyrrsetu, auka hreyfingu \u00e1 einfaldan og \u00f3d\u00fdran h\u00e1tt, fl\u00e9tta l\u00edkams- og heilsur\u00e6kt inn \u00ed daglegt l\u00edf og starf og meta hve miki\u00f0 \u00feeir hreyfa sig daglega og gera \u00e1\u00e6tlanir um \u00farb\u00e6tur ef \u00fe\u00f6rf er \u00e1. Fjalla\u00f0 er um matar\u00e6\u00f0i og hva\u00f0 felst \u00ed hollri og g\u00f3\u00f0ri n\u00e6ringu og hver n\u00e6ringar\u00fe\u00f6rf er me\u00f0 tilliti til vinnu og daglegrar hreyfingar. Einnig er r\u00e6tt um neikv\u00e6\u00f0 \u00e1hrif \u00e1fengis-, t\u00f3baks- og lyfjaneyslu \u00e1 l\u00edkama og heilsu.", "Hluti af n\u00fdnemafr\u00e6\u00f0slu er h\u00f3peflis\u00e6fing sem tengist eineltis\u00e1\u00e6tlun sk\u00f3lans."], "icelandic_society_norms": ["\u00dear sem sk\u00f3linn leggur megin\u00e1herslu \u00e1 vinnu nemenda reynir miki\u00f0 \u00e1 alla \u00fe\u00e6tti l\u00e6sis, tj\u00e1ningar og samskipta. \u00cd n\u00e1msskipulaginu felst a\u00f0 miki\u00f0 reynir \u00e1 samskipti og samskiptah\u00e6fni nemenda \u00ed alls kyns verkefnavinnu og einnig tj\u00e1ningu b\u00e6\u00f0i \u00ed ritu\u00f0u og t\u00f6lu\u00f0u m\u00e1li vi\u00f0 kynningu ni\u00f0ursta\u00f0na. Nemendur \u00feurfa a\u00f0 geta svara\u00f0 spurningum \u00e1 m\u00e1lefnalegan h\u00e1tt og r\u00f6kstutt sko\u00f0anir s\u00ednar og ni\u00f0urst\u00f6\u00f0ur \u00ed verkefnaflutningi. D\u00e6mi um hagn\u00fdtingu \u00feessara atri\u00f0a m\u00e1 einnig sj\u00e1 \u00ed eftirfarandi kjarnagreinum:", "\u00cd \u00f6llum \u00edslensku\u00e1f\u00f6ngum \u00feurfa nemendur a\u00f0 gera grein fyrir sko\u00f0unum s\u00ednum og taka \u00fe\u00e1tt \u00ed samr\u00e6\u00f0um. \u00cd \u00edslenskun\u00e1mi \u00fej\u00e1lfast nemendur \u00ed a\u00f0 koma m\u00e1li s\u00ednu \u00e1 framf\u00e6ri \u00ed r\u00e6\u00f0u og riti. M\u00e1l \u00feeirra ver\u00f0ur me\u00f0 t\u00edmanum bl\u00e6brig\u00f0ar\u00edkara og or\u00f0afor\u00f0i fj\u00f6lbreyttari. \u00cd \u00f6llum \u00e1f\u00f6ngum \u00feurfa nemendur a\u00f0 flytja m\u00e1l sitt og er \u00fea\u00f0 \u00fej\u00e1lfa\u00f0 markvisst \u00ed tj\u00e1ningu.", "\u00cd f\u00e9lagsv\u00edsindum eru umr\u00e6\u00f0uverkefni miki\u00f0 notu\u00f0 til a\u00f0 f\u00e1 nemendur til a\u00f0 taka \u00fe\u00e1tt \u00ed samr\u00e6\u00f0um. Nemendur gera munnlega grein fyrir ni\u00f0urst\u00f6\u00f0um \u00ed verkefnunum, b\u00e6\u00f0i \u00ed formlegum kynningum e\u00f0a samr\u00e6\u00f0um, \u00fear sem \u00feeir segja bla\u00f0laust fr\u00e1 \u00fev\u00ed sem \u00feeir voru a\u00f0 vinna vi\u00f0, hver ni\u00f0ursta\u00f0an var og hva\u00f0a sko\u00f0un \u00feeir hafa.", "\u00cd jar\u00f0fr\u00e6\u00f0i er unni\u00f0 me\u00f0 margv\u00edslega texta og nemendur \u00feurfa \u00e1lykta \u00fat fr\u00e1 \u00feeim og deila ni\u00f0urst\u00f6\u00f0um s\u00ednum me\u00f0 \u00f6\u00f0rum, f\u00e1 umr\u00e6\u00f0u og gagnr\u00fdni \u00e1 \u00fea\u00f0 sem \u00feeir segja.", "\u00cd efna- og e\u00f0lisfr\u00e6\u00f0i tj\u00e1 nemendur sig um n\u00e1msefni\u00f0 \u00ed sm\u00e6rri vinnuh\u00f3pum, a\u00f0sto\u00f0a og \u00fatsk\u00fdra efni\u00f0 hver fyrir \u00f6\u00f0rum.", "\u00cd n\u00e1ms- og starfsvali \u00feurfa nemendur a\u00f0 vinna margv\u00edsleg verkefni sem flest eru mj\u00f6g pers\u00f3nuleg og var\u00f0a tilfinningar, sko\u00f0anir, gildi og \u00e1huga hvers og eins.", "\u00cd lokaverkefni \u00feurfa nemendur a\u00f0 lesa fj\u00f6lbreytta texta og tj\u00e1 hugsanir s\u00ednar og sko\u00f0anir \u00ed verkefninu. Miki\u00f0 er lagt upp \u00far \u00fev\u00ed a\u00f0 nemendur \u00fatsk\u00fdri og r\u00f6ksty\u00f0ji m\u00e1l sitt \u00e1 sk\u00fdran h\u00e1tt."], "democracy_and_human_rights": ["\u00cd sk\u00f3lanum er stu\u00f0la\u00f0 a\u00f0 \u00fev\u00ed a\u00f0 gera nemendur a\u00f0 virkum og \u00e1byrgum \u00fe\u00e1tttakendum \u00ed l\u00fd\u00f0r\u00e6\u00f0issamf\u00e9lagi t.d. me\u00f0 \u00fev\u00ed a\u00f0 leita eftir vi\u00f0horfum \u00feeirra til \u00e1kve\u00f0inna \u00fe\u00e1tta \u00ed \u00feeim tilgangi a\u00f0 b\u00e6ta sk\u00f3lastarfi\u00f0. \u00c1 hverju \u00e1ri er kennsluk\u00f6nnun l\u00f6g\u00f0 fyrir nemendur \u00fear sem \u00feeir l\u00e1ta \u00ed lj\u00f3s \u00e1lit sitt \u00e1 skipulagi og innihaldi \u00e1fanga, n\u00e1msefni og kennsluh\u00e1ttum. Reglulega eru lag\u00f0ar fyrir \u00fe\u00e1 vi\u00f0horfskannanir um afmarka\u00f0a \u00fe\u00e6tti og ni\u00f0urst\u00f6\u00f0urnar nota\u00f0ar til \u00feess a\u00f0 b\u00e6ta \u00fea\u00f0 sem betur m\u00e1 fara. Leita\u00f0 hefur veri\u00f0 eftir \u00e1liti nemenda \u00e1 \u00fdmsan annan h\u00e1tt, m.a. me\u00f0 heimskaffi \u00ed tengslum vi\u00f0 umhverfism\u00e1l og sj\u00e1lfb\u00e6rni \u00fear sem nemendur komu s\u00e9r saman um forgangsr\u00f6\u00f0un \u00feeirra atri\u00f0a sem \u00feeim \u00fe\u00f3tti br\u00fdnt a\u00f0 b\u00e6ta. A\u00f0 lokum m\u00e1 geta \u00feess a\u00f0 nemendur eiga fulltr\u00faa b\u00e6\u00f0i \u00ed sk\u00f3lar\u00e1\u00f0i og sk\u00f3lanefnd og leggja \u00feannig sitt af m\u00f6rkum vi\u00f0 stj\u00f3rnun sk\u00f3lans. D\u00e6mi um hagn\u00fdtingu \u00feessara atri\u00f0a m\u00e1 einnig sj\u00e1 \u00ed eftirfarandi kjarnagreinum:", "\u00cd flestum ensku\u00e1f\u00f6ngum \u00feurfa nemendur a\u00f0 setja fram sko\u00f0anir um t.d. r\u00e9tt og rangt m\u00e1lfar, s\u00f6gupers\u00f3nur, atbur\u00f0i \u00ed s\u00f6gum, r\u00e9ttl\u00e6ti og rangl\u00e6ti, hva\u00f0 \u00feeim finnst um \u00e1kve\u00f0nar s\u00f6gur og lj\u00f3\u00f0 o.s.frv. \u00cd gegnum umr\u00e6\u00f0ur um atri\u00f0i sem \u00feessi \u00fearf stundum a\u00f0 fjalla um si\u00f0fer\u00f0ileg \u00e1litam\u00e1l og nemendur ver\u00f0a me\u00f0vita\u00f0ri um \u00fe\u00e6r grundvallarreglur sem gilda \u00ed samskiptum. Kennarar hafa l\u00edka alltaf \u00fea\u00f0 hlutverk a\u00f0 gera nemendur me\u00f0vita\u00f0a um gildi g\u00f3\u00f0rar heg\u00f0unar og hvernig eigi a\u00f0 breyta r\u00e9tt \u00ed samskipum. L\u00f6g\u00f0 er \u00e1hersla \u00e1 a\u00f0 allir nemendur f\u00e1i a\u00f0 tj\u00e1 sig og segja s\u00edna sko\u00f0un og jafnframt a\u00f0 allir, jafnt nemendur sem kennarar, s\u00fdni vir\u00f0ingu og hlusti vel.", "\u00cd f\u00e9lagsv\u00edsindum er l\u00f6g\u00f0 \u00e1hersla \u00e1 mismunandi sko\u00f0anir f\u00f3lks og reynt a\u00f0 finna hva\u00f0a l\u00edfsgildi liggja a\u00f0 baki afst\u00f6\u00f0u f\u00f3lks til \u00e1litam\u00e1la. Markmi\u00f0 me\u00f0 n\u00e1mi \u00ed f\u00e9lagsv\u00edsindum er a\u00f0 auka \u00feekkingu nemenda \u00e1 samf\u00e9laginu og f\u00e9lagslegu umhverfi, jafnframt \u00fev\u00ed a\u00f0 auka skilning \u00feeirra \u00e1 st\u00f6\u00f0u sinni og annarra \u00ed \u00fej\u00f3\u00f0f\u00e9laginu. Nemendur taka \u00fe\u00e1tt \u00ed umr\u00e6\u00f0um og leggja mat \u00e1 hvernig umr\u00e6\u00f0urnar ganga (e. Scored discussion). Nemendur meta sj\u00e1lfir hva\u00f0 einkennir g\u00f3\u00f0ar r\u00f6kr\u00e6\u00f0ur og \u00fatb\u00faa matsbla\u00f0 \u00ed samvinnu vi\u00f0 kennara. \u00deeir f\u00e1 fr\u00e6\u00f0slu um inntak barnas\u00e1ttm\u00e1la S\u00de. Nemendur vinna ritunarverkefni \u00fear sem \u00feeir f\u00e1 fullyr\u00f0ingar sem \u00feeir eiga a\u00f0 taka r\u00f6kstudda afst\u00f6\u00f0u til.", "Grunn\u00fe\u00e1tturinn l\u00fd\u00f0r\u00e6\u00f0i og mannr\u00e9ttindi er afar mikilv\u00e6gur og fyrirfer\u00f0armikill \u00fe\u00e1ttur margra s\u00f6gu\u00e1fanga. \u00cd fornaldars\u00f6gu er fari\u00f0 \u00ed gr\u00edskt l\u00fd\u00f0r\u00e6\u00f0i og \u00fea\u00f0 bori\u00f0 saman vi\u00f0 n\u00fat\u00edmann. \u00cd s\u00f6gu s\u00ed\u00f0ari t\u00edma eru hugmyndir um frelsi, l\u00fd\u00f0r\u00e6\u00f0i og \u00fej\u00f3\u00f0frelsi rau\u00f0ur \u00fer\u00e1\u00f0ur \u00ed n\u00e1minu. Mikil \u00e1hersla er \u00e1 s\u00edfellt aukna l\u00fd\u00f0r\u00e6\u00f0is\u00fer\u00f3un \u00ed heiminum og l\u00edka hvernig og hvar l\u00fd\u00f0r\u00e6\u00f0i og mannr\u00e9ttindi eiga undir h\u00f6gg a\u00f0 s\u00e6kja. Verkefni, umr\u00e6\u00f0ur og margv\u00edslegir kennsluh\u00e6ttir og a\u00f0fer\u00f0ir eru nota\u00f0ar til a\u00f0 b\u00faa nemendur undir a\u00f0 ver\u00f0a virkir \u00fe\u00e1tttakendur \u00ed opnu samf\u00e9lagi l\u00fd\u00f0r\u00e6\u00f0is og umbur\u00f0arlyndis.", "\u00cd jar\u00f0fr\u00e6\u00f0i er r\u00e6tt um atri\u00f0i sem tengjast umgengni manns vi\u00f0 n\u00e1tt\u00faruna og \u00ed \u00fev\u00ed samhengi er fjalla\u00f0 um si\u00f0fer\u00f0ileg \u00e1litam\u00e1l. Nemendur ver\u00f0a me\u00f0vita\u00f0ri um \u00fe\u00e6r grundvallarreglur sem gilda \u00ed samskiptum, ekki s\u00edst hva\u00f0 var\u00f0ar au\u00f0lindan\u00fdtingu, almennar umgengnisreglur og tillitssemi.", "\u00cd l\u00edffr\u00e6\u00f0i er s\u00e9rstaklega fjalla\u00f0 um \u00e1hrif manna \u00e1 umhverfi\u00f0, svo sem \u00e1 samf\u00e9l\u00f6g annarra l\u00edfvera og hva\u00f0a \u00e1byrg\u00f0 menn bera \u00ed \u00fev\u00ed sambandi.", "\u00cd n\u00e1ms- og starfsvali er bent \u00e1 a\u00f0 \u00f6ll st\u00f6rf krefjast vir\u00f0ingar svo lengi sem \u00feeim er sinnt af tr\u00famennsku og hei\u00f0arleika.", "\u00cd lokaverkefnis\u00e1fanganum \u00feurfa nemendur i\u00f0ulega a\u00f0 taka gagnr\u00fdna afst\u00f6\u00f0u til si\u00f0fer\u00f0ilegra \u00e1litam\u00e1la \u00ed notkun heimilda og skrifum s\u00ednum yfirleitt."], "equality": ["\u00cd sk\u00f3lastarfinu \u00f6llu er \u00e1hersla \u00e1 jafnr\u00e9tti sem fylgt er eftir me\u00f0 starfi jafnr\u00e9ttisnefndar sk\u00f3lans sem s\u00e9r um a\u00f0 jafnr\u00e9ttisstefnu og jafnr\u00e9ttis\u00e1\u00e6tlun sk\u00f3lans s\u00e9 fylgt. D\u00e6mi um hagn\u00fdtingu \u00feessara atri\u00f0a m\u00e1 einnig sj\u00e1 \u00ed eftirfarandi kjarnagreinum:", "\u00cd umfj\u00f6llun um bandar\u00edskt samf\u00e9lag \u00ed ensku er snert \u00e1 \u00fe\u00e1ttum eins og \u00fatlendingahatri, tr\u00fafrelsi, jafnr\u00e9tti kynjanna, bar\u00e1ttu bl\u00f6kkumanna o.fl. \u00cd umfj\u00f6llun um breskt samf\u00e9lag er tala\u00f0 um st\u00e9ttaskiptingu, innflytjendur o.fl.", "N\u00e1m \u00ed f\u00e9lagsv\u00edsindum felur \u00ed s\u00e9r a\u00f0 geta greint \u00e1hrif \u00fdmissa \u00fe\u00e1tta \u00e1 l\u00edf einstaklinga og h\u00f3pa, t.d. st\u00e9tt, tr\u00faarbr\u00f6g\u00f0, \u00fej\u00f3\u00f0erni, kynhneig\u00f0, litarh\u00e1tt og b\u00fasetu. Hluti af jafnr\u00e9ttisn\u00e1lgun felst \u00ed kennslua\u00f0fer\u00f0um og kr\u00f6fu um a\u00f0 nemendur s\u00fdni hver \u00f6\u00f0rum vir\u00f0ingu \u00e1 sama h\u00e1tt og kennarar koma fram vi\u00f0 nemendur af vir\u00f0ingu. \u00deetta er gert markvisst me\u00f0al annars me\u00f0 \u00fej\u00e1lfun \u00ed r\u00f6kr\u00e6\u00f0um og \u00f6\u00f0rum verkefnum \u00fear sem nemendur ver\u00f0a a\u00f0 vir\u00f0a t\u00edma og sko\u00f0anir annarra. Nemendur vinna h\u00f3pverkefni um tr\u00faarbr\u00f6g\u00f0 \u00fear sem \u00feeir eiga a\u00f0 greina hvernig mismunandi tr\u00faarbr\u00f6g\u00f0 hafa \u00e1hrif \u00e1 daglegt l\u00edf f\u00f3lks, t.d. hlutverk \u00ed fj\u00f6lskyldunni, tengsl vi\u00f0 stj\u00f3rnkerfi\u00f0 og menntunarm\u00f6guleika.", "Jafnr\u00e9tti er lei\u00f0arlj\u00f3s \u00ed \u00f6llum s\u00f6gu\u00e1f\u00f6ngum, einkum er \u00e1hersla \u00e1 kynjajafnr\u00e9tti en einng jafnr\u00e9tti \u00ed v\u00ed\u00f0asta skilningi or\u00f0sins. \u00cd umr\u00e6\u00f0um er fjalla\u00f0 um jafnr\u00e9tti, hvort sem um er a\u00f0 r\u00e6\u00f0a kynjajafnr\u00e9tti e\u00f0a jafnr\u00e9tti minnihluta- og ja\u00f0arh\u00f3pa. Me\u00f0al d\u00e6ma um efnist\u00f6k tengd jafnr\u00e9tti er a\u00f0skilna\u00f0arstefnan \u00ed BNA og S-Afr\u00edku, helf\u00f6rin og gy\u00f0ingaofs\u00f3knir, sta\u00f0a kvenna innan \u00feri\u00f0ja r\u00edkisins, kvennabar\u00e1ttan \u00e1 19. og 20. \u00f6ld, \u00edslam \u00ed fort\u00ed\u00f0 og n\u00fat\u00ed\u00f0 svo f\u00e1tt eitt s\u00e9 nefnt.", "\u00cd n\u00e1ms- og starfsvali er bent \u00e1 hvernig t.d. sta\u00f0almyndir, fj\u00f6lmi\u00f0lar, menntunart\u00e6kif\u00e6ri, b\u00faseta, f\u00f6tlun, kyn, kynhneig\u00f0, litarh\u00e1ttur, l\u00edfssko\u00f0anir, menning, st\u00e9tt, tr\u00faarbr\u00f6g\u00f0, tungum\u00e1l, \u00e6tterni og \u00fej\u00f3\u00f0erni geta skapa\u00f0 mismunandi t\u00e6kif\u00e6ri fyrir mismunandi einstaklinga."]}, "user_id": "b68f32cf-f5e7-4436-8857-8f510bbb44c9", "is_ministry_rejected": false, "title": "N\u00e1tt\u00faruv\u00edsindabraut (Sta\u00f0festingarn\u00famer 5)", "ministry_serial": "14-5-3-6", "version": "n\u00e1tt\u00farufr\u00e6\u00f0ist\u00fadent-1", "status_trans": "Sam\u00feykkt af r\u00e1\u00f0uneyti", "date_last_sent_to_ministry": null, "evaluation": "\n\nN\u00e1msmat getur fari\u00f0 fram me\u00f0 mismunandi h\u00e6tti eftir \u00e1kv\u00f6r\u00f0un kennara. Mati\u00f0 er \u00fdmist samsett \u00far s\u00edmati og lokapr\u00f3fi e\u00f0a eing\u00f6ngu s\u00edmati. N\u00e1nari tilh\u00f6gun n\u00e1msmats er \u00ed h\u00f6ndum kennara hverrar faggreinar. \u00cd upphafi hvers sk\u00f3la\u00e1rs skal nemendum kynnt kennslu\u00e1\u00e6tlun og n\u00e1msmarkmi\u00f0 svo og tilh\u00f6gun n\u00e1msmats hvers \u00e1fanga. Nemendum er s\u00e9rstaklega bent \u00e1 a\u00f0 \u00ed sumum \u00e1f\u00f6ngum ver\u00f0a \u00feeir a\u00f0 standast lokapr\u00f3f \u00e1\u00f0ur en s\u00edmatseinkunn er reiknu\u00f0 inn. \u00deetta kemur \u00fe\u00e1 fram \u00e1 n\u00e1ms\u00e1\u00e6tlun. Kennarar meta \u00farlausnir nemenda. \u00cd lok annar skulu nemendur eiga \u00feess kost a\u00f0 sko\u00f0a \u00farlausnir s\u00ednar innan \u00feriggja daga fr\u00e1 afhendingu einkunna. Ef fram kemur skekkja \u00ed mati e\u00f0a einkunnagj\u00f6f skal sl\u00edkt lei\u00f0r\u00e9tt. Komi upp \u00e1greiningur milli nemanda og kennara um mat \u00farlausnar skal sk\u00f3lameistari kve\u00f0ja til pr\u00f3fd\u00f3mara til \u00feess a\u00f0 fara yfir \u00farlausnina. \u00darskur\u00f0ur pr\u00f3fd\u00f3mara skal gilda. ", "status": "approved by ministry", "core": [{"courses": [{"exemplary": null, "topics": "algengustu f\u00f6ll, deildun \u00feeirra og helstu eiginleikar", "abbreviation": "ST\u00c6R3FD05", "former_schools": ["512350238caa45ed97015b3f"], "subject": "st\u00e6r\u00f0fr\u00e6\u00f0i", "title": "Algengustu f\u00f6ll, deildun \u00feeirra og helstu eiginleikar", "version": 11, "status_trans": "Sam\u00feykkt af sk\u00f3la", "embedded_subject": {"abbreviation": "ST\u00c6R", "topics": [{"abbreviation": "FN", "topics": ["fylkjareikningur", "l\u00ednuleg bestun", "netafr\u00e6\u00f0i"]}, {"abbreviation": "HR", "topics": ["heildun", "ra\u00f0ir", "runur", "r\u00famm\u00e1l sn\u00fa\u00f0s"]}, {"abbreviation": "DF", "topics": ["deildun", "f\u00f6ll", "markgildi"]}, {"abbreviation": "TD", "topics": ["deildaj\u00f6fnur", "tvinnt\u00f6lur"]}, {"abbreviation": "HV", "topics": ["hornaf\u00f6ll", "vigrar"]}, {"abbreviation": "T\u00c1", "topics": ["t\u00f6lfr\u00e6\u00f0i", "\u00e1lyktunart\u00f6lfr\u00e6\u00f0i"]}, {"abbreviation": "LT", "topics": ["l\u00edkindareikningur", "talningafr\u00e6\u00f0i", "t\u00f6lfr\u00e6\u00f0i"]}, {"abbreviation": "AT", "topics": ["algebra", "j\u00f6fnur", "talnafr\u00e6\u00f0i"]}, {"abbreviation": "AF", "topics": ["algebra", "f\u00f6ll", "gr\u00f6f"]}, {"abbreviation": "HM", "topics": ["h\u00e1t\u00ed\u00f0isdagar", "merkisdagar"]}, {"abbreviation": "GS", "topics": ["grunna\u00f0ger\u00f0ir"]}, {"abbreviation": "VG", "topics": ["grunna\u00f0ger\u00f0ir", "ver\u00f0\u00fatreikningar"]}, {"abbreviation": "MU", "topics": ["m\u00e6lieiningar", "uppskriftir"]}, {"abbreviation": "HP", "topics": ["heimilisinnkaup"]}, {"abbreviation": "RD", "topics": ["d\u00e6mareikningur", "r\u00f6khugsun"]}, {"abbreviation": "VK", "topics": ["keilusni\u00f0", "vigrar"]}, {"abbreviation": "AL", "topics": ["algebra"]}, {"abbreviation": "HA", "topics": ["hagn\u00fdt st\u00e6r\u00f0fr\u00e6\u00f0i daglegs l\u00edfs"]}, {"abbreviation": "AX", "topics": ["f\u00f6ll og deildun"]}, {"abbreviation": "AN", "topics": ["hornafr\u00e6\u00f0i", "keilusni\u00f0", "vigrar"]}, {"abbreviation": "CT", "topics": ["t\u00f6lfr\u00e6\u00f0i og l\u00edkindafr\u00e6\u00f0i"]}, {"abbreviation": "BR", "topics": ["klass\u00edsk r\u00famfr\u00e6\u00f0i"]}, {"abbreviation": "BH", "topics": ["algebra", "b", "h", "margli\u00f0ur og fleygbogar"]}, {"abbreviation": "GN", "topics": ["grunn\u00e1fangi \u00e1 n\u00e1tt\u00faruv\u00edsindabraut"]}, {"abbreviation": "LH", "topics": ["hornaf\u00f6ll og vigrar o.fl.", "lotubundin f\u00f6ll"]}, {"abbreviation": "FH", "topics": ["grunn\u00e1fangi \u00e1 f\u00e9lags- og hugv\u00edsindabraut"]}, {"abbreviation": "T\u00d6", "topics": ["undirst\u00f6\u00f0uatri\u00f0i t\u00f6lfr\u00e6\u00f0i"]}, {"abbreviation": "VH", "topics": ["hornf\u00f6ll", "vigrar o.fl."]}, {"abbreviation": "FD", "topics": ["algengustu f\u00f6ll", "deildun \u00feeirra og helstu eiginleikar"]}, {"abbreviation": "\u00deR", "topics": ["\u00fer\u00edv\u00ed\u00f0 r\u00famfr\u00e6\u00f0i"]}, {"abbreviation": "SS", "topics": ["strj\u00e1l st\u00e6r\u00f0fr\u00e6\u00f0i"]}, {"abbreviation": "TF", "topics": ["\u00e1lyktunart\u00f6lfr\u00e6\u00f0i"]}, {"abbreviation": "UA", "topics": ["a", "upprifjun"]}, {"abbreviation": "UB", "topics": ["b", "undirb\u00faningur"]}, {"abbreviation": "HS", "topics": ["hagn\u00fdt", "st\u00e6r\u00f0fr\u00e6\u00f0i"]}, {"abbreviation": "TS", "topics": ["st\u00e6r\u00f0fr\u00e6\u00f0i", "t\u00f6luleg"]}, {"abbreviation": "AJ", "topics": ["algebra", "j\u00f6fnur"]}, {"abbreviation": "FJ", "topics": ["f\u00f6ll", "j\u00f6fnur"]}, {"abbreviation": "TL", "topics": ["l\u00edkindareikningur", "t\u00f6lfr\u00e6\u00f0i"]}, {"abbreviation": "DH", "topics": ["deildarj\u00f6fnur", "heildi"]}, {"abbreviation": "FA", "topics": ["aflei\u00f0ur", "ferlaranns\u00f3knir"]}, {"abbreviation": "RT", "topics": ["ranns\u00f3knir", "t\u00f6lfr\u00e6\u00f0i"]}, {"abbreviation": "Y\u00c1", "topics": ["yfirlit", "\u00e1fangi"]}, {"abbreviation": "SG", "topics": ["greining", "st\u00e6r\u00f0fr\u00e6\u00f0i"]}, {"abbreviation": "GR", "topics": ["grunn\u00e1fangi \u00ed st\u00e6r\u00f0fr\u00e6\u00f0i"]}, {"abbreviation": "MF", "topics": ["f\u00f6ll", "margli\u00f0ur"]}, {"abbreviation": "HO", "topics": ["hornafr\u00e6\u00f0i", "vigrar"]}, {"abbreviation": "DM", "topics": ["deildun", "markgildi"]}, {"abbreviation": "RH", "topics": ["heildun", "ra\u00f0ir", "runur"]}, {"abbreviation": "FT", "topics": ["brei\u00f0bogaf\u00f6ll", "fylkjareikningur", "tvinnt\u00f6lur"]}, {"abbreviation": "D\u00c6", "topics": ["d\u00e6gurd\u00e6mi"]}, {"abbreviation": "R\u00da", "topics": ["r\u00famfr\u00e6\u00f0i", "\u00fer\u00edv\u00eddd"]}, {"abbreviation": "D\u00d3", "topics": ["deildi", "\u00f3bein deildun. heildi og heildunara\u00f0fer\u00f0ir. fyrsta stigs deildaj\u00f6fnur."]}, {"abbreviation": "HT", "topics": ["2. stigs diffurj\u00f6fnur . runur og ra\u00f0ir", "hagn\u00fdting heildareiknings", "samleitnipr\u00f3f.", "tvinnt\u00f6lur"]}, {"abbreviation": "AG", "topics": ["r\u00famfr\u00e6\u00f0i", "t\u00f6lur og algebra"]}, {"abbreviation": "UN", "topics": ["undirb\u00fanings\u00e1fangi \u00ed st\u00e6r\u00f0fr\u00e6\u00f0i"]}, {"abbreviation": "FS", "topics": ["f\u00f6ll og r\u00f6kfr\u00e6\u00f0i", "st\u00e6r\u00f0fr\u00e6\u00f0i \u2013 talnafr\u00e6\u00f0i"]}, {"abbreviation": "L\u00c6", "topics": ["l\u00edkindafr\u00e6\u00f0i og fj\u00e1rm\u00e1lal\u00e6si", "t\u00f6lfr\u00e6\u00f0i"]}, {"abbreviation": "LE", "topics": ["t\u00f6lvugraf\u00edk og t\u00f6lvuleikir"]}, {"abbreviation": "BN", "topics": ["algebra", "b", "margli\u00f0ur og fleygbogar", "n"]}, {"abbreviation": "BX", "topics": ["algebra", "b", "fleygbogar", "lograr", "x"]}, {"abbreviation": "AH", "topics": ["algebra", "f\u00f6ll", "hornafr\u00e6\u00f0i", "margli\u00f0ur", "mengi"]}, {"abbreviation": "AR", "topics": ["algebra", "r\u00famfr\u00e6\u00f0i"]}, {"abbreviation": "JM", "topics": ["t\u00f6lur mengi  j\u00f6fnur r\u00f6kfr\u00e6\u00f0i talningarfr\u00e6\u00f0i"]}, {"abbreviation": "VI", "topics": ["vigrar hornaf\u00f6ll f\u00f6ll"]}, {"abbreviation": "DR", "topics": ["deildarj\u00f6fnu", "heildun", "runur og ra\u00f0ir"]}, {"abbreviation": "DE", "topics": ["deildun"]}, {"abbreviation": "HD", "topics": ["deildaj\u00f6fnun", "heildun", "ra\u00f0ir", "runur"]}, {"abbreviation": "HE", "topics": ["1.stigs deildarj\u00f6fnur.", "heildun", "runur og ra\u00f0ir"]}, {"abbreviation": "RF", "topics": ["r\u00famfr\u00e6\u00f0i"]}, {"abbreviation": "FO", "topics": ["forn\u00e1ms\u00e1fangi"]}, {"abbreviation": "AP", "topics": ["algengar reiknia\u00f0ger\u00f0ir", "peningar og m\u00e6lieiningar", "t\u00edmat\u00e1kn"]}, {"abbreviation": "SF", "topics": ["Forn\u00e1m \u00ed st\u00e6r\u00f0fr\u00e6\u00f0i"]}, {"abbreviation": "BB", "topics": ["Forn\u00e1m 2"]}, {"abbreviation": "RA", "topics": ["Algebra", "f\u00f6ll", "r\u00famfr\u00e6\u00f0i", "t\u00f6lfr\u00e6\u00f0i"]}, {"abbreviation": "L\u00c1", "topics": ["l\u00fdsandi t\u00f6lfr\u00e6\u00f0i", "t\u00f6flureiknir", "\u00e1lyktunart\u00f6lfr\u00e6\u00f0i"]}, {"abbreviation": "TJ", "topics": ["Almennur talnareikningur", "form\u00falur", "j\u00f6fnur", "pr\u00f3sentur"]}, {"abbreviation": "JH", "topics": ["J\u00f6fnur", "hlutf\u00f6ll", "hnitakerfi\u00f0", "talname\u00f0fer\u00f0"]}, {"abbreviation": "RV", "topics": ["hornafr\u00e6\u00f0i \u00fer\u00edhyrnings", "hornaf\u00f6ll", "vigrar"]}, {"abbreviation": "DT", "topics": ["deildaj\u00f6fnur", "heildi", "samleitni", "tvinnt\u00f6lur"]}, {"abbreviation": "DS", "topics": ["deildaj\u00f6fnur", "samleitni", "tvinnt\u00f6lur"]}, {"abbreviation": "\u00deV", "topics": ["keilusni\u00f0", "vigrar", "\u00fer\u00edv\u00ed\u00f0 r\u00famfr\u00e6\u00f0i"]}, {"abbreviation": "FG", "topics": ["algebra", "f\u00f6ll", "gr\u00f6f", "veldi og r\u00e6tur"]}, {"abbreviation": "CX", "topics": ["f\u00f6ll og deildun fyri M\u00c1L og F\u00c9L"]}, {"abbreviation": "A\u00de", "topics": ["a", "\u00ferautalausnir"]}, {"abbreviation": "C\u00de", "topics": ["\u00derautalausnir"]}, {"abbreviation": "DN", "topics": ["algebra", "margli\u00f0ur og fleygbogar"]}, {"abbreviation": "UT", "topics": ["t\u00f6lfr\u00e6\u00f0i"]}, {"abbreviation": "OJ", "topics": ["t\u00f6lugildi og j\u00f6fnuhneppi", "\u00f3j\u00f6fnur"]}, {"abbreviation": "RG", "topics": ["R\u00famfr\u00e6\u00f0i me\u00f0 GeoGebru"]}, {"abbreviation": "HG", "topics": ["hagn\u00fdt st\u00e6r\u00f0fr\u00e6\u00f0i"]}, {"abbreviation": "AA", "topics": ["algengar reiknia\u00f0ger\u00f0ir"]}, {"abbreviation": "HL", "topics": ["Heildun"]}, {"abbreviation": "FM", "topics": ["F\u00f6ll", "markgildi og deildun algengustu falla"]}, {"abbreviation": "SH", "topics": ["St\u00e6r\u00f0fr\u00e6\u00f0igreining", "deildaj\u00f6fnur", "heildun", "runur og ra\u00f0ir"]}, {"abbreviation": "MA", "topics": ["Mengi", "algebra"]}, {"abbreviation": "HK", "topics": ["Hornaf\u00f6ll", "keilusni\u00f0", "vigrar"]}], "_id": "50c0a02dd8e40575f7f6f490", "subjects": ["st\u00e6r\u00f0fr\u00e6\u00f0i"], "counter": {"1": 0, "3": 2, "2": 4, "4": 0}}, "evaluation": "Lokapr\u00f3f og vinnueinkunn", "categorization_suggestion": "", "embedded_topics": [{"abbreviation": "FD", "topics": ["algengustu f\u00f6ll", "deildun \u00feeirra og helstu eiginleikar"]}], "status": "approved by school", "description": "Samskeyting falla. Eint\u00e6kt, \u00e1t\u00e6kt og gagnt\u00e6kt fall. Andhverft fall. V\u00edsisf\u00f6ll, lograf\u00f6ll og v\u00edsisv\u00f6xtur. Markgildi og samfelld f\u00f6ll. Deildun falla og k\u00f6nnun \u00feeirra", "knowledge_goals": ["me\u00f0h\u00f6ndlun algengustu falla, s. s. margli\u00f0a, veldis- og r\u00f3tarfalla", "lausnum jafna s\u00e9rh\u00e6f\u00f0ra falla, s.s. \u00e1 hornafalla- og lograj\u00f6fnum", "deildun falla, s.s. v\u00edsis- og lografalla og samsettra falla", "hagn\u00fdtingu framangreindrar st\u00e6r\u00f0fr\u00e6\u00f0i \u00e1 \u00f6\u00f0rum svi\u00f0um, s.s. \u00ed hagfr\u00e6\u00f0i, n\u00e1tt\u00faruv\u00edsindum, umhverfism\u00e1lum, t\u00e6knifr\u00e6\u00f0i, o.s.frv. "], "skills_goals": ["skeyta saman einf\u00f6ld f\u00f6ll og reikna \u00fat andhverfur falla", "me\u00f0h\u00f6ndla f\u00f6ll sem l\u00fdsa v\u00edsisvexti og nota logra til a\u00f0 leysa j\u00f6fnur og \u00f6nnur vi\u00f0fangsefni", "reikna einf\u00f6ld markgildi og ganga \u00far skugga um hvort fall af einfaldri ger\u00f0 s\u00e9 samfellt og/e\u00f0a deildanlegt", "leysa h\u00e1- og l\u00e1ggildisverkefni og \u00f6nnur klass\u00edsk verkefni sem krefjast notkunar aflei\u00f0u, s.s. \u00ed sambandi vi\u00f0 hra\u00f0a og hr\u00f6\u00f0un", "nota skilgreiningu aflei\u00f0u til a\u00f0 lei\u00f0a \u00fat form\u00falur fyrir aflei\u00f0ur falla"], "credits": 5, "last_modified": 1323861080, "schools": [], "coauthors": [], "instructions": "Kjarna\u00e1fangi \u00e1 n\u00e1tt\u00faruv\u00edsindabraut", "continued_education": false, "level": 3, "prerequisites": "ST\u00c6R3VH05", "author": "b68f32cf-f5e7-4436-8857-8f510bbb44c9", "abbreviation_version": null, "competence_goals": [["skr\u00e1 lausnir s\u00ednar skipulega, skiptast \u00e1 sko\u00f0unum vi\u00f0 a\u00f0ra um \u00fe\u00e6r og \u00fatsk\u00fdra hugmyndir s\u00ednar og verk skilmerkilega \u00e1 vi\u00f0eigandi h\u00e1tt"], ["\u00e1tta sig \u00e1 tengslum \u00f3l\u00edkra a\u00f0fer\u00f0a vi\u00f0 framsetningu st\u00e6r\u00f0fr\u00e6\u00f0ilegra hugmynda og vi\u00f0fangsefna"], ["skilja merkingu og tengsl hugtaka \u00ed n\u00e1msefninu og vinna me\u00f0 \u00feau"], ["geta fylgt og skili\u00f0 r\u00f6ksemdir og r\u00f6ksamhengi \u00ed m\u00e6ltu m\u00e1li og texta, \u00fear me\u00f0 taldar sannanir \u00ed n\u00e1msefni"], ["beita skipulegum a\u00f0fer\u00f0um vi\u00f0 a\u00f0 leysa \u00far vi\u00f0fangsefnum og \u00ferautum, s. s. \u00fat fr\u00e1 \u00feekkingu \u00e1 lausnum svipa\u00f0ra \u00ferauta, unni\u00f0 til baka fr\u00e1 \u00feekktum st\u00e6r\u00f0um e\u00f0a me\u00f0 \u00fev\u00ed a\u00f0 setja upp j\u00f6fnur"]], "_id": "51265b3d62933a77194c91e1"}, {"exemplary": "false", "topics": "almenn jar\u00f0fr\u00e6\u00f0i", "abbreviation": "JAR\u00d02AJ05", "former_schools": ["512350238caa45ed97015b3f"], "subject": "jar\u00f0fr\u00e6\u00f0i", "title": "Almenn jar\u00f0fr\u00e6\u00f0i", "version": 2, "status_trans": "Sam\u00feykkt af sk\u00f3la", "embedded_subject": {"abbreviation": "JAR\u00d0", "topics": [{"abbreviation": "AJ", "topics": ["almenn jar\u00f0fr\u00e6\u00f0i"]}, {"abbreviation": "J\u00cd", "topics": ["jar\u00f0fr\u00e6\u00f0i \u00edslands"]}, {"abbreviation": "JS", "topics": ["jar\u00f0saga"]}, {"abbreviation": "FH", "topics": ["grunn\u00e1fangi \u00ed n\u00e1tt\u00faruv\u00edsindum fyrir f\u00e9lags- og hugv\u00edsindadeild"]}, {"abbreviation": "KJ", "topics": ["almenn jar\u00f0saga", "jar\u00f0skorpuhreyfingar", "landrek o.fl", "myndun kviku og bergfr\u00e6\u00f0i"]}, {"abbreviation": "\u00daV", "topics": ["\u00fativist og umhverfissko\u00f0un"]}, {"abbreviation": "JH", "topics": ["jar\u00f0saga og jar\u00f0lagafr\u00e6\u00f0i"]}, {"abbreviation": "VH", "topics": ["ve\u00f0ur og haffr\u00e6\u00f0i"]}, {"abbreviation": "JV", "topics": ["jar\u00f0v\u00edsindi"]}, {"abbreviation": "NV", "topics": ["n\u00e1tt\u00faruv\u00e1r og n\u00e1tt\u00faruhamfarir"]}, {"abbreviation": "PL", "topics": ["pl\u00e1netufr\u00e6\u00f0i"]}, {"abbreviation": "JF", "topics": ["innr\u00e6n og utr\u00e6n ferli jar\u00f0ar"]}, {"abbreviation": "JJ", "topics": ["jar\u00f0saga og jar\u00f0lagafr\u00e6\u00f0i", "jar\u00f0skorpuhreyfingar"]}, {"abbreviation": "VV", "topics": ["haffr\u00e6\u00f0i", "j\u00f6klafr\u00e6\u00f0i", "loftslagsfr\u00e6\u00f0i", "vatn", "ve\u00f0ur"]}, {"abbreviation": "I\u00d6", "topics": ["innr\u00e6n \u00f6fl", "jar\u00f0fr\u00e6\u00f0i \u00edslands"]}, {"abbreviation": "IY", "topics": ["innr\u00e6n \u00f6fl", "jar\u00f0fr\u00e6\u00f0i \u00edslands", "ytri \u00f6fl"]}, {"abbreviation": "HS", "topics": ["haf\u00eds", "loftslagsfr\u00e6\u00f0i", "sj\u00e1varstraumar", "ve\u00f0ur- og haffr\u00e6\u00f0i", "ve\u00f0urfarsbreytingar", "ve\u00f0urfarsleg fyrirbrig\u00f0i"]}, {"abbreviation": "IJ", "topics": ["bergtegundir og greining steinda", "eldst\u00f6\u00f0var og eldst\u00f6\u00f0vakerfi", "eldvirkni", "innr\u00e6n og \u00fatr\u00e6n \u00f6fl", "jar\u00f0fr\u00e6\u00f0i \u00edslands"]}, {"abbreviation": "SJ", "topics": ["aldursgreiningar", "breytingar \u00e1 landaskipan  og l\u00edfr\u00edki", "jar\u00f0lagafr\u00e6\u00f0i", "jar\u00f0saga", "jar\u00f0saga \u00edslands", "jar\u00f0s\u00f6gutaflan", "steingervingar"]}, {"abbreviation": "EV", "topics": ["Eldvirkni"]}, {"abbreviation": "JK", "topics": ["Jar\u00f0fr\u00e6\u00f0i \u00cdslands og kortalestur"]}, {"abbreviation": "AU", "topics": ["Jar\u00f0fr\u00e6\u00f0i", "au\u00f0lindafr\u00e6\u00f0i"]}], "_id": "50c0a02dd8e40575f7f6f496", "subjects": ["jar\u00f0fr\u00e6\u00f0i"], "counter": {"1": 3, "3": 1, "2": 3, "4": 0}}, "evaluation": "Lokapr\u00f3f og vinnueinkunn", "categorization_suggestion": "", "embedded_topics": {"abbreviation": "AJ", "topics": ["almenn jar\u00f0fr\u00e6\u00f0i"]}, "status": "approved by school", "description": "\u00cd \u00feessum \u00e1fanga \u00ed almennri jar\u00f0fr\u00e6\u00f0i er fengist vi\u00f0 innr\u00e6n og \u00fatr\u00e6n \u00f6fl. Unni\u00f0 ver\u00f0ur a\u00f0 \u00fev\u00ed a\u00f0 skapa \u00feekkingu \u00e1 \u00feeim ferlum sem eru a\u00f0 verkum \u00e1 og undir yfirbor\u00f0i jar\u00f0ar. Fr\u00e6\u00f0ileg umfj\u00f6llun greinarinnar ver\u00f0ur tengd vi\u00f0 \u00feau ummerki sem hvarvetna eru s\u00fdnileg \u00ed landslaginu \u00ed kringum okkur og \u00feannig reynt a\u00f0 skapa \u00e1huga og skilning \u00e1 umhverfinu og notagildi jar\u00f0fr\u00e6\u00f0i\u00feekkingar \u00ed leik og starfi. Fjalla\u00f0 er um a\u00f0fer\u00f0afr\u00e6\u00f0i, hj\u00e1lparg\u00f6gn og s\u00f6gulega \u00fer\u00f3un \u00ed jar\u00f0fr\u00e6\u00f0i. S\u00e9rsta\u00f0a og grunnhugt\u00f6k eru kynnt: Sta\u00f0fr\u00e6\u00f0i \u00cdslands,innr\u00e6n \u00f6fl, uppruni og aflei\u00f0ingar, innri ger\u00f0 jar\u00f0ar, landrek, flekakenningin, s\u00e9rsta\u00f0a \u00cdslands \u00ed jar\u00f0fr\u00e6\u00f0ilegu tilliti og \u00fe\u00e6ttir \u00far sta\u00f0fr\u00e6\u00f0i landsins, eldfjallafr\u00e6\u00f0i, eldvirkni, flokkun bergs, eldst\u00f6\u00f0va og hrauna, jar\u00f0hitasv\u00e6\u00f0i, \u00fatr\u00e6n \u00f6fl, uppruni og aflei\u00f0ingar, ve\u00f0run og rof, rof\u00f6flin og ummerki \u00feeirra. Grundvallarn\u00e1lgun a\u00f0 vi\u00f0fangsefninu sn\u00fdst um a\u00f0 nemendur \u00f6\u00f0list yfirs\u00fdn og \u00feekkingu \u00e1 \u00feeim jar\u00f0fr\u00e6\u00f0ilegu l\u00f6gm\u00e1lum sem hvarvetna m\u00e1 sj\u00e1 merki um. Me\u00f0 samtengingu texta og verkefna er leitast vi\u00f0 a\u00f0 opna augun fyrir l\u00f6gm\u00e1lum jar\u00f0fr\u00e6\u00f0innar og auka skilning \u00e1 \u00fev\u00ed hvernig innr\u00e6n og \u00fatr\u00e6n \u00f6fl setja mark sitt \u00e1 landslagi\u00f0. L\u00edfvana hluti jar\u00f0ar \u00ed daglegu umhverfi nemendanna er settur \u00ed v\u00ed\u00f0ara samhengi og \u00feannig reynt a\u00f0 gera \u00fe\u00e1 me\u00f0vita\u00f0a um hva\u00f0 og hvers vegna n\u00e1tt\u00farulegt umhverfi er eins og raun ber vitni og hvernig er l\u00edklegt a\u00f0 \u00fea\u00f0 \u00fer\u00f3ist og hva\u00f0a m\u00e1li s\u00fa \u00fer\u00f3un skiptir. Takmarki\u00f0 er a\u00f0 gera nemendur l\u00e6sa \u00e1 umhverfi\u00f0 og \u00feannig auka yfirs\u00fdn og skilning sem geta leitt til vitundar um og vir\u00f0ingar fyrir n\u00e1tt\u00farulegum ferlum. Jafnframt \u00f6\u00f0last nemendur nau\u00f0synlega grunn\u00feekkingu og f\u00e6rni til frekara n\u00e1ms \u00ed jar\u00f0fr\u00e6\u00f0i.", "knowledge_goals": ["hugt\u00f6kum, kenningum og a\u00f0fer\u00f0um jar\u00f0fr\u00e6\u00f0innar", "notagildi jar\u00f0fr\u00e6\u00f0ilegrar \u00feekkingar og mikilv\u00e6gi hennar til skilnings \u00e1 umhverfinu", "samspili innr\u00e6nna og \u00fatr\u00e6nna afla og hvernig \u00feekkja m\u00e1 ummerki eftir \u00feau", "innri ger\u00f0 jar\u00f0ar, landreki og jar\u00f0skorpuflekum", "eldvirkni \u00e1 \u00cdslandi, ummerkjum um hana og sta\u00f0setningu jar\u00f0fr\u00e6\u00f0ilegra fyrirb\u00e6ra \u00e1 landinu", "flokkun bergs og hvernig h\u00fan endurspeglar \u00f3l\u00edk birtingarform jar\u00f0fr\u00e6\u00f0ilegra ferla", "rof\u00f6flum og hvernig \u00f3l\u00edk \u00f6fl m\u00f3ta landi\u00f0"], "skills_goals": ["beita hugt\u00f6kum og kenningum \u00e1 skilmerkilegan h\u00e1tt og \u00ed r\u00f6kr\u00e6nu samhengi", "greina ummerki innr\u00e6nna og \u00fatr\u00e6nna afla vi\u00f0 landm\u00f3tun og \u00e1lykta um \u00feau", "sta\u00f0setja n\u00e1tt\u00farufyrirb\u00e6ri \u00e1 \u00cdslandi og tengja n\u00e1tt\u00farufarslega \u00fe\u00e6tti vi\u00f0 sta\u00f0setninguna", "greina berg og steindir og geti n\u00fdtt bergfr\u00e6\u00f0i vi\u00f0 flokkun og t\u00falkun jar\u00f0fr\u00e6\u00f0ilegra fyrirb\u00e6ra"], "credits": 5, "last_modified": 1324045055, "schools": [], "coauthors": [], "instructions": "Kjarna\u00e1fangi \u00e1 n\u00e1tt\u00faruv\u00edsindabraut", "continued_education": false, "level": 2, "prerequisites": "Engar", "author": "b68f32cf-f5e7-4436-8857-8f510bbb44c9", "abbreviation_version": null, "competence_goals": [["s\u00fdna sj\u00e1lfst\u00e6\u00f0 og \u00f6gu\u00f0 vinnubr\u00f6g\u00f0, virkni \u00ed gagna\u00f6flun, leggja sj\u00e1lfst\u00e6tt mat \u00e1 uppl\u00fdsingar vi\u00f0 \u00farvinnslu og geta sett ni\u00f0urst\u00f6\u00f0ur fram \u00ed r\u00f6kr\u00e6\u00f0u", ""], ["geta lesi\u00f0 \u00ed umhverfi sitt og flokka\u00f0, a\u00f0greint og tengt atri\u00f0i eftir a\u00f0st\u00e6\u00f0um og samhengi", ""], ["geta dregi\u00f0 \u00e1lyktanir af \u00f3l\u00edkum a\u00f0st\u00e6\u00f0um \u00e1 \u00cdslandi var\u00f0andi landslag og jar\u00f0myndanir", ""], ["tengja undirst\u00f6\u00f0u\u00fe\u00e6tti jar\u00f0fr\u00e6\u00f0innar vi\u00f0 umhverfi sitt og geta fjalla\u00f0 \u00e1 r\u00f6kr\u00e6nan h\u00e1tt um mikilv\u00e6gi og notagildi \u00feeirra fyrir daglegt l\u00edf ", ""]], "_id": "51265b3d62933a77194c91fe"}, {"exemplary": "false", "topics": "almenn heilsu- og l\u00edkamsr\u00e6kt e\u00f0a \u00fativist", "abbreviation": "\u00cd\u00deR\u00d32AH01", "former_schools": null, "subject": "\u00ed\u00fer\u00f3ttir", "title": "Almenn l\u00edkams- og heilsur\u00e6kt e\u00f0a \u00fativist", "version": 1, "status_trans": "Sam\u00feykkt af sk\u00f3la", "embedded_subject": {"abbreviation": "\u00cd\u00deR\u00d3", "topics": [{"abbreviation": "\u00deK", "topics": ["kraftur", "styrkur", "\u00feol"]}, {"abbreviation": "GL", "topics": ["grunn\u00fe\u00e6ttir \u00ed almennri l\u00edkams- og heilsur\u00e6kt"]}, {"abbreviation": "GH", "topics": ["grunn\u00fe\u00e6ttir \u00ed almennri heilsu- og l\u00edkamsr\u00e6kt"]}, {"abbreviation": "LC", "topics": ["l\u00edkams- og heilsur\u00e6kt"]}, {"abbreviation": "LD", "topics": ["framhald", "l\u00edkams- og heilsur\u00e6kt"]}, {"abbreviation": "AL", "topics": ["almenn l\u00edkams- og heilsur\u00e6kt e\u00f0a \u00fativist"]}, {"abbreviation": "AH", "topics": ["almenn heilsu- og l\u00edkamsr\u00e6kt e\u00f0a \u00fativist"]}, {"abbreviation": "HR", "topics": ["heilsur\u00e6kt"]}, {"abbreviation": "HH", "topics": ["hreyfing og heilsur\u00e6kt"]}, {"abbreviation": "L\u00cd", "topics": ["l\u00edkamsr\u00e6kt"]}, {"abbreviation": "KN", "topics": ["knattspyrna"]}, {"abbreviation": "KK", "topics": ["k\u00f6rfuknattleikur"]}, {"abbreviation": "BA", "topics": ["badminton"]}, {"abbreviation": "BL", "topics": ["blak"]}, {"abbreviation": "HL", "topics": ["almenn heilsu- og l\u00edkamsr\u00e6kt"]}, {"abbreviation": "LA", "topics": ["almenn heilsu- og l\u00edkamsr\u00e6kt me\u00f0 \u00e1herslu \u00e1 styrk", "l\u00edkamsbeitingu og snerpu"]}, {"abbreviation": "LN", "topics": ["l\u00edfst\u00edll", "n\u00e6ring"]}, {"abbreviation": "M\u00de", "topics": ["markmi\u00f0asetning", "\u00fej\u00e1lfunar\u00e1\u00e6tlanir"]}, {"abbreviation": "SK", "topics": ["skipul\u00f6g\u00f0 hreyfing"]}, {"abbreviation": "S\u00cd", "topics": ["skipul\u00f6g\u00f0 hreyfing framhald", "\u00ed\u00fer\u00f3ttir"]}, {"abbreviation": "LS", "topics": ["l\u00edkamsbeiting og snerpa", "styrkur"]}, {"abbreviation": "U\u00de", "topics": ["upphitun", "\u00feol\u00fej\u00e1lfun"]}, {"abbreviation": "SL", "topics": ["li\u00f0leiki", "l\u00edkamsbeiting", "styrkur", "\u00ed\u00fer\u00f3ttamei\u00f0sli"]}, {"abbreviation": "SS", "topics": ["samh\u00e6fing", "snerpa"]}, {"abbreviation": "LH", "topics": ["heilsa", "l\u00edfsst\u00edll"]}, {"abbreviation": "HA", "topics": ["almenn l\u00edkams og heilsur\u00e6kt", "hreyfing", "likamsr\u00e6ktarsalur"]}, {"abbreviation": "B\u00cd", "topics": ["bolta\u00ed\u00fer\u00f3ttir", "l\u00edffr\u00e6\u00f0i hreyfingar"]}, {"abbreviation": "\u00daH", "topics": ["hreyfing", "j\u00e1kv\u00e6\u00f0 upplifun", "sj\u00e1lfstyrking", "\u00dativist"]}, {"abbreviation": "\u00daF", "topics": ["g\u00f6ngufer\u00f0ir \u00e1 fj\u00f6ll", "hreyfing", "\u00fativist"]}, {"abbreviation": "B\u00dd", "topics": ["Band\u00fd"]}, {"abbreviation": "GA", "topics": ["Ganga"]}, {"abbreviation": "SU", "topics": ["Sund"]}, {"abbreviation": "\u00cdS", "topics": ["starfsbraut", "\u00ed\u00fer\u00f3ttir"]}], "_id": "50c0a02dd8e40575f7f6f4cc", "subjects": ["\u00ed\u00fer\u00f3ttir"], "counter": {"1": 11, "3": 0, "2": 5, "4": 0}}, "evaluation": "S\u00edmats\u00e1fangi", "categorization_suggestion": "", "embedded_topics": {"abbreviation": "AH", "topics": ["almenn heilsu- og l\u00edkamsr\u00e6kt e\u00f0a \u00fativist"]}, "status": "approved by school", "description": "\u00cd \u00e1fanganum er l\u00f6g\u00f0 \u00e1hersla \u00e1 sem flesta \u00fe\u00e6tti tengda almennri l\u00edkams- og heilsur\u00e6kt og skipulagi \u00fej\u00e1lfunar. Nemendur eru fr\u00e6ddir \u00e1 markvissan h\u00e1tt um l\u00edkams- og heilsuvernd til a\u00f0 r\u00e6kta l\u00edkama sinn s\u00e9r til heilsub\u00f3tar og \u00e1n\u00e6gju til \u00e6viloka. Nemendur \u00fatb\u00faa eigin \u00fej\u00e1lfunar\u00e1\u00e6tlun auk \u00feess sem fjalla\u00f0 er um l\u00edkamleg og s\u00e1lr\u00e6n \u00e1hrif reglubundinnar hreyfingar. Fari\u00f0 er yfir helstu l\u00edffr\u00e6\u00f0ilegar forsendur \u00fej\u00e1lfunar svo sem starfsemi v\u00f6\u00f0va, li\u00f0a, tauga og bl\u00f3\u00f0r\u00e1sar. Fjalla\u00f0 er um gildi reglulegrar og skipulag\u00f0rar l\u00edkams- og heilsur\u00e6ktar og nemendum ger\u00f0 grein fyrir mikilv\u00e6gi \u00feess a\u00f0 bera \u00e1byrg\u00f0 \u00e1 eigin heilsu og l\u00edkama. Nemendur f\u00e1 fr\u00e6\u00f0slu um gildi \u00feess a\u00f0 lifa heilbrig\u00f0u l\u00edfi og f\u00e1 a\u00f0 kynnast fj\u00f6lbreyttum m\u00f6guleikum umhverfisins til l\u00edkams- og heilsur\u00e6ktar. Nemendur geta vali\u00f0 um eftirfarandi lei\u00f0ir: 1) Hef\u00f0bundin l\u00edkams- og heilsur\u00e6kt (kennsla \u00ed \u00ed\u00fer\u00f3ttah\u00fasi Mi\u00f0b\u00e6jarsk\u00f3lans og n\u00e1grenni 2) Skipul\u00f6g\u00f0 \u00ed\u00fer\u00f3ttai\u00f0kun innan \u00ed\u00fer\u00f3ttaf\u00e9lags (stunda \u00ed\u00fer\u00f3ttagrein innan s\u00e9rsambanda \u00cdS\u00cd, keppni \u00e1 \u00cdslandsm\u00f3ti og \u00e6fa undir lei\u00f0s\u00f6gn \u00ed\u00fer\u00f3ttafr\u00e6\u00f0ings) 2) \u00dativist \u00ed n\u00e1nasta umhverfi: Gengi\u00f0 um Reykjav\u00edk og n\u00e1grenni h\u00f6fu\u00f0borgarsv\u00e6\u00f0isins, nemendur \u00feurfa a\u00f0 m\u00e6ta \u00e1 brottfarasta\u00f0 og sj\u00e1 um kostna\u00f0 af fer\u00f0um og b\u00fana\u00f0i. ", "knowledge_goals": ["forsendum og \u00e1hrifum \u00fej\u00e1lfunar \u00e1 l\u00edkama og heilsu", "uppbyggingu \u00fej\u00e1lfunar\u00e1\u00e6tlunar", "markmi\u00f0ssetningu", "forvarnargildi almennrar heilsur\u00e6ktar", "mikilv\u00e6gi svefns og hv\u00edldar", "mikilv\u00e6gi sl\u00f6kunar", "mikilv\u00e6gi andlegrar, f\u00e9lagslegrar og l\u00edkamlegrar vell\u00ed\u00f0unar", "kl\u00e6\u00f0na\u00f0i til \u00fativistar af \u00fdmsu tagi", "\u00e6fingum sem b\u00e6ta l\u00edkamsst\u00f6\u00f0u og vinnut\u00e6kni"], "skills_goals": ["stunda l\u00edkams- og heilsur\u00e6kt", "gera styrkjandi og m\u00f3tandi \u00e6fingar fyrir helstu v\u00f6\u00f0va og li\u00f0am\u00f3t l\u00edkamans", "\u00e6fa sl\u00f6kun", "\u00e6fa l\u00edkamsbeitingu og vinnut\u00e6kni", "n\u00fdta s\u00e9r m\u00f6guleika til a\u00f0 fl\u00e9tta hreyfingu inn \u00ed daglegt l\u00edf og starf", "n\u00fdta s\u00e9r m\u00f6guleika til heilsur\u00e6ktar \u00ed n\u00e1nasta umhverfi og \u00fati \u00ed n\u00e1tt\u00farunni "], "credits": 1, "last_modified": 1323964616, "schools": ["512350238caa45ed97015b3f"], "coauthors": [], "instructions": "Kjarna\u00e1fangi \u00e1 \u00f6llum brautum", "continued_education": false, "level": 2, "prerequisites": "\u00cd\u00deR\u00d32LD01", "author": "b68f32cf-f5e7-4436-8857-8f510bbb44c9", "abbreviation_version": null, "competence_goals": [["leysa af hendi verkefni sem sn\u00faa a\u00f0 skipulagningu eigin \u00fej\u00e1lfunar", ""], ["leysa af hendi \u00e6fingar og leiki sem vi\u00f0halda og b\u00e6ta samskipti", ""], ["taka \u00fe\u00e1tt \u00ed leikjum og \u00e6fingum sem hafa \u00e1hrif \u00e1 j\u00e1kv\u00e6\u00f0a upplifun og vi\u00f0horf til \u00ed\u00fer\u00f3tta, l\u00edkams- og heilsur\u00e6ktar", ""], ["greina fr\u00e1 afst\u00f6\u00f0u sinni til heilbrig\u00f0s l\u00edfsst\u00edls", ""], ["gl\u00edma vi\u00f0 fj\u00f6lbreytt verkefni sem sn\u00faa a\u00f0 alhli\u00f0a hreyfingu, l\u00edkams- og heilsur\u00e6kt", ""], ["leysa af hendi verkefni, \u00e6fingar og leiki sem vi\u00f0halda og b\u00e6ta almenna l\u00edkamshreysti", ""], ["taka \u00fe\u00e1tt \u00ed \u00ed\u00fer\u00f3ttum og \u00fativist \u00fear sem krafist er s\u00e9rstaks \u00fatb\u00fana\u00f0ar, t.d. g\u00f6ngufer\u00f0um, sk\u00ed\u00f0afer\u00f0um, hj\u00f3lrei\u00f0um og fl.", ""]], "_id": "51265b3d62933a77194c91f0"}, {"exemplary": "false", "topics": "almenn l\u00edkams- og heilsur\u00e6kt e\u00f0a \u00fativist", "abbreviation": "\u00cd\u00deR\u00d32AL01", "former_schools": null, "subject": "\u00ed\u00fer\u00f3ttir", "title": "Almenn l\u00edkams- og heilsur\u00e6kt e\u00f0a \u00fativist", "version": 2, "status_trans": "Sam\u00feykkt af sk\u00f3la", "embedded_subject": {"abbreviation": "\u00cd\u00deR\u00d3", "topics": [{"abbreviation": "\u00deK", "topics": ["kraftur", "styrkur", "\u00feol"]}, {"abbreviation": "GL", "topics": ["grunn\u00fe\u00e6ttir \u00ed almennri l\u00edkams- og heilsur\u00e6kt"]}, {"abbreviation": "GH", "topics": ["grunn\u00fe\u00e6ttir \u00ed almennri heilsu- og l\u00edkamsr\u00e6kt"]}, {"abbreviation": "LC", "topics": ["l\u00edkams- og heilsur\u00e6kt"]}, {"abbreviation": "LD", "topics": ["framhald", "l\u00edkams- og heilsur\u00e6kt"]}, {"abbreviation": "AL", "topics": ["almenn l\u00edkams- og heilsur\u00e6kt e\u00f0a \u00fativist"]}, {"abbreviation": "AH", "topics": ["almenn heilsu- og l\u00edkamsr\u00e6kt e\u00f0a \u00fativist"]}, {"abbreviation": "HR", "topics": ["heilsur\u00e6kt"]}, {"abbreviation": "HH", "topics": ["hreyfing og heilsur\u00e6kt"]}, {"abbreviation": "L\u00cd", "topics": ["l\u00edkamsr\u00e6kt"]}, {"abbreviation": "KN", "topics": ["knattspyrna"]}, {"abbreviation": "KK", "topics": ["k\u00f6rfuknattleikur"]}, {"abbreviation": "BA", "topics": ["badminton"]}, {"abbreviation": "BL", "topics": ["blak"]}, {"abbreviation": "HL", "topics": ["almenn heilsu- og l\u00edkamsr\u00e6kt"]}, {"abbreviation": "LA", "topics": ["almenn heilsu- og l\u00edkamsr\u00e6kt me\u00f0 \u00e1herslu \u00e1 styrk", "l\u00edkamsbeitingu og snerpu"]}, {"abbreviation": "LN", "topics": ["l\u00edfst\u00edll", "n\u00e6ring"]}, {"abbreviation": "M\u00de", "topics": ["markmi\u00f0asetning", "\u00fej\u00e1lfunar\u00e1\u00e6tlanir"]}, {"abbreviation": "SK", "topics": ["skipul\u00f6g\u00f0 hreyfing"]}, {"abbreviation": "S\u00cd", "topics": ["skipul\u00f6g\u00f0 hreyfing framhald", "\u00ed\u00fer\u00f3ttir"]}, {"abbreviation": "LS", "topics": ["l\u00edkamsbeiting og snerpa", "styrkur"]}, {"abbreviation": "U\u00de", "topics": ["upphitun", "\u00feol\u00fej\u00e1lfun"]}, {"abbreviation": "SL", "topics": ["li\u00f0leiki", "l\u00edkamsbeiting", "styrkur", "\u00ed\u00fer\u00f3ttamei\u00f0sli"]}, {"abbreviation": "SS", "topics": ["samh\u00e6fing", "snerpa"]}, {"abbreviation": "LH", "topics": ["heilsa", "l\u00edfsst\u00edll"]}, {"abbreviation": "HA", "topics": ["almenn l\u00edkams og heilsur\u00e6kt", "hreyfing", "likamsr\u00e6ktarsalur"]}, {"abbreviation": "B\u00cd", "topics": ["bolta\u00ed\u00fer\u00f3ttir", "l\u00edffr\u00e6\u00f0i hreyfingar"]}, {"abbreviation": "\u00daH", "topics": ["hreyfing", "j\u00e1kv\u00e6\u00f0 upplifun", "sj\u00e1lfstyrking", "\u00dativist"]}, {"abbreviation": "\u00daF", "topics": ["g\u00f6ngufer\u00f0ir \u00e1 fj\u00f6ll", "hreyfing", "\u00fativist"]}, {"abbreviation": "B\u00dd", "topics": ["Band\u00fd"]}, {"abbreviation": "GA", "topics": ["Ganga"]}, {"abbreviation": "SU", "topics": ["Sund"]}, {"abbreviation": "\u00cdS", "topics": ["starfsbraut", "\u00ed\u00fer\u00f3ttir"]}], "_id": "50c0a02dd8e40575f7f6f4cc", "subjects": ["\u00ed\u00fer\u00f3ttir"], "counter": {"1": 11, "3": 0, "2": 5, "4": 0}}, "evaluation": "S\u00edmats\u00e1fangi", "categorization_suggestion": "", "embedded_topics": {"abbreviation": "AL", "topics": ["almenn l\u00edkams- og heilsur\u00e6kt e\u00f0a \u00fativist"]}, "status": "approved by school", "description": "\u00cd \u00e1fanganum er l\u00f6g\u00f0 \u00e1hersla \u00e1 sem flesta \u00fe\u00e6tti tengda almennri l\u00edkams- og heilsur\u00e6kt og skipulagi \u00fej\u00e1lfunar. Nemendur eru fr\u00e6ddir \u00e1 markvissan h\u00e1tt um l\u00edkams- og heilsuvernd til a\u00f0 r\u00e6kta l\u00edkama sinn s\u00e9r til heilsub\u00f3tar og \u00e1n\u00e6gju til \u00e6viloka. Nemendur \u00fatb\u00faa eigin \u00fej\u00e1lfunar\u00e1\u00e6tlun auk \u00feess sem fjalla\u00f0 er um l\u00edkamleg og s\u00e1lr\u00e6n \u00e1hrif reglubundinnar hreyfingar. Fari\u00f0 er yfir helstu l\u00edffr\u00e6\u00f0ilegar forsendur \u00fej\u00e1lfunar svo sem starfsemi v\u00f6\u00f0va, li\u00f0a, tauga og bl\u00f3\u00f0r\u00e1sar. Fjalla\u00f0 er um gildi reglulegrar og skipulag\u00f0rar l\u00edkams- og heilsur\u00e6ktar og nemendum ger\u00f0 grein fyrir mikilv\u00e6gi \u00feess a\u00f0 bera \u00e1byrg\u00f0 \u00e1 eigin heilsu og l\u00edkama. Nemendur f\u00e1 fr\u00e6\u00f0slu um gildi \u00feess a\u00f0 lifa heilbrig\u00f0u l\u00edfi og f\u00e1 a\u00f0 kynnast fj\u00f6lbreyttum m\u00f6guleikum umhverfisins til l\u00edkams- og heilsur\u00e6ktar. Nemendur geta vali\u00f0 um eftirfarandi lei\u00f0ir: 1) Hef\u00f0bundin l\u00edkams- og heilsur\u00e6kt (kennsla \u00ed \u00ed\u00fer\u00f3ttah\u00fasi Mi\u00f0b\u00e6jarsk\u00f3lans og n\u00e1grenni). 2) Skipul\u00f6g\u00f0 \u00ed\u00fer\u00f3ttai\u00f0kun innan \u00ed\u00fer\u00f3ttaf\u00e9lags (stunda \u00ed\u00fer\u00f3ttagrein innan s\u00e9rsambanda \u00cdS\u00cd, keppni \u00e1 \u00cdslandsm\u00f3ti og \u00e6fa undir lei\u00f0s\u00f6gn \u00ed\u00fer\u00f3ttafr\u00e6\u00f0ings) 3) \u00dativist \u00ed n\u00e1nasta umhverfi: Gengi\u00f0 um Reykjav\u00edk og \u00ed n\u00e1grenni h\u00f6fu\u00f0borgarsv\u00e6\u00f0isins, nemendur \u00feurfa a\u00f0 m\u00e6ta \u00e1 brottfarasta\u00f0 og sj\u00e1 um kostna\u00f0 af fer\u00f0um og b\u00fana\u00f0i. ", "knowledge_goals": ["forsendum og \u00e1hrifum \u00fej\u00e1lfunar \u00e1 l\u00edkama og heilsu", "uppbyggingu \u00fej\u00e1lfunar\u00e1\u00e6tlunar", "markmi\u00f0ssetningu", "forvarnargildi almennrar heilsur\u00e6ktar", "mikilv\u00e6gi svefns og hv\u00edldar", "mikilv\u00e6gi sl\u00f6kunar", "mikilv\u00e6gi andlegrar, f\u00e9lagslegrar og l\u00edkamlegrar vell\u00ed\u00f0unar", "kl\u00e6\u00f0na\u00f0i til \u00fativistar af \u00fdmsu tagi", "\u00e6fingum sem b\u00e6ta l\u00edkamsst\u00f6\u00f0u og vinnut\u00e6kni"], "skills_goals": ["stunda l\u00edkams- og heilsur\u00e6kt", "gera styrkjandi og m\u00f3tandi \u00e6fingar fyrir helstu v\u00f6\u00f0va og li\u00f0am\u00f3t l\u00edkamans", "\u00e6fa sl\u00f6kun", "\u00e6fa l\u00edkamsbeitingu og vinnut\u00e6kni", "n\u00fdta s\u00e9r m\u00f6guleika til a\u00f0 fl\u00e9tta hreyfingu inn \u00ed daglegt l\u00edf og starf", "n\u00fdta s\u00e9r m\u00f6guleika til heilsur\u00e6ktar \u00ed n\u00e1nasta umhverfi og \u00fati \u00ed n\u00e1tt\u00farunni"], "credits": 1, "last_modified": 1323962573, "schools": ["512350238caa45ed97015b3f"], "coauthors": [], "instructions": "Kjarna\u00e1fangi \u00e1 \u00f6llum brautum", "continued_education": false, "level": 2, "prerequisites": "\u00cd\u00deR\u00d32LD01", "author": "b68f32cf-f5e7-4436-8857-8f510bbb44c9", "abbreviation_version": null, "competence_goals": [["leysa af hendi verkefni sem sn\u00faa a\u00f0 skipulagningu eigin \u00fej\u00e1lfunar", ""], ["leysa af hendi \u00e6fingar og leiki sem vi\u00f0halda og b\u00e6ta samskipti", ""], ["taka \u00fe\u00e1tt \u00ed leikjum og \u00e6fingum sem hafa \u00e1hrif \u00e1 j\u00e1kv\u00e6\u00f0a upplifun og vi\u00f0horf til \u00ed\u00fer\u00f3tta, l\u00edkams- og heilsur\u00e6ktar", ""], ["greina fr\u00e1 afst\u00f6\u00f0u sinni til heilbrig\u00f0s l\u00edfsst\u00edls", ""], ["gl\u00edma vi\u00f0 fj\u00f6lbreytt verkefni sem sn\u00faa a\u00f0 alhli\u00f0a hreyfingu, l\u00edkams- og heilsur\u00e6kt", ""], ["leysa af hendi verkefni, \u00e6fingar og leiki sem vi\u00f0halda og b\u00e6ta almenna l\u00edkamshreysti", ""], ["taka \u00fe\u00e1tt \u00ed \u00ed\u00fer\u00f3ttum og \u00fativist \u00fear sem krafist er s\u00e9rstaks \u00fatb\u00fana\u00f0ar, t.d. g\u00f6ngufer\u00f0um, sk\u00ed\u00f0afer\u00f0um, hj\u00f3lrei\u00f0um og fl. ", ""]], "_id": "51265b3d62933a77194c91ef"}, {"exemplary": null, "topics": "at\u00f3m, m\u00f3l og efnahv\u00f6rf. byrjunar\u00e1fangi \u00ed efnafr\u00e6\u00f0i \u00e1 n\u00e1tt\u00faruv\u00edsindabraut", "abbreviation": "EFNA2AM05", "former_schools": null, "subject": "efnafr\u00e6\u00f0i", "title": "At\u00f3m, m\u00f3l og efnahv\u00f6rf, byrjunar\u00e1fangi \u00ed efnafr\u00e6\u00f0i \u00e1 n\u00e1tt\u00faruv\u00edsindabraut", "version": 4, "status_trans": "Sam\u00feykkt af sk\u00f3la", "embedded_subject": {"abbreviation": "EFNA", "topics": [{"abbreviation": "AE", "topics": ["almenn efnafr\u00e6\u00f0i"]}, {"abbreviation": "EF", "topics": ["efnafr\u00e6\u00f0i framhald"]}, {"abbreviation": "LR", "topics": ["l\u00edfr\u00e6n efnafr\u00e6\u00f0i"]}, {"abbreviation": "LE", "topics": ["l\u00edfefnafr\u00e6\u00f0i"]}, {"abbreviation": "DA", "topics": ["framhald", "\u00f3l\u00edfr\u00e6n efnafr\u00e6\u00f0i"]}, {"abbreviation": "DL", "topics": ["framhald \u00ed l\u00edfr\u00e6nni efnafr\u00e6\u00f0i og l\u00edfefnafr\u00e6\u00f0i"]}, {"abbreviation": "CL", "topics": ["l\u00edfr\u00e6n efnafr\u00e6\u00f0i og l\u00edfefnafr\u00e6\u00f0i"]}, {"abbreviation": "FH", "topics": ["almenn efnafr\u00e6\u00f0i", "grunn\u00e1fangi \u00ed efnafr\u00e6\u00f0i fyrir hug- og f\u00e9lagsv\u00edsindadeild"]}, {"abbreviation": "AM", "topics": ["at\u00f3m", "m\u00f3l og efnahv\u00f6rf. byrjunar\u00e1fangi \u00ed efnafr\u00e6\u00f0i \u00e1 n\u00e1tt\u00faruv\u00edsindabraut"]}, {"abbreviation": "EH", "topics": ["2. \u00e1fangi \u00ed efnafr\u00e6\u00f0i \u00e1 n\u00e1tt\u00faruv\u00edsindabraut", "efnatengi", "hra\u00f0i og orka"]}, {"abbreviation": "JL", "topics": ["3. \u00e1fangi \u00ed efnafr\u00e6\u00f0i \u00e1 n\u00e1tt\u00faruv\u00edsindabraut", "jafnv\u00e6gi", "lofttegundir", "oxun og afoxun"]}, {"abbreviation": "L\u00cd", "topics": ["l\u00edfr\u00e6n- og l\u00edfefnafr\u00e6\u00f0i"]}, {"abbreviation": "CA", "topics": ["almenn efnafr\u00e6\u00f0i", "\u00e1framhald"]}, {"abbreviation": "BA", "topics": ["almenn efnafr\u00e6\u00f0i", "framhald"]}, {"abbreviation": "AK", "topics": ["inngagnur a\u00f0 efnafr\u00e6\u00f0i"]}, {"abbreviation": "IE", "topics": ["inngangur a\u00f0 efnafr\u00e6\u00f0i"]}, {"abbreviation": "FE", "topics": ["framhalds\u00e1fangi \u00ed efnafr\u00e6\u00f0i"]}, {"abbreviation": "LV", "topics": ["lokaverkefni"]}, {"abbreviation": "RL", "topics": ["lotubundnir eiginleikar", "rafefnafr\u00e6\u00f0i og kjarnaefnafr\u00e6\u00f0i"]}, {"abbreviation": "KE", "topics": ["a\u00f0sto\u00f0 vi\u00f0 kennslu 1. bekkjar nema \u00e1 n\u00e1tt\u00faruv\u00edsindabraut. framhalds\u00e1fangi \u00ed efnafr\u00e6\u00f0i \u00e1 n\u00e1tt\u00faruv\u00edsindabraut"]}, {"abbreviation": "EA", "topics": ["byrjunar\u00e1fangi \u00ed efnafr\u00e6\u00f0i \u00e1 n\u00e1tt\u00faruv\u00edsindabraut", "efnasamb\u00f6nd og efnaj\u00f6fnur", "uppbygging at\u00f3ma"]}, {"abbreviation": "EM", "topics": ["efnahv\u00f6rf", "m\u00f3lstyrkur og orka"]}, {"abbreviation": "HE", "topics": ["efnaftengi", "hra\u00f0afr\u00e6\u00f0i og efnafr\u00e6\u00f0i lofttegunda"]}, {"abbreviation": "AA", "topics": ["byrjunar\u00e1fangi \u00ed efnafr\u00e6\u00f0i \u00e1 n\u00e1tt\u00farufr\u00e6\u00f0ibraut"]}, {"abbreviation": "XB", "topics": ["efnahv\u00f6rf", "framhalds\u00e1fangi \u00ed efnafr\u00e6\u00f0i"]}, {"abbreviation": "GE", "topics": ["gasl\u00f6gm\u00e1li\u00f0", "hra\u00f0i efnahvarfa", "orka \u00ed efnahv\u00f6rfum"]}, {"abbreviation": "LM", "topics": ["grunnhugt\u00f6k", "lotukerfi\u00f0", "m\u00f3lhugtaki\u00f0"]}, {"abbreviation": "JA", "topics": ["jafnv\u00e6gi", "\u00f3l\u00edfr\u00e6n efnafr\u00e6\u00f0i"]}, {"abbreviation": "EG", "topics": ["gasl\u00f6gm\u00e1li\u00f0", "hra\u00f0i og orka", "jafnv\u00e6gi", "orka \u00ed efnahv\u00f6rfum"]}, {"abbreviation": "LO", "topics": ["byrjunar\u00e1fangi \u00ed efnafr\u00e6\u00f0i \u00e1 n\u00e1tt\u00farufr\u00e6\u00f0ibraut", "efnasamb\u00f6nd og efnaj\u00f6fnur", "lotukerfi\u00f0", "m\u00f3lhugtaki\u00f0"]}, {"abbreviation": "RA", "topics": ["efnahv\u00f6rf", "rafefnafr\u00e6\u00f0i og kjarnaefnafr\u00e6\u00f0i"]}], "_id": "50c0a02dd8e40575f7f6f4f3", "subjects": ["efnafr\u00e6\u00f0i"], "counter": {"1": 0, "3": 0, "2": 0, "4": 0}}, "evaluation": "Lokapr\u00f3f og vinnueinkunn", "categorization_suggestion": "", "embedded_topics": [{"abbreviation": "AM", "topics": ["at\u00f3m", "m\u00f3l og efnahv\u00f6rf. byrjunar\u00e1fangi \u00ed efnafr\u00e6\u00f0i \u00e1 n\u00e1tt\u00faruv\u00edsindabraut"]}], "status": "approved by school", "description": "\u00cd \u00feessum fyrsta \u00e1fanga \u00ed efnafr\u00e6\u00f0i er byrja\u00f0 \u00e1 \u00fev\u00ed a\u00f0 l\u00e1ta nemendur vinna me\u00f0 hugt\u00f6k og \u00feekkingu  \u00far grunnatri\u00f0um efnafr\u00e6\u00f0innar.  Samt\u00edmis \u00fev\u00ed eru nemendur \u00fej\u00e1lfa\u00f0ir \u00ed \u00feeim vinnubr\u00f6g\u00f0um sem notu\u00f0 eru vi\u00f0 kennslu \u00ed \u00feessari grein. Nemendur vinna saman \u00ed h\u00f3pum og l\u00f6g\u00f0 er \u00e1hersla \u00e1 sj\u00e1lfst\u00e6\u00f0i og \u00e1byrg\u00f0 nemandans \u00e1 eigin n\u00e1msframvindu.\r\nEfnis\u00fe\u00e6ttir sem teknir ver\u00f0a fyrir \u00ed \u00e1fanganum eru: hrein efni og efnabl\u00f6ndur, eiginleikar efna, m\u00e6list\u00e6r\u00f0ir og t\u00f6lur, markver\u00f0ir t\u00f6lustafir og \u00f3vissa, uppbygging at\u00f3ma, j\u00f3na og sameinda, efnat\u00e1kn og helstu efnabreytingar, lotukerfi\u00f0, nafnakerfi \u00f3l\u00edfr\u00e6nna efna, m\u00f3lhugtaki\u00f0, hlutf\u00f6ll \u00ed efnaj\u00f6fnum, helstu tegundir efnabreytinga, styrkur lausna og \u00feynningar, rafeindaskipan at\u00f3ma og j\u00f3na.\r\n\r\n\r\n", "knowledge_goals": ["me\u00f0fer\u00f0 og notkun talna \u00ed n\u00e1tt\u00faruv\u00edsindum", "uppbyggingu at\u00f3ma, j\u00f3na og sameinda", "efnat\u00e1knum og helstu tegundum efnabreytinga", "m\u00f3lhugtakinu", "hlutf\u00f6llum efna \u00ed efnaj\u00f6fnum", "m\u00f3lstyrk efna \u00ed vatnslausn", "rafeindaskipan at\u00f3ma og j\u00f3na"], "skills_goals": ["me\u00f0h\u00f6ndla t\u00f6lur og m\u00e6list\u00e6r\u00f0ir \u00ed efnafr\u00e6\u00f0i", "nota lotukerfi og j\u00f3nat\u00f6flu", "setja upp efnaj\u00f6fnu og stilla hana", "beita m\u00f3lhugtakinu og vinna me\u00f0 tengsl \u00feess vi\u00f0 hlutf\u00f6ll \u00ed efnaj\u00f6fnum", "skrifa rafeindaskipan at\u00f3ma og nota hana til a\u00f0 sp\u00e1 fyrir um hle\u00f0slu j\u00f3na", "framkv\u00e6ma verklegar \u00e6fingar og vinna \u00far ni\u00f0urst\u00f6\u00f0um"], "credits": 5, "last_modified": 1328006826, "schools": ["512350238caa45ed97015b3f"], "coauthors": [], "instructions": "Kjarna\u00e1fangi \u00e1 n\u00e1tt\u00faruv\u00edsindabraut", "continued_education": false, "level": 2, "prerequisites": "Engar", "author": "b68f32cf-f5e7-4436-8857-8f510bbb44c9", "abbreviation_version": null, "competence_goals": [["s\u00fdna sj\u00e1lfst\u00e6\u00f0i \u00ed vinnubr\u00f6g\u00f0um og bera \u00e1byrg\u00f0 \u00e1 eigin n\u00e1msframvindu"], ["nota g\u00f6gn eins og lotukerfi, j\u00f3nat\u00f6flur og a\u00f0rar t\u00f6flur vi\u00f0 lausn verkefna"], ["lesa \u00far efnat\u00e1knum og efnaj\u00f6fnum"], ["gera s\u00e9r grein fyrir samspili efnafr\u00e6\u00f0i, st\u00e6r\u00f0fr\u00e6\u00f0i og annarra n\u00e1tt\u00farufr\u00e6\u00f0igreina"], ["meta hvort ni\u00f0urst\u00f6\u00f0ur \u00fatreikninga og m\u00e6linga s\u00e9u raunh\u00e6far"], ["tengja efnafr\u00e6\u00f0ina vi\u00f0 daglegt l\u00edf og umhverfi og sj\u00e1 notagildi hennar"]], "_id": "51265b3d62933a77194c924a"}, {"exemplary": null, "topics": "bretland", "abbreviation": "ENSK3BR05", "former_schools": ["512350238caa45ed97015b3f"], "subject": "enska", "title": "Bretland", "version": 11, "status_trans": "Sam\u00feykkt af sk\u00f3la", "embedded_subject": {"abbreviation": "ENSK", "topics": [{"abbreviation": "GS", "topics": ["grunnatri\u00f0i", "samt\u00f6l"]}, {"abbreviation": "OO", "topics": ["or\u00f0ab\u00f3k", "or\u00f0afor\u00f0i"]}, {"abbreviation": "MM", "topics": ["myndas\u00f6gur", "myndb\u00f6nd"]}, {"abbreviation": "TL", "topics": ["lagatextar", "t\u00f3nlist"]}, {"abbreviation": "FR", "topics": ["ferilsverkefni", "ritunarverkefni"]}, {"abbreviation": "TS", "topics": ["myndm\u00e1l", "ritger\u00f0", "st\u00edlar", "textar"]}, {"abbreviation": "RH", "topics": ["hlustun", "m\u00e1lnotkun", "undirst\u00f6\u00f0uatri\u00f0i \u00ed ritun"]}, {"abbreviation": "SM", "topics": ["m\u00fas\u00edk og myndir 1950-70", "s\u00f6gur"]}, {"abbreviation": "BR", "topics": ["bretland"]}, {"abbreviation": "K\u00c1", "topics": ["kanada", "\u00e1stral\u00eda og n\u00fdja sj\u00e1land"]}, {"abbreviation": "SB", "topics": ["shakespeare og 19. \u00f6ldin \u00ed b\u00f3kmenntum"]}, {"abbreviation": "B\u00d3", "topics": ["b\u00f3kmenntir 20. aldar"]}, {"abbreviation": "KV", "topics": ["kvikmynda\u00e1fangi"]}, {"abbreviation": "AB", "topics": ["afr\u00edsk-amer\u00edskar b\u00f3kmenntir"]}, {"abbreviation": "U\u00c1", "topics": ["undirb\u00faningur", "\u00e1fangi"]}, {"abbreviation": "MT", "topics": ["m\u00e1lfr\u00e6\u00f0i", "tj\u00e1ning"]}, {"abbreviation": "MS", "topics": ["menning", "skapandi skrif"]}, {"abbreviation": "KR", "topics": ["kvikmyndir", "ritun"]}, {"abbreviation": "HR", "topics": ["heimildavinna", "ritger\u00f0ir"]}, {"abbreviation": "FF", "topics": ["fagm\u00e1l", "f\u00e9lagsv\u00edsinda"]}, {"abbreviation": "VE", "topics": ["enska", "vi\u00f0skipta"]}, {"abbreviation": "RE", "topics": ["enska", "raungreinar"]}, {"abbreviation": "BM", "topics": ["b\u00f3kmenntir", "m\u00e1lsaga"]}, {"abbreviation": "LB", "topics": ["b\u00f3kmenntir", "leik"]}, {"abbreviation": "UP", "topics": ["pr\u00f3f", "undirb\u00faningur"]}, {"abbreviation": "EN", "topics": ["enska fyrir fer\u00f0agreinar"]}, {"abbreviation": "FE", "topics": ["enska fyrir fer\u00f0a\u00fej\u00f3nustu"]}, {"abbreviation": "ST", "topics": ["evr\u00f3pski tungum\u00e1laramminn", "stig b1-b2"]}, {"abbreviation": "SE", "topics": ["evr\u00f3pski tungum\u00e1laramminn", "stig b2"]}, {"abbreviation": "ES", "topics": ["evr\u00f3pski tungum\u00e1laramminn", "stig b2-c1"]}, {"abbreviation": "EV", "topics": ["evr\u00f3pski tungum\u00e1laramminn", "stig c1"]}, {"abbreviation": "BF", "topics": ["b2", "evr\u00f3pski tungum\u00e1laramminn", "fer\u00f0a\u00fej\u00f3nuta"]}, {"abbreviation": "FH", "topics": ["evr\u00f3pski tungum\u00e1laramminn", "framhald", "stig c1"]}, {"abbreviation": "GR", "topics": ["grunn\u00e1fangi"]}, {"abbreviation": "FG", "topics": ["enska fyrir matv\u00e6lagreinar"]}, {"abbreviation": "LS", "topics": ["lestur", "m\u00e1lfr\u00e6\u00f0i", "or\u00f0afor\u00f0i", "skilningur"]}, {"abbreviation": "LT", "topics": ["lestur", "or\u00f0afor\u00f0i", "talm\u00e1l"]}, {"abbreviation": "BL", "topics": ["b\u00f3kmenntir", "lesskilningur", "ritun"]}, {"abbreviation": "BS", "topics": ["b\u00f3kmenntir", "menning", "saga"]}, {"abbreviation": "HA", "topics": ["hagn\u00fdtur or\u00f0afor\u00f0i. l\u00e6si \u00e1 fl\u00f3knari texta."]}, {"abbreviation": "OF", "topics": ["grunnor\u00f0afor\u00f0i fr\u00e6\u00f0a og v\u00edsinda.. menningarheimur nor\u00f0ur amer\u00edku"]}, {"abbreviation": "UN", "topics": ["undirb\u00fanings\u00e1fangi \u00ed ensku"]}, {"abbreviation": "LM", "topics": ["lestur og menning", "tj\u00e1ning"]}, {"abbreviation": "TM", "topics": ["menning", "tj\u00e1ning og skapandi skrif"]}, {"abbreviation": "MB", "topics": ["b\u00f3kmenntir", "menning og ritun"]}, {"abbreviation": "EX", "topics": ["extensive vocabulary and expression"]}, {"abbreviation": "ML", "topics": ["m\u00e1lnotkun og l\u00e6si"]}, {"abbreviation": "AA", "topics": ["akadem\u00edskur or\u00f0afor\u00f0i", "fj\u00f6lbreyttir textar", "fyrsti \u00e1fangi \u00ed ensku."]}, {"abbreviation": "YN", "topics": ["yndislestur"]}, {"abbreviation": "BB", "topics": ["akadem\u00edskur or\u00f0afor\u00f0i", "annar \u00e1fangi \u00ed ensku.", "fj\u00f6lbreyttir textar"]}, {"abbreviation": "FA", "topics": ["fagor\u00f0afor\u00f0i"]}, {"abbreviation": "AH", "topics": ["akadem\u00edskur or\u00f0afor\u00f0i", "fj\u00f6lbreyttir textar. hra\u00f0fer\u00f0 \u00ed ensku."]}, {"abbreviation": "BH", "topics": ["akadem\u00edskur or\u00f0afor\u00f0i", "fj\u00f6lbreyttir textar. \u00f6nnur hra\u00f0fer\u00f0 \u00ed ensku."]}, {"abbreviation": "EE", "topics": ["b\u00f3kmenntir", "fj\u00f6lmi\u00f0latextar."]}, {"abbreviation": "LR", "topics": ["lestur", "ritun", "tj\u00e1ning og hlustun"]}, {"abbreviation": "DD", "topics": ["b\u00f3kmenntir"]}, {"abbreviation": "M\u00c1", "topics": ["m\u00e1lfr\u00e6\u00f0i a"]}, {"abbreviation": "CC", "topics": ["b\u00f3kmenntir", "krefjandi or\u00f0afor\u00f0i", "ritun"]}, {"abbreviation": "CH", "topics": ["krefjandi or\u00f0afor\u00f0i"]}, {"abbreviation": "L\u00c9", "topics": ["l\u00e9ttlestur"]}, {"abbreviation": "OH", "topics": ["hlustun", "or\u00f0afor\u00f0i", "talm\u00e1l og ritun"]}, {"abbreviation": "LO", "topics": ["lesskilningur", "m\u00e1lfr\u00e6\u00f0i", "or\u00f0afor\u00f0i"]}, {"abbreviation": "MO", "topics": ["m\u00e1lfr\u00e6\u00f0i", "or\u00f0afor\u00f0i", "stig b1 \u00ed evr\u00f3pska tungum\u00e1larammanum"]}, {"abbreviation": "OB", "topics": ["b\u00f3kmenntir", "or\u00f0afor\u00f0i", "stig b2 \u00ed evr\u00f3pska tungum\u00e1larammanum"]}, {"abbreviation": "RB", "topics": ["b\u00f3kmenntir", "ritun"]}, {"abbreviation": "RL", "topics": ["lestur", "m\u00e1lfr\u00e6\u00f0i", "ritun og or\u00f0afor\u00f0i"]}, {"abbreviation": "SG", "topics": ["Lestur", "m\u00e1lfr\u00e6\u00f0i", "or\u00f0afor\u00f0i", "ritun", "tal"]}, {"abbreviation": "RM", "topics": ["Ritun", "b\u00f3kmenntir", "m\u00e1lnotkun"]}, {"abbreviation": "RO", "topics": ["Ritun", "b\u00f3kmenntir", "menning", "or\u00f0afor\u00f0i"]}, {"abbreviation": "SR", "topics": ["Menning", "akadem\u00edskur or\u00f0afor\u00f0i", "ritun", "saga"]}, {"abbreviation": "AE", "topics": ["Almenn akadem\u00edsk enska", "b\u00f3kmenntir", "ritun"]}, {"abbreviation": "SA", "topics": ["S\u00e9rh\u00e6f\u00f0 akadem\u00edsk enska", "b\u00f3kmenntir", "ritun"]}, {"abbreviation": "VR", "topics": ["V\u00edsindaor\u00f0afor\u00f0i", "raungreinar"]}, {"abbreviation": "VH", "topics": ["Vi\u00f0skipti", "erlend samskipti og vi\u00f0skiptah\u00e6ttir"]}, {"abbreviation": "AK", "topics": ["Kennsla", "a\u00f0sto\u00f0 vi\u00f0 nemendur", "ger\u00f0 kennsluefnis"]}, {"abbreviation": "DF", "topics": ["Kvikmyndir. Film Course."]}, {"abbreviation": "SK", "topics": ["enska fyrir fer\u00f0a\u00fej\u00f3nustu", "skapandi skrif"]}, {"abbreviation": "FT", "topics": ["lestur fr\u00e6\u00f0ilegra texta"]}, {"abbreviation": "VT", "topics": ["Lestur enskra vi\u00f0skiptatexta"]}, {"abbreviation": "RT", "topics": ["Lestur enskra raunv\u00edsindatexta"]}, {"abbreviation": "\u00cdT", "topics": ["Lestur \u00ed\u00fer\u00f3ttafr\u00e6\u00f0ilegra texta"]}, {"abbreviation": "TO", "topics": ["Tolkien"]}, {"abbreviation": "RI", "topics": ["Ritun"]}, {"abbreviation": "HL", "topics": ["Hlustun"]}, {"abbreviation": "UE", "topics": ["Undirb\u00fanings\u00e1fangi \u00ed ensku"]}, {"abbreviation": "UH", "topics": ["Undirb\u00faningur fyrir h\u00e1sk\u00f3lan\u00e1m"]}, {"abbreviation": "TJ", "topics": ["Tj\u00e1ning"]}], "_id": "50c0a02dd8e40575f7f6f488", "subjects": ["enska"], "counter": {"1": 1, "3": 1, "2": 0, "4": 0}}, "evaluation": "Lokapr\u00f3f og vinnueinkunn", "categorization_suggestion": "", "embedded_topics": [{"abbreviation": "BR", "topics": ["bretland"]}], "status": "approved by school", "description": "\u00c1hersla er l\u00f6g\u00f0 \u00e1 a\u00f0 nemendur vinni me\u00f0 fj\u00f6lbreyttari og fl\u00f3knari texta en \u00e1\u00f0ur. \u00deeir halda \u00e1fram a\u00f0 tileinka s\u00e9r grunnor\u00f0afor\u00f0a v\u00edsinda og fr\u00e6\u00f0a, tj\u00e1 hugsun s\u00edna sk\u00fdrt \u00ed r\u00e6\u00f0u og riti og r\u00f6ksty\u00f0ja sko\u00f0anir s\u00ednar. Eitt helsta markmi\u00f0 \u00e1fangans er kynning \u00e1 menningarheimi Bretlands. Fjalla\u00f0 ver\u00f0ur um breskt samf\u00e9lag, venjur og si\u00f0i. \u00cd tengslum vi\u00f0 \u00fea\u00f0 ver\u00f0ur unni\u00f0 me\u00f0 s\u00fdnishorn af breskum b\u00f3kmenntaverkum, kvikmyndir, heimildamyndir o.fl. sem t\u00falka\u00f0 ver\u00f0ur \u00fat fr\u00e1 menningarlegu samhengi. Nemendur vinna \u00ed auknum m\u00e6li sj\u00e1lfst\u00e6tt a\u00f0 vi\u00f0ameiri verkefnum, svo sem \u00feematengdu efni o.fl., sem fela \u00ed s\u00e9r \u00f6flun uppl\u00fdsinga \u00e1 b\u00f3kasafni, \u00e1 Netinu og margmi\u00f0lunarefni.", "knowledge_goals": ["or\u00f0afor\u00f0a \u00ed r\u00e6\u00f0u og riti sem gerir honum kleift a\u00f0 tileinka s\u00e9r me\u00f0 g\u00f3\u00f0u m\u00f3ti lesefni \u00ed \u00e1framhaldandi n\u00e1mi e\u00f0a starfi", "helstu menningarsv\u00e6\u00f0um \u00fear sem tungum\u00e1li\u00f0 er nota\u00f0 sem m\u00f3\u00f0urm\u00e1l e\u00f0a fyrsta m\u00e1l", "\u00f3l\u00edkum vi\u00f0horfum og gildum og hvernig \u00feau m\u00f3ta menninguna \u00ed \u00feeim l\u00f6ndum \u00fear sem tungum\u00e1li\u00f0 er nota\u00f0", "s\u00f6gu, \u00fej\u00f3\u00f0f\u00e9lagsfr\u00e6\u00f0i og menningu \u00e1 helstu m\u00e1lsv\u00e6\u00f0um enskunnar"], "skills_goals": ["lesa s\u00e9r til fr\u00e6\u00f0slu og/e\u00f0a \u00e1n\u00e6gju texta sem gera miklar kr\u00f6fur til lesandans, b\u00e6\u00f0i hva\u00f0 var\u00f0ar or\u00f0afor\u00f0a og uppbyggingu", "greina s\u00f6gulegt, f\u00e9lagslegt, menningarlegt e\u00f0a p\u00f3lit\u00edskt samhengi \u00ed texta", "n\u00fdta s\u00e9r fyrirlestra, umr\u00e6\u00f0ur og r\u00f6kr\u00e6\u00f0ur um efni fr\u00e6\u00f0ilegs og menningarlegs e\u00f0lis", "skilja s\u00e9r til gagns \u00feegar fjalla\u00f0 er um fl\u00f3ki\u00f0 efni", "\u00e1tta sig \u00e1 mismunandi m\u00e1lsni\u00f0i og st\u00edl \u00ed t\u00f6lu\u00f0u m\u00e1li og undirliggjandi merkingu, vi\u00f0horfum og tilgangi \u00feess sem talar"], "credits": 5, "last_modified": 1323344059, "schools": [], "coauthors": [], "instructions": "Kjarna\u00e1fangi \u00e1 \u00f6llum brautum", "continued_education": false, "level": 3, "prerequisites": "ENSK2E205", "author": "b68f32cf-f5e7-4436-8857-8f510bbb44c9", "abbreviation_version": null, "competence_goals": [["beita m\u00e1linu af lipur\u00f0 og kunn\u00e1ttu til a\u00f0 geta teki\u00f0 fullan \u00fe\u00e1tt \u00ed umr\u00e6\u00f0um og r\u00f6kr\u00e6\u00f0um \u00fear sem fjalla\u00f0 er um pers\u00f3nuleg, menningarleg, f\u00e9lagsleg og fj\u00f6lmenningarleg efni"], ["flytja vel uppbygg\u00f0a fr\u00e1s\u00f6gn, kynningu e\u00f0a greinarger\u00f0, draga fram a\u00f0alatri\u00f0i og r\u00f6ksty\u00f0ja m\u00e1l sitt nokku\u00f0 n\u00e1kv\u00e6mlega me\u00f0 d\u00e6mum og breg\u00f0ast vi\u00f0 fyrirspurnum"], ["l\u00fdsa sk\u00fdrt og greinilega fl\u00f3knum hlutum e\u00f0a ferlum \u00e1 svi\u00f0i sem \u00feeir hafa kynnt s\u00e9r"], ["skrifa texta me\u00f0 r\u00f6ksemdaf\u00e6rslu \u00fear sem fram koma r\u00f6k me\u00f0 og \u00e1 m\u00f3ti og \u00feau eru vegin og metin"]], "_id": "51265b3d62933a77194c91bf"}, {"exemplary": null, "topics": "b\u00f3kmenntir fyrri alda", "abbreviation": "\u00cdSLE3BF05", "former_schools": ["512350238caa45ed97015b3f"], "subject": "\u00edslenska", "title": "B\u00f3kmenntir fyrri alda", "version": 11, "status_trans": "Sam\u00feykkt af sk\u00f3la", "embedded_subject": {"abbreviation": "\u00cdSLE", "topics": [{"abbreviation": "VR", "topics": ["ritun", "vi\u00f0skiptaskj\u00f6l"]}, {"abbreviation": "TM", "topics": ["m\u00e1lskilningur", "tj\u00e1ning"]}, {"abbreviation": "MS", "topics": ["m\u00e1lskilningur", "s\u00e9rdeild"]}, {"abbreviation": "RT", "topics": ["ritun og tj\u00e1ning"]}, {"abbreviation": "LL", "topics": ["leshra\u00f0i", "lesskilningur"]}, {"abbreviation": "MM", "topics": ["m\u00e1lfr\u00e6\u00f0i", "m\u00e1ltilfinning"]}, {"abbreviation": "RG", "topics": ["greinamerkjasetning", "r\u00e9ttritun"]}, {"abbreviation": "SF", "topics": ["fr\u00f3\u00f0leiks\u00f6flun", "samskipti"]}, {"abbreviation": "BK", "topics": ["b\u00f3kmenntir", "kj\u00f6rb\u00f3k"]}, {"abbreviation": "RB", "topics": ["b\u00f3kmenntir", "ritun"]}, {"abbreviation": "BM", "topics": ["b\u00f3kmenntir", "m\u00e1lsaga", "ritun", "tj\u00e1ning"]}, {"abbreviation": "NB", "topics": ["n\u00fat\u00edmab\u00f3kmenntir"]}, {"abbreviation": "BF", "topics": ["b\u00f3kmenntir fyrri alda"]}, {"abbreviation": "SB", "topics": ["menning", "samt\u00edmab\u00f3kmenntir"]}, {"abbreviation": "BB", "topics": ["barnab\u00f3kmenntir"]}, {"abbreviation": "HR", "topics": ["hra\u00f0lestur"]}, {"abbreviation": "YN", "topics": ["yndislestur"]}, {"abbreviation": "ML", "topics": ["leskilningur", "m\u00e1lnotkun", "m\u00e1ltaka", "ritun og tj\u00e1ning"]}, {"abbreviation": "MB", "topics": ["b\u00f3kmenntir og ritun", "m\u00e1lnotkun"]}, {"abbreviation": "MN", "topics": ["b\u00f3kmenntir", "m\u00e1lsaga og nafnasi\u00f0ir"]}, {"abbreviation": "YH", "topics": ["hra\u00f0lestur", "yndislestur"]}, {"abbreviation": "BS", "topics": ["b\u00f3kmenntir s\u00ed\u00f0ari alda"]}, {"abbreviation": "FH", "topics": ["f\u00e9lagsleg m\u00e1lv\u00edsindi", "hlj\u00f3\u00f0fr\u00e6\u00f0i og hlj\u00f3\u00f0kerfisfr\u00e6\u00f0i", "\u00fe\u00fd\u00f0ingar"]}, {"abbreviation": "TB", "topics": ["tj\u00e1skipti barna og fullor\u00f0inna"]}, {"abbreviation": "GL", "topics": ["gl\u00e6pas\u00f6gur"]}, {"abbreviation": "RM", "topics": ["m\u00e1lfr\u00e6\u00f0i", "ritun", "stafsetning"]}, {"abbreviation": "BT", "topics": ["bragfr\u00e6\u00f0i", "setningafr\u00e6\u00f0i", "textar fr\u00e1 \u00fdmsum l\u00f6ndum"]}, {"abbreviation": "MT", "topics": ["m\u00e1lfr\u00e6\u00f0i", "ritun og tj\u00e1ning"]}, {"abbreviation": "BR", "topics": ["b\u00f3kmenntir", "m\u00e1lnotkun", "ritun"]}, {"abbreviation": "MG", "topics": ["b\u00f3kmenntir og ritun", "go\u00f0afr\u00e6\u00f0i", "m\u00e1lsaga"]}, {"abbreviation": "EU", "topics": ["eddukv\u00e6\u00f0i", "uppl\u00fdsing"]}, {"abbreviation": "UK", "topics": ["kreppa", "uppl\u00fdsing"]}, {"abbreviation": "KA", "topics": ["aldam\u00f3t", "kreppa"]}, {"abbreviation": "RN", "topics": ["n\u00fat\u00edmab\u00f3kmenntir", "ritger\u00f0arsm\u00ed\u00f0"]}, {"abbreviation": "KU", "topics": ["kynningarefni", "ums\u00f3knir"]}, {"abbreviation": "RI", "topics": ["ritger\u00f0arsm\u00ed\u00f0", "textar fr\u00e1 \u00fdmsum l\u00f6ndum"]}, {"abbreviation": "BG", "topics": ["b\u00f3kmenntir", "go\u00f0afr\u00e6\u00f0i", "m\u00e1lsaga"]}, {"abbreviation": "FM", "topics": ["fornb\u00f3kmenntir", "m\u00e1lfr\u00e6\u00f0i"]}, {"abbreviation": "BN", "topics": ["b\u00f3kmenntir", "n\u00fat\u00edmi"]}, {"abbreviation": "FO", "topics": ["fornb\u00f3kmenntir"]}, {"abbreviation": "UN", "topics": ["undirb\u00fanings\u00e1fangi \u00ed \u00edslensku"]}, {"abbreviation": "MR", "topics": ["b\u00f3kmenntir", "m\u00e1lnotkun og ritun"]}, {"abbreviation": "ED", "topics": ["eddukv\u00e6\u00f0i og \u00edslendingas\u00f6gur"]}, {"abbreviation": "NJ", "topics": ["fr\u00e1 nj\u00e1lu til n\u00fdr\u00f3mant\u00edkur"]}, {"abbreviation": "\u00d6L", "topics": ["b\u00f3kmenntir \u00e1 20. \u00f6ld"]}, {"abbreviation": "ME", "topics": ["b\u00f3kmenntir"]}, {"abbreviation": "RL", "topics": ["lestur", "ritun og tj\u00e1ning"]}, {"abbreviation": "MI", "topics": ["m\u00e1l og b\u00f3kmenntir fr\u00e1 si\u00f0askiptum til aldam\u00f3tanna 1900"]}, {"abbreviation": "GM", "topics": ["go\u00f0afr\u00e6\u00f0i", "m\u00e1lsaga"]}, {"abbreviation": "GR", "topics": ["grunnur"]}, {"abbreviation": "LR", "topics": ["lestur og ritun"]}, {"abbreviation": "ST", "topics": ["stafsetning"]}, {"abbreviation": "\u00cdS", "topics": ["\u00edslenska"]}, {"abbreviation": "LT", "topics": ["lestur", "m\u00e1lfr\u00e6\u00f0i", "ritun", "stafsetning", "tj\u00e1ning"]}, {"abbreviation": "SR", "topics": ["lestur og tj\u00e1ning", "m\u00e1lfr\u00e6\u00f0i", "ritun", "stafsetning"]}, {"abbreviation": "GO", "topics": ["go\u00f0afr\u00e6\u00f0i", "m\u00e1lnotkun og ritun", "m\u00e1lsaga"]}, {"abbreviation": "NH", "topics": ["b\u00f3kmenntasaga 1900 til samt\u00edmans", "hugtakabeiting", "n\u00fat\u00edmab\u00f3kmenntir"]}, {"abbreviation": "RR", "topics": ["ritger\u00f0asm\u00ed\u00f0", "ritun"]}, {"abbreviation": "LF", "topics": ["b\u00f3kmenntasaga 1550-1900", "l\u00e6rd\u00f3ms\u00f6ld", "rauns\u00e6i"]}, {"abbreviation": "VE", "topics": ["verkefni vali\u00f0 og almenn b\u00f3kmenntafr\u00e6\u00f0i kynnt"]}, {"abbreviation": "MV", "topics": ["m\u00e1lv\u00edsindi"]}, {"abbreviation": "YF", "topics": ["Yndislestur framhald"]}, {"abbreviation": "MH", "topics": ["M\u00e1lsaga og go\u00f0afr\u00e6\u00f0i hra\u00f0fer\u00f0"]}, {"abbreviation": "FF", "topics": ["Fornb\u00f3kmenntir hra\u00f0fer\u00f0"]}, {"abbreviation": "YM", "topics": ["Yndislestur 2"]}, {"abbreviation": "FJ", "topics": ["fj\u00f6lmi\u00f0lal\u00e6si"]}, {"abbreviation": "RV", "topics": ["ritger\u00f0arvinna"]}, {"abbreviation": "LS", "topics": ["- sk\u00e1ldsaga \u00far n\u00fat\u00edma", "lestur og lesskilningur"]}, {"abbreviation": "L\u00cd", "topics": ["lestur og lesskilningur - \u00edslendingas\u00f6gur"]}, {"abbreviation": "LE", "topics": ["lestur og lesskilningur - sk\u00e1lds\u00f6gur 20. aldar"]}, {"abbreviation": "H\u00cd", "topics": ["Hagn\u00fdt \u00edslenska"]}, {"abbreviation": "\u00cdM", "topics": ["\u00edslensk m\u00e1lsaga"]}, {"abbreviation": "KV", "topics": ["b\u00f3kmenntir og kvikmyndir"]}, {"abbreviation": "NG", "topics": ["Norr\u00e6n go\u00f0afr\u00e6\u00f0i"]}, {"abbreviation": "LJ", "topics": ["Lj\u00f3\u00f0"]}, {"abbreviation": "AA", "topics": ["Lestur og ritun"]}, {"abbreviation": "\u00cdC", "topics": ["\u00cdslenska \u00e1 starfsbraut"]}, {"abbreviation": "\u00cdA", "topics": ["\u00cdslenska 1 \u00e1 starfsbraut"]}, {"abbreviation": "\u00cdB", "topics": ["\u00cdslenska 2 \u00e1 starfsbraut"]}, {"abbreviation": "N\u00dd", "topics": ["N\u00fdsk\u00f6pun"]}, {"abbreviation": "AB", "topics": ["B\u00f3kmenntir", "m\u00e1lfr\u00e6\u00f0i og ritun"]}, {"abbreviation": "HI", "topics": ["M\u00e1lnotkun og ritun"]}, {"abbreviation": "TR", "topics": ["M\u00e1lnotun og ritun"]}, {"abbreviation": "TL", "topics": ["L\u00e6si", "ritun", "tj\u00e1ning"]}, {"abbreviation": "OH", "topics": ["hlustun", "or\u00f0afor\u00f0i", "talm\u00e1l og ritun"]}, {"abbreviation": "ES", "topics": ["Eddukv\u00e6\u00f0i til si\u00f0askipta"]}, {"abbreviation": "NA", "topics": ["N\u00fdr\u00f3mant\u00edk til aldam\u00f3ta"]}, {"abbreviation": "SN", "topics": ["Si\u00f0askipti til n\u00fdr\u00f3mant\u00edkur"]}, {"abbreviation": "YL", "topics": ["Yndislestur"]}, {"abbreviation": "SS", "topics": ["Stafsetning"]}, {"abbreviation": "BU", "topics": ["Barna- og unglingab\u00f3kmenntir"]}, {"abbreviation": "SK", "topics": ["sk\u00e1lds\u00f6gur"]}, {"abbreviation": "B\u00d3", "topics": ["B\u00f3kmenntir og tungum\u00e1l fr\u00e1 landn\u00e1mi til si\u00f0askipta"]}, {"abbreviation": "M\u00c1", "topics": ["M\u00e1l- og menningarsaga"]}], "_id": "50c0a02dd8e40575f7f6f4a2", "subjects": ["\u00edslenska"], "counter": {"1": 8, "3": 11, "2": 6, "4": 0}}, "evaluation": "Lokapr\u00f3f og vinnueinkunn", "categorization_suggestion": "", "embedded_topics": [{"abbreviation": "BF", "topics": ["b\u00f3kmenntir fyrri alda"]}], "status": "approved by school", "description": "\u00cd \u00e1fanganum ver\u00f0ur vi\u00f0fangsefni\u00f0 b\u00f3kmenntasaga og b\u00f3kmenntir fyrri alda; V\u00f6lusp\u00e1, H\u00e1vam\u00e1l, \u00cdslendingasaga og l\u00e6rd\u00f3ms- og uppl\u00fdsingar\u00f6ld. Haldi\u00f0 ver\u00f0ur \u00e1fram a\u00f0 \u00fej\u00e1lfa nemendur \u00ed ritun og heimildavinnu.", "knowledge_goals": ["ritger\u00f0arsm\u00ed\u00f0 og heimildavinnu", "or\u00f0afor\u00f0a sem n\u00e6gir til a\u00f0 lesa helstu verk \u00edslenskrar b\u00f3kmenntas\u00f6gu", "\u00f6llum helstu b\u00f3kmenntahugt\u00f6kum, mismunandi tegundum b\u00f3kmennta og t\u00edmabilum \u00ed \u00edslenskum b\u00f3kmenntum fyrri alda"], "skills_goals": ["rita heimildaritger\u00f0ir \u00fear sem hann beitir gagnr\u00fdninni hugsun vi\u00f0 \u00farvinnslu og kemur efninu \u00e1 framf\u00e6ri \u00e1 sk\u00fdran og greinarg\u00f3\u00f0an h\u00e1tt \u00e1 bl\u00e6brig\u00f0ar\u00edku m\u00e1li", "ganga fr\u00e1 heimildaritger\u00f0um og hvers kyns texta og a\u00f0 n\u00fdta s\u00e9r uppbyggilega gagnr\u00fdni", "skilja og nota vi\u00f0eigandi st\u00edlbr\u00f6g\u00f0, or\u00f0atilt\u00e6ki og menningarlegar v\u00edsanir \u00ed tal- og ritm\u00e1li", "draga saman og n\u00fdta \u00e1 vi\u00f0urkenndan og gagnr\u00fdninn h\u00e1tt uppl\u00fdsingar \u00far hvers kyns heimildum og meta \u00e1rei\u00f0anleika \u00feeirra", "flytja af \u00f6ryggi vel uppbygg\u00f0a kynningu \u00e1 krefjandi efni", "lesa s\u00e9r til gagns og gamans texta fr\u00e1 fyrri \u00f6ldum"], "credits": 5, "last_modified": 1323097711, "schools": [], "coauthors": [], "instructions": "Kjarna\u00e1fangi \u00e1 \u00f6llum b\u00f3kn\u00e1msbrautum", "continued_education": false, "level": 3, "prerequisites": "\u00cdSLE2MN05", "author": "b68f32cf-f5e7-4436-8857-8f510bbb44c9", "abbreviation_version": null, "competence_goals": [["skrifa sk\u00fdran og vel uppbygg\u00f0an texta og geta vali\u00f0 ritst\u00edl eftir a\u00f0st\u00e6\u00f0um og vi\u00f0takendum"], ["beita m\u00e1linu \u00e1 vi\u00f0eigandi og \u00e1rangursr\u00edkan h\u00e1tt vi\u00f0 mismunandi a\u00f0st\u00e6\u00f0ur"], ["tj\u00e1 r\u00f6kstudda afst\u00f6\u00f0u og taka virkan \u00fe\u00e1tt \u00ed m\u00e1lefnalegri umr\u00e6\u00f0u"], ["draga saman a\u00f0alatri\u00f0i, beita gagnr\u00fdninni hugsun vi\u00f0 lestur, t\u00falkun og \u00farvinnslu krefjandi texta, \u00e1tta sig \u00e1 samf\u00e9lagslegri sk\u00edrskotun og n\u00e1 duldum bo\u00f0skap og hugmyndum"], ["s\u00fdna frumkv\u00e6\u00f0i og sj\u00e1lfst\u00e6\u00f0i \u00ed vinnubr\u00f6g\u00f0um"], ["s\u00fdna \u00feroska\u00f0a si\u00f0fer\u00f0isvitund, v\u00ed\u00f0s\u00fdni, sk\u00f6punarh\u00e6fni og saml\u00ed\u00f0an \u00ed m\u00e1lflutningi s\u00ednum, umfj\u00f6llun og verkum"]], "_id": "51265b3d62933a77194c91af"}, {"exemplary": null, "topics": "b\u00f3kmenntir s\u00ed\u00f0ari alda", "abbreviation": "\u00cdSLE3BS05", "former_schools": ["512350238caa45ed97015b3f"], "subject": "\u00edslenska", "title": "B\u00f3kmenntir s\u00ed\u00f0ari alda ", "version": 12, "status_trans": "Sam\u00feykkt af sk\u00f3la", "embedded_subject": {"abbreviation": "\u00cdSLE", "topics": [{"abbreviation": "VR", "topics": ["ritun", "vi\u00f0skiptaskj\u00f6l"]}, {"abbreviation": "TM", "topics": ["m\u00e1lskilningur", "tj\u00e1ning"]}, {"abbreviation": "MS", "topics": ["m\u00e1lskilningur", "s\u00e9rdeild"]}, {"abbreviation": "RT", "topics": ["ritun og tj\u00e1ning"]}, {"abbreviation": "LL", "topics": ["leshra\u00f0i", "lesskilningur"]}, {"abbreviation": "MM", "topics": ["m\u00e1lfr\u00e6\u00f0i", "m\u00e1ltilfinning"]}, {"abbreviation": "RG", "topics": ["greinamerkjasetning", "r\u00e9ttritun"]}, {"abbreviation": "SF", "topics": ["fr\u00f3\u00f0leiks\u00f6flun", "samskipti"]}, {"abbreviation": "BK", "topics": ["b\u00f3kmenntir", "kj\u00f6rb\u00f3k"]}, {"abbreviation": "RB", "topics": ["b\u00f3kmenntir", "ritun"]}, {"abbreviation": "BM", "topics": ["b\u00f3kmenntir", "m\u00e1lsaga", "ritun", "tj\u00e1ning"]}, {"abbreviation": "NB", "topics": ["n\u00fat\u00edmab\u00f3kmenntir"]}, {"abbreviation": "BF", "topics": ["b\u00f3kmenntir fyrri alda"]}, {"abbreviation": "SB", "topics": ["menning", "samt\u00edmab\u00f3kmenntir"]}, {"abbreviation": "BB", "topics": ["barnab\u00f3kmenntir"]}, {"abbreviation": "HR", "topics": ["hra\u00f0lestur"]}, {"abbreviation": "YN", "topics": ["yndislestur"]}, {"abbreviation": "ML", "topics": ["leskilningur", "m\u00e1lnotkun", "m\u00e1ltaka", "ritun og tj\u00e1ning"]}, {"abbreviation": "MB", "topics": ["b\u00f3kmenntir og ritun", "m\u00e1lnotkun"]}, {"abbreviation": "MN", "topics": ["b\u00f3kmenntir", "m\u00e1lsaga og nafnasi\u00f0ir"]}, {"abbreviation": "YH", "topics": ["hra\u00f0lestur", "yndislestur"]}, {"abbreviation": "BS", "topics": ["b\u00f3kmenntir s\u00ed\u00f0ari alda"]}, {"abbreviation": "FH", "topics": ["f\u00e9lagsleg m\u00e1lv\u00edsindi", "hlj\u00f3\u00f0fr\u00e6\u00f0i og hlj\u00f3\u00f0kerfisfr\u00e6\u00f0i", "\u00fe\u00fd\u00f0ingar"]}, {"abbreviation": "TB", "topics": ["tj\u00e1skipti barna og fullor\u00f0inna"]}, {"abbreviation": "GL", "topics": ["gl\u00e6pas\u00f6gur"]}, {"abbreviation": "RM", "topics": ["m\u00e1lfr\u00e6\u00f0i", "ritun", "stafsetning"]}, {"abbreviation": "BT", "topics": ["bragfr\u00e6\u00f0i", "setningafr\u00e6\u00f0i", "textar fr\u00e1 \u00fdmsum l\u00f6ndum"]}, {"abbreviation": "MT", "topics": ["m\u00e1lfr\u00e6\u00f0i", "ritun og tj\u00e1ning"]}, {"abbreviation": "BR", "topics": ["b\u00f3kmenntir", "m\u00e1lnotkun", "ritun"]}, {"abbreviation": "MG", "topics": ["b\u00f3kmenntir og ritun", "go\u00f0afr\u00e6\u00f0i", "m\u00e1lsaga"]}, {"abbreviation": "EU", "topics": ["eddukv\u00e6\u00f0i", "uppl\u00fdsing"]}, {"abbreviation": "UK", "topics": ["kreppa", "uppl\u00fdsing"]}, {"abbreviation": "KA", "topics": ["aldam\u00f3t", "kreppa"]}, {"abbreviation": "RN", "topics": ["n\u00fat\u00edmab\u00f3kmenntir", "ritger\u00f0arsm\u00ed\u00f0"]}, {"abbreviation": "KU", "topics": ["kynningarefni", "ums\u00f3knir"]}, {"abbreviation": "RI", "topics": ["ritger\u00f0arsm\u00ed\u00f0", "textar fr\u00e1 \u00fdmsum l\u00f6ndum"]}, {"abbreviation": "BG", "topics": ["b\u00f3kmenntir", "go\u00f0afr\u00e6\u00f0i", "m\u00e1lsaga"]}, {"abbreviation": "FM", "topics": ["fornb\u00f3kmenntir", "m\u00e1lfr\u00e6\u00f0i"]}, {"abbreviation": "BN", "topics": ["b\u00f3kmenntir", "n\u00fat\u00edmi"]}, {"abbreviation": "FO", "topics": ["fornb\u00f3kmenntir"]}, {"abbreviation": "UN", "topics": ["undirb\u00fanings\u00e1fangi \u00ed \u00edslensku"]}, {"abbreviation": "MR", "topics": ["b\u00f3kmenntir", "m\u00e1lnotkun og ritun"]}, {"abbreviation": "ED", "topics": ["eddukv\u00e6\u00f0i og \u00edslendingas\u00f6gur"]}, {"abbreviation": "NJ", "topics": ["fr\u00e1 nj\u00e1lu til n\u00fdr\u00f3mant\u00edkur"]}, {"abbreviation": "\u00d6L", "topics": ["b\u00f3kmenntir \u00e1 20. \u00f6ld"]}, {"abbreviation": "ME", "topics": ["b\u00f3kmenntir"]}, {"abbreviation": "RL", "topics": ["lestur", "ritun og tj\u00e1ning"]}, {"abbreviation": "MI", "topics": ["m\u00e1l og b\u00f3kmenntir fr\u00e1 si\u00f0askiptum til aldam\u00f3tanna 1900"]}, {"abbreviation": "GM", "topics": ["go\u00f0afr\u00e6\u00f0i", "m\u00e1lsaga"]}, {"abbreviation": "GR", "topics": ["grunnur"]}, {"abbreviation": "LR", "topics": ["lestur og ritun"]}, {"abbreviation": "ST", "topics": ["stafsetning"]}, {"abbreviation": "\u00cdS", "topics": ["\u00edslenska"]}, {"abbreviation": "LT", "topics": ["lestur", "m\u00e1lfr\u00e6\u00f0i", "ritun", "stafsetning", "tj\u00e1ning"]}, {"abbreviation": "SR", "topics": ["lestur og tj\u00e1ning", "m\u00e1lfr\u00e6\u00f0i", "ritun", "stafsetning"]}, {"abbreviation": "GO", "topics": ["go\u00f0afr\u00e6\u00f0i", "m\u00e1lnotkun og ritun", "m\u00e1lsaga"]}, {"abbreviation": "NH", "topics": ["b\u00f3kmenntasaga 1900 til samt\u00edmans", "hugtakabeiting", "n\u00fat\u00edmab\u00f3kmenntir"]}, {"abbreviation": "RR", "topics": ["ritger\u00f0asm\u00ed\u00f0", "ritun"]}, {"abbreviation": "LF", "topics": ["b\u00f3kmenntasaga 1550-1900", "l\u00e6rd\u00f3ms\u00f6ld", "rauns\u00e6i"]}, {"abbreviation": "VE", "topics": ["verkefni vali\u00f0 og almenn b\u00f3kmenntafr\u00e6\u00f0i kynnt"]}, {"abbreviation": "MV", "topics": ["m\u00e1lv\u00edsindi"]}, {"abbreviation": "YF", "topics": ["Yndislestur framhald"]}, {"abbreviation": "MH", "topics": ["M\u00e1lsaga og go\u00f0afr\u00e6\u00f0i hra\u00f0fer\u00f0"]}, {"abbreviation": "FF", "topics": ["Fornb\u00f3kmenntir hra\u00f0fer\u00f0"]}, {"abbreviation": "YM", "topics": ["Yndislestur 2"]}, {"abbreviation": "FJ", "topics": ["fj\u00f6lmi\u00f0lal\u00e6si"]}, {"abbreviation": "RV", "topics": ["ritger\u00f0arvinna"]}, {"abbreviation": "LS", "topics": ["- sk\u00e1ldsaga \u00far n\u00fat\u00edma", "lestur og lesskilningur"]}, {"abbreviation": "L\u00cd", "topics": ["lestur og lesskilningur - \u00edslendingas\u00f6gur"]}, {"abbreviation": "LE", "topics": ["lestur og lesskilningur - sk\u00e1lds\u00f6gur 20. aldar"]}, {"abbreviation": "H\u00cd", "topics": ["Hagn\u00fdt \u00edslenska"]}, {"abbreviation": "\u00cdM", "topics": ["\u00edslensk m\u00e1lsaga"]}, {"abbreviation": "KV", "topics": ["b\u00f3kmenntir og kvikmyndir"]}, {"abbreviation": "NG", "topics": ["Norr\u00e6n go\u00f0afr\u00e6\u00f0i"]}, {"abbreviation": "LJ", "topics": ["Lj\u00f3\u00f0"]}], "_id": "50c0a02dd8e40575f7f6f4a2", "subjects": ["\u00edslenska"], "counter": {"1": 0, "3": 0, "2": 0, "4": 0}}, "evaluation": "Lokapr\u00f3f og vinnueinkunn", "categorization_suggestion": "", "embedded_topics": [{"abbreviation": "BS", "topics": ["b\u00f3kmenntir s\u00ed\u00f0ari alda"]}], "status": "approved by school", "description": "\u00cd \u00e1fanganum ver\u00f0ur vi\u00f0fangsefni\u00f0 b\u00f3kmenntasaga, b\u00f3kmenntastefnur og b\u00f3kmenntir s\u00ed\u00f0ari alda. Haldi\u00f0 ver\u00f0ur \u00e1fram a\u00f0 \u00fej\u00e1lfa nemendur \u00ed ritger\u00f0arsm\u00ed\u00f0. ", "knowledge_goals": ["ritger\u00f0arsm\u00ed\u00f0", "or\u00f0afor\u00f0a sem n\u00e6gir til a\u00f0 lesa helstu verk \u00edslenskrar b\u00f3kmenntas\u00f6gu", "\u00f6llum helstu b\u00f3kmenntahugt\u00f6kum, mismunandi tegundum b\u00f3kmennta og t\u00edmabilum \u00ed \u00edslenskum b\u00f3kmenntum s\u00ed\u00f0ari alda"], "skills_goals": ["skrifa ritger\u00f0ir \u00fear sem hann beitir gagnr\u00fdninni hugsun vi\u00f0 \u00farvinnslu og kemur efninu \u00e1 framf\u00e6ri \u00e1 sk\u00fdran og greinarg\u00f3\u00f0an h\u00e1tt \u00e1 bl\u00e6brig\u00f0ar\u00edku m\u00e1li", "ganga fr\u00e1 texta og a\u00f0 n\u00fdta s\u00e9r uppbyggilega gagnr\u00fdni", "skilja og nota vi\u00f0eigandi st\u00edlbr\u00f6g\u00f0, or\u00f0atilt\u00e6ki og menningarlegar v\u00edsanir \u00ed tal- og ritm\u00e1li", "n\u00fdta sk\u00f6punarg\u00e1fu og s\u00fdna sj\u00e1lfst\u00e6\u00f0i vi\u00f0 \u00farvinnslu verkefna", "flytja af \u00f6ryggi vel uppbygg\u00f0a kynningu \u00e1 krefjandi efni", "lesa s\u00e9r til gagns og gamans b\u00f3kmenntatexta s\u00ed\u00f0ari t\u00edma"], "credits": 5, "last_modified": 1323099718, "schools": [], "coauthors": [], "instructions": "Kjarna\u00e1fangi \u00e1 \u00f6llum b\u00f3kn\u00e1msbrautum", "continued_education": false, "level": 3, "prerequisites": "\u00cdSLE3BF05", "author": "b68f32cf-f5e7-4436-8857-8f510bbb44c9", "abbreviation_version": null, "competence_goals": [["skrifa sk\u00fdran og vel uppbygg\u00f0an texta og geta vali\u00f0 ritst\u00edl eftir a\u00f0st\u00e6\u00f0um og vi\u00f0takendum"], ["beita m\u00e1linu \u00e1 vi\u00f0eigandi og \u00e1rangursr\u00edkan h\u00e1tt vi\u00f0 mismunandi a\u00f0st\u00e6\u00f0ur"], ["tj\u00e1 r\u00f6kstudda afst\u00f6\u00f0u og taka virkan \u00fe\u00e1tt \u00ed m\u00e1lefnalegri umr\u00e6\u00f0u"], ["draga saman a\u00f0alatri\u00f0i, beita gagnr\u00fdninni hugsun vi\u00f0 lestur, t\u00falkun og \u00farvinnslu krefjandi texta og geta mi\u00f0la\u00f0 \u00fev\u00ed \u00e1 sk\u00fdran h\u00e1tt til samnemenda sinna"], ["\u00e1tta sig \u00e1 samf\u00e9lagslegri sk\u00edrskotun og n\u00e1 duldum bo\u00f0skap og hugmyndum"], ["s\u00fdna frumkv\u00e6\u00f0i og sj\u00e1lfst\u00e6\u00f0i \u00ed vinnubr\u00f6g\u00f0um"], ["s\u00fdna \u00feroska\u00f0a si\u00f0fer\u00f0isvitund, v\u00ed\u00f0s\u00fdni, sk\u00f6punarh\u00e6fni og saml\u00ed\u00f0an \u00ed m\u00e1lflutningi s\u00ednum, umfj\u00f6llun og verkum"]], "_id": "51265b3d62933a77194c91b0"}, {"exemplary": null, "topics": "b\u00f3kmenntir og ritun, m\u00e1lnotkun", "abbreviation": "\u00cdSLE2MB05", "former_schools": null, "subject": "\u00edslenska", "title": "B\u00f3kmenntir, m\u00e1lnotkun og ritun", "version": 7, "status_trans": "Sam\u00feykkt af sk\u00f3la", "embedded_subject": {"abbreviation": "\u00cdSLE", "topics": [{"abbreviation": "VR", "topics": ["ritun", "vi\u00f0skiptaskj\u00f6l"]}, {"abbreviation": "TM", "topics": ["m\u00e1lskilningur", "tj\u00e1ning"]}, {"abbreviation": "MS", "topics": ["m\u00e1lskilningur", "s\u00e9rdeild"]}, {"abbreviation": "RT", "topics": ["ritun og tj\u00e1ning"]}, {"abbreviation": "LL", "topics": ["leshra\u00f0i", "lesskilningur"]}, {"abbreviation": "MM", "topics": ["m\u00e1lfr\u00e6\u00f0i", "m\u00e1ltilfinning"]}, {"abbreviation": "RG", "topics": ["greinamerkjasetning", "r\u00e9ttritun"]}, {"abbreviation": "SF", "topics": ["fr\u00f3\u00f0leiks\u00f6flun", "samskipti"]}, {"abbreviation": "BK", "topics": ["b\u00f3kmenntir", "kj\u00f6rb\u00f3k"]}, {"abbreviation": "RB", "topics": ["b\u00f3kmenntir", "ritun"]}, {"abbreviation": "BM", "topics": ["b\u00f3kmenntir", "m\u00e1lsaga", "ritun", "tj\u00e1ning"]}, {"abbreviation": "NB", "topics": ["n\u00fat\u00edmab\u00f3kmenntir"]}, {"abbreviation": "BF", "topics": ["b\u00f3kmenntir fyrri alda"]}, {"abbreviation": "SB", "topics": ["menning", "samt\u00edmab\u00f3kmenntir"]}, {"abbreviation": "BB", "topics": ["barnab\u00f3kmenntir"]}, {"abbreviation": "HR", "topics": ["hra\u00f0lestur"]}, {"abbreviation": "YN", "topics": ["yndislestur"]}, {"abbreviation": "ML", "topics": ["leskilningur", "m\u00e1lnotkun", "m\u00e1ltaka", "ritun og tj\u00e1ning"]}, {"abbreviation": "MB", "topics": ["b\u00f3kmenntir og ritun", "m\u00e1lnotkun"]}, {"abbreviation": "MN", "topics": ["b\u00f3kmenntir", "m\u00e1lsaga og nafnasi\u00f0ir"]}, {"abbreviation": "YH", "topics": ["hra\u00f0lestur", "yndislestur"]}, {"abbreviation": "BS", "topics": ["b\u00f3kmenntir s\u00ed\u00f0ari alda"]}, {"abbreviation": "FH", "topics": ["f\u00e9lagsleg m\u00e1lv\u00edsindi", "hlj\u00f3\u00f0fr\u00e6\u00f0i og hlj\u00f3\u00f0kerfisfr\u00e6\u00f0i", "\u00fe\u00fd\u00f0ingar"]}, {"abbreviation": "TB", "topics": ["tj\u00e1skipti barna og fullor\u00f0inna"]}, {"abbreviation": "GL", "topics": ["gl\u00e6pas\u00f6gur"]}, {"abbreviation": "RM", "topics": ["m\u00e1lfr\u00e6\u00f0i", "ritun", "stafsetning"]}, {"abbreviation": "BT", "topics": ["bragfr\u00e6\u00f0i", "setningafr\u00e6\u00f0i", "textar fr\u00e1 \u00fdmsum l\u00f6ndum"]}, {"abbreviation": "MT", "topics": ["m\u00e1lfr\u00e6\u00f0i", "ritun og tj\u00e1ning"]}, {"abbreviation": "BR", "topics": ["b\u00f3kmenntir", "m\u00e1lnotkun", "ritun"]}, {"abbreviation": "MG", "topics": ["b\u00f3kmenntir og ritun", "go\u00f0afr\u00e6\u00f0i", "m\u00e1lsaga"]}, {"abbreviation": "EU", "topics": ["eddukv\u00e6\u00f0i", "uppl\u00fdsing"]}, {"abbreviation": "UK", "topics": ["kreppa", "uppl\u00fdsing"]}, {"abbreviation": "KA", "topics": ["aldam\u00f3t", "kreppa"]}, {"abbreviation": "RN", "topics": ["n\u00fat\u00edmab\u00f3kmenntir", "ritger\u00f0arsm\u00ed\u00f0"]}, {"abbreviation": "KU", "topics": ["kynningarefni", "ums\u00f3knir"]}, {"abbreviation": "RI", "topics": ["ritger\u00f0arsm\u00ed\u00f0", "textar fr\u00e1 \u00fdmsum l\u00f6ndum"]}, {"abbreviation": "BG", "topics": ["b\u00f3kmenntir", "go\u00f0afr\u00e6\u00f0i", "m\u00e1lsaga"]}, {"abbreviation": "FM", "topics": ["fornb\u00f3kmenntir", "m\u00e1lfr\u00e6\u00f0i"]}, {"abbreviation": "BN", "topics": ["b\u00f3kmenntir", "n\u00fat\u00edmi"]}, {"abbreviation": "FO", "topics": ["fornb\u00f3kmenntir"]}, {"abbreviation": "UN", "topics": ["undirb\u00fanings\u00e1fangi \u00ed \u00edslensku"]}, {"abbreviation": "MR", "topics": ["b\u00f3kmenntir", "m\u00e1lnotkun og ritun"]}, {"abbreviation": "ED", "topics": ["eddukv\u00e6\u00f0i og \u00edslendingas\u00f6gur"]}, {"abbreviation": "NJ", "topics": ["fr\u00e1 nj\u00e1lu til n\u00fdr\u00f3mant\u00edkur"]}, {"abbreviation": "\u00d6L", "topics": ["b\u00f3kmenntir \u00e1 20. \u00f6ld"]}, {"abbreviation": "ME", "topics": ["b\u00f3kmenntir"]}, {"abbreviation": "RL", "topics": ["lestur", "ritun og tj\u00e1ning"]}, {"abbreviation": "MI", "topics": ["m\u00e1l og b\u00f3kmenntir fr\u00e1 si\u00f0askiptum til aldam\u00f3tanna 1900"]}, {"abbreviation": "GM", "topics": ["go\u00f0afr\u00e6\u00f0i", "m\u00e1lsaga"]}, {"abbreviation": "GR", "topics": ["grunnur"]}, {"abbreviation": "LR", "topics": ["lestur og ritun"]}, {"abbreviation": "ST", "topics": ["stafsetning"]}, {"abbreviation": "\u00cdS", "topics": ["\u00edslenska"]}, {"abbreviation": "LT", "topics": ["lestur", "m\u00e1lfr\u00e6\u00f0i", "ritun", "stafsetning", "tj\u00e1ning"]}, {"abbreviation": "SR", "topics": ["lestur og tj\u00e1ning", "m\u00e1lfr\u00e6\u00f0i", "ritun", "stafsetning"]}, {"abbreviation": "GO", "topics": ["go\u00f0afr\u00e6\u00f0i", "m\u00e1lnotkun og ritun", "m\u00e1lsaga"]}, {"abbreviation": "NH", "topics": ["b\u00f3kmenntasaga 1900 til samt\u00edmans", "hugtakabeiting", "n\u00fat\u00edmab\u00f3kmenntir"]}, {"abbreviation": "RR", "topics": ["ritger\u00f0asm\u00ed\u00f0", "ritun"]}, {"abbreviation": "LF", "topics": ["b\u00f3kmenntasaga 1550-1900", "l\u00e6rd\u00f3ms\u00f6ld", "rauns\u00e6i"]}, {"abbreviation": "VE", "topics": ["verkefni vali\u00f0 og almenn b\u00f3kmenntafr\u00e6\u00f0i kynnt"]}, {"abbreviation": "MV", "topics": ["m\u00e1lv\u00edsindi"]}, {"abbreviation": "YF", "topics": ["Yndislestur framhald"]}, {"abbreviation": "MH", "topics": ["M\u00e1lsaga og go\u00f0afr\u00e6\u00f0i hra\u00f0fer\u00f0"]}, {"abbreviation": "FF", "topics": ["Fornb\u00f3kmenntir hra\u00f0fer\u00f0"]}, {"abbreviation": "YM", "topics": ["Yndislestur 2"]}, {"abbreviation": "FJ", "topics": ["fj\u00f6lmi\u00f0lal\u00e6si"]}, {"abbreviation": "RV", "topics": ["ritger\u00f0arvinna"]}, {"abbreviation": "LS", "topics": ["- sk\u00e1ldsaga \u00far n\u00fat\u00edma", "lestur og lesskilningur"]}, {"abbreviation": "L\u00cd", "topics": ["lestur og lesskilningur - \u00edslendingas\u00f6gur"]}, {"abbreviation": "LE", "topics": ["lestur og lesskilningur - sk\u00e1lds\u00f6gur 20. aldar"]}, {"abbreviation": "H\u00cd", "topics": ["Hagn\u00fdt \u00edslenska"]}, {"abbreviation": "\u00cdM", "topics": ["\u00edslensk m\u00e1lsaga"]}, {"abbreviation": "KV", "topics": ["b\u00f3kmenntir og kvikmyndir"]}, {"abbreviation": "NG", "topics": ["Norr\u00e6n go\u00f0afr\u00e6\u00f0i"]}, {"abbreviation": "LJ", "topics": ["Lj\u00f3\u00f0"]}, {"abbreviation": "AA", "topics": ["Lestur og ritun"]}, {"abbreviation": "\u00cdC", "topics": ["\u00cdslenska \u00e1 starfsbraut"]}, {"abbreviation": "\u00cdA", "topics": ["\u00cdslenska 1 \u00e1 starfsbraut"]}, {"abbreviation": "\u00cdB", "topics": ["\u00cdslenska 2 \u00e1 starfsbraut"]}, {"abbreviation": "N\u00dd", "topics": ["N\u00fdsk\u00f6pun"]}], "_id": "50c0a02dd8e40575f7f6f4a2", "subjects": ["\u00edslenska"], "counter": {"1": 3, "3": 0, "2": 0, "4": 0}}, "evaluation": "Lokapr\u00f3f og vinnueinkunn", "categorization_suggestion": "", "embedded_topics": [{"abbreviation": "MB", "topics": ["b\u00f3kmenntir og ritun", "m\u00e1lnotkun"]}], "status": "approved by school", "description": "\u00cd \u00feessum grunn\u00e1fanga eru grundvallarhugt\u00f6k ritunar, m\u00e1lnotkunar og b\u00f3kmennta tekin til sko\u00f0unar. Ritun: \u00dear er fjalla\u00f0 um \u00f3l\u00edkar ger\u00f0ir ritsm\u00ed\u00f0a. Nemendur eru m.a. \u00fej\u00e1lfa\u00f0ir \u00ed ger\u00f0 heimildaritger\u00f0a og l\u00e6ra \u00fdmislegt um fr\u00e1gang rita\u00f0s m\u00e1ls. Setningafr\u00e6\u00f0i: Fari\u00f0 er \u00ed grundvallaratri\u00f0i setningafr\u00e6\u00f0i og fjalla\u00f0 um \u00fdmislegt sem tengist m\u00e1lnotkun. B\u00f3kmenntir og l\u00e6si: Nemendur l\u00e6ra helstu hugt\u00f6k b\u00f3kmenntafr\u00e6\u00f0i og beita \u00feeim vi\u00f0 lestur sm\u00e1sagna. Lesin er ein valb\u00f3k og skrifa\u00f0ur um hana ritd\u00f3mur. Auk \u00feess f\u00e1 nemendur lestrar\u00fej\u00e1lfun vi\u00f0 lestur \u00fdmiss konar texta \u00ed tengslum vi\u00f0 ritunar\u00fe\u00e1ttinn. ", "knowledge_goals": ["helstu hugt\u00f6kum \u00ed ritger\u00f0asm\u00ed\u00f0", "m\u00e1lfr\u00e6\u00f0ihugt\u00f6kum og ritreglum sem n\u00fdtast \u00ed tal- og ritm\u00e1li", "grunnhugt\u00f6kum \u00ed b\u00f3kmenntafr\u00e6\u00f0i", "grundvallarvinnubr\u00f6g\u00f0um vi\u00f0 skrif heimildaritger\u00f0a "], "skills_goals": ["rita \u00f3l\u00edkar tegundir ritsm\u00ed\u00f0a \u00fear sem hann beitir gagnr\u00fdninni hugsun og kemur sko\u00f0unum s\u00ednum \u00e1 framf\u00e6ri \u00e1 sk\u00fdran og greinarg\u00f3\u00f0an h\u00e1tt", "nota vi\u00f0eigandi hj\u00e1lparg\u00f6gn vi\u00f0 fr\u00e1gang ritsm\u00ed\u00f0a", "draga saman og n\u00fdta uppl\u00fdsingar \u00far \u00fdmiss konar heimildum og fl\u00e9tta saman vi\u00f0 eigin vi\u00f0horf og \u00e1lyktanir \u00e1 hei\u00f0arlegan h\u00e1tt", "n\u00fdta m\u00e1lfr\u00e6\u00f0ihugt\u00f6k og m\u00e1lfr\u00e6\u00f0ilegar uppl\u00fdsingar til \u00feess a\u00f0 efla eigin m\u00e1lf\u00e6rni", "lesa s\u00e9r til gagns og gamans nytjatexta og b\u00f3kmenntaverk og fjalla um inntak \u00feeirra"], "credits": 5, "last_modified": 1322745589, "schools": ["512350238caa45ed97015b3f"], "coauthors": [], "instructions": "Kjarna\u00e1fangi \u00e1 \u00f6llum b\u00f3kn\u00e1msbrautum", "continued_education": false, "level": 2, "prerequisites": "Engar", "author": "b68f32cf-f5e7-4436-8857-8f510bbb44c9", "abbreviation_version": null, "competence_goals": [["vinna \u00f3l\u00edk verkefni \u00ed tengslum vi\u00f0 n\u00e1msefni\u00f0 og s\u00fdna t\u00f6luver\u00f0 tilbrig\u00f0i \u00ed m\u00e1lnotkun"], ["styrkja eigin m\u00e1lf\u00e6rni og n\u00e1m \u00ed erlendum tungum\u00e1lum, til d\u00e6mis me\u00f0 \u00fev\u00ed a\u00f0 n\u00fdta m\u00e1lfr\u00e6\u00f0iuppl\u00fdsingar \u00ed handb\u00f3kum"], ["beita sk\u00fdru, l\u00fdtalausu og bl\u00e6brig\u00f0ar\u00edku m\u00e1li \u00ed r\u00e6\u00f0u og riti"], ["taka \u00fe\u00e1tt \u00ed m\u00e1lefnalegum umr\u00e6\u00f0um, byggja upp sk\u00fdra r\u00f6ksemdaf\u00e6rslu, tj\u00e1 afst\u00f6\u00f0u og efasemdir um efni\u00f0 og komast a\u00f0 ni\u00f0urst\u00f6\u00f0u"]], "_id": "51265b3d62933a77194c91a8"}, {"exemplary": null, "topics": "b\u00f3kmenntir, m\u00e1lsaga og nafnasi\u00f0ir", "abbreviation": "\u00cdSLE2MN05", "former_schools": ["512350238caa45ed97015b3f"], "subject": "\u00edslenska", "title": "B\u00f3kmenntir, m\u00e1lsaga og nafnasi\u00f0ir", "version": 8, "status_trans": "Sam\u00feykkt af sk\u00f3la", "embedded_subject": {"abbreviation": "\u00cdSLE", "topics": [{"abbreviation": "VR", "topics": ["ritun", "vi\u00f0skiptaskj\u00f6l"]}, {"abbreviation": "TM", "topics": ["m\u00e1lskilningur", "tj\u00e1ning"]}, {"abbreviation": "MS", "topics": ["m\u00e1lskilningur", "s\u00e9rdeild"]}, {"abbreviation": "RT", "topics": ["ritun og tj\u00e1ning"]}, {"abbreviation": "LL", "topics": ["leshra\u00f0i", "lesskilningur"]}, {"abbreviation": "MM", "topics": ["m\u00e1lfr\u00e6\u00f0i", "m\u00e1ltilfinning"]}, {"abbreviation": "RG", "topics": ["greinamerkjasetning", "r\u00e9ttritun"]}, {"abbreviation": "SF", "topics": ["fr\u00f3\u00f0leiks\u00f6flun", "samskipti"]}, {"abbreviation": "BK", "topics": ["b\u00f3kmenntir", "kj\u00f6rb\u00f3k"]}, {"abbreviation": "RB", "topics": ["b\u00f3kmenntir", "ritun"]}, {"abbreviation": "BM", "topics": ["b\u00f3kmenntir", "m\u00e1lsaga", "ritun", "tj\u00e1ning"]}, {"abbreviation": "NB", "topics": ["n\u00fat\u00edmab\u00f3kmenntir"]}, {"abbreviation": "BF", "topics": ["b\u00f3kmenntir fyrri alda"]}, {"abbreviation": "SB", "topics": ["menning", "samt\u00edmab\u00f3kmenntir"]}, {"abbreviation": "BB", "topics": ["barnab\u00f3kmenntir"]}, {"abbreviation": "HR", "topics": ["hra\u00f0lestur"]}, {"abbreviation": "YN", "topics": ["yndislestur"]}, {"abbreviation": "ML", "topics": ["leskilningur", "m\u00e1lnotkun", "m\u00e1ltaka", "ritun og tj\u00e1ning"]}, {"abbreviation": "MB", "topics": ["b\u00f3kmenntir og ritun", "m\u00e1lnotkun"]}, {"abbreviation": "MN", "topics": ["b\u00f3kmenntir", "m\u00e1lsaga og nafnasi\u00f0ir"]}, {"abbreviation": "YH", "topics": ["hra\u00f0lestur", "yndislestur"]}, {"abbreviation": "BS", "topics": ["b\u00f3kmenntir s\u00ed\u00f0ari alda"]}, {"abbreviation": "FH", "topics": ["f\u00e9lagsleg m\u00e1lv\u00edsindi", "hlj\u00f3\u00f0fr\u00e6\u00f0i og hlj\u00f3\u00f0kerfisfr\u00e6\u00f0i", "\u00fe\u00fd\u00f0ingar"]}, {"abbreviation": "TB", "topics": ["tj\u00e1skipti barna og fullor\u00f0inna"]}, {"abbreviation": "GL", "topics": ["gl\u00e6pas\u00f6gur"]}, {"abbreviation": "RM", "topics": ["m\u00e1lfr\u00e6\u00f0i", "ritun", "stafsetning"]}, {"abbreviation": "BT", "topics": ["bragfr\u00e6\u00f0i", "setningafr\u00e6\u00f0i", "textar fr\u00e1 \u00fdmsum l\u00f6ndum"]}, {"abbreviation": "MT", "topics": ["m\u00e1lfr\u00e6\u00f0i", "ritun og tj\u00e1ning"]}, {"abbreviation": "BR", "topics": ["b\u00f3kmenntir", "m\u00e1lnotkun", "ritun"]}, {"abbreviation": "MG", "topics": ["b\u00f3kmenntir og ritun", "go\u00f0afr\u00e6\u00f0i", "m\u00e1lsaga"]}, {"abbreviation": "EU", "topics": ["eddukv\u00e6\u00f0i", "uppl\u00fdsing"]}, {"abbreviation": "UK", "topics": ["kreppa", "uppl\u00fdsing"]}, {"abbreviation": "KA", "topics": ["aldam\u00f3t", "kreppa"]}, {"abbreviation": "RN", "topics": ["n\u00fat\u00edmab\u00f3kmenntir", "ritger\u00f0arsm\u00ed\u00f0"]}, {"abbreviation": "KU", "topics": ["kynningarefni", "ums\u00f3knir"]}, {"abbreviation": "RI", "topics": ["ritger\u00f0arsm\u00ed\u00f0", "textar fr\u00e1 \u00fdmsum l\u00f6ndum"]}, {"abbreviation": "BG", "topics": ["b\u00f3kmenntir", "go\u00f0afr\u00e6\u00f0i", "m\u00e1lsaga"]}, {"abbreviation": "FM", "topics": ["fornb\u00f3kmenntir", "m\u00e1lfr\u00e6\u00f0i"]}, {"abbreviation": "BN", "topics": ["b\u00f3kmenntir", "n\u00fat\u00edmi"]}, {"abbreviation": "FO", "topics": ["fornb\u00f3kmenntir"]}, {"abbreviation": "UN", "topics": ["undirb\u00fanings\u00e1fangi \u00ed \u00edslensku"]}, {"abbreviation": "MR", "topics": ["b\u00f3kmenntir", "m\u00e1lnotkun og ritun"]}, {"abbreviation": "ED", "topics": ["eddukv\u00e6\u00f0i og \u00edslendingas\u00f6gur"]}, {"abbreviation": "NJ", "topics": ["fr\u00e1 nj\u00e1lu til n\u00fdr\u00f3mant\u00edkur"]}, {"abbreviation": "\u00d6L", "topics": ["b\u00f3kmenntir \u00e1 20. \u00f6ld"]}, {"abbreviation": "ME", "topics": ["b\u00f3kmenntir"]}, {"abbreviation": "RL", "topics": ["lestur", "ritun og tj\u00e1ning"]}, {"abbreviation": "MI", "topics": ["m\u00e1l og b\u00f3kmenntir fr\u00e1 si\u00f0askiptum til aldam\u00f3tanna 1900"]}, {"abbreviation": "GM", "topics": ["go\u00f0afr\u00e6\u00f0i", "m\u00e1lsaga"]}, {"abbreviation": "GR", "topics": ["grunnur"]}, {"abbreviation": "LR", "topics": ["lestur og ritun"]}, {"abbreviation": "ST", "topics": ["stafsetning"]}, {"abbreviation": "\u00cdS", "topics": ["\u00edslenska"]}, {"abbreviation": "LT", "topics": ["lestur", "m\u00e1lfr\u00e6\u00f0i", "ritun", "stafsetning", "tj\u00e1ning"]}, {"abbreviation": "SR", "topics": ["lestur og tj\u00e1ning", "m\u00e1lfr\u00e6\u00f0i", "ritun", "stafsetning"]}, {"abbreviation": "GO", "topics": ["go\u00f0afr\u00e6\u00f0i", "m\u00e1lnotkun og ritun", "m\u00e1lsaga"]}, {"abbreviation": "NH", "topics": ["b\u00f3kmenntasaga 1900 til samt\u00edmans", "hugtakabeiting", "n\u00fat\u00edmab\u00f3kmenntir"]}, {"abbreviation": "RR", "topics": ["ritger\u00f0asm\u00ed\u00f0", "ritun"]}, {"abbreviation": "LF", "topics": ["b\u00f3kmenntasaga 1550-1900", "l\u00e6rd\u00f3ms\u00f6ld", "rauns\u00e6i"]}, {"abbreviation": "VE", "topics": ["verkefni vali\u00f0 og almenn b\u00f3kmenntafr\u00e6\u00f0i kynnt"]}, {"abbreviation": "MV", "topics": ["m\u00e1lv\u00edsindi"]}, {"abbreviation": "YF", "topics": ["Yndislestur framhald"]}, {"abbreviation": "MH", "topics": ["M\u00e1lsaga og go\u00f0afr\u00e6\u00f0i hra\u00f0fer\u00f0"]}, {"abbreviation": "FF", "topics": ["Fornb\u00f3kmenntir hra\u00f0fer\u00f0"]}, {"abbreviation": "YM", "topics": ["Yndislestur 2"]}, {"abbreviation": "FJ", "topics": ["fj\u00f6lmi\u00f0lal\u00e6si"]}, {"abbreviation": "RV", "topics": ["ritger\u00f0arvinna"]}, {"abbreviation": "LS", "topics": ["- sk\u00e1ldsaga \u00far n\u00fat\u00edma", "lestur og lesskilningur"]}, {"abbreviation": "L\u00cd", "topics": ["lestur og lesskilningur - \u00edslendingas\u00f6gur"]}, {"abbreviation": "LE", "topics": ["lestur og lesskilningur - sk\u00e1lds\u00f6gur 20. aldar"]}, {"abbreviation": "H\u00cd", "topics": ["Hagn\u00fdt \u00edslenska"]}, {"abbreviation": "\u00cdM", "topics": ["\u00edslensk m\u00e1lsaga"]}, {"abbreviation": "KV", "topics": ["b\u00f3kmenntir og kvikmyndir"]}, {"abbreviation": "NG", "topics": ["Norr\u00e6n go\u00f0afr\u00e6\u00f0i"]}, {"abbreviation": "LJ", "topics": ["Lj\u00f3\u00f0"]}, {"abbreviation": "AA", "topics": ["Lestur og ritun"]}, {"abbreviation": "\u00cdC", "topics": ["\u00cdslenska \u00e1 starfsbraut"]}, {"abbreviation": "\u00cdA", "topics": ["\u00cdslenska 1 \u00e1 starfsbraut"]}, {"abbreviation": "\u00cdB", "topics": ["\u00cdslenska 2 \u00e1 starfsbraut"]}, {"abbreviation": "N\u00dd", "topics": ["N\u00fdsk\u00f6pun"]}, {"abbreviation": "AB", "topics": ["B\u00f3kmenntir", "m\u00e1lfr\u00e6\u00f0i og ritun"]}, {"abbreviation": "HI", "topics": ["M\u00e1lnotkun og ritun"]}, {"abbreviation": "TR", "topics": ["M\u00e1lnotun og ritun"]}, {"abbreviation": "TL", "topics": ["L\u00e6si", "ritun", "tj\u00e1ning"]}, {"abbreviation": "OH", "topics": ["hlustun", "or\u00f0afor\u00f0i", "talm\u00e1l og ritun"]}, {"abbreviation": "ES", "topics": ["Eddukv\u00e6\u00f0i til si\u00f0askipta"]}, {"abbreviation": "NA", "topics": ["N\u00fdr\u00f3mant\u00edk til aldam\u00f3ta"]}, {"abbreviation": "SN", "topics": ["Si\u00f0askipti til n\u00fdr\u00f3mant\u00edkur"]}, {"abbreviation": "YL", "topics": ["Yndislestur"]}, {"abbreviation": "SS", "topics": ["Stafsetning"]}, {"abbreviation": "BU", "topics": ["Barna- og unglingab\u00f3kmenntir"]}, {"abbreviation": "SK", "topics": ["sk\u00e1lds\u00f6gur"]}, {"abbreviation": "B\u00d3", "topics": ["B\u00f3kmenntir og tungum\u00e1l fr\u00e1 landn\u00e1mi til si\u00f0askipta"]}, {"abbreviation": "M\u00c1", "topics": ["M\u00e1l- og menningarsaga"]}], "_id": "50c0a02dd8e40575f7f6f4a2", "subjects": ["\u00edslenska"], "counter": {"1": 8, "3": 11, "2": 6, "4": 0}}, "evaluation": "Lokapr\u00f3f og vinnueinkunn", "categorization_suggestion": "", "embedded_topics": [{"abbreviation": "MN", "topics": ["b\u00f3kmenntir", "m\u00e1lsaga og nafnasi\u00f0ir"]}], "status": "approved by school", "description": "\u00cd \u00feessum \u00e1fanga fjalla\u00f0 um b\u00f3kmenntir, m\u00e1ls\u00f6gu og go\u00f0afr\u00e6\u00f0i. M\u00e1lsaga: Fjalla\u00f0 er um helstu \u00fe\u00e6tti m\u00e1ls\u00f6gu og nafnasi\u00f0i. B\u00f3kmenntir og l\u00e6si: Nemendur eru \u00e1fram \u00fej\u00e1lfa\u00f0ir \u00ed notkun b\u00f3kmenntahugtaka og einnig er \u00edtarleg umfj\u00f6llun um go\u00f0afr\u00e6\u00f0i. Nemendur lesa eina n\u00fat\u00edmask\u00e1lds\u00f6gu og vinna verkefni \u00ed tengslum vi\u00f0 hana og lesa eina valb\u00f3k. ", "knowledge_goals": ["helstu \u00fe\u00e1ttum \u00edslenskrar m\u00e1ls\u00f6gu og \u00edslenskum nafnasi\u00f0um", "mismunandi tegundum b\u00f3kmennta og norr\u00e6nni go\u00f0afr\u00e6\u00f0i "], "skills_goals": ["lesa b\u00f3kmenntaverk fr\u00e1 \u00fdmsum t\u00edmum og fjalla um inntak \u00feeirra", "vinna a\u00f0 skapandi verkefnum \u00ed tengslum vi\u00f0 n\u00e1msefni\u00f0 og s\u00fdna t\u00f6luver\u00f0 tilbrig\u00f0i \u00ed m\u00e1lnotkun "], "credits": 5, "last_modified": 1322746875, "schools": [], "coauthors": [], "instructions": "Kjarna\u00e1fangi \u00e1 \u00f6llum b\u00f3kn\u00e1msbrautum", "continued_education": false, "level": 2, "prerequisites": "\u00cdSLE2MB05", "author": "b68f32cf-f5e7-4436-8857-8f510bbb44c9", "abbreviation_version": null, "competence_goals": [["vinna a\u00f0 skapandi verkefnum \u00ed tengslum vi\u00f0 n\u00e1msefni\u00f0 og s\u00fdna t\u00f6luver\u00f0 tilbrig\u00f0i \u00ed m\u00e1lnotkun"], ["beita sk\u00fdru, l\u00fdtalausu og bl\u00e6brig\u00f0ar\u00edku m\u00e1li \u00ed r\u00e6\u00f0u og riti"], ["taka \u00fe\u00e1tt \u00ed m\u00e1lefnalegum umr\u00e6\u00f0um, byggja upp sk\u00fdra r\u00f6ksemdaf\u00e6rslu, tj\u00e1 afst\u00f6\u00f0u og efasemdir um efni\u00f0 og komast a\u00f0 ni\u00f0urst\u00f6\u00f0u"], ["t\u00falka texta \u00fe\u00f3 merkingin liggi ekki \u00e1 yfirbor\u00f0inu"], ["tengja \u00edslenskuna vi\u00f0 fort\u00ed\u00f0 og framt\u00ed\u00f0"]], "_id": "51265b3d62933a77194c91a9"}, {"exemplary": null, "topics": "deildi, \u00f3bein deildun. heildi og heildunara\u00f0fer\u00f0ir. fyrsta stigs deildaj\u00f6fnur.", "abbreviation": "ST\u00c6R3D\u00d305", "former_schools": null, "subject": "st\u00e6r\u00f0fr\u00e6\u00f0i", "title": "Deildi, \u00f3bein deildun. heildi og heildunara\u00f0fer\u00f0ir. fyrsta stigs deildaj\u00f6fnur.", "version": 10, "status_trans": "Sam\u00feykkt af sk\u00f3la", "embedded_subject": {"abbreviation": "ST\u00c6R", "topics": [{"abbreviation": "FN", "topics": ["fylkjareikningur", "l\u00ednuleg bestun", "netafr\u00e6\u00f0i"]}, {"abbreviation": "HR", "topics": ["heildun", "ra\u00f0ir", "runur", "r\u00famm\u00e1l sn\u00fa\u00f0s"]}, {"abbreviation": "DF", "topics": ["deildun", "f\u00f6ll", "markgildi"]}, {"abbreviation": "TD", "topics": ["deildaj\u00f6fnur", "tvinnt\u00f6lur"]}, {"abbreviation": "HV", "topics": ["hornaf\u00f6ll", "vigrar"]}, {"abbreviation": "T\u00c1", "topics": ["t\u00f6lfr\u00e6\u00f0i", "\u00e1lyktunart\u00f6lfr\u00e6\u00f0i"]}, {"abbreviation": "LT", "topics": ["l\u00edkindareikningur", "talningafr\u00e6\u00f0i", "t\u00f6lfr\u00e6\u00f0i"]}, {"abbreviation": "AT", "topics": ["algebra", "j\u00f6fnur", "talnafr\u00e6\u00f0i"]}, {"abbreviation": "AF", "topics": ["algebra", "f\u00f6ll", "gr\u00f6f"]}, {"abbreviation": "HM", "topics": ["h\u00e1t\u00ed\u00f0isdagar", "merkisdagar"]}, {"abbreviation": "GS", "topics": ["grunna\u00f0ger\u00f0ir"]}, {"abbreviation": "VG", "topics": ["grunna\u00f0ger\u00f0ir", "ver\u00f0\u00fatreikningar"]}, {"abbreviation": "MU", "topics": ["m\u00e6lieiningar", "uppskriftir"]}, {"abbreviation": "HP", "topics": ["heimilisinnkaup"]}, {"abbreviation": "RD", "topics": ["d\u00e6mareikningur", "r\u00f6khugsun"]}, {"abbreviation": "VK", "topics": ["keilusni\u00f0", "vigrar"]}, {"abbreviation": "AL", "topics": ["algebra"]}, {"abbreviation": "HA", "topics": ["hagn\u00fdt st\u00e6r\u00f0fr\u00e6\u00f0i daglegs l\u00edfs"]}, {"abbreviation": "AX", "topics": ["f\u00f6ll og deildun"]}, {"abbreviation": "AN", "topics": ["hornafr\u00e6\u00f0i", "keilusni\u00f0", "vigrar"]}, {"abbreviation": "CT", "topics": ["t\u00f6lfr\u00e6\u00f0i og l\u00edkindafr\u00e6\u00f0i"]}, {"abbreviation": "BR", "topics": ["klass\u00edsk r\u00famfr\u00e6\u00f0i"]}, {"abbreviation": "BH", "topics": ["algebra", "b", "h", "margli\u00f0ur og fleygbogar"]}, {"abbreviation": "GN", "topics": ["grunn\u00e1fangi \u00e1 n\u00e1tt\u00faruv\u00edsindabraut"]}, {"abbreviation": "LH", "topics": ["hornaf\u00f6ll og vigrar o.fl.", "lotubundin f\u00f6ll"]}, {"abbreviation": "FH", "topics": ["grunn\u00e1fangi \u00e1 f\u00e9lags- og hugv\u00edsindabraut"]}, {"abbreviation": "T\u00d6", "topics": ["undirst\u00f6\u00f0uatri\u00f0i t\u00f6lfr\u00e6\u00f0i"]}, {"abbreviation": "VH", "topics": ["hornf\u00f6ll", "vigrar o.fl."]}, {"abbreviation": "FD", "topics": ["algengustu f\u00f6ll", "deildun \u00feeirra og helstu eiginleikar"]}, {"abbreviation": "\u00deR", "topics": ["\u00fer\u00edv\u00ed\u00f0 r\u00famfr\u00e6\u00f0i"]}, {"abbreviation": "SS", "topics": ["strj\u00e1l st\u00e6r\u00f0fr\u00e6\u00f0i"]}, {"abbreviation": "TF", "topics": ["\u00e1lyktunart\u00f6lfr\u00e6\u00f0i"]}, {"abbreviation": "UA", "topics": ["a", "upprifjun"]}, {"abbreviation": "UB", "topics": ["b", "undirb\u00faningur"]}, {"abbreviation": "HS", "topics": ["hagn\u00fdt", "st\u00e6r\u00f0fr\u00e6\u00f0i"]}, {"abbreviation": "TS", "topics": ["st\u00e6r\u00f0fr\u00e6\u00f0i", "t\u00f6luleg"]}, {"abbreviation": "AJ", "topics": ["algebra", "j\u00f6fnur"]}, {"abbreviation": "FJ", "topics": ["f\u00f6ll", "j\u00f6fnur"]}, {"abbreviation": "TL", "topics": ["l\u00edkindareikningur", "t\u00f6lfr\u00e6\u00f0i"]}, {"abbreviation": "DH", "topics": ["deildarj\u00f6fnur", "heildi"]}, {"abbreviation": "FA", "topics": ["aflei\u00f0ur", "ferlaranns\u00f3knir"]}, {"abbreviation": "RT", "topics": ["ranns\u00f3knir", "t\u00f6lfr\u00e6\u00f0i"]}, {"abbreviation": "Y\u00c1", "topics": ["yfirlit", "\u00e1fangi"]}, {"abbreviation": "SG", "topics": ["greining", "st\u00e6r\u00f0fr\u00e6\u00f0i"]}, {"abbreviation": "GR", "topics": ["grunn\u00e1fangi \u00ed st\u00e6r\u00f0fr\u00e6\u00f0i"]}, {"abbreviation": "MF", "topics": ["f\u00f6ll", "margli\u00f0ur"]}, {"abbreviation": "HO", "topics": ["hornafr\u00e6\u00f0i", "vigrar"]}, {"abbreviation": "DM", "topics": ["deildun", "markgildi"]}, {"abbreviation": "RH", "topics": ["heildun", "ra\u00f0ir", "runur"]}, {"abbreviation": "FT", "topics": ["brei\u00f0bogaf\u00f6ll", "fylkjareikningur", "tvinnt\u00f6lur"]}, {"abbreviation": "D\u00c6", "topics": ["d\u00e6gurd\u00e6mi"]}, {"abbreviation": "R\u00da", "topics": ["r\u00famfr\u00e6\u00f0i", "\u00fer\u00edv\u00eddd"]}, {"abbreviation": "D\u00d3", "topics": ["deildi", "\u00f3bein deildun. heildi og heildunara\u00f0fer\u00f0ir. fyrsta stigs deildaj\u00f6fnur."]}, {"abbreviation": "HT", "topics": ["2. stigs diffurj\u00f6fnur . runur og ra\u00f0ir", "hagn\u00fdting heildareiknings", "samleitnipr\u00f3f.", "tvinnt\u00f6lur"]}, {"abbreviation": "AG", "topics": ["r\u00famfr\u00e6\u00f0i", "t\u00f6lur og algebra"]}, {"abbreviation": "UN", "topics": ["undirb\u00fanings\u00e1fangi \u00ed st\u00e6r\u00f0fr\u00e6\u00f0i"]}, {"abbreviation": "FS", "topics": ["f\u00f6ll og r\u00f6kfr\u00e6\u00f0i", "st\u00e6r\u00f0fr\u00e6\u00f0i \u2013 talnafr\u00e6\u00f0i"]}, {"abbreviation": "L\u00c6", "topics": ["l\u00edkindafr\u00e6\u00f0i og fj\u00e1rm\u00e1lal\u00e6si", "t\u00f6lfr\u00e6\u00f0i"]}, {"abbreviation": "LE", "topics": ["t\u00f6lvugraf\u00edk og t\u00f6lvuleikir"]}, {"abbreviation": "BN", "topics": ["algebra", "b", "margli\u00f0ur og fleygbogar", "n"]}, {"abbreviation": "BX", "topics": ["algebra", "b", "fleygbogar", "lograr", "x"]}, {"abbreviation": "AH", "topics": ["algebra", "f\u00f6ll", "hornafr\u00e6\u00f0i", "margli\u00f0ur", "mengi"]}, {"abbreviation": "AR", "topics": ["algebra", "r\u00famfr\u00e6\u00f0i"]}, {"abbreviation": "JM", "topics": ["t\u00f6lur mengi  j\u00f6fnur r\u00f6kfr\u00e6\u00f0i talningarfr\u00e6\u00f0i"]}, {"abbreviation": "VI", "topics": ["vigrar hornaf\u00f6ll f\u00f6ll"]}, {"abbreviation": "DR", "topics": ["deildarj\u00f6fnu", "heildun", "runur og ra\u00f0ir"]}, {"abbreviation": "DE", "topics": ["deildun"]}, {"abbreviation": "HD", "topics": ["deildaj\u00f6fnun", "heildun", "ra\u00f0ir", "runur"]}, {"abbreviation": "HE", "topics": ["1.stigs deildarj\u00f6fnur.", "heildun", "runur og ra\u00f0ir"]}, {"abbreviation": "RF", "topics": ["r\u00famfr\u00e6\u00f0i"]}, {"abbreviation": "FO", "topics": ["forn\u00e1ms\u00e1fangi"]}, {"abbreviation": "AP", "topics": ["algengar reiknia\u00f0ger\u00f0ir", "peningar og m\u00e6lieiningar", "t\u00edmat\u00e1kn"]}, {"abbreviation": "SF", "topics": ["Forn\u00e1m \u00ed st\u00e6r\u00f0fr\u00e6\u00f0i"]}, {"abbreviation": "BB", "topics": ["Forn\u00e1m 2"]}, {"abbreviation": "RA", "topics": ["Algebra", "f\u00f6ll", "r\u00famfr\u00e6\u00f0i", "t\u00f6lfr\u00e6\u00f0i"]}, {"abbreviation": "L\u00c1", "topics": ["l\u00fdsandi t\u00f6lfr\u00e6\u00f0i", "t\u00f6flureiknir", "\u00e1lyktunart\u00f6lfr\u00e6\u00f0i"]}, {"abbreviation": "TJ", "topics": ["Almennur talnareikningur", "form\u00falur", "j\u00f6fnur", "pr\u00f3sentur"]}, {"abbreviation": "JH", "topics": ["J\u00f6fnur", "hlutf\u00f6ll", "hnitakerfi\u00f0", "talname\u00f0fer\u00f0"]}, {"abbreviation": "RV", "topics": ["hornafr\u00e6\u00f0i \u00fer\u00edhyrnings", "hornaf\u00f6ll", "vigrar"]}, {"abbreviation": "DT", "topics": ["deildaj\u00f6fnur", "heildi", "samleitni", "tvinnt\u00f6lur"]}, {"abbreviation": "DS", "topics": ["deildaj\u00f6fnur", "samleitni", "tvinnt\u00f6lur"]}, {"abbreviation": "\u00deV", "topics": ["keilusni\u00f0", "vigrar", "\u00fer\u00edv\u00ed\u00f0 r\u00famfr\u00e6\u00f0i"]}, {"abbreviation": "FG", "topics": ["algebra", "f\u00f6ll", "gr\u00f6f", "veldi og r\u00e6tur"]}, {"abbreviation": "CX", "topics": ["f\u00f6ll og deildun fyri M\u00c1L og F\u00c9L"]}, {"abbreviation": "A\u00de", "topics": ["a", "\u00ferautalausnir"]}, {"abbreviation": "C\u00de", "topics": ["\u00derautalausnir"]}, {"abbreviation": "DN", "topics": ["algebra", "margli\u00f0ur og fleygbogar"]}, {"abbreviation": "UT", "topics": ["t\u00f6lfr\u00e6\u00f0i"]}, {"abbreviation": "OJ", "topics": ["t\u00f6lugildi og j\u00f6fnuhneppi", "\u00f3j\u00f6fnur"]}, {"abbreviation": "RG", "topics": ["R\u00famfr\u00e6\u00f0i me\u00f0 GeoGebru"]}, {"abbreviation": "HG", "topics": ["hagn\u00fdt st\u00e6r\u00f0fr\u00e6\u00f0i"]}, {"abbreviation": "AA", "topics": ["algengar reiknia\u00f0ger\u00f0ir"]}], "_id": "50c0a02dd8e40575f7f6f490", "subjects": ["st\u00e6r\u00f0fr\u00e6\u00f0i"], "counter": {"1": 0, "3": 0, "2": 1, "4": 0}}, "evaluation": "Lokapr\u00f3f og vinnueinkunn", "categorization_suggestion": "", "embedded_topics": [{"abbreviation": "D\u00d3", "topics": ["deildi", "\u00f3bein deildun. heildi og heildunara\u00f0fer\u00f0ir. fyrsta stigs deildaj\u00f6fnur."]}], "status": "approved by school", "description": "Heildareikningur og hagn\u00fdting heildareiknings. Hlutheildun, breytuskipti \u00ed heildum, heildun r\u00e6\u00f0ra falla. Lausnir \u00e1 deildaj\u00f6fnum me\u00f0 a\u00f0greinanlegum breytum. 1. stigs deildaj\u00f6fnur. ", "knowledge_goals": ["helstu a\u00f0fer\u00f0um vi\u00f0 a\u00f0 leysa \u00e1kve\u00f0in og \u00f3\u00e1kve\u00f0in heildi", "\u00fev\u00ed hva\u00f0 s\u00e9 deildajafna og s\u00e9rlausn og fullkomin lausn deildaj\u00f6fnu", "hagn\u00fdtingu framangreindrar st\u00e6r\u00f0fr\u00e6\u00f0i \u00e1 \u00f6\u00f0rum svi\u00f0um, s.s. \u00ed hagfr\u00e6\u00f0i, n\u00e1tt\u00faruv\u00edsindum, umhverfism\u00e1lum, t\u00e6knifr\u00e6\u00f0i, o.s.frv."], "skills_goals": ["beita \u00f3beinni deildun \u00e1 j\u00f6fnur og finna l\u00ednulega n\u00e1lgun vi\u00f0 fall \u00ed gefnum punkti", "beita hlutheildun, innsetningu og brotali\u00f0un vi\u00f0 lausn heilda", "nota \u00ferepunarl\u00f6gm\u00e1li\u00f0 til \u00feess a\u00f0 sanna fullyr\u00f0ingar um n\u00e1tt\u00farulegar t\u00f6lur", "leysa deildaj\u00f6fnur"], "credits": 5, "last_modified": 1336983437, "schools": ["512350238caa45ed97015b3f"], "coauthors": [], "instructions": "Kjarna\u00e1fangi \u00e1 n\u00e1tt\u00faruv\u00edsindabraut", "continued_education": false, "level": 3, "prerequisites": "ST\u00c6R3FD05", "author": "b68f32cf-f5e7-4436-8857-8f510bbb44c9", "abbreviation_version": null, "competence_goals": [["skr\u00e1 lausnir s\u00ednar skipulega, skiptast \u00e1 sko\u00f0unum vi\u00f0 a\u00f0ra um \u00fe\u00e6r og \u00fatsk\u00fdra hugmyndir s\u00ednar og verk skilmerkilega \u00e1 vi\u00f0eigandi h\u00e1tt"], ["\u00e1tta sig \u00e1 tengslum \u00f3l\u00edkra a\u00f0fer\u00f0a vi\u00f0 framsetningu st\u00e6r\u00f0fr\u00e6\u00f0ilegra hugmynda og vi\u00f0fangsefna"], ["skilja merkingu og tengsl hugtaka \u00ed n\u00e1msefninu og vinna me\u00f0 \u00feau"], ["geta fylgt og skili\u00f0 r\u00f6ksemdir og r\u00f6ksamhengi \u00ed m\u00e6ltu m\u00e1li og texta, \u00fear me\u00f0 taldar sannanir \u00ed n\u00e1msefni"], ["beita skipulegum a\u00f0fer\u00f0um vi\u00f0 a\u00f0 leysa \u00far vi\u00f0fangsefnum og \u00ferautum, s. s. \u00fat fr\u00e1 \u00feekkingu \u00e1 lausnum svipa\u00f0ra \u00ferauta, unni\u00f0 til baka fr\u00e1 \u00feekktum st\u00e6r\u00f0um e\u00f0a me\u00f0 \u00fev\u00ed a\u00f0 setja upp j\u00f6fnur."]], "_id": "51265b3d62933a77194c91e2"}, {"exemplary": null, "topics": "2. \u00e1fangi \u00ed efnafr\u00e6\u00f0i \u00e1 n\u00e1tt\u00faruv\u00edsindabraut, efnatengi, hra\u00f0i og orka", "abbreviation": "EFNA2EH05", "former_schools": null, "subject": "efnafr\u00e6\u00f0i", "title": "Efnatengi, hra\u00f0i og orka, 2. \u00e1fangi \u00ed efnafr\u00e6\u00f0i \u00e1 n\u00e1tt\u00faruv\u00edsindabraut", "version": 1, "status_trans": "Sam\u00feykkt af sk\u00f3la", "embedded_subject": {"abbreviation": "EFNA", "topics": [{"abbreviation": "AE", "topics": ["almenn efnafr\u00e6\u00f0i"]}, {"abbreviation": "EF", "topics": ["efnafr\u00e6\u00f0i framhald"]}, {"abbreviation": "LR", "topics": ["l\u00edfr\u00e6n efnafr\u00e6\u00f0i"]}, {"abbreviation": "LE", "topics": ["l\u00edfefnafr\u00e6\u00f0i"]}, {"abbreviation": "DA", "topics": ["framhald", "\u00f3l\u00edfr\u00e6n efnafr\u00e6\u00f0i"]}, {"abbreviation": "DL", "topics": ["framhald \u00ed l\u00edfr\u00e6nni efnafr\u00e6\u00f0i og l\u00edfefnafr\u00e6\u00f0i"]}, {"abbreviation": "CL", "topics": ["l\u00edfr\u00e6n efnafr\u00e6\u00f0i og l\u00edfefnafr\u00e6\u00f0i"]}, {"abbreviation": "FH", "topics": ["almenn efnafr\u00e6\u00f0i", "grunn\u00e1fangi \u00ed efnafr\u00e6\u00f0i fyrir hug- og f\u00e9lagsv\u00edsindadeild"]}, {"abbreviation": "AM", "topics": ["at\u00f3m", "m\u00f3l og efnahv\u00f6rf. byrjunar\u00e1fangi \u00ed efnafr\u00e6\u00f0i \u00e1 n\u00e1tt\u00faruv\u00edsindabraut"]}, {"abbreviation": "EH", "topics": ["2. \u00e1fangi \u00ed efnafr\u00e6\u00f0i \u00e1 n\u00e1tt\u00faruv\u00edsindabraut", "efnatengi", "hra\u00f0i og orka"]}, {"abbreviation": "JL", "topics": ["3. \u00e1fangi \u00ed efnafr\u00e6\u00f0i \u00e1 n\u00e1tt\u00faruv\u00edsindabraut", "jafnv\u00e6gi", "lofttegundir", "oxun og afoxun"]}, {"abbreviation": "L\u00cd", "topics": ["l\u00edfr\u00e6n- og l\u00edfefnafr\u00e6\u00f0i"]}, {"abbreviation": "CA", "topics": ["almenn efnafr\u00e6\u00f0i", "\u00e1framhald"]}, {"abbreviation": "BA", "topics": ["almenn efnafr\u00e6\u00f0i", "framhald"]}, {"abbreviation": "AK", "topics": ["inngagnur a\u00f0 efnafr\u00e6\u00f0i"]}, {"abbreviation": "IE", "topics": ["inngangur a\u00f0 efnafr\u00e6\u00f0i"]}, {"abbreviation": "FE", "topics": ["framhalds\u00e1fangi \u00ed efnafr\u00e6\u00f0i"]}, {"abbreviation": "LV", "topics": ["lokaverkefni"]}, {"abbreviation": "RL", "topics": ["lotubundnir eiginleikar", "rafefnafr\u00e6\u00f0i og kjarnaefnafr\u00e6\u00f0i"]}, {"abbreviation": "KE", "topics": ["a\u00f0sto\u00f0 vi\u00f0 kennslu 1. bekkjar nema \u00e1 n\u00e1tt\u00faruv\u00edsindabraut. framhalds\u00e1fangi \u00ed efnafr\u00e6\u00f0i \u00e1 n\u00e1tt\u00faruv\u00edsindabraut"]}, {"abbreviation": "EA", "topics": ["byrjunar\u00e1fangi \u00ed efnafr\u00e6\u00f0i \u00e1 n\u00e1tt\u00faruv\u00edsindabraut", "efnasamb\u00f6nd og efnaj\u00f6fnur", "uppbygging at\u00f3ma"]}, {"abbreviation": "EM", "topics": ["efnahv\u00f6rf", "m\u00f3lstyrkur og orka"]}, {"abbreviation": "HE", "topics": ["efnaftengi", "hra\u00f0afr\u00e6\u00f0i og efnafr\u00e6\u00f0i lofttegunda"]}, {"abbreviation": "AA", "topics": ["byrjunar\u00e1fangi \u00ed efnafr\u00e6\u00f0i \u00e1 n\u00e1tt\u00farufr\u00e6\u00f0ibraut"]}, {"abbreviation": "XB", "topics": ["efnahv\u00f6rf", "framhalds\u00e1fangi \u00ed efnafr\u00e6\u00f0i"]}, {"abbreviation": "GE", "topics": ["gasl\u00f6gm\u00e1li\u00f0", "hra\u00f0i efnahvarfa", "orka \u00ed efnahv\u00f6rfum"]}, {"abbreviation": "LM", "topics": ["grunnhugt\u00f6k", "lotukerfi\u00f0", "m\u00f3lhugtaki\u00f0"]}, {"abbreviation": "JA", "topics": ["jafnv\u00e6gi", "\u00f3l\u00edfr\u00e6n efnafr\u00e6\u00f0i"]}, {"abbreviation": "EG", "topics": ["gasl\u00f6gm\u00e1li\u00f0", "hra\u00f0i og orka", "jafnv\u00e6gi", "orka \u00ed efnahv\u00f6rfum"]}, {"abbreviation": "LO", "topics": ["byrjunar\u00e1fangi \u00ed efnafr\u00e6\u00f0i \u00e1 n\u00e1tt\u00farufr\u00e6\u00f0ibraut", "efnasamb\u00f6nd og efnaj\u00f6fnur", "lotukerfi\u00f0", "m\u00f3lhugtaki\u00f0"]}, {"abbreviation": "RA", "topics": ["efnahv\u00f6rf", "rafefnafr\u00e6\u00f0i og kjarnaefnafr\u00e6\u00f0i"]}], "_id": "50c0a02dd8e40575f7f6f4f3", "subjects": ["efnafr\u00e6\u00f0i"], "counter": {"1": 0, "3": 0, "2": 0, "4": 0}}, "evaluation": "Vinnueinkunn og lokapr\u00f3f", "categorization_suggestion": "", "embedded_topics": [{"abbreviation": "EH", "topics": ["2. \u00e1fangi \u00ed efnafr\u00e6\u00f0i \u00e1 n\u00e1tt\u00faruv\u00edsindabraut", "efnatengi", "hra\u00f0i og orka"]}], "status": "approved by school", "description": "\u00cd \u00feessum framhalds\u00e1fanga er haldi\u00f0 \u00e1fram me\u00f0 grunnatri\u00f0i efnafr\u00e6\u00f0innar jafnframt \u00fev\u00ed sem byrja\u00f0 er a\u00f0 byggja ofan \u00e1 fyrri \u00feekkingu. Efnis\u00fe\u00e6ttir sem teknir ver\u00f0a fyrir \u00ed \u00e1fanganum eru: orkuhugtaki\u00f0 almennt og \u00ed tengslum vi\u00f0 efnahv\u00f6rf, skemat\u00edsk framsetning efnatengja og Lewis myndir, hra\u00f0i efnahvarfa og hra\u00f0al\u00f6gm\u00e1li\u00f0, tengi innan og \u00e1 milli sameinda og flokkar l\u00edfr\u00e6nna efna og IUPAC nafnakerfi\u00f0.", "knowledge_goals": ["grunnhugmyndum um orku og l\u00f6gm\u00e1linu um var\u00f0veislu orkunnar", "innri orku og hvarfvarma", "skemat\u00edskri framsetningu tengja, \u00e1ttureglunni og hvernig t\u00e1kna m\u00e1 sameindir \u00ed fleti og teikna Lewis myndir", "hra\u00f0afr\u00e6\u00f0i efnahvarfa og hvarfhra\u00f0a", "tengjum innan sameinda og milli sameinda", "flokkun l\u00edfr\u00e6nna efna og IUPAC nafnakerfinu"], "skills_goals": ["reikna st\u00f6\u00f0u- og hreyfiorku \u00fat fr\u00e1 m\u00e6list\u00e6r\u00f0um, vinna me\u00f0 umbreytingu orku milli orkuforma og nota orku me\u00f0 efnaj\u00f6fnum", "teikna Lewis myndir og nota \u00fe\u00e6r til a\u00f0 finna l\u00edklegustu samsetningu sameindar", "greina \u00e1 milli tengjager\u00f0a innan sameinda og milli sameinda", "finna hra\u00f0al\u00f6gm\u00e1l \u00fat fr\u00e1 tilraunani\u00f0urst\u00f6\u00f0u og nota j\u00f6fnu Arrheniusar", "greina flokka l\u00edfr\u00e6nna efna og gefa efnunum n\u00f6fn samkv\u00e6mt IUPAC nafnakerfinu", "skrifa sk\u00fdrslur um tilraunir"], "credits": 5, "last_modified": 1328008479, "schools": ["512350238caa45ed97015b3f"], "coauthors": [], "instructions": "Kjarna\u00e1fangi \u00e1 n\u00e1tt\u00faruv\u00edsindabraut", "continued_education": false, "level": 2, "prerequisites": "EFNA2A05", "author": "b68f32cf-f5e7-4436-8857-8f510bbb44c9", "abbreviation_version": null, "competence_goals": [["meta hvort ni\u00f0urst\u00f6\u00f0ur \u00fatreikninga og m\u00e6linga s\u00e9u raunh\u00e6far"], ["t\u00falka efnat\u00e1kn og efnaj\u00f6fnur"], ["n\u00fdta h\u00f3pavinnu til a\u00f0 leysa fl\u00f3knari vi\u00f0fangsefni"], ["s\u00fdna sj\u00e1lfst\u00e6\u00f0i \u00ed vinnubr\u00f6g\u00f0um"], ["setja ni\u00f0urst\u00f6\u00f0ur \u00far verklegum \u00e6fingum fram \u00e1 sk\u00fdran h\u00e1tt"], ["tengja efnafr\u00e6\u00f0ina vi\u00f0 daglegt l\u00edf og umhverfi \u00ed auknum m\u00e6li"]], "_id": "51265b3d62933a77194c924b"}, {"exemplary": null, "topics": "grunnor\u00f0afor\u00f0i fr\u00e6\u00f0a og v\u00edsinda.. menningarheimur nor\u00f0ur amer\u00edku", "abbreviation": "ENSK2OF05", "former_schools": ["512350238caa45ed97015b3f"], "subject": "enska", "title": "Grunnor\u00f0afor\u00f0i fr\u00e6\u00f0a og v\u00edsinda. menningarheimur nor\u00f0ur amer\u00edku. 2. \u00e1fangi \u00ed ensku.", "version": 6, "status_trans": "Sam\u00feykkt af sk\u00f3la", "embedded_subject": {"abbreviation": "ENSK", "topics": [{"abbreviation": "GS", "topics": ["grunnatri\u00f0i", "samt\u00f6l"]}, {"abbreviation": "OO", "topics": ["or\u00f0ab\u00f3k", "or\u00f0afor\u00f0i"]}, {"abbreviation": "MM", "topics": ["myndas\u00f6gur", "myndb\u00f6nd"]}, {"abbreviation": "TL", "topics": ["lagatextar", "t\u00f3nlist"]}, {"abbreviation": "FR", "topics": ["ferilsverkefni", "ritunarverkefni"]}, {"abbreviation": "TS", "topics": ["myndm\u00e1l", "ritger\u00f0", "st\u00edlar", "textar"]}, {"abbreviation": "RH", "topics": ["hlustun", "m\u00e1lnotkun", "undirst\u00f6\u00f0uatri\u00f0i \u00ed ritun"]}, {"abbreviation": "SM", "topics": ["m\u00fas\u00edk og myndir 1950-70", "s\u00f6gur"]}, {"abbreviation": "BR", "topics": ["bretland"]}, {"abbreviation": "K\u00c1", "topics": ["kanada", "\u00e1stral\u00eda og n\u00fdja sj\u00e1land"]}, {"abbreviation": "SB", "topics": ["shakespeare og 19. \u00f6ldin \u00ed b\u00f3kmenntum"]}, {"abbreviation": "B\u00d3", "topics": ["b\u00f3kmenntir 20. aldar"]}, {"abbreviation": "KV", "topics": ["kvikmynda\u00e1fangi"]}, {"abbreviation": "AB", "topics": ["afr\u00edsk-amer\u00edskar b\u00f3kmenntir"]}, {"abbreviation": "U\u00c1", "topics": ["undirb\u00faningur", "\u00e1fangi"]}, {"abbreviation": "MT", "topics": ["m\u00e1lfr\u00e6\u00f0i", "tj\u00e1ning"]}, {"abbreviation": "MS", "topics": ["menning", "skapandi skrif"]}, {"abbreviation": "KR", "topics": ["kvikmyndir", "ritun"]}, {"abbreviation": "HR", "topics": ["heimildavinna", "ritger\u00f0ir"]}, {"abbreviation": "FF", "topics": ["fagm\u00e1l", "f\u00e9lagsv\u00edsinda"]}, {"abbreviation": "VE", "topics": ["enska", "vi\u00f0skipta"]}, {"abbreviation": "RE", "topics": ["enska", "raungreinar"]}, {"abbreviation": "BM", "topics": ["b\u00f3kmenntir", "m\u00e1lsaga"]}, {"abbreviation": "LB", "topics": ["b\u00f3kmenntir", "leik"]}, {"abbreviation": "UP", "topics": ["pr\u00f3f", "undirb\u00faningur"]}, {"abbreviation": "EN", "topics": ["enska fyrir fer\u00f0agreinar"]}, {"abbreviation": "FE", "topics": ["enska fyrir fer\u00f0a\u00fej\u00f3nustu"]}, {"abbreviation": "ST", "topics": ["evr\u00f3pski tungum\u00e1laramminn", "stig b1-b2"]}, {"abbreviation": "SE", "topics": ["evr\u00f3pski tungum\u00e1laramminn", "stig b2"]}, {"abbreviation": "ES", "topics": ["evr\u00f3pski tungum\u00e1laramminn", "stig b2-c1"]}, {"abbreviation": "EV", "topics": ["evr\u00f3pski tungum\u00e1laramminn", "stig c1"]}, {"abbreviation": "BF", "topics": ["b2", "evr\u00f3pski tungum\u00e1laramminn", "fer\u00f0a\u00fej\u00f3nuta"]}, {"abbreviation": "FH", "topics": ["evr\u00f3pski tungum\u00e1laramminn", "framhald", "stig c1"]}, {"abbreviation": "GR", "topics": ["grunn\u00e1fangi"]}, {"abbreviation": "FG", "topics": ["enska fyrir matv\u00e6lagreinar"]}, {"abbreviation": "LS", "topics": ["lestur", "m\u00e1lfr\u00e6\u00f0i", "or\u00f0afor\u00f0i", "skilningur"]}, {"abbreviation": "LT", "topics": ["lestur", "or\u00f0afor\u00f0i", "talm\u00e1l"]}, {"abbreviation": "BL", "topics": ["b\u00f3kmenntir", "lesskilningur", "ritun"]}, {"abbreviation": "BS", "topics": ["b\u00f3kmenntir", "menning", "saga"]}, {"abbreviation": "HA", "topics": ["hagn\u00fdtur or\u00f0afor\u00f0i. l\u00e6si \u00e1 fl\u00f3knari texta."]}, {"abbreviation": "OF", "topics": ["grunnor\u00f0afor\u00f0i fr\u00e6\u00f0a og v\u00edsinda.. menningarheimur nor\u00f0ur amer\u00edku"]}, {"abbreviation": "UN", "topics": ["undirb\u00fanings\u00e1fangi \u00ed ensku"]}, {"abbreviation": "LM", "topics": ["lestur og menning", "tj\u00e1ning"]}, {"abbreviation": "TM", "topics": ["menning", "tj\u00e1ning og skapandi skrif"]}, {"abbreviation": "MB", "topics": ["b\u00f3kmenntir", "menning og ritun"]}, {"abbreviation": "EX", "topics": ["extensive vocabulary and expression"]}, {"abbreviation": "ML", "topics": ["m\u00e1lnotkun og l\u00e6si"]}, {"abbreviation": "AA", "topics": ["akadem\u00edskur or\u00f0afor\u00f0i", "fj\u00f6lbreyttir textar", "fyrsti \u00e1fangi \u00ed ensku."]}, {"abbreviation": "YN", "topics": ["yndislestur"]}, {"abbreviation": "BB", "topics": ["akadem\u00edskur or\u00f0afor\u00f0i", "annar \u00e1fangi \u00ed ensku.", "fj\u00f6lbreyttir textar"]}, {"abbreviation": "FA", "topics": ["fagor\u00f0afor\u00f0i"]}, {"abbreviation": "AH", "topics": ["akadem\u00edskur or\u00f0afor\u00f0i", "fj\u00f6lbreyttir textar. hra\u00f0fer\u00f0 \u00ed ensku."]}, {"abbreviation": "BH", "topics": ["akadem\u00edskur or\u00f0afor\u00f0i", "fj\u00f6lbreyttir textar. \u00f6nnur hra\u00f0fer\u00f0 \u00ed ensku."]}, {"abbreviation": "EE", "topics": ["b\u00f3kmenntir", "fj\u00f6lmi\u00f0latextar."]}, {"abbreviation": "LR", "topics": ["lestur", "ritun", "tj\u00e1ning og hlustun"]}, {"abbreviation": "DD", "topics": ["b\u00f3kmenntir"]}, {"abbreviation": "M\u00c1", "topics": ["m\u00e1lfr\u00e6\u00f0i a"]}, {"abbreviation": "CC", "topics": ["b\u00f3kmenntir", "krefjandi or\u00f0afor\u00f0i", "ritun"]}, {"abbreviation": "CH", "topics": ["krefjandi or\u00f0afor\u00f0i"]}, {"abbreviation": "L\u00c9", "topics": ["l\u00e9ttlestur"]}, {"abbreviation": "OH", "topics": ["hlustun", "or\u00f0afor\u00f0i", "talm\u00e1l og ritun"]}, {"abbreviation": "LO", "topics": ["lesskilningur", "m\u00e1lfr\u00e6\u00f0i", "or\u00f0afor\u00f0i"]}, {"abbreviation": "MO", "topics": ["m\u00e1lfr\u00e6\u00f0i", "or\u00f0afor\u00f0i", "stig b1 \u00ed evr\u00f3pska tungum\u00e1larammanum"]}, {"abbreviation": "OB", "topics": ["b\u00f3kmenntir", "or\u00f0afor\u00f0i", "stig b2 \u00ed evr\u00f3pska tungum\u00e1larammanum"]}, {"abbreviation": "RB", "topics": ["b\u00f3kmenntir", "ritun"]}, {"abbreviation": "RL", "topics": ["lestur", "m\u00e1lfr\u00e6\u00f0i", "ritun og or\u00f0afor\u00f0i"]}, {"abbreviation": "SG", "topics": ["Lestur", "m\u00e1lfr\u00e6\u00f0i", "or\u00f0afor\u00f0i", "ritun", "tal"]}, {"abbreviation": "RM", "topics": ["Ritun", "b\u00f3kmenntir", "m\u00e1lnotkun"]}, {"abbreviation": "RO", "topics": ["Ritun", "b\u00f3kmenntir", "menning", "or\u00f0afor\u00f0i"]}, {"abbreviation": "SR", "topics": ["Menning", "akadem\u00edskur or\u00f0afor\u00f0i", "ritun", "saga"]}, {"abbreviation": "AE", "topics": ["Almenn akadem\u00edsk enska", "b\u00f3kmenntir", "ritun"]}, {"abbreviation": "SA", "topics": ["S\u00e9rh\u00e6f\u00f0 akadem\u00edsk enska", "b\u00f3kmenntir", "ritun"]}, {"abbreviation": "VR", "topics": ["V\u00edsindaor\u00f0afor\u00f0i", "raungreinar"]}, {"abbreviation": "VH", "topics": ["Vi\u00f0skipti", "erlend samskipti og vi\u00f0skiptah\u00e6ttir"]}, {"abbreviation": "AK", "topics": ["Kennsla", "a\u00f0sto\u00f0 vi\u00f0 nemendur", "ger\u00f0 kennsluefnis"]}, {"abbreviation": "DF", "topics": ["Kvikmyndir. Film Course."]}, {"abbreviation": "SK", "topics": ["enska fyrir fer\u00f0a\u00fej\u00f3nustu", "skapandi skrif"]}, {"abbreviation": "FT", "topics": ["lestur fr\u00e6\u00f0ilegra texta"]}, {"abbreviation": "VT", "topics": ["Lestur enskra vi\u00f0skiptatexta"]}, {"abbreviation": "RT", "topics": ["Lestur enskra raunv\u00edsindatexta"]}, {"abbreviation": "\u00cdT", "topics": ["Lestur \u00ed\u00fer\u00f3ttafr\u00e6\u00f0ilegra texta"]}, {"abbreviation": "TO", "topics": ["Tolkien"]}, {"abbreviation": "RI", "topics": ["Ritun"]}, {"abbreviation": "HL", "topics": ["Hlustun"]}, {"abbreviation": "UE", "topics": ["Undirb\u00fanings\u00e1fangi \u00ed ensku"]}, {"abbreviation": "UH", "topics": ["Undirb\u00faningur fyrir h\u00e1sk\u00f3lan\u00e1m"]}, {"abbreviation": "TJ", "topics": ["Tj\u00e1ning"]}, {"abbreviation": "OM", "topics": ["Or\u00f0afor\u00f0i", "m\u00e1lfr\u00e6\u00f0i", "m\u00e1lnotkun"]}, {"abbreviation": "TF", "topics": ["tj\u00e1ning og m\u00e1lnotkun"]}, {"abbreviation": "AM", "topics": ["Fr\u00e6\u00f0ilegur or\u00f0afor\u00f0i og Bandar\u00edkin"]}, {"abbreviation": "UK", "topics": ["Fr\u00e6\u00f0ilegur or\u00f0afor\u00f0i og Bretland"]}, {"abbreviation": "AC", "topics": ["Akadem\u00edskur or\u00f0afor\u00f0i og rauntextar"]}, {"abbreviation": "SL", "topics": ["Lestur", "menning og skrif"]}, {"abbreviation": "KK", "topics": ["Kvikmyndir og kynning"]}, {"abbreviation": "BA", "topics": ["L\u00fdsing: B\u00f3kmenntir 19. og 20.", "skrif og r\u00e6\u00f0uger\u00f0"]}, {"abbreviation": "OT", "topics": ["Or\u00f0afor\u00f0i", "ritun", "tj\u00e1ning"]}, {"abbreviation": "VM", "topics": ["V\u00edsindi og menning"]}, {"abbreviation": "BT", "topics": ["Bandar\u00edskt \u00fej\u00f3\u00f0f\u00e9lag og menning"]}], "_id": "50c0a02dd8e40575f7f6f488", "subjects": ["enska"], "counter": {"1": 4, "3": 2, "2": 7, "4": 0}}, "evaluation": "S\u00edmats\u00e1fangi en lokapr\u00f3f fyrir \u00fe\u00e1 sem n\u00e1 ekki l\u00e1gmarks\u00e1rangri", "categorization_suggestion": "", "embedded_topics": [{"abbreviation": "OF", "topics": ["grunnor\u00f0afor\u00f0i fr\u00e6\u00f0a og v\u00edsinda.. menningarheimur nor\u00f0ur amer\u00edku"]}], "status": "approved by school", "description": "\u00c1hersla er l\u00f6g\u00f0 \u00e1 a\u00f0 nemendur ver\u00f0i vel l\u00e6sir \u00e1 fl\u00f3knari texta en \u00e1\u00f0ur. \u00deeir ver\u00f0a \u00fej\u00e1lfa\u00f0ir \u00ed a\u00f0 tileinka s\u00e9r grunnor\u00f0afor\u00f0a v\u00edsinda og fr\u00e6\u00f0a, tj\u00e1 hugsun s\u00edna sk\u00fdrt \u00ed r\u00e6\u00f0u og riti og r\u00f6ksty\u00f0ja sko\u00f0anir s\u00ednar. \u00c1hersla er l\u00f6g\u00f0 \u00e1 vandlegan lestur texta me\u00f0 \u00fea\u00f0 fyrir augum a\u00f0 byggja upp virkan og hagn\u00fdtan or\u00f0afor\u00f0a. Nemendur kynnast menningarheimi Nor\u00f0ur-Amer\u00edku, fjalla\u00f0 ver\u00f0ur um bandar\u00edskt samf\u00e9lag, venjur og si\u00f0i. \u00cd tengslum vi\u00f0 \u00fea\u00f0 ver\u00f0ur unni\u00f0 me\u00f0 bandar\u00edsk b\u00f3kmenntaverk, kvikmyndir, heimildamyndir o.fl. sem t\u00falka\u00f0 ver\u00f0ur \u00fat fr\u00e1 menningarlegu samhengi.  Nemendur vinna \u00ed auknum m\u00e6li sj\u00e1lfst\u00e6tt a\u00f0 st\u00e6rri ritunarverkefnum og vi\u00f0ameiri verkefnum svo sem kynningum \u00e1 \u00feematengdu efni sem fela \u00ed s\u00e9r \u00f6flun uppl\u00fdsinga \u00e1 b\u00f3kasafni og af neti.  \r\n\r\n", "knowledge_goals": ["helstu menningarsv\u00e6\u00f0um \u00fear sem tungum\u00e1li\u00f0 er nota\u00f0 sem m\u00f3\u00f0urm\u00e1l e\u00f0a fyrsta m\u00e1l", "\u00f3l\u00edkum vi\u00f0horfum og gildum og hvernig \u00feau m\u00f3ta menninguna \u00ed \u00feeim l\u00f6ndum \u00fear sem tungum\u00e1li\u00f0 er nota\u00f0", "\u00feverfaglegum or\u00f0afor\u00f0a til markvissrar notkunar \u00ed n\u00e1mi \u00e1 h\u00e1sk\u00f3lastigi", "rithef\u00f0um sem vi\u00f0 eiga \u00ed textasm\u00ed\u00f0, m.a. um inngang me\u00f0 efnisyr\u00f0ingu, meginm\u00e1l me\u00f0 vel afm\u00f6rku\u00f0um efnisgreinum og ni\u00f0urlag", "mismunandi afst\u00f6\u00f0u og t\u00falkun b\u00f3kmenntah\u00f6funda og d\u00fdpri merkingu texta"], "skills_goals": ["lesa fj\u00f6lbreyttar ger\u00f0ir texta, b\u00e6\u00f0i fr\u00e6\u00f0ilega og b\u00f3kmenntalega", "beita \u00feeim lestrara\u00f0fer\u00f0um sem vi\u00f0 eiga eftir ger\u00f0 texta e\u00f0a vi\u00f0fangsefnis", "greina og skilja m\u00e1lfarsmun \u00e1 mismunandi m\u00e1lsv\u00e6\u00f0um", "tj\u00e1 sig munnlega sk\u00fdrt og hn\u00f6kralaust um m\u00e1lefni sem hann hefur kynnt s\u00e9r", "tj\u00e1 sig skriflega b\u00e6\u00f0i \u00e1 formlegan og \u00f3formlegan h\u00e1tt"], "credits": 5, "last_modified": 1323252309, "schools": [], "coauthors": [], "instructions": "Kjarna\u00e1fangi \u00e1 \u00f6llum brautum", "continued_education": false, "level": 2, "prerequisites": "ENSK2HA05", "author": "b68f32cf-f5e7-4436-8857-8f510bbb44c9", "abbreviation_version": null, "competence_goals": [["skilja daglegt m\u00e1l, fj\u00f6lmi\u00f0laefni, inntak erinda, fr\u00e6\u00f0igreinar og anna\u00f0 fl\u00f3knara efni"], ["taka \u00fe\u00e1tt \u00ed sko\u00f0anaskiptum, f\u00e6ra r\u00f6k fyrir m\u00e1li s\u00ednu og svara m\u00f3tb\u00e1rum og gagnr\u00f6kum \u00e1 vi\u00f0eigandi h\u00e1tt"], ["tj\u00e1 sig sk\u00fdrt, lipurlega og bla\u00f0alaust fyrir \u00e1heyrendum um s\u00e9rvali\u00f0 efni sem hann hefur kynnt s\u00e9r"], ["skrifa formlegan og \u00f3formlegan texta og beita rithef\u00f0um sem vi\u00f0 eiga \u00ed textasm\u00ed\u00f0"], ["n\u00fdta n\u00fdjan or\u00f0afor\u00f0a \u00ed r\u00e6\u00f0u og riti"]], "_id": "51265b3d62933a77194c91bd"}, {"exemplary": null, "topics": "grunn\u00e1fangi \u00e1 n\u00e1tt\u00faruv\u00edsindabraut", "abbreviation": "ST\u00c6R2GN05", "former_schools": ["512350238caa45ed97015b3f"], "subject": "st\u00e6r\u00f0fr\u00e6\u00f0i", "title": "Grunn\u00e1fangi \u00e1 n\u00e1tt\u00faruv\u00edsindabraut", "version": 7, "status_trans": "Sam\u00feykkt af sk\u00f3la", "embedded_subject": {"abbreviation": "ST\u00c6R", "topics": [{"abbreviation": "FN", "topics": ["fylkjareikningur", "l\u00ednuleg bestun", "netafr\u00e6\u00f0i"]}, {"abbreviation": "HR", "topics": ["heildun", "ra\u00f0ir", "runur", "r\u00famm\u00e1l sn\u00fa\u00f0s"]}, {"abbreviation": "DF", "topics": ["deildun", "f\u00f6ll", "markgildi"]}, {"abbreviation": "TD", "topics": ["deildaj\u00f6fnur", "tvinnt\u00f6lur"]}, {"abbreviation": "HV", "topics": ["hornaf\u00f6ll", "vigrar"]}, {"abbreviation": "T\u00c1", "topics": ["t\u00f6lfr\u00e6\u00f0i", "\u00e1lyktunart\u00f6lfr\u00e6\u00f0i"]}, {"abbreviation": "LT", "topics": ["l\u00edkindareikningur", "talningafr\u00e6\u00f0i", "t\u00f6lfr\u00e6\u00f0i"]}, {"abbreviation": "AT", "topics": ["algebra", "j\u00f6fnur", "talnafr\u00e6\u00f0i"]}, {"abbreviation": "AF", "topics": ["algebra", "f\u00f6ll", "gr\u00f6f"]}, {"abbreviation": "HM", "topics": ["h\u00e1t\u00ed\u00f0isdagar", "merkisdagar"]}, {"abbreviation": "GS", "topics": ["grunna\u00f0ger\u00f0ir"]}, {"abbreviation": "VG", "topics": ["grunna\u00f0ger\u00f0ir", "ver\u00f0\u00fatreikningar"]}, {"abbreviation": "MU", "topics": ["m\u00e6lieiningar", "uppskriftir"]}, {"abbreviation": "HP", "topics": ["heimilisinnkaup"]}, {"abbreviation": "RD", "topics": ["d\u00e6mareikningur", "r\u00f6khugsun"]}, {"abbreviation": "VK", "topics": ["keilusni\u00f0", "vigrar"]}, {"abbreviation": "AL", "topics": ["algebra"]}, {"abbreviation": "HA", "topics": ["hagn\u00fdt st\u00e6r\u00f0fr\u00e6\u00f0i daglegs l\u00edfs"]}, {"abbreviation": "AX", "topics": ["f\u00f6ll og deildun"]}, {"abbreviation": "AN", "topics": ["hornafr\u00e6\u00f0i", "keilusni\u00f0", "vigrar"]}, {"abbreviation": "CT", "topics": ["t\u00f6lfr\u00e6\u00f0i og l\u00edkindafr\u00e6\u00f0i"]}, {"abbreviation": "BR", "topics": ["klass\u00edsk r\u00famfr\u00e6\u00f0i"]}, {"abbreviation": "BH", "topics": ["algebra", "b", "h", "margli\u00f0ur og fleygbogar"]}, {"abbreviation": "GN", "topics": ["grunn\u00e1fangi \u00e1 n\u00e1tt\u00faruv\u00edsindabraut"]}, {"abbreviation": "LH", "topics": ["hornaf\u00f6ll og vigrar o.fl.", "lotubundin f\u00f6ll"]}, {"abbreviation": "FH", "topics": ["grunn\u00e1fangi \u00e1 f\u00e9lags- og hugv\u00edsindabraut"]}, {"abbreviation": "T\u00d6", "topics": ["undirst\u00f6\u00f0uatri\u00f0i t\u00f6lfr\u00e6\u00f0i"]}, {"abbreviation": "VH", "topics": ["hornf\u00f6ll", "vigrar o.fl."]}, {"abbreviation": "FD", "topics": ["algengustu f\u00f6ll", "deildun \u00feeirra og helstu eiginleikar"]}, {"abbreviation": "\u00deR", "topics": ["\u00fer\u00edv\u00ed\u00f0 r\u00famfr\u00e6\u00f0i"]}, {"abbreviation": "SS", "topics": ["strj\u00e1l st\u00e6r\u00f0fr\u00e6\u00f0i"]}, {"abbreviation": "TF", "topics": ["\u00e1lyktunart\u00f6lfr\u00e6\u00f0i"]}, {"abbreviation": "UA", "topics": ["a", "upprifjun"]}, {"abbreviation": "UB", "topics": ["b", "undirb\u00faningur"]}, {"abbreviation": "HS", "topics": ["hagn\u00fdt", "st\u00e6r\u00f0fr\u00e6\u00f0i"]}, {"abbreviation": "TS", "topics": ["st\u00e6r\u00f0fr\u00e6\u00f0i", "t\u00f6luleg"]}, {"abbreviation": "AJ", "topics": ["algebra", "j\u00f6fnur"]}, {"abbreviation": "FJ", "topics": ["f\u00f6ll", "j\u00f6fnur"]}, {"abbreviation": "TL", "topics": ["l\u00edkindareikningur", "t\u00f6lfr\u00e6\u00f0i"]}, {"abbreviation": "DH", "topics": ["deildarj\u00f6fnur", "heildi"]}, {"abbreviation": "FA", "topics": ["aflei\u00f0ur", "ferlaranns\u00f3knir"]}, {"abbreviation": "RT", "topics": ["ranns\u00f3knir", "t\u00f6lfr\u00e6\u00f0i"]}, {"abbreviation": "Y\u00c1", "topics": ["yfirlit", "\u00e1fangi"]}, {"abbreviation": "SG", "topics": ["greining", "st\u00e6r\u00f0fr\u00e6\u00f0i"]}, {"abbreviation": "GR", "topics": ["grunn\u00e1fangi \u00ed st\u00e6r\u00f0fr\u00e6\u00f0i"]}, {"abbreviation": "MF", "topics": ["f\u00f6ll", "margli\u00f0ur"]}, {"abbreviation": "HO", "topics": ["hornafr\u00e6\u00f0i", "vigrar"]}, {"abbreviation": "DM", "topics": ["deildun", "markgildi"]}, {"abbreviation": "RH", "topics": ["heildun", "ra\u00f0ir", "runur"]}, {"abbreviation": "FT", "topics": ["brei\u00f0bogaf\u00f6ll", "fylkjareikningur", "tvinnt\u00f6lur"]}, {"abbreviation": "D\u00c6", "topics": ["d\u00e6gurd\u00e6mi"]}, {"abbreviation": "R\u00da", "topics": ["r\u00famfr\u00e6\u00f0i", "\u00fer\u00edv\u00eddd"]}, {"abbreviation": "D\u00d3", "topics": ["deildi", "\u00f3bein deildun. heildi og heildunara\u00f0fer\u00f0ir. fyrsta stigs deildaj\u00f6fnur."]}, {"abbreviation": "HT", "topics": ["2. stigs diffurj\u00f6fnur . runur og ra\u00f0ir", "hagn\u00fdting heildareiknings", "samleitnipr\u00f3f.", "tvinnt\u00f6lur"]}, {"abbreviation": "AG", "topics": ["r\u00famfr\u00e6\u00f0i", "t\u00f6lur og algebra"]}, {"abbreviation": "UN", "topics": ["undirb\u00fanings\u00e1fangi \u00ed st\u00e6r\u00f0fr\u00e6\u00f0i"]}, {"abbreviation": "FS", "topics": ["f\u00f6ll og r\u00f6kfr\u00e6\u00f0i", "st\u00e6r\u00f0fr\u00e6\u00f0i \u2013 talnafr\u00e6\u00f0i"]}, {"abbreviation": "L\u00c6", "topics": ["l\u00edkindafr\u00e6\u00f0i og fj\u00e1rm\u00e1lal\u00e6si", "t\u00f6lfr\u00e6\u00f0i"]}, {"abbreviation": "LE", "topics": ["t\u00f6lvugraf\u00edk og t\u00f6lvuleikir"]}, {"abbreviation": "BN", "topics": ["algebra", "b", "margli\u00f0ur og fleygbogar", "n"]}, {"abbreviation": "BX", "topics": ["algebra", "b", "fleygbogar", "lograr", "x"]}, {"abbreviation": "AH", "topics": ["algebra", "f\u00f6ll", "hornafr\u00e6\u00f0i", "margli\u00f0ur", "mengi"]}, {"abbreviation": "AR", "topics": ["algebra", "r\u00famfr\u00e6\u00f0i"]}, {"abbreviation": "JM", "topics": ["t\u00f6lur mengi  j\u00f6fnur r\u00f6kfr\u00e6\u00f0i talningarfr\u00e6\u00f0i"]}, {"abbreviation": "VI", "topics": ["vigrar hornaf\u00f6ll f\u00f6ll"]}, {"abbreviation": "DR", "topics": ["deildarj\u00f6fnu", "heildun", "runur og ra\u00f0ir"]}, {"abbreviation": "DE", "topics": ["deildun"]}, {"abbreviation": "HD", "topics": ["deildaj\u00f6fnun", "heildun", "ra\u00f0ir", "runur"]}, {"abbreviation": "HE", "topics": ["1.stigs deildarj\u00f6fnur.", "heildun", "runur og ra\u00f0ir"]}, {"abbreviation": "RF", "topics": ["r\u00famfr\u00e6\u00f0i"]}, {"abbreviation": "FO", "topics": ["forn\u00e1ms\u00e1fangi"]}, {"abbreviation": "AP", "topics": ["algengar reiknia\u00f0ger\u00f0ir", "peningar og m\u00e6lieiningar", "t\u00edmat\u00e1kn"]}, {"abbreviation": "SF", "topics": ["Forn\u00e1m \u00ed st\u00e6r\u00f0fr\u00e6\u00f0i"]}, {"abbreviation": "BB", "topics": ["Forn\u00e1m 2"]}, {"abbreviation": "RA", "topics": ["Algebra", "f\u00f6ll", "r\u00famfr\u00e6\u00f0i", "t\u00f6lfr\u00e6\u00f0i"]}, {"abbreviation": "L\u00c1", "topics": ["l\u00fdsandi t\u00f6lfr\u00e6\u00f0i", "t\u00f6flureiknir", "\u00e1lyktunart\u00f6lfr\u00e6\u00f0i"]}, {"abbreviation": "TJ", "topics": ["Almennur talnareikningur", "form\u00falur", "j\u00f6fnur", "pr\u00f3sentur"]}, {"abbreviation": "JH", "topics": ["J\u00f6fnur", "hlutf\u00f6ll", "hnitakerfi\u00f0", "talname\u00f0fer\u00f0"]}, {"abbreviation": "RV", "topics": ["hornafr\u00e6\u00f0i \u00fer\u00edhyrnings", "hornaf\u00f6ll", "vigrar"]}, {"abbreviation": "DT", "topics": ["deildaj\u00f6fnur", "heildi", "samleitni", "tvinnt\u00f6lur"]}, {"abbreviation": "DS", "topics": ["deildaj\u00f6fnur", "samleitni", "tvinnt\u00f6lur"]}, {"abbreviation": "\u00deV", "topics": ["keilusni\u00f0", "vigrar", "\u00fer\u00edv\u00ed\u00f0 r\u00famfr\u00e6\u00f0i"]}, {"abbreviation": "FG", "topics": ["algebra", "f\u00f6ll", "gr\u00f6f", "veldi og r\u00e6tur"]}, {"abbreviation": "CX", "topics": ["f\u00f6ll og deildun fyri M\u00c1L og F\u00c9L"]}, {"abbreviation": "A\u00de", "topics": ["a", "\u00ferautalausnir"]}, {"abbreviation": "C\u00de", "topics": ["\u00derautalausnir"]}, {"abbreviation": "DN", "topics": ["algebra", "margli\u00f0ur og fleygbogar"]}, {"abbreviation": "UT", "topics": ["t\u00f6lfr\u00e6\u00f0i"]}, {"abbreviation": "OJ", "topics": ["t\u00f6lugildi og j\u00f6fnuhneppi", "\u00f3j\u00f6fnur"]}, {"abbreviation": "RG", "topics": ["R\u00famfr\u00e6\u00f0i me\u00f0 GeoGebru"]}, {"abbreviation": "HG", "topics": ["hagn\u00fdt st\u00e6r\u00f0fr\u00e6\u00f0i"]}, {"abbreviation": "AA", "topics": ["algengar reiknia\u00f0ger\u00f0ir"]}, {"abbreviation": "HL", "topics": ["Heildun"]}, {"abbreviation": "FM", "topics": ["F\u00f6ll", "markgildi og deildun algengustu falla"]}, {"abbreviation": "SH", "topics": ["St\u00e6r\u00f0fr\u00e6\u00f0igreining", "deildaj\u00f6fnur", "heildun", "runur og ra\u00f0ir"]}, {"abbreviation": "MA", "topics": ["Mengi", "algebra"]}, {"abbreviation": "HK", "topics": ["Hornaf\u00f6ll", "keilusni\u00f0", "vigrar"]}, {"abbreviation": "RM", "topics": ["R\u00famfr\u00e6\u00f0i"]}, {"abbreviation": "AB", "topics": ["almenn brot"]}, {"abbreviation": "RR", "topics": ["Hagn\u00fdting heildareiknings", "runur og ra\u00f0ir"]}, {"abbreviation": "HB", "topics": ["Hnit og b\u00f3kstafareikningur"]}, {"abbreviation": "RU", "topics": ["R\u00famfr\u00e6\u00f0i og hornaf\u00f6ll"]}], "_id": "50c0a02dd8e40575f7f6f490", "subjects": ["st\u00e6r\u00f0fr\u00e6\u00f0i"], "counter": {"1": 0, "3": 3, "2": 5, "4": 0}}, "evaluation": "Lokapr\u00f3f og vinnueinkunn", "categorization_suggestion": "", "embedded_topics": [{"abbreviation": "GN", "topics": ["grunn\u00e1fangi \u00e1 n\u00e1tt\u00faruv\u00edsindabraut"]}], "status": "approved by school", "description": "Mengjareikningur, 2. stigs j\u00f6fnur og fleygbogar, r\u00f6kfr\u00e6\u00f0i og talningarfr\u00e6\u00f0i. Margli\u00f0ur og \u00f3j\u00f6fnur, veldi og r\u00e6tur. F\u00f6ll og gr\u00f6f. R\u00famfr\u00e6\u00f0i og hornafr\u00e6\u00f0i.", "knowledge_goals": ["einf\u00f6ldum mengjareikningi og Vennmyndum", "deilanleika og frum\u00fe\u00e1ttun talna, lotutugabrotum, n\u00e1tt\u00farulegum t\u00f6lum, heilum t\u00f6lum, r\u00e6\u00f0um t\u00f6lum, raunt\u00f6lum og bilum \u00e1 rauntalna\u00e1snum", "undirst\u00f6\u00f0ureglum talna- og b\u00f3kstafareiknings og algildi", "j\u00f6fnum af fyrsta og \u00f6\u00f0ru stigi og \u00f3j\u00f6fnum", "veldum, r\u00f3tum og veldareglum", "margli\u00f0um; \u00fe\u00e1ttun, n\u00fallst\u00f6\u00f0vum og deilingu \u00feeirra", "beinum l\u00ednum og fleygbogum og skur\u00f0punktum grafa", "fallhugtakinu, formengi falls og varpmengi", "r\u00famfr\u00e6\u00f0i \u00ed fleti og \u00ed hnitakerfi, einsl\u00f6gun og hornafr\u00e6\u00f0i"], "skills_goals": ["nota mengi og Vennmyndir til a\u00f0 leysa verkefni", "me\u00f0h\u00f6ndla t\u00f6lur og talnamengi", "leysa j\u00f6fnur og \u00f3j\u00f6fnur", "beita veldareglum og me\u00f0h\u00f6ndla r\u00e6tur og brotna veldisv\u00edsa", "me\u00f0h\u00f6ndla f\u00f6ll og gr\u00f6f", "leysa r\u00famfr\u00e6\u00f0ileg vandam\u00e1l"], "credits": 5, "last_modified": 1323784172, "schools": [], "coauthors": [], "instructions": "Kjarna\u00e1fangi \u00e1 n\u00e1tt\u00faruv\u00edsindabraut", "continued_education": false, "level": 2, "prerequisites": "Engar", "author": "b68f32cf-f5e7-4436-8857-8f510bbb44c9", "abbreviation_version": null, "competence_goals": [["skr\u00e1 lausnir s\u00ednar skipulega, skiptast \u00e1 sko\u00f0unum vi\u00f0 a\u00f0ra um \u00fe\u00e6r og \u00fatsk\u00fdra hugmyndir s\u00ednar og verk skilmerkilega \u00e1 vi\u00f0eigandi h\u00e1tt"], ["\u00e1tta sig \u00e1 tengslum \u00f3l\u00edkra a\u00f0fer\u00f0a vi\u00f0 framsetningu st\u00e6r\u00f0fr\u00e6\u00f0ilegra hugmynda og vi\u00f0fangsefna"], ["skilja merkingu og tengsl hugtaka \u00ed n\u00e1msefninu og vinna me\u00f0 \u00feau"], ["geta fylgt og skili\u00f0 r\u00f6ksemdir og r\u00f6ksamhengi \u00ed m\u00e6ltu m\u00e1li og texta, \u00fear me\u00f0 taldar sannanir \u00ed n\u00e1msefni"], ["beita skipulegum a\u00f0fer\u00f0um vi\u00f0 a\u00f0 leysa \u00far vi\u00f0fangsefnum og \u00ferautum, s. s. \u00fat fr\u00e1 \u00feekkingu \u00e1 lausnum svipa\u00f0ra \u00ferauta, unni\u00f0 til baka fr\u00e1 \u00feekktum st\u00e6r\u00f0um e\u00f0a me\u00f0 \u00fev\u00ed a\u00f0 setja upp j\u00f6fnur "]], "_id": "51265b3d62933a77194c91dc"}, {"exemplary": null, "topics": "grunn\u00e1fangi \u00ed e\u00f0lisfr\u00e6\u00f0i \u00e1 n\u00e1tt\u00faruv\u00edsindabraut", "abbreviation": "E\u00d0LI2GR05", "former_schools": ["512350238caa45ed97015b3f"], "subject": "e\u00f0lisfr\u00e6\u00f0i", "title": "Grunn\u00e1fangi \u00ed e\u00f0lisfr\u00e6\u00f0i \u00e1 n\u00e1tt\u00faruv\u00edsindabraut.", "version": 4, "status_trans": "Sam\u00feykkt af sk\u00f3la", "embedded_subject": {"abbreviation": "E\u00d0LI", "topics": [{"abbreviation": "HK", "topics": ["hreyfing", "kraftar"]}, {"abbreviation": "SG", "topics": ["geislun", "mannsl\u00edkaminn", "sn\u00faningur"]}, {"abbreviation": "RR", "topics": ["rafsegulfr\u00e6\u00f0i og rennsli v\u00f6kva og lofts"]}, {"abbreviation": "NE", "topics": ["n\u00fat\u00edmae\u00f0lisfr\u00e6\u00f0i"]}, {"abbreviation": "RB", "topics": ["bylgjur og hreyfing", "raffr\u00e6\u00f0i"]}, {"abbreviation": "GR", "topics": ["grunn\u00e1fangi \u00ed e\u00f0lisfr\u00e6\u00f0i \u00e1 n\u00e1tt\u00faruv\u00edsindabraut"]}, {"abbreviation": "H\u00de", "topics": ["hlj\u00f3\u00f0", "hringhreyfing og \u00feyngdarsvi\u00f0", "skri\u00f0\u00feungi", "sveiflur og bylgjur", "v\u00f6kvar"]}, {"abbreviation": "AX", "topics": ["at\u00f3m- og kjarne\u00f0lisfr\u00e6\u00f0i"]}, {"abbreviation": "HR", "topics": ["hreyfifr\u00e6\u00f0i"]}, {"abbreviation": "HS", "topics": ["bylgjue\u00f0li lj\u00f3ss", "hiti og kvikfr\u00e6\u00f0i", "lj\u00f3sgeislafr\u00e6\u00f0i", "sn\u00faningshreyfing og sj\u00e1lfvali\u00f0 e\u00f0lisfr\u00e6\u00f0iefni", "varmi"]}, {"abbreviation": "RS", "topics": ["rafsegulfr\u00e6\u00f0i"]}, {"abbreviation": "AF", "topics": ["aflfr\u00e6\u00f0i"]}, {"abbreviation": "BR", "topics": ["bylgur", "raffr\u00e6\u00f0i"]}, {"abbreviation": "G\u00c1", "topics": ["grunn\u00e1fangi"]}, {"abbreviation": "BV", "topics": ["bylgjur", "varmafr\u00e6\u00f0i"]}, {"abbreviation": "RA", "topics": ["rafsegulsfr\u00e6\u00f0i"]}, {"abbreviation": "AY", "topics": ["yfirlits\u00e1fangi"]}, {"abbreviation": "AA", "topics": ["afst\u00e6\u00f0iskenning og aflfr\u00e6\u00f0i"]}, {"abbreviation": "BS", "topics": ["stjarne\u00f0lisfr\u00e6\u00f0i"]}, {"abbreviation": "BY", "topics": ["byrjunar\u00e1fangi \u00ed e\u00f0lisfr\u00e6\u00f0i fyrir n\u00e1tt\u00faruv\u00edsindabraut"]}, {"abbreviation": "AB", "topics": ["aflfr\u00e6\u00f0i og bylgjur"]}, {"abbreviation": "AK", "topics": ["aflfr\u00e6\u00f0i", "geislun", "lj\u00f3s", "rafmagn", "stj\u00f6rnufr\u00e6\u00f0i", "varmafr\u00e6\u00f0i"]}, {"abbreviation": "LA", "topics": ["aflfr\u00e6\u00f0i", "lj\u00f3s"]}, {"abbreviation": "VB", "topics": ["bylgjur og hreyfing", "varmafr\u00e6\u00f0i"]}, {"abbreviation": "AS", "topics": ["at\u00f3m- og kjarne\u00f0lisfr\u00e6\u00f0i", "stj\u00f6rnufr\u00e6\u00f0i"]}, {"abbreviation": "RF", "topics": ["raffr\u00e6\u00f0i", "rafsegulsfr\u00e6\u00f0i"]}, {"abbreviation": "AT", "topics": ["aflfr\u00e6\u00f0i", "afst\u00e6\u00f0iskenning og aflfr\u00e6\u00f0i"]}, {"abbreviation": "AH", "topics": ["Aflfr\u00e6\u00f0i", "afst\u00e6\u00f0iskenningin og sj\u00e1lfvali\u00f0 e\u00f0lisfr\u00e6\u00f0iefni", "hiti og kvikfr\u00e6\u00f0i", "varmi"]}, {"abbreviation": "AV", "topics": ["Afl- og varmafr\u00e6\u00f0i"]}, {"abbreviation": "VA", "topics": ["Val\u00e1fangi", "yfirlits\u00e1fangi"]}, {"abbreviation": "EF", "topics": ["Framhalds\u00e1fangi \u00ed e\u00f0lisfr\u00e6\u00f0i"]}, {"abbreviation": "SB", "topics": ["Sveifluhreyfing og bylgjur", "raffr\u00e6\u00f0i og lj\u00f3sfr\u00e6\u00f0i", "varmafr\u00e6\u00f0i"]}], "_id": "50c0a02dd8e40575f7f6f4df", "subjects": ["e\u00f0lisfr\u00e6\u00f0i"], "counter": {"1": 0, "3": 6, "2": 5, "4": 0}}, "evaluation": "Lokapr\u00f3f og vinnueinkunn", "categorization_suggestion": "", "embedded_topics": [{"abbreviation": "GR", "topics": ["grunn\u00e1fangi \u00ed e\u00f0lisfr\u00e6\u00f0i \u00e1 n\u00e1tt\u00faruv\u00edsindabraut"]}], "status": "approved by school", "description": "\u00cd \u00feessum fyrsta \u00e1fanga \u00ed e\u00f0lisfr\u00e6\u00f0i er byrja\u00f0 \u00e1 \u00fev\u00ed a\u00f0 l\u00e1ta nemendur vinna me\u00f0 hugt\u00f6k og \u00feekkingu \u00far grunnatri\u00f0um aflfr\u00e6\u00f0i og lj\u00f3sgeislafr\u00e6\u00f0i. Samt\u00edmis \u00fev\u00ed eru nemendur \u00fej\u00e1lfa\u00f0ir \u00ed \u00feeim vinnubr\u00f6g\u00f0um sem notu\u00f0 eru vi\u00f0 n\u00e1m \u00ed \u00feessari grein. Nemendur vinna b\u00e6\u00f0i sj\u00e1lfst\u00e6tt og saman \u00ed h\u00f3pum og l\u00f6g\u00f0 er \u00e1hersla \u00e1 sj\u00e1lfst\u00e6\u00f0i og \u00e1byrg\u00f0 nemandans \u00e1 eigin n\u00e1msframvindu. Efnis\u00fe\u00e6ttir sem teknir ver\u00f0a fyrir \u00ed \u00e1fanganum eru: m\u00e6lingar og \u00f3vissumat, l\u00edk\u00f6n, fr\u00e6\u00f0i og l\u00f6gm\u00e1l, hreyfing \u00ed einni v\u00eddd, vigrar og graf\u00edsk l\u00fdsing \u00e1 hreyfingu, hreyfil\u00f6gm\u00e1l Newtons, \u00feyngdarkraftur og n\u00faningskraftur, tengsl vinnu og orku, nokkrar orkumyndir og var\u00f0veislul\u00f6gm\u00e1l tengd \u00feeim, speglun og brot lj\u00f3sgeisla, myndir \u00ed sl\u00e9ttum spegli, l\u00f6gm\u00e1l Snells, alspeglun og lj\u00f3s\u00fer\u00e1\u00f0at\u00e6kni. ", "knowledge_goals": ["\u00fev\u00ed hva\u00f0 felst \u00ed v\u00edsindalegri a\u00f0fer\u00f0", "SI-kerfinu og SI-einingum st\u00e6r\u00f0a sem unni\u00f0 er me\u00f0", "helstu hugt\u00f6kum sem notu\u00f0 eru \u00ed hreyfifr\u00e6\u00f0i, aflfr\u00e6\u00f0i og lj\u00f3sgeislafr\u00e6\u00f0i", "helstu l\u00f6gm\u00e1lum ofannefndra greina, svo sem hreyfil\u00f6gm\u00e1lum Newtons og var\u00f0veislul\u00f6gm\u00e1lum v\u00e9lr\u00e6nnar orku og heildarorku, endurvarpsl\u00f6gm\u00e1linu og l\u00f6gm\u00e1li Snells"], "skills_goals": ["fara me\u00f0 t\u00f6lur og vigra \u00ed e\u00f0lisfr\u00e6\u00f0i og \u00ed v\u00edsindalegum vinnubr\u00f6g\u00f0um", "beita l\u00f6gm\u00e1lum og j\u00f6fnum \u00far n\u00e1msefninu vi\u00f0 a\u00f0 leysa verkefni af \u00fdmsu tagi", "lei\u00f0a \u00fat me\u00f0 r\u00f6kr\u00e6num h\u00e6tti j\u00f6fnu fyrir sambandi st\u00e6r\u00f0a fr\u00e1 gefnum forsendum", "framkv\u00e6ma verklegar \u00e6fingar og vinna \u00far m\u00e6lini\u00f0urst\u00f6\u00f0um \u00feeirra", "setja fram e\u00f0lisfr\u00e6\u00f0ilegt umfj\u00f6llunarefni \u00e1 sk\u00fdran og markvissan h\u00e1tt \u00ed r\u00e6\u00f0u og riti"], "credits": 5, "last_modified": 1323683375, "schools": [], "coauthors": [], "instructions": "Kjarna\u00e1fangi \u00e1 n\u00e1tt\u00faruv\u00edsindabraut", "continued_education": false, "level": 2, "prerequisites": "ST\u00c6R2LH05", "author": "b68f32cf-f5e7-4436-8857-8f510bbb44c9", "abbreviation_version": null, "competence_goals": [["s\u00fdna sj\u00e1lfst\u00e6\u00f0i \u00ed vinnubr\u00f6g\u00f0um og bera \u00e1byrg\u00f0 \u00e1 eigin n\u00e1msframvindu"], ["nota n\u00e1msefni og g\u00f6gn \u00e1 markvissan h\u00e1tt"], ["yfirf\u00e6ra \u00feekkingu \u00far \u00f6\u00f0rum greinum til a\u00f0 au\u00f0velda n\u00e1mi\u00f0"], ["meta hvort ni\u00f0urst\u00f6\u00f0ur \u00fatreikninga og m\u00e6linga s\u00e9u raunh\u00e6far"], ["tengja e\u00f0lisfr\u00e6\u00f0ina vi\u00f0 daglegt l\u00edf og umhverfi og gera s\u00e9r grein fyrir notagildi hennar"]], "_id": "51265b3d62933a77194c9351"}, {"exemplary": "false", "topics": "grunn\u00e1fangi \u00ed l\u00edffr\u00e6\u00f0i fyrir n\u00e1tt\u00faruv\u00edsindabraut", "abbreviation": "L\u00cdFF2GR05", "former_schools": ["512350238caa45ed97015b3f"], "subject": "l\u00edffr\u00e6\u00f0i", "title": "Grunn\u00e1fangi \u00ed l\u00edffr\u00e6\u00f0i fyrir n\u00e1tt\u00faruv\u00edsindabraut", "version": 3, "status_trans": "Sam\u00feykkt af sk\u00f3la", "embedded_subject": {"abbreviation": "L\u00cdFF", "topics": [{"abbreviation": "MA", "topics": ["ma\u00f0urinn"]}, {"abbreviation": "LR", "topics": ["l\u00edfr\u00edki\u00f0"]}, {"abbreviation": "LE", "topics": ["l\u00edfe\u00f0lisfr\u00e6\u00f0i"]}, {"abbreviation": "LL", "topics": ["l\u00edfe\u00f0lisfr\u00e6\u00f0i", "l\u00edff\u00e6rafr\u00e6\u00f0i"]}, {"abbreviation": "EF", "topics": ["erf\u00f0afr\u00e6\u00f0i"]}, {"abbreviation": "VF", "topics": ["vistfr\u00e6\u00f0i"]}, {"abbreviation": "GR", "topics": ["grunn\u00e1fangi \u00ed l\u00edffr\u00e6\u00f0i fyrir n\u00e1tt\u00faruv\u00edsindabraut"]}, {"abbreviation": "GF", "topics": ["grunn\u00e1fangi \u00ed l\u00edffr\u00e6\u00f0i fyrir hug- og f\u00e9lagsv\u00edsindabraut"]}, {"abbreviation": "VE", "topics": ["verkefnal\u00edffr\u00e6\u00f0i"]}, {"abbreviation": "VI", "topics": ["vistfr\u00e6\u00f0in"]}, {"abbreviation": "L\u00cd", "topics": ["l\u00edfe\u00f0lisfr\u00e6\u00f0in"]}, {"abbreviation": "ER", "topics": ["erf\u00f0afr\u00e6\u00f0in"]}, {"abbreviation": "AT", "topics": ["atferlisfr\u00e6\u00f0i"]}, {"abbreviation": "\u00d6R", "topics": ["\u00f6rverufr\u00e6\u00f0i"]}, {"abbreviation": "AL", "topics": ["almenn l\u00edffr\u00e6\u00f0i"]}, {"abbreviation": "LV", "topics": ["lokaverkefni"]}, {"abbreviation": "HE", "topics": ["heilsa mannsins"]}, {"abbreviation": "FR", "topics": ["frumul\u00edffr\u00e6\u00f0i og erf\u00f0afr\u00e6\u00f0i"]}, {"abbreviation": "EL", "topics": ["almenn l\u00edffr\u00e6\u00f0i", "eiginleikar l\u00edfvera"]}, {"abbreviation": "\u00cdS", "topics": ["l\u00edfr\u00edki \u00edslands"]}, {"abbreviation": "VB", "topics": ["bein", "hreyfingarfr\u00e6\u00f0i", "l\u00edff\u00e6rafr\u00e6\u00f0i", "v\u00f6\u00f0var"]}, {"abbreviation": "L\u00de", "topics": ["l\u00edfe\u00f0lisfr\u00e6\u00f0i", "\u00fej\u00e1lffr\u00e6\u00f0i"]}, {"abbreviation": "FA", "topics": ["almenn l\u00edffr\u00e6\u00f0i", "flokkunarfr\u00e6\u00f0i", "frumul\u00edffr\u00e6\u00f0i"]}, {"abbreviation": "VV", "topics": ["Vistfr\u00e6\u00f0i", "vettvangsfer\u00f0ir"]}, {"abbreviation": "LF", "topics": ["L\u00edff\u00e6ri og l\u00edffe\u00f0lisfr\u00e6\u00f0i"]}, {"abbreviation": "UM", "topics": ["Umhverfisfr\u00e6\u00f0i"]}, {"abbreviation": "L\u00c6", "topics": ["l\u00edff\u00e6ra og l\u00edfe\u00f0lisfr\u00e6\u00f0i"]}, {"abbreviation": "GL", "topics": ["Grunn\u00e1fangi \u00ed L\u00edffr\u00e6\u00f0i"]}, {"abbreviation": "VU", "topics": ["vist- og umhverfisfr\u00e6\u00f0i"]}, {"abbreviation": "GD", "topics": ["Grunn\u00e1fangi \u00ed d\u00fdrafr\u00e6\u00f0i", "pl\u00f6ntufr\u00e6\u00f0i"]}, {"abbreviation": "FE", "topics": ["Frumur", "l\u00edkaminn og erf\u00f0ir"]}, {"abbreviation": "UV", "topics": ["Vist-og umhverfisfr\u00e6\u00f0i"]}, {"abbreviation": "LM", "topics": ["L\u00edffr\u00e6\u00f0i mannsins", "efnaskipti og l\u00edff\u00e6rakerfi", "frumur"]}, {"abbreviation": "E\u00de", "topics": ["Erf\u00f0afr\u00e6\u00f0i og \u00fer\u00f3unarfr\u00e6\u00f0i"]}, {"abbreviation": "FL", "topics": ["flokkunarfr\u00e6\u00f0i"]}, {"abbreviation": "ST", "topics": ["Stj\u00f6rnul\u00edfffr\u00e6\u00f0i"]}, {"abbreviation": "V\u00cd", "topics": ["V\u00edsindaleg a\u00f0fer\u00f0 - verkefnal\u00edffr\u00e6\u00f0i"]}], "_id": "50c0a02dd8e40575f7f6f4ca", "subjects": ["l\u00edffr\u00e6\u00f0i"], "counter": {"1": 5, "3": 5, "2": 7, "4": 0}}, "evaluation": "Lokapr\u00f3f og vinnueinkunn", "categorization_suggestion": "", "embedded_topics": {"abbreviation": "GR", "topics": ["grunn\u00e1fangi \u00ed l\u00edffr\u00e6\u00f0i fyrir n\u00e1tt\u00faruv\u00edsindabraut"]}, "status": "approved by school", "description": "\u00cd \u00feessum byrjunar\u00e1fanga fyrir n\u00e1tt\u00faruv\u00edsindadeild er ger\u00f0 grein fyrir hlutverki l\u00edffr\u00e6\u00f0innar og tengslum hennar vi\u00f0 a\u00f0rar fr\u00e6\u00f0igreinar. Fjalla\u00f0 er um helstu vi\u00f0fangsefni l\u00edffr\u00e6\u00f0innar, fari\u00f0 yfir grunnhugt\u00f6k og l\u00edffr\u00e6\u00f0ilega ferla og fj\u00f6lbreytileiki l\u00edfvera kynntur. Sko\u00f0a\u00f0 ver\u00f0ur samspil milli l\u00edfvera og umhverfis. Helstu efnis\u00fe\u00e6ttir eru: l\u00edffr\u00e6\u00f0i sem fr\u00e6\u00f0igrein og undirflokkar hennar, helstu sameiginleg einkenni l\u00edfvera, efni og helstu efnaferlar \u00ed l\u00edfverum, bygging og starfsemi fruma, fj\u00f6lbreytileiki og flokkun l\u00edfvera, grundvallaratri\u00f0i vistfr\u00e6\u00f0innar, \u00e6xlun l\u00edfvera, grundvallaratri\u00f0i erf\u00f0a og helstu kenningar um \u00fer\u00f3un. L\u00f6g\u00f0 er \u00e1hersla \u00e1 a\u00f0 nemendur \u00f6\u00f0list \u00feekkingu og skilning \u00e1 umhverfi s\u00ednu og \u00fev\u00ed sem menn eiga sameiginlegt me\u00f0 \u00f6\u00f0rum l\u00edfverum. \u00dev\u00ed er reynt a\u00f0 tengja l\u00edffr\u00e6\u00f0ina daglegu l\u00edfi og \u00e1hugasvi\u00f0i ungs f\u00f3lks. Einnig eru verkefni tengd umhverfi nemenda me\u00f0 \u00fea\u00f0 fyrir augum a\u00f0 auka \u00e1huga \u00feeirra og kynna \u00feeim mikilv\u00e6gi \u00feekkingar \u00e1 l\u00edffr\u00e6\u00f0i \u00ed daglegu l\u00edfi. Nemendur ver\u00f0i undirb\u00fanir undir frekara n\u00e1m \u00ed l\u00edffr\u00e6\u00f0i og skyldum greinum. ", "knowledge_goals": ["s\u00e9rkennum l\u00edffr\u00e6\u00f0innar sem fr\u00e6\u00f0igreinar og tengslum hennar vi\u00f0 a\u00f0rar greinar", "grundvallarhugt\u00f6kum l\u00edffr\u00e6\u00f0innar", "helstu einkennum l\u00edfvera", "helstu fylkingum l\u00edfvera", "grundvallaratri\u00f0um vistfr\u00e6\u00f0innar", "helstu flokkum efna \u00ed l\u00edfverum", "byggingu og starfsemi fruma", "\u00e6xlun l\u00edfvera", "helstu kenningum um erf\u00f0ir og \u00fer\u00f3un "], "skills_goals": ["lesa l\u00edffr\u00e6\u00f0ilegar uppl\u00fdsingar \u00far m\u00e1li og myndum", "sko\u00f0a l\u00edfverur \u00ed n\u00e1tt\u00farunni og \u00ed sm\u00e1sj\u00e1", "flokka l\u00edfverur og nota greiningarlykla", "\u00e1tta sig \u00e1 einf\u00f6ldum erf\u00f0amynstrum", "lesa \u00ed tengsl milli l\u00edfvera \u00ed umhverfinu"], "credits": 5, "last_modified": 1323769121, "schools": [], "coauthors": [], "instructions": "Kjarna\u00e1fangi \u00e1 n\u00e1tt\u00faruv\u00edsindabraut", "continued_education": false, "level": 2, "prerequisites": "Engar", "author": "b68f32cf-f5e7-4436-8857-8f510bbb44c9", "abbreviation_version": null, "competence_goals": [["auka skilning \u00e1 fyrirb\u00e6rum n\u00e1tt\u00faru- og raunv\u00edsinda", ""], ["leggja gr\u00f3ft mat \u00e1 uppl\u00fdsingar sem tengjast l\u00edffr\u00e6\u00f0ilegum vi\u00f0fangsefnum \u00ed samf\u00e9laginu \u00e1 gagnr\u00fdninn h\u00e1tt", ""], ["tengja undirst\u00f6\u00f0u\u00feekkingu \u00ed l\u00edffr\u00e6\u00f0i vi\u00f0 daglegt l\u00edf og umhverfi og sj\u00e1 notagildi hennar", ""], ["taka \u00e1byrg\u00f0 \u00e1 eigin l\u00edfi m.t.t. l\u00edffr\u00e6\u00f0ilegra \u00fe\u00e1tta", ""], ["afla s\u00e9r frekari \u00feekkingar \u00e1 l\u00edffr\u00e6\u00f0ilegum vi\u00f0fangsefnum", ""]], "_id": "51265b3d62933a77194c91d6"}, {"exemplary": "false", "topics": "grunn\u00fe\u00e6ttir \u00ed almennri l\u00edkams- og heilsur\u00e6kt", "abbreviation": "\u00cd\u00deR\u00d31GL01", "former_schools": ["512350238caa45ed97015b3f"], "subject": "\u00ed\u00fer\u00f3ttir", "title": "Grunn\u00fe\u00e6ttir \u00ed almennri l\u00edkams- og heilsur\u00e6kt", "version": 7, "status_trans": "Sam\u00feykkt af sk\u00f3la", "embedded_subject": {"abbreviation": "\u00cd\u00deR\u00d3", "topics": [{"abbreviation": "\u00deK", "topics": ["kraftur", "styrkur", "\u00feol"]}, {"abbreviation": "GL", "topics": ["grunn\u00fe\u00e6ttir \u00ed almennri l\u00edkams- og heilsur\u00e6kt"]}, {"abbreviation": "GH", "topics": ["grunn\u00fe\u00e6ttir \u00ed almennri heilsu- og l\u00edkamsr\u00e6kt"]}, {"abbreviation": "LC", "topics": ["l\u00edkams- og heilsur\u00e6kt"]}, {"abbreviation": "LD", "topics": ["framhald", "l\u00edkams- og heilsur\u00e6kt"]}, {"abbreviation": "AL", "topics": ["almenn l\u00edkams- og heilsur\u00e6kt e\u00f0a \u00fativist"]}, {"abbreviation": "AH", "topics": ["almenn heilsu- og l\u00edkamsr\u00e6kt e\u00f0a \u00fativist"]}, {"abbreviation": "HR", "topics": ["heilsur\u00e6kt"]}, {"abbreviation": "HH", "topics": ["hreyfing og heilsur\u00e6kt"]}, {"abbreviation": "L\u00cd", "topics": ["l\u00edkamsr\u00e6kt"]}, {"abbreviation": "KN", "topics": ["knattspyrna"]}, {"abbreviation": "KK", "topics": ["k\u00f6rfuknattleikur"]}, {"abbreviation": "BA", "topics": ["badminton"]}, {"abbreviation": "BL", "topics": ["blak"]}, {"abbreviation": "HL", "topics": ["almenn heilsu- og l\u00edkamsr\u00e6kt"]}, {"abbreviation": "LA", "topics": ["almenn heilsu- og l\u00edkamsr\u00e6kt me\u00f0 \u00e1herslu \u00e1 styrk", "l\u00edkamsbeitingu og snerpu"]}, {"abbreviation": "LN", "topics": ["l\u00edfst\u00edll", "n\u00e6ring"]}, {"abbreviation": "M\u00de", "topics": ["markmi\u00f0asetning", "\u00fej\u00e1lfunar\u00e1\u00e6tlanir"]}, {"abbreviation": "SK", "topics": ["skipul\u00f6g\u00f0 hreyfing"]}, {"abbreviation": "S\u00cd", "topics": ["skipul\u00f6g\u00f0 hreyfing framhald", "\u00ed\u00fer\u00f3ttir"]}, {"abbreviation": "LS", "topics": ["l\u00edkamsbeiting og snerpa", "styrkur"]}, {"abbreviation": "U\u00de", "topics": ["upphitun", "\u00feol\u00fej\u00e1lfun"]}, {"abbreviation": "SL", "topics": ["li\u00f0leiki", "l\u00edkamsbeiting", "styrkur", "\u00ed\u00fer\u00f3ttamei\u00f0sli"]}, {"abbreviation": "SS", "topics": ["samh\u00e6fing", "snerpa"]}, {"abbreviation": "LH", "topics": ["heilsa", "l\u00edfsst\u00edll"]}, {"abbreviation": "HA", "topics": ["almenn l\u00edkams og heilsur\u00e6kt", "hreyfing", "likamsr\u00e6ktarsalur"]}, {"abbreviation": "B\u00cd", "topics": ["bolta\u00ed\u00fer\u00f3ttir", "l\u00edffr\u00e6\u00f0i hreyfingar"]}, {"abbreviation": "\u00daH", "topics": ["hreyfing", "j\u00e1kv\u00e6\u00f0 upplifun", "sj\u00e1lfstyrking", "\u00dativist"]}, {"abbreviation": "\u00daF", "topics": ["g\u00f6ngufer\u00f0ir \u00e1 fj\u00f6ll", "hreyfing", "\u00fativist"]}, {"abbreviation": "B\u00dd", "topics": ["Band\u00fd"]}, {"abbreviation": "GA", "topics": ["Ganga"]}, {"abbreviation": "SU", "topics": ["Sund"]}, {"abbreviation": "\u00cdS", "topics": ["starfsbraut", "\u00ed\u00fer\u00f3ttir"]}], "_id": "50c0a02dd8e40575f7f6f4cc", "subjects": ["\u00ed\u00fer\u00f3ttir"], "counter": {"1": 11, "3": 0, "2": 5, "4": 0}}, "evaluation": "S\u00edmats\u00e1fangi", "categorization_suggestion": "", "embedded_topics": {"abbreviation": "GL", "topics": ["grunn\u00fe\u00e6ttir \u00ed almennri l\u00edkams- og heilsur\u00e6kt"]}, "status": "approved by school", "description": "\u00c1fanginn byggist upp \u00e1 fr\u00e6\u00f0ilegri \u00feekkingu \u00e1 alhli\u00f0a hreyfingu og heilsueflingu fyrir einstaklingin \u00ed n\u00fat\u00edmasamf\u00e9lagi. \u00c1herslu\u00fe\u00e6ttir eru m.a. mikilv\u00e6gi upphitunar, \u00feol-, styrktar- og li\u00f0leika\u00fej\u00e1lfunar. Fjalla\u00f0 er um \u00feol og \u00feol\u00fej\u00e1lfun og hvernig byggja megi upp og vi\u00f0halda \u00feoli. Fari\u00f0 er yfir \u00fej\u00e1lfunar\u00e1hrif \u00e1 lofth\u00e1\u00f0u og loftfirrtu \u00feoli \u00e1samt uppbyggingu \u00e1 almennu og s\u00e9rh\u00e6f\u00f0u \u00feoli. Kenndar eru fj\u00f6lbreyttar \u00fej\u00e1lfunara\u00f0fer\u00f0ir allra \u00fe\u00e1tta \u00e1samt l\u00edkamsbeitingu \u00ed daglegu l\u00edfi og vi\u00f0 styrktar\u00fej\u00e1lfun. L\u00f6g\u00f0 er \u00e1hersla \u00e1 mikilv\u00e6gi styrks fyrir sto\u00f0kerfi l\u00edkamans og \u00e1 verklega og fr\u00e6\u00f0ilega \u00fe\u00e6tti styrktar\u00fej\u00e1lfunar. Fari\u00f0 er yfir mikilv\u00e6gi li\u00f0leika og li\u00f0leika\u00fej\u00e1lfunar og \u00e1hrif \u00e1 v\u00f6\u00f0va og li\u00f0am\u00f3t. Nemendur taka \u00fe\u00e1tt \u00ed verklegum \u00e6fingum sem \u00fej\u00e1lfa alla \u00fe\u00e6tti grunn\u00fej\u00e1lfunar og l\u00e6ra a\u00f0fer\u00f0ir til a\u00f0 meta eigi\u00f0 l\u00edkams\u00ferek. Markviss fr\u00e6\u00f0sla var\u00f0andi forvarnargildi l\u00edkams- og heilsur\u00e6ktar og neikv\u00e6\u00f0 \u00e1hrif v\u00edmuefna \u00e1 l\u00edkamann er grunnvi\u00f0fangsefni \u00ed b\u00f3klegum hluta \u00e1fangans. Nemendur er hvattir til a\u00f0 hl\u00faa a\u00f0 andlegri, l\u00edkamlegri- og f\u00e9lagslegri vell\u00ed\u00f0an sinni til framt\u00ed\u00f0ar. Nemendur geta vali\u00f0 um eftirfarandi lei\u00f0ir: 1) Hef\u00f0bundin l\u00edkams- og heilsur\u00e6kt (kennsla \u00ed \u00ed\u00fer\u00f3ttah\u00fasi Mi\u00f0b\u00e6jarsk\u00f3lans og n\u00e1grenni). 2) \u00dativist \u00ed n\u00e1nasta umhverfi: Gengi\u00f0 um Reykjav\u00edk og n\u00e1grenni h\u00f6fu\u00f0borgarsv\u00e6\u00f0isins, nemendur \u00feurfa a\u00f0 m\u00e6ta \u00e1 brottfarasta\u00f0 og sj\u00e1 um kostna\u00f0 af fer\u00f0um og b\u00fana\u00f0i. 3) Skipul\u00f6g\u00f0 \u00ed\u00fer\u00f3ttai\u00f0kun innan \u00ed\u00fer\u00f3ttaf\u00e9lags (stunda \u00ed\u00fer\u00f3ttagrein innan s\u00e9rsambanda \u00cdS\u00cd, keppni \u00e1 \u00cdslandsm\u00f3ti og \u00e6fa undir lei\u00f0s\u00f6gn \u00ed\u00fer\u00f3ttafr\u00e6\u00f0ings).", "knowledge_goals": ["mikilv\u00e6gi upphitunar og li\u00f0leika\u00fej\u00e1lfunar", "styrktar\u00fej\u00e1lfun", "fj\u00f6lbreytni allra \u00fe\u00e1tta til eflingar l\u00edkama og heilsu", "\u00feoli, uppbyggingu \u00feess og mismunandi \u00feol\u00fej\u00e1lfun", "forsendum og \u00e1hrifum \u00fej\u00e1lfunar \u00e1 l\u00edkama og heilsu", "neikv\u00e6\u00f0um \u00e1hrifum \u00e1vana- og v\u00edmuefna \u00e1 l\u00edkamann"], "skills_goals": ["tileinka s\u00e9r fj\u00f6lbreytta gunn\u00fej\u00e1lfun allra \u00fe\u00e1tta", "taka \u00fe\u00e1tt \u00ed almennri og s\u00e9rh\u00e6f\u00f0ri upphitun", "taka \u00fe\u00e1tt \u00ed markvissri \u00feol\u00fej\u00e1fun og s\u00e9rh\u00e6f\u00f0ri \u00feol\u00fej\u00e1lfun \u00ed\u00fer\u00f3ttagreina", "taka \u00fe\u00e1tt \u00ed markvissri og fj\u00f6lbreyttri styrktar\u00fej\u00e1lfun", "m\u00e6la \u00feol, styrk og li\u00f0leika", "taka \u00fe\u00e1tt \u00ed \u00e6fingum og hreyfingu sem stu\u00f0la a\u00f0 b\u00e6ttri l\u00edkamsbeitingu", "taka \u00fe\u00e1tt \u00ed leikjum og \u00e6fingum sem hafa \u00e1hrif \u00e1 j\u00e1kv\u00e6\u00f0a upplifun og vi\u00f0horf til l\u00edkams- og heilsur\u00e6ktar"], "credits": 1, "last_modified": 1323954899, "schools": [], "coauthors": [], "instructions": "Kjarna\u00e1fangi \u00e1 \u00f6llum brautum", "continued_education": false, "level": 1, "prerequisites": "Engar", "author": "b68f32cf-f5e7-4436-8857-8f510bbb44c9", "abbreviation_version": null, "competence_goals": [["skipuleggja og leysa af hendi verkefni sem sn\u00faa a\u00f0 eigin heilsueflingu", ""], ["leysa af hendi \u00e6fingar og leiki sem vi\u00f0halda og b\u00e6ta l\u00edkamlega-, andlega- og f\u00e9lagslega \u00fe\u00e6tti", ""], ["m\u00e6la og meta eigi\u00f0 \u00feol, styrk og li\u00f0leika", ""], ["taka \u00fe\u00e1tt \u00ed umr\u00e6\u00f0u um \u00e1vana- og f\u00edkniefni", ""]], "_id": "51265b3d62933a77194c91eb"}, {"exemplary": "false", "topics": "grunn\u00fe\u00e6ttir \u00ed almennri heilsu- og l\u00edkamsr\u00e6kt", "abbreviation": "\u00cd\u00deR\u00d31GH01", "former_schools": ["512350238caa45ed97015b3f"], "subject": "\u00ed\u00fer\u00f3ttir", "title": "Grunn\u00fe\u00e6ttir \u00ed almennri l\u00edkams- og heilsur\u00e6kt", "version": 1, "status_trans": "Sam\u00feykkt af sk\u00f3la", "embedded_subject": {"abbreviation": "\u00cd\u00deR\u00d3", "topics": [{"abbreviation": "\u00deK", "topics": ["kraftur", "styrkur", "\u00feol"]}, {"abbreviation": "GL", "topics": ["grunn\u00fe\u00e6ttir \u00ed almennri l\u00edkams- og heilsur\u00e6kt"]}, {"abbreviation": "GH", "topics": ["grunn\u00fe\u00e6ttir \u00ed almennri heilsu- og l\u00edkamsr\u00e6kt"]}, {"abbreviation": "LC", "topics": ["l\u00edkams- og heilsur\u00e6kt"]}, {"abbreviation": "LD", "topics": ["framhald", "l\u00edkams- og heilsur\u00e6kt"]}, {"abbreviation": "AL", "topics": ["almenn l\u00edkams- og heilsur\u00e6kt e\u00f0a \u00fativist"]}, {"abbreviation": "AH", "topics": ["almenn heilsu- og l\u00edkamsr\u00e6kt e\u00f0a \u00fativist"]}, {"abbreviation": "HR", "topics": ["heilsur\u00e6kt"]}, {"abbreviation": "HH", "topics": ["hreyfing og heilsur\u00e6kt"]}, {"abbreviation": "L\u00cd", "topics": ["l\u00edkamsr\u00e6kt"]}, {"abbreviation": "KN", "topics": ["knattspyrna"]}, {"abbreviation": "KK", "topics": ["k\u00f6rfuknattleikur"]}, {"abbreviation": "BA", "topics": ["badminton"]}, {"abbreviation": "BL", "topics": ["blak"]}, {"abbreviation": "HL", "topics": ["almenn heilsu- og l\u00edkamsr\u00e6kt"]}, {"abbreviation": "LA", "topics": ["almenn heilsu- og l\u00edkamsr\u00e6kt me\u00f0 \u00e1herslu \u00e1 styrk", "l\u00edkamsbeitingu og snerpu"]}, {"abbreviation": "LN", "topics": ["l\u00edfst\u00edll", "n\u00e6ring"]}, {"abbreviation": "M\u00de", "topics": ["markmi\u00f0asetning", "\u00fej\u00e1lfunar\u00e1\u00e6tlanir"]}, {"abbreviation": "SK", "topics": ["skipul\u00f6g\u00f0 hreyfing"]}, {"abbreviation": "S\u00cd", "topics": ["skipul\u00f6g\u00f0 hreyfing framhald", "\u00ed\u00fer\u00f3ttir"]}, {"abbreviation": "LS", "topics": ["l\u00edkamsbeiting og snerpa", "styrkur"]}, {"abbreviation": "U\u00de", "topics": ["upphitun", "\u00feol\u00fej\u00e1lfun"]}, {"abbreviation": "SL", "topics": ["li\u00f0leiki", "l\u00edkamsbeiting", "styrkur", "\u00ed\u00fer\u00f3ttamei\u00f0sli"]}, {"abbreviation": "SS", "topics": ["samh\u00e6fing", "snerpa"]}, {"abbreviation": "LH", "topics": ["heilsa", "l\u00edfsst\u00edll"]}, {"abbreviation": "HA", "topics": ["almenn l\u00edkams og heilsur\u00e6kt", "hreyfing", "likamsr\u00e6ktarsalur"]}, {"abbreviation": "B\u00cd", "topics": ["bolta\u00ed\u00fer\u00f3ttir", "l\u00edffr\u00e6\u00f0i hreyfingar"]}, {"abbreviation": "\u00daH", "topics": ["hreyfing", "j\u00e1kv\u00e6\u00f0 upplifun", "sj\u00e1lfstyrking", "\u00dativist"]}, {"abbreviation": "\u00daF", "topics": ["g\u00f6ngufer\u00f0ir \u00e1 fj\u00f6ll", "hreyfing", "\u00fativist"]}, {"abbreviation": "B\u00dd", "topics": ["Band\u00fd"]}, {"abbreviation": "GA", "topics": ["Ganga"]}, {"abbreviation": "SU", "topics": ["Sund"]}, {"abbreviation": "\u00cdS", "topics": ["starfsbraut", "\u00ed\u00fer\u00f3ttir"]}], "_id": "50c0a02dd8e40575f7f6f4cc", "subjects": ["\u00ed\u00fer\u00f3ttir"], "counter": {"1": 11, "3": 0, "2": 5, "4": 0}}, "evaluation": "\u00c1fanginn er s\u00edmats\u00e1fangi", "categorization_suggestion": "", "embedded_topics": {"abbreviation": "GH", "topics": ["grunn\u00fe\u00e6ttir \u00ed almennri heilsu- og l\u00edkamsr\u00e6kt"]}, "status": "approved by school", "description": "\u00c1fanginn byggist upp \u00e1 alhli\u00f0a hreyfingu og heilsur\u00e6kt me\u00f0 \u00e1herslu \u00e1 mikilv\u00e6gi upphitunar, \u00feol-, styrktar- og li\u00f0leika\u00fej\u00e1lfunar. \u00cd \u00e1fanganum er fjalla\u00f0 um \u00feol og \u00feol\u00fej\u00e1lfun og hvernig byggja megi upp og vi\u00f0halda \u00feoli. Fari\u00f0 er yfir \u00fej\u00e1lfunar\u00e1hrif \u00e1 lofth\u00e1\u00f0u og loftfirrtu \u00feoli \u00e1samt uppbyggingu \u00e1 almennu og s\u00e9rh\u00e6f\u00f0u \u00feoli. Fjalla\u00f0 er um l\u00edkamsbeitingu vi\u00f0 styrktar\u00fej\u00e1lfun og mikilv\u00e6gi styrks fyrir sto\u00f0kerfi l\u00edkamans, \u00e1samt fj\u00f6lbreyttum \u00fej\u00e1lfunara\u00f0fer\u00f0um. L\u00f6g\u00f0 er \u00e1hersla \u00e1 verklega og fr\u00e6\u00f0ilega \u00fe\u00e6tti styrktar\u00fej\u00e1lfunar. Fari\u00f0 er yfir mikilv\u00e6gi li\u00f0leika og li\u00f0leika\u00fej\u00e1lfunar fyrir l\u00edkamann og \u00e1hrif li\u00f0leika\u00e6finga \u00e1 v\u00f6\u00f0va og li\u00f0am\u00f3t. Nemendur taka \u00fe\u00e1tt \u00ed verklegum \u00e6fingum sem \u00fej\u00e1lfa alla \u00fe\u00e6tti grunn\u00fej\u00e1lfunar og l\u00e6ra a\u00f0fer\u00f0ir til a\u00f0 meta eigin l\u00edkams\u00ferek. Markviss fr\u00e6\u00f0sla var\u00f0andi forvarnargildi l\u00edkams- og heilsur\u00e6ktar og neikv\u00e6\u00f0 \u00e1hrif v\u00edmuefna \u00e1 l\u00edkamann er grunnvi\u00f0fangsefni \u00ed b\u00f3klegum hluta \u00e1fangans. Nemendur eru hvattir til a\u00f0 hl\u00faa a\u00f0 andlegri, l\u00edkamlegri- og f\u00e9lagslegri vell\u00ed\u00f0an sinni til framt\u00ed\u00f0ar. Nemendur geta vali\u00f0 um eftirfarandi lei\u00f0ir: 1) Hef\u00f0bundin l\u00edkams- og heilsur\u00e6kt (kennsla \u00ed \u00ed\u00fer\u00f3ttah\u00fasi Mi\u00f0b\u00e6jarsk\u00f3lans og n\u00e1grenni). 2) Skipul\u00f6g\u00f0 \u00ed\u00fer\u00f3ttai\u00f0kun innan \u00ed\u00fer\u00f3ttaf\u00e9lags (stunda \u00ed\u00fer\u00f3ttagrein innan s\u00e9rsambanda \u00cdS\u00cd, keppni \u00e1 \u00cdslandsm\u00f3ti og \u00e6fa undir lei\u00f0s\u00f6gn \u00ed\u00fer\u00f3ttafr\u00e6\u00f0ings ) 3) \u00dativist \u00ed n\u00e1nasta umhverfi: Gengi\u00f0 um Reykjav\u00edk og n\u00e1grenni h\u00f6fu\u00f0borgarsv\u00e6\u00f0isins, nemendur \u00feurfa a\u00f0 m\u00e6ta \u00e1 brottfarasta\u00f0 og sj\u00e1 um kostna\u00f0 af fer\u00f0um og b\u00fana\u00f0i. ", "knowledge_goals": ["mikilv\u00e6gi upphitunar og li\u00f0leika\u00fej\u00e1lfunar", "styrktar\u00fej\u00e1lfun", "fj\u00f6lbreytni allra \u00fe\u00e1tta til eflingar l\u00edkama og heilsu", "\u00feoli, uppbyggingu \u00feess og mismunandi \u00feol\u00fej\u00e1lfun", "forsendum og \u00e1hrifum \u00fej\u00e1lfunar \u00e1 l\u00edkama og heilsu", "neikv\u00e6\u00f0um \u00e1hrifum \u00e1vana- og v\u00edmuefna \u00e1 l\u00edkamann"], "skills_goals": ["tileinka s\u00e9r fj\u00f6lbreytta grunn\u00fej\u00e1lfun allra \u00fe\u00e1tta", "taka \u00fe\u00e1tt \u00ed almennri og s\u00e9rh\u00e6f\u00f0ri upphitun", "taka \u00fe\u00e1tt \u00ed markvissri \u00feol\u00fej\u00e1fun og s\u00e9rh\u00e6f\u00f0ri \u00feol\u00fej\u00e1lfun \u00ed\u00fer\u00f3ttagreina", "taka \u00fe\u00e1tt \u00ed markvissri og fj\u00f6lbreyttri styrktar\u00fej\u00e1lfun", "taka \u00fe\u00e1tt \u00ed leikjum og \u00e6fingum sem hafa \u00e1hrif \u00e1 j\u00e1kv\u00e6\u00f0a upplifun og vi\u00f0horf til l\u00edkams- og heilsur\u00e6ktar", "m\u00e6la \u00feol, styrk og li\u00f0leika", "taka \u00fe\u00e1tt \u00ed hreyfingu og \u00e6fingum sem stu\u00f0la a\u00f0 b\u00e6ttri l\u00edkamsbeitingu"], "credits": 1, "last_modified": 1323957012, "schools": [], "coauthors": [], "instructions": "Kjarna\u00e1fangi \u00e1 \u00f6llum brautum", "continued_education": false, "level": 1, "prerequisites": "Engar", "author": "b68f32cf-f5e7-4436-8857-8f510bbb44c9", "abbreviation_version": null, "competence_goals": [["skipuleggja og leysa af hendi verkefni sem sn\u00faa a\u00f0 eigin heilsueflingu", ""], ["stunda \u00e6fingar og leiki sem vi\u00f0halda og b\u00e6ta l\u00edkamlega-, andlega- og f\u00e9lagslega \u00fe\u00e6tti", ""], ["m\u00e6la og meta eigi\u00f0 \u00feol, styrk og li\u00f0leika", ""], ["taka \u00fe\u00e1tt \u00ed umr\u00e6\u00f0u um \u00e1vana- og f\u00edkniefni", ""]], "_id": "51265b3d62933a77194c91ec"}, {"exemplary": null, "topics": "hagn\u00fdtur or\u00f0afor\u00f0i. l\u00e6si \u00e1 fl\u00f3knari texta.", "abbreviation": "ENSK2HA05", "former_schools": ["512350238caa45ed97015b3f"], "subject": "enska", "title": "Hagn\u00fdtur or\u00f0afor\u00f0i. l\u00e6si \u00e1 fl\u00f3knari texta. fyrsti \u00e1fangi \u00ed ensku.", "version": 5, "status_trans": "Sam\u00feykkt af sk\u00f3la", "embedded_subject": {"abbreviation": "ENSK", "topics": [{"abbreviation": "GS", "topics": ["grunnatri\u00f0i", "samt\u00f6l"]}, {"abbreviation": "OO", "topics": ["or\u00f0ab\u00f3k", "or\u00f0afor\u00f0i"]}, {"abbreviation": "MM", "topics": ["myndas\u00f6gur", "myndb\u00f6nd"]}, {"abbreviation": "TL", "topics": ["lagatextar", "t\u00f3nlist"]}, {"abbreviation": "FR", "topics": ["ferilsverkefni", "ritunarverkefni"]}, {"abbreviation": "TS", "topics": ["myndm\u00e1l", "ritger\u00f0", "st\u00edlar", "textar"]}, {"abbreviation": "RH", "topics": ["hlustun", "m\u00e1lnotkun", "undirst\u00f6\u00f0uatri\u00f0i \u00ed ritun"]}, {"abbreviation": "SM", "topics": ["m\u00fas\u00edk og myndir 1950-70", "s\u00f6gur"]}, {"abbreviation": "BR", "topics": ["bretland"]}, {"abbreviation": "K\u00c1", "topics": ["kanada", "\u00e1stral\u00eda og n\u00fdja sj\u00e1land"]}, {"abbreviation": "SB", "topics": ["shakespeare og 19. \u00f6ldin \u00ed b\u00f3kmenntum"]}, {"abbreviation": "B\u00d3", "topics": ["b\u00f3kmenntir 20. aldar"]}, {"abbreviation": "KV", "topics": ["kvikmynda\u00e1fangi"]}, {"abbreviation": "AB", "topics": ["afr\u00edsk-amer\u00edskar b\u00f3kmenntir"]}, {"abbreviation": "U\u00c1", "topics": ["undirb\u00faningur", "\u00e1fangi"]}, {"abbreviation": "MT", "topics": ["m\u00e1lfr\u00e6\u00f0i", "tj\u00e1ning"]}, {"abbreviation": "MS", "topics": ["menning", "skapandi skrif"]}, {"abbreviation": "KR", "topics": ["kvikmyndir", "ritun"]}, {"abbreviation": "HR", "topics": ["heimildavinna", "ritger\u00f0ir"]}, {"abbreviation": "FF", "topics": ["fagm\u00e1l", "f\u00e9lagsv\u00edsinda"]}, {"abbreviation": "VE", "topics": ["enska", "vi\u00f0skipta"]}, {"abbreviation": "RE", "topics": ["enska", "raungreinar"]}, {"abbreviation": "BM", "topics": ["b\u00f3kmenntir", "m\u00e1lsaga"]}, {"abbreviation": "LB", "topics": ["b\u00f3kmenntir", "leik"]}, {"abbreviation": "UP", "topics": ["pr\u00f3f", "undirb\u00faningur"]}, {"abbreviation": "EN", "topics": ["enska fyrir fer\u00f0agreinar"]}, {"abbreviation": "FE", "topics": ["enska fyrir fer\u00f0a\u00fej\u00f3nustu"]}, {"abbreviation": "ST", "topics": ["evr\u00f3pski tungum\u00e1laramminn", "stig b1-b2"]}, {"abbreviation": "SE", "topics": ["evr\u00f3pski tungum\u00e1laramminn", "stig b2"]}, {"abbreviation": "ES", "topics": ["evr\u00f3pski tungum\u00e1laramminn", "stig b2-c1"]}, {"abbreviation": "EV", "topics": ["evr\u00f3pski tungum\u00e1laramminn", "stig c1"]}, {"abbreviation": "BF", "topics": ["b2", "evr\u00f3pski tungum\u00e1laramminn", "fer\u00f0a\u00fej\u00f3nuta"]}, {"abbreviation": "FH", "topics": ["evr\u00f3pski tungum\u00e1laramminn", "framhald", "stig c1"]}, {"abbreviation": "GR", "topics": ["grunn\u00e1fangi"]}, {"abbreviation": "FG", "topics": ["enska fyrir matv\u00e6lagreinar"]}, {"abbreviation": "LS", "topics": ["lestur", "m\u00e1lfr\u00e6\u00f0i", "or\u00f0afor\u00f0i", "skilningur"]}, {"abbreviation": "LT", "topics": ["lestur", "or\u00f0afor\u00f0i", "talm\u00e1l"]}, {"abbreviation": "BL", "topics": ["b\u00f3kmenntir", "lesskilningur", "ritun"]}, {"abbreviation": "BS", "topics": ["b\u00f3kmenntir", "menning", "saga"]}, {"abbreviation": "HA", "topics": ["hagn\u00fdtur or\u00f0afor\u00f0i. l\u00e6si \u00e1 fl\u00f3knari texta."]}, {"abbreviation": "OF", "topics": ["grunnor\u00f0afor\u00f0i fr\u00e6\u00f0a og v\u00edsinda.. menningarheimur nor\u00f0ur amer\u00edku"]}, {"abbreviation": "UN", "topics": ["undirb\u00fanings\u00e1fangi \u00ed ensku"]}, {"abbreviation": "LM", "topics": ["lestur og menning", "tj\u00e1ning"]}, {"abbreviation": "TM", "topics": ["menning", "tj\u00e1ning og skapandi skrif"]}, {"abbreviation": "MB", "topics": ["b\u00f3kmenntir", "menning og ritun"]}, {"abbreviation": "EX", "topics": ["extensive vocabulary and expression"]}, {"abbreviation": "ML", "topics": ["m\u00e1lnotkun og l\u00e6si"]}, {"abbreviation": "AA", "topics": ["akadem\u00edskur or\u00f0afor\u00f0i", "fj\u00f6lbreyttir textar", "fyrsti \u00e1fangi \u00ed ensku."]}, {"abbreviation": "YN", "topics": ["yndislestur"]}, {"abbreviation": "BB", "topics": ["akadem\u00edskur or\u00f0afor\u00f0i", "annar \u00e1fangi \u00ed ensku.", "fj\u00f6lbreyttir textar"]}, {"abbreviation": "FA", "topics": ["fagor\u00f0afor\u00f0i"]}, {"abbreviation": "AH", "topics": ["akadem\u00edskur or\u00f0afor\u00f0i", "fj\u00f6lbreyttir textar. hra\u00f0fer\u00f0 \u00ed ensku."]}, {"abbreviation": "BH", "topics": ["akadem\u00edskur or\u00f0afor\u00f0i", "fj\u00f6lbreyttir textar. \u00f6nnur hra\u00f0fer\u00f0 \u00ed ensku."]}, {"abbreviation": "EE", "topics": ["b\u00f3kmenntir", "fj\u00f6lmi\u00f0latextar."]}, {"abbreviation": "LR", "topics": ["lestur", "ritun", "tj\u00e1ning og hlustun"]}, {"abbreviation": "DD", "topics": ["b\u00f3kmenntir"]}, {"abbreviation": "M\u00c1", "topics": ["m\u00e1lfr\u00e6\u00f0i a"]}, {"abbreviation": "CC", "topics": ["b\u00f3kmenntir", "krefjandi or\u00f0afor\u00f0i", "ritun"]}, {"abbreviation": "CH", "topics": ["krefjandi or\u00f0afor\u00f0i"]}, {"abbreviation": "L\u00c9", "topics": ["l\u00e9ttlestur"]}, {"abbreviation": "OH", "topics": ["hlustun", "or\u00f0afor\u00f0i", "talm\u00e1l og ritun"]}, {"abbreviation": "LO", "topics": ["lesskilningur", "m\u00e1lfr\u00e6\u00f0i", "or\u00f0afor\u00f0i"]}, {"abbreviation": "MO", "topics": ["m\u00e1lfr\u00e6\u00f0i", "or\u00f0afor\u00f0i", "stig b1 \u00ed evr\u00f3pska tungum\u00e1larammanum"]}, {"abbreviation": "OB", "topics": ["b\u00f3kmenntir", "or\u00f0afor\u00f0i", "stig b2 \u00ed evr\u00f3pska tungum\u00e1larammanum"]}, {"abbreviation": "RB", "topics": ["b\u00f3kmenntir", "ritun"]}, {"abbreviation": "RL", "topics": ["lestur", "m\u00e1lfr\u00e6\u00f0i", "ritun og or\u00f0afor\u00f0i"]}], "_id": "50c0a02dd8e40575f7f6f488", "subjects": ["enska"], "counter": {"1": 0, "3": 0, "2": 0, "4": 0}}, "evaluation": "S\u00edmats\u00e1fangi en lokapr\u00f3f fyrir \u00fe\u00e1 sem n\u00e1 ekki l\u00e1gmarks\u00e1rangri", "categorization_suggestion": "", "embedded_topics": [{"abbreviation": "HA", "topics": ["hagn\u00fdtur or\u00f0afor\u00f0i. l\u00e6si \u00e1 fl\u00f3knari texta."]}], "status": "approved by school", "description": "\u00cd \u00feessum byrjunar\u00e1fanga \u00ed ensku er \u00e1hersla l\u00f6g\u00f0 \u00e1 a\u00f0 nemendur ver\u00f0i vel l\u00e6sir \u00e1 fl\u00f3knari texta en \u00e1\u00f0ur. \u00deeir ver\u00f0a \u00fej\u00e1lfa\u00f0ir \u00ed a\u00f0 tileinka s\u00e9r grunnor\u00f0afor\u00f0a v\u00edsinda og fr\u00e6\u00f0a, tj\u00e1 hugsun s\u00edna sk\u00fdrt \u00ed r\u00e6\u00f0u og riti og r\u00f6ksty\u00f0ja sko\u00f0anir s\u00ednar. \u00c1hersla er l\u00f6g\u00f0 \u00e1 vandlegan lestur texta me\u00f0 \u00fea\u00f0 fyrir augum a\u00f0 byggja upp virkan og hagn\u00fdtan or\u00f0afor\u00f0a. Lesi\u00f0 er b\u00f3kmenntaverk \u00far hinum enskum\u00e6landi menningarheimi. Nemendur vinna \u00ed auknum m\u00e6li sj\u00e1lfst\u00e6tt a\u00f0 vi\u00f0ameiri verkefnum svo sem kynningum og st\u00e6rri ritunarverkefnum.", "knowledge_goals": ["\u00feverfaglegum or\u00f0afor\u00f0a til markvissrar notkunar \u00ed n\u00e1mi \u00e1 h\u00e1sk\u00f3lastigi", "rithef\u00f0um sem vi\u00f0 eiga \u00ed textasm\u00ed\u00f0, m.a. inngangi me\u00f0 efnisyr\u00f0ingu, meginm\u00e1li me\u00f0 vel afm\u00f6rku\u00f0um efnisgreinum og ni\u00f0urlagi"], "skills_goals": ["lesa fj\u00f6lbreyttar ger\u00f0ir texta, b\u00e6\u00f0i fr\u00e6\u00f0ilega og b\u00f3kmenntalega", "beita \u00feeim lestrara\u00f0fer\u00f0um sem vi\u00f0 eiga eftir ger\u00f0 texta e\u00f0a vi\u00f0fangsefnis", "tj\u00e1 sig sk\u00fdrt og hn\u00f6kralaust munnlega um m\u00e1lefni sem hann hefur kynnt s\u00e9r", "tj\u00e1 sig skriflega b\u00e6\u00f0i \u00e1 formlegan og \u00f3formlegan h\u00e1tt"], "credits": 5, "last_modified": 1323251741, "schools": [], "coauthors": [], "instructions": "Kjarna\u00e1fangi \u00e1 \u00f6llum brautum", "continued_education": false, "level": 2, "prerequisites": "Engar", "author": "b68f32cf-f5e7-4436-8857-8f510bbb44c9", "abbreviation_version": null, "competence_goals": [["skilja daglegt m\u00e1l, fj\u00f6lmi\u00f0laefni, inntak erinda, fr\u00e6\u00f0igreinar og anna\u00f0 fl\u00f3knara efni"], ["taka \u00fe\u00e1tt \u00ed sko\u00f0anaskiptum, f\u00e6ra r\u00f6k fyrir m\u00e1li s\u00ednu og svara m\u00f3tb\u00e1rum og gagnr\u00f6kum \u00e1 vi\u00f0eigandi h\u00e1tt"], ["tj\u00e1 sig sk\u00fdrt, lipurlega og bla\u00f0alaust frammi fyrir \u00e1heyrendum um s\u00e9rvali\u00f0 efni sem hann hefur kynnt s\u00e9r"], ["skrifa formlegan og \u00f3formlegan texta og beita rithef\u00f0um sem vi\u00f0 eiga \u00ed textasm\u00ed\u00f0"], ["n\u00fdta n\u00fdjan or\u00f0afor\u00f0a \u00ed r\u00e6\u00f0u og riti."]], "_id": "51265b3d62933a77194c91bc"}, {"exemplary": null, "topics": "hornf\u00f6ll, vigrar o.fl.", "abbreviation": "ST\u00c6R3VH05", "former_schools": ["512350238caa45ed97015b3f"], "subject": "st\u00e6r\u00f0fr\u00e6\u00f0i", "title": "Hornaf\u00f6ll, vigrar o.fl.", "version": 13, "status_trans": "Sam\u00feykkt af sk\u00f3la", "embedded_subject": {"abbreviation": "ST\u00c6R", "topics": [{"abbreviation": "FN", "topics": ["fylkjareikningur", "l\u00ednuleg bestun", "netafr\u00e6\u00f0i"]}, {"abbreviation": "HR", "topics": ["heildun", "ra\u00f0ir", "runur", "r\u00famm\u00e1l sn\u00fa\u00f0s"]}, {"abbreviation": "DF", "topics": ["deildun", "f\u00f6ll", "markgildi"]}, {"abbreviation": "TD", "topics": ["deildaj\u00f6fnur", "tvinnt\u00f6lur"]}, {"abbreviation": "HV", "topics": ["hornaf\u00f6ll", "vigrar"]}, {"abbreviation": "T\u00c1", "topics": ["t\u00f6lfr\u00e6\u00f0i", "\u00e1lyktunart\u00f6lfr\u00e6\u00f0i"]}, {"abbreviation": "LT", "topics": ["l\u00edkindareikningur", "talningafr\u00e6\u00f0i", "t\u00f6lfr\u00e6\u00f0i"]}, {"abbreviation": "AT", "topics": ["algebra", "j\u00f6fnur", "talnafr\u00e6\u00f0i"]}, {"abbreviation": "AF", "topics": ["algebra", "f\u00f6ll", "gr\u00f6f"]}, {"abbreviation": "HM", "topics": ["h\u00e1t\u00ed\u00f0isdagar", "merkisdagar"]}, {"abbreviation": "GS", "topics": ["grunna\u00f0ger\u00f0ir"]}, {"abbreviation": "VG", "topics": ["grunna\u00f0ger\u00f0ir", "ver\u00f0\u00fatreikningar"]}, {"abbreviation": "MU", "topics": ["m\u00e6lieiningar", "uppskriftir"]}, {"abbreviation": "HP", "topics": ["heimilisinnkaup"]}, {"abbreviation": "RD", "topics": ["d\u00e6mareikningur", "r\u00f6khugsun"]}, {"abbreviation": "VK", "topics": ["keilusni\u00f0", "vigrar"]}, {"abbreviation": "AL", "topics": ["algebra"]}, {"abbreviation": "HA", "topics": ["hagn\u00fdt st\u00e6r\u00f0fr\u00e6\u00f0i daglegs l\u00edfs"]}, {"abbreviation": "AX", "topics": ["f\u00f6ll og deildun"]}, {"abbreviation": "AN", "topics": ["hornafr\u00e6\u00f0i", "keilusni\u00f0", "vigrar"]}, {"abbreviation": "CT", "topics": ["t\u00f6lfr\u00e6\u00f0i og l\u00edkindafr\u00e6\u00f0i"]}, {"abbreviation": "BR", "topics": ["klass\u00edsk r\u00famfr\u00e6\u00f0i"]}, {"abbreviation": "BH", "topics": ["algebra", "b", "h", "margli\u00f0ur og fleygbogar"]}, {"abbreviation": "GN", "topics": ["grunn\u00e1fangi \u00e1 n\u00e1tt\u00faruv\u00edsindabraut"]}, {"abbreviation": "LH", "topics": ["hornaf\u00f6ll og vigrar o.fl.", "lotubundin f\u00f6ll"]}, {"abbreviation": "FH", "topics": ["grunn\u00e1fangi \u00e1 f\u00e9lags- og hugv\u00edsindabraut"]}, {"abbreviation": "T\u00d6", "topics": ["undirst\u00f6\u00f0uatri\u00f0i t\u00f6lfr\u00e6\u00f0i"]}, {"abbreviation": "VH", "topics": ["hornf\u00f6ll", "vigrar o.fl."]}, {"abbreviation": "FD", "topics": ["algengustu f\u00f6ll", "deildun \u00feeirra og helstu eiginleikar"]}, {"abbreviation": "\u00deR", "topics": ["\u00fer\u00edv\u00ed\u00f0 r\u00famfr\u00e6\u00f0i"]}, {"abbreviation": "SS", "topics": ["strj\u00e1l st\u00e6r\u00f0fr\u00e6\u00f0i"]}, {"abbreviation": "TF", "topics": ["\u00e1lyktunart\u00f6lfr\u00e6\u00f0i"]}, {"abbreviation": "UA", "topics": ["a", "upprifjun"]}, {"abbreviation": "UB", "topics": ["b", "undirb\u00faningur"]}, {"abbreviation": "HS", "topics": ["hagn\u00fdt", "st\u00e6r\u00f0fr\u00e6\u00f0i"]}, {"abbreviation": "TS", "topics": ["st\u00e6r\u00f0fr\u00e6\u00f0i", "t\u00f6luleg"]}, {"abbreviation": "AJ", "topics": ["algebra", "j\u00f6fnur"]}, {"abbreviation": "FJ", "topics": ["f\u00f6ll", "j\u00f6fnur"]}, {"abbreviation": "TL", "topics": ["l\u00edkindareikningur", "t\u00f6lfr\u00e6\u00f0i"]}, {"abbreviation": "DH", "topics": ["deildarj\u00f6fnur", "heildi"]}, {"abbreviation": "FA", "topics": ["aflei\u00f0ur", "ferlaranns\u00f3knir"]}, {"abbreviation": "RT", "topics": ["ranns\u00f3knir", "t\u00f6lfr\u00e6\u00f0i"]}, {"abbreviation": "Y\u00c1", "topics": ["yfirlit", "\u00e1fangi"]}, {"abbreviation": "SG", "topics": ["greining", "st\u00e6r\u00f0fr\u00e6\u00f0i"]}, {"abbreviation": "GR", "topics": ["grunn\u00e1fangi \u00ed st\u00e6r\u00f0fr\u00e6\u00f0i"]}, {"abbreviation": "MF", "topics": ["f\u00f6ll", "margli\u00f0ur"]}, {"abbreviation": "HO", "topics": ["hornafr\u00e6\u00f0i", "vigrar"]}, {"abbreviation": "DM", "topics": ["deildun", "markgildi"]}, {"abbreviation": "RH", "topics": ["heildun", "ra\u00f0ir", "runur"]}, {"abbreviation": "FT", "topics": ["brei\u00f0bogaf\u00f6ll", "fylkjareikningur", "tvinnt\u00f6lur"]}, {"abbreviation": "D\u00c6", "topics": ["d\u00e6gurd\u00e6mi"]}, {"abbreviation": "R\u00da", "topics": ["r\u00famfr\u00e6\u00f0i", "\u00fer\u00edv\u00eddd"]}, {"abbreviation": "D\u00d3", "topics": ["deildi", "\u00f3bein deildun. heildi og heildunara\u00f0fer\u00f0ir. fyrsta stigs deildaj\u00f6fnur."]}, {"abbreviation": "HT", "topics": ["2. stigs diffurj\u00f6fnur . runur og ra\u00f0ir", "hagn\u00fdting heildareiknings", "samleitnipr\u00f3f.", "tvinnt\u00f6lur"]}, {"abbreviation": "AG", "topics": ["r\u00famfr\u00e6\u00f0i", "t\u00f6lur og algebra"]}, {"abbreviation": "UN", "topics": ["undirb\u00fanings\u00e1fangi \u00ed st\u00e6r\u00f0fr\u00e6\u00f0i"]}, {"abbreviation": "FS", "topics": ["f\u00f6ll og r\u00f6kfr\u00e6\u00f0i", "st\u00e6r\u00f0fr\u00e6\u00f0i \u2013 talnafr\u00e6\u00f0i"]}, {"abbreviation": "L\u00c6", "topics": ["l\u00edkindafr\u00e6\u00f0i og fj\u00e1rm\u00e1lal\u00e6si", "t\u00f6lfr\u00e6\u00f0i"]}, {"abbreviation": "LE", "topics": ["t\u00f6lvugraf\u00edk og t\u00f6lvuleikir"]}, {"abbreviation": "BN", "topics": ["algebra", "b", "margli\u00f0ur og fleygbogar", "n"]}, {"abbreviation": "BX", "topics": ["algebra", "b", "fleygbogar", "lograr", "x"]}, {"abbreviation": "AH", "topics": ["algebra", "f\u00f6ll", "hornafr\u00e6\u00f0i", "margli\u00f0ur", "mengi"]}, {"abbreviation": "AR", "topics": ["algebra", "r\u00famfr\u00e6\u00f0i"]}, {"abbreviation": "JM", "topics": ["t\u00f6lur mengi  j\u00f6fnur r\u00f6kfr\u00e6\u00f0i talningarfr\u00e6\u00f0i"]}, {"abbreviation": "VI", "topics": ["vigrar hornaf\u00f6ll f\u00f6ll"]}, {"abbreviation": "DR", "topics": ["deildarj\u00f6fnu", "heildun", "runur og ra\u00f0ir"]}, {"abbreviation": "DE", "topics": ["deildun"]}, {"abbreviation": "HD", "topics": ["deildaj\u00f6fnun", "heildun", "ra\u00f0ir", "runur"]}, {"abbreviation": "HE", "topics": ["1.stigs deildarj\u00f6fnur.", "heildun", "runur og ra\u00f0ir"]}, {"abbreviation": "RF", "topics": ["r\u00famfr\u00e6\u00f0i"]}, {"abbreviation": "FO", "topics": ["forn\u00e1ms\u00e1fangi"]}, {"abbreviation": "AP", "topics": ["algengar reiknia\u00f0ger\u00f0ir", "peningar og m\u00e6lieiningar", "t\u00edmat\u00e1kn"]}, {"abbreviation": "SF", "topics": ["Forn\u00e1m \u00ed st\u00e6r\u00f0fr\u00e6\u00f0i"]}, {"abbreviation": "BB", "topics": ["Forn\u00e1m 2"]}, {"abbreviation": "RA", "topics": ["Algebra", "f\u00f6ll", "r\u00famfr\u00e6\u00f0i", "t\u00f6lfr\u00e6\u00f0i"]}, {"abbreviation": "L\u00c1", "topics": ["l\u00fdsandi t\u00f6lfr\u00e6\u00f0i", "t\u00f6flureiknir", "\u00e1lyktunart\u00f6lfr\u00e6\u00f0i"]}, {"abbreviation": "TJ", "topics": ["Almennur talnareikningur", "form\u00falur", "j\u00f6fnur", "pr\u00f3sentur"]}, {"abbreviation": "JH", "topics": ["J\u00f6fnur", "hlutf\u00f6ll", "hnitakerfi\u00f0", "talname\u00f0fer\u00f0"]}, {"abbreviation": "RV", "topics": ["hornafr\u00e6\u00f0i \u00fer\u00edhyrnings", "hornaf\u00f6ll", "vigrar"]}, {"abbreviation": "DT", "topics": ["deildaj\u00f6fnur", "heildi", "samleitni", "tvinnt\u00f6lur"]}, {"abbreviation": "DS", "topics": ["deildaj\u00f6fnur", "samleitni", "tvinnt\u00f6lur"]}, {"abbreviation": "\u00deV", "topics": ["keilusni\u00f0", "vigrar", "\u00fer\u00edv\u00ed\u00f0 r\u00famfr\u00e6\u00f0i"]}, {"abbreviation": "FG", "topics": ["algebra", "f\u00f6ll", "gr\u00f6f", "veldi og r\u00e6tur"]}, {"abbreviation": "CX", "topics": ["f\u00f6ll og deildun fyri M\u00c1L og F\u00c9L"]}, {"abbreviation": "A\u00de", "topics": ["a", "\u00ferautalausnir"]}, {"abbreviation": "C\u00de", "topics": ["\u00derautalausnir"]}, {"abbreviation": "DN", "topics": ["algebra", "margli\u00f0ur og fleygbogar"]}, {"abbreviation": "UT", "topics": ["t\u00f6lfr\u00e6\u00f0i"]}, {"abbreviation": "OJ", "topics": ["t\u00f6lugildi og j\u00f6fnuhneppi", "\u00f3j\u00f6fnur"]}, {"abbreviation": "RG", "topics": ["R\u00famfr\u00e6\u00f0i me\u00f0 GeoGebru"]}, {"abbreviation": "HG", "topics": ["hagn\u00fdt st\u00e6r\u00f0fr\u00e6\u00f0i"]}, {"abbreviation": "AA", "topics": ["algengar reiknia\u00f0ger\u00f0ir"]}, {"abbreviation": "HL", "topics": ["Heildun"]}, {"abbreviation": "FM", "topics": ["F\u00f6ll", "markgildi og deildun algengustu falla"]}, {"abbreviation": "SH", "topics": ["St\u00e6r\u00f0fr\u00e6\u00f0igreining", "deildaj\u00f6fnur", "heildun", "runur og ra\u00f0ir"]}, {"abbreviation": "MA", "topics": ["Mengi", "algebra"]}, {"abbreviation": "HK", "topics": ["Hornaf\u00f6ll", "keilusni\u00f0", "vigrar"]}, {"abbreviation": "RM", "topics": ["R\u00famfr\u00e6\u00f0i"]}, {"abbreviation": "AB", "topics": ["almenn brot"]}, {"abbreviation": "RR", "topics": ["Hagn\u00fdting heildareiknings", "runur og ra\u00f0ir"]}, {"abbreviation": "HB", "topics": ["Hnit og b\u00f3kstafareikningur"]}, {"abbreviation": "RU", "topics": ["R\u00famfr\u00e6\u00f0i og hornaf\u00f6ll"]}, {"abbreviation": "VJ", "topics": ["Veldi og j\u00f6fnur"]}, {"abbreviation": "GA", "topics": ["Grunna\u00f0ger\u00f0ir algebru"]}, {"abbreviation": "AD", "topics": ["algebra", "brot", "hlutfallareikningur"]}, {"abbreviation": "B\u00c1", "topics": ["Br\u00faar\u00e1fangi"]}, {"abbreviation": "SB", "topics": ["St\u00e6r\u00f0fr\u00e6\u00f0ibr\u00fa"]}, {"abbreviation": "SL", "topics": ["St\u00e6r\u00f0fr\u00e6\u00f0il\u00edk\u00f6n"]}, {"abbreviation": "ST", "topics": ["St\u00e6r\u00f0fr\u00e6\u00f0igrunnur", "f\u00f6ll og  hnitakerfi", "j\u00f6fnur", "r\u00famfr\u00e6\u00f0i"]}, {"abbreviation": "MV", "topics": ["Mengi", "hornaf\u00f6ll", "talningarfr\u00e6\u00f0i", "vigrar og keilusni\u00f0"]}, {"abbreviation": "FF", "topics": ["F\u00f6ll og ferlar"]}, {"abbreviation": "MD", "topics": ["F\u00f6ll", "margli\u00f0udeiling", "markgildi og deildun algengustu falla"]}, {"abbreviation": "SR", "topics": ["St\u00e6r\u00f0fr\u00e6\u00f0igreining", "fylkjareikningur", "heildun", "l\u00ednuleg bestun", "runur og ra\u00f0ir", "\u00ferepasannanir og margv\u00ed\u00f0 f\u00f6ll"]}], "_id": "50c0a02dd8e40575f7f6f490", "subjects": ["st\u00e6r\u00f0fr\u00e6\u00f0i"], "counter": {"1": 9, "3": 13, "2": 14, "4": 0}}, "evaluation": "Lokapr\u00f3f og vinnueinkunn", "categorization_suggestion": "", "embedded_topics": [{"abbreviation": "VH", "topics": ["hornf\u00f6ll", "vigrar o.fl."]}], "status": "approved by school", "description": "Hornafallaj\u00f6fnur, hornafalla\u00f3j\u00f6fnur, keilusni\u00f0, jafna hrings og sporbaugs, stikun og ofanvarp. F\u00f6ll og ferlar", "knowledge_goals": ["einf\u00f6ldum hornafallaj\u00f6fnum og \u00f3j\u00f6fnum", "keilusni\u00f0unum, j\u00f6fnum \u00feeirra og r\u00famfr\u00e6\u00f0ilegum eiginleikum", "vigrum og vigurreikningi", "f\u00f6llum og helstu fallahugt\u00f6kum"], "skills_goals": ["leysa hornafallaj\u00f6fnur og \u00f3j\u00f6fnur", "\u00feekkja j\u00f6fnur keilusni\u00f0a", "stika einfalda ferla og finna j\u00f6fnur \u00feeirra", "me\u00f0h\u00f6ndla fallst\u00e6\u00f0ur og fallahugt\u00f6k"], "credits": 5, "last_modified": 1323856487, "schools": [], "coauthors": [], "instructions": "Kjarna\u00e1fangi \u00e1 n\u00e1tt\u00faruv\u00edsindabraut", "continued_education": false, "level": 3, "prerequisites": "ST\u00c6R2LH05", "author": "b68f32cf-f5e7-4436-8857-8f510bbb44c9", "abbreviation_version": null, "competence_goals": [["skr\u00e1 lausnir s\u00ednar skipulega, skiptast \u00e1 sko\u00f0unum vi\u00f0 a\u00f0ra um \u00fe\u00e6r og \u00fatsk\u00fdra hugmyndir s\u00ednar og verk skilmerkilega \u00e1 vi\u00f0eigandi h\u00e1tt"], ["\u00e1tta sig \u00e1 tengslum \u00f3l\u00edkra a\u00f0fer\u00f0a vi\u00f0 framsetningu st\u00e6r\u00f0fr\u00e6\u00f0ilegra hugmynda og vi\u00f0fangsefna"], ["skilja merkingu og tengsl hugtaka \u00ed n\u00e1msefninu og vinna me\u00f0 \u00feau"], ["geta fylgt og skili\u00f0 r\u00f6ksemdir og r\u00f6ksamhengi \u00ed m\u00e6ltu m\u00e1li og texta, \u00fear me\u00f0 taldar sannanir \u00ed n\u00e1msefni"], ["beita skipulegum a\u00f0fer\u00f0um vi\u00f0 a\u00f0 leysa \u00far vi\u00f0fangsefnum og \u00ferautum, s. s. \u00fat fr\u00e1 \u00feekkingu \u00e1 lausnum svipa\u00f0ra \u00ferauta, unni\u00f0 til baka fr\u00e1 \u00feekktum st\u00e6r\u00f0um e\u00f0a me\u00f0 \u00fev\u00ed a\u00f0 setja upp j\u00f6fnur"]], "_id": "51265b3d62933a77194c91e0"}, {"exemplary": "false", "topics": "3. \u00e1fangi \u00ed efnafr\u00e6\u00f0i \u00e1 n\u00e1tt\u00faruv\u00edsindabraut, jafnv\u00e6gi, lofttegundir, oxun og afoxun", "abbreviation": "EFNA3JL05", "former_schools": ["512350238caa45ed97015b3f"], "subject": "efnafr\u00e6\u00f0i", "title": "Jafnv\u00e6gi, lofttegundir, oxun og afoxun, 3. \u00e1fangi \u00ed efnafr\u00e6\u00f0i \u00e1 n\u00e1tt\u00faruv\u00edsindabraut", "version": 5, "status_trans": "Sam\u00feykkt af sk\u00f3la", "embedded_subject": {"abbreviation": "EFNA", "topics": [{"abbreviation": "AE", "topics": ["almenn efnafr\u00e6\u00f0i"]}, {"abbreviation": "EF", "topics": ["efnafr\u00e6\u00f0i framhald"]}, {"abbreviation": "LR", "topics": ["l\u00edfr\u00e6n efnafr\u00e6\u00f0i"]}, {"abbreviation": "LE", "topics": ["l\u00edfefnafr\u00e6\u00f0i"]}, {"abbreviation": "DA", "topics": ["framhald", "\u00f3l\u00edfr\u00e6n efnafr\u00e6\u00f0i"]}, {"abbreviation": "DL", "topics": ["framhald \u00ed l\u00edfr\u00e6nni efnafr\u00e6\u00f0i og l\u00edfefnafr\u00e6\u00f0i"]}, {"abbreviation": "CL", "topics": ["l\u00edfr\u00e6n efnafr\u00e6\u00f0i og l\u00edfefnafr\u00e6\u00f0i"]}, {"abbreviation": "FH", "topics": ["almenn efnafr\u00e6\u00f0i", "grunn\u00e1fangi \u00ed efnafr\u00e6\u00f0i fyrir hug- og f\u00e9lagsv\u00edsindadeild"]}, {"abbreviation": "AM", "topics": ["at\u00f3m", "m\u00f3l og efnahv\u00f6rf. byrjunar\u00e1fangi \u00ed efnafr\u00e6\u00f0i \u00e1 n\u00e1tt\u00faruv\u00edsindabraut"]}, {"abbreviation": "EH", "topics": ["2. \u00e1fangi \u00ed efnafr\u00e6\u00f0i \u00e1 n\u00e1tt\u00faruv\u00edsindabraut", "efnatengi", "hra\u00f0i og orka"]}, {"abbreviation": "JL", "topics": ["3. \u00e1fangi \u00ed efnafr\u00e6\u00f0i \u00e1 n\u00e1tt\u00faruv\u00edsindabraut", "jafnv\u00e6gi", "lofttegundir", "oxun og afoxun"]}, {"abbreviation": "L\u00cd", "topics": ["l\u00edfr\u00e6n- og l\u00edfefnafr\u00e6\u00f0i"]}, {"abbreviation": "CA", "topics": ["almenn efnafr\u00e6\u00f0i", "\u00e1framhald"]}, {"abbreviation": "BA", "topics": ["almenn efnafr\u00e6\u00f0i", "framhald"]}, {"abbreviation": "AK", "topics": ["inngagnur a\u00f0 efnafr\u00e6\u00f0i"]}, {"abbreviation": "IE", "topics": ["inngangur a\u00f0 efnafr\u00e6\u00f0i"]}, {"abbreviation": "FE", "topics": ["framhalds\u00e1fangi \u00ed efnafr\u00e6\u00f0i"]}, {"abbreviation": "LV", "topics": ["lokaverkefni"]}, {"abbreviation": "RL", "topics": ["lotubundnir eiginleikar", "rafefnafr\u00e6\u00f0i og kjarnaefnafr\u00e6\u00f0i"]}, {"abbreviation": "KE", "topics": ["a\u00f0sto\u00f0 vi\u00f0 kennslu 1. bekkjar nema \u00e1 n\u00e1tt\u00faruv\u00edsindabraut. framhalds\u00e1fangi \u00ed efnafr\u00e6\u00f0i \u00e1 n\u00e1tt\u00faruv\u00edsindabraut"]}, {"abbreviation": "EA", "topics": ["byrjunar\u00e1fangi \u00ed efnafr\u00e6\u00f0i \u00e1 n\u00e1tt\u00faruv\u00edsindabraut", "efnasamb\u00f6nd og efnaj\u00f6fnur", "uppbygging at\u00f3ma"]}, {"abbreviation": "EM", "topics": ["efnahv\u00f6rf", "m\u00f3lstyrkur og orka"]}, {"abbreviation": "HE", "topics": ["efnaftengi", "hra\u00f0afr\u00e6\u00f0i og efnafr\u00e6\u00f0i lofttegunda"]}, {"abbreviation": "AA", "topics": ["byrjunar\u00e1fangi \u00ed efnafr\u00e6\u00f0i \u00e1 n\u00e1tt\u00farufr\u00e6\u00f0ibraut"]}, {"abbreviation": "XB", "topics": ["efnahv\u00f6rf", "framhalds\u00e1fangi \u00ed efnafr\u00e6\u00f0i"]}, {"abbreviation": "GE", "topics": ["gasl\u00f6gm\u00e1li\u00f0", "hra\u00f0i efnahvarfa", "orka \u00ed efnahv\u00f6rfum"]}, {"abbreviation": "LM", "topics": ["grunnhugt\u00f6k", "lotukerfi\u00f0", "m\u00f3lhugtaki\u00f0"]}, {"abbreviation": "JA", "topics": ["jafnv\u00e6gi", "\u00f3l\u00edfr\u00e6n efnafr\u00e6\u00f0i"]}, {"abbreviation": "EG", "topics": ["gasl\u00f6gm\u00e1li\u00f0", "hra\u00f0i og orka", "jafnv\u00e6gi", "orka \u00ed efnahv\u00f6rfum"]}, {"abbreviation": "LO", "topics": ["byrjunar\u00e1fangi \u00ed efnafr\u00e6\u00f0i \u00e1 n\u00e1tt\u00farufr\u00e6\u00f0ibraut", "efnasamb\u00f6nd og efnaj\u00f6fnur", "lotukerfi\u00f0", "m\u00f3lhugtaki\u00f0"]}, {"abbreviation": "RA", "topics": ["efnahv\u00f6rf", "rafefnafr\u00e6\u00f0i og kjarnaefnafr\u00e6\u00f0i"]}, {"abbreviation": "EE", "topics": ["at\u00f3m", "efnasamb\u00f6nd og efnahv\u00f6rf", "frumefni"]}, {"abbreviation": "FR", "topics": ["framhalds\u00e1fangi \u00ed almennri efnafr\u00e6\u00f0i"]}, {"abbreviation": "ZZ", "topics": ["Jafnv\u00e6gi", "lofttegundir", "oxun og afoxun"]}], "_id": "50c0a02dd8e40575f7f6f4f3", "subjects": ["efnafr\u00e6\u00f0i"], "counter": {"1": 0, "3": 5, "2": 9, "4": 0}}, "evaluation": "Vinnueinkunn og lokapr\u00f3f", "categorization_suggestion": "", "embedded_topics": {"abbreviation": "JL", "topics": ["3. \u00e1fangi \u00ed efnafr\u00e6\u00f0i \u00e1 n\u00e1tt\u00faruv\u00edsindabraut", "jafnv\u00e6gi", "lofttegundir", "oxun og afoxun"]}, "status": "approved by school", "description": "\u00cd \u00feessum s\u00ed\u00f0asta skyldu\u00e1fanga sem er \u00e1 3. \u00ferepi er aukin \u00e1hersla \u00e1 a\u00f0 nemendur geti n\u00fdtt s\u00e9r markvisst fyrri \u00feekkingu, s\u00fdni sj\u00e1lfst\u00e6\u00f0ari vinnubr\u00f6g\u00f0 og tengi saman fleiri og fl\u00f3knari efnis\u00fe\u00e6tti.\nEfnis\u00fe\u00e6ttir sem teknir ver\u00f0a fyrir \u00ed \u00e1fanganum eru: efnafr\u00e6\u00f0i lofttegunda, jafnv\u00e6gi \u00ed efnahv\u00f6rfum, s\u00fdrur og basar, jafnalausnir, t\u00edtranir og leysnimargfeldi, orka \u00ed efnahv\u00f6rfum og oxun og afoxun. ", "knowledge_goals": ["efnafr\u00e6\u00f0i lofttegunda", "jafnv\u00e6gi \u00ed efnahv\u00f6rfum", "efnafr\u00e6\u00f0i s\u00fdra og basa og jafnv\u00e6gi hj\u00e1 daufum s\u00fdrum og b\u00f6sum", "efnafr\u00e6\u00f0i lausna, jafnalausnum, t\u00edtrunum og leysnimargfeldi", "sj\u00e1lfgengni efnahvarfa, Gibbs fr\u00edorku og tengslum hennar vi\u00f0 jafnv\u00e6gisfastann", "oxun og afoxun", "samspili s\u00fdru og basa, jafnv\u00e6gis, orku \u00ed efnahv\u00f6rfum og efnafr\u00e6\u00f0i lausna"], "skills_goals": ["nota gasl\u00edkinguna og reikna hlut\u00fer\u00fdsting", "nota jafnv\u00e6gisfasta og jafnv\u00e6gisstyrki til \u00fatreikninga og nota reglu Le Ch\u00e2telier", "vinna me\u00f0 fl\u00f3knari \u00fatreikninga tengda s\u00fdrum og b\u00f6sum en \u00e1\u00f0ur", "reikna orkubreytingar \u00ed efnahv\u00f6rfum og tengja saman orkubreytingar og jafnv\u00e6gis\u00e1stand", "vinna me\u00f0 oxun og afoxun efna \u00ed tengslum vi\u00f0 rafefnafr\u00e6\u00f0i", "s\u00fdna sj\u00e1lfst\u00e6\u00f0i vi\u00f0 framkv\u00e6md verklegra \u00e6finga og skrifa g\u00f3\u00f0a einstaklingssk\u00fdrslu", "sj\u00e1 tengsl milli \u00e1\u00f0urnefndra n\u00e1ms\u00fe\u00e1tta \u00ed st\u00e6rra samhengi"], "credits": 5, "last_modified": 1328024946, "schools": [], "coauthors": [], "instructions": "Kjarna\u00e1fangi \u00e1 n\u00e1tt\u00faruv\u00edsindabraut", "continued_education": false, "level": 3, "prerequisites": "EFNA2EH05", "author": "b68f32cf-f5e7-4436-8857-8f510bbb44c9", "abbreviation_version": null, "competence_goals": [["sj\u00e1 tengslin milli n\u00e1tt\u00farufr\u00e6\u00f0igreina og geta yfirf\u00e6rt \u00feekkingu \u00e1 milli \u00feeirra", ""], ["tengja saman efnis\u00fe\u00e6tti efnafr\u00e6\u00f0innar vi\u00f0 lausn fl\u00f3kinna verkefna", ""], ["leggja mat \u00e1 \u00e1rei\u00f0anleika ni\u00f0ursta\u00f0na ranns\u00f3kna sinna og annarra", ""], ["standa undir auknum kr\u00f6fum um sj\u00e1lfst\u00e6\u00f0i \u00ed vinnubr\u00f6g\u00f0um og  \u00e1byrg\u00f0 \u00e1 eigin n\u00e1msframvindu", ""], ["n\u00fdta s\u00e9r fl\u00f3kinn texta og g\u00f6gn \u00e1 markvissan h\u00e1tt", ""], ["n\u00fdta \u00feekkingu \u00far efnafr\u00e6\u00f0i til a\u00f0 taka \u00e1kvar\u00f0anir, mynda s\u00e9r sko\u00f0anir og taka \u00fe\u00e1tt \u00ed r\u00f6kr\u00e6\u00f0um sem byggja \u00e1 \u00feekkingu \u00ed efnafr\u00e6\u00f0i", ""], ["meta eigin frammist\u00f6\u00f0u og annarra \u00e1 gagnr\u00fdninn h\u00e1tt", ""], ["tengja efnafr\u00e6\u00f0ina vi\u00f0 daglegt l\u00edf og umhverfi og sj\u00e1 notagildi hennar", ""], ["takast \u00e1 vi\u00f0 frekara n\u00e1m \u00ed efnafr\u00e6\u00f0i \u00e1 h\u00e1sk\u00f3lastigi", ""]], "_id": "51265b3d62933a77194c924c"}, {"exemplary": null, "topics": "lokaverkefni: heimildaritger\u00f0", "abbreviation": "LOKA3LH03", "former_schools": null, "subject": "lokaverkefni", "title": "Lokaverkefni: heimildaritger\u00f0", "version": 1, "status_trans": "Sam\u00feykkt af sk\u00f3la", "embedded_subject": {"abbreviation": "LOKA", "topics": [{"abbreviation": "LH", "topics": ["lokaverkefni: heimildaritger\u00f0"]}, {"abbreviation": "LR", "topics": ["lokaverkefni: ranns\u00f3kn"]}, {"abbreviation": "VE", "topics": ["sj\u00e1lfst\u00e6tt verkefni"]}, {"abbreviation": "LO", "topics": ["lokaverkefni og t\u00edskus\u00fdning"]}], "_id": "50c0a02dd8e40575f7f6f4c4", "subjects": ["lokaverkefni"], "counter": {"1": 0, "3": 0, "2": 0, "4": 0}}, "evaluation": "N\u00e1msmat fyrir lokaverkefni\u00f0 byggir \u00e1 einkunn \u00edslenskukennara (50%) og faggreinakennara (50%)", "categorization_suggestion": "", "embedded_topics": [{"abbreviation": "LH", "topics": ["lokaverkefni: heimildaritger\u00f0"]}], "status": "approved by school", "description": "\u00cd \u00e1fanganum vinna nemendur lokaverkefni sem byggir \u00e1 fr\u00e6\u00f0ilegri \u00feekkingu \u00e1 tilteknu n\u00e1mssvi\u00f0i/s\u00e9rgrein nemandans og \u00fearf vi\u00f0fangsefni\u00f0 a\u00f0 vera \u00e1 3. \u00ferepi. Nemendur f\u00e1 kennslu \u00ed heimildaritger\u00f0arsm\u00ed\u00f0 og \u00fej\u00e1lfun \u00ed \u00feeim fr\u00e6\u00f0ilegu vinnubr\u00f6g\u00f0um sem t\u00ed\u00f0kast vi\u00f0 vinnslu og fr\u00e1gang sl\u00edkrar ritger\u00f0ar. Krafist er vitsmunalegrar og verklegrar leikni til a\u00f0 vinna \u00far heimildum. \u00c6tlast er til a\u00f0 nemendur \u00f6\u00f0list h\u00e6fni til a\u00f0 n\u00fdta fyrri \u00feekkingu og skilning vi\u00f0 \u00farvinnslu efnisins. Nemendur vinna undir verkstj\u00f3rn kennara \u00e1 sj\u00e1lfst\u00e6\u00f0an h\u00e1tt sem krefst frumkv\u00e6\u00f0is, sk\u00f6punar og \u00e1byrg\u00f0ar \u00e1 eigin n\u00e1mi. ", "knowledge_goals": ["ritger\u00f0asm\u00ed\u00f0 og heimildavinnu", "helstu hugt\u00f6kum sem tengjast ger\u00f0 heimildaritger\u00f0ar"], "skills_goals": ["nota fr\u00e6\u00f0ileg vinnubr\u00f6g\u00f0 vi\u00f0 heimildaritger\u00f0arsm\u00ed\u00f0", "beita gagnr\u00fdninni hugsun vi\u00f0 \u00farvinnslu efnis", "beita skipulegum a\u00f0fer\u00f0um vi\u00f0 \u00farvinnslu efnis", "koma efni \u00e1 framf\u00e6ri \u00e1 vel uppbygg\u00f0an, sk\u00fdran og greinarg\u00f3\u00f0an h\u00e1tt", "lesa fr\u00e6\u00f0ilegan texta \u00e1 \u00edslensku og erlendu tungum\u00e1li"], "credits": 3, "last_modified": 1326447166, "schools": ["512350238caa45ed97015b3f"], "coauthors": [], "instructions": "Kjarna\u00e1fangi \u00e1 \u00f6llum brautum en nemendur hafa val um hvort \u00feeir vinna heimildaritger\u00f0 e\u00f0a ranns\u00f3knarverkefni sem lokaverkefni", "continued_education": false, "level": 3, "prerequisites": "Nemandi skal hafa loki\u00f0 a.m.k. 130 einingum af n\u00e1mi s\u00ednu til st\u00fadentspr\u00f3fs", "author": "b68f32cf-f5e7-4436-8857-8f510bbb44c9", "abbreviation_version": null, "competence_goals": [["nota \u00fdmsar a\u00f0fer\u00f0ir vi\u00f0 a\u00f0 leysa vi\u00f0fangsefni"], ["skipuleggja vinnut\u00edma sinn og forgangsra\u00f0a vi\u00f0fangsefnum"], ["n\u00fdta fyrri reynslu, \u00feekkingu og skilning vi\u00f0 \u00farlausn n\u00fdrra vi\u00f0fangsefna"], ["breyta hugmynd \u00ed afur\u00f0"]], "_id": "51265b3d62933a77194c9219"}, {"exemplary": null, "topics": "hornaf\u00f6ll og vigrar o.fl., lotubundin f\u00f6ll", "abbreviation": "ST\u00c6R2LH05", "former_schools": ["512350238caa45ed97015b3f"], "subject": "st\u00e6r\u00f0fr\u00e6\u00f0i", "title": "Lotubundin f\u00f6ll, hornaf\u00f6ll og vigrar o.fl.", "version": 8, "status_trans": "Sam\u00feykkt af sk\u00f3la", "embedded_subject": {"abbreviation": "ST\u00c6R", "topics": [{"abbreviation": "FN", "topics": ["fylkjareikningur", "l\u00ednuleg bestun", "netafr\u00e6\u00f0i"]}, {"abbreviation": "HR", "topics": ["heildun", "ra\u00f0ir", "runur", "r\u00famm\u00e1l sn\u00fa\u00f0s"]}, {"abbreviation": "DF", "topics": ["deildun", "f\u00f6ll", "markgildi"]}, {"abbreviation": "TD", "topics": ["deildaj\u00f6fnur", "tvinnt\u00f6lur"]}, {"abbreviation": "HV", "topics": ["hornaf\u00f6ll", "vigrar"]}, {"abbreviation": "T\u00c1", "topics": ["t\u00f6lfr\u00e6\u00f0i", "\u00e1lyktunart\u00f6lfr\u00e6\u00f0i"]}, {"abbreviation": "LT", "topics": ["l\u00edkindareikningur", "talningafr\u00e6\u00f0i", "t\u00f6lfr\u00e6\u00f0i"]}, {"abbreviation": "AT", "topics": ["algebra", "j\u00f6fnur", "talnafr\u00e6\u00f0i"]}, {"abbreviation": "AF", "topics": ["algebra", "f\u00f6ll", "gr\u00f6f"]}, {"abbreviation": "HM", "topics": ["h\u00e1t\u00ed\u00f0isdagar", "merkisdagar"]}, {"abbreviation": "GS", "topics": ["grunna\u00f0ger\u00f0ir"]}, {"abbreviation": "VG", "topics": ["grunna\u00f0ger\u00f0ir", "ver\u00f0\u00fatreikningar"]}, {"abbreviation": "MU", "topics": ["m\u00e6lieiningar", "uppskriftir"]}, {"abbreviation": "HP", "topics": ["heimilisinnkaup"]}, {"abbreviation": "RD", "topics": ["d\u00e6mareikningur", "r\u00f6khugsun"]}, {"abbreviation": "VK", "topics": ["keilusni\u00f0", "vigrar"]}, {"abbreviation": "AL", "topics": ["algebra"]}, {"abbreviation": "HA", "topics": ["hagn\u00fdt st\u00e6r\u00f0fr\u00e6\u00f0i daglegs l\u00edfs"]}, {"abbreviation": "AX", "topics": ["f\u00f6ll og deildun"]}, {"abbreviation": "AN", "topics": ["hornafr\u00e6\u00f0i", "keilusni\u00f0", "vigrar"]}, {"abbreviation": "CT", "topics": ["t\u00f6lfr\u00e6\u00f0i og l\u00edkindafr\u00e6\u00f0i"]}, {"abbreviation": "BR", "topics": ["klass\u00edsk r\u00famfr\u00e6\u00f0i"]}, {"abbreviation": "BH", "topics": ["algebra", "b", "h", "margli\u00f0ur og fleygbogar"]}, {"abbreviation": "GN", "topics": ["grunn\u00e1fangi \u00e1 n\u00e1tt\u00faruv\u00edsindabraut"]}, {"abbreviation": "LH", "topics": ["hornaf\u00f6ll og vigrar o.fl.", "lotubundin f\u00f6ll"]}, {"abbreviation": "FH", "topics": ["grunn\u00e1fangi \u00e1 f\u00e9lags- og hugv\u00edsindabraut"]}, {"abbreviation": "T\u00d6", "topics": ["undirst\u00f6\u00f0uatri\u00f0i t\u00f6lfr\u00e6\u00f0i"]}, {"abbreviation": "VH", "topics": ["hornf\u00f6ll", "vigrar o.fl."]}, {"abbreviation": "FD", "topics": ["algengustu f\u00f6ll", "deildun \u00feeirra og helstu eiginleikar"]}, {"abbreviation": "\u00deR", "topics": ["\u00fer\u00edv\u00ed\u00f0 r\u00famfr\u00e6\u00f0i"]}, {"abbreviation": "SS", "topics": ["strj\u00e1l st\u00e6r\u00f0fr\u00e6\u00f0i"]}, {"abbreviation": "TF", "topics": ["\u00e1lyktunart\u00f6lfr\u00e6\u00f0i"]}, {"abbreviation": "UA", "topics": ["a", "upprifjun"]}, {"abbreviation": "UB", "topics": ["b", "undirb\u00faningur"]}, {"abbreviation": "HS", "topics": ["hagn\u00fdt", "st\u00e6r\u00f0fr\u00e6\u00f0i"]}, {"abbreviation": "TS", "topics": ["st\u00e6r\u00f0fr\u00e6\u00f0i", "t\u00f6luleg"]}, {"abbreviation": "AJ", "topics": ["algebra", "j\u00f6fnur"]}, {"abbreviation": "FJ", "topics": ["f\u00f6ll", "j\u00f6fnur"]}, {"abbreviation": "TL", "topics": ["l\u00edkindareikningur", "t\u00f6lfr\u00e6\u00f0i"]}, {"abbreviation": "DH", "topics": ["deildarj\u00f6fnur", "heildi"]}, {"abbreviation": "FA", "topics": ["aflei\u00f0ur", "ferlaranns\u00f3knir"]}, {"abbreviation": "RT", "topics": ["ranns\u00f3knir", "t\u00f6lfr\u00e6\u00f0i"]}, {"abbreviation": "Y\u00c1", "topics": ["yfirlit", "\u00e1fangi"]}, {"abbreviation": "SG", "topics": ["greining", "st\u00e6r\u00f0fr\u00e6\u00f0i"]}, {"abbreviation": "GR", "topics": ["grunn\u00e1fangi \u00ed st\u00e6r\u00f0fr\u00e6\u00f0i"]}, {"abbreviation": "MF", "topics": ["f\u00f6ll", "margli\u00f0ur"]}, {"abbreviation": "HO", "topics": ["hornafr\u00e6\u00f0i", "vigrar"]}, {"abbreviation": "DM", "topics": ["deildun", "markgildi"]}, {"abbreviation": "RH", "topics": ["heildun", "ra\u00f0ir", "runur"]}, {"abbreviation": "FT", "topics": ["brei\u00f0bogaf\u00f6ll", "fylkjareikningur", "tvinnt\u00f6lur"]}, {"abbreviation": "D\u00c6", "topics": ["d\u00e6gurd\u00e6mi"]}, {"abbreviation": "R\u00da", "topics": ["r\u00famfr\u00e6\u00f0i", "\u00fer\u00edv\u00eddd"]}, {"abbreviation": "D\u00d3", "topics": ["deildi", "\u00f3bein deildun. heildi og heildunara\u00f0fer\u00f0ir. fyrsta stigs deildaj\u00f6fnur."]}, {"abbreviation": "HT", "topics": ["2. stigs diffurj\u00f6fnur . runur og ra\u00f0ir", "hagn\u00fdting heildareiknings", "samleitnipr\u00f3f.", "tvinnt\u00f6lur"]}, {"abbreviation": "AG", "topics": ["r\u00famfr\u00e6\u00f0i", "t\u00f6lur og algebra"]}, {"abbreviation": "UN", "topics": ["undirb\u00fanings\u00e1fangi \u00ed st\u00e6r\u00f0fr\u00e6\u00f0i"]}, {"abbreviation": "FS", "topics": ["f\u00f6ll og r\u00f6kfr\u00e6\u00f0i", "st\u00e6r\u00f0fr\u00e6\u00f0i \u2013 talnafr\u00e6\u00f0i"]}, {"abbreviation": "L\u00c6", "topics": ["l\u00edkindafr\u00e6\u00f0i og fj\u00e1rm\u00e1lal\u00e6si", "t\u00f6lfr\u00e6\u00f0i"]}, {"abbreviation": "LE", "topics": ["t\u00f6lvugraf\u00edk og t\u00f6lvuleikir"]}, {"abbreviation": "BN", "topics": ["algebra", "b", "margli\u00f0ur og fleygbogar", "n"]}, {"abbreviation": "BX", "topics": ["algebra", "b", "fleygbogar", "lograr", "x"]}, {"abbreviation": "AH", "topics": ["algebra", "f\u00f6ll", "hornafr\u00e6\u00f0i", "margli\u00f0ur", "mengi"]}, {"abbreviation": "AR", "topics": ["algebra", "r\u00famfr\u00e6\u00f0i"]}, {"abbreviation": "JM", "topics": ["t\u00f6lur mengi  j\u00f6fnur r\u00f6kfr\u00e6\u00f0i talningarfr\u00e6\u00f0i"]}, {"abbreviation": "VI", "topics": ["vigrar hornaf\u00f6ll f\u00f6ll"]}, {"abbreviation": "DR", "topics": ["deildarj\u00f6fnu", "heildun", "runur og ra\u00f0ir"]}, {"abbreviation": "DE", "topics": ["deildun"]}, {"abbreviation": "HD", "topics": ["deildaj\u00f6fnun", "heildun", "ra\u00f0ir", "runur"]}, {"abbreviation": "HE", "topics": ["1.stigs deildarj\u00f6fnur.", "heildun", "runur og ra\u00f0ir"]}, {"abbreviation": "RF", "topics": ["r\u00famfr\u00e6\u00f0i"]}, {"abbreviation": "FO", "topics": ["forn\u00e1ms\u00e1fangi"]}, {"abbreviation": "AP", "topics": ["algengar reiknia\u00f0ger\u00f0ir", "peningar og m\u00e6lieiningar", "t\u00edmat\u00e1kn"]}, {"abbreviation": "SF", "topics": ["Forn\u00e1m \u00ed st\u00e6r\u00f0fr\u00e6\u00f0i"]}, {"abbreviation": "BB", "topics": ["Forn\u00e1m 2"]}, {"abbreviation": "RA", "topics": ["Algebra", "f\u00f6ll", "r\u00famfr\u00e6\u00f0i", "t\u00f6lfr\u00e6\u00f0i"]}, {"abbreviation": "L\u00c1", "topics": ["l\u00fdsandi t\u00f6lfr\u00e6\u00f0i", "t\u00f6flureiknir", "\u00e1lyktunart\u00f6lfr\u00e6\u00f0i"]}, {"abbreviation": "TJ", "topics": ["Almennur talnareikningur", "form\u00falur", "j\u00f6fnur", "pr\u00f3sentur"]}, {"abbreviation": "JH", "topics": ["J\u00f6fnur", "hlutf\u00f6ll", "hnitakerfi\u00f0", "talname\u00f0fer\u00f0"]}, {"abbreviation": "RV", "topics": ["hornafr\u00e6\u00f0i \u00fer\u00edhyrnings", "hornaf\u00f6ll", "vigrar"]}, {"abbreviation": "DT", "topics": ["deildaj\u00f6fnur", "heildi", "samleitni", "tvinnt\u00f6lur"]}, {"abbreviation": "DS", "topics": ["deildaj\u00f6fnur", "samleitni", "tvinnt\u00f6lur"]}, {"abbreviation": "\u00deV", "topics": ["keilusni\u00f0", "vigrar", "\u00fer\u00edv\u00ed\u00f0 r\u00famfr\u00e6\u00f0i"]}, {"abbreviation": "FG", "topics": ["algebra", "f\u00f6ll", "gr\u00f6f", "veldi og r\u00e6tur"]}, {"abbreviation": "CX", "topics": ["f\u00f6ll og deildun fyri M\u00c1L og F\u00c9L"]}, {"abbreviation": "A\u00de", "topics": ["a", "\u00ferautalausnir"]}, {"abbreviation": "C\u00de", "topics": ["\u00derautalausnir"]}, {"abbreviation": "DN", "topics": ["algebra", "margli\u00f0ur og fleygbogar"]}, {"abbreviation": "UT", "topics": ["t\u00f6lfr\u00e6\u00f0i"]}, {"abbreviation": "OJ", "topics": ["t\u00f6lugildi og j\u00f6fnuhneppi", "\u00f3j\u00f6fnur"]}, {"abbreviation": "RG", "topics": ["R\u00famfr\u00e6\u00f0i me\u00f0 GeoGebru"]}, {"abbreviation": "HG", "topics": ["hagn\u00fdt st\u00e6r\u00f0fr\u00e6\u00f0i"]}, {"abbreviation": "AA", "topics": ["algengar reiknia\u00f0ger\u00f0ir"]}, {"abbreviation": "HL", "topics": ["Heildun"]}, {"abbreviation": "FM", "topics": ["F\u00f6ll", "markgildi og deildun algengustu falla"]}, {"abbreviation": "SH", "topics": ["St\u00e6r\u00f0fr\u00e6\u00f0igreining", "deildaj\u00f6fnur", "heildun", "runur og ra\u00f0ir"]}, {"abbreviation": "MA", "topics": ["Mengi", "algebra"]}, {"abbreviation": "HK", "topics": ["Hornaf\u00f6ll", "keilusni\u00f0", "vigrar"]}, {"abbreviation": "RM", "topics": ["R\u00famfr\u00e6\u00f0i"]}, {"abbreviation": "AB", "topics": ["almenn brot"]}], "_id": "50c0a02dd8e40575f7f6f490", "subjects": ["st\u00e6r\u00f0fr\u00e6\u00f0i"], "counter": {"1": 0, "3": 2, "2": 4, "4": 0}}, "evaluation": "Lokapr\u00f3f og vinnueinkunn", "categorization_suggestion": "", "embedded_topics": [{"abbreviation": "LH", "topics": ["hornaf\u00f6ll og vigrar o.fl.", "lotubundin f\u00f6ll"]}], "status": "approved by school", "description": "Lotubundin f\u00f6ll, hornaf\u00f6ll og vigrar, tengsl algebru og r\u00famfr\u00e6\u00f0i, jafna hrings og sporbaugs, hornafallareglur. Yr\u00f0ingar\u00f6kfr\u00e6\u00f0i og  talningarfr\u00e6\u00f0i. ", "knowledge_goals": ["lotubundnum f\u00f6llum og hornaf\u00f6llum", "s\u00f6nnunum \u00e1 helstu reglum \u00ed n\u00e1msefninu", "undirst\u00f6\u00f0ureglum talningarfr\u00e6\u00f0innar, tv\u00edli\u00f0ustu\u00f0lum og Pascals\u00fer\u00edhyrningnum", "j\u00f6fnum hrings og sporbaugs", "hornafr\u00e6\u00f0i \u00fer\u00edhyrninga, stefnuhorni l\u00ednu, s\u00ednusreglu, k\u00f3s\u00ednusreglu og flatarm\u00e1lsreglu", "almennri skilgreiningu hornafalla, bogam\u00e1li og umritunarreglum hornafalla", "vigurreikningi \u00ed sl\u00e9ttum fleti, summu, mismun og innfeldi tveggja vigra og lengd vigurs, horni milli vigra, sams\u00ed\u00f0a og hornr\u00e9ttum vigrum", "r\u00e9tthyrndum hnitum og p\u00f3lhnitum"], "skills_goals": ["sanna reglur og fylgja r\u00f6ksemdaf\u00e6rslum", "reikna me\u00f0 vigrum", "me\u00f0h\u00f6ndla hornaf\u00f6ll og hornafallareglur", "leysa talningarfr\u00e6\u00f0ileg vandam\u00e1l", "me\u00f0h\u00f6ndla lotubundin f\u00f6ll og gr\u00f6f \u00feeirra, finna t. d. lotu og \u00fatslag"], "credits": 5, "last_modified": 1323852800, "schools": [], "coauthors": [], "instructions": "Kjarna\u00e1fangi \u00e1 n\u00e1tt\u00faruv\u00edsindabraut", "continued_education": false, "level": 2, "prerequisites": "ST\u00c6R2GN05", "author": "b68f32cf-f5e7-4436-8857-8f510bbb44c9", "abbreviation_version": null, "competence_goals": [["skr\u00e1 lausnir s\u00ednar skipulega, skiptast \u00e1 sko\u00f0unum vi\u00f0 a\u00f0ra um \u00fe\u00e6r og \u00fatsk\u00fdra hugmyndir s\u00ednar og verk skilmerkilega \u00e1 vi\u00f0eigandi h\u00e1tt"], ["\u00e1tta sig \u00e1 nau\u00f0synlegum og n\u00e6gjanlegum skilyr\u00f0um fyrir lausn verkefna"], ["skilja merkingu og tengsl hugtaka \u00ed n\u00e1msefninu og vinna me\u00f0 \u00feau"], ["geta fylgt og skili\u00f0 r\u00f6ksemdir og r\u00f6ksamhengi \u00ed m\u00e6ltu m\u00e1li og texta, \u00fear me\u00f0 taldar sannanir \u00ed n\u00e1msefni"], ["beita skipulegum a\u00f0fer\u00f0um vi\u00f0 a\u00f0 leysa \u00far vi\u00f0fangsefnum og \u00ferautum, s. s. \u00fat fr\u00e1 \u00feekkingu \u00e1 lausnum svipa\u00f0ra \u00ferauta, unni\u00f0 til baka fr\u00e1 \u00feekktum st\u00e6r\u00f0um e\u00f0a me\u00f0 \u00fev\u00ed a\u00f0 setja upp j\u00f6fnur"], ["taka \u00e1kvar\u00f0anir \u00ed s\u00e9rt\u00e6kum verkefnum"]], "_id": "51265b3d62933a77194c91dd"}, {"exemplary": "false", "topics": "l\u00edfe\u00f0lisfr\u00e6\u00f0i", "abbreviation": "L\u00cdFF3LE05", "former_schools": ["512350238caa45ed97015b3f"], "subject": "l\u00edffr\u00e6\u00f0i", "title": "L\u00edfe\u00f0lisfr\u00e6\u00f0i", "version": 3, "status_trans": "Sam\u00feykkt af sk\u00f3la", "embedded_subject": {"abbreviation": "L\u00cdFF", "topics": [{"abbreviation": "MA", "topics": ["ma\u00f0urinn"]}, {"abbreviation": "LR", "topics": ["l\u00edfr\u00edki\u00f0"]}, {"abbreviation": "LE", "topics": ["l\u00edfe\u00f0lisfr\u00e6\u00f0i"]}, {"abbreviation": "LL", "topics": ["l\u00edfe\u00f0lisfr\u00e6\u00f0i", "l\u00edff\u00e6rafr\u00e6\u00f0i"]}, {"abbreviation": "EF", "topics": ["erf\u00f0afr\u00e6\u00f0i"]}, {"abbreviation": "VF", "topics": ["vistfr\u00e6\u00f0i"]}, {"abbreviation": "GR", "topics": ["grunn\u00e1fangi \u00ed l\u00edffr\u00e6\u00f0i fyrir n\u00e1tt\u00faruv\u00edsindabraut"]}, {"abbreviation": "GF", "topics": ["grunn\u00e1fangi \u00ed l\u00edffr\u00e6\u00f0i fyrir hug- og f\u00e9lagsv\u00edsindabraut"]}, {"abbreviation": "VE", "topics": ["verkefnal\u00edffr\u00e6\u00f0i"]}, {"abbreviation": "VI", "topics": ["vistfr\u00e6\u00f0in"]}, {"abbreviation": "L\u00cd", "topics": ["l\u00edfe\u00f0lisfr\u00e6\u00f0in"]}, {"abbreviation": "ER", "topics": ["erf\u00f0afr\u00e6\u00f0in"]}, {"abbreviation": "AT", "topics": ["atferlisfr\u00e6\u00f0i"]}, {"abbreviation": "\u00d6R", "topics": ["\u00f6rverufr\u00e6\u00f0i"]}, {"abbreviation": "AL", "topics": ["almenn l\u00edffr\u00e6\u00f0i"]}, {"abbreviation": "LV", "topics": ["lokaverkefni"]}, {"abbreviation": "HE", "topics": ["heilsa mannsins"]}, {"abbreviation": "FR", "topics": ["frumul\u00edffr\u00e6\u00f0i og erf\u00f0afr\u00e6\u00f0i"]}, {"abbreviation": "EL", "topics": ["almenn l\u00edffr\u00e6\u00f0i", "eiginleikar l\u00edfvera"]}, {"abbreviation": "\u00cdS", "topics": ["l\u00edfr\u00edki \u00edslands"]}, {"abbreviation": "VB", "topics": ["bein", "hreyfingarfr\u00e6\u00f0i", "l\u00edff\u00e6rafr\u00e6\u00f0i", "v\u00f6\u00f0var"]}, {"abbreviation": "L\u00de", "topics": ["l\u00edfe\u00f0lisfr\u00e6\u00f0i", "\u00fej\u00e1lffr\u00e6\u00f0i"]}, {"abbreviation": "FA", "topics": ["almenn l\u00edffr\u00e6\u00f0i", "flokkunarfr\u00e6\u00f0i", "frumul\u00edffr\u00e6\u00f0i"]}, {"abbreviation": "VV", "topics": ["Vistfr\u00e6\u00f0i", "vettvangsfer\u00f0ir"]}, {"abbreviation": "LF", "topics": ["L\u00edff\u00e6ri og l\u00edffe\u00f0lisfr\u00e6\u00f0i"]}, {"abbreviation": "UM", "topics": ["Umhverfisfr\u00e6\u00f0i"]}, {"abbreviation": "L\u00c6", "topics": ["l\u00edff\u00e6ra og l\u00edfe\u00f0lisfr\u00e6\u00f0i"]}, {"abbreviation": "GL", "topics": ["Grunn\u00e1fangi \u00ed L\u00edffr\u00e6\u00f0i"]}, {"abbreviation": "VU", "topics": ["vist- og umhverfisfr\u00e6\u00f0i"]}, {"abbreviation": "GD", "topics": ["Grunn\u00e1fangi \u00ed d\u00fdrafr\u00e6\u00f0i", "pl\u00f6ntufr\u00e6\u00f0i"]}, {"abbreviation": "FE", "topics": ["Frumur", "l\u00edkaminn og erf\u00f0ir"]}, {"abbreviation": "UV", "topics": ["Vist-og umhverfisfr\u00e6\u00f0i"]}, {"abbreviation": "LM", "topics": ["L\u00edffr\u00e6\u00f0i mannsins", "efnaskipti og l\u00edff\u00e6rakerfi", "frumur"]}, {"abbreviation": "E\u00de", "topics": ["Erf\u00f0afr\u00e6\u00f0i og \u00fer\u00f3unarfr\u00e6\u00f0i"]}, {"abbreviation": "FL", "topics": ["flokkunarfr\u00e6\u00f0i"]}, {"abbreviation": "ST", "topics": ["Stj\u00f6rnul\u00edfffr\u00e6\u00f0i"]}, {"abbreviation": "V\u00cd", "topics": ["V\u00edsindaleg a\u00f0fer\u00f0 - verkefnal\u00edffr\u00e6\u00f0i"]}], "_id": "50c0a02dd8e40575f7f6f4ca", "subjects": ["l\u00edffr\u00e6\u00f0i"], "counter": {"1": 5, "3": 5, "2": 7, "4": 0}}, "evaluation": "Lokapr\u00f3f og vinnueinkunn", "categorization_suggestion": "", "embedded_topics": {"abbreviation": "LE", "topics": ["l\u00edfe\u00f0lisfr\u00e6\u00f0i"]}, "status": "approved by school", "description": "\u00cd \u00feessum kjarna\u00e1fanga \u00ed l\u00edfe\u00f0lisfr\u00e6\u00f0i fyrir n\u00e1tt\u00faruv\u00edsindadeild er ger\u00f0 grein fyrir inntaki l\u00edfe\u00f0lisfr\u00e6\u00f0innar og fari\u00f0 \u00ed helstu \u00fe\u00e6tti \u00ed l\u00edkamsstarfsemi l\u00edfvera. Bornar ver\u00f0a saman mismunandi l\u00edfverur en a\u00f0al\u00e1hersla \u00fe\u00f3 \u00e1 l\u00edfe\u00f0lisfr\u00e6\u00f0i mannsins. Helstu efnis\u00fe\u00e6ttir eru: innri starfsemi fruma, bo\u00f0flutningur; efnabo\u00f0 og taugabo\u00f0, bl\u00f3\u00f0r\u00e1s og \u00f6nnur flutningskerfi, varnarkerfi, \u00fargangslosunarkerfi, n\u00e6ringarn\u00e1m og melting, sto\u00f0kerfi og hreyfing, skynjun og \u00e6xlun og \u00feroski. L\u00f6g\u00f0 er \u00e1hersla \u00e1 a\u00f0 nemendur \u00f6\u00f0list \u00feekkingu og skilning \u00e1 starfsemi l\u00edkama l\u00edfvera og hvernig n\u00e1tt\u00faran notar mismunandi lei\u00f0ir a\u00f0 sama markmi\u00f0i hj\u00e1 mismunandi l\u00edfverum. Reynt ver\u00f0ur a\u00f0 auka skilning nemenda \u00e1 \u00feeirra eigin l\u00edkamsstarfsemi og au\u00f0velda \u00feeim a\u00f0 taka \u00e1byrg\u00f0 \u00e1 eigin l\u00edfsh\u00e1ttum m.t.t. \u00feess a\u00f0 vi\u00f0halda heilbrig\u00f0i s\u00ednu. Kynnt er mikilv\u00e6gi \u00feekkingar \u00e1 l\u00edfe\u00f0lisfr\u00e6\u00f0i \u00ed daglegu l\u00edfi. Nemendur ver\u00f0i b\u00fanir undir frekara n\u00e1m \u00ed l\u00edfe\u00f0lisfr\u00e6\u00f0i og skyldum greinum. ", "knowledge_goals": ["frumul\u00edfe\u00f0lisfr\u00e6\u00f0i", "mismunandi hlutverkum bo\u00f0efna", "e\u00f0li taugabo\u00f0a og starfsemi taugakerfis", "flutningskerfum plantna", "bl\u00f3\u00f0r\u00e1s og hlutverkum bl\u00f3\u00f0s", "mismunandi \u00f6ndunarkerfum l\u00edfvera", "\u00fargangslosun og efnastj\u00f3rn", "sto\u00f0kerfum og e\u00f0li hreyfingar", "skynjun manna og d\u00fdra", "f\u00f3stur\u00feroska"], "skills_goals": ["lesa l\u00edfe\u00f0lisfr\u00e6\u00f0ilegar uppl\u00fdsingar \u00far m\u00e1li og myndum", "sko\u00f0a vefi og l\u00edff\u00e6ri", "lesa \u00ed samspil mismunandi l\u00edff\u00e6rakerfa vi\u00f0 stj\u00f3rn l\u00edkamsstarfseminnar", "meta \u00e1hrif l\u00edfsh\u00e1tta \u00e1 heilbrig\u00f0a \u00feroskun og starfsemi l\u00edkamans"], "credits": 5, "last_modified": 1323770509, "schools": [], "coauthors": [], "instructions": "Kjarna\u00e1fangi \u00ed l\u00edffr\u00e6\u00f0i fyrir n\u00e1tt\u00faruv\u00edsindabraut", "continued_education": false, "level": 3, "prerequisites": "L\u00cdFF1GN05", "author": "b68f32cf-f5e7-4436-8857-8f510bbb44c9", "abbreviation_version": null, "competence_goals": [["auka skilning \u00e1 l\u00edfe\u00f0lisfr\u00e6\u00f0ilegum vi\u00f0fangsefnum", ""], ["leggja gr\u00f3ft mat \u00e1 l\u00edfe\u00f0lisfr\u00e6\u00f0ilegar uppl\u00fdsingar \u00e1 gagnr\u00fdninn h\u00e1tt", ""], ["tengja undirst\u00f6\u00f0u\u00feekkingu \u00ed l\u00edfe\u00f0lisfr\u00e6\u00f0i vi\u00f0 daglegt l\u00edf og sj\u00e1 notagildi hennar", ""], ["taka \u00e1byrg\u00f0 \u00e1 eigin l\u00edfi m.t.t. l\u00edfe\u00f0lisfr\u00e6\u00f0ilegra \u00fe\u00e1tta", ""], ["afla s\u00e9r frekari \u00feekkingar \u00e1 svi\u00f0i l\u00edfe\u00f0lisfr\u00e6\u00f0innar", ""]], "_id": "51265b3d62933a77194c91d8"}, {"exemplary": null, "topics": "framhald, l\u00edkams- og heilsur\u00e6kt", "abbreviation": "\u00cd\u00deR\u00d32LD01", "former_schools": ["512350238caa45ed97015b3f"], "subject": "\u00ed\u00fer\u00f3ttir", "title": "L\u00edkams og heilsur\u00e6kt, framhald", "version": 9, "status_trans": "Sam\u00feykkt af sk\u00f3la", "embedded_subject": {"abbreviation": "\u00cd\u00deR\u00d3", "topics": [{"abbreviation": "\u00deK", "topics": ["kraftur", "styrkur", "\u00feol"]}, {"abbreviation": "GL", "topics": ["grunn\u00fe\u00e6ttir \u00ed almennri l\u00edkams- og heilsur\u00e6kt"]}, {"abbreviation": "GH", "topics": ["grunn\u00fe\u00e6ttir \u00ed almennri heilsu- og l\u00edkamsr\u00e6kt"]}, {"abbreviation": "LC", "topics": ["l\u00edkams- og heilsur\u00e6kt"]}, {"abbreviation": "LD", "topics": ["framhald", "l\u00edkams- og heilsur\u00e6kt"]}, {"abbreviation": "AL", "topics": ["almenn l\u00edkams- og heilsur\u00e6kt e\u00f0a \u00fativist"]}, {"abbreviation": "AH", "topics": ["almenn heilsu- og l\u00edkamsr\u00e6kt e\u00f0a \u00fativist"]}, {"abbreviation": "HR", "topics": ["heilsur\u00e6kt"]}, {"abbreviation": "HH", "topics": ["hreyfing og heilsur\u00e6kt"]}, {"abbreviation": "L\u00cd", "topics": ["l\u00edkamsr\u00e6kt"]}, {"abbreviation": "KN", "topics": ["knattspyrna"]}, {"abbreviation": "KK", "topics": ["k\u00f6rfuknattleikur"]}, {"abbreviation": "BA", "topics": ["badminton"]}, {"abbreviation": "BL", "topics": ["blak"]}, {"abbreviation": "HL", "topics": ["almenn heilsu- og l\u00edkamsr\u00e6kt"]}, {"abbreviation": "LA", "topics": ["almenn heilsu- og l\u00edkamsr\u00e6kt me\u00f0 \u00e1herslu \u00e1 styrk", "l\u00edkamsbeitingu og snerpu"]}, {"abbreviation": "LN", "topics": ["l\u00edfst\u00edll", "n\u00e6ring"]}, {"abbreviation": "M\u00de", "topics": ["markmi\u00f0asetning", "\u00fej\u00e1lfunar\u00e1\u00e6tlanir"]}, {"abbreviation": "SK", "topics": ["skipul\u00f6g\u00f0 hreyfing"]}, {"abbreviation": "S\u00cd", "topics": ["skipul\u00f6g\u00f0 hreyfing framhald", "\u00ed\u00fer\u00f3ttir"]}, {"abbreviation": "LS", "topics": ["l\u00edkamsbeiting og snerpa", "styrkur"]}, {"abbreviation": "U\u00de", "topics": ["upphitun", "\u00feol\u00fej\u00e1lfun"]}, {"abbreviation": "SL", "topics": ["li\u00f0leiki", "l\u00edkamsbeiting", "styrkur", "\u00ed\u00fer\u00f3ttamei\u00f0sli"]}, {"abbreviation": "SS", "topics": ["samh\u00e6fing", "snerpa"]}, {"abbreviation": "LH", "topics": ["heilsa", "l\u00edfsst\u00edll"]}, {"abbreviation": "HA", "topics": ["almenn l\u00edkams og heilsur\u00e6kt", "hreyfing", "likamsr\u00e6ktarsalur"]}, {"abbreviation": "B\u00cd", "topics": ["bolta\u00ed\u00fer\u00f3ttir", "l\u00edffr\u00e6\u00f0i hreyfingar"]}, {"abbreviation": "\u00daH", "topics": ["hreyfing", "j\u00e1kv\u00e6\u00f0 upplifun", "sj\u00e1lfstyrking", "\u00dativist"]}, {"abbreviation": "\u00daF", "topics": ["g\u00f6ngufer\u00f0ir \u00e1 fj\u00f6ll", "hreyfing", "\u00fativist"]}, {"abbreviation": "B\u00dd", "topics": ["Band\u00fd"]}, {"abbreviation": "GA", "topics": ["Ganga"]}, {"abbreviation": "SU", "topics": ["Sund"]}], "_id": "50c0a02dd8e40575f7f6f4cc", "subjects": ["\u00ed\u00fer\u00f3ttir"], "counter": {"1": 11, "3": 0, "2": 5, "4": 0}}, "evaluation": "\u00c1fanginn er s\u00edmats\u00e1fangi", "categorization_suggestion": "", "embedded_topics": [{"abbreviation": "LD", "topics": ["framhald", "l\u00edkams- og heilsur\u00e6kt"]}], "status": "approved by school", "description": "\u00cd \u00e1fanganum f\u00e1 nemendur d\u00fdpri inns\u00fdn \u00ed grundvallaratri\u00f0i l\u00edkams- og heilsur\u00e6ktar, samhli\u00f0a aukinni \u00feekkingu \u00e1 i\u00f0kun \u00e6finga. \u00c1hersla er l\u00f6g\u00f0 \u00e1 samh\u00e6fingu, t\u00e6kni og l\u00edkamsbeitingu. Nemendur taka \u00fe\u00e1tt \u00ed sl\u00f6kunar\u00e6fingum og umr\u00e6\u00f0u um mikilv\u00e6gi sl\u00f6kunar \u00ed n\u00fat\u00edmasamf\u00e9lagi. Fjalla\u00f0 er um matar\u00e6\u00f0i og hva\u00f0 felst \u00ed hollri og g\u00f3\u00f0ri n\u00e6ringu og hver n\u00e6ringar\u00fe\u00f6rf er me\u00f0 tilliti til vinnu og daglegrar hreyfingar. Einnig er r\u00e6tt um neikv\u00e6\u00f0 \u00e1hrif \u00e1fengis-, t\u00f3baks- og lyfjaneyslu \u00e1 l\u00edkama og heilsu. Nemendur f\u00e1 verklega \u00fej\u00e1lfun sem er tengd b\u00f3klegri kennslu og skriflegum verkefnum. Verkefnavinna sn\u00fdr a\u00f0 undirb\u00faningi og skipulagi eigin \u00fej\u00e1lfunar \u00e1samt \u00e1rangursmati Nemendur geta vali\u00f0 um eftirfarandi lei\u00f0ir: 1) Hef\u00f0bundin l\u00edkams- og heilsur\u00e6kt (kennsla \u00ed \u00ed\u00fer\u00f3ttah\u00fasi Mi\u00f0b\u00e6jarsk\u00f3lans og n\u00e1grenni). 2) Skipul\u00f6g\u00f0 \u00ed\u00fer\u00f3ttai\u00f0kun innan \u00ed\u00fer\u00f3ttaf\u00e9lags (stunda \u00ed\u00fer\u00f3ttagrein innan s\u00e9rsambanda \u00cdS\u00cd, keppni \u00e1 \u00cdslandsm\u00f3ti og \u00e6fa undir lei\u00f0s\u00f6gn \u00ed\u00fer\u00f3ttafr\u00e6\u00f0ings) 3) \u00dativist \u00ed n\u00e1nasta umhverfi: i) Gengi\u00f0 um Reykjav\u00edk og n\u00e1grenni h\u00f6fu\u00f0borgarsv\u00e6\u00f0isins, nemendur \u00feurfa a\u00f0 m\u00e6ta \u00e1 brottfarasta\u00f0 og sj\u00e1 um kostna\u00f0 af fer\u00f0um og b\u00fana\u00f0i. ", "knowledge_goals": ["mikilv\u00e6gi samh\u00e6fingar og t\u00e6kni", "mikilv\u00e6gi sl\u00f6kunar", "g\u00f3\u00f0ri l\u00edkamsbeitingu og -st\u00f6\u00f0u", "helstu flokkum n\u00e6ringarefna og vi\u00f0eigandi orkuneyslu", "fj\u00f6lbreyttum lei\u00f0um til a\u00f0 n\u00fdta l\u00edkams- og heilsur\u00e6kt \u00ed daglegu l\u00edfi", "m\u00f6guleikum \u00ed umhverfi og n\u00e1tt\u00faru til l\u00edkams- og heilsur\u00e6ktar", "neikv\u00e6\u00f0um \u00e1hrifum \u00e1fengis-, t\u00f3baks- og lyfjaneyslu \u00e1 l\u00edkamann og heilsu"], "skills_goals": ["stunda l\u00edkams- og heilsur\u00e6kt", "\u00fej\u00e1lfa samh\u00e6fingu og t\u00e6kni \u00e1 markvissan og fj\u00f6lbreyttan h\u00e1tt", "stu\u00f0la a\u00f0 tillitssemi og hvatningu", "nota fj\u00f6lbreyttar a\u00f0fer\u00f0ir til a\u00f0 m\u00e6la l\u00edkams\u00e1stand (\u00feol, styrk, li\u00f0leika og p\u00fals)", "stu\u00f0la a\u00f0 b\u00e6ttri l\u00edkamsbeitingu og -st\u00f6\u00f0u me\u00f0 \u00e6fingum og hreyfingu"], "credits": 1, "last_modified": 1323961451, "schools": [], "coauthors": [], "instructions": "Kjarna\u00e1fangi \u00e1 \u00f6llum brautum", "continued_education": false, "level": 2, "prerequisites": "\u00cd\u00deR\u00d32LC01", "author": "b68f32cf-f5e7-4436-8857-8f510bbb44c9", "abbreviation_version": null, "competence_goals": [["leysa af hendi verkefni sem sn\u00faa a\u00f0 skipulagi eigin \u00fej\u00e1lfunar"], ["m\u00e6la og meta eiginn styrkleika \u00ed l\u00edkams- og heilsur\u00e6kt"], ["taka \u00fe\u00e1tt \u00ed umr\u00e6\u00f0u um \u00e1vana- og f\u00edkniefni"], ["takast \u00e1 vi\u00f0 \u00e1skoranir daglegs l\u00edfs var\u00f0andi matar\u00e6\u00f0i og lifna\u00f0arh\u00e6tti"]], "_id": "51265b3d62933a77194c91ee"}, {"exemplary": null, "topics": "l\u00edkams- og heilsur\u00e6kt", "abbreviation": "\u00cd\u00deR\u00d32LC01", "former_schools": ["512350238caa45ed97015b3f"], "subject": "\u00ed\u00fer\u00f3ttir", "title": "L\u00edkams- og heilsur\u00e6kt", "version": 8, "status_trans": "Sam\u00feykkt af sk\u00f3la", "embedded_subject": {"abbreviation": "\u00cd\u00deR\u00d3", "topics": [{"abbreviation": "\u00deK", "topics": ["kraftur", "styrkur", "\u00feol"]}, {"abbreviation": "GL", "topics": ["grunn\u00fe\u00e6ttir \u00ed almennri l\u00edkams- og heilsur\u00e6kt"]}, {"abbreviation": "GH", "topics": ["grunn\u00fe\u00e6ttir \u00ed almennri heilsu- og l\u00edkamsr\u00e6kt"]}, {"abbreviation": "LC", "topics": ["l\u00edkams- og heilsur\u00e6kt"]}, {"abbreviation": "LD", "topics": ["framhald", "l\u00edkams- og heilsur\u00e6kt"]}, {"abbreviation": "AL", "topics": ["almenn l\u00edkams- og heilsur\u00e6kt e\u00f0a \u00fativist"]}, {"abbreviation": "AH", "topics": ["almenn heilsu- og l\u00edkamsr\u00e6kt e\u00f0a \u00fativist"]}, {"abbreviation": "HR", "topics": ["heilsur\u00e6kt"]}, {"abbreviation": "HH", "topics": ["hreyfing og heilsur\u00e6kt"]}, {"abbreviation": "L\u00cd", "topics": ["l\u00edkamsr\u00e6kt"]}, {"abbreviation": "KN", "topics": ["knattspyrna"]}, {"abbreviation": "KK", "topics": ["k\u00f6rfuknattleikur"]}, {"abbreviation": "BA", "topics": ["badminton"]}, {"abbreviation": "BL", "topics": ["blak"]}, {"abbreviation": "HL", "topics": ["almenn heilsu- og l\u00edkamsr\u00e6kt"]}, {"abbreviation": "LA", "topics": ["almenn heilsu- og l\u00edkamsr\u00e6kt me\u00f0 \u00e1herslu \u00e1 styrk", "l\u00edkamsbeitingu og snerpu"]}, {"abbreviation": "LN", "topics": ["l\u00edfst\u00edll", "n\u00e6ring"]}, {"abbreviation": "M\u00de", "topics": ["markmi\u00f0asetning", "\u00fej\u00e1lfunar\u00e1\u00e6tlanir"]}, {"abbreviation": "SK", "topics": ["skipul\u00f6g\u00f0 hreyfing"]}, {"abbreviation": "S\u00cd", "topics": ["skipul\u00f6g\u00f0 hreyfing framhald", "\u00ed\u00fer\u00f3ttir"]}, {"abbreviation": "LS", "topics": ["l\u00edkamsbeiting og snerpa", "styrkur"]}, {"abbreviation": "U\u00de", "topics": ["upphitun", "\u00feol\u00fej\u00e1lfun"]}, {"abbreviation": "SL", "topics": ["li\u00f0leiki", "l\u00edkamsbeiting", "styrkur", "\u00ed\u00fer\u00f3ttamei\u00f0sli"]}, {"abbreviation": "SS", "topics": ["samh\u00e6fing", "snerpa"]}, {"abbreviation": "LH", "topics": ["heilsa", "l\u00edfsst\u00edll"]}, {"abbreviation": "HA", "topics": ["almenn l\u00edkams og heilsur\u00e6kt", "hreyfing", "likamsr\u00e6ktarsalur"]}, {"abbreviation": "B\u00cd", "topics": ["bolta\u00ed\u00fer\u00f3ttir", "l\u00edffr\u00e6\u00f0i hreyfingar"]}, {"abbreviation": "\u00daH", "topics": ["hreyfing", "j\u00e1kv\u00e6\u00f0 upplifun", "sj\u00e1lfstyrking", "\u00dativist"]}, {"abbreviation": "\u00daF", "topics": ["g\u00f6ngufer\u00f0ir \u00e1 fj\u00f6ll", "hreyfing", "\u00fativist"]}, {"abbreviation": "B\u00dd", "topics": ["Band\u00fd"]}, {"abbreviation": "GA", "topics": ["Ganga"]}, {"abbreviation": "SU", "topics": ["Sund"]}], "_id": "50c0a02dd8e40575f7f6f4cc", "subjects": ["\u00ed\u00fer\u00f3ttir"], "counter": {"1": 11, "3": 0, "2": 5, "4": 0}}, "evaluation": "\u00c1fanginn er s\u00edmats\u00e1fangi", "categorization_suggestion": "", "embedded_topics": [{"abbreviation": "LC", "topics": ["l\u00edkams- og heilsur\u00e6kt"]}], "status": "approved by school", "description": "\u00c1fanginn byggist upp \u00e1 alhli\u00f0a hreyfingu og heilsur\u00e6kt. Fari\u00f0 er \u00edtarlega yfir markmi\u00f0, uppbyggingu og skipulag \u00e1 eigin \u00fej\u00e1lfun. Nemendur takast \u00e1 vi\u00f0 krefjandi og fj\u00f6lbreytt \u00fej\u00e1lfunarform \u00ed tengslum vi\u00f0 \u00feol, snerpu og hra\u00f0a og muninn \u00e1 lofth\u00e1\u00f0ri og loftfirrtri vinnu. Nemendur n\u00fdta s\u00e9r a\u00f0fer\u00f0ir til a\u00f0 m\u00e6la og meta \u00e1rangur \u00fej\u00e1lfunar. \u00deeir fr\u00e6\u00f0ast um gildi heilbrig\u00f0s l\u00edfs og hva\u00f0a m\u00f6guleika umhverfi\u00f0 hefur a\u00f0 bj\u00f3\u00f0a til l\u00edkams- og heilsur\u00e6ktar. Enn fremur eru \u00feeir hvattir til a\u00f0 skipuleggja eigin \u00fej\u00e1lfun og tengja l\u00edkams- og heilsur\u00e6kt vi\u00f0 daglegt l\u00edf og starf. L\u00f6g\u00f0 er \u00e1hersla \u00e1 a\u00f0 efla \u00feekkingu nemenda \u00e1 helstu efnisatri\u00f0um \u00ed l\u00edkams- og heilsur\u00e6kt \u00e1samt me\u00f0vitund um stj\u00f3rn \u00e1 eigin \u00f6ryggi og l\u00ed\u00f0an vi\u00f0 \u00fej\u00e1lfun. \u00c1fanginn byggist upp \u00e1 verklegum \u00e6fingum og skriflegum verkefnum. Nemendur geta vali\u00f0 um eftirfarandi lei\u00f0ir: 1) Hef\u00f0bundin l\u00edkams- og heilsur\u00e6kt (kennsla \u00ed \u00ed\u00fer\u00f3ttah\u00fasi Mi\u00f0b\u00e6jarsk\u00f3lans og n\u00e1grenni). 2) Skipul\u00f6g\u00f0 \u00ed\u00fer\u00f3ttai\u00f0kun innan \u00ed\u00fer\u00f3ttaf\u00e9lags (stunda \u00ed\u00fer\u00f3ttagrein innan s\u00e9rsambanda \u00cdS\u00cd, keppni \u00e1 \u00cdslandsm\u00f3ti og \u00e6fa undir lei\u00f0s\u00f6gn \u00ed\u00fer\u00f3ttafr\u00e6\u00f0ings ) 3) \u00dativist \u00ed n\u00e1nasta umhverfi: Gengi\u00f0 um Reykjav\u00edk og \u00e1 fj\u00f6ll \u00ed n\u00e1grenni h\u00f6fu\u00f0borgarsv\u00e6\u00f0isins, nemendur \u00feurfa a\u00f0 m\u00e6ta \u00e1 brottfarasta\u00f0 og sj\u00e1 um kostna\u00f0 af fer\u00f0um og b\u00fana\u00f0i. ", "knowledge_goals": ["forsendum og \u00e1hrifum \u00fej\u00e1lfunar \u00e1 l\u00edkama og heilsu", "skipulagningu \u00fej\u00e1lfunar og mikilv\u00e6gi markmi\u00f0ssetningar", "mismunandi a\u00f0fer\u00f0um til eflingar l\u00edkama og heilsu", "fj\u00f6lbreyttum \u00fej\u00e1lfunara\u00f0fer\u00f0um allra grunn\u00fe\u00e1tta: \u00feols, styrks, li\u00f0leika, snerpu og hra\u00f0a", "lofth\u00e1\u00f0u- og loftfirrtu \u00feoli", "mikilv\u00e6gi og mismun \u00e1 almennu og s\u00e9rh\u00e6f\u00f0u \u00feoli", "snerpu og hra\u00f0a", "a\u00f0fer\u00f0um til a\u00f0 m\u00e6la og meta \u00fej\u00e1lfunar\u00e1stand", "helstu reglum og \u00f6ryggisatri\u00f0um var\u00f0andi l\u00edkamlegt \u00e1lag"], "skills_goals": ["skipuleggja verklega \u00fej\u00e1lfun \u00ed l\u00edkams- og heilsur\u00e6kt", "setja s\u00e9r raunh\u00e6f markmi\u00f0", "\u00fej\u00e1lfa \u00e1 markvissan og fj\u00f6lbreyttan h\u00e1tt \u00feol, styrk og hra\u00f0a", "taka \u00fe\u00e1tt \u00ed \u00fej\u00e1lfun sem gefur j\u00e1kv\u00e6tt vi\u00f0horf til l\u00edkams- og heilsur\u00e6ktar"], "credits": 1, "last_modified": 1323959906, "schools": [], "coauthors": [], "instructions": "Kjarna\u00e1fangi \u00e1 \u00f6llum brautum", "continued_education": false, "level": 2, "prerequisites": "\u00cd\u00deR\u00d32GH01", "author": "b68f32cf-f5e7-4436-8857-8f510bbb44c9", "abbreviation_version": null, "competence_goals": [["leysa af hendi verkefni sem sn\u00faa a\u00f0 skipulagi eigin \u00fej\u00e1lfunar"], ["leysa af hendi verkefni sem eru hvetjandi"], ["takast \u00e1 vi\u00f0 \u00e1skoranir daglegs l\u00edfs"], ["velja l\u00edkamsr\u00e6kt vi\u00f0 sitt h\u00e6fi"], ["fyrirbyggja \u00e1lagssj\u00fakd\u00f3ma"]], "_id": "51265b3d62933a77194c91ed"}, {"exemplary": "false", "topics": "almenn jar\u00f0saga, jar\u00f0skorpuhreyfingar, landrek o.fl, myndun kviku og bergfr\u00e6\u00f0i", "abbreviation": "JAR\u00d03KJ05", "former_schools": ["512350238caa45ed97015b3f"], "subject": "jar\u00f0fr\u00e6\u00f0i", "title": "Myndun kviku og bergfr\u00e6\u00f0i, jar\u00f0skorpuhreyfingar, almenn jar\u00f0saga, landrek o.fl", "version": 4, "status_trans": "Sam\u00feykkt af sk\u00f3la", "embedded_subject": {"abbreviation": "JAR\u00d0", "topics": [{"abbreviation": "AJ", "topics": ["almenn jar\u00f0fr\u00e6\u00f0i"]}, {"abbreviation": "J\u00cd", "topics": ["jar\u00f0fr\u00e6\u00f0i \u00edslands"]}, {"abbreviation": "JS", "topics": ["jar\u00f0saga"]}, {"abbreviation": "FH", "topics": ["grunn\u00e1fangi \u00ed n\u00e1tt\u00faruv\u00edsindum fyrir f\u00e9lags- og hugv\u00edsindadeild"]}, {"abbreviation": "KJ", "topics": ["almenn jar\u00f0saga", "jar\u00f0skorpuhreyfingar", "landrek o.fl", "myndun kviku og bergfr\u00e6\u00f0i"]}, {"abbreviation": "\u00daV", "topics": ["\u00fativist og umhverfissko\u00f0un"]}, {"abbreviation": "JH", "topics": ["jar\u00f0saga og jar\u00f0lagafr\u00e6\u00f0i"]}, {"abbreviation": "VH", "topics": ["ve\u00f0ur og haffr\u00e6\u00f0i"]}, {"abbreviation": "JV", "topics": ["jar\u00f0v\u00edsindi"]}, {"abbreviation": "NV", "topics": ["n\u00e1tt\u00faruv\u00e1r og n\u00e1tt\u00faruhamfarir"]}, {"abbreviation": "PL", "topics": ["pl\u00e1netufr\u00e6\u00f0i"]}, {"abbreviation": "JF", "topics": ["innr\u00e6n og utr\u00e6n ferli jar\u00f0ar"]}, {"abbreviation": "JJ", "topics": ["jar\u00f0saga og jar\u00f0lagafr\u00e6\u00f0i", "jar\u00f0skorpuhreyfingar"]}, {"abbreviation": "VV", "topics": ["haffr\u00e6\u00f0i", "j\u00f6klafr\u00e6\u00f0i", "loftslagsfr\u00e6\u00f0i", "vatn", "ve\u00f0ur"]}, {"abbreviation": "I\u00d6", "topics": ["innr\u00e6n \u00f6fl", "jar\u00f0fr\u00e6\u00f0i \u00edslands"]}, {"abbreviation": "IY", "topics": ["innr\u00e6n \u00f6fl", "jar\u00f0fr\u00e6\u00f0i \u00edslands", "ytri \u00f6fl"]}, {"abbreviation": "HS", "topics": ["haf\u00eds", "loftslagsfr\u00e6\u00f0i", "sj\u00e1varstraumar", "ve\u00f0ur- og haffr\u00e6\u00f0i", "ve\u00f0urfarsbreytingar", "ve\u00f0urfarsleg fyrirbrig\u00f0i"]}, {"abbreviation": "IJ", "topics": ["bergtegundir og greining steinda", "eldst\u00f6\u00f0var og eldst\u00f6\u00f0vakerfi", "eldvirkni", "innr\u00e6n og \u00fatr\u00e6n \u00f6fl", "jar\u00f0fr\u00e6\u00f0i \u00edslands"]}, {"abbreviation": "SJ", "topics": ["aldursgreiningar", "breytingar \u00e1 landaskipan  og l\u00edfr\u00edki", "jar\u00f0lagafr\u00e6\u00f0i", "jar\u00f0saga", "jar\u00f0saga \u00edslands", "jar\u00f0s\u00f6gutaflan", "steingervingar"]}, {"abbreviation": "EV", "topics": ["Eldvirkni"]}, {"abbreviation": "JK", "topics": ["Jar\u00f0fr\u00e6\u00f0i \u00cdslands og kortalestur"]}, {"abbreviation": "AU", "topics": ["Jar\u00f0fr\u00e6\u00f0i", "au\u00f0lindafr\u00e6\u00f0i"]}], "_id": "50c0a02dd8e40575f7f6f496", "subjects": ["jar\u00f0fr\u00e6\u00f0i"], "counter": {"1": 3, "3": 1, "2": 3, "4": 0}}, "evaluation": "S\u00edmats\u00e1fangi", "categorization_suggestion": "", "embedded_topics": {"abbreviation": "KJ", "topics": ["almenn jar\u00f0saga", "jar\u00f0skorpuhreyfingar", "landrek o.fl", "myndun kviku og bergfr\u00e6\u00f0i"]}, "status": "approved by school", "description": "1) Myndun kviku og bergfr\u00e6\u00f0i. Berg- og steindafr\u00e6\u00f0i, greining bergs og steinda. 2) Jar\u00f0skorpuhreyfingar: Fari\u00f0 ver\u00f0ur \u00ed orsakir og aflei\u00f0ingar jar\u00f0skj\u00e1lfta. Hvernig nota\u00f0ar eru uppl\u00fdsingar fr\u00e1 skj\u00e1lftum vi\u00f0 a\u00f0 l\u00fdsa innri ger\u00f0 jar\u00f0ar. Fari\u00f0 ver\u00f0ur \u00ed t\u00falkun skj\u00e1lftarita og fjalla\u00f0 um \u00fe\u00e6r uppl\u00fdsingar sem h\u00e6gt er a\u00f0 lesa \u00far \u00feeim (st\u00e6r\u00f0 skj\u00e1lfta,hreyfingu samhli\u00f0a skj\u00e1lftanum og \u00e1kv\u00f6r\u00f0un \u00e1 skj\u00e1lftami\u00f0ju. 3) Almenn jar\u00f0saga: Uppruni og myndun jar\u00f0ar, t\u00edmatal, aldur jar\u00f0ar, aldurs\u00e1kvar\u00f0anir, jar\u00f0s\u00f6gutaflan og skiptingu hennar. \u00der\u00f3un l\u00edfs, fyrstu l\u00edfverur, breytingar \u00ed l\u00edfr\u00edki, \u00fer\u00f3un einstakra h\u00f3pa l\u00edfvera, s.s. fiska, lind\u00fdra, skri\u00f0d\u00fdra, fugla og spend\u00fdra, \u00fer\u00f3un mannsins. Fj\u00f6ldadau\u00f0i l\u00edfvera og tilg\u00e1tur um orsakir og aflei\u00f0ingar. 4) Landrek: Fari\u00f0 yfir helstu tilg\u00e1tur og kenningar og r\u00f6kf\u00e6rslur fyrir \u00feeim. 5) Opnun N-Atlantshafs og myndun \u00cdslands. ", "knowledge_goals": ["kenningum um uppruna og aldur jar\u00f0ar", "jar\u00f0s\u00f6gut\u00f6flunni, geti sk\u00fdrt hana og sagt fr\u00e1 einkennum hverrar aldar \u00ed s\u00f6gu jar\u00f0ar", "\u00fer\u00f3un l\u00edfr\u00edkis \u00e1 j\u00f6r\u00f0inni \u00fat fr\u00e1 v\u00f6ldum d\u00e6mum um \u00fer\u00f3un einstakra h\u00f3pa l\u00edfvera", "mismunandi kenningum um massadau\u00f0a l\u00edfvera", "\u00eds\u00f6ldum og kenningum um orsakir \u00feeirra", "landreki og geti sk\u00fdrt, me\u00f0 tilliti til \u00feess, myndun valinna sv\u00e6\u00f0a \u00e1 j\u00f6r\u00f0inni", "jar\u00f0s\u00f6gu \u00cdslands me\u00f0 tilliti til mismunandi \u00fe\u00e1tta s.s. landreks, loftslags, jar\u00f0laga, eldvirkni og l\u00edfr\u00edkis", "helstu ger\u00f0um jar\u00f0myndana h\u00e9r \u00e1 landi", "mismunandi ger\u00f0um jar\u00f0skj\u00e1lftabylgna og m\u00e6likvar\u00f0a \u00e1 st\u00e6r\u00f0 skj\u00e1lfta "], "skills_goals": ["greina berg og steindir og geti \u00fat fr\u00e1 \u00fev\u00ed fjalla\u00f0 um myndun bergs og mismunandi ger\u00f0a kviku", "reikna \u00fat skj\u00e1lftami\u00f0ju og st\u00e6r\u00f0 jar\u00f0skj\u00e1lfta \u00fat fr\u00e1 uppl\u00fdsingum fr\u00e1 jar\u00f0skj\u00e1lftam\u00e6lum"], "credits": 5, "last_modified": 1324050181, "schools": [], "coauthors": [], "instructions": "Kjarna\u00e1fangi \u00e1 n\u00e1tt\u00faruv\u00edsindabraut", "continued_education": false, "level": 3, "prerequisites": "JAR\u00d01AJ05", "author": "b68f32cf-f5e7-4436-8857-8f510bbb44c9", "abbreviation_version": null, "competence_goals": [["sk\u00fdra myndun mismunandi jar\u00f0laga og tengja vi\u00f0 \u00e1stand umhverfis \u00e1 myndunart\u00edma \u00feeirra, s.s. hitastig og orku \u00ed umhverfinu", ""], ["tengja jar\u00f0myndanir \u00e1 \u00cdslandi og r\u00edkjandi umhverfisa\u00f0st\u00e6\u00f0ur \u00e1 myndunart\u00edma \u00feeirra", ""], ["geta n\u00fdtt kort og m\u00e6lini\u00f0urst\u00f6\u00f0ur til a\u00f0 segja til um myndun bergs og lands", ""], ["s\u00fdna sj\u00e1lfst\u00e6\u00f0 og \u00f6gu\u00f0 vinnubr\u00f6g\u00f0, virkni \u00ed gagna\u00f6flun og geta lagt sj\u00e1lfst\u00e6tt mat \u00e1 uppl\u00fdsingar vi\u00f0 \u00farvinnslu og geta sett fram ni\u00f0urst\u00f6\u00f0ur \u00e1 skilmerkilegan h\u00e1tt", ""], ["draga \u00e1lyktanir um \u00f3l\u00edkar a\u00f0st\u00e6\u00f0ur \u00e1 \u00cdslandi var\u00f0andi landslag og jar\u00f0myndanir", ""], ["tengja undirst\u00f6\u00f0u\u00fe\u00e6tti jar\u00f0fr\u00e6\u00f0innar vi\u00f0 umhverfi sitt og geta fjalla\u00f0 \u00e1 r\u00f6kr\u00e6nan h\u00e1tt um mikilv\u00e6gi og notagildi \u00feeirra fyrir daglegt l\u00edf", ""]], "_id": "51265b3d62933a77194c9200"}, {"exemplary": null, "topics": "N\u00fdnemafr\u00e6\u00f0sla", "abbreviation": "N\u00ddNE1N\u00dd01", "former_schools": null, "subject": "N\u00fdnemafr\u00e6\u00f0sla", "title": "N\u00fdnemafr\u00e6\u00f0sla", "version": 1, "status_trans": "Sam\u00feykkt af sk\u00f3la", "embedded_subject": {"abbreviation": "N\u00ddNE", "topics": [{"abbreviation": "N\u00dd", "topics": ["N\u00fdnemafr\u00e6\u00f0sla"]}], "_id": "5138546162933a093a0002c2", "subjects": ["N\u00fdnemafr\u00e6\u00f0sla"], "counter": {"1": 0, "3": 0, "2": 0, "4": 0}}, "evaluation": "", "categorization_suggestion": "", "embedded_topics": {"abbreviation": "N\u00dd", "topics": ["N\u00fdnemafr\u00e6\u00f0sla"]}, "status": "approved by school", "description": "\u00cd \u00e1fanganum er l\u00f6g\u00f0 \u00e1hersla \u00e1 a\u00f0 nemendur geri s\u00e9r grein fyrir n\u00e1mskr\u00f6fum sk\u00f3lans og a\u00f0lagist vel n\u00fdju sk\u00f3lastigi og sk\u00f3laumhverfi. Fari\u00f0 er \u00ed skipulagningu \u00e1 t\u00edma og n\u00e1mi og kynntar eru \u00e1rangursr\u00edkar n\u00e1msa\u00f0fer\u00f0ir. Nemendur l\u00e6ra a\u00f0fer\u00f0ir til a\u00f0 takast \u00e1 vi\u00f0 streitu og kv\u00ed\u00f0a. Einnig f\u00e1 nemendur fr\u00e6\u00f0slu \u00ed samr\u00e6mi vi\u00f0 forvarnar\u00e1\u00e6tlun sk\u00f3lans.", "knowledge_goals": ["n\u00e1mskr\u00f6fum sk\u00f3lans", "a\u00f0fer\u00f0um til a\u00f0 skipuleggja t\u00edma og n\u00e1m", "\u00e1rangursr\u00edkum n\u00e1msa\u00f0fer\u00f0um", "lei\u00f0um til a\u00f0 takast \u00e1 vi\u00f0 \u00e1lag \u00ed n\u00e1mi s.s. streitu og kv\u00ed\u00f0a", "forvarnarstarfi"], "skills_goals": ["n\u00fdta t\u00edma sinn vel og nota n\u00e1msa\u00f0fer\u00f0ir sem skila \u00e1rangri", "setja s\u00e9r markmi\u00f0 sem n\u00e1msma\u00f0ur og einstaklingur", "\u00feekkja sk\u00f3laumhverfi\u00f0 og helstu starfsemi sk\u00f3lans", "draga \u00far \u00e1hrifum streitu"], "credits": 1, "last_modified": 1362646422.601555, "schools": ["512350238caa45ed97015b3f"], "coauthors": null, "instructions": "Kjarna\u00e1fangi \u00e1 \u00f6llum b\u00f3kn\u00e1msbrautum sk\u00f3lans.", "continued_education": false, "level": 1, "prerequisites": "Engar", "author": "b68f32cf-f5e7-4436-8857-8f510bbb44c9", "abbreviation_version": null, "competence_goals": [["nota skipul\u00f6g\u00f0 vinnubr\u00f6g\u00f0 \u00ed n\u00e1mi", ""], ["takast \u00e1 vi\u00f0 \u00e1lag \u00ed n\u00e1mi", ""], ["efla styrkleika s\u00edna og vinna a\u00f0 \u00fev\u00ed a\u00f0 \u00feeir n\u00fdtist sem best.", ""]], "_id": "5138559662933a093a0002d2"}, {"exemplary": "false", "topics": "rafsegulfr\u00e6\u00f0i", "abbreviation": "E\u00d0LI3RS05", "former_schools": null, "subject": "e\u00f0lisfr\u00e6\u00f0i", "title": "Rafsegulfr\u00e6\u00f0i.", "version": 4, "status_trans": "Sam\u00feykkt af sk\u00f3la", "embedded_subject": {"abbreviation": "E\u00d0LI", "topics": [{"abbreviation": "HK", "topics": ["hreyfing", "kraftar"]}, {"abbreviation": "SG", "topics": ["geislun", "mannsl\u00edkaminn", "sn\u00faningur"]}, {"abbreviation": "RR", "topics": ["rafsegulfr\u00e6\u00f0i og rennsli v\u00f6kva og lofts"]}, {"abbreviation": "NE", "topics": ["n\u00fat\u00edmae\u00f0lisfr\u00e6\u00f0i"]}, {"abbreviation": "RB", "topics": ["bylgjur og hreyfing", "raffr\u00e6\u00f0i"]}, {"abbreviation": "GR", "topics": ["grunn\u00e1fangi \u00ed e\u00f0lisfr\u00e6\u00f0i \u00e1 n\u00e1tt\u00faruv\u00edsindabraut"]}, {"abbreviation": "H\u00de", "topics": ["hlj\u00f3\u00f0", "hringhreyfing og \u00feyngdarsvi\u00f0", "skri\u00f0\u00feungi", "sveiflur og bylgjur", "v\u00f6kvar"]}, {"abbreviation": "AX", "topics": ["at\u00f3m- og kjarne\u00f0lisfr\u00e6\u00f0i"]}, {"abbreviation": "HR", "topics": ["hreyfifr\u00e6\u00f0i"]}, {"abbreviation": "HS", "topics": ["bylgjue\u00f0li lj\u00f3ss", "hiti og kvikfr\u00e6\u00f0i", "lj\u00f3sgeislafr\u00e6\u00f0i", "sn\u00faningshreyfing og sj\u00e1lfvali\u00f0 e\u00f0lisfr\u00e6\u00f0iefni", "varmi"]}, {"abbreviation": "RS", "topics": ["rafsegulfr\u00e6\u00f0i"]}, {"abbreviation": "AF", "topics": ["aflfr\u00e6\u00f0i"]}, {"abbreviation": "BR", "topics": ["bylgur", "raffr\u00e6\u00f0i"]}, {"abbreviation": "G\u00c1", "topics": ["grunn\u00e1fangi"]}, {"abbreviation": "BV", "topics": ["bylgjur", "varmafr\u00e6\u00f0i"]}, {"abbreviation": "RA", "topics": ["rafsegulsfr\u00e6\u00f0i"]}, {"abbreviation": "AY", "topics": ["yfirlits\u00e1fangi"]}, {"abbreviation": "AA", "topics": ["afst\u00e6\u00f0iskenning og aflfr\u00e6\u00f0i"]}, {"abbreviation": "BS", "topics": ["stjarne\u00f0lisfr\u00e6\u00f0i"]}, {"abbreviation": "BY", "topics": ["byrjunar\u00e1fangi \u00ed e\u00f0lisfr\u00e6\u00f0i fyrir n\u00e1tt\u00faruv\u00edsindabraut"]}, {"abbreviation": "AB", "topics": ["aflfr\u00e6\u00f0i og bylgjur"]}, {"abbreviation": "AK", "topics": ["aflfr\u00e6\u00f0i", "geislun", "lj\u00f3s", "rafmagn", "stj\u00f6rnufr\u00e6\u00f0i", "varmafr\u00e6\u00f0i"]}, {"abbreviation": "LA", "topics": ["aflfr\u00e6\u00f0i", "lj\u00f3s"]}, {"abbreviation": "VB", "topics": ["bylgjur og hreyfing", "varmafr\u00e6\u00f0i"]}, {"abbreviation": "AS", "topics": ["at\u00f3m- og kjarne\u00f0lisfr\u00e6\u00f0i", "stj\u00f6rnufr\u00e6\u00f0i"]}, {"abbreviation": "RF", "topics": ["raffr\u00e6\u00f0i", "rafsegulsfr\u00e6\u00f0i"]}, {"abbreviation": "AT", "topics": ["aflfr\u00e6\u00f0i", "afst\u00e6\u00f0iskenning og aflfr\u00e6\u00f0i"]}, {"abbreviation": "AH", "topics": ["Aflfr\u00e6\u00f0i", "afst\u00e6\u00f0iskenningin og sj\u00e1lfvali\u00f0 e\u00f0lisfr\u00e6\u00f0iefni", "hiti og kvikfr\u00e6\u00f0i", "varmi"]}, {"abbreviation": "AV", "topics": ["Afl- og varmafr\u00e6\u00f0i"]}, {"abbreviation": "VA", "topics": ["Val\u00e1fangi", "yfirlits\u00e1fangi"]}, {"abbreviation": "EF", "topics": ["Framhalds\u00e1fangi \u00ed e\u00f0lisfr\u00e6\u00f0i"]}, {"abbreviation": "SB", "topics": ["Sveifluhreyfing og bylgjur", "raffr\u00e6\u00f0i og lj\u00f3sfr\u00e6\u00f0i", "varmafr\u00e6\u00f0i"]}, {"abbreviation": "RM", "topics": ["E\u00f0lisfr\u00e6\u00f0i: Rafmagna\u00f0ur \u00e1fangi"]}, {"abbreviation": "BL", "topics": ["Bylgjur og lj\u00f3s"]}], "_id": "50c0a02dd8e40575f7f6f4df", "subjects": ["e\u00f0lisfr\u00e6\u00f0i"], "counter": {"1": 0, "3": 12, "2": 8, "4": 0}}, "evaluation": "Vinnueinkunn og lokapr\u00f3f", "categorization_suggestion": "", "embedded_topics": {"abbreviation": "RS", "topics": ["rafsegulfr\u00e6\u00f0i"]}, "status": "approved by school", "description": "\u00cd \u00e1fanganum eru nemendur l\u00e1tnir vinna me\u00f0 og \u00f6\u00f0last skilning \u00e1 hugt\u00f6kum og \u00feekkingu \u00far rafsegulfr\u00e6\u00f0i. Samt\u00edmis \u00fev\u00ed eru nemendur \u00fej\u00e1lfa\u00f0ir \u00ed \u00feeim vinnubr\u00f6g\u00f0um sem notu\u00f0 eru vi\u00f0 n\u00e1m \u00ed \u00feessari grein. Nemendur \u00f6\u00f0last leikni \u00ed a\u00f0 setja fram og t\u00falka myndir og gr\u00f6f innan rafsegulfr\u00e6\u00f0innar m.a. vi\u00f0 hle\u00f0slu/afhle\u00f0slu \u00fe\u00e9ttis \u00ed verklegri \u00e6fingu og geta \u00fatsk\u00fdrt ni\u00f0urst\u00f6\u00f0ur \u00fat fr\u00e1 verkse\u00f0li/fyrirm\u00e6lum kennara. Nemendur \u00f6\u00f0last leikni \u00ed a\u00f0 nota markver\u00f0a stafi og vi\u00f0eigandi einingar innan rafsegulfr\u00e6\u00f0innar \u00e1samt \u00fev\u00ed a\u00f0 nota fl\u00f3kna st\u00e6r\u00f0fr\u00e6\u00f0i vi\u00f0 \u00farlausn verkefna. Nemendur vinna b\u00e6\u00f0i sj\u00e1lfst\u00e6tt og saman \u00ed h\u00f3pum og l\u00f6g\u00f0 er \u00e1hersla \u00e1 sj\u00e1lfst\u00e6\u00f0i og \u00e1byrg\u00f0 nemandans \u00e1 eigin n\u00e1msframvindu. Byggt er \u00e1 grundvallar\u00feekkingu \u00e1 fr\u00e6\u00f0um sem nemandinn hefur afla\u00f0 s\u00e9r \u00ed kjarna\u00e1fanganum E\u00d0LI2GR05. Efnis\u00fe\u00e6ttir sem teknir ver\u00f0a fyrir \u00ed \u00e1fanganum eru s\u00e9rh\u00e6f\u00f0ir innan rafsegulfr\u00e6\u00f0innar.  \u00deeir eru: rafhle\u00f0sla og rafsvi\u00f0, rafspenna, \u00fe\u00e9ttar og geymsla raforku, rafstraumur og l\u00f6gm\u00e1l Ohms, rakstraumsr\u00e1sir og l\u00f6gm\u00e1l Kirchhoffs, segulmagn, span og l\u00f6gm\u00e1l Faradays og rafsegulbylgjur.", "knowledge_goals": ["\u00fev\u00ed hvernig rafhle\u00f0sla hlutar \u00e1 uppt\u00f6k s\u00edn \u00ed hle\u00f0slum \u00f6reindanna", "svi\u00f0shugtakinu og rafsegulbylgjum", "helstu hugt\u00f6kum sem notu\u00f0 eru \u00ed rafsegulfr\u00e6\u00f0inni og SI-einingum \u00feeirra", "helstu l\u00f6gm\u00e1lum \u00ed rafsegulfr\u00e6\u00f0i, svo sem l\u00f6gm\u00e1lum Coulombs, Ohms, Kirchhoffs, Laplace og Faradays og l\u00f6gm\u00e1li um var\u00f0veislu heildarhle\u00f0slunnar", "verkun nokkurra t\u00e6kja sem byggja \u00e1 l\u00f6gm\u00e1lum rafsegulfr\u00e6\u00f0innar"], "skills_goals": ["fara me\u00f0 t\u00f6lur og vigra \u00ed e\u00f0lisfr\u00e6\u00f0i og \u00ed v\u00edsindalegum vinnubr\u00f6g\u00f0um", "beita l\u00f6gm\u00e1lum og j\u00f6fnum vi\u00f0 a\u00f0 leysa verkefni af \u00fdmsu tagi", "lei\u00f0a \u00fat me\u00f0 r\u00f6kr\u00e6num h\u00e6tti j\u00f6fnu fyrir sambandi st\u00e6r\u00f0a fr\u00e1 gefnum forsendum", "vinna me\u00f0 fj\u00f6lm\u00e6la og \u00fdmsa rafhluti vi\u00f0 a\u00f0 framkv\u00e6ma verklegar \u00e6fingar og vinna \u00far m\u00e6lini\u00f0urst\u00f6\u00f0um \u00feeirra, m.a. me\u00f0 t\u00f6lvuforritum eins og Word og Excel", "setja fram e\u00f0lisfr\u00e6\u00f0ilegt umfj\u00f6llunarefni \u00e1 sk\u00fdran og markvissan h\u00e1tt \u00ed r\u00e6\u00f0u og riti"], "credits": 5, "last_modified": 1326385205, "schools": ["512350238caa45ed97015b3f"], "coauthors": [], "instructions": "Kjarna\u00e1fangi \u00e1 n\u00e1tt\u00faruv\u00edsindabraut", "continued_education": false, "level": 3, "prerequisites": "E\u00d0LI2GR05", "author": "b68f32cf-f5e7-4436-8857-8f510bbb44c9", "abbreviation_version": null, "competence_goals": [["s\u00fdna sj\u00e1lfst\u00e6\u00f0i \u00ed vinnubr\u00f6g\u00f0um og bera \u00e1byrg\u00f0 \u00e1 eigin n\u00e1msframvindu", ""], ["nota n\u00e1msefni og g\u00f6gn \u00e1 markvissan h\u00e1tt", ""], ["yfirf\u00e6ra \u00feekkingu \u00far \u00f6\u00f0rum greinum til a\u00f0 au\u00f0velda n\u00e1mi\u00f0", ""], ["meta hvort ni\u00f0urst\u00f6\u00f0ur \u00fatreikninga og m\u00e6linga s\u00e9u raunh\u00e6far", ""], ["tengja e\u00f0lisfr\u00e6\u00f0ina vi\u00f0 daglegt l\u00edf og umhverfi og gera s\u00e9r grein fyrir notagildi hennar", ""]], "_id": "51265b3d62933a77194c9216"}, {"exemplary": null, "topics": "m\u00e1lnotkun og b\u00f3kmenntir, ritun", "abbreviation": "DANS2RM07", "former_schools": ["512350238caa45ed97015b3f"], "subject": "danska", "title": "Ritun, m\u00e1lnotkun og b\u00f3kmenntir", "version": 6, "status_trans": "Sam\u00feykkt af sk\u00f3la", "embedded_subject": {"abbreviation": "DANS", "topics": [{"abbreviation": "BG", "topics": ["evr\u00f3pski tungum\u00e1laramminn", "grunnur", "stig b1"]}, {"abbreviation": "BF", "topics": ["evr\u00f3pski tungum\u00e1laramminn", "framhald", "stig b1"]}, {"abbreviation": "UB", "topics": ["evr\u00f3pski tungum\u00e1laramminn", "stig b2", "undirsta\u00f0a"]}, {"abbreviation": "VB", "topics": ["evr\u00f3pski tungum\u00e1laramminn", "stig b2", "vi\u00f0b\u00f3t"]}, {"abbreviation": "CG", "topics": ["evr\u00f3pski tungum\u00e1laramminn", "grunnur", "stig c1"]}, {"abbreviation": "CF", "topics": ["evr\u00f3pski tungum\u00e1laramminn", "framhald", "stig c1"]}, {"abbreviation": "RM", "topics": ["m\u00e1lnotkun og b\u00f3kmenntir", "ritun"]}, {"abbreviation": "MR", "topics": ["menning", "ritun og b\u00f3kmenntir"]}, {"abbreviation": "BM", "topics": ["b\u00f3kmenntir og or\u00f0afor\u00f0i", "menning"]}, {"abbreviation": "KV", "topics": ["kvikmynda\u00e1fangi"]}, {"abbreviation": "EV", "topics": ["evr\u00f3pski tungum\u00e1laramminn"]}, {"abbreviation": "MV", "topics": ["menning", "venjur"]}, {"abbreviation": "MS", "topics": ["menning", "samf\u00e9lag"]}, {"abbreviation": "LO", "topics": ["lesskilningur", "or\u00f0afor\u00f0i"]}, {"abbreviation": "SO", "topics": ["s\u00e9rh\u00e6f\u00f0ur or\u00f0afor\u00f0i"]}, {"abbreviation": "TL", "topics": ["lestur og menning", "tj\u00e1ning"]}, {"abbreviation": "UN", "topics": ["undirb\u00fanings\u00e1fangi \u00ed d\u00f6nsku"]}, {"abbreviation": "LT", "topics": ["lestur og menning ii", "tj\u00e1ning"]}, {"abbreviation": "M\u00c1", "topics": ["m\u00e1lfr\u00e6\u00f0i"]}, {"abbreviation": "GR", "topics": ["grunn\u00e1fangi"]}, {"abbreviation": "AL", "topics": ["almennur \u00e1fangi"]}, {"abbreviation": "FI", "topics": ["film og filmhistorie"]}, {"abbreviation": "LI", "topics": ["litter\u00e6r analyse"]}, {"abbreviation": "TT", "topics": ["tal;  t\u00e6nke - tale"]}, {"abbreviation": "L\u00c9", "topics": ["l\u00e9ttlestur"]}, {"abbreviation": "OR", "topics": ["or\u00f0afor\u00f0i"]}, {"abbreviation": "ML", "topics": ["lesskilningur", "m\u00e1lfr\u00e6\u00f0i"]}, {"abbreviation": "LM", "topics": ["lesskilningur", "m\u00e1lfr\u00e6\u00f0i", "stig a2 \u00ed evr\u00f3pska tungum\u00e1larammanum"]}, {"abbreviation": "MO", "topics": ["lesskilningur", "m\u00e1lfr\u00e6\u00f0i", "stig b1 \u00ed evr\u00f3pska tungum\u00e1larammanum"]}, {"abbreviation": "MB", "topics": ["b\u00f3kmenntir", "menning", "stig b2 \u00ed evr\u00f3pska tungum\u00e1larammanum"]}, {"abbreviation": "FH", "topics": ["Framhalds\u00e1fangi danska hra\u00f0fer\u00f0"]}, {"abbreviation": "TM", "topics": ["lestur", "m\u00e1lfr\u00e6\u00f0i", "tal"]}, {"abbreviation": "FS", "topics": ["0 \u00e1 grunnsk\u00f3lapr\u00f3fi", "fyrir nemendur", "sem f\u00e1 undir 5"]}, {"abbreviation": "HY", "topics": ["Hyggelesning", "yndislestur framhald"]}, {"abbreviation": "ST", "topics": ["menning", "skilningur", "tj\u00e1ning"]}, {"abbreviation": "SS", "topics": ["skilningur", "s\u00e9rh\u00e6fing", "tj\u00e1ning"]}, {"abbreviation": "FB", "topics": ["b\u00f3kmenntir", "fj\u00f6lmi\u00f0lar", "\u00feemavinna"]}, {"abbreviation": "VV", "topics": ["Verkefni a\u00f0 eigin vali"]}, {"abbreviation": "DA", "topics": ["dabla"]}, {"abbreviation": "DT", "topics": ["Danskt m\u00e1l og samf\u00e9lag 2"]}], "_id": "50c0a02dd8e40575f7f6f4d1", "subjects": ["danska"], "counter": {"1": 0, "3": 0, "2": 0, "4": 0}}, "evaluation": "Lokapr\u00f3f og vinnueinkunn", "categorization_suggestion": "", "embedded_topics": [{"abbreviation": "RM", "topics": ["m\u00e1lnotkun og b\u00f3kmenntir", "ritun"]}], "status": "approved by school", "description": "\u00cd \u00e1fanganum er l\u00f6g\u00f0 \u00e1hersla \u00e1 a\u00f0 nemendur vinni me\u00f0 fl\u00f3knari  texta en \u00e1\u00f0ur. Unni\u00f0 er me\u00f0 or\u00f0afor\u00f0a m.a. tengdan daglegu l\u00edfi, umhverfism\u00e1lum, fer\u00f0amennsku, menntakerfi, t\u00e6kni og v\u00edsindum. \u00c1hersla er l\u00f6g\u00f0 \u00e1 vandlegan lestur texta me\u00f0 \u00fea\u00f0 fyrir augum a\u00f0 byggja upp virkan og hagn\u00fdtan or\u00f0afor\u00f0a. Nemendur kynnast danskri og norr\u00e6nni menningu og fjalla\u00f0 ver\u00f0ur um si\u00f0i og venjur dansks samf\u00e9lags. \u00cd \u00e1fanganum er notast vi\u00f0 \u00fdmsa rauntexta auk  b\u00f3kmenntatexta. Nemendur vinna sj\u00e1lfst\u00e6tt a\u00f0 vi\u00f0ameiri verkefnum \u00ed formi kynninga og ritunarverkefna.", "knowledge_goals": ["danska menningarsv\u00e6\u00f0inu og hvernig danska n\u00fdtist \u00e1 norr\u00e6na menningarsv\u00e6\u00f0inu almennt", "\u00f3l\u00edkum vi\u00f0horfum og gildum og hvernig \u00feau m\u00f3ta danska menningu", "or\u00f0afor\u00f0a til undirb\u00fanings n\u00e1ms \u00e1 h\u00e1sk\u00f3lastigi", "helstu hef\u00f0um um uppsetningu og skipulag rita\u00f0s m\u00e1ls"], "skills_goals": ["skilja e\u00f0lilegt tala\u00f0 m\u00e1l vi\u00f0 mismunandi a\u00f0st\u00e6\u00f0ur sem og algengustu or\u00f0asamb\u00f6nd sem einkenna \u00fea\u00f0", "lesa fj\u00f6lbreyttar ger\u00f0ir texta og beita \u00feeim lestrara\u00f0fer\u00f0um sem vi\u00f0 eiga eftir ger\u00f0 textans e\u00f0a vi\u00f0fangsefnisins", "tj\u00e1 sig munnlega sk\u00fdrt og hn\u00f6kralaust um m\u00e1lefni sem hann hefur kynnt s\u00e9r", "rita margs konar texta, formlega og \u00f3formlega, og fylgja helstu rithef\u00f0um og reglum um m\u00e1lbeitingu", "beita meginreglum danskrar m\u00e1lfr\u00e6\u00f0i og setningafr\u00e6\u00f0i"], "credits": 7, "last_modified": 1323183214, "schools": [], "coauthors": [], "instructions": "Kjarna\u00e1fangi \u00e1 \u00f6llum brautum", "continued_education": false, "level": 2, "prerequisites": "Engar", "author": "b68f32cf-f5e7-4436-8857-8f510bbb44c9", "abbreviation_version": null, "competence_goals": [["skilja daglegt m\u00e1l svo sem samr\u00e6\u00f0ur og fj\u00f6lmi\u00f0laefni, inntak erinda og anna\u00f0 tilt\u00f6lulega fl\u00f3ki\u00f0 efni sem hann hefur kynnt s\u00e9r"], ["tileinka s\u00e9r innihald rita\u00f0s texta og n\u00fdta \u00fea\u00f0 \u00e1 mismunandi h\u00e1tt"], ["lesa texta \u00fear sem \u00e1kve\u00f0in vi\u00f0horf e\u00f0a sko\u00f0anir eru kynnt og geta brug\u00f0ist vi\u00f0 og tj\u00e1\u00f0 sko\u00f0anir s\u00ednar um efni \u00feeirra"], ["lesa \u00e1 milli l\u00ednanna og \u00e1tta sig \u00e1 d\u00fdpri merkingu texta"], ["geta tj\u00e1\u00f0 sig hiklaust og teki\u00f0 \u00fe\u00e1tt \u00ed samr\u00e6\u00f0um vi\u00f0 \u00f3l\u00edka vi\u00f0m\u00e6lendur sem hafa d\u00f6nsku a\u00f0 m\u00f3\u00f0urm\u00e1li"], ["geta skipst \u00e1 sko\u00f0unum og sett fram hugmyndir s\u00ednar af talsver\u00f0u \u00f6ryggi og komi\u00f0 \u00feeim kunn\u00e1ttusamlega til annarra"], ["tj\u00e1 sig sk\u00fdrt, lipurlega og bla\u00f0alaust fyrir \u00e1heyrendum um s\u00e9rvali\u00f0 efni sem nemandinn hefur kynnt s\u00e9r"], ["geta skrifa\u00f0 l\u00e6silega texta um s\u00e9rvali\u00f0 efni fr\u00e1 eigin brj\u00f3sti \u00fear sem hugmyndaflug getur fengi\u00f0 a\u00f0 nj\u00f3ta s\u00edn"], ["skrifa margs konar texta og fylgja \u00feeim rithef\u00f0um sem vi\u00f0 eiga hverju sinni"]], "_id": "51265b3d62933a77194c91b7"}, {"exemplary": null, "topics": "sj\u00f3narhorn f\u00e9lagsv\u00edsinda", "abbreviation": "F\u00c9LV1SJ06", "former_schools": ["512350238caa45ed97015b3f"], "subject": "f\u00e9lagsv\u00edsindi", "title": "Sj\u00f3narhorn f\u00e9lagsv\u00edsinda", "version": 4, "status_trans": "Sam\u00feykkt af sk\u00f3la", "embedded_subject": {"abbreviation": "F\u00c9LV", "topics": [{"abbreviation": "IF", "topics": ["inngangur a\u00f0 f\u00e9lagsv\u00edsindum"]}, {"abbreviation": "AF", "topics": ["a\u00f0fer\u00f0ir f\u00e9lagsv\u00edsinda"]}, {"abbreviation": "LV", "topics": ["lokaverkefni"]}, {"abbreviation": "SJ", "topics": ["sj\u00f3narhorn f\u00e9lagsv\u00edsinda"]}, {"abbreviation": "\u00deF", "topics": ["\u00fer\u00f3un f\u00e9lagsv\u00edsinda"]}, {"abbreviation": "US", "topics": ["f\u00e9lagsfr\u00e6\u00f0i", "s\u00e1lfr\u00e6\u00f0i", "uppeldisfr\u00e6\u00f0i", "\u00fer\u00f3un f\u00e9lagsv\u00edsinda"]}, {"abbreviation": "KF", "topics": ["f\u00e9lagsv\u00edsindagreinar", "v\u00edsindaleg vinnubr\u00f6g\u00f0", "yfirlit"]}], "_id": "50c0a02dd8e40575f7f6f49a", "subjects": ["f\u00e9lagsv\u00edsindi"], "counter": {"1": 0, "3": 0, "2": 0, "4": 0}}, "evaluation": "Lokapr\u00f3f og vinnueinkunn", "categorization_suggestion": "", "embedded_topics": [{"abbreviation": "SJ", "topics": ["sj\u00f3narhorn f\u00e9lagsv\u00edsinda"]}], "status": "approved by school", "description": "\u00cd \u00feessum byrjunar\u00e1fanga er fjalla\u00f0 um grunneiningar samf\u00e9lagsins og \u00fe\u00e6r sko\u00f0a\u00f0ar fr\u00e1 sj\u00f3narhorni f\u00e9lagsv\u00edsinda. Fjalla\u00f0 er um samf\u00e9lagi\u00f0 \u00ed lj\u00f3si \u00feeirra \u00e1hrifa sem \u00fea\u00f0 hefur \u00e1 einstaklinginn og l\u00edf hans. L\u00f6g\u00f0 er \u00e1hersla \u00e1 a\u00f0 nemendur \u00f6\u00f0list \u00feekkingu \u00e1 samf\u00e9l\u00f6gum n\u00e6r og fj\u00e6r svo a\u00f0 \u00feeir ver\u00f0i f\u00e6rir um a\u00f0 taka virkan \u00fe\u00e1tt \u00ed samf\u00e9lagslegum umr\u00e6\u00f0um og mynda s\u00e9r sko\u00f0anir \u00e1 me\u00f0vita\u00f0an og gagnr\u00fdninn h\u00e1tt. Nemendur kynna s\u00e9r f\u00e9lagslega \u00fe\u00e6tti sem st\u00fdra hugsun og ath\u00f6fnum einstaklingsins og keppt er a\u00f0 \u00fev\u00ed a\u00f0 nemendur \u00f6\u00f0list skilning \u00e1 skipulagi eigin samf\u00e9lags og annarra. Meginmarkmi\u00f0 \u00e1fangans er a\u00f0 nemendur \u00e1tti sig \u00e1 \u00fev\u00ed hvernig samf\u00e9lagi\u00f0 hefur \u00e1hrif \u00e1 \u00fe\u00e1 og hvernig \u00feeir geta haft \u00e1hrif \u00e1 samf\u00e9lagi\u00f0. ", "knowledge_goals": ["algengustu hugt\u00f6kum f\u00e9lagsv\u00edsinda", "helstu \u00e1hrifav\u00f6ldum \u00ed f\u00e9lagsm\u00f3tun s.s. fj\u00f6lskyldu, sk\u00f3la, f\u00e9laga og fj\u00f6lmi\u00f0la", "mikilv\u00e6gustu f\u00e9lagslegu festum \u00f3l\u00edkra samf\u00e9laga og tilgangi \u00feeirra", "helstu hugt\u00f6kum stj\u00f3rnm\u00e1lafr\u00e6\u00f0innar s.s. valdi, l\u00fd\u00f0r\u00e6\u00f0i og \u00fer\u00edskiptingu r\u00edkisvaldsins", "\u00edslenskum vinnumarka\u00f0i s.s. atvinnu\u00fe\u00e1ttt\u00f6ku, launajafnr\u00e9tti og hagsmunasamt\u00f6kum", "samstarfi \u00fej\u00f3\u00f0a \u00e1 al\u00fej\u00f3\u00f0avettvangi s.s. innan Sameinu\u00f0u \u00fej\u00f3\u00f0anna, Evr\u00f3pusambandsins og \u00e1 svi\u00f0i al\u00fej\u00f3\u00f0legra vi\u00f0skipta", "r\u00e9ttindum og skyldum s\u00ednum gagnvart samf\u00e9laginu"], "skills_goals": ["beita algengustu hugt\u00f6kum f\u00e9lagsv\u00edsinda \u00e1 sk\u00fdran og skilmerkilegan h\u00e1tt", "lesa og skilja \u00e1hrif f\u00e9lagslegra festa \u00ed samf\u00e9laginu", "greina st\u00f6\u00f0u s\u00edna innan samf\u00e9lagsins og \u00feau \u00e1hrif sem einstaklingar geta haft \u00ed samf\u00e9laginu", "gera grein fyrir einkennum og \u00fer\u00f3un \u00f3l\u00edkra samf\u00e9laga", "setja fram ni\u00f0urst\u00f6\u00f0ur s\u00ednar b\u00e6\u00f0i munnlega og skriflega"], "credits": 6, "last_modified": 1332859282, "schools": [], "coauthors": [], "instructions": "Kjarna\u00e1fangi \u00e1 \u00f6llum brautum ", "continued_education": false, "level": 1, "prerequisites": "Engar", "author": "b68f32cf-f5e7-4436-8857-8f510bbb44c9", "abbreviation_version": null, "competence_goals": [["gera grein fyrir samspili \u00feekkingar, umbur\u00f0arlyndis og ford\u00f3ma"], ["tj\u00e1 sig skipulega og gagnr\u00fdni\u00f0 um samf\u00e9lagsleg \u00e1litam\u00e1l"], ["geta lagt mat \u00e1 heimildir og uppl\u00fdsingar \u00ed f\u00e9lagsv\u00edsindum"], ["geta beitt \u00f6gu\u00f0um vinnubr\u00f6g\u00f0um, teki\u00f0 \u00e1byrg\u00f0 \u00e1 eigin n\u00e1mi og unni\u00f0 \u00ed samvinnu vi\u00f0 a\u00f0ra"]], "_id": "51265b3d62933a77194c934f"}, {"exemplary": null, "topics": "st\u00fadentspr\u00f3f - og hva\u00f0 svo?", "abbreviation": "N\u00c1MS1NS02", "former_schools": null, "subject": "n\u00e1ms- og starfsval", "title": "St\u00fadentspr\u00f3f \u2013 og hva\u00f0 svo?", "version": 1, "status_trans": "Sam\u00feykkt af sk\u00f3la", "embedded_subject": {"abbreviation": "N\u00c1MS", "topics": [{"abbreviation": "NS", "topics": ["st\u00fadentspr\u00f3f - og hva\u00f0 svo?"]}], "_id": "50c0a02dd8e40575f7f6f4f0", "subjects": ["n\u00e1ms- og starfsval"], "counter": {"1": 0, "3": 0, "2": 0, "4": 0}}, "evaluation": "S\u00edmats\u00e1fangi", "categorization_suggestion": "", "embedded_topics": [{"abbreviation": "NS", "topics": ["st\u00fadentspr\u00f3f - og hva\u00f0 svo?"]}], "status": "approved by school", "description": "\u00cd \u00e1fanganum er unni\u00f0 a\u00f0 \u00fev\u00ed a\u00f0 nemendur s\u00e9u vel \u00ed stakk b\u00fanir til a\u00f0 marka s\u00e9r framt\u00ed\u00f0 og bera \u00e1byrg\u00f0 \u00e1 \u00feeirri lei\u00f0 sem \u00feeir kj\u00f3sa eftir a\u00f0 Kvennask\u00f3lanum sleppir. Kenndar eru lei\u00f0ir til a\u00f0 efla sj\u00e1lfs\u00feekkingu og a\u00f0 taka \u00e1kvar\u00f0anir \u00e1 yfirvega\u00f0an h\u00e1tt. \u00c1hersla er l\u00f6g\u00f0 \u00e1 a\u00f0 nemendur s\u00e9u me\u00f0vita\u00f0ir um \u00fe\u00e1 \u00f3\u00ferj\u00f3tandi m\u00f6guleika sem \u00ed bo\u00f0i eru \u00ed framhaldsn\u00e1mi h\u00e9rlendis og erlendis og \u00feekki lei\u00f0ir til a\u00f0 afla uppl\u00fdsinga \u00e1 \u00feessu svi\u00f0i. L\u00f6g\u00f0 er \u00e1hersla \u00e1 a\u00f0 nemendur geri s\u00e9r grein fyrir samhengi menntakerfis og vinnumarka\u00f0ar og \u00feekki nokkur einkenni \u00edslensks vinnumarka\u00f0ar. ", "knowledge_goals": ["kenningu John Hollands um \u00e1hugasvi\u00f0", "lei\u00f0um til a\u00f0 efla styrkleika og vinna me\u00f0 veikar hli\u00f0ar", "ger\u00f0 n\u00e1ms- og starfsferilsskr\u00e1a", "frambo\u00f0i \u00e1 framhaldsn\u00e1mi h\u00e9rlendis og erlendis og lei\u00f0um til a\u00f0 afla uppl\u00fdsinga um n\u00e1m og st\u00f6rf"], "skills_goals": ["finna uppl\u00fdsingar um n\u00e1m og st\u00f6rf og \u00e1tta sig \u00e1 kr\u00f6fum sem ger\u00f0ar eru til einstaklinga \u00ed mismunandi n\u00e1mi og st\u00f6rfum", "sko\u00f0a \u00f3l\u00edk st\u00f6rf og starfsumhverfi\u00f0 sem \u00feeim tengist"], "credits": 2, "last_modified": 1327920066, "schools": ["512350238caa45ed97015b3f"], "coauthors": [], "instructions": "Kjarna\u00e1fangi \u00e1 \u00f6llum brautum", "continued_education": false, "level": 1, "prerequisites": "Engar", "author": "b68f32cf-f5e7-4436-8857-8f510bbb44c9", "abbreviation_version": null, "competence_goals": [["til a\u00f0 \u00fer\u00f3a n\u00e1ms- og starfsferil sinn \u00e1 uppbyggilegan h\u00e1tt"], ["st\u00fdra fj\u00e1rm\u00e1lum s\u00ednum me\u00f0 \u00e1byrgum h\u00e6tti"], ["n\u00fdta styrkleika s\u00edna sem best"]], "_id": "51265b3d62933a77194c923d"}, {"exemplary": null, "topics": "tj\u00e1ning", "abbreviation": "TJ\u00c1N2TJ02", "former_schools": null, "subject": "tj\u00e1ning", "title": "Tj\u00e1ning ", "version": 1, "status_trans": "Sam\u00feykkt af sk\u00f3la", "embedded_subject": {"abbreviation": "TJ\u00c1N", "topics": [{"abbreviation": "TJ", "topics": ["tj\u00e1ning"]}], "_id": "50c0a02dd8e40575f7f6f4d8", "subjects": ["tj\u00e1ning"], "counter": {"1": 0, "3": 0, "2": 0, "4": 0}}, "evaluation": "S\u00edmats\u00e1fangi", "categorization_suggestion": "", "embedded_topics": [{"abbreviation": "TJ", "topics": ["tj\u00e1ning"]}], "status": "approved by school", "description": "\u00cd \u00e1fanganum eru nemendur \u00fej\u00e1lfa\u00f0ir \u00ed upplestri og frams\u00f6gn. L\u00f6g\u00f0 \u00e1hersla \u00e1 \u00e1heyrilegan, sk\u00fdran og bl\u00e6brig\u00f0ar\u00edkan frambur\u00f0. Nemendur flytja fj\u00f6lbreytta texta \u00ed bundnu m\u00e1li og \u00f3bundnu. Auk \u00feess semja \u00feeir efni og flytja. \u00deeir l\u00e6ra undirst\u00f6\u00f0uatri\u00f0i \u00ed r\u00e6\u00f0umennsku og \u00e6fa sig \u00ed a\u00f0 flytja spunaverkefni. \r\n", "knowledge_goals": ["helstu einkennum \u00edslensks talm\u00e1ls vi\u00f0 mismunandi a\u00f0st\u00e6\u00f0ur", "helstu einkennum \u00edslensks talm\u00e1ls vi\u00f0 flutning efnis", "mismunandi m\u00e1lsni\u00f0um \u00ed \u00edslensku talm\u00e1li"], "skills_goals": ["tj\u00e1 sig munnlega me\u00f0 sk\u00fdrum h\u00e6tti", "skilja og nota algeng st\u00edlbr\u00f6g\u00f0", "semja r\u00e6\u00f0ur og kynningar me\u00f0 \u00fev\u00ed a\u00f0 draga saman og n\u00fdta uppl\u00fdsingar \u00far \u00fdmiss konar heimildum og fl\u00e9tta saman vi\u00f0 eigin vi\u00f0horf og \u00e1lyktanir", "flytja af nokkru \u00f6ryggi r\u00e6\u00f0ur, endursagnir, l\u00fdsingar og kynningar \u00e1 tilteknum m\u00e1lefnum"], "credits": 2, "last_modified": 1323181363, "schools": ["512350238caa45ed97015b3f"], "coauthors": [], "instructions": "Kjarna\u00e1fangi \u00e1 \u00f6llum brautum", "continued_education": false, "level": 2, "prerequisites": "Engar", "author": "b68f32cf-f5e7-4436-8857-8f510bbb44c9", "abbreviation_version": null, "competence_goals": [["styrkja eigin m\u00e1lf\u00e6rni"], ["beita sk\u00fdru, l\u00fdtalausu og bl\u00e6brig\u00f0ar\u00edku m\u00e1li vi\u00f0 flutning \u00e1 \u00fdmiss konar efni"], ["taka \u00fe\u00e1tt \u00ed m\u00e1lefnalegum umr\u00e6\u00f0um, byggja upp sk\u00fdra r\u00f6ksemdaf\u00e6rslu, tj\u00e1 afst\u00f6\u00f0u og efasemdir um efni\u00f0 og komast a\u00f0 ni\u00f0urst\u00f6\u00f0u."]], "_id": "51265b3d62933a77194c91b6"}, {"exemplary": null, "topics": "19. \u2013 21. aldar, einkum mannskynss\u00f6gu, valdir \u00fe\u00e6ttir \u00far s\u00f6gu", "abbreviation": "SAGA2MN05", "former_schools": null, "subject": "saga", "title": "Valdir \u00fe\u00e6ttir \u00far s\u00f6gu, einkum mannkynss\u00f6gu, 19. \u2013 21. aldar", "version": 1, "status_trans": "Sam\u00feykkt af sk\u00f3la", "embedded_subject": {"abbreviation": "SAGA", "topics": [{"abbreviation": "AK", "topics": ["almenn kynning"]}, {"abbreviation": "MS", "topics": ["mannkynssaga"]}, {"abbreviation": "MH", "topics": ["menningarsaga"]}, {"abbreviation": "ST", "topics": ["samt\u00edmasaga"]}, {"abbreviation": "LS", "topics": ["listasaga"]}, {"abbreviation": "MU", "topics": ["\u00fe\u00e6ttir \u00far mannkynss\u00f6gu fr\u00e1 upphafi mannsins til n\u00fdaldar"]}, {"abbreviation": "RS", "topics": ["rokksaga"]}, {"abbreviation": "MN", "topics": ["19. \u2013 21. aldar", "einkum mannskynss\u00f6gu", "valdir \u00fe\u00e6ttir \u00far s\u00f6gu"]}, {"abbreviation": "\u00c1S", "topics": ["\u00e1takasv\u00e6\u00f0i \u00ed heiminum"]}, {"abbreviation": "\u00cdS", "topics": ["\u00edsland og umheimurinn fr\u00e1 l\u00fd\u00f0veldisstofnun til l\u00ed\u00f0andi stundar."]}, {"abbreviation": "KA", "topics": ["land", "r\u00edki: k\u00edna og su\u00f0austur-as\u00eda", "sv\u00e6\u00f0i"]}, {"abbreviation": "\u00cdM", "topics": ["\u00edslands- og mannkynssaga"]}, {"abbreviation": "\u00deV", "topics": ["\u00fej\u00f3\u00f0armor\u00f0 og vo\u00f0averk \u00e1 20.-21. \u00f6ld"]}, {"abbreviation": "\u00cdL", "topics": ["\u00edslandssaga"]}, {"abbreviation": "SS", "topics": ["str\u00ed\u00f0ssaga"]}, {"abbreviation": "ME", "topics": ["menningar", "saga"]}, {"abbreviation": "FR", "topics": ["fr\u00e1 upphafi til byltinga"]}, {"abbreviation": "OL", "topics": ["20. \u00f6ldin"]}, {"abbreviation": "SA", "topics": ["saga og kvikmyndir"]}, {"abbreviation": "D\u00c6", "topics": ["saga d\u00e6gurmenningar \u00e1 \u00edslandi \u00e1 20. \u00f6ld"]}, {"abbreviation": "AA", "topics": ["\u00edslands- og mannkynssaga \u00e1 20. og 21. \u00f6ld"]}, {"abbreviation": "FO", "topics": ["fornaldarsaga"]}, {"abbreviation": "MI", "topics": ["mi\u00f0aldasaga"]}, {"abbreviation": "N\u00dd", "topics": ["saga n\u00fdaldar"]}, {"abbreviation": "HE", "topics": ["heimssaga"]}, {"abbreviation": "MF", "topics": ["mannskynssaga til 1800"]}, {"abbreviation": "AU", "topics": ["saga austurlands"]}, {"abbreviation": "\u00c1N", "topics": ["mannkynssaga fr\u00e1 1750 til n\u00fat\u00edmans"]}, {"abbreviation": "TU", "topics": ["tuttugasta \u00f6ldin"]}, {"abbreviation": "\u00deJ", "topics": ["al\u00fe\u00fd\u00f0umenning", "hversdagsl\u00edf", "\u00fej\u00f3\u00f0fr\u00e6\u00f0i"]}, {"abbreviation": "ML", "topics": ["19. \u00f6ld fram yfir mi\u00f0ja 20. \u00f6ld", "menningar- og listasaga"]}, {"abbreviation": "\u00cd\u00de", "topics": ["f\u00e9lagasamt\u00f6k", "\u00ed\u00fer\u00f3ttasaga"]}, {"abbreviation": "LI", "topics": ["menningar- og listasaga", "mi\u00f0aldir fram yfir mi\u00f0ja 19. \u00f6ld"]}, {"abbreviation": "SL", "topics": ["samt\u00edmalistir \u00ed s\u00f6gulegu samhengi"]}, {"abbreviation": "LM", "topics": ["Menning og listir"]}, {"abbreviation": "VE", "topics": ["Verkefna\u00e1fangi"]}, {"abbreviation": "MK", "topics": ["Saga"]}, {"abbreviation": "SK", "topics": ["Saga kynningar\u00e1fangi"]}, {"abbreviation": "CB", "topics": ["Saga Bandar\u00edkjanna."]}, {"abbreviation": "\u00cdH", "topics": ["fr\u00e1 1900 til dagsins \u00ed dag", "\u00edslensk h\u00f6nnunarsaga"]}, {"abbreviation": "M\u00de", "topics": ["", "fj\u00f6lmi\u00f0lar og saga", "greinandi saga", "saga sem hluti samt\u00edmans"]}, {"abbreviation": "R\u00d3", "topics": ["R\u00f3marveldi"]}, {"abbreviation": "MB", "topics": ["Mannr\u00e9ttindabar\u00e1tta \u00ed Bandar\u00edkjunum"]}, {"abbreviation": "FS", "topics": ["saga fjarl\u00e6gra sl\u00f3\u00f0a"]}], "_id": "50c0a02dd8e40575f7f6f47a", "subjects": ["saga"], "counter": {"1": 1, "3": 0, "2": 1, "4": 0}}, "evaluation": "Vinnueinkunn og lokapr\u00f3f", "categorization_suggestion": "", "embedded_topics": [{"abbreviation": "MN", "topics": ["19. \u2013 21. aldar", "einkum mannskynss\u00f6gu", "valdir \u00fe\u00e6ttir \u00far s\u00f6gu"]}], "status": "approved by school", "description": "\u00c1fanginn byggir a\u00f0 talsver\u00f0u leyti \u00e1 sj\u00e1lfst\u00e6\u00f0um vinnubr\u00f6g\u00f0um nemenda, heimildaleit, verkefnavinnu, \u00farvinnslu og framsetningu efnis. Teknir eru fyrir valdir atbur\u00f0ir \u00far s\u00f6gu 19. - 21. aldar. Til grundvallar liggja 8 efnisflokkar og mi\u00f0a\u00f0 er vi\u00f0 a\u00f0 kennari velji a.m.k. 6 efnisflokka til umfj\u00f6llunar. \u00deeir eru: l\u00fd\u00f0r\u00e6\u00f0is\u00fer\u00f3un \u00e1 19. og 20. \u00f6ld, \u00fej\u00f3\u00f0r\u00edki og \u00fej\u00f3\u00f0ernisstefna, heimsvaldastefna og n\u00fdlendustefna, fyrri heimsstyrj\u00f6ld og millistr\u00ed\u00f0s\u00e1rin, s\u00ed\u00f0ari heimsstyrj\u00f6ld og Helf\u00f6rin,\r\nKalda str\u00ed\u00f0i\u00f0, \u00cdsrael,  Palest\u00edna og Mi\u00f0-Austurl\u00f6nd, heimurinn \u00e1 21. \u00f6ld.", "knowledge_goals": ["v\u00f6ldum \u00fe\u00e1ttum \u00far s\u00f6gu 19. - 21. aldar", "helstu hugt\u00f6kum sem h\u00f6f\u00f0 eru um s\u00f6guleg fyrirb\u00e6ri og skal gera s\u00e9r grein fyrir afst\u00e6\u00f0i \u00feeirra og takm\u00f6rkunum", "mismunandi tegundum heimilda, a\u00f0fer\u00f0um vi\u00f0 heimildaleit og grunn\u00feekkingu \u00ed heimildar\u00fdni", "\u00f3l\u00edkum mi\u00f0lunarformum", "\u00fdmsum svi\u00f0um og \u00fe\u00e1tttakendum s\u00f6gunnar, menningu og hugarfari, hversdagsl\u00edfi og stj\u00f3rnm\u00e1lum, einstaklingi og samf\u00e9lagi, t\u00e6kni og v\u00edsindum "], "skills_goals": ["lesa sagnfr\u00e6\u00f0ilega texta \u00e1 \u00edslensku og ensku og t\u00falka merkingu \u00feeirra", "meta gildi og \u00e1rei\u00f0anleika heimilda og n\u00fdta s\u00e9r fj\u00f6lbreyttar tegundir \u00feeirra", "sj\u00e1 tengsl fort\u00ed\u00f0ar og n\u00fat\u00ed\u00f0ar og samhengi\u00f0 milli t\u00edmabila, sv\u00e6\u00f0a og svi\u00f0a", "nota \u00f3l\u00edk mi\u00f0lunarform til a\u00f0 mi\u00f0la s\u00f6gulegu efni, t.d. skrifa bla\u00f0agrein, ritger\u00f0, b\u00faa til veggspjald, \u00fatvarps\u00fe\u00e1tt o.s.frv.", "bera saman t\u00edmabil, sv\u00e6\u00f0i og svi\u00f0", "beita gagnr\u00fdninni hugsun"], "credits": 5, "last_modified": 1323874512, "schools": ["512350238caa45ed97015b3f"], "coauthors": [], "instructions": "Kjarna\u00e1fangi \u00e1 \u00f6llum brautum", "continued_education": false, "level": 2, "prerequisites": "SAGA1MU05", "author": "b68f32cf-f5e7-4436-8857-8f510bbb44c9", "abbreviation_version": null, "competence_goals": [["meta gildi menningararfsins hvort sem hann sn\u00fdr a\u00f0 heimabygg\u00f0 e\u00f0a heiminum \u00f6llum"], ["koma s\u00f6gu\u00feekkingu sinni og s\u00f6guskilningi \u00e1 framf\u00e6ri me\u00f0 fj\u00f6lbreyttum h\u00e6tti"], ["leggja mat \u00e1 eigin frammist\u00f6\u00f0u og annarra \u00ed verkefnavinnu"], ["geta teki\u00f0 \u00fe\u00e1tt \u00ed sko\u00f0anaskiptum og r\u00f6kr\u00e6\u00f0um me\u00f0 jafningjum um sagnfr\u00e6\u00f0ileg efni"], ["s\u00fdna umbur\u00f0arlyndi og v\u00ed\u00f0s\u00fdni gagnvart s\u00f6gulegum vi\u00f0fangsefnum "]], "_id": "51265b3d62933a77194c91e7"}, {"exemplary": null, "topics": "\u00fe\u00e6ttir \u00far mannkynss\u00f6gu fr\u00e1 upphafi mannsins til n\u00fdaldar", "abbreviation": "SAGA1MU05", "former_schools": ["512350238caa45ed97015b3f"], "subject": "saga", "title": "\u00de\u00e6ttir \u00far mannkynss\u00f6gu fr\u00e1 upphafi mannsins til n\u00fdaldar", "version": 1, "status_trans": "Sam\u00feykkt af sk\u00f3la", "embedded_subject": {"abbreviation": "SAGA", "topics": [{"abbreviation": "AK", "topics": ["almenn kynning"]}, {"abbreviation": "MS", "topics": ["mannkynssaga"]}, {"abbreviation": "MH", "topics": ["menningarsaga"]}, {"abbreviation": "ST", "topics": ["samt\u00edmasaga"]}, {"abbreviation": "LS", "topics": ["listasaga"]}, {"abbreviation": "MU", "topics": ["\u00fe\u00e6ttir \u00far mannkynss\u00f6gu fr\u00e1 upphafi mannsins til n\u00fdaldar"]}, {"abbreviation": "RS", "topics": ["rokksaga"]}, {"abbreviation": "MN", "topics": ["19. \u2013 21. aldar", "einkum mannskynss\u00f6gu", "valdir \u00fe\u00e6ttir \u00far s\u00f6gu"]}, {"abbreviation": "\u00c1S", "topics": ["\u00e1takasv\u00e6\u00f0i \u00ed heiminum"]}, {"abbreviation": "\u00cdS", "topics": ["\u00edsland og umheimurinn fr\u00e1 l\u00fd\u00f0veldisstofnun til l\u00ed\u00f0andi stundar."]}, {"abbreviation": "KA", "topics": ["land", "r\u00edki: k\u00edna og su\u00f0austur-as\u00eda", "sv\u00e6\u00f0i"]}, {"abbreviation": "\u00cdM", "topics": ["\u00edslands- og mannkynssaga"]}, {"abbreviation": "\u00deV", "topics": ["\u00fej\u00f3\u00f0armor\u00f0 og vo\u00f0averk \u00e1 20.-21. \u00f6ld"]}, {"abbreviation": "\u00cdL", "topics": ["\u00edslandssaga"]}, {"abbreviation": "SS", "topics": ["str\u00ed\u00f0ssaga"]}, {"abbreviation": "ME", "topics": ["menningar", "saga"]}, {"abbreviation": "FR", "topics": ["fr\u00e1 upphafi til byltinga"]}, {"abbreviation": "OL", "topics": ["20. \u00f6ldin"]}, {"abbreviation": "SA", "topics": ["saga og kvikmyndir"]}, {"abbreviation": "D\u00c6", "topics": ["saga d\u00e6gurmenningar \u00e1 \u00edslandi \u00e1 20. \u00f6ld"]}, {"abbreviation": "AA", "topics": ["\u00edslands- og mannkynssaga \u00e1 20. og 21. \u00f6ld"]}, {"abbreviation": "FO", "topics": ["fornaldarsaga"]}, {"abbreviation": "MI", "topics": ["mi\u00f0aldasaga"]}, {"abbreviation": "N\u00dd", "topics": ["saga n\u00fdaldar"]}, {"abbreviation": "HE", "topics": ["heimssaga"]}, {"abbreviation": "MF", "topics": ["mannskynssaga til 1800"]}, {"abbreviation": "AU", "topics": ["saga austurlands"]}, {"abbreviation": "\u00c1N", "topics": ["mannkynssaga fr\u00e1 1750 til n\u00fat\u00edmans"]}, {"abbreviation": "TU", "topics": ["tuttugasta \u00f6ldin"]}, {"abbreviation": "\u00deJ", "topics": ["al\u00fe\u00fd\u00f0umenning", "hversdagsl\u00edf", "\u00fej\u00f3\u00f0fr\u00e6\u00f0i"]}, {"abbreviation": "ML", "topics": ["19. \u00f6ld fram yfir mi\u00f0ja 20. \u00f6ld", "menningar- og listasaga"]}, {"abbreviation": "\u00cd\u00de", "topics": ["f\u00e9lagasamt\u00f6k", "\u00ed\u00fer\u00f3ttasaga"]}, {"abbreviation": "LI", "topics": ["menningar- og listasaga", "mi\u00f0aldir fram yfir mi\u00f0ja 19. \u00f6ld"]}, {"abbreviation": "SL", "topics": ["samt\u00edmalistir \u00ed s\u00f6gulegu samhengi"]}], "_id": "50c0a02dd8e40575f7f6f47a", "subjects": ["saga"], "counter": {"1": 0, "3": 0, "2": 0, "4": 0}}, "evaluation": "Vinnueinkunn og lokapr\u00f3f", "categorization_suggestion": "", "embedded_topics": [{"abbreviation": "MU", "topics": ["\u00fe\u00e6ttir \u00far mannkynss\u00f6gu fr\u00e1 upphafi mannsins til n\u00fdaldar"]}], "status": "approved by school", "description": "Til grundvallar liggja 5 efnisflokkar og mi\u00f0a\u00f0 er vi\u00f0 a\u00f0 kennari velji a.m.k.  4 \u00feeirra til umfj\u00f6llunar. Efnisflokkarnir eru: upphaf mannsins og \u00fer\u00f3un, fornaldarr\u00edki (2-3 r\u00edki fornaldar sko\u00f0u\u00f0), tr\u00faarbr\u00f6g\u00f0 (upphaf og saga \u00fatbreiddustu tr\u00faarbrag\u00f0a heims kynnt), landafundir/si\u00f0skipti (sko\u00f0a\u00f0ar helstu breytingar sem ur\u00f0u \u00ed heiminum um 1500), upphaf n\u00fat\u00edma\u00fej\u00f3\u00f0f\u00e9lags (uppl\u00fdsing, i\u00f0nbylting, l\u00fd\u00f0r\u00e6\u00f0is\u00fer\u00f3un). Markvisst er unni\u00f0 a\u00f0 \u00fev\u00ed a\u00f0 kynna fyrir nemendum mismunandi tegundir heimilda og \u00fej\u00e1lfa \u00fe\u00e1 \u00ed notkun \u00feeirra og einfaldri framsetningu efnis. L\u00f6g\u00f0 er \u00e1hersla \u00e1 a\u00f0 s\u00fdna fram \u00e1 hvernig sagan birtist nemendum \u00ed n\u00fat\u00edmanum.", "knowledge_goals": ["v\u00f6ldum \u00fe\u00e1ttum \u00far s\u00f6gu mannkyns fr\u00e1 upphafi til n\u00fdaldar", "algengum hugt\u00f6kum sem h\u00f6f\u00f0 eru um fyrirb\u00e6ri s\u00f6gunnar", "\u00fev\u00ed a\u00f0 sj\u00e1lfsmynd einstaklinga og h\u00f3pa m\u00f3tast af s\u00f6gunni", "mikilv\u00e6gi gagnr\u00fdninnar hugsunar", "tegundum heimilda og helstu vinnubr\u00f6g\u00f0um vi\u00f0 heimildaleit og heimildanotkun", "tengslum fort\u00ed\u00f0ar og n\u00fat\u00ed\u00f0ar"], "skills_goals": ["lesa einfalda sagnfr\u00e6\u00f0ilega texta \u00e1 \u00edslensku", "tengja samt\u00ed\u00f0aratbur\u00f0i vi\u00f0 \u00fea\u00f0 sem \u00e1\u00f0ur hefur gerst", "nota a.m.k. tv\u00e6r ger\u00f0ir heimilda vi\u00f0 verkefnavinnu", "taka saman skriflega stutta umfj\u00f6llun um afmarka\u00f0 s\u00f6gulegt efni og kynna fyrir jafningjum"], "credits": 5, "last_modified": 1323872507, "schools": [], "coauthors": [], "instructions": "Kjarna\u00e1fangi \u00e1 \u00f6llum brautum", "continued_education": false, "level": 1, "prerequisites": "Engar", "author": "b68f32cf-f5e7-4436-8857-8f510bbb44c9", "abbreviation_version": null, "competence_goals": [["setja sj\u00e1lfan sig \u00ed samhengi s\u00f6gunnar sem \u00fe\u00e1tttakandi og sko\u00f0andi"], ["geta sett sig \u00ed spor f\u00f3lks \u00e1 \u00fdmsum t\u00edmum"], ["geta teki\u00f0 \u00fe\u00e1tt \u00ed sko\u00f0anaskiptum og r\u00f6kr\u00e6\u00f0um me\u00f0 jafningjum um sagnfr\u00e6\u00f0ileg efni sem tekin eru fyrir \u00ed \u00e1fanganum  "]], "_id": "51265b3d62933a77194c91e5"}], "title": "Kjarni n\u00e1tt\u00faruv\u00edsindabrautar"}], "description": "\u00c1 n\u00e1tt\u00faruv\u00edsindabraut er l\u00f6g\u00f0 \u00e1hersla \u00e1 gott almennt n\u00e1m og \u00fe\u00f3 einkum g\u00f3\u00f0a \u00feekkingu \u00e1 svi\u00f0i st\u00e6r\u00f0fr\u00e6\u00f0i, n\u00e1tt\u00faru- og raunv\u00edsinda. Brautin er g\u00f3\u00f0ur undirb\u00faningur undir frekara n\u00e1m \u00ed n\u00e1tt\u00faru- og raunv\u00edsindum, t\u00e6knigreinum og heilbrig\u00f0isv\u00edsindum. ", "tags": "Student, natturufraedi, raungreinar, raunvisindi", "rules": "L\u00e1gmarkseiningafj\u00f6ldi \u00e1 brautinni er 200 einingar. N\u00e1mst\u00edmi til st\u00fadentspr\u00f3fs er 3 - 4 \u00e1r. Nemandi sem \u00e6tlar a\u00f0 lj\u00faka n\u00e1minu \u00e1 \u00feremur \u00e1rum \u00fearf a\u00f0 jafna\u00f0i a\u00f0 lj\u00faka um 67 einingum \u00e1 hverju sk\u00f3la\u00e1ri. Ef nemandi k\u00fds a\u00f0 vera 3,5 e\u00f0a 4 \u00e1r geta einingar hvers sk\u00f3la\u00e1rs veri\u00f0 f\u00e6rri. Til a\u00f0 mega flytjast \u00e1 milli n\u00e1ms\u00e1ra \u00fearf nemandi a\u00f0 uppfylla eftirfarandi skilyr\u00f0i: A\u00f0aleinkunn, sem er vegi\u00f0 me\u00f0altal lokaeinkunna allra \u00e1fanga sk\u00f3la\u00e1rsins, \u00fearf a\u00f0 vera a\u00f0 l\u00e1gmarki 5,0. Lokaeinkunn hvers \u00e1fanga m\u00e1 ekki vera l\u00e6gri en 5. Lj\u00faka ver\u00f0ur a.m.k. 50 einingum \u00e1 sk\u00f3la\u00e1ri. Lj\u00faka ver\u00f0ur \u00f6llum \u00e1f\u00f6ngum sem kjarna\u00e1fangar n\u00e6sta sk\u00f3la\u00e1rs byggja \u00e1. ", "onsite_training": "", "programme_type": {"status": "Sam\u00feykkt", "exam": {"_types": ["Exam"], "_id": "4fe3212d045c2618e32ae413", "description": "Nemandi me\u00f0 st\u00fadentspr\u00f3f af \u00f6\u00f0rum brautum en b\u00f3kn\u00e1msbrautum b\u00fdr yfir almennri og s\u00e9rh\u00e6f\u00f0ri \u00feekkingu, leikni og h\u00e6fni til a\u00f0 takast \u00e1 vi\u00f0 n\u00e1m \u00e1 h\u00e1sk\u00f3lastigi. S\u00e9rh\u00e6fingin tengist fr\u00e6\u00f0asvi\u00f0i \u00e1 h\u00e1sk\u00f3lastigi sem er grundvalla\u00f0 \u00e1 starfsn\u00e1mi e\u00f0a listn\u00e1mi. Vi\u00f0 s\u00e9rh\u00e6finguna hefur nemandi \u00f6\u00f0last inns\u00fdn \u00ed starfsa\u00f0fer\u00f0ir vi\u00f0komandi fr\u00e6\u00f0asamf\u00e9lags og b\u00fdr yfir h\u00e6fni til a\u00f0 ver\u00f0a \u00e1byrgur og virkur einstaklingur \u00ed \u00fev\u00ed l\u00fd\u00f0r\u00e6\u00f0islega samf\u00e9lagi. Hann getur n\u00fdtt s\u00e9r norr\u00e6nt tungum\u00e1l og eftir atvikum grunn\u00feekkingu \u00ed \u00feri\u00f0ja tungum\u00e1li, samf\u00e9lagsgreinum e\u00f0a raungreinum vi\u00f0 frekara n\u00e1m og s\u00e9r menntun s\u00edna \u00ed al\u00fej\u00f3\u00f0legu samhengi. Hann b\u00fdr yfir h\u00e6fni til a\u00f0 geta tj\u00e1\u00f0 sig um s\u00e9rh\u00e6f\u00f0a \u00feekkingu s\u00edna, getur sk\u00fdrt og r\u00f6kstutt verklag \u00e1 \u00e1byrgan, gagnr\u00fdninn og sk\u00fdran h\u00e1tt. Hann b\u00fdr yfir h\u00e6fni til a\u00f0 tengja \u00feekkingu s\u00edna og leikni vi\u00f0 t\u00e6kni og v\u00edsindi, getur n\u00fdtt \u00feekkingu s\u00edna, leikni og h\u00e6fni til a\u00f0 greina n\u00fd t\u00e6kif\u00e6ri og getur tekist \u00e1 vi\u00f0 frekara n\u00e1m \u00e1 h\u00e1sk\u00f3lastigi.", "title": "A\u00f0rar brautir til st\u00fadentspr\u00f3fs (\u00feri\u00f0ja \u00ferep)", "level": 3, "number": "7", "subject_choice_programme_flag": null, "_cls": "Exam", "maximum_credits": 240.0, "all_onsite": true, "credits_ratio": {"1": {"max": 33.0, "min": 17.0}, "3": {"max": 33.0, "min": 17.0}, "2": {"max": 50.0, "min": 33.0}, "4": {"max": 10.0, "min": 0.0}}, "minimum_credits": 180.0}, "tags": ["st\u00fadent", "b\u00f3kn\u00e1m", "h\u00e1sk\u00f3lan\u00e1m"], "title": "st\u00fadent", "field_id": "4fb272c4874d802e5451c0bf", "field": {"field": "Almennt n\u00e1m", "subfield": "Almennt n\u00e1m, grunnn\u00e1m og st\u00fadentspr\u00f3f", "_id": "4fb272c4874d802e5451c0bf", "description": "Basic general programmes pre-primary, elementary, primary, secondary, etc.", "isced": "01"}, "exam_id": "4fe3212d045c2618e32ae413", "_cls": null, "subject_choice_programme_description": null, "hidden": null, "description": "Nemandi me\u00f0 st\u00fadentspr\u00f3f b\u00fdr yfir almennri og s\u00e9rh\u00e6f\u00f0ri \u00feekkingu, leikni og h\u00e6fni til a\u00f0 takast \u00e1 vi\u00f0 n\u00e1m \u00e1 h\u00e1sk\u00f3lastigi. S\u00e9rh\u00e6fingin tengist \u00fev\u00ed fr\u00e6\u00f0isvi\u00f0i \u00e1 h\u00e1sk\u00f3lastigi sem stefnt er \u00e1. Vi\u00f0 s\u00e9rh\u00e6finguna f\u00e6r nemandinn inns\u00fdn inn \u00ed starfsa\u00f0fer\u00f0ir vi\u00f0komandi fr\u00e6\u00f0asamf\u00e9lags auk t\u00f6luver\u00f0ar verk\u00feekkingar \u00e1 s\u00ednu valsvi\u00f0i sem getur veri\u00f0 verklegt e\u00f0a listn\u00e1m/h\u00f6nnun. Hann hefur \u00f6\u00f0last h\u00e6fni til a\u00f0 geta s\u00fdnt og tj\u00e1\u00f0 s\u00e9rh\u00e6f\u00f0a \u00feekkingu s\u00edna oggetur sk\u00fdrt og r\u00f6kstutt verklag \u00e1 \u00e1byrgan og sk\u00fdran h\u00e1tt. Hann b\u00fdr yfir h\u00e6fni til a\u00f0 tengja \u00feekkingu s\u00edna og leikni vi\u00f0 t\u00e6kni og v\u00edsindi og getur n\u00fdtt \u00feekkingu s\u00edna, leikni og h\u00e6fni til a\u00f0 greina n\u00fd t\u00e6kif\u00e6ri og n\u00fdta s\u00e9r \u00feau. Nemandinn b\u00fdr yfir h\u00e6fni til a\u00f0 vera \u00e1byrgur og virkur einstaklingur \u00ed l\u00fd\u00f0r\u00e6\u00f0issamf\u00e9lagi."}, "free_choice_description": "Nemendur taka 43 einingar \u00ed vali og af \u00feeim \u00feurfa a\u00f0 l\u00e1gmarki 15 einingar a\u00f0 vera \u00e1 3. \u00ferepi.", "credits": 200, "last_modified": 1461059713.12356, "exam_id": "4fb2704e874d802e5451c0bb", "title_of_core": null, "schools": ["512350238caa45ed97015b3f"], "free_choice_flag": true, "continued_education": false, "prerequisites": "\nInnt\u00f6kuskilyr\u00f0i \u00e1 n\u00e1tt\u00faruv\u00edsindabraut eru a\u00f0 sk\u00f3laeinkunn 10. bekkjar \u00ed \u00edslensku, ensku og st\u00e6r\u00f0fr\u00e6\u00f0i s\u00e9 a\u00f0 l\u00e1gmarki 6. Ef greina \u00fearf \u00e1 milli nemenda me\u00f0 s\u00f6mu me\u00f0aleinkunn \u00feessara \u00feriggja greina er teki\u00f0 mi\u00f0 af einkunnum annarra greina, sk\u00f3las\u00f3kn og b\u00fasetu. Ef fleiri s\u00e6kja um n\u00e1tt\u00faruv\u00edsindabrautina en sk\u00f3linn getur teki\u00f0, getur vi\u00f0mi\u00f0i\u00f0 or\u00f0i\u00f0 h\u00e6rra en l\u00e1gmarki\u00f0.", "target_groups": [], "competence_goals": ["gera s\u00e9r grein fyrir samf\u00e9lagslegri \u00e1byrg\u00f0 sinni ", "taka \u00fe\u00e1tt \u00ed l\u00fd\u00f0r\u00e6\u00f0islegri samr\u00e6\u00f0u og samstarfi", "efla eigin sj\u00e1lfsmynd og n\u00fdta styrkleika s\u00edna", "beita skapandi hugsun vi\u00f0 lausnami\u00f0a\u00f0 n\u00e1m", "n\u00e1lgast verkefni \u00e1 faglegan og sj\u00e1lfst\u00e6\u00f0an h\u00e1tt", "leita fulln\u00e6gjandi raka fyrir sko\u00f0unum s\u00ednum og annarra", "n\u00fdta s\u00e9r g\u00f3\u00f0a almenna \u00feekkingu \u00e1 svi\u00f0i st\u00e6r\u00f0fr\u00e6\u00f0i, n\u00e1tt\u00faru- og raunv\u00edsinda", "beita v\u00edsindalegri hugsun og a\u00f0fer\u00f0um vi\u00f0 greiningu vi\u00f0fangsefna, \u00f6flun uppl\u00fdsinga, m\u00e6lingar, mat, \u00farvinnslu og t\u00falkun", "geta fjalla\u00f0 um og teki\u00f0 \u00fe\u00e1tt \u00ed uppl\u00fdstri umr\u00e6\u00f0u um \u00fdmis m\u00e1l er tengjast samspili v\u00edsinda, t\u00e6kni og samf\u00e9lags", "geta n\u00fdtt s\u00e9r kunn\u00e1ttu s\u00edna \u00ed n\u00e1tt\u00faru- og raunv\u00edsindum \u00ed m\u00f6gulegri framt\u00ed\u00f0ar\u00fer\u00f3un", "takast \u00e1 vi\u00f0 frekara n\u00e1m, einkum \u00ed st\u00e6r\u00f0fr\u00e6\u00f0i, n\u00e1tt\u00faru- og raunv\u00edsindum, t\u00e6knigreinum og heilbrig\u00f0isv\u00edsindum."], "log": [], "organization": "N\u00e1m \u00e1 n\u00e1tt\u00faruv\u00edsindabraut er fyrst og fremst b\u00f3klegt og fer fram \u00ed sk\u00f3lanum. \u00c1 brautinni er l\u00f6g\u00f0 \u00e1hersla \u00e1 n\u00e1m \u00ed st\u00e6r\u00f0fr\u00e6\u00f0i, raunv\u00edsinda- og n\u00e1tt\u00farufr\u00e6\u00f0igreinum. ", "_id": "da43c4e2-0424-4e0e-a432-61e479dceec8", "programme_type_id": "52cac99d71fe19116a528247"}