{"course_choice": [], "epoch_created": 1423848008.107493, "package_choice": [], "date_ministry_approval": 1569418401.623682, "competency": {"numbers_and_information": ["Nemendur \u00feurfa a\u00f0 tileika s\u00e9r stafr\u00e6nt l\u00e6si( t\u00f6lvul\u00e6si) til a\u00f0 geta nota\u00f0 t\u00f6lvu vi\u00f0 undirb\u00faningsvinnu, \u00f6flun uppl\u00fdsinga, flokkun heimilda og hugmynda."], "educational_competence": ["Sj\u00e1lfs\u00feekking er mikilv\u00e6g hverjum  nemanda sem \u00fearf a\u00f0 l\u00e6ra a\u00f0 \u00feekkja eigin styrk og getu en jafnframt veikleika og taka sj\u00e1lfst\u00e6\u00f0ar \u00e1kvar\u00f0anir. Verkefni \u00e1 GMF braut \u00fej\u00e1lfa f\u00e6rni og um lei\u00f0 sj\u00e1lfstraust nemenda til a\u00f0 fara \u00f3kunnar lei\u00f0ir \u00ed \u00e1tt til meiri \u00feekkingar og f\u00e6rni \u00ed greinum sem tengjast st\u00f6rfum fer\u00f0a- og matv\u00e6lai\u00f0na\u00f0ar. Lokamarkmi\u00f0 n\u00e1msins eru sk\u00fdr og a\u00f0 \u00feeim eru nemendur leiddir \u00ed gegnum n\u00e1mi\u00f0. Nemendur \u00f6\u00f0last jafnframt \u00feann grunn sem \u00e1framhaldandi n\u00e1m innan faggreina fer\u00f0a- og matv\u00e6lagreina krefjast."], "creative_thinking": ["\u00cd matv\u00e6lagreinum er sk\u00f6pun mikilv\u00e6g en h\u00fan felur \u00ed s\u00e9r m\u00f3tun og mi\u00f0lun \u00e1 fj\u00f6lbreyttum vi\u00f0fangsefnum, a\u00f0 nemandinn f\u00e1i t\u00e6kif\u00e6ri til a\u00f0 takast \u00e1 vi\u00f0 vi\u00f0fangsefni me\u00f0 annarri n\u00e1lgun en \u00e1\u00f0ur. Nemendur \u00e1 GMF braut takast daglega \u00e1 vi\u00f0 \u00f6grandi verkefni. \u00dea\u00f0 reynir \u00e1 \u00fatsj\u00f3narsemi, f\u00e6rni, skipulag og fagurfr\u00e6\u00f0i \u00ed \u00f6llum verkefnum sem nemendur \u00fej\u00e1lfast \u00ed. \u00deeir f\u00e1 verkefni vi\u00f0 a\u00f0 \u00fatf\u00e6ra eigin hugmyndir og gera tilraunir me\u00f0 \u00f3l\u00edk hr\u00e1efni. \u00de\u00e1 eru nemendur hvattir til a\u00f0 \u00e6fa sig heima \u00ed verkefnum sem tilheyra h\u00e6fnimarkmi\u00f0um n\u00e1msins. H\u00e9r \u00fearf nemandi a\u00f0 sameina \u00fe\u00e6tti, eins og gagnr\u00fdna hugsun og sk\u00f6pun, \u00feannig a\u00f0 \u00far ver\u00f0i afur\u00f0 sem hefur notagildi."], "equality": ["Huga\u00f0 er a\u00f0 \u00fev\u00ed a\u00f0 allir nemendur geti \u00feroskast \u00e1 eigin forsendum, hafi jafnan r\u00e9tt og  j\u00f6fn  t\u00e6kif\u00e6ri, \u00f3h\u00e1\u00f0 kyni, aldri \u00ed n\u00e1mi og starfs\u00fej\u00e1lfun. Menntun til jafnr\u00e9ttis \u00ed n\u00e1mi \u00e1 GMF  sn\u00fdst um hvernig aldur, b\u00faseta, f\u00f6tlun, kyn, kynhneig\u00f0, litarh\u00e1ttur, l\u00edfssko\u00f0anir, menning, st\u00e9tt, tr\u00faarbr\u00f6g\u00f0, tungum\u00e1l, \u00e6tterni og \u00fej\u00f3\u00f0erni skipta ekki m\u00e1li. Vi\u00f0urkennir s\u00e9rst\u00f6\u00f0u og h\u00e6fileika allra nemenda,  sem og jafnr\u00e6\u00f0i um a\u00f0gang a\u00f0 kennurum, vinnusta\u00f0 og n\u00e1msefni innan n\u00e1msbrautarinnar."], "sustainability": ["Nemendur \u00e1 GMF eru \u00fej\u00e1lfa\u00f0ir \u00ed sj\u00e1lfb\u00e6rri hugsun me\u00f0 \u00fev\u00ed a\u00f0 n\u00fdta vel \u00feau a\u00f0f\u00f6ng sem til \u00fearf,  a\u00f0 \u00edgrunda vel innihald og uppruna hr\u00e1efnis, a\u00f0 huga a\u00f0 umgengni vi\u00f0 vinnuumhverfi n\u00e1msins, a\u00f0 flokka \u00fargang og n\u00fdta afganga sem best. Einnig er l\u00f6g\u00f0 \u00e1hersla \u00e1 uppl\u00fdsta \u00feekkingu \u00e1 n\u00fdtingu  orku vi\u00f0 matv\u00e6la og fer\u00f0a\u00fej\u00f3nustu og \u00e1 vir\u00f0ingu fyrir n\u00e1tt\u00faruau\u00f0lindum sem n\u00fdttar eru \u00ed n\u00e1minu. N\u00e1mi\u00f0 tekur mi\u00f0 af neytendavernd og beinir sj\u00f3num a\u00f0 matv\u00e6la\u00f6ryggi, velfer\u00f0 og heilbrig\u00f0i d\u00fdra, rekjanleika matv\u00e6la , heilbrig\u00f0um matarvenjum og l\u00edfst\u00edl."], "foreign_societies": ["Hins vegar er nemendum ger\u00f0 lj\u00f3s grein fyrir mikilv\u00e6gi \u00feekkingar \u00ed erlendum tungum\u00e1lum vi\u00f0 st\u00f6rf \u00ed fer\u00f0atengdum st\u00f6rfum. Menningarl\u00e6si er mikilv\u00e6gt til a\u00f0 \u00f6\u00f0last f\u00e6rni \u00ed a\u00f0 \u00fej\u00f3nusta f\u00f3lk af \u00f3l\u00edku \u00fej\u00f3\u00f0erni."], "health": ["Me\u00f0 heilbrig\u00f0i er v\u00edsa\u00f0 til andlegs, f\u00e9lagslegs og l\u00edkamlegs atgervis. Einnig er l\u00f6g\u00f0 \u00e1hersla \u00e1 mikilv\u00e6gi hreinl\u00e6tis, j\u00e1kv\u00e6\u00f0ra samskipta og vir\u00f0ingar, hvort sem um er a\u00f0 r\u00e6\u00f0a samskipti vi\u00f0 f\u00f3lk, n\u00e1tt\u00faru e\u00f0a eignir.  \u00cd GMF er l\u00f6g\u00f0  \u00e1hersla \u00e1 mikilv\u00e6gi heilbrig\u00f0s l\u00edfst\u00edls me\u00f0 tilliti til  l\u00edkams- og heilsur\u00e6ktar.  Leitast er vi\u00f0 a\u00f0 \u00fej\u00e1lfa nemendur \u00ed a\u00f0 huga a\u00f0 hollustu og n\u00e6ringarinnihaldi, hvort sem vi\u00f0 \u00e1 um eigin neyslu e\u00f0a \u00feess hr\u00e1efnis sem unni\u00f0 er me\u00f0, g\u00e6ta a\u00f0 vinnua\u00f0st\u00e6\u00f0um m.t.t. forvarna, \u00e1h\u00e6ttu, hreinl\u00e6tis og slysa."], "icelandic_society_norms": ["\u00c1 n\u00e1msbraut GMF er mikil \u00e1hersla l\u00f6g\u00f0 \u00e1 samvinnu og skilning nemenda \u00e1 grunni fj\u00f6lbreyttra starfa \u00ed fer\u00f0a og matv\u00e6la greinum. N\u00e1mi\u00f0 fer fram \u00e1 \u00edslensku og er mikilv\u00e6gt a\u00f0 nemendur skilji \u00fea\u00f0 n\u00e1msefni sem lagt er til grundvallar. N\u00fdttar eru lei\u00f0beiningar og uppskriftir \u00e1 \u00edslensku."], "democracy_and_human_rights": ["Menntun til l\u00fd\u00f0r\u00e6\u00f0is og mannr\u00e9ttinda er f\u00f3lgin \u00ed a\u00f0 nemendur taki gagnr\u00fdna afst\u00f6\u00f0u til si\u00f0fer\u00f0ilegra \u00e1litam\u00e1la, axli sam\u00e1byrg\u00f0 og ver\u00f0i virkir \u00fej\u00f3\u00f0f\u00e9lags\u00feegnar. Nemendur koma \u00far \u00f3l\u00edku umhverfi og hafa \u00f3l\u00edkan bakgrunn. R\u00e9ttur allra til n\u00e1ms er sk\u00fdr, forsendur n\u00e1msins byggja \u00e1 h\u00e6fileikum hvers og eins til a\u00f0 \u00fej\u00e1lfa sig \u00ed \u00feeim vinnubr\u00f6g\u00f0um sem n\u00e1mi\u00f0 krefur. Nemendur hafa val um verkefni innan n\u00e1msins en \u00feurfa a\u00f0 \u00fej\u00e1lfa sig \u00ed \u00f6llum f\u00e6rni\u00fe\u00e1ttum \u00feess. \u00dea\u00f0 er r\u00e9ttur hvers og eins a\u00f0 f\u00e1 t\u00e6kif\u00e6ri til a\u00f0 n\u00e1 \u00e1rangri. \u00dear reynir \u00e1 umbur\u00f0arlyndi, tillitsemi og \u00feolinm\u00e6\u00f0i h\u00f3psins \u00ed heild \u00f3h\u00e1\u00f0 hver \u00e1 \u00ed hlut. Ekki s\u00edst \u00fearf kennarinn a\u00f0 \u00feekkja r\u00e9ttindi og skyldur s\u00ednar gagnvart nemendum."]}, "user_id": "98dc5c95-3d85-423f-86d4-24e8cb5d4d1e", "is_ministry_rejected": false, "title": "Almennt n\u00e1m matv\u00e6la- og fer\u00f0agreina (Sta\u00f0festingarn\u00famer 150)", "ministry_serial": "19-150-1-2", "version": "grunnn\u00e1m starfsgreina-22", "status_trans": "Sam\u00feykkt af r\u00e1\u00f0uneyti", "date_last_sent_to_ministry": 1528458607.964762, "evaluation": "N\u00e1msmat brautarinnar er fj\u00f6l\u00fe\u00e6tt. Fer \u00fea\u00f0 fram me\u00f0 skriflegum-, munnlegum- og verklegum pr\u00f3fum, verkefnamati, \u00e1stundun o.fl. Hva\u00f0 var\u00f0ar verklega \u00fe\u00e1tt n\u00e1msins \u00e1 vinnusta\u00f0 f\u00e1 nemendur hann metinn \u00fat fr\u00e1 gefnum forsendum. ", "status": "approved by ministry", "core": [{"courses": [{"exemplary": null, "topics": "grunn\u00e1fangi \u00ed st\u00e6r\u00f0fr\u00e6\u00f0i fyrir matv\u00e6lagreinar og hugv\u00edsindi", "abbreviation": "ST\u00c6R1GM05", "former_schools": null, "subject": "st\u00e6r\u00f0fr\u00e6\u00f0i", "title": "Grunn\u00e1fangi \u00ed st\u00e6r\u00f0fr\u00e6\u00f0i", "version": 64, "status_trans": "Sam\u00feykkt af sk\u00f3la", "embedded_subject": {"abbreviation": "ST\u00c6R", "topics": [{"abbreviation": "FN", "topics": ["fylkjareikningur", "l\u00ednuleg bestun", "netafr\u00e6\u00f0i"]}, {"abbreviation": "HR", "topics": ["heildun", "ra\u00f0ir", "runur", "r\u00famm\u00e1l sn\u00fa\u00f0s"]}, {"abbreviation": "DF", "topics": ["deildun", "f\u00f6ll", "markgildi"]}, {"abbreviation": "TD", "topics": ["deildaj\u00f6fnur", "tvinnt\u00f6lur"]}, {"abbreviation": "HV", "topics": ["hornaf\u00f6ll", "vigrar"]}, {"abbreviation": "T\u00c1", "topics": ["t\u00f6lfr\u00e6\u00f0i", "\u00e1lyktunart\u00f6lfr\u00e6\u00f0i"]}, {"abbreviation": "LT", "topics": ["l\u00edkindareikningur", "talningafr\u00e6\u00f0i", "t\u00f6lfr\u00e6\u00f0i"]}, {"abbreviation": "AT", "topics": ["algebra", "j\u00f6fnur", "talnafr\u00e6\u00f0i"]}, {"abbreviation": "AF", "topics": ["algebra", "f\u00f6ll", "gr\u00f6f"]}, {"abbreviation": "HM", "topics": ["h\u00e1t\u00ed\u00f0isdagar", "merkisdagar"]}, {"abbreviation": "GS", "topics": ["grunna\u00f0ger\u00f0ir"]}, {"abbreviation": "VG", "topics": ["grunna\u00f0ger\u00f0ir", "ver\u00f0\u00fatreikningar"]}, {"abbreviation": "MU", "topics": ["m\u00e6lieiningar", "uppskriftir"]}, {"abbreviation": "HP", "topics": ["heimilisinnkaup"]}, {"abbreviation": "RD", "topics": ["d\u00e6mareikningur", "r\u00f6khugsun"]}, {"abbreviation": "VK", "topics": ["keilusni\u00f0", "vigrar"]}, {"abbreviation": "AL", "topics": ["algebra"]}, {"abbreviation": "HA", "topics": ["hagn\u00fdt st\u00e6r\u00f0fr\u00e6\u00f0i daglegs l\u00edfs"]}, {"abbreviation": "AX", "topics": ["f\u00f6ll og deildun"]}, {"abbreviation": "AN", "topics": ["hornafr\u00e6\u00f0i", "keilusni\u00f0", "vigrar"]}, {"abbreviation": "CT", "topics": ["t\u00f6lfr\u00e6\u00f0i og l\u00edkindafr\u00e6\u00f0i"]}, {"abbreviation": "BR", "topics": ["klass\u00edsk r\u00famfr\u00e6\u00f0i"]}, {"abbreviation": "BH", "topics": ["algebra", "b", "h", "margli\u00f0ur og fleygbogar"]}, {"abbreviation": "GN", "topics": ["grunn\u00e1fangi \u00e1 n\u00e1tt\u00faruv\u00edsindabraut"]}, {"abbreviation": "LH", "topics": ["hornaf\u00f6ll og vigrar o.fl.", "lotubundin f\u00f6ll"]}, {"abbreviation": "FH", "topics": ["grunn\u00e1fangi \u00e1 f\u00e9lags- og hugv\u00edsindabraut"]}, {"abbreviation": "T\u00d6", "topics": ["undirst\u00f6\u00f0uatri\u00f0i t\u00f6lfr\u00e6\u00f0i"]}, {"abbreviation": "VH", "topics": ["hornf\u00f6ll", "vigrar o.fl."]}, {"abbreviation": "FD", "topics": ["algengustu f\u00f6ll", "deildun \u00feeirra og helstu eiginleikar"]}, {"abbreviation": "\u00deR", "topics": ["\u00fer\u00edv\u00ed\u00f0 r\u00famfr\u00e6\u00f0i"]}, {"abbreviation": "SS", "topics": ["strj\u00e1l st\u00e6r\u00f0fr\u00e6\u00f0i"]}, {"abbreviation": "TF", "topics": ["\u00e1lyktunart\u00f6lfr\u00e6\u00f0i"]}, {"abbreviation": "UA", "topics": ["a", "upprifjun"]}, {"abbreviation": "UB", "topics": ["b", "undirb\u00faningur"]}, {"abbreviation": "HS", "topics": ["hagn\u00fdt", "st\u00e6r\u00f0fr\u00e6\u00f0i"]}, {"abbreviation": "TS", "topics": ["st\u00e6r\u00f0fr\u00e6\u00f0i", "t\u00f6luleg"]}, {"abbreviation": "AJ", "topics": ["algebra", "j\u00f6fnur"]}, {"abbreviation": "FJ", "topics": ["f\u00f6ll", "j\u00f6fnur"]}, {"abbreviation": "TL", "topics": ["l\u00edkindareikningur", "t\u00f6lfr\u00e6\u00f0i"]}, {"abbreviation": "DH", "topics": ["deildarj\u00f6fnur", "heildi"]}, {"abbreviation": "FA", "topics": ["aflei\u00f0ur", "ferlaranns\u00f3knir"]}, {"abbreviation": "RT", "topics": ["ranns\u00f3knir", "t\u00f6lfr\u00e6\u00f0i"]}, {"abbreviation": "Y\u00c1", "topics": ["yfirlit", "\u00e1fangi"]}, {"abbreviation": "SG", "topics": ["greining", "st\u00e6r\u00f0fr\u00e6\u00f0i"]}, {"abbreviation": "GR", "topics": ["grunn\u00e1fangi \u00ed st\u00e6r\u00f0fr\u00e6\u00f0i"]}, {"abbreviation": "MF", "topics": ["f\u00f6ll", "margli\u00f0ur"]}, {"abbreviation": "HO", "topics": ["hornafr\u00e6\u00f0i", "vigrar"]}, {"abbreviation": "DM", "topics": ["deildun", "markgildi"]}, {"abbreviation": "RH", "topics": ["heildun", "ra\u00f0ir", "runur"]}, {"abbreviation": "FT", "topics": ["brei\u00f0bogaf\u00f6ll", "fylkjareikningur", "tvinnt\u00f6lur"]}, {"abbreviation": "D\u00c6", "topics": ["d\u00e6gurd\u00e6mi"]}, {"abbreviation": "R\u00da", "topics": ["r\u00famfr\u00e6\u00f0i", "\u00fer\u00edv\u00eddd"]}, {"abbreviation": "D\u00d3", "topics": ["deildi", "\u00f3bein deildun. heildi og heildunara\u00f0fer\u00f0ir. fyrsta stigs deildaj\u00f6fnur."]}, {"abbreviation": "HT", "topics": ["2. stigs diffurj\u00f6fnur . runur og ra\u00f0ir", "hagn\u00fdting heildareiknings", "samleitnipr\u00f3f.", "tvinnt\u00f6lur"]}, {"abbreviation": "AG", "topics": ["r\u00famfr\u00e6\u00f0i", "t\u00f6lur og algebra"]}, {"abbreviation": "UN", "topics": ["undirb\u00fanings\u00e1fangi \u00ed st\u00e6r\u00f0fr\u00e6\u00f0i"]}, {"abbreviation": "FS", "topics": ["f\u00f6ll og r\u00f6kfr\u00e6\u00f0i", "st\u00e6r\u00f0fr\u00e6\u00f0i \u2013 talnafr\u00e6\u00f0i"]}, {"abbreviation": "L\u00c6", "topics": ["l\u00edkindafr\u00e6\u00f0i og fj\u00e1rm\u00e1lal\u00e6si", "t\u00f6lfr\u00e6\u00f0i"]}, {"abbreviation": "LE", "topics": ["t\u00f6lvugraf\u00edk og t\u00f6lvuleikir"]}, {"abbreviation": "BN", "topics": ["algebra", "b", "margli\u00f0ur og fleygbogar", "n"]}, {"abbreviation": "BX", "topics": ["algebra", "b", "fleygbogar", "lograr", "x"]}, {"abbreviation": "AH", "topics": ["algebra", "f\u00f6ll", "hornafr\u00e6\u00f0i", "margli\u00f0ur", "mengi"]}, {"abbreviation": "AR", "topics": ["algebra", "r\u00famfr\u00e6\u00f0i"]}, {"abbreviation": "JM", "topics": ["t\u00f6lur mengi  j\u00f6fnur r\u00f6kfr\u00e6\u00f0i talningarfr\u00e6\u00f0i"]}, {"abbreviation": "VI", "topics": ["vigrar hornaf\u00f6ll f\u00f6ll"]}, {"abbreviation": "DR", "topics": ["deildarj\u00f6fnu", "heildun", "runur og ra\u00f0ir"]}, {"abbreviation": "DE", "topics": ["deildun"]}, {"abbreviation": "HD", "topics": ["deildaj\u00f6fnun", "heildun", "ra\u00f0ir", "runur"]}, {"abbreviation": "HE", "topics": ["1.stigs deildarj\u00f6fnur.", "heildun", "runur og ra\u00f0ir"]}, {"abbreviation": "RF", "topics": ["r\u00famfr\u00e6\u00f0i"]}, {"abbreviation": "FO", "topics": ["forn\u00e1ms\u00e1fangi"]}, {"abbreviation": "AP", "topics": ["algengar reiknia\u00f0ger\u00f0ir", "peningar og m\u00e6lieiningar", "t\u00edmat\u00e1kn"]}, {"abbreviation": "SF", "topics": ["Forn\u00e1m \u00ed st\u00e6r\u00f0fr\u00e6\u00f0i"]}, {"abbreviation": "BB", "topics": ["Forn\u00e1m 2"]}, {"abbreviation": "RA", "topics": ["Algebra", "f\u00f6ll", "r\u00famfr\u00e6\u00f0i", "t\u00f6lfr\u00e6\u00f0i"]}, {"abbreviation": "L\u00c1", "topics": ["l\u00fdsandi t\u00f6lfr\u00e6\u00f0i", "t\u00f6flureiknir", "\u00e1lyktunart\u00f6lfr\u00e6\u00f0i"]}, {"abbreviation": "TJ", "topics": ["Almennur talnareikningur", "form\u00falur", "j\u00f6fnur", "pr\u00f3sentur"]}, {"abbreviation": "JH", "topics": ["J\u00f6fnur", "hlutf\u00f6ll", "hnitakerfi\u00f0", "talname\u00f0fer\u00f0"]}, {"abbreviation": "RV", "topics": ["hornafr\u00e6\u00f0i \u00fer\u00edhyrnings", "hornaf\u00f6ll", "vigrar"]}, {"abbreviation": "DT", "topics": ["deildaj\u00f6fnur", "heildi", "samleitni", "tvinnt\u00f6lur"]}, {"abbreviation": "DS", "topics": ["deildaj\u00f6fnur", "samleitni", "tvinnt\u00f6lur"]}, {"abbreviation": "\u00deV", "topics": ["keilusni\u00f0", "vigrar", "\u00fer\u00edv\u00ed\u00f0 r\u00famfr\u00e6\u00f0i"]}, {"abbreviation": "FG", "topics": ["algebra", "f\u00f6ll", "gr\u00f6f", "veldi og r\u00e6tur"]}, {"abbreviation": "CX", "topics": ["f\u00f6ll og deildun fyri M\u00c1L og F\u00c9L"]}, {"abbreviation": "A\u00de", "topics": ["a", "\u00ferautalausnir"]}, {"abbreviation": "C\u00de", "topics": ["\u00derautalausnir"]}, {"abbreviation": "DN", "topics": ["algebra", "margli\u00f0ur og fleygbogar"]}, {"abbreviation": "UT", "topics": ["t\u00f6lfr\u00e6\u00f0i"]}, {"abbreviation": "OJ", "topics": ["t\u00f6lugildi og j\u00f6fnuhneppi", "\u00f3j\u00f6fnur"]}, {"abbreviation": "RG", "topics": ["R\u00famfr\u00e6\u00f0i me\u00f0 GeoGebru"]}, {"abbreviation": "HG", "topics": ["hagn\u00fdt st\u00e6r\u00f0fr\u00e6\u00f0i"]}, {"abbreviation": "AA", "topics": ["algengar reiknia\u00f0ger\u00f0ir"]}, {"abbreviation": "HL", "topics": ["Heildun"]}, {"abbreviation": "FM", "topics": ["F\u00f6ll", "markgildi og deildun algengustu falla"]}, {"abbreviation": "SH", "topics": ["St\u00e6r\u00f0fr\u00e6\u00f0igreining", "deildaj\u00f6fnur", "heildun", "runur og ra\u00f0ir"]}, {"abbreviation": "MA", "topics": ["Mengi", "algebra"]}, {"abbreviation": "HK", "topics": ["Hornaf\u00f6ll", "keilusni\u00f0", "vigrar"]}, {"abbreviation": "RM", "topics": ["R\u00famfr\u00e6\u00f0i"]}, {"abbreviation": "AB", "topics": ["almenn brot"]}, {"abbreviation": "RR", "topics": ["Hagn\u00fdting heildareiknings", "runur og ra\u00f0ir"]}, {"abbreviation": "HB", "topics": ["Hnit og b\u00f3kstafareikningur"]}, {"abbreviation": "RU", "topics": ["R\u00famfr\u00e6\u00f0i og hornaf\u00f6ll"]}, {"abbreviation": "VJ", "topics": ["Veldi og j\u00f6fnur"]}, {"abbreviation": "GA", "topics": ["Grunna\u00f0ger\u00f0ir algebru"]}, {"abbreviation": "AD", "topics": ["algebra", "brot", "hlutfallareikningur"]}, {"abbreviation": "B\u00c1", "topics": ["Br\u00faar\u00e1fangi"]}, {"abbreviation": "SB", "topics": ["St\u00e6r\u00f0fr\u00e6\u00f0ibr\u00fa"]}, {"abbreviation": "SL", "topics": ["St\u00e6r\u00f0fr\u00e6\u00f0il\u00edk\u00f6n"]}, {"abbreviation": "ST", "topics": ["St\u00e6r\u00f0fr\u00e6\u00f0igrunnur", "f\u00f6ll og  hnitakerfi", "j\u00f6fnur", "r\u00famfr\u00e6\u00f0i"]}, {"abbreviation": "MV", "topics": ["Mengi", "hornaf\u00f6ll", "talningarfr\u00e6\u00f0i", "vigrar og keilusni\u00f0"]}, {"abbreviation": "FF", "topics": ["F\u00f6ll og ferlar"]}, {"abbreviation": "MD", "topics": ["F\u00f6ll", "margli\u00f0udeiling", "markgildi og deildun algengustu falla"]}, {"abbreviation": "SR", "topics": ["St\u00e6r\u00f0fr\u00e6\u00f0igreining", "fylkjareikningur", "heildun", "l\u00ednuleg bestun", "runur og ra\u00f0ir", "\u00ferepasannanir og margv\u00ed\u00f0 f\u00f6ll"]}, {"abbreviation": "HN", "topics": ["hnitakerfi"]}, {"abbreviation": "JF", "topics": ["f\u00f6ll", "j\u00f6fnur og \u00f3j\u00f6fnur", "l\u00edkindareikningur og t\u00f6lfr\u00e6\u00f0i", "rauntalnakerfi"]}, {"abbreviation": "LF", "topics": ["F\u00f6ll og ferlar - l\u00ednur og fleygbogar"]}, {"abbreviation": "R\u00d6", "topics": ["R\u00f6k og mengi"]}, {"abbreviation": "F\u00d6", "topics": ["F\u00f6ll", "ferlar", "fleygbogar", "keilusni\u00f0 og hornaf\u00f6ll", "l\u00ednur"]}, {"abbreviation": "MG", "topics": ["Markgildi og aflei\u00f0ur"]}, {"abbreviation": "JR", "topics": ["AJ", "BR"]}, {"abbreviation": "PV", "topics": ["aflei\u00f0ur", "lograr", "pr\u00f3sentur", "vaxtareikningur"]}, {"abbreviation": "FV", "topics": ["Heildun falla", "flatarm\u00e1l og r\u00famm\u00e1l"]}, {"abbreviation": "VS", "topics": ["Vi\u00f0skipta st\u00e6r\u00f0fr\u00e6\u00f0i"]}, {"abbreviation": "BT", "topics": ["B\u00f3kstafareikningur og talnal\u00e6si"]}, {"abbreviation": "XY", "topics": ["Algebra", "hnitakerfi\u00f0", "hornaf\u00f6ll.", "r\u00famfr\u00e6\u00f0i"]}, {"abbreviation": "XZ", "topics": ["Algebra", "hnitakerfi\u00f0", "hornaf\u00f6ll.", "j\u00f6fnur", "r\u00famfr\u00e6\u00f0i"]}, {"abbreviation": "TV", "topics": ["T\u00f6lfr\u00e6\u00f0i", "talningar", "vi\u00f0skipti."]}, {"abbreviation": "\u00c1T", "topics": ["T\u00f6lfr\u00e6\u00f0i", "\u00e1lyktunart\u00f6lfr\u00e6\u00f0i"]}, {"abbreviation": "TT", "topics": ["Algebra", "talningafr\u00e6\u00f0i", "t\u00f6lfr\u00e6\u00f0i og l\u00edkindareikningur"]}, {"abbreviation": "GH", "topics": ["algebra", "forgangsr\u00f6\u00f0 a\u00f0ger\u00f0a", "hnitakerfi"]}, {"abbreviation": "SI", "topics": ["St\u00e6r\u00f0fr\u00e6\u00f0i 1 \u00e1 starfsbraut"]}, {"abbreviation": "SJ", "topics": ["St\u00e6r\u00f0fr\u00e6\u00f0i 2 \u00e1 starfsbraut"]}, {"abbreviation": "SK", "topics": ["St\u00e6r\u00f0fr\u00e6\u00f0i 3 \u00e1 starfsbraut"]}, {"abbreviation": "GF", "topics": ["Grunn\u00e1fangi \u00ed st\u00e6r\u00f0fr\u00e6\u00f0i \u00e1 f\u00e9lagsv\u00edsindabraut"]}, {"abbreviation": "G\u00c1", "topics": ["Grunn\u00e1fangi \u00ed st\u00e6r\u00f0fr\u00e6\u00f0i \u00e1 n\u00e1tt\u00faruv\u00edsindabraut"]}, {"abbreviation": "DD", "topics": ["D\u00e6gurd\u00e6mi"]}, {"abbreviation": "FL", "topics": ["ST\u00c6R"]}, {"abbreviation": "HH", "topics": ["Hlutf\u00f6ll", "hornaf\u00f6ll"]}, {"abbreviation": "DL", "topics": ["Peningar", "t\u00edmahugt\u00f6k", "ver\u00f0gildi"]}, {"abbreviation": "PI", "topics": ["Peningar", "innkaup", "ver\u00f0mi\u00f0ar"]}, {"abbreviation": "PH", "topics": ["Peningar", "heimilisb\u00f3khald", "tekjur og \u00fatgj\u00f6ld"]}, {"abbreviation": "PR", "topics": ["Pr\u00f3sentureikningur"]}, {"abbreviation": "TG", "topics": ["Talnagildi"]}, {"abbreviation": "MH", "topics": ["F\u00f6ll", "fleygbogar", "hornaf\u00f6ll", "margli\u00f0ur"]}, {"abbreviation": "VR", "topics": ["Vigrar", "r\u00famfr\u00e6\u00f0i"]}, {"abbreviation": "CQ", "topics": ["f\u00f6ll og deildun. Annar \u00e1fangi"]}, {"abbreviation": "JV", "topics": ["2. stigs j\u00f6fnur", "hnitakerfi\u00f0 og algebrubrot", "v\u00edsif\u00f6ll"]}, {"abbreviation": "HI", "topics": ["Heildun og deildarj\u00f6fnur"]}, {"abbreviation": "BQ", "topics": ["Algebra", "brot", "fleygbogar og lograr"]}, {"abbreviation": "CC", "topics": ["Vigrar og hornaf\u00f6ll"]}, {"abbreviation": "EE", "topics": ["Heildun", "diffurj\u00f6fnur", "runur og ra\u00f0ir"]}, {"abbreviation": "FU", "topics": ["Heildun", "tvinnt\u00f6lur og diffurj\u00f6fnur"]}, {"abbreviation": "ES", "topics": ["Strj\u00e1l st\u00e6r\u00f0fr\u00e6\u00f0i"]}, {"abbreviation": "EL", "topics": ["L\u00ednuleg algebra"]}, {"abbreviation": "AM", "topics": ["Algebra", "f\u00f6ll og mengi"]}, {"abbreviation": "P\u00de", "topics": ["lausn jafna", "pr\u00f3sentureikningur", "r\u00famfr\u00e6\u00f0i", "talnareikningur"]}, {"abbreviation": "MM", "topics": ["fleygbogar", "hnitakerfi\u00f0", "margli\u00f0ur", "mengi"]}, {"abbreviation": "\u00deA", "topics": ["algebra", "hlutf\u00f6ll", "veldi", "\u00fer\u00edhyrningar"]}, {"abbreviation": "VA", "topics": ["Vi\u00f0skiptareikningur"]}, {"abbreviation": "HJ", "topics": ["hnitakerfi", "j\u00f6fnur", "margli\u00f0ur"]}, {"abbreviation": "YM", "topics": ["fylkjareikningur", "hagn\u00fdting \u00e1 diffurreikningi", "tvinnt\u00f6lureikningar"]}, {"abbreviation": "BD", "topics": ["brei\u00f0bogaf\u00f6ll", "diffurj\u00f6fnur", "fylki"]}, {"abbreviation": "DV", "topics": ["Diffrun", "f\u00f6ll", "v\u00edsis- og lograf\u00f6ll"]}, {"abbreviation": "VD", "topics": ["diffrun", "vigrar"]}, {"abbreviation": "HF", "topics": ["diffurj\u00f6fnur", "fylgi", "heildun", "r\u00famfr\u00e6\u00f0i"]}, {"abbreviation": "MJ", "topics": ["2. stigs j\u00f6fnur og \u00f3j\u00f6fnur", "Mengjareikningur", "gr\u00f6f", "margli\u00f0ur og l\u00f3garitma.", "veldi og r\u00e6tur"]}, {"abbreviation": "ML", "topics": ["Mengi", "j\u00f6fnur", "l\u00f3garitmar.", "margli\u00f0ur"]}, {"abbreviation": "KV", "topics": ["Vigrar", "hnitar\u00famfr\u00e6\u00f0i og r\u00f6kfr\u00e6\u00f0i.", "hornaf\u00f6ll", "keilusni\u00f0"]}, {"abbreviation": "DI", "topics": ["Heildun", "diffurj\u00f6fnur."]}, {"abbreviation": "HU", "topics": ["Heildun", "ra\u00f0ir og diffurj\u00f6fnur", "runur"]}, {"abbreviation": "F\u00c9", "topics": ["grunn\u00e1fangi \u00e1 f\u00e9lagsv\u00edsindabraut"]}, {"abbreviation": "TR", "topics": ["diffurj\u00f6fnur", "fylki", "r\u00famfr\u00e6\u00f0i", "tegurreikningur", "tvinnt\u00f6lur"]}, {"abbreviation": "MS", "topics": ["Maclaurin-li\u00f0un og samleitni"]}, {"abbreviation": "TH", "topics": ["T\u00f6lfr\u00e6\u00f0i", "l\u00edkindi og tilg\u00e1tupr\u00f3fun"]}, {"abbreviation": "JG", "topics": ["ar\u00f0semi", "gengi", "jafngrei\u00f0slura\u00f0ir", "vaxtareikningur"]}, {"abbreviation": "IR", "topics": ["I\u00f0nreikningur"]}, {"abbreviation": "DA", "topics": ["F\u00f6ll", "deildun og v\u00edsis- og lograf\u00f6ll", "markgildi"]}, {"abbreviation": "DB", "topics": ["F\u00f6ll", "deildun", "markgildi", "v\u00edsis- og lograf\u00f6ll"]}, {"abbreviation": "L\u00cd", "topics": ["St\u00e6r\u00f0fr\u00e6\u00f0ileg l\u00edk\u00f6n fyrir hug- og f\u00e9lagsv\u00edsindagreinar"]}, {"abbreviation": "GT", "topics": ["T\u00f6lvuleikjast\u00e6r\u00f0fr\u00e6\u00f0i", "forritun og t\u00f6lvugraf\u00edk"]}, {"abbreviation": "MB", "topics": ["Mengi", "annars stigs j\u00f6fnur", "brot", "margli\u00f0ur og hnitar\u00famfr\u00e6\u00f0i"]}, {"abbreviation": "YS", "topics": ["Yfirlits\u00e1fangi \u00ed st\u00e6r\u00f0fr\u00e6\u00f0i"]}, {"abbreviation": "VF", "topics": ["Vi\u00f0skipti og f\u00f6ll"]}, {"abbreviation": "TP", "topics": ["T\u00f6lfr\u00e6\u00f0ipr\u00f3f"]}, {"abbreviation": "SD", "topics": ["St\u00e6r\u00f0fr\u00e6\u00f0i \u00ed daglega l\u00edfinu"]}, {"abbreviation": "BP", "topics": ["Brei\u00f0bogaf\u00f6ll", "p\u00f3lhnitakerfi og tvinnt\u00f6lur"]}, {"abbreviation": "XX", "topics": ["Algebra", "r\u00famfr\u00e6\u00f0i", "t\u00f6lfr\u00e6\u00f0i"]}, {"abbreviation": "FR", "topics": ["Fj\u00e1rm\u00e1lal\u00e6si", "gr\u00f6f og f\u00f6ll", "t\u00f6lfr\u00e6\u00f0i"]}, {"abbreviation": "BA", "topics": ["Talname\u00f0fer\u00f0", "fr\u00e1dr\u00e1ttur", "margfeldi og deiling talna. Brotareikningur.", "samlagning"]}, {"abbreviation": "AU", "topics": ["Undirb\u00fanings\u00e1fangi i st\u00e6r\u00f0fr\u00e6\u00f0i fyrir fyrsta \u00e1fanga \u00e1 \u00f6\u00f0ru \u00ferepi"]}, {"abbreviation": "LV", "topics": ["Lotubundin f\u00f6ll", "hornafallareglur", "hornaf\u00f6ll", "j\u00f6fnur l\u00edna og hringa", "vigrar"]}, {"abbreviation": "VV", "topics": ["F\u00f6ll", "markgildi og aflei\u00f0ur"]}, {"abbreviation": "YF", "topics": ["Brei\u00f0bogaf\u00f6ll", "heildun og fylki. Yfirlits\u00e1fangi.", "tvinnt\u00f6lur"]}, {"abbreviation": "VM", "topics": ["Mengi", "hnitakerfi", "hornaf\u00f6ll", "veldi og 2. stigs j\u00f6fnur"]}, {"abbreviation": "GM", "topics": ["grunn\u00e1fangi \u00ed st\u00e6r\u00f0fr\u00e6\u00f0i fyrir matv\u00e6lagreinar og hugv\u00edsindi"]}], "_id": "50c0a02dd8e40575f7f6f490", "subjects": ["st\u00e6r\u00f0fr\u00e6\u00f0i"], "counter": {"1": 60, "3": 93, "2": 117, "4": 8}}, "evaluation": "Verkefnavinna og pr\u00f3f", "categorization_suggestion": "", "embedded_topics": {"abbreviation": "GM", "topics": ["grunn\u00e1fangi \u00ed st\u00e6r\u00f0fr\u00e6\u00f0i fyrir matv\u00e6lagreinar og hugv\u00edsindi"]}, "status": "approved by school", "description": "Grunn\u00e1fanga \u00ed st\u00e6r\u00f0fr\u00e6\u00f0i er \u00e6tla\u00f0 a\u00f0 undirb\u00faa nemendur fyrir \u00e1framhaldandi n\u00e1m \u00e1 2. \u00ferepi.  \u00c1hersla er l\u00f6g\u00f0 \u00e1 v\u00f6ndu\u00f0 vinnubr\u00f6g\u00f0 og n\u00e1mkv\u00e6mni \u00ed framsetningu og lausnum verkefna.  Helstu efnis\u00fe\u00e6ttir eru: t\u00f6lur og talnareikningur, st\u00e6\u00f0ur og j\u00f6fnur, hlutf\u00f6ll og pr\u00f3sentur og r\u00famfr\u00e6\u00f0i.  Vi\u00f0 lok \u00e1fanga \u00e1 nemandi a\u00f0 hafa \u00f6\u00f0last f\u00e6rni \u00ed a\u00f0 vinna me\u00f0 ofangreinda efnis\u00fe\u00e6tti og kunna a\u00f0 beita vasareikni og t\u00f6lvu vi\u00f0 \u00farlausn \u00feeirra.", "knowledge_goals": ["forgangsr\u00f6\u00f0 a\u00f0ger\u00f0a", "brotum, pr\u00f3sentu-, hlutfalla- og vaxtareikningi", "notkun t\u00e1kna sem sta\u00f0gengla talna", "flatarm\u00e1li og r\u00famm\u00e1li", "metrakerfi", "flatar- og r\u00famm\u00e1lsreikningi", "hornum og hyrningum"], "skills_goals": ["beita forgangsr\u00f6\u00f0 a\u00f0ger\u00f0a og n\u00e1kv\u00e6mni \u00ed n\u00e1mundun talna", "vinna me\u00f0 almenn brot, pr\u00f3sentu-, hlutfalla- og vaxtareikning", "vinna me\u00f0 st\u00e6\u00f0ur og leysa j\u00f6fnur", "reikna flatarm\u00e1l og r\u00famm\u00e1l algengra hluta", "vinna me\u00f0 horn og hyrninga", "nota vasareikna og algeng t\u00f6lvuforrit"], "credits": 5, "last_modified": 1433326042.834837, "schools": ["512351e58caa45ed97015b45"], "coauthors": null, "instructions": "", "continued_education": false, "level": 1, "prerequisites": "Engar", "author": "c5293131-7c0e-4e1c-9225-04fc4ed5b3f3", "abbreviation_version": null, "competence_goals": [["skr\u00e1 lausnir s\u00ednar skipulega, skiptast \u00e1 sko\u00f0unum um \u00fe\u00e6r vi\u00f0 a\u00f0ra og \u00fatsk\u00fdra hugmyndir og verk \u00ed m\u00e6ltu m\u00e1li og myndr\u00e6nt", ""], ["\u00e1tta sig \u00e1 og skilja merkingu og tengsl hugtaka \u00ed n\u00e1msefninu", ""], ["beita skipulegum a\u00f0fer\u00f0um vi\u00f0 lausnir \u00ferauta og \u00fatsk\u00fdra a\u00f0fer\u00f0ir s\u00ednar", ""], ["meta hvort uppl\u00fdsingar eru r\u00e9ttar og/e\u00f0a \u00e1rei\u00f0anlegar", ""], ["beita gagnr\u00fdnni og skapandi hugsun og s\u00fdna \u00e1r\u00e6\u00f0i, frumkv\u00e6\u00f0i, inns\u00e6i og frumleika vi\u00f0 lausn verkefna", ""], ["geta sett hversdagsleg verkefni \u00ed st\u00e6r\u00f0fr\u00e6\u00f0ilegan b\u00faning", ""]], "_id": "556ed1da62933a5b20002aa9"}, {"exemplary": null, "topics": "G\u00e6\u00f0akerfi HACCP og verklagsreglur", "abbreviation": "IEM\u00d61G\u00c602(G\u00c6)", "former_schools": null, "subject": "Innraeftirlit og matv\u00e6la\u00f6ryggi", "title": "Innraeftirlit og matv\u00e6la\u00f6ryggi", "version": 1, "status_trans": "Sam\u00feykkt af sk\u00f3la", "embedded_subject": {"abbreviation": "IEM\u00d6", "topics": [{"abbreviation": "G\u00c6", "topics": ["G\u00e6\u00f0akerfi HACCP og verklagsreglur"]}], "_id": "558bf6ae62933a24fe002af0", "subjects": ["Innraeftirlit og matv\u00e6la\u00f6ryggi"], "counter": {"1": 0, "3": 1, "2": 0, "4": 0}}, "evaluation": "", "categorization_suggestion": "G\u00c6", "embedded_topics": {"abbreviation": "G\u00c6", "topics": ["G\u00e6\u00f0akerfi HACCP og verklagsreglur"]}, "status": "approved by school", "description": "\u00c1hersla er l\u00f6g\u00f0 \u00e1 g\u00e6\u00f0ikerfi HACCP,verklagsreglur,vinnul\u00fdsingar, a\u00f0fer\u00f0ir vi\u00f0 hreinl\u00e6tiseftirlit, greiningu \u00e1h\u00e6ttu\u00fe\u00e1tta og mikilv\u00e6gra eftirlitssta\u00f0a. Pers\u00f3nulegt hreinl\u00e6ti og hreinl\u00e6ti \u00e1 vinnusta\u00f0a. Ennfremur er fjalla\u00f0 um krossmengun, st\u00fdringu \u00e1 hitastigi, hitastigskr\u00f6fur vi\u00f0 upphitun og geymslu matv\u00e6la, m\u00e6lingu \u00e1 hitastigi og \u2013 hitastigsstigm\u00e6la.", "knowledge_goals": [], "skills_goals": [], "credits": 2, "last_modified": 1466604764.733464, "schools": ["512351e58caa45ed97015b45"], "coauthors": null, "instructions": "", "continued_education": false, "level": 1, "prerequisites": "Engar", "author": "98dc5c95-3d85-423f-86d4-24e8cb5d4d1e", "abbreviation_version": null, "competence_goals": [], "_id": "576a9cdc62933a390700d2ae"}, {"exemplary": null, "topics": "Almenn m\u00e1lnotkun og l\u00e6si", "abbreviation": "\u00cdSLE1AL05", "former_schools": null, "subject": "\u00edslenska", "title": "L\u00e6si og ritun", "version": 71, "status_trans": "Sam\u00feykkt af sk\u00f3la", "embedded_subject": {"abbreviation": "\u00cdSLE", "topics": [{"abbreviation": "VR", "topics": ["ritun", "vi\u00f0skiptaskj\u00f6l"]}, {"abbreviation": "TM", "topics": ["m\u00e1lskilningur", "tj\u00e1ning"]}, {"abbreviation": "MS", "topics": ["m\u00e1lskilningur", "s\u00e9rdeild"]}, {"abbreviation": "RT", "topics": ["ritun og tj\u00e1ning"]}, {"abbreviation": "LL", "topics": ["leshra\u00f0i", "lesskilningur"]}, {"abbreviation": "MM", "topics": ["m\u00e1lfr\u00e6\u00f0i", "m\u00e1ltilfinning"]}, {"abbreviation": "RG", "topics": ["greinamerkjasetning", "r\u00e9ttritun"]}, {"abbreviation": "SF", "topics": ["fr\u00f3\u00f0leiks\u00f6flun", "samskipti"]}, {"abbreviation": "BK", "topics": ["b\u00f3kmenntir", "kj\u00f6rb\u00f3k"]}, {"abbreviation": "RB", "topics": ["b\u00f3kmenntir", "ritun"]}, {"abbreviation": "BM", "topics": ["b\u00f3kmenntir", "m\u00e1lsaga", "ritun", "tj\u00e1ning"]}, {"abbreviation": "NB", "topics": ["n\u00fat\u00edmab\u00f3kmenntir"]}, {"abbreviation": "BF", "topics": ["b\u00f3kmenntir fyrri alda"]}, {"abbreviation": "SB", "topics": ["menning", "samt\u00edmab\u00f3kmenntir"]}, {"abbreviation": "BB", "topics": ["barnab\u00f3kmenntir"]}, {"abbreviation": "HR", "topics": ["hra\u00f0lestur"]}, {"abbreviation": "YN", "topics": ["yndislestur"]}, {"abbreviation": "ML", "topics": ["leskilningur", "m\u00e1lnotkun", "m\u00e1ltaka", "ritun og tj\u00e1ning"]}, {"abbreviation": "MB", "topics": ["b\u00f3kmenntir og ritun", "m\u00e1lnotkun"]}, {"abbreviation": "MN", "topics": ["b\u00f3kmenntir", "m\u00e1lsaga og nafnasi\u00f0ir"]}, {"abbreviation": "YH", "topics": ["hra\u00f0lestur", "yndislestur"]}, {"abbreviation": "BS", "topics": ["b\u00f3kmenntir s\u00ed\u00f0ari alda"]}, {"abbreviation": "FH", "topics": ["f\u00e9lagsleg m\u00e1lv\u00edsindi", "hlj\u00f3\u00f0fr\u00e6\u00f0i og hlj\u00f3\u00f0kerfisfr\u00e6\u00f0i", "\u00fe\u00fd\u00f0ingar"]}, {"abbreviation": "TB", "topics": ["tj\u00e1skipti barna og fullor\u00f0inna"]}, {"abbreviation": "GL", "topics": ["gl\u00e6pas\u00f6gur"]}, {"abbreviation": "RM", "topics": ["m\u00e1lfr\u00e6\u00f0i", "ritun", "stafsetning"]}, {"abbreviation": "BT", "topics": ["bragfr\u00e6\u00f0i", "setningafr\u00e6\u00f0i", "textar fr\u00e1 \u00fdmsum l\u00f6ndum"]}, {"abbreviation": "MT", "topics": ["m\u00e1lfr\u00e6\u00f0i", "ritun og tj\u00e1ning"]}, {"abbreviation": "BR", "topics": ["b\u00f3kmenntir", "m\u00e1lnotkun", "ritun"]}, {"abbreviation": "MG", "topics": ["b\u00f3kmenntir og ritun", "go\u00f0afr\u00e6\u00f0i", "m\u00e1lsaga"]}, {"abbreviation": "EU", "topics": ["eddukv\u00e6\u00f0i", "uppl\u00fdsing"]}, {"abbreviation": "UK", "topics": ["kreppa", "uppl\u00fdsing"]}, {"abbreviation": "KA", "topics": ["aldam\u00f3t", "kreppa"]}, {"abbreviation": "RN", "topics": ["n\u00fat\u00edmab\u00f3kmenntir", "ritger\u00f0arsm\u00ed\u00f0"]}, {"abbreviation": "KU", "topics": ["kynningarefni", "ums\u00f3knir"]}, {"abbreviation": "RI", "topics": ["ritger\u00f0arsm\u00ed\u00f0", "textar fr\u00e1 \u00fdmsum l\u00f6ndum"]}, {"abbreviation": "BG", "topics": ["b\u00f3kmenntir", "go\u00f0afr\u00e6\u00f0i", "m\u00e1lsaga"]}, {"abbreviation": "FM", "topics": ["fornb\u00f3kmenntir", "m\u00e1lfr\u00e6\u00f0i"]}, {"abbreviation": "BN", "topics": ["b\u00f3kmenntir", "n\u00fat\u00edmi"]}, {"abbreviation": "FO", "topics": ["fornb\u00f3kmenntir"]}, {"abbreviation": "UN", "topics": ["undirb\u00fanings\u00e1fangi \u00ed \u00edslensku"]}, {"abbreviation": "MR", "topics": ["b\u00f3kmenntir", "m\u00e1lnotkun og ritun"]}, {"abbreviation": "ED", "topics": ["eddukv\u00e6\u00f0i og \u00edslendingas\u00f6gur"]}, {"abbreviation": "NJ", "topics": ["fr\u00e1 nj\u00e1lu til n\u00fdr\u00f3mant\u00edkur"]}, {"abbreviation": "\u00d6L", "topics": ["b\u00f3kmenntir \u00e1 20. \u00f6ld"]}, {"abbreviation": "ME", "topics": ["b\u00f3kmenntir"]}, {"abbreviation": "RL", "topics": ["lestur", "ritun og tj\u00e1ning"]}, {"abbreviation": "MI", "topics": ["m\u00e1l og b\u00f3kmenntir fr\u00e1 si\u00f0askiptum til aldam\u00f3tanna 1900"]}, {"abbreviation": "GM", "topics": ["go\u00f0afr\u00e6\u00f0i", "m\u00e1lsaga"]}, {"abbreviation": "GR", "topics": ["grunnur"]}, {"abbreviation": "LR", "topics": ["lestur og ritun"]}, {"abbreviation": "ST", "topics": ["stafsetning"]}, {"abbreviation": "\u00cdS", "topics": ["\u00edslenska"]}, {"abbreviation": "LT", "topics": ["lestur", "m\u00e1lfr\u00e6\u00f0i", "ritun", "stafsetning", "tj\u00e1ning"]}, {"abbreviation": "SR", "topics": ["lestur og tj\u00e1ning", "m\u00e1lfr\u00e6\u00f0i", "ritun", "stafsetning"]}, {"abbreviation": "GO", "topics": ["go\u00f0afr\u00e6\u00f0i", "m\u00e1lnotkun og ritun", "m\u00e1lsaga"]}, {"abbreviation": "NH", "topics": ["b\u00f3kmenntasaga 1900 til samt\u00edmans", "hugtakabeiting", "n\u00fat\u00edmab\u00f3kmenntir"]}, {"abbreviation": "RR", "topics": ["ritger\u00f0asm\u00ed\u00f0", "ritun"]}, {"abbreviation": "LF", "topics": ["b\u00f3kmenntasaga 1550-1900", "l\u00e6rd\u00f3ms\u00f6ld", "rauns\u00e6i"]}, {"abbreviation": "VE", "topics": ["verkefni vali\u00f0 og almenn b\u00f3kmenntafr\u00e6\u00f0i kynnt"]}, {"abbreviation": "MV", "topics": ["m\u00e1lv\u00edsindi"]}, {"abbreviation": "YF", "topics": ["Yndislestur framhald"]}, {"abbreviation": "MH", "topics": ["M\u00e1lsaga og go\u00f0afr\u00e6\u00f0i hra\u00f0fer\u00f0"]}, {"abbreviation": "FF", "topics": ["Fornb\u00f3kmenntir hra\u00f0fer\u00f0"]}, {"abbreviation": "YM", "topics": ["Yndislestur 2"]}, {"abbreviation": "FJ", "topics": ["fj\u00f6lmi\u00f0lal\u00e6si"]}, {"abbreviation": "RV", "topics": ["ritger\u00f0arvinna"]}, {"abbreviation": "LS", "topics": ["- sk\u00e1ldsaga \u00far n\u00fat\u00edma", "lestur og lesskilningur"]}, {"abbreviation": "L\u00cd", "topics": ["lestur og lesskilningur - \u00edslendingas\u00f6gur"]}, {"abbreviation": "LE", "topics": ["lestur og lesskilningur - sk\u00e1lds\u00f6gur 20. aldar"]}, {"abbreviation": "H\u00cd", "topics": ["Hagn\u00fdt \u00edslenska"]}, {"abbreviation": "\u00cdM", "topics": ["\u00edslensk m\u00e1lsaga"]}, {"abbreviation": "KV", "topics": ["b\u00f3kmenntir og kvikmyndir"]}, {"abbreviation": "NG", "topics": ["Norr\u00e6n go\u00f0afr\u00e6\u00f0i"]}, {"abbreviation": "LJ", "topics": ["Lj\u00f3\u00f0"]}, {"abbreviation": "AA", "topics": ["Lestur og ritun"]}, {"abbreviation": "\u00cdC", "topics": ["\u00cdslenska \u00e1 starfsbraut"]}, {"abbreviation": "\u00cdA", "topics": ["\u00cdslenska 1 \u00e1 starfsbraut"]}, {"abbreviation": "\u00cdB", "topics": ["\u00cdslenska 2 \u00e1 starfsbraut"]}, {"abbreviation": "N\u00dd", "topics": ["N\u00fdsk\u00f6pun"]}, {"abbreviation": "AB", "topics": ["B\u00f3kmenntir", "m\u00e1lfr\u00e6\u00f0i og ritun"]}, {"abbreviation": "HI", "topics": ["M\u00e1lnotkun og ritun"]}, {"abbreviation": "TR", "topics": ["M\u00e1lnotun og ritun"]}, {"abbreviation": "TL", "topics": ["L\u00e6si", "ritun", "tj\u00e1ning"]}, {"abbreviation": "OH", "topics": ["hlustun", "or\u00f0afor\u00f0i", "talm\u00e1l og ritun"]}, {"abbreviation": "ES", "topics": ["Eddukv\u00e6\u00f0i til si\u00f0askipta"]}, {"abbreviation": "NA", "topics": ["N\u00fdr\u00f3mant\u00edk til aldam\u00f3ta"]}, {"abbreviation": "SN", "topics": ["Si\u00f0askipti til n\u00fdr\u00f3mant\u00edkur"]}, {"abbreviation": "YL", "topics": ["Yndislestur"]}, {"abbreviation": "SS", "topics": ["Stafsetning"]}, {"abbreviation": "BU", "topics": ["Barna- og unglingab\u00f3kmenntir"]}, {"abbreviation": "SK", "topics": ["sk\u00e1lds\u00f6gur"]}, {"abbreviation": "B\u00d3", "topics": ["B\u00f3kmenntir og tungum\u00e1l fr\u00e1 landn\u00e1mi til si\u00f0askipta"]}, {"abbreviation": "M\u00c1", "topics": ["M\u00e1l- og menningarsaga"]}, {"abbreviation": "NF", "topics": ["N\u00fdsk\u00f6punarferli\u00f0: \u00fe\u00f6rf", "afur\u00f0", "lausn"]}, {"abbreviation": "A\u00cd", "topics": ["Almenn \u00edslenska \u00e1 1 \u00ferepi"]}, {"abbreviation": "AM", "topics": ["almenn m\u00e1lnotkun", "b\u00f3kmenntir", "ritun"]}, {"abbreviation": "RS", "topics": ["Skapandi skrif"]}, {"abbreviation": "SP", "topics": ["Spennus\u00f6gur"]}, {"abbreviation": "\u00cdD", "topics": ["\u00cdslenska \u00e1 starfsbraut 4"]}, {"abbreviation": "\u00cdE", "topics": ["\u00cdslenska 5 \u00e1 starfsbraut"]}, {"abbreviation": "SM", "topics": ["Sk\u00e1lds\u00f6gur"]}, {"abbreviation": "M\u00de", "topics": ["\u00cdSLE"]}, {"abbreviation": "SA", "topics": ["Sk\u00f6pun \u00ed v\u00ed\u00f0u samhengi"]}, {"abbreviation": "SJ", "topics": ["L\u00e6si", "b\u00f3kmenntir", "hugtakaskilningur", "m\u00e1lfr\u00e6\u00f0i", "sj\u00e1lfb\u00e6rni og ritun"]}, {"abbreviation": "LM", "topics": ["L\u00e6si", "l\u00fd\u00f0r\u00e6\u00f0i", "mannr\u00e9ttindi og b\u00f3kmenntir"]}, {"abbreviation": "JR", "topics": ["L\u00e6si", "b\u00f3kmenntir og ritun", "jafnr\u00e9tti"]}, {"abbreviation": "HV", "topics": ["L\u00e6si", "heilbrig\u00f0i", "velfer\u00f0 og b\u00f3kmenntir"]}, {"abbreviation": "DB", "topics": ["Sk\u00f3labla\u00f0"]}, {"abbreviation": "\u00c6F", "topics": ["Go\u00f0s\u00f6gur", "fantas\u00edur", "\u00e6vint\u00fdri"]}, {"abbreviation": "VM", "topics": ["Verkefna\u00e1fangi \u00ed m\u00e1lv\u00edsindum"]}, {"abbreviation": "VB", "topics": ["Verkefna\u00e1fangi \u00ed b\u00f3kmenntum"]}, {"abbreviation": "SW", "topics": ["Stafsetning og ritun"]}, {"abbreviation": "MF", "topics": ["M\u00e1lfr\u00e6\u00f0i"]}, {"abbreviation": "SG", "topics": ["B\u00f3kmenntir", "setningafr\u00e6\u00f0i og go\u00f0afr\u00e6\u00f0i"]}, {"abbreviation": "OF", "topics": ["frambur\u00f0ur", "lestrarf\u00e6rni", "or\u00f0afor\u00f0i"]}, {"abbreviation": "CA", "topics": ["B\u00f3kmenntir fram til 1550"]}, {"abbreviation": "BH", "topics": ["Go\u00f0afr\u00e6\u00f0i", "m\u00e1lsaga og ritger\u00f0asm\u00ed\u00f0"]}, {"abbreviation": "DD", "topics": ["B\u00f3kmenntir og b\u00f3kmenntasaga", "einkum 1550-1900."]}, {"abbreviation": "CH", "topics": ["\u00cdslenska 3. Hra\u00f0fer\u00f0"]}, {"abbreviation": "EE", "topics": ["B\u00f3kmenntir og b\u00f3kmenntasaga eftir 1900."]}, {"abbreviation": "HL", "topics": ["M\u00e1lsaga og hlj\u00f3\u00f0fr\u00e6\u00f0i"]}, {"abbreviation": "CB", "topics": ["heimsb\u00f3kmenntir"]}, {"abbreviation": "AL", "topics": ["Almenn m\u00e1lnotkun og l\u00e6si"]}, {"abbreviation": "GF", "topics": ["Go\u00f0afr\u00e6\u00f0i og fornb\u00f3kmenntir"]}, {"abbreviation": "TE", "topics": ["Ritun og textagreining"]}, {"abbreviation": "MA", "topics": ["Menningararfur \u00ed n\u00fat\u00edmanum"]}, {"abbreviation": "S\u00c1", "topics": ["Skrefa\u00f0", "skrifa\u00f0 og skrafa\u00f0 um n\u00e6rsamf\u00e9lagi\u00f0/\u00e1tthagana."]}, {"abbreviation": "NM", "topics": ["fr\u00e1 n\u00fdr\u00f3mant\u00edk til m\u00f3dernisma"]}, {"abbreviation": "HM", "topics": ["Heimildir og m\u00e1lnotkun"]}, {"abbreviation": "M\u00c6", "topics": ["Menningarl\u00e6si"]}, {"abbreviation": "CK", "topics": ["\u00edslenskar kvikmyndir"]}, {"abbreviation": "CL", "topics": ["Leikh\u00fas og leikb\u00f3kmenntir"]}, {"abbreviation": "DL", "topics": ["Leikh\u00fas og leikb\u00f3kmenntir."]}, {"abbreviation": "CN", "topics": ["\u00derj\u00fa verk Halld\u00f3rs Laxness."]}, {"abbreviation": "HB", "topics": ["B\u00f3kmenntir", "heimildaritger\u00f0", "m\u00e1lsaga"]}, {"abbreviation": "CU", "topics": ["Barnab\u00f3kmenntir."]}, {"abbreviation": "CP", "topics": ["Textager\u00f0 og ritstj\u00f3rn"]}, {"abbreviation": "CY", "topics": ["Yndislestur I"]}, {"abbreviation": "DY", "topics": ["Yndislestur II"]}, {"abbreviation": "RH", "topics": ["\u00darvinnsla heimilda og ritun"]}, {"abbreviation": "B\u00cd", "topics": ["B\u00f3kmenntasaga", "\u00cdslendingasaga og forn kve\u00f0skapur"]}, {"abbreviation": "BL", "topics": ["B\u00f3kmenntasaga", "leikritalestur", "lj\u00f3\u00f0alestur", "n\u00fat\u00edmab\u00f3kmenntir"]}, {"abbreviation": "RF", "topics": ["Ritger\u00f0arskrif", "go\u00f0afr\u00e6\u00f0i og m\u00e1lsaga"]}, {"abbreviation": "KM", "topics": ["b\u00f3kmenntir", "kv\u00e6\u00f0i", "lj\u00f3\u00f0", "m\u00e1lnotkun", "ritun"]}, {"abbreviation": "SL", "topics": ["Ritlist"]}, {"abbreviation": "RO", "topics": ["lestur", "m\u00e1lnotkun", "or\u00f0afor\u00f0i", "ritun"]}, {"abbreviation": "LB", "topics": ["b\u00f3kmenntir", "l\u00e6si", "ritun", "stafsetning"]}, {"abbreviation": "FL", "topics": ["frams\u00f6gn", "lestur", "margv\u00edsleg ritun", "or\u00f0afor\u00f0i"]}, {"abbreviation": "HS", "topics": ["heimildavinna", "m\u00e1lnotkun", "ritun", "setningafr\u00e6\u00f0i"]}, {"abbreviation": "KB", "topics": ["b\u00f3kmenntasaga", "heimildavinna", "kynningar", "valdir b\u00f3kmenntatextar"]}, {"abbreviation": "VT", "topics": ["b\u00f3kmenntasaga", "stefnur \u00ed listum og menningu", "valdir b\u00f3kmenntatextar"]}, {"abbreviation": "KF", "topics": ["fr\u00e6\u00f0ileg umfj\u00f6llun", "kvikmyndafr\u00e6\u00f0i", "kvikmyndal\u00e6si", "samf\u00e9lagsr\u00fdni"]}, {"abbreviation": "UM", "topics": ["m\u00e1lfr\u00e6\u00f0i", "or\u00f0afor\u00f0i", "uppruni m\u00e1la", "\u00edslensk m\u00e1lsaga"]}, {"abbreviation": "\u00deH", "topics": ["\u00fej\u00f3\u00f0h\u00e1ttafr\u00e6\u00f0i", "\u00fej\u00f3\u00f0l\u00edfsfr\u00e6\u00f0i", "\u00fej\u00f3\u00f0sagnafr\u00e6\u00f0i og hversdagsmenning"]}, {"abbreviation": "FS", "topics": ["lestur fagurb\u00f3kmennta", "skapandi skrif", "t\u00falkunarm\u00f6guleikar"]}, {"abbreviation": "KS", "topics": ["mi\u00f0aldab\u00f3kmenntir (kv\u00e6\u00f0i og s\u00f6gur)", "\u00e1hrif \u00feeirra \u00e1 n\u00fat\u00edmaverk"]}, {"abbreviation": "TS", "topics": ["m\u00e1lfar", "samf\u00e9lag", "tj\u00e1skipti", "tungum\u00e1l"]}, {"abbreviation": "\u00c1\u00d6", "topics": ["\u00c1stir og \u00f6rl\u00f6g \u00ed b\u00f3kmenntum fyrri alda"]}, {"abbreviation": "LH", "topics": ["Leikh\u00fas", "leiklist og leikb\u00f3kmenntir"]}, {"abbreviation": "DE", "topics": ["Delludagar", "Lestur og ritun"]}, {"abbreviation": "FV", "topics": ["Frumverk", "Lestur og ritun"]}, {"abbreviation": "A\u00de", "topics": ["Af\u00fereyingarb\u00f3kmenntir"]}, {"abbreviation": "B\u00de", "topics": ["\u00dej\u00f3\u00f0ararfurinn og tenging hans vi\u00f0 n\u00fat\u00edmann"]}, {"abbreviation": "OS", "topics": ["Or\u00f0spor"]}, {"abbreviation": "UT", "topics": ["Munnleg tj\u00e1ning"]}, {"abbreviation": "V\u00cd", "topics": ["V\u00edkingar og menning \u00feeirra"]}, {"abbreviation": "LX", "topics": ["Halld\u00f3r Laxness"]}, {"abbreviation": "ON", "topics": ["Beyginar", "frambur\u00f0ur", "setningaskipan og or\u00f0afor\u00f0i n\u00fat\u00edmam\u00e1ls"]}, {"abbreviation": "GE", "topics": ["B\u00f3kmenntagreining", "eddukv\u00e6\u00f0i og ritun.", "go\u00f0afr\u00e6\u00f0i"]}, {"abbreviation": "BA", "topics": ["B\u00f3kmenntir s\u00ed\u00f0ari alda"]}, {"abbreviation": "F\u00c9", "topics": ["F\u00e9lagsleg m\u00e1lv\u00edsindi"]}, {"abbreviation": "\u00cdR", "topics": ["mi\u00f0aldab\u00f3kmenntir", "r\u00f3mant\u00edk og ritun", "\u00cdslendingasaga"]}, {"abbreviation": "RD", "topics": ["Rauns\u00e6i", "b\u00f3kmenntasaga 20. aldar og 21. aldar."]}, {"abbreviation": "LG", "topics": ["Lestur g\u00f3\u00f0ra b\u00f3ka"]}, {"abbreviation": "NS", "topics": ["N\u00fat\u00edmab\u00f3kmenntir", "lestur og skapandi skrif"]}, {"abbreviation": "VH", "topics": ["b\u00f3kmenntir", "l\u00e6si", "velfer\u00f0"]}, {"abbreviation": "VF", "topics": ["l\u00e6si", "velfer\u00f0 og b\u00f3kmenntir"]}, {"abbreviation": "UL", "topics": ["l\u00e6si", "sk\u00f6pun", "uppg\u00f6tvun"]}, {"abbreviation": "MO", "topics": ["Mi\u00f0aldab\u00f3kmenntir"]}, {"abbreviation": "CC", "topics": ["Fornb\u00f3kmenntir."]}, {"abbreviation": "\u00deS", "topics": ["\u00dej\u00f3\u00f0sk\u00e1ld"]}, {"abbreviation": "HE", "topics": ["Heimildaritun"]}, {"abbreviation": "KO", "topics": ["Kvennab\u00f3kmenntir"]}, {"abbreviation": "MU", "topics": ["Munnm\u00e6lasagnir"]}, {"abbreviation": "TJ", "topics": ["Menningartj\u00fatt"]}, {"abbreviation": "U\u00c1", "topics": ["Undirb\u00fanings\u00e1fangi"]}, {"abbreviation": "R\u00d6", "topics": ["Ritun og r\u00f6kf\u00e6rsla"]}, {"abbreviation": "HH", "topics": ["heimildavinna", "m\u00e1lsaga", "m\u00e1lstefna", "ritun"]}, {"abbreviation": "UA", "topics": ["einf\u00f6ld m\u00e1lfr\u00e6\u00f0i", "lestur", "ritun", "stafsetning"]}, {"abbreviation": "UB", "topics": ["lestur", "m\u00e1lfr\u00e6\u00f0i", "ritun", "stafsetning"]}, {"abbreviation": "FN", "topics": ["b\u00f3kmenntir", "forn\u00e1m-l\u00e6si", "ritun"]}, {"abbreviation": "GG", "topics": ["Garpar og go\u00f0sagnir"]}, {"abbreviation": "BP", "topics": ["B\u00f3kmenntaumr\u00e6\u00f0a"]}, {"abbreviation": "UU", "topics": ["", "l\u00e6si b\u00f3kmenntir", "ritun"]}, {"abbreviation": "TT", "topics": ["b\u00f3kmenntir", "l\u00e6si", "ritun"]}, {"abbreviation": "II", "topics": ["lestur", "ritun", "r\u00f6kf\u00e6rsla"]}, {"abbreviation": "KK", "topics": ["eddukv\u00e6\u00f0i", "heimildavinna", "m\u00e1lsaga", "stafsetning og b\u00f3kmenntir"]}, {"abbreviation": "NN", "topics": ["\u00cdslenskar b\u00f3kmenntir og b\u00f3kmenntasaga til 19. aldar og ritun"]}, {"abbreviation": "VV", "topics": ["b\u00f3kmenntir og b\u00f3kmenntasaga 19. -21. aldar", "ritun"]}, {"abbreviation": "PL", "topics": ["Leikh\u00fas og leikh\u00fasb\u00f3kmenntir"]}], "_id": "50c0a02dd8e40575f7f6f4a2", "subjects": ["\u00edslenska"], "counter": {"1": 69, "3": 116, "2": 78, "4": 2}}, "evaluation": "S\u00edmat", "categorization_suggestion": "", "embedded_topics": {"abbreviation": "AL", "topics": ["Almenn m\u00e1lnotkun og l\u00e6si"]}, "status": "approved by school", "description": "Grunn\u00fe\u00e6ttir: L\u00e6si og sk\u00f6pun\n\u00cd \u00feessum \u00e1fanga er l\u00f6g\u00f0 \u00e1hersla \u00e1 l\u00e6si, ritun, tj\u00e1ningu, sk\u00f6pun og m\u00e1lnotkun. Lestur mismunandi texta s.s. bla\u00f0agreina, lj\u00f3\u00f0a, sk\u00e1ld- og sm\u00e1sagna og fj\u00f6lbreytta \u00farvinnslu. Hvetja nemendur til lesturs, efla sj\u00e1lfstraust \u00feeirra og j\u00e1kv\u00e6\u00f0a upplifun af faginu. Nemendur \u00fej\u00e1lfist \u00ed samvinnu og samr\u00e6\u00f0ulist, skiptist \u00e1 sko\u00f0unum, r\u00f6kr\u00e6\u00f0i og tj\u00e1i sig jafnt munnlega sem skriflega. L\u00f6g\u00f0 er \u00e1hersla \u00e1 lesefni sem vekur \u00e1huga og anna\u00f0 efni svo sem kvikmyndir og \u00fe\u00e6tti, auk teiknimynda og myndasagna. Nemendur \u00fej\u00e1lfist \u00ed ritun texta af \u00fdmsu tagi og \u00e6fi sig \u00ed notkun hj\u00e1lpargagna vi\u00f0 ritun. Frumkv\u00e6\u00f0i, \u00e1byrg\u00f0 og sj\u00e1lfst\u00e6\u00f0 vinnubr\u00f6g\u00f0 eru h\u00f6f\u00f0 a\u00f0 lei\u00f0arlj\u00f3si.", "knowledge_goals": ["helstu reglum sem n\u00fdtast \u00ed tal- og ritm\u00e1li", "or\u00f0afor\u00f0a umfram \u00fea\u00f0 sem t\u00ed\u00f0kast \u00ed talm\u00e1li", "mismunandi lestrara\u00f0fer\u00f0um", "nokkrum tegundum b\u00f3kmennta og nytjatexta og helstu hugt\u00f6kum sem n\u00fdtast vi\u00f0 umfj\u00f6llun um b\u00f3kmenntir og a\u00f0rar listgreinar", "\u00fdmiss konar hj\u00e1lparg\u00f6gnum og gagnlegum vefs\u00ed\u00f0um um m\u00e1l og m\u00e1lnotkun"], "skills_goals": ["skrifa fj\u00f6lbreyttan texta \u00ed samfelldu m\u00e1li me\u00f0 sk\u00fdrri framsetningu", "nota vi\u00f0eigandi hj\u00e1lparg\u00f6gn vi\u00f0 fr\u00e1gang ritsm\u00ed\u00f0a", "nota bl\u00e6brig\u00f0ar\u00edkt og vi\u00f0eigandi m\u00e1l \u00ed r\u00e6\u00f0u og riti", "draga saman a\u00f0alatri\u00f0i \u00far \u00fdmsu efni og leita s\u00e9r uppl\u00fdsinga og n\u00fdta s\u00e9r \u00fe\u00e6r til gagns", "taka saman og flytja stuttar endursagnir, l\u00fdsingar og kynningar \u00e1 afm\u00f6rku\u00f0u efni", "lesa s\u00e9r til gagns og gamans"], "credits": 5, "last_modified": 1433855663.678689, "schools": ["512351e58caa45ed97015b45"], "coauthors": [], "instructions": "", "continued_education": false, "level": 1, "prerequisites": "", "author": "efdda9c5-3399-4b65-80e2-707d6f412702", "abbreviation_version": null, "competence_goals": [["semja stutta texta me\u00f0 vi\u00f0eigandi m\u00e1lfari", ""], ["for\u00f0ast einh\u00e6fni og endurtekningar \u00ed m\u00e1lnotkun sinn", ""], ["halda uppi samr\u00e6\u00f0um og r\u00f6ksty\u00f0ja eigin sko\u00f0anir \u00e1 m\u00e1lefnalegan h\u00e1tt", ""], ["t\u00falka og tj\u00e1 sig um mismunandi efni", ""], ["auka og styrkja eigin or\u00f0afor\u00f0a og m\u00e1lh\u00e6fni t.d. me\u00f0 \u00fev\u00ed a\u00f0 n\u00fdta s\u00e9r hj\u00e1lparg\u00f6gn", ""], ["vinna a\u00f0 skapandi verkefnum \u00ed tengslum vi\u00f0 n\u00e1msefni\u00f0", ""]], "_id": "5576e6af62933a563f0003fb"}, {"exemplary": null, "topics": "M\u00e1lfr\u00e6\u00f0i, hlustun og tal", "abbreviation": "ENSK1AU05", "former_schools": null, "subject": "enska", "title": "M\u00e1lfr\u00e6\u00f0i, hlustun og tal", "version": 75, "status_trans": "Sam\u00feykkt af sk\u00f3la", "embedded_subject": {"abbreviation": "ENSK", "topics": [{"abbreviation": "GS", "topics": ["grunnatri\u00f0i", "samt\u00f6l"]}, {"abbreviation": "OO", "topics": ["or\u00f0ab\u00f3k", "or\u00f0afor\u00f0i"]}, {"abbreviation": "MM", "topics": ["myndas\u00f6gur", "myndb\u00f6nd"]}, {"abbreviation": "TL", "topics": ["lagatextar", "t\u00f3nlist"]}, {"abbreviation": "FR", "topics": ["ferilsverkefni", "ritunarverkefni"]}, {"abbreviation": "TS", "topics": ["myndm\u00e1l", "ritger\u00f0", "st\u00edlar", "textar"]}, {"abbreviation": "RH", "topics": ["hlustun", "m\u00e1lnotkun", "undirst\u00f6\u00f0uatri\u00f0i \u00ed ritun"]}, {"abbreviation": "SM", "topics": ["m\u00fas\u00edk og myndir 1950-70", "s\u00f6gur"]}, {"abbreviation": "BR", "topics": ["bretland"]}, {"abbreviation": "K\u00c1", "topics": ["kanada", "\u00e1stral\u00eda og n\u00fdja sj\u00e1land"]}, {"abbreviation": "SB", "topics": ["shakespeare og 19. \u00f6ldin \u00ed b\u00f3kmenntum"]}, {"abbreviation": "B\u00d3", "topics": ["b\u00f3kmenntir 20. aldar"]}, {"abbreviation": "KV", "topics": ["kvikmynda\u00e1fangi"]}, {"abbreviation": "AB", "topics": ["afr\u00edsk-amer\u00edskar b\u00f3kmenntir"]}, {"abbreviation": "U\u00c1", "topics": ["undirb\u00faningur", "\u00e1fangi"]}, {"abbreviation": "MT", "topics": ["m\u00e1lfr\u00e6\u00f0i", "tj\u00e1ning"]}, {"abbreviation": "MS", "topics": ["menning", "skapandi skrif"]}, {"abbreviation": "KR", "topics": ["kvikmyndir", "ritun"]}, {"abbreviation": "HR", "topics": ["heimildavinna", "ritger\u00f0ir"]}, {"abbreviation": "FF", "topics": ["fagm\u00e1l", "f\u00e9lagsv\u00edsinda"]}, {"abbreviation": "VE", "topics": ["enska", "vi\u00f0skipta"]}, {"abbreviation": "RE", "topics": ["enska", "raungreinar"]}, {"abbreviation": "BM", "topics": ["b\u00f3kmenntir", "m\u00e1lsaga"]}, {"abbreviation": "LB", "topics": ["b\u00f3kmenntir", "leik"]}, {"abbreviation": "UP", "topics": ["pr\u00f3f", "undirb\u00faningur"]}, {"abbreviation": "EN", "topics": ["enska fyrir fer\u00f0agreinar"]}, {"abbreviation": "FE", "topics": ["enska fyrir fer\u00f0a\u00fej\u00f3nustu"]}, {"abbreviation": "ST", "topics": ["evr\u00f3pski tungum\u00e1laramminn", "stig b1-b2"]}, {"abbreviation": "SE", "topics": ["evr\u00f3pski tungum\u00e1laramminn", "stig b2"]}, {"abbreviation": "ES", "topics": ["evr\u00f3pski tungum\u00e1laramminn", "stig b2-c1"]}, {"abbreviation": "EV", "topics": ["evr\u00f3pski tungum\u00e1laramminn", "stig c1"]}, {"abbreviation": "BF", "topics": ["b2", "evr\u00f3pski tungum\u00e1laramminn", "fer\u00f0a\u00fej\u00f3nuta"]}, {"abbreviation": "FH", "topics": ["evr\u00f3pski tungum\u00e1laramminn", "framhald", "stig c1"]}, {"abbreviation": "GR", "topics": ["grunn\u00e1fangi"]}, {"abbreviation": "FG", "topics": ["enska fyrir matv\u00e6lagreinar"]}, {"abbreviation": "LS", "topics": ["lestur", "m\u00e1lfr\u00e6\u00f0i", "or\u00f0afor\u00f0i", "skilningur"]}, {"abbreviation": "LT", "topics": ["lestur", "or\u00f0afor\u00f0i", "talm\u00e1l"]}, {"abbreviation": "BL", "topics": ["b\u00f3kmenntir", "lesskilningur", "ritun"]}, {"abbreviation": "BS", "topics": ["b\u00f3kmenntir", "menning", "saga"]}, {"abbreviation": "HA", "topics": ["hagn\u00fdtur or\u00f0afor\u00f0i. l\u00e6si \u00e1 fl\u00f3knari texta."]}, {"abbreviation": "OF", "topics": ["grunnor\u00f0afor\u00f0i fr\u00e6\u00f0a og v\u00edsinda.. menningarheimur nor\u00f0ur amer\u00edku"]}, {"abbreviation": "UN", "topics": ["undirb\u00fanings\u00e1fangi \u00ed ensku"]}, {"abbreviation": "LM", "topics": ["lestur og menning", "tj\u00e1ning"]}, {"abbreviation": "TM", "topics": ["menning", "tj\u00e1ning og skapandi skrif"]}, {"abbreviation": "MB", "topics": ["b\u00f3kmenntir", "menning og ritun"]}, {"abbreviation": "EX", "topics": ["extensive vocabulary and expression"]}, {"abbreviation": "ML", "topics": ["m\u00e1lnotkun og l\u00e6si"]}, {"abbreviation": "AA", "topics": ["akadem\u00edskur or\u00f0afor\u00f0i", "fj\u00f6lbreyttir textar", "fyrsti \u00e1fangi \u00ed ensku."]}, {"abbreviation": "YN", "topics": ["yndislestur"]}, {"abbreviation": "BB", "topics": ["akadem\u00edskur or\u00f0afor\u00f0i", "annar \u00e1fangi \u00ed ensku.", "fj\u00f6lbreyttir textar"]}, {"abbreviation": "FA", "topics": ["fagor\u00f0afor\u00f0i"]}, {"abbreviation": "AH", "topics": ["akadem\u00edskur or\u00f0afor\u00f0i", "fj\u00f6lbreyttir textar. hra\u00f0fer\u00f0 \u00ed ensku."]}, {"abbreviation": "BH", "topics": ["akadem\u00edskur or\u00f0afor\u00f0i", "fj\u00f6lbreyttir textar. \u00f6nnur hra\u00f0fer\u00f0 \u00ed ensku."]}, {"abbreviation": "EE", "topics": ["b\u00f3kmenntir", "fj\u00f6lmi\u00f0latextar."]}, {"abbreviation": "LR", "topics": ["lestur", "ritun", "tj\u00e1ning og hlustun"]}, {"abbreviation": "DD", "topics": ["b\u00f3kmenntir"]}, {"abbreviation": "M\u00c1", "topics": ["m\u00e1lfr\u00e6\u00f0i a"]}, {"abbreviation": "CC", "topics": ["b\u00f3kmenntir", "krefjandi or\u00f0afor\u00f0i", "ritun"]}, {"abbreviation": "CH", "topics": ["krefjandi or\u00f0afor\u00f0i"]}, {"abbreviation": "L\u00c9", "topics": ["l\u00e9ttlestur"]}, {"abbreviation": "OH", "topics": ["hlustun", "or\u00f0afor\u00f0i", "talm\u00e1l og ritun"]}, {"abbreviation": "LO", "topics": ["lesskilningur", "m\u00e1lfr\u00e6\u00f0i", "or\u00f0afor\u00f0i"]}, {"abbreviation": "MO", "topics": ["m\u00e1lfr\u00e6\u00f0i", "or\u00f0afor\u00f0i", "stig b1 \u00ed evr\u00f3pska tungum\u00e1larammanum"]}, {"abbreviation": "OB", "topics": ["b\u00f3kmenntir", "or\u00f0afor\u00f0i", "stig b2 \u00ed evr\u00f3pska tungum\u00e1larammanum"]}, {"abbreviation": "RB", "topics": ["b\u00f3kmenntir", "ritun"]}, {"abbreviation": "RL", "topics": ["lestur", "m\u00e1lfr\u00e6\u00f0i", "ritun og or\u00f0afor\u00f0i"]}, {"abbreviation": "SG", "topics": ["Lestur", "m\u00e1lfr\u00e6\u00f0i", "or\u00f0afor\u00f0i", "ritun", "tal"]}, {"abbreviation": "RM", "topics": ["Ritun", "b\u00f3kmenntir", "m\u00e1lnotkun"]}, {"abbreviation": "RO", "topics": ["Ritun", "b\u00f3kmenntir", "menning", "or\u00f0afor\u00f0i"]}, {"abbreviation": "SR", "topics": ["Menning", "akadem\u00edskur or\u00f0afor\u00f0i", "ritun", "saga"]}, {"abbreviation": "AE", "topics": ["Almenn akadem\u00edsk enska", "b\u00f3kmenntir", "ritun"]}, {"abbreviation": "SA", "topics": ["S\u00e9rh\u00e6f\u00f0 akadem\u00edsk enska", "b\u00f3kmenntir", "ritun"]}, {"abbreviation": "VR", "topics": ["V\u00edsindaor\u00f0afor\u00f0i", "raungreinar"]}, {"abbreviation": "VH", "topics": ["Vi\u00f0skipti", "erlend samskipti og vi\u00f0skiptah\u00e6ttir"]}, {"abbreviation": "AK", "topics": ["Kennsla", "a\u00f0sto\u00f0 vi\u00f0 nemendur", "ger\u00f0 kennsluefnis"]}, {"abbreviation": "DF", "topics": ["Kvikmyndir. Film Course."]}, {"abbreviation": "SK", "topics": ["enska fyrir fer\u00f0a\u00fej\u00f3nustu", "skapandi skrif"]}, {"abbreviation": "FT", "topics": ["lestur fr\u00e6\u00f0ilegra texta"]}, {"abbreviation": "VT", "topics": ["Lestur enskra vi\u00f0skiptatexta"]}, {"abbreviation": "RT", "topics": ["Lestur enskra raunv\u00edsindatexta"]}, {"abbreviation": "\u00cdT", "topics": ["Lestur \u00ed\u00fer\u00f3ttafr\u00e6\u00f0ilegra texta"]}, {"abbreviation": "TO", "topics": ["Tolkien"]}, {"abbreviation": "RI", "topics": ["Ritun"]}, {"abbreviation": "HL", "topics": ["Hlustun"]}, {"abbreviation": "UE", "topics": ["Undirb\u00fanings\u00e1fangi \u00ed ensku"]}, {"abbreviation": "UH", "topics": ["Undirb\u00faningur fyrir h\u00e1sk\u00f3lan\u00e1m"]}, {"abbreviation": "TJ", "topics": ["Tj\u00e1ning"]}, {"abbreviation": "OM", "topics": ["Or\u00f0afor\u00f0i", "m\u00e1lfr\u00e6\u00f0i", "m\u00e1lnotkun"]}, {"abbreviation": "TF", "topics": ["tj\u00e1ning og m\u00e1lnotkun"]}, {"abbreviation": "AM", "topics": ["Fr\u00e6\u00f0ilegur or\u00f0afor\u00f0i og Bandar\u00edkin"]}, {"abbreviation": "UK", "topics": ["Fr\u00e6\u00f0ilegur or\u00f0afor\u00f0i og Bretland"]}, {"abbreviation": "AC", "topics": ["Akadem\u00edskur or\u00f0afor\u00f0i og rauntextar"]}, {"abbreviation": "SL", "topics": ["Lestur", "menning og skrif"]}, {"abbreviation": "KK", "topics": ["Kvikmyndir og kynning"]}, {"abbreviation": "BA", "topics": ["L\u00fdsing: B\u00f3kmenntir 19. og 20.", "skrif og r\u00e6\u00f0uger\u00f0"]}, {"abbreviation": "OT", "topics": ["Or\u00f0afor\u00f0i", "ritun", "tj\u00e1ning"]}, {"abbreviation": "VM", "topics": ["V\u00edsindi og menning"]}, {"abbreviation": "BT", "topics": ["Bandar\u00edskt \u00fej\u00f3\u00f0f\u00e9lag og menning"]}, {"abbreviation": "MR", "topics": ["M\u00e1lfr\u00e6\u00f0i og ritun"]}, {"abbreviation": "LH", "topics": ["L\u00e6si \u00e1 fl\u00f3knari texta", "hagn\u00fdtur fj\u00f6lbreyttur or\u00f0afor\u00f0i"]}, {"abbreviation": "KB", "topics": ["Kvikmyndir", "b\u00f3kmenntir"]}, {"abbreviation": "OL", "topics": ["Lestur", "Menning", "M\u00e1lfr\u00e6\u00f0i", "Or\u00f0afor\u00f0i", "Ritun", "Tal"]}, {"abbreviation": "CL", "topics": ["Chic Literature and Women in Today\u2018s Society"]}, {"abbreviation": "CW", "topics": ["Creative Writing"]}, {"abbreviation": "OR", "topics": ["B\u00f3kmenntir (fj\u00f6lbreyttir textar)", "menning", "or\u00f0afor\u00f0i", "ranns\u00f3knir og ritun"]}, {"abbreviation": "OG", "topics": ["B\u00f3kmenntir", "lj\u00f3\u00f0agreining", "or\u00f0afor\u00f0i", "ritger\u00f0asm\u00ed\u00f0i og heimildavinna"]}, {"abbreviation": "BY", "topics": ["Lestur", "m\u00e1lfr\u00e6\u00f0i og m\u00e1lnotkun (byrjunar\u00e1fangi \u00ed ensku)", "ritun"]}, {"abbreviation": "DM", "topics": ["Enska Daglegt m\u00e1l"]}, {"abbreviation": "B\u00c1", "topics": ["b\u00f3kmenntir", "ritun", "tj\u00e1ning"]}, {"abbreviation": "HE", "topics": ["Hagn\u00fdt enska", "starfsbraut"]}, {"abbreviation": "RR", "topics": ["Enska \u00ed r\u00e6\u00f0u og riti"]}, {"abbreviation": "HO", "topics": ["Hagn\u00fdtur or\u00f0afor\u00f0i", "c1"]}, {"abbreviation": "FO", "topics": ["Fagor\u00f0afor\u00f0i og fer\u00f0am\u00e1l"]}, {"abbreviation": "EG", "topics": ["Enska 2 \u00e1 starfsbraut"]}, {"abbreviation": "SO", "topics": ["s\u00e9rh\u00e6f\u00f0ur or\u00f0afor\u00f0i"]}, {"abbreviation": "TR", "topics": ["Tj\u00e1ning", "or\u00f0afor\u00f0i", "ritun"]}, {"abbreviation": "\u00deS", "topics": ["\u00dej\u00f3nustust\u00f6rf"]}, {"abbreviation": "SF", "topics": ["Sagnfr\u00e6\u00f0i"]}, {"abbreviation": "T\u00d6", "topics": ["T\u00f6lvuleikir"]}, {"abbreviation": "JM", "topics": ["Fr\u00e1 hugmynd til \u00fatg\u00e1fu"]}, {"abbreviation": "MH", "topics": ["S\u00e9rh\u00e6f\u00f0 enska \u00ed myndlist og h\u00f6nnun"]}, {"abbreviation": "BO", "topics": ["B\u00f3kmenntir", "m\u00e1lfr\u00e6\u00f0i", "or\u00f0afor\u00f0i"]}, {"abbreviation": "VO", "topics": ["V\u00edsindatengdur or\u00f0afor\u00f0i"]}, {"abbreviation": "MV", "topics": ["M\u00e1lnotkun", "b\u00f3kmenntir", "vi\u00f0skipti"]}, {"abbreviation": "SV", "topics": ["m\u00e1lnotkun", "samf\u00e9lag", "vi\u00f0skipti"]}, {"abbreviation": "VI", "topics": ["m\u00e1lskilningur", "ritun", "vi\u00f0skiptaenska"]}, {"abbreviation": "EM", "topics": ["bresk menning", "b\u00f3kmenntir", "m\u00e1l"]}, {"abbreviation": "NV", "topics": ["v\u00edsindaenska"]}, {"abbreviation": "YL", "topics": ["Yndislestur"]}, {"abbreviation": "EH", "topics": ["Enska fyrir heilbrig\u00f0isgreinar"]}, {"abbreviation": "FV", "topics": ["F\u00e9lagsv\u00edsindi", "b\u00f3kmenntir"]}, {"abbreviation": "HK", "topics": ["Handrit", "kvikmyndager\u00f0"]}, {"abbreviation": "AO", "topics": ["Akadem\u00edskur or\u00f0afor\u00f0i"]}, {"abbreviation": "KS", "topics": ["Kvikmyndir og samf\u00e9lag"]}, {"abbreviation": "FB", "topics": ["Fantas\u00edub\u00f3kmenntir"]}, {"abbreviation": "MF", "topics": ["Menning og m\u00e1lfar"]}, {"abbreviation": "AF", "topics": ["Fantasy & Adventure"]}, {"abbreviation": "O\u00c1", "topics": ["Or\u00f0afor\u00f0i og \u00e1hugam\u00e1l"]}, {"abbreviation": "WP", "topics": ["Women of Centuries Past"]}, {"abbreviation": "GP", "topics": ["Girl Power"]}, {"abbreviation": "ME", "topics": ["Menning enskum\u00e6landi landa"]}, {"abbreviation": "GM", "topics": ["Dagleg m\u00e1lnotkun"]}, {"abbreviation": "H\u00c6", "topics": ["H\u00e6gfer\u00f0 I"]}, {"abbreviation": "HB", "topics": ["H\u00e6gfer\u00f0 II"]}, {"abbreviation": "ET", "topics": ["N\u00e1m og dv\u00f6l \u00ed \u00fatl\u00f6ndum. TOEFEL og SAT."]}, {"abbreviation": "MD", "topics": ["Undirb\u00fanings\u00e1fangi \u00ed ensku", "daglegt m\u00e1l", "m\u00e1lfr\u00e6\u00f0i", "starf \u00ed st\u00f3ri\u00f0ju."]}, {"abbreviation": "OD", "topics": ["Daglegt m\u00e1l", "m\u00e1lfr\u00e6\u00f0i", "or\u00f0afor\u00f0i"]}, {"abbreviation": "UF", "topics": ["Undirb\u00fainingur", "framhald"]}, {"abbreviation": "NL", "topics": ["N\u00fdsk\u00f6pun", "b\u00f3kmenntir", "listir"]}, {"abbreviation": "HT", "topics": ["Hlustun og tj\u00e1ning"]}, {"abbreviation": "LL", "topics": ["Lestur og lesskilningur"]}, {"abbreviation": "GO", "topics": ["Grunnor\u00f0afor\u00f0i"]}, {"abbreviation": "RS", "topics": ["Ritun og stafsetning"]}, {"abbreviation": "BC", "topics": ["Beonc\u00e9", "black history"]}, {"abbreviation": "VG", "topics": ["V\u00edsinda- og fagenska"]}, {"abbreviation": "BK", "topics": ["B\u00e6kur og kvikmyndir"]}, {"abbreviation": "FL", "topics": ["Fer\u00f0al\u00f6g og vi\u00f0fangsefni l\u00ed\u00f0andi stundar"]}, {"abbreviation": "XA", "topics": ["M\u00e1lskilningur", "lestur", "ritun og tj\u00e1ning"]}, {"abbreviation": "XB", "topics": ["M\u00e1lskilningur", "lestur", "ritun"]}, {"abbreviation": "XC", "topics": ["M\u00e1lskilningur", "lestur", "ritun og tal"]}, {"abbreviation": "HF", "topics": ["hagn\u00fdt enska (forn\u00e1m)"]}, {"abbreviation": "ER", "topics": ["enska \u00ed raunveruleikanum"]}, {"abbreviation": "FS", "topics": ["Fagenska \u00ed f\u00e9lagsv\u00edsindum"]}, {"abbreviation": "HS", "topics": ["Fagenska \u00ed vi\u00f0skiptum og hagfr\u00e6\u00f0i"]}, {"abbreviation": "N\u00c1", "topics": ["Fagenska \u00ed raunv\u00edsindum og t\u00e6kni"]}, {"abbreviation": "FM", "topics": ["Fagenska \u00ed fj\u00f6lmi\u00f0lum og marka\u00f0sfr\u00e6\u00f0i"]}, {"abbreviation": "TV", "topics": ["Fagenska \u00ed t\u00e6kni og v\u00edsindum"]}, {"abbreviation": "YE", "topics": ["Yndislestur \u00e1 ensku"]}, {"abbreviation": "GF", "topics": ["hlustun og tj\u00e1ning", "l\u00e6si", "ritun"]}, {"abbreviation": "UB", "topics": ["l\u00e6si", "ritun og hlustun", "tj\u00e1ning"]}, {"abbreviation": "\u00c1\u00c1", "topics": ["b\u00f3kmenntir", "f\u00e6rni", "lestur", "ritun"]}, {"abbreviation": "TT", "topics": ["Tungum\u00e1l", "T\u00f3mstundir"]}, {"abbreviation": "KT", "topics": ["Enska"]}, {"abbreviation": "WW", "topics": ["Enska 8 \u00e1 starfsbraut"]}, {"abbreviation": "AL", "topics": ["enska sem alheims m\u00e1l"]}, {"abbreviation": "AU", "topics": ["M\u00e1lfr\u00e6\u00f0i", "hlustun og tal"]}], "_id": "50c0a02dd8e40575f7f6f488", "subjects": ["enska"], "counter": {"1": 71, "3": 54, "2": 57, "4": 1}}, "evaluation": "", "categorization_suggestion": "", "embedded_topics": {"abbreviation": "AU", "topics": ["M\u00e1lfr\u00e6\u00f0i", "hlustun og tal"]}, "status": "approved by school", "description": "S\u00e9rst\u00f6k \u00e1hersla er l\u00f6g\u00f0 \u00e1 a\u00f0 \u00fej\u00e1lfa nemendur \u00ed daglegri notkun tungum\u00e1lsins.  Undirst\u00f6\u00f0uatri\u00f0i enskrar m\u00e1lfr\u00e6\u00f0i eru rifju\u00f0 upp. Unnar eru \u00e6fingar \u00fear a\u00f0 l\u00fatandi til a\u00f0 styrkja \u00feekkingu nemenda. Lesnar eru einfaldar t\u00edmaritsgreinar  sem sn\u00faa a\u00f0 vi\u00f0skiptum. \u00cd \u00e1fanganum eru markvissar hlustunar\u00e6fingar og enskt  talm\u00e1l \u00e6ft m.a. \u00ed tengslum vi\u00f0 lestrar- og hlustunarefni. \u00c1hersla er l\u00f6g\u00f0 \u00e1 a\u00f0 auka sj\u00e1lfstraust nemenda og \u00f6ryggi \u00ed \u00fev\u00ed a\u00f0 tj\u00e1 sig \u00e1 ensku. \n\u00deegar l\u00ed\u00f0ur \u00e1 \u00f6nnina beinist val n\u00e1msefnisins a\u00f0 \u00fev\u00ed a\u00f0 kenna hagn\u00fdtan or\u00f0afor\u00f0a sem gagnast \u00ed v\u00e6ntanlegu starfsumhverfi (skrifstofu- og vi\u00f0skiptaenska). Nemendum er kennd undirst\u00f6\u00f0uatri\u00f0in \u00ed ritun og uppsetningu formlegs ensks texta og kennt a\u00f0 nota lei\u00f0r\u00e9ttingarforrit \u00ed ritvinnslu. Nemendur tileinka s\u00e9r  hagn\u00fdtan or\u00f0afor\u00f0a og uppl\u00fdsingar sem n\u00fdtast \u00feeim \u00ed atvinnul\u00edfinu.\n", "knowledge_goals": ["flokka grundvallarhugt\u00f6k sem notu\u00f0 eru \u00ed enskri m\u00e1lfr\u00e6\u00f0i.", "lesa s\u00e9r til gagns og \u00e1n\u00e6gju l\u00e9tta vi\u00f0skiptatengda texta.", "flokka og bera saman helstu r\u00e9ttritunarreglur \u00ed ensku"], "skills_goals": ["beita vi\u00f0eigandi m\u00e1lfr\u00e6\u00f0ireglum.", "tj\u00e1 sig um kunnuleg m\u00e1lefni.", "nota lei\u00f0r\u00e9ttingarforrit", "skrifa einf\u00f6ld vi\u00f0skiptatengd fyrirm\u00e6li."], "credits": 5, "last_modified": 1519655895.521185, "schools": ["512351e58caa45ed97015b45"], "coauthors": null, "instructions": "", "continued_education": false, "level": 1, "prerequisites": "", "author": "a8fccac6-2da4-4dec-9e22-02bd9a2c97be", "abbreviation_version": null, "competence_goals": [["leggja mat \u00e1 or\u00f0aval \u00ed ritun.", ""]], "_id": "5a941bd7110a180474000fc8"}, {"exemplary": null, "topics": "Undirst\u00f6\u00f0ur atri\u00f0i uppl\u00fdsingat\u00e6kni", "abbreviation": "N\u00c1T\u00d61UT03", "former_schools": null, "subject": "N\u00e1m og t\u00f6lvur", "title": "N\u00e1m og t\u00f6lvur", "version": 1, "status_trans": "Sam\u00feykkt af sk\u00f3la", "embedded_subject": {"abbreviation": "N\u00c1T\u00d6", "topics": [{"abbreviation": "UT", "topics": ["Undirst\u00f6\u00f0ur atri\u00f0i uppl\u00fdsingat\u00e6kni"]}], "_id": "558beb4f62933a24fe002ab9", "subjects": ["N\u00e1m og t\u00f6lvur"], "counter": {"1": 0, "3": 0, "2": 0, "4": 0}}, "evaluation": "", "categorization_suggestion": "", "embedded_topics": {"abbreviation": "UT", "topics": ["Undirst\u00f6\u00f0ur atri\u00f0i uppl\u00fdsingat\u00e6kni"]}, "status": "approved by school", "description": "\u00cd \u00e1fanganum eru kennd undirst\u00f6\u00f0uatri\u00f0i \u00ed notkun \u00e1 t\u00f6lvum og uppl\u00fdsingat\u00e6kni. L\u00f6g\u00f0 er \u00e1hersla \u00e1 a\u00f0 nemendur l\u00e6ri \u00e1 \u00feau verkf\u00e6ri sem notu\u00f0 eru \u00ed kennslu og l\u00e6ri a\u00f0 n\u00fdta s\u00e9r interneti\u00f0 til gagna\u00f6flunar. Nemendur fr\u00e1 \u00fej\u00e1lfun \u00ed algengustu verkf\u00e6rum,  s.s. ritvinnslu, t\u00f6flureikni og t\u00f6lvup\u00f3sti, me\u00f0fer\u00f0 heimilda, geymslu gagna, myndbandsger\u00f0 og n\u00e1msumsj\u00f3nakerfi sk\u00f3la. Einnig er fari\u00f0 \u00ed samskiptareglur \u00e1 internetinu. ", "knowledge_goals": ["notagildi uppl\u00fdsingat\u00e6kni", "notagildi helstu t\u00f6lvuforrita"], "skills_goals": ["beita mismunandi hugb\u00fana\u00f0i vi\u00f0 mi\u00f0lun \u00e1 verkefnum, ritger\u00f0um og sk\u00fdrslum", "setja fram og kynna lausnir \u00e1 afm\u00f6rku\u00f0um verkefnum s.s. a\u00f0 reikna \u00fat kostna\u00f0, framleg\u00f0", "gera \u00e1\u00e6tlun um innkaup og setja upp s\u00falurit", "setja upp st\u00e6rri skj\u00f6l me\u00f0 fors\u00ed\u00f0u, efnisyfirliti, tilvitnunum og heimildaskr\u00e1"], "credits": 3, "last_modified": 1435313267.590415, "schools": ["512351e58caa45ed97015b45"], "coauthors": null, "instructions": "", "continued_education": false, "level": 1, "prerequisites": "", "author": "98dc5c95-3d85-423f-86d4-24e8cb5d4d1e", "abbreviation_version": null, "competence_goals": [["skipuleggja \u00farvinnslu verkefna sem einstaklingur e\u00f0a \u00ed h\u00f3p", ""], ["nota uppl\u00fdsingat\u00e6kni, t\u00f6lvukunn\u00e1ttu og st\u00e6r\u00f0fr\u00e6\u00f0i til mi\u00f0la sko\u00f0unum s\u00ednum og koma ni\u00f0urst\u00f6\u00f0um \u00e1 framf\u00e6ri.", ""]], "_id": "558d247362933a24fe002dfe"}, {"exemplary": null, "topics": "N\u00e6ringarfr\u00e6\u00f0i grunnur", "abbreviation": "N\u00c6RG2FV05", "former_schools": null, "subject": "N\u00e6ringarfr\u00e6\u00f0i, grunnur", "title": "N\u00e6ringarfr\u00e6\u00f0i, grunnur", "version": 1, "status_trans": "Sam\u00feykkt af sk\u00f3la", "embedded_subject": {"abbreviation": "N\u00c6RG", "topics": [{"abbreviation": "FV", "topics": ["N\u00e6ringarfr\u00e6\u00f0i grunnur"]}], "_id": "558be73262933a24fe002a90", "subjects": ["N\u00e6ringarfr\u00e6\u00f0i", "grunnur"], "counter": {"1": 0, "3": 0, "2": 0, "4": 0}}, "evaluation": "", "categorization_suggestion": "", "embedded_topics": {"abbreviation": "FV", "topics": ["N\u00e6ringarfr\u00e6\u00f0i grunnur"]}, "status": "approved by school", "description": "\u00cd \u00e1fanganum er fari\u00f0 \u00ed hlutverk n\u00e6ringarefna \u00ed l\u00edkamanum og hvernig komi\u00f0 er \u00ed veg fyrir n\u00e6ringarskort. Fjalla\u00f0 er um orku- og n\u00e6ringar\u00fe\u00f6rf einstaklinga og \u00fatreikningar \u00e1 orku\u00fe\u00f6rf metnir me\u00f0 tilliti til opinberra r\u00e1\u00f0legginga. Fjalla\u00f0 er um orkuefnin kolvetni, fitu og pr\u00f3tein, v\u00edtam\u00edn og steinefni. Melting og fr\u00e1sog og n\u00fdting n\u00e6ringarefna eru jafnframt sko\u00f0u\u00f0.\nFjalla\u00f0 er um n\u00e6ringar\u00fearfir s\u00e9rstakra h\u00f3pa, s.s. barna, unglinga, aldra\u00f0ra og \u00ed\u00fer\u00f3ttaf\u00f3lks. Einnig er fjalla\u00f0 um algengt s\u00e9rf\u00e6\u00f0i m.a. f\u00e6\u00f0utegundir sem geta valdi\u00f0 ofn\u00e6mi og \u00f3\u00feolsvi\u00f0br\u00f6g\u00f0um . Fjalla\u00f0 er um f\u00e6\u00f0utengdar r\u00e1\u00f0leggingar til \u00cdslendinga, tilgang og ni\u00f0urst\u00f6\u00f0ur \u00edslenskra neyslukannana\n", "knowledge_goals": ["hlutverki n\u00e6ringarefna og \u00e1hrifum skorts \u00e1 l\u00edkamsstarfsemi", "orku- og n\u00e6ringar\u00fe\u00f6rf mismunandi h\u00f3pa, eftir aldri, l\u00edkams\u00e1standi og hreyfingu", "\u00fatreikningi fyrir orku\u00fe\u00f6rf einstaklinga", "\u00fatreikningi \u00e1 n\u00e6ringargildi m\u00e1lt\u00ed\u00f0a", "meltingu og fr\u00e1sogi n\u00e6ringarefna", "opinberum r\u00e1\u00f0leggingum og hvers vegna neyslukannanir eru lag\u00f0ar fyrir"], "skills_goals": ["greina hollt matar\u00e6\u00f0i fr\u00e1 \u00f3hollu \u00fat fr\u00e1 opinberum r\u00e1\u00f0leggingum", "nota hugt\u00f6k \u00e1fangans sem hann hefur \u00f6\u00f0last \u00feekkingu \u00e1 \u00ed r\u00e9ttu samhengi og \u00e1 r\u00f6kr\u00e9ttan h\u00e1tt", "reikna \u00fat eigin orku\u00fe\u00f6rf og n\u00e6ringarinnihald m\u00e1lt\u00ed\u00f0a"], "credits": 5, "last_modified": 1435249475.905113, "schools": ["512351e58caa45ed97015b45"], "coauthors": null, "instructions": "", "continued_education": false, "level": 2, "prerequisites": "", "author": "8ed06198-f4f1-4629-9339-7d9751d8000b", "abbreviation_version": null, "competence_goals": [["meta hollustu f\u00e6\u00f0u.", ""], ["meta orku\u00fe\u00f6rf einstaklinga", ""]], "_id": "558c2b4362933a24fe002bba"}, {"exemplary": null, "topics": "VBFM", "abbreviation": "VBFM1VA12", "former_schools": null, "subject": "Verkleg og b\u00f3kleg f\u00e6rini\u00fej\u00e1lfun \u00ed matv\u00e6lagreinum", "title": "Verkleg og b\u00f3kleg f\u00e6rni\u00fej\u00e1lfun \u00ed matv\u00e6lagreinum", "version": 4, "status_trans": "Sam\u00feykkt af sk\u00f3la", "embedded_subject": {"abbreviation": "VBFM", "topics": [{"abbreviation": "VA", "topics": ["VBFM"]}, {"abbreviation": "VB", "topics": ["Verkleg og b\u00f3kleg f\u00e6rni\u00fej\u00e1lfun \u00ed matv\u00e6lagreinum"]}], "_id": "59ee294f62933a33e900ce45", "subjects": ["Verkleg og b\u00f3kleg f\u00e6rini\u00fej\u00e1lfun \u00ed matv\u00e6lagreinum"], "counter": {"1": 2, "3": 0, "2": 0, "4": 0}}, "evaluation": "Verkefni og pr\u00f3f", "categorization_suggestion": "", "embedded_topics": {"abbreviation": "VA", "topics": ["VBFM"]}, "status": "approved by school", "description": "\u00cd framrei\u00f0slu er fari\u00f0 \u00ed \u00fej\u00e1lfun \u00e1 grunn\u00fe\u00e1ttum framrei\u00f0slustarfsins svo sem m\u00f3tt\u00f6ku og samskipti vi\u00f0 gesti. Bor\u00f0auppr\u00f6\u00f0um, \u00feekkingu \u00e1 \u00f6llum helstu hn\u00edfap\u00f6rum, munn\u00feurrkubrotum og d\u00fakast\u00e6r\u00f0um. Grunn\u00fe\u00e1ttum bor\u00f0lagningar og s\u00f6lumennsku fyrir grunnmatse\u00f0la, samkv\u00e6mt fagvenjum og framrei\u00f0slua\u00f0fer\u00f0um. Nemendum kennd umgegni vi\u00f0 mismunandi b\u00fana\u00f0 tengt framrei\u00f0slustarfinu og fr\u00e1gang \u00e1 honum a\u00f0 notkun lokinni. Nemendur kynnast fyrirskur\u00f0i-og eldsteikingingu, vinnu \u00ed v\u00ednst\u00faku \u00e1halda\u00feekkingu og a\u00f0fer\u00f0afr\u00e6\u00f0i starfs framrei\u00f0slumanna. \n\u00cd matrei\u00f0slu er fari\u00f0 yfir allar steikingar og su\u00f0u a\u00f0fer\u00f0ir. Fari\u00f0 er yfir notkun og umgengni \u00e1 \u00f6llum helstu t\u00e6kjum \u00ed eldh\u00fasi. Nemandi b\u00fdr til so\u00f0 og fer yfir \u00fe\u00e1 verkferla sem sn\u00faa a\u00f0 so\u00f0ger\u00f0 \u00e1samt kynningu grunns\u00f3sum. \u00cd \u00e1fanganum er fari\u00f0 \u00ed gegnum innra eftirlit HACCP og hvernig teki\u00f0 er \u00e1 m\u00f3ti v\u00f6rum og nemendum ger\u00f0 grein n\u00fdtingu og r\u00fdrnun . Nemandanum er fylgt eftir \u00ed pers\u00f3nulegu hreinl\u00e6ti og kl\u00e6\u00f0arbur\u00f0i sem hentar hverju sinni. Einnig er l\u00f6g\u00f0 \u00e1hersla \u00e1 fr\u00e1gang matv\u00e6la og matv\u00e6la\u00f6ryggi. \u00cd \u00e1fanganum er fari\u00f0 \u00ed grunnn a\u00f0fer\u00f0afr\u00e6\u00f0i \u00ed eftirr\u00e9ttager\u00f0. Fari\u00f0 er yfir beitingu hn\u00edfa og helstu skur\u00f0i \u00e1 gr\u00e6nmeti.\nNemendum ger\u00f0 grein fyrir si\u00f0areglum \u00ed matv\u00e6lagreinum.\n", "knowledge_goals": ["starfi framrei\u00f0slu- og matrei\u00f0slumanna og \u00fev\u00ed umhverfi sem st\u00f6rfin fara fram \u00ed pers\u00f3nulegu hreinl\u00e6ti og gildi \u00feess \u00ed matv\u00e6lagreinum", "hva\u00f0 felst \u00ed st\u00f6rfum framrei\u00f0slu- og matrei\u00f0slumanna og m\u00f6guleikum sem \u00feau bj\u00f3\u00f0a upp \u00e1 til frekara starfs", "\u00e1h\u00f6ldum og t\u00e6kjum sem notu\u00f0 eru \u00ed fer\u00f0a- og matv\u00e6lagreinunum og notkunarm\u00f6guleika \u00feeirra", "g\u00f3\u00f0um si\u00f0um er var\u00f0a umgengni vi\u00f0 gesti og samstarfsf\u00f3lk", "grunn\u00fe\u00e1ttum \u00ed framrei\u00f0slu mismunandi r\u00e9tta \u00e1 veitingasta\u00f0", "grunn\u00fe\u00e1ttum \u00ed eldun einfaldra r\u00e9tta \u00ed samr\u00e6mi vi\u00f0 verklagsreglur", "notkun uppskrifta og uppskriftab\u00f3ka \u00ed matrei\u00f0slu", "r\u00e9ttindum og skyldum starfsmanna", "innkaupum matvara og annarra a\u00f0fanga"], "skills_goals": ["leggja l\u00edn \u00e1 bor\u00f0 og brj\u00f3ta munn\u00feurrkur", "annast grunnbor\u00f0lagningu", "elda og framrei\u00f0a einfalda h\u00e1degisver\u00f0arr\u00e9tti", "vinna einf\u00f6ld verkefni \u00ed framrei\u00f0slu og matrei\u00f0slu", "umgangast t\u00e6ki sem notu\u00f0 eru \u00ed veitingasal, eldh\u00fasum veitingasta\u00f0a og kunna r\u00e9tta notkun \u00feeirra", "notkun \u00e1 mismunandi hn\u00edfum vi\u00f0 st\u00f6rf \u00ed matrei\u00f0slu", "skera gr\u00e6nmeti fyrir mismunandi r\u00e9tti", "grunnverkun \u00e1 fiski, beinhreinsun og ro\u00f0flettingu", "matrei\u00f0a s\u00fapur og s\u00f3sur fr\u00e1 grunni", "ra\u00f0a mat \u00e1 matarfat og diska eftir r\u00e9ttum faglegum hef\u00f0um", "binda upp kj\u00f6t fyrir steikingu", "umgangast gesti og samstarf\u00f3lk vi\u00f0 st\u00f6rf \u00ed matv\u00e6lagreinum", "a\u00f0 leita hagst\u00e6\u00f0ra innkaupa \u00e1 matv\u00f6rum", "a\u00f0 \u00feekkja r\u00e9ttindi og skyldur starfsmanna \u00e1 vinnusta\u00f0"], "credits": 12, "last_modified": 1528185887.535386, "schools": ["512351e58caa45ed97015b45"], "coauthors": null, "instructions": "", "continued_education": false, "level": 1, "prerequisites": "A\u00f0 hafa loki\u00f0 grunnsk\u00f3lapr\u00f3fi", "author": "98dc5c95-3d85-423f-86d4-24e8cb5d4d1e", "abbreviation_version": null, "competence_goals": [["afla s\u00e9r frekari \u00feekkingar \u00ed fer\u00f0a- og matv\u00e6lagreinum", ""], ["geta unni\u00f0 einf\u00f6ld grunnst\u00f6rf \u00ed framrei\u00f0slu og matrei\u00f0slu", ""], ["hafa skilning \u00e1 \u00fev\u00ed til hvers er \u00e6tlast \u00ed st\u00f6rfum framrei\u00f0slu- og matrei\u00f0sluf\u00f3lks", ""], ["vinna me\u00f0 helstu \u00e1h\u00f6ld og t\u00e6ki sem notu\u00f0 eru vi\u00f0 st\u00f6rf \u00ed framrei\u00f0slu og matrei\u00f0slu", ""], ["a\u00f0 hafa \u00feekkingu \u00e1 magnt\u00f6ku hr\u00e1efnis og  hagkv\u00e6mni \u00ed innkaupum", ""], ["g\u00e6ta a\u00f0 eigin hreinl\u00e6ti og \u00fev\u00ed hreinl\u00e6ti sem kr\u00f6fur eru ger\u00f0ar um \u00ed matv\u00e6lagreinum, (HACCP)", ""], ["\u00feekkja  hlutverk fyrirt\u00e6kja gagnvart starfsm\u00f6nnum m.t.t. kjaram\u00e1la", ""]], "_id": "5b16441f3dde530476008858"}, {"exemplary": null, "topics": "Verkleg og b\u00f3kleg f\u00e6rni\u00fej\u00e1lfun \u00ed matv\u00e6lagreinum", "abbreviation": "VBFM1VB12", "former_schools": null, "subject": "Verkleg og b\u00f3kleg f\u00e6rini\u00fej\u00e1lfun \u00ed matv\u00e6lagreinum", "title": "Verkleg og b\u00f3kleg f\u00e6rni\u00fej\u00e1lfun \u00ed matv\u00e6lagreinum", "version": 3, "status_trans": "Sam\u00feykkt af sk\u00f3la", "embedded_subject": {"abbreviation": "VBFM", "topics": [{"abbreviation": "VA", "topics": ["VBFM"]}, {"abbreviation": "VB", "topics": ["Verkleg og b\u00f3kleg f\u00e6rni\u00fej\u00e1lfun \u00ed matv\u00e6lagreinum"]}], "_id": "59ee294f62933a33e900ce45", "subjects": ["Verkleg og b\u00f3kleg f\u00e6rini\u00fej\u00e1lfun \u00ed matv\u00e6lagreinum"], "counter": {"1": 2, "3": 0, "2": 0, "4": 0}}, "evaluation": "Verkefni og pr\u00f3f", "categorization_suggestion": "", "embedded_topics": {"abbreviation": "VB", "topics": ["Verkleg og b\u00f3kleg f\u00e6rni\u00fej\u00e1lfun \u00ed matv\u00e6lagreinum"]}, "status": "approved by school", "description": "\u00cd bakstri er fjalla\u00f0 um grunnhr\u00e1efni \u00ed bakstri og undirst\u00f6\u00f0ur atri\u00f0i brau\u00f0- og k\u00f6kuger\u00f0ar. Nemendur fr\u00e6\u00f0ast um eiginleika og \u00e1hrif mj\u00f6ls, korns, fitu, mj\u00f3lkur, eggja, sykurs, gers og salts. Fjalla\u00f0 er um g\u00e6\u00f0i hr\u00e1efnisins og \u00fe\u00fd\u00f0ingu \u00feess fyrir v\u00f6runa og framlei\u00f0slu hennar og mikilv\u00e6gi n\u00e1kv\u00e6mni \u00feegar unni\u00f0 er eftir uppskriftum. \u00c1hersla er l\u00f6g\u00f0 \u00e1 grundvallaratri\u00f0i \u00ed vinnslu mismunandi deigtegunda. Nemendur f\u00e1 tils\u00f6gn vi\u00f0 uppr\u00f6\u00f0un \u00e1 v\u00f6rum \u00ed s\u00f6lubor\u00f0 \u00ed bakar\u00edum. Nemendur l\u00e6ra um mikilv\u00e6gi hreinl\u00e6tis vi\u00f0 me\u00f0h\u00f6ndlun og geymslu hr\u00e1efna og er str\u00f6ngustu hreinl\u00e6tiskr\u00f6fum fylgt vi\u00f0 vinnu svo og eigin heinl\u00e6tis eftir kr\u00f6fum HACCP. \n\u00cd kj\u00f6ti\u00f0n kynnast nemendur uppbyggingu mismunandi v\u00f6\u00f0va, heiti og n\u00fdtingu \u00feeirra. \u00deeir f\u00e1 tils\u00f6gn \u00ed gr\u00f3f \u2013 og f\u00ednhlutunara\u00f0fer\u00f0ir \u00e1 skrokkum sl\u00e1turd\u00fdra, \u00e1samt n\u00fdtingarm\u00f6guleikum, s\u00fdrustigsm\u00e6lingu og meyrnunarferli. Kenndir eru grunn\u00fe\u00e6ttir vi\u00f0 m\u00f3tt\u00f6ku til fullunninnar v\u00f6ru og einnig helstu \u00e1herslur vi\u00f0 s\u00f6ltun, marineringu og hlutunara\u00f0fer\u00f0ir sl\u00e1turd\u00fdra. Nemendur f\u00e1 tils\u00f6gn \u00ed vi\u00f0urkenndum a\u00f0fer\u00f0um vi\u00f0 uppr\u00f6\u00f0un \u00ed kj\u00f6tbor\u00f0. Fari\u00f0 er s\u00e9rstaklega yfir geymslua\u00f0fer\u00f0ir \u00e1 kj\u00f6ti og mikilv\u00e6gi skr\u00e1ningar \u00e1 \u00f6llu sem hefur \u00e1hrif \u00e1 me\u00f0fer\u00f0, geymslu\u00feol, \u00fatlit, brag\u00f0 og hollustu.. \u00cd \u00e1fanganum er fari\u00f0 yfir r\u00fdrnun og framleg\u00f0 og hvernig ver\u00f0 \u00e1 v\u00f6rum er \u00e1kve\u00f0in. Einnig er fari\u00f0 yfir l\u00f6g og regluger\u00f0ir um p\u00f6kkun og merkingu matv\u00e6la, og me\u00f0fer\u00f0 v\u00e9la og verkf\u00e6ra sem notu\u00f0 eru \u00ed kj\u00f6ti\u00f0na\u00f0i. Fylgt er hreinl\u00e6tiskr\u00f6fum HACCP.\nNemendum ger\u00f0 grein fyrir si\u00f0areglum \u00ed matv\u00e6lagreinum.\n", "knowledge_goals": ["starfi framrei\u00f0slu- og matrei\u00f0slumanna og \u00fev\u00ed umhverfi sem st\u00f6rfin fara fram \u00ed pers\u00f3nulegu hreinl\u00e6ti og gildi \u00feess \u00ed matv\u00e6lagreinum", "hva\u00f0 felst \u00ed st\u00f6rfum framrei\u00f0slu- og matrei\u00f0slumanna og m\u00f6guleikum sem \u00feau bj\u00f3\u00f0a upp \u00e1 til frekara starfs", "\u00e1h\u00f6ldum og t\u00e6kjum sem notu\u00f0 eru \u00ed fer\u00f0a- og matv\u00e6lagreinunum og notkunarm\u00f6guleika \u00feeirra", "g\u00f3\u00f0um si\u00f0um er var\u00f0a umgengni vi\u00f0 gesti og samstarfsf\u00f3lk", "grunn\u00fe\u00e1ttum \u00ed framrei\u00f0slu mismunandi r\u00e9tta \u00e1 veitingasta\u00f0", "grunn\u00fe\u00e1ttum \u00ed eldun einfaldra r\u00e9tta \u00ed samr\u00e6mi vi\u00f0 verklagsreglur", "notkun uppskrifta og uppskriftab\u00f3ka \u00ed matrei\u00f0slu", "r\u00e9ttindum og skyldum starfsmanna", "innkaupum matvara og annarra a\u00f0fanga"], "skills_goals": ["leggja l\u00edn \u00e1 bor\u00f0 og brj\u00f3ta munn\u00feurrkur", "annast grunnbor\u00f0lagningu", "elda og framrei\u00f0a einfalda h\u00e1degisver\u00f0arr\u00e9tti", "vinna einf\u00f6ld verkefni \u00ed framrei\u00f0slu og matrei\u00f0slu", "umgangast t\u00e6ki sem notu\u00f0 eru \u00ed veitingasal, eldh\u00fasum veitingasta\u00f0a og kunna r\u00e9tta notkun \u00feeirra", "notkun \u00e1 mismunandi hn\u00edfum vi\u00f0 st\u00f6rf \u00ed matrei\u00f0slu", "skera gr\u00e6nmeti fyrir mismunandi r\u00e9tti", "grunnverkun \u00e1 fiski, beinhreinsun og ro\u00f0flettingu", "matrei\u00f0a s\u00fapur og s\u00f3sur fr\u00e1 grunni", "ra\u00f0a mat \u00e1 matarfat og diska eftir r\u00e9ttum faglegum hef\u00f0um", "binda upp kj\u00f6t fyrir steikingu", "umgangast gesti og samstarf\u00f3lk vi\u00f0 st\u00f6rf \u00ed matv\u00e6lagreinum", "a\u00f0 leita hagst\u00e6\u00f0ra innkaupa \u00e1 matv\u00f6rum", "a\u00f0 \u00feekkja r\u00e9ttindi og skyldur starfsmanna \u00e1 vinnusta\u00f0"], "credits": 12, "last_modified": 1528185968.163856, "schools": ["512351e58caa45ed97015b45"], "coauthors": null, "instructions": "", "continued_education": false, "level": 1, "prerequisites": "A\u00f0 hafa loki\u00f0 grunnsk\u00f3lapr\u00f3fi", "author": "98dc5c95-3d85-423f-86d4-24e8cb5d4d1e", "abbreviation_version": null, "competence_goals": [["afla s\u00e9r frekari \u00feekkingar \u00ed fer\u00f0a- og matv\u00e6lagreinum", ""], ["geta unni\u00f0 einf\u00f6ld grunnst\u00f6rf \u00ed framrei\u00f0slu og matrei\u00f0slu", ""], ["hafa skilning \u00e1 \u00fev\u00ed til hvers er \u00e6tlast \u00ed st\u00f6rfum framrei\u00f0slu- og matrei\u00f0sluf\u00f3lks", ""], ["vinna me\u00f0 helstu \u00e1h\u00f6ld og t\u00e6ki sem notu\u00f0 eru vi\u00f0 st\u00f6rf \u00ed framrei\u00f0slu og matrei\u00f0slu", ""], ["a\u00f0 hafa \u00feekkingu \u00e1 magnt\u00f6ku hr\u00e1efnis og  hagkv\u00e6mni \u00ed innkaupum", ""], ["g\u00e6ta a\u00f0 eigin hreinl\u00e6ti og \u00fev\u00ed hreinl\u00e6ti sem kr\u00f6fur eru ger\u00f0ar um \u00ed matv\u00e6lagreinum, (HACCP)", ""], ["\u00feekkja  hlutverk fyrirt\u00e6kja gagnvart starfsm\u00f6nnum m.t.t. kjaram\u00e1la", ""]], "_id": "5b1644703dde530476008860"}, {"exemplary": null, "topics": "V\u00deVM", "abbreviation": "V\u00deVM1MG02", "former_schools": null, "subject": "Verkleg \u00fej\u00e1lfun \u00e1 vinnusta\u00f0", "title": "Verkleg \u00fej\u00e1flun \u00e1 vinnusta\u00f0 ", "version": 2, "status_trans": "Sam\u00feykkt af sk\u00f3la", "embedded_subject": {"abbreviation": "V\u00deVM", "topics": [{"abbreviation": "MG", "topics": ["V\u00deVM"]}], "_id": "59ee2d9c62933a33e900ce96", "subjects": ["Verkleg \u00fej\u00e1lfun \u00e1 vinnusta\u00f0"], "counter": {"1": 1, "3": 0, "2": 0, "4": 0}}, "evaluation": "", "categorization_suggestion": "", "embedded_topics": {"abbreviation": "MG", "topics": ["V\u00deVM"]}, "status": "approved by school", "description": "Nemendur kynnast st\u00f6rfum \u00ed matrei\u00f0slu og framrei\u00f0slu \u00e1 vinnust\u00f6\u00f0um og \u00ed atvinnul\u00edfi, \u00ed hverju st\u00f6rfin eru f\u00f3lgin og vi\u00f0 hva\u00f0a a\u00f0st\u00e6\u00f0ur \u00feau fara fram. Kynnt er fyrir nemendum mikilv\u00e6gi samskipta vi\u00f0  samstarfsf\u00f3lk og vi\u00f0skiptavini.  Nemendur f\u00e1 verklega \u00fej\u00e1lfun \u00ed helstu grunn\u00fe\u00e1ttum starfa \u00ed matv\u00e6la- og fer\u00f0agreinum.", "knowledge_goals": ["mismunandi st\u00f6rfum \u00ed matv\u00e6la- og fer\u00f0agreinum, \u00ed hverju \u00feau eru f\u00f3lgin og hvar \u00feau fara fram", "fj\u00f6lbreytni starfa \u00ed matv\u00e6la- og fer\u00f0agreinum", "hvernig n\u00e1v\u00edgi vi\u00f0 vi\u00f0skiptavini er h\u00e1tta\u00f0 \u00ed st\u00f6rfum \u00ed matv\u00e6la- og fer\u00f0agreinum"], "skills_goals": ["vinna vi\u00f0 mismunandi st\u00f6rf \u00ed matv\u00e6la- og fer\u00f0agreinum", "breg\u00f0ast vi\u00f0 \u00feeim kr\u00f6fum sem ger\u00f0ar eru til starfa \u00ed matv\u00e6la- og fer\u00f0agreinum", "umgangast vi\u00f0skiptavini \u00e1 faglegan og vi\u00f0urkenndan h\u00e1tt", "annast helstu grunnst\u00f6rf \u00ed matv\u00e6la- og fer\u00f0agreinum"], "credits": 2, "last_modified": 1528186192.99078, "schools": ["512351e58caa45ed97015b45"], "coauthors": null, "instructions": "", "continued_education": false, "level": 1, "prerequisites": "A\u00f0 hafa loki\u00f0 grunnsk\u00f3lapr\u00f3fi.", "author": "98dc5c95-3d85-423f-86d4-24e8cb5d4d1e", "abbreviation_version": null, "competence_goals": [["takast \u00e1 vi\u00f0 margbreytileg st\u00f6rf \u00ed matv\u00e6la- og fer\u00f0agreinum", ""], ["umgangast vi\u00f0skiptavini \u00e1 vi\u00f0urkenndan h\u00e1tt", ""], ["vinna vi\u00f0 \u00f6ll grunnst\u00f6rf er tengjast matv\u00e6la- og fer\u00f0agreinum og gera s\u00e9r grein fyrir \u00feeim kr\u00f6fum sem ger\u00f0ar eru til starfsmanna", ""]], "_id": "5b1645503dde53047600886a"}, {"exemplary": null, "topics": "almennar \u00ed\u00fer\u00f3ttir A", "abbreviation": "\u00cd\u00deR\u00d31AA01", "former_schools": null, "subject": "\u00ed\u00fer\u00f3ttir", "title": "\u00cd\u00fer\u00f3ttir 1", "version": 111, "status_trans": "Sam\u00feykkt af sk\u00f3la", "embedded_subject": {"abbreviation": "\u00cd\u00deR\u00d3", "topics": [{"abbreviation": "\u00deK", "topics": ["kraftur", "styrkur", "\u00feol"]}, {"abbreviation": "GL", "topics": ["grunn\u00fe\u00e6ttir \u00ed almennri l\u00edkams- og heilsur\u00e6kt"]}, {"abbreviation": "GH", "topics": ["grunn\u00fe\u00e6ttir \u00ed almennri heilsu- og l\u00edkamsr\u00e6kt"]}, {"abbreviation": "LC", "topics": ["l\u00edkams- og heilsur\u00e6kt"]}, {"abbreviation": "LD", "topics": ["framhald", "l\u00edkams- og heilsur\u00e6kt"]}, {"abbreviation": "AL", "topics": ["almenn l\u00edkams- og heilsur\u00e6kt e\u00f0a \u00fativist"]}, {"abbreviation": "AH", "topics": ["almenn heilsu- og l\u00edkamsr\u00e6kt e\u00f0a \u00fativist"]}, {"abbreviation": "HR", "topics": ["heilsur\u00e6kt"]}, {"abbreviation": "HH", "topics": ["hreyfing og heilsur\u00e6kt"]}, {"abbreviation": "L\u00cd", "topics": ["l\u00edkamsr\u00e6kt"]}, {"abbreviation": "KN", "topics": ["knattspyrna"]}, {"abbreviation": "KK", "topics": ["k\u00f6rfuknattleikur"]}, {"abbreviation": "BA", "topics": ["badminton"]}, {"abbreviation": "BL", "topics": ["blak"]}, {"abbreviation": "HL", "topics": ["almenn heilsu- og l\u00edkamsr\u00e6kt"]}, {"abbreviation": "LA", "topics": ["almenn heilsu- og l\u00edkamsr\u00e6kt me\u00f0 \u00e1herslu \u00e1 styrk", "l\u00edkamsbeitingu og snerpu"]}, {"abbreviation": "LN", "topics": ["l\u00edfst\u00edll", "n\u00e6ring"]}, {"abbreviation": "M\u00de", "topics": ["markmi\u00f0asetning", "\u00fej\u00e1lfunar\u00e1\u00e6tlanir"]}, {"abbreviation": "SK", "topics": ["skipul\u00f6g\u00f0 hreyfing"]}, {"abbreviation": "S\u00cd", "topics": ["skipul\u00f6g\u00f0 hreyfing framhald", "\u00ed\u00fer\u00f3ttir"]}, {"abbreviation": "LS", "topics": ["l\u00edkamsbeiting og snerpa", "styrkur"]}, {"abbreviation": "U\u00de", "topics": ["upphitun", "\u00feol\u00fej\u00e1lfun"]}, {"abbreviation": "SL", "topics": ["li\u00f0leiki", "l\u00edkamsbeiting", "styrkur", "\u00ed\u00fer\u00f3ttamei\u00f0sli"]}, {"abbreviation": "SS", "topics": ["samh\u00e6fing", "snerpa"]}, {"abbreviation": "LH", "topics": ["heilsa", "l\u00edfsst\u00edll"]}, {"abbreviation": "HA", "topics": ["almenn l\u00edkams og heilsur\u00e6kt", "hreyfing", "likamsr\u00e6ktarsalur"]}, {"abbreviation": "B\u00cd", "topics": ["bolta\u00ed\u00fer\u00f3ttir", "l\u00edffr\u00e6\u00f0i hreyfingar"]}, {"abbreviation": "\u00daH", "topics": ["hreyfing", "j\u00e1kv\u00e6\u00f0 upplifun", "sj\u00e1lfstyrking", "\u00dativist"]}, {"abbreviation": "\u00daF", "topics": ["g\u00f6ngufer\u00f0ir \u00e1 fj\u00f6ll", "hreyfing", "\u00fativist"]}, {"abbreviation": "B\u00dd", "topics": ["Band\u00fd"]}, {"abbreviation": "GA", "topics": ["Ganga"]}, {"abbreviation": "SU", "topics": ["Sund"]}, {"abbreviation": "\u00cdS", "topics": ["starfsbraut", "\u00ed\u00fer\u00f3ttir"]}, {"abbreviation": "LB", "topics": ["L\u00edkamsr\u00e6kt", "hreyfing", "li\u00f0leiki", "styrking"]}, {"abbreviation": "A\u00cd", "topics": ["Almennar \u00ed\u00fer\u00f3ttir"]}, {"abbreviation": "BG", "topics": ["Grunnur a\u00f0 l\u00edkamsr\u00e6kt 2"]}, {"abbreviation": "AG", "topics": ["Grunnur a\u00f0 l\u00edkamsr\u00e6kt A"]}, {"abbreviation": "\u00cdC", "topics": ["L\u00edkamsr\u00e6kt og heilsa A"]}, {"abbreviation": "\u00cdD", "topics": ["L\u00edkamsr\u00e6kt og heilsa B"]}, {"abbreviation": "\u00cdF", "topics": ["Almenn heilsur\u00e6kt B"]}, {"abbreviation": "AA", "topics": ["almennar \u00ed\u00fer\u00f3ttir A"]}, {"abbreviation": "AB", "topics": ["Almennar \u00ed\u00fer\u00f3ttir B"]}, {"abbreviation": "AC", "topics": ["Almennar \u00ed\u00fer\u00f3ttir C"]}, {"abbreviation": "AD", "topics": ["Almennar \u00ed\u00fer\u00f3ttir D"]}, {"abbreviation": "AE", "topics": ["Almennar \u00ed\u00fer\u00f3ttir E"]}, {"abbreviation": "AF", "topics": ["Almennar \u00ed\u00fer\u00f3ttir F"]}, {"abbreviation": "HU", "topics": ["Hugur og heilsa"]}, {"abbreviation": "\u00deB", "topics": ["knattspyrna", "k\u00f6rfubolti og a\u00f0rir boltaleikir", "\u00derek"]}, {"abbreviation": "\u00cdG", "topics": ["\u00cd\u00fer\u00f3ttagreinar og \u00fativist"]}, {"abbreviation": "HJ", "topics": ["Hj\u00f3la\u00f0 \u00ed sk\u00f3lann"]}, {"abbreviation": "DL", "topics": ["Dansleikh\u00fas"]}, {"abbreviation": "LE", "topics": ["l\u00edkamsbeyting", "snerpa"]}, {"abbreviation": "LF", "topics": ["l\u00edkamsbeyting", "snerpa", "styrkur"]}, {"abbreviation": "LG", "topics": ["l\u00edkamsbeyting", "styrkur"]}, {"abbreviation": "NA", "topics": ["Hreyfing og heilsur\u00e6kt"]}, {"abbreviation": "NB", "topics": ["Almenn hreyfing og heilsur\u00e6kt"]}, {"abbreviation": "NC", "topics": ["Almenn heilsur\u00e6kt og hreyfing"]}, {"abbreviation": "ND", "topics": ["Fj\u00f6lbreytt hreyfing og heilsur\u00e6kt"]}, {"abbreviation": "NE", "topics": ["Hreyfing", "heilsu- og l\u00edkamsr\u00e6kt"]}, {"abbreviation": "NF", "topics": ["L\u00edkams- og heilsur\u00e6kt"]}, {"abbreviation": "\u00deR", "topics": ["\u00c6fingar \u00ed \u00fereksal"]}, {"abbreviation": "DA", "topics": ["dans", "leikir og samvinna", "\u00cd\u00fer\u00f3ttir"]}, {"abbreviation": "BO", "topics": ["Boltaleikir"]}, {"abbreviation": "HB", "topics": ["Handbolti"]}, {"abbreviation": "HP", "topics": ["Hlaup"]}, {"abbreviation": "K\u00d6", "topics": ["K\u00f6rfubolti"]}, {"abbreviation": "L\u00de", "topics": ["Leikir og \u00ferek"]}, {"abbreviation": "VE", "topics": ["Vetrar\u00ed\u00fer\u00f3ttir", "bretti", "skautar", "sk\u00ed\u00f0i"]}, {"abbreviation": "\u00deL", "topics": ["hlaup", "li\u00f0leiki", "lyftingar", "\u00derek"]}, {"abbreviation": "\u00cdA", "topics": ["Almenn heilsur\u00e6kt"]}, {"abbreviation": "S\u00c9", "topics": ["s\u00e9rh\u00e6fing \u00ed \u00ed\u00fer\u00f3ttagrein"]}, {"abbreviation": "ST", "topics": ["Styrktar\u00fej\u00e1lfun"]}, {"abbreviation": "SV", "topics": ["Skvass"]}, {"abbreviation": "\u00daT", "topics": ["\u00dativist og fjallamennska"]}, {"abbreviation": "JF", "topics": ["J\u00f6kla-og fjallg\u00f6ngur"]}, {"abbreviation": "J\u00d3", "topics": ["J\u00f3ga"]}, {"abbreviation": "GR", "topics": ["grunn\u00fej\u00e1lfun", "l\u00edkams\u00fej\u00e1lfun"]}, {"abbreviation": "LM", "topics": ["L\u00edkams\u00fej\u00e1lfun", "grunn\u00fej\u00e1lfun"]}, {"abbreviation": "LV", "topics": ["L\u00edkams\u00fej\u00e1lfun", "s\u00e9rt\u00e6k"]}, {"abbreviation": "N\u00c6", "topics": ["L\u00edkams\u00fej\u00e1lfun og n\u00e6ring"]}], "_id": "50c0a02dd8e40575f7f6f4cc", "subjects": ["\u00ed\u00fer\u00f3ttir"], "counter": {"1": 110, "3": 2, "2": 40, "4": 0}}, "evaluation": "\u00c1fanginn er verklegur. Nemendur \u00feurfa a\u00f0 vinna sj\u00e1lfst\u00e6tt en geta fengi\u00f0 mikla lei\u00f0s\u00f6gn \u00f3ski \u00feeir eftir \u00fev\u00ed. L\u00f6g\u00f0 er \u00e1hersla \u00e1 a\u00f0 nemendur m\u00e6ti jafnt og \u00fe\u00e9tt yfir alla \u00f6nnina og byggist n\u00e1msmat \u00e1 \u00fev\u00ed.  \u00c1fanginn er pr\u00f3flaus.", "categorization_suggestion": "", "embedded_topics": {"abbreviation": "AA", "topics": ["almennar \u00ed\u00fer\u00f3ttir A"]}, "status": "approved by school", "description": "\u00c1fanginn byggist upp \u00e1 alhli\u00f0a hreyfingu og heilsur\u00e6kt \u00ed l\u00edkamsr\u00e6ktarst\u00f6\u00f0 \u00fear sem nemendur stunda hreyfingu vi\u00f0 h\u00e6fi. \u00c1hersla er l\u00f6g\u00f0 \u00e1 a\u00f0 nemendur spreyti sig \u00e1 fj\u00f6lbreyttum \u00e6fingum sem byggja upp \u00feol, styrk og li\u00f0leika. Nemendur vinna sj\u00e1lfst\u00e6tt og \u00fatb\u00faa eigin \u00fej\u00e1lfunar\u00e1\u00e6tlun og bera \u00e1byrg\u00f0 \u00e1 a\u00f0 fylgja henni eftir. Einnig l\u00f6g\u00f0 \u00e1hersla \u00e1 a\u00f0 nemendur \u00e1tti sig \u00e1 mikilv\u00e6gi hreyfingar \u00e1 andlega, l\u00edkamlega og f\u00e9lagslega l\u00ed\u00f0an \u00feeirra.", "knowledge_goals": ["Mikilv\u00e6gi almennrar heilsur\u00e6ktar", "Markmi\u00f0ssetningu og uppbyggingu \u00fej\u00e1lfunar\u00e1\u00e6tlunar", "Mikilv\u00e6gi r\u00e9ttrar l\u00edkamsbeitingar", "Mismunandi \u00fej\u00e1lfunara\u00f0fer\u00f0um til eflingar l\u00edkama og heilsu", "mikilv\u00e6gi hreyfingar \u00e1 andlega, f\u00e9lagslega og l\u00edkamlega heilsu og vell\u00ed\u00f0an"], "skills_goals": ["Stunda \u00e6fingar sem auka \u00feol, styrk og li\u00f0leika ", "Stunda \u00fej\u00e1lfun og hreyfingu sem hefur \u00e1hrif \u00e1 j\u00e1kv\u00e6\u00f0a upplifun og vi\u00f0horf til l\u00edkams- og heilsur\u00e6ktar", "N\u00fdta s\u00e9r undirst\u00f6\u00f0uatri\u00f0i l\u00edkamsbeitingar \u00ed sinni \u00fej\u00e1lfun"], "credits": 1, "last_modified": 1435685930.758884, "schools": ["512351e58caa45ed97015b45"], "coauthors": null, "instructions": "", "continued_education": false, "level": 1, "prerequisites": "", "author": "6aff3e6e-5487-4a76-98e5-5441f77338db", "abbreviation_version": null, "competence_goals": [["Velja l\u00edkamsr\u00e6kt vi\u00f0 h\u00e6fi", ""], ["Leysa af hendi verkefni sem sn\u00faa a\u00f0 skipulagi eigin \u00fej\u00e1lfunar", ""], ["Styrkja j\u00e1kv\u00e6\u00f0a sj\u00e1lfsmynd og hugarfar me\u00f0 \u00fe\u00e1ttt\u00f6ku \u00ed almennri l\u00edkams- og heilsur\u00e6kt", ""], ["Gl\u00edma vi\u00f0 fj\u00f6lbreytt verkefni sem sn\u00faa a\u00f0 alhli\u00f0a hreyfingu, l\u00edkams- og heilsur\u00e6ktar.", ""]], "_id": "5592d42a62933a24fe0037c0"}, {"exemplary": null, "topics": "Almennar \u00ed\u00fer\u00f3ttir B", "abbreviation": "\u00cd\u00deR\u00d31AB01", "former_schools": null, "subject": "\u00ed\u00fer\u00f3ttir", "title": "\u00cd\u00fer\u00f3ttir 2", "version": 112, "status_trans": "Sam\u00feykkt af sk\u00f3la", "embedded_subject": {"abbreviation": "\u00cd\u00deR\u00d3", "topics": [{"abbreviation": "\u00deK", "topics": ["kraftur", "styrkur", "\u00feol"]}, {"abbreviation": "GL", "topics": ["grunn\u00fe\u00e6ttir \u00ed almennri l\u00edkams- og heilsur\u00e6kt"]}, {"abbreviation": "GH", "topics": ["grunn\u00fe\u00e6ttir \u00ed almennri heilsu- og l\u00edkamsr\u00e6kt"]}, {"abbreviation": "LC", "topics": ["l\u00edkams- og heilsur\u00e6kt"]}, {"abbreviation": "LD", "topics": ["framhald", "l\u00edkams- og heilsur\u00e6kt"]}, {"abbreviation": "AL", "topics": ["almenn l\u00edkams- og heilsur\u00e6kt e\u00f0a \u00fativist"]}, {"abbreviation": "AH", "topics": ["almenn heilsu- og l\u00edkamsr\u00e6kt e\u00f0a \u00fativist"]}, {"abbreviation": "HR", "topics": ["heilsur\u00e6kt"]}, {"abbreviation": "HH", "topics": ["hreyfing og heilsur\u00e6kt"]}, {"abbreviation": "L\u00cd", "topics": ["l\u00edkamsr\u00e6kt"]}, {"abbreviation": "KN", "topics": ["knattspyrna"]}, {"abbreviation": "KK", "topics": ["k\u00f6rfuknattleikur"]}, {"abbreviation": "BA", "topics": ["badminton"]}, {"abbreviation": "BL", "topics": ["blak"]}, {"abbreviation": "HL", "topics": ["almenn heilsu- og l\u00edkamsr\u00e6kt"]}, {"abbreviation": "LA", "topics": ["almenn heilsu- og l\u00edkamsr\u00e6kt me\u00f0 \u00e1herslu \u00e1 styrk", "l\u00edkamsbeitingu og snerpu"]}, {"abbreviation": "LN", "topics": ["l\u00edfst\u00edll", "n\u00e6ring"]}, {"abbreviation": "M\u00de", "topics": ["markmi\u00f0asetning", "\u00fej\u00e1lfunar\u00e1\u00e6tlanir"]}, {"abbreviation": "SK", "topics": ["skipul\u00f6g\u00f0 hreyfing"]}, {"abbreviation": "S\u00cd", "topics": ["skipul\u00f6g\u00f0 hreyfing framhald", "\u00ed\u00fer\u00f3ttir"]}, {"abbreviation": "LS", "topics": ["l\u00edkamsbeiting og snerpa", "styrkur"]}, {"abbreviation": "U\u00de", "topics": ["upphitun", "\u00feol\u00fej\u00e1lfun"]}, {"abbreviation": "SL", "topics": ["li\u00f0leiki", "l\u00edkamsbeiting", "styrkur", "\u00ed\u00fer\u00f3ttamei\u00f0sli"]}, {"abbreviation": "SS", "topics": ["samh\u00e6fing", "snerpa"]}, {"abbreviation": "LH", "topics": ["heilsa", "l\u00edfsst\u00edll"]}, {"abbreviation": "HA", "topics": ["almenn l\u00edkams og heilsur\u00e6kt", "hreyfing", "likamsr\u00e6ktarsalur"]}, {"abbreviation": "B\u00cd", "topics": ["bolta\u00ed\u00fer\u00f3ttir", "l\u00edffr\u00e6\u00f0i hreyfingar"]}, {"abbreviation": "\u00daH", "topics": ["hreyfing", "j\u00e1kv\u00e6\u00f0 upplifun", "sj\u00e1lfstyrking", "\u00dativist"]}, {"abbreviation": "\u00daF", "topics": ["g\u00f6ngufer\u00f0ir \u00e1 fj\u00f6ll", "hreyfing", "\u00fativist"]}, {"abbreviation": "B\u00dd", "topics": ["Band\u00fd"]}, {"abbreviation": "GA", "topics": ["Ganga"]}, {"abbreviation": "SU", "topics": ["Sund"]}, {"abbreviation": "\u00cdS", "topics": ["starfsbraut", "\u00ed\u00fer\u00f3ttir"]}, {"abbreviation": "LB", "topics": ["L\u00edkamsr\u00e6kt", "hreyfing", "li\u00f0leiki", "styrking"]}, {"abbreviation": "A\u00cd", "topics": ["Almennar \u00ed\u00fer\u00f3ttir"]}, {"abbreviation": "BG", "topics": ["Grunnur a\u00f0 l\u00edkamsr\u00e6kt 2"]}, {"abbreviation": "AG", "topics": ["Grunnur a\u00f0 l\u00edkamsr\u00e6kt A"]}, {"abbreviation": "\u00cdC", "topics": ["L\u00edkamsr\u00e6kt og heilsa A"]}, {"abbreviation": "\u00cdD", "topics": ["L\u00edkamsr\u00e6kt og heilsa B"]}, {"abbreviation": "\u00cdF", "topics": ["Almenn heilsur\u00e6kt B"]}, {"abbreviation": "AA", "topics": ["almennar \u00ed\u00fer\u00f3ttir A"]}, {"abbreviation": "AB", "topics": ["Almennar \u00ed\u00fer\u00f3ttir B"]}, {"abbreviation": "AC", "topics": ["Almennar \u00ed\u00fer\u00f3ttir C"]}, {"abbreviation": "AD", "topics": ["Almennar \u00ed\u00fer\u00f3ttir D"]}, {"abbreviation": "AE", "topics": ["Almennar \u00ed\u00fer\u00f3ttir E"]}, {"abbreviation": "AF", "topics": ["Almennar \u00ed\u00fer\u00f3ttir F"]}, {"abbreviation": "HU", "topics": ["Hugur og heilsa"]}, {"abbreviation": "\u00deB", "topics": ["knattspyrna", "k\u00f6rfubolti og a\u00f0rir boltaleikir", "\u00derek"]}, {"abbreviation": "\u00cdG", "topics": ["\u00cd\u00fer\u00f3ttagreinar og \u00fativist"]}, {"abbreviation": "HJ", "topics": ["Hj\u00f3la\u00f0 \u00ed sk\u00f3lann"]}, {"abbreviation": "DL", "topics": ["Dansleikh\u00fas"]}, {"abbreviation": "LE", "topics": ["l\u00edkamsbeyting", "snerpa"]}, {"abbreviation": "LF", "topics": ["l\u00edkamsbeyting", "snerpa", "styrkur"]}, {"abbreviation": "LG", "topics": ["l\u00edkamsbeyting", "styrkur"]}, {"abbreviation": "NA", "topics": ["Hreyfing og heilsur\u00e6kt"]}, {"abbreviation": "NB", "topics": ["Almenn hreyfing og heilsur\u00e6kt"]}, {"abbreviation": "NC", "topics": ["Almenn heilsur\u00e6kt og hreyfing"]}, {"abbreviation": "ND", "topics": ["Fj\u00f6lbreytt hreyfing og heilsur\u00e6kt"]}, {"abbreviation": "NE", "topics": ["Hreyfing", "heilsu- og l\u00edkamsr\u00e6kt"]}, {"abbreviation": "NF", "topics": ["L\u00edkams- og heilsur\u00e6kt"]}, {"abbreviation": "\u00deR", "topics": ["\u00c6fingar \u00ed \u00fereksal"]}, {"abbreviation": "DA", "topics": ["dans", "leikir og samvinna", "\u00cd\u00fer\u00f3ttir"]}, {"abbreviation": "BO", "topics": ["Boltaleikir"]}, {"abbreviation": "HB", "topics": ["Handbolti"]}, {"abbreviation": "HP", "topics": ["Hlaup"]}, {"abbreviation": "K\u00d6", "topics": ["K\u00f6rfubolti"]}, {"abbreviation": "L\u00de", "topics": ["Leikir og \u00ferek"]}, {"abbreviation": "VE", "topics": ["Vetrar\u00ed\u00fer\u00f3ttir", "bretti", "skautar", "sk\u00ed\u00f0i"]}, {"abbreviation": "\u00deL", "topics": ["hlaup", "li\u00f0leiki", "lyftingar", "\u00derek"]}, {"abbreviation": "\u00cdA", "topics": ["Almenn heilsur\u00e6kt"]}, {"abbreviation": "S\u00c9", "topics": ["s\u00e9rh\u00e6fing \u00ed \u00ed\u00fer\u00f3ttagrein"]}, {"abbreviation": "ST", "topics": ["Styrktar\u00fej\u00e1lfun"]}, {"abbreviation": "SV", "topics": ["Skvass"]}, {"abbreviation": "\u00daT", "topics": ["\u00dativist og fjallamennska"]}, {"abbreviation": "JF", "topics": ["J\u00f6kla-og fjallg\u00f6ngur"]}, {"abbreviation": "J\u00d3", "topics": ["J\u00f3ga"]}, {"abbreviation": "GR", "topics": ["grunn\u00fej\u00e1lfun", "l\u00edkams\u00fej\u00e1lfun"]}, {"abbreviation": "LM", "topics": ["L\u00edkams\u00fej\u00e1lfun", "grunn\u00fej\u00e1lfun"]}, {"abbreviation": "LV", "topics": ["L\u00edkams\u00fej\u00e1lfun", "s\u00e9rt\u00e6k"]}, {"abbreviation": "N\u00c6", "topics": ["L\u00edkams\u00fej\u00e1lfun og n\u00e6ring"]}], "_id": "50c0a02dd8e40575f7f6f4cc", "subjects": ["\u00ed\u00fer\u00f3ttir"], "counter": {"1": 110, "3": 2, "2": 40, "4": 0}}, "evaluation": "\u00c1fanginn er verklegur. Nemendur \u00feurfa a\u00f0 vinna sj\u00e1lfst\u00e6tt en geta fengi\u00f0 mikla lei\u00f0s\u00f6gn \u00f3ski \u00feeir eftir \u00fev\u00ed. L\u00f6g\u00f0 er \u00e1hersla \u00e1 a\u00f0 nemendur m\u00e6ti jafnt og \u00fe\u00e9tt yfir alla \u00f6nnina og byggist n\u00e1msmat \u00e1 \u00fev\u00ed.  \u00c1fanginn er pr\u00f3flaus.", "categorization_suggestion": "", "embedded_topics": {"abbreviation": "AB", "topics": ["Almennar \u00ed\u00fer\u00f3ttir B"]}, "status": "approved by school", "description": "\u00c1fanginn byggist upp \u00e1 alhli\u00f0a hreyfingu og heilsur\u00e6kt \u00ed l\u00edkamsr\u00e6ktarst\u00f6\u00f0 \u00fear sem nemendur stunda hreyfingu vi\u00f0 h\u00e6fi. \u00c1hersla er l\u00f6g\u00f0 \u00e1 a\u00f0 nemendur spreyti sig \u00e1 fj\u00f6lbreyttum \u00e6fingum sem byggja upp \u00feol, styrk og li\u00f0leika. Nemendur vinna sj\u00e1lfst\u00e6tt og \u00fatb\u00faa eigin \u00fej\u00e1lfunar\u00e1\u00e6tlun og bera \u00e1byrg\u00f0 \u00e1 a\u00f0 fylgja henni eftir. Einnig l\u00f6g\u00f0 \u00e1hersla \u00e1 a\u00f0 nemendur \u00e1tti sig \u00e1 mikilv\u00e6gi hreyfingar \u00e1 andlega, l\u00edkamlega og f\u00e9lagslega l\u00ed\u00f0an \u00feeirra.", "knowledge_goals": ["Mikilv\u00e6gi almennrar heilsur\u00e6ktar", "Markmi\u00f0ssetningu og uppbyggingu \u00fej\u00e1lfunar\u00e1\u00e6tlunar", "Mikilv\u00e6gi r\u00e9ttrar l\u00edkamsbeitingar", "Mismunandi \u00fej\u00e1lfunara\u00f0fer\u00f0um til eflingar l\u00edkama og heilsu", "mikilv\u00e6gi hreyfingar \u00e1 andlega, f\u00e9lagslega og l\u00edkamlega heilsu og vell\u00ed\u00f0an"], "skills_goals": ["Stunda \u00e6fingar sem auka \u00feol, styrk og li\u00f0leika ", "Stunda \u00fej\u00e1lfun og hreyfingu sem hefur \u00e1hrif \u00e1 j\u00e1kv\u00e6\u00f0a upplifun og vi\u00f0horf til l\u00edkams- og heilsur\u00e6ktar", "N\u00fdta s\u00e9r undirst\u00f6\u00f0uatri\u00f0i l\u00edkamsbeitingar \u00ed sinni \u00fej\u00e1lfun"], "credits": 1, "last_modified": 1435686292.578999, "schools": ["512351e58caa45ed97015b45"], "coauthors": null, "instructions": "", "continued_education": false, "level": 1, "prerequisites": "\u00cd\u00deR\u00d31AA01", "author": "6aff3e6e-5487-4a76-98e5-5441f77338db", "abbreviation_version": null, "competence_goals": [["Velja l\u00edkamsr\u00e6kt vi\u00f0 h\u00e6fi", ""], ["Leysa af hendi verkefni sem sn\u00faa a\u00f0 skipulagi eigin \u00fej\u00e1lfunar", ""], ["Styrkja j\u00e1kv\u00e6\u00f0a sj\u00e1lfsmynd og hugarfar me\u00f0 \u00fe\u00e1ttt\u00f6ku \u00ed almennri l\u00edkams- og heilsur\u00e6kt", ""], ["Gl\u00edma vi\u00f0 fj\u00f6lbreytt verkefni sem sn\u00faa a\u00f0 alhli\u00f0a hreyfingu, l\u00edkams- og heilsur\u00e6ktar.", ""]], "_id": "5592d59462933a24fe0037d5"}, {"exemplary": null, "topics": "\u00d6ryggism\u00e1l og skyndihj\u00e1lp", "abbreviation": "\u00d6RSK1\u00d6R02", "former_schools": null, "subject": "\u00d6ryggism\u00e1l og skyndihj\u00e1p", "title": "\u00d6RSK1\u00d6R2", "version": 4, "status_trans": "Sam\u00feykkt af sk\u00f3la", "embedded_subject": {"abbreviation": "\u00d6RSK", "topics": [{"abbreviation": "\u00d6A", "topics": ["\u00d6ryggisfr\u00e6\u00f0i og a\u00f0b\u00fana\u00f0ur"]}, {"abbreviation": "SB", "topics": ["Skyndihj\u00e1lp"]}, {"abbreviation": "A\u00d6", "topics": ["a\u00f0b\u00fana\u00f0ur", "l\u00f6g og reglur", "r\u00e9ttindi", "skyldur"]}, {"abbreviation": "FS", "topics": ["fyrsta hj\u00e1lp", "skyndihj\u00e1lparke\u00f0ja", "\u00e1verkaeinkenni"]}, {"abbreviation": "\u00d6S", "topics": ["\u00d6ryggism\u00e1l og a\u00f0b\u00fana\u00f0ur \u00e1 vinnust\u00f6\u00f0um"]}, {"abbreviation": "\u00d6R", "topics": ["\u00d6ryggism\u00e1l og skyndihj\u00e1lp"]}], "_id": "54de28f562933a7a340004a9", "subjects": ["\u00d6ryggism\u00e1l og skyndihj\u00e1p"], "counter": {"1": 3, "3": 0, "2": 0, "4": 0}}, "evaluation": "", "categorization_suggestion": "", "embedded_topics": {"abbreviation": "\u00d6R", "topics": ["\u00d6ryggism\u00e1l og skyndihj\u00e1lp"]}, "status": "approved by school", "description": "\u00cd \u00e1fanganum er fjalla\u00f0 um \u00f6ryggism\u00e1l og a\u00f0b\u00fana\u00f0 \u00e1 vinnust\u00f6\u00f0um. Nemendur \u00feurfa a\u00f0 kunna grunnatri\u00f0i skyndihj\u00e1lpar svo sem fyrstu vi\u00f0br\u00f6g\u00f0 vi\u00f0 \u00e1f\u00f6llum og slysum.  Nemendur f\u00e1 \u00fej\u00e1lfun \u00ed hva\u00f0 beri a\u00f0 gera \u00feegar \u00feeir koma a\u00f0 slysum e\u00f0a \u00feegar \u00f3h\u00f6pp ver\u00f0a. H\u00e9r er \u00e1tt vi\u00f0 atri\u00f0i eins og hvert \u00e1 a\u00f0 hringja, hvernig \u00e1 a\u00f0 tryggja vettvang og hva\u00f0a kr\u00f6fur eru ger\u00f0ar til \u00feess er fyrstur kemur \u00e1 vettvang.  Nemandi kynnist \u00f6ryggis\u00fe\u00e1ttum vinnusta\u00f0a eins og ney\u00f0ar\u00fatg\u00f6ngum, vi\u00f0br\u00f6g\u00f0um vi\u00f0 bruna og \u00f6\u00f0rum \u00fe\u00e1ttum er tengjast \u00f6ryggsm\u00e1lum \u00ed matv\u00e6lagreinum.  Einnig er fjalla\u00f0 um grunn\u00fe\u00e6tti er var\u00f0a atvinnusj\u00fakd\u00f3ma.", "knowledge_goals": ["l\u00f6gum og reglum um a\u00f0b\u00fana\u00f0, hollustuh\u00e6tti og vinnu\u00f6ryggi \u00e1 vinnust\u00f6\u00f0um", "skipulagi brunavarna \u00e1 vinnust\u00f6\u00f0um og kr\u00f6fum um \u00f6ryggism\u00e1l", "vinnuslysum og helstu ors\u00f6kum \u00feeirra", "hva\u00f0 \u00fearf a\u00f0 hafa \u00ed huga var\u00f0andi tilkyningu vinnuslysa", "me\u00f0fer\u00f0 h\u00e6ttulegra efna", "mismunandi ger\u00f0um sl\u00f6kkvit\u00e6kja og notkun \u00feeirra", "miklv\u00e6gi r\u00e9ttar l\u00edkamsbeitingar og helstu atvinnusj\u00fakd\u00f3mum \u00ed matv\u00e6lagreinum", "\u00f6ryggiskr\u00f6fum sem ger\u00f0ar eru til t\u00e6kja, v\u00e9la og annars b\u00fana\u00f0ar sem nota\u00f0ur er vi\u00f0 dagleg st\u00f6rf \u00ed matv\u00e6lagreinum og eftirlitsskyldu me\u00f0 \u00feeim", "fj\u00f3rum skrefum skyndihj\u00e1lparke\u00f0junnar sem eru a\u00f0; tryggja \u00f6ryggi \u00e1 vettvangi, meta \u00e1stand slasa\u00f0ra e\u00f0a sj\u00fakra, s\u00e6kja hj\u00e1lp og veita skyndihj\u00e1lp", "helstu \u00e1verkaeinkennum og r\u00e9ttum vi\u00f0br\u00f6g\u00f0um vi\u00f0 \u00feeim", "helstu einkennum br\u00e1\u00f0ra veikinda og r\u00e9ttum vi\u00f0br\u00f6g\u00f0um vi\u00f0 \u00feeim"], "skills_goals": ["breg\u00f0ast vi\u00f0 slysum \u00e1 vinnusta\u00f0", "umgangast og beita \u00f6ryggisb\u00fana\u00f0i og t\u00e6kjum", "umgangast h\u00e6ttuleg efni", "umgangast v\u00e9lar og t\u00e6ki af \u00f6ryggi", "leita uppl\u00fdsinga \u00ed l\u00f6gum og reglum um \u00f6ryggi, a\u00f0b\u00fana\u00f0 og hollustuh\u00e6tti \u00e1 vinnusta\u00f0", "s\u00fdna r\u00e9tt vi\u00f0br\u00f6g\u00f0 vi\u00f0 slysum", "meta \u00e1stand sj\u00fakra og slasa\u00f0ra", "veita skyndihj\u00e1lp vi\u00f0 slys og br\u00e1\u00f0 veikindi"], "credits": 2, "last_modified": 1438874141.059874, "schools": ["512351e58caa45ed97015b45"], "coauthors": null, "instructions": "", "continued_education": false, "level": 1, "prerequisites": "", "author": "98dc5c95-3d85-423f-86d4-24e8cb5d4d1e", "abbreviation_version": null, "competence_goals": [["breg\u00f0ast r\u00e9tt vi\u00f0 hvers kyns utana\u00f0komandi h\u00e6ttum", ""], ["\u00e1tta sig \u00e1 r\u00e9ttindum og skyldum starfsmanna \u00e1 vinnusta\u00f0", ""], ["fyrirbyggja \u00f3h\u00f6pp og slys \u00e1 vinnusta\u00f0", ""], ["beita sl\u00f6kkvit\u00e6kjum r\u00e9tt", ""], ["geta veitt s\u00e1lr\u00e6na skyndihj\u00e1lp", ""], ["geta veitt endurl\u00edfgun og kunna \u00e1 sj\u00e1lfvirk stu\u00f0t\u00e6ki \u00ed ney\u00f0artilfellum", ""], ["geta lagt sj\u00fakling \u00ed l\u00e6sta hli\u00f0arlegu og tryggt \u00feannig \u00f6ryggi hans", ""], ["geta bundi\u00f0 um s\u00e1r og flutt sj\u00fakling til vi\u00f0 yfirvofandi h\u00e6ttu", ""]], "_id": "55c37a1d62933a24fe00a304"}, {"exemplary": null, "topics": "\u00d6rverufr\u00e6\u00f0i", "abbreviation": "\u00d6RVR2HR02", "former_schools": null, "subject": "\u00d6rverufr\u00e6\u00f0i", "title": "\u00d6rverufr\u00e6\u00f0i", "version": 1, "status_trans": "Sam\u00feykkt af sk\u00f3la", "embedded_subject": {"abbreviation": "\u00d6RVR", "topics": [{"abbreviation": "HR", "topics": ["\u00d6rverufr\u00e6\u00f0i"]}], "_id": "558bf60962933a24fe002ae4", "subjects": ["\u00d6rverufr\u00e6\u00f0i"], "counter": {"1": 0, "3": 0, "2": 0, "4": 0}}, "evaluation": "", "categorization_suggestion": "", "embedded_topics": {"abbreviation": "HR", "topics": ["\u00d6rverufr\u00e6\u00f0i"]}, "status": "approved by school", "description": "\u00cd \u00e1fanganum er fjalla\u00f0 um almenn l\u00edfsskilyr\u00f0i \u00f6rvera og gerla, um veirur, ger- og myglusveppi.\n\u00c1hersla er l\u00f6g\u00f0 \u00e1 mikilv\u00e6gi hreinl\u00e6tis til a\u00f0 koma \u00ed veg fyrir matarsj\u00fakd\u00f3ma.\n", "knowledge_goals": ["n\u00e1tt\u00farulegum heimkynnum \u00f6rvera", "flokkun \u00f6rvera", "smitlei\u00f0um \u00f6rvera", "vaxtarskilyr\u00f0um \u00f6rvera og vaxtark\u00farfu \u00f6rvera", "tegundum sj\u00fad\u00f3msvaldandi baker\u00eda", "\u00e1 matarsj\u00fakd\u00f3mum"], "skills_goals": ["meta \u00e1h\u00e6ttu vi\u00f0 framlei\u00f0slu, framrei\u00f0slu og dreifingu matv\u00e6la", "skilja hver eru grundavallaratri\u00f0i vi\u00f0 framlei\u00f0slu og dreifingu matv\u00e6la m.t.t. yfirf\u00e6rslu \u00f6rvera", "meta ferskleika hr\u00e1efnis me\u00f0 tilliti til g\u00e6\u00f0a", "koma \u00ed veg fyrir krossmengun"], "credits": 2, "last_modified": 1435272158.037604, "schools": ["512351e58caa45ed97015b45"], "coauthors": null, "instructions": "", "continued_education": false, "level": 2, "prerequisites": "", "author": "8ed06198-f4f1-4629-9339-7d9751d8000b", "abbreviation_version": null, "competence_goals": [["meta kr\u00f6fur til hr\u00e1efna", ""], ["meta kr\u00f6fur til hreinl\u00e6tis \u00e1 vinnusta\u00f0", ""], ["fyrirbyggja krossmengun", ""], ["meta hven\u00e6r \u00e1 a\u00f0 m\u00e6la hitastig", ""], ["breg\u00f0ast vi\u00f0 fr\u00e1vikum", ""]], "_id": "558c83de62933a24fe002c66"}, {"exemplary": null, "topics": "\u00deJSK", "abbreviation": "\u00deJSK1\u00deB03", "former_schools": null, "subject": "\u00dej\u00f3nustusamskipti", "title": "\u00dej\u00f3nustusamskipti", "version": 1, "status_trans": "Sam\u00feykkt af sk\u00f3la", "embedded_subject": {"abbreviation": "\u00deJSK", "topics": [{"abbreviation": "\u00deF", "topics": ["\u00dej\u00f3nustusamskipti \u00ed fer\u00f0a\u00fej\u00f3nustu"]}, {"abbreviation": "\u00deB", "topics": ["\u00deJSK"]}], "_id": "58de82d462933a4e92038354", "subjects": ["\u00dej\u00f3nustusamskipti"], "counter": {"1": 0, "3": 0, "2": 0, "4": 1}}, "evaluation": "S\u00edmat byggt \u00e1 lei\u00f0sagnarmati, jafningjamati og sj\u00e1lfsmati ", "categorization_suggestion": "", "embedded_topics": {"abbreviation": "\u00deB", "topics": ["\u00deJSK"]}, "status": "approved by school", "description": "\u00cd \u00feessum \u00e1fanga er l\u00f6g\u00f0 \u00e1hersla \u00e1 \u00fej\u00f3nustug\u00e6\u00f0i og \u00fej\u00f3nustusamskipti. Vakinn, g\u00e6\u00f0a- og umhverfiskerfi fer\u00f0a\u00fej\u00f3nustunnar, er kynnt. Fjalla\u00f0 er um einkenni fer\u00f0a\u00fej\u00f3nustustarfa og fer\u00f0amanninn/gestinn sem vi\u00f0skiptavin. Einnig  er fjalla\u00f0 um samskipti \u00ed al\u00fej\u00f3\u00f0legu umhverfi \u00fear sem s\u00e9rstaklega er teki\u00f0 \u00e1 \u00f3l\u00edkum vi\u00f0horfum og mismunandi menningu. \u00c1hersla er l\u00f6g\u00f0 \u00e1 tj\u00e1ningu \u00e1samt rafr\u00e6num samskiptum. ", "knowledge_goals": ["mikilv\u00e6gi g\u00f3\u00f0rar \u00fej\u00f3nustu", "\u00fej\u00f3nustug\u00e6\u00f0um og mikilv\u00e6gi \u00feess a\u00f0 setja s\u00e9r sk\u00fdr markmi\u00f0 \u00ed \u00feeim efnum", "einkennum fer\u00f0a\u00fej\u00f3nustustarfa", "mikilv\u00e6gi g\u00f3\u00f0ra samskipta \u00ed al\u00fej\u00f3\u00f0legu umhverfi, s.s. vi\u00f0horfi, menningu, ford\u00f3ma o.fl.", "\u00f3l\u00edkum \u00fe\u00f6rfum og v\u00e6ntingum vi\u00f0skiptavina/fer\u00f0amanna/gesta"], "skills_goals": ["\u00e1tta sig \u00e1 hinum \u00fdmsu einkennum mannlegra samskipta", "gera s\u00e9r grein fyrir s\u00e9rst\u00f6\u00f0u \u00f3l\u00edkra starfa \u00ed fer\u00f0a\u00fej\u00f3nustu", "\u00e1tta sig \u00e1 \u00f3l\u00edkum \u00fe\u00f6rfum vi\u00f0skiptavina/fer\u00f0amanna/gesta eftir mismunandi \u00fej\u00f3\u00f0erni"], "credits": 3, "last_modified": 1508779514.99434, "schools": ["512351e58caa45ed97015b45"], "coauthors": null, "instructions": "", "continued_education": false, "level": 1, "prerequisites": "\u00deJSK1\u00deA02", "author": "98dc5c95-3d85-423f-86d4-24e8cb5d4d1e", "abbreviation_version": null, "competence_goals": [["eiga samskipti vi\u00f0 f\u00f3lk af \u00f3l\u00edku \u00fej\u00f3\u00f0erni, kyni og aldri byggt \u00e1 skilningi og vir\u00f0ingu", ""], ["vinna a\u00f0 b\u00e6ttri \u00fej\u00f3nustu og betri samskiptum", ""], ["tj\u00e1 sig sk\u00fdrt og skilmerkilega \u00ed ritu\u00f0u og t\u00f6lu\u00f0u m\u00e1li", ""], ["taka \u00e1byrg\u00f0 \u00e1 eigin framkomu, afst\u00f6\u00f0u og s\u00fdn \u00e1 \u00fej\u00f3nustuhlutverki\u00f0", ""]], "_id": "59ee25fa62933a33e900cdd9"}, {"exemplary": null, "topics": "\u00dej\u00f3nustusamskipti fer\u00f0am\u00e1l", "abbreviation": "\u00deJSK1\u00deA03", "former_schools": null, "subject": "\u00dej\u00f3nustusamskipti", "title": "\u00dej\u00f3nustusamskipti", "version": 2, "status_trans": "Sam\u00feykkt af sk\u00f3la", "embedded_subject": {"abbreviation": "\u00deJSK", "topics": [{"abbreviation": "\u00deF", "topics": ["\u00dej\u00f3nustusamskipti \u00ed fer\u00f0a\u00fej\u00f3nustu"]}, {"abbreviation": "\u00deB", "topics": ["\u00deJSK"]}, {"abbreviation": "\u00deA", "topics": ["\u00dej\u00f3nustusamskipti fer\u00f0am\u00e1l"]}], "_id": "58de82d462933a4e92038354", "subjects": ["\u00dej\u00f3nustusamskipti"], "counter": {"1": 1, "3": 0, "2": 0, "4": 1}}, "evaluation": "S\u00edmat sem byggir \u00e1 lei\u00f0sagnarmati, jafningjamati og sj\u00e1lfsmati ", "categorization_suggestion": "", "embedded_topics": {"abbreviation": "\u00deA", "topics": ["\u00dej\u00f3nustusamskipti fer\u00f0am\u00e1l"]}, "status": "approved by school", "description": "\u00cd \u00e1fanganum er fjalla\u00f0 um samskipti \u00ed fer\u00f0a-, h\u00f3tel- og veitingagreinum. R\u00e6tt ver\u00f0ur um \u00fej\u00f3nustuhugtaki\u00f0 og grunn\u00fe\u00e6tti g\u00f3\u00f0rar \u00fej\u00f3nustu og hvernig byggja megi upp og vi\u00f0halda traustu sambandi \u00e1 vinnusta\u00f0 og \u00ed samskiptum vi\u00f0 vi\u00f0skiptavini/fer\u00f0amenn/gesti. Teki\u00f0 er \u00e1 \u00farlausnum vandam\u00e1la, kv\u00f6rtunum vi\u00f0skiptavina/fer\u00f0amanna/gesta, mikilv\u00e6gi sj\u00e1lfstrausts \u00ed \u00fej\u00f3nustu og \u00fej\u00f3nustulund. S\u00e9rst\u00f6k \u00e1hersla er l\u00f6g\u00f0 \u00e1 framkomu og snyrtimennsku og mikilv\u00e6gi \u00feessara \u00fe\u00e1tta \u00ed allri \u00fej\u00f3nustu.", "knowledge_goals": ["grundvallaratri\u00f0um samskipta og g\u00f3\u00f0rar \u00fej\u00f3nustu", "hvernig byggja megi upp  traust samband vi\u00f0 vi\u00f0skiptavini/gesti/ fer\u00f0amenn  og samstarfsf\u00e9laga", "hvernig vi\u00f0halda megi traustu sambandi vi\u00f0", "vi\u00f0skiptavini/fer\u00f0amenn/ gesti", "mikilv\u00e6gi g\u00f3\u00f0rar framkomu og snyrtimennsku"], "skills_goals": ["gera s\u00e9r grein fyrir s\u00e9rst\u00f6\u00f0u starfa \u00ed fer\u00f0a-,h\u00f3tel- og veitingagreinum", "skilja mismunandi \u00fearfir vi\u00f0skiptavina", "finna \u00farlausnir \u00e1 vandam\u00e1lum sem upp geta komi\u00f0", "takast \u00e1 vi\u00f0 kvartanir vi\u00f0skiptavina/gesta/fer\u00f0amanna", "byggja upp og vi\u00f0halda traustu sambandi"], "credits": 3, "last_modified": 1528186345.799024, "schools": ["512351e58caa45ed97015b45"], "coauthors": null, "instructions": "", "continued_education": false, "level": 1, "prerequisites": "Engar", "author": "98dc5c95-3d85-423f-86d4-24e8cb5d4d1e", "abbreviation_version": null, "competence_goals": [["takast \u00e1 vi\u00f0 \u00f3l\u00edkar upp\u00e1komur og a\u00f0st\u00e6\u00f0ur \u00e1 vinnusta\u00f0 \u00e1 vi\u00f0eigandi h\u00e1tt", ""], ["eiga sk\u00fdr og j\u00e1kv\u00e6\u00f0 samskipti vi\u00f0 samstarfsf\u00e9laga og  vi\u00f0skiptavini/fer\u00f0amenn/gesti", ""], ["taka r\u00f6kstudda \u00e1kv\u00f6r\u00f0un um afst\u00f6\u00f0u til \u00e1litam\u00e1la sem upp geta komi\u00f0 \u00ed samskiptum vi\u00f0 vi\u00f0skiptavin/fer\u00f0amann/gest", ""]], "_id": "5b1645e93dde530476008870"}], "title": "B\u00f3klegt og verklegt grunnn\u00e1m \u00ed matv\u00e6la- og fer\u00f0agreinum"}], "description": "Almennt n\u00e1m matv\u00e6la- og fer\u00f0agreina er n\u00e1msbraut  me\u00f0 n\u00e1mslokum \u00e1 fyrsta \u00ferepi. N\u00e1mi\u00f0 er \u00e6tla\u00f0 nemendum sem stefna a\u00f0 frekara n\u00e1mi \u00ed matv\u00e6la og fer\u00f0agreinum. N\u00e1mi\u00f0 felur \u00ed s\u00e9r almenna menntun \u00fear sem l\u00f6g\u00f0 er \u00e1hersla \u00e1 alhli\u00f0a \u00feroska nemanda og l\u00fd\u00f0r\u00e6\u00f0islega virkni. N\u00e1mi\u00f0 er undirb\u00faningur fyrir i\u00f0nn\u00e1m \u00ed  bakstri, framrei\u00f0slu, kj\u00f6ti\u00f0n og matrei\u00f0slu og en einnig er \u00fea\u00f0 undirb\u00faningur fyrir frekara n\u00e1m \u00ed matart\u00e6kni og/e\u00f0a \u00ed fer\u00f0a\u00fej\u00f3nustu.  N\u00e1mi\u00f0 er tveggja anna n\u00e1m 63 einingar, sem skiptist \u00ed b\u00f3klegar og verklegar faggreinar sem og kjarnagreinar \u00ed \u00edslensku, ensku og st\u00e6r\u00f0fr\u00e6\u00f0i. \u00cd framhaldi af brautinni geta nemendur fari\u00f0 \u00ed frekara n\u00e1m a\u00f0 eigin vali.  \u00c1fanga af brautinni er h\u00e6gt a\u00f0 meta inn \u00e1 a\u00f0rar n\u00e1msbrautir.\nNemendur f\u00e1 b\u00e6\u00f0i starfskynningu \u00ed fer\u00f0a- og matv\u00e6lagreinum \u00e1 vinnust\u00f6\u00f0um og fara \u00ed vinnusta\u00f0an\u00e1m a\u00f0 eigin vali.  \nN\u00e1mi\u00f0 veitir tveggja m\u00e1na\u00f0a styttingu \u00e1 verkn\u00e1mi \u00ed i\u00f0ngrein \u00feeirri sem nemandi velur s\u00e9r.", "tags": "Augl\u00fdst \u00ed stj\u00f3rnart\u00ed\u00f0indum 23. september 2019", "rules": "Einingafj\u00f6ldi brautar eru 63 einingar. Nemandi \u00fearf a\u00f0 n\u00e1 einkunninni 5  til a\u00f0 standast \u00e1fanga brautarinnar.   N\u00e1mst\u00edmi GMF eru 2 annir. Nemandi \u00fearf a\u00f0 lj\u00faka undanf\u00f6rum til \u00feess a\u00f0 halda \u00e1fram n\u00e1mi \u00ed hverri grein fyrir sig \u00fear sem vi\u00f0 \u00e1.", "onsite_training": "Lengd starfskynningar er 18-24 klst. \u00e1 hvorri \u00f6nn.  H\u00fan fer fram \u00ed fyrirt\u00e6kjum sem hafa fj\u00f6lbreytta faglega f\u00e6rni tengda \u00feeim st\u00f6rfum sem um r\u00e6\u00f0ir. H\u00e9r er \u00e1tt vi\u00f0 fyrirt\u00e6ki \u00ed fer\u00f0a\u00fej\u00f3nustu s.s. fer\u00f0askrifstofur, h\u00f3tel, kj\u00f6tvinnslur, gr\u00f3\u00f0urh\u00fas, fiskvinnslu, bakar\u00ed, veitingasta\u00f0i o.fl.  \u00dea\u00f0 er \u00e1 \u00e1byrg\u00f0 hvers sk\u00f3la a\u00f0 skipuleggja starfskynningar nemenda \u00feannig a\u00f0 \u00feeir f\u00e1i t\u00e6kif\u00e6ri til a\u00f0 kynnast \u00f3l\u00edkum st\u00f6rfum \u00ed fer\u00f0a- og matv\u00e6lagreinum. \u00cd \u00feeim fyrirt\u00e6kjum sem \u00ed hlut eiga, er ger\u00f0 krafa um a\u00f0 i\u00f0nmeistari e\u00f0a sveinn \u00ed i\u00f0ngrein annist starfskynninguna.", "programme_type": {"status": "Sam\u00feykkt", "exam": {"_types": ["Exam"], "_id": "4fb2704e874d802e5451c0b6", "description": "Nemandi sem loki\u00f0 hefur n\u00e1mi sem fellur undir \u00f6nnur lokapr\u00f3f \u00e1 1. h\u00e6fni\u00ferepi getur unni\u00f0 sj\u00e1lfst\u00e6tt undir stj\u00f3rn e\u00f0a eftirliti yfirmanns. Hann b\u00fdr yfir almennri \u00feekkingu, leikni og h\u00e6fni sem n\u00fdtist \u00fear sem ekki er krafist mikillar s\u00e9rh\u00e6fingar. Nemandinn getur skipulagt og forgangsra\u00f0a\u00f0 st\u00f6rfum s\u00ednum og b\u00fdr yfir h\u00e6fni til a\u00f0 sk\u00fdra verklag tengdu starfsumhverfi og s\u00e9r\u00feekkingu. Hann ber vir\u00f0ingu fyrir grundvallarreglum starfsumhverfis.", "title": "\u00d6nnur lokapr\u00f3f \u00e1 fyrsta \u00ferepi", "level": 1, "number": "2", "subject_choice_programme_flag": null, "_cls": "Exam", "maximum_credits": 120.0, "all_onsite": null, "credits_ratio": {"1": {"max": 100.0, "min": 90.0}, "3": {"max": 0.0, "min": 0.0}, "2": {"max": 10.0, "min": 0.0}, "4": {"max": 0.0, "min": 0.0}}, "minimum_credits": 30.0}, "tags": ["verklag", "grundvallar\u00feekking", "\u00e1byrg\u00f0", "daglegt l\u00edf"], "title": "grunnn\u00e1m starfsgreina", "field_id": null, "field": {"field": "Menntun", "subfield": "Uppeldi og menntun", "_id": "4fb272c4874d802e5451c0c1", "description": "Kennara\u00fej\u00e1lfun og menntunarfr\u00e6\u00f0i", "isced": "14"}, "exam_id": null, "_cls": "ProgrammeType", "subject_choice_programme_description": null, "hidden": null, "description": "Meginmarkmi\u00f0 grunnn\u00e1ms starfsgreina er a\u00f0 veita nemendum s\u00fdn \u00e1 atvinnugreinina og st\u00f6rf innan hennar. L\u00f6g\u00f0 er \u00e1hersla \u00e1 verklega kennslu sem veitir nemendum inns\u00fdn \u00ed \u00fe\u00e6r greinar sem nemandi getur vali\u00f0 a\u00f0 loknu grunn\u00e1mi. \u00cd lok grunnn\u00e1msins \u00e1 nemandi a\u00f0 vera h\u00e6fari til a\u00f0 velja s\u00e9r s\u00e9rsvi\u00f0 og hafa fengi\u00f0 faglegan grunn til \u00e1framhaldandi n\u00e1ms. Hann ber vir\u00f0ingu fyrir grundvallarreglum starfsumhverfis, getur tj\u00e1 sko\u00f0anir s\u00ednar og sk\u00fdrt verklag tengt \u00fev\u00ed."}, "free_choice_description": "Nemendur sem lj\u00faka \u00feeim \u00e1f\u00f6ngum sem eru \u00e1 brautinni f\u00e1 metnar sex vikur \u00far vinnusta\u00f0a\u00fe\u00e6tti n\u00e1msins sem starfs\u00fej\u00e1lfun \u00e1 \u00feeirri n\u00e1msbraut sem \u00feeir velja \u00ed framhaldi af grunn\u00e1msbrautinni.", "credits": 63, "last_modified": 1569418401.594064, "exam_id": "4fb2704e874d802e5451c0b6", "title_of_core": null, "schools": ["512351e58caa45ed97015b45"], "free_choice_flag": true, "continued_education": false, "prerequisites": "Nemendur skulu hafa loki\u00f0 grunnsk\u00f3lapr\u00f3fi e\u00f0a \u00edgildi \u00feess. Nemendur sem n\u00e1\u00f0 hafa h\u00e6fnieinkunn B e\u00f0a h\u00e6rra \u00ed kjarnagreinum vi\u00f0 lok grunnsk\u00f3la e\u00f0a loki\u00f0 fyrsta \u00fereps \u00e1fanga innritast \u00ed annars \u00fereps \u00e1fanga \u00ed \u00feeim greinum.", "target_groups": [], "competence_goals": ["vera virkur \u00feegn \u00ed l\u00fd\u00f0r\u00e6\u00f0is\u00fej\u00f3\u00f0f\u00e9lagi og bera vir\u00f0ingu fyrir \u00f3l\u00edkri menningu", "gera s\u00e9r grein fyrir mikilv\u00e6gi \u00feess a\u00f0 bera \u00e1byrg\u00f0 \u00e1 eigin l\u00edkama og heilsu", "afla s\u00e9r frekara n\u00e1ms \u00ed greinunum", "fjalla um mismunandi st\u00f6rf \u00ed matv\u00e6la- og fer\u00f0a\u00fej\u00f3nustu", "vinna mismunandi st\u00f6rf \u00ed matv\u00e6la- og fer\u00f0a\u00fej\u00f3nustugreinum undir handlei\u00f0slu i\u00f0nmeistara og/e\u00f0a  tilsj\u00f3narmanns", "gera s\u00e9r grein fyrir mikilv\u00e6gi \u00feess a\u00f0 fylgja vi\u00f0urkenndum starfsa\u00f0fer\u00f0um sem nota\u00f0ar eru vi\u00f0 st\u00f6rf \u00ed fer\u00f0a- og matv\u00e6lai\u00f0na\u00f0i", "tengja mikilv\u00e6gi eigin hreinl\u00e6tis vi\u00f0  kr\u00f6fur um hreinl\u00e6ti sem ger\u00f0ar eru \u00ed \u00f6llum st\u00f6rfum (HACCP) \u00ed matv\u00e6lagreinum", "eiga samskipti vi\u00f0 f\u00f3lk bygg\u00f0 \u00e1 skilningi og vir\u00f0ingu", "bera \u00e1byrg\u00f0 \u00e1 eigin framkomu, hafa sk\u00fdra s\u00fdn \u00e1 \u00fej\u00f3nustuhlutverki\u00f0 og geta teki\u00f0 afst\u00f6\u00f0u til \u00e1litam\u00e1la sem kunna a\u00f0 koma upp", "meta \u00f6ryggi og a\u00f0b\u00fana\u00f0 \u00e1 vinnusta\u00f0 og geta brug\u00f0ist r\u00e9tt vi\u00f0 grunn\u00fe\u00e1ttum skyndihj\u00e1lpar"], "log": [], "organization": "N\u00e1mi\u00f0 er b\u00e6\u00f0i b\u00f3klegt og verklegt. Mestur hluti \u00feess fer fram \u00ed sk\u00f3la en \u00fe\u00f3 fara nemendur \u00ed 48 kennslustundir  \u00ed starfskynningu/starfs\u00fej\u00e1lfun \u00e1 vinnusta\u00f0. \u00dear \u00f6\u00f0last nemendur \u00feekkingu og leikni til a\u00f0 takast \u00e1 vi\u00f0 mismunandi st\u00f6rf sem tengjast fer\u00f0a- og  matv\u00e6lagreinum.  \nAlmennir b\u00f3klegir \u00e1fangar \u00ed sk\u00f3la eru \u00edslenska, enska og st\u00e6r\u00f0fr\u00e6\u00f0i og eru \u00feeir \u00e1 fyrsta \u00ferepi. Hafi nemandi n\u00e1\u00f0 l\u00e1gmarsk\u00e1rangri \u00far grunnsk\u00f3la tekur hann \u00e1fanga af \u00f6\u00f0ru \u00ferepi eftir \u00fev\u00ed sem vi\u00f0 \u00e1. Nemendur taka einnig tvo \u00ed\u00fer\u00f3tta\u00e1fanga.\nNemendur taka fagtengda \u00e1fanga \u00ed innraeftirliti og matv\u00e6la\u00f6ryggi, n\u00e6ringarfr\u00e6\u00f0i, \u00f6ryggism\u00e1l og skyndihj\u00e1lp, t\u00f6lvu\u00e1fanga og \u00f6rverufr\u00e6\u00f0i. Kj\u00f6rsvi\u00f0i\u00f0 er 40 feiningar og skiptist \u00ed fag- og \u00f6rverufr\u00e6\u00f0i matv\u00e6lagreina, verklega f\u00e6rni\u00fej\u00e1lfun fer\u00f0a- og matv\u00e6lagreina, verklega \u00fej\u00e1lfun \u00e1 vinnusta\u00f0 og tvo val\u00e1fanga sem eru \u00e1 s\u00e9rsvi\u00f0i hvers sk\u00f3lasv\u00e6\u00f0is. \u00cd \u00e1fanganum verkleg \u00fej\u00e1lfun \u00e1 vinnusta\u00f0 fara nemendur \u00ed starfskynningar \u00fear sem \u00feeir f\u00e1 t\u00e6kif\u00e6ri til a\u00f0 kynnast betur \u00feeim fer\u00f0a- og matv\u00e6lagreinum sem \u00feeir hafa \u00e1huga \u00e1.\nNemendur sem lj\u00faka \u00feeim \u00e1f\u00f6ngum sem eru \u00e1 brautinni f\u00e1 metnar sex vikur \u00far vinnusta\u00f0a\u00fe\u00e6tti n\u00e1msins sem starfs\u00fej\u00e1lfun \u00e1 \u00feeirri n\u00e1msbraut sem \u00feeir velja \u00ed framhaldi af grunn\u00e1msbrautinni.", "_id": "eb4f1690-a9a3-41a1-9369-2695786f719b", "programme_type_id": "543eb8bc414e522b86455190"}